{"administration":"pref21","administration_name":"Pr\u00e9fecture de C\u00f4te-d\u2019Or","content":"PR\u00c9FET\nDE LA C\u00d4TE-D'OR\nRECUEIL DES ACTES\nADMINISTRATIFS SP\u00c9CIAL\nN\u00b021-2024-073\nPUBLI\u00c9 LE 18 JUIN 2024\nSommaire\nDirection d\u00e9partementale des territoires de la C\u00f4te-d'Or /\n21-2024-06-14-00002 - Arr\u00eat\u00e9 pr\u00e9fectoral n\u00b0991 du 14 juin 2024\nportant\ncr\u00e9ation de la mission inter-services de l\u25a1eau\net de la nature de la\nC\u00f4te-d\u25a1Or (4 pages) Page 3\nDirection d\u00e9partementale des territoires de la C\u00f4te-d'Or / Service S\u00e9curit\u00e9 et\n\u00c9ducation Routi\u00e8re\n21-2024-06-18-00001 - AP 998 20240618 A39 TourDeFrance2024 RAA (4\npages) Page 8\nPr\u00e9fecture de la C\u00f4te-d'Or / Direction des Collectivit\u00e9s locales et des\nElections\n21-2024-06-16-00005 - Arr\u00eat\u00e9 pr\u00e9fectoral n\u00b0 980 instituant la commission de\npropagande \u00e9lectorale et fixant les dates et heures limites de remise des\ndocuments de propagande dans le cadre des \u00e9lections l\u00e9gislatives des 30\njuin et 7 juillets 2024 (3 pages) Page 13\n2\nDirection d\u00e9partementale des territoires de la\nC\u00f4te-d'Or\n21-2024-06-14-00002\nArr\u00eat\u00e9 pr\u00e9fectoral n\u00b0991 du 14 juin 2024\nportant cr\u00e9ation de la mission inter-services de\nl\u25a1eau\net de la nature de la C\u00f4te-d\u25a1Or\nDirection d\u00e9partementale des territoires de la C\u00f4te-d'Or - 21-2024-06-14-00002 - Arr\u00eat\u00e9 pr\u00e9fectoral n\u00b0991 du 14 juin 2024\nportant cr\u00e9ation de la mission inter-services de l\u25a1eau\net de la nature de la C\u00f4te-d\u25a1Or\n3\nPREFETDE LACOTE-D'ORLibert\u00e9Egalit\u00e9Fraternit\u00e9 misemMission Inter Servicesde l'Eau et de la Naturede la C\u00f4te-d'Or\nDirection d\u00e9partementale des territoires\nde la C\u00f4te-d'Or\nService de l'eau et des risques\nT\u00e9l\u00a0:\u00a003.80.29.43.57\nm\u00e9l\u00a0:\u00a0ddt-ser-pe@cote-dor.gouv.fr\nArr\u00eat\u00e9 pr\u00e9fectoral n\u00b0991 du 14 juin 2024\nportant\u00a0cr\u00e9ation\u00a0de\u00a0la\u00a0mission\u00a0inter-services\u00a0de\u00a0l'eau\net\u00a0de\u00a0la\u00a0nature\u00a0de\u00a0la\u00a0C\u00f4te-d'Or\nPr\u00e9fet\u00a0de\u00a0la\u00a0C\u00f4te-d'Or\nVU\u00a0le\u00a0code\u00a0de\u00a0l'environnement\u00a0;\nVU\u00a0 le\u00a0 d\u00e9cret\u00a0n\u00b02004-374\u00a0du \u00a0 29\u00a0 avril\u00a0 2004 \u00a0modifi\u00e9 \u00a0 relatif\u00a0aux \u00a0pouvoirs \u00a0des \u00a0pr\u00e9fets,\u00a0\u00e0\nl'organisation\u00a0et\u00a0\u00e0\u00a0l'action\u00a0des\u00a0services\u00a0de\u00a0l'\u00c9tat\u00a0dans\u00a0les\u00a0r\u00e9gions\u00a0et\u00a0d\u00e9partements;\nVU\u00a0 le \u00a0d\u00e9cret\u00a0n\u00b02023-876\u00a0du\u00a013\u00a0septembre\u00a02023\u00a0relatif\u00a0\u00e0\u00a0la\u00a0coordination\u00a0en\u00a0mati\u00e8re\u00a0de\npolitique\u00a0de\u00a0l'eau\u00a0et\u00a0de\u00a0la\u00a0nature\u00a0et\u00a0de\u00a0lutte\u00a0contre\u00a0les\u00a0atteintes\u00a0environnementales\u00a0;\nVU\u00a0l'arr\u00eat\u00e9\u00a0pr\u00e9fectoral\u00a0du\u00a018\u00a0novembre\u00a02011\u00a0portant\u00a0cr\u00e9ation\u00a0de\u00a0la\u00a0mission\u00a0inter-services\nde\u00a0l'eau\u00a0et\u00a0de\u00a0la\u00a0nature\u00a0;\nSUR\u00a0proposition\u00a0du\u00a0secr\u00e9taire\u00a0g\u00e9n\u00e9ral\u00a0de\u00a0la\u00a0pr\u00e9fecture\u00a0de\u00a0la\u00a0C\u00f4te-d'Or\u00a0;\nA R R \u00ca T E\nARTICLE 1  er     :  \u00a0\nIl\u00a0est\u00a0institu\u00e9\u00a0dans\u00a0le\u00a0d\u00e9partement\u00a0de\u00a0la\u00a0C\u00f4te-d'Or\u00a0une\u00a0mission\u00a0inter-services\u00a0de\u00a0l'eau\u00a0et\nde\u00a0la\u00a0nature\u00a0(MISEN)\u00a0plac\u00e9e\u00a0sous\u00a0l'autorit\u00e9\u00a0fonctionnelle\u00a0de\u00a0la\u00a0directrice\u00a0d\u00e9partementale\ndes\u00a0territoires\u00a0de\u00a0la\u00a0C\u00f4te-d'Or.\n1/4\nDirection\u00a0d\u00e9partementale\u00a0des\u00a0territoires\u00a0de\u00a0la\u00a0C\u00f4te-d'Or\n57 ,\u00a0rue\u00a0de\u00a0Mulhouse\u00a0-\u00a0BP\u00a053317\u00a0-\u00a021033\u00a0Dijon\u00a0CEDEX\nT\u00e9l.\u00a0:\u00a003\u00a080\u00a029\u00a044\u00a044\nCourriel\u00a0:\u00a0ddt@cote-dor.gouv.fr\u00a0-\u00a0Site\u00a0internet\u00a0:\u00a0\nhttp://www.cote-dor.gouv.fr\nDirection d\u00e9partementale des territoires de la C\u00f4te-d'Or - 21-2024-06-14-00002 - Arr\u00eat\u00e9 pr\u00e9fectoral n\u00b0991 du 14 juin 2024\nportant cr\u00e9ation de la mission inter-services de l\u25a1eau\net de la nature de la C\u00f4te-d\u25a1Or\n4\nARTICLE 2     :   \nLa\u00a0MISEN\u00a0de\u00a0la\u00a0C\u00f4te-d'Or\u00a0assure\u00a0les\u00a0missions\u00a0suivantes\u00a0:\n\u2022 la\u00a0d\u00e9clinaison,\u00a0la\u00a0mise\u00a0en\u00a0\u0153uvre\u00a0op\u00e9rationnelle,\u00a0la\u00a0coordination\u00a0et\u00a0l'\u00e9valuation\u00a0des\npolitiques\u00a0de\u00a0l'eau\u00a0et\u00a0de\u00a0la\u00a0nature\u00a0dans\u00a0le\u00a0d\u00e9partement \u00a0en\u00a0fonction\u00a0des\u00a0enjeux\nlocaux\u00a0qu'elle\u00a0d\u00e9finit,\u00a0\n\u2022 pour \u00a0 chaque \u00a0 politique \u00a0 publique \u00a0 connexe \u00a0 qui \u00a0 le \u00a0 n\u00e9cessite, \u00a0 l'\u00e9laboration \u00a0 d'une\nstrat\u00e9gie\u00a0 int\u00e9grant \u00a0 les \u00a0 enjeux \u00a0 de \u00a0 pr\u00e9servation \u00a0 de \u00a0 la \u00a0 ressource\u00a0 en \u00a0 eau \u00a0 et \u00a0 de \u00a0 la\nbiodiversit\u00e9,\u00a0en\u00a0associant\u00a0l'ensemble\u00a0des\u00a0administrations\u00a0concern\u00e9es,\n\u2022 l'\u00e9tablissement\u00a0 \u00e0\u00a0 l'\u00e9chelle\u00a0 du \u00a0 d\u00e9partement \u00a0 des \u00a0 plans, \u00a0 sch\u00e9mas, \u00a0 programmes\u00a0 et\nautres\u00a0documents\u00a0de\u00a0planification\u00a0n\u00e9cessaires\u00a0\u00e0\u00a0la\u00a0mise\u00a0en\u00a0\u0153uvre\u00a0des\u00a0politiques\u00a0de\nl'eau\u00a0et\u00a0de\u00a0la\u00a0nature,\u00a0\n\u2022 l'\u00e9tablissement\u00a0d'un\u00a0projet\u00a0de\u00a0plan\u00a0de\u00a0contr\u00f4le\u00a0inter-services\u00a0annuel\u00a0pour\u00a0l'eau\u00a0et\u00a0la\nnature\u00a0qui\u00a0d\u00e9cline\u00a0localement\u00a0les\u00a0orientations\u00a0nationales\u00a0de\u00a0contr\u00f4les\u00a0de\u00a0la\u00a0police\nde\u00a0l'eau,\u00a0de\u00a0la\u00a0nature\u00a0et\u00a0de\u00a0l'environnement\u00a0marin\u00a0ainsi\u00a0que\u00a0les\u00a0priorit\u00e9s\u00a0des\u00a0autres\npolitiques\u00a0connexes\u00a0ayant\u00a0une\u00a0incidence\u00a0sur\u00a0l'environnement.\nElle\u00a0a\u00a0pour\u00a0objectif\u00a0de\u00a0mobiliser\u00a0les\u00a0services\u00a0et\u00a0op\u00e9rateurs\u00a0de\u00a0l'\u00c9tat\u00a0pour\u00a0avoir\u00a0une\u00a0action\ncoordonn\u00e9e\u00a0combinant\u00a0leurs\u00a0diff\u00e9rents\u00a0leviers,\u00a0qu'ils\u00a0soient\u00a0r\u00e9glementaires\u00a0ou\u00a0financiers.\nLes \u00a0 membres \u00a0 de \u00a0 la \u00a0 MISEN \u00a0 se \u00a0 concentrent\u00a0 sur \u00a0 les \u00a0 sujets \u00a0 complexes \u00a0 n\u00e9cessitant \u00a0 une\ncoordination\u00a0et\u00a0une\u00a0mobilisation\u00a0collective.\u00a0\nARTICLE   3     :   Composition\nLa \u00a0MISEN\u00a0 de\u00a0la\u00a0C\u00f4te-d'Or,\u00a0pr\u00e9sid\u00e9e\u00a0par\u00a0le\u00a0pr\u00e9fet\u00a0ou\u00a0son\u00a0repr\u00e9sentant\u00a0et\u00a0anim\u00e9e\u00a0par\u00a0la\ndirectrice \u00a0 d\u00e9partementale \u00a0 des \u00a0 territoires, \u00a0 est \u00a0 compos\u00e9e \u00a0 des \u00a0 membres \u00a0 permanents\nsuivants\u00a0:\n\u2022 Direction\u00a0d\u00e9partementale\u00a0des\u00a0territoires\u00a0de\u00a0la\u00a0C\u00f4te-d'Or,\u00a0cheffe\u00a0de\u00a0la\u00a0mission\ninter-services\u00a0de\u00a0l'eau\u00a0et\u00a0de\u00a0la\u00a0nature,\n\u2022 Pr\u00e9fecture\u00a0de\u00a0la\u00a0C\u00f4te-d'Or,\n\u2022 Direction\u00a0d\u00e9partementale\u00a0de\u00a0la\u00a0protection\u00a0des\u00a0populations\u00a0de\u00a0la\u00a0C\u00f4te-d'Or,\n\u2022 Direction\u00a0r\u00e9gionale\u00a0de\u00a0l'environnement,\u00a0de\u00a0l'am\u00e9nagement\u00a0et\u00a0du\u00a0logement\u00a0de\nBourgogne-Franche-Comt\u00e9,\n\u2022 Direction \u00a0 r\u00e9gionale \u00a0 de \u00a0 l'environnement, \u00a0 de \u00a0 l'am\u00e9nagement \u00a0 et \u00a0 du \u00a0 logement\nAuvergne-Rh\u00f4ne-Alpes\u00a0(DREAL\u00a0police\u00a0de\u00a0l'eau\u00a0sur\u00a0l'axe\u00a0Sa\u00f4ne),\n\u2022 Agence\u00a0r\u00e9gionale\u00a0de\u00a0sant\u00e9\u00a0Bourgogne-Franche-Comt\u00e9,\n\u2022 Direction\u00a0r\u00e9gionale\u00a0de\u00a0l'alimentation,\u00a0de\u00a0l'agriculture\u00a0et\u00a0de\u00a0la\u00a0for\u00eat\u00a0Bourgogne-\nFranche-Comt\u00e9,\n\u2022 Direction \u00a0r\u00e9gionale \u00a0 et \u00a0 d\u00e9partementale \u00a0 de \u00a0 la \u00a0 jeunesse, \u00a0 des \u00a0 sports \u00a0 et \u00a0 de \u00a0 la\ncoh\u00e9sion\u00a0sociale\u00a0de\u00a0Bourgogne-Franche-Comt\u00e9,\n\u2022 Gendarmerie\u00a0Nationale,\n\u2022 Office\u00a0fran\u00e7ais\u00a0de\u00a0la\u00a0biodiversit\u00e9\u00a0de\u00a0C\u00f4te-d'Or,\n\u2022 Office\u00a0national\u00a0des\u00a0for\u00eats,\u00a0agence\u00a0territoriale\u00a0Bourgogne-Est,\n\u2022 Parc\u00a0national\u00a0de\u00a0for\u00eats,\n\u2022 Agence\u00a0de\u00a0l'Eau\u00a0Seine-Normandie\u00a0:\u00a0direction\u00a0territoriale\u00a0Seine\u00a0amont,\n\u2022 Agence\u00a0de\u00a0l'Eau\u00a0Rh\u00f4ne\u00a0M\u00e9diterran\u00e9e\u00a0Corse\u00a0:\u00a0d\u00e9l\u00e9gation\u00a0de\u00a0Besan\u00e7on,\n\u2022 Agence\u00a0de\u00a0l'Eau\u00a0Loire\u00a0Bretagne\nLe \u00a0 procureur \u00a0 de \u00a0 la \u00a0 R\u00e9publique \u00a0 ainsi \u00a0 que \u00a0 les \u00a0 magistrats \u00a0 du \u00a0parquet \u00a0 r\u00e9f\u00e9rents\n\u00ab\u00a0environnement\u00a0\u00bb\u00a0du\u00a0tribunal\u00a0judiciaire\u00a0de\u00a0Dijon\u00a0sont\u00a0membres\u00a0associ\u00e9s\u00a0de\u00a0la\u00a0MISEN.\u00a0Ils\nsont \u00a0 notamment \u00a0 associ\u00e9s, \u00a0 en \u00a0 lien \u00a0 avec \u00a0 l'exercice\u00a0 de \u00a0 leurs \u00a0 pr\u00e9rogatives\u00a0 judiciaires, \u00a0 \u00e0\nl'\u00e9laboration\u00a0du\u00a0projet\u00a0de\u00a0plan\u00a0de\u00a0contr\u00f4le\u00a0interservices\u00a0de\u00a0l'eau\u00a0et\u00a0de\u00a0la\u00a0nature.\u00a0\n2/4\nDirection d\u00e9partementale des territoires de la C\u00f4te-d'Or - 21-2024-06-14-00002 - Arr\u00eat\u00e9 pr\u00e9fectoral n\u00b0991 du 14 juin 2024\nportant cr\u00e9ation de la mission inter-services de l\u25a1eau\net de la nature de la C\u00f4te-d\u25a1Or\n5\nD'autres\u00a0membres\u00a0associ\u00e9s\u00a0peuvent\u00a0\u00eatre\u00a0convi\u00e9s\u00a0 en\u00a0fonction\u00a0des\u00a0th\u00e9matiques\u00a0abord\u00e9es\naux \u00a0 groupes \u00a0 techniques \u00a0 : \u00a0 conseil \u00a0 d\u00e9partemental, \u00a0 collectivit\u00e9s,\u00a0 \u00e9tablissements \u00a0 publics,\nassociations\u00a0environnementales,\u00a0syndicats \u00a0de\u00a0bassins,\u00a0associations\u00a0d'usagers,\u00a0chambres\nconsulaires,\u00a0experts.\nARTICLE   4     :   Organisation\nLa\u00a0MISEN\u00a0de\u00a0la\u00a0C\u00f4te-d'Or\u00a0s'organise\u00a0selon\u00a0deux\u00a0formations\u00a0:\n\u2022 Le  comit\u00e9  strat\u00e9gique \u00a0 regroupe, \u00a0 sous \u00a0 la \u00a0 pr\u00e9sidence \u00a0 du \u00a0 pr\u00e9fet \u00a0 ou \u00a0 de \u00a0 son\nrepr\u00e9sentant\u00a0et\u00a0en\u00a0pr\u00e9sence\u00a0du\u00a0procureur\u00a0de\u00a0la\u00a0R\u00e9publique,\u00a0les\u00a0directeurs\u00a0membres\npermanents\u00a0et\u00a0associ\u00e9s\u00a0de\u00a0la\u00a0MISEN.\u00a0Il\u00a0d\u00e9finit\u00a0les\u00a0enjeux\u00a0et\u00a0les\u00a0priorit\u00e9s\u00a0d'actions,\u00a0il\nfixe\u00a0et\u00a0valide\u00a0les\u00a0plans\u00a0d'actions\u00a0pour\u00a0l'ann\u00e9e\u00a0en\u00a0cours\u00a0et\u00a0r\u00e9alise\u00a0le\u00a0bilan\u00a0de\u00a0l'ann\u00e9e\n\u00e9coul\u00e9e.\u00a0Il\u00a0se\u00a0r\u00e9unit\u00a0au\u00a0moins\u00a0une\u00a0fois\u00a0par\u00a0an.\n\u2022 Le  comit\u00e9  permanent\u00a0 anim\u00e9 \u00a0 par \u00a0 la \u00a0 directrice \u00a0 d\u00e9partementale \u00a0 des \u00a0 territoires\nregroupe\u00a0 les\u00a0chefs\u00a0de\u00a0services \u00a0des \u00a0membres \u00a0permanents\u00a0 de\u00a0la\u00a0MISEN. \u00a0Il\u00a0a\u00a0pour\nobjet\u00a0de\u00a0mettre\u00a0en\u00a0\u0153uvre\u00a0les\u00a0orientations\u00a0strat\u00e9giques,\u00a0de\u00a0piloter\u00a0le\u00a0plan\u00a0d'actions\nop\u00e9rationnel\u00a0territorialis\u00e9,\u00a0de\u00a0valider\u00a0les\u00a0doctrines\u00a0et\u00a0documents \u00a0de\u00a0travail\u00a0ainsi\nque\u00a0de\u00a0coordonner\u00a0les\u00a0programmes\u00a0de\u00a0travail\u00a0et\u00a0les\u00a0priorit\u00e9s\u00a0de\u00a0services.\nQuatre \u00a0 groupes \u00a0 de \u00a0 travail \u00a0 sont \u00a0 constitu\u00e9s \u00a0 sur \u00a0 des \u00a0 th\u00e9matiques \u00a0 particuli\u00e8res \u00a0 et \u00a0 se\nr\u00e9unissent\u00a0au\u00a0moins\u00a0trois\u00a0fois\u00a0par\u00a0an.\u00a0La\u00a0directrice\u00a0d\u00e9partementale\u00a0des\u00a0territoires,\u00a0cheffe\nde \u00a0 la \u00a0 MISEN, \u00a0 confie \u00a0 l'animation \u00a0 et \u00a0 le \u00a0 pilotage \u00a0 des \u00a0 groupes \u00a0 de \u00a0 travail \u00a0 aux \u00a0 services\nconcern\u00e9s\u00a0:\n\u2022 gestion quantitative de la ressource en eau  \u2013 \u00a0pilot\u00e9\u00a0par\u00a0la\u00a0DDT,\u00a0service\u00a0eau\u00a0et\nrisques\n\u2022 captages et pollutions diffuses \u2013\u00a0pilot\u00e9\u00a0par\u00a0l'ARS\n\u2022 milieux aquatiques \u2013\u00a0pilot\u00e9\u00a0par\u00a0l'OFB,\u00a0service\u00a0d\u00e9partemental\n\u2022 milieux  terrestres  \u2013\u00a0pilot\u00e9\u00a0par\u00a0la\u00a0DDT,\u00a0service\u00a0pr\u00e9servation\u00a0et\u00a0am\u00e9nagement\u00a0de\nl'espace.\nUn\u00a0groupe\u00a0de\u00a0travail\u00a0technique,\u00a0pilot\u00e9\u00a0par\u00a0la\u00a0DDT,\u00a0d\u00e9di\u00e9\u00a0\u00e0\u00a0la\u00a0coordination\u00a0des\u00a0missions\u00a0de\ncontr\u00f4le,\u00a0est\u00a0charg\u00e9\u00a0d'\u00e9laborer\u00a0le\u00a0plan\u00a0de\u00a0contr\u00f4le\u00a0inter-services\u00a0de\u00a0la\u00a0police\u00a0de\u00a0l'eau\u00a0et\u00a0de\nla \u00a0 nature \u00a0en \u00a0 concertation \u00a0 avec \u00a0 le \u00a0 procureur \u00a0 de \u00a0 la \u00a0 R\u00e9publique \u00a0 et\u00a0 de \u00a0 suivre \u00a0 son\nd\u00e9roulement.\nA  RTICLE     5     :  \u00a0Instance de coordination MISEN / COLDEN\nLes \u00a0 membres\u00a0 permanents \u00a0 de \u00a0 la \u00a0 MISEN \u00a0 et \u00a0 du \u00a0 comit\u00e9\u00a0 op\u00e9rationnel \u00a0 de \u00a0 lutte \u00a0 contre\u00a0 la\nd\u00e9linquance\u00a0environnementale\u00a0(COLDEN)\u00a0se\u00a0r\u00e9unissent\u00a0au\u00a0moins\u00a0une\u00a0fois\u00a0par\u00a0an,\u00a0sous\u00a0la\npr\u00e9sidence\u00a0conjointe\u00a0du\u00a0pr\u00e9fet\u00a0et\u00a0du\u00a0procureur\u00a0de\u00a0la\u00a0R\u00e9publique.\nCette\u00a0instance\u00a0a\u00a0pour\u00a0objectif\u00a0de\u00a0:\u00a0\n\u2022 dresser\u00a0un\u00a0\u00e9tat\u00a0des\u00a0lieux\u00a0des\u00a0atteintes\u00a0\u00e0\u00a0l'environnement\u00a0dans\u00a0le\u00a0d\u00e9partement\u00a0ainsi\nqu'un\u00a0bilan\u00a0des\u00a0suites\u00a0apport\u00e9es\u00a0aux\u00a0proc\u00e9dures\u00a0administratives\u00a0et\u00a0judiciaires\u00a0en\u00a0la\nmati\u00e8re\u00a0au\u00a0cours\u00a0de\u00a0l'ann\u00e9e\u00a0pr\u00e9c\u00e9dente,\n\u2022 valider\u00a0le\u00a0projet\u00a0de\u00a0plan\u00a0de\u00a0contr\u00f4le\u00a0inter-services\u00a0de\u00a0la\u00a0police\u00a0de\u00a0l'eau\u00a0et\u00a0de\u00a0la\nnature,\n\u2022 d\u00e9finir \u00a0 des \u00a0 axes \u00a0 prioritaires \u00a0 dans \u00a0 les \u00a0 actions \u00a0 de \u00a0 lutte \u00a0 contre \u00a0 les \u00a0 atteintes\nenvironnementales,\n\u2022 communiquer\u00a0de\u00a0mani\u00e8re\u00a0adapt\u00e9e\u00a0sur\u00a0les\u00a0actions\u00a0men\u00e9es.\n3/4\nDirection d\u00e9partementale des territoires de la C\u00f4te-d'Or - 21-2024-06-14-00002 - Arr\u00eat\u00e9 pr\u00e9fectoral n\u00b0991 du 14 juin 2024\nportant cr\u00e9ation de la mission inter-services de l\u25a1eau\net de la nature de la C\u00f4te-d\u25a1Or\n6\nA  RTICLE     6     :  \u00a0\nL'arr\u00eat\u00e9\u00a0pr\u00e9fectoral\u00a0du\u00a018\u00a0novembre\u00a02011\u00a0portant\u00a0cr\u00e9ation\u00a0de\u00a0la\u00a0mission\u00a0inter-services\u00a0de\nl'eau\u00a0et\u00a0de\u00a0la\u00a0nature\u00a0est\u00a0abrog\u00e9.\nARTICLE   7     :   Publication\nLe\u00a0pr\u00e9sent\u00a0arr\u00eat\u00e9\u00a0sera\u00a0publi\u00e9\u00a0au\u00a0recueil\u00a0des\u00a0actes\u00a0administratifs\u00a0de\u00a0la\u00a0pr\u00e9fecture\u00a0de\u00a0la\nC\u00f4te-d'Or \u00a0 ainsi \u00a0 que \u00a0 sur \u00a0 le \u00a0 site \u00a0 internet \u00a0 des \u00a0 services \u00a0 de \u00a0l'\u00c9tat\u00a0 en \u00a0 C\u00f4te-d'Or \u00a0 -\nhttp://www.cote-dor.gouv.fr\nARTICLE   8     :   Ex\u00e9cution\nLe\u00a0secr\u00e9taire\u00a0g\u00e9n\u00e9ral\u00a0de\u00a0la\u00a0pr\u00e9fecture\u00a0de\u00a0la\u00a0C\u00f4te-d'Or,\u00a0la\u00a0directrice\u00a0d\u00e9partementale\u00a0des\nterritoires\u00a0sont\u00a0charg\u00e9s,\u00a0chacun\u00a0en\u00a0ce\u00a0qui\u00a0le\u00a0concerne,\u00a0d'assurer\u00a0l'ex\u00e9cution\u00a0du\u00a0pr\u00e9sent\narr\u00eat\u00e9.\nFait\u00a0\u00e0\u00a0Dijon,\u00a0le\u00a014\u00a0juin\u00a02024\nLe\u00a0pr\u00e9fet,\nsign\u00e9\nFranck\u00a0ROBINE\n4/4\nDirection d\u00e9partementale des territoires de la C\u00f4te-d'Or - 21-2024-06-14-00002 - Arr\u00eat\u00e9 pr\u00e9fectoral n\u00b0991 du 14 juin 2024\nportant cr\u00e9ation de la mission inter-services de l\u25a1eau\net de la nature de la C\u00f4te-d\u25a1Or\n7\nDirection d\u00e9partementale des territoires de la\nC\u00f4te-d'Or\nService S\u00e9curit\u00e9 et \u00c9ducation Routi\u00e8re\n21-2024-06-18-00001\nAP 998 20240618 A39 TourDeFrance2024 RAA\nDirection d\u00e9partementale des territoires de la C\u00f4te-d'Or - 21-2024-06-18-00001 - AP 998 20240618 A39 TourDeFrance2024 RAA 8\nPREFETDE LACOTE-D'ORL,z'berte'Egalit\u00e9Fraternit\u00e9\nDirection d\u00e9partementale des territoires\nde la C\u00f4te-d'Or\nService de la S\u00e9curit\u00e9 et de l'\u00c9ducation Routi\u00e8re\nBureau de la S\u00e9curit\u00e9 Routi\u00e8re\nT\u00e9l. : 03 80 29 44 75\nM\u00e9l : vanessa2.martin@cote-dor.gouv.fr \nDijon, le 18 juin 2024\nArr\u00eat\u00e9 N\u00b0 998\nportant r\u00e9glementation temporaire de la circulation sur l'autoroute A39 \u00e0 l'occasion du\npassage du Tour De France 2024, 6\u00e8me \u00e9tape .\n \nLe pr\u00e9fet de la C\u00f4te-d'Or\nVU le Code de la Route, notamment ses articles R411-8 et R411-25 ;\nVU l'Arr\u00eat\u00e9 Interminist\u00e9riel du  24 novembre 1967  modifi\u00e9 relatif  \u00e0  la signalisation  des\nroutes et autoroutes ;\nVU l'Instruction  Interminist\u00e9rielle  sur  la  signalisation  routi\u00e8re  (Livre  1,  8\u00e8me  partie,\nsignalisation  temporaire)  approuv\u00e9e  par  l'Arr\u00eat\u00e9  Interminist\u00e9riel  du  6  novembre  1992\nmodifi\u00e9 ;\nVU la note technique du 14 avril 2016 du Minist\u00e8re de l'Environnement de l'\u00c9nergie et de la\nMer, relative \u00e0 la coordination des chantiers sur le r\u00e9seau national ;\nVU l'arr\u00eat\u00e9 pr\u00e9fectoral n\u00b0612 du 20 ao\u00fbt 2019 portant r\u00e9glementation permanente de la\ncirculation pour l'exploitation des chantiers courants sur les autoroutes conc\u00e9d\u00e9es \u00e0 APRR\ndans le d\u00e9partement de la C\u00f4te-d'Or ;\nVU l'arr\u00eat\u00e9 pr\u00e9fectoral n\u00b0 1438/SG du 29 septembre 2023 donnant d\u00e9l\u00e9gation de signature\n\u00e0 Madame Florence LAUBIER, Directrice D\u00e9partementale des Territoires de la C\u00f4te-d'Or ;\nVU l'arr\u00eat\u00e9 pr\u00e9fectoral n\u00b043 du 10 janvier 2024 portant d\u00e9l\u00e9gation de signature aux agents\nDirection d\u00e9partementale des territoires de la C\u00f4te-d'Or\n57 rue de Mulhouse- BP 53317 - 21033 DIJON cedex\nt\u00e9l : 03 80 29 44 44 \u2013 Courriel : ddt@cote-dor.gouv.fr\nDirection d\u00e9partementale des territoires de la C\u00f4te-d'Or - 21-2024-06-18-00001 - AP 998 20240618 A39 TourDeFrance2024 RAA 9\n2\nde la Direction D\u00e9partementale des Territoires de la C\u00f4te-d'Or ;\nVU la note du 2 f\u00e9vrier 2024 du Minist\u00e8re de la Transition \u00c9cologique et Solidaire, Minist\u00e8re\ncharg\u00e9 des Transports, fixant le calendrier des jours hors chantiers pour l'ann\u00e9e 2024 ;\nCONSID\u00c9RANT que pour l'organisation de la 6  \u00e9tape du Tour de France cycliste dans le\u1d49\nd\u00e9partement de la C\u00f4te-d'Or le jeudi 4 juillet 2024, il y a lieu de prendre des mesures de\npolice portant restriction de circulation afin d'assurer l'ordre public et la s\u00e9curit\u00e9 de la\ncirculation et des usagers ;\nCONSID\u00c9RANT qu'il y a lieu d'assurer la s\u00e9curit\u00e9 et la protection des usagers, des agents\nd'APRR et de r\u00e9duire, autant que possible, les entraves \u00e0 la circulation provoqu\u00e9es par la\nmanifestation ;\nSUR proposition de Madame la Directrice D\u00e9partementale des Territoires de la C\u00f4te-d'Or,\nARR\u00caTE\nArticle 1  er     :  \nLe jeudi 4 juillet 2024, \u00e0 l'occasion de la 6\u1d49 \u00e9tape du Tour De France 2024, des mesures de\nrestrictions de circulation seront prises sur l'autoroute A39, au niveau de la sortie sens 1 du\ndiffuseur de Neuilly les Dijon (n\u00b02) au PR 1 et au droit de l'\u00e9changeur A39/M274 au PR 0\nArticle 2     :  \nLe chantier est class\u00e9 en \u00ab  chantier non courant  \u00bb en raison de la d\u00e9rogation aux articles\nde l'arr\u00eat\u00e9 permanent d'exploitation sous chantier suivants :\n\uf0b7 L'inter distance entre ce chantier et un autre chantier pourra \u00eatre r\u00e9duite \u00e0 3 km\n\uf0b7 Le d\u00e9bit pr\u00e9visible par voie laiss\u00e9e libre \u00e0 la circulation pourra d\u00e9passer 1200 v\u00e9h/h\n\uf0b7 Une d\u00e9viation pourra \u00eatre mise en place\nArticle 3     :  \nPour l'ex\u00e9cution des restrictions de circulation, les mesures d'exploitation et de police\nsuivantes seront mises en \u0153uvre :\nDirection d\u00e9partementale des territoires de la C\u00f4te-d'Or\n57 rue de Mulhouse- BP 53317 - 21033 DIJON cedex\nt\u00e9l : 03 80 29 44 44 \u2013 Courriel : ddt@cote-dor.gouv.fr\nDirection d\u00e9partementale des territoires de la C\u00f4te-d'Or - 21-2024-06-18-00001 - AP 998 20240618 A39 TourDeFrance2024 RAA 10\n3\n\uf0b7 Fermeture de la sortie sens 1 du diffuseur de Neuilly Les Dijon (n\u00b02) le jeudi 4 juillet\n2024 de 14h \u00e0 18h\n\uf0b7 D\u00e9lestage  de  la  circulation  de  l'autoroute  A39  sens  2  au  droit  de  l'\u00e9changeur\nA39/M274 le jeudi 4 juillet 2024 de 10h \u00e0 19h30.\nLe d\u00e9lestage est accompagn\u00e9 d'une restriction de voie de gauche qui d\u00e9marre en amont\nau PR1+800\nArticle 4 :\nDes mesures d'information des usagers seront prises par le canal :\n- de messages sur les Panneaux \u00e0 Messages Variables (PMV) situ\u00e9s en section courante\nde l'autoroute,\n- de messages sur PMVA situ\u00e9 en entr\u00e9e des gares de p\u00e9age,\n- de messages sur \u00ab Autoroute Info 107 .7 \u00bb,\n- du service d'information vocale autoroutier,\n- du site internet www.aprr.fr.\nArticle 5     :  \nLa Direction D\u00e9partementale des Territoires de la C\u00f4te d'Or devra \u00eatre avertie \u00e0 l'avance\nde la mise en place ou du report et en temps r\u00e9el de la fin des mesures d'exploitation,\nainsi  qu'en  cas  d'\u00e9v\u00e9nement  entra\u00eenant  une  g\u00eane  importante  \u00e0  la  circulation,\nparticuli\u00e8rement en cas d'application du Plan de Gestion de Trafic, et des mesures prises \u00e0\ncet effet.\nArticle 6     :  \nLa signalisation des chantiers devra \u00eatre conforme aux prescriptions r\u00e9glementaires, en\nparticulier \u00e0 celles de l'Instruction Interminist\u00e9rielle sur la Signalisation Routi\u00e8re (8\u00e8me\npartie - Signalisation Temporaire) ainsi qu'aux guides techniques du SETRA subs\u00e9quents :\n- Routes \u00e0 chauss\u00e9es s\u00e9par\u00e9es \u2013 Manuel du Chef de Chantier\n- Choix d'un mode d'exploitation.\nLa mise en place et le maintien de la signalisation temporaire de ces chantiers seront\nassur\u00e9s sous le contr\u00f4le et la responsabilit\u00e9 des services d'APRR.\nLes forces de s\u00e9curit\u00e9 int\u00e9rieure seront pr\u00e9sentes pour accompagner les agents d'APRR\nafin de faire respecter les mesures de police n\u00e9cessaires \u00e0 la mise en place des balisages et\nsignalisations temporaires (ralentissement de la circulation, fermeture de section courante\nou de bretelles) ainsi qu'\u00e0 la r\u00e9alisation des travaux.\nToutefois, dans l'hypoth\u00e8se o\u00f9, une fois requises, les forces de s\u00e9curit\u00e9 int\u00e9rieure, seraient\ndans l'impossibilit\u00e9 d'\u00eatre pr\u00e9sentes, les agents d'APRR seront autoris\u00e9s \u00e0 r\u00e9aliser seuls ces\nop\u00e9rations.\nDirection d\u00e9partementale des territoires de la C\u00f4te-d'Or\n57 rue de Mulhouse- BP 53317 - 21033 DIJON cedex\nt\u00e9l : 03 80 29 44 44 \u2013 Courriel : ddt@cote-dor.gouv.fr\nDirection d\u00e9partementale des territoires de la C\u00f4te-d'Or - 21-2024-06-18-00001 - AP 998 20240618 A39 TourDeFrance2024 RAA 11\n4\nArticle 7     :  \nLe pr\u00e9sent arr\u00eat\u00e9 peut faire l'objet d'un recours gracieux aupr\u00e8s  du pr\u00e9fet et/ou d'un\nrecours contentieux devant le tribunal administratif dans un d\u00e9lai de 2 mois \u00e0 compter de\nsa notification.\nLe tribunal administratif peut \u00eatre saisi par un recours d\u00e9pos\u00e9 via l'application T\u00e9l\u00e9recours\ncitoyens accessible par le site internet www.telerecours.fr \u00bb.\nArticle 8     :  \n-  Le Directeur de Cabinet du pr\u00e9fet de la C\u00f4te-d'Or,\n- Le Commandant  de  la  R\u00e9gion  de  Gendarmerie  de  Bourgogne-Franche-Comt\u00e9  et  du\nGroupement de C\u00f4te-d'Or,\n-  Le Directeur d'exploitation d'APRR,\nsont charg\u00e9s, chacun en ce qui le concerne, de l'ex\u00e9cution du pr\u00e9sent arr\u00eat\u00e9.\nLe pr\u00e9sent arr\u00eat\u00e9 sera publi\u00e9 au recueil des actes administratifs de la Pr\u00e9fecture de C\u00f4te-\nd'Or.\nUne copie du pr\u00e9sent arr\u00eat\u00e9 sera adress\u00e9e pour information :\n- au Directeur G\u00e9n\u00e9ral des Infrastructures des Transports et de la Mer du MTECT,\n- au Directeur D\u00e9partemental des Services d'Incendie et de Secours de la C\u00f4te-d'Or,\n- au SAMU de Dijon.\nFait \u00e0 Dijon, le 18 juin 2024\nLe pr\u00e9fet,\nPour le pr\u00e9fet, par d\u00e9l\u00e9gation,\nLa directrice d\u00e9partementale des\nterritoires,\nSIGN\u00c9\nFlorence LAUBIER\nDirection d\u00e9partementale des territoires de la C\u00f4te-d'Or\n57 rue de Mulhouse- BP 53317 - 21033 DIJON cedex\nt\u00e9l : 03 80 29 44 44 \u2013 Courriel : ddt@cote-dor.gouv.fr\nDirection d\u00e9partementale des territoires de la C\u00f4te-d'Or - 21-2024-06-18-00001 - AP 998 20240618 A39 TourDeFrance2024 RAA 12\nPr\u00e9fecture de la C\u00f4te-d'Or\nDirection des Collectivit\u00e9s locales et des\nElections \n21-2024-06-16-00005\nArr\u00eat\u00e9 pr\u00e9fectoral n\u00b0 980 instituant la\ncommission de propagande \u00e9lectorale et fixant\nles dates et heures limites de remise des\ndocuments de propagande dans le cadre des\n\u00e9lections l\u00e9gislatives des 30 juin et 7 juillets 2024\nPr\u00e9fecture de la C\u00f4te-d'Or - 21-2024-06-16-00005 - Arr\u00eat\u00e9 pr\u00e9fectoral n\u00b0 980 instituant la commission de propagande \u00e9lectorale et\nfixant les dates et heures limites de remise des documents de propagande dans le cadre des \u00e9lections l\u00e9gislatives des 30 juin et 7\njuillets 2024\n13\nExPREFETDE LACOTE-D'ORLibert\u00e9Egalit\u00e9Fraternit\u00e9\nDirection des Collectivit\u00e9s Locales et des \u00c9lections\nAffaire suivie par Claire BROUSSE/ Delphine HORNY                   Dijon, le 16 juin 2024  \nBureau des \u00e9lections et de la r\u00e9glementation\nT\u00e9l : 03 80 44 65 40/65 41\nm\u00e9l : pref-elections@cote-dor.gouv.fr\nArr\u00eat\u00e9 N\u00b0 980\nInstituant la commission de propagande \u00e9lectorale et fixant les dates et heures\nlimites de remise des documents de propagande dans le cadre des \u00e9lections\nl\u00e9gislatives des 30 juin et 7 juillet 2024\nLe pr\u00e9fet de la r\u00e9gion Bourgogne-Franche-Comt\u00e9\nPr\u00e9fet de la C\u00f4te-d'Or\nVU le code \u00e9lectoral et notamment les articles L.166, R.31 et R.32 du code \u00e9lectoral ;\nVU le  2024-527  du  9  juin  2024  portant  convocation  des  \u00e9lecteurs  pour  l'\u00e9lection  des  d\u00e9put\u00e9s  \u00e0\nl'Assembl\u00e9e nationale ;\nVU l'ordonnance du 14 juin 2024 de la Premi\u00e8re Pr\u00e9sidente de la Cour d'Appel ;\nVU le courriel du 11 juin 2024 de l'Animateur de l'Excellence Logistique du groupe La Poste  ;\nSUR proposition du Secr\u00e9taire G\u00e9n\u00e9ral de la Pr\u00e9fecture de la C\u00f4te d'Or ;\nARR\u00caTE\nArticle  1er :  Il  est  institu\u00e9  dans  le  d\u00e9partement  de  la  C\u00f4te-d'Or  une  commission  de  propagande\n\u00e9lectorale  comp\u00e9tente  pour  les  cinq  circonscriptions  \u00e0  l'occasion  des  \u00e9lections  l\u00e9gislatives  qui  se\nd\u00e9rouleront les 30 juin et 7 juillet 2024.\nArticle 2 : Cette commission est compos\u00e9e comme suit pour le premier tour de scrutin:\nPr\u00e9sident :\nTitulaire :\nMonsieur Julien ALBOUZE, juge au Tribunal Judiciaire de DIJON\nSuppl\u00e9ant  e   :\n  Madame Aude RICHARD, Vice-Pr\u00e9sidente du Tribunal Judiciaire de DIJON\nPr\u00e9fecture de la C\u00f4te-d'Or\nDirection des collectivit\u00e9s locales et des \u00e9lections\nBureau des \u00e9lections et de la r\u00e9glementation\npref-elections@cote-dor.gouv.fr\nPr\u00e9fecture de la C\u00f4te-d'Or - 21-2024-06-16-00005 - Arr\u00eat\u00e9 pr\u00e9fectoral n\u00b0 980 instituant la commission de propagande \u00e9lectorale et\nfixant les dates et heures limites de remise des documents de propagande dans le cadre des \u00e9lections l\u00e9gislatives des 30 juin et 7\njuillets 2024\n14\nFonctionnaire d\u00e9sign\u00e9 par le Pr\u00e9fet : \nMonsieur Jean-Luc MILANI, Directeur des collectivit\u00e9s locales et des \u00e9lections  \u00e0 la pr\u00e9fecture de\nla C\u00f4te-d'Or qui pourra \u00eatre suppl\u00e9\u00e9 par Madame Claire BROUSSE, chef du bureau des \u00e9lections\net de la r\u00e9glementation ou par son adjointe, Madame Delphine HORNY.\nFonctionnaire d\u00e9sign\u00e9 par le Directeur d\u00e9partemental de la Poste :\nTitulaire :\nMadame Esther DONZEL-SARRE\nSuppl\u00e9ant :\nMonsieur Laurent BERLANGA\nArticle 3 : Pour le second tour de scrutin, la commission est compos\u00e9e des membres suivants :\nPr\u00e9sident :\nTitulaire :\nMadame Sabrina DERAIN, juge au Tribunal Judiciaire de DIJON\nSuppl\u00e9ant :\n            Madame Nathalie POUX, pr\u00e9sidente du Tribunal Judiciaire de Dijon\nFonctionnaire d\u00e9sign\u00e9 par le Pr\u00e9fet : \nMonsieur Jean-Luc MILANI, Directeur des collectivit\u00e9s locales et des \u00e9lections \u00e0 la pr\u00e9fecture de\nla C\u00f4te-d'Or qui pourra \u00eatre suppl\u00e9\u00e9 par Madame Claire BROUSSE, chef du bureau des \u00e9lections\net de la r\u00e9glementation ou par son adjointe, Madame Delphine HORNY.\nFonctionnaire d\u00e9sign\u00e9 par le Directeur d\u00e9partemental de la Poste :\nTitulaire :\nMadame Esther DONZEL-SARRE\nSuppl\u00e9ant :\nMonsieur Laurent BERLANGA\nArticle 4 : Le si\u00e8ge administratif de la commission se situe \u00e0 la Pr\u00e9fecture de la C\u00f4te-d'Or et pourra \u00eatre\ntransf\u00e9r\u00e9 en tant que de besoin sur le lieu de mise sous pli.\nArticle 5 : Les circulaires et bulletins de vote devront \u00eatre remis par les candidats \u00e0 l'adresse suivante:\nPour le 1er tour de scrutin :\n    \u2022  Le mardi 18 juin 2024 \u00e0 18h \nLes documents devront \u00eatre livr\u00e9s aupr\u00e8s du routeur charg\u00e9 de la mise sous pli et de l'envoi des\nbulletins de vote aux mairies \u00e0 l'adresse suivante :\nPr\u00e9fecture de la C\u00f4te-d'Or\nDirection des collectivit\u00e9s locales et des \u00e9lections\nBureau des \u00e9lections et de la r\u00e9glementation\npref-elections@cote-dor.gouv.fr\nPr\u00e9fecture de la C\u00f4te-d'Or - 21-2024-06-16-00005 - Arr\u00eat\u00e9 pr\u00e9fectoral n\u00b0 980 instituant la commission de propagande \u00e9lectorale et\nfixant les dates et heures limites de remise des documents de propagande dans le cadre des \u00e9lections l\u00e9gislatives des 30 juin et 7\njuillets 2024\n15\n3MA GROUP\n9 RUE DR MANFRED BEHR \n68250 ROUFFACH\nHoraires de livraison : du mercredi 12 au vendredi 14 juin 8h \u2013 18h, samedi 15 juin 7h-12h, lundi 17 juin\n7h-20h et mardi 18 juin 7h-18h.\nPrise  de  rendez-vous  48h  avant  aupr\u00e8s  de  Monsieur  Thierry  HEIMBURGER  03  89  73  28  70/\nt.heimburger@3magroup.com  ou  Antoine  FAEDY  --  03  89  49  59  43  \u2013  06  09  43  54  06  \u2013\na.faedy@3magroup.com).\nLa livraison sous forme encart\u00e9e est interdite.\nPour le 2  tour\u1d49     de scrutin   :\n    \u2022 Le mercredi 3 juillet 2024 \u00e0 10h\nLes documents devront \u00eatre livr\u00e9s \u00e0 l'adresse suivante :\nPARC DES EXPOSITIONS\nHALL 2 ETAGE \u2013 MISE SOUS PLIS\nAvenue des Grands Ducs d'Occident\n21000 DIJON\nHoraires de livraison     : lundi 1er juillet et mardi 2 juillet 8h30-12h et 13h30 \u2013 16h30 et mercredi 3 juillet de \n8h30 \u00e0 12h. Contact sur place : 03 80 77 39 49.\nLa livraison sous forme encart\u00e9e est interdite.\nL'envoi des documents remis post\u00e9rieurement aux dates et heures fix\u00e9es ci-dessus  ne pourra \u00eatre\nassur\u00e9 par la commission de propagande.\nArticle 6 : La commission se r\u00e9unira :\n\u2022 P  our le 1er tour de scrutin  , le  mardi 18 juin \u00e0 18h  en Salle ERIGNAC \u00e0 la Cit\u00e9 Administrative\nDampierre - 6 Rue Chancelier de l'Hospital \u00e0 Dijon.\n\u2022 Pour le 2\u00e8me tour de scrutin  , le mercredi 3 juillet \u00e0 11h au Parc des expositions hall 2 Avenue des\nGrands Ducs d'Occident \u00e0 Dijon.\nChaque candidat ou son repr\u00e9sentant d\u00fbment mandat\u00e9 peut participer aux travaux de la commission\navec voix consultative.\nArticle 7 : Monsieur Thomas GEVREY, attach\u00e9 d'administration de l'Etat , est charg\u00e9 des fonctions de\nsecr\u00e9taire de la commission de propagande.\nArticle 8 : Le Secr\u00e9taire G\u00e9n\u00e9ral de la Pr\u00e9fecture de la C\u00f4te d'Or est charg\u00e9 de l'ex\u00e9cution du pr\u00e9sent\narr\u00eat\u00e9 qui sera publi\u00e9 au Recueil des Actes Administratifs de la Pr\u00e9fecture de la C\u00f4te-d'Or.\nFait \u00e0 Dijon, le 16 juin 2024\nPour le Pr\u00e9fet et par d\u00e9l\u00e9gation,\nLe Secr\u00e9taire G\u00e9n\u00e9ral,\nSign\u00e9 : Johann MOUGENOT\nPr\u00e9fecture de la C\u00f4te-d'Or\nDirection des collectivit\u00e9s locales et des \u00e9lections\nBureau des \u00e9lections et de la r\u00e9glementation\npref-elections@cote-dor.gouv.fr\nPr\u00e9fecture de la C\u00f4te-d'Or - 21-2024-06-16-00005 - Arr\u00eat\u00e9 pr\u00e9fectoral n\u00b0 980 instituant la commission de propagande \u00e9lectorale et\nfixant les dates et heures limites de remise des documents de propagande dans le cadre des \u00e9lections l\u00e9gislatives des 30 juin et 7\njuillets 2024\n16","date":"2024-06-18","first_seen_on":"2025-09-14T12:46:19+00:00","id":"1713fd3f54b91faada225b5bf79fcbe489cb6fca8571cf10ff5dd2994a459cf4","name":"RAA n\u00b0 073 du 18 juin 2024","pdf_creation_date":"2024-06-18T13:26:56+00:00","pdf_modification_date":null,"timezone":"Europe/Paris","url":"https://www.cote-dor.gouv.fr/contenu/telechargement/21610/165344/file/recueil-21-2024-073-recueil-des-actes-administratifs-special.pdf"}
