{"administration":"pref30","administration_name":"Pr\u00e9fecture du Gard","content":"PR\u00c9FET\nDU GARD\nRECUEIL DES ACTES\nADMINISTRATIFS SP\u00c9CIAL\nN\u00b030-2025-095\nPUBLI\u00c9 LE  3 JUIN 2025\nSommaire\nDirection D\u00e9partementale des Tetrritoires et de la Mer du Gard /\n30-2025-06-03-00007 - Arr\u00eat\u00e9 portant organisation de la direction\nd\u00e9partementale des territoires et de la mer du Gard (4 pages) Page 3\n30-2025-06-02-00003 - Arr\u00eat\u00e9 pr\u00e9fectoral rendant redevable d'une\nastreinte administrative le Syndicat intercommunal de sauvegarde et\nd'exploitation du canal de Boucoiran jusqu'\u00e0 mise en oeuvre des\nprescriptions de l'arr\u00eat\u00e9 de mise en demeure n\u00b030-2024-10-11-00002  (4\npages) Page 8\nDirection D\u00e9partementale des Tetrritoires et de la Mer du Gard / SERVICE\nAMENAGEMENT TERRITORIAL CEVENNES\n30-2025-06-03-00001 - arr\u00eat\u00e9 d'opposition \u00e0 une d\u00e9claration\npr\u00e9alable n\u00b0 DP 030 179 25 00009 d\u00e9pos\u00e9e par DE GERIN Benoit\npour l'installation d'une centrale photovolta\u00efque au sol sur la commune\nde MONTFRIN  (4 pages) Page 13\nPrefecture du Gard /\n30-2025-06-03-00004 - AP VIDEOPROTECTION MAIRIE CAISSARGUES 2025\n(4 pages) Page 18\n30-2025-06-03-00002 - AP VIDEOPROTECTION MAIRIE MUS 2025 (3 pages) Page 23\n30-2025-06-03-00003 - AP VIDEOPROTECTION MAIRIE ST QUENTIN LA\nPOTERIE 2025 (5 pages) Page 27\n30-2025-06-02-00002 - arrete portant habilitation d'un animateur\nintervenant en musique de l'association \"la voix du Katang\" au centre de\nr\u00e9tetnion administrative de N\u00eemes (1 page) Page 33\nPrefecture du Gard / SAPSI\n30-2025-06-03-00006 - Arr\u00eat\u00e9 N\u00b030-2025-06-03-00006 portant\ninterdiction des rassemblements festifs \u00e0 caract\u00e8re musical et\ninterdiction de circulation des poids lourds transportant du mat\u00e9riel de\nsons \u00e0 destination d'un rassemblement festif \u00e0 caract\u00e8re musical\nnon autoris\u00e9 dans le d\u00e9partement du Gard du jeudi 5 au mardi 10 juin\n2025. (4 pages) Page 35\n2\nDirection D\u00e9partementale des Tetrritoires et de\nla Mer du Gard\n30-2025-06-03-00007\nArr\u00eat\u00e9 portant organisation de la direction\nd\u00e9partementale des territoires et de la mer du\nGard\nDirection D\u00e9partementale des Tetrritoires et de la Mer du Gard - 30-2025-06-03-00007 - Arr\u00eat\u00e9 portant organisation de la direction\nd\u00e9partementale des territoires et de la mer du Gard 3\nPREFETDU GARDLibert\u00e9Egalit\u00e9Fraternit\u00e9\nDirection d\u00e9partementale\ndes territoires et de la mer\nARR\u00caT\u00c9 N\u00b0\nportant organisation de la direction d\u00e9partementale\n des territoires et de la mer du Gard\nLe pr\u00e9fet du Gard\nChevalier de la L\u00e9gion d'honneur,\nOfficier de l'ordre national du M\u00e9rite\nVu la loi n\u00b082-213 du 2 mars 1982 modifi\u00e9e relative aux droits et libert\u00e9s des communes, des \nd\u00e9partements et des r\u00e9gions ;\nVu la loi n\u00b083-8 du 7 janvier 1983 relative \u00e0 la r\u00e9partition de comp\u00e9tences entre les communes et les \nd\u00e9partements ;\nVu la loi d'orientation n\u00b092-125 du 6 f\u00e9vrier 1992 modifi\u00e9e relative \u00e0 l'administration territoriale de \nl'\u00c9tat,\nVu la loi n\u00b095-115 du 4 f\u00e9vrier 1995 modifi\u00e9e, d'orientation pour l'am\u00e9nagement et le d\u00e9veloppement du \nterritoire ;\nVu la loi n\u00b02004-809 du 13 ao\u00fbt 2004 relative aux libert\u00e9s et responsabilit\u00e9s locales ;\nVu la loi n\u00b0 2019-828 du 6 ao\u00fbt 2019 portant transformation de la fonction publique ; \nVu l'article L 251-1 du code g\u00e9n\u00e9ral de la fonction publique ;\nVu le d\u00e9cret n\u00b02004-974 du 29 avril 2004 modifi\u00e9 relatif aux pouvoirs des pr\u00e9fets, \u00e0 l'organisation et \u00e0 \nl'action des services de l'\u00c9tat dans les r\u00e9gions et les d\u00e9partements ;\nVu le d\u00e9cret du 13 juillet 2023 portant nomination de Monsieur J\u00e9r\u00f4me BONET en qualit\u00e9 de pr\u00e9fet du \nGard ;\nVu le d\u00e9cret n\u00b02009-1484 du 3 d\u00e9cembre 2009 modifi\u00e9 relatif aux directions d\u00e9partementales \ninterminist\u00e9rielles ;\nVu le d\u00e9cret n\u00b0 2015-510 du 7 mai 2015 portant charte de la d\u00e9concentration ;\nVu l'arr\u00eat\u00e9 de la premi\u00e8re ministre et du ministre de l'Int\u00e9rieur en date du 10 juin 2022 nommant \nMonsieur S\u00e9bastien FERRA, directeur d\u00e9partemental des territoires et de la mer du Gard \u00e0 compter du \n1\ner juillet 2022 ;\nVu l'avis du Comit\u00e9 Social d'Administration de la direction d\u00e9partementale des territoires et de la\nmer du Gard en date du 04 avril 2025 ;\n89, rue Weber \u2013 30907 NIMES CEDEX 2\nT\u00e9l : 04 66 62 62 00 - Fax : 04 66 23 28 79 - www.gard.gouv.fr\nDirection D\u00e9partementale des Tetrritoires et de la Mer du Gard - 30-2025-06-03-00007 - Arr\u00eat\u00e9 portant organisation de la direction\nd\u00e9partementale des territoires et de la mer du Gard 4\nSur proposition de Monsieur le secr\u00e9taire g\u00e9n\u00e9ral de la pr\u00e9fecture du Gard, \nARR\u00caTE\nArticle 1 - Organisation g\u00e9n\u00e9rale\nLa direction d\u00e9partementale des territoires et de la mer (DDTM) du Gard est organis\u00e9e \nen neuf entit\u00e9s rattach\u00e9es \u00e0 la direction :\n\u2794Une mission :\nMission Pilotage Communication et Pr\u00e9vention (MPCP)\n\u2794 Six services fonctionnels :\nService affaires juridiques et \u00e9ducation routi\u00e8re (SAJER) \nService eau et nature (SEN)\nService \u00e9conomie agricole (SEA)\nService risques, crise et for\u00eat (SeRiCriF)\nService habitat et construction (SHC)\nService transversal am\u00e9nagement et prospective (STAP)\n\u2794 Deux services d'am\u00e9nagement territoriaux d\u00e9nomm\u00e9s :\nService d'am\u00e9nagement territorial des C\u00e9vennes (SATC) \nService d'am\u00e9nagement territorial Rh\u00f4ne Garrigue et Mer (SATRGM)\nLa mission et les services sont implant\u00e9s au si\u00e8ge de la DDTM \u00e0 N\u00eemes, 89 rue Weber, \u00e0 \nl'exception du SATC, et de l'unit\u00e9 \u00ab \u00e9ducation rout i\u00e8re \u00bb (c.f. ci-apr\u00e8s)\nArticle 2 - La mission pilotage communication et pr\u00e9vention\nLa  mission,  au  m\u00eame  rang  hi\u00e9rarchique  que  les  services,  assure  les  fonctions\nsupports \u00e0  caract\u00e8re strat\u00e9gique qui ne sont pas ex erc\u00e9es par le Secr\u00e9tariat G\u00e9n\u00e9ral\nCommun. \nElle assure :\n\u2022 des missions d'appui au pilotage comme le contr\u00f4le de gestion, le secr\u00e9tariat de\ndirection, le contr\u00f4le interne comptable et l'anima tion d'un r\u00e9seau comptable, \n\u2022 des missions de suivi de la politique de sant\u00e9 et d e pr\u00e9vention au travail en lien\navec les services sociaux locaux, r\u00e9gionaux et ceux  du SGCD,\n\u2022 des missions de communication interne (intranet, \u00e9v \u00e8nements structurants et de\nfonctionnement social de la direction) et des actio ns de communication externe en\nlien avec le SDCI.\n89, rue Weber \u2013 30907 NIMES CEDEX 2\nT\u00e9l : 04 66 62 62 00 - Fax : 04 66 23 28 79 - www.gard.gouv.fr\nDirection D\u00e9partementale des Tetrritoires et de la Mer du Gard - 30-2025-06-03-00007 - Arr\u00eat\u00e9 portant organisation de la direction\nd\u00e9partementale des territoires et de la mer du Gard 5\nArticle 3 - Les services fonctionnels\nLe service affaires juridiques et \u00e9ducation routi\u00e8re est compos\u00e9 de trois unit\u00e9s et d'une \nmission :\n\u2022L'unit\u00e9 \u00ab contentieux administratif \u00bb\n\u2022 L'unit\u00e9 \u00ab contentieux p\u00e9nal de l'urbanisme \u00bb\n\u2022 L'unit\u00e9 \u00ab \u00e9ducation routi\u00e8re \u00bb, implant\u00e9e 210 rue O ctave Camplan \u00e0 N\u00eemes \n\u2022 La mission de \u00ab chef de projet charg\u00e9 de l'animatio n de la lutte contre les \nconstructions illicites \u00bb\nLe service eau et nature est compos\u00e9 de cinq unit\u00e9s, d'un Guichet unique de l'eau et \nd'un directeur de projet et d'une mission :\n\u2022L'unit\u00e9 \u00ab hydraulique et loi sur l'eau \u00bb incluant l e guichet unique de l'eau\n\u2022 L'unit\u00e9 \u00ab politique de l'eau et gestion quantitativ e \u00bb\n\u2022 L'unit\u00e9 \u00ab gestion qualitative et milieux aquatiques  \u00bb\n\u2022 L'unit\u00e9 \u00ab biodiversit\u00e9 \u00bb\n\u2022 L'unit\u00e9 \u00ab Chasse, loup et coordination des polices de l'environnement \u00bb\n\u2022 Guichet unique de l'eau\n\u2022 Directeur de projet MISEN COLDEN\n\u2022 La mission autorisation environnementale\nLe service \u00e9conomie agricole est compos\u00e9 de deux unit\u00e9s et d'une mission :\n\u2022 L'unit\u00e9 \u00ab PAC et \u00e9levage \u00bb\n\u2022 L'unit\u00e9 \u00ab pr\u00e9servation des milieux \u00bb\n\u2022 La mission \u00ab foncier agricole \u00bb\nLe service risques, crise et for\u00eat, dont le chef de service assure la fonction de \nresponsable s\u00e9curit\u00e9 d\u00e9fense est compos\u00e9 de quatre unit\u00e9s et une mission :\n\u2022 L'unit\u00e9 \u00ab gestion financi\u00e8re et programmes d'action s \u00bb\n\u2022 L'unit\u00e9 \u00ab pr\u00e9vention des risques \u00bb\n\u2022 L'unit\u00e9 \u00ab gestion durable de la for\u00eat \u00bb\n\u2022 L'unit\u00e9 \u00ab d\u00e9fense des for\u00eats contre l'incendie (DFC I) \u00bb\n\u2022 La mission \u00ab gestion de crise \u00bb\nLe service habitat et construction est compos\u00e9 de quatre unit\u00e9s et d'un p\u00f4le d'instruc tion :\n\u2022 L'unit\u00e9 \u00ab politique de l'habitat et parc public \u00bb \n\u2022 L'unit\u00e9 \u00ab renouvellement urbain \u00bb\n\u2022 L'unit\u00e9 \u00ab b\u00e2timent durable \u00bb\n\u2022 L'unit\u00e9 \u00ab habitat indigne \u00bb\n\u2022 Le p\u00f4le d'instruction des dossiers financ\u00e9s par l'a gence nationale de l'habitat dit\n\u00ab p\u00f4le d'instruction ANAH \u00bb\n89, rue Weber \u2013 30907 NIMES CEDEX 2\nT\u00e9l : 04 66 62 62 00 - Fax : 04 66 23 28 79 - www.gard.gouv.fr\nDirection D\u00e9partementale des Tetrritoires et de la Mer du Gard - 30-2025-06-03-00007 - Arr\u00eat\u00e9 portant organisation de la direction\nd\u00e9partementale des territoires et de la mer du Gard 6\nLe service transversal am\u00e9nagement et prospective est compos\u00e9 de deux unit\u00e9s et d'une \nmission :\n\u2022L'unit\u00e9 \u00ab pilotage am\u00e9nagement animation et urbanis me \u00bb \n\u2022 L'unit\u00e9 \u00ab g\u00e9omatique, \u00e9nergie et connaissance \u00bb\n\u2022 Mission \u00ab coh\u00e9sion des territoires \u00bb\nArticle 4 - Les services d'am\u00e9nagement territoriaux\nLe Service d'am\u00e9nagement territorial Rh\u00f4ne, Garrigue et Mer est compos\u00e9 de quatre unit\u00e9s et \nd'une mission : \n\u2022 L'unit\u00e9 \u00ab am\u00e9nagement r\u00e9gion n\u00eemoise \u00bb\n\u2022 L'unit\u00e9 \u00ab am\u00e9nagement Rh\u00f4ne, Vidourle et mer \u00bb\n\u2022 L'unit\u00e9 \u00ab am\u00e9nagement Gard rhodanien \u00bb\n\u2022 L'unit\u00e9 \u00ab am\u00e9nagement Uz\u00e8ge Pont du Gard \u00bb\n\u2022 La mission \u00ab enjeux territoriaux et Grand Avignon g ardois \u00bb\nLe service d'am\u00e9nagement territorial des C\u00e9vennes a son si\u00e8ge \u00e0 Al\u00e8s, 1910 chemin de Saint \n\u00c9tienne Larnac. il est compos\u00e9 de trois unit\u00e9s :\n\u2022 L'unit\u00e9 \u00ab am\u00e9nagement durable Est \u00bb\n\u2022 L'unit\u00e9 \u00ab am\u00e9nagement durable Ouest \u00bb\n\u2022 L'unit\u00e9 \u00ab Instruction et animation de l'application  du droit des sols (ADS) \u00bb\nLa nouvelle organisation sera effective \u00e0 compter d u 1\ner septembre 2025.\nArticle  5-  L'arr\u00eat\u00e9  pr\u00e9fectoral  30-2024-11  07  00007  du  11  nove mbre  2024  portant\norganisation de la direction d\u00e9partementale des ter ritoires et de la mer du Gard est abrog\u00e9.\nArticle  6  \u2013 Monsieur le secr\u00e9taire g\u00e9n\u00e9ral de la pr\u00e9fecture du  Gard et Monsieur le\ndirecteur d\u00e9partemental des territoires et de la me r sont charg\u00e9s de la mise en \u0153uvre du\npr\u00e9sent arr\u00eat\u00e9 qui sera publi\u00e9 au recueil des actes  administratifs de la pr\u00e9fecture du Gard.\nN\u00eemes, le 3 juin 2025\n                 \n                                                                                                    Le pr\u00e9fet du Gard\n                                                                                                              Sign\u00e9\n                                                                                                     J\u00e9r\u00f4me BONET89, rue Weber \u2013 30907 NIMES CEDEX 2\nT\u00e9l : 04 66 62 62 00 - Fax : 04 66 23 28 79 - www.gard.gouv.fr\nDirection D\u00e9partementale des Tetrritoires et de la Mer du Gard - 30-2025-06-03-00007 - Arr\u00eat\u00e9 portant organisation de la direction\nd\u00e9partementale des territoires et de la mer du Gard 7\nDirection D\u00e9partementale des Tetrritoires et de\nla Mer du Gard\n30-2025-06-02-00003\nArr\u00eat\u00e9 pr\u00e9fectoral rendant redevable d'une\nastreinte administrative le Syndicat\nintercommunal de sauvegarde et d'exploitation\ndu canal de Boucoiran jusqu'\u00e0 mise en oeuvre\ndes prescriptions de l'arr\u00eat\u00e9 de mise en demeure\nn\u00b030-2024-10-11-00002 \nDirection D\u00e9partementale des Tetrritoires et de la Mer du Gard - 30-2025-06-02-00003 - Arr\u00eat\u00e9 pr\u00e9fectoral rendant redevable d'une\nastreinte administrative le Syndicat intercommunal de sauvegarde et d'exploitation du canal de Boucoiran jusqu'\u00e0 mise en oeuvre des\nprescriptions de l'arr\u00eat\u00e9 de mise en demeure n\u00b030-2024-10-11-00002 \n8\n1/4\nDirection D\u00e9partementale des Tetrritoires et de la Mer du Gard - 30-2025-06-02-00003 - Arr\u00eat\u00e9 pr\u00e9fectoral rendant redevable d'une\nastreinte administrative le Syndicat intercommunal de sauvegarde et d'exploitation du canal de Boucoiran jusqu'\u00e0 mise en oeuvre des\nprescriptions de l'arr\u00eat\u00e9 de mise en demeure n\u00b030-2024-10-11-00002 \n9\nVU Le porter a connaissance produit par le Syndicat intercommunal de sauvegarde et d'exploitation ducanal de Boucoiran et envoy\u00e9 par messagerie \u00e9lectronique le 28 f\u00e9vrier 2024;VU Le contr\u00f4le de v\u00e9rification en date du 19 mai 2025 ;VU L'avis du contrevenant sur le projet d'astreinte sollicit\u00e9 le 7 avril 2025 et re\u00e7u le 30 avril 2025 ;CONSIDERANT Que lors du contr\u00f4le en date du 5 mars 2024, il a \u00e9t\u00e9 constat\u00e9 les faits suivants :Absence de transmission des \u00e9l\u00e9ments prescrits dans l'arr\u00eat\u00e9 du 17 mai 2018 portant reconnaissanced'existence du seuil de Ners et du pr\u00e9l\u00e8vement effectu\u00e9 par le canal de Boucoiran et suivants :1. informations relatives au d\u00e9placement du point de comptage des volumes entrants dans le canal ;2. programme d'entretien du canal;3. liste des adh\u00e9rents non domestiques et des \u00e9quipements de comptage et d'irrigation associ\u00e9s ;4. programme d'installation de dispositifs de comptage sur les pr\u00e9l\u00e8vements non domestiques et\u00e9ch\u00e9ancier de r\u00e9alisation. Tous les pr\u00e9l\u00e8vements non domestiques devront \u00eatre \u00e9quip\u00e9s dedispositif de comptage de volume ;5. programme d'actions envisag\u00e9es pour une utilisation rationnelle de l'eau (mat\u00e9riels et pratiquesd'irrigation \u00e9conomes en eau...) et leur \u00e9ch\u00e9ancier de r\u00e9alisation.CONSIDERANT Que la prescription relative au d\u00e9placement du point de comptage est rectifi\u00e9e dans lesconditions suivantes : \u00ab le d\u00e9placement du point de comptage des volumes entrant dans le canal apr\u00e8s lavanne 2 n'a pas \u00e9t\u00e9 mise en \u0153uvre du fait que le projet d'arr\u00eat\u00e9 mentionne la vanne 3 a la place de lavanne 2 \u00bb.CONSIDERANT Que les remarques recevables du contrevenant sur le projet d'arr\u00eat\u00e9 d'astreinte sontprises en compte ;CONSIDERANT Que l'installation d'une \u00e9chelle limnim\u00e9trique est prescrite par l'arr\u00eat\u00e9 pr\u00e9fectoral 30-20180517-001 au sein de l'article 3.2. L'installation de l'\u00e9chelle doit \u00eatre effective avant fin juillet 2025 etune courbe de tarage devra \u00eatre \u00e9tablie au cours de l'ann\u00e9e 2025;CONSIDERANT Que le nouveau r\u00e8glement de service doit \u00eatre modifi\u00e9 au sein de l'article 11.3 \u00e0 la fin du1\" paragraphe, en int\u00e9grant la mention suivante: \u00ab Dans la mesure o\u00f9 des travaux justifient la mise enassec du canal, une information pr\u00e9alable du service police de l'eau de la DDTM doit \u00eatre effectu\u00e9e aumoins quinze jours avant le d\u00e9but des travaux \u00bb ;CONSIDERANT Que la prescription relative \u00e0 la communication du programme d'entretien du canal a \u00e9t\u00e9prise en compte par le contrevenant en int\u00e9grant au sein du r\u00e8glement de service une annexe sur le pland'entretien;CONSIDERANT Que la prescription relative \u00e0 la demande de transmission de la liste des adh\u00e9rents nondomestiques a \u00e9t\u00e9 prise en compte en transmettant une liste nominative et en indiquant l'\u00e9tatd'\u00e9quipement d'ouvrages de comptage ;CONSIDERANT Que la r\u00e9ponse du contrevenant \u00e0 la demande de fournir le programme d'installation dedispositifs de comptage sur les pr\u00e9l\u00e8vements non domestiques et un \u00e9ch\u00e9ancier de r\u00e9alisation estpartielle, et que le contrevenant est tenu de communiquer, avant le 30 septembre 2025, la liste amend\u00e9eafin que tous les usagers soient \u00e9quip\u00e9s d'ouvrages de comptages ;\nDirection D\u00e9partementale des Tetrritoires et de la Mer du Gard - 30-2025-06-02-00003 - Arr\u00eat\u00e9 pr\u00e9fectoral rendant redevable d'une\nastreinte administrative le Syndicat intercommunal de sauvegarde et d'exploitation du canal de Boucoiran jusqu'\u00e0 mise en oeuvre des\nprescriptions de l'arr\u00eat\u00e9 de mise en demeure n\u00b030-2024-10-11-00002 \n10\nCONSIDERANT Que la prescription relative a la demande de fournir un programme d'actions pour uneutilisation rationnelle de l'eau a \u00e9t\u00e9 prise en compte en incluant au sein du nouveau r\u00e8glement de servicedu 30 avril 2025 une annexe 3 consacr\u00e9e au mode d'arrosage pour chaque culture/usage (vigne,mara\u00eechage, jardin) en privil\u00e9giant le goutte-\u00e0-goutte;CONSIDERANT Que l'annexe 3 propose des consignes d'irrigation pour les souscripteurs, le contrevenantest tenu d'inclure un rappel \u00e0 l'arr\u00eat\u00e9 cadre s\u00e9cheresse afin de sensibiliser les membres au respect desdispositions de l'arr\u00eat\u00e9 cadre s\u00e9cheresse en vigueur ;CONSIDERANT Que les usagers domestiques adh\u00e9rents au SISEC de Boucoiran utilisent l'eau du canalpour arroser leurs jardins et que le contrevenant est tenu de fournir la liste de ces usagers au servicepolice de l'eau de la DDTM en pr\u00e9cisant \u00e0 minima leur qualit\u00e9, la destination des pr\u00e9l\u00e8vements ainsi queles surfaces irrigu\u00e9es par l'ensemble des adh\u00e9rents avant le 30 septembre 2025 ;CONSIDERANT Que la prescription relative \u00e0 la transmission annuelle des volumes annuels et mensuelspr\u00e9lev\u00e9s au service police de l'eau de la DDTM, en respectant les valeurs maximales autoris\u00e9es, estpartiellement mise en \u0153uvre par le contrevenant : envoi des d\u00e9clarations effectu\u00e9es \u00e0 l'Agence de l'eaudans le cadre de la redevance sur les pr\u00e9l\u00e8vements ;CONSIDERANT Que cette transmission partielle est conditionn\u00e9e \u00e0 l'absence de dispositif de comptagedes volumes pr\u00e9lev\u00e9s, et qu'aucune transmission ne peut \u00e0 ce jour \u00eatre effectu\u00e9e ;CONSIDERANT Que d\u00e8s l'installation d'un moyen de comptage des volumes pr\u00e9lev\u00e9s au plus pr\u00e8s de laprise d'eau apr\u00e8s la vanne 2 est r\u00e9alis\u00e9e, les relev\u00e9s sont effectu\u00e9s conform\u00e9ment aux prescriptions fix\u00e9espar l'arr\u00eat\u00e9 pr\u00e9fectoral n\u00b030-20180517-001 du 17 mai 2018 portant reconnaissance de l'existence du seuilde Ners et du pr\u00e9l\u00e8vement effectu\u00e9 par le canal de Boucoiran au titre de l'article L.214-3 du code del'environnement ;CONSIDERANT Que le non-respect caract\u00e9ris\u00e9 de la mise en demeure susvis\u00e9e est passible de sanctionsadministratives pr\u00e9vues suivant les dispositions du II de l'article L171-8 du code de l'environnement ;SUR PROPOSITION de M. le directeur d\u00e9partemental des territoires et de la mer du Gard;ARRETEARTICLE 1 : sanction administrativeLe Syndicat intercommunal de sauvegarde et d'exploitation du canal de Boucoiran, d\u00e9fini ci-avantcomme contrevenant, est rendu redevable d'une astreinte d'un montant journalier de 50 euros jusqu'\u00e0satisfaction de la mise en demeure signifi\u00e9e par l'arr\u00eat\u00e9 pr\u00e9fectoral n\u00b0 30-2024-10-11-00002, en date du 11octobre 2024. Cette astreinte prend effet \u00e0 la date de notification au syndicat intercommunal desauvegarde et d'exploitation du canal de Boucoiran du pr\u00e9sent arr\u00eat\u00e9.L'astreinte peut \u00eatre liquid\u00e9e compl\u00e8tement ou partiellement par arr\u00eat\u00e9 pr\u00e9fectoral jusqu'\u00e0 satisfactiondes obligations d\u00e9finies dans l'arr\u00eat\u00e9 de mise en demeure sus-vis\u00e9.ARTICLE 2 : ex\u00e9cutionM. le directeur r\u00e9gional des finances publiques Occitanie est charg\u00e9 de l'ex\u00e9cution du pr\u00e9sent arr\u00eat\u00e9 partoutes voies de droit.\nDirection D\u00e9partementale des Tetrritoires et de la Mer du Gard - 30-2025-06-02-00003 - Arr\u00eat\u00e9 pr\u00e9fectoral rendant redevable d'une\nastreinte administrative le Syndicat intercommunal de sauvegarde et d'exploitation du canal de Boucoiran jusqu'\u00e0 mise en oeuvre des\nprescriptions de l'arr\u00eat\u00e9 de mise en demeure n\u00b030-2024-10-11-00002 \n11\nARTICLE 3 : recoursEn application du code des relations du public avec l'administration (CRPA) et du code de justiceadministrative (CJA), la pr\u00e9sente d\u00e9cision peut \u00eatre d\u00e9f\u00e9r\u00e9e au tribunal administratif de N\u00eemes dans lesconditions pr\u00e9vues aux articles L221-8 du CRPA et R421-1 et 5 du CJA:par le contrevenant dans un d\u00e9lai de deux mois qui suivent la date de notification du pr\u00e9sentarr\u00e9 t\u00e9 ;par les tiers, personnes physiques ou morales, les communes int\u00e9ress\u00e9es ou leurs groupements, enraison des inconv\u00e9nients ou des dangers que le fonctionnement de l'installation pr\u00e9sente pour lesint\u00e9r\u00eats mentionn\u00e9s \u00e0 l'article L211-1 du code de l'environnement d\u00e8s lors qu'ils d\u00e9montrent leur int\u00e9r\u00eat \u00e0agir, Sans d\u00e9lai \u00e0 compter de l'affichage ou de la publication de cette d\u00e9cision ;Le tribunal administratif peut aussi \u00eatre saisi par l'application informatique \u00ab T\u00e9l\u00e9recours citoyens \u00bbaccessible par le site internet www.telerecours.fr.ARTICLE 4: Le pr\u00e9sent arr\u00eat\u00e9 est notifi\u00e9 au pr\u00e9sident du Syndicat intercommunal de sauvegarde etd'exploitation du canal de Boucoiran et est publi\u00e9 au recueil des actes administratifs de la pr\u00e9fecture duGard.Copie est adress\u00e9e \u00e0 :Monsieur le directeur r\u00e9gional des finances publiques Occitanie,Monsieur le pr\u00e9sident de l'EPTB Gardons,Monsieur le directeur de la DREAL Occitanie (Montpellier),Monsieur le directeur d\u00e9partemental des territoires et de la mer du Gard,Monsieur les maires des communes de Boucoiran, Ners et Moussac,Monsieur le responsable de l'Office Fran\u00e7ais de la Biodiversit\u00e9 du Gardcharg\u00e9s, chacun en ce qui le concerne, de l'ex\u00e9cution du pr\u00e9sent arr\u00eat\u00e9.\nN\u00eemes, le 02/06/2025\nLe pr\u00e9fetPour le pr\u00e9fet et par d\u00e9l\u00e9gationLe Directeur D\u00e9partemental des Territoires et dela Mer du Gard\nSIGN\u00c9Le chef d'unit\u00e9S\u00e9bastien TELLIER\n\u2022\n\u2022\n-\n-\n-\n-\n-\n-\nDirection D\u00e9partementale des Tetrritoires et de la Mer du Gard - 30-2025-06-02-00003 - Arr\u00eat\u00e9 pr\u00e9fectoral rendant redevable d'une\nastreinte administrative le Syndicat intercommunal de sauvegarde et d'exploitation du canal de Boucoiran jusqu'\u00e0 mise en oeuvre des\nprescriptions de l'arr\u00eat\u00e9 de mise en demeure n\u00b030-2024-10-11-00002 \n12\nDirection D\u00e9partementale des Tetrritoires et de\nla Mer du Gard\n30-2025-06-03-00001\narr\u00eat\u00e9 d'opposition \u00e0 une d\u00e9claration pr\u00e9alable\nn\u00b0 DP 030 179 25 00009 d\u00e9pos\u00e9e par DE GERIN\nBenoit pour l'installation d'une centrale\nphotovolta\u00efque au sol sur la commune de\nMONTFRIN \nDirection D\u00e9partementale des Tetrritoires et de la Mer du Gard - 30-2025-06-03-00001 - arr\u00eat\u00e9 d'opposition \u00e0 une d\u00e9claration\npr\u00e9alable n\u00b0 DP 030 179 25 00009 d\u00e9pos\u00e9e par DE GERIN Benoit pour l'installation d'une centrale photovolta\u00efque au sol sur la\ncommune de MONTFRIN \n13\ndossier n\u00b0 DP 030.179 25 00009E =an rs | | date de d\u00e9p\u00f4t : 13 f\u00e9vrier 2025Libert\u00e9 | demandeur : Monsieur DE GERIN Benoit\u00c9galit\u00e9 pour : Installation d'une centraleFraternit\u00e9 photovolta\u00efque au sol lest\u00e9e (gabions) enzone agricole d'une puissance inf\u00e9rieure \u00e0300 kWcadresse terrain : Le Real, \u00e0 Montfrin(30490)ARR\u00caT\u00c9portant retrait d'une d\u00e9claration pr\u00e9alableau nom de l'Etat\nLe pr\u00e9fet de Gard,Chevalier de la L\u00e9gion d'honneur,Officier de l'ordre national du M\u00e9rite,Vu la d\u00e9claration pr\u00e9alable pr\u00e9sent\u00e9e le 13 f\u00e9vrier 2025 par Monsieur DE GERIN Benoit demeurant 1424RTE de jonquieres, Montfrin (30490) ;Vu l'objet de la d\u00e9claration+ installation d'une centrale photovolta\u00efque au sol lest\u00e9e (gabions) en zone agricole d'unepuissance inf\u00e9rieure \u00e0 300 kWc;* sur Un terrain situ\u00e9 Le Real, \u00e0 Montfrin (30490) ;* pour une surface de plancher cr\u00e9\u00e9e de 1 840 m\u00b0 ;Vu le code de l'urbanisme ;Vu le plan local d' urbanisme approuv\u00e9 le 29/06/2006, modifi\u00e9 le 26/07/2013 ;Vu le plan de pr\u00e9vention des risques inondation (PPRI) sur la commune de Montfrin approuv\u00e9 le16/09/2016 annule et remplace le PPRI \u00ab confluence Rh\u00f4ne-Gardon-Brian\u00e7on \u00bb approuv\u00e9 le 28/11/2001 ;Vu l'autorisation n\u00e9e tacitement le 13/03/2025 ;Vu la lettre de saisine relative \u00e0 la proc\u00e9dure contradictoire notifi\u00e9e le 30/04/2025 ;Vu l'absence de r\u00e9ponse du b\u00e9n\u00e9ficiaire \u00e0 la proc\u00e9dure contradictoire en date du 15/05/2025 ;Consid\u00e9rant que le terrain du projet se situe en zone A du PLU ;Consid\u00e9rant que le r\u00e8glement de la zone A du PLU dispose, dans son article 1, que toutes occupations etutilisations du sol non mentionn\u00e9es \u00e0 l'article A2 sont interdites ;Consid\u00e9rant que l'article A2 dispose que sont admises dans l'ensemble de la zone, sauf dans le secteurAp et sous r\u00e9serve du respect des conditions particuli\u00e8res li\u00e9es au risque d'inondations, notamment, lesconstructions et installations n\u00e9cessaires aux services publics et aux \u00e9quipements collectifs, d\u00e8s lorsqu'elles ne sont pas incompatibles avec le caract\u00e8re agricole, pastoral ou forestier de la zone et qu'ellesne portent pas atteinte \u00e0 la sauvegarde des espaces naturels et des paysages ;Consid\u00e9rant que le dossier indique que la parcelle sera mise \u00e0 disposition d'un \u00e9leveur ovin afin qu'ilpuisse faire pa\u00eetre son troupeau ;Consid\u00e9rant qu'aucun \u00e9l\u00e9ment du dossier n'apporte la d\u00e9monstration que cette mise \u00e0 dispositionconstitue un projet de valorisation agricole significatif, allant au-del\u00e0 du simple entretien du site ;Consid\u00e9rant qu'il n'est pas \u00e9tabli par ailleurs que l'activit\u00e9 pastorale corresponde aux activit\u00e9s qui sonteffectivement exerc\u00e9es dans la zone, ou auraient vocation \u00e0 s'y d\u00e9velopper, compte-tenu notamment dela nature de sols et des usages locaux ; _\nDirection D\u00e9partementale des Tetrritoires et de la Mer du Gard - 30-2025-06-03-00001 - arr\u00eat\u00e9 d'opposition \u00e0 une d\u00e9claration\npr\u00e9alable n\u00b0 DP 030 179 25 00009 d\u00e9pos\u00e9e par DE GERIN Benoit pour l'installation d'une centrale photovolta\u00efque au sol sur la\ncommune de MONTFRIN \n14\nConsid\u00e9rant par cons\u00e9quent que le dossier n'apporte pas la d\u00e9monstration de la compatibilit\u00e9 du projetavec le caract\u00e9re agricole, pastoral ou forestier de la zone ;Consid\u00e9rant que le plan de pr\u00e9vention des risques inondation (PPRI) sur la commune de Montfrinapprouv\u00e9 le 16/09/2016 annule et remplace le PPRI \u00ab confluence Rh\u00f4ne-Gardon-Brian\u00e7on \u00bb approuv\u00e9 le28/11/2001 ; |Consid\u00e9rant que les dispositions particuli\u00e8res du PLU li\u00e9es au risque d'inondations, faisant r\u00e9f\u00e9rence auPPRI \u00ab confluence Rh\u00f4ne-Gardon-Brian\u00e7on \u00bb, restent donc \u00e9galement applicables ;Consid\u00e9rant que l'article A.2 / 2.1 du r\u00e8glement du PLU dispose que dans l'ensemble de la zoneconcern\u00e9e par le plan de pr\u00e9vention du risque inondation, les constructions et installations n\u00e9cessairesaux services publics ou d'int\u00e9r\u00eat collectif sont autoris\u00e9es. N\u00e9anmoins, dans les parties du territoireconcern\u00e9es par le risque d'inondation rep\u00e9r\u00e9es sur les \u00e9l\u00e9ments graphiques, seuls sont autoris\u00e9s lesouvrages techniques, constructions et am\u00e9nagements publics qui ne peuvent pas, pour des raisonstechniques justifi\u00e9es, \u00eatre implant\u00e9es dans un autre site, (voiries, pyl\u00f4nes \u00e9lectriques, ...) sous r\u00e9serve queces projets n'aggravent pas le risque d'inondations ; |Consid\u00e9rant qu'aucun \u00e9l\u00e9ment du dossier ne d\u00e9montre que les constructions et ouvrages projet\u00e9s nepeuvent pas \u00eatre implant\u00e9s dans un autre site pour des raisons techniques justifi\u00e9es, et que le projetn'aggrave pas le risque d'inondations ;Consid\u00e9rant que l'article A.3 du r\u00e9glement du PLU dispose que les acc\u00e9s directs, autres que regroup\u00e9s etam\u00e9nag\u00e9s, sont interdits sur la RD763 ;Consid\u00e9rant que le projet pr\u00e9voit la cr\u00e9ation d'un nouvel acc\u00e8s direct sur la RD763 ;Consid\u00e9rant que le projet se situe en zones F-NU et M-NU du PPRI de la commune de Montfrin approuv\u00e9le 16/09/2016 ;Consid\u00e9rant que le r\u00e8glement des zones F-NU et M-NU dispose que tous remblais, d\u00e9p\u00f4ts de mat\u00e9riauxet conditionnements susceptibles d'\u00eatre emport\u00e9s, de g\u00eaner les \u00e9coulements ou de polluer les eaux encas de crue, et en particulier les d\u00e9charges, d\u00e9p\u00f4ts d'ordures, de d\u00e9chets ou de produits dangereux oupolluants, sont interdits ; uConsid\u00e9rant que le projet pr\u00e9voit que les panneaux sur supports seront lest\u00e9s par des gabions ;Consid\u00e9rant que les \u00e9l\u00e9ments du dossier ne d\u00e9montrent pas que l'ensemble du dispositif (panneauxsupports et gabions) est dimensionn\u00e9 pour r\u00e9sister au d\u00e9bit et \u00e0 la vitesse de la crue de r\u00e9f\u00e9rence et \u00e0l'arriv\u00e9e d'embacles ;Consid\u00e9rant par cons\u00e9quent qu'ils doivent \u00eatre regard\u00e9s comme des mat\u00e9riaux et conditionnementssusceptibles d'\u00eatre emport\u00e9s et de g\u00eaner les \u00e9coulements en cas de crue au sens du PPRI ; :Consid\u00e9rant que le r\u00e8glement des zones F-NU et M-NU dispose que l'implantation d'unit\u00e9s de productiond'\u00e9lectricit\u00e9 d'origine photovoltaique prenant la forme de champs de capteurs est admise sous r\u00e9servenotamment que la sous-face des panneaux soit situ\u00e9e au-dessus de la cote PHE ;Consid\u00e9rant que les \u00e9l\u00e9ments du dossier n'indiquent pas toutes les cotes de calage des panneauxprojet\u00e9s ;Consid\u00e9rant par cons\u00e9quent qu'il n'est pas possible de v\u00e9rifier la conformit\u00e9 du projet \u00e0 cettedisposition ;Consid\u00e9rant par ailleurs, que l'ensemble des pi\u00e8ces exigibles n'est pas fourni ou sont incompl\u00e8tes, voireincoh\u00e9rentes :- le local pour onduleurs dont il est fait r\u00e9f\u00e9rence dans la notice n'est repr\u00e9sent\u00e9 sur aucun plan- le formulaire cerfa d\u00e9clare 1840 m\u00b0 de surface de plancher cr\u00e9\u00e9e par changement de destination, alorsqu'aucune construction n'existe sur le terrain, et ne mentionne pas de surface de plancher cr\u00e9\u00e9e par lelocal onduleur\nDP 030 179 25 00009. | | | 213\nDirection D\u00e9partementale des Tetrritoires et de la Mer du Gard - 30-2025-06-03-00001 - arr\u00eat\u00e9 d'opposition \u00e0 une d\u00e9claration\npr\u00e9alable n\u00b0 DP 030 179 25 00009 d\u00e9pos\u00e9e par DE GERIN Benoit pour l'installation d'une centrale photovolta\u00efque au sol sur la\ncommune de MONTFRIN \n15\n- la pi\u00e8ce DPC37 (document pr\u00e9cisant l'\u00e9tat initial du terrain et de ses abords et indiquant, s'il y a lieu, lesconstructions, la v\u00e9g\u00e9tation et les \u00e9l\u00e9ments paysagers existants) n'a pas \u00e9t\u00e9 fournie ;Consid\u00e9rant que le dossier fourni ne permet pas de v\u00e9rifier la conformit\u00e9 du projet \u00e0 l'ensemble desr\u00e8gles applicables ;Consid\u00e9rant qu'en cons\u00e9quence le projet ne respecte pas les dispositions l\u00e9gislatives et r\u00e9glementairesapplicables ;Consid\u00e9rant par ces faits, qu'il y a lieu de s'opposer au projet ;\nARR\u00caTEArticle 1L'autorisation tacite en date du 13/03/2025 est retir\u00e9e.\nArticle 2\nIl est fait opposition \u00e0 la d\u00e9claration pr\u00e9alable.\nValih GERARD\nLa pr\u00e9sente d\u00e9cision peut faire l'objet d'un recours contentieux devant le tribunal administratif territorialementcomp\u00e9tent dans le d\u00e9lai de deux mois \u00e0 compter de la date de sa notification. Ce recours peut \u00eatre effectu\u00e9 aumoyen de l'application informatique \"T\u00e9l\u00e9recours citoyens\" accessible par le site internet www.telerecours.fr.\nDP 030 179 25 00009 3/3\nDirection D\u00e9partementale des Tetrritoires et de la Mer du Gard - 30-2025-06-03-00001 - arr\u00eat\u00e9 d'opposition \u00e0 une d\u00e9claration\npr\u00e9alable n\u00b0 DP 030 179 25 00009 d\u00e9pos\u00e9e par DE GERIN Benoit pour l'installation d'une centrale photovolta\u00efque au sol sur la\ncommune de MONTFRIN \n16\nDirection D\u00e9partementale des Tetrritoires et de la Mer du Gard - 30-2025-06-03-00001 - arr\u00eat\u00e9 d'opposition \u00e0 une d\u00e9claration\npr\u00e9alable n\u00b0 DP 030 179 25 00009 d\u00e9pos\u00e9e par DE GERIN Benoit pour l'installation d'une centrale photovolta\u00efque au sol sur la\ncommune de MONTFRIN \n17\nPrefecture du Gard\n30-2025-06-03-00004\nAP VIDEOPROTECTION MAIRIE CAISSARGUES\n2025\nPrefecture du Gard - 30-2025-06-03-00004 - AP VIDEOPROTECTION MAIRIE CAISSARGUES 2025 18\nPREFETDU GARDLibert\u00e9Egalit\u00e9Fraternit\u00e9\nCabinet du Pr\u00e9fet\nDirection des S\u00e9curit\u00e9s\nService d'Animation des Politiques de S\u00e9curit\u00e9 Int\u00e9rieure\nBureau des Polices Administratives\nArr\u00eat\u00e9 n\u00b0 30-2025-\nportant modification de l'autorisation de fonctionnement d'un syst\u00e8me de vid\u00e9oprotection\nLe pr\u00e9fet du gard, \nChevalier de la L\u00e9gion d'Honneur, \nChevalier de l'Ordre National du M\u00e9rite, \nVu le titre V du livre Il de la partie l\u00e9gislative et de la partie r\u00e9glementaire du code de la  \ns\u00e9curit\u00e9 int\u00e9rieure\u00a0;\nVu le code civil et notamment son article 9\u00a0;\nVu le nouveau code p\u00e9nal et notamment son article 226-1\u00a0;\nVu le d\u00e9cret n\u00b0 2015-489 du 29 avril 2015 relatif \u00e0 la vid\u00e9oprotection\u00a0;\nVu le d\u00e9cret du 13 juillet 2023 nommant M. J\u00e9r\u00f4me BONET, pr\u00e9fet du Gard\u00a0;\nVu l'arr\u00eat\u00e9 minist\u00e9riel et la circulaire du 3 ao\u00fbt 2007 portant d\u00e9finition des normes techniques \ndes syst\u00e8mes de vid\u00e9oprotection\u00a0;\nVu l'arr\u00eat\u00e9 pr\u00e9fectoral n\u00b02016158-023 du 6 juin 2016 portant autorisation de fonctionnement  \nd'un syst\u00e8me de vid\u00e9oprotection\u00a0;\nVu l'arr\u00eat\u00e9  pr\u00e9fectoral  n\u00b02019114-054  du  24  avril  2019  portant  modification  de  \nfonctionnement d'un syst\u00e8me de vid\u00e9oprotection\u00a0;\nVu l'arr\u00eat\u00e9 pr\u00e9fectoral n\u00b0 30-2024-10-18-00005 du 18 octobre 2024 donnant d\u00e9l\u00e9gation de signa-\nture \u00e0 M. Yann GERARD, secr\u00e9taire g\u00e9n\u00e9ral de la pr\u00e9fecture du Gard, sous-pr\u00e9fet de N\u00eemes\u00a0;\nVu l'arr\u00eat\u00e9 pr\u00e9fectoral n\u00b0 30-2024-10-18-00009 du 18 octobre 2024 donnant d\u00e9l\u00e9gation de signa-\nture  \u00e0  Mme  Marie-Charlotte  EUVRARD,  sous-pr\u00e9f\u00e8te,  directrice  de  cabinet  du  pr\u00e9fet  du \nGard\u00a0;\nVu l'arr\u00eat\u00e9 pr\u00e9fectoral n\u00b0 30-2024-11-28-00004 du 28 novembre 2024 donnant d\u00e9l\u00e9gation de si -\ngnature \u00e0 M. Franck LACOSTE, directeur des s\u00e9curit\u00e9s, directeur de cabinet adjoint du pr\u00e9fet  \ndu Gard\u00a0;\nVu la circulaire n\u00b0 INT D09/00057/C du 12 mars 2009 relative aux conditions de d\u00e9ploiement  \ndes syst\u00e8mes de vid\u00e9oprotection\u00a0;\nVu la  demande  de  modification  de  fonctionnement  d'un  syst\u00e8me  de  vid\u00e9oprotection \npr\u00e9sent\u00e9e par la mairie de CAISSARGUES\u00a0;\nPrefecture du Gard - 30-2025-06-03-00004 - AP VIDEOPROTECTION MAIRIE CAISSARGUES 2025 19\nVu l'avis du r\u00e9f\u00e9rent s\u00fbret\u00e9\u00a0;\nVu l'avis de la commission d\u00e9partementale des syst\u00e8mes de vid\u00e9oprotection r\u00e9unie le 23 avril  \n2025\u00a0;\nSur proposition de la directrice de cabinet du pr\u00e9fet du Gard.\nArr\u00eate\u00a0:\nArticle  1 \u00a0: L a  mairie  de  CAISSARGUES  est  autoris\u00e9e  \u00e0  modifier  son  syst\u00e8me  de  \nvid\u00e9oprotection. Cette autorisation est valable pour une dur\u00e9e de cinq ans renouvelable.\nLa pr\u00e9sente autorisation est d\u00e9livr\u00e9e sans pr\u00e9judice des droits des tiers.\nCette modification intervient sur l'installation de vid\u00e9oprotection pr\u00e9c\u00e9demment autoris\u00e9e  \npar arr\u00eat\u00e9 pr\u00e9fectoral n\u00b02019114-054 du 24 avril 2019 susvis\u00e9.\nArticle 2\u00a0: les modifications portent sur l'extension du syst\u00e8me par 12 cam\u00e9ras voie publique  \nsuppl\u00e9mentaires soit un total de 37 cam\u00e9ras (37 voie publique).\nArticle  3\u00a0:  ce  dispositif  de  vid\u00e9oprotection  ne  peut  \u00eatre  utilis\u00e9  qu'en  vue  d'assurer  la \nprotection  les  b\u00e2timents  et  installations  publics  et  la  surveillance  de  leurs  abords,  la \nr\u00e9gulation du trafic routier et la pr\u00e9vention des atteintes \u00e0 la s\u00e9curit\u00e9 des personnes et des  \nbiens ainsi que la pr\u00e9vention d'actes terroristes et du trafic de stup\u00e9fiants.\nArticle  4\u00a0:  Le  reste  des  dispositions  pr\u00e9vues  par  l'arr\u00eat\u00e9  n\u00b02019114-054  du  24  avril  2019 \ndemeure applicable.\nArticle 5 \u00a0: la directrice de cabinet du pr\u00e9fet du Gard, le directeur interd\u00e9partemental de la  \npolice nationale du Gard, le commandant du groupement de gendarmerie du Gard  sont \ncharg\u00e9s, chacun en ce qui le concerne, de l'ex\u00e9cution du pr\u00e9sent arr\u00eat\u00e9 qui sera publi\u00e9 au  \nrecueil des actes administratifs de la pr\u00e9fecture. Un exemplaire de cette d\u00e9cision sera notifi\u00e9  \nau maire de la commune de CAISSARGUES.\nLe pr\u00e9fet,\nPrefecture du Gard - 30-2025-06-03-00004 - AP VIDEOPROTECTION MAIRIE CAISSARGUES 2025 20\nLISTE DES CAMERAS PRECONISSES\nCAMERAS\n1 et 2\nAvenue du Vaccar\u00e8s (groupe scolaire Cambourin)     :  \nUne cam\u00e9ra fixe contextuelle et une cam\u00e9ra fixe de circulation \u00e0 champ \u00e9troit (focus \nplaque d'immatriculation) install\u00e9es sur un m\u00e2t, Avenue du Vaccar\u00e8s (angle de la  \nplace Cocconato) permettent le suivi en continu du flux routier au niveau de  \nl'intersection des avenues du Vaccar\u00e8s et du Cambourin.\nCAMERA 3 Place Cocconato     :  \nUne cam\u00e9ra d\u00f4me motoris\u00e9e PTZ install\u00e9e \u00e0 l'angle du b\u00e2timent de la biblioth\u00e8que \npour s\u00e9curiser les abords imm\u00e9diats du groupe scolaire Le Cambourin et permettre  \nle suivi de jour comme de nuit des flux routiers et pi\u00e9tons sur la place Cocconato.\nCAMERA 4 2 Place Marie-Rose Pons     :  \nUne cam\u00e9ra d\u00f4me motoris\u00e9e PTZ, install\u00e9e sur la fa\u00e7ade du n\u00b02 de la place Marie-\nRose PONS permet le suivi de l'ensemble des flux routier et pi\u00e9ton sur cette place  \ncentrale de la commune.\nCAMERA 5 320 Rue Alphonse Daudet (Foyer Fernand Bedos)     :  \nUne cam\u00e9ra d\u00f4me motoris\u00e9e PTZ, install\u00e9e sur un m\u00e2t devant le foyer Fernand  \nBedos, permettra de s\u00e9curiser les abords imm\u00e9diats de ce b\u00e2timent communal et de \nsuivre les flux routier et pi\u00e9ton sur l'avenue Alphonse Daudet.\nCAMERAS\n6,7,8,9\nIntersection Ancien chemin des Canaux et Rue Alphonse Daudet     :  \nUne cam\u00e9ra multi-capteurs *4 (360\u00b0) associ\u00e9e \u00e0 une cam\u00e9ra d\u00f4me motoris\u00e9e PTZ  \nseront install\u00e9es sur le m\u00eame mat que les deux cam\u00e9ras de circulation \u00e0 champ \u00e9troit \n(focus plaque d'immatriculation). Elles permettront un suivi du flux routier et pi\u00e9ton \nde ce carrefour important de la commune et une protection des b\u00e2timents implant\u00e9s \n\u00e0 proximit\u00e9.\nCAMERA 10 Avenue du Mas de Nages (lotissement le Clos des Mara\u00eechers)     :  \nUne cam\u00e9ra fixe install\u00e9e sur un m\u00e2t d'\u00e9clairage public avenue du Mas de Nages  \npermettra de suivre l'ensemble du trafic routier sortant de la commune.\nCAMERAS \n11,12 et 35\nRue du Labadou/Rue de la Commanderie (ar\u00e8nes/Salle Labadou)     :  \nUne cam\u00e9ra d\u00f4me motoris\u00e9e PTZ, une cam\u00e9ra de circulation \u00e0 champs \u00e9troit (focus \nplaque d'immatriculation) et une cam\u00e9ra contextuelle fixe install\u00e9es sur le m\u00eame  \nm\u00e2t d'\u00e9clairage public permettent le suivi du flux routier et pi\u00e9ton de cette zone ainsi \nque l'ensemble du flux routier entrant dans la commune par la RD42 (Rte de St  \ngilles).\nCAMERA 13 Zone Euro 2000 \u2013 Avenue de la Vistrenque/Rond-Point RD42     :  \nUne cam\u00e9ra de circulation \u00e0 champ r\u00e9duit (focus plaque d'immatriculation) sera  \ninstall\u00e9e sur un m\u00e2t d'\u00e9clairage public situ\u00e9 \u00e0 la sortie de la Zone Euro 2000. Elle  \npermettra le suivi en continu de l'ensemble du trafic routier empruntant l'avenue de \nla Vistrenque en direction du RD 135.\nCAMERA 14 Zone Euro 2000 \u2013 Avenue de la Vistrenque/ Rond-Point RD 42     :  \nUne cam\u00e9ra d\u00f4me motoris\u00e9e PTZ, install\u00e9e sur un m\u00e2t d'\u00e9clairage public Zone  \nEuros 2000 permettra le suivi des flux routier et pi\u00e9ton au niveau du rond-point des \nRD 42 et 135.\nCAMERAS\n15,16 et 36\nZone  Euro  2000  \u2013  Interscetion  chemin  de  la  Careirasse/Avenue  de  la \nVistrenque     :  \nUne cam\u00e9ra d\u00f4me motoris\u00e9e install\u00e9e sur un m\u00e2t d'\u00e9clairage public Zone Euro 2000 \npermet de suivre les flux routier et pi\u00e9ton au niveau de l'intersection du chemin de la \nCareirasse et de l'Avenue de la Vistrenque.\nUne cam\u00e9ra fixe contextuelle associ\u00e9e \u00e0 une cam\u00e9ra de circulation \u00e0 champ \u00e9troit  \n(focus plaque d'immatriculation) install\u00e9e sur un m\u00e2t d'\u00e9clairage public permettent \nle suivi en continu du flux routier sortant de la Zone Euro 2000 par le Chemin de  \nCareirasse.\nCAMERA \n17 et 37\nRoute de N\u00eemes (entr\u00e9e de la commune)     :  \nUne cam\u00e9ra de circulation fixe \u00e0 champ \u00e9troit (focus plaque d'immatriculation)  \nassoci\u00e9e \u00e0 une cam\u00e9ra fixe contextuelle install\u00e9e sur un m\u00e2t d'\u00e9clairage public situ\u00e9 \nPrefecture du Gard - 30-2025-06-03-00004 - AP VIDEOPROTECTION MAIRIE CAISSARGUES 2025 21\n\u00e0 proximit\u00e9 imm\u00e9diate du pont qui enjambe le Vistre permet de suivre en continu  \nl'ensemble du trafic routier entrant dans la commune par la Route de N\u00eemes.\nCAMERA 18 Rond-Point Mirman     :  \nUne cam\u00e9ra fixe de circulation \u00e0 champ \u00e9troit (focus plaque d'immatriculation)  \nimplant\u00e9e sur un m\u00e2t d'\u00e9clairage public situ\u00e9 en bordure de l'avenue de l'Abrivado \net du Rond-Point de Mirman (RD 42) permettra le suivi de l'ensemble du trafic  \nroutier sortant du lotissement le Clos de Mirman.\nCAMERA 19 Rond-Point Mirman (centre commercial)     :  \nUne cam\u00e9ra d\u00f4me motoris\u00e9e PTZ install\u00e9e sur un m\u00e2t d'\u00e9clairage public permet de \nsuivre le flux routier et pi\u00e9ton au niveau du centre commercial Mirman et au niveau \nde l'intersection des rues Bellecoste et Bellevue.\nCAMERAS\n20,21,22,23,24 \net 25\nIntersection chemin des Canaux et Avenue de L'Abrivado (cimeti\u00e8re)     :  \nTrois cam\u00e9ras fixes \u00e0 champ \u00e9troit (focus plaque d'immatriculation) implant\u00e9es sur \nun m\u00e2t \u00e0 l'angle de l'Avenue de L'Abrivado et du chemin des canaux associ\u00e9es \u00e0  \ntrois cam\u00e9ras fixes contextuelles permettent le suivi du flux routier et pi\u00e9ton de cette \nzone, la sortie de la commune par l'Avenue de L'Abrivado, le flux de l'intersection \nchemin des Canaux et Route de St Gilles et l'entr\u00e9e de la commune par le Rond-\nPoint de Mirman.\nCAMERAS\n26 et 27\nAvenue Folco de Baroncelli     :  \nUne cam\u00e9ra fixe contextuelle associ\u00e9e \u00e0 une cam\u00e9ra fixe de circulation \u00e0 champs  \n\u00e9troit (focus plaque d'immatriculation) install\u00e9es sur un m\u00e2t d'\u00e9clairage public  \npermettent le suivi en continu de l'ensemble du trafic routier entrant dans le quartier \ndu Mas Mirman depuis le RD 42 (route de St Gilles).\nCAMERA 28 Rue de la Treille \u2013 Complexe Omnisports     :  \nUne cam\u00e9ra fixe contextuelle, install\u00e9e sur un m\u00e2t d'\u00e9clairage public, permet de  \nsuivre en continu l'ensemble de flux routier et pi\u00e9ton de cette zone et entrant dans ce \nquartier depuis le quartier des Buttes.\nCAMERA 29 Chemin des Buttes \u2013 Complexe Omnisports     :  \nUne cam\u00e9ra d\u00f4me motoris\u00e9e implant\u00e9e sur un m\u00e2t d'\u00e9clairage public situ\u00e9 devant  \nles vestiaires du stade permet de s\u00e9curiser le complexe omnisports de la commune et \nde suivre les flux routier et pi\u00e9ton de ce point tr\u00e8s fr\u00e9quent\u00e9.\nCAMERA 30 Intersection Rue Alphonse DAUDET / De la Soule\u00efado / St JEAN (Hotel de  \nville)     :  \nUne cam\u00e9ra d\u00f4me motoris\u00e9e PTZ, implant\u00e9e \u00e0 l'angle de la rue De la Soule\u00efado et \u00e0 \nproximit\u00e9 du n\u00b0 140 de la Rue Alphonse DAUDET permet de s\u00e9curiser les abords  \nimm\u00e9diats de l'H\u00f4tel de ville et de suivre les flux routier et pi\u00e9ton au niveau de cette \nintersection.\nCAMERAS\n31 et 32\nParking Cimeti\u00e8re     :  \nUne cam\u00e9ra multi-capteurs et une cam\u00e9ra d\u00f4me motoris\u00e9e PTZ implant\u00e9es sur le  \nm\u00e2t d'\u00e9clairage public situ\u00e9 \u00e0 l'angle du carrefour form\u00e9 par le chemin des Canaux \net le chemin des Buttes, permettent de visualiser le parking du cimeti\u00e8re et du  \ncarrefour pr\u00e9cit\u00e9.\nCAMERAS\n33 et 34\nChemin d'Estagel     :  \nUne cam\u00e9ra fixe contextuelle associ\u00e9e \u00e0 une cam\u00e9ra fixe de circulation \u00e0 champs  \n\u00e9troit (focus plaque d'immatriculation) implant\u00e9es sur un m\u00e2t en bordure du chemin \nd'Estagels et \u00e0 proximit\u00e9 de l'impasse \u00e9ponyme permettent de visualiser le chemin  \nd'Estagel c\u00f4t\u00e9 ville (Nord).\nCAMERAS \n35 et 36\nChemin des Buttes (en limite avec la ville de N\u00ceMES)     :  \nUne cam\u00e9ra fixe multi-capteurs *4 (360\u00b0) et une cam\u00e9ra fixe de circulation \u00e0 champ \n\u00e9troit  (focus  plaques  d'immatriculation)  seront  install\u00e9es  sur  un  futur  m\u00e2t \nd'\u00e9clairage public. Elles permettront de visualiser le flux routier et pi\u00e9ton entrant et \nsortant par cette zone \nPrefecture du Gard - 30-2025-06-03-00004 - AP VIDEOPROTECTION MAIRIE CAISSARGUES 2025 22\nPrefecture du Gard\n30-2025-06-03-00002\nAP VIDEOPROTECTION MAIRIE MUS 2025\nPrefecture du Gard - 30-2025-06-03-00002 - AP VIDEOPROTECTION MAIRIE MUS 2025 23\nPREFETDU GARDLibert\u00e9Egalit\u00e9Fraternit\u00e9\nCabinet du Pr\u00e9fet\nDirection des S\u00e9curit\u00e9s\nService d'Animation des Politiques de S\u00e9curit\u00e9 Int\u00e9rieure\nBureau des Polices Administratives\nArr\u00eat\u00e9 n\u00b0 30-2025-\nportant modification de l'autorisation de fonctionnement d'un syst\u00e8me de vid\u00e9oprotection\nLe pr\u00e9fet du gard, \nChevalier de la L\u00e9gion d'Honneur, \nChevalier de l'Ordre National du M\u00e9rite, \nVu le titre V du livre Il de la partie l\u00e9gislative et de la partie r\u00e9glementaire du code de la  \ns\u00e9curit\u00e9 int\u00e9rieure\u00a0;\nVu le code civil et notamment son article 9\u00a0;\nVu le nouveau code p\u00e9nal et notamment son article 226-1\u00a0;\nVu le d\u00e9cret n\u00b0 2015-489 du 29 avril 2015 relatif \u00e0 la vid\u00e9oprotection\u00a0;\nVu le d\u00e9cret du 13 juillet 2023 nommant M. J\u00e9r\u00f4me BONET, pr\u00e9fet du Gard\u00a0;\nVu l'arr\u00eat\u00e9 minist\u00e9riel et la circulaire du 3 ao\u00fbt 2007 portant d\u00e9finition des normes techniques \ndes syst\u00e8mes de vid\u00e9oprotection\u00a0;\nVu l'arr\u00eat\u00e9  pr\u00e9fectoral  n\u00b02023060-054  du  1 er\n mars  2023  portant  autorisation  de  \nfonctionnement d'un syst\u00e8me de vid\u00e9oprotection\u00a0;\nVu l'arr\u00eat\u00e9 pr\u00e9fectoral n\u00b0 30-2024-10-18-00005 du 18 octobre 2024 donnant d\u00e9l\u00e9gation de signa-\nture \u00e0 M. Yann GERARD, secr\u00e9taire g\u00e9n\u00e9ral de la pr\u00e9fecture du Gard, sous-pr\u00e9fet de N\u00eemes\u00a0;\nVu l'arr\u00eat\u00e9 pr\u00e9fectoral n\u00b0 30-2024-10-18-00009 du 18 octobre 2024 donnant d\u00e9l\u00e9gation de signa-\nture  \u00e0  Mme  Marie-Charlotte  EUVRARD,  sous-pr\u00e9f\u00e8te,  directrice  de  cabinet  du  pr\u00e9fet  du \nGard\u00a0;\nVu l'arr\u00eat\u00e9 pr\u00e9fectoral n\u00b0 30-2024-11-28-00004 du 28 novembre 2024 donnant d\u00e9l\u00e9gation de si -\ngnature \u00e0 M. Franck LACOSTE, directeur des s\u00e9curit\u00e9s, directeur de cabinet adjoint du pr\u00e9fet  \ndu Gard\u00a0;\nVu la circulaire n\u00b0 INT D09/00057/C du 12 mars 2009 relative aux conditions de d\u00e9ploiement  \ndes syst\u00e8mes de vid\u00e9oprotection\u00a0;\nVu la  demande  de  modification  de  fonctionnement  d'un  syst\u00e8me  de  vid\u00e9oprotection \npr\u00e9sent\u00e9e par la mairie de MUS\u00a0;\nVu l'avis du r\u00e9f\u00e9rent s\u00fbret\u00e9\u00a0;\nVu l'avis de la commission d\u00e9partementale des syst\u00e8mes de vid\u00e9oprotection r\u00e9unie le 23 avril  \n2025\u00a0;\nPrefecture du Gard - 30-2025-06-03-00002 - AP VIDEOPROTECTION MAIRIE MUS 2025 24\nSur proposition de la directrice de cabinet du pr\u00e9fet du Gard.\nArr\u00eate\u00a0:\nArticle 1 \u00a0: La mairie de MUS  est autoris\u00e9e \u00e0 modifier son syst\u00e8me de vid\u00e9oprotection . Cette \nautorisation est valable pour une dur\u00e9e de cinq ans renouvelable.\nLa pr\u00e9sente autorisation est d\u00e9livr\u00e9e sans pr\u00e9judice des droits des tiers.\nCette modification intervient sur l'installation de vid\u00e9oprotection pr\u00e9c\u00e9demment autoris\u00e9e  \npar arr\u00eat\u00e9 pr\u00e9fectoral n\u00b02023060-054 du 1er\n mars 2023 susvis\u00e9.\nArticle  2\u00a0:  les  modifications  portent  sur  la  modification  de  position  de  3  cam\u00e9ras  voie \npublique soit un total de 3 cam\u00e9ras (3 voie publique).\nArticle  3\u00a0:  Le  reste  des  dispositions  pr\u00e9vues  par  l'arr\u00eat\u00e9  n\u00b02023060-054  du  1er\n mars  2023 \ndemeure applicable.\nArticle 4 \u00a0: la directrice de cabinet du pr\u00e9fet du Gard, le directeur interd\u00e9partemental de la  \npolice nationale du Gard, le commandant du groupement de gendarmerie du Gard  sont \ncharg\u00e9s, chacun en ce qui le concerne, de l'ex\u00e9cution du pr\u00e9sent arr\u00eat\u00e9 qui sera publi\u00e9 au  \nrecueil des actes administratifs de la pr\u00e9fecture. Un exemplaire de cette d\u00e9cision sera notifi\u00e9  \nau maire de la commune de MUS.\nLe pr\u00e9fet,\nPrefecture du Gard - 30-2025-06-03-00002 - AP VIDEOPROTECTION MAIRIE MUS 2025 25\nLISTE DES CAM\u00c9RAS PR\u00c9CONIS\u00c9ES SUR LA COMMUNE DE MUS.\nCAMERA 1 Intersection Rue de l'\u00e9glise et rue de la poste     :  \nUne cam\u00e9ra fixe multi-capteurs install\u00e9e sur un m\u00e2t d\u00e9di\u00e9 \u00e0 l'intersection de la rue de \nla Poste et de la Rue de l'\u00e9glise. Pour suivre les flux pi\u00e9tons et routier de cette zone et \nl'entr\u00e9e de la mairie.\nCAMERA 2 Intersection Rue des Airettes / Avenue du puits vieux     (place de la mairie)     :  \nUne cam\u00e9ra fixe multi-capteurs install\u00e9e sur un m\u00e2t neuf au plus pr\u00e8s de cette  \nintersection permettra de visualiser le flux pi\u00e9ton et routier de cette zone et d'assurer \nla protection des v\u00e9hicules stationn\u00e9s sur.\nCAMERA 3 Place du 11 novembre     :  \nUne cam\u00e9ra fixe multi-capteurs install\u00e9es sur un m\u00e2t permettra de visualiser le flux  \nroutier et pi\u00e9ton de cette zone et d'assurer la protection de ce parking.\nPrefecture du Gard - 30-2025-06-03-00002 - AP VIDEOPROTECTION MAIRIE MUS 2025 26\nPrefecture du Gard\n30-2025-06-03-00003\nAP VIDEOPROTECTION MAIRIE ST QUENTIN LA\nPOTERIE 2025\nPrefecture du Gard - 30-2025-06-03-00003 - AP VIDEOPROTECTION MAIRIE ST QUENTIN LA POTERIE 2025 27\nPREFETDU GARDLibert\u00e9Egalit\u00e9Fraternit\u00e9\nCabinet du Pr\u00e9fet\nDirection des S\u00e9curit\u00e9s\nService d'Animation des Politiques de S\u00e9curit\u00e9 Int\u00e9rieure\nBureau des Polices Administratives\nArr\u00eat\u00e9 n\u00b0 30-2025-\nportant modification de l'autorisation de fonctionnement d'un syst\u00e8me de vid\u00e9oprotection\nLe pr\u00e9fet du gard, \nChevalier de la L\u00e9gion d'Honneur, \nChevalier de l'Ordre National du M\u00e9rite, \nVu le titre V du livre Il de la partie l\u00e9gislative et de la partie r\u00e9glementaire du code de la  \ns\u00e9curit\u00e9 int\u00e9rieure\u00a0;\nVu le code civil et notamment son article 9\u00a0;\nVu le nouveau code p\u00e9nal et notamment son article 226-1\u00a0;\nVu le d\u00e9cret n\u00b0 2015-489 du 29 avril 2015 relatif \u00e0 la vid\u00e9oprotection\u00a0;\nVu le d\u00e9cret du 13 juillet 2023 nommant M. J\u00e9r\u00f4me BONET, pr\u00e9fet du Gard\u00a0;\nVu l'arr\u00eat\u00e9 minist\u00e9riel et la circulaire du 3 ao\u00fbt 2007 portant d\u00e9finition des normes techniques \ndes syst\u00e8mes de vid\u00e9oprotection\u00a0;\nVu l'arr\u00eat\u00e9  pr\u00e9fectoral  n\u00b02021286-038  du  13  octobre  2021  portant  autorisation  de  \nfonctionnement d'un syst\u00e8me de vid\u00e9oprotection\u00a0;\nVu l'arr\u00eat\u00e9 pr\u00e9fectoral n\u00b0 30-2024-10-18-00005 du 18 octobre 2024 donnant d\u00e9l\u00e9gation de signa-\nture \u00e0 M. Yann GERARD, secr\u00e9taire g\u00e9n\u00e9ral de la pr\u00e9fecture du Gard, sous-pr\u00e9fet de N\u00eemes\u00a0;\nVu l'arr\u00eat\u00e9 pr\u00e9fectoral n\u00b0 30-2024-10-18-00009 du 18 octobre 2024 donnant d\u00e9l\u00e9gation de signa-\nture  \u00e0  Mme  Marie-Charlotte  EUVRARD,  sous-pr\u00e9f\u00e8te,  directrice  de  cabinet  du  pr\u00e9fet  du \nGard\u00a0;\nVu l'arr\u00eat\u00e9 pr\u00e9fectoral n\u00b0 30-2024-11-28-00004 du 28 novembre 2024 donnant d\u00e9l\u00e9gation de si -\ngnature \u00e0 M. Franck LACOSTE, directeur des s\u00e9curit\u00e9s, directeur de cabinet adjoint du pr\u00e9fet  \ndu Gard\u00a0;\nVu la circulaire n\u00b0 INT D09/00057/C du 12 mars 2009 relative aux conditions de d\u00e9ploiement  \ndes syst\u00e8mes de vid\u00e9oprotection\u00a0;\nVu la  demande  de  modification  de  fonctionnement  d'un  syst\u00e8me  de  vid\u00e9oprotection \npr\u00e9sent\u00e9e par la mairie de ST-QUENTIN-LA-POTERIE\u00a0;\nVu l'avis du r\u00e9f\u00e9rent s\u00fbret\u00e9\u00a0;\nVu l'avis de la commission d\u00e9partementale des syst\u00e8mes de vid\u00e9oprotection r\u00e9unie le 23 avril  \n2025\u00a0;\nPrefecture du Gard - 30-2025-06-03-00003 - AP VIDEOPROTECTION MAIRIE ST QUENTIN LA POTERIE 2025 28\nSur proposition de la directrice de cabinet du pr\u00e9fet du Gard.\nArr\u00eate\u00a0:\nArticle 1 \u00a0: L a mairie de ST-QUENTIN-LA-POTERIE  est autoris\u00e9e \u00e0 modifier son syst\u00e8me de  \nvid\u00e9oprotection. Cette autorisation est valable pour une dur\u00e9e de cinq ans renouvelable.\nLa pr\u00e9sente autorisation est d\u00e9livr\u00e9e sans pr\u00e9judice des droits des tiers.\nCette modification intervient sur l'installation de vid\u00e9oprotection pr\u00e9c\u00e9demment autoris\u00e9e  \npar arr\u00eat\u00e9 pr\u00e9fectoral n\u00b02021286-038 du 13 octobre 2021 susvis\u00e9.\nArticle 2\u00a0: les modifications portent sur l'extension du syst\u00e8me par 18 cam\u00e9ras voie publique  \nsuppl\u00e9mentaires soit un total de 39 cam\u00e9ras (39 voie publique).\nArticle  3\u00a0:  ce  dispositif  de  vid\u00e9oprotection  ne  peut  \u00eatre  utilis\u00e9  qu'en  vue  d'assurer  la \nprotection  les  b\u00e2timents  et  installations  publics  et  la  surveillance  de  leurs  abords,  la \nr\u00e9gulation du trafic routier et la pr\u00e9vention des atteintes \u00e0 la s\u00e9curit\u00e9 des personnes et des  \nbiens ainsi que la pr\u00e9vention d'actes terroristes et du trafic de stup\u00e9fiants.\nArticle 4 \u00a0:  Le reste des dispositions pr\u00e9vues par l'arr\u00eat\u00e9  n\u00b02021286-038 du 13 octobre 2021  \ndemeure applicable.\nArticle 5 \u00a0: la directrice de cabinet du pr\u00e9fet du Gard, le directeur interd\u00e9partemental de la  \npolice nationale du Gard, le commandant du groupement de gendarmerie du Gard  sont \ncharg\u00e9s, chacun en ce qui le concerne, de l'ex\u00e9cution du pr\u00e9sent arr\u00eat\u00e9 qui sera publi\u00e9 au  \nrecueil des actes administratifs de la pr\u00e9fecture. Un exemplaire de cette d\u00e9cision sera notifi\u00e9  \nau maire de la commune de ST-QUENTIN-LA-POTERIE.\nLe pr\u00e9fet,\nPrefecture du Gard - 30-2025-06-03-00003 - AP VIDEOPROTECTION MAIRIE ST QUENTIN LA POTERIE 2025 29\nSAINT QUENTIN LA POTERIE\nTABLEAU RECAPITULATIF \nCAMERAS\n 1,2 et 3\n1 Avenue Margueritte Blanchard (Mairie Annexe)     :  \nUne cam\u00e9ra fixe  install\u00e9e en ext\u00e9rieur sur la fa\u00e7ade Nord-Ouest du b\u00e2timent  \ncommunal situ\u00e9 1 avenue Marguerite Blanchard. Le capteur de vid\u00e9oprotection est \norient\u00e9 en direction du rez-de chauss\u00e9e pour s\u00e9curiser les abords imm\u00e9diats de ce  \nb\u00e2timent  c\u00f4t\u00e9  parvis  central  (entr\u00e9es  des  commerces  install\u00e9s  sus  la  galerie \ncouverte) qui font face au parking de la place du March\u00e9. \nUne  deuxi\u00e8me  cam\u00e9ra  fixe implant\u00e9e  \u00e0  la  m\u00eame  hauteur  pour  permettre  de \ns\u00e9curiser le c\u00f4t\u00e9 Nord du b\u00e2timent et l'agence bancaire situ\u00e9e Rue des Jardins.\nUne cam\u00e9ra fixe install\u00e9e \u00e0 la m\u00eame hauteur que les cam\u00e9ras 1 et 2. Le capteur est \norient\u00e9 en direction du parking du March\u00e9 pour suivre les flux pi\u00e9ton et routier sur  \ncette partie de la place du March\u00e9 proche de l'entr\u00e9e VL du parking. \nCAMERAS \n4 et 5\n1 Avenue Margueritte Blanchard (Mairie Annexe)     :  \nUne  cam\u00e9ra  fixe install\u00e9e  en  ext\u00e9rieur  sur  la  fa\u00e7ade  Nord-Est  du  b\u00e2timent \ncommunal situ\u00e9 1 avenue Marguerite Blanchard. Le capteur de vid\u00e9oprotection est \norient\u00e9 en direction du transformateur EDF et l'aire de jeux.\nUne  deuxi\u00e8me  cam\u00e9ra  fixe implant\u00e9e  \u00e0  la  m\u00eame  hauteur  pour  permettre  de \ns\u00e9curiser les parkings situ\u00e9s au Nord de ce b\u00e2timent et le haut des Halles.\nCAMERAS\n6 et 7\n1 Avenue Margueritte Blanchard (Mairie Annexe)     :  \nUne cam\u00e9ra fixe  install\u00e9e en ext\u00e9rieur sur la fa\u00e7ade Est du b\u00e2timent communal  \nsitu\u00e9 1 avenue Marguerite Blanchard. Le capteur de vid\u00e9oprotection est orient\u00e9 le  \nlong du b\u00e2timent (sens Nord- Sud) pour en prot\u00e9ger les abords.\nUne cam\u00e9ra fixe  install\u00e9e sur la m\u00eame fa\u00e7ade Est permet de s\u00e9curiser la sortie  \nsitu\u00e9e de ce c\u00f4t\u00e9 du b\u00e2timent.\nCAMERAS\n 8 et 9\n1 Avenue Margueritte Blanchard (Mairie Annexe)     :  \nUne cam\u00e9ra fixe  install\u00e9e sur la fa\u00e7ade sud  du b\u00e2timent permet de s\u00e9curiser  \nl'arri\u00e8re de l'\u00e9difice et une partie des jardins.\nUne cam\u00e9ra fixe  install\u00e9e sur la m\u00eame fa\u00e7ade permet de s\u00e9curiser la suite de  \nl'arri\u00e8re du b\u00e2timent et des jardins, en champ crois\u00e9 avec la cam\u00e9ra pr\u00e9c\u00e9dente.\nCAMERAS \n10,11 et 12\n1 Avenue Margueritte Blanchard (Mairie Annexe)     :  \nUne  cam\u00e9ra  fixe install\u00e9e  en  ext\u00e9rieur  sur  la  fa\u00e7ade  Sud-Ouest  du  b\u00e2timent \ncommunal situ\u00e9 1 avenue Marguerite Blanchard. Le capteur de vid\u00e9oprotection est \norient\u00e9 en direction du rez-de chauss\u00e9e pour s\u00e9curiser les abords imm\u00e9diats de ce  \nb\u00e2timent  c\u00f4t\u00e9  parvis  central  (entr\u00e9es  des  commerces  install\u00e9s  sus  la  galerie \ncouverte) qui font face au parking de la place du March\u00e9. \nUne cam\u00e9ra fixe install\u00e9e \u00e0 la m\u00eame hauteur permet de visualiser le parking qui  \nlonge les Halles couvertes.\nUne cam\u00e9ra fixe install\u00e9e cot\u00e9 sud-ouest permet de visualiser la partie sud-ouest du \nb\u00e2timent et de ses abords.\nCAMERAS \n13 et 14\n1 Avenue Marguerite BLANCHARD (couloir int\u00e9rieur Mairie Annexe)     :  \nDeux cam\u00e9ras fixes install\u00e9es aux deux extr\u00e9mit\u00e9s du couloir du premier \u00e9tage pour \ns\u00e9curiser le b\u00e2timent en permettant le suivi en continu des acc\u00e8s pi\u00e9tons dans les  \ndeux mont\u00e9es int\u00e9rieures reliant l'\u00e9tage aux issues de secours \nCAMERAS \n15 et 16\n Les Halles Couvertes     :  \nUne cam\u00e9ra fixe install\u00e9e sur le pilier Nord-Ouest permet de visualiser l'entr\u00e9e du \nParking Nord situ\u00e9e Avenue du march\u00e9 au niveau de l'intersection avec la Rue du 1er Mai\nUne cam\u00e9ra fixe install\u00e9e au m\u00eame endroit permet de visualiser le parking situ\u00e9 en \nparall\u00e8le du cot\u00e9 Ouest du b\u00e2timent.\nCAMERA 17 Les Halles Couvertes     :  \nUne cam\u00e9ra fixe install\u00e9e sur la face interne c\u00f4t\u00e9 Nord permet de visualiser \nPrefecture du Gard - 30-2025-06-03-00003 - AP VIDEOPROTECTION MAIRIE ST QUENTIN LA POTERIE 2025 30\nl'int\u00e9rieur des halles lors des p\u00e9riodes de march\u00e9.\nCAMERA 18 Les Halles Couvertes     :  \nUne cam\u00e9ra fixe install\u00e9e sur la fa\u00e7ade Est, permet de visualiser l'entr\u00e9e Sud-Est du \nparking situ\u00e9e Avenue du 14 juillet.\nCAMERA 19 Les Halles Couvertes     :  \nUne cam\u00e9ra fixe install\u00e9e sur l'angle Sud-Est permet de visualiser l'entr\u00e9e \nSud-Ouest du parking situ\u00e9e Avenue du 14 juillet.\nCAMERA 20 Parking du Lavoir     :  \nUne cam\u00e9ra fixe install\u00e9e sur un m\u00e2t d'\u00e9clairage public visionne le flux entrant et  \nsortant de cette aire de stationnement.\nCAMERA 21 Parking du Lavoir     :  \nUne cam\u00e9ra fixe install\u00e9e sur un m\u00e2t d'\u00e9clairage public visionne le site de d\u00e9p\u00f4t du \ntri s\u00e9lectif.\nCAMERAS\n22,23,24\nChemin de la Carri\u00e9rasse / Parking     :  \nUne cam\u00e9ra fixe 180\u00b0 et une cam\u00e9ra fixe seront install\u00e9es sur un m\u00e2t neuf au niveau \nde la sortie du parking. Elles permettront de visualiser le flux sortant de cette aire de \nstationnement, d'assurer une premi\u00e8re protection contre les atteintes au bien et de  \nvisualiser une portion de l'axe de circulation.\nUne cam\u00e9ra fixe champ large sera install\u00e9e sur un m\u00e2t neuf au niveau de l'entr\u00e9e du \nparking pour en visualiser le flux.\nCAMERA 25 Intersection Avenue du 14 juillet / Avenue du March\u00e9 / Chemin Moulin du  \nPont     :  \nUne cam\u00e9ra fixe \u00e0 champ large sera install\u00e9e sur un m\u00e2t d'\u00e9clairage public \u00e0  \nproximit\u00e9 de l'intersection cot\u00e9 Chemin du Moulin du Pont. Elle permettra de  \nvisualiser le flux routier et pi\u00e9ton de cette zone et celui sortant de l'Avenue du  \nMarch\u00e9.\nCAMERAS \n26 et 27\nIntersection Avenue du 14 juillet / Rue d'Uz\u00e8s     :  \nDeux cam\u00e9ra fixes champ large seront install\u00e9es sur un m\u00e2t d'\u00e9clairage public \u00e0  \nproximit\u00e9 de cet important axe de circulation de la commune. Elles permettront de  \nvisualiser le flux routier et pi\u00e9ton de cette zone.\nCAMERAS \n28 et 29\nIntersection Rue d'Uz\u00e8s / Rues des Chardonnerets     :  \nDeux cam\u00e9ras fixes seront install\u00e9es sur un m\u00e2t d'\u00e9clairage public \u00e0 proximit\u00e9 de  \ncette intersection. Elles permettront de visualiser le flux entrant et sortant de la  \ncommune par cet axe ainsi que le point de tri s\u00e9lectif.\nCAMERAS\n30 et 31\nIntersection Chemin des Amandiers / Route de Saint-Victor / voie de la Madone \n/ Avenue L\u00e9on Pintard     :  \nDeux cam\u00e9ras fixes seront install\u00e9es en opposition de chaque c\u00f4t\u00e9 de l'intersection \nsur des m\u00e2ts d'\u00e9clairage public. Elles permettront de visualiser le flux routier et  \npi\u00e9ton de cette importante zone de croisement de la commune.\nCAMERAS\n32 et 33\nIntersection Chemin de Vallabrix / Voie de la Madone     :  \nDeux cam\u00e9ras fixes seront install\u00e9es sur un m\u00e2t neuf au niveau de cette intersection \nelles  permettront  de  visualiser  le  flux  de  v\u00e9hicules  empruntant  cet  axe  de \ncontournement de la commune.\nCAMERA 34 Intersection Chemin de Saint-Laurent de la Vern\u00e8de / Chemin de la Font des  \nChiens     :  \nUne cam\u00e9ra fixe install\u00e9e sur un m\u00e2t neuf permettra de visualiser le flux routier  \nempruntant ce t axe de contournement de la commune. \nCAMERA 35 Intersection Rote de Jol / Chemin de Fontar\u00e8ches / Chemin des Bougnettes     :  \nUne cam\u00e9ra fixe multi-capteurs sera install\u00e9e sur un m\u00e2t neuf au plus pr\u00e8s de cette  \nintersection. Elle permettra de visualiser le flux routier empruntant cet axe ainsi que \nla voie de contournement. \nCAMERA 36 Intersection Avenue Pierre de Cabissole / Chemin de Montaren / Grand Rue     :  \nUne cam\u00e9ra fixe multi-capteurs install\u00e9e sur un m\u00e2t neuf au plus pr\u00e8s de cette  \nPrefecture du Gard - 30-2025-06-03-00003 - AP VIDEOPROTECTION MAIRIE ST QUENTIN LA POTERIE 2025 31\nintersection permettra de visualiser le flux routier et pi\u00e9ton de cette art\u00e8re de la  \ncommune qui permet de rejoindre le c\u0153ur de ville.\nCAMERAS\n37 et 38\nIntersection Route d'Uz\u00e8s / Route de Vallabrix     :  \nDeux cam\u00e9ras fixes seront install\u00e9es sur un m\u00e2t neuf sur cet axe important de la  \ncommune. Elles permettront de visualiser le flux routier entrant et sortant de  \nl'agglom\u00e9ration par cet axe.\nCAMERA 39 Avenue L\u00e9on Pintard - Agence Postale     :  \nUne cam\u00e9ra fixe multi-capteurs \u00e9quip\u00e9e d'un bras d'angle sera install\u00e9e sur l'angle \nde l'agence postale. Elle permettra de visualiser le flux routier de cet axe, le parking \nmunicipal et l'acc\u00e8s \u00e0 l'espace Pierre Mend\u00e8s France.\nPrefecture du Gard - 30-2025-06-03-00003 - AP VIDEOPROTECTION MAIRIE ST QUENTIN LA POTERIE 2025 32\nPrefecture du Gard\n30-2025-06-02-00002\narrete portant habilitation d'un animateur\nintervenant en musique de l'association \"la voix\ndu Katang\" au centre de r\u00e9tetnion administrative\nde N\u00eemes\nPrefecture du Gard - 30-2025-06-02-00002 - arrete portant habilitation d'un animateur intervenant en musique de l'association \"la voix\ndu Katang\" au centre de r\u00e9tetnion administrative de N\u00eemes 33\nPREFET Service des Migrations et de I'Int\u00e9grationDU GARD Bureau de l'\u00c9loignement et de I'AsileLibert\u00e9\u00c9galit\u00e9Fraternit\u00e9 Arr\u00eat\u00e9 n\u00b0 30-2025-Portant habilitation d'un animateur intervenant en musiquede l'association \u00ab la voix du Katang \u00bbau centre de r\u00e9tention administrative de N\u00eemes (GARD)Le Pr\u00e9fet du GardChevalier de la L\u00e9gion d'Honneur,Officier de l'Ordre National du M\u00e9rite,\nVU le code de l'entr\u00e9e et du s\u00e9jour des \u00e9trangers et du droit d'asile, et notamment l'articleR 744-20 et R 744-21;VU le r\u00e8glement int\u00e9rieur du centre de r\u00e9tention administrative de Nimes;VU la convention de prestation de services, conclue entre l'\u00c9tat, repr\u00e9sent\u00e9 parMonsieur Christian CHASSAING, secr\u00e9taire g\u00e9n\u00e9ral de la zone de d\u00e9fense et de s\u00e9curit\u00e9 sudet l'association de \u00ab La voix du Katang \u00bb, repr\u00e9sent\u00e9e par Madame Nadine SAINT JEAN,pr\u00e9sidente de l'association;VU la demande de renouvellement \u00e9manant du CRA de N\u00eemes transmise par courriel le26 mai 2025;SUR proposition du secr\u00e9taire g\u00e9n\u00e9ral de la pr\u00e9fecture du Gard;ARRETEARTICLE 1 : est habilit\u00e9 \u00e0 intervenir au centre de r\u00e9tention administrative de N\u00eemes en qualit\u00e9d'animateur intervenant en musique :Monsieur Antoine BRUNET, n\u00e9 le 21/06/1980 \u00e0 Nimes \u00a9ARTICLE 2 : la personne habilit\u00e9e est tenue de se conformer au r\u00e8glement int\u00e9rieur du centrede r\u00e9tention administrative de N\u00eemes.ARTICLE 3 : la pr\u00e9sente habilitation est valable du 02/06/2025 au 01/06/2026, en applicationde la convention de prestation de services conclue. Les services de la pr\u00e9fecture serontavertis dans les meilleurs d\u00e9lais en cas de changement d'animateur. Tout renouvellement serasollicit\u00e9 un mois avant l'\u00e9ch\u00e9ance de l'habilitation en cours.ARTICLE 4: le secr\u00e9taire g\u00e9n\u00e9ral de la pr\u00e9fecture du Gard, le Directeur Interd\u00e9partementalAdjoint, Chef des services de Police aux Fronti\u00e8res du Gard, la pr\u00e9sidente de l'association \u00ab Lavoix du Katang \u00bb, sont charg\u00e9s, chacun en ce qui le concerne, de l'ex\u00e9cution du pr\u00e9sentarr\u00eat\u00e9. |\nA N\u00eemes, le 02/06/2025H\u00f4tel de la Pr\u00e9fecture10 avenue Feuch\u00e8res \u2014 30045 NIMES CEDEX 9T\u00e9l : 0 4 66 36 43 90Fax : 04 66 36 00 87 - www.gard.gouv.fr r le pr\u00e9fet,r\u00e9taire g\u00e9n\u00e9ralYann G\u00c9RARD\nPrefecture du Gard - 30-2025-06-02-00002 - arrete portant habilitation d'un animateur intervenant en musique de l'association \"la voix\ndu Katang\" au centre de r\u00e9tetnion administrative de N\u00eemes 34\nPrefecture du Gard\n30-2025-06-03-00006\nArr\u00eat\u00e9 N\u00b030-2025-06-03-00006 portant\ninterdiction des rassemblements festifs \u00e0\ncaract\u00e8re musical et interdiction de circulation\ndes poids lourds transportant du mat\u00e9riel de\nsons \u00e0 destination d'un rassemblement festif \u00e0\ncaract\u00e8re musical non autoris\u00e9 dans le\nd\u00e9partement du Gard du jeudi 5 au mardi 10 juin\n2025.\nPrefecture du Gard - 30-2025-06-03-00006 - Arr\u00eat\u00e9 N\u00b030-2025-06-03-00006 portant interdiction des rassemblements festifs \u00e0\ncaract\u00e8re musical et interdiction de circulation des poids lourds transportant du mat\u00e9riel de sons \u00e0 destination d'un rassemblement\nfestif \u00e0 caract\u00e8re musical non autoris\u00e9 dans le d\u00e9partement du Gard du jeudi 5 au mardi 10 juin 2025.\n35\nra 8 CabinetDirection des s\u00e9curit\u00e9sPRE FET Service d'animation des politiques de s\u00e9curit\u00e9 int\u00e9rieureDU GARDLibert\u00e9Egalit\u00e9Fraternit\u00e9 +HSE\nN\u00eemes le, _g.3 JUIN 2025\nArr\u00eat\u00e9 N\u00b030-2025-06- OF - OCOO Gportant interdiction des rassemblements festifs \u00e0 caract\u00e8re musical et interdiction decirculation des poids lourds transportant du mat\u00e9riel de sons \u00e0 destination d'unrassemblement festif \u00e0 caract\u00e8re musical non autoris\u00e9 dans le d\u00e9partement du Garddu jeudi 5 au mardi 10 juin 2025 |\nLe Pr\u00e9fet,Chevalier de la L\u00e9gion d'Honneur,Officier de l'Ordre national du M\u00e9rite,Vu le Code de la s\u00e9curit\u00e9 int\u00e9rieure, notamment ses articles L.211-1, L.211-5 et suivants,L.211-15, R.211-2 et suivants et R.211-27 et suivants ;Vu le Code de la route ;Vu le Code de la voirie routi\u00e8re ;Vu le Code g\u00e9n\u00e9ral de collectivit\u00e9s territoriales, notamment son article L.2215-1 ;Vu le Code p\u00e9nal, notamment son article 431-9 ;Vule d\u00e9cret n\u00b02004-374 du 29 avril 2004 modifi\u00e9 relatif aux pouvoirs des pr\u00e9fets \u00e0l'organisation et \u00e0 l'action des services de l'\u00c9tat dans les r\u00e9gions et les d\u00e9partements ;Vule d\u00e9cret du Pr\u00e9sident de la R\u00e9publique du 13 juillet 2023, nommantMonsieur J\u00e9r\u00f4me BONET, pr\u00e9fet du Gard;Vu l'arr\u00eat\u00e9 pr\u00e9fectoral n\u00b030-2024-10-18-00007 du 18 octobre 2024 donnant d\u00e9l\u00e9gation designature a Monsieur Emile SOUMBO, sous-pr\u00e9fet de l'arrondissement d'Al\u00e9s ;Vu l'arr\u00eat\u00e9 pr\u00e9fectoral n\u00b030-2024-10-18-00008 du 18 octobre 2024 donnant d\u00e9l\u00e9gation designature-\u00e0 Madame Anne LEVASSEUR, sous-pr\u00e9f\u00e8te de l'arrondissement du Vigan ;Vu l'arr\u00eat\u00e9 pr\u00e9fectoral n\u00b030-2024-10-18-00009 du 18 octobre 2024 donnant d\u00e9l\u00e9gation designature a Madame Marie-Charlotte EUVRARD, sous-pr\u00e9f\u00e8te, directrice de cabinet dupr\u00e9fet du Gard;Vu l'arr\u00eat\u00e9 pr\u00e9fectoral n\u00b030-2024-10-18-00005 du 18 octobre 2024 donnant d\u00e9l\u00e9gation designature \u00e0 Monsieur Yann GERARD, secr\u00e9taire g\u00e9n\u00e9ral de la pr\u00e9fecture du Gard,sous-pr\u00e9fet de N\u00eemes ; |\nPrefecture du Gard - 30-2025-06-03-00006 - Arr\u00eat\u00e9 N\u00b030-2025-06-03-00006 portant interdiction des rassemblements festifs \u00e0\ncaract\u00e8re musical et interdiction de circulation des poids lourds transportant du mat\u00e9riel de sons \u00e0 destination d'un rassemblement\nfestif \u00e0 caract\u00e8re musical non autoris\u00e9 dans le d\u00e9partement du Gard du jeudi 5 au mardi 10 juin 2025.\n36\nVu l'arr\u00e9t\u00e9 pr\u00e9fectoral n\u00b030-2024-10-18-00006 du 18 octobre 2024 donnant d\u00e9l\u00e9gation designature \u00e0 Monsieur Mathias NIEPS, sous-pr\u00e9fet, charg\u00e9 de mission aupr\u00e8s du pr\u00e9fet duGard, secr\u00e9taire g\u00e9n\u00e9ral adjoint de la pr\u00e9fecture du Gard ;Vu l'arr\u00eat\u00e9 minist\u00e9riel du 16 avril 2021 relatif \u00e0 l'interdiction de circulation des v\u00e9hicules detransports de marchandises \u00e0 certaines p\u00e9riodes ;Vu l'arr\u00eat\u00e9 pr\u00e9fectoral du 31 ao\u00fbt 2012 relatif \u00e0 l'emploi du feu dans le d\u00e9partement du\nVu l'arr\u00eat\u00e9 pr\u00e9fectoral du 8 janvier 2013 relatif au d\u00e9broussaillement r\u00e9glementaire destin\u00e9\u00e0 diminuer l'intensit\u00e9 des incendies de for\u00eat et \u00e0 en limiter la propagation dans led\u00e9partement du Gard;Vu l'instruction minist\u00e9rielle du 16 juillet 2021 relative aux mesures \u00e0 mettre en \u0153uvre dansle cas de rassemblement festifs de jeunes de type festivals (tout type de musique) oude rassemblements festifs de type free party et rave-party ;Consid\u00e9rant que selon les \u00e9l\u00e9ments d'informations disponibles, notamment lesinformations recueillies aupr\u00e8s des services de la Gendarmerie Nationale duGard et de renseignements, et les annonces sur les r\u00e9seaux sociaux, desrassemblements festifs \u00e0 caract\u00e8re musical de type rave-party sontsusceptibles de regrouper plusieurs milliers de participants, sont \u00e0 pr\u00e9voirdans le d\u00e9partement du Gard pendant la p\u00e9riode printani\u00e8re ;Consid\u00e9rant que plusieurs rassemblements festifs \u00e0 caract\u00e8re musical de type rave-party ;teknival, multi-sons, se sont d\u00e9roul\u00e9s partout sur le territoire national et que,notamment dans le d\u00e9partement du Gard, 4 rassemblements ont \u00e9t\u00e9recens\u00e9s en 2023 et 1 en 2024;Consid\u00e9rant qu'un rassemblement musical ill\u00e9gal s'est tenu dans le d\u00e9partement du Garddu 19 au 22 avril 2025 r\u00e9unissant 3000 festivaliers, le risque qu'un tel\u00e9v\u00e9nement se reproduise sur le d\u00e9partement du Gard est par cons\u00e9quentav\u00e9r\u00e9 ;Consid\u00e9rant que des effectifs des forces de l'ordre ont \u00e9t\u00e9 pris \u00e0 partie et bless\u00e9s lors de la| prise de contact avec les organisateurs du rassemblement ill\u00e9gal du 19 au 22avril 2025 ;Consid\u00e9rant qu'un rassemblement musical ill\u00e9gal regroupant 10 000 personnes s'est tenudans le d\u00e9partement du Lot du 7 au 11 mai 2025 ;Consid\u00e9rant qu'un rassemblement musical ill\u00e9gal regroupant environ 200 personnes s'esttenu dans le d\u00e9partement de la Loz\u00e8re du 29 mai 2025 occasionnant desheurts avec les agriculteurs, n\u00e9cessitant l'intervention des forces de l'ordre ;Consid\u00e9rant que sur les dates concern\u00e9es par l'\u00e9v\u00e9nement projet\u00e9, les forces de l'ordre etles services de secours seront particuli\u00e8rement mobilis\u00e9s sur des \u00e9v\u00e9nementsconcomitants, notamment la F\u00e9ria de Pentec\u00f4te de N\u00eemes du 4 au 9 juin 2025inclus, les concerts Candlelight au Pont du Gard les 7 et 8 juin 2025, la Marchedes fiert\u00e9s le samedi 7 juin 2025 \u00e0 Al\u00e8s, l'Espival du 7 au 8 juin 2025 auGrau du Roi, les f\u00eates traditionnelles sur l'ensemble du d\u00e9partement du Garddu 6 au 9 juin inclus ;\nPrefecture du Gard - 30-2025-06-03-00006 - Arr\u00eat\u00e9 N\u00b030-2025-06-03-00006 portant interdiction des rassemblements festifs \u00e0\ncaract\u00e8re musical et interdiction de circulation des poids lourds transportant du mat\u00e9riel de sons \u00e0 destination d'un rassemblement\nfestif \u00e0 caract\u00e8re musical non autoris\u00e9 dans le d\u00e9partement du Gard du jeudi 5 au mardi 10 juin 2025.\n37\nConsid\u00e9rant qu'\u00e0 ce jour aucune manifestation de ce type n'a fait l'objet d'une d\u00e9clarationpr\u00e9alable en pr\u00e9fecture du Gard, telle que pr\u00e9vue par l'article L.211-5 etsuivants du Code de la s\u00e9curit\u00e9 int\u00e9rieure, et qu'\u00e0 d\u00e9faut d'une telled\u00e9claration, l'organisation d'une manifestation non d\u00e9clar\u00e9e est un d\u00e9litpr\u00e9vu par l'article 431-9 alin\u00e9a 1 du Code p\u00e9nal;Consid\u00e9rant que l'absence d'un tel formalisme, en plus de pas \u00eatre conforme auxdispositions pr\u00e9cit\u00e9es, ne permet pas de conna\u00eetre le niveau de s\u00e9curit\u00e9 durassemblement projet\u00e9, ni les mesures envisag\u00e9es par l'organisateur pourgarantir la s\u00e9curit\u00e9, la salubrit\u00e9, l'hygi\u00e8ne et la tranquillit\u00e9 publique despersonnes ainsi que le respect du droit de propri\u00e9t\u00e9 pour le ou les terrainsOCCUP\u00c9S ;Consid\u00e9rant qu'en l'absence de toute prise de contact pr\u00e9alable des organisateurs avec les- services pr\u00e9fectoraux ou les collectivit\u00e9s territoriales concern\u00e9es, la missiond'accompagnement des organisateurs du rassemblement projet\u00e9, conduitepar les services de l'\u00c9tat et pr\u00e9vue par instruction du 16 juillet 2021, n'a pu\u00eatre mise en \u0153uvre ;Consid\u00e9rant les risques de troubles graves \u00e0 l'ordre public, \u00e0 la s\u00fbret\u00e9, \u00e0 la s\u00e9curit\u00e9 et \u00e0 lasalubrit\u00e9 publique que pr\u00e9senterait le d\u00e9roulement d'un rassemblementd\u00e9pourvu d'un service d'ordre et d'un dispositif sanitaire, et auquelpourraient participer plusieurs milliers de personnes dans un lieu nonam\u00e9nag\u00e9 pour recevoir ce type de rassemblement et n'a fait l'objet d'aucuneorganisation pr\u00e9alable coordonn\u00e9e ; | |Consid\u00e9rant la n\u00e9cessit\u00e9 de pr\u00e9venir les risque de troubles \u00e0 l'ordre public et que lesmoyens appropri\u00e9s de lutte contre l'incendie et de secours aux personnes,ainsi qu'en mati\u00e9re de s\u00e9curit\u00e9 sanitaire et routi\u00e9re ne sont pas r\u00e9unis dans lecadre du rassemblement projet\u00e9 ;Consid\u00e9rant que le regroupement de plus de 500 personnes dans des rassemblements nond\u00e9clar\u00e9s repr\u00e9sente un risque grave pour la s\u00e9curit\u00e9 des participants et qu'il ya lieu de prendre toutes les mesures n\u00e9cessaires ;Consid\u00e9rant que dans ces circonstances, de tels rassemblements sont de nature aprovoquer des troubles s\u00e9rieux \u00e0 l'ordre public et \u00e0 la tranquillit\u00e9 publique etqu'il y a lieu de prendre toutes les mesures n\u00e9cessaires ;Consid\u00e9rant que persistent des tensions en particulier dans le cadre de conflit isra\u00e9lo-palestinien, que le plan VIGIPIRATE est rehauss\u00e9 depuis le 24 mars 2024 auniveau \u00ab Urgence attentat \u00bb ; que par cons\u00e9quent les forces de s\u00e9curit\u00e9 sontfortement mobilis\u00e9es ;Consid\u00e9rant que les forces de s\u00e9curit\u00e9 ainsi que les moyens de secours ne pourront faire\"face en termes de moyens, \u00e0 de telles manifestations susceptibles des'installer sans autorisation pr\u00e9alable en divers points du d\u00e9partement ;Consid\u00e9rant l'urgence \u00e0 pr\u00e9venir ces atteintes et \u00e0 assurer la s\u00e9curit\u00e9 des personnes et desbiens ;\nPrefecture du Gard - 30-2025-06-03-00006 - Arr\u00eat\u00e9 N\u00b030-2025-06-03-00006 portant interdiction des rassemblements festifs \u00e0\ncaract\u00e8re musical et interdiction de circulation des poids lourds transportant du mat\u00e9riel de sons \u00e0 destination d'un rassemblement\nfestif \u00e0 caract\u00e8re musical non autoris\u00e9 dans le d\u00e9partement du Gard du jeudi 5 au mardi 10 juin 2025.\n38\nPrefecture du Gard - 30-2025-06-03-00006 - Arr\u00eat\u00e9 N\u00b030-2025-06-03-00006 portant interdiction des rassemblements festifs \u00e0\ncaract\u00e8re musical et interdiction de circulation des poids lourds transportant du mat\u00e9riel de sons \u00e0 destination d'un rassemblement\nfestif \u00e0 caract\u00e8re musical non autoris\u00e9 dans le d\u00e9partement du Gard du jeudi 5 au mardi 10 juin 2025.\n39","date":"2025-06-03","first_seen_on":"2025-06-03T16:10:49+00:00","id":"1755c318b08e4bde777158b2c7245caee4a315b4f3bd6e1ba9b5f0031d3a5ecc","name":"recueil-30-2025-095-special du 03 06 2025","pdf_creation_date":"2025-06-03T14:54:52+00:00","pdf_modification_date":null,"timezone":"Europe/Paris","url":"https://www.gard.gouv.fr/contenu/telechargement/63688/470796/file/recueil-30-2025-095-special%20du%2003%2006%202025.pdf"}
