{"administration":"pref21","administration_name":"Pr\u00e9fecture de C\u00f4te-d\u2019Or","content":"PR\u00c9FET\nDE LA C\u00d4TE-D'OR\nRECUEIL DES ACTES\nADMINISTRATIFS SP\u00c9CIAL\nN\u00b021-2026-070\nPUBLI\u00c9 LE 22 AVRIL 2026\nSommaire\nCHU Dijon Bourgogne /\n21-2026-02-16-00010 - 06 - DS - DRH - CH Langres - 16 02 2026 - (1) (3 pages) Page 4\n21-2026-04-01-00010 - 12 D\u00e9l\u00e9gation Signature DSN  - 01 04 2026 (4\npages) Page 8\nDirection d\u00e9partementale des territoires de la C\u00f4te-d'Or / Service de l'eau\net des risques\n21-2026-04-17-00007 - Arr\u00eat\u00e9 pr\u00e9fectoral n\u00b0 740 du 17 avril 2026\nportant autorisation environnementale au titre de l'article L.181-1 du code\nde l'environnement de l'installation de deux parcs photovolta\u00efques\nsitu\u00e9s sur les communes de Darcey et Gissey-sous-Flavigny. (14 pages) Page 13\nDirection d\u00e9partementale des territoires de la C\u00f4te-d'Or / Service\nS\u00e9curit\u00e9 et Education Routi\u00e8re\n21-2026-04-21-00002 - Arr\u00eat\u00e9 N\u00b0 738 autorisant une manifestation\nnautique en cano\u00eb d\u00e9nomm\u00e9e \u00ab Raid de l'U\u00a0\u00bb et fixant des\nmesures temporaires de police de la navigation sur le Lac Chanoine Kir \u00e0\nDijon (21) \nle samedi 25 avril 2026. (4 pages) Page 28\nDRAAF Bourgogne-Franche-Comt\u00e9 /\n21-2026-04-21-00003 - arr\u00eat\u00e9 portant approbation de l'am\u00e9nagement\nde la for\u00eat communale de Bissey la Pierre pour la p\u00e9riode 2025-2044 (2\npages) Page 33\n21-2026-04-21-00004 - arr\u00eat\u00e9 portant approbation de l'am\u00e9nagement\nde la for\u00eat communale de Chanceaux pour la p\u00e9riode 2026-2045 avec\napplication du 2\u00b0 de l'article L122-7 du code forestier (3 pages) Page 36\n21-2026-04-21-00005 - arr\u00eat\u00e9 portant approbation de l'am\u00e9nagement\nde la for\u00eat communale de Grosbois-Mazerotte pour la p\u00e9riode\n2026-2045 avec application du 2\u00b0 de l'article L122-7 du code forestier (3\npages) Page 40\n21-2026-04-21-00006 - arr\u00eat\u00e9 portant approbation de l'am\u00e9nagement\nde la for\u00eat communale de Maligny pour la p\u00e9riode 2025-2044 (3 pages) Page 44\n21-2026-04-21-00007 - arr\u00eat\u00e9 portant approbation de l'am\u00e9nagement\nde la for\u00eat communale de Semezanges pour la p\u00e9riode 2026-2045 avec\napplication du 2\u00b0 de l'article L122-7 du code forestier (3 pages) Page 48\n21-2026-04-21-00008 - arr\u00eat\u00e9 portant approbation de l'am\u00e9nagement\nde la for\u00eat communale de Turcey pour la p\u00e9riode 2026-2045 avec\napplication du 2\u00b0 de l'article L122-7 du code forestier (3 pages) Page 52\nPr\u00e9fecture de la C\u00f4te-d'Or / Direction des s\u00e9curit\u00e9s\n21-2026-04-18-00001 - Arr\u00eat\u00e9 N\u00b0713 portant habilitation du service\nd\u00e9partemental de secours et d'incendie de la C\u00f4te-d'Or pour les\nformations aux premiers secours (4 pages) Page 56\n2\n21-2026-04-20-00002 - Arr\u00eat\u00e9 pr\u00e9fectoral dressant la liste des\nsyst\u00e8mes de vid\u00e9oprotection autoris\u00e9s \u00e0 la suite de la commission\nd\u00e9partementale du 12 mars 2026 (9 pages) Page 61\n21-2026-04-20-00001 - Arr\u00eat\u00e9 pr\u00e9fectoral modificatif autorisant\nl'enregistrement audiovisuel des interventions des agents de la police\nmunicipale de Chen\u00f4ve (2 pages) Page 71\n21-2026-04-21-00001 - Arr\u00eat\u00e9 pr\u00e9fectoral N\u00b0 737\nautorisant la\ncaptation, l'enregistrement et la transmission d'images\nau moyen\nde cam\u00e9ras install\u00e9es sur des a\u00e9ronefs (6 pages) Page 74\n21-2026-04-21-00009 - Arr\u00eat\u00e9 pr\u00e9fectoral N\u00b0 748 \nautorisant la\ncaptation, l'enregistrement et la transmission d'images\nau moyen\nde cam\u00e9ras install\u00e9es sur des a\u00e9ronefs (4 pages) Page 81\n21-2026-04-20-00003 - Avis de mention - conventions de coordination (1\npage) Page 86\nSous-pr\u00e9fecture de Beaune /\n21-2026-04-20-00005 - Arr\u00eat\u00e9 N\u00b0 730 portant habilitation dans le\ndomaine fun\u00e9raire  de la soci\u00e9t\u00e9 \u00abPOMPES FUNEBRES DE\nFRANCE\u00a0\u00bb \u00e0 Beaune (2 pages) Page 88\n3\nCHU Dijon Bourgogne\n21-2026-02-16-00010\n06 - DS - DRH - CH Langres - 16 02 2026 - (1)\nCHU Dijon Bourgogne - 21-2026-02-16-00010 - 06 - DS - DRH - CH Langres - 16 02 2026 - (1) 4\nlA \u2014Dijon Bourgogne cames d'Is-sur-Tille Mirebeau-Sur-B\u00e8ze f \\ \\ CENTRE HOSPITALIER\n            \n \n1 \n \n \n  \nEXTRAIT DU REGISTRE \nDES DECISIONS DU DIRECTEUR GENERAL \nDIRECTION GENERALE \n \nDELEGATION DE SIGNATURE \nDirection des Ressources Humaines du Centre Hospitalier de Langres \nDS 2026 \u2013 n\u00b0 6 du 16 f\u00e9vrier  2026 portant \nDELEGATION DE SIGNATURE  \n \n \nMonsieur Freddy SERVEAUX \nDirecteur G\u00e9n\u00e9ral du Centre Hospitalier du CHU Dijon Bourgogne, \n \n \n\u2212 Vu la loi n\u00b0 83 -634 du 13 juillet 1983 modifi\u00e9e portant droits et obligations des fonctionnaires, \nensemble la loi n\u00b0 86-33 du 9 janvier 1986 modifi\u00e9e portant dispositions statutaires relatives \u00e0 la \nFonction Publique Hospitali\u00e8re ; \n \n\u2212 Vu la loi n\u00b02009-879 du 21 juillet 2009 portant r\u00e9forme de l'h\u00f4pital et relative aux patients, \u00e0 la \nsant\u00e9 et aux territoires ; \n \n\u2212 Vu l'ordonnance n\u00b02022-408 du 23 mars 2022 relative au r\u00e9gime de responsabilit\u00e9 financi\u00e8re des \ngestionnaires publics ; \n \n\u2212 Vu le code de la sant\u00e9 publique, et notamment les articles L .6143-7 et D .6143-33 \u00e0 D .6143-35 \nrelatifs \u00e0 la d\u00e9l\u00e9gation de signature du directeur d'un \u00e9tablissement public de sant\u00e9 ; \n \n\u2212 Vu le d\u00e9cret n\u00b02005 -921 du 2 ao\u00fbt 2005 portant statut particulier des gardes et emplois des \npersonnels de direction des \u00e9tablissements mentionn\u00e9s \u00e0 l'article 2 (1\u00b0, 2\u00b0 et 3\u00b0) de la loi n\u00b086 - \n33 du 9 janvier 1986 modifi\u00e9e portant dispositions statu taires relatives \u00e0 la fonction publique \nhospitali\u00e8re ; \n \n\u2212 Vu le d\u00e9cret n\u00b02009-1765 du 30 d\u00e9cembre 2009 relatif au directeur et aux membres du directoire \ndes \u00e9tablissements publics de sant\u00e9 ;  \n \n\u2212 Vu le d\u00e9cret n\u00b02010-425 du 29 avril 2010 relatif \u00e0 l'organisation financi\u00e8re et \u00e0 l'investissement \nimmobilier des \u00e9tablissements de sant\u00e9 ; \n \n\u2212 Vu le d\u00e9cret du Pr\u00e9sident de la R\u00e9publique du 16 mai 2023 publi\u00e9 au Journal Officiel le 17 mai \n2023 portant nomination du Directeur G\u00e9n\u00e9ral du Centre Hospitalier Universitaire de Dijon ; \n \n\u2212 Vu le Proc\u00e8s - Verbal d'Installation en date du 05 juin 2023 certifiant l'installation de Monsieur \nFreddy SERVEAUX, Directeur G\u00e9n\u00e9ral du CHU Dijon Bourgogne \u00e0 compter du 05 juin 2023 ; \n \n \nCHU Dijon Bourgogne - 21-2026-02-16-00010 - 06 - DS - DRH - CH Langres - 16 02 2026 - (1) 5\ncra \"2 Hospcol 2 JoanneDijon Bourgogne CH EHPAD Coonneoao J'[S-SUr-Tille Mirebeau-Sur-B\u00e8ze ( \\f \\ CENTRE HOSPITALIER\nSign\u00e9\n            \n \n2 \n \n\u2212 Vu la convention de direction commune entre le CHU Dijon Bourgogne, le CH d'Auxonne, le CH \nd'Is-sur-Tille, l'EHPAD de Mirebeau-Sur-B\u00e8ze, le CH de Chaumont, le CH de Langres et le CH de \nBourbonne-les-Bains \u00e9tablie \u00e0 compter du 1er octobre 2024 en date du 12 juillet 2024 ; \n \n\u2212 Vu l'organigramme de direction en date du 1 janvier 2026,  \n \n \nD E C I D E  \n \n \nARTICLE 1 \u2013 D\u00e9l\u00e9gation est donn\u00e9e \u00e0 Madame MASCITTI Elodie, Directrice des ressources humaines et \ndes Affaires M\u00e9dicales du Centre Hospitalier de Langres pour signer en mes nom et place tout document \nrelatif au : \n \n\u25aa Secteur d'activit\u00e9 dont elle a la charge  : contrats de travail, contrats de recrutement, de mise \u00e0 \ndisposition, de prestation par le  Centre Hospitalier de Langres (courriers, d\u00e9cisions, actes \nd'engagement, avenants et autres documents en lien avec la gestion des ressources humaines). \n  \nARTICLE 2 \u2013 En cas d'absence ou d'emp\u00eachement de Monsieur Didier RICHARD, Directeur d\u00e9l\u00e9gu\u00e9, \nMadame MASCITTI Elodie  b\u00e9n\u00e9ficie d'une d\u00e9l\u00e9gation pour signer en mon nom et place tous les \ndocuments, d\u00e9cisions, courriers et notes de service ou d'information en lien avec l a Direction des \nAffaires M\u00e9dicales et la Direction des Ressources Humaines. \n \nARTICLE 3 \u2013 Les signatures ou paraphes du d\u00e9l\u00e9gataire nomm\u00e9 \u00e0 l'article 1 er sont joints \u00e0 la pr\u00e9sente \nd\u00e9cision.  \n \nARTICLE 4 \u2013 La pr\u00e9sente d\u00e9cision sera communiqu\u00e9e au conseil de s urveillance  de l'\u00e9tablissement  \nconcern\u00e9 , et transmise sans d\u00e9lai au tr\u00e9sorier p rincipal du CHU Dijon Bourgogne  et des h\u00f4pitaux de \nC\u00f4te-d'Or et au tr\u00e9sorier principal du CH de Chaumont . \n \nARTICLE 5 \u2013 La pr\u00e9sente d\u00e9cision sera ins\u00e9r\u00e9 e au recueil des actes administratifs des Pr\u00e9fecture s de \nla Haute -Marne et de la C\u00f4te \u2013 d'Or. Elle annule et remplace toute d\u00e9cision ant\u00e9rieure.  \n \nARTICLE 6 \u2013 La pr\u00e9sente d\u00e9cision peut faire l'objet d'un recours contentieux devant le Tribunal \nAdministratif de Ch\u00e2lons -en Champagne dans un d\u00e9lai de deux mois \u00e0 compter de sa publication.  \n \nDijon, le 16 f\u00e9vrier  2026 \n \n        Le Directeur G\u00e9n\u00e9ral  \n \n           \n \n             Freddy SERVEAU X \n \n \n         \n \n \nDirection G\u00e9n\u00e9rale : Extrait du registre des d\u00e9cisions du Directeur G\u00e9n\u00e9ral \n \nCHU Dijon Bourgogne - 21-2026-02-16-00010 - 06 - DS - DRH - CH Langres - 16 02 2026 - (1) 6\n. CH EHPAD =Lente Hesp ol er vivantes CENTRE HOSPT ! . - ESDijon Bourgogne area d'Is-SUr-Tille Mirebeau-Sur-B\u00e8ze ( \\ f \\ CENTRE HOSPITALIER\n            \n \n3 \n \nD\u00e9p\u00f4t de signature du d\u00e9l\u00e9gataire \n \n \n \n \nPr\u00e9nom NOM Direction Signature \nMme MASCITTI Elodie \nDirectrice des Ressources \nHumaines et des Affaires M\u00e9dicales \ndu Centre Hospitalier de Langres \n \n  \n \n  \n \n \n \n \n \n \n \nCHU Dijon Bourgogne - 21-2026-02-16-00010 - 06 - DS - DRH - CH Langres - 16 02 2026 - (1) 7\nCHU Dijon Bourgogne\n21-2026-04-01-00010\n12 D\u00e9l\u00e9gation Signature DSN  - 01 04 2026\nCHU Dijon Bourgogne - 21-2026-04-01-00010 - 12 D\u00e9l\u00e9gation Signature DSN  - 01 04 2026 8\nlA \u2014Dijon Bourgogne cames d'Is-sur-Tille Mirebeau-Sur-B\u00e8ze f \\ \\ CENTRE HOSPITALIER\n            \n \n1 \n \n \n  \nEXTRAIT DU REGISTRE \nDES DECISIONS DU DIRECTEUR GENERAL \nDIRECTION GENERALE \n \nDELEGATION DE SIGNATURE \nDirection des Services Num\u00e9riques du CHU Dijon Bourgogne et du GHT 21-52 \n \nDS 2026 \u2013 n\u00b0 12 du 01 avril 2026 portant \nDELEGATION DE SIGNATURE  \n \n \n \nMonsieur Freddy SERVEAUX \nDirecteur G\u00e9n\u00e9ral du Centre Hospitalier du CHU Dijon Bourgogne, \n \n \n\u2212 Vu la loi n\u00b0 83 -634 du 13 juillet 1983 modifi\u00e9e portant droits et obligations des fonctionnaires, \nensemble la loi n\u00b0 86-33 du 9 janvier 1986 modifi\u00e9e portant dispositions statutaires relatives \u00e0 la \nFonction Publique Hospitali\u00e8re ; \n \n\u2212 Vu la loi n\u00b02009-879 du 21 juillet 2009 portant r\u00e9forme de l'h\u00f4pital et relative aux patients, \u00e0 la \nsant\u00e9 et aux territoires ; \n \n\u2212 Vu l'ordonnance n\u00b02022-408 du 23 mars 2022 relative au r\u00e9gime de responsabilit\u00e9 financi\u00e8re des \ngestionnaires publics ; \n \n\u2212 Vu le code de la sant\u00e9 publique, et notamment les articles L .6143-7 et D .6143-33 \u00e0 D .6143-35 \nrelatifs \u00e0 la d\u00e9l\u00e9gation de signature du directeur d'un \u00e9tablissement public de sant\u00e9 ; \n \n\u2212 Vu le d\u00e9cret n\u00b02005 -921 du 2 ao\u00fbt 2005 portant statut particulier des gardes et emplois des \npersonnels de direction des \u00e9tablissements mentionn\u00e9s \u00e0 l'article 2 (1\u00b0, 2\u00b0 et 3\u00b0) de la loi n\u00b086 - \n33 du 9 janvier 1986 modifi\u00e9e por tant dispositions statutaires relatives \u00e0 la fonction publique \nhospitali\u00e8re ; \n \n\u2212 Vu le d\u00e9cret n\u00b02009-1765 du 30 d\u00e9cembre 2009 relatif au directeur et aux membres du directoire \ndes \u00e9tablissements publics de sant\u00e9 ;  \n \n\u2212 Vu le d\u00e9cret n\u00b02010-425 du 29 avril 2010 relatif \u00e0 l'organisation financi\u00e8re et \u00e0 l'investissement \nimmobilier des \u00e9tablissements de sant\u00e9 ; \n \n\u2212 Vu le d\u00e9cret du Pr\u00e9sident de la R\u00e9publique du 16 mai 2023 publi\u00e9 au Journal Officiel le 17 mai \n2023 portant nomination du Directeur G\u00e9n\u00e9ral du Centre Hospitalier Universitaire de Dijon ; \n \nCHU Dijon Bourgogne - 21-2026-04-01-00010 - 12 D\u00e9l\u00e9gation Signature DSN  - 01 04 2026 9\noe CH EHPAD CovenDijon Bourgogne cournsroremauuxpaxoe d'Is-sur-Tille Mirebeau-Sur-B\u00e8ze \\ \\ CENTRE HOSPITALIER\n            \n \n2 \n \n\u2212 Vu le Proc\u00e8s - Verbal d'Installation en date du 05 juin 2023 certifiant l'installation de Monsieur \nFreddy SERVEAUX, Directeur G\u00e9n\u00e9ral du CHU Dijon Bourgogne \u00e0 compter du 05 juin 2023 ; \n \n\u2212 Vu la convention de direction commune entre le CHU Dijon Bourgogne, le CH d'Auxonne, le CH \nd'Is-sur-Tille, l'EHPAD de Mirebeau-Sur-B\u00e8ze, le CH de Chaumont, le CH de Langres et le CH de \nBourbonne-les-Bains \u00e9tablie \u00e0 compter du 1er octobre 2024 en date du 12 juillet 2024 ; \n \n\u2212 Vu l'organigramme de direction en date du 01 avril du 2026,  \n \n \nD E C I D E \n \n \n \nARTICLE 1 - D\u00e9l\u00e9gation est donn\u00e9e \u00e0 Madame Caroline LAN\u00c7ON , repr\u00e9sentante de la Direction  des \nservices num\u00e9riques du CHU Dijon Bourgogne et du GHT 21-52 et en cas d'emp\u00eachement de celui-ci \u00e0 \n: \n \n\u2022 Monsieur Benoit TURC, Responsables du d\u00e9partement technique \n\u2022 Monsieur Franck ILGART, Responsable du d\u00e9partement solutions applicatives  \n \n \npour signer en mes nom et place les engagements de commandes et les liquidations de factures des \nop\u00e9rations enregistr\u00e9es sur les comptes : 602  633 ; 606 235 ; 606 252 ; 613 151 ; 613 251 ; 615 154 ; \n615 254 ; 615 2582 ; de 615 1611 \u00e0  615 1615  ; de 615 2611 \u00e0 615 2615  ; 615 2682 ; 62 610 ; 62 611 ; \n62 65 ; de 62 841 \u00e0 62 845 ; 203 12 ; 203 13 ; 203 16 ; 203 17 ; 205 11 ;   205 12 ; 213 512 ; 218 3210 ;  \n218 3212  ; 218 3213  ; 218 3216  ; 218 3217  ; 218 324  ; 218  325, 606  253, 615  618, 20521, 20522, \n218326. \n \n \ndonne d\u00e9l\u00e9gation \u00e0 Madame Caroline LAN\u00c7ON , pour signer en mes nom et place les bordereaux \nd'\u00e9limination des dossiers patients destin\u00e9 \u00e0 la direction des archives d\u00e9partementales, \n \n \ndonne d\u00e9l\u00e9gation \u00e0 Madame Caroline LAN\u00c7ON, pour signer en mes nom et place les formulaires de \ndemande de certificats Serveurs, les certificats de signature \u00e9lectronique et en cas d'emp\u00eachement de \ncelui-ci \u00e0 :  \n\u2022 Monsieur Benoit TURC, Responsables du d\u00e9partement technique \n\u2022 Monsieur Franck ILGART, Responsable du d\u00e9partement solutions applicatives  \n \n \nARTICLE 2 - Les signatures ou paraphes du d\u00e9l\u00e9gataire nomm\u00e9 \u00e0 l'article 1 er sont joints \u00e0 la pr\u00e9sente \nd\u00e9cision.  \n \n \nARTICLE 3 \u2013 La pr\u00e9sente d\u00e9cision sera communiqu\u00e9e au conseil de surveillance, et transmise sans \nd\u00e9lai au tr\u00e9sorier principal du CHU Dijon Bourgogne.  \nCHU Dijon Bourgogne - 21-2026-04-01-00010 - 12 D\u00e9l\u00e9gation Signature DSN  - 01 04 2026 10\nDijon Bourgogne CH EHPAD Coonanne 'IS-SUr-Tille Mirebeau-Sur-B\u00e8ze { \\f \\ CENTRE HOSPITALIER\nSign\u00e9\n            \n \n3 \n \n \n \nARTICLE 4 \u2013 La pr\u00e9sente d\u00e9cision sera ins\u00e9r\u00e9e au recueil des actes administratifs de la Pr\u00e9fecture de \nla C\u00f4te \u2013 d'Or. Elle annule et remplace toute d\u00e9cision ant\u00e9rieure.  \n \n \n \nDijon, le 1 avril 2026  \n \n        Le Directeur G\u00e9n\u00e9ral  \n \n           \n \n             Freddy SERVEAU X \n \n \n \n \n \n \n \n \n \n \n \n \n \n \n \n \n \n \n \n \n \n \n \n \n \n \n \n \n \n \n \n \n \n \n         \n \nDirection G\u00e9n\u00e9rale : Extrait du registre des d\u00e9cisions du Directeur G\u00e9n\u00e9ral \n \nCHU Dijon Bourgogne - 21-2026-04-01-00010 - 12 D\u00e9l\u00e9gation Signature DSN  - 01 04 2026 11\nDijon Bourgogne CH EHPAD CnnLANGRIEScournerosotaurroaxowme J'[S-SUr-Tille Mirebeau-Sur-B\u00e8ze ( \\ f \\ CENTRE HOSPITALIER\n            \n \n4 \n \nD\u00e9p\u00f4t de signature du d\u00e9l\u00e9gataire \n \n \n \n \nPr\u00e9nom NOM Direction Signature \nMonsieur Franck ILGART  \nDirection des services num\u00e9riques \ndu CHU Dijon Bourgogne et du \nGHT 21-52 \n \nMadame Caroline LAN\u00c7ON  \nDirection des  services num\u00e9riques \ndu CHU Dijon Bourgogne et du \nGHT 21-52 \n \nMonsieur Benoit TURC  \n \nDirection des services num\u00e9riques \ndu CHU Dijon Bourgogne et du \nGHT 21-52 \n \n \n \n \n \n \n \nCHU Dijon Bourgogne - 21-2026-04-01-00010 - 12 D\u00e9l\u00e9gation Signature DSN  - 01 04 2026 12\nDirection d\u00e9partementale des territoires de la\nC\u00f4te-d'Or\nService de l'eau et des risques\n21-2026-04-17-00007\nArr\u00eat\u00e9 pr\u00e9fectoral n\u00b0 740 du 17 avril 2026\nportant autorisation environnementale au titre\nde l'article L.181-1 du code de l'environnement\nde l'installation de deux parcs photovolta\u00efques\nsitu\u00e9s sur les communes de Darcey et\nGissey-sous-Flavigny.\nDirection d\u00e9partementale des territoires de la C\u00f4te-d'Or - 21-2026-04-17-00007 - Arr\u00eat\u00e9 pr\u00e9fectoral n\u00b0 740 du 17 avril 2026 portant\nautorisation environnementale au titre de l'article L.181-1 du code de l'environnement de l'installation de deux parcs photovolta\u00efques\nsitu\u00e9s sur les communes de Darcey et Gissey-sous-Flavigny.\n13\nzsPREFETDELACOTE-D'ORLibert\u00e9Egalit\u00e9Fraternit\u00e9\nDirection d\u00e9partementale des territoires\nde la C\u00f4te-d'Or\nService de l'eau et des risques\nArr\u00eat\u00e9 pr\u00e9fectoral n\u00b0 740 du 17 avril 2026\nportant autorisation environnementale au titre de l'article L.181-1 du code de l'environnement \nde l'installation de deux parcs photovolta\u00efques situ\u00e9s sur les communes de Darcey et Gissey-\nsous-Flavigny\nVU la Directive Cadre Europ\u00e9enne sur l'Eau n\u00b0 2000/60/CE du 23 octobre 2000 \u00e9tablissant un  \ncadre pour une politique communautaire dans le domaine de l'eau ;\nVU le code de l'environnement ;\nVU le code rural et de la p\u00eache maritime et notamment les articles L.151-36 \u00e0 L.151-40 ;\nVU le  d\u00e9cret  n\u00b0  2004-374  du  29  avril  2004  modifi\u00e9  relatif  aux  pouvoirs  des  pr\u00e9fets,  \u00e0  \nl'organisation et \u00e0 l'action des services de l'\u00c9tat dans les r\u00e9gions et d\u00e9partements ;\nVU le d\u00e9cret n\u00b0 2020-828 du 30 juin 2020 modifiant la nomenclature et la proc\u00e9dure en mati\u00e8re \nde police de l'eau ;\nVU les arr\u00eat\u00e9s pr\u00e9fectoraux du 7 novembre 1962 et du 23 d\u00e9cembre 1963 approuvant la liste  \ndes cours d'eau soumis \u00e0 la servitude de libre passage, pris en application du d\u00e9cret n\u00b0 59-96 du \n7 janvier 1959 (bassin \u00ab Seine \u00bb en C\u00f4te-d'Or) ;\nVU le sch\u00e9ma directeur d'am\u00e9nagement et de gestion des eaux (SDAGE) Seine-Normandie en  \nvigueur ;\nVU  le sch\u00e9ma d'am\u00e9nagement et de gestion des eaux (SAGE) du bassin de l'Arman\u00e7on en  \nvigueur ;\nVU les dossiers de demande d'autorisation environnementale d\u00e9pos\u00e9s les 22 janvier 2024 et 23  \nseptembre 2025 pr\u00e9sent\u00e9e par  UNITe, enregistr\u00e9es sous le  num\u00e9ro 0100038501 e t relatives \u00e0  \nl'installation de deux parcs photovolta\u00efques, l'un situ\u00e9 lieu-dit \u00ab  La Peute Montagne  \u00bb sur la  \ncommune de Darcey et l'autre situ\u00e9 lieu-dit \u00ab  Maison Lobreau \u00bb et \u00ab  Reculaine \u00bb \u00e0 Gissey-sous-\nFlavigny ;\nVU la  demande  de  permis  de  construire  r\u00e9f\u00e9renc\u00e9e  PC  021  226  23  M0004  concernant  \nl'installation du parc photovolta\u00efque situ\u00e9 sur la commune de Darcey d\u00e9pos\u00e9e en date du 8  \nd\u00e9cembre 2023 et compl\u00e9t\u00e9e le 11 mars 2024 ; \n1/14\nDirection d\u00e9partementale des territoires de la C\u00f4te-d'Or\n57 , rue de Mulhouse - BP 53317 - 21033 Dijon CEDEX\nT\u00e9l. : 03 80 29 44 44\nCourriel : ddt@cote-dor.gouv.fr - Site internet : http://www.cote-dor.gouv.fr\nDirection d\u00e9partementale des territoires de la C\u00f4te-d'Or - 21-2026-04-17-00007 - Arr\u00eat\u00e9 pr\u00e9fectoral n\u00b0 740 du 17 avril 2026 portant\nautorisation environnementale au titre de l'article L.181-1 du code de l'environnement de l'installation de deux parcs photovolta\u00efques\nsitu\u00e9s sur les communes de Darcey et Gissey-sous-Flavigny.\n14\nVU la  demande  de  permis  de  construire  r\u00e9f\u00e9renc\u00e9e  PC  021  299  23  M0005  concernant  \nl'installation du parc photovolta\u00efque situ\u00e9 sur la commune de Gissey-sous-Flavigny d\u00e9pos\u00e9e en  \ndate du 8 d\u00e9cembre 2023 et compl\u00e9t\u00e9e le 21 f\u00e9vrier 2024 ;\nVU l'avis de l'office fran\u00e7ais de la biodiversit\u00e9 en date du 25 septembre 2025 ;\nVU l'avis de la Commission locale de l'eau de l'Arman\u00e7on (CLE) en date du 26 septembre 2025 ;\nVU l'avis de l'Agence r\u00e9gionale de la Sant\u00e9 en date 15 f\u00e9vrier 2024 ;\nVU l'avis de la mission r\u00e9gionale d'autorit\u00e9 environnementale de Bourgogne-Franche-Comt\u00e9  \n\u00e9mise le 10 janvier 2025 ;\nVU l'arr\u00eat\u00e9 pr\u00e9fectoral n\u00b0 1413 du 8 octobre 2025 portant ouverture d'une enqu\u00eate publique  \nunique, d'une part, \u00e0 la d\u00e9livrance de deux permis de construire PC 021 226 23 M0004 et PC 021 \n299 23 M0005 et d'autre part de l'autorisation environnementale au titre de la \u00ab loi sur l'eau \u00bb  \nde l'article L.181-1 du code de l'environnement pour la r\u00e9alisation d'une centrale photovolta\u00efque \nau sol sur le territoire des communes de DARCEY et GISSEY-SOUS-FLAVIGNY sollicit\u00e9 par la  \nsoci\u00e9t\u00e9 \u00ab UNITe \u00bb ;\nVU les rapport et avis de la commission d'enqu\u00eate en date du 5 janvier 2026 ;\nVU les observations du p\u00e9titionnaire en date du 13 mars 2026 sur le projet d'arr\u00eat\u00e9 pr\u00e9fectoral  \ntransmis pour la phase contradictoire ;\nCONSID\u00c9RANT que les installations, ouvrages, travaux et activit\u00e9s vis\u00e9s \u00e0 l'article L.214-1 du  \ncode de l'environnement sont soumis \u00e0 autorisation ou \u00e0 d\u00e9claration suivant les dangers qu'ils  \npr\u00e9sentent et la gravit\u00e9 de leurs effets sur la ressource en eau et les \u00e9cosyst\u00e8mes aquatiques ;\nCONSID\u00c9RANT que la gestion des eaux pluviales de ces deux parcs photovolta\u00efques, entre dans \nla nomenclature des op\u00e9rations soumises \u00e0 autorisation au titre de l'article L.214-6  du code de \nl'environnement ;\nCONSID\u00c9RANT  que  les  travaux  sont  compatibles  avec  les  orientations  et  les  objectifs  du  \nSDAGE Seine-Normandie et du SAGE de l'Arman\u00e7on ;\nCONSID\u00c9RANT que les travaux envisag\u00e9s n'entra\u00eenent pas d'aggravation du risque inondation ;\nCONSID\u00c9RANT  que  le  pr\u00e9fet  peut  imposer  par  arr\u00eat\u00e9  toutes  prescriptions  particuli\u00e8res  \nn\u00e9cessaires ;\nCONSID\u00c9RANT  que les prescriptions du pr\u00e9sent arr\u00eat\u00e9 permettent de garantir une gestion  \nglobale et \u00e9quilibr\u00e9e de la ressource en eau et de pr\u00e9server les int\u00e9r\u00eats des milieux aquatiques ;\nCONSID\u00c9RANT que  les  prescriptions  fix\u00e9es  par  le  pr\u00e9sent  arr\u00eat\u00e9  tiennent  compte  des  \nobservations formul\u00e9es lors de l'enqu\u00eate publique ;\nSUR proposition du Secr\u00e9taire G\u00e9n\u00e9ral de la pr\u00e9fecture de la C\u00f4te-d'Or ;\nARR\u00caTE\n2/14\nDirection d\u00e9partementale des territoires de la C\u00f4te-d'Or - 21-2026-04-17-00007 - Arr\u00eat\u00e9 pr\u00e9fectoral n\u00b0 740 du 17 avril 2026 portant\nautorisation environnementale au titre de l'article L.181-1 du code de l'environnement de l'installation de deux parcs photovolta\u00efques\nsitu\u00e9s sur les communes de Darcey et Gissey-sous-Flavigny.\n15\nArticle 1  er     :   Objet de l'autorisation environnementale \u2013 b\u00e9n\u00e9ficiaire  \nLa SA  UNITe - 139 RUE VENDOME - 69006 LYON -  ma\u00eetre d'ouvrage, est autoris\u00e9  au titre de  \nl'article L.181-1 du code de l'environnement \u00e0 r\u00e9aliser les travaux d'am\u00e9nagement des deux parcs \nphotovolta\u00efques situ\u00e9s sur les communes de Darcey et de Gissey-sous-Flavigny.\nLes travaux seront ex\u00e9cut\u00e9s conform\u00e9ment au dossier d'autorisation environnementale.\nArticle 2     : Rubriques de la nomenclature  \nLes installations, ouvrages, travaux et am\u00e9nagements constitutifs de cette op\u00e9ration entrent  \ndans la nomenclature des op\u00e9rations soumises \u00e0 autorisation environnementale au titre de  \nl'article L.214-3 du code de l'environnement.\nLa rubrique concern\u00e9e de l'article R.214-1 du code de l'environnement est la suivante :\nRubrique Intitul\u00e9 R\u00e9gime\n2.1.5.0.\nRejet d'eaux pluviales dans les eaux douces superficielles ou  \nsur le sol ou dans le sous-sol, la surface totale du projet (StP), \naugment\u00e9e de la surface correspondant \u00e0 la partie du bassin \nnaturel (Sbi) dont les \u00e9coulements sont intercept\u00e9s par le  \nprojet \u00e9tant :\n1. sup\u00e9rieure ou \u00e9gale \u00e0 20 ha (A) ;\n2. sup\u00e9rieur \u00e0 1 ha mais inf\u00e9rieure \u00e0 20 ha (D).\nAutorisation\n86,8 ha \n(31,9 ha \u00e0 Darcey et \n54,9 ha \u00e0 Gissey-sous-\nFlavigny)\nLa superficie totale (projets + bassins versants) \u00e0 prendre en compte pour la gestion des eaux  \npluviales de ces deux projets est de 86,8 ha (31,9 ha pour Darcey et 54,9  ha pour Gissey-sous-\nFlavigny).\nArticle 3     : Localisations des projets  \nCes projets de parcs photovolta\u00efques se situent sur des terrains agricoles des communes de  \nDarcey  et  de  Gissey-sous-Flavigny.  Une  activit\u00e9  agricole  sera  maintenue  lors  de  la  phase  \nd'exploitation des parcs photovolta\u00efques.\n3/14\nDirection d\u00e9partementale des territoires de la C\u00f4te-d'Or - 21-2026-04-17-00007 - Arr\u00eat\u00e9 pr\u00e9fectoral n\u00b0 740 du 17 avril 2026 portant\nautorisation environnementale au titre de l'article L.181-1 du code de l'environnement de l'installation de deux parcs photovolta\u00efques\nsitu\u00e9s sur les communes de Darcey et Gissey-sous-Flavigny.\n16\nDarcey\n7\n4\nLocalisation des sites\nL\u00e9gendeCorpoyer-lChapelle = Sites d'\u00e9tude| Limite communale\nGissey-sous- Favigny\nPr RS PoreSs\n4/14\nDirection d\u00e9partementale des territoires de la C\u00f4te-d'Or - 21-2026-04-17-00007 - Arr\u00eat\u00e9 pr\u00e9fectoral n\u00b0 740 du 17 avril 2026 portant\nautorisation environnementale au titre de l'article L.181-1 du code de l'environnement de l'installation de deux parcs photovolta\u00efques\nsitu\u00e9s sur les communes de Darcey et Gissey-sous-Flavigny.\n17\nDz D2 !\nFigure 36 : Sch\u00e9ma d'am\u00e9nagement du site de Darcey\na\nC1 Bassin versantEI Panneaux solairesEN Pistes et aires am\u00e9nag\u00e9esAm\u00e9nagement pour la geston des eaux=== Noue\u2014 Bande enherb\u00e9e\nArticle 4     : Caract\u00e9ristiques techniques et gestion des eaux pluviales  \nLes modules photovolta\u00efques seront assembl\u00e9s sur des structures mobiles dites \u00ab trackers \u00bb. Les \nstructures porteuses des modules photovolta\u00efques seront fix\u00e9es au sol par des pieux battus. La  \nhauteur maximale des panneaux par rapport au sol sera de 5,3 m\u00e8tres et la hauteur minimale  \nsera de 1,1 m\u00e8tre. L'espacement entre les rang\u00e9es de panneaux sera de 11 m\u00e8tres de poteau \u00e0  \npoteau laissant un espace libre entre module de 8,6 m\u00e8tres. Ces structures photovolta\u00efques  \ns'inclinent suivant la course du soleil sur un axe de suivi de 110 \u00b0 (-60 / + 60\u00b0).\n1) Site de Darcey :\nLe site du projet est compos\u00e9 principalement de parcelles cultiv\u00e9es et de prairies. La pente  \nmoyenne du site est de 3,9  %. Des zones \u00e0 fortes pentes sont pr\u00e9sentes sur les parties Nord et  \nSud/Sud-Est  du  site.  La  surface  occup\u00e9e  par  les  panneaux  est  de  21,3  ha.  Cette  surface  \nintercepte les \u00e9coulements de 31,9 ha de bassins versants. \nUn foss\u00e9 de drainage agricole sans exutoire est pr\u00e9sent \u00e0 l'Est du projet.\nLe site de Darcey est inclus dans les p\u00e9rim\u00e8tres de protection \u00e9loign\u00e9e et rapproch\u00e9e de la  \nSource des Petits Tilleuls (captage d'eau potable). \nPlan des am\u00e9nagements \u00e0 Darcey\n5/14\nDirection d\u00e9partementale des territoires de la C\u00f4te-d'Or - 21-2026-04-17-00007 - Arr\u00eat\u00e9 pr\u00e9fectoral n\u00b0 740 du 17 avril 2026 portant\nautorisation environnementale au titre de l'article L.181-1 du code de l'environnement de l'installation de deux parcs photovolta\u00efques\nsitu\u00e9s sur les communes de Darcey et Gissey-sous-Flavigny.\n18\nC1 Zone d'\u00e9tudeCourhes de niveaineObservations de terrain\u2014+ Sens d'\u00e9coulement\u2014 Ecoulement apparentEMI Stagnation d'eauew Pussed dialtaye ay ite\nEcoulements des eaux pluviales     :   \nGestion des eaux pluviales     :   \nPour compenser le ruissellement g\u00e9n\u00e9r\u00e9 par les panneaux et pour favoriser l'infiltration des eaux \npluviales, les am\u00e9nagements suivants seront r\u00e9alis\u00e9s : \n- une noue d'infiltration sera install\u00e9e au sein du parc le long des voiries et des plateformes  \nam\u00e9nag\u00e9es ;\n- la noue sera dimensionn\u00e9e avec une pente de 2 pour 1 et les ar\u00eates de terrassement seront  \narrondies.\n-  des redans seront am\u00e9nag\u00e9s dans cette noue\n- une bande enherb\u00e9e d'une largeur de 5 m\u00e8tres de large sera r\u00e9alis\u00e9e \u00e0 l'extr\u00e9mit\u00e9 Nord du site.\nLes pistes permettant la circulation des engins au sein du parc seront empierr\u00e9es par ajout de  \nmat\u00e9riaux naturels de type graves non trait\u00e9es (GNT) et ne seront pas imperm\u00e9abilis\u00e9es.\n2) Site de Gissey-sous-Flavigny\nLe site du projet est compos\u00e9 principalement de parcelles cultiv\u00e9es et de prairies. La pente  \nmoyenne du site est de 6,3  %. La surface occup\u00e9e par les panneaux est de 54  ha. Cette surface \nintercepte les \u00e9coulements de 54,9 ha de bassins versants.\nAucun ouvrage de gestion des eaux pluviales n'est pr\u00e9sent naturellement sur le site.\n6/14\nDirection d\u00e9partementale des territoires de la C\u00f4te-d'Or - 21-2026-04-17-00007 - Arr\u00eat\u00e9 pr\u00e9fectoral n\u00b0 740 du 17 avril 2026 portant\nautorisation environnementale au titre de l'article L.181-1 du code de l'environnement de l'installation de deux parcs photovolta\u00efques\nsitu\u00e9s sur les communes de Darcey et Gissey-sous-Flavigny.\n19\nC2] Bassin versantEN Panneaux solairesEM Pistes et aires am\u00e9nag\u00e9esAm\u00e9nagement pour la geston des eaux\u2014\u2014 Noue\u2014 Bande enherb\u00e9e et talusSITPH a aHHL fH)i ilyLOT TA anag UNITWithWe\nFigure 39 : Sch\u00e9ma d'am\u00e9nagement du site de Gissey-sous-Flavigny\n[\u2014} Zone d'\u00e9tudeCourbes de niveauxObservations de terrain\u2014+ Sens d'\u00e9coulement\u2014+ Ecoulement apparentEM Stagnation d'eauFosse\u00e9 drainage agricole\nFigure 24 : Observations de terrain \u2014 site de Gissey-sous-Flavigny\nPlan des am\u00e9nagements\nSens des \u00e9coulements d'eau     :   \n7/14\nDirection d\u00e9partementale des territoires de la C\u00f4te-d'Or - 21-2026-04-17-00007 - Arr\u00eat\u00e9 pr\u00e9fectoral n\u00b0 740 du 17 avril 2026 portant\nautorisation environnementale au titre de l'article L.181-1 du code de l'environnement de l'installation de deux parcs photovolta\u00efques\nsitu\u00e9s sur les communes de Darcey et Gissey-sous-Flavigny.\n20\n@ Captage AEPCL Perimetre de Protection Rapprocn\u00e9eC1 Perimetre de Protection Eloign\u00e9e(TJ) Prot parc agrivotaique - Gisseyod ret arc agrivonaique - DarceyUN Pistes amenagees=| Aires de chantier provisoires=| Aire de chantier permanente(on ECS| Clotures\n\u00a9 ones5000m\u00e8tres\u00c9chelle 1:25 000\nGestion des eaux pluviales\nPour compenser le ruissellement g\u00e9n\u00e9r\u00e9 par les panneaux et pour favoriser l'infiltration des eaux \npluviales, les am\u00e9nagements suivants seront r\u00e9alis\u00e9s : \n\u2013 une bande enherb\u00e9e entourera l'ensemble du projet, sauf au niveau de la partie Est ;\n\u2013 un talus sera r\u00e9alis\u00e9 en aval de la bande enherb\u00e9e ;\n\u2013 une haie sera plant\u00e9e au Sud du projet ;\n\u2013 une noue d'infiltration sera r\u00e9alis\u00e9e le long de la voirie et des plateformes am\u00e9nag\u00e9es ;\n\u2013 la noue sera dimensionn\u00e9e avec une pente de 2 pour 1 et les ar\u00eates seront arrondies ;\n\u2013 des redans seront am\u00e9nag\u00e9s dans la noue.\nLes pistes permettant la circulation des engins au sein du parc seront empierr\u00e9es par ajout de  \nmat\u00e9riel naturels de type graves non trait\u00e9es (GNT) et ne seront pas imperm\u00e9abilis\u00e9es.\nArticle 5     : Protection des eaux superficielles et souterraines  \n1) Site de Darcey : \nLe site de Darcey se situe dans les p\u00e9rim\u00e8tres de protection \u00e9loign\u00e9e et rapproch\u00e9e de la Source \ndes Petits Tilleuls instaur\u00e9s par l'arr\u00eat\u00e9 pr\u00e9fectoral de d\u00e9claration d'utilit\u00e9 publique (DUP) en  \ndate du 23 f\u00e9vrier 1995.\nLe projet se situe \u00e0 environ 1000 m\u00e8tres de l'ouvrage de pr\u00e9l\u00e8vement d'eau. \n8/14\nDirection d\u00e9partementale des territoires de la C\u00f4te-d'Or - 21-2026-04-17-00007 - Arr\u00eat\u00e9 pr\u00e9fectoral n\u00b0 740 du 17 avril 2026 portant\nautorisation environnementale au titre de l'article L.181-1 du code de l'environnement de l'installation de deux parcs photovolta\u00efques\nsitu\u00e9s sur les communes de Darcey et Gissey-sous-Flavigny.\n21\nLes prescriptions suivantes seront respect\u00e9es     :   \nEn phase chantier     :   \n- Mise  en  \u00e9tanch\u00e9it\u00e9  provisoire  des  surfaces  d\u00e9di\u00e9es  \u00e0  la  base  de  vie  et  celles  d\u00e9di\u00e9es  au \nstockage des engins, des hydrocarbures et produits potentiellement polluants. Les dispositifs  \nd'\u00e9tanch\u00e9ification  (g\u00e9omembranes)  seront  imp\u00e9rativement  compatibles  avec  la  production  \nd'eau  potable  (id\u00e9alement  en  PEHD).  Ces  surfaces  seront  \u00e9galement  \u00e9quip\u00e9es  d'un  foss\u00e9  \np\u00e9riph\u00e9rique  permettant  de  r\u00e9colter  les  eaux  de  ruissellement.  Les  eaux  collect\u00e9es  sont  \nachemin\u00e9es dans un s\u00e9parateur \u00e0 hydrocarbures avant rejet dans le milieu naturel.\n- Les g\u00e9otextiles pour les pistes seront proscrits, les fibres issues de Ieur d\u00e9gradation m\u00e9canique  \net chimique \u00e9tant in fine dirig\u00e9es \u00e0 plus ou moins long terme vers la nappe.\n- Les eaux us\u00e9es des bases-vie seront trait\u00e9es dans une fosse \u00e9tanche r\u00e9guli\u00e8rement vidang\u00e9e  \npar un organisme comp\u00e9tent.\n- L'\u00e9tablissement, m\u00eame temporaire, de d\u00e9p\u00f4ts d'ordures, de d\u00e9tritus, de d\u00e9chets et de produits \nsusceptibles d'alt\u00e9rer la qualit\u00e9 des eaux par infiltration ou par ruissellement est proscrit.\n-  Les  zones  de  lavage  du  mat\u00e9riel  et  des  engins  devront  \u00eatre  install\u00e9es  \u00e0  l'ext\u00e9rieur  des  \np\u00e9rim\u00e8tres de protection rapproch\u00e9e et \u00e9loign\u00e9e.\n- L'usage de produits phytosanitaire est proscrit.\nToutes les entreprises intervenant sur le chantier respecteront les prescriptions suivantes :\n- Information des intervenants sur les enjeux li\u00e9s \u00e0 la pollution de l'eau et les mesures de  \npr\u00e9vention \u00e0 respecter.\n- Maintenance pr\u00e9ventive des engins de chantier, entretien et remplissage en carburant \u00e0 faire  \nselon les normes en vigueur et distribution de kits anti-pollution.\n- Le remplissage des r\u00e9servoirs de l'ensemble des engins utiles aux travaux devra \u00eatre r\u00e9alis\u00e9 en  \ndehors des p\u00e9rim\u00e8tres de protection afin de limiter tout risque de pollution.\n- Les huiles utilis\u00e9es seront autant que possible biod\u00e9gradables.\n- Balisage des zones de stockage des produits potentiellement polluants et mise \u00e0 disposition  \ndes FDS (Fiche de Donn\u00e9es S\u00e9curit\u00e9).\n- Les d\u00e9chets du chantier seront tri\u00e9s, stock\u00e9s dans des contenants \u00e9tanches puis \u00e9vacu\u00e9s vers  \nles fili\u00e8res autoris\u00e9es au fur et \u00e0 mesure de Ieur production.\n- Am\u00e9nagement des pistes et plateformes (si possible) sans d\u00e9capage pr\u00e9alable de la terre  \nv\u00e9g\u00e9tale et des couches p\u00e9dologiques.\n- Les  sols  d\u00e9cap\u00e9s  devront  \u00eatre  prot\u00e9g\u00e9s  (g\u00e9otextile,  paillage  par  mulch)  d\u00e8s  que  cela  est  \npossible.\n-  Le  parking  des  engins  de  chantier  hors  p\u00e9riode  de  travail  sera  tol\u00e9r\u00e9  sur  les  surfaces  \nprovisoirement rendues \u00e9tanches et permettant de r\u00e9cup\u00e9rer toute fuite issue des v\u00e9hicules.\n- Afin de limiter tout transfert de polluants vers la nappe, les travaux seront r\u00e9alis\u00e9s par temps  \nsec et interrompus en cas de fortes pr\u00e9cipitations (intensit\u00e9 >50 mm/24h).\n- Des  kits  anti-pollution  et  adsorbants  devront  syst\u00e9matiquement  \u00eatre  pr\u00e9sents  sur  site  en \nquantit\u00e9 suffisante.\n-  Un  plan  d'alerte  et  d'intervention  devra  \u00eatre  mis  en  place  sur  le  chantier  (consignes  \nd'intervention  et  de  collecte...),  en  concertation  avec  la  commune,  afin  de  permettre  une \nintervention rapide en cas d'incident (coupure de l'alimentation, surveillance qualitative de la  \nressource).\n- La cl\u00f4ture et la base de vie seront mises en place d\u00e8s le d\u00e9but du chantier. L'acc\u00e8s sera  \nstrictement r\u00e9serv\u00e9 aux seules personnes habilit\u00e9es ;\nExcavations et remblai :\n- Le remblaiement des excavations se fera exclusivement par des mat\u00e9riaux naturels inertes.\n9/14\nDirection d\u00e9partementale des territoires de la C\u00f4te-d'Or - 21-2026-04-17-00007 - Arr\u00eat\u00e9 pr\u00e9fectoral n\u00b0 740 du 17 avril 2026 portant\nautorisation environnementale au titre de l'article L.181-1 du code de l'environnement de l'installation de deux parcs photovolta\u00efques\nsitu\u00e9s sur les communes de Darcey et Gissey-sous-Flavigny.\n22\n- Dans la mesure du possible, il conviendra d'\u00e9viter l'apport de remblai ext\u00e9rieur sur le site. Si  \ntoutefois cet apport s'av\u00e8re indispensable, il conviendra d'utiliser des substrats non pollu\u00e9s,  \npauvres en substances nutritives et appropri\u00e9s aux conditions p\u00e9dologiques du site. La grave  \nnon trait\u00e9e reste le mat\u00e9riau le plus adapt\u00e9.\nEn phase d'exploitation\n- Pr\u00e9sence  syst\u00e9matique  de  kit  anti-pollution  pour  les  intervenants  lors  des  op\u00e9rations  de  \nmaintenance et id\u00e9alement des engins agricoles.\n- Nettoyage des panneaux \u00e0 l'eau claire (sans adjuvant).\n- Les postes de transformation devront disposer de bacs de r\u00e9tention d'un volume \u00e9quivalent \u00e0  \ncelui de l'huile contenue dans le transformateur (contr\u00f4le p\u00e9riodique \u00e0 r\u00e9aliser).\n- La lutte incendie se fera au moyen de l'eau claire des r\u00e9serves incendie et d'extincteurs au CO2 \nou d'eau sans additifs (PFAS et autres).\n- Afin de minimiser le risque incendie, la bande comprise entre les modules et l'enceinte du parc \nsera  entretenue  r\u00e9guli\u00e8rement.  L'utilisation  de  produits  phytosanitaires  pour  l'entretien  des \nabords des installations ou chemins d'acc\u00e8s \u00e0 l'int\u00e9rieur de la zone de protection (PPR + PPE)  \nsera \u00e9galement interdite.\n- L'exploitant devra disposer d'un plan d'alerte et d'intervention \u00e9tabli selon le mod\u00e8le de celui  \nmis en place en phase chantier, mais adapt\u00e9 aux risques li\u00e9s \u00e0 l'exploitation (notamment en cas  \nd'incendie ou de tout autre d\u00e9versement accidentel).\n- Sensibilisation des utilisateurs de la cabane de chasse au risque incendie, \u00e0 la vuln\u00e9rabilit\u00e9 de  \nla ressource et \u00e0 l'existence d'une r\u00e9glementation sp\u00e9cifique.\nEn phase de d\u00e9mant\u00e8lement     :   \n- Lors de l'ouverture des fouilles, une fois les c\u00e2bles et gaines retir\u00e9s, la fermeture s'effectuera \u00e0  \nl'aide des seuls mat\u00e9riaux pr\u00e9lev\u00e9s dans la fouille. Une fois rebouch\u00e9e, aucun nivellement ni  \ntassement ne sera r\u00e9alis\u00e9, de mani\u00e8re \u00e0 laisser le sol retrouver seul sa densit\u00e9 originelle.\n2) Site de Gissey-sous-Flavigny\nUn tra\u00e7age en hautes eaux depuis une fouille afin de v\u00e9rifier la liaison hydraulique entre le parc  \nagrivolta\u00efque de Gissey-sous-Flavigny et le captage d'eau potable \u00ab  Source des Petits Tilleuls  \u00bb \nsera r\u00e9alis\u00e9. \nEn cas de connexion av\u00e9r\u00e9e, les mesures \u00e9nonc\u00e9es supra pour le site de Darcey s'appliqueront  \nau parc de Gissey-sous-Flavigny. \nArticle 6 :   Protection de la faune et de ses habitats  \n- Un calendrier pr\u00e9cis de la r\u00e9alisation des travaux les plus d\u00e9rangeants pour la faune et la flore  \nsera  \u00e9tabli  de  fa\u00e7on  \u00e0  \u00e9viter  les  destructions  d'individus  et  limiter  au  maximum  les  \nperturbations durant les phases les plus sensibles\n- Des bandes tampon d'au moins 6 m\u00e8tres seront am\u00e9nag\u00e9es entre la cl\u00f4ture et les lisi\u00e8res de  \nbois et tout autre habitat d'int\u00e9r\u00eat communautaire. \n- Les prairies au Nord-Est de Darcey devront faire l'objet d'une fauche tardive apr\u00e8s la p\u00e9riode  \nde reproduction de l'avifaune ;\n- L'utilisation de produits phytosanitaires et pesticides est proscrite sur le site de Darcey ;\n- Des passages \u00e0 faune de 20X20 cm tous les 50 m\u00e8tres seront mis en place au niveau de la  \ncl\u00f4ture afin de permettre le passage de la petite faune et des reptiles.\n10/14\nDirection d\u00e9partementale des territoires de la C\u00f4te-d'Or - 21-2026-04-17-00007 - Arr\u00eat\u00e9 pr\u00e9fectoral n\u00b0 740 du 17 avril 2026 portant\nautorisation environnementale au titre de l'article L.181-1 du code de l'environnement de l'installation de deux parcs photovolta\u00efques\nsitu\u00e9s sur les communes de Darcey et Gissey-sous-Flavigny.\n23\nEn cas de pr\u00e9sence d'esp\u00e8ces invasives \u00e0 enjeux de sant\u00e9 publique (Ambroisie), il conviendra  \nd'appliquer strictement l'arr\u00eat\u00e9 pr\u00e9fectoral n\u00b02018-17 du 18/07/2018 relatif \u00e0 la lutte contre  \nl'Ambroisie afin d'\u00e9liminer les plants et pr\u00e9venir la diss\u00e9mination de cette esp\u00e8ce. \nEn cas d'atteinte \u00e0 la faune, le ma\u00eetre d'ouvrage doit cesser les travaux et pr\u00e9venir sans d\u00e9lai la  \ndirection d\u00e9partementale des territoires et le service d\u00e9partemental de l'office fran\u00e7ais de la  \nbiodiversit\u00e9.\nArticle 7   : Reconnaissance des lieux avant travaux \u2013 d\u00e9roulement des chantiers  \nAvant le d\u00e9marrage des travaux, le ma\u00eetre d'ouvrage r\u00e9uni t ou contacte l es propri\u00e9taires, afin  \nd'\u00e9changer sur la mise en \u0153uvre des travaux et les bonnes pratiques.\nEn phase chantier, les d\u00e9chets seront tri\u00e9s et \u00e9vacu\u00e9s en fili\u00e8re agr\u00e9\u00e9e.\n\u00c0 la fin des travaux, et dans un d\u00e9lai de 6 mois maximum, le ma\u00eetre d'ouvrage pr\u00e9sente un bilan  \nglobal (travaux pr\u00e9vus et travaux r\u00e9alis\u00e9s) qui est \u00e0 communiquer au service charg\u00e9 de la police  \nde l'eau de la direction d\u00e9partementale des territoires de la C\u00f4te-d'Or.\nArticle 8 : Remise en \u00e9tat du site \u00e0 l'issue des travaux d'installation des modules     :   \nUne fois les travaux termin\u00e9s, toutes les surfaces concern\u00e9es par le projet seront r\u00e9tablies \u00e0 leur  \n\u00e9tat naturel ou \u00e0 l'\u00e9tat le plus proche possible de l'\u00e9tat d'origine. De m\u00eame, les aires de chantier \nprovisoires seront int\u00e9gralement remises en \u00e9tat apr\u00e8s repli des installations et du mat\u00e9riel. Il  \nconviendra alors d'utiliser au maximum les mat\u00e9riaux issus des d\u00e9blais comme mat\u00e9riaux de  \nremblais et de remettre en place la terre v\u00e9g\u00e9tale en mat\u00e9riau superficiel de couverture. Les  \ng\u00e9omembranes (+g\u00e9otextiIe) et s\u00e9parateur \u00e0 hydrocarbures seront retir\u00e9s.\nLes acc\u00e8s aux diff\u00e9rents points du chantier seront neutralis\u00e9s. Le site sera d\u00e9blay\u00e9 de tous  \nmat\u00e9riels, mat\u00e9riaux et gravats.\n\u00c0 la fin des travaux, le ma\u00eetre d'ouvrage transmet par courriel les plans de r\u00e9colement au service \nen charge de la police de l'eau (mail  : ddt-ser-pe@cote-dor.gouv.fr) afin de v\u00e9rifier la conformit\u00e9  \ndes travaux avec le dossier d'autorisation. Une visite des lieux pourra \u00eatre organis\u00e9e.\nArticle 9 : Surveillance et mesures de suivi \nUn suivi de la qualit\u00e9 des eaux souterraines au droit du captage \u00ab Petit Tilleuls \u00bb sera r\u00e9alis\u00e9e afin \nde garantir l'absence d'impact du projet sur l'eau distribu\u00e9e. \nLes param\u00e8tres physico-chimiques, hydrocarbures totaux et la turbidit\u00e9 de l'eau seront analys\u00e9s.\nFr\u00e9quences des analyses     : \n- Avant le d\u00e9marrage des travaux : 1 analyse\n- Pendant toute la dur\u00e9e des travaux : 2 analyses par mois\n- Apr\u00e8s travaux  : 1 analyse un mois apr\u00e8s les travaux et une 2\u00e8me analyse trois mois apr\u00e8s les  \ntravaux.\nUn cahier des charges environnemental, ou Plan d'Actions pour l'Environnement (PAE) sera  \nr\u00e9dig\u00e9 par le porteur de projet au moment de la consultation des entreprises susceptibles  \nd'intervenir pendant le chantier de construction du parc. \n11/14\nDirection d\u00e9partementale des territoires de la C\u00f4te-d'Or - 21-2026-04-17-00007 - Arr\u00eat\u00e9 pr\u00e9fectoral n\u00b0 740 du 17 avril 2026 portant\nautorisation environnementale au titre de l'article L.181-1 du code de l'environnement de l'installation de deux parcs photovolta\u00efques\nsitu\u00e9s sur les communes de Darcey et Gissey-sous-Flavigny.\n24\nDans le cadre de la mise en place du suivi de chantier, un \u00e9cologue veillera \u00e0 la bonne mise en  \n\u0153uvre des engagements et de la r\u00e9glementation sur les aspects \u00e9cologiques. Ce suivi consistera  \n\u00e0 r\u00e9aliser durant les travaux d'am\u00e9nagement du parc une s\u00e9rie de passages d'observations afin  \nde v\u00e9rifier que les mesures environnementales sont respect\u00e9es.\nUn suivi de la faune et de la flore sera mis en place sur une dur\u00e9e de 25 ans. Ce suivi se fera sur 6 \nann\u00e9es (N+1, N+2, N+5, N+10, N+20, N+25) et permettra de v\u00e9rifier l'efficacit\u00e9 des mesures  \npropos\u00e9es.\nArticle 10   :   Dur\u00e9e de validit\u00e9 de l'op\u00e9ration  \nLes travaux devront \u00eatre achev\u00e9s dans un d\u00e9lai de 3 ans \u00e0 compter de la notification du pr\u00e9sent \narr\u00eat\u00e9. Pass\u00e9 ce d\u00e9lai, la pr\u00e9sente autorisation deviendra caduque.\nUne  demande  de  prorogation  du  d\u00e9lai  de  validit\u00e9  de  la  pr\u00e9sente  autorisation  peut  \u00eatre  \ndemand\u00e9e par le permissionnaire au titre de l'article R.181-48 du code de l'environnement.\nArticle 11 : Prescriptions   g\u00e9n\u00e9rales  \nEn application de l'article R181-46 du code de l'environnement, toute modification apport\u00e9e  \naux  ouvrages,  installations,  \u00e0  leur  mode  d'utilisation,  \u00e0  la  r\u00e9alisation  des  travaux  ou  \u00e0  \nl'am\u00e9nagement  en  r\u00e9sultant,  \u00e0  l'exercice  des  activit\u00e9s  ou  \u00e0  leur  voisinage  et  entra\u00eenant  un \nchangement  notable  des  \u00e9l\u00e9ments  du  dossier  doit  \u00eatre  port\u00e9e,  avant  r\u00e9alisation,  \u00e0  la  \nconnaissance du pr\u00e9fet qui peut exiger une nouvelle proc\u00e9dure.\nEn application de l'article R214-45 du code de l'environnement, le changement de b\u00e9n\u00e9ficiaire  \ndoit \u00eatre d\u00e9clar\u00e9 au pr\u00e9fet (email  :  ddt-ser-pe@cote-dor.gouv.fr) par le nouveau b\u00e9n\u00e9ficiaire  \ndans un d\u00e9lai de trois mois, de m\u00eame, en cas de cessation d'activit\u00e9 d\u00e9finitive ou pour une  \np\u00e9riode sup\u00e9rieure \u00e0 deux ans, l'exploitant est tenu d'en faire la d\u00e9claration au pr\u00e9fet dans un  \nd\u00e9lai de trente jours.\nLe service en charge de la police de l'eau doit \u00eatre averti (email : ddt-ser-pe@cote-dor.gouv.fr) de \nla date de d\u00e9but des travaux ainsi que de la date d'ach\u00e8vement des travaux. Les ouvrages, les  \ntravaux et les conditions de r\u00e9alisation et d'exploitation doivent \u00eatre conformes au dossier  \nd\u00e9pos\u00e9.\nLes agents mentionn\u00e9s \u00e0 l'article L216-3 du code de l'environnement et ceux charg\u00e9s de la  \npolice de l'eau et des milieux aquatiques ont libre acc\u00e8s aux installations \u00e0 tout moment, dans  \nle cadre d'une recherche d'infraction.  Ils pourront demander communication de toute pi\u00e8ce  \nutile au contr\u00f4le de la bonne ex\u00e9cution du pr\u00e9sent arr\u00eat\u00e9.\nLe pr\u00e9sent arr\u00eat\u00e9 ne dispense en aucun cas le p\u00e9titionnaire de faire les d\u00e9clarations ou d'obtenir \nles autorisations requises par d'autres r\u00e9glementations.\nArticle 12     : Droits des tiers  \nLes droits des tiers sont et demeurent express\u00e9ment r\u00e9serv\u00e9s.\n12/14\nDirection d\u00e9partementale des territoires de la C\u00f4te-d'Or - 21-2026-04-17-00007 - Arr\u00eat\u00e9 pr\u00e9fectoral n\u00b0 740 du 17 avril 2026 portant\nautorisation environnementale au titre de l'article L.181-1 du code de l'environnement de l'installation de deux parcs photovolta\u00efques\nsitu\u00e9s sur les communes de Darcey et Gissey-sous-Flavigny.\n25\nArticle 13     : Publication et information des tiers  \nLe pr\u00e9sent arr\u00eat\u00e9 d'autorisation \u00e9num\u00e9rant notamment les motifs qui ont fond\u00e9 la d\u00e9cision  \nainsi  que  les  principales  prescriptions  auxquelles  cette  op\u00e9ration  est  soumise,  sera  affich\u00e9 \npendant une dur\u00e9e minimale d'un mois \u00e0 la mairie de la commune de Darcey et \u00e0 la mairie de  \nGissey-sous-Flavigny.\nLe pr\u00e9sent arr\u00eat\u00e9 est mis \u00e0 disposition du public sur le site internet des services de l'\u00c9tat en  \nC\u00f4te-d'Or (http://www.cote-dor.gouv.fr) pendant une dur\u00e9e d'au moins 4 mois.\nUne copie du pr\u00e9sent arr\u00eat\u00e9 est adress\u00e9e au service d\u00e9partemental de l'office fran\u00e7ais de la  \nbiodiversit\u00e9, \u00e0 l'unit\u00e9 territoriale de l'Agence r\u00e9gionale de sant\u00e9 et \u00e0 la commission locale de  \nl'eau de l'Arman\u00e7on \nArticle 14     : Ex\u00e9cution et publication  \nLe secr\u00e9taire g\u00e9n\u00e9ral de la pr\u00e9fecture, la directrice d\u00e9partementale des territoires de la C\u00f4te-\nd'Or, le chef du service d\u00e9partemental de l'office fran\u00e7ais de la biodiversit\u00e9 , et les maires des \ncommunes de Darcey et de Gissey-sous-Flavigny, sont charg\u00e9s, chacun en ce qui le concerne, de \nl'ex\u00e9cution du pr\u00e9sent arr\u00eat\u00e9 qui sera notifi\u00e9 au p\u00e9titionnaire et publi\u00e9 au recueil des actes  \nadministratifs de la pr\u00e9fecture de la C\u00f4te-d'Or.\nFait \u00e0 Dijon, le 17/04/2026\nLe Pr\u00e9fet\nSign\u00e9\nPaul MOURIER\n13/14\nDirection d\u00e9partementale des territoires de la C\u00f4te-d'Or - 21-2026-04-17-00007 - Arr\u00eat\u00e9 pr\u00e9fectoral n\u00b0 740 du 17 avril 2026 portant\nautorisation environnementale au titre de l'article L.181-1 du code de l'environnement de l'installation de deux parcs photovolta\u00efques\nsitu\u00e9s sur les communes de Darcey et Gissey-sous-Flavigny.\n26\nVoies et d\u00e9lais de recours\nLa pr\u00e9sente d\u00e9cision est susceptible de recours devant le tribunal administratif de Dijon \u2013 22, rue  \nd'Assas \u2013 BP 61616 - 21016 DIJON Cedex : \n- par le p\u00e9titionnaire dans un d\u00e9lai de deux mois \u00e0 compter du jour o\u00f9 la d\u00e9cision lui a \u00e9t\u00e9 notifi\u00e9e,\n- par les tiers int\u00e9ress\u00e9s dans un d\u00e9lai de deux mois \u00e0 compter de l'affichage en mairie ou de la  \npublication de la d\u00e9cision sur le site internet de la pr\u00e9fecture.\nLe d\u00e9lai court \u00e0 compter de la derni\u00e8re formalit\u00e9 accomplie. Si l'affichage constitue cette derni\u00e8re \nformalit\u00e9, le d\u00e9lai court \u00e0 compter du premier jour d'affichage de la d\u00e9cision. \nLe  tribunal  administratif  peut  \u00eatre  saisi  par  un  recours  d\u00e9pos\u00e9  via  l'application  \u00ab T\u00e9l\u00e9recours \ncitoyen \u00bb accessible sur le site www.telerecours.fr. \nDans le m\u00eame d\u00e9lai de deux mois, la pr\u00e9sente d\u00e9cision peut faire l'objet d'un recours gracieux ou  \nhi\u00e9rarchique. Le silence gard\u00e9 par l'administration pendant plus de deux mois sur la demande de  \nrecours gracieux emporte d\u00e9cision implicite de rejet de cette demande conform\u00e9ment \u00e0 l'article  \nR.421-2 du code de justice administrative. Le d\u00e9lai de recours contentieux n'est pas prorog\u00e9 par  \nl'exercice d'un recours administratif (article R.311-6 du code de justice administrative). \nTout recours administratif ou contentieux doit \u00eatre notifi\u00e9 \u00e0 l'auteur et au b\u00e9n\u00e9ficiaire de la  \nd\u00e9cision,  \u00e0  peine,  selon  le  cas,  de  non-prorogation  du  d\u00e9lai  de  recours  contentieux  ou  \nd'irrecevabilit\u00e9.  Cette  notification  doit  \u00eatre  adress\u00e9e  par  lettre  recommand\u00e9e  avec  avis  de  \nr\u00e9ception  dans  un  d\u00e9lai  de  quinze  jours  francs  \u00e0  compter  de  la  date  d'envoi  du  recours  \nadministratif ou du d\u00e9p\u00f4t du recours contentieux (article R. 181-51 du code de l'environnement).\n14/14\nDirection d\u00e9partementale des territoires de la C\u00f4te-d'Or - 21-2026-04-17-00007 - Arr\u00eat\u00e9 pr\u00e9fectoral n\u00b0 740 du 17 avril 2026 portant\nautorisation environnementale au titre de l'article L.181-1 du code de l'environnement de l'installation de deux parcs photovolta\u00efques\nsitu\u00e9s sur les communes de Darcey et Gissey-sous-Flavigny.\n27\nDirection d\u00e9partementale des territoires de la\nC\u00f4te-d'Or\nService S\u00e9curit\u00e9 et Education Routi\u00e8re\n21-2026-04-21-00002\nArr\u00eat\u00e9 N\u00b0 738 autorisant une manifestation\nnautique en cano\u00eb d\u00e9nomm\u00e9e \u00ab Raid de l'U\u00a0\u00bb et\nfixant des mesures temporaires de police de la\nnavigation sur le Lac Chanoine Kir \u00e0 Dijon (21) \nle samedi 25 avril 2026.\nDirection d\u00e9partementale des territoires de la C\u00f4te-d'Or - 21-2026-04-21-00002 - Arr\u00eat\u00e9 N\u00b0 738 autorisant une manifestation nautique\nen cano\u00eb d\u00e9nomm\u00e9e \u00ab Raid de l'U\u00a0\u00bb et fixant des mesures temporaires de police de la navigation sur le Lac Chanoine Kir \u00e0 Dijon (21) \nle samedi 25 avril 2026.\n28\nzsPREFETDELACOTE-D'ORLibert\u00e9Egalit\u00e9Fraternit\u00e9\nDirection d\u00e9partementale des territoires\nde la C\u00f4te-d'Or\nAffaire suivie par Isabelle FERREIRA\nService s\u00e9curit\u00e9 et \u00e9ducation routi\u00e8re\nBureau s\u00e9curit\u00e9 routi\u00e8re\nT\u00e9l. : 03 80 29 44 23\nM\u00e9l : ddt-manifestations-sportives@cote-dor.gouv.fr\nDijon, le 21 avril 2026\nArr\u00eat\u00e9 N\u00b0 738 \nautorisant une manifestation nautique en cano\u00eb d\u00e9nomm\u00e9e \u00ab Raid de l'U \u00bb et fixant des\nmesures temporaires de police de la navigation sur le Lac Chanoine Kir \u00e0 Dijon (21) \nle samedi 25 avril 2026.\nLe pr\u00e9fet de la C\u00f4te-d'Or\nVU le Code des Transports ;\nVU le Code du Sport ;\nVU le  d\u00e9cret  n\u00b0  2012-1556  du  28  d\u00e9cembre  2012  d\u00e9terminant  la  liste  des  mesures\ntemporaires d'interruption ou de modification des conditions de la navigation pouvant\n\u00eatre prises par le gestionnaire de la voie d'eau ;\nVU le d\u00e9cret du 10 octobre 2024 portant nomination du pr\u00e9fet de la r\u00e9gion Bourgogne-\nFranche-Comt\u00e9, pr\u00e9fet de la C\u00f4te-d'Or - M. MOURIER (Paul) ;\nVU l'arr\u00eat\u00e9 minist\u00e9riel du 28 juin 2013 portant r\u00e8glement g\u00e9n\u00e9ral de police de la navigation\nint\u00e9rieure (RGP) ;\nVU l' arr\u00eat\u00e9 pr\u00e9fectoral N\u00b0996 du 17 ao\u00fbt 2022 portant r\u00e8glement particulier de police\npour l'exercice de la navigation de plaisance et des activit\u00e9s sportives et touristiques\ndiverses sur le lac Kir dans le d\u00e9partement de la C\u00f4te-d'Or ;\nVU l'arr\u00eat\u00e9 n\u00b0 507/SG du 28 mars 2025 donnant d\u00e9l\u00e9gation de signature \u00e0 Mme Manuelle\nDupuy, directrice d\u00e9partementale des territoires de la C\u00f4te-d'Or ;  \nVU l'arr\u00eat\u00e9 pr\u00e9fectoral n\u00b0 1333 du 28 ao\u00fbt 2025 portant d\u00e9l\u00e9gation de signature aux agents\nde la direction d\u00e9partementale des territoires de la C\u00f4te-d'Or ;\nDirection d\u00e9partementale des territoires de la C\u00f4te-d'Or\n57 rue de Mulhouse- BP 53317 - 21033 DIJON cedex\nt\u00e9l : 03 80 29 44 44 \u2013 Courriel : ddt@cote-dor.gouv.fr\nDirection d\u00e9partementale des territoires de la C\u00f4te-d'Or - 21-2026-04-21-00002 - Arr\u00eat\u00e9 N\u00b0 738 autorisant une manifestation nautique\nen cano\u00eb d\u00e9nomm\u00e9e \u00ab Raid de l'U\u00a0\u00bb et fixant des mesures temporaires de police de la navigation sur le Lac Chanoine Kir \u00e0 Dijon (21) \nle samedi 25 avril 2026.\n29\nVU la circulaire du 24 janvier 2013 relative aux actes et mesures de police de la navigation\nint\u00e9rieure ;\nVU la demande en date du 3 avril 2026  de Philippe BENAS, responsable de l'organisation\ndu Raid de l'U, sollicitant l'autorisation d'organiser une manifestation nautique (cano\u00eb) sur\nle Lac Chanoine Kir le samedi 25 avril 2026 ;\nVU  l'attestation  d'assurance  d\u00e9livr\u00e9e  le  29  ao\u00fbt  2025  \u00e0  Alliance  Internationale\nd'Assurances et de Commerce, titulaire du contrat num\u00e9ro d'affiliation LRBFC, garantissant\nsa responsabilit\u00e9 civile ;\nVU l'avis favorable de la Direction d\u00e9partementale de la police nationale en date du 7 avril\n2026 ;\nVU l'avis favorable de madame la maire de Dijon en date du 17 avril 2026 ;\nCONSID\u00c9RANT que  le  pr\u00e9fet  de  d\u00e9partement  exerce  les  comp\u00e9tences  qui  lui  sont\nd\u00e9volues en mati\u00e8re de police de la navigation int\u00e9rieure ;\nSUR proposition de la directrice d\u00e9partementale des territoires de la C\u00f4te-d'Or ;\nARR\u00caTE\nArticle 1     :   \nL'association ASUB STAPS est autoris\u00e9e \u00e0 organiser le samedi 25 avril 2026 la manifestation\nintitul\u00e9e \u00ab Raid de l'U \u00bb sur le Lac Chanoine Kir \u00e0 Dijon , conform\u00e9ment aux prescriptions\nci-dessous et au plan annex\u00e9.\nArticle 2 : \nSur le Lac Chanoine Kir, toute activit\u00e9 nautique, aquatique ou sub-aquatique, pr\u00e9sence de\nbateaux ou toute forme de navigation et la p\u00eache sont interdites samedi 25 avril 2026  de\n12h00 \u00e0 17h00.\nCes prescriptions ne s'imposent pas aux v\u00e9hicules et b\u00e2timents de service n\u00e9cessaires \u00e0 la\nmanifestation ni aux v\u00e9hicules et b\u00e2timents des services d'incendie et de secours.\nArticle 3   :  \nAvant  la  manifestation,  les  organisateurs  devront  interroger  M\u00e9t\u00e9o  France  (soit  par\ninternet :  http://france.meteofrance.com/  soit  par  le  r\u00e9pondeur  t\u00e9l\u00e9phonique  au\n05.67 .22.95.00) afin de conna\u00eetre la couleur de la carte de vigilance m\u00e9t\u00e9o et prendre toute\nmesure adapt\u00e9e. Dans l'hypoth\u00e8se d'une carte orange ou rouge, il leur appartiendra de\nprendre les dispositions qui s'imposent, voire d'annuler la manifestation.\nDirection d\u00e9partementale des territoires de la C\u00f4te-d'Or\n57 rue de Mulhouse- BP 53317 - 21033 DIJON cedex\nt\u00e9l : 03 80 29 44 44 \u2013 Courriel : ddt@cote-dor.gouv.fr\nDirection d\u00e9partementale des territoires de la C\u00f4te-d'Or - 21-2026-04-21-00002 - Arr\u00eat\u00e9 N\u00b0 738 autorisant une manifestation nautique\nen cano\u00eb d\u00e9nomm\u00e9e \u00ab Raid de l'U\u00a0\u00bb et fixant des mesures temporaires de police de la navigation sur le Lac Chanoine Kir \u00e0 Dijon (21) \nle samedi 25 avril 2026.\n30\nArticle 4     :  \nLe  pr\u00e9sent  arr\u00eat\u00e9  peut  faire  l'objet  d'un  recours  contentieux  devant  le  tribunal\nadministratif de Dijon dans un d\u00e9lai de deux mois \u00e0 compter de sa publication. Un recours\npeut  \u00eatre  d\u00e9pos\u00e9  via  l'application  T\u00e9l\u00e9recours  citoyens  accessible  par  le  site  internet\nwww.telerecours.fr  .  \nArticle 5     :  \nLa  directrice de cabinet, la  directrice d\u00e9partementale des territoires de la C\u00f4te-d'Or,  le\ncommandant de la r\u00e9gion de gendarmerie de Bourgogne-Franche-Comt\u00e9 et du groupement de\ngendarmerie de la C\u00f4te-d'Or, la maire de Dijon et l'organisateur sont charg\u00e9s, chacun en ce\nqui le concerne, de l'ex\u00e9cution du pr\u00e9sent arr\u00eat\u00e9  qui sera publi\u00e9 au Recueil des Actes\nAdministratifs  de  la  Pr\u00e9fecture  de  la  C\u00f4te-d'Or  et  dont  copie  sera  adress\u00e9e  au\np\u00e9titionnaire.\n                                                                               Fait \u00e0 Dijon, le 21 avril 2026\n                                                     Pour le Pr\u00e9fet et par d\u00e9l\u00e9gation,\nLe chef de service de la s\u00e9curit\u00e9 et\n                                                 de l'\u00e9ducation routi\u00e8re,\n                                                        SIGN\u00c9          \n   Philippe MUNIER                 \nDirection d\u00e9partementale des territoires de la C\u00f4te-d'Or\n57 rue de Mulhouse- BP 53317 - 21033 DIJON cedex\nt\u00e9l : 03 80 29 44 44 \u2013 Courriel : ddt@cote-dor.gouv.fr\nDirection d\u00e9partementale des territoires de la C\u00f4te-d'Or - 21-2026-04-21-00002 - Arr\u00eat\u00e9 N\u00b0 738 autorisant une manifestation nautique\nen cano\u00eb d\u00e9nomm\u00e9e \u00ab Raid de l'U\u00a0\u00bb et fixant des mesures temporaires de police de la navigation sur le Lac Chanoine Kir \u00e0 Dijon (21) \nle samedi 25 avril 2026.\n31\nDirection d\u00e9partementale des territoires de la C\u00f4te-d'Or\n57 rue de Mulhouse- BP 53317 - 21033 DIJON cedex\nt\u00e9l : 03 80 29 44 44 \u2013 Courriel : ddt@cote-dor.gouv.fr\n        Pour le pr\u00e9fet et par d\u00e9l\u00e9gation,\n     Le chef du bureau de la s\u00e9curit\u00e9 et\n             de l'\u00e9ducation routi\u00e8re,\n                       SIGN\u00c9                \n                 Philippe MUNIER\nDirection d\u00e9partementale des territoires de la C\u00f4te-d'Or - 21-2026-04-21-00002 - Arr\u00eat\u00e9 N\u00b0 738 autorisant une manifestation nautique\nen cano\u00eb d\u00e9nomm\u00e9e \u00ab Raid de l'U\u00a0\u00bb et fixant des mesures temporaires de police de la navigation sur le Lac Chanoine Kir \u00e0 Dijon (21) \nle samedi 25 avril 2026.\n32\nDRAAF Bourgogne-Franche-Comt\u00e9\n21-2026-04-21-00003\narr\u00eat\u00e9 portant approbation de l'am\u00e9nagement\nde la for\u00eat communale de Bissey la Pierre pour la\np\u00e9riode 2025-2044\nDRAAF Bourgogne-Franche-Comt\u00e9 - 21-2026-04-21-00003 - arr\u00eat\u00e9 portant approbation de l'am\u00e9nagement de la for\u00eat communale de\nBissey la Pierre pour la p\u00e9riode 2025-2044 33\n|PREFET |DE LA REGIONBOURGOGNE- .FRANCHE-COMT\u00c9Libert\u00e9Faaglit\u00e9. tternit\u00e9\n \n \nDirection r\u00e9gionale de l'alimentation, \nde l'agriculture et de la for\u00eat \nBourgogne-Franche-Comt\u00e9 \nService r\u00e9gional de l'\u00c9conomie Agricole et Foresti\u00e8re \n \n \nD\u00e9partement : C\u00d4TE-D'OR \nFor\u00eat communale de BISSEY-LA-PIERRE \nContenance cadastrale : 138,0230 ha  \nSurface de gestion : 138,02 ha \nR\u00e9vision du document d'am\u00e9nagement ;2025-2044 \n \n \nArr\u00eat\u00e9 d'am\u00e9nagement n\u00b0 21-2026-04-21-00003 \nportant approbation du document d'am\u00e9nagement de la for\u00eat communale de Bissey-La-\nPierre pour la p\u00e9riode 2025-2044 \n \nLe Pr\u00e9fet de la r\u00e9gion B O U R G O G N E - F R A N C H E - C O M T E , \nPr\u00e9fet de la C\u00f4te d'Or, Chevalier de la L\u00e9gion d'Honneur et de l'Ordre National du M\u00e9rite \n \nVU  les articles L124-1,1\u00b0, L212-1, L212-2, D212-1, D212-2, R212-3, D212-5,2\u00b0, D214-15, et \nD214-16 du Code Forestier ; \nVU l'article R212-4 du Code Forestier ;  \nVU  les articles L414-4 et R414-19 du Code de l'Environnement ; \nVU  le sch\u00e9ma r\u00e9gional d'am\u00e9nagement de la r\u00e9gion Bourgogne, arr\u00eat\u00e9 en date du 05/12/2011 ; \nVU l'approbation de Conseil municipal de la commune d e Bissey-La-Pierre en date du  \n21/01/2026, vis\u00e9 par la Sous-Pr\u00e9fecture de Montbard le 22/01/2026, donnant son accord au \nprojet d'am\u00e9nagement forestier qui lui a \u00e9t\u00e9 pr\u00e9sent\u00e9 ; \nVU  le d\u00e9cret n\u00b0 2004 -374 du 29 avril 2004 modifi\u00e9 relatif aux pouvoirs des pr\u00e9fets, \u00e0 \nl'organisation et \u00e0 l'action des services de l'Etat dans les r\u00e9gions et d\u00e9partements ; \nVU le d\u00e9cret du 10 octobre 2024 nommant M. Paul MOURIER, pr\u00e9fet de la r\u00e9gion Bourgogne-\nFranche-Comt\u00e9, pr\u00e9fet de la C\u00f4te-d'Or ; \nVU  l'arr\u00eat\u00e9 pr\u00e9fectoral n\u00b0 26-21 BAG du 02 mars 2026 portant d\u00e9l\u00e9gation de signature du \nPr\u00e9fet \u00e0 Monsieur Bj\u00f6rn DESMET et la d\u00e9cision n\u00b02026-008- DRAAF BFC du 02 mars \n2026, portant subd\u00e9l\u00e9gation \u00e0 Monsieur Pierre LAMBAR\u00c9 ; \nSUR  proposition du Directeur Territorial de l'Office National des For\u00eats ; \nSUR  proposition du Directeur R\u00e9gional de l'Alimentation, de l'Agriculture et de la For\u00eat ; \nARR\u00caTE \nArticle 1 er : La for\u00eat communale de Bissey-La-Pierre (C\u00d4TE-D'OR), d'une contenance de \n138,02 ha, est affect\u00e9e prioritairement \u00e0 la fonction de pr oduction ligneuse et \u00e0 la fonction \n\u00e9cologique, tout en assurant sa fonction sociale et de protection physique, dans le cadre  d'une \ngestion durable multifonctionnelle.  \nArticle 2  : Cette for\u00eat comprend une partie bois\u00e9e de 135,70 ha, actuellement compos\u00e9e d e \nCh\u00eanes sessile et p\u00e9doncul\u00e9  (65%), Charme (22%), grands Erables (5%), pin sylvestre  (4%), \nh\u00eatre (2%) et Autres feuillus (2%). \nLes peuplements susceptibles de production ligneuse  seront trait\u00e9s en conversion en  futaie \nirr\u00e9guli\u00e8re sur 88,66 ha , en futaie r\u00e9guli\u00e8re et en conversion en futaie r\u00e9guli\u00e8re sur 44,38 ha.  \nDRAAF Bourgogne-Franche-Comt\u00e9 - 21-2026-04-21-00003 - arr\u00eat\u00e9 portant approbation de l'am\u00e9nagement de la for\u00eat communale de\nBissey la Pierre pour la p\u00e9riode 2025-2044 34\n \nLes essences -objectif, qui d\u00e9terminent sur le long terme les grands choix de gestion de ces \npeuplements, seront  tr\u00e8s majoritairement feuillues et r\u00e9sineuses  : le ch\u00eane sessile et, dans une \nmoindre mesure, l es \u00e9rables (champ\u00eatre et planes)  ainsi que le pin sylvestre . Les essences -\nobjectif feuillues et r\u00e9sineuses  resteront localis\u00e9es et tr\u00e8s minoritaires  sur la for\u00eat  : l'\u00e9rable \u00e0 \nfeuille d'obier, le pin de Salzmann, le pin noir et d'autres feuill us. N\u00e9anmoins, compte tenu de \nl'incertitude actuelle sur l'\u00e9volution des changements climatiques en cours, ces choix d'essences \npourront \u00eatre modul\u00e9s en cours d'application de l'am\u00e9nagement pour assurer l'adaptation du \nchoix de chaque essence -objectif, aux \u00e9volutions des connaissances en mati\u00e8re de changem ents \nclimatiques et d'adaptation des essences \u00e0 ces changements.  \nLes autres essences seront favoris\u00e9es comme essences -objectif associ\u00e9es ou comme essences \nd'accompagnement, dans la limite de leur adaptation aux conditions stationnelles futures.  \nArticle 3 : Pendant une dur\u00e9e de 20 ans (2025 \u2013 2044) : \n-  La for\u00eat sera divis\u00e9e en onze groupes de gestion : \n\u25aa Un groupe de jeunesse, d'une contenance de 4,6 ha en sylviculture, qui fera l'objet des \ntravaux n\u00e9cessaires \u00e0 l'\u00e9ducation des peuplements ;  \n\u25aa Un groupe d e r \u00e9g\u00e9n\u00e9ration, d'une contenance de  3,42 ha en sylviculture,  qui sera \nparcourus par une coupe d\u00e9finitive au cours de la p\u00e9riode ; \n\u25aa Deux groupes d'am\u00e9lioration de jeune futaie, d'une contenance de 36,36 ha en \nsylviculture, qui sera parcouru par des coupes selon  une rotation variant de 7 \u00e0 1 2 ans \nen fonction de la croissance des peuplements ; \n\u25aa Trois groupes de futaie irr\u00e9guli\u00e8re, d'une contenance de 81,68 ha en sylviculture, qui \nsera parcourus par des coupes visant \u00e0 se rappro cher d'une structure \u00e9quilibr\u00e9e, selon  \nune rotation variant de 7 \u00e0 15 ans en fonction de la croissance des peuplements ; \n\u25aa Un groupe d'\u00eelot  de vieillissement trait\u00e9 en futaie irr\u00e9guli\u00e8re,  de 3,45 ha en \nsylviculture, qui fera l'objet d'une gestion sp\u00e9cifique, au profit de la biodiversit\u00e9 ; \n\u25aa Un groupe d'attente sans traitement d\u00e9fini sur une surface en sylviculture de 3,53 ha \n\u25aa Un groupe en hors sylviculture en \u00e9volution naturelle, d'une contenance de 2,66 ha ; \n\u25aa Un groupe en hors sylviculture, d'u ne contenance de 2,32 ha, qui concerne les \nemprises de routes foresti\u00e8res. \n- une place de d\u00e9p\u00f4t sera remis aux normes afin d'am\u00e9liorer la desserte du massif ; \n- l'Office National des For\u00eats informera r\u00e9guli\u00e8rement le Conseil Municipal  de Bissey-La-\nPierre de l'\u00e9tat de d\u00e9s\u00e9quilibre sylvo-cyn\u00e9g\u00e9tique dans la for\u00eat entrainant la n\u00e9cessit\u00e9 de prot\u00e9ger \ntous les plants qui pourr aient \u00eatre mis en place, et ce dernier mettra en \u0153uvre toutes les mesures \nn\u00e9cessaires \u00e0 son r\u00e9tablissement suivant la capaci t\u00e9 d'accueil, et en s'assurant  que le niveau des \ndemandes de plans de chasse concernant la for\u00eat est en nette augmentation compte tenu de \nl'\u00e9volution des populations de grand gibier et des d\u00e9g\u00e2ts constat\u00e9s sur les peuplements ; \n- les mesures d\u00e9finies par les consignes nationales de gestion visant \u00e0 la pr\u00e9servation de la \nbiodiversit\u00e9 courante (notamment la conservation d' arbres isol\u00e9s \u00e0 cavit\u00e9s  ou s\u00e9nescents) ainsi \nqu'\u00e0 la pr\u00e9servation des sols et des eaux de surface, seront syst\u00e9matiquement mises en \u0153uvre. \nArticle 4 : Le Directeur R\u00e9gional de l'Alimentation, de l'Agricultur e, et de la For\u00eat, et le \nDirecteur Territorial de l'Office National des For\u00eats sont charg\u00e9s, chacun en ce qui le concerne, \nde l'ex\u00e9cution du pr\u00e9sent arr\u00eat\u00e9, qui se ra publi\u00e9 au recueil des actes administratifs de la \npr\u00e9fecture de C\u00d4TE-D'OR. \n    Besan\u00e7on, le 21 avril 2026 \nPour le Pr\u00e9fet de la R\u00e9gion Bourgogne-Franche-Comt\u00e9 et par d\u00e9l\u00e9gation, \nLe Directeur R\u00e9gional de l'Alimentation, de l'Agriculture et de la For\u00eat \net par subd\u00e9l\u00e9gation, \nL'adjoint au Chef du Service R\u00e9gional de l'\u00c9conomie Agricole et foresti\u00e8re \n \nPierre LAMBAR\u00c9 \n \nDRAAF Bourgogne-Franche-Comt\u00e9 - 21-2026-04-21-00003 - arr\u00eat\u00e9 portant approbation de l'am\u00e9nagement de la for\u00eat communale de\nBissey la Pierre pour la p\u00e9riode 2025-2044 35\nDRAAF Bourgogne-Franche-Comt\u00e9\n21-2026-04-21-00004\narr\u00eat\u00e9 portant approbation de l'am\u00e9nagement\nde la for\u00eat communale de Chanceaux pour la\np\u00e9riode 2026-2045 avec application du 2\u00b0 de\nl'article L122-7 du code forestier\nDRAAF Bourgogne-Franche-Comt\u00e9 - 21-2026-04-21-00004 - arr\u00eat\u00e9 portant approbation de l'am\u00e9nagement de la for\u00eat communale de\nChanceaux pour la p\u00e9riode 2026-2045 avec application du 2\u00b0 de l'article L122-7 du code forestier 36\nPREFET |DE LA REGIONBOURGOGNE- |FRANCHE-COMTELibert\u00e9Egalit\u00e9. 'ternit\u00e9\n \n \nDirection r\u00e9gionale de l'alimentation, \nde l'agriculture et de la for\u00eat \nBourgogne-Franche-Comt\u00e9 \nService R\u00e9gional de l'\u00c9conomie Agricole et Foresti\u00e8re \n \n \nD\u00e9partement : C\u00f4te-d'Or \nFor\u00eat communale de CHANCEAUX \nContenance cadastrale : 822,0871 ha  \nSurface de gestion : 822,09 ha \nR\u00e9vision du document d'am\u00e9nagement : 2026-2045 \n \n \nArr\u00eat\u00e9 d'am\u00e9nagement n\u00b0 21-2026-04-21-00004 \nportant approbation du document d'am\u00e9nagement de la for\u00eat communale  \nde Chanceaux pour la p\u00e9riode 2026-2045 \navec application du 2\u00b0 de l'article L122-7 du code forestier \n \nLe Pr\u00e9fet de la r\u00e9gion B O U R G O G N E - F R A N C H E - C O M T E , \nPr\u00e9fet de la C\u00f4te-d'Or, Chevalier de la L\u00e9gion d'Honneur et de l'Ordre National du M\u00e9rite  \n \nVU  les articles L124-1,1\u00b0, L212-1, L212-2, D212-1, D212-2, R212-3, D212-5,2\u00b0, D214-15, et \nD214-16 du Code Forestier ; \nVU  les articles L122-7, L122-8, R122-23 et R122-24 du Code Forestier ; \nVU  le sch\u00e9ma r\u00e9gional d'am\u00e9nagement de la r\u00e9gion Bourgogne, arr\u00eat\u00e9 en date du 05/12/2011 ; \nVU la d\u00e9lib\u00e9ration du conseil municipal de Chanceaux en d ate du  26/11/2025, vis\u00e9 par la \npr\u00e9fecture de Dijon le 02/12/2025, donnant son accord au projet d'am\u00e9nagement forestier \nqui lui a \u00e9t\u00e9 pr\u00e9sent\u00e9, et demandant le b\u00e9n\u00e9fice des articles L122 -7 et L122 -8 du code \nforestier au titre de la r\u00e9glementation propre \u00e0 Natura 2000 ; \nVU  le d \u00e9cret n\u00b0 2004 -374 du 29 avril 2004 modifi\u00e9 relatif aux pouvoirs des pr\u00e9fets, \u00e0 \nl'organisation et \u00e0 l'action des services de l'Etat dans les r\u00e9gions et d\u00e9partements ; \nVU le d\u00e9cret du 10 octobre 2024 nommant M. Paul MOURIER, pr\u00e9fet de la r\u00e9gion Bourgogne-\nFranche-Comt\u00e9, pr\u00e9fet de la C\u00f4te-d'Or ; \nVU  l'arr\u00eat\u00e9 pr\u00e9fectoral n\u00b0 26-21 BAG du 02 mars 2026 portant d\u00e9l\u00e9gation de signature du \nPr\u00e9fet \u00e0 Monsieur Bj\u00f6rn DESMET et la d\u00e9cision n\u00b02026-008- DRAAF BFC du 02 mars \n2026, portant subd\u00e9l\u00e9gation \u00e0 Monsieur Pierre LAMBAR\u00c9 ; \nSUR  proposition du Directeur Territorial de l'Office National des For\u00eats ; \nSUR  proposition du Directeur R\u00e9gional de l'Alimentation, de l'Agriculture et de la For\u00eat ; \nARR\u00caTE \nArticle 1er : La for\u00eat communale de CHANCEAUX (COTE-D'OR), d'une contenance de 822,09 ha, \nest affect\u00e9e prioritairement \u00e0 la fonction de production ligneuse et \u00e0 la fonction \u00e9cologique, tout \nen assurant sa fonction sociale et de protection physique, dans le cadre  d'une gesti on durable \nmultifonctionnelle. \nArticle 2 : Cette for\u00eat comprend une partie bois\u00e9e de 815,92 ha, actuellement compos\u00e9e de h\u00eatre \n(55%), ch\u00eane sessile (25%), ch\u00eane p\u00e9doncul\u00e9 8%), charme (4%), \u00e9rable champ\u00eatre (4%), Fr \u00eane \n(2%), \u00c9rable sycomore (1%) et r\u00e9sineux (1%) . Le reste , soit 6,17 ha, est constitu\u00e9 d e l'emprise \ndes routes et places de retournement. \nDRAAF Bourgogne-Franche-Comt\u00e9 - 21-2026-04-21-00004 - arr\u00eat\u00e9 portant approbation de l'am\u00e9nagement de la for\u00eat communale de\nChanceaux pour la p\u00e9riode 2026-2045 avec application du 2\u00b0 de l'article L122-7 du code forestier 37\n \nLes peuplements susceptibles de production ligneuse seront trait\u00e9s en futaie r\u00e9guli\u00e8re (571,90 ha) \net conversion en futaie par parquets ( 13,66 ha) sur  les jeunes peuplements e t les peuplements \nadultes dont la fertilit\u00e9  des sols permettent la production de grumes de qualit\u00e9 et en taillis -sous-\nfutaie (220,20 ha) pour le reste. \n \nLes essences-objectif, qui d\u00e9terminent sur le long terme les grands choix de gestion de ces \npeuplements, seront tr\u00e8s majoritairement feuillues : prioritairement, le ch\u00eane sessile et, dans une \nmoindre mesure , le ch\u00eane p\u00e9doncul\u00e9, les feuillus divers, le h\u00eatre et l'\u00e9rable sycomore.  Les \nessences-objectif r\u00e9sineuses resteront localis\u00e9es et tr\u00e8s minoritaires  sur la for\u00eat avec le pin noir \nd'Autriche. N\u00e9anm oins, compte tenu de l'incertitude actuelle sur l'\u00e9volution des changements  \nclimatiques en cours, ces choix d'essences pourront \u00eatre modul\u00e9s en cours d'application de \nl'am\u00e9nagement pour assurer l'adaptation du cho ix de chaque essence -objectif, ou groupe \nd'essences-objectif, aux \u00e9volutions des connaissances en mati\u00e8re  de changements climatiques et \nd'adaptation des essences \u00e0 ces changements.  \nLes autres essences seront favoris\u00e9es comme essen ces d'accompagnement, dans la limite de leur \nadaptation aux conditions stationnelles futures.  \nArticle 3 : Pendant une dur\u00e9e de 20 ans (2026-2045) : \n-  La for\u00eat sera divis\u00e9e en 13 groupes de gestion : \n\u25aa  Deux groupes de r\u00e9g\u00e9n\u00e9ration, d'une contenance de  84,60 ha en sylviculture, au sein \ndesquels 49,17 ha seront nouvellement ouverts en r\u00e9g\u00e9n\u00e9ration, 70,96 ha seront \nparcourus par une coupe d\u00e9 finitive au cours de la p\u00e9riode  et 13,64 ha dont l'ouverture \nen r\u00e9g\u00e9n\u00e9ration sera conditionn\u00e9e au d\u00e9p\u00e9rissement du peuplement ;  \n\u25aa Un groupe de jeun esse, d'une contenance de 51,63 ha en sylviculture, qui fera l'objet \ndes travaux n\u00e9cessaires \u00e0 l'\u00e9ducation des peuplements ; \n\u25aa Trois groupes d'am\u00e9lioration, d'une contenanc e totale de 427,13 ha en sylviculture, \nqui seront parcourus par des coupes selon une r otation variant de 6 \u00e0 15 ans selon la \ncroissance des peuplements ; \n\u25aa Un groupe de futaie par parquets, d'une contenance de 13,66 ha en sylviculture, au \nsein duquel 6,80 ha seront nouvellement ouverts en r\u00e9 g\u00e9n\u00e9ration et parcourus par une \ncoupe d\u00e9finitive au cours de la p\u00e9riode,  et qui sera parcouru p ar des coupes selon une \nrotation de 12 ans sur le reste de la surface ; \n\u25aa Un groupe de taillis sous futaie, d'une contenance de 220,20 ha en sylviculture , qui \nfera l'objet de coupes selon une rotation de 60 ans ; \n\u25aa Un groupe d'attente, d'une contenance de 6,66 ha en sylviculture, qui sera laiss\u00e9 en \ncroissance libre sur la p\u00e9riode ; \n\u25aa Un groupe d'\u00eelot de vieillissement trait\u00e9 en futaie r\u00e9guli\u00e8re ; d'une contenance de 8,54 \nha en sylviculture , qui fera l'objet d'une gestio n sp\u00e9cifique, au profit de la \nbiodiversit\u00e9 ; \n\u25aa Un groupe d'int\u00e9r\u00eat \u00e9cologique g\u00e9n\u00e9ral d'une contenance de 2,29 ha, qui sera laiss\u00e9 \u00e0 \nson \u00e9volution naturelle et pourra faire l'objet de travaux \u00e0 vocation \u00e9cologique ; \n\u25aa Un groupe d'int\u00e9r\u00eat social g\u00e9n\u00e9ral d'une c ontenance de 0,43 ha, qui permettra des \ninterventions d'int\u00e9r\u00eat p\u00e9dagogique ; \n\u25aa Un groupe constitu\u00e9 de routes foresti\u00e8res , places de d\u00e9p\u00f4t s et zone humide , d'une \ncontenance de 6,95 ha, qui sera laiss\u00e9 en l'\u00e9tat. \n \n- 1,75 km de route foresti\u00e8re  et quatre places de d\u00e9p\u00f4t seront cr\u00e9\u00e9es  afin d'am\u00e9liorer la  \ndesserte du massif ; \n- l'Office National des F or\u00eats informera r\u00e9guli\u00e8rement  le Conseil Municipal de Chanceaux \nde l'\u00e9tat de d\u00e9s\u00e9quilibre sylvo  cyn\u00e9g\u00e9tique dans la for\u00eat entrainant la n\u00e9cessit\u00e9 de pr ot\u00e9ger tous \nles plant s qui pourraient \u00eatre mis en place , e t ce  dernier mettra en oeuvre toutes les mesures \nn\u00e9cessaires \u00e0 son r\u00e9tablissement suivant la  capacit\u00e9 d'accueil, et en s'assurant en particulier que \nDRAAF Bourgogne-Franche-Comt\u00e9 - 21-2026-04-21-00004 - arr\u00eat\u00e9 portant approbation de l'am\u00e9nagement de la for\u00eat communale de\nChanceaux pour la p\u00e9riode 2026-2045 avec application du 2\u00b0 de l'article L122-7 du code forestier 38\n \nle niveau des demandes de plans de chasse concernant la for\u00eat en nette au gmentation compte \ntenu de l'\u00e9volution des populations de grand gibier et des d\u00e9g\u00e2ts constat\u00e9s sur les peuplements; \n- les mesures d\u00e9finies par les consignes nationales de gestion visant \u00e0 la pr\u00e9servation de la \nbiodiversit\u00e9 courante (notamment la conservation d'arbres isol\u00e9s \u00e0 cavit\u00e9s, morts , ou s\u00e9nescents) \nainsi qu'\u00e0 la pr\u00e9servation des sols et des eaux de surface, seront s yst\u00e9matiquement mises en \n\u0153uvre. \nArticle 4 : Le document d'am\u00e9nagement de la for\u00eat communale de Chanceaux, pr\u00e9sentement \narr\u00eat\u00e9, est approuv\u00e9 par application du 2\u00b0 de l'arti cle L122-7 du code forestier, pour le programme \nde coupes et de travaux sylvicoles au titre : \n- de la r\u00e9glementation  propre \u00e0 Natura 2000 relative \u00e0 la zone de protection sp\u00e9ciale  \nFR2612003 : \u00ab  Massifs forestiers et vall\u00e9es du Chatillonnais  \u00bb, instaur \u00e9e au titre de la \nDirective europ\u00e9enne Oiseaux  ; consid\u00e9rant que la for\u00eat est situ\u00e9e pour 69% de sa surface \ndans le site NATURA 2000 ; \n- de la r\u00e9glementation  propre \u00e0 Natura 2000 relative \u00e0 la zone sp\u00e9ci ale de conservation \nFR2600963 : \u00ab Marais tufeux du Chatillonnais \u00bb, instaur\u00e9e au titre de la Directive europ\u00e9enne \nHabitats ; consid\u00e9rant que la for\u00eat est situ\u00e9e pour 0,07% de sa surface dans le site NATURA \n2000 ; \nArticle 5 :  Le Directeur R\u00e9gional de l'A limentation, de l'Agriculture, et de la For\u00eat , et  le \nDirecteur Territorial de l'Office National des F or\u00eats sont charg\u00e9s, chacun en ce qui le concerne, \nde l'ex\u00e9cution du pr\u00e9sent arr\u00eat\u00e9, qui sera publi\u00e9 au r ecueil des actes administratifs  de la \npr\u00e9fecture de C\u00f4te-d'Or. \n    Besan\u00e7on, le 21 avril 2026 \n \nPour le Pr\u00e9fet de la R\u00e9gion Bourgogne-Franche-Comt\u00e9 et par d\u00e9l\u00e9gation, \nLe Directeur R\u00e9gional de l'Alimentation, de l'Agriculture et de la For\u00eat \net par subd\u00e9l\u00e9gation, \nL'adjoint au Chef du Service R\u00e9gional de l'\u00c9conomie Agricole et Foresti\u00e8re \n \n \n \nPierre LAMBAR\u00c9 \n \nDRAAF Bourgogne-Franche-Comt\u00e9 - 21-2026-04-21-00004 - arr\u00eat\u00e9 portant approbation de l'am\u00e9nagement de la for\u00eat communale de\nChanceaux pour la p\u00e9riode 2026-2045 avec application du 2\u00b0 de l'article L122-7 du code forestier 39\nDRAAF Bourgogne-Franche-Comt\u00e9\n21-2026-04-21-00005\narr\u00eat\u00e9 portant approbation de l'am\u00e9nagement\nde la for\u00eat communale de Grosbois-Mazerotte\npour la p\u00e9riode 2026-2045 avec application du\n2\u00b0 de l'article L122-7 du code forestier\nDRAAF Bourgogne-Franche-Comt\u00e9 - 21-2026-04-21-00005 - arr\u00eat\u00e9 portant approbation de l'am\u00e9nagement de la for\u00eat communale de\nGrosbois-Mazerotte pour la p\u00e9riode 2026-2045 avec application du 2\u00b0 de l'article L122-7 du code forestier 40\nE 3PREFET |DE LA REGIONBOURGOGNE- .FRANCHE-COMTELibert\u00e9~ alit\u00e9wernit\u00e9\n \n \nDirection r\u00e9gionale de l'alimentation, \nde l'agriculture et de la for\u00eat \nBourgogne-Franche-Comt\u00e9 \nService r\u00e9gional de l'\u00c9conomie Agricole et Foresti\u00e8re \n \n \nD\u00e9partement : C\u00f4te d'Or \nFor\u00eat sectionale de Grosbois-Mazerotte \nContenance cadastrale : 54,7165 ha  \nSurface de gestion : 54,72 ha \nR\u00e9vision du document d'am\u00e9nagement 2026-2045 \n \n \nArr\u00eat\u00e9 d'am\u00e9nagement n\u00b0 21-2026-04-21-00005 \nportant approbation du document d'am\u00e9nagement de la for\u00eat sectionale  \nde Grosbois-Mazerotte pour la p\u00e9riode 2026-2045 \navec application du 2\u00b0 de l'article L122-7 du code forestier \n \nLe Pr\u00e9fet de la r\u00e9gion B O U R G O G N E - F R A N C H E - C O M T E , \nPr\u00e9fet de la C\u00f4te d'Or, Chevalier de la L\u00e9gion d'Honneur et de l'Ordre National du M\u00e9rite  \n \nVU  les articles L124-1,1\u00b0, L212-1, L212-2, D212-1, D212-2, R212-3, D212-5,2\u00b0, D214-15, et \nD214-16 du Code Forestier ; \nVU les articles L122-7, L122-8, R122-23 et R122-24 du Code Forestier ; \nVU l'article R212-4 du Code Forestier ; \nVU  le sch\u00e9ma r\u00e9gional d'am\u00e9nagement de la r\u00e9gion Bourgogne, arr\u00eat\u00e9 en date du 05/08/2011 ; \nVU la d\u00e9lib\u00e9ration du conseil municipal de CORGENGOUX en date du 10 septembre 2025 , \nvis\u00e9 par la  pr\u00e9fecture de  Dijon le 16 septembre 2025 , donnant son accord au projet \nd'am\u00e9nagement forestier qui lui a \u00e9t\u00e9 pr\u00e9sent\u00e9, et demandant le b\u00e9n\u00e9fice de s articles L122-\n7 et L122-8 du code forestier au titre de la r\u00e8glementation Natura 2000 ; \nVU  le d\u00e9cret n\u00b0 2004 -374 du 29 avril 2004 modifi\u00e9 relatif aux pouvoirs des pr\u00e9fets, \u00e0 \nl'organisation et \u00e0 l'action des services de l'Etat dans les r\u00e9gions et d\u00e9partements ; \nVU le d\u00e9cret du 10 octobre 2024 nommant M. Paul MOURIER, pr\u00e9fet de la r\u00e9gion Bourgogne-\nFranche-Comt\u00e9, pr\u00e9fet de la C\u00f4te-d'Or ; \nVU  l'arr\u00eat\u00e9 pr\u00e9fectoral n\u00b0 26-21 BAG du 02 mars 2026 portant d\u00e9l\u00e9gation de signature du \nPr\u00e9fet \u00e0 Monsieur Bj\u00f6rn DESMET et la d\u00e9cision n\u00b02026-008- DRAAF BFC du 02 mars \n2026, portant subd\u00e9l\u00e9gation \u00e0 Monsieur Pierre LAMBAR\u00c9 ; \nSUR  proposition du Directeur Territorial de l'Office National des For\u00eats ; \nSUR  proposition du Directeur R\u00e9gional de l'Alimentation, de l'Agriculture et de la For\u00eat ; \nARR\u00caTE \nArticle 1 er : La f or\u00eat sectionale de GROSBOIS-MAZEROTTE (COTE D 'OR), d'une contenance de \n54,72 ha, est affect\u00e9e prioritairement \u00e0 la fonction de production ligneuse et \u00e0 la fonction \n\u00e9cologique, tout en assurant sa fonction sociale et de protection physique, dans le cadre  d'une \ngestion durable multifonctionnelle.  \nArticle 2  : Cette for\u00eat comprend une partie bois\u00e9e de 54,11 ha, actuellement compos\u00e9e  de : \nCh\u00eanes sessile et p\u00e9doncul\u00e9 (81%), Charme (12%), Robinier (3%), Merisier (2%), autres feuillus \n(2%). Le reste, soit 0,61 ha, est constitu\u00e9 d'emprises (route et ligne \u00e9lectrique). \nDRAAF Bourgogne-Franche-Comt\u00e9 - 21-2026-04-21-00005 - arr\u00eat\u00e9 portant approbation de l'am\u00e9nagement de la for\u00eat communale de\nGrosbois-Mazerotte pour la p\u00e9riode 2026-2045 avec application du 2\u00b0 de l'article L122-7 du code forestier 41\n \nLes peuplements susceptibles de production ligneuse seront trait\u00e9s  en futaie r\u00e9guli\u00e8re (dont \nconversion) pour 41,94 ha et futaie irr\u00e9guli\u00e8re (dont conversion) pour 9,82 ha.  \n \nEn dehors des surfaces consacr\u00e9es aux tests en gestion, les essences-objectif, qui d\u00e9terminent sur \nle long terme les grands choix de gestion de ces peuplements, seront tr\u00e8s majoritairement \nfeuillues : prioritairement , le Ch\u00eane sessile  et, dans une moindre mesure , le Ch\u00eane p\u00e9doncul\u00e9 . \nLes essences-objectif feuillues resteront localis\u00e9es et tr\u00e8s minoritaires  sur la for\u00eat  : Noyer noir, \nErable plane, Merisier, Tulipier de Virginie . N\u00e9anmoins, compte tenu de l'incertitude actuelle \nsur l'\u00e9volution des changements climatiques  en cours, ces choix d'e ssences pourront \u00eatre \nmodul\u00e9s en cours d'application de l'am\u00e9nagement  pour assurer l'adaptation du choix de chaque \nessence-objectif, ou groupe d'essences -objectif, aux \u00e9volutions des connaissances en  mati\u00e8re de \nchangements climatiques et d'adaptation des essences \u00e0 ces changements.  \nSur les surfaces consacr\u00e9es aux tests en gestion pour l'adaptation des essences aux changements \nclimatiques, les essences -objectif seront choisies au moment de la mise en \u0153uvre de ces \nplantations parmi un panel d'essenc es adapt\u00e9 es au vu des connaissances actualis\u00e9es sur les \nchangements climatiques et sur le comportement de ces essences. \nLes autres essences seront favoris\u00e9es comme essences -objectif associ\u00e9es ou comme essence s \nd'accompagnement, dans la limite de leur adaptation aux conditions stationnelles futures.  \nArticle 3 : Pendant une dur\u00e9e de 20 ans (2026 \u2013 2045) : \n-  La for\u00eat sera divis\u00e9e en 11 groupes de gestion : \n\u25aa Trois groupes de r\u00e9g\u00e9n\u00e9ration , d'une contenance de  8,44 ha en sylviculture , au sein \nduquel 4,30 ha \u00e0 minima seront nouvellement ouverts en r\u00e9g\u00e9n\u00e9ration, 6,98 ha seront \nparcourus par une coupe d\u00e9finitive au cours de la p\u00e9riode ;  \n\u25aa Un groupe de jeunesse, d'une contenance de 6,95 ha en sylviculture, qui fera l'objet \ndes travaux n\u00e9cessaires \u00e0 l'\u00e9ducation des peu plements et qui pourra \u00eatre parcouru par \nune premi\u00e8re coupe d'\u00e9claircie en fin de p\u00e9riode ; \n\u25aa Trois groupes d'am\u00e9lioration, d'une contenance totale de 22,57 ha en sylviculture, qui \nseront parcourus par des coupes selon une rotation variant de 6 \u00e0 15 ans en fonction de \nla croissance des peuplements ; \n\u25aa Un groupe de futaie irr\u00e9guli\u00e8re  (et conversion) , d'une contenance de  9,82 ha en \nsylviculture, qui sera parcouru  par des coupes visant \u00e0 se rapprocher d'une structure \n\u00e9quilibr\u00e9e, selon une rotation de 11 ans ; \n\u25aa Un g roupe d'\u00ee lot de vieillissement trait\u00e9 en  conversion en futaie r\u00e9guli\u00e8re , d'une \ncontenance de  3,98 ha en sylviculture , qui fera l'objet d'une gestion sp\u00e9cifique, au \nprofit de la biodiversit\u00e9 ; \n\u25aa Un groupe d'\u00eelot de s\u00e9nescence (mesure \u00e9cologique compensatoire), d'une contenance \nde 2,35 ha, qui sera laiss\u00e9 \u00e0 son \u00e9volution naturelle, au profit de la biodiversit\u00e9 ; \n\u25aa Un groupe constitu\u00e9 des emprises de route et de ligne \u00e9lectrique , d'une contenance de \n0,61 ha, qui sera laiss\u00e9 en l'\u00e9tat. \n \n- l'Office National des F or\u00eats info rmera r\u00e9guli\u00e8rement  le Conseil Municipal  de \nCORGENGOUX de l'\u00e9tat de l'\u00e9quilibre sylvo -cyn\u00e9g\u00e9tique dans la for\u00eat, et ce dernier mettra en \noeuvre toutes les mesures n\u00e9cessaires \u00e0 son mainti en ou \u00e0 son r\u00e9tablissement suivant la capacit\u00e9 \nd'accueil, et e n s'assurant en particulier que le niveau des demandes de plans de chasse \nconcernant la for\u00eat est adapt\u00e9 compte tenu de l'\u00e9volution des populations de grand gibier et des \nd\u00e9g\u00e2ts constat\u00e9s sur les peuplements; \n- les mesures d\u00e9finies par les consignes  nationales de gestion visant \u00e0 la pr\u00e9servation de la \nbiodiversit\u00e9 courante (notamment la conservation d'arbres isol\u00e9s \u00e0 cavit\u00e9s, morts, ou s\u00e9nescents) \nainsi qu'\u00e0 la pr\u00e9servation des sols et des eaux d e surface, seront s yst\u00e9matiquement mises en \n\u0153uvre. \nDRAAF Bourgogne-Franche-Comt\u00e9 - 21-2026-04-21-00005 - arr\u00eat\u00e9 portant approbation de l'am\u00e9nagement de la for\u00eat communale de\nGrosbois-Mazerotte pour la p\u00e9riode 2026-2045 avec application du 2\u00b0 de l'article L122-7 du code forestier 42\n \nArticle 4 : Le document d'am\u00e9nagement de la for\u00eat sectionale de GROBOIS -MAZEROTTE, \npr\u00e9sentement arr\u00eat\u00e9, est approuv\u00e9 par application du 2\u00b0 de l'article L122 -7 du code forestier, pour le \nprogramme de coupes et de travaux sylvicoles, au titre : \n- de la r\u00e9glementation propre \u00e0 Natura 2000 relative \u00e0 la Zone de Protection de Sp\u00e9ciale (ZPS) \nFR2612007 et \u00e0 la Zone Sp\u00e9ciale de Conservation (ZSC)  FR2601013 \u00ab For\u00eat de C\u00eeteaux et \nenvirons \u00bb, instaur\u00e9es au titre des D irectives europ\u00e9ennes \u00ab  Oiseaux \u00bb et \u00ab Habitats \nnaturels \u00bb ; consid\u00e9rant que la for\u00eat est situ\u00e9e pour 81% de sa surface dans le site NATURA \n2000 ; \nArticle 5 : Le Directeur R\u00e9gional de l'Alimentation, de l'Agriculture, et de la For\u00eat, et le \nDirecteur Territorial de l'Office National des For\u00eats sont charg\u00e9s, c hacun en ce qui le concerne, \nde l'ex\u00e9cution du pr\u00e9sent arr\u00eat\u00e9, qui sera publi\u00e9 au recueil des actes administratifs de la \npr\u00e9fecture de COTE D'OR. \n \n    Besan\u00e7on, le 21 avril 2026 \n \nPour le Pr\u00e9fet de la R\u00e9gion Bourgogne-Franche-Comt\u00e9 et par d\u00e9l\u00e9gation, \nLe Directeur R\u00e9gional de l'Alimentation, de l'Agriculture et de la For\u00eat \net par subd\u00e9l\u00e9gation, \nL'adjoint au Chef du Service R\u00e9gional de l'\u00c9conomie Agricole et Foresti\u00e8re \n \n \nPierre LAMBAR\u00c9 \n \nDRAAF Bourgogne-Franche-Comt\u00e9 - 21-2026-04-21-00005 - arr\u00eat\u00e9 portant approbation de l'am\u00e9nagement de la for\u00eat communale de\nGrosbois-Mazerotte pour la p\u00e9riode 2026-2045 avec application du 2\u00b0 de l'article L122-7 du code forestier 43\nDRAAF Bourgogne-Franche-Comt\u00e9\n21-2026-04-21-00006\narr\u00eat\u00e9 portant approbation de l'am\u00e9nagement\nde la for\u00eat communale de Maligny pour la\np\u00e9riode 2025-2044\nDRAAF Bourgogne-Franche-Comt\u00e9 - 21-2026-04-21-00006 - arr\u00eat\u00e9 portant approbation de l'am\u00e9nagement de la for\u00eat communale de\nMaligny pour la p\u00e9riode 2025-2044 44\nE 3PREFET |DE LA REGIONBOURGOGNE- |FRANCHE-COMTELibert\u00e9Foalit\u00e9_ tternit\u00e9\n \n \nDirection r\u00e9gionale de l'alimentation, \nde l'agriculture et de la for\u00eat \nBourgogne-Franche-Comt\u00e9 \nService r\u00e9gional de l'\u00c9conomie Agricole et Foresti\u00e8re \n \n \nD\u00e9partement : C\u00d4TE-D'OR \nFor\u00eat communale de MALIGNY \nContenance cadastrale : 223,9973 ha  \nSurface de gestion : 224,00 ha \nR\u00e9vision du document d'am\u00e9nagement :2025-2044 \n \n \nArr\u00eat\u00e9 d'am\u00e9nagement n\u00b0 21-2026-04-21-00006 \nportant approbation du document d'Am\u00e9nagement de la for\u00eat communale de  \nMaligny pour la p\u00e9riode 2025-2044 \n \nLe Pr\u00e9fet de la r\u00e9gion B O U R G O G N E - F R A N C H E - C O M T E , \nPr\u00e9fet de la C\u00f4te d'Or, Chevalier de la L\u00e9gion d'Honneur et de l'Ordre National du M\u00e9rite \n \nVU les articles L124-1,1\u00b0, L212-1, L212-2, D212-1, D212-2, R212-3, D212-5,2\u00b0, D214-15, et \nD214-16 du Code Forestier ; \nVU le sch\u00e9ma r\u00e9gional d'am\u00e9nagement de la r\u00e9gion Bourgogne, arr\u00eat\u00e9 en date du 05/12/2011 ; \nVU la d\u00e9lib\u00e9ration en conseil municipal de la commune de MALIGNY en date du \n25 septembre 2025, vis\u00e9 par la Pr\u00e9fecture de Dijon le 29 septembre 2025, donnant son \naccord au projet d'am\u00e9nagement forestier qui lui a \u00e9t\u00e9 pr\u00e9sent\u00e9 ; \nVU le d \u00e9cret n\u00b0 2004 -374 du 29 avril 2004 modifi\u00e9 relatif aux pouvoirs des pr\u00e9fets, \u00e0 \nl'organisation et \u00e0 l'action des services de l'Etat dans les r\u00e9gions et d\u00e9partements ; \nVU le d\u00e9cret du 10 octobre 2024 nommant M. Paul MOURIER, pr\u00e9fet de la r\u00e9gion Bourgogne-\nFranche-Comt\u00e9, pr\u00e9fet de la C\u00f4te-d'Or ; \nVU  l'arr\u00eat\u00e9 pr\u00e9fectoral n\u00b0 26-21 BAG du 02 mars 2026 portant d\u00e9l\u00e9gation de signature du \nPr\u00e9fet \u00e0 Monsieur Bj\u00f6rn DESMET et la d\u00e9cision n\u00b02026-008- DRAAF BFC du 02 mars \n2026, portant subd\u00e9l\u00e9gation \u00e0 Monsieur Pierre LAMBAR\u00c9 ; \nSUR proposition du Directeur Territorial de l'Office National des For\u00eats ; \nSUR proposition du Directeur R\u00e9gional de l'Alimentation, de l'Agriculture et de la For\u00eat ; \nARR\u00caTE \nArticle 1er : La for\u00eat communale de MALIGNY (C\u00d4TE-D'OR), d'une contenance de 224,00 ha, \nest affect\u00e9e prioritairement \u00e0 la fonction de production ligneuse et \u00e0 la fonction \u00e9cologique, tout \nen assurant sa fonction sociale et de protection physique, dans le cadre  d'une gestion durable \nmultifonctionnelle.  \nArticle 2  : Cette for\u00eat comprend une partie bois\u00e9e de 222,66 ha, actuellement compos\u00e9e de \nCh\u00eane p\u00e9doncul\u00e9 (64%), d'autres Feuillus (20%), de Ch\u00eane sessile (15%),  et d'autres r\u00e9sineux \n(1%). Le reste, soit 1,34 ha, est constitu\u00e9 de sommi\u00e8res non bois\u00e9es. \nLes peupleme nts susce ptibles de pr oduction ligneuse seront trait\u00e9s en conversion en futaie \nirr\u00e9guli\u00e8re sur 107 ,11 ha, conversion en futaie par parquets sur 65 ,49 ha, Futaie r\u00e9guli\u00e8re dont \nconversion en futaie r\u00e9guli\u00e8re sur 42,96 ha.  \nDRAAF Bourgogne-Franche-Comt\u00e9 - 21-2026-04-21-00006 - arr\u00eat\u00e9 portant approbation de l'am\u00e9nagement de la for\u00eat communale de\nMaligny pour la p\u00e9riode 2025-2044 45\n \nEn dehors des surfaces consacr\u00e9es aux tests en gestion, les essences-objectif, qui d\u00e9terminent sur \nle long terme les grands choix de gestion de ces peuplements, seront tr\u00e8s majoritairement \nfeuillues : prioritairement , le ch\u00eane sessile et, dans une moi ndre mesure, l es \u00e9rables, le Ch\u00eane \npubescent, le  Merisier et le Cormier.  N\u00e9anmoins, compte tenu de l'incertitude actuelle sur \nl'\u00e9volution des changements climatiques en cours, ces choix d'essences pourront \u00eatre modul\u00e9s en \ncours d'application de l'am\u00e9nageme nt pour assurer l'adaptation du choix d e chaque essence-\nobjectif, ou groupe d'essences -objectif, aux \u00e9volutions des connaissances en mati\u00e8re de \nchangements climatiques et d'adaptation des essences \u00e0 ces changements.  \nSur les surfaces consacr\u00e9es aux tests e n gestion pour l'adaptation des essence s aux changements \nclimatiques, les essences -objectif seront choisies au moment de la mise en \u0153uvre de ces  \nplantations parmi un panel d'essences adapt\u00e9es au vu des connaissances actualis\u00e9es sur les \nchangements climatiques et sur le comportement de ces essences. \nLes autres essences seront favoris\u00e9es comme d'accompagnement, dans la limite de leur \nadaptation aux conditions stationnelles futures.  \nArticle 3 : Pendant une dur\u00e9e de 20 ans (2025 \u2013 2044) : \n-  La for\u00eat sera divis\u00e9e en dix groupes de gestion : \n\u25aa  Un groupe de reconstitution, d'une contenance de 1,98 ha en sylviculture ;  \n\u25aa Un groupe de jeunesse, d'une contenance de 14,92 ha en sylviculture, qui fera l'objet \ndes travaux n\u00e9cessaires \u00e0 l'\u00e9ducation des peuplements ; \n\u25aa Deux groupes d'am\u00e9lioration, d'une contenance totale de 26,06 ha en sylviculture, qui \nseront parcourus par des coupes selon une rotation variant de 8 \u00e0 12 ans en fonction de \nla croissance des peuplements ; \n\u25aa Un groupe de futaie par parquets, d'une contenance de 65,49 ha en sylviculture, au \nsein duquel  17,00 ha seront nouvellement ouverts en r\u00e9g\u00e9n\u00e9ration et 16,50 ha seront \nparcourus par une coupe d\u00e9finitive au cours de la p\u00e9riode, et qui sera parcouru par des \ncoupes selon une rotation de 12 ans sur le reste de la surface ; \n\u25aa Deux groupes de futaie irr\u00e9guli\u00e8re, d'une contenance de 107,11 ha en sylviculture, qui \nseront parcourus par des coupes visant \u00e0 se rapprocher d'une structure \u00e9quilibr\u00e9e, \nselon une rotation variant de 12 \u00e0 15 ans en fonction de la croissance des \npeuplements ; \n\u25aa Un groupe d'\u00eelot  de s\u00e9nesc ence, d'un e contenance de 0,64 ha, qui sera laiss\u00e9 \u00e0 son \n\u00e9volution naturelle, au profit de la biodiversit\u00e9 ; \n\u25aa Un groupe d'int\u00e9r\u00eat \u00e9cologique g\u00e9n\u00e9ral  de 6,46 ha, qui sera laiss\u00e9 \u00e0 son \u00e9volution \nnaturelle ; \n\u25aa Un groupe hors sylviculture constitu\u00e9 d'espaces non bois\u00e9s (so mmi\u00e8res) d'une \ncontenance de 1,34 ha, qui sera laiss\u00e9 en l'\u00e9tat. \n \n- l'Office National des For\u00eats informera r\u00e9guli\u00e8rement le Conseil Municipal de MALIGNY \nde l'\u00e9tat de d\u00e9s\u00e9quilib re sylvo cyn\u00e9g\u00e9tique dans la for\u00eat entrainant la n\u00e9ce ssit\u00e9 de prot\u00e9ger tous \nles plants qui pourraient \u00eatre mis en place, et ce dernier mettra en \u0153uvre toutes les mesures \nn\u00e9cessaires \u00e0 son r\u00e9tablissement suivant la capacit\u00e9 d'accueil, et en s'assurant en pa rticulier que \nle niveau des demandes de plans de chas se concernant la for\u00eat est en nette augmentation compte \ntenu de l'\u00e9volution des populations de grand gibier et des d\u00e9g\u00e2ts constat\u00e9s sur les peuplements; \n- les mesures d\u00e9finies par les consignes nationale s de gestion visant \u00e0 la pr\u00e9servation de la \nbiodiversit\u00e9 courante (notamment la conservation d'arbres isol\u00e9s \u00e0 cavit\u00e9s  ou s\u00e9nescents) ainsi \nqu'\u00e0 la pr\u00e9servation des sols et des eaux de surface, seront syst\u00e9matiquement mises en \u0153uvre. \n \n \nDRAAF Bourgogne-Franche-Comt\u00e9 - 21-2026-04-21-00006 - arr\u00eat\u00e9 portant approbation de l'am\u00e9nagement de la for\u00eat communale de\nMaligny pour la p\u00e9riode 2025-2044 46\n \nArticle 4 : Le Directeur R\u00e9gional de l'Alimentation, de l'Agriculture, et de la For\u00eat, et le \nDirecteur Territorial de l'Office National des For\u00eats sont charg\u00e9s, chacun en ce qui le concerne, \nde l'ex\u00e9cution du pr\u00e9sent arr\u00eat\u00e9, qui sera publi\u00e9 au recueil des actes admini stratifs de la \npr\u00e9fecture de C\u00d4TE-D'OR. \n    Besan\u00e7on, le 21 avril 2026 \n \nPour le Pr\u00e9fet de la R\u00e9gion Bourgogne-Franche-Comt\u00e9 et par d\u00e9l\u00e9gation, \nLe Directeur R\u00e9gional de l'Alimentation, de l'Agriculture et de la For\u00eat \net par subd\u00e9l\u00e9gation, \nL'adjoint au Chef du Service R\u00e9gional de l'\u00c9conomie Agricole et Foresti\u00e8re \n \n \n \nPierre LAMBAR\u00c9 \n \nDRAAF Bourgogne-Franche-Comt\u00e9 - 21-2026-04-21-00006 - arr\u00eat\u00e9 portant approbation de l'am\u00e9nagement de la for\u00eat communale de\nMaligny pour la p\u00e9riode 2025-2044 47\nDRAAF Bourgogne-Franche-Comt\u00e9\n21-2026-04-21-00007\narr\u00eat\u00e9 portant approbation de l'am\u00e9nagement\nde la for\u00eat communale de Semezanges pour la\np\u00e9riode 2026-2045 avec application du 2\u00b0 de\nl'article L122-7 du code forestier\nDRAAF Bourgogne-Franche-Comt\u00e9 - 21-2026-04-21-00007 - arr\u00eat\u00e9 portant approbation de l'am\u00e9nagement de la for\u00eat communale de\nSemezanges pour la p\u00e9riode 2026-2045 avec application du 2\u00b0 de l'article L122-7 du code forestier 48\nEsPREFET .DE LA REGIONBOURGOGNE- |FRANCHE-COMTELibert\u00e9-alit\u00e9tternit\u00e9\n \n \nDirection r\u00e9gionale de l'alimentation, \nde l'agriculture et de la for\u00eat \nBourgogne-Franche-Comt\u00e9 \nService R\u00e9gional de l'\u00c9conomie Agricole et Foresti\u00e8re \n \n \nD\u00e9partement : C\u00d4TE-D'OR \nFor\u00eat communale de SEMEZANGES \nContenance cadastrale : 482,6720 ha  \nSurface de gestion : 482,67 ha \nR\u00e9vision du document d'am\u00e9nagement : 2026-2045 \n \n \nArr\u00eat\u00e9 d'am\u00e9nagement n\u00b0 21-2026-04-21-00007 \nportant approbation du document d'Am\u00e9nagement de la for\u00eat communale  \nde Semezanges pour la p\u00e9riode 2026-2045 \navec application du 2\u00b0 de l'article L122-7 du code forestier \n \nLe Pr\u00e9fet de la r\u00e9gion B O U R G O G N E - F R A N C H E - C O M T E , \nPr\u00e9fet de la C\u00f4te d'Or, Chevalier de la L\u00e9gion d'Honneur et de l'Ordre National du M\u00e9rite  \n \nVU les articles L124-1,1\u00b0, L212-1, L212-2, D212-1, D212-2, R212-3, D212-5,2\u00b0, D214-15, et \nD214-16 du Code Forestier ; \nVU les articles L122-7, L122-8, R122-23 et R122-24 du Code Forestier ; \nVU l'article R212-4 du Code Forestier ; \nVU les articles L414-4 et R414-19 du Code de l'Environnement ; \nVU le sch\u00e9ma r\u00e9gional d'am\u00e9nagement de la r\u00e9gion Bourgogne, arr\u00eat\u00e9 en date du 05/12/2011 ; \nVU la d\u00e9lib\u00e9ration en conseil municipal de la commune de Semezanges  en date du \n12 septembre 2025, vis\u00e9 e par la Pr\u00e9fecture de Dijon, le 29 septembre 2025 , donnant son \naccord au projet d'am\u00e9nagement forestier qui lui a \u00e9t\u00e9 pr\u00e9sent\u00e9, et de mandant le b\u00e9n\u00e9fice \ndes articles L122 -7 et L122 -8 du code forestier au titre de la r\u00e9glementation de \nNatura 2000 ; \nVU le d\u00e9cret n\u00b0 2004 -374 du 29 avril 2004 modifi\u00e9 relatif aux pouvoirs des pr\u00e9fets, \u00e0 \nl'organisation et \u00e0 l'action des services de l'Etat dans les r\u00e9gions et d\u00e9partements ; \nVU le d\u00e9cret du 10 octobre 2024 nommant M. Paul MOURIER, pr\u00e9fet de la r\u00e9gion Bourgogne-\nFranche-Comt\u00e9, pr\u00e9fet de la C\u00f4te-d'Or ; \nVU  l'arr\u00eat\u00e9 pr\u00e9fectoral n\u00b0 26-21 BAG du 02 mars 2026 portant d\u00e9l\u00e9gation de signature du \nPr\u00e9fet \u00e0 Monsieur Bj\u00f6rn DESMET et la d\u00e9cision n\u00b02026-008- DRAAF BFC du 02 mars \n2026, portant subd\u00e9l\u00e9gation \u00e0 Monsieur Pierre LAMBAR\u00c9 ; \nSUR proposition du Directeur Territorial de l'Office National des For\u00eats ; \nSUR proposition du Directeur R\u00e9gional de l'Alimentation, de l'Agriculture et de la For\u00eat ; \nARR\u00caTE \nArticle 1 er : La for\u00eat communale de SEMEZANGES (C\u00d4TE-D'OR), d'une contenance de \n482,67 ha, est affect\u00e9e prioritairement \u00e0 la fonction de production ligneuse et \u00e0 la f onction \n\u00e9cologique, tout en assurant sa foncti on sociale et de protection physique, dans le cadre  d'une \ngestion durable multifonctionnelle.  \nDRAAF Bourgogne-Franche-Comt\u00e9 - 21-2026-04-21-00007 - arr\u00eat\u00e9 portant approbation de l'am\u00e9nagement de la for\u00eat communale de\nSemezanges pour la p\u00e9riode 2026-2045 avec application du 2\u00b0 de l'article L122-7 du code forestier 49\n \nArticle 2  : Cette for\u00eat comprend une partie bois\u00e9e de 469,97 ha, actuellement compos\u00e9e de \nCh\u00eane sessile (61%), de H\u00eatre (21%), d'Autres Feuillus (17%), et d'Autres R\u00e9sineux (1%). Le \nreste, soit 12,70 ha, est constitu\u00e9 d'espaces non bois\u00e9s : pr\u00e9, concessions et vides \u00e0 boiser. \nLes peuplements susceptibles de production ligneuse seront trait\u00e9s en Taillis-sous-futaie (TSF) \nsur 282,52 ha, en conversion en futaie irr\u00e9guli\u00e8re sur 115,99 ha, en futaie r\u00e9guli\u00e8re sur 57,25 ha, \net en Futaie par parquets dont conversion en futaie par parquets sur 11,42 ha.  \n \nLes essences -objectif, qui d\u00e9terminen t sur le long terme les grands choix de gestion de ces \npeuplements, seront tr\u00e8s ma joritairement feuillues : prioritairement, le ch\u00eane sessile et, dans une \nmoindre mesure, le ch\u00eane pubescent, le merisier, les \u00e9rables, le cormier \u2026. Les essences-objectif \nr\u00e9sineuses resteront localis\u00e9es et tr\u00e8s minoritaires  sur la for\u00eat  : C\u00e8dre de l'Atlas . N\u00e9anmoins, \ncompte tenu de l'incertitude actuelle sur l'\u00e9volution des changements climatiques en cours, ces \nchoix d'essences pourront \u00eatre modul\u00e9s en cours d'application de l' am\u00e9nagement pour assurer \nl'adaptation du choix de chaque essence -objectif, ou grou pe d'essences-objectif, aux \u00e9volutions \ndes connaissances en  mati\u00e8re de changements climatiques et d'adaptation des essences \u00e0 ces \nchangements.  \nLes autres essences seront favoris\u00e9es comme essences d'accompagnement, dans la limite de leur \nadaptation aux conditions stationnelles futures.  \nArticle 3 : Pendant une dur\u00e9e de 20 ans (2026 \u2013 2045) : \n-  La for\u00eat sera divis\u00e9e en onze groupes de gestion : \n\u25aa Deux groupes de r\u00e9g\u00e9n\u00e9ration, d' une contenance de 3,53 ha en sylviculture, au sein \nduquel 0,54 ha seront nouvellem ent ouverts en r\u00e9g\u00e9n\u00e9ration, 3,53 ha seront parcourus \npar une coupe d\u00e9finitive au cours de la p\u00e9riode ;  \n\u25aa Un groupe de jeunesse, d'une contenance de 9,62 ha en sylviculture, q ui fera l'objet \ndes travaux n\u00e9cessaires \u00e0 l'\u00e9ducation des peuplements et qui pourr a \u00eatre parcouru par \nune premi\u00e8re coupe d'\u00e9claircie en fin de p\u00e9riode ; \n\u25aa Un groupe d'am\u00e9lioration, d'une contenance totale de 44,10 ha en sylviculture, qui \nsera parcouru par des coupes selon une rotation de 12 ans ; \n\u25aa Un groupe de futaie pa r parquets, d'une co ntenance de 11,42 ha en sylviculture, au \nsein duquel 3 ha seront nouvellement ouverts en r\u00e9g\u00e9n\u00e9ration et  parcourus par une \ncoupe d\u00e9finitive au cours de la p\u00e9riode, et qui ser a parcouru par des coupes selon une \nrotation de 12 ans sur le reste de la surface ; \n\u25aa Deux groupes de futaie irr\u00e9guli\u00e8re, d'une contenance de 115,99 ha en sylviculture, qui \nseront parcourus par des coupes visant \u00e0 se rapprocher d'une structure \u00e9quilibr\u00e9e, \nselon une rotation variant de 10 \u00e0 15 ans en fonction de la croissance des \npeuplements ; \n\u25aa Un groupe de taillis sous futaie, d'une contenance de 282,52 ha en sylviculture, qui \nfera l'objet de coupes selon une rotation de 50 ans ; \n\u25aa Deux groupes d'\u00eelots de s\u00e9nescence, d'une contenance de 4,01 ha, qui seront laiss\u00e9s \u00e0 \nleur \u00e9volution naturelle, au profit de la biodiversit\u00e9 ; \n\u25aa Un groupe hors sylviculture constitu\u00e9 d'espaces non bois\u00e9s (pr\u00e9s, concessions), d'une \ncontenance de 11,48 ha, qui sera laiss\u00e9 en l'\u00e9tat. \n \n- l'Office National des For\u00eats informera r\u00e9guli\u00e8rement le Conseil Municipal  de \nSEMEZANGES de l'\u00e9tat de d\u00e9s\u00e9quilibre sylvo -cyn\u00e9g\u00e9tique dans la for\u00eat entrainant la n\u00e9cessit\u00e9 \nde prot\u00e9ger tous les plants qui pourraient \u00eatre mis en place, et ce dernier  mettra en \u0153uvre toutes \nles mesures n\u00e9cessaires \u00e0 son r\u00e9tablissement suivant la ca pacit\u00e9 d'accue il, et en s'assurant en \nparticulier que le niveau des demandes de plans de chasse concernant la for\u00eat est en nette \naugmentation compte tenu de l'\u00e9volution des p opulations de grand gibier et des d\u00e9g\u00e2ts constat\u00e9s \nsur les peuplements; \nDRAAF Bourgogne-Franche-Comt\u00e9 - 21-2026-04-21-00007 - arr\u00eat\u00e9 portant approbation de l'am\u00e9nagement de la for\u00eat communale de\nSemezanges pour la p\u00e9riode 2026-2045 avec application du 2\u00b0 de l'article L122-7 du code forestier 50\n \n- les mesures d\u00e9finies p ar les consignes nationales de gestion visant \u00e0 la pr\u00e9servation de la \nbiodiversit\u00e9 courante (notamment la conservation d'arbres isol\u00e9s \u00e0 cavit\u00e9s, morts, ou s\u00e9ne scents) \nainsi qu'\u00e0 la pr\u00e9servation des sols et des eaux de surface, seront syst\u00e9ma tiquement mise s en \n\u0153uvre. \nArticle 4 : Le document d'am\u00e9nagement de la for\u00eat communale de SEMEZANGES, pr\u00e9sentement \narr\u00eat\u00e9, est approuv\u00e9 par application du 2\u00b0 de l'article L122 -7 du code forestier, pour le programme \nde coupes et de travaux sylvicoles, au titre : \n- de la r \u00e9glementation propre \u00e0 Natura 2000 relative \u00e0 la ZPS FR2612001 : \u00ab Arri\u00e8re-C\u00f4te de \nDijon et de Beaune \u00bb , instaur\u00e9e au titre de la Directive europ\u00e9enne  \u00ab Oiseaux \u00bb ; consid\u00e9rant \nque la for\u00eat est situ\u00e9e pour 100% de sa surface dans le site NATURA 2000 ; \n \nArticle 5 : Le Directeur R\u00e9gional de l'Alimentation, de l'Agriculture, et de la For\u00eat, et le \nDirecteur Territorial de l'Office National des For\u00eats sont charg\u00e9s, chacun en ce qui le concerne, \nde l'ex\u00e9cution du pr\u00e9sent arr\u00eat\u00e9, qui sera publi\u00e9 au recueil des act es administratifs de la \npr\u00e9fecture de C\u00d4TE-D'OR. \n    Besan\u00e7on, le 21 avril 2026 \n \nPour le Pr\u00e9fet de la R\u00e9gion Bourgogne-Franche-Comt\u00e9 et par d\u00e9l\u00e9gation, \nLe Directeur R\u00e9gional de l'Alimentation, de l'Agriculture et de la For\u00eat \net par subd\u00e9l\u00e9gation, \nL'adjoint au Chef du Service R\u00e9gional de l'\u00c9conomie Agricole et Foresti\u00e8re \n \n \n \nPierre LAMBAR\u00c9 \n \nDRAAF Bourgogne-Franche-Comt\u00e9 - 21-2026-04-21-00007 - arr\u00eat\u00e9 portant approbation de l'am\u00e9nagement de la for\u00eat communale de\nSemezanges pour la p\u00e9riode 2026-2045 avec application du 2\u00b0 de l'article L122-7 du code forestier 51\nDRAAF Bourgogne-Franche-Comt\u00e9\n21-2026-04-21-00008\narr\u00eat\u00e9 portant approbation de l'am\u00e9nagement\nde la for\u00eat communale de Turcey pour la\np\u00e9riode 2026-2045 avec application du 2\u00b0 de\nl'article L122-7 du code forestier\nDRAAF Bourgogne-Franche-Comt\u00e9 - 21-2026-04-21-00008 - arr\u00eat\u00e9 portant approbation de l'am\u00e9nagement de la for\u00eat communale de\nTurcey pour la p\u00e9riode 2026-2045 avec application du 2\u00b0 de l'article L122-7 du code forestier 52\n= wlPREFET |DE LA REGIONBOURGOGNE- |FRANCHE-COMTELibert\u00e9alit\u00e9_ ternit\u00e9\n \nLtd. \n \nDirection r\u00e9gionale de l'alimentation, \nde l'agriculture et de la for\u00eat \nBourgogne-Franche-Comt\u00e9 \nService R\u00e9gional de l'\u00c9conomie Agricole et Foresti\u00e8re \n \n \nD\u00e9partement : C\u00d4TE-D'OR \nFor\u00eat communale de TURCEY \nContenance cadastrale : 154,6725 ha  \nSurface de gestion : 154,67 ha \nR\u00e9vision du document d'am\u00e9nagement : 2026-2045 \n \n \nArr\u00eat\u00e9 d'am\u00e9nagement n\u00b0 21-2026-04-21-00008 \nportant approbation du document d'Am\u00e9nagement de la for\u00eat communale de Turcey  \npour la p\u00e9riode 2026-2045 \navec application du 2\u00b0 de l'article L122-7 du code forestier \n \nLe Pr\u00e9fet de la r\u00e9gion B O U R G O G N E - F R A N C H E - C O M T E , \nPr\u00e9fet de la C\u00f4te d'Or, Chevalier de la L\u00e9gion d'Honneur et de l'Ordre National du M\u00e9rite  \n \nVU  les articles L124-1,1\u00b0, L212-1, L212-2, D212-1, D212-2, R212-3, D212-5,2\u00b0, D214-15, et \nD214-16 du Code Forestier ; \nVU  les articles L122-7, L122-8, R122-23 et R122-24 du Code Forestier ; \nVU  les articles L414-4 et R414-19 du Code de l'Environnement ; \nVU  le sch\u00e9ma r\u00e9gional d'am\u00e9nagement de la r\u00e9gion Bourgogne, arr\u00eat\u00e9 en date du 05/12/2011 ; \nVU la d\u00e9lib\u00e9ration du Conseil m unicipal de TURCEY  en date du  10/10/2025, vis\u00e9e par la \nPr\u00e9fecture de Dijon le 12/11/2025, donnant son accord au projet d'am\u00e9nagement forestier \nqui lui a \u00e9t\u00e9 pr\u00e9sent\u00e9 , et demandant le b\u00e9n\u00e9fice des articles L122 -7 et L122 -8 du code \nforestier au titre de la r\u00e9glementation Natura 2000 ; \nVU  le d\u00e9cret n\u00b0 2004 -374 du 29 avril 2004 modifi\u00e9 relatif aux pouvoirs des pr\u00e9fets, \u00e0 \nl'organisation et \u00e0 l'action des services de l'Etat dans les r\u00e9gions et d\u00e9partements ; \nVU le d\u00e9cret du 10 octobre 2024 nommant M. Paul MOURIER, pr\u00e9fet de la r\u00e9gion Bourgogne-\nFranche-Comt\u00e9, pr\u00e9fet de la C\u00f4te-d'Or ; \nVU  l'arr\u00eat\u00e9 pr\u00e9fectoral n\u00b0 26-21 BAG du 02 mars 2026 portant d\u00e9l\u00e9gation de signature du \nPr\u00e9fet \u00e0 Monsieur Bj\u00f6rn DESMET et la d\u00e9cision n\u00b02026-008- DRAAF BFC du 02 mars \n2026, portant subd\u00e9l\u00e9gation \u00e0 Monsieur Pierre LAMBAR\u00c9 ; \nSUR  proposition du Directeur Territorial de l'Office National des For\u00eats ; \nSUR  proposition du Directeur R\u00e9gional de l'Alimentation, de l'Agriculture et de la For\u00eat ; \nARR\u00caTE \nArticle 1 er : La for\u00eat communale de TURCEY (C\u00d4TE-D'OR), d'une contenance de 154,67 ha, \nest affect\u00e9e prioritairement \u00e0 la fonction de production ligneuse et \u00e0 la fonction \u00e9cologique, tout \nen assurant sa fonction sociale et de protection p hysique, dans le cadre  d'une gestion durable \nmultifonctionnelle.  \nDRAAF Bourgogne-Franche-Comt\u00e9 - 21-2026-04-21-00008 - arr\u00eat\u00e9 portant approbation de l'am\u00e9nagement de la for\u00eat communale de\nTurcey pour la p\u00e9riode 2026-2045 avec application du 2\u00b0 de l'article L122-7 du code forestier 53\n \nArticle 2  : Cette for\u00eat comprend une partie bois\u00e9e de 154,67 ha, actuellement compos\u00e9e de \nCh\u00eane sessile ou p\u00e9doncul\u00e9 (72%), H\u00eatre (16%), A utres Feuillus (11%), Pin noir d'A utriche \n(1%).  \nLes peuplements susceptibles de producti on ligneu se seront trait\u00e9s en taillis-sous-futaie (TSF) \nsur 80,82 ha, conversion en futaie irr\u00e9guli\u00e8re sur 53,50 ha, futaie r\u00e9guli\u00e8re sur 10,25 ha et attente \nsans traitement d\u00e9fini sur 2,5 ha.  \n \nLes essences -objectif, qui d\u00e9terminent sur le long terme les gra nds ch oix de gestion de ces \npeuplements, seront tr\u00e8s majoritairement feuillues : prioritairement, le ch\u00eane sessile et, dans une \nmoindre mesure , le h\u00eatre et l'\u00e9rable champ\u00eatre.  Les essences -objectif r\u00e9sineuses resteront \nlocalis\u00e9es et tr\u00e8s  minoritaires sur l a for\u00ea t : Pin noir d'Autriche . N\u00e9anmoins, compte tenu de \nl'incertitude actuelle sur l'\u00e9volution des changements climatiques en cours, ces choix d'essences \npourront \u00eatre modul\u00e9s en cours d'application de l'am\u00e9nagement  pour assurer l'adaptation du \nchoix de c haque essence-objectif, ou groupe d'essences -objectif, aux \u00e9volutions des \nconnaissances en mati\u00e8re  de changements climatiques et d'adaptation des essences \u00e0 ces \nchangements.  \nLes autres essences seront favoris\u00e9es comme essences d'accompagnement, dans la limite de leur \nadaptation aux conditions stationnelles futures.  \nArticle 3 : Pendant une dur\u00e9e de 20 ans (2026 \u2013 2045) : \n-  La for\u00eat sera divis\u00e9e en dix groupes de gestion : \n\u25aa Un groupe de jeunesse, d'une contenance de 2,16 ha en sylviculture, qui fera l'objet  \ndes travaux n\u00e9cessaires \u00e0 l'\u00e9ducation des peuplements ; \n\u25aa Deux groupes d'am\u00e9lioration, d'une contenance totale de 8,09 ha en sylviculture, qui \nseront parcourus par des coupes selon une rotation variant de 8 \u00e0 10 ans en fonction de \nla croissance des peuplements ; \n\u25aa Deux groupes de futaie irr\u00e9guli\u00e8re, d'une contenance de 53,50 ha en sylviculture, qui \nsera parcouru par des coupes visant \u00e0 se rapprocher d' une structure \u00e9quilibr\u00e9e, selon  \nselon une rotation variant de 8 \u00e0 14 ans en fonction de la croissance des peuplements ; \n\u25aa Un groupe de taillis sous futaie, d'une contenance de 80,82 ha en sylviculture, qui fera \nl'objet de coupes selon une rotation de 60 ans ; \n\u25aa Un groupe  d'attente, d'une contenance de 2,50 ha en sylviculture,  qui s era laiss\u00e9 en \ncroissance libre sur la p\u00e9riode ; \n\u25aa Un groupe d'int\u00e9r\u00eat \u00e9cologique g\u00e9n\u00e9ral d'une contenance de 6,79 ha, qui sera laiss\u00e9 \u00e0 \nson \u00e9volution naturelle ; \n\u25aa Un groupe d'int\u00e9r\u00eat \u00e9cologique particulier d'une contenance de 1,00 ha qui pourra \u00eatre \nparcouru par des travaux \u00e0 vocation \u00e9cologique ; \n\u25aa Un groupe constitu\u00e9 d'emprises, d'une contenance de 0,02 ha, qui sera laiss\u00e9 en l'\u00e9tat. \n \n- 0,8 km de route foresti\u00e8re et une place de d\u00e9p\u00f4t seront cr\u00e9\u00e9s afin d'am\u00e9liorer la desserte du \nmassif ; \n- l'Office National des For\u00eats informera r\u00e9guli\u00e8rement le C onseil Municipal de TURCEY de \nl'\u00e9tat de d\u00e9s\u00e9quilibre sylvo cyn\u00e9g\u00e9tique dans la for\u00eat entrainant la n\u00e9cessit\u00e9 de prot\u00e9ger tous les \nplants qui pourraient \u00eatre mis en place , et ce dernier mettra en \u0153uvre tout es les mesures \nn\u00e9cessaires \u00e0 son r\u00e9tablissement  suivant la capacit\u00e9 d'accueil, et en s'assurant en particulier que \nle niveau des demandes de plans de chasse concernant la for\u00eat est en nette augmentation compte \ntenu de l'\u00e9volution des populations de grand gibier et des d\u00e9g\u00e2ts constat\u00e9s sur les peuplements; \n- les mesures d\u00e9finies par les consignes nationales de gestion visant \u00e0 la pr\u00e9servation de la \nbiodiversit\u00e9 courante (notamment la conservation d'arbres isol\u00e9s \u00e0 cavit\u00e9s, morts, ou s\u00e9nescents) \nainsi qu'\u00e0 la  pr\u00e9servation des sols et des eaux de surface, sero nt sys t\u00e9matiquement mises en \n\u0153uvre. \nDRAAF Bourgogne-Franche-Comt\u00e9 - 21-2026-04-21-00008 - arr\u00eat\u00e9 portant approbation de l'am\u00e9nagement de la for\u00eat communale de\nTurcey pour la p\u00e9riode 2026-2045 avec application du 2\u00b0 de l'article L122-7 du code forestier 54\n \nArticle 4 : Le document d'am\u00e9nagement de la for\u00eat communale de TURCEY, pr\u00e9sentement \narr\u00eat\u00e9, est approuv\u00e9 par application du 2\u00b0 de l'article L122 -7 du code forestier, pou r le programme \nde coupes et de travaux sylvicoles, \u00e0 l'exclusion des travaux d'infrastructure, au titre : \n- de la r\u00e9glementation propre \u00e0 Natura 2000 relative \u00e0 la ZSC FR2601012 \u00ab G\u00eetes et habitats \u00e0 \nchauve-souris en Bourgogne  \u00bb, instaur\u00e9 e au titre de la D irective europ\u00e9enne  \u00ab Habitats \nnaturels \u00bb ; consid\u00e9rant que la for\u00eat est situ\u00e9e pour 97 % de sa surface dans le site NATURA \n2000 ; \nArticle 5 : Le Directeur R\u00e9gional de l'Alimentation, de l'Agriculture, et de la For\u00eat , et le \nDirecteur Territorial de l'Office National des For\u00eats sont charg\u00e9s, chacun en ce qui le concerne, \nde l'ex\u00e9cution du pr\u00e9sent arr\u00eat\u00e9, qui sera publi\u00e9 au r ecueil des actes administratifs  de la \npr\u00e9fecture de C\u00d4TE-D'OR. \n \n    Besan\u00e7on, le 21 avril 2026 \n \nPour le Pr\u00e9fet de la R\u00e9gion Bourgogne-Franche-Comt\u00e9 et par d\u00e9l\u00e9gation, \nLe Directeur R\u00e9gional de l'Alimentation, de l'Agriculture et de la For\u00eat \net par subd\u00e9l\u00e9gation, \nL'adjoint au Chef du Service R\u00e9gional de l'\u00c9conomie Agricole et Foresti\u00e8re \n \n \nPierre LAMBAR\u00c9 \n \nDRAAF Bourgogne-Franche-Comt\u00e9 - 21-2026-04-21-00008 - arr\u00eat\u00e9 portant approbation de l'am\u00e9nagement de la for\u00eat communale de\nTurcey pour la p\u00e9riode 2026-2045 avec application du 2\u00b0 de l'article L122-7 du code forestier 55\nPr\u00e9fecture de la C\u00f4te-d'Or\nDirection des s\u00e9curit\u00e9s\n21-2026-04-18-00001\nArr\u00eat\u00e9 N\u00b0713 portant habilitation du service\nd\u00e9partemental de secours et d'incendie de la\nC\u00f4te-d'Or pour les formations aux premiers\nsecours\nPr\u00e9fecture de la C\u00f4te-d'Or - 21-2026-04-18-00001 - Arr\u00eat\u00e9 N\u00b0713 portant habilitation du service d\u00e9partemental de secours et\nd'incendie de la C\u00f4te-d'Or pour les formations aux premiers secours 56\nExPREFETDE LACOTE-D'ORLibert\u00e9Egalit\u00e9Fraternit\u00e9\nDirection des s\u00e9curit\u00e9s\n                  Dijon, le 1er avril 2026  \nArr\u00eat\u00e9 N\u00b0632\nPortant habilitation du service d\u00e9partemental de secours et d'incendie de la C\u00f4te-d'Or pour  \nles formations aux premiers secours\nLe pr\u00e9fet de la C\u00f4te-d'Or\nVu le code de la s\u00e9curit\u00e9 int\u00e9rieure notamment ses articles L. 726-1, L.726-2, et R.726-3, 2\u00b0 et\nsuivants ;\nVu le d\u00e9cret du 10 octobre 2024 portant nomination du pr\u00e9fet de la r\u00e9gion Bourgogne-\nFranche-Comt\u00e9, pr\u00e9fet de la C\u00f4te-d'Or \u2212 M. MOURIER (Paul) ;\nVu l'arr\u00eat\u00e9 du 15 juin 2024 relatif \u00e0 la fili\u00e8re citoyenne de s\u00e9curit\u00e9 civile dans le domaine de la\nformation aux premiers secours ;\nVu l'arr\u00eat\u00e9 du 15 juin 2024 relatif \u00e0 la fili\u00e8re op\u00e9rationnelle de s\u00e9curit\u00e9 civile dans le domaine\nde la formation aux premiers secours ;\nVu l'arr\u00eat\u00e9 du 15 juin 2024 relatif \u00e0 la fili\u00e8re aquatique de s\u00e9curit\u00e9 civile ;\nVu l'arr\u00eat\u00e9 du 15 juin 2024 relatif \u00e0 la fili\u00e8re p\u00e9dagogique de s\u00e9curit\u00e9 civile ;\nVu l'arr\u00eat\u00e9 du 17 juin 2024 relatif \u00e0 l'habilitation pour la formation aux premiers secours  ;\nVu l'arr\u00eat\u00e9  pr\u00e9fectoral  n\u00b0 944  / SG  du  2  juillet  2025 donnant  d\u00e9l\u00e9gation  de signature \u00e0  \nMadame H\u00e9l\u00e8ne MANCIAUX, Directrice des s\u00e9curit\u00e9s de la Pr\u00e9fecture de la C\u00f4te-d'Or  ;\nVu la demande d'habilitation formul\u00e9e le 15 octobre 2025 par le service d\u00e9partemental de  \nsecours et d'incendie de la C\u00f4te-d'Or ;\nVu l'avis de la direction g\u00e9n\u00e9rale de la s\u00e9curit\u00e9 civile et de la gestion des crises sur les  \nr\u00e9f\u00e9rentiels internes de formation et de certification pr\u00e9sent\u00e9s ;\nPr\u00e9fecture de la C\u00f4te d'Or\n53 rue de la Pr\u00e9fecture 21041 DIJON CEDEX\n03.80.44.64.00 - pref-defense-protection-civile@cote-dor.gouv.fr \nPr\u00e9fecture de la C\u00f4te-d'Or - 21-2026-04-18-00001 - Arr\u00eat\u00e9 N\u00b0713 portant habilitation du service d\u00e9partemental de secours et\nd'incendie de la C\u00f4te-d'Or pour les formations aux premiers secours 57\nARRETE\nArticle 1er : \nLe  service d\u00e9partemental  de secours  et d'incendie de la C\u00f4te-d'Or  est habilit\u00e9  pour les  \nformations initiales et continues des unit\u00e9s d'enseignements suivantes :\n- Premiers secours en \u00e9quipe de niveau 1 (PSE1),\n- Premiers secours en \u00e9quipe de niveau 2 (PSE2),\n- P\u00e9dagogie initiale et commune de formateur (PICF),\n- P\u00e9dagogie appliqu\u00e9e \u00e0 l'emploi de formateur aux premiers secours en \u00e9quipe (FPSE),\nArticle 2 :\nLes formations mentionn\u00e9es \u00e0 l'article 1er seront dispens\u00e9es suivant les r\u00e9f\u00e9rentiels internes  \nde formation et de certification enregistr\u00e9s aupr\u00e8s de la direction g\u00e9n\u00e9rale de la s\u00e9curit\u00e9  \ncivile et de la gestion des crises et r\u00e9f\u00e9renc\u00e9es en annexe 1 du pr\u00e9sent arr\u00eat\u00e9.\nArticle 3 :\nLes formations pourront \u00eatre dispens\u00e9es uniquement au sein du d\u00e9partement de la C\u00f4te-\nd'Or.\nArticle 4 :\nLe public cible des formations mentionn\u00e9es \u00e0 l'article 1er est pr\u00e9cis\u00e9 en annexe 1 du pr\u00e9sent\narr\u00eat\u00e9.\nArticle 5 :\nLa pr\u00e9sente habilitation ne peut \u00eatre ni c\u00e9d\u00e9e ni d\u00e9l\u00e9gu\u00e9e et seul l'organisme habilit\u00e9 peut\ndispenser les formations mentionn\u00e9es \u00e0 l'article 1er du pr\u00e9sent arr\u00eat\u00e9.\nArticle 6 :\nToute  modification  du  dossier  ayant  servi  \u00e0  la  demande  d'habilitation,  notamment  la  \ncomposition  de  l'\u00e9quipe  p\u00e9dagogique  ou  la  liste  d'aptitude  p\u00e9dagogique,  doit  \u00eatre  \ncommuniqu\u00e9e sans d\u00e9lai \u00e0 la connaissance du Pr\u00e9fet.\nArticle 7 :\nLe Pr\u00e9fet du d\u00e9partement est comp\u00e9tent pour contr\u00f4ler, en application de l'article L.751-3  \ndu code de la s\u00e9curit\u00e9 int\u00e9rieure, les organismes habilit\u00e9s au titre de l'article R.726-3 du  \nm\u00eame code.\nArticle 8 :\nSans  pr\u00e9judice  des  articles  L.242-1  \u00e0  L.242-4  du  code  des  relations  entre  le  public  et  \nl'administration, lorsque l'organisme ne se conforme pas \u00e0 ses obligations ou ne remplit plus  \nles  conditions  qui  ont  permis  son  habilitation,  ou  s'il  est  constat\u00e9  des  fautes  graves  ou  \nr\u00e9p\u00e9t\u00e9es dans la mise en \u0153uvre de l'habilitation, le Pr\u00e9fet peut appliquer les dispositions  \npr\u00e9vues \u00e0 l'article R.726-15 du code de la s\u00e9curit\u00e9 int\u00e9rieure.\nPr\u00e9fecture de la C\u00f4te d'Or\n53 rue de la Pr\u00e9fecture 21041 DIJON CEDEX\n03.80.44.64.00 - pref-defense-protection-civile@cote-dor.gouv.fr \nPr\u00e9fecture de la C\u00f4te-d'Or - 21-2026-04-18-00001 - Arr\u00eat\u00e9 N\u00b0713 portant habilitation du service d\u00e9partemental de secours et\nd'incendie de la C\u00f4te-d'Or pour les formations aux premiers secours 58\nExPREFETDE LACOTE-D'ORLibert\u00e9Egalit\u00e9Fraternit\u00e9\nDirection des s\u00e9curit\u00e9s\nArticle 9 :\nLa pr\u00e9sente habilitation est d\u00e9livr\u00e9e pour une dur\u00e9e de trois ans \u00e0 compter du lendemain de  \nla date de signature du pr\u00e9sent arr\u00eat\u00e9.\nArticle 10 : \nLa demande de renouvellement doit parvenir au Pr\u00e9fet au moins six mois avant l'\u00e9ch\u00e9ance  \nde la pr\u00e9sente habilitation.\nArticle 11 :\nLa directrice de cabinet est charg\u00e9e de l'application du pr\u00e9sent arr\u00eat\u00e9 qui sera notifi\u00e9 au  \nservice d\u00e9partemental de secours et d'incendie de la C\u00f4te-d'Or et publi\u00e9 au recueil des actes  \nadministratifs des services de l'\u00c9tat.\nFait \u00e0 Dijon, le \nLe pr\u00e9fet,\nPour le pr\u00e9fet et par d\u00e9l\u00e9gation,\nLa directrice des s\u00e9curit\u00e9s,\nORIGINAL SIGNE\nH\u00e9l\u00e8ne MANCIAUX\nPr\u00e9fecture de la C\u00f4te d'Or\n53 rue de la Pr\u00e9fecture 21041 DIJON CEDEX\n03.80.44.64.00 - pref-defense-protection-civile@cote-dor.gouv.fr \nPr\u00e9fecture de la C\u00f4te-d'Or - 21-2026-04-18-00001 - Arr\u00eat\u00e9 N\u00b0713 portant habilitation du service d\u00e9partemental de secours et\nd'incendie de la C\u00f4te-d'Or pour les formations aux premiers secours 59\nAnnexe 1\nListe des r\u00e9f\u00e9rentiels internes de formation et de certification enregistr\u00e9s aupr\u00e8s de la\ndirection g\u00e9n\u00e9rale de la s\u00e9curit\u00e9 civile et de la gestion des crises et devant \u00eatre utilis\u00e9s pour\ndispenser les formations mentionn\u00e9es \u00e0 l'article 1er du pr\u00e9sent arr\u00eat\u00e9.\nUnit\u00e9\nd'enseignement\ndispens\u00e9e\nNum\u00e9ro\nd'enregistrement du\nr\u00e9f\u00e9rentiel \u00e0 la\nDGSCGC\nPublic cible\nPSE1 OD21-PSE1-119-29 Sapeurs-pompiers du SDIS 21\nPSE2 OD21-PSE2-120-29 Sapeurs-pompiers du SDIS 21\nPIC F OD21-PICF-119-29 Sapeurs-pompiers du SDIS 21\nPAE FPSE OD21-FPSE-122-29 Sapeurs-pompiers du SDIS 21\nPr\u00e9fecture de la C\u00f4te d'Or\n53 rue de la Pr\u00e9fecture 21041 DIJON CEDEX\n03.80.44.64.00 - pref-defense-protection-civile@cote-dor.gouv.fr \nPr\u00e9fecture de la C\u00f4te-d'Or - 21-2026-04-18-00001 - Arr\u00eat\u00e9 N\u00b0713 portant habilitation du service d\u00e9partemental de secours et\nd'incendie de la C\u00f4te-d'Or pour les formations aux premiers secours 60\nPr\u00e9fecture de la C\u00f4te-d'Or\nDirection des s\u00e9curit\u00e9s\n21-2026-04-20-00002\nArr\u00eat\u00e9 pr\u00e9fectoral dressant la liste des syst\u00e8mes\nde vid\u00e9oprotection autoris\u00e9s \u00e0 la suite de la\ncommission d\u00e9partementale du 12 mars 2026\nPr\u00e9fecture de la C\u00f4te-d'Or - 21-2026-04-20-00002 - Arr\u00eat\u00e9 pr\u00e9fectoral dressant la liste des syst\u00e8mes de vid\u00e9oprotection autoris\u00e9s \u00e0 la\nsuite de la commission d\u00e9partementale du 12 mars 2026 61\nLibert\u00e9Egalit\u00e9Fraternit\u00e9\nD\ni\nr\ne\nc\nt\ni\no\nn\n \nd\ne\ns\n \ns\n\u00e9\nc\nu\nr\ni\nt\n\u00e9\ns\nB\nu\nr\ne\na\nu\n \nd\n\u00e9\nf\ne\nn\ns\ne\n \ne\nt\n \ns\n\u00e9\nc\nu\nr\ni\nt\n\u00e9\nA\nr\nr\n\u00ea\nt\n\u00e9\n \np\nr\n\u00e9\nf\ne\nc\nt\no\nr\na\nl\n \nd\nr\ne\ns\ns\na\nn\nt\n \nl\na\n \nl\ni\ns\nt\ne\n \nd\ne\ns\n \ns\ny\ns\nt\n\u00e8\nm\ne\ns\n \nd\ne\n \nv\ni\nd\n\u00e9\no\np\nr\no\nt\ne\nc\nt\ni\no\nn\na\nu\nt\no\nr\ni\ns\n\u00e9\ns\n \n\u00e0\n \nl\na\n \ns\nu\ni\nt\ne\n \nd\ne\n \nl\na\n \nc\no\nm\nm\ni\ns\ns\ni\no\nn\n \nd\n\u00e9\np\na\nr\nt\ne\nm\ne\nn\nt\na\nl\ne\nd\ne\n \nv\ni\nd\n\u00e9\no\np\nr\no\nt\ne\nc\nt\ni\no\nn\n \nd\nu\n \n1\n2\n \nm\na\nr\ns\n \n2\n0\n2\n6\nL\ne\n \np\nr\n\u00e9\nf\ne\nt\n \nd\ne\n \nl\na\n \nC\n\u00f4\nt\ne\n-\nd\n'\nO\nr\n\u00c0\n \nD\ni\nj\no\nn\n,\n \nl\ne\n \n2\n0\n \na\nv\nr\ni\nl\n \n2\n0\n2\n6\nV\nU\n \nl\ne\n \nc\no\nd\ne\n \nd\ne\n \nl\na\n \ns\n\u00e9\nc\nu\nr\ni\nt\n\u00e9\n \ni\nn\nt\n\u00e9\nr\ni\ne\nu\nr\ne\n,\n \nl\ni\nv\nr\ne\n \nI\nI\n,\n \nt\ni\nt\nr\ne\n \nV\n \n;\nV\nU\nl\ne\nd\n\u00e9\nc\nr\ne\nt\nn\n\u00b0\n2\n0\n0\n4\n-\n3\n7\n4\nd\nu\n2\n9\na\nv\nr\ni\nl\n2\n0\n0\n4\nm\no\nd\ni\nf\ni\n\u00e9\nr\ne\nl\na\nt\ni\nf\na\nu\nx\np\no\nu\nv\no\ni\nr\ns\nd\ne\ns\np\nr\n\u00e9\nf\ne\nt\ns\n,\n\u00e0\nl\n'\no\nr\ng\na\nn\ni\ns\na\nt\ni\no\nn\ne\nt\n\u00e0\nl\n'\na\nc\nt\ni\no\nn\n \nd\ne\ns\n \ns\ne\nr\nv\ni\nc\ne\ns\n \nd\ne\n \nl\n'\n\u00c9\nt\na\nt\n \nd\na\nn\ns\n \nl\ne\ns\n \nr\n\u00e9\ng\ni\no\nn\ns\n \ne\nt\n \nd\n\u00e9\np\na\nr\nt\ne\nm\ne\nn\nt\ns\n \n;\nV\nU\nl\n'\na\nr\nr\n\u00ea\nt\n\u00e9\nm\ni\nn\ni\ns\nt\n\u00e9\nr\ni\ne\nl\nd\nu\n3\na\no\n\u00fb\nt\n2\n0\n0\n7\np\no\nr\nt\na\nn\nt\nd\n\u00e9\nf\ni\nn\ni\nt\ni\no\nn\nd\ne\ns\nn\no\nr\nm\ne\ns\nt\ne\nc\nh\nn\ni\nq\nu\ne\ns\nd\ne\ns\ns\ny\ns\nt\n\u00e8\nm\ne\ns\nd\ne\nv\ni\nd\n\u00e9\no\n-\ns\nu\nr\nv\ne\ni\nl\nl\na\nn\nc\ne\n \n;\nV\nU\nl\n'\na\nr\nr\n\u00ea\nt\n\u00e9\np\nr\n\u00e9\nf\ne\nc\nt\no\nr\na\nl\nn\n\u00b0\n9\n4\n4\n/\nS\nG\nd\nu\n2\nj\nu\ni\nl\nl\ne\nt\n2\n0\n2\n5\nd\no\nn\nn\na\nn\nt\nd\n\u00e9\nl\n\u00e9\ng\na\nt\ni\no\nn\nd\ne\ns\ni\ng\nn\na\nt\nu\nr\ne\n\u00e0\nM\nm\ne\n \nH\n\u00e9\nl\n\u00e8\nn\ne\n \nM\nA\nN\nC\nI\nA\nU\nX\n,\n \nd\ni\nr\ne\nc\nt\nr\ni\nc\ne\n \nd\ne\ns\n \ns\n\u00e9\nc\nu\nr\ni\nt\n\u00e9\ns\n \nd\ne\n \nl\na\n \np\nr\n\u00e9\nf\ne\nc\nt\nu\nr\ne\n \nd\ne\n \nl\na\n \nC\n\u00f4\nt\ne\n-\nd\n'\nO\nr\n \n;\nV\nU\n \nl\ne\ns\n \na\nv\ni\ns\n \n\u00e9\nm\ni\ns\n \np\na\nr\n \nl\na\n \nc\no\nm\nm\ni\ns\ns\ni\no\nn\n \nd\n\u00e9\np\na\nr\nt\ne\nm\ne\nn\nt\na\nl\ne\n \nd\ne\n \nv\ni\nd\n\u00e9\no\np\nr\no\nt\ne\nc\nt\ni\no\nn\n \ne\nn\n \ns\na\n \ns\n\u00e9\na\nn\nc\ne\n \nd\nu\n \n1\n2\n \nm\na\nr\ns\n \n2\n0\n2\n6\n \n;\nC\nO\nN\nS\nI\nD\n\u00c9\nR\nA\nN\nT\n \nq\nu\n'\ni\nl\n \nc\no\nn\nv\ni\ne\nn\nt\n \nd\ne\n \np\nr\n\u00e9\nv\ne\nn\ni\nr\n \nt\no\nu\nt\n \na\nc\nt\ne\n \nd\ne\n \nd\n\u00e9\nl\ni\nn\nq\nu\na\nn\nc\ne\n \n;\nA\nR\nR\n\u00ca\nT\nE\nA\nr\nt\ni\nc\nl\ne\n1\n \n \ne\nr\n \n \n \n:\nE\nn\na\np\np\nl\ni\nc\na\nt\ni\no\nn\nd\ne\ns\nt\ne\nx\nt\ne\ns\nv\ni\ns\n\u00e9\ns\np\na\nr\nl\ne\np\nr\n\u00e9\ns\ne\nn\nt\na\nr\nr\n\u00ea\nt\n\u00e9\n,\nl\ne\ns\n\u00e9\nt\na\nb\nl\ni\ns\ns\ne\nm\ne\nn\nt\ns\nd\no\nn\nt\nl\na\nl\ni\ns\nt\ne\ne\ns\nt\na\nn\nn\ne\nx\n\u00e9\ne\n,\n \no\nn\nt\n \n\u00e9\nt\n\u00e9\n \na\nu\nt\no\nr\ni\ns\n\u00e9\ns\n \np\na\nr\n \na\nr\nr\n\u00ea\nt\n\u00e9\n \np\nr\n\u00e9\nf\ne\nc\nt\no\nr\na\nl\n \n\u00e0\n \nu\nt\ni\nl\ni\ns\ne\nr\n \nu\nn\n \ns\ny\ns\nt\n\u00e8\nm\ne\n \nd\ne\n \nv\ni\nd\n\u00e9\no\np\nr\no\nt\ne\nc\nt\ni\no\nn\n.\nA\nr\nt\ni\nc\nl\ne\n \n2\n \n:\nE\nn\na\np\np\nl\ni\nc\na\nt\ni\no\nn\nd\ne\nl\n'\na\nr\nt\ni\nc\nl\ne\nL\n.\n2\n7\n2\n-\n2\nd\nu\nc\no\nd\ne\nd\ne\nl\na\ns\n\u00e9\nc\nu\nr\ni\nt\n\u00e9\ni\nn\nt\n\u00e9\nr\ni\ne\nu\nr\ne\n,\nl\na\nc\no\nm\nm\ni\ns\ns\ni\no\nn\nd\n\u00e9\np\na\nr\nt\ne\nm\ne\nn\nt\na\nl\ne\nd\ne\nv\ni\nd\n\u00e9\no\np\nr\no\nt\ne\nc\nt\ni\no\nn\na\na\np\np\nr\n\u00e9\nc\ni\n\u00e9\nl\ne\ns\ng\na\nr\na\nn\nt\ni\ne\ns\np\nr\n\u00e9\nv\nu\ne\ns\np\na\nr\nl\ne\ns\nc\no\nn\nv\ne\nn\nt\ni\no\nn\ns\n\u00e9\nt\na\nb\nl\ni\ne\ns\ne\nn\nt\nr\ne\nG\nr\na\nn\nd\nD\ni\nj\no\nn\nH\na\nb\ni\nt\na\nt\ne\nt\nl\na\nv\ni\nl\nl\ne\nd\ne\nT\na\nl\na\nn\nt\ne\nt\nC\nD\nC\nH\na\nb\ni\nt\na\nt\nS\no\nc\ni\na\nl\ne\nt\nl\na\nv\ni\nl\nl\ne\nd\ne\nT\na\nl\na\nn\nt\n.\nA\nu\nc\nu\nn\ne\n \nr\ne\nm\na\nr\nq\nu\ne\n \nn\n'\na\n \n\u00e9\nt\n\u00e9\n \n\u00e9\nm\ni\ns\ne\n.\nA\nr\nt\ni\nc\nl\ne\n \n3\n \n:\nL\na\nd\ni\nr\ne\nc\nt\nr\ni\nc\ne\nd\ne\ns\ns\n\u00e9\nc\nu\nr\ni\nt\n\u00e9\ns\nd\ne\nl\na\np\nr\n\u00e9\nf\ne\nc\nt\nu\nr\ne\nd\ne\nl\na\nC\n\u00f4\nt\ne\n-\nd\n'\nO\nr\n,\ne\ns\nt\nc\nh\na\nr\ng\n\u00e9\ne\nd\ne\nl\n'\ne\nx\n\u00e9\nc\nu\nt\ni\no\nn\nd\nu\n \np\nr\n\u00e9\ns\ne\nn\nt\n \na\nr\nr\n\u00ea\nt\n\u00e9\n \nq\nu\ni\n \ns\ne\nr\na\n \np\nu\nb\nl\ni\n\u00e9\n \na\nu\n \nr\ne\nc\nu\ne\ni\nl\n \nd\ne\ns\n \na\nc\nt\ne\ns\n \na\nd\nm\ni\nn\ni\ns\nt\nr\na\nt\ni\nf\ns\n \nd\ne\n \nl\na\n \np\nr\n\u00e9\nf\ne\nc\nt\nu\nr\ne\n.\nP\no\nu\nr\n \nl\ne\n \np\nr\n\u00e9\nf\ne\nt\n \ne\nt\n \np\na\nr\n \nd\n\u00e9\nl\n\u00e9\ng\na\nt\ni\no\nn\n,\nL\na\n \nd\ni\nr\ne\nc\nt\nr\ni\nc\ne\n \nd\ne\ns\n \ns\n\u00e9\nc\nu\nr\ni\nt\n\u00e9\ns\n,\nS\ni\ng\nn\n\u00e9\nH\n\u00e9\nl\n\u00e8\nn\ne\n \nM\nA\nN\nC\nI\nA\nU\nX\n5\n3\n \nr\nu\ne\n \nd\ne\n \nl\na\n \nP\nr\n\u00e9\nf\ne\nc\nt\nu\nr\ne\n \n2\n1\n0\n4\n1\n \nD\nI\nJ\nO\nN\n \nc\ne\nd\ne\nx\n0\n3\n \n8\n0\n \n4\n4\n \n6\n4\n \n0\n0\nh\nt\nt\np\ns\n:\n/\n/\nw\nw\nw\n.\nc\no\nt\ne\n-\nd\no\nr\n.\ng\no\nu\nv\n.\nf\nr\nPr\u00e9fecture de la C\u00f4te-d'Or - 21-2026-04-20-00002 - Arr\u00eat\u00e9 pr\u00e9fectoral dressant la liste des syst\u00e8mes de vid\u00e9oprotection autoris\u00e9s \u00e0 la\nsuite de la commission d\u00e9partementale du 12 mars 2026 62\nU\nS\nA\nG\nE\n \nA\nU\nT\nO\nR\nI\nS\n \n \n\u00c9\n \n \n \nD\nE\n \nL\nA\n \nV\nI\nD\n\u00c9\nO\nP\nR\nO\nT\nE\nC\nT\nI\nO\nN\n \n \nP\nO\nU\nR\n \nL\nE\nS\n \n\u00c9\nT\nA\nB\nL\nI\nS\nS\nE\nM\nE\nN\nT\nS\n \nS\nU\nI\nV\nA\nN\nT\nS\nA\nY\nA\nN\nT\n \nR\nE\n \n \n\u00c7\n \n \nU\n \nU\nN\n \nA\nV\nI\nS\n \nF\nA\nV\nO\nR\nA\nB\nL\nE\n \n \nD\nE\n \nL\nA\n \nC\nO\nM\nM\nI\nS\nS\nI\nO\nN\n \nD\n\u00c9\nP\nA\nR\nT\nE\nM\nE\nN\nT\nA\nL\nE\n \nD\nU\n \n1\n2\n \nM\nA\nR\nS\n \n2\n0\n2\n6\n\u00c9\nT\nA\nB\nL\nI\nS\nS\nE\nM\nE\nN\nT\nA\nD\nR\nE\nS\nS\nE\nR\nE\nS\nP\nO\nN\nS\nA\nB\nL\nE\nN\n\u00b0\nA\nU\nT\nO\nR\nI\nS\nA\nT\nI\nO\nN\nN\nM\nA\nI\nR\nI\nE\n \nD\nE\n \nS\nA\nV\nI\nG\nN\nY\n-\nL\nE\nS\n-\nB\nE\nA\nU\nN\nE\n2\n \nr\nu\ne\n \nV\na\nu\nc\nh\ne\ny\n \nV\n\u00e9\nr\ny\n2\n1\n4\n2\n0\n \nS\nA\nV\nI\nG\nN\nY\n-\nL\nE\nS\n-\nB\nE\nA\nU\nN\nE\nM\n.\n \nl\ne\n \nm\na\ni\nr\ne\n2\n0\n2\n5\n/\n0\n6\n2\n8\nN\nM\nA\nI\nR\nI\nE\n \nD\nE\n \nD\nI\nJ\nO\nN\nA\nn\ng\nl\ne\n \nr\nu\ne\n \nd\ne\n \nM\nu\nl\nh\no\nu\ns\ne\nr\nu\ne\n \nd\ne\n \nG\nr\na\ny\n2\n1\n0\n0\n0\n \nD\nI\nJ\nO\nN\nM\nm\ne\n \nl\na\n \nm\na\ni\nr\ne\n2\n0\n2\n5\n/\n0\n6\n4\n7\nN\nM\nA\nI\nR\nI\nE\n \nD\nE\n \nD\nI\nJ\nO\nN\nA\nn\ng\nl\ne\n \na\nv\ne\nn\nu\ne\n \nE\ni\nf\nf\ne\nl\n \nr\nu\ne\nd\ne\ns\n \nM\na\nr\nc\ns\n \nd\n'\nO\nr\n2\n1\n0\n0\n0\n \nD\nI\nJ\nO\nN\nM\nm\ne\n \nl\na\n \nm\na\ni\nr\ne\n2\n0\n2\n5\n/\n0\n6\n4\n8\nN\nM\nA\nI\nR\nI\nE\n \nD\nE\n \nD\nI\nJ\nO\nN\nA\nn\ng\nl\ne\n \nr\nu\ne\n \nd\ne\n \nM\ni\nr\na\nn\nd\ne\nb\no\nu\nl\ne\nv\na\nr\nd\n \nV\no\nl\nt\na\ni\nr\ne\n2\n1\n0\n0\n0\n \nD\nI\nJ\nO\nN\nM\nm\ne\n \nl\na\n \nm\na\ni\nr\ne\n2\n0\n2\n5\n/\n0\n6\n4\n9\nN\nM\nA\nI\nR\nI\nE\n \nD\nE\n \nP\nE\nR\nR\nI\nG\nN\nY\n-\nS\nU\nR\n-\nL\n'\nO\nG\nN\nO\nN\n2\nr\nu\ne\n \nd\ne\ns\n \nL\ne\nu\nx\n2\n1\n2\n7\n0\n \nP\nE\nR\nR\nI\nG\nN\nY\n-\nS\nU\nR\n-\nL\n'\nO\nG\nN\nO\nN\nM\n.\n \nl\ne\n \nm\na\ni\nr\ne\n2\n0\n2\n6\n/\n0\n0\n3\n7\nN\nM\nA\nI\nR\nI\nE\n \nD\nE\n \nC\nH\nA\nZ\nE\nU\nI\nL\n8\n \nr\no\nu\nt\ne\n \nd\ne\n \nV\n\u00e9\nr\no\nn\nn\ne\ns\n2\n1\n2\n6\n0\n \nC\nH\nA\nZ\nE\nU\nI\nL\nM\nm\ne\n \nl\ne\n \nm\na\ni\nr\ne\n2\n0\n2\n6\n/\n0\n0\n7\n1\nN\nC\nO\nL\nL\n\u00c8\nG\nE\n \nB\nO\nR\nI\nS\n \nV\nI\nA\nN\n1\n1\n \nr\nu\ne\n \nP\na\nb\nl\no\n \nP\ni\nc\na\ns\ns\no\n2\n1\n2\n4\n0\n \nT\nA\nL\nA\nN\nT\nM\n.\n \nl\ne\n \np\nr\ni\nn\nc\ni\np\na\nl\n2\n0\n2\n6\n/\n0\n1\n3\n0\nN\nM\nA\nI\nS\nO\nN\n \nD\nE\n \nJ\nO\nU\nV\nE\nN\nC\nE\nR\no\nu\nt\ne\n \nd\ne\n \nS\na\nu\ns\ns\ny\n2\n1\n3\n8\n0\n \nM\nE\nS\nS\nI\nG\nN\nY\n-\nE\nT\n-\nV\nA\nN\nT\nO\nU\nX\nM\nm\ne\n \nL\nu\nc\ni\na\nP\nE\nR\nR\nI\nN\n2\n0\n2\n6\n/\n0\n1\n3\n6\nN\nC\nE\nN\nT\nR\nE\n \nD\nE\n \nC\nO\nN\nV\nA\nL\nE\nS\nC\nE\nN\nC\nE\nG\n\u00c9\nR\nI\nA\nT\nR\nI\nQ\nU\nE\n5\n \nr\nu\ne\n \nB\nu\nf\nf\no\nn\n2\n1\n1\n2\n1\n \nF\nO\nN\nT\nA\nI\nN\nE\n-\nL\n\u00c8\nS\n-\nD\nI\nJ\nO\nN\nM\nm\ne\n \nL\nu\nc\ni\na\nP\nE\nR\nR\nI\nN\n2\n0\n2\n6\n/\n0\n1\n3\n7\nN\nC\nR\nF\n \nC\nO\nS\n \nD\nI\nV\nI\nO\n3\n2\n \na\nv\ne\nn\nu\ne\n \nd\ne\n \nS\nt\na\nl\ni\nn\ng\nr\na\nd\n2\n1\n0\n0\n0\n \nD\nI\nJ\nO\nN\nM\nm\ne\n \nS\ny\nl\nv\ni\ne\nC\nA\nI\nL\nL\nO\nT\n2\n0\n2\n6\n/\n0\n1\n2\n7\nN\nP\nH\nA\nR\nM\nA\nC\nI\nE\n \nS\nA\nI\nN\nT\n-\nS\nA\nU\nV\nE\nU\nR\n6\n \nr\nu\ne\n \nB\nu\nf\nf\no\nn\n2\n1\n8\n0\n0\n \nC\nH\nE\nV\nI\nG\nN\nY\n-\nS\nA\nI\nN\nT\n-\nS\nA\nU\nV\nE\nU\nR\nM\nm\ne\n \nM\na\nr\ni\ne\nF\nL\nO\nU\nR\nI\nO\nT\n2\n0\n2\n5\n/\n0\n0\n0\n9\nN\nP\nH\nA\nR\nM\nA\nC\nI\nE\n \nS\nA\nI\nN\nT\n-\nG\nE\nO\nR\nG\nE\nS\n6\n \nr\nu\ne\n \nC\na\nu\nm\no\nn\nt\n \nB\nr\n\u00e9\no\nn\n2\n1\n7\n0\n0\n \nN\nU\nI\nT\nS\n-\nS\nA\nI\nN\nT\n-\nG\nE\nO\nR\nG\nE\nS\nM\n.\n \nP\ni\ne\nr\nr\ne\n \nD\nU\nN\nE\nT\n2\n0\n2\n6\n/\n0\n1\n2\n8\nN\nV\nO\nI\nE\nS\n \nN\nA\nV\nI\nG\nA\nB\nL\nE\nS\n \nD\nE\n \nF\nR\nA\nN\nC\nE\nL\ni\ne\nu\n \nd\ni\nt\n \nl\n'\n\u00c9\nc\nl\nu\ns\ne\n \nd\ne\nP\no\nn\nc\ne\ny\n2\n1\n1\n3\n0\n \nF\nL\nA\nM\nM\nE\nR\nA\nN\nS\nM\n.\n \nT\nh\no\nm\na\ns\nD\nE\nM\nO\nL\nY\n2\n0\n2\n6\n/\n0\n0\n8\n6\nN\nV\nO\nI\nE\nS\n \nN\nA\nV\nI\nG\nA\nB\nL\nE\nS\n \nD\nE\n \nF\nR\nA\nN\nC\nE\nP\nr\n\u00e9\n \nL\na\nv\ne\na\nu\n2\n1\n2\n7\n0\n \nM\nA\nX\nI\nL\nL\nY\n-\nS\nU\nR\n-\nS\nA\n\u00d4\nN\nE\nM\n.\n \nT\nh\no\nm\na\ns\nD\nE\nM\nO\nL\nY\n2\n0\n2\n6\n/\n0\n0\n8\n7\nN\nV\nO\nI\nE\nS\n \nN\nA\nV\nI\nG\nA\nB\nL\nE\nS\n \nD\nE\n \nF\nR\nA\nN\nC\nE\nL\ni\ne\nu\n \nd\ni\nt\n \nl\ne\n \nB\na\nr\nr\na\ng\ne\n2\n1\n1\n3\n0\n \nA\nU\nX\nO\nN\nN\nE\nM\n.\n \nT\nh\no\nm\na\ns\nD\nE\nM\nO\nL\nY\n2\n0\n2\n6\n/\n0\n0\n8\n8\nN\nV\nO\nI\nE\nS\n \nN\nA\nV\nI\nG\nA\nB\nL\nE\nS\n \nD\nE\n \nF\nR\nA\nN\nC\nE\nL\ni\ne\nu\n \nd\ni\nt\n \nl\n'\n\u00c9\nc\nl\nu\ns\ne\nd\n'\nA\nu\nx\no\nn\nn\ne\n2\n1\n1\n3\n0\n \nA\nU\nX\nO\nN\nN\nE\nM\n.\n \nT\nh\no\nm\na\ns\nD\nE\nM\nO\nL\nY\n2\n0\n2\n6\n/\n0\n0\n8\n9\n5\n3\n \nr\nu\ne\n \nd\ne\n \nl\na\n \nP\nr\n\u00e9\nf\ne\nc\nt\nu\nr\ne\n \n2\n1\n0\n4\n1\n \nD\nI\nJ\nO\nN\n \nc\ne\nd\ne\nx\n0\n3\n \n8\n0\n \n4\n4\n \n6\n4\n \n0\n0\nh\nt\nt\np\ns\n:\n/\n/\nw\nw\nw\n.\nc\no\nt\ne\n-\nd\no\nr\n.\ng\no\nu\nv\n.\nf\nr\nPr\u00e9fecture de la C\u00f4te-d'Or - 21-2026-04-20-00002 - Arr\u00eat\u00e9 pr\u00e9fectoral dressant la liste des syst\u00e8mes de vid\u00e9oprotection autoris\u00e9s \u00e0 la\nsuite de la commission d\u00e9partementale du 12 mars 2026 63\nN\nC\nF\nA\nI\n \n2\n1\n-\n7\n1\n1\n0\n \na\nl\nl\n\u00e9\ne\n \nA\nn\nd\nr\n\u00e9\n \nB\no\nu\nr\nl\na\nn\nd\n2\n1\n0\n0\n0\n \nD\nI\nJ\nO\nN\nM\n.\n \nS\n\u00e9\nb\na\ns\nt\ni\ne\nn\nF\nE\nR\nR\nA\nU\n2\n0\n2\n6\n/\n0\n0\n3\n8\nN\nC\nA\nI\nS\nS\nE\n \nD\n'\n\u00c9\nP\nA\nR\nG\nN\nE\n3\n3\n \nr\nu\ne\n \nA\nn\ng\n\u00e9\nl\ni\nq\nu\ne\nD\nu\nc\no\nu\nd\nr\na\ny\n2\n1\n0\n0\n0\n \nD\nI\nJ\nO\nN\nM\n.\n \nl\ne\nr\ne\ns\np\no\nn\ns\na\nb\nl\ne\n2\n0\n2\n6\n/\n0\n0\n0\n2\nN\nL\nE\nS\n \nS\nO\nU\nR\nC\nE\nS\n \nD\nE\n \nV\nO\nU\nG\nE\nO\nT\n2\n \np\nl\na\nc\ne\n \nd\nu\n \nC\nh\n\u00e2\nt\ne\na\nu\n2\n1\n6\n4\n0\n \nV\nO\nU\nG\nE\nO\nT\nM\n.\n \nJ\n\u00e9\nr\n\u00f4\nm\ne\nT\nO\nU\nR\nB\nI\nE\nR\n2\n0\n2\n6\n/\n0\n0\n3\n9\nN\nL\nE\nS\n \nF\nE\nU\nI\nL\nL\nE\nS\n \nD\n'\nO\nR\n1\n0\n \np\nl\na\nc\ne\n \nd\ne\n \nl\na\n \nR\n\u00e9\np\nu\nb\nl\ni\nq\nu\ne\n2\n1\n1\n9\n0\n \nM\nE\nU\nR\nS\nA\nU\nL\nT\nM\n.\n \nD\na\nv\ni\nd\nL\nH\nU\nI\nL\nI\nE\nR\n2\n0\n2\n6\n/\n0\n0\n7\n7\nN\nH\n\u00d4\nT\nE\nL\n \nR\nE\nS\nT\nA\nU\nR\nA\nN\nT\n \nD\nU\n \nR\nO\nY\n1\n \nr\nu\ne\n \nR\no\nu\ng\ne\no\nt\n2\n1\n4\n0\n0\n \nA\nI\nS\nE\nY\n-\nS\nU\nR\n-\nS\nE\nI\nN\nE\nM\nm\ne\n \nS\nt\n\u00e9\np\nh\na\nn\ni\ne\nD\nO\nU\nD\nA\nR\nD\n2\n0\n2\n6\n/\n0\n1\n3\n1\nN\nB\nH\nB\n \nT\nO\nI\nS\nO\nN\nC\nC\n \nd\ne\n \nl\na\n \nT\no\ni\ns\no\nn\n \nd\n'\nO\nr\n2\n1\n0\n0\n0\n \nD\nI\nJ\nO\nN\nM\n.\n \nS\na\nm\ni\nr\nK\nA\nB\nA\nC\nH\n2\n0\n2\n5\n/\n0\n6\n8\n5\nN\nA\nL\nD\nI\nR\nu\ne\n \nd\ne\ns\n \nP\nr\n\u00e9\ns\n \nP\no\nt\ne\nt\ns\n2\n1\n1\n2\n1\n \nF\nO\nN\nT\nA\nI\nN\nE\n-\nL\n\u00c8\nS\n-\nD\nI\nJ\nO\nN\nM\n.\n \nR\no\nm\na\ni\nn\nG\nU\nI\nA\nS\n-\nB\nA\nR\nA\nT\n2\n0\n2\n5\n/\n0\n6\n1\n8\nN\nA\nL\nD\nI\n9\n \nr\nu\ne\n \nd\nu\n \nC\no\nl\no\nn\ne\nl\nR\ne\nd\no\nu\nt\ne\ny\n2\n1\n1\n3\n0\n \nA\nU\nX\nO\nN\nN\nE\nM\n.\n \nR\no\nm\na\ni\nn\nG\nU\nI\nA\nS\n-\nB\nA\nR\nA\nT\n2\n0\n2\n5\n/\n0\n6\n1\n9\nN\nA\nL\nD\nI\n1\n \nr\no\nu\nt\ne\n \nd\n'\nA\nu\nt\nu\nn\n2\n1\n2\n3\n0\n \nA\nR\nN\nA\nY\n-\nL\nE\n-\nD\nU\nC\nM\n.\n \nR\no\nm\na\ni\nn\nG\nU\nI\nA\nS\n-\nB\nA\nR\nA\nT\n2\n0\n2\n6\n/\n0\n0\n3\n4\nN\nI\nN\nT\nE\nR\nM\nA\nR\nC\nH\n\u00c9\nR\nu\ne\n \nd\ne\n \nl\na\n \nG\na\nr\ne\n2\n1\n1\n1\n0\n \nG\nE\nN\nL\nI\nS\nM\n.\n \nR\nu\nd\ny\n \nL\nO\nP\nE\nS\n2\n0\n2\n5\n/\n0\n6\n8\n1\nN\nI\nN\nT\nE\nR\nM\nA\nR\nC\nH\n\u00c9\nR\no\nu\nt\ne\n \nd\ne\n \nD\ni\nj\no\nn\n2\n1\n1\n7\n0\n \nS\nA\nI\nN\nT\n-\nU\nS\nA\nG\nE\nM\n.\n \nR\nu\nd\ny\n \nL\nO\nP\nE\nS\n2\n0\n2\n6\n/\n0\n0\n3\n6\nN\nC\nA\nR\nR\nE\nF\nO\nU\nR\n \nE\nX\nP\nR\nE\nS\nS\n2\n1\n \nr\nu\ne\n \nA\nn\ng\n\u00e9\nl\ni\nq\nu\ne\nD\nu\nc\no\nu\nd\nr\na\ny\n2\n1\n0\n0\n0\n \nD\nI\nJ\nO\nN\nM\n.\n \nT\no\nm\n \nG\nR\nU\nE\nT\n2\n0\n2\n6\n/\n0\n0\n0\n5\nN\nW\nE\nL\nD\nO\nM\n3\n7\n \nr\nu\ne\n \nG\nr\ni\nl\nl\no\nt\n2\n1\n2\n1\n0\n \nS\nA\nU\nL\nI\nE\nU\nM\n.\n \nF\nr\na\nn\nc\nk\n \nB\nI\nD\nE\nT\n2\n0\n2\n6\n/\n0\n0\n9\n6\nN\nN\nO\nS\n \nA\nN\nI\nM\nA\nU\nX\n \nE\n.\n \nL\nE\nC\nL\nE\nR\nC\n5\n0\n \na\nl\nl\n\u00e9\ne\n \nd\nu\n \nD\nr\n \nL\n\u00e9\np\ni\nn\ne\n2\n1\n1\n6\n0\n \nM\nA\nR\nS\nA\nN\nN\nA\nY\n-\nL\nA\n-\nC\n\u00d4\nT\nE\nM\n.\n \nP\na\ns\nc\na\nl\nT\nH\nO\nM\nA\nS\n2\n0\n2\n6\n/\n0\n1\n1\n2\nN\nL\nE\nS\n \nC\nO\nM\nP\nT\nO\nI\nR\nS\n \nD\nE\n \nL\nA\n \nB\nI\nO\n1\n0\n7\n \nr\no\nu\nt\ne\n \nd\ne\n \nD\ni\nj\no\nn\n2\n1\n1\n2\n1\n \nA\nH\nU\nY\nM\n.\n \nY\nv\ne\ns\nE\nR\nP\nI\nC\nU\nM\n2\n0\n2\n6\n/\n0\n0\n0\n5\nN\nA\nR\nO\nM\nA\n \nZ\nO\nN\nE\nC\nC\n \nd\ne\n \nl\na\n \nT\no\ni\ns\no\nn\n \nd\n'\nO\nr\n2\n1\n0\n0\n0\n \nD\nI\nJ\nO\nN\nM\nm\ne\n \nH\n\u00e9\nl\n\u00e8\nn\ne\nF\nA\nT\nO\nN\n2\n0\n2\n5\n/\n0\n6\n8\n0\nN\nL\nE\nS\n \nC\nO\nM\nP\nT\nO\nI\nR\nS\n \nT\nH\n\u00c9\n \nE\nT\n \nC\nA\nF\n\u00c9\nA\nv\ne\nn\nu\ne\n \nd\ne\n \nB\no\nu\nr\ng\no\ng\nn\ne\n2\n1\n8\n0\n0\n \nQ\nU\nE\nT\nI\nG\nN\nY\nM\n.\n \nS\nt\n\u00e9\np\nh\na\nn\ne\nE\nV\nA\nR\nI\nS\nT\nO\n2\n0\n2\n5\n/\n0\n6\n2\n0\nN\nL\nE\nS\n \nC\nO\nM\nP\nT\nO\nI\nR\nS\n \nT\nH\n\u00c9\n \nE\nT\n \nC\nA\nF\n\u00c9\n7\n \nr\nu\ne\n \nd\ne\ns\n \nG\no\nd\nr\na\nn\ns\n2\n1\n0\n0\n0\n \nD\nI\nJ\nO\nN\nM\n.\n \nS\nt\n\u00e9\np\nh\na\nn\ne\nE\nV\nA\nR\nI\nS\nT\nO\n2\n0\n2\n5\n/\n0\n6\n2\n1\nN\nB\nA\nR\n \nL\nE\n \nJ\nO\nK\nE\nR\n6\n \nr\no\nu\nt\ne\n \nd\ne\n \nD\ni\nj\no\nn\n2\n1\n4\n7\n0\n \nB\nR\nA\nZ\nE\nY\n-\nE\nN\n-\nP\nL\nA\nI\nN\nE\nM\n.\n \nI\ns\nm\na\ni\nl\nY\nA\nL\nD\nI\nZ\n2\n0\n2\n6\n/\n0\n1\n0\n0\nN\nL\nA\n \nJ\nA\nM\nA\n\u00cf\nQ\nU\nE\n1\n4\n \np\nl\na\nc\ne\n \nd\ne\n \nl\na\n \nR\n\u00e9\np\nu\nb\nl\ni\nq\nu\ne\n2\n1\n0\n0\n0\n \nD\nI\nJ\nO\nN\nM\n.\n \nW\na\nl\ni\nm\nB\nE\nL\nL\nA\nM\nL\nI\nK\n2\n0\n2\n6\n/\n0\n1\n3\n2\nN\nM\nO\nN\nD\nI\nA\nL\n \nR\nE\nL\nA\nY\n8\n6\n \nr\nu\ne\n \nd\ne\n \nM\ni\nr\na\nn\nd\ne\n2\n1\n0\n0\n0\n \nD\nI\nJ\nO\nN\nM\n.\n \nM\ni\nc\nh\na\n\u00eb\nl\nR\nO\nU\nS\nE\n2\n0\n2\n5\n/\n0\n6\n2\n2\nN\nA\nR\nM\nU\nR\nE\nR\nI\nE\n \nD\nU\n \nS\nU\nZ\nO\nN\n2\n \ni\nm\np\na\ns\ns\ne\n \nd\ne\ns\n \nM\nu\nr\ng\ne\nr\ns\n2\n1\n3\n8\n0\n \nM\nE\nS\nS\nI\nG\nN\nY\n-\nE\nT\n-\nV\nA\nN\nT\nO\nU\nX\nM\n.\n \nM\ni\nc\nh\ne\nl\n \nA\nV\nR\nI\nL\n2\n0\n2\n5\n/\n0\n5\n7\n2\nN\nB\nO\nU\nL\nA\nN\nG\nE\nR\nC\nC\n \nd\ne\n \nl\na\n \nT\no\ni\ns\no\nn\n \nd\n'\nO\nr\n2\n1\n0\n0\n0\n \nD\nI\nJ\nO\nN\nM\nm\ne\n \nC\na\nm\ni\nl\nl\ne\nB\nO\nC\nQ\nU\nI\nL\nL\nO\nN\n2\n0\n2\n5\n/\n0\n6\n4\n5\nN\nB\nO\nD\nY\nG\nY\nM\n1\n \nr\nu\ne\n \nG\nu\ns\nt\na\nv\ne\n \nE\ni\nf\nf\ne\nl\n2\n1\n1\n1\n0\n \nG\nE\nN\nL\nI\nS\nM\nm\ne\n \nA\nn\nn\ne\n-\nM\na\nr\ni\ne\n \nP\nI\nC\n2\n0\n2\n5\n/\n0\n6\n5\n2\n5\n3\n \nr\nu\ne\n \nd\ne\n \nl\na\n \nP\nr\n\u00e9\nf\ne\nc\nt\nu\nr\ne\n \n2\n1\n0\n4\n1\n \nD\nI\nJ\nO\nN\n \nc\ne\nd\ne\nx\n0\n3\n \n8\n0\n \n4\n4\n \n6\n4\n \n0\n0\nh\nt\nt\np\ns\n:\n/\n/\nw\nw\nw\n.\nc\no\nt\ne\n-\nd\no\nr\n.\ng\no\nu\nv\n.\nf\nr\nPr\u00e9fecture de la C\u00f4te-d'Or - 21-2026-04-20-00002 - Arr\u00eat\u00e9 pr\u00e9fectoral dressant la liste des syst\u00e8mes de vid\u00e9oprotection autoris\u00e9s \u00e0 la\nsuite de la commission d\u00e9partementale du 12 mars 2026 64\nN\nA\nQ\nU\nI\nL\nU\nS\n \nP\nI\nS\nC\nI\nN\nE\nS\n \nE\nT\n \nS\nP\nA\nS\n1\n2\n \nr\nu\ne\n \nN\n.\n \nd\ne\n \nC\no\nn\nd\no\nr\nc\ne\nt\n2\n1\n8\n0\n0\n \nC\nH\nE\nV\nI\nG\nN\nY\n-\nS\nA\nI\nN\nT\n-\nS\nA\nU\nV\nE\nU\nR\nM\n.\n \nF\nr\n\u00e9\nd\n\u00e9\nr\ni\nc\nL\nE\nC\nH\nA\nU\nV\nE\nN\n2\n0\n2\n6\n/\n0\n0\n9\n9\nN\nA\nS\nV\nB\nD\n \nM\nU\nS\nC\nU\nL\nA\nT\nI\nO\nN\n5\n \na\nv\n.\n \nd\ne\n \nl\na\n \nG\na\nr\ne\n \nd\n'\nE\na\nu\n2\n1\n1\n7\n0\n \nS\nA\nI\nN\nT\n-\nJ\nE\nA\nN\n-\nD\nE\n-\nL\nO\nS\nN\nE\nM\n.\n \nH\na\ns\ns\na\nn\nB\nO\nU\nL\nA\nH\nY\nA\n2\n0\n2\n6\n/\n0\n0\n9\n9\nN\nH\nO\nR\nL\nO\nG\nE\nR\nI\nE\n \nB\nI\nJ\nO\nU\nT\nE\nR\nI\nE\nF\nE\nU\nV\nR\nI\nE\nR\n9\n \nr\nu\ne\n \nP\ni\nr\no\nn\n2\n1\n0\n0\n0\n \nD\nI\nJ\nO\nN\nM\n.\n \nR\no\ng\ne\nr\n-\nL\nu\nc\nF\nE\nU\nV\nR\nI\nE\nR\n2\n0\n2\n5\n/\n0\n6\n4\n4\nN\nM\nA\nU\nB\nO\nU\nS\nS\nI\nN\n1\n8\n \nr\nu\ne\n \nM\nu\ns\ne\nt\nt\ne\n2\n1\n0\n0\n0\n \nD\nI\nJ\nO\nN\nM\nm\ne\n \n\u00c9\nl\no\nd\ni\ne\nJ\nA\nO\nU\nE\nN\n2\n0\n2\n6\n/\n0\n0\n5\n7\nN\nL\nE\n \nT\nR\nU\nF\nF\nI\nC\nU\nL\nT\nE\nU\nR\n9\n \nr\nu\ne\n \nM\no\nn\ng\ne\n2\n1\n2\n0\n0\n \nB\nE\nA\nU\nN\nE\nM\n.\n \nV\ni\nn\nc\ne\nn\nt\nV\nE\nT\nT\nE\nR\n2\n0\n2\n5\n/\n0\n6\n4\n2\nN\nS\nA\nL\nT\n \n&\n \nP\nE\nP\nP\nE\nR\n6\n \nb\no\nu\nl\ne\nv\na\nr\nd\n \nd\ne\n \nl\na\nT\nr\n\u00e9\nm\no\nu\ni\nl\nl\ne\n2\n1\n0\n0\n0\n \nD\nI\nJ\nO\nN\nM\n.\n \nA\nn\nt\no\nn\ni\nn\nC\nA\nR\nR\nE\n2\n0\n2\n6\n/\n0\n0\n9\n3\nN\nE\nH\nG\n \nF\nR\nO\nM\nA\nG\nE\nR\nI\nE\n1\n1\n \nr\nu\ne\n \nd\nu\n \nV\ni\ne\nu\nx\n \nM\na\nr\nc\nh\n\u00e9\na\nu\nx\n \nV\ni\nn\ns\n2\n1\n1\n4\n0\n \nS\nE\nM\nU\nR\n-\nE\nN\n-\nA\nU\nX\nO\nI\nS\nM\nm\ne\n \n\u00c9\ng\nl\na\nn\nt\ni\nn\ne\nG\nO\nV\nE\nH\nO\nV\nI\nT\nC\nH\n2\n0\n2\n6\n/\n0\n1\n3\n4\nN\nL\n'\nA\nL\nB\nA\nP\nl\na\nc\ne\n \nd\n'\nO\nb\ns\nb\nu\nr\ng\n2\n1\n3\n7\n0\n \nV\nE\nL\nA\nR\nS\n-\nS\nU\nR\n-\nO\nU\nC\nH\nE\nM\n.\n \nM\na\nx\ni\nm\ne\nT\nO\nR\nR\nE\nS\n2\n0\n2\n5\n/\n0\n6\n4\n0\nN\nT\nA\nB\nA\nC\n \nD\nE\nS\n \nD\nU\nC\nS\n2\n2\nb\n \nr\nu\ne\n \nd\ne\ns\n \nF\no\nr\ng\ne\ns\n2\n1\n0\n0\n0\n \nD\nI\nJ\nO\nN\nM\nm\ne\n \nC\no\nr\ni\nn\ne\nR\nO\nM\nA\nN\n2\n0\n2\n6\n/\n0\n0\n6\n9\nN\nA\nS\n \nD\nE\n \nT\nR\n\u00c8\nF\nL\nE\n3\n9\n \nb\no\nu\nl\ne\nv\na\nr\nd\n \nd\ne\ns\n \nM\na\nr\nt\ny\nr\ns\nd\ne\n \nl\na\n \nR\n\u00e9\ns\ni\ns\nt\na\nn\nc\ne\n2\n1\n0\n0\n0\n \nD\nI\nJ\nO\nN\nM\n.\n \nF\na\ni\nc\na\nl\n \nB\nR\nA\nI\nE\nK\n2\n0\n2\n6\n/\n0\n0\n9\n5\nN\nB\nO\nU\nT\nI\nQ\nU\nE\n \nM\nO\nN\n \nA\nN\nG\nE\n3\n5\n \nG\nr\na\nn\nd\ne\n \nR\nu\ne\n2\n1\n7\n0\n0\n \nN\nU\nI\nT\nS\n-\nS\nA\nI\nN\nT\n-\nG\nE\nO\nR\nG\nE\nS\nM\nm\ne\n \nY\na\n\u00eb\nl\nl\ne\nI\nN\nN\nO\nC\nE\nN\nT\nI\n2\n0\n2\n5\n/\n0\n6\n8\n4\nN\nA\nD\nJ\n \nP\nA\nR\nI\nS\nC\nC\n \nd\ne\n \nl\na\n \nT\no\ni\ns\no\nn\n \nd\n'\nO\nr\n2\n1\n0\n0\n0\n \nD\nI\nJ\nO\nN\nM\nm\ne\n \nL\nu\nc\ni\ne\n \nB\nO\nS\nT\n2\n0\n2\n6\n/\n0\n0\n5\n5\nN\nD\nU\nK\nE\nB\nO\nX\n \nC\nO\nN\nC\nE\nP\nT\n \nS\nT\nO\nR\nE\n1\n2\n \nr\nu\ne\n \nd\ne\n \nl\na\n \nL\ni\nb\ne\nr\nt\n\u00e9\n2\n1\n0\n0\n0\n \nD\nI\nJ\nO\nN\nM\n.\n \nQ\nu\ne\nn\nt\ni\nn\nF\nO\nR\nG\nE\nO\nT\n2\n0\n2\n6\n/\n0\n0\n9\n0\nN\nA\nL\nL\n \nW\nA\nS\nH\n3\n0\n \nc\no\nu\nr\ns\n \nF\nl\ne\nu\nr\ny\n2\n1\n0\n0\n0\n \nD\nI\nJ\nO\nN\nM\n.\n \nJ\ne\na\nn\nR\nO\nC\nH\nE\nF\nR\nE\nT\nT\nE\n2\n0\n2\n6\n/\n0\n0\n3\n3\nN\nL\nA\n \nP\nE\nT\nI\nT\nE\n \nL\nA\nV\nE\nR\nI\nE\n5\n5\n \nr\nu\ne\n \nB\ne\nr\nb\ni\ns\ne\ny\n2\n1\n0\n0\n0\n \nD\nI\nJ\nO\nN\nM\n.\n \nJ\ne\na\nn\nR\nO\nC\nH\nE\nF\nR\nE\nT\nT\nE\n2\n0\n2\n6\n/\n0\n0\n4\n2\nN\nL\nA\n \nP\nE\nT\nI\nT\nE\n \nL\nA\nV\nE\nR\nI\nE\n5\n4\n \nr\nu\ne\n \nJ\ne\na\nn\nn\ni\nn\n2\n1\n0\n0\n0\n \nD\nI\nJ\nO\nN\nM\n.\n \nJ\ne\na\nn\nR\nO\nC\nH\nE\nF\nR\nE\nT\nT\nE\n2\n0\n2\n6\n/\n0\n0\n4\n3\nN\nL\nA\n \nP\nE\nT\nI\nT\nE\n \nL\nA\nV\nE\nR\nI\nE\n1\n8\n \nr\nu\ne\n \nd\n'\nA\nh\nu\ny\n2\n1\n0\n0\n0\n \nD\nI\nJ\nO\nN\nM\n.\n \nJ\ne\na\nn\nR\nO\nC\nH\nE\nF\nR\nE\nT\nT\nE\n2\n0\n2\n6\n/\n0\n0\n4\n4\nN\nL\nA\n \nP\nE\nT\nI\nT\nE\n \nL\nA\nV\nE\nR\nI\nE\n2\n0\n \nb\ni\ns\n \nr\no\nu\nt\ne\n \nd\ne\n \nD\ni\nj\no\nn\n2\n1\n6\n0\n0\n \nL\nO\nN\nG\nV\nI\nC\nM\n.\n \nJ\ne\na\nn\nR\nO\nC\nH\nE\nF\nR\nE\nT\nT\nE\n2\n0\n2\n6\n/\n0\n0\n4\n5\nN\nL\nA\n \nP\nE\nT\nI\nT\nE\n \nL\nA\nV\nE\nR\nI\nE\n2\n \na\nv\ne\nn\nu\ne\n \nd\ne\n \nl\n'\nE\nu\nr\no\np\ne\n2\n1\n6\n0\n0\n \nL\nO\nN\nG\nV\nI\nC\nM\n.\n \nJ\ne\na\nn\nR\nO\nC\nH\nE\nF\nR\nE\nT\nT\nE\n2\n0\n2\n6\n/\n0\n0\n4\n6\nN\nL\nA\n \nP\nE\nT\nI\nT\nE\n \nL\nA\nV\nE\nR\nI\nE\n3\n6\n \nr\nu\ne\n \nG\nu\ni\nl\nl\na\nu\nm\ne\n \nT\ne\nl\nl\n2\n1\n0\n0\n0\n \nD\nI\nJ\nO\nN\nM\n.\n \nJ\ne\na\nn\nR\nO\nC\nH\nE\nF\nR\nE\nT\nT\nE\n2\n0\n2\n6\n/\n0\n0\n4\n7\nN\nL\nA\n \nP\nE\nT\nI\nT\nE\n \nL\nA\nV\nE\nR\nI\nE\n1\n7\n \nr\nu\ne\n \nP\na\ns\nt\ne\nu\nr\n2\n1\n0\n0\n0\n \nD\nI\nJ\nO\nN\nM\n.\n \nJ\ne\na\nn\nR\nO\nC\nH\nE\nF\nR\nE\nT\nT\nE\n2\n0\n2\n6\n/\n0\n0\n4\n8\nN\nL\nA\n \nP\nE\nT\nI\nT\nE\n \nL\nA\nV\nE\nR\nI\nE\n1\n \nb\no\nu\nl\ne\nv\na\nr\nd\n \nB\nr\na\nn\nl\ny\n2\n1\n3\n0\n0\n \nC\nH\nE\nN\n\u00d4\nV\nE\nM\n.\n \nJ\ne\na\nn\nR\nO\nC\nH\nE\nF\nR\nE\nT\nT\nE\n2\n0\n2\n6\n/\n0\n0\n4\n9\nN\nL\nA\n \nP\nE\nT\nI\nT\nE\n \nL\nA\nV\nE\nR\nI\nE\n8\n \np\nl\na\nc\ne\n \nd\ne\n \nl\na\n \nB\na\nn\nq\nu\ne\n2\n1\n0\n0\n0\n \nD\nI\nJ\nO\nN\nM\n.\n \nJ\ne\na\nn\nR\nO\nC\nH\nE\nF\nR\nE\nT\nT\nE\n2\n0\n2\n6\n/\n0\n0\n5\n0\nN\nL\nA\n \nP\nE\nT\nI\nT\nE\n \nL\nA\nV\nE\nR\nI\nE\n7\n7\n \na\nv\ne\nn\nu\ne\n \nd\nu\n \nD\nr\na\np\ne\na\nu\n2\n1\n0\n0\n0\n \nD\nI\nJ\nO\nN\nM\n.\n \nJ\ne\na\nn\nR\nO\nC\nH\nE\nF\nR\nE\nT\nT\nE\n2\n0\n2\n6\n/\n0\n0\n5\n1\n5\n3\n \nr\nu\ne\n \nd\ne\n \nl\na\n \nP\nr\n\u00e9\nf\ne\nc\nt\nu\nr\ne\n \n2\n1\n0\n4\n1\n \nD\nI\nJ\nO\nN\n \nc\ne\nd\ne\nx\n0\n3\n \n8\n0\n \n4\n4\n \n6\n4\n \n0\n0\nh\nt\nt\np\ns\n:\n/\n/\nw\nw\nw\n.\nc\no\nt\ne\n-\nd\no\nr\n.\ng\no\nu\nv\n.\nf\nr\nPr\u00e9fecture de la C\u00f4te-d'Or - 21-2026-04-20-00002 - Arr\u00eat\u00e9 pr\u00e9fectoral dressant la liste des syst\u00e8mes de vid\u00e9oprotection autoris\u00e9s \u00e0 la\nsuite de la commission d\u00e9partementale du 12 mars 2026 65\nN\nL\nA\n \nP\nE\nT\nI\nT\nE\n \nL\nA\nV\nE\nR\nI\nE\n4\n \nb\no\nu\nl\ne\nv\na\nr\nd\n \nd\ne\ns\n \nM\na\nr\nt\ny\nr\ns\nd\ne\n \nl\na\n \nR\n\u00e9\ns\ni\ns\nt\na\nn\nc\ne\n2\n1\n0\n0\n0\n \nD\nI\nJ\nO\nN\nM\n.\n \nJ\ne\na\nn\nR\nO\nC\nH\nE\nF\nR\nE\nT\nT\nE\n2\n0\n2\n6\n/\n0\n0\n5\n2\nN\nL\nA\n \nP\nE\nT\nI\nT\nE\n \nL\nA\nV\nE\nR\nI\nE\n2\n0\n \nr\nu\ne\n \nd\n'\nA\nu\nx\no\nn\nn\ne\n2\n1\n0\n0\n0\n \nD\nI\nJ\nO\nN\nM\n.\n \nJ\ne\na\nn\nR\nO\nC\nH\nE\nF\nR\nE\nT\nT\nE\n2\n0\n2\n6\n/\n0\n0\n5\n3\nN\nL\nA\n \nP\nE\nT\nI\nT\nE\n \nL\nA\nV\nE\nR\nI\nE\n8\n \np\nl\na\nc\ne\n \nC\ne\nn\nt\nr\na\nl\ne\n2\n1\n8\n0\n0\n \nQ\nU\nE\nT\nI\nG\nN\nY\nM\n.\n \nJ\ne\na\nn\nR\nO\nC\nH\nE\nF\nR\nE\nT\nT\nE\n2\n0\n2\n6\n/\n0\n0\n5\n4\nN\nB\nO\nU\nT\nI\nQ\nU\nE\n \nO\nR\nA\nN\nG\nE\n2\n5\n \nr\nu\ne\n \nd\ne\n \nl\na\n \nL\ni\nb\ne\nr\nt\n\u00e9\n2\n1\n0\n0\n0\n \nD\nI\nJ\nO\nN\nM\n.\n \nT\nh\ni\ne\nr\nr\ny\nP\nR\nI\nN\nT\nA\nN\nT\n2\n0\n2\n6\n/\n0\n0\n6\n1\nN\nK\nR\nY\nS\n5\n \nr\nu\ne\n \nB\ne\nr\nn\na\nr\nd\n \nL\ne\nc\na\nc\nh\ne\n2\n1\n3\n0\n0\n \nC\nH\nE\nN\n\u00d4\nV\nE\nM\n.\n \nC\nh\nr\ni\ns\nt\no\np\nh\ne\nH\nA\nL\nL\nE\nR\n2\n0\n2\n6\n/\n0\n0\n7\n0\nN\nG\nA\nM\nM\n \nV\nE\nR\nT\nR\no\nu\nt\ne\n \nd\n'\nA\nr\nn\na\ny\n-\nl\ne\n-\nD\nu\nc\n2\n1\n3\n6\n0\n \nB\nL\nI\nG\nN\nY\n-\nS\nU\nR\n-\nO\nU\nC\nH\nE\nM\n.\n \nB\ne\nr\nt\nr\na\nn\nd\nC\nO\nM\nB\nE\nM\nO\nR\nE\nL\n2\n0\n2\n6\n/\n0\n0\n5\n6\nN\nA\nH\n \nA\nU\nT\nO\n \nP\nI\n\u00c8\nC\nE\nS\n1\n6\n \na\nv\n.\n \nd\ne\n \nl\na\n \nR\n\u00e9\ns\ni\ns\nt\na\nn\nc\ne\n2\n1\n2\n0\n0\n \nB\nE\nA\nU\nN\nE\nM\n.\n \nH\ni\nc\nh\na\nm\nA\nZ\nI\nZ\nI\n2\n0\n2\n5\n/\n0\n6\n5\n0\nN\nS\nT\nA\nT\nI\nO\nN\n \nA\nV\nI\nA\n5\n \nb\no\nu\nl\ne\nv\na\nr\nd\n \nd\ne\ns\nI\nn\nd\nu\ns\nt\nr\ni\ne\ns\n2\n1\n6\n0\n0\n \nL\nO\nN\nG\nV\nI\nC\nM\n.\n \nI\nd\ni\nr\n \nC\nH\nA\nL\nI\n2\n0\n2\n6\n/\n0\n0\n6\n2\nN\nY\nU\nS\nC\nO\nR\no\nn\nd\n-\np\no\ni\nn\nt\n \nd\ne\ns\n \nS\np\no\nr\nt\ns\n2\n1\n8\n0\n0\n \nQ\nU\nE\nT\nI\nG\nN\nY\nM\nm\ne\n \nM\nu\nr\ni\ne\nl\nS\nA\nR\nR\nO\nU\n2\n0\n2\n6\n/\n0\n0\n7\n2\nN\nR\nG\n \nC\nA\nR\nS\n \n2\n1\n3\n \nr\nu\ne\n \nC\nh\na\nm\np\ne\na\nu\n2\n1\n8\n5\n0\n \nS\nA\nI\nN\nT\n-\nA\nP\nO\nL\nL\nI\nN\nA\nI\nR\nE\nM\n.\n \nR\na\np\nh\na\n\u00eb\nl\nL\nI\nE\nU\nT\nE\nT\n2\n0\n2\n6\n/\n0\n0\n9\n1\nN\nT\nW\nE\nN\nT\nY\n \nO\nN\nE\n \nM\nO\nT\nO\nR\nS\n5\n \nr\nu\ne\n \nd\nu\n \nM\na\nr\n\u00e9\nc\nh\na\nl\n \nd\ne\nL\na\nt\nt\nr\ne\n \nd\ne\n \nT\na\ns\ns\ni\ng\nn\ny\n2\n1\n4\n0\n0\n \nC\nH\n\u00c2\nT\nI\nL\nL\nO\nN\n-\nS\nU\nR\n-\nS\nE\nI\nN\nE\nM\n.\n \nT\no\nm\n \nB\nL\nU\nT\n2\n0\n2\n6\n/\n0\n0\n9\n2\nN\nM\nS\n \nA\nU\nT\nO\n \nV\nI\nN\nT\nE\nC\nH\nI\nm\np\n.\n \nd\nu\n \nP\nr\n\u00e9\n \nd\ne\ns\n \nT\na\nu\np\ne\ns\n2\n1\n1\n9\n0\n \nM\nE\nU\nR\nS\nA\nU\nL\nT\nM\n.\n \nT\nh\ni\nb\na\nu\nt\nE\nH\nR\nE\nT\n2\n0\n2\n6\n/\n0\n1\n2\n9\nN\nD\nA\nS\n \nA\nU\nT\nO\n \n2\n1\n8\n \nr\nu\ne\n \nd\ne\ns\n \nA\nr\nt\ni\ns\na\nn\ns\n2\n1\n8\n0\n0\n \nQ\nU\nE\nT\nI\nG\nN\nY\nM\n.\n \nD\nj\ne\nm\na\nl\nA\nS\nM\nA\nN\nO\nV\n2\n0\n2\n6\n/\n0\n1\n3\n3\nN\nP\nI\nL\n \nP\nO\n\u00ca\nL\nE\n1\n4\n \nr\nu\ne\n \nd\ne\ns\n \nC\nh\na\nl\na\nn\nd\ns\n2\n1\n8\n0\n0\n \nQ\nU\nE\nT\nI\nG\nN\nY\nM\n.\n \nE\nm\nm\na\nn\nu\ne\nl\nL\nE\nU\nD\nI\n\u00c8\nR\nE\n2\n0\n2\n5\n/\n0\n1\n3\n5\nM\nM\nA\nI\nR\nI\nE\n \nD\nE\n \nC\nH\nE\nN\n\u00d4\nV\nE\n2\n \np\nl\na\nc\ne\n \nP\ni\ne\nr\nr\ne\n \nM\ne\nu\nn\ni\ne\nr\n2\n1\n3\n0\n0\n \nC\nH\nE\nN\n\u00d4\nV\nE\nM\n.\n \nl\ne\n \nm\na\ni\nr\ne\n2\n0\n1\n4\n/\n0\n4\n8\n0\nM\nM\nA\nI\nR\nI\nE\n \nD\nE\n \nC\nH\nE\nN\n\u00d4\nV\nE\n2\n \np\nl\na\nc\ne\n \nP\ni\ne\nr\nr\ne\n \nM\ne\nu\nn\ni\ne\nr\n2\n1\n3\n0\n0\n \nC\nH\nE\nN\n\u00d4\nV\nE\nM\n.\n \nl\ne\n \nm\na\ni\nr\ne\n2\n0\n1\n4\n/\n0\n4\n8\n1\nM\nM\nA\nI\nR\nI\nE\n \nD\nE\n \nC\nH\nE\nN\n\u00d4\nV\nE\n2\n \np\nl\na\nc\ne\n \nP\ni\ne\nr\nr\ne\n \nM\ne\nu\nn\ni\ne\nr\n2\n1\n3\n0\n0\n \nC\nH\nE\nN\n\u00d4\nV\nE\nM\n.\n \nl\ne\n \nm\na\ni\nr\ne\n2\n0\n1\n4\n/\n0\n4\n8\n2\nM\nM\nA\nI\nR\nI\nE\n \nD\nE\n \nC\nH\nE\nN\n\u00d4\nV\nE\n2\n \np\nl\na\nc\ne\n \nP\ni\ne\nr\nr\ne\n \nM\ne\nu\nn\ni\ne\nr\n2\n1\n3\n0\n0\n \nC\nH\nE\nN\n\u00d4\nV\nE\nM\n.\n \nl\ne\n \nm\na\ni\nr\ne\n2\n0\n1\n4\n/\n0\n4\n8\n3\nM\nM\nA\nI\nR\nI\nE\n \nD\nE\n \nM\nE\nU\nR\nS\nA\nU\nL\nT\nP\nl\na\nc\ne\n \nd\ne\n \nl\n'\nH\n\u00f4\nt\ne\nl\n \nd\ne\n \nV\ni\nl\nl\ne\n2\n1\n1\n9\n0\n \nM\nE\nU\nR\nS\nA\nU\nL\nT\nM\n.\n \nl\ne\n \nm\na\ni\nr\ne\n2\n0\n2\n4\n/\n0\n1\n1\n7\nM\nM\nA\nI\nR\nI\nE\n \nD\nE\n \nM\nE\nU\nR\nS\nA\nN\nG\nE\nS\nP\nl\na\nc\ne\n \nC\nl\na\nu\nd\ne\n \nG\na\nn\nt\nh\ne\nr\ne\nt\n2\n1\n2\n0\n0\n \nM\nE\nU\nR\nS\nA\nN\nG\nE\nS\nM\n.\n \nl\ne\n \nm\na\ni\nr\ne\n2\n0\n2\n4\n/\n0\n5\n9\n6\nM\nC\nO\nL\nL\n\u00c8\nG\nE\n \nF\nO\nN\nT\nA\nI\nN\nE\n \nD\nE\nS\n \nD\nU\nC\nS\n8\n \nr\nu\ne\n \nd\ne\n \nS\ne\ni\nn\ne\n2\n1\n4\n0\n0\n \nC\nH\n\u00c2\nT\nI\nL\nL\nO\nN\n-\nS\nU\nR\n-\nS\nE\nI\nN\nE\nM\nm\ne\n \nl\na\np\nr\ni\nn\nc\ni\np\na\nl\ne\n2\n0\n1\n7\n/\n0\n1\n9\n1\nM\nC\nE\nN\nT\nR\nE\n \nH\nO\nS\nP\nI\nT\nA\nL\nI\nE\nR\n \nL\nA\nC\nH\nA\nR\nT\nR\nE\nU\nS\nE\n1\n \nb\no\nu\nl\ne\nv\na\nr\nd\n \nd\nu\n \nC\nh\na\nn\no\ni\nn\ne\nK\ni\nr\n2\n1\n0\n0\n0\n \nD\nI\nJ\nO\nN\nM\nm\ne\nE\nm\nm\na\nn\nu\ne\nl\nl\ne\nJ\nU\nA\nN\n2\n0\n1\n5\n/\n0\n5\n2\n0\nM\nH\n\u00d4\nP\nI\nT\nA\nL\n \nP\nR\nI\nV\n\u00c9\n \nD\nI\nJ\nO\nN\nB\nO\nU\nR\nG\nO\nG\nN\nE\n2\n2\n \na\nv\ne\nn\nu\ne\n \nF\nr\na\nn\n\u00e7\no\ni\ns\ne\nG\ni\nr\no\nu\nd\n2\n1\n0\n0\n0\n \nD\nI\nJ\nO\nN\nM\n.\n \nl\ne\nr\ne\ns\np\no\nn\ns\na\nb\nl\ne\nt\ne\nc\nh\nn\ni\nq\nu\ne\n2\n0\n1\n7\n/\n0\n2\n5\n0\n5\n3\n \nr\nu\ne\n \nd\ne\n \nl\na\n \nP\nr\n\u00e9\nf\ne\nc\nt\nu\nr\ne\n \n2\n1\n0\n4\n1\n \nD\nI\nJ\nO\nN\n \nc\ne\nd\ne\nx\n0\n3\n \n8\n0\n \n4\n4\n \n6\n4\n \n0\n0\nh\nt\nt\np\ns\n:\n/\n/\nw\nw\nw\n.\nc\no\nt\ne\n-\nd\no\nr\n.\ng\no\nu\nv\n.\nf\nr\nPr\u00e9fecture de la C\u00f4te-d'Or - 21-2026-04-20-00002 - Arr\u00eat\u00e9 pr\u00e9fectoral dressant la liste des syst\u00e8mes de vid\u00e9oprotection autoris\u00e9s \u00e0 la\nsuite de la commission d\u00e9partementale du 12 mars 2026 66\nM\nU\nR\nS\nS\nA\nF\n \nB\nO\nU\nR\nG\nO\nG\nN\nE\n1\n2\n \nb\no\nu\nl\ne\nv\na\nr\nd\n \nJ\ne\na\nn\n \nV\ne\ni\nl\nl\ne\nt\n2\n1\n0\n0\n0\n \nD\nI\nJ\nO\nN\nM\n.\n \nl\ne\n \nd\ni\nr\ne\nc\nt\ne\nu\nr\nr\n\u00e9\ng\ni\no\nn\na\nl\n2\n0\n2\n2\n/\n0\n2\n4\n0\nM\nC\nA\nI\nS\nS\nE\n \nD\n'\n\u00c9\nP\nA\nR\nG\nN\nE\n7\n2\n \nr\nu\ne\n \nd\ne\n \nl\na\n \nR\n\u00e9\np\nu\nb\nl\ni\nq\nu\ne\n2\n1\n2\n5\n0\n \nS\nE\nU\nR\nR\nE\nM\n.\n \nl\ne\nr\ne\ns\np\no\nn\ns\na\nb\nl\ne\n2\n0\n1\n1\n/\n0\n4\n4\n4\nM\nC\nA\nI\nS\nS\nE\n \nD\n'\n\u00c9\nP\nA\nR\nG\nN\nE\n4\n \na\nv\ne\nn\nu\ne\n \nG\na\nr\ni\nb\na\nl\nd\ni\n2\n1\n0\n0\n0\n \nD\nI\nJ\nO\nN\nM\n.\n \nl\ne\nr\ne\ns\np\no\nn\ns\na\nb\nl\ne\n2\n0\n1\n2\n/\n0\n0\n4\n1\nM\nC\nL\nU\nB\n \nD\nE\n \nT\nI\nR\n \nD\nE\n \nL\nA\n \nP\nO\nL\nI\nC\nE\nA\nl\nl\n\u00e9\ne\n \nd\nu\n \nP\na\ns\n \nd\ne\n \nT\ni\nr\n2\n1\n0\n0\n0\n \nD\nI\nJ\nO\nN\nM\n.\n \nK\na\nr\ni\nm\nK\nH\nA\nT\nR\nI\n2\n0\n2\n1\n/\n0\n3\n9\n9\nM\nP\nH\nA\nR\nM\nA\nC\nI\nE\n \nS\nA\nI\nN\nT\n-\nV\nO\nR\nL\nE\nS\n2\n5\n \nr\nu\ne\n \nd\nu\n \nM\na\nr\n\u00e9\nc\nh\na\nl\n \nd\ne\nL\na\nt\nt\nr\ne\n \nd\ne\n \nT\na\ns\ns\ni\ng\nn\ny\n2\n1\n4\n0\n0\n \nC\nH\n\u00c2\nT\nI\nL\nL\nO\nN\n-\nS\nU\nR\n-\nS\nE\nI\nN\nE\nM\n.\n \nT\nh\no\nm\na\ns\nG\nE\nR\nV\nA\nI\nS\n2\n0\n1\n5\n/\n0\n4\n1\n3\nM\nP\nH\nA\nR\nM\nA\nC\nI\nE\n \nR\nI\nV\nE\n \nD\nE\n \nS\nE\nI\nN\nE\n6\n \nr\nu\ne\n \nd\nu\n \nM\na\nr\n\u00e9\nc\nh\na\nl\n \nd\ne\nL\na\nt\nt\nr\ne\n \nd\ne\n \nT\na\ns\ns\ni\ng\nn\ny\n2\n1\n4\n0\n0\n \nC\nH\n\u00c2\nT\nI\nL\nL\nO\nN\n-\nS\nU\nR\n-\nS\nE\nI\nN\nE\nM\n.\n \nY\na\ns\ns\ni\nn\ne\nC\nH\nR\nI\nF\nI\n2\n0\n1\n6\n/\n0\n0\n1\n5\nR\nM\nA\nI\nR\nI\nE\n \nD\nE\n \nD\nI\nJ\nO\nN\nP\na\nl\na\ni\ns\n \nd\ne\ns\n \nS\np\no\nr\nt\ns\n2\n1\n0\n0\n0\n \nD\nI\nJ\nO\nN\nM\nm\ne\n \nl\na\n \nm\na\ni\nr\ne\n2\n0\n0\n9\n/\n0\n2\n1\n5\nR\nM\nA\nI\nR\nI\nE\n \nD\nE\n \nD\nI\nJ\nO\nN\nS\na\nl\nl\ne\n \nM\na\nr\ni\no\nn\n2\n1\n0\n0\n0\n \nD\nI\nJ\nO\nN\nM\nm\ne\n \nl\na\n \nm\na\ni\nr\ne\n2\n0\n1\n4\n/\n0\n3\n8\n9\nR\nM\nA\nI\nR\nI\nE\n \nD\nE\n \nD\nI\nJ\nO\nN\nS\na\nl\nl\ne\n \nB\no\ni\nv\ni\nn\n2\n1\n0\n0\n0\n \nD\nI\nJ\nO\nN\nM\nm\ne\n \nl\na\n \nm\na\ni\nr\ne\n2\n0\n1\n4\n/\n0\n8\n4\n0\nR\nM\nA\nI\nR\nI\nE\n \nD\nE\n \nD\nI\nJ\nO\nN\nS\na\nl\nl\ne\n \nd\ne\ns\n \nB\no\nu\nr\nr\no\nc\nh\ne\ns\n2\n1\n0\n0\n0\n \nD\nI\nJ\nO\nN\nM\nm\ne\n \nl\na\n \nm\na\ni\nr\ne\n2\n0\n1\n4\n/\n0\n8\n4\n1\nR\nM\nA\nI\nR\nI\nE\n \nD\nE\n \nD\nI\nJ\nO\nN\nS\na\nl\nl\ne\n \nd\ne\ns\n \nM\na\nr\nm\nu\nz\no\nt\ns\n2\n1\n0\n0\n0\n \nD\nI\nJ\nO\nN\nM\nm\ne\n \nl\na\n \nm\na\ni\nr\ne\n2\n0\n1\n4\n/\n0\n8\n4\n2\nR\nM\nA\nI\nR\nI\nE\n \nD\nE\n \nD\nI\nJ\nO\nN\nS\na\nl\nl\ne\n \nS\ne\nl\nl\ne\nn\ne\nt\n2\n1\n0\n0\n0\n \nD\nI\nJ\nO\nN\nM\nm\ne\n \nl\na\n \nm\na\ni\nr\ne\n2\n0\n1\n5\n/\n0\n0\n0\n1\nR\nM\nA\nI\nR\nI\nE\n \nD\nE\n \nD\nI\nJ\nO\nN\nS\na\nl\nl\ne\n \nC\na\nr\nn\no\nt\n2\n1\n0\n0\n0\n \nD\nI\nJ\nO\nN\nM\nm\ne\n \nl\na\n \nm\na\ni\nr\ne\n2\n0\n1\n5\n/\n0\n0\n0\n2\nR\nM\nA\nI\nR\nI\nE\n \nD\nE\n \nD\nI\nJ\nO\nN\nG\ny\nm\nn\na\ns\ne\n \nK\ne\nn\nn\ne\nd\ny\n2\n1\n0\n0\n0\n \nD\nI\nJ\nO\nN\nM\nm\ne\n \nl\na\n \nm\na\ni\nr\ne\n2\n0\n1\n5\n/\n0\n0\n0\n3\nR\nM\nA\nI\nR\nI\nE\n \nD\nE\n \nD\nI\nJ\nO\nN\nS\na\nl\nl\ne\n \nC\nh\na\nm\nb\ne\nl\nl\na\nn\nd\n2\n1\n0\n0\n0\n \nD\nI\nJ\nO\nN\nM\nm\ne\n \nl\na\n \nm\na\ni\nr\ne\n2\n0\n1\n5\n/\n0\n0\n0\n4\nR\nM\nA\nI\nR\nI\nE\n \nD\nE\n \nD\nI\nJ\nO\nN\nC\nO\nS\nE\nC\n \nd\ne\n \nl\na\n \nF\no\nn\nt\na\ni\nn\ne\nd\n'\nO\nu\nc\nh\ne\n2\n1\n0\n0\n0\n \nD\nI\nJ\nO\nN\nM\nm\ne\n \nl\na\n \nm\na\ni\nr\ne\n2\n0\n1\n5\n/\n0\n0\n0\n5\nR\nM\nA\nI\nR\nI\nE\n \nD\nE\n \nD\nI\nJ\nO\nN\nS\na\nl\nl\ne\n \nD\nu\nn\na\nn\nt\n2\n1\n0\n0\n0\n \nD\nI\nJ\nO\nN\nM\nm\ne\n \nl\na\n \nm\na\ni\nr\ne\n2\n0\n1\n5\n/\n0\n0\n0\n6\nR\nM\nA\nI\nR\nI\nE\n \nD\nE\n \nD\nI\nJ\nO\nN\nS\na\nl\nl\ne\n \n\u00c9\np\ni\nr\ne\ny\n2\n1\n0\n0\n0\n \nD\nI\nJ\nO\nN\nM\nm\ne\n \nl\na\n \nm\na\ni\nr\ne\n2\n0\n1\n5\n/\n0\n0\n0\n7\nR\nM\nA\nI\nR\nI\nE\n \nD\nE\n \nD\nI\nJ\nO\nN\nS\na\nl\nl\ne\n \nM\na\ns\ni\nn\ng\nu\ne\n2\n1\n0\n0\n0\n \nD\nI\nJ\nO\nN\nM\nm\ne\n \nl\na\n \nm\na\ni\nr\ne\n2\n0\n1\n5\n/\n0\n0\n0\n8\nR\nM\nA\nI\nR\nI\nE\n \nD\nE\n \nD\nI\nJ\nO\nN\nS\na\nl\nl\ne\n \nP\na\nr\nd\n\u00e9\n2\n1\n0\n0\n0\n \nD\nI\nJ\nO\nN\nM\nm\ne\n \nl\na\n \nm\na\ni\nr\ne\n2\n0\n1\n5\n/\n0\n0\n0\n9\nR\nM\nA\nI\nR\nI\nE\n \nD\nE\n \nD\nI\nJ\nO\nN\nS\na\nl\nl\ne\n \nB\no\ni\ns\ns\ne\nl\no\nt\n2\n1\n0\n0\n0\n \nD\nI\nJ\nO\nN\nM\nm\ne\n \nl\na\n \nm\na\ni\nr\ne\n2\n0\n1\n5\n/\n0\n0\n1\n0\nR\nM\nA\nI\nR\nI\nE\n \nD\nE\n \nD\nI\nJ\nO\nN\nS\na\nl\nl\ne\n \nd\ne\ns\n \nL\ne\nn\nt\ni\nl\nl\n\u00e8\nr\ne\ns\n2\n1\n0\n0\n0\n \nD\nI\nJ\nO\nN\nM\nm\ne\n \nl\na\n \nm\na\ni\nr\ne\n2\n0\n1\n5\n/\n0\n0\n1\n1\nR\nM\nA\nI\nR\nI\nE\n \nD\nE\n \nD\nI\nJ\nO\nN\nS\na\nl\nl\ne\n \nL\na\n \nS\no\nu\nr\nc\ne\n2\n1\n0\n0\n0\n \nD\nI\nJ\nO\nN\nM\nm\ne\n \nl\na\n \nm\na\ni\nr\ne\n2\n0\n1\n5\n/\n0\n0\n1\n2\nR\nM\nA\nI\nR\nI\nE\n \nD\nE\n \nL\nO\nN\nG\nV\nI\nC\nC\no\nm\np\nl\ne\nx\ne\n \ns\np\no\nr\nt\ni\nf\n \n2\n1\n6\n0\n0\n \nL\nO\nN\nG\nV\nI\nC\nM\nm\ne\n \nl\ne\n \nm\na\ni\nr\ne\n2\n0\n1\n6\n/\n0\n1\n0\n4\nR\nP\nI\nS\nC\nI\nN\nE\n \nD\nE\n \nL\nA\n \nF\nO\nN\nT\nA\nI\nN\nE\nD\n'\nO\nU\nC\nH\nE\nA\nl\nl\n\u00e9\ne\n \nd\ne\n \nR\ni\nb\ne\na\nu\nv\ni\nl\nl\n\u00e9\n2\n1\n0\n0\n0\n \nD\nI\nJ\nO\nN\nM\nm\ne\n \nl\na\n \nm\na\ni\nr\ne\n2\n0\n2\n5\n/\n0\n6\n7\n2\n5\n3\n \nr\nu\ne\n \nd\ne\n \nl\na\n \nP\nr\n\u00e9\nf\ne\nc\nt\nu\nr\ne\n \n2\n1\n0\n4\n1\n \nD\nI\nJ\nO\nN\n \nc\ne\nd\ne\nx\n0\n3\n \n8\n0\n \n4\n4\n \n6\n4\n \n0\n0\nh\nt\nt\np\ns\n:\n/\n/\nw\nw\nw\n.\nc\no\nt\ne\n-\nd\no\nr\n.\ng\no\nu\nv\n.\nf\nr\nPr\u00e9fecture de la C\u00f4te-d'Or - 21-2026-04-20-00002 - Arr\u00eat\u00e9 pr\u00e9fectoral dressant la liste des syst\u00e8mes de vid\u00e9oprotection autoris\u00e9s \u00e0 la\nsuite de la commission d\u00e9partementale du 12 mars 2026 67\nR\nP\nI\nS\nC\nI\nN\nE\n \nD\nE\nS\n \nG\nR\n\u00c9\nS\nI\nL\nL\nE\nS\nR\nu\ne\n \nM\na\nr\ni\nu\ns\n \nC\nh\na\nn\nt\ne\nu\nr\n2\n1\n0\n0\n0\n \nD\nI\nJ\nO\nN\nM\nm\ne\n \nl\na\n \nm\na\ni\nr\ne\n2\n0\n2\n5\n/\n0\n6\n7\n3\nR\nM\nA\nI\nR\nI\nE\n \nD\nE\n \nS\nA\nI\nN\nT\n-\nR\nO\nM\nA\nI\nN\n1\n \np\nl\na\nc\ne\n \nd\ne\n \nl\n'\n\u00c9\ng\nl\ni\ns\ne\n2\n1\n1\n9\n0\n \nS\nA\nI\nN\nT\n-\nR\nO\nM\nA\nI\nN\nM\n.\n \nl\ne\n \nm\na\ni\nr\ne\n2\n0\n2\n0\n/\n0\n2\n3\n5\nR\nM\nA\nI\nR\nI\nE\n \nD\nE\n \nC\nO\nU\nT\nE\nR\nN\nO\nN\n3\n \nr\nu\ne\n \nd\ne\n \nD\ni\nj\no\nn\n2\n1\n5\n6\n0\n \nC\nO\nU\nT\nE\nR\nN\nO\nN\nM\nm\ne\n \nl\ne\n \nm\na\ni\nr\ne\n2\n0\n2\n1\n/\n0\n1\n6\n8\nR\nC\nH\nU\n \nD\nI\nJ\nO\nN\n \nB\nO\nU\nR\nG\nO\nG\nN\nE\n1\n \nb\no\nu\nl\ne\nv\na\nr\nd\n \nJ\ne\na\nn\nn\ne\n \nd\n'\nA\nr\nc\n2\n1\n0\n0\n0\n \nD\nI\nJ\nO\nN\nM\n.\n \nl\ne\n \nd\ni\nr\ne\nc\nt\ne\nu\nr\ng\n\u00e9\nn\n\u00e9\nr\na\nl\n2\n0\n1\n0\n/\n0\n1\n6\n9\nR\nD\n\u00c9\nC\nH\nE\nT\nT\nE\nR\nI\nE\nR\no\nu\nt\ne\n \nd\n\u00e9\np\na\nr\nt\ne\nm\ne\nn\nt\na\nl\ne\n \n4\n2\n1\n5\n0\n0\n \nS\nA\nI\nN\nT\n-\nG\nE\nR\nM\nA\nI\nN\n-\nL\nE\nS\n-\nS\nE\nN\nA\nI\nL\nL\nY\nM\n.\n \nl\ne\n \np\nr\n\u00e9\ns\ni\nd\ne\nn\nt\n2\n0\n2\n1\n/\n0\n2\n7\n9\nR\nD\n\u00c9\nC\nH\nE\nT\nT\nE\nR\nI\nE\nC\nh\ne\nm\ni\nn\n \nd\ne\ns\n \nC\na\nr\nr\ni\n\u00e8\nr\ne\ns\n2\n1\n5\n0\n0\n \nM\nO\nN\nT\nB\nA\nR\nD\nM\n.\n \nl\ne\n \np\nr\n\u00e9\ns\ni\nd\ne\nn\nt\n2\n0\n2\n1\n/\n0\n3\n7\n3\nR\nB\nA\nN\nQ\nU\nE\n \nP\nO\nP\nU\nL\nA\nI\nR\nE\n3\n \nr\nu\ne\n \nJ\ne\na\nn\n \nM\na\ni\nr\ne\n2\n1\n2\n3\n0\n \nA\nR\nN\nA\nY\n-\nL\nE\n-\nD\nU\nC\nM\n.\n \nl\n'\ne\nx\np\ne\nr\nt\n \ne\nn\ns\n\u00e9\nc\nu\nr\ni\nt\n\u00e9\n2\n0\n1\n0\n/\n0\n2\n0\n2\nR\nC\nI\nC\nC\nh\na\nu\ns\ns\n\u00e9\ne\n \nd\ne\n \nl\n'\nE\nu\nr\no\np\ne\n2\n1\n4\n0\n0\n \nC\nH\n\u00c2\nT\nI\nL\nL\nO\nN\n-\nS\nU\nR\n-\nS\nE\nI\nN\nE\nM\n.\n \nl\ne\n \nc\nh\na\nr\ng\n\u00e9\n \nd\ne\ns\n\u00e9\nc\nu\nr\ni\nt\n\u00e9\n2\n0\n1\n3\n/\n0\n5\n5\n5\nR\nC\nR\n\u00c9\nD\nI\nT\n \nC\nO\nO\nP\n\u00c9\nR\nA\nT\nI\nF\n1\n \na\nv\ne\nn\nu\ne\n \nK\ne\nl\nl\ne\nr\nm\na\nn\n2\n1\n0\n0\n0\n \nD\nI\nJ\nO\nN\nM\n.\n \nl\ne\n \nd\ni\nr\ne\nc\nt\ne\nu\nr\nd\ne\n \nl\na\n \ns\n\u00e9\nc\nu\nr\ni\nt\n\u00e9\n2\n0\n1\n6\n/\n0\n5\n0\n6\nR\nL\nA\n \nP\nO\nS\nT\nE\nP\nl\na\nc\ne\n \nd\ne\ns\n \nH\na\nl\nl\ne\ns\n2\n1\n1\n7\n0\n \nS\nA\nI\nN\nT\n-\nJ\nE\nA\nN\n-\nD\nE\n-\nL\nO\nS\nN\nE\nM\n.\n \nl\ne\n \nd\ni\nr\ne\nc\nt\ne\nu\nr\nd\ne\n \nl\na\n \ns\n\u00e9\nc\nu\nr\ni\nt\n\u00e9\n2\n0\n0\n9\n/\n0\n1\n7\n5\nR\nL\nA\n \nP\nO\nS\nT\nE\n2\n2\n \nr\nu\ne\n \nS\na\ni\nn\nt\ne\n-\nC\nl\na\ni\nr\ne\n2\n1\n2\n5\n0\n \nS\nE\nU\nR\nR\nE\nM\n.\n \nl\ne\n \nd\ni\nr\ne\nc\nt\ne\nu\nr\nd\ne\n \nl\na\n \ns\n\u00e9\nc\nu\nr\ni\nt\n\u00e9\n2\n0\n0\n9\n/\n0\n1\n7\n6\nR\nL\nA\n \nP\nO\nS\nT\nE\nR\nu\ne\n \n\u00c9\nt\ni\ne\nn\nn\ne\n \nD\no\nl\ne\nt\n2\n1\n0\n0\n0\n \nD\nI\nJ\nO\nN\nM\n.\n \nl\ne\n \nd\ni\nr\ne\nc\nt\ne\nu\nr\nd\ne\n \nl\na\n \ns\n\u00e9\nc\nu\nr\ni\nt\n\u00e9\n2\n0\n1\n0\n/\n0\n0\n2\n6\nR\nL\nA\n \nP\nO\nS\nT\nE\n4\n \nr\nu\ne\n \nd\n'\nA\nb\nr\na\nn\nt\ne\ns\n2\n1\n5\n0\n0\n \nM\nO\nN\nT\nB\nA\nR\nD\nM\n.\n \nl\ne\n \nd\ni\nr\ne\nc\nt\ne\nu\nr\nd\ne\n \nl\na\n \ns\n\u00e9\nc\nu\nr\ni\nt\n\u00e9\n2\n0\n1\n0\n/\n0\n2\n4\n1\nR\nL\nA\n \nP\nO\nS\nT\nE\n2\n1\n \na\nv\ne\nn\nu\ne\n \nd\ne\n \nD\ni\nj\no\nn\n2\n1\n1\n5\n0\n \nV\nE\nN\nA\nR\nE\nY\n-\nL\nE\nS\n-\nL\nA\nU\nM\nE\nS\nM\n.\n \nl\ne\n \nd\ni\nr\ne\nc\nt\ne\nu\nr\nd\ne\n \nl\na\n \ns\n\u00e9\nc\nu\nr\ni\nt\n\u00e9\n2\n0\n1\n0\n/\n0\n2\n4\n4\nR\nL\nA\n \nP\nO\nS\nT\nE\nC\no\nm\nb\ne\n \nT\n\u00ea\nt\ne\n \na\nu\n \nL\no\nu\np\n2\n1\n4\n0\n0\n \nS\nA\nI\nN\nT\nE\n-\nS\nE\nI\nN\nE\n-\nS\nU\nR\n-\nS\nE\nI\nN\nE\nM\n.\n \nl\ne\n \nd\ni\nr\ne\nc\nt\ne\nu\nr\nd\ne\n \nl\na\n \ns\n\u00e9\nc\nu\nr\ni\nt\n\u00e9\n2\n0\n1\n6\n/\n0\n2\n2\n6\nR\nL\nA\n \nP\nO\nS\nT\nE\nR\nu\ne\n \nd\ne\n \nl\na\n \nR\no\nc\nh\no\nt\nt\ne\n2\n1\n1\n2\n0\n \nI\nS\n-\nS\nU\nR\n-\nT\nI\nL\nL\nE\nM\n.\n \nl\ne\n \nd\ni\nr\ne\nc\nt\ne\nu\nr\nd\ne\n \nl\na\n \ns\n\u00e9\nc\nu\nr\ni\nt\n\u00e9\n2\n0\n1\n6\n/\n0\n2\n2\n8\nR\nL\nA\n \nP\nO\nS\nT\nE\n1\n6\n \nr\nu\ne\n \nd\ne\ns\n \nA\nr\nt\ni\ns\na\nn\ns\n2\n1\n2\n2\n0\n \nG\nE\nV\nR\nE\nY\n-\nC\nH\nA\nM\nB\nE\nR\nT\nI\nN\nM\n.\n \nl\ne\n \nd\ni\nr\ne\nc\nt\ne\nu\nr\nd\ne\n \nl\na\n \ns\n\u00e9\nc\nu\nr\ni\nt\n\u00e9\n2\n0\n1\n6\n/\n2\n3\n1\nR\nL\nA\n \nP\nO\nS\nT\nE\n2\n \np\nl\na\nc\ne\n \nd\ne\ns\n \nD\nr\no\ni\nt\ns\n \nd\ne\nl\n'\nH\no\nm\nm\ne\n2\n1\n1\n1\n0\n \nG\nE\nN\nL\nI\nS\nM\n.\n \nl\ne\n \nd\ni\nr\ne\nc\nt\ne\nu\nr\nd\ne\n \nl\na\n \ns\n\u00e9\nc\nu\nr\ni\nt\n\u00e9\n2\n0\n1\n6\n/\n0\n2\n3\n3\nR\nL\nA\n \nP\nO\nS\nT\nE\n7\n \nr\nu\ne\n \nd\nu\n \n1\n8\n \nD\n\u00e9\nc\ne\nm\nb\nr\ne\n2\n1\n7\n0\n0\n \nN\nU\nI\nT\nS\n-\nS\nA\nI\nN\nT\n-\nG\nE\nO\nR\nG\nE\nS\nM\n.\n \nl\ne\n \nd\ni\nr\ne\nc\nt\ne\nu\nr\nd\ne\n \nl\na\n \ns\n\u00e9\nc\nu\nr\ni\nt\n\u00e9\n2\n0\n1\n6\n/\n0\n2\n7\n6\nR\nL\nA\n \nP\nO\nS\nT\nE\nP\nl\na\nc\ne\n \nG\nr\na\nn\ng\ni\ne\nr\n2\n1\n0\n0\n0\n \nD\nI\nJ\nO\nN\nM\n.\n \nl\ne\n \nd\ni\nr\ne\nc\nt\ne\nu\nr\nd\ne\n \nl\na\n \ns\n\u00e9\nc\nu\nr\ni\nt\n\u00e9\n2\n0\n1\n6\n/\n0\n2\n9\n8\nR\nL\nA\n \nP\nO\nS\nT\nE\nP\nl\na\nc\ne\n \nG\nr\na\nn\nv\ni\nl\nl\ne\n2\n1\n0\n0\n0\n \nD\nI\nJ\nO\nN\nM\n.\n \nl\ne\n \nd\ni\nr\ne\nc\nt\ne\nu\nr\nd\ne\n \nl\na\n \ns\n\u00e9\nc\nu\nr\ni\nt\n\u00e9\n2\n0\n1\n6\n/\n0\n2\n9\n9\nR\nL\nA\n \nP\nO\nS\nT\nE\n4\n \nr\no\nu\nt\ne\n \nd\n'\nA\nb\nr\na\nn\nt\ne\ns\n2\n1\n5\n0\n0\n \nM\nO\nN\nT\nB\nA\nR\nD\nM\n.\n \nl\ne\n \nd\ni\nr\ne\nc\nt\ne\nu\nr\nd\ne\n \nl\na\n \ns\n\u00e9\nc\nu\nr\ni\nt\n\u00e9\n2\n0\n1\n6\n/\n0\n3\n0\n1\nR\nL\nA\n \nP\nO\nS\nT\nE\n5\n \na\nv\ne\nn\nu\ne\n \nd\nu\n \nC\nh\n\u00e2\nt\ne\na\nu\nd\n'\nE\na\nu\n2\n1\n8\n0\n0\n \nQ\nU\nE\nT\nI\nG\nN\nY\nM\n.\n \nl\ne\n \nd\ni\nr\ne\nc\nt\ne\nu\nr\nd\ne\n \nl\na\n \ns\n\u00e9\nc\nu\nr\ni\nt\n\u00e9\n2\n0\n2\n0\n/\n0\n5\n8\n0\n5\n3\n \nr\nu\ne\n \nd\ne\n \nl\na\n \nP\nr\n\u00e9\nf\ne\nc\nt\nu\nr\ne\n \n2\n1\n0\n4\n1\n \nD\nI\nJ\nO\nN\n \nc\ne\nd\ne\nx\n0\n3\n \n8\n0\n \n4\n4\n \n6\n4\n \n0\n0\nh\nt\nt\np\ns\n:\n/\n/\nw\nw\nw\n.\nc\no\nt\ne\n-\nd\no\nr\n.\ng\no\nu\nv\n.\nf\nr\nPr\u00e9fecture de la C\u00f4te-d'Or - 21-2026-04-20-00002 - Arr\u00eat\u00e9 pr\u00e9fectoral dressant la liste des syst\u00e8mes de vid\u00e9oprotection autoris\u00e9s \u00e0 la\nsuite de la commission d\u00e9partementale du 12 mars 2026 68\nR\nC\nR\n\u00c9\nD\nI\nT\n \nM\nU\nT\nU\nE\nL\n3\n4\n \nG\nr\na\nn\nd\ne\n \nR\nu\ne\n2\n1\n3\n1\n0\n \nM\nI\nR\nE\nB\nE\nA\nU\n-\nS\nU\nR\n-\nB\n\u00c8\nZ\nE\nM\n.\n \nl\ne\n \nc\nh\na\nr\ng\n\u00e9\n \nd\ne\ns\n\u00e9\nc\nu\nr\ni\nt\n\u00e9\n2\n0\n1\n0\n/\n0\n1\n3\n1\nR\nC\nR\n\u00c9\nD\nI\nT\n \nM\nU\nT\nU\nE\nL\n4\n3\n \nr\nu\ne\n \nd\nu\n \n8\n \nm\na\ni\n \n1\n9\n4\n5\n2\n1\n2\n7\n0\n \nP\nO\nN\nT\nA\nI\nL\nL\nE\nR\n-\nS\nU\nR\n-\nS\nA\n\u00d4\nN\nE\nM\n.\n \nl\ne\n \nc\nh\na\nr\ng\n\u00e9\n \nd\ne\ns\n\u00e9\nc\nu\nr\ni\nt\n\u00e9\n2\n0\n1\n0\n/\n0\n1\n3\n3\nR\nC\nR\n\u00c9\nD\nI\nT\n \nM\nU\nT\nU\nE\nL\n2\n \np\nl\na\nc\ne\n \nd\ne\n \nl\na\n \nL\ni\nb\ne\nr\nt\n\u00e9\n2\n1\n8\n0\n0\n \nC\nH\nE\nV\nI\nG\nN\nY\n-\nS\nA\nI\nN\nT\n-\nS\nA\nU\nV\nE\nU\nR\nM\n.\n \nl\ne\n \nc\nh\na\nr\ng\n\u00e9\n \nd\ne\ns\n\u00e9\nc\nu\nr\ni\nt\n\u00e9\n2\n0\n1\n0\n/\n0\n1\n3\n5\nR\nC\nR\n\u00c9\nD\nI\nT\n \nM\nU\nT\nU\nE\nL\n1\n4\n \na\nv\ne\nn\nu\ne\n \nG\nu\ns\nt\na\nv\ne\n \nE\ni\nf\nf\ne\nl\n2\n1\n2\n0\n0\n \nB\nE\nA\nU\nN\nE\nM\n.\n \nl\ne\n \nc\nh\na\nr\ng\n\u00e9\n \nd\ne\ns\n\u00e9\nc\nu\nr\ni\nt\n\u00e9\n2\n0\n1\n1\n/\n0\n1\n8\n5\nR\nC\nR\n\u00c9\nD\nI\nT\n \nM\nU\nT\nU\nE\nL\n8\n \nr\nu\ne\n \nS\na\nu\nl\nn\ni\ne\nr\n2\n1\n2\n3\n0\n \nA\nR\nN\nA\nY\n-\nL\nE\n-\nD\nU\nC\nM\n.\n \nl\ne\n \nc\nh\na\nr\ng\n\u00e9\n \nd\ne\ns\n\u00e9\nc\nu\nr\ni\nt\n\u00e9\n2\n0\n1\n1\n/\n0\n1\n8\n7\nR\nC\nR\n\u00c9\nD\nI\nT\n \nM\nU\nT\nU\nE\nL\n3\n \na\nv\ne\nn\nu\ne\n \nJ\ne\na\nn\n \nJ\na\nu\nr\n\u00e8\ns\n2\n1\n1\n5\n0\n \nV\nE\nN\nA\nR\nE\nY\n-\nL\nE\nS\n-\nL\nA\nU\nM\nE\nS\nM\n.\n \nl\ne\n \nc\nh\na\nr\ng\n\u00e9\n \nd\ne\ns\n\u00e9\nc\nu\nr\ni\nt\n\u00e9\n2\n0\n1\n1\n/\n0\n1\n9\n6\nR\nC\nR\n\u00c9\nD\nI\nT\n \nM\nU\nT\nU\nE\nL\n1\n2\n \np\nl\na\nc\ne\n \nD\na\nr\nc\ny\n2\n1\n0\n0\n0\n \nD\nI\nJ\nO\nN\nM\n.\n \nl\ne\n \nc\nh\na\nr\ng\n\u00e9\n \nd\ne\ns\n\u00e9\nc\nu\nr\ni\nt\n\u00e9\n2\n0\n1\n1\n/\n0\n2\n0\n1\nR\nC\nR\n\u00c9\nD\nI\nT\n \nM\nU\nT\nU\nE\nL\n4\n \nr\nu\ne\n \nP\na\ns\nt\ne\nu\nr\n2\n1\n1\n1\n0\n \nG\nE\nN\nL\nI\nS\nM\n.\n \nl\ne\n \nc\nh\na\nr\ng\n\u00e9\n \nd\ne\ns\n\u00e9\nc\nu\nr\ni\nt\n\u00e9\n2\n0\n1\n1\n/\n0\n2\n0\n3\nR\nC\nR\n\u00c9\nD\nI\nT\n \nM\nU\nT\nU\nE\nL\n4\n \np\nl\na\nc\ne\n \nC\ne\nn\nt\nr\na\nl\ne\n2\n1\n8\n0\n0\n \nQ\nU\nE\nT\nI\nG\nN\nY\nM\n.\n \nl\ne\n \nc\nh\na\nr\ng\n\u00e9\n \nd\ne\ns\n\u00e9\nc\nu\nr\ni\nt\n\u00e9\n2\n0\n1\n1\n/\n0\n2\n0\n6\nR\nC\nR\n\u00c9\nD\nI\nT\n \nM\nU\nT\nU\nE\nL\n1\n \nr\nu\ne\n \nL\na\nm\no\nn\nn\no\ny\ne\n2\n1\n0\n0\n0\n \nD\nI\nJ\nO\nN\nM\n.\n \nl\ne\n \nc\nh\na\nr\ng\n\u00e9\n \nd\ne\ns\n\u00e9\nc\nu\nr\ni\nt\n\u00e9\n2\n0\n1\n1\n/\n0\n2\n1\n0\nR\nC\nR\n\u00c9\nD\nI\nT\n \nM\nU\nT\nU\nE\nL\n1\n4\n \nr\nu\ne\n \nC\nh\na\nr\nl\ne\ns\n \nG\ni\nr\na\nu\nd\n2\n1\n1\n9\n0\n \nM\nE\nU\nR\nS\nA\nU\nL\nT\nM\n.\n \nl\ne\n \nc\nh\na\nr\ng\n\u00e9\n \nd\ne\ns\n\u00e9\nc\nu\nr\ni\nt\n\u00e9\n2\n0\n1\n1\n/\n0\n2\n2\n0\nR\nC\nR\n\u00c9\nD\nI\nT\n \nM\nU\nT\nU\nE\nL\n6\n3\n \nr\nu\ne\n \nd\ne\n \nM\ni\nr\na\nn\nd\ne\n2\n1\n0\n0\n0\n \nD\nI\nJ\nO\nN\nM\n.\n \nl\ne\n \nc\nh\na\nr\ng\n\u00e9\n \nd\ne\ns\n\u00e9\nc\nu\nr\ni\nt\n\u00e9\n2\n0\n1\n1\n/\n0\n2\n2\n4\nR\nC\nR\n\u00c9\nD\nI\nT\n \nM\nU\nT\nU\nE\nL\n1\n \na\nv\n.\n \nd\ne\n \nl\na\n \nD\n\u00e9\nc\no\nu\nv\ne\nr\nt\ne\n2\n1\n0\n0\n0\n \nD\nI\nJ\nO\nN\nM\n.\n \nl\ne\n \nc\nh\na\nr\ng\n\u00e9\n \nd\ne\ns\n\u00e9\nc\nu\nr\ni\nt\n\u00e9\n2\n0\n1\n1\n/\n0\n2\n3\n0\nR\nC\nR\n\u00c9\nD\nI\nT\n \nM\nU\nT\nU\nE\nL\n1\n0\n \np\nl\na\nc\ne\n \nD\na\nr\nc\ny\n2\n1\n0\n0\n0\n \nD\nI\nJ\nO\nN\nM\n.\n \nl\ne\n \nc\nh\na\nr\ng\n\u00e9\n \nd\ne\ns\n\u00e9\nc\nu\nr\ni\nt\n\u00e9\n2\n0\n1\n1\n/\n0\n2\n3\n4\nR\nC\nR\n\u00c9\nD\nI\nT\n \nM\nU\nT\nU\nE\nL\n4\n \nr\nu\ne\n \nd\nu\n \nF\nb\ng\n \nS\nt\n-\nG\ne\no\nr\ng\ne\ns\n2\n1\n2\n5\n0\n \nS\nE\nU\nR\nR\nE\nM\n.\n \nl\ne\n \nc\nh\na\nr\ng\n\u00e9\n \nd\ne\ns\n\u00e9\nc\nu\nr\ni\nt\n\u00e9\n2\n0\n1\n1\n/\n0\n2\n5\n2\nR\nC\nR\n\u00c9\nD\nI\nT\n \nM\nU\nT\nU\nE\nL\n2\n1\n \nr\nu\ne\n \nA\nn\nc\ne\nm\no\nt\n2\n1\n1\n2\n0\n \nI\nS\n-\nS\nU\nR\n-\nT\nI\nL\nL\nE\nM\n.\n \nl\ne\n \nc\nh\na\nr\ng\n\u00e9\n \nd\ne\ns\n\u00e9\nc\nu\nr\ni\nt\n\u00e9\n2\n0\n1\n1\n/\n0\n2\n5\n4\nR\nC\nH\n\u00c2\nT\nE\nA\nU\n \nD\nU\n \nC\nL\nO\nS\n \nD\nE\nV\nO\nU\nG\nE\nO\nT\nR\nu\ne\n \nd\ne\n \nl\na\n \nM\no\nn\nt\na\ng\nn\ne\n2\n1\n6\n4\n0\n \nV\nO\nU\nG\nE\nO\nT\nM\n.\n \nR\ni\nc\nh\na\nr\nd\nF\nU\nS\nS\nN\nE\nR\n2\n0\n1\n5\n/\n0\n1\n2\n7\nR\nO\nP\n\u00c9\nR\nA\n \nD\nE\n \nD\nI\nJ\nO\nN\n1\n1\n \nb\no\nu\nl\ne\nv\na\nr\nd\n \nd\ne\n \nV\ne\nr\nd\nu\nn\n2\n1\n0\n0\n0\n \nD\nI\nJ\nO\nN\nM\n.\n \nC\nh\nr\ni\ns\nt\no\np\nh\ne\nP\nA\nC\nO\nT\nT\nE\n2\n0\n2\n1\n/\n0\n3\n4\n9\nR\nF\nR\nA\nN\nC\nE\n \nT\nR\nA\nV\nA\nI\nL\n2\n \nr\nu\ne\n \nd\ne\ns\n \nC\nh\na\nr\nr\ni\n\u00e8\nr\ne\ns\n2\n1\n8\n0\n0\n \nQ\nU\nE\nT\nI\nG\nN\nY\nM\n.\n \nl\ne\n \nd\ni\nr\ne\nc\nt\ne\nu\nr\nr\n\u00e9\ng\ni\no\nn\na\nl\n2\n0\n1\n5\n/\n0\n4\n3\n8\nR\nS\nN\nC\nF\n \n\u2013\n \nG\nA\nR\nE\nS\n \nE\nT\n \nC\nO\nN\nN\nE\nX\nI\nO\nN\nS\n3\n1\n \nc\no\nu\nr\ns\n \nd\ne\n \nl\na\n \nG\na\nr\ne\n2\n1\n0\n0\n0\n \nD\nI\nJ\nO\nN\nM\n.\n \nB\nr\nu\nn\no\nH\nE\nR\nV\nE\nY\n2\n0\n1\n5\n/\n0\n6\n8\n9\nR\nL\nE\n \nT\nO\nT\nE\nM\n \nD\nE\n \nS\nE\nU\nR\nR\nE\n8\n0\n \nr\nu\ne\n \nd\ne\n \nl\na\n \nR\n\u00e9\np\nu\nb\nl\ni\nq\nu\ne\n2\n1\n2\n5\n0\n \nS\nE\nU\nR\nR\nE\nM\n.\n \nM\ni\nc\nh\ne\nl\nM\nA\nR\nO\nT\n2\n0\n0\n9\n/\n0\n1\n9\n3\nR\nA\nU\n \nR\nO\nN\nD\n \nP\nO\nI\nN\nT\n \nG\nO\nU\nR\nM\nA\nN\nD\n9\n1\n \na\nv\ne\nn\nu\ne\n \nA\nr\ni\ns\nt\ni\nd\ne\n \nB\nr\ni\na\nn\nd\n2\n1\n0\n0\n0\n \nD\nI\nJ\nO\nN\nM\n.\n \nD\na\nv\ni\nd\nJ\nE\nA\nN\nS\nO\nN\n2\n0\n2\n2\n/\n0\n0\n9\n9\nR\nS\nE\nP\nH\nO\nR\nA\n5\n1\n \nr\nu\ne\n \nd\ne\n \nl\na\n \nL\ni\nb\ne\nr\nt\n\u00e9\n2\n1\n0\n0\n0\n \nD\nI\nJ\nO\nN\nM\n.\n \nl\ne\n \nd\ni\nr\ne\nc\nt\ne\nu\nr\nd\ne\n \nl\na\n \ns\n\u00e9\nc\nu\nr\ni\nt\n\u00e9\n2\n0\n1\n1\n/\n0\n4\n5\n2\nR\nS\nE\nP\nH\nO\nR\nA\n1\n4\n \nr\nu\ne\n \nC\na\nr\nn\no\nt\n2\n1\n2\n0\n0\n \nB\nE\nA\nU\nN\nE\nM\n.\n \nl\ne\n \nd\ni\nr\ne\nc\nt\ne\nu\nr\nd\ne\n \nl\na\n \ns\n\u00e9\nc\nu\nr\ni\nt\n\u00e9\n2\n0\n1\n2\n/\n0\n0\n3\n5\nR\nB\nE\nA\nU\nT\nY\n \nS\nU\nC\nC\nE\nS\nS\nA\nv\ne\nn\nu\ne\n \nN\no\n\u00eb\nl\n \nN\na\nv\no\ni\ns\na\nt\n2\n1\n4\n0\n0\n \nC\nH\n\u00c2\nT\nI\nL\nL\nO\nN\n-\nS\nU\nR\n-\nS\nE\nI\nN\nE\nM\n.\n \nl\ne\n \nd\ni\nr\ne\nc\nt\ne\nu\nr\ng\n\u00e9\nn\n\u00e9\nr\na\nl\n2\n0\n2\n0\n/\n0\n5\n5\n8\n5\n3\n \nr\nu\ne\n \nd\ne\n \nl\na\n \nP\nr\n\u00e9\nf\ne\nc\nt\nu\nr\ne\n \n2\n1\n0\n4\n1\n \nD\nI\nJ\nO\nN\n \nc\ne\nd\ne\nx\n0\n3\n \n8\n0\n \n4\n4\n \n6\n4\n \n0\n0\nh\nt\nt\np\ns\n:\n/\n/\nw\nw\nw\n.\nc\no\nt\ne\n-\nd\no\nr\n.\ng\no\nu\nv\n.\nf\nr\nPr\u00e9fecture de la C\u00f4te-d'Or - 21-2026-04-20-00002 - Arr\u00eat\u00e9 pr\u00e9fectoral dressant la liste des syst\u00e8mes de vid\u00e9oprotection autoris\u00e9s \u00e0 la\nsuite de la commission d\u00e9partementale du 12 mars 2026 69\nR\nC\nA\nS\nT\nO\nR\nA\nM\nA\nZ\no\nn\ne\n \nA\nc\nt\ni\ns\nu\nd\n2\n1\n1\n6\n0\n \nM\nA\nR\nS\nA\nN\nN\nA\nY\n-\nL\nA\n-\nC\n\u00d4\nT\nE\nM\n.\n \nl\ne\n \nd\ni\nr\ne\nc\nt\ne\nu\nr\n2\n0\n1\n3\n/\n0\n4\n7\n8\nR\nD\nA\nR\nT\nY\n1\n3\nc\n \nb\no\nu\nl\ne\nv\na\nr\nd\n \nd\nu\n \nG\nr\na\nn\nd\nM\na\nr\nc\nh\n\u00e9\n2\n1\n8\n0\n0\n \nQ\nU\nE\nT\nI\nG\nY\nM\n.\n \nl\ne\nr\ne\ns\np\no\nn\ns\na\nb\nl\ne\nr\n\u00e9\ng\ni\no\nn\na\nl\n2\n0\n2\n0\n/\n0\n3\n9\n8\nR\nE\n.\n \nL\nE\nC\nL\nE\nR\nC\n7\n \nr\nu\ne\n \nd\ne\n \nC\nr\na\nc\no\nv\ni\ne\n2\n1\n0\n0\n0\n \nD\nI\nJ\nO\nN\nM\n.\n \nl\ne\n \np\nr\n\u00e9\ns\ni\nd\ne\nn\nt\n2\n0\n1\n0\n/\n0\n0\n3\n8\nR\nL\nE\nS\n \nM\nE\nR\nV\nE\nI\nL\nL\nE\nS\n \nD\n'\nA\nL\nI\nC\nE\nC\ne\nn\nt\nr\ne\n \nc\no\nm\nm\ne\nr\nc\ni\na\nl\n \nL\ne\ns\nP\no\nr\nt\ne\ns\n \nd\nu\n \nS\nu\nd\n2\n1\n3\n0\n0\n \nC\nH\nE\nN\n\u00d4\nV\nE\nM\nm\ne\n \nA\nl\ni\nc\ne\nA\nN\nG\nE\nB\nA\nU\nL\nT\n2\n0\n1\n6\n/\n0\n0\n8\n4\nR\nP\nA\nN\nD\nO\nR\nA\nC\ne\nn\nt\nr\ne\n \nc\no\nm\nm\ne\nr\nc\ni\na\nl\n \nd\ne\n \nl\na\nT\no\ni\ns\no\nn\n \nd\n'\nO\nr\n2\n1\n0\n0\n0\n \nD\nI\nJ\nO\nN\nM\n.\n \nl\ne\n \nd\ni\nr\ne\nc\nt\ne\nu\nr\ng\n\u00e9\nn\n\u00e9\nr\na\nl\n2\n0\n1\n8\n/\n0\n3\n7\n9\nR\nL\nA\n \nP\nE\nT\nI\nT\nE\n \nG\nR\nA\nN\nG\nE\n1\n1\n \nr\nu\ne\n \nd\ne\ns\n \n\u00c9\nc\no\nl\ne\ns\n2\n1\n1\n5\n0\n \nD\nA\nR\nC\nE\nY\nM\nm\ne\n \nM\na\nu\nr\ne\ne\nn\nD\nU\nM\nO\nN\nT\n2\n0\n2\n1\n/\n0\n1\n0\n8\nR\nL\nE\n \nR\nE\nL\nA\nI\nS\n \nD\nE\n \nL\nA\n \nS\nA\n\u00d4\nN\nE\n5\n8\n \nf\na\nu\nb\no\nu\nr\ng\n \nS\na\ni\nn\nt\n-\nG\ne\no\nr\ng\ne\ns\n2\n1\n2\n5\n0\n \nS\nE\nU\nR\nR\nE\nM\n.\n \nJ\ne\na\nn\n-\nM\na\nr\nc\nM\nO\nR\nT\nE\nT\n2\n0\n1\n6\n/\n0\n5\n0\n6\n5\n3\n \nr\nu\ne\n \nd\ne\n \nl\na\n \nP\nr\n\u00e9\nf\ne\nc\nt\nu\nr\ne\n \n2\n1\n0\n4\n1\n \nD\nI\nJ\nO\nN\n \nc\ne\nd\ne\nx\n0\n3\n \n8\n0\n \n4\n4\n \n6\n4\n \n0\n0\nh\nt\nt\np\ns\n:\n/\n/\nw\nw\nw\n.\nc\no\nt\ne\n-\nd\no\nr\n.\ng\no\nu\nv\n.\nf\nr\nPr\u00e9fecture de la C\u00f4te-d'Or - 21-2026-04-20-00002 - Arr\u00eat\u00e9 pr\u00e9fectoral dressant la liste des syst\u00e8mes de vid\u00e9oprotection autoris\u00e9s \u00e0 la\nsuite de la commission d\u00e9partementale du 12 mars 2026 70\nPr\u00e9fecture de la C\u00f4te-d'Or\nDirection des s\u00e9curit\u00e9s\n21-2026-04-20-00001\nArr\u00eat\u00e9 pr\u00e9fectoral modificatif autorisant\nl'enregistrement audiovisuel des interventions\ndes agents de la police municipale de Chen\u00f4ve\nPr\u00e9fecture de la C\u00f4te-d'Or - 21-2026-04-20-00001 - Arr\u00eat\u00e9 pr\u00e9fectoral modificatif autorisant l'enregistrement audiovisuel des\ninterventions des agents de la police municipale de Chen\u00f4ve 71\nPr\u00e9fecture de la C\u00f4te-d'Or - 21-2026-04-20-00001 - Arr\u00eat\u00e9 pr\u00e9fectoral modificatif autorisant l'enregistrement audiovisuel des\ninterventions des agents de la police municipale de Chen\u00f4ve 72\nVU l'arr\u00eat\u00e9 pr\u00e9fectoral n\u00b0242 du 16 mars 2021 autorisant l'enregistrement individuel desinterventions des agents de la police municipale de CHEN\u00d4VE ;\nARR\u00caTE\nArticle 1\u00b0:L'arr\u00eat\u00e9 pr\u00e9fectoral n\u00b0242 du 16 mars 2021 est modifi\u00e9 comme suit :L'enregistrement audiovisuel des interventions des agents de police municipale de la communede CHEN\u00d4VE est autoris\u00e9 au moyen de sept cam\u00e9ras individuelles.Le public est inform\u00e9 de l'\u00e9quipement des agents de police municipale de la commune deCHENOVE de sept cam\u00e9ras individuelles et des modalit\u00e9s d'acc\u00e8s aux images.Article 2 :Le reste des dispositions de l'arr\u00eat\u00e9 est inchang\u00e9.Article 3 :La directrice des s\u00e9curit\u00e9s de la pr\u00e9fecture de la C\u00f4te-d'Or et le maire de CHEN\u00d4VE sontcharg\u00e9s, chacun en ce qui le concerne, de l'ex\u00e9cution du pr\u00e9sent arr\u00eat\u00e9.\nLe pr\u00e9fet,Pour le pr\u00e9fet et par d\u00e9l\u00e9gation,La directrice des s\u00e9curit\u00e9s,Sign\u00e9H\u00e9l\u00e8ne MANCIAUX\nD\u00c9LAIS ET VOIES DE RECOURSLe pr\u00e9sent arr\u00eat\u00e9 peut \u00eatre contest\u00e9 selon les voies de recours et dans les d\u00e9lais mentionn\u00e9s ci-dessous.Dans les deux mois \u00e0 compter de la notification du pr\u00e9sent arr\u00eat\u00e9, les recours suivants peuvent \u00eatre introduits :- Un recours gracieux adress\u00e9 \u00e0 : Pr\u00e9fecture de la C\u00f4te-d'Or - Direction des S\u00e9curit\u00e9s - Bureau de la d\u00e9fense et de la s\u00e9curit\u00e9 \u2014 Polices administratives- 53 rue de la Pr\u00e9fecture - 21041 Dijon Cedex- un recours hi\u00e9rarchique adress\u00e9 \u00e0 M. le Ministre de l'Int\u00e9rieur - Secr\u00e9tariat G\u00e9n\u00e9ral - Place Beauvau -75800 Paris Cedex 08- Un recours contentieux adress\u00e9 au Tribunal Administratif de Dijon - 22 rue d'Assas - BP 61616 - 21016 Dijon CedexLe tribunal administratif peut \u00eatre saisi par un recours d\u00e9pos\u00e9 via l'application T\u00e9l\u00e9recours citoyens accessible par le site internetwww.t\u00e9l\u00e9recours.fr. Ce recours juridictionnel doit \u00eatre d\u00e9pos\u00e9 au plus tard avant l'expiration du 2\u00b0 mois suivant la date de notification de lad\u00e9cision contest\u00e9e (ou bien du 2\u00b0 mois suivant la date du rejet du recours gracieux ou hi\u00e9rarchique).\nPr\u00e9fecture de la C\u00f4te-d'Or - 21-2026-04-20-00001 - Arr\u00eat\u00e9 pr\u00e9fectoral modificatif autorisant l'enregistrement audiovisuel des\ninterventions des agents de la police municipale de Chen\u00f4ve 73\nPr\u00e9fecture de la C\u00f4te-d'Or\nDirection des s\u00e9curit\u00e9s\n21-2026-04-21-00001\nArr\u00eat\u00e9 pr\u00e9fectoral N\u00b0 737\nautorisant la captation, l'enregistrement et la\ntransmission d'images\nau moyen de cam\u00e9ras install\u00e9es sur des a\u00e9ronefs\nPr\u00e9fecture de la C\u00f4te-d'Or - 21-2026-04-21-00001 - Arr\u00eat\u00e9 pr\u00e9fectoral N\u00b0 737\nautorisant la captation, l'enregistrement et la transmission d'images\nau moyen de cam\u00e9ras install\u00e9es sur des a\u00e9ronefs\n74\nExPREFETDE LACOTE-D'ORLibert\u00e9Egalit\u00e9Fraternit\u00e9\nDirection des s\u00e9curit\u00e9s\nArr\u00eat\u00e9 pr\u00e9fectoral N\u00b0 737\nautorisant la captation, l'enregistrement et la transmission d'images\nau moyen de cam\u00e9ras install\u00e9es sur des a\u00e9ronefs\nLe pr\u00e9fet de la C\u00f4te-d'Or\nVU le code de la s\u00e9curit\u00e9 int\u00e9rieure et notamment ses articles L. 242-1 \u00e0 L. 242-8 et R. 242-8 \u00e0 R. 242-\n14 ;\nVU le d\u00e9cret n\u00b0 2004-374 du 29 avril 2004 relatif aux pouvoirs des pr\u00e9fets, \u00e0 l'organisation et \u00e0  \nl'action des services de l'\u00c9tat dans les r\u00e9gions et d\u00e9partements ;\nVU le d\u00e9cret du Pr\u00e9sident de la R\u00e9publique du 10 octobre 2024 nommant monsieur Paul MOURIER,  \npr\u00e9fet de la r\u00e9gion Bourgogne-Franche-Comt\u00e9, pr\u00e9fet de la C\u00f4te-d'Or ;\nVU l'arr\u00eat\u00e9 du ministre de l'Int\u00e9rieur et des outre-mer, en date du 19 avril 2023 relatif au nombre  \nmaximal de cam\u00e9ras install\u00e9es sur des a\u00e9ronefs pouvant \u00eatre simultan\u00e9ment utilis\u00e9es dans chaque  \nd\u00e9partement et collectivit\u00e9 d'outre-mer ;\nVU l'arr\u00eat\u00e9 pr\u00e9fectoral n\u00b0 1010/SG du 02 juillet 2025 donnant d\u00e9l\u00e9gation de signature \u00e0 Madame  \nAur\u00e9lie  CONTRECIVILE,  sous-pr\u00e9f\u00e8te,  directrice  de  cabinet  du  pr\u00e9fet  de  la  r\u00e9gion  Bourgogne-\nFranche-Comt\u00e9, pr\u00e9fet de la C\u00f4te-d'Or ;\nVU la demande re\u00e7ue le 20 avril 2026, formul\u00e9e par la direction interd\u00e9partementale de la police  \nnationale de C\u00f4te-d'Or, visant \u00e0 obtenir l'autorisation de capter, d'enregistrer et de transmettre des \nimages au moyen de quatre cam\u00e9ras install\u00e9es sur quatre drones dans le cadre d'op\u00e9rations de lutte \ncontre les rod\u00e9os urbains pr\u00e9vues entre le 21 avril 2026 et le 21 mai 2026 inclus sur la commune de  \nDijon ;\nCONSID\u00c9RANT que les dispositions susvis\u00e9es et notamment les 1\u00b0 et 4\u00b0 de l'article L. 242-5 du code \nde la s\u00e9curit\u00e9 int\u00e9rieure permettent aux forces de s\u00e9curit\u00e9 int\u00e9rieure, dans le cadre d'op\u00e9rations de \npr\u00e9vention des atteintes \u00e0 la s\u00e9curit\u00e9 des personnes et des biens dans des lieux particuli\u00e8rement  \nexpos\u00e9s, en raison de leurs caract\u00e9ristiques ou des faits qui s'y sont d\u00e9j\u00e0 d\u00e9roul\u00e9s, \u00e0 des risques  \nd'agressions, de vols ou de trafics d'armes, d'\u00eatres humains ou de stup\u00e9fiants, et de la r\u00e9gulation des \nflux de transport de proc\u00e9der \u00e0 la captation, \u00e0 l'enregistrement et \u00e0 la transmission d'images au  \nmoyen de cam\u00e9ras install\u00e9es sur des a\u00e9ronefs ;\nCONSID\u00c9RANT que les services de police ont constat\u00e9 r\u00e9cemment sur la commune de Dijon que  \ndes individus s'adonnaient \u00e0 des rod\u00e9os urbains \u00e0 l'aide de deux roues non homologu\u00e9s et sans  \ncasques ; que ces faits ont \u00e9t\u00e9 constat\u00e9s tous les jours de la semaine, en particulier sur la tranche  \nhoraire 12h00 et 21h00 ; qu'\u00e0 ces occasions diverses infractions sont commises ;\nPr\u00e9fecture de la C\u00f4te-d'Or - 21-2026-04-21-00001 - Arr\u00eat\u00e9 pr\u00e9fectoral N\u00b0 737\nautorisant la captation, l'enregistrement et la transmission d'images\nau moyen de cam\u00e9ras install\u00e9es sur des a\u00e9ronefs\n75\nCONSID\u00c9RANT  que le 1 er mars 2025 \u00e0 18h15 au niveau de l'avenue Champollion \u00e0 Dijon, deux  \nindividus mont\u00e9s sur des motocross s'adonnaient \u00e0 un rod\u00e9o urbain, qu'un de ses individus \u00e0 porter \nun coup de pied dans le r\u00e9troviseur d'un v\u00e9hicule, occasionnant la d\u00e9gradation du v\u00e9hicule, avant  \nde prendre la fuite ;\nCONSID\u00c9RANT que le 21 avril 2025 \u00e0 16h00 au niveau du stade des Epirey Gr\u00e9silles, les forces de  \npolice ont proc\u00e9d\u00e9 \u00e0 l'interpellation d'une personne effectuant du rod\u00e9o urbain sur une moto  \ncross ;\nCONSID\u00c9RANT  que le 26 juillet 2025 sur le boulevard Pascal \u00e0 Dijon, une patrouille de police  \nsecours est intervenue pour un individu non casqu\u00e9 circulant sur une moto cross et que celui-ci a  \npris la fuite \u00e0 pied \u00e0 la vue des policiers ;\nCONSID\u00c9RANT  que  le  24  ao\u00fbt  2025  plusieurs  motos  circulant  dans  la  rue  Castelnau  ont  \u00e9t\u00e9 \naper\u00e7ues effectuant des rod\u00e9os urbains ;\nCONSID\u00c9RANT que le 25 f\u00e9vrier 2026 \u00e0 19h00 sur l'avenue Champollion, une patrouille de police a  \nproc\u00e9d\u00e9 \u00e0 l'interpellation de deux personnes en moto cross effectuant du rod\u00e9o urbain ;\nCONSID\u00c9RANT que le 05 avril 2026 \u00e0 14h55 sur la rue du Faubourg St Nicolas, lors d'une op\u00e9ration  \nde lutte contre les rod\u00e9os urbains un engin a \u00e9t\u00e9 saisi ;\nCONSID\u00c9RANT, d'une part, que les \u00ab rod\u00e9os urbains \u00bb, qui se caract\u00e9risent par des comportements \nill\u00e9gaux sur la voie publique r\u00e9alis\u00e9s par les conducteurs de deux roues, au m\u00e9pris des r\u00e8gles de  \nprudence et du code de la route, compromettant la s\u00e9curit\u00e9 des usagers et des riverains, rendent  \nn\u00e9cessaire une r\u00e9gulation des flux de transports en vue de pr\u00e9venir des accidents graves dont ils  \ncr\u00e9ent directement les conditions  ; que, d'autre part, compte tenu des risques extr\u00eames qu'ils  \nengendrent pour la s\u00e9curit\u00e9 des personnes, des nuisances sonores consid\u00e9rables qu'ils causent pour \nle voisinage et du ph\u00e9nom\u00e8ne de privatisation agressive de l'espace public qu'ils impliquent, ils  \ng\u00e9n\u00e8rent des tensions tr\u00e8s importantes entre riverains et exposent les lieux o\u00f9 ils se d\u00e9roulent \u00e0 des \nrisques d'agression au sens des dispositions pr\u00e9cit\u00e9es du 1\u00b0 de l'article L. 242-5 du code de la  \ns\u00e9curit\u00e9 int\u00e9rieure ;\nCONSID\u00c9RANT que compte tenu du risque s\u00e9rieux de troubles \u00e0 l'ordre public r\u00e9sultant du \u00ab rod\u00e9o \nurbain \u00bb projet\u00e9, le recours \u00e0 des dispositifs de captation install\u00e9s sur des a\u00e9ronefs pr\u00e9sente l'int\u00e9r\u00eat \nde  permettre  aux  forces  de  s\u00e9curit\u00e9  de  b\u00e9n\u00e9ficier  d'une  vision  en  grand  angle  pour  pouvoir  \nidentifier et pr\u00e9venir rapidement le risque d'incident tout en limitant l'engagement des forces au  \nsol,  permettant  de  prot\u00e9ger  leur  int\u00e9grit\u00e9  physique  du  risque  d'altercation  ou  de  refus  \nd'obtemp\u00e9rer ; qu'il n'existe pas de dispositif moins intrusif permettant de parvenir aux m\u00eames  \nfins ;\nCONSID\u00c9RANT que la demande porte sur l'engagement de quatre cam\u00e9ras a\u00e9roport\u00e9es pendant la \ndur\u00e9e des op\u00e9rations de lutte contre les \u00ab rod\u00e9os urbains \u00bb ; que les lieux surveill\u00e9s sont strictement \nlimit\u00e9s au secteur d\u00e9finit par les forces de s\u00e9curit\u00e9 int\u00e9rieure pour ces op\u00e9rations au regard des  \npr\u00e9c\u00e9dents  \u00ab rod\u00e9os \u00bb  d\u00e9j\u00e0  constat\u00e9s,  o\u00f9  sont  susceptibles  de  se  commettre  les  atteintes  que \nl'usage des cam\u00e9ras a\u00e9roport\u00e9es vise \u00e0 pr\u00e9venir ; qu'au regard des circonstances sus mentionn\u00e9es, la \ndemande n'appara\u00eet pas disproportionn\u00e9e ;\nCONSID\u00c9RANT que  l'usage  des  drones  susmentionn\u00e9  ne  pourra  intervenir  qu'\u00e0  la  suite  d'un  \nsignalement de rod\u00e9os urbains port\u00e9 \u00e0 la connaissance des services de police ;\nCONSID\u00c9RANT qu'en vertu de l'article R. 242-13 du code de la s\u00e9curit\u00e9 int\u00e9rieure, il y a lieu de  \nd\u00e9roger au principe d'information du public d\u00e8s lors que cette information entre en contradiction  \navec les finalit\u00e9s pour lesquelles le dispositif est autoris\u00e9 ;\nSUR proposition de madame la directrice de cabinet du pr\u00e9fet de la r\u00e9gion Bourgogne-Franche-\nComt\u00e9, pr\u00e9fet de la C\u00f4te-d'Or,\nPr\u00e9fecture de la C\u00f4te-d'Or - 21-2026-04-21-00001 - Arr\u00eat\u00e9 pr\u00e9fectoral N\u00b0 737\nautorisant la captation, l'enregistrement et la transmission d'images\nau moyen de cam\u00e9ras install\u00e9es sur des a\u00e9ronefs\n76\nARR\u00caTE\nArticle  1er  :  La  captation,  l'enregistrement  et  la  transmission  d'images  par  la  direction  \ninterd\u00e9partementale de la police nationale de la C\u00f4te-d'Or, est autoris\u00e9e au titre de la pr\u00e9vention  \ndes atteintes \u00e0 la s\u00e9curit\u00e9 des personnes et des biens et de r\u00e9gulation des flux de transport dans le  \ncadre des op\u00e9rations de lutte contre les rod\u00e9os urbains pr\u00e9vues entre le 21 avril 2026 et le 21 mai  \n2026 inclus, de 12h \u00e0 21h, sur la commune de Dijon ;\nArticle  2 :  Le  nombre  maximal  de  cam\u00e9ras  pouvant  proc\u00e9der  simultan\u00e9ment  aux  traitements  \nmentionn\u00e9s \u00e0 l'article 1er est fix\u00e9 \u00e0 quatre, install\u00e9es sur quatre drones :\n- Matrice 4T num\u00e9ro de s\u00e9rie 1581F7K3C256J00D46HE ;\n- Matrice 4T num\u00e9ro de s\u00e9rie 1581F7K3C256N00DKN2S ;\n- Mini 4 Pro 1 num\u00e9ro de s\u00e9rie 1581F6Z9C258U003J6S8 ;\n- Mini 4 Pro 2 num\u00e9ro de s\u00e9rie 1581F6Z9C258P003J5M3.\nArticle 3 : La pr\u00e9sente autorisation est accord\u00e9e pour le secteur list\u00e9 ci-dessous et dans les limites  \ndu p\u00e9rim\u00e8tre g\u00e9ographique figurant en annexe du pr\u00e9sent arr\u00eat\u00e9 :\nPour le quartier Fontaine d'ouche :\n- rue des Mars d'Or ;\n- Rue Bel Air ;\n- Rue Lucien July ;\n- Quai des Carri\u00e8res blanches ;\n- All\u00e9e de St Nazaire ;\n- All\u00e9e d'Ajaccio ;\n- All\u00e9e de Than ;\n- Avenue du Lac ;\n- Rue Combe \u00e0 la serpent ;\n- Rue Tire Pesseau ;\n- Boulevard Bachelard ;\nPour le quartier des Gr\u00e9silles :\n- Avenue Raymond Poincar\u00e9 ;\n- Rond Point du 8 mai ;\n- Rue Castelnau ;\n- Rue Kessel ;\n- Rue Marius Chanteur ;\n- Rue Cracovie ;\n- Rond-point Auguste Gascon ;\n- Avenue de Dallas ;\n- Avenue Champollion ;\n- Rue d'York ;\n- Rue Becquerel.\nArticle 4 : Le registre mentionn\u00e9 \u00e0 l'article L. 242-4 du code de la s\u00e9curit\u00e9 int\u00e9rieure est transmis au  \nrepr\u00e9sentant de l'\u00c9tat dans le d\u00e9partement \u00e0 l'issue de la p\u00e9riode d'utilisation.\nArticle 5  : Le pr\u00e9sent arr\u00eat\u00e9 est publi\u00e9 au recueil des actes administratifs de la pr\u00e9fecture et peut  \nfaire l'objet d'un recours contentieux devant le tribunal administratif de Dijon dans un d\u00e9lai de  \ndeux mois \u00e0 compter de sa publication.\nArticle 6  : Le pr\u00e9sent arr\u00eat\u00e9 entre en vigueur \u00e0 compter de sa publication au recueil des actes  \nadministratifs.\nPr\u00e9fecture de la C\u00f4te-d'Or - 21-2026-04-21-00001 - Arr\u00eat\u00e9 pr\u00e9fectoral N\u00b0 737\nautorisant la captation, l'enregistrement et la transmission d'images\nau moyen de cam\u00e9ras install\u00e9es sur des a\u00e9ronefs\n77\nArticle 7  : La directrice de cabinet du pr\u00e9fet de la r\u00e9gion Bourgogne-Franche-Comt\u00e9, pr\u00e9fet de la  \nC\u00f4te-d'Or, le secr\u00e9taire g\u00e9n\u00e9ral de la pr\u00e9fecture de la C\u00f4te-d'Or et le directeur interd\u00e9partemental  \nde la police nationale de la C\u00f4te-d'Or sont charg\u00e9s, chacun en ce qui le concerne, de l'ex\u00e9cution du \npr\u00e9sent arr\u00eat\u00e9 qui sera adress\u00e9 pour copie au maire de la commune de Dijon et \u00e0 monsieur le  \nprocureur de la R\u00e9publique pr\u00e8s le tribunal judiciaire de Dijon.\nFait \u00e0 Dijon, 21 avril 2026\nLe pr\u00e9fet,\nPour le pr\u00e9fet et par d\u00e9l\u00e9gation,\nLa sous-pr\u00e9f\u00e8te, directrice de cabinet,\noriginal sign\u00e9\nAur\u00e9lie CONTRECIVILE\nPr\u00e9fecture de la C\u00f4te-d'Or - 21-2026-04-21-00001 - Arr\u00eat\u00e9 pr\u00e9fectoral N\u00b0 737\nautorisant la captation, l'enregistrement et la transmission d'images\nau moyen de cam\u00e9ras install\u00e9es sur des a\u00e9ronefs\n78\nAnnexes\nQuartier Fontaine d'ouche \u00e0 Dijon.\nPr\u00e9fecture de la C\u00f4te-d'Or - 21-2026-04-21-00001 - Arr\u00eat\u00e9 pr\u00e9fectoral N\u00b0 737\nautorisant la captation, l'enregistrement et la transmission d'images\nau moyen de cam\u00e9ras install\u00e9es sur des a\u00e9ronefs\n79\nwihRueD ACL Liom eG GEE f ao TTT,g3\nQuartier des Gr\u00e9silles \u00e0 Dijon.\nPr\u00e9fecture de la C\u00f4te-d'Or - 21-2026-04-21-00001 - Arr\u00eat\u00e9 pr\u00e9fectoral N\u00b0 737\nautorisant la captation, l'enregistrement et la transmission d'images\nau moyen de cam\u00e9ras install\u00e9es sur des a\u00e9ronefs\n80\nPr\u00e9fecture de la C\u00f4te-d'Or\nDirection des s\u00e9curit\u00e9s\n21-2026-04-21-00009\nArr\u00eat\u00e9 pr\u00e9fectoral N\u00b0 748 \nautorisant la captation, l'enregistrement et la\ntransmission d'images\nau moyen de cam\u00e9ras install\u00e9es sur des a\u00e9ronefs\nPr\u00e9fecture de la C\u00f4te-d'Or - 21-2026-04-21-00009 - Arr\u00eat\u00e9 pr\u00e9fectoral N\u00b0 748 \nautorisant la captation, l'enregistrement et la transmission d'images\nau moyen de cam\u00e9ras install\u00e9es sur des a\u00e9ronefs\n81\nExPREFETDE LACOTE-D'ORLibert\u00e9Egalit\u00e9Fraternit\u00e9\nDirection des s\u00e9curit\u00e9s\nArr\u00eat\u00e9 pr\u00e9fectoral N\u00b0 748 \nautorisant la captation, l'enregistrement et la transmission d'images\nau moyen de cam\u00e9ras install\u00e9es sur des a\u00e9ronefs\nLe pr\u00e9fet de la C\u00f4te-d'Or\nVU le code de la s\u00e9curit\u00e9 int\u00e9rieure et notamment ses articles L. 242-1 \u00e0 L. 242-8 et R. 242-8 \u00e0 R. 242-\n14 ;\nVU le d\u00e9cret n\u00b0 2004-374 du 29 avril 2004 relatif aux pouvoirs des pr\u00e9fets, \u00e0 l'organisation et \u00e0  \nl'action des services de l'\u00c9tat dans les r\u00e9gions et d\u00e9partements ;\nVU le d\u00e9cret du Pr\u00e9sident de la R\u00e9publique du 10 octobre 2024 nommant monsieur Paul MOURIER,  \npr\u00e9fet de la r\u00e9gion Bourgogne-Franche-Comt\u00e9, pr\u00e9fet de la C\u00f4te-d'Or ;\nVU l'arr\u00eat\u00e9 du ministre de l'Int\u00e9rieur et des outre-mer, en date du 19 avril 2023 relatif au nombre  \nmaximal de cam\u00e9ras install\u00e9es sur des a\u00e9ronefs pouvant \u00eatre simultan\u00e9ment utilis\u00e9es dans chaque  \nd\u00e9partement et collectivit\u00e9 d'outre-mer ;\nVU l'arr\u00eat\u00e9 pr\u00e9fectoral n\u00b0 1010/SG du 02 juillet 2025 donnant d\u00e9l\u00e9gation de signature \u00e0 Madame  \nAur\u00e9lie  CONTRECIVILE,  sous-pr\u00e9f\u00e8te,  directrice  de  cabinet  du  pr\u00e9fet  de  la  r\u00e9gion  Bourgogne-\nFranche-Comt\u00e9, pr\u00e9fet de la C\u00f4te-d'Or ;\nVU la demande re\u00e7ue le 20 avril 2026, formul\u00e9e par la direction interd\u00e9partementale de la police  \nnationale de C\u00f4te-d'Or, visant \u00e0 obtenir l'autorisation de capter, d'enregistrer et de transmettre des \nimages au moyen de quatre cam\u00e9ras install\u00e9es sur quatre drones dans le cadre d'op\u00e9rations de lutte \ncontre les rod\u00e9os urbains pr\u00e9vues entre le 21 avril 2026 et le 21 mai 2026 inclus sur la commune de  \nChen\u00f4ve ;\nCONSID\u00c9RANT que les dispositions susvis\u00e9es et notamment les 1\u00b0 et 4\u00b0 de l'article L. 242-5 du code \nde la s\u00e9curit\u00e9 int\u00e9rieure permettent aux forces de s\u00e9curit\u00e9 int\u00e9rieure, dans le cadre d'op\u00e9rations de \npr\u00e9vention des atteintes \u00e0 la s\u00e9curit\u00e9 des personnes et des biens dans des lieux particuli\u00e8rement  \nexpos\u00e9s, en raison de leurs caract\u00e9ristiques ou des faits qui s'y sont d\u00e9j\u00e0 d\u00e9roul\u00e9s, \u00e0 des risques  \nd'agressions, de vols ou de trafics d'armes, d'\u00eatres humains ou de stup\u00e9fiants, et de la r\u00e9gulation des \nflux de transport de proc\u00e9der \u00e0 la captation, \u00e0 l'enregistrement et \u00e0 la transmission d'images au  \nmoyen de cam\u00e9ras install\u00e9es sur des a\u00e9ronefs ;\nCONSID\u00c9RANT que les services de police ont constat\u00e9 r\u00e9cemment sur la commune de Chen\u00f4ve  \nque des individus s'adonnaient \u00e0 des rod\u00e9os urbains \u00e0 l'aide de deux roues non homologu\u00e9s et sans  \ncasques ; que ces faits ont \u00e9t\u00e9 constat\u00e9s tous les jours de la semaine, en particulier sur la tranche  \nhoraire 12h00 et 21h00 ; qu'\u00e0 ces occasions diverses infractions sont commises ;\nPr\u00e9fecture de la C\u00f4te-d'Or - 21-2026-04-21-00009 - Arr\u00eat\u00e9 pr\u00e9fectoral N\u00b0 748 \nautorisant la captation, l'enregistrement et la transmission d'images\nau moyen de cam\u00e9ras install\u00e9es sur des a\u00e9ronefs\n82\nCONSID\u00c9RANT  que le 1 5 mai 2025 au niveau de la rue \u00c9douard Herriot \u00e0 Chen\u00f4ve, \u00e0 l'occasion  \nd'une intervention, un \u00e9quipage de police remarque un individu mont\u00e9 sur une moto cross, non  \ncasqu\u00e9 s'adonnant \u00e0 du rod\u00e9o urbain, que l'individu a pris la fuite \u00e0 pied \u00e0 la vue des policiers ;\nCONSID\u00c9RANT  que le 18 ao\u00fbt 2025 sur la rue George Sand \u00e0 Chen\u00f4ve, une patrouille de police  \nconstate la pr\u00e9sence d'un v\u00e9hicule buggy acc\u00e9l\u00e9rant \u00e0 leur vue, empruntant les espaces verts,  \ncirculant sur le trottoir alors que des riverains se trouvaient \u00e0 proximit\u00e9 ;\nCONSID\u00c9RANT  que le 31 d\u00e9cembre 2025 sur le boulevard de Lattre de Tassigny \u00e0 Chen\u00f4ve, une  \npatrouille de police a proc\u00e9d\u00e9 \u00e0 l'interpellation d'une personne sur une moto effectuant du rod\u00e9o  \nurbain ;\nCONSID\u00c9RANT  que les 07 et 08 mars 2026, plusieurs rod\u00e9os urbains ont \u00e9t\u00e9 constat\u00e9s rue des  \nCl\u00e9matites \u00e0 Chen\u00f4ve ;\nCONSID\u00c9RANT  que le 15 mars 2026, lors d'une op\u00e9ration de lutte contre les rod\u00e9os urbains \u00e0  \nChen\u00f4ve un engin a \u00e9t\u00e9 saisi ;\nCONSID\u00c9RANT, d'une part, que les \u00ab rod\u00e9os urbains \u00bb, qui se caract\u00e9risent par des comportements \nill\u00e9gaux sur la voie publique r\u00e9alis\u00e9s par les conducteurs de deux roues, au m\u00e9pris des r\u00e8gles de  \nprudence et du code de la route, compromettant la s\u00e9curit\u00e9 des usagers et des riverains, rendent  \nn\u00e9cessaire une r\u00e9gulation des flux de transports en vue de pr\u00e9venir des accidents graves dont ils  \ncr\u00e9ent directement les conditions  ; que, d'autre part, compte tenu des risques extr\u00eames qu'ils  \nengendrent pour la s\u00e9curit\u00e9 des personnes, des nuisances sonores consid\u00e9rables qu'ils causent pour \nle voisinage et du ph\u00e9nom\u00e8ne de privatisation agressive de l'espace public qu'ils impliquent, ils  \ng\u00e9n\u00e8rent des tensions tr\u00e8s importantes entre riverains et exposent les lieux o\u00f9 ils se d\u00e9roulent \u00e0 des \nrisques d'agression au sens des dispositions pr\u00e9cit\u00e9es du 1\u00b0 de l'article L. 242-5 du code de la  \ns\u00e9curit\u00e9 int\u00e9rieure ;\nCONSID\u00c9RANT que compte tenu du risque s\u00e9rieux de troubles \u00e0 l'ordre public r\u00e9sultant du \u00ab rod\u00e9o \nurbain \u00bb projet\u00e9, le recours \u00e0 des dispositifs de captation install\u00e9s sur des a\u00e9ronefs pr\u00e9sente l'int\u00e9r\u00eat \nde  permettre  aux  forces  de  s\u00e9curit\u00e9  de  b\u00e9n\u00e9ficier  d'une  vision  en  grand  angle  pour  pouvoir  \nidentifier et pr\u00e9venir rapidement le risque d'incident tout en limitant l'engagement des forces au  \nsol,  permettant  de  prot\u00e9ger  leur  int\u00e9grit\u00e9  physique  du  risque  d'altercation  ou  de  refus  \nd'obtemp\u00e9rer ; qu'il n'existe pas de dispositif moins intrusif permettant de parvenir aux m\u00eames  \nfins ;\nCONSID\u00c9RANT que la demande porte sur l'engagement de quatre cam\u00e9ras a\u00e9roport\u00e9es pendant la \ndur\u00e9e des op\u00e9rations de lutte contre les \u00ab rod\u00e9os urbains \u00bb ; que les lieux surveill\u00e9s sont strictement \nlimit\u00e9s au secteur d\u00e9finit par les forces de s\u00e9curit\u00e9 int\u00e9rieure pour ces op\u00e9rations au regard des  \npr\u00e9c\u00e9dents  \u00ab rod\u00e9os \u00bb  d\u00e9j\u00e0  constat\u00e9s,  o\u00f9  sont  susceptibles  de  se  commettre  les  atteintes  que \nl'usage des cam\u00e9ras a\u00e9roport\u00e9es vise \u00e0 pr\u00e9venir ; qu'au regard des circonstances sus mentionn\u00e9es, la \ndemande n'appara\u00eet pas disproportionn\u00e9e ;\nCONSID\u00c9RANT que  l'usage  des  drones  susmentionn\u00e9  ne  pourra  intervenir  qu'\u00e0  la  suite  d'un  \nsignalement de rod\u00e9os urbains port\u00e9 \u00e0 la connaissance des services de police ;\nCONSID\u00c9RANT qu'en vertu de l'article R. 242-13 du code de la s\u00e9curit\u00e9 int\u00e9rieure, il y a lieu de  \nd\u00e9roger au principe d'information du public d\u00e8s lors que cette information entre en contradiction  \navec les finalit\u00e9s pour lesquelles le dispositif est autoris\u00e9 ;\nSUR proposition de madame la directrice de cabinet du pr\u00e9fet de la r\u00e9gion Bourgogne-Franche-\nComt\u00e9, pr\u00e9fet de la C\u00f4te-d'Or,\nPr\u00e9fecture de la C\u00f4te-d'Or - 21-2026-04-21-00009 - Arr\u00eat\u00e9 pr\u00e9fectoral N\u00b0 748 \nautorisant la captation, l'enregistrement et la transmission d'images\nau moyen de cam\u00e9ras install\u00e9es sur des a\u00e9ronefs\n83\nARR\u00caTE\nArticle  1er  :  La  captation,  l'enregistrement  et  la  transmission  d'images  par  la  direction  \ninterd\u00e9partementale de la police nationale de la C\u00f4te-d'Or, est autoris\u00e9e au titre de la pr\u00e9vention  \ndes atteintes \u00e0 la s\u00e9curit\u00e9 des personnes et des biens et de r\u00e9gulation des flux de transport dans le  \ncadre des op\u00e9rations de lutte contre les rod\u00e9os urbains pr\u00e9vues entre le 21 avril 2026 et le 21 mai  \n2026 inclus, de 12h \u00e0 21h, sur la commune de Chen\u00f4ve ;\nArticle  2 :  Le  nombre  maximal  de  cam\u00e9ras  pouvant  proc\u00e9der  simultan\u00e9ment  aux  traitements  \nmentionn\u00e9s \u00e0 l'article 1er est fix\u00e9 \u00e0 quatre, install\u00e9es sur quatre drones :\n- Matrice 4T num\u00e9ro de s\u00e9rie 1581F7K3C256J00D46HE ;\n- Matrice 4T num\u00e9ro de s\u00e9rie 1581F7K3C256N00DKN2S ;\n- Mini 4 Pro 1 num\u00e9ro de s\u00e9rie 1581F6Z9C258U003J6S8 ;\n- Mini 4 Pro 2 num\u00e9ro de s\u00e9rie 1581F6Z9C258P003J5M3.\nArticle 3 : La pr\u00e9sente autorisation est accord\u00e9e pour le secteur list\u00e9 ci-dessous et dans les limites  \ndu p\u00e9rim\u00e8tre g\u00e9ographique figurant en annexe du pr\u00e9sent arr\u00eat\u00e9 :\n- Avenue Roland Carraz ;\n- Boulevard des Valendons ;\n- Combe Trouhaude ;\n- Plateau de Chen\u00f4ve ;\n- Combe Morizot ;\n- Rue Jean Cornu ;\n- Clos du Roy ;\n- Rond point du Clos du Roy ;\n- Rue des Grands crus ;\n- Rue Claude Monnot.\nArticle 4 : Le registre mentionn\u00e9 \u00e0 l'article L. 242-4 du code de la s\u00e9curit\u00e9 int\u00e9rieure est transmis au  \nrepr\u00e9sentant de l'\u00c9tat dans le d\u00e9partement \u00e0 l'issue de la p\u00e9riode d'utilisation.\nArticle 5  : Le pr\u00e9sent arr\u00eat\u00e9 est publi\u00e9 au recueil des actes administratifs de la pr\u00e9fecture et peut  \nfaire l'objet d'un recours contentieux devant le tribunal administratif de Dijon dans un d\u00e9lai de  \ndeux mois \u00e0 compter de sa publication.\nArticle 6  :  Le pr\u00e9sent arr\u00eat\u00e9 entre en vigueur \u00e0 compter de sa publication au recueil des actes  \nadministratifs.\nArticle 7  : La directrice de cabinet du pr\u00e9fet de la r\u00e9gion Bourgogne-Franche-Comt\u00e9, pr\u00e9fet de la  \nC\u00f4te-d'Or, le secr\u00e9taire g\u00e9n\u00e9ral de la pr\u00e9fecture de la C\u00f4te-d'Or et le directeur interd\u00e9partemental  \nde la police nationale de la C\u00f4te-d'Or sont charg\u00e9s, chacun en ce qui le concerne, de l'ex\u00e9cution du \npr\u00e9sent arr\u00eat\u00e9 qui sera adress\u00e9 pour copie au maire de la commune de Chen\u00f4ve et \u00e0 monsieur le  \nprocureur de la R\u00e9publique pr\u00e8s le tribunal judiciaire de Dijon.\nFait \u00e0 Dijon, 21 avril 2026\nLe pr\u00e9fet,\nPour le pr\u00e9fet et par d\u00e9l\u00e9gation,\nLa sous-pr\u00e9f\u00e8te, directrice de cabinet,\noriginal sign\u00e9\nAur\u00e9lie CONTRECIVILE\nPr\u00e9fecture de la C\u00f4te-d'Or - 21-2026-04-21-00009 - Arr\u00eat\u00e9 pr\u00e9fectoral N\u00b0 748 \nautorisant la captation, l'enregistrement et la transmission d'images\nau moyen de cam\u00e9ras install\u00e9es sur des a\u00e9ronefs\n84\nCHRa\u00a9=Le8FPWw,\nAnnexe\nPr\u00e9fecture de la C\u00f4te-d'Or - 21-2026-04-21-00009 - Arr\u00eat\u00e9 pr\u00e9fectoral N\u00b0 748 \nautorisant la captation, l'enregistrement et la transmission d'images\nau moyen de cam\u00e9ras install\u00e9es sur des a\u00e9ronefs\n85\nPr\u00e9fecture de la C\u00f4te-d'Or\nDirection des s\u00e9curit\u00e9s\n21-2026-04-20-00003\nAvis de mention - conventions de coordination\nPr\u00e9fecture de la C\u00f4te-d'Or - 21-2026-04-20-00003 - Avis de mention - conventions de coordination 86\nPr\u00e9fecture de la C\u00f4te-d'Or - 21-2026-04-20-00003 - Avis de mention - conventions de coordination 87\nSous-pr\u00e9fecture de Beaune\n21-2026-04-20-00005\nArr\u00eat\u00e9 N\u00b0 730 portant habilitation dans le\ndomaine fun\u00e9raire  de la soci\u00e9t\u00e9 \u00abPOMPES\nFUNEBRES DE FRANCE\u00a0\u00bb \u00e0 Beaune\nSous-pr\u00e9fecture de Beaune - 21-2026-04-20-00005 - Arr\u00eat\u00e9 N\u00b0 730 portant habilitation dans le domaine fun\u00e9raire  de la soci\u00e9t\u00e9\n\u00abPOMPES FUNEBRES DE FRANCE\u00a0\u00bb \u00e0 Beaune 88\nExPREFETDE LACOTE-D'ORLibert\u00e9Egalit\u00e9Fraternit\u00e9\nSOUS-PREFECTURE DE BEAUNE\nP\u00f4le s\u00e9curit\u00e9 et r\u00e9glementation\nAffaire suivie par C\u00e9cile RAVRY\nT\u00e9l :03 45 43 80 11\nm\u00e9l : cecile.ravry@cote-dor.gouv.fr\nArr\u00eat\u00e9 N\u00b0 730 portant habilitation dans le domaine fun\u00e9raire \n de la soci\u00e9t\u00e9 \u00abPOMPES FUNEBRES DE FRANCE \u00bb\n\u00e0 Beaune\nVU  le  Code  G\u00e9n\u00e9ral  des  Collectivit\u00e9s  Territoriales  et  notamment  les  dispositions  des  articles  \nL 2223-19 \u00e0 L 2223-30, R 2223-40 \u00e0 R 2223-65 et D 2223-34 \u00e0 D 2223-39 relatifs \u00e0 l'habilitation\nfun\u00e9raire ;\nVU le d\u00e9cret n\u00b02020-917 du 28 juillet 2020 relatif \u00e0 la dur\u00e9e de l'habilitation dans le secteur fun\u00e9raire\net \u00e0 la housse mortuaire ;\nVU l'arr\u00eat\u00e9 pr\u00e9fectoral n\u00b0 815/SG du 13 juin 2025 donnant d\u00e9l\u00e9gation de signature \u00e0 Monsieur Beno\u00eet\nBYRSKI, sous-pr\u00e9fet de Beaune ;\nVU la demande d'habilitation  dans le domaine fun\u00e9raire de la SAS \u00ab  POMPES FUNEBRES  DE\nFRANCE \u00bb sise 164, route de Dijon 21200 Beaune formul\u00e9e par M. Fr\u00e9d\u00e9ric FERY le 19 f\u00e9vrier 2026 ;\nCONSID\u00c9RANT  que cet \u00e9tablissement remplit les conditions pour obtenir son habilitation dans le\ndomaine fun\u00e9raire ;\nARRETE\nArticle 1er     : la SAS \u00ab  POMPES FUNEBRES DE FRANCE\u00bb sise 128, route de Dijon \u00e0 Beaune,\npr\u00e9sid\u00e9e par M. Fr\u00e9d\u00e9ric FERY est habilit\u00e9e pour exercer les activit\u00e9s suivantes :\n\u2794 organisation des obs\u00e8ques,\n\u2794 transport de corps avant et apr\u00e8s mise en bi\u00e8re (en sous-traitance),\n\u2794 fourniture de corbillards et de voitures de deuil (en sous-traitance)\n\u2794 fourniture de personnel, des objets et prestations n\u00e9cessaires aux obs\u00e8ques, inhumations,\nexhumations et cr\u00e9mations (en sous-traitance),\n\u2794 fourniture de housses, de cercueils et de leurs accessoires int\u00e9rieurs ainsi que des urnes\ncin\u00e9raires (en sous-traitance),\n\u2794 soins de conservation (en sous-traitance).\n\u2026/...\nSous-pr\u00e9fecture de Beaune \u2013 10, rue Fraisse - 21200 BEAUNE \nSous-pr\u00e9fecture de Beaune - 21-2026-04-20-00005 - Arr\u00eat\u00e9 N\u00b0 730 portant habilitation dans le domaine fun\u00e9raire  de la soci\u00e9t\u00e9\n\u00abPOMPES FUNEBRES DE FRANCE\u00a0\u00bb \u00e0 Beaune 89\nArticle 2 : le num\u00e9ro de l'habilitation ROF (r\u00e9f\u00e9rentiel des op\u00e9rateurs fun\u00e9raires) est 26-21-0116.\nArticle 3 : la pr\u00e9sente habilitation est valable 5 ans, soit jusqu'au 20 avril 2031.\nArticle 4     : Tout changement susceptible de modifier la pr\u00e9sente habilitation doit \u00eatre d\u00e9clar\u00e9 dans un\nd\u00e9lai de deux mois \u00e0 la sous-pr\u00e9fecture de Beaune .\nArticle 5 : L'habilitation peut \u00eatre suspendue pour une dur\u00e9e maximale d'un an ou retir\u00e9e par le pr\u00e9fet\ndu d\u00e9partement o\u00f9 les faits auront \u00e9t\u00e9 constat\u00e9s, conform\u00e9ment aux dispositions de l'article L 2223-\n25 du Code g\u00e9n\u00e9ral des collectivit\u00e9s territoriales, pour les motifs suivants :\n\u2022 non-respect des dispositions du code g\u00e9n\u00e9ral des collectivit\u00e9s territoriales auxquelles est\nsoumise la pr\u00e9sente habilitation ;\n\u2022 non exercice ou cessation d'exercice des activit\u00e9s au titre desquelles elle a \u00e9t\u00e9 d\u00e9livr\u00e9e ;\n\u2022 atteinte \u00e0 l'ordre public ou danger pour la salubrit\u00e9 publique.\nArticle 6 : M. le sous-pr\u00e9fet de Beaune est charg\u00e9 de l'ex\u00e9cution du pr\u00e9sent arr\u00eat\u00e9 qui sera publi\u00e9 au\nrecueil des actes administratifs de la pr\u00e9fecture de la C\u00f4te-d'Or et dont copie sera remise \u00e0 :\n- M. Fr\u00e9d\u00e9ric FERY\n- M. le maire de Beaune\n- M. le commandant de la circonscription de s\u00e9curit\u00e9 publique de Beaune\n- Mme la directrice g\u00e9n\u00e9rale de l'agence r\u00e9gionale de sant\u00e9 de Bourgogne Franche-Comt\u00e9.\nFait \u00e0 Beaune, le 20 avril 2026\nLe sous-pr\u00e9fet de Beaune,\nsign\u00e9\n     \n  Beno\u00eet BYRSKI\nSous-pr\u00e9fecture de Beaune \u2013 10, rue Fraisse - 21200 BEAUNE \nSous-pr\u00e9fecture de Beaune - 21-2026-04-20-00005 - Arr\u00eat\u00e9 N\u00b0 730 portant habilitation dans le domaine fun\u00e9raire  de la soci\u00e9t\u00e9\n\u00abPOMPES FUNEBRES DE FRANCE\u00a0\u00bb \u00e0 Beaune 90","date":"2026-04-22","first_seen_on":"2026-04-22T10:24:51+00:00","id":"179559bc631d87fd5895c3fdede9a079b05d7056be06efe89afbc39b9cf515e2","name":"RAA n\u00b0 070 du 22 avril 2026","pdf_creation_date":"2026-04-22T09:22:03+00:00","pdf_modification_date":null,"timezone":"Europe/Paris","url":"https://www.cote-dor.gouv.fr/contenu/telechargement/26034/199243/file/recueil-21-2026-070-recueil-des-actes-administratifs-special.pdf"}
