{"administration":"pref01","administration_name":"Pr\u00e9fecture de l\u2019Ain","content":"AIN\nRECUEIL DES ACTES\nADMINISTRATIFS SP\u00c9CIAL\n(NOMINATIFS)\nN\u00b001-2025-439\nPUBLI\u00c9 LE 22 D\u00c9CEMBRE 2025\nSommaire\n01_Pref_Pr\u00e9fecture de l'Ain /\n01-2025-12-22-00003 - RAA AP d\u00e9l\u00e9gation de signature A (3 pages) Page 3\n01-2025-12-22-00017 - RAA AP d\u00e9l\u00e9gation de signature \u00e0 M (3 pages) Page 7\n01-2025-12-22-00018 - RAA AP d\u00e9l\u00e9gation de signature \u00e0 M (2 pages) Page 11\n01-2025-12-22-00008 - RAA Ap d\u00e9l\u00e9gation de signature \u00e0 Madame\nNathalie LAMUGNIERE, DDFIP - ordonnateur secondaire (3 pages) Page 14\n01-2025-12-22-00006 - RAA AP d\u00e9l\u00e9gation de signature \u00e0 Monsieur\nVincent BONARDI, DDFIP - mati\u00e8re de pouvoir adjudicateur (2 pages) Page 18\n01-2025-12-22-00007 - RAA AP d\u00e9l\u00e9gation de signature \u00e0 Monsieur\nVincent BONARDI, DDFIP - mati\u00e8re domaniale (3 pages) Page 21\n01-2025-12-22-00012 - RAA AP d\u00e9l\u00e9gation de signature ANRU V (3\npages) Page 25\n01-2025-12-22-00004 - RAA AP d\u00e9l\u00e9gation de signature C (5 pages) Page 29\n01-2025-12-22-00005 - RAA AP d\u00e9l\u00e9gation de signature C (4 pages) Page 35\n01-2025-12-22-00009 - RAA AP d\u00e9l\u00e9gation de signature E (7 pages) Page 40\n01-2025-12-22-00015 - RAA AP d\u00e9l\u00e9gation de signature O (8 pages) Page 48\n01-2025-12-22-00010 - RAA AP d\u00e9l\u00e9gation de signature\nordonnancement secondaire E (4 pages) Page 57\n01-2025-12-22-00016 - RAA AP d\u00e9l\u00e9gation de signature OS  pouvoir\nadjudicateur (3 pages) Page 62\n01-2025-12-22-00011 - RAA AP d\u00e9l\u00e9gation de signature V (3 pages) Page 66\n01-2025-12-22-00013 - RAA AP d\u00e9l\u00e9gation de signature V (3 pages) Page 70\n01-2025-12-22-00019 - RAA Ordosecon AP d\u00e9l\u00e9gation de signature \u00e0 M\n(3 pages) Page 74\n01-2025-12-22-00014 - RAA ordosecon AP d\u00e9l\u00e9gation de signature V (4\npages) Page 78\n2\n01_Pref_Pr\u00e9fecture de l'Ain\n01-2025-12-22-00003\nRAA AP d\u00e9l\u00e9gation de signature A\n01_Pref_Pr\u00e9fecture de l'Ain - 01-2025-12-22-00003 - RAA AP d\u00e9l\u00e9gation de signature A 3\nEnPREFETDE L'AINLibert\u00e9Egalit\u00e9Fraternit\u00e9\nARR\u00caT\u00c9 PR\u00c9FECTORAL\nportant d\u00e9l\u00e9gation de signature \u00e0 Madame Anne G\u00c9RARDOT, \nConservatrice en chef du patrimoine,\nDirectrice du service d\u00e9partemental des Archives de l'Ain\nLE PR\u00c9FET DE L'AIN\nVU le code du patrimoine ;\nVU le code g\u00e9n\u00e9ral des collectivit\u00e9s territoriales ;\nVU  la loi n\u00b0 2020-1525 du 7 d\u00e9cembre 2020 d'acc\u00e9l\u00e9ration et de simplification de l'action\npublique ;\nVU la loi n\u00b0 92-125 du 6 f\u00e9vrier 1992 relative \u00e0 l'administration territoriale de la R\u00e9publique ;\nVU  la  loi  n\u00b0  82-213  du  2  mars  1982  relative  aux  droits  et  libert\u00e9s  des  communes,  des\nd\u00e9partements et des r\u00e9gions ;\nVU  le  d\u00e9cret  d'application  n\u00b0  2021-979  du  23  juillet  2021  relatif  \u00e0  la  proc\u00e9dure  de\nd\u00e9classement  de  biens  mobiliers  culturels  et  \u00e0  la  d\u00e9concentration  de  d\u00e9cisions\nadministratives individuelles dans le domaine de la culture ;  \nVU le  d\u00e9cret  n\u00b0  2013-788  du  28  ao\u00fbt  2013  portant  statut  particulier  du  corps  des\nconservateurs du patrimoine ;\nVU le d\u00e9cret n\u00b0 2012-776 du 24 mai 2012 relatif aux attributions du ministre de la culture et de\nla communication ;\nVU le d\u00e9cret n\u00b0 2004-374 du 29 avril 2004 relatif aux pouvoirs des pr\u00e9fets, \u00e0 l'organisation et \u00e0\nl'action des services de l'\u00c9tat dans les r\u00e9gions et les d\u00e9partements ;\nVU  le  d\u00e9cret  n\u00b0  97-34  du  15  janvier  1997  relatif  \u00e0  la  d\u00e9concentration  des  d\u00e9cisions\nadministratives individuelles ;\nVU le d\u00e9cret du 02 d\u00e9cembre 2025 portant nomination de Monsieur Louis-Xavier THIRODE,\nen qualit\u00e9 de pr\u00e9fet de l'Ain ;\nVU  le d\u00e9cret du 02 ao\u00fbt 2023 portant nomination de Madame Virginie GUERIN-ROBINET,\nsecr\u00e9taire g\u00e9n\u00e9rale de la pr\u00e9fecture de l'Ain, sous-pr\u00e9f\u00e8te de l'arrondissement de Bourg-en-\nBresse ;\nVU la convention entre le minist\u00e8re de la culture et le D\u00e9partement de l'Ain du 06 septembre\n01_Pref_Pr\u00e9fecture de l'Ain - 01-2025-12-22-00003 - RAA AP d\u00e9l\u00e9gation de signature A 4\n2023  portant  mise  \u00e0  disposition  et  nomination  de  Madame  Anne  G\u00c9RARDOT,\nconservatrice en chef du patrimoine, pour exercer les fonctions de directrice des archives\nd\u00e9partementales de l'Ain pour une p\u00e9riode de trois ans \u00e0 compter du 1er novembre 2023 ;\nVU l'arr\u00eat\u00e9 du Ministre de la culture du 01 juillet 2024 portant changement d'affectation\navec  changement  de  r\u00e9sidence  en  m\u00e9tropole  de  Madame  Marie-Astrid  ZANG,\nconservatrice du patrimoine, pour exercer les fonctions de directrice adjointe des archives\nd\u00e9partementales de l'Ain ;\nSUR proposition  de  la  secr\u00e9taire  g\u00e9n\u00e9rale  de  la  pr\u00e9fecture  de  l'Ain,  sous-pr\u00e9f\u00e8te  de\nl'arrondissement de Bourg-en-Bresse.\nARR\u00caTE\nArticle   1   : D\u00e9l\u00e9gation de signature est donn\u00e9e \u00e0 Madame Anne G\u00c9RARDOT, conservatrice\nen chef du patrimoine, directrice du service d\u00e9partemental des Archives de l'Ain, \u00e0 l'effet\nde  signer,  dans  le  cadre  de  ses  attributions  et  comp\u00e9tences,  toutes  d\u00e9cisions,\ncorrespondances, visas et rapports pour les mati\u00e8res \u00e9num\u00e9r\u00e9es ci-dessous :\n1) Gestion du service d\u00e9partemental d'archives :\n\u2022 Correspondances relatives \u00e0 la gestion du personnel de l'\u00c9tat mis \u00e0 disposition\naupr\u00e8s du Conseil d\u00e9partemental pour exercer leurs fonctions dans le service\nd\u00e9partemental d'archives ;\n\u2022 Engagement de d\u00e9penses pour les cr\u00e9dits d'\u00c9tat dont il assure la gestion.\n2) Contr\u00f4le scientifique et technique des archives des collectivit\u00e9s territoriales :\n\u2022 Correspondances, rapports et avis relatifs \u00e0 l'exercice du contr\u00f4le scientifique et\ntechnique de l'\u00c9tat sur les conditions de gestion des archives publiques (collecte,\nconservation, classement, inventaire, traitement, communication et diffusion), \u00e0\nl'exclusion des d\u00e9cisions et mises en demeure concernant le d\u00e9p\u00f4t des archives\ndes communes aux archives d\u00e9partementales ;\n\u2022 Visas pr\u00e9alables \u00e0 l'\u00e9limination d'archives publiques ;\n\u2022 Avis sur les projets de construction, extension et r\u00e9am\u00e9nagement des b\u00e2timents\n\u00e0 usage d'archives des collectivit\u00e9s territoriales (\u00e0 l'exclusion du d\u00e9partement) et\nde leurs groupements ;\n\u2022 Visas  pr\u00e9alables  \u00e0  l'\u00e9limination  des  documents  d'archives  des  collectivit\u00e9s\nterritoriales.\n3) Contr\u00f4le scientifique et technique sur les archives priv\u00e9es class\u00e9es comme archives\nhistoriques :\n\u2022 Documents li\u00e9s \u00e0 la protection du patrimoine archivistique priv\u00e9 ;\n\u2022 Autorisations  de  destruction  d'archives  priv\u00e9es  class\u00e9es  comme  archives\nhistoriques  pr\u00e9vues \u00e0  l'article  L.  212-27  dans  la  limite  de  leur  circonscription\ng\u00e9ographique.\n4) Coordination  de  l'activit\u00e9  des  services  d'archives  dans  les  limites  du  d\u00e9partement :\ncorrespondances et rapports.\n01_Pref_Pr\u00e9fecture de l'Ain - 01-2025-12-22-00003 - RAA AP d\u00e9l\u00e9gation de signature A 5\n5) I nstruction des demandes d'acc\u00e8s anticip\u00e9 \u00e0 des archives publiques non librement\ncommunicables :  autorisations  de  consultation  de  documents  d'archives  publiques\naccord\u00e9es,  en  application  du  I  de  l'article  L.  213-3  du  code  du  patrimoine  pour  les\ndocuments d\u00e9tenus par son service ou par une autorit\u00e9 ayant vocation \u00e0 y verser ses\narchives.\nArticle 2 : Sont exclues de la pr\u00e9sente d\u00e9l\u00e9gation de signature :\n\u2022 La signature des conventions pass\u00e9es au nom de l'\u00c9tat avec le d\u00e9partement, une\nou  plusieurs  communes,  leurs  groupements  ainsi  que  leurs  \u00e9tablissements\npublics ;\n\u2022 Les circulaires aux maires ;\n\u2022 Les  arr\u00eat\u00e9s  ayant  un  caract\u00e8re  r\u00e9glementaire  et  ressortissant  des  actions  de\nl'\u00c9tat ;\n\u2022 Toute  correspondance  adress\u00e9e  aux  administrations  centrales  et  qui  sont\nrelatives aux programmes d'\u00e9quipement et \u00e0 leur financement ainsi que celles\ndont le pr\u00e9fet se r\u00e9serve express\u00e9ment la signature ; \n\u2022 Toute  correspondance  adress\u00e9e  aux  cabinets  minist\u00e9riels  (les  autres\ncorrespondances \u00e9tant sous le r\u00e9gime du sous-couvert).\nArticle 3  : En cas d'absence ou d'emp\u00eachement de Madame Anne GERARDOT, directrice\ndes  archives  d\u00e9partementales  de  l'Ain,  d\u00e9l\u00e9gation  de  signature  est  donn\u00e9e  \u00e0\nMadame Marie-Astrid ZANG, directrice adjointe des archives d\u00e9partementales de l'Ain.\nArticle  4  : L'arr\u00eat\u00e9  pr\u00e9fectoral  du  10  mars  2025  portant  d\u00e9l\u00e9gation  de  signature  \u00e0\nMadame Anne  G\u00c9RARDOT,  conservatrice  en  chef  du  patrimoine,  directrice  du  service\nd\u00e9partemental des Archives de l'Ain, est abrog\u00e9.\nArticle 5  : Le pr\u00e9sent arr\u00eat\u00e9 prend effet \u00e0 compter de sa publication au recueil des actes\nadministratifs.\nArticle  6  : Un  recours  contre  le  pr\u00e9sent  arr\u00eat\u00e9  peut  \u00eatre  form\u00e9  devant  le  Tribunal\nAdministratif dans un d\u00e9lai de deux mois \u00e0 compter de sa publication. En application du\nd\u00e9cret n\u00b02018-251 du 6 avril 2018, les particuliers et les personnes morales de droit priv\u00e9\nnon repr\u00e9sent\u00e9s par un avocat peuvent communiquer avec un Tribunal administratif par la\nvoie de l'application informatique \u00ab T\u00e9l\u00e9recours citoyens \u00bb sur le site www.telerecours.fr.\nArticle 7 : La secr\u00e9taire g\u00e9n\u00e9rale de la pr\u00e9fecture de l'Ain, sous-pr\u00e9f\u00e8te de l'arrondissement\nde Bourg-en-Bresse,  et la directrice du service d\u00e9partemental des archives de l'Ain sont\ncharg\u00e9es, chacune en ce qui la concerne, de l'ex\u00e9cution du pr\u00e9sent arr\u00eat\u00e9 qui sera publi\u00e9\nau recueil des actes administratifs de la pr\u00e9fecture de l'Ain.\nBourg-en-Bresse, le 22 d\u00e9cembre 2025\nLe pr\u00e9fet,\nSIGN\u00c9 \nLouis-Xavier THIRODE\n01_Pref_Pr\u00e9fecture de l'Ain - 01-2025-12-22-00003 - RAA AP d\u00e9l\u00e9gation de signature A 6\n01_Pref_Pr\u00e9fecture de l'Ain\n01-2025-12-22-00017\nRAA AP d\u00e9l\u00e9gation de signature \u00e0 M\n01_Pref_Pr\u00e9fecture de l'Ain - 01-2025-12-22-00017 - RAA AP d\u00e9l\u00e9gation de signature \u00e0 M 7\nEnPREFETDE L'AINLibert\u00e9Egalit\u00e9Fraternit\u00e9\nARR\u00caT\u00c9 PR\u00c9FECTORAL\nPortant d\u00e9l\u00e9gation de signature \u00e0 Monsieur Renaud DURAND,\nDirecteur r\u00e9gional par int\u00e9rim de l'environnement, de l'am\u00e9nagement et du logement\nAuvergne-Rh\u00f4ne-Alpes\nLE PR\u00c9FET DE L'AIN\nVU le code des relations entre le public et l'administration ;\nVU le code de la construction et de l'habitation ;\nVU le code de l'\u00e9nergie ;\nVU le code de l'environnement ;\nVU le code minier ;\nVU le code de la route ;\nVU le code de la voirie routi\u00e8re ;\nVU le code de l'urbanisme ;\nVU le code p\u00e9nal ;\nVU le code de proc\u00e9dure p\u00e9nale ;\nVU le code des march\u00e9s publics ;\nVU la loi n\u00b0 82-213 du 2 mars 1982 modifi\u00e9e relative aux droits et libert\u00e9s des communes, des\nd\u00e9partements et des r\u00e9gions ;\nVU la loi n\u00b0 83-8 du 7 janvier 1983 modifi\u00e9e relative \u00e0 la r\u00e9partition des comp\u00e9tences entre les\ncommunes, les d\u00e9partements, les r\u00e9gions et l'\u00c9tat ;\nVU la loi n\u00b0 92-125 du 6 f\u00e9vrier 1992 relative \u00e0 l'administration territoriale de la R\u00e9publique ;\nVU l'ordonnance n\u00b02014-619 du 12 juin 2014 relative \u00e0 l'exp\u00e9rimentation d'une autorisation\nunique pour les installations, ouvrages, travaux et activit\u00e9s soumis \u00e0 autorisation au titre de\nl'article L.214-3 du code de l'environnement ;\nVU le d\u00e9cret n\u00b0 97-34 du 15 janvier 1997 modifi\u00e9 relatif \u00e0 la d\u00e9concentration des d\u00e9cisions\nadministratives individuelles modifi\u00e9 ;\nVU le  d\u00e9cret  n\u00b0  97-1204  du  19  d\u00e9cembre  1997  pris  pour  l'application  \u00e0  la  ministre  de\nl'am\u00e9nagement du territoire et de l'environnement du 1er de l'article 2 du d\u00e9cret n\u00b0 97-34 du 15\njanvier 1997 , relatif \u00e0 la d\u00e9concentration des d\u00e9cisions administratives individuelles ;\nVU le d\u00e9cret n\u00b0 2004-374 du 29 avril 2004 relatif aux pouvoirs des pr\u00e9fets, \u00e0 l'organisation et \u00e0\nl'action des services de l'\u00c9tat dans les r\u00e9gions et les d\u00e9partements ;\nVU le d\u00e9cret n\u00b0 2005-636 du 30 mai 2005 modifi\u00e9 relatif \u00e0 l'organisation de l'administration\ndans le domaine de l'eau et aux missions du pr\u00e9fet coordonnateur de bassin ;\n01_Pref_Pr\u00e9fecture de l'Ain - 01-2025-12-22-00017 - RAA AP d\u00e9l\u00e9gation de signature \u00e0 M 8\nVU le d\u00e9cret n\u00b02009-235 du 27 f\u00e9vrier 2009 modifi\u00e9 relatif \u00e0 l'organisation et aux missions des\ndirections r\u00e9gionales de l'environnement, de l'am\u00e9nagement et du logement ;\nVU le d\u00e9cret n\u00b02009-360 du 31 mars 2009 relatif aux emplois de direction de l'administration\nterritoriale de l'\u00c9tat ;\nVU le d\u00e9cret n\u00b0 2014-751 du 1er juillet 2014 d'application de l'ordonnance n\u00b0 2014-619 du 12 juin\n2014 relative \u00e0 l'exp\u00e9rimentation d'une autorisation unique pour les installations, ouvrages,\ntravaux  et  activit\u00e9s  soumis  \u00e0  autorisation  au  titre  de  l'article  L.  214-3  du  code  de\nl'environnement ;\nVU le d\u00e9cret n\u00b02015-510 du 7 mai 2015 portant charte de la d\u00e9concentration ;\nVU le d\u00e9cret du 02 d\u00e9cembre 2025 portant nomination de Monsieur Louis-Xavier THIRODE, en\nqualit\u00e9 de pr\u00e9fet de l'Ain ;\nVU le  d\u00e9cret  du  2  ao\u00fbt  2023  portant  nomination  de  Madame  Virginie  GUERIN-ROBINET,\nsecr\u00e9taire g\u00e9n\u00e9rale de la pr\u00e9fecture de l'Ain, sous-pr\u00e9f\u00e8te de Bourg-en-Bresse ;\nVU l'arr\u00eat\u00e9 du 7 novembre 2006 modifi\u00e9 d\u00e9signant les services de police de l'eau comp\u00e9tents\nsur la liste des cours d'eau d\u00e9finie par l'arr\u00eat\u00e9 du 24 f\u00e9vrier 2006 pris en application de l'article\n7 du d\u00e9cret n\u00b0 2005-636 du 30 mai 2005 relatif \u00e0 l'organisation de l'administration dans le\ndomaine de l'eau et aux missions du pr\u00e9fet coordonnateur de bassin ;\nVU l'arr\u00eat\u00e9 pr\u00e9fectoral n\u00b02023-324 du 31 octobre 2023 portant organisation de la direction\nr\u00e9gionale de l'environnement, de l'am\u00e9nagement et du logement d'Auvergne-Rh\u00f4ne-Alpes ;\nVU l 'arr\u00eat\u00e9 minist\u00e9riel du 29 avril 2025  portant attribution \u00e0 Monsieur Renaud DURAND, de\nl'int\u00e9rim des fonctions  de directeur r\u00e9gional de l'environnement, de l'am\u00e9nagement et du\nlogement (r\u00e9gion Auvergne-Rh\u00f4ne-Alpes) ;\nSUR proposition  de  la  secr\u00e9taire  g\u00e9n\u00e9rale  de  la  pr\u00e9fecture  de  l'Ain,  sous-pr\u00e9f\u00e8te  de\nBourg-en-Bresse ;\nA R R \u00ca T E\nArticle  1  :  D\u00e9l\u00e9gation  de  signature  est  donn\u00e9e,  pour  le  d\u00e9partement  de  l'Ain,  \u00e0\nMonsieur  Renaud  DURAND  directeur  r\u00e9gional  par  int\u00e9rim  de  l'environnement,  de\nl'am\u00e9nagement et du logement, \u00e0 l'effet de signer : \n\u2022 tout acte de gestion interne \u00e0 sa direction ;\n\u2022 tout  acte,  document  administratif,  rapport,  convention,  certificat,  correspondance,\ndans le cadre des missions relevant de sa direction.\nPar d\u00e9rogation \u00e0 la d\u00e9l\u00e9gation vis\u00e9e \u00e0 l'article 1, demeurent soumis \u00e0 la signature du pr\u00e9fet de\nl'Ain : \n\u2022 les  arr\u00eat\u00e9s  relatifs  aux  d\u00e9cisions  dans  le  domaine  des  installations  class\u00e9es  pour  la\nprotection  de  l'environnement,  de  la  police  de  l'eau  ou  des  d\u00e9rogations  esp\u00e8ces\nprot\u00e9g\u00e9es (hors d\u00e9rogations scientifiques) ;\n\u2022 les actes de port\u00e9e r\u00e9glementaire ;\n\u2022 les sanctions administratives ;\n\u2022 les  arr\u00eat\u00e9s  d'ouverture  d'enqu\u00eate  publique,  de  d\u00e9claration  d'utilit\u00e9  publique,  de\ncessibilit\u00e9 ;\n\u2022 les d\u00e9cisions de gestion du domaine public (acquisition, ali\u00e9nation, affectation),\n01_Pref_Pr\u00e9fecture de l'Ain - 01-2025-12-22-00017 - RAA AP d\u00e9l\u00e9gation de signature \u00e0 M 9\n\u2022 les  arr\u00eat\u00e9s  portant  nomination  de  membres  de  commissions  et  comit\u00e9s\nd\u00e9partementaux ;\n\u2022 les d\u00e9cisions qui ont trait \u00e0 l'exercice des comp\u00e9tences d\u00e9volues au pr\u00e9fet en mati\u00e8re\nde contr\u00f4le administratif des communes, des d\u00e9partements et de leurs \u00e9tablissements\npublics ;\n\u2022 les requ\u00eates, d\u00e9f\u00e9r\u00e9s, m\u00e9moires, d\u00e9clinatoires de comp\u00e9tences aupr\u00e8s des diff\u00e9rentes\njuridictions ;\n\u2022 les instructions ou circulaires adress\u00e9es aux collectivit\u00e9s territoriales ;\n\u2022 les courriers aux pr\u00e9sidents d'\u00c9tablissement public de coop\u00e9ration intercommunale, de\nl'assembl\u00e9e d\u00e9partementale et des parlementaires, \u00e0 l'exception des courriers relatifs\naux proc\u00e9dures d'instruction de dossier ;\n\u2022 les conventions liant l'\u00c9tat aux collectivit\u00e9s territoriales, \u00e0 leurs groupements et \u00e0 leurs\n\u00e9tablissements publics ;\n\u2022 les d\u00e9cisions attributives de : \n\u25e6 subvention de fonctionnement d'un montant sup\u00e9rieur \u00e0 30 000 \u20ac ;\n\u25e6 subventions d'investissement d'un montant sup\u00e9rieur \u00e0 100 000 \u20ac ;\n\u25e6 les refus de demande de subvention sup\u00e9rieurs \u00e0 ce montant.\nArticle 2  : Monsieur Renaud DURAND , directeur r\u00e9gional par int\u00e9rim de l'environnement, de\nl'am\u00e9nagement et du logement (DREAL), est habilit\u00e9 \u00e0 pr\u00e9senter les observations orales de\nl'\u00c9tat devant les juridictions administratives et judiciaires \u00e0 l'appui des conclusions \u00e9crites\npr\u00e9sent\u00e9es pour le compte de l'\u00c9tat.\nArticle 3 :  Monsieur Renaud DURAND, directeur r\u00e9gional par int\u00e9rim de l'environnement, de\nl'am\u00e9nagement et du logement peut subd\u00e9l\u00e9guer sa signature aux collaborateurs qu'il aura\nd\u00e9sign\u00e9s par arr\u00eat\u00e9 pour les domaines relevant de leur activit\u00e9 au sein du service. L'arr\u00eat\u00e9 de\nsubd\u00e9l\u00e9gation sera transmis \u00e0 la pr\u00e9fecture de d\u00e9partement et fera l'objet d'une publication au\nrecueil des actes administratifs.\nArticle  4  :  L'arr\u00eat\u00e9  pr\u00e9fectoral  du  28  mai  2025  portant  d\u00e9l\u00e9gation  de  signature  \u00e0\nMonsieur Renaud DURAND, directeur r\u00e9gional de l'environnement, de l'am\u00e9nagement et du\nlogement par int\u00e9rim est abrog\u00e9.\nArticle 5 :  Le pr\u00e9sent arr\u00eat\u00e9 peut faire l'objet d'un recours devant le tribunal administratif de\nLyon dans un d\u00e9lai de deux mois \u00e0 compter de sa publication, conform\u00e9ment \u00e0 l'article R. 421-1\ndu  code  de  justice  administrative,  ou  de  mani\u00e8re  d\u00e9mat\u00e9rialis\u00e9e  via  le  site\ncitoyens.telerecours.fr selon l'article R. 414-6 du code de justice administrative.\nArticle  6  : La  secr\u00e9taire  g\u00e9n\u00e9rale  de  la  pr\u00e9fecture  de  l'Ain  et  le  directeur  r\u00e9gional  de\nl'environnement, de l'am\u00e9nagement et du logement par int\u00e9rim sont charg\u00e9s, chacun en ce qui\nle concerne, de l'ex\u00e9cution du pr\u00e9sent arr\u00eat\u00e9, lequel sera notifi\u00e9 aux int\u00e9ress\u00e9(e)s et publi\u00e9 au\nrecueil des actes administratifs de la pr\u00e9fecture.\nBourg-en-Bresse, le 22 d\u00e9cembre 2025\nLe pr\u00e9fet,\nSIGN\u00c9 \nLouis-Xavier THIRODE\n01_Pref_Pr\u00e9fecture de l'Ain - 01-2025-12-22-00017 - RAA AP d\u00e9l\u00e9gation de signature \u00e0 M 10\n01_Pref_Pr\u00e9fecture de l'Ain\n01-2025-12-22-00018\nRAA AP d\u00e9l\u00e9gation de signature \u00e0 M\n01_Pref_Pr\u00e9fecture de l'Ain - 01-2025-12-22-00018 - RAA AP d\u00e9l\u00e9gation de signature \u00e0 M 11\nEnPREFETDE L'AINLibert\u00e9Egalit\u00e9Fraternit\u00e9\nARR\u00caT\u00c9 PR\u00c9FECTORAL\nPortant d\u00e9l\u00e9gation de signature \u00e0 Monsieur Pascal Cl\u00e9ment,\nDirecteur acad\u00e9mique des services de l'\u00e9ducation nationale de l'Ain\nLE PR\u00c9FET DE L'AIN\nVU le code de l'\u00e9ducation ;\nVU la  loi  n\u00b092-125  du  6  f\u00e9vrier  1992  relative  \u00e0  l'administration  territoriale  de  la\nR\u00e9publique ;\nVU la loi n\u00b082-213 du 2 mars 1982 relative aux droits et libert\u00e9s des communes, des\nd\u00e9partements et des r\u00e9gions modifi\u00e9es ;\nVU le d\u00e9cret n\u00b02004-374 du 29 avril 2004 modifi\u00e9 relatif aux pouvoirs des pr\u00e9fets, \u00e0\nl'organisation et \u00e0 l'action des services de l'Etat dans les r\u00e9gions et les d\u00e9partements ;\nVU le d\u00e9cret n\u00b02012-16 du 5 janvier 2012 relatif \u00e0 l'organisation acad\u00e9mique ;\nVU le d\u00e9cret du 02 d\u00e9cembre 2025 portant nomination de Monsieur Louis-Xavier\nTHIRODE, en qualit\u00e9 de pr\u00e9fet de l'Ain ;\nVU le  d\u00e9cret  du  2  ao\u00fbt  2023  portant  nomination  de  Madame  Virginie  GUERIN-\nROBINET, secr\u00e9taire g\u00e9n\u00e9rale de la pr\u00e9fecture de l'Ain, sous-pr\u00e9f\u00e8te de Bourg-en-\nBresse ;\nVU le d\u00e9cret du 15 novembre 2024 portant nomination de Monsieur Pascal Cl\u00e9ment,\nen qualit\u00e9 de directeur acad\u00e9mique des services de l'\u00e9ducation nationale de l'Ain \u00e0\ncompter du 20 novembre 2024 ;\nSUR proposition de la secr\u00e9taire g\u00e9n\u00e9rale de la pr\u00e9fecture de l'Ain, sous-pr\u00e9f\u00e8te de\nl'arrondissement de Bourg-en-Bresse.\n1\n01_Pref_Pr\u00e9fecture de l'Ain - 01-2025-12-22-00018 - RAA AP d\u00e9l\u00e9gation de signature \u00e0 M 12\nARR\u00caTE\nArticle 1     :   D\u00e9l\u00e9gation de signature est donn\u00e9e \u00e0 Monsieur Pascal Cl\u00e9ment, inspecteur-\nd'acad\u00e9mie - directeur acad\u00e9mique des services de l'\u00e9ducation nationale de l'Ain, \u00e0\nl'effet de signer, dans le cadre de ses attributions et comp\u00e9tences :\n\uf0b7 Les avis de l'Etat sur la d\u00e9saffectation des locaux scolaires et des logements\nd'instituteurs ;\n\uf0b7 Les avis de l'Etat sur la d\u00e9saffectation des biens des \u00e9tablissements publics\nlocaux d'enseignement.\nArticle  2     :   En  cas  d'absence  ou  d'emp\u00eachement  de  Monsieur  Pascal  Cl\u00e9ment,\ninspecteur d'acad\u00e9mie \u2013 directeur acad\u00e9mique des services de l'\u00e9ducation nationale\nde l'Ain, la d\u00e9l\u00e9gation qui lui est consentie dans les termes figurant \u00e0 l'article 1 du\npr\u00e9sent arr\u00eat\u00e9 peut \u00eatre exerc\u00e9e par :\n\uf0b7 Madame Martine Petit, IA-DAASEN\n\uf0b7 Monsieur Fran\u00e7ois Mullett, secr\u00e9taire g\u00e9n\u00e9ral \nArticle 3     :   L'arr\u00eat\u00e9 pr\u00e9fectoral du 02 d\u00e9cembre 2024 portant d\u00e9l\u00e9gation de signature\n\u00e0  Monsieur  Pascal  CLEMENT,  directeur  acad\u00e9mique  des  services  de  l'\u00e9ducation\nnationale de l'Ain, est abrog\u00e9.\nArticle  4     :   Le  pr\u00e9sent  arr\u00eat\u00e9  peut  faire  l'objet  d'un  recours  devant  le  tribunal\nadministratif de Lyon dans un d\u00e9lai de deux mois \u00e0 compter de sa publication,\nconform\u00e9ment \u00e0 l'article R.421-1 du code de justice administrative, ou de mani\u00e8re\nd\u00e9mat\u00e9rialis\u00e9e via le site citoyens.telerecours.fr selon l'article R.414-6 du code de\njustice administrative.\nArticle  5     :   La  secr\u00e9taire  g\u00e9n\u00e9rale  de  la  pr\u00e9fecture  de  l'Ain,  sous-pr\u00e9f\u00e8te  de\nl'arrondissement  de  Bourg-en-Bresse,  et  le  directeur  acad\u00e9mique  des  services  de\nl'\u00e9ducation  nationale  de  l'Ain  sont  charg\u00e9s,  chacun  en  ce  qui  le  concerne,  de\nl'ex\u00e9cution du pr\u00e9sent arr\u00eat\u00e9, lequel sera publi\u00e9 au recueil des actes administratifs\nde la pr\u00e9fecture de l'Ain.\nBourg-en-Bresse, le 22 d\u00e9cembre 2025\nLe pr\u00e9fet,\nSIGN\u00c9\nLouis-Xavier THIRODE\n2\n01_Pref_Pr\u00e9fecture de l'Ain - 01-2025-12-22-00018 - RAA AP d\u00e9l\u00e9gation de signature \u00e0 M 13\n01_Pref_Pr\u00e9fecture de l'Ain\n01-2025-12-22-00008\nRAA Ap d\u00e9l\u00e9gation de signature \u00e0 Madame\nNathalie LAMUGNIERE, DDFIP - ordonnateur\nsecondaire\n01_Pref_Pr\u00e9fecture de l'Ain - 01-2025-12-22-00008 - RAA Ap d\u00e9l\u00e9gation de signature \u00e0 Madame Nathalie LAMUGNIERE, DDFIP -\nordonnateur secondaire 14\nPREFETDE L'AINLibert\u00e9Egalit\u00e9Fraternit\u00e9\nARR\u00caT\u00c9 PR\u00c9FECTORAL\nportant d\u00e9l\u00e9gation de signature \u00e0 Madame Nathalie LAMUGNIERE\nAdministratrice des finances publiques,\nDirectrice d\u00e9partementale adjointe des finances publiques de l'Ain,\nDirectrice du p\u00f4le pilotage et ressources de la direction d\u00e9partementale\ndes finances publiques de l'Ain,\nen mati\u00e8re d'ordonnancement secondaire\nLE PR\u00c9FET DE L'AIN\nVU la loi organique n\u00b0 2001-692 du 1er ao\u00fbt 2001 relative aux lois de finances ;\nVU la loi n\u00b0 92-125 du 06 f\u00e9vrier 1992 relative \u00e0 l'administration territoriale de la R\u00e9publique  ;\nVU la  loi  n\u00b0  82-213  du  02  mars  1982  relative  aux  droits  et  libert\u00e9s  des  communes,  des\nd\u00e9partements et des r\u00e9gions ;\nVU le  d\u00e9cret  n\u00b0  2004-374  du  29  avril  2004  modifi\u00e9  relatif  aux  pouvoirs  des  pr\u00e9fets,  \u00e0\nl'organisation et \u00e0 l'action des services de l'\u00c9tat dans les r\u00e9gions et les d\u00e9partements  ;\nVU le d\u00e9cret n\u00b0 2009-707 du 16 juin 2009 relatif aux services d\u00e9concentr\u00e9s de la direction\ng\u00e9n\u00e9rale des finances publiques ;\nVU le d\u00e9cret n\u00b0 2009-208 du 20 f\u00e9vrier 2009 relatif au statut particulier des administrateurs\ndes finances publiques ;\nVU le d\u00e9cret n\u00b0 2012-1246 du 7 novembre 2012 relatif \u00e0 la gestion budg\u00e9taire et comptable\npublique ;\nVU le d\u00e9cret n\u00b0 2015-510 du 7 mai 2015 portant charte de d\u00e9concentration  ;\nVU le d\u00e9cret du 02 d\u00e9cembre 2025 portant nomination de Monsieur Louis-Xavier THIRODE,\nen qualit\u00e9 de pr\u00e9fet de l'Ain ;\nVU le d\u00e9cret du 2 ao\u00fbt 2023 portant nomination de Madame Virginie GUERIN-ROBINET,\nsecr\u00e9taire g\u00e9n\u00e9rale de la pr\u00e9fecture de l'Ain, sous-pr\u00e9f\u00e8te de Bourg-en-Bresse  ;\nVU le d\u00e9cret du 04 juin 2021 portant promotion, nomination, affectation et renouvellement\nde d\u00e9tachement d'administrateurs g\u00e9n\u00e9raux des finances publiques et portant nomination\nde Monsieur  Vincent BONARDI, administrateur g\u00e9n\u00e9ral des finances publiques, directeur\nd\u00e9partemental des finances publiques de l'Ain ;\n \n01_Pref_Pr\u00e9fecture de l'Ain - 01-2025-12-22-00008 - RAA Ap d\u00e9l\u00e9gation de signature \u00e0 Madame Nathalie LAMUGNIERE, DDFIP -\nordonnateur secondaire 15\nVU l'arr\u00eat\u00e9  minist\u00e9riel  du  6  juillet  2023  affectant  Madame  Nathalie  LAMUGNIERE,\nadministratrice des finances publiques, \u00e0 la direction d\u00e9partementale des finances publiques\nde l'Ain ;\nSUR proposition  de  la  secr\u00e9taire  g\u00e9n\u00e9rale  de  la  pr\u00e9fecture  de  l'Ain,  sous-pr\u00e9f\u00e8te  de\nl'arrondissement de Bourg-en-Bresse ;\nA R R \u00ca T E\nArticle     1   :  D\u00e9l\u00e9gation  est  donn\u00e9e  \u00e0  Madame  Nathalie  LAMUGNIERE,  administratrice  des\nfinances publiques, adjointe du directeur, directrice du p\u00f4le pilotage et ressources de la\ndirection d\u00e9partementale des finances publiques de l'Ain, \u00e0 l'effet de  :\n1- Signer, dans la limite de ses attributions et comp\u00e9tences, tout document, acte, d\u00e9cision,\ncontrat,  conclusion,  m\u00e9moire et,  d'une fa\u00e7on plus  g\u00e9n\u00e9rale,  tout  acte se traduisant  par\nl'ordonnancement  de  d\u00e9penses  ou  de  recettes  se  rapportant  au  fonctionnement  ou  \u00e0\nl'\u00e9quipement  de  la  direction  d\u00e9partementale  des  finances  publiques  de  l'Ain,  ainsi  que\nl'ordonnancement de toute recette se rapportant aux attributions et activit\u00e9s de la direction\nd\u00e9partementale des finances publiques de l'Ain.\n2- Recevoir les cr\u00e9dits des programmes suivants :\n\u2022 N\u00b0 156 - \u00ab Gestion fiscale et financi\u00e8re de l'\u00c9tat et du secteur public local  \u00bb ;\n\u2022 N\u00b0 218 - \u00ab Conduite et pilotage des politiques \u00e9conomique et financi\u00e8re \u00bb ;\n\u2022 N\u00b0 723 - \u00ab Contribution aux d\u00e9penses immobili\u00e8res \u00bb ;\n\u2022 N\u00b0 724 - \u00ab Op\u00e9rations immobili\u00e8res d\u00e9concentr\u00e9es \u00bb.\n3- Proc\u00e9der \u00e0 l'ordonnancement secondaire des recettes et des d\u00e9penses de l'\u00c9tat imput\u00e9es\nsur les Titres 2, 3 et 5 des programmes pr\u00e9cit\u00e9s.\nCette d\u00e9l\u00e9gation porte sur l'engagement, la liquidation et le mandatement des d\u00e9penses\nainsi que sur l'\u00e9mission et la signature des titres de recettes.\nArticle 2 : Demeurent r\u00e9serv\u00e9s \u00e0 la signature du pr\u00e9fet de l'Ain :\n\u2022 Les ordres de r\u00e9quisition du comptable public ;\n\u2022 Les  d\u00e9cisions  de  passer  outre  aux  refus  de  visas  et  aux  avis  d\u00e9favorables  de\nl'autorit\u00e9 charg\u00e9e du contr\u00f4le financier en mati\u00e8re d'engagement des d\u00e9penses  ;\n\u2022 L'ordonnancement  secondaire  des  d\u00e9penses  de  l'\u00c9tat  du  programme  833  -\nAvances  sur  le  montant  des  impositions  revenant  aux  r\u00e9gions,  d\u00e9partements,\ncommunes, \u00e9tablissements et divers organismes.\nArticle  3 :  En  cas  d'absence  ou  d'emp\u00eachement  de  Madame  Nathalie  LAMUGNIERE,\nadministratrice des finances publiques, adjointe du directeur, directrice du p\u00f4le pilotage et\nressources de la direction d\u00e9partementale des finances publiques de l'Ain, la d\u00e9l\u00e9gation de\nsignature qui lui est consentie dans les termes figurant \u00e0 l'article 1 du pr\u00e9sent arr\u00eat\u00e9 peut \u00eatre\nexerc\u00e9e par les agents plac\u00e9s sous son autorit\u00e9.\nL'arr\u00eat\u00e9  de  subd\u00e9l\u00e9gation  sera  transmis  au  pr\u00e9fet  de  d\u00e9partement  et  fera  l'objet  d'une\n2\n01_Pref_Pr\u00e9fecture de l'Ain - 01-2025-12-22-00008 - RAA Ap d\u00e9l\u00e9gation de signature \u00e0 Madame Nathalie LAMUGNIERE, DDFIP -\nordonnateur secondaire 16\npublication au recueil des actes administratifs de la pr\u00e9fecture.  \nArticle     4   : L'arr\u00eat\u00e9  pr\u00e9fectoral  du  05  avril  2024  portant  d\u00e9l\u00e9gation  de  signature  \u00e0\nMadame Nathalie  LAMUGNIERE,  administratrice  des  finances  publiques,  adjointe  du\ndirecteur,  directrice  du  p\u00f4le  pilotage  et  ressources  de  la  direction  d\u00e9partementale  des\nfinances publiques de l'Ain, en mati\u00e8re d'ordonnancement secondaire, est abrog\u00e9.  \nArticle 5 : Le pr\u00e9sent arr\u00eat\u00e9 peut faire l'objet d'un recours devant le tribunal administratif de\nLyon dans un d\u00e9lai de deux mois \u00e0 compter de sa publication, conform\u00e9ment \u00e0 l'article R.\n421-1  du  code  de  justice  administrative,  ou  de  mani\u00e8re  d\u00e9mat\u00e9rialis\u00e9e  via le  site\ncitoyens.telerecours.fr selon l'article R. 414-6 du code de justice administrative.\nArticle 6 : La secr\u00e9taire g\u00e9n\u00e9rale de la pr\u00e9fecture de l'Ain, sous-pr\u00e9f\u00e8te de l'arrondissement\nde  Bourg-en-Bresse,  et  le  directeur  d\u00e9partemental  des  finances  publiques  de  l'Ain  sont\ncharg\u00e9s, chacun en ce qui le concerne, de l'ex\u00e9cution du pr\u00e9sent arr\u00eat\u00e9, lequel sera publi\u00e9 au\nrecueil des actes administratifs de la pr\u00e9fecture de l'Ain.\nBourg-en-Bresse, le 22 d\u00e9cembre 2025\nLe pr\u00e9fet\n SIGN\u00c9\nLouis-Xavier THIRODE\n3\n01_Pref_Pr\u00e9fecture de l'Ain - 01-2025-12-22-00008 - RAA Ap d\u00e9l\u00e9gation de signature \u00e0 Madame Nathalie LAMUGNIERE, DDFIP -\nordonnateur secondaire 17\n01_Pref_Pr\u00e9fecture de l'Ain\n01-2025-12-22-00006\nRAA AP d\u00e9l\u00e9gation de signature \u00e0 Monsieur\nVincent BONARDI, DDFIP - mati\u00e8re de pouvoir\nadjudicateur\n01_Pref_Pr\u00e9fecture de l'Ain - 01-2025-12-22-00006 - RAA AP d\u00e9l\u00e9gation de signature \u00e0 Monsieur Vincent BONARDI, DDFIP - mati\u00e8re de\npouvoir adjudicateur 18\nPREFETDE L'AINLibert\u00e9Egalit\u00e9Fraternit\u00e9\nARR\u00caT\u00c9 PR\u00c9FECTORAL\nportant d\u00e9l\u00e9gation de signature \u00e0 Monsieur Vincent BONARDI,\nAdministrateur g\u00e9n\u00e9ral des finances publiques,\nDirecteur d\u00e9partemental des finances publiques de l'Ain\nen mati\u00e8re de pouvoir adjudicateur\nLE PR\u00c9FET DE L'AIN\nVU la loi n\u00b0 92-125 du 06 f\u00e9vrier 1992 relative \u00e0 l'administration territoriale de la R\u00e9publique  ;\nVU la  loi  n\u00b0  82-213  du  02  mars  1982  relative  aux  droits  et  libert\u00e9s  des  communes,  des\nd\u00e9partements et des r\u00e9gions ;\nVU l'ordonnance n\u00b0 2018-1074 du 26 novembre 2018 portant partie l\u00e9gislative du code de la\ncommande publique ;\nVU le d\u00e9cret n\u00b0 2004-374 du 29 avril 2004 relatif aux pouvoirs des pr\u00e9fets, \u00e0 l'organisation et \u00e0\nl'action des services de l'\u00c9tat dans les r\u00e9gions et les d\u00e9partements ;\nVU le d\u00e9cret n\u00b0 2009-707 du 16 juin 2009 relatif aux services d\u00e9concentr\u00e9s de la direction\ng\u00e9n\u00e9rale des finances publiques ;\nVU le d\u00e9cret n\u00b0 2009-208 du 20 f\u00e9vrier 2009 relatif au statut particulier des administrateurs\ndes finances publiques ;\nVU le d\u00e9cret n\u00b0 2012-1246 du 07 novembre 2012 relatif \u00e0 la gestion budg\u00e9taire et comptable\npublique ;\nVU le d\u00e9cret n\u00b0 2015-510 du 07 mai 2015 portant charte de la d\u00e9concentration ;\nVU le d\u00e9cret du 02 d\u00e9cembre 2025 portant nomination de Monsieur Louis-Xavier THIRODE,\nen qualit\u00e9 de pr\u00e9fet de l'Ain ;\nVU le d\u00e9cret du 2 ao\u00fbt 2023 portant nomination de Madame Virginie GUERIN-ROBINET,\nsecr\u00e9taire g\u00e9n\u00e9rale de la pr\u00e9fecture de l'Ain, sous-pr\u00e9f\u00e8te de Bourg-en-Bresse ;\nVU le d\u00e9cret du 04 juin 2021 portant promotion, nomination, affectation et renouvellement\nde d\u00e9tachement d'administrateurs g\u00e9n\u00e9raux des finances publiques et portant nomination\nde  Monsieur  Vincent  BONARDI,  administrateur  g\u00e9n\u00e9ral  des  finances  publiques,  directeur\nd\u00e9partemental des finances publiques de l'Ain ;\nVU l'arr\u00eat\u00e9 minist\u00e9riel du 6 juillet 2023 affectant Mme Nathalie LAMUGNIERE, administratrice\ndes finances publiques, \u00e0 la direction d\u00e9partementale des finances publiques de l'Ain ;\n01_Pref_Pr\u00e9fecture de l'Ain - 01-2025-12-22-00006 - RAA AP d\u00e9l\u00e9gation de signature \u00e0 Monsieur Vincent BONARDI, DDFIP - mati\u00e8re de\npouvoir adjudicateur 19\nSUR proposition  de  la  secr\u00e9taire  g\u00e9n\u00e9rale  de  la  pr\u00e9fecture  de  l'Ain,  sous-pr\u00e9f\u00e8te  de\nl'arrondissement de Bourg-en-Bresse.\nA R R \u00ca T E\nArticle     1   :  D\u00e9l\u00e9gation  de  signature  est  donn\u00e9e  \u00e0  Monsieur  Vincent  BONARDI,  directeur\nd\u00e9partemental des  finances  publiques  de l'Ain,  \u00e0 l'effet  de signer,  dans  la  mesure o\u00f9  ils\nrel\u00e8vent de ses attributions, les actes relevant du pouvoir adjudicateur, \u00e0 l'exception de ceux\nportant engagement, liquidation et ordonnancement au sens du d\u00e9cret n\u00b0 2012-1246 du 7\nnovembre 2012.\nArticle  2 : D\u00e9l\u00e9gation  de  signature  est  donn\u00e9e  \u00e0  Madame  Nathalie  LAMUGNIERE,\nadministratrice des finances publiques, adjointe du directeur, directrice du p\u00f4le pilotage et\nressources \u00e0 la direction d\u00e9partementale des Finances publiques de l'Ain, \u00e0 l'effet de signer,\ndans la mesure o\u00f9 ils rel\u00e8vent de ses attributions, les actes d'ordonnancement relevant du\npouvoir adjudicateur.\nArticle  3 :  L'arr\u00eat\u00e9  pr\u00e9fectoral  du  05  avril  2024  portant  d\u00e9l\u00e9gation  de  signature  \u00e0\nMonsieur Vincent  BONARDI,  a dministrateur  g\u00e9n\u00e9ral  des  finances  publiques,  directeur\nd\u00e9partemental des finances publiques de l'Ain, est abrog\u00e9.\nArticle 4 : Le pr\u00e9sent arr\u00eat\u00e9 peut faire l'objet d'un recours devant le tribunal administratif de\nLyon dans un d\u00e9lai de deux mois \u00e0 compter de sa publication, conform\u00e9ment \u00e0 l'article R.\n421-1  du  code  de  justice  administrative,  ou  de  mani\u00e8re  d\u00e9mat\u00e9rialis\u00e9e  via le  site\ncitoyens.telerecours.fr selon l'article R. 414-6 du code de justice administrative.\nArticle 5 : La secr\u00e9taire g\u00e9n\u00e9rale de la pr\u00e9fecture de l'Ain, sous-pr\u00e9f\u00e8te de l'arrondissement de\nBourg-en-Bresse, et le directeur d\u00e9partemental des finances publiques de l'Ain sont charg\u00e9s,\nchacun en ce qui le concerne, de l'ex\u00e9cution du pr\u00e9sent arr\u00eat\u00e9, lequel leur sera publi\u00e9 au\nrecueil des actes administratifs de la pr\u00e9fecture de l'Ain.\n         Bourg-en-Bresse, le 22 d\u00e9cembre 2025\n            Le pr\u00e9fet,\n SIGN\u00c9\nLouis-Xavier THIRODE\n2\n01_Pref_Pr\u00e9fecture de l'Ain - 01-2025-12-22-00006 - RAA AP d\u00e9l\u00e9gation de signature \u00e0 Monsieur Vincent BONARDI, DDFIP - mati\u00e8re de\npouvoir adjudicateur 20\n01_Pref_Pr\u00e9fecture de l'Ain\n01-2025-12-22-00007\nRAA AP d\u00e9l\u00e9gation de signature \u00e0 Monsieur\nVincent BONARDI, DDFIP - mati\u00e8re domaniale\n01_Pref_Pr\u00e9fecture de l'Ain - 01-2025-12-22-00007 - RAA AP d\u00e9l\u00e9gation de signature \u00e0 Monsieur Vincent BONARDI, DDFIP - mati\u00e8re\ndomaniale 21\nPREFETDE L'AINLibert\u00e9Egalit\u00e9Fraternit\u00e9\nARR\u00caT\u00c9 PR\u00c9FECTORAL\nportant d\u00e9l\u00e9gation de signature \u00e0 Monsieur Vincent BONARDI,\nAdministrateur g\u00e9n\u00e9ral des finances publiques,\nDirecteur d\u00e9partemental des finances publiques de l'Ain\nen mati\u00e8re domaniale\nLE PR\u00c9FET DE L'AIN\nVU le code g\u00e9n\u00e9ral de la propri\u00e9t\u00e9 des personnes publiques ;\nVU le code du domaine de l'\u00c9tat ;\nVU le code de l'environnement ;\nVU la loi n\u00b0 92-125 du 06 f\u00e9vrier 1992 relative \u00e0 l'administration territoriale de la R\u00e9publique  ;\nVU la  loi  n\u00b0  82-213  du  02  mars  1982  relative  aux  droits  et  libert\u00e9s  des  communes,  des\nd\u00e9partements et des r\u00e9gions ;\nVU le d\u00e9cret n\u00b0 2004-374 du 29 avril 2004 relatif aux pouvoirs des pr\u00e9fets, \u00e0 l'organisation et\n\u00e0 l'action des services de l'\u00c9tat dans les r\u00e9gions et les d\u00e9partements  ;\nVU l'ordonnance n\u00b0 2006-460 du 21 avril 2006 relative \u00e0 la partie l\u00e9gislative du code g\u00e9n\u00e9ral\nde la propri\u00e9t\u00e9 des personnes publiques ;\nVU le d\u00e9cret n\u00b0 2009-208 du 20 f\u00e9vrier 2009 relatif au statut particulier des administrateurs\ndes finances publiques ;\nVU le d\u00e9cret n\u00b0 2009-707 du 16 juin 2009 relatif aux services d\u00e9concentr\u00e9s de la direction\ng\u00e9n\u00e9rale des finances publiques ;\nVU le d\u00e9cret n\u00b0 2011-1612 du 22 novembre 2011 relatif aux premi\u00e8re, deuxi\u00e8me, troisi\u00e8me et\nquatri\u00e8me parties r\u00e9glementaires du code g\u00e9n\u00e9ral de la propri\u00e9t\u00e9 des personnes publiques  ;\nVU le d\u00e9cret n\u00b0 2015-510 du 07 mai 2015 portant charte de la d\u00e9concentration  ;\nVU le d\u00e9cret du 02 d\u00e9cembre 2025 portant nomination de Monsieur Louis-Xavier THIRODE,\nen qualit\u00e9 de pr\u00e9fet de l'Ain ;\nVU le d\u00e9cret du 2 ao\u00fbt 2023 portant nomination de Madame Virginie GUERIN-ROBINET,\nsecr\u00e9taire g\u00e9n\u00e9rale de la pr\u00e9fecture de l'Ain, sous-pr\u00e9f\u00e8te de Bourg-en-Bresse  ;\nVU le d\u00e9cret du 04 juin 2021 portant promotion, nomination, affectation et renouvellement\nde d\u00e9tachement d'administrateurs g\u00e9n\u00e9raux des finances publiques et portant nomination\n01_Pref_Pr\u00e9fecture de l'Ain - 01-2025-12-22-00007 - RAA AP d\u00e9l\u00e9gation de signature \u00e0 Monsieur Vincent BONARDI, DDFIP - mati\u00e8re\ndomaniale 22\nde  Monsieur  Vincent  BONARDI, administrateur  g\u00e9n\u00e9ral des  finances publiques, directeur\nd\u00e9partemental  des finances publiques de l'Ain ;\nSUR proposition  de  la  secr\u00e9taire  g\u00e9n\u00e9rale  de  la  pr\u00e9fecture  de  l'Ain,  sous-pr\u00e9f\u00e8te  de\nl'arrondissement de Bourg-en-Bresse. \nA R R \u00ca T E\nArticle     1   : D\u00e9l\u00e9gation est donn\u00e9e \u00e0 Monsieur  Vincent BONARDI , administrateur g\u00e9n\u00e9ral des\nfinances publiques,  directeur d\u00e9partemental des finances publiques de l'Ain , \u00e0 l'effet de\nsigner, dans la limite de ses attributions et comp\u00e9tences, les d\u00e9cisions, contrats, conclusions,\nm\u00e9moires et tous actes, y compris ceux de proc\u00e9dure, se rapportant aux questions, affaires\nou mati\u00e8res suivantes :\nNum\u00e9r\no Nature des attributions R\u00e9f\u00e9rences\n1\nToutes  op\u00e9rations  se  rapportant  \u00e0  la\npassation et \u00e0 la signature au nom de l'\u00c9tat\ndes  actes  de  gestion,  d'utilisation  et  de\ncession des biens domaniaux\nArt. L. 3212-2, R. 1111-2, R. 2123-2, R.\n2123-8, R. 2222-1, R. 2222-6, R. 2222-\n9, R. 2222-15,  R. 2222-24, R. 3211-3,\nR.  3211-4,  R.  3211-6,  R.  3211-7,  R.\n3211-25,  R.  3211-26,  R.  3211-39,  R.\n3211-44 et R. 3212-1 du code g\u00e9n\u00e9ral\nde  la  propri\u00e9t\u00e9  des  personnes\npubliques\nArt. A. 116 du code du domaine de\nl'\u00c9tat et art R.  322-8-1 du code de\nl'environnement\n2\nPassation  au  nom  de  l'\u00c9tat  des  actes\nd'acquisition,  de  prise  en  location\nd'immeubles et de droits immobiliers ou de\nfonds de commerce int\u00e9ressant les services\npublics civils ou militaires de l'\u00c9tat\nArt. R. 1212-1 et R. 4111-8 du code\ng\u00e9n\u00e9ral  de  la  propri\u00e9t\u00e9  des\npersonnes publiques\n3 Autorisation d'incorporation au domaine \npublic des biens du domaine priv\u00e9 de l'\u00c9tat\nArt. R. 2111-1 du code g\u00e9n\u00e9ral de la\npropri\u00e9t\u00e9 des personnes publiques\n4\nToutes op\u00e9rations se rapportant \u00e0 la \npassation et \u00e0 la signature des conventions \nd'utilisation avec le service ou \nl'\u00e9tablissement utilisateur\nArt. R. 2313-3 et R. 4121-2 du code\ng\u00e9n\u00e9ral  de  la  propri\u00e9t\u00e9  des\npersonnes publiques\n5 Attribution des concessions de logements\nArt.  R.  2124-67,  R.  2222-18  et\nR.  4121-3  du  code  g\u00e9n\u00e9ral  de  la\npropri\u00e9t\u00e9 des personnes publiques \n6 Instances  domaniales  de  toute  nature\nautres  que  celles  qui  se  rapportent  \u00e0\nl'assiette  et  au  recouvrement  des  droits,\nArt.  R.  2331-1-1\u00b0  et  2\u00b0,  R.  2331-2,\nR.  2331-3,  R.  2331-4,  R.  2331-5,\nR.  2331-6,  R.  3231-1,  R.  3231-2  et\n2\n01_Pref_Pr\u00e9fecture de l'Ain - 01-2025-12-22-00007 - RAA AP d\u00e9l\u00e9gation de signature \u00e0 Monsieur Vincent BONARDI, DDFIP - mati\u00e8re\ndomaniale 23\nredevances et produits domaniaux R.  4111-11  du  code  g\u00e9n\u00e9ral  de  la\npropri\u00e9t\u00e9 des personnes publiques\nArticle  2 : En  cas  d'absence  ou  d'emp\u00eachement  de  Monsieur  Vincent  BONARDI,\nadministrateur  g\u00e9n\u00e9ral  des  finances  publiques,  directeur  d\u00e9partemental  des  finances\npubliques de l'Ain, la d\u00e9l\u00e9gation de signature qui lui est consentie dans les termes figurant \u00e0\nl'article 1 du pr\u00e9sent arr\u00eat\u00e9 peut \u00eatre exerc\u00e9e par les agents plac\u00e9s sous son autorit\u00e9.\nL'arr\u00eat\u00e9 de subd\u00e9l\u00e9gation fera l'objet d'une publication au recueil des actes administratifs de\nla pr\u00e9fecture.\nArticle  3 :  L'arr\u00eat\u00e9  pr\u00e9fectoral  du  01  septembre 2023  portant  d\u00e9l\u00e9gation  de signature \u00e0\nMonsieur  Vincent  BONARDI,  administrateur  g\u00e9n\u00e9ral  des  finances  publiques, directeur\nd\u00e9partemental des finances publiques de l'Ain, est abrog\u00e9.\nArticle 4 : Le pr\u00e9sent arr\u00eat\u00e9 peut faire l'objet d'un recours devant le tribunal administratif de\nLyon dans un d\u00e9lai de deux mois \u00e0 compter de sa publication, conform\u00e9ment \u00e0 l'article R.\n421-1  du  code  de  justice  administrative,  ou  de  mani\u00e8re  d\u00e9mat\u00e9rialis\u00e9e  via le  site\ncitoyenstelerecours.fr selon l'article R. 414-6 du code de justice administrative.\nArticle 5 : La secr\u00e9taire g\u00e9n\u00e9rale de la pr\u00e9fecture de l'Ain, sous-pr\u00e9f\u00e8te de l'arrondissement\nde  Bourg-en-Bresse,  et  le  directeur  d\u00e9partemental  des  finances  publiques  de  l'Ain  sont\ncharg\u00e9s, chacun en ce qui le concerne, de l'ex\u00e9cution du pr\u00e9sent arr\u00eat\u00e9, lequel leur sera\npubli\u00e9 au recueil des actes administratifs de la pr\u00e9fecture de l'Ain.\nBourg-en-Bresse, le 22 d\u00e9cembre 2025\nLe pr\u00e9fet,\n SIGN\u00c9\nLouis-Xavier THIRODE\n3\n01_Pref_Pr\u00e9fecture de l'Ain - 01-2025-12-22-00007 - RAA AP d\u00e9l\u00e9gation de signature \u00e0 Monsieur Vincent BONARDI, DDFIP - mati\u00e8re\ndomaniale 24\n01_Pref_Pr\u00e9fecture de l'Ain\n01-2025-12-22-00012\nRAA AP d\u00e9l\u00e9gation de signature ANRU V\n01_Pref_Pr\u00e9fecture de l'Ain - 01-2025-12-22-00012 - RAA AP d\u00e9l\u00e9gation de signature ANRU V 25\nPREFETDE L'AINLibert\u00e9Egalit\u00e9Fraternit\u00e9\nARR\u00caT\u00c9 PR\u00c9FECTORAL\nPortant d\u00e9l\u00e9gation de signature \u00e0 Monsieur Vincent PATRIARCA\nDirecteur d\u00e9partemental des territoires\nD\u00e9l\u00e9gu\u00e9 territorial adjoint de l'Agence nationale pour la r\u00e9novation urbaine (ANRU)\nLE PR\u00c9FET DE L'AIN\nVU la loi n\u00b0 2003-710 du 1er ao\u00fbt 2003 d'orientation et de programmation pour la ville et la\nr\u00e9novation urbaine, modifi\u00e9e ;\nVU le d\u00e9cret n\u00b0 2004-123 du 9 f\u00e9vrier 2004 relatif \u00e0 l'Agence Nationale pour la R\u00e9novation\nUrbaine modifi\u00e9 ;\nVU le d\u00e9cret n\u00b0 2004-374 du 29 avril 2004 relatif aux pouvoirs des pr\u00e9fets, \u00e0 l'organisation et \u00e0\nl'action des services de l'\u00c9tat dans les r\u00e9gions et les d\u00e9partements ;\nVU   les r\u00e8glements g\u00e9n\u00e9raux de l'Agence nationale pour la r\u00e9novation urbaine relatifs aux\nprogrammes  de  r\u00e9novation  urbaine  (programme  national  de  renouvellement  urbain,\nprogramme national de requalification des quartiers anciens d\u00e9grad\u00e9s, nouveau programme\nnational  de  renouvellement  urbain)  en  vigueur  et  les  notes  d'instructions  appel\u00e9es  en\napplication de ces r\u00e8glements ;\nVU les r\u00e8glements financiers pour l'agence nationale pour la r\u00e9novation urbaine relatifs aux\nprogrammes  de  r\u00e9novation  urbaine  (programme  national  de  renouvellement  urbain,\nprogramme national de requalification des quartiers anciens d\u00e9grad\u00e9s, nouveau programme\nnational de renouvellement) en vigueur et les notes d'instruction appel\u00e9es en application de\nces r\u00e8glements ;\nVU le  d\u00e9cret  n\u00b02009-1484  du  3  d\u00e9cembre  2009  relatif  aux  directions  d\u00e9partementales\ninterminist\u00e9rielles ;\nVU  l'arr\u00eat\u00e9  du  23  juin  2025  portant  modification  de  l'organisation  de  la  direction\nd\u00e9partementale des territoires de l'Ain ;\nVU le d\u00e9cret du 02 d\u00e9cembre 2025 portant nomination de Monsieur Louis-Xavier THIRODE,\nen qualit\u00e9 de pr\u00e9fet de l'Ain ;\nVU le d \u00e9cret du 2 ao\u00fbt 2023 portant nomination de  Madame Virginie GUERIN-ROBINET,\nsecr\u00e9taire g\u00e9n\u00e9rale de la pr\u00e9fecture de l'Ain, sous-pr\u00e9f\u00e8te de l'arrondissement de Bourg-en-\nBresse ;\n1\n01_Pref_Pr\u00e9fecture de l'Ain - 01-2025-12-22-00012 - RAA AP d\u00e9l\u00e9gation de signature ANRU V 26\nVU l'arr\u00eat\u00e9 de la Premi\u00e8re ministre et du ministre de l'Int\u00e9rieur et des Outre-mer du 31\noctobre 2022 portant nomination de Monsieur Vincent PATRIARCA, ing\u00e9nieur des travaux\npublics de l'\u00c9tat hors classe, directeur d\u00e9partemental des territoires  de l'Ain \u00e0 compter du\n15 novembre 2022 ;\nVU la d\u00e9cision de la Directrice G\u00e9n\u00e9rale de l'Agence nationale pour la r\u00e9novation urbaine\ndu 25 novembre 2022 portant nomination de Monsieur Vincent PATRIARCA, en qualit\u00e9 de\nd\u00e9l\u00e9gu\u00e9  territorial  adjoint  de  l'Agence  nationale  pour  la  r\u00e9novation  urbaine  du\nd\u00e9partement de l'Ain ;\nVU la d\u00e9cision de nomination de Monsieur Luc BARSKY, directeur d\u00e9partemental adjoint\ndes territoires ;\nVU  la d\u00e9cision de nomination de Madame S\u00e9mia MENAI, cheffe du service Habitat et\nConstruction ; \nSUR proposition  de  la  secr\u00e9taire  g\u00e9n\u00e9rale  de  la  pr\u00e9fecture  de  l'Ain,  sous-pr\u00e9f\u00e8te  de\nl'arrondissement de Bourg-en-Bresse.\n                                   A R R \u00ca T E\nArticle     1   : D\u00e9l\u00e9gation est donn\u00e9e \u00e0 Monsieur Vincent PATRIARCA, directeur d\u00e9partemental\ndes territoires de l'Ain, d\u00e9l\u00e9gu\u00e9 territorial adjoint de l'Agence nationale pour la r\u00e9novation\nurbaine pour le d\u00e9partement de l'Ain \u00e0 l'effet de signer :\n\u2022 les d\u00e9cisions attributives de subvention des programmes de r\u00e9novation urbaine du\nNPNRU et du PNRQAD ;\n\u2022 les d\u00e9cisions d'autorisation de pr\u00eats bonifi\u00e9s Action Logement du NPNRU.\nArticle 2  : En cas d'absence ou d'emp\u00eachement des d\u00e9l\u00e9gataires mentionn\u00e9s \u00e0 l'article 1,\nd\u00e9l\u00e9gation  est  donn\u00e9e  \u00e0  Monsieur  Luc  BARSKY,  directeur  d\u00e9partemental  adjoint  des\nterritoires, et \u00e0 Madame S\u00e9mia MENAI, Cheffe du service Habitat Construction, aux fins de\nsigner l'ensemble des actes mentionn\u00e9s audit article.\nArticle 3 : L'arr\u00eat\u00e9 pr\u00e9fectoral du 01 septembre 2023 portant d\u00e9l\u00e9gation de signature pour\nla r\u00e9novation urbaine, est abrog\u00e9.\nArticle     4   : Le pr\u00e9sent arr\u00eat\u00e9 peut \u00eatre contest\u00e9 dans un d\u00e9lai de deux mois \u00e0 compter de\nsa publication :\nPar  recours  gracieux  ou  hi\u00e9rarchique  conform\u00e9ment  \u00e0  l'article  L.  411-2  du  code  des\nrelations entre le public et l'administration. L'absence de r\u00e9ponse dans un d\u00e9lai de deux\nmois fait na\u00eetre une d\u00e9cision implicite de rejet qui peut \u00eatre elle-m\u00eame contest\u00e9e devant\nle tribunal administratif dans les deux mois suivants.\nPar recours contentieux devant le tribunal administratif de Lyon, 184 rue Duguesclin 69003\nLyon, conform\u00e9ment \u00e0 l'article R. 421-1 du code de justice administrative. Ce recours peut\n\u00eatre r\u00e9alis\u00e9 par voie \u00e9lectronique conform\u00e9ment \u00e0 l'article R. 414-2 du code de justice\nadministrative. Depuis le 1er d\u00e9cembre 2018, le recours contentieux peut ainsi \u00eatre d\u00e9pos\u00e9\naupr\u00e8s des juridictions administratives sur l'application internet \"T\u00e9l\u00e9recours citoyens\", en\nsuivant les instructions disponibles sur le site : https://citoyens.telerecours.fr.\n01_Pref_Pr\u00e9fecture de l'Ain - 01-2025-12-22-00012 - RAA AP d\u00e9l\u00e9gation de signature ANRU V 27\nArticle 5 : Le pr\u00e9sent arr\u00eat\u00e9 prend effet le lendemain de sa date de publication au recueil\ndes actes administratifs de la pr\u00e9fecture.\nArticle     6   : La secr\u00e9taire g\u00e9n\u00e9rale de la pr\u00e9fecture de l'Ain, sous-pr\u00e9f\u00e8te de Bourg-en-Bresse,\net  le  directeur  d\u00e9partemental  des  territoires  de  l'Ain,  d\u00e9l\u00e9gu\u00e9  territorial  adjoint  de\nl'Agence national pour la r\u00e9novation urbaine sont charg\u00e9s, chacun en ce qui le concerne,\nde l'ex\u00e9cution du pr\u00e9sent arr\u00eat\u00e9, lequel sera publi\u00e9 au recueil des actes administratifs de la\npr\u00e9fecture. Une copie sera \u00e9galement transmise \u00e0 la direction g\u00e9n\u00e9rale de l'ANRU.\nBourg-en-Bresse, le 22 d\u00e9cembre 2025\nLe pr\u00e9fet,\n SIGN\u00c9\nLouis-Xavier THIRODE\n01_Pref_Pr\u00e9fecture de l'Ain - 01-2025-12-22-00012 - RAA AP d\u00e9l\u00e9gation de signature ANRU V 28\n01_Pref_Pr\u00e9fecture de l'Ain\n01-2025-12-22-00004\nRAA AP d\u00e9l\u00e9gation de signature C\n01_Pref_Pr\u00e9fecture de l'Ain - 01-2025-12-22-00004 - RAA AP d\u00e9l\u00e9gation de signature C 29\nEnPREFETDE L'AINLibert\u00e9Egalit\u00e9Fraternit\u00e9\nARR\u00caT\u00c9 PR\u00c9FECTORAL\nportant d\u00e9l\u00e9gation de signature \u00e0 Madame C\u00e9cile COURREGES,\nDirectrice g\u00e9n\u00e9rale de l'Agence r\u00e9gionale de sant\u00e9 Auvergne-Rh\u00f4ne-Alpes\nLE PR\u00c9FET DE L'AIN\nVU le code de la sant\u00e9 publique et notamment l'article L. 1435-1 ;\nVU le code de la d\u00e9fense ;\nVU la  loi  n\u00b0  2015-29  du  16  janvier  2015  relative  \u00e0  la  d\u00e9limitation  des  r\u00e9gions,  aux  \u00e9lections\nr\u00e9gionales et d\u00e9partementales et modifiant le calendrier \u00e9lectoral ;\nVU la loi n\u00b0 2015-991 du 07 ao\u00fbt 2015 modifi\u00e9e portant nouvelle organisation territoriale de la\nR\u00e9publique ;\nVU l'ordonnance n\u00b0 2015-1620 du 10 d\u00e9cembre 2015 adaptant les agences r\u00e9gionales de sant\u00e9 et\nles unions r\u00e9gionales de professionnels de sant\u00e9 \u00e0 la nouvelle d\u00e9limitation des r\u00e9gions ;\nVU le d\u00e9cret n\u00b0 2004-374 du 29 avril 2004 modifi\u00e9 relatif aux pouvoirs des pr\u00e9fets, \u00e0 l'organisation\net \u00e0 l'action des services de l'\u00c9tat dans les r\u00e9gions et d\u00e9partements ;\nVU le d\u00e9cret n\u00b0 2015-1650 du 11 d\u00e9cembre 2015 adaptant les agences r\u00e9gionales de sant\u00e9 et les\nunions r\u00e9gionales de professionnels de sant\u00e9 \u00e0 la nouvelle d\u00e9limitation des r\u00e9gions et prorogeant\nle mandat des unions r\u00e9gionales de professionnels de sant\u00e9 regroupant les infirmiers ;\nVU le d\u00e9cret du 02 d\u00e9cembre 2025 portant nomination de Monsieur Louis-Xavier THIRODE, en\nqualit\u00e9 de pr\u00e9fet de l'Ain ;\nVU le  d\u00e9cret  du  02  ao\u00fbt  2023  portant  nomination  de  Madame  Virginie  GUERIN-ROBINET,\nsecr\u00e9taire g\u00e9n\u00e9rale de la pr\u00e9fecture de l'Ain, sous-pr\u00e9f\u00e8te de l'arrondissement de Bourg-en-Bresse ;\nVU le d\u00e9cret du 19 avril 2023 portant nomination de Madame C\u00e9cile COURREGES, directrice\ng\u00e9n\u00e9rale de l'agence r\u00e9gionale de sant\u00e9 Auvergne-Rh\u00f4ne-Alpes ;\nVU la d\u00e9cision de la directrice g\u00e9n\u00e9rale de l'agence r\u00e9gionale de sant\u00e9 Auvergne-Rh\u00f4ne-Alpes du\n31 octobre 2025 portant nomination de Madame Sidonie JIQUEL, directrice de la d\u00e9l\u00e9gation\nd\u00e9partementale de l'agence r\u00e9gionale de sant\u00e9 de l'Ain ;\nVU le protocole d\u00e9partemental du 15 mai 2013 relatif aux modalit\u00e9s de coop\u00e9ration entre le\npr\u00e9fet de l'Ain et le directeur g\u00e9n\u00e9ral de l'Agence r\u00e9gionale de sant\u00e9 de Rh\u00f4ne-Alpes ;\nCONSIDERANT qu'aux termes de l'article L. 1435-1, avant-dernier alin\u00e9a du code de la sant\u00e9\npublique : \u00ab Pour les mati\u00e8res relevant de ses attributions au titre du pr\u00e9sent code, le repr\u00e9sentant\nde l'\u00c9tat dans le d\u00e9partement peut d\u00e9l\u00e9guer sa signature \u00e0 la directrice g\u00e9n\u00e9rale de l'agence\nr\u00e9gionale  de  sant\u00e9  et,  en  cas  d'absence  ou  d'emp\u00eachement,  \u00e0  des  agents  plac\u00e9s  sous  son\nautorit\u00e9. \u00bb ;\n1\n01_Pref_Pr\u00e9fecture de l'Ain - 01-2025-12-22-00004 - RAA AP d\u00e9l\u00e9gation de signature C 30\nVU proposition de la secr\u00e9taire g\u00e9n\u00e9rale de la pr\u00e9fecture de l'Ain, sous-pr\u00e9f\u00e8te de l'arrondissement\nde Bourg-en-Bresse.\nARR\u00caTE\nArticle 1  er   : D\u00e9l\u00e9gation est donn\u00e9e \u00e0 Madame  C\u00e9cile COURREGES, directrice g\u00e9n\u00e9rale de l'agence\nr\u00e9gionale de sant\u00e9 Auvergne-Rh\u00f4ne-Alpes, \u00e0 l'effet de signer, dans le cadre de ses attributions et\ncomp\u00e9tences, les d\u00e9cisions et documents relevant des domaines d'activit\u00e9 suivants :\n1. Hospitalisations sans consentement  \n- Transmission \u00e0 la personne faisant l'objet des mesures, conform\u00e9ment \u00e0 l'article L. 3211-3 du\ncode de la sant\u00e9 publique, des arr\u00eat\u00e9s pr\u00e9fectoraux la concernant, list\u00e9s \u00e0 l'annexe 2 du\nprotocole d\u00e9partemental relatif aux modalit\u00e9s de coop\u00e9ration entre la pr\u00e9f\u00e8te et le directeur\ng\u00e9n\u00e9ral de l'agence r\u00e9gionale de sant\u00e9 ;\n- Information des autorit\u00e9s et des personnes list\u00e9es du 1\u00b0 au 5\u00b0 de l'article L. 3213-9 du code de\nla sant\u00e9 publique, dans les 24 heures, de toutes admissions en soins psychiatriques prises sur la\nbase des articles L. 3213-1 et L. 3214-1 du code de la sant\u00e9 publique ou sur d\u00e9cision de justice,\nainsi que toute d\u00e9cision de maintien, et toute lev\u00e9e de cette mesure et d\u00e9cision de soins\nambulatoires ;\n- Courrier permettant la saisine d'un expert dans le cadre et conditions pr\u00e9vues \u00e0 l'article L.\n3213-5-1 du code de la sant\u00e9 publique ;\n- Courrier permettant la saisine du juge des libert\u00e9s et de la d\u00e9tention dans le cadre de l'article\nL. 3211-12-1 du code de la sant\u00e9 publique ;\n- Courrier permettant la d\u00e9signation de deux experts lors de demandes de lev\u00e9e de mesure de\nsoins psychiatriques \u00e0 la demande d'un repr\u00e9sentant de l'\u00c9tat prises en r\u00e9f\u00e9rence aux articles\nL. 3213-7 et L. 3213-8 du code de la sant\u00e9 publique (patient d\u00e9clar\u00e9s irresponsables p\u00e9naux) ;\n- Information  de  la  commission  d\u00e9partementale  des  soins  psychiatriques  de  toutes  les\nhospitalisations  sans  consentement,  leur  renouvellement  et  leur  lev\u00e9e  conform\u00e9ment  \u00e0\nl'article L. 3223-1 du code de la sant\u00e9 publique.\n2.     Sant\u00e9 environnementale\n- Contr\u00f4le administratif et technique des r\u00e8gles d'hygi\u00e8ne au sens des articles L. 1311-1 et L. 1311-\n2 du code de la sant\u00e9 publique, en vue de pr\u00e9server la sant\u00e9 de l'Homme notamment en\nmati\u00e8re :\n\u2013 de pr\u00e9vention des maladies transmissibles ;\n\u2013 de salubrit\u00e9 des habitations, des agglom\u00e9rations et de tous les milieux de vie de \nl'Homme ;\n\u2013 d'alimentation en eau destin\u00e9e \u00e0 la consommation humaine ;\n\u2013 d'exercice d'activit\u00e9s non soumises \u00e0 la l\u00e9gislation sur les installations class\u00e9es pour la\nprotection  de  l'environnement  \u00e0  l'exception  de  l'instruction  des  demandes  de\nd\u00e9rogation aux r\u00e8gles de distance des b\u00e2timents d'\u00e9levage soumis au r\u00e8glement sanitaire\nd\u00e9partemental  (article  164)  dont  l'ARS  est  seulement  saisie  pour  donner  un  avis\ntechnique ;\n\u2013 d'\u00e9vacuation, de traitement, d'\u00e9limination et l'utilisation des eaux us\u00e9es et des d\u00e9chets ;\n\u2013 de pr\u00e9vention des nuisances sonores ;\n\u2013 de lutte contre la pollution atmosph\u00e9rique ;\n\u2013 de la s\u00e9curit\u00e9 sanitaire des eaux conditionn\u00e9es et thermales, eaux de baignade et de\npiscines ;\n\u2013 des missions du contr\u00f4le sanitaire aux fronti\u00e8res (des points d'entr\u00e9e du territoire) en\napplication de l'article  R. 3115-4 du code de la sant\u00e9 publique ;\n2\n01_Pref_Pr\u00e9fecture de l'Ain - 01-2025-12-22-00004 - RAA AP d\u00e9l\u00e9gation de signature C 31\n- Mesures  de  gestion  en  cas  d'urgence  sanitaire,  notamment  en  cas  de  danger  ponctuel\nimminent pour la sant\u00e9 publique, en application de l'article L. 1311-4 du code de la sant\u00e9\npublique ;\n- Contr\u00f4le  sanitaire  des  eaux  destin\u00e9es  \u00e0  la  consommation  humaine,  proc\u00e9dures\nd'autorisations, propositions de mesures correctives, interdictions, informations relatives aux\nEDCH, en application des articles L. 1321-1 et suivants, R. 1321-1 \u00e0 R. 1321-61 et D. 1321-103 \u00e0 D.\n1321-105 du code de la sant\u00e9 publique ;\n- Contr\u00f4le  sanitaire  des  eaux  conditionn\u00e9es,  proc\u00e9dures  d'autorisation,  propositions  de\nmesures correctives, interdictions, en application des articles L. 1321-7 et R. 1321-69 \u00e0 R. 1321-\n95 du code de la sant\u00e9 publique ;\n- Contr\u00f4le sanitaire des eaux min\u00e9rales naturelles, proc\u00e9dures d'autorisation, de protection des\nsources et des usages qui en sont faits, propositions de mesures correctives, interdictions en\napplication des articles L. 1322-1 et suivants et R. 1322-1 \u00e0 R. 1322-67 du code de la sant\u00e9\npublique ;\n- Lutte contre les situations d'insalubrit\u00e9 des habitations et des agglom\u00e9rations, conform\u00e9ment\naux dispositions des articles L. 1331-22 \u00e0 L. 1331-24 du code de la sant\u00e9 publique et des articles\nL. 511-1 \u00e0 L. 511-22 du code de la construction et de l'habitation. Les proc\u00e9dures cons\u00e9cutives \u00e0\nune  d\u00e9faillance  du  propri\u00e9taire,  du  copropri\u00e9taire  ou  de  l'exploitant  demeurent  de  la\ncomp\u00e9tence des services communaux ou pr\u00e9fectoraux ;\n- Lutte contre la pr\u00e9sence de plomb, en application des articles L. 1331-22, L. 1334-1 et suivants\ndu  code  de  la  sant\u00e9  publique  (hors  ex\u00e9cution  d'office  des  travaux  et  substitution  pour\nl'h\u00e9bergement). Les proc\u00e9dures cons\u00e9cutives \u00e0 une d\u00e9faillance du propri\u00e9taire, copropri\u00e9taire\nou exploitant demeurent de la comp\u00e9tence des services pr\u00e9fectoraux ;\n- Lutte contre la pr\u00e9sence d'amiante, en application des articles L. 1334-12-1, L. 1334-15, R. 1334-\n29-8, R. 1334-29-9 du code de la sant\u00e9 publique ;\n- Contr\u00f4le  sanitaire  des  piscines  et  baignades  ouvertes  au  public,  d\u00e9claration  d'ouverture,\npropositions de mesures correctives, interdictions, mesures d'urgence, informations relatives\naux r\u00e9sultats en application des articles L. 1332-1 et suivants, L. 1337-1 et D. 1332-1 \u00e0 D. 1332-54\ndu code de la sant\u00e9 publique ;\n- Lutte contre les nuisances sonores li\u00e9es aux lieux diffusant des sons amplifi\u00e9s \u00e0 des niveaux\nsonores  \u00e9lev\u00e9s,  en  application  des  articles  L.  171-8  (hors  ex\u00e9cution  d'office  des  mesures\nprescrites) et R. 571-25 \u00e0 R. 571-28 du code de l'environnement et R. 1336-1 \u00e0 R. 1336-3 du\ncode de la sant\u00e9 publique ;\n- Suivi des fili\u00e8res de collectes et de traitements des d\u00e9chets d'activit\u00e9 de soins \u00e0 risques\ninfectieux dans le cadre de l'arr\u00eat\u00e9 d'autorisation des appareils de d\u00e9sinfection d\u00e9livr\u00e9s par le\npr\u00e9fet, en application des articles R. 1335-6 et R. 1335-7 du code de la sant\u00e9 publique ;\n- Application des dispositions relatives aux pollutions atmosph\u00e9riques prises dans l'int\u00e9r\u00eat de la\nsant\u00e9 publique, en application de l'article L. 1335-1 du code la sant\u00e9 publique ;\n- Application des dispositions relatives \u00e0 la protection contre le risque d'exposition au radon en\napplication de l'article L. 1333-10 du code de la sant\u00e9 publique ;\n- Lutte anti-vectorielle en application de l'article R. 3114-9 du code de la sant\u00e9 publique.\n3.     Autres domaines de sant\u00e9 publique\n- D\u00e9signation  des  trois  m\u00e9decins  et  composition  par  arr\u00eat\u00e9  du  comit\u00e9  m\u00e9dical  charg\u00e9  de\ndonner un avis sur l'aptitude physique ou mentale des praticiens hospitaliers et des \u00e9tudiants\nen m\u00e9decine, odontologie et pharmacie en application des dispositions des chapitres II et III\ndu Titre V du Livre I - Sixi\u00e8me partie du code de la sant\u00e9 publique.\n- Placement par arr\u00eat\u00e9 des praticiens hospitaliers en cong\u00e9s longue dur\u00e9e en application de\nl'article R. 6152-39 du code de la sant\u00e9 publique et placement par arr\u00eat\u00e9 en service \u00e0 temps\npartiel pour raison th\u00e9rapeutique cons\u00e9cutif \u00e0 un placement en cong\u00e9s de longue dur\u00e9e en\napplication de l'article R. 6152-43 du code de la sant\u00e9 publique.\n3\n01_Pref_Pr\u00e9fecture de l'Ain - 01-2025-12-22-00004 - RAA AP d\u00e9l\u00e9gation de signature C 32\nArticle  2     :   En  cas  d'absence  ou  d'emp\u00eachement  de  Madame  C\u00e9cile  COURREGES,  directrice\ng\u00e9n\u00e9rale  de  l'agence  r\u00e9gionale  de  sant\u00e9  Auvergne-Rh\u00f4ne-Alpes,  d\u00e9l\u00e9gation  de  signature  est\ndonn\u00e9e :\na) pour les d\u00e9cisions et documents relevant des domaines d'activit\u00e9 pr\u00e9cis\u00e9s dans l'ensemble de\nl'article 1er du pr\u00e9sent arr\u00eat\u00e9, \u00e0 Monsieur Igor BUSSCHAERT, directeur g\u00e9n\u00e9ral adjoint;\nb) Pour les d\u00e9cisions et documents relevant des domaines d'activit\u00e9 pr\u00e9cis\u00e9s dans l'article 1-1 du\npr\u00e9sent arr\u00eat\u00e9, \u00e0 Madame Sidonie JIQUEL, directrice de la d\u00e9l\u00e9gation d\u00e9partementale de l'Ain\net  en cas d'absence ou d'emp\u00eachement, \u00e0 Madame H\u00e9l\u00e8ne VITRY, directrice adjointe  de la\nd\u00e9l\u00e9gation d\u00e9partementale de l'Ain.\nEn cas d'absence ou d'emp\u00eachement de  Madame Sidonie JIQUEL ou Madame H\u00e9l\u00e8ne VITRY ,\nd\u00e9l\u00e9gation de signature est donn\u00e9e dans leurs domaines de comp\u00e9tence \u00e0 :\n\u2022 Monsieur Philippe GU\u00c9TAT, directeur de la d\u00e9l\u00e9gation d\u00e9partementale du Rh\u00f4ne et de la \nM\u00e9tropole de Lyon ;\n\u2022 Monsieur Omar Safir ADERGAL, responsable de la cellule soins sans consentement \u00e0 la \nd\u00e9l\u00e9gation d\u00e9partementale du Rh\u00f4ne et de la M\u00e9tropole de Lyon ;\n\u2022 Docteur Emmanuelle GUICHARD, conseill\u00e8re m\u00e9dicale \u00e0 la d\u00e9l\u00e9gation d\u00e9partementale du \nRh\u00f4ne et de la M\u00e9tropole de Lyon ; \n\u2022 Monsieur Simon MICHAUD, responsable du service Situations Sanitaires Exceptionnelles \u00e0 \nla d\u00e9l\u00e9gation d\u00e9partementale du Rh\u00f4ne et de la M\u00e9tropole de Lyon \nc) Pour les d\u00e9cisions et documents relevant des domaines d'activit\u00e9 pr\u00e9cis\u00e9s dans l'article 1 er-2\ndu pr\u00e9sent arr\u00eat\u00e9, \u00e0 Monsieur Aymeric BOGEY, directeur de la sant\u00e9 publique ;\nEn cas d'absence ou d'emp\u00eachement de  Monsieur Aymeric BOGEY , d\u00e9l\u00e9gation de signature\nest donn\u00e9e \u00e0 Madame Patricia SALOMON, directrice d\u00e9l\u00e9gu\u00e9e de la sant\u00e9 publique ;\nEn  cas  d'absence  ou  d'emp\u00eachement  de  Monsieur  Aymeric  BOGEY  et  de\nMadame Patricia SALOMON, d\u00e9l\u00e9gation de signature est donn\u00e9e \u00e0  Monsieur Bruno FABRES,\nresponsable du p\u00f4le sant\u00e9 et environnement \u00e0 la direction de la sant\u00e9 publique.\nd) Pour les d\u00e9cisions et documents relevant des domaines d'activit\u00e9 pr\u00e9cis\u00e9s dans l'article 1 er-3\ndu pr\u00e9sent arr\u00eat\u00e9, \u00e0 Madame C\u00e9cile BEHAGHEL, directrice de l'offre de soins ;\nEn cas d'absence ou d'emp\u00eachement de Madame C\u00e9cile BEHAGHEL, d\u00e9l\u00e9gation de signature\nest donn\u00e9e \u00e0 Monsieur Yann LEQUET, directeur d\u00e9l\u00e9gu\u00e9 de la direction de l'offre de soins.\nEn cas d'absence ou d'emp\u00eachement de Monsieur Yann LEQUET, d\u00e9l\u00e9gation de signature est\ndonn\u00e9e  \u00e0  Madame  C\u00e9cile  LEFEBVRE,  responsable  interd\u00e9partementale  de  l'offre  de  soins\nhospitali\u00e8re.\nArticle     3   : En cas d'absence ou d'emp\u00eachement des d\u00e9l\u00e9gataires pr\u00e9vus \u00e0 l'article 2, d\u00e9l\u00e9gation de\nsignature est donn\u00e9e, pour les d\u00e9cisions et documents relevant des domaines d'activit\u00e9 pr\u00e9cis\u00e9s \u00e0\nl'article  1er-2  du  pr\u00e9sent  arr\u00eat\u00e9,  \u00e0  Madame  Sidonie  JIQUEL,  directrice  de  la  d\u00e9l\u00e9gation\nd\u00e9partementale  de  l'Ain  et  en  cas  d'absence  ou  d'emp\u00eachement  \u00e0  Madame H\u00e9l\u00e8ne VITRY,\ndirectrice adjointe de la d\u00e9l\u00e9gation d\u00e9partementale de l'Ain.\nEn  cas  d'absence  ou  d'emp\u00eachement  de  Madame  Sidonie  JIQUEL  et  Madame  H\u00e9l\u00e8ne  VITRY,\nd\u00e9l\u00e9gation de signature est donn\u00e9e dans leurs domaines de comp\u00e9tence \u00e0 :\n\u2022 Madame Florence CHEMIN, cheffe du p\u00f4le sant\u00e9 publique \u00e0 la d\u00e9l\u00e9gation d\u00e9partementale\nde Haute-Savoie ;\n\u2022 Madame Marion FAURE, charg\u00e9e de mission P\u00f4le offre de sant\u00e9 territorialis\u00e9e\n\u2022 Madame Nathalie LAGNEAUX, cheffe du P\u00f4le Autonomie\n\u2022 Madame Katia ANDRIANARIJAONA, cheffe de l'unit\u00e9 qualit\u00e9 de l'eau ;\n\u2022 Madame Christelle VIVIER, cheffe de l'unit\u00e9 sant\u00e9 et am\u00e9nagement du territoire.\n4\n01_Pref_Pr\u00e9fecture de l'Ain - 01-2025-12-22-00004 - RAA AP d\u00e9l\u00e9gation de signature C 33\net aux m\u00e9decins de veille sanitaire :\n\u2022 Docteur Julien BERRA (DD 69) ;\n\u2022 Docteur Muriel DEHER (DD 73) ;\n\u2022 Docteur Olivier GAGET (DD 38)  ;\n\u2022 Docteur C\u00e9cile MARIE (DSP) ;\n\u2022 Docteur Anne-Sophie RONNAUX-BARON (DSP).\n\u2022 Madame Mathilde BALLET (26)\n\u2022 Docteur No\u00e9mie ROSSELLO (DSP)\nArticle 4  : L'arr\u00eat\u00e9 pr\u00e9fectoral portant d\u00e9l\u00e9gation de signature \u00e0 Madame C\u00e9cile COURREGES,\ndirectrice g\u00e9n\u00e9rale de l'Agence r\u00e9gionale de sant\u00e9 Auvergne-Rh\u00f4ne-Alpes, du 01 d\u00e9cembre 2025\nest abrog\u00e9.\nArticle  5 : Le  pr \u00e9sent  arr\u00eat\u00e9 prend  effet  \u00e0  compter de  sa  publication  au  recueil  des  actes\nadministratifs.\nArticle 6  :  Un recours contre le pr\u00e9sent arr\u00eat\u00e9 peut \u00eatre form\u00e9 devant le Tribunal Administratif\ndans un d\u00e9lai de deux mois \u00e0 compter de sa publication. En application du d\u00e9cret n\u00b02018-251 du 6\navril 2018, les particuliers et les personnes morales de droit priv\u00e9 non repr\u00e9sent\u00e9s par un avocat\npeuvent communiquer avec un Tribunal administratif par la voie de l'application informatique \u00ab\nT\u00e9l\u00e9recours citoyens \u00bb sur le site www.telerecours.fr.\nArticle 7  : La  secr\u00e9taire g\u00e9n\u00e9rale de la pr\u00e9fecture de l'Ain, sous-pr\u00e9f\u00e8te de l'arrondissement de\nBourg-en-Bresse, et la directrice g \u00e9n\u00e9rale de l 'agence r\u00e9gionale de sant\u00e9 d'Auvergne-Rh\u00f4ne-Alpes\nsont charg\u00e9es, chacune en ce qui la concerne, de l'ex\u00e9cution du pr\u00e9sent arr\u00eat\u00e9 qui sera publi\u00e9 au\nrecueil des actes administratifs de la pr\u00e9fecture de l'Ain.\nBourg-en-Bresse, le 22 d\u00e9cembre 2025\nLe pr\u00e9fet,\nSIGN\u00c9\nLouis-Xavier THIRODE\n5\n01_Pref_Pr\u00e9fecture de l'Ain - 01-2025-12-22-00004 - RAA AP d\u00e9l\u00e9gation de signature C 34\n01_Pref_Pr\u00e9fecture de l'Ain\n01-2025-12-22-00005\nRAA AP d\u00e9l\u00e9gation de signature C\n01_Pref_Pr\u00e9fecture de l'Ain - 01-2025-12-22-00005 - RAA AP d\u00e9l\u00e9gation de signature C 35\nEnPREFETDE L'AINLibert\u00e9Egalit\u00e9Fraternit\u00e9\nARR\u00caT\u00c9 PR\u00c9FECTORAL\nportant d\u00e9l\u00e9gation de signature \u00e0 Madame C\u00e9cile du CLUZEL,\ndirectrice de la s\u00e9curit\u00e9 de l'aviation civile Centre-Est\nLE PR\u00c9FET DE L'AIN\nVU le code des transports ;\nVU la loi n\u00b0 2004-809 du 13 ao\u00fbt 2004 relative aux libert\u00e9s et responsabilit\u00e9s locales ;\nVU  la  loi  n\u00b0  92-125  du  06  f\u00e9vrier  1992  relative  \u00e0  l'administration  territoriale  de  la\nR\u00e9publique ;\nVU la loi n\u00b0 82-213 du 02 mars 1982 relative aux droits et libert\u00e9s des communes, des\nd\u00e9partements et des r\u00e9gions ;\nVU le  d\u00e9cret  n\u00b0  2020-752  du  19  juin  2020  relatif  \u00e0  la  d\u00e9concentration  des  d\u00e9cisions\nadministratives individuelles dans les domaines de l'\u00e9cologie, du d\u00e9veloppement durable,\ndes transports, de l'\u00e9nergie et du logement ;\nVU le d\u00e9cret n\u00b0 2008-1299 du 11 d\u00e9cembre 2008 modifi\u00e9 cr\u00e9ant la direction de la s\u00e9curit\u00e9\nde l'aviation civile ;\nVU le d\u00e9cret n\u00b0 2004-374 du 29 avril 2004 modifi\u00e9 relatif aux pouvoirs des pr\u00e9fets, \u00e0\nl'organisation et \u00e0 l'action des services de l'\u00c9tat dans les r\u00e9gions et les d\u00e9partements ;\nVU le d\u00e9cret n\u00b0 97-34 du 15 janvier 1997 modifi\u00e9 relatif \u00e0 la d\u00e9concentration des d\u00e9cisions\nadministratives individuelles ;\nVU le  d\u00e9cret  97-1198  du  19  d\u00e9cembre  1997  pris  pour  l'application  au  ministre  de\nl'\u00c9quipement, des transports et du logement du 1\u00b0 de l'article 2 du d\u00e9cret 97-34 du 15\njanvier 1997 relatif \u00e0 la d\u00e9concentration des d\u00e9cisions administratives individuelles ;\nVU le  d\u00e9cret  du  02  d\u00e9cembre  2025  portant  nomination  de  Monsieur  Louis-\nXavier THIRODE, en qualit\u00e9 de pr\u00e9fet de l'Ain ;\nVU le d\u00e9cret du 2 ao\u00fbt 2023 portant nomination de Madame Virginie GUERIN-ROBINET,\nsecr\u00e9taire g\u00e9n\u00e9rale de la pr\u00e9fecture de l'Ain, sous-pr\u00e9f\u00e8te de Bourg-en-Bresse ;\nVU l'arr\u00eat\u00e9 minist\u00e9riel du 8 ao\u00fbt 2023 portant nomination de Madame C\u00e9cile du CLUZEL,\ning\u00e9nieure des \u00e9tudes et de l'exploitation de l'aviation civile, directrice de la s\u00e9curit\u00e9 de\nl'aviation civile Centre-Est \u00e0 compter du 1er septembre 2023 ;\nSUR proposition  de  la  secr\u00e9taire  g\u00e9n\u00e9rale  de  la  pr\u00e9fecture  de  l'Ain,  sous-pr\u00e9f\u00e8te  de\nl'arrondissement de Bourg-en-Bresse,\n01_Pref_Pr\u00e9fecture de l'Ain - 01-2025-12-22-00005 - RAA AP d\u00e9l\u00e9gation de signature C 36\nARR\u00caTE\nArticle 1 : D\u00e9l\u00e9gation de signature est donn\u00e9e \u00e0 Madame C\u00e9cile du CLUZEL, ing\u00e9nieure des\n\u00e9tudes et de l'exploitation de l'aviation civile, directrice de la s\u00e9curit\u00e9 de l'aviation civile\nCentre-Est, \u00e0 l'effet de signer au nom du pr\u00e9fet de l'Ain, dans le cadre de ses attributions\net comp\u00e9tences, les d\u00e9cisions suivantes :\nN\u00b0 Nature de la d\u00e9cision R\u00e9f\u00e9rences\n1\nR\u00e9tention d'a\u00e9ronef fran\u00e7ais ou \u00e9tranger qui ne\nremplit pas les conditions pr\u00e9vues par le code\ndes transports et pour se livrer \u00e0 la circulation\na\u00e9rienne  ou  dont  le  pilote  a  commis  une\ninfraction au sens de ce code\nArticles L.6231-1 et L.6231-2 du code\ndes transports\n2\nD\u00e9cisions  de  d\u00e9livrance  des  titres  de\ncirculation permettant l'acc\u00e8s et la circulation\nen  zone  c\u00f4t\u00e9  piste  ou  en  zone  de  s\u00fbret\u00e9  \u00e0\nl'acc\u00e8s r\u00e9glement\u00e9 des a\u00e9rodromes\nArticles  R.6342-14  et  R.6342-24  du\ncode des transports\n3\nD\u00e9rogations  aux  hauteurs  minimales  de  vol\nimpos\u00e9es par la r\u00e9glementation, en dehors du\nsurvol  des  agglom\u00e9rations,  ou  des\nrassemblements de personnes ou d'animaux en\nplein air, ou le survol de certaines installations\nou \u00e9tablissements\nR\u00e8glement de la circulation a\u00e9rienne\n4\nAutorisations,  dans  les  zones  grev\u00e9es  de\nservitudes  a\u00e9ronautiques,  d'installations  et\n\u00e9quipements  concourant  \u00e0  la  s\u00e9curit\u00e9  de  la\nnavigation  a\u00e9rienne  et  du  transport  a\u00e9rien\npublic, ainsi que d'installations n\u00e9cessaires \u00e0 la\nconduite de travaux pour une dur\u00e9e limit\u00e9e\nArticles  R.6351-12  et  R.6351-13  du\ncode des transports\n5 Autorisation de re-d\u00e9collage d'a\u00e9ronefs ayant\n\u00e9t\u00e9 contraints d'atterrir hors d'un a\u00e9rodrome\nr\u00e9guli\u00e8rement \u00e9tabli\nArticle  D.6212-2  du  code  des\ntransports\n6\nD\u00e9cisions de validation des acquis, d'octroi, de\nretrait,  ou  de  suspension  des  agr\u00e9ments  des\npersonnels charg\u00e9s du service de sauvetage et\nde lutte contre l'incendie\nArticle  D.6332-14  du  code  des\ntransports\n01_Pref_Pr\u00e9fecture de l'Ain - 01-2025-12-22-00005 - RAA AP d\u00e9l\u00e9gation de signature C 37\n7\nLes documents relatifs au contr\u00f4le du respect\ndes  dispositions  applicables  au  service  de\nsauvetage et de lutte contre l'incendie par les\nexploitants  d'a\u00e9rodromes  ou  les  organismes\nauxquels ils ont confi\u00e9 leur service, ainsi que\nceux  relatifs  au  contr\u00f4le  du  respect  des\ndispositions relatives \u00e0 la mise en \u0153uvre de la\npr\u00e9vention  et  de  la  lutte  contre  le  p\u00e9ril\nanimalier par les exploitants d'a\u00e9rodromes\nArticles  D.6332-15  et  D.6332-45  du\ncode des transports\nArticle 2 : Sont exclus de la d\u00e9l\u00e9gation consentie par le pr\u00e9sent arr\u00eat\u00e9 :\n\u2022 Les  m\u00e9moires  en  d\u00e9fense  pr\u00e9sent\u00e9s  au  nom  de  l'\u00c9tat  \u00e0  l'occasion  des  recours\nform\u00e9s devant les juridictions administratives et n\u00e9s de l'activit\u00e9 de la Direction de\nla s\u00e9curit\u00e9 de l'aviation civile Centre-Est et dans les cas de proc\u00e9dure d'urgence\npr\u00e9vus au Livre V du code de justice administrative ;\n\u2022 Les correspondances avec les \u00e9lus, ministres et anciens ministres ;\n\u2022 Les conventions avec les collectivit\u00e9s territoriales et leurs \u00e9tablissements publics ;\n\u2022 Les correspondances entrant dans le cadre de la n\u00e9gociation du contrat de projets.\nArticle 3 : En cas d'absence ou d'emp\u00eachement de Madame C\u00e9cile du CLUZEL, ing\u00e9nieure\ndes \u00e9tudes et de l'exploitation de l'aviation civile, directrice de la s\u00e9curit\u00e9 de l'aviation\ncivile Centre-Est, la d\u00e9l\u00e9gation qui lui est consentie dans les termes figurant \u00e0 l'article 1  du\npr\u00e9sent  arr\u00eat\u00e9  est  exerc\u00e9e  par  les  agents  list\u00e9s  ci-dessous,  dans  les  limites  de  leurs\nattributions :\n\u2013 Monsieur Romain BEVILLARD, adjoint \u00e0 la directrice, charg\u00e9 des affaires techniques,\npour les \u00a7 1 \u00e0 7;\n\u2013 Madame G\u00e9raldine MARCHAND-DEMONCHEAUX, cheffe de cabinet, pour les \u00a7 1 \u00e0\n7;\n\u2013 Monsieur Thierry LHOMMEAU, r\u00e9f\u00e9rent territorial, pour les \u00a7 1 \u00e0 7 ;\n\u2013 Monsieur Marc BALLAND, responsable qualit\u00e9 / PPO, pour les points 1 \u00e0 7;\n\u2013 Monsieur Simon DUPIN, chef de la division op\u00e9rations a\u00e9riennes, pour le \u00a7 1 ;\n\u2013 Monsieur Bertrand DREVON, chef de la division s\u00fbret\u00e9, pour le \u00a7 2 ;\n\u2013 Monsieur Laurent LASSASSEIGNE, adjoint au chef de la division s\u00fbret\u00e9 pour le \u00a7 2 ;\n\u2013 Madame Chlo\u00e9 DUPOUY, agent \u00e0 la division s\u00fbret\u00e9, pour le \u00a7 2 ;\n\u2013 Messieurs Sami MA\u00cfT et Romain GARCIA, agents \u00e0 la division s\u00fbret\u00e9, pour le \u00a7 2 ;\n\u2013 Madame Gwendolyne BRETAGNE, cheffe de la division aviation g\u00e9n\u00e9rale pour le \u00a7\n3 ;\n\u2013 Monsieur Pierre-Etienne CRABBE, chef de la subdivision a\u00e9ronefs et activit\u00e9s dans la\ndivision aviation g\u00e9n\u00e9rale pour le \u00a7 3 ;\n\u2013 Madame Nathalie SPYCKERELLE, cheffe de la division r\u00e9gulation et d\u00e9veloppement\ndurable pour le \u00a7 4 ;\n\u2013 Monsieur  Morgan  HENNARD,  adjoint  \u00e0  la  cheffe  de  la  division  r\u00e9gulation  et\nd\u00e9veloppement durable pour le \u00a7 4 ; ;\n\u2013 Madame Carole SOUFFLET, cheffe de la division a\u00e9roports et navigation a\u00e9rienne,\npour les \u00a7 6 et 7 .\nArticle 4 : En cas d'absence ou d'indisponibilit\u00e9 de Madame C\u00e9cile du CLUZEL, d\u00e9l\u00e9gation\nest consentie aux agents plac\u00e9s sous son autorit\u00e9, en tant que cadres de permanence de\ndirection  lorsqu'ils  assurent  l'astreinte  de  direction,  \u00e0  l'effet  de  signer  les  actes  ou\nd\u00e9cisions pr\u00e9vue l'article 1 pour les \u00a7 1 et 5.\n01_Pref_Pr\u00e9fecture de l'Ain - 01-2025-12-22-00005 - RAA AP d\u00e9l\u00e9gation de signature C 38\n\u2013 Monsieur Romain BEVILLARD, adjoint \u00e0 la directrice, charg\u00e9 des affaires techniques ;\n\u2013 Madame G\u00e9raldine MARCHAND-DEMONCHEAUX, cheffe de cabinet ;\n\u2013 Monsieur Thierry LHOMMEAU, r\u00e9f\u00e9rent territorial ;\n\u2013 Monsieur Marc BALLAND, responsable qualit\u00e9 / PPO ;\n\u2013 Monsieur Bertrand DREVON, chef de la division s\u00fbret\u00e9 ;\n\u2013 Monsieur Laurent LASSASSEIGNE, adjoint au chef de la division s\u00fbret\u00e9 ;\n\u2013 Monsieur Simon DUPIN, chef de la division op\u00e9rations a\u00e9riennes ;\n\u2013 Madame Nathalie SPYCKERELLE, cheffe de la division r\u00e9gulation et d\u00e9veloppement\ndurable ;\n\u2013 Monsieur  Morgan  HENNARD,  adjoint  \u00e0  la  cheffe  de  la  division  r\u00e9gulation  et\nd\u00e9veloppement durable ;\n\u2013 Madame Carole SOUFFLET, cheffe de la division a\u00e9roports et navigation a\u00e9rienne ;\n\u2013 Madame Gwendolyne BRETAGNE, cheffe de la division aviation g\u00e9n\u00e9rale.\nArticle 5     :  L'arr\u00eat\u00e9 pr\u00e9fectoral du 03 novembre 2025 portant d\u00e9l\u00e9gation de signature \u00e0\nMadame C\u00e9cile du CLUZEL, directrice de la s\u00e9curit\u00e9 de l'Aviation Civile Centre-Est, est\nabrog\u00e9.\nArticle 6     : Le pr\u00e9sent arr\u00eat\u00e9 peut faire l'objet d'un recours devant le tribunal administratif\nde Lyon dans un d\u00e9lai de deux mois \u00e0 compter de sa publication, conform\u00e9ment \u00e0 l'article\nR.  421-1  du  code  de  justice  administrative,  ou  de  mani\u00e8re  d\u00e9mat\u00e9rialis\u00e9e  via le  site\ncitoyens.telerecours.fr selon l'article R. 414-6 du code de justice administrative.\nArticle 7 : La secr\u00e9taire g\u00e9n\u00e9rale de la pr\u00e9fecture de l'Ain, sous-pr\u00e9f\u00e8te de l'arrondissement\nde  Bourg-en-Bresse,  et  la  directrice  de  la  s\u00e9curit\u00e9  de  l'Aviation  Civile  Centre-Est  sont\ncharg\u00e9es, chacune en ce qui la concerne, de l'ex\u00e9cution du pr\u00e9sent arr\u00eat\u00e9, lequel sera\npubli\u00e9 au recueil des actes administratifs de la pr\u00e9fecture de l'Ain.\nBourg-en-Bresse, le 22 d\u00e9cembre 2025\nLe pr\u00e9fet,\nSIGN\u00c9\nLouis-Xavier THIRODE\n01_Pref_Pr\u00e9fecture de l'Ain - 01-2025-12-22-00005 - RAA AP d\u00e9l\u00e9gation de signature C 39\n01_Pref_Pr\u00e9fecture de l'Ain\n01-2025-12-22-00009\nRAA AP d\u00e9l\u00e9gation de signature E\n01_Pref_Pr\u00e9fecture de l'Ain - 01-2025-12-22-00009 - RAA AP d\u00e9l\u00e9gation de signature E 40\n=mPREFETDE L'AINLibert\u00e9Egalit\u00e9Fraternit\u00e9\nARR\u00caT\u00c9 PR\u00c9FECTORAL\nPortant d\u00e9l\u00e9gation de signature \u00e0 Monsieur Eric KEROURIO,\nInspecteur g\u00e9n\u00e9ral de sant\u00e9 publique v\u00e9t\u00e9rinaire,\ndirecteur d\u00e9partemental de la protection des populations\nLE PR\u00c9FET DE L'AIN\nVU le code du commerce ;\nVU le code de la consommation ;\nVU le code de l'environnement ;\nVU le code rural et de la p\u00eache maritime ;\nVU le code de la sant\u00e9 publique ;\nVU le code du tourisme ;\nVU le code du travail ;\nVU le  r\u00e8glement  du  Parlement  europ\u00e9en  et  du  Conseil  n\u00b0  1069-2009  du  21  octobre  2009\n\u00e9tablissant des r\u00e8gles sanitaires applicables aux sous-produits animaux et produits d\u00e9riv\u00e9s non\ndestin\u00e9s \u00e0 la consommation humaine ;\nVU la  loi  n\u00b0  92-125  du  6  f\u00e9vrier  1992  modifi\u00e9e  relative  \u00e0  l'administration  territoriale  de  la\nR\u00e9publique ;\nVU la loi n\u00b0 84-16 du 11 janvier 1984 portant dispositions statutaires relatives \u00e0 la fonction publique\nde l'\u00c9tat ;\nVU la loi n\u00b0 83-8 du 07 janvier 1983 relative \u00e0 la r\u00e9partition des comp\u00e9tences entre les communes,\nles d\u00e9partements, les r\u00e9gions et l'\u00c9tat ;\nVU la loi n\u00b0 82-213 du 2 mars 1982 relative aux droits et libert\u00e9s des communes, des d\u00e9partements\net des r\u00e9gions ;\nVU le d\u00e9cret n\u00b0 2020-1427 du 20 novembre 2020 relatif aux comit\u00e9s sociaux d'administration dans\nles administrations et les \u00e9tablissements publics de l'\u00c9tat ;\nVU le d\u00e9cret n\u00b0 2020-1218 du 2 octobre 2020 relatif aux conditions techniques du transport des\ndenr\u00e9es p\u00e9rissables sous temp\u00e9rature dirig\u00e9e ;\nVU le d\u00e9cret n\u00b0 2020-99 du 7 f\u00e9vrier 2020 relatif \u00e0 l'organisation et aux missions des secr\u00e9tariats\ng\u00e9n\u00e9raux communs d\u00e9partementaux ;\nVU le d\u00e9cret n\u00b0 2019-1594 du 31 d\u00e9cembre 2019 relatif aux emplois de direction de l'\u00c9tat ;\n01_Pref_Pr\u00e9fecture de l'Ain - 01-2025-12-22-00009 - RAA AP d\u00e9l\u00e9gation de signature E 41\nVU le d\u00e9cret n\u00b0 2015-510 du 7 mai 2015 portant charte de la d\u00e9concentration ;\nVU le d\u00e9cret n\u00b0 2009-1484 du 3 d\u00e9cembre 2009 modifi\u00e9 relatif aux directions d\u00e9partementales\ninterminist\u00e9rielles ;\nVU le d\u00e9cret n\u00b0 2004-374 du 29 avril 2004 modifi\u00e9 relatif aux pouvoirs des pr\u00e9fets, \u00e0 l'organisation\net \u00e0 l'action des services de l'\u00c9tat dans les r\u00e9gions et les d\u00e9partements ;\nVU le d\u00e9cret n\u00b0 2009-728 du 19 juin 2009 instituant une mesure d'indemnisation et fixant les\nmodalit\u00e9s particuli\u00e8res de l'estimation des animaux abattus et des denr\u00e9es et produits d\u00e9truits sur\nordre de l'administration lors d'une contamination de produits agricoles ;\nVU le  d\u00e9cret  n\u00b0  91-827  du  29  ao\u00fbt  1991  relatif  aux  aliments  destin\u00e9s  \u00e0  une  alimentation\nparticuli\u00e8re ;\nVU le d\u00e9cret n\u00b0 82-453 du 28 mai 1982 modifi\u00e9 relatif \u00e0 l'hygi\u00e8ne et \u00e0 la s\u00e9curit\u00e9 du travail, ainsi\nqu'\u00e0 la pr\u00e9vention m\u00e9dicale dans la fonction publique ;\nVU le d\u00e9cret n\u00b0 64-949 du 9 septembre 1964 portant application de l'article L. 412-1 du code de la\nconsommation pour les produits surgel\u00e9s ;\nVU le d\u00e9cret n\u00b0 55-771 du 21 mai 1955 relatif aux laits destin\u00e9s \u00e0 la consommation humaine ;\nVU le d \u00e9cret n\u00b0 55-241 du 10 f\u00e9vrier 1955 pris pour l'application en ce qui concerne le commerce\ndes conserves et semi-conserves alimentaires de la loi du 1er ao\u00fbt 1905 modifi\u00e9e et compl\u00e9t\u00e9e sur\nla r\u00e9pression des fraudes ;\nVU le d\u00e9cret n\u00b0 2004-374 du 29 avril 2004 relatif aux pouvoirs des pr\u00e9fets, \u00e0 l'organisation et \u00e0\nl'action des services de l'\u00c9tat dans les r\u00e9gions et les d\u00e9partements ;\nVU le d\u00e9cret du 02 d\u00e9cembre 2025 portant nomination de Monsieur Louis-Xavier THIRODE, en\nqualit\u00e9 de pr\u00e9fet de l'Ain ;\nVU le  d\u00e9cret  du  02  ao\u00fbt  2023  portant  nomination  de  Madame  Virginie  GUERIN-ROBINET,\nsecr\u00e9taire g\u00e9n\u00e9rale de la pr\u00e9fecture de l'Ain, sous-pr\u00e9f\u00e8te de l'arrondissement de Bourg-en-Bresse.\nVU la  circulaire  n\u00b0  6092-SG  du  12  juin  2019  relative  \u00e0  la  mise  en  \u0153uvre  de  la  r\u00e9forme  de\nl'organisation territoriale de l'\u00c9tat ;\nVU la circulaire n\u00b0 6104-SG du 2 ao\u00fbt 2019 relative \u00e0 la constitution des secr\u00e9tariats g\u00e9n\u00e9raux\ncommuns aux pr\u00e9fectures et aux directions d\u00e9partementales interminist\u00e9rielles ;\nVU l'arr\u00eat\u00e9 du 8 octobre 2018 fixant les r\u00e8gles g\u00e9n\u00e9rales de d\u00e9tention d'animaux d'esp\u00e8ces non\ndomestiques ;\nVU l'arr\u00eat\u00e9 du 31 mars 2011 modifi\u00e9 par arr\u00eat\u00e9 du Premier ministre du 1er juillet 2013 portant\nd\u00e9concentration des d\u00e9cisions relatives \u00e0 la situation individuelle des fonctionnaires et agents non\ntitulaires exer\u00e7ant leurs fonctions dans les directions d\u00e9partementales interminist\u00e9rielles ;\nVU l'arr\u00eat\u00e9 du 8 d\u00e9cembre 2011 \u00e9tablissant des r\u00e8gles sanitaires applicables aux sous-produits\nanimaux et produits d\u00e9riv\u00e9s en application du r\u00e8glement (CE) n\u00b0 1069/2009 et du r\u00e8glement (UE)\nn\u00b0 142/2011 ;\nVU l'arr\u00eat\u00e9 du 19 juin 2009 fixant les modalit\u00e9s particuli\u00e8res de l'estimation des animaux abattus\net  des  denr\u00e9es  et  produits  d\u00e9truits  sur  ordre  de  l'administration  lors  d'une  contamination\n2\n01_Pref_Pr\u00e9fecture de l'Ain - 01-2025-12-22-00009 - RAA AP d\u00e9l\u00e9gation de signature E 42\nagricole ;\nVU l'arr\u00eat\u00e9 du 30 mars 2001 fixant les modalit\u00e9s de l'estimation des animaux abattus et des\ndenr\u00e9es et produits d\u00e9truits sur ordre de l'administration ;\nVU l'arr\u00eat\u00e9 du 21 avril 1954 fixant les conditions d'attribution d'un num\u00e9ro d'immatriculation aux\nfromageries ;\nVU l'arr\u00eat\u00e9 du Premier ministre et du ministre de l'Int\u00e9rieur du 25 avril 2024 portant nomination\nde  Monsieur  Eric  KEROURIO,  inspecteur  g\u00e9n\u00e9ral  de  sant\u00e9  publique  v\u00e9t\u00e9rinaire,  directeur\nd\u00e9partemental de la protection des populations de l'Ain \u00e0 compter du 06 mai 2024 ;\nVU l'arr\u00eat\u00e9 pr\u00e9fectoral du 26 novembre 2025 portant d\u00e9signation de Madame  Marie-Madeleine\nRICHER,  cheffe  du  service  protection  de  l'environnement  et  appui  transversal  aux  m\u00e9tiers,\ndirectrice d\u00e9partementale adjointe par int\u00e9rim de la protection des populations de l'Ain ;\nVU l'arr\u00eat\u00e9  n\u00b0  U14761870227464  du  16  f\u00e9vrier  2021  portant  d\u00e9signation  de\nMadame Nathalie PICHET, conseill\u00e8re d'administration de l'Int\u00e9rieur et de l'Outre-mer, directrice\ndu  secr\u00e9tariat  g\u00e9n\u00e9ral  commun  \u00e0  la  pr\u00e9fecture  et  aux  directions  d\u00e9partementales\ninterminist\u00e9rielles de l'Ain ;\nVU l'arr\u00eat\u00e9  pr\u00e9fectoral  du  11  avril  2023  portant  d\u00e9l\u00e9gation  de  signature  \u00e0\nMadame Nathalie PICHET, conseill\u00e8re d'administration de l'Int\u00e9rieur et de l'Outre-mer , directrice\ndu  secr\u00e9tariat  g\u00e9n\u00e9ral  commun  \u00e0  la  pr\u00e9fecture  et  aux  directions  d\u00e9partementales\ninterminist\u00e9rielles de l'Ain ;\nVU l'arr\u00eat\u00e9 pr\u00e9fectoral du 22 d\u00e9cembre 2020 portant organisation de la direction d\u00e9partementale\nde la protection des populations ;\nVU l'arr\u00eat\u00e9  pr\u00e9fectoral  du  15  d\u00e9cembre  2020  portant  cr\u00e9ation  et  organisation  du  secr\u00e9tariat\ng\u00e9n\u00e9ral commun \u00e0 la pr\u00e9fecture et aux directions d\u00e9partementales interminist\u00e9rielles de l'Ain ;\nSUR proposition  de  la  secr\u00e9taire  g\u00e9n\u00e9rale  de  la  pr\u00e9fecture  de  l'Ain,  sous-pr\u00e9f\u00e8te  de\nl'arrondissement de Bourg-en-Bresse.\nARR\u00caTE\nArticle     1     :   D\u00e9l\u00e9gation est donn\u00e9e \u00e0 Monsieur Eric KEROURIO, inspecteur g\u00e9n\u00e9ral de sant\u00e9 publique\nv\u00e9t\u00e9rinaire, directeur d\u00e9partemental de la protection des populations  de l'Ain, \u00e0 l'effet de signer\nl'ensemble des actes, d\u00e9cisions et documents relevant des attributions et comp\u00e9tences de son\nservice et se rapportant aux mati\u00e8res suivantes :\n1- Concernant l'administration g\u00e9n\u00e9rale et la gestion du personnel :\na) En mati\u00e8re de gestion des ressources humaines : \nLes  mesures  g\u00e9n\u00e9rales  relatives  \u00e0  l'organisation  des  \u00e9lections  professionnelles  et  au\ndialogue  social,  et  notamment  le  r\u00e8glement  int\u00e9rieur  et  les  chartes  relatives  au\nfonctionnement  de  la  direction  d\u00e9partementale  de  la  protection  des  populations,  les\nconvocations et les comptes rendus des comit\u00e9s techniques et des comit\u00e9s d'hygi\u00e8ne, de s\u00e9curit\u00e9\net des conditions de travail de la direction d\u00e9partementale de la protection des populations et le\nbilan social ;\nLes  mesures  individuelles  affectant  l'effectif  permanent  de  la  structure,  et  notamment  les\nmutations  et  autres  demandes  entrantes  et  sortantes,  les  affectations,  les  autorisations  de\n3\n01_Pref_Pr\u00e9fecture de l'Ain - 01-2025-12-22-00009 - RAA AP d\u00e9l\u00e9gation de signature E 43\nrecrutement ou de concours, les d\u00e9parts en retraite, les recrutements et remplacements par des\nagents contractuels et le recrutement de stagiaires ;\nLes d\u00e9clarations d'accident du travail et d\u00e9cisions d'imputabilit\u00e9 ;\nLes autorisations d'exercice d'une activit\u00e9 accessoire dans le cadre d'un cumul d'activit\u00e9 ;\nLes d\u00e9cisions relatives \u00e0 la r\u00e9mun\u00e9ration des agents et les propositions de promotion  : nouvelle\nbonification  indiciaire,  indemnit\u00e9s  de fonctions,  de  suj\u00e9tions  et  d'expertise ,  compl\u00e9ments\nindemnitaires annuels, astreintes et heures suppl\u00e9mentaires et rentes ;\nLes demandes de temps partiel ;\nLes demandes de r\u00e9cup\u00e9ration et de r\u00e9gulation ;\nLes ordres de mission et demandes de remisage de v\u00e9hicule professionnel ;\nLes demandes d'ouverture des comptes \u00e9pargne-temps ;\nLes d\u00e9cisions relatives aux demandes de t\u00e9l\u00e9travail ;\nLes  d\u00e9cisions  relatives  \u00e0  la  formation  des  agents,  et  notamment  les  plans  et  demandes  de\nformation ;\nLes mesures disciplinaires.\nEn  mati\u00e8re  de  ressources  humaines,  la  r\u00e9partition  des  comp\u00e9tences  entre  la  direction\nd\u00e9partementale de la protection des populations et le secr\u00e9tariat g\u00e9n\u00e9ral commun \u00e0 la pr\u00e9fecture\net aux directions d\u00e9partementales interminist\u00e9rielles de l'Ain  est \u00e9tablie selon le tableau annex\u00e9\nau pr\u00e9sent arr\u00eat\u00e9. \nb) En mati\u00e8re budg\u00e9taire et financi\u00e8re :\nPour  le  programme  354  \u00ab Administration  g\u00e9n\u00e9rale  et  territoriale  de  l'\u00c9tat \u00bb,  les  mesures\ng\u00e9n\u00e9rales de programmation budg\u00e9taire des d\u00e9penses non contraintes relevant du centre de co\u00fbt\n\u00ab direction d\u00e9partementale de la protection des populations \u00bb ;\nPour le programme 354 \u00ab  Administration g\u00e9n\u00e9rale et territoriale de l'\u00c9tat  \u00bb, l 'engagement des\nd\u00e9penses  non  contraintes  sup\u00e9rieure  \u00e0  la  somme  de  1500  euros  relevant  du  centre  de  co\u00fbt\n\u00ab direction d\u00e9partementale de la protection des populations \u00bb.\n2 - Concernant le contentieux p\u00e9nal :\nLes propositions de transaction p\u00e9nale pr\u00e9vues par l'article L. 205-10 du code rural et de la p\u00eache\nmaritime ;\nLes propositions de transaction p\u00e9nale pr\u00e9vues par l'article L. 173-12 du code de l'environnement.\n3 - Concernant les d\u00e9cisions individuelles relatives :\n3. 1. Dispositions g\u00e9n\u00e9rales relatives \u00e0 la r\u00e9glementation v\u00e9t\u00e9rinaire :\nTous les actes et d\u00e9cisions individuelles pr\u00e9vus par :\n- Les articles L.201-3 et suivants, L.201-9 et L.201-13, R.201-39 \u00e0 R.201-43 et D.201-44 du code rural et\nde la p\u00eache maritime, en mati\u00e8re de passation de convention de d\u00e9l\u00e9gation  dans le domaine\nanimal ;\n- Les articles L.203-1 \u00e0 L.203-11 du code rural et de la p\u00eache maritime, d\u00e9finissant les attributions\ndes v\u00e9t\u00e9rinaires sanitaires et des v\u00e9t\u00e9rinaires mandat\u00e9s et leurs textes d'application ;\n- L'article L.205-10, relatif \u00e0 la transaction p\u00e9nale et ses textes d'application ;\n- L'article L.206-2 du code rural et de la p\u00eache maritime, fixant les mesures en cas de constatations\nd'un manquement aux dispositions de certains articles de ce code et ses textes d'application ;\n- Les mesures en cas de constatation de manquement aux r\u00e8gles d'exercice de la pharmacie, de la\nchirurgie v\u00e9t\u00e9rinaire ou de la m\u00e9decine v\u00e9t\u00e9rinaire en application de l'article L. 206-2 du code\nrural et de la p\u00eache maritime ;\n- L'article L.236-8 du code rural et de la p\u00eache maritime, relatif \u00e0 l'agr\u00e9ment des \u00e9tablissements\nproc\u00e9dant \u00e0 des \u00e9changes communautaires et ses textes d'application.\n4\n01_Pref_Pr\u00e9fecture de l'Ain - 01-2025-12-22-00009 - RAA AP d\u00e9l\u00e9gation de signature E 44\n3. 2. Au bien-\u00eatre et \u00e0 la sant\u00e9 et protection des animaux, \u00e0 la garde et circulation des\nanimaux domestiques et sauvage  et aux animaux dangereux :\nTous les actes et d\u00e9cisions individuelles pr\u00e9vus par :\n- L'article L.211-11 et suivants du code rural et de la p\u00eache maritime, relatifs aux animaux dangereux\net errants et leurs textes d'application ;\n- Les articles L.214-2 et L.214-3 du code rural et de la p\u00eache maritime, relatifs aux dispositions\ng\u00e9n\u00e9rales en mati\u00e8re de protection des animaux et leurs textes d'application ;\n- L'article L.214-6 du code rural et de la p\u00eache maritime, relatif aux \u00e9levages, refuges et fourri\u00e8res\net ses textes d'application ;\n- Les articles L.214-7 du code rural et de la p\u00eache maritime, relatif aux d\u00e9rogations exceptionnelles\nde vente d'animaux de compagnie et ses textes d'application ;\n- L'article L.214-12 du code rural et de la p\u00eache maritime, relatif \u00e0 l'agr\u00e9ment des personnes\nproc\u00e9dant au transport d'animaux vivants dans un but lucratif et ses textes d'application ;\n- L'article L.214-13 du code rural et de la p\u00eache maritime, relatif aux conditions particuli\u00e8res de\ntransport d'animaux vivants ;\n- Les articles L.214-16 et L.214-17 du code rural et de la p\u00eache maritime, relatif aux mesures en cas\nd'insalubrit\u00e9 d'un lieu d'exposition de bestiaux \u00e0 la vente ;\n- Les articles L.221-1-1  du code rural et de la p\u00eache maritime, relatifs aux mesures g\u00e9n\u00e9rales de\npr\u00e9vention, surveillance et lutte contre les dangers zoo sanitaires et leurs textes d'application ;\n- L'article L.222-2 du code rural et de la p\u00eache maritime, relatif au contr\u00f4le sanitaire des activit\u00e9s\nde reproduction animale et ses textes d'application ;\n- L'article L.223-5 du code rural et de la p\u00eache maritime, relatif \u00e0 l'ex\u00e9cution d'office des mesures\nde surveillance, de pr\u00e9vention et de lutte contre les dangers sanitaires de premi\u00e8re et deuxi\u00e8me\ncat\u00e9gorie ;\n- Les articles L.223-6-1, L.223-6-2, et L.223-8 du code rural et de la p\u00eache maritime, relatifs aux\nmesures en cas de maladies r\u00e9put\u00e9es contagieuses et leurs textes d'application ;\n- Les articles L.223-9 et L.223-10 du code rural et de la p\u00eache maritime, relatifs aux mesures de\nlutte contre la rage et leurs textes d'application ;\n- L'article L.234-1 du code rural et de la p\u00eache maritime, relatif \u00e0 l'immatriculation des \u00e9levages et\nses textes d'application ;\n- Les articles L.235-1 et L.235-2 du code rural et de la p\u00eache maritime, relatifs \u00e0 l'alimentation\nanimale et leurs textes d'application ;\n- L'arr\u00eat\u00e9  minist\u00e9riel  du  22  mars  1985  relatif  \u00e0  la  pr\u00e9vention  de  certaines  maladies  r\u00e9put\u00e9es\ncontagieuses des animaux en ce qui concerne l'alimentation animale.\n3. 3. Hygi\u00e8ne et s\u00e9curit\u00e9 sanitaire des aliments :\nTous les actes et d\u00e9cisions individuelles pr\u00e9vus par :\n-  Le  r\u00e8glement  (CE)  n\u00b0  178-2002  du  parlement  europ\u00e9en  et  du  conseil  du  28  janvier  2002\n\u00e9tablissant  les  principes  g\u00e9n\u00e9raux  et  les  prescriptions  g\u00e9n\u00e9rales  de  la  l\u00e9gislation  alimentaire,\ninstituant  l'autorit\u00e9  europ\u00e9enne  de  s\u00e9curit\u00e9  sanitaire  des  aliments  et  fixant  des  proc\u00e9dures\nrelatives \u00e0 la s\u00e9curit\u00e9 des denr\u00e9es alimentaires ;\n- Le r\u00e8glement (CE) n\u00b0 852/2004 du parlement europ\u00e9en et du conseil du 29 avril 2004 relatif \u00e0\nl'hygi\u00e8ne des denr\u00e9es alimentaires ;\n- Le r\u00e8glement (CE) n\u00b0 853/2004 du parlement europ\u00e9en et du conseil du 29 avril 2004 fixant des\nr\u00e8gles sp\u00e9cifiques d'hygi\u00e8ne applicables aux denr\u00e9es alimentaires d'origine animale ;\n- Le r\u00e8glement(CE) n\u00b0 854/2004 du Parlement europ\u00e9en et du Conseil du 29 avril 2004 fixant les\nr\u00e8gles sp\u00e9cifiques d'organisation des contr\u00f4les officiels concernant les produits d'origine animale\ndestin\u00e9s \u00e0 la consommation humaine ;\n- L'article L.230-5 du code rural et de la p\u00eache maritime, relatif \u00e0 la qualit\u00e9 nutritionnelle des repas\nservis en restauration collective et ses textes d'application ;\n- L'article L.232-1 du code rural et de la p\u00eache maritime, relatif \u00e0 la d\u00e9cision de consignation, de\nretrait ou de rappel de produits ;\n5\n01_Pref_Pr\u00e9fecture de l'Ain - 01-2025-12-22-00009 - RAA AP d\u00e9l\u00e9gation de signature E 45\n- L'article L.233-1 du code rural et de la p\u00eache maritime, relatif \u00e0 la fermeture d'\u00e9tablissement ou\nl'arr\u00eat de certaines activit\u00e9s ;\n- L'article L.233-2 du code rural et de la p\u00eache maritime, relatif \u00e0 l'agr\u00e9ment sanitaire et ses textes\nd'application ;\n- L'article D.233-14 du code rural et de la p\u00eache maritime (cat\u00e9gorisation des abattoirs) ;\n3. 4. Protection de la faune sauvage captive :\nTous les actes et d\u00e9cisions individuelles pr\u00e9vus par le livre IV, titre Ier, chapitre I et III du code de\nl'environnement concernant la d\u00e9tention d'animaux d'esp\u00e8ces non domestiques et leurs arr\u00eat\u00e9s\nd'application.\n3. 5. \u00c9limination des cadavres d'animaux et des d\u00e9chets d'origine animale :\nTous les actes et d\u00e9cisions individuelles pr\u00e9vus par les articles L.226-1 \u00e0 L.226-9 du code rural et de\nla p\u00eache maritime, relatifs \u00e0 la gestion des sous-produits animaux et leurs textes d'application.\n3.6. Inspection des installations class\u00e9es pour la protection de l'environnement exer\u00e7ant\ndes activit\u00e9s agricoles et agroalimentaires :\nToutes les d\u00e9cisions individuelles pr\u00e9vues par le titre Ier du livre V du code de l'environnement, \u00e0\nl'exception des d\u00e9cisions d'autorisation ou de suspension d'installations class\u00e9es ainsi que toutes\nles d\u00e9cisions ou actes n\u00e9cessaires \u00e0 la mise en \u0153uvre de l'enqu\u00eate publique.\n3. 7 . Produits chimiques et biocide :\nLa mise en demeure du fabricant ou importateur ou utilisateur industriel ou professionnel des\nsubstances,  m\u00e9langes,  articles,  produits  ou  \u00e9quipements  pour  satisfaire  aux  obligations  du\nchapitre 1er ou du chapitre 2 du Titre II du Livre V du code de l'environnement ;\nLes sanctions administratives en cas de non-respect de la mise en demeure mentionn\u00e9e \u00e0  l'alin\u00e9a\npr\u00e9c\u00e9dent.\n3. 8. Contr\u00f4le des \u00e9changes intracommunautaires et avec les pays tiers des animaux et des\naliments et la certification de leur qualit\u00e9 sanitaire :\nToutes les d\u00e9cisions individuelles pr\u00e9vues par les articles L.236-1, L.236-2 et L.236-8 du code rural\net de la p\u00eache maritime, sur l'agr\u00e9ment des op\u00e9rateurs et de leurs installations et leurs arr\u00eat\u00e9s\nd'application.\n3. 9. Consommation et r\u00e9pression des fraudes :\nTous les actes et d\u00e9cisions individuelles pr\u00e9vues par les articles L.521-5 \u00e0 L.521-23 du code de la\nconsommation relatifs :\n- \u00c0 la fermeture d'\u00e9tablissement ou \u00e0 l'arr\u00eat de certaines activit\u00e9s ;\n- Aux produits pr\u00e9sentant ou susceptibles de pr\u00e9senter un danger pour la sant\u00e9 publique ;\n- Aux produits non conformes ;\n- \u00c0 toute mesure d'urgence allant jusqu'\u00e0 la suspension, en cas de danger grave ou imm\u00e9diat li\u00e9 \u00e0\nune prestation de service ;\n- Les  sanctions  administratives  en  cas  de  manquements  portant  sur  l'affichage  des  prix  des\nprofessionnels de sant\u00e9 pr\u00e9vues par l'article R.1111-25 du code de la sant\u00e9 publique ;\n- Les sanctions administratives portant sur les frais de pr\u00e9l\u00e8vement, de transport, d'analyse ou\nd'essai en application de l'article L. 531-6 du code de la consommation.\n6\n01_Pref_Pr\u00e9fecture de l'Ain - 01-2025-12-22-00009 - RAA AP d\u00e9l\u00e9gation de signature E 46\nArticle 2     :   Sont exclues de la d\u00e9l\u00e9gation consentie dans les termes figurant \u00e0 l'article 1 du pr\u00e9sent\narr\u00eat\u00e9 :\nLes circulaires aux maires ;\nToute  correspondance  adress\u00e9e  aux  cabinets  minist\u00e9riels  ainsi  que  celle  adress\u00e9e  aux\nadministrations centrales et relatives aux programmes d'\u00e9quipement et \u00e0 leur financement ;\nToute correspondance adress\u00e9e aux pr\u00e9sidents des assembl\u00e9es r\u00e9gionale et d\u00e9partementale ainsi\nque  les  r\u00e9ponses  aux  interventions  des  parlementaires  et  des  conseillers  d\u00e9partementaux\nlorsqu'elles portent sur des comp\u00e9tences relevant de l'\u00c9tat. \nArticle     3     :   En cas d'absence ou d'emp\u00eachement de Monsieur Eric KEROURIO, inspecteur g\u00e9n\u00e9ral\nde la sant\u00e9 publique v\u00e9t\u00e9rinaire, directeur d\u00e9partemental de la protection des populations de\nl'Ain, la d\u00e9l\u00e9gation de signature qui lui est consentie dans les termes figurant aux articles 1 et 2 du\npr\u00e9sent  arr\u00eat\u00e9  peut  \u00eatre  exerc\u00e9e  par  Madame Marie-Madeleine  RICHER,  cheffe  du  service\nprotection  de  l'environnement  et  appui  transversal  aux  m\u00e9tiers,  directrice  d\u00e9partementale\nadjointe par int\u00e9rim de la protection des populations de l'Ain.\nArticle  4     :   En  cas  d'absence  ou  d'emp\u00eachement  simultan\u00e9s  de  Monsieur  Eric  KEROURIO,\ninspecteur g\u00e9n\u00e9ral de sant\u00e9 publique v\u00e9t\u00e9rinaire, directeur d\u00e9partemental de la protection des\npopulations de l'Ain, et de Madame  Marie-Madeleine RICHER, cheffe du service protection de\nl'environnement et appui transversal aux m\u00e9tiers, directrice d\u00e9partementale adjointe par int\u00e9rim\nde la protection des populations de l'Ain, la d\u00e9l\u00e9gation de signature qui leur est consentie dans les\ntermes figurant aux articles 1, 2 et 3 du pr\u00e9sent arr\u00eat\u00e9 peut \u00eatre exerc\u00e9e par les chefs de services\net leurs adjoints, habilit\u00e9s et plac\u00e9s sous l'autorit\u00e9 du directeur d\u00e9partemental de la protection\ndes populations de l'Ain.\nCette subd\u00e9l\u00e9gation est alors limit\u00e9e au champ du service de chaque d\u00e9l\u00e9gataire.\nArticle  5     :   L'arr\u00eat\u00e9  pr\u00e9fectoral  du  27  novembre  2025  portant  d\u00e9l\u00e9gation  de  signature  \u00e0\nMonsieur Eric KEROURIO,  inspecteur  g\u00e9n\u00e9ral  de  sant\u00e9  publique  v\u00e9t\u00e9rinaire,  directeur\nd\u00e9partemental de la protection des populations de l'Ain, est abrog\u00e9. \nArticle 6     :   Le pr\u00e9sent arr\u00eat\u00e9 peut faire l'objet d'un recours devant le tribunal administratif de Lyon\ndans un d\u00e9lai de deux mois \u00e0 compter de sa publication, conform\u00e9ment \u00e0 l'article R. 421-1 du code\nde justice administrative, ou de mani\u00e8re d\u00e9mat\u00e9rialis\u00e9e via le site citoyens.telerecours.fr selon\nl'article R. 414-6 du code de justice administrative.\nArticle 7     :   La secr\u00e9taire g\u00e9n\u00e9rale de la pr\u00e9fecture de l'Ain, sous-pr\u00e9f\u00e8te de l'arrondissement de\nBourg-en-Bresse, et le directeur d\u00e9partemental de  la protection des populations de l'Ain,  sont\ncharg\u00e9s, chacun en ce qui le concerne, de l'ex\u00e9cution du pr\u00e9sent arr\u00eat\u00e9, lequel sera notifi\u00e9 aux\nint\u00e9ress\u00e9s et publi\u00e9 au recueil des actes administratifs de la pr\u00e9fecture.\nBourg-en-Bresse, le 22 d\u00e9cembre 2025\nLe pr\u00e9fet,\n SIGN\u00c9\nLouis-Xavier THIRODE\n7\n01_Pref_Pr\u00e9fecture de l'Ain - 01-2025-12-22-00009 - RAA AP d\u00e9l\u00e9gation de signature E 47\n01_Pref_Pr\u00e9fecture de l'Ain\n01-2025-12-22-00015\nRAA AP d\u00e9l\u00e9gation de signature O\n01_Pref_Pr\u00e9fecture de l'Ain - 01-2025-12-22-00015 - RAA AP d\u00e9l\u00e9gation de signature O 48\nEnPREFETDE L'AINLibert\u00e9Egalit\u00e9Fraternit\u00e9\nARR\u00caT\u00c9 PR\u00c9FECTORAL\nportant d\u00e9l\u00e9gation de signature \u00e0 Monsieur Olivier PATERNOSTER\nDirecteur d\u00e9partemental de l'emploi, du travail et des solidarit\u00e9s de l'Ain\nLE PR\u00c9FET DE L'AIN\nVU le code de l'action sociale et des familles ;\nVU le code g\u00e9n\u00e9ral des collectivit\u00e9s territoriales ;\nVU le code du commerce ;\nVU le code la construction et de l'habitation ;\nVU le code de l'entr\u00e9e et du s\u00e9jour et du droit d'asile ;\nVU le code de la sant\u00e9 publique ;\nVU le code du travail ;\nVU la loi n\u00b0 2004-809 du 13 ao\u00fbt 2004 relative aux libert\u00e9s et aux responsabilit\u00e9s locales ;\nVU la loi n\u00b0 2004-806 du 9 ao\u00fbt 2004 relative \u00e0 la politique de sant\u00e9 publique ;\nVU la loi n\u00b0 2001-624 du 17 juillet 2001 portant diverses dispositions d'ordre social, \u00e9ducatif et\nculturel ;\nVU la loi n\u00b0 92-125 du 06 f\u00e9vrier 1992 relative \u00e0 l'administration territoriale de la R\u00e9publique ;\nVU la loi n\u00b0 84-16 du 11 janvier 1984 portant dispositions statutaires relatives \u00e0 la fonction\npublique de l'\u00c9tat ;\nVU la loi n\u00b0 83-8 du 7 janvier 1983 relative \u00e0 la r\u00e9partition de comp\u00e9tences entre les communes,\nles d\u00e9partements, les r\u00e9gions et l'\u00c9tat ;\nVU la  loi  n\u00b0  82-213  du  02  mars  1982  relative  aux  droits  et  libert\u00e9s  des  communes,  des\nd\u00e9partements et des r\u00e9gions ;\nVU le d\u00e9cret n\u00b0 2004-374 du 29 avril 2004 relatif aux pouvoirs des pr\u00e9fets, \u00e0 l'organisation et \u00e0\nl'action des services de l'\u00c9tat dans les r\u00e9gions et les d\u00e9partements ;\nVU le  d\u00e9cret  n\u00b0  2009-1484  du  3  d\u00e9cembre  2009  relatif  aux  directions  d\u00e9partementales\ninterminist\u00e9rielles ;\nVU le d\u00e9cret n\u00b0 2015-510 du 7 mai 2015 portant charte de la d\u00e9concentration ;\nVU le d\u00e9cret n\u00b0 2019-1594 du 31 d\u00e9cembre 2019 relatif aux emplois de direction de l'\u00c9tat ;\n01_Pref_Pr\u00e9fecture de l'Ain - 01-2025-12-22-00015 - RAA AP d\u00e9l\u00e9gation de signature O 49\nVU le  d\u00e9cret  n\u00b0  2020-99  du  7  f\u00e9vrier  2020  relatif  \u00e0  l'organisation  et  aux  missions  des\nsecr\u00e9tariats g\u00e9n\u00e9raux communs d\u00e9partementaux ;\nVU le d\u00e9cret n\u00b0 2020-1427 du 20 novembre 2020 relatif aux comit\u00e9s sociaux d'administration\ndans les administrations et les \u00e9tablissements publics de l'\u00c9tat ;\nVU le d\u00e9cret du 02 d\u00e9cembre 2025 portant nomination de Monsieur Louis-Xavier THIRODE, en\nqualit\u00e9 de pr\u00e9fet de l'Ain,\nVU le  d\u00e9cret  du  2  ao\u00fbt  2023  portant  nomination  de  Madame  Virginie  GUERIN-ROBINET,\nsecr\u00e9taire g\u00e9n\u00e9rale de la pr\u00e9fecture de l'Ain, sous-pr\u00e9f\u00e8te de Bourg-en-Bresse ;\nVU l'arr\u00eat\u00e9 du 31 mars 2011 modifi\u00e9 par arr\u00eat\u00e9 du Premier ministre du 1er juillet 2013 portant\nd\u00e9concentration des d\u00e9cisions relatives \u00e0 la situation individuelle des fonctionnaires et agents\nnon titulaires exer\u00e7ant leurs fonctions dans les directions d\u00e9partementales interminist\u00e9rielles ;\nVU l'arr\u00eat\u00e9 pr\u00e9fectoral du 30 mars 2021 portant organisation de la direction d\u00e9partementale\ndu travail, de l'emploi et des solidarit\u00e9s de l'Ain ;\nVU l'arr\u00eat\u00e9 du minist\u00e8re de l'int\u00e9rieur et des outre-mer du 7 mars 2024 portant nomination de\nMonsieur  Olivier  PATERNOSTER,  directeur  d\u00e9partemental  de  l'emploi,  du  travail  et  des\nsolidarit\u00e9s de l'Ain \u00e0 compter du 25 mars 2024 ;\nVU la convention de d\u00e9l\u00e9gation de gestion conclue entre le pr\u00e9fet de la r\u00e9gion Auvergne\nRh\u00f4ne-Alpes et le pr\u00e9fet de l'Ain relative \u00e0 la r\u00e9alisation des actes d'instruction aff\u00e9rents \u00e0 la\nproc\u00e9dure budg\u00e9taire des \u00e9tablissements et services sociaux financ\u00e9s par le budget de l'\u00c9tat\nportant sur la tarification des prestations fournies par les \u00e9tablissements et services sociaux\nfinanc\u00e9s par le budget de l'\u00c9tat, en date du 16 f\u00e9vrier 2018 ;\nSUR proposition  de  la  secr\u00e9taire  g\u00e9n\u00e9rale  de  la  pr\u00e9fecture  de  l'Ain,  sous-pr\u00e9f\u00e8te  de\nl'arrondissement de Bourg-en-Bresse ;\nA R R \u00ca T E\nArticle 1 :  D\u00e9l\u00e9gation est donn\u00e9e \u00e0 Monsieur Olivier PATERNOSTER, directeur d\u00e9partemental\nde l'emploi, du travail et des solidarit\u00e9s de l'Ain, \u00e0 l'effet de signer l'ensemble des actes,\nd\u00e9cisions  et  documents  relevant  des  attributions  et  comp\u00e9tences  de  son  service  et  se\nrapportant aux mati\u00e8res suivantes :\n1- Concernant l'administration g\u00e9n\u00e9rale et la gestion du personnel :\na) En mati\u00e8re de ressources humaines\nLes mesures g\u00e9n\u00e9rales relatives \u00e0 l'organisation des \u00e9lections professionnelles et au dialogue\nsocial,  et  notamment  le  r\u00e8glement  int\u00e9rieur,  les  convocations  et  les  comptes  rendus  des\ncomit\u00e9s techniques et des comit\u00e9s d'hygi\u00e8ne, de s\u00e9curit\u00e9 et des conditions de travail de la\ndirection d\u00e9partementale de l'emploi, du travail et des solidarit\u00e9s ;\n\u2022 Les mesures individuelles affectant l'effectif permanent de la structure, et notamment\nles mutations entrantes et sortantes, les affectations, \u00e0 l'exception des agents vis\u00e9s \u00e0 l'article\nR.8122-3 du code du travail et les d\u00e9parts en retraite ;\n\u2022 Les octrois des cong\u00e9s bonifi\u00e9s et des cong\u00e9s li\u00e9s \u00e0 la maternit\u00e9, \u00e0 la paternit\u00e9, \u00e0\nl'accueil de l'enfant, \u00e0 l'adoption et \u00e0 la pr\u00e9sence parentale ;\n01_Pref_Pr\u00e9fecture de l'Ain - 01-2025-12-22-00015 - RAA AP d\u00e9l\u00e9gation de signature O 50\n\u2022 Les octrois et renouvellements des cong\u00e9s de maladie ordinaire, des cong\u00e9s de grave\nmaladie, des cong\u00e9s de longue maladie, des cong\u00e9s de longue dur\u00e9e et des cong\u00e9s pour\ninvalidit\u00e9 temporaire imputable au service ;\n\u2022 Les autorisations sp\u00e9ciales d'absence au titre du cr\u00e9dit de temps syndical ;\n\u2022 Les cong\u00e9s de repr\u00e9sentation pour un repr\u00e9sentant d'une association ;\n\u2022  Les  autorisations  d'exercice  d'une  activit\u00e9  accessoire  dans  le  cadre  d'un  cumul\nd'activit\u00e9 ;\n\u2022 Les d\u00e9cisions relatives \u00e0 la r\u00e9mun\u00e9ration des agents : nouvelle bonification indiciaire,\nindemnit\u00e9s  de  fonctions,  de  suj\u00e9tions  et  d'expertise,  compl\u00e9ments  indemnitaires  annuels,\nastreintes et heures suppl\u00e9mentaires ;\n\u2022 Les demandes d'ouverture des comptes \u00e9pargne-temps ;\n\u2022 Les d\u00e9cisions relatives aux demandes de t\u00e9l\u00e9travail ;\n\u2022 Les d\u00e9cisions relatives \u00e0 la formation des agents, et notamment les plans et demandes\nde formation ;\n\u2022 Les sanctions disciplinaires du 1er groupe, \u00e0 l'exception des agents vis\u00e9s par l'article\nR.8122-3 du code du travail.\nb) En mati\u00e8re budg\u00e9taire et financi\u00e8re\n\u2022 Pour le programme 354 \u00ab Administration g\u00e9n\u00e9rale et territoriale de l'\u00c9tat \u00bb, les mesures\ng\u00e9n\u00e9rales de programmation budg\u00e9taire des d\u00e9penses non contraintes relevant de l'enveloppe\nd\u00e9di\u00e9e \u00e0 la DDETS sur le centre de co\u00fbt du secr\u00e9tariat g\u00e9n\u00e9ral commun.\n2- Concernant la solidarit\u00e9 et l'acc\u00e8s aux droits :\na) En mati\u00e8re de politique de la ville et de pr\u00e9vention\n\u2022 Les courriers, d\u00e9cisions et subventions relatifs \u00e0 la politique de la ville y compris celles\npass\u00e9es  avec  les  collectivit\u00e9s  territoriales,  par  exception  \u00e0  l'article  2,  et  dans  la  limite  de\n90 000 euros ;\n\u2022 Les courriers et d\u00e9cisions relatifs aux contrats de territoire et de veille active li\u00e9s \u00e0 la\nsolidarit\u00e9 et \u00e0 la coh\u00e9sion sociale, \u00e0 l'exception des contrats eux-m\u00eames et de leurs avenants ;\n\u2022 Les courriers, d\u00e9cisions et conventions relatifs \u00e0 la gestion des adultes-relais.\nb) En mati\u00e8re de strat\u00e9gie nationale de pr\u00e9vention et de lutte contre la pauvret\u00e9\n\u2022 Les courriers relatifs \u00e0 la mise en \u0153uvre du dispositif, \u00e0 l'exception de la signature des\ncontrats et des avenants pass\u00e9s avec le d\u00e9partement.\nc) En mati\u00e8re de domiciliation des personnes sans domicile stable\n\u2022 les courriers relatifs \u00e0 la mise en \u0153uvre du sch\u00e9ma d\u00e9partemental\n\u2022 les d\u00e9cisions d'agr\u00e9ment et de financement des associations\n3- Concernant la protection des publics vuln\u00e9rables\na) En mati\u00e8re d'aide sociale \u00c9tat :\n\u2022 Tout acte relatif aux demandes d'aide sociale de l'\u00c9tat, et notamment les d\u00e9cisions\nli\u00e9es  aux  demandes  d'admission  aux  b\u00e9n\u00e9ficiaires  de  l'aide  sociale  \u00c9tat,  aux  recours\nadministratifs pr\u00e9alables obligatoires et tout acte dans le cadre des proc\u00e9dures contentieuses.\nb) En mati\u00e8re d'action sociale et de protection de la famille et de l'enfance :\n\u2022  Les  courriers,  d\u00e9cisions  et  subventions  en  mati\u00e8re  de  lutte  contre  la  pr\u00e9carit\u00e9\nalimentaire et menstruelle.\n\u2022 Les courriers et d\u00e9cisions relatifs \u00e0 la protection juridique des majeurs :\n01_Pref_Pr\u00e9fecture de l'Ain - 01-2025-12-22-00015 - RAA AP d\u00e9l\u00e9gation de signature O 51\n\u2022  autorisation  et  \u00e9valuation  des  services  mandataire  judiciaire  \u00e0  la  protection  des\nmajeurs (MJPM) ou d\u00e9l\u00e9gu\u00e9 aux prestations familiales (DPF) ;\n\u2022 agr\u00e9ment des personnes physiques mandataires judiciaires \u00e0 la protection des majeurs\nou d\u00e9l\u00e9gu\u00e9s aux prestations familiales exer\u00e7ant leur activit\u00e9 \u00e0 titre individuel et relatifs au\npaiement des mesures de protection des majeurs prot\u00e9g\u00e9s ;\n\u2022 enregistrement des d\u00e9clarations des pr\u00e9pos\u00e9s d'\u00e9tablissement d'h\u00e9bergement pour\npersonnes \u00e2g\u00e9es et personnes handicap\u00e9es ;\n\u2022 \u00e9laboration de la liste d\u00e9partementale des mandataires judiciaires \u00e0 la protection des\nmajeurs et des d\u00e9l\u00e9gu\u00e9s aux prestations familiales ;\n\u2022 courriers, lettres de mission et d\u00e9cisions relatifs au contr\u00f4le et \u00e0 l'inspection des\nservices MJPM et DPF et les MJPM exer\u00e7ant \u00e0 titre individuel et pr\u00e9pos\u00e9s d'\u00e9tablissement ;\n\u2022  courriers  et  d\u00e9cisions  relatifs  au  service  d'information  et  de  soutien  aux  tuteurs\nfamiliaux ;\n\u2022 courriers, d\u00e9cisions et conventions entre l'\u00c9tat et les MJPM exer\u00e7ant \u00e0 titre individuel\net relatifs au paiement des mesures de protection des majeurs prot\u00e9g\u00e9s ;\n\u2022 courriers, d\u00e9cisions et subventions concernant le GCSMS 01 et dispositifs en gestion\npar ce groupement.\n\u2022 Les courriers relatifs \u00e0 la pr\u00e9paration des projets de convention de taxes sur la valeur\najout\u00e9e  \u00e0  taux  r\u00e9duit  pour  les  \u00e9tablissements  d'h\u00e9bergement  pour  personnes  \u00e2g\u00e9es\nd\u00e9pendantes ou personnes handicap\u00e9es et signature des conventions ;\n\u2022 les actes, d\u00e9cisions, courriers n\u00e9cessaires \u00e0 l'exercice de la tutelle des pupilles de l'\u00c9tat,\nla repr\u00e9sentation l\u00e9gale des pupilles de l'\u00c9tat et la gestion du secr\u00e9tariat du conseil de famille\ndes pupilles de l'\u00c9tat ;\n\u2022  L'acte  d'administration  des  deniers  des  pupilles  de  l'\u00c9tat  (placement,  retrait  et\nreddition des comptes) ;\n\u2022 Les courriers, lettres de mission et d\u00e9cisions relatifs au contr\u00f4le et \u00e0 l'inspection en\nmati\u00e8re de protection de l'enfance ;\n\u2022 Les courriers et d\u00e9cisions dans le cadre de la constitution du comit\u00e9 d\u00e9partemental\ndes services aux familles (CDSF) et d\u00e9ploiement du sch\u00e9ma d\u00e9partemental des services aux\nfamilles (SDSF).\nc) En mati\u00e8re de handicap\n\u2022 Les d\u00e9cisions de d\u00e9livrance et de refus de d\u00e9livrance de carte de mobilit\u00e9 inclusion\norganisme (stationnement pour personnes handicap\u00e9es) ;\n\u2022 Les courriers et d\u00e9cisions relatifs \u00e0 l'enregistrement, au contr\u00f4le et \u00e0 l'inspection du\ndispositif \u00ab vacances adapt\u00e9es organis\u00e9es pour les adultes handicap\u00e9s \u00bb.\n\u2022 Les d\u00e9cisions, courriers et subventions relatifs \u00e0 la gestion du dispositif ALMA 01;\n\u2022 Les d\u00e9cisions, courriers et subventions relatifs \u00e0 la contribution de l'\u00c9tat au fonds de\ncompensation du handicap.\nd) En mati\u00e8re de conseil m\u00e9dical en formation pl\u00e9ni\u00e8re et restreinte :\n\u2022 Les courriers et d\u00e9cisions relatifs \u00e0 la d\u00e9signation des m\u00e9decins agr\u00e9\u00e9s, \u00e0 l'organisation\ndes formations pl\u00e9ni\u00e8res ou restreintes du conseil m\u00e9dical, aux conditions d'aptitude pour\nl'admission aux emplois publics et au r\u00e9gime de cong\u00e9 de maladie des fonctionnaires.\ne) En mati\u00e8re de proc\u00e9dure de d\u00e9signation des assesseurs du p\u00f4le social du tribunal judiciaire\nde Bourg-en-Bresse :\n\u2022 Les courriers, actes et d\u00e9cisions li\u00e9s \u00e0 l'\u00e9tablissement de la liste des assesseurs du p\u00f4le\nsocial du tribunal judiciaire de Bourg-en-Bresse.\n4- Concernant la commission de surendettement des particuliers :\n\u2022 Les actes et d\u00e9cisions relatives \u00e0 la commission de surendettement.\n01_Pref_Pr\u00e9fecture de l'Ain - 01-2025-12-22-00015 - RAA AP d\u00e9l\u00e9gation de signature O 52\n5- Concernant le logement :\n\u2022 Les actes et courriers relatifs au fonctionnement de la commission sp\u00e9cialis\u00e9e de\ncoordination des actions de pr\u00e9vention des expulsions locatives ;\n\u2022 Les actes et courriers relatifs au fonctionnement de la commission d\u00e9partementale de\nconciliation ;\n\u2022  Les  courriers  relatifs  \u00e0  la  pr\u00e9vention  des  expulsions  locatives,  \u00e0  l'instruction  des\nd\u00e9cisions d'octroi du concours de la force publique dans l'arrondissement de Bourg-en-Bresse\net \u00e0 l'instruction des recours en indemnisation ;\n\u2022 Les actes et courriers relatifs au fonctionnement des instances et \u00e0 la gestion du plan\nlocal d\u00e9partemental d'actions pour le logement et l'h\u00e9bergement des personnes d\u00e9favoris\u00e9es ;\n\u2022 Concernant le droit au logement opposable :\n\u2022  Les  actes  et  courriers  relatifs  au  fonctionnement  de  la  commission  du  droit  au\nlogement opposable ;\n\u2022 Les actes relatifs \u00e0 la mise en \u0153uvre du droit au logement pour les m\u00e9nages d\u00e9clar\u00e9s\nprioritaires par la commission de m\u00e9diation ;\n\u2022  La  sollicitation  de  l'avis  pr\u00e9alable  des  maires  des  communes  concern\u00e9es  par  les\nrelogements ;\n\u2022 La d\u00e9signation de chaque demandeur \u00e0 un organisme bailleur ;\n\u2022 La proposition de place dans une structure d'h\u00e9bergement.\n\u2022 Pour les fili\u00e8res d'acc\u00e8s au logement des publics en difficult\u00e9, droit de r\u00e9servation\npr\u00e9fectoral et accord collectif : les actes et courriers relatifs au fonctionnement et \u00e0 la gestion\nde ces dispositifs ;\n\u2022  Les  courriers  relatifs  \u00e0  la  mise  en  \u0153uvre  du  sch\u00e9ma  d\u00e9partemental  d'accueil  et\nd'habitat des gens du voyage et les courriers relatifs \u00e0 l'instruction des demandes d'aide \u00e0 la\ngestion des aires d'accueil ;\n6- Concernant l'h\u00e9bergement :\n\u2022 Les courriers et d\u00e9cisions relatifs \u00e0 la tarification des \u00e9tablissements sociaux ;\n\u2022 Les courriers et d\u00e9cisions relatifs \u00e0 l'instruction et l'attribution des subventions ;\n\u2022 Les d\u00e9cisions d'admission \u00e0 l'aide sociale en mati\u00e8re d'h\u00e9bergement des personnes\nadmises en centres d'h\u00e9bergement et de r\u00e9insertion sociale, en application des articles L. 111-3-\n1 et R. 345-4 du code de l'action sociale et des familles ;\n\u2022 Les courriers et d\u00e9cisions concernant l'application des mesures d'h\u00e9bergement ;\n\u2022 Les courriers et d\u00e9cisions relatifs \u00e0 l'int\u00e9gration.\n7- Concernant l'\u00e9galit\u00e9 hommes-femmes :\n\u2022 Toute correspondance relative \u00e0 la mise en \u0153uvre de la politique interminist\u00e9rielle des\ndroits des femmes et de l'\u00e9galit\u00e9 ;\n\u2022 Toute correspondance relative \u00e0 l'expression des besoins budg\u00e9taires et l'instruction\ndes cr\u00e9dits d\u00e9l\u00e9gu\u00e9s du programme 137 .\n8- Concernant la r\u00e9mun\u00e9ration des travailleurs \u00e0 domicile :\n\u2022  \u00c9tablissement  du  tableau  des  temps  n\u00e9cessaires  \u00e0  l'ex\u00e9cution  des  travaux  des\ntravailleurs \u00e0 domicile ;\n\u2022 Fixation du salaire horaire minimum et des frais d'atelier ou accessoires des travailleurs\n\u00e0 domicile ;\n\u2022 Fixation de la valeur des avantages et prestations en nature entrant dans le calcul de\nl'indemnit\u00e9 de cong\u00e9s pay\u00e9s.\n01_Pref_Pr\u00e9fecture de l'Ain - 01-2025-12-22-00015 - RAA AP d\u00e9l\u00e9gation de signature O 53\n9- Concernant le repos dominical\n\u2022 D\u00e9rogations au repos dominical ;\n\u2022 D\u00e9cision de fermeture hebdomadaire au public des \u00e9tablissements d'une profession\nou d'une zone g\u00e9ographique d\u00e9termin\u00e9e.\n10- Concernant l'h\u00e9bergement du personnel\n\u2022 D\u00e9livrance de l'accus\u00e9 de r\u00e9ception de la d\u00e9claration d'un employeur d'affectation\nd'un local \u00e0 l'h\u00e9bergement.\n11- Concernant les n\u00e9gociations collectives\n\u2022  Fondement  de  la  qualification  et  d\u00e9cision  d'opposition  \u00e0  la  qualification  des\ncat\u00e9gories d'emplois menac\u00e9s retenue par l'accord collectif ;\n\u2022 Engagement d'une proc\u00e9dure de m\u00e9diation et d\u00e9signation d'un m\u00e9diateur.\n12- Concernant les agences de mannequins\n\u2022  Sanctions  en  cas  de  non-respect  de  l'obligation  d'information  sur  les  conflits\nd'int\u00e9r\u00eats.\n13- Concernant l'emploi des enfants et jeunes de moins de 18 ans\n\u2022 D\u00e9livrance, retrait des autorisations individuelles d'emploi des enfants (spectacles,\ncin\u00e9ma, mannequins, jeux vid\u00e9o) ;\n\u2022  D\u00e9livrance,  renouvellement,  suspension,  retrait  de  l'agr\u00e9ment  de  l'agence  de\nmannequins lui permettant d'engager des enfants ;\n\u2022  Fixation  de  la  r\u00e9partition  de  la  r\u00e9mun\u00e9ration  per\u00e7ue  par  l'enfant  entre  ses\nrepr\u00e9sentants l\u00e9gaux et le p\u00e9cule ;\n\u2022 Autorisation de pr\u00e9l\u00e8vement ;\n\u2022 D\u00e9livrance, renouvellement, suspension, retrait de l'agr\u00e9ment des caf\u00e9s et brasseries\npour employer ou recevoir en stage des jeunes de 16 \u00e0 18 ans suivant une formation en\nalternance.\n14- Concernant l'apprentissage et alternance\n\u2022 D\u00e9cision d'opposition \u00e0 l'engagement d'apprentis et \u00e0 la poursuite des contrats en\ncours.\n15- Concernant le placement priv\u00e9\n\u2022 Contr\u00f4le de l'activit\u00e9 de placement r\u00e9alis\u00e9e par les organismes priv\u00e9s.\n16- Concernant la pr\u00e9vention des risques li\u00e9s \u00e0 certaines activit\u00e9s ou op\u00e9rations :\n\u2022 Comit\u00e9 inter-entreprise de sant\u00e9 et de s\u00e9curit\u00e9 au travail :\n\u2022 Toute d\u00e9cision relative \u00e0 :\n\u2022 La mise en place et \u00e0 la d\u00e9signation des membres d'un comit\u00e9 inter-entreprise de\nsant\u00e9 et de s\u00e9curit\u00e9 au travail ;\n\u2022 L'invitation de pr\u00e9sidents et secr\u00e9taires constitu\u00e9s dans d'autres \u00e9tablissements et\ntoute personne susceptible d'\u00e9clairer les d\u00e9bats en raison de sa comp\u00e9tence, lorsqu'un plan de\npr\u00e9vention des risques technologiques a \u00e9t\u00e9 prescrit.\n01_Pref_Pr\u00e9fecture de l'Ain - 01-2025-12-22-00015 - RAA AP d\u00e9l\u00e9gation de signature O 54\n17- Concernant les restructurations \u00e9conomiques :\n\u2022 Attribution et retrait de l'allocation d'activit\u00e9 partielle ;\n\u2022 Homologation de l'accord collectif ou validation du document unilat\u00e9ral relatif \u00e0 la\nmise en place de l'activit\u00e9 partielle de longue dur\u00e9e ;\n\u2022 D\u00e9cisions d'autorisation et de retrait en mati\u00e8re d'activit\u00e9 partielle longue dur\u00e9e ;\n\u2022 Notification et d\u00e9cision d'assujettissement \u00e0 l'obligation de revitalisation ;\n\u2022 Signature de la convention de revitalisation et contr\u00f4le et \u00e9valuation de son ex\u00e9cution.\n\u2022  Conventions  relatives  aux  mutations  \u00e9conomiques  (actions  de  reclassement  et\nreconversions professionnelles, fonds national de l'emploi) ;\n18- Concernant l'emploi :\n\u2022 Convention de formation et d'adaptation professionnelle ;\n\u2022 Cessation d'activit\u00e9 de certains travailleurs salari\u00e9s ;\n\u2022 Convention d'appui \u00e0 l'\u00e9laboration d'un plan de gestion pr\u00e9visionnelle de l'emploi et\ndes comp\u00e9tences et convention pour pr\u00e9parer les entreprises \u00e0 la gestion pr\u00e9visionnelle de\nl'emploi et des comp\u00e9tences ;\n\u2022 Agr\u00e9ment des soci\u00e9t\u00e9s coop\u00e9ratives d'int\u00e9r\u00eat collectif ;\n\u2022 Agr\u00e9ment des soci\u00e9t\u00e9s coop\u00e9ratives ouvri\u00e8res de production ;\n\u2022 Toute d\u00e9cision et convention relatives :\n\u2022 aux contrats de travail aid\u00e9s ;\n\u2022 aux parcours contractualis\u00e9s d'accompagnement adapt\u00e9 vers l'emploi et l'autonomie ;\n\u2022  Attribution,  extension,  renouvellement,  retrait  d'agr\u00e9ment  et  enregistrement  de\nd\u00e9claration d'activit\u00e9, de retrait ou de modification de la d\u00e9claration d'une association ou\nd'une entreprise de services \u00e0 la personne ;\n\u2022  Toute  d\u00e9cision  relative  aux  conventions  de  promotion  de  l'emploi  incluant  les\naccompagnements  des  contrats  en  alternance  par  les  groupements  d'employeurs  pour\nl'insertion et la qualification (GEIQ) ;\n\u2022 Toutes d\u00e9cisions, conventions et annexes financi\u00e8res relatives \u00e0 l'insertion par l'activit\u00e9\n\u00e9conomique ;\n\u2022 D\u00e9cision de reversement des aides et cotisations sociales en cas de rupture d'un\ncontrat  aid\u00e9  (pour  un  motif  autre  que  faute  grave  du  salari\u00e9,  force  majeure,  inaptitude\nm\u00e9dicale, rupture au titre de la p\u00e9riode d'essai, situation de proc\u00e9dure collective, rupture\nconventionnelle ou embauche du salari\u00e9 par l'employeur );\n\u2022 Attribution, extension, renouvellement et retrait des agr\u00e9ments \u00ab entreprise solidaire\nd'utilit\u00e9 sociale \u00bb ;\n\u2022 Contr\u00f4le de la condition d'aptitude au travail des demandeurs d'emploi.\n19- Concernant la formation professionnelle et la certification :\n\u2022 Remboursement des r\u00e9mun\u00e9rations per\u00e7ues par les stagiaires de l'Agence nationale\npour la formation professionnelle des adultes abandonnant, sans motif valable, leur stage de\nformation ;\n\u2022 Liquidation de la fraction des r\u00e9mun\u00e9rations et des cotisations de s\u00e9curit\u00e9 sociale\nremboursables aux employeurs qui maintiennent le salaire de leurs travailleurs suivant un stage\nagr\u00e9\u00e9 par l'\u00c9tat ;\n\u2022 Validation des acquis de l'exp\u00e9rience et recevabilit\u00e9 de cette validation.\n20- Concernant les travailleurs handicap\u00e9s :\n\u2022 Subvention d'installation d'un travailleur handicap\u00e9 ;\n\u2022 Aides financi\u00e8res en faveur de l'insertion en milieu ordinaire de travail des travailleurs\nhandicap\u00e9s ;\n\u2022 Sanction administrative relative \u00e0 l'obligation d'emploi des travailleurs handicap\u00e9s.\n01_Pref_Pr\u00e9fecture de l'Ain - 01-2025-12-22-00015 - RAA AP d\u00e9l\u00e9gation de signature O 55\n\u2022  Conventionnement  d'organismes  assurant  une  action  d'insertion  de  travailleurs\nhandicap\u00e9s.\nArticle 2 :  Sont exclues de la d\u00e9l\u00e9gation de signature consentie dans les termes figurant \u00e0\nl'article 1 du pr\u00e9sent arr\u00eat\u00e9 :\n\u2022 Les circulaires aux maires ;\n\u2022 Toute correspondance adress\u00e9e aux cabinets minist\u00e9riels ainsi que celle adress\u00e9e aux\nadministrations centrales et relative aux programmes d'\u00e9quipement et \u00e0 leur financement ;\n\u2022  Toute  correspondance  adress\u00e9e  aux  pr\u00e9sidents  des  assembl\u00e9es  r\u00e9gionale  et\nd\u00e9partementale ainsi que les r\u00e9ponses aux interventions des parlementaires et des conseillers\nd\u00e9partementaux lorsqu'elles portent sur des comp\u00e9tences relevant de l'\u00c9tat ;\n\u2022 Les d\u00e9cisions concernant la cr\u00e9ation des services sociaux et m\u00e9dico-sociaux relevant\nde la proc\u00e9dure d'autorisation par appels \u00e0 projets ;\n\u2022 La signature des conventions pass\u00e9es au nom de l'\u00c9tat avec le d\u00e9partement, une ou\nplusieurs communes, leurs groupements ainsi que leurs \u00e9tablissements publics ;\n\u2022 Les d\u00e9cisions portant attribution de subventions ou de pr\u00eats de l'\u00c9tat aux collectivit\u00e9s\nlocales, aux \u00e9tablissements et organismes d\u00e9partementaux, communaux et intercommunaux ;\n\u2022 Les notifications de ces subventions ou pr\u00eats aux collectivit\u00e9s locales, \u00e9tablissements\net organismes b\u00e9n\u00e9ficiaires ;\n\u2022 Les correspondances relatives au contr\u00f4le de l\u00e9galit\u00e9 pr\u00e9vu par le titre I de la loi du 02\nmars 1982.\nArticle 3 :  En cas d'absence ou d'emp\u00eachement de Monsieur Olivier PATERNOSTER, directeur\nd\u00e9partemental de l'emploi, du travail et des solidarit\u00e9s de l'Ain, la d\u00e9l\u00e9gation de signature qui\nlui est consentie dans les termes figurant aux articles 1 et 2 du pr\u00e9sent arr\u00eat\u00e9 peut \u00eatre exerc\u00e9e\npar  subd\u00e9l\u00e9gation  aux  directeurs-adjoints  d\u00e9partementaux  de  l'emploi,  du  travail  et  des\nsolidarit\u00e9s  de  l'Ain  et  autres  membres  de  l'encadrement  de  cat\u00e9gorie  A  relevant  de  ses\nservices.\nL'arr\u00eat\u00e9  de  subd\u00e9l\u00e9gation  sera  transmis  \u00e0  la  pr\u00e9f\u00e8te  de  d\u00e9partement  et  fera  l'objet  d'une\npublication au recueil des actes administratifs de la pr\u00e9fecture.\nArticle  4  : L'arr\u00eat\u00e9  pr\u00e9fectoral  du  20  mars  2024  portant  d\u00e9l\u00e9gation  de  signature  \u00e0\nMonsieur Olivier  PATERNOSTER,  directeur  d\u00e9partemental  de  l'emploi,  du  travail  et  des\nsolidarit\u00e9s de l'Ain, est abrog\u00e9.\nArticle 5 :  Le pr\u00e9sent arr\u00eat\u00e9 peut faire l'objet d'un recours devant le tribunal administratif de\nLyon dans un d\u00e9lai de deux mois \u00e0 compter de sa publication, conform\u00e9ment \u00e0 l'article R. 421-1\ndu  code  de  justice  administrative,  ou  de  mani\u00e8re  d\u00e9mat\u00e9rialis\u00e9e  via  le  site\ncitoyens.telerecours.fr selon l'article R. 414-6 du code de justice administrative.\nArticle 6 :  La secr\u00e9taire g\u00e9n\u00e9rale de la pr\u00e9fecture de l'Ain, sous-pr\u00e9f\u00e8te de l'arrondissement de\nBourg-en-Bresse, et le directeur d\u00e9partemental de l'emploi, du travail et des solidarit\u00e9s de l'Ain\nsont charg\u00e9s, chacun en ce qui le concerne, de l'ex\u00e9cution du pr\u00e9sent arr\u00eat\u00e9, lequel sera notifi\u00e9\naux int\u00e9ress\u00e9s et publi\u00e9 au recueil des actes administratifs de la pr\u00e9fecture de l'Ain.\nBourg-en-Bresse, le 22 d\u00e9cembre 2025\nLe pr\u00e9fet,\nSIGN\u00c9\nLouis-Xavier THIRODE\n01_Pref_Pr\u00e9fecture de l'Ain - 01-2025-12-22-00015 - RAA AP d\u00e9l\u00e9gation de signature O 56\n01_Pref_Pr\u00e9fecture de l'Ain\n01-2025-12-22-00010\nRAA AP d\u00e9l\u00e9gation de signature\nordonnancement secondaire E\n01_Pref_Pr\u00e9fecture de l'Ain - 01-2025-12-22-00010 - RAA AP d\u00e9l\u00e9gation de signature ordonnancement secondaire E 57\n=mPREFETDE L'AINLibert\u00e9Egalit\u00e9Fraternit\u00e9\nARR\u00caT\u00c9 PR\u00c9FECTORAL\nportant d\u00e9l\u00e9gation de signature \u00e0 Monsieur Eric KEROURIO,\nInspecteur g\u00e9n\u00e9ral de sant\u00e9 publique v\u00e9t\u00e9rinaire,\nDirecteur d\u00e9partemental de la protection des populations de l'Ain, \npour l'ordonnancement secondaire des recettes et des d\u00e9penses \net pour l'exercice des attributions d\u00e9volues au pouvoir adjudicateur\nLE PR\u00c9FET DE L'AIN\nVU le code de la commande publique ;\nVU la loi n\u00b0 2020-1721 du 29 d\u00e9cembre 2020 de finances pour 2021 ; \nVU la loi organique n\u00b0 2001-692 du 1er ao\u00fbt 2001 relative aux lois de finances ;\nVU la loi n\u00b0 92-125 du 06 f\u00e9vrier 1992 relative \u00e0 l'administration territoriale de la R\u00e9publique ;\nVU la  loi  n\u00b0 82-213  du  02  mars  1982  relative  aux  droits  et  libert\u00e9s  des  communes,  des\nd\u00e9partements et des r\u00e9gions ;\nVU le d\u00e9cret n\u00b0 2012-1246 du 07 novembre 2012 relatif \u00e0 la gestion budg\u00e9taire et comptable\npublique ;\nVU le  d\u00e9cret  n\u00b0 2009-1484  du  3  d\u00e9cembre  2009  relatif  aux  directions  d\u00e9partementales\ninterminist\u00e9rielles ; \nVU le d\u00e9cret n\u00b0 2004-374 du 29 avril 2004 relatif aux pouvoirs des pr\u00e9fets, \u00e0 l'organisation et \u00e0\nl'action des services de l'\u00c9tat dans les r\u00e9gions et les d\u00e9partements ;\nVU  le  d\u00e9cret  n\u00b0 97-34  du  15  janvier  1997  relatif  \u00e0  la  d\u00e9concentration  des  d\u00e9cisions\nadministratives individuelles ;\nVU le d\u00e9cret du 02 d\u00e9cembre 2025 portant nomination de Monsieur Louis-Xavier THIRODE,\nen qualit\u00e9 de pr\u00e9fet de l'Ain ;\nVU le d \u00e9cret du 02 ao\u00fbt 2023  portant nomination de Madame Virginie GUERIN-ROBINET,\nsecr\u00e9taire G\u00e9n\u00e9rale de la pr\u00e9fecture de l'Ain, sous-pr\u00e9f\u00e8te de l'arrondissement de Bourg-en-\nBresse ;\nVU l'arr\u00eat\u00e9 interminist\u00e9riel du 2  mai 2002 portant r\u00e8glement de comptabilit\u00e9 publique du\nminist\u00e8re de l'agriculture et de la p\u00eache pour la d\u00e9signation des ordonnateurs secondaires et\nde leurs d\u00e9l\u00e9gu\u00e9s ;\n01_Pref_Pr\u00e9fecture de l'Ain - 01-2025-12-22-00010 - RAA AP d\u00e9l\u00e9gation de signature ordonnancement secondaire E 58\nVU la circulaire n\u00b0 6104-SG du 2 ao\u00fbt 2019 relative \u00e0 la constitution des secr\u00e9tariats g\u00e9n\u00e9raux\ncommuns aux pr\u00e9fectures et aux directions d\u00e9partementales interminist\u00e9rielles ;\nVU la circulaire du 12 juin 2019 relative \u00e0 la mise en \u0153uvre de l'organisation territoriale de\nl'\u00c9tat ;\nVU  l'arr\u00eat\u00e9  du  Premier  ministre  et  du  ministre  de  l'Int\u00e9rieur  du 25  avril  2024 portant\nnomination  de Monsieur Eric KEROURIO ,  inspecteur g\u00e9n\u00e9ral de sant\u00e9 publique v\u00e9t\u00e9rinaire,\ndirecteur d\u00e9partemental de la protection et des populations de l'Ain \u00e0 compter du  6 mai\n2024 ;\nVU  l'arr\u00eat\u00e9  pr\u00e9fectoral  du  26  novembre  2025  portant  d\u00e9signation  de  Madame Marie-\nMadeleine RICHER, cheffe du service protection de l'environnement et appui transversal aux\nm\u00e9tiers, directrice d\u00e9partementale adjointe par int\u00e9rim de la protection des populations de\nl'Ain ;\nVU l'arr\u00eat\u00e9  pr\u00e9fectoral  du  22  d\u00e9cembre  2020  portant  organisation  de  la  direction\nd\u00e9partementale de la protection des populations de l'Ain ;\nVU l'arr\u00eat\u00e9 pr\u00e9fectoral du 15 d\u00e9cembre 2020 portant cr\u00e9ation et organisation du secr\u00e9tariat\ng\u00e9n\u00e9ral  commun  \u00e0  la  pr\u00e9fecture  et  aux  directions  d\u00e9partementales  interminist\u00e9rielles  de\nl'Ain ;\nSUR proposition  de  la  secr\u00e9taire  G\u00e9n\u00e9rale  de  la  pr\u00e9fecture  de  l'Ain,  sous-pr\u00e9f\u00e8te  de\nl'arrondissement de Bourg-en-Bresse.\nA R R \u00ca T E\nArticle     1   : D\u00e9l\u00e9gation est donn \u00e9e \u00e0  Monsieur Eric KEROURIO,  inspecteur g\u00e9n\u00e9ral de sant\u00e9\npublique v\u00e9t\u00e9rinaire, directeur d\u00e9partemental de la protection des populations  de l'Ain, pour\nproc\u00e9der \u00e0 l'ordonnancement secondaire des recettes et des d\u00e9penses de l'\u00c9tat imput\u00e9es sur\nles budgets suivants :\n1- Programme     134   (\u00ab D\u00e9veloppement des entreprises et r\u00e9gulations \u00bb) :\n\u2022 Action 24 :  r\u00e9gulation concurrentielle des march\u00e9s, protection \u00e9conomique et\ns\u00e9curit\u00e9 du consommateur.\n2- Programme 181 (\u00ab Pr\u00e9vention des risques \u00bb).\n3- Programme     206   (\u00ab S\u00e9curit\u00e9 et qualit\u00e9 sanitaires de l'alimentation \u00bb) :\n\u2022 Action 2 : lutte contre les maladies animales et protection des animaux ;\n\u2022 Action 3  :  pr\u00e9vention  et  gestion  des  risques  sanitaires  li\u00e9s  aux  denr\u00e9es\nalimentaires ;\n\u2022 Action 5 : \u00e9limination des farines et des sous-produits animaux ;\n\u2022 Action 6 : mise en \u0153uvre de la politique de s\u00e9curit\u00e9 et de qualit\u00e9 sanitaires de\nl'alimentation.\n4-  Programme 354 (\u00ab  Administration g\u00e9n\u00e9rale et territoriale de  l'\u00c9tat  \u00bb),  dans la limite des\ncr\u00e9dits d\u00e9di\u00e9s au centre de co\u00fbts. \n2\n01_Pref_Pr\u00e9fecture de l'Ain - 01-2025-12-22-00010 - RAA AP d\u00e9l\u00e9gation de signature ordonnancement secondaire E 59\n5- Programme 382 (\u00ab Lutte contre la maltraitance animale \u00bb)\n\u2022 Sous-action 1 : soutien aux associations de protection animale et des refuges)\n6- Programme     723   (\u00ab Gestion du patrimoine immobilier de l'\u00c9tat  \u00bb), dans la limite des cr\u00e9dits\nd\u00e9di\u00e9s au centre de co\u00fbts.\nCette d\u00e9l\u00e9gation porte sur la d\u00e9cision de d\u00e9pense et de recette et la co nstatation du service\nfait.\nArticle 2 : Demeurent r\u00e9serv\u00e9s \u00e0 la signature de la pr\u00e9f\u00e8te de d\u00e9partement :\n\u2022 Les ordres de r\u00e9quisition du comptable public ;\n\u2022 La  signature  des  d\u00e9cisions  de  passer  outre  aux  refus  de  visa  du  contr\u00f4leur\nfinancier local ainsi que la saisine pr\u00e9alable des minist\u00e8res comp\u00e9tents sur les\nprogrammes mentionn\u00e9s \u00e0 l'article 1 en vue de cette proc\u00e9dure ;\n\u2022 Les arr\u00eat\u00e9s et les d\u00e9cisions attributives de subvention sup\u00e9rieurs \u00e0 la somme de\n23 000 euros.\nArticle     3   : Un compte rendu d'utilisation des cr\u00e9dits pour l'exercice budg\u00e9taire sera adress\u00e9\ntrimestriellement \u00e0 la pr\u00e9f\u00e8te de d\u00e9partement. \nArticle     4   : D\u00e9l\u00e9gation est donn\u00e9e \u00e0  Monsieur Eric  KEROURIO,  inspecteur g\u00e9n\u00e9ral de sant\u00e9\npublique v\u00e9t\u00e9rinaire, d irecteur  d\u00e9partemental  de la protection des populations  de l'Ain ,  \u00e0\nl'effet de signer les march\u00e9s publics et tous les actes d\u00e9volus au pouvoir adjudicateur par le\ncode de la commande publique et les cahiers des clauses administratives g\u00e9n\u00e9rales pass\u00e9es\ndans le cadre des missions qui lui sont attribu\u00e9es et pour les affaires relevant de son service. \nEst exclue de cette d\u00e9l\u00e9gation la signature des actes d'engagement des march\u00e9s sup\u00e9rieurs \u00e0\nla somme de 100 000 euros hors taxes.\nArticle 5 : En cas d'absence ou d'emp\u00eachement de  Monsieur Eric KEROURIO, inspecteur\ng\u00e9n\u00e9ral  de  sant\u00e9  publique  v\u00e9t\u00e9rinaire,  directeur  d\u00e9partemental  de  la  protection  des\npopulations de l'Ain, la d\u00e9l\u00e9gation de signature qui lui est consentie dans les termes figurant \u00e0\nl'article  1 du  pr\u00e9sent  arr\u00eat\u00e9  est  exerc\u00e9e  par  Madame Marie-Madeleine  RICHER,  cheffe  du\nservice  protection  de  l'environnement  et  appui  transversal  aux  m\u00e9tiers,  directrice\nd\u00e9partementale adjointe par int\u00e9rim de la protection des populations de l'Ain.\nL'arr\u00eat\u00e9 de subd\u00e9l\u00e9gation sera transmis \u00e0 la pr\u00e9f\u00e8te de d\u00e9partement et fera l'objet d'une\npublication au recueil des actes administratifs de la pr\u00e9fecture. Les agents habilit\u00e9s seront\naccr\u00e9dit\u00e9s aupr\u00e8s des comptables assignataires.\nArticle  6 : En  cas  d'absence  ou  d'emp\u00eachement  simultan\u00e9s de  Monsieur  Eric  KEROURIO,\ninspecteur g\u00e9n\u00e9ral de sant\u00e9 publique v\u00e9t\u00e9rinaire, d irecteur  d\u00e9partemental  de la protection\ndes  populations de  l'Ain,  et  de  Madame Marie-Madeleine  RICHER,  cheffe  du  service\nprotection de l'environnement et appui transversal aux m\u00e9tiers, directrice d\u00e9partementale\nadjointe par int\u00e9rim de la protection des populations de l'Ain , la d\u00e9l\u00e9gation de signature qui\nleur est consentie dans les termes figurant aux articles 6 et 7  du pr\u00e9sent arr\u00eat\u00e9  peut \u00eatre\nexerc\u00e9e  par  les chefs de services et par  leurs adjoints, habilit\u00e9s  et  plac\u00e9s sous l'autorit\u00e9 du\ndirecteur d\u00e9partemental de la protection des populations de l'Ain.\nL'arr\u00eat\u00e9 de subd\u00e9l\u00e9gation sera transmis \u00e0 la pr\u00e9f\u00e8te de d\u00e9partement et fera l'objet d'une\npublication au recueil des actes administratifs de la pr\u00e9fecture. \n3\n01_Pref_Pr\u00e9fecture de l'Ain - 01-2025-12-22-00010 - RAA AP d\u00e9l\u00e9gation de signature ordonnancement secondaire E 60\nArticle  7 :  L'arr\u00eat\u00e9  pr\u00e9fectoral  du  27  novembre  2025  portant  d\u00e9l\u00e9gation  de  signature  \u00e0\nMonsieur Eric KEROURIO,  inspecteur  g\u00e9n\u00e9ral  de  sant\u00e9  publique  v\u00e9t\u00e9rinaire,  d irecteur\nd\u00e9partemental de la protection des populations  de l'Ain, pour l'ordonnancement secondaire\ndes  recettes  et  des  d\u00e9penses,  et  pour  l'exercice  des  attributions  d\u00e9volues  au  pouvoir\nadjudicateur, est abrog\u00e9.\nArticle 8  : Le pr\u00e9sent arr\u00eat\u00e9 peut faire l'objet d'un recours devant le tribunal administratif de\nLyon dans un d\u00e9lai de deux mois \u00e0 compter de sa publication, conform\u00e9ment \u00e0 l'article R. 421-\n1  du  code  de  justice  administrative,  ou  de  mani\u00e8re  d\u00e9mat\u00e9rialis\u00e9e  via le  site\ncitoyens.telerecours.fr selon l'article R. 414-6 du code de justice administrative. \nArticle     9   : La secr\u00e9taire g\u00e9n\u00e9rale de la pr\u00e9fecture de l'Ain, sous-pr\u00e9f\u00e8te de l'arrondissement de\nBourg-en-Bresse, et le directeur d\u00e9partemental de la protection des populations sont charg\u00e9s,\nchacun  en  ce  qui  le  concerne,  de  l'ex\u00e9cution  du  pr\u00e9sent  arr\u00eat\u00e9,  lequel  sera  notifi\u00e9  aux\nint\u00e9ress\u00e9s et publi\u00e9 au recueil des actes administratifs de la pr\u00e9fecture de l'Ain.\nBourg-en-Bresse, le 22 d\u00e9cembre 2025\nLe pr\u00e9fet,\n SIGN\u00c9\nLouis-Xavier THIRODE\n4\n01_Pref_Pr\u00e9fecture de l'Ain - 01-2025-12-22-00010 - RAA AP d\u00e9l\u00e9gation de signature ordonnancement secondaire E 61\n01_Pref_Pr\u00e9fecture de l'Ain\n01-2025-12-22-00016\nRAA AP d\u00e9l\u00e9gation de signature OS  pouvoir\nadjudicateur\n01_Pref_Pr\u00e9fecture de l'Ain - 01-2025-12-22-00016 - RAA AP d\u00e9l\u00e9gation de signature OS  pouvoir adjudicateur 62\nEnPREFETDE L'AINLibert\u00e9Egalit\u00e9Fraternit\u00e9\nARR\u00caT\u00c9 PR\u00c9FECTORAL\nportant d\u00e9l\u00e9gation de signature \u00e0 Monsieur Olivier PATERNOSTER\nDirecteur d\u00e9partemental de l'emploi, du travail et des solidarit\u00e9s de l'Ain\npour l'ordonnancement secondaire des recettes et des d\u00e9penses\net pour l'exercice des attributions d\u00e9volues au pouvoir adjudicateur\nLE PR\u00c9FET DE L'AIN\nVU le code de la commande publique ;\nVU la  loi  n\u00b0  82-213  du  02  mars  1982  relative  aux  droits  et  libert\u00e9s  des  communes,  des\nd\u00e9partements et des r\u00e9gions ;\nVU la loi n\u00b0 92-125 du 06 f\u00e9vrier 1992 relative \u00e0 l'administration territoriale de la R\u00e9publique ;\nVU la loi organique n\u00b0 2001-692 du 1er ao\u00fbt 2001 relative aux lois de finances ;\nVU la loi n\u00b0 2020-1721 du 29 d\u00e9cembre 2020 de finances pour 2021 ;\nVU le  d\u00e9cret  n\u00b0  97-34  du  15  janvier  1997  relatif  \u00e0  la  d\u00e9concentration  des  d\u00e9cisions\nadministratives individuelles ;\nVU le d\u00e9cret n\u00b0 2004-374 du 29 avril 2004 relatif aux pouvoirs des pr\u00e9fets, \u00e0 l'organisation et \u00e0\nl'action des services de l'\u00c9tat dans les r\u00e9gions et les d\u00e9partements ;\nVU le  d\u00e9cret  n\u00b0  2009-1484  du  03  d\u00e9cembre  2009  relatif  aux  directions  d\u00e9partementales\ninterminist\u00e9rielles ;\nVU le d\u00e9cret n\u00b0 2012-1246 du 07 novembre 2012 relatif \u00e0 la gestion budg\u00e9taire et comptable\npublique ;\nVU le  d\u00e9cret  n\u00b0  2020-99  du  7  f\u00e9vrier  2020  relatif  \u00e0  l'organisation  et  aux  missions  des\nsecr\u00e9tariats g\u00e9n\u00e9raux communs d\u00e9partementaux ;\nVU le d\u00e9cret du 02 d\u00e9cembre 2025 portant nomination de Monsieur Louis-Xavier THIRODE, en\nqualit\u00e9 de pr\u00e9fet de l'Ain,\nVU le  d\u00e9cret  du  2  ao\u00fbt  2023  portant  nomination  de  Madame  Virginie  GUERIN-ROBINET,\nsecr\u00e9taire g\u00e9n\u00e9rale de la pr\u00e9fecture de l'Ain, sous-pr\u00e9f\u00e8te de Bourg-en-Bresse ;\nVU l'arr\u00eat\u00e9 du ministre de l'emploi et de la solidarit\u00e9 du 29 avril 2002 portant d\u00e9signation des\npersonnes responsables des march\u00e9s ;\nVU l'arr\u00eat\u00e9 pr\u00e9fectoral du 15 d\u00e9cembre 2020 portant cr\u00e9ation et organisation du secr\u00e9tariat\ng\u00e9n\u00e9ral commun \u00e0 la pr\u00e9fecture et aux directions d\u00e9partementales interminist\u00e9rielles de l'Ain ;\n01_Pref_Pr\u00e9fecture de l'Ain - 01-2025-12-22-00016 - RAA AP d\u00e9l\u00e9gation de signature OS  pouvoir adjudicateur 63\nVU l'arr\u00eat\u00e9 pr\u00e9fectoral du 30 mars 2021 portant organisation de la direction d\u00e9partementale\ndu travail, de l'emploi et des solidarit\u00e9s de l'Ain ;\nVU l'arr\u00eat\u00e9  pr\u00e9fectoral  du  28  d\u00e9cembre  2023  portant  d\u00e9l\u00e9gation  de  signature  \u00e0\nMadame Audrey CHAHINE, directrice du travail, directrice d\u00e9partementale de l'emploi, du\ntravail et des solidarit\u00e9s de l'Ain par int\u00e9rim pour l'ordonnancement secondaire des recettes et\ndes d\u00e9penses et pour l'exercice des attributions d\u00e9volues au pouvoir adjudicateur ;\nVU l'arr\u00eat\u00e9 du minist\u00e8re de l'int\u00e9rieur et des outre-mer du 7 mars 2024 portant nomination de\nMonsieur  Olivier  PATERNOSTER,  directeur  d\u00e9partemental  de  l'emploi,  du  travail  et  des\nsolidarit\u00e9s de l'Ain \u00e0 compter du 25 mars 2024 ;\nVU la circulaire du 12 juin 2019 relative \u00e0 la mise en \u0153uvre de l'organisation territoriale de\nl'\u00c9tat ;  \nVU la circulaire n\u00b06104-SG du 2 ao\u00fbt 2019 relative \u00e0 la constitution des secr\u00e9tariats g\u00e9n\u00e9raux\ncommuns aux pr\u00e9fectures et aux directions d\u00e9partementales interminist\u00e9rielles ;\nSUR proposition  de  la  secr\u00e9taire  g\u00e9n\u00e9rale  de  la  pr\u00e9fecture  de  l'Ain,  sous-pr\u00e9f\u00e8te  de\nl'arrondissement de Bourg-en-Bresse ;\nA R R \u00ca T E\nArticle 1 :  D\u00e9l\u00e9gation de signature est donn\u00e9e \u00e0 Monsieur Olivier PATERNOSTER, directeur\nd\u00e9partemental  de  l'emploi,  du  travail  et  des  solidarit\u00e9s  de  l'Ain,  pour  proc\u00e9der  \u00e0\nl'ordonnancement secondaire des recettes et des d\u00e9penses de l'\u00c9tat imput\u00e9es sur les budgets\nsuivants :\n\u2022 Programme 104 : \u00ab Int\u00e9gration et acc\u00e8s \u00e0 la nationalit\u00e9 fran\u00e7aise \u00bb ;\n\u2022 Programme 135 : \u00ab D\u00e9veloppement et am\u00e9lioration de l'offre de logement \u00bb ;\n\u2022 Programme 137 : \u00ab \u00c9galit\u00e9 entre les femmes et les hommes \u00bb ;\n\u2022 Programme 147 : \u00ab Politique de la ville \u00bb ;\n\u2022 Programme 157 : \u00ab Handicap et d\u00e9pendance \u00bb ;\n\u2022  Programme  177  :  \u00ab  H\u00e9bergement,  parcours  vers  le  logement  et  insertion  des  personnes\nvuln\u00e9rables \u00bb ;\n\u2022 Programme 183 : \u00ab Protection maladie \u00bb ;\n\u2022 Programme 216 : \u00ab Conduite et pilotage des politiques de l'int\u00e9rieur \u00bb ;\n\u2022 Programme 303 : \u00ab Immigration et asile \u00bb ;\n\u2022 Programme 304 : \u00ab Inclusion sociale et protection des personnes \u00bb ;\n\u2022 Programme 354 : \u00ab Administration g\u00e9n\u00e9rale et territoriale de l'\u00c9tat \u00bb, dans la limite des cr\u00e9dits\nd\u00e9di\u00e9s \u00e0 la DDETS sur le centre de co\u00fbts du secr\u00e9tariat g\u00e9n\u00e9ral commun ;\nCette d\u00e9l\u00e9gation porte sur la d\u00e9cision de d\u00e9pense et la constatation du service fait.\nArticle 2 :  En cas d'absence ou d'emp\u00eachement de Monsieur Olivier PATERNOSTER, directeur\nd\u00e9partemental de l'emploi, du travail et des solidarit\u00e9s de l'Ain, la d\u00e9l\u00e9gation de signature qui\nlui est consentie dans les termes figurant \u00e0 l'article 1 du pr\u00e9sent arr\u00eat\u00e9 peut \u00eatre exerc\u00e9e par les\nagents habilit\u00e9s et plac\u00e9s sous son autorit\u00e9.\nL'arr\u00eat\u00e9  de  subd\u00e9l\u00e9gation  sera  transmis  \u00e0  la  pr\u00e9f\u00e8te  de  d\u00e9partement  et  fera  l'objet  d'une\npublication au recueil des actes administratifs de la pr\u00e9fecture. Les agents habilit\u00e9s seront\naccr\u00e9dit\u00e9s aupr\u00e8s des comptables assignataires.\n01_Pref_Pr\u00e9fecture de l'Ain - 01-2025-12-22-00016 - RAA AP d\u00e9l\u00e9gation de signature OS  pouvoir adjudicateur 64\nArticle 3 :  Demeurent r\u00e9serv\u00e9s \u00e0 la signature de la pr\u00e9f\u00e8te de d\u00e9partement, quel qu'en soit le\nmontant :\n\u2022 Les ordres de r\u00e9quisition du comptable public ;\n\u2022 La signature des d\u00e9cisions de passer outre aux refus de visa du contr\u00f4leur financier local ainsi\nque la saisine pr\u00e9alable des minist\u00e8res comp\u00e9tents mentionn\u00e9s \u00e0 l'article 1 en vue de cette\nproc\u00e9dure ;\n\u2022 Les arr\u00eat\u00e9s et les d\u00e9cisions attributives de subvention sup\u00e9rieurs \u00e0 la somme de 90 000 euros.\nArticle 4 :  Un compte rendu d'utilisation des cr\u00e9dits pour l'exercice budg\u00e9taire sera adress\u00e9\ntrimestriellement au pr\u00e9fet de d\u00e9partement.\nArticle 5 :  D\u00e9l\u00e9gation est donn\u00e9e \u00e0 Monsieur Olivier PATERNOSTER, directeur d\u00e9partemental\nde l'emploi, du travail et des solidarit\u00e9s de l'Ain, \u00e0 l'effet de signer les march\u00e9s publics, tous les\nactes d\u00e9volus au pouvoir adjudicateur par le code de la commande publique et les cahiers des\nclauses administratives g\u00e9n\u00e9rales pass\u00e9es dans le cadre des missions qui lui sont attribu\u00e9es et\npour les affaires relevant de son service.\nEst exclue de cette d\u00e9l\u00e9gation la signature des actes d'engagement des march\u00e9s sup\u00e9rieurs \u00e0 la\nsomme de 90 000 euros hors taxes.\nArticle 6 :  En cas d'absence ou d'emp\u00eachement de Monsieur Olivier PATERNOSTER, directeur\nd\u00e9partemental de l'emploi, du travail et des solidarit\u00e9s de l'Ain, la d\u00e9l\u00e9gation de signature qui\nest consentie dans les termes figurant \u00e0 l'article 5 du pr\u00e9sent arr\u00eat\u00e9 peut \u00eatre exerc\u00e9e par les\nagents de cat\u00e9gorie A relevant de ses services.\nL'arr\u00eat\u00e9  de  subd\u00e9l\u00e9gation  sera  transmis  au  pr\u00e9fet  de  d\u00e9partement  et  fera  l'objet  d'une\npublication au recueil des actes administratifs de la pr\u00e9fecture.\nArticle  7  : L'arr\u00eat\u00e9  pr\u00e9fectoral  du  20  mars  2024  portant  d\u00e9l\u00e9gation  de  signature  \u00e0\nMonsieur Olivier  PATERNOSTER,  directeur  d\u00e9partemental  de  l'emploi,  du  travail  et  des\nsolidarit\u00e9s de l'Ain pour l'ordonnancement secondaire des recettes et des d\u00e9penses et pour\nl'exercice des attributions d\u00e9volues au pouvoir adjudicateur, est abrog\u00e9.\nArticle 8 :  Le pr\u00e9sent arr\u00eat\u00e9 peut faire l'objet d'un recours devant le tribunal administratif de\nLyon dans un d\u00e9lai de deux mois \u00e0 compter de sa publication, conform\u00e9ment \u00e0 l'article R. 421-1\ndu  code  de  justice  administrative,  ou  de  mani\u00e8re  d\u00e9mat\u00e9rialis\u00e9e  via  le  site\ncitoyens.telerecours.fr selon l'article R. 414-6 du code de justice administrative.\nArticle 9 :  La secr\u00e9taire g\u00e9n\u00e9rale de la pr\u00e9fecture de l'Ain, sous-pr\u00e9f\u00e8te de l'arrondissement de\nBourg-en-Bresse, et le directeur d\u00e9partemental de l'emploi, du travail et des solidarit\u00e9s de l'Ain,\nsont charg\u00e9s, chacun en ce qui le concerne, de l'ex\u00e9cution du pr\u00e9sent arr\u00eat\u00e9, lequel sera notifi\u00e9\naux int\u00e9ress\u00e9s, publi\u00e9 au recueil des actes administratifs de la pr\u00e9fecture de l'Ain.\nBourg-en-Bresse, le 22 d\u00e9cembre 2025\nLe pr\u00e9fet\nSIGN\u00c9\nLouis-Xavier THIRODE\n01_Pref_Pr\u00e9fecture de l'Ain - 01-2025-12-22-00016 - RAA AP d\u00e9l\u00e9gation de signature OS  pouvoir adjudicateur 65\n01_Pref_Pr\u00e9fecture de l'Ain\n01-2025-12-22-00011\nRAA AP d\u00e9l\u00e9gation de signature V\n01_Pref_Pr\u00e9fecture de l'Ain - 01-2025-12-22-00011 - RAA AP d\u00e9l\u00e9gation de signature V 66\nEnPREFETDE L'AINLibert\u00e9Egalit\u00e9Fraternit\u00e9\nARR\u00caT\u00c9 PR\u00c9FECTORAL\nPortant nomination du d\u00e9l\u00e9gu\u00e9 adjoint et d\u00e9l\u00e9gation de signature\ndu d\u00e9l\u00e9gu\u00e9 de l'Agence nationale de l'habitat dans l'Ain\n\u00e0 l'un ou plusieurs de ses collaborateurs\nLE PR\u00c9FET DE L'AIN\nVU l'article L. 321-1 du code de la construction et de l'habitation ;\nVU le d\u00e9cret n\u00b0 2004-374 du 29 avril 2004 relatif aux pouvoirs des pr\u00e9fets, \u00e0 l'organisation et \u00e0\nl'action des services de l'\u00c9tat dans les r\u00e9gions et les d\u00e9partements ;\nVU le d\u00e9cret du 02 d\u00e9cembre 2025 portant nomination de Monsieur Louis-Xavier THIRODE, en\nqualit\u00e9 de pr\u00e9fet de l'Ain ;\nVU le d\u00e9cret du 2 ao\u00fbt 2023 portant nomination de Madame Virginie GUERIN-ROBINET, secr\u00e9taire\ng\u00e9n\u00e9rale de la pr\u00e9fecture de l'Ain, sous-pr\u00e9f\u00e8te de l'arrondissement de Bourg-en-Bresse ;\nVU l'arr\u00eat\u00e9 de la Premi\u00e8re ministre et du ministre de l'Int\u00e9rieur et des outres-mers du 31 octobre\n2022 portant nomination de Monsieur Vincent PATRIARCA, ing\u00e9nieur des travaux publics de l'\u00c9tat\nhors classe, directeur d\u00e9partemental des territoires \u00e0 compter du 15 novembre 2022 ;  \nVU l'arr\u00eat\u00e9 du 23 juin 2025 portant modification de l'organisation de la direction d\u00e9partementale\ndes territoires de l'Ain ;\nSUR proposition  de  la  secr\u00e9taire  g\u00e9n\u00e9rale  de  la  pr\u00e9fecture  de  l'Ain,  sous-pr\u00e9f\u00e8te  de\nl'arrondissement de Bourg-en-Bresse.\nARR\u00caTE\nArticle     1     :   Monsieur  Vincent  PATRIARCA,  ing\u00e9nieur  des  travaux  publics  de  l'\u00c9tat  hors  classe,\ndirecteur d\u00e9partemental des territoires de l'Ain est nomm\u00e9 d\u00e9l\u00e9gu\u00e9 adjoint de l'agence nationale\nde l'habitat de l'Ain.\nArticle 2     :   D\u00e9l\u00e9gation est donn\u00e9e \u00e0 Monsieur Vincent PATRIARCA, directeur d\u00e9partemental des\nterritoires de l'Ain, d\u00e9l\u00e9gu\u00e9 adjoint, \u00e0 effet de signer les actes et documents suivants :\nPour l'ensemble du d\u00e9partement :\n- tous actes et documents administratifs relatifs \u00e0 l'instruction des demandes de subvention, \u00e0\nl'attribution  des  subventions  ou  au  rejet  des  demandes,  au  retrait,  \u00e0  l'annulation  et  au\nreversement des subventions aux b\u00e9n\u00e9ficiaires mentionn\u00e9s aux III de l'article R. 321-12 du code\nde la construction et de l'habitation (humanisation des structures d'h\u00e9bergement) dont la\n01_Pref_Pr\u00e9fecture de l'Ain - 01-2025-12-22-00011 - RAA AP d\u00e9l\u00e9gation de signature V 67\nliquidation  et  l'ordonnancement  des  d\u00e9penses  engag\u00e9es  et  la  liquidation  des  recettes\nconstat\u00e9es relatives \u00e0 l'attribution de ces subventions ;\n- tous actes relatifs \u00e0 l'instruction des demandes de subvention des b\u00e9n\u00e9ficiaires mentionn\u00e9s\naux IV et V de l'article R. 321-12 du code de la construction et de l'habitation (RHI-THIRORI),\n\u00e0  l'instruction  des  demandes  d'acomptes  et  leur  liquidation  ainsi  qu'\u00e0  l'instruction  des\ndemandes de versement du solde de la subvention ;\n- tous actes et documents administratifs relatifs aux missions confi\u00e9es \u00e0 l'Agence aux termes\ndes  conventions  sign\u00e9es  pour  la  gestion  par  l'Anah  des  aides  propres  des  collectivit\u00e9s\nterritoriales  en  application  de  l'article  L.  312-2-1  du  code  de  la  construction  et  de\nl'habitation  dont  la  liquidation  et  l'ordonnancement  des  d\u00e9penses  engag\u00e9es  et  la\nliquidation des recettes constat\u00e9es relatives \u00e0 l'attribution de ces subventions  ;\n- la d\u00e9signation des agents charg\u00e9s du contr\u00f4le mandat\u00e9s pour effectuer des contr\u00f4les sur\nplace ;\n- tous  actes  et  documents  administratifs,  notamment  d\u00e9cision  d'agr\u00e9ment  ou  de  rejet,\nrelatifs \u00e0 l'instruction des demandes d'habilitation d'op\u00e9rateurs d'AMO ;\n- toute convention relative au programme habiter mieux ;\n- le rapport annuel d'activit\u00e9 ;\n- apr\u00e8s avis du d\u00e9l\u00e9gu\u00e9 de l'Agence dans la r\u00e9gion, les conventions pour la gestion des aides \u00e0\nl'habitat priv\u00e9 pr\u00e9vues \u00e0 l'article L. 321-1-1 du code de la construction et de l'habitation ainsi\nque les avenants aux conventions en cours.\nPour les territoires couverts par une convention sign\u00e9e en application de l'article L. 321-1-1 du\ncode de la construction et de l'habitation (en d\u00e9l\u00e9gation de comp\u00e9tence pour l'attribution des\naides \u00e0 la pierre) :\n- tous actes et documents administratifs relatifs aux missions confi\u00e9es \u00e0 l'Agence aux termes\ndes conventions sign\u00e9es en application des articles L. 301-5-1, L. 301-5-2 et L. 321-1-1 du code\nde la construction et de l'habitation ;\ntous actes et documents administratifs relatifs au retrait, \u00e0 l'annulation et le cas \u00e9ch\u00e9ant au\nreversement des subventions aux b\u00e9n\u00e9ficiaires mentionn\u00e9s aux I et II de l'article R. 321-12 du\ncode de la construction et de l'habitation, dans la limite des comp\u00e9tences du d\u00e9l\u00e9gu\u00e9 telles\nque d\u00e9finies par les r\u00e8gles en vigueur, pour les dossiers ayant fait l'objet d'une attribution de\nsubvention ant\u00e9rieurement \u00e0 l'entr\u00e9e en vigueur de la convention sign\u00e9e en application de\nl'article L. 321-1-1.\nArticle  3     :   D\u00e9l\u00e9gation  permanente  est  donn\u00e9e  \u00e0  Monsieur  Vincent  PATRIARCA,  directeur\nd\u00e9partemental des territoires, d\u00e9l\u00e9gu\u00e9 adjoint de l'agence nationale de l'habitat de l'Ain, \u00e0\neffet de signer concernant le conventionnement des logements au titre de l'article L.321-4 et\nL.321-8 du code de la construction et de l'habitat, les actes et documents suivants : \nPour les territoires couverts par une convention sign\u00e9e en application de l'article L. 321-1-1 du\ncode de la construction et de l'habitation (en d\u00e9l\u00e9gation de comp\u00e9tence pour l'attribution des\naides \u00e0 la pierre) :\n1) les conventions qui concernent des logements ne faisant pas l'objet d'une subvention\nde  l'Anah  ainsi  que  leur  prorogation  ou  r\u00e9siliation.  Le  document  r\u00e9capitulant  les\nengagements du bailleur est sign\u00e9 dans les m\u00eames conditions que celles relatives \u00e0 la\nconvention s'y rapportant.\n2) tous documents aff\u00e9rant \u00e0 ces conventions, dans le cadre de l'instruction pr\u00e9alable \u00e0\nleur  conclusion,  leur  prorogation  ou  leur  r\u00e9siliation  ainsi  que  toutes  demandes  de\nrenseignements aupr\u00e8s des bailleurs ayant conclu une convention au titre de l'article L.\n321-4 ou L. 321-8 du code de la construction et de l'habitation. \nde fa\u00e7on g\u00e9n\u00e9rale, pour les besoins du contr\u00f4le et dans les conditions pr\u00e9vues \u00e0 l'article R. 321-\n29, tous les documents relevant de missions de v\u00e9rification, de contr\u00f4le et d'information li\u00e9es\nau respect des engagements contractuels et au plein exercice du contr\u00f4le de l'Agence.\n01_Pref_Pr\u00e9fecture de l'Ain - 01-2025-12-22-00011 - RAA AP d\u00e9l\u00e9gation de signature V 68\nArticle     4     :   Monsieur Vincent PATRIARCA, directeur d\u00e9partemental des territoires de l'Ain, peut\nsubd\u00e9l\u00e9guer sa signature au directeur adjoint, \u00e0 la cheffe du service habitat et construction et\n\u00e0 ses collaborateurs charg\u00e9s de l'instruction et du contr\u00f4le des dossiers de l'agence nationale\nde l'habitat de l'Ain.\nArticle     5     :   L'arr\u00eat\u00e9  pr\u00e9fectoral  du  11  avril  2023  portant  nomination  du  d\u00e9l\u00e9gu\u00e9  adjoint  et\nd\u00e9l\u00e9gation  de  signature  du  d\u00e9l\u00e9gu\u00e9  de  l'Agence  nationale  de  l'habitat  de  l'Ain  \u00e0  l'un  ou\nplusieurs  de  ses  collaborateurs  est  abrog\u00e9  \u00e0  compter  du  lendemain  de  la  publication  du\npr\u00e9sent arr\u00eat\u00e9 au recueil des actes administratifs de la pr\u00e9fecture.\nArticle 6     :    Le pr\u00e9sent arr\u00eat\u00e9 peut \u00eatre contest\u00e9 dans un d\u00e9lai de deux mois \u00e0 compter de sa\npublication :\nPar recours gracieux ou hi\u00e9rarchique conform\u00e9ment \u00e0 l'article L. 411-2 du code des relations\nentre le public et l'administration. L'absence de r\u00e9ponse dans un d\u00e9lai de deux mois fait na\u00eetre\nune  d\u00e9cision  implicite  de  rejet  qui  peut  \u00eatre  elle-m\u00eame  contest\u00e9e  devant  le  tribunal\nadministratif dans les deux mois suivants.\nPar recours contentieux devant le tribunal administratif de Lyon, 184 rue Duguesclin 69003\nLyon, conform\u00e9ment \u00e0 l'article R. 421-1 du Code de justice administrative. Ce recours peut \u00eatre\nr\u00e9alis\u00e9  par  voie  \u00e9lectronique  conform\u00e9ment  \u00e0  l'article  R.  414-2  du  code  de  justice\nadministrative. Depuis le 1er d\u00e9cembre 2018, le recours contentieux peut ainsi \u00eatre d\u00e9pos\u00e9\naupr\u00e8s  des  juridictions  administratives  sur  l'application  internet  \"T\u00e9l\u00e9recours  citoyens\",  en\nsuivant les instructions disponibles sur le site : https://citoyens.telerecours.fr\nArticle     7     :   La secr\u00e9taire g\u00e9n\u00e9rale de la pr\u00e9fecture de l'Ain, sous-pr\u00e9f\u00e8te de l'arrondissement de\nBourg-en-Bresse, et le directeur d\u00e9partemental des territoires sont charg\u00e9s, chacun en ce qui le\nconcerne, de l'ex\u00e9cution du pr\u00e9sent arr\u00eat\u00e9, lequel sera notifi\u00e9 aux int\u00e9ress\u00e9(e)s et publi\u00e9 au\nrecueil des actes administratifs de la pr\u00e9fecture.\nAmpliation du pr\u00e9sent arr\u00eat\u00e9 sera adress\u00e9e \u00e0 Monsieur le Pr\u00e9sident du Conseil d\u00e9partemental\nde l'Ain, Madame la directrice g\u00e9n\u00e9rale de l'agence national de l'habitat, Monsieur le directeur\ng\u00e9n\u00e9ral adjoint en charge des fonctions support, \u00e0 l'agent comptable et aux int\u00e9ress\u00e9(e)s. \nArticle 8     :    Le pr\u00e9sent arr\u00eat\u00e9 prend effet \u00e0 compter du lendemain de sa publication au recueil\ndes actes administratifs de la pr\u00e9fecture.\nBourg-en-Bresse, le 22 d\u00e9cembre 2025\nLe pr\u00e9fet,\nSIGN\u00c9\nLouis-Xavier THIRODE\n01_Pref_Pr\u00e9fecture de l'Ain - 01-2025-12-22-00011 - RAA AP d\u00e9l\u00e9gation de signature V 69\n01_Pref_Pr\u00e9fecture de l'Ain\n01-2025-12-22-00013\nRAA AP d\u00e9l\u00e9gation de signature V\n01_Pref_Pr\u00e9fecture de l'Ain - 01-2025-12-22-00013 - RAA AP d\u00e9l\u00e9gation de signature V 70\nEnPREFETDE L'AINLibert\u00e9Egalit\u00e9Fraternit\u00e9\nARR\u00caT\u00c9 PR\u00c9FECTORAL\nPortant d\u00e9l\u00e9gation de signature \u00e0 Monsieur Vincent PATRIARCA,\nDirecteur d\u00e9partemental des territoires de l'Ain\nLe pr\u00e9fet de l'Ain\nVU le code de la construction et de l'habitation ;\nVU le code de l'environnement ;\nVU le code forestier ;\nVU le code de la route ;\nVU le code rural et de la p\u00eache maritime ;\nVU le code de l'urbanisme ;\nVU la  loi  n\u00b0  82-213  du  2  mars  1982  relative  aux  droits  et  libert\u00e9s  des  communes,  des\nd\u00e9partements et des r\u00e9gions, et notamment son article 34 ;\nVU la loi n\u00b0 83-8 du 7 janvier 1983 relative \u00e0 la r\u00e9partition de comp\u00e9tences entre les communes,\nles d\u00e9partements, les r\u00e9gions et l'\u00c9tat ;\nVU la loi n\u00b0 92-125 du 6 f\u00e9vrier 1992 relative \u00e0 l'administration territoriale de la R\u00e9publique ;\nVU le d\u00e9cret n\u00b0 2004-374 du 29 avril 2004 relatif aux pouvoirs des pr\u00e9fets, \u00e0 l'organisation et \u00e0\nl'action des services de l'\u00c9tat dans les r\u00e9gions et les d\u00e9partements ;\nVU le d\u00e9cret n\u00b0 2015-510 du 7 mai 2015 portant charte de la d\u00e9concentration ;\nVU le d\u00e9cret n\u00b0 2019-1594 du 31 d\u00e9cembre 2019 relatif aux emplois de direction de l'\u00c9tat ;\nVU le d\u00e9cret n\u00b0 2020-1427 du 20 novembre 2020 relatif aux comit\u00e9s sociaux d'administration\ndans les administrations et les \u00e9tablissements publics de l'\u00c9tat ;\nVU le  d\u00e9cret  n\u00b0  2020-99  du  7  f\u00e9vrier  2020  relatif  \u00e0  l'organisation  et  aux  missions  des\nsecr\u00e9tariats g\u00e9n\u00e9raux communs d\u00e9partementaux ;\nVU le d\u00e9cret du 02 d\u00e9cembre 2025 portant nomination de Monsieur Louis-Xavier THIRODE, en\nqualit\u00e9 de pr\u00e9fet de l'Ain ;\nVU le  d\u00e9cret  du  2  ao\u00fbt  2023  portant  nomination  de  Madame  Virginie  GUERIN-ROBINET,\nsecr\u00e9taire g\u00e9n\u00e9rale de la pr\u00e9fecture de l'Ain, sous-pr\u00e9f\u00e8te de l'arrondissement de Bourg-en-\nBresse ;\n01_Pref_Pr\u00e9fecture de l'Ain - 01-2025-12-22-00013 - RAA AP d\u00e9l\u00e9gation de signature V 71\nVU l'arr\u00eat\u00e9 de la Premi\u00e8re ministre et du ministre de l'Int\u00e9rieur et des outres-mers du 31\noctobre 2022 portant nomination de Monsieur Vincent PATRIARCA, ing\u00e9nieur des travaux\npublics  de  l'\u00c9tat  hors  classe,  directeur  d\u00e9partemental  des  territoires  \u00e0  compter  du  15\nnovembre 2022 ;\nVU la circulaire n\u00b0 6092-SG du 12 juin 2019 relative \u00e0 la mise en \u0153uvre de la r\u00e9forme de\nl'organisation territoriale de l'\u00c9tat ;\nVU l'arr\u00eat\u00e9  du  31  juillet  2012  du  pr\u00e9fet  de  la  r\u00e9gion  Rh\u00f4ne-Alpes  donnant  d\u00e9l\u00e9gation  de\nsignature aux pr\u00e9fets des d\u00e9partements de la r\u00e9gion Rh\u00f4ne-Alpes dans le cadre de la mise en\n\u0153uvre du volet r\u00e9gional du programme de d\u00e9veloppement rural hexagonal ;\nVU l'arr\u00eat\u00e9 pr\u00e9fectoral du 23 juin 2025 portant modification de l'organisation de la direction\nd\u00e9partementale des territoires de l'Ain ;\nVU l'arr\u00eat\u00e9 pr\u00e9fectoral du 15 d\u00e9cembre 2020 portant cr\u00e9ation et organisation du secr\u00e9tariat\ng\u00e9n\u00e9ral commun \u00e0 la pr\u00e9fecture et aux directions d\u00e9partementales interminist\u00e9rielles de l'Ain ;\nVU le programme r\u00e9gional de d\u00e9veloppement agricole et rural Auvergne-Rh\u00f4ne-Alpes 2022-\n2027 ;\nSUR proposition  de  la  secr\u00e9taire  g\u00e9n\u00e9rale  de  la  pr\u00e9fecture  de  l'Ain,  sous-pr\u00e9f\u00e8te  de\nl'arrondissement de Bourg-en-Bresse ;\nA R R \u00ca T E\nArticle 1 : D\u00e9l\u00e9gation est donn\u00e9e \u00e0 Monsieur Vincent PATRIARCA, ing\u00e9nieur des travaux publics\nde  l'\u00c9tat  hors  classe,  directeur  d\u00e9partemental  des  territoires  de  l'Ain,  \u00e0  l'effet  de  signer\nl'ensemble des actes, d\u00e9cisions et documents relevant des attributions et comp\u00e9tences de son\nservice et se rapportant aux mati\u00e8res \u00e9num\u00e9r\u00e9es dans le tableau mis en annexe du pr\u00e9sent\narr\u00eat\u00e9.\nArticle 2 :  Sont exclues de la d\u00e9l\u00e9gation consentie dans les termes figurant \u00e0 l'article 1 du\npr\u00e9sent arr\u00eat\u00e9 :\n\u2022 Les circulaires aux maires ;\n\u2022  Toute  correspondance  adress\u00e9e  aux  cabinets  minist\u00e9riels  ainsi  que  celles  adress\u00e9es  aux\nadministrations  centrales  et  qui  sont  relatives  aux  programmes  d'\u00e9quipement  et  \u00e0  leur\nfinancement ;\n\u2022 Toute correspondance adress\u00e9e aux pr\u00e9sidents des assembl\u00e9es r\u00e9gionale et d\u00e9partementale\nainsi que les r\u00e9ponses aux interventions des parlementaires et des conseillers d\u00e9partementaux\nlorsqu'elles portent sur des comp\u00e9tences relevant de l'\u00c9tat.\nArticle 3 : La signature du d\u00e9l\u00e9gataire sera pr\u00e9c\u00e9d\u00e9e de la mention suivante :\nLe pr\u00e9fet,\nPour le pr\u00e9fet et par d\u00e9l\u00e9gation\nLe directeur d\u00e9partemental des territoires,\nVincent PATRIARCA\nArticle 4 :  En cas d'absence ou d'emp\u00eachement de Monsieur Vincent PATRIARCA, ing\u00e9nieur\ndes travaux publics de l'\u00c9tat hors classe, directeur d\u00e9partemental des territoires de l'Ain, la\nd\u00e9l\u00e9gation de signature qui lui est consentie dans les termes figurant aux articles 1, 2 et 3 du\n01_Pref_Pr\u00e9fecture de l'Ain - 01-2025-12-22-00013 - RAA AP d\u00e9l\u00e9gation de signature V 72\npr\u00e9sent arr\u00eat\u00e9 peut \u00eatre exerc\u00e9e par le directeur adjoint, les chef(fe)s de services et leurs\nadjoint(e)s, les chef(fe)s d'unit\u00e9s ou de bureaux ainsi que les charg\u00e9(e)s de missions de cat\u00e9gorie\nA.\nCette subd\u00e9l\u00e9gation peut \u00eatre \u00e9tendue \u00e0 quelques agents occupant des postes de chef de\np\u00f4le (fiscalit\u00e9, application du droit des sols\u2026).\nL'arr\u00eat\u00e9  de  subd\u00e9l\u00e9gation  sera  transmis  \u00e0  la  pr\u00e9f\u00e8te  de  d\u00e9partement  et  fera  l'objet  d'une\npublication au recueil des actes administratifs de la pr\u00e9fecture.\nArticle  5  : L'arr\u00eat\u00e9  pr\u00e9fectoral  du  08  septembre  2025 portant  d\u00e9l\u00e9gation  de  signature  \u00e0\nMonsieur Vincent PATRIARCA, ing\u00e9nieur des travaux publics de l'\u00c9tat hors classe, directeur\nd\u00e9partemental des territoires de l'Ain, est abrog\u00e9 \u00e0 compter du lendemain de la publication au\nrecueil des actes administratifs de la pr\u00e9fecture de l'Ain du pr\u00e9sent arr\u00eat\u00e9.\nArticle 6 :  Le pr\u00e9sent arr\u00eat\u00e9 peut \u00eatre contest\u00e9 dans un d\u00e9lai de deux mois \u00e0 compter de sa\npublication :\nPar recours gracieux ou hi\u00e9rarchique conform\u00e9ment \u00e0 l'article L. 411-2 du code des relations\nentre le public et l'administration. L'absence de r\u00e9ponse dans un d\u00e9lai de deux mois fait na\u00eetre\nune  d\u00e9cision  implicite  de  rejet  qui  peut  \u00eatre  elle-m\u00eame  contest\u00e9e  devant  le  tribunal\nadministratif dans les deux mois suivants.\nPar recours contentieux devant le tribunal administratif de Lyon, 184 rue Duguesclin 69003\nLyon, conform\u00e9ment \u00e0 l'article R. 421-1 du Code de justice administrative. Ce recours peut \u00eatre\nr\u00e9alis\u00e9  par  voie  \u00e9lectronique  conform\u00e9ment  \u00e0  l'article  R.  414-2  du  code  de  justice\nadministrative. Depuis le 1er d\u00e9cembre 2018, le recours contentieux peut ainsi \u00eatre d\u00e9pos\u00e9\naupr\u00e8s  des  juridictions  administratives  sur  l'application  internet  \"T\u00e9l\u00e9recours  citoyens\",  en\nsuivant les instructions disponibles sur le site : https://citoyens.telerecours.fr.\nArticle 7 :  Le pr\u00e9sent arr\u00eat\u00e9 prend effet \u00e0 compter du lendemain de sa publication au recueil\ndes actes administratifs de la pr\u00e9fecture de l'Ain.\nArticle 8 :  La secr\u00e9taire g\u00e9n\u00e9rale de la pr\u00e9fecture de l'Ain, sous-pr\u00e9f\u00e8te de l'arrondissement de\nBourg-en-Bresse, et le directeur d\u00e9partemental des territoires de l'Ain sont charg\u00e9s, chacun en\nce qui le concerne, de l'ex\u00e9cution du pr\u00e9sent arr\u00eat\u00e9, lequel sera notifi\u00e9 aux int\u00e9ress\u00e9(e)s et\npubli\u00e9 au recueil des actes administratifs de la pr\u00e9fecture.\nBourg-en-Bresse, le 22 d\u00e9cembre 2025\nLe pr\u00e9fet,\n SIGN\u00c9\nLouis-Xavier THIRODE\n01_Pref_Pr\u00e9fecture de l'Ain - 01-2025-12-22-00013 - RAA AP d\u00e9l\u00e9gation de signature V 73\n01_Pref_Pr\u00e9fecture de l'Ain\n01-2025-12-22-00019\nRAA Ordosecon AP d\u00e9l\u00e9gation de signature \u00e0 M\n01_Pref_Pr\u00e9fecture de l'Ain - 01-2025-12-22-00019 - RAA Ordosecon AP d\u00e9l\u00e9gation de signature \u00e0 M 74\n||PREFETDE L'AINLibert\u00e9Egalit\u00e9Fraternit\u00e9\nARR\u00caT\u00c9 PR\u00c9FECTORAL\nportant d\u00e9l\u00e9gation de signature \u00e0 Monsieur Pascal CLEMENT,\ndirecteur acad\u00e9mique des services de l'\u00e9ducation nationale de l'Ain, pour\nl'ordonnancement secondaire des recettes et des d\u00e9penses et pour l'exercice des\nattributions d\u00e9volues au pouvoir adjudicateur par le code des march\u00e9s\nLE PR\u00c9FET DE L'AIN\nVU le code de la commande publique ;\nVU la loi organique n\u00b0 2001-692 du 1er ao\u00fbt 2001 relative aux lois de finances ;\nVU la loi n\u00b0 92-125 du 6 f\u00e9vrier 1992 relative \u00e0 l'administration territoriale de la R\u00e9publique ;\nVU la loi n\u00b0 82-213 du 2 mars 1982 relative aux droits et libert\u00e9s des communes, des\nd\u00e9partements et des r\u00e9gions modifi\u00e9e ;\nVU le d\u00e9cret n\u00b0 2004-374 du 29 avril 2004 modifi\u00e9 relatif aux pouvoirs des pr\u00e9fets, \u00e0\nl'organisation et \u00e0 l'action des services de l'\u00c9tat dans les r\u00e9gions et les d\u00e9partements ;\nVU le d\u00e9cret n\u00b0 2012-1246 du 7 novembre 2012 relatif \u00e0 la gestion budg\u00e9taire et comptable\npublique ;\nVU le d\u00e9cret du 2 d\u00e9cembre 2025 portant nomination de Monsieur Louis-Xavier THIRODE,\nen qualit\u00e9 de pr\u00e9fet de l'Ain ;\nVU le d\u00e9cret du 2 ao\u00fbt 2023 portant nomination de Madame Virginie GUERIN-ROBINET,\nsecr\u00e9taire g\u00e9n\u00e9rale de la pr\u00e9fecture de l'Ain, sous-pr\u00e9f\u00e8te de Bourg-en-Bresse ;\nVU le d\u00e9cret du 15 novembre 2024 portant nomination de Monsieur Pascal CLEMENT,\ndirecteur acad\u00e9mique des services de l'\u00e9ducation nationale de l'Ain \u00e0 compter du 20\nnovembre 2024 ;\nVU l'arr\u00eat\u00e9  du  03  juillet  2009  portant  r\u00e8glement  de  comptabilit\u00e9  publique  pour  la\nd\u00e9signation des ordonnateurs secondaires et de leurs d\u00e9l\u00e9gu\u00e9s en ce qui concerne le\nminist\u00e8re de l'\u00e9ducation nationale ;\nVU le sch\u00e9ma d'organisation financi\u00e8re pour l'ex\u00e9cution territoriale des programmes ;\nSUR proposition  de  la  secr\u00e9taire  g\u00e9n\u00e9rale  de  la  pr\u00e9fecture  de  l'Ain,  sous-pr\u00e9f\u00e8te  de\nl'arrondissement de Bourg-en-Bresse.\n1\n01_Pref_Pr\u00e9fecture de l'Ain - 01-2025-12-22-00019 - RAA Ordosecon AP d\u00e9l\u00e9gation de signature \u00e0 M 75\nARR\u00caTE\nArticle  1  : D\u00e9l\u00e9gation  de  signature  est  donn\u00e9e  \u00e0  Monsieur  Pascal  Cl\u00e9ment,  directeur\nacad\u00e9mique  des  services  de  l'\u00e9ducation  nationale  de  l'Ain,  pour  proc\u00e9der  \u00e0\nl'ordonnancement secondaire des recettes et des d\u00e9penses de l'\u00c9tat imput\u00e9es sur les\nbudgets suivants :\n    \u2022 Programme 139 \"enseignement priv\u00e9 du premier degr\u00e9 et du second degr\u00e9\" ;\n    \u2022 Programme 140 \"enseignement scolaire public du 1er degr\u00e9\" ;\n    \u2022 Programme 141 \"enseignement scolaire public du 2nd degr\u00e9\" ;\n    \u2022 Programme 230 \"vie de l'\u00e9l\u00e8ve\".\nCette d\u00e9l\u00e9gation porte sur l'engagement, la liquidation et le mandatement des d\u00e9penses.\nArticle 2 :  En cas d'absence ou d'emp\u00eachement de Monsieur Pascal Cl\u00e9ment, directeur\nacad\u00e9mique  des  services  de  l'\u00e9ducation  nationale  de  l'Ain,  la  d\u00e9l\u00e9gation  qui  lui  est\nconsentie dans les termes figurant \u00e0 l'article 1 du pr\u00e9sent arr\u00eat\u00e9 peut \u00eatre exerc\u00e9e par les\nagents de cat\u00e9gorie A plac\u00e9s sous son autorit\u00e9.\nLes agents habilit\u00e9s seront accr\u00e9dit\u00e9s aupr\u00e8s des comptables assignataires.\nArticle 3 :  Demeurent r\u00e9serv\u00e9s \u00e0 la signature de la secr\u00e9taire g\u00e9n\u00e9rale de la pr\u00e9fecture de\nl'Ain, sous-pr\u00e9f\u00e8te de l'arrondissement de Bourg-en-Bresse, quel qu'en soit le montant :\nLes ordres de r\u00e9quisition du comptable public. La signature des d\u00e9cisions de passer outre\naux refus de visa du contr\u00f4leur financier local ainsi que la saisine pr\u00e9alable du ministre de\nl'\u00e9ducation nationale en vue de cette proc\u00e9dure.\nArticle  4  : Un  compte  rendu  d'utilisation  des  cr\u00e9dits  pour  l'exercice  budg\u00e9taire  sera\nadress\u00e9 trimestriellement au pr\u00e9fet de d\u00e9partement.\nTout compte rendu destin\u00e9 au responsable du budget op\u00e9rationnel de programme devra\n\u00e9galement lui \u00eatre transmis.\nArticle  5  : D\u00e9l\u00e9gation  de  signature  est  donn\u00e9e  \u00e0  Monsieur  Pascal  Cl\u00e9ment,  directeur\nacad\u00e9mique des services de l'\u00e9ducation nationale de l'Ain, \u00e0 l'effet de signer les march\u00e9s\npublics et tous les actes d\u00e9volus au pouvoir adjudicateur par le code des march\u00e9s publics\net les cahiers des clauses administratives g\u00e9n\u00e9rales pass\u00e9es dans le cadre des missions qui\nlui sont attribu\u00e9es et pour les affaires relevant de son service.\nEst exclue de cette d\u00e9l\u00e9gation la signature des actes d'engagement des march\u00e9s sup\u00e9rieurs\n\u00e0 90 000 euros HT.\nArticle 6 :  En cas d'absence ou d'emp\u00eachement de Monsieur Pascal Cl\u00e9ment, directeur\nacad\u00e9mique  des  services  de  l'\u00e9ducation  nationale  de  l'Ain,  la  d\u00e9l\u00e9gation  qui  lui  est\nconsentie dans les termes figurant \u00e0 l'article 5 du pr\u00e9sent arr\u00eat\u00e9 peut \u00eatre exerc\u00e9e par  les\nagents habilit\u00e9s plac\u00e9s sous son autorit\u00e9.\nL'arr\u00eat\u00e9 de subd\u00e9l\u00e9gation sera transmis au pr\u00e9fet de l'Ain, et fera l'objet d'une publication\nau recueil des actes administratifs de la pr\u00e9fecture.\n2\n01_Pref_Pr\u00e9fecture de l'Ain - 01-2025-12-22-00019 - RAA Ordosecon AP d\u00e9l\u00e9gation de signature \u00e0 M 76\nArticle 7     :   L'arr\u00eat\u00e9 pr\u00e9fectoral du 20 novembre 2024 portant d\u00e9l\u00e9gation de signature \u00e0\nMonsieur Pascal CLEMENT, directeur acad\u00e9mique des services de l'\u00e9ducation nationale de\nl'Ain, est abrog\u00e9.\nArticle 8 :  Le pr\u00e9sent arr\u00eat\u00e9 peut faire l'objet d'un recours devant le tribunal administratif\nde Lyon dans un d\u00e9lai de deux mois \u00e0 compter de sa publication, conform\u00e9ment \u00e0 l'article\nR.  421-1  du  code  de  justice  administrative,  ou  de  mani\u00e8re  d\u00e9mat\u00e9rialis\u00e9e  via  le  site\ncitoyens.telerecours.fr selon l'article R. 414-6 du code de justice administrative.\nArticle 9   :   La secr\u00e9taire g\u00e9n\u00e9rale de la pr\u00e9fecture de l'Ain, sous-pr\u00e9f\u00e8te de l'arrondissement\nde Bourg-en-Bresse, e t le directeur acad\u00e9mique des services de l'\u00e9ducation nationale de\nl'Ain sont charg\u00e9s, chacun en ce qui le concerne, de l'ex\u00e9cution du pr\u00e9sent arr\u00eat\u00e9, dont\nune copie sera adress\u00e9e au directeur d\u00e9partemental des finances publiques de l'Ain. Le\npr\u00e9sent arr\u00eat\u00e9 sera publi\u00e9 au recueil des actes administratifs de la pr\u00e9fecture de l'Ain.\nBourg-en-Bresse, le 22 d\u00e9cembre 2025\nLe pr\u00e9fet,\nSIGN\u00c9\nLouis-Xavier THIRODE\n3\n01_Pref_Pr\u00e9fecture de l'Ain - 01-2025-12-22-00019 - RAA Ordosecon AP d\u00e9l\u00e9gation de signature \u00e0 M 77\n01_Pref_Pr\u00e9fecture de l'Ain\n01-2025-12-22-00014\nRAA ordosecon AP d\u00e9l\u00e9gation de signature V\n01_Pref_Pr\u00e9fecture de l'Ain - 01-2025-12-22-00014 - RAA ordosecon AP d\u00e9l\u00e9gation de signature V 78\n=mPREFETDE L'AINLibert\u00e9Egalit\u00e9Fraternit\u00e9\nARR\u00caT\u00c9 PR\u00c9FECTORAL\nPortant d\u00e9l\u00e9gation de signature \u00e0 Monsieur Vincent PATRIARCA, \ndirecteur d\u00e9partemental des territoires,\npour l'ordonnancement secondaire des recettes et des d\u00e9penses et \npour l'exercice des attributions d\u00e9volues au pouvoir adjudicateur\nLE PR\u00c9FET DE L'AIN\nVU le code de la commande publique ;\nVU la loi organique n\u00b0 2001-692 du 1er ao\u00fbt 2001 relative aux lois de finances ;\nVU la loi n\u00b0 2022-1726 du 30 d\u00e9cembre 2022 de finances pour 2023 ; \nVU la  loi  n\u00b0  82-213  du  2  mars  1982  relative  aux  droits  et  libert\u00e9s  des  communes,  des\nd\u00e9partements et des r\u00e9gions modifi\u00e9e, et notamment son article 34 ;\nVU la loi n\u00b0 92-125 du 6 f\u00e9vrier 1992 relative \u00e0 l'administration territoriale de la R\u00e9publique ;\nVU le  d\u00e9cret  n\u00b0 97-34  du  15  janvier  1997  relatif  \u00e0  la  d\u00e9concentration  des  d\u00e9cisions\nadministratives individuelles ;\nVU le d\u00e9cret n\u00b0 2004-374 du 29 avril 2004 relatif aux pouvoirs des pr\u00e9fets, \u00e0 l'organisation et \u00e0\nl'action des services de l'\u00c9tat dans les r\u00e9gions et les d\u00e9partements ;\nVU  le  d\u00e9cret  n\u00b0 2009-1484  du  3  d\u00e9cembre  2009  relatif  aux  directions  d\u00e9partementales\ninterminist\u00e9rielles ;\nVU le d\u00e9cret n\u00b0  2012-1246 du 7 novembre 2012 relatif \u00e0 la gestion budg\u00e9taire et comptable\npublique ;\nVU le  d\u00e9cret  n\u00b0 2020-99  du  7  f\u00e9vrier  2020  relatif  \u00e0  l'organisation  et  aux  missions  des\nsecr\u00e9tariats g\u00e9n\u00e9raux communs d\u00e9partementaux ;\nVU le d\u00e9cret du 02 d\u00e9cembre 2025 portant nomination de Monsieur Louis-Xavier THIRODE,\nen qualit\u00e9 de pr\u00e9fet de l'Ain ;\nVU le d\u00e9cret du 2 ao\u00fbt 2023 portant nomination de Madame GUERIN-ROBINET, secr\u00e9taire\ng\u00e9n\u00e9rale de la pr\u00e9fecture de l'Ain, sous-pr\u00e9f\u00e8te de l'arrondissement de Bourg-en-Bresse ;\nVU l'arr\u00eat\u00e9 de la Premi\u00e8re ministre et du ministre de l'Int\u00e9rieur et des outres-mers du 31\noctobre 2022 portant nomination de Monsieur Vincent PATRIARCA, ing\u00e9nieur des travaux\n01_Pref_Pr\u00e9fecture de l'Ain - 01-2025-12-22-00014 - RAA ordosecon AP d\u00e9l\u00e9gation de signature V 79\npublics de l'\u00c9tat hors classe, directeur d\u00e9partemental des territoires \u00e0 compter du 15\nnovembre 2022 ;  \nVU  l'arr\u00eat\u00e9  interminist\u00e9riel  du  21  d\u00e9cembre  1982  modifi\u00e9  portant  r\u00e8glement  de\ncomptabilit\u00e9  publique  pour  la  d\u00e9signation  des  ordonnateurs  secondaires  et  de  leurs\nd\u00e9l\u00e9gu\u00e9s, pour les budgets des minist\u00e8res de l'urbanisme, du logement, des transports et\nde l'environnement ;\nVU l'arr\u00eat\u00e9 du 23 mars 1994 modifi\u00e9 portant r\u00e8glement de comptabilit\u00e9 publique pour la\nd\u00e9signation des ordonnateurs secondaires et de leurs d\u00e9l\u00e9gu\u00e9s ;\nVU  l'arr\u00eat\u00e9 interminist\u00e9riel du 2 mai 2002 portant r\u00e8glement de comptabilit\u00e9 publique du\nminist\u00e8re de l'Agriculture et de la p\u00eache pour la d\u00e9signation des ordonnateurs secondaires\net de leurs d\u00e9l\u00e9gu\u00e9s ;\nVU l'arr\u00eat\u00e9  pr\u00e9fectoral  du  15  d\u00e9cembre  2020  portant  cr\u00e9ation  et  organisation  du\nsecr\u00e9tariat  g\u00e9n\u00e9ral  commun  \u00e0  la  pr\u00e9fecture  et  aux  directions  d\u00e9partementales\ninterminist\u00e9rielles de l'Ain ;\nVU l'arr\u00eat\u00e9 du 16 f\u00e9vrier 2021 portant d\u00e9signation de Madame Nathalie PICHET, conseill\u00e8re\nd'administration de l'Int\u00e9rieur et de l'Outre-mer, directrice du secr\u00e9tariat g\u00e9n\u00e9ral commun\n\u00e0 la pr\u00e9fecture et aux directions d\u00e9partementales interminist\u00e9rielles de l'Ain ;\nVU  l'arr\u00eat\u00e9  du  23  juin  2025  portant  modification  de  l'organisation  de  la  direction\nd\u00e9partementale des territoires de l'Ain ;\nVU la  circulaire  n\u00b0 6104-SG  du  2  ao\u00fbt  2019  relative  \u00e0  la  constitution  des  secr\u00e9tariats\ng\u00e9n\u00e9raux communs aux pr\u00e9fectures et aux directions d\u00e9partementales interminist\u00e9rielles ;\nVU la circulaire du 12 juin 2019 relative \u00e0 la mise en \u0153uvre de l'organisation territoriale de\nl'\u00c9tat ;\nSUR proposition  de  la  secr\u00e9taire  g\u00e9n\u00e9rale  de  la  pr\u00e9fecture  de  l'Ain,  sous-pr\u00e9f\u00e8te  de\nl'arrondissement de Bourg-en-Bresse.\n                                   A R R \u00ca T E\nArticle     1   : D\u00e9l\u00e9gation est donn\u00e9e \u00e0  Monsieur Vincent PATRIARCA , ing\u00e9nieur des travaux\npublics  de  l'\u00c9tat  hors  classe, directeur  d\u00e9partemental  des  territoires  de  l'Ain,  pour\nproc\u00e9der \u00e0 l'ordonnancement secondaire des recettes et des d\u00e9penses de l'\u00c9tat imput\u00e9es\nsur les budgets suivants : \n\u2022 Programme 113 : \u00ab Paysages, eau et biodiversit\u00e9 \u00bb ;\n\u2022 Programme 135 : \u00ab Urbanisme, territoires et am\u00e9lioration de l'habitat \u00bb ;\n\u2022 Programme  147 :  \u00ab Politique  de  la  ville \u00bb  (action  4  -  r\u00e9novation  urbaine  et\nam\u00e9lioration du cadre de vie) ;\n\u2022 Programme  149  :  \u00ab  Comp\u00e9titivit\u00e9  et  durabilit\u00e9  de  l'agriculture,  de\nl'agroalimentaire, de la for\u00eat, de la p\u00eache et de l'aquaculture \u00bb ;\n01_Pref_Pr\u00e9fecture de l'Ain - 01-2025-12-22-00014 - RAA ordosecon AP d\u00e9l\u00e9gation de signature V 80\n\u2022 Programme 181 : \u00ab Pr\u00e9vention des risques \u00bb ;\n\u2022 Programme 203 : \u00ab Infrastructures et services de transports \u00bb ;\n\u2022 Programme 206 : \u00ab S\u00e9curit\u00e9 et qualit\u00e9 sanitaires de l'alimentation \u00bb ;\n\u2022 Programme 207 : \u00ab S\u00e9curit\u00e9 et \u00e9ducation routi\u00e8res \u00bb ;\n\u2022 Programme 215 : \u00ab Conduite et pilotage des politiques de l'agriculture \u00bb ;\n\u2022 Programme  217 :  \u00ab Conduite  et  pilotage  des  politiques  de  l'\u00e9cologie,  du\nd\u00e9veloppement et de la mobilit\u00e9 durables \u00bb ;\n\u2022 Programme  354 :  \u00ab Administration  g\u00e9n\u00e9rale  et  territoriale  de l'\u00c9tat,  dans  la\nlimite des cr\u00e9dits d\u00e9di\u00e9s au centre de co\u00fbts \u00bb ;\n\u2022 Programme 362 : \u00ab \u00c9cologie \u00bb ;\n\u2022 Programme 380 : \u00ab   fonds d'acc\u00e9l\u00e9ration de la transition \u00e9cologique dans les\nterritoires \u00bb  (\u00ab fonds vert \u00bb) ;\n\u2022 Programme 723 : \u00ab Gestion du patrimoine immobilier de l'\u00c9tat \u00bb.\n \nCette d\u00e9l\u00e9gation porte sur la d\u00e9cision de d\u00e9pense et la constatation du service fait.\nArticle  2 :  En  cas  d'absence  ou  d'emp\u00eachement  de  Monsieur  Vincent  PATRIARCA,\ning\u00e9nieur des travaux publics de l'\u00c9tat hors classe,  directeur d\u00e9partemental des territoires\nde l'Ain, la d\u00e9l\u00e9gation de signature qui lui est consentie dans les termes figurant \u00e0 l'article 1\ndu pr\u00e9sent arr\u00eat\u00e9 peut \u00eatre exerc\u00e9e par les autres agents habilit\u00e9s plac\u00e9s sous son autorit\u00e9.\nL'arr\u00eat\u00e9 de subd\u00e9l\u00e9gation sera transmis  au pr\u00e9fet de d\u00e9partement  et fera l'objet d'une\npublication au recueil des actes administratifs de la pr\u00e9fecture de l'Ain. Les agents habilit\u00e9s\nseront accr\u00e9dit\u00e9s aupr\u00e8s des comptables assignataires.\nArticle 3 : Demeurent r\u00e9serv\u00e9s \u00e0 la signature du pr\u00e9fet de d\u00e9partement :\n\u2022 Les ordres de r\u00e9quisition du comptable public ;\n\u2022 La  signature  des  d\u00e9cisions  de  passer  outre  aux  refus  de  visa  du  contr\u00f4leur\nfinancier local ainsi que la saisine pr\u00e9alable des minist\u00e8res comp\u00e9tents sur les\nprogrammes mentionn\u00e9s \u00e0 l'article 1 en vue de cette proc\u00e9dure ;\n\u2022 Tous les courriers de refus de subvention. \nArticle     4   :  Un  compte  rendu  d'utilisation  des  cr\u00e9dits  pour  l'exercice  budg\u00e9taire  sera\nadress\u00e9 trimestriellement au pr\u00e9fet de d\u00e9partement. \nTout compte rendu destin\u00e9 au responsable du budget op\u00e9rationnel de programme devra\n\u00e9galement \u00eatre transmis.\nArticle 5  : D\u00e9l\u00e9gation est donn\u00e9e  Monsieur Vincent PATRIARCA, ing\u00e9nieur des travaux\npublics de l'\u00c9tat  hors classe, directeur d\u00e9partemental des territoires de l'Ain , \u00e0 l'effet de\n01_Pref_Pr\u00e9fecture de l'Ain - 01-2025-12-22-00014 - RAA ordosecon AP d\u00e9l\u00e9gation de signature V 81\nsigner les march\u00e9s publics et tous les actes d\u00e9volus au pouvoir adjudicateur pass\u00e9s dans le\ncadre des missions qui lui sont attribu\u00e9es, pour les affaires relevant de son service.\nEst exclue de cette d\u00e9l\u00e9gation la signature des actes d'engagement des march\u00e9s sup\u00e9rieurs\n\u00e0 la somme de 90 000 euros hors taxes.\nArticle     6   : En  cas  d'absence  ou  d'emp\u00eachement  de  Monsieur  Vincent  PATRIARCA,\ning\u00e9nieur des travaux publics de l'\u00c9tat  hors classe, directeur d\u00e9partemental des territoires\nde l'Ain, la d\u00e9l\u00e9gation de signature qui lui est consentie dans les termes figurant \u00e0 l'article\n5 du  pr\u00e9sent  arr\u00eat\u00e9  peut  \u00eatre  exerc\u00e9e par  les  autres  agents  habilit\u00e9s  plac\u00e9s  sous  son\nautorit\u00e9.  \nArticle     7   :  L'arr\u00eat\u00e9  pr\u00e9fectoral  du  11  avril  2023  portant  d\u00e9l\u00e9gation  de  signature  \u00e0\nMonsieur Vincent PATRIARCA ing\u00e9nieur des travaux publics de l'\u00c9tat hors classe, directeur\nd\u00e9partemental des territoires de l'Ain, pour l'ordonnancement secondaire des recettes et\ndes d\u00e9penses  et  pour l'exercice des attributions d\u00e9volues au pouvoir adjudicateur,  est\nabrog\u00e9 \u00e0 compter du lendemain de la publication au recueil des actes administratif de la\npr\u00e9fecture  du pr\u00e9sent arr\u00eat\u00e9 .  \nArticle 8 :  Le pr\u00e9sent arr\u00eat\u00e9 peut \u00eatre contest\u00e9 dans un d\u00e9lai de deux mois \u00e0 compter de\nsa publication :\nPar  recours  gracieux  ou  hi\u00e9rarchique  conform\u00e9ment  \u00e0  l'article  L.  411-2  du  code  des\nrelations entre le public et l'administration. L'absence de r\u00e9ponse dans un d\u00e9lai de deux\nmois fait na\u00eetre une d\u00e9cision implicite de rejet qui peut \u00eatre elle-m\u00eame contest\u00e9e devant\nle tribunal administratif dans les deux mois suivants.\nPar recours contentieux devant le tribunal administratif de Lyon, 184 rue Duguesclin 69003\nLyon, conform\u00e9ment \u00e0 l'article R. 421-1 du Code de justice administrative. Ce recours peut\n\u00eatre r\u00e9alis\u00e9 par voie \u00e9lectronique  conform\u00e9ment \u00e0 l'article R. 414-2 du code de justice\nadministrative. Depuis le 1er d\u00e9cembre 2018, le recours contentieux peut ainsi \u00eatre d\u00e9pos\u00e9\naupr\u00e8s des juridictions administratives sur l'application internet \"T\u00e9l\u00e9recours citoyens\", en\nsuivant  les  instructions  disponibles  sur  le  site  :  https://citoyens.telerecours.fr.\nArticle     9   : La secr\u00e9taire g\u00e9n\u00e9rale de la pr\u00e9fecture de l'Ain, sous-pr\u00e9f\u00e8te de l'arrondissement\nde Bourg-en-Bresse, et le directeur d\u00e9partemental des territoires sont charg\u00e9s, chacun en\nce qui le concerne, de l'ex\u00e9cution du pr\u00e9sent arr\u00eat\u00e9, lequel sera notifi\u00e9 aux int\u00e9ress\u00e9(e)s et\npubli\u00e9 au recueil des actes administratifs de la pr\u00e9fecture.  \nArticle 10  :  Le pr\u00e9sent arr\u00eat\u00e9 prend effet \u00e0 compter du lendemain de sa publication au\nrecueil des actes administratifs de la pr\u00e9fecture.\nBourg-en-Bresse, le 22 d\u00e9cembre 2025\nLe pr\u00e9fet,\n SIGN\u00c9\nLouis-Xavier THIRODE\n01_Pref_Pr\u00e9fecture de l'Ain - 01-2025-12-22-00014 - RAA ordosecon AP d\u00e9l\u00e9gation de signature V 82","date":"2025-12-22","first_seen_on":"2025-12-22T19:05:34+00:00","id":"1795723095bbb5759750fcfffb930f5b4bc82f053181c77609463caf3bd2be7b","name":"recueil-01-2025-438-recueil-des-actes-administratifs-nominatifs-2 - 22-12-2025","pdf_creation_date":"2025-12-22T17:16:30+00:00","pdf_modification_date":"2025-12-22T17:16:51+00:00","timezone":"Europe/Paris","url":"https://www.ain.gouv.fr/contenu/telechargement/34126/238188/file/recueil-01-2025-438-recueil-des-actes-administratifs-nominatifs-2%20-%2022-12-2025.pdf"}
