{"administration":"pref83","administration_name":"Pr\u00e9fecture du Var","content":"VAR\nRECUEIL DES ACTES\nADMINISTRATIFS\nN\u00b083-2025-027\nPUBLI\u00c9 LE 28 JANVIER 2025\nSommaire\nCentre hospitalier Henri Gu\u00e9rin Pierrefeu /\n83-2025-01-27-00001 - 2025 -01- 17-D\u00e9cision PORTANT CONSTITUTION\nDU COLLEGE DE ARTICLE L 3211-2 DU CODE DE LA SANTE PUBLIQUE (1\npage) Page 3\n83-2025-01-27-00002 - 2025- 01- 19-D\u00e9cision PORTANT CONSTITUTION\nDU COLLEGE DE ARTICLE L 3211-2 DU CODE DE LA SANTE PUBLIQUE (1\npage) Page 5\nDirection d\u00e9partementale des territoires et de la mer du Var / Service\nhabitat r\u00e9novation urbaine de la DDTM\n83-2025-01-24-00013 - ARR\u00caT\u00c9 PR\u00c9FECTORAL n\u00b0 2025-03 \ndu 24\nJANVIER 2025\nportant sur la repr\u00e9sentation du pr\u00e9fet du Var pour\nl'exercice des fonctions\n de commissaire du Gouvernement au sein\ndes conseils d'administration des offices publics de l'habitat ayant\nleur si\u00e8ge dans le Var (2 pages) Page 7\nPr\u00e9fecture du VAR / Direction de la citoyennet\u00e9 et de la l\u00e9galit\u00e9\n83-2025-01-28-00004 - ARR\u00caTE PR\u00c9FECTORAL N\u00b0DCL/BFL/2025-019,\ndat\u00e9 du 28 janvier 2025\nPortant versement aux communes de la\ncompensation des pertes de taxe fonci\u00e8re sur les propri\u00e9t\u00e9s b\u00e2ties\n(TFPB) aff\u00e9rentes aux entreprises constat\u00e9es en 2024 (2 pages) Page 10\nPr\u00e9fecture du VAR / Direction de la coordination des politiques publiques\net de l'appui territorial\n83-2025-01-24-00005 - AP CDNPS Nature JANV 25 (4 pages) Page 13\n83-2025-01-24-00006 - AP modificatif CDNPS Publicit\u00e9 janv 2025 (4 pages) Page 18\n83-2025-01-28-00002 - ARR\u00caT\u00c9 PR\u00c9FECTORAL n\u00b0 2025/01/MCI du 28\njanvier 2025 portant d\u00e9l\u00e9gation de signature \u00e0 Mme Marie-Claire\nPONTIER, conservatrice g\u00e9n\u00e9rale du patrimoine, directrice du service\nd\u00e9partemental des archives des Bouches-du-Rh\u00f4ne, assurant\nl'int\u00e9rim du directeur du service d\u00e9partemental des archives du Var\n(3 pages) Page 23\nPr\u00e9fecture du VAR / Direction des s\u00e9curit\u00e9s\n83-2025-01-09-00015 - PV RECYCLAGE SNSM 09012025 OS (2 pages) Page 27\n2\nCentre hospitalier Henri Gu\u00e9rin Pierrefeu\n83-2025-01-27-00001\n2025 -01- 17-D\u00e9cision PORTANT CONSTITUTION\nDU COLLEGE DE ARTICLE L 3211-2 DU CODE DE\nLA SANTE PUBLIQUE\nCentre hospitalier Henri Gu\u00e9rin Pierrefeu - 83-2025-01-27-00001 - 2025 -01- 17-D\u00e9cision PORTANT CONSTITUTION DU COLLEGE DE\nARTICLE L 3211-2 DU CODE DE LA SANTE PUBLIQUE 3\n \n \nCENTRE HOSPITALIER HENRI GUERIN  \nQuartier Barnencq  \n83390 PIERREFEU DU VAR  \n \n \nDECISION N\u00b0 2025/01/17 \n \nPORTANT CONSTITUTION DU COLLEGE DE L'ARTICLE L 3211 -2 \nDU CODE DE LA SANTE PUBLIQUE  \n \n \nLE DIRECTEUR  \n \nVu le Code de Sant\u00e9 Publique et notamment l'article L 3 211-9, \n \nVu la Loi n\u00b02009 -879 du 21 juillet 2009 portant r\u00e9forme de l'h\u00f4pital et relative aux patients, \u00e0 \nla sant\u00e9 et aux territoires,  \n \nVu la Loi n\u00b02011 -803 du 5 juillet 2011 modifi\u00e9 e relative aux droits et \u00e0 la protection des \npersonnes faisant l'objet de s oins psychiatriques et aux modalit\u00e9s de leur prise en charge,  \n \nVu le d\u00e9cret d'application n\u00b0  2011 -847 du 18 juillet 2011 relatif aux droits et \u00e0 la protection \ndes personnes faisant l'objet de soins psychiatriques et aux modalit\u00e9s de leur prise en \ncharge,  \n \nDECIDE  \nArticle 1  : \n \nIl est constitu\u00e9 un coll\u00e8ge sur le fondement de l'article L 3211 -9 du Code de la Sant\u00e9 \nPublique.  \n \nCe coll\u00e8ge est constitu\u00e9 pour chacun des patients concern\u00e9s par son champ de comp\u00e9tence \npar : \n \n1\u00b0) \u2013 Le Docteur  BERTHOD Isabelle , respon sable \u00e0 titre principal du patient dont la situation \nsera examin\u00e9e , \n \n2\u00b0) \u2013 DE ANTONIO  Alice , repr\u00e9sentant  l'\u00e9quipe pluridisciplinaire participant \u00e0 la prise en \ncharge d es patient s, \n \n3\u00b0) \u2013 Le Docteu r CHIBOUB Abdelhakim , Psychiatre   \n \nArticle 2  : \n \nLa pr \u00e9sente d \u00e9cision est \u00e0 effet imm\u00e9diat.  \n \nElle fera l'objet d'une publication par tous moyens la rendant consultable et sera notamment \npubli\u00e9e au Recueil des actes administratifs de la Pr\u00e9fecture du Var.  \n \nPierrefeu -du-Var, le Lundi 27 Janvier 2025  \n    \n                                                                                                         Pour le Directeur et P.O . \n                                                       L'Attach\u00e9e d'Administration Hospitali\u00e8re , \n            \nSign\u00e9  : BIANCHINI Sabine   \n                                                                                                                                                                                                                                                                                                                                                                                                                              Centre hospitalier Henri Gu\u00e9rin Pierrefeu - 83-2025-01-27-00001 - 2025 -01- 17-D\u00e9cision PORTANT CONSTITUTION DU COLLEGE DE\nARTICLE L 3211-2 DU CODE DE LA SANTE PUBLIQUE 4\nCentre hospitalier Henri Gu\u00e9rin Pierrefeu\n83-2025-01-27-00002\n2025- 01- 19-D\u00e9cision PORTANT CONSTITUTION\nDU COLLEGE DE ARTICLE L 3211-2 DU CODE DE\nLA SANTE PUBLIQUE\nCentre hospitalier Henri Gu\u00e9rin Pierrefeu - 83-2025-01-27-00002 - 2025- 01- 19-D\u00e9cision PORTANT CONSTITUTION DU COLLEGE DE\nARTICLE L 3211-2 DU CODE DE LA SANTE PUBLIQUE 5\n \n \nCENTRE HOSPITALIER HENRI GUERIN  \nQuartier Barnencq  \n83390 PIERREFEU DU VAR  \n \n \nDECISION N\u00b0 2025/01/19 \n \nPORTANT CONSTITUTION DU COLLEGE DE L'ARTICLE L 3211 -2 \nDU CODE DE LA SANTE PUBLIQUE  \n \n \nLE DIRECTEUR  \n \nVu le Code de Sant\u00e9 Publique et notamment l'article L 3 211-9, \n \nVu la Loi n\u00b02009 -879 du 21 juillet 2009 portant r\u00e9forme de l'h\u00f4pital et relative aux patients, \u00e0 \nla sant\u00e9 et aux territoires,  \n \nVu la Loi n\u00b02011 -803 du 5 juillet 2011 modifi\u00e9 e relative aux droits et \u00e0 la protection des \npersonnes faisant l'objet de s oins psychiatriques et aux modalit\u00e9s de leur prise en charge,  \n \nVu le d\u00e9cret d'application n\u00b0  2011 -847 du 18 juillet 2011 relatif aux droits et \u00e0 la protection \ndes personnes faisant l'objet de soins psychiatriques et aux modalit\u00e9s de leur prise en \ncharge,  \n \nDECIDE  \nArticle 1  : \n \nIl est constitu\u00e9 un coll\u00e8ge sur le fondement de l'article L 3211 -9 du Code de la Sant\u00e9 \nPublique.  \n \nCe coll\u00e8ge est constitu\u00e9 pour chacun des patients concern\u00e9s par son champ de comp\u00e9tence \npar : \n \n1\u00b0) \u2013 Le Docteur  BRUNET Marc , respon sable \u00e0 titre principal du patient dont la situation sera \nexamin\u00e9e , \n \n2\u00b0) \u2013 COMES SABATIER Virginie , repr\u00e9sentant  l'\u00e9quipe pluridisciplinaire participant \u00e0 la \nprise en charge d es patient s, \n \n3\u00b0) \u2013 Le Docteu r KADOUR Nizar, Psychiatre   \n \nArticle 2  : \n \nLa pr \u00e9sente d \u00e9cision est \u00e0 effet imm\u00e9diat.  \n \nElle fera l'objet d'une publication par tous moyens la rendant consultable et sera notamment \npubli\u00e9e au Recueil des actes administratifs de la Pr\u00e9fecture du Var.  \n \nPierrefeu -du-Var, le Lundi 27 Janvier 2025  \n    \n                                                                                                         Pour le Directeur et P.O . \n                                                       L'Attach\u00e9e d'Administration Hospitali\u00e8re , \n            \nSign\u00e9  : BIANCHINI Sabine   \n                                                                                                                                                                                                                                                                                                                                                                                                                              Centre hospitalier Henri Gu\u00e9rin Pierrefeu - 83-2025-01-27-00002 - 2025- 01- 19-D\u00e9cision PORTANT CONSTITUTION DU COLLEGE DE\nARTICLE L 3211-2 DU CODE DE LA SANTE PUBLIQUE 6\nDirection d\u00e9partementale des territoires et de la\nmer du Var\n83-2025-01-24-00013\nARR\u00caT\u00c9 PR\u00c9FECTORAL n\u00b0 2025-03 \ndu 24 JANVIER 2025\nportant sur la repr\u00e9sentation du pr\u00e9fet du Var\npour l'exercice des fonctions\n de commissaire du Gouvernement au sein des\nconseils d'administration des offices publics de\nl'habitat ayant leur si\u00e8ge dans le Var\nDirection d\u00e9partementale des territoires et de la mer du Var - 83-2025-01-24-00013 - ARR\u00caT\u00c9 PR\u00c9FECTORAL n\u00b0 2025-03 \ndu 24 JANVIER 2025\nportant sur la repr\u00e9sentation du pr\u00e9fet du Var pour l'exercice des fonctions\n de commissaire du Gouvernement au sein des conseils d'administration des offices publics de l'habitat ayant leur si\u00e8ge dans le Var7\n=m\nPREFET\nDU  VAR\nLibert\u00e9\nEgalit\u00e9\nFraternit\u00e9\nDirection d\u00e9partementale\ndes territoires et de la mer du Var\nARR\u00caT\u00c9 PR\u00c9FECTORAL n\u00b0 2025-03\ndu 24 JANVIER 2025\nportant sur la repr\u00e9sentation du pr\u00e9fet du Var pour l'exercice des fonctions\n de commissaire du Gouvernement au sein des conseils d'administration des offices  \npublics de l'habitat ayant leur si\u00e8ge dans le Var\nLe pr\u00e9fet du Var,\nVu l'ordonnance n\u00b02007-137 du 1er f\u00e9vrier 2007 relative aux offices publics de l'habitat ;\nVu  le d\u00e9cret n\u00b0 2008-566 du 18 juin 2008 relatif \u00e0 l'administration des offices publics de  \nl'habitat ;\nVu le d\u00e9cret du Pr\u00e9sident de la R\u00e9publique du 13 juillet 2023, nommant Monsieur Philippe  \nMAH\u00c9, pr\u00e9fet du Var ;\nVu l'arr\u00eat\u00e9  du  Premier  ministre  et  du  ministre  de  l'Int\u00e9rieur  du  4  mars  2022  portant  \nnomination de M. Laurent BOULET, ing\u00e9nieur des ponts, des eaux et des for\u00eats, directeur  \nd\u00e9partemental des territoires et de la mer du Var \u00e0 compter du 1er avril 2022  ;\nVu l'article L421-8 du code de la construction et de l'habitation, d\u00e9terminant la composition  \ndu  conseil  d'administration  d'un  office  public  de  l'habitat,  et  d\u00e9signant  le  pr\u00e9fet  du  \nd\u00e9partement si\u00e8ge de l'office en qualit\u00e9 de commissaire du gouvernement  ;\nVu  l'article R421-21 du code de la construction et de l'habitation, pr\u00e9cisant les conditions  \nd'exercice des fonctions de commissaire du gouvernement, en particulier la possibilit\u00e9 offerte  \nau pr\u00e9fet de se faire repr\u00e9senter dans cette mission  ;\nSur proposition de  Monsieur le Secr\u00e9taire G\u00e9n\u00e9ral de la Pr\u00e9fecture du Var  ;\nARR\u00caTE\nArticle 1er\nD\u00e9l\u00e9gation est donn\u00e9e \u00e0 Monsieur Laurent BOULET, directeur d\u00e9partemental des territoires et  \nde la mer, aux fins d'assurer les fonctions de commissaire du gouvernement au sein du conseil  \nd'administration des offices public ayant leur si\u00e8ge dans le d\u00e9partement du Var.\n1/2\nDirection d\u00e9partementale des territoires et de la mer du Var - 83-2025-01-24-00013 - ARR\u00caT\u00c9 PR\u00c9FECTORAL n\u00b0 2025-03 \ndu 24 JANVIER 2025\nportant sur la repr\u00e9sentation du pr\u00e9fet du Var pour l'exercice des fonctions\n de commissaire du Gouvernement au sein des conseils d'administration des offices publics de l'habitat ayant leur si\u00e8ge dans le Var8\nArticle 2\nEn  cas  d'absence  ou  d'emp\u00eachement  de  Monsieur  Laurent  BOULET,  cette  d\u00e9l\u00e9gation  est  \nexerc\u00e9e par Monsieur Xavier PRUD 'HON, directeur d\u00e9partemental adjoint des territoires et de  \nla  mer  du  Var,  ou  par  Monsieur  Fr\u00e9d\u00e9ric  LOUBEYRE,  chef  du  service  Habitat  r\u00e9novation  \nurbaine,  ou  par  Madame  Marie  BAILLY,  adjointe  au  chef  du  service  Habitat  R\u00e9novation  \nurbaine,  ou  par  Madame  Estelle  BORGHINI,  cheffe  du  bureau  Renouvellement  urbain  \nLogement social, de la direction d\u00e9partementale des territoires et de la mer du Var.\nArticle 3 \nMonsieur  le  Secr\u00e9taire  G\u00e9n\u00e9ral  de  la  Pr\u00e9fecture  du  Var  et  Monsieur  le  Directeur  \nD\u00e9partemental des Territoires et de la Mer du Var, sont charg\u00e9s chacun pour ce qui les  \nconcerne, de l'ex\u00e9cution du pr\u00e9sent arr\u00eat\u00e9 qui sera publi\u00e9 au Recueil des Actes Administratifs  \nde l'Etat et notifi\u00e9 aux int\u00e9ress\u00e9s.\nLe Pr\u00e9fet,\nFait \u00e0 Toulon, le 24 janvier 2025\nSIGN\u00c9\n Philippe MAH\u00c9\nD\u00e9lais et voies de recours :\nConform\u00e9ment \u00e0 l'article R 421-1 du code de justice administrative, la pr\u00e9sente d\u00e9cision peut faire l'objet d'un recours  \ncontentieux, dans le d\u00e9lai de deux mois \u00e0 compter de sa notification, devant le tribunal administratif de Toulon. Elle  \npeut \u00e9galement faire l'objet d'un recours gracieux aupr\u00e8s de Monsieur le Pr\u00e9fet du Var. Cette d\u00e9marche interrompt le  \nd\u00e9lai de recours contentieux, ce dernier devant \u00eatre introduit dans le d\u00e9lai de deux mois suivant une d\u00e9cision  \nimplicite ou explicite de l'autorit\u00e9 comp\u00e9tente (le silence de l'administration pendant un d\u00e9lai de deux mois valant  \nd\u00e9cision  implicite  de  rejet).  Le  tribunal  administratif  peut  \u00eatre  saisi  par  l'application  informatique  \u00ab  T\u00e9l\u00e9recours \ncitoyens \u00bb accessible par le site internet www.telerecours.fr.\n2/2Direction d\u00e9partementale des territoires et de la mer du Var - 83-2025-01-24-00013 - ARR\u00caT\u00c9 PR\u00c9FECTORAL n\u00b0 2025-03 \ndu 24 JANVIER 2025\nportant sur la repr\u00e9sentation du pr\u00e9fet du Var pour l'exercice des fonctions\n de commissaire du Gouvernement au sein des conseils d'administration des offices publics de l'habitat ayant leur si\u00e8ge dans le Var9\nPr\u00e9fecture du VAR\n83-2025-01-28-00004\nARR\u00caTE PR\u00c9FECTORAL N\u00b0DCL/BFL/2025-019,\ndat\u00e9 du 28 janvier 2025\nPortant versement aux communes de la\ncompensation des pertes de taxe fonci\u00e8re sur les\npropri\u00e9t\u00e9s b\u00e2ties (TFPB) aff\u00e9rentes aux\nentreprises constat\u00e9es en 2024\nPr\u00e9fecture du VAR - 83-2025-01-28-00004 - ARR\u00caTE PR\u00c9FECTORAL N\u00b0DCL/BFL/2025-019, dat\u00e9 du 28 janvier 2025\nPortant versement aux communes de la compensation des pertes de taxe fonci\u00e8re sur les propri\u00e9t\u00e9s b\u00e2ties (TFPB) aff\u00e9rentes aux\nentreprises constat\u00e9es en 202410\n=m\nPREFET\nDU  VAR\nLibert\u00e9\nEgalit\u00e9\nFraternit\u00e9\nDirection de la citoyennet\u00e9 et de la l\u00e9galit\u00e9\nBureau des finances locales\nARR\u00caTE PR\u00c9FECTORAL N\u00b0DCL/BFL/2025-019, dat\u00e9 du 28 janvier 2025\nPortant versement aux communes de la compensation des pertes de taxe fonci\u00e8re sur les\npropri\u00e9t\u00e9s b\u00e2ties (TFPB) aff\u00e9rentes aux entreprises constat\u00e9es en 2024\nLe pr\u00e9fet du Var,\nVul'article 138 de la loi n\u00b0 2023-1322 du 29 d\u00e9cembre 2023 de finances pour 2024 ;\nVule d\u00e9cret n\u00b0 2025-10 du 3 janvier 2025 pris pour application de l'article 138 de la loi n\u00b0\n2023-1322 du 29 d\u00e9cembre 2023 de finances pour 2024 ;\nVule  d\u00e9cret  du  Pr\u00e9sident  de  la  R\u00e9publique  du  13  juillet  2023,  portant  nomination  de\nM. Philippe MAH\u00c9 en qualit\u00e9 de pr\u00e9fet du Var  ;\nVul'arr\u00eat\u00e9  pr\u00e9fectoral  n\u00b0  2024/56/MCI  du  10  d\u00e9cembre  2024,  portant  d\u00e9l\u00e9gation  de\nsignature \u00e0 M. Lucien GIUDICELLI, secr\u00e9taire g\u00e9n\u00e9ral de la pr\u00e9fecture du Var  ;\nSur proposition du secr\u00e9taire g\u00e9n\u00e9ral de la pr\u00e9fecture du Var,\nARR\u00caTE \nArticle 1er :  Il est allou\u00e9 \u00e0 la commune de Pierrefeu-du-Var, en application des dispositions\nvis\u00e9es ci-dessus pour l'ann\u00e9e 2024, un montant de 123 970 \u20ac (cent vingt-trois mille neuf cent\nsoixante-dix euros) , qui sera vers\u00e9e selon les modalit\u00e9s d\u00e9finies \u00e0 l'article 2.\nArticle 2 : Le versement est programm\u00e9 le 20 du mois suivant la notification et doit \u00eatre\nimput\u00e9 sur le compte 4651100000 \u00ab  Compensation des pertes de TFPB  \u00bb (non interfac\u00e9) et le\ncode CDR COL7910000.\nArticle 3 :  Le secr\u00e9taire g\u00e9n\u00e9ral de la pr\u00e9fecture du Var et le directeur d\u00e9partemental des\nfinances publiques du Var sont charg\u00e9s, chacun en ce qui le concerne, de l'ex\u00e9cution du\npr\u00e9sent arr\u00eat\u00e9.\n     Fait \u00e0 Toulon le 28 janvier 2025\nle secr\u00e9taire g\u00e9n\u00e9ral\nSign\u00e9\nLucien GIUDICELLI\nDans un d\u00e9lai de deux mois \u00e0 compter de la date de notification de la pr\u00e9sente d\u00e9cision, les recours suivants peuvent \u00eatre introduits conform\u00e9ment aux dispositions des articles R. 421-1 et suivants du code de justice administrative :- un recours gracieux, adress\u00e9 \u00e0 : M. le Pr\u00e9fet du Var \u2013 Bd du 112\u00e8me r\u00e9giment d'infanterie- CS 31209 - 83070 TOULON CEDEXDans ce cas, le silence de l'administration vaut rejet implicite au terme d'un d\u00e9lai de deux mois.Apr\u00e8s un recours gracieux, le d\u00e9lai du recours contentieux ne court qu'\u00e0 compter du rejet explicite ou implicite de ce recours.- un recours contentieux, en saisissant le Tribunal Administratif de Toulon  : 5 rue Racine -BP 40510 - 83 041 TOULON CEDEX 9\nLe tribunal administratif peut \u00eatre saisi par l'application informatique \u00ab  T\u00e9l\u00e9recours citoyens \u00bb accessible par le site internet \u00ab  www.telerecours.fr \u00bb.\nBd du 112\u00e8me R\u00e9giment d'InfanterieCS 31 209 - 83070 TOULON CEDEXT\u00e9l : 04.94.18.81.38pref-finances-locales@var.gouv.fr\nPr\u00e9fecture du VAR - 83-2025-01-28-00004 - ARR\u00caTE PR\u00c9FECTORAL N\u00b0DCL/BFL/2025-019, dat\u00e9 du 28 janvier 2025\nPortant versement aux communes de la compensation des pertes de taxe fonci\u00e8re sur les propri\u00e9t\u00e9s b\u00e2ties (TFPB) aff\u00e9rentes aux\nentreprises constat\u00e9es en 202411\nNotification des compensations au titre des pertes de taxe fonci\u00e8re sur les propri\u00e9t\u00e9s b\u00e2ties\n(TFPB) aff\u00e9rente aux entreprises constat\u00e9es jusqu'en 2024Minist\u00e8re du partenariat avec les territoires et de la d\u00e9centralisation\nDGCL\n D\u00e9partement : 83 / VAR\nCode\nINSEE  /\nSIRENLibell\u00e9PERTES 2023-24\nCompensation n\u00b01 :\n90% de la perte\nTOTAL \u00e0 verser (en euros)\n83091 PIERREFEU-DU-VAR 123 970 123 970\nTotal du d\u00e9partement 123 970 123 970\n1/1Pr\u00e9fecture du VAR - 83-2025-01-28-00004 - ARR\u00caTE PR\u00c9FECTORAL N\u00b0DCL/BFL/2025-019, dat\u00e9 du 28 janvier 2025\nPortant versement aux communes de la compensation des pertes de taxe fonci\u00e8re sur les propri\u00e9t\u00e9s b\u00e2ties (TFPB) aff\u00e9rentes aux\nentreprises constat\u00e9es en 202412\nPr\u00e9fecture du VAR\n83-2025-01-24-00005\nAP CDNPS Nature JANV 25\nPr\u00e9fecture du VAR - 83-2025-01-24-00005 - AP CDNPS Nature JANV 25 13\n=m\nPREFET\nDU  VAR\nLibert\u00e9\nEgalit\u00e9\nFraternit\u00e9\nDirection de la coordination\ndes politiques publiques et\nde l'appui territorial\nBureau de l'environnement et du d\u00e9veloppement durable\nARR\u00caT\u00c9 PR\u00c9FECTORAL du 24 janvier 2025\nportant modification de la composition nominative de la formation sp\u00e9cialis\u00e9e \u00ab  nature \u00bb \nde la commission d\u00e9partementale de la nature, des paysages et des sites du Var.\nLe pr\u00e9fet du Var,\nVu le code de l'environnement, notamment les articles R341-16 \u00e0 R341-20  ;\nVu le code g\u00e9n\u00e9ral des collectivit\u00e9s territoriales  ;\nVu le code des relations entre le public et l'administration, notamment les articles R133-1 \u00e0  \nR133-15 ;\nVu le d\u00e9cret n\u00b0 2011-833 du 12 juillet 2011 modifi\u00e9 fixant la liste des instances consultatives  \nayant vocation \u00e0 examiner les politiques d'environnement et de d\u00e9veloppement durable  ;\nVu le d\u00e9cret du Pr\u00e9sident de la R\u00e9publique du 13 juillet 2023 nommant Monsieur Philippe  \nMAH\u00c9 pr\u00e9fet du Var ;\nVu  le  d\u00e9cret  du  Pr\u00e9sident  de  la  R\u00e9publique  du  15  avril  2022  nommant  Monsieur  Lucien  \nGIUDICELLI secr\u00e9taire g\u00e9n\u00e9ral de la pr\u00e9fecture du Var, sous-pr\u00e9fet de l'arrondissement de  \nToulon ;\nVu l'arr\u00eat\u00e9 pr\u00e9fectoral n\u00b0 2024/56/MCI du 10 d\u00e9cembre 2024 portant d\u00e9l\u00e9gation de signature \u00e0  \nMonsieur  Lucien  GIUDICELLI,  secr\u00e9taire  g\u00e9n\u00e9ral  de  la  pr\u00e9fecture  du  Var,  sous-pr\u00e9fet  de  \nl'arrondissement de Toulon  ;\nVu l'arr\u00eat\u00e9 pr\u00e9fectoral du 5 octobre 2006 portant cr\u00e9ation de la commission d\u00e9partementale  \nde la nature, des paysages et des sites (CDNPS) du Var ;\nVu l'arr\u00eat\u00e9 pr\u00e9fectoral du 3 juin 2022 portant renouvellement de la composition nominative de  \nla formation sp\u00e9cialis\u00e9e \u00ab  nature \u00bb de la CDNPS du Var  ;\nVu l'arr\u00eat\u00e9 pr\u00e9fectoral du 22 d\u00e9cembre 2022 modifiant l'arr\u00eat\u00e9 sus-cit\u00e9  ;\nVu l'arr\u00eat\u00e9 pr\u00e9fectoral du 30 ao\u00fbt 2024 modifiant l'arr\u00eat\u00e9 sus-cit\u00e9 ;\n1Pr\u00e9fecture du VAR - 83-2025-01-24-00005 - AP CDNPS Nature JANV 25 14\nVu le courriel du 9 d\u00e9cembre 2024 par lequel la pr\u00e9sidente de l'association varoise pour la  \nsauvegarde  de  l'agriculture,  de  la  nature  et  de  l'environnement  (AVSANE)  propose  la  \nd\u00e9signation de M. Marc RAINAUD pour repr\u00e9senter l'association et si\u00e9ger au sein du troisi\u00e8me  \ncoll\u00e8ge de la formation sp\u00e9cialis\u00e9e \u00ab  Nature \u00bb de la CDNPS du Var  ;\nConsid\u00e9rant  qu'il convient de modifier la composition nominative du troisi\u00e8me coll\u00e8ge pour  \ntenir compte de ce changement ; \nSur proposition du  secr\u00e9taire g\u00e9n\u00e9ral de la pr\u00e9fecture du Var,\nA R R \u00ca T E\nArticle 1\nL'article 1 de l'arr\u00eat\u00e9 du 3 juin 2022 est modifi\u00e9 ainsi qu'il suit  :\n\u00ab La  formation  sp\u00e9cialis\u00e9e  \u00ab  Nature \u00bb  de  la  commission  d\u00e9partementale  de  la  nature,  des  \npaysages et des sites, pr\u00e9sid\u00e9e par le pr\u00e9fet ou son repr\u00e9sentant, est compos\u00e9e comme suit  :\n1. Coll\u00e8ge des repr\u00e9sentants de l'\u00c9tat\n\u27a2le directeur r\u00e9gional de l'environnement, de l'am\u00e9nagement et du logement ou son  \nrepr\u00e9sentant ;\n\u27a2deux repr\u00e9sentants du directeur d\u00e9partemental des territoires et de la mer, au titre de  \nl'urbanisme et de l'agriculture  ;\n\u27a2la  cheffe  de  l'unit\u00e9  d\u00e9partementale  de  l'architecture  et  du  patrimoine  ou  son  \nrepr\u00e9sentant ;\n\u27a2le directeur r\u00e9gional  de l'\u00e9conomie, de l'emploi, du travail et des solidarit\u00e9s ou son  \nrepr\u00e9sentant ;\n2. Coll\u00e8ge des repr\u00e9sentants des collectivit\u00e9s territoriales et des \u00e9tablissements publics de  \ncoop\u00e9ration intercommunale\n\u27a2maires \nTitulaire        : Mme Carine PAILLARD, maire de Plan-d'Aups-Sainte-Baume  ;\nSuppl\u00e9ant    : M. Laurent GUEIT, maire de Mazaugues  ;\nTitulaire         : M. Philippe BARTHELEMY, maire de Saint-Cyr-sur-mer  ;\nSuppl\u00e9ante   : Mme Blandine MONIER, maire d'\u00c9venos  ;\n\u27a2conseillers d\u00e9partementaux\nTitulaire        : Mme Christine NICCOLETTI ;\nSuppl\u00e9ante  : Mme Christine AMRANE  ;\nTitulaire         : Mme V\u00e9ronique LENOIR ;\nSuppl\u00e9ante   : Mme Martine ARENAS  ;\n2Pr\u00e9fecture du VAR - 83-2025-01-24-00005 - AP CDNPS Nature JANV 25 15\n\u27a2repr\u00e9sentants d'\u00e9tablissement public de coop\u00e9ration intercommunale\nTitulaire       : M. Gilles VINCENT,\n       vice-pr\u00e9sident de la m\u00e9tropole Toulon-Provence-M\u00e9diterran\u00e9e  ;\nSuppl\u00e9ant   : M. Rolland BALBIS,\n        pr\u00e9sident de la communaut\u00e9 de communes \u00ab Lacs et gorges du Verdon \u00bb.\n3. Coll\u00e8ge des personnels qualifi\u00e9s en mati\u00e8re de science de la nature, de protection des sites  \nou du cadre de vie, de repr\u00e9sentants d'associations agr\u00e9\u00e9es de protection de l'environnement\n\u27a2personnalit\u00e9s qualifi\u00e9es en mati\u00e8re de science de la nature, de protection des sites ou  \ndu cadre de vie\nTitulaire         : M. Fr\u00e9d\u00e9ric ETH\u00c8VE , \u00e9cologue ;\nSuppl\u00e9ant     : M. Yves MORVANT, \u00e9cologue  ;\nTitulaire         : M. Pierre AUDIFFREN, ligue de protection des oiseaux (LPO)  ;\nSuppl\u00e9ant     : M. Joseph BURNER, ligue de protection des oiseaux (LPO)  ;\n\u27a2associations agr\u00e9\u00e9es de protection de l'environnement  \nTitulaire       : M. Marc RAINAUD, association varoise pour la sauvegarde de l'agriculture,  \n  de la nature et de l'environnement ;\nSuppl\u00e9ante : Mme Annie COMBES, association varoise pour la sauvegarde de \n  l'agriculture, de la nature et de l'environnement (AVSANE) ;\nTitulaire        : M. Patrick LAFFITTE, France nature environnement du Var (FNE 83)  ;\nSuppl\u00e9ant    : pas de suppl\u00e9ant d\u00e9sign\u00e9  ;\nTitulaire        : M. Fran\u00e7ois DOIN, association \u00ab  Vieilles maisons fran\u00e7aises  \u00bb ;\nSuppl\u00e9ant    : M. Thierry MARTIN , association \u00ab Vieilles maisons fran\u00e7aises  \u00bb.\n4. Coll\u00e8ge des personnalit\u00e9s comp\u00e9tentes en mati\u00e8re de protection de la flore et de la faune  \nsauvage, ainsi que des milieux naturels \nTitulaire        : Mme Mich\u00e8le PICARD, g\u00e9ographe  ;\nSuppl\u00e9ante  : Mme Th\u00e9r\u00e8se LEPINE, g\u00e9ographe  ;\nTitulaire       : M. Marc MAURY, directeur du conservatoire des espaces naturels Provence-\n                        Alpes-C\u00f4te d'Azur ;\nSuppl\u00e9ant   : M. Vincent MARIANI, responsable du p\u00f4le Var, conservatoire des espaces  \nnaturels Provence-Alpes-C\u00f4te d'Azur ;\nTitulaire        : M. Fran\u00e7ois VICTOR, parc national de Port-Cros  ;\nSuppl\u00e9ant    : M. Alain BARCELO, parc national de Port-Cros  ;\nTitulaire       : M. Max DOLEATTO, chambre d'agriculture du Var  ;\nSuppl\u00e9ant    : M. Yves JULLIEN, chambre d'agriculture du Var  ;\nTitulaire    : M. Pierre de PISSY, syndicat des propri\u00e9taires forestiers sylviculteurs du  \n  Var ;\nSuppl\u00e9ante : Mme Fran\u00e7oise BINET, syndicat des propri\u00e9taires forestiers sylviculteurs du  \n                        Var.  \u00bb\nLe reste sans changement.  \n3Pr\u00e9fecture du VAR - 83-2025-01-24-00005 - AP CDNPS Nature JANV 25 16\nArticle 2\nLa dur\u00e9e de mandat des membres d\u00e9sign\u00e9s \u00e0 l'article 1 est de trois ans.\nArticle 3\nLe pr\u00e9sent arr\u00eat\u00e9 peut faire l'objet d'un  recours gracieux adress\u00e9 au pr\u00e9fet du Var, ou d'un  \nrecours hi\u00e9rarchique aupr\u00e8s du ministre de tutelle ou d'un  recours contentieux devant le  \ntribunal  administratif  de  Toulon,  dans  un  d\u00e9lai  de  deux  mois  \u00e0  compter  de  sa  date  de  \nnotification ou de publication au recueil des actes administratifs de la pr\u00e9fecture.\nLe silence gard\u00e9 par l'administration pendant plus de deux mois sur la demande de recours  \ngracieux emporte d\u00e9cision implicite de rejet de cette demande conform\u00e9ment \u00e0 l'article R421-\n2 du code de justice administrative.\nCette  d\u00e9cision  implicite  de  rejet  peut  alors  faire  l'objet  d'un  recours  devant  le  tribunal \nadministratif territorialement comp\u00e9tent dans un d\u00e9lai de deux mois.\nDans le cas o\u00f9 un recours contentieux serait engag\u00e9 devant le tribunal administratif de Toulon,  \nil intervient par un d\u00e9p\u00f4t de requ\u00eate, soit aupr\u00e8s de l'accueil de la juridiction, soit par courrier  \nou au moyen de l'application informatique \"T\u00e9l\u00e9recours citoyen\" accessible par le site internet  \nwww.telerecours.fr  .  \nArticle 4\nLe secr\u00e9taire g\u00e9n\u00e9ral de la pr\u00e9fecture du Var est charg\u00e9 de l'ex\u00e9cution du pr\u00e9sent arr\u00eat\u00e9, qui  \nsera publi\u00e9 au recueil des actes administratifs de la pr\u00e9fecture du Var et dont copie sera  \nadress\u00e9e aux membres de la commission d\u00e9partementale de la nature, des paysages et des  \nsites dans sa formation \u00ab  nature \u00bb.\nPour le pr\u00e9fet, et par d\u00e9l\u00e9gation,\nLe secr\u00e9taire g\u00e9n\u00e9ral,\nSign\u00e9 :\nM. Lucien GIUDICELLI \nFait \u00e0 Toulon, le 24 janvier 2025\n4Pr\u00e9fecture du VAR - 83-2025-01-24-00005 - AP CDNPS Nature JANV 25 17\nPr\u00e9fecture du VAR\n83-2025-01-24-00006\nAP modificatif CDNPS Publicit\u00e9 janv 2025\nPr\u00e9fecture du VAR - 83-2025-01-24-00006 - AP modificatif CDNPS Publicit\u00e9 janv 2025 18\n=m\nPREFET\nDU  VAR\nLibert\u00e9\nEgalit\u00e9\nFraternit\u00e9\nDirection de la coordination\ndes politiques publiques et\nde l'appui territorial\nBureau de l'environnement et du d\u00e9veloppement durable\nARR\u00caT\u00c9 PR\u00c9FECTORAL du 24 janvier 2025\nportant modification de la composition nominative\nde la formation sp\u00e9cialis\u00e9e \u00ab  publicit\u00e9 \u00bb de la commission d\u00e9partementale\nde la nature, des paysages et des sites du Var.\nLe pr\u00e9fet du Var,\nVu le code de l'environnement, notamment les articles R341-16 \u00e0 R341-20  ;\nVu le code g\u00e9n\u00e9ral des collectivit\u00e9s territoriales  ;\nVu  le  code  des  relations  entre  le  public  et  l'administration,  notamment  les  articles  \nR133-1 \u00e0 R133-15 ;\nVu le d\u00e9cret n\u00b0 2011-833 du 12 juillet 2011 modifi\u00e9 fixant la liste des instances consultatives  \nayant vocation \u00e0 examiner les politiques d'environnement et de d\u00e9veloppement durable  ;\nVu  le  d\u00e9cret  du  Pr\u00e9sident  de  la  R\u00e9publique  du  13  juillet  2023  nommant  \nM. Philippe MAH\u00c9 pr\u00e9fet  du Var ;\nVu le d\u00e9cret du Pr\u00e9sident de la R\u00e9publique du 15 avril 2022 nommant M. Lucien GIUDICELLI  \nsecr\u00e9taire g\u00e9n\u00e9ral de la pr\u00e9fecture du Var, sous-pr\u00e9fet de l'arrondissement de Toulon  ;\nVu l'arr\u00eat\u00e9 pr\u00e9fectoral n\u00b0 2024/56/MCI du 10 d\u00e9cembre 2024 portant d\u00e9l\u00e9gation de signature  \n\u00e0  M.  Lucien  GIUDICELLI,  secr\u00e9taire  g\u00e9n\u00e9ral  de  la  pr\u00e9fecture  du  Var,  sous-pr\u00e9fet  de  \nl'arrondissement de Toulon  ;\nVu l'arr\u00eat\u00e9 pr\u00e9fectoral du 5 octobre 2006 portant cr\u00e9ation de la commission d\u00e9partementale  \nde la nature, des paysages et des sites du Var  ;\nVu  l'arr\u00eat\u00e9  pr\u00e9fectoral  du  6  octobre  2022  portant  renouvellement  de  la  composition  \nnominative de la formation sp\u00e9cialis\u00e9e \u00ab  publicit\u00e9 \u00bb de la commission d\u00e9partementale de la  \nnature, des paysages et des sites (CDNPS) du Var ;\n1Pr\u00e9fecture du VAR - 83-2025-01-24-00006 - AP modificatif CDNPS Publicit\u00e9 janv 2025 19\nVu l'arr\u00eat\u00e9 pr\u00e9fectoral du 10 janvier 2023 modifiant l'arr\u00eat\u00e9 sus-cit\u00e9 ;\nVu l'arr\u00eat\u00e9 pr\u00e9fectoral du 22 janvier 2024 modifiant l'arr\u00eat\u00e9 sus-cit\u00e9 ;\nVu l'arr\u00eat\u00e9 pr\u00e9fectoral du 10 juin 2024 modifiant l'arr\u00eat\u00e9 sus-cit\u00e9 ;\nVu  le courrier du 9 d\u00e9cembre 2024, par lequel la pr\u00e9sidente de l' association varoise pour la  \nsauvegarde  de  l'agriculture,  de  la  nature  et  de  l'environnement  (AVSANE),  propose  la  \nd\u00e9signation  de  M.  Marc  RAINAUD  pour  repr\u00e9senter  l'association  et  si\u00e9ger,  en  tant  que  \ntitulaire, au sein du troisi\u00e8me coll\u00e8ge de la formation sp\u00e9cialis\u00e9e \u00ab  publicit\u00e9 \u00bb de la CDNPS du  \nVar ;\nConsid\u00e9rant qu'il convient de modifier la composition nominative du troisi\u00e8me coll\u00e8ge pour  \ntenir compte de ces changements  ; \nSur proposition du  secr\u00e9taire g\u00e9n\u00e9ral de la pr\u00e9fecture du Var,\nA R R \u00ca T E\nArticle 1\nL'article 1 de l'arr\u00eat\u00e9 pr\u00e9fectoral du 6 octobre 2022 portant renouvellement de la composition  \nnominative de la formation sp\u00e9cialis\u00e9e \u00ab  publicit\u00e9 \u00bb de la commission d\u00e9partementale de la  \nnature, des paysages et des sites du Var, pr\u00e9sid\u00e9e par le pr\u00e9fet ou son repr\u00e9sentant, est  \nmodifi\u00e9 comme suit  : \n\u00ab 1. Coll\u00e8ge des repr\u00e9sentants de l'\u00c9tat\n\u27a2le directeur r\u00e9gional de l'environnement, de l'am\u00e9nagement et du logement ou son  \nrepr\u00e9sentant ;\n\u27a2deux repr\u00e9sentants du directeur des territoires et de la mer, au titre de l'urbanisme et  \nde l'agriculture ;\n\u27a2la  cheffe  de  l'unit\u00e9  d\u00e9partementale  de  l'architecture  et  du  patrimoine  ou  son  \nrepr\u00e9sentant.\n2. Coll\u00e8ge des repr\u00e9sentants des collectivit\u00e9s territoriales et des \u00e9tablissements publics de  \ncoop\u00e9ration intercommunale\n\u27a2maires :\nTitulaire       : Mme Carine PAILLARD, maire de Plan-d'Aups-Sainte-Baume  ;\nSuppl\u00e9ant   : M. Laurent GUEIT, maire de Mazaugues  ;\nTitulaire       : M. Philippe BARTHELEMY, maire de Saint-Cyr-sur-mer  ;\nSuppl\u00e9ante : Mme Blandine MONIER, maire d'\u00c9venos  ;\n\u27a2conseillers d\u00e9partementaux  :\nTitulaire        : Mme Andr\u00e9e SAMAT  ;\nSuppl\u00e9ante  : Mme Martine ARENAS ;\n2Pr\u00e9fecture du VAR - 83-2025-01-24-00006 - AP modificatif CDNPS Publicit\u00e9 janv 2025 20\n\u27a2repr\u00e9sentants d'\u00e9tablissement public de coop\u00e9ration intercommunale\nTitulaire      : M. Gilles VINCENT,\n                                   vice-pr\u00e9sident de la m\u00e9tropole Toulon-Provence-M\u00e9diterran\u00e9e  ; \nSuppl\u00e9ant  : M. Rolland BALBIS,\n                                   pr\u00e9sident de la communaut\u00e9 de communes \u00ab  Lacs et gorges du Verdon  \u00bb.\n3. Coll\u00e8ge des personnels qualifi\u00e9s en mati\u00e8re de science de la nature, de protection des sites  \nou du cadre de vie, de repr\u00e9sentants d'associations agr\u00e9\u00e9es de protection de l'environnement\n\u27a2personnalit\u00e9s qualifi\u00e9es en mati\u00e8re de science de la nature, de protection des sites ou  \ndu cadre de vie\n      Titulaire     : M. Fr\u00e9d\u00e9ric \u00c9TH\u00c8VE , \u00e9cologue ;\n      Suppl\u00e9ant  : M. Yves MORVANT, \u00e9cologue  ;\nTitulaire      : M. Jean-Pierre CLARAC, paysagiste  ;\nSuppl\u00e9ant  : M. Didier COROT, paysagiste  ;\n\u27a2associations agr\u00e9\u00e9es de protection de l'environnement  \nTitulaire      : M. Marc RAINAUD, association varoise pour la sauvegarde de     \nl'agriculture, de la nature et de l'environnement (AVSANE)  ;\nSuppl\u00e9ante : Mme Annie COMBES, association varoise pour la sauvegarde de    \n        l'agriculture, de la nature et de l'environnement (AVSANE)  ;\n            Titulaire    : M. Jean-Louis AULARD-MACLER, France nature environnement Var (FNE83) ;\n            Suppl\u00e9ant : M. Patrick LAFFITTE, France nature environnement Var (FNE83)  ;\n4. Coll\u00e8ge  des  professionnels  repr\u00e9sentant  les  entreprises  de  publicit\u00e9  et  les  fabricants  \nd'enseignes\n\u27a2Publicit\u00e9\nTitulaire      : M. Antoine MOULIN (Groupe JC Decaux)  ;\nSuppl\u00e9ant  : M. Patrice QUESNE (Groupe JC Decaux)  ;\nTitulaire      : M. J\u00e9r\u00f4me BRISSON (Insert)  ;\nSuppl\u00e9ant  : M. Charles-Henri DOUMERC (UPE)  ;\nTitulaire       : M. St\u00e9phane GAFFORI (Cityz Media)  ;\nSuppl\u00e9ante : Mme Cl\u00e9mence LORENZATO (Cityz Media)  ;\n\u27a2Enseignes\nTitulaire       : M. Bernard VOARINO (e-visions)  ;\nSuppl\u00e9ante : Mme Gwena\u00eblle GIL-PAILLIEUX (e-visions) \u00bb.\nArticle 2 \nLa dur\u00e9e de mandat des membres d\u00e9sign\u00e9s \u00e0 l'article 1 est de trois ans.\n3Pr\u00e9fecture du VAR - 83-2025-01-24-00006 - AP modificatif CDNPS Publicit\u00e9 janv 2025 21\nArticle 3\nLe pr\u00e9sent arr\u00eat\u00e9 peut faire l'objet d'un  recours gracieux adress\u00e9 au pr\u00e9fet du Var, ou d'un  \nrecours hi\u00e9rarchique aupr\u00e8s du ministre de tutelle ou d'un  recours contentieux devant le  \ntribunal  administratif  de  Toulon,  dans  un  d\u00e9lai  de  deux  mois  \u00e0  compter  de  sa  date  de  \nnotification ou de publication au recueil des actes administratifs de la pr\u00e9fecture.\nLe silence gard\u00e9 par l'administration pendant plus de deux mois sur la demande de recours  \ngracieux emporte d\u00e9cision implicite de rejet de cette demande conform\u00e9ment \u00e0 l'article  \nR421-2 du code de justice administrative.\nCette  d\u00e9cision  implicite  de  rejet  peut  alors  faire  l'objet  d'un  recours  devant  le  tribunal \nadministratif territorialement comp\u00e9tent dans un d\u00e9lai de deux mois.\nDans  le  cas  o\u00f9  un  recours  contentieux  serait  engag\u00e9  devant  le  tribunal  administratif  de  \nToulon, il intervient par un d\u00e9p\u00f4t de requ\u00eate, soit aupr\u00e8s de l'accueil de la juridiction, soit par  \ncourrier ou au moyen de l'application informatique \"T\u00e9l\u00e9recours citoyen\" accessible par le site  \ninternet www.telerecours.fr  .  \nArticle 4\nLe secr\u00e9taire g\u00e9n\u00e9ral de la pr\u00e9fecture du Var est charg\u00e9 de l'ex\u00e9cution du pr\u00e9sent arr\u00eat\u00e9 qui  \nsera publi\u00e9 au recueil des actes administratifs de la pr\u00e9fecture du Var et dont copie sera  \nadress\u00e9e aux membres de la commission d\u00e9partementale de la nature, des paysages et des  \nsites dans sa formation \u00ab  publicit\u00e9 \u00bb.\nPour le pr\u00e9fet, et par d\u00e9l\u00e9gation,\nM. le secr\u00e9taire g\u00e9n\u00e9ral,\nSign\u00e9 :\nLucien GIUDICELLI\nFait \u00e0 Toulon, le 24 janvier 2025\n4Pr\u00e9fecture du VAR - 83-2025-01-24-00006 - AP modificatif CDNPS Publicit\u00e9 janv 2025 22\nPr\u00e9fecture du VAR\n83-2025-01-28-00002\nARR\u00caT\u00c9 PR\u00c9FECTORAL n\u00b0 2025/01/MCI du 28\njanvier 2025 portant d\u00e9l\u00e9gation de signature \u00e0\nMme Marie-Claire PONTIER, conservatrice\ng\u00e9n\u00e9rale du patrimoine, directrice du service\nd\u00e9partemental des archives des\nBouches-du-Rh\u00f4ne, assurant l'int\u00e9rim du\ndirecteur du service d\u00e9partemental des archives\ndu Var\nPr\u00e9fecture du VAR - 83-2025-01-28-00002 - ARR\u00caT\u00c9 PR\u00c9FECTORAL n\u00b0 2025/01/MCI du 28 janvier 2025 portant d\u00e9l\u00e9gation de signature\n\u00e0 Mme Marie-Claire PONTIER, conservatrice g\u00e9n\u00e9rale du patrimoine, directrice du service d\u00e9partemental des archives des\nBouches-du-Rh\u00f4ne, assurant l'int\u00e9rim du directeur du service d\u00e9partemental des archives du Var23\n=m\nPREFET\nDU  VAR\nLibert\u00e9\nEgalit\u00e9\nFraternit\u00e9\nDirection de la coordination des politiques publiques\net de l'appui territorial\nMission de coordination interminist\u00e9rielle\nARR\u00caT\u00c9 PR\u00c9FECTORAL n\u00b0 2025/01/MCI du  28 janvier 2025  \nportant d\u00e9l\u00e9gation de signature \u00e0 Mme Marie-Claire PONTIER, conservatrice g\u00e9n\u00e9rale du  \npatrimoine, directrice du service d\u00e9partemental des archives des Bouches-du-Rh\u00f4ne,  \nassurant l'int\u00e9rim du directeur du service d\u00e9partemental des archives du Var\nLe Pr\u00e9fet du Var,\nOfficier de la L\u00e9gion d'Honneur,\nVu le code du patrimoine  ;\nVu le  code  g\u00e9n\u00e9ral  des  collectivit\u00e9s  territoriales,  notamment  ses  articles  L.1421-1  \u00e0  \nL.1421-2 et D.1421-1 \u00e0 D.1421-2  ;\nVu la loi n\u00b0 82-213 du 2 mars 1982 modifi\u00e9e, relative aux droits et libert\u00e9s des communes, des  \nd\u00e9partements et des r\u00e9gions  ;\nVu la loi n\u00b0 83-8 du 7 janvier 1983 modifi\u00e9e, relative \u00e0 la r\u00e9partition des comp\u00e9tences entre les  \ncommunes, les d\u00e9partements, les r\u00e9gions et l'\u00c9tat  ;\nVu  la  loi  d'orientation  n\u00b0  92-125  du  6  f\u00e9vrier  1992  modifi\u00e9e,  relative  \u00e0  l'administration  \nterritoriale de la R\u00e9publique  ;\nVu la loi n\u00b0 2004-809 du 13 ao\u00fbt 2004 modifi\u00e9e, relative aux libert\u00e9s et responsabilit\u00e9s locales  ;\nVu  le  d\u00e9cret  n\u00b0  97-34  du  15  janvier  1997  relatif  \u00e0  la  d\u00e9concentration  des  d\u00e9cisions  \nadministratives individuelles  ;\nVu  le  d\u00e9cret  n\u00b0  2004-374  du  29  avril  2004  modifi\u00e9  relatif  aux  pouvoirs  des  pr\u00e9fets,  \u00e0  \nl'organisation et \u00e0 l'action des services de l'\u00c9tat dans les r\u00e9gions et d\u00e9partements  ;\nVu le d\u00e9cret n\u00b0 2015-510 du 7 mai 2015 portant charte de d\u00e9concentration  ;\nVu le d\u00e9cret du Pr\u00e9sident de la R\u00e9publique du 15 avril 2022 portant nomination de M. Lucien  \nGIUDICELLI, secr\u00e9taire g\u00e9n\u00e9ral de la pr\u00e9fecture du Var, sous-pr\u00e9fet de l'arrondissement de  \nToulon ; \nVu  le  d\u00e9cret  du  Pr\u00e9sident  de  la  R\u00e9publique  du  13  juillet  2023  portant  nomination  de  \nM. Philippe MAHE, pr\u00e9fet du Var  ;\nVu  la  cessation  des  fonction  de  M.  Romain  Joulia,  sur  le  poste  de  directeur  du  service  \nd\u00e9partemental des archives du Var, \u00e0 compter du 1er mars 2025 ; \nPr\u00e9fecture du VAR - 83-2025-01-28-00002 - ARR\u00caT\u00c9 PR\u00c9FECTORAL n\u00b0 2025/01/MCI du 28 janvier 2025 portant d\u00e9l\u00e9gation de signature\n\u00e0 Mme Marie-Claire PONTIER, conservatrice g\u00e9n\u00e9rale du patrimoine, directrice du service d\u00e9partemental des archives des\nBouches-du-Rh\u00f4ne, assurant l'int\u00e9rim du directeur du service d\u00e9partemental des archives du Var24\nVu l'arr\u00eat\u00e9 du 4 d\u00e9cembre 2024 de la direction g\u00e9n\u00e9rale des patrimoines et de l'architecture  \ndu minist\u00e8re de la Culture nommant une directrice du service d\u00e9partemental des Archives du  \nVar par int\u00e9rim, \u00e0 compter du 1er mars 2025 et jusqu'\u00e0 la nomination d'un nouveau directeur  \ndu service d\u00e9partemental du Var  ;\nSur proposition du secr\u00e9taire g\u00e9n\u00e9ral de la pr\u00e9fecture du Var  ; \nARRETE :\nARTICLE 1  er  \nInd\u00e9pendamment  des  attributions  qui  sont  conf\u00e9r\u00e9es  aux  directeurs  des  services  \nd\u00e9partementaux d'archives par les lois et r\u00e8glements, d \u00e9l\u00e9gation est donn\u00e9e \u00e0 Mme Marie-\nClaire PONTIER,  conservatrice g\u00e9n\u00e9rale du patrimoine, directrice du service d\u00e9partemental  \ndes archives des Bouches-du-Rh\u00f4ne, assurant l'int\u00e9rim du directeur du service d\u00e9partemental  \ndes archives du Var , \u00e0 l'effet de signer, dans le cadre des missions et du fonctionnement de ce  \ndernier, tous rapports, visas, correspondances et d\u00e9cisions relatifs aux mati\u00e8res \u00e9num\u00e9r\u00e9es ci-\ndessous :\n\uf0a7gestion du service d\u00e9partemental d'archives du Var  :\n\u25e6gestion du personnel de l'\u00c9tat mis \u00e0 disposition aupr\u00e8s du conseil d\u00e9partemental  \npour exercer leurs fonctions dans le service d\u00e9partemental d'archives  ;\n\u25e6engagement  de  d\u00e9penses  pour  les  cr\u00e9dits  d'\u00c9tat  dont  elle  assure  la  gestion  \u00e0  \nhauteur de 1 500 euros.\n\uf0a7contr\u00f4le scientifique et technique des archives publiques  :\n\u25e6exercice du contr\u00f4le scientifique et technique de l'\u00c9tat sur les archives publiques, \u00e0  \nl'exclusion des d\u00e9cisions et mises en demeure concernant le d\u00e9p\u00f4t des archives des  \ncommunes aux Archives D\u00e9partementales en application des articles L.  212-13 et R. \n212-61 du code du patrimoine  ;\n\u25e6projets  de  construction,  extension  et  r\u00e9am\u00e9nagement  des  b\u00e2timents  \u00e0  usage  \nd'archives des collectivit\u00e9s territoriales (\u00e0 l'exclusion du d\u00e9partement) et de leurs  \ngroupements ;\n\u25e6\u00e9limination des documents d'archives publiques.\n\uf0a7contr\u00f4le scientifique et technique sur les archives priv\u00e9es class\u00e9es comme archives \nhistoriques :\n\u25e6documents li\u00e9s \u00e0 la protection du patrimoine archivistique priv\u00e9  ;\n\u25e6autorisations  de  destruction  d'archives  priv\u00e9es  class\u00e9es  comme  archives  \nhistoriques  pr\u00e9vues  \u00e0  l'article  L.  212-27  dans  la  limite  de  leur  circonscription  \ng\u00e9ographique.\n\uf0a7coordination de l'activit\u00e9 des services d'archives dans les limites du d\u00e9partement.\n\uf0a7instruction des demandes d'acc\u00e8s anticip\u00e9 \u00e0 des archives publiques non librement \ncommunicables :Pr\u00e9fecture du VAR - 83-2025-01-28-00002 - ARR\u00caT\u00c9 PR\u00c9FECTORAL n\u00b0 2025/01/MCI du 28 janvier 2025 portant d\u00e9l\u00e9gation de signature\n\u00e0 Mme Marie-Claire PONTIER, conservatrice g\u00e9n\u00e9rale du patrimoine, directrice du service d\u00e9partemental des archives des\nBouches-du-Rh\u00f4ne, assurant l'int\u00e9rim du directeur du service d\u00e9partemental des archives du Var25\n\u25e6autorisations  de  consultation  de  documents  d'archives  publiques  accord\u00e9es  en  \napplication du I de l'article L. 213-3 pour les documents d\u00e9tenus par son service ou  \npar une autorit\u00e9 qui a vocation \u00e0 y verser ses archives.\nARTICLE 2 \nEn cas d'absence ou d'emp\u00eachement de Mme Marie-Claire PONTIER, conservatrice g\u00e9n\u00e9rale  \ndu  patrimoine,  directrice  du  service  d\u00e9partemental  des  archives  des  Bouches-du-Rh\u00f4ne,  \nassurant l'int\u00e9rim du directeur du service d\u00e9partemental des archives du Var, la d\u00e9l\u00e9gation qui \nlui est consentie \u00e0 l'article 1er du pr\u00e9sent arr\u00eat\u00e9, est exerc\u00e9e dans les m\u00eames conditions par  \nMme  Caroline  MEYER,  conservatrice  territoriale  du  patrimoine,  adjointe  au  directeur  du  \nservice d\u00e9partemental des archives du Var.\nARTICLE 3\nDemeurent r\u00e9serv\u00e9s \u00e0 la signature du pr\u00e9fet du Var les actes et correspondances adress\u00e9s aux  \nparlementaires et aux membres du conseil r\u00e9gional et du conseil d\u00e9partemental, ainsi que les  \ncirculaires adress\u00e9es aux maires du d\u00e9partement ou \u00e0 l'ensemble des chefs de service de  \nl'\u00c9tat.\nARTICLE 4 \nCet arr\u00eat\u00e9 pr\u00e9fectoral de d\u00e9l\u00e9gation de signature par int\u00e9rim prendra effet \u00e0 compter du 1er \nmars 2025 et prendra fin \u00e0 la nomination du prochain directeur du service d\u00e9partemental des  \nArchives du Var. \nARTICLE 5\nLe secr\u00e9taire g\u00e9n\u00e9ral de la pr\u00e9fecture du Var et la  conservatrice g\u00e9n\u00e9rale du patrimoine,  \ndirectrice du service d\u00e9partemental des archives des Bouches-du-Rh\u00f4ne, assurant l'int\u00e9rim du  \ndirecteur du service d\u00e9partemental des archives du Var,  sont charg\u00e9s, chacun en ce qui le  \nconcerne, de l'ex\u00e9cution du pr\u00e9sent arr\u00eat\u00e9 qui  sera publi\u00e9 au recueil des actes administratifs  \nde la pr\u00e9fecture du Var.\nFait \u00e0 Toulon, le 28 janvier 2025\nLe Pr\u00e9fet du Var,\nSign\u00e9\nPhilippe MAHEPr\u00e9fecture du VAR - 83-2025-01-28-00002 - ARR\u00caT\u00c9 PR\u00c9FECTORAL n\u00b0 2025/01/MCI du 28 janvier 2025 portant d\u00e9l\u00e9gation de signature\n\u00e0 Mme Marie-Claire PONTIER, conservatrice g\u00e9n\u00e9rale du patrimoine, directrice du service d\u00e9partemental des archives des\nBouches-du-Rh\u00f4ne, assurant l'int\u00e9rim du directeur du service d\u00e9partemental des archives du Var26\nPr\u00e9fecture du VAR\n83-2025-01-09-00015\nPV RECYCLAGE SNSM 09012025 OS\nPr\u00e9fecture du VAR - 83-2025-01-09-00015 - PV RECYCLAGE SNSM 09012025 OS 27\nPREFET\nDU VAR\nLibert\u00e9\n\u00c9galit\u00e9\nFraternit\u00e9\nEXAMEN DE CONTR\u00d4LE DU BREVET  NATIONAL \nDE S\u00c9CURIT\u00c9 ET DE SAUVETAGE AQUATIQUE\n (B.N.S.S.A)\nPROC\u00c8S VERBAL D'EXAMEN\nL'an deux mille vingt cinq ( 2025), le 09 Janvier \u00e0 19h00\nLe jury, constitu\u00e9 en application des dispositions du d\u00e9cret n\u00b091-834 du 30 ao\u00fbt 1991 modifi\u00e9 et de  \nl'arr\u00eat\u00e9  du  23  janvier  1979  modifi\u00e9,  fixant  les  modalit\u00e9s  de d\u00e9livrance  du  brevet  national  de  \ns\u00e9curit\u00e9 et sauvetage aquatique, sous la pr\u00e9sidence de  DUBOIS Dominique, directeur CFI SNSM  \nTOULON-VAR s'est r\u00e9uni \u00e0 la piscine Jaureguiberry de la commune de TOULON pour proc\u00e9der aux  \nd\u00e9lib\u00e9rations.\nParticipait aux travaux du jury  :\nNom-Pr\u00e9nom Qualification Organisme d'appartenance\nDubois Dominique Pr\u00e9sident CFI SNSM TOULON\nDellerm Guillaume BPJEPS AAN/PAE FPS CFI SNSM TOULON\nBoutier Benoit BEESAN CFI SNSM TOULON\nMercier Emmanuel BEESAN CFI SNSM TOULON\nDassonville Samuel BNSSA CFI SNSM TOULON\nPellois Florent BNSSA /PAE FPS/SSA CFI SNSM TOULON\n\u00c0 l'issue de cet examen, sont d\u00e9clar\u00e9s admis les personnes figurant sur le tableau joint en annexe 1  \nayant satisfait aux 2 \u00e9preuves et dont le nom est suivi de la mention \u00ab  admis \u00bb.\nEn application de l'article 10 bis de l'arr\u00eat\u00e9 du 23 janvier 1979,modifi\u00e9, la liste des candidats re\u00e7us \u00e0  \nl'examen du brevet national de s\u00e9curit\u00e9 et de sauvetage aquatique est publi\u00e9e au recueil des actes \nadministratifs de la pr\u00e9fecture de d\u00e9partement.\nLe pr\u00e9sident, M. Dominique DUBOIS \n \nLes membres du jury,  \nM. BOUTIER- M. DELLERCH-M. PELLOIS-M. MERCIER-M. DASSONVILLE\nOriginal sign\u00e9 le 09 janvier 2025\nPr\u00e9fecture du VAR - 83-2025-01-09-00015 - PV RECYCLAGE SNSM 09012025 OS 28\nAnnexe 1 - Liste des candidats admis \u00e0 l' EXAMEN DE CONTR\u00d4LE  DU BREVET NATIONAL \nDE S\u00c9CURIT\u00c9 ET DE SAUVETAGE AQUATIQUE\nSession du 09/01/2025 \u00e0 Jaureguiberry (Toulon)\nNOM PR\u00c9NOMR\u00c9SULTAT\n(ADMIS, NON ADMIS, ABSENT)\nFONTAINE Dany ADMIS\nOTTAWAY Nesta ADMIS\nLe pr\u00e9sident, M. Dominique DUBOIS \n \nLes membres du jury,  \nM. BOUTIER- M. DELLERCH-M. PELLOIS-M. MERCIER-M. DASSONVILLE\nOriginal sign\u00e9 le 09 janvier 2025Pr\u00e9fecture du VAR - 83-2025-01-09-00015 - PV RECYCLAGE SNSM 09012025 OS 29","date":"2025-01-28","first_seen_on":"2025-01-28T15:24:00+00:00","id":"17c044c7d0bb58c770bdaf6d2d753b12c3a838f454676a8c04a202150a66e6bc","name":"RAA N\u00b0027 du 28 janvier 2025","pdf_creation_date":"2025-01-28T15:05:17+00:00","pdf_modification_date":null,"timezone":"CET","url":"https://www.var.gouv.fr/contenu/telechargement/39012/256506/file/RAA%20N%C2%B0027%20du%2028%20janvier%202025%20NON%20NOMINATIF.pdf"}
