{"administration":"pref69","administration_name":"Pr\u00e9fecture du Rh\u00f4ne","content":"PR\u00c9F\u00c8TE\nDU RH\u00d4NE\nRECUEIL DES ACTES\nADMINISTRATIFS SP\u00c9CIAL\nN\u00b069-2025-221\nPUBLI\u00c9 LE  1 SEPTEMBRE 2025\nSommaire\n69_DDETS_Direction d\u00e9partementale de l'emploi du travail et des\nsolidarit\u00e9s /\n69-2025-08-28-00002 - R434 945378495 GODDE (2 pages) Page 3\n69-2025-08-28-00003 - R435 979634649 LU (2 pages) Page 6\n69-2025-08-28-00004 - R436 944580257 PEREIRA FERNANDES (2 pages) Page 9\n69-2025-08-28-00005 - R437 980365183 SOUMAH (2 pages) Page 12\n69-2025-08-28-00006 - R438 943341073 MARREL (2 pages) Page 15\n69_DDT_Direction d\u00e9partementale des territoires du Rh\u00f4ne /\n69-2025-08-29-00007 - Arrete achat vendange 2025 (2 pages) Page 18\n69-2025-06-16-00033 - Arr\u00eat\u00e9 n\u00b0 DT-25-0178\nPortant sur\nl'organisation administrative de la strat\u00e9gie locale de gestion\ndu\nrisque d'inondation du territoire \u00e0 risque important\nd'inondation de ROANNE (8 pages) Page 21\n69-2025-07-24-00017 - Arr\u00eat\u00e9 pr\u00e9fectoral n\u00b0 DDT-SENR - 2025\n- A100 du 24 Juillet 2025\nportant application du r\u00e9gime forestier \u00e0\ndes parcelles de terrain situ\u00e9es sur la commune de Cublize\ndans le\np\u00e9rim\u00e8tre de la for\u00eat du lac des sapins\nCommunaut\u00e9\nd'Agglom\u00e9ration de l'Ouest Rhodanien (2 pages) Page 30\n69_Pr\u00e9f_Pr\u00e9fecture du Rh\u00f4ne / Direction de la Coordination des\nPolitiques Interminist\u00e9rielles\n69-2025-08-29-00004 - Arr\u00eat\u00e9 pr\u00e9fectoral portant autorisation de\nsignature pour l'engagement juridique et la liquidation des d\u00e9penses\nhors programme 354 (3 pages) Page 33\n69-2025-08-29-00005 - Arr\u00eat\u00e9 pr\u00e9fectoral portant d\u00e9l\u00e9gation de\nsignature \u00e0 M. Antoine GUERIN, pr\u00e9fet d\u00e9l\u00e9gu\u00e9 pour la d\u00e9fense\net la s\u00e9curit\u00e9 aupr\u00e8s de la pr\u00e9f\u00e8te de la r\u00e9gion\nAuvergne-Rh\u00f4ne-Alpes, pr\u00e9f\u00e8te de la zone de d\u00e9fense et de\ns\u00e9curit\u00e9 Sud-Est, pr\u00e9f\u00e8te du Rh\u00f4ne (9 pages) Page 37\n69-2025-08-29-00006 - Arr\u00eat\u00e9 pr\u00e9fectoral portant d\u00e9l\u00e9gation de\nsignature \u00e0 Madame Fabienne FOURNIER-BERAUD, directrice r\u00e9gionale\nde l'\u00e9conomie, de l'emploi, du travail et des solidarit\u00e9s\nd'Auvergne-Rh\u00f4ne-Alpes, en mati\u00e8re de m\u00e9trologie l\u00e9gale (3\npages) Page 47\n69-2025-08-29-00003 - Arr\u00eat\u00e9 pr\u00e9fectoral portant d\u00e9l\u00e9gation de\nsignature aux agents de la pr\u00e9fecture (7 pages) Page 51\n84_ARS_Agence R\u00e9gionale de Sant\u00e9 Auvergne-Rh\u00f4ne-Alpes /\n69-2025-09-01-00015 - 692025003 agr SOINS ET SANTE MOBILITE (2 pages) Page 59\n2\n69_DDETS_Direction d\u00e9partementale de\nl'emploi du travail et des solidarit\u00e9s\n69-2025-08-28-00002\nR434 945378495 GODDE\n69_DDETS_Direction d\u00e9partementale de l'emploi du travail et des solidarit\u00e9s - 69-2025-08-28-00002 - R434 945378495 GODDE 3\nArr\u00eat\u00e9 Pr\u00e9fectoral\nn\u00b0 DDETS69_SAP_2025_08_28_434\nR\u00e9c\u00e9piss\u00e9 de D\u00e9claration\nd'un Organisme de Services \u00e0 la Personne (OSP) enregistr\u00e9\nsous le n\u00b0 SAP_945378495  / SIREN_945378495\nLA PR\u00c9F\u00c8TE DE LA REGION AUVERGNE-RHONE-ALPES,\nPR\u00c9F\u00c8TE DE LA ZONE DE DEFENSE ET DE SECURITE SUD-EST, PR\u00c9F\u00c8TE DU RHONE\nOfficier de la L\u00e9gion d'Honneur\nCommandeur de l'Ordre National du M\u00e9rite\nVU le Code du travail et notamment les articles L.7231-1 \u00e0 L.7233-2, R.7232-16 \u00e0 R.7232-22, D.7231-1 et \nD.7233-1 \u00e0 D.7233-5 ;\nVU la premi\u00e8re demande de d\u00e9claration d\u00e9pos\u00e9e par l'entreprise Mme GODDE Oc\u00e9ane en qualit\u00e9 de \ndirigeant(e),  domicili\u00e9e 46 ROUTE DE MONTCLAIR 69480 POMMIERS, aupr\u00e8s des services de la \nDirection D\u00e9partementale de l'Emploi, du Travail et des Solidarit\u00e9s (DDETS) du Rh\u00f4ne en date du \n17/06/2025;\nSUR proposition du Directeur d\u00e9partemental de la DDETS du Rh\u00f4ne ; \nA R R E T E :\nArticle 1er : L' entreprise GODDE Oc\u00e9ane domicili\u00e9e 46 ROUTE DE MONTCLAIR 69480 POMMIERS, ayant satisfait\naux formalit\u00e9s de d\u00e9claration, conform\u00e9ment aux dispositions des articles L. 7232-1-1 \u00e0 L. 7232-9 et des articles R. \n7232-16 \u00e0 R. 7232-22 du code du travail, est enregistr\u00e9e et d\u00e9clar\u00e9e en qualit\u00e9 d'OSP, sous le num\u00e9ro  \nSAP_945378495, pour assurer des prestations de Services A la Personne (SAP), sur le territoire national, pour une \ndur\u00e9e illimit\u00e9e.\nArticle 2 : Le pr\u00e9sent r\u00e9c\u00e9piss\u00e9 de d\u00e9claration prend effet \u00e0 compter du 17/06/2025\nArticle 3 : L' entreprise GODDE Oc\u00e9ane est d\u00e9clar\u00e9e pour effectuer au domicile des particuliers les activit\u00e9s vis\u00e9es\nci-dessous :   \n  \u2022   Garde d'enfants de plus de 3 ans \u00e0 domicile (mode d'intervention Prestataire)\n  \u2022   Entretien de la maison et travaux m\u00e9nagers (mode d'intervention Prestataire)\n  \u2022   Coordination et d\u00e9livrance des SAP (mode d'intervention Prestataire)\nDDETS du Rh\u00f4ne\n8 \u2013 10 rue du Nord \u2013 69625 Villeurbanne Cedex 1/2\n69_DDETS_Direction d\u00e9partementale de l'emploi du travail et des solidarit\u00e9s - 69-2025-08-28-00002 - R434 945378495 GODDE 4\nArticle 4 : Ces activit\u00e9s exerc\u00e9es par l'OSP, sous r\u00e9serve d'\u00eatre exerc\u00e9es \u00e0 titre exclusif (ou sous r\u00e9serve d'une\ncomptabilit\u00e9 s\u00e9par\u00e9e pour les entreprises dispens\u00e9es de cette condition), ouvrent droit aux avantages fiscaux et sociaux\nfix\u00e9s par les articles L. 7233-2 du code du travail et L. 241-10 du code de la s\u00e9curit\u00e9 sociale.\nArticle 5     : La d\u00e9claration peut \u00eatre retir\u00e9e \u00e0 l'OSP dans les conditions fix\u00e9es aux articles R. 7232-20 \u00e0 R.\n7232-22 du code du travail.\nArticle 6 : Le Directeur d\u00e9partemental de la DDETS du Rh\u00f4ne est charg\u00e9 de l'ex\u00e9cution du pr\u00e9sent r\u00e9c\u00e9piss\u00e9,\nqui sera publi\u00e9 au recueil des actes administratifs de la Pr\u00e9fecture du Rh\u00f4ne. \nVilleurbanne, le 28/08/2025\nPour la Pr\u00e9f\u00e8te, \nPar d\u00e9l\u00e9gation,\nLa Cheffe du P\u00f4le Entreprises-Emploi et Insertion Professionnelle\nMathilde ARNOULT\nDans un d\u00e9lai de deux mois \u00e0 compter de sa notification, ce r\u00e9c\u00e9piss\u00e9 est susceptible des voies de recours suivantes : \n- d'un recours gracieux aupr\u00e8s du directeur d\u00e9partemental de la DDETS du Rh\u00f4ne, DDETS du Rh\u00f4ne, P\u00f4le 2EIP, Service AME 8-10\nrue du Nord 69625 VILLEURBANNE Cedex ;\n- d'un recours hi\u00e9rarchique adress\u00e9 au ministre charg\u00e9 de l'\u00e9conomie - direction g\u00e9n\u00e9rale des entreprises \u2013 sous-direction des\nservices marchands - mission des services \u00e0 la personne, 61 boulevard Vincent Auriol, 75703 Paris cedex 13 ;\n- d'un recours contentieux dans un d\u00e9lai de deux mois \u00e0 compter de sa notification en saisissant le Tribunal Administratif de Lyon \u2013\n184, rue Duguesclin - 69433 LYON CEDEX 03\nEn cas de rejet du recours gracieux ou hi\u00e9rarchique ou en l'absence de r\u00e9ponse \u00e0 ce recours (rejet implicite), un recours contentieux peut\n\u00e9galement \u00eatre form\u00e9 contre la d\u00e9cision initiale dans un d\u00e9lai de deux mois \u00e0 compter de ce rejet aupr\u00e8s du Tribunal Administratif de Lyon\n\u2013 184, rue Duguesclin - 69433 LYON CEDEX 03.\nLe tribunal administratif peut \u00eatre saisi par la voie de l'application \u00ab T\u00e9l\u00e9recours citoyens \u00bb sur le site www.telerecours.fr.\n69_DDETS_Direction d\u00e9partementale de l'emploi du travail et des solidarit\u00e9s - 69-2025-08-28-00002 - R434 945378495 GODDE 5\n69_DDETS_Direction d\u00e9partementale de\nl'emploi du travail et des solidarit\u00e9s\n69-2025-08-28-00003\nR435 979634649 LU\n69_DDETS_Direction d\u00e9partementale de l'emploi du travail et des solidarit\u00e9s - 69-2025-08-28-00003 - R435 979634649 LU 6\nArr\u00eat\u00e9 Pr\u00e9fectoral\nn\u00b0 DDETS69_SAP_2025_08_28_435\nR\u00e9c\u00e9piss\u00e9 de D\u00e9claration\nd'un Organisme de Services \u00e0 la Personne (OSP) enregistr\u00e9\nsous le n\u00b0 SAP_979634649  / SIREN_979634649\nLA PR\u00c9F\u00c8TE DE LA REGION AUVERGNE-RHONE-ALPES,\nPR\u00c9F\u00c8TE DE LA ZONE DE DEFENSE ET DE SECURITE SUD-EST, PR\u00c9F\u00c8TE DU RHONE\nOfficier de la L\u00e9gion d'Honneur\nCommandeur de l'Ordre National du M\u00e9rite\nVU le Code du travail et notamment les articles L.7231-1 \u00e0 L.7233-2, R.7232-16 \u00e0 R.7232-22, D.7231-1 et \nD.7233-1 \u00e0 D.7233-5 ;\nVU la premi\u00e8re demande de d\u00e9claration d\u00e9pos\u00e9e par l'entreprise Mme LU Menglin en qualit\u00e9 de \ndirigeant(e),  domicili\u00e9e 9 rue Laurent Paul 69110 SAINTE-FOY-LES-LYON, aupr\u00e8s des services de la \nDirection D\u00e9partementale de l'Emploi, du Travail et des Solidarit\u00e9s (DDETS) du Rh\u00f4ne en date du \n04/06/2025;\nSUR proposition du Directeur d\u00e9partemental de la DDETS du Rh\u00f4ne ; \nA R R E T E :\nArticle 1er : L' entreprise LU Menglin domicili\u00e9e 9 rue Laurent Paul 69110 SAINTE-FOY-LES-LYON, ayant satisfait \naux formalit\u00e9s de d\u00e9claration, conform\u00e9ment aux dispositions des articles L. 7232-1-1 \u00e0 L. 7232-9 et des articles R. \n7232-16 \u00e0 R. 7232-22 du code du travail, est enregistr\u00e9e et d\u00e9clar\u00e9e en qualit\u00e9 d'OSP, sous le num\u00e9ro  \nSAP_979634649, pour assurer des prestations de Services A la Personne (SAP), sur le territoire national, pour une \ndur\u00e9e illimit\u00e9e.\nArticle 2 : Le pr\u00e9sent r\u00e9c\u00e9piss\u00e9 de d\u00e9claration prend effet \u00e0 compter du 04/06/2025\nArticle 3 : L' entreprise LU Menglin est d\u00e9clar\u00e9e pour effectuer au domicile des particuliers les activit\u00e9s vis\u00e9es ci-\ndessous :   \n  \u2022   Soutien scolaire ou cours \u00e0 domicile (mode d'intervention Prestataire)\nDDETS du Rh\u00f4ne\n8 \u2013 10 rue du Nord \u2013 69625 Villeurbanne Cedex 1/2\n69_DDETS_Direction d\u00e9partementale de l'emploi du travail et des solidarit\u00e9s - 69-2025-08-28-00003 - R435 979634649 LU 7\nArticle 4 : Ces activit\u00e9s exerc\u00e9es par l'OSP, sous r\u00e9serve d'\u00eatre exerc\u00e9es \u00e0 titre exclusif (ou sous r\u00e9serve d'une\ncomptabilit\u00e9 s\u00e9par\u00e9e pour les entreprises dispens\u00e9es de cette condition), ouvrent droit aux avantages fiscaux et sociaux\nfix\u00e9s par les articles L. 7233-2 du code du travail et L. 241-10 du code de la s\u00e9curit\u00e9 sociale.\nArticle 5     : La d\u00e9claration peut \u00eatre retir\u00e9e \u00e0 l'OSP dans les conditions fix\u00e9es aux articles R. 7232-20 \u00e0 R.\n7232-22 du code du travail.\nArticle 6 : Le Directeur d\u00e9partemental de la DDETS du Rh\u00f4ne est charg\u00e9 de l'ex\u00e9cution du pr\u00e9sent r\u00e9c\u00e9piss\u00e9,\nqui sera publi\u00e9 au recueil des actes administratifs de la Pr\u00e9fecture du Rh\u00f4ne. \nVilleurbanne, le 28/08/2025\nPour la Pr\u00e9f\u00e8te, \nPar d\u00e9l\u00e9gation,\nLa Cheffe du P\u00f4le Entreprises-Emploi et Insertion Professionnelle\nMathilde ARNOULT\nDans un d\u00e9lai de deux mois \u00e0 compter de sa notification, ce r\u00e9c\u00e9piss\u00e9 est susceptible des voies de recours suivantes : \n- d'un recours gracieux aupr\u00e8s du directeur d\u00e9partemental de la DDETS du Rh\u00f4ne, DDETS du Rh\u00f4ne, P\u00f4le 2EIP, Service AME 8-10\nrue du Nord 69625 VILLEURBANNE Cedex ;\n- d'un recours hi\u00e9rarchique adress\u00e9 au ministre charg\u00e9 de l'\u00e9conomie - direction g\u00e9n\u00e9rale des entreprises \u2013 sous-direction des\nservices marchands - mission des services \u00e0 la personne, 61 boulevard Vincent Auriol, 75703 Paris cedex 13 ;\n- d'un recours contentieux dans un d\u00e9lai de deux mois \u00e0 compter de sa notification en saisissant le Tribunal Administratif de Lyon \u2013\n184, rue Duguesclin - 69433 LYON CEDEX 03\nEn cas de rejet du recours gracieux ou hi\u00e9rarchique ou en l'absence de r\u00e9ponse \u00e0 ce recours (rejet implicite), un recours contentieux peut\n\u00e9galement \u00eatre form\u00e9 contre la d\u00e9cision initiale dans un d\u00e9lai de deux mois \u00e0 compter de ce rejet aupr\u00e8s du Tribunal Administratif de Lyon\n\u2013 184, rue Duguesclin - 69433 LYON CEDEX 03.\nLe tribunal administratif peut \u00eatre saisi par la voie de l'application \u00ab T\u00e9l\u00e9recours citoyens \u00bb sur le site www.telerecours.fr.\n69_DDETS_Direction d\u00e9partementale de l'emploi du travail et des solidarit\u00e9s - 69-2025-08-28-00003 - R435 979634649 LU 8\n69_DDETS_Direction d\u00e9partementale de\nl'emploi du travail et des solidarit\u00e9s\n69-2025-08-28-00004\nR436 944580257 PEREIRA FERNANDES\n69_DDETS_Direction d\u00e9partementale de l'emploi du travail et des solidarit\u00e9s - 69-2025-08-28-00004 - R436 944580257 PEREIRA\nFERNANDES 9\nArr\u00eat\u00e9 Pr\u00e9fectoral\nn\u00b0 DDETS69_SAP_2025_08_28_436\nR\u00e9c\u00e9piss\u00e9 de D\u00e9claration\nd'un Organisme de Services \u00e0 la Personne (OSP) enregistr\u00e9\nsous le n\u00b0 SAP_944580257  / SIREN_944580257\nLA PR\u00c9F\u00c8TE DE LA REGION AUVERGNE-RHONE-ALPES,\nPR\u00c9F\u00c8TE DE LA ZONE DE DEFENSE ET DE SECURITE SUD-EST, PR\u00c9F\u00c8TE DU RHONE\nOfficier de la L\u00e9gion d'Honneur\nCommandeur de l'Ordre National du M\u00e9rite\nVU le Code du travail et notamment les articles L.7231-1 \u00e0 L.7233-2, R.7232-16 \u00e0 R.7232-22, D.7231-1 et \nD.7233-1 \u00e0 D.7233-5 ;\nVU la premi\u00e8re demande de d\u00e9claration d\u00e9pos\u00e9e par l'entreprise Mme PEREIRA FERNANDES Jessica \nen qualit\u00e9 de dirigeant(e),  domicili\u00e9e 14 rue du Goddard 69290 Craponne, aupr\u00e8s des services de la \nDirection D\u00e9partementale de l'Emploi, du Travail et des Solidarit\u00e9s (DDETS) du Rh\u00f4ne en date du \n23/05/2025;\nSUR proposition du Directeur d\u00e9partemental de la DDETS du Rh\u00f4ne ; \nA R R E T E :\nArticle 1er : L' entreprise PEREIRA FERNANDES Jessica domicili\u00e9e 14 rue du Goddard 69290 Craponne, ayant \nsatisfait aux formalit\u00e9s de d\u00e9claration, conform\u00e9ment aux dispositions des articles L. 7232-1-1 \u00e0 L. 7232-9 et des \narticles R. 7232-16 \u00e0 R. 7232-22 du code du travail, est enregistr\u00e9e et d\u00e9clar\u00e9e en qualit\u00e9 d'OSP, sous le num\u00e9ro\nSAP_944580257, pour assurer des prestations de Services A la Personne (SAP), sur le territoire national, pour une \ndur\u00e9e illimit\u00e9e.\nArticle 2 : Le pr\u00e9sent r\u00e9c\u00e9piss\u00e9 de d\u00e9claration prend effet \u00e0 compter du 23/05/2025\nArticle 3 : L' entreprise PEREIRA FERNANDES Jessica est d\u00e9clar\u00e9e pour effectuer au domicile des particuliers \nles activit\u00e9s vis\u00e9es ci-dessous :   \n  \u2022   Garde d'enfants de plus de 3 ans \u00e0 domicile (mode d'intervention Prestataire)\n  \u2022   Soutien scolaire ou cours \u00e0 domicile (mode d'intervention Prestataire)\n  \u2022   Accompagnement des enfants de plus de 3 ans dans leurs d\u00e9placements (mode d'intervention Prestataire)\n  \u2022   Entretien de la maison et travaux m\u00e9nagers (mode d'intervention Prestataire)\n  \u2022   Petits travaux de jardinage (mode d'intervention Prestataire)\n  \u2022   Travaux de petit bricolage (mode d'intervention Prestataire)\n  \u2022   Pr\u00e9paration de repas \u00e0 domicile (mode d'intervention Prestataire)\nDDETS du Rh\u00f4ne\n8 \u2013 10 rue du Nord \u2013 69625 Villeurbanne Cedex 1/2\n69_DDETS_Direction d\u00e9partementale de l'emploi du travail et des solidarit\u00e9s - 69-2025-08-28-00004 - R436 944580257 PEREIRA\nFERNANDES 10\n  \u2022   Livraison de repas \u00e0 domicile (mode d'intervention Prestataire)\n  \u2022   Collecte et livraison \u00e0 domicile de linge repass\u00e9 (mode d'intervention Prestataire)\n  \u2022   Livraison de courses \u00e0 domicile (mode d'intervention Prestataire)\n  \u2022   Maintenance, entretien et vigilance temporaires \u00e0 domicile (mode d'intervention Prestataire)\n  \u2022   Assistance informatique \u00e0 domicile (mode d'intervention Prestataire)\n  \u2022   Assistance administrative \u00e0 domicile (mode d'intervention Prestataire)\n  \u2022   T\u00e9l\u00e9-assistance et visio-assistance (mode d'intervention Prestataire)\n  \u2022   Soins et promenade(s) d'animaux pour personnes d\u00e9pendantes (mode d'intervention Prestataire)\n  \u2022   Conduite du v\u00e9hicule des personnes en cas d'invalidit\u00e9 temporaire (mode d'intervention Prestataire)\n  \u2022   Accompagnement des personnes pr\u00e9sentant une invalidit\u00e9 temporaire (mode d'intervention Prestataire)\n  \u2022   Assistance aux personnes ayant besoin d'une aide temporaire \u00e0 leur domicile (mode d'intervention Prestataire)\nArticle 4 : Ces activit\u00e9s exerc\u00e9es par l'OSP, sous r\u00e9serve d'\u00eatre exerc\u00e9es \u00e0 titre exclusif (ou sous r\u00e9serve d'une\ncomptabilit\u00e9 s\u00e9par\u00e9e pour les entreprises dispens\u00e9es de cette condition), ouvrent droit aux avantages fiscaux et sociaux\nfix\u00e9s par les articles L. 7233-2 du code du travail et L. 241-10 du code de la s\u00e9curit\u00e9 sociale.\nArticle 5     : La d\u00e9claration peut \u00eatre retir\u00e9e \u00e0 l'OSP dans les conditions fix\u00e9es aux articles R. 7232-20 \u00e0 R.\n7232-22 du code du travail.\nArticle 6 : Le Directeur d\u00e9partemental de la DDETS du Rh\u00f4ne est charg\u00e9 de l'ex\u00e9cution du pr\u00e9sent r\u00e9c\u00e9piss\u00e9,\nqui sera publi\u00e9 au recueil des actes administratifs de la Pr\u00e9fecture du Rh\u00f4ne. \nVilleurbanne, le 28/08/2025\nPour la Pr\u00e9f\u00e8te, \nPar d\u00e9l\u00e9gation,\nLa Cheffe du P\u00f4le Entreprises-Emploi et Insertion Professionnelle\nMathilde ARNOULT\nDans un d\u00e9lai de deux mois \u00e0 compter de sa notification, ce r\u00e9c\u00e9piss\u00e9 est susceptible des voies de recours suivantes : \n- d'un recours gracieux aupr\u00e8s du directeur d\u00e9partemental de la DDETS du Rh\u00f4ne, DDETS du Rh\u00f4ne, P\u00f4le 2EIP, Service AME 8-10\nrue du Nord 69625 VILLEURBANNE Cedex ;\n- d'un recours hi\u00e9rarchique adress\u00e9 au ministre charg\u00e9 de l'\u00e9conomie - direction g\u00e9n\u00e9rale des entreprises \u2013 sous-direction des\nservices marchands - mission des services \u00e0 la personne, 61 boulevard Vincent Auriol, 75703 Paris cedex 13 ;\n- d'un recours contentieux dans un d\u00e9lai de deux mois \u00e0 compter de sa notification en saisissant le Tribunal Administratif de Lyon \u2013\n184, rue Duguesclin - 69433 LYON CEDEX 03\nEn cas de rejet du recours gracieux ou hi\u00e9rarchique ou en l'absence de r\u00e9ponse \u00e0 ce recours (rejet implicite), un recours contentieux peut\n\u00e9galement \u00eatre form\u00e9 contre la d\u00e9cision initiale dans un d\u00e9lai de deux mois \u00e0 compter de ce rejet aupr\u00e8s du Tribunal Administratif de Lyon\n\u2013 184, rue Duguesclin - 69433 LYON CEDEX 03.\nLe tribunal administratif peut \u00eatre saisi par la voie de l'application \u00ab T\u00e9l\u00e9recours citoyens \u00bb sur le site www.telerecours.fr.\n69_DDETS_Direction d\u00e9partementale de l'emploi du travail et des solidarit\u00e9s - 69-2025-08-28-00004 - R436 944580257 PEREIRA\nFERNANDES 11\n69_DDETS_Direction d\u00e9partementale de\nl'emploi du travail et des solidarit\u00e9s\n69-2025-08-28-00005\nR437 980365183 SOUMAH\n69_DDETS_Direction d\u00e9partementale de l'emploi du travail et des solidarit\u00e9s - 69-2025-08-28-00005 - R437 980365183 SOUMAH 12\nArr\u00eat\u00e9 Pr\u00e9fectoral\nn\u00b0 DDETS69_SAP_2025_08_28_437\nR\u00e9c\u00e9piss\u00e9 de D\u00e9claration\nd'un Organisme de Services \u00e0 la Personne (OSP) enregistr\u00e9\nsous le n\u00b0 SAP_980365183  / SIREN_980365183\nLA PR\u00c9F\u00c8TE DE LA REGION AUVERGNE-RHONE-ALPES,\nPR\u00c9F\u00c8TE DE LA ZONE DE DEFENSE ET DE SECURITE SUD-EST, PR\u00c9F\u00c8TE DU RHONE\nOfficier de la L\u00e9gion d'Honneur\nCommandeur de l'Ordre National du M\u00e9rite\nVU le Code du travail et notamment les articles L.7231-1 \u00e0 L.7233-2, R.7232-16 \u00e0 R.7232-22, D.7231-1 et \nD.7233-1 \u00e0 D.7233-5 ;\nVU la premi\u00e8re demande de d\u00e9claration d\u00e9pos\u00e9e par l'entreprise M. SOUMAH Abdoulaye en qualit\u00e9 de \ndirigeant(e),  domicili\u00e9e 42 RUE DES CHARMETTES, RESIDENCE CAP CAMPUS 69100 \nVILLEURBANNE, aupr\u00e8s des services de la Direction D\u00e9partementale de l'Emploi, du Travail et des \nSolidarit\u00e9s (DDETS) du Rh\u00f4ne en date du 20/06/2025;\nSUR proposition du Directeur d\u00e9partemental de la DDETS du Rh\u00f4ne ; \nA R R E T E :\nArticle 1er : L' entreprise SOUMAH Abdoulaye domicili\u00e9e 42 RUE DES CHARMETTES, RESIDENCE CAP \nCAMPUS 69100 VILLEURBANNE, ayant satisfait aux formalit\u00e9s de d\u00e9claration, conform\u00e9ment aux dispositions des \narticles L. 7232-1-1 \u00e0 L. 7232-9 et des articles R. 7232-16 \u00e0 R. 7232-22 du code du travail, est enregistr\u00e9e et \nd\u00e9clar\u00e9e en qualit\u00e9 d'OSP, sous le num\u00e9ro  SAP_980365183, pour assurer des prestations de Services A la \nPersonne (SAP), sur le territoire national, pour une dur\u00e9e illimit\u00e9e.\nArticle 2 : Le pr\u00e9sent r\u00e9c\u00e9piss\u00e9 de d\u00e9claration prend effet \u00e0 compter du 20/06/2025\nArticle 3 : L' entreprise SOUMAH Abdoulaye est d\u00e9clar\u00e9e pour effectuer au domicile des particuliers les activit\u00e9s \nvis\u00e9es ci-dessous :   \n  \u2022   Entretien de la maison et travaux m\u00e9nagers (mode d'intervention Prestataire)\nDDETS du Rh\u00f4ne\n8 \u2013 10 rue du Nord \u2013 69625 Villeurbanne Cedex 1/2\n69_DDETS_Direction d\u00e9partementale de l'emploi du travail et des solidarit\u00e9s - 69-2025-08-28-00005 - R437 980365183 SOUMAH 13\nArticle 4 : Ces activit\u00e9s exerc\u00e9es par l'OSP, sous r\u00e9serve d'\u00eatre exerc\u00e9es \u00e0 titre exclusif (ou sous r\u00e9serve d'une\ncomptabilit\u00e9 s\u00e9par\u00e9e pour les entreprises dispens\u00e9es de cette condition), ouvrent droit aux avantages fiscaux et sociaux\nfix\u00e9s par les articles L. 7233-2 du code du travail et L. 241-10 du code de la s\u00e9curit\u00e9 sociale.\nArticle 5     : La d\u00e9claration peut \u00eatre retir\u00e9e \u00e0 l'OSP dans les conditions fix\u00e9es aux articles R. 7232-20 \u00e0 R.\n7232-22 du code du travail.\nArticle 6 : Le Directeur d\u00e9partemental de la DDETS du Rh\u00f4ne est charg\u00e9 de l'ex\u00e9cution du pr\u00e9sent r\u00e9c\u00e9piss\u00e9,\nqui sera publi\u00e9 au recueil des actes administratifs de la Pr\u00e9fecture du Rh\u00f4ne. \nVilleurbanne, le 28/08/2025\nPour la Pr\u00e9f\u00e8te, \nPar d\u00e9l\u00e9gation,\nLa Cheffe du P\u00f4le Entreprises-Emploi et Insertion Professionnelle\nMathilde ARNOULT\nDans un d\u00e9lai de deux mois \u00e0 compter de sa notification, ce r\u00e9c\u00e9piss\u00e9 est susceptible des voies de recours suivantes : \n- d'un recours gracieux aupr\u00e8s du directeur d\u00e9partemental de la DDETS du Rh\u00f4ne, DDETS du Rh\u00f4ne, P\u00f4le 2EIP, Service AME 8-10\nrue du Nord 69625 VILLEURBANNE Cedex ;\n- d'un recours hi\u00e9rarchique adress\u00e9 au ministre charg\u00e9 de l'\u00e9conomie - direction g\u00e9n\u00e9rale des entreprises \u2013 sous-direction des\nservices marchands - mission des services \u00e0 la personne, 61 boulevard Vincent Auriol, 75703 Paris cedex 13 ;\n- d'un recours contentieux dans un d\u00e9lai de deux mois \u00e0 compter de sa notification en saisissant le Tribunal Administratif de Lyon \u2013\n184, rue Duguesclin - 69433 LYON CEDEX 03\nEn cas de rejet du recours gracieux ou hi\u00e9rarchique ou en l'absence de r\u00e9ponse \u00e0 ce recours (rejet implicite), un recours contentieux peut\n\u00e9galement \u00eatre form\u00e9 contre la d\u00e9cision initiale dans un d\u00e9lai de deux mois \u00e0 compter de ce rejet aupr\u00e8s du Tribunal Administratif de Lyon\n\u2013 184, rue Duguesclin - 69433 LYON CEDEX 03.\nLe tribunal administratif peut \u00eatre saisi par la voie de l'application \u00ab T\u00e9l\u00e9recours citoyens \u00bb sur le site www.telerecours.fr.\n69_DDETS_Direction d\u00e9partementale de l'emploi du travail et des solidarit\u00e9s - 69-2025-08-28-00005 - R437 980365183 SOUMAH 14\n69_DDETS_Direction d\u00e9partementale de\nl'emploi du travail et des solidarit\u00e9s\n69-2025-08-28-00006\nR438 943341073 MARREL\n69_DDETS_Direction d\u00e9partementale de l'emploi du travail et des solidarit\u00e9s - 69-2025-08-28-00006 - R438 943341073 MARREL 15\nArr\u00eat\u00e9 Pr\u00e9fectoral\nn\u00b0 DDETS69_SAP_2025_08_28_438\nR\u00e9c\u00e9piss\u00e9 de D\u00e9claration\nd'un Organisme de Services \u00e0 la Personne (OSP) enregistr\u00e9\nsous le n\u00b0 SAP_943341073  / SIREN_943341073\nLA PR\u00c9F\u00c8TE DE LA REGION AUVERGNE-RHONE-ALPES,\nPR\u00c9F\u00c8TE DE LA ZONE DE DEFENSE ET DE SECURITE SUD-EST, PR\u00c9F\u00c8TE DU RHONE\nOfficier de la L\u00e9gion d'Honneur\nCommandeur de l'Ordre National du M\u00e9rite\nVU le Code du travail et notamment les articles L.7231-1 \u00e0 L.7233-2, R.7232-16 \u00e0 R.7232-22, D.7231-1 et \nD.7233-1 \u00e0 D.7233-5 ;\nVU la premi\u00e8re demande de d\u00e9claration d\u00e9pos\u00e9e par l'entreprise Mme MARREL Anne-Sophie en qualit\u00e9 \nde dirigeant(e),  domicili\u00e9e 10 CHEMIN DE LA FONT PELET 69390 CHARLY, aupr\u00e8s des services de \nla Direction D\u00e9partementale de l'Emploi, du Travail et des Solidarit\u00e9s (DDETS) du Rh\u00f4ne en date du \n01/05/2025;\nSUR proposition du Directeur d\u00e9partemental de la DDETS du Rh\u00f4ne ; \nA R R E T E :\nArticle 1er : L' entreprise MARREL Anne-Sophie domicili\u00e9e 10 CHEMIN DE LA FONT PELET 69390 CHARLY, \nayant satisfait aux formalit\u00e9s de d\u00e9claration, conform\u00e9ment aux dispositions des articles L. 7232-1-1 \u00e0 L. 7232-9 et \ndes articles R. 7232-16 \u00e0 R. 7232-22 du code du travail, est enregistr\u00e9e et d\u00e9clar\u00e9e en qualit\u00e9 d'OSP, sous le \nnum\u00e9ro  SAP_943341073, pour assurer des prestations de Services A la Personne (SAP), sur le territoire national, \npour une dur\u00e9e illimit\u00e9e.\nArticle 2 : Le pr\u00e9sent r\u00e9c\u00e9piss\u00e9 de d\u00e9claration prend effet \u00e0 compter du 01/05/2025\nArticle 3 : L' entreprise MARREL Anne-Sophie est d\u00e9clar\u00e9e pour effectuer au domicile des particuliers les \nactivit\u00e9s vis\u00e9es ci-dessous :   \n  \u2022   Soutien scolaire ou cours \u00e0 domicile (mode d'intervention Prestataire)\nDDETS du Rh\u00f4ne\n8 \u2013 10 rue du Nord \u2013 69625 Villeurbanne Cedex 1/2\n69_DDETS_Direction d\u00e9partementale de l'emploi du travail et des solidarit\u00e9s - 69-2025-08-28-00006 - R438 943341073 MARREL 16\nArticle 4 : Ces activit\u00e9s exerc\u00e9es par l'OSP, sous r\u00e9serve d'\u00eatre exerc\u00e9es \u00e0 titre exclusif (ou sous r\u00e9serve d'une\ncomptabilit\u00e9 s\u00e9par\u00e9e pour les entreprises dispens\u00e9es de cette condition), ouvrent droit aux avantages fiscaux et sociaux\nfix\u00e9s par les articles L. 7233-2 du code du travail et L. 241-10 du code de la s\u00e9curit\u00e9 sociale.\nArticle 5     : La d\u00e9claration peut \u00eatre retir\u00e9e \u00e0 l'OSP dans les conditions fix\u00e9es aux articles R. 7232-20 \u00e0 R.\n7232-22 du code du travail.\nArticle 6 : Le Directeur d\u00e9partemental de la DDETS du Rh\u00f4ne est charg\u00e9 de l'ex\u00e9cution du pr\u00e9sent r\u00e9c\u00e9piss\u00e9,\nqui sera publi\u00e9 au recueil des actes administratifs de la Pr\u00e9fecture du Rh\u00f4ne. \nVilleurbanne, le 28/08/2025\nPour la Pr\u00e9f\u00e8te, \nPar d\u00e9l\u00e9gation,\nLa Cheffe du P\u00f4le Entreprises-Emploi et Insertion Professionnelle\nMathilde ARNOULT\nDans un d\u00e9lai de deux mois \u00e0 compter de sa notification, ce r\u00e9c\u00e9piss\u00e9 est susceptible des voies de recours suivantes : \n- d'un recours gracieux aupr\u00e8s du directeur d\u00e9partemental de la DDETS du Rh\u00f4ne, DDETS du Rh\u00f4ne, P\u00f4le 2EIP, Service AME 8-10\nrue du Nord 69625 VILLEURBANNE Cedex ;\n- d'un recours hi\u00e9rarchique adress\u00e9 au ministre charg\u00e9 de l'\u00e9conomie - direction g\u00e9n\u00e9rale des entreprises \u2013 sous-direction des\nservices marchands - mission des services \u00e0 la personne, 61 boulevard Vincent Auriol, 75703 Paris cedex 13 ;\n- d'un recours contentieux dans un d\u00e9lai de deux mois \u00e0 compter de sa notification en saisissant le Tribunal Administratif de Lyon \u2013\n184, rue Duguesclin - 69433 LYON CEDEX 03\nEn cas de rejet du recours gracieux ou hi\u00e9rarchique ou en l'absence de r\u00e9ponse \u00e0 ce recours (rejet implicite), un recours contentieux peut\n\u00e9galement \u00eatre form\u00e9 contre la d\u00e9cision initiale dans un d\u00e9lai de deux mois \u00e0 compter de ce rejet aupr\u00e8s du Tribunal Administratif de Lyon\n\u2013 184, rue Duguesclin - 69433 LYON CEDEX 03.\nLe tribunal administratif peut \u00eatre saisi par la voie de l'application \u00ab T\u00e9l\u00e9recours citoyens \u00bb sur le site www.telerecours.fr.\n69_DDETS_Direction d\u00e9partementale de l'emploi du travail et des solidarit\u00e9s - 69-2025-08-28-00006 - R438 943341073 MARREL 17\n69_DDT_Direction d\u00e9partementale des\nterritoires du Rh\u00f4ne\n69-2025-08-29-00007\nArrete achat vendange 2025\n69_DDT_Direction d\u00e9partementale des territoires du Rh\u00f4ne - 69-2025-08-29-00007 - Arrete achat vendange 2025 18\nDirection d\u00e9partementale\ndes territoires\nArr\u00eat\u00e9 pr\u00e9fectoral n\u00b0 DDT - SEA_20250829014 du 29 ao\u00fbt 2025 relatif \u00e0 \nla campagne viticole 2025 sur les aires de production touch\u00e9es par des ph\u00e9nom\u00e8nes climatiques\nd\u00e9favorables ayant entra\u00een\u00e9 des pertes de r\u00e9colte significatives\nLa Pr\u00e9f\u00e8te de la R\u00e9gion Auvergne-Rh\u00f4ne-Alpes,\nPr\u00e9f\u00e8te de la Zone de d\u00e9fense et de s\u00e9curit\u00e9 sud-est,\nPr\u00e9f\u00e8te du Rh\u00f4ne,\nCommandeur de la L\u00e9gion d'honneur,\nCommandeur de l'ordre national du M\u00e9rite,\nVU le  r\u00e8glement  (UE)  n\u00b01308/2013  du  Parlement  et  du  Conseil  du  17  d\u00e9cembre  2013  portant\norganisation commune des march\u00e9s des produits agricole,\nVU le code g\u00e9n\u00e9ral des imp\u00f4ts et son annexe II,\nVU le code rural et de la p\u00eache maritime,\nVU l'arr\u00eat\u00e9 du  04 ao\u00fbt 2017 relatif  aux  conditions  et  limites  r\u00e9gissant  le cadre  fiscal  des  achats  de\nvendanges, de mo\u00fbts et de vins,\nVU l'arr\u00eat\u00e9 pr\u00e9fectoral n\u00b069-2024-07-25-00004 du  25 juillet 2024 portant d\u00e9l\u00e9gation de signature \u00e0 M.\nXavier CEREZA, directeur d\u00e9partemental des territoires du Rh\u00f4ne,\nVU la  d\u00e9cision  n\u00b0DDT-69-2025-06-20-00005  du 18 juin 2025 portant  subd\u00e9l\u00e9gation  de  signature  en\nmati\u00e8re d'attributions g\u00e9n\u00e9rales,\nCONSID\u00c9RANT la demande d'ouverture du dispositif d'achat de vendanges et de mo\u00fbts formul\u00e9e par\nles organismes de d\u00e9fense et de gestion du Beaujolais le 07 ao\u00fbt 2025,\nCONSID\u00c9RANT les  d\u00e9g\u00e2ts  sur  vigne  constat\u00e9s  sur  le  terrain  par  la  direction  d\u00e9partementale  des\nterritoires, notamment lors des missions d'expertise du  13 et 27 ao\u00fbt 2025, cons\u00e9cutifs aux orages de\ngr\u00eale survenus les 31 mai et 1er juin, 6 juin, 19 et 20 juillet 2025,\nSur proposition du directeur d\u00e9partemental des territoires,\nARR\u00caTE\n1/2\n69_DDT_Direction d\u00e9partementale des territoires du Rh\u00f4ne - 69-2025-08-29-00007 - Arrete achat vendange 2025 19\nArticle     1   : Les aires de production affect\u00e9es par des pertes de r\u00e9colte viticoles significatives suite aux\norages de gr\u00eale de juin et juillet au titre de la campagne  2025 comprennent les crus et communes\nsuivants :\nJuli\u00e9nas, Beaujeu, Les Ardillats, Quinci\u00e9 en Beaujolais,  Bully, St  Germain Nuelles, Le Breuil, Vaux en\nBeaujolais, Saint Etienne la Varenne, Le Perr\u00e9on, Salles Arbuissonnas.\nArticle     2   : Les agriculteurs exploitant des parcelles situ\u00e9es dans les crus ou communes mentionn\u00e9s \u00e0\nl'article 1 peuvent b\u00e9n\u00e9ficier des dispositions pr\u00e9vues par l'arr\u00eat\u00e9 du  4 ao\u00fbt 2017 relatif aux conditions\net limites r\u00e9gissant le cadre fiscal des achats de vendanges, de mo\u00fbts et de vins.\nArticle     3 :  La  pr\u00e9f\u00e8te  du  Rh\u00f4ne,  le  directeur  d\u00e9partemental  des  territoires  du  Rh\u00f4ne,  le  directeur\nr\u00e9gional des douanes et le directeur r\u00e9gional de l'\u00e9conomie, de l'emploi, du travail et des solidarit\u00e9s\nsont charg\u00e9s chacun en ce qui le concerne, de l'ex\u00e9cution du pr\u00e9sent arr\u00eat\u00e9 qui sera publi\u00e9 au recueil\ndes actes administratifs de la pr\u00e9fecture.\nFait le 29 ao\u00fbt 2025\nPour la Pr\u00e9f\u00e8te et par d\u00e9l\u00e9gation,\nle directeur d\u00e9partemental adjoint\nsign\u00e9\nNicolas ROUGIER\nD\u00e9lais et voies de recours :\nConform\u00e9ment \u00e0 l'article R.421-1 du code de justice administrative, la pr\u00e9sente d\u00e9cision peut faire l'objet\nd'un recours contentieux, dans le d\u00e9lai de deux mois \u00e0 compter de sa notification, devant le tribunal\nadministratif de Lyon (184, rue Duguesclin \u2013 69 433 Lyon Cedex 03, ou sur l'application www.telerecours.fr).\nElle peut \u00e9galement faire l'objet d'un recours gracieux aupr\u00e8s de Madame la Pr\u00e9f\u00e8te du Rh\u00f4ne. Cette\nd\u00e9marche interrompt le d\u00e9lai de recours contentieux, ce dernier devant \u00eatre introduit dans le d\u00e9lai de\ndeux  mois  suivant  une  d\u00e9cision  implicite  ou  explicite  de  l'autorit\u00e9  comp\u00e9tente  (le  silence  de\nl'administration pendant un d\u00e9lai de deux mois valant d\u00e9cision implicite de rejet).\n2/2\n69_DDT_Direction d\u00e9partementale des territoires du Rh\u00f4ne - 69-2025-08-29-00007 - Arrete achat vendange 2025 20\n69_DDT_Direction d\u00e9partementale des\nterritoires du Rh\u00f4ne\n69-2025-06-16-00033\nArr\u00eat\u00e9 n\u00b0 DT-25-0178\nPortant sur l'organisation administrative de la\nstrat\u00e9gie locale de gestion du\nrisque d'inondation du territoire \u00e0 risque\nimportant d'inondation de ROANNE\n69_DDT_Direction d\u00e9partementale des territoires du Rh\u00f4ne - 69-2025-06-16-00033 - Arr\u00eat\u00e9 n\u00b0 DT-25-0178\nPortant sur l'organisation administrative de la strat\u00e9gie locale de gestion du\nrisque d'inondation du territoire \u00e0 risque important d'inondation de ROANNE\n21\nDirection D\u00e9partementale\ndes Territoires\nDirection D\u00e9partementale\ndes Territoires\ndu Rh\u00f4ne\nDirection D\u00e9partementale\ndes Territoires\nde la Sa\u00f4ne-et-Loire\nArr\u00eat\u00e9 n\u00b0 DT-25-0178\nPortant sur l'organisation administrative de la strat\u00e9gie locale de gestion du\nrisque d'inondation du territoire \u00e0 risque important d'inondation de ROANNE\nLe pr\u00e9fet de la Loire,\nLa Pr\u00e9f\u00e8te de la R\u00e9gion Auvergne-Rh\u00f4ne-Alpes,\nPr\u00e9f\u00e8te de la Zone de d\u00e9fense et de s\u00e9curit\u00e9 sud-est,\nPr\u00e9f\u00e8te du Rh\u00f4ne,\nOfficier de la L\u00e9gion d'honneur,\nCommandeur de l'ordre national du M\u00e9rite, \nLe pr\u00e9fet de Sa\u00f4ne-et-Loire\nVu la directive europ\u00e9enne 2007/60/CE du 23 octobre 2007 relative \u00e0 l'\u00e9valuation et \u00e0 la gestion des risques\nd'inondation,\nVu le Code de l'environnement et notamment les articles L.566-8, R.566-14 \u00e0 R.566-16 relatifs \u00e0 l'\u00e9laboration\ndes strat\u00e9gies locales pour les territoires dans lesquels il est identifi\u00e9 un risque d'inondation important,\nStandard : 04 77 48 48 48\nT\u00e9l\u00e9copie : 04 77 21 65 83\nSite internet : www.loire.gouv.fr\n2 rue Charles de Gaulle CS 12241 \u2013 42022 SAINT-\u00c9TIENNE Cedex 1 1/6\n69_DDT_Direction d\u00e9partementale des territoires du Rh\u00f4ne - 69-2025-06-16-00033 - Arr\u00eat\u00e9 n\u00b0 DT-25-0178\nPortant sur l'organisation administrative de la strat\u00e9gie locale de gestion du\nrisque d'inondation du territoire \u00e0 risque important d'inondation de ROANNE\n22\nVu la loi n\u00b02010-788 du 13 juillet 2010 portant engagement national pour l'environnement,\nVu le d\u00e9cret n\u00b02011-227 du 2 mars 2011 relatif \u00e0 l'\u00e9valuation et \u00e0 la gestion des risques d'inondation,\nVu l'arr\u00eat\u00e9 minist\u00e9riel du 27 avril 2012 relatif aux crit\u00e8res nationaux de caract\u00e9risation de l'importance du risque\nd'inondation, pris en application de l'article R.566-4 du Code de l'environnement,\nVu l'arr\u00eat\u00e9 interminist\u00e9riel du 7 octobre 2014 relatif \u00e0 la strat\u00e9gie nationale de gestion des risques d'inondation,\nVu l'arr\u00eat\u00e9  du Pr\u00e9fet  de  la  r\u00e9gion  Centre,  pr\u00e9fet  coordonnateur de bassin  Loire-Bretagne, en date  du 21\nd\u00e9cembre 2011, portant sur l'\u00e9valuation pr\u00e9liminaire des risques inondation du bassin Loire-Bretagne et compl\u00e9t\u00e9\npar un addendum arr\u00eat\u00e9 le 22 octobre 2018, notamment pour int\u00e9grer les \u00e9v\u00e9nements post\u00e9rieurs \u00e0 2011,\nVu l'arr\u00eat\u00e9 du Pr\u00e9fet de la r\u00e9gion Centre-Val-de-Loire, pr\u00e9fet coordonnateur de bassin, en date du 22 octobre\n2018 fixant la liste des territoires \u00e0 risque important d'inondation du bassin Loire-Bretagne et portant abrogation\nde l'arr\u00eat\u00e9 du 26 novembre 2012 \u00e9tablissant la liste des territoires \u00e0 risque important d'inondation du bassin\nLoire-Bretagne,\nVu l'arr\u00eat\u00e9 du Pr\u00e9fet de la r\u00e9gion Centre-Val-de-Loire, pr\u00e9fet coordonnateur de bassin, en date du 16 d\u00e9cembre\n2019  portant  arr\u00eat  des  cartes  de  surfaces  inondables  et  des  risques  d'inondation  du  territoire  \u00e0  risque\nd'inondation important du secteur de Roanne,\nVu l'arr\u00eat\u00e9 du Pr\u00e9fet de la r\u00e9gion Centre-Val-de-Loire, pr\u00e9fet coordonnateur de bassin, en date du 15 d\u00e9cembre\n2020 fixant les modalit\u00e9s d'\u00e9laboration de la strat\u00e9gie de gestion du risque d'inondation \u00e0 \u00e9laborer sur le territoire\n\u00e0 risque important d'inondation de Roanne,\nConsid\u00e9rant l a n\u00e9cessit\u00e9 de d\u00e9finir l'organisation administrative de la strat\u00e9gie locale de gestion du risque\ninondation du territoire \u00e0 risque important d'inondation de Roanne,\nSur proposition du secr\u00e9taire g\u00e9n\u00e9ral de la pr\u00e9fecture de la Loire ;\nARRETE\nArticle 1er : Objet\nLa strat\u00e9gie locale de gestion du risque inondation (SLGRI) identifie les mesures de pr\u00e9vention, de protection et\nde sauvegarde visant \u00e0 r\u00e9duire les cons\u00e9quences pour la sant\u00e9 humaine, l'environnement, le patrimoine culturel\net l'activit\u00e9 \u00e9conomique associ\u00e9es aux inondations en priorit\u00e9 sur le p\u00e9rim\u00e8tre du territoire \u00e0 risque important\nd'inondation de Roanne.\nLa strat\u00e9gie locale de gestion du risque d'inondation rel\u00e8ve du cadrage de la strat\u00e9gie nationale de gestion des\nrisques d'inondation et du plan de gestion du risque inondation \u00e9labor\u00e9 \u00e0 l'\u00e9chelle du bassin Loire-Bretagne. Elle\nest \u00e9labor\u00e9e par les acteurs locaux nomm\u00e9s parties prenantes.\nLa strat\u00e9gie locale a vocation \u00e0 \u00eatre d\u00e9clin\u00e9e de fa\u00e7on op\u00e9rationnelle via un ou des programmes d'actions. Ces\nprogrammes d'actions d\u00e9finissent une liste d'actions pr\u00e9cises \u00e0 mener, leur ma\u00eetre d'ouvrage, ainsi que les\nmodalit\u00e9s de mise en \u0153uvre. Les programmes d'action de pr\u00e9vention des inondations (PAPI) sont les outils\nprivil\u00e9gi\u00e9s \u00e0 mettre en \u0153uvre.\nArticle 2 : Gouvernance\nL'organisation administrative de la strat\u00e9gie locale de gestion du risque d'inondation (SLGRI) \u00e0 \u00e9laborer sur le\nterritoire \u00e0 risque important d'inondation de Roanne est fix\u00e9e comme suit :\n\u2022 Pr\u00e9fet coordonnateur de la SLGRI : monsieur le Pr\u00e9fet de la Loire\n\u2022 Structure porteuse de la SLGRI en charge du pilotage et de l'animation de la d\u00e9marche  : Roannaise de\nl'Eau\nStandard : 04 77 48 48 48\nT\u00e9l\u00e9copie : 04 77 21 65 83\nSite internet : www.loire.gouv.fr\n2 rue Charles de Gaulle CS 12241 \u2013 42022 SAINT-\u00c9TIENNE Cedex 1 2/6\n69_DDT_Direction d\u00e9partementale des territoires du Rh\u00f4ne - 69-2025-06-16-00033 - Arr\u00eat\u00e9 n\u00b0 DT-25-0178\nPortant sur l'organisation administrative de la strat\u00e9gie locale de gestion du\nrisque d'inondation du territoire \u00e0 risque important d'inondation de ROANNE\n23\n\u2022 Service de l'\u00c9tat charg\u00e9 de la coordination de l'\u00e9laboration, de la r\u00e9vision et du suivi de la mise en \u0153uvre\nde la SLGRI : Direction d\u00e9partementale des territoires de la Loire\nRoannaise de l'Eau est charg\u00e9e de l'animation de la d\u00e9marche, tant pour la phase d'\u00e9laboration, que celles de\nmise en \u0153uvre et de suivi de la SLGRI.\n\u00c0 ce titre, Roannaise de l' Eau assurera le secr\u00e9tariat du comit\u00e9 de pilotage mentionn\u00e9 \u00e0 l' article 5 du pr\u00e9sent\narr\u00eat\u00e9.\nArticle 3 : P\u00e9rim\u00e8tre de la strat\u00e9gie locale de gestion du risque d'inondation\nLe p\u00e9rim\u00e8tre de la strat\u00e9gie locale de gestion du risque d'inondation est d\u00e9fini suivant la carte en annexe 1 du\npr\u00e9sent arr\u00eat\u00e9.\nArticle 4 : Parties prenantes\nLes repr\u00e9sentants des structures qui suivent, sont d\u00e9sign\u00e9s comme parties prenantes de l'\u00e9laboration de la\nstrat\u00e9gie locale de gestion du risque d'inondation de Roanne.\nServices pilotes de la SLGRI     :  \n\u2022 Roannaise de l'Eau\n\u2022 Pr\u00e9fecture de la Loire\n\u2022 Direction D\u00e9partementale des Territoires de la Loire\n\u00c9tablissements Publics de Coop\u00e9ration Intercommunale (EPCI)     :  \n\u2022 Communaut\u00e9 d'agglom\u00e9ration de Roannais Agglom\u00e9ration\n\u2022 Communaut\u00e9 de communes de Charlieu-Belmont Communaut\u00e9\n\u2022 Communaut\u00e9 de communes de Forez-Est\n\u2022 Communaut\u00e9 de communes du Pays entre Loire et Rh\u00f4ne\n\u2022 Communaut\u00e9 d'agglom\u00e9ration Loire Forez agglom\u00e9ration\n\u2022 Communaut\u00e9 de communes du Pays d'Urf\u00e9\n\u2022 Communaut\u00e9 de communes des Vals d'Aix et Isable\n\u2022 Communaut\u00e9 d'Agglom\u00e9ration de l'Ouest Rhodanien\n\u2022 Communaut\u00e9 de communes de Marcigny\nCommunes     :  \n\u2022 cf liste des 120 communes en annexe 2\nAutres collectivit\u00e9s territoriales     :  \n\u2022 Conseil r\u00e9gional Auvergne-Rh\u00f4ne-Alpes\n\u2022 Conseil d\u00e9partemental de la Loire\n\u2022 Conseil d\u00e9partemental du Rh\u00f4ne\n\u2022 Conseil d\u00e9partemental de la Sa\u00f4ne-et-Loire\nChambres consulaires     :  \n\u2022 Chambre des m\u00e9tiers et de l'artisanat Auvergne-Rh\u00f4ne-Alpes\n\u2022 Chambre de commerce et de l'industrie de la Loire\n\u2022 Chambre de commerce et de l'industrie du Rh\u00f4ne\n\u2022 Chambre de commerce et de l'industrie de la Sa\u00f4ne-et-Loire\n\u2022 Chambre d'agriculture de la Loire\nStandard : 04 77 48 48 48\nT\u00e9l\u00e9copie : 04 77 21 65 83\nSite internet : www.loire.gouv.fr\n2 rue Charles de Gaulle CS 12241 \u2013 42022 SAINT-\u00c9TIENNE Cedex 1 3/6\n69_DDT_Direction d\u00e9partementale des territoires du Rh\u00f4ne - 69-2025-06-16-00033 - Arr\u00eat\u00e9 n\u00b0 DT-25-0178\nPortant sur l'organisation administrative de la strat\u00e9gie locale de gestion du\nrisque d'inondation du territoire \u00e0 risque important d'inondation de ROANNE\n24\n\u2022 Chambre d'agriculture du Rh\u00f4ne\n\u2022 Chambre d'agriculture de la Sa\u00f4ne-et-Loire\nAutres services de l'\u00c9tat     :  \n\u2022 Pr\u00e9fecture de la Loire \u2013 SIDPC\n\u2022 Pr\u00e9fecture du Rh\u00f4ne \u2013 SIDPC\n\u2022 Pr\u00e9fecture de la Sa\u00f4ne-et-Loire \u2013 SIDPC \n\u2022 Direction R\u00e9gionale de l'Environnement, de l'Am\u00e9nagement et du Logement Auvergne-Rh\u00f4ne-Alpes\n\u2022 Direction R\u00e9gionale de l'Environnement, de l'Am\u00e9nagement et du Logement Centre-Val-de-Loire\n\u2022 Direction R\u00e9gionale de l'Environnement, de l'Am\u00e9nagement et du Logement Bourgogne-Franche-Comt\u00e9\n\u2022 Direction D\u00e9partementale des Territoires du Rh\u00f4ne\n\u2022 Direction D\u00e9partementale des Territoires de la Sa\u00f4ne-et-Loire\n\u2022 Agence R\u00e9gionale de sant\u00e9 Auvergne-Rh\u00f4ne-Alpes\n\u2022 Agence R\u00e9gionale de Sant\u00e9 Bourgogne-Franche-Comt\u00e9\nStructures en charge de la gestion et de la protection des milieux aquatiques     :  \n\u2022 \u00c9tablissement Public Loire\n\u2022 Agence de l'eau Loire-Bretagne\n\u2022 Office Fran\u00e7ais de la Biodiversit\u00e9\n\u2022 Commission locale de l'eau de la Loire en Rh\u00f4ne-Alpes\n\u2022 F\u00e9d\u00e9ration de la Loire pour la P\u00eache et la Protection du Milieu Aquatique\nStructures en charge de la s\u00e9curit\u00e9, des secours et de la sant\u00e9     :  \n\u2022 Service D\u00e9partemental d'Incendie et de Secours de la Loire\n\u2022 Service D\u00e9partemental-M\u00e9tropolitain d'Incendie et de Secours du Rh\u00f4ne\n\u2022 Service D\u00e9partemental d'Incendie et de Secours de Sa\u00f4ne-et-Loire\n\u2022 Direction d\u00e9partementale de la s\u00e9curit\u00e9 publique de la Loire\n\u2022 Groupement de Gendarmerie d\u00e9partementale de la Loire\nServices gestionnaires ou exploitants de r\u00e9seaux     :  \n\u2022 ErDF\n\u2022 GrDF\n\u2022 Orange\n\u2022 ENEDIS\n\u2022 Direction interd\u00e9partementale de routes Centre-Est\n\u2022 SNCF r\u00e9seau\n\u2022 SIEL- Territoire d'\u00e9nergie Loire\nAssociation de protection de l'environnement     :  \n\u2022 Association Roannaise de protection de la nature\n\u2022 France Nature Environnement\nAutres structures     :  \n\u2022 Association d'industriels pour la protection de l'environnement\n\u2022 Chambre des notaires\n\u2022 F\u00e9d\u00e9ration des agents immobiliers\n\u2022 Commission consultative des services publics locaux\n\u2022 SYNTEC\nStandard : 04 77 48 48 48\nT\u00e9l\u00e9copie : 04 77 21 65 83\nSite internet : www.loire.gouv.fr\n2 rue Charles de Gaulle CS 12241 \u2013 42022 SAINT-\u00c9TIENNE Cedex 1 4/6\n69_DDT_Direction d\u00e9partementale des territoires du Rh\u00f4ne - 69-2025-06-16-00033 - Arr\u00eat\u00e9 n\u00b0 DT-25-0178\nPortant sur l'organisation administrative de la strat\u00e9gie locale de gestion du\nrisque d'inondation du territoire \u00e0 risque important d'inondation de ROANNE\n25\nArticle 5 : Comit\u00e9 de pilotage\nLe  comit\u00e9 de pilotage examine et valide les propositions des parties prenantes. Il d\u00e9finit les objectifs de la\nstrat\u00e9gie locale de gestion du risque d'inondation de Roanne et ses dispositions associ\u00e9es.\nLes repr\u00e9sentants des services de l'\u00c9tat, des collectivit\u00e9s, des institutions et associations qui suivent  sont\nd\u00e9sign\u00e9s comme membres du comit\u00e9 de pilotage de la  strat\u00e9gie locale de gestion du risque d'inondation de\nRoanne.\nServices pilotes de la SLGRI     :  \n\u2022 Pr\u00e9fecture de la Loire - Direction d\u00e9partementale des territoires de la Loire\n\u2022 Roannaise de l'Eau\n\u00c9tablissements Publics de Coop\u00e9ration Intercommunales (EPCI)     :  \n\u2022 Communaut\u00e9 d'agglom\u00e9ration de Roannais agglom\u00e9ration\n\u2022 Communaut\u00e9 de communes de Charlieu-Belmont\n\u2022 Communaut\u00e9 de communes de Forez-Est\n\u2022 Communaut\u00e9 de communes du Pays entre Loire et Rh\u00f4ne\n\u2022 Communaut\u00e9 d'agglom\u00e9ration Loire Forez agglom\u00e9ration\n\u2022 Communaut\u00e9 de communes du Pays d'Urf\u00e9\n\u2022 Communaut\u00e9 de communes des Vals d'Aix et Isable\n\u2022 Communaut\u00e9 d'Agglom\u00e9ration de l'Ouest Rhodanien\n\u2022 Communaut\u00e9 de communes de Marcigny\nAutres collectivit\u00e9s territoriales et structures associ\u00e9es     :  \n\u2022 Conseil r\u00e9gional Auvergne-Rh\u00f4ne-Alpes\n\u2022 Conseil d\u00e9partemental de la Loire\n\u2022 Conseil d\u00e9partemental du Rh\u00f4ne\n\u2022 Conseil d\u00e9partemental de la Sa\u00f4ne-et-Loire\n\u2022 \u00c9tablissement Public Loire\nArticle 6 : Approbation de la SLGRI\nLa strat\u00e9gie locale de gestion du risque d'inondation de Roanne et ses dispositions associ\u00e9es sera approuv\u00e9e\npar arr\u00eat\u00e9 pr\u00e9fectoral apr\u00e8s avis de la Commission Inondation du Plan Loire Grandeur Nature.\nArticle 7 : Publication\nUn  exemplaire  du  pr\u00e9sent  arr\u00eat\u00e9  est  notifi\u00e9  aux  maires  des  collectivit\u00e9s,  aux  pr\u00e9sidents  d'EPCI,  aux\nrepr\u00e9sentants des institutions et associations d\u00e9finis \u00e0 l'article 4 du pr\u00e9sent arr\u00eat\u00e9.\nLe pr\u00e9sent arr\u00eat\u00e9 sera publi\u00e9 au recueil des actes administratifs des pr\u00e9fectures de la Loire, du Rh\u00f4ne et de la\nSa\u00f4ne-et-Loire.\nArticle 8 : D\u00e9lais et voies de recours\nLe pr\u00e9sent arr\u00eat\u00e9 peut faire l'objet d'un recours contentieux devant le Tribunal Administratif de Lyon dans un d\u00e9lai\nde deux mois \u00e0 compter de sa notification ou de sa publication au recueil des actes administratifs des pr\u00e9fectures\nde la Loire, du Rh\u00f4ne et de la Sa\u00f4ne-et-Loire.\nStandard : 04 77 48 48 48\nT\u00e9l\u00e9copie : 04 77 21 65 83\nSite internet : www.loire.gouv.fr\n2 rue Charles de Gaulle CS 12241 \u2013 42022 SAINT-\u00c9TIENNE Cedex 1 5/6\n69_DDT_Direction d\u00e9partementale des territoires du Rh\u00f4ne - 69-2025-06-16-00033 - Arr\u00eat\u00e9 n\u00b0 DT-25-0178\nPortant sur l'organisation administrative de la strat\u00e9gie locale de gestion du\nrisque d'inondation du territoire \u00e0 risque important d'inondation de ROANNE\n26\nLe Tribunal Administratif de Lyon peut \u00eatre saisi par l'application informatique T\u00e9l\u00e9recours, accessible par le site\ninternet : www.telerecours.fr\nArticle 9 : Ex\u00e9cution\n\u2022 M. le secr\u00e9taire g\u00e9n\u00e9ral de la pr\u00e9fecture de la Loire\n\u2022 Mme  la pr\u00e9f\u00e8te, secr\u00e9taire g\u00e9n\u00e9rale de la pr\u00e9fecture du Rh\u00f4ne, pr\u00e9f\u00e8te d\u00e9l\u00e9gu\u00e9e pour l'\u00e9galit\u00e9 des\nchances \n\u2022 Mme la secr\u00e9taire g\u00e9n\u00e9rale de la pr\u00e9fecture de la Sa\u00f4ne-et-Loire\n\u2022 M. le directeur d\u00e9partemental des territoires de la Loire\n\u2022 M. le directeur d\u00e9partemental des territoires du Rh\u00f4ne\n\u2022 M. le directeur d\u00e9partemental des territoires de Sa\u00f4ne-et-Loire\nsont charg\u00e9s de l'ex\u00e9cution du pr\u00e9sent arr\u00eat\u00e9.\nLe 16 juin 2025, \nLe pr\u00e9fet de la Loire                       Pour la pr\u00e9f\u00e8te du Rh\u00f4ne,                                  Le pr\u00e9fet de la Sa\u00f4ne-et-Loire\nSign\u00e9                                    la sous-pr\u00e9f\u00e8te en charge du Rh\u00f4ne-sud   Sign\u00e9                   \n   Sign\u00e9\nStandard : 04 77 48 48 48\nT\u00e9l\u00e9copie : 04 77 21 65 83\nSite internet : www.loire.gouv.fr\n2 rue Charles de Gaulle CS 12241 \u2013 42022 SAINT-\u00c9TIENNE Cedex 1 6/6\n69_DDT_Direction d\u00e9partementale des territoires du Rh\u00f4ne - 69-2025-06-16-00033 - Arr\u00eat\u00e9 n\u00b0 DT-25-0178\nPortant sur l'organisation administrative de la strat\u00e9gie locale de gestion du\nrisque d'inondation du territoire \u00e0 risque important d'inondation de ROANNE\n27\n69_DDT_Direction d\u00e9partementale des territoires du Rh\u00f4ne - 69-2025-06-16-00033 - Arr\u00eat\u00e9 n\u00b0 DT-25-0178\nPortant sur l'organisation administrative de la strat\u00e9gie locale de gestion du\nrisque d'inondation du territoire \u00e0 risque important d'inondation de ROANNE\n28\nINSEE NOM EPCI INSEE NOM EPCI\n42002 Ailleux LFA 42182 Renaison RA\n42003 Ambierle RA 42184 Riorges RA\n69006 Amplepuis COR 42187 Roanne RA\n42008 Arcon RA 69169 Ronno COR\n71012 Artaix CCM 42194 Sail-les-Bains RA\n42009 Arthun LFA 42198 Saint-Alban-les-Eaux RA\n42019 Bo\u00ebn-sur-Lignon LFA 42199 Saint-Andr\u00e9-d'Apchon RA\n71048 Bourg-le-Comte CCM 42203 Saint-Bonnet-des-Quarts RA\n42026 Briennon CBC 69183 Saint-Bonnet-le-Troncy COR\n42027 Bully CCVAI 42212 Saint-Cyr-de-Favi\u00e8res COPLER\n42030 Bussy-Albieux LFA 42213 Saint-Cyr-de-Valorges CCFE\n71071 C\u00e9ron CCM 42219 Saint-\u00c9tienne-le-Molard LFA\n42035 Cezay LFA 42220 Saint-Forgeux-Lespinasse RA\n71077 Chambilly CCM 42226 Saint-Georges-de-Baroille CCVAI\n42047 Champoly CCPU 42230 Saint-Germain-Laval CCVAI\n42049 Changy RA 42231 Saint-Germain-Lespinasse RA\n42339 Chausseterre CCPU 42232 Saint-Haon-le-Ch\u00e2tel RA\n71123 Chenay-le-Ch\u00e2tel CCM 42233 Saint-Haon-le-Vieux RA\n42061 Cherier CCPU 69214 Saint-Jean-la-Bussi\u00e8re COR\n42063 Chirassimont COPLER 42239 RA\n42068 Combre RA 42241 Saint-Jodard CCFE\n42069 Commelle-Vernay RA 42243 Saint-Julien-d'Oddes CCVAI\n42070 Cordelle COPLER 42248 Saint-Just-en-Chevalet CCPU\n69066 Cours COR 42249 Saint-Just-la-Pendue COPLER\n42074 Coutouvre RA 42253 Saint-L\u00e9ger-sur-Roanne RA\n42076 Cremeaux CCPU 42255 Saint-Marcel-d'Urf\u00e9 CCPU\n42077 Croizet-sur-Gand COPLER 42257 Saint-Martin-d'Estr\u00e9aux RA\n69070 Cublize COR 71453 Saint-Martin-du-Lac CCM\n42098 Fourneaux COPLER 42260 Saint-Martin-la-Sauvet\u00e9 CCVAI\n42106 Gr\u00e9zolles CCVAI 42267 Saint-Nizier-sous-Charlieu CBC\n42116 Jur\u00e9 CCPU 42273 Saint-Pierre-la-Noaille CBC\n42016 La B\u00e9nisson-Dieu CBC 42274 Saint-Polgues CCVAI\n42104 La Gresle CBC 42276 Saint-Priest-la-Prugne CCPU\n42163 La Pacaudi\u00e8re RA 42277 Saint-Priest-la-Roche COPLER\n42314 La Tuili\u00e8re CCPU 42281 Saint-Rirand RA\n42118 Lay COPLER 42282 Saint-Romain-d'Urf\u00e9 CCPU\n42033 Le Cergne CBC 42284 Saint-Romain-la-Motte RA\n42071 Le Coteau RA 42288 Saint-Sixte LFA\n42078 Le Crozet RA 42289 Saint-Symphorien-de-Lay COPLER\n42120 Lentigny RA 42293 Saint-Victor-sur-Rhins COPLER\n42158 Les No\u00ebs RA 42294 Saint-Vincent-de-Boisset RA\n69174 Les Sauvages COR 69240 Saint-Vincent-de-Reins COR\n42125 Lur\u00e9 CCVAI 42197 Sainte-Agathe-la-Bouteresse LFA\n42127 Mably RA 42209 Sainte-Colombe-sur-Gand CCFE\n42128 Mach\u00e9zal COPLER 42221 Sainte-Foy-Saint-Sulpice LFA\n69130 Meaux-la-Montagne COR 42300 Sevelinges CBC\n71291 Melay CCM 42303 Souternon CCVAI\n42143 Miz\u00e9rieux CCFE 69248 Thizy-les-Bourgs COR\n42145 Montagny RA 42317 Urbise RA\n42153 Neaux COPLER 42325 Vendranges COPLER\n42155 Nervieux CCFE 42268 V\u00e9zelin-sur-Loire CCVAI\n42156 Neulise COPLER 42331 Villemontais RA\n42157 Noailly RA 42332 Villerest RA\n42160 Nollieux CCVAI 42334 Violay CCFE\n42161 Notre-Dame-de-Boisset RA 42337 Vivans RA\n42162 Ouches RA 42338 Vougy CBC\n42166 Parigny RA\n42170 Perreux RA\n42173 Pommiers-en-Forez CCVAI\n42176 Pouilly-les-Nonains RA\n42177 Pouilly-sous-Charlieu CBC\n42178 Pradines COPLER\n69164 Ranchal COR\n42181 R\u00e9gny COPLER\nAnnexe 2 \n Liste des communes du p\u00e9rim\u00e8tre de la SLGRI du TRI de Roanne\nSaint-Jean-Saint-Maurice-sur-\nLoire\n69_DDT_Direction d\u00e9partementale des territoires du Rh\u00f4ne - 69-2025-06-16-00033 - Arr\u00eat\u00e9 n\u00b0 DT-25-0178\nPortant sur l'organisation administrative de la strat\u00e9gie locale de gestion du\nrisque d'inondation du territoire \u00e0 risque important d'inondation de ROANNE\n29\n69_DDT_Direction d\u00e9partementale des\nterritoires du Rh\u00f4ne\n69-2025-07-24-00017\nArr\u00eat\u00e9 pr\u00e9fectoral n\u00b0 DDT-SENR - 2025 - A100 du\n24 Juillet 2025\nportant application du r\u00e9gime forestier \u00e0 des\nparcelles de terrain situ\u00e9es sur la commune de\nCublize\ndans le p\u00e9rim\u00e8tre de la for\u00eat du lac des sapins\nCommunaut\u00e9 d'Agglom\u00e9ration de l'Ouest\nRhodanien\n69_DDT_Direction d\u00e9partementale des territoires du Rh\u00f4ne - 69-2025-07-24-00017 - Arr\u00eat\u00e9 pr\u00e9fectoral n\u00b0 DDT-SENR - 2025 - A100 du\n24 Juillet 2025\nportant application du r\u00e9gime forestier \u00e0 des parcelles de terrain situ\u00e9es sur la commune de Cublize\ndans le p\u00e9rim\u00e8tre de la for\u00eat du lac des sapins\nCommunaut\u00e9 d'Agglom\u00e9ration de l'Ouest Rhodanien\n30\nDirection d\u00e9partementale\ndes territoires\nArr\u00eat\u00e9 pr\u00e9fectoral n\u00b0 DDT\u2013SENR \u2013 2025 \u2013 A100 du 24  Juillet 2025\nportant application du r\u00e9gime forestier \u00e0 des parcelles de terrain situ\u00e9es sur la commune de Cublize\ndans le p\u00e9rim\u00e8tre de la for\u00eat du lac des sapins\nCommunaut\u00e9 d'Agglom\u00e9ration de l'Ouest Rhodanien\nLa Pr\u00e9f\u00e8te de la R\u00e9gion Auvergne-Rh\u00f4ne-Alpes,\nPr\u00e9f\u00e8te de la Zone de d\u00e9fense et de s\u00e9curit\u00e9 sud-est,\nPr\u00e9f\u00e8te du Rh\u00f4ne,\nCommandeur de la L\u00e9gion d'Honneur,\nCommandeur de l'Ordre National du M\u00e9rite,\nVU les articles L. 211-1, L. 214-3, R. 214-1 \u00e0 R. 214-2 et R. 214-6 \u00e0 R. 214-9 du code forestier,\nVU  l'arr\u00eat\u00e9  pr\u00e9fectoral  n\u00b0  024-07-25-00004  du  25  juillet  2024  portant  d\u00e9l\u00e9gation  de  signature  \u00e0\nMonsieur Xavier CEREZA, directeur d\u00e9partemental des territoires du Rh\u00f4ne,\nVU la d\u00e9lib\u00e9ration du conseil de communaut\u00e9 en date du 06 f\u00e9vier 2025 par laquelle la Communaut\u00e9\nd'Agglom\u00e9ration de l'Ouest Rhodanien demande l'application du r\u00e9gime forestier \u00e0 une parcelle de\nterrain,\nVU le proc\u00e8s-verbal de reconnaissance pr\u00e9alable \u00e0 la demande d'application du r\u00e9gime forestier \u00e9tabli\npar l'Office national des for\u00eats du 10 avril 2025,\nVU le rapport de pr\u00e9sentation \u00e9tabli par l'Office national des for\u00eats du 14 avril 2025,\nVU l'avis de Monsieur le directeur de l'agence territoriale Ain-Loire-Rh\u00f4ne de l'Office national des for\u00eats\ndu 14 avril 2025,\nVU l'attestation d'achat et le plan parcellaire,\nVU le rapport d'instruction de la DDT concluant \u00e0 l'application du r\u00e9gime forestier,\nCONSID\u00c9RANT la n\u00e9cessit\u00e9 pour la la Communaut\u00e9 d'Agglom\u00e9ration de l'Ouest Rhodanien d'appliquer\nle r\u00e9gime forestier pour les parcelles dont elle est propri\u00e9taire,\nSur proposition du Chef de service eau, nature et risques,\nARR\u00caTE\nArticle     1   : Surfaces.\nRel\u00e8vent du r\u00e9gime forestier les parcelles r\u00e9f\u00e9renc\u00e9es dans le tableau ci-dessous :\nPropri\u00e9taire : Communaut\u00e9 d'Agglom\u00e9ration de l'Ouest Rhodanien\n69_DDT_Direction d\u00e9partementale des territoires du Rh\u00f4ne - 69-2025-07-24-00017 - Arr\u00eat\u00e9 pr\u00e9fectoral n\u00b0 DDT-SENR - 2025 - A100 du\n24 Juillet 2025\nportant application du r\u00e9gime forestier \u00e0 des parcelles de terrain situ\u00e9es sur la commune de Cublize\ndans le p\u00e9rim\u00e8tre de la for\u00eat du lac des sapins\nCommunaut\u00e9 d'Agglom\u00e9ration de l'Ouest Rhodanien\n31\nTerritoire\ncommunal\nSection Num\u00e9ro\nCadastral\n Lieu-dit Contenance\nha \n Surface soumise\nau RF (ha)\nCublize AD 547 Le Pommerel 3,4485 3,4485\nTOTAL  3,4485 3,4485\n- Surface de la for\u00eat du lac des sapins relevant du r\u00e9gime forestier : 16 ha 99 a 69 ca\n- Application du pr\u00e9sent arr\u00eat\u00e9 pour une surface de :   3 ha 44 a 85 ca\n- Nouvelle surface de la for\u00eat du lac des sapins relevant du r\u00e9gime forestier : 20 ha 44 a 54 ca\nArticle     2   : Publicit\u00e9.\nLe pr\u00e9sent arr\u00eat\u00e9 fera l'objet des mesures de publicit\u00e9 prescrites par les lois et r\u00e8glements. Il sera affich\u00e9\nen mairie de Cublize et publi\u00e9 au recueil des actes administratifs de la Pr\u00e9fecture du Rh\u00f4ne.\nArticle 3 : D\u00e9lais et voies de recours\nConform\u00e9ment \u00e0 l'article R.421-1 du code de justice administrative, la pr\u00e9sente d\u00e9cision peut faire\nl'objet d'un recours contentieux, dans le d\u00e9lai de deux mois \u00e0 compter de sa notification, devant le\ntribunal  administratif  de  Lyon  (184,  rue  Duguesclin  \u2013  69 433  Lyon  Cedex  03,  ou  sur  l'application\nwww.telerecours.fr). Elle peut \u00e9galement faire l'objet d'un recours gracieux aupr\u00e8s de Madame la Pr\u00e9f\u00e8te\ndu Rh\u00f4ne. Cette d\u00e9marche interrompt le d\u00e9lai de recours contentieux, ce dernier devant \u00eatre introduit\ndans le d\u00e9lai de deux mois suivant une d\u00e9cision implicite ou explicite de l'autorit\u00e9 comp\u00e9tente (le\nsilence de l'administration pendant un d\u00e9lai de deux mois valant d\u00e9cision implicite de rejet).\nArticle     4   : Application.\nLe Pr\u00e9fet, Secr\u00e9taire g\u00e9n\u00e9ral de la pr\u00e9fecture du Rh\u00f4ne, pr\u00e9fet d\u00e9l\u00e9gu\u00e9 pour l'\u00e9galit\u00e9 des chances, le\nPr\u00e9sident de Communaut\u00e9 d'Agglom\u00e9ration de l'Ouest Rhodanien, le Maire de la commune de CUBLIZE\nsont charg\u00e9s, chacun en ce qui le concerne, de l'ex\u00e9cution du pr\u00e9sent arr\u00eat\u00e9 qui sera notifi\u00e9 \u00e0 Monsieur\nle Pr\u00e9sident de Communaut\u00e9 d'Agglom\u00e9ration de l'Ouest Rhodanien,\nPour la Pr\u00e9f\u00e8te et par d\u00e9l\u00e9gation,\nle directeur d\u00e9partemental des territoires\nPour le directeur d\u00e9partemental\n                    des Territoires du Rh\u00f4ne\n                           Le directeur adjoint\n         sign\u00e9\n    Nicolas ROUGIER\n69_DDT_Direction d\u00e9partementale des territoires du Rh\u00f4ne - 69-2025-07-24-00017 - Arr\u00eat\u00e9 pr\u00e9fectoral n\u00b0 DDT-SENR - 2025 - A100 du\n24 Juillet 2025\nportant application du r\u00e9gime forestier \u00e0 des parcelles de terrain situ\u00e9es sur la commune de Cublize\ndans le p\u00e9rim\u00e8tre de la for\u00eat du lac des sapins\nCommunaut\u00e9 d'Agglom\u00e9ration de l'Ouest Rhodanien\n32\n69_Pr\u00e9f_Pr\u00e9fecture du Rh\u00f4ne\n69-2025-08-29-00004\nArr\u00eat\u00e9 pr\u00e9fectoral portant autorisation de\nsignature pour l'engagement juridique et la\nliquidation des d\u00e9penses hors programme 354\n69_Pr\u00e9f_Pr\u00e9fecture du Rh\u00f4ne - 69-2025-08-29-00004 - Arr\u00eat\u00e9 pr\u00e9fectoral portant autorisation de signature pour l'engagement\njuridique et la liquidation des d\u00e9penses hors programme 354 33\nDirection de la coordination\ndes politiques interminist\u00e9rielles\nLyon, le 29 ao\u00fbt 2025\nARR\u00caT\u00c9 PR\u00c9FECTORAL N\u00b0                                        \nportant autorisation de signature pour l'engagement juridique\net la liquidation des d\u00e9penses hors programme 354\nLA PR\u00c9F\u00c8TE DE LA R\u00c9GION AUVERGNE-RH\u00d4NE-ALPES,\nPR\u00c9F\u00c8TE DE LA ZONE DE D\u00c9FENSE ET DE S\u00c9CURIT\u00c9 SUD-EST,\nPR\u00c9F\u00c8TE DU RH\u00d4NE\nCommandeur de la L\u00e9gion d'honneur\nCommandeur de l'ordre national du M\u00e9rite\nVu la loi organique n\u00b0 2001-692 du 1er ao\u00fbt 2001 modifi\u00e9e relative aux lois de finances ;\nVu la loi d'orientation n\u00b0 92-125 du 6 f\u00e9vrier 1992 modifi\u00e9e relative \u00e0 l'administration territoriale de  \nla R\u00e9publique ; \nVu la loi n\u00b0 82-213 du 2 mars 1982 modifi\u00e9e relative aux droits et libert\u00e9s des communes, des  \nd\u00e9partements et des r\u00e9gions ; \nVu la loi n\u00b0 2015-29 du 16 janvier 2015 relative \u00e0 la d\u00e9limitation des r\u00e9gions, aux \u00e9lections r\u00e9gionales  \net d\u00e9partementales et modifiant le calendrier \u00e9lectoral ;\nVu le d\u00e9cret n\u00b0 2002-84 du 16 janvier 2002 modifi\u00e9 relatif aux pouvoirs des pr\u00e9fets de zone ;\nVu le d\u00e9cret n\u00b0 2004-374 du 29 avril 2004 modifi\u00e9 relatif aux pouvoirs des pr\u00e9fets, \u00e0 l'organisation et \n\u00e0 l'action des services de l'\u00c9tat dans les r\u00e9gions et d\u00e9partements ; \nVu  le  d\u00e9cret  n\u00b0  2012-1246  du  7  novembre  2012  relatif  \u00e0  la  gestion  budg\u00e9taire  et  comptable \npublique ;\nVu le d\u00e9cret n\u00b0 2015-510 du 7 mai 2015 portant charte de la d\u00e9concentration ;\nVu le d\u00e9cret du 11 janvier 2023 en conseil des ministres portant nomination de Mme Fabienne  \nBUCCIO en qualit\u00e9 de pr\u00e9f\u00e8te de la r\u00e9gion Auvergne-Rh\u00f4ne-Alpes, pr\u00e9f\u00e8te de la zone de d\u00e9fense et  \nde s\u00e9curit\u00e9 Sud-Est, pr\u00e9f\u00e8te du Rh\u00f4ne (hors classe) ;\nVu le proc\u00e8s-verbal d'installation de Mme Fabienne BUCCIO en qualit\u00e9 de pr\u00e9f\u00e8te de la r\u00e9gion  \nAuvergne-Rh\u00f4ne-Alpes, pr\u00e9f\u00e8te de la zone de d\u00e9fense et de s\u00e9curit\u00e9 Sud-Est, pr\u00e9f\u00e8te du Rh\u00f4ne, \u00e0  \ncompter du 30 janvier 2023 ;\nVu le d\u00e9cret du 15 mai 2025 portant nomination du pr\u00e9fet, secr\u00e9taire g\u00e9n\u00e9ral de la pr\u00e9fecture du  \nRh\u00f4ne, pr\u00e9fet d\u00e9l\u00e9gu\u00e9 pour l'\u00e9galit\u00e9 des chances aupr\u00e8s de la pr\u00e9f\u00e8te de la r\u00e9gion Auvergne-Rh\u00f4ne-\nAlpes, pr\u00e9f\u00e8te de la zone de d\u00e9fense et de s\u00e9curit\u00e9 Sud-Est, pr\u00e9f\u00e8te du Rh\u00f4ne - M. Fabrice ROSAY ;\nVu  les  d\u00e9cisions  pr\u00e9fectorales  portant  affectation  des  personnels  au  sein  des  services  de  la \npr\u00e9fecture ;\n1/3\n69_Pr\u00e9f_Pr\u00e9fecture du Rh\u00f4ne - 69-2025-08-29-00004 - Arr\u00eat\u00e9 pr\u00e9fectoral portant autorisation de signature pour l'engagement\njuridique et la liquidation des d\u00e9penses hors programme 354 34\nSur proposition du pr\u00e9fet, secr\u00e9taire g\u00e9n\u00e9ral de la pr\u00e9fecture du Rh\u00f4ne ;\nARR\u00caTE\nArticle 1     :   Dans le cadre de la gestion des cr\u00e9dits pour lesquels la pr\u00e9f\u00e8te du d\u00e9partement du Rh\u00f4ne \nest ordonnateur secondaire, et dans le strict cadre de leurs attributions, d\u00e9l\u00e9gation est donn\u00e9e  \npour la signature des bons et des lettres de commandes (engagements juridiques), la constatation  \ndu  service  fait  et  l'\u00e9tablissement  de  certificats  administratifs  n\u00e9cessaires  \u00e0  certaines  mises  en \npaiement :\n\u2022 Pour un montant limit\u00e9 \u00e0 8 000 euros par commande     :  \n\u25e6 \u00e0 Mme Catherine MERIC , directrice des affaires juridiques et de l'administration locale,  \npour les affaires juridiques et contentieuses (programme 216-6) et  pour les op\u00e9rations  \nfinanci\u00e8res  li\u00e9es  \u00e0  l'organisation  des  \u00e9lections  politiques  (programme  232)  et  \nprofessionnelles.\nEn cas d'absence ou d'emp\u00eachement de Mme Catherine MERIC, d\u00e9l\u00e9gation est donn\u00e9e \u00e0  \nM. Thibault  PICHON-MATHIEU,  attach\u00e9,  chef  du  p\u00f4le  juridique  et  documentaire,  pour  le  \nprogramme 216-6.\n\u25e6 \u00e0 M. Ernest MOUTOUSSAMY, directeur de la s\u00e9curit\u00e9 et de la protection civile, pour les  \nprogrammes  161,  207  (commissions  m\u00e9dicales,  d\u00e9marches  interminist\u00e9rielles  et  \ncommunication) et 216 (affaires juridiques et contentieuses des expulsions locatives).\nEn cas d'absence ou d'emp\u00eachement de M. Ernest MOUTOUSSAMY, d\u00e9l\u00e9gation est donn\u00e9e \u00e0 \nM. Emmanuel BERNE, ing\u00e9nieur divisionnaire, chef du service interminist\u00e9riel de d\u00e9fense et de  \nprotection civiles, pour le programme 161 et \u00e0 M.  Richard WILPOTTE, attach\u00e9 principal, chef du  \nbureau des polices administratives pour les programmes 207 et 216.\n\u25e6 \u00e0  Mme  Maud  BESSON,  directrice  des  migrations  et  de  l'int\u00e9gration  pour  les  \nprogrammes  104  (int\u00e9gration  et  acc\u00e8s  \u00e0  la  nationalit\u00e9  fran\u00e7aise),  216-6  (affaires \njuridiques et contentieuses) et 303 (immigration et asile).\nEn cas d'absence ou d'emp\u00eachement de Mme Maud BESSON, d\u00e9l\u00e9gation est donn\u00e9e \u00e0 Mme \nMaryke LE MOGNE, attach\u00e9e principale, directrice adjointe des migrations et de l'int\u00e9gration, pour  \nles programmes 104, 216-6 et 303, \u00e0 M me Anne EUZET, attach\u00e9e principale,  cheffe du bureau de  \nl'asile et de l'h\u00e9bergement - guichet unique des demandeurs d'asile de Lyon, pour les programmes  \n104 et 303, et \u00e0 M. Patrick LAFABRIER, attach\u00e9 principal, chef du bureau des affaires g\u00e9n\u00e9rales et du \ncontentieux, pour le programme 216-6.\n\u2022 Pour un montant limit\u00e9 \u00e0 4 000 euros     par commande     :  \n\u25e6 Pour la direction des affaires juridiques et de l'administration locale :\n\u25aa \u00e0 M. Jamal BENZIK , attach\u00e9 principal, chef du bureau des r\u00e9glementations, des  \n\u00e9lections et des associations, pour le programme 232.\nEn cas d'absence ou d'emp\u00eachement de M. Jamal BENZIK, d\u00e9l\u00e9gation est donn\u00e9e \u00e0 Mme  \nDelphine LOPEZ-PERSAT, attach\u00e9e, adjointe au chef de bureau, pour un montant limit\u00e9 \u00e0 800 euros.\n\u25aa \u00e0 M. Thibault PICHON-MATHIEU , attach\u00e9, chef du p\u00f4le juridique et documentaire,  \npour le programme 216-6.\n\u2022 Pour un montant limit\u00e9 \u00e0 800 euros par commande     :  \n2/3\n69_Pr\u00e9f_Pr\u00e9fecture du Rh\u00f4ne - 69-2025-08-29-00004 - Arr\u00eat\u00e9 pr\u00e9fectoral portant autorisation de signature pour l'engagement\njuridique et la liquidation des d\u00e9penses hors programme 354 35\n\u25e6 Pour la direction de la s\u00e9curit\u00e9 et de la protection civile :\n\u25aa \u00e0 Mme Carole ZMYSLONY, attach\u00e9e, cheffe du bureau de la s\u00e9curit\u00e9 routi\u00e8re, pour  \nle programme 207 (s\u00e9curit\u00e9 routi\u00e8re).\n\u25aa \u00e0 Mme Marie PAUGET , attach\u00e9e, cheffe du bureau pr\u00e9vention, pour le programme  \n161.\n\u25aa \u00e0  M.  Richard  WILPOTTE ,  attach\u00e9  principal,  chef  du  bureau  des  polices  \nadministratives,  pour  les  programmes  207  (commissions  m\u00e9dicales,  d\u00e9marches \ninterminist\u00e9rielles et communication) et 216 (affaires juridiques et contentieuses des \nexpulsions locatives).\n\u25aa XXX, adjoint au chef de bureau, chef de la section r\u00e9glementation \u00e0 caract\u00e8re  \ns\u00e9curitaire, pour les programmes 207 et 216.\n\u25aa \u00e0 Mme C\u00e9cile DAFFIX , secr\u00e9taire administrative de classe exceptionnelle, cheffe de  \nla section r\u00e9glementation routi\u00e8re, pour les programmes 207 et 216.\n\u2022 Pour la constatation du service fait en ce qui concerne les d\u00e9penses d'honoraires d'avocats  \nsur le programme 216 action 6 (affaires juridiques et contentieuses)\nEn cas d'absence ou d'emp\u00eachement de Mme Maud BESSON, d\u00e9l\u00e9gation est donn\u00e9e \u00e0 Mme  \nMaryke  LE  MOGNE,  attach\u00e9e  principale,  directrice  adjointe  des  migrations  et  de  l'int\u00e9gration, \nM. Patrick LAFABRIER, attach\u00e9 principal, chef du bureau des affaires g\u00e9n\u00e9rales et du contentieux, \u00e0  \nM.  Alexandre  FOREL,  attach\u00e9,  adjoint  au  chef  de  bureau,  chef  de  la  section  contentieux,  \u00e0 \nMme Val\u00e9rie IKANDAKPEYE, secr\u00e9taire administrative de classe sup\u00e9rieure, \u00e0 M. Bruno COLLET,  \nadjoint administratif, et \u00e0 M. Philippe ALCARAZ, adjoint administratif.\nArticle  2  : Le  pr\u00e9sent  arr\u00eat\u00e9  peut  faire  l'objet  d'un  recours  contentieux  devant  le  tribunal \nadministratif  de  Lyon  dans  un  d\u00e9lai  de  deux  mois  \u00e0  compter  de  sa  publication.  Le  tribunal \nadministratif peut \u00eatre saisi d'une requ\u00eate d\u00e9pos\u00e9e sur le site www.telerecours.fr.\nArticle 3 :  Le pr\u00e9fet, secr\u00e9taire g\u00e9n\u00e9ral de la pr\u00e9fecture, pr\u00e9fet d\u00e9l\u00e9gu\u00e9 pour l'\u00e9galit\u00e9 des chances,  \nest charg\u00e9 de l'ex\u00e9cution du pr\u00e9sent arr\u00eat\u00e9 qui sera publi\u00e9 au recueil des actes administratifs de la  \npr\u00e9fecture du Rh\u00f4ne.\n3/3\nLa pr\u00e9f\u00e8te,\nSign\u00e9\nFabienne BUCCIO\n69_Pr\u00e9f_Pr\u00e9fecture du Rh\u00f4ne - 69-2025-08-29-00004 - Arr\u00eat\u00e9 pr\u00e9fectoral portant autorisation de signature pour l'engagement\njuridique et la liquidation des d\u00e9penses hors programme 354 36\n69_Pr\u00e9f_Pr\u00e9fecture du Rh\u00f4ne\n69-2025-08-29-00005\nArr\u00eat\u00e9 pr\u00e9fectoral portant d\u00e9l\u00e9gation de\nsignature \u00e0 M. Antoine GUERIN, pr\u00e9fet d\u00e9l\u00e9gu\u00e9\npour la d\u00e9fense et la s\u00e9curit\u00e9 aupr\u00e8s de la\npr\u00e9f\u00e8te de la r\u00e9gion Auvergne-Rh\u00f4ne-Alpes,\npr\u00e9f\u00e8te de la zone de d\u00e9fense et de s\u00e9curit\u00e9\nSud-Est, pr\u00e9f\u00e8te du Rh\u00f4ne\n69_Pr\u00e9f_Pr\u00e9fecture du Rh\u00f4ne - 69-2025-08-29-00005 - Arr\u00eat\u00e9 pr\u00e9fectoral portant d\u00e9l\u00e9gation de signature \u00e0 M. Antoine GUERIN, pr\u00e9fet\nd\u00e9l\u00e9gu\u00e9 pour la d\u00e9fense et la s\u00e9curit\u00e9 aupr\u00e8s de la pr\u00e9f\u00e8te de la r\u00e9gion Auvergne-Rh\u00f4ne-Alpes, pr\u00e9f\u00e8te de la zone de d\u00e9fense et de\ns\u00e9curit\u00e9 Sud-Est, pr\u00e9f\u00e8te du Rh\u00f4ne\n37\nDirection de la coordination\ndes politiques interminist\u00e9rielles\nLyon, le 29 ao\u00fbt 2025\nARR\u00caT\u00c9 PR\u00c9FECTORAL N\u00b0                                        \nportant d\u00e9l\u00e9gation de signature \u00e0 M. Antoine GUERIN,\npr\u00e9fet d\u00e9l\u00e9gu\u00e9 pour la d\u00e9fense et la s\u00e9curit\u00e9 aupr\u00e8s de la pr\u00e9f\u00e8te de la r\u00e9gion\nAuvergne-Rh\u00f4ne-Alpes, pr\u00e9f\u00e8te de la zone de d\u00e9fense et de s\u00e9curit\u00e9 Sud-Est, pr\u00e9f\u00e8te du Rh\u00f4ne\nLA PR\u00c9F\u00c8TE DE LA R\u00c9GION AUVERGNE-RH\u00d4NE-ALPES,\nPR\u00c9F\u00c8TE DE LA ZONE DE D\u00c9FENSE ET DE S\u00c9CURIT\u00c9 SUD-EST,\nPR\u00c9F\u00c8TE DU RH\u00d4NE\nCommandeur de la L\u00e9gion d'honneur\nCommandeur de l'ordre national du M\u00e9rite\nVu le code de la d\u00e9fense ;\nVu le code de la s\u00e9curit\u00e9 int\u00e9rieure ;\nVu le code du travail ;\nVu le code g\u00e9n\u00e9ral des collectivit\u00e9s territoriales ;\nVu le code de sant\u00e9 publique ;\nVu le code du sport ;\nVu la loi n\u00b0 82-213 du 2 mars 1982 modifi\u00e9e relative aux droits et libert\u00e9s des communes, des  \nd\u00e9partements et des r\u00e9gions ;\nVu la loi d'orientation n\u00b0 92-125 du 6 f\u00e9vrier 1992 modifi\u00e9e relative \u00e0 l'administration territoriale de  \nla R\u00e9publique ;\nVu la loi n\u00b0 95-73 du 21 janvier 1995 modifi\u00e9e d'orientation et de programmation relative \u00e0 la  \ns\u00e9curit\u00e9 ;\nVu la loi n\u00b0 96-369 du 3 mai 1996 relative aux services d'incendie et de secours ;\nVu la loi n\u00b0 99-291 du 15 avril 1999 modifi\u00e9e relative aux polices municipales ;\nVu la loi n\u00b0 2002-1094 du 29 ao\u00fbt 2002 modifi\u00e9e d'orientation et de programmation pour la s\u00e9curit\u00e9 \nint\u00e9rieure ;\nVu la loi n\u00b0 2003-239 du 18 mars 2003 modifi\u00e9e pour la s\u00e9curit\u00e9 int\u00e9rieure ;\nVu la loi n\u00b0 2004-811 du 13 ao\u00fbt 2004 modifi\u00e9e de modernisation de la s\u00e9curit\u00e9 civile ;\n1/9\n69_Pr\u00e9f_Pr\u00e9fecture du Rh\u00f4ne - 69-2025-08-29-00005 - Arr\u00eat\u00e9 pr\u00e9fectoral portant d\u00e9l\u00e9gation de signature \u00e0 M. Antoine GUERIN, pr\u00e9fet\nd\u00e9l\u00e9gu\u00e9 pour la d\u00e9fense et la s\u00e9curit\u00e9 aupr\u00e8s de la pr\u00e9f\u00e8te de la r\u00e9gion Auvergne-Rh\u00f4ne-Alpes, pr\u00e9f\u00e8te de la zone de d\u00e9fense et de\ns\u00e9curit\u00e9 Sud-Est, pr\u00e9f\u00e8te du Rh\u00f4ne\n38\nVu la loi n\u00b0 2008-174 du 25 f\u00e9vrier 2008 modifi\u00e9e relative \u00e0 la r\u00e9tention de s\u00fbret\u00e9 et \u00e0 la d\u00e9claration  \nd'irresponsabilit\u00e9 p\u00e9nale pour cause de trouble mental ;\nVu  la  loi  n\u00b0  2011-267  du  14  mars  2011  modifi\u00e9e  d'orientation  et  de  programmation  pour  la \nperformance de la s\u00e9curit\u00e9 int\u00e9rieure ;\nVu la loi n\u00b0 2011-672 du 16 juin 2011 relative \u00e0 l'immigration, \u00e0 l'int\u00e9gration et \u00e0 la nationalit\u00e9 ;\nVu la loi n\u00b0 2015-29 du 16 janvier 2015 relative \u00e0 la d\u00e9limitation des r\u00e9gions, aux \u00e9lections r\u00e9gionales  \net d\u00e9partementales et modifiant le calendrier \u00e9lectoral ;\nVu la loi n\u00b0 2020-856 du 9 juillet 2020 organisant la sortie de l'\u00e9tat d'urgence sanitaire ;\nVu le d\u00e9cret n\u00b0 93-377 du 18 mars 1993 modifi\u00e9 relatif aux pr\u00e9fets d\u00e9l\u00e9gu\u00e9s pour la s\u00e9curit\u00e9 et la  \nd\u00e9fense aupr\u00e8s des pr\u00e9fets de zone de d\u00e9fense ;\nVu  le  d\u00e9cret  n\u00b0  97-34  du  15  janvier  1997  modifi\u00e9  relatif  \u00e0  la  d\u00e9concentration  des  d\u00e9cisions \nadministratives individuelles ;\nVu le d\u00e9cret n\u00b0 97-199 du 5 mars 1997 modifi\u00e9 relatif au remboursement de certaines d\u00e9penses  \nsupport\u00e9es par les forces de police et de gendarmerie ;\nVu le d\u00e9cret n\u00b0 2004-374 du 29 avril 2004 modifi\u00e9 relatif aux pouvoirs des pr\u00e9fets, \u00e0 l'organisation et \n\u00e0 l'action des services de l'\u00c9tat dans les r\u00e9gions et d\u00e9partements ;\nVu le d\u00e9cret n\u00b0 2008-252 du 12 mars 2008 modifi\u00e9 relatif \u00e0 la r\u00e9mun\u00e9ration de certains services  \nrendus par le minist\u00e8re de l'int\u00e9rieur, de l'outre-mer et des collectivit\u00e9s territoriales ;\nVu le d\u00e9cret n\u00b0 2008-1023 du 6 octobre 2008 relatif au fichier judiciaire national automatis\u00e9 des  \nauteurs d'infractions sexuelles ou violentes et au casier judiciaire national automatis\u00e9 ;\nVu  le  d\u00e9cret  n\u00b0  2010-1298  du  28  octobre  2010  portant  attribution  de  produits  au  budget  du \nminist\u00e8re  de  l'int\u00e9rieur,  de  l'outre-mer,  des  collectivit\u00e9s  territoriales  et  de  l'immigration,  en \napplication du d\u00e9cret n\u00b0 97-199 modifi\u00e9 du 5 mars 1997 modifi\u00e9 relatif au remboursement de  \ncertaines d\u00e9penses support\u00e9es par les forces de police et de gendarmerie et du d\u00e9cret n\u00b0 2008-252  \ndu 12 mars 2008 modifi\u00e9 relatifs \u00e0 la r\u00e9mun\u00e9ration de certains services rendus par le minist\u00e8re de  \nl'int\u00e9rieur, de l'outre-mer et des collectivit\u00e9s territoriales ;\nVu le d\u00e9cret n\u00b0 2011-1049 du 6 septembre 2011 pris pour l'application de la loi n\u00b0 2011-672 du 16 juin \n2011 relative \u00e0 l'immigration, \u00e0 l'int\u00e9gration et \u00e0 la nationalit\u00e9 et relatif aux titres de s\u00e9jour ;\nVu le d\u00e9cret n\u00b0 2012-1246 du 7 novembre 2012 modifi\u00e9 relatif \u00e0 la gestion budg\u00e9taire et comptable  \npublique ;\nVu le d\u00e9cret n\u00b0 2012-1247 du 7 novembre 2012 portant adaptation de divers textes aux nouvelles  \nr\u00e8gles de la gestion budg\u00e9taire et comptable publique ;\nVu le d\u00e9cret n\u00b0 2015-510 du 7 mai 2015 portant charte de la d\u00e9concentration ;\nVu le d\u00e9cret n\u00b0 2017-440 du 30 mars 2017 relatif \u00e0 la s\u00e9curit\u00e9 des transports publics guid\u00e9s ; \nVu le d\u00e9cret n\u00b0 2023-530 du 29 juin 2023 relatif \u00e0 l'organisation de l'administration centrale de la  \npolice nationale et modifiant diverses dispositions relatives \u00e0 la police nationale ;\nVu le d\u00e9cret n\u00b0 2023-1013 du 2 novembre 2023 relatif aux services d\u00e9concentr\u00e9s et \u00e0 l'organisation  \nde la police nationale ;\nVu l'arr\u00eat\u00e9 minist\u00e9riel du 30 d\u00e9cembre 2005 portant d\u00e9concentration en mati\u00e8re de gestion des  \nfonctionnaires actifs des services de la police nationale ;\n2/9\n69_Pr\u00e9f_Pr\u00e9fecture du Rh\u00f4ne - 69-2025-08-29-00005 - Arr\u00eat\u00e9 pr\u00e9fectoral portant d\u00e9l\u00e9gation de signature \u00e0 M. Antoine GUERIN, pr\u00e9fet\nd\u00e9l\u00e9gu\u00e9 pour la d\u00e9fense et la s\u00e9curit\u00e9 aupr\u00e8s de la pr\u00e9f\u00e8te de la r\u00e9gion Auvergne-Rh\u00f4ne-Alpes, pr\u00e9f\u00e8te de la zone de d\u00e9fense et de\ns\u00e9curit\u00e9 Sud-Est, pr\u00e9f\u00e8te du Rh\u00f4ne\n39\nVu  l'arr\u00eat\u00e9  minist\u00e9riel  du  27  ao\u00fbt  2010  portant  d\u00e9concentration  en  mati\u00e8re  de  gestion  des \nfonctionnaires des corps techniques et scientifiques de la police nationale ;\nVu l'arr\u00eat\u00e9 du 28 octobre 2010 portant application de l'article 2 du d\u00e9cret n\u00b0 97-199 du 5 mars 1997 \nmodifi\u00e9 relatif au remboursement de certaines d\u00e9penses support\u00e9es par les forces de police et de  \ngendarmerie  et  de  l'article  1er  du  d\u00e9cret  n\u00b0  2008-252  du  12  mars  2008  modifi\u00e9  relatif  \u00e0  la \nr\u00e9mun\u00e9ration  de  certains  services  rendus  par  le  minist\u00e8re  de  l'int\u00e9rieur,  de  l'outre-mer  et  des \ncollectivit\u00e9s territoriales ;\nVu l'arr\u00eat\u00e9 du 24 d\u00e9cembre 2014 fixant le montant des remboursements de certaines d\u00e9penses  \nsupport\u00e9es par les forces de police et de gendarmerie ;\nVu l'arr\u00eat\u00e9 minist\u00e9riel du 26 janvier 2015 portant d\u00e9l\u00e9gation de pouvoir en mati\u00e8re de recrutement  \net de gestion des personnels administratifs du minist\u00e8re de l'int\u00e9rieur ;\nVu l'arr\u00eat\u00e9 pr\u00e9fectoral n\u00b0 2002-703 modifi\u00e9 du 23 janvier 2002 portant r\u00e8glement op\u00e9rationnel du  \nservice d\u00e9partemental-m\u00e9tropolitain d'incendie et de secours ;\nVu la circulaire n\u00b0 EFIZ1239322C du 28 novembre 2012 relative aux sanctions administratives suite \u00e0 \nproc\u00e8s verbal relevant une infraction pour travail ill\u00e9gal ;\nVu le d\u00e9cret du 11 janvier 2023 en conseil des ministres portant nomination de Mme Fabienne  \nBUCCIO en qualit\u00e9 de pr\u00e9f\u00e8te de la r\u00e9gion Auvergne-Rh\u00f4ne-Alpes, pr\u00e9f\u00e8te de la zone de d\u00e9fense et  \nde s\u00e9curit\u00e9 Sud-Est, pr\u00e9f\u00e8te du Rh\u00f4ne (hors classe) ;\nVu le proc\u00e8s-verbal d'installation de Mme Fabienne BUCCIO en qualit\u00e9 de pr\u00e9f\u00e8te de la r\u00e9gion  \nAuvergne-Rh\u00f4ne-Alpes, pr\u00e9f\u00e8te de la zone de d\u00e9fense et de s\u00e9curit\u00e9 Sud-Est, pr\u00e9f\u00e8te du Rh\u00f4ne, \u00e0  \ncompter du 30 janvier 2023 ;\nVu le d\u00e9cret du 17 f\u00e9vrier 2023 portant nomination de la directrice de cabinet de la pr\u00e9f\u00e8te de la  \nr\u00e9gion Auvergne-Rh\u00f4ne-Alpes, pr\u00e9f\u00e8te de la zone de d\u00e9fense et de s\u00e9curit\u00e9 Sud-Est, pr\u00e9f\u00e8te du  \nRh\u00f4ne - Mme Emmanuelle DARMON.\nVu le d\u00e9cret du 31 mai 2023 portant nomination de la sous-pr\u00e9f\u00e8te charg\u00e9e de mission aupr\u00e8s de la  \npr\u00e9f\u00e8te de la r\u00e9gion Auvergne-Rh\u00f4ne-Alpes, pr\u00e9f\u00e8te de la zone de d\u00e9fense et de s\u00e9curit\u00e9 Sud-Est,  \npr\u00e9f\u00e8te du Rh\u00f4ne - Mme Charlotte CREPON ;\nVu le d\u00e9cret du 3 juillet 2024 portant nomination de la secr\u00e9taire g\u00e9n\u00e9rale adjointe de la pr\u00e9fecture \ndu Rh\u00f4ne (groupe IV), sous-pr\u00e9f\u00e8te charg\u00e9e de mission aupr\u00e8s de la pr\u00e9f\u00e8te de la r\u00e9gion Auvergne-\nRh\u00f4ne-Alpes, pr\u00e9f\u00e8te de la zone de d\u00e9fense et de s\u00e9curit\u00e9 Sud-Est, pr\u00e9f\u00e8te du Rh\u00f4ne - Mme Judith  \nHUSSON ;\nVu le d\u00e9cret du 6 novembre 2024 en conseil des ministres portant nomination du pr\u00e9fet d\u00e9l\u00e9gu\u00e9  \npour la d\u00e9fense et la s\u00e9curit\u00e9 aupr\u00e8s de la pr\u00e9f\u00e8te de la r\u00e9gion Auvergne-Rh\u00f4ne-Alpes, pr\u00e9f\u00e8te de la  \nzone de d\u00e9fense et de s\u00e9curit\u00e9 Sud-Est, pr\u00e9f\u00e8te du Rh\u00f4ne \u2013  M. Antoine GUERIN ;\nVu le d\u00e9cret du 15 mai 2025 portant nomination du pr\u00e9fet, secr\u00e9taire g\u00e9n\u00e9ral de la pr\u00e9fecture du  \nRh\u00f4ne, pr\u00e9fet d\u00e9l\u00e9gu\u00e9 pour l'\u00e9galit\u00e9 des chances aupr\u00e8s de la pr\u00e9f\u00e8te de la r\u00e9gion Auvergne-Rh\u00f4ne-\nAlpes, pr\u00e9f\u00e8te de la zone de d\u00e9fense et de s\u00e9curit\u00e9 Sud-Est, pr\u00e9f\u00e8te du Rh\u00f4ne - M. Fabrice ROSAY ;\nVu le d\u00e9cret du 23 mai 2025 portant nomination de la sous-pr\u00e9f\u00e8te charg\u00e9e de mission aupr\u00e8s du  \npr\u00e9fet de la r\u00e9gion Auvergne-Rh\u00f4ne-Alpes, pr\u00e9fet de la zone de d\u00e9fense et de s\u00e9curit\u00e9 Sud-Est,  \npr\u00e9fet du Rh\u00f4ne - Mme Anne LAYBOURNE ;\nSur proposition du pr\u00e9fet d\u00e9l\u00e9gu\u00e9 pour la d\u00e9fense et la s\u00e9curit\u00e9 ;\nARR\u00caTE\n3/9\n69_Pr\u00e9f_Pr\u00e9fecture du Rh\u00f4ne - 69-2025-08-29-00005 - Arr\u00eat\u00e9 pr\u00e9fectoral portant d\u00e9l\u00e9gation de signature \u00e0 M. Antoine GUERIN, pr\u00e9fet\nd\u00e9l\u00e9gu\u00e9 pour la d\u00e9fense et la s\u00e9curit\u00e9 aupr\u00e8s de la pr\u00e9f\u00e8te de la r\u00e9gion Auvergne-Rh\u00f4ne-Alpes, pr\u00e9f\u00e8te de la zone de d\u00e9fense et de\ns\u00e9curit\u00e9 Sud-Est, pr\u00e9f\u00e8te du Rh\u00f4ne\n40\nArticle 1 : Dans le d\u00e9partement du Rh\u00f4ne d\u00e9l\u00e9gation de signature est donn\u00e9e \u00e0 M. Antoine GUERIN, \npr\u00e9fet d\u00e9l\u00e9gu\u00e9 pour la d\u00e9fense et la s\u00e9curit\u00e9, dans les mati\u00e8res int\u00e9ressant la direction et le contr\u00f4le \ndes services de police ainsi que la coordination op\u00e9rationnelle de l'ensemble des forces participant  \n\u00e0 la s\u00e9curit\u00e9.\nM. Antoine GUERIN,  est notamment habilit\u00e9 \u00e0 signer tous actes et d\u00e9cisions dans les domaines  \nsuivants :\n1. Maintien du bon ordre, de la s\u00fbret\u00e9 et de la tranquillit\u00e9 publique en application des articles  \nL 2212-1, L 2214-4, L 2215-1, L 2215-2, L 2215-3, L 2215-4 et L 2215-5 du code g\u00e9n\u00e9ral des  \ncollectivit\u00e9s territoriales.\n2. Interdiction  des  manifestations  sur  la  voie  publique  en  vertu  du  code  de  la  s\u00e9curit\u00e9 \nint\u00e9rieure.\n3. Emploi des forces de gendarmerie et des compagnies r\u00e9publicaines de s\u00e9curit\u00e9 pour assurer  \nles op\u00e9rations de maintien de l'ordre et de s\u00e9curisation .\n4. Concours apport\u00e9s par les services de police et de gendarmerie dans le cadre de prestations \nne pouvant \u00eatre rattach\u00e9es aux obligations normales incombant \u00e0 la puissance publique en  \nmati\u00e8re  de  s\u00e9curit\u00e9  et  d'ordre  publics  :  affectation  et  mise  \u00e0  disposition  d'agents, \nd\u00e9placement, emploi et mise \u00e0 disposition de v\u00e9hicules, de mat\u00e9riels ou d'\u00e9quipement et  \nprestations d'escorte.\n5. R\u00e9quisition  des  forces  arm\u00e9es  en  vue  de  leur  participation  au  maintien  de  l'ordre  en \napplication de l'article 28 de l'instruction interminist\u00e9rielle n\u00b0 500/SGDN du 20 juillet 1970.\n6. Mise en demeure et \u00e9vacuation forc\u00e9e des gens du voyage stationnant irr\u00e9guli\u00e8rement.\n7 . D\u00e9cisions relatives aux recours pour dommages caus\u00e9s par le refus de pr\u00eater le concours de  \nla force publique (\u00e0 l'exclusion de l'engagement financier de l'indemnisation).\n8. Gestion des personnels et des moyens des services de police, la mise en \u0153uvre du plan de  \nmodernisation de la police nationale et des mesures de formation des fonctionnaires de  \npolice.\n9. Prononciation des sanctions disciplinaires du premier groupe pour :\n- les personnels d'encadrement et d'application de la police nationale \u00e0 l'exception des  \npersonnels servant en administration centrale, dans les services de renseignement int\u00e9rieur,  \ndans les compagnies r\u00e9publicaines de s\u00e9curit\u00e9 et dans les structures de formation en qualit\u00e9 \nde formateur et d'\u00e9l\u00e8ves,\n- les techniciens de la police technique et scientifique, \n- les agents sp\u00e9cialis\u00e9s de la police technique et scientifique,\n-  les  adjoints  techniques  de  la  police  nationale  \u00e0  l'exception  de  ceux  servant  en \nadministration centrale.\n10. Saisine des commissions administratives paritaires locales si\u00e9geant en conseil de discipline.\n11. Fonctionnement du comit\u00e9 technique paritaire d\u00e9partemental des services de police.\n12. D\u00e9cisions relatives aux polices municipales telles qu'elles r\u00e9sultent de la loi n\u00b0 99-291 du 15  \navril 1999 et de ses d\u00e9crets d'application.\n13. D\u00e9cisions de fermeture d'\u00e9tablissements prises en application des dispositions de l'article L  \n8272-2 du code du travail.\nArticle  2  : Dans  le  d\u00e9partement  du  Rh\u00f4ne  d\u00e9l\u00e9gation  de  signature  est  \u00e9galement  donn\u00e9e  \u00e0 \nM. Antoine  GUERIN,  pr\u00e9fet  d\u00e9l\u00e9gu\u00e9  pour  la  d\u00e9fense  et  la  s\u00e9curit\u00e9, \u00e0  l'effet  de  signer  dans  les \nmati\u00e8res int\u00e9ressant la direction de la s\u00e9curit\u00e9 et de la protection civile, tous actes et d\u00e9cisions  \ndans les domaines suivants :\nI - R\u00c9GLEMENTATION CONCERNANT CERTAINES DISPOSITIONS DU CODE DE PROC\u00c9DURE \nP\u00c9NALE ET DU CODE P\u00c9NAL\n1. Avis  sur  la  lib\u00e9ration  conditionnelle  des  condamn\u00e9s  (article  730  du code  de  proc\u00e9dure \np\u00e9nale).\n2. Garde des d\u00e9tenus hospitalis\u00e9s (article D 386 du code de proc\u00e9dure p\u00e9nale).\n3. Pr\u00e9sidence du conseil d'\u00e9valuation des prisons (article D 180 du code de proc\u00e9dure p\u00e9nale).\n4. D\u00e9livrance des permis de visite aux d\u00e9tenus condamn\u00e9s hospitalis\u00e9s (article D 403 du code  \nde proc\u00e9dure p\u00e9nale).\n4/9\n69_Pr\u00e9f_Pr\u00e9fecture du Rh\u00f4ne - 69-2025-08-29-00005 - Arr\u00eat\u00e9 pr\u00e9fectoral portant d\u00e9l\u00e9gation de signature \u00e0 M. Antoine GUERIN, pr\u00e9fet\nd\u00e9l\u00e9gu\u00e9 pour la d\u00e9fense et la s\u00e9curit\u00e9 aupr\u00e8s de la pr\u00e9f\u00e8te de la r\u00e9gion Auvergne-Rh\u00f4ne-Alpes, pr\u00e9f\u00e8te de la zone de d\u00e9fense et de\ns\u00e9curit\u00e9 Sud-Est, pr\u00e9f\u00e8te du Rh\u00f4ne\n41\n5. Avis pour l'agr\u00e9ment des visiteurs de prison (D 472 du code de proc\u00e9dure p\u00e9nale), des  \nm\u00e9decins (article D 364 du code de proc\u00e9dure p\u00e9nale) et des prestataires de service.\n6. Avis sur les extractions de d\u00e9tenus en vertu de l'article D 316 du code de proc\u00e9dure p\u00e9nale.\n7 . Avis relatif \u00e0 la consultation du fichier judiciaire national des auteurs d'infraction sexuelles  \nou violentes pour les collectivit\u00e9s territoriales en vertu de l'article 706-53-7 du code de  \nproc\u00e9dure p\u00e9nale.\nII - POLICE G\u00c9N\u00c9RALE\n1. D\u00e9cisions concernant les syst\u00e8mes de vid\u00e9o-protection (Code de la S\u00e9curit\u00e9 Int\u00e9rieure art. L \n223-1 \u00e0 L 223-9, L 251-1 \u00e0 L 255-1 et art. R 251-1 \u00e0 R 253-4).\n2. D\u00e9cisions  de  fermeture  des  d\u00e9bits  de  boissons  (article  L  3332-15  du  code  de  la  sant\u00e9 \npublique)  et  octroi  des  d\u00e9rogations  aux  heures  de  fermeture  et  d'ouverture  de  ces \n\u00e9tablissements.\n3. D\u00e9cisions de fermeture des \u00e9tablissements fixes ou mobiles de vente \u00e0 emporter (art. L 332-\n1 du CSI).\n4. D\u00e9cisions de fermeture des \u00e9tablissements diffusant de la musique (art. L 333-1 du CSI).\n5. D\u00e9cisions de fermeture des \u00e9tablissements pour travail dissimul\u00e9 (art. L 8272-2 du Code du  \nTravail).\n6. D\u00e9cisions de transfert de licence III ou IV (art. L 3332-11 du Code de la sant\u00e9 publique).\n7 . Institution des zones de protection et r\u00e9glementation de l'acc\u00e8s aux mineurs (art. L 3335-1, L \n3335-2, L 3335-8, L 3335-11,et L 3342-3 du code de la sant\u00e9 publique-d\u00e9cret n\u00b0 72-35 du 14  \njanvier 1972).\n8. Police des cercles et des casinos.\n9. D\u00e9cisions relatives aux concours de la force publique et aux expulsions locatives.\n10. Exercice des pouvoirs conf\u00e9r\u00e9s au Pr\u00e9fet par le Code de S\u00e9curit\u00e9 Int\u00e9rieure livre III titre 1 er \nfixant le r\u00e9gime des mat\u00e9riels de guerre, armes et munitions, leur acquisition, d\u00e9tention et  \nport.\n11. Autorisation des manifestations publiques de sports de combat (art R331-46 \u00e0 R331-54 du  \ncode du sport).\n12. Interdictions administratives de stade (art. L 332-16 du code du sport).\n13. D\u00e9cision restreignant la libert\u00e9 d'aller et venir des personnes se pr\u00e9valant de la qualit\u00e9 de  \nsupporter d'une \u00e9quipe ou se comportant comme tel (art. L 3332-16-2 du code du sport).\n14. Arr\u00eat\u00e9 relatif \u00e0 l'\u00e9tablissement des listes pr\u00e9paratoires de la liste annuelle du jury d'assises  \ndu Rh\u00f4ne.\nIII - R\u00c9GLEMENTATION PROFESSIONNELLE\n1. Double agr\u00e9ment des agents de s\u00fbret\u00e9 a\u00e9roportuaire (CSI livre VI - art. L 612-6 \u00e0 L 612-8 et L  \n612-9 \u00e0 L 612-13).\n2. Surveillance exceptionnelle de la voie publique par des agents de s\u00e9curit\u00e9 (CSI livre VI \u2013 art.  \nL 613-2 et R 613-5).\n3. Agr\u00e9ment des gardes particuliers et reconnaissance de l'aptitude des gardes particuliers.\nIV - R\u00c9GLEMENTATION G\u00c9N\u00c9RALE - A\u00c9RONAUTIQUE - FERROVIAIRE - ROUTI\u00c8RE - \nFLUVIALE - COMMERCIALE ET TOURISTIQUE\nA - A\u00e9ronautique\n1. Exercice des pouvoirs conf\u00e9r\u00e9s au Pr\u00e9fet par les articles R 131-3, D 233-2 et D 132-4 du code  \nde l'aviation civile et l'arr\u00eat\u00e9 du 10 octobre 1957 relatifs aux atterrissages, d\u00e9collages et  \n\u00e9volutions d'a\u00e9ronefs et objets volants y compris lors de spectacles publics.\n2. Police des installations a\u00e9ronautiques, des a\u00e9rodromes et des a\u00e9roports (article L 6332-2 du  \ncode des transports et d\u00e9cret n\u00b0 74-77 du 1er f\u00e9vrier 1974).\n3. Exercice des pouvoirs conf\u00e9r\u00e9s au Pr\u00e9fet par les articles D 233-2, D 233-6, D 233-8 du code  \nde l'aviation civile.\n4. Agr\u00e9ment des associations a\u00e9ronautiques (arr\u00eat\u00e9 minist\u00e9riel du 9 mai 1984).\n5/9\n69_Pr\u00e9f_Pr\u00e9fecture du Rh\u00f4ne - 69-2025-08-29-00005 - Arr\u00eat\u00e9 pr\u00e9fectoral portant d\u00e9l\u00e9gation de signature \u00e0 M. Antoine GUERIN, pr\u00e9fet\nd\u00e9l\u00e9gu\u00e9 pour la d\u00e9fense et la s\u00e9curit\u00e9 aupr\u00e8s de la pr\u00e9f\u00e8te de la r\u00e9gion Auvergne-Rh\u00f4ne-Alpes, pr\u00e9f\u00e8te de la zone de d\u00e9fense et de\ns\u00e9curit\u00e9 Sud-Est, pr\u00e9f\u00e8te du Rh\u00f4ne\n42\n5. D\u00e9livrance des habilitations en zone r\u00e9serv\u00e9e a\u00e9roportuaires pr\u00e9vues par l'article R 213-5 du  \ncode de l'aviation civile.\n6. D\u00e9livrance  des  habilitations  hors  zone  r\u00e9serv\u00e9e  a\u00e9roportuaire  pr\u00e9vues  par  la  circulaire \nNORINT/A/07/00100/C  du  3  octobre  2007  pour  les  personnes  devant  acc\u00e9der  aux  sites \ns\u00e9curit\u00e9s des \u00ab chargeurs connus \u00bb et \u00ab agents habilit\u00e9s \u00bb, des \u00ab \u00e9tablissements connus \u00bb, ou  \nceux de leurs sous-traitants.\n7 . Autorisations des manifestations a\u00e9riennes (article R1321-3 du Code de l'aviation civile).\n8. D\u00e9rogations aux hauteurs de survol et autorisations de p\u00e9n\u00e9trer en ZRT.\nB - Ferroviaire\n1. Exercice des pouvoirs conf\u00e9r\u00e9s au Pr\u00e9fet par la loi du 15 juillet 1845 modifi\u00e9e et le d\u00e9cret du  \n22 mars 1942 relatifs \u00e0 la circulation, l'arr\u00eat et le stationnement des v\u00e9hicules dans les cours  \ndes  gares  et  l'int\u00e9grit\u00e9  des  voies  ferr\u00e9es,  de  leurs  accessoires  et  d\u00e9pendances  et  la \ncirculation des convois.\nC - Routi\u00e8re\n1. D\u00e9signation des membres de la commission d\u00e9partementale de s\u00e9curit\u00e9 routi\u00e8re.\n2. D\u00e9signation des membres de la commission locale des transports publics particuliers de  \npersonnes.\n3. Missions  d\u00e9partementales  de  proximit\u00e9  relatives  aux  permis  de  conduire  :  \nsuspension/annulation, commissions m\u00e9dicales, saisie des d\u00e9cisions judiciaires.\n4. Missions  d\u00e9partementales  de  proximit\u00e9  relatives  aux  syst\u00e8mes  d'immatriculation  des \nv\u00e9hicules  :  inscriptions  et  lev\u00e9e  des  immobilisations,  inscription  des  saisies,  lev\u00e9e \nd'opposition \u00e0 transfert sur certificat d'immatriculation, inscriptions de la remise du titre  \naux forces de l'ordre et de la restitution d'un titre retenu, enqu\u00eate en cas de num\u00e9ro de s\u00e9rie \nen doublon ou de correction de num\u00e9ro de s\u00e9rie.\n5. Arr\u00eat\u00e9s  relatifs  \u00e0  la  circulation  routi\u00e8re  sur  la  voirie  nationale  et  sur  les  voies  \nd\u00e9partementales class\u00e9es routes \u00e0 grande circulation (articles R 411.4, R 411.8, R 411.18, R  \n415.8, R 415.10 et R 421.3 du code de la route) et aux transports de mati\u00e8res dangereuses  \n(arr\u00eat\u00e9 minist\u00e9riel du 15 avril 1945).\n6. Homologation  des  circuits  de  vitesse  et  autorisation  des  \u00e9preuves  sportives  sur  la  voie \npublique ou dans les lieux non ouverts \u00e0 la circulation publique et comportant des v\u00e9hicules \n\u00e0 moteur en application des articles R 331-6 \u00e0 R 331-44 du code du sport.\n7 . Habilitation de certains agents des services publics urbains, de transport en commun de  \nvoyageurs,  \u00e0  constater  les  infractions  qui  affectent  en  agglom\u00e9ration,  la  circulation,  le \nstationnement et l'arr\u00eat des v\u00e9hicules de ces services en application du d\u00e9cret du 15 janvier  \n1997 .\n8. Agr\u00e9ment des \u00e9tablissements relatifs \u00e0 l'\u00e9ducation routi\u00e8re, des centres de sensibilisation \u00e0  \nla s\u00e9curit\u00e9 routi\u00e8re, des centres de formation \u00e0 la profession de chauffeur de taxi, \u00e0 la  \nprofession de chauffeur VTC, \u00e0 la profession d'enseignant de la conduite.\n9. Arr\u00eat\u00e9s relatifs \u00e0 la profession de chauffeur de taxi, de chauffeur VTC, d'enseignant de la  \nconduite et d'animateur de stages de sensibilisation \u00e0 la s\u00e9curit\u00e9 routi\u00e8re.\n10. Agr\u00e9ment des gardiens de fourri\u00e8re.\nD - Fluviale\n1. R\u00e9glementation de la circulation de la navigation et des activit\u00e9s sportives et touristiques  \nsur le Rh\u00f4ne et la Sa\u00f4ne.\nE - Transports publics guid\u00e9s \n1. Arr\u00eat\u00e9s  portant  sur  l'approbation  des  dossiers  relatifs  \u00e0  la  s\u00e9curit\u00e9  et  autorisation \nd'exploitation en application du d\u00e9cret n\u00b02017-440 du  30 mars 2017 relatif \u00e0 la s\u00e9curit\u00e9 des  \ntransports publics guid\u00e9s.\n6/9\n69_Pr\u00e9f_Pr\u00e9fecture du Rh\u00f4ne - 69-2025-08-29-00005 - Arr\u00eat\u00e9 pr\u00e9fectoral portant d\u00e9l\u00e9gation de signature \u00e0 M. Antoine GUERIN, pr\u00e9fet\nd\u00e9l\u00e9gu\u00e9 pour la d\u00e9fense et la s\u00e9curit\u00e9 aupr\u00e8s de la pr\u00e9f\u00e8te de la r\u00e9gion Auvergne-Rh\u00f4ne-Alpes, pr\u00e9f\u00e8te de la zone de d\u00e9fense et de\ns\u00e9curit\u00e9 Sud-Est, pr\u00e9f\u00e8te du Rh\u00f4ne\n43\nV - PROTECTION CIVILE\nLes arr\u00eat\u00e9s, d\u00e9cisions et actes relevant des attributions du service interminist\u00e9riel de d\u00e9fense et de  \nla protection civile et, en particulier :\n1. Pr\u00e9paration, \u00e9tablissement et ex\u00e9cution des plans de secours,\n2. Pr\u00e9paration, \u00e9tablissement et ex\u00e9cution des mesures non militaires de d\u00e9fense,\n3. Avis sur les plans de secours \u00e9labor\u00e9s par les collectivit\u00e9s et entreprises \u00e0 risques,\n4. Gestion des outils op\u00e9rationnels,\n5. Avis sur les dossiers des installations class\u00e9es pour la protection de l'environnement et  \nparticipation  au  conseil  d\u00e9partemental  de  l'environnement  et  des  risques  sanitaires  et \ntechnologiques,\n6. Suivi et gestion des secteurs et activit\u00e9s d'importance vitale : avis sur les plans de s\u00e9curit\u00e9  \ndes op\u00e9rateurs, approbation des plans particuliers de protection et \u00e9tablissement des plans  \nde protection externes,\n7 . Suivi et gestion des syst\u00e8mes d'alerte de la population,\n8. Organisation et participation aux travaux de la commission consultative d\u00e9partementale de  \ns\u00e9curit\u00e9  et  d'accessibilit\u00e9  ainsi  que  des  diff\u00e9rentes  sous-commissions  auxquelles  sont \nd\u00e9l\u00e9gu\u00e9es ses comp\u00e9tences,\n9. Suivi des avis d\u00e9favorables \u00e9mis par les commissions de s\u00e9curit\u00e9,  et, en cas de carence du  \nmaire, fermeture des \u00e9tablissements recevant du public concern\u00e9s,\n10. Exercice des pouvoirs de police du pr\u00e9fet dans les immeubles de grande hauteur et les  \n\u00e9tablissements recevant du public relevant de sa comp\u00e9tence,\n11. Information pr\u00e9ventive de la population en application de l'article L 124-1 et suivants du  \ncode de l'environnement,\n12. D\u00e9veloppement du secourisme : suivi et agr\u00e9ment des associations, organisation des jurys et \nexamens  de  secourisme,  d\u00e9livrance  des  dipl\u00f4mes,  conventions  avec  les  associations  de \nsecourisme agr\u00e9\u00e9es,\n13. Organisation et suivi du conseil d\u00e9partemental de s\u00e9curit\u00e9 civile, correspondances avec les \n\u00e9lus,\n14. Instruction  des  demandes  de  reconnaissance  de  l'\u00e9tat  de  catastrophe  naturelle  et \nnotification des d\u00e9cisions de la commission interminist\u00e9rielle,\n15. Mesures d'urgence relatives \u00e0 la s\u00e9curit\u00e9 de la navigation fluviale,\n16. Agr\u00e9ments techniques et autorisations d'exploitation (art R 2352-110 du code de la d\u00e9fense) \npour les d\u00e9p\u00f4ts et d\u00e9bits de produits explosifs,\n17 .Suspension d'activit\u00e9 et d'agr\u00e9ment technique des d\u00e9p\u00f4ts et d\u00e9bits de produits explosifs  \n(art R 2352-95 et 107 du code de la d\u00e9fense),\n18. Autorisations d'acquisition de produits explosifs et de d\u00e9tonateurs (art R 2352-74 du code  \nde la d\u00e9fense) quelque soit les quantit\u00e9s et autorisations d'utiliser d\u00e8s leur r\u00e9ception les  \nproduits explosifs \npour des quantit\u00e9s \u00e9gales ou sup\u00e9rieures \u00e0 25 kg et (ou) 500 d\u00e9tonateurs (art R 2352-81 du  \ncode de la d\u00e9fense),\n19. Autorisations de transports de produits explosifs, habilitations \u00e0 la garde, \u00e0 la mise en \u0153uvre \net au tir de produits explosifs et agr\u00e9ments \u00e0 la connaissance des mouvements de produits  \nexplosifs (art R 2352-76, 87 et 118 du code de la d\u00e9fense),\n20. R\u00e9glementation des artifices de divertissement,\n21. D\u00e9claration des spectacles pyrotechniques de cat\u00e9gorie 4 (ou C4), T2 ou de plus de 35 kilos  \nde mati\u00e8re active ; validation d\u00e8s la qualification des artificiers de niveau 1 et 2  ; d\u00e9livrance \ndes agr\u00e9ments pour l'usage des artifices de cat\u00e9gorie 2 et 3 destin\u00e9s \u00e0 \u00eatre lanc\u00e9s \u00e0 l'aide  \nd'un mortier,\n22. Agr\u00e9ment des d\u00e9p\u00f4ts d'artifices de divertissement et agr\u00e9ments des centres d\u00e9livrant la  \nformation relative au certificat de qualification,\n23. D\u00e9livrance conjointe, avec le recteur d'Acad\u00e9mie, du certificat de pr\u00e9pos\u00e9 au tir.\nVI \u2013 SECURITE ROUTIERE\nLes arr\u00eat\u00e9s, d\u00e9cisions et actes relatifs \u00e0 la pr\u00e9vention de la d\u00e9linquance routi\u00e8re et \u00e0 la lutte contre  \nl'ins\u00e9curit\u00e9 routi\u00e8re, \u00e0 l'\u00e9laboration et \u00e0 la mise en \u0153uvre du PDASR et du programme ECPA.\n7/9\n69_Pr\u00e9f_Pr\u00e9fecture du Rh\u00f4ne - 69-2025-08-29-00005 - Arr\u00eat\u00e9 pr\u00e9fectoral portant d\u00e9l\u00e9gation de signature \u00e0 M. Antoine GUERIN, pr\u00e9fet\nd\u00e9l\u00e9gu\u00e9 pour la d\u00e9fense et la s\u00e9curit\u00e9 aupr\u00e8s de la pr\u00e9f\u00e8te de la r\u00e9gion Auvergne-Rh\u00f4ne-Alpes, pr\u00e9f\u00e8te de la zone de d\u00e9fense et de\ns\u00e9curit\u00e9 Sud-Est, pr\u00e9f\u00e8te du Rh\u00f4ne\n44\nVII - CONTENTIEUX\nM\u00e9moires  et  d\u00e9f\u00e9r\u00e9s  aupr\u00e8s  des  diff\u00e9rentes  juridictions  dans  les  domaines  qui  rel\u00e8vent  de  sa \ncomp\u00e9tence.\nArticle  3  : Dans  le  d\u00e9partement  du  Rh\u00f4ne  d\u00e9l\u00e9gation  de  signature  est  \u00e9galement  donn\u00e9e  \u00e0 \nM. Antoine GUERIN, pr\u00e9fet d\u00e9l\u00e9gu\u00e9 pour la d\u00e9fense et la s\u00e9curit\u00e9,  \u00e0 l'effet de signer, les arr\u00eat\u00e9s,  \nd\u00e9cisions et actes relevant des attributions du service d\u00e9partemental-m\u00e9tropolitain d'incendie et  \nde secours.\nArticle 4 :  D\u00e9l\u00e9gation de signature est en outre donn\u00e9e \u00e0 M. Antoine GUERIN \u00e0 l'effet de signer, au \nniveau  d\u00e9partemental,  tous  arr\u00eat\u00e9s,  d\u00e9cisions,  circulaires  relevant  des  attributions  de  l'\u00c9tat  en \nmati\u00e8re de pr\u00e9vention de la d\u00e9linquance.\nArticle 5 :  En cas d'absence ou d'emp\u00eachement de M. Antoine GUERIN, la d\u00e9l\u00e9gation de signature  \nvis\u00e9e aux articles 1, 2, 3 et 4 est donn\u00e9e \u00e0  M. Fabrice ROSAY, pr\u00e9fet, secr\u00e9taire g\u00e9n\u00e9ral de la  \npr\u00e9fecture du Rh\u00f4ne, pr\u00e9fet d\u00e9l\u00e9gu\u00e9 pour l'\u00e9galit\u00e9 des chances  aupr\u00e8s de la pr\u00e9f\u00e8te de la r\u00e9gion  \nAuvergne-Rh\u00f4ne-Alpes, pr\u00e9f\u00e8te de la zone de d\u00e9fense et de s\u00e9curit\u00e9 Sud-Est, pr\u00e9f\u00e8te du Rh\u00f4ne, ou \nen son absence ou emp\u00eachement \u00e0 Mme Emmanuelle DARMON, directrice de cabinet de la pr\u00e9f\u00e8te \nde la r\u00e9gion Auvergne-Rh\u00f4ne-Alpes, pr\u00e9f\u00e8te de la zone de d\u00e9fense et de s\u00e9curit\u00e9 Sud-Est, pr\u00e9f\u00e8te du \nRh\u00f4ne, ou en son absence ou emp\u00eachement  \u00e0  Mme  Judith HUSSON ,  sous-pr\u00e9f\u00e8te charg\u00e9e de  \nmission aupr\u00e8s de la pr\u00e9f\u00e8te de la r\u00e9gion Auvergne-Rh\u00f4ne-Alpes, pr\u00e9f\u00e8te de la zone de d\u00e9fense et  \nde s\u00e9curit\u00e9 Sud-Est, pr\u00e9f\u00e8te du Rh\u00f4ne,  ou en son absence ou emp\u00eachement,  \u00e0 Mme Charlotte  \nCREPON, sous-pr\u00e9f\u00e8te charg\u00e9e de mission aupr\u00e8s de la pr\u00e9f\u00e8te de la r\u00e9gion Auvergne-Rh\u00f4ne-Alpes, \npr\u00e9f\u00e8te de la zone de d\u00e9fense et de s\u00e9curit\u00e9 Sud-Est, pr\u00e9f\u00e8te du Rh\u00f4ne, o u en son absence ou  \nemp\u00eachement  \u00e0  M.  Jean-Marc  GALLAND,  sous-pr\u00e9fet  de  l'arrondissement  de  Villefranche-sur-\nSa\u00f4ne, ou en son absence ou emp\u00eachement  \u00e0 Mme Anne LAYBOURNE, sous-pr\u00e9f\u00e8te charg\u00e9e de  \nmission aupr\u00e8s de la pr\u00e9f\u00e8te de la r\u00e9gion Auvergne-Rh\u00f4ne-Alpes, pr\u00e9f\u00e8te de la zone de d\u00e9fense et  \nde s\u00e9curit\u00e9 Sud-Est, pr\u00e9f\u00e8te du Rh\u00f4ne.\nArticle 6 :  En cas d'absence ou d'emp\u00eachement de M. Antoine GUERIN , la d\u00e9l\u00e9gation de signature  \nvis\u00e9e \u00e0 l'article 2-V est \u00e9galement donn\u00e9e \u00e0 M. Ernest MOUTOUSSAMY, directeur de la s\u00e9curit\u00e9 et  \nde la protection civile. En cas d'absence ou d'emp\u00eachement de M. Ernest  MOUTOUSSAMY, la  \nd\u00e9l\u00e9gation de signature est donn\u00e9e \u00e0 :\n\u2022 M. Emmanuel BERNE, ing\u00e9nieur divisionnaire, chef du service interminist\u00e9riel de d\u00e9fense et  \nde protection civiles,\n\u2022 Mme Sylvia LEGRIS, attach\u00e9e, chef du bureau de la planification, de la d\u00e9fense et des  \nrisques sanitaires,\n\u2022 Mme Marie PAUGET, attach\u00e9e, chef du bureau pr\u00e9vention.\nArticle 7 :  En cas d'absence ou d'emp\u00eachement de M. Antoine GUERIN , la d\u00e9l\u00e9gation de signature  \nvis\u00e9e  \u00e0  l'article  3  est  \u00e9galement  donn\u00e9e  au  contr\u00f4leur  g\u00e9n\u00e9ral  St\u00e9phane  GOUEZEC,  directeur \nd\u00e9partemental  et  m\u00e9tropolitain  des  services  d'incendie  et  de  secours.  En  cas  d'absence  ou \nd'emp\u00eachement  du  contr\u00f4leur  g\u00e9n\u00e9ral  St\u00e9phane  GOUEZEC,  directeur  d\u00e9partemental  et  \nm\u00e9tropolitain, la d\u00e9l\u00e9gation de signature est donn\u00e9e au :\n\u2022 Colonel Lionel CHABERT, directeur des groupements territoriaux,\n\u2022 Lieutenant-colonel S\u00e9bastien PONTET, directeur de la pr\u00e9vention et de l'organisation des  \nsecours,\n\u2022 Lieutenant-colonel Dominique DREVET, directeur des ressources humaines,\n\u2022 Lieutenant-colonel J\u00e9r\u00f4me BELLERET, directeur des moyens mat\u00e9riels.\nArticle 8 :  En cas d'absence ou d'emp\u00eachement de M. Antoine GUERIN , la d\u00e9l\u00e9gation de signature  \nvis\u00e9e \u00e0 l'article 2-II alin\u00e9a 1, alin\u00e9as 3 \u00e0 13, \u00e0 l'article 2-III, \u00e0 l'article 2-IV-A alin\u00e9as 1, 2, 3, 4, 7 et 8, \u00e0 \nl'article 2-IV-B, \u00e0 l'article 2-IV-C alin\u00e9as 2  \u00e0 10 , \u00e0 l'article 2-IV-D, et \u00e0 l'article 2-VI est donn\u00e9e \u00e0  \nM. Ernest MOUTOUSSAMY, directeur de la s\u00e9curit\u00e9 et de la protection civile.\nLa d\u00e9l\u00e9gation de signature vis\u00e9e \u00e0 l'article 2-II alin\u00e9a 1 et alin\u00e9as 3 \u00e0 11, \u00e0 l'article 2-III, \u00e0 l'article 2-IV-\nC alin\u00e9as 3, 4, et de l'alin\u00e9a 6 \u00e0 10 et de l'article 2-IV-D, est \u00e9galement donn\u00e9e \u00e0  M. Richard  \nWILPOTTE, attach\u00e9 principal, chef du bureau des polices administratives.\n8/9\n69_Pr\u00e9f_Pr\u00e9fecture du Rh\u00f4ne - 69-2025-08-29-00005 - Arr\u00eat\u00e9 pr\u00e9fectoral portant d\u00e9l\u00e9gation de signature \u00e0 M. Antoine GUERIN, pr\u00e9fet\nd\u00e9l\u00e9gu\u00e9 pour la d\u00e9fense et la s\u00e9curit\u00e9 aupr\u00e8s de la pr\u00e9f\u00e8te de la r\u00e9gion Auvergne-Rh\u00f4ne-Alpes, pr\u00e9f\u00e8te de la zone de d\u00e9fense et de\ns\u00e9curit\u00e9 Sud-Est, pr\u00e9f\u00e8te du Rh\u00f4ne\n45\nArticle  9  : En  cas  d'absence  ou  d'emp\u00eachement  de  M.  Antoine  GUERIN,  de  M.  Ernest \nMOUTOUSSAMY et de M. Richard WILPOTTE , la d\u00e9l\u00e9gation de signature vis\u00e9e \u00e0 l'article 2-II alin\u00e9a  \n10, \u00e0 l'article 2-III, \u00e0 l'article 2-IV-C alin\u00e9as 3, 4 et de l'alin\u00e9a 6 \u00e0 10 et \u00e0 l'article 2-IV-D est \u00e9galement \ndonn\u00e9e  \u00e0  Mme  C\u00e9cile  DAFFIX,  secr\u00e9taire  administrative  de  classe  exceptionnelle,  cheffe  de  la \nsection r\u00e9glementation routi\u00e8re.\nArticle 10 : En cas d'absence ou d'emp\u00eachement de M. Ernest MOUTOUSSAMY, la d\u00e9l\u00e9gation vis\u00e9e \n\u00e0 l'article 2-VI est donn\u00e9e  \u00e0  Mme  Carole ZMYSLONY, attach\u00e9e, cheffe du bureau de la s\u00e9curit\u00e9  \nrouti\u00e8re, \u00e0 l'exception des actes \u00e0 caract\u00e8re r\u00e9glementaire.\nArticle 11 : D\u00e9l\u00e9gation est donn\u00e9e \u00e0 Mme Patricia GONACHON, commissaire g\u00e9n\u00e9rale, directrice de \ncabinet, \u00e0 l'effet de signer d'une mani\u00e8re permanente tous les documents \u00e9tablis par le cabinet du  \npr\u00e9fet d\u00e9l\u00e9gu\u00e9 pour la d\u00e9fense et la s\u00e9curit\u00e9 autres que ceux vis\u00e9s \u00e0 l'article 1, \u00e0 l'article 2-II \u00e0 V et \u00e0  \nl'article 3, sous r\u00e9serve des dispositions de l'alin\u00e9a suivant, \u00e0 l'exception des actes \u00e0 caract\u00e8re  \nr\u00e9glementaire.\nEn cas d'absence ou d'emp\u00eachement de  M. Antoine GUERIN , la d\u00e9l\u00e9gation de signature vis\u00e9e \u00e0  \nl'article 1, alin\u00e9as 3, 10, et 11, \u00e0 l'article 2-I, \u00e0 l'article 2-IV-A, alin\u00e9as 5 et 6, \u00e0 l'article 2-IV-C alin\u00e9a 3  \nest donn\u00e9e \u00e0 Mme Patricia GONACHON.\nEn cas d'absence ou d'emp\u00eachement  de Mme Patricia GONACHON,  la d\u00e9l\u00e9gation de signature  \nvis\u00e9e \u00e0 l'article 2-IV-C alin\u00e9a 3 est donn\u00e9e \u00e0 M. Pierrick DESPLANQUES, commissaire, \u00e0 M. Philippe  \nVAILLER,  colonel,  \u00e0  M.  St\u00e9phane  CERNA,  commandant,  \u00e0  M.  Laurent  HYP ,  commandant,  \u00e0 \nM. Fabrice MAZAUDIER, capitaine, \u00e0 M. TH\u00c9O RIVOIRE, attach\u00e9 principal, et \u00e0 Mme Claire GRAND, \nsecr\u00e9taire administratif de classe normale.\nArticle 12 :  En cas d'absence ou d'emp\u00eachement de M. Antoine GUERIN, la d\u00e9l\u00e9gation de signature \nvis\u00e9e \u00e0 l'article 1 alin\u00e9a 9 est donn\u00e9e \u00e0 Mme B\u00e9atrice BRUN, inspectrice g\u00e9n\u00e9rale des services actifs  \nde  la  police  nationale,  directrice  zonale  de  la  police  nationale  \u00e0  Lyon dans  la  limite  de  ses \nattributions et pour son service.\nArticle 13 : En cas d'absence ou d'emp\u00eachement de M. Antoine GUERIN, la d\u00e9l\u00e9gation de signature \nvis\u00e9e \u00e0 l'article 1 alin\u00e9a 4 est donn\u00e9e \u00e0 M. Nelson BOUARD, inspecteur g\u00e9n\u00e9ral des services actifs de \nla police nationale, directeur interd\u00e9partemental de la police nationale \u00e0 Lyon, dans la limite de ses \nattributions et pour son service.\nArticle 14 : En cas d'absence ou d'emp\u00eachement de M. Antoine GUERIN, la d\u00e9l\u00e9gation de signature \nvis\u00e9e  \u00e0  l'article  1  alin\u00e9a  4  est  donn\u00e9e  \u00e0  Mme  Sylvia  SAINT-CIERGE,  colonelle,  commandant  le \ngroupement de gendarmerie du Rh\u00f4ne, dans la limite de ses attributions et pour son service. \nArticle  15  :  Le  pr\u00e9sent  arr\u00eat\u00e9  peut  faire  l'objet  d'un  recours  contentieux  devant  le  tribunal \nadministratif  de  Lyon  dans  un  d\u00e9lai  de  deux  mois  \u00e0  compter  de  sa  publication.  Le  tribunal \nadministratif peut \u00eatre saisi d'une requ\u00eate d\u00e9pos\u00e9e sur le site www.telerecours.fr.\nArticle 16 :  Le  pr\u00e9fet d\u00e9l\u00e9gu\u00e9 pour la d\u00e9fense et la s\u00e9curit\u00e9, et le pr\u00e9fet, secr\u00e9taire g\u00e9n\u00e9ral de la  \npr\u00e9fecture, pr\u00e9fet d\u00e9l\u00e9gu\u00e9 pour l'\u00e9galit\u00e9 des chances, sont charg\u00e9s, chacun pour ce qui le concerne, \nde l'ex\u00e9cution du pr\u00e9sent arr\u00eat\u00e9 qui sera publi\u00e9 au recueil des actes administratifs de la pr\u00e9fecture  \ndu Rh\u00f4ne.\n9/9\nLa pr\u00e9f\u00e8te,\nSign\u00e9\nFabienne BUCCIO\n69_Pr\u00e9f_Pr\u00e9fecture du Rh\u00f4ne - 69-2025-08-29-00005 - Arr\u00eat\u00e9 pr\u00e9fectoral portant d\u00e9l\u00e9gation de signature \u00e0 M. Antoine GUERIN, pr\u00e9fet\nd\u00e9l\u00e9gu\u00e9 pour la d\u00e9fense et la s\u00e9curit\u00e9 aupr\u00e8s de la pr\u00e9f\u00e8te de la r\u00e9gion Auvergne-Rh\u00f4ne-Alpes, pr\u00e9f\u00e8te de la zone de d\u00e9fense et de\ns\u00e9curit\u00e9 Sud-Est, pr\u00e9f\u00e8te du Rh\u00f4ne\n46\n69_Pr\u00e9f_Pr\u00e9fecture du Rh\u00f4ne\n69-2025-08-29-00006\nArr\u00eat\u00e9 pr\u00e9fectoral portant d\u00e9l\u00e9gation de\nsignature \u00e0 Madame Fabienne\nFOURNIER-BERAUD, directrice r\u00e9gionale de\nl'\u00e9conomie, de l'emploi, du travail et des\nsolidarit\u00e9s d'Auvergne-Rh\u00f4ne-Alpes, en mati\u00e8re\nde m\u00e9trologie l\u00e9gale\n69_Pr\u00e9f_Pr\u00e9fecture du Rh\u00f4ne - 69-2025-08-29-00006 - Arr\u00eat\u00e9 pr\u00e9fectoral portant d\u00e9l\u00e9gation de signature \u00e0 Madame Fabienne\nFOURNIER-BERAUD, directrice r\u00e9gionale de l'\u00e9conomie, de l'emploi, du travail et des solidarit\u00e9s d'Auvergne-Rh\u00f4ne-Alpes, en mati\u00e8re\nde m\u00e9trologie l\u00e9gale\n47\nDirection de la coordination\ndes politiques interminist\u00e9rielles\nLyon, le 29 ao\u00fbt 2025\nARR\u00caT\u00c9 PR\u00c9FECTORAL N\u00b0                                        \nportant d\u00e9l\u00e9gation de signature \u00e0 Madame Fabienne FOURNIER-BERAUD,\ndirectrice r\u00e9gionale de l'\u00e9conomie, de l'emploi, du travail et des solidarit\u00e9s\nd'Auvergne-Rh\u00f4ne-Alpes, en mati\u00e8re de m\u00e9trologie l\u00e9gale\nLA PR\u00c9F\u00c8TE DE LA R\u00c9GION AUVERGNE-RH\u00d4NE-ALPES,\nPR\u00c9F\u00c8TE DE LA ZONE DE D\u00c9FENSE ET DE S\u00c9CURIT\u00c9 SUD-EST,\nPR\u00c9F\u00c8TE DU RH\u00d4NE\nCommandeur de la L\u00e9gion d'honneur\nCommandeur de l'ordre national du M\u00e9rite\nVu la loi n\u00b0 82-213 du 2 mars 1982 relative aux droits et libert\u00e9s des communes, des d\u00e9partements et \ndes r\u00e9gions ;\nVu la loi d'orientation n\u00b0 92-125 du 6 f\u00e9vrier 1992 modifi\u00e9e relative \u00e0 l'administration territoriale de  \nla R\u00e9publique, notamment ses articles 4 et 6 ;\nVu le d\u00e9cret n\u00b0 2001-387 du 3 mai 2001 relatif au contr\u00f4le des instruments de mesure ;\nVu le d\u00e9cret n\u00b0 2004-374 du 29 avril 2004 modifi\u00e9 relatif aux pouvoirs des pr\u00e9fets, \u00e0 l'organisation et \n\u00e0 l'action des services de l'\u00c9tat dans les r\u00e9gions et d\u00e9partements ;\nVu  le  d\u00e9cret  n\u00b0  2009-360  du  31  mars  2009  modifi\u00e9  relatif  aux  emplois  de  direction  de \nl'administration territoriale de l'\u00c9tat ;\nVu le d\u00e9cret n\u00b0 2015-510 du 7 mai 2015 portant charte de la d\u00e9concentration ;\nVu l'article 12 du d\u00e9cret n\u00b0 2020-67 du 30 janvier 2020 relatif \u00e0 la d\u00e9concentration des d\u00e9cisions  \nadministratives individuelles dans les domaines de l'\u00e9conomie et des finances ;\nVu le d\u00e9cret n\u00b0 2020-1545 du 9 d\u00e9cembre 2020 relatif \u00e0 l'organisation et aux missions des directions \nr\u00e9gionales de l'\u00e9conomie, de l'emploi, du travail et des solidarit\u00e9s, des directions d\u00e9partementales  \nde l'emploi, du travail et des solidarit\u00e9s et des directions d\u00e9partementales de l'emploi, du travail,  \ndes solidarit\u00e9s et de la protection des populations, notamment son article 2-2\u00b0 ;\nVu le d\u00e9cret du 11 janvier 2023 en conseil des ministres portant nomination de Mme Fabienne  \nBUCCIO en qualit\u00e9 de pr\u00e9f\u00e8te de la r\u00e9gion Auvergne-Rh\u00f4ne-Alpes, pr\u00e9f\u00e8te de la zone de d\u00e9fense et  \nde s\u00e9curit\u00e9 Sud-Est, pr\u00e9f\u00e8te du Rh\u00f4ne (hors classe) ;\nVu le d\u00e9cret du 15 mai 2025 portant nomination du pr\u00e9fet, secr\u00e9taire g\u00e9n\u00e9ral de la pr\u00e9fecture du  \nRh\u00f4ne, pr\u00e9fet d\u00e9l\u00e9gu\u00e9 pour l'\u00e9galit\u00e9 des chances aupr\u00e8s de la pr\u00e9f\u00e8te de la r\u00e9gion Auvergne-Rh\u00f4ne-\nAlpes, pr\u00e9f\u00e8te de la zone de d\u00e9fense et de s\u00e9curit\u00e9 Sud-Est, pr\u00e9f\u00e8te du Rh\u00f4ne - M. Fabrice ROSAY ;\n1/3\n69_Pr\u00e9f_Pr\u00e9fecture du Rh\u00f4ne - 69-2025-08-29-00006 - Arr\u00eat\u00e9 pr\u00e9fectoral portant d\u00e9l\u00e9gation de signature \u00e0 Madame Fabienne\nFOURNIER-BERAUD, directrice r\u00e9gionale de l'\u00e9conomie, de l'emploi, du travail et des solidarit\u00e9s d'Auvergne-Rh\u00f4ne-Alpes, en mati\u00e8re\nde m\u00e9trologie l\u00e9gale\n48\nVu l'arr\u00eat\u00e9 du 1 er octobre 1981 relatif \u00e0 l'homologation, la v\u00e9rification primitive et la v\u00e9rification  \napr\u00e8s installation des chronotachygraphes utilis\u00e9s dans les transports par route ;\nVu l'arr\u00eat\u00e9 du 31 d\u00e9cembre 2001 fixant les modalit\u00e9s d'application de certaines dispositions du  \nd\u00e9cret n\u00b0 2001-387 du 3 mai 2001 relatif au contr\u00f4le des instruments de mesure ; \nVu l'arr\u00eat\u00e9 du 7 juillet 2004 relatif aux modalit\u00e9s de contr\u00f4le des chronotachygraphes num\u00e9riques ;\nVu l'arr\u00eat\u00e9 du 6 mars 2007 relatif au contr\u00f4le des compteurs d'eau froide en service ;\nVu l'arr\u00eat\u00e9 du 21 octobre 2010 relatif aux compteurs de gaz combustible ;\nVu l'arr\u00eat\u00e9 du 1er ao\u00fbt 2013 relatif aux compteurs d'\u00e9nergie \u00e9lectrique active ;\nVu l'arr\u00eat\u00e9 du 23 juillet 2025 portant nomination sur l'emploi de directeur r\u00e9gional de l'\u00e9conomique, \nde l'emploi, du travail et des solidarit\u00e9s d'Auvergne-Rh\u00f4ne-Alpes - Fabienne FOURNIER-BERAUD ;\nSur proposition du pr\u00e9fet, secr\u00e9taire g\u00e9n\u00e9rale de la pr\u00e9fecture, pr\u00e9fet d\u00e9l\u00e9gu\u00e9 pour l'\u00e9galit\u00e9 des  \nchances ;\nARR\u00caTE\nArticle 1 er : D\u00e9l\u00e9gation de signature est donn\u00e9e \u00e0 Mme Fabienne FOURNIER-BERAUD, directrice  \nr\u00e9gionale de l'\u00e9conomie, de l'emploi, du travail et des solidarit\u00e9s d'Auvergne-Rh\u00f4ne-Alpes, \u00e0 l'effet  \nde signer au nom de la pr\u00e9f\u00e8te, les actes relatifs \u00e0 :\n\u2022 l'attribution,  le  refus  d'attribution,  le  retrait  de  marque  d'identification  aux  fabricants, \nr\u00e9parateurs et installateurs d'instruments de mesure et aux organismes agr\u00e9\u00e9s (art. 49 du  \nd\u00e9cret n\u00b0 2001-387 du 03 mai 2001 et art. 45 de l'arr\u00eat\u00e9 du 31 d\u00e9cembre 2001),\n\u2022 l'approbation, la suspension, le retrait d'approbation des syst\u00e8mes d'assurance de la qualit\u00e9 \ndes fabricants, r\u00e9parateurs et installateurs des instruments de mesure en cas d'absence  \nd'organisme d\u00e9sign\u00e9 (art. 18 et 23 du d\u00e9cret n\u00b0 2001-387 du 03 mai 2001),\n\u2022 l'injonction aux installateurs d'instruments de mesure (art. 26 du d\u00e9cret n\u00b0 2001-387 du 03  \nmai 2001),\n\u2022 la  d\u00e9livrance,  le  refus  de  d\u00e9livrance,  la  suspension,  le  retrait  d'agr\u00e9ment,  la  mise  en \ndemeure des organismes agr\u00e9\u00e9s (art. 37 et 39 du d\u00e9cret n\u00b0 2001-387 du 03 mai 2001 et art.  \n43 de l'arr\u00eat\u00e9 du 31 d\u00e9cembre 2001, art. 12 de l'arr\u00eat\u00e9 du 1 er octobre 1981 et art. 5 et 6 de  \nl'arr\u00eat\u00e9 du 07 juillet 2004),\n\u2022 l'am\u00e9nagement ou le retrait des dispenses de v\u00e9rification p\u00e9riodique et de v\u00e9rification  \napr\u00e8s r\u00e9paration ou modification accord\u00e9es aux d\u00e9tenteurs d'instruments de mesure (art.  \n62.3 de l'arr\u00eat\u00e9 du 31 d\u00e9cembre 2001),\n\u2022 la d\u00e9rogation aux dispositions r\u00e9glementaires normalement applicables aux instruments de  \nmesure (art. 41 du d\u00e9cret n\u00b0 2001-387 du 03 mai 2001),\n\u2022 la d\u00e9livrance de certificat d'examen de type en l'absence d'organisme d\u00e9sign\u00e9 (art. 7 et 8  \ndu d\u00e9cret n\u00b0 2001-387 du 03 mai 2001),\n\u2022 la d\u00e9signation et le rapport de d\u00e9signation d'organismes d\u00e9sign\u00e9s (art. 36 du d\u00e9cret n\u00b0  \n2001-387 du 03 mai 2001),\n\u2022 l'invitation  d'un  op\u00e9rateur  \u00e9conomique  \u00e0  mettre  un  terme  \u00e0  une  non-conformit\u00e9 \nconstat\u00e9e ;  ordre  de  remise  en  conformit\u00e9,  de  rappel  ou  de  retrait  du  march\u00e9  d'un \ninstrument de mesure non-conforme ; interdiction ou restriction de mise sur le march\u00e9, de  \nmise en service ou d'utilisation d'un instrument de mesure non-conforme (art. 5-20 du  \nd\u00e9cret n\u00b0 2001-387 du 03 mai 2001),\n\u2022 l'autorisation de mise en service d'un nombre limit\u00e9 d'instruments d'un type pour lequel  \nune demande d'examen de type a \u00e9t\u00e9 pr\u00e9sent\u00e9e (art. 12 du d\u00e9cret n\u00b0 2001-387 du 03 mai  \n2001),\n\u2022 l'injonction au titulaire d'un certificat d'examen de type de porter rem\u00e8de aux d\u00e9fauts  \nconstat\u00e9s sur des instruments, et de demander un nouvel examen de type  ; suspension du \nb\u00e9n\u00e9fice de la marque d'examen de type et suspension de la mise sur le march\u00e9 des  \n2/3\n69_Pr\u00e9f_Pr\u00e9fecture du Rh\u00f4ne - 69-2025-08-29-00006 - Arr\u00eat\u00e9 pr\u00e9fectoral portant d\u00e9l\u00e9gation de signature \u00e0 Madame Fabienne\nFOURNIER-BERAUD, directrice r\u00e9gionale de l'\u00e9conomie, de l'emploi, du travail et des solidarit\u00e9s d'Auvergne-Rh\u00f4ne-Alpes, en mati\u00e8re\nde m\u00e9trologie l\u00e9gale\n49\ninstruments du type pr\u00e9sentant ces d\u00e9fauts. La mise en demeure d'un b\u00e9n\u00e9ficiaire de  \ncertificat d'examen de type de rem\u00e9dier aux d\u00e9fauts constat\u00e9s sur des instruments en  \nservice ; interdiction d'utilisation des instruments restant d\u00e9fectueux (art. 13 du d\u00e9cret n\u00b0  \n2001-387 du 03 mai 2001),\n\u2022 la suspension de la v\u00e9rification primitive et de la mise sur le march\u00e9 des instruments d'un  \nmod\u00e8le donn\u00e9 (art. 21 du d\u00e9cret n\u00b0 2001-387 du 03 mai 2001),\n\u2022 aux am\u00e9nagements aux dispositions de v\u00e9rification de moyens d'essais - article 5 d\u00e9cret du  \n03 mai 2001 et article 3 arr\u00eat\u00e9 du 31 d\u00e9cembre 2001,\n\u2022 la d\u00e9cision autorisant le contr\u00f4le des instruments par leur d\u00e9tenteur (art. 18 de l'arr\u00eat\u00e9 du 6 \nmars 2007 , art. 25 de l'arr\u00eat\u00e9 du 1er ao\u00fbt 2013, art. 25 de l'arr\u00eat\u00e9 du 21 octobre 2010).\nArticle 2 : Sont exclus de la pr\u00e9sente d\u00e9l\u00e9gation :\n\u2022 la signature des conventions pass\u00e9es au nom de l'\u00c9tat avec le d\u00e9partement, une ou plusieurs \ncommunes, leurs groupements ainsi que leurs \u00e9tablissements publics (article 59 du d\u00e9cret  \nn\u00b0 2004-374 du 29 avril 2004),\n\u2022 les  d\u00e9cisions  portant  attribution  de  subventions  ou  de  pr\u00eats  de  l'\u00c9tat  aux  collectivit\u00e9s \nlocales,  aux  \u00e9tablissements  et  organismes  d\u00e9partementaux,  communaux  et  \nintercommunaux,\n\u2022 les notifications de ces subventions ou pr\u00eats aux collectivit\u00e9s locales, \u00e9tablissements et  \norganismes b\u00e9n\u00e9ficiaires,\n\u2022 les correspondances relatives au contr\u00f4le de l\u00e9galit\u00e9 pr\u00e9vu par le titre I de la loi du 2 mars  \n1982,\n\u2022 les circulaires aux maires,\n\u2022 les arr\u00eat\u00e9s ayant un caract\u00e8re r\u00e9glementaire,\n\u2022 toutes correspondances adress\u00e9es aux administrations centrales et qui sont relatives aux  \nprogrammes d'\u00e9quipement et \u00e0 leur financement, ainsi que celles dont le pr\u00e9fet se r\u00e9serve  \nexpress\u00e9ment la signature,\n\u2022 toutes  correspondances  adress\u00e9es  aux  cabinets  minist\u00e9riels  (les  autres  correspondances \n\u00e9tant sous le r\u00e9gime du sous-couvert),\n\u2022 toutes  correspondances  adress\u00e9es  aux  pr\u00e9sidents  des  assembl\u00e9es  r\u00e9gionales  et  \nd\u00e9partementales  ainsi  que  les  r\u00e9ponses  aux  interventions  des  parlementaires  et  des \nconseillers d\u00e9partementaux lorsqu'elles portent sur les comp\u00e9tences relevant de l'\u00c9tat, \u00e0  \nl'exception de celles concernant l'inspection du travail.\nArticle 3  : Mme Fabienne FOURNIER-BERAUD pourra subd\u00e9l\u00e9guer sa signature aux agents habilit\u00e9s  \nplac\u00e9s sous son autorit\u00e9 pour signer les actes relatifs aux affaires pour lesquelles il a lui-m\u00eame re\u00e7u  \nd\u00e9l\u00e9gation.\nArticle  4 :  Le  pr\u00e9sent  arr\u00eat\u00e9  peut  faire  l'objet  d'un  recours  contentieux  devant  le  tribunal \nadministratif  de  Lyon  dans  un  d\u00e9lai  de  deux  mois  \u00e0  compter  de  sa  publication.  Le  tribunal \nadministratif peut \u00eatre saisi d'une requ\u00eate d\u00e9pos\u00e9e sur le site www.telerecours.fr.\nArticle 5 : Le pr\u00e9fet, secr\u00e9taire g\u00e9n\u00e9rale de la pr\u00e9fecture, pr\u00e9fet d\u00e9l\u00e9gu\u00e9 pour l'\u00e9galit\u00e9 des chances,  \net la directrice r\u00e9gionale de l'\u00e9conomie, de l'emploi, du travail et des solidarit\u00e9s, sont charg\u00e9s,  \nchacun en ce qui les concerne, de l'ex\u00e9cution du pr\u00e9sent arr\u00eat\u00e9 qui sera publi\u00e9 au recueil des actes  \nadministratifs de la pr\u00e9fecture du Rh\u00f4ne.\n3/3\nLa pr\u00e9f\u00e8te,\nSign\u00e9\nFabienne BUCCIO\n69_Pr\u00e9f_Pr\u00e9fecture du Rh\u00f4ne - 69-2025-08-29-00006 - Arr\u00eat\u00e9 pr\u00e9fectoral portant d\u00e9l\u00e9gation de signature \u00e0 Madame Fabienne\nFOURNIER-BERAUD, directrice r\u00e9gionale de l'\u00e9conomie, de l'emploi, du travail et des solidarit\u00e9s d'Auvergne-Rh\u00f4ne-Alpes, en mati\u00e8re\nde m\u00e9trologie l\u00e9gale\n50\n69_Pr\u00e9f_Pr\u00e9fecture du Rh\u00f4ne\n69-2025-08-29-00003\nArr\u00eat\u00e9 pr\u00e9fectoral portant d\u00e9l\u00e9gation de\nsignature aux agents de la pr\u00e9fecture\n69_Pr\u00e9f_Pr\u00e9fecture du Rh\u00f4ne - 69-2025-08-29-00003 - Arr\u00eat\u00e9 pr\u00e9fectoral portant d\u00e9l\u00e9gation de signature aux agents de la pr\u00e9fecture 51\nDirection de la coordination\ndes politiques interminist\u00e9rielles\nLyon, le 29 ao\u00fbt 2025\nARR\u00caT\u00c9 PR\u00c9FECTORAL N\u00b0                                        \nportant d\u00e9l\u00e9gation de signature aux agents de la pr\u00e9fecture\nLA PR\u00c9F\u00c8TE DE LA R\u00c9GION AUVERGNE-RH\u00d4NE-ALPES,\nPR\u00c9F\u00c8TE DE LA ZONE DE D\u00c9FENSE ET DE S\u00c9CURIT\u00c9 SUD-EST,\nPR\u00c9F\u00c8TE DU RH\u00d4NE\nCommandeur de la L\u00e9gion d'honneur\nCommandeur de l'ordre national du M\u00e9rite\nVu la loi n\u00b0 82-213 du 2 mars 1982 modifi\u00e9e relative aux droits et libert\u00e9s des communes, des  \nd\u00e9partements et des r\u00e9gions ;\nVu la loi n\u00b0 92-125 du 6 f\u00e9vrier 1992 modifi\u00e9e relative \u00e0 l'administration territoriale de la R\u00e9publique ;\nVu la loi n\u00b0 2004-809 du 13 ao\u00fbt 2004 modifi\u00e9e relative aux libert\u00e9s et responsabilit\u00e9s locales ;\nVu le d\u00e9cret n\u00b0 2004-374 du 29 avril 2004 modifi\u00e9 relatif aux pouvoirs des pr\u00e9fets, \u00e0 l'organisation et \n\u00e0 l'action des services de l'\u00c9tat dans les r\u00e9gions et d\u00e9partements ;\nVu  le  d\u00e9cret  n\u00b0  2019-38  du  23  janvier  2019  relatif  aux  comp\u00e9tences  des  pr\u00e9fets  en  mati\u00e8re \nd'enregistrement de la demande d'asile et de mise en \u0153uvre des proc\u00e9dures relevant du r\u00e8glement  \ndu 26 juin 2013 dit \u00ab Dublin III \u00bb  et l'a rr\u00eat\u00e9 du 12 d\u00e9cembre 2018 portant r\u00e9gionalisation de la  \nproc\u00e9dure de d\u00e9termination de l'\u00c9tat responsable de l'examen de la demande d'asile dans la r\u00e9gion \nAuvergne-Rh\u00f4ne-Alpes ;\nVu le d\u00e9cret du  11 janvier 2023  en conseil des ministres portant nomination de Mme Fabienne  \nBUCCIO en qualit\u00e9 de pr\u00e9f\u00e8te de la r\u00e9gion Auvergne-Rh\u00f4ne-Alpes, pr\u00e9f\u00e8te de la zone de d\u00e9fense et  \nde s\u00e9curit\u00e9 Sud-Est, pr\u00e9f\u00e8te du Rh\u00f4ne (hors classe) ;\nVu le proc\u00e8s-verbal d'installation de Mme Fabienne BUCCIO en qualit\u00e9 de pr\u00e9f\u00e8te de la r\u00e9gion  \nAuvergne-Rh\u00f4ne-Alpes, pr\u00e9f\u00e8te de la zone de d\u00e9fense et de s\u00e9curit\u00e9 Sud-Est, pr\u00e9f\u00e8te du Rh\u00f4ne , \u00e0 \ncompter du 30 janvier 2023 ;\nVu le d\u00e9cret du 15 mai 2025 portant nomination du pr\u00e9fet, secr\u00e9taire g\u00e9n\u00e9ral de la pr\u00e9fecture du  \nRh\u00f4ne, pr\u00e9fet d\u00e9l\u00e9gu\u00e9 pour l'\u00e9galit\u00e9 des chances aupr\u00e8s de la pr\u00e9f\u00e8te de la r\u00e9gion Auvergne-Rh\u00f4ne-\nAlpes, pr\u00e9f\u00e8te de la zone de d\u00e9fense et de s\u00e9curit\u00e9 Sud-Est, pr\u00e9f\u00e8te du Rh\u00f4ne - M. Fabrice ROSAY ;\nVu  les  d\u00e9cisions  pr\u00e9fectorales  portant  affectation  des  personnels  au  sein  des  services  de  la \npr\u00e9fecture ;\nSur proposition du pr\u00e9fet, secr\u00e9taire g\u00e9n\u00e9ral de la pr\u00e9fecture du Rh\u00f4ne ;\n1/7\n69_Pr\u00e9f_Pr\u00e9fecture du Rh\u00f4ne - 69-2025-08-29-00003 - Arr\u00eat\u00e9 pr\u00e9fectoral portant d\u00e9l\u00e9gation de signature aux agents de la pr\u00e9fecture52\nARR\u00caTE\nArticle 1  : D\u00e9l\u00e9gation de signature est donn\u00e9e aux directeurs et aux chefs de bureau d\u00e9sign\u00e9s  \nci-apr\u00e8s  \u00e0 l'effet  de  signer  d'une  mani\u00e8re  permanente  les  actes  administratifs,  \u00e9tablis  par  leur \ndirection,  ou  bureau,  \u00e0  l'exception  des  actes  \u00e0  caract\u00e8re  r\u00e9glementaire,  des  circulaires,  des \ninstructions g\u00e9n\u00e9rales et des correspondances destin\u00e9es aux \u00e9lus :\n\u2022 Mme Maud BESSON, directrice des migrations et de l'int\u00e9gration,\n\u2022 Mme Catherine M\u00c9RIC, directrice des affaires juridiques et de l'administration locale\n\u2022 M. Ernest MOUTOUSSAMY, directeur de la s\u00e9curit\u00e9 et de la protection civile,\n\u2022 M. St\u00e9phane TRONTIN, directeur de la coordination des politiques interminist\u00e9rielles,\n\u2022 M. Nordine SAOUDI, directeur du centre d'expertise et de ressources titres,\n\u2022 M. Chaouki AMARA, chef de cabinet,\n\u2022 M. Fabien DESPINASSE, chef du service r\u00e9gional de la communication interminist\u00e9rielle.\nArticle 2  : En cas d'absence ou d'emp\u00eachement des personnes cit\u00e9es \u00e0 l'article 1, d\u00e9l\u00e9gation de  \nsignature est donn\u00e9e aux agents dont les noms suivent, \u00e0 l'effet de signer la totalit\u00e9 des actes  \n\u00e9tablis  par  la  direction  dont  ils  d\u00e9pendent,  dans  leurs  domaines  de  comp\u00e9tence  respectifs,  \u00e0 \nl'exception des actes \u00e0 caract\u00e8re r\u00e9glementaire, des circulaires, des instructions g\u00e9n\u00e9rales et des  \ncorrespondances destin\u00e9es aux \u00e9lus :\nDIRECTION DES MIGRATIONS ET DE L'INT\u00c9GRATION\n\u2022 Mme  Maryke  LE  MOGNE,  attach\u00e9e  principale,  directrice  adjointe  des  migrations  et  de \nl'int\u00e9gration,\n\u2022 Mme Margaux LARUE, attach\u00e9e principale, cheffe du bureau de l'accueil et de l'admission au \ns\u00e9jour,\n\u2022 Mme Aude SIGNOUREL, attach\u00e9e principale, cheffe du bureau des examens sp\u00e9cialis\u00e9s,\n\u2022 Mme G\u00e9raldine SEMOULIN, attach\u00e9e principale, cheffe du bureau de l'\u00e9loignement,\n\u2022 Mme Anne EUZET, attach\u00e9e principale,  cheffe du bureau de l'asile et de l'h\u00e9bergement -  \nguichet unique des demandeurs d'asile de Lyon,\n\u2022 M.  Patrick  LAFABRIER,  attach\u00e9  principal,  chef  du  bureau  des  affaires  g\u00e9n\u00e9rales  et  du \ncontentieux,\n\u2022 M.  Olivier  VERCASSON,  attach\u00e9  principal,  responsable  de  la  plateforme  \ninterd\u00e9partementale des naturalisations,\n\u2022 Mme Jessica PERON, attach\u00e9e, cheffe du p\u00f4le r\u00e9gional Dublin.\nDIRECTION DES AFFAIRES JURIDIQUES ET DE L'ADMINISTRATION LOCALE\n\u2022 Mme Agn\u00e8s RAICHL, attach\u00e9e principale, cheffe du bureau de l'urbanisme et de l'utilit\u00e9  \npublique,\n\u2022 M. Jamal BENZIK , attach\u00e9 principal, chef du bureau des r\u00e9glementations, des \u00e9lections et  \ndes associations,\n\u2022 Mme A\u00efda CHAMBE, attach\u00e9e, cheffe du bureau du contr\u00f4le budg\u00e9taire et des dotations de \nl'\u00c9tat,\n\u2022 M. Bastien MORIN, attach\u00e9, chef du bureau du contr\u00f4le de l\u00e9galit\u00e9 et de l'intercommunalit\u00e9,\n\u2022 M. Thibault PICHON-MATHIEU, attach\u00e9, chef du p\u00f4le juridique.\nDIRECTION DE LA S\u00c9CURIT\u00c9 ET DE LA PROTECTION CIVILE\n\u2022 M. Emmanuel BERNE, ing\u00e9nieur divisionnaire, chef du service interminist\u00e9riel de d\u00e9fense et  \nde protection civiles,\n\u2022 M. Richard WILPOTTE attach\u00e9 principal, chef du bureau des polices administratives,\n\u2022 Mme Sylvia LEGRIS, attach\u00e9e, cheffe du bureau de la planification, de la d\u00e9fense et des  \nrisques sanitaires,\n2/7\n69_Pr\u00e9f_Pr\u00e9fecture du Rh\u00f4ne - 69-2025-08-29-00003 - Arr\u00eat\u00e9 pr\u00e9fectoral portant d\u00e9l\u00e9gation de signature aux agents de la pr\u00e9fecture53\n\u2022 Mme Marie PAUGET, attach\u00e9e, cheffe du bureau de la pr\u00e9vention,\n\u2022 Mme Carole ZMYSLONY, attach\u00e9e, cheffe du bureau de la s\u00e9curit\u00e9 routi\u00e8re.\nDIRECTION DE LA COORDINATION DES POLITIQUES INTERMINIST\u00c9RIELLES\n\u2022 Mme  Sandrine  CANDELA,  attach\u00e9e  principale,  cheffe  du  centre  de  services  partag\u00e9s \nr\u00e9gional CHORUS (CSPR),\n\u2022 Mme Fran\u00e7oise CONRAD, attach\u00e9e principale, cheffe de la mission d'appui territorial.\nCENTRE D'EXPERTISE ET DE RESSOURCES DES TITRES PERMIS DE CONDUIRE\n\u2022 Mme  Nadine  CHANAVAT,  attach\u00e9e,  adjointe  au  directeur  du  CERT,  cheffe  du  p\u00f4le \ninstruction.\nArticle 3 : Sans pr\u00e9judice des dispositions de l'article 1 er, d\u00e9l\u00e9gation de signature est donn\u00e9e \u00e0 Mme  \nMaud BESSON, directrice des migrations et de l'int\u00e9gration, \u00e0 l'effet de signer :\n\u2022 les  d\u00e9cisions  concernant  l'aide  sociale  en  mati\u00e8re  d'h\u00e9bergement  pour  les  demandeurs \nd'asile et les r\u00e9fugi\u00e9s ;\n\u2022 les d\u00e9cisions concernant l'orientation, l'admission ou la sortie d'un centre d'accueil pour  \ndemandeurs d'asile ou d'un centre provisoire d'h\u00e9bergement ;\n\u2022 tout  courrier  pr\u00e9paratoire  \u00e0  la  signature  de  conventions  avec  les  associations  priv\u00e9es, \ncentres  communaux  d'action  sociale,  municipalit\u00e9s,  pour  l'octroi  des  cr\u00e9dits  destin\u00e9s  \u00e0 \nl'action  sociale  en  faveur  des  demandeurs  d'asile,  des  r\u00e9fugi\u00e9s  et  des  \u00e9trangers  primo-\narrivants ;\n\u2022 les d\u00e9cisions et conventions avec les associations priv\u00e9es pour l'octroi de cr\u00e9dits destin\u00e9s \u00e0  \nl'action  sociale  en  faveur  des  demandeurs  d'asile,  des  r\u00e9fugi\u00e9s  et  des  \u00e9trangers  primo-\narrivants ;\n\u2022 les proc\u00e9dures et d\u00e9cisions de tarification des \u00e9tablissements sociaux d'h\u00e9bergement pour  \ndemandeurs d'asile et r\u00e9fugi\u00e9s (centre de transit, CADA et CPH) ;\n\u2022 les requ\u00eates introductives d'instance, m\u00e9moires en d\u00e9fense et actes d'ex\u00e9cution relatifs \u00e0 la  \nproc\u00e9dure d'expulsion des structures d'h\u00e9bergement en mati\u00e8re de r\u00e9f\u00e9r\u00e9s mesures-utiles.\nArticle 4 : En cas d'absence ou d'emp\u00eachement de Mme Maud BESSON, d\u00e9l\u00e9gation de signature est \ndonn\u00e9e \u00e0 l'effet de signer les actes vis\u00e9s \u00e0 l'article 3, \u00e0 : \n\u2022 Mme  Maryke  LE  MOGNE,  attach\u00e9e  principale,  directrice  adjointe  des  migrations  et  de \nl'int\u00e9gration,\n\u2022 Mme Anne EUZET, attach\u00e9e principale,  cheffe du bureau de l'asile et de l'h\u00e9bergement -  \nguichet unique des demandeurs d'asile de Lyon,\nArticle 5 : D\u00e9l\u00e9gation de signature est donn\u00e9e \u00e0 Mme Maud BESSON, directrice des migrations et de \nl'int\u00e9gration, \u00e0 l'effet de signer de mani\u00e8re permanente les actes de saisine, les m\u00e9moires et les  \nrequ\u00eates en premi\u00e8re instance et en appel aupr\u00e8s des diff\u00e9rents ordres de juridiction en mati\u00e8re  \nd'entr\u00e9e, de s\u00e9jour des \u00e9trangers et du droit d'asile, et en mati\u00e8re de contentieux y aff\u00e9rent.\nArticle 6 : En cas d'absence ou d'emp\u00eachement de Mme Maud BESSON, d\u00e9l\u00e9gation de signature est \ndonn\u00e9e \u00e0 l'effet de signer les actes vis\u00e9s \u00e0 l'article 5, \u00e0  :\n\u2022 Mme  Maryke  LE  MOGNE,  attach\u00e9e  principale,  directrice  adjointe  des  migrations  et  de \nl'int\u00e9gration,\n\u2022 M.  Patrick  LAFABRIER,  attach\u00e9  principal,  chef  du  bureau  des  affaires  g\u00e9n\u00e9rales  et  du \ncontentieux,\n3/7\n69_Pr\u00e9f_Pr\u00e9fecture du Rh\u00f4ne - 69-2025-08-29-00003 - Arr\u00eat\u00e9 pr\u00e9fectoral portant d\u00e9l\u00e9gation de signature aux agents de la pr\u00e9fecture54\n\u2022 M.  Alexandre  FOREL,  attach\u00e9,  adjoint  au  chef  de  bureau  des  affaires  g\u00e9n\u00e9rales  et  du \ncontentieux, chef de la section contentieux,\n\u2022 Mme G\u00e9raldine SEMOULIN, attach\u00e9e principale, cheffe du bureau de l'\u00e9loignement,\n\u2022 M. Fr\u00e9d\u00e9ric DEHEUNYNCK, d\u00e9l\u00e9gu\u00e9 principal au permis de conduire et \u00e0 la s\u00e9curit\u00e9 routi\u00e8re, \nadjoint \u00e0 la cheffe du bureau de l'\u00e9loignement,\n\u2022 M. Joris ARNAUDIES, attach\u00e9, adjoint \u00e0 la cheffe du bureau de l'\u00e9loignement.\nArticle 7 : D\u00e9l\u00e9gation de signature est donn\u00e9e \u00e0 Mme Maud BESSON, directrice des migrations et de \nl'int\u00e9gration, \u00e0 l'effet de signer de mani\u00e8re permanente les mesures aff\u00e9rentes au transfert des  \ndemandeurs d'asile plac\u00e9s sous proc\u00e9dure Dublin et ce, \u00e0 l'\u00e9chelle r\u00e9gionale, ainsi que les mesures  \nd'ex\u00e9cution  \u00e9ventuelles  telles  que  les  d\u00e9cisions  d'assignation  \u00e0  r\u00e9sidence  et  de  placement  en \nr\u00e9tention, les m\u00e9moires et les requ\u00eates en premi\u00e8re instance et en appel aupr\u00e8s des diff\u00e9rents  \nordres de juridiction relatifs \u00e0 la proc\u00e9dure Dublin.\nArticle 8 : En cas d'absence ou d'emp\u00eachement de Mme Maud BESSON, d\u00e9l\u00e9gation de signature est \ndonn\u00e9e \u00e0 l'effet de signer les actes vis\u00e9s \u00e0 l'article 7 , \u00e0 :\n\u2022 Mme  Maryke  LE  MOGNE,  attach\u00e9e  principale,  directrice  adjointe  des  migrations  et  de \nl'int\u00e9gration,\n\u2022 Mme Jessica PERON, attach\u00e9e, cheffe du p\u00f4le r\u00e9gional Dublin,\n\u2022 Mme Cl\u00e9mentine ELONGBIL EWANE, attach\u00e9e, adjointe \u00e0 la cheffe du p\u00f4le r\u00e9gional Dublin,  \nchef de la section instruction,\n\u2022 M. Nicolas MUGUET, secr\u00e9taire administratif de classe normale, chef de la section accueil au \np\u00f4le r\u00e9gional Dublin,\n\u2022 Mme Marine BIANCO, secr\u00e9taire administrative de classe normale au p\u00f4le r\u00e9gional Dublin,\n\u2022 Mme G\u00e9raldine SEMOULIN, attach\u00e9e principale, cheffe du bureau de l'\u00e9loignement,\n\u2022 M. Fr\u00e9d\u00e9ric DEHEUNYNCK, d\u00e9l\u00e9gu\u00e9 principal au permis de conduire et \u00e0 la s\u00e9curit\u00e9 routi\u00e8re, \nadjoint \u00e0 la cheffe du bureau de l'\u00e9loignement,\n\u2022 M. Joris ARNAUDIES, attach\u00e9, adjoint \u00e0 la cheffe du bureau de l'\u00e9loignement.\nArticle  9 : Sans  pr\u00e9judice  des  dispositions  de  l'article  1, d\u00e9l\u00e9gation  de  signature  est  plus \nparticuli\u00e8rement  donn\u00e9e  \u00e0  Mme  Catherine  M\u00c9RIC,  directrice  des  affaires  juridiques  et  de \nl'administration locale, \u00e0 l'effet de signer :\nEn mati\u00e8re d'actes r\u00e9glementaires (par d\u00e9rogation \u00e0 l'article 1) :\n\u2022 les conventions de t\u00e9l\u00e9transmissions des actes et leurs avenants ;\n\u2022 les  arr\u00eat\u00e9s  fixant  la  composition  des  commissions  d\u00e9partementales  d'am\u00e9nagement \ncommercial (CDAC) ;\n\u2022 les  arr\u00eat\u00e9s  fixant  la  composition  des  commissions  d\u00e9partementales  d'am\u00e9nagement \ncin\u00e9matographique (CDACi) ;\n\u2022 les arr\u00eat\u00e9s portant habilitation des organismes en application du III de l'article L. 752-6 et de \nl'article L.752-23 du code de commerce ;\n\u2022 les actes relatifs \u00e0 la r\u00e9glementation fun\u00e9raire ;\n\u2022 les actes relatifs \u00e0 la domiciliation d'entreprises ;\n\u2022 les arr\u00eat\u00e9s fixant le taux des indemnit\u00e9s repr\u00e9sentatives de logement des instituteurs (IRL).\nEn mati\u00e8re de correspondances destin\u00e9es aux \u00e9lus (par d\u00e9rogation \u00e0 l'article 1) :\n\u2022 les accus\u00e9s de r\u00e9ception et les demandes de pi\u00e8ces compl\u00e9mentaires adress\u00e9es aux maires  \ndans le cadre du contr\u00f4le de l\u00e9galit\u00e9 et budg\u00e9taire, \u00e0 l'exception des lettres d'observation et \np\u00e9dagogique, des recours gracieux, et des requ\u00eates et m\u00e9moires en d\u00e9f\u00e9r\u00e9 ;\n\u2022 les actes et correspondances relatifs \u00e0 l'examen conjoint des dispositions propos\u00e9es pour  \nassurer la mise en compatibilit\u00e9 des documents d'urbanisme pr\u00e9vu aux articles L 143-44 et L  \n153-54 du code de l'urbanisme.\n4/7\n69_Pr\u00e9f_Pr\u00e9fecture du Rh\u00f4ne - 69-2025-08-29-00003 - Arr\u00eat\u00e9 pr\u00e9fectoral portant d\u00e9l\u00e9gation de signature aux agents de la pr\u00e9fecture55\nEn mati\u00e8re d'actes individuels (liste indicative non exhaustive) :\n\u2022 les arr\u00eat\u00e9s d'indemnisation des commissaires enqu\u00eateurs ;\n\u2022 les r\u00e9c\u00e9piss\u00e9s d\u00e9finitifs d'enregistrement de candidatures pour le second tour des \u00e9lections  \nmunicipales,  d\u00e9partementales,  m\u00e9tropolitaines,  r\u00e9gionales  et  l\u00e9gislatives  g\u00e9n\u00e9rales  et \npartielles ;\n\u2022 les d\u00e9rogations au d\u00e9lai d'inhumation et de cr\u00e9mation, les transports de corps et d'urnes  \nfun\u00e9raires, et les laissez-passer mortuaires ;\n\u2022 les r\u00e9c\u00e9piss\u00e9s de d\u00e9claration de revendeurs d'objets mobiliers ;\n\u2022 les cartes de guide conf\u00e9rencier et les titres de ma\u00eetre restaurateur.\nArticle 10 : En cas d'absence ou d'emp\u00eachement de Mme Catherine M\u00c9RIC, d\u00e9l\u00e9gation de signature \nest donn\u00e9e, \u00e0 l'effet de signer les actes vis\u00e9s \u00e0 l'article 9 dans leurs domaines de comp\u00e9tence  \nrespectifs, \u00e0 :\n\u2022 Mme Agn\u00e8s RAICHL, attach\u00e9e principale , cheffe du bureau de l'urbanisme et de l'utilit\u00e9  \npublique,\n\u2022 M. Youssef BELLAHBIB, attach\u00e9 principal, adjoint \u00e0 la cheffe  de bureau de l'urbanisme et de  \nl'utilit\u00e9 publique,\n\u2022 Mme Ouarda BELAHCENE, attach\u00e9e, adjointe \u00e0 la cheffe de bureau de l'urbanisme et de  \nl'utilit\u00e9 publique,\n\u2022 M. Jamal BENZIK, attach\u00e9 principal, chef du bureau des r\u00e9glementations, des \u00e9lections et  \ndes associations,\n\u2022 Mme Delphine LOPEZ-PERSAT, attach\u00e9e, adjointe au chef du bureau des r\u00e9glementations,  \ndes \u00e9lections et des associations,\n\u2022 Mme A\u00efda CHAMBE, attach\u00e9e, cheffe du bureau du contr\u00f4le budg\u00e9taire et des dotations de  \nl'\u00c9tat,\n\u2022 M.  S\u00e9bastien  GAUDERAT,  attach\u00e9  principal,  adjoint  \u00e0  la  cheffe  de  bureau  du  contr\u00f4le \nbudg\u00e9taire et des dotations de l'\u00c9tat,\n\u2022 M. Bastien MORIN, attach\u00e9, chef du bureau du contr\u00f4le de l\u00e9galit\u00e9 et de l'intercommunalit\u00e9,\n\u2022 M. Thibault PICHON-MATHIEU, attach\u00e9, chef du p\u00f4le juridique,\n\u2022 M. Robin DESCOMBES, attach\u00e9, adjoint au chef du p\u00f4le juridique.\nArticle  11 : D\u00e9l\u00e9gation  est  donn\u00e9e  pour  la  signature  des  documents  vis\u00e9s  \u00e0  l'article  1er en  cas \nd'absence ou d'emp\u00eachement :\nDIRECTION DES MIGRATIONS ET DE L'INT\u00c9GRATION\n\u2022 de  Mme  Margaux  LARUE,  attach\u00e9e  principale,  cheffe  du  bureau  de  l'accueil  et  de \nl'admission au s\u00e9jour, \u00e0 :\n\u25e6 Mme  C\u00e9line  MEYRAND,  attach\u00e9e,  adjointe  \u00e0  la  cheffe  de  bureau  de  l'accueil  et  de \nl'admission au s\u00e9jour, cheffe de la section motifs professionnels,\n\u25e6 M. Adrien LHEUREUX, attach\u00e9 principal, chef de la section accueil et d\u00e9marches rapides,\n\u25e6 M. Ivan SABATIER, secr\u00e9taire administratif de classe exceptionnelle, chef de la section  \nfamille et vuln\u00e9rabilit\u00e9s.\nPar ailleurs, pour la signature de certains documents vis\u00e9s \u00e0 l'article 1 er, \u00e0 savoir les attestations de  \nremboursement de timbres fiscaux, les d\u00e9cisions de d\u00e9livrance de titres de s\u00e9jour, les d\u00e9cisions de  \nrefus simple de d\u00e9livrance de cartes de r\u00e9sidents et les d\u00e9cisions de refus de d\u00e9p\u00f4t de demandes  \nde titre de s\u00e9jour, d\u00e9l\u00e9gation est donn\u00e9e en cas d'absence ou d'emp\u00eachement de Mme C\u00e9line  \nMEYRAND, attach\u00e9e, adjointe \u00e0 la cheffe de bureau de l'accueil et de l'admission au s\u00e9jour, cheffe  \nde la section motifs professionnels, de M. Adrien LHEUREUX, attach\u00e9 principal, chef de la section  \naccueil  et  d\u00e9marches  rapides  et  de  M.  Ivan  SABATIER,  secr\u00e9taire  administratif  de  classe \nexceptionnelle, chef de la section famille et vuln\u00e9rabilit\u00e9s, \u00e0 :\n5/7\n69_Pr\u00e9f_Pr\u00e9fecture du Rh\u00f4ne - 69-2025-08-29-00003 - Arr\u00eat\u00e9 pr\u00e9fectoral portant d\u00e9l\u00e9gation de signature aux agents de la pr\u00e9fecture56\n\u25aa M.  Thomas  COURTAUD,  secr\u00e9taire  administratif  de  classe  normale,  adjoint  \u00e0  la \ncheffe de la section motifs professionnels,\n\u25aa Mme  Aline  LESPAGNOL-RIZZI,  secr\u00e9taire  administrative  de  classe  exceptionnelle, \nadjointe au chef de section accueil et d\u00e9marches rapides,\n\u25aa Mme Magdalena CORNECI, secr\u00e9taire administrative de classe sup\u00e9rieure, adjointe  \nau chef de section famille et vuln\u00e9rabilit\u00e9s.\n\u2022 de Mme Aude SIGNOUREL , attach\u00e9e principale, cheffe du bureau des examens sp\u00e9cialis\u00e9s,  \n\u00e0 :\n\u25e6 M. Omar HABI, attach\u00e9, adjoint \u00e0 la cheffe de bureau,\n\u25e6 Mme  Isabelle  FETROT-FAVROT,  secr\u00e9taire  administrative  de  classe  exceptionnelle, \nadjointe \u00e0 la cheffe de bureau,\n\u2022 de Mme G\u00e9raldine SEMOULIN, attach\u00e9e principale, cheffe du bureau de l'\u00e9loignement, \u00e0 :\n\u25e6 M. Fr\u00e9d\u00e9ric DEHEUNYNCK, d\u00e9l\u00e9gu\u00e9 principal au permis de conduire et \u00e0 la s\u00e9curit\u00e9  \nrouti\u00e8re, adjoint \u00e0 la cheffe du bureau de l'\u00e9loignement,\n\u25e6 M. Joris ARNAUDIES, attach\u00e9, adjoint \u00e0 la cheffe du bureau de l'\u00e9loignement.\n\u2022 de Mme Anne EUZET, attach\u00e9e principale, cheffe du bureau de l'asile et de l'h\u00e9bergement -  \nguichet unique des demandeurs d'asile de Lyon, \u00e0 :\n\u25e6 Mme Anne-Laure ZERR, attach\u00e9e, cheffe de la section instruction,\n\u25e6 Mme Ingrid DELAHAYE, attach\u00e9e, cheffe de la section accueil,\n\u25e6 Mme Carole SOULARD, secr\u00e9taire administrative de classe exceptionnelle, adjointe \u00e0 la  \ncheffe de section accueil.\n\u2022 de M. Patrick LAFABRIER , attach\u00e9 principal, chef du bureau des affaires g\u00e9n\u00e9rales et du  \ncontentieux, \u00e0 :\n\u25e6 M. Alexandre FOREL, attach\u00e9, adjoint au chef de bureau, chef de la section contentieux,\n\u25e6 Mme M\u00e9ry-Pierre LEROY, secr\u00e9taire administrative de classe exceptionnelle, cheffe de la  \nsection relation avec les usagers,\n\u25e6 M.  MEDDOUR  Amar,  secr\u00e9taire  administratif  de  classe  normale,  chef  de  la  section \naffaires g\u00e9n\u00e9rales.\n\u2022 de  M.  Olivier  VERCASSON ,  attach\u00e9  principal,  responsable  de  la  plateforme  \ninterd\u00e9partementale des naturalisations, \u00e0 :\n\u25e6 Mme  Magali  DONNET,  attach\u00e9e ,  adjointe  au  responsable  de  la  plateforme  \ninterd\u00e9partementale des naturalisations.\n\u2022 de Mme Jessica PERON, attach\u00e9e, cheffe du p\u00f4le r\u00e9gional Dublin, \u00e0 :\n\u25e6 Mme Cl\u00e9mentine ELONGBIL EWANE, attach\u00e9e, adjointe \u00e0 la cheffe de p\u00f4le, cheffe de la  \nsection instruction,\n\u25e6 M.  Nicolas  MUGUET,  secr\u00e9taire  administratif  de  classe  normale,  chef  de  la  section \naccueil au p\u00f4le r\u00e9gional Dublin,\n\u25e6 Mme  Marine  BIANCO,  secr\u00e9taire  administrative  de  classe  normale  au  p\u00f4le  r\u00e9gional \nDublin.\nDIRECTION DE LA S\u00c9CURIT\u00c9 ET DE LA PROTECTION CIVILE\n\u2022 de M. Richard WILPOTTE, attach\u00e9 principal, chef du bureau des polices administratives, \u00e0 :\n\u25e6 XXX, adjoint au chef de bureau,\n\u25e6 Mme C\u00e9cile DAFFIX, secr\u00e9taire administrative de classe exceptionnelle, cheffe de la  \nsection r\u00e9glementation routi\u00e8re.\n6/7\n69_Pr\u00e9f_Pr\u00e9fecture du Rh\u00f4ne - 69-2025-08-29-00003 - Arr\u00eat\u00e9 pr\u00e9fectoral portant d\u00e9l\u00e9gation de signature aux agents de la pr\u00e9fecture57\nPar ailleurs, pour la signature de certains documents vis\u00e9s \u00e0 l'article 1 er, \u00e0 savoir les actes relatifs aux \nsous-commissions  issues  de  la  commission  consultative  d\u00e9partementale  de  s\u00e9curit\u00e9  et  \nd'accessibilit\u00e9  (CCDSA),  d\u00e9l\u00e9gation  est  donn\u00e9e  en  cas  d'absence  ou  d'emp\u00eachement  de \nM. Emmanuel  BERNE,  ing\u00e9nieur  divisionnaire,  chef  du  service  interminist\u00e9riel  de  d\u00e9fense  et  de \nprotection civiles et de Mme Marie PAUGET, attach\u00e9e, cheffe du bureau de la pr\u00e9vention, \u00e0 :\n\u25aa Mme Mathilde VIRAT, secr\u00e9taire administrative de classe normale, charg\u00e9e du suivi  \nde  la  commission  s\u00e9curit\u00e9  incendie  /  r\u00e9glementation  ERP/IGH,  de  la  commission \nconsultative d\u00e9partementale de s\u00e9curit\u00e9 et d'accessibilit\u00e9,\n\u25aa Mme  Chlo\u00e9  GAYET,  contractuelle  de  cat\u00e9gorie  B,  charg\u00e9e  du  suivi  des  sous-\ncommissions de s\u00e9curit\u00e9.\nDIRECTION DE LA COORDINATION DES POLITIQUES INTERMINIST\u00c9RIELLES\n\u2022 de Mme Sandrine CANDELA , attach\u00e9e  principale, cheffe du centre de services partag\u00e9s  \nr\u00e9gional CHORUS (CSPR), \u00e0 :\n\u25e6 M. Jean-Luc BUCHSBAUM, attach\u00e9, adjoint \u00e0 la cheffe du centre de services partag\u00e9s  \nr\u00e9gional Chorus et chef de la section subventions et recettes,\n\u25e6 Mme Aur\u00e9lie HOARAU, attach\u00e9e, cheffe de la section d\u00e9penses de fonctionnement et  \nresponsables des demandes de paiement,\n\u25e6 M. Franck BEQIRAJ, attach\u00e9, chef de la section d\u00e9penses sur march\u00e9s,\n\u25e6 Mme G\u00e9raldine GRANGE, attach\u00e9e, charg\u00e9e de mission,\n\u25e6 Mme V\u00e9ronique REYNAUD, secr\u00e9taire administrative de classe sup\u00e9rieure, responsable  \ndes prestations financi\u00e8res,\n\u25e6 Mme Sylvie BOUCHAKER, adjointe administrative principale de 2 \u00e8me classe, responsable \ndes engagements juridiques,\n\u25e6 Mme Isabelle PEILLON, adjointe administrative principale de 1 \u00e8re classe, responsable des  \ndemandes de paiement.\nCABINET DE LA PR\u00c9F\u00c8TE DE R\u00c9GION, PR\u00c9F\u00c8TE DU RH\u00d4NE\n\u2022 M. Chaouki AMARA, attach\u00e9 principal, chef de cabinet, \u00e0 :\n\u25e6 Mme May KARMY, attach\u00e9e, adjointe au chef de cabinet ;\nArticle  12  : Le  pr\u00e9sent  arr\u00eat\u00e9  peut  faire  l'objet  d'un  recours  contentieux  devant  le  tribunal \nadministratif  de  Lyon  dans  un  d\u00e9lai  de  deux  mois  \u00e0  compter  de  sa  publication.  Le  tribunal \nadministratif peut \u00eatre saisi d'une requ\u00eate d\u00e9pos\u00e9e sur le site www.telerecours.fr.\nArticle 13 :  Le pr\u00e9fet, secr\u00e9taire g\u00e9n\u00e9ral de la pr\u00e9fecture, pr\u00e9fet d\u00e9l\u00e9gu\u00e9 pour l'\u00e9galit\u00e9 des chances,  \nest charg\u00e9 de l'ex\u00e9cution du pr\u00e9sent arr\u00eat\u00e9 qui sera publi\u00e9 au recueil des actes administratifs de la  \npr\u00e9fecture du Rh\u00f4ne.\n7/7\n69_Pr\u00e9f_Pr\u00e9fecture du Rh\u00f4ne - 69-2025-08-29-00003 - Arr\u00eat\u00e9 pr\u00e9fectoral portant d\u00e9l\u00e9gation de signature aux agents de la pr\u00e9fecture58\n84_ARS_Agence R\u00e9gionale de Sant\u00e9\nAuvergne-Rh\u00f4ne-Alpes\n69-2025-09-01-00015\n692025003 agr SOINS ET SANTE MOBILITE\n84_ARS_Agence R\u00e9gionale de Sant\u00e9 Auvergne-Rh\u00f4ne-Alpes - 69-2025-09-01-00015 - 692025003 agr SOINS ET SANTE MOBILITE 59\nCourrier : CS 93383 - 69418 Lyon cedex 03 \n04 72 34 74 00  \nwww.auvergne-rhone-alpes.ars.sante.fr \nConform\u00e9ment au r\u00e8glement (UE) 2016/679 du Parlement europ\u00e9en et \u00e0 la loi n\u00b0 78 -17 du 6 janvier 1978 modifi\u00e9e \nrelative \u00e0 l'informatique, aux fichiers et aux libert\u00e9s, vous pouvez acc\u00e9der aux donn\u00e9es vous concernant ou \ndemander leur effacement. Vous disposez \u00e9galement d'un droit d'opposition, d'un droit de rectification et d'un droit \n\u00e0 la limitation du traitement de vos donn\u00e9es. Pour exercer ces droits, vous pouvez contacter le D\u00e9l\u00e9gu\u00e9 \u00e0 la \nprotection des donn\u00e9es de l'ARS (ars-ara-dpd@ars.sante.fr). \n \n \n \n \n \n \n \n \nArr\u00eat\u00e9 n\u00b0 2025-10-0177 \nPortant agr\u00e9ment pour effectuer des transports sanitaires terrestres \n \n \nLa Directrice g\u00e9n\u00e9rale de l'Agence r\u00e9gionale de sant\u00e9 Auvergne-Rh\u00f4ne-Alpes \n \nVU le Code de la Sant\u00e9 Publique et notamment les articles L 6312-1 \u00e0 L 6313-1 et R 6312-1 \u00e0 R 6314-6 ; \nVU l'arr\u00eat\u00e9 minist\u00e9riel du 12 d\u00e9cembre 2017 modifi\u00e9 fixant les conditions exig\u00e9es pour les v\u00e9hicules et \nles installations mat\u00e9rielles affect\u00e9s aux transports sanitaires terrestres ; \n \nConsid\u00e9rant la demande d'agr\u00e9ment pour une entreprise de transports sanitaires d\u00e9pos\u00e9e l e 12 juin \n2025 par Madame St\u00e9phanie GARETTA pour la soci\u00e9t\u00e9 SOINS ET SANTE MOBILITE via la plateforme \nDEMARCHES SIMPLIFIEES, sous la r\u00e9f\u00e9rence n\u00b0 21924102, \nConsid\u00e9rant les statuts constitutifs de SOINS ET SANTE MOBILITE \u00e9tablis le 03 f\u00e9vrier 2025 ; \nConsid\u00e9rant l'extrait d'immatriculation principale au registre du commerce et  des soci\u00e9t\u00e9s \u00e0 jour au \n27 ao\u00fbt 2025, du Greffe du Tribunal des Activit\u00e9s Economiques de Lyon ; \nConsid\u00e9rant l'acte d\u00e9finitif \u00e9tabli le 30 mai 2025 entre la soci\u00e9t\u00e9 AMBEVER sise \u00e0 OULLINS PIERRE -\nBENITE et la soci\u00e9t\u00e9 SOINS ET SANTE MOBILITE, relatif \u00e0 la cession d'autorisation de mise en \ncirculation de cat\u00e9gorie C et du v\u00e9hicule associ\u00e9 MERCEDES-BENZ n\u00b0 HD-296-BN,  \nConsid\u00e9rant l'acte d\u00e9finitif \u00e9tabli le 30 mai 2025 entre la soci\u00e9t\u00e9 AMBEVER  sise \u00e0 OULLINS PIERRE -\nBENITE et la soci\u00e9t\u00e9 SOINS ET SANTE MOBILITE, relatif \u00e0 la cession d'autorisation de mise en \ncirculation de cat\u00e9gorie D et du v\u00e9hicule associ\u00e9 VOLKSWAGEN n\u00b0 HC-182-QZ,  \nConsid\u00e9rant l'acte d\u00e9finitif \u00e9tabli le 30 mai 2025 entre la soci\u00e9t\u00e9 URGEVER (BB AMBULANCES -\nAMBULANCES BASSET) sise \u00e0 OULLINS PIERRE-BENITE et la soci\u00e9t\u00e9 SOINS ET SANTE MOBILITE, relatif \n\u00e0 la cession d'autorisation de mise en circulation de cat\u00e9gorie C et du v\u00e9hicule associ\u00e9 MERCEDES -\nBENZ n\u00b0 HD-328-BN, \nConsid\u00e9rant l'attestation de conformit\u00e9 des installations mat\u00e9rielles d\u00e9pos\u00e9e le 07 ao\u00fbt 2025  par \nMadame St\u00e9phanie GARETTA  pour SOINS ET SANTE MOBILITE  via la plateforme DEMARCHES \nSIMPLIFIEES, sous la r\u00e9f\u00e9rence n\u00b0 25479280, \nConsid\u00e9rant la liste pr\u00e9visionnelle des personnels constituant les \u00e9quipages ambulanciers d\u00e9pos\u00e9e le \n12 juin 2025  par Madame St\u00e9phanie GARETTA , pour SOINS ET SANTE MOBILITE  via la plateforme \nDEMARCHES SIMPLIFIEES, sous la r\u00e9f\u00e9rence n\u00b0 21924102, \n \n \n \n \n \n84_ARS_Agence R\u00e9gionale de Sant\u00e9 Auvergne-Rh\u00f4ne-Alpes - 69-2025-09-01-00015 - 692025003 agr SOINS ET SANTE MOBILITE 60\n-ARR\u00caTE- \n \nARTICLE 1  : un agr\u00e9ment pour effectuer des transports sanitaires terrestres sur prescription \nm\u00e9dicale et dans le cadre de l'aide m\u00e9dicale urgente, est d\u00e9livr\u00e9 \u00e0 :  \n \nSOINS ET SANTE MOBILITE \nPr\u00e9sident : Monsieur Jean-Paul VARICHON \nDirecteur g\u00e9n\u00e9ral : Madame St\u00e9phanie GARETTA \n325B rue Maryse Basti\u00e9 69140 RILLIEUX LA PAPE \n \nN\u00b0 d'agr\u00e9ment : 692025003 \n \nARTICLE 2 : l'agr\u00e9ment est d\u00e9livr\u00e9 pour l'implantation \u00e0 l'adresse ci-dessus mentionn\u00e9e.  \n \nARTICLE 3 : les v\u00e9hicules de transports sanitaires associ\u00e9s \u00e0 cette implantation font l'objet d'une \nd\u00e9cision d'autorisation de mise en service conform\u00e9ment aux dispositions de l'article L.6312 -4 du \ncode de sant\u00e9 publique. \n \nARTICLE 4 : la personne titulaire de l'agr\u00e9ment devra porter sans d\u00e9lai \u00e0 la connaissance de l'agence \nr\u00e9gionale de sant\u00e9,  \n- toutes modifications au regard des normes pr\u00e9vues, toute mise hors service, cession ou \nmodification des v\u00e9hicules indiqu\u00e9s, \n- toute embauche de nouveau personnel, \n- toute cessation de fonctions d'un ou plusieurs membres de leur personnel, \n- toute obtention par le personnel de dipl\u00f4me relatif \u00e0 la profession,  \nL'inobservation de tout ou partie de ces dispositions est susceptible d'entrainer une suspension ou \nun retrait d'agr\u00e9ment. \n \nARTICLE 5  : le pr\u00e9sent arr\u00eat\u00e9 peut faire l'objet d'un recours contentieux aupr\u00e8s du tribunal \nadministratif comp\u00e9tent, dans un d\u00e9lai de deux mois \u00e0 compter de sa notification pour le titulaire \net de sa publication au recueil des actes administratifs pour les tiers. \n \nARTICLE 6 : Monsieur le Directeur de la d\u00e9l\u00e9gation d\u00e9partementale du Rh\u00f4ne et de la M\u00e9tropole \nde Lyon est charg\u00e9 de l'ex\u00e9cution du pr\u00e9sent arr\u00eat\u00e9, qui sera publi\u00e9 au recueil des actes \nadministratifs de la Pr\u00e9fecture du Rh\u00f4ne. \n \n \nLYON, le 1er septembre 2025 \n \nPour la  Directrice g\u00e9n\u00e9rale de \nl'Agence R\u00e9gionale de Sant\u00e9 \nAuvergne-Rh\u00f4ne-Alpes \nPhilippe GUETAT \n \n84_ARS_Agence R\u00e9gionale de Sant\u00e9 Auvergne-Rh\u00f4ne-Alpes - 69-2025-09-01-00015 - 692025003 agr SOINS ET SANTE MOBILITE 61","date":"2025-09-01","first_seen_on":"2025-09-01T14:27:40+00:00","id":"17eeae60fa95c44705330b37efb23ea0e886815a23791c320c298ee0b251f05a","name":"RAA_69-2025-221-010925","pdf_creation_date":"2025-09-01T13:50:46+00:00","pdf_modification_date":"2025-09-01T14:51:52+00:00","timezone":"Europe/Paris","url":"https://www.rhone.gouv.fr/contenu/telechargement/65297/440590/file/RAA_69-2025-221-010925.pdf"}
