{"administration":"pref21","administration_name":"Pr\u00e9fecture de C\u00f4te-d\u2019Or","content":"PR\u00c9FET\nDE LA C\u00d4TE-D'OR\nRECUEIL DES ACTES\nADMINISTRATIFS SP\u00c9CIAL\n(NOMINATIFS)\nN\u00b021-2025-043\nPUBLI\u00c9 LE 18 MARS 2025\nSommaire\nPr\u00e9fecture de la C\u00f4te-d'Or / Direction de la coordination, des politiques\npubliques et de l'appui territorial\n21-2025-03-17-00014 - d\u00e9l\u00e9gation de signature \u00e0 l'occasion des\npermanences de week-ends, de jours f\u00e9ri\u00e9s ou de jours ch\u00f4m\u00e9s (2\npages) Page 3\nPr\u00e9fecture de la C\u00f4te-d'Or / P\u00f4le juridique inter-services\n21-2025-03-17-00013 - \nArr\u00eat\u00e9 pr\u00e9fectoral n\u00b0 447 / SG du 17 mars\n2025\ndonnant d\u00e9l\u00e9gation de signature \u00e0 l'occasion des\npermanences de week-ends, de jours f\u00e9ri\u00e9s ou de jours ch\u00f4m\u00e9s (2\npages) Page 6\n2\nPr\u00e9fecture de la C\u00f4te-d'Or\nDirection de la coordination, des politiques\npubliques et de l'appui territorial\n21-2025-03-17-00014\nd\u00e9l\u00e9gation de signature \u00e0 l'occasion des\npermanences de week-ends, de jours f\u00e9ri\u00e9s ou de\njours ch\u00f4m\u00e9s\nPr\u00e9fecture de la C\u00f4te-d'Or - 21-2025-03-17-00014 - d\u00e9l\u00e9gation de signature \u00e0 l'occasion des permanences de week-ends, de jours f\u00e9ri\u00e9s\nou de jours ch\u00f4m\u00e9s 3\nExPREFETDE LACOTE-D'ORLibert\u00e9Egalit\u00e9Fraternit\u00e9\nArr\u00eat\u00e9 pr\u00e9fectoral n\u00b0 447 / SG du 17 mars 2025\ndonnant d\u00e9l\u00e9gation de signature \u00e0 l'occasion des permanences de week-ends, de jours f\u00e9ri\u00e9s \nou de jours ch\u00f4m\u00e9s\nLe Pr\u00e9fet de la C\u00f4te-d'Or\nVu la loi n\u00b0 82.213 du 2 mars 1982 modifi\u00e9e relative aux droits et libert\u00e9s des communes, des  \nd\u00e9partements et des r\u00e9gions ;\nVu le d\u00e9cret n\u00b0 2004-374 du 29 avril 2004 relatif aux pouvoirs des pr\u00e9fets, \u00e0 l'organisation et \u00e0  \nl'action des services de l'\u00c9tat dans les r\u00e9gions et d\u00e9partements, modifi\u00e9 par le d\u00e9cret n\u00b0 2010-\n146 du 16 f\u00e9vrier 2010 et par le d\u00e9cret n\u00b0 2010-687 du 24 juin 2010 ;\nVu le d\u00e9cret n\u00b0 2008-158 du 22 f\u00e9vrier 2008 relatif \u00e0 la suppl\u00e9ance des pr\u00e9fets de r\u00e9gion et \u00e0 la  \nd\u00e9l\u00e9gation  de  signature  des  pr\u00e9fets  et  hauts  commissaires  de  la  R\u00e9publique  en  Polyn\u00e9sie \nfran\u00e7aise et en Nouvelle-Cal\u00e9donie ;\nVu le d\u00e9cret n\u00b0 2009-176 du 16 f\u00e9vrier 2009 modifiant le d\u00e9cret n\u00b0 64-805 du 29  juillet 1964  \nfixant les dispositions r\u00e9glementaires applicables aux pr\u00e9fets et le d\u00e9cret n\u00b0 2004-374 du 29 avril  \n2004 relatif aux pouvoirs des pr\u00e9fets, \u00e0 l'organisation et \u00e0 l'action des services de l'\u00c9tat dans les  \nr\u00e9gions et d\u00e9partements ;\nVu le  d\u00e9cret  du  10  octobre  2024  nommant  Monsieur  Paul  MOURIER,  pr\u00e9fet  de  la  r\u00e9gion\nBourgogne-Franche-Comt\u00e9, pr\u00e9fet de la C\u00f4te-d'Or;\nVu l'arr\u00eat\u00e9 du Premier ministre et du ministre de l'Int\u00e9rieur en date du 12 janvier 2022 nommant  \nMme Anne COSTE  DE CHAMPERON, administratrice  de  l'\u00c9tat  hors classe, en qualit\u00e9 de  \nsecr\u00e9taire g\u00e9n\u00e9rale pour les affaires r\u00e9gionales de la R\u00e9gion Bourgogne-Franche-Comt\u00e9, \u00e0  \ncompter du 1er f\u00e9vrier 2022;\nVu le d\u00e9cret du 6 juillet 2023 portant nomination de Monsieur Beno\u00eet BYRSKI en qualit\u00e9 de sous-\npr\u00e9fet de Beaune ;\nVu le d\u00e9cret du 17 novembre 2023 portant nomination de Monsieur S\u00e9bastien LANOYE en  \nqualit\u00e9 de sous-pr\u00e9fet de Montbard ;\nVu le  d\u00e9cret  du  14  novembre  2024  portant  nomination  de  Monsieur  Denis  BRUEL,  \nadministrateur de l'\u00c9tat du deuxi\u00e8me grade, en qualit\u00e9 de secr\u00e9taire g\u00e9n\u00e9ral de la pr\u00e9fecture de  \nla C\u00f4te-d'Or, sous-pr\u00e9fet de Dijon (groupe II) ;  \nVu le d\u00e9cret du 6 mars 2025  portant nomination de Madame Aur\u00e9lie CONTRECIVILE, sous-\npr\u00e9f\u00e8te, en qualit\u00e9 de sous-pr\u00e9f\u00e8te, directrice de cabin et du pr\u00e9fet de la R\u00e9gion Bourgogne-\nFranche-Comt\u00e9, pr\u00e9fet de la C\u00f4te-d'Or ;\n  \nPr\u00e9fecture de la C\u00f4te-d'Or - 21-2025-03-17-00014 - d\u00e9l\u00e9gation de signature \u00e0 l'occasion des permanences de week-ends, de jours f\u00e9ri\u00e9s\nou de jours ch\u00f4m\u00e9s 4\nVu l'arr\u00eat\u00e9 pr\u00e9fectoral n\u00b0 1828 /SG du 29 novembre 2024  donnant d\u00e9l\u00e9gation de signature \u00e0  \nl'occasion des permanences de week-ends, de jours f\u00e9ri\u00e9s ou de jours ch\u00f4m\u00e9s ;\nConsid\u00e9rant que la mise en place de tours de permanence pendant les week-ends, jours f\u00e9ri\u00e9s  \net ch\u00f4m\u00e9s constitue un moyen visant \u00e0 assurer la continuit\u00e9 du service public ;\nSur proposition de Monsieur le  secr\u00e9taire g\u00e9n\u00e9ral de la pr\u00e9fecture de la C\u00f4te-d'Or ;\nARR\u00caTE\nArticle 1er     :   L'arr\u00eat\u00e9 pr\u00e9fectoral n\u00b0  1828 /SG  du 29 novembre 2024  donnant  d\u00e9l\u00e9gation de  \nsignature \u00e0 l'occasion des permanences de week-ends, de jours f\u00e9ri\u00e9s ou de jours ch\u00f4m\u00e9s et  \ntoutes  dispositions  ant\u00e9rieures  contraires  au  pr\u00e9sent  arr\u00eat\u00e9  sont  abrog\u00e9s  \u00e0  compter  du  2 \nd\u00e9cembre 2024.\nArticle  2 :  Pendant  les  permanences  des  week-ends,  de  jours  f\u00e9ri\u00e9s  et  de  jours  ch\u00f4m\u00e9s, \nd\u00e9l\u00e9gation de signature est donn\u00e9e en toutes mati\u00e8res, sous r\u00e9serve des exceptions \u00e9num\u00e9r\u00e9es  \n\u00e0 l'article 3, pour l'ensemble du d\u00e9partement et en fonction du tour de permanence pr\u00e9\u00e9tabli soit  \n\u00e0 :\n- Monsieur Denis BRUEL, secr\u00e9taire g\u00e9n\u00e9ral de la pr\u00e9fecture de la C\u00f4te-d'Or ;\n       - Madame Aur\u00e9lie CONTRECIVILE, sous-pr\u00e9f\u00e8te, directrice de cabinet du pr\u00e9fet de la R\u00e9gion  \nBourgogne-Franche-Comt\u00e9, pr\u00e9fet de la C\u00f4te-d'Or ;\n        -  Monsieur Beno\u00eet BYRSKI, sous-pr\u00e9fet de Beaune ;\n        - Monsieur S\u00e9bastien LANOYE, sous-pr\u00e9fet de Montbard ;\n        - Madame Anne COSTE DE CHAMPERON, secr\u00e9taire g\u00e9n\u00e9rale pour les affaires r\u00e9gionales de \nla r\u00e9gion Bourgogne-Franche-Comt\u00e9 ; \nArticle 3 : Sont exclus de la pr\u00e9sente d\u00e9l\u00e9gation de signature :\n\u2013 les d\u00e9clinatoires de comp\u00e9tences,\n\u2013 les arr\u00eat\u00e9s de conflit.\nArticle 4 : Le pr\u00e9sent arr\u00eat\u00e9 prendra effet le lundi 17 mars 2025.\nArticle 5  : Le  secr\u00e9taire g\u00e9n\u00e9ral de la pr\u00e9fecture de la C\u00f4te-d'Or  , la directrice de cabinet  du \npr\u00e9fet de la r\u00e9gion Bourgogne-Franche-Comt\u00e9, pr\u00e9fet de la C\u00f4te-d'Or , le sous-pr\u00e9fet de Beaune, \nle sous-pr\u00e9fet de Montbard et la secr\u00e9taire g\u00e9n\u00e9rale pour les affaires r\u00e9gionales de la r\u00e9gion  \nBourgogne-Franche-Comt\u00e9 sont charg\u00e9s de l'ex\u00e9cution du pr\u00e9sent arr\u00eat\u00e9 qui sera publi\u00e9 au  \nrecueil des actes administratifs de la pr\u00e9fecture de la C\u00f4te-d'Or.\n         Fait \u00e0 Dijon, le 17 mars 2025\nLe pr\u00e9fet,\nSign\u00e9:\n          Paul MOURIER\n2/2\nPr\u00e9fecture de la C\u00f4te-d'Or - 21-2025-03-17-00014 - d\u00e9l\u00e9gation de signature \u00e0 l'occasion des permanences de week-ends, de jours f\u00e9ri\u00e9s\nou de jours ch\u00f4m\u00e9s 5\nPr\u00e9fecture de la C\u00f4te-d'Or\nP\u00f4le juridique inter-services\n21-2025-03-17-00013\nArr\u00eat\u00e9 pr\u00e9fectoral n\u00b0 447 / SG du 17 mars 2025\ndonnant d\u00e9l\u00e9gation de signature \u00e0 l'occasion des\npermanences de week-ends, de jours f\u00e9ri\u00e9s ou de\njours ch\u00f4m\u00e9s\nPr\u00e9fecture de la C\u00f4te-d'Or - 21-2025-03-17-00013 - \nArr\u00eat\u00e9 pr\u00e9fectoral n\u00b0 447 / SG du 17 mars 2025\ndonnant d\u00e9l\u00e9gation de signature \u00e0 l'occasion des permanences de week-ends, de jours f\u00e9ri\u00e9s ou de jours ch\u00f4m\u00e9s\n6\nExPREFETDE LACOTE-D'ORLibert\u00e9Egalit\u00e9Fraternit\u00e9\nArr\u00eat\u00e9 pr\u00e9fectoral n\u00b0 447 / SG du 17 mars 2025\ndonnant d\u00e9l\u00e9gation de signature \u00e0 l'occasion des permanences de week-ends, de jours f\u00e9ri\u00e9s \nou de jours ch\u00f4m\u00e9s\nLe Pr\u00e9fet de la C\u00f4te-d'Or\nVu la loi n\u00b0 82.213 du 2 mars 1982 modifi\u00e9e relative aux droits et libert\u00e9s des communes, des  \nd\u00e9partements et des r\u00e9gions ;\nVu le d\u00e9cret n\u00b0 2004-374 du 29 avril 2004 relatif aux pouvoirs des pr\u00e9fets, \u00e0 l'organisation et \u00e0  \nl'action des services de l'\u00c9tat dans les r\u00e9gions et d\u00e9partements, modifi\u00e9 par le d\u00e9cret n\u00b0 2010-\n146 du 16 f\u00e9vrier 2010 et par le d\u00e9cret n\u00b0 2010-687 du 24 juin 2010 ;\nVu le d\u00e9cret n\u00b0 2008-158 du 22 f\u00e9vrier 2008 relatif \u00e0 la suppl\u00e9ance des pr\u00e9fets de r\u00e9gion et \u00e0 la  \nd\u00e9l\u00e9gation  de  signature  des  pr\u00e9fets  et  hauts  commissaires  de  la  R\u00e9publique  en  Polyn\u00e9sie \nfran\u00e7aise et en Nouvelle-Cal\u00e9donie ;\nVu le d\u00e9cret n\u00b0 2009-176 du 16 f\u00e9vrier 2009 modifiant le d\u00e9cret n\u00b0 64-805 du 29  juillet 1964  \nfixant les dispositions r\u00e9glementaires applicables aux pr\u00e9fets et le d\u00e9cret n\u00b0 2004-374 du 29 avril  \n2004 relatif aux pouvoirs des pr\u00e9fets, \u00e0 l'organisation et \u00e0 l'action des services de l'\u00c9tat dans les  \nr\u00e9gions et d\u00e9partements ;\nVu le  d\u00e9cret  du  10  octobre  2024  nommant  Monsieur  Paul  MOURIER,  pr\u00e9fet  de  la  r\u00e9gion\nBourgogne-Franche-Comt\u00e9, pr\u00e9fet de la C\u00f4te-d'Or;\nVu l'arr\u00eat\u00e9 du Premier ministre et du ministre de l'Int\u00e9rieur en date du 12 janvier 2022 nommant  \nMme Anne COSTE  DE CHAMPERON, administratrice  de  l'\u00c9tat  hors classe, en qualit\u00e9 de  \nsecr\u00e9taire g\u00e9n\u00e9rale pour les affaires r\u00e9gionales de la R\u00e9gion Bourgogne-Franche-Comt\u00e9, \u00e0  \ncompter du 1er f\u00e9vrier 2022;\nVu le d\u00e9cret du 6 juillet 2023 portant nomination de Monsieur Beno\u00eet BYRSKI en qualit\u00e9 de sous-\npr\u00e9fet de Beaune ;\nVu le d\u00e9cret du 17 novembre 2023 portant nomination de Monsieur S\u00e9bastien LANOYE en  \nqualit\u00e9 de sous-pr\u00e9fet de Montbard ;\nVu le  d\u00e9cret  du  14  novembre  2024  portant  nomination  de  Monsieur  Denis  BRUEL,  \nadministrateur de l'\u00c9tat du deuxi\u00e8me grade, en qualit\u00e9 de secr\u00e9taire g\u00e9n\u00e9ral de la pr\u00e9fecture de  \nla C\u00f4te-d'Or, sous-pr\u00e9fet de Dijon (groupe II) ;  \nVu le d\u00e9cret du 6 mars 2025  portant nomination de Madame Aur\u00e9lie CONTRECIVILE, sous-\npr\u00e9f\u00e8te, en qualit\u00e9 de sous-pr\u00e9f\u00e8te, directrice de cabin et du pr\u00e9fet de la R\u00e9gion Bourgogne-\nFranche-Comt\u00e9, pr\u00e9fet de la C\u00f4te-d'Or ;\n  \nPr\u00e9fecture de la C\u00f4te-d'Or - 21-2025-03-17-00013 - \nArr\u00eat\u00e9 pr\u00e9fectoral n\u00b0 447 / SG du 17 mars 2025\ndonnant d\u00e9l\u00e9gation de signature \u00e0 l'occasion des permanences de week-ends, de jours f\u00e9ri\u00e9s ou de jours ch\u00f4m\u00e9s\n7\nVu l'arr\u00eat\u00e9 pr\u00e9fectoral n\u00b0 1828 /SG du 29 novembre 2024  donnant d\u00e9l\u00e9gation de signature \u00e0  \nl'occasion des permanences de week-ends, de jours f\u00e9ri\u00e9s ou de jours ch\u00f4m\u00e9s ;\nConsid\u00e9rant que la mise en place de tours de permanence pendant les week-ends, jours f\u00e9ri\u00e9s  \net ch\u00f4m\u00e9s constitue un moyen visant \u00e0 assurer la continuit\u00e9 du service public ;\nSur proposition de Monsieur le  secr\u00e9taire g\u00e9n\u00e9ral de la pr\u00e9fecture de la C\u00f4te-d'Or ;\nARR\u00caTE\nArticle 1er     :   L'arr\u00eat\u00e9 pr\u00e9fectoral n\u00b0  1828 /SG  du 29 novembre 2024  donnant  d\u00e9l\u00e9gation de  \nsignature \u00e0 l'occasion des permanences de week-ends, de jours f\u00e9ri\u00e9s ou de jours ch\u00f4m\u00e9s et  \ntoutes  dispositions  ant\u00e9rieures  contraires  au  pr\u00e9sent  arr\u00eat\u00e9  sont  abrog\u00e9s  \u00e0  compter  du  2 \nd\u00e9cembre 2024.\nArticle  2 :  Pendant  les  permanences  des  week-ends,  de  jours  f\u00e9ri\u00e9s  et  de  jours  ch\u00f4m\u00e9s, \nd\u00e9l\u00e9gation de signature est donn\u00e9e en toutes mati\u00e8res, sous r\u00e9serve des exceptions \u00e9num\u00e9r\u00e9es  \n\u00e0 l'article 3, pour l'ensemble du d\u00e9partement et en fonction du tour de permanence pr\u00e9\u00e9tabli soit  \n\u00e0 :\n- Monsieur Denis BRUEL, secr\u00e9taire g\u00e9n\u00e9ral de la pr\u00e9fecture de la C\u00f4te-d'Or ;\n       - Madame Aur\u00e9lie CONTRECIVILE, sous-pr\u00e9f\u00e8te, directrice de cabinet du pr\u00e9fet de la R\u00e9gion  \nBourgogne-Franche-Comt\u00e9, pr\u00e9fet de la C\u00f4te-d'Or ;\n        -  Monsieur Beno\u00eet BYRSKI, sous-pr\u00e9fet de Beaune ;\n        - Monsieur S\u00e9bastien LANOYE, sous-pr\u00e9fet de Montbard ;\n        - Madame Anne COSTE DE CHAMPERON, secr\u00e9taire g\u00e9n\u00e9rale pour les affaires r\u00e9gionales de \nla r\u00e9gion Bourgogne-Franche-Comt\u00e9 ; \nArticle 3 : Sont exclus de la pr\u00e9sente d\u00e9l\u00e9gation de signature :\n\u2013 les d\u00e9clinatoires de comp\u00e9tences,\n\u2013 les arr\u00eat\u00e9s de conflit.\nArticle 4 : Le pr\u00e9sent arr\u00eat\u00e9 prendra effet le lundi 17 mars 2025.\nArticle 5  : Le  secr\u00e9taire g\u00e9n\u00e9ral de la pr\u00e9fecture de la C\u00f4te-d'Or  , la directrice de cabinet  du \npr\u00e9fet de la r\u00e9gion Bourgogne-Franche-Comt\u00e9, pr\u00e9fet de la C\u00f4te-d'Or , le sous-pr\u00e9fet de Beaune, \nle sous-pr\u00e9fet de Montbard et la secr\u00e9taire g\u00e9n\u00e9rale pour les affaires r\u00e9gionales de la r\u00e9gion  \nBourgogne-Franche-Comt\u00e9 sont charg\u00e9s de l'ex\u00e9cution du pr\u00e9sent arr\u00eat\u00e9 qui sera publi\u00e9 au  \nrecueil des actes administratifs de la pr\u00e9fecture de la C\u00f4te-d'Or.\n         Fait \u00e0 Dijon, le 17 mars 2025\nLe pr\u00e9fet,\nSign\u00e9:\n          Paul MOURIER\n2/2\nPr\u00e9fecture de la C\u00f4te-d'Or - 21-2025-03-17-00013 - \nArr\u00eat\u00e9 pr\u00e9fectoral n\u00b0 447 / SG du 17 mars 2025\ndonnant d\u00e9l\u00e9gation de signature \u00e0 l'occasion des permanences de week-ends, de jours f\u00e9ri\u00e9s ou de jours ch\u00f4m\u00e9s\n8","date":"2025-03-18","first_seen_on":"2025-09-14T02:11:51+00:00","id":"18065a7541b157e9241d3c3eb51b011f0a8624f05ea44fda26f955b0a5f5ee12","name":"RAA n\u00b0 043 du 18 mars 2025","pdf_creation_date":"2025-03-18T15:20:56+00:00","pdf_modification_date":null,"timezone":"Europe/Paris","url":"https://www.cote-dor.gouv.fr/contenu/telechargement/22978/175391/file/recueil-21-2025-043-recueil-des-actes-administratifs-nominatifs.pdf"}
