{"administration":"prefidf","administration_name":"Pr\u00e9fecture de la r\u00e9gion \u00cele-de-France","content":"PREFECTURE\nREGION ILE DE\nFRANCE\nRECUEIL DES ACTES\nADMINISTRATIFS SP\u00c9CIAL\nN\u00b0IDF-011-2025-04\nPUBLI\u00c9 LE  4 AVRIL 2025\nSommaire\nChambre de commerce et d'industrie de r\u00e9gion Paris - \u00cele-de-France /\nIDF-2025-04-03-00002 - D\u00e9l\u00e9gation de signature tr\u00e9sorier de la\nChambre de commerce et d'industrie de r\u00e9gion Paris-Ile-de-France\nCCID (1 page) Page 4\nIDF-2025-03-28-00007 - D\u00e9l\u00e9gations de signature - Liste des conseillers\net assistants formalistes DFCE (2 pages) Page 6\nDirection r\u00e9gionale et interd\u00e9partementale de l'\u00e9conomie, de l'emploi,\ndu travail et des solidarit\u00e9s d'\u00cele-de-France / secr\u00e9tariat de direction\nIDF-2025-04-04-00003 - D\u00c9CISION n\u00b0 2025-065 du 04 avril\n2025\nPortant subd\u00e9l\u00e9gation de signature de Monsieur Marc\nRohfritsch, Directeur r\u00e9gional et interd\u00e9partemental de\nl'\u00c9conomie, de l'Emploi, du Travail et des Solidarit\u00e9s\nd'\u00cele-de-France\npar int\u00e9rim, aux agents de l'unit\u00e9\nd\u00e9partementale de la Seine-Saint-Denis (9 pages) Page 9\nIDF-2025-04-04-00009 - D\u00e9cision n\u00b0 2025-071 du 4 avril 2025\nportant\nd\u00e9l\u00e9gation de signature du directeur r\u00e9gional et\ninterd\u00e9partemental\nde l'\u00e9conomie, de l'emploi, du travail et\ndes solidarit\u00e9s d'\u00cele-de-France (3 pages) Page 19\nIDF-2025-04-04-00010 - D\u00e9cision n\u00b0 2025-072 du 04 avril 2025\nPortant\nd\u00e9l\u00e9gation de signature du directeur r\u00e9gional et\ninterd\u00e9partemental de l'\u00e9conomie, de l'emploi, du travail et des\nsolidarit\u00e9s aux agents de l'unit\u00e9 d\u00e9partementale de Paris (6 pages) Page 23\nIDF-2025-04-04-00002 - D\u00e9cision n\u00b0 2025-70 du 4 avril 2025\nPortant\nd\u00e9l\u00e9gation de signature du directeur r\u00e9gional et\ninterd\u00e9partemental de l'\u00e9conomie, de l'emploi, du travail et des\nsolidarit\u00e9s (9 pages) Page 30\nIDF-2025-04-04-00001 - D\u00e9cision n\u00b02025-066 du 04 avril 2025\nPortant\nsubd\u00e9l\u00e9gation de signature de Monsieur Marc Rohfritsch, Directeur\nr\u00e9gional et interd\u00e9partemental de l'\u00c9conomie, de l'Emploi, du\nTravail et des Solidarit\u00e9s d'\u00cele-de-France\npar int\u00e9rim, aux agents\nde l'unit\u00e9 d\u00e9partementale du Val-de-Marne (6 pages) Page 40\nPr\u00e9fecture de la r\u00e9gion d'Ile-de-France, pr\u00e9fecture de\nParis-Secr\u00e9tariat g\u00e9n\u00e9ral aux politiques publiques / Direction des\naffaires juridiques\nIDF-2025-04-04-00006 - Arr\u00eat\u00e9\n\nportant d\u00e9l\u00e9gation de signature\n\u00e0 M. Marc ROHFRITSCH, ing\u00e9nieur en chef des mines, responsable du\np\u00f4le \u00ab entreprises, emploi et solidarit\u00e9s \u00bb de la direction r\u00e9gionale\net interd\u00e9partementale de l'\u00e9conomie, de l'emploi, du travail et des\nsolidarit\u00e9s d'\u00cele-de-France, charg\u00e9 de l'int\u00e9rim de l'emploi de\ndirecteur r\u00e9gional et interd\u00e9partemental de l'\u00e9conomie, de l'emploi,\ndu travail et des solidarit\u00e9s d'\u00cele-de-France, en mati\u00e8re\nd'ordonnancement secondaire\n (4 pages) Page 47\n2\nIDF-2025-04-04-00007 - Arr\u00eat\u00e9\nportant d\u00e9l\u00e9gation de signature \u00e0\nM. Marc ROHFRITSCH, ing\u00e9nieur en chef des mines, responsable du\np\u00f4le\n\u00ab entreprises, emploi et solidarit\u00e9s \u00bb de la direction\nr\u00e9gionale et interd\u00e9partementale de l'\u00e9conomie, de l'emploi,\ndu\ntravail et des solidarit\u00e9s d'\u00cele-de-France, charg\u00e9 de l'int\u00e9rim de\nl'emploi de directeur r\u00e9gional et\ninterd\u00e9partemental de\nl'\u00e9conomie, de l'emploi, du travail et des solidarit\u00e9s\nd'\u00cele-de-France,\nen mati\u00e8re administrative (3 pages) Page 52\nIDF-2025-04-04-00008 - Arr\u00eat\u00e9 \n\nportant d\u00e9l\u00e9gation de signature\n\u00e0 Monsieur Marc ROHFRITSCH, ing\u00e9nieur en chef des mines,\nresponsable du p\u00f4le \u00ab entreprises, emploi et solidarit\u00e9s \u00bb de la\ndirection r\u00e9gionale et interd\u00e9partementale de l'\u00e9conomie,\nde\nl'emploi, du travail et des solidarit\u00e9s d'\u00cele-de-France, charg\u00e9 de\nl'int\u00e9rim de l'emploi de directeur r\u00e9gional et interd\u00e9partemental\nde l'\u00e9conomie, de l'emploi, du travail et des solidarit\u00e9s\nd'\u00cele-de-France d'Ile-de-France,\npour nommer les agents de\ncontr\u00f4le de la formation professionnelle commissionn\u00e9s \npour\neffectuer des contr\u00f4les au titre de la formation professionnelle continue,\nde l'apprentissage et \ndes op\u00e9rations cofinanc\u00e9es par le Fonds\nSocial Europ\u00e9en\n (2 pages) Page 56\nRectorat de la r\u00e9gion acad\u00e9mique d'Ile-de-France, rectorat de\nl'acad\u00e9mie de Paris /\nIDF-2025-04-02-00003 - Arr\u00eat\u00e9 n\u00b0 2025-037-RRA portant\nsubd\u00e9l\u00e9gation de signature en mati\u00e8re d'ordonnancement secondaire\ndes budgets op\u00e9rationnels de programmes n\u00b0 150, 163, 214, 219, 362 et\n363 et les unit\u00e9s op\u00e9rationnelles des programmes n\u00b0348 et 349 (7\npages) Page 59\nIDF-2025-04-02-00004 - Arr\u00eat\u00e9 n\u00b0 2025-038-RRA portant\nsubd\u00e9l\u00e9gation de signature en mati\u00e8re d'achats publics (4 pages) Page 67\n3\nChambre de commerce et d'industrie de r\u00e9gion\nParis - \u00cele-de-France\nIDF-2025-04-03-00002\nD\u00e9l\u00e9gation de signature tr\u00e9sorier de la Chambre\nde commerce et d'industrie de r\u00e9gion\nParis-Ile-de-France CCID\nChambre de commerce et d'industrie de r\u00e9gion Paris - \u00cele-de-France - IDF-2025-04-03-00002 - D\u00e9l\u00e9gation de signature tr\u00e9sorier de la\nChambre de commerce et d'industrie de r\u00e9gion Paris-Ile-de-France CCID 4\nCG CCI PARIS ILE-DE-FRANCE\nUN mn L\n~ -\n\u2014 +\nae\n+ -\n_ - m\n= + + UN\n\u2014-  -\n- ae\net : \u00b0 \u00b0\n| \" ' leurlles il\n\u00b0 \u00e0 M. SOURY\n-Yvelines,\n: ~ Mme BRIARD\nence et d'emp\u00e9chement \u00e0 Mme\n \nDiffusion : \nSur le site www.cci-paris-idf.fr \nRecueil des actes administratifs de la pr\u00e9fecture de r\u00e9gion Ile -de-France  \n \nD\u00c9CISION \n \nVu le code de commerce et notamment l'article R. 711-13, \nVu le r\u00e8glement int\u00e9rieur de la Chambre de commerce et d'industrie de r\u00e9gion Paris-Ile-de-France, \nVu les proc\u00e8s-verbaux d'\u00e9lection des tr\u00e9soriers d\u00e9partementaux et des tr\u00e9soriers d\u00e9partementaux adjoints des \nCCI d\u00e9partementales d'Ile-de-France, \nLe tr\u00e9sorier de la Chambre de commerce et d'industrie de r\u00e9gion Paris-Ile-de-France \nD\u00e9cide :  \nde donner d\u00e9l\u00e9gation de signature pour les actes d'ex\u00e9cution des op\u00e9rations de recettes quel que soit leur \nmontant et de d\u00e9penses d'un montant inf\u00e9rieur \u00e0 250 000 \u20ac hors les d\u00e9penses obligatoires pour lesquelles il \nn'y a pas de limitation et ce conform\u00e9ment aux dispositions du code de commerce. \n\u2022 aux tr\u00e9soriers d\u00e9partementaux de CCID,  \n\u2022 aux tr\u00e9soriers d\u00e9partementaux adjoints,  \nchacun pour ce qui concerne la CCI d\u00e9partementale dont ils sont membres, \u00e0 savoir : \n \n- Mme BAUR Elisabeth, tr\u00e9sori\u00e8re d\u00e9partementale et en cas d'absence et d'emp\u00eachement \u00e0 M. SOURY \nBenoit, tr\u00e9sorier d\u00e9partemental adjoint en ce qui concerne la Chambre de commerce de d'industrie \nd\u00e9partementale de Paris, \n \n- Mme GARCONNET St\u00e9phanie, tr\u00e9sori\u00e8re d\u00e9partementale et en cas d'absence et d'emp\u00eachement  \u00e0 \nM. GOURARI  Errahman, tr\u00e9sorier d\u00e9partemental adjoint en ce qui concerne la Chambre de \ncommerce de d'industrie d\u00e9partementale Versailles\u2013Yvelines, \n \n- M. JOCELYN Jacques, tr\u00e9sorier d\u00e9partemental et en cas d'absence et d'emp\u00eachement \u00e0 Mme \nDURAND Marie-Christine, tr\u00e9sori\u00e8re d\u00e9partementale adjointe en ce qui concerne la Chambre de \ncommerce de d'industrie d\u00e9partementale Seine-Saint-Denis, \n \n- Mme LAJEUNIE Isabelle, tr\u00e9sori\u00e8re d\u00e9partementale et en cas d'absence et d'emp\u00eachement \u00e0 M. \nMILLET Thierry, tr\u00e9sorier d\u00e9partemental adjoint en ce qui concerne l a Chambre de commerce de \nd'industrie d\u00e9partementale Hauts-de-Seine, \n \n- M. LEROY Herv\u00e9, tr\u00e9sorier d\u00e9partemental et en cas d'absence et d'emp\u00eachement \u00e0 Mme BRIARD \nSt\u00e9phanie, tr\u00e9sori\u00e8re d\u00e9partementale adjointe en ce qui concerne la Chambre de com merce de \nd'industrie d\u00e9partementale Val-d'Oise. \n \n- M. TASSE Jean-Michel, tr\u00e9 sorier d\u00e9partemental et en cas d'absence et d'emp\u00eachement \u00e0 Mme \nAUDER Elisabeth, tr\u00e9sori\u00e8re d\u00e9partementale adjointe en ce qui concerne la Chambre de commerce \nde d'industrie d\u00e9partementale Val-de-Marne \n \nLes pr\u00e9sentes d\u00e9l\u00e9gations de signature prennent effet \u00e0 compter de leur signature et s'exercent pour une dur\u00e9e \nau plus \u00e9gale \u00e0 celle de la pr\u00e9sente mandature. \nElles annulent et remplacent celles ant\u00e9rieurement donn\u00e9es et font l'objet d'une publication au recueil des \nactes administratifs de la Pr\u00e9fecture de R\u00e9gion Paris Ile-de-France. \n \nFait \u00e0 Paris, le 3 avril 2025 \n \nSIGNE \n \nJ\u00e9r\u00f4me BEDIER \nChambre de commerce et d'industrie de r\u00e9gion Paris - \u00cele-de-France - IDF-2025-04-03-00002 - D\u00e9l\u00e9gation de signature tr\u00e9sorier de la\nChambre de commerce et d'industrie de r\u00e9gion Paris-Ile-de-France CCID 5\nChambre de commerce et d'industrie de r\u00e9gion\nParis - \u00cele-de-France\nIDF-2025-03-28-00007\nD\u00e9l\u00e9gations de signature - Liste des conseillers et\nassistants formalistes DFCE\nChambre de commerce et d'industrie de r\u00e9gion Paris - \u00cele-de-France - IDF-2025-03-28-00007 - D\u00e9l\u00e9gations de signature - Liste des\nconseillers et assistants formalistes DFCE 6\nCG CCI PARIS ILE-DE-FRANCE\n\u2014  TE = > ~~ International Paris IDF\nTo  - - - * internationale\nee  = - - - \" internationale\noo  - - te  - \u00a9 * internationale\n \nLe Pr\u00e9sident \n \nChambre de commerce et d'industrie de r\u00e9gion Paris Ile-de-France \n27 avenue de Friedland | 75382 Paris cedex 08 \nT. 01 55 65 44 44 (prix d'un appel local) | www.cci-paris-idf.fr \n Page 1 sur 2 \n \n \nDECISION \n \nLe Pr\u00e9sident de la Chambre de commerce et d'industrie de r\u00e9gion Paris Ile- de-France, \n\u00b7 Vu le code de commerce et notamment l'article R.711-68 ; \n\u00b7 Vu le r\u00e8glement int\u00e9rieur ; \nD\u00e9cide : \nSur proposition du Directeur G\u00e9n\u00e9ral  \nDe donner d\u00e9l\u00e9gation de signature aux collaborateurs dont les noms suivent \u00e0 effet de signer les certificats \nd'origine, factures, l\u00e9galisations, carnets de passage en douane ATA et tout autre document n\u00e9cessaire au \ncommerce international que la direction charg\u00e9e des actions internationales et europ\u00e9ennes de la Chambre de \ncommerce et d'industrie de r\u00e9gion Paris  - \u00cele-de-France est habilit\u00e9e \u00e0 d\u00e9livrer en vertu des lois, r\u00e8glements, \nconventions internationales et accords entre les chambres de commerce et d'industrie. \nDans les conditions ci-apr\u00e8s d\u00e9finies :  \nNOM PRENOM FONCTION \nMONGRUE Pierre Directeur g\u00e9n\u00e9ral adjoint en charge de la CCI International Paris IDF \nBELLANGER Christophe Directeur, adjoint au DGA CCI International Paris IDF \nDARDAUD Luc Responsable du D\u00e9partement des Facilitations du Commerce Ext\u00e9rieur DFCE \nVIEIRA Christina Adjointe au Responsable du DFCE \nBENYAHIA Asnia Assistante DFCE \nAOUCHTA Nadia Conseill\u00e8re en formalit\u00e9 internationale \nBAILLY Brice Conseiller en formalit\u00e9 internationale \nBARRET Olivier Conseiller en formalit\u00e9 internationale \nBRAS Yanique Conseill\u00e8re en formalit\u00e9 internationale \nLE MANAC'H Christ\u00e8le Conseill\u00e8re en formalit\u00e9 internationale \nMALEDON David Conseiller en formalit\u00e9 internationale \nRUIMY C\u00e9lia Conseill\u00e8re en formalit\u00e9 internationale \nGEORGIN Rapha\u00ebl Conseiller en formalit\u00e9 internationale \nTISCHER Christine Conseill\u00e8re en formalit\u00e9 internationale \nFARESCOUR, Patricia Conseill\u00e8re en formalit\u00e9 internationale \nCAZES David Conseiller en formalit\u00e9 ATA \nBUBARRY Anouck Conseill\u00e8re en formalit\u00e9 internationale \nDAUGERON Romain Responsable des r\u00e9clamations ATA  \nCHEF Marie Assistante r\u00e9clamation ATA \nSOW-DIAGNE Dieynaba Conseill\u00e8re en formalit\u00e9 internationale \nLUDSOR Nicaise Conseill\u00e8re en formalit\u00e9 internationale \nBOUHADEF Sofiane Conseiller en formalit\u00e9 internationale \n \nChambre de commerce et d'industrie de r\u00e9gion Paris - \u00cele-de-France - IDF-2025-03-28-00007 - D\u00e9l\u00e9gations de signature - Liste des\nconseillers et assistants formalistes DFCE 7\njusqu'au 31 d\u00e9cembre 202\u00b0\n-de ~\nla Region lle \u00b0\n Page 2 sur 2 \n \n \n \nLa pr\u00e9sente d\u00e9l\u00e9gation est consentie jusqu'au 31 d\u00e9cembre 2026.  \nLa pr\u00e9sente d\u00e9cision sera publi\u00e9e au recueil des actes administratifs de la R\u00e9gion Ile-de-France ainsi \nque sur le site internet de la Chambre de commerce de r\u00e9gion Paris \u2013 \u00cele-de-France.   \n \nFait \u00e0 Paris, le 28 mars 2025. \nSIGNE \nDominique RESTINO \n \n \n \n \nDiffusion : \nSur le site www.cci-paris-idf.fr \nRecueil des actes administratifs de la pr\u00e9fecture de r\u00e9gion Ile-de-France  \n \n \nChambre de commerce et d'industrie de r\u00e9gion Paris - \u00cele-de-France - IDF-2025-03-28-00007 - D\u00e9l\u00e9gations de signature - Liste des\nconseillers et assistants formalistes DFCE 8\nDirection r\u00e9gionale et interd\u00e9partementale de\nl'\u00e9conomie, de l'emploi, du travail et des\nsolidarit\u00e9s d'\u00cele-de-France\nIDF-2025-04-04-00003\nD\u00c9CISION n\u00b0 2025-065 du 04 avril 2025\nPortant subd\u00e9l\u00e9gation de signature de Monsieur\nMarc Rohfritsch, Directeur r\u00e9gional et\ninterd\u00e9partemental de l'\u00c9conomie, de l'Emploi,\ndu Travail et des Solidarit\u00e9s d'\u00cele-de-France\npar int\u00e9rim, aux agents de l'unit\u00e9\nd\u00e9partementale de la Seine-Saint-Denis\nDirection r\u00e9gionale et interd\u00e9partementale de l'\u00e9conomie, de l'emploi, du travail et des solidarit\u00e9s d'\u00cele-de-France -\nIDF-2025-04-04-00003 - D\u00c9CISION n\u00b0 2025-065 du 04 avril 2025\nPortant subd\u00e9l\u00e9gation de signature de Monsieur Marc Rohfritsch, Directeur r\u00e9gional et interd\u00e9partemental de l'\u00c9conomie, de l'Emploi,\ndu Travail et des Solidarit\u00e9s d'\u00cele-de-France\npar int\u00e9rim, aux agents de l'unit\u00e9 d\u00e9partementale de la Seine-Saint-Denis\n9\nE 3PR\u00c9FETDE LA SEINE-SAINT-DENISLibert\u00e9Egalit\u00e9Fraternit\u00e9\n Direction r\u00e9gionale et interd\u00e9partementale \nde l'\u00e9conomie, de l'emploi, \ndu travail et des solidarit\u00e9s \n \n \n             \n  \n \nD\u00c9CISION n\u00b0 2025-065 du 04 avril 2025 \n \nPortant subd\u00e9l\u00e9gation de signature de Monsieur Marc Rohfritsch, Directeur r\u00e9gional et \ninterd\u00e9partemental de l'\u00c9conomie, de l'Emploi, du Travail et des Solidarit\u00e9s d'\u00cele-de-France \npar int\u00e9rim, aux agents de l'unit\u00e9 d\u00e9partementale de la Seine-Saint-Denis \n \n \nVu le code de l'action sociale et des familles ;  \n \nVu le code de la sant\u00e9 publique ;  \n \nVu le code de la s\u00e9curit\u00e9 sociale ; \n \nVu le code du travail ; \n \nVu la loi n\u00b0 82-213 du 2 mars 1982 relative aux droits et libert\u00e9s des communes, des d\u00e9partements et \ndes r\u00e9gions, modifi\u00e9e ; \n \nVu la loi n\u00b0 83-663 du 22 juillet 1983 compl\u00e9tant la loi n\u00b0 83-8 du 7 janvier 1983 relative \u00e0 la r\u00e9partition \nde comp\u00e9tences entre les communes, les d\u00e9partements, les r\u00e9gions et l'\u00c9tat ; \nVu la loi d'orientation n\u00b0 92 -125 du 6 f\u00e9vrier 1992 modifi\u00e9e relative \u00e0 l'administration territoriale de \nla R\u00e9publique, notamment ses articles 4 et 6 ;  \n \nVu la loi d'orientation n\u00b0 95 -115 du 4 f\u00e9vrier 1995 modifi\u00e9e relative \u00e0 l'am\u00e9nagement et au \nd\u00e9veloppement du territoire ; \nVu la loi n\u00b0 2004-809 du 13 ao\u00fbt 2004 modifi\u00e9e relative aux libert\u00e9s et responsabilit\u00e9s locales  ; \nVu la loi n\u00b02014-856 du 31 juillet 2014 modifi\u00e9e relative \u00e0 l'\u00e9conomie sociale et solidaire  ; \nVu le d\u00e9cret n\u00b0 82-332 du 13 avril 1982 modifi\u00e9 relatif \u00e0 la mise \u00e0 la disposition du pr\u00e9sident du conseil \ng\u00e9n\u00e9ral des services ext\u00e9rieurs de l'\u00c9tat dans le d\u00e9partement ; \nVu le d\u00e9cret n\u00b084-591 du 4 juillet 1984 modifi\u00e9 relatif \u00e0 la m\u00e9daille d'honneur du travail  ; \nVu le d\u00e9cret  n\u00b086-442 du 14 mars 1986 modifi\u00e9 relatif \u00e0 la d\u00e9signation des m\u00e9decins agr\u00e9\u00e9s, \u00e0 \nl'organisation des comit\u00e9s m\u00e9dicaux et des commissions de r\u00e9forme, aux conditions d'aptitude \nphysique pour l'admission aux emplois publics et au r\u00e9gime de cong\u00e9s de maladie des \nfonctionnaires ; \nVu le d\u00e9cret n\u00b0 2004-374 du 29 avril 2004 modifi\u00e9 relatif aux pouvoirs des pr\u00e9fets, \u00e0 l'organisation et \n\u00e0 l'action des services de l'\u00c9tat dans les r\u00e9gions et d\u00e9partements ; \n \nVu le d\u00e9cret n\u00b0 2010-687 du 24 juin 2010 modifi\u00e9 relatif \u00e0 l'organisation et \u00e0 l'action des services de \nl'\u00e9tat dans la r\u00e9gion et les d\u00e9partements d'\u00cele de France ; \n \nVu le d\u00e9cret n\u00b0 2015-510 du 7 mai 2015 modifi\u00e9 portant charte de la d\u00e9concentration ;  \nDirection r\u00e9gionale et interd\u00e9partementale de l'\u00e9conomie, de l'emploi, du travail et des solidarit\u00e9s d'\u00cele-de-France -\nIDF-2025-04-04-00003 - D\u00c9CISION n\u00b0 2025-065 du 04 avril 2025\nPortant subd\u00e9l\u00e9gation de signature de Monsieur Marc Rohfritsch, Directeur r\u00e9gional et interd\u00e9partemental de l'\u00c9conomie, de l'Emploi,\ndu Travail et des Solidarit\u00e9s d'\u00cele-de-France\npar int\u00e9rim, aux agents de l'unit\u00e9 d\u00e9partementale de la Seine-Saint-Denis\n10\n2 / 9 \nVu le d\u00e9cret n\u00b02015 -1689 du 17 d\u00e9cembre 2015 portant diverses mesures d'organisation et de \nfonctionnement dans les r\u00e9gions de l'administration territoriale de l' \u00c9tat et de commissions \nadministratives ; \n \nVu le d\u00e9cret n\u00b0 2020-1545 du 9 d\u00e9cembre 2020 relatif \u00e0 l'organisation et aux missions des directions \nr\u00e9gionales de l'\u00e9conomie, de l'emploi, du travail et des solidarit\u00e9s, des directions d\u00e9partementales \nde l'emploi, du travail et des solidarit\u00e9s et des directions d\u00e9partementales de l'emploi, du travail, des \nsolidarit\u00e9s et de la protection des populations ; \nVu le d\u00e9cret du pr\u00e9sident de la R\u00e9publique du 6 novembre 2024 nommant M. Julien CHARLES, pr\u00e9fet \nde la Seine-Saint-Denis ; \n \nVu l'arr\u00eat\u00e9 interminist\u00e9riel du 16 juin 2021 nommant Laurence DEGENNE -SHORTEN directrice \nadjointe de l'unit\u00e9 d\u00e9partementale de Seine -Saint-Denis \u00e0 la direction r\u00e9gionale et \ninterd\u00e9partementale de l'\u00e9conomie, de l'emploi, du travail et des solidarit\u00e9s d'Ile-de-France ; \n \nVu l'arr\u00eat\u00e9 interminist\u00e9riel du 13 d\u00e9cembre 2022 nommant Monsieur David SOUBRI\u00c9 directeur \nr\u00e9gional et interd\u00e9partemental adjoint de l'\u00e9conomie, de l'emploi, du travail et des solidarit\u00e9s d'\u00cele -\nde-France, charg\u00e9 des fonctions de directeur de l'unit\u00e9 d\u00e9partementale de Seine-Saint-Denis ; \n \nVu l'arr\u00eat\u00e9 interminist\u00e9riel du 20 mars 2025 nommant Marc ROHFRITSCH directeur r\u00e9gional et \ninterd\u00e9partemental de l'\u00e9conomie, de l'emploi, du travail et des solidarit\u00e9s d'\u00cele -de-France par \nint\u00e9rim \u00e0 compter du 1er avril 2025, \n \nVu l'arr\u00eat\u00e9 pr\u00e9fectoral n\u00b02025-1367 du 02/04/2025 par lequel le pr\u00e9fet de la Seine -Saint-Denis \nd\u00e9l\u00e8gue sa signature \u00e0 Monsieur Marc ROHFRITSCH , directeur r\u00e9gional et interd\u00e9partemental de \nl'\u00e9conomie, de l'emploi, du travail et des solidarit\u00e9s d'\u00cele-de-France par int\u00e9rim ; \n \n \nD\u00e9cide \nArticle 1er \n \nSubd\u00e9l\u00e9gation de signature est donn\u00e9e \u00e0  Monsieur David SOUBRI\u00c9 , directeur r\u00e9gional adjoint , \ndirecteur par int\u00e9rim de l'unit\u00e9 d\u00e9partementale de la Seine-Saint-Denis, \u00e0  l'effet de signer, les \nd\u00e9cisions, actes administratifs et correspondances concernant les attributions de la Direction \nr\u00e9gionale et interd\u00e9partementale de l'\u00e9conomie, de l'emploi, du travail et des solidarit\u00e9s (DRIEETS) \nde la r\u00e9gion \u00cele-de-France dans les domaines suivants relevant de la comp\u00e9tence du pr\u00e9fet de la \nSeine-Saint-Denis : \n \n \n Nature du pouvoir R\u00e9f\u00e9rence l\u00e9gislative et \nr\u00e8glementaire \n1- Dispositions relatives \u00e0 la lutte contre les exclusions \nTutelle des \npupilles de \nl'\u00c9tat : \n \nExercice de la tutelle des pupilles de l'\u00c9tat ; \nActes d'administration des deniers des \npupilles ; \nArticle L.224-1 et suivants du \ncode de l'action sociale et des \nfamilles \nAide sociale \n \nAdmission au b\u00e9n\u00e9fice de l'aide sociale \u00e0 la \ncharge de l'\u00c9tat ; \nArticle L.131-1 \u00e0 L.134-10 du \ncode de l'action sociale et des \nfamilles \nDirection r\u00e9gionale et interd\u00e9partementale de l'\u00e9conomie, de l'emploi, du travail et des solidarit\u00e9s d'\u00cele-de-France -\nIDF-2025-04-04-00003 - D\u00c9CISION n\u00b0 2025-065 du 04 avril 2025\nPortant subd\u00e9l\u00e9gation de signature de Monsieur Marc Rohfritsch, Directeur r\u00e9gional et interd\u00e9partemental de l'\u00c9conomie, de l'Emploi,\ndu Travail et des Solidarit\u00e9s d'\u00cele-de-France\npar int\u00e9rim, aux agents de l'unit\u00e9 d\u00e9partementale de la Seine-Saint-Denis\n11\n3 / 9 \nRecours devant les juridictions d'aide sociale \net la notification des d\u00e9cisions prises apr\u00e8s \nexamen en commission d\u00e9partementale \nd'aide sociale ; \nAdmission dans un CHRS. \nArticle L. 345-1 du code de \nl'action sociale et des familles \n D\u00e9cisions relatives aux \u00e9valuation et prime de \nfonctions et de r\u00e9sultats des directeurs \nd'\u00e9tablissements sanitaires, sociaux et \nm\u00e9dico-sociaux des \u00e9tablissements \nmentionn\u00e9s aux 4\u00b0 et 6\u00b0 de l'article L5 du \ncode g\u00e9n\u00e9ral de la fonction publique, portant \ndispositions statutaires relatives \u00e0 la fonction \npublique hospitali\u00e8re. \n- Code g\u00e9n\u00e9ral de la fonction \npublique (partie l\u00e9gislative) ; \n- D\u00e9cret n\u00b0 2002-550 du 19 avril \n2002 modifi\u00e9 portant statut \nparticulier du corps de \ndirecteur des soins de la \nfonction publique hospitali\u00e8re \n; \n- D\u00e9cret n\u00b0 2005-921 du 2 ao\u00fbt \n2005 modifi\u00e9 portant statut \nparticulier des grades et \nemplois des personnels de \ndirection des \u00e9tablissements \nmentionn\u00e9s \u00e0 l'article 2 (1\u00b0 et \n2\u00b0) de la loi n\u00b0 86-33 du 9 \njanvier 1986 portant \ndispositions statutaires \nrelatives \u00e0 la fonction publique \nhospitali\u00e8re ; \n- D\u00e9cret n\u00b0 2007-1930 du 26 \nd\u00e9cembre 2007 modifi\u00e9 \nportant statut particulier du \ncorps des directeurs \nd'\u00e9tablissements sanitaires, \nsociaux et m\u00e9dico-sociaux de \nla fonction publique \nhospitali\u00e8re ; \n- D\u00e9cret n\u00b0 2012-749 du 9 mai \n2012 modifi\u00e9 relatif \u00e0 la prime \nde fonctions et de r\u00e9sultats \ndes corps ou emplois \nfonctionnels des personnels de \ndirection et des directeurs des \nsoins de la fonction publique \nhospitali\u00e8re ; \n- D\u00e9cret n\u00b0 2018-255 du 9 avril \n2018 relatif aux modalit\u00e9s \nd'indemnisation des p\u00e9riodes \nd'int\u00e9rim et \u00e0 l'indemnit\u00e9 de \ndirection commune pour \ncertains personnels de la \nfonction publique hospitali\u00e8re \n; \n- D\u00e9cret n\u00b0 2020-719 du 12 juin \n2020 relatif aux conditions \nDirection r\u00e9gionale et interd\u00e9partementale de l'\u00e9conomie, de l'emploi, du travail et des solidarit\u00e9s d'\u00cele-de-France -\nIDF-2025-04-04-00003 - D\u00c9CISION n\u00b0 2025-065 du 04 avril 2025\nPortant subd\u00e9l\u00e9gation de signature de Monsieur Marc Rohfritsch, Directeur r\u00e9gional et interd\u00e9partemental de l'\u00c9conomie, de l'Emploi,\ndu Travail et des Solidarit\u00e9s d'\u00cele-de-France\npar int\u00e9rim, aux agents de l'unit\u00e9 d\u00e9partementale de la Seine-Saint-Denis\n12\n4 / 9 \ng\u00e9n\u00e9rales de l'appr\u00e9ciation de \nla valeur professionnelle des \nfonctionnaires de la fonction \npublique hospitali\u00e8re \nProtection \njuridique \ndes \nmajeurs : \n \nConventionnement des services tut\u00e9laires \nhabilit\u00e9s par le procureur de la R\u00e9publique \u00e0 \nexercer des mesures de tutelle et curatelle \nd'\u00c9tat ; \nListe des mandataires judiciaires de la \nprotection des majeurs ; \n \nArticle L. 471-2 du code de \nl'action sociale et des familles. \n \nArticles L. 472-1 \u00e0 L. 472 -4 du \ncode de l'action sociale et des \nfamilles compl\u00e9t\u00e9 par le d\u00e9cret \n2008-1553 du 31 d\u00e9cembre \n2008 relatif \u00e0 l'exercice \u00e0 titre \nindividuel de l'activit\u00e9 de \nmandataire judiciaire \u00e0 la \nprotection des majeurs et de \nl'activit\u00e9 de d\u00e9l\u00e9gu\u00e9 aux  \nprestations familial \nD\u00e9livrance des agr\u00e9ments aux mandataires \njudiciaires de la protection des majeurs et \naux d\u00e9l\u00e9gu\u00e9s aux prestations familiales en \ntant que personnes physiques ; \nArticles L.313-1 \u00e0 L.313 -10, \narticles L.313 -13 et L.313 -14 du \ncode de l'action sociale et des \nfamilles \nConventionnement des mandataires \njudiciaires de la protection des majeurs, \npersonnes physiques, relatif \u00e0 leur \nr\u00e9mun\u00e9ration relevant de la part \u00c9tat ; \nArticles L. 314 -1 et L.314 -2 du \ncode de l'action sociale et des \nfamilles \nArr\u00eat\u00e9s d'autorisation de cr\u00e9ation, \nd'extension et de transformation de services \ntut\u00e9laires ; \nArticle L 351.1 du code de \nl'action sociale t des familles \nArr\u00eat\u00e9s de tarification des prestations \nfournies par les services tut\u00e9laires ; \n- Contr\u00f4le et approbation des documents \nbudg\u00e9taires et des d\u00e9lib\u00e9rations ; \n- M\u00e9moires en r\u00e9ponse au contentieux de \nla tarification ; \n- Exercice des missions de tutelle et de \ncontr\u00f4le : inspections, contr\u00f4les et \npouvoir d'injonctions \nArticles L 331 -1 \u00e0 L 331 -9 du \ncode de l'action sociale et des \nfamilles \n2. Dispositions relatives \u00e0 la protection des personnes vuln\u00e9rables  \nDroits des \npersonnes \nhandicap\u00e9es  \nD\u00e9livrance des cartes de stationnement aux \norganismes utilisant un v\u00e9hicule destin\u00e9 au \ntransport collectif des personnes \nhandicap\u00e9es \nArticles L.241-3-2 et R.241-18 \ndu code de l'action sociale et \ndes familles \nDirection r\u00e9gionale et interd\u00e9partementale de l'\u00e9conomie, de l'emploi, du travail et des solidarit\u00e9s d'\u00cele-de-France -\nIDF-2025-04-04-00003 - D\u00c9CISION n\u00b0 2025-065 du 04 avril 2025\nPortant subd\u00e9l\u00e9gation de signature de Monsieur Marc Rohfritsch, Directeur r\u00e9gional et interd\u00e9partemental de l'\u00c9conomie, de l'Emploi,\ndu Travail et des Solidarit\u00e9s d'\u00cele-de-France\npar int\u00e9rim, aux agents de l'unit\u00e9 d\u00e9partementale de la Seine-Saint-Denis\n13\n5 / 9 \nM\u00e9moires en r\u00e9ponse pour les contentieux \nform\u00e9s devant le tribunal administratif et \nrelatifs \u00e0 l'attribution des cartes de \nstationnement aux personnes handicap\u00e9es \nArticles L 111 -7 et R.111-18 et \nsuivants du code de la \nconstruction et de l'habitation  \n3- Travail et emploi \nSalaires et \nconseillers des \nsalari\u00e9s \n \n\u00c9tablissement du tableau des temps \nn\u00e9cessaires \u00e0 l'ex\u00e9cution des travaux des \ntravailleurs \u00e0 domicile \nArticle L.7422-2 du code du \ntravail \nFixation du salaire horaire minimum et des frais \nd'atelier ou accessoires des travailleurs \u00e0 \ndomicile  \nArticles L.7422-6 et L.7422-11 \ndu code du travail  \nFixation de la valeur des avantages et \nprestations en nature entrant dans le calcul de \nl'indemnit\u00e9 de cong\u00e9s pay\u00e9s \nArticle L.3141-23 du code du \ntravail \nD\u00e9cision relative au remboursement \u00e0 \nl'employeur de l'allocation compl\u00e9mentaire \nservie aux salari\u00e9s b\u00e9n\u00e9ficiant de la \nr\u00e9mun\u00e9ration mensuelle minimale \n \nArticles L.3232-7 et L.3232-8, \nR.3232-3 et R.3232-4 du code \ndu travail \nD\u00e9cision relative au paiement direct aux \nsalari\u00e9s de l'allocation compl\u00e9mentaire servie \naux salari\u00e9s b\u00e9n\u00e9ficiant de la r\u00e9mun\u00e9ration \nmensuelle minimale \nArticles L.3232-7 et L.3232-8, \nR.3232-6 du code du travail \nArr\u00eat\u00e9 fixant la liste des conseillers des salari\u00e9s Articles D.1232-4 et - D.12325 \ndu code du travail \nD\u00e9cision en mati\u00e8re de remboursement des \nfrais de d\u00e9placement (r\u00e9els ou forfaitaires) \nexpos\u00e9s par les conseillers du salari\u00e9 \nArticles D. 1232-7 et D. 1232-8 \ndu code du travail \nD\u00e9cision en mati\u00e8re de remboursement aux \nemployeurs des salaires maintenus aux \nconseillers du salari\u00e9 pour l'exercice de leur \nmission \nArticle L.1232-11 du code du \ntravail ; \nAgr\u00e9ment des contr\u00f4leurs des caisses de \ncong\u00e9s pay\u00e9s \nArticle D.3141-11 du code du \ntravail \nExtension des avenants de salaires en \nagriculture au niveau d\u00e9partemental \nArticle D.2261-6 du code du \ntravail  \nRepos \ndominical \nD\u00e9rogation au repos dominical Articles L.3132-20 et L. 3132-21 \ndu code du travail  \nJeunes de \nmoins de 18 ans \n \nD\u00e9livrance, renouvellement, suspension, retrait \nde l'agr\u00e9ment des caf\u00e9s et brasseries pour \nemployer ou recevoir en stage des jeunes de 16 \nArticles L.4153-6, R.4153-8 et \nR.4153-12 du code du travail, \narticle L.2336-4 du code de la \nDirection r\u00e9gionale et interd\u00e9partementale de l'\u00e9conomie, de l'emploi, du travail et des solidarit\u00e9s d'\u00cele-de-France -\nIDF-2025-04-04-00003 - D\u00c9CISION n\u00b0 2025-065 du 04 avril 2025\nPortant subd\u00e9l\u00e9gation de signature de Monsieur Marc Rohfritsch, Directeur r\u00e9gional et interd\u00e9partemental de l'\u00c9conomie, de l'Emploi,\ndu Travail et des Solidarit\u00e9s d'\u00cele-de-France\npar int\u00e9rim, aux agents de l'unit\u00e9 d\u00e9partementale de la Seine-Saint-Denis\n14\n6 / 9 \n\u00e0 18 ans suivant une formation en alternance sant\u00e9 publique \nH\u00e9bergement \ncollectif \n \nAccus\u00e9 de r\u00e9ception de la d\u00e9claration par un \nemployeur de l'affectation d'un local \u00e0 \nl'h\u00e9bergement, mises en demeures et d\u00e9cision \nde fermeture concernant le local \nArticles 1, 5, 6 et 7 de la loi n\u00b0 \n73-548 du 27 juin 1973 \nmodifi\u00e9e sur l'h\u00e9bergement \ncollectif \nConciliation Proc\u00e9dure de conciliation Articles L.2522-4 et R.2522-1 \u00e0 \nR.2522-21 du code du travail \nComit\u00e9 \ninterentreprises \nde sant\u00e9 et \ns\u00e9curit\u00e9 au \ntravail (CISST) \nMise en place d'un CISST dans le p\u00e9rim\u00e8tre \nd'un plan de pr\u00e9vention des risques \ntechnologiques (d\u00e9cision de mise en place, \ninvitation des membres) \nArticles L.4524-1 et R.4524-1 \u00e0 \nR.4524-9 du code du travail \nApprentissage \net alternance \nD\u00e9cision d'opposition \u00e0 l'engagement \nd'apprentis et \u00e0 la poursuite des contrats en \ncours \nArticles L.6223-1 et L.6225-l \u00e0 \nL.6225-3-1, R.6223-16 et \nR.6225-4 \u00e0 R.6225-8 du code \ndu travail \nD\u00e9p\u00f4t du contrat dans le secteur public non \nindustriel et commercial  \nArticles L. 6227-11, D. 6275-1, \nD.6275-2, R.6275-3, D.6275-4 \net D. 6275-5 du code du \ntravail); \nAide aux \nsalari\u00e9s plac\u00e9s \nen activit\u00e9 \npartielle \nD\u00e9cisions relatives au placement en activit\u00e9 \npartielle et \u00e0 son indemnisation. M\u00e9moires en \nd\u00e9fense relatifs \u00e0 l'activit\u00e9 partielle de droit \ncommun. \nArt. L.5122-1 et 2, R.5122-1 \u00e0 29 \nActivit\u00e9 \npartielle de \nlongue dur\u00e9e \n \n \nD\u00e9cision de validation ou de refus de validation \ndes accords collectifs d'activit\u00e9 partielle de \nlongue dur\u00e9e, d\u00e9cision d'homologation ou de \nrefus d'homologation des documents \nunilat\u00e9raux d'activit\u00e9 partielle de longue dur\u00e9e, \n\u00e0 l'exclusion des \u00e9tablissements dont le si\u00e8ge \nest en Seine-Saint-Denis et dont l'effectif \nconcern\u00e9 par l'accord est \u00e9gal ou sup\u00e9rieur \u00e0 \n250 (deux-cent-cinquante) salari\u00e9s ;  \n \nArticle 53 de la loi n\u00b02020-734 \ndu 17 juin 2020 relative \u00e0 \ndiverses dispositions li\u00e9es \u00e0 la \ncrise sanitaire, \u00e0 d'autres \nmesures urgentes ainsi qu'au \nretrait du Royaume-Uni de \nl'Union europ\u00e9enne ; \n  \nArticles 2 et 5 du d\u00e9cret \nn\u00b02020-926 du 28 juillet 2020 \nrelatif au dispositif sp\u00e9cifique \nd'activit\u00e9 partielle en cas de \nr\u00e9duction d'activit\u00e9 durable ; \n \nArticle R. 5122-4 du code du \ntravail ; \n \nD\u00e9cision d'autorisation de renouvellement ou \nde refus de renouvellement de la d\u00e9cision de \nvalidation de l'accord ou d'homologation du \ndocument d'activit\u00e9 partielle de longue dur\u00e9e ;  \nD\u00e9cision de retrait d'autorisation de placement \nen activit\u00e9 partielle de longue dur\u00e9e ; \nM\u00e9moires en d\u00e9fense relatifs \u00e0 l'activit\u00e9 \npartielle de longue dur\u00e9e \nEmploi \n \n \nConvention conclue avec des entreprises de \nmoins de 300 salari\u00e9s pour- faire proc\u00e9der \u00e0 \nune \u00e9tude de situation en terme d'\u00e9galit\u00e9 \nprofessionnelle \nArticle R.1143-1 du code du \ntravail  \nConvention FNE, notamment : d'allocation \ntemporaire d\u00e9gressive, d'allocation sp\u00e9ciale, de \nArticles L.5111-1 \u00e0 L.5111-3, \nL.5123-1 \u00e0 L.5123-9, L.1233-1, \nDirection r\u00e9gionale et interd\u00e9partementale de l'\u00e9conomie, de l'emploi, du travail et des solidarit\u00e9s d'\u00cele-de-France -\nIDF-2025-04-04-00003 - D\u00c9CISION n\u00b0 2025-065 du 04 avril 2025\nPortant subd\u00e9l\u00e9gation de signature de Monsieur Marc Rohfritsch, Directeur r\u00e9gional et interd\u00e9partemental de l'\u00c9conomie, de l'Emploi,\ndu Travail et des Solidarit\u00e9s d'\u00cele-de-France\npar int\u00e9rim, aux agents de l'unit\u00e9 d\u00e9partementale de la Seine-Saint-Denis\n15\n7 / 9 \n \n \n \n \n \n \n \n \n \n \n \n \n \n \n \n \n \n \n \n \n \n \ncong\u00e9 de conversion, de cellule de \nreclassement, de formation et d'adaptation, \ncessation d'activit\u00e9 de certains travailleurs \nsalari\u00e9s \nL.1233-3, L.1233-4, R.5112-11, et \nL.5124-1, R.5123-3 et R.5111-1 et \nR.5111-2, R. 5123-1 \u00e0 R 5123-41 \ndu code du travail, circulaires \nDGEFP n\u00b02004-004 du 30 juin \n2004 et n\u00b02008-09 du 19 juin \n2008 \nD\u00e9cision d'agr\u00e9ment des accords et \nconventions d'aide \u00e0 l'adaptation des salari\u00e9s \naux \u00e9volutions de l'emploi \nArticles L.5121-4 et L. 5121-5 et \nR.5121-14 \u00e0 R. 5121-18 du code \ndu travail \nConvention d'appui \u00e0 l'\u00e9laboration d'un plan \nde gestion pr\u00e9visionnelle de l'emploi et des \ncomp\u00e9tences pour pr\u00e9parer les entreprises \u00e0 la \nGPEC \nArticles L.5121-3, D.5121-4 \u00e0 \nD.5121-13 du code du travail \nConvention d'engagement de d\u00e9veloppement \nde l'emploi et des comp\u00e9tences \nArticles L.5121-1, L.5121-23, \nD.5121-1 \u00e0 D.5121-3 du code du \ntravail \nNotification d'assujettissement \u00e0 l'obligation \nd'une convention de revitalisation \nArticles L.1233-84 \u00e0 L.1233-89, \nD.1233-37, D.1233-38, D.1233-\n45 et  D.1233-46 du code du \ntravail \nDispositif local d'accompagnement \u2013 DLA- Article 61 de la loi n\u00b02014 -856 \ndu 31 juillet 2014 relative \u00e0 \nl'\u00e9conomie sociale et solidaire \net d\u00e9cret n\u00b02015 -1103 du 1 er \nseptembre 2015 relatif au \ndispositif local \nd'accompagnement \nAttribution, extension, renouvellement, retrait \nd'agr\u00e9ment d'une association ou d'une \nentreprise de services \u00e0 la personne \nArticles L.7232-1 et suivants du \ncode du travail \nConventionnement des missions locales Articles L. 5314-1 \u00e0 L. 5314-4 du \ncode du travail \nConvention relative \u00e0 l'insertion par l'activit\u00e9 \n\u00e9conomique \nArticles L.5132-2 et L.5132 -4, \nL.5132- L.5132-5, L.5132 -7, \nL.5132-8, L.5132-15, L.5132-16, R. \n5132-4 \u00e0 R. 5132-6, R. 5132- 15 et \nR. 5132-16, R.  5132-22, R.  5132-\n23, R.  5132-32 et R.  5132-33, \nR. 5132-36, R.  5132- 38 \u00e0 \nR. 5132- 47 du code du travail \nD\u00e9cision d'admission \u00e0 titre conservatoire ou \u00e0 \ntitre d\u00e9rogatoire, de prolongation, de \nsuspension ou de suppression de la garantie \njeunes \nArticles L.5131-5, L.5131-6, \nR.5131-17 et R.5131-18 du code \ndu travail \nAttribution, extension, renouvellement et \nretrait d'agr\u00e9ment \u00ab entreprises solidaires \nd'utilit\u00e9 sociale \u00bb \nArticle R 3332- 21-3 du code du \ntravail \nGarantie de \nressources des \ntravailleurs \npriv\u00e9s \nExclusion ou r\u00e9duction temporaire ou d\u00e9finitive \ndu revenu de remplacement \nArticles L.5426- 2 \u00e0 L.5426-9, \nR.5426-1 \u00e0 R.5426-17 du code \ndu travail  \nDirection r\u00e9gionale et interd\u00e9partementale de l'\u00e9conomie, de l'emploi, du travail et des solidarit\u00e9s d'\u00cele-de-France -\nIDF-2025-04-04-00003 - D\u00c9CISION n\u00b0 2025-065 du 04 avril 2025\nPortant subd\u00e9l\u00e9gation de signature de Monsieur Marc Rohfritsch, Directeur r\u00e9gional et interd\u00e9partemental de l'\u00c9conomie, de l'Emploi,\ndu Travail et des Solidarit\u00e9s d'\u00cele-de-France\npar int\u00e9rim, aux agents de l'unit\u00e9 d\u00e9partementale de la Seine-Saint-Denis\n16\n8 / 9 \nd'emploi \nFormation \nprofessionnelle \net certification \nRemboursement des r\u00e9mun\u00e9rations per\u00e7ues \npar les stagiaires AFPA abandonnant, sans motif \nvalable, leur stage de formation \nArticles R.6341-45 \u00e0 6341-48 du \ncode du travail \nObligation \nd'emploi des \ntravailleurs en \nsituation de \nhandicap \nSanction administrative pour non-respect des \nobligations d'emploi \nArticles L.5212-12 et R.5212-31 \ndu code du travail  \nAgr\u00e9ment des accords de groupe, d'entreprise \nou d'\u00e9tablissement en faveur des travailleurs \nhandicap\u00e9s \nArticles L.5212-8 et R.5212-15 \ndu code du travail  \nTravailleurs en \nsituation de \nhandicap \nSubvention d'installation d'un travailleur \nhandicap\u00e9 \nArticles R.5213-52, D.5213-53 \u00e0 \nD.5213- 61 du code du travail  \nAides financi\u00e8res pour l'adaptation du lieu de \ntravail et pour le renforcement de \nl'encadrement des travailleurs handicap\u00e9s \nArticles L.5213-10 ; R.5213.33 \u00e0 \nR.5213.38 du code du travail \nM\u00e9dailles \nd'honneur du \ntravail \nAttribution de la m\u00e9daille d'honneur du travail \n(secteur priv\u00e9) \nD\u00e9cret n\u00b084-591 du 4 juillet \n1984 modifi\u00e9 relatif \u00e0 la \nm\u00e9daille d'honneur du travail \n \nArticle 2 \n \nEn cas d'absence ou d'emp\u00eachement de David SOUBRI\u00c9 , la subd\u00e9l\u00e9gation de signature sera exerc\u00e9e \npar : \n \n- Madame Laurence DEGENNE-SHORTEN, directrice adjointe de l'unit\u00e9 d\u00e9partementale \nde Seine-Saint-Denis ; \n- Monsieur Matthieu CHAPELON , responsable du p\u00f4le \u00ab  Entreprises, Emploi et \nsolidarit\u00e9s \u00bb ; \n- Monsieur Alexandre AZARI, responsable du p\u00f4le \u00ab  Politiques du travail \u00bb \u00e0 compter du \n1er d\u00e9cembre 2024 ; \n- Monsieur Pierre-Yves HANNUS, chef du service d'appui du syst\u00e8me d'inspection du \ntravail. \n \nEt dans la limite de leurs attributions, par : \n \n- Monsieur Th\u00e9o COPPEL, chef du d\u00e9partement \u00ab protection et insertion des jeunes \u00bb \n; \n- Monsieur Yves DOUBLIER, chef du d\u00e9partement accompagnement des entreprises ; \n- Madame M\u00e9lissa CHOLLET -MAKOUCHE, cheffe du service \u00ab d\u00e9veloppement de \nl'emploi et des comp\u00e9tences \u00bb, adjointe \u00e0 la cheffe du d\u00e9partement accompagnement \ndes entreprises ; \n- Monsieur Sayaf EL -MABROUK, chef du service \u00ab int\u00e9gration \u00bb, adjoint au chef du \nd\u00e9partement protection et insertion des jeunes  \n- Madame Ang\u00e9 lica TRINDADE -CHADEAU, cheffe du d\u00e9partement \u00ab  animation \nterritoriale \u00bb. \n \n \nArticle 3 \n \nSont exclus de la d\u00e9l\u00e9gation consentie \u00e0 l'article 1 du pr\u00e9sent arr\u00eat\u00e9 : \n \n- Les arr\u00eat\u00e9s ayant un caract\u00e8re r\u00e9glementaire de port\u00e9e g\u00e9n\u00e9rale ; \nDirection r\u00e9gionale et interd\u00e9partementale de l'\u00e9conomie, de l'emploi, du travail et des solidarit\u00e9s d'\u00cele-de-France -\nIDF-2025-04-04-00003 - D\u00c9CISION n\u00b0 2025-065 du 04 avril 2025\nPortant subd\u00e9l\u00e9gation de signature de Monsieur Marc Rohfritsch, Directeur r\u00e9gional et interd\u00e9partemental de l'\u00c9conomie, de l'Emploi,\ndu Travail et des Solidarit\u00e9s d'\u00cele-de-France\npar int\u00e9rim, aux agents de l'unit\u00e9 d\u00e9partementale de la Seine-Saint-Denis\n17\n9 / 9 \n- Les circulaires et instructions g\u00e9n\u00e9rales adress\u00e9es aux maires du d\u00e9partement et aux pr\u00e9sidents \ndes \u00e9tablissements publics territoriaux. \n \nArticle 4 \n \nUne copie de cette d\u00e9cision de subd\u00e9l\u00e9gation sera adress\u00e9e \u00e0 la pr\u00e9fecture de la Seine-Saint-Denis. \n \n \nArticle 5 \n \nLa d\u00e9cision prend effet \u00e0 la date de sa publication  et abroge la d\u00e9cision n\u00b0 2024-189 du 27 novembre \n2024. \n \n \nArticle 6 \n \nLe Directeur r\u00e9gional et interd\u00e9partemental de l'\u00e9conomie, de l'emploi, du travail et des solidarit\u00e9s d'\u00cele-\nde-France et les subd\u00e9l\u00e9gataires mentionn\u00e9s ci-dessus, sont charg\u00e9s, chacun  en ce qui l e concerne, de \nl'ex\u00e9cution de la pr\u00e9sente d\u00e9cision qui sera publi\u00e9e aux recueils des actes administratifs de la pr\u00e9fecture \nde la r\u00e9gion et de la pr\u00e9fecture de la Seine-Saint-Denis. \n \n \n \n \nFait \u00e0 Aubervilliers, le 04 avril 2025 \n \nLe Directeur r\u00e9gional et interd\u00e9partemental \nde l'\u00e9conomie, de l'emploi, \ndu travail et des solidarit\u00e9s par int\u00e9rim, \n   \n                                        Sign\u00e9 \n                                       \n                             Marc ROHFRITSCH \nDirection r\u00e9gionale et interd\u00e9partementale de l'\u00e9conomie, de l'emploi, du travail et des solidarit\u00e9s d'\u00cele-de-France -\nIDF-2025-04-04-00003 - D\u00c9CISION n\u00b0 2025-065 du 04 avril 2025\nPortant subd\u00e9l\u00e9gation de signature de Monsieur Marc Rohfritsch, Directeur r\u00e9gional et interd\u00e9partemental de l'\u00c9conomie, de l'Emploi,\ndu Travail et des Solidarit\u00e9s d'\u00cele-de-France\npar int\u00e9rim, aux agents de l'unit\u00e9 d\u00e9partementale de la Seine-Saint-Denis\n18\nDirection r\u00e9gionale et interd\u00e9partementale de\nl'\u00e9conomie, de l'emploi, du travail et des\nsolidarit\u00e9s d'\u00cele-de-France\nIDF-2025-04-04-00009\nD\u00e9cision n\u00b0 2025-071 du 4 avril 2025\nportant d\u00e9l\u00e9gation de signature du directeur\nr\u00e9gional et interd\u00e9partemental\nde l'\u00e9conomie, de l'emploi, du travail et des\nsolidarit\u00e9s d'\u00cele-de-France\nDirection r\u00e9gionale et interd\u00e9partementale de l'\u00e9conomie, de l'emploi, du travail et des solidarit\u00e9s d'\u00cele-de-France -\nIDF-2025-04-04-00009 - D\u00e9cision n\u00b0 2025-071 du 4 avril 2025\nportant d\u00e9l\u00e9gation de signature du directeur r\u00e9gional et interd\u00e9partemental\nde l'\u00e9conomie, de l'emploi, du travail et des solidarit\u00e9s d'\u00cele-de-France\n19\nE 3MINIST\u00c8RE ;DU TRAVAIL, DE LA SANTE,DES SOLIDARITESET DES FAMILLESL thert\u00e9Egalit\u00e9Fraternit\u00e9\n \n \nDirection r\u00e9gionale et interd\u00e9partementale \nde l'\u00e9conomie, de l'emploi,  \ndu travail et des solidarit\u00e9s \nd'Ile de France \n \nDRIEETS d'\u00cele-de-France \n19 rue Madeleine Vionnet 93300 AUBERVILLIERS \nhttps://idf.drieets.gouv.fr/ \n \n \n \n \nD\u00e9cision n\u00b0 2025-071 du 4 avril 2025 \nportant d\u00e9l\u00e9gation de signature du directeur r\u00e9gional et interd\u00e9partemental  \nde l'\u00e9conomie, de l'emploi, du travail et des solidarit\u00e9s d'\u00cele-de-France \n \n \nLe directeur r\u00e9gional et interd\u00e9partemental de l'\u00e9conomie, de l'emploi, du travail et des solidarit\u00e9s d'Ile de \nFrance, \n \nVu le code du travail, le code rural et de la p\u00eache maritime, le code des transports et le code de \nl'\u00e9ducation, \n \nVu le d\u00e9cret n\u00b0 2020-1545 du 9 d\u00e9cembre 2020 modifi\u00e9 relatif \u00e0 l'organisation et aux missions des directions \nr\u00e9gionales de l'\u00e9conomie, de l'emploi, du travail et des solidarit\u00e9s, des directions d\u00e9partementales de l'emploi, \ndu travail et des solidarit\u00e9s et des directions d\u00e9partementales de l'emploi, du travail, des solidarit\u00e9s et de \nla protection des populations, \n \nVu l'arr\u00eat\u00e9 interminist\u00e9riel du 20 mars 2025 nommant Marc ROHFRITSCH directeur r\u00e9gional et \ninterd\u00e9partemental de l'\u00e9conomie, de l'emploi, du travail et des solidarit\u00e9s d'\u00cele-de-France par int\u00e9rim, \u00e0 compter \ndu 1er avril 2025, \n \n \nD\u00c9CIDE : \n \nArticle 1er  \n \nD\u00e9l\u00e9gation est donn\u00e9e aux agents des unit\u00e9s d\u00e9partementales, des directions d\u00e9partementales de l'emploi, \ndu travail et des solidarit\u00e9s et de l'unit\u00e9 r\u00e9gionale ci-dessous d\u00e9sign\u00e9s, \u00e0 effet d'instruire, au nom du directeur \nr\u00e9gional et interd\u00e9partemental de l'\u00e9conomie, de l'emploi, du travail et des solidarit\u00e9s d'Ile-de-France par \nint\u00e9rim, la proc\u00e9dure contradictoire en mati\u00e8re de sanctions administratives pr\u00e9vue aux articles L. 8115-5 et R. \n8115-2 du code du travail et de signer les actes aff\u00e9rents \u00e0 cette proc\u00e9dure : \n \nUnit\u00e9 d\u00e9partementale de Paris : \n- Madame Alice COLET-CALLENS \n- Madame Sylvie LEITAO \n- Monsieur Fr\u00e9d\u00e9ric LEROUGE \n- Madame Alexandra MUSY \n- Madame Sophie POULET \n \nDirection d\u00e9partementale de l'emploi, du travail et des solidarit\u00e9s de Seine-et-Marne : \n- Madame Sandra EMSELLEM \n- Madame Armelle LE LAY \n- Monsieur R\u00e9gis PERROT \n \n \n \nDirection r\u00e9gionale et interd\u00e9partementale de l'\u00e9conomie, de l'emploi, du travail et des solidarit\u00e9s d'\u00cele-de-France -\nIDF-2025-04-04-00009 - D\u00e9cision n\u00b0 2025-071 du 4 avril 2025\nportant d\u00e9l\u00e9gation de signature du directeur r\u00e9gional et interd\u00e9partemental\nde l'\u00e9conomie, de l'emploi, du travail et des solidarit\u00e9s d'\u00cele-de-France\n20\n \n2/3 \n \nDirection d\u00e9partementale de l'emploi, du travail et des solidarit\u00e9s des Yvelines : \n- Madame Caroline PERRAULT \n- Madame Val\u00e9rie SOLERANSKI \n \nDirection d\u00e9partementale de l'emploi, du travail et des solidarit\u00e9s de l'Essonne : \n- Madame Murielle BART \n- Madame Loriane COURTOIS \n- Monsieur St\u00e9phane ROUXEL \n \nUnit\u00e9 d\u00e9partementale des Hauts-de-Seine : \n- Madame Kelly DECEBALE \n- Madame Adeline GAZZOLA \n- Madame Sylvie GUINOT \n- Madame Nathalie NAMPON \n- Madame Pauline OULD AOUDIA \n- Madame Lolita REINA-RICO \n- Monsieur J\u00e9r\u00f4me SAJOT \n- Madame Lydia SAOULI \n- Monsieur William WYTS \n \nUnit\u00e9 d\u00e9partementale de la Seine Saint Denis : \n- Madame Aurore DELIGNY \n- Madame Karine GRANIER \n- Monsieur Pierre-Yves HANNUS \n \nUnit\u00e9 d\u00e9partementale du Val-de-Marne : \n- Monsieur Marie-Joseph NZDANAH \n- Monsieur Jean-No\u00ebl PONZEVERA, jusqu'au 31 mars 2025 \n \nDirection d\u00e9partementale de l'emploi, du travail et des solidarit\u00e9s du Val d'Oise : \n- Madame Marielle GUEZOU \n- Monsieur Vincent LEFEBVRE \n- Madame Alexandra VANDAMME \n \nUnit\u00e9 r\u00e9gionale : \n- Monsieur Patrice BERTHREU \n- Madame Kathia BRANDT \n- Madame Delphine DZUIBA \n- Monsieur Julien BOELDIEU \n- Monsieur Pascal GOSSE \n- Madame Claire JANNIN \n- Monsieur Hugo HUET \n- Monsieur Guy LEBON \n- Madame Dominique MICHEL \n- Madame Marie-H\u00e9l\u00e8ne MICHEL \n- Monsieur Jean-No\u00ebl PONZEVERA, \u00e0 compter du 1er avril 2025 \n- Monsieur Guillaume ROBIN \n- Madame Anna SCHPITZ \n \nArticle 2 \n \nLes sanctions administratives pour lesquelles les agents des unit\u00e9s d\u00e9partementales et des directions \nd\u00e9partementales de l'emploi, du travail et des solidarit\u00e9s d\u00e9sign\u00e9s \u00e0 l'article 1er ont d\u00e9l\u00e9gation aux fins \nd'instruire la proc\u00e9dure contradictoire et de signer les actes y aff\u00e9rents sont celles fix\u00e9es par : \n- L'article L. 719-10 du code rural et de la p\u00eache maritime \n- L'article L. 719-10-1 du code rural et de la p\u00eache maritime \nDirection r\u00e9gionale et interd\u00e9partementale de l'\u00e9conomie, de l'emploi, du travail et des solidarit\u00e9s d'\u00cele-de-France -\nIDF-2025-04-04-00009 - D\u00e9cision n\u00b0 2025-071 du 4 avril 2025\nportant d\u00e9l\u00e9gation de signature du directeur r\u00e9gional et interd\u00e9partemental\nde l'\u00e9conomie, de l'emploi, du travail et des solidarit\u00e9s d'\u00cele-de-France\n21\n \n3/3 \n \n- L'article L. 124-17 du code de l'\u00e9ducation \n- L'article L. 1325-1 du code des transports \n- L'article L. 4752-1 du code du travail \n- L'article L. 4752-2 du code du travail \n- L'article L. 4753-1 du code du travail \n- L'article L. 4753-2 du code du travail \n- L'article L. 4754-1 du code du travail \n- L'article L. 8115-1 du code du travail \n- L'article L. 8291-2 du code du travail \n \nArticle 3  \n \nLes sanctions administratives pour lesquelles les agents de l'unit\u00e9 r\u00e9gionale d\u00e9sign\u00e9s \u00e0 l'article 1er ont \nd\u00e9l\u00e9gation aux fins d'instruire la proc\u00e9dure contradictoire et de signer les actes y aff\u00e9rents sont celles fix\u00e9es \u00e0 \nl'article 2 ci-dessus ainsi qu'aux articles L. 1263-4, L. 1263-4-1, L. 1263-4-2, L. 1263-6, L. 1264-1 et L. 1264-2 du \ncode du travail, lorsque la proc\u00e9dure est initi\u00e9e par un agent de contr\u00f4le de l'unit\u00e9 r\u00e9gionale. \n \nLes sanctions administratives pour lesquelles les agents de l'unit\u00e9 r\u00e9gionale d\u00e9sign\u00e9s \u00e0 l'article 1er ont \nd\u00e9l\u00e9gation aux fins d'instruire la proc\u00e9dure contradictoire et de signer les actes y aff\u00e9rents sont celles fix\u00e9es par \nles articles L. 1263-4, L. 1263-4-1, L. 1263-4-2, L. 1263-6, L. 1264-1 et L. 1264-2 du code du travail, lorsque la \nproc\u00e9dure est initi\u00e9e par un agent de contr\u00f4le d'une unit\u00e9 d\u00e9partementale ou d'une direction \nd\u00e9partementale de l'emploi, du travail et des solidarit\u00e9s. \n \nArticle 4 \n \nLa d\u00e9cision n\u00b0 20 25-041 du 17 mars 2025  portant d\u00e9l\u00e9gation de signature du directeur  r\u00e9gional et \ninterd\u00e9partemental des entreprises, de la concurrence, de la consommation, du travail et de l'emploi d'Ile de \nFrance est abrog\u00e9e. \n \nLa pr\u00e9sente d\u00e9cision prend effet \u00e0 compter de la date de sa publication. \n \nArticle 5 \n \nLe directeur r\u00e9gional et interd\u00e9partemental de l'\u00e9conomie, de l'emploi, du travail et des solidarit\u00e9s d'Ile-de- \nFrance par int\u00e9rim et les d\u00e9l\u00e9gataires d\u00e9sign\u00e9s ci-dessus sont charg\u00e9s, chacun en ce qui les concerne, de \nl'ex\u00e9cution de la pr\u00e9sente d\u00e9cision, qui sera publi\u00e9e aux recueils des actes administratifs de la pr\u00e9fecture de \nr\u00e9gion. \n \n \nFait \u00e0 Aubervilliers, le 04 avril 2025 \n \nLe directeur r\u00e9gional et interd\u00e9partemental  \nde l'\u00e9conomie, de l'emploi, du travail et des solidarit\u00e9s \npar int\u00e9rim, \n \n \nSign\u00e9 \n \nMarc Rohfritsch \nDirection r\u00e9gionale et interd\u00e9partementale de l'\u00e9conomie, de l'emploi, du travail et des solidarit\u00e9s d'\u00cele-de-France -\nIDF-2025-04-04-00009 - D\u00e9cision n\u00b0 2025-071 du 4 avril 2025\nportant d\u00e9l\u00e9gation de signature du directeur r\u00e9gional et interd\u00e9partemental\nde l'\u00e9conomie, de l'emploi, du travail et des solidarit\u00e9s d'\u00cele-de-France\n22\nDirection r\u00e9gionale et interd\u00e9partementale de\nl'\u00e9conomie, de l'emploi, du travail et des\nsolidarit\u00e9s d'\u00cele-de-France\nIDF-2025-04-04-00010\nD\u00e9cision n\u00b0 2025-072 du 04 avril 2025\nPortant d\u00e9l\u00e9gation de signature du directeur\nr\u00e9gional et interd\u00e9partemental de l'\u00e9conomie,\nde l'emploi, du travail et des solidarit\u00e9s aux\nagents de l'unit\u00e9 d\u00e9partementale de Paris\nDirection r\u00e9gionale et interd\u00e9partementale de l'\u00e9conomie, de l'emploi, du travail et des solidarit\u00e9s d'\u00cele-de-France -\nIDF-2025-04-04-00010 - D\u00e9cision n\u00b0 2025-072 du 04 avril 2025\nPortant d\u00e9l\u00e9gation de signature du directeur r\u00e9gional et interd\u00e9partemental de l'\u00e9conomie, de l'emploi, du travail et des solidarit\u00e9s\naux agents de l'unit\u00e9 d\u00e9partementale de Paris\n23\nPREFET |DE LA REGIOND'\u00ceLE-DE-FRANCELibert\u00e9Egalit\u00e9Fraternit\u00e9\n1/6  \n \nDirection r\u00e9gionale et interd\u00e9partementale \nde l'\u00e9conomie, de l'emploi, \ndu travail et des solidarit\u00e9s \n \n \n \n \n \nD\u00c9CISION n\u00b0 2025-072 du 04 avril 2025  \n \nPortant d\u00e9l\u00e9gation de signature du directeur r\u00e9gional et interd\u00e9partemental de l'\u00e9conomie, de l'emploi, \ndu travail et des solidarit\u00e9s aux agents de l'unit\u00e9 d\u00e9partementale de Paris \n \nMINIST\u00c8RE DU TRAVAIL, DE LA SANT\u00c9, DES \nSOLIDARIT\u00c9S ET DES FAMILLES \nMINIST\u00c8RE DE L'\u00c9CONOMIE ET DES FINANCES ET DE \nL'INDUSTRIE \n \nDIRECTION REGIONALE ET INTERDEPARTEMENTALE \nDE L'\u00c9CONOMIE, DE L'EMPLOI, DU TRAVAIL ET DES SOLIDARIT\u00c9S D'ILE DE FRANCE  \n \n \n \nLe directeur r\u00e9gional et interd\u00e9partemental de l'\u00e9conomie, de l'emploi, du travail et des solidarit\u00e9s \nd'\u00cele-de- France, \n \nVu le code du travail, le code rural et de la p\u00eache maritime, le code de l'\u00e9ducation, le code de la \ns\u00e9curit\u00e9 sociale, le code du commerce et le code de la consommation, \n \nVu la loi du 4 juillet 1837 relative aux poids et mesures, \n \nVu le d\u00e9cret n\u00b0 2001-387 du 3 mai 2001 modifi\u00e9 relatif au contr\u00f4le des instruments de mesure, \n \nVu le d\u00e9cret n\u00b0 2010-687 du 24 juin 2010 relatif \u00e0 l'organisation et aux missions des services de l'\u00c9tat \ndans la r\u00e9gion et les d\u00e9partements d'Ile-de-France, \n \nVu le d\u00e9cret n\u00b0 2020-1545 du 9 d\u00e9cembre 2020 relatif \u00e0 l'organisation et aux missions des directions \nr\u00e9gionales de l'\u00e9conomie, de l'emploi, du travail et des solidarit\u00e9s, des directions d\u00e9partementales de \nl'emploi, du travail et des solidarit\u00e9s et des directions d\u00e9partementales de l'emploi, du travail, des \nsolidarit\u00e9s et de la protection des populations, \n \nVu l'arr\u00eat\u00e9 interminist\u00e9riel du 23 d\u00e9cembre 2022 nommant Madame Martine BAUDOIN , directrice \nadjointe de l'unit\u00e9 d\u00e9partementale de Paris la direction r\u00e9gionale et interd\u00e9partementale de \nl'\u00e9conomie, de l'emploi, du travail et des solidarit\u00e9s d'Ile-de-France, \n \nVu l'arr\u00eat\u00e9 interminist\u00e9riel du 20 mars 2025 nommant Marc ROHFRITSCH directeur r\u00e9gional et \ninterd\u00e9partemental de l'\u00e9conomie, de l'emploi, du travail et des solidarit\u00e9s d'\u00cele -de-France par int\u00e9rim, \n\u00e0 compter du 1er avril 2025, \n \n \n \n \nDirection r\u00e9gionale et interd\u00e9partementale de l'\u00e9conomie, de l'emploi, du travail et des solidarit\u00e9s d'\u00cele-de-France -\nIDF-2025-04-04-00010 - D\u00e9cision n\u00b0 2025-072 du 04 avril 2025\nPortant d\u00e9l\u00e9gation de signature du directeur r\u00e9gional et interd\u00e9partemental de l'\u00e9conomie, de l'emploi, du travail et des solidarit\u00e9s\naux agents de l'unit\u00e9 d\u00e9partementale de Paris\n24\n2/6  \n \nD\u00c9CIDE \n \n \nArticle 1 \n \nD\u00e9l\u00e9gation permanente est donn\u00e9e \u00e0 Martine BAUDOIN, directrice adjointe de l'unit\u00e9 d\u00e9partementale \nde Paris, directrice de l'unit\u00e9 d\u00e9partementale de Paris par int\u00e9rim,  \u00e0 effet de signer, au nom du \ndirecteur r\u00e9gional et interd\u00e9partemental de l'\u00e9conomie, de l'emploi, du travail et des solidarit\u00e9s \nd'Ile de France, les d\u00e9cisions mentionn\u00e9es \u00e0 l'article 2. \n \nArticle 2 \n \nSujet Pouvoir R\u00e9f\u00e9rence \nAnticipation \nn\u00e9goci\u00e9e des \nmutations \n\u00e9conomiques \nAvis sur la proc\u00e9dure et observations sur les mesures \nsociales pour les proc\u00e9dures ouvertes par les \nentreprises non soumises \u00e0 l'obligation d'\u00e9tablir un \nPSE. \nArticle L 1233-56 \ndu code du travail \nAnticipation \nn\u00e9goci\u00e9e des \nmutations \n\u00e9conomiques \nAvis sur la proc\u00e9dure et observations sur le PSE pour \nles proc\u00e9dures ouvertes par les entreprises soumises \n\u00e0 l'obligation d'\u00e9tablir un PSE. \nArticles L 1233-57 et \nL 1233-57-6 du \ncode du travail \nAnticipation \nn\u00e9goci\u00e9e des \nmutations \n\u00e9conomiques \nD\u00e9cision de validation ou de refus de validation de \nl'accord collectif sign\u00e9 en application de l'article 1233-\n24-1 du code du travail \nArticles L 1233-57-1, L \n1233-57-4, L 1233-57-\n2, \nL 1233-58 du code \ndu travail \nAnticipation \nn\u00e9goci\u00e9e des \nmutations \n\u00e9conomiques \nD\u00e9cision d'homologation ou de refus d'homologation \ndu document unilat\u00e9ral pris en application de l'article \nL 1233- 24-4 du code du travail \nArticles L 1233-57-1, L \n1233-57-4,L 1233-57-\n3, \nL 1233-58 du code \ndu travail \nAnticipation \nn\u00e9goci\u00e9e des \nmutations \n\u00e9conomiques \nInjonction prise sur demande formul\u00e9e par le CSE, ou, \nlorsqu'il n'existe pas, par le CE ou, \u00e0 d\u00e9faut, les DP ou, \nen cas de n\u00e9gociation d'un accord L 1233-24-1 du code \ndu travail, par les OS repr\u00e9sentatives de l'entreprises. \nArticles L 1233-57-5 \net D 1233-12 du \ncode du travail \nAnticipation \nn\u00e9goci\u00e9e des \nmutations \n\u00e9conomiques \nD\u00e9cision relative \u00e0 la contestation portant sur \nl'expertise unique r\u00e9alis\u00e9e dans le cadre de l'article \nL.1233-34 du code du travail. \nArticle L1233-35-\n1et Article R1233-\n3-3 du code du \ntravail \nAnticipation \nn\u00e9goci\u00e9e des \nmutations \n\u00e9conomiques \nD\u00e9cision de validation ou de refus de validation de \nl'accord portant rupture conventionnelle collective \nsign\u00e9 en application de l'article L 1237-19 du code du \ntravail \nArticles L 1237-19-3, L \n1237-19-4, L 1237-19-\n5, \nL 1237-19-6, D 1237-9, \nD 1237-10 et \nsuivants du code du \ntravail \nEgalit\u00e9 \nprofessionnelle \nD\u00e9cision d'opposition \u00e0 un plan pour l'\u00e9galit\u00e9 \nprofessionnelle \nArticles L 1143-3 \net D 1143-6 du \ncode du travail \nDirection r\u00e9gionale et interd\u00e9partementale de l'\u00e9conomie, de l'emploi, du travail et des solidarit\u00e9s d'\u00cele-de-France -\nIDF-2025-04-04-00010 - D\u00e9cision n\u00b0 2025-072 du 04 avril 2025\nPortant d\u00e9l\u00e9gation de signature du directeur r\u00e9gional et interd\u00e9partemental de l'\u00e9conomie, de l'emploi, du travail et des solidarit\u00e9s\naux agents de l'unit\u00e9 d\u00e9partementale de Paris\n25\n3/6  \nEgalit\u00e9 \nprofessionnelle \nD\u00e9cision appr\u00e9ciant la conformit\u00e9 d'un accord \nd'entreprise ou d'un plan d'action aux dispositions de \nl'article L. 2242-8 du code du travail \nArticles L 2242-9 et \nR 2242-10 du code \ndu travail \nDur\u00e9e du travail \nD\u00e9cisions accordant ou refusant d'accorder une \nd\u00e9rogation \u00e0 la dur\u00e9e maximale hebdomadaire absolue \ndu travail \nArticles L 3121-21 et \nR 3121-10 du code \ndu travail \nDur\u00e9e du travail \nD\u00e9cisions accordant ou refusant d'accorder une \nd\u00e9rogation \u00e0 la dur\u00e9e maximale hebdomadaire \nmoyenne du travail \nArticles L 3121-24, L \n3121-25, R 3121-11 et \nR 3121-16 du code \ndu travail \nDur\u00e9e du travail \nD\u00e9cisions accordant ou refusant d'accorder une \nd\u00e9rogation \u00e0 la dur\u00e9e maximale hebdomadaire \nmoyenne du travail pour une entreprise ou pour une \nactivit\u00e9 dans le d\u00e9partement \nArticles L 713-11, R 713- \n12 et R 713-14 du \ncode rural \nDur\u00e9e du travail \nD\u00e9cision d\u00e9signant les membres de la commission \ninstitu\u00e9e aupr\u00e8s des caisses de cong\u00e9s pay\u00e9s du \nb\u00e2timent et des travaux publics \nArticle D 3141 35 \ndu code du travail \nSant\u00e9 et \ns\u00e9curit\u00e9 au \ntravail \nD\u00e9cisions accordant ou refusant d'accorder des \nd\u00e9rogations \n\u00e0 l'interdiction de recourir \u00e0 des salari\u00e9s sous contrat \u00e0 \ndur\u00e9e d\u00e9termin\u00e9e pour certains travaux \nparticuli\u00e8rement dangereux \nArticles L 1242-6 et \nD 1242-5 du code \ndu travail \nSant\u00e9 et \ns\u00e9curit\u00e9 au \ntravail \nD\u00e9cisions accordant ou refusant d'accorder des \nd\u00e9rogations \u00e0 l'interdiction de recourir au travail \ntemporaire pour certains travaux particuli\u00e8rement \ndangereux \nArticles L 1251-10 et \nD 1251-2 du code \ndu travail \nSant\u00e9 et \ns\u00e9curit\u00e9 au \ntravail \nD\u00e9cision autorisant ou refusant d'autoriser ou retirant \nune d\u00e9cision d'autorisation d'employer des salari\u00e9s \ntitulaires d'un contrat \u00e0 dur\u00e9e d\u00e9termin\u00e9e ou des \nsalari\u00e9s temporaires pour accomplir des travaux \nexposant \u00e0 certains agents chimiques dangereux \nArticles L 4154-1 et \nD 4154-3 \u00e0 D 4154-\n6 du code du \ntravail \nSant\u00e9 et \ns\u00e9curit\u00e9 au \ntravail \nD\u00e9cision accordant ou refusant d'accorder les \nd\u00e9rogations aux dispositions des articles R. 4533-2 \u00e0 R. \n4533-4 (voies et r\u00e9seaux divers de chantiers de \nconstruction) \nArticles R 4533-6 et \nR 4533-7 du code \ndu travail \nSant\u00e9 et \ns\u00e9curit\u00e9 au \ntravail \nMise en demeure de prendre des mesures pour rem\u00e9dier \n\u00e0 une situation dangereuse r\u00e9sultant d'une infraction \naux dispositions des articles L. 4121-1 \u00e0 L. 4121-5, L. 4522-\n1 et L. 4221-1 \nArticle L 4721-1 du \ncode du travail \nSant\u00e9 et \ns\u00e9curit\u00e9 au \ntravail \nD\u00e9cision prise sur recours hi\u00e9rarchique form\u00e9 contre \nune demande d'analyse de produits faite en \napplication de l'article R 4722-10 \nArticle R 4723-5 du \ncode du travail \nSant\u00e9 et \ns\u00e9curit\u00e9 au \ntravail \nD\u00e9cision approuvant ou n'approuvant pas l'\u00e9tude de \ns\u00e9curit\u00e9. D\u00e9cision demandant au chef d'\u00e9tablissement \nd'effectuer ou de faire effectuer des essais \ncompl\u00e9mentaires \nArticle R 4462-30 \ndu code du travail \nSant\u00e9 et \ns\u00e9curit\u00e9 au \ntravail \nD\u00e9cision approuvant ou n'approuvant pas l'\u00e9tude de \ns\u00e9curit\u00e9. D\u00e9cision demandant au chef d'\u00e9tablissement \nd'effectuer ou de faire effectuer des essais \ncompl\u00e9mentaires \nArticle 8 du d\u00e9cret du \n26 octobre 2005 \nrelatif aux chantiers \nde d\u00e9pollution \npyrotechnique \nDirection r\u00e9gionale et interd\u00e9partementale de l'\u00e9conomie, de l'emploi, du travail et des solidarit\u00e9s d'\u00cele-de-France -\nIDF-2025-04-04-00010 - D\u00e9cision n\u00b0 2025-072 du 04 avril 2025\nPortant d\u00e9l\u00e9gation de signature du directeur r\u00e9gional et interd\u00e9partemental de l'\u00e9conomie, de l'emploi, du travail et des solidarit\u00e9s\naux agents de l'unit\u00e9 d\u00e9partementale de Paris\n26\n4/6  \nSant\u00e9 et \ns\u00e9curit\u00e9 au \ntravail \nD\u00e9cision accordant ou refusant une dispense \u00e0 \nl'obligation de mettre des douches \u00e0 disposition des \ntravailleurs \nArticle 3 de l'arr\u00eat\u00e9 \ndu 23 juillet 1947 \nGroupem\nent \nd'employ\neurs \nD\u00e9cision d'opposition \u00e0 l'exercice de l'activit\u00e9 \nd'un groupement d'employeurs \nArticles L 1253-17 et \nD 1253-7 \u00e0 D 1253-\n11 du code du travail \nGroupem\nent \nd'employ\neurs \nD\u00e9cisions accordant, refusant ou retirant l'agr\u00e9ment \nd'un groupement d'employeurs \nArticles R 1253-19 \u00e0 \nR 1253-27 du code \ndu travail \nRepr\u00e9sentati\non du \npersonnel \nD\u00e9cisions autorisant ou refusant la suppression du \nmandat de d\u00e9l\u00e9gu\u00e9 syndical \nArticles L. 2143-11 et \nR 2143-6 du code du \ntravail \nRepr\u00e9sentati\non du \npersonnel \nD\u00e9cisions autorisant ou refusant la suppression du \nmandat de repr\u00e9sentant de section syndicale \nArticles L 2142-1-2, L \n2143-11 et R 2143-6 \ndu \ncode du travail \nRepr\u00e9sentati\non du \npersonnel \nD\u00e9cision fixant le nombre et le p\u00e9rim\u00e8tre des \n\u00e9tablissements distincts du comit\u00e9 social et \n\u00e9conomique \nArticles L 2313-5, L \n2313-8, R 2313-1 et \nR \n2313-4 du code \ndu travail \nRepr\u00e9sentati\non du \npersonnel \nD\u00e9cision fixant la r\u00e9partition du personnel et des si\u00e8ges \nentre les coll\u00e8ges \u00e9lectoraux du comit\u00e9 social et \n\u00e9conomique \nArticles L 2314-13 \net R 2314-3 du \ncode du travail \nRepr\u00e9sentati\non du \npersonnel \nD\u00e9cision fixant la r\u00e9partition des si\u00e8ges entre les \n\u00e9tablissements et les coll\u00e8ges au sein d'un comit\u00e9 \nsocial et \u00e9conomique central \nArticles L 2316-8 et \nR 2316-2 du code \ndu travail \nRepr\u00e9sentati\non du \npersonnel \nD\u00e9cision r\u00e9partissant les si\u00e8ges au comit\u00e9 de groupe \nentre les \u00e9lus du ou des coll\u00e8ges \u00e9lectoraux \nArticles L 2333-4 et \nR 2332-1 du code \ndu travail \nRepr\u00e9sentati\non du \npersonnel \nD\u00e9cision de d\u00e9signation du rempla\u00e7ant d'un \nrepr\u00e9sentant du personnel du comit\u00e9 de groupe \nArticles L 2333-6 et \nR 2332-1 du code \ndu travail \nRepr\u00e9sentati\non du \npersonnel \nD\u00e9cisions d'autorisation ou de refus \nd'autorisation de suppression d'un comit\u00e9 \nd'entreprise europ\u00e9en \nArticles L 2345-1 et \nR 2345-1 du code \ndu travail \nApprentissage \nD\u00e9cisions en mati\u00e8re d'apprentissage et notamment : \nD\u00e9cision de suspension du contrat d'apprentissage \n(article L 6225-4), D\u00e9cision autorisant ou refusant la \nreprise de l'ex\u00e9cution du contrat d'apprentissage \n(article L 6225-5), D\u00e9cision interdisant le recrutement \nde nouveaux apprentis ainsi que de jeunes titulaires \nd'un contrat d'insertion en alternance (article L 6225-6), \nD\u00e9cision mettant fin ou refusant de mettre fin \u00e0 \nl'interdiction de recruter de nouveaux apprentis \n(article R 6225-11) \nArticles L 6225-4 \u00e0 L \n6225-8 et R 6225-1 \u00e0 \nR \n6225-12 du code \ndu travail \nDirection r\u00e9gionale et interd\u00e9partementale de l'\u00e9conomie, de l'emploi, du travail et des solidarit\u00e9s d'\u00cele-de-France -\nIDF-2025-04-04-00010 - D\u00e9cision n\u00b0 2025-072 du 04 avril 2025\nPortant d\u00e9l\u00e9gation de signature du directeur r\u00e9gional et interd\u00e9partemental de l'\u00e9conomie, de l'emploi, du travail et des solidarit\u00e9s\naux agents de l'unit\u00e9 d\u00e9partementale de Paris\n27\n5/6  \nTravailleurs de \nmoins de 18 ans \nD\u00e9cisions relatives aux travailleurs et stagiaires de moins \nde 18 ans et notamment : D\u00e9cision de suspension du \ncontrat de travail ou de la convention du stage (article L \n4733-8), D\u00e9cision autorisant ou refusant la reprise de \nl'ex\u00e9cution du contrat de travail ou de la convention du \nstage (article L 4733-9), D\u00e9cision interdisant le \nrecrutement de travailleurs ou l'accueil de stagiaires \n(article L 4733-10) \nArticles L 4733-8 \net suivants du \ncode du travail \nFormation \nprofessionne\nlle et \ncertification \nD\u00e9livrance du titre professionnel, D\u00e9signation du jury, \nVAE : recevabilit\u00e9 de la VAE \nArticles R 338-6 et R \n338-7 du code de \nl'\u00c9ducation, arr\u00eat\u00e9s \ndu 22 D\u00e9cembre \n2015 et \ndu 21 juillet 2016 \nFormation \nprofessionne\nlle et \ncertification \nD\u00e9cision de retrait du b\u00e9n\u00e9fice des \nexon\u00e9rations de cotisations sociales attach\u00e9 \naux contrats de professionnalisation \nArticle R 6325-20 \ndu code du travail \nEpargne salariale \nDemande de retrait ou de modification de dispositions \nd'un accord d'int\u00e9ressement ou de participation, ou \nd'un r\u00e8glement d'\u00e9pargne salariale \nArticle L 3345-1 et \nsuivants et D 3345-1 \net suivant du code \ndu travail \nRupture \nconventionnelle \nD\u00e9cisions d'homologation et de refus d'homologation \ndes conventions de rupture conventionnelle du contrat \nde travail \nArticles L. 1237-14 et \nR. 1237-3 du code du \ntravail \nDivers \nD\u00e9termination du salaire de r\u00e9f\u00e9rence des \ntravailleurs migrants \nArticles R 5422-3 et \n-4 du code du \ntravail \nDivers \nD\u00e9cision d\u00e9terminant les p\u00e9riodes d'arr\u00eats \nsaisonniers de travail par suite d'intemp\u00e9ries \n(entreprises de BTP) \nArticles D 5424-8 \u00e0 \nD 5424-10 du \ncode du travail \nDivers \nD\u00e9cision prise sur le recours gracieux form\u00e9 par un \n\u00e9lecteur ou son repr\u00e9sentant en cas de contestation \nrelative \u00e0 une inscription sur la liste \u00e9lectorale \u00e9tablie \ndans le cadre du scrutin de mesure de l'audience des \norganisations syndicales dans les entreprises de moins \nde 11 salari\u00e9s \n \nArticle R 2122-21 \ndu code du travail \nDivers \nMise en \u0153uvre de la transaction p\u00e9nale : proposition au \nmis en cause, demande d'homologation au procureur, \nnotification au mis en cause \nArticles L 8114-4 et \nsuivants et R 8114-3 \net suivants du code \ndu travail \nDirection r\u00e9gionale et interd\u00e9partementale de l'\u00e9conomie, de l'emploi, du travail et des solidarit\u00e9s d'\u00cele-de-France -\nIDF-2025-04-04-00010 - D\u00e9cision n\u00b0 2025-072 du 04 avril 2025\nPortant d\u00e9l\u00e9gation de signature du directeur r\u00e9gional et interd\u00e9partemental de l'\u00e9conomie, de l'emploi, du travail et des solidarit\u00e9s\naux agents de l'unit\u00e9 d\u00e9partementale de Paris\n28\n6/6  \n \nArticle 3 \n \nLe directeur de l'unit\u00e9 d\u00e9partementale peut donner d\u00e9l\u00e9gation de signature aux agents plac\u00e9s sous son \nautorit\u00e9 \u00e0 l'effet de signer les d\u00e9cisions \u00e9num\u00e9r\u00e9es \u00e0 l'article 2, \u00e0 l'exception des d\u00e9cisions relatives \u00e0 \nl'anticipation n\u00e9goci\u00e9e des mutations \u00e9conomiques pour d\u00e9velopper les comp\u00e9tences, au maintien de \nl'emploi et \u00e0 l'encadrement des licenciements \u00e9conomiques.  \n \nLes subd\u00e9l\u00e9gations sont port\u00e9es \u00e0 la connaissance du directeur r\u00e9gional et interd\u00e9partemental de \nl'\u00e9conomie, de l'emploi, du travail et des solidarit\u00e9s. \n \n \nArticle 4 \n \nLa pr\u00e9sente d\u00e9cision de d\u00e9l\u00e9gation de signature porte abrogation de la d\u00e9cision n\u00b02025-048 du 01er avril \n2025. \n \n \nArticle 5 \n \nLe Directeur r\u00e9gional et interd\u00e9partemental de l'\u00e9conomie, de l'emploi, du travail et des solidarit\u00e9s \nd'\u00cele-de- France est charg\u00e9 de l'ex\u00e9cution de la pr\u00e9sente d\u00e9cision qui sera publi\u00e9e au recueil des actes \nadministratifs de la r\u00e9gion \u00cele-de-France. \n \n \n \nFait \u00e0 Aubervilliers, le 04 avril 2025 \n \nLe Directeur r\u00e9gional et interd\u00e9partemental de \nl'\u00e9conomie, de l'emploi, du travail et des \nsolidarit\u00e9s par int\u00e9rim \n \nSign\u00e9 \n \nMarc ROHFRITSCH \nDirection r\u00e9gionale et interd\u00e9partementale de l'\u00e9conomie, de l'emploi, du travail et des solidarit\u00e9s d'\u00cele-de-France -\nIDF-2025-04-04-00010 - D\u00e9cision n\u00b0 2025-072 du 04 avril 2025\nPortant d\u00e9l\u00e9gation de signature du directeur r\u00e9gional et interd\u00e9partemental de l'\u00e9conomie, de l'emploi, du travail et des solidarit\u00e9s\naux agents de l'unit\u00e9 d\u00e9partementale de Paris\n29\nDirection r\u00e9gionale et interd\u00e9partementale de\nl'\u00e9conomie, de l'emploi, du travail et des\nsolidarit\u00e9s d'\u00cele-de-France\nIDF-2025-04-04-00002\nD\u00e9cision n\u00b0 2025-70 du 4 avril 2025\nPortant d\u00e9l\u00e9gation de signature du directeur\nr\u00e9gional et interd\u00e9partemental de l'\u00e9conomie,\nde l'emploi, du travail et des solidarit\u00e9s\nDirection r\u00e9gionale et interd\u00e9partementale de l'\u00e9conomie, de l'emploi, du travail et des solidarit\u00e9s d'\u00cele-de-France -\nIDF-2025-04-04-00002 - D\u00e9cision n\u00b0 2025-70 du 4 avril 2025\nPortant d\u00e9l\u00e9gation de signature du directeur r\u00e9gional et interd\u00e9partemental de l'\u00e9conomie, de l'emploi, du travail et des solidarit\u00e9s\n30\nPREFET |DE LA REGIOND'\u00ceLE-DE-FRANCELibert\u00e9Egalit\u00e9Fraternit\u00e9\n Direction r\u00e9gionale et interd\u00e9partementale \nde l'\u00e9conomie, de l'emploi, \ndu travail et des solidarit\u00e9s  \n \n \nDRIEETS Ile de France  \n19/21 rue Madeleine Vionnet  \n93 300 AUBERVILLIERS \n \n \n \n \n           D\u00e9cision n\u00b0 2025-70 du 4 avril 2025 \n \nPortant d\u00e9l\u00e9gation de signature du directeur r\u00e9gional et interd\u00e9partemental de l'\u00e9conomie, de \nl'emploi, du travail et des solidarit\u00e9s \n \nMINIST\u00c8RE DU TRAVAIL, DE LA SANT\u00c9, DES \nSOLIDARIT\u00c9S ET DES FAMILLES \nMINIST\u00c8RE DE L'\u00c9CONOMIE ET DES FINANCES ET \nDE L'INDUSTRIE \n \nDIRECTION REGIONALE ET INTERDEPARTEMENTALE \nDE L'\u00c9CONOMIE, DE L'EMPLOI, DU TRAVAIL ET DES SOLIDARIT\u00c9S D'ILE DE FRANCE \n \n \nLe Directeur r\u00e9gional et interd\u00e9partemental de l'\u00e9conomie, de l'emploi, du travail et des solidarit\u00e9s d'\u00cele-\nde-France, \n \nVu le code du travail, le code rural et de la p\u00eache maritime, le code de l'\u00e9ducation, le code de la s\u00e9curit\u00e9 \nsociale, le code du commerce et le code de la consommation, \n \nVu la loi du 4 juillet 1837 relative aux poids et mesures, \n \nVu le d\u00e9cret n\u00b0 2001-387 du 3 mai 2001 modifi\u00e9 relatif au contr\u00f4le des instruments de mesure,  \n \nVu le d\u00e9cret n\u00b0 2010-687 du 24 juin 2010 relatif \u00e0 l'organisation et aux missions des services de l'\u00c9tat dans \nla r\u00e9gion et les d\u00e9partements d'Ile-de-France, \n \nVu le d\u00e9cret n\u00b0 2020 -1545 du 9 d\u00e9cembre 2020 relatif \u00e0 l'organisation et aux missions des directions \nr\u00e9gionales de l'\u00e9conomie, de l'emploi, du travail et des solidarit\u00e9s, des directions d\u00e9partementales de \nl'emploi, du travail et des solidarit\u00e9s et des dire ctions d\u00e9partementales de l'emploi, du travail, des \nsolidarit\u00e9s et de la protection des populations \n \nVu l'arr\u00eat\u00e9 interminist\u00e9riel du 29 mars 2021  nommant Murielle LIZZI  directeur r\u00e9gional et \ninterd\u00e9partemental adjoin t de l'\u00e9conomie, de l'emploi, du  travail et de s solidarit\u00e9s d'\u00cele -de-France, \ncharg\u00e9 des fonctions de responsable du p\u00f4le concurrence , consommation, r\u00e9pression des fraudes et \nm\u00e9trologie l\u00e9gale, \n \nVu l'arr\u00eat\u00e9 interminist\u00e9riel du 6 f\u00e9vrier 2023 nommant Marc ROHFRITSCH directeur r\u00e9gional et \ninterd\u00e9partemental de l'\u00e9conomie, de l'emploi, du travail et des solidarit\u00e9s d'\u00cele -de-France, charg\u00e9 des \nfonctions de responsable du p\u00f4le entreprises, emploi et solidarit\u00e9s, \n \nVu l'arr\u00eat\u00e9 interminist\u00e9riel du 14 f\u00e9vrier 2025  nommant Jean-Fran\u00e7ois DALVAI  directeur r\u00e9gional et \ninterd\u00e9partemental adjoint de l'\u00e9conomie, de l'emploi, du travail et des solidarit\u00e9s d'\u00cele -de-France, \ncharg\u00e9 des fonctions de responsable du p\u00f4le politique du travail, \n \n \nDirection r\u00e9gionale et interd\u00e9partementale de l'\u00e9conomie, de l'emploi, du travail et des solidarit\u00e9s d'\u00cele-de-France -\nIDF-2025-04-04-00002 - D\u00e9cision n\u00b0 2025-70 du 4 avril 2025\nPortant d\u00e9l\u00e9gation de signature du directeur r\u00e9gional et interd\u00e9partemental de l'\u00e9conomie, de l'emploi, du travail et des solidarit\u00e9s\n31\n \n 2 \nVu l'arr\u00eat\u00e9 interminist\u00e9riel du 20 mars 2025 nommant Marc ROHFRITSCH directeur r\u00e9gional et \ninterd\u00e9partemental de l'\u00e9conomie, de l'emploi, du travail et des solidarit\u00e9s d'\u00cele -de-France par int\u00e9rim, \n\u00e0 compter du 1er avril 2025, \n \nD\u00e9cide \n \nArticle 1  \n \nD\u00e9l\u00e9gation est donn\u00e9e \u00e0 Jean-Fran\u00e7ois DALVAI, responsable du p\u00f4le Politique du travail (p\u00f4le T) de la \nDRIEETS d'Ile de France, \u00e0 Dominique-Anne MICHEL, adjointe, \u00e0 effet de signer, au nom du directeur \nr\u00e9gional et interd\u00e9partemental de l'\u00e9conomie, de l'emploi, du travail et des solidarit\u00e9s  les d\u00e9cisions \nmentionn\u00e9es \u00e0 l'article 2 et 3. \n \nD\u00e9l\u00e9gation est \u00e9galement donn\u00e9e \u00e0 Jean-Fran\u00e7ois DALVAI et Dominique-Anne MICHEL \u00e0 effet de signer \nles m\u00e9moires en d\u00e9fense produits devant les juridictions administratives dans le cadre de proc\u00e9dures \ncontentieuses \u00e0 l'encontre des m\u00eames d\u00e9cisions, ainsi que de celles prises par les directeurs d'unit\u00e9s \nd\u00e9partementales et des directeurs d\u00e9partementaux de l'emploi, du travail et des solidarit\u00e9s agissant sur \nd\u00e9l\u00e9gation du directeur r\u00e9gional et interd\u00e9partemental de l'\u00e9conomie, de l'emploi, du travail et des \nsolidarit\u00e9s d'Ile-de-France. \n \nConform\u00e9ment aux dispositions de l'article R 8122 -2 du code du travail  Jean-Fran\u00e7ois DALVAI pourra \nsubd\u00e9l\u00e9guer sa signature aux agents du corps de l'inspection du travail plac\u00e9s sous son autorit\u00e9.  \n \n \nArticle 2  \n \nSujet Pouvoir R\u00e9f\u00e9rence  \nDur\u00e9e du travail \nD\u00e9cisions accordant ou refusant d'accorder une \nd\u00e9rogation \u00e0 la dur\u00e9e maximale hebdomadaire \nabsolue du travail \nArticles L 3121-21 et R \n3121-10 du code du \ntravail \nDur\u00e9e du travail \nD\u00e9cisions accordant ou refusant d'accorder une \nd\u00e9rogation \u00e0 la dur\u00e9e maximale hebdomadaire \nmoyenne du travail \nArticles L 3121-24, L \n3121-25, R 3121-11 et \nR 3121-16 du code du \ntravail \nSant\u00e9 et s\u00e9curit\u00e9 au \ntravail \nD\u00e9cisions accordant ou refusant d'accorder des \nd\u00e9rogations \u00e0 l'interdiction de recourir \u00e0 des salari\u00e9s \nsous contrat \u00e0 dur\u00e9e d\u00e9termin\u00e9e pour certains \ntravaux particuli\u00e8rement dangereux  \nArticles L 1242-6 et D \n1242-5 du code du \ntravail \nSant\u00e9 et s\u00e9curit\u00e9 au \ntravail \nD\u00e9cisions accordant ou refusant d'accorder des \nd\u00e9rogations \u00e0 l'interdiction de recourir au travail \ntemporaire pour certains travaux particuli\u00e8rement \ndangereux  \nArticles L 1251-10 et D \n1251-2 du code du \ntravail \nSant\u00e9 et s\u00e9curit\u00e9 au \ntravail \nD\u00e9cision autorisant ou refusant d'autoriser ou \nretirant une d\u00e9cision d'autorisation d'employer des \nsalari\u00e9s titulaires d'un contrat \u00e0 dur\u00e9e d\u00e9termin\u00e9e \nou des salari\u00e9s temporaires pour accomplir des \ntravaux exposant \u00e0 certains agents chimiques \ndangereux \nArticles L 4154-1 et D \n4154-3 \u00e0 D 4154-6 du \ncode du travail \nSant\u00e9 et s\u00e9curit\u00e9 au \ntravail \nD\u00e9cision accordant ou refusant d'accorder les \nd\u00e9rogations aux dispositions des articles R. 4533-2 \u00e0 \nR. 4533-4 (voies et r\u00e9seaux divers de chantiers de \nconstruction) \nArticles R 4533-6 et R \n4533-7 du code du \ntravail \nDirection r\u00e9gionale et interd\u00e9partementale de l'\u00e9conomie, de l'emploi, du travail et des solidarit\u00e9s d'\u00cele-de-France -\nIDF-2025-04-04-00002 - D\u00e9cision n\u00b0 2025-70 du 4 avril 2025\nPortant d\u00e9l\u00e9gation de signature du directeur r\u00e9gional et interd\u00e9partemental de l'\u00e9conomie, de l'emploi, du travail et des solidarit\u00e9s\n32\n \n 3 \nSant\u00e9 et s\u00e9curit\u00e9 au \ntravail \nMise en demeure de prendre des mesures pour \nrem\u00e9dier \u00e0 une situation dangereuse r\u00e9sultant d'une \ninfraction aux dispositions des articles L. 4121-1 \u00e0 L. \n4121-5, L. 4522-1 et L. 4221-1 \nArticle L 4721-1 du \ncode du travail \nSant\u00e9 et s\u00e9curit\u00e9 au \ntravail \nD\u00e9cision approuvant ou n'approuvant pas l'\u00e9tude \nde s\u00e9curit\u00e9. D\u00e9cision demandant au chef \nd'\u00e9tablissement d'effectuer ou de faire effectuer \ndes essais compl\u00e9mentaires  \nArticle 8 du d\u00e9cret \ndu 26 octobre 2005 \nrelatif aux chantiers \nde d\u00e9pollution \npyrotechnique \nSant\u00e9 et s\u00e9curit\u00e9 au \ntravail \nD\u00e9cision accordant ou refusant une dispense \u00e0 \nl'obligation de mettre des douches \u00e0 disposition des \ntravailleurs \nArticle 3 de l'arr\u00eat\u00e9 \ndu 23 juillet 1947 \n \n \n \nArticle 3 \n \nSujet Pouvoir R\u00e9f\u00e9rence  \nDur\u00e9e du travail \nD\u00e9cision accordant ou refusant une d\u00e9rogation \u00e0 la \ndur\u00e9e maximale hebdomadaire absolue ou moyenne \nde travail pour un type d'activit\u00e9s sur le plan \ninterd\u00e9partemental ou r\u00e9gional \nArticles R 713-11 et R \n713-12 du code rural \net de la p\u00eache \nmaritime \nDur\u00e9e du travail \nD\u00e9cision accordant ou refusant une d\u00e9rogation \u00e0 la \ndur\u00e9e maximale hebdomadaire moyenne de travail \npour un secteur d'activit\u00e9s sur le plan local, \nd\u00e9partemental ou interd\u00e9partemental \nArticles L 3121-25 et \nR 3121-14 du code du \ntravail \nDur\u00e9e du travail \nD\u00e9cision de suspension de la facult\u00e9 de \nr\u00e9cup\u00e9ration des heures perdues en cas de ch\u00f4mage \nextraordinaire et prolong\u00e9 dans une profession \nArticle R 3121-32 du \ncode du travail \nDur\u00e9e du travail \nD\u00e9cision prise sur recours hi\u00e9rarchique form\u00e9 contre \nune d\u00e9cision de l'inspecteur du travail autorisant ou \nrefusant la mise en place d'une \u00e9quipe de \nsuppl\u00e9ance \nArticles L 3132-18 et \nR 3132-14 du code \ndu travail, R 714-11 et \n-13 du code rural \nDur\u00e9e du travail \nD\u00e9cision prise sur recours hi\u00e9rarchique form\u00e9 contre \nune d\u00e9cision de l'inspecteur du travail autorisant ou \nrefusant le travail en continu \nArticles L 3132-14 et \nR 3132-14 du code \ndu travail, R 714-11 et \n-13 du code rural \nDur\u00e9e du travail \nD\u00e9cision prise sur recours hi\u00e9rarchique form\u00e9 contre \nune d\u00e9cision de l'inspecteur du travail autorisant ou \nrefusant l'affectation de salari\u00e9s \u00e0 des postes de nuit \nArticles L 3122-21 et \nR 3122-10 du code \ndu travail \nDur\u00e9e du travail \nD\u00e9cision prise sur recours hi\u00e9rarchique form\u00e9 contre \nune d\u00e9cision de l'inspecteur du travail autorisant ou \nrefusant une d\u00e9rogation \u00e0 la dur\u00e9e maximale de \ntravail de nuit \nArticles L 3122-6 et R \n3122-4 du code du \ntravail \nDur\u00e9e du travail \nD\u00e9cision prise sur recours hi\u00e9rarchique form\u00e9 contre \nune d\u00e9cision de l'inspecteur du travail autorisant ou \nrefusant une d\u00e9rogation \u00e0 la dur\u00e9e maximale \nquotidienne de travail \nArticles L 3121-18 et \nD 3121-7 du code du \ntravail \nDur\u00e9e du travail \nD\u00e9cision prise sur recours hi\u00e9rarchique form\u00e9 contre \nune d\u00e9cision de l'inspecteur du travail autorisant ou \nrefusant une d\u00e9rogation au repos hebdomadaire \nArticle R 714-7 du \ncode rural \nDirection r\u00e9gionale et interd\u00e9partementale de l'\u00e9conomie, de l'emploi, du travail et des solidarit\u00e9s d'\u00cele-de-France -\nIDF-2025-04-04-00002 - D\u00e9cision n\u00b0 2025-70 du 4 avril 2025\nPortant d\u00e9l\u00e9gation de signature du directeur r\u00e9gional et interd\u00e9partemental de l'\u00e9conomie, de l'emploi, du travail et des solidarit\u00e9s\n33\n \n 4 \nDur\u00e9e du travail \nD\u00e9cision prise sur recours hi\u00e9rarchique form\u00e9 contre \nune d\u00e9cision de l'inspecteur du travail autorisant ou \nrefusant une d\u00e9rogation au repos quotidien \nArticle D 714-19 du \ncode rural \nDur\u00e9e du travail \nD\u00e9cision prise sur recours hi\u00e9rarchique form\u00e9 contre \nune d\u00e9cision de l'inspecteur du travail autorisant ou \nrefusant une d\u00e9rogation \u00e0 la dur\u00e9e maximale \nhebdomadaire de travail \nArt 5 du d\u00e9cret \n2000-118 du 14 \nf\u00e9vrier 2000 sur la \ndur\u00e9e du travail dans \nles transports \nurbains \nDur\u00e9e du travail \nD\u00e9cision prise sur recours hi\u00e9rarchique form\u00e9 contre \nune d\u00e9cision de l'inspecteur du travail imposant un \nmode d'enregistrement de la dur\u00e9e du travail \nArticle R 713-44 du \ncode rural \nRepr\u00e9sentation du \npersonnel \nD\u00e9cision en cas de d\u00e9saccord lors d'une r\u00e9union de \ncomit\u00e9 de travail (places couch\u00e9es & restauration \nferroviaires) \nArticle 27 du d\u00e9cret \n2003-849 du 4 \nseptembre 2003 \nRepr\u00e9sentation du \npersonnel \nD\u00e9cision prise sur recours hi\u00e9rarchique form\u00e9 contre \nune d\u00e9cision de l'inspecteur du travail imposant la \ncr\u00e9ation d'une CSSCT dans une entreprise de moins \nde 300 salari\u00e9s \nArticle L 2315-37 du \ncode du travail \nSant\u00e9 et s\u00e9curit\u00e9 au \ntravail \nD\u00e9cisions relatives aux services de sant\u00e9 au travail \nautonomes ou interentreprises \nArticles D 4622-3, R \n4622-4, D 4622-16, D \n4622-21, D 4622-23, \nR 4622-24, R 4623-9, \nR. 4625-6 du code \ndu travail \nSant\u00e9 et s\u00e9curit\u00e9 au \ntravail \nAgr\u00e9ments des services de sant\u00e9 au travail \nautonomes ou interentreprises \nArticles D 4622-48 \u00e0 \n-51, R. 4622-52 et R \n7214-1 du code du \ntravail \nSant\u00e9 et s\u00e9curit\u00e9 au \ntravail \nD\u00e9cisions relatives aux commissions de contr\u00f4le des \nservices de sant\u00e9 au travail interentreprises \nArticle D 4622-37 du \ncode du travail \nSant\u00e9 et s\u00e9curit\u00e9 au \ntravail \nD\u00e9cisions autorisant ou refusant la cr\u00e9ation d'un \nservice de sant\u00e9 autonome dans une entreprise de \nplus de 500 salari\u00e9s \nArticle D 717-44 du \ncode rural \nSant\u00e9 et s\u00e9curit\u00e9 au \ntravail \nD\u00e9cisions autorisant ou refusant un service de sant\u00e9 \nd'entreprise non agricole \u00e0 suivre les salari\u00e9s \nagricoles de celle \u2013 ci \nArticle D 717-47 du \ncode rural \nSant\u00e9 et s\u00e9curit\u00e9 au \ntravail \nD\u00e9cisions autorisant ou refusant la surveillance \nm\u00e9dicale des int\u00e9rimaires par les services de sant\u00e9 \nde la MSA \nArticle D 717-26-9 du \ncode rural \nSant\u00e9 et s\u00e9curit\u00e9 au \ntravail \nD\u00e9cision autorisant ou refusant de d\u00e9passer le \nnombre maximum de berceaux contenus dans un \nlocal d'allaitement \nArticle R 4152-17 du \ncode du travail \nSant\u00e9 et s\u00e9curit\u00e9 au \ntravail \nD\u00e9cision accordant ou refusant une dispense \ntemporaire ou permanente en mati\u00e8re de risques \nincendie, explosions et \u00e9vacuation \nArticle R 4227-55 du \ncode du travail \nSant\u00e9 et s\u00e9curit\u00e9 au \ntravail \nD\u00e9cision accordant ou refusant une dispense en \nmati\u00e8re de risques incendie, explosions et \n\u00e9vacuation \nArticle R 4216-32 du \ncode du travail \nSant\u00e9 et s\u00e9curit\u00e9 au \ntravail \nD\u00e9cision refusant ou autorisant un employeur \u00e0 \nassurer une formation au b\u00e9n\u00e9fice des personnels \nintervenant dans des op\u00e9rations hyperbares \nArticles 2 II et 10 de \nl'arr\u00eat\u00e9 du 28 janvier \n1991 \nSant\u00e9 et s\u00e9curit\u00e9 au D\u00e9cision refusant ou autorisant \u00e0 dispenser de Article 2 III de \nDirection r\u00e9gionale et interd\u00e9partementale de l'\u00e9conomie, de l'emploi, du travail et des solidarit\u00e9s d'\u00cele-de-France -\nIDF-2025-04-04-00002 - D\u00e9cision n\u00b0 2025-70 du 4 avril 2025\nPortant d\u00e9l\u00e9gation de signature du directeur r\u00e9gional et interd\u00e9partemental de l'\u00e9conomie, de l'emploi, du travail et des solidarit\u00e9s\n34\n \n 5 \ntravail formation des personnels intervenant dans des \nop\u00e9rations hyperbares \nl'arr\u00eat\u00e9 du 28 janvier \n1991 \nSant\u00e9 et s\u00e9curit\u00e9 au \ntravail \nD\u00e9cision accordant ou refusant une d\u00e9rogation en \nmati\u00e8re de risque pyrotechnique \nArticle R 4462-36 du \ncode du travail \nSant\u00e9 et s\u00e9curit\u00e9 au \ntravail \nD\u00e9cision prise sur recours hi\u00e9rarchique form\u00e9 contre \nune mise en demeure de l'agent de contr\u00f4le de \nl'inspection du travail \nArticles L 4723-1 et R \n4723-1 et suivants du \ncode du travail \nSant\u00e9 et s\u00e9curit\u00e9 au \ntravail \nD\u00e9cision prise sur recours hi\u00e9rarchique form\u00e9 contre \nune demande de v\u00e9rification, de mesure ou \nd'analyse, prise en vertu de l'article L 4722-1 du code \ndu travail \nArticles L 4723-1 et R \n4723-1 et suivants du \ncode du travail \nSant\u00e9 et s\u00e9curit\u00e9 au \ntravail \nD\u00e9cision prise sur recours hi\u00e9rarchique form\u00e9 contre \nune demande d'analyse de produits faite en \napplication de l'article R 4722-9 \nArticle R 4723-5 du \ncode du travail \nSant\u00e9 et s\u00e9curit\u00e9 au \ntravail \nD\u00e9cision prise sur recours hi\u00e9rarchique form\u00e9 contre \nune injonction de la CRAM \nArticles L 422-4 et R \n422-5 du code de la \ns\u00e9curit\u00e9 sociale \nSant\u00e9 et s\u00e9curit\u00e9 au \ntravail \nD\u00e9cision prise sur recours hi\u00e9rarchique form\u00e9 contre \nune d\u00e9cision de l'inspecteur du travail autorisant ou \nrefusant une d\u00e9rogation relative \u00e0 l'h\u00e9bergement \ndes travailleurs saisonniers \nArticles R 716-16 et R \n716-25  du code rural \nSant\u00e9 et s\u00e9curit\u00e9 au \ntravail \nD\u00e9cision prise sur recours hi\u00e9rarchique form\u00e9 contre \nune d\u00e9cision de l'inspecteur du travail saisi d'un \nd\u00e9saccord entre l'employeur et le m\u00e9decin du \ntravail sur des pr\u00e9l\u00e8vements ou des analyses \nArticle R 717-9 du \ncode rural \nSant\u00e9 et s\u00e9curit\u00e9 au \ntravail \nD\u00e9cision prise sur recours hi\u00e9rarchique form\u00e9 contre \nune d\u00e9cision de l'inspecteur du travail saisi d'un \nd\u00e9saccord entre l'employeur et le service de sant\u00e9 \nautonome sur la fr\u00e9quence des examens m\u00e9dicaux \ncompl\u00e9mentaires \nArticle R 717-20 du \ncode rural \nSant\u00e9 et s\u00e9curit\u00e9 au \ntravail \nD\u00e9cision prise sur recours hi\u00e9rarchique form\u00e9 contre \nune d\u00e9cision de l'inspecteur du travail autorisant ou \nrefusant une d\u00e9rogation \u00e0 l'effectif r\u00e8glementaire de \npersonnel infirmier \nArticles R 717-53 et -\n54 du code rural \nSant\u00e9 et s\u00e9curit\u00e9 au \ntravail \nHomologation de dispositions g\u00e9n\u00e9rales de \npr\u00e9vention  \nArticle R 751-158 du \ncode rural, articles L \n422-4 et R 422-5 du \ncode de la s\u00e9curit\u00e9 \nsociale \nSant\u00e9 et s\u00e9curit\u00e9 au \ntravail \nEnregistrement des intervenants en pr\u00e9vention des \nrisques professionnels \nArticles L 4644-1 et \nD 4644-6 et suivants \ndu code du travail, R \n717-56-2 du code \nrural \nSant\u00e9 et s\u00e9curit\u00e9 au \ntravail \nD\u00e9cision autorisant ou refusant l'autorisation de \nd\u00e9passer les valeurs limites d'exposition aux champs \n\u00e9lectromagn\u00e9tiques  \nArticle R 4453-3 et     \nR 4453-31 du code \ndu travail \nSant\u00e9 et s\u00e9curit\u00e9 au \ntravail \nSignature des contrats pluriannuels d'objectifs et de \nmoyens conclus avec les services de pr\u00e9vention et \nde sant\u00e9 au travail agr\u00e9\u00e9s \nArticles L. 4622-10 et \nR. 4622.44 du code \ndu travail \nSanctions \nadministratives \nD\u00e9cision prise suite \u00e0 une proposition de sanction \nadministrative en mati\u00e8re de prestation de services \ninternationale \nArticles L. 1263-4, L. \n1263-4-1, L. 1263-4-2, \nL. 1263-6, L. 1264-1 et \nDirection r\u00e9gionale et interd\u00e9partementale de l'\u00e9conomie, de l'emploi, du travail et des solidarit\u00e9s d'\u00cele-de-France -\nIDF-2025-04-04-00002 - D\u00e9cision n\u00b0 2025-70 du 4 avril 2025\nPortant d\u00e9l\u00e9gation de signature du directeur r\u00e9gional et interd\u00e9partemental de l'\u00e9conomie, de l'emploi, du travail et des solidarit\u00e9s\n35\n \n 6 \nL. 1264-2 du code du \ntravail \nSanctions \nadministratives \nD\u00e9cision prise suite \u00e0 une proposition de sanction \nadministrative en mati\u00e8re de dur\u00e9es maximales de \ntravail, de repos, de d\u00e9comptes de la dur\u00e9e de \ntravail, de salaire minimum, d'installations sanitaires, \nde restauration et d'h\u00e9bergement  \nArticle L 8115-1 du \ncode du travail \nSanctions \nadministratives \nD\u00e9cision prise suite \u00e0 une proposition de sanction \nadministrative en mati\u00e8re de dur\u00e9es maximales de \ntravail, de repos, de d\u00e9comptes de la dur\u00e9e de \ntravail et d'h\u00e9bergement \nArticle L 719-10 du \ncode rural  \nSanctions \nadministratives \nD\u00e9cision prise suite \u00e0 une proposition de sanction \nadministrative pour non-respect d'une d\u00e9cision \nd'arr\u00eat temporaire de travaux ou d'activit\u00e9s \nArticle L 4752-1 du \ncode du travail \nSanctions \nadministratives \nD\u00e9cision prise suite \u00e0 une proposition de sanction \nadministrative pour non-respect d'une demande de \nv\u00e9rification, de mesure ou d'analyse \nArticle L 4752-2 du \ncode du travail \nSanctions \nadministratives \nD\u00e9cision prise suite \u00e0 une proposition de sanction \nadministrative pour non-respect d'une d\u00e9cision de \nretrait d'affectation d'un travailleur de moins de 18 \nans \nArticle L 4753-1 du \ncode du travail \nSanctions \nadministratives \nD\u00e9cision prise suite \u00e0 une proposition de sanction \nadministrative en mati\u00e8re d'affectation d'un \ntravailleur de moins de 18 ans sur des travaux \ninterdits ou r\u00e8glement\u00e9s \nArticle L 4753-2 du \ncode du travail \nSanctions \nadministratives \nD\u00e9cision prise suite \u00e0 une proposition de sanction \nadministrative en mati\u00e8re de recherche pr\u00e9alable \nd'amiante \nArticle L 4754-1 du \ncode du travail \nSanctions \nadministratives \nD\u00e9cision prise suite \u00e0 une proposition de sanction \nadministrative en mati\u00e8re de carte d'identification \nprofessionnelle dans le secteur du BTP \nArticle L 8291-2 du \ncode du travail \nSanctions \nadministratives \nD\u00e9cision prise suite \u00e0 une proposition de sanction \nadministrative en mati\u00e8re d'accueil de stagiaire \nArticle L 124-17 du \ncode de l'\u00e9ducation \nSanctions \nadministratives \nD\u00e9cision prise suite \u00e0 une proposition de sanction \nadministrative en mati\u00e8re d'\u00e9galit\u00e9 professionnelle \nArticle L 2242-8 du \ncode du travail \nSanctions \nadministratives \nD\u00e9cision prise suite \u00e0 une proposition de sanction \nadministrative en mati\u00e8re de n\u00e9gociation obligatoire \nsur la r\u00e9mun\u00e9ration, le temps de travail et le partage \nde la valeur ajout\u00e9e dans l'entreprise \nArticle L 2242-7 du \ncode du travail \nSanctions \nadministratives \nD\u00e9cision prise suite \u00e0 une proposition de sanction \nadministrative en mati\u00e8re de pr\u00e9vention de certains \nfacteurs de risques professionnels  \nArticle L 4162-4 du \ncode du travail \nSanctions \nadministratives \nD\u00e9cision prise suite \u00e0 une proposition de sanction \nadministrative en mati\u00e8re de dur\u00e9e de travail dans le \nsecteur des transports \nArticle L 1325-1 du \ncode des transports \nSanctions \nadministratives \nD\u00e9cision prise suite \u00e0 une proposition de sanction \nadministrative en mati\u00e8re de d\u00e9claration de chantier \nforestier et sylvicole \nArticle L 719-10-1 du \ncode rural \nR\u00e8glement int\u00e9rieur \nD\u00e9cision prise sur recours hi\u00e9rarchique form\u00e9 contre \nune d\u00e9cision de l'inspecteur du travail relative au \nr\u00e8glement int\u00e9rieur \nArticles L 1322-3 et R \n1322-1 du code du \ntravail \nDirection r\u00e9gionale et interd\u00e9partementale de l'\u00e9conomie, de l'emploi, du travail et des solidarit\u00e9s d'\u00cele-de-France -\nIDF-2025-04-04-00002 - D\u00e9cision n\u00b0 2025-70 du 4 avril 2025\nPortant d\u00e9l\u00e9gation de signature du directeur r\u00e9gional et interd\u00e9partemental de l'\u00e9conomie, de l'emploi, du travail et des solidarit\u00e9s\n36\n \n 7 \nRescrit  \nD\u00e9cision prise suite \u00e0 une demande sur l'application \ndes dispositions du code du travail sur la carte \nd'identification professionnelle des salari\u00e9s du \nb\u00e2timent et des travaux publics \nArticles L 8291-3 et R \n8291-1-1 du code du \ntravail \nRescrit \nD\u00e9cision prise suite \u00e0 une demande d'un organisme \nd'accueil sur les modalit\u00e9s de prise en compte des \neffectifs servant de base au calcul du plafond de \nstagiaires autoris\u00e9s \nArticles L124-8-1 et \nR124-12-1 du code de \nl'\u00e9ducation \n \n \nArticle 4 \n \nD\u00e9l\u00e9gation de signature est donn\u00e9e \u00e0 Erwan SAMYN , en qualit\u00e9 de responsable adjoint du p\u00f4le \n\u00e9conomie, emploi et solidarit\u00e9s (p\u00f4le EES) de la DRIEETS d'Ile-de-France, \u00e0 effet de signer au nom du \ndirecteur r\u00e9gional et interd\u00e9partemental de l'\u00e9conomie, de l'emploi, du travail et des solidarit\u00e9s  par \nint\u00e9rim, tous les actes, avis, observations, propositions pr\u00e9paratoires aux d\u00e9cisions de validation ou \nd'homologation ou aux d\u00e9cisions de refus de validation ou d'homologation des plans de sauvegarde de \nl'emploi, ainsi que les d\u00e9cisions d'injonction ou les d\u00e9cisio ns relatives aux contestations expertise et les \nd\u00e9cisions de validation et d'homologation ou les d\u00e9cisions de refus de validation ou d'homologation des \nplans de sauvegarde de l'emploi, ainsi que les d\u00e9cisions de validation ou de refus de validation des \naccords portant rupture conventionnelle collective, telles que mentionn\u00e9es aux articles ci -dessous : \n \nSujet Pouvoir R\u00e9f\u00e9rence  \nAnticipation n\u00e9goci\u00e9e \ndes mutations \n\u00e9conomiques \nAvis sur la proc\u00e9dure et observations sur les mesures \nsociales pour les proc\u00e9dures ouvertes par les \nentreprises non soumises \u00e0 l'obligation d'\u00e9tablir un \nPSE. \nArticle L 1233-56 du \ncode du travail \nAnticipation n\u00e9goci\u00e9e \ndes mutations \n\u00e9conomiques \nAvis sur la proc\u00e9dure et observations sur le PSE pour \nles proc\u00e9dures ouvertes par les entreprises soumises \n\u00e0 l'obligation d'\u00e9tablir un PSE. \nArticles L 1233-57 et \nL 1233-57-6 du code \ndu travail \nAnticipation n\u00e9goci\u00e9e \ndes mutations \n\u00e9conomiques \nD\u00e9cision de validation ou de refus de validation de \nl'accord collectif sign\u00e9 en application de l'article \n1233-24-1 du code du travail \nArticles L 1233-57-1, \nL 1233-57-4, L 1233-\n57-2, L 1233-58 du \ncode du travail \nAnticipation n\u00e9goci\u00e9e \ndes mutations \n\u00e9conomiques \nD\u00e9cision d'homologation ou de refus \nd'homologation du document unilat\u00e9ral pris en \napplication de l'article L 1233-24-4 du code du \ntravail \nArticles L 1233-57-1, \nL 1233-57-4, L 1233-\n57-3, L 1233-58 du \ncode du travail \nAnticipation n\u00e9goci\u00e9e \ndes mutations \n\u00e9conomiques \nInjonction prise sur demande formul\u00e9e par le CSE, \nou, lorsqu'il n'existe pas, par le CE ou, \u00e0 d\u00e9faut, les \nDP ou, en cas de n\u00e9gociation d'un accord L 1233-24-\n1 du code du travail, par les OS repr\u00e9sentatives de \nl'entreprises. \nArticles L 1233-57-5 \net D 1233-12 du code \ndu travail \nAnticipation n\u00e9goci\u00e9e \ndes mutations \n\u00e9conomiques \nD\u00e9cision relative \u00e0 la contestation portant sur \nl'expertise unique r\u00e9alis\u00e9e dans le cadre de l'article \nL.1233-34 du code du travail. \nArticle L1233-35-1et \nArticle R1233-3-3 du \ncode du travail \nAnticipation n\u00e9goci\u00e9e \ndes mutations \n\u00e9conomiques \nD\u00e9cision de validation ou de refus de validation de \nl'accord portant rupture conventionnelle collective \nsign\u00e9 en application de l'article L 1237-19 du code du \ntravail  \nArticles L 1237-19-3, \nL 1237-19-4, L 1237-\n19-5, L 1237-19-6, D \n1237-9, D 1237-10   et \nsuivants du code du \ntravail \n \nDirection r\u00e9gionale et interd\u00e9partementale de l'\u00e9conomie, de l'emploi, du travail et des solidarit\u00e9s d'\u00cele-de-France -\nIDF-2025-04-04-00002 - D\u00e9cision n\u00b0 2025-70 du 4 avril 2025\nPortant d\u00e9l\u00e9gation de signature du directeur r\u00e9gional et interd\u00e9partemental de l'\u00e9conomie, de l'emploi, du travail et des solidarit\u00e9s\n37\n \n 8 \n \nSubd\u00e9l\u00e9gation de signature est donn\u00e9e \u00e0 Erwan SAMYN  \u00e0 effet de signer les m\u00e9moires en d\u00e9fense \npr\u00e9sent\u00e9s au nom de l'\u00c9tat \u00e0 l'occasion des recours form\u00e9s devant les juridictions administratives et n\u00e9s \nde l'activit\u00e9 de la directeur r\u00e9gional et interd\u00e9partemental de l'\u00e9conomie, de l'emploi, du travail et des \nsolidarit\u00e9s d'Ile-de-France en ce qui concerne ses comp\u00e9tences propres en mati\u00e8re d'accompagnement \ndes restructurations d'entreprise et d'inspection de la l\u00e9gislation du  travail. \n \nArticle 5  \n \nD\u00e9l\u00e9gation de signature est donn\u00e9e \u00e0 Erwan SAMYN, en qualit\u00e9 de responsable adjoint du p\u00f4le EES de \nla DRIEETS Ile-de-France, \u00e0 effet de signer, au nom du directeur r\u00e9gional et interd\u00e9partemental de \nl'\u00e9conomie, de l'emploi, du travail et des solidarit\u00e9s par int\u00e9rim les d\u00e9cisions mentionn\u00e9es ci-dessous :  \n \nFormation \nprofessionnelle et \ncertification \nD\u00e9livrance du titre professionnel, D\u00e9signation du \njury, VAE : recevabilit\u00e9 de la VAE \nArticles R 338-6 et R \n338-7 du code de \nl'Education, arr\u00eat\u00e9s \ndu 9 mars 2006 et du \n10 mars 2009 \nFormation \nprofessionnelle et \ncertification \nD\u00e9cision de retrait du b\u00e9n\u00e9fice des exon\u00e9rations de \ncotisations sociales attach\u00e9 aux contrats de \nprofessionnalisation \nArticle R 6325-20 du \ncode du travail \n \nArticle 6 \n \nD\u00e9l\u00e9gation de signature est donn\u00e9e \u00e0 Erwan SAMYN, en qualit\u00e9 de responsable adjoint du p\u00f4le EES de \nla DRIEETS Ile-de-France, \u00e0 effet de signer au nom du directeur r\u00e9gional et interd\u00e9partemental de \nl'\u00e9conomie, de l'emploi, du travail et des solidarit\u00e9s, les d\u00e9cisions mentionn\u00e9es ci-dessous : \n \nSujet Pouvoir R\u00e9f\u00e9rence  \nTitres de s\u00e9jour li\u00e9s \u00e0 \nla cr\u00e9ation \nd'entreprises \nAvis sur les demandes de passeport talent \u00ab cr\u00e9ation \nd'entreprise \u00bb \nArticles L. 313-20 (5\u00b0) \net R313-59 du \nCESEDA \nTitres de s\u00e9jour li\u00e9s \u00e0 \nla cr\u00e9ation \nd'entreprises \nAvis sur les demandes de passeport talent \u00ab Projet \ninnovant reconnu par un organisme public \u00bb \nArticles L. 313-20 (6\u00b0) \ndu CESEDA \n \nEn cas d'absence ou d'emp\u00eachement de Erwan SAMYN, d\u00e9l\u00e9gation est donn\u00e9 \u00e0 Manon NGUYEN VAN \nMAI, cheffe du d\u00e9partement Entreprises, \u00e0 Corentin HERVOU\u00cbT, chef du p\u00f4le national d'expertise CII, \net \u00e0 son adjoint Josu\u00e9 FORBAN.  \n \nArticle 7 \n \nD\u00e9l\u00e9gation de signature est donn\u00e9e \u00e0 Murielle LIZZI, en qualit\u00e9 de responsable du p\u00f4le concurrence, \nconsommation r\u00e9pression des fraudes et m\u00e9trologie l\u00e9gale (p\u00f4le C) de la DRIEETS d'Ile-de-France, \u00e0 effet \nde prononcer les d\u00e9cisions mentionn\u00e9es ci-dessous : \n \nSanctions administratives relatives \u00e0 la concurrence, la \nconsommation et la r\u00e9pression des fraudes \nArticles L. 522-1 \u00e0 L. 522-10 du \ncode de la consommation et \nles articles L321-3, L470-1 et L. \n470-2 du code de commerce \nSanctions administratives relatives \u00e0 la m\u00e9trologie \nArticle 9 de la loi du 4 juillet \n1837 relative aux poids et \nmesures \nDirection r\u00e9gionale et interd\u00e9partementale de l'\u00e9conomie, de l'emploi, du travail et des solidarit\u00e9s d'\u00cele-de-France -\nIDF-2025-04-04-00002 - D\u00e9cision n\u00b0 2025-70 du 4 avril 2025\nPortant d\u00e9l\u00e9gation de signature du directeur r\u00e9gional et interd\u00e9partemental de l'\u00e9conomie, de l'emploi, du travail et des solidarit\u00e9s\n38\n \n 9 \n En cas d'absence ou d'emp\u00eachement de Murielle LIZZI, responsable du p\u00f4le C, d\u00e9l\u00e9gation est donn\u00e9e \u00e0 : \n \n- Marion VIRUEGA, cheffe de service au p\u00f4le C de la DRIEETS Ile-de-France, en ce qui concerne les \nsanctions administratives relatives \u00e0 la concurrence, la consommation et la r\u00e9pression des \nfraudes ;  \n- Nathalie CAUVIN, cheffe du service m\u00e9trologie du p\u00f4le C de la DRIEETS Ile-de-France en ce qui \nconcerne les sanctions administratives relatives \u00e0 la m\u00e9trologie. \n  \nArticle 8 \n \nD\u00e9l\u00e9gation est donn\u00e9e \u00e0 Jean-Fran\u00e7ois DALVAI et Dominique-Anne MICHEL \u00e0 effet de signer au nom du \ndirecteur r\u00e9gional et interd\u00e9partemental de l'\u00e9conomie, de l'emploi, du travail et des solidarit\u00e9s les \nd\u00e9cisions mentionn\u00e9es ci-dessous :  \n \nSanctions \nadministrative \nRefus d'aide ou demande de remboursement d'aides \nen cas de PV pour travail ill\u00e9gal  \nArticle L8272-1 et \nArticle D8272-1 \u00e0 6 \n \n \nArticle 9 \n \nLa pr\u00e9sente d\u00e9cision de d\u00e9l\u00e9gation de signature porte abrogation de la d\u00e9cision n\u00b02025-047 du 1er avril \n2025. \n \nArticle 10 \n \nLe Directeur r\u00e9gional et interd\u00e9partemental de l'\u00e9conomie, de l'emploi, du travail et des solidarit\u00e9s d'\u00cele-\nde-France est charg\u00e9 de l'ex\u00e9cution de la pr\u00e9sente d\u00e9cision qui sera publi\u00e9e au recueil des actes \nadministratifs de la r\u00e9gion Ile-de-France. \n  \n \n \nFait \u00e0 Aubervilliers, le 4 avril 2025 \n \nLe Directeur r\u00e9gional et \ninterd\u00e9partemental de l'\u00e9conomie, de \nl'emploi, du travail et des solidarit\u00e9s \npar int\u00e9rim \n \n     Sign\u00e9 \n \nMarc ROHFRITSCH \n \n \nDirection r\u00e9gionale et interd\u00e9partementale de l'\u00e9conomie, de l'emploi, du travail et des solidarit\u00e9s d'\u00cele-de-France -\nIDF-2025-04-04-00002 - D\u00e9cision n\u00b0 2025-70 du 4 avril 2025\nPortant d\u00e9l\u00e9gation de signature du directeur r\u00e9gional et interd\u00e9partemental de l'\u00e9conomie, de l'emploi, du travail et des solidarit\u00e9s\n39\nDirection r\u00e9gionale et interd\u00e9partementale de\nl'\u00e9conomie, de l'emploi, du travail et des\nsolidarit\u00e9s d'\u00cele-de-France\nIDF-2025-04-04-00001\nD\u00e9cision n\u00b02025-066 du 04 avril 2025\nPortant subd\u00e9l\u00e9gation de signature de Monsieur\nMarc Rohfritsch, Directeur r\u00e9gional et\ninterd\u00e9partemental de l'\u00c9conomie, de l'Emploi,\ndu Travail et des Solidarit\u00e9s d'\u00cele-de-France\npar int\u00e9rim, aux agents de l'unit\u00e9\nd\u00e9partementale du Val-de-Marne\nDirection r\u00e9gionale et interd\u00e9partementale de l'\u00e9conomie, de l'emploi, du travail et des solidarit\u00e9s d'\u00cele-de-France -\nIDF-2025-04-04-00001 - D\u00e9cision n\u00b02025-066 du 04 avril 2025\nPortant subd\u00e9l\u00e9gation de signature de Monsieur Marc Rohfritsch, Directeur r\u00e9gional et interd\u00e9partemental de l'\u00c9conomie, de l'Emploi,\ndu Travail et des Solidarit\u00e9s d'\u00cele-de-France\npar int\u00e9rim, aux agents de l'unit\u00e9 d\u00e9partementale du Val-de-Marne\n40\nPREFETDU VAL-DE-MARNELibert\u00e9Egalit\u00e9Fraternit\u00e9\n \nDRIEETS d'Ile-de-France  \n21 rue Madeleine Vionnet  \n93300 AUBERVILLIERS \nDirection r\u00e9gionale et interd\u00e9partementale \nde l'\u00e9conomie, de l'emploi, \ndu travail et des solidarit\u00e9s  \n \n             \n \n \n \n \nD\u00c9CISION n\u00b02025-066 du 04 avril 2025 \n \nPortant subd\u00e9l\u00e9gation de signature de Monsieur Marc Rohfritsch, Directeur r\u00e9gional et \ninterd\u00e9partemental de l'\u00c9conomie, de l'Emploi, du Travail et des Solidarit\u00e9s d'\u00cele -de-France \npar int\u00e9rim, aux agents de l'unit\u00e9 d\u00e9partementale du Val-de-Marne \n \n \nVu le code du commerce ;  \n \nVu le code de la sant\u00e9 publique ; \n \nVu le code du tourisme ; \n \nVu le code du travail ; \n \nVu la loi n\u00b0 82-213 du 2 mars 1982 relative aux droits et libert\u00e9s des communes, des d\u00e9partements \net des r\u00e9gions, modifi\u00e9e ; \n \nVu la loi d'orientation n\u00b0 92 -125 du 6 f\u00e9vrier 1992 modifi\u00e9e relative \u00e0 l'administration territoriale \nde la R\u00e9publique, notamment ses articles 4 et 6 ;  \n \nVu le d\u00e9cret n\u00b0 97-34 du 15 janvier 1997 relatif \u00e0 la d\u00e9concentration des d\u00e9cisions administratives \nindividuelles ;  \n \nVu le d\u00e9cret n\u00b02001-387 du 3 mai 2001 relatif au contr\u00f4le des instruments de mesure ;  \n \nVu le d\u00e9cret n\u00b0 2004-374 du 29 avril 2004 modifi\u00e9 relatif aux pouvoirs des pr\u00e9fets, \u00e0 l'organisation \net \u00e0 l'action des services de l'\u00c9tat dans les r\u00e9gions et d\u00e9partements ; \n \nVu le d\u00e9cret n\u00b0 2009 -360 du 31 mars 2009 relatif aux emplois de direction de l'administration \nterritoriale de l'\u00c9tat ; \n \nVu le d\u00e9cret n\u00b0 2009 -1377 du 10 novembre 2009 relatif \u00e0 l'organisation et aux missions des \ndirections r\u00e9gionales des entreprises, de la concurrence, de la consommation, du travail et de \nl'emploi ; \n \nVu le d\u00e9cret n\u00b02010-146 du 16 f\u00e9vrier 2010 modifiant le d\u00e9cret n\u00b0 2004-374 du 29 avril 2004 relatif \naux pouvoirs des pr\u00e9fets, \u00e0 l'organisation et \u00e0 l'action des services de l' \u00c9tat dans les r\u00e9gions et \nd\u00e9partements ; \n \nVu le d\u00e9cret n\u00b0 2010-687 du 24 juin 2010 relatif \u00e0 l'organisation et \u00e0 l'action des services de l'\u00e9tat \ndans la r\u00e9gion et les d\u00e9partements d'Ile de France ; \n \nVu le d\u00e9cret n\u00b02015 -1689 du 17 d\u00e9cembre 2015 portant diverses mesures d'organisation et de \nfonctionnement dans les r\u00e9gions de l'administration territoriale de l' \u00c9tat et de commissions \nadministratives ; \n \nDirection r\u00e9gionale et interd\u00e9partementale de l'\u00e9conomie, de l'emploi, du travail et des solidarit\u00e9s d'\u00cele-de-France -\nIDF-2025-04-04-00001 - D\u00e9cision n\u00b02025-066 du 04 avril 2025\nPortant subd\u00e9l\u00e9gation de signature de Monsieur Marc Rohfritsch, Directeur r\u00e9gional et interd\u00e9partemental de l'\u00c9conomie, de l'Emploi,\ndu Travail et des Solidarit\u00e9s d'\u00cele-de-France\npar int\u00e9rim, aux agents de l'unit\u00e9 d\u00e9partementale du Val-de-Marne\n41\n2 / 6 \nVu le d\u00e9cret du 6 novembre 2024 portant nomination de Monsieur \u00c9tienne STOSKOPF en qualit\u00e9 \nde pr\u00e9fet du Val-de-Marne ; \n \nVu l'arr\u00eat\u00e9 interminist\u00e9riel en date du 29 mars 2021 nommant Monsieur Didier TILLET, directeur \nr\u00e9gional adjoint, directeur de l'unit\u00e9 du Val-de-Marne ; \n \nVu l'arr\u00eat\u00e9 interminist\u00e9riel du 19 juin 2023 nommant Madame Fr\u00e9d\u00e9rique CHADEL sur l'emploi de \ndirecteur adjoint de l'unit\u00e9 d\u00e9partementale du Val-de-Marne ; \n \nVu l'arr\u00eat\u00e9 interminist\u00e9riel du 20 mars 2025 nommant Marc ROHFRITSCH directeur r\u00e9gional et \ninterd\u00e9partemental de l'\u00e9conomie, de l'emploi, du travail et des solidarit\u00e9s d'\u00cele -de-France par \nint\u00e9rim \u00e0 compter du 1er avril 2025, \n \nVu l'arr\u00eat\u00e9 pr\u00e9fectoral n\u00b0 2025/01311 du 02 avril 2025 par lequel le pr\u00e9fet du Val-de-Marne d\u00e9l\u00e8gue \nsa signature \u00e0 Monsieur Marc ROHFRITSCH,  Directeur r\u00e9gional et interd\u00e9partemental de \nl'\u00c9conomie, de l'Emploi, du Travail et des Solidarit\u00e9s d'Ile-de-France (DRIEETS) par int\u00e9rim ; \n \n \nD\u00e9cide \nArticle 1er \n \nSubd\u00e9l\u00e9gation de signature est donn\u00e9e \u00e0  Monsieur Didier TILLET , directeur r\u00e9gional adjoint , \ndirecteur de l'unit\u00e9 d\u00e9partementale du Val de Marne , \u00e0 l'effet de signer, dans le cadre de ses \nattributions et comp\u00e9tences, toutes d\u00e9cisions figurant ci -dessous ainsi que celles relevant du \nchamp de la coh\u00e9sion sociale prises par la direction r\u00e9gionale et interd\u00e9partementale du \nd\u00e9partement du Val-de-Marne, \u00e0 l'exception des arr\u00eat\u00e9s r\u00e9glementaires g\u00e9n\u00e9raux et des d\u00e9cisions \nmentionn\u00e9es \u00e0 l'article 3 : \n \n1.  Salaires et conseillers des salari\u00e9s \n\u00c9tablissement du tableau des temps n\u00e9cessaires \u00e0 l'ex\u00e9cution des travaux des travailleurs \u00e0 \ndomicile - article L 7422-2 CT \nFixation du salaire horaire minimum et des frais d'atelier ou accessoires des travailleurs \u00e0 domicile \n- articles L 7422-6 et L 7422-11 CT \nFixation de la valeur des avantages et prestations en nature entrant dans le calcul de l'indemnit\u00e9 \nde cong\u00e9s pay\u00e9s - article L 3141-25 CT \nD\u00e9cisions relatives au remboursement \u00e0 l'employeur de l'allocation compl\u00e9mentaire servie aux \nsalari\u00e9s b\u00e9n\u00e9ficiant de la r\u00e9mun\u00e9ration mensuelle minimale - articles L 3232-7 R 3232-3 et 4 CT \nD\u00e9cisions relatives au paiement direct aux salari\u00e9s de l'allocation compl\u00e9mentaire servie aux \nsalari\u00e9s b\u00e9n\u00e9ficiant de la r\u00e9mun\u00e9ration mensuelle minimale - articles L 3232-7 , R 3232-6 du CT \nArr\u00eat\u00e9 fixant la liste des conseillers des salari\u00e9s - articles D 1232-4 et -5 CT \nD\u00e9cisions en mati\u00e8re de remboursement des frais de d\u00e9placement (r\u00e9els ou forfaitaires) expos\u00e9s \npar les conseillers du salari\u00e9 - articles D 1232-7 et 8 CT \nD\u00e9cisions en mati\u00e8re de remboursement aux employeurs des salaires maintenus aux conseillers du \nsalari\u00e9 pour l'exercice de leur mission - article L 1232-11 CT \nAgr\u00e9ment des contr\u00f4leurs des caisses de cong\u00e9s pay\u00e9s - Article D 3141-11 du CT \n2.  Jeunes de moins de 18 ans \nD\u00e9livrance, renouvellement, suspension, retrait de l'agr\u00e9ment des caf\u00e9s et brasseries pour \nemployer ou recevoir en stage des jeunes de 16 \u00e0 18 ans suivant une formation en alternance - \narticle L 4153-6, R 4153-8 et R 4153-12 du CT, article L 2336-4 du code de la sant\u00e9 publique \nDirection r\u00e9gionale et interd\u00e9partementale de l'\u00e9conomie, de l'emploi, du travail et des solidarit\u00e9s d'\u00cele-de-France -\nIDF-2025-04-04-00001 - D\u00e9cision n\u00b02025-066 du 04 avril 2025\nPortant subd\u00e9l\u00e9gation de signature de Monsieur Marc Rohfritsch, Directeur r\u00e9gional et interd\u00e9partemental de l'\u00c9conomie, de l'Emploi,\ndu Travail et des Solidarit\u00e9s d'\u00cele-de-France\npar int\u00e9rim, aux agents de l'unit\u00e9 d\u00e9partementale du Val-de-Marne\n42\n3 / 6 \nD\u00e9livrance, retrait des autorisations individuelles d'emploi des enfants dans les spectacles, les \nprofessions ambulantes et comme mannequins dans la publicit\u00e9 et la mode - Article L 7124 -1 du \nCT \nD\u00e9livrance, renouvellement, retrait, suspension de l'agr\u00e9ment de l'agence de mannequins lui \npermettant d'engager des enfants - Articles L 7124-5 et R 7124-1 du CT \nFixation de la r\u00e9partition de la r\u00e9mun\u00e9ration per\u00e7ue par l'enfant, employ\u00e9 dans les spectacles, les \nprofessions ambulantes ou comme mannequin dans la publicit\u00e9 et la mode, entre ses \nrepr\u00e9sentants l\u00e9gaux et le p\u00e9cule ; autorisation de pr\u00e9l\u00e8vement - Article L 7124-9 et 10 du CT \n3.  H\u00e9bergement collectif \nAccus\u00e9 de r\u00e9ception de la d\u00e9claration par un employeur de l'affectation d'un local \u00e0 \nl'h\u00e9bergement, mises en demeures et d\u00e9cision de fermeture concernant ce local - Articles 1, 5, 6 \net 7 de la loi n\u00b0 73-548 du 27 juin 1973 sur l'h\u00e9bergement collectif \n4.  Conciliation \nProc\u00e9dure de conciliation - Articles L 2522-4 et R 2522-1 \u00e0 R 2522-21 du CT \n5.  CISSCT \nMise en place d'un CISSCT dans le p\u00e9rim\u00e8tre d'un plan de pr\u00e9vention des risques technologiques \n(d\u00e9cision de mise en place, invitation des membres) - Articles L 4524-1 et R 4524-1 \u00e0 -9 du CT \n6.  Apprentissage alternance \nD\u00e9cision d'opposition \u00e0 l'engagement d'apprentis et \u00e0 la poursuite des contrats en cours - articles \nL. 6223-1 et L. 6225-1 \u00e0 6225-3, L. 6225-4 \u00e0 L. 6225-6, R. 6223-16 et R. 6225-4 \u00e0 6225-8 CT \n7.  Aide aux salari\u00e9s plac\u00e9s en activit\u00e9 partielle \nD\u00e9cisions relatives au placement en activit\u00e9 partielle et \u00e0 son indemnisation. M\u00e9moires en d\u00e9fense \nrelatifs \u00e0 l'activit\u00e9 partielle de droit commun - Art. L.5122-1 et 2, R.5122-1 \u00e0 29 \nD\u00e9cision de validation ou de refus de validation des accords collectifs d'activit\u00e9 partielle de longue \ndur\u00e9e, d\u00e9cision d'homologation ou de refus d'homologation des documents unilat\u00e9raux d'activit\u00e9 \npartielle de longue dur\u00e9e - Loi n\u00b0 2020-734 du 17 juin 2020, notamment son article 53, article 5 du \nd\u00e9cret n\u00b0 2020-926 du 28 juillet 2020, article R. 5122-4 du code du travail \nD\u00e9cision d'autorisation de renouvellement ou de refus de renouvellement de la d\u00e9cision de \nvalidation de l'accord ou d'homologation du document d'activit\u00e9 partielle de longue dur\u00e9e - Loi n\u00b0 \n2020-734 du 17 juin 2020, notamment son article 53, article 5 du d\u00e9cret n\u00b0  2020-926 du 28 juillet \n2020 \nD\u00e9cision de retrait d'autorisation de placement en activit\u00e9 partielle de longue dur\u00e9e - Article R. \n5122-4 du code du travail \n M\u00e9moires en d\u00e9fense relatifs \u00e0 l'activit\u00e9 partielle de longue dur\u00e9e  - Article R. 5122-4 du code du \ntravail  \n8.  Emploi \nConvention conclue avec des entreprises de - de 300 salari\u00e9s pour faire proc\u00e9der \u00e0 \u00e9tude de \nsituation en terme d'\u00e9galit\u00e9 professionnelle \u2013 article R 1143-1 CT \n \n \nDirection r\u00e9gionale et interd\u00e9partementale de l'\u00e9conomie, de l'emploi, du travail et des solidarit\u00e9s d'\u00cele-de-France -\nIDF-2025-04-04-00001 - D\u00e9cision n\u00b02025-066 du 04 avril 2025\nPortant subd\u00e9l\u00e9gation de signature de Monsieur Marc Rohfritsch, Directeur r\u00e9gional et interd\u00e9partemental de l'\u00c9conomie, de l'Emploi,\ndu Travail et des Solidarit\u00e9s d'\u00cele-de-France\npar int\u00e9rim, aux agents de l'unit\u00e9 d\u00e9partementale du Val-de-Marne\n43\n4 / 6 \nConventions FNE, notamment: d'allocation temporaire d\u00e9gressive, d'allocation sp\u00e9ciale, de cong\u00e9 \nde conversion, de cellule de reclassement, de formation et d'adaptation, cessation d'activit\u00e9 de \ncertains travailleurs salari\u00e9s - articles L 5111 -1 \u00e0 3, L5123 -1 \u00e0 9, R5112 -11, R5123-3 et R5111 -1 et 2, \ncirculaires DGEFP n\u00b02011/12 du 01/05/2011, instruction DGEFP/MADE/2016/66 du 8 mars 2016 \nD\u00e9cision d'agr\u00e9ment des accords et conventions d'aide \u00e0 l'adaptation des salari\u00e9s aux \u00e9volutions \nde l'emploi - articles L5121-4 et 5 et R5121-14 \u00e0 18 \nConvention d'appui \u00e0 l'\u00e9laboration d'un plan de gestion pr\u00e9visionnelle de l'emploi et des \ncomp\u00e9tences pour pr\u00e9parer les entreprises \u00e0 la GPEC - articles L5121-3, D 5121-4 \u00e0 13 \nDispositif \u00ab Nouvel Accompagnement \u00e0 la cr\u00e9ation et \u00e0 la reprise d'entreprise \u00bb (NACRE). - Articles \nL5141-2 \u00e0 L5141-6, R5141-1 \u00e0 R5141-34 du CT, circulaire DGEFP 2008-09 du 19/06/08 \nAgr\u00e9ment de reconnaissance de la qualit\u00e9 de soci\u00e9t\u00e9 coop\u00e9rative ouvri\u00e8re et de production \n(SCOP) - loi 47 ,1775 du 19/09/47 , loi 78,763 du 19/07/78, loi 92,643 du 13/07/92, d\u00e9cret 87 ,276 du \n16/04/87 , d\u00e9cret 10/02/02, circulaire DGEFP 2002,53 du 10/12/02 et 2003,04 du 04/03/03 \nDispositifs locaux d'accompagnement - Loi n\u00b02014-856 du 31 juillet 2014 relative \u00e0 l'\u00e9conomie \nsociale et solidaire, d\u00e9cret 2015-1103 du 1er septembre 2015 \nAttribution, extension, renouvellement, retrait d'agr\u00e9ment d'une association ou d'une entreprise \nde services \u00e0 la personne - articles L7232-1 et suivants CT \nToutes d\u00e9cisions relatives aux conventions de promotion de l'emploi incluant les \naccompagnements des contrats en alternance pour les GEIQ - article D6325-24 du CT, circulaire \nDGEFP 97 .08 du 25/04/97 \nD\u00e9cisions et conventions relatives \u00e0 l'insertion par l'activit\u00e9 \u00e9conomique avec les SIAE - articles \nL 5132-2, 4 et 16, et R 5132-1 \u00e0 47  \nAttribution, extension, renouvellement et retrait des agr\u00e9ments \"ESUS\" - articles L3332-17-1 du CT \net R3332-21-3 du CT \nD\u00e9cisions d'admission, de prolongation, de suspension ou de suppression du b\u00e9n\u00e9fice du \ndispositif, relatives \u00e0 la garantie jeune \u2013 article R.5131.16 \u00e0 R.5131-18 du code du travail \nConventions pour la promotion de l'emploi - circulaire DGEFP n\u00b097-08 du 25/04/1997 \n9.  Formation professionnelle et certification \nRemboursement des r\u00e9mun\u00e9rations per\u00e7ues par les stagiaires AFPA abandonnant, sans motif \nvalable, leur stage de formation - articles R6341-45 \u00e0 6341-48 CT \nD\u00e9termination du montant des r\u00e9mun\u00e9rations dues aux stagiaires de la formation professionnelle \n- article R6341-37 du CT \nD\u00e9termination du montant des frais de transport \u00e0 rembourser aux stagiaires - articles R6341-49 \u00e0 \nR6341-53 du CT, article 5 du d\u00e9cret n\u00b0 88 -368 du 15/04/88 modifi\u00e9 par le d\u00e9cret n\u00b0 89 -46 du \n26/01/89, arr\u00eat\u00e9 du 10/04/89. \n10.  Obligation d'emploi des travailleurs en situation de handicap \nSanction administrative pour non-respect des obligations d'emploi - L5212-12 et R5212-31 \nAgr\u00e9ment des accords de groupe, d'entreprise ou d'\u00e9tablissement en faveur des travailleurs \nhandicap\u00e9s - articles L5212-8 et R5212-15 \n \n \n \nDirection r\u00e9gionale et interd\u00e9partementale de l'\u00e9conomie, de l'emploi, du travail et des solidarit\u00e9s d'\u00cele-de-France -\nIDF-2025-04-04-00001 - D\u00e9cision n\u00b02025-066 du 04 avril 2025\nPortant subd\u00e9l\u00e9gation de signature de Monsieur Marc Rohfritsch, Directeur r\u00e9gional et interd\u00e9partemental de l'\u00c9conomie, de l'Emploi,\ndu Travail et des Solidarit\u00e9s d'\u00cele-de-France\npar int\u00e9rim, aux agents de l'unit\u00e9 d\u00e9partementale du Val-de-Marne\n44\n5 / 6 \n11.  Travailleurs en situation de handicap \nSubvention d'installation d'un travailleur handicap\u00e9 - articles R5213-52, D5213-53 \u00e0 5213-60 CT \nAides financi\u00e8res en faveur de l'insertion en milieu ordinaire de travail des travailleurs en situation \nde handicap \u2013 L. 5213-10 ; R5213.33 \u00e0 5213.38 CT \nAide aux postes des entreprises adapt\u00e9es - R 5213- 76 \n13.  Repos dominical \nD\u00e9rogations au repos dominical dans un \u00e9tablissement - article L3132-20 et suivants du CT \n \n \nArticle 2 \n \nEn cas d'absence ou d'emp\u00eachement de M. Didier TILLET, la subd\u00e9l\u00e9gatio n de signature sera \nexerc\u00e9e, par  \n- Fr\u00e9d\u00e9rique CHADEL, directrice adjointe de l'unit\u00e9 d\u00e9partementale, \n \nEt dans la limite de leurs attributions, par :  \n- Joseph-Marie NZADAH, responsable du p\u00f4le Politiques du Travail ; \n- Jean-No\u00ebl PONZEVERA, adjoint au responsable du p\u00f4le Politiques du Travail ;  \n- Virginie RUE, responsable du p\u00f4le Entreprises, Emploi et Solidarit\u00e9s ;  \n- Karima HALLAL, responsable du d\u00e9partement Protection et Insertion des jeunes, \nint\u00e9gration ; \n- C\u00e9lia CLEMENT -DEMANGE, adjointe \u00e0 la responsable de d\u00e9partement \u00ab  protection et \ninsertion des jeunes, int\u00e9gration ; \n- Peggy TRONY, responsable du d\u00e9partement Accompagnement des Entreprises ; \n- Sandrine DUCEPT, adjointe \u00e0 la responsable du d\u00e9partement Accompagnement des \nEntreprises ; \n- Audrey VENTADOUR, responsable du d\u00e9partement protection et insertion des adultes ; \n- Marie KARSELADZE, adjointe \u00e0 la responsable du d\u00e9partement Protection et Insertion des \nAdultes ; \n- Clara SCHMID, adjointe \u00e0 la  responsable du d\u00e9partement Prot ection et Insertion des \nAdultes ;  \n- S\u00e9lina PERTAYS, responsable de la Section Centrale Travail. \n \n \nArticle 3 \n \nSont exclus de la d\u00e9l\u00e9gation consentie \u00e0 l'article 1 du pr\u00e9sent arr\u00eat\u00e9 : \n \n- Les correspondances adress\u00e9es aux cabinets du Pr\u00e9sident de la R\u00e9publique, du Premier \nMinistre, des ministres, des ministres d\u00e9l\u00e9gu\u00e9s et secr\u00e9taires d'Etat, au pr\u00e9sident du conseil \nr\u00e9gional, au pr\u00e9sident du conseil d\u00e9partemental, aux pr\u00e9sidents d' \u00c9tablissements Publics \nTerritoriaux et aux maires ; \n- les r\u00e9ponses aux interventions des parlementaires, du pr\u00e9sident du conseil r\u00e9gional, du \npr\u00e9sident du conseil d\u00e9partemental, des pr\u00e9sidents d' \u00c9tablissements Publics Territoriaux \net des maires ; \nDirection r\u00e9gionale et interd\u00e9partementale de l'\u00e9conomie, de l'emploi, du travail et des solidarit\u00e9s d'\u00cele-de-France -\nIDF-2025-04-04-00001 - D\u00e9cision n\u00b02025-066 du 04 avril 2025\nPortant subd\u00e9l\u00e9gation de signature de Monsieur Marc Rohfritsch, Directeur r\u00e9gional et interd\u00e9partemental de l'\u00c9conomie, de l'Emploi,\ndu Travail et des Solidarit\u00e9s d'\u00cele-de-France\npar int\u00e9rim, aux agents de l'unit\u00e9 d\u00e9partementale du Val-de-Marne\n45\n6 / 6 \n- les m\u00e9moires et pi\u00e8ces relatives aux proc\u00e9dures contentieuses, \u00e0 l'exception des m\u00e9moires \net des pi\u00e8ces relatives aux proc\u00e9dures contentieuses relevant du domaine de la main \nd'\u0153uvre \u00e9trang\u00e8re \n \n \n \n \nArticle 4 \n \nUne copie de cette d\u00e9cision de subd\u00e9l\u00e9gation sera adress\u00e9e \u00e0 la pr\u00e9fecture du Val-de-Marne. \n \n \nArticle 5 \n \nLa d\u00e9cision n\u00b0 2025-028 du directeur r\u00e9gional et interd\u00e9partemental de l'\u00e9conomie, de l'emploi, du \ntravail et des solidarit\u00e9s du 17 mars 2025 est abrog\u00e9e. \n \n \nArticle 6 \n \nLe Directeur r\u00e9gional et interd\u00e9partemental de l'\u00e9conomie, de l'emploi, du travail et des solidarit\u00e9s \nd'\u00cele-de-France, et les subd\u00e9l\u00e9gataires mentionn\u00e9 s ci -dessus, sont charg\u00e9s, chacun  en ce qui l e \nconcerne, de l'ex\u00e9cution de la pr\u00e9sente d\u00e9cision  qui sera publi\u00e9 e aux recueils des actes \nadministratifs de la pr\u00e9fecture de la r\u00e9gion et de la pr\u00e9fecture du Val-de-Marne. \n \n \n \nFait \u00e0 Aubervilliers, le 04 avril 2025 \n \nPour le pr\u00e9fet et par d\u00e9l\u00e9gation, \nLe directeur r\u00e9gional et interd\u00e9partemental de \nl'\u00e9conomie, de l'emploi, du travail et des \nsolidarit\u00e9s d'\u00cele-de-France par int\u00e9rim \n \nSign\u00e9 \n \nMarc ROHFRITSCH \n \n \nDirection r\u00e9gionale et interd\u00e9partementale de l'\u00e9conomie, de l'emploi, du travail et des solidarit\u00e9s d'\u00cele-de-France -\nIDF-2025-04-04-00001 - D\u00e9cision n\u00b02025-066 du 04 avril 2025\nPortant subd\u00e9l\u00e9gation de signature de Monsieur Marc Rohfritsch, Directeur r\u00e9gional et interd\u00e9partemental de l'\u00c9conomie, de l'Emploi,\ndu Travail et des Solidarit\u00e9s d'\u00cele-de-France\npar int\u00e9rim, aux agents de l'unit\u00e9 d\u00e9partementale du Val-de-Marne\n46\nPr\u00e9fecture de la r\u00e9gion d'Ile-de-France,\npr\u00e9fecture de Paris-Secr\u00e9tariat g\u00e9n\u00e9ral aux\npolitiques publiques\nIDF-2025-04-04-00006\nArr\u00eat\u00e9\nportant d\u00e9l\u00e9gation de signature \u00e0 M. Marc\nROHFRITSCH, ing\u00e9nieur en chef des mines,\nresponsable du p\u00f4le \u00ab entreprises, emploi et\nsolidarit\u00e9s \u00bb de la direction r\u00e9gionale et\ninterd\u00e9partementale de l'\u00e9conomie, de l'emploi,\ndu travail et des solidarit\u00e9s d'\u00cele-de-France,\ncharg\u00e9 de l'int\u00e9rim de l'emploi de directeur\nr\u00e9gional et interd\u00e9partemental de l'\u00e9conomie,\nde l'emploi, du travail et des solidarit\u00e9s\nd'\u00cele-de-France, en mati\u00e8re d'ordonnancement\nsecondaire\nPr\u00e9fecture de la r\u00e9gion d'Ile-de-France, pr\u00e9fecture de Paris-Secr\u00e9tariat g\u00e9n\u00e9ral aux politiques publiques - IDF-2025-04-04-00006 -\nArr\u00eat\u00e9\nportant d\u00e9l\u00e9gation de signature \u00e0 M. Marc ROHFRITSCH, ing\u00e9nieur en chef des mines, responsable du p\u00f4le \u00ab entreprises, emploi et\nsolidarit\u00e9s \u00bb de la direction r\u00e9gionale et interd\u00e9partementale de l'\u00e9conomie, de l'emploi, du travail et des solidarit\u00e9s d'\u00cele-de-France,\ncharg\u00e9 de l'int\u00e9rim de l'emploi de directeur r\u00e9gional et interd\u00e9partemental de l'\u00e9conomie, de l'emploi, du travail et des solidarit\u00e9s\nd'\u00cele-de-France, en mati\u00e8re d'ordonnancement secondaire\n47\nz=PREFET _DE LA REGIONwd Secr\u00e9tariat g\u00e9n\u00e9ral aux politiques publiquesEgalit\u00e9 Direction des affaires juridiques\npt \u00c0\nArr\u00eat\u00e9portant d\u00e9l\u00e9gation de signature \u00e0 M. Marc ROHFRITSCH, ing\u00e9nieur en chef des mines, responsable du p\u00f4le \u00abentreprises, emploi et solidarit\u00e9s \u00bb de la direction r\u00e9gionale et interd\u00e9partementale de l'\u00e9conomie, de l'emploi, dutravail et des solidarit\u00e9s d'\u00cele-de-France, charg\u00e9 de l'int\u00e9rim de l'emploi de directeur r\u00e9gional etinterd\u00e9partemental de l'\u00e9conomie, de l'emploi, du travail et des solidarit\u00e9s d'\u00cele-de-France, en mati\u00e8red'ordonnancement secondaireLe pr\u00e9fet de la r\u00e9gion d'Ile-de-FrancePr\u00e9fet de parisCommandeur de la L\u00e9gion d'honneur,Officier de l'ordre national du M\u00e9riteVu la loi organique n\u00b0 2001-692 du 1\" ao\u00fbt 2001 modifi\u00e9e relative aux lois de finances ;Vu le code g\u00e9n\u00e9ral de fonction publique, notamment son article L323-1 ;Vu le code de la commande publique ;Vu la loi n\u00b0 82-213 du 2 mars 1982 modifi\u00e9e relative aux droits et libert\u00e9s des communes, des d\u00e9partements etdes r\u00e9gions ;Vu la loi du 4 juillet 1837 modifi\u00e9e relative aux poids et mesures ;Vu l'ordonnance n\u00b0 2020-921 du 29 juillet 2020 portant diverses mesures d'accompagnement des salari\u00e9s dansle cadre de la fermeture des centrales \u00e0 charbon, notamment son article 19 ;Vu le d\u00e9cret n\u00b0 98-81 du 11 f\u00e9vrier 1998 modifi\u00e9, modifiant la loi n\u00b0 68-1250 du 31 d\u00e9cembre 1968, et relatif auxd\u00e9cisions prises par l'Etat en mati\u00e8re de prescription quadriennale ;Vu le d\u00e9cret n\u00b0 99-1060 du 16 d\u00e9cembre 1999 modifi\u00e9 relatif aux subventions de l'Etat pour des projetsd'investissement ;Vu le d\u00e9cret n\u00b0 99-1060 du 16 d\u00e9cembre 1999 modifi\u00e9 relatif aux subventions de l'Etat pour des projetsd'investissement ;Vu le d\u00e9cret n\u00b0 2001-387 du 3 mai 2001 modifi\u00e9 relatif au contr\u00f4le des instruments de mesure ;Vu le d\u00e9cret n\u00b0 2004-374 du 29 avril 2004 modifi\u00e9 relatif aux pouvoirs des pr\u00e9fets, \u00e0 l'organisation et \u00e0 l'actiondes services de l'Etat dans les r\u00e9gions et d\u00e9partements ;Vu le d\u00e9cret n\u00b0 2010-687 du 24 juin 2010 modifi\u00e9 relatif \u00e0 l'organisation et aux missions des services de l'Etatdans la r\u00e9gion et les d\u00e9partements d'Ile-de-France ;Vu le d\u00e9cret n\u00b0 2012-1246 du 7 novembre 2012 modifi\u00e9 relatif \u00e0 la gestion budg\u00e9taire et comptable publique ;Vu le d\u00e9cret n\u00b0 2015-510 du 7 mai 2015 portant charte de la d\u00e9concentration ;Vu le d\u00e9cret 2019-1594 du 31 d\u00e9cembre 2019 modifi\u00e9 relatif aux emplois de direction de l'Etat ;Vu le d\u00e9cret n\u00b0 2020-139 du 19 f\u00e9vrier 2020 modifiant certaines dispositions relatives \u00e0 la pr\u00e9fecture de la r\u00e9giond'Ile-de-France, pr\u00e9fecture de Paris ;Vu le d\u00e9cret n\u00b0 2020-1545 du 9 d\u00e9cembre 2020 relatif \u00e0 l'organisation et aux missions des directions r\u00e9gionalesde l'\u00e9conomie, de l'emploi, du travail et des solidarit\u00e9s, des directions d\u00e9partementales de l'emploi, du travail etdes solidarit\u00e9s et des directions d\u00e9partementales de l'emploi, du travail, des solidarit\u00e9s et de la protection despopulations ;Vu le d\u00e9cret n\u00b0 2021-297 du 18 mars 2021 relatif aux conditions d'application de l'ordonnance n\u00b0 2020-921 du 29juillet 2020 portant diverses mesures d'accompagnement des salari\u00e9s dans le cadre de la fermeture descentrales \u00e0 charbon, notamment ses articles 21 \u00e0 24 ;Vu le d\u00e9cret du 22 juillet 2020 portant nomination de Monsieur Marc GUILLAUME en qualit\u00e9 de pr\u00e9fet de lar\u00e9gion d'Ile-de-France, pr\u00e9fet de Paris ;\nPr\u00e9fecture de la r\u00e9gion d'Ile-de-France, pr\u00e9fecture de Paris-Secr\u00e9tariat g\u00e9n\u00e9ral aux politiques publiques - IDF-2025-04-04-00006 -\nArr\u00eat\u00e9\nportant d\u00e9l\u00e9gation de signature \u00e0 M. Marc ROHFRITSCH, ing\u00e9nieur en chef des mines, responsable du p\u00f4le \u00ab entreprises, emploi et\nsolidarit\u00e9s \u00bb de la direction r\u00e9gionale et interd\u00e9partementale de l'\u00e9conomie, de l'emploi, du travail et des solidarit\u00e9s d'\u00cele-de-France,\ncharg\u00e9 de l'int\u00e9rim de l'emploi de directeur r\u00e9gional et interd\u00e9partemental de l'\u00e9conomie, de l'emploi, du travail et des solidarit\u00e9s\nd'\u00cele-de-France, en mati\u00e8re d'ordonnancement secondaire\n48\nVu l'arr\u00eat\u00e9 minist\u00e9riel du 19 mars 2015 portant mod ification des r\u00e8gles relatives \u00e0 la comptabilit\u00e9 g\u00e9 n\u00e9rale de\nl'Etat ;\nVu l'arr\u00eat\u00e9 minist\u00e9riel du 5 ao\u00fbt 2021 susvis\u00e9 relatif au r\u00e9gime des bourses Talents ;\nVu l'arr\u00eat\u00e9 pr\u00e9fectoral n\u00b0 IDF-2021-03-30-00003 du 30 mars 2021 portant organisation de la direction r \u00e9gionale\net interd\u00e9partementale de l'\u00e9conomie, de l'emploi, du travail et des solidarit\u00e9s d'Ile-de-France ;\nVu  l'arr\u00eat\u00e9  pr\u00e9fectoral  n\u00b0  IDF-2023-12-20-00005-75-2023-12-20-00010  du  20  d\u00e9cembre  2023   portant\norganisation de la pr\u00e9fecture de la r\u00e9gion d'Ile-de-France, pr\u00e9fecture de Paris ;\nVu l'arr\u00eat\u00e9 minist\u00e9riel du 20 mars 2025 confiant l' int\u00e9rim de l'emploi de directeur r\u00e9gional et interd \u00e9partemental\nde l'\u00e9conomie, de l'emploi, du travail et des solidarit\u00e9s d'\u00cele-de-France \u00e0 M. Marc ROHFRITSCH ;\nSur proposition de la pr\u00e9f\u00e8te, secr\u00e9taire g\u00e9n\u00e9rale aux politiques publiques de la pr\u00e9fecture de la r\u00e9g ion d'\u00cele-de-\nFrance, pr\u00e9fecture de Paris, et du pr\u00e9fet, secr\u00e9taire g\u00e9n\u00e9ral aux moyens mutualis\u00e9s,\nARR\u00caTE\nArticle 1 : En qualit\u00e9 de responsable de budget op\u00e9rationnel de  programme d\u00e9l\u00e9gu\u00e9, d\u00e9l\u00e9gation de signature\nest donn\u00e9e \u00e0 M. Marc ROHFRITSCH, charg\u00e9 de l'int\u00e9ri m de l'emploi de directeur r\u00e9gional et interd\u00e9parte mental\nde l'\u00e9conomie, de l'emploi, du travail et des solidarit\u00e9s d'\u00cele-de-France, pour :\n1. Recevoir les cr\u00e9dits des programmes suivants :\n\u00ab Acc\u00e8s et retour \u00e0 l'emploi \u00bb (n\u00b0 102) ;\n\u00ab Accompagnement des mutations \u00e9conomiques et d\u00e9veloppement de l'emploi \u00bb (n\u00b0 103) ;\n\u00ab Int\u00e9gration et acc\u00e8s \u00e0 la nationalit\u00e9 fran\u00e7aise \u00bb  (n\u00b0 104) -action 12 pour les missions autres que l e\ndispositif \u00ab Int\u00e9gration des r\u00e9fugi\u00e9s franciliens ( mission IRF) \u00bb qui vise \u00e0 am\u00e9liorer la fluidit\u00e9 du parc\nd'h\u00e9bergement en Ile-de-France ;\n\u00ab H\u00e9bergement, parcours vers le logement et insertion des personnes vuln\u00e9rables\u00bb (n\u00b0 177) \u2013action 12 ;\n \u00ab Inclusion sociale et protection des personnes\u00bb (n\u00b0 304) -actions 15, 16, 17 et 19 ;\n2. Mettre ces cr\u00e9dits \u00e0 disposition des services res ponsables d'unit\u00e9s op\u00e9rationnelles, charg\u00e9s de leur\nex\u00e9cution. Pour les programmes suivants, r\u00e9partir l es cr\u00e9dits entre ces services conform\u00e9ment \u00e0 la r\u00e9p artition\narr\u00eat\u00e9e par le pr\u00e9fet de la r\u00e9gion d'Ile-de-France et en visant dans chaque cas la d\u00e9cision :\n-\u00ab Int\u00e9gration et acc\u00e8s \u00e0 la nationalit\u00e9 fran\u00e7aise \u00bb (n\u00b0 104) -action 12 pour les missions autres que le\ndispositif \u00ab Int\u00e9gration des r\u00e9fugi\u00e9s franciliens ( mission IRF) \u00bb qui vise \u00e0 am\u00e9liorer la fluidit\u00e9 du parc\nd'h\u00e9bergement en Ile-de-France ;\n-\u00ab H\u00e9bergement, parcours vers le logement et insertion des personnes vuln\u00e9rables\u00bb (n\u00b0 177) \u2013action 12 ;\n-\u00ab Inclusion sociale et protection des personnes\u00bb (n\u00b0 304) -actions 15, 16, 17 et 19.\n3. Proc\u00e9der \u00e0 des r\u00e9allocations en cours d'exercice budg\u00e9taire entre les services charg\u00e9s de l'ex\u00e9cutio n de\nla d\u00e9pense au titre des budgets des programmes cit\u00e9s au point 2 ci-dessus.\nArticle  2 :  En qualit\u00e9 de responsable d'unit\u00e9s op\u00e9rationnelles,  sous r\u00e9serve des dispositions de l'article 6,\nd\u00e9l\u00e9gation de signature est donn\u00e9e \u00e0 M. Marc ROHFRI TSCH, charg\u00e9 de l'int\u00e9rim de l'emploi de directeur\nr\u00e9gional et interd\u00e9partemental de l'\u00e9conomie, de l' emploi, du travail et des solidarit\u00e9s d'\u00cele-de-Fran ce, \u00e0 l'effet de\nsigner, dans la limite de ses attributions, au nom du pr\u00e9fet de la r\u00e9gion d'Ile-de-France, tous arr\u00eat\u00e9 s, d\u00e9cisions,\npi\u00e8ces ou conventions, y compris ceux relatifs \u00e0 la  prescription quadriennale, pour proc\u00e9der \u00e0 l'ordon nancement\nsecondaire des d\u00e9penses et recettes de l'Etat dans le cadre des programmes suivants : \n1. \u00ab Acc\u00e8s et retour \u00e0 l'emploi \u00bb (n\u00b0 102) ;\n2. \u00ab Accompagnement des mutations \u00e9conomiques et d\u00e9veloppement de l'emploi \u00bb (n103) ;\n3. \u00ab Int\u00e9gration et acc\u00e8s \u00e0 la nationalit\u00e9 fran\u00e7aise  \u00bb (n\u00b0 104) -action 12 pour les missions autres que  le\ndispositif \u00ab Int\u00e9gration des r\u00e9fugi\u00e9s franciliens ( mission IRF) \u00bb qui vise \u00e0 am\u00e9liorer la fluidit\u00e9 du parc\nd'h\u00e9bergement en Ile-de-France ;\n4. \u00ab Am\u00e9lioration de la qualit\u00e9 de l'emploi et des r elations du travail \u00bb (n\u00b0 111) ;\n5. \u00ab Conduite et soutien des politiques sanitaires e t sociales\u00bb (n\u00b0 124) ;\n6. \u00ab D\u00e9veloppement des entreprises et r\u00e9gulations\u00bb ( n\u00b0 134) ;\n2\nPr\u00e9fecture de la r\u00e9gion d'Ile-de-France, pr\u00e9fecture de Paris-Secr\u00e9tariat g\u00e9n\u00e9ral aux politiques publiques - IDF-2025-04-04-00006 -\nArr\u00eat\u00e9\nportant d\u00e9l\u00e9gation de signature \u00e0 M. Marc ROHFRITSCH, ing\u00e9nieur en chef des mines, responsable du p\u00f4le \u00ab entreprises, emploi et\nsolidarit\u00e9s \u00bb de la direction r\u00e9gionale et interd\u00e9partementale de l'\u00e9conomie, de l'emploi, du travail et des solidarit\u00e9s d'\u00cele-de-France,\ncharg\u00e9 de l'int\u00e9rim de l'emploi de directeur r\u00e9gional et interd\u00e9partemental de l'\u00e9conomie, de l'emploi, du travail et des solidarit\u00e9s\nd'\u00cele-de-France, en mati\u00e8re d'ordonnancement secondaire\n49\n7. \u00ab Politique de la ville \u00bb (n\u00b0 147) ;\n8. \u00ab Conception, gestion et \u00e9valuation des politiques de l'emploi et du travail \u00bb (n\u00b0 155) ;\n9. \u00ab Handicap et d\u00e9pendance \u00bb (n\u00b0157) ;\n10. \u00ab H\u00e9bergement, parcours vers le logement et insertion des personnes vuln\u00e9rables \u00bb (n\u00b0 177-action 12) ;\n11. \u00ab Inclusion sociale et protection des personnes \u00bb (n\u00b0304) ;\n12. \u00abStrat\u00e9gies \u00e9conomiques\u00bb (n\u00b0 305) ;\n13. \u00ab Coh\u00e9sion \u00bb (n\u00b0 364).\nArticle  3 :  D\u00e9l\u00e9gation de signature est donn\u00e9e \u00e0 M. Marc ROHFRI TSCH, charg\u00e9 de l'int\u00e9rim de l'emploi de\ndirecteur r\u00e9gional et interd\u00e9partemental de l'\u00e9cono mie, de l'emploi, du travail et des solidarit\u00e9s d'\u00ce le-de-France, \u00e0\nl'effet de signer, dans la limite de ses attributio ns et dans la limite des plafonds de d\u00e9penses qui l ui auront \u00e9t\u00e9\nnotifi\u00e9s par le pr\u00e9fet de la r\u00e9gion d'Ile-de-France , toutes pi\u00e8ces pour proc\u00e9der \u00e0 l'ordonnancement se condaire\ndes d\u00e9penses de l'Etat, dans le cadre des programmes suivants :\n1. \u00ab Administration territoriale de l'Etat \u00bb (n\u00b0 354 ) ;\n2. \u00ab Ecologie \u00bb (n\u00b0 362) ;\n3. \u00ab Comp\u00e9titivit\u00e9 \u00bb (n\u00b0 363) ;\n4. \u00ab Op\u00e9rations immobili\u00e8res et entretien des b\u00e2timents de l'\u00c9tat \u00bb (n\u00b0 723).\nToute d\u00e9pense sup\u00e9rieure \u00e0 400 000 euros devra fair e l'objet d'un visa pr\u00e9alable du pr\u00e9fet de la r\u00e9gio n d'Ile-de-\nFrance.\nArticle 4 :  D\u00e9l\u00e9gation de signature est donn\u00e9e \u00e0 M. Marc ROHFRI TSCH, charg\u00e9 de l'int\u00e9rim de l'emploi de\ndirecteur r\u00e9gional et interd\u00e9partemental de l'\u00e9cono mie, de l'emploi, du travail et des solidarit\u00e9s d'\u00ce le-de-France, \u00e0\nl'effet de signer, dans la limite de ces attributio ns, toutes pi\u00e8ces relatives aux bourses Talents pr\u00e9 vues par\nl'arr\u00eat\u00e9 minist\u00e9riel du 5 ao\u00fbt 2021 susvis\u00e9 pour pr oc\u00e9der \u00e0 l'ordonnancement secondaire des d\u00e9penses d e l'Etat\ndans le cadre du programme \"Fonction publique\" (n\u00b0148). \nArticle 5  : D\u00e9l\u00e9gation de signature est donn\u00e9e \u00e0 M. Marc ROH FRITSCH, charg\u00e9 de l'int\u00e9rim de l'emploi de\ndirecteur r\u00e9gional et interd\u00e9partemental de l'\u00e9cono mie, de l'emploi, du travail et des solidarit\u00e9s d'\u00ce le-de-France, \u00e0\nl'effet de signer, dans la limite de ses attributio ns, toutes pi\u00e8ces pour proc\u00e9der \u00e0 l'ordonnancement des recettes\net des d\u00e9penses relatives aux cr\u00e9dits communautaire s du \u00ab Fonds social europ\u00e9en \u00bb (FSE) et de \u00ab l'Init iative\npour l'emploi des jeunes \u00bb (IEJ).\nArticle 6 : D\u00e9l\u00e9gation de signature est donn\u00e9e \u00e0 M. Marc ROH FRITSCH, charg\u00e9 de l'int\u00e9rim de l'emploi de\ndirecteur r\u00e9gional et interd\u00e9partemental de l'\u00e9cono mie, de l'emploi, du travail et des solidarit\u00e9s d'\u00ce le-de-France, \u00e0\nl'effet de signer, dans la limite de ses attributio ns, toutes les pi\u00e8ces relatives aux \u00e9tats liquidati fs concernant le\nremboursement par l'Etat des montants correspondant  aux allocations et \u00e0 l'indemnit\u00e9 vers\u00e9es en applic ation du\ntitre I de l'ordonnance n\u00b02020-921 du 29 juillet 20 20 susvis\u00e9e, aux salari\u00e9s dont l'emploi est menac\u00e9 par la\nfermeture des centrales \u00e0 charbon et des actions de  la cellule d'accompagnement au profit de ces salar i\u00e9s\npendant leur cong\u00e9 d'accompagnement sp\u00e9cifique, et \u00e0 l'effet de proc\u00e9der \u00e0 l'ordonnancement des recett es et\ndes d\u00e9penses du programme 174 \"Energie, climat et apr\u00e8s mines\".\nArticle 7 :  D\u00e9l\u00e9gation de signature est donn\u00e9e \u00e0 M. Marc ROHFRI TSCH, charg\u00e9 de l'int\u00e9rim de l'emploi de\ndirecteur r\u00e9gional et interd\u00e9partemental de l'\u00e9cono mie, de l'emploi, du travail et des solidarit\u00e9s d'\u00ce le-de-France,\npour signer, toutes les pi\u00e8ces relatives \u00e0 la passation et \u00e0 l'ex\u00e9cution des accords-cadres et des march\u00e9s publics\npass\u00e9s dans le cadre des programmes vis\u00e9s aux artic les 2 et 3, y compris les arr\u00eat\u00e9s relatifs \u00e0 la com position et\nau mode de fonctionnement des jurys de concours.\nArticle 8 : Pour les subventions d'un montant de 23 000 euros e t plus, la d\u00e9l\u00e9gation de signature consentie \u00e0\nl'article 2 du pr\u00e9sent arr\u00eat\u00e9 ne s'\u00e9tend aux d\u00e9cisi ons relatives \u00e0 la gestion des cr\u00e9dits du titre VI du budget des\nminist\u00e8res concern\u00e9s que lorsque le pr\u00e9fet de la r\u00e9 gion d'Ile-de-France aura \u00e9t\u00e9 pr\u00e9alablement inform\u00e9  des\npr\u00e9visions d'attributions des subventions.\nUn tableau pr\u00e9visionnel d'attribution des subventions, pr\u00e9cisant les organismes b\u00e9n\u00e9ficiaires et les m ontants\npropos\u00e9s, sera transmis par la direction r\u00e9gionale et interd\u00e9partementale de l'\u00e9conomie, de l'emploi, du travail et\ndes solidarit\u00e9s d'\u00cele-de-France, au pr\u00e9fet de la r\u00e9 gion d'Ile-de-France, pr\u00e9fet de Paris (secr\u00e9tariat g\u00e9n\u00e9ral aux\n3\nPr\u00e9fecture de la r\u00e9gion d'Ile-de-France, pr\u00e9fecture de Paris-Secr\u00e9tariat g\u00e9n\u00e9ral aux politiques publiques - IDF-2025-04-04-00006 -\nArr\u00eat\u00e9\nportant d\u00e9l\u00e9gation de signature \u00e0 M. Marc ROHFRITSCH, ing\u00e9nieur en chef des mines, responsable du p\u00f4le \u00ab entreprises, emploi et\nsolidarit\u00e9s \u00bb de la direction r\u00e9gionale et interd\u00e9partementale de l'\u00e9conomie, de l'emploi, du travail et des solidarit\u00e9s d'\u00cele-de-France,\ncharg\u00e9 de l'int\u00e9rim de l'emploi de directeur r\u00e9gional et interd\u00e9partemental de l'\u00e9conomie, de l'emploi, du travail et des solidarit\u00e9s\nd'\u00cele-de-France, en mati\u00e8re d'ordonnancement secondaire\n50\nmoyens mutualis\u00e9s), \u00e0 chaque fois que cela sera n\u00e9c essaire et avant la signature des conventions par l es\nb\u00e9n\u00e9ficiaires.\nArticle 9 : D\u00e9l\u00e9gation de signature est donn\u00e9e \u00e0 M. Marc ROHFR ITSCH, charg\u00e9 de l'int\u00e9rim de l'emploi de\ndirecteur r\u00e9gional et interd\u00e9partemental de l'\u00e9cono mie, de l'emploi, du travail et des solidarit\u00e9s d'\u00ce le-de-France,\npour  proc\u00e9der  \u00e0  l'ordonnancement  secondaire  des  amendes  administratives.  Cette  d\u00e9l\u00e9gation  porte  sur\nl'\u00e9mission des titres de perception y aff\u00e9rant.\nArticle 10 : D\u00e9l\u00e9gation de signature est donn\u00e9e \u00e0 M. Marc ROHFR ITSCH, charg\u00e9 de l'int\u00e9rim de l'emploi de\ndirecteur r\u00e9gional et interd\u00e9partemental de l'\u00e9cono mie, de l'emploi, du travail et des solidarit\u00e9s d'\u00ce le-de-France, \u00e0\nl'effet de signer, dans la limite de ses attributio ns, tous arr\u00eat\u00e9s, d\u00e9cisions, pi\u00e8ces ou conventions se rapportant \u00e0\nla fixation des dotations budg\u00e9taires des \u00e9tablisse ments sociaux ainsi que les actes relatifs \u00e0 la ges tion des\ncr\u00e9dits engag\u00e9s par les arr\u00eat\u00e9s de tarification.\nArticle 11 : Sont exclus de la pr\u00e9sente d\u00e9l\u00e9gation de signature :\nles ordres de r\u00e9quisition du comptable public ;\nles d\u00e9cisions de passer outre \u00e0 l'avis d\u00e9favorable du contr\u00f4leur budg\u00e9taire r\u00e9gional ;\nles  conventions  avec  les  collectivit\u00e9s  territoriales  et  leurs  \u00e9tablissements  publics  concernant  les\nprogrammes autres que ceux mentionn\u00e9s  aux 5\u00b0 et 10\u00b0 de l'article 2 ;\nles contrats de bail.\nArticle  12  : En  application  des  dispositions  de  l'article  69-5  du  d\u00e9cret  du  29  avril  2004  susvis\u00e9, \nM.  Marc  ROHFRITSCH,  charg\u00e9  de  l'int\u00e9rim  de  l'emploi de  directeur  r\u00e9gional  et  interd\u00e9partemental  de\nl'\u00e9conomie, de l'emploi, du travail et des solidarit\u00e9s d'\u00cele-de-France, peut, sous sa responsabilit\u00e9, subd\u00e9l\u00e9guer sa\nsignature \u00e0 ses collaborateurs, pour les cas d'absence et d'emp\u00eachement, dans la limite de leurs attributions.\nCette d\u00e9cision de subd\u00e9l\u00e9gation sera publi\u00e9e au rec ueil des actes administratifs de la pr\u00e9fecture de l a r\u00e9gion\nd'Ile-de-France, pr\u00e9fecture de Paris. Une copie de cette d\u00e9cision de subd\u00e9l\u00e9gation sera adress\u00e9e au pr \u00e9fet de la\nr\u00e9gion d'Ile-de-France, pr\u00e9fet de Paris (direction des affaires juridiques).\nArticle 13 : Un compte-rendu d'utilisation des cr\u00e9dits pour l'ex ercice budg\u00e9taire sera adress\u00e9 semestriellement,\nsous le pr\u00e9sent timbre, au pr\u00e9fet de la r\u00e9gion d'Il e-de-France, pr\u00e9fet de Paris (secr\u00e9tariat g\u00e9n\u00e9ral a ux moyens\nmutualis\u00e9s).\nArticle 14 : L'arr\u00eat\u00e9 n\u00b0 IDF-2024-03-25-00007 du 25 mars 2024 mo difi\u00e9 portant d\u00e9l\u00e9gation de signature \u00e0 M.\nGa\u00ebtan RUDANT, directeur r\u00e9gional et interd\u00e9partemental de l'\u00e9conomie, de l'emploi, du travail et des solidarit\u00e9s\nd'\u00cele-de-France, en mati\u00e8re d'ordonnancement secondaire est abrog\u00e9.\nArticle 15 :  La pr\u00e9f\u00e8te, secr\u00e9taire g\u00e9n\u00e9rale aux politiques publ iques de la pr\u00e9fecture de la r\u00e9gion d'Ile-de-\nFrance, pr\u00e9fecture de Paris, le pr\u00e9fet, secr\u00e9taire g\u00e9n\u00e9ral aux moyens mutualis\u00e9s de la pr\u00e9fecture de l a r\u00e9gion\nd'Ile-de-France, pr\u00e9fecture de Paris, et le directe ur r\u00e9gional et interd\u00e9partemental de l'\u00e9conomie, de  l'emploi, du\ntravail et des solidarit\u00e9s d'\u00cele-de-France par int\u00e9 rim, sont charg\u00e9s, chacun en qui le concerne, de l' ex\u00e9cution du\npr\u00e9sent arr\u00eat\u00e9 qui sera publi\u00e9 au recueil des actes  administratifs (\u00e9chelon de la r\u00e9gion d'Ile-de-Fran ce) de la\npr\u00e9fecture, accessible sur le site Internet de la p r\u00e9fecture: www.prefectures-regions.gouv.fr/ile-de-f rance/ et qui\nentrera en vigueur le lendemain de cette publication.\nFait \u00e0 Paris, le 4 avril 2025\nLe pr\u00e9fet de la r\u00e9gion d'Ile-de-France,\nPr\u00e9fet de Paris,\nSign\u00e9\nMarc GUILLAUME\n4\nPr\u00e9fecture de la r\u00e9gion d'Ile-de-France, pr\u00e9fecture de Paris-Secr\u00e9tariat g\u00e9n\u00e9ral aux politiques publiques - IDF-2025-04-04-00006 -\nArr\u00eat\u00e9\nportant d\u00e9l\u00e9gation de signature \u00e0 M. Marc ROHFRITSCH, ing\u00e9nieur en chef des mines, responsable du p\u00f4le \u00ab entreprises, emploi et\nsolidarit\u00e9s \u00bb de la direction r\u00e9gionale et interd\u00e9partementale de l'\u00e9conomie, de l'emploi, du travail et des solidarit\u00e9s d'\u00cele-de-France,\ncharg\u00e9 de l'int\u00e9rim de l'emploi de directeur r\u00e9gional et interd\u00e9partemental de l'\u00e9conomie, de l'emploi, du travail et des solidarit\u00e9s\nd'\u00cele-de-France, en mati\u00e8re d'ordonnancement secondaire\n51\nPr\u00e9fecture de la r\u00e9gion d'Ile-de-France,\npr\u00e9fecture de Paris-Secr\u00e9tariat g\u00e9n\u00e9ral aux\npolitiques publiques\nIDF-2025-04-04-00007\nArr\u00eat\u00e9\nportant d\u00e9l\u00e9gation de signature \u00e0 M. Marc\nROHFRITSCH, ing\u00e9nieur en chef des mines,\nresponsable du p\u00f4le\n\u00ab entreprises, emploi et solidarit\u00e9s \u00bb de la\ndirection r\u00e9gionale et interd\u00e9partementale de\nl'\u00e9conomie, de l'emploi,\ndu travail et des solidarit\u00e9s d'\u00cele-de-France,\ncharg\u00e9 de l'int\u00e9rim de l'emploi de directeur\nr\u00e9gional et\ninterd\u00e9partemental de l'\u00e9conomie, de l'emploi,\ndu travail et des solidarit\u00e9s d'\u00cele-de-France,\nen mati\u00e8re administrative\nPr\u00e9fecture de la r\u00e9gion d'Ile-de-France, pr\u00e9fecture de Paris-Secr\u00e9tariat g\u00e9n\u00e9ral aux politiques publiques - IDF-2025-04-04-00007 -\nArr\u00eat\u00e9\nportant d\u00e9l\u00e9gation de signature \u00e0 M. Marc ROHFRITSCH, ing\u00e9nieur en chef des mines, responsable du p\u00f4le\n\u00ab entreprises, emploi et solidarit\u00e9s \u00bb de la direction r\u00e9gionale et interd\u00e9partementale de l'\u00e9conomie, de l'emploi,\ndu travail et des solidarit\u00e9s d'\u00cele-de-France, charg\u00e9 de l'int\u00e9rim de l'emploi de directeur r\u00e9gional et\ninterd\u00e9partemental de l'\u00e9conomie, de l'emploi, du travail et des solidarit\u00e9s d'\u00cele-de-France,\nen mati\u00e8re administrative\n52\nE =PR\u00c9FETDE LA R\u00c9GIOND'\u00ceLE-DE-FRANCELibert\u00e9Egalit\u00e9Fratermit\u00e9\nSecr\u00e9tariat g\u00e9n\u00e9ral aux politiques publiques\nDirection des affaires juridiques\nArr\u00eat\u00e9\nportant d\u00e9l\u00e9gation de signature \u00e0 M. Marc ROHFRITSCH, ing\u00e9nieur en chef des mines, responsable du p\u00f4le \n\u00ab entreprises, emploi et solidarit\u00e9s \u00bb de la direction r\u00e9gionale et interd\u00e9partementale de l'\u00e9conomie, de l'emploi,\ndu travail et des solidarit\u00e9s d'\u00cele-de-France, charg\u00e9 de l'int\u00e9rim de l'emploi de directeur r\u00e9gional et\ninterd\u00e9partemental de l'\u00e9conomie, de l'emploi, du travail et des solidarit\u00e9s d'\u00cele-de-France, \nen mati\u00e8re administrative\nLe pr\u00e9fet de la r\u00e9gion d'Ile-de-France,\nPr\u00e9fet de Paris,\nCommandeur de la L\u00e9gion d'honneur,\nOfficier de l'ordre national du M\u00e9rite\nVu le r\u00e8glement (UE) n\u00b0 1303/2013 du Parlement Euro p\u00e9en et du Conseil du 17 D\u00e9cembre 2013 portant\ndispositions communes relatives au Fonds europ\u00e9en d e d\u00e9veloppement r\u00e9gional, au Fonds social europ\u00e9en,  au\nFonds de coh\u00e9sion, au Fonds europ\u00e9en agricole pour le d\u00e9veloppement rural et au Fonds europ\u00e9en pour le s\naffaires maritimes et la p\u00eache, portant disposition s g\u00e9n\u00e9rales applicables au Fonds europ\u00e9en de d\u00e9velo ppement\nr\u00e9gional, au Fonds social europ\u00e9en, au Fonds de coh \u00e9sion et au Fonds europ\u00e9en pour les affaires mariti mes et\nla p\u00eache, et abrogeant le r\u00e8glement (CE) n\u00b0 1083/2006 du Conseil ;\nVu le r\u00e8glement d\u00e9l\u00e9gu\u00e9 (UE) n\u00b0 480/2014 de la Comm ission du 3 Mars 2014 compl\u00e9tant le r\u00e8glement (UE) n\u00b0\n1303/2013 du Parlement europ\u00e9en et du Conseil porta nt dispositions communes relatives au Fonds europ\u00e9e n\nde d\u00e9veloppement r\u00e9gional, au Fonds social europ\u00e9en, au Fonds de coh\u00e9sion, au Fonds europ\u00e9en agricole pour\nle d\u00e9veloppement rural et au Fonds europ\u00e9en pour le s affaires maritimes et la p\u00eache, portant dispositi ons\ng\u00e9n\u00e9rales applicables au Fonds europ\u00e9en de d\u00e9velopp ement r\u00e9gional, au Fonds social europ\u00e9en, au Fonds de\ncoh\u00e9sion et au Fonds europ\u00e9en pour les affaires maritimes et la p\u00eache ;\nVu le code g\u00e9n\u00e9ral de fonction publique, notamment son article L323-1 ;\nVu le code de justice administrative ;\nVu le code de l'action sociale et des familles ;\nVu le code de la commande publique ;\nVu le code du commerce ;\nVu le code de la consommation ;\nVu le code de la s\u00e9curit\u00e9 sociale ;\nVu le code du tourisme ;\nVu le code du travail ;\nVu la loi du 4 juillet 1837 modifi\u00e9e relative aux poids et mesures ;\nVu la loi n\u00b0 82-213 du 2 mars 1982 modifi\u00e9e relativ e aux droits et libert\u00e9s des communes, des d\u00e9partem ents et\ndes r\u00e9gions ;\nVu le d\u00e9cret n\u00b0 2004-374 du 29 avril 2004 modifi\u00e9 relatif aux pouvoirs des pr\u00e9fets, \u00e0 l'organisation e t \u00e0 l'action\ndes services de l'Etat dans les r\u00e9gions et d\u00e9partements ;\nVu le d\u00e9cret n\u00b0 2008-548 du 11 juin 2008 modifi\u00e9 re latif \u00e0 la commission interminist\u00e9rielle de coordin ation des\ncontr\u00f4les autorit\u00e9 d'audit pour les Fonds europ\u00e9ens en France ;\nVu le d\u00e9cret n\u00b0 2013-571 du 1er juillet 2013 modifi \u00e9 autorisant les ministres charg\u00e9s des affaires soc iales, de la\nsant\u00e9, des sports, de la jeunesse, de l'\u00e9ducation p opulaire et de la vie associative \u00e0 d\u00e9l\u00e9guer certai ns de leurs\npouvoirs pour le recrutement et la gestion d'agents plac\u00e9s sous leur autorit\u00e9 ; \nVu le d\u00e9cret n\u00b0 2015-510 du 7 mai 2015 portant charte de la d\u00e9concentration ;\nVu le d\u00e9cret n\u00b0 2010-687 du 24 juin 2010 modifi\u00e9 re latif \u00e0 l'organisation et aux missions des services  de l'Etat\ndans la r\u00e9gion et les d\u00e9partements d'Ile-de-France et notamment ses articles 20-1 et 20-2 ;\nPr\u00e9fecture de la r\u00e9gion d'\u00cele-de-France, pr\u00e9fecture de Paris\n5, rue Leblanc 75 911 Paris Cedex 15 |  Standard : 01 82 52 40 00\n./..\nPr\u00e9fecture de la r\u00e9gion d'Ile-de-France, pr\u00e9fecture de Paris-Secr\u00e9tariat g\u00e9n\u00e9ral aux politiques publiques - IDF-2025-04-04-00007 -\nArr\u00eat\u00e9\nportant d\u00e9l\u00e9gation de signature \u00e0 M. Marc ROHFRITSCH, ing\u00e9nieur en chef des mines, responsable du p\u00f4le\n\u00ab entreprises, emploi et solidarit\u00e9s \u00bb de la direction r\u00e9gionale et interd\u00e9partementale de l'\u00e9conomie, de l'emploi,\ndu travail et des solidarit\u00e9s d'\u00cele-de-France, charg\u00e9 de l'int\u00e9rim de l'emploi de directeur r\u00e9gional et\ninterd\u00e9partemental de l'\u00e9conomie, de l'emploi, du travail et des solidarit\u00e9s d'\u00cele-de-France,\nen mati\u00e8re administrative\n53\nVu le d\u00e9cret n\u00b0 2020-1545 du 9 d\u00e9cembre 2020 relati f \u00e0 l'organisation et aux missions des directions r \u00e9gionales\nde l'\u00e9conomie, de l'emploi, du travail et des solid arit\u00e9s, des directions d\u00e9partementales de l'emploi,  du travail et\ndes solidarit\u00e9s et des directions d\u00e9partementales d e l'emploi, du travail, des solidarit\u00e9s et de la pr otection des\npopulations ;\nVu le d\u00e9cret du 22 juillet 2020 portant nomination de Monsieur Marc GUILLAUME en qualit\u00e9 de pr\u00e9fet de la\nr\u00e9gion d'\u00cele-de-France, pr\u00e9fet de Paris ;\nVu l'arr\u00eat\u00e9 du 25 novembre 2014 portant d\u00e9l\u00e9gation de certains pouvoirs de recrutement et de gestion d 'agents\nrelevant du ministre charg\u00e9 du travail et de l'emploi ;\nVu l'arr\u00eat\u00e9 du 29 d\u00e9cembre 2016 portant d\u00e9concentra tion des actes relatifs \u00e0 la situation individuelle  des agents\npublics exer\u00e7ant leurs fonctions dans les services d\u00e9concentr\u00e9s des administrations civiles de l'Etat au sens de\nl'article 15 du d\u00e9cret n\u00b0 2004-374 du 29 avril 2004  modifi\u00e9 relatif aux pouvoirs des pr\u00e9fets, \u00e0 l'orga nisation et \u00e0\nl'action des services de l'Etat dans les r\u00e9gions et d\u00e9partements ;\nVu l'arr\u00eat\u00e9 du 29 d\u00e9cembre 2016 fixant la liste des  actes relatifs \u00e0 la situation individuelle des age nts publics\nexer\u00e7ant leurs fonctions dans les services d\u00e9concen tr\u00e9s des administrations civiles de l'Etat pour les quels l'avis\ndu chef de service d\u00e9concentr\u00e9 sous l'autorit\u00e9 duqu el sont plac\u00e9s ces personnels est requis pr\u00e9alablem ent \u00e0\nleur \u00e9diction ;\nVu l'arr\u00eat\u00e9 minist\u00e9riel du 5 ao\u00fbt 2021 relatif au r\u00e9gime des bourses Talents ;\nVu l'arr\u00eat\u00e9 pr\u00e9fectoral du 30 mars 2021 portant org anisation de la direction r\u00e9gionale et interd\u00e9parte mentale de\nl'\u00e9conomie, de l'emploi, du travail et des solidarit\u00e9s d'Ile-de-France ;\nVu l'arr\u00eat\u00e9 minist\u00e9riel du 20 mars 2025 confiant l' int\u00e9rim de l'emploi de directeur r\u00e9gional et Interd \u00e9partemental\nde l'\u00e9conomie, de l'emploi, du travail et des solidarit\u00e9s d'\u00cele-de-France \u00e0 M. Marc ROHFRITSCH ;\nSur proposition de la pr\u00e9f\u00e8te, secr\u00e9taire g\u00e9n\u00e9rale aux politiques publiques, de la pr\u00e9fecture de la r\u00e9 gion d'Ile-de-\nFrance, pr\u00e9fecture de Paris et du pr\u00e9fet, secr\u00e9tair e g\u00e9n\u00e9ral aux moyens mutualis\u00e9s de la pr\u00e9fecture de  la r\u00e9gion\nd'Ile-de-France, pr\u00e9fecture de Paris,\nARR\u00caTE\nArticle  1 : D\u00e9l\u00e9gation de signature est donn\u00e9e \u00e0 M. Marc ROH FRITSCH, charg\u00e9 de l'int\u00e9rim de l'emploi de\ndirecteur r\u00e9gional et interd\u00e9partemental de l'\u00e9cono mie, de l'emploi, du travail et des solidarit\u00e9s d'\u00ce le-de-France, \u00e0\nl'effet de signer les d\u00e9cisions, arr\u00eat\u00e9s, conventions, autres actes administratifs et correspondances relatifs :\n1\u00b0- \u00e0 l'exercice des missions de la direction r\u00e9gio nale et interd\u00e9partementale de l'\u00e9conomie, de l'emp loi, du\ntravail et des solidarit\u00e9s (DRIEETS) telles que pr\u00e9vues par le d\u00e9cret n\u00b0 2020-1545 du 9 d\u00e9cembre 2020 susvis\u00e9 ;\n2\u00b0- au fonctionnement de la DRIEETS ;\n3\u00b0- \u00e0 la gestion des personnels plac\u00e9s sous son autorit\u00e9 en application des arr\u00eat\u00e9s du 29 d\u00e9cembre 201 6\nsusvis\u00e9s ;\n4\u00b0- aux bourses Talents pr\u00e9vues par l'arr\u00eat\u00e9 minist\u00e9riel du 5 ao\u00fbt 2021 susvis\u00e9 ;\n5\u00b0- au commissionnement pr\u00e9vu \u00e0 l'article R. 6361-2 du code du travail.\nLa d\u00e9l\u00e9gation de signature exclut les actes mentionn\u00e9s \u00e0 l'article 3 du pr\u00e9sent arr\u00eat\u00e9.\nArticle  2 :  En application  des  dispositions de l'article  69-5 d u  d\u00e9cret  du 29  avril  2004 susvis\u00e9,  M.  Marc\nROHFRITSCH, charg\u00e9 de l'int\u00e9rim de l'emploi de dire cteur r\u00e9gional et interd\u00e9partemental de l'\u00e9conomie,  de\nl'emploi, du travail et des solidarit\u00e9s d'\u00cele-de-Fr ance, peut, sous sa responsabilit\u00e9, subd\u00e9l\u00e9guer sa signature, au\ntitre de l'article 1er du pr\u00e9sent arr\u00eat\u00e9 (1\u00b0 \u00e0 4\u00b0) \u00e0 ses collaborateurs, pour les cas d'absence et d'e mp\u00eachement,\ndans la limite de leurs attributions.\nUne copie de cette d\u00e9cision de subd\u00e9l\u00e9gation sera adress\u00e9e au pr\u00e9fet de la r\u00e9gion d'Ile-de-France, pr\u00e9 fet de\nParis - direction des affaires juridiques. Cette d\u00e9 cision de subd\u00e9l\u00e9gation sera publi\u00e9e au recueil des  actes\nadministratifs de la pr\u00e9fecture de la r\u00e9gion d'Ile-de-France, pr\u00e9fecture de Paris.\nArticle 3 : Sont exclus de la d\u00e9l\u00e9gation consentie \u00e0 l'article 1er du pr\u00e9sent arr\u00eat\u00e9 :\n1\u00b0 Les conventions avec les collectivit\u00e9s territoriales et leurs \u00e9tablissements publics ;\n2\u00b0 les conventions des appels \u00e0 projets r\u00e9gionaux du plan d'investissement dans les comp\u00e9tences ;\n2\nPr\u00e9fecture de la r\u00e9gion d'\u00cele-de-France, pr\u00e9fecture de Paris\n5, rue Leblanc 75 911 Paris Cedex 15 |  Standard : 01 82 52 40 00\nPr\u00e9fecture de la r\u00e9gion d'Ile-de-France, pr\u00e9fecture de Paris-Secr\u00e9tariat g\u00e9n\u00e9ral aux politiques publiques - IDF-2025-04-04-00007 -\nArr\u00eat\u00e9\nportant d\u00e9l\u00e9gation de signature \u00e0 M. Marc ROHFRITSCH, ing\u00e9nieur en chef des mines, responsable du p\u00f4le\n\u00ab entreprises, emploi et solidarit\u00e9s \u00bb de la direction r\u00e9gionale et interd\u00e9partementale de l'\u00e9conomie, de l'emploi,\ndu travail et des solidarit\u00e9s d'\u00cele-de-France, charg\u00e9 de l'int\u00e9rim de l'emploi de directeur r\u00e9gional et\ninterd\u00e9partemental de l'\u00e9conomie, de l'emploi, du travail et des solidarit\u00e9s d'\u00cele-de-France,\nen mati\u00e8re administrative\n54\n3\u00b0 les conventions pluriannuelles d'objectifs (CPO)  des missions locales, except\u00e9 les avenants pour le s soldes\nannuels ;\n4\u00b0 les conventions avec les structures de soutien \u00e0 l'insertion par l'activit\u00e9 \u00e9conomique, except\u00e9 les  avenants et\nles  actes  de  gestion  aff\u00e9rents ;  un  tableau  de  suivi  de  la  programmation  par  structure  est  transmis\ntrimestriellement ;\n5\u00b0 les m\u00e9moires en d\u00e9fense pr\u00e9sent\u00e9s au nom de l'\u00c9tat \u00e0 l'occasion des recours form\u00e9s devant les jurid ictions\nadministratives et n\u00e9s de l'activit\u00e9 de la DRIEETS,  de la direction r\u00e9gionale des entreprises, de la c oncurrence,\nde la consommation, du travail et de l'emploi (DIRE CCTE) d'Ile-de-France ou de la direction de la coh\u00e9 sion\nsociale (DRCS) d'Ile-de-France, sauf en ce qui conc erne ceux n\u00e9s de l'exercice des comp\u00e9tences propres\nexerc\u00e9es  par  le  directeur  r\u00e9gional  de  la  DIRECCTE  ou  le  Directeur  r\u00e9gional  et  interd\u00e9partemental  de  la\nDRIEETS  ou  des  agents  qui  lui  sont  hi\u00e9rarchiquement rattach\u00e9s,  en  mati\u00e8re  d'accompagnement  des\nrestructurations d'entreprise et d'inspection de la  l\u00e9gislation du travail, de mesures de police admin istrative\nprises en application du code de commerce et du cod e de la consommation et en mati\u00e8re de m\u00e9trologie l\u00e9 gale,\nainsi que dans les cas de proc\u00e9dure d'urgence pr\u00e9vus au livre V du code de justice administrative ;\n6\u00b0  les  correspondances  avec  les  parlementaires,  les anciens  ministres,  les  conseillers  r\u00e9gionaux  et\nd\u00e9partementaux, les pr\u00e9sidents des associations des  maires, la maire de Paris et les maires des commun es\nchefs-lieux de d\u00e9partement ;\n7\u00b0 les correspondances entrant dans le cadre de la n\u00e9gociation du contrat de plan Etat-r\u00e9gion.\nPar ailleurs, une copie de toutes correspondances d estin\u00e9es aux autres \u00e9lus, maires, conseillers munic ipaux\nainsi que des m\u00e9moires produits dans le cadre des p roc\u00e9dures d'urgence susmentionn\u00e9es, sera simultan\u00e9m ent\nadress\u00e9e au pr\u00e9fet de la r\u00e9gion d'Ile-de-France.\nArticle  4 : L'arr\u00eat\u00e9 n\u00b0 IDF-2022-07-29-00005 du 29 juillet 2 022 portant d\u00e9l\u00e9gation de signature \u00e0 M. Ga\u00ebtan\nRUDANT, directeur r\u00e9gional et interd\u00e9partemental de  l'\u00e9conomie, de l'emploi, du travail et des solidar it\u00e9s d'\u00cele-\nde-France, en mati\u00e8re administrative est abrog\u00e9.\nArticle 5 : La pr\u00e9f\u00e8te, secr\u00e9taire g\u00e9n\u00e9rale aux politiques p ubliques, de la pr\u00e9fecture de la r\u00e9gion d'Ile-de-Fr ance,\npr\u00e9fecture de Paris, le pr\u00e9fet, secr\u00e9taire g\u00e9n\u00e9ral aux moyens mutualis\u00e9s de la pr\u00e9fecture de la r\u00e9gion  d'Ile-de-\nFrance, pr\u00e9fecture de Paris, et le directeur r\u00e9gion al et interd\u00e9partemental de l'\u00e9conomie, de l'emploi , du travail et\ndes solidarit\u00e9s d'\u00cele-de-France par int\u00e9rim sont ch arg\u00e9s, chacun en ce qui le concerne, de l'ex\u00e9cution  du pr\u00e9sent\narr\u00eat\u00e9, qui sera publi\u00e9 au recueil des actes admini stratifs (\u00e9chelon de la r\u00e9gion d'Ile-de-France) de la pr\u00e9fecture\naccessible sur le site Internet de la pr\u00e9fecture: \nwww.prefectures-regions.gouv.fr/ile-de-france/, et qui entrera en\nvigueur le lendemain de sa publication.\nFait \u00e0 Paris, le 4 avril 2025\nLe pr\u00e9fet de la r\u00e9gion d'Ile-de-France,\nPr\u00e9fet de Paris,\nSign\u00e9\nMarc GUILLAUME\n3\nPr\u00e9fecture de la r\u00e9gion d'\u00cele-de-France, pr\u00e9fecture de Paris\n5, rue Leblanc 75 911 Paris Cedex 15 |  Standard : 01 82 52 40 00\nPr\u00e9fecture de la r\u00e9gion d'Ile-de-France, pr\u00e9fecture de Paris-Secr\u00e9tariat g\u00e9n\u00e9ral aux politiques publiques - IDF-2025-04-04-00007 -\nArr\u00eat\u00e9\nportant d\u00e9l\u00e9gation de signature \u00e0 M. Marc ROHFRITSCH, ing\u00e9nieur en chef des mines, responsable du p\u00f4le\n\u00ab entreprises, emploi et solidarit\u00e9s \u00bb de la direction r\u00e9gionale et interd\u00e9partementale de l'\u00e9conomie, de l'emploi,\ndu travail et des solidarit\u00e9s d'\u00cele-de-France, charg\u00e9 de l'int\u00e9rim de l'emploi de directeur r\u00e9gional et\ninterd\u00e9partemental de l'\u00e9conomie, de l'emploi, du travail et des solidarit\u00e9s d'\u00cele-de-France,\nen mati\u00e8re administrative\n55\nPr\u00e9fecture de la r\u00e9gion d'Ile-de-France,\npr\u00e9fecture de Paris-Secr\u00e9tariat g\u00e9n\u00e9ral aux\npolitiques publiques\nIDF-2025-04-04-00008\nArr\u00eat\u00e9 \nportant d\u00e9l\u00e9gation de signature \u00e0 Monsieur Marc\nROHFRITSCH, ing\u00e9nieur en chef des mines,\nresponsable du p\u00f4le \u00ab entreprises, emploi et\nsolidarit\u00e9s \u00bb de la direction r\u00e9gionale et\ninterd\u00e9partementale de l'\u00e9conomie,\nde l'emploi, du travail et des solidarit\u00e9s\nd'\u00cele-de-France, charg\u00e9 de l'int\u00e9rim de l'emploi\nde directeur r\u00e9gional et interd\u00e9partemental de\nl'\u00e9conomie, de l'emploi, du travail et des\nsolidarit\u00e9s d'\u00cele-de-France d'Ile-de-France,\npour nommer les agents de contr\u00f4le de la\nformation professionnelle commissionn\u00e9s \npour effectuer des contr\u00f4les au titre de la\nformation professionnelle continue, de\nl'apprentissage et \ndes op\u00e9rations cofinanc\u00e9es par le Fonds Social\nEurop\u00e9en\nPr\u00e9fecture de la r\u00e9gion d'Ile-de-France, pr\u00e9fecture de Paris-Secr\u00e9tariat g\u00e9n\u00e9ral aux politiques publiques - IDF-2025-04-04-00008 -\nArr\u00eat\u00e9 \nportant d\u00e9l\u00e9gation de signature \u00e0 Monsieur Marc ROHFRITSCH, ing\u00e9nieur en chef des mines, responsable du p\u00f4le \u00ab entreprises,\nemploi et solidarit\u00e9s \u00bb de la direction r\u00e9gionale et interd\u00e9partementale de l'\u00e9conomie,\nde l'emploi, du travail et des solidarit\u00e9s d'\u00cele-de-France, charg\u00e9 de l'int\u00e9rim de l'emploi de directeur r\u00e9gional et interd\u00e9partemental de\nl'\u00e9conomie, de l'emploi, du travail et des solidarit\u00e9s d'\u00cele-de-France d'Ile-de-France,\npour nommer les agents de contr\u00f4le de la formation professionnelle commissionn\u00e9s \npour effectuer des contr\u00f4les au titre de la formation professionnelle continue, de l'apprentissage et \ndes op\u00e9rations cofinanc\u00e9es par le Fonds Social Europ\u00e9en\n56\nPREFETDE LA REGION Secr\u00e9tariat g\u00e9n\u00e9ral aux politiques publiquesD'ILE-DE-FRANCE Direction des affaires juridiques\npt \u00c0\nralst\u00e9\nArr\u00eat\u00e9portant d\u00e9l\u00e9gation de signature a Monsieur Marc ROHFRITSCH, ing\u00e9nieur en chef des mines, responsable dup\u00f4le \u00ab entreprises, emploi et solidarit\u00e9s \u00bb de la direction r\u00e9gionale et interd\u00e9partementale de l'\u00e9conomie,de l'emploi, du travail et des solidarit\u00e9s d'\u00cele-de-France, charg\u00e9 de l'int\u00e9rim de l'emploi de directeur r\u00e9gional et in-terd\u00e9partemental de l'\u00e9conomie, de l'emploi, du travail et des solidarit\u00e9s d'\u00cele-de-France d'Ile-de-France,pour nommer les agents de contr\u00f4le de la formation professionnelle commissionn\u00e9spour effectuer des contr\u00f4les au titre de la formation professionnelle continue, de l'apprentissage etdes op\u00e9rations cofinanc\u00e9es par le Fonds Social Europ\u00e9enLe pr\u00e9fet de la r\u00e9gion d'Ile-de-FrancePr\u00e9fet de parisCommandeur de la L\u00e9gion d'Honneur,Officier de l'Ordre national du M\u00e9riteVu le r\u00e8glement (UE) n\u00b0 1303/2013 du Parlement Europ\u00e9en et du Conseil du 17 d\u00e9cembre 2013 portant disposi-tions communes relatives au Fonds europ\u00e9en de d\u00e9veloppement r\u00e9gional, au Fonds social europ\u00e9en, au Fondsde coh\u00e9sion, au Fonds europ\u00e9en agricole pour le d\u00e9veloppement rural et au Fonds europ\u00e9en pour les affairesmaritimes et la p\u00eache, portant dispositions g\u00e9n\u00e9rales applicables au Fonds europ\u00e9en de d\u00e9veloppement r\u00e9gional,au Fonds social europ\u00e9en, au Fonds de coh\u00e9sion et au Fonds europ\u00e9en pour les affaires maritimes et la p\u00eache,et abrogeant le r\u00e8glement (CE) n\u00b0 1083/2006 du Conseil ;Vu le r\u00e8glement d\u00e9l\u00e9gu\u00e9 (UE) n\u00b0 480/2014 de la Commission du 3 Mars 2014 compl\u00e9tant le r\u00e8glement (UE) n\u00b01303/2013 du Parlement europ\u00e9en et du Conseil portant dispositions communes relatives au Fonds europ\u00e9en ded\u00e9veloppement r\u00e9gional, au Fonds social europ\u00e9en, au Fonds de coh\u00e9sion, au Fonds europ\u00e9en agricole pour led\u00e9veloppement rural et au Fonds europ\u00e9en pour les affaires maritimes et la p\u00eache, portant dispositions g\u00e9n\u00e9-rales applicables au Fonds europ\u00e9en de d\u00e9veloppement r\u00e9gional, au Fonds social europ\u00e9en, au Fonds de coh\u00e9-sion et au Fonds europ\u00e9en pour les affaires maritimes et la p\u00eache ;Vu le code du travail et notamment les articles L.6361-1, L.6361-2, L.6361-3, L.6361-5, R.6361-1 \u00e0 R.6361-7 ;Vu le d\u00e9cret n\u00b0 2008-548 du 11 Juin 2008, modifi\u00e9 relatif a la commission interminist\u00e9rielle de coordination descontr\u00f4les-autorit\u00e9 d'audit pour les Fonds europ\u00e9ens en France;Vu le d\u00e9cret n\u00b0 2004-374 du 29 avril 2004 modifi\u00e9 relatif aux pouvoirs des pr\u00e9fets, a l'organisation et a l'actiondes services de l'Etat dans les r\u00e9gions et d\u00e9partements ;Vu le d\u00e9cret n\u00b0 2020-1545 du 9 d\u00e9cembre 2020 relatif a l'organisation et aux missions des directions r\u00e9gionalesde l'\u00e9conomie, de l'emploi, du travail et des solidarit\u00e9s, des directions d\u00e9partementales de l'emploi, du travail etdes solidarit\u00e9s et des directions d\u00e9partementales de l'emploi, du travail, des solidarit\u00e9s et de la protection des po-pulations ;Vu le d\u00e9cret du 22 juillet 2020 portant nomination du pr\u00e9fet de la r\u00e9gion d'lle-de-France, pr\u00e9fet de Paris (horsclasse) - M. GUILLAUME (Marc) ;Vu l'arr\u00eat\u00e9 minist\u00e9riel du 20 mars 2025 confiant l'int\u00e9rim de l'emploi de directeur r\u00e9gional et Interd\u00e9partemental del'\u00e9conomie, de l'emploi, du travail et des solidarit\u00e9s d'\u00cele-de-France \u00e0 M. Marc ROHFRITSCH ;Sur proposition de la pr\u00e9f\u00e8te, secr\u00e9taire g\u00e9n\u00e9rale aux politiques publiques de la pr\u00e9fecture de la r\u00e9gion d'\u00cele de-France, pr\u00e9fecture de Paris ;\nPr\u00e9fecture de la r\u00e9gion d'Ile-de-France, pr\u00e9fecture de Paris-Secr\u00e9tariat g\u00e9n\u00e9ral aux politiques publiques - IDF-2025-04-04-00008 -\nArr\u00eat\u00e9 \nportant d\u00e9l\u00e9gation de signature \u00e0 Monsieur Marc ROHFRITSCH, ing\u00e9nieur en chef des mines, responsable du p\u00f4le \u00ab entreprises,\nemploi et solidarit\u00e9s \u00bb de la direction r\u00e9gionale et interd\u00e9partementale de l'\u00e9conomie,\nde l'emploi, du travail et des solidarit\u00e9s d'\u00cele-de-France, charg\u00e9 de l'int\u00e9rim de l'emploi de directeur r\u00e9gional et interd\u00e9partemental de\nl'\u00e9conomie, de l'emploi, du travail et des solidarit\u00e9s d'\u00cele-de-France d'Ile-de-France,\npour nommer les agents de contr\u00f4le de la formation professionnelle commissionn\u00e9s \npour effectuer des contr\u00f4les au titre de la formation professionnelle continue, de l'apprentissage et \ndes op\u00e9rations cofinanc\u00e9es par le Fonds Social Europ\u00e9en\n57\nARRETE\nArticle 1er : D\u00e9l\u00e9gation de signature est donn\u00e9e \u00e0 M. Marc ROHFRITSCH, charg\u00e9 de l'int\u00e9rim de l'emploi de\ndirecteur r\u00e9gional et interd\u00e9partemental de l'\u00e9conomie, de l'emploi, du travail et des solidarit\u00e9s d'\u00cele-de-France,\npour nommer les agents de contr\u00f4le de la formation professionnelle commissionn\u00e9s pour effectuer des contr\u00f4les\nau titre de la formation professionnelle continue, de l'apprentissage et des op\u00e9rations cofinanc\u00e9es par le Fonds\nSocial Europ\u00e9en.\nArticle 2 :La pr\u00e9f\u00e8te, secr\u00e9taire g\u00e9n\u00e9rale aux politiques publiques de la pr\u00e9fecture de la r\u00e9gion d'\u00cele-de-France,\npr\u00e9fecture de Paris et le directeur r\u00e9gional et interd\u00e9partemental de l'\u00e9conomie, de l'emploi, du travail et des\nsolidarit\u00e9s d'Ile-de-France par int\u00e9rim sont charg\u00e9s, chacun en ce qui les concerne, de l'ex\u00e9cution du pr\u00e9sent\narr\u00eat\u00e9 qui sera publi\u00e9 au recueil des actes administratifs (\u00e9chelon r\u00e9gional) de la pr\u00e9fecture de la r\u00e9gion d'\u00cele-de-\nFrance, pr\u00e9fecture de Paris, accessible sur le site Internet de la pr\u00e9fecture :\nwww.prefectures-regions.gouv.fr/ile-\nde-france, et qui entrera en vigueur le lendemain de sa publication.\nFait \u00e0 Paris, le 4 avril 2025\nLe pr\u00e9fet de la r\u00e9gion d'Ile-de-France,\nPr\u00e9fet de Paris,\nSign\u00e9\nMarc GUILLAUME\nPr\u00e9fecture de la r\u00e9gion d'\u00cele-de-France, pr\u00e9fecture de Paris\n5, rue Leblanc 75 911 Paris Cedex 15 |  Standard : 01 82 52 40 00\nSite internet : https://www.prefectures-regions.gouv.fr/ile-de-france \nPr\u00e9fecture de la r\u00e9gion d'Ile-de-France, pr\u00e9fecture de Paris-Secr\u00e9tariat g\u00e9n\u00e9ral aux politiques publiques - IDF-2025-04-04-00008 -\nArr\u00eat\u00e9 \nportant d\u00e9l\u00e9gation de signature \u00e0 Monsieur Marc ROHFRITSCH, ing\u00e9nieur en chef des mines, responsable du p\u00f4le \u00ab entreprises,\nemploi et solidarit\u00e9s \u00bb de la direction r\u00e9gionale et interd\u00e9partementale de l'\u00e9conomie,\nde l'emploi, du travail et des solidarit\u00e9s d'\u00cele-de-France, charg\u00e9 de l'int\u00e9rim de l'emploi de directeur r\u00e9gional et interd\u00e9partemental de\nl'\u00e9conomie, de l'emploi, du travail et des solidarit\u00e9s d'\u00cele-de-France d'Ile-de-France,\npour nommer les agents de contr\u00f4le de la formation professionnelle commissionn\u00e9s \npour effectuer des contr\u00f4les au titre de la formation professionnelle continue, de l'apprentissage et \ndes op\u00e9rations cofinanc\u00e9es par le Fonds Social Europ\u00e9en\n58\nRectorat de la r\u00e9gion acad\u00e9mique\nd'Ile-de-France, rectorat de l'acad\u00e9mie de Paris\nIDF-2025-04-02-00003\nArr\u00eat\u00e9 n\u00b0 2025-037-RRA portant subd\u00e9l\u00e9gation\nde signature en mati\u00e8re d'ordonnancement\nsecondaire des budgets op\u00e9rationnels de\nprogrammes n\u00b0 150, 163, 214, 219, 362 et 363 et\nles unit\u00e9s op\u00e9rationnelles des programmes n\u00b0348\net 349\nRectorat de la r\u00e9gion acad\u00e9mique d'Ile-de-France, rectorat de l'acad\u00e9mie de Paris - IDF-2025-04-02-00003 - Arr\u00eat\u00e9 n\u00b0 2025-037-RRA\nportant subd\u00e9l\u00e9gation de signature en mati\u00e8re d'ordonnancement secondaire des budgets op\u00e9rationnels de programmes n\u00b0 150, 163,\n214, 219, 362 et 363 et les unit\u00e9s op\u00e9rationnelles des programmes n\u00b0348 et 349\n59\nes .REGION ACADEMIQUEILE-DE-FRANCELibert\u00e9Egalit\u00e9Fraternit\u00e9\n \n \n \n \n \nArr\u00eat\u00e9 n\u00b02025-37-RRA portant subd\u00e9l\u00e9gation de signature en mati\u00e8re d'ordonnancement \nsecondaires des budgets op\u00e9rationnels et unit\u00e9s op\u00e9rationnelles des programmes n\u00b0 150, 163, \n214, 219, 362, 348, 349 et 363   \n \nLA RECTRICE DE LA REGION ACADEMIQUE \u00ceLE-DE-FRANCE, \nRECTRICE DE L'ACAD\u00c9MIE DE PARIS \nCHANCELIERE DES UNIVERSIT\u00c9S DE PARIS  \nET D'\u00ceLE-DE-FRANCE \n \n \nVu la loi organique n\u00b02001-692 du 1er ao\u00fbt 2001 modifi\u00e9e relative aux lois de finances  ; \nVu le code de l'\u00e9ducation, et notamment ses articles R. 222-16-4, R 222-17, R. 222-20 et suivants ;  \nVu le code de la commande publique ; \nVu la loi n\u00b068 -1250 du 31 d\u00e9cembre 1968 modifi\u00e9e relative \u00e0 la prescription des cr\u00e9ances sur l'Etat, les \nd\u00e9partements, les communes et les \u00e9tablissements publics ; \nVu la loi n\u00b072 -619 du 5 juillet 1972 modifi\u00e9e portant cr\u00e9ation et organisation des r\u00e9gions, notamment son \narticle 21-1 ; \nVu la loi n\u00b082-213 du 2 mars 1982 modifi\u00e9e relative aux droits et libert\u00e9s des communes, des d\u00e9partements \net des r\u00e9gions, et notamment son article 34  ; \nVu le d\u00e9cret n\u00b098-81 du 11 f\u00e9vrier 1998 modifi\u00e9 ; \nVu le d\u00e9cret n\u00b099-89 du 8 f\u00e9vrier 1999 modifi\u00e9 pris pour l'application de l'article 3 du d\u00e9cret no 98-81 du 11 \nf\u00e9vrier 1998 ; \nVu le d\u00e9cret n\u00b02012-1246 du 7 novembre 2012 relatif \u00e0 la gestion budg\u00e9taire et comptable publique ; \nVu le d \u00e9cret n \u00b02019-1200 du 20 novembre 2019 relatif \u00e0 l'organisation des services d\u00e9concentr\u00e9s des \nministres charg\u00e9s de l'\u00e9ducation nationale et de l'enseignement sup\u00e9rieur, de la recherche et de \nl'innovation ; \nVu le d\u00e9cret n\u00b02020 -139 du 19 f\u00e9vrier 2020 modifiant certai nes dispositions relatives \u00e0 la pr\u00e9fecture de la \nr\u00e9gion d'\u00cele de France, pr\u00e9fecture de Paris ;  \nVu le d\u00e9cret du 22 juillet 2020 portant nomination de M. Marc GUILLAUME en qualit\u00e9 de pr\u00e9fet de la r\u00e9gion \nd'\u00cele-de-France, pr\u00e9fet de Paris ;  \nVu le d\u00e9cret du Pr \u00e9sident de la R\u00e9publique du 12 mars 2025 nommant Mme Julie BENETTI rectrice de la \nr\u00e9gion acad\u00e9mique Ile-de-France, rectrice de l'acad\u00e9mie de Paris ; \nVu l'arr\u00eat\u00e9 du 3 juillet 2009 portant r\u00e8glement de comptabilit\u00e9 pour la d\u00e9signation des ordonnateurs \nsecondaires et de leurs d\u00e9l\u00e9gu\u00e9s en ce qui concerne le minist\u00e8re de l'\u00e9ducation nationale ; \nRectorat de la r\u00e9gion acad\u00e9mique d'Ile-de-France, rectorat de l'acad\u00e9mie de Paris - IDF-2025-04-02-00003 - Arr\u00eat\u00e9 n\u00b0 2025-037-RRA\nportant subd\u00e9l\u00e9gation de signature en mati\u00e8re d'ordonnancement secondaire des budgets op\u00e9rationnels de programmes n\u00b0 150, 163,\n214, 219, 362 et 363 et les unit\u00e9s op\u00e9rationnelles des programmes n\u00b0348 et 349\n60\nVu l'arr\u00eat\u00e9 minist\u00e9riel du 22 d\u00e9cembre 2022 relatif aux r\u00e8gles de la comptabilit\u00e9 budg\u00e9taire de l'Etat pris en \napplication de l'article 54 du d\u00e9cret n\u00b0 2012-1246 du 7 novembre 2012 modifi\u00e9 relatif \u00e0 la gestion budg\u00e9taire \net comptable publique ; \nVu l'arr\u00eat\u00e9 interminist\u00e9riel en date du 31 janvier 2025 nommant M. Fabien OPPERMANN dans l'emploi de \nsecr\u00e9taire g\u00e9n\u00e9ral de la r\u00e9gion acad\u00e9mique \u00cele-de-France ; \nVu l'arr\u00eat\u00e9 n\u00b02025 -027 RRA du 27mars 2025 portant d\u00e9l\u00e9gation de signature au secr\u00e9taire g\u00e9n\u00e9ral de la \nr\u00e9gion acad\u00e9mique Ile-de-France ; \nVu l'arr\u00eat\u00e9 interminist\u00e9riel en date du 22 septembre 2023 nommant Mme Roxane LAVERGNE dans l'emploi \nde secr\u00e9taire g\u00e9n\u00e9rale adjointe de la r\u00e9gion acad\u00e9mique Ile-de-France ; \nVu l'arr\u00eat\u00e9 interminist\u00e9riel en date du 28 janvier 2025 portant affectation de M. Jacques de SURREL en tant \nque Directeur des affaires r\u00e9gionales et immobili\u00e8res de la r\u00e9gion acad\u00e9mique Ile-de-France ; \nVu l'arr\u00eat\u00e9 du pr\u00e9fet de la r\u00e9gion Ile-de-France n\u00b0 IDF-2025-03-26-00004 du 26 mars 2025 portant d\u00e9l\u00e9gation \nde signature \u00e0 Mme Julie BENETTI, rectrice de la r\u00e9gion acad\u00e9mique \u00cele-de-France, rectrice de l'acad\u00e9mie de \nParis, en mati\u00e8re d'ordonnancement secondaire ; \nVu l'arr\u00eat\u00e9 du pr\u00e9fet de la r\u00e9gion Ile-de-France n\u00b0 IDF-2025-03-26-00005 du 26 mars 2025 portant d\u00e9l\u00e9gation \nde signature \u00e0 Mme Julie BENETTI, rectrice de la r\u00e9gion acad\u00e9mique \u00cele-de-France, rectrice de l'acad\u00e9mie de \nParis, en mati\u00e8re d'ordonnancement secondaire sur les programmes de la mission \u00ab Plan de relance \u00bb ; \nVu l'arr\u00eat\u00e9 du pr\u00e9fet de la r\u00e9gion Ile-de-France n\u00b0 IDF-2025-03-26-00006 du 26 mars 2025 portant d\u00e9l\u00e9gation \nde signature \u00e0 Mme Julie BENETTI, rectrice de la r\u00e9gion acad\u00e9mique \u00cele-de-France, rectrice de l'acad\u00e9mie de \nParis, en mati\u00e8re d'o rdonnancement secondaire sur le  programme 348 \u00ab  performance et r\u00e9silience des \nb\u00e2timents de l4etat et de ses op\u00e9rateurs \u00bb ; \nVu la d\u00e9cision minist\u00e9rielle NOR MENF2036122S du 11 d\u00e9cembre 2020 et par laquelle le responsable de \nprogramme nomme le Recteur de la r\u00e9gion acad\u00e9mique \u00cele -de-France, Recteur de l'acad\u00e9mie de Paris en \nqualit\u00e9 de responsable de budget op\u00e9rationnel de programme et d'unit\u00e9s op\u00e9rationnelles des programmes \n\u00ab Soutien de la politique de l'\u00e9ducation nationale \u00bb (n\u00b0214) ; \nVu les d\u00e9cisions NOR MENF2033683S du 27 novembre 2020 et NOR MENV2406106S du 11 mars 2024 par \nlesquelles les responsables de programme s nomment le Recteur de la r\u00e9gion acad\u00e9mique \u00cele -de-France, \nRecteur de l'acad\u00e9mie de Paris en qualit\u00e9 de responsa ble des unit\u00e9s op\u00e9rationnelles des programmes \u00ab \nJeunesse et vie associative \u00bb (n\u00b0163) et \u00ab Sports \u00bb (n\u00b0219) ; \nVu la d\u00e9cision minist\u00e9rielle n\u00b0ESRF2036756S du 21 d\u00e9cembre 2020 par laquelle le responsable de programme \ndu minist\u00e8re de l'Enseignement sup\u00e9rieur, de la Recherche et de l'Innovation nomme le recteur de la r\u00e9gion \nacad\u00e9mique d'\u00cele -de-France, recteur de l'acad\u00e9mie de Paris en qualit\u00e9 de responsable de budget \nop\u00e9rationnel de programme et d'unit\u00e9s op\u00e9rationnelles du programme 150 \u00ab  Formations sup\u00e9rieures et \nrecherche universitaire \u00bb ; \nVu la convention entre le minist\u00e8re de l'enseignement sup\u00e9rieur et de l'insertion professionnelle et la r\u00e9gion \nacad\u00e9mique d'Ile-de-France relative \u00e0 la subd\u00e9l\u00e9gation de gestion et \u00e0 l'utilisation des cr\u00e9dits du programme \n362 \u00ab Ecologie \u00bb du Plan France Relance publi\u00e9 le 27 avril 2021 au recueil des actes administratifs sp\u00e9cial      \nn\u00b0 IDF-059-2021-04 de la pr\u00e9fecture de r\u00e9gion Ile-de-France ; \nVu la convention relative \u00e0 la d\u00e9l\u00e9gation de gestion et \u00e0 l'utilisation des cr\u00e9dits du programme 348 \n\u00ab Performance et r\u00e9silience des b\u00e2timents de l'Etat et de ses op\u00e9rateurs  \u00bb du 18 janvier 2024 entre le la \ndirection de l'immobilier de l'Etat (DIE) et le minist\u00e8re de l'Enseignement sup\u00e9rieur et de la Recherche ; \nVu la convention de d\u00e9l\u00e9gation de gestion du 6 juin 2024 entre le minist\u00e8re de l'enseignement sup\u00e9rieur et \nde la recherche et la r\u00e9gion acad\u00e9mique \u00cele-de-France relative \u00e0 la subd\u00e9l\u00e9gation de gestion et \u00e0 l'utilisation \ndes cr\u00e9dits du programme 348 \u00ab Performance et r\u00e9silience des b\u00e2timents de l'Etat et de ses op\u00e9rateurs \u00bb ; \nRectorat de la r\u00e9gion acad\u00e9mique d'Ile-de-France, rectorat de l'acad\u00e9mie de Paris - IDF-2025-04-02-00003 - Arr\u00eat\u00e9 n\u00b0 2025-037-RRA\nportant subd\u00e9l\u00e9gation de signature en mati\u00e8re d'ordonnancement secondaire des budgets op\u00e9rationnels de programmes n\u00b0 150, 163,\n214, 219, 362 et 363 et les unit\u00e9s op\u00e9rationnelles des programmes n\u00b0348 et 349\n61\nVu la convention de d\u00e9l\u00e9gation de gestion du 15 juillet 2024 entre le minist\u00e8re de de l'Education nationale \net de la Jeunesse et la r\u00e9gion acad\u00e9mique \u00cele-de-France relative \u00e0 la subd\u00e9l\u00e9gation de gestion et \n\u00e0 l'utilisation des cr\u00e9dits du programme 349 \u00ab Transformation publique \u00bb  \nVu la convention relative \u00e0 la d\u00e9l\u00e9gation de gestion et \u00e0 l'utilisation des cr\u00e9dits du programme 348 \n\u00ab Performance et r\u00e9silience des b\u00e2timents de l'Etat  et de ses op\u00e9rateurs  \u00bb du 18 janvi er 2024 entre le la \ndirection de l'immobilier de l'Etat (DIE) et le minist\u00e8re de l'Enseignement sup\u00e9rieur et de la Recherche ; \nVu la convention de d\u00e9l\u00e9gation de gestion du 6 juin 2024 entre le minist\u00e8re de l'enseignement sup\u00e9rieur et \nde la recherche et la r\u00e9gion acad\u00e9mique \u00cele-de-France relative \u00e0 la subd\u00e9l\u00e9gation de gestion et \u00e0 l'utilisation \ndes cr\u00e9dits du programme 348 \u00ab Performance et r\u00e9silience des b\u00e2timents de l'Etat et de ses op\u00e9rateurs \u00bb ; \nVu la d\u00e9cision, en date du 19 f\u00e9vrier 2021, portant nominati on de M. J\u00e9r\u00f4me CLAUZURE en qualit\u00e9 de chef \ndu service r\u00e9gional de l'immobilier de la r\u00e9gion acad\u00e9mique \u00cele-de-France ; \nVu l'arr\u00eat\u00e9 minist\u00e9riel en date du 8 d\u00e9cembre 2023 nommant Mme C\u00e9cile NICOL dans l'emploi de d\u00e9l\u00e9gu\u00e9e \nr\u00e9gionale acad\u00e9mique \u00e0 la jeunesse, \u00e0 l'engagement et aux sports de la r\u00e9gion acad\u00e9mique d'Ile-de-France ; \nVu le contrat de transformation (Plan de transformation \u00e9cologique de l'Etat pour des services publics \n\u00e9coresponsables) conclu entre le secr\u00e9taire g\u00e9n\u00e9ral du minist\u00e8re de l'Education nationale et de la Jeunesse \net le d\u00e9l\u00e9gu\u00e9 interminist\u00e9riel \u00e0 la transformation publique le 1er juillet 2024 ; \n \n \nARRETE \n \nARTICLE 1 \nEn cas d'absence ou d'emp\u00eachement de M. Fabien OPPERMANN, secr\u00e9taire g\u00e9n\u00e9ral de la r\u00e9gion \nacad\u00e9mique \u00cele-de-France, subd\u00e9l\u00e9gation de signature est donn\u00e9e \u00e0 Mme Roxane LAVERGNE, \nadjointe au secr\u00e9taire g\u00e9n\u00e9ral de la r\u00e9gion acad\u00e9mique \u00cele-de-France et \u00e0 M. Jacques de SURREL, \ndirecteur des affaires g\u00e9n\u00e9rales et immobili\u00e8res de la r\u00e9gion acad\u00e9mique \u00cele-de-France \u00e0 l'effet, \nsur les budgets op\u00e9rationnels de programme ci-apr\u00e8s, de recevoir et de mettre \u00e0 disposition les \ncr\u00e9dits et les emplois  ; r\u00e9partir ces cr\u00e9dits entre les unit\u00e9s op\u00e9rationnelles  et proc\u00e9der \u00e0 des \nr\u00e9allocations en cours d'exercice budg\u00e9taire ; proc\u00e9der \u00e0 l'ordonnancement secondaire : \n\uf0b7 \u00ab Formations sup\u00e9rieures et recherche universitaire \u00bb (n\u00b0150) \n\uf0b7  \u00ab Jeunesse et vie associative \u00bb (n\u00b0163)  \n\uf0b7  \u00ab Soutien de la politique de l'\u00e9ducation nationale \u00bb (n\u00b0214)  \n\uf0b7 \u00ab Sports \u00bb (n\u00b0219) ; \n\uf0b7 \u00ab France Relance \u2013 Ecologie \u00bb (n\u00b0362) \n\uf0b7 \u00ab France Relance \u2013 Comp\u00e9titivit\u00e9 \u00bb (n\u00b0363) \net de proc\u00e9der \u00e0 l'ordonnancement secondaire sur les unit\u00e9s op\u00e9rationnelles ci-apr\u00e8s : \n\uf0b7 \u00ab Performance et r\u00e9silience des b\u00e2timents de l'Etat et de ses op\u00e9rateurs \u00bb (n\u00b0348) \n\uf0b7  \u00ab Transformation publique \u00bb (n\u00b0349) \n \n  \nRectorat de la r\u00e9gion acad\u00e9mique d'Ile-de-France, rectorat de l'acad\u00e9mie de Paris - IDF-2025-04-02-00003 - Arr\u00eat\u00e9 n\u00b0 2025-037-RRA\nportant subd\u00e9l\u00e9gation de signature en mati\u00e8re d'ordonnancement secondaire des budgets op\u00e9rationnels de programmes n\u00b0 150, 163,\n214, 219, 362 et 363 et les unit\u00e9s op\u00e9rationnelles des programmes n\u00b0348 et 349\n62\nARTICLE 2 \nSubd\u00e9l\u00e9gation de signature est donn\u00e9e \u00e0 Mme Camalassoundary POMPEE, gestionnaire \nfinanci\u00e8re au service budg\u00e9taire et financier de la r\u00e9gion acad\u00e9mique \u00cele -de-France, \u00e0 Mme \nEmma LEON gestionnaire financi\u00e8re au service budg\u00e9taire et financier de la r\u00e9gion acad\u00e9mique \n\u00cele-de-France et \u00e0 M. St\u00e9phane BAYIG, contr\u00f4leur de gestion de la r\u00e9gion acad\u00e9mique \u00cele -de-\nFrance, \u00e0 l'effet, pour les cr\u00e9dits des budgets op\u00e9rationnels de programme \u00e9num\u00e9r\u00e9s \u00e0 l'article \n1, de recevoir et de mettre \u00e0 disposition les cr\u00e9dits et les emplois ; r\u00e9partir ces cr\u00e9dits entre les \nunit\u00e9s op\u00e9rationnelles et proc\u00e9der \u00e0 des r\u00e9allocations en cours d'exercice budg\u00e9taire. \nSubd\u00e9l\u00e9gation de signature est donn\u00e9e \u00e0 Mme Camalassoundary POMPEE, gestionna ire \nfinanci\u00e8re au service budg\u00e9taire et financier de la r\u00e9gion acad\u00e9mique \u00cele -de-France, \u00e0 Mme \nEmma LEON, gestionnaire financi\u00e8re au service budg\u00e9taire et financier de la r\u00e9gion acad\u00e9mique \n\u00cele-de-France et \u00e0 M. St\u00e9phane BAYIG, contr\u00f4leur de gestion de la r \u00e9gion acad\u00e9mique \u00cele -de-\nFrance, \u00e0 l'effet de valider les engagements juridiques, les demandes de paiement et de constater \nle service fait imput\u00e9s sur l'unit\u00e9 op\u00e9rationnelle de la r\u00e9gion acad\u00e9mique du BOP r\u00e9gional \n\u00ab Soutien de la politique de l'\u00e9ducation nationale \u00bb (n\u00b0214). \nARTICLE 3 \nSubd\u00e9l\u00e9gation de signature est donn\u00e9e \u00e0 Mme C\u00e9cile NICOL, d\u00e9l\u00e9gu\u00e9e r\u00e9gionale acad\u00e9mique \u00e0 \nla jeunesse, \u00e0 l'engagement et aux sports d'\u00cele-de-France ; \u00e0 Mme Alexandra NOEL, adjointe \u00e0 la \nd\u00e9l\u00e9gu\u00e9e r\u00e9gionale acad\u00e9mique \u00e0 la jeunesse, \u00e0 l'engagement et aux sports d'\u00cele -de-France ; \u00e0 \nMme Pauline CASADIO -LORETI, responsable du p\u00f4le fonctions support  et \u00e0 Mme Safia \nBENFERROUDJ, adjointe \u00e0 la cheffe du p\u00f4le fo nctions support , \u00e0 l'effet de proc\u00e9der \u00e0 \nl'ordonnancement secondaire des recettes et des d\u00e9penses imput\u00e9es sur l'unit\u00e9 op\u00e9rationnelle \nde la r\u00e9gio n acad\u00e9mique du BOP r\u00e9gional \u00ab S outien de la politique de l'\u00e9ducation nationale \u00bb \n(n\u00b0214) dans les limites des cr\u00e9dits notifi\u00e9s par le responsable d'unit\u00e9 op\u00e9rationnelle et des \nattributions de la d\u00e9l\u00e9gation r\u00e9gionale acad\u00e9mique \u00e0 la jeunesse, \u00e0 l'engagement et aux sports. \nSubd\u00e9l\u00e9gation de signature \u00e0 l'effet de constater les services faits imput\u00e9s sur l'unit\u00e9 \nop\u00e9rationnelle de la r\u00e9gion acad\u00e9mique du BOP r\u00e9gional \u00ab Soutien de la politique de l'\u00e9ducation \nnationale \u00bb (n\u00b0214) dans les limites des cr\u00e9dits notifi\u00e9s par le responsable d'unit\u00e9 op\u00e9rationnelle \net des attributions de la d\u00e9l\u00e9gation r\u00e9gionale acad\u00e9mique \u00e0 la je unesse, \u00e0 l'engagement et aux \nsports est donn\u00e9e \u00e0 Mme Alexandra NOEL, adjointe \u00e0 la d\u00e9l\u00e9gu\u00e9e r\u00e9gionale acad\u00e9mique \u00e0 la \njeunesse, \u00e0 l'engagement et aux sports d'\u00cele-de-France, ainsi qu'\u00e0 : \n\uf0a7 Mme Pauline CASADIO-LORETI, responsable du p\u00f4le fonctions support ; \n\uf0a7 Mme Safia BENFERROUDJ, adjointe \u00e0 la responsable du p\u00f4le fonctions support ; \n\uf0a7 Mme Kar\u00e8ne ROBICHON, gestionnaire financi\u00e8re ; \n\uf0a7 Mme Ikraame MEHHEL, gestionnaire financi\u00e8re ; \n\uf0a7 Mme Maryelle RIGAUD, gestionnaire financi\u00e8re. \n  \nRectorat de la r\u00e9gion acad\u00e9mique d'Ile-de-France, rectorat de l'acad\u00e9mie de Paris - IDF-2025-04-02-00003 - Arr\u00eat\u00e9 n\u00b0 2025-037-RRA\nportant subd\u00e9l\u00e9gation de signature en mati\u00e8re d'ordonnancement secondaire des budgets op\u00e9rationnels de programmes n\u00b0 150, 163,\n214, 219, 362 et 363 et les unit\u00e9s op\u00e9rationnelles des programmes n\u00b0348 et 349\n63\nARTICLE 4 \nSubd\u00e9l\u00e9gation de signature est donn\u00e9e \u00e0 M. Fran\u00e7ois GILLES, directeur r\u00e9gional acad\u00e9mique des \nsyst\u00e8mes d'information  ; \u00e0 Mme Isabelle TORDJMANN , adjointe au directeur r\u00e9gional \nacad\u00e9mique des syst\u00e8mes d'information en charge du p\u00f4le de Cr\u00e9teil ; \u00e0 M. Dominique CAGNON, \nadjoint au directeur r\u00e9gional acad\u00e9mique des syst\u00e8mes d'information en charge du p\u00f4le de Paris \n; \u00e0 Mme Marielle LEROY, adjointe au directeur r\u00e9gional acad\u00e9mique des syst\u00e8mes d'information \nen charge du p\u00f4le de Versailles :  \n\uf0a7 \u00e0 l'effet de proc\u00e9der \u00e0 l'ordonnancement secondaire des recettes et des d\u00e9penses imput\u00e9es \nsur l'unit\u00e9 op\u00e9rationnelle de la r\u00e9gion acad\u00e9mique du BOP r\u00e9gional \u00ab Soutien de la politique \nde l'\u00e9ducation nationale \u00bb (n\u00b0214) dans les limites des cr\u00e9dits notifi\u00e9s par le responsable \nd'unit\u00e9 op\u00e9rationnelle  et des attributions de la direction r\u00e9gionale acad\u00e9mique des \nsyst\u00e8mes d'information ; \n\uf0a7 \u00e0 l'effet de constater les services faits imput\u00e9s sur l'unit\u00e9 op\u00e9rationnelle de la r\u00e9gion \nacad\u00e9mique du BOP r\u00e9gional \u00ab Soutien de la politique de l'\u00e9ducation nationale \u00bb (n\u00b0214) \ndans les limites des cr\u00e9dits notifi\u00e9s par le responsable d'unit\u00e9 op\u00e9rationnelle et des \nattributions de la direction r\u00e9gionale acad\u00e9mique des syst\u00e8mes d'information. \nARTICLE 5 \nSubd\u00e9l\u00e9gation de signat ure est donn\u00e9e \u00e0 M. J\u00e9r\u00f4me CLAUZURE, chef du service r\u00e9gional \nimmobilier, et \u00e0 M. David SEROUL, adjoint au chef du service r\u00e9gional immobilier, dans les limites \nde leurs attributions, \u00e0 l'effet de proc\u00e9der \u00e0 l'ordonnancement secondaire des recettes et des \nd\u00e9penses imput\u00e9es sur les quatre unit\u00e9s op\u00e9rationnelles  du BOP r\u00e9gional \u00ab S outien de la \npolitique de l'\u00e9ducation nationale \u00bb (n\u00b0214) dans les limites des cr\u00e9dits notifi\u00e9s par le responsable \nd'unit\u00e9 op\u00e9rationnelle et des attributions du service r\u00e9gional de l'immobilier . \nCette m\u00eame subd\u00e9l\u00e9gation est donn\u00e9e, dans la limite de leurs attributions respectives, \u00e0  l'effet \nde certifier le s services faits imput\u00e9s sur les quatre unit\u00e9s op\u00e9rationnelles rattach\u00e9es au BOP \nr\u00e9gional \u00ab Soutien de la politique de l'\u00e9ducation nationale \u00bb (n\u00b0214) dans les limites des cr\u00e9dits \nnotifi\u00e9s par le responsable d'unit\u00e9 op\u00e9rationnelle et des attributions du service r\u00e9gional de \nl'immobilier \u00e0 : \n\uf0a7 Mme Catherine SALANIE, chef du p\u00f4le de Paris ; \n\uf0a7 M. Alain OKERMAN, adjoint au chef du p\u00f4le de Paris ; \n\uf0a7 Mme. Karine TIETZ, cheffe du p\u00f4le de Versailles ; \n\uf0a7 M. Nicolas BUSSEREAU, chef du p\u00f4le de Cr\u00e9teil ; \n\uf0a7 M. Arthur LE COURBE, adjoint au chef du p\u00f4le de Cr\u00e9teil ; \n\uf0a7 M. Luigi PUCCI, adjoint au chef du p\u00f4le de Cr\u00e9teil. \nARTICLE 6: \nSubd\u00e9l\u00e9gation de signature est donn\u00e9e  \u00e0 M. J\u00e9r\u00f4me CLAUZURE, chef du service r\u00e9gional \nimmobilier, dans les limites de ses attributions, \u00e0 l'effet de proc\u00e9der \u00e0 l'ordonnancement \nsecondaire des recettes et des d\u00e9penses imput\u00e9es sur les quatre unit\u00e9s op\u00e9rationnelles du BOP \nr\u00e9gional \u00ab Formations sup\u00e9rieures et recherche universitaire \u00bb (n\u00b0150) dans la limite d'un \nmontant de 750 000 \u20ac au titre des d\u00e9penses de fonctionnement (titre 3) et dans la limite d'un \nmontant de 5 000 000 \u20ac au titre des d\u00e9penses d'investissement (titre 5) et au titre des d\u00e9penses \nd'op\u00e9rations financi\u00e8res (titre 7). \nCette m\u00eame subd\u00e9l\u00e9gation est donn\u00e9e, dans la limite de leurs attributions respectives, \u00e0  l'effet \nde proc\u00e9der \u00e0 l'ordonnancement secondaire des recettes et des d\u00e9penses imput\u00e9es sur les \nRectorat de la r\u00e9gion acad\u00e9mique d'Ile-de-France, rectorat de l'acad\u00e9mie de Paris - IDF-2025-04-02-00003 - Arr\u00eat\u00e9 n\u00b0 2025-037-RRA\nportant subd\u00e9l\u00e9gation de signature en mati\u00e8re d'ordonnancement secondaire des budgets op\u00e9rationnels de programmes n\u00b0 150, 163,\n214, 219, 362 et 363 et les unit\u00e9s op\u00e9rationnelles des programmes n\u00b0348 et 349\n64\nquatre unit\u00e9s op\u00e9rationnelles  du BOP r\u00e9gional \u00ab Formations sup\u00e9rieures et recherche \nuniversitaire \u00bb (n\u00b0150) dans la limite d'un montant de 500 000 \u20ac au titre des d\u00e9penses de \nfonctionnement (titre 3) et dans la limite d'un montant de 3 000 000 \u20ac au titre des d\u00e9penses \nd'investissement (titre 5) et au titre des d\u00e9penses d'op\u00e9rations financi\u00e8res (titre 7) \u00e0 :  \n- Mme Catherine SALANIE, chef du p\u00f4le de Paris ; \n- M. Alain OKERMAN, adjoint au chef du p\u00f4le de Paris ; \n- Mme. Karine TIETZ, cheffe du p\u00f4le de Versailles ; \n- M. Nicolas BUSSEREAU, chef du p\u00f4le de Cr\u00e9teil ; \n- M. Arthur LE COURBE, adjoint au chef du p\u00f4le de Cr\u00e9teil \n- M. Luigi PUCCI, adjoint au chef du p\u00f4le de Cr\u00e9teil. \nARTICLE 7 \nSubd\u00e9l\u00e9gation de signature est donn\u00e9e \u00e0 Mme C\u00e9cile NICOL, d\u00e9l\u00e9gu\u00e9e r\u00e9gionale acad\u00e9mique \u00e0 \nla jeunesse, \u00e0 l'engagement et aux sports d'\u00cele-de-France ; \u00e0 Mme Alexandra NOEL, adjointe \u00e0 la \nd\u00e9l\u00e9gu\u00e9e r\u00e9gionale acad\u00e9mique \u00e0 la jeunesse, \u00e0 l'engagemen t et aux sports d'\u00cel e-de-France ; \nMme Pauline CASADIO -LORETI, responsable du p\u00f4le fonctions support, \u00e0 l'effet de proc\u00e9der \u00e0 \nl'ordonnancement secondaire des recettes et des d\u00e9penses imput\u00e9es sur les unit\u00e9s \nop\u00e9rationnelles de la r\u00e9gion acad\u00e9mique des BOP r\u00e9gionaux \u00ab Jeunesse e t vie associative  \u00bb \n(n\u00b0163) et \u00ab Sport \u00bb (n\u00b0219). \nCette m\u00eame subd\u00e9l\u00e9gation est donn\u00e9e, dans la limite de leurs attributions respectives, \u00e0 : \n\uf0a7 Mme Virginie THOBOR, responsable du p\u00f4le sport sur l'UO \u00ab Sport \u00bb (n\u00b0219) ; \n\uf0a7 M. Farid MEBARKI, responsable du p\u00f4le jeunesse, engagement et SNU sur l'UO \u00ab  Jeunesse et \nvie associative \u00bb (n\u00b0163) ;  \n\uf0a7 Mme Isabelle MARTIN , responsable du p\u00f4le formation -certification sur les UO \u00ab Sport \u00bb \n(n\u00b0219), et \u00ab Jeunesse et vie associative \u00bb (n\u00b0163) ; \n \nSubd\u00e9l\u00e9gation de signature est donn\u00e9e \u00e0 Mme C\u00e9cile NICOL, d\u00e9l\u00e9gu\u00e9e r\u00e9gionale acad\u00e9mique \u00e0 \nla jeunesse, \u00e0 l'engagement et aux sports d'\u00cele-de-France, subd\u00e9l\u00e9gation de signature \u00e0 l'effet \nde valider les engagements juridiques, les demandes de paiement et de certifier le service fait \nimput\u00e9s sur les unit\u00e9s op\u00e9rationnelles de la r\u00e9gion acad\u00e9mique des BOP r\u00e9gionaux \u00ab Jeunesse \net vie associative \u00bb (n\u00b0163) et \u00ab Sport \u00bb (n\u00b0219) est donn\u00e9e \u00e0 Mme Alexandra NOEL, adjointe \u00e0 \nla d\u00e9l\u00e9gu\u00e9e r\u00e9gionale acad\u00e9mique \u00e0 la jeunesse, \u00e0 l'engagement et aux sports d'\u00cele-de-France, \nainsi qu'\u00e0 : \n\uf0a7 Mme Pauline CASADIO-LORETI, responsable du p\u00f4le fonctions support ; \n\uf0a7 Mme Safia BENFERROUDJ, adjointe \u00e0 la responsable du p\u00f4le fonctions support ; \n\uf0a7 Mme Kar\u00e8ne ROBICHON, gestionnaire financi\u00e8re ; \n\uf0a7 Mme Ikraame MEHHEL, gestionnaire financi\u00e8re ; \n\uf0a7 Mme Maryelle RIGAUD, gestionnaire financi\u00e8re. \n \n  \nRectorat de la r\u00e9gion acad\u00e9mique d'Ile-de-France, rectorat de l'acad\u00e9mie de Paris - IDF-2025-04-02-00003 - Arr\u00eat\u00e9 n\u00b0 2025-037-RRA\nportant subd\u00e9l\u00e9gation de signature en mati\u00e8re d'ordonnancement secondaire des budgets op\u00e9rationnels de programmes n\u00b0 150, 163,\n214, 219, 362 et 363 et les unit\u00e9s op\u00e9rationnelles des programmes n\u00b0348 et 349\n65\nARTICLE 8 \nSubd\u00e9l\u00e9gation est donn\u00e9e \u00e0 M. J\u00e9r\u00f4me CLAUZURE, chef du service r\u00e9gional de l'immobilier de \nla r\u00e9gion acad\u00e9mique \u00cele-de-France, et \u00e0 M. David SEROUL, adjoint au chef du service r\u00e9gional \nde l'immobilier de la r\u00e9gion acad\u00e9mique \u00cele-de-France, dans la limite de leurs attributions, \u00e0 \nl'effet de proc\u00e9der \u00e0 l'ordonnancement secondaire des recettes et des d\u00e9penses relatives au \nprogramme 348 \u00ab Performance et r\u00e9silience des b\u00e2timents de l'Etat et de ses op\u00e9rateurs \u00bb et \nau programme 349 \u00ab Transformation publique\u00bb. \nCette m\u00eame d\u00e9l\u00e9gation est donn\u00e9e, dans la limite de leurs attributions, \u00e0 : \n\uf0a7 Mme Catherine SALANIE, chef du p\u00f4le de Paris, et M. Alain OKERMAN, son adjoint ;  \n\uf0a7 Mme Karine TIETZ, cheffe du p\u00f4le de Versailles ; \n\uf0a7 M. Nicolas BUSSEREAU, chef du p\u00f4le de Cr\u00e9teil, M. Luigi PUCCI et M. Arthur LE \nCOURBE, ses adjoints. \nARTICLE 9 \nL'arr\u00eat\u00e9 n\u00b02025 -017-RRA portant subd\u00e9l\u00e9gation de signature en mati\u00e8re d'ordonnancement \nsecondaires des budgets op\u00e9rationnels de programmes n\u00b0 150, 163, 214, 219, 362 et 363 et les \nunit\u00e9s op\u00e9rationnelles des programmes n\u00b0348 et 349 du 14 f\u00e9vrier 2025 est abrog\u00e9. \nARTICLE 10 \nLe secr\u00e9taire g\u00e9n\u00e9ral de la r\u00e9gion acad\u00e9mique Ile-de-France est charg\u00e9 de l'ex\u00e9cution du pr\u00e9sent \narr\u00eat\u00e9 qui sera publi\u00e9 au recueil des actes administratifs de la pr\u00e9fecture de r\u00e9gion d'Ile-de-France. \n \n \n \n \nFait \u00e0 Paris, le 2 avril 2025 \n \n \nLa rectrice de la r\u00e9gion acad\u00e9mique d'\u00cele-de-France, \nRectrice de l'acad\u00e9mie de Paris, \nChanceli\u00e8re des universit\u00e9s de Paris et d'\u00cele-de France \n \n \nSign\u00e9 \n \nJulie BENETTI \n \n \nRectorat de la r\u00e9gion acad\u00e9mique d'Ile-de-France, rectorat de l'acad\u00e9mie de Paris - IDF-2025-04-02-00003 - Arr\u00eat\u00e9 n\u00b0 2025-037-RRA\nportant subd\u00e9l\u00e9gation de signature en mati\u00e8re d'ordonnancement secondaire des budgets op\u00e9rationnels de programmes n\u00b0 150, 163,\n214, 219, 362 et 363 et les unit\u00e9s op\u00e9rationnelles des programmes n\u00b0348 et 349\n66\nRectorat de la r\u00e9gion acad\u00e9mique\nd'Ile-de-France, rectorat de l'acad\u00e9mie de Paris\nIDF-2025-04-02-00004\nArr\u00eat\u00e9 n\u00b0 2025-038-RRA portant subd\u00e9l\u00e9gation\nde signature en mati\u00e8re d'achats publics\nRectorat de la r\u00e9gion acad\u00e9mique d'Ile-de-France, rectorat de l'acad\u00e9mie de Paris - IDF-2025-04-02-00004 - Arr\u00eat\u00e9 n\u00b0 2025-038-RRA\nportant subd\u00e9l\u00e9gation de signature en mati\u00e8re d'achats publics 67\nww .REGION ACADEMIQUEILE-DE-FRANCELibert\u00e9Egalit\u00e9Fraternit\u00e9\n \n1 \n                                                          \n \n \n \n \n \n \n \n \n \n \n \n \nArr\u00eat\u00e9 n\u00b02025-038-RRA portant subd\u00e9l\u00e9gation \nde signature en mati\u00e8re d'achats publics \n \nLA RECTRICE DE LA REGION ACADEMIQUE \u00ceLE-DE-FRANCE, \n RECTRICE DE L'ACAD\u00c9MIE DE PARIS \nCHANCELIERE DES UNIVERSIT\u00c9S DE PARIS  \nET D'\u00ceLE-DE-FRANCE \n \n \nVu la loi organique n\u00b02001-692 du 1er ao\u00fbt 2001 modifi\u00e9e relative aux lois de finances ;  \nVu le code de l'\u00e9ducation, notamment les articles R.222-17 et R. 222-24-2 ; \nVu le code de la commande publique ; \nVu la loi n\u00b072-619 du 5 juillet 1972 modifi\u00e9e portant cr\u00e9ation et organisation des r\u00e9gions, notamment son \narticle 21-1 ; \nVu le d\u00e9cret du Pr\u00e9sident de la R\u00e9publique du 12 mars 2025 nommant Mme Julie BENETTI rectrice de la \nr\u00e9gion acad\u00e9mique Ile-de-France, rectrice de l'acad\u00e9mie de Paris ; \nVu le d\u00e9cret n\u00b02004-374 du 29 avril 2004 modifi\u00e9 relatif aux pouvoirs des pr\u00e9fets, \u00e0 l'organisation et \u00e0 \nl'action des services de l'Etat dans les r\u00e9gions et d\u00e9partements, et notamment les articles 37-1 et 69-5 ; \nVu le d\u00e9cret n\u00b02010-687 du 24 juin 2010 modifi\u00e9 relatif \u00e0 l'organisation et aux missions des  services de \nl'Etat dans la r\u00e9gion et les d\u00e9partements d'Ile-de-France ; \nVu le d\u00e9cret n\u00b02012-1246 du 7 novembre 2012 relatif \u00e0 la gestion budg\u00e9taire et comptable publique ; \nVu le d\u00e9cret n\u00b02019 -1200 du 20 novembre 2019 relatif \u00e0 l'organisation des services d\u00e9concentr\u00e9s des \nministres charg\u00e9s de l'\u00e9ducation nationale  et de l'enseignement sup\u00e9rieur, de la recherche et de \nl'innovation ; \nVu l'arr\u00eat\u00e9 minist\u00e9riel du 22 d\u00e9cembre 2022 relatif aux r\u00e8gles de la comptabilit\u00e9 budg\u00e9taire de l'Etat pris \nen application de l'article 54 du d\u00e9cret n\u00b0 2012 -1246 du 7 novembre 2012 modif i\u00e9 relatif \u00e0 la gestion \nbudg\u00e9taire et comptable publique ; \nVu l'arr\u00eat\u00e9 interminist\u00e9riel en date du 31 janvier 2025 nommant M. Fabien OPPERMANN dans l'emploi de \nsecr\u00e9taire g\u00e9n\u00e9ral de la r\u00e9gion acad\u00e9mique Ile-de-France ; \nVu l'arr\u00eat\u00e9 n\u00b02025-027-RRA du 27 mars 2025 portant d\u00e9l\u00e9gation de signature au secr\u00e9taire g\u00e9n\u00e9ral de la \nr\u00e9gion acad\u00e9mique Ile-de-France ; \nVu l'arr\u00eat\u00e9 interminist\u00e9riel en date du 22 septembre 2023 nommant Mme Roxane LAVERGNE dans \nl'emploi d'adjointe \u00e0 la secr\u00e9taire g\u00e9n\u00e9rale de la r\u00e9gion acad\u00e9mique Ile-de-France ; \nVu l'arr\u00eat\u00e9 interminist\u00e9riel en date du 28 janvier 2025 portant affectation de M. Jacques de SURREL en \ntant que Directeur des affaires r\u00e9gionales et immobili\u00e8res de la r\u00e9gion acad\u00e9mique Ile-de-France ; \n \nRectorat de la r\u00e9gion acad\u00e9mique d'Ile-de-France, rectorat de l'acad\u00e9mie de Paris - IDF-2025-04-02-00004 - Arr\u00eat\u00e9 n\u00b0 2025-038-RRA\nportant subd\u00e9l\u00e9gation de signature en mati\u00e8re d'achats publics 68\n \n2 \nVu l'arr\u00eat\u00e9 minist\u00e9riel du 8 d\u00e9cembre 2023 portant nomination de Mme C\u00e9cile NICOL dans l'emploi de \nd\u00e9l\u00e9gu\u00e9e r\u00e9gionale acad\u00e9mique \u00e0 la jeunesse, \u00e0 l'engagement et aux sports d'\u00cele-de-France ; \nVu l'arr\u00eat\u00e9 n\u00b02024 -027-RRA du 21 mars 2024 portant nomination de M. Daniel YALCIN chef du service \nr\u00e9gional des achats de la r\u00e9gion acad\u00e9mique \u00cele-de-France ; \nVu l'arr\u00eat\u00e9 du pr\u00e9fe t de la r\u00e9gion Ile -de-France n\u00b0 IDF 2025-03-26-00004 du 26 mars 2025  portant \nd\u00e9l\u00e9gation de signature \u00e0 Mme Julie BENETTI, rectrice de la r\u00e9gion acad\u00e9mique \u00cele-de-France, rectrice de \nl'acad\u00e9mie de Paris, en mati\u00e8re d'ordonnancement secondaire ; \nVu la d\u00e9cision, en date du 19 f\u00e9vrier 2021, portant nomination de M. J\u00e9r\u00f4me CLAUZURE chef du service \nr\u00e9gional de l'immobilier de la r\u00e9gion acad\u00e9mique \u00cele-de-France ;  \n \nARRETE \n \nARTICLE 1 : \nSubd\u00e9l\u00e9gation de signature est donn\u00e9e \u00e0 M. Fabien OPPERMANN, secr\u00e9taire g\u00e9n\u00e9rale adjoint \nde la r\u00e9gion acad\u00e9mique \u00cele-de-France, \u00e0 l'effet de signer toutes les pi\u00e8ces relatives : \n- \u00e0 la passation et \u00e0 l'ex\u00e9cution des accords-cadres et des march\u00e9s publics y compris les arr\u00eat\u00e9s \nrelatifs \u00e0 la composition et au mode de fonctionnement des jurys de concours ; \n- \u00e0 la constatation du service fait \nARTICLE 2 : \nSubd\u00e9l\u00e9gation de signature est donn\u00e9e \u00e0 Mme Roxane LAVERGNE, secr\u00e9taire g\u00e9n\u00e9rale adjointe \nde la r\u00e9gion acad\u00e9mique \u00cele-de-France, \u00e0 l'effet de signer toutes les pi\u00e8ces relatives : \n- \u00e0 la passation et \u00e0 l'ex\u00e9cution des accords-cadres et des march\u00e9s publics y compris les arr\u00eat\u00e9s \nrelatifs \u00e0 la composition et au mode de fonctionnement des jurys de concours ; \n- \u00e0 la constatation du service fait. \nARTICLE 3 : \nSubd\u00e9l\u00e9gation de signature est donn\u00e9e \u00e0 M. Jacques de SURREL, directeur des affaires g\u00e9n\u00e9rales \net immobili\u00e8res, \u00e0 l'effet de signer toutes les pi\u00e8ces relatives \u00e0 la passation et \u00e0 l'ex\u00e9cution des \naccords-cadres et des march\u00e9s publics et \u00e0 la constatation du service fait. \nARTICLE 4 : \nSubd\u00e9l\u00e9gation de signature est donn\u00e9e \u00e0 M. Daniel YALCIN, chef du service r\u00e9gional des achats, \n\u00e0 l'effet de signer les pi\u00e8ces relatives : \n- \u00e0 la passation, \u00e0 l'ex\u00e9cution et \u00e0 la constatation du service fait des accords -cadres et des \nmarch\u00e9s publics de fournitures et de services inf\u00e9rieurs \u00e0 90 000 \u20ac HT et de travaux inf\u00e9rieurs \u00e0 \n300 000 \u20ac HT ; \n- \u00e0 l'ex\u00e9cution, \u00e0 l'exception des avenants et d\u00e9cisions de r\u00e9siliation, et \u00e0 la constatation du \nservice fait des accords-cadres et des march\u00e9s publics. \nARTICLE 5 : \nSubd\u00e9l\u00e9gation de signature est donn\u00e9e  \u00e0 M. J\u00e9r\u00f4me CLAUZURE, chef du service r\u00e9gional \nimmobilier, et \u00e0 M. David SEROUL, adjoint au chef du service r\u00e9gional immobilier, dans les \nlimites de leurs attributions, \u00e0 l'effet de signer les pi\u00e8ces relatives :  \nRectorat de la r\u00e9gion acad\u00e9mique d'Ile-de-France, rectorat de l'acad\u00e9mie de Paris - IDF-2025-04-02-00004 - Arr\u00eat\u00e9 n\u00b0 2025-038-RRA\nportant subd\u00e9l\u00e9gation de signature en mati\u00e8re d'achats publics 69\n \n3 \n- \u00e0 la passation , \u00e0 l'ex\u00e9cution et \u00e0 la constatation du service fait des accords -cadres et des \nmarch\u00e9s publics de travaux inf\u00e9rieurs \u00e0 1 000 000 \u20ac HT et de fournitures et services inf\u00e9rieurs \u00e0 \n90 000 \u20ac HT ; \n- \u00e0 l'ex\u00e9cution, \u00e0 l'exception des avenants et d\u00e9cisions de r\u00e9siliation, et \u00e0 la constatation du \nservice fait des accords -cadres et des march\u00e9s publics de travaux sup\u00e9rieurs \u00e0 1  000 000 \u20ac HT \net de fournitures et services sup\u00e9rieurs \u00e0 90 000 \u20ac HT. \nEn cas d'absen ce ou d'emp\u00eachement de M. J\u00e9r\u00f4me CLAUZURE, chef du service r\u00e9gional \nimmobilier, et de M. David SEROUL, adjoint au chef du service r\u00e9gional immobilier , \nsubd\u00e9l\u00e9gation de signature est donn\u00e9e, dans les limites de leurs attributions, \u00e0 l'effet de signer \nles pi\u00e8ces relatives : \n- \u00e0 la passation , \u00e0 l'ex\u00e9cution et \u00e0 la constatation du service fait des accords -cadres et des \nmarch\u00e9s publics de travaux inf\u00e9rieurs \u00e0 500  000 \u20ac HT et de fournitures et services  inf\u00e9rieurs \u00e0 \n90 000 \u20ac HT ; \n- \u00e0 l'ex\u00e9cution, \u00e0 l'exception des  avenants et d\u00e9cisions de r\u00e9siliation, et \u00e0 la constatation du \nservice fait des accords-cadres et des march\u00e9s publics de travaux sup\u00e9rieurs \u00e0 500  000 \u20ac HT et \nde fournitures et services sup\u00e9rieurs \u00e0 90 000 \u20ac HT. \n\u00e0 : \n- Mme Catherine SALANIE, chef du p\u00f4le de Paris, et M. Alain OKERMAN, son adjoint ;  \n- Mme Karine TIETZ, chef du p\u00f4le de Versailles ; \n- M. Nicolas BUSSEREAU, chef du p\u00f4le de Cr\u00e9teil, M. Arthur LE COURBE et M. Luigi PUCCI , ses \nadjoints. \nARTICLE 6 : \nSubd\u00e9l\u00e9gation de signature est donn\u00e9e \u00e0 Mme C\u00e9cile NICOL, d\u00e9l\u00e9gu\u00e9e r\u00e9gionale acad\u00e9mique \u00e0 \nla jeunesse, \u00e0 l'engagement et aux sports d'\u00cele-de-France et Mme Alexandra NO\u00cbL, adjointe \u00e0 la \nd\u00e9l\u00e9gu\u00e9e r\u00e9gionale acad\u00e9mique \u00e0 la jeunesse, \u00e0 l'engagement et aux sports d'Ile-de-France, dans \nles limites de leurs attributions, \u00e0 l'effet de signer les pi\u00e8ces relatives : \n- \u00e0 la passation des march\u00e9s publics inf\u00e9rieurs \u00e0 40 000 \u20ac HT ; \n- \u00e0 l'ex\u00e9cution, \u00e0 l'exception des avenants et d\u00e9cisions de r\u00e9siliation, et \u00e0 la constatation du \nservice fait des accords -cadres et des mar ch\u00e9s publics de fournitures courantes et de services \nainsi que des march\u00e9s publics de prestations intellectuelles sup\u00e9rieurs \u00e0 40 000 \u20ac HT. \nARTICLE 7 : \nSubd\u00e9l\u00e9gation de signature est donn\u00e9e \u00e0 M. Fran\u00e7ois GILLES, directeur r\u00e9gional acad\u00e9mique des \nsyst\u00e8mes d'information, dans les limites de ses attributions, \u00e0 l'effet de signer les pi\u00e8ces \nrelatives : \nRectorat de la r\u00e9gion acad\u00e9mique d'Ile-de-France, rectorat de l'acad\u00e9mie de Paris - IDF-2025-04-02-00004 - Arr\u00eat\u00e9 n\u00b0 2025-038-RRA\nportant subd\u00e9l\u00e9gation de signature en mati\u00e8re d'achats publics 70\n \n4 \n- \u00e0 la passation des march\u00e9s publics inf\u00e9rieurs \u00e0 40 000 \u20ac HT ; \n- \u00e0 l'ex\u00e9cution, \u00e0 l'exception des avenants et d\u00e9cisions de r\u00e9siliation, et \u00e0 la constatation du  \nservice fait des accords -cadres et des march\u00e9s publics de fournitures courantes et de services \nainsi que des march\u00e9s publics de prestations intellectuelles sup\u00e9rieurs \u00e0 40 000 \u20ac HT. \nARTICLE 8 : \nL'arr\u00eat\u00e9 n\u00b02025-013-RRA du 7 f\u00e9vrier 2025 portant subd\u00e9l\u00e9gation de signature en mati\u00e8re \nd'achats publics est abrog\u00e9. \n \nARTICLE 9 : \nLe secr\u00e9taire g\u00e9n\u00e9ral de la r\u00e9gion acad\u00e9mique \u00cele-de-France est charg\u00e9 de l'ex\u00e9cution du pr\u00e9sent \narr\u00eat\u00e9 qui sera publi\u00e9 au recueil des actes administratifs de la pr\u00e9fecture de r\u00e9gion d'\u00cele-de-\nFrance, pr\u00e9fecture de Paris. \n \n \nFait \u00e0 Paris, le 2 avril 2025 \n \n \nLa rectrice de la r\u00e9gion acad\u00e9mique d'\u00cele-de-France, \nRectrice de l'acad\u00e9mie de Paris, \nChanceli\u00e8re des universit\u00e9s de Paris et d'\u00cele-de France \n \nSign\u00e9 \n \n \nJulie BENETTI \nRectorat de la r\u00e9gion acad\u00e9mique d'Ile-de-France, rectorat de l'acad\u00e9mie de Paris - IDF-2025-04-02-00004 - Arr\u00eat\u00e9 n\u00b0 2025-038-RRA\nportant subd\u00e9l\u00e9gation de signature en mati\u00e8re d'achats publics 71","date":"2025-04-04","first_seen_on":"2025-04-04T16:41:32+00:00","id":"18116f55171fb1e2da1e286d7626a88c5a55e8946ca3b90e6dfd5134cc37f536","name":"recueilDS-idf-011-2025-04-recueil-des-actes-administratifs-special du 04.04.2025","pdf_creation_date":"2025-04-04T14:16:30+00:00","pdf_modification_date":null,"timezone":"Europe/Paris","url":"https://www.prefectures-regions.gouv.fr/ile-de-france/irecontenu/telechargement/126802/936372/file/recueilDS-idf-011-2025-04-recueil-des-actes-administratifs-special%20du%2004.04.2025.pdf"}
