{"administration":"prefidf","administration_name":"Pr\u00e9fecture de la r\u00e9gion \u00cele-de-France","content":"PREFECTURE\nREGION ILE DE\nFRANCE\nRECUEIL DES ACTES\nADMINISTRATIFS SP\u00c9CIAL\n(NOMINATIFS)\nN\u00b0IDF-019-2025-12\nPUBLI\u00c9 LE  5 D\u00c9CEMBRE 2025\nSommaire\nDirection r\u00e9gionale et interd\u00e9partementale de l'\u00e9conomie, de l'emploi,\ndu travail et des solidarit\u00e9s d'\u00cele-de-France /\nIDF-2025-12-05-00004 - Arr\u00eat\u00e9 pr\u00e9fectoral modifiant l'arr\u00eat\u00e9 n\u00b0\nIDF-2025-04-30-00006 du 30 avril 2025 portant composition, nomination et\nmodalit\u00e9s de vote au sein du comit\u00e9 r\u00e9gional pour l'emploi\nd'Ile-de-France et de son bureau (14 pages) Page 3\n2\nDirection r\u00e9gionale et interd\u00e9partementale de\nl'\u00e9conomie, de l'emploi, du travail et des\nsolidarit\u00e9s d'\u00cele-de-France\nIDF-2025-12-05-00004\nArr\u00eat\u00e9 pr\u00e9fectoral modifiant l'arr\u00eat\u00e9 n\u00b0\nIDF-2025-04-30-00006 du 30 avril 2025 portant\ncomposition, nomination et modalit\u00e9s de vote\nau sein du comit\u00e9 r\u00e9gional pour l'emploi\nd'Ile-de-France et de son bureau\nDirection r\u00e9gionale et interd\u00e9partementale de l'\u00e9conomie, de l'emploi, du travail et des solidarit\u00e9s d'\u00cele-de-France -\nIDF-2025-12-05-00004 - Arr\u00eat\u00e9 pr\u00e9fectoral modifiant l'arr\u00eat\u00e9 n\u00b0 IDF-2025-04-30-00006 du 30 avril 2025 portant composition,\nnomination et modalit\u00e9s de vote au sein du comit\u00e9 r\u00e9gional pour l'emploi d'Ile-de-France et de son bureau\n3\nE =PR\u00c9FETDE LA R\u00c9GIOND'\u00ceLE-DE-FRANCELibert\u00e9EguliceFrateruit\u00e9\nDRIEETS d'\u00cele-de-France \n32 rue Jean JAURES \n93200 SAINT-DENIS \nhttps://idf.drieets.gouv.fr/ \n \n \nDirection r\u00e9gionale et interd\u00e9partementale \nde l'\u00e9conomie, de l'emploi, du travail  \net des solidarit\u00e9s d'\u00cele-de-France \n \n \n \n \n \n \nArr\u00eat\u00e9 pr\u00e9fectoral \n \nmodifiant l'arr\u00eat\u00e9 n\u00b0  IDF-2025-04-30-00006 du 30 avril 2025 portant composition, \nnomination et modalit\u00e9s de vote au sein du comit\u00e9 r\u00e9gional pour l'emploi d'Ile-de-France \net de son bureau \n \n \nLe pr\u00e9fet de la r\u00e9gion d'\u00cele-de-France, \nPr\u00e9fet de Paris, \nGrand officier de la L\u00e9gion d'honneur, \nOfficier de l'ordre national du M\u00e9rite. \n \n \n \nVu le code des relations entre le public et l'administration, notamment son article L. 411-2 ;  \n \nVu le code du travail, notamment ses articles L. 53 11-10, L. 6123-3 et suivants et R6123-3-3 et \nsuivants ; \n \nVu l'arr\u00eat\u00e9 n\u00b0 IDF-2025-04-30-00006 du 30 avril 202 5 portant composition, nomination et \nmodalit\u00e9s de vote au sein du comit\u00e9 r\u00e9gional pour l'emploi d'\u00cele-de-France et de son bureau \n \nVu la lettre n\u00b0  VP/LLB/D25- 6842 du 3 novembre 2025 de la pr\u00e9sident e du conseil r\u00e9gional d'\u00cele-\nde-France d\u00e9signant Madame Yasmine CAMARA, vice-pr\u00e9 sidente d\u00e9l\u00e9gu\u00e9e \u00e0 l'emploi et \u00e0 la \nformation en qualit\u00e9 de co-pr\u00e9sidente du comit\u00e9 et du bureau du comit\u00e9 r\u00e9gional de l'emploi et \nd\u00e9signant ses repr\u00e9sentants pour repr\u00e9senter le Con seil r\u00e9gional au bureau du comit\u00e9 r\u00e9gional \npour l'emploi ainsi que ceux pour repr\u00e9senter le Co nseil r\u00e9gional au titre du coll\u00e8ge des \nrepr\u00e9sentants des collectivit\u00e9s territoriales \u00e0 la formation pl\u00e9ni\u00e8re du comit\u00e9 r\u00e9gional pour \nl'emploi  ; \n \nVu le courriel du 02 mai 2025 de Monsieur Olivier D E PERETTI au Secr\u00e9tariat g\u00e9n\u00e9ral de la Ville de \nParis, d\u00e9signant les repr\u00e9sentants titulaire et sup pl\u00e9ant du Conseil de Paris pour si\u00e9ger au coll\u00e8ge \ndes repr\u00e9sentants des collectivit\u00e9s territoriale \u00e0 la formation pl\u00e9ni\u00e8re du comit\u00e9 r\u00e9gional pour \nl'emploi  ; \n \nVu la lettre du 23 avril 2025 de Monsieur Pierre B\u00c9 DIER, Pr\u00e9sident du Conseil d\u00e9partemental, \nd\u00e9signant les repr\u00e9sentants titulaire et suppl\u00e9ant pour le repr\u00e9senter  au coll\u00e8ge des collectivit\u00e9s \nterritoriales \u00e0 la formation pl\u00e9ni\u00e8re du comit\u00e9 r\u00e9gional pour l'emploi  ; \nVu le courriel du 13 mai 2025 de Florine EKOUE, Cha rg\u00e9e de mission \u00e0 la Direction g\u00e9n\u00e9rale des \nSolidarit\u00e9s d\u00e9signant les repr\u00e9sentants titulaire e t suppl\u00e9ant du Conseil d\u00e9partemental de \nl'Essonne pour si\u00e9ger au coll\u00e8ge des collectivit\u00e9s territoriales \u00e0 la formation pl\u00e9ni\u00e8re du comit\u00e9 \nr\u00e9gional pour l'emploi  ; \n \nVu le courriel du 20 novembre 2025 de la Conf\u00e9d\u00e9rat ion fran\u00e7aise d\u00e9mocratique du travail \n(CFDT) d\u00e9signant un second repr\u00e9sentant suppl\u00e9ant p our si\u00e9ger,  en qualit\u00e9 d'organisations \nDirection r\u00e9gionale et interd\u00e9partementale de l'\u00e9conomie, de l'emploi, du travail et des solidarit\u00e9s d'\u00cele-de-France -\nIDF-2025-12-05-00004 - Arr\u00eat\u00e9 pr\u00e9fectoral modifiant l'arr\u00eat\u00e9 n\u00b0 IDF-2025-04-30-00006 du 30 avril 2025 portant composition,\nnomination et modalit\u00e9s de vote au sein du comit\u00e9 r\u00e9gional pour l'emploi d'Ile-de-France et de son bureau\n4\nPage 2 sur 14  \nsyndicales repr\u00e9sentatives au niveau national et in terprofessionnel au coll\u00e8ge des organisations \nsyndicales \u00e0 la formation pl\u00e9ni\u00e8re du comit\u00e9 r\u00e9gional pour l'emploi et au sein de son bureau  ; \n \nVu la lettre du 12 novembre 2025 de la Conf\u00e9d\u00e9ratio n g\u00e9n\u00e9rale du travail (CGT) d\u00e9signant une \nnouvelle repr\u00e9sentante suppl\u00e9ante en remplacement d e la suppl\u00e9ante pr\u00e9c\u00e9demment nomm\u00e9e, \npour si\u00e9ger,  en qualit\u00e9 d'organisations syndicales repr\u00e9sentativ es au niveau national et \ninterprofessionnel au coll\u00e8ge des organisations syn dicales \u00e0 la formation pl\u00e9ni\u00e8re du comit\u00e9 \nr\u00e9gional pour l'emploi et au sein de son bureau  ; \n \nVu la lettre du 25 novembre2025 de la Conf\u00e9d\u00e9ration  fran\u00e7aise de l'encadrement \u2013 \nConf\u00e9d\u00e9ration g\u00e9n\u00e9rale des cadres (CFE-CGC) d\u00e9signa nt une nouvelle repr\u00e9sentante suppl\u00e9ante \nen remplacement de la suppl\u00e9ante pr\u00e9c\u00e9demment nomm\u00e9 e, pour si\u00e9ger,  en qualit\u00e9 \nd'organisations syndicales repr\u00e9sentatives au nivea u national et interprofessionnel au coll\u00e8ge des \norganisations syndicales \u00e0 la formation pl\u00e9ni\u00e8re du  comit\u00e9 r\u00e9gional pour l'emploi et au sein de son \nbureau  ; \n \nVu le courriel du 03 juin 2025 du Mouvement des emp loyeurs de France (MEDEF) d\u00e9signant une \nseconde repr\u00e9sentante suppl\u00e9ante pour si\u00e9ger,  en qualit\u00e9 de repr\u00e9sentant des organisations \nprofessionnelles d'employeurs repr\u00e9sentatives au ni veau national et interprofessionnel au  coll\u00e8ge \ndes organisations professionnelles d'employeur repr \u00e9sentatives au plan national et multi-\nprofessionnel ainsi que des r\u00e9seaux consulaires, \u00e0 la formation pl\u00e9ni\u00e8re du comit\u00e9 r\u00e9gional pour \nl'emploi et au sein de son bureau ; \n \nVu la d\u00e9lib\u00e9ration de l'assembl\u00e9e g\u00e9n\u00e9rale du 17 no vembre 2025 de la Chambre des m\u00e9tiers et de \nl'artisanat (CMA) d\u00e9signant une un nouveau repr\u00e9sen tant titulaire pour si\u00e9ger,  en qualit\u00e9 de \nrepr\u00e9sentant des r\u00e9seaux consulaires, \u00e0 la formation pl\u00e9ni\u00e8re du comit\u00e9 r\u00e9gional pour l'emploi ; \n \nVu le courriel du 11 juillet 2025 de Transitions Pr o \u00cele-de-France d\u00e9signant une nouvelle \nrepr\u00e9sentante suppl\u00e9ante en remplacement de la supp l\u00e9ante pr\u00e9c\u00e9demment nomm\u00e9e, pour \nsi\u00e9ger au coll\u00e8ge des principaux op\u00e9rateurs de l'em ploi, de la formation et de l'orientation \nprofessionnelle de la r\u00e9gion, \u00e0 la formation pl\u00e9ni\u00e8re du comit\u00e9 r\u00e9gional pour l'emploi ; \n \nConsid\u00e9rant les modifications des repr\u00e9sentants du directeur r\u00e9gional et interd\u00e9partemental de \nl'\u00e9conomie, de l'emploi, du travail et des solidari t\u00e9s d'\u00cele-de-France et du recteur de la r\u00e9gion \nacad\u00e9mique d'\u00cele-de-France \u00e0 la formation pl\u00e9ni\u00e8re du comit\u00e9 r\u00e9gional pour l'emploi et au sein de \nson bureau au titre du coll\u00e8ge des repr\u00e9sentants de l'\u00c9tat ; \n \nConsid\u00e9rant l'erreur mat\u00e9rielle affectant le d\u00e9comp te du nombre de membres du comit\u00e9 r\u00e9gional \npour l'emploi d'\u00cele-de-France au premier alin\u00e9a de l'article 1 er  de l'arr\u00eat\u00e9 n\u00b0 IDF-2025-04-30-00006 \ndu 30 avril 2025 susvis\u00e9 et celle affectant le d\u00e9co mpte du nombre de membres du coll\u00e8ge des \nprincipaux op\u00e9rateurs de l'emploi, de la formation et de l'orientation professionnelle de la r\u00e9gion \n\u00cele-de-France au premier alin\u00e9a de l'article 6 du m\u00eame arr\u00eat\u00e9  ; \n \nConsid\u00e9rant l'erreur mat\u00e9rielle affectant le nombre  des membres du coll\u00e8ge des principaux \nop\u00e9rateurs de l'emploi, de la formation et de l'ori entation professionnelle de la r\u00e9gion \u00cele-de-\nFrance au premier alin\u00e9a du V du titre 1 er  de l'annexe relative \u00e0 la liste nominative des mem bres \ndu Comit\u00e9 r\u00e9gional pour l'Emploi et de son bureau d e l'arr\u00eat\u00e9 n\u00b0 IDF-2025-04-30-00006 du 30 avril \n2025 pr\u00e9cit\u00e9  ; \n \nArr\u00eate : \n \n \nArticle 1 \ner  : Au premier alin\u00e9a de l'article 1 er  du titre 1 er  de l'arr\u00eat\u00e9 du 30 avril 2025 pr\u00e9cit\u00e9, les \ntermes  : \u00ab  49 membres  \u00bb sont remplac\u00e9s par les termes  : \u00ab  50 membres  \u00bb. \n \n \nArticle 2  : Au premier alin\u00e9a de l'article 6 du titre 1 \ner  de l'arr\u00eat\u00e9 du 30 avril 2025 pr\u00e9cit\u00e9, les \ntermes  : \u00ab  onze membres  \u00bb sont remplac\u00e9s par les termes  : \u00ab  douze membres  \u00bb. \n \n \n \nDirection r\u00e9gionale et interd\u00e9partementale de l'\u00e9conomie, de l'emploi, du travail et des solidarit\u00e9s d'\u00cele-de-France -\nIDF-2025-12-05-00004 - Arr\u00eat\u00e9 pr\u00e9fectoral modifiant l'arr\u00eat\u00e9 n\u00b0 IDF-2025-04-30-00006 du 30 avril 2025 portant composition,\nnomination et modalit\u00e9s de vote au sein du comit\u00e9 r\u00e9gional pour l'emploi d'Ile-de-France et de son bureau\n5\nPage 3 sur 14  \n \nArticle 3: Le titre 1er relatif au Comit\u00e9 r\u00e9gional pour l'emp loi d'\u00cele-de-France de l'annexe de \nl'arr\u00eat\u00e9 du 30 avril 2025 pr\u00e9cit\u00e9 est ainsi modifi\u00e9 : \n \n1/  Le a du I est ainsi modifi\u00e9  : \n \n\u00ab a- Un repr\u00e9sentant du directeur r\u00e9gional et interd\u00e9 partemental de l'\u00e9conomie, de l'emploi, \ndu travail et des solidarit\u00e9s d'\u00cele-de-France : \n\u2013 M. Fabrice MASI, Directeur r\u00e9gional, titulaire ; \no M. Marc ROHFRITSCH, Directeur r\u00e9gional adjoint, r esponsable du p\u00f4le \u00e9conomie, \nemploi et solidarit\u00e9s, suppl\u00e9ant.  \u00bb \n \n2/  Le premier alin\u00e9a du 2 du c relatif aux trois repr \u00e9sentants du recteur de la r\u00e9gion acad\u00e9mique \nd'\u00cele-de-France, est remplac\u00e9 par un alin\u00e9a ainsi r\u00e9dig\u00e9  : \n \n\u00ab 2. M. Richard CHANTIER, D\u00e9l\u00e9gu\u00e9 r\u00e9gional \u00e0 la forma tion professionnelle initiale et \ncontinue, titulaire ;  \u00bb \n \n3/  La ligne 1\u00b0 du tableau relatif aux six repr\u00e9sentan ts de la r\u00e9gion d'\u00cele-de-France nomm\u00e9s sur \nproposition du pr\u00e9sident du conseil r\u00e9gional du II concernant le coll\u00e8ge des repr\u00e9sentants des \ncollectivit\u00e9s territoriales, est remplac\u00e9e par la ligne suivante  : \n \n\u00ab  \nTitulaires Suppl\u00e9ants \n1\u00b0 M. Thierry HEBBRECHT Mme Jessie CLAUDE (inchang\u00e9 ) \n \u00bb \n \n4/  Au b relatif au repr\u00e9sentant de chacun des d\u00e9parte ments d'\u00cele-de-France, d\u00e9sign\u00e9 sur \nproposition du pr\u00e9sident de leur conseil d\u00e9partemen tal, du II concernant le coll\u00e8ge des \nrepr\u00e9sentants des collectivit\u00e9s territoriales, les 1\u00b0 \u00e0 4\u00b0 sont remplac\u00e9s par les 1\u00b0 \u00e0 4\u00b0 suivants : \n \n\u00ab 1\u00b0  Un repr\u00e9sentant de la Ville de Paris :  \n \n\u2013 M. Dominique FRENTZ, Directeur de l'attractivit\u00e9 \u00e9conomique, titulaire ; \no  Mme G\u00e9raldine DUVERNEUIL, Sous-directrice de l'ins ertion et de la lutte contre \nl'exclusion, suppl\u00e9ant.  \n \n2\u00b0  Un repr\u00e9sentant du d\u00e9partement de la Seine-et-Marne :  \n \n\u2013 \u00ab M. Jean-Fran\u00e7ois PARIGI, Pr\u00e9sident du Conseil d\u00e9partemental, suppl\u00e9ant. \u00bb \n \n3\u00b0  Un repr\u00e9sentant du d\u00e9partement des Yvelines  :  \n \n\u2013 Mme Catherine ARENOU, Vice-Pr\u00e9sidente d\u00e9l\u00e9gu\u00e9e \u00e0 l' Insertion et \u00e0 la r\u00e9novation \nurbaine, titulaire ; \no Mme Myriam AOURIR, Conseill\u00e8re d\u00e9partementale, suppl\u00e9ante. \n \n4\u00b0  Un repr\u00e9sentant du d\u00e9partement de l'Essonne  :  \n \n\u2013 Mme Dany BOYER, Vice-pr\u00e9sidente en charge de la pro tection de l'enfance, de la \nsolidarit\u00e9 et de l'insertion, titulaire ; \no Mme Cendrine CHAUMONT, Pr\u00e9sidente d\u00e9l\u00e9gu\u00e9e en charg e de la \nprotection maternelle et infantile et de la sant\u00e9, suppl\u00e9ante. \u00bb \n \n5/  Au 4. relatif \u00e0 la repr\u00e9sentante sur proposition d e la Conf\u00e9d\u00e9ration fran\u00e7aise d\u00e9mocratique du \ntravail (CFDT) du A relatif aux organisations syndi cales repr\u00e9sentatives au niveau national et \ninterprofessionnel du III concernant le coll\u00e8ge des  repr\u00e9sentants des organisations syndicales, le \ndernier alin\u00e9a est remplac\u00e9 par un alin\u00e9a ainsi r\u00e9dig\u00e9 : \nDirection r\u00e9gionale et interd\u00e9partementale de l'\u00e9conomie, de l'emploi, du travail et des solidarit\u00e9s d'\u00cele-de-France -\nIDF-2025-12-05-00004 - Arr\u00eat\u00e9 pr\u00e9fectoral modifiant l'arr\u00eat\u00e9 n\u00b0 IDF-2025-04-30-00006 du 30 avril 2025 portant composition,\nnomination et modalit\u00e9s de vote au sein du comit\u00e9 r\u00e9gional pour l'emploi d'Ile-de-France et de son bureau\n6\nPage 4 sur 14  \n\u00ab o M. Olivier LECLERCQ, D\u00e9l\u00e9gu\u00e9 R\u00e9gional sur l'emp loi et la formation \nprofessionnelle,  suppl\u00e9ant.  \u00bb \n \n6/ Au 1. relatif \u00e0 la repr\u00e9sentante sur proposition de la Conf\u00e9d\u00e9ration g\u00e9n\u00e9rale du travail (CGT) du \nA relatif aux organisations syndicales repr\u00e9sentati ves au niveau national et interprofessionnel du \nIII concernant le coll\u00e8ge des repr\u00e9sentants des org anisations syndicales, le dernier alin\u00e9a est \nremplac\u00e9 par un alin\u00e9a ainsi r\u00e9dig\u00e9 : \n\u00ab o Mme. Val\u00e9rie LESAGE, Membre du Secr\u00e9tariat de l 'URIF CGT en charge de \nla formation professionnelle et membre du CESER \u00cele-de-France, suppl\u00e9ante. \u00bb \n \n7/  Le deuxi\u00e8me alin\u00e9a du4. relatif \u00e0 la repr\u00e9sentante  sur proposition de la Conf\u00e9d\u00e9ration fran\u00e7aise \nde l'encadrement \u2013 Conf\u00e9d\u00e9ration g\u00e9n\u00e9rale des cadre s (CFE-CGC) du A relatif aux organisations \nsyndicales repr\u00e9sentatives au niveau national et in terprofessionnel du III concernant le coll\u00e8ge \ndes repr\u00e9sentants des organisations syndicales, le dernier alin\u00e9a est remplac\u00e9 par un alin\u00e9a ainsi \nr\u00e9dig\u00e9 : \n\u00ab o Mme. Fatima JAIEL, Membre de la CFE-CGC, suppl\u00e9ante. \u00bb \n \n8/  Le 1. relatif au repr\u00e9sentant sur proposition du M ouvement des employeurs de France (MEDEF) \ndu A relatif aux repr\u00e9sentants des organisations pr ofessionnelles d'employeurs repr\u00e9sentatives au \nniveau national et interprofessionnel du IV concern ant le coll\u00e8ge des repr\u00e9sentants des \norganisations professionnelles d'employeur repr\u00e9sen tatives au plan national et multi-\nprofessionnel ainsi que des r\u00e9seaux consulaires est compl\u00e9t\u00e9 par un alin\u00e9a ainsi r\u00e9dig\u00e9 : \n\u00ab o Mme Christine CLEMENT, Charg\u00e9e de mission Emplo i-Formation \u2013 GIM, \nsuppl\u00e9ante. \u00bb \n \n9/ Au premier alin\u00e9a du V relatif au coll\u00e8ge des pri ncipaux op\u00e9rateurs de l'emploi, de la formation \net de l'orientation professionnelle de la r\u00e9gion, l es termes  : \u00ab  onze membres  \u00bb sont remplac\u00e9s \npar les termes  : \u00ab  douze membres  \u00bb. \n \n10 / Le 4. relatif \u00e0 la repr\u00e9sentante sur proposition de Transitions Pro \u00cele-de-France au V \nconcernant le coll\u00e8ge des principaux op\u00e9rateurs de l'emploi, de la formation et de l'orientation \nprofessionnelle de la r\u00e9gion est remplac\u00e9 par un alin\u00e9a ainsi r\u00e9dig\u00e9 : \n \n\u00ab o Mme Ana\u00efs DELEUIL, Directrice adjointe des part enariats et du \nd\u00e9veloppement, suppl\u00e9ante. \u00bb \n \n \nArticle 4 : Le titre 2 relatif au Bureau du Comit\u00e9 r\u00e9gional po ur l'emploi d'\u00cele-de-France de l'annexe \nde l'arr\u00eat\u00e9 du 30 avril 2025 pr\u00e9cit\u00e9 est ainsi modifi\u00e9  : \n \n1/  Au 1\u00b0 du I relatif au coll\u00e8ge \n des repr\u00e9sentants de l'\u00c9tat, l'alin\u00e9a relatif au re pr\u00e9sentant titulaire \ndu directeur r\u00e9gional et interd\u00e9partemental de l'\u00e9c onomie, de l'emploi, du travail et des \nsolidarit\u00e9s d'\u00cele-de-France est ainsi modifi\u00e9  : \n \n\u00ab M. Fabrice MASI, Directeur r\u00e9gional, titulaire ; \no M. Marc ROHFRITSCH, Directeur r\u00e9gional adjoint, r esponsable du p\u00f4le \n\u00e9conomie, emploi et solidarit\u00e9s, suppl\u00e9ant.\u00bb \n \n2/  Le deuxi\u00e8me alin\u00e9a du 2\u00b0 relatif au repr\u00e9sentant d u recteur de la r\u00e9gion acad\u00e9mique d'\u00cele-de-\nFrance du I relatif au coll\u00e8ge des repr\u00e9sentants de l'\u00c9tat est remplac\u00e9 par un alin\u00e9a ainsi r\u00e9dig\u00e9  : \n \n\u00ab \u2013 M. Richard CHANTIER, D\u00e9l\u00e9gu\u00e9 r\u00e9gional \u00e0 la format ion professionnelle initiale et \ncontinue, titulaire  ; \u00bb \n \n3/  Les lignes 1\u00b0 et 2\u00b0 du tableau figurant au II rela tif au coll\u00e8ge des repr\u00e9sentants des collectivit\u00e9s \nterritoriales outre le pr\u00e9sident du conseil r\u00e9giona l ou son repr\u00e9sentant sont remplac\u00e9es par les \ndeux lignes suivantes  : \n \nDirection r\u00e9gionale et interd\u00e9partementale de l'\u00e9conomie, de l'emploi, du travail et des solidarit\u00e9s d'\u00cele-de-France -\nIDF-2025-12-05-00004 - Arr\u00eat\u00e9 pr\u00e9fectoral modifiant l'arr\u00eat\u00e9 n\u00b0 IDF-2025-04-30-00006 du 30 avril 2025 portant composition,\nnomination et modalit\u00e9s de vote au sein du comit\u00e9 r\u00e9gional pour l'emploi d'Ile-de-France et de son bureau\n7\nPage 5 sur 14  \n\u00ab  \nTitulaires Suppl\u00e9ants \n1\u00b0 Mme Murielle MARTIN-CHAM M. Stephen HERVE \n \n2\u00b0 Mme Elodie DUCROCHET M. Pascal PELAIN \n \n \u00bb \n \n4/ Le 1 relatif \u00e0 la repr\u00e9sentante sur proposition de la Conf\u00e9d\u00e9ration fran\u00e7aise d\u00e9mocratique du \ntravail (CFDT) du III relatif aux organisations syn dicales repr\u00e9sentatives au niveau national et \ninterprofessionnel, est compl\u00e9t\u00e9 par un alin\u00e9a ainsi r\u00e9dig\u00e9  : \n \n\u00ab o M. Olivier LECLERCQ, D\u00e9l\u00e9gu\u00e9 R\u00e9gional sur l'emplo i et la formation \n professionnelle,  suppl\u00e9ant.  \u00bb \n \n5/  Le deuxi\u00e8me alin\u00e9a du 4. relatif \u00e0 la repr\u00e9sentant e sur proposition de la Conf\u00e9d\u00e9ration \nfran\u00e7aise de l'encadrement \u2013 Conf\u00e9d\u00e9ration g\u00e9n\u00e9rale  des cadres (CFE-CGC) du III relatif aux \norganisations syndicales repr\u00e9sentatives au niveau national et interprofessionnel, est remplac\u00e9 \npar un alin\u00e9a ainsi r\u00e9dig\u00e9  : \n \n \u00ab  o Mme. Fatima JAIEL, Membre de la CFE-CGC, suppl\u00e9ante.  \u00bb \n \n6/  Le 1. relatif au repr\u00e9sentant sur proposition du M ouvement des employeurs de France (MEDEF) \ndu A concernant les repr\u00e9sentants des organisations  professionnelles d'employeurs \nrepr\u00e9sentatives au niveau national et interprofessi onnel du IV relatif aux organisations \nprofessionnelles d'employeurs repr\u00e9sentatives au ni veau national et interprofessionnel est \ncompl\u00e9t\u00e9 par un alin\u00e9a ainsi r\u00e9dig\u00e9  : \n \n \u00ab o Mme Christine CLEMENT, Charg\u00e9e de mission Empl oi-Formation \u2013 GIM, suppl\u00e9ante. \n \nArticle 5: La liste des membres du Comit\u00e9 r\u00e9gional pour l'emp loi d'\u00cele-de-France et du bureau du \nComit\u00e9 r\u00e9gional pour l'emploi d'\u00cele-de-France telle  qu'elle r\u00e9sulte des modifications apport\u00e9es par \nle pr\u00e9sent arr\u00eat\u00e9, figure en annexe pour information. \n \n \nArticle 6: Le pr\u00e9sent arr\u00eat\u00e9 peut faire l'objet d'un recours c ontentieux devant le Tribunal \nadministratif comp\u00e9tent dans un d\u00e9lai de deux mois \u00e0 compter de sa publication. \n \n \nArticle 7 : La pr\u00e9f\u00e8te, secr\u00e9taire g\u00e9n\u00e9rale aux politiques publ iques et le directeur r\u00e9gional de \nl'\u00e9conomie, de l'emploi, du travail et des solidari t\u00e9s de la r\u00e9gion \u00cele-de-France sont charg\u00e9s, \nchacun en ce qui le concerne, de l'ex\u00e9cution du pr\u00e9 sent arr\u00eat\u00e9 qui sera publi\u00e9 au recueil des actes \nadministratifs (\u00e9chelon r\u00e9gional) de la pr\u00e9fecture de r\u00e9gion d'\u00cele-de-France, pr\u00e9fecture de Paris, \naccessible sur le site internet de la pr\u00e9fecture \u00e0 l'adresse : \nwww.prefectures-regions.gouv.fr/ile-de-\nfrance . \n \n \nFait \u00e0 Paris, le 5 d\u00e9cembre 2025 \n \nLa pr\u00e9f\u00e8te, secr\u00e9taire g\u00e9n\u00e9rale aux \npolitiques publiques, assurant la \nsuppl\u00e9ance du pr\u00e9fet de la r\u00e9gion d'\u00cele-de-\nFrance, pr\u00e9fet de Paris \n \n \nSign\u00e9 \n \n \nMarie GAUTIER-MELLERAY \n \nDirection r\u00e9gionale et interd\u00e9partementale de l'\u00e9conomie, de l'emploi, du travail et des solidarit\u00e9s d'\u00cele-de-France -\nIDF-2025-12-05-00004 - Arr\u00eat\u00e9 pr\u00e9fectoral modifiant l'arr\u00eat\u00e9 n\u00b0 IDF-2025-04-30-00006 du 30 avril 2025 portant composition,\nnomination et modalit\u00e9s de vote au sein du comit\u00e9 r\u00e9gional pour l'emploi d'Ile-de-France et de son bureau\n8\n=PREFETDE LA REGIOND'\u00ceLE-DE-FRANCELibert\u00e9Egalit\u00e9Fratermit\u00e9\nPage 6 sur 14  \n \n \nDirection r\u00e9gionale et interd\u00e9partementale \nde l'\u00e9conomie, de l'emploi,  du travail  \net des solidarit\u00e9s d'Ile-de-France \n \n \n \nAnnexe informative de l'arr\u00eat\u00e9 \n \nmodifiant l'arr\u00eat\u00e9 n\u00b0 IDF-2025-04-30-00006 du 30 avr il 2025 portant composition, \nnomination et modalit\u00e9s de vote au sein du comit\u00e9 r\u00e9gional pour l'emploi d'Ile-de-France \net de son bureau:   \n \nListe pour information des membres du Comit\u00e9 r\u00e9gional  \npour l'Emploi d'Ile-de-France et de son bureau \n \n \n \n \nTitre 1 er  Membres du Comit\u00e9 r\u00e9gional pour l'emploi d'\u00cele-de-France \n \n \n \nI. Au titre du coll\u00e8ge des repr\u00e9sentants de l'\u00c9tat, les six membres suivants : \n \n \na- Un repr\u00e9sentant du directeur r\u00e9gional et interd\u00e9par temental de l'\u00e9conomie, de l'emploi, du \ntravail et des solidarit\u00e9s d'\u00cele-de-France  : \n \n\u2013 M. Fabrice MASI, Directeur r\u00e9gional, titulaire  ; \no M. Marc ROHFRITSCH, Directeur r\u00e9gional adjoint, res ponsable du p\u00f4le \n\u00e9conomie, emploi et solidarit\u00e9s, suppl\u00e9ant. \n \n \nb- Un repr\u00e9sentant du directeur r\u00e9gional et interd\u00e9par temental de l'agriculture, de \nl'alimentation et de la for\u00eat d'\u00cele-de-France ; \n \n\u2013 Mme Claire LE BIGOT, Directrice r\u00e9gionale adjointe, titulaire  ; \no Mme Anne RICHARD, Cheffe du service r\u00e9gional de la formation et du \nd\u00e9veloppement, suppl\u00e9ante. \n \n \nc- Trois repr\u00e9sentants du recteur de la r\u00e9gion acad\u00e9mique d'\u00cele-de-France  : \n \n1.  M. Fabien OPPERMANN, Secr\u00e9taire g\u00e9n\u00e9ral de la R\u00e9gio n acad\u00e9mique d'\u00cele-de-\nFrance, titulaire \no Mme Roxane LAVERGNE, Secr\u00e9taire g\u00e9n\u00e9ral adjoint, suppl\u00e9ante \n \n2.  M. Richard CHANTIER, D\u00e9l\u00e9gu\u00e9 r\u00e9gional \u00e0 la formatio n professionnelle initiale et \ncontinue, titulaire  ; \no M. Fr\u00e9d\u00e9ric GUINEPAIN, Adjoint au d\u00e9l\u00e9gu\u00e9 de r\u00e9gion  acad\u00e9mique \u00e0 la \nformation professionnelle initiale et continue, suppl\u00e9ant \n \n3.  Mme Patricia BLOCH, D\u00e9l\u00e9gu\u00e9e de r\u00e9gion acad\u00e9mique \u00e0  la formation \nprofessionnelle initiale et continue titulaire  ; \no Mme Virginie COUSIN, D\u00e9l\u00e9gu\u00e9e de r\u00e9gion acad\u00e9mique adjointe \u00e0 \nl'information et \u00e0 l'orientation - Site Paris, Cons eill\u00e8re du recteur, \nsuppl\u00e9ante \n \nDirection r\u00e9gionale et interd\u00e9partementale de l'\u00e9conomie, de l'emploi, du travail et des solidarit\u00e9s d'\u00cele-de-France -\nIDF-2025-12-05-00004 - Arr\u00eat\u00e9 pr\u00e9fectoral modifiant l'arr\u00eat\u00e9 n\u00b0 IDF-2025-04-30-00006 du 30 avril 2025 portant composition,\nnomination et modalit\u00e9s de vote au sein du comit\u00e9 r\u00e9gional pour l'emploi d'Ile-de-France et de son bureau\n9\nPage 7 sur 14  \n \nd- Un repr\u00e9sentant du directeur r\u00e9gional et interd\u00e9par temental de l'h\u00e9bergement et du \nlogement d'\u00cele-de-France \n \n4.  Mme Caroline NIGON, Responsable du p\u00f4le Accompagnem ent social et \nPopulations sp\u00e9cifiques, titulaire  ; \no M. Romain PARENT, Chef du service des observatoires , des \u00e9tudes et des \n\u00e9valuations, suppl\u00e9ant  ; \n \n \nII. Au titre du coll\u00e8ge des repr\u00e9sentants des collectiv it\u00e9s territoriales, les quatorze \nmembres  suivants : \n \n \na- Six repr\u00e9sentants de la r\u00e9gion d'\u00cele-de-France nomm \u00e9s sur proposition du pr\u00e9sident du \nconseil r\u00e9gional : \n \nTitulaires Suppl\u00e9ants \n1\u00b0 M. Thierry HEBBRECHT Mme Jessie CLAUDE \n2\u00b0 Mme Murielle MARTIN-CHAM M. Stephen HERVE \n3\u00b0 Mme Dieynaba DIOP Mme Julie GARNIER \n4\u00b0 Mme Elodie DUCROHET M. Pascal PELAIN \n5\u00b0 Mme Charlotte BAELDE Mme Mama SY \n6\u00b0 M. Kader CHIBANE Mme C\u00e9cile DUMAS \n \n \nb- Un repr\u00e9sentant de chacun des d\u00e9partements d'\u00cele-de -France, d\u00e9sign\u00e9 sur proposition du \npr\u00e9sident de leur conseil d\u00e9partemental : \n \n \n1\u00b0 Un repr\u00e9sentant de la Ville de Paris :  \n \n\u2013 M. Dominique FRENTZ, Directeur de l'attractivit\u00e9 \u00e9conomique, titulaire ; \no Mme G\u00e9raldine DUVERNEUIL, Sous-directrice de l'inse rtion et de la lutte \ncontre l'exclusion, suppl\u00e9ante. \n \n2\u00b0  Un repr\u00e9sentant du d\u00e9partement de la Seine-et-Marne :  \n \n\u2013 M. Bernard COZIC, Vice-Pr\u00e9sident en charge des solidarit\u00e9s, titulaire  ; \no M. Jean-Fran\u00e7ois PARIGI, Pr\u00e9sident du Conseil d\u00e9partemental,, suppl\u00e9ant. \n \n3\u00b0  Un repr\u00e9sentant du d\u00e9partement des Yvelines  :  \n \n\u2013 Mme Catherine ARENOU, Vice-Pr\u00e9sidente d\u00e9l\u00e9gu\u00e9e \u00e0 l' Insertion et \u00e0 la r\u00e9novation \nurbaine, titulaire ; \no Mme Myriam AOURIR, Conseill\u00e8re d\u00e9partementale, Memb re de la \ncommission Enseignement, Culture, Jeunesse et Sports,, suppl\u00e9ante. \n \n4\u00b0  Un repr\u00e9sentant du d\u00e9partement de l'Essonne  :  \n \n\u2013 Mme Dany BOYER, Vice-pr\u00e9sidente en charge de la pro tection de l'enfance, de la \nsolidarit\u00e9 et de l'insertion, titulaire ; \no Mme Cendrine CHAUMONT, Pr\u00e9sidente d\u00e9l\u00e9gu\u00e9e en charg e de la \nprotection maternelle et infantile et de la sant\u00e9, suppl\u00e9ante. \n \n5\u00b0  Un repr\u00e9sentant du d\u00e9partement des Hauts-de-Seine  : \n \nDirection r\u00e9gionale et interd\u00e9partementale de l'\u00e9conomie, de l'emploi, du travail et des solidarit\u00e9s d'\u00cele-de-France -\nIDF-2025-12-05-00004 - Arr\u00eat\u00e9 pr\u00e9fectoral modifiant l'arr\u00eat\u00e9 n\u00b0 IDF-2025-04-30-00006 du 30 avril 2025 portant composition,\nnomination et modalit\u00e9s de vote au sein du comit\u00e9 r\u00e9gional pour l'emploi d'Ile-de-France et de son bureau\n10\nPage 8 sur 14  \n\u2013 Mme. Marie-Pierre LIMOGE, 2\u00e8me vice-pr\u00e9sidente en c harge de l'\u00e9conomie sociale \net solidaire, de la formation et de l'alternance, titulaire  ;  \no M. Denis LARGHERO, 5e vice-pr\u00e9sident en charge de l 'attractivit\u00e9 du \nterritoire et d\u00e9veloppement num\u00e9rique suppl\u00e9ant  ; \n \n6\u00b0 Un repr\u00e9sentant du d\u00e9partement de Seine-Saint-Denis :  \n \n\u2013  M. St\u00e9phane TROUSSEL, Pr\u00e9sident, titulaire  ; \no Mme M\u00e9lissa YOUSSOUF, Vice-Pr\u00e9sidente charg\u00e9e de l' insertion, de \nl'\u00e9conomie sociale et solidaire et des fonds europ\u00e9ens, suppl\u00e9ante  ; \n \n7\u00b0 Un repr\u00e9sentant du d\u00e9partement du Val-de-Marne  ; \n \n\u2013 M. Tonino PANETTA, vice-pr\u00e9sident du Conseil d\u00e9part emental du Val-de-Marne, \ntitulaire  ; \no Mme Genevi\u00e8ve CARPE, conseill\u00e8re d\u00e9partementale du Val-de-Marne, \nd\u00e9l\u00e9gu\u00e9e \u00e0 la sant\u00e9, suppl\u00e9ante ; \n \n8\u00b0  Un repr\u00e9sentant du d\u00e9partement du Val-d'Oise  : \n \n\u2013 M. G\u00e9rard LAMBERT-MOTTE, Vice-pr\u00e9sident d\u00e9l\u00e9gu\u00e9 \u00e0 l a vie sociale, \u00e0 l'insertion, au \nlogement social et \u00e0 la sant\u00e9, titulaire  ; \no M. Micka\u00ebl DECLERCK, Conseiller d\u00e9partemental en ch arge de l'emploi, \nsuppl\u00e9ant. \n \n \nIII.  Au titre du coll\u00e8ge des repr\u00e9sentants des organisat ions syndicales, les sept membres \nsuivants : \n \nA- En qualit\u00e9 d'organisations syndicales repr\u00e9senta tives au niveau national et interprofessionnel, \nles cinq membres suivants  : \n \n1. Un repr\u00e9sentant sur proposition de la Conf\u00e9d\u00e9ration  fran\u00e7aise d\u00e9mocratique du travail \n(CFDT)  :  \n \n\u2013 M. Henri HASSAN MOHAMED, Secr\u00e9taire r\u00e9gional en cha rge de l'emploi et de la \nformation professionnelle \u00e0 la CFDT \u00cele-de-France, titulaire  ; \no Mme G\u00e9raldine CORNETTE, Secr\u00e9taire g\u00e9n\u00e9rale adjoint e CFDT \u00cele-de-\nFrance, suppl\u00e9ante ; \no M. Olivier LECLERCQ, D\u00e9l\u00e9gu\u00e9 R\u00e9gional sur l'emploi et la formation \nprofessionnelle, suppl\u00e9ant.  \n \n2. Un repr\u00e9sentant sur proposition de la Conf\u00e9d\u00e9ration g\u00e9n\u00e9rale du travail (CGT)  : \n \n\u2013 Mme Brigitte MEYER, D\u00e9l\u00e9gu\u00e9e syndicale de la CGT France Travail, titulaire  ; \no M. Yannick BILIEC, Secr\u00e9taire g\u00e9n\u00e9ral de la CGT-Edu c'action de l'Essonne, \nsuppl\u00e9ant. \no Mme Val\u00e9rie LESAGE, Membre du Secr\u00e9tariat de l'URIF  CGT en charge de la \nformation professionnelle et membre du CESER Ile-de-France, suppl\u00e9ante. \n \n3. Un repr\u00e9sentant sur proposition de la Conf\u00e9d\u00e9ration  g\u00e9n\u00e9rale du travail - Force ouvri\u00e8re \n(CGT-FO)  : \n \n\u2013 M. Brahim MESSAOUDEN, Charg\u00e9 de mission \u00e0 la FGTA-FO, titulaire  ; \no Mme Odile FREMIN, Tr\u00e9sori\u00e8re g\u00e9n\u00e9rale adjointe, suppl\u00e9ante ; \no M. Pascal COYO, Membre de FO, suppl\u00e9ant. \n \n4. Un repr\u00e9sentant sur proposition de la Conf\u00e9d\u00e9ration  fran\u00e7aise de l'encadrement \u2013 \nConf\u00e9d\u00e9ration g\u00e9n\u00e9rale des cadres (CFE-CGC)  : \n \n\u2013 M. Andr\u00e9 LEGAULT, D\u00e9l\u00e9gu\u00e9 Syndical Central de KONE France et Charg\u00e9 de \nMission pour KONE France, titulaire  ; \no  \nDirection r\u00e9gionale et interd\u00e9partementale de l'\u00e9conomie, de l'emploi, du travail et des solidarit\u00e9s d'\u00cele-de-France -\nIDF-2025-12-05-00004 - Arr\u00eat\u00e9 pr\u00e9fectoral modifiant l'arr\u00eat\u00e9 n\u00b0 IDF-2025-04-30-00006 du 30 avril 2025 portant composition,\nnomination et modalit\u00e9s de vote au sein du comit\u00e9 r\u00e9gional pour l'emploi d'Ile-de-France et de son bureau\n11\nPage 9 sur 14  \no M. Fr\u00e9d\u00e9ric FLOQUET, D\u00e9l\u00e9gu\u00e9 Syndical de KONE \u00cele-de-France, suppl\u00e9ant ; \no Mme. Fatima JAIEL, Membre de la CFE-CGC, suppl\u00e9ante. \n \n5. Un repr\u00e9sentant sur proposition de la Conf\u00e9d\u00e9ration  fran\u00e7aise des travailleurs chr\u00e9tiens \n(CFTC)  : \n \n\u2013 Mme Nathalie LE DISERT, Charg\u00e9e de relations entrep rises chez France Travail, \ntitulaire  ; \no M. Pierre SALAUN, Contract manager chez SUEZ et Coo rdinateur CFTC, \nsuppl\u00e9ante  ; \no Mme Marie-Jos\u00e9 BAUTISTA, Membre du bureau f\u00e9d\u00e9ral, suppl\u00e9ante. \n \nB- En qualit\u00e9 d'organisations syndicales int\u00e9ress\u00e9e s, mentionn\u00e9es au III de l'article R. 2272-9 du \ncode du travail, les deux membres suivants  : \n1. Un repr\u00e9sentant sur proposition de la F\u00e9d\u00e9ration syndicale unitaire (FSU)  : \n \n\u2013 M. Guillaume HELLEBRONTH, Secr\u00e9taire de section, titulaire ; \no Mme Corine TISSIER, Repr\u00e9sentante du personnel au C entre d'Information \net d'Orientation Vincennes, suppl\u00e9ante. \n \n2. Un repr\u00e9sentant sur proposition de l'Union nationale des syndicats autonomes (UNSA) :  \n \n\u2013 M. Patrice BEDOURET, Conseiller national UNSA \u00c9cono mie-Emploi-Formation \nprofessionnelle, titulaire ; \no Mme Pauline LABY-LE CLERCQ, Secr\u00e9taire r\u00e9gionale UN SA \u00c9ducation, \nsuppl\u00e9ante. \n \n \nIV.  Au titre du coll\u00e8ge des repr\u00e9sentants des organisat ions professionnelles d'employeur \nrepr\u00e9sentatives au plan national et multi-professio nnel ainsi que des r\u00e9seaux consulaires, \nles 9 membres suivants  : \n \nA- En qualit\u00e9 de repr\u00e9sentants des organisations profe ssionnelles d'employeurs \nrepr\u00e9sentatives au niveau national et interprofessionnel, trois membres  : \n \n1. Un repr\u00e9sentant sur proposition du Mouvement des employeurs de France (MEDEF)  : \n \n\u2013 M. Jean-Pierre GAUMET, Pr\u00e9sident de l'AFT Transport  & Logistique et Pr\u00e9sident du \nGATMARIF, Administrateur MEDEF \u00cele-de-France, titulaire  ; \no Mme La\u00efla MOULIN, Responsable Emploi Formation au M EDEF \u00cele-de-France, \nsuppl\u00e9ante  ; \no Mme Christine CLEMENT, charg\u00e9e de mission Emploi-Formation \u2013 GIM, \nsuppl\u00e9ante. \n \n2. Un repr\u00e9sentant sur proposition de la Conf\u00e9d\u00e9ration  des petites et moyennes entreprises \n(CPME)  : \n \n\u2013 Mme Virginie FAIVET, Pr\u00e9sidente-Directrice g\u00e9n\u00e9rale de StartHack, titulaire  ; \no M. Anthony METAYER, D\u00e9l\u00e9gu\u00e9 g\u00e9n\u00e9ral de la CPME Paris, suppl\u00e9ant. \n \n3. Un repr\u00e9sentant sur proposition de l'Union des entreprises de proximit\u00e9 (U2P)  : \n \n\u2013 M. Jonathan SALMON, Secr\u00e9taire g\u00e9n\u00e9ral CAPEB \u00cele-de-France, titulaire  ; \no Mme Nathalie DELORME, Conseill\u00e8re technique formati on et emploi \u00e0 la \nCGAD \u00cele-de-France, suppl\u00e9ante. \n \nB- En qualit\u00e9 de repr\u00e9sentants des organisations pr ofessionnelles d'employeurs repr\u00e9sentatives \nau niveau national et interprofessionnel, trois membres  : \n1. Un repr\u00e9sentant sur proposition de la F\u00e9d\u00e9ration de s entreprises du spectacle vivant, de la \nmusique, de l'audiovisuel et du cin\u00e9ma (FESAC)  :  \n \nDirection r\u00e9gionale et interd\u00e9partementale de l'\u00e9conomie, de l'emploi, du travail et des solidarit\u00e9s d'\u00cele-de-France -\nIDF-2025-12-05-00004 - Arr\u00eat\u00e9 pr\u00e9fectoral modifiant l'arr\u00eat\u00e9 n\u00b0 IDF-2025-04-30-00006 du 30 avril 2025 portant composition,\nnomination et modalit\u00e9s de vote au sein du comit\u00e9 r\u00e9gional pour l'emploi d'Ile-de-France et de son bureau\n12\nPage 10  sur 14  \n\u2013 Mme Atissa KASHANCHI, Directrice financi\u00e8re et admi nistrative chez The Music \nSales Group, titulaire ; \no M. Patrice MONTICO, Expert de justice en culture, c ommunication et \ndigital, suppl\u00e9ant. \n \n2. Un repr\u00e9sentant sur proposition de la F\u00e9d\u00e9ration na tionale des syndicats d'exploitants \nagricoles (FRSEA)  :  \n \n\u2013 Mme Carole CUYPERS, Administratrice de la FRSEA \u00cele -de-France, en charge du \ndossier emploi/formation, titulaire ; \no M. C\u00e9dric BEAURAIN, Administrateur de la FRSEA \u00cele- de-France, en charge \ndu dossier emploi/formation, suppl\u00e9ant. \n \n3. Un repr\u00e9sentant sur proposition l'Union des employe urs de l'\u00e9conomie sociale et solidaire \n(UDES)  : \n \n\u2013 M. Henri BORENTIN, D\u00e9l\u00e9gu\u00e9 r\u00e9gional UDES, titulaire ; \no Mme Laurence MARTIN, D\u00e9l\u00e9gu\u00e9e g\u00e9n\u00e9rale de l'APapp, suppl\u00e9ante. \n \nC- En qualit\u00e9 de repr\u00e9sentants des r\u00e9seaux consulaires, les trois membres suivants  : \n1. Un repr\u00e9sentant sur proposition de la chambre d'agriculture  : \n \n\u2013 Mme Amandine MURET-BEGUIN, Membre de la Chambre d'agriculture \u00cele-de-\nFrance, titulaire ; \no Mme Sophie CUYPERS, Membre de la Chambre d'agriculture \u00cele-de-France, \nsuppl\u00e9ante. \n \n2. Un repr\u00e9sentant sur proposition de la chambre de commerce et d'industrie (CCI) :  \n \n\u2013 Mme Danielle DUBRAC, Pr\u00e9sidente de la CCI d\u00e9parteme ntale Seine-Saint-Denis et \nconseill\u00e8re au CESE, titulaire ; \no M. Philippe REGIMBART, Directeur des politiques \u00e9du catives chez Chambre \nde commerce et d'industrie de r\u00e9gion Paris Ile-de-France, suppl\u00e9ant. \n \n3. Un repr\u00e9sentant sur proposition de la chambre des m\u00e9tiers et de l'artisanat (CMA)  : \n \n\u2013 M. Mousshine BERRADA, Elu et repr\u00e9sentant \u00e0 la CMA, ma\u00eetre artisan taxi, titulaire ; \no Mme Leila BELILI, Pr\u00e9sidente de la Chambre de M\u00e9tie rs des Hauts-de-Seine, \nsuppl\u00e9ante. \n \n \nV. Au titre du coll\u00e8ge des principaux op\u00e9rateurs de l' emploi, de la formation et de \nl'orientation professionnelle de la r\u00e9gion, les douze membres suivants  : \n \n1. Un repr\u00e9sentant sur proposition de la direction r\u00e9gionale de France Travail  : \n \n\u2013 Mme Nadine CRINIER, Directrice r\u00e9gionale de France Travail \u00cele-de-France, titulaire \n; \no Mme Caroline RIFFARD, Directrice r\u00e9gionale adjointe  en charge de la \nstrat\u00e9gie et des relations ext\u00e9rieures France Trava il \u00cele-de-France, \nsuppl\u00e9ante. \n \n2. Un repr\u00e9sentant sur proposition de l'association de  gestion du fonds pour l'insertion \nprofessionnelle des personnes handicap\u00e9es (AGEFIPH) : \n \n\u2013 M. Lahouari MERABTI, D\u00e9l\u00e9gu\u00e9 R\u00e9gional, titulaire  ; \no Mme Faouzia BOUSMAH, D\u00e9l\u00e9gu\u00e9e R\u00e9gionale Adjointe, suppl\u00e9ante. \n \n3. Un repr\u00e9sentant r\u00e9gional sur proposition de CHEOPS Cap emploi  : \n \n\u2013 M. Alain FROUARD, Pr\u00e9sident CHEOPS \u00cele de France, titulaire ; \nDirection r\u00e9gionale et interd\u00e9partementale de l'\u00e9conomie, de l'emploi, du travail et des solidarit\u00e9s d'\u00cele-de-France -\nIDF-2025-12-05-00004 - Arr\u00eat\u00e9 pr\u00e9fectoral modifiant l'arr\u00eat\u00e9 n\u00b0 IDF-2025-04-30-00006 du 30 avril 2025 portant composition,\nnomination et modalit\u00e9s de vote au sein du comit\u00e9 r\u00e9gional pour l'emploi d'Ile-de-France et de son bureau\n13\nPage 11  sur 14  \no Mme Anne-C\u00e9cile RICHARD, D\u00e9l\u00e9gu\u00e9e R\u00e9gionale CHEOPS Ile de France, \nsuppl\u00e9ante. \n \n4. Un repr\u00e9sentant sur proposition de la commission pa ritaire interprofessionnelle r\u00e9gionale, \nTransition Pro \u00cele-de-France  : \n \n\u2013 M. St\u00e9phane MAAS, Directeur, titulaire ; \no Mme Ana\u00efs DELEUIL, Directrice adjointe des partenar iats et du \nd\u00e9veloppement, Transitions Pro, suppl\u00e9ante. \n \n5. Un repr\u00e9sentant sur proposition de l'association r\u00e9gionale des missions locales (ARML)  : \n \n\u2013 M. Jacques CROSNIER, Pr\u00e9sident, titulaire ; \no Mme Isabelle PERDEREAU, Pr\u00e9sidente Mission Locale d es 3 Vall\u00e9es \u00e0 \nBr\u00e9tigny-sur-Orge, suppl\u00e9ante. \n \n6. Un repr\u00e9sentant sur proposition de l'association po ur l'emploi des cadres mentionn\u00e9 au L. \n6111-6 (APEC) :  \n \n\u2013 Mme Dominique LARGAUD, D\u00e9l\u00e9gu\u00e9e r\u00e9gionale \u00cele-de-France chez l'APEC, titulaire \n; \no M. Xavier DIETZI, D\u00e9l\u00e9gu\u00e9 r\u00e9gional adjoint \u00e0 l'APEC, suppl\u00e9ant. \n \n7. Un repr\u00e9sentant sur proposition de l'observatoire r \u00e9gional de l'emploi et de la formation \nprofessionnelle  (OREF)  : \n \n\u2013 M. S\u00e9bastien ALAVOINE, Directeur g\u00e9n\u00e9ral adjoint de l'Institut Paris R\u00e9gion (IPR), \ntitulaire ; \no Mme Claire PEUVERGNE, Directrice Emploi-Formation \u00e0 l'IPR, suppl\u00e9ante. \n \n8. Un repr\u00e9sentant sur proposition de l'office nationa l d'information des enseignements et \ndes professions (ONISEP) :  \n \n\u2013 M. Christophe LEVERRIER, Directeur territorial, titulaire ; \no Mme Christine SERIN, Coordinatrice r\u00e9gionale du p\u00f4l e accompagnement \np\u00e9dagogique, suppl\u00e9ante. \n \n9. Un repr\u00e9sentant sur proposition de l'Agence nationa le pour la formation professionnelle \ndes adultes (AFPA)  :  \n \n\u2013 M. Arnaud HABERT, Directeur r\u00e9gional, titulaire ; \no Mme Caroline DUCQ, Directrice Ing\u00e9nierie et Innovation, suppl\u00e9ante. \n \n10. Un repr\u00e9sentant sur proposition du Groupement R\u00e9gio nal des Acteurs Franciliens \nd'Insertion par l'\u00c9conomique (GRAFIE)  : \n \n\u2013 M. Olivier FLAMENT, Pr\u00e9sident, titulaire ; \no Mme Gis\u00e8le BILLARD, Membre du Conseil d'administration, suppl\u00e9ante. \n \n11. Un repr\u00e9sentant sur proposition de la F\u00e9d\u00e9ration de s associations gestionnaires des \n\u00e9tablissements de r\u00e9adaptation pour handicap\u00e9s (FAGERH)  : \n \n\u2013 Mme Isabelle ARGAUD, Directrice de l'ESRP Forja, titulaire ; \no M. Denis REYNAUD, Directeur de l'orientation et de la formation, \nAssociation Croizat, suppl\u00e9ant. \n \n12. sur proposition du comit\u00e9 r\u00e9gional des Groupements d'Employeurs d'Insertion et de \nQualification (CRGEIQ).  : \n \n\u2013 M. Foucauld RONTARD, Pr\u00e9sident, titulaire ; \no Madame Agn\u00e8s SALVADORI, D\u00e9l\u00e9gu\u00e9e r\u00e9gionale Centre-V al de Loire et \u00cele-\nde-France, suppl\u00e9ante. \nDirection r\u00e9gionale et interd\u00e9partementale de l'\u00e9conomie, de l'emploi, du travail et des solidarit\u00e9s d'\u00cele-de-France -\nIDF-2025-12-05-00004 - Arr\u00eat\u00e9 pr\u00e9fectoral modifiant l'arr\u00eat\u00e9 n\u00b0 IDF-2025-04-30-00006 du 30 avril 2025 portant composition,\nnomination et modalit\u00e9s de vote au sein du comit\u00e9 r\u00e9gional pour l'emploi d'Ile-de-France et de son bureau\n14\nPage 12  sur 14  \n \nVI. S'ajoutent deux personnalit\u00e9s qualifi\u00e9es dans le domaine de la transition \u00e9cologique  : \n \n1. Un repr\u00e9sentant sur proposition  de l'agence de l'environnement et de la ma\u00eetrise de  \nl'\u00e9nergie (ADEME)  : \n \n\u2013 Mme Am\u00e9lie RENAUD, Directrice r\u00e9gionale, titulaire ; \no Mme Val\u00e9rie JOUVIN, Directrice r\u00e9gional adjointe AD EME \u00cele-de-France, \nsuppl\u00e9ante. \n \n2. Un repr\u00e9sentant sur proposition de l'agence r\u00e9gionale \u00e9nergie climat (AREC)  : \n \n\u2013 M. Thomas HEMMERDINGER, Directeur de l'AREC \u00cele-de-France, titulaire  ; \no M. Helder DE OLIVEIRA, Directeur de l'Observatoire r\u00e9gional des D\u00e9chets \n(ORDIF) d'\u00cele-de-France, suppl\u00e9ant. \n \n \n  \nDirection r\u00e9gionale et interd\u00e9partementale de l'\u00e9conomie, de l'emploi, du travail et des solidarit\u00e9s d'\u00cele-de-France -\nIDF-2025-12-05-00004 - Arr\u00eat\u00e9 pr\u00e9fectoral modifiant l'arr\u00eat\u00e9 n\u00b0 IDF-2025-04-30-00006 du 30 avril 2025 portant composition,\nnomination et modalit\u00e9s de vote au sein du comit\u00e9 r\u00e9gional pour l'emploi d'Ile-de-France et de son bureau\n15\nPage 13  sur 14  \nTitre 2 \u2013Membres du Bureau du Comit\u00e9 r\u00e9gional pour l'emploi d'\u00cele-de-France \n \n \nI. Au titre du coll\u00e8ge des repr\u00e9sentants de l'Etat, ou tre le pr\u00e9sident du comit\u00e9 ou son \nrepr\u00e9sentant  : \n1\u00b0  un repr\u00e9sentant du directeur r\u00e9gional et interd\u00e9pa rtemental de l'\u00e9conomie, de l'emploi, du \ntravail et des solidarit\u00e9s d'\u00cele-de-France  : \n\u2013 M. Fabrice MASI, Directeur r\u00e9gional, titulaire  ; \no M. Marc ROHFRITSCH, Directeur r\u00e9gional adjoint, Res ponsable du P\u00f4le \n\u00c9conomie, emploi et solidarit\u00e9s, suppl\u00e9ant.  \n \n2\u00b0  Un repr\u00e9sentant du recteur de la r\u00e9gion acad\u00e9mique d'\u00cele-de-France  : \n\u2013 M. Richard CHANTIER, D\u00e9l\u00e9gu\u00e9 r\u00e9gional \u00e0 la formatio n professionnelle initiale et \ncontinue, titulaire  ; \no Mme Patricia BLOCH, D\u00e9l\u00e9gu\u00e9e r\u00e9gionale acad\u00e9mique \u00e0  l'Information et \u00e0 \nl'Orientation aupr\u00e8s du Recteur de la r\u00e9gion \u00cele-de-France, suppl\u00e9ante. \n \n3\u00b0  Un repr\u00e9sentant du directeur r\u00e9gional et interd\u00e9pa rtemental de l'alimentation, de l'agriculture \net de la for\u00eat (DRIAAF) - \u00cele-de-France  : \n\u2013 Mme Claire le BIGOT, Directrice r\u00e9gionale adjointe, titulaire  ; \no Mme Anne RICHARD, Cheffe du service r\u00e9gional de la formation et du \nd\u00e9veloppement, suppl\u00e9ante. \n \nII. Au titre du coll\u00e8ge des repr\u00e9sentants des collectiv it\u00e9s territoriales, outre le pr\u00e9sident \ndu conseil r\u00e9gional ou son repr\u00e9sentant : \n \nTitulaires Suppl\u00e9ants \n1\u00b0 Mme Murielle MARTIN-CHAM M. Stephen HERVE \n \n2\u00b0 Mme Elodie DUCROHET M. Pascal PELAIN \n \n3\u00b0 Mme Dieynaba DIOP Mme Julie GARNIER \n \n \nIII. Au titre des organisations syndicales repr\u00e9sentativ es au niveau national et \ninterprofessionnel : \n \n1. Un repr\u00e9sentant sur proposition de la Conf\u00e9d\u00e9ration  fran\u00e7aise d\u00e9mocratique du travail \n(CFDT)  :  \n \n\u2013 M. Henri HASSAN MOHAMED, Secr\u00e9taire r\u00e9gional en cha rge de l'emploi et de la \nformation professionnelle \u00e0 la CFDT Ile-de-France, titulaire  ; \no Mme G\u00e9raldine CORNETTE, Secr\u00e9taire g\u00e9n\u00e9rale adjoint e CFDT \u00cele-de-\nFrance, suppl\u00e9ante. \no M. Olivier LECLERCQ, D\u00e9l\u00e9gu\u00e9 R\u00e9gional sur l'emploi et la formation \nprofessionnelle, suppl\u00e9ant.  \n \n \n2. Un repr\u00e9sentant sur proposition de la Conf\u00e9d\u00e9ration g\u00e9n\u00e9rale du travail (CGT)  : \no  \n\u2013 Mme Brigitte MEYER, D\u00e9l\u00e9gu\u00e9e syndicale de la CGT France Travail, titulaire  ; \no M. Yannick BILIEC, Enseignant Secr\u00e9taire g\u00e9n\u00e9ral de  la CGT-Educ'action de \nl'Essonne, suppl\u00e9ant  ; \nDirection r\u00e9gionale et interd\u00e9partementale de l'\u00e9conomie, de l'emploi, du travail et des solidarit\u00e9s d'\u00cele-de-France -\nIDF-2025-12-05-00004 - Arr\u00eat\u00e9 pr\u00e9fectoral modifiant l'arr\u00eat\u00e9 n\u00b0 IDF-2025-04-30-00006 du 30 avril 2025 portant composition,\nnomination et modalit\u00e9s de vote au sein du comit\u00e9 r\u00e9gional pour l'emploi d'Ile-de-France et de son bureau\n16\nPage 14  sur 14  \no Mme Val\u00e9rie LESAGE, Membre du Secr\u00e9tariat de l'URIF  CGT en charge de la \nformation professionnelle et membre du CESER Ile-de-France, suppl\u00e9ante.  \no  \n \n3. Un repr\u00e9sentant sur proposition de la Conf\u00e9d\u00e9ration  g\u00e9n\u00e9rale du travail - Force ouvri\u00e8re \n(CGT-FO)  : \n \n\u2013 M. Brahim MESSAOUDEN, Charg\u00e9 de mission \u00e0 la FGTA-FO, titulaire  ; \no Mme Odile FREMIN, Tr\u00e9sori\u00e8re g\u00e9n\u00e9rale adjointe, suppl\u00e9ante ; \no M. Pascal COYO, Membre de FO, suppl\u00e9ant. \n \n4. Un repr\u00e9sentant sur proposition de la Conf\u00e9d\u00e9ration  fran\u00e7aise de l'encadrement \u2013 \nConf\u00e9d\u00e9ration g\u00e9n\u00e9rale des cadres (CFE-CGC)  : \n \n\u2013 M. Andr\u00e9 LEGAULT, D\u00e9l\u00e9gu\u00e9 Syndical Central de KONE France et Charg\u00e9 de \nMission pour KONE France, titulaire  ; \no M. Fr\u00e9d\u00e9ric FLOQUET, D\u00e9l\u00e9gu\u00e9 Syndical de KONE \u00cele-de-France, suppl\u00e9ant ; \no Mme. Fatima JAIEL, Membre de la CFE-CGC, suppl\u00e9ante. \n \n5. Un repr\u00e9sentant sur proposition de la Conf\u00e9d\u00e9ration  fran\u00e7aise des travailleurs chr\u00e9tiens \n(CFTC)  : \n \n\u2013 Mme Nathalie LE DISERT, Charg\u00e9e de relations entrep rises chez France Travail, \ntitulaire  ; \no M. Pierre SALAUN, Contract manager chez SUEZ et Coo rdinateur CFTC, \nsuppl\u00e9ant  ; \no Mme Marie-Jos\u00e9 BAUTISTA, Membre du bureau f\u00e9d\u00e9ral, suppl\u00e9ante. \n \n \nIV. Au titre des organisations professionnelles d'emplo yeurs repr\u00e9sentatives au niveau \nnational et interprofessionnel : \n1. Un repr\u00e9sentant sur proposition du Mouvement des employeurs de France (MEDEF)  : \n \n\u2013 M. Jean-Pierre GAUMET, Pr\u00e9sident de l'AFT Transport  & Logistique et Pr\u00e9sident du \nGATMARIF, Administrateur MEDEF \u00cele-de-France, titulaire  ; \no Mme La\u00efla MOULIN, Responsable Emploi Formation au M EDEF \u00cele-de-France, \nsuppl\u00e9ante  ; \no Mme Christine CLEMENT, Charg\u00e9e de mission Emploi-Fo rmation \u2013 GIM, \nsuppl\u00e9ante. \n \n2. Un repr\u00e9sentant sur proposition de la Conf\u00e9d\u00e9ration  des petites et moyennes entreprises \n(CPME)  : \n \n\u2013 Mme Virginie FAIVET, Pr\u00e9sidente-Directrice g\u00e9n\u00e9rale de StartHack, titulaire  ; \no M. Anthony METAYER, D\u00e9l\u00e9gu\u00e9 g\u00e9n\u00e9ral de la CPME Paris, suppl\u00e9ant. \n \n3. Un repr\u00e9sentant sur proposition de l'Union des entreprises de proximit\u00e9 (U2P)  : \n \n\u2013 M. Jonathan SALMON, Secr\u00e9taire g\u00e9n\u00e9ral CAPEB \u00cele-de-France, titulaire  ; \no Mme Nathalie DELORME, Conseill\u00e8re technique formati on et emploi \u00e0 la \nCGAD \u00cele-de-France, suppl\u00e9ante. \n \nDirection r\u00e9gionale et interd\u00e9partementale de l'\u00e9conomie, de l'emploi, du travail et des solidarit\u00e9s d'\u00cele-de-France -\nIDF-2025-12-05-00004 - Arr\u00eat\u00e9 pr\u00e9fectoral modifiant l'arr\u00eat\u00e9 n\u00b0 IDF-2025-04-30-00006 du 30 avril 2025 portant composition,\nnomination et modalit\u00e9s de vote au sein du comit\u00e9 r\u00e9gional pour l'emploi d'Ile-de-France et de son bureau\n17","date":"2025-12-05","first_seen_on":"2025-12-05T20:16:39+00:00","id":"18db5e0499d1c27b2ee65f5cd745185570aaf8771178801ac3db5c5ab1189f0a","name":"recueil-idf-019-2025-12-RAA-nominatifs du 05.12.2025","pdf_creation_date":"2025-12-05T16:38:27+00:00","pdf_modification_date":null,"timezone":"Europe/Paris","url":"https://www.prefectures-regions.gouv.fr/ile-de-france/irecontenu/telechargement/133413/978346/file/recueil-idf-019-2025-12-RAA-nominatifs%20du%2005.12.2025.pdf"}
