{"administration":"prefidf","administration_name":"Pr\u00e9fecture de la r\u00e9gion \u00cele-de-France","content":"PREFECTURE\nREGION ILE DE\nFRANCE\nRECUEIL DES ACTES\nADMINISTRATIFS SP\u00c9CIAL\nN\u00b0IDF-008-2025-11\nPUBLI\u00c9 LE  4 NOVEMBRE 2025\nSommaire\nAgence R\u00e9gionale de Sant\u00e9 /\nIDF-2025-11-04-00011 - Arr\u00eat\u00e9 2025-301 portant renouvellement de\nl'autorisation du Service d'Accompagnement M\u00e9dico-Social pour Adultes\nHandicap\u00e9s (SAMSAH) \u00e0 Paris 13\u00e8me g\u00e9r\u00e9 par l'association\nR\u00e9seau de sant\u00e9 Prepsy (4 pages) Page 5\nIDF-2025-11-04-00007 - Arr\u00eat\u00e9 n\u00b02025-297 portant renouvellement de\nl'autorisation de l'EAM (Etablissement d'Accueil M\u00e9dicalis\u00e9) HOVIA\nParis 16\u00e8me g\u00e9r\u00e9 par l'association HOVIA (4 pages) Page 10\nIDF-2025-11-04-00008 - Arr\u00eat\u00e9 n\u00b02025-298 portant renouvellement de\nl'autorisation de l'Etablissement d'Accueil M\u00e9dicalis\u00e9 (EAM) Simone Veil\n\u00e0 Paris 15\u00e8me g\u00e9r\u00e9 par l'association Autisme en \u00eele-de-France (3\npages) Page 15\nIDF-2025-11-04-00009 - Arr\u00eat\u00e9 n\u00b02025-299 portant renouvellement de\nl'autorisation du Service d'accompagnement m\u00e9dico-social pour adultes\nhandicap\u00e9s (SAMSAH) OEuvre Falret \u00e0 Paris 18\u00e8me g\u00e9r\u00e9 par la\nFondation Falret (3 pages) Page 19\nIDF-2025-11-04-00010 - Arr\u00eat\u00e9 n\u00b02025-300 portant renouvellement de\nl'autorisation de l'EAM Saint Genevi\u00e8ve \u00e0 Paris 15\u00e8me g\u00e9r\u00e9 par\nl'association Notre Dame de Bon Secours (4 pages) Page 23\nIDF-2025-10-29-00009 - Arr\u00eat\u00e9 n\u00b02025-302 portant modification de\nl'arr\u00eat\u00e9 n\u00b02024-262 portant autorisation de l'extension de capacit\u00e9\nde 32 \u00e0 40 places de l'Institut Th\u00e9rapeutique Educatif et P\u00e9dagogique\n(ITEP) Jacques Pr\u00e9vert \u00e0 Ch\u00e2tenay-Malabry g\u00e9r\u00e9 par la Fondation\ndes Amis de l'Atelier  (4 pages) Page 28\nAgence R\u00e9gionale de Sant\u00e9 / Agence r\u00e9gionale de sant\u00e9\nd'Ile-de-France-Direction de la Veille et S\u00e9curit\u00e9 Sanitaire\nIDF-2025-10-27-00010 - D\u00e9cision n\u00b0 DVSS - QSPHARMBIO - 2025 /\n109\nportant renouvellement de l'autorisation de la pharmacie \u00e0\nusage int\u00e9rieur\nde l'H\u00f4pital Europ\u00e9en de Paris (5 pages) Page 33\nIDF-2025-10-27-00009 - D\u00e9cision n\u00b0DVSS - QSPHARMBIO - 2025/116\nrenouvellement autorisation pharmacie \u00e0 usage int\u00e9rieur de la Clinique\ndu Parc de Belleville (3 pages) Page 39\nAgence R\u00e9gionale de Sant\u00e9 / Agence r\u00e9gionale de sant\u00e9\nd'Ile-de-France-Direction de l'Offre de Soins (DOS)  P\u00f4le Efficience\nIDF-2025-11-03-00004 - Arr\u00eat\u00e9 n\u00b0 DOS - 2025/4614 modifiant\nl'arr\u00eat\u00e9 n\u00b0 DOS - 2025/3547 du 10 juillet 2025 portant\nautorisation de fonctionnement du laboratoire de biologie m\u00e9dicale\nmultisites \u00ab BIOGROUP PARIS EST \u00bb, sis 70, boulevard Anatole France \u00e0\nSAINT-DENIS (93200) (2 pages) Page 43\n2\nAgence R\u00e9gionale de Sant\u00e9 - D\u00e9l\u00e9gation d\u00e9partementale de\nSeine-et-Marne /\nIDF-2025-09-25-00039 - Arr\u00eat\u00e9 n\u00b0 PFS 2025-77-1164-1731944208 bis\nportant modification de l'agr\u00e9ment du centre de sant\u00e9 \"CDS dentaire\nNemours\" pour ses activit\u00e9s dentaires.  (1 page) Page 46\nIDF-2025-10-02-00046 - Arr\u00eat\u00e9 n\u00b0 PFS 2025-77-1233-1749216595\nportant agr\u00e9ment de l'antenne de Meaux du Centre de sant\u00e9\nOphtavision pour ses activit\u00e9s ophtalmologiques;  (1 page) Page 48\nIDF-2025-10-02-00047 - Arr\u00eat\u00e9 n\u00b0 PFS 2025-77-1234-1749218357\nportant agr\u00e9ment de l'antenne de Coulommiers du centre de sant\u00e9\nOphtavision pour ses activit\u00e9s ophtalmologiques.  (1 page) Page 50\nDirection r\u00e9gionale et interd\u00e9partementale de l'h\u00e9bergement et du\nlogement / Service Acc\u00e8s au Logement et Pr\u00e9ventions des Expulsions\nIDF-2025-11-04-00002 - Arr\u00eat\u00e9 portant agr\u00e9ment de l'association\nEspoir - Centres Familiaux de Jeunes au titre de l'interm\u00e9diation\nlocative et gestion locative sociale (5 pages) Page 52\nIDF-2025-11-04-00003 - Arr\u00eat\u00e9 portant agr\u00e9ment de l'Association\nEspoir - Centres Familiaux de Jeunes au titre de l'ing\u00e9nierie sociale,\nfinanci\u00e8re et technique (4 pages) Page 58\nDirection r\u00e9gionale et interd\u00e9partementale de l'environnement, de\nl'am\u00e9nagement et des transports d'\u00cele-de-France / Service\nAm\u00e9nagement durable\nIDF-2025-11-04-00004 - Arr\u00eat\u00e9 n\u00b0 IDF-2025 accordant \u00e0 \nCAMPUS\nHEC l'agr\u00e9ment institu\u00e9 par l'article R.510-1 du code de\nl'urbanisme (2 pages) Page 63\nIDF-2025-11-04-00001 - Arr\u00eat\u00e9 n\u00b0IDF-2025 accordant \u00e0 la SOCI\u00c9T\u00c9\nDES GRANDS PROJETS l'agr\u00e9ment institu\u00e9 par l'article R.510-1 du\ncode de l'urbanisme (2 pages) Page 66\nDirection r\u00e9gionale et interd\u00e9partementale de l'h\u00e9bergement et du\nlogement / Accueil h\u00e9bergement insertion\nIDF-2025-11-04-00006 - Arr\u00eat\u00e9 de dotation globalis\u00e9e commune CPOM\nCHRS  Relais de Senart  2025 (4 pages) Page 69\nIDF-2025-11-04-00005 - Arr\u00eat\u00e9 de tarification CHRS EQUALIS 2025 (4\npages) Page 74\nRectorat de l'acad\u00e9mie de Cr\u00e9teil / Affaires juridiques\nIDF-2025-11-03-00006 - Arr\u00eat\u00e9 du 3 novembre 2025 portant\nd\u00e9l\u00e9gation de signature \u00e0 monsieur David BERAHA, secr\u00e9taire\ng\u00e9n\u00e9ral adjoint, directeur des relations et des ressources humaines,\nmonsieur Fr\u00e9d\u00e9ric MULLER, secr\u00e9taire g\u00e9n\u00e9ral adjoint en charge\ndes affaires g\u00e9n\u00e9rales, de l'appui au pilotage et de la \ntransformation,\nmonsieur Emmanuel ROUETTE, secr\u00e9taire g\u00e9n\u00e9ral adjoint en charge\ndu budget, des moyens et de l'organisation scolaire, monsieur Charles\nNAIM, secr\u00e9taire g\u00e9n\u00e9ral adjoint en charge de la performance, du\nsuivi des politiques \u00e9ducatives et des \u00e9tablissements (3 pages) Page 79\n3\nIDF-2025-11-03-00005 - Arr\u00eat\u00e9 du 3 novembre 2025 portant\nd\u00e9l\u00e9gation de signature \u00e0 monsieur Mehdi CHERFI, secr\u00e9taire\ng\u00e9n\u00e9ral de l'acad\u00e9mie de Cr\u00e9teil, \npour les op\u00e9rations du\nprogramme d'investissements d'avenir - action : \u00ab internats\nd'excellence et \u00e9galit\u00e9 des chances \u00bb \n (3 pages) Page 83\nRectorat de la r\u00e9gion acad\u00e9mique d'Ile-de-France, rectorat de\nl'acad\u00e9mie de Paris /\nIDF-2025-10-31-00012 - Arr\u00eat\u00e9 n\u00b0 2025-166-RRA portant agr\u00e9ment au\ntitre de la Jeunesse et de l'\u00c9ducation Populaire pour l'association LIRE - LE\nLIVRE POUR L'INSERTION ET LE REFUS DE L'EXCLUSION - SDJES de Paris (2\npages) Page 87\nIDF-2025-10-31-00013 - Arr\u00eat\u00e9 n\u00b0 2025-167-RRA portant reconnaissance\ndu tronc commun d'agr\u00e9ment d'une association LIRE - LE LIVRE\nPOUR L'INSERTION ET LE REFUS DE L'EXCLUSION - SDJES de Paris (2 pages) Page 90\nIDF-2025-10-31-00014 - Arr\u00eat\u00e9 n\u00b0 2025-168-RRA portant agr\u00e9ment au\ntitre de la Jeunesse et de l'\u00c9ducation Populaire pour l'association LOISIRS\nRESIDENTIELS DES MARINIERS (LOREM) - SDJES de Paris  (2 pages) Page 93\nIDF-2025-10-31-00015 - Arr\u00eat\u00e9 n\u00b0 2025-169-RRA portant reconnaissance\ndu tronc commun d'agr\u00e9ment d'une association LOISIRS\nRESIDENTIELS DES MARINIERS (LOREM) - SDJES de Paris (2 pages) Page 96\n4\nAgence R\u00e9gionale de Sant\u00e9\nIDF-2025-11-04-00011\nArr\u00eat\u00e9 2025-301 portant renouvellement de\nl'autorisation du Service d'Accompagnement\nM\u00e9dico-Social pour Adultes Handicap\u00e9s\n(SAMSAH) \u00e0 Paris 13\u00e8me g\u00e9r\u00e9 par l'association\nR\u00e9seau de sant\u00e9 Prepsy\nAgence R\u00e9gionale de Sant\u00e9 - IDF-2025-11-04-00011 - Arr\u00eat\u00e9 2025-301 portant renouvellement de l'autorisation du Service\nd'Accompagnement M\u00e9dico-Social pour Adultes Handicap\u00e9s (SAMSAH) \u00e0 Paris 13\u00e8me g\u00e9r\u00e9 par l'association R\u00e9seau de sant\u00e9 Prepsy 5\nEMREPUBLIQUEFRAN CAI SE \u00a9 D Agence R\u00e9gionale de Sant\u00e9VILLE DE \u00cele-de-FranceLibert\u00e9i PARISFraternit\u00e9\n  \n \n \n \n \n \n \nAGENCE R\u00c9GIONALE DE SANT\u00c9 \u00ceLE-DE-FRANCE \n \nARRETE N\u00b02025 \u2013 301  \n  \n \nportant renouvellement d'autorisation du Service d'Accompagnement M\u00e9dico-Social  \npour Adultes Handicap\u00e9s (SAMSAH) au sis au 14, rue de la Fontaine \u00e0 Mulard 75013 Paris  \ng\u00e9r\u00e9 par l'association R\u00e9seau de sant\u00e9 Prepsy \n  \n \n \n \nLE DIRECTEUR G\u00c9N\u00c9RAL DE L'AGENCE R\u00c9GIONALE DE SANT\u00c9 \u00ceLE-DE-FRANCE \nLA MAIRE DE PARIS \n \n \n \nVU le code de l'action sociale et des familles et notamment les articles L. 312 -1, L. 313-1, L. \n314-3 et suivants ; \n \n                  VU le code g\u00e9n\u00e9ral des collectivit\u00e9s territoriales ;  \n \nVU         le d\u00e9cret du 10 avril 2024 portant nomination de Monsieur Denis ROBIN, Directeur \ng\u00e9n\u00e9ral de l'Agence r\u00e9gionale de sant\u00e9 \u00cele-de-France \u00e0 compter du 29 avril 2024 ; \n \nVU l'arr\u00eat\u00e9 DS n\u00b0018/2025 portant d\u00e9l\u00e9gation de signature du Directeur G\u00e9n\u00e9ral de l'Agence \nR\u00e9gionale de Sant\u00e9 d'\u00cele-de-France vers le Directeur D\u00e9partementale de Paris dat\u00e9 du 17 \njuillet 2025 ; \n \nVU l'arr\u00eat\u00e9 du 17 mars 2025 portant d\u00e9l\u00e9gation de signature de la maire de Paris ; \n \nVU l'arr\u00eat\u00e9 n\u00b0 DIRNOV-2023/08 de la Directrice g\u00e9n\u00e9rale de l'Agence r\u00e9gionale de sant\u00e9 \u00cele-\nde-France en date du 26 octobre 2023 portant adoption du cadre d'orientation strat\u00e9gique \n2018-2028 du projet r\u00e9gional de sant\u00e9 d'\u00cele-de-France ; \n \nVU l'arr\u00eat\u00e9 n\u00b0 DIRNOV-2023/09 de la Directrice g\u00e9n\u00e9rale de l'Agence r\u00e9gionale de sant\u00e9 \u00cele-\nde-France en date du 26 octobre 2023 portant adoption du sch\u00e9ma r\u00e9gional de sant\u00e9 \n2023-2028 du projet r\u00e9gional de sant\u00e9 d' \u00cele-de-France, modifi\u00e9 par l'arr\u00eat\u00e9 n\u00b0DIRNOV-\n2023/09 en date du 12 janvier 2024 ; \n \nVU l'arr\u00eat\u00e9 n\u00b0 2023-346 de la Directrice g\u00e9n\u00e9rale de l'Agence r\u00e9gionale de sant\u00e9 \u00cele-de-France \nen date du 4 d\u00e9cembre 2023 \u00e9tablissant le programme interd\u00e9partemental \nd'accompagnement des handicaps et de la perte d'autonomie (PRIAC) 2023-2027 pour la \nr\u00e9gion \u00cele-de-France ; \n \nAgence R\u00e9gionale de Sant\u00e9 - IDF-2025-11-04-00011 - Arr\u00eat\u00e9 2025-301 portant renouvellement de l'autorisation du Service\nd'Accompagnement M\u00e9dico-Social pour Adultes Handicap\u00e9s (SAMSAH) \u00e0 Paris 13\u00e8me g\u00e9r\u00e9 par l'association R\u00e9seau de sant\u00e9 Prepsy 6\n2 \n \n \nVU  le Sch\u00e9ma d\u00e9partemental en faveur des personnes handicap\u00e9es ; \n \nVU l'arr\u00eat\u00e9 conjoint n\u00b0 2010-168 du Directeur g\u00e9n\u00e9ral de l'Agence r\u00e9gionale de sant\u00e9 Ile de \nFrance et du Pr\u00e9sident du Conseil de Paris si\u00e9geant en formation du Conseil \nD\u00e9partemental en date du 5 octobre 2010 , portant autorisation de cr\u00e9ation de 40 places \npar le r\u00e9seau de sant\u00e9 Prepsy qui r\u00e9pond \u00e0 un besoin d'accompagnement de jeunes de \n18 \u00e0 25 ayant des troubles psychiques ; \n \nVU      l'arr\u00eat\u00e9 n\u00b02017-265 du 31 juillet 2017 portant autorisation d'extension de capacit\u00e9 de 10 \nplaces de SAMSAH destin\u00e9es \u00e0 l'accompagnement de  jeunes adultes pr\u00e9sentant des \ntroubles psychiques ; \n \nVU les conclusions du rapporteur de l'\u00e9valuation externe adress\u00e9es \u00e0 l'Agence r\u00e9gionale de \nsant\u00e9 \u00cele-de-France le 15 octobre 2025. \n \n \n \nCONSID\u00c9RANT          que l'\u00e9valuateur externe AB CERTIFICATION indique que les r\u00e9sultats de \nl'ensemble des crit\u00e8res imp\u00e9ratifs \u00e9valu\u00e9s sont satisfaisants ; \n \nCONSID\u00c9RANT       que le projet r\u00e9pond \u00e0 un besoin de d\u00e9veloppement de l'offre m\u00e9dico- social \nidentifi\u00e9 sur le d\u00e9partement Paris pour les p ersonnes concern\u00e9es par un \nhandicap psychique ; \n \nCONSID\u00c9RANT qu'il est compatible avec les objectifs et r\u00e9pond aux besoins sociaux et \nm\u00e9dico-sociaux fix\u00e9s par le sch\u00e9ma r\u00e9gional de sant\u00e9 ;  \n \nCONSID\u00c9RANT qu'il satisfait aux r\u00e8gles d'organisation et de fonctionnement pr\u00e9vues par le \ncode de l'action sociale et des familles ;  \n \nCONSID\u00c9RANT qu'il pr\u00e9sente un co\u00fbt de fonctionnement en ann\u00e9e pleine compatible avec \nle PRIAC \u00cele-de-France et avec le montant de l'une des dotations \nmentionn\u00e9es \u00e0 l'article L. 314-3 du code de l'action sociale et des familles ; \n \nCONSID\u00c9RANT  que l'op\u00e9ration peut s'effectuer \u00e0 moyens constants  et n'entra\u00eene donc \naucun surco\u00fbt ; \n \n       \n \n \n \nARR\u00caTENT  \n \n \n \nARTICLE 1er : L'autorisation d\u00e9livr\u00e9e au SAMSAH PREPSY sis(e) au 14, rue de la Fontaine \u00e0 Mulard \n75013 Paris, destin\u00e9 \u00e0 accueillir des adultes en situation de handicap psychique est \nrenouvel\u00e9e \u00e0 compter du 06 octobre 2025 pour une dur\u00e9e de quinze ans. \n \n \n \nARTICLE 2e :  La capacit\u00e9 totale du SAMSAH PRESPY est de 50 places destin\u00e9es \u00e0 des adultes en \nsituation de handicap psychique. \nAgence R\u00e9gionale de Sant\u00e9 - IDF-2025-11-04-00011 - Arr\u00eat\u00e9 2025-301 portant renouvellement de l'autorisation du Service\nd'Accompagnement M\u00e9dico-Social pour Adultes Handicap\u00e9s (SAMSAH) \u00e0 Paris 13\u00e8me g\u00e9r\u00e9 par l'association R\u00e9seau de sant\u00e9 Prepsy 7\n3 \n \n \n \n \nARTICLE 3e : Conform\u00e9ment aux termes du dernier alin\u00e9a du I de l'article D. 312 -0-3 du code de \nl'action sociale et des familles, aucune sp\u00e9cialisation n'exclut la prise en charge de \npersonnes pr\u00e9sentant des troubles associ\u00e9s \u00e0 ceux qui font l'objet de la pr\u00e9sente \nautorisation.  \n \n \nARTICLE 4e : Cette structure est r\u00e9pertori\u00e9e dans le Fichier National des Etablissements Sanitaires \net Sociaux (FINESS) de la fa\u00e7on suivante : \n \n \n \nN\u00b0 FINESS de l'\u00e9tablissement : 75 004 872 0 \n \n \nCode \ncat\u00e9gorie : \n \n[445]- Service d'accompagnement m\u00e9dico-social adultes \nhandicap\u00e9s \n \nCode \ndiscipline :  \n \n \n[966] - Accueil et accompagnement \nm\u00e9dicalis\u00e9 personnes handicap\u00e9es \n \n \nCode \nfonctionnement  \n(mode d'accueil et \nd'accompagnement) :  \n \n[16] - Prestation en milieu ordinaire \n \n50 \nplaces \n \nCode client\u00e8le : \n \n \n[206] - Handicap psychique \n50 \nplaces \n \nCode mode de fixation des tarifs : [09] ARS PCD mixte (2 arr\u00eat\u00e9s), habilit\u00e9 aide sociale \n \nN\u00b0 FINESS du gestionnaire : 75 004 871 2 \n \nCode statut : [61] Association Loi 1901 Reconnue d'Utilit\u00e9 Publique \n \n \n \nARTICLE 5e :   Tout changement important dans l'activit\u00e9, l'installation, l'organisation, la direction ou \nle fonctionnement de l'\u00e9tablissement ou du service doit \u00eatre port\u00e9 \u00e0 la connaissance \ndes autorit\u00e9s comp\u00e9tentes. \n \n \nARTICLE 6e :  Un recours contre le pr\u00e9sent arr\u00eat\u00e9 peut \u00eatre form\u00e9 devant le tribunal administratif \ncomp\u00e9tent dans un d\u00e9lai de deux mois \u00e0 compter de sa notification ou, pour les tiers, \n\u00e0 compter de sa publication.   \n \n \n \n \n \n \nAgence R\u00e9gionale de Sant\u00e9 - IDF-2025-11-04-00011 - Arr\u00eat\u00e9 2025-301 portant renouvellement de l'autorisation du Service\nd'Accompagnement M\u00e9dico-Social pour Adultes Handicap\u00e9s (SAMSAH) \u00e0 Paris 13\u00e8me g\u00e9r\u00e9 par l'association R\u00e9seau de sant\u00e9 Prepsy 8\nsignesigne\n4 \n \n \nARTICLE 7e :   Le Directeur de la d\u00e9l\u00e9gation d\u00e9partementale de Paris de l'Agence r\u00e9gionale de sant\u00e9 \n\u00cele-de-France et le Pr\u00e9sident du Conseil d\u00e9partemental de Paris sont charg\u00e9s, chacun \nen ce qui le concerne, de l'ex\u00e9cution du pr\u00e9sent arr\u00eat\u00e9 qui sera publi\u00e9 aux recueils \ndes actes administratifs de la R\u00e9gion \u00cele-de-France et au bulletin officiel du \nD\u00e9partement de Paris.  \n \n \n       \n Fait \u00e0 Saint-Denis, le 4 nov. 2025  \n \n         \nPour le Directeur g\u00e9n\u00e9ral \nde l'Agence r\u00e9gionale sant\u00e9 \n\u00cele-de-France et par d\u00e9l\u00e9gation \n \n \n \n \n \n \nEsther LEPAICHEUX \nDirectrice adjointe de la D\u00e9l\u00e9gation \nD\u00e9partementale de Paris \n \nPour la Maire de Paris \nLe Directeur adjoint des solidarit\u00e9s \n \n \n \n  \n \n \n \nJacque BERGER \n \nAgence R\u00e9gionale de Sant\u00e9 - IDF-2025-11-04-00011 - Arr\u00eat\u00e9 2025-301 portant renouvellement de l'autorisation du Service\nd'Accompagnement M\u00e9dico-Social pour Adultes Handicap\u00e9s (SAMSAH) \u00e0 Paris 13\u00e8me g\u00e9r\u00e9 par l'association R\u00e9seau de sant\u00e9 Prepsy 9\nAgence R\u00e9gionale de Sant\u00e9\nIDF-2025-11-04-00007\nArr\u00eat\u00e9 n\u00b02025-297 portant renouvellement de\nl'autorisation de l'EAM (Etablissement d'Accueil\nM\u00e9dicalis\u00e9) HOVIA Paris 16\u00e8me g\u00e9r\u00e9 par\nl'association HOVIA\nAgence R\u00e9gionale de Sant\u00e9 - IDF-2025-11-04-00007 - Arr\u00eat\u00e9 n\u00b02025-297 portant renouvellement de l'autorisation de l'EAM\n(Etablissement d'Accueil M\u00e9dicalis\u00e9) HOVIA Paris 16\u00e8me g\u00e9r\u00e9 par l'association HOVIA 10\nREPUBLIQUEFRAN\u00c7AISELibert\u00e9Egalit\u00e9Fraternit\u00e9\nVILLE DEPARIS\u00a9 \u00bb Agence R\u00e9gionale de Sant\u00e9Ile-de-France\n \n      \n \n \n \n \n \n \n \nAGENCE R\u00c9GIONALE DE SANT\u00c9 \u00ceLE-DE-FRANCE \n \nARRETE N\u00b0   2025 \u2013 297  \n \nportant renouvellement de l'autorisation de l'EAM (Etablissement d'Accueil M\u00e9dicalis\u00e9) \nHOVIA Paris 16, sis 29 rue F\u00e9licien David \u00e0 PARIS (75116), \ng\u00e9r\u00e9 par l'association HOVIA  \n \n \n \nLE DIRECTEUR G\u00c9N\u00c9RAL DE L'AGENCE R\u00c9GIONALE DE SANT\u00c9 \u00ceLE-DE-France \nLA MAIRE DE PARIS \n \n \nVU le code de l'action sociale et des familles et notamment les articles L. 312-1, L. 313-1,  \nL. 314-3 et suivants ; \n \nVU        le d\u00e9cret du 10 avril 2024 portant nomination de Monsieur Denis ROBIN, Directeur g\u00e9n\u00e9ral \nde l'Agence r\u00e9gionale de sant\u00e9 \u00cele-de-France \u00e0 compter du 29 avril 2024 ; \n \nVU l'arr\u00eat\u00e9 DS n\u00b0018/2025 portant d\u00e9l\u00e9gation de signature du Directeur G\u00e9n\u00e9ral de l'Agence \nR\u00e9gionale de Sant\u00e9 d'\u00cele -de-France vers le Directeur D\u00e9partementale de Paris dat\u00e9 du 17 \njuillet 2025 ; \n \nVU       l'arr\u00eat\u00e9 du 17 mars 2025 portant d\u00e9l\u00e9gation de signature de la Maire de Paris ; \n \nVU l'arr\u00eat\u00e9 n\u00b0 DIRNOV-2023/08 de la Directrice g\u00e9n\u00e9rale de l'Agence r\u00e9gionale de sant\u00e9 \u00cele-de-\nFrance en date du 26 octobre 2023 portant adoption du cadre d'orientation strat\u00e9gique 2018-\n2028 du projet r\u00e9gional de sant\u00e9 d'\u00cele-de-France ; \n \nVU l'arr\u00eat\u00e9 n\u00b0 DIRNOV-2023/09 de la Directrice g\u00e9n\u00e9rale de l'Agence r\u00e9gionale de sant\u00e9 \u00cele-de-\nFrance en date du 26 octobre 2023 portant adoption du sch\u00e9ma r\u00e9gional de sant\u00e9 2023-2028 \ndu projet r\u00e9gional de sant\u00e9 d'\u00cele-de-France, modifi\u00e9 par l'arr\u00eat\u00e9 n\u00b0DIRNOV-2023/09 en date \ndu 12 janvier 2024 ; \n \nVU l'arr\u00eat\u00e9 n\u00b0 2023-346 de la Directrice g\u00e9n\u00e9rale de l'Agence r\u00e9gionale de sant\u00e9 \u00cele-de-France \nen date du 4 d\u00e9cembre 2023 \u00e9tablissant le programme interd\u00e9partemental \nd'accompagnement des handicaps et de la perte d'autonomie (PRIAC) 2023 -2027 pour la \nr\u00e9gion \u00cele-de-France ; \n \nVU  le Sch\u00e9ma d\u00e9partemental en faveur des personnes handicap\u00e9es ; \n \nVU l'arr\u00eat\u00e9 n\u00b0 2010-166 portant autorisation de cr\u00e9ation du Foyer d'Accueil M\u00e9dicalis\u00e9 de 40 \nplaces en date du 05 octobre 2010, port\u00e9 par l'association \u0152uvre de l'Hospitalit\u00e9 du Travail, \nsis au 52 Avenue de Versailles 75016 Paris. \n  \nVU  l'arr\u00eat\u00e9 n\u00b02019-241 portant cession en date du 19 d\u00e9cembre 2019 de l'autorisation de l'EAM \n(Etablissement d'accueil m\u00e9dicalis\u00e9) de l'\u0153uvre de l'Hospitalit\u00e9 du Travail (OHT) , g\u00e9r\u00e9 par \nl'association \u00ab \u0152uvre de l'Hospitalit\u00e9 du Travail \u00bb au profit de l'association \u00ab Le Moulin Vert \u00bb ; \nAgence R\u00e9gionale de Sant\u00e9 - IDF-2025-11-04-00007 - Arr\u00eat\u00e9 n\u00b02025-297 portant renouvellement de l'autorisation de l'EAM\n(Etablissement d'Accueil M\u00e9dicalis\u00e9) HOVIA Paris 16\u00e8me g\u00e9r\u00e9 par l'association HOVIA 11\n       2 \n \nVU l'arr\u00eat\u00e9 conjoint N\u00b02022-164 ent\u00e9rinant le changement de d\u00e9nomination de l'association \u00ab le \nMoulin Vert \u00bb en association \u00ab  HOVIA \u00bb et autorisant le changement de d\u00e9nomination des \n\u00e9tablissements CAMSP HOVIA Paris 15, CMPP HOVIA Paris 18, IME HOVIA Paris 17, ESAT \nHOVIA Paris 16 et EAM Hovia Paris 16, en date du 28 septembre 2022 ; \n \nVU      l'arr\u00eat\u00e9 2024-380 portant autorisation d'extension de capacit\u00e9 de 40 \u00e0 60 places de l'EAM \nHOVIA Paris 16 ; \n \nVU les conclusions du rapporteur de l'\u00e9valuation externe adress\u00e9es \u00e0 l'Agence r\u00e9gionale de \nsant\u00e9 \u00cele-de-France le 28 juin 2024. \n \n \nCONSID\u00c9RANT   que l'\u00e9valuateur externe AFNOR CERTIFICATION indique que les r\u00e9sultats \nde l'ensemble des crit\u00e8res imp\u00e9ratifs \u00e9valu\u00e9s sont satisfaisants  ; \n \nCONSID\u00c9RANT  que le projet r\u00e9pond \u00e0 un besoin de d\u00e9veloppement de l'offre m\u00e9dico-sociale \nidentifi\u00e9 \u00e0 Paris pour les personnes concern\u00e9es par des troubles psychiques \nstabilis\u00e9s associ\u00e9s \u00e0 d'autres troubles et/ou chronicis\u00e9s ;  \n \nCONSID\u00c9RANT qu'il est  compatible avec les objectifs et r\u00e9pond aux besoins sociaux et \nm\u00e9dico-sociaux fix\u00e9s par le sch\u00e9ma r\u00e9gional de sant\u00e9 ;  \n \nCONSID\u00c9RANT qu'il satisfait aux r\u00e8gles d'organisation et de fonctionnement pr\u00e9vues par le \ncode de l'action sociale et des familles ;  \n \nCONSID\u00c9RANT qu'il pr\u00e9sente un co\u00fbt de fonctionnement en ann\u00e9e pleine compatible avec le \nPRIAC \u00cele-de-France et avec le montant de l'une des dotations mentionn\u00e9 es \n\u00e0 l'article L. 314-3 du code de l'action sociale et des familles ; \n \nCONSID\u00c9RANT  que l'op\u00e9ration peut s'effectuer \u00e0 moyens constants et n'entra\u00eene donc aucun \nsurco\u00fbt ; \n \n \n \nARR\u00caTENT  \n \nARTICLE 1er : L'autorisation d\u00e9livr\u00e9e \u00e0 l'EAM (Etablissement d'Accueil M\u00e9dicalis\u00e9) HOVIA Paris 16 sis \nau 29, rue F\u00e9licien David \u00e0 PARIS (75116) est renouvel\u00e9e \u00e0 compter du 06 octobre 2025 \npour une dur\u00e9e de quinze ans. \n \n \nARTICLE 2e :  La capacit\u00e9 totale de l'\u00e9tablissement est de 60 places destin\u00e9es \u00e0 des personnes adultes \n\u00e0 partir de 20 ans en situation de handicap psychique, r\u00e9parties comme suit : \n \n\u2022 40 places d'internat \n\u2022 20 places en milieu ordinaire \n \nARTICLE 3e :   Conform\u00e9ment aux termes du dernier alin\u00e9a du I de l'article D. 312 -0-3 du code de   \nl'action sociale et des familles, a ucune sp\u00e9cialisation n'exclut la prise en charge des \npersonnes pr\u00e9sentant des troubles associ\u00e9s \u00e0 ceux qui font l'objet de la pr\u00e9sente \nautorisation. \n \nARTICLE 4e :   Cette structure est r\u00e9pertori\u00e9e dans le Fichier National des Etablissements Sanitaires \net Sociaux (FINESS) de la fa\u00e7on suivante : \nAgence R\u00e9gionale de Sant\u00e9 - IDF-2025-11-04-00007 - Arr\u00eat\u00e9 n\u00b02025-297 portant renouvellement de l'autorisation de l'EAM\n(Etablissement d'Accueil M\u00e9dicalis\u00e9) HOVIA Paris 16\u00e8me g\u00e9r\u00e9 par l'association HOVIA 12\nsigneSigne\n       3 \n \nN\u00b0 FINESS de l'\u00e9tablissement : 75 004 869 6 \n \nCode \ncat\u00e9gorie : \n[448] \u2013 Etablissement d'Accueil M\u00e9dicalis\u00e9 pour \nAdultes Handicap\u00e9s (E.A.M.) \nCode \ndiscipline :  \n \n[966] Accueil et accompagnement \nm\u00e9dicalis\u00e9 personnes handicap\u00e9es]  \n \nCode \nfonctionnement  \n(mode d'accueil et \nd'accompagnement) :  \n \n[11] H\u00e9bergement Complet Internat \n[16] Prestation en milieu ordinaire \n40 places \n20 places \nCode client\u00e8le : \n \n[206] Handicap psychique 60 places \n \nCode mode de fixation des tarifs : [09] ARS PCD mixte (2 arr\u00eat\u00e9s), habilit\u00e9 aide sociale \nN\u00b0 FINESS du gestionnaire : 75 072 102 9 \n     Code statut : [61] Association Loi 1901 Reconnue d'Utilit\u00e9 Publique \n \n \nARTICLE 5e :   Tout changement important dans l'activit\u00e9, l'installation, l'organisation, la direction ou le \nfonctionnement de l'\u00e9tablissement  ou du service  doit \u00eatre port\u00e9 \u00e0 la connaissance de \nl'autorit\u00e9 comp\u00e9tente. \n \n \nARTICLE 6e :  Un recours contre le pr\u00e9sent arr\u00eat\u00e9 peut \u00eatre form\u00e9 devant le tribunal administratif \ncomp\u00e9tent dans un d\u00e9lai de deux mois \u00e0 compter de sa notification ou, pour les tiers, \u00e0 \ncompter de sa publication.   \n \n \nARTICLE 7e :   Le Directeur de la d\u00e9l\u00e9gation d\u00e9partementale de Paris de l'Agence r\u00e9gionale de sant\u00e9 \n\u00cele-de-France et la Maire de Paris  sont charg\u00e9s, chacun en ce qui le concerne, de \nl'ex\u00e9cution du pr\u00e9sent arr\u00eat\u00e9  qui sera publi\u00e9 au recueil des acte s administratifs de la \nR\u00e9gion \u00cele-de-France et au portail des publications administratives de la Ville de Paris/ \n \n \n Fait \u00e0 Saint-Denis, le 4 nov. 2025  \n \n \nPour le Directeur g\u00e9n\u00e9ral \nde l'Agence r\u00e9gionale de sant\u00e9 \n\u00cele-de-France et par d\u00e9l\u00e9gation \n \n \n \n \n \nEsther LEPAICHEUX \nDirectrice adjointe de la D\u00e9l\u00e9gation \nD\u00e9partementale de Paris \n \n Pour la Maire de Paris \nLe Directeur adjoint des Solidarit\u00e9s \n \n \n \n \n \n \nJacques BERGER  \n \n \n  \nAgence R\u00e9gionale de Sant\u00e9 - IDF-2025-11-04-00007 - Arr\u00eat\u00e9 n\u00b02025-297 portant renouvellement de l'autorisation de l'EAM\n(Etablissement d'Accueil M\u00e9dicalis\u00e9) HOVIA Paris 16\u00e8me g\u00e9r\u00e9 par l'association HOVIA 13\n       4 \n \n \n \n \n \n \n \n \nAgence R\u00e9gionale de Sant\u00e9 - IDF-2025-11-04-00007 - Arr\u00eat\u00e9 n\u00b02025-297 portant renouvellement de l'autorisation de l'EAM\n(Etablissement d'Accueil M\u00e9dicalis\u00e9) HOVIA Paris 16\u00e8me g\u00e9r\u00e9 par l'association HOVIA 14\nAgence R\u00e9gionale de Sant\u00e9\nIDF-2025-11-04-00008\nArr\u00eat\u00e9 n\u00b02025-298 portant renouvellement de\nl'autorisation de l'Etablissement d'Accueil\nM\u00e9dicalis\u00e9 (EAM) Simone Veil \u00e0 Paris 15\u00e8me g\u00e9r\u00e9\npar l'association Autisme en \u00eele-de-France\nAgence R\u00e9gionale de Sant\u00e9 - IDF-2025-11-04-00008 - Arr\u00eat\u00e9 n\u00b02025-298 portant renouvellement de l'autorisation de l'Etablissement\nd'Accueil M\u00e9dicalis\u00e9 (EAM) Simone Veil \u00e0 Paris 15\u00e8me g\u00e9r\u00e9 par l'association Autisme en \u00eele-de-France 15\nREPUBLIQUEFRANCAISELibert\u00e9Egalit\u00e9Fraternit\u00e9\nVILLE DEPARIS\u00a9 D Agence R\u00e9gionale de Sant\u00e9lle-de-France\n \n \n \n \n \n \n \n \n \n \n \nAGENCE R\u00c9GIONALE DE SANT\u00c9 \u00ceLE-DE-FRANCE \n \nARRETE N\u00b02025 \u2013 298  \n  \nportant renouvellement de l'autorisation de l'Etablissement d'Accueil M\u00e9dicalis\u00e9 Simone \nVeil sis \u00e0 5 All\u00e9e Eug\u00e9nie \u00e0 Paris 75015 \ng\u00e9r\u00e9 par l'association Autisme en Ile-de-France \n \n \nLE DIRECTEUR G\u00c9N\u00c9RAL DE L'AGENCE R\u00c9GIONALE DE SANT\u00c9 \u00ceLE-DE-FRANCE \nLa MAIRIE DE PARIS \n \n \n \nVU le code de l'action sociale et des familles et notamment les articles L. 312-1, L. 313-1,   L. \n314-3 et suivants ; \n \nVU le code g\u00e9n\u00e9ral des collectivit\u00e9s territoriales ; \n \nVU        le d\u00e9cret du 10 avril 2024 portant nomination de Monsieur Denis ROBIN, Directeur g\u00e9n\u00e9ral \nde l'Agence r\u00e9gionale de sant\u00e9 \u00cele-de-France \u00e0 compter du 29 avril 2024 ; \n \nVU l'arr\u00eat\u00e9 DS n\u00b001 8/2025 portant d\u00e9l\u00e9gation de signature du Directeur G\u00e9n\u00e9ral de l'ARS \nvers le directeur de la d\u00e9l\u00e9gation d\u00e9partementale de Paris en date du 17 juillet 2025 ; \n \nVU l'arr\u00eat\u00e9 du 17 mars 2025 portant d\u00e9l\u00e9gation de signature de la Maire de Paris ; \n \nVU l'arr\u00eat\u00e9 n\u00b0 DIRNOV-2023/08 de la Directrice g\u00e9n\u00e9rale de l'Agence r\u00e9gionale de sant\u00e9 \u00cele-\nde-France en date du 26 octobre 2023 portant adoption du cadre d'orientation strat\u00e9gique \n2018-2028 du projet r\u00e9gional de sant\u00e9 d'\u00cele-de-France ; \n \nVU l'arr\u00eat\u00e9 n\u00b0 DIRNOV-2023/09 de la Directrice g\u00e9n\u00e9rale de l'Agence r\u00e9gionale de sant\u00e9 \u00cele-\nde-France en date du 26 octobre 2023 portant adoption du sch\u00e9ma r\u00e9gional de sant\u00e9 \n2023-2028 du projet r\u00e9gional de sant\u00e9 d' \u00cele-de-France, modifi\u00e9 par l'arr\u00eat\u00e9 n\u00b0DIRNOV -\n2023/09 en date du 12 janvier 2024 ; \n \nVU l'arr\u00eat\u00e9 n\u00b0 2023-346 de la Directrice g\u00e9n\u00e9rale de l'Agence r\u00e9gionale de sant\u00e9 \u00cele-de-France \nen date du 4 d\u00e9cembre 2023 \u00e9tablissant le programme interd\u00e9partemental \nd'accompagnement des handicaps et de la perte d'autonomie (PRIAC) 2023-2027 pour la \nr\u00e9gion \u00cele-de-France ; \n \nVU  le Sch\u00e9ma d\u00e9partemental en faveur des personnes handicap\u00e9es ; \n \nVU l'arr\u00eat\u00e9 n\u00b02010-171 portant cr\u00e9ation du Foyer d'accueil m\u00e9dicalis\u00e9  Simone Veil sis \u00e0 5 \nAll\u00e9e Eug\u00e9nie \u00e0 Paris 75015 g\u00e9r\u00e9 par l'association Autisme 75 ; \nAgence R\u00e9gionale de Sant\u00e9 - IDF-2025-11-04-00008 - Arr\u00eat\u00e9 n\u00b02025-298 portant renouvellement de l'autorisation de l'Etablissement\nd'Accueil M\u00e9dicalis\u00e9 (EAM) Simone Veil \u00e0 Paris 15\u00e8me g\u00e9r\u00e9 par l'association Autisme en \u00eele-de-France 16\n       2 \n \n \nVU     l'arr\u00eat\u00e9 n\u00b02019-177 portant autorisation d'extension de capacit\u00e9 de 19 places de l'EAM \nSimone Veil, g\u00e9r\u00e9 par l'association Autisme en Ile-de-France \n \nVU les conclusions du rapporteur de l'\u00e9valuation externe adress\u00e9es \u00e0 l'Agence r\u00e9gionale de \nsant\u00e9 \u00cele-de-France le 19 mars 2024. \n \n \n \n \nCONSID\u00c9RANT  que le projet r\u00e9pond \u00e0 un besoin de d\u00e9veloppement de l'offre m\u00e9dico -\nsociale identifi\u00e9 sur le d\u00e9partement de Paris destin\u00e9es \u00e0 des adultes \npr\u00e9sentant des troubles du spectre de l'autisme. \n \nCONSID\u00c9RANT qu'il est compatible avec les objectifs et r\u00e9pond aux besoins sociaux et \nm\u00e9dico-sociaux fix\u00e9s par le sch\u00e9ma r\u00e9gional de sant\u00e9 ;  \n \nCONSID\u00c9RANT qu'il satisfait aux r\u00e8gles d'organisation et de fonctionnement pr\u00e9vues par le \ncode de l'action sociale et des familles ;  \n \nCONSID\u00c9RANT qu'il pr\u00e9sente un co\u00fbt de fonctionnement en ann\u00e9e pleine compatible avec \nle PRIAC  \u00cele-de-France et avec le montant de l'une des dotations \nmentionn\u00e9es \u00e0 l'article L. 314-3 du code de l'action sociale et des familles ; \n \nCONSID\u00c9RANT  que l'op\u00e9ration peut s'effectuer  \u00e0 moyens constants et n'entra\u00eene donc \naucun surco\u00fbt ; \n \n \n      \nARR\u00caTE  \n \nARTICLE 1er : L'autorisation d\u00e9livr\u00e9e \u00e0 l'association Autisme en Ile -de-France relative \u00e0 la gestion \nde l'EAM Simone Veil sis 5 All\u00e9e Eugenie \u00e0 Paris 75015 destin\u00e9 \u00e0 accueillir des \nadultes \u00e0 partir de 20 ans , est renouvel\u00e9e \u00e0 compter du 5 octobre 2025  pour une \ndur\u00e9e de quinze ans. \n \n \nARTICLE 2e :  La capacit\u00e9 totale de l'EAM Simone Veil est de 49 places destin\u00e9es \u00e0 des adultes \npr\u00e9sentant des troubles du spectre de l'autisme. \n \nDans la limite de cette capacit\u00e9, il est en mesure d'assurer aux personnes qu'il accueille \nen fonction de leurs besoins, et dans la limite des places disponibles, les modalit\u00e9s \nd'accueil et d'accompagnement suivantes : \u00e0 titre permanent, temporaire ou selon un \nmode s\u00e9quentiel, \u00e0 temps complet ou partiel, avec ou sans h\u00e9bergement.  \n \nARTICLE 3e : Conform\u00e9ment aux termes du dernier alin\u00e9a du I de l'article D. 312 -0-3 du code de \nl'action sociale et des familles, a ucune sp\u00e9cialisation n'exclut la prise en charge de \npersonnes pr\u00e9sentant des troubles associ\u00e9s \u00e0 ceux qui font l'objet de la pr\u00e9sente \nautorisation.  \n \nARTICLE 4e : Cette structure est r\u00e9pertori\u00e9e dans le Fichier National des Etablissements Sanitaires \net Sociaux (FINESS) de la fa\u00e7on suivante : \nN\u00b0 FINESS de l'\u00e9tablissement : 750 04 875 3 \n \nAgence R\u00e9gionale de Sant\u00e9 - IDF-2025-11-04-00008 - Arr\u00eat\u00e9 n\u00b02025-298 portant renouvellement de l'autorisation de l'Etablissement\nd'Accueil M\u00e9dicalis\u00e9 (EAM) Simone Veil \u00e0 Paris 15\u00e8me g\u00e9r\u00e9 par l'association Autisme en \u00eele-de-France 17\nsig\"Sige\n       3 \n \nCode cat\u00e9gorie : [448] - Etablissement d'Accueil M\u00e9dicalis\u00e9 pour personnes \nhandicap\u00e9es \nCode discipline :  [966] - Accueil et Accompagnement m\u00e9dicalis\u00e9 personnes \nhandicap\u00e9es \n \nCode fonctionnement  \n(mode d'accueil et \nd'accompagnement) :  \n[21] - Accueil de Jour 16 places  \n[11] \u2013 H\u00e9bergement Complet Internat 33 places \n \nCode client\u00e8le : \n \n[437] - Troubles du spectre de l'autisme \n \n49 places \n \nCode mode de fixation des tarifs : [09] ARS PCD mixte HAS \nN\u00b0 FINESS du gestionnaire : 75 006 352 1 \n \nCode statut : 60 (Association type loi 1901 non reconnue d'utilit\u00e9 publique) \n \n \n \nARTICLE 5e :   Tout changement important dans l'activit\u00e9, l'installation, l'organisation, la direction ou \nle fonctionnement de l'\u00e9tablissement ou du service doit \u00eatre port\u00e9 \u00e0 la connaissance \nde l'autorit\u00e9 comp\u00e9tente. \n \n \nARTICLE 6e :  Un recours contre le pr\u00e9sent arr\u00eat\u00e9 peut \u00eatre form\u00e9 devant le tribunal administratif \ncomp\u00e9tent dans un d\u00e9lai de deux mois \u00e0 compter de sa notification ou, pour les tiers, \n\u00e0 compter de sa publication.   \n \n \nARTICLE 7e :   Le Directeur de la d\u00e9l\u00e9gation d\u00e9partementale de Paris de l'Agence r\u00e9gionale de sant\u00e9 \n\u00cele-de-France et la Maire de Paris  sont charg\u00e9s, chacun en ce qui le concerne, de \nl'ex\u00e9cution du pr\u00e9sent arr\u00eat\u00e9 qui sera publi\u00e9 aux recueils des actes administratifs de \nla R\u00e9gion \u00cele -de-France et au portail des publications administratives de la Ville de \nParis. \n \n        \n       Fait \u00e0 Saint-Denis, le 4 nov. 2025  \n \n \n         \nPour le Directeur g\u00e9n\u00e9ral \nde l'Agence r\u00e9gionale sant\u00e9 \nd'\u00cele-de-France et par d\u00e9l\u00e9gation \n \n \n \n \n \nEsther LEPAICHEUX \nDirectrice adjointe de la D\u00e9l\u00e9gation \nD\u00e9partementale de Paris \n \nPour la Maire de Paris \nLe Directeur adjoint des solidarit\u00e9s \n \n \n \n \n \nJacques BERGER  \n \n \n \n \n \n \n \nAgence R\u00e9gionale de Sant\u00e9 - IDF-2025-11-04-00008 - Arr\u00eat\u00e9 n\u00b02025-298 portant renouvellement de l'autorisation de l'Etablissement\nd'Accueil M\u00e9dicalis\u00e9 (EAM) Simone Veil \u00e0 Paris 15\u00e8me g\u00e9r\u00e9 par l'association Autisme en \u00eele-de-France 18\nAgence R\u00e9gionale de Sant\u00e9\nIDF-2025-11-04-00009\nArr\u00eat\u00e9 n\u00b02025-299 portant renouvellement de\nl'autorisation du Service d'accompagnement\nm\u00e9dico-social pour adultes handicap\u00e9s\n(SAMSAH) OEuvre Falret \u00e0 Paris 18\u00e8me g\u00e9r\u00e9 par\nla Fondation Falret\nAgence R\u00e9gionale de Sant\u00e9 - IDF-2025-11-04-00009 - Arr\u00eat\u00e9 n\u00b02025-299 portant renouvellement de l'autorisation du Service\nd'accompagnement m\u00e9dico-social pour adultes handicap\u00e9s (SAMSAH) OEuvre Falret \u00e0 Paris 18\u00e8me g\u00e9r\u00e9 par la Fondation Falret 19\nREPUBLIQUEFRANCAISELibert\u00e9Egalit\u00e9Fraternit\u00e9\nVILLE DEPARIS\u00a9 D Agence R\u00e9gionale de Sant\u00e9lle-de-France\n \n \n \n \n \n \n \n \n \n \nAGENCE R\u00c9GIONALE DE SANT\u00c9 \u00ceLE-DE-FRANCE \n \nARRETE N\u00b02025 \u2013 299  \n  \nportant renouvellement de l'autorisation du Service d'accompagnement m\u00e9dico-social \npour adultes handicap\u00e9s (SAMSAH) \u0152uvre Falret sis 27 rue Pajol \u00e0 Paris 75018, \ng\u00e9r\u00e9 par La Fondation FALRET \n \n \n \nLE DIRECTEUR G\u00c9N\u00c9RAL DE L'AGENCE R\u00c9GIONALE DE SANT\u00c9 \u00ceLE-DE-FRANCE \nLa MAIRIE DE PARIS \n \n \n \nVU le code de l'action sociale et des familles et notamment les articles L. 312-1, L. 313-1,   L. \n314-3 et suivants ; \n \nVU le code g\u00e9n\u00e9ral des collectivit\u00e9s territoriales ; \n \nVU        le d\u00e9cret du 10 avril 2024 portant nomination de Monsieur Denis ROBIN, Directeur g\u00e9n\u00e9ral \nde l'Agence r\u00e9gionale de sant\u00e9 \u00cele-de-France \u00e0 compter du 29 avril 2024 ; \n \nVU l'arr\u00eat\u00e9 DS n\u00b00 18/2025 portant d\u00e9l\u00e9gation de signature du Directeur G\u00e9n\u00e9ral de l'ARS \nvers le directeur de la d\u00e9l\u00e9gation d\u00e9partementale de Paris en date du 17 juillet 2025 ; \n \nVU l'arr\u00eat\u00e9 du 17 mars 2025 portant d\u00e9l\u00e9gation de signature de la Maire de Paris ; \n \nVU l'arr\u00eat\u00e9 n\u00b0 DIRNOV-2023/08 de la Directrice g\u00e9n\u00e9rale de l'Agence r\u00e9gionale de sant\u00e9 \u00cele-\nde-France en date du 26 octobre 2023 portant adoption du cadre d'orientation strat\u00e9gique \n2018-2028 du projet r\u00e9gional de sant\u00e9 d'\u00cele-de-France ; \n \nVU l'arr\u00eat\u00e9 n\u00b0 DIRNOV-2023/09 de la Directrice g\u00e9n\u00e9rale de l'Agence r\u00e9gionale de sant\u00e9 \u00cele-\nde-France en date du 26 octobre 2023 portant adoption du sch\u00e9ma r\u00e9gional de sant\u00e9 \n2023-2028 du projet r\u00e9gional de sant\u00e9 d' \u00cele-de-France, modifi\u00e9 par l'arr\u00eat\u00e9 n\u00b0DIRNOV -\n2023/09 en date du 12 janvier 2024 ; \n \nVU l'arr\u00eat\u00e9 n\u00b0 2023-346 de la Directrice g\u00e9n\u00e9rale de l'Agence r\u00e9gionale de sant\u00e9 \u00cele-de-France \nen date du 4 d\u00e9cembre 2023 \u00e9tablissant le programme interd\u00e9partemental \nd'accompagnement des handicaps et de la perte d'autonomie (PRIAC) 2023-2027 pour la \nr\u00e9gion \u00cele-de-France ; \n \nVU  le Sch\u00e9ma d\u00e9partemental en faveur des personnes handicap\u00e9es ; \n \nVU l'arr\u00eat\u00e9 n\u00b02010-167 portant cr\u00e9ation du Service d'accompagnement m\u00e9dico -social pour \nadultes handicap\u00e9s \u0152uvre Falret sis 27 rue Pajol \u00e0 Paris 75018, g\u00e9r\u00e9 par  l'association \n\u0152uvre Falret ; \nAgence R\u00e9gionale de Sant\u00e9 - IDF-2025-11-04-00009 - Arr\u00eat\u00e9 n\u00b02025-299 portant renouvellement de l'autorisation du Service\nd'accompagnement m\u00e9dico-social pour adultes handicap\u00e9s (SAMSAH) OEuvre Falret \u00e0 Paris 18\u00e8me g\u00e9r\u00e9 par la Fondation Falret 20\n       2 \n \n \nVU l'arr\u00eat\u00e9 n\u00b0 2024 -412 portant autorisation d'extension de capacit\u00e9 de 43 \u00e0 52 places du \nSAMSAH \u0152uvre Falret g\u00e9r\u00e9 par la Fondation Falret ; \n \nVU les conclusions du rapporteur de l'\u00e9valuation externe adress\u00e9es \u00e0 l'Agence r\u00e9gionale de \nsant\u00e9 \u00cele-de-France le 19 juillet 2024 \n \n \n \n \n \nCONSID\u00c9RANT  que le projet r\u00e9pond \u00e0 un besoin de d\u00e9veloppement de l'offre m\u00e9dico -\nsociale identifi\u00e9 sur le d\u00e9partement de Paris destin\u00e9es \u00e0 des personnes en \nsituation de handicap psychique ; \n \nCONSID\u00c9RANT qu'il est compatible avec les objectifs et r\u00e9pond aux besoins sociaux et \nm\u00e9dico-sociaux fix\u00e9s par le sch\u00e9ma r\u00e9gional de sant\u00e9 ;  \n \nCONSID\u00c9RANT qu'il satisfait aux r\u00e8gles d'organisation et de fonctionnement pr\u00e9vues par le \ncode de l'action sociale et des familles ;  \n \nCONSID\u00c9RANT qu'il pr\u00e9sente un co\u00fbt de fonctionnement en ann\u00e9e pleine compatible avec \nle PRIAC  \u00cele-de-France et avec le montant de l'une des dotations \nmentionn\u00e9es \u00e0 l'article L. 314-3 du code de l'action sociale et des familles ; \n \nCONSID\u00c9RANT  que l'op\u00e9ration peut s'effectuer  \u00e0 moyens constants et n'entra\u00eene donc \naucun surco\u00fbt ; \n      \n \n \n \nARR\u00caTE  \n \nARTICLE 1er : L'autorisation d\u00e9livr\u00e9e \u00e0 la Fondation FALRET  relative \u00e0 la gestion du Service \nd'accompagnement m\u00e9dico-social pour adultes handicap\u00e9s (SAMSAH) \u0152uvre Falret \nsis 27 rue Pajol \u00e0 Paris 75018 destin\u00e9 \u00e0 accueillir des adultes \u00e0 partir de 20 ans, est \nrenouvel\u00e9e \u00e0 compter du 5 octobre 2025 pour une dur\u00e9e de quinze ans. \n \nARTICLE 2e :  La capacit\u00e9 totale  du SAMSAH \u0152uvre Falret est de 52 places en milieu ordinaire \ndestin\u00e9es \u00e0 des personnes en situation de handicap psychique ; \n \nDans la limite de cette capacit\u00e9, il est en mesure d'assurer aux personnes qu'il accueille \nen fonction de leurs besoins, et dans la limite des places disponibles, les modalit\u00e9s \nd'accueil et d'accompagnement suivantes : \u00e0 titre permanent, temporaire ou selon un \nmode s\u00e9quentiel, \u00e0 temps complet ou partiel, avec ou sans h\u00e9bergement.  \n \nARTICLE 3e : Conform\u00e9ment aux termes du dernier alin\u00e9a du I de l'article D. 312 -0-3 du code de \nl'action sociale et des familles, a ucune sp\u00e9cialisation n'exclut la prise en charge de \npersonnes pr\u00e9sentant des troubles associ\u00e9s \u00e0 ceux qui font l'objet de la pr\u00e9sente \nautorisation.  \n \nARTICLE 4e : Cette structure est r\u00e9pertori\u00e9e dans le Fichier National des Etablissements Sanitaires \net Sociaux (FINESS) de la fa\u00e7on suivante : \n \nAgence R\u00e9gionale de Sant\u00e9 - IDF-2025-11-04-00009 - Arr\u00eat\u00e9 n\u00b02025-299 portant renouvellement de l'autorisation du Service\nd'accompagnement m\u00e9dico-social pour adultes handicap\u00e9s (SAMSAH) OEuvre Falret \u00e0 Paris 18\u00e8me g\u00e9r\u00e9 par la Fondation Falret 21\ncg gigne\n       3 \n \nN\u00b0 FINESS de l'\u00e9tablissement : 750 048 70 4 \n \n \nCode cat\u00e9gorie : [445] - Service d'accompagnement m\u00e9dico-social adultes handicap\u00e9s \nCode discipline :  [966] - Accueil et Accompagnement m\u00e9dicalis\u00e9 personnes \nhandicap\u00e9es \nCode fonctionnement  \n(mode d'accueil et \nd'accompagnement) :  \n[16] \u2013 Prestation en milieu ordinaire 52 places  \nCode client\u00e8le : [206] \u2013 Handicap psychique 52 places \n \nCode mode de fixation des tarifs : 09 + ARS PCD mixte (2 arr\u00eat\u00e9s), habilit\u00e9 aide sociale \n \nN\u00b0 FINESS du gestionnaire : 750804767 \n \nCode statut : 63 + Fondation \n \n \n \nARTICLE 5e :   Tout changement important dans l'activit\u00e9, l'installation, l'organisation, la direction ou \nle fonctionnement de l'\u00e9tablissement ou du service doit \u00eatre port\u00e9 \u00e0 la connaissance \nde l'autorit\u00e9 comp\u00e9tente. \n \n \nARTICLE 6e :  Un recours contre le pr\u00e9sent arr\u00eat\u00e9 peut \u00eatre form\u00e9 devant le tribunal administratif \ncomp\u00e9tent dans un d\u00e9lai de deux mois \u00e0 compter de sa notification ou, pour les tiers, \n\u00e0 compter de sa publication.   \n \n \nARTICLE 7e :   Le Directeur de la d\u00e9l\u00e9gation d\u00e9partementale de Paris de l'Agence r\u00e9gionale de sant\u00e9 \n\u00cele-de-France et la Maire de Paris  sont charg\u00e9s, chacun en ce qui le concerne, de \nl'ex\u00e9cution du pr\u00e9sent arr\u00eat\u00e9 qui sera publi\u00e9 aux recueils des actes administratifs de \nla R\u00e9gion \u00cele -de-France et au portail des publications administratives de la Ville de \nParis. \n \n \n       \n Fait \u00e0 Saint-Denis, le 4 nov. 2025  \n \n         \nPour le Directeur g\u00e9n\u00e9ral \nde l'Agence r\u00e9gionale sant\u00e9 \nd'\u00cele-de-France et par d\u00e9l\u00e9gation \n \n \n \n \n \nEsther LEPAICHEUX \nDirectrice adjointe de la D\u00e9l\u00e9gation \nD\u00e9partementale de Paris \n \nPour la Maire de Paris \nLe Directeur adjoint des solidarit\u00e9s \n \n \n \n \n \n \nJacques BERGER  \n \nAgence R\u00e9gionale de Sant\u00e9 - IDF-2025-11-04-00009 - Arr\u00eat\u00e9 n\u00b02025-299 portant renouvellement de l'autorisation du Service\nd'accompagnement m\u00e9dico-social pour adultes handicap\u00e9s (SAMSAH) OEuvre Falret \u00e0 Paris 18\u00e8me g\u00e9r\u00e9 par la Fondation Falret 22\nAgence R\u00e9gionale de Sant\u00e9\nIDF-2025-11-04-00010\nArr\u00eat\u00e9 n\u00b02025-300 portant renouvellement de\nl'autorisation de l'EAM Saint Genevi\u00e8ve \u00e0 Paris\n15\u00e8me g\u00e9r\u00e9 par l'association Notre Dame de Bon\nSecours\nAgence R\u00e9gionale de Sant\u00e9 - IDF-2025-11-04-00010 - Arr\u00eat\u00e9 n\u00b02025-300 portant renouvellement de l'autorisation de l'EAM Saint\nGenevi\u00e8ve \u00e0 Paris 15\u00e8me g\u00e9r\u00e9 par l'association Notre Dame de Bon Secours 23\nExREPUBLIQUEFRAN\u00c7AISELibert\u00e9Egalit\u00e9Fraternit\u00e9\nVILLE DEPARIS4\u00a9 D Agence R\u00e9gionale de Sant\u00e9lle-de-France\n  \n \n \n \n \nAGENCE R\u00c9GIONALE DE SANT\u00c9 \u00ceLE-DE-FRANCE \n \nARRETE N\u00b02025 \u2013 300  \n  \n \nportant renouvellement de l'autorisation de l'EAM Sainte Genevi\u00e8ve  \nsis au 6 rue Giordano Bruno 75015 Paris \ng\u00e9r\u00e9 par l'association Notre Dame de Bon Secours   \n \n \nLE DIRECTEUR G\u00c9N\u00c9RAL DE L'AGENCE R\u00c9GIONALE DE SANT\u00c9 \u00ceLE-DE-FRANCE \nLA MAIRE DE PARIS \n \n \n \nVU le code de l'action sociale et des familles et notamment les articles L. 312 -1, L. 313-1, L. \n314-3 et suivants ; \n \n                  VU le code g\u00e9n\u00e9ral des collectivit\u00e9s territoriales ;  \n \nVU         le d\u00e9cret du 10 avril 2024 portant nomination de Monsieur Denis ROBIN, Directeur \ng\u00e9n\u00e9ral de l'Agence r\u00e9gionale de sant\u00e9 \u00cele-de-France \u00e0 compter du 29 avril 2024 ; \n \nVU l'arr\u00eat\u00e9 DS n\u00b0018/2025 portant d\u00e9l\u00e9gation de signature du Directeur G\u00e9n\u00e9ral de l'Agence \nR\u00e9gionale de Sant\u00e9 d'\u00cele-de-France vers le Directeur D\u00e9partementale de Paris dat\u00e9 du 17 \njuillet 2025 ; \n \nVU l'arr\u00eat\u00e9 du 17 mars 2025 portant d\u00e9l\u00e9gation de signature de la maire de Paris ; \n \nVU l'arr\u00eat\u00e9 n\u00b0 DIRNOV-2023/08 de la Directrice g\u00e9n\u00e9rale de l'Agence r\u00e9gionale de sant\u00e9 \u00cele-\nde-France en date du 26 octobre 2023 portant adoption du cadre d'orientation strat\u00e9gique \n2018-2028 du projet r\u00e9gional de sant\u00e9 d'\u00cele-de-France ; \n \nVU l'arr\u00eat\u00e9 n\u00b0 DIRNOV-2023/09 de la Directrice g\u00e9n\u00e9rale de l'Agence r\u00e9gionale de sant\u00e9 \u00cele-\nde-France en date du 26 octobre 2023 portant adoption du sch\u00e9ma r\u00e9gional de sant\u00e9 \n2023-2028 du projet r\u00e9gional de sant\u00e9 d' \u00cele-de-France, modifi\u00e9 par l'arr\u00eat\u00e9 n\u00b0DIRNOV -\n2023/09 en date du 12 janvier 2024 ; \n \nVU l'arr\u00eat\u00e9 n\u00b0 2023-346 de la Directrice g\u00e9n\u00e9rale de l'Agence r\u00e9gionale de sant\u00e9 \u00cele-de-France \nen date du 4 d\u00e9cembre 2023 \u00e9tablissant le programme interd\u00e9partemental \nd'accompagnement des handicaps et de la perte d'autonomie (PRIAC) 2023-2027 pour la \nr\u00e9gion \u00cele-de-France ; \n \nVU  le Sch\u00e9ma d\u00e9partemental en faveur des personnes handicap\u00e9es ; \n \nVU l'arr\u00eat\u00e9 conjoint n\u00b0 2010-169 du Directeur g\u00e9n\u00e9ral de l'Agence r\u00e9gionale de sant\u00e9 Ile de \nFrance et du Pr\u00e9sident du Conseil de Paris si\u00e9geant en formation du Conseil \nD\u00e9partemental en date du 5 octobre 2010 portant autorisation de cr\u00e9ation du FAM de \nl'Association Notre Dame de Bon Secours ; \nAgence R\u00e9gionale de Sant\u00e9 - IDF-2025-11-04-00010 - Arr\u00eat\u00e9 n\u00b02025-300 portant renouvellement de l'autorisation de l'EAM Saint\nGenevi\u00e8ve \u00e0 Paris 15\u00e8me g\u00e9r\u00e9 par l'association Notre Dame de Bon Secours 24\n2 \n \n \n \nVU     l'arr\u00eat\u00e9 n\u00b02018-53 portant autorisation de requalification de 14 places dest in\u00e9es \u00e0 des \npersonnes atteintes de la maladie d'Alzheimer du FAM Ste Genevi\u00e8ve ; \n \nVU les conclusions du rapporteur de l'\u00e9valuation externe adress\u00e9es \u00e0 l'Agence r\u00e9gionale de \nsant\u00e9 \u00cele-de-France le 08 d\u00e9cembre 2023. \n \n \n \n \nCONSID\u00c9RANT           que AM CONSULTANTS NORD, l'\u00e9valuateur externe, reconnait que tous \nles crit\u00e8res imp\u00e9ratifs ont donn\u00e9 des r\u00e9sultats satisfaisants par \nl'\u00e9tablissement ; \n \nCONSID\u00c9RANT       que le projet r\u00e9pond \u00e0 un besoin de d\u00e9veloppement de l'offre m\u00e9dico- social \nidentifi\u00e9 sur le d\u00e9partement Paris pour les personnes concern\u00e9es par des \ntroubles neurologiques ; \n \nCONSID\u00c9RANT qu'il est compatible avec les objectifs et r\u00e9pond aux besoins sociaux et \nm\u00e9dico-sociaux fix\u00e9s par le sch\u00e9ma r\u00e9gional de sant\u00e9 ;  \n \nCONSID\u00c9RANT qu'il satisfait aux r\u00e8gles d'organisation et de fonctionnement pr\u00e9vues par le \ncode de l'action sociale et des familles ;  \n \nCONSID\u00c9RANT qu'il pr\u00e9sente un co\u00fbt de fonctionnement en ann\u00e9e pleine compatible avec \nle PRIAC \u00cele-de-France et avec le montant de l'une des dotations \nmentionn\u00e9es \u00e0 l'article L. 314-3 du code de l'action sociale et des familles ; \n \nCONSID\u00c9RANT  que l'op\u00e9ration peut s'effectuer \u00e0 moyens constants  et n'entra\u00eene donc \naucun surco\u00fbt ; \n \n       \n \nARR\u00caTENT  \n \n \nARTICLE 1er : L'autorisation d\u00e9livr\u00e9e \u00e0 l'EAM Sainte Genevi\u00e8ve sis(e) au 6, rue Giordano Bruno \ndestin\u00e9 \u00e0 accueillir des adultes est renouvel\u00e9e \u00e0 compter du 06 octobre 2025 pour \nune dur\u00e9e de quinze ans. \n \n \n \nARTICLE 2e :  La capacit\u00e9 totale de l'\u00e9tablissement d'Accueil M\u00e9dicalis\u00e9 SAINT GENEVIEVE est de \n66 destin\u00e9es \u00e0 toutes personnes adultes en situation de handicap, atteintes de \ntroubles neurologiques, y compris neuro-d\u00e9g\u00e9n\u00e9ratifs, r\u00e9parties comme suit  \n- 66 places, pour personnes adultes en situation de handicap, atteintes de troubles \nneurologiques, y compris neuro-d\u00e9g\u00e9n\u00e9ratifs ;  \n \n \nARTICLE 3e : Conform\u00e9ment aux termes du dernier alin\u00e9a du I de l'article D. 312 -0-3 du code de \nl'action sociale et des familles, aucune sp\u00e9cialisation n'exclut la prise en charge de \npersonnes pr\u00e9sentant des troubles associ\u00e9s \u00e0 ceux qui font l'objet de la pr\u00e9sente \nautorisation.  \nAgence R\u00e9gionale de Sant\u00e9 - IDF-2025-11-04-00010 - Arr\u00eat\u00e9 n\u00b02025-300 portant renouvellement de l'autorisation de l'EAM Saint\nGenevi\u00e8ve \u00e0 Paris 15\u00e8me g\u00e9r\u00e9 par l'association Notre Dame de Bon Secours 25\n3 \n \n \n \n \nARTICLE 4e : Cette structure est r\u00e9pertori\u00e9e dans le Fichier National des Etablissements Sanitaires \net Sociaux (FINESS) de la fa\u00e7on suivante : \n \n \n \n \nN\u00b0 FINESS de l'\u00e9tablissement : 75 004 873 8 \n \n \nCode \ncat\u00e9gorie : \n \n[448] - Etab.Acc.M\u00e9dicalis\u00e9 en tout ou partie personnes \nhandicap\u00e9es \n \nCode \ndiscipline :  \n \n \n[966] - Accueil et accompagnement \nm\u00e9dicalis\u00e9 personnes handicap\u00e9es \n \n \nCode \nfonctionnement  \n(mode d'accueil et \nd'accompagnement) :  \n \n[11] - H\u00e9bergement Complet Internat \n 66 \nplaces \n \nCode client\u00e8le : \n \n \n[438] - C\u00e9r\u00e9bro l\u00e9s\u00e9s \n66 \nplaces \n \nCode mode de fixation des tarifs : [09] ARS PCD mixte (2 arr\u00eat\u00e9s), habilit\u00e9 aide sociale \n \nN\u00b0 FINESS du gestionnaire : 75 080 367 8 \n \nCode statut : [61] Association Loi 1901 Reconnue d'Utilit\u00e9 Publique \n \n \n \n \n \nARTICLE 5e :   Tout changement important dans l'activit\u00e9, l'installation, l'organisation, la direction ou \nle fonctionnement de l'\u00e9tablissement ou du service doit \u00eatre port\u00e9 \u00e0 la connaissance \ndes autorit\u00e9s comp\u00e9tentes. \n \n \nARTICLE 6e :  Un recours contre le pr\u00e9sent arr\u00eat\u00e9 peut \u00eatre form\u00e9 devant le tribunal administratif \ncomp\u00e9tent dans un d\u00e9lai de deux mois \u00e0 compter de sa notification ou, pour les tiers, \n\u00e0 compter de sa publication.   \n  \nAgence R\u00e9gionale de Sant\u00e9 - IDF-2025-11-04-00010 - Arr\u00eat\u00e9 n\u00b02025-300 portant renouvellement de l'autorisation de l'EAM Saint\nGenevi\u00e8ve \u00e0 Paris 15\u00e8me g\u00e9r\u00e9 par l'association Notre Dame de Bon Secours 26\ncan signe\n4 \n \n \nARTICLE 7e :   Le Directeur de la d\u00e9l\u00e9gation d\u00e9partementale de Paris de l'Agence r\u00e9gionale de sant\u00e9 \n\u00cele-de-France et le Pr\u00e9sident du Conseil d\u00e9partemental de Paris sont charg\u00e9s, chacun \nen ce qui le concerne, de l'ex\u00e9cution du pr\u00e9sent arr\u00eat\u00e9 qui sera publi\u00e9 aux recueils \ndes actes administratifs de la R\u00e9gion \u00cele-de-France et au bulletin officiel du \nD\u00e9partement de Paris.  \n \n \n \n        \n Fait \u00e0 Saint-Denis, le 4 nov. 2025  \n \n \n         \nPour le Directeur g\u00e9n\u00e9ral \nde l'Agence r\u00e9gionale sant\u00e9 \n\u00cele-de-France et par d\u00e9l\u00e9gation \n \n \n \n \n \nEsther LEPAICHEUX \nDirectrice adjointe de la D\u00e9l\u00e9gation \nD\u00e9partementale de Paris \n \nPour La Maire de Paris \nLe Directeur adjoint des solidarit\u00e9s \n \n \n \n  \n \n \nJacques BERGER \n \nAgence R\u00e9gionale de Sant\u00e9 - IDF-2025-11-04-00010 - Arr\u00eat\u00e9 n\u00b02025-300 portant renouvellement de l'autorisation de l'EAM Saint\nGenevi\u00e8ve \u00e0 Paris 15\u00e8me g\u00e9r\u00e9 par l'association Notre Dame de Bon Secours 27\nAgence R\u00e9gionale de Sant\u00e9\nIDF-2025-10-29-00009\nArr\u00eat\u00e9 n\u00b02025-302 portant modification de\nl'arr\u00eat\u00e9 n\u00b02024-262 portant autorisation de\nl'extension de capacit\u00e9 de 32 \u00e0 40 places de\nl'Institut Th\u00e9rapeutique Educatif et P\u00e9dagogique\n(ITEP) Jacques Pr\u00e9vert \u00e0 Ch\u00e2tenay-Malabry g\u00e9r\u00e9\npar la Fondation des Amis de l'Atelier \nAgence R\u00e9gionale de Sant\u00e9 - IDF-2025-10-29-00009 - Arr\u00eat\u00e9 n\u00b02025-302 portant modification de l'arr\u00eat\u00e9 n\u00b02024-262 portant\nautorisation de l'extension de capacit\u00e9 de 32 \u00e0 40 places de l'Institut Th\u00e9rapeutique Educatif et P\u00e9dagogique (ITEP) Jacques Pr\u00e9vert \u00e0\nCh\u00e2tenay-Malabry g\u00e9r\u00e9 par la Fondation des Amis de l'Atelier \n28\nREPUBLIQUEFRANCAISELibert\u00e9Egalit\u00e9Fraternit\u00e9\n@ D Agence R\u00e9gionale de Sant\u00e9\u00cele-de-France\n \n \n \n \n \n \n \nAGENCE R\u00c9GIONALE DE SANT\u00c9 \u00ceLE-DE-FRANCE \n \n \nARR\u00caT\u00c9 N\u00b0 2025 \u2013 302  \n  \nportant modification de l'arr\u00eat\u00e9 n\u00b0 2024-262 portant autorisation de l'extension de capacit\u00e9 \nde 32 \u00e0 40 places de l'Institut Th\u00e9rapeutique Educatif et P\u00e9dagogique (ITEP) Jacques \nPr\u00e9vert, sis 20 rue de Ch\u00e2teaubriand 92290 Ch\u00e2tenay-Malabry, \n \ng\u00e9r\u00e9 par la Fondation des Amis de l'Atelier       \n \n \nLE DIRECTEUR G\u00c9N\u00c9RAL DE L'AGENCE R\u00c9GIONALE DE SANT\u00c9 \u00ceLE-DE-FRANCE \n \nVU le code de l'action sociale et des familles et notamment les articles L. 312 -1, L. 313-1, L. \n314-3 et suivants ;  \n \nVU      le d\u00e9cret du 10 avril 2024 portant nomination de Monsieur Denis ROBIN, Directeur g\u00e9n\u00e9ral \nde l'Agence r\u00e9gionale de sant\u00e9 Ile-de-France \u00e0 compter du 29 avril 2024 ; \n \nVU       l'arr\u00eat\u00e9 DS n\u00b0 019/2025 du 15 juillet 2025 portant d\u00e9l\u00e9gation de signature \u00e0 Monsieur \nRenaud PELL\u00c9, Directeur de la d\u00e9l\u00e9gation d\u00e9partementale des Hauts-de-Seine ; \nVU l'arr\u00eat\u00e9 n\u00b0 DIRNOV-2023-08 de la Directrice g\u00e9n\u00e9rale de l'Agence r\u00e9gionale de sant\u00e9 Ile-\nde-France en date du 26 octobre 2023 portant adoption du cadre d'orientation strat\u00e9gique \n2018-2028 du projet r\u00e9gional de sant\u00e9 d'Ile-de-France ; \nVU l'arr\u00eat\u00e9 n\u00b0 DIRNOV-2023-09 de la Directrice g\u00e9n\u00e9rale de l'Agence r\u00e9gionale de sant\u00e9 Ile-\nde-France en date du 26 octobre 2023 portant adoption du sch\u00e9ma r\u00e9gional de sant\u00e9 \n2023-2028 du projet r\u00e9gional de sant\u00e9 d'Ile-de-France ; \n \nVU l'arr\u00eat\u00e9 n\u00b0 2023-346 de la Directrice g\u00e9n\u00e9rale de l'Agence r\u00e9gionale de sant\u00e9 Ile-de-France \nen date du 4 d\u00e9cembre 2023 \u00e9tablissant le programme interd\u00e9partemental \nd'accompagnement des handicaps et de la perte d'autonomie (PRIAC) 2023-2027 pour la \nr\u00e9gion Ile-de-France ; \n \nVU l'arr\u00eat\u00e9 n\u00b0 93-972 du 20 juillet 1993 autorisant l'Association des Amis et Parents d'Enfants \nInadapt\u00e9s des Hauts-de-Seine (APEI) sise 20, rue de Chateaubriand 92290 Ch\u00e2tenay -\nMalabry, \u00e0 accueillir 30  enfants, des deux sexes \u00e2g\u00e9s de 7 \u00e0 16 ans pr\u00e9sentant des \ntroubles du caract\u00e8re et du comportement sans d\u00e9ficience intellectuelle au sein de l'institut \nde r\u00e9\u00e9ducation Jacques Pr\u00e9vert situ\u00e9 \u00e0 la m\u00eame adresse ; \n \nVU l'arr\u00eat\u00e9 n\u00b0 2003-1996 du 2 octobre 2003 modifiant l'arr\u00eat\u00e9 n\u00b0 93-972 du 20 juillet 1993 et \nautorisant l'Association des Amis et Parents d'Enfants Inadapt\u00e9s des Hauts -de-Seine \n(APEI) La Nich\u00e9e sise 20, rue de Chateaubriand 92290 Ch\u00e2tenay-Malabry, \u00e0 accueillir 32 \nenfants, des deux sexes \u00e2g\u00e9s de 7 \u00e0 16 ans pr\u00e9sentant des troubles du caract\u00e8re et du \ncomportement sans d\u00e9ficience intellectuelle au sein de l'ITEP Jacques Pr\u00e9vert situ\u00e9 \u00e0 la \nm\u00eame adresse ; \n \nVU le renouvellement tacite de l'autorisation de l'ITEP Jacques Pr\u00e9vert en date du 3 janvier \n2017 ; \n \nAgence R\u00e9gionale de Sant\u00e9 - IDF-2025-10-29-00009 - Arr\u00eat\u00e9 n\u00b02025-302 portant modification de l'arr\u00eat\u00e9 n\u00b02024-262 portant\nautorisation de l'extension de capacit\u00e9 de 32 \u00e0 40 places de l'Institut Th\u00e9rapeutique Educatif et P\u00e9dagogique (ITEP) Jacques Pr\u00e9vert \u00e0\nCh\u00e2tenay-Malabry g\u00e9r\u00e9 par la Fondation des Amis de l'Atelier \n29\n    2 \nVU l'arr\u00eat\u00e9 n\u00b0 2023-377 du 29 d\u00e9cembre 2023 portant approbation de cession d'autorisation \nde l'Institut Th\u00e9rapeutique Educatif et P\u00e9dagogique (ITEP) Jacques Pr\u00e9vert, sis 20 rue de \nCh\u00e2teaubriand \u00e0 Ch\u00e2tenay-Malabry (92290), g\u00e9r\u00e9 par l'Association des Amis et Parents \nd'Enfants Inadapt\u00e9s des Hauts-de-Seine (APEI) La Nich\u00e9e au profit de la Fondation des \nAmis de l'Atelier, sise 17 rue de l'Egalit\u00e9 \u00e0 Ch\u00e2tenay-Malabry (92290) ; \n \nVU l'arr\u00eat\u00e9 n\u00b0 2024 \u2013 262 du 27 aout 2024 portant autorisation d'extension de capacit\u00e9 de 32 \n\u00e0 40 places de l'Institut Th\u00e9rapeutique Educatif et P\u00e9dagogique (ITEP) Jacques Pr\u00e9vert, \nsis 20 rue de Ch\u00e2teaubriand 92290 Ch\u00e2tenay -Malabry, g\u00e9r\u00e9 par la Fondation des Amis \nde l'Atelier ;      \n \nVU le contrat pluriannuel d'objectifs et de moyens de la Fondation des Amis de l'Atelier portant \nsur les ann\u00e9es 2022 \u00e0 2026 sign\u00e9 le 13 mars 2022 ; \n \nVU l'avis d'appel \u00e0 manifestation d'int\u00e9r\u00eat pour le d\u00e9ploiement de solutions \u00e0 mettre en \u0153uvre \nen 2024 \u00e0 destination des personnes en situation de handicap en \u00cele-de-France, dans le \ncadre du Plan Inclus'IF 2030, publi\u00e9 le 6 novembre 2023 sur le site de l'Agence r\u00e9gionale \nde sant\u00e9 Ile-de-France ; \n \nVU  la consultation des membres du conseil d\u00e9partemental de la citoyennet\u00e9 et de l'autonomie \nle 18 mars 2024 ;  \n \nVU  l'avis de r\u00e9sultats de l'appel \u00e0 manifestation d'int\u00e9r\u00eat sign\u00e9 le 11 avril 2024 et publi\u00e9 au \nRecueil des actes administratifs de la r\u00e9gion Ile-de-France ; \n \n \n \nCONSID\u00c9RANT que le projet d\u00e9pos\u00e9 par la Fondation des Amis de l'Atelier, dont le si\u00e8ge \nsocial est situ\u00e9 17 rue de l'Egalit\u00e9 92290 Ch\u00e2tenay-Malabry, a \u00e9t\u00e9 retenu ;  \n \nCONSID\u00c9RANT       que le projet permet d'une part de  renforcer l'offre en ITEP sur le \nd\u00e9partement des Hauts -de-Seine qui ne dispose que d'un seul \n\u00e9tablissement de cette cat\u00e9gorie et d'autre part, de cr\u00e9er 5 places d'internat \nqui seront localis\u00e9es dans des habitations \u00e0 proximit\u00e9 de l'ITEP ;  \n \nCONSID\u00c9RANT  que le projet r\u00e9pond \u00e0 un besoin de d\u00e9veloppement de l'offre m\u00e9dico -\nsociale identifi\u00e9 sur le d\u00e9partement des Hauts-de-Seine pour les personnes \npr\u00e9sentant des difficult\u00e9s psychologiques et des troubles du \ncomportement ; \n \nCONSID\u00c9RANT qu'il est compatible avec les objectifs et r\u00e9pond aux besoins sociaux et \nm\u00e9dico-sociaux fix\u00e9s par le sch\u00e9ma r\u00e9gional de sant\u00e9 ;  \n \nCONSID\u00c9RANT qu'il satisfait aux r\u00e8gles d'organisation et de fonctionnement pr\u00e9vues par le \ncode de l'action sociale et des familles ;  \n \nCONSID\u00c9RANT qu'il pr\u00e9sente un co\u00fbt de fonctionnement en ann\u00e9e pleine compatible avec \nle PRIAC Ile -de-France et avec le montant de l'une des dotations \nmentionn\u00e9es \u00e0 l'article L. 314-3 du code de l'action sociale et des familles ; \n \nCONSID\u00c9RANT que l'Agence r\u00e9gionale de sant\u00e9 Ile-de-France dispose pour ce projet des \ncr\u00e9dits n\u00e9cessaires \u00e0 sa mise en \u0153uvre \u00e0 hauteur de 531 472,46 \u20ac au titre \ndu Plan Inclus'IF 2030 ; \n \n \n \nAgence R\u00e9gionale de Sant\u00e9 - IDF-2025-10-29-00009 - Arr\u00eat\u00e9 n\u00b02025-302 portant modification de l'arr\u00eat\u00e9 n\u00b02024-262 portant\nautorisation de l'extension de capacit\u00e9 de 32 \u00e0 40 places de l'Institut Th\u00e9rapeutique Educatif et P\u00e9dagogique (ITEP) Jacques Pr\u00e9vert \u00e0\nCh\u00e2tenay-Malabry g\u00e9r\u00e9 par la Fondation des Amis de l'Atelier \n30\n    3 \nARR\u00caTE \n \n \nARTICLE 1er:  L'autorisation visant \u00e0 l'extension de capacit\u00e9 de 8 places de l'ITEP Jacques Pr\u00e9vert, \nsis 20 rue de Ch\u00e2teaubr iand 92290 Ch\u00e2tenay -Malabry, destin\u00e9es \u00e0 accueillir des \nenfants et jeunes adultes \u00e2g\u00e9s de 0 \u00e0 20 ans, est accord\u00e9e \u00e0 la fondation des Amis \nde l'Atelier dont le si\u00e8ge social est situ\u00e9 17 rue de l'Egalit\u00e9 92290 Ch\u00e2tenay-Malabry. \n \nARTICLE 2e :  La capacit\u00e9 totale de l'ITEP Jacques Pr\u00e9vert est dor\u00e9navant de 40 places, destin\u00e9es \n\u00e0 des  enfants et jeunes adultes \u00e2g\u00e9s de 0 \u00e0 20 ans pr\u00e9sentant des difficult\u00e9s \npsychologiques avec troubles du comportement, r\u00e9parties comme suit : \n\u2022 35 places d'accueil de jour \n\u2022 5 places d'h\u00e9bergement complet internat  \n \nARTICLE 3e :  Conform\u00e9ment aux termes du dernier alin\u00e9a du I de l'article D. 312 -0-3 du code de \nl'action sociale et des familles, aucune sp\u00e9cialisation n'exclut la prise en charge de \npersonnes pr\u00e9sentant des troubles associ\u00e9s \u00e0 ceux qui font l'objet de la pr\u00e9sente \nautorisation.  \n \nARTICLE 4e :  Cette structure est r\u00e9pertori\u00e9e dans le Fichier National des Etablissements Sanitaires \net Sociaux (FINESS) de la fa\u00e7on suivante : \n \nN\u00b0 FINESS de l'\u00e9tablissement : 92 069 007 0 \n \nCode cat\u00e9gorie : [186] -  Institut Th\u00e9rapeutique Educatif et P\u00e9dagogique (ITEP) \n \nCode discipline :  \n \n[844]  - Tous projets \u00e9ducatifs, p\u00e9dagogiques et th\u00e9rapeutiques \nCode \nfonctionnement : \n \n[21] - Accueil de jour  \n[11] \u2013 H\u00e9bergement complet internat \n35 places  \n5 places \nCode client\u00e8le : \n \n[200] - Difficult\u00e9s psychologiques  \navec troubles du comportement \n40 places \n \nCode mode de fixation des tarifs : [57] ARS / ARS PCD dotation globalis\u00e9e \n \nN\u00b0 FINESS du gestionnaire : 92 000 141 9 \n \nCode statut : [63] - Fondation \n \n \nARTICLE 5e :  La pr\u00e9sente autorisation est valable sous r\u00e9serve du r\u00e9sultat positif de la visite de \nconformit\u00e9 pr\u00e9vue par l'article L. 313-6 du code de l'action sociale et des familles. \n \nARTICLE 6e :  Elle est caduque en l'absence d'ouverture au public du service dans un d\u00e9lai de  \nquatre ans suivant la notification de la d\u00e9cision d'autorisation conform\u00e9ment aux \narticles L. 313-1 et D. 313-7-2 du code de l'action sociale et des familles. \n \nARTICLE 7e :  Tout changement important dans l'activit\u00e9, l'installation, l'organisation, la direction ou \nle fonctionnement de l'\u00e9tablissement ou du service doit \u00eatre port\u00e9 \u00e0 la connaissance \ndes autorit\u00e9s comp\u00e9tentes. \n \nARTICLE 8e :  Un recours contre le pr\u00e9sent arr\u00eat\u00e9 peut \u00eatre form\u00e9 devant le tribunal administratif \ncomp\u00e9tent dans un d\u00e9lai de deux mois \u00e0 compter de sa notification ou, pour les tiers, \n\u00e0 compter de sa publication.   \nAgence R\u00e9gionale de Sant\u00e9 - IDF-2025-10-29-00009 - Arr\u00eat\u00e9 n\u00b02025-302 portant modification de l'arr\u00eat\u00e9 n\u00b02024-262 portant\nautorisation de l'extension de capacit\u00e9 de 32 \u00e0 40 places de l'Institut Th\u00e9rapeutique Educatif et P\u00e9dagogique (ITEP) Jacques Pr\u00e9vert \u00e0\nCh\u00e2tenay-Malabry g\u00e9r\u00e9 par la Fondation des Amis de l'Atelier \n31\nsig\"\n    4 \n \nARTICLE 9e :  Le Directeur de la d\u00e9l\u00e9gation d\u00e9partementale des Hauts -de-Seine de l'Agence \nr\u00e9gionale de sant\u00e9 Ile-de-France est charg\u00e9 de l'ex\u00e9cution du pr\u00e9sent arr\u00eat\u00e9 qui sera \npubli\u00e9 aux recueils des actes administratifs de la R\u00e9gion Ile -de-France et du \nD\u00e9partement des Hauts-de-Seine. \n \n \n    \n   Fait \u00e0 Nanterre, le 29 oct. 2025  \n \n \n \nLa directrice adjointe de la d\u00e9l\u00e9gation  \nd\u00e9partementale des Hauts-de-Seine  \nde l'Agence r\u00e9gionale de sant\u00e9  \n\u00cele-de-France \n \n \n \n \n \nV\u00e9ronique DUGAY \n \n \n \n \n         \n \n \n \nAgence R\u00e9gionale de Sant\u00e9 - IDF-2025-10-29-00009 - Arr\u00eat\u00e9 n\u00b02025-302 portant modification de l'arr\u00eat\u00e9 n\u00b02024-262 portant\nautorisation de l'extension de capacit\u00e9 de 32 \u00e0 40 places de l'Institut Th\u00e9rapeutique Educatif et P\u00e9dagogique (ITEP) Jacques Pr\u00e9vert \u00e0\nCh\u00e2tenay-Malabry g\u00e9r\u00e9 par la Fondation des Amis de l'Atelier \n32\nAgence R\u00e9gionale de Sant\u00e9\nIDF-2025-10-27-00010\nD\u00e9cision n\u00b0 DVSS - QSPHARMBIO - 2025 / 109\nportant renouvellement de l'autorisation de la\npharmacie \u00e0 usage int\u00e9rieur\nde l'H\u00f4pital Europ\u00e9en de Paris\nAgence R\u00e9gionale de Sant\u00e9 - IDF-2025-10-27-00010 - D\u00e9cision n\u00b0 DVSS - QSPHARMBIO - 2025 / 109\nportant renouvellement de l'autorisation de la pharmacie \u00e0 usage int\u00e9rieur\nde l'H\u00f4pital Europ\u00e9en de Paris\n33\nREPUBLIQUEFRANCAISELibert\u00e9Egalit\u00e9Fraternit\u00e9\ne \u00bb Agence R\u00e9gionale de Sant\u00e9Ile-de-France\n \n \n1 / 5 \n \n \nAGENCE R\u00c9GIONALE DE SANTE \u00ceLE-DE-FRANCE \nD\u00c9CISION n\u00b0 DVSS - QSPHARMBIO - 2025 / 109 \nportant renouvellement de l'autorisation de la pharmacie \u00e0 usage int\u00e9rieur  \nde l'H\u00f4pital Europ\u00e9en de Paris \n \nLE DIRECTEUR G\u00c9N\u00c9RAL DE L'AGENCE R\u00c9GIONALE DE SANT\u00c9 \u00ceLE-DE-FRANCE \n \nVU le code de la sant\u00e9 publique et notamment les articles L.5126-1 \u00e0 L.5126-11 et L.6111-2 ainsi \nque les articles R.5126-1 \u00e0 R.5126-62 et R.6111-18 \u00e0 R. 6111-21-1 ;  \n \nVU l'ordonnance n\u00b0 2016-1729 en date du 15 d\u00e9cembre 2016 relative aux pharmacies \u00e0 usage \nint\u00e9rieur prise en application de l'article 204 de la loi n\u00b0 2016-41 en date du 26 janvier 2016 de \nmodernisation de notre syst\u00e8me de sant\u00e9 en sa version modifi\u00e9e par l'ordonnance \nn\u00b0 2020- 1407 en date du 18 novembre 2020 relative aux missions des agences r\u00e9gionales de \nsant\u00e9 ; \nVU le d\u00e9cret n\u00b0 2019-489 en date du 21 mai 2019 modifi\u00e9 relatif aux pharmacies \u00e0 usage int\u00e9rieur \npris en application de l'ordonnance n\u00b02016-1729, notamment son article 4 ; \n \nVU  l'arr\u00eat\u00e9 en date du 22 juin 2001 relatif aux bonnes pratiques de pharmacie hospitali\u00e8re ; \n \nVU  la d\u00e9cision en date du 21 juillet 2023, prise en application des articles L.5121-1 et L.5121-5 du \ncode de la sant\u00e9 publique, relative aux bonnes pratiques de pr\u00e9paration ; \n \nVU  le d\u00e9cret en date du 10 avril 2024 portant nomination de  Monsieur Denis ROBIN, Direct eur \ng\u00e9n\u00e9ral de l'Agence r\u00e9gionale de sant\u00e9 \u00cele-de-France \u00e0 compter du 29 avril 2024 ;  \n \nVU l'arr\u00eat\u00e9 n\u00b0 DS 107/2024 en date du 27 juin 2024 portant d\u00e9l\u00e9gation de signature de \nMonsieur Denis ROBIN, Directeur g\u00e9n\u00e9ral de l'Agence r\u00e9gionale de sant\u00e9 Ile -de-France \u00e0 \nMadame Sophie  MARTINON, Directrice  g\u00e9n\u00e9rale adjointe de l'Agence  r\u00e9gionale de sant\u00e9 \nIle-de-France ; \n \nVU  l'arr\u00eat\u00e9 pr\u00e9fectoral en date du 2 juin 1962 ayant autoris\u00e9 la cr\u00e9ation d'une pharmacie \u00e0 usage \nint\u00e9rieur sous le n\u00b0 H 187 au sein de l'H\u00f4pital Europ\u00e9en de Paris, sis 59 rue Henri Barbusse \u00e0 \nAubervilliers (93300) ;  \nVU  la demande d\u00e9pos\u00e9e le 30 septembre 2021 par le directeur de l'\u00e9tablissement, en vue du \nrenouvellement, au titre de l'article 4 du d\u00e9cret n\u00b0  2019-489 en date du 21 mai 2019 modifi\u00e9 \nrelatif aux pharmacies \u00e0 usage int\u00e9rieur, de l'autorisation de la pharmacie \u00e0 usage int\u00e9rieur \nconcernant : \n\u25aa les missions g\u00e9n\u00e9rales ainsi que les actions de pharmacie clinique, telles que d\u00e9finies \u00e0 \nl'article L.5126 -1 du code de la sant\u00e9 publique, afin de r\u00e9pondre aux besoins \npharmaceutiques des personnes prises en charge ; \n\u25aa les activit\u00e9s suivantes assur\u00e9es pour son propre compte :  \n- la pr\u00e9paration manuelle de doses \u00e0 administrer ; \n- la pr\u00e9paration des m\u00e9dicaments radiopharmaceutiques ; \n- la pr\u00e9paration des dispositifs m\u00e9dicaux st\u00e9riles par le proc\u00e9d\u00e9 \u00e0 la vapeur d'eau ;  \n\u25aa l'activit\u00e9 suivante assur\u00e9e par une autre pharmacie \u00e0 usage int\u00e9rieur pour le compte de la \npharmacie \u00e0 usage int\u00e9rieur de l'h\u00f4pital Europ\u00e9en de Paris :  \n- l'activit\u00e9 de reconstitution de m\u00e9dicaments anticanc\u00e9reux sous forme injectable \nst\u00e9rile ; \nAgence R\u00e9gionale de Sant\u00e9 - IDF-2025-10-27-00010 - D\u00e9cision n\u00b0 DVSS - QSPHARMBIO - 2025 / 109\nportant renouvellement de l'autorisation de la pharmacie \u00e0 usage int\u00e9rieur\nde l'H\u00f4pital Europ\u00e9en de Paris\n34\n \n2 / 5 \n \nVU la demande d\u00e9pos\u00e9e le 30 septembre 2021  par le directeur de l'\u00e9tablissement , en vue de \nmodifier les locaux de la pharmacie \u00e0 usage int\u00e9rieur ; \nVU  le rapport d'instruction en date du 14 juin 2022, les avis techniques en date d es 6 d\u00e9cembre \n2022, 13 avril 2023, 7 d\u00e9cembre 2023, 8 juillet 2024 \u00e9tablis par les pharmaciens inspecteurs \nde sant\u00e9 publique ;  \n \nVU  l'avis r\u00e9put\u00e9 rendu du Conseil central de la section H de l'Ordre des pharmaciens  sur la \ndemande de renouvellement d'autorisation  et de modification des locaux  de la pharmacie \u00e0 \nusage int\u00e9rieur de l'h\u00f4pital Europ\u00e9en de Paris ;  \n \nVU Le renouvellement tacite de l'autorisation de la pharmacie \u00e0 usage int\u00e9rieur  de l'H\u00f4pital \nEurop\u00e9en de Paris la Roseraie situ\u00e9 59 rue Henri Barbusse \u00e0 Aubervilliers (93300)  accord\u00e9 \npar l'agence r\u00e9gionale de sant\u00e9 \u00cele-de-France en date du 31 d\u00e9cembre 2023 ;  \n \nVU le rapport en date du 2 octobre 2024 \u00e9tabli par le pharmacien inspecteur de sant\u00e9 publique \u00e0 \nla suite de l'inspection diligent\u00e9e le 26 septembre 2024 au sein de la pharmacie \u00e0 usage \nint\u00e9rieur faisant l'objet de la pr\u00e9sente d\u00e9cision ; \nVU le courrier pr\u00e9alable de mise en demeure en date du 2 janvier 2025 et le courrier de mise en \ndemeure en date du 20 mars 2025 ; \nVU la d\u00e9cision n\u00b0 DVSS -QSPHARMBIO-2025/040 portant suspension de l'autorisation d'exercer \nl'activit\u00e9 de pr\u00e9paration des dispositifs m\u00e9dicaux st\u00e9riles par la pharmacie \u00e0 usage Int\u00e9rieur de \nl'H\u00f4pital Europ\u00e9en de Paris, \u00e0 compter du lundi 16 juin 2025 et ce jusqu'au mardi 30 septembre \n2025 ; \nVU le recours gracieux d\u00e9pos\u00e9 par l'\u00e9tablissement par courrier recommand\u00e9 avec accus\u00e9 de \nr\u00e9ception et re\u00e7u \u00e0 l'Agence r\u00e9gionale de sant\u00e9 Ile-de-France en date du 3 juillet 2025 ; \nVU la r\u00e9ponse apport\u00e9e au recours gracieux de l'\u00e9tablissement, par l'Agence r\u00e9gionale de sant\u00e9 \nIle-de-France par courrier en date du 14 ao\u00fbt 2025 et r\u00e9ceptionn\u00e9e par l'\u00e9tablissement le 15 \nao\u00fbt 2025 ; \nVU  la requ\u00eate en r\u00e9f\u00e9r\u00e9 suspension d\u00e9pos\u00e9e par l'h\u00f4pital Europ\u00e9en de Paris aupr\u00e8s du Tribunal \nAdministratif de Montreuil  en date du 1er juillet 2025 , contre la d\u00e9cision n \u00b0 DVSS -\nQSPHARMBIO-2025/040 pr\u00e9cit\u00e9e ; \nVU la d\u00e9cision du juge des r\u00e9f\u00e9r\u00e9s du Tribunal Administratif de Montreuil prise par ordonnance du \nen date du 21 juillet 2025 ; \nVU les \u00e9l\u00e9ments de r\u00e9ponses, apport\u00e9es par l'h\u00f4pital Europ\u00e9en de Paris, par courrier en date du \n15 septembre 2025,  visant \u00e0 corriger les dysfonctionnements constat\u00e9s par les pharmaciens \ninspecteurs de sant\u00e9 publique ; \nCONSID\u00c9RANT que pour permettre la poursuite de l 'activit\u00e9 de  chirurgie pendant la suspension \nd'autorisation d'activit\u00e9 de pr\u00e9paration des dispositifs m\u00e9dicaux st\u00e9riles , l'h\u00f4pital \nEurop\u00e9en de Paris a mis en place, du 16 juin 2025 jusqu'au 30 septembre 2025, une \nsous-traitance de cette activit\u00e9, aupr\u00e8s de la soci\u00e9t\u00e9 industrielle MVO  dont le si\u00e8ge \nsocial est situ\u00e9 11 place des Comtes du Maine, 72000 LE MANS et g\u00e9rant l'unit\u00e9 de \nst\u00e9rilisation des dispositifs m\u00e9dicaux situ\u00e9e 555 avenue Jacqueline Auriol, 45770 \nSARAN ;  \nAgence R\u00e9gionale de Sant\u00e9 - IDF-2025-10-27-00010 - D\u00e9cision n\u00b0 DVSS - QSPHARMBIO - 2025 / 109\nportant renouvellement de l'autorisation de la pharmacie \u00e0 usage int\u00e9rieur\nde l'H\u00f4pital Europ\u00e9en de Paris\n35\n \n3 / 5 \n \nCONSID\u00c9RANT que les r\u00e9ponses apport\u00e9es par l'\u00e9tablissement en date du 15 septembre 2025, sont \nsatisfaisantes et permettent de rem\u00e9dier aux dysfonctionnements constat\u00e9s par les \npharmaciens inspecteurs de sant\u00e9 publique ; \nCONSIDERANT que la suspension d'autorisation de l'activit\u00e9 de pr\u00e9paration des dispositifs m\u00e9dicaux \nst\u00e9riles par la pharmacie \u00e0 usage Int\u00e9rieur de l'H\u00f4pital Europ\u00e9en de Paris, a pris fin \nle 30 septembre 2025 ; \nCONSIDERANT  \n \nqu'il est attendu que l'\u00e9tablissement p\u00e9rennise les mesures correctives apport\u00e9es et \npoursuive la mise en \u0153uvre des actions engag\u00e9es en vue d'am\u00e9liorer la s\u00e9curisation \nde la prise en charge m\u00e9dicamenteuse et la qualit\u00e9 du circuit des dispositifs m\u00e9dicaux \nimplantables ; \nCONSID\u00c9RANT que l'\u00e9tablissement a souhait\u00e9 limiter les op\u00e9rations de pr\u00e9paration des doses \u00e0 \nadministrer, au sur\u00e9tiquetage des blisters de m\u00e9dicaments non pr\u00e9sent\u00e9s en \nconditionnement unitaire ;  \nCONSID\u00c9RANT que la pharmacie \u00e0 usage int\u00e9rieur de l'H\u00f4pital Europ\u00e9en de Paris dispose d\u00e9sormais \nde moyens en personnel , de locaux, d'\u00e9quipements et d'un syst\u00e8me d'information  \nainsi que d'une organisation lui permettant d'assurer l'ensemble de ses missions et \ndes activit\u00e9s, dans des conditions satisfaisantes ; \nCONSID\u00c9RANT que les activit\u00e9s suivantes comportent des risques particuliers au sens de \nl'article R.5126-33 du code de la sant\u00e9 publique : \n- la pr\u00e9paration des m\u00e9dicaments radiopharmaceutiques,  \n- la pr\u00e9paration des dispositifs m\u00e9dicaux st\u00e9riles dans les conditions pr\u00e9vues \npar l'article L.6111-2 par le proc\u00e9d\u00e9 \u00e0 la vapeur d'eau ; \n \nDECIDE  \n \nARTICLE 1 La pharmacie \u00e0 usage int\u00e9rieur implant\u00e9e au sein de l'H\u00f4pital Europ\u00e9en de Paris  (N\u00b0 \nFINESS EJ : 930000393 - N\u00b0 FINESS ET : 930300025), sis 59 rue Henri Barbusse \u00e0 \nAubervilliers (93300) est autoris\u00e9e \u00e0 exercer les missions et les activit\u00e9s cit\u00e9es aux \narticles suivants. \nARTICLE 2 La pharmacie \u00e0 usage int\u00e9rieur assurera pour son propre compte, dans la limite du \nrespect des conditions r\u00e8glementaires fix\u00e9es pour leur exercice au regard du statut de \nl'\u00e9tablissement au sein duquel elle est \u00e9tablie, les missions g\u00e9n\u00e9rales ainsi que les \nactions de pharmacie clinique, telles que d\u00e9finies \u00e0 l'article L.5126 -1 du code de la \nsant\u00e9 publique, afin de r\u00e9pondre aux besoins pharmaceutiques des personnes prises \nen charge. \nARTICLE 3 La pharmacie  \u00e0 usage int\u00e9rieur  assurera, pour son propre compte les activit\u00e9s \nmentionn\u00e9es \u00e0 l'article R.5126-9 du code de la sant\u00e9 publique :  \n\u25aa la pr\u00e9paration de doses \u00e0 administrer de m\u00e9dicaments mentionn\u00e9s \u00e0 \nl'article L.  4211-1 du m\u00eame code : \n- proc\u00e9d\u00e9 de pr\u00e9paration de doses \u00e0 administrer : manuel ; \n- type de doses pr\u00e9par\u00e9es : doses unitaires ; \n- op\u00e9rations r\u00e9alis\u00e9es : sur\u00e9tiquetage des blisters de m\u00e9dicaments non \npr\u00e9sent\u00e9s en conditionnement unitaire ; \n\u25aa la pr\u00e9paration des m\u00e9dicaments radiopharmaceutiques ; \u00e0 vis\u00e9e diagnostique, \nsous forme st\u00e9rile injectable en syst\u00e8me clos ; \nAgence R\u00e9gionale de Sant\u00e9 - IDF-2025-10-27-00010 - D\u00e9cision n\u00b0 DVSS - QSPHARMBIO - 2025 / 109\nportant renouvellement de l'autorisation de la pharmacie \u00e0 usage int\u00e9rieur\nde l'H\u00f4pital Europ\u00e9en de Paris\n36\n \n4 / 5 \n \n\u25aa la pr\u00e9paration des dispositifs m\u00e9dicaux st\u00e9riles dans les conditions pr\u00e9vues \npar l'article L. 6111-2 du code de la sant\u00e9 publique, par le proc\u00e9d\u00e9 \u00e0 la vapeur \nd'eau. \nARTICLE 4 La pharmacie \u00e0 usage int\u00e9rieur de l'\u00e9tablissement  Centre Hospitalier Victor Dupouy \n(N\u00b0 FINESS EJ : 950110015 - N\u00b0 FINESS ET :  950000307) sis 69, rue du Lieutenant-\nColonel Prudhon \u00e0 Argenteuil (95100) assurera pour le compte de la pharmacie \u00e0 \nusage int\u00e9rieur faisant l'objet de la pr\u00e9sente d\u00e9cision l'activit\u00e9 suivante :  \n\u25aa la reconstitution de sp\u00e9cialit\u00e9s pharmaceutiques, sous forme injectable st\u00e9rile \net contenant des substances dangereuses pour le personnel et \nl'environnement. \nARTICLE 6 La pharmacie \u00e0 usage int\u00e9rieur est implant\u00e9e dans des locaux d'une superficie totale \nde 918,36 m\u00b2, situ\u00e9s au niveau R-1, comprenant :  \n \n\u25aa espaces de stockage : 290,87 m\u00b2 ; \n\u25aa zone de r\u00e9ception et s\u00e9rialisation : 25,25 m\u00b2 ; \n\u25aa zone de pr\u00e9paration des chariots : 24,39 m\u00b2 ; \n\u25aa bureaux : 41,28 m\u00b2 ; \n\u25aa sanitaires : 9,08 m\u00b2 ; \n\u25aa circulation et sas : 139,7 m\u00b2 , 106,25 m\u00b2 ; \n\u25aa r\u00e9ception des m\u00e9dicaments anticanc\u00e9reux : 16,69 m\u00b2, soit 513,81 m\u00b2 au total ; \n \n\u25aa radiopharmacie : 26,04 m\u00b2 : \n- r\u00e9ception des sources : 5,55 m\u00b2 ; \n- labo chaud : 11,69 m\u00b2 ; \n- sas d\u00e9chets : 2,09 m\u00b2 ; \n- sas : 6,71 m\u00b2 ; \n \n\u25aa unit\u00e9 de st\u00e9rilisation des dispositifs m\u00e9dicaux : 378,51 m\u00b2 : \n- lavage et arriv\u00e9e des chariots : 91,77 m\u00b2 ; \n- conditionnement : 75,57 m\u00b2 ; \n- d\u00e9chargement et stockage : 93,51 m\u00b2 ; \n- sas et circulation : 64,80 m\u00b2 ; \n- bureaux, sanitaires et vestiaires : 52,86 m\u00b2. \n \nARTICLE 7 L'autorisation relative aux activit\u00e9s comportant des risques particuliers pour le propre \ncompte de la pharmacie \u00e0 usage int\u00e9rieur de l'H\u00f4pital Europ\u00e9en de Paris est accord\u00e9e \npour une dur\u00e9e de 7 ans en vertu de l'article L.5126 -4 du code de sant\u00e9 publique \u00e0 \ncompter de sa notification aux int\u00e9ress\u00e9s conform\u00e9ment aux dispositions susvis\u00e9es.  \nARTICLE 8 La dur\u00e9e de l'autorisation relative aux activit\u00e9s comportant des risques particuliers \nassur\u00e9es par la pharmacie \u00e0 usage int\u00e9rieur du Centre Hospitalier Victor Dupouy, pour \nle compte de la pharmacie \u00e0 usage int\u00e9rieur faisant l'objet de la pr\u00e9sente d\u00e9cision, est \nsubordonn\u00e9e \u00e0 l'autorisation octroy\u00e9e \u00e0 la pharmacie \u00e0 usage int\u00e9rieur assurant la \nsous-traitance. \nARTICLE 9  \n \nLe temps de pr\u00e9sence du pharmacien charg\u00e9 de la g\u00e9rance, de dix demi-journ\u00e9es par \nsemaine, est en conformit\u00e9 avec les dispositions de l'article R.5126 -39 du code de la \nsant\u00e9 publique. \nAgence R\u00e9gionale de Sant\u00e9 - IDF-2025-10-27-00010 - D\u00e9cision n\u00b0 DVSS - QSPHARMBIO - 2025 / 109\nportant renouvellement de l'autorisation de la pharmacie \u00e0 usage int\u00e9rieur\nde l'H\u00f4pital Europ\u00e9en de Paris\n37\n \n5 / 5 \n \nARTICLE 10  Un recours contentieux contre la pr\u00e9sente d\u00e9cision peut \u00eatre form\u00e9 aupr\u00e8s du Tribunal \nadministratif comp\u00e9tent. Le d\u00e9lai de recours est de deux mois \u00e0 compter de la \nnotification de la d\u00e9cision pour les int\u00e9ress\u00e9s ou de sa publication pour les tiers. Cette \njuridiction peut notamment \u00eatre saisie via une requ\u00eate remise ou envoy\u00e9e au greffe du \nTribunal administratif ou aussi par l'application \u00ab  T\u00e9l\u00e9recours \u00bb accessible \u00e0 partir du \nsite www.telerecours.fr.  \nARTICLE 11 Les Directeurs de l'Agence r\u00e9gionale de sant\u00e9 \u00cele-de-France sont charg\u00e9s, chacun en \nce qui les concerne, de l'ex\u00e9cution de la pr\u00e9sente d\u00e9cision, qui sera publi\u00e9e au recueil \ndes actes administratifs de la Pr\u00e9fecture de r\u00e9gion \u00cele-de-France. \n \nFait \u00e0 Saint-Denis, le 27 octobre 2025 \n \nLe Directeur g\u00e9n\u00e9ral \nde l'Agence r\u00e9gionale de sant\u00e9  \n\u00cele-de-France \n \nSIGNE \nAgence R\u00e9gionale de Sant\u00e9 - IDF-2025-10-27-00010 - D\u00e9cision n\u00b0 DVSS - QSPHARMBIO - 2025 / 109\nportant renouvellement de l'autorisation de la pharmacie \u00e0 usage int\u00e9rieur\nde l'H\u00f4pital Europ\u00e9en de Paris\n38\nAgence R\u00e9gionale de Sant\u00e9\nIDF-2025-10-27-00009\nD\u00e9cision n\u00b0DVSS - QSPHARMBIO - 2025/116\nrenouvellement autorisation pharmacie \u00e0 usage\nint\u00e9rieur de la Clinique du Parc de Belleville\nAgence R\u00e9gionale de Sant\u00e9 - IDF-2025-10-27-00009 - D\u00e9cision n\u00b0DVSS - QSPHARMBIO - 2025/116 renouvellement autorisation\npharmacie \u00e0 usage int\u00e9rieur de la Clinique du Parc de Belleville 39\nREPUBLIQUEFRANCAISELibert\u00e9Egalit\u00e9Fraternit\u00e9\ne \u00bb Agence R\u00e9gionale de Sant\u00e9Ile-de-France\n \n \n1 / 3 \n \n \n \nAGENCE R\u00c9GIONALE DE SANTE \u00ceLE-DE-FRANCE \nD\u00c9CISION N\u00b0 DVSS - QSPHARMBIO - 2025 / 116 \nportant renouvellement de l'autorisation de la pharmacie \u00e0 usage int\u00e9rieur  \nde la Clinique du Parc de Belleville \n \nLE DIRECTEUR G\u00c9N\u00c9RAL DE L'AGENCE R\u00c9GIONALE DE SANT\u00c9 \u00ceLE-DE-FRANCE \n \nVU le code de la sant\u00e9 publique  et notamment les articles L.5126 -1 \u00e0 L.5126 -11 ainsi que les \narticles R.5126-1 \u00e0 R.5126-62 ;  \n \nVU l'ordonnance n\u00b0 2016-1729 en date du 15 d\u00e9cembre 2016 relative aux pharmacies \u00e0 usage \nint\u00e9rieur prise en application de l'article 204 de la loi n\u00b0 2016-41 en date du 26 janvier 2016 de \nmodernisation de notre syst\u00e8me de sant\u00e9 en sa version modifi\u00e9e par l'ordonnance \nn\u00b0 2020- 1407 en date du 18 novembre 2020 relative aux missions des agences r\u00e9gionales de \nsant\u00e9 ; \n \nVU le d\u00e9cret n\u00b0 2019-489 en date du 21 mai 2019 modifi\u00e9 relatif aux pharmacies \u00e0 usage int\u00e9rieur \npris en application de l'ordonnance n\u00b02016-1729, notamment son article 4 ; \n \nVU  l'arr\u00eat\u00e9 en date du 22 juin 2001 relatif aux bonnes pratiques de pharmacie hospitali\u00e8re ; \n \nVU  la d\u00e9cision en date du 21 juillet 2023, prise en application des articles L.5121-1 et L.5121-5 du \ncode de la sant\u00e9 publique, relative aux bonnes pratiques de pr\u00e9paration ; \n \nVU  le d\u00e9cret en date du 10 avril 2024 portant nomination de  Monsieur Denis ROBIN, Direct eur \ng\u00e9n\u00e9ral de l'Agence r\u00e9gionale de sant\u00e9 \u00cele-de-France \u00e0 compter du 29 avril 2024 ;  \n \nVU l'arr\u00eat\u00e9 n\u00b0 DS 107/2024 en date du 27 juin 2024 portant d\u00e9l\u00e9gation de signature de \nMonsieur Denis ROBIN, Directeur g\u00e9n\u00e9ral de l'Agence r\u00e9gionale de sant\u00e9 Ile -de-France \u00e0 \nMadame Sophie MARTINON, Directrice g\u00e9n\u00e9rale adjointe de l'Agence r\u00e9gionale de sant\u00e9 Ile -\nde-France ; \n \nVU  la d\u00e9cision de l'Agence r\u00e9gionale de sant\u00e9 \u00cele-de-France en date du 11 mai 2010 ayant autoris\u00e9 \nla cr\u00e9ation d'une pharmacie \u00e0 usage int\u00e9rieur au sein de  la clinique du Parc de Belleville, sise \n104-106, rue des Couronnes \u00e0 Paris (75020) ;  \n  \nVU  la demande d\u00e9pos\u00e9e le 30 mai 2025 par le directeur de l'\u00e9tablissement, repr\u00e9sentant l\u00e9gal de \nla personne morale exploitant l a clinique du Parc de Belleville , en vue du renouvellement, au \ntitre de  l'article 4 du d\u00e9cret n\u00b0  2019-489 en date du 21 mai 2019 modifi\u00e9 relatif aux pharmacies \n\u00e0 usage int\u00e9rieur, de l'autorisation de la pharmacie \u00e0 usage int\u00e9rieur concernant  les missions \ng\u00e9n\u00e9rales ainsi que les actions de pharmacie clinique, telles que d\u00e9finies \u00e0 l'article L.5126 -1 \ndu code de la sant\u00e9 publique, afin de r\u00e9pondre aux besoins pharmaceutiques des personnes \nprises en charge ;  \n \nVU  la demande d\u00e9pos\u00e9e le 30 mai 2025 par le directeur de l'\u00e9tablissement, repr\u00e9sentant l\u00e9gal de \nla personne morale exploitant la clinique du Parc de Belleville , en vue du renouvellement, au \ntitre de l'article 4 du d\u00e9cret n\u00b0 2019-489 en date du 21 mai 2019 modifi\u00e9 relatif aux pharmacies \n\u00e0 usage int\u00e9rieur, de l'autorisation de la pharmacie \u00e0 usage int\u00e9rieur  et l'activit\u00e9 suivante \nassur\u00e9e par la pharmacie \u00e0 usage int\u00e9rieur pour son propre compte :  \nAgence R\u00e9gionale de Sant\u00e9 - IDF-2025-10-27-00009 - D\u00e9cision n\u00b0DVSS - QSPHARMBIO - 2025/116 renouvellement autorisation\npharmacie \u00e0 usage int\u00e9rieur de la Clinique du Parc de Belleville 40\n \n2 / 3 \n \n \n- la pr\u00e9paration de doses \u00e0 administrer de m\u00e9dicaments mentionn\u00e9s \u00e0 \nl'article L.4211-1 du code de la sant\u00e9 publique ; \n \nVU  le rapport d'instruction en date du 31 juillet 2025  et la conclusion d\u00e9finitive en date du 29 \nseptembre 2025 \u00e9tablis par le pharmacien inspecteur de sant\u00e9 publique ; \n \nVU  l'avis d\u00e9favorable (approvisionnement de la clinique par le biais d'un bon de comman de par \nl'administrateur de garde aupr\u00e8s de la pharmacie \u00e0 usage int\u00e9rieur de Tenon) et favorable du \nConseil central de la section H de l'Ordre des pharmaciens, en date du 15 juillet 2025 ; \n  \nCONSIDERANT que le d\u00e9pannage en m\u00e9dicaments aupr\u00e8s d'une autre pharmacie \u00e0 usage int\u00e9rieur \nreste exceptionnel et permet d'assurer  la continuit\u00e9 de la prise en charge \nm\u00e9dicamenteuse. Cette pratique est par ailleurs encadr\u00e9e par une convention sign\u00e9e \nentre les deux \u00e9tablissements ; \nCONSID\u00c9RANT  \n \n \nles engagements pris par l'\u00e9tablissement \u00e0 la suite du rapport d' instruction du \npharmacien inspecteur de sant\u00e9 publique notamment :  \n- augmenter la quotit\u00e9 de travail de la pr\u00e9paratrice en pharmacie de 0,5 ETP \n\u00e0 1 ETP  en s'assurant qu'aucun acte pharmaceutique n'est effectu\u00e9 par la \npr\u00e9paratrice en pharmacie, en l'absence du pharmacien ; \n- mettre en place une climatisation dans la salle de stockage de m\u00e9dicaments \net dispositifs m\u00e9dicaux st\u00e9riles ; \nCONSID\u00c9RANT que la clinique du Parc de Belleville  dispose, sous r\u00e9serve du respect des \nengagements pris, de locaux, de moyens en personnel, de moyens en \u00e9quipement \net d'un syst\u00e8me d'information, conform\u00e9ment aux articles R.5126 -8 et R.5126-14 du \ncode de la sant\u00e9 publique , lui permettant d'assurer l'ensemble des missions et des \nactivit\u00e9s sollicit\u00e9es ; \n  \n \nDECIDE  \n \n \nARTICLE 1 La pharmacie \u00e0 usage int\u00e9rieur implant\u00e9e au sein de la clinique du Parc de Belleville  \n(n\u00b0 FINESS EJ  : 920030269 - n\u00b0 FINESS ET  : 750 047128), sis e 104-106, rue des \nCouronnes \u00e0 Paris (75020) est autoris\u00e9e \u00e0 exercer les missions et l'activit\u00e9 cit\u00e9es aux \narticles suivants. \n \nARTICLE 2  La pharmacie \u00e0 usage int\u00e9rieur assurera pour son propre compte, dans la limite du \nrespect des conditions r\u00e8glementaires fix\u00e9es pour leur exercice au regard du statut de \nl'\u00e9tablissement au sein duquel elle est \u00e9tablie, les missions g\u00e9n\u00e9rales ainsi que les \nactions de pharmacie clinique, telles que d\u00e9finies \u00e0 l'article L.5126 -1 du code de la \nsant\u00e9 publique, afin de r\u00e9pondre aux besoins pharmaceutiques des personnes prises \nen charge. \n \nARTICLE 3 La pharmacie \u00e0 usage int\u00e9rieur assurera, pour son propre compte l'activit\u00e9 mentionn\u00e9e \naux articles L.5126-4 et R.5126-9 du code de la sant\u00e9 publique :  \n- la pr\u00e9paration de doses \u00e0 administrer de m\u00e9dicaments mentionn\u00e9s \u00e0 \nl'article L. 4211-1 du m\u00eame code : \n\u2981 proc\u00e9d\u00e9 de pr\u00e9paration des doses \u00e0 administrer : manuel ; \n\u2981 type de doses pr\u00e9par\u00e9es : pilulier individuel nominatif, doses unitaires ; \nAgence R\u00e9gionale de Sant\u00e9 - IDF-2025-10-27-00009 - D\u00e9cision n\u00b0DVSS - QSPHARMBIO - 2025/116 renouvellement autorisation\npharmacie \u00e0 usage int\u00e9rieur de la Clinique du Parc de Belleville 41\n \n3 / 3 \n \n\u2981 op\u00e9rations r\u00e9alis\u00e9es : sur\u00e9tiquetage des blisters de m\u00e9dicaments non \npr\u00e9sent\u00e9s en conditionnement unitaire. \n \nARTICLE 4 La pharmacie \u00e0 usage int\u00e9rieur est implant\u00e9e dans des locaux d'une superficie totale \nde 112,2 m\u00b2, comprenant : \n- sas entr\u00e9e pharmacie (quarantaine et zone de r\u00e9ception) : 11,5 m\u00b2 ; \n- local pharmacie (stock m\u00e9dicaments, dispositifs m\u00e9dicaux, solut\u00e9s, bureau \npharmacien, zone de s\u00e9rialisation, coffre stup\u00e9fiants, zone quarantaine, zone \nde pr\u00e9paration de doses \u00e0 administrer : 87 m\u00b2 ; \n- local de production du vide (aspiration) : 5,5 m\u00b2 ; \n- local stockage de gaz m\u00e9dicinaux : 8,2 m\u00b2. \nARTICLE 5 \n \nLe temps de pr\u00e9sence du pharmacien charg\u00e9 de la g\u00e9rance , de neuf demi-journ\u00e9es \npar semaine, est en conformit\u00e9 avec les dispositions de l'article R.5126-39 du code de \nla sant\u00e9 publique. \n \nARTICLE 6  Un recours contentieux contre la pr\u00e9sente d\u00e9cision peut \u00eatre form\u00e9 aupr\u00e8s du Tribunal \nadministratif comp\u00e9tent. Le d\u00e9lai de recours est de deux mois \u00e0 compter de la \nnotification de la d\u00e9cision pour les int\u00e9ress\u00e9s ou de sa publication pour les tiers. Cette \njuridiction peut notamment \u00eatre saisie via une requ\u00eate remise ou envoy\u00e9e au greffe du \nTribunal administratif ou aussi par l'application \u00ab  T\u00e9l\u00e9recours \u00bb accessible \u00e0 partir du \nsite www.telerecours.fr.  \nARTICLE 7  Les Directeurs de l'Agence r\u00e9gionale de sant\u00e9 \u00cele-de-France sont charg\u00e9s, chacun en \nce qui les concerne, de l'ex\u00e9cution de la pr\u00e9sente d\u00e9cision, qui sera publi\u00e9e au recueil \ndes actes administratifs de la Pr\u00e9fecture de r\u00e9gion \u00cele-de-France. \n \nFait \u00e0 Saint-Denis, le 27 octobre 2025 \n \nLe Directeur g\u00e9n\u00e9ral \nde l'Agence r\u00e9gionale de sant\u00e9  \n\u00cele-de-France \n \nSIGNE \nAgence R\u00e9gionale de Sant\u00e9 - IDF-2025-10-27-00009 - D\u00e9cision n\u00b0DVSS - QSPHARMBIO - 2025/116 renouvellement autorisation\npharmacie \u00e0 usage int\u00e9rieur de la Clinique du Parc de Belleville 42\nAgence R\u00e9gionale de Sant\u00e9\nIDF-2025-11-03-00004\nArr\u00eat\u00e9 n\u00b0 DOS - 2025/4614 modifiant l'arr\u00eat\u00e9 n\u00b0\nDOS - 2025/3547 du 10 juillet 2025 portant\nautorisation de fonctionnement du laboratoire\nde biologie m\u00e9dicale multisites \u00ab BIOGROUP\nPARIS EST \u00bb, sis 70, boulevard Anatole France \u00e0\nSAINT-DENIS (93200)\nAgence R\u00e9gionale de Sant\u00e9 - IDF-2025-11-03-00004 - Arr\u00eat\u00e9 n\u00b0 DOS - 2025/4614 modifiant l'arr\u00eat\u00e9 n\u00b0 DOS - 2025/3547 du 10 juillet\n2025 portant autorisation de fonctionnement du laboratoire de biologie m\u00e9dicale multisites \u00ab BIOGROUP PARIS EST \u00bb, sis 70,\nboulevard Anatole France \u00e0 SAINT-DENIS (93200)\n43\nREPUBLIQUEFRANCAISELibert\u00e9Egalit\u00e9Fraternit\u00e9\n\u00a9 \u00bb Agence R\u00e9gionale de Sant\u00e9Ile-de-France\n \n \n \n     \n     \nAGENCE R\u00c9GIONALE DE SANT\u00c9 \u00ceLE-DE-FRANCE \n \nArr\u00eat\u00e9 n\u00b0 DOS - 2025/4614 \n \nmodifiant l'arr\u00eat\u00e9 n\u00b0 DOS \u2013 2025/3547 du 10 juillet 2025 portant autorisation \nde fonctionnement du laboratoire de biologie m\u00e9dicale multisites \u00ab BIOGROUP PARIS EST \u00bb, \nsis 70, boulevard Anatole France \u00e0 SAINT-DENIS (93200) \n \nLE DIRECTEUR G\u00c9N\u00c9RAL DE L'AGENCE R\u00c9GIONALE DE SANT\u00c9 \u00ceLE-DE-FRANCE \n \nVU  Le d\u00e9cret du 10 avril 2024 portant nomination de Monsieur Denis ROBIN, Directeur g\u00e9n\u00e9ral de l'Agence \nr\u00e9gionale de sant\u00e9 d'\u00cele-de-France, \u00e0 compter du 29 avril 2024 ; \n \nVU L'arr\u00eat\u00e9 DS n\u00b0 034/2024 du 29 avril 2024 portant d\u00e9l\u00e9gation de signature du Directeur g\u00e9n\u00e9ral de l'Agence \nr\u00e9gionale de sant\u00e9 d'Ile -de-France \u00e0 Monsieur Arnaud CORVAISIER, Directeur de l'offre de soins, et \u00e0 \ndiff\u00e9rents collaborateurs ; \n \nVU L'arr\u00eat\u00e9 n\u00b0 DOS - 2025/3547 du 10 juillet 2025 portant autorisation de fonctionnement du laboratoire de \nbiologie m\u00e9dicale multisites \u00ab BIOGROUP PARIS EST  \u00bb sis 70, boulevard Anatole France \u00e0 SAINT -\nDENIS (93200) ; \n \n \nCONSID\u00c9RANT Que l'article 1er de l'acte de d\u00e9claration n\u00b0 DOS - 2025/3547 en date du 10 juillet 2025 portant \nautorisation de fonctionnement du laboratoire de biologie m\u00e9dicale \u00ab BIOGROUP PARIS \nEST \u00bb (Saint-Denis) est entach\u00e9 d'une erreur mat\u00e9rielle qu'il convient de rectifier. \nEn effet, il ne doit y avoir qu'un seul site principal de cat\u00e9gorie 611 pour une entit\u00e9 juridique. \nCe site principal correspond au si\u00e8ge social , en application des r\u00e8gles d'enregistrement des \nlaboratoires de biologie m\u00e9dicale dans le r\u00e9pertoire FINESS ; \n \nCONSID\u00c9RANT Le proc\u00e8s-verbal des d\u00e9cisions du Pr\u00e9sident de la SELAS \u00ab  BIOGROUP PARIS EST  \u00bb, en \ndate du 17 octobre 2025, actant la fermeture du site du laboratoire sis 70, Boulevard Anatole \nFrance \u00e0 SAINT-DENIS (93200) \u00e0 effet au 24 octobre 2025 et par cons\u00e9quent notifiant la fin \ndu transfert intra -d\u00e9partemental du site pr\u00e9cit\u00e9 selon les proc\u00e9dures d'enregistrement des \nlaboratoires de biologie m\u00e9dicale de statut priv\u00e9 \u00e0 but lucratif dans le r\u00e9pertoire FINESS, \nd\u00e9finies par le minist\u00e8re de la sant\u00e9 ; \n \nARRETE : \n \nARTICLE 1er : Les dispositions de l'article 1er de l'arr\u00eat\u00e9 n\u00b0 DOS - 2025/3547 en date du 10 juillet 2025 portant \nautorisation de fonctionnement du laboratoire de biologie m\u00e9dicale \u00ab BIOGROUP PARIS \nEST \u00bb, sis 70, boulevard Anatole France \u00e0 SAINT-DENIS (93200) sont modifi\u00e9es comme suit : \n \nLes termes : \n \n1. \u00ab Le site principal et si\u00e8ge social jusqu'au 30 d\u00e9cembre 2025  \n70, boulevard Anatole France \u00e0 SAINT-DENIS (93200) \nFerm\u00e9 au public \nPratiquant les activit\u00e9s de biochimie (biochimie g\u00e9n\u00e9rale et sp\u00e9cialis\u00e9e, pharmacologie-\ntoxicologie), d'h\u00e9matologie (h\u00e9matocytologie, h\u00e9mostase, immunoh\u00e9matologie), \nd'immunologie (allergie, auto -immunit\u00e9), et de microbiologie ( bact\u00e9riologie, \nparasitologie-mycologie, s\u00e9rologie infectieuse, virologie) \nNum\u00e9ro FINESS ET en cat\u00e9gorie 611 : 93 002 441 9 \n \n1. Le site principal et si\u00e8ge social \u00e0 compter du 15 juillet 2025 \nAgence R\u00e9gionale de Sant\u00e9 - IDF-2025-11-03-00004 - Arr\u00eat\u00e9 n\u00b0 DOS - 2025/4614 modifiant l'arr\u00eat\u00e9 n\u00b0 DOS - 2025/3547 du 10 juillet\n2025 portant autorisation de fonctionnement du laboratoire de biologie m\u00e9dicale multisites \u00ab BIOGROUP PARIS EST \u00bb, sis 70,\nboulevard Anatole France \u00e0 SAINT-DENIS (93200)\n44\n2/2 \n \n108 Bis, Avenue Gabriel P\u00e9ri \u00e0 SAINT OUEN (93400) \nFerm\u00e9 au public \nPratiquant les activit\u00e9s de biochimie (biochimie g\u00e9n\u00e9rale et sp\u00e9cialis\u00e9e, pharmacologie-\ntoxicologie), d'h\u00e9matologie (h\u00e9matocytologie, h\u00e9mostase , immuno -h\u00e9matologie), \nd'immunologie (allergie, auto -immunit\u00e9), et de microbiologie (bact\u00e9riologie, \nparasitologie-mycologie, s\u00e9rologie infectieuse, virologie) \nNum\u00e9ro FINESS ET en cat\u00e9gorie 611 : 93 002 441 9 \u00bb \n \nSont remplac\u00e9s par les termes :  \n \n1. \u00ab Le site SAINT-DENIS jusqu'au 24 octobre 2025  \n70, boulevard Anatole France \u00e0 SAINT-DENIS (93200) \nFerm\u00e9 au public \nPratiquant les activit\u00e9s de biochimie (biochimie g\u00e9n\u00e9rale et sp\u00e9cialis\u00e9e, \npharmacologie-toxicologie), d'h\u00e9matologie (h\u00e9matocytologie, h\u00e9mostase, \nimmunoh\u00e9matologie), d'immunologie (allergie, auto -immunit\u00e9), et de \nmicrobiologie (bact\u00e9riologie, parasitologie -mycologie, s\u00e9rologie infectieuse, \nvirologie) \nNum\u00e9ro FINESS ET en cat\u00e9gorie 611 : 93 002 441 9 \n \n1. Le site principal et si\u00e8ge social \u00e0 compter du 15 juillet 2025 \n108 Bis, Avenue Gabriel P\u00e9ri \u00e0 SAINT OUEN (93400) \nFerm\u00e9 au public \nPratiquant les activit\u00e9s de biochimie (biochimie g\u00e9n\u00e9rale et sp\u00e9cialis\u00e9e, \npharmacologie-toxicologie), d'h\u00e9matologie (h\u00e9matocytologie, h\u00e9mostase , \nimmuno-h\u00e9matologie), d'immunologie (allergie, auto -immunit\u00e9), et de \nmicrobiologie (bact\u00e9riologie, parasitologie -mycologie, s\u00e9rologie infectieuse , \nvirologie) \nNum\u00e9ro FINESS ET en cat\u00e9gorie 611 : 93 002 441 9 \u00bb \n \nARTICLE 2e : Un recours contentieux contre le pr\u00e9sent arr\u00eat\u00e9 peut \u00eatre form\u00e9 aupr\u00e8s du Tribunal \nadministratif comp\u00e9tent. Le d\u00e9lai de recours est de deux mois \u00e0 compter de sa notification \npour les int\u00e9ress\u00e9s ou de sa publication pour les tiers. \n \nARTICLE 3e : Le Directeur du p\u00f4le Efficience de l'Agence r\u00e9gionale de sant\u00e9 Ile-de-France est charg\u00e9 de \nl'ex\u00e9cution du pr\u00e9sent arr\u00eat\u00e9 qui sera publi\u00e9 au recueil des actes administratifs de la \npr\u00e9fecture de la r\u00e9gion Ile-de-France. \n \n \n \nFait \u00e0 Saint Denis, le 3 novembre 2025 \n \nPour le Directeur g\u00e9n\u00e9ral \nde l'Agence r\u00e9gionale de sant\u00e9 \nIle-de-France \n \nPar d\u00e9l\u00e9gation, \nLe Directeur du P\u00f4le Efficience \n \nFabien P\u00c9RUS \nAgence R\u00e9gionale de Sant\u00e9 - IDF-2025-11-03-00004 - Arr\u00eat\u00e9 n\u00b0 DOS - 2025/4614 modifiant l'arr\u00eat\u00e9 n\u00b0 DOS - 2025/3547 du 10 juillet\n2025 portant autorisation de fonctionnement du laboratoire de biologie m\u00e9dicale multisites \u00ab BIOGROUP PARIS EST \u00bb, sis 70,\nboulevard Anatole France \u00e0 SAINT-DENIS (93200)\n45\nAgence R\u00e9gionale de Sant\u00e9 - D\u00e9l\u00e9gation\nd\u00e9partementale de Seine-et-Marne\nIDF-2025-09-25-00039\nArr\u00eat\u00e9 n\u00b0 PFS 2025-77-1164-1731944208 bis\nportant modification de l'agr\u00e9ment du centre de\nsant\u00e9 \"CDS dentaire Nemours\" pour ses activit\u00e9s\ndentaires. \nAgence R\u00e9gionale de Sant\u00e9 - D\u00e9l\u00e9gation d\u00e9partementale de Seine-et-Marne - IDF-2025-09-25-00039 - Arr\u00eat\u00e9 n\u00b0 PFS\n2025-77-1164-1731944208 bis portant modification de l'agr\u00e9ment du centre de sant\u00e9 \"CDS dentaire Nemours\" pour ses activit\u00e9s\ndentaires. \n46\nREPUBLIQUEFRANCAISELibert\u00e9Egalit\u00e9Fraternit\u00e9\n4\u00a9 \u00bb Agence R\u00e9gionale de Sant\u00e9Ile-de-France\n \n \nAGENCE R\u00c9GIONALE DE SANT\u00c9 D'\u00ceLE-DE-FRANCE \n \nARR\u00caT\u00c9 N\u00b0PFS : 2025-77-1164-1731944208 bis \n \nPortant modification de l'agr\u00e9ment du centre de sant\u00e9 \u00ab CDS Dentaire Nemours \u00bb ayant pour \nnum\u00e9ro FINESS Etablissement 77 002 847 0 pour ses activit\u00e9s dentaires \n \nLE DIRECTEUR G\u00c9N\u00c9RAL DE L'AGENCE R\u00c9GIONALE DE SANT\u00c9 D'\u00ceLE-DE-FRANCE \n \nle code de la sant\u00e9 publique, notamment ses articles L.  6323-1 et suivants et D.  6323-1 \u00e0 D.  6323-12 \nainsi que les dispositions de l'arr\u00eat\u00e9 du 27 f\u00e9vrier 2018 relatif aux centres de sant\u00e9 ; \n \nl'arr\u00eat\u00e9 du 10 avril 2024 portant nomination de Monsieur Denis ROBIN, Directeur g\u00e9n\u00e9ral de l'Agence \nr\u00e9gional de sant\u00e9 d'Ile-de-France \u00e0 compter du 29 avril 2024 ; \n \nl'arr\u00eat\u00e9 n\u00b0 DS 041/2024 du 29 avril 2024 de Monsieur le directeur g\u00e9n\u00e9ral de l'agence r\u00e9gionale de sant\u00e9 \n\u00cele-de-France portant d\u00e9l\u00e9gation de signature \u00e0 Madame H\u00e9l\u00e8ne MARIE, directrice de la d\u00e9l\u00e9gation \nd\u00e9partementale de Seine-et-Marne ; \n \nl'arr\u00eat\u00e9 n\u00b0PFS : 2025 -77-1164-1731944208 du 04 f\u00e9vrier 2025 portant agr\u00e9ment du centre de sant\u00e9 \u00ab \nCDS Dentaire Nemours \u00bb ayant pour num\u00e9ro FINESS Etablissement 77 002 847 0 pour ses activit\u00e9s \nd'assistant dentaire, chirurgie dentaire, chirurgie orale, orthop\u00e9die dentofaciale, radiodiagnostic et \nimagerie m\u00e9dicale, stomatologie \n \nles pi\u00e8ces fournies \u00e0 l'appui du dossier d'enregistrement de la nouvelle adresse du CDS au 6 8 \nrue de Paris \u00e0 NEMOURS (77140) \n \nARRETE  \n \nARTICLE 1 : Le centre de sant\u00e9 dont la raison sociale est CDS Dentaire Nemours situ\u00e9 \u00e0 l'adresse suivante \n68 rue de Paris (pr\u00e9c\u00e9demment 32 avenue Carnot) 77140 Nemours, dont le num\u00e9ro FINESS est \n770028470 et dont la raison sociale de l'organisme gestionnaire est Association Clinique de Nemours situ\u00e9 \n\u00e0 l'adresse suivante 68 rue de Paris 77140 Nemours,  EST AGR\u00c9\u00c9 pour les activit\u00e9s suivantes :  \n \n- assistant dentaire, radiodiagnostic et imagerie m\u00e9dicale (06), chirurgie dentaire (19), chirurgie orale (53), \northop\u00e9die dentofaciale (36), stomatologie (18).  \n \nCet agr\u00e9ment vaut autorisation de dispenser des soins aux assur\u00e9s sociaux dans le centre concern\u00e9  et aux \ndomiciles des patients.  \n \nARTICLE 2 : Le pr\u00e9sent agr\u00e9ment est provisoire et d\u00e9livr\u00e9 pour une dur\u00e9e d'un an. \n \nARTICLE 3 : Un recours hi\u00e9rarchique contre cet arr\u00eat\u00e9 peut \u00eatre form\u00e9 par tout int\u00e9ress\u00e9  dans les deux mois \n\u00e0 compter de sa notification devant le Ministre de la Sant\u00e9 et de l'Acc\u00e8s aux soins. Ce recours hi\u00e9rarchique ne \nconstitue pas un pr\u00e9alable obligatoire au recours contentieux, qui peut \u00eatre form\u00e9 devant le tribunal administratif \ncomp\u00e9tent dans les deux mois suivant la notification du pr\u00e9sent arr\u00eat\u00e9. \n \nARTICLE 4 : La Directrice de la d\u00e9l\u00e9gation d\u00e9partementale de la Seine -et-Marne de l'Agence r\u00e9gionale de \nsante d'\u00cele -de-France est charg\u00e9e de l'ex\u00e9cution du pr\u00e9sent arr\u00eat\u00e9, qui sera publi\u00e9 au recueil des actes \nadministratifs de la pr\u00e9fecture de r\u00e9gion \u00cele-de-France. \n \n \n \nFait \u00e0 Lieusaint, le 25 septembre 2025 \n \nPour le Directeur g\u00e9n\u00e9ral  \nde l'Agence r\u00e9gionale de sant\u00e9  \nd'\u00cele-de-France, \nLa Directrice d\u00e9partementale de Seine-et-Marne, \nSIGNE \nH\u00e9l\u00e8ne MARIE \nVU \n \n \nVU \n \n \nVU \n \n \n \nVU \n \n \n \n \n \nVU \nAgence R\u00e9gionale de Sant\u00e9 - D\u00e9l\u00e9gation d\u00e9partementale de Seine-et-Marne - IDF-2025-09-25-00039 - Arr\u00eat\u00e9 n\u00b0 PFS\n2025-77-1164-1731944208 bis portant modification de l'agr\u00e9ment du centre de sant\u00e9 \"CDS dentaire Nemours\" pour ses activit\u00e9s\ndentaires. \n47\nAgence R\u00e9gionale de Sant\u00e9 - D\u00e9l\u00e9gation\nd\u00e9partementale de Seine-et-Marne\nIDF-2025-10-02-00046\nArr\u00eat\u00e9 n\u00b0 PFS 2025-77-1233-1749216595 portant\nagr\u00e9ment de l'antenne de Meaux du Centre de\nsant\u00e9 Ophtavision pour ses activit\u00e9s\nophtalmologiques; \nAgence R\u00e9gionale de Sant\u00e9 - D\u00e9l\u00e9gation d\u00e9partementale de Seine-et-Marne - IDF-2025-10-02-00046 - Arr\u00eat\u00e9 n\u00b0 PFS\n2025-77-1233-1749216595 portant agr\u00e9ment de l'antenne de Meaux du Centre de sant\u00e9 Ophtavision pour ses activit\u00e9s\nophtalmologiques; \n48\nExREPUBLIQUEFRAN\u00c7AISELibert\u00e9Egalit\u00e9Fraternit\u00e9\ne \u00bb Agence R\u00e9gionale de Sant\u00e9Ile-de-France\n \n \nAGENCE R\u00c9GIONALE DE SANT\u00c9 D'\u00ceLE-DE-FRANCE \n \nARR\u00caT\u00c9 N\u00b0PFS 2025\u2013 77-1233-1749216595 \n \nPortant agr\u00e9ment de l'antenne de Meaux du Centre de Sant\u00e9 Ophtavision  ayant pour \nnum\u00e9ro FINESS \u00e9tablissement 770025625 pour ses activit\u00e9s ophtalmologiques \n \n \nLE DIRECTEUR G\u00c9N\u00c9RAL DE L'AGENCE R\u00c9GIONALE DE SANT\u00c9 D'\u00ceLE-DE-FRANCE \n \nle code de la sant\u00e9 publique, notamment ses articles L. 6323-1 et suivants et D. 6323-1 \n\u00e0 D. 6323-12 ainsi que les dispositions de l'arr\u00eat\u00e9 du 27 f\u00e9vrier 2018 relatif aux centres de sant\u00e9 ; \n \nle d\u00e9cret du 10 avril 2024 portant nomination de Monsieur Denis ROBIN, Directeur g\u00e9n\u00e9ral de \nl'Agence r\u00e9gionale de sant\u00e9 d'\u00cele-de-France, \u00e0 compter du 29 avril 2024 ; \n \nl'arr\u00eat\u00e9 DS n\u00b0 041/2024 du 29 avril 2024 de Monsieur le Directeur g\u00e9n\u00e9ral de l'Agence r\u00e9gionale \nde sant\u00e9 d'\u00cele-de-France portant d\u00e9l\u00e9gation de si gnature \u00e0 Madame H\u00e9l\u00e8ne MARIE, D irectrice \nde la d\u00e9l\u00e9gation d\u00e9partementale de Seine-et-Marne ; \n \nARRETE  \n \nL'antenne du centre de sant\u00e9 Ophtavision situ\u00e9 \u00e0 Cheauconin-Neufmoutiers dont la \nraison sociale est ANTENNE MEAUX DU CDS OPHTAVISION situ\u00e9e dans les locaux \ndu Grand H\u00f4pital de l'Est Francilien \u2013 site de Meaux \u2013 8 rue Saint -Fiacre 77100 \nMEAUX, dont le num\u00e9ro FINESS est 770025625, dont l'organisme gestionnaire est \nASSOCIATION D'OPHTAL'MEAUX  ayant son si\u00e8ge social au Centre commercial \nLes Saisons \u2013 3 avenue Moreno \u2013 77124 Chauconin-Neufmoutiers \n \nEST AGR\u00c9\u00c9E pour les activit\u00e9s suivantes : ophtalmologie (15), orthoptie (29) \n \nCet agr\u00e9ment vaut autorisation de dispenser des soins aux assur\u00e9s sociaux dans le \ncentre ou l'antenne concern\u00e9e.  \n \n \nLe pr\u00e9sent agr\u00e9ment est d\u00e9livr\u00e9 pour une dur\u00e9e provisoire d'1 an. \n \nUn recours hi\u00e9rarchique contre cet arr\u00eat\u00e9 peut \u00eatre form\u00e9 par tout int\u00e9ress\u00e9  dans les \ndeux mois \u00e0 compter de sa notification devant le Ministre de la Sant\u00e9 et de l'Acc\u00e8s \naux Soins. \n \nCe recours hi\u00e9rarchique ne constitue pas un pr\u00e9alable obligatoire au recours \ncontentieux, qui peut \u00eatre form\u00e9 devant le tribunal administratif comp\u00e9tent dans les \ndeux mois suivant la notification du pr\u00e9sent arr\u00eat\u00e9. \n \nLa Directrice de la d\u00e9l\u00e9gation d\u00e9partementale de la Seine -et-Marne de l 'Agence \nr\u00e9gionale de sante d'\u00cele -de-France est charg\u00e9e de l'ex\u00e9cution du pr\u00e9sent arr\u00eat\u00e9, qui \nsera publi\u00e9 au recueil des actes administratifs de la pr\u00e9fecture de r\u00e9gion \u00cele -de-\nFrance. \n                                    \nFait \u00e0 Lieusaint, le 2 octobre 2025 \n \nPour le Directeur g\u00e9n\u00e9ral  \nde l'Agence r\u00e9gionale de sant\u00e9  \nd'\u00cele-de-France, \nPour La Directrice de la D\u00e9l\u00e9gation  \nd\u00e9partementale de la Seine-et-Marne \nSIGNE \n       Delphine CAAMA\u00d1O \nVU \n \n \nVU \n \n \nVU \nARTICLE 1 : \n \n \n \n \n \n \n \n \n \n \n \n \nARTICLE 2 : \n \nARTICLE 3 : \n \n \n \n \n \n \n \nARTICLE 4 :  \n \n \n \nAgence R\u00e9gionale de Sant\u00e9 - D\u00e9l\u00e9gation d\u00e9partementale de Seine-et-Marne - IDF-2025-10-02-00046 - Arr\u00eat\u00e9 n\u00b0 PFS\n2025-77-1233-1749216595 portant agr\u00e9ment de l'antenne de Meaux du Centre de sant\u00e9 Ophtavision pour ses activit\u00e9s\nophtalmologiques; \n49\nAgence R\u00e9gionale de Sant\u00e9 - D\u00e9l\u00e9gation\nd\u00e9partementale de Seine-et-Marne\nIDF-2025-10-02-00047\nArr\u00eat\u00e9 n\u00b0 PFS 2025-77-1234-1749218357 portant\nagr\u00e9ment de l'antenne de Coulommiers du\ncentre de sant\u00e9 Ophtavision pour ses activit\u00e9s\nophtalmologiques. \nAgence R\u00e9gionale de Sant\u00e9 - D\u00e9l\u00e9gation d\u00e9partementale de Seine-et-Marne - IDF-2025-10-02-00047 - Arr\u00eat\u00e9 n\u00b0 PFS\n2025-77-1234-1749218357 portant agr\u00e9ment de l'antenne de Coulommiers du centre de sant\u00e9 Ophtavision pour ses activit\u00e9s\nophtalmologiques. \n50\nExREPUBLIQUEFRAN\u00c7AISELibert\u00e9Egalit\u00e9Fraternit\u00e9\ne \u00bb Agence R\u00e9gionale de Sant\u00e9Ile-de-France\n \n \nAGENCE R\u00c9GIONALE DE SANT\u00c9 D'\u00ceLE-DE-FRANCE \n \nARR\u00caT\u00c9 N\u00b0PFS 2025\u2013 77-1234-1749218357 \n \nPortant agr\u00e9ment de l'antenne de Coulommiers du Centre de Sant\u00e9 Ophtavision ayant \npour num\u00e9ro FINESS \u00e9tablissement 770025625 pour ses activ\u00e9s ophtalmologiques \n \n \nLE DIRECTEUR G\u00c9N\u00c9RAL DE L'AGENCE R\u00c9GIONALE DE SANT\u00c9 D'\u00ceLE-DE-FRANCE \n \nle code de la sant\u00e9 publique, notamment ses articles L. 6323-1 et suivants et D. 6323-1 \n\u00e0 D. 6323-12 ainsi que les dispositions de l'arr\u00eat\u00e9 du 27 f\u00e9vrier 2018 relatif aux centres de sant\u00e9 ; \n \nle d\u00e9cret du 10 avril 2024 portant nomination de Monsieur Denis ROBIN, Directeur g\u00e9n\u00e9ral de \nl'Agence r\u00e9gionale de sant\u00e9 d'\u00cele-de-France, \u00e0 compter du 29 avril 2024 ; \n \nl'arr\u00eat\u00e9 DS n\u00b0 041/2024 du 29 avril 2024 de Monsieur le Directeur g\u00e9n\u00e9ral de l'Agence r\u00e9gionale \nde sant\u00e9 d'\u00cele-de-France portant d\u00e9l\u00e9gation de si gnature \u00e0 Madame H\u00e9l\u00e8ne MARIE, D irectrice \nde la d\u00e9l\u00e9gation d\u00e9partementale de Seine-et-Marne ; \n \nARRETE  \n \nL'antenne du centre de sant\u00e9 Ophtavision situ\u00e9 \u00e0 Cheauconin-Neufmoutiers dont la \nraison sociale est ANTENNE COULOMMIERS DU CDS OPHTAVISION situ\u00e9e dans \nles locaux du Grand H\u00f4pital de l'Est Francilien \u2013 site de Coulommiers \u2013 4 rue Gabriel \nP\u00e9ri 77120 COULOMMIERS , dont le num\u00e9ro FINESS est 770025625, dont \nl'organisme gestionnaire est ASSOCIATION D'OPHTAL'MEAUX  ayant son si\u00e8ge \nsocial au Centre commercial Les Saisons \u2013 3 avenue Moreno \u2013 77124 Chauconin-\nNeufmoutiers \n \nEST AGR\u00c9\u00c9E pour les activit\u00e9s suivantes : ophtalmologie (15), orthoptie (29) \n \nCet agr\u00e9ment vaut autorisation de dispenser des soins aux assur\u00e9s sociaux dans le \ncentre ou l'antenne concern\u00e9e.  \n \nLe pr\u00e9sent agr\u00e9ment est d\u00e9livr\u00e9 pour une dur\u00e9e provisoire d'1 an. \n \nUn recours hi\u00e9rarchique contre cet arr\u00eat\u00e9 peut \u00eatre form\u00e9 par tout int\u00e9ress\u00e9  dans les \ndeux mois \u00e0 compter de sa notification devant le Ministre de la Sant\u00e9 et de l'Acc\u00e8s \naux Soins. \n \nCe recours hi\u00e9rarchique ne constitue pas un pr\u00e9alable obligatoire au recours \ncontentieux, qui peut \u00eatre form\u00e9 devant le tribunal administratif comp\u00e9tent dans les \ndeux mois suivant la notification du pr\u00e9sent arr\u00eat\u00e9. \n \nLa Directrice de la d\u00e9l\u00e9gation d\u00e9partementale de la Seine -et-Marne de l 'Agence \nr\u00e9gionale de sante d'\u00cele -de-France est charg\u00e9e de l'ex\u00e9cution du pr\u00e9sent arr\u00eat\u00e9, qui \nsera publi\u00e9 au recueil des actes administratifs de la pr\u00e9fecture de r\u00e9gion \u00cele -de-\nFrance. \n                                                        \nFait \u00e0 Lieusaint, le 2 octobre 2025 \n \nPour le Directeur g\u00e9n\u00e9ral  \nde l'Agence r\u00e9gionale de sant\u00e9  \nd'\u00cele-de-France, \nPour La Directrice de la D\u00e9l\u00e9gation  \nD\u00e9partementale de la Seine-et-Marne \nSIGNE \nDelphine CAAMA\u00d1O \nVU \n \n \nVU \n \n \nVU \nARTICLE 1 : \n \n \n \n \n \n \n \n \n \n \n \n \nARTICLE 2 : \n \nARTICLE 3 : \n \n \n \n \n \n \n \nARTICLE 4 :  \n \n \n \nAgence R\u00e9gionale de Sant\u00e9 - D\u00e9l\u00e9gation d\u00e9partementale de Seine-et-Marne - IDF-2025-10-02-00047 - Arr\u00eat\u00e9 n\u00b0 PFS\n2025-77-1234-1749218357 portant agr\u00e9ment de l'antenne de Coulommiers du centre de sant\u00e9 Ophtavision pour ses activit\u00e9s\nophtalmologiques. \n51\nDirection r\u00e9gionale et interd\u00e9partementale de\nl'h\u00e9bergement et du logement\nIDF-2025-11-04-00002\nArr\u00eat\u00e9 portant agr\u00e9ment de l'association Espoir -\nCentres Familiaux de Jeunes au titre de\nl'interm\u00e9diation locative et gestion locative\nsociale\nDirection r\u00e9gionale et interd\u00e9partementale de l'h\u00e9bergement et du logement - IDF-2025-11-04-00002 - Arr\u00eat\u00e9 portant agr\u00e9ment de\nl'association Espoir - Centres Familiaux de Jeunes au titre de l'interm\u00e9diation locative et gestion locative sociale 52\nEiPREFETDE LA REGIOND'\u00ceLE-DE-FRANCELibert\u00e9Egalit\u00e9Fraternit\u00e9\nArr\u00eat\u00e9 n\u00b0\nportant agr\u00e9ment\nde l'association Espoir \u2013 Centres Familiaux de Jeunes\nau titre de l'interm\u00e9diation locative et gestion locative sociale\nLe Pr\u00e9fet de la R\u00e9gion \u00cele-de-France, pr\u00e9fet de Paris\nGrand Officier de la L\u00e9gion d'Honneur,\nOfficier de l'ordre national du m\u00e9rite\nVU la loi n\u00b0 2009-323 du 25 mars 2009 de mobilisation pour le logement et la lutte\ncontre l'exclusion\nVU  le  d\u00e9cret  n\u00b0  2009-1684  du  30  d\u00e9cembre  2009  relatif  aux  agr\u00e9ments  des\norganismes exer\u00e7ant des activit\u00e9s en faveur du logement et de l'h\u00e9bergement des\npersonnes d\u00e9favoris\u00e9es\nVU  la circulaire du 18 janvier 2010 relative aux relations entre les pouvoirs publics\net les associations\u00a0: conventions d'objectifs et simplification des d\u00e9marches relatives\naux proc\u00e9dures d'agr\u00e9ment\nVU  la  circulaire  du  6  septembre  2010  relative  aux  agr\u00e9ments  des  organismes\nagissant en faveur du logement et de l'h\u00e9bergement des personnes d\u00e9favoris\u00e9es\nVU la d\u00e9cision n\u00b0 2025-19 en date du 01 juillet 2025 portant subd\u00e9l\u00e9gation de\nsignature  en  mati\u00e8re  administrative  \u00e0  Monsieur  Jacques  Bertrand  DE  REBOUL,\nDirecteur r\u00e9gional et interd\u00e9partemental adjoint de l'h\u00e9bergement et du logement\nde la r\u00e9gion \u00cele-de-France\nVU  la demande d'agr\u00e9ment d\u00e9pos\u00e9e par l'association Espoir \u2013 Centres Familiaux\nde Jeunes  le 2 3 septembre 2025, aupr\u00e8s  du Pr\u00e9fet de r\u00e9gion, en vue d'exercer les\nactivit\u00e9s suivantes, vis\u00e9es \u00e0 l'article   R.365-1 3\u00b0 du a) b) et c) du Code la construction\nT\u00e9l : 01 82 52 48 96\nLe Ponant, 5 rue Leblanc, 75015 Paris\nwww.drihl.ile-de-france.developpement-durable.gouv.fr 1 / 5\nDirection r\u00e9gionale et interd\u00e9partementale de l'h\u00e9bergement et du logement - IDF-2025-11-04-00002 - Arr\u00eat\u00e9 portant agr\u00e9ment de\nl'association Espoir - Centres Familiaux de Jeunes au titre de l'interm\u00e9diation locative et gestion locative sociale 53\net de l'habitation\u00a0:\n\u2022 Location de logements aupr\u00e8s d'organismes agr\u00e9\u00e9s au titre de l'article L 365-2\nou d'organismes d'habitation \u00e0 loyer mod\u00e9r\u00e9 en vue de leur sous-location \u00e0 des\npersonnes d\u00e9favoris\u00e9es dans les conditions pr\u00e9vues par l'article L 442-8-1\n\u2022 Location de logements \u00e0 des bailleurs autres que les organismes d'habitations \u00e0\nloyer mod\u00e9r\u00e9 en vue de les sous-louer \u00e0 des personnes d\u00e9favoris\u00e9es dans les\nconditions pr\u00e9vues aux articles L.321-10, L.323-10-1 et L.353-20.\n\u2022 Location de logements en vue de l'h\u00e9bergement de personnes d\u00e9favoris\u00e9es\ndans les conditions de l'article L.851-1 du code de la s\u00e9curit\u00e9 sociale.\n\u2022 Location  aupr\u00e8s  d'un  organisme  d'habitations  \u00e0  loyer  mod\u00e9r\u00e9  d'un  h\u00f4tel\ndestin\u00e9 \u00e0 l'h\u00e9bergement mentionn\u00e9 au 8\u00b0 de l'article L.421-1, au 11 \u00e8me\n ali\u00e9na de\nl'article L.422-2, au 6\u00b0 de l'article L.422-3.\n\u2022 Location aupr\u00e8s d'un organisme agr\u00e9\u00e9 au titre de l'article L.365-2 destin\u00e9 \u00e0\nl'h\u00e9bergement.\n\u2022 La gestion immobili\u00e8re en tant que  mandataire dans le parc priv\u00e9 et dans le\nparc public selon les modalit\u00e9s pr\u00e9vues \u00e0 l'article L.442-9\n\u2022 La gestion de r\u00e9sidences sociales mentionn\u00e9es \u00e0 l'article R.353-165-1\nCONSID\u00c9RANT  la capacit\u00e9 de l'association Espoir \u2013 Centres Familiaux de Jeunes  \u00e0\nexercer les activit\u00e9s objet du pr\u00e9sent agr\u00e9ment, compte tenu de ses statuts, de ses\ncomp\u00e9tences, des moyens dont elle dispose dans les d\u00e9partements de Paris, de la\nSeine-et-Marne, des Yvelines, de l'Essonne, des Hauts-de-Seine, de la Seine-Saint-\nDenis,  du  Val-de-Marne  et  du  Val  d'Oise  ainsi  que  du  soutien  de  la  F\u00e9d\u00e9ration\nNationale des Services Sociaux Sp\u00e9cialis\u00e9s (FN3S).\nARRETE\nArticle  1  er\n  \nL'agr\u00e9ment  au  titre  de  l'interm\u00e9diation  locative  et  gestion  locative  sociale  est\naccord\u00e9  \u00e0  l'association  Espoir  \u2013 Centres  Familiaux  de  Jeunes pour  les  activit\u00e9s\nsuivantes, vis\u00e9es \u00e0 l'article    R.365-1  3\u00b0 du a) b) et c) du Code la construction et de\nl'habitation\u00a0:\n\u2022 Location de logements aupr\u00e8s d'organismes agr\u00e9\u00e9s au titre de l'article L 365-2 ou\nd'organismes  d'habitation  \u00e0  loyer  mod\u00e9r\u00e9  en  vue  de  leur  sous-location  \u00e0  des\npersonnes d\u00e9favoris\u00e9es dans les conditions pr\u00e9vues par l'article L 442-8-1\n\u2022 Location de logements \u00e0 des bailleurs autres que les organismes d'habitations \u00e0\nT\u00e9l : 01 82 52 48 96\nLe Ponant, 5 rue Leblanc, 75015 Paris\nwww.drihl.ile-de-france.developpement-durable.gouv.fr 2 / 5\nDirection r\u00e9gionale et interd\u00e9partementale de l'h\u00e9bergement et du logement - IDF-2025-11-04-00002 - Arr\u00eat\u00e9 portant agr\u00e9ment de\nl'association Espoir - Centres Familiaux de Jeunes au titre de l'interm\u00e9diation locative et gestion locative sociale 54\nloyer  mod\u00e9r\u00e9 en vue de les  sous-louer \u00e0 des  personnes  d\u00e9favoris\u00e9es  dans  les\nconditions pr\u00e9vues aux articles L.321-10, L.323-10-1 et L.353-20.\n\u2022 Location de logements en vue de l'h\u00e9bergement de personnes d\u00e9favoris\u00e9es dans\nles conditions de l'article L.851-1 du code de la s\u00e9curit\u00e9 sociale.\n\u2022 Location aupr\u00e8s d'un organisme d'habitations \u00e0 loyer mod\u00e9r\u00e9 d'un h\u00f4tel destin\u00e9 \u00e0\nl'h\u00e9bergement  mentionn\u00e9  au  8\u00b0  de l'article  L.421-1,  au  11\u00e8me\n ali\u00e9na  de  l'article\nL.422-2, au 6\u00b0 de l'article L.422-3.\n\u2022 Location  aupr\u00e8s  d'un  organisme  agr\u00e9\u00e9  au  titre  de  l'article  L.365-2  destin\u00e9  \u00e0\nl'h\u00e9bergement.\n\u2022 La gestion immobili\u00e8re en tant que mandataire dans le parc priv\u00e9 et dans le parc\npublic selon les modalit\u00e9s pr\u00e9vues \u00e0 l'article L.442-9\n\u2022 La gestion de r\u00e9sidences sociales mentionn\u00e9es \u00e0 l'article R.353-165-1\nArticle  2\nL'association  Espoir \u2013 Centres Familiaux de Jeunes  est agr\u00e9\u00e9e pour l'exercice des\nactivit\u00e9s mentionn\u00e9es \u00e0 l'article 1er\n dans le territoire des d\u00e9partements de Paris, de la\nSeine-et-Marne, des Yvelines, de l'Essonne, des Hauts-de-Seine, de la Seine-Saint-\nDenis, du Val-de-Marne et du Val d'Oise.\nArticle 3\nCet agr\u00e9ment est d\u00e9livr\u00e9 pour une dur\u00e9e de cinq ans renouvelable. Il prend effet \u00e0\npartir de la date de signature du pr\u00e9sent arr\u00eat\u00e9.\nArticle 4\nL'association Espoir \u2013 Centres Familiaux de Jeunes est tenue d'adresser annuellement\nau Pr\u00e9fet de R\u00e9gion un compte-rendu de l'activit\u00e9, objet du pr\u00e9sent agr\u00e9ment, ainsi\nque  ses  comptes  financiers,  conform\u00e9ment  \u00e0  l'article  R.365-7  du  Code  de  la\nconstruction et de l'habitation. Elle doit \u00e9galement lui notifier toute modification\nstatutaire.\nLe  Pr\u00e9fet  de R\u00e9gion peut  \u00e0  tout  moment  contr\u00f4ler les  conditions d'exercice  de\nl'activit\u00e9 de l'organisme.\nArticle 5\nLe pr\u00e9sent agr\u00e9ment peut \u00eatre retir\u00e9 \u00e0 tout moment par le Pr\u00e9fet de r\u00e9gion, si les\nconditions de d\u00e9livrance de l'agr\u00e9ment ne sont plus satisfaites ou s'il est constat\u00e9 un\nmanquement grave et r\u00e9p\u00e9t\u00e9 aux obligations de l'organisme. Ce retrait ne pourra\n\u00eatre  prononc\u00e9  qu'apr\u00e8s  avoir  mis  les  dirigeants  de  l'organisme  en  mesure  de\nT\u00e9l : 01 82 52 48 96\nLe Ponant, 5 rue Leblanc, 75015 Paris\nwww.drihl.ile-de-france.developpement-durable.gouv.fr 3 / 5\nDirection r\u00e9gionale et interd\u00e9partementale de l'h\u00e9bergement et du logement - IDF-2025-11-04-00002 - Arr\u00eat\u00e9 portant agr\u00e9ment de\nl'association Espoir - Centres Familiaux de Jeunes au titre de l'interm\u00e9diation locative et gestion locative sociale 55\npr\u00e9senter leurs observations.\nArticle 6\nLe pr\u00e9sent arr\u00eat\u00e9 peut faire l'objet d'un recours gracieux devant le Pr\u00e9fet de r\u00e9gion.\nIl peut \u00e9galement faire l'objet d'un recours hi\u00e9rarchique devant l'autorit\u00e9 sup\u00e9rieure\nde l'auteur du pr\u00e9sent arr\u00eat\u00e9, le Ministre de la Ville et du Logement.\nIl peut aussi faire l'objet d'un recours contentieux devant le tribunal administratif de\nParis sis au 7 , rue de Jouy, 75004 Paris, dans un d\u00e9lai de deux mois \u00e0 compter de la\ndate de publication au recueil des actes administratifs. Dans ce cas, le pr\u00e9sent arr\u00eat\u00e9\ndoit \u00eatre joint au recours contentieux.\nArticle 7\nLe  Directeur r\u00e9gional et interd\u00e9partemental de l'h\u00e9bergement et du logement \u00cele-\nde-France est charg\u00e9 de l'ex\u00e9cution du pr\u00e9sent arr\u00eat\u00e9.\nLe pr\u00e9sent arr\u00eat\u00e9 sera publi\u00e9 au recueil des actes administratifs.\nUne copie du pr\u00e9sent arr\u00eat\u00e9 sera adress\u00e9e aux pr\u00e9fets  de la Seine-et-Marne, des\nYvelines, de l'Essonne, des Hauts-de-Seine, de la Seine-Saint-Denis, du Val-de-Marne\net du Val d'Oise.\n \nParis, le 04 novembre 2025\nPour le Pr\u00e9fet de la R\u00e9gion d'\u00cele-de-France,\nPr\u00e9fet de Paris et par d\u00e9l\u00e9gation,\nLe Directeur adjoint de l'H\u00e9bergement et\ndu Logement\nSign\u00e9\n \nJacques-Bertrand DE REBOUL\nT\u00e9l : 01 82 52 48 96\nLe Ponant, 5 rue Leblanc, 75015 Paris\nwww.drihl.ile-de-france.developpement-durable.gouv.fr 4 / 5\nDirection r\u00e9gionale et interd\u00e9partementale de l'h\u00e9bergement et du logement - IDF-2025-11-04-00002 - Arr\u00eat\u00e9 portant agr\u00e9ment de\nl'association Espoir - Centres Familiaux de Jeunes au titre de l'interm\u00e9diation locative et gestion locative sociale 56\nT\u00e9l : 01 82 52 48 96\nLe Ponant, 5 rue Leblanc, 75015 Paris\nwww.drihl.ile-de-france.developpement-durable.gouv.fr 5 / 5\nDirection r\u00e9gionale et interd\u00e9partementale de l'h\u00e9bergement et du logement - IDF-2025-11-04-00002 - Arr\u00eat\u00e9 portant agr\u00e9ment de\nl'association Espoir - Centres Familiaux de Jeunes au titre de l'interm\u00e9diation locative et gestion locative sociale 57\nDirection r\u00e9gionale et interd\u00e9partementale de\nl'h\u00e9bergement et du logement\nIDF-2025-11-04-00003\nArr\u00eat\u00e9 portant agr\u00e9ment de l'Association Espoir -\nCentres Familiaux de Jeunes au titre de\nl'ing\u00e9nierie sociale, financi\u00e8re et technique\nDirection r\u00e9gionale et interd\u00e9partementale de l'h\u00e9bergement et du logement - IDF-2025-11-04-00003 - Arr\u00eat\u00e9 portant agr\u00e9ment de\nl'Association Espoir - Centres Familiaux de Jeunes au titre de l'ing\u00e9nierie sociale, financi\u00e8re et technique 58\nEiPREFETDE LA REGIOND'\u00ceLE-DE-FRANCELibert\u00e9Egalit\u00e9Fraternit\u00e9\nArr\u00eat\u00e9  n\u00b0 \nportant agr\u00e9ment \nde l'Association  Espoir \u2013 Centres Familiaux de Jeunes\nau titre de l'ing\u00e9nierie sociale, financi\u00e8re et technique\nLe Pr\u00e9fet de la R\u00e9gion \u00cele-de-France, pr\u00e9fet de Paris\nGrand Officier de la L\u00e9gion d'Honneur,\nOfficier de l'ordre national du m\u00e9rite\nVU la loi n\u00b0 2009-323 du 25 mars 2009 de mobilisation pour le logement et la lutte\ncontre l'exclusion \nVU  le  d\u00e9cret  n\u00b0  2009-1684  du  30  d\u00e9cembre  2009  relatif  aux  agr\u00e9ments  des\norganismes exer\u00e7ant des activit\u00e9s en faveur du logement et de l'h\u00e9bergement des\npersonnes d\u00e9favoris\u00e9es\nVU  la circulaire du 18 janvier 2010 relative aux relations entre les pouvoirs publics\net les associations\u00a0: conventions d'objectifs et simplification des d\u00e9marches relatives\naux proc\u00e9dures d'agr\u00e9ment \nVU  la  circulaire  du  6  septembre  2010  relative  aux  agr\u00e9ments  des  organismes\nagissant en faveur du logement et de l'h\u00e9bergement des personnes d\u00e9favoris\u00e9es\nVU la  d\u00e9cision  n\u00b0  2025-19 en  date  du  01  juillet  2025 portant  subd\u00e9l\u00e9gation  de\nsignature  en  mati\u00e8re  administrative  \u00e0  Monsieur  Jacques  Bertrand  DE  REBOUL,\nDirecteur r\u00e9gional et interd\u00e9partemental adjoint de l'h\u00e9bergement et du logement\nde la r\u00e9gion \u00cele-de-France \nVU  la demande d'agr\u00e9ment d\u00e9pos\u00e9e par l'Association Espoir \u2013 Centres Familiaux\nT\u00e9l : 01 82 52 48 96 \nLe Ponant, 5 rue Leblanc, 75015 Paris\nwww.drihl.ile-de-france.developpement-durable.gouv.fr 1 / 4\nDirection r\u00e9gionale et interd\u00e9partementale de l'h\u00e9bergement et du logement - IDF-2025-11-04-00003 - Arr\u00eat\u00e9 portant agr\u00e9ment de\nl'Association Espoir - Centres Familiaux de Jeunes au titre de l'ing\u00e9nierie sociale, financi\u00e8re et technique 59\nde Jeunes  le 23 septembre 2025, a upr\u00e8s du Pr\u00e9fet de r\u00e9gion, en vue d'exercer les\nactivit\u00e9s  suivantes,  vis\u00e9es  \u00e0  l'article  R.365-1  2\u00b0  a),  b),  c),  d)  et  e)  du  Code  la\nconstruction et de l'habitation:\n\u2022 L'accueil, le conseil, l'assistance administrative et financi\u00e8re, juridique et\ntechnique des personnes physiques, propri\u00e9taires ou locataires, dont les\nrevenus sont inf\u00e9rieurs \u00e0 un montant fix\u00e9 par voie r\u00e9glementaire, en vue de\nl'am\u00e9lioration  de  leur  logement  ou  de  l'adaptation  au  handicap  et  au\nvieillissement.\n\u2022 L'accompagnement social des personnes pour favoriser leur acc\u00e8s ou leur\nmaintien dans le logement, r\u00e9alis\u00e9 principalement dans le cadre du plan\nd\u00e9partemental d'action pour le logement des personnes d\u00e9favoris\u00e9es.\n\u2022 L'assistance  aux  personnes  qui  forment  un  recours  amiable  devant  la\ncommission  de m\u00e9diation  ou  un  recours  contentieux  devant  le  tribunal\nadministratif aux fins de reconnaissance du droit au logement opposable.\n\u2022 La  recherche  de  logements  en  vue  de  leur  location  \u00e0  des  personnes\nd\u00e9favoris\u00e9es.\n\u2022 La  participation  aux  commissions  d'attribution  des  organismes\nd'habitations \u00e0 loyer mod\u00e9r\u00e9 mentionn\u00e9e \u00e0 l'article L.441-2.\nCONSID\u00c9RANT la capacit\u00e9 de l'Association Espoir \u2013 Centres Familiaux de Jeunes \u00e0\nexercer les activit\u00e9s, objet du pr\u00e9sent agr\u00e9m ent, compte tenu de ses statuts, de ses\ncomp\u00e9tences, des moyens dont elle dispose dans les d\u00e9partements de Paris, de la\nSeine-et-Marne, des Yvelines, de l'Essonne, des Hauts-de-Seine, de la Seine-Saint-\nDenis,  du  Val-de-Marne  et  du  Val  d'Oise ainsi  que  du  soutien  de  la  F\u00e9d\u00e9ration\nNationale des Services Sociaux Sp\u00e9cialis\u00e9s (FN3S) \u00e0 laquelle elle adh\u00e8re.\nARR\u00caTE\nArticle  1  er\n  \nL'agr\u00e9ment au titre de l'ing\u00e9nierie sociale, financi\u00e8re et technique est accord\u00e9 \u00e0\nl'Association Espoir \u2013 Centres Familiaux de Jeunes pour les activit\u00e9s suivantes, vis\u00e9es\n\u00e0 l'article R.365-1 2\u00b0 a), b), c), d) et e) du Code la construction et de l'habitation :\n\u2022 L'accueil, le conseil, l'assistance administrative et financi\u00e8re, juridique et\ntechnique des personnes physiques, propri\u00e9taires ou locataires, dont les\nrevenus sont inf\u00e9rieurs \u00e0 un montant fix\u00e9 par voie r\u00e9glementaire, en vue de\nl'am\u00e9lioration  de  leur  logement  ou  de  l'adaptation  au  handicap  et  au\nvieillissement.\nT\u00e9l : 01 82 52 48 96 \nLe Ponant, 5 rue Leblanc, 75015 Paris\nwww.drihl.ile-de-france.developpement-durable.gouv.fr 2 / 4\nDirection r\u00e9gionale et interd\u00e9partementale de l'h\u00e9bergement et du logement - IDF-2025-11-04-00003 - Arr\u00eat\u00e9 portant agr\u00e9ment de\nl'Association Espoir - Centres Familiaux de Jeunes au titre de l'ing\u00e9nierie sociale, financi\u00e8re et technique 60\n\u2022 L'accompagnement social des personnes pour favoriser leur acc\u00e8s ou leur\nmaintien dans le logement, r\u00e9alis\u00e9 principalement dans le cadre du plan\nd\u00e9partemental d'action pour le logement des personnes d\u00e9favoris\u00e9es.\n\u2022 L'assistance  aux  personnes  qui  forment  un  recours  amiable  devant  la\ncommission  de m\u00e9diation  ou  un  recours  contentieux  devant  le  tribunal\nadministratif aux fins de reconnaissance du droit au logement opposable.\n\u2022 La  recherche  de  logements  en  vue  de  leur  location  \u00e0  des  personnes\nd\u00e9favoris\u00e9es.\n\u2022 La  participation  aux  commissions  d'attribution  des  organismes\nd'habitations \u00e0 loyer mod\u00e9r\u00e9 mentionn\u00e9e \u00e0 l'article L.441-2.\nArticle 2\nCet agr\u00e9ment est d\u00e9livr\u00e9 pour une dur\u00e9e de cinq ans renouvelable.\nArticle 3\nL'association  Espoir \u2013 Centres Familiaux de Jeunes  est agr\u00e9\u00e9e pour l'exercice des\nactivit\u00e9s mentionn\u00e9es \u00e0 l'article 1er\n dans le territoire des d\u00e9partements de Paris, de la\nSeine-et-Marne, des Yvelines, de l'Essonne, des Hauts-de-Seine, de la Seine-Saint-\nDenis, du Val-de-Marne et du Val d'Oise.\nArticle 4\nL'association Espoir \u2013 Centres Familiaux de Jeunes est tenue d'adresser annuellement\nau Pr\u00e9fet de R\u00e9gion un compte-rendu de l'activit\u00e9, objet du pr\u00e9sent agr\u00e9ment, ainsi\nque  ses  comptes  financiers,  conform\u00e9ment  \u00e0  l'article  R.365-7  du  Code  la\nconstruction et de l'habitation . Elle doit \u00e9galement lui notifier toute modification\nstatutaire. \nLe Pr\u00e9fet  de R\u00e9gion peut \u00e0  tout moment contr\u00f4ler les conditions d'exercice de\nl'activit\u00e9 de l'organisme.\nArticle 5\nLe pr\u00e9sent agr\u00e9ment peut-\u00eatre retir\u00e9 \u00e0 tout moment par le Pr\u00e9fet de r\u00e9gion, si les\nconditions de d\u00e9livrance de l'agr\u00e9ment ne sont plus satisfaites ou s'il est constat\u00e9 un\nmanquement grave et r\u00e9p\u00e9t\u00e9 aux obligations de l'organisme. Ce retrait ne pourra\n\u00eatre  prononc\u00e9  qu'apr\u00e8s  avoir  mis  les  dirigeants  de  l'organisme  en  mesure  de\npr\u00e9senter leurs observations.\nT\u00e9l : 01 82 52 48 96 \nLe Ponant, 5 rue Leblanc, 75015 Paris\nwww.drihl.ile-de-france.developpement-durable.gouv.fr 3 / 4\nDirection r\u00e9gionale et interd\u00e9partementale de l'h\u00e9bergement et du logement - IDF-2025-11-04-00003 - Arr\u00eat\u00e9 portant agr\u00e9ment de\nl'Association Espoir - Centres Familiaux de Jeunes au titre de l'ing\u00e9nierie sociale, financi\u00e8re et technique 61\nArticle 6\nLe pr\u00e9sent arr\u00eat\u00e9 peut faire l'objet d'un recours gracieux devant le Pr\u00e9fet de r\u00e9gion.\nIl peut \u00e9galement faire l'objet d'un recours hi\u00e9rarchique devant l'autorit\u00e9 sup\u00e9rieure\nde l'auteur du pr\u00e9sent arr\u00eat\u00e9, le Ministre de la Ville et du Logement.\nIl peut aussi faire l'objet d'un recours contentieux devant le tribunal administratif de\nParis, 7 , rue de Jouy, 75004 Paris, dans un d\u00e9lai de deux mois \u00e0 compter de la date de\npublication au recueil des actes administratifs. Dans ce cas, le pr\u00e9sent arr\u00eat\u00e9 doit\n\u00eatre joint au recours contentieux.\nArticle 7\nLe  Directeur r\u00e9gional et interd\u00e9partemental de l'h\u00e9bergement et du logement \u00cele-\nde-France est charg\u00e9 de l'ex\u00e9cution du pr\u00e9sent arr\u00eat\u00e9.\nLe pr\u00e9sent arr\u00eat\u00e9 sera publi\u00e9 au recueil des actes administratifs.\nUne copie du pr\u00e9sent arr\u00eat\u00e9 sera adress\u00e9e aux pr\u00e9fets de la Seine-et-Marne, des\nYvelines, de l'Essonne, des Hauts-de-Seine, de la Seine-Saint-Denis, du Val-de-Marne\net du Val d'Oise.\nParis, le 04 novembre 2025\nPour le Pr\u00e9fet de la R\u00e9gion d'\u00cele-de-France,\nPr\u00e9fet de Paris et par d\u00e9l\u00e9gation,\nLe Directeur adjoint de l'H\u00e9bergement et\ndu Logement\nSign\u00e9\n \nJacques-Bertrand DE REBOUL\nT\u00e9l : 01 82 52 48 96 \nLe Ponant, 5 rue Leblanc, 75015 Paris\nwww.drihl.ile-de-france.developpement-durable.gouv.fr 4 / 4\nDirection r\u00e9gionale et interd\u00e9partementale de l'h\u00e9bergement et du logement - IDF-2025-11-04-00003 - Arr\u00eat\u00e9 portant agr\u00e9ment de\nl'Association Espoir - Centres Familiaux de Jeunes au titre de l'ing\u00e9nierie sociale, financi\u00e8re et technique 62\nDirection r\u00e9gionale et interd\u00e9partementale de\nl'environnement, de l'am\u00e9nagement et des\ntransports d'\u00cele-de-France\nIDF-2025-11-04-00004\nArr\u00eat\u00e9 n\u00b0 IDF-2025 accordant \u00e0 \nCAMPUS HEC l'agr\u00e9ment institu\u00e9 par l'article\nR.510-1 du code de l'urbanisme\nDirection r\u00e9gionale et interd\u00e9partementale de l'environnement, de l'am\u00e9nagement et des transports d'\u00cele-de-France -\nIDF-2025-11-04-00004 - Arr\u00eat\u00e9 n\u00b0 IDF-2025 accordant \u00e0 \nCAMPUS HEC l'agr\u00e9ment institu\u00e9 par l'article R.510-1 du code de l'urbanisme\n63\nznPREFET _DE LA REGIOND'ILE-DE-FRANCELibert\u00e9Egalit\u00e9Fraternit\u00e9\nDirection r\u00e9gionale et interd\u00e9partementale\nde l'environnement, de l'am\u00e9nagement et\ndes transports d'\u00cele-de-France\nARR\u00caT\u00c9 N\u00b0 IDF-2025-\naccordant \u00e0 \nCAMPUS HEC\nl'agr\u00e9ment institu\u00e9 par l'article R.510-1 du code de l'urbanisme\nLE PR\u00c9FET DE LA R\u00c9GION D'\u00ceLE-DE-FRANCE,\nPR\u00c9FET DE PARIS\nGRAND OFFICIER DE LA L\u00c9GION D'HONNEUR\nOFFICIER DE L'ORDRE NATIONAL DU M\u00c9RITE\nVu le code de l'urbanisme, notamment ses articles L.510-1 \u00e0 L.510-4 et R.510-1 \u00e0 R.510-15 ;\nVu le code de la construction et de l'habitation, notamment ses articles L.171-4, L.174-1 et R.174-22 \u00e0 R.174- 32 ;\nVu  la demande d'agr\u00e9ment pr\u00e9sent\u00e9e par C AMPUS HEC , r\u00e9ceptionn\u00e9e le 08/08/2025 et enregistr\u00e9e sous le\nnum\u00e9ro 2025/121 ;\nConsid\u00e9rant que le projet est soumis au respect des exigences de performance \u00e9nerg\u00e9tique et environnementale\nqui lui sont applicables ; \nConsid\u00e9rant que le projet restructure un campus existant, privil\u00e9gie la r\u00e9habilitation et concentre la construction\nneuve sur un b\u00e2timent central, afin d'accueillir 1 180 \u00e9tudiants en plus d'ici 2030 ;\nConsid\u00e9rant que, si le projet imperm\u00e9abilise 13 800  m\u00b2, il en d\u00e9simperm\u00e9abilise 30 100  m\u00b2 permettant in fine un\ngain de 16 300 m\u00b2 de surface perm\u00e9able ; \nConsid\u00e9rant  qu'il  pr\u00e9voit  \u00e9galement  la  plantation  de  696  arbres  et  vise  les  certifications  BBCA  niveau\nPerformance, BREEAM niveau Excellent et Biodivercity ;\nConsid\u00e9rant que 64 % de la population \u00e9tudiante est actuellement log\u00e9e sur le campus et que le d\u00e9veloppement\nd'un millier de logements suppl\u00e9mentaires y est pr\u00e9vu dans les ann\u00e9es \u00e0 venir ;\nSur proposition de la directrice r\u00e9gionale et interd\u00e9partementale de l'environnement, de l'am\u00e9nagement et des\ntransports ;\nARR\u00caTE\nArticle 1er : L'agr\u00e9ment pr\u00e9vu par les articles susvis\u00e9s du code de l'urbanisme est accord\u00e9 \u00e0  CAMPUS HEC,\nsous conditions pr\u00e9cis\u00e9es \u00e0 l'article 3, en vue de r\u00e9aliser \u00e0 JOUY-EN-JOSAS (78 350), 1 rue de la Lib\u00e9ration, une\nop\u00e9ration de restructuration avec extension et changement de destination d'un ensemble immobilier \u00e0 destination\nprincipale de locaux d'enseignement d'une surface de plancher totale soumise \u00e0 l'agr\u00e9ment de 43 400 m\u00b2. \nImmeuble Le Ponant \u2013 5, rue Leblanc \u2013 75911 Paris Cedex 15\nT\u00e9l\u00e9phone : 01 82 52 40 00 \nmod\u00e8le\n1/2\nDirection r\u00e9gionale et interd\u00e9partementale de l'environnement, de l'am\u00e9nagement et des transports d'\u00cele-de-France -\nIDF-2025-11-04-00004 - Arr\u00eat\u00e9 n\u00b0 IDF-2025 accordant \u00e0 \nCAMPUS HEC l'agr\u00e9ment institu\u00e9 par l'article R.510-1 du code de l'urbanisme\n64\nArticle 2 : La surface de plancher totale agr\u00e9\u00e9e se compose comme suit : \nLocaux d'enseignement :                 2 300 m\u00b2 (d\u00e9molition/reconstruction)\nLocaux d'enseignement  :                         21 500 m\u00b2 (r\u00e9habilitation)\nLocaux d'enseignement  :               10 500 m\u00b2 (extension)\nLocaux d'enseignement  :                    900 m\u00b2 (changement de destination)\nBureaux :                       6 500 m\u00b2 (r\u00e9habilitation)\nBureaux :                       1 700 m\u00b2 (changement de destination)\nCes surfaces constituent un maximum susceptible d'\u00eatre r\u00e9duit en application des dispositions d'urbanisme.\nArticle 3 : Le p\u00e9titionnaire pr\u00e9sentera annuellement, \u00e0 compter de la notification du pr\u00e9sent arr\u00eat\u00e9, un point sur\nles conditions d'accueil des \u00e9tudiants et un \u00e9tat d'avancement des  op\u00e9rations de construction de logements\n\u00e9tudiants qui viendront compl\u00e9ter l'offre actuellement existante sur le campus.\nArticle 4 : Les locaux devront \u00eatre utilis\u00e9s uniquement en vue de l'exercice de l'activit\u00e9 d\u00e9finie \u00e0 l'article 2.\nArticle 5 : La d\u00e9livrance des autorisations d'urbanisme \u00e9tant subordonn\u00e9e \u00e0 l'ensemble des r\u00e8gles r\u00e9gissant la\nmati\u00e8re, le pr\u00e9sent arr\u00eat\u00e9 ne pr\u00e9juge pas de cette d\u00e9livrance et il ne peut \u00eatre oppos\u00e9 aux objections \u00e9ventuelles\ntouchant notamment l'implantation, les volumes, la densit\u00e9, les nuisances, etc., qui pourraient \u00eatre faites par les\nservices charg\u00e9s d'instruire ces demandes.\nCes demandes, auxquelles sera annex\u00e9e une copie du pr\u00e9sent arr\u00eat\u00e9, devront \u00eatre d\u00e9pos\u00e9es dans le d\u00e9lai d'un\nan \u00e0 compter de la date de signature du pr\u00e9sent arr\u00eat\u00e9. Pass\u00e9 ce d\u00e9lai, le pr\u00e9sent arr\u00eat\u00e9 sera caduc.\nArticle 6 : Le pr\u00e9sent arr\u00eat\u00e9 sera notifi\u00e9 \u00e0 :\nCAMPUS HEC\n1 rue de la Lib\u00e9ration\n78 350 JOUY-EN-JOSAS\nArticle  7 : Le  pr\u00e9fet  des  Yvelines et  la  directrice  r\u00e9gionale  et  interd\u00e9partementale  de  l'environnement,  de\nl'am\u00e9nagement et des transports sont charg\u00e9s, pour ce qui les concerne, de l'ex\u00e9cution du pr\u00e9sent arr\u00eat\u00e9, qui est\npubli\u00e9 au recueil des actes administratifs de la pr\u00e9fecture de la r\u00e9gion.\nFait \u00e0 Paris, le 04/11/2025\nLe Pr\u00e9fet de la R\u00e9gion d'\u00cele-de-France,\n Pr\u00e9fet de Paris\nSIGN\u00c9\n  Marc GUILLAUME\nVoies et d\u00e9lais de recours :\nLe pr\u00e9sent arr\u00eat\u00e9 peut faire l'objet d'un recours administratif dans un d\u00e9lai de deux mois, soit gracieux aupr\u00e8s du\npr\u00e9fet de la r\u00e9gion \u00cele-de-France, soit hi\u00e9rarchique aupr\u00e8s du ministre charg\u00e9 de l'urbanisme. Il peut \u00e9galement\nfaire l'objet d'un recours devant le tribunal administratif comp\u00e9tent dans les deux mois \u00e0 compter de sa notification\nen application des dispositions des articles  R. 421-1 et suivants du code de justice administrative.  Le tribunal\nadministratif  peut  \u00eatre  saisi  par  l'application  informatique  \u00ab T\u00e9l\u00e9recours  Citoyens \u00bb  accessible  par  le  site\ninternet www.telerecours.fr.\nImmeuble Le Ponant \u2013 5, rue Leblanc \u2013 75911 Paris Cedex 15\nT\u00e9l\u00e9phone : 01 82 52 40 00 \nmod\u00e8le\n2/2\nDirection r\u00e9gionale et interd\u00e9partementale de l'environnement, de l'am\u00e9nagement et des transports d'\u00cele-de-France -\nIDF-2025-11-04-00004 - Arr\u00eat\u00e9 n\u00b0 IDF-2025 accordant \u00e0 \nCAMPUS HEC l'agr\u00e9ment institu\u00e9 par l'article R.510-1 du code de l'urbanisme\n65\nDirection r\u00e9gionale et interd\u00e9partementale de\nl'environnement, de l'am\u00e9nagement et des\ntransports d'\u00cele-de-France\nIDF-2025-11-04-00001\nArr\u00eat\u00e9 n\u00b0IDF-2025 accordant \u00e0 la SOCI\u00c9T\u00c9 DES\nGRANDS PROJETS l'agr\u00e9ment institu\u00e9 par l'article\nR.510-1 du code de l'urbanisme\nDirection r\u00e9gionale et interd\u00e9partementale de l'environnement, de l'am\u00e9nagement et des transports d'\u00cele-de-France -\nIDF-2025-11-04-00001 - Arr\u00eat\u00e9 n\u00b0IDF-2025 accordant \u00e0 la SOCI\u00c9T\u00c9 DES GRANDS PROJETS l'agr\u00e9ment institu\u00e9 par l'article R.510-1 du\ncode de l'urbanisme\n66\nznPREFET _DE LA REGIOND'ILE-DE-FRANCELibert\u00e9Egalit\u00e9Fraternit\u00e9\nDirection r\u00e9gionale et interd\u00e9partementale\nde l'environnement, de l'am\u00e9nagement et\ndes transports d'\u00cele-de-France\nARR\u00caT\u00c9 N\u00b0 IDF-2025- \naccordant \u00e0 la SOCI\u00c9T\u00c9 DES GRANDS PROJETS \nl'agr\u00e9ment institu\u00e9 par l'article R.510-1 du code de l'urbanisme\nLE PR\u00c9FET DE LA R\u00c9GION D'\u00ceLE-DE-FRANCE,\nPR\u00c9FET DE PARIS\nGRAND OFFICIER DE LA L\u00c9GION D'HONNEUR\nOFFICIER DE L'ORDRE NATIONAL DU M\u00c9RITE\nVu le code de l'urbanisme, notamment ses articles L.510-1 \u00e0 L.510-4 et R.510-1 \u00e0 R.510-15 ;\nVu le  code  de  la  construction  et  de  l'habitation,  notamment  ses  articles  L.171-4,  L.174-1  et  R.174-22  \u00e0\nR.174- 32 ;\nVu la demande d'agr\u00e9ment pr\u00e9sent\u00e9e par la SOCI\u00c9T\u00c9 DES GRANDS PROJETS, r\u00e9ceptionn\u00e9e le 23/09/2025 et\nenregistr\u00e9e sous le num\u00e9ro 2025/139 ;\nConsid\u00e9rant  que le projet introduit une mixit\u00e9 des fonctions dans un quartier \u00e0 dominante r\u00e9sidentielle et\ns'implante sur un site mitoyen de la gare de Bondy, gare du Grand Paris Express ;\nConsid\u00e9rant que  le  projet  est  soumis  au  respect  des  exigences  de  performance  \u00e9nerg\u00e9tique  et\nenvironnementale qui lui sont applicables, vise le respect des exigences de la RE2020 au seuil 2028 ainsi que\nles labels biodiversity et BREEAM \u00ab Verygood \u00bb ;\nSur proposition de la directrice r\u00e9gionale et interd\u00e9partementale de l'environnement, de l'am\u00e9nagement et des\ntransports ;\nARR\u00caTE\nArticle 1er     :   L'agr\u00e9ment pr\u00e9vu par les articles susvis\u00e9s du code de l'urbanisme est accord\u00e9 \u00e0 la SOCI\u00c9T\u00c9 DES\nGRANDS PROJETS en vue de r\u00e9aliser \u00e0 Bondy (93 140),12 rue de la Libert\u00e9 , une op\u00e9ration de construction\nd'un ensemble immobilier  \u00e0 destination principale de bureaux, d'une surface de plancher totale soumise \u00e0\nl'agr\u00e9ment de 1 400 m\u00b2.\nArticle 2 : La surface de plancher totale agr\u00e9\u00e9e se compose comme suit : \nBureaux :   1 400 m\u00b2 (construction)\n \nCes surfaces constituent un maximum susceptible d'\u00eatre r\u00e9duit en application des dispositions d'urbanisme.\nImmeuble Le Ponant \u2013 5, rue Leblanc \u2013 75911 Paris Cedex 15\nT\u00e9l\u00e9phone : 01 82 52 40 00 \nmod\u00e8le\n1/2\nDirection r\u00e9gionale et interd\u00e9partementale de l'environnement, de l'am\u00e9nagement et des transports d'\u00cele-de-France -\nIDF-2025-11-04-00001 - Arr\u00eat\u00e9 n\u00b0IDF-2025 accordant \u00e0 la SOCI\u00c9T\u00c9 DES GRANDS PROJETS l'agr\u00e9ment institu\u00e9 par l'article R.510-1 du\ncode de l'urbanisme\n67\nArticle 3 : Les locaux devront \u00eatre utilis\u00e9s uniquement en vue de l'exercice de l'activit\u00e9 d\u00e9finie \u00e0 l'article 2.\nArticle 4 : La d\u00e9livrance des autorisations d'urbanisme \u00e9tant subordonn\u00e9e \u00e0 l'ensemble des r\u00e8gles r\u00e9gissant la\nmati\u00e8re, le pr\u00e9sent arr\u00eat\u00e9 ne pr\u00e9juge pas de cette d\u00e9livrance et il ne peut \u00eatre oppos\u00e9 aux objections \u00e9ventuelles\ntouchant notamment l'implantation, les volumes, la densit\u00e9, les nuisances, etc., qui pourraient \u00eatre faites par les\nservices charg\u00e9s d'instruire ces demandes.\nCes demandes, auxquelles sera annex\u00e9e une copie du pr\u00e9sent arr\u00eat\u00e9, devront \u00eatre d\u00e9pos\u00e9es dans le d\u00e9lai d'un\nan \u00e0 compter de la date de signature du pr\u00e9sent arr\u00eat\u00e9. Pass\u00e9 ce d\u00e9lai, le pr\u00e9sent arr\u00eat\u00e9 sera caduc.\nArticle 5 : Le pr\u00e9sent arr\u00eat\u00e9 sera notifi\u00e9 \u00e0 :\nSOCI\u00c9T\u00c9 DES GRANDS PROJETS\n2 mail de la petite Espagne\n93 210 SAINT-DENIS \nArticle 6 : Le pr\u00e9fet de Seine-Saint-Denis  et la directrice r\u00e9gionale et interd\u00e9partementale de l'environnement,\nde l'am\u00e9nagement et des transports sont charg\u00e9s, pour ce qui les concerne, de l'ex\u00e9cution du pr\u00e9sent arr\u00eat\u00e9, qui\nest publi\u00e9 au recueil des actes administratifs de la pr\u00e9fecture de la r\u00e9gion.\nFait \u00e0 Paris, le 04/11/2025\nSIGN\u00c9\nPour le pr\u00e9fet de r\u00e9gion et par d\u00e9l\u00e9gation, \nLa Pr\u00e9f\u00e8te, Secr\u00e9taire g\u00e9n\u00e9rale aux politiques publiques\nMarie GAUTIER-MELLERAY\n \n  \nVoies et d\u00e9lais de recours :\nLe pr\u00e9sent arr\u00eat\u00e9 peut faire l'objet d'un recours administratif dans un d\u00e9lai de deux mois, soit gracieux aupr\u00e8s du\npr\u00e9fet de la r\u00e9gion \u00cele-de-France, soit hi\u00e9rarchique aupr\u00e8s du ministre charg\u00e9 de l'urbanisme. Il peut \u00e9galement\nfaire  l'objet  d'un  recours  devant  le  tribunal  administratif  comp\u00e9tent  dans  les  deux  mois  \u00e0  compter  de  sa\nnotification en application des dispositions des articles  R. 421-1 et suivants du code de justice administrative. Le\ntribunal administratif peut \u00eatre saisi par l'application informatique \u00ab  T\u00e9l\u00e9recours Citoyens \u00bb accessible par le site\ninternet www.telerecours.fr.\nImmeuble Le Ponant \u2013 5, rue Leblanc \u2013 75911 Paris Cedex 15\nT\u00e9l\u00e9phone : 01 82 52 40 00 \nmod\u00e8le\n2/2\nDirection r\u00e9gionale et interd\u00e9partementale de l'environnement, de l'am\u00e9nagement et des transports d'\u00cele-de-France -\nIDF-2025-11-04-00001 - Arr\u00eat\u00e9 n\u00b0IDF-2025 accordant \u00e0 la SOCI\u00c9T\u00c9 DES GRANDS PROJETS l'agr\u00e9ment institu\u00e9 par l'article R.510-1 du\ncode de l'urbanisme\n68\nDirection r\u00e9gionale et interd\u00e9partementale de\nl'h\u00e9bergement et du logement\nIDF-2025-11-04-00006\nArr\u00eat\u00e9 de dotation globalis\u00e9e commune CPOM\nCHRS  Relais de Senart  2025\nDirection r\u00e9gionale et interd\u00e9partementale de l'h\u00e9bergement et du logement - IDF-2025-11-04-00006 - Arr\u00eat\u00e9 de dotation globalis\u00e9e\ncommune CPOM CHRS  Relais de Senart  2025 69\n  Direction r\u00e9gionale et interd\u00e9partementale\nde l'H\u00e9bergement et du Logement\nDRIHL\nCENTRE\u00a0: LE RELAIS DE SENART\nN\u00b0 SIRET\u00a0: 43195648100029\nN\u00b0 EJ Chorus\u00a0: 2104615371\nARR\u00caT\u00c9 n \u00b0\nLE PR\u00c9FET DE LA R\u00c9GION D'\u00ceLE-DE-FRANCE\nCOMMANDEUR DE LA L\u00c9GION D'HONNEUR\nOFFICIER DE L'ORDRE NATIONAL DU M\u00c9RITE\nVu l'article 125 de la loi n\u00b0 2018-1021 du 23 novembre  2018 portant \u00e9volution du logement,\nde l'am\u00e9nagement et du num\u00e9rique ;\nVu la  loi  n\u00b02025-127  du  14  f\u00e9vrier  2025  de  finances  pour  2025  \u2013 Mission  Coh\u00e9sion  des\nterritoires et logement \u2013 Programme 177 6 H\u00e9bergeme nt, parcours vers le logement et\ninsertion des personnes vuln\u00e9rables 8 ;\nVu le code de l'action sociale et des familles, notamment les articles L 312-1, L.313-11, L 314-1,\nL.314-4 \u00e0 L. 314-7 , L.345-1, R. 314-1 \u00e0 R. 314-43, R. 314-47 , R.314-49, R.314-50, R.314-55,\nR.314-82 \u00e0 R.314-93, R. 314-106 \u00e0 R.314-110 et R. 314-150 \u00e0 R. 314-156\u00a0;\nVu l'arr\u00eat\u00e9 du 5 septembre 2013 modifiant l'arr\u00eat\u00e9 du 22 octobre 2003 fixant les mod\u00e8les de\ndocuments relatifs \u00e0 la gestion budg\u00e9taire, comptab le et financi\u00e8re des \u00e9tablissements\net services sociaux et m\u00e9dico-sociaux\u00a0;\nVu l'arr\u00eat\u00e9 du 12 mars 2018 fixant le mod\u00e8le du tablea u d'analyse de l'activit\u00e9 et des co\u00fbts\nde l'enqu\u00eate nationale des co\u00fbts applicable au sect eur de l'accueil, de l'h\u00e9bergement et\nde l'insertion pr\u00e9vue aux articles L.345-1 et L322- 8-1 du code de l'action sociale et des\nfamilles\u00a0;\nVu l'arr\u00eat\u00e9  du  25  octobre  2019  fixant  le  contenu  du  ca hier  des  charges  du  contrat\npluriannuel d'objectifs et de moyens pr\u00e9vu \u00e0 l'arti cle L. 313-11-2 du code de l'action\nsociale et des familles pour les \u00e9tablissements men tionn\u00e9s \u00e0 l'article L. 345-1 du m\u00eame\ncode\u00a0;\nVu l'accord  du  4  juin  2024  relatif  \u00e0  l'extension  du  S\u00e9gur  dans  le  cadre  de  la  politique\nsalariale en lien avec la n\u00e9gociation sur la CCNUE dans le secteur sanitaire, social et\nm\u00e9dico-social priv\u00e9 \u00e0 but non lucratif, n\u00e9goci\u00e9 par  les partenaires sociaux, agr\u00e9\u00e9 par la\nConvention nationale d'agr\u00e9ment du 20 juin 2024, \u00e9tendu par l'arr\u00eat\u00e9 du 5 ao\u00fbt 2024\u00a0;\nVu l'arr\u00eat\u00e9 du 11 avril 2025 pris en application de l'article L.314-4 du code de l'action sociale\net  des  familles  fixant  les  dotations  r\u00e9gionales  lim itatives  relatives  aux  frais  de\nfonctionnement  des centres d'h\u00e9bergement  et  de  r\u00e9in sertion  sociale  (CHRS), publi\u00e9\nJORF n\u00b00104 du 3 mai 2025\u00a0;\nT\u00e9l. : 01 82 52 40 00\nLe Ponant, 5 rue Leblanc, 75015 Paris\nwww.drihl.ile-de-france.developpement-durable.gouv.fr\n1/4\nDirection r\u00e9gionale et interd\u00e9partementale de l'h\u00e9bergement et du logement - IDF-2025-11-04-00006 - Arr\u00eat\u00e9 de dotation globalis\u00e9e\ncommune CPOM CHRS  Relais de Senart  2025 70\nVu l'instruction NOR : ATDI2513550J du 6 mai 2025 rela tive \u00e0 la campagne budg\u00e9taire des\ncentres d'h\u00e9bergement et de r\u00e9insertion sociale (CH RS) pour l'ann\u00e9e 2025 publi\u00e9e au\nBulletin Officiel du Minist\u00e8re de la Transistion Ecologique du 13 mai 2025\u00a0;\nVu l'arr\u00eat\u00e9  pr\u00e9fectoral  en  date  du  21  janvier  2022  aut orisant  le  renouvellement  de\nl'\u00e9tablissement  LE  RELAIS  DE  SENART  assurant  l'accueil  des  personnes  en  difficult\u00e9\nrelevant de l'article L 312-1 alin\u00e9a 8 du code de l 'action sociale et des familles g\u00e9r\u00e9 par\nl'association PAROLES DE FEMMES - LE RELAIS ;\nVu le contrat pluriannuel d'objectifs et de moyens (CP OM) pour la p\u00e9riode 2022 \u00e0 2026\nconclu entre l'\u00c9tat et l'association PAROLES DE FEM MES \u2013 LE RELAIS et les avenants n\u00b01\net n\u00b02 pour 2022\u00a0;\nARR\u00caTE\nArticle 1  er   :\nLa  dotation  globalis\u00e9e  commune  relative  aux  frais  d e  fonctionnement  pour  2025  des  centres\nd'h\u00e9bergement  et  de r\u00e9insertion sociale (CHRS)  comp ris dans le  p\u00e9rim\u00e8tre  du contrat pluriannuel\nd'objectifs et de moyens (CPOM) g\u00e9r\u00e9s par PAROLES D E FEMMES \u2013 LE RELAIS, dont le si\u00e8ge social est\nsitu\u00e9 27 , rue de l'\u00e9tang \u00e0 Vert-Saint-Denis (77240), est fix\u00e9e, en application des dispositions du CPO M\nsusvis\u00e9 et des relev\u00e9s de d\u00e9cisions des comit\u00e9s de suivi du contrat, \u00e0 1 229 072,36 \u20ac.\nCette dotation int\u00e8gre :\n le financement en ann\u00e9e pleine de la revalorisation d ite 6\u00a0S\u00e9gur pour tous\u00a08 pour 6,07 ETP , soit   32\n559,48 \u20ac\u00a0;\n des  cr\u00e9dits  non  reconductibles  (CNR)  pour  l'accompagne ment  des  \u00e9quipes  \u00e0  la  pr\u00e9paration  de\nl'\u00e9valuation HAS du CHRS LE RELAIS DE SENART pour un montant de 3 560 \u20ac\u00a0;\nLe co\u00fbt moyen journalier \u00e0 la place des CHRS du CPO M pour l'exercice 2025 est de 43,73 \u20ac. Ce co\u00fbt est\ncalcul\u00e9 \u00e0 partir de la dotation globalis\u00e9e de financement allou\u00e9e pour 77 places sur un fonctionnement\n\u00e0 365 jours.\nLa quote-part de la dotation globalis\u00e9e commune r\u00e9p artie par \u00e9tablissement, \u00e0 titre pr\u00e9visionnel et\nindicatif, est annex\u00e9e au pr\u00e9sent arr\u00eat\u00e9.\nEn application de l'article R.314-107 du code de l' action sociale et des familles, la fraction forfait aire\n\u00e9gale au douzi\u00e8me de la dotation globale de financement s'\u00e9l\u00e8ve \u00e0\n 102 422,70 \u20ac.\nArticle 2  \u00a0   :   \n\u00c0 compter de l'ann\u00e9e 2025, la dotation int\u00e8gre de m ani\u00e8re p\u00e9renne le montant de la compensation\nvers\u00e9e par l'\u00c9tat au titre de l'extension de la revalorisation 6\u00a0S\u00e9gur\u00a08 pour 6,07 ETP , soit 32 559,48 \u20ac\nCe montant est calcul\u00e9 sur une base forfaitaire s'\u00e9 levant \u00e0 5 364 \u20ac en co\u00fbt charg\u00e9 annuel par ETP\n\u00e9ligible.  \nLa compensation contribue \u00e0 couvrir le co\u00fbt total p our l'employeur de la revalorisation salariale des\npersonnels \u00e9ligibles (impact sur les cotisations pa tronales et impact sur les salaires bruts). L'organ isme\nT\u00e9l. : 01 82 52 40 00\nLe Ponant, 5 rue Leblanc, 75015 Paris\nwww.drihl.ile-de-france.developpement-durable.gouv.fr\n2/4\nDirection r\u00e9gionale et interd\u00e9partementale de l'h\u00e9bergement et du logement - IDF-2025-11-04-00006 - Arr\u00eat\u00e9 de dotation globalis\u00e9e\ncommune CPOM CHRS  Relais de Senart  2025 71\ngestionnaire s'engage \u00e0 revaloriser effectivement les professionnels concern\u00e9s et \u00e0 affecter ces cr\u00e9dits \u00e0\nla revalorisation salariale de ces salari\u00e9s.\nArticle 3  \n\u00a0   :\nCette  dotation  sera  imput\u00e9e  sur  les  cr\u00e9dits  du  prog ramme  177  6\u00a0H\u00e9bergement,  parcours  vers  le\nlogement et insertion des personnes vuln\u00e9rables\u00a08 de la mission 6\u00a0Coh\u00e9sion des territoires\u00a08.\nArticle 4\u00a0:\nEn 2023, le r\u00e9sultat global des CHRS compris dans l e p\u00e9rim\u00e8tre du contrat pluriannuel d'objectifs et de\nmoyens (CPOM) g\u00e9r\u00e9s par PAROLES DE FEMMES \u2013 LE RELAIS est de 4 030,65 \u20ac. A la suite du comit\u00e9 de\nsuivi 2025 du CPOM, l'affectation de ce r\u00e9sultat s'op\u00e8re de la mani\u00e8re suivante\u00a0:\n 1 802,22 \u20ac affect\u00e9s au compte de r\u00e9serve de compensation du CHRS LA MAISON DES FEMMES \u2013 LE\nRELAIS ;\n 2 228,43 \u20ac affect\u00e9s en r\u00e9serve de compensation du CHRS LE RELAIS DE SENART ;\nArticle 5\u00a0:\nPour l'exercice budg\u00e9taire 2026, dans l'attente de la fixation de la dotation globale de financement, et\nen application du IV bis de l'article L.314-7 du CA SF et de l'article D.314-106-1 du CASF, il est retenu une\ndotation provisoire d'un montant de 1 225 512,36 \u20ac, correspondant \u00e0 la DGF 2025 hors CNR et r\u00e9sultats\n2023 repris neutralis\u00e9s. Le montant des acomptes me nsuels s'\u00e9l\u00e8ve \u00e0 102 126,03 \u20ac. [12e = (dotation 2025\n\u2013 CNR + exc\u00e9dent repris \u2013 d\u00e9ficit repris) / 12]\nArticle 6  \n\u00a0   :   \nLes recours dirig\u00e9s contre le pr\u00e9sent arr\u00eat\u00e9 doiven t \u00eatre port\u00e9s devant le tribunal interr\u00e9gional de l a\ntarification sanitaire et sociale sis au Conseil d' \u00c9tat \u2013 1, place du Palais Royal \u2013 75 100 PARIS cede x 01,\ndans le d\u00e9lai d'un mois \u00e0 compter de sa publication  ou, pour les personnes auxquelles il sera notifi\u00e9,  \u00e0\ncompter de sa notification.\nArticle 7  \n\u00a0   :   \nLe Pr\u00e9fet de la r\u00e9gion d'\u00cele-de-France, Pr\u00e9fet de P aris et le directeur r\u00e9gional et interd\u00e9partemental  de\nl'h\u00e9bergement  et  du  logement  d'\u00cele-de-France  sont  c harg\u00e9s,  chacun  en  ce  qui  le  concerne,  de\nl'ex\u00e9cution du pr\u00e9sent arr\u00eat\u00e9 qui sera publi\u00e9 au re cueil des actes administratifs de la pr\u00e9fecture de la\nr\u00e9gion d'\u00cele-de-France, pr\u00e9fecture de Paris.\nFait \u00e0 Paris, le 4 novembre 2025\nPour le Pr\u00e9fet de la r\u00e9gion d'\u00cele-de-France,\nPr\u00e9fet de Paris et par d\u00e9l\u00e9gation\nLe Directeur adjoint\nde l'H\u00e9bergement et du Logement\nSIGNE\nJacques-Bertrand de REBOUL\nT\u00e9l. : 01 82 52 40 00\nLe Ponant, 5 rue Leblanc, 75015 Paris\nwww.drihl.ile-de-france.developpement-durable.gouv.fr\n3/4\nDirection r\u00e9gionale et interd\u00e9partementale de l'h\u00e9bergement et du logement - IDF-2025-11-04-00006 - Arr\u00eat\u00e9 de dotation globalis\u00e9e\ncommune CPOM CHRS  Relais de Senart  2025 72\nANNEXE 1\nR\u00e9partition de la quote-part de la dotation globalis\u00e9e commune (DGC) 2025 par \u00e9tablissement\nDotation globalis\u00e9e commune 2025\nCHRS Dept. Places Base\nreconductible\nS\u00e9gur pour\ntous\nCNR 2025 Dotation\n2025\nLE RELAIS\nDE SENART\n77 47 727 912,98\u20ac 20 115,00\u20ac 3 560,00\u20ac 751 587 ,98\u20ac\nMAISON\nDES FEMMES\n77 30 465 039,90\u20ac 12 444,48\u20ac 0,00 \u20ac 477 484,38\u20ac\nT\u00e9l. : 01 82 52 40 00\nLe Ponant, 5 rue Leblanc, 75015 Paris\nwww.drihl.ile-de-france.developpement-durable.gouv.fr\n4/4\nDirection r\u00e9gionale et interd\u00e9partementale de l'h\u00e9bergement et du logement - IDF-2025-11-04-00006 - Arr\u00eat\u00e9 de dotation globalis\u00e9e\ncommune CPOM CHRS  Relais de Senart  2025 73\nDirection r\u00e9gionale et interd\u00e9partementale de\nl'h\u00e9bergement et du logement\nIDF-2025-11-04-00005\nArr\u00eat\u00e9 de tarification CHRS EQUALIS 2025\nDirection r\u00e9gionale et interd\u00e9partementale de l'h\u00e9bergement et du logement - IDF-2025-11-04-00005 - Arr\u00eat\u00e9 de tarification CHRS\nEQUALIS 2025 74\n  Direction r\u00e9gionale et interd\u00e9partementale de\nl'H\u00e9bergement et du Logement\nDRIHL\nCENTRE\u00a0: CHRS EQUALIS 77\nN\u00b0 SIRET\u00a0: 882 043 672 00386\nN\u00b0 EJ Chorus\u00a0: 2104615375\n \nARR\u00caT\u00c9 n \u00b0\nLE PR\u00c9FET DE LA R\u00c9GION D'\u00ceLE-DE-FRANCE\nCOMMANDEUR DE LA L\u00c9GION D'HONNEUR\nOFFICIER DE L'ORDRE NATIONAL DU M\u00c9RITE\nVu la  loi  n\u00b02025-127  du  14  f\u00e9vrier  2025  de  finances  pour  2025  \u2013 Mission  Coh\u00e9sion  des\nterritoires et logement \u2013 Programme 177 - H\u00e9bergeme nt, parcours vers le logement et\ninsertion des personnes vuln\u00e9rables 1 ;\nVu le code de l'action sociale et des familles, notamment les articles L 312-1, L.313-11, L 314-1,\nL.314-4 \u00e0 L. 314-7 , L.345-1, R. 314-1 \u00e0 R. 314-43, R. 314-47 , R.314-49, R.314-50, R.314-55,\nR.314-82 \u00e0 R.314-93, R. 314-106 \u00e0 R.314-110 et R. 314-150 \u00e0 R. 314-156\u00a0;\nVu l'arr\u00eat\u00e9 du 5 septembre 2013 modifiant l'arr\u00eat\u00e9 du 22 octobre 2003 fixant les mod\u00e8les de\ndocuments relatifs \u00e0 la gestion budg\u00e9taire, comptab le et financi\u00e8re des \u00e9tablissements\net services sociaux et m\u00e9dico-sociaux\u00a0;\nVu l'arr\u00eat\u00e9 du 12 mars 2018 fixant le mod\u00e8le du tablea u d'analyse de l'activit\u00e9 et des co\u00fbts\nde l'enqu\u00eate nationale des co\u00fbts applicable au sect eur de l'accueil, de l'h\u00e9bergement et\nde l'insertion pr\u00e9vue aux articles L.345-1 et L322- 8-1 du code de l'action sociale et des\nfamilles\u00a0;\nVu l'accord  du  4  juin  2024  relatif  \u00e0  l'extension  du  S\u00e9gur  dans  le  cadre  de  la  politique\nsalariale en lien avec la n\u00e9gociation sur la CCNUE dans le secteur sanitaire, social et\nm\u00e9dico-social priv\u00e9 \u00e0 but non lucratif, n\u00e9goci\u00e9 par  les partenaires sociaux, agr\u00e9\u00e9 par la\nConvention nationale d'agr\u00e9ment du 20 juin 2024, \u00e9tendu par l'arr\u00eat\u00e9 du 5 ao\u00fbt 2024\u00a0;\nVu l'arr\u00eat\u00e9 du 11 avril 2025 pris en application de l'article L.314-4 du code de l'action sociale\net  des  familles  fixant  les  dotations  r\u00e9gionales  limitatives  relatives  aux  frais  de\nfonctionnement  des centres  d'h\u00e9bergement  et  de r\u00e9insertion  sociale  (CHRS), publi\u00e9\nJORF n\u00b00104 du 3 mai 2025\u00a0;\nVu l'instruction NOR : ATDI2513550J du 6 mai 2025 rela tive \u00e0 la campagne budg\u00e9taire des\ncentres d'h\u00e9bergement et de r\u00e9insertion sociale (CH RS) pour l'ann\u00e9e 2025 publi\u00e9e au\nBulletin Officiel du Minist\u00e8re de la Transistion Ecologique du 13 mai 2025\u00a0;\nVu les arr\u00eat\u00e9s pr\u00e9fectoraux en date du 23 d\u00e9cembre 201 6 autorisant le renouvellement des\n\u00e9tablissements  La  Rose  des  Vents  Insertion  et  La  Rose  des  Vents  Urgence  assurant\nl'accueil des personnes en difficult\u00e9 relevant de l 'article L 312-1 alin\u00e9a 8 du code de\nl'action sociale et des familles g\u00e9r\u00e9 par l'association La Rose des Vents ;\nVu l'arr\u00eat\u00e9 d\u00e9partemental du 02 juin 2020 autorisant l e transfert de gestion des CHRS  \nLa  Rose  des Vents  Insertion  et  La  Rose des Vents  Urgence  g\u00e9r\u00e9s  par  l'association  \nLa Rose des Vents \u00e0 l'association Equalis\u00a0;\nDirection r\u00e9gionale et interd\u00e9partementale de l'h\u00e9bergement et du logement - IDF-2025-11-04-00005 - Arr\u00eat\u00e9 de tarification CHRS\nEQUALIS 2025 75\nVu Les conventions au titre de l'aide sociale en date du 15 d\u00e9cembre 2017 conclues entre\nl'\u00c9tat et l'Association La Rose des Vents\u00a0;\nVu La L48 CHRS Equalis du 20 juin 2025\nARR\u00caTE\nArticle 1  er   :\nLes d\u00e9penses et les recettes pr\u00e9visionnelles du CHR S EQUALIS 77 d'une capacit\u00e9 de 127  places, sis 18\navenue du G\u00e9n\u00e9ral de Gaulle \u00e0 Nemours (77130)  sont autoris\u00e9es comme suit\u00a0:\nGroupes fonctionnels Montants\nen Euros\nTotal\nen Euros\nD\u00e9penses\nGroupe I\u00a0:\n D\u00e9penses aff\u00e9rentes \u00e0 \nl'exploitation courante 174 225 \u20ac, dont 9018 \u20ac de CNR\n1 737 835,47 \u20ac\ndont CNR\u00a0:  9 \n018 \u20ac\nGroupe II\u00a0:\nD\u00e9penses aff\u00e9rentes au \npersonnel 925\u00a0884,00 \u20ac\nGroupe III\u00a0:\nD\u00e9penses aff\u00e9rentes \u00e0 la \nstructure 637\u00a0726,00 \u20ac\nReport \u00e0 nouveau de l'exercice \nN-2 (d\u00e9ficit) 0,00 \u20ac\nRecettes\nGroupe I\u00a0:\nProduits de la tarification 1 707 835,47 \u20ac, dont 9 018 \u20ac de \nCNR\n1 737835,47  \u20ac\ndont CNR\u00a0:  9 \n018\u20ac\nGroupe II\u00a0:\nAutres produits relatifs \u00e0 \nl'exploitation 30\u00a0000,00 \u20ac\nGroupe III\u00a0:\nProduits financiers, \nexceptionnels ou non \nencaissables\n0 ,00 \u20ac\nReport \u00e0 nouveau N-2 \n(exc\u00e9dent) 0,00 \u20ac\nArticle 2\n :\nPour l'exercice 2025, la dotation globale de financement est fix\u00e9e \u00e0 1 707 835,47 \u20ac.\nCette dotation int\u00e8gre :\nDirection r\u00e9gionale et interd\u00e9partementale de l'h\u00e9bergement et du logement - IDF-2025-11-04-00005 - Arr\u00eat\u00e9 de tarification CHRS\nEQUALIS 2025 76\n le financement en ann\u00e9e pleine de la revalorisation dite -\u00a0S\u00e9gur pour tous\u00a01 pour 1,85  ETP , soit 9 923,4\n\u20ac\u00a0;\n des cr\u00e9dits non reconductibles (CNR) pour accompagner un projet de transformation/structuration de\nl'offre  d'un montant de  9 018 \u00a0\u20ac \u00a0;\n la prise en compte de 30 000,0 \u20ac  de recettes en att\u00e9nuation.\nLa fraction forfaitaire \u00e9gale, en application de l' article R. 314-107 du code de l'action sociale et d es\nfamilles, au douzi\u00e8me de la dotation globale de financement, s'\u00e9l\u00e8ve \u00e0 142 319,62 \u20ac.\nLe co\u00fbt journalier \u00e0 la place du CHRS pour l'exerci ce 2025 est de 36,8 \u20ac. Ce co\u00fbt est calcul\u00e9 \u00e0 partir de\nla dotation globale de financement allou\u00e9e pour 127 places et pour un fonctionnement \u00e0 365 jours.\nArticle 3\u00a0:\nA compter de l'ann\u00e9e 2025, la dotation int\u00e8gre de m ani\u00e8re p\u00e9renne le montant de la compensation\nvers\u00e9e par l'\u00c9tat au titre de l'extension de la revalorisation -\u00a0S\u00e9gur\u00a01 pour 1,85  ETP, soit 9 923,40 \u20ac\nCe montant est calcul\u00e9 sur une base forfaitaire s'\u00e9 levant \u00e0 5 364 \u20ac en co\u00fbt charg\u00e9 annuel par ETP\n\u00e9ligible.  \nLa compensation contribue \u00e0 couvrir le co\u00fbt total p our l'employeur de la revalorisation salariale des\npersonnels \u00e9ligibles (impact sur les cotisations pa tronales et impact sur les salaires bruts). L'organ isme\ngestionnaire s'engage \u00e0 revaloriser effectivement les professionnels concern\u00e9s et \u00e0 affecter ces cr\u00e9dits \u00e0\nla revalorisation salariale de ces salari\u00e9s.\nArticle 4\n\u00a0:\nCette  dotation  sera  imput\u00e9e  sur  les  cr\u00e9dits  du  programme  177  -\u00a0H\u00e9bergement,  parcours  vers  le\nlogement et insertion des personnes vuln\u00e9rables\u00a01 de la mission -\u00a0Coh\u00e9sion des territoires\u00a01.\nArticle 5\u00a0:\nEn 2023, le r\u00e9sultat arr\u00eat\u00e9 du CHRS EQUALIS 77  est un exc\u00e9dent de 104\u00a0443,67 \u20ac. Il est affect\u00e9 comme\nsuit\u00a0:\n 60\u00a0000\u00a0\u20ac en r\u00e9serve de compensation des d\u00e9ficits\n 44\u00a0443,67  \u20ac en r\u00e9serve d'investissement\nArticle 6\u00a0:\nPour l'exercice budg\u00e9taire 2026, dans l'attente de la fixation de la dotation globale de financement, et en application du IV bis de l'article L.314-7 du\nCASF et de l'article D.314-106-1 du CASF, il est retenu une dotation provisoire d'un montant de 1 698 817,47 \u20ac, correspondant \u00e0 la DGF 2025 hors CNR\net r\u00e9sultats 2023 repris neutralis\u00e9s. Le montant de s acomptes mensuels s'\u00e9leve \u00e0  1 41 568 \u20ac . [12e = (dotation 2025 \u2013 CNR + exc\u00e9dent repris \u2013 d\u00e9ficit\nrepris) / 12]\nArticle 7\u00a0:\nLes recours dirig\u00e9s contre le pr\u00e9sent arr\u00eat\u00e9 doiven t \u00eatre port\u00e9s devant le tribunal interr\u00e9gional de l a\ntarification sanitaire et sociale sis au Conseil d' \u00c9tat \u2013 1, place du Palais Royal \u2013 75 100 PARIS cede x 01,\nDirection r\u00e9gionale et interd\u00e9partementale de l'h\u00e9bergement et du logement - IDF-2025-11-04-00005 - Arr\u00eat\u00e9 de tarification CHRS\nEQUALIS 2025 77\ndans le d\u00e9lai d'un mois \u00e0 compter de sa publication  ou, pour les personnes auxquelles il sera notifi\u00e9,  \u00e0\ncompter de sa notification.\nArticle 8\n\u00a0:\nLe Pr\u00e9fet de la r\u00e9gion d'\u00cele-de-France, Pr\u00e9fet de P aris et le directeur r\u00e9gional et interd\u00e9partemental  de\nl'h\u00e9bergement  et  du  logement  d'\u00cele-de-France  sont  charg\u00e9s,  chacun  en  ce  qui  le  concerne,  de\nl'ex\u00e9cution du pr\u00e9sent arr\u00eat\u00e9 qui sera publi\u00e9 au re cueil des actes administratifs de la pr\u00e9fecture de la\nr\u00e9gion d'\u00cele-de-France, pr\u00e9fecture de Paris.\nFait \u00e0 Paris, le 4 novembre 2025\nPour le Pr\u00e9fet de la r\u00e9gion d'\u00cele-de-France,\nPr\u00e9fet de Paris et par d\u00e9l\u00e9gation\nLe Directeur adjoint\nde l'H\u00e9bergement et du Logement\nSIGNE\nJacques-Bertrand de REBOUL\nDirection r\u00e9gionale et interd\u00e9partementale de l'h\u00e9bergement et du logement - IDF-2025-11-04-00005 - Arr\u00eat\u00e9 de tarification CHRS\nEQUALIS 2025 78\nRectorat de l'acad\u00e9mie de Cr\u00e9teil\nIDF-2025-11-03-00006\nArr\u00eat\u00e9 du 3 novembre 2025 portant d\u00e9l\u00e9gation\nde signature \u00e0 monsieur David BERAHA,\nsecr\u00e9taire g\u00e9n\u00e9ral adjoint, directeur des relations\net des ressources humaines, monsieur Fr\u00e9d\u00e9ric\nMULLER, secr\u00e9taire g\u00e9n\u00e9ral adjoint en charge des\naffaires g\u00e9n\u00e9rales, de l'appui au pilotage et de la \ntransformation, monsieur Emmanuel ROUETTE,\nsecr\u00e9taire g\u00e9n\u00e9ral adjoint en charge du budget,\ndes moyens et de l'organisation scolaire,\nmonsieur Charles NAIM, secr\u00e9taire g\u00e9n\u00e9ral\nadjoint en charge de la performance, du suivi des\npolitiques \u00e9ducatives et des \u00e9tablissements\nRectorat de l'acad\u00e9mie de Cr\u00e9teil - IDF-2025-11-03-00006 - Arr\u00eat\u00e9 du 3 novembre 2025 portant d\u00e9l\u00e9gation de signature \u00e0 monsieur\nDavid BERAHA, secr\u00e9taire g\u00e9n\u00e9ral adjoint, directeur des relations et des ressources humaines, monsieur Fr\u00e9d\u00e9ric MULLER, secr\u00e9taire\ng\u00e9n\u00e9ral adjoint en charge des affaires g\u00e9n\u00e9rales, de l'appui au pilotage et de la \ntransformation, monsieur Emmanuel ROUETTE, secr\u00e9taire g\u00e9n\u00e9ral adjoint en charge du budget, des moyens et de l'organisation\nscolaire, monsieur Charles NAIM, secr\u00e9taire g\u00e9n\u00e9ral adjoint en charge de la performance, du suivi des politiques \u00e9ducatives et des\n\u00e9tablissements\n79\nACADEMIEDE CRETEILLibert\u00e9Egalit\u00e9Fraternit\u00e9\n \n1 \n \n \nArr\u00eat\u00e9 du 3 novembre 2025 portant d\u00e9l\u00e9gation de signature \u00e0 monsieur David BERAHA, secr\u00e9taire \ng\u00e9n\u00e9ral adjoint, directeur des relations et des ressources humaines, monsieur Fr\u00e9d\u00e9ric MULLER, \nsecr\u00e9taire g\u00e9n\u00e9ral adjoint en charge des affaires g\u00e9n\u00e9rales, de l'appui au pilotage et de la \ntransformation, monsieur Emmanuel ROUETTE, secr\u00e9taire g\u00e9n\u00e9ral adjoint en charge du budget, des \nmoyens et de l'organisation scolaire, monsieur Charles NAIM, secr\u00e9taire g\u00e9n\u00e9ral adjoint en charge \nde la performance, du suivi des politiques \u00e9ducatives et des \u00e9tablissements \n \nLE RECTEUR DE L'ACADEMIE DE CRETEIL \n \nVU les articles R. 222-25 et D. 222-27 du code de l'\u00e9ducation relatifs aux attributions du recteur ; \n \nVU l'article D. 222-20 du code de l'\u00e9ducation autorisant le recteur d'acad\u00e9mie \u00e0 d\u00e9l\u00e9guer sa signature aux \nadjoints au secr\u00e9taire g\u00e9n\u00e9ral d'acad\u00e9mie ; \n \nVU le d\u00e9cret du 12 mars 2025 nommant monsieur Jean-Fran\u00e7ois CHANET recteur de l'acad\u00e9mie de \nCr\u00e9teil ;  \n \nVU l'arr\u00eat\u00e9 minist\u00e9riel du 21 f\u00e9vrier 2023 portant nomination et classement de monsieur David BERAHA, \nattach\u00e9 d'administration hors classe, dans l'emploi de secr\u00e9taire g\u00e9n\u00e9ral adjoint, directeur des \nrelations et ressources humaines de l'acad\u00e9mie de Cr\u00e9teil ; \n \nVU l'arr\u00eat\u00e9 minist\u00e9riel du 27 aout 2025 portant nomination et classement de monsieur Fr\u00e9d\u00e9ric MULLER, \nattach\u00e9 d'administration hors classe, dans l'emploi d'adjoint au secr\u00e9taire g\u00e9n\u00e9ral d'acad\u00e9mie en \ncharge des affaires g\u00e9n\u00e9rales, de l'appui au pilotage et de la transformation ; \n \nVU   l'arr\u00eat\u00e9 minist\u00e9riel du 25 septembre 2025 portant nomination et classement de monsieur Emmanuel \nROUETTE, attach\u00e9 d'administration hors classe dans l'emploi d'adjoint au secr\u00e9taire g\u00e9n\u00e9ral \nd'acad\u00e9mie en charge du budget, des moyens et de l'organisation au rectorat de l'acad\u00e9mie de Cr\u00e9teil ; \n \nVU   l'arr\u00eat\u00e9 minist\u00e9riel du 23 octobre 2025 portant nomination, d\u00e9tachement et classement de monsieur   \nCharles NAIM, inspecteur d'acad\u00e9mie, inspecteur p\u00e9dagogique r\u00e9gional hors classe, dans l'emploi \nd'adjoint au secr\u00e9taire g\u00e9n\u00e9ral d'acad\u00e9mie en charge de la performance, du suivi des politiques \n\u00e9ducatives et des \u00e9tablissements ; \n \nVU les arr\u00eat\u00e9s du pr\u00e9fet de la r\u00e9gion d'Ile-de-France n\u00b0 IDF-2025-03-26-00009 du 26 mars 2025 portant \nd\u00e9l\u00e9gation de signature \u00e0 monsieur Jean-Fran\u00e7ois CHANET, recteur de l'acad\u00e9mie de Cr\u00e9teil, en \nmati\u00e8re de contr\u00f4le de l\u00e9galit\u00e9 des \u00e9tablissements publics locaux d'enseignement rattach\u00e9s \u00e0 la \nr\u00e9gion d'Ile-de-France dans le ressort de l'acad\u00e9mie de Cr\u00e9teil et n\u00b0 IDF-2025-03-26-00008 du 26 \nmars 2025 portant d\u00e9l\u00e9gation de signature \u00e0 monsieur Jean-Fran\u00e7ois CHANET, recteur de l'acad\u00e9mie \nde Cr\u00e9teil, en mati\u00e8re d'ordonnancement secondaire ; \n \n \n \n \n \n \n \nRectorat de l'acad\u00e9mie de Cr\u00e9teil - IDF-2025-11-03-00006 - Arr\u00eat\u00e9 du 3 novembre 2025 portant d\u00e9l\u00e9gation de signature \u00e0 monsieur\nDavid BERAHA, secr\u00e9taire g\u00e9n\u00e9ral adjoint, directeur des relations et des ressources humaines, monsieur Fr\u00e9d\u00e9ric MULLER, secr\u00e9taire\ng\u00e9n\u00e9ral adjoint en charge des affaires g\u00e9n\u00e9rales, de l'appui au pilotage et de la \ntransformation, monsieur Emmanuel ROUETTE, secr\u00e9taire g\u00e9n\u00e9ral adjoint en charge du budget, des moyens et de l'organisation\nscolaire, monsieur Charles NAIM, secr\u00e9taire g\u00e9n\u00e9ral adjoint en charge de la performance, du suivi des politiques \u00e9ducatives et des\n\u00e9tablissements\n80\n \n2 \nARRETE \n \n \n \n \nARTICLE 1 :  \n D\u00e9l\u00e9gation de signature est donn\u00e9e \u00e0 : \n-  monsieur David BERAHA, secr\u00e9taire g\u00e9n\u00e9ral adjoint, directeur des relations et ressources humaines ; \n- monsieur Fr\u00e9d\u00e9ric MULLER, secr\u00e9taire g\u00e9n\u00e9ral adjoint, en charge des affaires g\u00e9n\u00e9rales, de l'appui au \npilotage et de la transformation ; \n- monsieur Emmanuel ROUETTE, secr\u00e9taire g\u00e9n\u00e9ral adjoint, en charge du budget, des moyens et de \nl'organisation scolaire ;  \n- monsieur Charles NAIM, secr\u00e9taire g\u00e9n\u00e9ral adjoint en charge de la performance, du suivi des politiques \n\u00e9ducatives et des \u00e9tablissements ; \n\u00e0 l'effet de signer, dans la limite de leurs attributions et comp\u00e9tences, les actes portant sur : \n1. Organisation et fonctionnement des services du rectorat de l'acad\u00e9mie de Cr\u00e9teil et des \n\u00e9tablissements d'enseignement secondaire ; \n \n2. Gestion des personnels enseignants, d'\u00e9ducation et d'orientation, administratifs, sociaux et de sant\u00e9 \nplac\u00e9s sous l'autorit\u00e9 du recteur de l'acad\u00e9mie de Cr\u00e9teil ; \n \n3. Gestion des ma\u00eetres qui exercent dans les \u00e9tablissements d'enseignement priv\u00e9 sous contrat ; \n \n4. R\u00e9partition des moyens en postes, heures et cr\u00e9dits attribu\u00e9s \u00e0 l'acad\u00e9mie de Cr\u00e9teil ; \n \n5. Contr\u00f4le, pour la part qui revient au recteur d'acad\u00e9mie, des : \n \na. actes des \u00e9tablissements publics locaux d'enseignement et de leurs chefs    \nd'\u00e9tablissement ; \n \nb. actes des \u00e9tablissements publics de l'enseignement sup\u00e9rieur et de leurs chefs \nd'\u00e9tablissement ; \n \n6. Attribution des bourses, allocations et pr\u00eats d'honneur aux \u00e9l\u00e8ves et \u00e9tudiants ; \n \n7. D\u00e9cisions rendues en appel pour les sanctions disciplinaires des \u00e9l\u00e8ves ; \n \n8. Contr\u00f4le p\u00e9dagogique des \u00e9tablissements d'enseignement priv\u00e9 sous contrat ; \n \n9. Surveillance des \u00e9tablissements priv\u00e9s hors contrat ; \n \n10.  Ex\u00e9cution des d\u00e9cisions \u00e0 caract\u00e8re financier relevant des attributions d'ordonnateur secondaire du        \nbudget de l'\u00e9ducation nationale ; \n \n11. Ex\u00e9cution des d\u00e9cisions relatives au contr\u00f4le interne comptable ; \n \n12.  D\u00e9cisions relatives \u00e0 l'administration des donn\u00e9es et des bases de gestion relevant du service \nstatistique de l'acad\u00e9mie de Cr\u00e9teil ; \n \n13.  D\u00e9cisions relatives \u00e0 la gestion, au suivi, et \u00e0 la pr\u00e9vision de la consommation des emplois et de la \nmasse salariale ;  \n \n14.  Comptes rendus d'ex\u00e9cution et notifications d'emplois et de ressources budg\u00e9taires ; \n \n15.  D\u00e9cisions portant sur les demandes de protection fonctionnelle. \n \n \nRectorat de l'acad\u00e9mie de Cr\u00e9teil - IDF-2025-11-03-00006 - Arr\u00eat\u00e9 du 3 novembre 2025 portant d\u00e9l\u00e9gation de signature \u00e0 monsieur\nDavid BERAHA, secr\u00e9taire g\u00e9n\u00e9ral adjoint, directeur des relations et des ressources humaines, monsieur Fr\u00e9d\u00e9ric MULLER, secr\u00e9taire\ng\u00e9n\u00e9ral adjoint en charge des affaires g\u00e9n\u00e9rales, de l'appui au pilotage et de la \ntransformation, monsieur Emmanuel ROUETTE, secr\u00e9taire g\u00e9n\u00e9ral adjoint en charge du budget, des moyens et de l'organisation\nscolaire, monsieur Charles NAIM, secr\u00e9taire g\u00e9n\u00e9ral adjoint en charge de la performance, du suivi des politiques \u00e9ducatives et des\n\u00e9tablissements\n81\n \n3 \n \nARTICLE 2 :  \n \n \nLe pr\u00e9sent arr\u00eat\u00e9 abroge l'arr\u00eat\u00e9 rectoral du 7 octobre 2025. \n \n \n \nARTICLE 3 : \n \nLe pr\u00e9sent arr\u00eat\u00e9 sera publi\u00e9 au recueil des actes administratifs de la pr\u00e9fecture de r\u00e9gion d'Ile-de-\nFrance. \n \n \n \n \n \n Fait \u00e0 Cr\u00e9teil, le 3 novembre 2025 \n \n                                                                                                            Sign\u00e9 \n \n \n Le recteur de l'acad\u00e9mie de Cr\u00e9teil \n \n \n \n \n  Jean-Fran\u00e7ois CHANET \n \nRectorat de l'acad\u00e9mie de Cr\u00e9teil - IDF-2025-11-03-00006 - Arr\u00eat\u00e9 du 3 novembre 2025 portant d\u00e9l\u00e9gation de signature \u00e0 monsieur\nDavid BERAHA, secr\u00e9taire g\u00e9n\u00e9ral adjoint, directeur des relations et des ressources humaines, monsieur Fr\u00e9d\u00e9ric MULLER, secr\u00e9taire\ng\u00e9n\u00e9ral adjoint en charge des affaires g\u00e9n\u00e9rales, de l'appui au pilotage et de la \ntransformation, monsieur Emmanuel ROUETTE, secr\u00e9taire g\u00e9n\u00e9ral adjoint en charge du budget, des moyens et de l'organisation\nscolaire, monsieur Charles NAIM, secr\u00e9taire g\u00e9n\u00e9ral adjoint en charge de la performance, du suivi des politiques \u00e9ducatives et des\n\u00e9tablissements\n82\nRectorat de l'acad\u00e9mie de Cr\u00e9teil\nIDF-2025-11-03-00005\nArr\u00eat\u00e9 du 3 novembre 2025 portant d\u00e9l\u00e9gation\nde signature \u00e0 monsieur Mehdi CHERFI,\nsecr\u00e9taire g\u00e9n\u00e9ral de l'acad\u00e9mie de Cr\u00e9teil, \npour les op\u00e9rations du programme\nd'investissements d'avenir - action : \u00ab internats\nd'excellence et \u00e9galit\u00e9 des chances \u00bb \nRectorat de l'acad\u00e9mie de Cr\u00e9teil - IDF-2025-11-03-00005 - Arr\u00eat\u00e9 du 3 novembre 2025 portant d\u00e9l\u00e9gation de signature \u00e0 monsieur\nMehdi CHERFI, secr\u00e9taire g\u00e9n\u00e9ral de l'acad\u00e9mie de Cr\u00e9teil, \npour les op\u00e9rations du programme d'investissements d'avenir - action : \u00ab internats d'excellence et \u00e9galit\u00e9 des chances \u00bb \n83\nExACADEMIEDE CRETEILLibert\u00e9Egalit\u00e9Fraternit\u00e9\n1 \nArr\u00eat\u00e9 du 3 novembre 2025 portant d\u00e9l\u00e9gation de signature \u00e0 \nmonsieur Mehdi CHERFI, secr\u00e9taire g\u00e9n\u00e9ral de l'acad\u00e9mie de Cr\u00e9teil, \npour les op\u00e9rations du programme d'investissements d'avenir - action : \n\u00ab internats d'excellence et \u00e9galit\u00e9 des chances \u00bb \n \n \n \nLE RECTEUR DE L'ACADEMIE DE CRETEIL \n \n \n \nVU le code de l'\u00e9ducation ; \n \nVU  le code de la commande publique ; \n \nVU la loi n\u00b0 2003-710 du 1er ao\u00fbt 2003 d'orientation et de programmation pour la ville et la r\u00e9novation \nurbaine ; \n \nVU la convention du 20 octobre 2010 entre l'\u00c9tat et l'Agence nationale pour la r\u00e9novation urbaine \n(ANRU) relative au programme d'investissements d'avenir - action : \u00ab internats d'excellence et \n\u00e9galit\u00e9 des chances \u00bb publi\u00e9e au JORF du 22 octobre 2010 ;  \n \nVU la convention pluriannuelle r\u00e9gionale du 5 mai 2011 confiant \u00e0 monsieur le recteur la fonction            \nd'ordonnateur d\u00e9l\u00e9gu\u00e9 pour les d\u00e9penses li\u00e9es aux \u00e9tudes et travaux pour la r\u00e9habilitation de            \nl'internat d'excellence de Sourdun ;  \n \nVU la convention pluriannuelle du 20 d\u00e9cembre 2011 relative \u00e0 l'internat d'excellence de Cachan \npass\u00e9e entre le pr\u00e9fet de la r\u00e9gion Ile-de-France et le recteur de l'acad\u00e9mie de Cr\u00e9teil d'une              \npart et l'agence nationale de la r\u00e9novation urbaine d'autre part ; \n \nVU le d\u00e9cret n\u00b0 2004-123 du 9 f\u00e9vrier 2004 relatif \u00e0 l'Agence nationale pour la r\u00e9novation urbaine ; \nVU le r\u00e8glement comptable et financier de l'ANRU ; \n \nVU le d\u00e9cret du 12 mars 2025 nommant monsieur Jean-Fran\u00e7ois CHANET recteur de l'acad\u00e9mie de \nCr\u00e9teil ;  \nVU l'arr\u00eat\u00e9 minist\u00e9riel du 30 d\u00e9cembre 2022 portant nomination et classement de monsieur Mehdi \nCHERFI dans l'emploi de secr\u00e9taire g\u00e9n\u00e9ral de l'acad\u00e9mie de Cr\u00e9teil ; \n \nVU l'arr\u00eat\u00e9 minist\u00e9riel du 21 f\u00e9vrier 2023 portant nomination et classement de monsieur David \nBERAHA, attach\u00e9 d'administration hors classe, dans l'emploi de secr\u00e9taire g\u00e9n\u00e9ral adjoint, \ndirecteur des relations et ressources humaines de l'acad\u00e9mie de Cr\u00e9teil ; \n \nVU l'arr\u00eat\u00e9 minist\u00e9riel du 27 aout 2025 portant nomination et classement de monsieur Fr\u00e9d\u00e9ric \nMULLER, attach\u00e9 d'administration hors classe, dans l'emploi d'adjoint au secr\u00e9taire g\u00e9n\u00e9ral \nd'acad\u00e9mie, en charge des affaires g\u00e9n\u00e9rales, de l'appui au pilotage et de la transformation au \nrectorat de l'acad\u00e9mie de Cr\u00e9teil ; \n \nVU     l'arr\u00eat\u00e9 minist\u00e9riel du 25 septembre portant nomination et classement de monsieur Emmanuel   \nROUETTE, attach\u00e9 d'administration hors classe, dans l'emploi d'adjoint au secr\u00e9taire g\u00e9n\u00e9ral   \nd'acad\u00e9mie, en charge du budget, des moyens et de l'organisation scolaire au rectorat de \nl'acad\u00e9mie de Cr\u00e9teil ; \nRectorat de l'acad\u00e9mie de Cr\u00e9teil - IDF-2025-11-03-00005 - Arr\u00eat\u00e9 du 3 novembre 2025 portant d\u00e9l\u00e9gation de signature \u00e0 monsieur\nMehdi CHERFI, secr\u00e9taire g\u00e9n\u00e9ral de l'acad\u00e9mie de Cr\u00e9teil, \npour les op\u00e9rations du programme d'investissements d'avenir - action : \u00ab internats d'excellence et \u00e9galit\u00e9 des chances \u00bb \n84\n2 \nVU   l'arr\u00eat\u00e9 minist\u00e9riel du 23 octobre 2025 portant nomination, d\u00e9tachement et classement de \nmonsieur Charles NAIM, inspecteur d'acad\u00e9mie, inspecteur p\u00e9dagogique r\u00e9gional hors classe, \ndans l'emploi d'adjoint au secr\u00e9taire g\u00e9n\u00e9ral d'acad\u00e9mie en charge de la performance, du suivi \ndes politiques \u00e9ducatives et des \u00e9tablissements ; \n \n \n \n \nARRETE \n \n     ARTICLE 1 :  \n \n \nD\u00e9l\u00e9gation de signature est donn\u00e9e \u00e0 monsieur Mehdi CHERFI, secr\u00e9taire g\u00e9n\u00e9ral de l'acad\u00e9mie \nde Cr\u00e9teil, pour les op\u00e9rations relevant du programme d'investissements d'avenir \u00ab internats \nd'excellence et \u00e9galit\u00e9 des chances \u00bb, action d\u00e9veloppement des internats d'excellence : \n \n \n1) \u00e0 l'effet de transmettre \u00e0 l'ANRU les demandes de paiement d'acomptes et de factures \ncorrespondant aux contrats et aux commandes pass\u00e9es pour la r\u00e9habilitation des ouvrages destin\u00e9s \naux internats d'excellence de l'acad\u00e9mie de Cr\u00e9teil ; \n \n \n2) \u00e0 l'effet de certifier le service fait pour le paiement des acomptes ; \n \n \n3) \u00e0 l'effet de passer les contrats et march\u00e9s relevant du programme et tous les actes li\u00e9s \u00e0 ces \ncontrats.  \n \n \nARTICLE 2 :  \n \n \nD\u00e9l\u00e9gation de signature est \u00e9galement donn\u00e9e \u00e0 :  \n \n- monsieur David BERAHA, secr\u00e9taire g\u00e9n\u00e9ral adjoint, directeur des relations et ressources \nhumaines ; \n- monsieur Fr\u00e9d\u00e9ric MULLER, secr\u00e9taire g\u00e9n\u00e9ral adjoint, en charge des affaires g\u00e9n\u00e9rales, de \nl'appui au pilotage et de la transformation ; \n- monsieur Emmanuel ROUETTE, secr\u00e9taire g\u00e9n\u00e9ral adjoint, en charge du budget, des moyens \net de l'organisation scolaire ;  \n-  monsieur Charles NAIM, secr\u00e9taire g\u00e9n\u00e9ral adjoint en charge de la performance, du suivi \ndes politiques \u00e9ducatives et des \u00e9tablissements. \n \nARTICLE 3 :  \n \n \nLe pr\u00e9sent arr\u00eat\u00e9 abroge l'arr\u00eat\u00e9 du 7 octobre 2025. \n \n \nARTICLE 4 :  \n \nLe pr\u00e9sent arr\u00eat\u00e9 sera publi\u00e9 au recueil des actes administratifs de la pr\u00e9fecture de la r\u00e9gion Ile-de-\nFrance.  \n \n    \n \n \n \nRectorat de l'acad\u00e9mie de Cr\u00e9teil - IDF-2025-11-03-00005 - Arr\u00eat\u00e9 du 3 novembre 2025 portant d\u00e9l\u00e9gation de signature \u00e0 monsieur\nMehdi CHERFI, secr\u00e9taire g\u00e9n\u00e9ral de l'acad\u00e9mie de Cr\u00e9teil, \npour les op\u00e9rations du programme d'investissements d'avenir - action : \u00ab internats d'excellence et \u00e9galit\u00e9 des chances \u00bb \n85\n3 \n    \n Fait \u00e0 Cr\u00e9teil, le 3 novembre 2025 \n \n \n                                                                                                            Sign\u00e9 \n \n Le recteur de l'acad\u00e9mie de Cr\u00e9teil \n \n \n  \n \n \n  Jean-Fran\u00e7ois CHANET  \nRectorat de l'acad\u00e9mie de Cr\u00e9teil - IDF-2025-11-03-00005 - Arr\u00eat\u00e9 du 3 novembre 2025 portant d\u00e9l\u00e9gation de signature \u00e0 monsieur\nMehdi CHERFI, secr\u00e9taire g\u00e9n\u00e9ral de l'acad\u00e9mie de Cr\u00e9teil, \npour les op\u00e9rations du programme d'investissements d'avenir - action : \u00ab internats d'excellence et \u00e9galit\u00e9 des chances \u00bb \n86\nRectorat de la r\u00e9gion acad\u00e9mique\nd'Ile-de-France, rectorat de l'acad\u00e9mie de Paris\nIDF-2025-10-31-00012\nArr\u00eat\u00e9 n\u00b0 2025-166-RRA portant agr\u00e9ment au\ntitre de la Jeunesse et de l'\u00c9ducation Populaire\npour l'association LIRE - LE LIVRE POUR\nL'INSERTION ET LE REFUS DE L'EXCLUSION -\nSDJES de Paris\nRectorat de la r\u00e9gion acad\u00e9mique d'Ile-de-France, rectorat de l'acad\u00e9mie de Paris - IDF-2025-10-31-00012 - Arr\u00eat\u00e9 n\u00b0 2025-166-RRA\nportant agr\u00e9ment au titre de la Jeunesse et de l'\u00c9ducation Populaire pour l'association LIRE - LE LIVRE POUR L'INSERTION ET LE REFUS\nDE L'EXCLUSION - SDJES de Paris\n87\nREGION ACADEMIQUE\u00ceLE-DE-FRANCELibert\u00e9Egalit\u00e9Fraternit\u00e9\n  \n \nService d\u00e9partemental \u00e0 la jeunesse,  \n\u00e0 l'engagement et aux sports de Paris  \n  \n \n \n \nService D\u00e9partemental \u00e0 la Jeunesse, \u00e0 l'Engagement et aux Sports de Paris  \n6/8 rue Eug\u00e8ne Oudin\u00e9 \u2013 CS 81360 - 75634 PARIS CEDEX 13 \n \n \n \n \n  \n \nARR\u00caT\u00c9 N\u00b02025-166-RRA  \nportant agr\u00e9ment au titre de la Jeunesse et de l'\u00c9ducation Populaire \n \nLA RECTRICE DE LA R\u00c9GION ACAD\u00c9MIQUE \u00ceLE-DE-FRANCE \nRECTRICE DE PARIS \nCHANCELIERE DES UNIVERSIT\u00c9S DE PARIS  \nET D'\u00ceLE-DE-FRANCE  \n \nVu la loi n\u00b0 2001-624 du 17 juillet 2001 portant diverses dispositions d'ordre social, \u00e9ducatif et culturel et notamment \nson article 8 ;  \nVu le d\u00e9cret n\u00b0 2002-571 du 22 avril 2002 pris pour l'application du premier alin\u00e9a de l'article 8 de la loi n\u00b0 2001-624 \net relatif \u00e0 l'agr\u00e9ment des associations de jeunesse et d'\u00e9ducation populaire ;  \nVu le d\u00e9cret n\u00b0 2019-838 du 19 ao\u00fbt 2019 portant diverses mesures de simplification pour le minist\u00e8re de l'\u00e9ducation \nnationale et de la jeunesse ; \nVu le d\u00e9cret du Pr\u00e9sident de la R\u00e9publique du 12 mars 2025 nommant Mme Julie BENETTI, rectrice de la r\u00e9gion \nacad\u00e9mique \u00cele-de-France, rectrice de l'acad\u00e9mie de Paris ;  \nVu l'arr\u00eat\u00e9 n\u00b02020-32 du 21 d\u00e9cembre 2020 modifi\u00e9 portant organisation de la d\u00e9l\u00e9gation r\u00e9gionale acad\u00e9mique \u00e0 \nla jeunesse, \u00e0 l'engagement et aux sports et des services d\u00e9partementaux \u00e0 la jeunesse, \u00e0 l'engagement et aux sports; \nVu le protocole r\u00e9gional d\u00e9partemental conclu entre le pr\u00e9fet de la r\u00e9gion d'Ile -de-France, pr\u00e9fet de Paris, et le \nrecteur de la r\u00e9gion acad\u00e9mique d'Ile-de-France, recteur de l'acad\u00e9mie de Paris, le 24 d\u00e9cembre 2020 ; \nVu l'arr\u00eat\u00e9 n\u00b0 75-2025-03-26-00004 du 26 mars 2025 portant d\u00e9l\u00e9gation du pr\u00e9fet de la r\u00e9gion d'Ile-de-France, pr\u00e9fet \nde Paris \u00e0 Mme Julie BENETTI, rectrice de la r\u00e9gion acad\u00e9mique Ile -de-France, rectrice de l'acad\u00e9mie de Paris, en \nmati\u00e8re administrative ; \n \nVu l'arr\u00eat\u00e9 minist\u00e9riel du 4 mai 2021 nommant Mme Jeanne DELACOURT dans l'emploi de conseill\u00e8re du directeur \nacad\u00e9mique des services de l'\u00e9ducation en mati\u00e8re de jeunesse, d'engagement et de sports de Paris ; \n \nVu le d\u00e9cret du Pr\u00e9sident de la R\u00e9publique du 26 f\u00e9vrier 2025 portant nomination de M. Laurent NOE en qualit\u00e9 de \ndirecteur de l'acad\u00e9mie de Paris ;  \n \nVu l'arr\u00eat\u00e9 n\u00b0 2025-033-RRA du 27 mars 2025 portant subd\u00e9l\u00e9gation de signature en mati\u00e8re administrative de la \nrectrice de la r\u00e9gion acad\u00e9mique Ile-de-France, rectrice de l'acad\u00e9mie de Paris pour la mise en \u0153uvre des missions \nde jeunesse, d'engagement et de sports ;  \n \n \nCONSIDERANT \n \nConsid\u00e9rant la demande compl\u00e8te formul\u00e9e par l'association en date du 16/10/2025 ; \n \nConsid\u00e9rant que les \u00e9l\u00e9ments pr\u00e9sent\u00e9s par l'association sont de nature \u00e0 remplir les conditions r\u00e9glementaires \nrelatives \u00e0 l'agr\u00e9ment des associations de jeunesse et d'\u00e9ducation populaire ; \n \n \n \n \n \nRectorat de la r\u00e9gion acad\u00e9mique d'Ile-de-France, rectorat de l'acad\u00e9mie de Paris - IDF-2025-10-31-00012 - Arr\u00eat\u00e9 n\u00b0 2025-166-RRA\nportant agr\u00e9ment au titre de la Jeunesse et de l'\u00c9ducation Populaire pour l'association LIRE - LE LIVRE POUR L'INSERTION ET LE REFUS\nDE L'EXCLUSION - SDJES de Paris\n88\n \n \n2 \nARRETE \n \nArticle 1 : \nL'agr\u00e9ment au titre des associations de jeunesse et d'\u00e9ducation populaire est attribu\u00e9 \u00e0 l'association : \n \nLIRE - LE LIVRE POUR L'INSERTION ET LE REFUS DE L'EXCLUSION \n \nRNA : W751152869 \n \ndont le si\u00e8ge social est situ\u00e9 \u00e0 : 69 rue Curial 75019 - Paris \n \ndont l'objet statutaire est :  \n \n- Lutter contre l'illettrisme et l'analphab\u00e9tisme \n- Familiariser aux livres, aux images et aux textes, en donner le gout d\u00e8s la petite enfance, contribuer au \nd\u00e9veloppement de la personnalit\u00e9 et pr\u00e9venir l'\u00e9chec scolaire \n- Favoriser l'insertion des enfants et des familles les plus d\u00e9munies, fonder cet accompagnement social par \nune d\u00e9marche culturelle \n- D\u00e9velopper toutes les actions de formation \n \nLe num\u00e9ro de l'agr\u00e9ment \u00e0 rappeler dans les correspondances avec l'administration est le suivant :  \n2025-JEP-75-50 \n \nArticle 2 :  \nL'association mentionn\u00e9e ci -dessus est tenue d'informer sans d\u00e9lai l'autorit\u00e9 publique comp\u00e9tente de tout \nchangement relatif aux crit\u00e8res d'attribution du pr\u00e9sent agr\u00e9ment et notamment les changements de si\u00e8ge social, \nde statuts et de repr\u00e9sentant l\u00e9gal. \n \nArticle 3 : \nL'association mentionn\u00e9e ci -dessus tiendra \u00e0 disposition de l'administration, dans le cadre d'un contr\u00f4le, tout \ndocument justifiant de l'agr\u00e9ment et notamment les proc\u00e8s -verbaux d'assembl\u00e9e g\u00e9n\u00e9rale, les rapports financiers \ndes exercices \u00e9coul\u00e9s et les rapports annuels d'activit\u00e9s. \n \nArticle 4 : \nCet agr\u00e9ment de jeunesse et d'\u00e9ducation populaire n'est valide que si l'association mentionn\u00e9e ci-dessus d\u00e9tient un \ntronc commun d'agr\u00e9ment en cours de validit\u00e9. \n \nArticle 5 :  \nL'arr\u00eat\u00e9 entre en vigueur \u00e0 compter de la date de sa publication et pour une dur\u00e9e de cinq ans. \n \nArticle 6 : \nLa cheffe du service d\u00e9partemental \u00e0 la jeunesse, \u00e0 l'engagement et aux sports de Paris  est charg\u00e9e de l'ex\u00e9cution \ndu pr\u00e9sent arr\u00eat\u00e9 qui sera publi\u00e9 au recueil des actes administratifs de la pr\u00e9fecture de r\u00e9gion d'\u00cele -de-France, \npr\u00e9fecture de Paris. \n \nFait \u00e0 Paris, le 31/10/2025 \n \n \n \n \n \n \n \n \n \nPour la rectrice, et par subd\u00e9l\u00e9gation, \nla conseill\u00e8re du directeur de l'acad\u00e9mie de Paris, \ncheffe du service d\u00e9partemental \u00e0 la jeunesse, \u00e0 \nl'engagement et aux sports de Paris \n                                  \n                                 Sign\u00e9 \nJeanne DELACOURT  \n \nRectorat de la r\u00e9gion acad\u00e9mique d'Ile-de-France, rectorat de l'acad\u00e9mie de Paris - IDF-2025-10-31-00012 - Arr\u00eat\u00e9 n\u00b0 2025-166-RRA\nportant agr\u00e9ment au titre de la Jeunesse et de l'\u00c9ducation Populaire pour l'association LIRE - LE LIVRE POUR L'INSERTION ET LE REFUS\nDE L'EXCLUSION - SDJES de Paris\n89\nRectorat de la r\u00e9gion acad\u00e9mique\nd'Ile-de-France, rectorat de l'acad\u00e9mie de Paris\nIDF-2025-10-31-00013\nArr\u00eat\u00e9 n\u00b0 2025-167-RRA portant reconnaissance\ndu tronc commun d'agr\u00e9ment d'une association\nLIRE - LE LIVRE POUR L'INSERTION ET LE REFUS\nDE L'EXCLUSION - SDJES de Paris\nRectorat de la r\u00e9gion acad\u00e9mique d'Ile-de-France, rectorat de l'acad\u00e9mie de Paris - IDF-2025-10-31-00013 - Arr\u00eat\u00e9 n\u00b0 2025-167-RRA\nportant reconnaissance du tronc commun d'agr\u00e9ment d'une association LIRE - LE LIVRE POUR L'INSERTION ET LE REFUS DE\nL'EXCLUSION - SDJES de Paris\n90\nREGION ACADEMIQUE\u00ceLE-DE-FRANCELibert\u00e9\u00c9galit\u00e9Fraternit\u00e9\n  \n \nService d\u00e9partemental \u00e0 la jeunesse,  \n\u00e0 l'engagement et aux sports de Paris  \n \n \n \n \nService D\u00e9partemental \u00e0 la Jeunesse, \u00e0 l'Engagement et aux Sports de Paris  \n6/8 rue Eug\u00e8ne Oudin\u00e9 \u2013 CS 81360 - 75634 PARIS CEDEX 13 \n \n \n \n \n              ARR\u00caT\u00c9 N\u00b02025-167-RRA \nportant reconnaissance du tronc commun d'agr\u00e9ment d'une association \n \nLA RECTRICE DE LA R\u00c9GION ACAD\u00c9MIQUE \u00ceLE-DE-FRANCE \nRECTRICE DE PARIS \nCHANCELIERE DES UNIVERSIT\u00c9S DE PARIS  \nET D'\u00ceLE-DE-FRANCE  \n \n \nVU  la loi n\u00b0 2000 -321 du 12 avril 2000 modifi\u00e9e relative aux droits des citoyens dans leurs relations avec les \nadministrations et notamment son article 25-1 ; \nVU le d\u00e9cret n\u00b0 2017 -908 du 6 mai 20 17 portant diverses dispositions relatives au r\u00e9gime juridique des \nassociations, des fondations, des fonds de dotation et des organismes faisant appel public \u00e0 la g\u00e9n\u00e9rosit\u00e9 \net notamment ses articles 15 \u00e0 21 ; \nVU le d\u00e9cret du Pr\u00e9sident de la R\u00e9publique du 12 mars 2025 nommant Mme Julie BENETTI, rectrice de la r\u00e9gion \nacad\u00e9mique \u00cele-de-France, rectrice de l'acad\u00e9mie de Paris ;  \nVU l'arr\u00eat\u00e9 n\u00b02020 -32 du 21 d\u00e9cembre 2020 modifi\u00e9 portant organisation de la d\u00e9l\u00e9gation r\u00e9gionale \nacad\u00e9mique \u00e0 la jeunesse, \u00e0 l'engag ement et aux sports et des services d\u00e9partementaux \u00e0 la jeunesse, \u00e0 \nl'engagement et aux sports ; \nVU le protocole r\u00e9gional d\u00e9partemental conclu entre le pr\u00e9fet de la r\u00e9gion d'Ile -de-France, pr\u00e9fet de Paris, et \nle recteur de la r\u00e9gion acad\u00e9mique d'Ile-de-France, recteur de l'acad\u00e9mie de Paris, le 24 d\u00e9cembre 2020; \n \nVU l'arr\u00eat\u00e9 n\u00b0 75-2025-03-26-00004 du 26 mars 2025 portant d\u00e9l\u00e9gation du pr\u00e9fet de la r\u00e9gion d'Ile-de-France, \npr\u00e9fet de Paris \u00e0 Mme Julie BENETTI, rectrice de la r\u00e9gion acad\u00e9mique Ile-de-France, rectrice de l'acad\u00e9mie \nde Paris, en mati\u00e8re administrative ; \n \nVU  l'arr\u00eat\u00e9 minist\u00e9riel du 4 mai 2021 nommant Mme Jeanne DELACOURT dans l'emploi de conseill\u00e8re du \ndirecteur acad\u00e9mique des services de l'\u00e9ducation en mati\u00e8re de jeunesse, d'engagemen t et de sports de \nParis ; \n \nVU  le d\u00e9cret du Pr\u00e9sident de la R\u00e9publique du 26 f\u00e9vrier 2025 portant nomination de M. Laurent NOE en qualit\u00e9 \nde directeur de l'acad\u00e9mie de Paris ;  \n \nVU l'arr\u00eat\u00e9 n\u00b0 2025-033-RRA du 27 mars 2025 portant subd\u00e9l\u00e9gation de signature en mati\u00e8re administrative de \nla rectrice de la r\u00e9gion acad\u00e9mique Ile -de-France, rectrice de l'acad\u00e9mie de Paris  ; pour la mise en \u0153uvre \ndes missions de jeunesse, d'engagement et de sports ;  \n \nCONSIDERANT \n \nConsid\u00e9rant que les \u00e9l\u00e9ments present\u00e9s par l'association sont de nature \u00e0 justifier le respect des conditions portant \nsur le tronc commun d'agr\u00e9ment , notamment: la libert\u00e9 de conscience de ses membres, le respect du principe de \nnon-discrimination, un mode de fonctionnement d\u00e9mocratique, une gestion financ i\u00e8re transparente, permettre \nl'\u00e9gal acc\u00e8s des hommes, des femmes et des jeunes aux instances dirigeantes et respecter le contrat d'engagement \nr\u00e9publicain; \nRectorat de la r\u00e9gion acad\u00e9mique d'Ile-de-France, rectorat de l'acad\u00e9mie de Paris - IDF-2025-10-31-00013 - Arr\u00eat\u00e9 n\u00b0 2025-167-RRA\nportant reconnaissance du tronc commun d'agr\u00e9ment d'une association LIRE - LE LIVRE POUR L'INSERTION ET LE REFUS DE\nL'EXCLUSION - SDJES de Paris\n91\n \n \n2 \n \nARRETE \n \nArticle 1 : \nL'association suivante est r\u00e9put\u00e9e satisfaire aux conditions portant sur le tronc commun d'agr\u00e9ment : \n \nLIRE - LE LIVRE POUR L'INSERTION ET LE REFUS DE L'EXCLUSION \n \nRNA: W751152869 \n \ndont le si\u00e8ge social est situ\u00e9 \u00e0 : 69 rue Curial 75019 - Paris \n \n \nArticle 2 :  \nL'arr\u00eat\u00e9 entre en vigueur \u00e0 compter de la date de sa publication et pour une dur\u00e9e de cinq ans. \n \nArticle 3 : \nL'association mentionn\u00e9e ci -dessus est tenue d'informer sans d\u00e9lai l'autorit\u00e9 publique comp\u00e9tente de tout \nchangement relatif aux crit\u00e8res d'attribution de la pr\u00e9sente reconnaissance et notamment les changements de si\u00e8ge \nsocial, de statuts et de repr\u00e9sentant l\u00e9gal. \n \nArticle 4 : \nL'association mentionn\u00e9e ci -dessus tiendra \u00e0 disposition de l'administration, dans le cadre d'un contr\u00f4le, tout \ndocument justifiant de la reconnaissance du tronc commun et notamment les proc\u00e8s -verbaux d'assembl\u00e9e \ng\u00e9n\u00e9rale, les rapports financiers des exercices \u00e9coul\u00e9s et les rapports annuels d'activit\u00e9s. \n \nArticle 5 : \nLa cheffe du service d\u00e9partemental \u00e0 la jeunesse, \u00e0 l'engagement et aux sports de Paris  est charg\u00e9e de l'ex\u00e9cution \ndu pr\u00e9sent arr\u00eat\u00e9 qui sera publi\u00e9 au recueil des actes administratifs de la pr\u00e9fecture de r\u00e9gion d'\u00cele -de-France, \npr\u00e9fecture de Paris. \n \nFait \u00e0 Paris, le 31/10/2025 \n \n \n \n \n \n \n \n \n \n \n \n \nPour la rectrice, et par subd\u00e9l\u00e9gation, \nla conseill\u00e8re du directeur de l'acad\u00e9mie de Paris, \ncheffe du service d\u00e9partemental \u00e0 la jeunesse, \u00e0 \nl'engagement et aux sports de Paris \n \nSign\u00e9 \n \nJeanne DELACOURT  \n \n \n \n \n \nRectorat de la r\u00e9gion acad\u00e9mique d'Ile-de-France, rectorat de l'acad\u00e9mie de Paris - IDF-2025-10-31-00013 - Arr\u00eat\u00e9 n\u00b0 2025-167-RRA\nportant reconnaissance du tronc commun d'agr\u00e9ment d'une association LIRE - LE LIVRE POUR L'INSERTION ET LE REFUS DE\nL'EXCLUSION - SDJES de Paris\n92\nRectorat de la r\u00e9gion acad\u00e9mique\nd'Ile-de-France, rectorat de l'acad\u00e9mie de Paris\nIDF-2025-10-31-00014\nArr\u00eat\u00e9 n\u00b0 2025-168-RRA portant agr\u00e9ment au\ntitre de la Jeunesse et de l'\u00c9ducation Populaire\npour l'association LOISIRS RESIDENTIELS DES\nMARINIERS (LOREM) - SDJES de Paris \nRectorat de la r\u00e9gion acad\u00e9mique d'Ile-de-France, rectorat de l'acad\u00e9mie de Paris - IDF-2025-10-31-00014 - Arr\u00eat\u00e9 n\u00b0 2025-168-RRA\nportant agr\u00e9ment au titre de la Jeunesse et de l'\u00c9ducation Populaire pour l'association LOISIRS RESIDENTIELS DES MARINIERS (LOREM)\n- SDJES de Paris \n93\nREGION ACADEMIQUE\u00ceLE-DE-FRANCELibert\u00e9Egalit\u00e9Fraternit\u00e9\n  \n \nService d\u00e9partemental \u00e0 la jeunesse,  \n\u00e0 l'engagement et aux sports de Paris  \n  \n \n \n \nService D\u00e9partemental \u00e0 la Jeunesse, \u00e0 l'Engagement et aux Sports de Paris  \n6/8 rue Eug\u00e8ne Oudin\u00e9 \u2013 CS 81360 - 75634 PARIS CEDEX 13 \n \n \n \n \n  \n \nARR\u00caT\u00c9 N\u00b02025-168-RRA  \nportant agr\u00e9ment au titre de la Jeunesse et de l'\u00c9ducation Populaire \n \nLA RECTRICE DE LA R\u00c9GION ACAD\u00c9MIQUE \u00ceLE-DE-FRANCE \nRECTRICE DE PARIS \nCHANCELIERE DES UNIVERSIT\u00c9S DE PARIS  \nET D'\u00ceLE-DE-FRANCE  \n \nVu la loi n\u00b0 2001-624 du 17 juillet 2001 portant diverses dispositions d'ordre social, \u00e9ducatif et culturel et notamment \nson article 8 ;  \nVu le d\u00e9cret n\u00b0 2002-571 du 22 avril 2002 pris pour l'application du premier alin\u00e9a de l'article 8 de la loi n\u00b0 2001-624 \net relatif \u00e0 l'agr\u00e9ment des associations de jeunesse et d'\u00e9ducation populaire ;  \nVu le d\u00e9cret n\u00b0 2019-838 du 19 ao\u00fbt 2019 portant diverses mesures de simplification pour le minist\u00e8re de l'\u00e9ducation \nnationale et de la jeunesse ; \nVu le d\u00e9cret du Pr\u00e9sident de la R\u00e9publique du 12 mars 2025 nommant Mme Julie BENETTI, rectrice de la r\u00e9gion \nacad\u00e9mique \u00cele-de-France, rectrice de l'acad\u00e9mie de Paris ;  \nVu l'arr\u00eat\u00e9 n\u00b02020-32 du 21 d\u00e9cembre 2020 modifi\u00e9 portant organisation de la d\u00e9l\u00e9gation r\u00e9gionale acad\u00e9mique \u00e0 \nla jeunesse, \u00e0 l'engagement et aux sports et des services d\u00e9partementaux \u00e0 la jeunesse, \u00e0 l'engagement et aux sports; \nVu le protocole r\u00e9gional d\u00e9partemental conclu entre le pr\u00e9fet de la r\u00e9gion d'Ile -de-France, pr\u00e9fet de Paris, et le \nrecteur de la r\u00e9gion acad\u00e9mique d'Ile-de-France, recteur de l'acad\u00e9mie de Paris, le 24 d\u00e9cembre 2020 ; \nVu l'arr\u00eat\u00e9 n\u00b0 75-2025-03-26-00004 du 26 mars 2025 portant d\u00e9l\u00e9gation du pr\u00e9fet de la r\u00e9gion d'Ile-de-France, pr\u00e9fet \nde Paris \u00e0 Mme Julie BENETTI, rectrice de la r\u00e9gion acad\u00e9mique Ile -de-France, rectrice de l'acad\u00e9mie de Paris, en \nmati\u00e8re administrative ; \n \nVu l'arr\u00eat\u00e9 minist\u00e9riel du 4 mai 2021 nommant Mme Jeanne DELACOURT dans l'emploi de conseill\u00e8re du directeur \nacad\u00e9mique des services de l'\u00e9ducation en mati\u00e8re de jeunesse, d'engagement et de sports de Paris ; \n \nVu le d\u00e9cret du Pr\u00e9sident de la R\u00e9publique du 26 f\u00e9vrier 2025 portant nomination de M. Laurent NOE en qualit\u00e9 de \ndirecteur de l'acad\u00e9mie de Paris ;  \n \nVu l'arr\u00eat\u00e9 n\u00b0 2025-033-RRA du 27 mars 2025 portant subd\u00e9l\u00e9gation de signature en mati\u00e8re administrative de la \nrectrice de la r\u00e9gion acad\u00e9mique Ile-de-France, rectrice de l'acad\u00e9mie de Paris pour la mise en \u0153uvre des missions \nde jeunesse, d'engagement et de sports ;  \n \n \nCONSIDERANT \n \nConsid\u00e9rant la demande compl\u00e8te formul\u00e9e par l'association en date du 20/10/2025 ; \n \nConsid\u00e9rant que les \u00e9l\u00e9ments pr\u00e9sent\u00e9s par l'association sont de nature \u00e0 remplir les conditions r\u00e9glementaires \nrelatives \u00e0 l'agr\u00e9ment des associations de jeunesse et d'\u00e9ducation populaire ; \n \n \n \n \n \nRectorat de la r\u00e9gion acad\u00e9mique d'Ile-de-France, rectorat de l'acad\u00e9mie de Paris - IDF-2025-10-31-00014 - Arr\u00eat\u00e9 n\u00b0 2025-168-RRA\nportant agr\u00e9ment au titre de la Jeunesse et de l'\u00c9ducation Populaire pour l'association LOISIRS RESIDENTIELS DES MARINIERS (LOREM)\n- SDJES de Paris \n94\n \n \n2 \nARRETE \n \nArticle 1 : \nL'agr\u00e9ment au titre des associations de jeunesse et d'\u00e9ducation populaire est attribu\u00e9 \u00e0 l'association : \n \nLOISIRS RESIDENTIELS DES MARINIERS (LOREM) \n \nRNA : W751152870 \n \ndont le si\u00e8ge social est situ\u00e9 \u00e0 : 11 rue Maurice Bouchor 75014 - Paris \n \ndont l'objet statutaire est :  \n \nL'association a pour buts de: \n- promouvoir toute animation sociale, culturelle et sportive au b\u00e9n\u00e9fice de ses adh\u00e9rents  \n- g\u00e9rer et utiliser les locaux collectifs r\u00e9sidentiels au profit des oeuvres et associations  locales r\u00e9pondant \u00e0 \nses buts et aux besoins tant des enfants, adolescents que des adultes. \n- favoriser l'instauration de relations de bon voisinage entre tous les habitants du quartier. \n \nLe num\u00e9ro de l'agr\u00e9ment \u00e0 rappeler dans les correspondances avec l'administration est le suivant :  \n2025-JEP-75-51 \n \nArticle 2 :  \nL'association mentionn\u00e9e ci -dessus est tenue d'informer sans d\u00e9lai l'autorit\u00e9 publique comp\u00e9tente de tout \nchangement relatif aux crit\u00e8res d'attribution du pr\u00e9sent agr\u00e9ment et notamment les changements de si\u00e8ge social, \nde statuts et de repr\u00e9sentant l\u00e9gal. \n \nArticle 3 : \nL'association mentionn\u00e9e ci -dessus tiendra \u00e0 disposition de l'administration, dans le cadre d'un contr\u00f4le, tout \ndocument justifiant de l'agr\u00e9ment et notamment les proc\u00e8s -verbaux d'assembl\u00e9e g\u00e9n\u00e9rale, les rapports financiers \ndes exercices \u00e9coul\u00e9s et les rapports annuels d'activit\u00e9s. \n \nArticle 4 : \nCet agr\u00e9ment de jeunesse et d'\u00e9ducation populaire n'est valide que si l'association mentionn\u00e9e ci-dessus d\u00e9tient un \ntronc commun d'agr\u00e9ment en cours de validit\u00e9. \n \nArticle 5 :  \nL'arr\u00eat\u00e9 entre en vigueur \u00e0 compter de la date de sa publication et pour une dur\u00e9e de cinq ans. \n \nArticle 6 : \nLa cheffe du service d\u00e9partemental \u00e0 la jeu nesse, \u00e0 l'engagement et aux sports de Paris  est charg\u00e9e de l'ex\u00e9cution \ndu pr\u00e9sent arr\u00eat\u00e9 qui sera publi\u00e9 au recueil des actes administratifs de la pr\u00e9fecture de r\u00e9gion d'\u00cele -de-France, \npr\u00e9fecture de Paris. \n \nFait \u00e0 Paris, le 31/10/2025 \n \n \n \n \n \n \n \n \n \nPour la rectrice, et par subd\u00e9l\u00e9gation, \nla conseill\u00e8re du directeur de l'acad\u00e9mie de Paris, \ncheffe du service d\u00e9partemental \u00e0 la jeunesse, \u00e0 \nl'engagement et aux sports de Paris \n \n                                  Sign\u00e9 \nJeanne DELACOURT  \n \nRectorat de la r\u00e9gion acad\u00e9mique d'Ile-de-France, rectorat de l'acad\u00e9mie de Paris - IDF-2025-10-31-00014 - Arr\u00eat\u00e9 n\u00b0 2025-168-RRA\nportant agr\u00e9ment au titre de la Jeunesse et de l'\u00c9ducation Populaire pour l'association LOISIRS RESIDENTIELS DES MARINIERS (LOREM)\n- SDJES de Paris \n95\nRectorat de la r\u00e9gion acad\u00e9mique\nd'Ile-de-France, rectorat de l'acad\u00e9mie de Paris\nIDF-2025-10-31-00015\nArr\u00eat\u00e9 n\u00b0 2025-169-RRA portant reconnaissance\ndu tronc commun d'agr\u00e9ment d'une association\nLOISIRS RESIDENTIELS DES MARINIERS (LOREM) -\nSDJES de Paris\nRectorat de la r\u00e9gion acad\u00e9mique d'Ile-de-France, rectorat de l'acad\u00e9mie de Paris - IDF-2025-10-31-00015 - Arr\u00eat\u00e9 n\u00b0 2025-169-RRA\nportant reconnaissance du tronc commun d'agr\u00e9ment d'une association LOISIRS RESIDENTIELS DES MARINIERS (LOREM) - SDJES de\nParis\n96\nREGION ACADEMIQUE\u00ceLE-DE-FRANCELibert\u00e9\u00c9galit\u00e9Fraternit\u00e9\n  \n \nService d\u00e9partemental \u00e0 la jeunesse,  \n\u00e0 l'engagement et aux sports de Paris  \n \n \n \n \nService D\u00e9partemental \u00e0 la Jeunesse, \u00e0 l'Engagement et aux Sports de Paris  \n6/8 rue Eug\u00e8ne Oudin\u00e9 \u2013 CS 81360 - 75634 PARIS CEDEX 13 \n \n \n \n \n              ARR\u00caT\u00c9 N\u00b02025-169-RRA \nportant reconnaissance du tronc commun d'agr\u00e9ment d'une association \n \nLA RECTRICE DE LA R\u00c9GION ACAD\u00c9MIQUE \u00ceLE-DE-FRANCE \nRECTRICE DE PARIS \nCHANCELIERE DES UNIVERSIT\u00c9S DE PARIS  \nET D'\u00ceLE-DE-FRANCE  \n \n \nVU  la loi n\u00b0 2000 -321 du 12 avril 2000 modifi\u00e9e relative aux droits des citoyens dans leurs relations avec les \nadministrations et notamment son article 25-1 ; \nVU le d\u00e9cret n\u00b0 2017 -908 du 6 mai 20 17 portant diverses dispositions relatives au r\u00e9gime juridique des \nassociations, des fondations, des fonds de dotation et des organismes faisant appel public \u00e0 la g\u00e9n\u00e9rosit\u00e9 \net notamment ses articles 15 \u00e0 21 ; \nVU le d\u00e9cret du Pr\u00e9sident de la R\u00e9publique du 12 mars 2025 nommant Mme Julie BENETTI, rectrice de la r\u00e9gion \nacad\u00e9mique \u00cele-de-France, rectrice de l'acad\u00e9mie de Paris ;  \nVU l'arr\u00eat\u00e9 n\u00b02020 -32 du 21 d\u00e9cembre 2020 modifi\u00e9 portant organisation de la d\u00e9l\u00e9gation r\u00e9gionale \nacad\u00e9mique \u00e0 la jeunesse, \u00e0 l'engag ement et aux sports et des services d\u00e9partementaux \u00e0 la jeunesse, \u00e0 \nl'engagement et aux sports ; \nVU le protocole r\u00e9gional d\u00e9partemental conclu entre le pr\u00e9fet de la r\u00e9gion d'Ile -de-France, pr\u00e9fet de Paris, et \nle recteur de la r\u00e9gion acad\u00e9mique d'Ile-de-France, recteur de l'acad\u00e9mie de Paris, le 24 d\u00e9cembre 2020; \n \nVU l'arr\u00eat\u00e9 n\u00b0 75-2025-03-26-00004 du 26 mars 2025 portant d\u00e9l\u00e9gation du pr\u00e9fet de la r\u00e9gion d'Ile-de-France, \npr\u00e9fet de Paris \u00e0 Mme Julie BENETTI, rectrice de la r\u00e9gion acad\u00e9mique Ile-de-France, rectrice de l'acad\u00e9mie \nde Paris, en mati\u00e8re administrative ; \n \nVU  l'arr\u00eat\u00e9 minist\u00e9riel du 4 mai 2021 nommant Mme Jeanne DELACOURT dans l'emploi de conseill\u00e8re du \ndirecteur acad\u00e9mique des services de l'\u00e9ducation en mati\u00e8re de jeunesse, d'engagemen t et de sports de \nParis ; \n \nVU  le d\u00e9cret du Pr\u00e9sident de la R\u00e9publique du 26 f\u00e9vrier 2025 portant nomination de M. Laurent NOE en qualit\u00e9 \nde directeur de l'acad\u00e9mie de Paris ;  \n \nVU l'arr\u00eat\u00e9 n\u00b0 2025-033-RRA du 27 mars 2025 portant subd\u00e9l\u00e9gation de signature en mati\u00e8re administrative de \nla rectrice de la r\u00e9gion acad\u00e9mique Ile -de-France, rectrice de l'acad\u00e9mie de Paris  ; pour la mise en \u0153uvre \ndes missions de jeunesse, d'engagement et de sports ;  \n \nCONSIDERANT \n \nConsid\u00e9rant que les \u00e9l\u00e9ments present\u00e9s par l'association sont de nature \u00e0 justifier le respect des conditions portant \nsur le tronc commun d'agr\u00e9ment , notamment: la libert\u00e9 de conscience de ses membres, le respect du principe de \nnon-discrimination, un mode de fonctionnement d\u00e9mocratique, une gestion financ i\u00e8re transparente, permettre \nl'\u00e9gal acc\u00e8s des hommes, des femmes et des jeunes aux instances dirigeantes et respecter le contrat d'engagement \nr\u00e9publicain; \nRectorat de la r\u00e9gion acad\u00e9mique d'Ile-de-France, rectorat de l'acad\u00e9mie de Paris - IDF-2025-10-31-00015 - Arr\u00eat\u00e9 n\u00b0 2025-169-RRA\nportant reconnaissance du tronc commun d'agr\u00e9ment d'une association LOISIRS RESIDENTIELS DES MARINIERS (LOREM) - SDJES de\nParis\n97\n \n \n2 \n \nARRETE \n \nArticle 1 : \nL'association suivante est r\u00e9put\u00e9e satisfaire aux conditions portant sur le tronc commun d'agr\u00e9ment : \n \nLOISIRS RESIDENTIELS DES MARINIERS (LOREM) \n \nRNA: W751152870 \n \ndont le si\u00e8ge social est situ\u00e9 \u00e0 : 11 rue Maurice Bouchor 75014 - Paris \n \nArticle 2 :  \nL'arr\u00eat\u00e9 entre en vigueur \u00e0 compter de la date de sa publication et pour une dur\u00e9e de cinq ans. \n \nArticle 3 : \nL'association mentionn\u00e9e ci -dessus est tenue d'informer sans d\u00e9lai l'autorit\u00e9 publique comp\u00e9tente de tout \nchangement relatif aux crit\u00e8res d'attribution de la pr\u00e9sente reconnaissance et notamment les changements de si\u00e8ge \nsocial, de statuts et de repr\u00e9sentant l\u00e9gal. \n \nArticle 4 : \nL'association mentionn\u00e9e ci -dessus tiendra \u00e0 disposition de l'administration, dans le cadre d'un contr\u00f4le, tout \ndocument justifiant de la reconnaissance du tronc commun et notamment les proc\u00e8s -verbaux d'asse mbl\u00e9e \ng\u00e9n\u00e9rale, les rapports financiers des exercices \u00e9coul\u00e9s et les rapports annuels d'activit\u00e9s. \n \nArticle 5 : \nLa cheffe du service d\u00e9partemental \u00e0 la jeunesse, \u00e0 l'engagement et aux sports de Paris  est charg\u00e9e de l'ex\u00e9cution \ndu pr\u00e9sent arr\u00eat\u00e9 qui sera publi\u00e9 au recueil des actes administratifs de la pr\u00e9fecture de r\u00e9gion d'\u00cele -de-France, \npr\u00e9fecture de Paris. \n \nFait \u00e0 Paris, le 31/10/2025 \n \n \n \n \n \n \n \n \n \n \n \n \nPour la rectrice, et par subd\u00e9l\u00e9gation, \nla conseill\u00e8re du directeur de l'acad\u00e9mie de Paris, \ncheffe du service d\u00e9partemental \u00e0 la jeunesse, \u00e0 \nl'engagement et aux sports de Paris \n \nSign\u00e9 \n \nJeanne DELACOURT  \n \n \n \n \n \nRectorat de la r\u00e9gion acad\u00e9mique d'Ile-de-France, rectorat de l'acad\u00e9mie de Paris - IDF-2025-10-31-00015 - Arr\u00eat\u00e9 n\u00b0 2025-169-RRA\nportant reconnaissance du tronc commun d'agr\u00e9ment d'une association LOISIRS RESIDENTIELS DES MARINIERS (LOREM) - SDJES de\nParis\n98","date":"2025-11-04","first_seen_on":"2025-11-04T18:15:04+00:00","id":"18fdc5e3c593b9911bbf9d4f91f4a32a83d1b75f09f3eae95976b66aa4d659db","name":"recueil-idf-008-2025-11-recueil-des-actes-administratifs-special du 04.11.2025","pdf_creation_date":"2025-11-04T16:08:19+00:00","pdf_modification_date":null,"timezone":"Europe/Paris","url":"https://www.prefectures-regions.gouv.fr/ile-de-france/irecontenu/telechargement/132392/971762/file/recueil-idf-008-2025-11-recueil-des-actes-administratifs-special%20du%2004.11.2025.pdf"}
