{"administration":"pref21","administration_name":"Pr\u00e9fecture de C\u00f4te-d\u2019Or","content":"PR\u00c9FET\nDE LA C\u00d4TE-D'OR\nRECUEIL DES ACTES\nADMINISTRATIFS SP\u00c9CIAL\n(NOMINATIFS)\nN\u00b021-2025-026\nPUBLI\u00c9 LE 12 F\u00c9VRIER 2025\nSommaire\nARS Bourgogne-Franche-Comt\u00e9 /\n21-2025-02-10-00005 - Arr\u00eat\u00e9 ARS-BFC-DOSA-2025-258 portant\nd\u00e9signation de Madame Anne-Lucie BOULANGER, directrice adjointe du\ncentre hospitalier universitaire de Dijon (C\u00f4te d'Or), des centres\nhospitaliers d'Auxonne, Is-Sur-Tille, de l'EHPAD de\nMirebeau-Sur-B\u00e8ze (C\u00f4te d'Or), des centres hospitaliers de Langres,\nChaumont, Bourbonne-Les-Bains (Haute-Marne) en qualit\u00e9 de directrice\npar int\u00e9rim du centre hospitalier sp\u00e9cialis\u00e9 de la Chartreuse \u00e0 Dijon\n(C\u00f4te d'Or),  (2 pages) Page 3\n21-2025-02-10-00006 - Arr\u00eat\u00e9 ARS-BFC-DOSA-2025-259 mettant fin \u00e0 la\nd\u00e9signation de Monsieur Pascal TAFFUT, directeur adjoint du centre\nhospitalier universitaire de Dijon (C\u00f4te d'Or), des centres hospitaliers\nd'Auxonne, Is-Sur-Tille, de l'EHPAD de Mirebeau-Sur-B\u00e8ze (C\u00f4te\nd'Or), des centres hospitaliers de Langres, Chaumont,\nBourbonne-Les-Bains (Haute-Marne) en qualit\u00e9 de directeur par int\u00e9rim\ndu centre hospitalier sp\u00e9cialis\u00e9 de la Chartreuse \u00e0 Dijon (C\u00f4te\nd'Or),  (2 pages) Page 6\nDirection d\u00e9partementale de l'emploi, du travail et des solidarit\u00e9s de\nC\u00f4te-d'Or / P\u00f4le Solidarit\u00e9s\n21-2025-02-10-00001 - Arr\u00eat\u00e9 modificatif\nportant modification de\nrepr\u00e9sentation des organisations de la commission d\u00e9partementale de\nconciliation (3 pages) Page 9\nPr\u00e9fecture de la C\u00f4te-d'Or / Direction de la coordination, des politiques\npubliques et de l'appui territorial\n21-2025-02-07-00005 - ARRETE N\u00b0  25-28 BAG   PORTANT COMPOSITION\nDE LA COMMISSION REGIONALE DES AIDES DE L'AGENCE DE LA\nTRANSITION ECOLOGIQUE (ADEME)\nEN BOURGOGNE-FRANCHE-COMTE\n(2 pages) Page 13\nPr\u00e9fecture de la C\u00f4te-d'Or / Direction des s\u00e9curit\u00e9s\n21-2025-02-10-00002 - portant agr\u00e9ment d'un m\u00e9decin pour\neffectuer le contr\u00f4le m\u00e9dical de l'aptitude\n\u00e0 la conduite en\ncabinet lib\u00e9ral et en commission m\u00e9dicale des permis de conduire (2\npages) Page 16\n2\nARS Bourgogne-Franche-Comt\u00e9\n21-2025-02-10-00005\nArr\u00eat\u00e9 ARS-BFC-DOSA-2025-258 portant\nd\u00e9signation de Madame Anne-Lucie\nBOULANGER, directrice adjointe du centre\nhospitalier universitaire de Dijon (C\u00f4te d'Or), des\ncentres hospitaliers d'Auxonne, Is-Sur-Tille, de\nl'EHPAD de Mirebeau-Sur-B\u00e8ze (C\u00f4te d'Or), des\ncentres hospitaliers de Langres, Chaumont,\nBourbonne-Les-Bains (Haute-Marne) en qualit\u00e9 de\ndirectrice par int\u00e9rim du centre hospitalier\nsp\u00e9cialis\u00e9 de la Chartreuse \u00e0 Dijon (C\u00f4te d'Or), \nARS Bourgogne-Franche-Comt\u00e9 - 21-2025-02-10-00005 - Arr\u00eat\u00e9 ARS-BFC-DOSA-2025-258 portant d\u00e9signation de Madame Anne-Lucie\nBOULANGER, directrice adjointe du centre hospitalier universitaire de Dijon (C\u00f4te d'Or), des centres hospitaliers d'Auxonne,\nIs-Sur-Tille, de l'EHPAD de Mirebeau-Sur-B\u00e8ze (C\u00f4te d'Or), des centres hospitaliers de Langres, Chaumont, Bourbonne-Les-Bains\n(Haute-Marne) en qualit\u00e9 de directrice par int\u00e9rim du centre hospitalier sp\u00e9cialis\u00e9 de la Chartreuse \u00e0 Dijon (C\u00f4te d'Or), \n3\n7 AR\u00c9PUBLIQUEFRAN\u00c7AISE @ D Agence R\u00e9gionale de Sant\u00e9Libert\u00e9 Bourgogne- \u2014\u00c9galit\u00e9 Franche-Comt\u00e9Fraternit\u00e9DIRECTION DE L'ORGANISATION DES SOINSET DE L'AUTONOMIED\u00e9partement Ressources et MoyensArr\u00eat\u00e9 ARS-BFC-DOSA-2025-258 portant d\u00e9signation deMadame Anne-Lucie BOULANGER, directrice adjointe du centre hospitalier universitaire de Dijon(C\u00f4te d'Or), des centres hospitaliers d'Auxonne, Is-Sur-Tille, de l'EHPAD de Mirebeau-Sur-B\u00e8ze (C\u00f4ted'Or), des centres hospitaliers de Langres, Chaumont, Bourbonne-Les-Bains (Haute-Marne) en qualit\u00e9de directrice par int\u00e9rim du centre hospitalier sp\u00e9cialis\u00e9 de la Chartreuse \u00e0 Dijon (C\u00f4te d'Or),Le directeur g\u00e9n\u00e9ral de l'agence r\u00e9gionale de sant\u00e9 de Bourgogne-Franche-Comt\u00e9 ;Vu le code de la sant\u00e9 publique ;Vu le code g\u00e9n\u00e9ral de la fonction publique ;Vu la loi n\u00b02019-828 du 6 ao\u00fbt 2019 de transformation de la fonction publique ;Vu le d\u00e9cret du 2 novembre 2022 portant nomination de Monsieur Jean-Jacques COIPLET en qualit\u00e9 de directeurg\u00e9n\u00e9ral de l'agence regionale de sant\u00e9 (ARS) de Bourgogne-Franche-Comt\u00e9, \u00e0 compter du 21 novembre 2022 ;Vu le d\u00e9cret n\u00b02005-920 du 2 ao\u00fbt 2005 portant dispositions relatives \u00e0 la direction des \u00e9tablissementsmentionn\u00e9s \u00e0 l'article 2 de la loi n\u00b0 86-33 du 9 janvier 1986 portant dispositions statutaires relatives \u00e0 la fonctionpublique hospitali\u00e8re ;Vu le d\u00e9cret n\u00b02005-921 du 2 ao\u00fbt 2005 portant statut particulier des grades et emplois des personnels dedirection des \u00e9tablissements mentionn\u00e9s \u00e0 l'article 2 (1\u00b0et 2\u00b0) de la loi n\u00b0 86.33 du 9 janvier 1986 modifi\u00e9e portantdispositions statutaires relatives \u00e0 la fonction publique hospitali\u00e8re ;Vu le d\u00e9cret n\u00b02012-749 du 9 mai 2012 relatif \u00e0 la prime de fonctions et de r\u00e9sultats des corps ou emploisfonctionnels des personnels de direction et des directeurs des soins \u00e0 l'article 2 de la loi n\u00b086-33 du 9 janvier 1986modifi\u00e9e portant dispositions statutaires relatives \u00e0 la fonction publique hospitali\u00e8re ;Vu l'arr\u00eat\u00e9 du 9 mai 2012 fixant les montants de r\u00e9f\u00e9rence de la prime de fonctions et de r\u00e9sultats applicables auxcorps ou emplois fonctionnels des personnels de direction et des directeurs des soins de la fonction publiquehospitali\u00e8re ;Vu le d\u00e9cret n\u00b02018-255 du 9 avril 2018 relatif aux modalit\u00e9s d'indemnisation des p\u00e9riodes d'int\u00e9rim et \u00e0 l'indemnit\u00e9de direction commune pour certains personnels de la fonction publique hospitali\u00e8re ;Vu l'arr\u00eat\u00e9 du 9 avril 2018 fixant les montants de l'indemnisation des p\u00e9riodes d'int\u00e9rim et de l'indemnit\u00e9 de directioncommune pour certains personnels de la fonction publique hospitali\u00e8re ;Vu l'arr\u00e9t\u00e9 du CNG du 10 octobre 2024 portant suspension dans l'int\u00e9r\u00eat du service de Monsieur Fran\u00e7ois MARTIN,directeur du centre hospitalier sp\u00e9cialis\u00e9 de la Chartreuse \u00e0 Dijon (C\u00f4te d'Or) et la remise de l'arr\u00eat\u00e9 \u00e0 l'int\u00e9ress\u00e9 le10 octobre 2024 ;Vu l'arr\u00eat\u00e9 du CNG du 4 f\u00e9vrier 2025 portant exclusion pour une dur\u00e9e de 4 mois dont 2 avec sursis de MonsieurFran\u00e7ois MARTIN, directeur du centre hospitalier sp\u00e9cialis\u00e9 de la Chartreuse \u00e0 Dijon (C\u00f4te d'Or) et la remise del'arr\u00eat\u00e9 \u00e0 l'int\u00e9ress\u00e9 le m\u00eame jour ;Vu l'arr\u00e9t\u00e9 du CNG portant nomination de Madame Anne-Lucie BOULANGER, en qualit\u00e9 de directrice adjointedu centre hospitalier universitaire de Dijon (C\u00f4te d'Or), des centres hospitaliers d'Auxonne, Is-Sur-Tille, del'EHPAD de Mirebeau-Sur-B\u00e8ze (C\u00f4te d'Or), des centres hospitaliers de Langres, Chaumont, Bourbonne-Les-Bains (Haute-Marne), \u00e0 compter du 1\u00a2 octobre 2024 ;\nARS Bourgogne-Franche-Comt\u00e9 - 21-2025-02-10-00005 - Arr\u00eat\u00e9 ARS-BFC-DOSA-2025-258 portant d\u00e9signation de Madame Anne-Lucie\nBOULANGER, directrice adjointe du centre hospitalier universitaire de Dijon (C\u00f4te d'Or), des centres hospitaliers d'Auxonne,\nIs-Sur-Tille, de l'EHPAD de Mirebeau-Sur-B\u00e8ze (C\u00f4te d'Or), des centres hospitaliers de Langres, Chaumont, Bourbonne-Les-Bains\n(Haute-Marne) en qualit\u00e9 de directrice par int\u00e9rim du centre hospitalier sp\u00e9cialis\u00e9 de la Chartreuse \u00e0 Dijon (C\u00f4te d'Or), \n4\nConsid\u00e9rant l'accord de Madame Anne-Lucie BOULANGER, directrice adjointe du centre hospitalier universitairede Dijon (C\u00f4te d'Or), des centres hospitaliers d'Auxonne, Is-Sur-Tille, de l'EHPAD de Mirebeau-Sur-B\u00e8ze (C\u00f4ted'Or), des centres hospitaliers de Langres, Chaumont, Bourbonne-Les-Bains (Haute-Marne), pour assurerl'int\u00e9rim de direction du centre hospitalier sp\u00e9cialis\u00e9 de la Chartreuse \u00e0 Dijon (C\u00f4te d'Or), \u00e0 compter du 10 f\u00e9vrier2025 ;\nArticle 1\u00b0\" :\nArticle 2 :\nArticle 3 :\nArticle 4 :\nArticle 5 :\nARRETE\nMadame Anne-Lucie BOULANGER, directrice adjointe du centre hospitalier universitaire de Dijon(C\u00f4te d'Or), des centres hospitaliers d'Auxonne, Is-Sur-Tille, de l'EHPAD de Mirebeau-Sur-B\u00e8ze(C\u00f4te d'Or), des centres hospitaliers de Langres, Chaumont, Bourbonne-Les-Bains (Haute-Marne), est d\u00e9sign\u00e9e directrice par int\u00e9rim du centre hospitalier sp\u00e9cialis\u00e9 de la Chartreuse \u00e0Dijon (C\u00f4te d'Or), \u00e0 compter du 10 f\u00e9vrier 2025.Madame Anne-Lucie BOULANGER, \u00e0 ce titre, durant cette p\u00e9riode, d''une majoration temporairede la part fonctions per\u00e7ue au titre de sa prime de fonctions et de r\u00e9sultats, conform\u00e9ment aubar\u00e8me fix\u00e9 par l'arr\u00eat\u00e9 du 9 avril 2018 susvis\u00e9.La majoration du coefficient multiplicateur appliqu\u00e9e \u00e0 la part fonctions de l'int\u00e9ressee est fix\u00e9e \u00e01,2 soit un montant de 552 \u20ac mensuel [(5 520*1,2)/12].Les frais expos\u00e9s par Madame Anne-Lucie BOULANGER, dans le cadre de cette d\u00e9signation, luiseront rembours\u00e9s le centre hospitalier sp\u00e9cialis\u00e9 de la Chartreuse \u00e0 Dijon (C\u00f4te d'Or).Le pr\u00e9sent arr\u00eat\u00e9 peut faire l'objet d'un recours gracieux ou \u00eatre contest\u00e9, dans les conditionspr\u00e9vues au premier alin\u00e9a de l'article R421-1 du code dejustice administrative, devant le tribunaladministratif comp\u00e9tent dans le d\u00e9lai de 2 mois \u00e0 compter de sa notification.Le tribunal administratif peut \u00eatre saisi d'un recours d\u00e9pos\u00e9 via l'application T\u00e9l\u00e9recours citoyensaccessible par le site internet www.t\u00e9l\u00e9recours.fr.La directrice de l'organisation des soins et de I'autonomie de l'ARS de Bourgogne-Franche-Comt\u00e9, les Pr\u00e9sidents des conseils de surveillance du centre hospitalier sp\u00e9cialis\u00e9 de laChartreuse \u00e0 Dijon (C\u00f4te d'Or), du centre hospitalier universitaire de Dijon, sont charg\u00e9s chacunen ce qui les concerne de l'ex\u00e9cution du pr\u00e9sent arr\u00eat\u00e9 qui sera publi\u00e9 aux Recueils des actesadministratifs de la pr\u00e9fecture de r\u00e9gion Bourgogne-Franche-Comt\u00e9 et de la pr\u00e9fecture dud\u00e9partement de C\u00f4te d'Or.\nFait\u00e0 Dijon, le 1 Q FEV. 2025edteur g\u00e9n\u00e9ral,\nJean-Jacques Coiplet\nARS Bourgogne-Franche-Comt\u00e9 - 21-2025-02-10-00005 - Arr\u00eat\u00e9 ARS-BFC-DOSA-2025-258 portant d\u00e9signation de Madame Anne-Lucie\nBOULANGER, directrice adjointe du centre hospitalier universitaire de Dijon (C\u00f4te d'Or), des centres hospitaliers d'Auxonne,\nIs-Sur-Tille, de l'EHPAD de Mirebeau-Sur-B\u00e8ze (C\u00f4te d'Or), des centres hospitaliers de Langres, Chaumont, Bourbonne-Les-Bains\n(Haute-Marne) en qualit\u00e9 de directrice par int\u00e9rim du centre hospitalier sp\u00e9cialis\u00e9 de la Chartreuse \u00e0 Dijon (C\u00f4te d'Or), \n5\nARS Bourgogne-Franche-Comt\u00e9\n21-2025-02-10-00006\nArr\u00eat\u00e9 ARS-BFC-DOSA-2025-259 mettant fin \u00e0 la\nd\u00e9signation de Monsieur Pascal TAFFUT,\ndirecteur adjoint du centre hospitalier\nuniversitaire de Dijon (C\u00f4te d'Or), des centres\nhospitaliers d'Auxonne, Is-Sur-Tille, de l'EHPAD\nde Mirebeau-Sur-B\u00e8ze (C\u00f4te d'Or), des centres\nhospitaliers de Langres, Chaumont,\nBourbonne-Les-Bains (Haute-Marne) en qualit\u00e9 de\ndirecteur par int\u00e9rim du centre hospitalier\nsp\u00e9cialis\u00e9 de la Chartreuse \u00e0 Dijon (C\u00f4te d'Or), \nARS Bourgogne-Franche-Comt\u00e9 - 21-2025-02-10-00006 - Arr\u00eat\u00e9 ARS-BFC-DOSA-2025-259 mettant fin \u00e0 la d\u00e9signation de Monsieur\nPascal TAFFUT, directeur adjoint du centre hospitalier universitaire de Dijon (C\u00f4te d'Or), des centres hospitaliers d'Auxonne,\nIs-Sur-Tille, de l'EHPAD de Mirebeau-Sur-B\u00e8ze (C\u00f4te d'Or), des centres hospitaliers de Langres, Chaumont, Bourbonne-Les-Bains\n(Haute-Marne) en qualit\u00e9 de directeur par int\u00e9rim du centre hospitalier sp\u00e9cialis\u00e9 de la Chartreuse \u00e0 Dijon (C\u00f4te d'Or), \n6\n=2 AlREPUBLIQUEFRANCAISE @ D Agence R\u00e9gionale de Sant\u00e9Libert\u00e9 Bourgogne-Egalit\u00e9 Franche-Comt\u00e9Fraternit\u00e9DIRECTION DE L'ORGANISATION DES SOINSET DE L'AUTONOMIED\u00e9partement Ressources et MoyensArr\u00eat\u00e9 ARS-BFC-DOSA-2025-259 mettant fin \u00e0 la d\u00e9signation deMonsieur Pascal TAFFUT, directeur adjoint du centre hospitalier universitaire de Dijon (C\u00f4te d'Or), descentres hospitaliers d'Auxonne, Is-Sur-Tiile, de FEHPAD de Mirebeau-Sur-B\u00e8ze (C\u00f4te d'Or), descentres hospitaliers de Langres, Chaumont, Bourbonne-Les-Bains (Haute-Marne) en qualit\u00e9 dedirecteur par int\u00e9rim du centre hospitalier sp\u00e9cialis\u00e9 de la Chartreuse \u00e0 Dijon (C\u00f4te d'Or),Le directeur g\u00e9n\u00e9ral de l'agence r\u00e9gionale de sant\u00e9 de Bourgogne-Franche-Comt\u00e9 ;Vu le code de la sant\u00e9 publique ;Vu le code g\u00e9n\u00e9ral de la fonction publique ;Vu la loi n\u00b02019-828 du 6 ao\u00fbt 2019 de transformation de la fonction publique ;Vu le d\u00e9cret du 2 novembre 2022 portant nomination de Monsieur Jean-Jacques COIPLET en qualit\u00e9 de directeurg\u00e9n\u00e9ral de l'agence r\u00e9gionale de sant\u00e9 (ARS) de Bourgogne-Franche-Comt\u00e9, \u00e0 compter du 21 novembre 2022 ;Vu le d\u00e9cret n\u00b02005-920 du 2 ao\u00fbt 2005 portant dispositions relatives \u00e0 la direction des \u00e9tablissementsmentionn\u00e9s \u00e0 l'article 2 de la loi n\u00b0 86-33 du 9 janvier 1986 portant dispositions statutaires relatives \u00e0 la fonctionpublique hospitali\u00e8re ;Vu le d\u00e9cret n\u00b02005-921 du 2 ao\u00fbt 2005 portant statut particulier des grades et emplois des personnels dedirection des \u00e9tablissements mentionn\u00e9s \u00e0 l'article 2 (1\u00b0et 2\u00b0) de la loi n\u00b0 86.33 du 9 janvier 1986 modifi\u00e9e portantdispositions statutaires relatives \u00e0 la fonction publique hospitali\u00e8re ;Vu le d\u00e9cret n\u00b02012-749 du 9 mai 2012 relatif \u00e0 la prime de fonctions et de r\u00e9sultats des corps ou emploisfonctionnels des personnels de direction et des directeurs des soins \u00e0 l'article 2 de la loi n\u00b086-33 du 9 janvier 1986modifi\u00e9e portant dispositions statutaires relatives \u00e0 la fonction publique hospitali\u00e8re ;Vu l'arr\u00eat\u00e9 du 9 mai 2012 fixant les montants de r\u00e9f\u00e9rence de la prime de fonctions et de r\u00e9sultats applicables auxcorps ou emplois fonctionnels des personnels de direction et des directeurs des soins de la fonction publiquehospitali\u00e8re ;Vu le d\u00e9cret n\u00b02018-255 du 9 avril 2018 relatif aux modalit\u00e9s d'indemnisation des p\u00e9riodes d'int\u00e9rim et \u00e0 l'indemnit\u00e9de direction commune pour certains personnels de la fonction publique hospitali\u00e8re ;Vu l'arr\u00eat\u00e9 du 9 avril 2018 fixant les montants de l'indemnisation des p\u00e9riodes d'int\u00e9rim et de l'indemnit\u00e9 de directioncommune pour certains personnels de la fonction publique hospitali\u00e8re ;Vu l'arr\u00eat\u00e9 du CNG du 10 octobre 2024 portant suspension dans l'int\u00e9r\u00eat du service de Monsieur Fran\u00e7ois MARTIN,directeur du centre hospitalier sp\u00e9cialis\u00e9 de la Chartreuse \u00e0 Dijon (C\u00f4te d'Or) et la remise de l'arr\u00eat\u00e9 \u00e0 l'int\u00e9ress\u00e9 le10 octobre 2024 ;Vu l'arr\u00eat\u00e9 du CNG du 4 f\u00e9vrier 2025 portant exclusion pour une dur\u00e9e de 4 mois dont 2 avec sursis de MonsieurFran\u00e7ois MARTIN, directeur du centre hospitalier sp\u00e9cialis\u00e9 de la Chartreuse \u00e0 Dijon (C\u00f4te d'Or) et la remise del'arr\u00eat\u00e9 \u00e0 l'int\u00e9ress\u00e9 le m\u00eame jour ;Vu l'arr\u00eat\u00e9 du CNG portant nomination de Monsieur Pascal TAFFUT, en qualit\u00e9 de directeur adjoint du centrehospitalier universitaire de Dijon (C\u00f4te d'Or), des centres hospitaliers d'Auxonne, Is-Sur-Tille, de l'EHPAD deMirebeau-Sur-B\u00e8ze (C\u00f4te d'Or), des centres hospitaliers de Langres, Chaumont, Bourbonne-Les-Bains (Haute-Marne), \u00e0 compter du 19\" octobre 2024 ;Vu l'arr\u00eat\u00e9 ARS-BFC-DOSA-2024-1756 portant d\u00e9signation de Monsieur Pascal TAFFUT, directeur adjoint ducentre hospitalier universitaire de Dijon (C\u00f4te d'Or), des centres hospitaliers d'Auxonne, Is-Sur-Tille, de 'EHPADde Mirebeau-Sur-B\u00e8ze (C\u00f4te d'Or), des centres hospitaliers de Langres, Chaumont, Bourbonne-Les-Bains(Haute-Marne) en qualit\u00e9 de directeur par int\u00e9rim du centre hospitalier sp\u00e9cialis\u00e9 de la Chartreuse \u00e0 Dijon (C\u00f4ted'Or), \u00e0 compter du 10 octobre 2024 ;\nARS Bourgogne-Franche-Comt\u00e9 - 21-2025-02-10-00006 - Arr\u00eat\u00e9 ARS-BFC-DOSA-2025-259 mettant fin \u00e0 la d\u00e9signation de Monsieur\nPascal TAFFUT, directeur adjoint du centre hospitalier universitaire de Dijon (C\u00f4te d'Or), des centres hospitaliers d'Auxonne,\nIs-Sur-Tille, de l'EHPAD de Mirebeau-Sur-B\u00e8ze (C\u00f4te d'Or), des centres hospitaliers de Langres, Chaumont, Bourbonne-Les-Bains\n(Haute-Marne) en qualit\u00e9 de directeur par int\u00e9rim du centre hospitalier sp\u00e9cialis\u00e9 de la Chartreuse \u00e0 Dijon (C\u00f4te d'Or), \n7\nVu l'arr\u00eat\u00e9 ARS-BFC-DOSA-2025-258 portant d\u00e9signation de Madame Anne-Lucie BOULANGER, directriceadjointe du centre hospitalier universitaire de Dijon (C\u00f4te d'Or), des centres hospitaliers d'Auxonne, Is-Sur-Tille,de l'EHPAD de Mirebeau-Sur-B\u00e8ze (C\u00f4te d'Or), des centres hospitaliers de Langres, Chaumont, Bourbonne-Les-Bains (Haute-Marne) en qualit\u00e9 de directrice par int\u00e9rim du centre hospitalier sp\u00e9cialis\u00e9 de la Chartreuse \u00e0Dijon (C\u00f4te d'Or), \u00e0 compter du 10 f\u00e9vrier 2025 ;\nArticle 1\u00b0\" :\nArticle 2 :\nArticle 3 :\nARRETE\nL'int\u00e9rim de direction du centre hospitalier sp\u00e9cialis\u00e9 de la Chartreuse \u00e0 Dijon (C\u00f4te d'Or) assur\u00e9par Monsieur Pascal TAFFUT, directeur adjoint du centre hospitalier universitaire de Dijon (C\u00f4ted'Or), des centres hospitaliers d'Auxonne, Is-Sur-Tille, de l'EHPAD de Mirebeau-Sur-B\u00e8ze (C\u00f4ted'Or), des centres hospitaliers de Langres, Chaumont, Bourbonne-Les-Bains (Haute-Marne),prend fin le 10 f\u00e9vrier 2025.Le pr\u00e9sent arr\u00e9t\u00e9 peut faire l'objet d''un recours gracieux ou \u00eatre contest\u00e9, dans les conditionspr\u00e9vues au premier alin\u00e9a de l'article R421-1 du code de justice administrative, devant le tribunaladministratif comp\u00e9tent dans le d\u00e9lai de 2 mois \u00e0 compter de sa notification.Le tribunal administratif peut \u00eatre saisi d'un recours d\u00e9pos\u00e9 via l'application T\u00e9l\u00e9recours citoyensaccessible par le site internet www.t\u00e9l\u00e9recours.fr.La directrice de l'organisation des soins et de l'autonomie de 'ARS de Bourgogne-Franche-Comt\u00e9, les Pr\u00e9sidents des conseils de surveillance du centre hospitalier sp\u00e9cialis\u00e9 de laChartreuse \u00e0 Dijon (C\u00f4te d'Or), du centre hospitalier universitaire de Dijon, sont charg\u00e9s chacunen ce qui les concerne de l'ex\u00e9cution du pr\u00e9sent arr\u00eat\u00e9 qui sera publi\u00e9 aux Recueils des actesadministratifs de la pr\u00e9fecture de r\u00e9gion Bourgogne-Franche-Comt\u00e9 et de la pr\u00e9fecture dud\u00e9partement de C\u00f4te d'Or.\nFait\u00e0Dijon,le 1 0 FEV. 2025eur g\u00e9n\u00e9ral,\nJean-J\u00e4cques Coiplet\nARS Bourgogne-Franche-Comt\u00e9 - 21-2025-02-10-00006 - Arr\u00eat\u00e9 ARS-BFC-DOSA-2025-259 mettant fin \u00e0 la d\u00e9signation de Monsieur\nPascal TAFFUT, directeur adjoint du centre hospitalier universitaire de Dijon (C\u00f4te d'Or), des centres hospitaliers d'Auxonne,\nIs-Sur-Tille, de l'EHPAD de Mirebeau-Sur-B\u00e8ze (C\u00f4te d'Or), des centres hospitaliers de Langres, Chaumont, Bourbonne-Les-Bains\n(Haute-Marne) en qualit\u00e9 de directeur par int\u00e9rim du centre hospitalier sp\u00e9cialis\u00e9 de la Chartreuse \u00e0 Dijon (C\u00f4te d'Or), \n8\nDirection d\u00e9partementale de l'emploi, du travail\net des solidarit\u00e9s de C\u00f4te-d'Or\nP\u00f4le Solidarit\u00e9s\n21-2025-02-10-00001\nArr\u00eat\u00e9 modificatif\nportant modification de repr\u00e9sentation des\norganisations de la commission d\u00e9partementale\nde conciliation\nDirection d\u00e9partementale de l'emploi, du travail et des solidarit\u00e9s de C\u00f4te-d'Or - 21-2025-02-10-00001 - Arr\u00eat\u00e9 modificatif\nportant modification de repr\u00e9sentation des organisations de la commission d\u00e9partementale de conciliation 9\nExPREFETDE LACOTE-D'ORL'z'berte'Egalit\u00e9Fraternit\u00e9\nDirection d\u00e9partementale\nde l'emploi, du travail et des solidarit\u00e9s\nCommission d\u00e9partementale de Conciliation\nAffaire suivie par Eric FALLON\nT\u00e9l. : 03 80 68 30 28\nddets-conciliation@cote-dor.gouv.fr\nLe pr\u00e9fet\nde la r\u00e9gion de Bourgogne-Franche Comt\u00e9,\npr\u00e9fet de la C\u00f4te-d'Or\nArr\u00eat\u00e9 modificatif\nportant modification de repr\u00e9sentation des organisations\nde la commission d\u00e9partementale de conciliation\nVu la loi n\u00b0 89-462 du 6 juillet 1989 tendant \u00e0 am\u00e9liorer les rapports locatifs et portant modification de\nla loi n\u00b0 86-1290 du 23 d\u00e9cembre 1986, notamment son article 20 ;\nVu la loi n\u00b0 2000-1208 du 13 d\u00e9cembre 2000 relative \u00e0 la solidarit\u00e9 et au renouvellement urbain et\nportant modification de la loi du 6 juillet 1989 ;\nVu le d\u00e9cret n\u00b0 2001-653 du 19 juillet 2001 pris pour l'application de l'article 20 de la loi n\u00b0 89-462 du 6\njuillet 1989 modifi\u00e9e et relatif aux commissions d\u00e9partementales de conciliation ;\nVu l'arr\u00eat\u00e9 pr\u00e9fectoral n\u00b0 873 du 20 d\u00e9cembre 2001 portant cr\u00e9ation de la commission d\u00e9partementale\nde conciliation ;\nVu l'arr\u00eat\u00e9 pr\u00e9fectoral n\u00b0 874 du 21 d\u00e9cembre 2001 portant nomination des membres de la commission\nd\u00e9partementale de conciliation modifi\u00e9 par les arr\u00eat\u00e9s du 6 janvier 2005, du 7  janvier 2008, du 26\njanvier 2011, du 14 janvier 2014, du 26 janvier 2017 , du 26 janvier 2020 et du 17  mars 2022 portant\nrenouvellement des membres ;\nVu les propositions de modification de repr\u00e9sentation faites par les organisations suivantes :\n> repr\u00e9sentants des bailleurs :\n\u2013 Union nationale des Propri\u00e9taires immobiliers (UNPI) de Bourgogne-Franche-Comt\u00e9\nsis 21 boulevard Carnot \u00e0 Dijon\n\u2013 Union sociale pour l'Habitat (USH) de Bourgogne-Franche-Comt\u00e9\nsis 15 boulevard Voltaire \u00e0 Dijon\n> repr\u00e9sentants des locataires :\n\u2013 Association Force ouvri\u00e8re Consommateurs (AFOC) de C\u00f4te d'Or\nsis 2 rue Romain Rolland \u00e0 Dijon\n\u2013 Conf\u00e9d\u00e9ration nationale du Logement (CNL) de C\u00f4te d'Or\nsis Maison des associations \u2013 2 rue des Corroyeurs \u00e0 Dijon\n\u2013 Conf\u00e9d\u00e9ration syndicale des Familles (CSF) de C\u00f4te-d'Or\nsis 32 rue du Tire Pesseau \u00e0 Dijon\nDirection d\u00e9partementale de l'emploi, du travail et des solidarit\u00e9s de C\u00f4te-d'Or - 21-2025-02-10-00001 - Arr\u00eat\u00e9 modificatif\nportant modification de repr\u00e9sentation des organisations de la commission d\u00e9partementale de conciliation 10\nSur proposition de Monsieur le secr\u00e9taire g\u00e9n\u00e9ral de la pr\u00e9fecture,\nARR\u00caTE\nArticle 1\nLa Commission d\u00e9partementale de Conciliation de la C\u00f4te-d'Or est compos\u00e9e comme suit :\nI \u2013 ORGANISATIONS REPR\u00c9SENTATIVES DES BAILLEURS\n1 \u2013 Membres d\u00e9sign\u00e9s par l'Union nationale des Propri\u00e9taires immobiliers de Bourgogne-Franche-Comt\u00e9\n> Titulaires\n\u2013 Monsieur Jean PERRIN\n\u2013 Madame Ombeline POBELLE\n> Suppl\u00e9ants\n\u2013 Madame Lisa PIROUX\n\u2013 Monsieur Herv\u00e9 LE GOUZ de SAINT SEINE\n2 \u2013 Membres d\u00e9sign\u00e9s par l'Union sociale pour l'Habitat de Bourgogne-Franche-Comt\u00e9\n> Titulaires\n\u2013 Madame Dominique SAUNOIS repr\u00e9sentant Orvitis\n\u2013 Monsieur Olivier MEILLERAT repr\u00e9sentant Habellis\n> Suppl\u00e9ants\n\u2013 Madame B\u00e9rang\u00e8re CLAUDON repr\u00e9sentant CDC habitat\n\u2013 Monsieur Madjid AMRANI repr\u00e9sentant Grand Dijon habitat\nII \u2013 ORGANISATIONS REPR\u00c9SENTATIVES DES LOCATAIRES\n1 \u2013 Membres d\u00e9sign\u00e9s par la Conf\u00e9d\u00e9ration nationale du Logement de C\u00f4te-d'Or\n> Titulaires\n\u2013 Madame Pascale MASSON\n\u2013 Monsieur G\u00e9rard LELARGE\n> Suppl\u00e9ants\n\u2013 Madame Manon VARDANYAN\n\u2013 Madame Patricia GERVREAU\n2 \u2212 Membres d\u00e9sign\u00e9s par la Conf\u00e9d\u00e9ration syndicale des Familles de C\u00f4te-d'Or\n> Titulaires\n\u2013 Madame Monique AYMES\n\u2013 Monsieur Emmanuel JASPART\n> Suppl\u00e9ants\n\u2013 Monsieur Hassan DJAMA IDLEH\n\u2013 Monsieur John MOUSSOUNGOU\n3 \u2212 Membres d\u00e9sign\u00e9s par l'Association Force ouvri\u00e8re Consommateurs de C\u00f4te d'Or\n> Titulaire\n\u2013 Monsieur Christian MULLER\n> Suppl\u00e9ant\n\u2013 Madame Viviane DELEPIERRE\nDirection d\u00e9partementale de l'emploi, du travail et des solidarit\u00e9s de C\u00f4te-d'Or - 21-2025-02-10-00001 - Arr\u00eat\u00e9 modificatif\nportant modification de repr\u00e9sentation des organisations de la commission d\u00e9partementale de conciliation 11\nArticle 2\nSont \u00e9galement d\u00e9sign\u00e9s \u00e0 titre consultatif :\n\u2013 Monsieur  le  pr\u00e9fet  de  la  r\u00e9gion  Bourgogne-Franche-Comt\u00e9,  pr\u00e9fet  de  la  C\u00f4te-d'Or  ou  son\nrepr\u00e9sentant,\n\u2013 Monsieur le directeur d\u00e9partemental de la Protection des Populations ou son repr\u00e9sentant.\nArticle 3\nLes membres de la Commission d\u00e9partementale de Conciliation sont nomm\u00e9s jusqu'au 15 f\u00e9vrier 2028.\nArticle 4\nMonsieur le secr\u00e9taire g\u00e9n\u00e9ral de la pr\u00e9fecture de la C\u00f4te-d'Or est charg\u00e9 de l'ex\u00e9cution du pr\u00e9sent\narr\u00eat\u00e9 qui sera ins\u00e9r\u00e9 au recueil des actes administratifs de la pr\u00e9fecture de la C\u00f4te-d'Or et notifi\u00e9 :\n\u2013 aux organisations repr\u00e9sentatives de locataires et de bailleurs qui ont \u00e9t\u00e9 appel\u00e9es \u00e0 d\u00e9signer des\nrepr\u00e9sentants de la Commission d\u00e9partementale de Conciliation de la C\u00f4te-d'Or,\n\u2013 \u00e0 Madame la directrice d\u00e9partementale de l'Emploi, du Travail et des Solidarit\u00e9s qui assure le\nsecr\u00e9tariat de la commission,\n\u2013 \u00e0 Monsieur le directeur d\u00e9partemental de la Protection des Populations.\nFait \u00e0 Dijon, le 10 f\u00e9vrier 2025\nLe pr\u00e9fet,\npour le pr\u00e9fet et par d\u00e9l\u00e9gation,\nle secr\u00e9taire g\u00e9n\u00e9ral,\nSIGN\u00c9\nDenis BRUEL\nDirection d\u00e9partementale de l'emploi, du travail et des solidarit\u00e9s de C\u00f4te-d'Or - 21-2025-02-10-00001 - Arr\u00eat\u00e9 modificatif\nportant modification de repr\u00e9sentation des organisations de la commission d\u00e9partementale de conciliation 12\nPr\u00e9fecture de la C\u00f4te-d'Or\nDirection de la coordination, des politiques\npubliques et de l'appui territorial\n21-2025-02-07-00005\nARRETE N\u00b0  25-28 BAG   PORTANT\nCOMPOSITION DE LA COMMISSION REGIONALE\nDES AIDES DE L'AGENCE DE LA TRANSITION\nECOLOGIQUE (ADEME)\nEN BOURGOGNE-FRANCHE-COMTE\nPr\u00e9fecture de la C\u00f4te-d'Or - 21-2025-02-07-00005 - ARRETE N\u00b0  25-28 BAG   PORTANT COMPOSITION DE LA COMMISSION\nREGIONALE DES AIDES DE L'AGENCE DE LA TRANSITION ECOLOGIQUE (ADEME)\nEN BOURGOGNE-FRANCHE-COMTE\n13\nExPR\u00c9FET _DE LA R\u00c9GIONBOURGOGNE- .FRANCHE-COMT\u00c9Libert\u00e9\u00c9galit\u00e9Fraternit\u00e9\nADEME\nAGENCE DE LATRANSITIONECOLOGIQUE\nARRETE N\u00b0  25-28 BAG   PORTANT COMPOSITION\nDE LA COMMISSION REGIONALE DES AIDES\nDE L'AGENCE DE LA TRANSITION ECOLOGIQUE (ADEME)\nEN BOURGOGNE-FRANCHE-COMTE\n  \nLe pr\u00e9fet de la R\u00e9gion Bourgogne-Franche-Comt\u00e9\nPr\u00e9fet de la C\u00f4te-d'Or\nVU La  loi  n\u00b090.1130  du  19  d\u00e9cembre  1990  portant  cr\u00e9ation  de  l'Agence  de \nl'environnement et de la ma\u00eetrise de l'\u00e9nergie\nVU Le d\u00e9cret n\u00b091.732 du 26 juillet 1991 relatif \u00e0 l'Agence de l'environnement et de la  \nma\u00eetrise de l'\u00e9nergie,\nVU Le d\u00e9cret n\u00b02000.161 du 23 f\u00e9vrier 2000 modifiant le d\u00e9cret du 26 juillet 1991\nVU Le d\u00e9cret n\u00b02009-603 du 28 mai 2009 relatif \u00e0 l'Agence de l'environnement et de  \nla ma\u00eetrise de l'\u00e9nergie,\nVU Le d\u00e9cret du 10 octobre 2024 portant nomination de Monsieur Paul MOURIER,  \npr\u00e9fet de la r\u00e9gion Bourgogne-Franche-Comt\u00e9, pr\u00e9fet de la C\u00f4te-d'Or\nVU L'arr\u00eat\u00e9 n\u00b021-1129 BAG du 28 d\u00e9cembre 2021 du pr\u00e9fet de Bourgogne-Franche-\nComt\u00e9 sur la nomination de la Commission R\u00e9gionale des Aides de Bourgogne-\nFranche-Comt\u00e9\nARRETE\nArticle 1\nArticle 2\nMonsieur  le  pr\u00e9fet  de  r\u00e9gion,  d\u00e9l\u00e9gu\u00e9  territorial  de  l'ADEME,  ou \nMadame  la  directrice  r\u00e9gionale  de  l'ADEME  en  son  absence  ou \nMonsieur le directeur r\u00e9gional d\u00e9l\u00e9gu\u00e9 en cas d'emp\u00eachement, pr\u00e9side  \nla  commission  r\u00e9gionale  des  aides  de  l'Agence  de  la  transition \n\u00e9cologique.\nOutre  le  pr\u00e9fet  de  r\u00e9gion  et  la  directrice  r\u00e9gionale  de  l'ADEME,  la \ncommission r\u00e9gionale des aides comprend\u00a0:\n\uf0b7 La  secr\u00e9taire  g\u00e9n\u00e9rale  pour  les  affaires  r\u00e9gionales  ou  son  \nrepr\u00e9sentant,\n\uf0b7 La directrice r\u00e9gionale des Finances publiques ou son repr\u00e9sentant,\n\uf0b7 Le directeur r\u00e9gional de l'Environnement, de l'Am\u00e9nagement et du  \nLogement ou son repr\u00e9sentant,\n\uf0b7 La directrice r\u00e9gionale de l'Alimentation, de l'Agriculture et de la  \nFor\u00eat ou son repr\u00e9sentant,\n\uf0b7 Le directeur r\u00e9gional de l'Economie, de l'Emploi du Travail et des  \nSolidarit\u00e9s ou son repr\u00e9sentant,\nPr\u00e9fecture de la C\u00f4te-d'Or - 21-2025-02-07-00005 - ARRETE N\u00b0  25-28 BAG   PORTANT COMPOSITION DE LA COMMISSION\nREGIONALE DES AIDES DE L'AGENCE DE LA TRANSITION ECOLOGIQUE (ADEME)\nEN BOURGOGNE-FRANCHE-COMTE\n14\n\uf0b7 Le  directeur  g\u00e9n\u00e9ral  de  l'Agence  r\u00e9gionale  de  Sant\u00e9  ou  son \nrepr\u00e9sentant,\nAinsi que six personnalit\u00e9s qualifi\u00e9es, nomm\u00e9es pour une dur\u00e9e de  \ntrois ann\u00e9es\u00a0:\n\uf0b7 Monsieur Daniel MICARD, ancien Directeur du P\u00f4le Innovation et  \nEco-innovation de l'Agence \u00e9conomique r\u00e9gionale de Bourgogne-\nFranche-Comt\u00e9,\n\uf0b7 Madame Catherine REFAIT, professeure d'\u00e9conomie \u00e0 l'Universit\u00e9  \nde Franche-Comt\u00e9 Besan\u00e7on, co-responsable des parcours Finances \n& Banque Durables,\n\uf0b7 Madame Anne-Catherine LOISIER, s\u00e9natrice, repr\u00e9sentant l'union  \nr\u00e9gionale des communes foresti\u00e8res,\n\uf0b7 un repr\u00e9sentant la Chambre r\u00e9gionale d'agriculture \u00e0 d\u00e9terminer  \nsuite aux \u00e9lections consulaires,\n\uf0b7 Madame  Magali  DUVERNOIS,  vice-pr\u00e9sidente  de  Pays  de  \nMontb\u00e9liard Agglom\u00e9ration,\n\uf0b7 Monsieur Michel MAYA, maire de Tramayes en Sa\u00f4ne-et-Loire.\nArticle 3 Sont \u00e9galement invit\u00e9s \u00e0 si\u00e9ger avec voix consultative\u00a0:\n\uf0b7 Le d\u00e9l\u00e9gu\u00e9 r\u00e9gional Acad\u00e9mique \u00e0 la Recherche et \u00e0 l'Innovation,\n\uf0b7 Le directeur r\u00e9gional de BPI France,\n\uf0b7 Le  d\u00e9l\u00e9gu\u00e9  territorial  de  l'Agence  de  l'Eau  du  Bassin  Rh\u00f4ne-\nM\u00e9diterran\u00e9e-Corse,\n\uf0b7 Le directeur r\u00e9gional de la Banque des Territoires,\n\uf0b7 Les  directeurs  d\u00e9partementaux  des  territoires  de  Bourgogne-\nFranche-Comt\u00e9\nAinsi que trois personnalit\u00e9s qualifi\u00e9es\u00a0:\n\uf0b7 Monsieur Jacques ALLIER, architecte,\n\uf0b7 Madame St\u00e9phanie MODDE, Vice-pr\u00e9sidente du Conseil r\u00e9gional en \ncharge de la transition \u00e9cologique,\n\uf0b7 Monsieur  Nicolas  SORET,  Vice-pr\u00e9sident  du  Conseil  r\u00e9gional  en \ncharge du d\u00e9veloppement \u00e9conomique.\nArticle 4 Monsieur  le  pr\u00e9fet  de  r\u00e9gion,  d\u00e9l\u00e9gu\u00e9  territorial  de  l'ADEME,  peut \nappeler \u00e0 si\u00e9ger avec voix consultative toute personne dont l'avis lui  \npara\u00eet utile.\nArticle 5 L'arr\u00eat\u00e9 n\u00b021-1129 BAG du 28 d\u00e9cembre 2021 est abrog\u00e9.\nArticle 6 Madame la secr\u00e9taire g\u00e9n\u00e9rale pour les affaires r\u00e9gionales est charg\u00e9e  \nde l'ex\u00e9cution du pr\u00e9sent arr\u00eat\u00e9 qui sera publi\u00e9 au recueil des actes  \nadministratifs des huit pr\u00e9fectures de la r\u00e9gion et au recueil des actes  \nadministratifs de la pr\u00e9fecture de r\u00e9gion Bourgogne-Franche-Comt\u00e9.\nFait \u00e0 Dijon, le 7 f\u00e9vrier 2025\nLe Pr\u00e9fet\nSign\u00e9 :\nPaul MOURIER\nPr\u00e9fecture de la C\u00f4te-d'Or - 21-2025-02-07-00005 - ARRETE N\u00b0  25-28 BAG   PORTANT COMPOSITION DE LA COMMISSION\nREGIONALE DES AIDES DE L'AGENCE DE LA TRANSITION ECOLOGIQUE (ADEME)\nEN BOURGOGNE-FRANCHE-COMTE\n15\nPr\u00e9fecture de la C\u00f4te-d'Or\nDirection des s\u00e9curit\u00e9s\n21-2025-02-10-00002\nportant agr\u00e9ment d'un m\u00e9decin pour effectuer\nle contr\u00f4le m\u00e9dical de l'aptitude\n\u00e0 la conduite en cabinet lib\u00e9ral et en commission\nm\u00e9dicale des permis de conduire\nPr\u00e9fecture de la C\u00f4te-d'Or - 21-2025-02-10-00002 - portant agr\u00e9ment d'un m\u00e9decin pour effectuer le contr\u00f4le m\u00e9dical de l'aptitude\n\u00e0 la conduite en cabinet lib\u00e9ral et en commission m\u00e9dicale des permis de conduire 16\nExPREFETDE LACOTE-D'ORLibert\u00e9Egalit\u00e9Fraternit\u00e9\nDIRECTION DES S\u00c9CURIT\u00c9S\nBureau D\u00e9fense et S\u00e9curit\u00e9\nARR\u00caT\u00c9 PR\u00c9FECTORAL N\u00b0 00234\nportant agr\u00e9ment d'un m\u00e9decin pour effectuer le contr\u00f4le m\u00e9dical de l'aptitude\n\u00e0 la conduite en cabinet lib\u00e9ral et en commission m\u00e9dicale des permis de conduire\nVU le code de la route ;\nVU le d\u00e9cret n\u00b0 2004-374 du 29 avril 2004 relatif aux pouvoirs des pr\u00e9fets, \u00e0 l'organisation et \u00e0\nl'action des services de l'\u00c9tat dans les r\u00e9gions et d\u00e9partements ;\nVU  le  d\u00e9cret  n\u00b02012-886  du  17  juillet  2012  relatif  au  contr\u00f4le  m\u00e9dical  de  l'aptitude  \u00e0  la\nconduite ;\nVU l'arr\u00eat\u00e9 du 21 d\u00e9cembre 2005 modifi\u00e9 par l'arr\u00eat\u00e9 interminist\u00e9riel du 31 ao\u00fbt 2010 fixant la\nliste des affections incompatibles avec l'obtention ou le maintien du permis de conduire ou\npouvant donner lieu \u00e0 la d\u00e9livrance de permis de conduire de dur\u00e9e de validit\u00e9 limit\u00e9e ;\nVU l'arr\u00eat\u00e9  minist\u00e9riel  du  20  avril  2012  modifi\u00e9  fixant  les  conditions  d'\u00e9tablissement,  de\nd\u00e9livrance et de validit\u00e9 des permis de conduire ;\nVU l'arr\u00eat\u00e9 minist\u00e9riel du 31 juillet 2012 modifi\u00e9 par l es arr\u00eat\u00e9s du 30 mai 2013 et du 28 mars\n2022 relatifs \u00e0 l'organisation du contr\u00f4le m\u00e9dical de l'aptitude \u00e0 la conduite ;\nVU la circulaire du 03 ao\u00fbt 2012 relative \u00e0 l'organisation du contr\u00f4le m\u00e9dical de l'aptitude \u00e0 la\nconduite des conducteurs et des candidats aux permis de conduire ;\nVU l'arr\u00eat\u00e9 pr\u00e9fectoral n\u00b01646/SG  du 28  octobre 2024  donnant  d\u00e9l\u00e9gation  de signature \u00e0\nMme Nathalie AUBERTIN, directrice des s\u00e9curit\u00e9s ;\nVU l'attestation de suivi de formation continue du 28 janvier 2025 pr\u00e9sent\u00e9e par le docteur\nFrancis PERRIN ;\nSUR proposition  du  sous-pr\u00e9fet,  directeur  de  cabinet  du  pr\u00e9fet  de  la  r\u00e9gion  Bourgogne-\nFranche-Comt\u00e9, pr\u00e9fet de la C\u00f4te-d'Or ;\nPr\u00e9fecture de la C\u00f4te-d'Or - 53 rue de la pr\u00e9fecture \u2013 21041 DIJON Cedex\nTel 03 80 44 64 00 \u2013 mel : pref-polices-administratives@cote-dor.gouv.fr\nPr\u00e9fecture de la C\u00f4te-d'Or - 21-2025-02-10-00002 - portant agr\u00e9ment d'un m\u00e9decin pour effectuer le contr\u00f4le m\u00e9dical de l'aptitude\n\u00e0 la conduite en cabinet lib\u00e9ral et en commission m\u00e9dicale des permis de conduire 17\nARR\u00caTE\nArticle 1er :  M. Francis PERRIN, n\u00e9 le 26 d\u00e9cembre 1960 \u00e0 DIJON (21) , exer\u00e7ant \u00e0 DIJON (21000)\nest agr\u00e9\u00e9 \u00e0 compter de la date de signature du pr\u00e9sent arr\u00eat\u00e9 jusqu'au 28/01/2030,  pour\neffectuer  le  contr\u00f4le  m\u00e9dical,  en  cabinet  lib\u00e9ral  et  en  commission  m\u00e9dicale  primaire  du\nd\u00e9partement de la C\u00f4te-d'Or, de l'aptitude \u00e0 la conduite des candidats au permis de conduire\net des conducteurs de v\u00e9hicules automobiles.\nArticle 2 : L'agr\u00e9ment est abrog\u00e9 par d\u00e9cision du pr\u00e9fet dans les cas suivants : \n- en cas de sanction ordinale\n- d\u00e8s l'\u00e2ge de 75 ans\n- en cas de non respect de l'obligation de formation continue\n- pour tout autre motif\nDans ce dernier cas, le m\u00e9decin est tenu de pr\u00e9senter ses observations dans un d\u00e9lai de\nquinze  jours  suivant  r\u00e9ception  du  courrier  exposant  les  griefs  susceptibles  de  conduire  \u00e0\nl'abrogation de l'agr\u00e9ment.\nArticle    3    : Deux mois avant la fin du pr\u00e9sent agr\u00e9ment, le m\u00e9decin peut en demander le\nrenouvellement au pr\u00e9fet.\nArticle    4     :  Le sous-pr\u00e9fet, directeur de  cabinet du pr\u00e9fet de la  r\u00e9gion Bourgogne-Franche-\nComt\u00e9, pr\u00e9fet de la C\u00f4te-d'Or est charg\u00e9 de l'ex\u00e9cution du pr\u00e9sent arr\u00eat\u00e9 qui sera publi\u00e9 au\nrecueil  des  actes  administratifs  de  la  pr\u00e9fecture  de  la  C\u00f4te-d'Or  et  dont  une  copie  sera\nadress\u00e9e \u00e0 l'int\u00e9ress\u00e9 et au conseil d\u00e9partemental de l'ordre des m\u00e9decins.\nFait \u00e0 Dijon, le 10/02/2025\nLe pr\u00e9fet,\nPour le pr\u00e9fet et par d\u00e9l\u00e9gation,\nLa directrice des s\u00e9curit\u00e9s\noriginal sign\u00e9\nNathalie AUBERTIN\n \nD\u00e9lais et voies de recours\nLa pr\u00e9sente d\u00e9cision peut \u00eatre contest\u00e9e selon les voies de recours et dans les d\u00e9lais mentionn\u00e9s ci-dessous.\nDans les deux mois \u00e0 compter de la date de la publication du pr\u00e9sent arr\u00eat\u00e9 les recours suivants peuvent \u00eatre introduits :\n- un recours gracieux adress\u00e9 \u00e0 Pr\u00e9fecture de la C\u00f4te d'Or \u2013 Direction des S\u00e9curit\u00e9s \u2013 Bureau de la d\u00e9fense et de la s\u00e9curit\u00e9 \u2013 53 rue\nde la Pr\u00e9fecture \u2013 21041 Dijon Cedex\n- un recours hi\u00e9rarchique adress\u00e9 \u00e0 Monsieur le Ministre de l'Int\u00e9rieur (Secr\u00e9tariat G\u00e9n\u00e9ral - Place Beauvau \u2013 75008 PARIS).\n- un recours contentieux adress\u00e9 au Tribunal Administratif de DIJON \u2013 22 rue d'Assas B.P . 61616 \u2013 21016 Dijon cedex. \nLe  tribunal  administratif  peut  \u00eatre  saisi  par  un  recours  d\u00e9pos\u00e9  via  l'application  T\u00e9l\u00e9recours  citoyens  accessible  par  le  site  internet\nwww.t\u00e9l\u00e9recours.fr. Ce recours juridictionnel doit \u00eatre d\u00e9pos\u00e9 au plus tard avant l'expiration du 2  mois suivant la date de notification de la\u1d49\nd\u00e9cision contest\u00e9e (ou du 2  mois suivant la date de rejet du recours gracieux ou hi\u00e9rarchique).\u1d49\nPr\u00e9fecture de la C\u00f4te-d'Or - 53 rue de la pr\u00e9fecture \u2013 21041 DIJON Cedex\nTel 03 80 44 64 00 \u2013 mel : pref-polices-administratives@cote-dor.gouv.fr\nPr\u00e9fecture de la C\u00f4te-d'Or - 21-2025-02-10-00002 - portant agr\u00e9ment d'un m\u00e9decin pour effectuer le contr\u00f4le m\u00e9dical de l'aptitude\n\u00e0 la conduite en cabinet lib\u00e9ral et en commission m\u00e9dicale des permis de conduire 18","date":"2025-02-12","first_seen_on":"2025-09-14T00:23:00+00:00","id":"19473e13f044858131453f63500a59df291e6bf62e6f970b850be3fe305f1352","name":"RAA n\u00b0 026 du 12 f\u00e9vrier 2025","pdf_creation_date":"2025-02-12T15:03:25+00:00","pdf_modification_date":null,"timezone":"Europe/Paris","url":"https://www.cote-dor.gouv.fr/contenu/telechargement/22860/174497/file/recueil-21-2025-026-recueil-des-actes-administratifs-nominatifs.pdf"}
