{"administration":"ppparis","administration_name":"Pr\u00e9fecture de police de Paris","content":"PREFECTUREDE POLICEL'iberte'Egalit\u00e9Fraternit\u00e9\n\u00ab:El%\nCABINET DU PREFET\nArr\u00eat\u00e9 n\u00b0 2026-00386\nautorisant la captation, l'enregistrement et la transmission d'images au moyen de cam\u00e9ras \ninstall\u00e9es sur des a\u00e9ronefs \u00e0 l'occasion d'une manifestation \u00e0 Saint-Denis (93) le 4 avril \n2026\nLe pr\u00e9fet de police,\nVu le code de la s\u00e9curit\u00e9 int\u00e9rieure, notamment ses articles L. 242-1 \u00e0 L. \u00a0242-8 et R.\u00a0242-8 \u00e0 \nR. 242-15 ;\nVu le d\u00e9cret n\u00b0  2004-374 modifi\u00e9 du 29 avril 2004 relatif  aux pouvoirs des pr\u00e9fets,  \u00e0  \nl'organisation et \u00e0 l'action des services de l'Etat dans les r\u00e9gions et d\u00e9partements\u00a0;\nVu l'arr\u00eat\u00e9  du 19 avril 2023  relatif au nombre  maximal de  cam\u00e9ras  install\u00e9es  sur  des  \na\u00e9ronefs pouvant \u00eatre simultan\u00e9ment utilis\u00e9es dans chaque d\u00e9partement et collectivit\u00e9  \nd'outre-mer notamment son article 73\u00a0;\nVu l'instruction minist\u00e9rielle NOR IOMD2311883J du 30 avril 2023 relative \u00e0 la proc\u00e9dure  \nd'autorisation  des  cam\u00e9ras  install\u00e9es  sur  des  a\u00e9ronefs  pour  des  missions  de  police  \nadministrative\u00a0;\nVu le d\u00e9cret du 22 octobre 2025 par lequel M. Patrice FAURE, administrateur de l'\u00c9tat du  \ntroisi\u00e8me grade, directeur de cabinet du Pr\u00e9sident de la R\u00e9publique, est nomm\u00e9 pr\u00e9fet de  \npolice (groupe I), \u00e0 compter du 23 octobre 2025 ;\nVu la demande en date du 2 avril 2026 form\u00e9e par la direction de l'ordre public et de la  \ncirculation visant \u00e0 obtenir l'autorisation de capter, d'enregistrer et de transmettre des  \nimages au moyen de deux cam\u00e9ras install\u00e9es sur des a\u00e9ronefs t\u00e9l\u00e9-pilot\u00e9s afin d'assurer la  \npr\u00e9vention  des  atteintes  \u00e0  la  s\u00e9curit\u00e9  des  personnes  et  des  biens,  la  s\u00e9curit\u00e9  des  \nrassemblements et la pr\u00e9vention d'actes de terrorisme \u00e0 Saint-Denis le 4 avril 2026 ;\nConsid\u00e9rant que les dispositions du I de l'article L. 242-5 du code de la s\u00e9curit\u00e9 int\u00e9rieure  \npermettent  aux  forces  de  s\u00e9curit\u00e9  int\u00e9rieure,  dans  l'exercice  de  leurs  missions  de  \npr\u00e9vention des atteintes \u00e0 l'ordre public et de protection de la s\u00e9curit\u00e9 des personnes et  \ndes biens, de proc\u00e9der \u00e0 la captation, \u00e0 l'enregistrement et \u00e0 la transmission d'images au  \nmoyen  de  cam\u00e9ras  install\u00e9es  sur  des  a\u00e9ronefs  aux  fins  d'assurer  la  pr\u00e9vention  des  \natteintes \u00e0 la s\u00e9curit\u00e9 des personnes et des biens, la s\u00e9curit\u00e9 des rassemblements de  \npersonnes sur la voie publique ainsi que l'appui des personnels au sol, en vue de leur  \npermettre de maintenir ou de r\u00e9tablir l'ordre public lorsque ces rassemblements sont  \nsusceptibles d'entra\u00eener des troubles graves \u00e0 l'ordre public et la pr\u00e9vention d'actes de  \nterrorisme ;\nConsid\u00e9rant  qu'aura  lieu  le  samedi  4  avril  2026  devant  la  mairie  de  Saint-Denis  une  \nmanifestation afin de \u00ab  soutenir le nouveau maire M. Bally BAGAYOKO et d\u00e9noncer les  \nattaques \u00e0 caract\u00e8re raciste dont il se dit victime  \u00bb ; que cette manifestation intervient  \ndans un contexte national et international particuli\u00e8rement tendu  ; qu'il existe un risque  \ns\u00e9rieux d'affrontements avec des militants aux opinions antagonistes et que des troubles \u00e0 \nl'ordre  public  soient  commis  \u00e0  l'occasion  ou  en  marge  de  cette  manifestation  ;  qu'il \nconvient d'assurer la s\u00e9curit\u00e9 des personnes, des biens et des rassemblements ;\nConsid\u00e9rant \u00e9galement que plusieurs attentats ou tentatives d'attentats r\u00e9cents traduisent le \nniveau \u00e9lev\u00e9 de la menace terroriste actuelle en France, dans le cadre du plan VIGIPIRATE  \n\u00ab urgence attentat \u00bb en vigueur sur l'ensemble du territoire national ;\nConsid\u00e9rant que le recours \u00e0 des cam\u00e9ras a\u00e9roport\u00e9es permet de disposer d'une vision en  \ngrand angle tout en limitant l'engagement des forces au sol afin d'\u00e9viter notamment des  \nmenaces pour leur int\u00e9grit\u00e9 physique, et le cas \u00e9ch\u00e9ant, d'organiser de mani\u00e8re r\u00e9active et \nefficace leur d\u00e9ploiement op\u00e9rationnel,  notamment en cas  de mouvement de foule ou  \nd'actions  violentes  de  groupes  d'individus\u00a0;  qu'il  n'existe  pas  de  dispositif  moins  intrusif \npermettant de parvenir aux m\u00eames fins\u00a0;\nConsid\u00e9rant que la demande de la direction de l'ordre public et de la circulation porte sur  \nl'engagement de deux cam\u00e9ras a\u00e9roport\u00e9es qui pourront \u00eatre en vol simultan\u00e9ment en vue \nde  capter,  d'enregistrer  et  de  transmettre  des  images \u00a0;  que  les  aires  survol\u00e9es  sont  \nstrictement  limit\u00e9es  aux zones  o\u00f9  des  troubles  \u00e0  l'ordre  public  sont  susceptibles  de  se \nproduire\u00a0; que la dur\u00e9e de l'autorisation demand\u00e9e n'appara\u00eet pas disproportionn\u00e9e au regard \ndes finalit\u00e9s poursuivies\u00a0;\nSur proposition de la direction de l'ordre public et de la circulation,\nARRETE  \u00a0  :      \nArticle 1er \u2013 La captation, l'enregistrement et la transmission d'images par la direction de  \nl'ordre public et de la circulation sont autoris\u00e9s \u00e0 Saint-Denis le 4 avril 2026 \u00e0 l'occasion du \nrassemblement susvis\u00e9 aux titres de\u00a0:\n- la pr\u00e9vention des atteintes \u00e0 la s\u00e9curit\u00e9 des personnes et des biens\u00a0;\n- la s\u00e9curit\u00e9 des rassemblements\u00a0;\n- la pr\u00e9vention d'actes de terrorisme.\nArticle  2 \u2013 Le  nombre  maximal  de  cam\u00e9ras  pouvant  proc\u00e9der  simultan\u00e9ment  \u00e0  des  \nenregistrements est fix\u00e9 \u00e0 2 cam\u00e9ras embarqu\u00e9es sur des a\u00e9ronefs t\u00e9l\u00e9-pilot\u00e9s.\nArticle 3 \u2013 La pr\u00e9sente autorisation s'applique au p\u00e9rim\u00e8tre g\u00e9ographique figurant sur le plan \nen annexe au pr\u00e9sent arr\u00eat\u00e9.\nArticle 4 \u2013 La pr\u00e9sente autorisation est d\u00e9livr\u00e9e pour le samedi 4 avril 2026 de 13h00 \u00e0 20h00 \npour l'ensemble des finalit\u00e9s pr\u00e9cit\u00e9es.\nArticle 5 \u2013 L'information du public est assur\u00e9e par la publication de l'arr\u00eat\u00e9 aux recueils des \nactes administratifs du d\u00e9partement de Paris et de la pr\u00e9fecture de Seine-Saint-Denis, sa mise \nen ligne sur le site internet de la pr\u00e9fecture de police ainsi que par une information sur les  \nr\u00e9seaux sociaux.\n2026-00386 2\nArticle 6 \u2013 Le registre mentionn\u00e9 \u00e0 l'article L. 242-4 du code de la s\u00e9curit\u00e9 int\u00e9rieure est  \ntransmis au pr\u00e9fet de police, \u00e0 l'issue de la p\u00e9riode d'autorisation.\nArticle 7 \u2013 Le pr\u00e9fet de la Seine-Saint-Denis, le pr\u00e9fet, directeur du cabinet du pr\u00e9fet de  \npolice et le directeur de l'ordre public et de la circulation sont charg\u00e9s, chacun en ce qui le \nconcerne, de l'ex\u00e9cution du pr\u00e9sent arr\u00eat\u00e9 qui entrera en vigueur d\u00e8s son affichage aux  \nportes  de  la  pr\u00e9fecture  de  police,  sera  publi\u00e9  aux  recueils  des  actes  administratifs  du \nd\u00e9partement de Paris et de la pr\u00e9fecture de la Seine-Saint-Denis et consultable sur le site  \ninternet de la pr\u00e9fecture de police (https://www.prefecturedepolice.interieur.gouv.fr).\nFait \u00e0 Paris, le 3 avril 2026\nSIGN\u00c9\nPour le pr\u00e9fet de police\nLe pr\u00e9fet, directeur du cabinet, \nBaptiste ROLLAND\n2026-00386     3\nAnnexe de l'arr\u00eat\u00e9 n\u00b0 2026-00386 du 3 avril 2026\nVOIES ET DELAIS DE RECOURS\n_______________________\nSi vous estimez devoir contester la pr\u00e9sente autorisation, il vous est possible, dans un  \nd\u00e9lai de deux mois \u00e0 compter de la date de son affichage ou de sa publication\u00a0:\n                 - soit de saisir d'un RECOURS GRACIEUX\nle Pr\u00e9fet de Police\n7/9, boulevard du Palais - 75195 PARIS RP\n- ou de former un RECOURS HIERARCHIQUE\n  aupr\u00e8s du Ministre de l'int\u00e9rieur et des outre-mer\n  Direction des libert\u00e9s publiques et des affaires juridiques\n  place Beauvau - 75008 PARIS\n- soit de saisir d'un RECOURS CONTENTIEUX\nle Tribunal administratif comp\u00e9tent\nAucune de ces voies et recours ne suspend l'application de la pr\u00e9sente d\u00e9cision.\nLes recours GRACIEUX et HIERARCHIQUE doivent \u00eatre \u00e9crits, exposer les arguments ou  \nfaits nouveaux et comprendre la copie de la d\u00e9cision contest\u00e9e.\nLe recours contentieux, qui vise \u00e0 contester la LEGALITE de la pr\u00e9sente d\u00e9cision, doit  \n\u00e9galement \u00eatre \u00e9crit et exposer votre argumentation juridique.\nSi vous n'aviez pas de r\u00e9ponse \u00e0 votre recours GRACIEUX ou HIERARCHIQUE dans un  \nd\u00e9lai de deux mois \u00e0 compter de la r\u00e9ception de votre recours par l'administration, votre  \ndemande devra \u00eatre consid\u00e9r\u00e9e comme rejet\u00e9e (d\u00e9cision implicite de rejet).\nEn cas de rejet des RECOURS GRACIEUX ou HIERARCHIQUE, le Tribunal administratif peut \n\u00eatre saisi d'un recours contentieux dans le d\u00e9lai de deux mois \u00e0 compter de la date de la  \nd\u00e9cision de rejet.\n2026-00386 4\n|SINAG-LNIVS30ATAIVIN|INOUANY1d\n2026-00386     5","date":"2026-04-03","first_seen_on":"2026-04-05T07:23:02+00:00","id":"19bb6ad20ada85a68792dfe4bc23df050f698211b09018ee662c5f2890e4f43e","name":"Arr\u00eat\u00e9 2026-00386 autorisant la captation, l\u2019enregistrement et la transmission d\u2019images au moyen de cam\u00e9ras install\u00e9es sur des a\u00e9ronefs \u00e0 l\u2019occasion d\u2019une manifestation \u00e0 Saint-Denis (93) le 4 avril 2026 ","pdf_creation_date":"2026-04-03T12:46:58+00:00","pdf_modification_date":null,"timezone":"Europe/Paris","url":"https://www.prefecturedepolice.interieur.gouv.fr/sites/default/files/Documents/2026_00386_03042026.pdf"}
