{"administration":"pref75","administration_name":"Pr\u00e9fecture de Paris","content":"PREFECTURE\nDE PARIS\nRECUEIL DES ACTES\nADMINISTRATIFS SP\u00c9CIAL\nN\u00b075-2026-124\nPUBLI\u00c9 LE 27 F\u00c9VRIER 2026\nSommaire\nDirection r\u00e9gionale et interd\u00e9partementale de l'\u00e9conomie, de l'emploi,\ndu travail et des solidarit\u00e9s d'\u00cele-de-France / Unit\u00e9 d\u00e9partementale\nde Paris\n75-2026-02-26-00008 - D\u00e9cision relative \u00e0 l'agr\u00e9ment entreprise\nsolidaire d'utilit\u00e9 sociale (A TRAVERS FIL) (2 pages) Page 3\n75-2026-02-26-00009 - D\u00e9cision relative \u00e0 l'agr\u00e9ment entreprise\nsolidaire d'utilit\u00e9 sociale (MUTUALITE FRANCAISE ILE DE FRANCE) (2\npages) Page 6\n75-2026-02-26-00007 - D\u00e9cision relative \u00e0 l'agr\u00e9ment entreprise\nsolidaire d'utilit\u00e9 sociale (PONTS D'ACCUEIL ET D'INCLUSION) (2\npages) Page 9\n75-2026-02-26-00010 - D\u00e9cision relative \u00e0 l'agr\u00e9ment entreprise\nsolidaire d'utilit\u00e9 sociale (SUEZ RV REBOND INSERTION) (2 pages) Page 12\nPr\u00e9fecture de Police / Cabinet\n75-2026-02-27-00002 - Arr\u00eat\u00e9 2026 00248  du 27 f\u00e9vrier 2026 \nrenouvelant le p\u00e9rim\u00e8tre de protection et diff\u00e9rentes mesures de\npolice applicables \u00e0 l'occasion du proc\u00e8s en appel de l'assassinat\nde Samuel PATY (6 pages) Page 15\n75-2026-02-26-00005 - Arr\u00eat\u00e9 n\u00b02026-00245 du 26 f\u00e9vrier 2026\nmodifiant provisoirement le stationnement dans plusieurs voies \u00e0 Paris\nCentre  le 13 mars 2026 (3 pages) Page 22\n75-2026-02-27-00005 - Arr\u00eat\u00e9 n\u00b02026-00249 modifiant l'arr\u00eat\u00e9\nn\u00b02026-00216 du 20 f\u00e9vrier 2026 cr\u00e9ant une aire pi\u00e9tonne\ntemporaire dans certaines voies du 8\u00e8me arrondissement de Paris \u00e0\nl'occasion de la manifestation \u00ab\u00a0pi\u00e9tonnisation des\nChamps-\u00c9lys\u00e9es\u00a0\u00bb le 1er mars 2026 (3 pages) Page 26\nPr\u00e9fecture de Police / Direction des usagers et des polices administratives\n75-2026-02-27-00007 - Arr\u00eat\u00e9 2026-0163 du 27 f\u00e9vrier 2026\nportant\nrenouvellement d'agr\u00e9ment d'organisme pour effectuer les\nv\u00e9rifications techniques r\u00e9glementaires dans les \u00e9tablissements\nrecevant du public  (2 pages) Page 30\n75-2026-02-27-00008 - Arr\u00eat\u00e9 2026-0164 du 27 f\u00e9vrier 2026\nportant\nrenouvellement d'agr\u00e9ment d'organisme pour effectuer les\nv\u00e9rifications techniques r\u00e9glementaires dans les \u00e9tablissements\nrecevant du public \n (2 pages) Page 33\n75-2026-02-27-00009 - Arr\u00eat\u00e9 2026-0244 du 27 f\u00e9vrier 2026\nportant\nrenouvellement d'agr\u00e9ment d'organisme pour effectuer les\nv\u00e9rifications techniques r\u00e9glementaires dans les \u00e9tablissements\nrecevant du public  (2 pages) Page 36\n2\nDirection r\u00e9gionale et interd\u00e9partementale de\nl'\u00e9conomie, de l'emploi, du travail et des\nsolidarit\u00e9s d'\u00cele-de-France\n75-2026-02-26-00008\nD\u00e9cision relative \u00e0 l'agr\u00e9ment entreprise\nsolidaire d'utilit\u00e9 sociale (A TRAVERS FIL)\nDirection r\u00e9gionale et interd\u00e9partementale de l'\u00e9conomie, de l'emploi, du travail et des solidarit\u00e9s d'\u00cele-de-France -\n75-2026-02-26-00008 - D\u00e9cision relative \u00e0 l'agr\u00e9ment entreprise solidaire d'utilit\u00e9 sociale (A TRAVERS FIL) 3\nPREFET |DE LA REGIOND'\u00ceLE-DE-FRANCELibert\u00e9Egalit\u00e9Fraternit\u00e9\n Direction r\u00e9gionale et interd\u00e9partementale \nde l'\u00e9conomie, de l'emploi, \ndu travail et des solidarit\u00e9s \n \nUnit\u00e9 d\u00e9partementale de Paris \n  \n \n \n \n \nDECISION RELATIVE A  \n \nL'AGREMENT ENTREPRISE SOLIDAIRE D'UTILITE SOCIALE (ESUS)  \n \n \nVU la loi N\u00b0 2014-856 du 31 juillet 2014 relative \u00e0 l'\u00e9conomie sociale et solidaire (articles \n1, 2 et 7) \n \nVU l'article L. 3332-17-1 du Code du Travail,  \n \nVU l'accus\u00e9 de r\u00e9ception de la demande d'agr\u00e9ment au titre d'entreprise solidaire \nd'utilit\u00e9 sociale pr\u00e9sent\u00e9e par l'association \u00ab A TRAVERS FIL \u00bb en date du 29/01/2026, \n \nVU les pi\u00e8ces justificatives accompagnant la demande compl\u00e8te,  \n \n \n  \n \n \n \nDECIDE \n \n \n \n \nARTICLE 1 : L'association \u00ab A TRAVERS FIL \u00bb sise 134, rue d'Aubervilliers - 75019 Paris \n(num\u00e9ro SIREN 809 281 215 ) est agr\u00e9\u00e9e en qualit\u00e9 d' entreprise solidaire d'utilit\u00e9 \nsociale au sens de l'article L.3332-17-1 du Code du Travail. \n \n \nARTICLE 2 : Sauf modification de nature \u00e0 remettre en cause la qualit\u00e9 d'entreprise \nsolidaire en rapport avec l'article L 3332 -17-1, le pr\u00e9sent agr\u00e9ment est accord\u00e9 pour \nune dur\u00e9e de 5 ans compter de sa date de notification. \n \nDirection r\u00e9gionale et interd\u00e9partementale de l'\u00e9conomie, de l'emploi, du travail et des solidarit\u00e9s d'\u00cele-de-France -\n75-2026-02-26-00008 - D\u00e9cision relative \u00e0 l'agr\u00e9ment entreprise solidaire d'utilit\u00e9 sociale (A TRAVERS FIL) 4\nARTICLE 3 : Le pr\u00e9fet de la r\u00e9gion Ile de France, Pr\u00e9fet de Paris  et le responsable de \nl'Unit\u00e9 d\u00e9partementale de Paris \u2013 UD 75 - de la Direction r\u00e9gionale et \ninterd\u00e9partementale de l'\u00e9conomie, de l'emploi, du travail et des solidarit\u00e9s - DRIEETS \nd'Ile-de-France, sont charg\u00e9s, chacun en ce qui le concerne, de l'ex\u00e9cution de la \npr\u00e9sente d\u00e9cision qui sera publi\u00e9e au Recueil des Actes Administratifs de la pr\u00e9fecture \nde la r\u00e9gion d'Ile de France, pr\u00e9fecture de Paris, accessible sur le site internet de la \npr\u00e9fecture de la r\u00e9gion d'Ile de France, pr\u00e9fecture de Paris : www.ile-de-france.gouv.fr \n \n \nFait \u00e0 Paris, le 26 F\u00e9vrier 2026 \n \nP/Pour le pr\u00e9fet, par d\u00e9l\u00e9gation et \npar subd\u00e9l\u00e9gation du Directeur \nr\u00e9gional et interd\u00e9partemental de \nl'\u00e9conomie, de l'emploi, du travail \net des solidarit\u00e9s d'Ile de France, \n \nLa Directrice du P\u00f4le entreprises, \nemploi et solidarit\u00e9s  \n \nSign\u00e9 \n \nMarie MARCENA \n \n \n \nVoies et d\u00e9lais de recours  : La pr\u00e9sente d\u00e9cision peut faire l'objet, dans un d\u00e9lai de deux mois \u00e0 \ncompter de sa notification, d'un recours gracieux devant le Responsable de l'Unit\u00e9 \nD\u00e9partementale de Paris (35 rue de la Gare \u2013 CS60003 \u2013 75144 Paris cedex 19), d'un recours \nhi\u00e9rarchique devant le Ministre (Minist\u00e8re du Travail, 127 rue de Grenelle 75007 PARIS 07), d'un \nrecours contentieux devant le tribunal administratif de Paris (7 rue de Jouy \u2013 75181 Paris cedex \n04). Ces recours ne sont pas suspensifs. \nDirection r\u00e9gionale et interd\u00e9partementale de l'\u00e9conomie, de l'emploi, du travail et des solidarit\u00e9s d'\u00cele-de-France -\n75-2026-02-26-00008 - D\u00e9cision relative \u00e0 l'agr\u00e9ment entreprise solidaire d'utilit\u00e9 sociale (A TRAVERS FIL) 5\nDirection r\u00e9gionale et interd\u00e9partementale de\nl'\u00e9conomie, de l'emploi, du travail et des\nsolidarit\u00e9s d'\u00cele-de-France\n75-2026-02-26-00009\nD\u00e9cision relative \u00e0 l'agr\u00e9ment entreprise\nsolidaire d'utilit\u00e9 sociale (MUTUALITE FRANCAISE\nILE DE FRANCE)\nDirection r\u00e9gionale et interd\u00e9partementale de l'\u00e9conomie, de l'emploi, du travail et des solidarit\u00e9s d'\u00cele-de-France -\n75-2026-02-26-00009 - D\u00e9cision relative \u00e0 l'agr\u00e9ment entreprise solidaire d'utilit\u00e9 sociale (MUTUALITE FRANCAISE ILE DE FRANCE) 6\nPREFET |DE LA REGIOND'\u00ceLE-DE-FRANCELibert\u00e9Egalit\u00e9Fraternit\u00e9\n Direction r\u00e9gionale et interd\u00e9partementale \nde l'\u00e9conomie, de l'emploi, \ndu travail et des solidarit\u00e9s \n \nUnit\u00e9 d\u00e9partementale de Paris \n  \n \n \n \n \nDECISION RELATIVE A  \n \nL'AGREMENT ENTREPRISE SOLIDAIRE D'UTILITE SOCIALE (ESUS)  \n \n \nVU la loi N\u00b0 2014-856 du 31 juillet 2014 relative \u00e0 l'\u00e9conomie sociale et solidaire (articles \n1, 2 et 7) \n \nVU l'article L. 3332-17-1 du Code du Travail,  \n \nVU l'accus\u00e9 de r\u00e9ception de la demande d'agr\u00e9ment au titre d'entreprise solidaire \nd'utilit\u00e9 sociale pr\u00e9sent\u00e9e par la mutuelle \u00ab MUTUALITE FRANCAISE ILE DE FRANCE  \u00bb \nen date du 21/01/2026, \n \nVU les pi\u00e8ces justificatives accompagnant la demande compl\u00e8te,  \n \n \n  \n \n \n \nDECIDE \n \n \n \n \nARTICLE 1 : La mutuelle \u00ab MUTUALITE FRANCAISE ILE DE FRANCE  \u00bb sise 255, rue de \nVaugirard \u2013 TSA 61685 \u2013 75901 Paris Cedex 15 (num\u00e9ro SIREN 518 102 975) est agr\u00e9\u00e9e \nen qualit\u00e9 d' entreprise solidaire d'utilit\u00e9 sociale au sens de l'article  L.3332-17-1 du \nCode du Travail. \n \n \nARTICLE 2 : Sauf modification de nature \u00e0 remettre en cause la qualit\u00e9 d'entreprise \nsolidaire en rapport avec l'article L 3332 -17-1, le pr\u00e9sent agr\u00e9ment est accord\u00e9 pour \nune dur\u00e9e de cinq ans compter de sa date de notification. \nDirection r\u00e9gionale et interd\u00e9partementale de l'\u00e9conomie, de l'emploi, du travail et des solidarit\u00e9s d'\u00cele-de-France -\n75-2026-02-26-00009 - D\u00e9cision relative \u00e0 l'agr\u00e9ment entreprise solidaire d'utilit\u00e9 sociale (MUTUALITE FRANCAISE ILE DE FRANCE) 7\n \nARTICLE 3 : Le pr\u00e9fet de la r\u00e9gion Ile de France, Pr\u00e9fet de Paris  et le responsable de \nl'Unit\u00e9 d\u00e9partementale de Paris \u2013 UD 75 - de la Direction r\u00e9gionale et \ninterd\u00e9partementale de l'\u00e9conomie, de l'emploi, du travail et des solidarit\u00e9s - DRIEETS \nd'Ile-de-France, sont charg\u00e9s, chacun en ce qui le concerne, de l'ex\u00e9cution de la \npr\u00e9sente d\u00e9cision qui sera publi\u00e9e au Recueil des Actes Administratifs de la pr\u00e9fecture \nde la r\u00e9gion d'Ile de France, pr\u00e9fecture de Paris, accessible sur le site internet de la \npr\u00e9fecture de la r\u00e9gion d'Ile de France, pr\u00e9fecture de Paris : www.ile-de-france.gouv.fr \n \n \nFait \u00e0 Paris, le 26 F\u00e9vrier 2026 \n \nP/Pour le pr\u00e9fet, par d\u00e9l\u00e9gation et \npar subd\u00e9l\u00e9gation du Directeur \nr\u00e9gional et interd\u00e9partemental de \nl'\u00e9conomie, de l'emploi, du travail \net des solidarit\u00e9s d'Ile de France, \n \nLa Directrice du P\u00f4le entreprises, \nemploi et solidarit\u00e9s  \n \nSign\u00e9 \n \nMarie MARCENA \n \n \n \nVoies et d\u00e9lais de recours : La pr\u00e9sente d\u00e9cision peut faire l'objet, dans un d\u00e9lai de deux mois \u00e0 \ncompter de sa notification, d'un recours gracieux devant le Responsable de l'Unit\u00e9 \nD\u00e9partementale de Paris (35 rue de la Gare \u2013 CS60003 \u2013 75144 Paris cedex 19), d'un recours \nhi\u00e9rarchique devant le Ministre (Minist\u00e8re du Travail, 127 rue de Grenelle 75007 PARIS 07), d'un \nrecours contentieux devant le tribunal administratif de Paris (7 rue de Jouy \u2013 75181 Paris cedex \n04). Ces recours ne sont pas suspensifs. \nDirection r\u00e9gionale et interd\u00e9partementale de l'\u00e9conomie, de l'emploi, du travail et des solidarit\u00e9s d'\u00cele-de-France -\n75-2026-02-26-00009 - D\u00e9cision relative \u00e0 l'agr\u00e9ment entreprise solidaire d'utilit\u00e9 sociale (MUTUALITE FRANCAISE ILE DE FRANCE) 8\nDirection r\u00e9gionale et interd\u00e9partementale de\nl'\u00e9conomie, de l'emploi, du travail et des\nsolidarit\u00e9s d'\u00cele-de-France\n75-2026-02-26-00007\nD\u00e9cision relative \u00e0 l'agr\u00e9ment entreprise\nsolidaire d'utilit\u00e9 sociale (PONTS D'ACCUEIL ET\nD'INCLUSION)\nDirection r\u00e9gionale et interd\u00e9partementale de l'\u00e9conomie, de l'emploi, du travail et des solidarit\u00e9s d'\u00cele-de-France -\n75-2026-02-26-00007 - D\u00e9cision relative \u00e0 l'agr\u00e9ment entreprise solidaire d'utilit\u00e9 sociale (PONTS D'ACCUEIL ET D'INCLUSION) 9\nPREFET |DE LA REGIOND'\u00ceLE-DE-FRANCELibert\u00e9Egalit\u00e9Fraternit\u00e9\n Direction r\u00e9gionale et interd\u00e9partementale \nde l'\u00e9conomie, de l'emploi, \ndu travail et des solidarit\u00e9s \n \nUnit\u00e9 d\u00e9partementale de Paris \n  \n \n \n \n \nDECISION RELATIVE A  \n \nL'AGREMENT ENTREPRISE SOLIDAIRE D'UTILITE SOCIALE (ESUS)  \n \n \nVU la loi N\u00b0 2014-856 du 31 juillet 2014 relative \u00e0 l'\u00e9conomie sociale et solidaire (articles \n1, 2 et 7) \n \nVU l'article L. 3332-17-1 du Code du Travail,  \n \nVU l'accus\u00e9 de r\u00e9ception de la demande d'agr\u00e9ment au titre d'entreprise solidaire \nd'utilit\u00e9 sociale pr\u00e9sent\u00e9e par l'association \u00ab PONTS D'ACCUEIL ET D'INCLUSION  \u00bb en \ndate du 19/09/2025, \n \nVU les pi\u00e8ces justificatives accompagnant la demande compl\u00e8te,  \n \n \n  \n \n \n \nDECIDE \n \n \n \n \nARTICLE 1 : L'association \u00ab PONTS D'ACCUEIL ET D'INCLUSION \u00bb  sise 153, rue \nCardinet - 75017 Paris (num\u00e9ro SIREN 943 628 214 \u2013 Code APE : 87.90A) est agr\u00e9\u00e9e en \nqualit\u00e9 d'entreprise solidaire d'utilit\u00e9 sociale au sens de l'article L.3332-17-1 du Code \ndu Travail. \n \n \nARTICLE 2 : Sauf modification de nature \u00e0 remettre en cause la qualit\u00e9 d'entreprise \nsolidaire en rapport avec l'article L 3332 -17-1, le pr\u00e9sent agr\u00e9ment est accord\u00e9 pour \nune dur\u00e9e de deux ans compter de sa date de notification. \nDirection r\u00e9gionale et interd\u00e9partementale de l'\u00e9conomie, de l'emploi, du travail et des solidarit\u00e9s d'\u00cele-de-France -\n75-2026-02-26-00007 - D\u00e9cision relative \u00e0 l'agr\u00e9ment entreprise solidaire d'utilit\u00e9 sociale (PONTS D'ACCUEIL ET D'INCLUSION) 10\n \nARTICLE 3 : Le pr\u00e9fet de la r\u00e9gion Ile de France, Pr\u00e9fet de Paris  et le responsable de \nl'Unit\u00e9 d\u00e9partementale de Paris \u2013 UD 75 - de la Direction r\u00e9gionale et \ninterd\u00e9partementale de l'\u00e9conomie, de l'emploi, du travail et des solidarit\u00e9s - DRIEETS \nd'Ile-de-France, sont charg\u00e9s, chacun en ce qui le concerne, de l'ex\u00e9cution de la \npr\u00e9sente d\u00e9cision qui sera publi\u00e9e au Recueil des Actes Administratifs de la pr\u00e9fecture \nde la r\u00e9gion d'Ile de France, pr\u00e9fecture de Paris, accessible sur le site internet de la \npr\u00e9fecture de la r\u00e9gion d'Ile de France, pr\u00e9fecture de Paris : www.ile-de-france.gouv.fr \n \n \nFait \u00e0 Paris, le 26 f\u00e9vrier 2026 \n \nP/Pour le pr\u00e9fet, par d\u00e9l\u00e9gation et \npar subd\u00e9l\u00e9gation du Directeur \nr\u00e9gional et interd\u00e9partemental de \nl'\u00e9conomie, de l'emploi, du travail \net des solidarit\u00e9s d'Ile de France, \n \nLa Directrice du P\u00f4le entreprises, \nemploi et solidarit\u00e9s  \n \nSign\u00e9 \n \nMarie MARCENA \n \n \n \nVoies et d\u00e9lais de recours  : La pr\u00e9sente d\u00e9cision peut faire l'objet, dans un d\u00e9lai de deux mois \u00e0 \ncompter de sa notification, d'un recours gracieux devant le Responsable de l'Unit\u00e9 \nD\u00e9partementale de Paris (35 rue de la Gare \u2013 CS60003 \u2013 75144 Paris cedex 19), d'un recours \nhi\u00e9rarchique devant le Ministre (Minist\u00e8re du Travail, 127 rue de Grenelle 75007 PARIS 07), d'un \nrecours contentieux devant le tribunal administratif de Paris (7 rue de Jouy \u2013 75181 Paris cedex \n04). Ces recours ne sont pas suspensifs. \nDirection r\u00e9gionale et interd\u00e9partementale de l'\u00e9conomie, de l'emploi, du travail et des solidarit\u00e9s d'\u00cele-de-France -\n75-2026-02-26-00007 - D\u00e9cision relative \u00e0 l'agr\u00e9ment entreprise solidaire d'utilit\u00e9 sociale (PONTS D'ACCUEIL ET D'INCLUSION) 11\nDirection r\u00e9gionale et interd\u00e9partementale de\nl'\u00e9conomie, de l'emploi, du travail et des\nsolidarit\u00e9s d'\u00cele-de-France\n75-2026-02-26-00010\nD\u00e9cision relative \u00e0 l'agr\u00e9ment entreprise\nsolidaire d'utilit\u00e9 sociale (SUEZ RV REBOND\nINSERTION)\nDirection r\u00e9gionale et interd\u00e9partementale de l'\u00e9conomie, de l'emploi, du travail et des solidarit\u00e9s d'\u00cele-de-France -\n75-2026-02-26-00010 - D\u00e9cision relative \u00e0 l'agr\u00e9ment entreprise solidaire d'utilit\u00e9 sociale (SUEZ RV REBOND INSERTION) 12\nPREFET |DE LA REGIOND'\u00ceLE-DE-FRANCELibert\u00e9Egalit\u00e9Fraternit\u00e9\n Direction r\u00e9gionale et interd\u00e9partementale \nde l'\u00e9conomie, de l'emploi, \ndu travail et des solidarit\u00e9s \n \nUnit\u00e9 d\u00e9partementale de Paris \n  \n \n \n \n \nDECISION RELATIVE A  \n \nL'AGREMENT ENTREPRISE SOLIDAIRE D'UTILITE SOCIALE (ESUS)  \n \n \nVU la loi N\u00b0 2014-856 du 31 juillet 2014 relative \u00e0 l'\u00e9conomie sociale et solidaire (articles \n1, 2 et 7) \n \nVU l'article L. 3332-17-1 du Code du Travail,  \n \nVU l'accus\u00e9 de r\u00e9ception de la demande d'agr\u00e9ment au titre d'entreprise solidaire \nd'utilit\u00e9 sociale pr\u00e9sent\u00e9e par la soci\u00e9t\u00e9 \u00ab SUEZ RV REBOND INSERTION  \u00bb en date du \n26/01/2026, \n \nVU les pi\u00e8ces justificatives accompagnant la demande compl\u00e8te,  \n \n \n  \n \n \n \nDECIDE \n \n \n \n \nARTICLE 1 : La soci\u00e9t\u00e9 \u00ab SUEZ RV REBOND INSERTION  \u00bb sise 3, rue Rouvet - 75019 \nParis (num\u00e9ro SIREN 443 304 134  \u2013 Code APE  : 88.99B) est agr\u00e9\u00e9e en qualit\u00e9 \nd'entreprise solidaire d'utilit\u00e9 sociale au sens de l'article  L.3332-17-1 du Code du \nTravail. \n \n \nARTICLE 2 : Sauf modification de nature \u00e0 remettre en cause la qualit\u00e9 d'entreprise \nsolidaire en rapport avec l'article L 3332 -17-1, le pr\u00e9sent agr\u00e9ment est accord\u00e9 pour \nune dur\u00e9e de cinq ans compter de sa date de notification. \nDirection r\u00e9gionale et interd\u00e9partementale de l'\u00e9conomie, de l'emploi, du travail et des solidarit\u00e9s d'\u00cele-de-France -\n75-2026-02-26-00010 - D\u00e9cision relative \u00e0 l'agr\u00e9ment entreprise solidaire d'utilit\u00e9 sociale (SUEZ RV REBOND INSERTION) 13\n \nARTICLE 3 : Le pr\u00e9fet de la r\u00e9gion Ile de France, Pr\u00e9fet de Paris  et le responsable de \nl'Unit\u00e9 d\u00e9partementale de Paris \u2013 UD 75 - de la Direction r\u00e9gionale et \ninterd\u00e9partementale de l'\u00e9conomie, de l'emploi, du travail et des solidarit\u00e9s - DRIEETS \nd'Ile-de-France, sont charg\u00e9s, chacun en ce qui le concerne, de l'ex\u00e9cution de la \npr\u00e9sente d\u00e9cision qui sera publi\u00e9e au Recueil des Actes Administratifs de la pr\u00e9fecture \nde la r\u00e9gion d'Ile de France, pr\u00e9fecture de Paris, accessible sur le site internet de la \npr\u00e9fecture de la r\u00e9gion d'Ile de France, pr\u00e9fecture de Paris : www.ile-de-france.gouv.fr \n \n \nFait \u00e0 Paris, le 26 F\u00e9vrier 2026 \n \nP/Pour le pr\u00e9fet, par d\u00e9l\u00e9gation et \npar subd\u00e9l\u00e9gation du Directeur \nr\u00e9gional et interd\u00e9partemental de \nl'\u00e9conomie, de l'emploi, du travail \net des solidarit\u00e9s d'Ile de France, \n \nLa Directrice du P\u00f4le entreprises, \nemploi et solidarit\u00e9s  \n \nSign\u00e9 \n \nMarie MARCENA \n \n \n \nVoies et d\u00e9lais de recours  : La pr\u00e9sente d\u00e9cision peut faire l'objet, dans un d\u00e9lai de deux mois \u00e0 \ncompter de sa notification, d'un recours gracieux devant le Responsable de l'Unit\u00e9 \nD\u00e9partementale de Paris (35 rue de la Gare \u2013 CS60003 \u2013 75144 Paris cedex 19), d'un recours \nhi\u00e9rarchique devant le Ministre (Minist\u00e8re du Travail, 127 rue de Grenelle 75007 PARIS 07), d'un \nrecours contentieux devant le tribunal administratif de Paris (7 rue de Jouy \u2013 75181 Paris cedex \n04). Ces recours ne sont pas suspensifs. \nDirection r\u00e9gionale et interd\u00e9partementale de l'\u00e9conomie, de l'emploi, du travail et des solidarit\u00e9s d'\u00cele-de-France -\n75-2026-02-26-00010 - D\u00e9cision relative \u00e0 l'agr\u00e9ment entreprise solidaire d'utilit\u00e9 sociale (SUEZ RV REBOND INSERTION) 14\nPr\u00e9fecture de Police\n75-2026-02-27-00002\nArr\u00eat\u00e9 2026 00248  du 27 f\u00e9vrier 2026 \nrenouvelant le p\u00e9rim\u00e8tre de protection et\ndiff\u00e9rentes mesures de police applicables \u00e0\nl'occasion du proc\u00e8s en appel de l'assassinat de\nSamuel PATY\nPr\u00e9fecture de Police - 75-2026-02-27-00002 - Arr\u00eat\u00e9 2026 00248  du 27 f\u00e9vrier 2026  renouvelant le p\u00e9rim\u00e8tre de protection et\ndiff\u00e9rentes mesures de police applicables \u00e0 l'occasion du proc\u00e8s en appel de l'assassinat de Samuel PATY 15\n!4//fh\nWallll(a)\nhCD)salUnpiTT]CAL|CAR\n1\n \nCABINET DU PREFET  \n \n \n \n \n \n \nArr\u00eat\u00e9 n\u00b02026-00248 \nrenouvelant le p\u00e9rim\u00e8tre de protection et diff\u00e9rentes mesures de police applicables \u00e0 \nl'occasion du proc\u00e8s en appel de l'assassinat de Samuel PATY  \n \n \nLe pr\u00e9fet de police, \n \nVu le code g\u00e9n\u00e9ral des collectivit\u00e9s territoriales, notamment ses articles L. 2512-13 et \nL. 2512-14  ; \n \nVu le code p\u00e9nal ; \n \nVu le code de proc\u00e9dure p\u00e9nale  ; \n \nVu le code de la route, notamment son article L. 411-2 ; \n \nVu le code rural et de la p\u00eache maritime, notamment ses articles L. 211-11 et suivants  ; \n \nVu code de la s\u00e9curit\u00e9 int\u00e9rieure, notamment ses articles L. 122-1 et L. 226-1 ; \n \nVu le d\u00e9cret n\u00b0 2004-374 du 29 avril 2004 modifi\u00e9 relatif aux pouvoirs des pr\u00e9fets, \u00e0 \nl'organisation et \u00e0 l'action des services de l'Etat dans les r\u00e9gions et d\u00e9partements, \nnotamment son article 72  ; \n \nVu l'arr\u00eat\u00e9 pr\u00e9fectoral n\u00b0 2017-00801 du 24 juillet 2017 relatif aux sites \u00e9nonc\u00e9s au II de \nl'article L. 2512-14 du code g\u00e9n\u00e9ral des collectivit\u00e9s territoriales  ; \n \nVu l'arr\u00eat\u00e9 n\u00b0 2026-00096 du 22 janvier 2026 instituant un p\u00e9rim\u00e8tre de protection et \ndiff\u00e9rentes mesures de police applicables \u00e0 l'occasion du  proc\u00e8s en appel de l'assassinat \nde Samuel PATY ; \n \nVu le d\u00e9cret du 22 octobre 2025 par lequel M. Patrice FAURE, administrateur de l'\u00c9tat du \ntroisi\u00e8me grade, directeur de cabinet du Pr\u00e9sident de la R\u00e9publique, est nomm\u00e9 pr\u00e9fet de \npolice (groupe I), \u00e0 compter du 23 octobre 2025 ; \n \nConsid\u00e9rant que, en application des articles L. 122-1 du code de la s\u00e9curit\u00e9 int\u00e9rieure et 72 \ndu d\u00e9cret du 29 avril 2004 susvis\u00e9, le pr\u00e9fet de police a la charge \u00e0 Paris, de l'ordre public, \nnotamment la pr\u00e9vention des atteintes \u00e0 la s\u00e9curit\u00e9 des personnes et des biens  ; \n \nConsid\u00e9rant que, en application de l'article L. 226-1 du code de la s\u00e9curit\u00e9 int\u00e9rieure, le \npr\u00e9fet de police peut, en vue d'assurer la s\u00e9curit\u00e9 d'un lieu ou d'un \u00e9v\u00e9nement expos\u00e9 \u00e0 \nun risque d'actes de terrorisme \u00e0 raison de sa nature et de l'ampleur de sa fr\u00e9quentation, \ninstituer par arr\u00eat\u00e9 motiv\u00e9 un p\u00e9rim\u00e8tre de protection au sein duquel l'acc\u00e8s et la \ncirculation des personnes sont r\u00e9glement\u00e9s  ; que cet arr\u00eat\u00e9 peut autoriser les agents \nmentionn\u00e9s aux 2\u00b0 \u00e0 4\u00b0 de l'article 16 du code de proc\u00e9dure p\u00e9nale et, sous la \nresponsabilit\u00e9 de ces agents, ceux mentionn\u00e9s \u00e0 l'article 20 et aux 1\u00b0, 1\u00b0bis et 1\u00b0ter de \nl'article 21 du m\u00eame code \u00e0 proc\u00e9der, au sein du p\u00e9rim\u00e8tre de protection, avec le \nPr\u00e9fecture de Police - 75-2026-02-27-00002 - Arr\u00eat\u00e9 2026 00248  du 27 f\u00e9vrier 2026  renouvelant le p\u00e9rim\u00e8tre de protection et\ndiff\u00e9rentes mesures de police applicables \u00e0 l'occasion du proc\u00e8s en appel de l'assassinat de Samuel PATY 16\n2\n \n2026-00248 \nconsentement des personnes faisant l'objet de ces v\u00e9rifications, \u00e0 des palpations de \ns\u00e9curit\u00e9, \u00e0 l'inspection visuelle et \u00e0 la fouille des bagages, ainsi qu'\u00e0 la visite des v\u00e9hicules \nsusceptibles de p\u00e9n\u00e9trer au sein de ce p\u00e9rim\u00e8tre  ; \n \nConsid\u00e9rant que par un arr\u00eat\u00e9 pr\u00e9fectoral n\u00b02026-00096 du 22 janvier 2026 un p\u00e9rim\u00e8tre \nde protection et diff\u00e9rentes mesures de police ont \u00e9t\u00e9 institu\u00e9s du 26 janvier 2026 \njusqu'au 27 f\u00e9vrier 2026 inclus, \u00e0 l'occasion du proc\u00e8s en appel de l'assassinat de Samuel \nPATY devant la cour d'assises d'appel sp\u00e9ciale de Paris, situ\u00e9e 10 boulevard du Palais \u00e0 \nParis-Centre ; que dans le cadre de ce proc\u00e8s, des audiences suppl\u00e9mentaires sont \npr\u00e9vues le samedi 28 f\u00e9vrier 2026 ainsi que le lundi 2 mars 2026 ; que dans le contexte \nactuel de menace tr\u00e8s \u00e9lev\u00e9e, la tenue de ce proc\u00e8s est susceptible de constituer une \ncible privil\u00e9gi\u00e9e et symbolique pour des actes de nature terroriste  ;\n qu'il est d\u00e8s lors \nn\u00e9cessaire de renouveler les mesures pr\u00e9vues \u00e0 l'article L. 226-1 du code de la s\u00e9curit\u00e9 \nint\u00e9rieure, initialement institu\u00e9es par l'arr\u00eat\u00e9 n\u00b0 2026-00096 du 22 janvier 2026 susvis\u00e9  ; \n \nConsid\u00e9rant en effet que plusieurs attentats ou tentatives d'attentats r\u00e9cents traduisent \nle niveau \u00e9lev\u00e9 de la menace terroriste actuelle en France dans le cadre du plan \nVIGIPIRATE \u00ab  urgence attentat  \u00bb en vigueur sur l'ensemble du territoire national depuis le \n24 mars 2024  ; \n \nConsid\u00e9rant qu'il appartient \u00e0 l'autorit\u00e9 de police comp\u00e9tente de prendre les mesures \nadapt\u00e9es, n\u00e9cessaires et proportionn\u00e9es visant \u00e0 garantir la s\u00e9curit\u00e9 des personnes et des \nbiens ainsi que le bon d\u00e9roulement du proc\u00e8s  ; que des mesures renouvelant le p\u00e9rim\u00e8tre \nde protection dans le secteur de l'Ile de la Cit\u00e9 \u00e0 Paris-Centre, applicables du 28 f\u00e9vrier \n2026 au lundi 2 mars 2026 inclus pendant les jours d'audience, r\u00e9pondent \u00e0 ces objectifs  ; \n \n \nARRETE  : \n \nTITRE PREMIER \nRENOUVELLEMENT DU PERIMETRE DE PROTECTION   \n \nArticle 1 er  \u2013 Le p\u00e9rim\u00e8tre de protection au sein duquel l'acc\u00e8s et la circulation des \npersonnes sont r\u00e9glement\u00e9s uniquement les jours d'audience \u00e0 compter de 07h00 et \njusqu'\u00e0 22h00 est renouvel\u00e9 du samedi 28 f\u00e9vrier 2026 au lundi 2 mars 2026 inclus dans les \nconditions fix\u00e9es par le pr\u00e9sent arr\u00eat\u00e9. \n \nArticle 2 \u2013 Le p\u00e9rim\u00e8tre de protection est d\u00e9limit\u00e9 par les voies suivantes  : \n\u2212 boulevard du Palais compris c\u00f4t\u00e9 pair, trottoir uniquement  ; \n\u2212 quai des Orf\u00e8vres non compris, entre le boulevard du Palais et la rue de Harlay  ; \n\u2212 rue de Harlay non comprise  ; \n\u2212 quai de l'Horloge non compris, entre la rue de Harlay et le boulevard du Palais . \n \nArticle 3  \u2013 L'acc\u00e8s au p\u00e9rim\u00e8tre de protection s'effectue par les points de filtrage \nmentionn\u00e9s ci-apr\u00e8s  : \n\u2212 \u00e0 l'angle du boulevard du Palais et du quai de l'Horloge  ; \n\u2212 \u00e0 l'angle du boulevard du Palais et quai des Orf\u00e8vres. \n \n \nPr\u00e9fecture de Police - 75-2026-02-27-00002 - Arr\u00eat\u00e9 2026 00248  du 27 f\u00e9vrier 2026  renouvelant le p\u00e9rim\u00e8tre de protection et\ndiff\u00e9rentes mesures de police applicables \u00e0 l'occasion du proc\u00e8s en appel de l'assassinat de Samuel PATY 17\n3\n \n2026-00248 \n \nTITRE II \nMESURES DE POLICE APPLICABLES A L 'INTERIEUR DU PERIMETRE DE PROTECTION  \n \n \nArticle 4  \u2013 Dans le p\u00e9rim\u00e8tre et durant la p\u00e9riode mentionn\u00e9s par l'article 1 \ner , les mesures \nsuivantes sont applicables  : \n \n1\u00b0 Mesures applicables aux usagers de la voie publique  : \n \na) Sont interdits  : \n- tout rassemblement de nature revendicative  ; \n- le port, le transport et l'utilisation des artifices de divertissement, des articles \npyrotechniques, des armes \u00e0 feu, y compris factices, et des munitions, ainsi que de \ntous objets susceptibles de constituer une arme au sens de l'article 132-75 du code \np\u00e9nal ou pouvant servir de projectile pr\u00e9sentant un danger pour la s\u00e9curit\u00e9 des \npersonnes et des biens  ; \n- l'acc\u00e8s des animaux dangereux au sens des articles L. 211-11 et suivants du code \nrural et de la p\u00eache maritime, en particulier les chiens des 1 \n\u00e8re  et 2 \u00e8me  cat\u00e9gories . \n \nb) Pour acc\u00e9der au p\u00e9rim\u00e8tre mentionn\u00e9 \u00e0 l'article 1 er  ou y circuler, les personnes ont \nl'obligation de se soumettre, \u00e0 la demande des agents autoris\u00e9s par le pr\u00e9sent arr\u00eat\u00e9 \u00e0 \nproc\u00e9der \u00e0 ces v\u00e9rifications, \u00e0 des palpations de s\u00e9curit\u00e9, \u00e0 l'inspection visuelle et \u00e0 la \nfouille des bagages ainsi qu'\u00e0 la visite de leur v\u00e9hicule  ; \n \nc) Les personnes qui, pour des raisons personnelles, professionnelles ou familiales, doivent \nacc\u00e9der \u00e0 l'int\u00e9rieur du p\u00e9rim\u00e8tre de protection et y circuler sont invit\u00e9es \u00e0 se signaler \naupr\u00e8s de l'autorit\u00e9 de police sur place afin de pouvoir faire l'objet d'une mesure de \nfiltrage adapt\u00e9e  ; \n \n \n2\u00b0 Mesures autorisant les personnels charg\u00e9s de la s\u00e9curit\u00e9 \u00e0 proc\u00e9der aux v\u00e9rifications  : \n-  les officiers de police judiciaire mentionn\u00e9s aux 2\u00b0 \u00e0 4\u00b0 de l'article 16 du code de \nproc\u00e9dure p\u00e9nale et, sous leur responsabilit\u00e9, les agents de police judiciaire mentionn\u00e9s \u00e0 \nl'article 20 du m\u00eame code, ainsi que les agents de police judiciaire adjoints mentionn\u00e9s \naux 1\u00b0, 1\u00b0 bis et 1\u00b0 ter de l'article 21 du m\u00eame code, sont autoris\u00e9s \u00e0 proc\u00e9der, avec le \nconsentement des personnes faisant l'objet de ces v\u00e9rifications, \u00e0 des palpations de \ns\u00e9curit\u00e9, \u00e0 l'inspection visuelle des bagages et \u00e0 leur fouille, ainsi qu'\u00e0 la visite des \nv\u00e9hicules . \n \nArticle 5  - Sans pr\u00e9judice des sanctions p\u00e9nales auxquelles s'exposent les personnes en \ninfraction avec les dispositions du pr\u00e9sent titre, celles qui refusent de se soumettre \u00e0 \nl'inspection visuelle de leurs bagages \u00e0 main, \u00e0 leur fouille, \u00e0 des palpations de s\u00e9curit\u00e9 ou \n\u00e0 la visite de leur v\u00e9hicule peuvent se voir interdire l'acc\u00e8s au p\u00e9rim\u00e8tre renouvel\u00e9 par le \ntitre 1 \ner  ou \u00eatre conduites \u00e0 l'ext\u00e9rieur de celui-ci. \n \n \nTITRE III \nDISPOSITIONS FINALES  \n \n \n \nPr\u00e9fecture de Police - 75-2026-02-27-00002 - Arr\u00eat\u00e9 2026 00248  du 27 f\u00e9vrier 2026  renouvelant le p\u00e9rim\u00e8tre de protection et\ndiff\u00e9rentes mesures de police applicables \u00e0 l'occasion du proc\u00e8s en appel de l'assassinat de Samuel PATY 18\n4\n \n2026-00248 \nArticle 6  - Les mesures pr\u00e9vues par le pr\u00e9sent arr\u00eat\u00e9 peuvent \u00eatre lev\u00e9es et r\u00e9tablies sur \nd\u00e9cision du repr\u00e9sentant sur place de l'autorit\u00e9 de police, en fonction de l'\u00e9volution de la \nsituation. \n \nArticle 7  \u2013 Le pr\u00e9fet, directeur du cabinet du pr\u00e9fet de police, le directeur de l'ordre \npublic et de la circulation et le directeur de la s\u00e9curit\u00e9 de proximit\u00e9 de l'agglom\u00e9ration \nparisienne sont charg\u00e9s, chacun en ce qui le concerne, de l'ex\u00e9cution du pr\u00e9sent arr\u00eat\u00e9 \nqui entrera en vigueur d\u00e8s son affichage aux portes de la pr\u00e9fecture de police, sera publi\u00e9 \nau recueil des actes administratifs du d\u00e9partement de Paris, consultable sur le site internet \nde la pr\u00e9fecture de police ( \nhttps://www.prefecturedepolice.interieur.gouv.fr ), transmis \u00e0 la \nprocureure de la R\u00e9publique pr\u00e8s le tribunal judiciaire de Paris et communiqu\u00e9 \u00e0 la maire \nde Paris. \n \n \nFait \u00e0 Paris, le 27 f\u00e9vrier 2026 \n \n \nSIGNE \nPour le pr\u00e9fet de police \nLe pr\u00e9fet, directeur de cabinet \nBaptiste ROLLAND \nPr\u00e9fecture de Police - 75-2026-02-27-00002 - Arr\u00eat\u00e9 2026 00248  du 27 f\u00e9vrier 2026  renouvelant le p\u00e9rim\u00e8tre de protection et\ndiff\u00e9rentes mesures de police applicables \u00e0 l'occasion du proc\u00e8s en appel de l'assassinat de Samuel PATY 19\n5\n \n \nAnnexe de l'arr\u00eat\u00e9 n\u00b02026-00248 du 27 f\u00e9vrier 2026  \n \n \n \nVOIES ET DELAIS DE RECOURS  \n_______________________ \n \n \n \nSi vous estimez devoir contester le pr\u00e9sent arr\u00eat\u00e9, il vous est possible, \ndans un d\u00e9lai de deux mois \u00e0 compter de la date de son affichage ou de sa \npublication : \n \n \n- soit de saisir d'un RECOURS GRACIEUX \nle Pr\u00e9fet de Police \n7/9, boulevard du Palais - 75195 PARIS RP \n \n- ou de former un RECOURS HIERARCHIQUE \n  aupr\u00e8s du Ministre de l'int\u00e9rieur \n  Direction des libert\u00e9s publiques et des affaires juridiques \n  place Beauvau - 75008 PARIS \n \n- soit de saisir d'un RECOURS CONTENTIEUX \nle Tribunal administratif comp\u00e9tent \n \n \nAucune de ces voies et recours ne suspend l'application de la pr\u00e9sente \nd\u00e9cision. \n \nLes recours GRACIEUX et HIERARCHIQUE doivent \u00eatre \u00e9crits, exposer les \narguments ou faits nouveaux et comprendre la copie de l'arr\u00eat\u00e9 contest\u00e9. \n \nLe recours CONTENTIEUX, qui vise \u00e0 contester la LEGALITE de la pr\u00e9sente \nd\u00e9cision, doit \u00e9galement \u00eatre \u00e9crit et exposer votre argumentation juridique. \n \nSi vous n'aviez pas de r\u00e9ponse \u00e0 votre recours GRAC IEUX ou \nHIERARCHIQUE dans un d\u00e9lai de deux mois \u00e0 compter de la r\u00e9ception de votre \nrecours par l'administration, votre demande devra \u00eatre consid\u00e9r\u00e9e comme rejet\u00e9e \n(d\u00e9cision implicite de rejet). \n \nEn cas de rejet des recours GRACIEUX ou HIERARCHIQUE, le Tribunal \nadministratif peut \u00eatre saisi d'un recours contentieux dans le d\u00e9lai de deux mois \u00e0 \ncompter de la date de la d\u00e9cision de rejet. \n \n \n \n \n \n \nPr\u00e9fecture de Police - 75-2026-02-27-00002 - Arr\u00eat\u00e9 2026 00248  du 27 f\u00e9vrier 2026  renouvelant le p\u00e9rim\u00e8tre de protection et\ndiff\u00e9rentes mesures de police applicables \u00e0 l'occasion du proc\u00e8s en appel de l'assassinat de Samuel PATY 20\n6\n \n \n \nPr\u00e9fecture de Police - 75-2026-02-27-00002 - Arr\u00eat\u00e9 2026 00248  du 27 f\u00e9vrier 2026  renouvelant le p\u00e9rim\u00e8tre de protection et\ndiff\u00e9rentes mesures de police applicables \u00e0 l'occasion du proc\u00e8s en appel de l'assassinat de Samuel PATY 21\nPr\u00e9fecture de Police\n75-2026-02-26-00005\nArr\u00eat\u00e9 n\u00b02026-00245 du 26 f\u00e9vrier 2026\nmodifiant provisoirement le stationnement dans\nplusieurs voies \u00e0 Paris Centre  le 13 mars 2026\nPr\u00e9fecture de Police - 75-2026-02-26-00005 - Arr\u00eat\u00e9 n\u00b02026-00245 du 26 f\u00e9vrier 2026 modifiant provisoirement le stationnement dans\nplusieurs voies \u00e0 Paris Centre  le 13 mars 2026 22\nPREFECTUREDE POLICELiibert\u00e9Egalit\u00e9Fraternit\u00e9\nAtUGi\nCABINET DU PREFET\nParis, le 26 f\u00e9vrier 2026        \nA R R E T E   N \u00b02026-00245\nmodifiant provisoirement le stationnement \ndans plusieurs voies \u00e0 Paris Centre \nle 13 mars 2026\nLE PREFET DE POLICE,\nVu  le  code  g\u00e9n\u00e9ral  des  collectivit\u00e9s  territoriales,  notamment  ses  articles\nL.2512-13 et L.2512-14 ;\nVu  le  code  de  la  route,  notamment  ses  articles  L.325-1  \u00e0  L.325-3,  \nR.411-8 et R.411-25 ;\nVu l'avis de la Ville de Paris en date du 24 f\u00e9vrier 2026 ;\nConsid\u00e9rant la tenue d'une c\u00e9r\u00e9monie officielle \u00e0 la Cour des Comptes le 13 mars  \n2026, \u00e0 Paris Centre ;\nConsid\u00e9rant que pour garantir le bon d\u00e9roulement de cet \u00e9v\u00e8nement, il convient  \nde  modifier  provisoirement  les  r\u00e8gles  de  stationnement  dans  plusieurs  voies  \u00e0  Paris  \nCentre le 13 mars 2026 ;\nSur proposition du pr\u00e9fet, directeur de cabinet :\nA R R E T E :\nArticle 1  er     \nLe stationnement de tout type v\u00e9hicule est interdit le 13 mars 2026 de 09h00 \u00e0  \n14h00, dans les voies et portions de voies suivantes \u00e0 Paris Centre :\n- rue Cambon, du n\u00b01 au n\u00b016 ;\n- rue de Mondovi, du n\u00b01 au n\u00b07 ;\n- rue du Mont Thabor, du n\u00b018 au n\u00b044.\nPr\u00e9fecture de Police - 75-2026-02-26-00005 - Arr\u00eat\u00e9 n\u00b02026-00245 du 26 f\u00e9vrier 2026 modifiant provisoirement le stationnement dans\nplusieurs voies \u00e0 Paris Centre  le 13 mars 2026 23\nArticle 2\nSans  pr\u00e9judice  des  sanctions  p\u00e9nales  auxquelles  s'exposent  les  personnes  en  \ninfraction avec les dispositions du pr\u00e9sent arr\u00eat\u00e9, les v\u00e9hicules ayant servi \u00e0 commettre  \nces infractions peuvent \u00eatre immobilis\u00e9s et mis en fourri\u00e8re dans les conditions pr\u00e9vues  \naux articles L.325-1 \u00e0 L.325-3 du code de la route.\nArticle 3\nLes dispositions du pr\u00e9sent arr\u00eat\u00e9 ne sont pas applicables aux v\u00e9hicules d'int\u00e9r\u00eat  \ng\u00e9n\u00e9ral prioritaires au sens des dispositions de l'article R.311-1 6.5 du code de la route.\nArticle 4\nLe directeur de l'ordre public et de la circulation, le directeur de la s\u00e9curit\u00e9 de  \nproximit\u00e9 de l'agglom\u00e9ration parisienne de la Pr\u00e9fecture de Police, le directeur de la  \nvoirie et des d\u00e9placements et le directeur de la police municipale et de la pr\u00e9vention de  \nla Ville de Paris sont charg\u00e9s, chacun en ce qui le concerne, de l'ex\u00e9cution du pr\u00e9sent  \narr\u00eat\u00e9 qui entrera en vigueur \u00e0 compter de son affichage aux portes de la pr\u00e9fecture de  \npolice  (1  rue  de  Lut\u00e8ce).  Il  sera  \u00e9galement  affich\u00e9  aux  portes  de  la  mairie  et  du  \ncommissariat  de  l'arrondissement  concern\u00e9  et  sera  publi\u00e9  au  recueil  des  actes  \nadministratifs de la pr\u00e9fecture de la r\u00e9gion d'\u00cele-de-France, pr\u00e9fecture de Paris et de la  \npr\u00e9fecture  de  police  et  sur  le  site  internet  de  la  pr\u00e9fecture  de  police  de  Paris  : \nwww.prefecturedepolice.interieur.gouv.fr. \nPour le pr\u00e9fet de police,\nLe pr\u00e9fet, directeur de cabinet,\nBaptiste ROLLAND\n2026-00245\nPr\u00e9fecture de Police - 75-2026-02-26-00005 - Arr\u00eat\u00e9 n\u00b02026-00245 du 26 f\u00e9vrier 2026 modifiant provisoirement le stationnement dans\nplusieurs voies \u00e0 Paris Centre  le 13 mars 2026 24\nAnnexe \u00e0 l'arr\u00eat\u00e9 n\u00b0 2026-00245 du 26 f\u00e9vrier 2026\nVOIES ET DELAIS DE RECOURS\n_______________________\nSi vous estimez devoir contester la pr\u00e9sente d\u00e9cision, il vous est possible, dans un  \nd\u00e9lai de deux mois \u00e0 compter de la date de son affichage\u00a0:\n- soit de saisir d'un RECOURS GRACIEUX\nle Pr\u00e9fet de Police\n7/9, boulevard du Palais - 75195 PARIS RP\n- ou de former un RECOURS HIERARCHIQUE\n  aupr\u00e8s du Ministre de l'int\u00e9rieur\n  Direction des libert\u00e9s publiques et des affaires juridiques\n  place Beauvau - 75008 PARIS\n- soit de saisir d'un RECOURS CONTENTIEUX\nle Tribunal administratif comp\u00e9tent\nAucune de ces voies et recours ne suspend l'application de la pr\u00e9sente d\u00e9cision.\nLes  recours  GRACIEUX  et  HIERARCHIQUE  doivent  \u00eatre  \u00e9crits,  exposer  les  \narguments ou faits nouveaux et comprendre la copie de la d\u00e9cision contest\u00e9e.\nLe recours contentieux, qui vise \u00e0 contester la LEGALITE de la pr\u00e9sente d\u00e9cision,  \ndoit \u00e9galement \u00eatre \u00e9crit et exposer votre argumentation juridique.\nSi vous n'aviez pas de r\u00e9ponse \u00e0 votre recours GRACIEUX ou HIERARCHIQUE dans  \nun d\u00e9lai de deux mois \u00e0 compter de la r\u00e9ception de votre recours par l'administration,  \nvotre demande devra \u00eatre consid\u00e9r\u00e9e comme rejet\u00e9e (d\u00e9cision implicite de rejet).\nEn  cas  de  rejet  des  RECOURS  GRACIEUX  ou  HIERARCHIQUE,  le  Tribunal  \nadministratif  peut  \u00eatre  saisi  d'un  recours  contentieux  dans  le  d\u00e9lai  de  deux  mois  \u00e0  \ncompter de la date de la d\u00e9cision de rejet.\n2026-00245\nPr\u00e9fecture de Police - 75-2026-02-26-00005 - Arr\u00eat\u00e9 n\u00b02026-00245 du 26 f\u00e9vrier 2026 modifiant provisoirement le stationnement dans\nplusieurs voies \u00e0 Paris Centre  le 13 mars 2026 25\nPr\u00e9fecture de Police\n75-2026-02-27-00005\nArr\u00eat\u00e9 n\u00b02026-00249 modifiant l'arr\u00eat\u00e9\nn\u00b02026-00216 du 20 f\u00e9vrier 2026 cr\u00e9ant une aire\npi\u00e9tonne temporaire dans certaines voies du\n8\u00e8me arrondissement de Paris \u00e0 l'occasion de la\nmanifestation \u00ab\u00a0pi\u00e9tonnisation des\nChamps-\u00c9lys\u00e9es\u00a0\u00bb le 1er mars 2026\nPr\u00e9fecture de Police - 75-2026-02-27-00005 - Arr\u00eat\u00e9 n\u00b02026-00249 modifiant l'arr\u00eat\u00e9 n\u00b02026-00216 du 20 f\u00e9vrier 2026 cr\u00e9ant une aire\npi\u00e9tonne temporaire dans certaines voies du 8\u00e8me arrondissement de Paris \u00e0 l'occasion de la manifestation \u00ab\u00a0pi\u00e9tonnisation des\nChamps-\u00c9lys\u00e9es\u00a0\u00bb le 1er mars 2026\n26\nPREFECTURE qPDE POLICELibert\u00e9 if)Egalit\u00e9Fraternit\u00e9\nCABINET DU PR\u00c9FET\nParis, le 27 f\u00e9vrier 2026\nARRETE N\u00b02026-00249\nmodifiant l'arr\u00eat\u00e9 n\u00b02026-00216 du 20 f\u00e9vrier 2026 cr\u00e9ant une aire pi\u00e9tonne temporaire \ndans certaines voies du 8\u00e8me arrondissement de Paris\n\u00e0 l'occasion de la manifestation \u00ab\u00a0pi\u00e9tonnisation des Champs-\u00c9lys\u00e9es\u00a0\u00bb\nle 1er mars 2026\nLE PR\u00c9FET DE POLICE\nVu le code g\u00e9n\u00e9ral des collectivit\u00e9s territoriales, notamment ses articles L.2512-13  \net L.2512-14\u00a0;\nVu  le  code  de  la  route,  notamment  ses  articles  L.325-1  \u00e0  L.325-3,  R.411-8  et\nR.411-25\u00a0;\nVu le code des transports, notamment ses articles L. 3111-14 et L. 3121-1\u00a0;\nVu  le  v\u0153u  de  l'ex\u00e9cutif  relatif  \u00e0  l'apaisement  de  l'espace  public  et  \u00e0  la  \npi\u00e9tonnisation des rues de Paris adopt\u00e9 au Conseil de Paris des 15 et 16 f\u00e9vrier 2016\u00a0;\nVu l'avis de la Ville de Paris en date du 18 f\u00e9vrier 2026 ;\nConsid\u00e9rant que la Ville de Paris organise le 1er mars 2026 la \u00ab \u00a0pi\u00e9tonnisation des \nChamps-Elys\u00e9es\u00a0\u00bb, manifestation festive dans certaines voies de la capitale\u00a0;\nConsid\u00e9rant que la tenue de cet \u00e9v\u00e8nement implique de prendre des mesures  \nprovisoires  de  circulation  n\u00e9cessaires  \u00e0  son  bon  d\u00e9roulement  et  \u00e0  la  s\u00e9curit\u00e9  des  \nparticipants et du public\u00a0;\nSur proposition du pr\u00e9fet, directeur de cabinet :\nA R R E T E\nArticle 1  er  \nL'article 1er de l'arr\u00eat\u00e9 n\u00b02026-00216 du 20 f\u00e9vrier 2026 est modifi\u00e9 comme suit :\nIl est cr\u00e9\u00e9 le 1er mars 2026, de 10h00 \u00e0 17h00, une aire pi\u00e9tonne temporaire \u00e0  \nl'int\u00e9rieur du p\u00e9rim\u00e8tre form\u00e9 par les voies suivantes du 8 \u00e8me\u00a0arrondissement : rue Ars\u00e8ne \nHoussaye, rue Lord Byron, rue Chateaubriand, rue Washington, rue d'Artois, rue de Berri,  \nrue de Ponthieu, avenue Franklin D. Roosevelt, rond-point des Champs Elys\u00e9es-Marcel  \nDassault (partie Ouest), avenue Montaigne, rue Fran\u00e7ois 1 er, avenue George V, rue Vernet, \navenue Marceau et rue de Presbourg.\nPr\u00e9fecture de Police - 75-2026-02-27-00005 - Arr\u00eat\u00e9 n\u00b02026-00249 modifiant l'arr\u00eat\u00e9 n\u00b02026-00216 du 20 f\u00e9vrier 2026 cr\u00e9ant une aire\npi\u00e9tonne temporaire dans certaines voies du 8\u00e8me arrondissement de Paris \u00e0 l'occasion de la manifestation \u00ab\u00a0pi\u00e9tonnisation des\nChamps-\u00c9lys\u00e9es\u00a0\u00bb le 1er mars 2026\n27\nLa circulation des v\u00e9hicules \u00e0 moteur est interdite \u00e0 l'int\u00e9rieur de ce p\u00e9rim\u00e8tre  \npendant la dur\u00e9e de la manifestation.\nL'interdiction  de  circulation  ne  s'applique  pas  aux  voies  pr\u00e9cit\u00e9es  d\u00e9limitant  le \np\u00e9rim\u00e8tre.\nArticle 2\nLe directeur de l'ordre public et de la circulation, le directeur de la s\u00e9curit\u00e9 de  \nproximit\u00e9 de l'agglom\u00e9ration parisienne de la Pr\u00e9fecture de Police, le directeur de la voirie \net des d\u00e9placements et le directeur de la police municipale et de la pr\u00e9vention de la Ville  \nde Paris sont charg\u00e9s, chacun en ce qui le concerne, de l'ex\u00e9cution du pr\u00e9sent arr\u00eat\u00e9 qui  \nentrera en vigueur \u00e0 compter de son affichage aux portes de la pr\u00e9fecture de police (1 rue \nde Lut\u00e8ce). Il sera \u00e9galement affich\u00e9 aux portes de la mairie et du commissariat des  \narrondissements  concern\u00e9s  et  sera  publi\u00e9  au  recueil  des  actes  administratifs  de  la  \npr\u00e9fecture de la r\u00e9gion d'\u00cele-de-France, pr\u00e9fecture de Paris et de la pr\u00e9fecture de police et \nsur  le  site  internet  de  la  pr\u00e9fecture  de  police  de  Paris  : \nwww.prefecturedepolice.interieur.gouv.fr.\nPour le pr\u00e9fet de Police,\nLe pr\u00e9fet, Directeur de \nCabinet\nSIGNE Baptiste ROLLAND\nPr\u00e9fecture de Police - 75-2026-02-27-00005 - Arr\u00eat\u00e9 n\u00b02026-00249 modifiant l'arr\u00eat\u00e9 n\u00b02026-00216 du 20 f\u00e9vrier 2026 cr\u00e9ant une aire\npi\u00e9tonne temporaire dans certaines voies du 8\u00e8me arrondissement de Paris \u00e0 l'occasion de la manifestation \u00ab\u00a0pi\u00e9tonnisation des\nChamps-\u00c9lys\u00e9es\u00a0\u00bb le 1er mars 2026\n28\nANNEXE \u00c0 L'ARR\u00caT\u00c9 N\u00b0    2026-00249                     DU  27 F\u00c9VRIER 2026 \nVOIES ET D\u00c9LAIS DE RECOURS\n_______________________\nSi vous estimez devoir contester la pr\u00e9sente d\u00e9cision, il vous est possible, dans un  \nd\u00e9lai de deux mois \u00e0 compter de la date de son affichage\u00a0:\n- soit de saisir d'un RECOURS GRACIEUX\nle pr\u00e9fet de Police de Paris\n7/9, boulevard du Palais - 75195 PARIS RP\n- ou de former un RECOURS HI\u00c9RARCHIQUE\naupr\u00e8s du ministre de l'Int\u00e9rieur\nDirection des libert\u00e9s publiques et des affaires juridiques\nplace Beauvau - 75008 PARIS\n- soit de saisir d'un RECOURS CONTENTIEUX\nle tribunal administratif comp\u00e9tent\nAucune de ces voies et recours ne suspend l'application de la pr\u00e9sente d\u00e9cision.\nLes  recours  GRACIEUX  et  HI\u00c9RARCHIQUE  doivent  \u00eatre  \u00e9crits,  exposer  les  \narguments ou faits nouveaux et comprendre la copie de la d\u00e9cision contest\u00e9e.\nLe recours contentieux, qui vise \u00e0 contester la L\u00c9GALIT\u00c9 de la pr\u00e9sente d\u00e9cision,  \ndoit \u00e9galement \u00eatre \u00e9crit et exposer votre argumentation juridique.\nSi vous n'aviez pas de r\u00e9ponse \u00e0 votre recours GRACIEUX ou HI\u00c9RARCHIQUE dans  \nun d\u00e9lai de deux mois \u00e0 compter de la r\u00e9ception de votre recours par l'administration,  \nvotre demande devra \u00eatre consid\u00e9r\u00e9e comme rejet\u00e9e (d\u00e9cision implicite de rejet).\nEn  cas  de  rejet  des  RECOURS  GRACIEUX  ou  HI\u00c9RARCHIQUE,  le  tribunal  \nadministratif  peut  \u00eatre  saisi  d'un  recours  contentieux  dans  le  d\u00e9lai  de  deux  mois  \u00e0  \ncompter de la date de la d\u00e9cision de rejet.\nPr\u00e9fecture de Police - 75-2026-02-27-00005 - Arr\u00eat\u00e9 n\u00b02026-00249 modifiant l'arr\u00eat\u00e9 n\u00b02026-00216 du 20 f\u00e9vrier 2026 cr\u00e9ant une aire\npi\u00e9tonne temporaire dans certaines voies du 8\u00e8me arrondissement de Paris \u00e0 l'occasion de la manifestation \u00ab\u00a0pi\u00e9tonnisation des\nChamps-\u00c9lys\u00e9es\u00a0\u00bb le 1er mars 2026\n29\nPr\u00e9fecture de Police\n75-2026-02-27-00007\nArr\u00eat\u00e9 2026-0163 du 27 f\u00e9vrier 2026\nportant renouvellement d'agr\u00e9ment d'organisme\npour effectuer les v\u00e9rifications techniques\nr\u00e9glementaires dans les \u00e9tablissements recevant\ndu public \nPr\u00e9fecture de Police - 75-2026-02-27-00007 - Arr\u00eat\u00e9 2026-0163 du 27 f\u00e9vrier 2026\nportant renouvellement d'agr\u00e9ment d'organisme pour effectuer les v\u00e9rifications techniques r\u00e9glementaires dans les \u00e9tablissements\nrecevant du public \n30\n| =PREFECTUREDE POLICELibert\u00e9Egalit\u00e9Fraternit\u00e9\nla[0G\nDirection des usagers \net des polices administratives\nSous-direction de la s\u00e9curit\u00e9 du public\nBureau des \u00e9tablissements recevant du public\nArr\u00eat\u00e9 n\u00b0 2026 -0163\ndu 27 f\u00e9vrier 2026\nportant renouvellement d'agr\u00e9ment d'organisme pour effectuer les v\u00e9rifications \ntechniques r\u00e9glementaires dans les \u00e9tablissements recevant du public \nLe pr\u00e9fet de Police, \nVu le code de la construction et de l'habitation, notamment son article R.143-34 ;\nVu le d\u00e9cret n\u00b02004-374 du 29 avril 2004 modifi\u00e9 relatif aux pouvoirs des pr\u00e9fets, \u00e0 l'organisation  \net \u00e0 l'action des services de l'\u00c9tat dans les r\u00e9gions et d\u00e9partements ;\nVu le d\u00e9cret du 22 octobre 2025 portant nomination du pr\u00e9fet de Police M. Patrice FAURE ;\nVu l'arr\u00eat\u00e9 du 25 juin 1980 modifi\u00e9 portant approbation des dispositions g\u00e9n\u00e9rales du r\u00e8glement  \nde  s\u00e9curit\u00e9  contre  les risques  d'incendie et  de  panique dans les  \u00e9tablissements  recevant  du  \npublic ;\nVu l'arr\u00eat\u00e9 du 11 d\u00e9cembre 2007 modifi\u00e9 relatif aux conditions d'agr\u00e9ment pour les v\u00e9rifications  \nr\u00e9glementaires pr\u00e9vues dans les \u00e9tablissements recevant du public et les immeubles de grande  \nhauteur ;\nVu l'arr\u00eat\u00e9 n\u00b0 INTE2110421A du 30 mars 2021  portant agr\u00e9ment d'organisme pour effectuer les  \nv\u00e9rifications techniques r\u00e9glementaires dans les \u00e9tablissements ;\nVu l'arr\u00eat\u00e9 n\u00b0 2024-00503 du 19 avril 2024 relatif aux missions et \u00e0 l'organisation de la direction  \ndes usagers et des polices administratives ;\nVu l'arr\u00eat\u00e9 n\u00b0 2026-00162 du 9 f\u00e9vrier 2026  accordant d\u00e9l\u00e9gation de la signature pr\u00e9fectorale au  \nsein  de  la  direction  des  usagers  et  des  polices  administratives  et  des  services  qui  lui  sont  \nrattach\u00e9s ;\nVu  la  demande  de  renouvellement  d'agr\u00e9ment  pr\u00e9sent\u00e9e  par  la  soci\u00e9t\u00e9  ICE-INSPECTION  \nCONTR\u00d4LE \u00c9V\u00c9NEMENTIEL re\u00e7ue le 8 d\u00e9cembre 2025 et les pi\u00e8ces compl\u00e9mentaires re\u00e7ues le 20 \njanvier 2026 ;\nARRETE :\nArticle 1\nLe b\u00e9n\u00e9fice de l'agr\u00e9ment est accord\u00e9 \u00e0 :\nPr\u00e9fecture de Police - 75-2026-02-27-00007 - Arr\u00eat\u00e9 2026-0163 du 27 f\u00e9vrier 2026\nportant renouvellement d'agr\u00e9ment d'organisme pour effectuer les v\u00e9rifications techniques r\u00e9glementaires dans les \u00e9tablissements\nrecevant du public \n31\nICE-INSPECTION CONTR\u00d4LE \u00c9V\u00c9NEMENTIEL, SIREN N\u00b0 539 546 192, sur les bases de l'attestation  \nd'accr\u00e9ditation n\u00b03-1097 r\u00e9v. 9 d\u00e9livr\u00e9e par le COFRAC. Cet agr\u00e9ment concerne les v\u00e9rifications  \nr\u00e9glementaires suivantes, r\u00e9f\u00e9renc\u00e9es dans le document COFRAC INS REF 18 :\n- 1.1.3  a):  V\u00e9rifications  techniques  en  phase  conception/construction,  dans  les  \n\u00e9tablissements  recevant  du  public,  de  la  conformit\u00e9  des  installations  \u00e9lectriques  et  \nd'\u00e9clairage de s\u00e9curit\u00e9 ;\n- 1.1.3  b):  V\u00e9rifications  techniques en  phase exploitation des installations  \u00e9lectriques  et  \nd'\u00e9clairage de s\u00e9curit\u00e9.\nL'agr\u00e9ment est valable cinq ans \u00e0 compter de la signature du pr\u00e9sent arr\u00eat\u00e9.\nArticle 2\nLa directrice des usagers et des polices administratives est charg\u00e9e de l'ex\u00e9cution du pr\u00e9sent  \narr\u00eat\u00e9, qui sera publi\u00e9 sur  le portail des publications administratives de la ville de Paris et au  \nrecueil des actes administratifs de la pr\u00e9fecture de la r\u00e9gion d'Ile-de-France, pr\u00e9fecture de Paris et \nde la pr\u00e9fecture de Police.\nPour le pr\u00e9fet de Police,\nPar d\u00e9l\u00e9gation, \nSign\u00e9,\nLe sous-directeur \nde la s\u00e9curit\u00e9 du public\nMonsieur Vincent NATUREL\nPr\u00e9fecture de Police - 75-2026-02-27-00007 - Arr\u00eat\u00e9 2026-0163 du 27 f\u00e9vrier 2026\nportant renouvellement d'agr\u00e9ment d'organisme pour effectuer les v\u00e9rifications techniques r\u00e9glementaires dans les \u00e9tablissements\nrecevant du public \n32\nPr\u00e9fecture de Police\n75-2026-02-27-00008\nArr\u00eat\u00e9 2026-0164 du 27 f\u00e9vrier 2026\nportant renouvellement d'agr\u00e9ment d'organisme\npour effectuer les v\u00e9rifications techniques\nr\u00e9glementaires dans les \u00e9tablissements recevant\ndu public \nPr\u00e9fecture de Police - 75-2026-02-27-00008 - Arr\u00eat\u00e9 2026-0164 du 27 f\u00e9vrier 2026\nportant renouvellement d'agr\u00e9ment d'organisme pour effectuer les v\u00e9rifications techniques r\u00e9glementaires dans les \u00e9tablissements\nrecevant du public \n33\n| =PREFECTUREDE POLICELibert\u00e9Egalit\u00e9Fraternit\u00e9\nla[0G\nDirection des usagers \net des polices administratives\nSous-direction de la s\u00e9curit\u00e9 du public\nBureau des \u00e9tablissements recevant du public\nArr\u00eat\u00e9 n\u00b0 2026 -0164\ndu 27 f\u00e9vrier 2026\nportant renouvellement d'agr\u00e9ment d'organisme pour effectuer les v\u00e9rifications \ntechniques r\u00e9glementaires dans les \u00e9tablissements recevant du public \nLe pr\u00e9fet de Police, \nVu le code de la construction et de l'habitation, notamment son article R.143-34 ;\nVu le d\u00e9cret n\u00b02004-374 du 29 avril 2004 modifi\u00e9 relatif aux pouvoirs des pr\u00e9fets, \u00e0 l'organisation  \net \u00e0 l'action des services de l'\u00c9tat dans les r\u00e9gions et d\u00e9partements ;\nVu le d\u00e9cret du 22 octobre 2025 portant nomination du pr\u00e9fet de Police M. Patrice FAURE ;\nVu l'arr\u00eat\u00e9 du 25 juin 1980 modifi\u00e9 portant approbation des dispositions g\u00e9n\u00e9rales du r\u00e8glement  \nde  s\u00e9curit\u00e9  contre  les risques  d'incendie et  de  panique dans les  \u00e9tablissements  recevant  du  \npublic ;\nVu l'arr\u00eat\u00e9 du 11 d\u00e9cembre 2007 modifi\u00e9 relatif aux conditions d'agr\u00e9ment pour les v\u00e9rifications  \nr\u00e9glementaires pr\u00e9vues dans les \u00e9tablissements recevant du public et les immeubles de grande  \nhauteur ;\nVu l'arr\u00eat\u00e9 n\u00b0 INTE2110421A du 30 mars 2021  portant agr\u00e9ment d'organisme pour effectuer les  \nv\u00e9rifications techniques r\u00e9glementaires dans les \u00e9tablissements ;\nVu l'arr\u00eat\u00e9 n\u00b02024-00503 du 19 avril 2024 relatif aux missions et \u00e0 l'organisation de la direction  \ndes usagers et des polices administratives ;\nVu l'arr\u00eat\u00e9 n\u00b0 2026-00162 du 9 f\u00e9vrier 2026 accordant d\u00e9l\u00e9gation de la signature pr\u00e9fectorale au  \nsein  de  la  direction  des  usagers  et  des  polices  administratives  et  des  services  qui  lui  sont  \nrattach\u00e9s ;\nVu la demande de renouvellement d'agr\u00e9ment pr\u00e9sent\u00e9e par la soci\u00e9t\u00e9 SECOPREV re\u00e7ue le 26  \nnovembre 2025 ;\nARRETE :\nArticle 1\nPr\u00e9fecture de Police - 75-2026-02-27-00008 - Arr\u00eat\u00e9 2026-0164 du 27 f\u00e9vrier 2026\nportant renouvellement d'agr\u00e9ment d'organisme pour effectuer les v\u00e9rifications techniques r\u00e9glementaires dans les \u00e9tablissements\nrecevant du public \n34\nLe b\u00e9n\u00e9fice de l'agr\u00e9ment est accord\u00e9 \u00e0 :\nSECOPREV,  SIREN  N\u00b0  344  775  721,  sur  les  bases  de  l'attestation  d'accr\u00e9ditation  \nn\u00b03-038 r\u00e9v. 16 d\u00e9livr\u00e9e par le COFRAC. Cet agr\u00e9ment concerne les v\u00e9rifications r\u00e9glementaires  \nsuivantes, r\u00e9f\u00e9renc\u00e9es dans le document COFRAC INS REF 18 :\n- 1.1.3  b):  V\u00e9rifications  techniques en  phase exploitation des installations  \u00e9lectriques  et  \nd'\u00e9clairage de s\u00e9curit\u00e9.\nL'agr\u00e9ment est valable cinq ans \u00e0 compter de la signature du pr\u00e9sent arr\u00eat\u00e9.\nArticle 2\nLa directrice des usagers et des polices administratives est charg\u00e9e de l'ex\u00e9cution du pr\u00e9sent  \narr\u00eat\u00e9, qui sera publi\u00e9 sur  le portail des publications administratives de la ville de Paris et au  \nrecueil des actes administratifs de la pr\u00e9fecture de la r\u00e9gion d'Ile-de-France, pr\u00e9fecture de Paris et \nde la pr\u00e9fecture de Police.\nPour le pr\u00e9fet de Police,\nPar d\u00e9l\u00e9gation, \n                                                                                                                      Sign\u00e9\n         Le sous-directeur\n                    de la s\u00e9curit\u00e9 du public\n                            Monsieur Vincent NATUREL\nPr\u00e9fecture de Police - 75-2026-02-27-00008 - Arr\u00eat\u00e9 2026-0164 du 27 f\u00e9vrier 2026\nportant renouvellement d'agr\u00e9ment d'organisme pour effectuer les v\u00e9rifications techniques r\u00e9glementaires dans les \u00e9tablissements\nrecevant du public \n35\nPr\u00e9fecture de Police\n75-2026-02-27-00009\nArr\u00eat\u00e9 2026-0244 du 27 f\u00e9vrier 2026\nportant renouvellement d'agr\u00e9ment d'organisme\npour effectuer les v\u00e9rifications techniques\nr\u00e9glementaires dans les \u00e9tablissements recevant\ndu public \nPr\u00e9fecture de Police - 75-2026-02-27-00009 - Arr\u00eat\u00e9 2026-0244 du 27 f\u00e9vrier 2026\nportant renouvellement d'agr\u00e9ment d'organisme pour effectuer les v\u00e9rifications techniques r\u00e9glementaires dans les \u00e9tablissements\nrecevant du public \n36\n| =PREFECTUREDE POLICELibert\u00e9Egalit\u00e9Fraternit\u00e9\nla[0G\nDirection des usagers \net des polices administratives\nSous-direction de la s\u00e9curit\u00e9 du public\nBureau des \u00e9tablissements recevant du public\nArr\u00eat\u00e9 n\u00b0 2026 - 0244\ndu 27 f\u00e9vrier 2026\nportant renouvellement d'agr\u00e9ment d'organisme pour effectuer les v\u00e9rifications \ntechniques r\u00e9glementaires dans les \u00e9tablissements recevant du public \nLe pr\u00e9fet de Police, \nVu le code de la construction et de l'habitation, notamment son article R.143-34 ;\nVu le d\u00e9cret n\u00b02004-374 du 29 avril 2004 modifi\u00e9 relatif aux pouvoirs des pr\u00e9fets, \u00e0 l'organisation  \net \u00e0 l'action des services de l'\u00c9tat dans les r\u00e9gions et d\u00e9partements ;\nVu le d\u00e9cret du 22 octobre 2025 portant nomination du pr\u00e9fet de Police M. Patrice FAURE ;\nVu l'arr\u00eat\u00e9 du 25 juin 1980 modifi\u00e9 portant approbation des dispositions g\u00e9n\u00e9rales du r\u00e8glement  \nde  s\u00e9curit\u00e9  contre  les risques  d'incendie et  de  panique dans les  \u00e9tablissements  recevant  du  \npublic ;\nVu l'arr\u00eat\u00e9 du 11 d\u00e9cembre 2007 modifi\u00e9 relatif aux conditions d'agr\u00e9ment pour les v\u00e9rifications  \nr\u00e9glementaires pr\u00e9vues dans les \u00e9tablissements recevant du public et les immeubles de grande  \nhauteur ;\nVu l'arr\u00eat\u00e9 n\u00b02024-00503 du 19 avril 2024 relatif aux missions et \u00e0 l'organisation de la direction  \ndes usagers et des polices administratives ;\nVu l'arr\u00eat \u00e9 n\u00b0 2025-0133 du 25 f\u00e9vrier 2025  portant agr\u00e9ment d'organisme pour effectuer les  \nv\u00e9rifications techniques r\u00e9glementaires dans les \u00e9tablissements recevant du public ;\nVu l'arr\u00eat\u00e9 n\u00b0 2026-00162 du 9 f\u00e9vrier 2026  accordant d\u00e9l\u00e9gation de la signature pr\u00e9fectorale au  \nsein  de  la  direction  des  usagers  et  des  polices  administratives  et  des  services  qui  lui  sont  \nrattach\u00e9s ;\nVu  la  demande  de  renouvellement  d'agr\u00e9ment  pr\u00e9sent\u00e9e  par  la  soci\u00e9t\u00e9  \nVISORI  PREVENTION  re\u00e7ue  le  5  f\u00e9vrier  2026  et  les  pi\u00e8ces  compl\u00e9mentaires  re\u00e7ues  le  \n16 f\u00e9vrier 2026 ;\nARRETE :\nArticle 1\nLe b\u00e9n\u00e9fice de l'agr\u00e9ment est accord\u00e9 \u00e0 :\nPr\u00e9fecture de Police - 75-2026-02-27-00009 - Arr\u00eat\u00e9 2026-0244 du 27 f\u00e9vrier 2026\nportant renouvellement d'agr\u00e9ment d'organisme pour effectuer les v\u00e9rifications techniques r\u00e9glementaires dans les \u00e9tablissements\nrecevant du public \n37\nVISORI  PREVENTION,  SIREN  N\u00b0  890  766  017,  sur  les  bases  de  l'attestation  d'accr\u00e9ditation  \nn\u00b0 3-2347 r\u00e9v. 0 d\u00e9livr\u00e9e par le COFRAC. Cet agr\u00e9ment concerne les v\u00e9rifications r\u00e9glementaires  \nsuivantes, r\u00e9f\u00e9renc\u00e9es dans le document COFRAC INS REF 18 :\n- 1.1.3  a):  V\u00e9rifications  techniques  en  phase  conception/construction,  dans  les  \n\u00e9tablissements  recevant  du  public,  de  la  conformit\u00e9  des  installations  \u00e9lectriques  et  \nd'\u00e9clairage de s\u00e9curit\u00e9 ;\n- 1.1.3 b)  : V\u00e9rifications techniques en phase exploitation des installations \u00e9lectriques et  \nd'\u00e9clairage de s\u00e9curit\u00e9 ;\n- 15.1.3 a) : V\u00e9rifications techniques en phase conception/construction de la conformit\u00e9 des  \nouvrages,  installations  et  \u00e9quipements  (\u00e0  l'exclusion  des  installations  \u00e9lectriques  et  \nd'\u00e9clairage de s\u00e9curit\u00e9 vis\u00e9es au 1.1.3 a).\nL'agr\u00e9ment est valable cinq ans \u00e0 compter de la signature du pr\u00e9sent arr\u00eat\u00e9.\nArticle 2\nLa directrice des usagers et des polices administratives est charg\u00e9e de l'ex\u00e9cution du pr\u00e9sent  \narr\u00eat\u00e9, qui sera publi\u00e9 sur  le portail des publications administratives de la ville de Paris et au  \nrecueil des actes administratifs de la pr\u00e9fecture de la r\u00e9gion d'Ile-de-France, pr\u00e9fecture de Paris et \nde la pr\u00e9fecture de Police.\nPour le pr\u00e9fet de Police,\nPar d\u00e9l\u00e9gation, \nLa cheffe du bureau des \n\u00e9tablissements recevant du public\nMadame Christelle OLLANDINI\nPr\u00e9fecture de Police - 75-2026-02-27-00009 - Arr\u00eat\u00e9 2026-0244 du 27 f\u00e9vrier 2026\nportant renouvellement d'agr\u00e9ment d'organisme pour effectuer les v\u00e9rifications techniques r\u00e9glementaires dans les \u00e9tablissements\nrecevant du public \n38","date":"2026-02-27","first_seen_on":"2026-02-27T20:27:01+00:00","id":"1a5d2c6fc6e9d4eab64ee1bbd2f6c8db8b9890656fde4fd5b6447640dff97521","name":"recueil-75-2026-124-recueil-des-actes-administratifs-special du 27.02.2026","pdf_creation_date":"2026-02-27T16:07:51+00:00","pdf_modification_date":null,"timezone":"Europe/Paris","url":"https://www.prefectures-regions.gouv.fr/ile-de-france/irecontenu/telechargement/135910/994402/file/recueil-75-2026-124-recueil-des-actes-administratifs-special%20du%2027.02.2026.pdf"}
