{"administration":"pref01","administration_name":"Pr\u00e9fecture de l\u2019Ain","content":"AIN\nRECUEIL DES ACTES\nADMINISTRATIFS SP\u00c9CIAL\n(NOMINATIFS)\nN\u00b001-2025-370\nPUBLI\u00c9 LE  5 NOVEMBRE 2025\nSommaire\n01_DDETS_Direction d\u00e9partementale de l'emploi, du travail et des\nsolidarit\u00e9s de l'Ain /\n01-2025-10-31-00003 - Arr\u00eat\u00e9-composition-CDAPH-modif octobre 2025\n(4 pages) Page 3\n2\n01_DDETS_Direction d\u00e9partementale de\nl'emploi, du travail et des solidarit\u00e9s de l'Ain\n01-2025-10-31-00003\nArr\u00eat\u00e9-composition-CDAPH-modif octobre 2025\n01_DDETS_Direction d\u00e9partementale de l'emploi, du travail et des solidarit\u00e9s de l'Ain - 01-2025-10-31-00003 -\nArr\u00eat\u00e9-composition-CDAPH-modif octobre 2025 3\n| |PREFETEDE L'AINLibert\u00e9Egalit\u00e9Fraternit\u00e9 AINle D\u00e9partement\n \nDirection d\u00e9partementale de l'emploi Direction g\u00e9n\u00e9rale adjointe solidarit\u00e9\ndu travail et des solidarit\u00e9s DGAS\n34, Avenue des Belges \u2013 CS 70417 13, avenue de la Victoire\n01012 BOURG-en-BRESSE 01000 BOURG-en-BRESSE\n- ARR\u00caT\u00c9 -\nportant composition de la commission des droits\net de l'autonomie des personnes handicap\u00e9es (C.D.A.P.H.)\nLa pr\u00e9f\u00e8te de l'Ain, Le pr\u00e9sident du conseil d\u00e9partemental,\nVu le code de l'action sociale et des familles notamment les articles L. 146-9, L. 241-5 \u00e0  245-11 et\nR. 241-24 ;\nVu l'arr\u00eat\u00e9 pr\u00e9fectoral du 1 er avril 2025 portant modification de la composition de la commission de\nm\u00e9diation DALO du d\u00e9partement de l'Ain ;\nSur proposition conjointe de la secr\u00e9taire g\u00e9n\u00e9rale de la pr\u00e9fecture et du directeur g\u00e9n\u00e9ral des services\ndu conseil d\u00e9partemental ;\n-  ARR\u00caTENT  -\nARTICLE 1ER   : Les membres d\u00e9sign\u00e9s pour si\u00e9ger \u00e0 la C.D.A.P.H. sont les suivants  : \n1) Quatre repr\u00e9sentants du   D  \u00e9partement (d\u00e9sign\u00e9s par le pr\u00e9sident du conseil d\u00e9partemental)  \nTitulaires Suppl\u00e9ants\n\u2013 M. Serge GOMES 1) M. Alain CHAPUIS\n2) M. Thierry CLEMENT \n\u2013 Mme Annie MEURIAU 1) Mme Val\u00e9rie GUYON \n2) Mme Sylvie CHANUDET \n\u2013 Mme Clotilde FOURNIER 1) Mme Aur\u00e9lie PETIT \n2) M. K\u00e9vin POMATHIOS\n3) Mme B\u00e9rang\u00e8re NOVEL \n\u2013 Mme Martine TABOURET 1) Mme Marie-Christine CHAPEL \n2) M. Zakaria MAKHLOUF\n3) M. Fran\u00e7ois BESSON\n2) Quatre repr\u00e9sentants de l'Etat et de l'  A  gence   R  \u00e9gionale de   S  ant\u00e9  \n- le directeur d\u00e9partemental de l'emploi, du travail et des solidarit\u00e9s de l'Ain ou son repr\u00e9sentant,\n- le directeur r\u00e9gional de l'\u00e9conomie, de l'emploi, du travail et des solidarit\u00e9s ou son repr\u00e9sentant pour\nla r\u00e9gion Auvergne-Rh\u00f4ne-Alpes,\n- la directrice acad\u00e9mique des services de l'\u00e9ducation nationale de l'Ain agissant sur d\u00e9l\u00e9gation du\nrecteur d'acad\u00e9mie ou son repr\u00e9sentant,\n- le  directeur  g\u00e9n\u00e9ral  de  l'agence  r\u00e9gionale  de  sant\u00e9  de  la  r\u00e9gion  Auvergne-Rh\u00f4ne-Alpes  ou  son\nrepr\u00e9sentant.\nArrete-composition-CDAPH-modif_octobre 2025.odt\n01_DDETS_Direction d\u00e9partementale de l'emploi, du travail et des solidarit\u00e9s de l'Ain - 01-2025-10-31-00003 -\nArr\u00eat\u00e9-composition-CDAPH-modif octobre 2025 4\n2\n3) Deux repr\u00e9sentants des organismes d'assurance maladie et de prestations familiales propos\u00e9s par l  e  \ndirect  eur   d\u00e9partemental   de l'emploi, du travail et des solidarit\u00e9s  , parmi les personnes pr\u00e9sent\u00e9es par  \nces organismes\nTitulaires Suppl\u00e9ants\n\u2013 Mme Ghislaine ARCARO (CPAM de l'Ain) 1) M. Mohsen ALLALI (CPAM de l'Ain)\n\u2013 Mme Denise VALENCON (CAF) 1) M. Bernard BOUILLOUX (MSA) \n2) Mme Anne-Marie SCHWALLER (MSA)\n4) D  eux repr\u00e9sentants des organisations syndicales propos\u00e9s par le directeur r\u00e9gional   de l'\u00e9conomie, de  \nl'emploi,  du  travail  et  des  solidarit\u00e9s  ,  d'une  part,  parmi  les  personnes  pr\u00e9sent\u00e9es  par  les  \norganisations  professionnelles  d'employeurs  les  plus  repr\u00e9sentatives,  d'autre  part,  parmi  les\npersonnes  pr\u00e9sent\u00e9es  par  les  organismes  syndica  ux   de  salari\u00e9s  et  de  fonctionnaires  les  plus  \nrepr\u00e9sentati  fs  \nTitulaires Suppl\u00e9ants\n\u2013 au titre des personnes pr\u00e9sent\u00e9es par les \norganisations professionnelles d'employeurs \nles plus repr\u00e9sentatives\n* M. Dominique VARLET (MEDEF) 1) M. Patrick BAUDREY (CGPME 01)\n\u2013 au titre des personnes pr\u00e9sent\u00e9es par les \norganisations syndicales de salari\u00e9s et de \nfonctionnaires les plus repr\u00e9sentatives\n* Mme Jocelyne ARGENTI (CFTC) 1) Mme St\u00e9phanie BERNARDOT (UNSA) \n2) Mme Sylvie JACKOWSKI (UNSA 01) \n5) Un  repr\u00e9sentant  des  associations  de  parents  d'\u00e9l\u00e8ves  propos\u00e9  par  l  a   direct  rice   acad\u00e9mique  des  \nservices de l'\u00e9ducation nationale agissant sur d\u00e9l\u00e9gation d  u recteur   d'acad\u00e9mie, parmi les personnes  \npr\u00e9sent\u00e9es par ces associations\nTitulaire Suppl\u00e9ant\n\u2013 Mme Christine PONCET (FCPE) 1) Mme Jo\u00eblle BOZONNET (FCPE) \n6) Sept membres propos\u00e9s par l  e directeur d\u00e9partemental     de l'emploi, du travail et des solidarit\u00e9s  \nparmi les personnes pr\u00e9sent\u00e9es par les associations de personnes handicap\u00e9es et de leurs familles\nTitulaires Suppl\u00e9ants\n\u2013 Mme Anne-Marie EVIEUX (UNAFAM) 1) Mme Brigitte VISO (UNAFAM)\n2) M. Marc BARBER (ODYNEO)\n\u2013 M. Micha\u00ebl LOONES (ECLAT) 1) M. Gilles BARRET (FNATH)\n2) M. Bruno DESSOL (FNATH)\n\u2013 Mme Odile CONNORD (ADAPEI) 1) Mme Agn\u00e8s LION (APEDYS)\n2) Mme La\u00ebtitia DUBLASSY (APEDYS)\n3) Mme Maria TOMAS (ADAPEI 01)\n01_DDETS_Direction d\u00e9partementale de l'emploi, du travail et des solidarit\u00e9s de l'Ain - 01-2025-10-31-00003 -\nArr\u00eat\u00e9-composition-CDAPH-modif octobre 2025 5\n3\n\u2013 M. Hussam MANKARA (APAJH) 1) M. Jean-Ren\u00e9 MARCHALOT (APAJH) \n2) Mme Pascale DESJONQUERES (APAJH)\n\u2013 M. Jean-Jacques BERTRAND (APF) 1) Mme Blandine GINET (ENFANT SOLEIL) \n2) Mme Maryse GAVAND (VIVRE EN VILLE) \n\u2013 M. Jean-Louis PARIS (AFHP) 1) Mme Catherine COCOZZA (Entraide universitaire) \n2) Mme Marie-Th\u00e9r\u00e8se SOURD (Polyhandicap 01)\n3) M. Jean-Louis LAFLEUR (comit\u00e9 sport adapt\u00e9 de \nl'Ain)\n-   M. Pascal DELOLME (AFIS) 1) M. Roger MATHIEU (AIE Seillon)\n2) Mme Emilie MONNET (ORSAC)\n3) Mme Val\u00e9rie FOURNIER (Hyper Super TDAH \nFrance)\n7) Un membre du conseil d\u00e9partemental de la citoyennet\u00e9 et de l'autonomie d\u00e9sign\u00e9 par ce conseil\nTitulaire Suppl\u00e9ant\n\u2013 Mme Odile GAGET (FAF APRIDEV) 1) M. Geoffroy WAUTRECHT (comit\u00e9 \nd\u00e9partemental handisport de l'Ain)\n8) Deux repr\u00e9sentants des organismes gestionnaires d'\u00e9tablissements ou de services pour personnes\nhandicap\u00e9es  dont  un  sur  proposition  d  u directeur    d\u00e9partemental    de  l'emploi,  du  travail  et  des  \nsolidarit\u00e9s   et un sur proposition du pr\u00e9sident du conseil d\u00e9partemental  \nTitulaires Suppl\u00e9ants\n\u2013 sur proposition du directeur d\u00e9partemental\nde l'emploi, du travail et des solidarit\u00e9s\n  * Mme Sylvie BASTIN (LADAPT) 1) Mme Morgane RIEDINGER (SOLIHA) \n\u2013 sur proposition du pr\u00e9sident du conseil \nd\u00e9partemental\n  * M. Nicolas GERMAIN (Le Villa Joie)\nARTICLE 2   : Dur\u00e9e du mandat.\nA  l'exception  des  repr\u00e9sentants  de  l'\u00c9tat  et  de  l'agence  r\u00e9gionale  de  sant\u00e9,  les  membres  de  la\ncommission des droits et de l'autonomie des personnes handicap\u00e9es sont d\u00e9sign\u00e9s jusqu'au 22 octobre\n2026.\nTout membre d\u00e9missionnaire ou ayant perdu la qualit\u00e9 \u00e0 raison de laquelle il a \u00e9t\u00e9 nomm\u00e9 est remplac\u00e9\ndans les m\u00eames conditions.\nIl  peut  \u00e9galement  \u00eatre  mis  fin aux fonctions  d'un membre  titulaire  ou suppl\u00e9ant,  et pourvu  \u00e0  son\nremplacement, \u00e0 la demande de l'autorit\u00e9 ou de l'organisme qui l'a pr\u00e9sent\u00e9.\nPour ceux des membres dont le mandat a une dur\u00e9e d\u00e9termin\u00e9e, le rempla\u00e7ant est nomm\u00e9 pour la dur\u00e9e\ndu mandat restant \u00e0 courir.\n01_DDETS_Direction d\u00e9partementale de l'emploi, du travail et des solidarit\u00e9s de l'Ain - 01-2025-10-31-00003 -\nArr\u00eat\u00e9-composition-CDAPH-modif octobre 2025 6\n4\nARTICLE 3   : Conditions d'exercice.\nLes  membres  si\u00e8gent  \u00e0  titre  gratuit.  Leurs  frais  de  d\u00e9placement  sont  rembours\u00e9s  par  la  Maison\nD\u00e9partementale des Personnes Handicap\u00e9es (MDPH) selon les modalit\u00e9s r\u00e9glementaires en vigueur.\nARTICLE 4   : Publication.\nL'arr\u00eat\u00e9  est  publi\u00e9  au  recueil  des  actes  administratifs  de  la  pr\u00e9fecture  et  au  recueil  des  actes\nadministratifs du D\u00e9partement.\nARTICLE 5   : Conditions d'ex\u00e9cution.\n\u2013 Mme la secr\u00e9taire g\u00e9n\u00e9rale de la pr\u00e9fecture,\n\u2013 M. le directeur g\u00e9n\u00e9ral des services du conseil d\u00e9partemental,\nsont charg\u00e9s, chacun en ce qui le concerne, de l'ex\u00e9cution du pr\u00e9sent arr\u00eat\u00e9.\nFait \u00e0 Bourg-en-Bresse, le 31 octobre 2025\nLa pr\u00e9f\u00e8te,\nSign\u00e9 : Chantal MAUCHET\nLe pr\u00e9sident du conseil d\u00e9partemental,\nSign\u00e9 : Jean DEGUERRY\n01_DDETS_Direction d\u00e9partementale de l'emploi, du travail et des solidarit\u00e9s de l'Ain - 01-2025-10-31-00003 -\nArr\u00eat\u00e9-composition-CDAPH-modif octobre 2025 7","date":"2025-11-05","first_seen_on":"2025-11-05T15:06:08+00:00","id":"1aa8953595359cdc5599e1af8df53956339bd1f26b04c27c49cd437225a42a0d","name":"recueil-01-2025-370-recueil-des-actes-administratifs-nominatifs 05-11-2025","pdf_creation_date":"2025-11-05T13:54:43+00:00","pdf_modification_date":null,"timezone":"Europe/Paris","url":"https://www.ain.gouv.fr/contenu/telechargement/33781/235974/file/recueil-01-2025-370-recueil-des-actes-administratifs-nominatifs%2005-11-2025.pdf"}
