{"administration":"prefidf","administration_name":"Pr\u00e9fecture de la r\u00e9gion \u00cele-de-France","content":"PREFECTURE\nREGION ILE DE\nFRANCE\nRECUEIL DES ACTES\nADMINISTRATIFS SP\u00c9CIAL\n(NOMINATIFS)\nN\u00b0IDF-008-2025-06\nPUBLI\u00c9 LE  4 JUIN 2025\nSommaire\nRectorat de l'acad\u00e9mie de Versailles /\nIDF-2025-05-27-00138 - Arr\u00eate modificatif portant nomination des\nmembres de la\nCommission acad\u00e9mique appel\u00e9e \u00e0 statuer sur\nappel des d\u00e9cisions\nDes conseils de discipline des coll\u00e8ges, des\nlyc\u00e9es et des\nEtablissements d'\u00e9ducation sp\u00e9ciale ainsi que des\nconseils de\nDiscipline d\u00e9partementaux\n (2 pages) Page 3\n2\nRectorat de l'acad\u00e9mie de Versailles\nIDF-2025-05-27-00138\nArr\u00eate modificatif portant nomination des\nmembres de la\nCommission acad\u00e9mique appel\u00e9e \u00e0 statuer sur\nappel des d\u00e9cisions\nDes conseils de discipline des coll\u00e8ges, des lyc\u00e9es\net des\nEtablissements d'\u00e9ducation sp\u00e9ciale ainsi que\ndes conseils de\nDiscipline d\u00e9partementaux\nRectorat de l'acad\u00e9mie de Versailles - IDF-2025-05-27-00138 - Arr\u00eate modificatif portant nomination des membres de la\nCommission acad\u00e9mique appel\u00e9e \u00e0 statuer sur appel des d\u00e9cisions\nDes conseils de discipline des coll\u00e8ges, des lyc\u00e9es et des\nEtablissements d'\u00e9ducation sp\u00e9ciale ainsi que des conseils de\nDiscipline d\u00e9partementaux\n3\nE 3ACAD\u00c9MIEDE VERSAILLESLibert\u00e9Egalit\u00e9Fraternit\u00e9\n  \n \nRectorat de Versailles \n \nDACES 3 \nBureau de la Vie de l'\u00e9l\u00e8ve \nAffaire suivie par : \nAlice El-Ghaba-Etienne \nT\u00e9l : 01 30 83 44 37  \nM\u00e9l : disciplinaire-\neleves.daces3 \n@ac-versailles.fr \n3 boulevard de Lesseps  \n78017 Versailles Cedex  \n \n \nARRETE MODIFICATIF PORTANT NOMINATION DES MEMBRES DE LA \nCOMMISSION ACADEMIQUE APPELEE A STATUER SUR APPEL DES DECISIONS \nDES CONSEILS DE DISCIPLINE DES COLLEGES, DES LYCEES ET DES \nETABLISSEMENTS D'EDUCATION SPECIALE AINSI QUE DES CONSEILS DE \nDISCIPLINE DEPARTEMENTAUX  \n \nLe Recteur de l'acad\u00e9mie de Versailles \n \nVu : \n- le code de l'\u00e9ducation, et notamment son article D.511-51 modifi\u00e9 par le d\u00e9cret \nn\u00b02023-783 du 16 ao\u00fbt 2023 ; \n- l'arr\u00eat\u00e9 du 14 octobre 2024 portant nomination des membres de la commission \nacad\u00e9mique d'appel pour une p\u00e9riode de deux ans ; \n- les arr\u00eat\u00e9s des 6 janvier, 17 f\u00e9vrier et 5 mai 2025, modifiant la composition de la \ncommission acad\u00e9mique d'appel ; \n \nConsid\u00e9rant ce qui suit : \n- Au regard de l'indisponibilit\u00e9 de certains membres de la commission acad\u00e9mique \nd'appel entre le 3 juin et le 4 juillet 2025, il est n\u00e9cessaire de proc\u00e9der aux \nmodifications suivantes ; \n \nARRETE \n \n \nArticle 1er : Les articles 1-20 \u00e0 1-25 de l'arr\u00eat\u00e9 du 14 octobre 2024 sont modifi\u00e9s comme suit : \n \nArticle 1-20 : Composition de la commission acad\u00e9mique du 2 au 8 juin 2025 \n \nArticle 1-20-a : Composition de la commission acad\u00e9mique du 2 au 4 juin 2025 \n \nCat\u00e9gorie de membre Nom du titulaire Nom du (ou des) suppl\u00e9ant(s) \nDASEN Mme Rachel MEYNENT Mme Val\u00e9rie LEGALLICIER \nChefs d'\u00e9tablissement Mme Annie DENIBAS Mme Anne-Laure MARTORELL \nProfesseurs Mme Murielle DASSONVILLE M. Pierre-Aim\u00e9 AGNEL \nParents d'\u00e9l\u00e8ves PEEP Mme Peggy PIETRE M. Za\u00ebl GRAIGNIC et Mme Isabelle AUBRUN \nParents d'\u00e9l\u00e8ves FCPE M. St\u00e9phane LAGEDAMON M. Ludovic FAVERO et Mme Agn\u00e8s LYON-CAEN \n \nArticle 1-20-b : Composition de la commission acad\u00e9mique du 5 au 8 juin 2025 \n \nCat\u00e9gorie de membre Nom du titulaire Nom du (ou des) suppl\u00e9ant(s) \nDASEN Mme Val\u00e9rie LEGALLICIER Mme Rachel MEYNENT \nChefs d'\u00e9tablissement Mme Elisabeth PAYEN Mme Anne-Laure MARTORELL \nProfesseurs Mme Murielle DASSONVILLE M. Olivier DUTOUR \nParents d'\u00e9l\u00e8ves PEEP Mme Peggy PIETRE M. Za\u00ebl GRAIGNIC et Mme Isabelle AUBRUN \nParents d'\u00e9l\u00e8ves FCPE M. St\u00e9phane LAGEDAMON M. Ludovic FAVERO et Mme Agn\u00e8s LYON-CAEN \n \nArticle 1-21 : Composition de la commission acad\u00e9mique du 9 au 15 juin 2025 \n \nCat\u00e9gorie de membre Nom du titulaire Nom du (ou des) suppl\u00e9ant(s) \nDASEN Mme Val\u00e9rie LEGALLICIER Mme V\u00e9ronique PAROUTY \nChefs d'\u00e9tablissement Mme Anne-Laure MARTORELL Mme Annie DENIBAS \nProfesseurs M. Olivier DUTOUR Mme Sophie BOCQUET \nParents d'\u00e9l\u00e8ves PEEP Mme Peggy PIETRE M. Za\u00ebl GRAIGNIC et Mme Isabelle AUBRUN \nParents d'\u00e9l\u00e8ves FCPE M. St\u00e9phane LAGEDAMON M. Ludovic FAVERO et Mme Agn\u00e8s LYON-CAEN \nRectorat de l'acad\u00e9mie de Versailles - IDF-2025-05-27-00138 - Arr\u00eate modificatif portant nomination des membres de la\nCommission acad\u00e9mique appel\u00e9e \u00e0 statuer sur appel des d\u00e9cisions\nDes conseils de discipline des coll\u00e8ges, des lyc\u00e9es et des\nEtablissements d'\u00e9ducation sp\u00e9ciale ainsi que des conseils de\nDiscipline d\u00e9partementaux\n4\n 2\nArticle 1-22 : Composition de la commission acad\u00e9mique du 16 au 22 juin 2025 \n \nArticle 1-22-a : Composition de la commission acad\u00e9mique du 16 au 19 juin 2025 \n \nCat\u00e9gorie de membre Nom du titulaire Nom du (ou des) suppl\u00e9ant(s) \nDASEN Mme Val\u00e9rie SERVISSOLLE Mme Rachel Meynent \nChefs d'\u00e9tablissement Mme Karine COLLIN-DESSANS Mme Anne-Laure MARTORELL \nProfesseurs Mme Sophie BOCQUET M. Olivier DUTOUR \nParents d'\u00e9l\u00e8ves PEEP Mme Peggy PIETRE M. Za\u00ebl GRAIGNIC et Mme Isabelle AUBRUN \nParents d'\u00e9l\u00e8ves FCPE M. St\u00e9phane LAGEDAMON M. Ludovic FAVERO et Mme Agn\u00e8s LYON-CAEN \n \nArticle 1-22-b : Composition de la commission acad\u00e9mique du 20 au 22 juin 2025 \n \nCat\u00e9gorie de membre Nom du titulaire Nom du (ou des) suppl\u00e9ant(s) \nDASEN Mme Val\u00e9rie LEGALLICIER Mme Val\u00e9rie SERVISSOLLE \nChefs d'\u00e9tablissement Mme Karine COLLIN-DESSANS Mme Anne-Laure MARTORELL \nProfesseurs M. Olivier DUTOUR M. Pierre-Aim\u00e9 AGNEL \nParents d'\u00e9l\u00e8ves PEEP Mme Peggy PIETRE M. Za\u00ebl GRAIGNIC et Mme Isabelle AUBRUN \nParents d'\u00e9l\u00e8ves FCPE M. St\u00e9phane LAGEDAMON M. Ludovic FAVERO et Mme Agn\u00e8s LYON-CAEN \n \nArticle 1-23 : Composition de la commission acad\u00e9mique du 23 au 29 juin 2025 \n \nCat\u00e9gorie de membre Nom du titulaire Nom du (ou des) suppl\u00e9ant(s) \nDASEN Mme V\u00e9ronique PAROUTY Mme Rachel MEYNENT \nChefs d'\u00e9tablissement Mme Annie DENIBAS Mme Anne-Laure MARTORELL \nProfesseurs Mme Murielle DASSONVILLE M. Olivier DUTOUR \nParents d'\u00e9l\u00e8ves PEEP Mme Peggy PIETRE M. Za\u00ebl GRAIGNIC et Mme Isabelle AUBRUN \nParents d'\u00e9l\u00e8ves FCPE M. St\u00e9phane LAGEDAMON M. Luc FAVERO et Mme Agn\u00e8s LYON-CAEN \n \nArticle 1-24 : Composition de la commission acad\u00e9mique du 30 juin au 1er juillet 2025 \n \nCat\u00e9gorie de membre Nom du titulaire Nom du (ou des) suppl\u00e9ant(s) \nDASEN Mme Val\u00e9rie SERVISSOLLE Mme V\u00e9ronique PAROUTY \nChefs d'\u00e9tablissement Mme Karine COLLIN-DESSANS Mme Elisabeth PAYEN \nProfesseurs M. Olivier DUTOUR M. Pierre-Aim\u00e9 AGNEL \nParents d'\u00e9l\u00e8ves PEEP Mme Peggy PIETRE M. Za\u00ebl GRAIGNIC et Mme Isabelle AUBRUN \nParents d'\u00e9l\u00e8ves FCPE M. St\u00e9phane LAGEDAMON M. Luc FAVERO et Mme Agn\u00e8s LYON-CAEN \n \nArticle 1-25 : Composition de la commission acad\u00e9mique du 2 juillet au 6 juillet 2025 \n \nCat\u00e9gorie de membre Nom du titulaire Nom du (ou des) suppl\u00e9ant(s) \nDASEN Mme Val\u00e9rie LEGALLICIER Mme V\u00e9ronique PAROUTY \nChefs d'\u00e9tablissement Mme Annie DENIBAS Mme Anne-Laure MARTORELL \nProfesseurs M. Olivier DUTOUR M. Pierre-Aim\u00e9 AGNEL \nParents d'\u00e9l\u00e8ves PEEP Mme Peggy PIETRE M. Za\u00ebl GRAIGNIC et Mme Isabelle AUBRUN \nParents d'\u00e9l\u00e8ves FCPE M. St\u00e9phane LAGEDAMON M. Luc FAVERO et Mme Agn\u00e8s LYON-CAEN \n \nArticle 2 : Les autres articles de l'arr\u00eat\u00e9 du 14 octobre 2024 modifi\u00e9 demeurent inchang\u00e9s. \n \nArticle 3 : Le secr\u00e9taire g\u00e9n\u00e9ral de l'acad\u00e9mie de Versailles est charg\u00e9 de l'ex\u00e9cution du pr\u00e9sent arr\u00eat\u00e9. \n \n \n \nFait \u00e0 Versailles, le 27 mai 2025 \n \nSign\u00e9 \n \n\u00c9tienne CHAMPION \nRectorat de l'acad\u00e9mie de Versailles - IDF-2025-05-27-00138 - Arr\u00eate modificatif portant nomination des membres de la\nCommission acad\u00e9mique appel\u00e9e \u00e0 statuer sur appel des d\u00e9cisions\nDes conseils de discipline des coll\u00e8ges, des lyc\u00e9es et des\nEtablissements d'\u00e9ducation sp\u00e9ciale ainsi que des conseils de\nDiscipline d\u00e9partementaux\n5","date":"2025-06-04","first_seen_on":"2025-06-04T16:46:06+00:00","id":"1ae905c7bed96bea881a381a8c3328c1ce5dd72345788367cc1e145547ca8ddb","name":"recueil-idf-008-2025-06-RAA-nominatifs du 04.06.2025","pdf_creation_date":"2025-06-04T14:32:18+00:00","pdf_modification_date":null,"timezone":"Europe/Paris","url":"https://www.prefectures-regions.gouv.fr/ile-de-france/irecontenu/telechargement/128246/945664/file/recueil-idf-008-2025-06-RAA-nominatifs%20du%2004.06.2025.pdf"}
