{"administration":"pref21","administration_name":"Pr\u00e9fecture de C\u00f4te-d\u2019Or","content":"PR\u00c9FET\nDE LA C\u00d4TE-D'OR\nRECUEIL DES ACTES\nADMINISTRATIFS SP\u00c9CIAL\nN\u00b021-2026-059\nPUBLI\u00c9 LE  2 AVRIL 2026\nSommaire\nDirection d\u00e9partementale de l'emploi, du travail et des solidarit\u00e9s de\nC\u00f4te-d'Or /\n21-2026-04-02-00002 - ENTREPRISE COLAS Demande de d\u00e9rogation au\nrepos dominical - le 5 avril 2026 (2 pages) Page 4\n21-2026-04-02-00001 - SOCIETE URGO Demande de d\u00e9rogation au repos\ndominical - le 5 avril 2026 (2 pages) Page 7\nDirection d\u00e9partementale des territoires de la C\u00f4te-d'Or / Service de l'eau\net des risques\n21-2026-03-31-00004 - Arr\u00eat\u00e9 pr\u00e9fectoral n\u00b0 625 du 31 mars 2026\nportant r\u00e9c\u00e9piss\u00e9 de d\u00e9claration loi sur l'eau et prescriptions\nsp\u00e9cifiques relatives aux travaux de r\u00e9paration du barrage situ\u00e9 dans\nle lit mineur du cours d'eau \"l'Ouche\" sur la commune de TART. (11 pages) Page 10\nDirection d\u00e9partementale des territoires de la C\u00f4te-d'Or / Service\nPr\u00e9servation et Am\u00e9nagement de l'Espace (SPAE)\n21-2026-03-30-00002 - AP Saint julien circulation 20260402 RAA (4 pages) Page 22\n21-2026-03-30-00001 - Arr\u00eat\u00e9 pr\u00e9fectoral du 30 mars 2026 portant\nrenouvellement du bureau de l'association fonci\u00e8re d'ARCENANT (2\npages) Page 27\nDirection d\u00e9partementale des territoires de la C\u00f4te-d'Or / Service\nS\u00e9curit\u00e9 et Education Routi\u00e8re\n21-2026-03-31-00006 - Arr\u00eat\u00e9 Pr\u00e9fectoral N\u00b0633 portant\nd\u00e9rogation \u00e0 titre temporaire \u00e0 l'interdiction de circulation des\nv\u00e9hicules  de transport de marchandises \u00e0 certaines p\u00e9riodes pour les\nv\u00e9hicules  de plus de 7,5 tonnes de PTAC exploit\u00e9s par la soci\u00e9t\u00e9\nCOLAS FRANCE domicili\u00e9e \u00e0 LONGVIC (21) (4 pages) Page 30\nDirection des services d\u00e9partementaux de l'\u00e9ducation nationale de\nC\u00f4te-d'Or / Service D\u00e9partemental \u00e0 la Jeunesse, \u00e0 l'engagement et\naux Sports\n21-2026-03-19-00005 - Arr\u00eat\u00e9 pr\u00e9fectoral portant approbation de\nl'avenant \u00e0 la convention conclue entre l'association Dijon Football C\u00f4te\nd'Or et la soci\u00e9t\u00e9 par actions simplifi\u00e9es Dijon Football C\u00f4te d'Or (2\npages) Page 35\n21-2026-03-19-00004 - Arr\u00eat\u00e9 pr\u00e9fectoral portant approbation de la\nconvention conclue entre l'association Dijon Football C\u00f4te d'Or et la\nsoci\u00e9t\u00e9 par actions simplifi\u00e9es Dijon Football C\u00f4te d'Or f\u00e9minines\n(2 pages) Page 38\nPr\u00e9fecture de la C\u00f4te-d'Or / Direction des Collectivit\u00e9s locales et des\nElections\n21-2026-03-27-00006 - AP prescrivant l'ouverte de l'enqu\u00eate publique\nportant sur le projet de cr\u00e9ation d'une AFUP La Corv\u00e9e \u00e0 MALAIN (6\npages) Page 41\n2\n21-2026-04-01-00008 - Arr\u00eat\u00e9 pr\u00e9fectoral  portant renouvellement\ndans le domaine fun\u00e9raire de la SDAT (2 pages) Page 48\nPr\u00e9fecture de la C\u00f4te-d'Or / Direction des s\u00e9curit\u00e9s\n21-2026-03-25-00006 - AP portant agr\u00e9ment d'un m\u00e9decin pour\neffectuer le contr\u00f4le m\u00e9dical de l'aptitude \u00e0 la conduite DR CABRITA\nB (2 pages) Page 51\n21-2026-03-25-00005 - AP sign\u00e9 RAA 2026 BC (2 pages) Page 54\n21-2026-04-01-00002 - Arr\u00eat\u00e9 N\u00b0632 Portant habilitation du service\nd\u00e9partemental de secours et d'incendie de la C\u00f4te-d'Or pour les\nformations aux premiers secours (4 pages) Page 57\n21-2026-04-01-00003 - Arr\u00eat\u00e9 N\u00b0632 Portant habilitation du service\nd\u00e9partemental de secours et d'incendie de la C\u00f4te-d'Or pour les\nformations aux premiers secours (4 pages) Page 62\nSous-pr\u00e9fecture de Montbard / Secr\u00e9tariat g\u00e9n\u00e9ral\n21-2026-03-31-00005 - Arr\u00eat\u00e9 pr\u00e9fectoral n\u00b0629 du 31 mars 2026\nportant renouvellement\nde l'habilitation dans le domaine fun\u00e9raire\nde l'enseigne commerciale \u00ab\u00a0Pompes fun\u00e8bres et marbrerie\nBALOCHARD \u00bb (2 pages) Page 67\n3\nDirection d\u00e9partementale de l'emploi, du travail\net des solidarit\u00e9s de C\u00f4te-d'Or\n21-2026-04-02-00002\nENTREPRISE COLAS Demande de d\u00e9rogation au\nrepos dominical - le 5 avril 2026\nDirection d\u00e9partementale de l'emploi, du travail et des solidarit\u00e9s de C\u00f4te-d'Or - 21-2026-04-02-00002 - ENTREPRISE COLAS Demande\nde d\u00e9rogation au repos dominical - le 5 avril 2026 4\nPREFET Direction d\u00e9partementaleDE LA de l'emploi, du travailCOTE-D'OR et des solidarit\u00e9s\nFraternit\u00e9\nArr\u00eat\u00e9 pr\u00e9fectoral du 2 avril 2026portant l'autorisation de d\u00e9roger \u00e0 la r\u00e8gle du repos dominicalpour le dimanche 5 avril 2026\nLe pr\u00e9fet de C\u00f4te-d'Or,\nVU le chapitre II du titre III du livre premier de la troisi\u00e8me partie du code du travail relatif au reposhebdomadaire et notamment les articles L 3132-3 et L 3132-20,VU le d\u00e9cret du 10 octobre 2024 nommant Monsieur Paul MOURIER, pr\u00e9fet de la r\u00e9gion BourgogneFranche-Comt\u00e9, pr\u00e9fet de la C\u00f4te d'Or,VU le d\u00e9cret n\u00b02020-1545 du 9 d\u00e9cembre 2020 relatif \u00e0 l'organisation et aux missions des directionsr\u00e9gionales de l'\u00e9conomie, de l'emploi, du travail et des solidarit\u00e9s, des directions d\u00e9partementales del'emploi, du travail, des solidarit\u00e9s et des directions d\u00e9partementales de l'emploi, du travail, dessolidarit\u00e9s et de la protection des populations, notamment son article 25,VU l'arr\u00eat\u00e9 minist\u00e9riel du 7 octobre 2024 portant nomination de Madame Armelle LEON dans l'emploide directrice d\u00e9partementale de l'emploi, du travail et des solidarit\u00e9s de la C\u00f4te-d'Or,VU l'arr\u00eat\u00e9 pr\u00e9fectoral n\u00b0328 du 26 mars 2021 portant organisation de la direction d\u00e9partementale del'emploi, du travail et des solidarit\u00e9s de la C\u00f4te-d'Or,VU l'arr\u00eat\u00e9 pr\u00e9fectoral n\u00b01657/SG du 28 octobre 2024 portant d\u00e9l\u00e9gation de signature \u00e0 MadameArmelle L\u00c9ON et l'arr\u00eat\u00e9 n\u00b0004/DDETS du 6 novembre 2024 portant subd\u00e9l\u00e9gation de signature auxagents de la DDETS,VU la demande re\u00e7ue le 23 f\u00e9vrier 2026 par laquelle la soci\u00e9t\u00e9 COLAS France Etablissement de C\u00f4ted'Or, sise 10 bd Eiffel \u00e0 Longvic (21600), sollicite l'autorisation de d\u00e9roger \u00e0 l'interdiction d'employer dessalari\u00e9s le dimanche 5 avril 2026, afin d'effectuer des travaux sur le chantier de r\u00e9alisation der\u00e9g\u00e9n\u00e9ration du dalot de Ruffey-l\u00e8s-Echirey pour le compte de la SNCF,VU la consultation des organisations patronales et syndicales, de la CCI de Dijon, de la mairie de Ruffey-l\u00e8s-Echirey en date du 4 mars 2026 \u00e0 la suite de laquelle le MEDEF et la CFDT ont \u00e9mis un avis favorable,\nConsid\u00e9rant que le chantier de r\u00e9alisation de r\u00e9g\u00e9n\u00e9ration du dalot de Ruffey-l\u00e8s-Echirey n\u00e9cessite der\u00e9duire au maximum la fermeture de la voie pour ne pas perturber le r\u00e9seau ferroviaire,Consid\u00e9rant par cons\u00e9quent la n\u00e9cessit\u00e9 d'une interruption du trafic ferroviaire,\n \n \n \nDirection d\u00e9partementale de l'emploi, du travail et des solidarit\u00e9s de C\u00f4te-d'Or - 21-2026-04-02-00002 - ENTREPRISE COLAS Demande\nde d\u00e9rogation au repos dominical - le 5 avril 2026 5\nConsid\u00e9rant que ces travaux r\u00e9pondent aux contraintes de s\u00e9curit\u00e9 et aux obligations d'exploitationimpos\u00e9es par le client SNCF,Consid\u00e9rant que les salari\u00e9s qui vont travailler le dimanche 5 avril 2026 sont tous volontaires et ne vontpas travailler plus de 6 jours au cours de la semaine du 30 mars au 5 avril 2026,\nArr\u00eate :Article 1\u00b0L'entreprise COLAS FRANCE est autoris\u00e9e \u00e0 d\u00e9roger \u00e0 la r\u00e8gle du repos dominical le dimanche 5 avril2026.\nArticle 2Chaque salari\u00e9 priv\u00e9 du repos dominical b\u00e9n\u00e9ficiera des compensations et am\u00e9nagements pr\u00e9vus parl'entreprise, et \u00e0 minima d'un repos compensateur et d'une r\u00e9mun\u00e9ration au moins \u00e9gale au double dela r\u00e9mun\u00e9ration normalement due pour une dur\u00e9e \u00e9quivalente conform\u00e9ment aux dispositions del'article L.3132-25-3 du code du travail.\nArticle 3Cette d\u00e9cision sera port\u00e9e par l'employeur \u00e0 la connaissance des salari\u00e9s de l'entreprise.\nFait \u00e0 Dijon, le 2 avril 2026Pour le Pr\u00e9fet et par d\u00e9l\u00e9gationla directrice d\u00e9partementalede l'emploi, du travail et des solidarit\u00e9sSIGN\u00c9Armelle LEON\nVoies et d\u00e9lais de recours :Voies de recoursLa pr\u00e9sente d\u00e9cision peut \u00eatre contest\u00e9e dans un d\u00e9lai de deux mois \u00e0 compter de sa notification par voie- du recours gracieux aupr\u00e8s du signataire- du recours contentieux aupr\u00e8s du tribunal administratif de Dijon 22 rue d'Assas. Le tribunal administratif peut \u00eatre saisi d'unrecours d\u00e9pos\u00e9 via l'application t\u00e9l\u00e9recours citoyens accessible par le site internet www.telerecours.fr\n \nDirection d\u00e9partementale de l'emploi, du travail et des solidarit\u00e9s de C\u00f4te-d'Or - 21-2026-04-02-00002 - ENTREPRISE COLAS Demande\nde d\u00e9rogation au repos dominical - le 5 avril 2026 6\nDirection d\u00e9partementale de l'emploi, du travail\net des solidarit\u00e9s de C\u00f4te-d'Or\n21-2026-04-02-00001\nSOCIETE URGO Demande de d\u00e9rogation au\nrepos dominical - le 5 avril 2026\nDirection d\u00e9partementale de l'emploi, du travail et des solidarit\u00e9s de C\u00f4te-d'Or - 21-2026-04-02-00001 - SOCIETE URGO Demande de\nd\u00e9rogation au repos dominical - le 5 avril 2026 7\nPREFET Direction d\u00e9partementaleDE LA de l'emploi, du travailCOTE-D'OR et des solidarit\u00e9s\nFraternit\u00e9\nArr\u00eat\u00e9 pr\u00e9fectoral du 2 avril 2026portant l'autorisation de d\u00e9roger \u00e0 la r\u00e8gle du repos dominicalpour les dimanches 5 avril, 10 et 24 mai 2026\nLe pr\u00e9fet de C\u00f4te-d'Or,\nVU le chapitre II du titre III du livre premier de la troisi\u00e8me partie du code du travail relatif au reposhebdomadaire et notamment les articles L 3132-3 et L 3132-20,VU le d\u00e9cret du 10 octobre 2024 nommant Monsieur Paul MOURIER, pr\u00e9fet de la r\u00e9gion BourgogneFranche-Comt\u00e9, pr\u00e9fet de la C\u00f4te d'Or,VU le d\u00e9cret n\u00b02020-1545 du 9 d\u00e9cembre 2020 relatif \u00e0 l'organisation et aux missions des directionsr\u00e9gionales de l'\u00e9conomie, de l'emploi, du travail et des solidarit\u00e9s, des directions d\u00e9partementales del'emploi, du travail, des solidarit\u00e9s et des directions d\u00e9partementales de l'emploi, du travail, dessolidarit\u00e9s et de la protection des populations, notamment son article 25,VU l'arr\u00eat\u00e9 minist\u00e9riel du 7 octobre 2024 portant nomination de Madame Armelle LEON dans l'emploide directrice d\u00e9partementale de l'emploi, du travail et des solidarit\u00e9s de la C\u00f4te-d'Or,VU l'arr\u00eat\u00e9 pr\u00e9fectoral n\u00b0328 du 26 mars 2021 portant organisation de la direction d\u00e9partementale del'emploi, du travail et des solidarit\u00e9s de la C\u00f4te-d'Or,VU l'arr\u00eat\u00e9 pr\u00e9fectoral n\u00b01657/SG du 28 octobre 2024 portant d\u00e9l\u00e9gation de signature \u00e0 MadameArmelle L\u00c9ON et l'arr\u00eat\u00e9 n\u00b0004/DDETS du 6 novembre 2024 portant subd\u00e9l\u00e9gation de signature auxagents de la DDETS,VU la demande re\u00e7ue le 19 f\u00e9vrier 2026 par laquelle la soci\u00e9t\u00e9 URGO, sise 42 rue de Longvic \u00e0 Chen\u00f4ve(21300), sollicite l'autorisation de d\u00e9roger \u00e0 l'interdiction d'employer des salari\u00e9s les dimanches 5 avril,10 et 24 mai 2026,VU la consultation des organisations patronales et syndicales, de la CCI de Dijon, de la mairie deChen\u00f4ve en date du 4 mars 2026 \u00e0 la suite de laquelle le MEDEF a \u00e9mis un avis favorable,Consid\u00e9rant le lancement de la mont\u00e9e de version du syst\u00e8me SAP qui n\u00e9cessite un basculement versle nouvel ERP le mardi 7 avril 2026,Consid\u00e9rant que cette op\u00e9ration n\u00e9cessite 4 jours d'arr\u00e9t de leur plateforme SAP du vendredi 3 au lundi6 avril 2026,Consid\u00e9rant que le d\u00e9ploiement impliquerait la pr\u00e9sence de certains collaborateurs pendant un voiredeux dimanches, le 5 avril et celui du 10 mai ou du 24 mai 2026,\n \n \n \nDirection d\u00e9partementale de l'emploi, du travail et des solidarit\u00e9s de C\u00f4te-d'Or - 21-2026-04-02-00001 - SOCIETE URGO Demande de\nd\u00e9rogation au repos dominical - le 5 avril 2026 8\nConsid\u00e9rant que les salari\u00e9s qui vont travailler les dimanches concern\u00e9s sont tous volontaires et ne vontpas travailler plus de 6 jours au cours des semaines du 30 mars au 5 avril, du 4 au 10 mai et du 18 au 24mai 2026,\nArr\u00eate :\nArticle 1\u00b0\"La soci\u00e9t\u00e9 URGO est autoris\u00e9e \u00e0 d\u00e9roger \u00e0 la r\u00e8gle du repos dominical les dimanches 5 avril, 10 mai et24 mai 2026.\nArticle 2Chaque salari\u00e9 priv\u00e9 du repos dominical b\u00e9n\u00e9ficiera des compensations et am\u00e9nagements pr\u00e9vus parl'entreprise, et \u00e0 minima d'un repos compensateur et d'une r\u00e9mun\u00e9ration au moins \u00e9gale au double dela r\u00e9mun\u00e9ration normalement due pour une dur\u00e9e \u00e9quivalente conform\u00e9ment aux dispositions del'article L.3132-25-3 du code du travail.\nArticle 3Cette d\u00e9cision sera port\u00e9e par l'employeur \u00e0 la connaissance des salari\u00e9s de l'entreprise.\nFait \u00e0 Dijon, le 2 avril 2026Pour le Pr\u00e9fet et par d\u00e9l\u00e9gationla directrice d\u00e9partementalede l'emploi, du travail et des solidarit\u00e9sSIGN\u00c9Armelle L\u00c9ON\nVoies et d\u00e9lais de recours :Voies de recoursLa pr\u00e9sente d\u00e9cision peut \u00eatre contest\u00e9e dans un d\u00e9lai de deux mois \u00e0 compter de sa notification par voie- du recours gracieux aupr\u00e8s du signataire- du recours contentieux aupr\u00e8s du tribunal administratif de Dijon 22 rue d'Assas. Le tribunal administratif peut \u00eatre saisi d'unrecours d\u00e9pos\u00e9 via l'application t\u00e9l\u00e9recours citoyens accessible par le site internet www.telerecours.fr\n \nDirection d\u00e9partementale de l'emploi, du travail et des solidarit\u00e9s de C\u00f4te-d'Or - 21-2026-04-02-00001 - SOCIETE URGO Demande de\nd\u00e9rogation au repos dominical - le 5 avril 2026 9\nDirection d\u00e9partementale des territoires de la\nC\u00f4te-d'Or\nService de l'eau et des risques\n21-2026-03-31-00004\nArr\u00eat\u00e9 pr\u00e9fectoral n\u00b0 625 du 31 mars 2026\nportant r\u00e9c\u00e9piss\u00e9 de d\u00e9claration loi sur l'eau et\nprescriptions sp\u00e9cifiques relatives aux travaux de\nr\u00e9paration du barrage situ\u00e9 dans le lit mineur du\ncours d'eau \"l'Ouche\" sur la commune de TART.\nDirection d\u00e9partementale des territoires de la C\u00f4te-d'Or - 21-2026-03-31-00004 - Arr\u00eat\u00e9 pr\u00e9fectoral n\u00b0 625 du 31 mars 2026 portant\nr\u00e9c\u00e9piss\u00e9 de d\u00e9claration loi sur l'eau et prescriptions sp\u00e9cifiques relatives aux travaux de r\u00e9paration du barrage situ\u00e9 dans le lit mineur\ndu cours d'eau \"l'Ouche\" sur la commune de TART.\n10\n| 3 | Direction d\u00e9partementale des territoiresPR\u00c9FET de la C\u00f4te-d'OrDE LAC\u00d4TE-D'ORLibert\u00e9Egalit\u00e9Fraternit\u00e9\nService de l'Eau et des Risques / Bureau Police de l'eauT\u00e9l : 03 80 29 44 44m\u00e9l : ddt-ser-pe@cote-dor.gouv.frArr\u00eat\u00e9 pr\u00e9fectoral n\u00b0 625 du 31 mars 2026Portant r\u00e9c\u00e9piss\u00e9 de d\u00e9claration loi sur l'eau et prescriptions sp\u00e9cifiques relatives auxtravaux de r\u00e9paration du barrage situ\u00e9 dans le lit mineur du cours d'eau \u00ab l'Ouche \u00bb sur lacommune de TARTLe Pr\u00e9fet de la C\u00f4te-d'OrVU la Directive Cadre europ\u00e9enne sur l'Eau n\u00b0 2000/60/CE du 23 octobre 2000 \u00e9tablissantun cadre pour une politique communautaire dans le domaine de l'eau ;VU le Code de l'environnement et notamment les articles L.211-1, L.214-1 \u00e0 L.214-17, L.215-7,R.214-1 \u00e0 R.216-12;VU le Code des relations entre le public et l'administration (CRPA) et notamment sesarticles L110-1 \u00e0 L135-2;VU l'arr\u00eat\u00e9 de prescriptions g\u00e9n\u00e9rales du 28/11/2007 fixant les prescriptions g\u00e9n\u00e9ralesapplicables aux installations, ouvrages, travaux ou activit\u00e9s soumis \u00e0 d\u00e9claration enapplication des articles L.214-1 \u00e0 L214-6 du code de l'environnement et relevant de larubrique 31.2.0 de la nomenclature annex\u00e9e au tableau de l'article R214-1 du code del'environnement ;VU l'arr\u00eat\u00e9 de prescriptions g\u00e9n\u00e9rales du 30/09/2014 fixant les prescriptions g\u00e9n\u00e9ralesapplicables aux installations, ouvrages, travaux ou activit\u00e9s soumis \u00e0 d\u00e9claration enapplication des articles L.214-1 \u00e0 L214-3 du code de l'environnement et relevant de larubrique 31.50 de la nomenclature annex\u00e9e au tableau de l'article R214-1 du code del'environnement ;VU l'arr\u00eat\u00e9 de prescriptions g\u00e9n\u00e9rales du 11/09/2015 fixant les prescriptions g\u00e9n\u00e9ralesapplicables aux installations, ouvrages, travaux ou activit\u00e9s soumis \u00e0 d\u00e9claration enapplication des articles L.214-1 \u00e0 L214-3 du code de l'environnement et relevant de larubrique 311.0 de la nomenclature annex\u00e9e au tableau de l'article R214-1 du code del'environnement ;VU l'ordonnance royale en date du 28 d\u00e9cembre 1840 portant sur le droit d'eau ;\n1/13\nDirection d\u00e9partementale des territoires de la C\u00f4te-d'Or - 21-2026-03-31-00004 - Arr\u00eat\u00e9 pr\u00e9fectoral n\u00b0 625 du 31 mars 2026 portant\nr\u00e9c\u00e9piss\u00e9 de d\u00e9claration loi sur l'eau et prescriptions sp\u00e9cifiques relatives aux travaux de r\u00e9paration du barrage situ\u00e9 dans le lit mineur\ndu cours d'eau \"l'Ouche\" sur la commune de TART.\n11\nVU l'arr\u00eat\u00e9 pr\u00e9fectoral d'autorisation n\u00b0728 en date du 5 octobre 2015 reconnaissantl'existence du droit fond\u00e9 en titres du Moulin de Tart l'Abbaye et fixant les prescriptionsapplicables pour la production \u00e0 titre accessoire d'\u00e9nergie hydraulique ;VU qu'au droit du site, l'Ouche n'est class\u00e9e ni en liste 1, ni en liste 2 au titre de l'articleL214-17 du Code de l'Environnement ;VU l'arr\u00eat\u00e9 du 23 mars 2022 portant approbation du sch\u00e9ma directeur d'am\u00e9nagement etde gestion des eaux (SDAGE) 2022-2027 du bassin Rh\u00f4ne - M\u00e9diterran\u00e9e et arr\u00eatant leprogramme pluriannuel de mesures correspondant;VU le Sch\u00e9ma d'Am\u00e9nagement et de Gestion des Eaux (SAGE) du bassin versant del'Ouche approuv\u00e9 le 13 d\u00e9cembre 2013 ;VU l'arr\u00eat\u00e9 pr\u00e9fectoral n\u00b0 507 / SG du 28 mars 2025 donnant d\u00e9l\u00e9gation de signature \u00e0Madame Manuelle DUPUY, directrice d\u00e9partementale des territoires de la C\u00f4te-d'Or;VU l'arr\u00eat\u00e9 pr\u00e9fectoral n\u00b0 1333 du 28 ao\u00fbt 2025 portant d\u00e9l\u00e9gation de signature aux agentsde la direction d\u00e9partementale de la C\u00f4te-d'Or;VU le dossier de d\u00e9claration au titre de l'article L.214-3 du code de l'environnement relatifaux travaux de r\u00e9paration du barrage au droit du Moulin de Tart-l'Abbaye sur la communede Tart, d\u00e9pos\u00e9 le 16 septembre 2025, compl\u00e9t\u00e9 le 18 d\u00e9cembre 2025, pr\u00e9sent\u00e9 par la SASJILEO, et enregistr\u00e9 sous le num\u00e9ro AIOT 0100299547 ;VU les conventions sign\u00e9es par les diff\u00e9rents propri\u00e9taires et la SAS JILEO ;VU l'avis favorable de la Commission Locale de l'eau de l'Ouche en date du 16 octobre2025:VU l'absence de remarques formul\u00e9e par le p\u00e9titionnaire sur le projet d'arr\u00eat\u00e9 pr\u00e9fectoralqui lui a \u00e9t\u00e9 soumis le 12/03/2026 au titre de la phase contradictoire ;CONSID\u00c9RANT que l'eau fait partie du patrimoine commun de la nation, que saprotection, sa mise en valeur et le d\u00e9veloppement de la ressource utilisable, dans lerespect des \u00e9quilibres naturels, sont d'int\u00e9r\u00eat g\u00e9n\u00e9ral ;CONSID\u00c9RANT que les installations, ouvrages, travaux et activit\u00e9s vis\u00e9s \u00e0 l'article L.214-1du code de l'environnement sont soumis \u00e0 autorisation ou \u00e0 d\u00e9claration suivant lesdangers qu'ils pr\u00e9sentent et la gravit\u00e9 de leurs effets sur la ressource en eau et les\u00e9cosyst\u00e8mes aquatiques ;CONSID\u00c9RANT qu'une gestion \u00e9quilibr\u00e9e et durable de la ressource en eau prend encompte les adaptations n\u00e9cessaires au changement climatique et vise \u00e9galement \u00e0d\u00e9velopper la micro-hydro\u00e9lectricit\u00e9 ;CONSID\u00c9RANT que l'ouvrage se situe sur le cours d'eau l'Ouche ;CONSID\u00c9RANT que les travaux sont compatibles avec les orientations et les objectifs duSDAGE Rh\u00f4ne-M\u00e9diterrann\u00e9e ;\n2/13\nDirection d\u00e9partementale des territoires de la C\u00f4te-d'Or - 21-2026-03-31-00004 - Arr\u00eat\u00e9 pr\u00e9fectoral n\u00b0 625 du 31 mars 2026 portant\nr\u00e9c\u00e9piss\u00e9 de d\u00e9claration loi sur l'eau et prescriptions sp\u00e9cifiques relatives aux travaux de r\u00e9paration du barrage situ\u00e9 dans le lit mineur\ndu cours d'eau \"l'Ouche\" sur la commune de TART.\n12\nCONSIDERANT que les travaux n'entrainent pas d'aggravation du risque inondationconfirm\u00e9 par les \u00e9l\u00e9ments apport\u00e9s par le bureau d'\u00e9tudes ;CONSIDERANT que le pr\u00e9fet peut imposer par arr\u00e9t\u00e9 toutes prescriptions particuli\u00e9resn\u00e9cessaires ;SUR proposition de Madame la directrice d\u00e9partementale des territoires de la C\u00f4te-d'Or ;\nARR\u00caTEChapitre |: G\u00e9n\u00e9ralit\u00e9sArticle n\u00b01 : Objet de la d\u00e9claration et b\u00e9n\u00e9ficiaireLa SAS JILEO sise 4 rue des Bernardines \u00e0 TART (21110), est autoris\u00e9e \u00e0 ex\u00e9cuter les travauxconform\u00e9ment au dossier de d\u00e9claration loi sur l'eau, d\u00e9pos\u00e9 et enregistr\u00e9 au guichetunique sous le num\u00e9ro AIOT 0100299547 et aux dispositions ci-apr\u00e8s.Article n\u00b02 : Localisation des travauxLes diff\u00e9rents travaux vont concerner les parcelles cadastr\u00e9es suivantes dont le plan estjoint en annexe 1 au pr\u00e9sent arr\u00eat\u00e9 :\nCommune Parcelles Propri\u00e9taireconcern\u00e9esTart OC213, OC214, SCI du Moulin de TartOC176, OC177, 4 rue des BernardinesZD147, ZD171 21110 TARTTart ZD26 Association fonci\u00e9re de remembrement de lacommune de TartTart ZD122 Groupement Foncier Rural de Tart4 rue des Bernardines21110 TARTTart ZD151 Commune de Tart1 Place de la Mairie21110 TART LE HAUTLe p\u00e9titionnaire dispose en partie des conventions sign\u00e9es par les exploitants fermiers oules propri\u00e9taires. Il conviendra de transmettre au bureau police de l'eau les conventionsmanquantes avant le d\u00e9marrage des travaux.\n3/13\nDirection d\u00e9partementale des territoires de la C\u00f4te-d'Or - 21-2026-03-31-00004 - Arr\u00eat\u00e9 pr\u00e9fectoral n\u00b0 625 du 31 mars 2026 portant\nr\u00e9c\u00e9piss\u00e9 de d\u00e9claration loi sur l'eau et prescriptions sp\u00e9cifiques relatives aux travaux de r\u00e9paration du barrage situ\u00e9 dans le lit mineur\ndu cours d'eau \"l'Ouche\" sur la commune de TART.\n13\nChapitre Il : Descriptions des travauxArticle n\u00b03 : Nature des travaux et rubrique de la nomenclatureLes travaux visent la r\u00e9paration du barrage de Tart au droit du \u00ab Moulin de Tart l'Abbaye \u00bbsur le territoire de la commune de TART. Le plan de localisation du site est en annexe 2 dupr\u00e9sent arr\u00eat\u00e9.Les travaux pr\u00e9vus consistent \u00e0 :a) conforter l'ancrage du d\u00e9versoir en rive gauche ;b) remplacer les hausses en bois en mauvais \u00e9tat ou absentes ;c) mettre en place d'un clapet de d\u00e9charge, en remplacement des vannages 2,3 et 4.Le d\u00e9tail des travaux projet\u00e9s devra \u00eatre conforme au dossier de d\u00e9claration loi sur l'eaud\u00e9pos\u00e9.Les op\u00e9rations d\u00e9crites ci-dessus rentrent dans la nomenclature des op\u00e9rations soumises \u00e0d\u00e9claration au titre de l'article L.214-3 du code de l'environnement.Les rubriques concern\u00e9es de l'article R.214-1 du code de l'environnement par le projet sontles suivantes :\nArr\u00eat\u00e9s de. we z rescriptionsRubrique Intitul\u00e9 R\u00e9gime prescripg\u00e9n\u00e9ralescorrespondantInstallations, ouvrages, remblais et \u00e9pis, dans le litmineur d'un cours d'eau, constituant un obstacle \u00e0 lacontinuit\u00e9 \u00e9cologique entra\u00eenant une diff\u00e9rence de . . na 4311.0 \"C0 \"081q Se Beatie D\u00e9claration Arr\u00e9t\u00e9 duniveau sup\u00e9rieur a 20 cm mais inf\u00e9rieur a 50 cm pour le 11/09/2015d\u00e9bit moyen annuel de la ligne d'eau entre l'amont etl'aval de l'ouvrage ou de l'installationInstallations, ouvrages, travaux ou activit\u00e9s conduisant\u00e0 modifier le profil en long ou le profil en travers du litmineur d'un cours d'eau, \u00e0 l'exclusion de ceux vis\u00e9s \u00e0 la! ., . ned312.0 ame . ere , \"| D\u00e9claration Arr\u00eat\u00e9 du102 rubrique 314.0, ou conduisant \u00e0 la d\u00e9rivation d'un 28/11/2007_|cours d'eau : Sur une longueur de cours d'eau inf\u00e9rieure\u00e0 100 mInstallations, ouvrages, travaux ou activit\u00e9s, dans le litmineur d'un cours d'eau, \u00e9tant de nature \u00e0 d\u00e9truire lesfray\u00e8res, les zones de croissance ou les zones31.50 |d'alimentation de la faune piscicole, des crustac\u00e9s et| D\u00e9claration Arr\u00eat\u00e9 dudes batraciens, ou dans le lit majeur d'un cours d'eau, 30/09/2014\u00e9tant de nature \u00e0 d\u00e9truire les fray\u00e8res de brochet :Destruction de moins de 200 m? de fray\u00e8res\n4/13\nDirection d\u00e9partementale des territoires de la C\u00f4te-d'Or - 21-2026-03-31-00004 - Arr\u00eat\u00e9 pr\u00e9fectoral n\u00b0 625 du 31 mars 2026 portant\nr\u00e9c\u00e9piss\u00e9 de d\u00e9claration loi sur l'eau et prescriptions sp\u00e9cifiques relatives aux travaux de r\u00e9paration du barrage situ\u00e9 dans le lit mineur\ndu cours d'eau \"l'Ouche\" sur la commune de TART.\n14\nIl est \u00e9galement pr\u00e9vu la r\u00e9gularisation de la pr\u00e9sence historique des hausses mobilespr\u00e9sentes sur le d\u00e9versoir, a une cote l\u00e9gale de 191,30 m NGF.Chapitre III: Conditions de r\u00e9alisation des travauxArticle n\u00b04 : P\u00e9riode de r\u00e9alisation des travauxLes travaux sont r\u00e9alis\u00e9s en p\u00e9riode d'\u00e9tiage tout en maintenant l'\u00e9coulement des eauxamont-aval.Sur le plan hydrologique, les travaux seront men\u00e9s de juin \u00e0 octobre, avec ajustementn\u00e9cessaire en cas d'\u00e9pisode de crise ponctuelle. Le p\u00e9titionnaire devra transmettre aubureau Police de l'eau un document organisationnel de gestion de crise en casd'\u00e9v\u00e8nement exceptionnel.Vis-a-vis des esp\u00e8ces, les travaux sont r\u00e9alis\u00e9s sur la p\u00e9riode la plus favorable pour lerespect des rythmes biologiques. Conform\u00e9ment au calendrier du dossier d\u00e9pos\u00e9 en pages100-101, la p\u00e9riode la plus favorable est septembre-octobre, permettant de respecter lesp\u00e9riodes de nidification des oiseaux, les p\u00e9riodes de fraie des poissons et de reproductiondes amphibiens.Les travaux d'abatage d'arbres seront r\u00e9alis\u00e9s hors p\u00e9riode de nidification. Avant chaquecoupe, une v\u00e9rification de la non pr\u00e9sence sur site d'esp\u00e8ces sera effectu\u00e9e et trac\u00e9e, avecajustement du calendrier si n\u00e9cessaire.Le d\u00e9clarant doit garantir une capacit\u00e9 d'intervention rapide de jour ou de nuit afind'assurer le repliement des installations du chantier en cas de crue cons\u00e9cutive a un orageou un ph\u00e9nom\u00e8ne pluvieux de forte amplitude.Le bureau Police de l'eau, le service d\u00e9partemental de l'Office fran\u00e7ais pour la biodiversit\u00e9(OFB) et le syndicat de rivi\u00e8re de l'Ouche seront avertis quinze (15) jours avant lecommencement des travaux ainsi que de l'ach\u00e8vement de ceux-ci. A ce moment, ledocument organisationnel en cas de crise pourra \u00eatre transmis ainsi que les autresdocuments ou informations demand\u00e9s dans le cadre des prescriptions compl\u00e9mentaires.Le p\u00e9titionnaire pourra s'inspirer des recommandations du guide de \u00ab Bonnes pratiques enphase chantier des travaux en cours d'eau \u00bb de d\u00e9cembre 2015, \u00e9tabli par le Cerema etl'Office Fran\u00e7ais de la Biodiversit\u00e9.Article n\u00b05 : D\u00e9lai de r\u00e9alisation des travauxConform\u00e9ment aux dispositions de l'article R.214-40-3 du code de l'environnementmodifi\u00e9 par d\u00e9cret n\u00b02022-989 du 04juillet 2022, le b\u00e9n\u00e9ficiaire du pr\u00e9sent arr\u00eat\u00e9 dispose\u2014 sauf cas de force majeur ou demande justifi\u00e9e - d'un d\u00e9lai de trois (3) ans \u00e0 compter dela notification du pr\u00e9sent arr\u00eat\u00e9 pour r\u00e9aliser les travaux. Au-del\u00e0 de cette p\u00e9riode, lepr\u00e9sent accord cesse de produire effet et devient caduque.\n0/13\nDirection d\u00e9partementale des territoires de la C\u00f4te-d'Or - 21-2026-03-31-00004 - Arr\u00eat\u00e9 pr\u00e9fectoral n\u00b0 625 du 31 mars 2026 portant\nr\u00e9c\u00e9piss\u00e9 de d\u00e9claration loi sur l'eau et prescriptions sp\u00e9cifiques relatives aux travaux de r\u00e9paration du barrage situ\u00e9 dans le lit mineur\ndu cours d'eau \"l'Ouche\" sur la commune de TART.\n15\nArticle n\u00b06 : Financement des travauxLe co\u00fbt du projet est port\u00e9 par le p\u00e9titionnaire, \u00e0 travers des fonds propres, un emprunt et\u00e9ventuellement un subventionnement de la part de la R\u00e9gion Bourgogne-Franche-Comt\u00e9.Article n\u00b07 : Acc\u00e8s aux parcelles - occupation temporaire de terrainLes parcelles et les propri\u00e9taires riverains concern\u00e9s par ces travaux sont rappel\u00e9s \u00e0l'article 2 du pr\u00e9sent arr\u00eat\u00e9.Les chemins, voies d'acc\u00e8s et terrain ayant servi au transport et au stockage des mat\u00e9riauxseront remis \u00e0 l'\u00e9tat initial avec l'accord des propri\u00e9taires. A la fin des travaux, un courrier\u00e9mis par chaque propri\u00e9taire validera la remise en \u00e9tat propos\u00e9e par la SAS JILEO.Les propri\u00e9taires concern\u00e9s par le projet seront avertis 15 jours avant le d\u00e9marrage destravaux et seront \u00e9galement inform\u00e9s de la fin des travaux, avec le m\u00eame d\u00e9lai.Les agents mentionn\u00e9s \u00e0 l'article L216-3 du code de l'environnement et notamment ceuxcharg\u00e9s de la police de l'eau et des milieux aquatiques ont libre acc\u00e8s aux installations \u00e0tout moment, dans le cadre d'une recherche d'infraction.\nChapitre IV : Prescriptions compl\u00e9mentaires\nArticle n\u00b08 : Prescriptions en phase travauxRisques de pollutionsL'utilisation de produits phytosanitaires seront interdits tout au long de la r\u00e9alisation destravaux.Lors de l'utilisation d'engins m\u00e9caniques en g\u00e9n\u00e9ral, les fluides hydrauliques utilis\u00e9s serontbiod\u00e9gradables.Durant les travaux, le p\u00e9titionnaire et l'entreprise mandat\u00e9e par lui pour intervenirprennent les dispositions n\u00e9cessaires afin d'\u00e9viter ou limiter tout risque de pollution ducours d'eau et du milieu avoisinant. En cas de pollution identifi\u00e9e, le d\u00e9clarant prendratoutes les mesures possibles pour mettre fin \u00e0 l'\u00e9pisode de pollution, \u00e9valuer lescons\u00e9quences et rem\u00e9dier \u00e0 celles-ci. Le d\u00e9clarant devra informer dans les meilleurs d\u00e9laisle bureau Police de l'eau, l'OFB et la mairie de Tart.Afin de limiter, \u00e0 la source, les \u00e9missions de mati\u00e8res en suspension, un dispositif defiltration est mis en place \u00e0 l'aval imm\u00e9diat de la zone de travaux afin de pi\u00e9ger ou deretenir les mat\u00e9riaux les plus fins g\u00e9n\u00e9r\u00e9s par les travaux.Le stockage des hydrocarbures ainsi que la r\u00e9alisation du plein en carburants des enginsintervenant sur le chantier se fait sur une aire \u00e9tanche \u00e9loign\u00e9e du site des travaux. Deskits anti-pollution en nombre suffisant sont pr\u00e9vus et tenus \u00e0 disposition du personnelpr\u00e9sent sur le chantier. Le personnel est form\u00e9 \u00e0 leur utilisation.\n6/13\nDirection d\u00e9partementale des territoires de la C\u00f4te-d'Or - 21-2026-03-31-00004 - Arr\u00eat\u00e9 pr\u00e9fectoral n\u00b0 625 du 31 mars 2026 portant\nr\u00e9c\u00e9piss\u00e9 de d\u00e9claration loi sur l'eau et prescriptions sp\u00e9cifiques relatives aux travaux de r\u00e9paration du barrage situ\u00e9 dans le lit mineur\ndu cours d'eau \"l'Ouche\" sur la commune de TART.\n16\nLors des travaux, les engins n'auront pas acc\u00e8s au lit mineur, except\u00e9 en cas de mise enplace des batardeaux ou de tr\u00e8s courtes interventions indispensables.Concernant le risque de pollution par les laitances de ciment, qui constitue un produitfortement basique, les travaux impliquant du ciment, mortier ou b\u00e9ton arm\u00e9 ne serontr\u00e9alis\u00e9s qu'en l'absence de contact avec les eaux de l'Ouche. Le pompage des eauxcontenant des laitances de b\u00e9ton sera r\u00e9alis\u00e9 vers un bassin de d\u00e9cantation, les eauxsouill\u00e9es n'\u00e9tant pas restitu\u00e9es \u00e0 l'Ouche avant de s'assurer de leur neutralit\u00e9 chimique.Enfin, les toupies b\u00e9ton ne devront en aucun cas \u00eatre nettoy\u00e9es sur place, o\u00f9 les eaux delavage risqueraient de polluer l'Ouche. Leur nettoyage sera r\u00e9alis\u00e9 hors du chantier.\nStockagesL'ensemble des engins de chantier utilis\u00e9s sur site seront stock\u00e9s, en fin de journ\u00e9e, horszone inondable, pour \u00e9viter tout risque de pollution.Les mat\u00e9riaux n\u00e9cessaires aux besoins du chantier seront stock\u00e9s \u00e9galement hors zoneinondable.\nGestion des d\u00e9chetsLes diff\u00e9rentes phases du chantier g\u00e9n\u00e9reront des d\u00e9chets de natures diverses. Ceux-ciseront collect\u00e9s et tri\u00e9s dans des containers pr\u00e9vus dans ce but sur le site, hors zoneinondable. Les containers seront \u00e9tanches et positionn\u00e9s sur les parcelles ZD n\u00b0122 et 147sur une plateforme \u00e9tanche. Apr\u00e8s les travaux, le site du chantier sera remis en \u00e9tat. Lesmat\u00e9riaux exc\u00e9dentaires issus des travaux seront \u00e9vacu\u00e9s en zone non inondable ou eninstallation de stockage de d\u00e9chets inertes. Tous les d\u00e9chets seront \u00e9vacu\u00e9s hors du site ettrait\u00e9s conform\u00e9ment \u00e0 la r\u00e9glementation en vigueur.Les mat\u00e9riaux polluants ne seront pas stock\u00e9s sur zone inondable.Concernant les d\u00e9blais, remblais et zones de stockage, un plan de chantier d\u00e9finitif seraadress\u00e9 au bureau Police de l'eau au moins 15 jours avant le d\u00e9but des travaux, avec copieau maire de la commune de Tart aux fins de mise \u00e0 disposition du public.Les dates de d\u00e9but et fin de chantier seront pr\u00e9cis\u00e9es avec le nom de la ou des personnesmorales ou physiques retenues pour l'ex\u00e9cution des travaux. Le d\u00e9clarant est tenu decommuniquer l'arr\u00eat\u00e9 d'autorisation ainsi que le plan de chantier avec une synth\u00e8se desprincipaux enjeux li\u00e9s \u00e0 la protection des milieux aquatiques et des principalesprescriptions techniques \u00e0 chaque entreprise intervenant sur le chantier. Il peut \u00eatreassorti de fiches de consignes \u00e0 l'intention des travailleurs op\u00e9rant sur site.La gestion du chantier sera assur\u00e9e conform\u00e9ment au dossier d\u00e9pos\u00e9 pour instruction.Tout changement devra \u00eatre signal\u00e9 au Bureau Police de l'eau.\n7/13\nDirection d\u00e9partementale des territoires de la C\u00f4te-d'Or - 21-2026-03-31-00004 - Arr\u00eat\u00e9 pr\u00e9fectoral n\u00b0 625 du 31 mars 2026 portant\nr\u00e9c\u00e9piss\u00e9 de d\u00e9claration loi sur l'eau et prescriptions sp\u00e9cifiques relatives aux travaux de r\u00e9paration du barrage situ\u00e9 dans le lit mineur\ndu cours d'eau \"l'Ouche\" sur la commune de TART.\n17\nSuivi des travauxLe d\u00e9clarant \u00e9tablit au fur et \u00e0 mesure de l'avancement des travaux un compte-rendu dechantier dans lequel il retrace le d\u00e9roulement des travaux, toutes les mesures qu'il a prisespour respecter les prescriptions ci-dessus ainsi que les effets qu'il a identifi\u00e9 de sonam\u00e9nagement sur le milieu et sur l'\u00e9coulement des eaux. Ce compte-rendu est mis \u00e0 ladisposition du bureau Police de l'eau.A la fin des travaux, le d\u00e9clarant adresse au Pr\u00e9fet le plan de r\u00e9colement comprenant leprofil en long et le profil en travers ainsi que le compte-rendu de chantier.Especes envahissantesLa r\u00e9alisation du projet ne doit pas entra\u00eener la diss\u00e9mination des esp\u00e8ces exotiquesenvahissantes.Article n\u00b09 : P\u00eache de sauvegardeDes p\u00eaches de sauvegarde pourront \u00eatre r\u00e9alis\u00e9es avant le d\u00e9marrage et pendant lesphases de travaux, si n\u00e9cessaire, afin d'\u00e9viter toute mortalit\u00e9 piscicole.Le p\u00e9titionnaire devra justifier des comp\u00e9tences scientifiques et techniques n\u00e9cessaires \u00e0la conduite des actions de p\u00eache de sauvegarde. La demande de r\u00e9alisation d'op\u00e9rationsde p\u00eache de sauvegarde devra \u00eatre transmise \u00e0 la DDT, au plus tard un mois en amont desop\u00e9rations de p\u00eache. L'autorisation de r\u00e9alisation fera l'objet d'un arr\u00eat\u00e9 pr\u00e9fectoralsp\u00e9cifique.\nArticle n\u00b010 : Protection des esp\u00e8cesLes travaux ne doivent pas cr\u00e9er d'\u00e9rosion progressive ou r\u00e9gressive, ni de perturbationssignificatives de l'\u00e9coulement des eaux \u00e0 l'aval, ni accro\u00eetre les risques de d\u00e9bordement.Les hauteurs et vitesses d'\u00e9coulement r\u00e9sultant des travaux doivent \u00eatre compatibles avecla capacit\u00e9 de nage des esp\u00e8ces pr\u00e9sentes afin de ne pas constituer un obstacle \u00e0 lacontinuit\u00e9 \u00e9cologique.Les surfaces dont le substrat est modifi\u00e9 doivent \u00eatre r\u00e9duites au minimum.\nArticle n\u00b011 : Remise en \u00e9tatLes terrains concern\u00e9s par le projet seront remis en \u00e9tat conform\u00e9ment au dossier ded\u00e9claration. Dans la mesure du possible, le d\u00e9clarant proc\u00e8de \u00e0 la reconstitution de faci\u00e8sd'\u00e9coulement et des habitats pr\u00e9sents avant les travaux.Les mat\u00e9riaux naturels extraits, s'ils ne sont pas r\u00e9utilis\u00e9s, pourront \u00eatre remis dans le coursd'eau afin de ne pas remettre en cause le m\u00e9canisme de transport naturel des s\u00e9dimentset le maintien du lit dans son profil d'\u00e9quilibre.Concernant le long des berges, les plantations devront aboutir \u00e0 la reconstitution d'uneripisylve au moins \u00e9quivalente \u00e0 l'existant en densit\u00e9.8/13\nDirection d\u00e9partementale des territoires de la C\u00f4te-d'Or - 21-2026-03-31-00004 - Arr\u00eat\u00e9 pr\u00e9fectoral n\u00b0 625 du 31 mars 2026 portant\nr\u00e9c\u00e9piss\u00e9 de d\u00e9claration loi sur l'eau et prescriptions sp\u00e9cifiques relatives aux travaux de r\u00e9paration du barrage situ\u00e9 dans le lit mineur\ndu cours d'eau \"l'Ouche\" sur la commune de TART.\n18\nArticle n\u00b012 : Fin des travauxLa SAS JILEO informera l'Office fran\u00e7ais de la biodiversit\u00e9, le syndicat de rivi\u00e8re de l'Oucheet le bureau Police de l'eau 15 jours avant la fin r\u00e9elle des travaux afin de pouvoir \u00e9tablir lenouvel arr\u00eat\u00e9 pr\u00e9fectoral comprenant l'autorisation de remise en service avec la nouvellecote d'exploitation \u00e9tablie \u00e0 191,30 m NGF.Article n\u00b013 : Classement de l'ouvrageUn plan de r\u00e9colement de l'ouvrage sera transmis au bureau Police de l'eau avec unecartographie topographique de la future zone ennoy\u00e9e jusqu'\u00e0 1700 m\u00e8tres en amont del'ouvrage, en m\u00e8tres NGF, pour une cote projet\u00e9e \u00e0 191,30 m NGF avant la mise en servicede l'ouvrage. Un calcul du volume d'eau stock\u00e9 \u00e0 la cote 191,30m NGF devra \u00e9galement\u00eatre fourni (avec indication de la surface bathym\u00e9trique d\u00e9finie).Le param\u00e8tre volume d'eau est le seul param\u00e8tre garantissant le d\u00e9classement del'ouvrage.Article 14 : Mise en place d'un rep\u00e8rede niveauUn rep\u00e8re physique, facilement accessible et visible, dont le p\u00e9titionnaire pr\u00e9cisera lescaract\u00e9ristiques, cal\u00e9 \u00e0 la cote 191,30 m NGF, correspondant au nouveau niveau l\u00e9gal de laretenue devra \u00eatre install\u00e9 au niveau du moulin.\nArticle n\u00b015 : Conformit\u00e9 au dossier et modifications.Les installations, ouvrages, travaux ou activit\u00e9s, objets du pr\u00e9sent arr\u00eat\u00e9, sont situ\u00e9s,install\u00e9s et exploit\u00e9s conform\u00e9ment aux plans et contenu du dossier transmis sanspr\u00e9judice des dispositions de la pr\u00e9sente demande.Conform\u00e9ment aux dispositions des articles R.214-18 et R.214-40 du code del'environnement toute modification apport\u00e9e aux ouvrages, installations, a leur moded'utilisation, \u00e0 la r\u00e9alisation des travaux ou \u00e0 l'am\u00e9nagement en r\u00e9sultant, \u00e0 l'exercice desactivit\u00e9s ou \u00e0 leur voisinage et entra\u00eenant un changement notable des \u00e9l\u00e9ments du dossierde demande d'autorisation doit \u00eatre port\u00e9, avant sa r\u00e9alisation \u00e0 la connaissance dupr\u00e9fet.En application des prescriptions de l'article R.214-40-2 du code de l'environnement, lechangement de b\u00e9n\u00e9ficiaire doit \u00eatre d\u00e9clar\u00e9 au pr\u00e9fet par le nouveau b\u00e9n\u00e9ficiaire dansun d\u00e9lai de trois mois qui suivent la prise en charge de l'ouvrage, l'installation, des travauxou des am\u00e9nagements.L'inobservation des dispositions figurant dans le dossier d\u00e9pos\u00e9 ainsi que celles contenuesdans les prescriptions g\u00e9n\u00e9rales annex\u00e9es au pr\u00e9sent arr\u00eat\u00e9 entra\u00eene l'application dessanctions pr\u00e9vues par l'article R.216-12 du code de l'environnement.\n9/13\nDirection d\u00e9partementale des territoires de la C\u00f4te-d'Or - 21-2026-03-31-00004 - Arr\u00eat\u00e9 pr\u00e9fectoral n\u00b0 625 du 31 mars 2026 portant\nr\u00e9c\u00e9piss\u00e9 de d\u00e9claration loi sur l'eau et prescriptions sp\u00e9cifiques relatives aux travaux de r\u00e9paration du barrage situ\u00e9 dans le lit mineur\ndu cours d'eau \"l'Ouche\" sur la commune de TART.\n19\nArticle n\u00b016 : Caract\u00e8re de Il'autorisationL'autorisation est accord\u00e9e \u00e0 titre personnel, pr\u00e9caire et r\u00e9vocable sans indemnit\u00e9 de l'\u00c9tatexer\u00e7ant ses pouvoirs de police.Faute par le p\u00e9titionnaire de se conformer aux dispositions prescrites, l'administrationpeut prononcer la d\u00e9ch\u00e9ance de la pr\u00e9sente autorisation et prendre les mesuresn\u00e9cessaires pour faire dispara\u00eetre aux frais du p\u00e9titionnaire tout dommage provenant deson fait, ou pour pr\u00e9venir ces dommages dans l'int\u00e9r\u00eat de l'environnement, de la s\u00e9curit\u00e9et de la sant\u00e9 publique, sans pr\u00e9judice de l'application des dispositions p\u00e9nales relativesaux contraventions au code de l'environnement.Il en est de m\u00eame dans le cas o\u00f9, apr\u00e8s s'\u00eatre conform\u00e9 aux dispositions prescrites, lep\u00e9titionnaire change ensuite l'\u00e9tat des lieux fix\u00e9 par la pr\u00e9sente autorisation, sans y \u00eatrepr\u00e9alablement autoris\u00e9, ou s'il ne maintient pas constamment les installations en \u00e9tatnormal de bon fonctionnement.\nArticle n\u00b017 : D\u00e9claration des incidents ou accidentsLe p\u00e9titionnaire est tenu de d\u00e9clarer, d\u00e8s qu'il en a connaissance, au pr\u00e9fet les accidentsou incidents int\u00e9ressant les installations, ouvrages, travaux ou activit\u00e9s faisant l'objet de lapr\u00e9sente autorisation qui sont de nature \u00e0 porter atteinte aux int\u00e9r\u00eats mentionn\u00e9s \u00e0l'article L.211-1 du code de l'environnement. Sans pr\u00e9judice des mesures que peut prescrirele pr\u00e9fet, le ma\u00eetre d'ouvrage doit prendre ou faire prendre toutes dispositions n\u00e9cessairespour mettre fin aux causes de l'incident ou accident, pour \u00e9valuer ses cons\u00e9quences et yrem\u00e9dier.Le p\u00e9titionnaire demeure responsable des accidents ou dommages qui seraient lacons\u00e9quence de l'activit\u00e9 ou de l'ex\u00e9cution des travaux et de l'am\u00e9nagement.\nArticle n\u00b018 : Acc\u00e8s aux installationsLes agents mentionn\u00e9s \u00e0 l'article L.216-3 du code de l'environnement et notamment ceuxcharg\u00e9s de la police de l'eau et des milieux aquatiques, ont libre acc\u00e8s aux installations,ouvrages, travaux ou activit\u00e9s autoris\u00e9s par la pr\u00e9sente autorisation, dans les conditionsfix\u00e9es par le Code de l'environnement. Ils peuvent demander communication de toutepi\u00e8ce utile au contr\u00f4le de la bonne ex\u00e9cution du pr\u00e9sent arr\u00eat\u00e9.\nArticle n\u00b019 : Droits des tiersLes droits des tiers sont et demeurent express\u00e9ment r\u00e9serv\u00e9s.\nArticle n\u00b020 : Publication et information des tiers |Le pr\u00e9sent arr\u00eat\u00e9 \u00e9num\u00e9rant notamment les motifs qui ont fond\u00e9 la d\u00e9cision ainsi que lesprincipales prescriptions auxquelles cette op\u00e9ration est soumise, est affich\u00e9 pendant unedur\u00e9e minimale d'un (1) mois \u00e0 la mairie de la commune de Tart. Le pr\u00e9sent arr\u00eat\u00e9 est mis \u00e0disposition du public sur le site internet www.cote-dor.gouv.fr pendant une dur\u00e9e d'aumoins six (6) mois. 10/13\nDirection d\u00e9partementale des territoires de la C\u00f4te-d'Or - 21-2026-03-31-00004 - Arr\u00eat\u00e9 pr\u00e9fectoral n\u00b0 625 du 31 mars 2026 portant\nr\u00e9c\u00e9piss\u00e9 de d\u00e9claration loi sur l'eau et prescriptions sp\u00e9cifiques relatives aux travaux de r\u00e9paration du barrage situ\u00e9 dans le lit mineur\ndu cours d'eau \"l'Ouche\" sur la commune de TART.\n20\nUne copie sera adress\u00e9e au pr\u00e9sident de la f\u00e9d\u00e9ration de C\u00f4te-d'Or pour la p\u00eache et laprotection du milieu aquatique, au chef du service d\u00e9partemental de l'office fran\u00e7ais de labiodiversit\u00e9 (OFB), \u00e0 la CLE de l'Ouche et \u00e0 la Direction r\u00e9gionale de l'environnement et del'am\u00e9nagement et du logement (DREAL) de Bourgogne-Franche-Comt\u00e9.\nArticle n\u00b021 : Ex\u00e9cution et publicationLa directrice d\u00e9partementale des territoires de la C\u00f4te-d'Or, le maire de la commune deTart et le service d\u00e9partemental de l'office fran\u00e7ais de la biodiversit\u00e9 sont charg\u00e9s, chacunen ce qui le concerne, de l'ex\u00e9cution du pr\u00e9sent arr\u00eat\u00e9 qui sera publi\u00e9 au recueil des actesadministratifs de la pr\u00e9fecture de la C\u00f4te-d'Or.Fait \u00e0 DIJON, le 31 mars 2026Le Pr\u00e9fet,pour le Pr\u00e9fet,la directrice d\u00e9partementale des territoires,par d\u00e9l\u00e9gation,Le chef de bureau police de l'eau,sign\u00e9St\u00e9phane MAGNIOL\nVoies et d\u00e9lais de recoursDans les conditions de l'article R.514-3-1 du Code de l'environnement, le pr\u00e9sent arr\u00eat\u00e9 estsusceptible de recours contentieux devant le tribunal administratif de Dijon (22, rued'Assas - BP 61616, 21016 DIJON CEDEX) par le p\u00e9titionnaire dans un d\u00e9lai de deux (2) mois\u00e0 compter du jour o\u00f9 la pr\u00e9sente d\u00e9cision lui a \u00e9t\u00e9 notifi\u00e9e et par les tiers dans un d\u00e9lai dedeux (2) mois \u00e0 compter de la publication ou de l'affichage de cette d\u00e9cision.Dans le m\u00eame d\u00e9lai de deux (2) mois, le p\u00e9titionnaire peut pr\u00e9senter un recours gracieux.Le silence gard\u00e9 par l'administration pendant plus deux (2) mois sur la demande de recoursgracieux emporte d\u00e9cision implicite de rejet de cette demande conform\u00e9ment \u00e0 l'articleR.421-2 du Code dejustice administrative. Celui-ci prolonge le d\u00e9lai de recours contentieuxqui doit \u00eatre introduit dans les deux (2) mois suivant la r\u00e9ponse. Le tribunal administratif\n11/13\nDirection d\u00e9partementale des territoires de la C\u00f4te-d'Or - 21-2026-03-31-00004 - Arr\u00eat\u00e9 pr\u00e9fectoral n\u00b0 625 du 31 mars 2026 portant\nr\u00e9c\u00e9piss\u00e9 de d\u00e9claration loi sur l'eau et prescriptions sp\u00e9cifiques relatives aux travaux de r\u00e9paration du barrage situ\u00e9 dans le lit mineur\ndu cours d'eau \"l'Ouche\" sur la commune de TART.\n21\nDirection d\u00e9partementale des territoires de la\nC\u00f4te-d'Or\nService Pr\u00e9servation et Am\u00e9nagement de\nl'Espace (SPAE)\n21-2026-03-30-00002\nAP Saint julien circulation 20260402 RAA\nDirection d\u00e9partementale des territoires de la C\u00f4te-d'Or - 21-2026-03-30-00002 - AP Saint julien circulation 20260402 RAA 22\n| | Direction d\u00e9partementale des territoiresPREFET de la C\u00f4te-d'OrDELACOTE-D'ORLibert\u00e9Egalit\u00e9 eFraternit\u00e9\nDijon, le 30 mars 2026\nArr\u00eat\u00e9 n\u00b0 2026/641portant dispositions particuli\u00e8res de circulation \u00e0 l'occasion d'une battue administrative dedestruction de sangliersLe pr\u00e9fet de la C\u00f4te-d'Or\nVU le code de la route, et notamment les articles R. 411-18, R.421-1 \u00e0 R421-10,VU le d\u00e9cret n\u00b02005-1499 du 5 d\u00e9cembre 2005 relatif \u00e0 la consistance du r\u00e9seau national,VU le d\u00e9cret n\u00b02004-374 du 29 avril 2004 relatif aux pouvoirs des pr\u00e9fets, \u00e0 l'organisation et \u00e0l'action des services de l'\u00c9tat dans les r\u00e9gions et les d\u00e9partements,VU le d\u00e9cret du 10 octobre 2024 portant nomination de Monsieur Paul MOURIER, pr\u00e9fet de lar\u00e9gion Bourgogne-Franche-Comt\u00e9, pr\u00e9fet de la C\u00f4te-d'Or ;VU l'arr\u00eat\u00e9 interminist\u00e9riel du 24 novembre 1967 modifi\u00e9, relatif \u00e0 la signalisation des routeset autoroutes,VU l'arr\u00eat\u00e9 pr\u00e9fectoral n\u00b0 1010/SG du 02 juillet 2025 donnant d\u00e9l\u00e9gation de signature \u00e0Madame Aur\u00e9lie CONTRECIVILE directrice de cabinet du pr\u00e9fet de la C\u00f4te-d'Or,VU l'arr\u00eat\u00e9 pr\u00e9fectoral autorisant une battue administrative de destruction de sangliers surles communes de Arceau, Orgeux, Saint-Julien et Varois-et-Chaignot;VU les avis des maires de Arceau, Orgeux et Saint-Julien ;Consid\u00e9rant, \u00e0 l'issue de la r\u00e9union pr\u00e9paratoire inter-services du 19 mars 2026, que la datede la battue administrative susvis\u00e9e a \u00e9t\u00e9 fix\u00e9e au jeudi 2 avril 2026 ;Consid\u00e9rant que le p\u00e9rim\u00e8tre de la battue administrative susvis\u00e9e jouxtera imm\u00e9diatement,de part et d'autre, la route d\u00e9partementale D28D, voie routi\u00e8re reliant, au Nord, la communede Saint-Julien \u00ab rue des Alleux \u00bb, et, au Sud, la commune d'Orgeux \u00ab rue de |'Assomption \u00bb ;Consid\u00e9rant que le p\u00e9rim\u00e8tre de la battue administrative susvis\u00e9e jouxtera imm\u00e9diatement,de part et d'autre, la route d\u00e9partementale D960, voie routi\u00e8re reliant, \u00e0 l'ouest la commune\nDirection d\u00e9partementale ce23 territoires de la C\u00f4te-d'Or\nDirection d\u00e9partementale des territoires de la C\u00f4te-d'Or - 21-2026-03-30-00002 - AP Saint julien circulation 20260402 RAA 23\nd'Orgeux \u00abroute de Fontaine-Fran\u00e7aise \u00bb, et, \u00e0 l'est, Arcelot quartier de la communed'Arceau \u00ab rue du faubourg Gallas \u00bb ;Consid\u00e9rant qu'il y a lieu de r\u00e9glementer la circulation sur les voies routi\u00e8res D28D et D960afin de garantir la s\u00e9curit\u00e9 des usagers comme la s\u00e9curit\u00e9 de la battue administrativesusvis\u00e9e;\nARR\u00caTE\nArticle 1\u00b0 :Le jeudi 2 avril 2026 de 8h00 \u00e0 14h00 :* commune de Saint-JulienLes extr\u00e9mit\u00e9s des chemins de desserte des argilli\u00e8res, du bois br\u00fbl\u00e9 et du bois de l'Essartseront bloqu\u00e9s.* route d\u00e9partementale D28DLa circulation de tous v\u00e9hicules et le cheminement des pi\u00e9tons sont interdits sur cette voierouti\u00e9re reliant, au Nord, la commune de Saint-Julien, et, au Sud, la commune d'Orgeux.Seuls, les v\u00e9hicules et les pi\u00e9tons li\u00e9s \u00e0 la battue administrative seront autoris\u00e9s \u00e0 circuler ou \u00e0cheminer sur la voie.La voie routi\u00e8re D28D sera ferm\u00e9e \u00e0 la circulation :+ au Nord: depuis la \u00ab rue des Alleux \u00bb sur le territoire de la commune de Saint-Julien;* au Sud, \u00ab rue de l'Assomption \u00bb sur le territoire de la commune d'Orgeux.- route d\u00e9partementale D960La vitesse sera r\u00e9duite a 50 km/h (risque potentiel de travers\u00e9es de suid\u00e9s)+ a l'Ouest, depuis la route de \u00abFontaine-Fran\u00e7aise \u00bb sur le territoire de lacommune d'Orgeux ; |* a l'Est depuis la rue \u00ab du Faubourg Gallas \u00bb \u00e0 Arcelot, quartier de la communed'Arceau.\nArticle 2:La circulation entre les communes de Saint-Julien et Orgeux est maintenu par la D28, Ruffey-l\u00e9s-Echirey, la D104, Varois-et-Chaignot et la D960.\noO\n'\u00d9En\nnD\n{\nDirection d\u00e9partementale des territoires de la C\u00f4te-d'Or - 21-2026-03-30-00002 - AP Saint julien circulation 20260402 RAA 24\nArticle 3:Les services de Gendarmerie pourront, en fonction des circonstances, all\u00e9ger ou renforcer lesmesures pr\u00e9vues et prendre toutes initiatives utiles afin de pourvoir a la s\u00e9curit\u00e9 des usagerset faciliter l'\u00e9coulement de la circulation.\nArticle 4 :Une signalisation sera mise en place aux points de fermetures des voies expos\u00e9s \u00e0 l'article 1%.\nArticle 5 :Le pr\u00e9sent arr\u00eat\u00e9 peut faire l'objet d'un recours gracieux aupr\u00e8s du pr\u00e9fet et/ou d'un recourscontentieux devant le tribunal administratif dans un d\u00e9lai de 2 mois \u00e0 compter de sanotification. Le tribunal administratif peut \u00eatre saisi par un recours d\u00e9pos\u00e9 via l'applicationT\u00e9l\u00e9recours citoyens accessible par le site internet www.telerecours.fr.\nArticle 6 :- La directrice de cabinet du pr\u00e9fet de la C\u00f4te-d'Or,- le commandant du Groupement de gendarmerie de la C\u00f4te-d'Or,- les maires de Arceau, Orgeux et Saint-Julien,sont charg\u00e9s, chacun en ce qui le concerne, de l'ex\u00e9cution du pr\u00e9sent arr\u00eat\u00e9.Le pr\u00e9sent arr\u00eat\u00e9 sera publi\u00e9 au recueil des actes administratifs de la pr\u00e9fecture de la C\u00f4ted'Or.Une copie du pr\u00e9sent arr\u00eat\u00e9 sera adress\u00e9e pour information :- au Directeur D\u00e9partemental des Services d'Incendie et de Secours de la C\u00f4te-d'Or,- au SAMU de Dijon.\nLe pr\u00e9fet,pour le pr\u00e9fet et par d\u00e9l\u00e9gation,la directrice de cabinet,sign\u00e9Aur\u00e9lie CONTRECIVILE\nDirection d\u00e9partementale des territoires de la C\u00f4te-d'Or57, rue de Mulhouse - BP 53317 - 21033 Dijon CEDEX\u00e9l, : 03 80 29 44 44n el + \u2014_ al POP Ce\n{\nDirection d\u00e9partementale des territoires de la C\u00f4te-d'Or - 21-2026-03-30-00002 - AP Saint julien circulation 20260402 RAA 25\nDirection d\u00e9partementale des territoires de la C\u00f4te-d'Or - 21-2026-03-30-00002 - AP Saint julien circulation 20260402 RAA 26\nDirection d\u00e9partementale des territoires de la\nC\u00f4te-d'Or\nService Pr\u00e9servation et Am\u00e9nagement de\nl'Espace (SPAE)\n21-2026-03-30-00001\nArr\u00eat\u00e9 pr\u00e9fectoral du 30 mars 2026 portant\nrenouvellement du bureau de l'association\nfonci\u00e8re d'ARCENANT\nDirection d\u00e9partementale des territoires de la C\u00f4te-d'Or - 21-2026-03-30-00001 - Arr\u00eat\u00e9 pr\u00e9fectoral du 30 mars 2026 portant\nrenouvellement du bureau de l'association fonci\u00e8re d'ARCENANT 27\nzsPREFETDELACOTE-D'ORLibert\u00e9Egalit\u00e9Fraternit\u00e9\nDirection d\u00e9partementale des territoires\nde la C\u00f4te-d'Or\nArr\u00eat\u00e9 pr\u00e9fectoral du 30 mars 2026\nportant renouvellement du bureau de l'association fonci\u00e8re d'ARCENANT\nLe Pr\u00e9fet de la C\u00f4te-d'Or\nVU le code rural et de la p\u00eache maritime, notamment ses articles L121-1 \u00e0 L121-26 ; L123-1 \u00e0 L123-35 ; \nL131-1 et L133-1 \u00e0 L133-7 ; R131-1 et R133-1 \u00e0 R133-15 ;\nVU  l'arr\u00eat\u00e9 pr\u00e9fectoral n\u00b0437 DDAF 1 er d\u00e9cembre 1987 relatif \u00e0 la constitution d'une association  \nfonci\u00e8re dans la commune d'ARCENANT ;\nVU  l'arr\u00eat\u00e9 pr\u00e9fectoral du 11 mars 2019 dernier en date portant renouvellement du bureau de  \nl'association fonci\u00e8re d'ARCENANT ;\nVU l'arr\u00eat\u00e9  pr\u00e9fectoral  n\u00b0 507  /  SG  du  28  mars  2025  donnant  d\u00e9l\u00e9gation  de  signature  \u00e0  \nMme Manuelle DUPUY, directrice d\u00e9partementale des territoires de la C\u00f4te-d'Or ;\nVU l'arr\u00eat\u00e9 pr\u00e9fectoral n\u00b0 1333 du 28 ao\u00fbt 2025 portant d\u00e9l\u00e9gation de signature aux agents de la  \ndirection d\u00e9partementale des territoires de la C\u00f4te-d'Or ;\nVU la d\u00e9lib\u00e9ration du conseil municipal d'A RCENANT  du 15 janvier 2026  d\u00e9signant la moiti\u00e9 des  \nmembres appel\u00e9s \u00e0 faire partie du nouveau bureau de l'association fonci\u00e8re d'ARCENANT ;\nVU le courrier du pr\u00e9sident de la chambre d'agriculture du 16 mars 2026 d\u00e9signant l'autre moiti\u00e9  \ndes membres ;\nSUR proposition de la directrice d\u00e9partementale des territoires ;\nA R R \u00ca T E\n1\nDirection d\u00e9partementale des territoires de la C\u00f4te-d'Or\n57 , rue de Mulhouse - BP 53317 - 21033 Dijon CEDEX\nT\u00e9l. : 03 80 29 44 44\nCourriel : ddt@cote-dor.gouv.fr - Site internet : \nhttp://www.cote-dor.gouv.fr\nDirection d\u00e9partementale des territoires de la C\u00f4te-d'Or - 21-2026-03-30-00001 - Arr\u00eat\u00e9 pr\u00e9fectoral du 30 mars 2026 portant\nrenouvellement du bureau de l'association fonci\u00e8re d'ARCENANT 28\nARTICLE 1  er   : \nSont nomm\u00e9s membres du bureau de l'association fonci\u00e8re d'ARCENANT pour une p\u00e9riode de six  \nans :\n* le maire de la commune ou un conseiller municipal d\u00e9sign\u00e9 par lui ;\n* les propri\u00e9taires dont les noms suivent\nd\u00e9sign\u00e9s par le conseil municipal d\u00e9sign\u00e9s par la chambre d'agriculture\nM. Pierre GROS M. Olivier JOUAN\nM. S\u00e9bastien HUDELOT Mme Elise JOANNET-BAZZANA \nM. Jean-Claude TRAPET M. Jean-Marie LELIEVRE\nM. Aur\u00e9lien VERDET M. Beno\u00eet VOIZENON\nM. Fran\u00e7ois PERRIER Mme Lydie DONZEL\nM. Catherine VAN DEN BOSSCHE M. Jacky BELORGEY\n* la  directrice  d\u00e9partementale  des  territoires  de  la  C\u00f4te-d'Or  ou  son  repr\u00e9sentant,  avec  voix  \nconsultative.\nARTICLE 2     :   \nLe bureau \u00e9lira en son sein le pr\u00e9sident charg\u00e9 de l'ex\u00e9cution de ses d\u00e9lib\u00e9rations ainsi que le vice-\npr\u00e9sident et le secr\u00e9taire.\nARTICLE 3     : \nCette d\u00e9cision peut \u00eatre contest\u00e9e devant le tribunal administratif de Dijon dans un d\u00e9lai de 2 mois \n\u00e0 compter de sa publication.\nARTICLE 4 : \nLa directrice d\u00e9partementale des territoires de la C\u00f4te-d'Or, le pr\u00e9sident de l'association fonci\u00e8re  \nd'ARCENANT et le maire de la commune d'ARCENANT, sont charg\u00e9s, chacun en ce qui le concerne, \nde l'ex\u00e9cution des dispositions du pr\u00e9sent arr\u00eat\u00e9 qui sera publi\u00e9 au recueil des actes administratifs  \nde  la  pr\u00e9fecture,  notifi\u00e9  \u00e0  chacun  des  membres  de  l'association  fonci\u00e8re  et  affich\u00e9  dans  la  \ncommune d'ARCENANT.\nFait \u00e0 Dijon, le 30 mars 2026\nPour le pr\u00e9fet et par d\u00e9l\u00e9gation,\nPour la directrice d\u00e9partementale,\nle chef du bureau nature, sites, \n\u00e9nergies renouvelables\nSign\u00e9 : Laurent TISNE\n2\nDirection d\u00e9partementale des territoires de la C\u00f4te-d'Or - 21-2026-03-30-00001 - Arr\u00eat\u00e9 pr\u00e9fectoral du 30 mars 2026 portant\nrenouvellement du bureau de l'association fonci\u00e8re d'ARCENANT 29\nDirection d\u00e9partementale des territoires de la\nC\u00f4te-d'Or\nService S\u00e9curit\u00e9 et Education Routi\u00e8re\n21-2026-03-31-00006\nArr\u00eat\u00e9 Pr\u00e9fectoral N\u00b0633 portant d\u00e9rogation \u00e0\ntitre temporaire \u00e0 l'interdiction de circulation\ndes v\u00e9hicules  de transport de marchandises \u00e0\ncertaines p\u00e9riodes pour les v\u00e9hicules  de plus de\n7,5 tonnes de PTAC exploit\u00e9s par la soci\u00e9t\u00e9\nCOLAS FRANCE domicili\u00e9e \u00e0 LONGVIC (21)\nDirection d\u00e9partementale des territoires de la C\u00f4te-d'Or - 21-2026-03-31-00006 - Arr\u00eat\u00e9 Pr\u00e9fectoral N\u00b0633 portant d\u00e9rogation \u00e0 titre\ntemporaire \u00e0 l'interdiction de circulation des v\u00e9hicules  de transport de marchandises \u00e0 certaines p\u00e9riodes pour les v\u00e9hicules  de plus\nde 7,5 tonnes de PTAC exploit\u00e9s par la soci\u00e9t\u00e9 COLAS FRANCE domicili\u00e9e \u00e0 LONGVIC (21)\n30\nEnPREFETDE LACOTE-D'ORLibert\u00e9Egalit\u00e9Fraternit\u00e9\nDirection d\u00e9partementale des territoires\nde la C\u00f4te-d'Or\nAffaire suivie par Manon BEAULIEU     \nService de la s\u00e9curit\u00e9 et de l'\u00e9ducation routi\u00e8re\nBureau de la s\u00e9curit\u00e9 routi\u00e8re\nT\u00e9l : 03 80 29 44 23\nm\u00e9l : ddt-transports@cote-dor.gouv.fr\nArr\u00eat\u00e9 Pr\u00e9fectoral N\u00b0633\nportant d\u00e9rogation \u00e0 titre temporaire \u00e0 l'interdiction de circulation des v\u00e9hicules \nde transport de marchandises \u00e0 certaines p\u00e9riodes pour les v\u00e9hicules \nde plus de 7,5 tonnes de PTAC exploit\u00e9s par la soci\u00e9t\u00e9 COLAS FRANCE domicili\u00e9e \n\u00e0 LONGVIC (21)\nPr\u00e9fet de la C\u00f4te-d'Or\nVU le Code g\u00e9n\u00e9ral des collectivit\u00e9s territoriales, notamment son article L. 2215-1 ;\nVU le Code de la route, notamment son article R. 411-18 ; \nVU la loi n\u00b0 82-213 du 2 mars 1982 modifi\u00e9e relative aux droits et libert\u00e9s des communes, des  \nd\u00e9partements et des r\u00e9gions, notamment son article 34 ;\nVU le d\u00e9cret n\u00b02004-374 du 29 avril 2004 relatif aux pouvoirs des pr\u00e9fets, \u00e0 l'organisation et \u00e0  \nl'action des services de l'\u00c9tat dans les r\u00e9gions et les d\u00e9partements ;\nVU le d\u00e9cret n\u00b0 97-34 du 15 janvier 1997 modifi\u00e9 relatif \u00e0 la d\u00e9concentration des d\u00e9cisions  \nadministratives individuelles ;\nVU l'arr\u00eat\u00e9 interminist\u00e9riel du 16 avril 2021 relatif \u00e0 l'interdiction de circulation des v\u00e9hicules  \nde transport de marchandises \u00e0 certaines p\u00e9riodes et notamment son article 5 ;\nVU l'arr\u00eat\u00e9 du 26 avril 2025 relatif aux interdictions compl\u00e9mentaires de circulation des  \nv\u00e9hicules de transport de marchandises pour l'ann\u00e9e 2025 ;\nVU l'arr\u00eat\u00e9 pr\u00e9fectoral n\u00b0 507 / SG du 28 mars 2025 donnant d\u00e9l\u00e9gation de signature \u00e0 Mme  \nManuelle Dupuy, directrice d\u00e9partementale des territoires de la C\u00f4te-d'Or ;\nDirection d\u00e9partementale des territoires de la C\u00f4te-d'Or\n57, rue de Mulhouse - BP 53317 - 21033 Dijon CEDEX\nT\u00e9l. : 03 80 29 44 44\nCourriel : ddt@cote-dor.gouv.fr\nDirection d\u00e9partementale des territoires de la C\u00f4te-d'Or - 21-2026-03-31-00006 - Arr\u00eat\u00e9 Pr\u00e9fectoral N\u00b0633 portant d\u00e9rogation \u00e0 titre\ntemporaire \u00e0 l'interdiction de circulation des v\u00e9hicules  de transport de marchandises \u00e0 certaines p\u00e9riodes pour les v\u00e9hicules  de plus\nde 7,5 tonnes de PTAC exploit\u00e9s par la soci\u00e9t\u00e9 COLAS FRANCE domicili\u00e9e \u00e0 LONGVIC (21)\n31\nVU l'arr\u00eat\u00e9 pr\u00e9fectoral n\u00b0 1333 du 28 ao\u00fbt 2025 portant d\u00e9l\u00e9gation de signature aux agents  \nde la direction d\u00e9partementale des territoires de la C\u00f4te-d'Or ;\nVU la  demande  pr\u00e9sent\u00e9e  le  30/03/2026  par  l'entreprise  COLAS  FRANCE  domicili\u00e9e  \u00e0  \nLONGVIC (21) ;\nConsid\u00e9rant que la circulation des v\u00e9hicules exploit\u00e9s par l'entreprise susvis\u00e9e permet de  \ncontribuer  \u00e0  l'ex\u00e9cution  de  services  publics  a n  de  r\u00e9pondre  \u00e0  des  besoins  collectifsfi  \nimm\u00e9diats, conform\u00e9ment \u00e0 l'article 5-II- 4 de l'arr\u00eat\u00e9 interminist\u00e9riel du 16 avril 2021\nSUR proposition de Madame la directrice d\u00e9partementale des territoires de la C\u00f4te-d'Or ;\nARRETE\nArticle 1er : \nLes v\u00e9hicules dont les num\u00e9ros d'immatriculation figurent dans l'annexe jointe au pr\u00e9sent  \narr\u00eat\u00e9 exploit\u00e9s par l'entreprise COLAS FRANCE, sise 10 BD EIFFEL 21600 LONGVIC (21600),  \nsont autoris\u00e9s \u00e0 circuler en d\u00e9rogation aux articles 1 et 2 de l'arr\u00eat\u00e9 interminist\u00e9riel du 16 avril  \n2021  relatif  \u00e0  l'interdiction  de  circulation  des  v\u00e9hicules  de  transport  de  marchandises  \u00e0 \ncertaines p\u00e9riodes.\nArticle 2 : \nCette d\u00e9rogation est accord\u00e9e afin d'assurer le transport de granulats, mat\u00e9riaux de d\u00e9blais  \net b\u00e9ton, dans le cadre de travaux pr\u00e9vu par la SNCF  :\n\u2022 point de d\u00e9part et de retour :  Entreprise COLAS, 10 BD EIFFEL 21600 LONGVIC\n\u2022 point de chargement et de d\u00e9chargement : SNCF 21490 RUFFEY-LES-ECHIREY\nCette d\u00e9rogation est valable : du dimanche 5 avril 2026 \u00e0 8h au lundi 6 avril 2026 \u00e0 16h\nArticle 3 :\nLe responsable du v\u00e9hicule doit pouvoir justifier, en cas de contr\u00f4le, aupr\u00e8s des agents de  \nl'autorit\u00e9 comp\u00e9tente de la conformit\u00e9 du transport effectu\u00e9 au regard des dispositions de la \npr\u00e9sente d\u00e9rogation.\nUne  copie  du  pr\u00e9sent  arr\u00eat\u00e9  et  de  son  annexe  doivent  se  trouver  \u00e0  bord  du  v\u00e9hicule.  \nL'original de l'arr\u00eat\u00e9 est archiv\u00e9 par la direction d\u00e9partementale des territoires de la C\u00f4te-\nd'Or.\nDirection d\u00e9partementale des territoires de la C\u00f4te-d'Or\n57, rue de Mulhouse - BP 53317 - 21033 Dijon CEDEX\nT\u00e9l. : 03 80 29 44 44\nCourriel : ddt@cote-dor.gouv.fr\nDirection d\u00e9partementale des territoires de la C\u00f4te-d'Or - 21-2026-03-31-00006 - Arr\u00eat\u00e9 Pr\u00e9fectoral N\u00b0633 portant d\u00e9rogation \u00e0 titre\ntemporaire \u00e0 l'interdiction de circulation des v\u00e9hicules  de transport de marchandises \u00e0 certaines p\u00e9riodes pour les v\u00e9hicules  de plus\nde 7,5 tonnes de PTAC exploit\u00e9s par la soci\u00e9t\u00e9 COLAS FRANCE domicili\u00e9e \u00e0 LONGVIC (21)\n32\nArticle 4 :\nLe pr\u00e9sent arr\u00eat\u00e9 peut faire l'objet d'un recours contentieux devant le tribunal administratif  \nde Dijon dans un d\u00e9lai de deux mois \u00e0 compter de sa publication. Un recours peut \u00eatre  \nd\u00e9pos\u00e9  via  l'application  T\u00e9l\u00e9recours  citoyens  accessible  par  le  site  internet  \nwww.telerecours.fr\nArticle 5 :\nLa directrice d\u00e9partementale des territoires de la C\u00f4te-d'Or est charg\u00e9e de l'ex\u00e9cution du  \npr\u00e9sent arr\u00eat\u00e9 qui sera publi\u00e9 au recueil des actes administratifs de la pr\u00e9fecture de la C\u00f4te-\nd'Or et notifi\u00e9 au responsable l\u00e9gal de l'entreprise  COLAS FRANCE domicili\u00e9e \u00e0  LONGVIC \n(21)\nFait \u00e0 Dijon, le 31 mars 2026\nPour le Pr\u00e9fet et par d\u00e9l\u00e9gation,\nLe chef du Service S\u00e9curit\u00e9 et Education Routi\u00e8re\nSIGNE\nPhilippe MUNIER\nDirection d\u00e9partementale des territoires de la C\u00f4te-d'Or\n57, rue de Mulhouse - BP 53317 - 21033 Dijon CEDEX\nT\u00e9l. : 03 80 29 44 44\nCourriel : ddt@cote-dor.gouv.fr\nDirection d\u00e9partementale des territoires de la C\u00f4te-d'Or - 21-2026-03-31-00006 - Arr\u00eat\u00e9 Pr\u00e9fectoral N\u00b0633 portant d\u00e9rogation \u00e0 titre\ntemporaire \u00e0 l'interdiction de circulation des v\u00e9hicules  de transport de marchandises \u00e0 certaines p\u00e9riodes pour les v\u00e9hicules  de plus\nde 7,5 tonnes de PTAC exploit\u00e9s par la soci\u00e9t\u00e9 COLAS FRANCE domicili\u00e9e \u00e0 LONGVIC (21)\n33\nANNEXE\n\u00e0 l'arr\u00eat\u00e9 pr\u00e9fectoral n\u00b0633 du 31 mars 2026\nArticle R. 411-18 du Code de la route \u2013 Article 5-II de l'arr\u00eat\u00e9 interminist\u00e9riel du 16 avril 2021.\nD\u00e9rogation temporaire aux interdictions de circulations g\u00e9n\u00e9rales et compl\u00e9mentaires \npr\u00e9vues par les articles 1 et 2 de l'arr\u00eat\u00e9 interminist\u00e9riel du 16 avril 2021.\nConform\u00e9ment \u00e0 l'article 8 de l'arr\u00eat\u00e9 interminist\u00e9riel du 16 avril 2021, la d\u00e9rogation \nindividuelle \u00e0 titre temporaire doit \u00eatre obligatoirement compl\u00e9t\u00e9e par son titulaire avant le \nd\u00e9part du v\u00e9hicule en indiquant la date du d\u00e9placement et le num\u00e9ro d'immatriculation du \nv\u00e9hicule.\nDate du d\u00e9placement : du dimanche 5 avril 2026 \u00e0 8h au lundi 6 avril 2026 \u00e0 16h\nV\u00e9hicules concern\u00e9s (le cas \u00e9ch\u00e9ant)\nType N\u00b0 immatriculation\nCAM BENNE 1315 XW 21\nCAM BENNE AMO AE 111 WN\nCAM BENNE AMO BL 564 MD\nCAM BENNE DN 134 AF\nCAM BENNE AMO FQ 463 AS\nCAM BENNE FQ 945 JJ\nUne copie de l'arr\u00eat\u00e9 pr\u00e9fectoral et son annexe doivent se trouver \u00e0 bord du v\u00e9hicule\net pouvoir \u00eatre pr\u00e9sent\u00e9s aux agents charg\u00e9s du contr\u00f4le.\nL'original de l'arr\u00eat\u00e9 est archiv\u00e9 par la direction d\u00e9partementale des territoires de la C\u00f4te-\nd'Or.\nDirection d\u00e9partementale des territoires de la C\u00f4te-d'Or\n57, rue de Mulhouse - BP 53317 - 21033 Dijon CEDEX\nT\u00e9l. : 03 80 29 44 44\nCourriel : ddt@cote-dor.gouv.fr\nDirection d\u00e9partementale des territoires de la C\u00f4te-d'Or - 21-2026-03-31-00006 - Arr\u00eat\u00e9 Pr\u00e9fectoral N\u00b0633 portant d\u00e9rogation \u00e0 titre\ntemporaire \u00e0 l'interdiction de circulation des v\u00e9hicules  de transport de marchandises \u00e0 certaines p\u00e9riodes pour les v\u00e9hicules  de plus\nde 7,5 tonnes de PTAC exploit\u00e9s par la soci\u00e9t\u00e9 COLAS FRANCE domicili\u00e9e \u00e0 LONGVIC (21)\n34\nDirection des services d\u00e9partementaux de\nl'\u00e9ducation nationale de C\u00f4te-d'Or\nService D\u00e9partemental \u00e0 la Jeunesse, \u00e0\nl'engagement et aux Sports\n21-2026-03-19-00005\nArr\u00eat\u00e9 pr\u00e9fectoral portant approbation de\nl'avenant \u00e0 la convention conclue entre\nl'association Dijon Football C\u00f4te d'Or et la\nsoci\u00e9t\u00e9 par actions simplifi\u00e9es Dijon Football\nC\u00f4te d'Or\nDirection des services d\u00e9partementaux de l'\u00e9ducation nationale de C\u00f4te-d'Or - 21-2026-03-19-00005 - Arr\u00eat\u00e9 pr\u00e9fectoral portant\napprobation de l'avenant \u00e0 la convention conclue entre l'association Dijon Football C\u00f4te d'Or et la soci\u00e9t\u00e9 par actions simplifi\u00e9es\nDijon Football C\u00f4te d'Or\n35\nPREFETDELACOTE-D'ORLibert\u00e9Egalit\u00e9Fraternit\u00e9\nPage 1 sur 2 \n \n \n \n \n \nARR\u00caT\u00c9 PR\u00c9FECTORAL N\u00b0 2026-008/DSDEN/SDJES \n \nPORTANT APPROBATION DE L'AVENANT \u00c0 LA CONVENTION CONCLUE \nENTRE L'ASSOCIATION DIJON FOOTBALL C\u00d4TE\u2013D'OR  \nET LA SOCI\u00c9T\u00c9 PAR ACTIONS SIMPLIFI\u00c9E DIJON FOOTBALL C\u00d4TE\u2013D'OR  \n \n \nLe pr\u00e9fet de C\u00f4te-d'Or, \n \n \nVu le code du sport et notamment ses articles L.122-1 \u00e0 L.122-19, D.122-10 et R.122-1 \u00e0 R.122-12 relatifs aux \nactivit\u00e9s sportives et aux relations entre les associations sportives et les soci\u00e9t\u00e9s sportives qu 'elles \nconstituent ; \n \nVu le courrier de demande d'approbation adress\u00e9 le 19 f\u00e9vrier 2026 au pr\u00e9fet du d\u00e9partement ; \n \nVu l'avis formul\u00e9 par la Ligue de Football Professionnel en date du 16 mars 2026 ; \n \nVu l'avis formul\u00e9 par la F\u00e9d\u00e9ration Fran\u00e7aise de Football en date du 6 mars 2026 ; \n \nConsid\u00e9rant la convention conclue le 30 juin 2021 entre l'association Dijon Football C\u00f4te-d'Or et la soci\u00e9t\u00e9 \nanonyme association Dijon Football C\u00f4te-d'Or ; \n \nConsid\u00e9rant que l'avenant modifiant la  convention entre l'association Dijon Football C\u00f4te -d'Or et la \nsoci\u00e9t\u00e9 anonyme Dijon Football C\u00f4te -d'Or, sp\u00e9cifiant la transformation de statut de la soci\u00e9t\u00e9 anonyme \nDijon Football C\u00f4te -d'Or en soci\u00e9t\u00e9 par actions simplifi\u00e9e  Dijon Football C\u00f4te -d'Or conclu le 1er f\u00e9vrier \n2026, comprend l'ensemble des dispositions r\u00e9glementaires mentionn\u00e9es \u00e0 l'article R .122-8 du code du \nsport ; \n \nConsid\u00e9rant que tous les documents compl\u00e9mentaires obligatoires, \u00e9nonc\u00e9s \u00e0 l'article D.122 -10 du code \ndu sport, ont \u00e9t\u00e9 adress\u00e9s dans le cadre de la demande d'approbation susmentionn\u00e9e ;  \n \nConsid\u00e9rant l'avis de la Ligue de Football Professionnel ; \n \nConsid\u00e9rant l'avis de la F\u00e9d\u00e9ration Fran\u00e7aise de Football ; \n \n \n \n \n \nService d\u00e9partemental jeunesse, \nengagement et sports \n \nDirection des services d\u00e9partementaux de l'\u00e9ducation nationale de C\u00f4te-d'Or - 21-2026-03-19-00005 - Arr\u00eat\u00e9 pr\u00e9fectoral portant\napprobation de l'avenant \u00e0 la convention conclue entre l'association Dijon Football C\u00f4te d'Or et la soci\u00e9t\u00e9 par actions simplifi\u00e9es\nDijon Football C\u00f4te d'Or\n36\nPage 2 sur 2 \n \nARR\u00caTE : \n \nArticle 1er :  \nL'avenant entre l'association Dijon Football C\u00f4te -d'Or et la soci\u00e9t\u00e9 par actions simplifi\u00e9 e Dijon Football \nC\u00f4te-d'Or modifiant la convention du 30 juin 2021 est approuv\u00e9. \n \nArticle 2 : \nMonsieur le pr\u00e9fet est charg\u00e9 de l'ex\u00e9cution  du pr\u00e9sent arr\u00eat\u00e9 qui sera publi\u00e9 au recueil des actes \nadministratifs de la pr\u00e9fecture de C\u00f4te-d'Or. Un exemplaire sera adress\u00e9 \u00e0 Madame la ministre des sports, \nMonsieur le pr\u00e9sident de l'association Dijon Football C\u00f4te-d'Or et Monsieur le pr\u00e9sident de la soci\u00e9t\u00e9 par \nactions simplifi\u00e9e Dijon Football C\u00f4te-d'Or. \n \n \n  \nDijon, le 19 mars 2026 \n \nLe Pr\u00e9fet, \n \nOriginal sign\u00e9 \n \nPaul Mourier \n \n \n \n \n \n \n \n \n \n \n \n \nDirection des services d\u00e9partementaux de l'\u00e9ducation nationale de C\u00f4te-d'Or - 21-2026-03-19-00005 - Arr\u00eat\u00e9 pr\u00e9fectoral portant\napprobation de l'avenant \u00e0 la convention conclue entre l'association Dijon Football C\u00f4te d'Or et la soci\u00e9t\u00e9 par actions simplifi\u00e9es\nDijon Football C\u00f4te d'Or\n37\nDirection des services d\u00e9partementaux de\nl'\u00e9ducation nationale de C\u00f4te-d'Or\nService D\u00e9partemental \u00e0 la Jeunesse, \u00e0\nl'engagement et aux Sports\n21-2026-03-19-00004\nArr\u00eat\u00e9 pr\u00e9fectoral portant approbation de la\nconvention conclue entre l'association Dijon\nFootball C\u00f4te d'Or et la soci\u00e9t\u00e9 par actions\nsimplifi\u00e9es Dijon Football C\u00f4te d'Or f\u00e9minines\nDirection des services d\u00e9partementaux de l'\u00e9ducation nationale de C\u00f4te-d'Or - 21-2026-03-19-00004 - Arr\u00eat\u00e9 pr\u00e9fectoral portant\napprobation de la convention conclue entre l'association Dijon Football C\u00f4te d'Or et la soci\u00e9t\u00e9 par actions simplifi\u00e9es Dijon Football\nC\u00f4te d'Or f\u00e9minines\n38\nPREFETDELACOTE-D'ORLibert\u00e9Egalit\u00e9Fraternit\u00e9\nPage 1 sur 2 \n \n \n \n \n \nARR\u00caT\u00c9 PR\u00c9FECTORAL N\u00b0 2026-007/DSDEN/SDJES \n \n \nPORTANT APPROBATION DE LA CONVENTION CONCLUE \nENTRE L'ASSOCIATION DIJON FOOTBALL C\u00d4TE\u2013D'OR \nET LA SOCI\u00c9T\u00c9 PAR ACTIONS SIMPLIFI\u00c9E DIJON FOOTBALL C\u00d4TE\u2013D'OR F\u00c9MININES  \n \n \nLe pr\u00e9fet de C\u00f4te-d'Or, \n \nVu le code du sport et notamment ses articles L.122-1 \u00e0 L.122-19, D.122-10 et R.122-1 \u00e0 R.122-12 relatifs aux \nactivit\u00e9s sportives et aux relations entre les associations sportives et les soci\u00e9t\u00e9s sportives qu 'elles \nconstituent ; \n \nVu le courrier de demande d'approbation adress\u00e9 le 19 f\u00e9vrier 2026 au pr\u00e9fet du d\u00e9partement ; \n \nVu l'avis formul\u00e9 par la Ligue de Football Professionnel en date du 16 mars 2026 ; \n \nVu l'avis formul\u00e9 par la F\u00e9d\u00e9ration Fran\u00e7aise de Football en date du 6 mars 2026 ; \n \nConsid\u00e9rant que la convention entre l'association Dijon Football C\u00f4te -d'Or et la soci\u00e9t\u00e9 par actions \nsimplifi\u00e9e Dijon Football C\u00f4te -d'Or f\u00e9minines conclue le  1er f\u00e9vrier  2026 comprend l'ensemble des \ndispositions r\u00e9glementaires mentionn\u00e9es \u00e0 l'article R.122-8 du code du sport ; \n \nConsid\u00e9rant que tous les documents compl\u00e9mentaires obligatoires, \u00e9nonc\u00e9s \u00e0 l'article D.122 -10 du code \ndu sport, ont \u00e9t\u00e9 adress\u00e9s dans le cadre de la demande d'approbation susmentionn\u00e9e ;  \n \nConsid\u00e9rant l'avis de la Ligue de Football Professionnel ; \n \nConsid\u00e9rant l'avis de la F\u00e9d\u00e9ration Fran\u00e7aise de Football ; \n \n \nARR\u00caTE : \n \nArticle 1er :  \nLa convention entre l'association Dijon Football C\u00f4te -d'Or et la soci\u00e9t\u00e9 par actions simplifi\u00e9 e Dijon \nFootball C\u00f4te-d'Or f\u00e9minines conclue le 1er f\u00e9vrier 2026 est approuv\u00e9e. \n \n \nService d\u00e9partemental jeunesse, \nengagement et sports \n \nDirection des services d\u00e9partementaux de l'\u00e9ducation nationale de C\u00f4te-d'Or - 21-2026-03-19-00004 - Arr\u00eat\u00e9 pr\u00e9fectoral portant\napprobation de la convention conclue entre l'association Dijon Football C\u00f4te d'Or et la soci\u00e9t\u00e9 par actions simplifi\u00e9es Dijon Football\nC\u00f4te d'Or f\u00e9minines\n39\nPage 2 sur 2 \n \nArticle 2 : \nMonsieur le pr\u00e9fet de C\u00f4te-d'Or est charg\u00e9 de l'ex\u00e9cution du pr\u00e9sent arr\u00eat\u00e9 qui sera publi\u00e9 au recueil des \nactes administratifs de la pr\u00e9fecture de C\u00f4te -d'Or. Un exemplaire sera adress\u00e9 \u00e0 Madame la ministre des \nsports, Monsieur le pr\u00e9sident de l'association Dijon Football C\u00f4te -d'Or et Monsieur le pr\u00e9sident de la \nsoci\u00e9t\u00e9 Dijon Football C\u00f4te-d'Or f\u00e9minines. \n \n \nDijon, le 19 mars 2026 \n \nLe Pr\u00e9fet, \n \nOriginal sign\u00e9 \n \nPaul Mourier \n \n \n \n \n \n \n \n \n \n \n \n \nDirection des services d\u00e9partementaux de l'\u00e9ducation nationale de C\u00f4te-d'Or - 21-2026-03-19-00004 - Arr\u00eat\u00e9 pr\u00e9fectoral portant\napprobation de la convention conclue entre l'association Dijon Football C\u00f4te d'Or et la soci\u00e9t\u00e9 par actions simplifi\u00e9es Dijon Football\nC\u00f4te d'Or f\u00e9minines\n40\nPr\u00e9fecture de la C\u00f4te-d'Or\nDirection des Collectivit\u00e9s locales et des\nElections \n21-2026-03-27-00006\nAP prescrivant l'ouverte de l'enqu\u00eate publique\nportant sur le projet de cr\u00e9ation d'une AFUP La\nCorv\u00e9e \u00e0 MALAIN\nPr\u00e9fecture de la C\u00f4te-d'Or - 21-2026-03-27-00006 - AP prescrivant l'ouverte de l'enqu\u00eate publique portant sur le projet de cr\u00e9ation\nd'une AFUP La Corv\u00e9e \u00e0 MALAIN 41\nDIRECTION DES COLLECTIVIT\u00c9S LOCALES ET DES \u00c9LECTIONS\nBUREAU DES COLLECTIVIT\u00c9S LOCALES\n         P\u00f4le conseil et contr\u00f4le de l\u00e9galit\u00e9\nArr\u00eat\u00e9 n\u00b0 608  du 27 mars 2026\nPrescrivant  l'ouverture  de  l'enqu\u00eate  publique  portant sur le  projet de  cr\u00e9ation de  l'association\nfonci\u00e8re  urbaine  de  projet  d\u00e9nomm\u00e9e  \u00ab\u00a0AFUP \u00a0La  Corv\u00e9e\u00a0\u00bb sur  le  territoire  de  la  commune  de\nM\u00c2LAIN,  et organisant la consultation des propri\u00e9taires dont les terrains sont susceptibles d'\u00eatre\ninclus dans le p\u00e9rim\u00e8tre de la future association.\nLe pr\u00e9fet de la r\u00e9gion Bourgogne-Franche-Comt\u00e9\nPr\u00e9fet de la C\u00f4te-d'Or\nVU le code de l'expropriation pour cause d'utilit\u00e9 publique et notamment les articles L.110-1\u00a0, R.111-1\n\u00e0 R.112-24\u00a0 et R.123-11\u00a0;\nVU le code de l'environnement\u00a0et notamment ses articles\u00a0 R123-5, R.123-45 et R.123-45-1\u00a0;\nVU le code de l'urbanisme et notamment ses articles L.322-1 \u00e0 L.322-16 et R.322-1 \u00e0 R.322-40 ;\nVU l'ordonnance n\u00b0 2004-632 du 1er juillet 2004 relative aux associations syndicales de propri\u00e9taires\net notamment ses articles 11 \u00e0 17\u00a0;\nVU le d\u00e9cret n\u00b0 2006-504 du 3 mai 2006 portant applic ation de l'ordonnance n\u00b0 2004-632 du\n1\ner\n\u00a0juillet 2004 relative aux associations syndicales de propri\u00e9taires et notamment ses articles 7 \u00e0 16\u00a0;\nVU le  d\u00e9cret  n\u00b0  2016\u20131514  du  8  novembre  2016  relatif  aux  associations  fonci\u00e8res  urbaines  et\nnotamment les articles 8 \u00e0 10 ; \nVU le d\u00e9cret n\u00b0 2004-374 du 29 avril 2004 modifi\u00e9 relatif aux pouvoirs des pr\u00e9fets, \u00e0 l'organisation et\n\u00e0 l'action des services de l'Etat dans les r\u00e9gions et les d\u00e9partements ;\nVU le d\u00e9cret du 10 octobre 2024 portant nomination de  Monsieur Paul MOURIER, pr\u00e9fet de la\nr\u00e9gion Bourgogne-Franche-Comt\u00e9, pr\u00e9fet de la C\u00f4te-d'Or ; \nVU le d\u00e9cret du 14 novembre 2024 portant nomination d e Monsieur Denis BRUEL, administrateur\nde l'\u00c9tat du deuxi\u00e8me grade, en qualit\u00e9 de secr\u00e9taire g\u00e9n\u00e9ral de la pr\u00e9fecture de la C\u00f4te-d'Or, sous-\npr\u00e9fet de Dijon (groupe II) ;\npr\u00e9fecture de la C\u00f4te-d'Or - 53 rue de la Pr\u00e9fecture -  21041 DIJON cedex\nCourriel\u00a0: pref-bali@cote-dor.gouv.fr\nSite internet\u00a0: http://www.cote-dor.gouv.fr                                       1/6\nPr\u00e9fecture de la C\u00f4te-d'Or - 21-2026-03-27-00006 - AP prescrivant l'ouverte de l'enqu\u00eate publique portant sur le projet de cr\u00e9ation\nd'une AFUP La Corv\u00e9e \u00e0 MALAIN 42\nVU  l'arr\u00eat\u00e9  pr\u00e9fectoral  n\u00b0183/SG  du  13  juin  2025  donnant  d\u00e9l\u00e9gation  de  signature  \u00e0  Monsieur\nDenis\u00a0BRUEL, secr\u00e9taire g\u00e9n\u00e9ral de la pr\u00e9fecture de la C\u00f4te-d'Or\u00a0; \nVU la d\u00e9cision n\u00b0 E25000180/21 du 23 d\u00e9cembre 2025 de la pr\u00e9sidente du tribunal administratif de\nDijon  d\u00e9signant  M.  Gilles  GIACOMEL  en  qualit\u00e9  de  co mmissaire-enqu\u00eateur\u00a0titulaire  et\nM.\u00a0Jean-Marc\u00a0DAURELLE en qualit\u00e9 de commissaire-enqu\u00eateur suppl\u00e9ant\u00a0; \nCONSID\u00c9RANT la demande initiale d\u00e9pos\u00e9e le 30 ao\u00fbt 2021 aupr\u00e8s du pr\u00e9fet de la C\u00f4te-d'Or, par\nle maire de la commune de M\u00e2lain, relative au projet de cr\u00e9ation de l'A.F.U.P \u00ab\u00a0La Corv\u00e9e\u00a0\u00bb\u00a0et qui a\ndonn\u00e9 lieu \u00e0 la d\u00e9livrance d'un accus\u00e9 de r\u00e9ception le 27 septembre 2021\u00a0;\nCONSID\u00c9RANT les d\u00e9lib\u00e9rations du 14\u00a0mai\u00a02024 et du 24 novembre 2025 par lesquelles le conseil\nmunicipal  de  la  commune  de  M\u00e2lain  se  pronon\u00e7e  favorablement  sur  le  projet  de  cr\u00e9ation  de\nl'A.F.U.P \u00ab\u00a0La Corv\u00e9e\u00a0\u00bb ;\nCONSID\u00c9RANT que la demande de cr\u00e9ation de l'A.F.U.P \u00ab\u00a0La Corv\u00e9e\u00a0\u00bb d\u00e9pos\u00e9e par la commune de\nM\u00e2lain  doit  faire  l'objet  d'une  enqu\u00eate  publique\u00a0sur  le  fondement  du  d\u00e9cret  n\u00b02006-504  du\n3\u00a0mai\u00a02006 et du code de l'expropriation pour cause d'utilit\u00e9 publique\u00a0;\nSUR proposition du secr\u00e9taire g\u00e9n\u00e9ral de la pr\u00e9fecture de la C\u00f4te-d'Or\u00a0; \nARRETE\nArticle 1er : Objet, dur\u00e9e et si\u00e8ge de l'enqu\u00eate publique\nIl sera proc\u00e9d\u00e9 \u00e0 une enqu\u00eate publique du vendredi 17 avril 2026 \u00e0 10 heures au jeudi 7 mai 2 026 \u00e0\n18 heures , soit pendant 21  jours cons\u00e9cutifs, portant sur le projet de cr\u00e9ation de l'A.F.U.P \u00ab\u00a0La\nCorv\u00e9e\u00a0\u00bb \u00e0 M\u00e2lain. \nLe si\u00e8ge de l'enqu\u00eate est fix\u00e9 \u00e0 la mairie de M\u00e2lain (38 rue Maurice B\u00e9n\u00e9 \u2013 21 410 MALAIN).\nL'A.F.U.P  \u00ab\u00a0La  Corv\u00e9e\u00a0\u00bb  a  pour  objet le  remembrement,  l'am\u00e9nagement  et  la  viabilisation  des\nparcelles dans  un secteur  situ\u00e9  en zone  1AU  et une partie  en zone  UA, sur le  territoire  de  la\ncommune de M\u00e2lain, et repr\u00e9sentant une superficie d'environ 1,6929 hectare.\nArticle 2 \n: Nom et qualit\u00e9 du commissaire-enqu\u00eateur\nM.  Gilles  GIACOMEL  et  M.  Jean-Marc  DAURELLE  sont  d\u00e9 sign\u00e9s  respectivement  en  qualit\u00e9  de\ncommissaire-enqu\u00eateur titulaire et de commissaire-enqu\u00eateur suppl\u00e9ant.\nArticle 3 : Acc\u00e8s au dossier de l'enqu\u00eate publique\nLe dossier soumis \u00e0 enqu\u00eate publique, en vue de la cr\u00e9ation de l'A.F.U.P  \u00ab\u00a0La Corv\u00e9e\u00a0\u00bb, \u00e0 M\u00e2lain,\ncomprend les pi\u00e8ces suivantes\u00a0:\n\u2022 d\u00e9lib\u00e9rations  du  conseil  municipal  de  M\u00e2lain  des  28 juin  2021,  14  mai  2024  et\n24\u00a0novembre\u00a02025\n\u2022 accus\u00e9 de r\u00e9ception d\u00e9livr\u00e9 par le pr\u00e9fet de la C\u00f4te-d'Or le 27 septembre 2021\n\u2022 projet de statuts de l'association\n\u2022 plan de situation \n   2/6\nPr\u00e9fecture de la C\u00f4te-d'Or - 21-2026-03-27-00006 - AP prescrivant l'ouverte de l'enqu\u00eate publique portant sur le projet de cr\u00e9ation\nd'une AFUP La Corv\u00e9e \u00e0 MALAIN 43\n\u2022 plan parcellaire \n\u2022 plan d'insertion dans l'environnement\n\u2022 estimation sommaire des travaux\n\u2022 \u00e9tat parcellaire avant remembrement\n\u2022 notice explicative\n\u2022 estimation du co\u00fbt des \u00e9tudes d\u00e9j\u00e0 r\u00e9alis\u00e9es et \u00e0 pr\u00e9voir\n\u2022 bilan financier pr\u00e9visionnel\n\u2022 plan du projet d'am\u00e9nagement\n\u2022 plan sch\u00e9matique des r\u00e9seaux\n\u2022 rapport de pr\u00e9sentation\nCe dossier d'enqu\u00eate publique sera tenu \u00e0 la disposition du public :\n\u2022 sur  support  papier, \u00e0 la  mairie  de  M\u00e2lain (38  rue Maurice  B\u00e9n\u00e9 \u2013 21  410  M\u00c2LAIN), aux\nhoraires habituels d'ouverture (lundi de 10h00 \u00e0 12h00 et 16h00 \u00e0 18h00, mardi de 10h00 \u00e0\n12h00, le jeudi et le vendredi de 10h00 \u00e0 12h00 et 16h00 \u00e0 18h00)\n\u2022 en version d\u00e9mat\u00e9rialis\u00e9e, sur le site internet de la mairie de M\u00e2lain, \u00e0 l'adresse suivante\u00a0:\nhttps://malain.fr/\nArticle 4 : Observations du public et permanences du commissaire-enqu\u00eateur\nLe public pourra adresser ses observations, propositions et contre-propositions au commissaire-\nenqu\u00eateur pendant la dur\u00e9e de l'enqu\u00eate publique,  soit du vendredi 17 avril 2026 \u00e0 10 heures\njusqu'au jeudi 7 mai 2026 \u00e0 18 heures, selon les modalit\u00e9s suivantes\u00a0: \n- soit par courrier adress\u00e9 au commissaire-enqu\u00eateur, \u00e0 l'adresse postale de la mairie de la commune\nde M\u00e2lain (38 rue Maurice B\u00e9n\u00e9 \u2013 21 410 M\u00c2LAIN), le  courrier devant parvenir \u00e0 cette adresse au\nplus tard le jeudi 7 mai 2026 \u00e0 18 heures.\n- soit par courriel, au plus tard le jeudi 7 mai 2026 \u00e0 18 heures, \u00e0 l'adresse suivante :\npref-ep-afupmalain@cote-dor.gouv.fr\n- soit, par \u00e9crit\n, sur le registre d'enqu\u00eate \u00e0 feuillets non-mobiles, c\u00f4t\u00e9 et paraph\u00e9 par le commissaire-\nenqu\u00eateur qui sera tenu \u00e0 la disposition du public, \u00e0 la mairie de la commune de M\u00e2lain, aux heures\nd'ouverture du secr\u00e9tariat.\nPermanences du commissaire-enqu\u00eateur  \n\u00a0   :   \nEn application de l'article 11 du d\u00e9cret n\u00b0 2006-504 du 3 mai 2006, le public pourra \u00e9galement\nadresser  ses  observations,  propositions  et  contre-propositions  au  commissaire-enqu\u00eateur,  \u00e0  la\nmairie de la commune de M\u00e2lain , pendant les  3 jours ouvrables suivant la date de la cl\u00f4ture de\nl'enqu\u00eate, lors des permanences du commissaire-enqu\u00eateur qu'il tiendra\u00a0:\n- le lundi 11 mai 2026 de 9 heures \u00e0 11 heures,  \n- le mardi 12  mai 2026 de 14 heures \u00e0  16 heures,\n- le mercredi 13 mai 2026 de 16 heures \u00e0 18 heures,  \n   3/6\nPr\u00e9fecture de la C\u00f4te-d'Or - 21-2026-03-27-00006 - AP prescrivant l'ouverte de l'enqu\u00eate publique portant sur le projet de cr\u00e9ation\nd'une AFUP La Corv\u00e9e \u00e0 MALAIN 44\nLes observations formul\u00e9es par le public sur le  registre sont consultables pendant la dur\u00e9e de\nl'enqu\u00eate  \u00e0  la  mairie  de  M\u00e2lain.  En  outre,  les  courriers  et  courriels  adress\u00e9s  au  commissaire-\nenqu\u00eateur seront tenus \u00e0 la disposition du public \u00e0 ce m\u00eame lieu.\nArticle 5 : Affichage et publicit\u00e9 \nUn avis au public faisant conna\u00eetre l'ouverture et les modalit\u00e9s d'organisation de l'enqu\u00eate sera\nappos\u00e9 au lieu habituel de la mairie de M\u00e2lain, huit jours au moins avant l'ouverture de l'enqu\u00eate,\nsoit au plus tard le jeudi 9 avril 2026 et pendant toute la dur\u00e9e de celle-ci.\nCet avis, qui doit \u00eatre publi\u00e9 en caract\u00e8res apparents, pr\u00e9cisera notamment :\n\u2022 l'identit\u00e9 du responsable du projet ou de l'autorit\u00e9 aupr\u00e8s de laquelle des informations\npeuvent \u00eatre demand\u00e9es ;\n\u2022 l'objet de l'enqu\u00eate ;\n\u2022 l'emplacement du projet\n\u2022 les dates d'ouverture et de cl\u00f4ture de l'enqu\u00eate publique ainsi que ses modalit\u00e9s ;\n\u2022 le nom et la qualit\u00e9 du commissaire-enqu\u00eateur ;\n\u2022 le ou les lieux, ainsi que les jours et horaires, o\u00f9 le dossier pourra \u00eatre consult\u00e9 sur support\npapier et le registre accessible au public ;\n\u2022 les adresses postales et \u00e9lectroniques o\u00f9 le public pourra transmettre ses observations et\npropositions pendant le d\u00e9lai d'enqu\u00eate ;\n\u2022 le cas \u00e9ch\u00e9ant, la date et le lieu des r\u00e9unions d'information et d'\u00e9changes envisag\u00e9es ;\n\u2022 que la d\u00e9cision susceptible d'intervenir \u00e0 l'issue de la proc\u00e9dure pourra prendre la forme\nd'un arr\u00eat\u00e9 de cr\u00e9ation de l'A.F.U.P ou d'un arr\u00eat\u00e9 portant refus de cr\u00e9ation de l'A.F.U.P.\nLa mairie de M\u00e2lain produira et transmettra un certificat d'affichage \u00e0 la pr\u00e9fecture de C\u00f4te-d'Or -\nDirection des collectivit\u00e9s locales et des \u00e9lections- Bureau des collectivit\u00e9s locales\u2013 P\u00f4le conseil et\ncontr\u00f4le de l\u00e9galit\u00e9 - 53 rue de la Pr\u00e9fecture - 21041 DIJON Cedex.\nCet avis sera, en outre, ins\u00e9r\u00e9 dans deux journaux locaux d'annonces l\u00e9gales, au moins  huit jours\navant le d\u00e9but de l'enqu\u00eate et rappel\u00e9 dans les huit premiers jours suivant le d\u00e9but de celle-ci.\nL'avis d'enqu\u00eate sera \u00e9galement publi\u00e9 sur le site internet de la pr\u00e9fecture de C\u00f4te d'Or \u00e0 l'adresse\n\u00e9lectronique suivante\u00a0:  https://www.cote-dor.gouv.fr\nArticle 6 : Cl\u00f4ture de l'enqu\u00eate\nLe registre d'enqu\u00eate et les \u00e9ventuels documents annex\u00e9s seront clos et sign\u00e9s par le commissaire-\nenqu\u00eateur.\nArticle 7  \n   : Remise du rapport et des conclusions du commissaire-enqu\u00eateur\nApr\u00e8s  avoir  examin\u00e9  les  observations  consign\u00e9es  ou  annex\u00e9es  au  registre  et  entendu  toutes\npersonnes qu'il lui para\u00eetra utile de consulter, le commissaire-enqu\u00eateur r\u00e9digera son rapport et ses\nconclusions motiv\u00e9es en pr\u00e9cisant si elles sont favorables ou non \u00e0 l'op\u00e9ration projet\u00e9e.\nIl transmettra au pr\u00e9fet de la C\u00f4te-d'Or son rapport et ses conclusions motiv\u00e9es, accompagn\u00e9 du\nregistre d'enqu\u00eate et du dossier mis \u00e0 la disposition au si\u00e8ge de l'enqu\u00eate, dans un d\u00e9lai d'un mois\napr\u00e8s la cl\u00f4ture de l'enqu\u00eate soit au plus tard le lundi 8 juin 2026.\n   4/6\nPr\u00e9fecture de la C\u00f4te-d'Or - 21-2026-03-27-00006 - AP prescrivant l'ouverte de l'enqu\u00eate publique portant sur le projet de cr\u00e9ation\nd'une AFUP La Corv\u00e9e \u00e0 MALAIN 45\nArticle 8     : Mise \u00e0 disposition du public du rapport et des conclusions du commissaire-enqu\u00eateur\nUne copie du rapport dans lequel le commissaire enqu\u00eateur \u00e9nonce ses conclusions motiv\u00e9es sera\nd\u00e9pos\u00e9e \u00e0 la mairie de la commune de M\u00e2lain, par les soins du pr\u00e9fet de la C\u00f4te-d'Or, o\u00f9 le public\npourra le consulter pendant un an.\nEn outre, une copie des conclusions du commissaire-enqu\u00eateur sera communiqu\u00e9e aux personnes\nint\u00e9ress\u00e9es, qui en feront la demande, pendant un an, aupr\u00e8s du pr\u00e9fet de la C\u00f4te-d'Or (Pr\u00e9fecture\nde  la  C\u00f4te-d'Or  /Direction  des  collectivit\u00e9s  locales  et  des  \u00e9lections  /  Bureau  des  collectivit\u00e9s\nlocales / p\u00f4le conseil et contr\u00f4le de l\u00e9galit\u00e9\u2013 53 rue de la Pr\u00e9fecture, 21041 DIJON Cedex).\nCes conclusions seront \u00e9galement consultables pendant un an sur le site internet de la pr\u00e9fecture\nde la C\u00f4te-d'Or \u00e0 l'adresse pr\u00e9cit\u00e9e .\nArticle 9\n : Organisation de la consultation des propri\u00e9taires\nUne consultation \u00e9crite de chaque propri\u00e9taire, dont les terrains sont susceptibles d'\u00eatre inclus\ndans le p\u00e9rim\u00e8tre de l'A.F.U.P \u00ab\u00a0La Corv\u00e9e\u00a0\u00bb \u00e0 M\u00e2lain, est organis\u00e9e par courrier recommand\u00e9 avec\naccus\u00e9 de r\u00e9ception . \nLes statuts du projet de cr\u00e9ation de l 'A.F.U.P \u00ab\u00a0La Corv\u00e9e\u00a0\u00bb \u00e0 M\u00e2lain sont joints au courrier. Chaque\npropri\u00e9taire doit faire  conna\u00eetre  par  \u00e9crit son  adh\u00e9sion ou  son refus d'adh\u00e9sion  au moyen du\nformulaire joint en annexe au pr\u00e9sent arr\u00eat\u00e9.\nCe formulaire est \u00e0 retourner par lettre recommand\u00e9e avec demande d'avis de r\u00e9ception \u00e0 compter\ndu mardi 9 juin 2026 et jusqu'au lundi 22 juin 2026 in clus, cachet de la poste faisant foi, \u00e0 l'adresse\nsuivante\u00a0:\nPr\u00e9fecture de la C\u00f4te-d'Or\nDirection des collectivit\u00e9s locales et des \u00e9lections\nBureau des collectivit\u00e9s locales/P\u00f4le du conseil et du contr\u00f4le de l\u00e9galit\u00e9\n53 rue de la pr\u00e9fecture\n                               21041 DIJON cedex\nLe propri\u00e9taire est averti qu'\u00e0 d\u00e9faut d'avoir fait conna\u00eetre son opposition par lettre recommand\u00e9e\navec demande d'avis de r\u00e9ception, dans le d\u00e9lai imparti, soit le  lundi 22 juin 2026 ,  il sera r\u00e9put\u00e9\nfavorable au projet de cr\u00e9ation de l'A.F.U.P \u00abLa Corv\u00e9e\u00a0\u00bb, \u00e0 M\u00e2lain.\nArticle 10 : Etablissement du proc\u00e8s-verbal \u00e0 l'issue de la consultation des propri\u00e9taires\nA l'issue du d\u00e9lai pr\u00e9vu \u00e0 l'article 9,  le pr\u00e9fet \u00e9tablira un proc\u00e8s-verbal constatant\u00a0:\n- le nombre de propri\u00e9taires consult\u00e9s\u00a0;\n- le nombre et les noms de ceux qui ont r\u00e9pondu et le sens de la r\u00e9ponse de chacun d'entre eux, les\nnoms des propri\u00e9taires qui, d\u00fbment avis\u00e9s des cons\u00e9quences de leur abstention n'ont pas fait\nconna\u00eetre leur opposition par \u00e9crit\u00a0;\n- le r\u00e9sultat de cette consultation.\nLes diff\u00e9rents courriers portant adh\u00e9sion ou refus d'adh\u00e9sion seront annex\u00e9s \u00e0 ce proc\u00e8s-verbal.\n   5/6\nPr\u00e9fecture de la C\u00f4te-d'Or - 21-2026-03-27-00006 - AP prescrivant l'ouverte de l'enqu\u00eate publique portant sur le projet de cr\u00e9ation\nd'une AFUP La Corv\u00e9e \u00e0 MALAIN 46\nArticle 11 : Ex\u00e9cution\nLe  secr\u00e9taire  g\u00e9n\u00e9ral de  la  pr\u00e9fecture  de  la C\u00f4te-d'Or,  le  maire  de  la  commune  de  M\u00e2lain,  le\ncommissaire-enqu\u00eateur  sont charg\u00e9s, chacun en ce  qui le  concerne, de  l'ex\u00e9cution du  pr\u00e9sent\narr\u00eat\u00e9 qui sera publi\u00e9 au recueil des actes administratifs de la pr\u00e9fecture de C\u00f4te-d'Or et dont une\ncopie sera adress\u00e9e \u00e0 Mme la directrice d\u00e9partementale des territoires de la C\u00f4te-d'Or, \u00e0 Mme la\npr\u00e9sidente  du  tribunal  administratif  de  Dijon,  \u00e0  M. Gilles  GIACOMEL,  commissaire-enqu\u00eateur\ntitulaire et \u00e0 M. Jean-Marc DAURELLE, commissaire-enqu\u00eateur suppl\u00e9ant.\n      Fait \u00e0 Dijon, le 27 mars 2026\n            Le Pr\u00e9fet\n                                                       Pour le Pr\u00e9fet et par d\u00e9l\u00e9gation\n                                                                                                 Le secr\u00e9taire g\u00e9n\u00e9ral\nSIGN\u00c9\n                                                                                                      Denis BRUEL\n   6/6\nPr\u00e9fecture de la C\u00f4te-d'Or - 21-2026-03-27-00006 - AP prescrivant l'ouverte de l'enqu\u00eate publique portant sur le projet de cr\u00e9ation\nd'une AFUP La Corv\u00e9e \u00e0 MALAIN 47\nPr\u00e9fecture de la C\u00f4te-d'Or\nDirection des Collectivit\u00e9s locales et des\nElections \n21-2026-04-01-00008\nArr\u00eat\u00e9 pr\u00e9fectoral  portant renouvellement dans\nle domaine fun\u00e9raire de la SDAT\nPr\u00e9fecture de la C\u00f4te-d'Or - 21-2026-04-01-00008 - Arr\u00eat\u00e9 pr\u00e9fectoral  portant renouvellement dans le domaine fun\u00e9raire de la SDAT 48\nExPREFETDE LACOTE-D'ORLibert\u00e9Egalit\u00e9Fraternit\u00e9\nSECR\u00c9TARIAT G\u00c9N\u00c9RAL\nDirection des Collectivit\u00e9s Locales et des Elections \n    Dijon, le 1er avril 2026\nArr\u00eat\u00e9 N\u00b0644\nportant habilitation dans le domaine fun\u00e9raire de la \nSoci\u00e9t\u00e9 Dijonnaise de l'Assistance par le Travail (S.D.A.T.)\nLe Pr\u00e9fet de la r\u00e9gion Bourgogne-Franche-Comt\nPr\u00e9fet de la C\u00f4te-d'Or\nVU  le  Code  G\u00e9n\u00e9ral  des  Collectivit\u00e9s  Territoriales  et  notamment  les  dispositions  des  articles  \nL 2223-19 \u00e0 L 2223-30, R 2223-40 \u00e0 R 2223-65 et D 2223-34 \u00e0 D 2223-39 relatifs \u00e0 l'habilitation  \nfun\u00e9raire ;\nVU le d\u00e9cret n\u00b02020-917 du 28 juillet 2020 relatif \u00e0 la dur\u00e9e de l'habilitation dans le secteur fun\u00e9raire  \net \u00e0 la housse mortuaire ;\nVU l'arr\u00eat\u00e9 pr\u00e9fectoral n\u00b011009 du 1 er janvier 2021 portant renouvellement de l'habilitation dans le  \ndomaine fun\u00e9raire de la Soci\u00e9t\u00e9 Dijonnaise de l'Assistance par le Travail (S.D.A.T.) \u00e0 DIJON\nVU la demande et les documents pr\u00e9sent\u00e9s par M. Brice MOREY, Directeur G\u00e9n\u00e9ral de la Soci\u00e9t\u00e9  \nDijonnaise de l'Assistance par le Travail (S.D.A.T.) situ\u00e9e 8 rue de Cracovie \u00e0 DIJON en vue de  \ndemander le renouvellement de l'habilitation dans le domaine fun\u00e9raire de ladite soci\u00e9t\u00e9 ;\nVU l'arr\u00eat\u00e9 pr\u00e9fectoral n\u00b0 813/SG du 13 juin 2025 donnant d\u00e9l\u00e9gation de signature \u00e0 Monsieur Denis  \nBRUEL secr\u00e9taire g\u00e9n\u00e9ral de la pr\u00e9fecture de la C\u00f4te-d'Or ;\nCONSIDERANT  que l'entreprise sus-vis\u00e9e remplit les conditions pour obtenir le renouvellement de  \nson habilitation dans le domaine fun\u00e9raire ;\nSUR proposition du Secr\u00e9taire G\u00e9n\u00e9ral de la Pr\u00e9fecture de la C\u00f4te d'Or ;\nARRETE\nArticle 1er  :  La Soci\u00e9t\u00e9 Dijonnaise de l'Assistance par le Travail (S.D.A.T.) situ\u00e9e 8 rue de Cracovie \u00e0  \n21000 DIJON, dirig\u00e9e par M. Brice MOREY, est habilit\u00e9e pour exercer les activit\u00e9s suivantes :\n- la fourniture des housses, des cercueils et de leurs accessoires int\u00e9rieurs et ext\u00e9rieurs ainsi que les \nurnes cin\u00e9raires,\nPr\u00e9fecture de la C\u00f4te-d'Or \n53 rue de la Pr\u00e9fecture - 21041 DIJON cedex\nt\u00e9l : 03 80 44 64 00 \nSite internet : http://www.cote-dor.gouv.fr\nPr\u00e9fecture de la C\u00f4te-d'Or - 21-2026-04-01-00008 - Arr\u00eat\u00e9 pr\u00e9fectoral  portant renouvellement dans le domaine fun\u00e9raire de la SDAT 49\n- la fourniture des personnels et des objets et prestations n\u00e9cessaires aux obs\u00e8ques, inhumations,  \nexhumations  et  cr\u00e9mations,  \u00e0  l'exception  des  plaques  fun\u00e9raires,  embl\u00e8mes  religieux,  fleurs,  \ntravaux divers d'imprimerie et de marbrerie fun\u00e9raire.\nArticle 2 : Le num\u00e9ro de l'habilitation est le 26-21-0008.\nArticle 3 : La pr\u00e9sente habilitation est accord\u00e9e pour une dur\u00e9e de 5 ans soit jusqu'au 1er janvier 2031.\nArticle 4 : Pour b\u00e9n\u00e9ficier de la pr\u00e9sente habilitation jusqu'\u00e0 son terme, M. Brice MOREY, directeur g\u00e9n\u00e9ral \ndevra d\u00e9clarer tout changement dans les informations contenues dans la demande d'habilitation dans un  \nd\u00e9lai de deux mois.\nArticle 5 : La pr\u00e9sente habilitation pourra \u00eatre suspendue pour une dur\u00e9e maximum d'un an ou retir\u00e9e,  \napr\u00e8s mise en demeure, par le repr\u00e9sentant de l'\u00c9tat dans le d\u00e9partement o\u00f9 les faits auront \u00e9t\u00e9 constat\u00e9s, \npour les motifs suivants :\n- non-respect des dispositions du pr\u00e9sent code auxquelles sont soumises les r\u00e9gies, entreprises ou  \nassociations habilit\u00e9es conform\u00e9ment \u00e0 l'article L 2223-23,\n- non-exercice ou cessation d'exercice des activit\u00e9s au titre desquelles elle a \u00e9t\u00e9 d\u00e9livr\u00e9es,\n- atteinte \u00e0 l'ordre public ou danger pour la salubrit\u00e9 publique.\nArticle 6 : Dans un d\u00e9lai de deux mois \u00e0 compter de sa notification ou de la publication au recueil des  \nactes administratifs de la pr\u00e9fecture, la pr\u00e9sente d\u00e9cision peut faire l'objet d'un recours  conform\u00e9ment aux \ndispositions de l'article R 421-1 et suivants du code de justice administrative:\n- le recours gracieux adress\u00e9 \u00e0 M. le Pr\u00e9fet du d\u00e9partement de la C\u00f4te d'Or  (53 rue de la Pr\u00e9fecture \n\u2013 21041 DIJON CEDEX),\n- le recours hi\u00e9rarchique adress\u00e9 au ministre comp\u00e9tent dans le domaine consid\u00e9r\u00e9,\n- le recours contentieux en saisissant le Tribunal Administratif (22 rue d'Assas \u2013 21000 DIJON).\nArticle 7  :  Le secr\u00e9taire g\u00e9n\u00e9ral de la pr\u00e9fecture de la C\u00f4te d'Or est charg\u00e9 de l'ex\u00e9cution du pr\u00e9sent  \narr\u00eat\u00e9 qui sera publi\u00e9 au recueil des actes administratifs de la Pr\u00e9fecture de la C\u00f4te d'Or dont copie sera  \nremise \u00e0 :\n- M. M. Brice MOREY, directeur g\u00e9n\u00e9ral de la Soci\u00e9t\u00e9 Dijonnaise de l'Assistance par le Travail  \n(S.D.A.T.), \n- Mme la maire de DIJON,\n- M. le Directeur Interd\u00e9partemental de la Police Nationale de la C\u00f4te d'Or,\n- M. le Directeur de l'Agence R\u00e9gionale de Sant\u00e9 Publique.\nLE PREFET\nPour le Pr\u00e9fet et par d\u00e9l\u00e9gation\nLe Secr\u00e9taire G\u00e9n\u00e9ral,\nsign\u00e9 : Denis BRUEL\nPr\u00e9fecture de la C\u00f4te-d'Or \n53 rue de la Pr\u00e9fecture - 21041 DIJON cedex\nt\u00e9l : 03 80 44 64 00 \nSite internet : http://www.cote-dor.gouv.fr\nPr\u00e9fecture de la C\u00f4te-d'Or - 21-2026-04-01-00008 - Arr\u00eat\u00e9 pr\u00e9fectoral  portant renouvellement dans le domaine fun\u00e9raire de la SDAT 50\nPr\u00e9fecture de la C\u00f4te-d'Or\nDirection des s\u00e9curit\u00e9s\n21-2026-03-25-00006\nAP portant agr\u00e9ment d'un m\u00e9decin pour\neffectuer le contr\u00f4le m\u00e9dical de l'aptitude \u00e0 la\nconduite DR CABRITA B\nPr\u00e9fecture de la C\u00f4te-d'Or - 21-2026-03-25-00006 - AP portant agr\u00e9ment d'un m\u00e9decin pour effectuer le contr\u00f4le m\u00e9dical de\nl'aptitude \u00e0 la conduite DR CABRITA B 51\nExPREFETDE LACOTE-D'ORLibert\u00e9Egalit\u00e9Fraternit\u00e9\nDIRECTION DES S\u00c9CURIT\u00c9S\nBureau D\u00e9fense et S\u00e9curit\u00e9\nARR\u00caT\u00c9 PR\u00c9FECTORAL N\u00b0 635\nportant agr\u00e9ment d'un m\u00e9decin pour effectuer le contr\u00f4le m\u00e9dical de l'aptitude\n\u00e0 la conduite en cabinet lib\u00e9ral et en commission m\u00e9dicale des permis de conduire\nVU le code de la route ;\nVU le  d\u00e9cret  n\u00b0  2004-374  du  29  avril  2004  modifi\u00e9  relatif  aux  pouvoirs  des  pr\u00e9fets,  \u00e0\nl'organisation et \u00e0 l'action des services de l'\u00c9tat dans les r\u00e9gions et d\u00e9partements ;\nVU  le  d\u00e9cret  n\u00b02012-886  du  17  juillet  2012  relatif  au  contr\u00f4le  m\u00e9dical  de  l'aptitude  \u00e0  la\nconduite ;\nVU l'arr\u00eat\u00e9 du 21 d\u00e9cembre 2005 modifi\u00e9 par l'arr\u00eat\u00e9 interminist\u00e9riel du 31 ao\u00fbt 2010 fixant la\nliste des affections incompatibles avec l'obtention ou le maintien du permis de conduire ou\npouvant donner lieu \u00e0 la d\u00e9livrance de permis de conduire de dur\u00e9e de validit\u00e9 limit\u00e9e ;\nVU l'arr\u00eat\u00e9  minist\u00e9riel  du  20  avril  2012  modifi\u00e9  fixant  les  conditions  d'\u00e9tablissement,  de\nd\u00e9livrance et de validit\u00e9 des permis de conduire ;\nVU  l'arr\u00eat\u00e9 minist\u00e9riel du 31 juillet 2012 modifi\u00e9 par les arr\u00eat\u00e9s du 30 mai 2013, du 28 mars\n2022  et  du  03  mars  2025  relatifs  \u00e0  l'organisation  du  contr\u00f4le  m\u00e9dical  de  l'aptitude  \u00e0  la\nconduite ;\nVU l'arr\u00eat\u00e9  pr\u00e9fectoral  n\u00b0944/SG  du  2  juillet  2025  donnant  d\u00e9l\u00e9gation  de  signature  \u00e0\nMme H\u00e9l\u00e8ne MANCIAUX, directrice des s\u00e9curit\u00e9s ;\nVU l'attestation de suivi de formation continue du 22 janvier 2026 pr\u00e9sent\u00e9e par le docteur\nBruno CABRITA ;\nSUR proposition de la sous-pr\u00e9f\u00e8te, directrice de cabinet d u pr\u00e9fet de la r\u00e9gion Bourgogne-\nFranche-Comt\u00e9, pr\u00e9fet de la C\u00f4te-d'Or ;\nPr\u00e9fecture de la C\u00f4te-d'Or - 53 rue de la pr\u00e9fecture \u2013 21041 DIJON Cedex\nTel 03 80 44 64 00 \u2013 mel : pref-polices-administratives@cote-dor.gouv.fr\nPr\u00e9fecture de la C\u00f4te-d'Or - 21-2026-03-25-00006 - AP portant agr\u00e9ment d'un m\u00e9decin pour effectuer le contr\u00f4le m\u00e9dical de\nl'aptitude \u00e0 la conduite DR CABRITA B 52\nARR\u00caTE\nArticle 1er :  M. Bruno CABRITA, n\u00e9 le 12 octobre 1969 \u00e0 TOULON (83) , est agr\u00e9\u00e9 \u00e0 compter de\nla date de signature du pr\u00e9sent arr\u00eat\u00e9 et jusqu'au 22/01/2031,  pour effectuer le contr\u00f4le\nm\u00e9dical, en cabinet lib\u00e9ral et en commission m\u00e9dicale primaire du d\u00e9partement de la C\u00f4te-\nd'Or, de l'aptitude \u00e0 la conduite des candidats au permis de conduire et des conducteurs de\nv\u00e9hicules automobiles.\nArticle 2 : L'agr\u00e9ment est abrog\u00e9 par d\u00e9cision du pr\u00e9fet dans les cas suivants : \n- en cas de sanction ordinale\n- en cas de non respect de l'obligation de formation continue\n- pour tout autre motif\nDans ce dernier cas, le m\u00e9decin est tenu de pr\u00e9senter ses observations dans un d\u00e9lai de\nquinze  jours  suivant  r\u00e9ception  du  courrier  exposant  les  griefs  susceptibles  de  conduire  \u00e0\nl'abrogation de l'agr\u00e9ment.\nArticle 3  : Deux mois avant la fin du pr\u00e9sent agr\u00e9ment, le m\u00e9decin peut en demander le\nrenouvellement au pr\u00e9fet.\nArticle 4  :  La sous-pr\u00e9f\u00e8te, directrice de cabinet du pr\u00e9fet de la r\u00e9gion Bourgogne-Franche-\nComt\u00e9, pr\u00e9fet de la C\u00f4te-d'Or est charg\u00e9e de l'ex\u00e9cution du pr\u00e9sent arr\u00eat\u00e9 qui sera publi\u00e9 au\nrecueil  des  actes  administratifs  de  la  pr\u00e9fecture  de  la  C\u00f4te-d'Or  et  dont  une  copie  sera\nadress\u00e9e \u00e0 l'int\u00e9ress\u00e9 et au conseil d\u00e9partemental de l'ordre des m\u00e9decins.\nFait \u00e0 Dijon, le 25 mars 2026\nLe pr\u00e9fet,\nPour le pr\u00e9fet et par d\u00e9l\u00e9gation,\nLa directrice des s\u00e9curit\u00e9s\noriginal sign\u00e9\nH\u00e9l\u00e8ne MANCIAUX\nD\u00e9lais et voies de recours\nLa pr\u00e9sente d\u00e9cision peut \u00eatre contest\u00e9e selon les voies de recours et dans les d\u00e9lais mentionn\u00e9s ci-dessous.\nDans les deux mois \u00e0 compter de la date de la publication du pr\u00e9sent arr\u00eat\u00e9 les recours suivants peuvent \u00eatre introduits :\n- un recours gracieux adress\u00e9 \u00e0 Pr\u00e9fecture de la C\u00f4te d'Or \u2013 Direction des S\u00e9curit\u00e9s \u2013 Bureau de la d\u00e9fense et de la s\u00e9curit\u00e9 \u2013 53 rue\nde la Pr\u00e9fecture \u2013 21041 Dijon Cedex\n- un recours hi\u00e9rarchique adress\u00e9 \u00e0 Monsieur le Ministre de l'Int\u00e9rieur (Secr\u00e9tariat G\u00e9n\u00e9ral - Place Beauvau \u2013 75008 PARIS).\n- un recours contentieux adress\u00e9 au Tribunal Administratif de DIJON \u2013 22 rue d'Assas B.P . 61616 \u2013 21016 Dijon cedex. \nLe  tribunal  administratif  peut  \u00eatre  saisi  par  un  recours  d\u00e9pos\u00e9  via  l'application  T\u00e9l\u00e9recours  citoyens  accessible  par  le  site  internet\nwww.t\u00e9l\u00e9recours.fr. Ce recours juridictionnel doit \u00eatre d\u00e9pos\u00e9 au plus tard avant l'expiration du 2  mois suivant la date de notification de la\u1d49\nd\u00e9cision contest\u00e9e (ou du 2  mois suivant la date de rejet du recours gracieux ou hi\u00e9rarchique).\u1d49\nPr\u00e9fecture de la C\u00f4te-d'Or - 53 rue de la pr\u00e9fecture \u2013 21041 DIJON Cedex\nTel 03 80 44 64 00 \u2013 mel : pref-polices-administratives@cote-dor.gouv.fr\nPr\u00e9fecture de la C\u00f4te-d'Or - 21-2026-03-25-00006 - AP portant agr\u00e9ment d'un m\u00e9decin pour effectuer le contr\u00f4le m\u00e9dical de\nl'aptitude \u00e0 la conduite DR CABRITA B 53\nPr\u00e9fecture de la C\u00f4te-d'Or\nDirection des s\u00e9curit\u00e9s\n21-2026-03-25-00005\nAP sign\u00e9 RAA 2026 BC\nPr\u00e9fecture de la C\u00f4te-d'Or - 21-2026-03-25-00005 - AP sign\u00e9 RAA 2026 BC 54\nExPREFETDE LACOTE-D'ORLibert\u00e9Egalit\u00e9Fraternit\u00e9\nDIRECTION DES S\u00c9CURIT\u00c9S\nBureau D\u00e9fense et S\u00e9curit\u00e9\nARR\u00caT\u00c9 PR\u00c9FECTORAL N\u00b0 635\nportant agr\u00e9ment d'un m\u00e9decin pour effectuer le contr\u00f4le m\u00e9dical de l'aptitude\n\u00e0 la conduite en cabinet lib\u00e9ral et en commission m\u00e9dicale des permis de conduire\nVU le code de la route ;\nVU le  d\u00e9cret  n\u00b0  2004-374  du  29  avril  2004  modifi\u00e9  relatif  aux  pouvoirs  des  pr\u00e9fets,  \u00e0\nl'organisation et \u00e0 l'action des services de l'\u00c9tat dans les r\u00e9gions et d\u00e9partements ;\nVU  le  d\u00e9cret  n\u00b02012-886  du  17  juillet  2012  relatif  au  contr\u00f4le  m\u00e9dical  de  l'aptitude  \u00e0  la\nconduite ;\nVU l'arr\u00eat\u00e9 du 21 d\u00e9cembre 2005 modifi\u00e9 par l'arr\u00eat\u00e9 interminist\u00e9riel du 31 ao\u00fbt 2010 fixant la\nliste des affections incompatibles avec l'obtention ou le maintien du permis de conduire ou\npouvant donner lieu \u00e0 la d\u00e9livrance de permis de conduire de dur\u00e9e de validit\u00e9 limit\u00e9e ;\nVU l'arr\u00eat\u00e9  minist\u00e9riel  du  20  avril  2012  modifi\u00e9  fixant  les  conditions  d'\u00e9tablissement,  de\nd\u00e9livrance et de validit\u00e9 des permis de conduire ;\nVU  l'arr\u00eat\u00e9 minist\u00e9riel du 31 juillet 2012 modifi\u00e9 par les arr\u00eat\u00e9s du 30 mai 2013, du 28 mars\n2022  et  du  03  mars  2025  relatifs  \u00e0  l'organisation  du  contr\u00f4le  m\u00e9dical  de  l'aptitude  \u00e0  la\nconduite ;\nVU l'arr\u00eat\u00e9  pr\u00e9fectoral  n\u00b0944/SG  du  2  juillet  2025  donnant  d\u00e9l\u00e9gation  de  signature  \u00e0\nMme H\u00e9l\u00e8ne MANCIAUX, directrice des s\u00e9curit\u00e9s ;\nVU l'attestation de suivi de formation continue du 22 janvier 2026 pr\u00e9sent\u00e9e par le docteur\nBruno CABRITA ;\nSUR proposition de la sous-pr\u00e9f\u00e8te, directrice de cabinet d u pr\u00e9fet de la r\u00e9gion Bourgogne-\nFranche-Comt\u00e9, pr\u00e9fet de la C\u00f4te-d'Or ;\nPr\u00e9fecture de la C\u00f4te-d'Or - 53 rue de la pr\u00e9fecture \u2013 21041 DIJON Cedex\nTel 03 80 44 64 00 \u2013 mel : pref-polices-administratives@cote-dor.gouv.fr\nPr\u00e9fecture de la C\u00f4te-d'Or - 21-2026-03-25-00005 - AP sign\u00e9 RAA 2026 BC 55\nARR\u00caTE\nArticle 1er :  M. Bruno CABRITA, n\u00e9 le 12 octobre 1969 \u00e0 TOULON (83) , est agr\u00e9\u00e9 \u00e0 compter de\nla date de signature du pr\u00e9sent arr\u00eat\u00e9 et jusqu'au 22/01/2031,  pour effectuer le contr\u00f4le\nm\u00e9dical, en cabinet lib\u00e9ral et en commission m\u00e9dicale primaire du d\u00e9partement de la C\u00f4te-\nd'Or, de l'aptitude \u00e0 la conduite des candidats au permis de conduire et des conducteurs de\nv\u00e9hicules automobiles.\nArticle 2 : L'agr\u00e9ment est abrog\u00e9 par d\u00e9cision du pr\u00e9fet dans les cas suivants : \n- en cas de sanction ordinale\n- en cas de non respect de l'obligation de formation continue\n- pour tout autre motif\nDans ce dernier cas, le m\u00e9decin est tenu de pr\u00e9senter ses observations dans un d\u00e9lai de\nquinze  jours  suivant  r\u00e9ception  du  courrier  exposant  les  griefs  susceptibles  de  conduire  \u00e0\nl'abrogation de l'agr\u00e9ment.\nArticle 3  : Deux mois avant la fin du pr\u00e9sent agr\u00e9ment, le m\u00e9decin peut en demander le\nrenouvellement au pr\u00e9fet.\nArticle 4  :  La sous-pr\u00e9f\u00e8te, directrice de cabinet du pr\u00e9fet de la r\u00e9gion Bourgogne-Franche-\nComt\u00e9, pr\u00e9fet de la C\u00f4te-d'Or est charg\u00e9e de l'ex\u00e9cution du pr\u00e9sent arr\u00eat\u00e9 qui sera publi\u00e9 au\nrecueil  des  actes  administratifs  de  la  pr\u00e9fecture  de  la  C\u00f4te-d'Or  et  dont  une  copie  sera\nadress\u00e9e \u00e0 l'int\u00e9ress\u00e9 et au conseil d\u00e9partemental de l'ordre des m\u00e9decins.\nFait \u00e0 Dijon, le 25 mars 2026\nLe pr\u00e9fet,\nPour le pr\u00e9fet et par d\u00e9l\u00e9gation,\nLa directrice des s\u00e9curit\u00e9s\noriginal sign\u00e9\nH\u00e9l\u00e8ne MANCIAUX\nD\u00e9lais et voies de recours\nLa pr\u00e9sente d\u00e9cision peut \u00eatre contest\u00e9e selon les voies de recours et dans les d\u00e9lais mentionn\u00e9s ci-dessous.\nDans les deux mois \u00e0 compter de la date de la publication du pr\u00e9sent arr\u00eat\u00e9 les recours suivants peuvent \u00eatre introduits :\n- un recours gracieux adress\u00e9 \u00e0 Pr\u00e9fecture de la C\u00f4te d'Or \u2013 Direction des S\u00e9curit\u00e9s \u2013 Bureau de la d\u00e9fense et de la s\u00e9curit\u00e9 \u2013 53 rue\nde la Pr\u00e9fecture \u2013 21041 Dijon Cedex\n- un recours hi\u00e9rarchique adress\u00e9 \u00e0 Monsieur le Ministre de l'Int\u00e9rieur (Secr\u00e9tariat G\u00e9n\u00e9ral - Place Beauvau \u2013 75008 PARIS).\n- un recours contentieux adress\u00e9 au Tribunal Administratif de DIJON \u2013 22 rue d'Assas B.P . 61616 \u2013 21016 Dijon cedex. \nLe  tribunal  administratif  peut  \u00eatre  saisi  par  un  recours  d\u00e9pos\u00e9  via  l'application  T\u00e9l\u00e9recours  citoyens  accessible  par  le  site  internet\nwww.t\u00e9l\u00e9recours.fr. Ce recours juridictionnel doit \u00eatre d\u00e9pos\u00e9 au plus tard avant l'expiration du 2  mois suivant la date de notification de la\u1d49\nd\u00e9cision contest\u00e9e (ou du 2  mois suivant la date de rejet du recours gracieux ou hi\u00e9rarchique).\u1d49\nPr\u00e9fecture de la C\u00f4te-d'Or - 53 rue de la pr\u00e9fecture \u2013 21041 DIJON Cedex\nTel 03 80 44 64 00 \u2013 mel : pref-polices-administratives@cote-dor.gouv.fr\nPr\u00e9fecture de la C\u00f4te-d'Or - 21-2026-03-25-00005 - AP sign\u00e9 RAA 2026 BC 56\nPr\u00e9fecture de la C\u00f4te-d'Or\nDirection des s\u00e9curit\u00e9s\n21-2026-04-01-00002\nArr\u00eat\u00e9 N\u00b0632 Portant habilitation du service\nd\u00e9partemental de secours et d'incendie de la\nC\u00f4te-d'Or pour les formations aux premiers\nsecours\nPr\u00e9fecture de la C\u00f4te-d'Or - 21-2026-04-01-00002 - Arr\u00eat\u00e9 N\u00b0632 Portant habilitation du service d\u00e9partemental de secours et\nd'incendie de la C\u00f4te-d'Or pour les formations aux premiers secours 57\nExPREFETDE LACOTE-D'ORLibert\u00e9Egalit\u00e9Fraternit\u00e9\nDirection des s\u00e9curit\u00e9s\n                  Dijon,  \nArr\u00eat\u00e9 N\u00b0632\nPortant habilitation du service d\u00e9partemental de secours et d'incendie de la C\u00f4te-d'Or pour  \nles formations aux premiers secours\nLe pr\u00e9fet de la C\u00f4te-d'Or\nVu le code de la s\u00e9curit\u00e9 int\u00e9rieure notamment ses articles L. 726-1, L.726-2, et R.726-3, 2\u00b0 et\nsuivants ;\nVu le d\u00e9cret du 10 octobre 2024 portant nomination du pr\u00e9fet de la r\u00e9gion Bourgogne-\nFranche-Comt\u00e9, pr\u00e9fet de la C\u00f4te-d'Or \u2212 M. MOURIER (Paul) ;\nVu l'arr\u00eat\u00e9 du 15 juin 2024 relatif \u00e0 la fili\u00e8re citoyenne de s\u00e9curit\u00e9 civile dans le domaine de la\nformation aux premiers secours ;\nVu l'arr\u00eat\u00e9 du 15 juin 2024 relatif \u00e0 la fili\u00e8re op\u00e9rationnelle de s\u00e9curit\u00e9 civile dans le domaine\nde la formation aux premiers secours ;\nVu l'arr\u00eat\u00e9 du 15 juin 2024 relatif \u00e0 la fili\u00e8re aquatique de s\u00e9curit\u00e9 civile ;\nVu l'arr\u00eat\u00e9 du 15 juin 2024 relatif \u00e0 la fili\u00e8re p\u00e9dagogique de s\u00e9curit\u00e9 civile ;\nVu l'arr\u00eat\u00e9 du 17 juin 2024 relatif \u00e0 l'habilitation pour la formation aux premiers secours  ;\nVu l'arr\u00eat\u00e9  pr\u00e9fectoral  n\u00b0 944  / SG  du  2  juillet  2025 donnant  d\u00e9l\u00e9gation  de signature \u00e0  \nMadame H\u00e9l\u00e8ne MANCIAUX, Directrice des s\u00e9curit\u00e9s de la Pr\u00e9fecture de la C\u00f4te-d'Or  ;\nVu la demande d'habilitation formul\u00e9e le 15 octobre 2025 par le service d\u00e9partemental de  \nsecours et d'incendie de la C\u00f4te-d'Or ;\nVu l'avis de la direction g\u00e9n\u00e9rale de la s\u00e9curit\u00e9 civile et de la gestion des crises sur les  \nr\u00e9f\u00e9rentiels internes de formation et de certification pr\u00e9sent\u00e9s ;\nPr\u00e9fecture de la C\u00f4te d'Or\n53 rue de la Pr\u00e9fecture 21041 DIJON CEDEX\n03.80.44.64.00 - pref-defense-protection-civile@cote-dor.gouv.fr \nPr\u00e9fecture de la C\u00f4te-d'Or - 21-2026-04-01-00002 - Arr\u00eat\u00e9 N\u00b0632 Portant habilitation du service d\u00e9partemental de secours et\nd'incendie de la C\u00f4te-d'Or pour les formations aux premiers secours 58\nARRETE\nArticle 1er : \nLe  service d\u00e9partemental  de secours  et d'incendie de la C\u00f4te-d'Or  est habilit\u00e9  pour les  \nformations initiales et continues des unit\u00e9s d'enseignements suivantes :\n- Premiers secours en \u00e9quipe de niveau 1 (PSE1),\n- Premiers secours en \u00e9quipe de niveau 2 (PSE2),\n- P\u00e9dagogie initiale et commune de formateur (PICF),\n- P\u00e9dagogie appliqu\u00e9e \u00e0 l'emploi de formateur aux premiers secours en \u00e9quipe (FPSE),\nArticle 2 :\nLes formations mentionn\u00e9es \u00e0 l'article 1er seront dispens\u00e9es suivant les r\u00e9f\u00e9rentiels internes  \nde formation et de certification enregistr\u00e9s aupr\u00e8s de la direction g\u00e9n\u00e9rale de la s\u00e9curit\u00e9  \ncivile et de la gestion des crises et r\u00e9f\u00e9renc\u00e9es en annexe 1 du pr\u00e9sent arr\u00eat\u00e9.\nArticle 3 :\nLes formations pourront \u00eatre dispens\u00e9es uniquement au sein du d\u00e9partement de la C\u00f4te-\nd'Or.\nArticle 4 :\nLe public cible des formations mentionn\u00e9es \u00e0 l'article 1er est pr\u00e9cis\u00e9 en annexe 1 du pr\u00e9sent\narr\u00eat\u00e9.\nArticle 5 :\nLa pr\u00e9sente habilitation ne peut \u00eatre ni c\u00e9d\u00e9e ni d\u00e9l\u00e9gu\u00e9e et seul l'organisme habilit\u00e9 peut\ndispenser les formations mentionn\u00e9es \u00e0 l'article 1er du pr\u00e9sent arr\u00eat\u00e9.\nArticle 6 :\nToute  modification  du  dossier  ayant  servi  \u00e0  la  demande  d'habilitation,  notamment  la  \ncomposition  de  l'\u00e9quipe  p\u00e9dagogique  ou  la  liste  d'aptitude  p\u00e9dagogique,  doit  \u00eatre  \ncommuniqu\u00e9e sans d\u00e9lai \u00e0 la connaissance du Pr\u00e9fet.\nArticle 7 :\nLe Pr\u00e9fet du d\u00e9partement est comp\u00e9tent pour contr\u00f4ler, en application de l'article L.751-3  \ndu code de la s\u00e9curit\u00e9 int\u00e9rieure, les organismes habilit\u00e9s au titre de l'article R.726-3 du  \nm\u00eame code.\nArticle 8 :\nSans  pr\u00e9judice  des  articles  L.242-1  \u00e0  L.242-4  du  code  des  relations  entre  le  public  et  \nl'administration, lorsque l'organisme ne se conforme pas \u00e0 ses obligations ou ne remplit plus  \nles  conditions  qui  ont  permis  son  habilitation,  ou  s'il  est  constat\u00e9  des  fautes  graves  ou  \nr\u00e9p\u00e9t\u00e9es dans la mise en \u0153uvre de l'habilitation, le Pr\u00e9fet peut appliquer les dispositions  \npr\u00e9vues \u00e0 l'article R.726-15 du code de la s\u00e9curit\u00e9 int\u00e9rieure.\nPr\u00e9fecture de la C\u00f4te d'Or\n53 rue de la Pr\u00e9fecture 21041 DIJON CEDEX\n03.80.44.64.00 - pref-defense-protection-civile@cote-dor.gouv.fr \nPr\u00e9fecture de la C\u00f4te-d'Or - 21-2026-04-01-00002 - Arr\u00eat\u00e9 N\u00b0632 Portant habilitation du service d\u00e9partemental de secours et\nd'incendie de la C\u00f4te-d'Or pour les formations aux premiers secours 59\nExPREFETDE LACOTE-D'ORLibert\u00e9Egalit\u00e9Fraternit\u00e9\nDirection des s\u00e9curit\u00e9s\nArticle 9 :\nLa pr\u00e9sente habilitation est d\u00e9livr\u00e9e pour une dur\u00e9e de trois ans \u00e0 compter du lendemain de  \nla date de signature du pr\u00e9sent arr\u00eat\u00e9.\nArticle 10 : \nLa demande de renouvellement doit parvenir au Pr\u00e9fet au moins six mois avant l'\u00e9ch\u00e9ance  \nde la pr\u00e9sente habilitation.\nArticle 11 :\nLa directrice de cabinet est charg\u00e9e de l'application du pr\u00e9sent arr\u00eat\u00e9 qui sera notifi\u00e9 au  \nservice d\u00e9partemental de secours et d'incendie de la C\u00f4te-d'Or et publi\u00e9 au recueil des actes  \nadministratifs des services de l'\u00c9tat.\nFait \u00e0 Dijon, le \nLe pr\u00e9fet,\nPour le pr\u00e9fet et par d\u00e9l\u00e9gation,\nLa directrice des s\u00e9curit\u00e9s,\nORIGINAL SIGNE\nH\u00e9l\u00e8ne MANCIAUX\nPr\u00e9fecture de la C\u00f4te d'Or\n53 rue de la Pr\u00e9fecture 21041 DIJON CEDEX\n03.80.44.64.00 - pref-defense-protection-civile@cote-dor.gouv.fr \nPr\u00e9fecture de la C\u00f4te-d'Or - 21-2026-04-01-00002 - Arr\u00eat\u00e9 N\u00b0632 Portant habilitation du service d\u00e9partemental de secours et\nd'incendie de la C\u00f4te-d'Or pour les formations aux premiers secours 60\nAnnexe 1\nListe des r\u00e9f\u00e9rentiels internes de formation et de certification enregistr\u00e9s aupr\u00e8s de la\ndirection g\u00e9n\u00e9rale de la s\u00e9curit\u00e9 civile et de la gestion des crises et devant \u00eatre utilis\u00e9s pour\ndispenser les formations mentionn\u00e9es \u00e0 l'article 1er du pr\u00e9sent arr\u00eat\u00e9.\nUnit\u00e9\nd'enseignement\ndispens\u00e9e\nNum\u00e9ro\nd'enregistrement du\nr\u00e9f\u00e9rentiel \u00e0 la\nDGSCGC\nPublic cible\nPSE1 OD21-PSE1-119-29 Sapeurs-pompiers du SDIS 21\nPSE2 OD21-PSE2-120-29 Sapeurs-pompiers du SDIS 21\nPIC F OD21-PICF-119-29 Sapeurs-pompiers du SDIS 21\nPAE FPSE OD21-FPSE-122-29 Sapeurs-pompiers du SDIS 21\nPr\u00e9fecture de la C\u00f4te d'Or\n53 rue de la Pr\u00e9fecture 21041 DIJON CEDEX\n03.80.44.64.00 - pref-defense-protection-civile@cote-dor.gouv.fr \nPr\u00e9fecture de la C\u00f4te-d'Or - 21-2026-04-01-00002 - Arr\u00eat\u00e9 N\u00b0632 Portant habilitation du service d\u00e9partemental de secours et\nd'incendie de la C\u00f4te-d'Or pour les formations aux premiers secours 61\nPr\u00e9fecture de la C\u00f4te-d'Or\nDirection des s\u00e9curit\u00e9s\n21-2026-04-01-00003\nArr\u00eat\u00e9 N\u00b0632 Portant habilitation du service\nd\u00e9partemental de secours et d'incendie de la\nC\u00f4te-d'Or pour les formations aux premiers\nsecours\nPr\u00e9fecture de la C\u00f4te-d'Or - 21-2026-04-01-00003 - Arr\u00eat\u00e9 N\u00b0632 Portant habilitation du service d\u00e9partemental de secours et\nd'incendie de la C\u00f4te-d'Or pour les formations aux premiers secours 62\nExPREFETDE LACOTE-D'ORLibert\u00e9Egalit\u00e9Fraternit\u00e9\nDirection des s\u00e9curit\u00e9s\n                  Dijon, le 1er avril 2026  \nArr\u00eat\u00e9 N\u00b0632\nPortant habilitation du service d\u00e9partemental de secours et d'incendie de la C\u00f4te-d'Or pour  \nles formations aux premiers secours\nLe pr\u00e9fet de la C\u00f4te-d'Or\nVu le code de la s\u00e9curit\u00e9 int\u00e9rieure notamment ses articles L. 726-1, L.726-2, et R.726-3, 2\u00b0 et\nsuivants ;\nVu le d\u00e9cret du 10 octobre 2024 portant nomination du pr\u00e9fet de la r\u00e9gion Bourgogne-\nFranche-Comt\u00e9, pr\u00e9fet de la C\u00f4te-d'Or \u2212 M. MOURIER (Paul) ;\nVu l'arr\u00eat\u00e9 du 15 juin 2024 relatif \u00e0 la fili\u00e8re citoyenne de s\u00e9curit\u00e9 civile dans le domaine de la\nformation aux premiers secours ;\nVu l'arr\u00eat\u00e9 du 15 juin 2024 relatif \u00e0 la fili\u00e8re op\u00e9rationnelle de s\u00e9curit\u00e9 civile dans le domaine\nde la formation aux premiers secours ;\nVu l'arr\u00eat\u00e9 du 15 juin 2024 relatif \u00e0 la fili\u00e8re aquatique de s\u00e9curit\u00e9 civile ;\nVu l'arr\u00eat\u00e9 du 15 juin 2024 relatif \u00e0 la fili\u00e8re p\u00e9dagogique de s\u00e9curit\u00e9 civile ;\nVu l'arr\u00eat\u00e9 du 17 juin 2024 relatif \u00e0 l'habilitation pour la formation aux premiers secours  ;\nVu l'arr\u00eat\u00e9  pr\u00e9fectoral  n\u00b0 944  / SG  du  2  juillet  2025 donnant  d\u00e9l\u00e9gation  de signature \u00e0  \nMadame H\u00e9l\u00e8ne MANCIAUX, Directrice des s\u00e9curit\u00e9s de la Pr\u00e9fecture de la C\u00f4te-d'Or  ;\nVu la demande d'habilitation formul\u00e9e le 15 octobre 2025 par le service d\u00e9partemental de  \nsecours et d'incendie de la C\u00f4te-d'Or ;\nVu l'avis de la direction g\u00e9n\u00e9rale de la s\u00e9curit\u00e9 civile et de la gestion des crises sur les  \nr\u00e9f\u00e9rentiels internes de formation et de certification pr\u00e9sent\u00e9s ;\nPr\u00e9fecture de la C\u00f4te d'Or\n53 rue de la Pr\u00e9fecture 21041 DIJON CEDEX\n03.80.44.64.00 - pref-defense-protection-civile@cote-dor.gouv.fr \nPr\u00e9fecture de la C\u00f4te-d'Or - 21-2026-04-01-00003 - Arr\u00eat\u00e9 N\u00b0632 Portant habilitation du service d\u00e9partemental de secours et\nd'incendie de la C\u00f4te-d'Or pour les formations aux premiers secours 63\nARRETE\nArticle 1er : \nLe  service d\u00e9partemental  de secours  et d'incendie de la C\u00f4te-d'Or  est habilit\u00e9  pour les  \nformations initiales et continues des unit\u00e9s d'enseignements suivantes :\n- Premiers secours en \u00e9quipe de niveau 1 (PSE1),\n- Premiers secours en \u00e9quipe de niveau 2 (PSE2),\n- P\u00e9dagogie initiale et commune de formateur (PICF),\n- P\u00e9dagogie appliqu\u00e9e \u00e0 l'emploi de formateur aux premiers secours en \u00e9quipe (FPSE),\nArticle 2 :\nLes formations mentionn\u00e9es \u00e0 l'article 1er seront dispens\u00e9es suivant les r\u00e9f\u00e9rentiels internes  \nde formation et de certification enregistr\u00e9s aupr\u00e8s de la direction g\u00e9n\u00e9rale de la s\u00e9curit\u00e9  \ncivile et de la gestion des crises et r\u00e9f\u00e9renc\u00e9es en annexe 1 du pr\u00e9sent arr\u00eat\u00e9.\nArticle 3 :\nLes formations pourront \u00eatre dispens\u00e9es uniquement au sein du d\u00e9partement de la C\u00f4te-\nd'Or.\nArticle 4 :\nLe public cible des formations mentionn\u00e9es \u00e0 l'article 1er est pr\u00e9cis\u00e9 en annexe 1 du pr\u00e9sent\narr\u00eat\u00e9.\nArticle 5 :\nLa pr\u00e9sente habilitation ne peut \u00eatre ni c\u00e9d\u00e9e ni d\u00e9l\u00e9gu\u00e9e et seul l'organisme habilit\u00e9 peut\ndispenser les formations mentionn\u00e9es \u00e0 l'article 1er du pr\u00e9sent arr\u00eat\u00e9.\nArticle 6 :\nToute  modification  du  dossier  ayant  servi  \u00e0  la  demande  d'habilitation,  notamment  la  \ncomposition  de  l'\u00e9quipe  p\u00e9dagogique  ou  la  liste  d'aptitude  p\u00e9dagogique,  doit  \u00eatre  \ncommuniqu\u00e9e sans d\u00e9lai \u00e0 la connaissance du Pr\u00e9fet.\nArticle 7 :\nLe Pr\u00e9fet du d\u00e9partement est comp\u00e9tent pour contr\u00f4ler, en application de l'article L.751-3  \ndu code de la s\u00e9curit\u00e9 int\u00e9rieure, les organismes habilit\u00e9s au titre de l'article R.726-3 du  \nm\u00eame code.\nArticle 8 :\nSans  pr\u00e9judice  des  articles  L.242-1  \u00e0  L.242-4  du  code  des  relations  entre  le  public  et  \nl'administration, lorsque l'organisme ne se conforme pas \u00e0 ses obligations ou ne remplit plus  \nles  conditions  qui  ont  permis  son  habilitation,  ou  s'il  est  constat\u00e9  des  fautes  graves  ou  \nr\u00e9p\u00e9t\u00e9es dans la mise en \u0153uvre de l'habilitation, le Pr\u00e9fet peut appliquer les dispositions  \npr\u00e9vues \u00e0 l'article R.726-15 du code de la s\u00e9curit\u00e9 int\u00e9rieure.\nPr\u00e9fecture de la C\u00f4te d'Or\n53 rue de la Pr\u00e9fecture 21041 DIJON CEDEX\n03.80.44.64.00 - pref-defense-protection-civile@cote-dor.gouv.fr \nPr\u00e9fecture de la C\u00f4te-d'Or - 21-2026-04-01-00003 - Arr\u00eat\u00e9 N\u00b0632 Portant habilitation du service d\u00e9partemental de secours et\nd'incendie de la C\u00f4te-d'Or pour les formations aux premiers secours 64\nExPREFETDE LACOTE-D'ORLibert\u00e9Egalit\u00e9Fraternit\u00e9\nDirection des s\u00e9curit\u00e9s\nArticle 9 :\nLa pr\u00e9sente habilitation est d\u00e9livr\u00e9e pour une dur\u00e9e de trois ans \u00e0 compter du lendemain de  \nla date de signature du pr\u00e9sent arr\u00eat\u00e9.\nArticle 10 : \nLa demande de renouvellement doit parvenir au Pr\u00e9fet au moins six mois avant l'\u00e9ch\u00e9ance  \nde la pr\u00e9sente habilitation.\nArticle 11 :\nLa directrice de cabinet est charg\u00e9e de l'application du pr\u00e9sent arr\u00eat\u00e9 qui sera notifi\u00e9 au  \nservice d\u00e9partemental de secours et d'incendie de la C\u00f4te-d'Or et publi\u00e9 au recueil des actes  \nadministratifs des services de l'\u00c9tat.\nFait \u00e0 Dijon, le \nLe pr\u00e9fet,\nPour le pr\u00e9fet et par d\u00e9l\u00e9gation,\nLa directrice des s\u00e9curit\u00e9s,\nORIGINAL SIGNE\nH\u00e9l\u00e8ne MANCIAUX\nPr\u00e9fecture de la C\u00f4te d'Or\n53 rue de la Pr\u00e9fecture 21041 DIJON CEDEX\n03.80.44.64.00 - pref-defense-protection-civile@cote-dor.gouv.fr \nPr\u00e9fecture de la C\u00f4te-d'Or - 21-2026-04-01-00003 - Arr\u00eat\u00e9 N\u00b0632 Portant habilitation du service d\u00e9partemental de secours et\nd'incendie de la C\u00f4te-d'Or pour les formations aux premiers secours 65\nAnnexe 1\nListe des r\u00e9f\u00e9rentiels internes de formation et de certification enregistr\u00e9s aupr\u00e8s de la\ndirection g\u00e9n\u00e9rale de la s\u00e9curit\u00e9 civile et de la gestion des crises et devant \u00eatre utilis\u00e9s pour\ndispenser les formations mentionn\u00e9es \u00e0 l'article 1er du pr\u00e9sent arr\u00eat\u00e9.\nUnit\u00e9\nd'enseignement\ndispens\u00e9e\nNum\u00e9ro\nd'enregistrement du\nr\u00e9f\u00e9rentiel \u00e0 la\nDGSCGC\nPublic cible\nPSE1 OD21-PSE1-119-29 Sapeurs-pompiers du SDIS 21\nPSE2 OD21-PSE2-120-29 Sapeurs-pompiers du SDIS 21\nPIC F OD21-PICF-119-29 Sapeurs-pompiers du SDIS 21\nPAE FPSE OD21-FPSE-122-29 Sapeurs-pompiers du SDIS 21\nPr\u00e9fecture de la C\u00f4te d'Or\n53 rue de la Pr\u00e9fecture 21041 DIJON CEDEX\n03.80.44.64.00 - pref-defense-protection-civile@cote-dor.gouv.fr \nPr\u00e9fecture de la C\u00f4te-d'Or - 21-2026-04-01-00003 - Arr\u00eat\u00e9 N\u00b0632 Portant habilitation du service d\u00e9partemental de secours et\nd'incendie de la C\u00f4te-d'Or pour les formations aux premiers secours 66\nSous-pr\u00e9fecture de Montbard\nSecr\u00e9tariat g\u00e9n\u00e9ral\n21-2026-03-31-00005\nArr\u00eat\u00e9 pr\u00e9fectoral n\u00b0629 du 31 mars 2026\nportant renouvellement\nde l'habilitation dans le domaine fun\u00e9raire de\nl'enseigne commerciale \u00ab\u00a0Pompes fun\u00e8bres et\nmarbrerie BALOCHARD \u00bb\nSous-pr\u00e9fecture de Montbard - 21-2026-03-31-00005 - Arr\u00eat\u00e9 pr\u00e9fectoral n\u00b0629 du 31 mars 2026 portant renouvellement\nde l'habilitation dans le domaine fun\u00e9raire de l'enseigne commerciale \u00ab\u00a0Pompes fun\u00e8bres et marbrerie BALOCHARD \u00bb 67\nSOUS-PREFECTURE DE MONTBARDPREFETDE LAC\u00d4TE-D'ORLibert\u00e9Egalit\u00e9Fraternit\u00e9Secr\u00e9tariat G\u00e9n\u00e9ralAffaire suivie par Sylvie DAUMAINT\u00e9l. : 03..45.43.80.58Courriel : sylvie.daumaincote-dor.gouv.fr\nVU\nVU\nVU\nVU\nVU\nARR\u00caT\u00c9 PREFECTORALportant modification de l'habilitation dans le domaine fun\u00e9raire de la soci\u00e9t\u00e9 FUNECAPEST, enseigne commerciale \u00ab Pompes Fun\u00e8bres et Marbrerie BALOCHARD \u00bbLA SOUS- PR\u00c9F\u00c8TE DE MONTBARD,le Code G\u00e9n\u00e9ral des Collectivit\u00e9s Territoriales et notamment les dispositions des articlesL 2223-19 \u00e0 L 2223-30, R 2223-40 \u00e0 R 2223-65 et D 2223-34 \u00e0 D 2223-39 relatifs \u00e0l'habilitation fun\u00e9raire ;le d\u00e9cret n\u00b0 2020-917 du 28 juillet 2020 relatif \u00e0 la dur\u00e9e de l'habilitation dans le secteurfun\u00e9raire et \u00e0 la housse mortuaire ;l'arr\u00eat\u00e9 n\u00b0 384/SG du 9 avril 2021 de Monsieur le Pr\u00e9fet de la R\u00e9gion Bourgogne-Franche-Comt\u00e9, Pr\u00e9fet de la C\u00f4te d'Or, donnant d\u00e9l\u00e9gation de signature \u00e0 Madame IsabelleBOURION, Sous-Pr\u00e9f\u00e8te de Montbard ;la demande d'habilitation dans le domaine fun\u00e9raire de la soci\u00e9t\u00e9 FUNECAP EST, enseignecommerciale \u00ab SAS BALOCHARD et associ\u00e9s \u00bb sise avenue No\u00ebl Navoizat 21400CHATILLON-SUR-SEINE formul\u00e9e par M. Luc BEHRA, directeur g\u00e9n\u00e9ral en date du 18mars 2021 ;l'arr\u00eat\u00e9 du 1\u00b0 avril 2021 portant habilitation dans le domaine fun\u00e9raire de la soci\u00e9t\u00e9 FUNECAPEST, enseigne commerciale \u00ab SAS BALOCHARD ET ASSOCIES \u00bb ;les nouveaux documents fournis par M. Luc BEHRA ;CONSIDERANT que cette entreprise remplit les conditions pour obtenir son habilitation dans ledomaine fun\u00e9raire ; ARRETEARTICLE ler : L'enseigne commerciale \u00ab SAS BALOCHARD ET ASSOCIES \u00bb sise avenueNo\u00ebl Navoizat 21400 CHATILLON-SUR-SEINE, g\u00e9r\u00e9e par M. Luc BEHRA, Directeur deFUNECAP EST, est modifi\u00e9e comme suit \u00ab Pompes Fun\u00e9bres et Marbrerie BALOCHARD \u00bb.ARTICLE 2 : Le num\u00e9ro de l'habilitation est 21-21-0075 reste inchang\u00e9.\nSous-pr\u00e9fecture de Montbard - 21-2026-03-31-00005 - Arr\u00eat\u00e9 pr\u00e9fectoral n\u00b0629 du 31 mars 2026 portant renouvellement\nde l'habilitation dans le domaine fun\u00e9raire de l'enseigne commerciale \u00ab\u00a0Pompes fun\u00e8bres et marbrerie BALOCHARD \u00bb 68\nARTICLE 3 : La Sous-Pr\u00e9f\u00e8te de Montbard est charg\u00e9e de l'ex\u00e9cution du pr\u00e9sent arr\u00eat\u00e9 qui serapubli\u00e9 au Recueil des Actes Administratifs de la Pr\u00e9fecture de la C\u00f4te d'Or et dont copie seratransmise \u00e0 :M. Luc BEHRA, directeur g\u00e9n\u00e9ral de la soci\u00e9t\u00e9 FUNECAP EST- Monsieur le Maire de CHATILLON-SUR-SEINE,Monsieur le Chef d'Escadron, commandant la compagnie de gendarmerie deMONTBARD,Monsieur le Directeur de l'Agence R\u00e9gionale de Sant\u00e9 Publique,\nFait \u00e0 Montbard, le 19 octobre 2021Pour la Sous-Pr\u00e9f\u00e9te et par d\u00e9l\u00e9gation,La Secr\u00e9taire G\u00e9n\u00e9ralesign\u00e9 Marguerite MOINDROT\nAccueil du public du lundi au jeudi de 09h30 \u00e0 11h30 et de 14h30 \u00e0 16h30 \u2014 le vendredi de 08h45 \u00e0 13h30ADRESSE POSTALE 25 RUE CHAMPFLEURY - CS 60 - 21 502 MONTBARD CEDEX - TELEPHONE 03.45 43 80 50 \u2014 http:/www.cote-dor.gouv.fr\nSous-pr\u00e9fecture de Montbard - 21-2026-03-31-00005 - Arr\u00eat\u00e9 pr\u00e9fectoral n\u00b0629 du 31 mars 2026 portant renouvellement\nde l'habilitation dans le domaine fun\u00e9raire de l'enseigne commerciale \u00ab\u00a0Pompes fun\u00e8bres et marbrerie BALOCHARD \u00bb 69","date":"2026-04-02","first_seen_on":"2026-04-02T16:15:32+00:00","id":"1b33376dee3ae6b8f252b5fb5e7af12459c3f3e2d9e9f6cada46171440dc0c23","name":"RAA n\u00b0 059 du 02 avril 2026","pdf_creation_date":"2026-04-02T14:32:19+00:00","pdf_modification_date":null,"timezone":"Europe/Paris","url":"https://www.cote-dor.gouv.fr/contenu/telechargement/25947/198641/file/recueil-21-2026-059-recueil-des-actes-administratifs-special.pdf"}
