{"administration":"pref83","administration_name":"Pr\u00e9fecture du Var","content":"VAR\nRECUEIL DES ACTES\nADMINISTRATIFS SP\u00c9CIAL\n(NOMINATIFS)\nN\u00b083-2026-059\nPUBLI\u00c9 LE 17 F\u00c9VRIER 2026\nSommaire\nPr\u00e9fecture du VAR / Direction de la citoyennet\u00e9 et de la l\u00e9galit\u00e9\n83-2026-02-10-00007 - ARR\u00caT\u00c9 PR\u00c9FECTORAL n\u00b0 DCL/BERG/2026/46\ndu 10 f\u00e9vrier 2026 portant modification de l'arr\u00eat\u00e9\nDCL/BERG/2024/427 fixant la composition de la commission locale des\ntransports publics particuliers de personnes, dans le d\u00e9partement du Var.\n(4 pages) Page 3\n2\nPr\u00e9fecture du VAR\n83-2026-02-10-00007\nARR\u00caT\u00c9 PR\u00c9FECTORAL n\u00b0 DCL/BERG/2026/46 du\n10 f\u00e9vrier 2026 portant modification de l'arr\u00eat\u00e9\nDCL/BERG/2024/427 fixant la composition de la\ncommission locale des transports publics\nparticuliers de personnes, dans le d\u00e9partement\ndu Var.\nPr\u00e9fecture du VAR - 83-2026-02-10-00007 - ARR\u00caT\u00c9 PR\u00c9FECTORAL n\u00b0 DCL/BERG/2026/46 du 10 f\u00e9vrier 2026 portant modification de\nl'arr\u00eat\u00e9 DCL/BERG/2024/427 fixant la composition de la commission locale des transports publics particuliers de personnes, dans le\nd\u00e9partement du Var.\n3\n=mPREFETDU VARLibert\u00e9Egalit\u00e9Fraternit\u00e9\nDirection de la citoyennet\u00e9 et de la l\u00e9galit\u00e9\nBureau des \u00e9lections et de la r\u00e9glementation g\u00e9n\u00e9rale\nARR\u00caT\u00c9 PR\u00c9FECTORAL n\u00b0 DCL/BERG/2026/46 du 10 f\u00e9vrier 2026\nportant modification de l'arr\u00eat\u00e9 DCL/BERG/2024/427 fixant la composition de la \ncommission locale des transports publics particuliers de personnes, dans le \nd\u00e9partement du Var.\nLe Pr\u00e9fet du Var,\nVu le code des transports, notamment ses articles D. 3120-21 \u00e0 D. 3120-38 ;\nVu le code des relations entre le public et l'administration, notamment ses articles R. 133-1 \u00e0  \nR. 133-15 ;\nVu le d\u00e9cret du Pr\u00e9sident de la R\u00e9publique du 15 mai 2025 portant nomination de Monsieur  \nSimon BABRE, pr\u00e9fet du Var ;\nVu l'arr\u00eat\u00e9 pr\u00e9fectoral n\u00b0 DCL/BERG/2024/427 du 04 d\u00e9cembre 2024 fixant la composition de  \nla commission locale des transports publics particuliers de personnes, dans le d\u00e9partement  \ndu Var ;\nVu l'arr\u00eat\u00e9 pr\u00e9fectoral n\u00b0 DCL/BERG/2025/451 du 24 d\u00e9cembre 2024 portant modification de  \nl'arr\u00eat\u00e9 DCL/BERG/2024/427 fixant la composition de la commission locale des transports  \npublics particuliers de personnes, dans le d\u00e9partement du Var ;\nVu l'arr\u00eat\u00e9 pr\u00e9fectoral n\u00b0 2025/12/MCI du 02 juin 2025 portant d\u00e9l\u00e9gation de signature \u00e0  \nMonsieur  Lucien  GIUDICELLI,  secr\u00e9taire  g\u00e9n\u00e9ral  de  la  pr\u00e9fecture  du  Var,  sous-pr\u00e9fet  de  \nl'arrondissement de Toulon ;\nVu l'arr\u00eat\u00e9 pr\u00e9fectoral n\u00b0 DCL/BERG/2025/207 du 24 octobre 2025 portant modification de  \nl'arr\u00eat\u00e9 DCL/BERG/2024/427 fixant la composition de la commission locale des transports  \npublics particuliers de personnes, dans le d\u00e9partement du Var ;\nVu l'arr\u00eat\u00e9 pr\u00e9fectoral n\u00b0 DCL/BERG/2025/238 du 20 novembre 2025 portant modification de \nl'arr\u00eat\u00e9 DCL/BERG/2024/427 fixant la composition de la commission locale des transports  \npublics particuliers de personnes, dans le d\u00e9partement du Var ;\nVu le courriel du 10 janvier 2026 par lequel Madame Armelle LAMBLIN, conseill\u00e8re technique  \nrepr\u00e9sentant la f\u00e9d\u00e9ration nationale des taxis ind\u00e9pendants (FTI83), sollicite la modification  \ndes  membres  de  la  FTI83,  pour  si\u00e9ger  \u00e0  la  commission  locale  des  transports  publics  \nparticuliers de personnes, du d\u00e9partement du Var, suite \u00e0 l'assembl\u00e9e g\u00e9n\u00e9rale qui s'est tenue \nle 08 janvier 2026 ;\nSur proposition du secr\u00e9taire g\u00e9n\u00e9ral de la pr\u00e9fecture ;\n1/4\nPr\u00e9fecture du VAR - 83-2026-02-10-00007 - ARR\u00caT\u00c9 PR\u00c9FECTORAL n\u00b0 DCL/BERG/2026/46 du 10 f\u00e9vrier 2026 portant modification de\nl'arr\u00eat\u00e9 DCL/BERG/2024/427 fixant la composition de la commission locale des transports publics particuliers de personnes, dans le\nd\u00e9partement du Var.\n4\nARR\u00caTE\nArticle 1     :   L'article 1 de l'arr\u00eat\u00e9 pr\u00e9fectoral  n\u00b0  DCL/BERG/2024/427 du 04 d\u00e9cembre 2024  \nsusvis\u00e9 est modifi\u00e9 comme suit :\nLa commission locale des transports publics particuliers de personnes, dans le d\u00e9partement  \ndu Var, pr\u00e9sid\u00e9e par le pr\u00e9fet ou son repr\u00e9sentant, est compos\u00e9e de membres ayant une voix \nd\u00e9lib\u00e9rative, ainsi qu'il suit :\nPour la formation pl\u00e9ni\u00e8re\n1 \u2013 Coll\u00e8ge des repr\u00e9sentants de l'administration\n- le pr\u00e9fet ou son repr\u00e9sentant ;\n- le directeur r\u00e9gional de l'environnement, de l'am\u00e9nagement et du logement Provence-Alpes-\nC\u00f4te d'Azur, ou son repr\u00e9sentant pour le d\u00e9partement du Var ;\n- la directrice d\u00e9partementale de la protection des populations du Var, ou son repr\u00e9sentant ;\n- le directeur interd\u00e9partemental de la police nationale du Var, ou son repr\u00e9sentant ;\n-  le  commandant  du  groupement  de  gendarmerie  d\u00e9partementale  du  Var,  ou  son  \nrepr\u00e9sentant.\n2 \u2013 Coll\u00e8ge des repr\u00e9sentants des organisations professionnelles\nF\u00e9d\u00e9ration des taxis ind\u00e9pendants du Var (FTI83) : \nTitulaires     : .\nMonsieur Dominique DE GRENDEL-NESME, pr\u00e9sident ;\nMonsieur Christophe GIUSTI, vice-pr\u00e9sident ;\nSuppl\u00e9ants     : \nMonsieur Patrice BURTE, vice-pr\u00e9sident ;\nMadame Armelle LAMBLIN, conseill\u00e8re technique.\nUnion des taxis du Var (UTV83)     : \nTitulaires     : \nMadame Laurence LEVALLOIS, pr\u00e9sidente ;\nMonsieur Thierry BRIQUET, secr\u00e9taire g\u00e9n\u00e9ral ;\nSuppl\u00e9ants     : \nMonsieur Nicolas RAYNAUD, d\u00e9l\u00e9gu\u00e9 d\u00e9partemental ;\nMonsieur G\u00e9rald DELZECHI, d\u00e9l\u00e9gu\u00e9 d\u00e9partemental.\nF\u00e9d\u00e9ration  fran\u00e7aise  des  exploitants  de  voitures  de  transport  avec  chauffeur  \n(FFEVTC)     : \nTitulaire :   \nMonsieur Patrick CIOCCA, d\u00e9l\u00e9gu\u00e9 d\u00e9partemental ;\nSuppl\u00e9ant : \nMonsieur Didier MAKOUANGA. \n3 \u2013 Coll\u00e8ge des repr\u00e9sentants des collectivit\u00e9s territoriales\nMembres si\u00e9geant au titre de la comp\u00e9tence d'autorit\u00e9 organisatrice de la mobilit\u00e9     :  \nTitulaire : \nUn repr\u00e9sentant de la r\u00e9gion Provence-Alpes-C\u00f4te d'Azur.\nRepr\u00e9sentant des \u00e9tablissements publics de coop\u00e9ration intercommunale \u00e0 fiscalit\u00e9 propre     :  \nTitulaire : \nUn repr\u00e9sentant de la M\u00e9tropole Toulon Provence M\u00e9diterran\u00e9e.\n2/4\nPr\u00e9fecture du VAR - 83-2026-02-10-00007 - ARR\u00caT\u00c9 PR\u00c9FECTORAL n\u00b0 DCL/BERG/2026/46 du 10 f\u00e9vrier 2026 portant modification de\nl'arr\u00eat\u00e9 DCL/BERG/2024/427 fixant la composition de la commission locale des transports publics particuliers de personnes, dans le\nd\u00e9partement du Var.\n5\nMembres si\u00e9geant au titre de la comp\u00e9tence d'autorit\u00e9 charg\u00e9e de d\u00e9livrer les autorisations \nde stationnement de taxi :\nTitulaires     : \nMonsieur Jean-Michel CONSTANS, maire de Tourves ;\nMonsieur Edouard FRIEDLER, maire du Beausset ;\nMonsieur Nicolas BREMOND, maire de Rians.\nSuppl\u00e9ants     : \nMonsieur Bruno AYCARD, maire de Belgentier ;\nMonsieur Jean-Yves HUET, maire de Montauroux ;\nMadame H\u00e9l\u00e8ne VERDUYN, maire de Signes.    \n4 \u2013 Repr\u00e9sentants d'associations\nAssociations de consommateurs\nAssociation UFC QUE CHOISIR     :  \nTitulaire : \nMonsieur Bernard MAZADE ;\nSuppl\u00e9ant : \nMonsieur Christian VERBRUGGE.\nAssociation Toulon Var D\u00e9placements :\nTitulaire : \nMonsieur Maurice FRANCESCHI ;\nSuppl\u00e9ant     : \nMonsieur Michel VANDENBROUCKE.\n5 \u2013 Personne qualifi\u00e9e\n- un repr\u00e9sentant de la Caisse Primaire d'Assurance Maladie du Var.\nPour la formation disciplinaire taxi\n1 \u2013 Coll\u00e8ge des repr\u00e9sentants de l'administration\n- le pr\u00e9fet ou son repr\u00e9sentant ;\n- la directrice d\u00e9partementale de la protection des populations du Var, ou son repr\u00e9sentant ;\n- le directeur interd\u00e9partemental de la police nationale du Var, ou son repr\u00e9sentant ;\n-  le  commandant  du  groupement  de  gendarmerie  d\u00e9partementale  du  Var,  ou  son  \nrepr\u00e9sentant.\n2 \u2013 Coll\u00e8ge des repr\u00e9sentants des organisations professionnelles\nF\u00e9d\u00e9ration des taxis ind\u00e9pendants du Var (FTI83) : \nTitulaires     : .\nMonsieur Dominique DE GRENDEL-NESME, pr\u00e9sident ;\nMonsieur Christophe GIUSTI, vice-pr\u00e9sident ;\nSuppl\u00e9ants     : \nMonsieur Patrice BURTE, vice-pr\u00e9sident ;\nMadame Armelle LAMBLIN, conseill\u00e8re technique.\nUnion des taxis du Var (UTV83)     : \nTitulaires     : \n3/4\nPr\u00e9fecture du VAR - 83-2026-02-10-00007 - ARR\u00caT\u00c9 PR\u00c9FECTORAL n\u00b0 DCL/BERG/2026/46 du 10 f\u00e9vrier 2026 portant modification de\nl'arr\u00eat\u00e9 DCL/BERG/2024/427 fixant la composition de la commission locale des transports publics particuliers de personnes, dans le\nd\u00e9partement du Var.\n6\nMadame Laurence LEVALLOIS, pr\u00e9sidente ;\nMonsieur Thibault LAFONTAINE, vice-pr\u00e9sident ;\nSuppl\u00e9ants     : \nMonsieur Thierry BRIQUET, secr\u00e9taire ;\nMonsieur Nicolas RAYNAUD, d\u00e9l\u00e9gu\u00e9 d\u00e9partemental.\n3 \u2013 Personne qualifi\u00e9e\n- un repr\u00e9sentant de la Caisse Primaire d'Assurance Maladie du Var.\nPour la formation disciplinaire VTC\n1 \u2013 Coll\u00e8ge des repr\u00e9sentants de l'administration\n- le pr\u00e9fet ou son repr\u00e9sentant ;\n- le directeur r\u00e9gional de l'environnement, de l'am\u00e9nagement et du logement Provence-Alpes-\nC\u00f4te d'Azur, ou son repr\u00e9sentant pour le d\u00e9partement du Var.\n2 \u2013 Coll\u00e8ge des repr\u00e9sentants des organisations professionnelles\nF\u00e9d\u00e9ration fran\u00e7aise des exploitants de voitures de transport avec chauffeur (FFEVTC)     : \nTitulaires :   \nMonsieur Patrick CIOCCA, d\u00e9l\u00e9gu\u00e9 d\u00e9partemental ;\nMonsieur Didier MAKOUANGA.\nSuppl\u00e9ants : \nMadame Aline DESCLAUX ;\nMonsieur Nicolas LUBRANO.\nArticle 2     : Les arr\u00eat\u00e9s  n\u00b0 DCL/BERG/2025/451  du 24 d\u00e9cembre 2024,  n\u00b0 DCL/BERG/2025/207 \ndu 24 octobre 2025 et  n\u00b0 DCL/BERG/2025/238 du 20 novembre 2025 sont abrog\u00e9s \u00e0 compter \nde la date de notification du pr\u00e9sent arr\u00eat\u00e9.\nArticle 3 : Les autres dispositions de l'arr\u00eat\u00e9 restent inchang\u00e9es.\nArticle 4  : Le secr\u00e9taire g\u00e9n\u00e9ral de la pr\u00e9fecture est charg\u00e9 de l'ex\u00e9cution du pr\u00e9sent arr\u00eat\u00e9  \nqui sera publi\u00e9 au recueil des actes administratifs de la pr\u00e9fecture.\nFait \u00e0 Toulon, le 10 f\u00e9vrier 2026\nPour le Pr\u00e9fet et par d\u00e9l\u00e9gation,\nle secr\u00e9taire g\u00e9n\u00e9ral,\nSign\u00e9 : Lucien GIUDICELLI\nDans un d\u00e9lai de deux mois \u00e0 compter de la date de la notification ou de la publication du pr\u00e9sent arr\u00eat\u00e9 au recueil des actes \nadministratifs de la pr\u00e9fecture, les recours suivants peuvent \u00eatre introduits conform\u00e9ment aux dispositions des articles R. 421-1 et \nsuivants du code de justice administrative :\n- un recours gracieux, adress\u00e9 \u00e0 : M. le Pr\u00e9fet du Var \u2013 Bd du 112\u00e8me r\u00e9giment d'infanterie-  CS 31209 - 83070 TOULON CEDEX\n- un recours hi\u00e9rarchique, adress\u00e9 au(x) ministre(s) concern\u00e9(s) ;\nDans ces deux cas, le silence de l'administration vaut rejet implicite au terme d'un d\u00e9lai de deux mois.\nApr\u00e8s un recours gracieux ou hi\u00e9rarchique, le d\u00e9lai du recours contentieux ne court qu'\u00e0 compter du rejet explicite ou implicite de l'un \nde ces recours.\n- un recours contentieux, en saisissant le Tribunal Administratif de Toulon : 5 rue Racine -BP 40510 - 83 041 TOULON CEDEX 9\nLe  tribunal  administratif  peut  \u00eatre  saisi  par  l'application  informatique  \u00ab  T\u00e9l\u00e9recours  citoyens \u00bb  accessible  par  le  site  internet  \n\u00ab www.telerecours.fr \u00bb.\n4/4\nPr\u00e9fecture du VAR - 83-2026-02-10-00007 - ARR\u00caT\u00c9 PR\u00c9FECTORAL n\u00b0 DCL/BERG/2026/46 du 10 f\u00e9vrier 2026 portant modification de\nl'arr\u00eat\u00e9 DCL/BERG/2024/427 fixant la composition de la commission locale des transports publics particuliers de personnes, dans le\nd\u00e9partement du Var.\n7","date":"2026-02-17","first_seen_on":"2026-02-17T17:43:34+00:00","id":"1b76b1db60a9b64a27e5d4dcd013a8254c3312d9f86bc614c946e6305aa33132","name":"RAA N\u00b059 du 17 f\u00e9vrier 2026","pdf_creation_date":"2026-02-17T16:37:17+00:00","pdf_modification_date":null,"timezone":"Europe/Paris","url":"https://www.var.gouv.fr/contenu/telechargement/45020/293676/file/RAA%20N%C2%B059%20du%2017%20f%C3%A9vrier%202026%20NOMINATIF%20.pdf"}
