{"administration":"pref69","administration_name":"Pr\u00e9fecture du Rh\u00f4ne","content":"PR\u00c9F\u00c8TE\nDU RH\u00d4NE\nRECUEIL DES ACTES\nADMINISTRATIFS SP\u00c9CIAL\nN\u00b069-2025-323\nPUBLI\u00c9 LE  5 D\u00c9CEMBRE 2025\nSommaire\n69_HCL_Hospices civils de Lyon / Direction des affaires juridiques\n69-2025-12-02-00008 - D\u00e9cision de d\u00e9l\u00e9gation de signature n\u00b025-119\ndu 2 d\u00e9cembre 2025 pour le Groupement Hospitalier Nord, HOSPICES\nCIVILS DE LYON (7 pages) Page 3\n69_Pr\u00e9f_Pr\u00e9fecture du Rh\u00f4ne / Direction des affaires juridiques et de\nl'administration locale\n69-2025-12-04-00004 - agr\u00e9ment pour l'exercice de l'activit\u00e9 de\ndomiciliation d'entreprises : soci\u00e9t\u00e9 GROUPE DRODE ET\nCOMPAGNIE 50 rue de la R\u00e9publique 69002 LYON (2 pages) Page 11\n69-2025-12-02-00011 - Arr\u00eat\u00e9 pr\u00e9fectoral relatif \u00e0 la part communale\nde l'accise sur l'\u00e9lectricit\u00e9 Ann\u00e9e 2025 (2 pages) Page 14\n69-2025-12-02-00009 - Arr\u00eat\u00e9 pr\u00e9fectoral relatif \u00e0 la part\nd\u00e9partementale de l'accise sur l'\u00e9lectricit\u00e9 D\u00e9partement du\nRh\u00f4ne-Ann\u00e9e 2025\n (2 pages) Page 17\n69-2025-12-02-00010 - Arr\u00eat\u00e9 pr\u00e9fectoral relatif \u00e0 la part\nd\u00e9partementale de l'accise sur l'\u00e9lectricit\u00e9-M\u00e9tropole de\nLyon\n-Ann\u00e9e 2025 (2 pages) Page 20\n69-2025-12-05-00002 - habilitation dans le domaine fun\u00e9raire : SAS\nPompes Fun\u00e8bres PINAULT, nom commercial \u00ab\u00a0Pompes fun\u00e8bres\nPINAULT\u00bb, situ\u00e9 2 rue G\u00e9n\u00e9ral Brosset 69140 Rillieux-la-Pape (2\npages) Page 23\n69_Pr\u00e9f_Pr\u00e9fecture du Rh\u00f4ne / Pr\u00e9fet d\u00e9l\u00e9gu\u00e9 pour la\nd\u00e9fense et la s\u00e9curit\u00e9\n69-2025-12-05-00003 - ARR\u00caT\u00c9 n\u00b02025 - 12 - 05 -\n0001\nautorisant la captation, l'enregistrement et la\ntransmission\nd'images au moyen de cam\u00e9ras install\u00e9es sur un\na\u00e9ronef le 07 d\u00e9cembre 2025 \u00e0 Lyon et Villeurbanne (3 pages) Page 26\n69-2025-12-05-00004 - Arr\u00eat\u00e9 pr\u00e9fectoral n\u00b0\n2025-12-05-0002\nportant interdiction de cort\u00e8ges, d\u00e9fil\u00e9s et\nrassemblements revendicatifs dans un p\u00e9rim\u00e8tre d\u00e9fini le dimanche 7\nd\u00e9cembre 2025 \u00e0 Lyon 6? et Villeurbanne de 14h00 \u00e0 22h00 (5\npages) Page 30\n69-2025-12-05-00001 - ARR\u00caT\u00c9 PR\u00c9FECTORAL N\u00b0\n2025-12-05-0003\nportant interdiction de cort\u00e8ges, d\u00e9fil\u00e9s et\nrassemblements revendicatifs dans un p\u00e9rim\u00e8tre d\u00e9fini \u00e0 Lyon, du\nlundi 8 d\u00e9cembre 2025 \u00e0 17h00 au mardi 9 d\u00e9cembre \u00e0 00h00 (5\npages) Page 36\n2\n69_HCL_Hospices civils de Lyon\n69-2025-12-02-00008\nD\u00e9cision de d\u00e9l\u00e9gation de signature n\u00b025-119 du\n2 d\u00e9cembre 2025 pour le Groupement\nHospitalier Nord, HOSPICES CIVILS DE LYON\n69_HCL_Hospices civils de Lyon - 69-2025-12-02-00008 - D\u00e9cision de d\u00e9l\u00e9gation de signature n\u00b025-119 du 2 d\u00e9cembre 2025 pour le\nGroupement Hospitalier Nord, HOSPICES CIVILS DE LYON 3\nHCLHOSPICES CIVILSDE LYON\nDIRECTION G\u00c9N\u00c9RALEDirection des affaires juridiquesD\u00c9CISION N\u00b025-119DU 2 DECEMBRE 2025D\u00c9L\u00c9GATION DE SIGNATURELe Directeur G\u00e9n\u00e9ral, ordonnateur du budget,Vu le code de la sant\u00e9 publique,Vu le d\u00e9cret du Pr\u00e9sident de la R\u00e9publique du 29 d\u00e9cembre 2023 portant nomination deM. Raymond LE MOIGN, en qualit\u00e9 de Directeur G\u00e9n\u00e9ral des Hospices Civils de Lyon,Vu la note de service de la direction g\u00e9n\u00e9rale des HCL n\u00b020-08 du 13 mai 2020 nommantMme Dominique SOUPART, directrice du groupement hospitalier Nord ;Vu la nomination de M. Louis LEFEBVRE, en sa qualit\u00e9 de directeur des ressources humaines ;Vu l'affectation de Mme Emilie DUSSOSSOY, en sa qualit\u00e9 de pharmacienneVu l'affectation de Mme Fanny GRIMONPONT, M. Dine ANDRIANARISONA, Mme Assia COSTE,Mme Marine GAUCHON, M. Luigi PACE, Mme Ambrine SAADNA, M. Luigi PACE,Mme Ambrine SAADNA, en leur qualit\u00e9 de gestionnaires administratifs ;Vu l'affectation de M. Alban RICHARD, en sa qualit\u00e9 de faisant fonction de technicien sup\u00e9rieurhospitalier charg\u00e9 de la s\u00e9curit\u00e9 du groupement.D\u00c9CIDEArticle ler:D\u00e9l\u00e9gation de signature est donn\u00e9e a Mme Dominique SOUPART, directrice du groupement hospitalierNord des Hospices civils de Lyon regroupant l'h\u00f4pital de la Croix-Rousse, l'h\u00f4pital Docteur Fr\u00e9d\u00e9ricDugoujon et l'h\u00f4pital Pierre Garraud, dans la limite des attributions du groupement et dans lesconditions indiqu\u00e9es dans les articles ci-dessous.Article 2 :La b\u00e9n\u00e9ficiaire de la pr\u00e9sente d\u00e9l\u00e9gation est autoris\u00e9e \u00e0 signer :1- Toutes d\u00e9cisions, correspondances, certificats et exp\u00e9ditions non mentionn\u00e9es au Il, Ill et IV dupr\u00e9sent article, ainsi que les d\u00e9p\u00f4ts de plainte aupr\u00e8s des autorit\u00e9s de police et de justice, relatifs\u00e0 l'organisation et au fonctionnement du Groupement hospitalier Nord ;ll- Dans le domaine des ressources humaines :a- Toutes les pi\u00e8ces et correspondances relatives aux affaires courantes de ce domaine ;b- Les mesures concernant la gestion du personnel relevant de la fonction publiquehospitali\u00e8re :- Les contrats de travail \u00e0 dur\u00e9e d\u00e9termin\u00e9e ;- Les d\u00e9cisions relatives \u00e0 la disponibilit\u00e9, au d\u00e9tachement ;- Les correspondances relatives aux demandes de rupture conventionnelle ;- Les avis et observations sur le compte-rendu d'\u00e9valuation professionnelle des agents ;- Les d\u00e9cisions en mati\u00e8re de discipline pour les titulaires de contrats de travail \u00e0 dur\u00e9ed\u00e9termin\u00e9e ; 3, QUAI DES CELESTINS 69002 LYON \u2014 FRANCEB.P, 2251 -69229 LYON CEDEX 02 1WWW.CHU-LYON.FR - RENSEIGNEMENTS HCL : 0 825 0 825 69 (0.15 \u20ac/MN)N\u00b0 FINESS HCL 690781810\n69_HCL_Hospices civils de Lyon - 69-2025-12-02-00008 - D\u00e9cision de d\u00e9l\u00e9gation de signature n\u00b025-119 du 2 d\u00e9cembre 2025 pour le\nGroupement Hospitalier Nord, HOSPICES CIVILS DE LYON 4\nHCLHOSPICES CIVILSDELYON\n- Les d\u00e9cisions d'affectation et de changement d'affectation ;- Les d\u00e9cisions de reconnaissance d'accident de service, trajet et de maladieprofessionnelle sans arr\u00e9t de travail ;- Les tableaux de service des agents et les autorisations d'absences ;- Les cong\u00e9s y compris:= les d\u00e9cisions relatives au cong\u00e9 pour invalidit\u00e9 temporaire imputable au service (Citis),= les d\u00e9cisions d'octroi de cong\u00e9 de proche aidant,= les d\u00e9cisions d'octroi de cong\u00e9 de solidarit\u00e9 familial,= les d\u00e9cisions relatives au cong\u00e9 parental,- Les assignations pendant les p\u00e9riodes de gr\u00e8ve ;- Les d\u00e9cisions relatives \u00e0 la r\u00e9mun\u00e9ration ;- Les ordres de mission en France ou \u00e0 l'\u00e9tranger ;- Les conventions de stage des \u00e9l\u00e8ves et des \u00e9tudiants ;Les mesures concernant la gestion du personnel m\u00e9dical :Les assignations du personnel m\u00e9dical pendant les p\u00e9riodes de gr\u00e8ve ;Les d\u00e9clarations d'accident du travail ;\nLe)' t\nd- Les engagements concernant les d\u00e9penses de classe 6 dans la limite des cr\u00e9dits budg\u00e9tairesouverts ;e- Les certificats administratifs ;It!- Dans le domaine \u00e9conomique, technique et logistique :a- Toutes les pi\u00e8ces et correspondances relatives aux affaires courantes de ce domaine ;b- Les engagements concernant :- Les d\u00e9penses de classe 6 dans la limite des cr\u00e9dits budg\u00e9taires ouverts ;- Les d\u00e9penses d'\u00e9quipements de classe 2 en fonction des cr\u00e9dits disponibles ;c- Les certificats de service fait au niveau des factures ainsi que les certificats administratifs ;IV- Dans le domaine des finances :a- Toutes les pi\u00e8ces et correspondances relatives aux affaires courantes de ce domaine ;b- Les engagements concernant :- L'int\u00e9gralit\u00e9 des d\u00e9penses de classe 6 dans la limite des cr\u00e9dits budg\u00e9taires ouverts ;- Les d\u00e9penses d'\u00e9quipements de classe 2 en fonction des cr\u00e9dits disponibles ;c- Les certificats de service fait au niveau des factures ainsi que les certificats administratifs.Article 3 :Sont exclus de la pr\u00e9sente d\u00e9l\u00e9gation, l'ordonnancement des d\u00e9penses et recettes, les march\u00e9s et lesconventions, \u00e0 l'exception de celles mentionn\u00e9es \u00e0 l'article 2-II, les d\u00e9cisions soumises au Conseil deSurveillance, les correspondances adress\u00e9es aux autorit\u00e9s de tutelles locales et minist\u00e9rielles.Article 4 :En cas d'absence ou d'emp\u00eachement de Mme Dominique SOUPART, directrice du groupement et sursa proposition, la m\u00eame d\u00e9l\u00e9gation est donn\u00e9e \u00e0 Mme Muriel LAHAYE, directrice adjointe ;\n69_HCL_Hospices civils de Lyon - 69-2025-12-02-00008 - D\u00e9cision de d\u00e9l\u00e9gation de signature n\u00b025-119 du 2 d\u00e9cembre 2025 pour le\nGroupement Hospitalier Nord, HOSPICES CIVILS DE LYON 5\nHCLHOSPICES CIVILSDE LYON\nArticle 5:A. Sur proposition de Mme Dominique SOUPART, directrice du groupement, d\u00e9l\u00e9gation est donn\u00e9e4 M. Louis LEFEBVRE, en sa qualit\u00e9 de directeur des ressources humaines du groupement, a l'effetde signer, en tant que de besoin, les actes vis\u00e9s \u00e0 l'article 2-II.B. En cas d'absence ou d'emp\u00eachement de M. Louis LEFEBVRE, directeur des ressources humaines,d\u00e9l\u00e9gation est donn\u00e9e \u00e0 M. Xavier PESENTI, attach\u00e9 d'administration hospitali\u00e8re, \u00e0 l'effet designer, les contrats de travail \u00e0 dur\u00e9e d\u00e9termin\u00e9e, ainsi que toutes d\u00e9cisions et correspondancesrelatives aux affaires courantes de la direction des ressources humaines.C. En cas d'absence ou d'emp\u00e9chement de M. Xavier PESENTI, attach\u00e9 d'administration hospitali\u00e8re,d\u00e9l\u00e9gation est donn\u00e9e concomitamment \u00e0 :- Mme Delphine ZELANTI, adjointe des cadres hospitaliers \u00e0 la direction des ressourceshumaines,- Mme Sylviane CHALENCON, adjointe des cadres hospitaliers \u00e0 la direction des ressourceshumaines,\u00e0 l'effet de signer, les contrats de travail \u00e0 dur\u00e9e d\u00e9termin\u00e9e et les courriers et d\u00e9cisions relatives\u00e0 la disponibilit\u00e9, au cong\u00e9 parental, au d\u00e9tachement, mutation, fin de contrat \u00e0 dur\u00e9ed\u00e9termin\u00e9e, \u00e0 la paie.D. En cas d'absence ou d'emp\u00e9chement de M. Xavier PESENTI, attach\u00e9 d'administration hospitali\u00e8re,d\u00e9l\u00e9gation est donn\u00e9e \u00e0 Mme C\u00e9line LESAINE, conseill\u00e8re du service formation, \u00e0 l'effet de signerles ordres de mission et les conventions de stage.Article 6 :Sur proposition de Mme Dominique SOUPART, directrice du groupement hospitalier Nord, d\u00e9l\u00e9gationest donn\u00e9e \u00e0 Mme Aur\u00e9lie INGELAERE, en sa qualit\u00e9 de directrice charg\u00e9e de la cellule qualit\u00e9 et desrelations avec les usagers \u00e0 l'effet de signer :- Tous courriers relatifs aux relations avec les usagers ou patients ;- Tout proc\u00e8s-verbal relatif aux commissions rogatoires et enqu\u00eates pr\u00e9liminaires ex\u00e9cut\u00e9esdans les \u00e9tablissements constituant ce groupement.En cas d'absence ou d'emp\u00eachement de Mme Aur\u00e9lie INGELAERE, d\u00e9l\u00e9gation est donn\u00e9e3 Mme Val\u00e9rie BUSSIERE-GIRODON, charg\u00e9e des relations avec les usagers \u00e0 l'effet de signer toutproc\u00e8s-verbal relatif aux commissions rogatoires et enqu\u00eates pr\u00e9liminaires ex\u00e9cut\u00e9es dans les\u00e9tablissements constituant ce groupement.Article 7 :A. Sur proposition de Mme Dominique SOUPART, directrice du groupement, d\u00e9l\u00e9gation est donn\u00e9e\u00e0 M. Fran\u00e7ois RUEL, en sa qualit\u00e9 de responsable des ressources mat\u00e9rielles et logistiques et desop\u00e9rations, \u00e0 l'effet de signer, les actes vis\u00e9s \u00e0 l'article 2-II! ainsi que les avis et observations surle compte-rendu d'\u00e9valuation professionnelle du personnel affect\u00e9 dans son secteur.B. En cas d'absence ou d'emp\u00eachement M. Fran\u00e7ois RUEL, responsable des ressources mat\u00e9rielles,logistiques et des op\u00e9rations, la m\u00eame d\u00e9l\u00e9gation est donn\u00e9e \u00e0 Mme Nassira HOUMA, attach\u00e9ed'administration hospitali\u00e8re.C. Sur proposition de Mme Dominique SOUPART, directrice du groupement, d\u00e9l\u00e9gation est donn\u00e9econcomitamment \u00e0 :- Mme Charlotte BESSON, pharmacienne\n69_HCL_Hospices civils de Lyon - 69-2025-12-02-00008 - D\u00e9cision de d\u00e9l\u00e9gation de signature n\u00b025-119 du 2 d\u00e9cembre 2025 pour le\nGroupement Hospitalier Nord, HOSPICES CIVILS DE LYON 6\nHCLHOSPICES CIVILSDELYON\n- Mme Constance BRETAGNOLLE, pharmacienne- M. Thomas BRIOT, pharmacien- Mme Emilie DUSSOSSOY, pharmacienne- Mme Laure LALANDE, pharmacienne\u00e0 Veffet de signer les engagements en mati\u00e8re des produits de sant\u00e9.Article 8:Sur proposition de Mme Dominique SOUPART, directrice du groupement :A. D\u00e9l\u00e9gation est donn\u00e9e \u00e0 Mme Muriel LAHAYE, en qualit\u00e9 de directrice des services financiers, al'effet de signer :- Les actes vis\u00e9s \u00e0 l'article 2-| et relevant de ses attributions, et les actes vis\u00e9s \u00e0 l'article 2-IV ;- Les avis et observations sur le compte-rendu d'\u00e9valuation professionnelle du personnelaffect\u00e9 dans ces services ;- Les certificats administratifs ;- Les ordres de mission en France ou \u00e0 l'\u00e9tranger.B. En cas d'absence ou d'emp\u00eachement de Mme Muriel LAHAYE, en qualit\u00e9 de directrice des servicesfinanciers, d\u00e9l\u00e9gation est donn\u00e9e \u00e0 M. Pierre-Luc ZUNER, cadre administratif, \u00e0 l'effet de signer,dans la limite de ses attributions, toutes pi\u00e8ces et correspondances relatives aux affairescourantes du service.Article 9 :Sur proposition de Mme Dominique SOUPART, directrice du groupement :A. D\u00e9l\u00e9gation est donn\u00e9e \u00e0 Mme Muriel LAHAYE, en qualit\u00e9 de directrice du service des admissions,\u00e0 l'effet de signer :- Les actes vis\u00e9s \u00e0 l'article 2-I relevant de ses attributions ;- Les avis et observations sur le compte-rendu d'\u00e9valuation professionnelle du personnelaffect\u00e9 dans ce service ;- Les certificats administratifs ;- Les documents requis pour les d\u00e9clarations d'\u00e9tat civil ;- Les transports de corps sans mise-en bi\u00e8re ;- Les documents relatifs aux admissions en long s\u00e9jour et les attestations de la Caissed'Allocations Familiales ;- Les demandes de pr\u00e9l\u00e8vement d'organes post mortem \u00e0 but scientifique ;- Les demandes d'autopsie pour enfant mort-n\u00e9 ;- Les autorisations d'inscription sur la liste nationale d'attente des greffes ;- Les demandes de devis;- Toutes pi\u00e8ces et correspondances relatives aux affaires courantes du service ;- Les attestations listant les biens des patients d\u00e9funts dans le cadre des successions et \u00e0destination des notaires ;\u00e0 l'exception des ordres de mission en France ou \u00e0 l'\u00e9tranger.B. En cas d'absence ou d'emp\u00eachement de Mme Muriel LAHAYE, directrice du service desadmissions, d\u00e9l\u00e9gation est donn\u00e9e \u00e0 Mme Florine MARTINEZ, responsable de gestionadministrative au service des admissions, \u00e0 l'effet de signer, dans la limite de ses attributions :\n69_HCL_Hospices civils de Lyon - 69-2025-12-02-00008 - D\u00e9cision de d\u00e9l\u00e9gation de signature n\u00b025-119 du 2 d\u00e9cembre 2025 pour le\nGroupement Hospitalier Nord, HOSPICES CIVILS DE LYON 7\nHCLHOSPICES CIVILSDE LYON\n- Toutes pi\u00e8ces et correspondances relatives aux affaires courantes du service ;- Les documents relatifs aux admissions en long s\u00e9jour et les attestations de la Caissed'Allocations Familiales;- Les demandes de pr\u00e9l\u00e8vement d'organes post mortem \u00e0 but scientifique ;- Les demandes d'autopsie pour enfant mort-n\u00e9 ;- Les demandes de devis;- Les documents requis pour les d\u00e9clarations d'\u00e9tat civil ;- Les transports de corps sans mise en bi\u00e8re ;- Les certificats administratifs ;- Les autorisations d'inscription sur la liste nationale d'attente des greffes, sauf si absence decouverture sociale du patient requ\u00e9rant l'engagement financier de l'\u00e9tablissement ;- Les attestations listant les biens des patients d\u00e9funts dans le cadre des successions et \u00e0destination des notaires.C. En cas d'absence ou d'emp\u00eachement de Mme Florine MARTINEZ, d\u00e9l\u00e9gation est donn\u00e9e\u00e0 Mme Hay\u00e8te BOUCHARD et Mme Fanny GRIMONPON, responsables adjointes de gestionadministrative au service des admissions, \u00e0 l'effet de signer concomitamment :- Les documents requis pour les d\u00e9clarations d'\u00e9tat civil ;- Les transports de corps sans mise en bi\u00e8re ;- Les documents relatifs aux admissions en long s\u00e9jour et les attestations de la Caissed'Allocations Familiales ;- Les demandes de pr\u00e9l\u00e8vement d'organes post mortem \u00e0 but scientifique ;- Les demandes d'autopsie pour enfant mort-n\u00e9 ;- Les demandes de devis;- Les certificats administratifs ;- Les autorisations d'inscription sur la liste nationale d'attente des greffes, sauf si absence decouverture sociale du patient requ\u00e9rant l'engagement financier de l'\u00e9tablissement ;- Les attestations listant les biens des patients d\u00e9funts dans le cadre des successions et adestination des notaires.D. En cas d'absence ou d'emp\u00eachement de Mme Florine MARTINEZ, Mme Hay\u00e8te BOUCHARD et deMme Fanny GRIMONPONT, d\u00e9l\u00e9gation est donn\u00e9e \u00e0 Mme Monique TAI et Mme F\u00e9rial CHERIF,gestionnaires administratifs, \u00e0 l'effet de signer les documents requis pour les d\u00e9clarations d'\u00e9tatcivil.E. En cas d'absence ou d'emp\u00e9chement de Mme Florine MARTINEZ, Mme Hay\u00e8te BOUCHARD et deMme Fanny GRIMONPON, les demandes de transports de corps sans mise en bi\u00e8re, peuvent \u00eatresign\u00e9es concomitamment par les agents du service des admissions dont les noms figurent ci-dessous :- M. Dine ANDRIANARISONA, gestionnaire administratif- Mme Nathalie BARAIN, gestionnaire administratif- Mme Houda BENLAMRI, gestionnaire administratif- Mme Laetitia BELIARD, gestionnaire administratif- Mme C\u00e9line BERRY, gestionnaire administratif- M. Wilson BOUCAUD, gestionnaire administratif- Mme Marjory BOUVET, gestionnaire administratif- Mme Magalie BUIRE, gestionnaire administratif\n69_HCL_Hospices civils de Lyon - 69-2025-12-02-00008 - D\u00e9cision de d\u00e9l\u00e9gation de signature n\u00b025-119 du 2 d\u00e9cembre 2025 pour le\nGroupement Hospitalier Nord, HOSPICES CIVILS DE LYON 8\nHCLHOSPICES CIVILSDE LYON\n- Mme C\u00e9line CACCAMO, gestionnaire administratif- Mme F\u00e9rial CHERIF, gestionnaire administratif- Mme Corinne CLAIR gestionnaire administratif- Mme Anne CLAVEL, gestionnaire administratif- Mme Sylvie COMBE, gestionnaire administratif- Mme Assia COSTE, gestionnaire administratif- Mme Sabrina DJERBOUA, gestionnaire administratif- Mme C\u00e9cilia-Christie DOUKOU, gestionnaire administratif- Mme lbtihel DRINE, gestionnaire administratif- Mme Marine GAUCHON, gestionnaire administratif- Mme Audrey GIGORD, gestionnaire administratif- Mme Brigitte GREGOIRE, gestionnaire administratif- Mme Wahiba KSOURI, gestionnaire administratif- Mme Rabaha LAGOUNE, gestionnaire administratif- Mme Hind LEDOUX, gestionnaire administratif- M. Jordyan LESALES, gestionnaire administratif- Mme Charlotte MARTIN, gestionnaire administratif- Mme Djena MECHTA, gestionnaire administratif- Mme Zoulika MECHTA, gestionnaire administratif- Mme F\u00e9licit\u00e9 MOUASSO-LOVET, gestionnaire administratif- Mme Juliette NOLIN, gestionnaire administratif- Mme Kenza ORELLE, gestionnaire administratif- Mme Malika OUZZEDI, gestionnaire administratif- M. Luigi PACE, gestionnaire administratif- Mme Ambrine SAADNA, gestionnaire administratif- Mme Virginie SERRANO, gestionnaire administratif- Mme Monique TAI, gestionnaire administratif- Mme Magalie TRIBUNAL, gestionnaire administratif- Mme Adeline TSCHOPP-MAUS, gestionnaire administratif- Mme Dominique VERNET, gestionnaire administratif- Mme Corinne VINCENT-GENOD, gestionnaire administratif- M. Christophe XIONG, r\u00e9gisseur- Mme Fanny ZAESSINGER, gestionnaire administratifArticle 10 :Sur proposition de Mme Dominique SOUPART, directrice du groupement, d\u00e9l\u00e9gation est donn\u00e9e \u00e0Mme Muriel LAHAYE, en qualit\u00e9 de directrice r\u00e9f\u00e9rente du p\u00f4le m\u00e9dico chirurgical du groupement, \u00e0l'effet de signer les avis et observations sur le compte-rendu d'\u00e9valuation professionnelle du personnelrelevant de la fonction publique hospitali\u00e8re de ce p\u00f4le.Article 11 :Sur proposition de Mme Dominique SOUPART, directrice du groupement, d\u00e9l\u00e9gation est donn\u00e9e \u00e0Mme Aur\u00e9lie INGELAERE, en qualit\u00e9 de directrice r\u00e9f\u00e9rente du p\u00f4le \u00ab Gyn\u00e9cologie - Obst\u00e9trique -N\u00e9onatologie \u00bb du groupement, \u00e0 l'effet de signer les avis et observations sur le compte-rendud'\u00e9valuation professionnelle du personnel relevant de la fonction publique hospitali\u00e8re de ce p\u00f4le.\n69_HCL_Hospices civils de Lyon - 69-2025-12-02-00008 - D\u00e9cision de d\u00e9l\u00e9gation de signature n\u00b025-119 du 2 d\u00e9cembre 2025 pour le\nGroupement Hospitalier Nord, HOSPICES CIVILS DE LYON 9\nHCLHOSPICES CIVILS\nArticle 12 :Sur proposition de Mme Dominique SOUPART, directrice du groupement, d\u00e9l\u00e9gation est donn\u00e9eMme Christine CURIE en sa qualit\u00e9 de directrice r\u00e9f\u00e9rente du PAM de m\u00e9decine et directeur en chargede la s\u00e9curit\u00e9 et des plans de crise du groupement hospitalier Nord, \u00e0 l'effet de signer les avis etobservations sur le compte-rendu d'\u00e9valuation professionnelle du personnel relevant de la fonctionpublique hospitali\u00e8re de ces p\u00f4les.Article 13 :Sur proposition de Mme Dominique SOUPART, directrice du groupement, d\u00e9l\u00e9gation est donn\u00e9e \u00e0Mme Myriam JACQUEMIN en sa qualit\u00e9 de responsable fili\u00e8re g\u00e9riatrique du groupement hospitaliernord \u00e0 l'effet de signer pour l'h\u00f4pital Pierre Garraud et l'h\u00f4pital Fr\u00e9d\u00e9ric Dugoujon tous les courrierset notes relatifs aux affaires courantes du site.En cas d'absence ou d'emp\u00e9chement de Mme Myriam JACQUEMIN, la m\u00eame d\u00e9l\u00e9gation est donn\u00e9e \u00e0M. Micka\u00ebl SIBEUD, en sa qualit\u00e9 de responsable adjoint fili\u00e8re g\u00e9riatrique du groupement hospitalierNord.Article 14 :Sur proposition de Mme Dominique SOUPART, directrice du groupement, d\u00e9l\u00e9gation est donn\u00e9econcomitamment, \u00e0 l'effet de signer les d\u00e9p\u00f4ts de plainte aupr\u00e8s des autorit\u00e9s de police et de justice,a:- M. G\u00e9rald SOARES, technicien sup\u00e9rieur hospitalier charg\u00e9 de la s\u00e9curit\u00e9 du groupement ;- M. Mekertich ALOIAN, technicien sup\u00e9rieur hospitalier charg\u00e9 de la s\u00e9curit\u00e9 du groupement ;- M. Alban RICHARD, faisant fonction de technicien sup\u00e9rieur hospitalier charg\u00e9 de la s\u00e9curit\u00e9du groupement;Article 15 :La pr\u00e9sente d\u00e9cision de d\u00e9l\u00e9gation de signature abroge et remplace la d\u00e9cision de d\u00e9l\u00e9gation designature n\u00b025-77 du 21 juillet 2025 et la d\u00e9cision modificative n\u00b025-97 du 23 septembre 2025 s'yrapportant.Article 16 :La pr\u00e9sente d\u00e9cision sera publi\u00e9e au recueil des actes administratifs de la Pr\u00e9fecture du Rh\u00f4ne. Outreun recours gracieux, un recours contentieux peut \u00eatre form\u00e9 devant le tribunal administratif de Lyoncontre la pr\u00e9sente d\u00e9cision, dans un d\u00e9lai de deux mois, \u00e0 compter de sa date de publication.\nirectex G\u00e9n\u00e9ral,\nRaymond LE MOIGN\n69_HCL_Hospices civils de Lyon - 69-2025-12-02-00008 - D\u00e9cision de d\u00e9l\u00e9gation de signature n\u00b025-119 du 2 d\u00e9cembre 2025 pour le\nGroupement Hospitalier Nord, HOSPICES CIVILS DE LYON 10\n69_Pr\u00e9f_Pr\u00e9fecture du Rh\u00f4ne\n69-2025-12-04-00004\nagr\u00e9ment pour l'exercice de l'activit\u00e9 de\ndomiciliation d'entreprises : soci\u00e9t\u00e9 GROUPE\nDRODE ET COMPAGNIE 50 rue de la R\u00e9publique\n69002 LYON\n69_Pr\u00e9f_Pr\u00e9fecture du Rh\u00f4ne - 69-2025-12-04-00004 - agr\u00e9ment pour l'exercice de l'activit\u00e9 de domiciliation d'entreprises : soci\u00e9t\u00e9\nGROUPE DRODE ET COMPAGNIE 50 rue de la R\u00e9publique 69002 LYON 11\nPREFETEDU RHONELibert\u00e9Egalit\u00e9Fraternit\u00e9\nDirection des Affaires Juridiques\net de l'Administration Locale\nBureau des r\u00e9glementations,\ndes \u00e9lections et des associations\nAffaire suivie par : DLP\nT\u00e9l. : 04 72 61 61 29\nCourriel : pref-reglementation-generale@rhone.gouv.fr\nArr\u00eat\u00e9 pr\u00e9fectoral n\u00b0 69-2025                                                     du                   Xx\nportant agr\u00e9ment pour l'exercice de l'activit\u00e9 de domiciliation d'entreprises      \nLa Pr\u00e9f\u00e8te de la R\u00e9gion Auvergne-Rh\u00f4ne-Alpes,\nPr\u00e9f\u00e8te de la Zone de d\u00e9fense et de s\u00e9curit\u00e9 sud-est,\nPr\u00e9f\u00e8te du Rh\u00f4ne,\nCommandeur de la L\u00e9gion d'honneur,\nCommandeur de l'ordre national du M\u00e9rite,\nVU la directive 2005/60  /CE du Parlement et du Conseil du 26 octobre 2005 relative \u00e0 la pr\u00e9vention de\nl'utilisation du syst\u00e8me financier aux fins de blanchiment de capitaux et de financement de terrorisme ;\nVU le code de commerce, notamment ses articles L 123-10 \u00e0 L123-11-8 et R123-166 \u00e0 R123-171 ;\nVU le code mon\u00e9taire et financier, notamment ses articles L.561-2 ;\nVU  l'ordonnance  n\u00b02009-104  du  30  janvier  2009  relative  \u00e0  la  pr\u00e9vention  de  l'utilisation  du  syst\u00e8me\nfinancier aux fins de blanchiment de capitaux et de financement du terrorisme, notamment ses articles 9\net 20 ;\nVU le d\u00e9cret n\u00b02009-1535 du 10 d\u00e9cembre 2009 d\u00e9finissant les modalit\u00e9s de contr\u00f4le du respect des\nobligations relatives \u00e0 la lutte contre le blanchiment de capitaux et le financement du terrorisme par les\npersonnes mentionn\u00e9es aux 8\u00b0, 9\u00b0 et 15\u00b0 de l'article L561-2 du code mon\u00e9taire et financier et relatif \u00e0 la\nCommission nationale des sanctions (articles R. 561-43 \u00e0 R.561-50 du code mon\u00e9taire et financier) ;\nVU le d\u00e9cret n\u00b02009-1695 du 30 d\u00e9cembre 2009 relatif \u00e0 l'agr\u00e9ment des domiciliataires d'entreprises\nsoumises \u00e0 l'immatriculation au registre du commerce et des soci\u00e9t\u00e9s ou au r\u00e9pertoire des m\u00e9tiers\n(articles R123-166-1 \u00e0 R.123-166-5 du code de commerce) ;\nVU le dossier de demande d'agr\u00e9ment re\u00e7u le 28 avril 2025 et compl\u00e9t\u00e9 en dernier lieu le 25 novembre\n2025, pour la soci\u00e9t\u00e9 GROUPE DRODE ET COMPAGNIE,  repr\u00e9sent\u00e9e par  Fran\u00e7oise BERODIER , en sa\nqualit\u00e9 d'administrateur, en vue d'\u00eatre autoris\u00e9e \u00e0 fournir une domiciliation juridique \u00e0 des personnes\nphysiques ou morales immatricul\u00e9es au registre du commerce et des soci\u00e9t\u00e9s ;\nCONSID\u00c9RANT que la soci\u00e9t\u00e9 GROUPE DRODE ET COMPAGNIE remplit les conditions requises pour \u00eatre\nagr\u00e9\u00e9e en qualit\u00e9 de domiciliataire d'entreprises ;\nSur proposition de la Directrice des Affaires Juridiques et de l'Administration Locale ;\nPr\u00e9fecture du Rh\u00f4ne\n18 Rue de Bonnel\n69 419 LYON CEDEX 03\nT\u00e9l : 04 72 61 61 61\nwww.rhone.gouv.fr\n1/2\n69_Pr\u00e9f_Pr\u00e9fecture du Rh\u00f4ne - 69-2025-12-04-00004 - agr\u00e9ment pour l'exercice de l'activit\u00e9 de domiciliation d'entreprises : soci\u00e9t\u00e9\nGROUPE DRODE ET COMPAGNIE 50 rue de la R\u00e9publique 69002 LYON 12\nARR\u00caTE\nArticle     1     :   L a  soci\u00e9t\u00e9  GROUPE  DRODE  ET  COMPAGNIE  est  agr\u00e9\u00e9e  pour  exercer  au  sein  de  son\n\u00e9tablissement  principal  situ\u00e9  50  rue  de  la  R\u00e9publique  69002  LYON,  l'activit\u00e9  de  domiciliation\nd'entreprises.\nArticle     2     :   L'agr\u00e9ment portant le num\u00e9ro 2025-09 est accord\u00e9 pour une dur\u00e9e de six ans \u00e0 compter de la\ndate du pr\u00e9sent arr\u00eat\u00e9.\nArticle     3     :   Conform\u00e9ment \u00e0 l'article R. 123-166-4 du code de commerce, toute modification substantielle\nportant sur le titulaire de l'agr\u00e9ment, les locaux et les moyens selon lesquels le titulaire dispose des\nlocaux (bail, titre de propri\u00e9t\u00e9...), doit \u00eatre d\u00e9clar\u00e9e dans un d\u00e9lai de deux mois et les pi\u00e8ces justificatives\nfournies \u00e0 la Pr\u00e9fecture du Rh\u00f4ne.\nArticle     4     :   Les personnes exer\u00e7ant l'activit\u00e9 de domiciliation doivent mettre en \u0153uvre les obligations\nrelatives \u00e0 la lutte contre le blanchiment des capitaux et le financement du terrorisme d\u00e9finis au chapitre\n1er du titre VI du livre V du code mon\u00e9taire et financier.\nArticle     5     :   La demande de renouvellement du pr\u00e9sent agr\u00e9ment doit \u00eatre effectu\u00e9e au plus tard  deux\nmois avant expiration de la pr\u00e9sente autorisation.\nArticle     6     :   Le pr\u00e9sent arr\u00eat\u00e9 peut faire l'objet, dans un d\u00e9lai de 2 mois \u00e0 compter de sa publication, d'un\nrecours contentieux aupr\u00e8s du Tribunal Administratif de Lyon, 184 rue Duguesclin 69433 Lyon Cedex 03\nou sur le site www.telerecours.fr.\nArticle     7     :   Le  Pr\u00e9fet,  Secr\u00e9taire  g\u00e9n\u00e9ral,  Pr\u00e9fet  d\u00e9l\u00e9gu\u00e9  pour  l'\u00e9galit\u00e9  des  chances  est  charg\u00e9  de\nl'ex\u00e9cution du pr\u00e9sent arr\u00eat\u00e9 qui sera notifi\u00e9 \u00e0 l'int\u00e9ress\u00e9 et publi\u00e9 au recueil des actes administratifs de\nla  pr\u00e9fecture  du  Rh\u00f4ne.  Une  copie  de  l'arr\u00eat\u00e9  sera  transmise  au  greffe  du  Tribunal  de  activit\u00e9s\n\u00e9conomiques de Lyon.\nFait \u00e0 Lyon, le 4 d\u00e9cembre 2025\n                           x\nPour La Pr\u00e9f\u00e8te,\nla directrice des affaires juridiques\net de l'administration locale\nLucie RIGAUX\n2/2\n69_Pr\u00e9f_Pr\u00e9fecture du Rh\u00f4ne - 69-2025-12-04-00004 - agr\u00e9ment pour l'exercice de l'activit\u00e9 de domiciliation d'entreprises : soci\u00e9t\u00e9\nGROUPE DRODE ET COMPAGNIE 50 rue de la R\u00e9publique 69002 LYON 13\n69_Pr\u00e9f_Pr\u00e9fecture du Rh\u00f4ne\n69-2025-12-02-00011\nArr\u00eat\u00e9 pr\u00e9fectoral relatif \u00e0 la part communale de\nl'accise sur l'\u00e9lectricit\u00e9 Ann\u00e9e 2025\n69_Pr\u00e9f_Pr\u00e9fecture du Rh\u00f4ne - 69-2025-12-02-00011 - Arr\u00eat\u00e9 pr\u00e9fectoral relatif \u00e0 la part communale de l'accise sur l'\u00e9lectricit\u00e9 Ann\u00e9e\n2025 14\nesPREFETEDU RHONELibert\u00e9Egalit\u00e9Fraternit\u00e9\nDirection des affaires juridiques\net de l'administration locale\nBureau du contr\u00f4le budg\u00e9taire \net des dotations de l'\u00c9tat\nArr\u00eat\u00e9 pr\u00e9fectoral n\u00b0                        \nrelatif \u00e0 la part communale de l'accise sur l'\u00e9lectricit\u00e9\n-\nAnn\u00e9e 2025\nLa Pr\u00e9f\u00e8te de la R\u00e9gion Auvergne-Rh\u00f4ne-Alpes,\nPr\u00e9f\u00e8te de la Zone de d\u00e9fense et de s\u00e9curit\u00e9 sud-est,\nPr\u00e9f\u00e8te du Rh\u00f4ne,\nCommandeur de la L\u00e9gion d'honneur,\nCommandeur de l'ordre national du M\u00e9rite,\nVU l'article 54 de la loi n\u00b0\u00a02020-1721 du 29 d\u00e9cembre 2020 de finances pour 2021\u00a0;\nVU l'article L. 2333-2 du code g\u00e9n\u00e9ral des collectivit\u00e9s territoriales\u00a0;\nVU le d\u00e9cret n\u00b0\u00a02022-129 du 4 f\u00e9vrier 2022 relatif \u00e0 la part communale et \u00e0 la part d \u00e9partementale \nde l'accise sur l'\u00e9lectricit\u00e9\u00a0;\nCONSID\u00c9RANT l'article D. 2333-7 du code g\u00e9n\u00e9ral des collectivit\u00e9s territoriales qui pr\u00e9voit que le  \nmontant de la part communale de l'accise sur l'\u00e9lectricit\u00e9 est notifi\u00e9 aux collectivit\u00e9s concern\u00e9es  \npar arr\u00eat\u00e9 du pr\u00e9fet, \u00e0 partir des \u00e9l\u00e9ments de calcul \u00e9tablis par la direction g\u00e9n\u00e9rale des finances  \npubliques\u00a0;\nSUR proposition  du  pr\u00e9fet,  secr\u00e9taire  g\u00e9n\u00e9ral  de  la  pr\u00e9fecture  du  Rh\u00f4ne,  pr\u00e9fet  d\u00e9l\u00e9gu\u00e9  pour \nl'\u00e9galit\u00e9 des chances\u00a0;\nPr\u00e9fecture du Rh\u00f4ne\n18 Rue de Bonnel\n69419 LYON CEDEX 03\nT\u00e9l\u00a0: 04 72 61 61 61\nwww.rhone.gouv.fr     \n               1/2\n69_Pr\u00e9f_Pr\u00e9fecture du Rh\u00f4ne - 69-2025-12-02-00011 - Arr\u00eat\u00e9 pr\u00e9fectoral relatif \u00e0 la part communale de l'accise sur l'\u00e9lectricit\u00e9 Ann\u00e9e\n2025 15\nQuantit\u00e9 d'\u00e9lectricit\u00e9 fournie,,,Quantit\u00e9 d \u00e9lectricit\u00e9 fournie,,\nARR\u00caTE\nArticle  \u00a0  1  \u00a0  :   Au titre de l'ann\u00e9e 2025, le montant de la part communale de l'accise sur l'\u00e9lectricit\u00e9  \nallou\u00e9e\u00a0aux communes et aux EPCI du Rh\u00f4ne figurant dans l'\u00e9tat ci-annex\u00e9 est de 38\u00a0405\u00a0240 \u20ac.\nArticle  \u00a0  2  \u00a0  :   L'\u00e9tat ci-annex\u00e9 pr\u00e9cise la formule de calcul de la part communale allou\u00e9e au titre de  \nl'ann\u00e9e 2025\u00a0: \nMontant de \nl'accise N\n= Montant de \nl'accise N-1\nx\n x Variation de \nl'IPC\nLa variation de l'IPC, hors tabac, s'est \u00e9lev\u00e9e \u00e0 1.018 entre 2023 et 2024.\nArticle  \u00a0  3  \u00a0  :   L'\u00e9tat ci-annex\u00e9 pr\u00e9cise, en cas de changement de p\u00e9rim\u00e8tre, la fraction du montant de la \npart communale pour les communes nouvellement rattach\u00e9es ou sortantes d'un EPCI ou d'un  \nd\u00e9partement. \nArticle  \u00a0  4  \u00a0  :   Monsieur le pr\u00e9fet, secr\u00e9taire g\u00e9n\u00e9ral de la pr\u00e9fecture du Rh\u00f4ne, pr\u00e9fet d\u00e9l\u00e9gu\u00e9 pour  \nl'\u00e9galit\u00e9 des chances \u00a0et le directeur r\u00e9gional des finances publiques de la r\u00e9gion Auvergne-Rh\u00f4ne-\nAlpes et du d\u00e9partement du Rh\u00f4ne sont charg\u00e9s, chacun en ce qui le concerne, de l'ex\u00e9cution du  \npr\u00e9sent arr\u00eat\u00e9 qui sera publi\u00e9 au recueil des actes administratifs de la pr\u00e9fecture du Rh\u00f4ne et dont  \ncopie sera adress\u00e9e aux collectivit\u00e9s b\u00e9n\u00e9ficiaires.\nFait \u00e0 Lyon, le 2 d\u00e9cembre 2025\n  Pour la Pr\u00e9f\u00e8te,\n  Le Pr\u00e9fet Secr\u00e9taire g\u00e9n\u00e9ral,\n  Pr\u00e9fet d\u00e9l\u00e9gu\u00e9 pour l'\u00e9galit\u00e9 des chances,\n  Fabrice ROSAY\nD\u00e9lais et voies de recours  \u00a0  :  \nConform\u00e9ment \u00e0 l'article R.421-1 du code de justice administrative, la pr\u00e9sente d\u00e9cision peut faire  \nl'objet d'un recours contentieux, dans le d\u00e9lai de deux mois \u00e0 compter de sa notification, devant le  \ntribunal administratif de Lyon (184, rue Duguesclin \u2013 69 \u00a0433 Lyon Cedex 03, ou sur l'application  \nwww.telerecours.fr).  Elle  peut  \u00e9galement  faire  l'objet  d'un  recours  gracieux  aupr\u00e8s  de  Madame  la \nPr\u00e9f\u00e8te du Rh\u00f4ne. Cette d\u00e9marche interrompt le d\u00e9lai de recours contentieux, ce dernier devant \u00eatre  \nintroduit  dans  le  d\u00e9lai  de  deux  mois  suivant  une  d\u00e9cision  implicite  ou  explicite  de  l'autorit\u00e9 \ncomp\u00e9tente (le silence de l'administration pendant un d\u00e9lai de deux mois valant d\u00e9cision implicite de  \nrejet).\n                                                   2/2\n69_Pr\u00e9f_Pr\u00e9fecture du Rh\u00f4ne - 69-2025-12-02-00011 - Arr\u00eat\u00e9 pr\u00e9fectoral relatif \u00e0 la part communale de l'accise sur l'\u00e9lectricit\u00e9 Ann\u00e9e\n2025 16\n69_Pr\u00e9f_Pr\u00e9fecture du Rh\u00f4ne\n69-2025-12-02-00009\nArr\u00eat\u00e9 pr\u00e9fectoral relatif \u00e0 la part\nd\u00e9partementale de l'accise sur l'\u00e9lectricit\u00e9\nD\u00e9partement du Rh\u00f4ne-Ann\u00e9e 2025\n69_Pr\u00e9f_Pr\u00e9fecture du Rh\u00f4ne - 69-2025-12-02-00009 - Arr\u00eat\u00e9 pr\u00e9fectoral relatif \u00e0 la part d\u00e9partementale de l'accise sur l'\u00e9lectricit\u00e9\nD\u00e9partement du Rh\u00f4ne-Ann\u00e9e 2025 17\nesPREFETEDU RHONELibert\u00e9Egalit\u00e9Fraternit\u00e9\nDirection des affaires juridiques\net de l'administration locale\nBureau du contr\u00f4le budg\u00e9taire \net des dotations de l'\u00c9tat\nArr\u00eat\u00e9 pr\u00e9fectoral n\u00b0                      \nrelatif \u00e0 la part d\u00e9partementale de l'accise sur l'\u00e9lectricit\u00e9\n-\nD\u00e9partement du Rh\u00f4ne\n-\nAnn\u00e9e 2025\nLa Pr\u00e9f\u00e8te de la R\u00e9gion Auvergne-Rh\u00f4ne-Alpes,\nPr\u00e9f\u00e8te de la Zone de d\u00e9fense et de s\u00e9curit\u00e9 sud-est,\nPr\u00e9f\u00e8te du Rh\u00f4ne,\nCommandeur de la L\u00e9gion d'honneur,\nCommandeur de l'ordre national du M\u00e9rite,\nVU l'article 54 de la loi n\u00b0\u00a02020-1721 du 29 d\u00e9cembre 2020 de finances pour 2021\u00a0;\nVU l'article L. 2333-2 du code g\u00e9n\u00e9ral des collectivit\u00e9s territoriales\u00a0;\nVU le d\u00e9cret n\u00b0\u00a02022-129 du 4 f\u00e9vrier 2022 relatif \u00e0 la part communale et \u00e0 la part d \u00e9partementale \nde l'accise sur l'\u00e9lectricit\u00e9\u00a0;\nCONSID\u00c9RANT l'article D. 3333-2 du code g\u00e9n\u00e9ral des collectivit\u00e9s territoriales qui pr\u00e9voit que le  \nmontant  de  la  part  d\u00e9partementale  de  l'accise  sur  l'\u00e9lectricit\u00e9  est  notifi\u00e9  aux  collectivit\u00e9s \nconcern\u00e9es par arr\u00eat\u00e9 du pr\u00e9fet, \u00e0 partir des \u00e9l\u00e9ments de calcul \u00e9tablis par la direction g\u00e9n\u00e9rale des \nfinances publiques\u00a0;\nSUR proposition  du  pr\u00e9fet,  secr\u00e9taire  g\u00e9n\u00e9ral  de  la  pr\u00e9fecture  du  Rh\u00f4ne,  pr\u00e9fet  d\u00e9l\u00e9gu\u00e9  pour \nl'\u00e9galit\u00e9 des chances\u00a0;\nPr\u00e9fecture du Rh\u00f4ne\n18 Rue de Bonnel\n69419 LYON CEDEX 03\nT\u00e9l\u00a0: 04 72 61 61 61\nwww.rhone.gouv.fr     \n               1/2\n69_Pr\u00e9f_Pr\u00e9fecture du Rh\u00f4ne - 69-2025-12-02-00009 - Arr\u00eat\u00e9 pr\u00e9fectoral relatif \u00e0 la part d\u00e9partementale de l'accise sur l'\u00e9lectricit\u00e9\nD\u00e9partement du Rh\u00f4ne-Ann\u00e9e 2025 18\nQuantite d'\u00e9lectricit\u00e9 fournie,,.Quantite d \u00e9lectricit\u00e9 fournie,\nARR\u00caTE\nArticle  \u00a0  1  \u00a0  :   Au titre de l'ann\u00e9e 2025, le montant de la part d\u00e9partementale de l'accise sur l'\u00e9lectricit\u00e9 \nallou\u00e9e au D\u00e9partement du Rh\u00f4ne est de 6\u00a0419\u00a0651\u00a0\u20ac\u00a0;\nArticle  \u00a0  2  \u00a0  :   La  formule  de  calcul  de  la  part  d\u00e9partementale  allou\u00e9e  au  titre  de  l'ann\u00e9e  2025 \nconform\u00e9ment  aux  dispositions  de  l'article  54  de  la  loi  n\u00b02020-1721  du  29  d\u00e9cembre  2020  de \nfinances pour 2021 est la suivante\u00a0: \nMontant de \nl'accise N\n= Montant de \nl'accise N-1\nx\n x Variation de \nl'IPC\nLe montant de l'accise N-1 est de 6\u00a0649\u00a0860\u00a0\u20ac. \nLes  quantit\u00e9s  d'\u00e9lectricit\u00e9  fournie  se  sont  \u00e9lev\u00e9es  \u00e0  2\u00a0737\u00a0560\u00a0680\u00a0kWh  en  N-2  et  \u00e0 \n2\u00a0886\u00a0772\u00a0749\u00a0kWh en N-3.\nLa variation de l'IPC, hors tabac, s'est \u00e9lev\u00e9e \u00e0 1.018 entre 2023 et 2024.\nArticle  \u00a0  3  \u00a0  :   Monsieur le pr\u00e9fet, secr\u00e9taire g\u00e9n\u00e9ral de la pr\u00e9fecture du Rh\u00f4ne, pr\u00e9fet d\u00e9l\u00e9gu\u00e9 pour  \nl'\u00e9galit\u00e9 des chances \u00a0et le directeur r\u00e9gional des finances publiques de la r\u00e9gion Auvergne-Rh\u00f4ne-\nAlpes et du d\u00e9partement du Rh\u00f4ne sont charg\u00e9s, chacun en ce qui le concerne, de l'ex\u00e9cution du  \npr\u00e9sent arr\u00eat\u00e9 qui sera publi\u00e9 au recueil des actes administratifs de la pr\u00e9fecture du Rh\u00f4ne et dont  \ncopie sera adress\u00e9e aux collectivit\u00e9s b\u00e9n\u00e9ficiaires.\nFait \u00e0 Lyon, le 2 d\u00e9cembre 2025\n  Pour la Pr\u00e9f\u00e8te,\n  Le Pr\u00e9fet Secr\u00e9taire g\u00e9n\u00e9ral,\n  Pr\u00e9fet d\u00e9l\u00e9gu\u00e9 pour l'\u00e9galit\u00e9 des chances,\n          Fabrice ROSAY\nD\u00e9lais et voies de recours  \u00a0  :  \nConform\u00e9ment \u00e0 l'article R.421-1 du code de justice administrative, la pr\u00e9sente d\u00e9cision peut faire  \nl'objet d'un recours contentieux, dans le d\u00e9lai de deux mois \u00e0 compter de sa notification, devant le  \ntribunal administratif de Lyon (184, rue Duguesclin \u2013 69 \u00a0433 Lyon Cedex 03, ou sur l'application  \nwww.telerecours.fr).  Elle  peut  \u00e9galement  faire  l'objet  d'un  recours  gracieux  aupr\u00e8s  de  Madame  la \nPr\u00e9f\u00e8te du Rh\u00f4ne. Cette d\u00e9marche interrompt le d\u00e9lai de recours contentieux, ce dernier devant \u00eatre  \nintroduit  dans  le  d\u00e9lai  de  deux  mois  suivant  une  d\u00e9cision  implicite  ou  explicite  de  l'autorit\u00e9 \ncomp\u00e9tente (le silence de l'administration pendant un d\u00e9lai de deux mois valant d\u00e9cision implicite de  \nrejet).\n                                                   2/2\n69_Pr\u00e9f_Pr\u00e9fecture du Rh\u00f4ne - 69-2025-12-02-00009 - Arr\u00eat\u00e9 pr\u00e9fectoral relatif \u00e0 la part d\u00e9partementale de l'accise sur l'\u00e9lectricit\u00e9\nD\u00e9partement du Rh\u00f4ne-Ann\u00e9e 2025 19\n69_Pr\u00e9f_Pr\u00e9fecture du Rh\u00f4ne\n69-2025-12-02-00010\nArr\u00eat\u00e9 pr\u00e9fectoral relatif \u00e0 la part\nd\u00e9partementale de l'accise sur\nl'\u00e9lectricit\u00e9-M\u00e9tropole de Lyon\n-Ann\u00e9e 2025\n69_Pr\u00e9f_Pr\u00e9fecture du Rh\u00f4ne - 69-2025-12-02-00010 - Arr\u00eat\u00e9 pr\u00e9fectoral relatif \u00e0 la part d\u00e9partementale de l'accise sur\nl'\u00e9lectricit\u00e9-M\u00e9tropole de Lyon\n-Ann\u00e9e 2025\n20\nesPREFETEDU RHONELibert\u00e9Egalit\u00e9Fraternit\u00e9\nDirection des affaires juridiques\net de l'administration locale\nBureau du contr\u00f4le budg\u00e9taire \net des dotations de l'\u00c9tat\nArr\u00eat\u00e9 pr\u00e9fectoral n\u00b0                      \nrelatif \u00e0 la part d\u00e9partementale de l'accise sur l'\u00e9lectricit\u00e9\n-\nM\u00e9tropole de Lyon\n-\nAnn\u00e9e 2025\nLa Pr\u00e9f\u00e8te de la R\u00e9gion Auvergne-Rh\u00f4ne-Alpes,\nPr\u00e9f\u00e8te de la Zone de d\u00e9fense et de s\u00e9curit\u00e9 sud-est,\nPr\u00e9f\u00e8te du Rh\u00f4ne,\nCommandeur de la L\u00e9gion d'honneur,\nCommandeur de l'ordre national du M\u00e9rite,\nVU l'article 54 de la loi n\u00b0\u00a02020-1721 du 29 d\u00e9cembre 2020 de finances pour 2021\u00a0;\nVU l'article L. 2333-2 du code g\u00e9n\u00e9ral des collectivit\u00e9s territoriales\u00a0;\nVU le d\u00e9cret n\u00b0\u00a02022-129 du 4 f\u00e9vrier 2022 relatif \u00e0 la part communale et \u00e0 la part d \u00e9partementale \nde l'accise sur l'\u00e9lectricit\u00e9\u00a0;\nCONSID\u00c9RANT l'article D. 3333-2 du code g\u00e9n\u00e9ral des collectivit\u00e9s territoriales qui pr\u00e9voit que le  \nmontant  de  la  part  d\u00e9partementale  de  l'accise  sur  l'\u00e9lectricit\u00e9  est  notifi\u00e9  aux  collectivit\u00e9s \nconcern\u00e9es par arr\u00eat\u00e9 du pr\u00e9fet, \u00e0 partir des \u00e9l\u00e9ments de calcul \u00e9tablis par la direction g\u00e9n\u00e9rale des \nfinances publiques\u00a0;\nSUR proposition  du  pr\u00e9fet,  secr\u00e9taire  g\u00e9n\u00e9ral  de  la  pr\u00e9fecture  du  Rh\u00f4ne,  pr\u00e9fet  d\u00e9l\u00e9gu\u00e9  pour \nl'\u00e9galit\u00e9 des chances\u00a0;\nPr\u00e9fecture du Rh\u00f4ne\n18 Rue de Bonnel\n69419 LYON CEDEX 03\nT\u00e9l\u00a0: 04 72 61 61 61\nwww.rhone.gouv.fr     \n               1/2\n69_Pr\u00e9f_Pr\u00e9fecture du Rh\u00f4ne - 69-2025-12-02-00010 - Arr\u00eat\u00e9 pr\u00e9fectoral relatif \u00e0 la part d\u00e9partementale de l'accise sur\nl'\u00e9lectricit\u00e9-M\u00e9tropole de Lyon\n-Ann\u00e9e 2025\n21\nQuantite d'\u00e9lectricit\u00e9 fournie,,.Quantite d \u00e9lectricit\u00e9 fournie,\nARR\u00caTE\nArticle  \u00a0  1  \u00a0  :   Au titre de l'ann\u00e9e 2025, le montant de la part d\u00e9partementale de l'accise sur l'\u00e9lectricit\u00e9 \nallou\u00e9e \u00e0 la M\u00e9tropole de Lyon est de 11\u00a0379\u00a0892\u00a0\u20ac\u00a0;\nArticle  \u00a0  2  \u00a0  :   La  formule  de  calcul  de  la  part  d\u00e9partementale  allou\u00e9e  au  titre  de  l'ann\u00e9e  2025 \nconform\u00e9ment  aux  dispositions  de  l'article  54  de  la  loi  n\u00b02020-1721  du  29  d\u00e9cembre  2020  de \nfinances pour 2021 est la suivante\u00a0: \nMontant de \nl'accise N\n= Montant de \nl'accise N-1\nx\n x Variation de \nl'IPC\nLe montant de l'accise N-1 est de 11\u00a0469\u00a0296\u00a0\u20ac. \nLes  quantit\u00e9s  d'\u00e9lectricit\u00e9  fournie  se  sont  \u00e9lev\u00e9es  \u00e0  7\u00a0617\u00a0417\u00a0407\u00a0kWh  en  N-2  et  \u00e0 \n7\u00a0815\u00a0452\u00a0831\u00a0kWh en N-3.\nLa variation de l'IPC, hors tabac, s'est \u00e9lev\u00e9e \u00e0 1.018 entre 2023 et 2024.\nArticle  \u00a0  3  \u00a0  :   Monsieur le pr\u00e9fet, secr\u00e9taire g\u00e9n\u00e9ral de la pr\u00e9fecture du Rh\u00f4ne, pr\u00e9fet d\u00e9l\u00e9gu\u00e9 pour  \nl'\u00e9galit\u00e9 des chances \u00a0et le directeur r\u00e9gional des finances publiques de la r\u00e9gion Auvergne-Rh\u00f4ne-\nAlpes et du d\u00e9partement du Rh\u00f4ne sont charg\u00e9s, chacun en ce qui le concerne, de l'ex\u00e9cution du  \npr\u00e9sent arr\u00eat\u00e9 qui sera publi\u00e9 au recueil des actes administratifs de la pr\u00e9fecture du Rh\u00f4ne et dont  \ncopie sera adress\u00e9e aux collectivit\u00e9s b\u00e9n\u00e9ficiaires.\nFait \u00e0 Lyon, le 2 d\u00e9cembre 2025\n         Pour la Pr\u00e9f\u00e8te,\n         Le Pr\u00e9fet Secr\u00e9taire g\u00e9n\u00e9ral,\n         Pr\u00e9fet d\u00e9l\u00e9gu\u00e9 pour l'\u00e9galit\u00e9 des chances,\n           Fabrice ROSAY\nD\u00e9lais et voies de recours  \u00a0  :  \nConform\u00e9ment \u00e0 l'article R.421-1 du code de justice administrative, la pr\u00e9sente d\u00e9cision peut faire  \nl'objet d'un recours contentieux, dans le d\u00e9lai de deux mois \u00e0 compter de sa notification, devant le  \ntribunal administratif de Lyon (184, rue Duguesclin \u2013 69 \u00a0433 Lyon Cedex 03, ou sur l'application  \nwww.telerecours.fr).  Elle  peut  \u00e9galement  faire  l'objet  d'un  recours  gracieux  aupr\u00e8s  de  Madame  la \nPr\u00e9f\u00e8te du Rh\u00f4ne. Cette d\u00e9marche interrompt le d\u00e9lai de recours contentieux, ce dernier devant \u00eatre  \nintroduit  dans  le  d\u00e9lai  de  deux  mois  suivant  une  d\u00e9cision  implicite  ou  explicite  de  l'autorit\u00e9 \ncomp\u00e9tente (le silence de l'administration pendant un d\u00e9lai de deux mois valant d\u00e9cision implicite de  \nrejet).\n                                                   2/2\n69_Pr\u00e9f_Pr\u00e9fecture du Rh\u00f4ne - 69-2025-12-02-00010 - Arr\u00eat\u00e9 pr\u00e9fectoral relatif \u00e0 la part d\u00e9partementale de l'accise sur\nl'\u00e9lectricit\u00e9-M\u00e9tropole de Lyon\n-Ann\u00e9e 2025\n22\n69_Pr\u00e9f_Pr\u00e9fecture du Rh\u00f4ne\n69-2025-12-05-00002\nhabilitation dans le domaine fun\u00e9raire : SAS\nPompes Fun\u00e8bres PINAULT, nom commercial\n\u00ab\u00a0Pompes fun\u00e8bres PINAULT\u00bb, situ\u00e9 2 rue\nG\u00e9n\u00e9ral Brosset 69140 Rillieux-la-Pape\n69_Pr\u00e9f_Pr\u00e9fecture du Rh\u00f4ne - 69-2025-12-05-00002 - habilitation dans le domaine fun\u00e9raire : SAS Pompes Fun\u00e8bres PINAULT, nom\ncommercial \u00ab\u00a0Pompes fun\u00e8bres PINAULT\u00bb, situ\u00e9 2 rue G\u00e9n\u00e9ral Brosset 69140 Rillieux-la-Pape 23\nPREFETEDU RHONELibert\u00e9Egalit\u00e9Fraternit\u00e9\nDirection des Affaires Juridiques\net de l'Administration Locale\nBureau des r\u00e9glementations,\ndes \u00e9lections et des associations\nAffaire suivie par : Mme Delphine LOPEZ-PERSAT\nT\u00e9l. : 04 72 61 61 29\nCourriel : pref-funeraire@rhone.gouv.fr\nArr\u00eat\u00e9 pr\u00e9fectoral n\u00b0 69-2025-                                          x\nportant habilitation dans le domaine fun\u00e9raire\nLa Pr\u00e9f\u00e8te de la R\u00e9gion Auvergne-Rh\u00f4ne-Alpes,\nPr\u00e9f\u00e8te de la Zone de d\u00e9fense et de s\u00e9curit\u00e9 sud-est,\nPr\u00e9f\u00e8te du Rh\u00f4ne,\nCommandeur de la L\u00e9gion d'honneur,\nCommandeur de l'ordre national du M\u00e9rite,\nVU  le Code g\u00e9n\u00e9ral des collectivit\u00e9s territoriales, notamment ses articles L.2223-23 et R.2223-23-5 et\nsuivants ;\nVU la loi n\u00b0 93-23 du 8 janvier 1993 modifiant le titre VI du livre III du code des communes et relative \u00e0 la\nl\u00e9gislation dans le domaine fun\u00e9raire ;\nVU le dossier de demande de renouvellement d'habilitation r\u00e9ceptionn\u00e9 en pr\u00e9fecture 02 octobre 2025\net compl\u00e9t\u00e9 le 24 octobre 2025, pr\u00e9sent\u00e9 par Madame Adeline LODWITZ, pr\u00e9sidente de la SAS Pompes\nFun\u00e8bres PINAULT, pour l'\u00e9tablissement secondaire situ\u00e9 2 rue G\u00e9n\u00e9ral Brosset 69140 Rillieux-la-Pape;\nSur proposition de Madame la Directrice des Affaires Juridiques et de l'Administration Locale ;\nARR\u00caTE\nArticle     1     :   L'\u00e9tablissement secondaire de l a SAS Pompes Fun\u00e8bres PINAULT, nom commercial \u00ab  Pompes\nfun\u00e8bres PINAULT\u00bb,  situ\u00e9  2 rue G\u00e9n\u00e9ral Brosset 69140 Rillieux-la-Pape , dont la pr\u00e9sidente  est  Madame\nAdeline LODWITZ ,  est habilit\u00e9 pour exercer sur l'ensemble du territoire national l'activit\u00e9 fun\u00e9raire ci-\napr\u00e8s :\n\u2022 Transport des corps avant et apr\u00e8s mise en bi\u00e8re en sous traitance\n\u2022 Organisation des obs\u00e8ques\n\u2022 Soins de conservation en sous traitance\n\u2022 Fourniture des housses, des cercueils et de leurs accessoires int\u00e9rieurs et ext\u00e9rieurs ainsi que des urnes\ncin\u00e9raires\n\u2022 Fourniture des corbillards et des voitures de deuil\n\u2022 Fourniture  de  personnel  et  des  objets,  et  prestations  n\u00e9cessaires  aux  obs\u00e8ques  pour  inhumations,\nexhumations et \u00e0 la cr\u00e9mation.\nPr\u00e9fecture du Rh\u00f4ne\n18 Rue de Bonnel\n69 419 LYON CEDEX 03\nT\u00e9l : 04 72 61 61 61\nwww.rhone.gouv.fr\n1/2\n69_Pr\u00e9f_Pr\u00e9fecture du Rh\u00f4ne - 69-2025-12-05-00002 - habilitation dans le domaine fun\u00e9raire : SAS Pompes Fun\u00e8bres PINAULT, nom\ncommercial \u00ab\u00a0Pompes fun\u00e8bres PINAULT\u00bb, situ\u00e9 2 rue G\u00e9n\u00e9ral Brosset 69140 Rillieux-la-Pape 24\nArticle     2     :   La dur\u00e9e de la pr\u00e9sente habilitation d\u00e9livr\u00e9e sous le n\u00b025-69-0354 est fix\u00e9e \u00e0 cinq ans.\nArticle     3     :   Le pr\u00e9sent arr\u00eat\u00e9 peut faire l'objet, dans un d\u00e9lai de 2 mois \u00e0 compter de sa publication, d'un\nrecours contentieux aupr\u00e8s du Tribunal Administratif de Lyon, 184 rue Duguesclin 69433 Lyon Cedex 03\nou sur le site www.telerecours.fr.\nArticle     4     :   Le pr\u00e9sent arr\u00eat\u00e9 sera publi\u00e9 au recueil des actes administratifs de la pr\u00e9fecture du Rh\u00f4ne. \nFait \u00e0 Lyon, le 5 d\u00e9cembre 2025\nPour La Pr\u00e9f\u00e8te,\nla directrice des affaires juridiques\net de l'administration locale\nLucie RIGAUX\n2/2\n69_Pr\u00e9f_Pr\u00e9fecture du Rh\u00f4ne - 69-2025-12-05-00002 - habilitation dans le domaine fun\u00e9raire : SAS Pompes Fun\u00e8bres PINAULT, nom\ncommercial \u00ab\u00a0Pompes fun\u00e8bres PINAULT\u00bb, situ\u00e9 2 rue G\u00e9n\u00e9ral Brosset 69140 Rillieux-la-Pape 25\n69_Pr\u00e9f_Pr\u00e9fecture du Rh\u00f4ne\n69-2025-12-05-00003\nARR\u00caT\u00c9 n\u00b02025 - 12 - 05 - 0001\nautorisant la captation, l'enregistrement et la\ntransmission\nd'images au moyen de cam\u00e9ras install\u00e9es sur un\na\u00e9ronef le 07 d\u00e9cembre 2025 \u00e0 Lyon et\nVilleurbanne\n69_Pr\u00e9f_Pr\u00e9fecture du Rh\u00f4ne - 69-2025-12-05-00003 - ARR\u00caT\u00c9 n\u00b02025 - 12 - 05 - 0001\nautorisant la captation, l'enregistrement et la transmission\nd'images au moyen de cam\u00e9ras install\u00e9es sur un a\u00e9ronef le 07 d\u00e9cembre 2025 \u00e0 Lyon et Villeurbanne\n26\nPREFETEDU RHONELibert\u00e9Egalit\u00e9Fraternit\u00e9\nPr\u00e9fecture\nCabinet du Pr\u00e9fet d\u00e9l\u00e9gu\u00e9 pour \nla d\u00e9fense et la s\u00e9curit\u00e9\nBureau de l'ordre public\nARR\u00caT\u00c9 n\u00b02025 \u2013 12 \u2013 05 \u2013 0001\nautorisant la captation, l'enregistrement et la transmission\nd'images au moyen de cam\u00e9ras install\u00e9es sur un a\u00e9ronef le 07 d\u00e9cembre 2025 \u00e0 Lyon et Villeurbanne\nLa Pr\u00e9f\u00e8te du Rh\u00f4ne,\nCommandeur de la L\u00e9gion d'honneur\nCommandeur de l'ordre national du M\u00e9rite\nVU le Code de la s\u00e9curit\u00e9 int\u00e9rieure et notamment ses articles L. 242-1 \u00e0 L. 242-8 et R. 242-8 \u00e0 R. 242-\n14\u00a0;\nVU la loi n\u00b078-17 du 6 janvier 1978 relative \u00e0 l'informatique, aux fichiers et aux libert\u00e9s \nVU le d\u00e9cret n\u00b0 2004-374 du 29 avril 2004 relatif aux pouvoirs des pr\u00e9fets, \u00e0 l'organisation et \u00e0  \nl'action des services de l'\u00c9tat dans les r\u00e9gions et d\u00e9partements\u00a0;\nVU le d\u00e9cret en Conseil des Ministres du 11 janvier 2023 portant nomination de Madame Fabienne  \nBUCCIO, pr\u00e9f\u00e8te de la r\u00e9gion Auvergne-Rh\u00f4ne-Alpes, pr\u00e9f\u00e8te de la zone de d\u00e9fense et de s\u00e9curit\u00e9  \nSud-Est, pr\u00e9f\u00e8te du Rh\u00f4ne (hors classe) ;\nVU  le d\u00e9cret du 6 novembre 2024 portant nomination du pr\u00e9fet d\u00e9l\u00e9gu\u00e9 pour la d\u00e9fense et la  \ns\u00e9curit\u00e9 aupr\u00e8s de la pr\u00e9f\u00e8te de la r\u00e9gion Auvergne-Rh\u00f4ne-Alpes, pr\u00e9f\u00e8te de la zone de d\u00e9fense et  \nde s\u00e9curit\u00e9 Sud-Est, pr\u00e9f\u00e8te du Rh\u00f4ne \u2013 M. Antoine GUERIN\u00a0; \nVU l'arr\u00eat\u00e9 pr\u00e9fectoral n\u00b069-2025-10-13-00011 du 13 octobre 2025 portant d\u00e9l\u00e9gation de signature \u00e0  \nM. Antoine GUERIN en qualit\u00e9 de pr\u00e9fet d\u00e9l\u00e9gu\u00e9 pour la d\u00e9fense et la s\u00e9curit\u00e9 aupr\u00e8s de la pr\u00e9f\u00e8te  \nde la r\u00e9gion Auvergne-Rh\u00f4ne-Alpes, pr\u00e9f\u00e8te de la zone de d\u00e9fense et de s\u00e9curit\u00e9 Sud-Est, pr\u00e9f\u00e8te du \nRh\u00f4ne\u00a0;\nVU l'arr\u00eat\u00e9 du Ministre de l'Int\u00e9rieur et des outre-mer, en date du 19 avril 2023 relatif au nombre  \nmaximal de cam\u00e9ras install\u00e9es sur des a\u00e9ronefs pouvant \u00eatre simultan\u00e9ment utilis\u00e9es dans chaque  \nd\u00e9partement\u00a0et collectivit\u00e9 d'outre-mer ;\nVU l'analyse  d'impact  relative  \u00e0  la  protection  des  donn\u00e9es  (AIPD)  r\u00e9alis\u00e9e  par  le  Minist\u00e8re  de \nl'Int\u00e9rieur en date du 25 janvier 2023\u00a0; \nVU le meeting politique du \u00ab \u00a0Rassemblement national \u00a0\u00bb aux Terrasses du parc, 115 boulevard de  \nStalingrad \u00e0 Villeurbanne \u00e0 compter de 17h00 le dimanche 07 d\u00e9cembre 2025\u00a0;\nPr\u00e9fecture du Rh\u00f4ne  \u2013 69419 Lyon cedex 03 1\nwww.rhone.gouv.fr ou t\u00e9l. : 04 72 61 61 61 (co\u00fbt d'un appel local)\n69_Pr\u00e9f_Pr\u00e9fecture du Rh\u00f4ne - 69-2025-12-05-00003 - ARR\u00caT\u00c9 n\u00b02025 - 12 - 05 - 0001\nautorisant la captation, l'enregistrement et la transmission\nd'images au moyen de cam\u00e9ras install\u00e9es sur un a\u00e9ronef le 07 d\u00e9cembre 2025 \u00e0 Lyon et Villeurbanne\n27\nVU la d\u00e9claration en Pr\u00e9fecture d'un rassemblement ayant pour mot d'ordre de condamner les  \nid\u00e9es du \u00ab \u00a0Rassemblement national\u00a0\u00bb et o\u00f9 seront pr\u00e9sentes les structures CNT solidarit\u00e9 ouvri\u00e8re,  \nSolidarit\u00e9s, FSU, Locataires ensemble, G\u00e9n\u00e9ration EDR, Nous toutes Rh\u00f4ne, F\u00e9d\u00e9ration anarchiste,  \nExtinction r\u00e9bellion, NPA l'anticapitaliste, CGT UD69, CGT Villeurbanne, Indignons-nous bloquons  \ntout et Action justice climat, le dimanche 07 d\u00e9cembre 2025 de 14h30 \u00e0 18h00 place Charles Hernu \n\u00e0 Villeurbanne, \u00e0 proximit\u00e9 du meeting du \u00ab\u00a0Rassemblement national\u00a0\u00bb ;\nVU les  d\u00e9gradations  commises  sur  les  Terrasses  du  Parc  dans  la  nuit  du  30  novembre  au  1er \nd\u00e9cembre 2025, en opposition \u00e0 la tenue de ce meeting\u00a0;\nVU l'arr\u00eat\u00e9 pr\u00e9fectoral n\u00b02025-12-04-0002 portant interdiction de rassemblement dans un p\u00e9rim\u00e8tre \nd\u00e9fini  le  dimanche  7  d\u00e9cembre  2025  \u00e0  Villeurbanne  pris  \u00e0  la  suite  de  la  d\u00e9claration  de \nrassemblement  du  25  novembre  2025  contre  le  meeting  du  \"Rassemblement  National\"  \u00e0 \nVilleurbanne le 7 d\u00e9cembre 2025 de 14h30 \u00e0 18h00 sur la Place Charles Hernu \u00e0 Villeurbanne ; \nVU la demande du 03 d\u00e9cembre 2025, form\u00e9e par la Direction Interd\u00e9partementale de la Police Na-\ntionale du Rh\u00f4ne, visant \u00e0 obtenir l'autorisation de capter, d'enregistrer et de transmettre des  \nimages au moyen d'une cam\u00e9ra install\u00e9e sur un a\u00e9ronef t\u00e9l\u00e9-pilot\u00e9 aux fins de  pr\u00e9vention des at -\nteintes \u00e0 la s\u00e9curit\u00e9 des personnes et des biens, de s\u00e9curisation des rassemblements \u00a0et de pr\u00e9ven-\ntion des actes terroristes ;\nCONSID\u00c9RANT que les dispositions susvis\u00e9es permettent aux forces de s\u00e9curit\u00e9 int\u00e9rieure, dans  \nl'exercice de leurs missions de pr\u00e9vention des atteintes \u00e0 l'ordre public et de protection de la  \ns\u00e9curit\u00e9  des  personnes  et  des  biens,  de  proc\u00e9der  \u00e0  la  captation,  \u00e0  l'enregistrement  et  \u00e0  la \ntransmission d'images au moyen de cam\u00e9ras install\u00e9es sur des a\u00e9ronefs aux fins d'assurer la s\u00e9curit\u00e9 \ndes personnes et des biens, de pr\u00e9venir les troubles \u00e0 l'ordre public dans le cadre des op\u00e9rations de \nr\u00e9tablissement de l'ordre public et de pr\u00e9venir les actes terroristes \u00a0; que notamment, le 1\u00b0, 2\u00b0 et 3\u00b0  \nde l'article L. 242-5 du Code de la s\u00e9curit\u00e9 int\u00e9rieure susvis\u00e9 pr\u00e9voit que ces dispositifs peuvent \u00eatre \nmis en \u0153uvre au titre de la s\u00e9curit\u00e9 des rassemblements de personnes sur la voie publique ou dans  \nles lieux ouverts au public ainsi que de l'appui des personnels au sol, en vue de leur permettre de  \nmaintenir ou de r\u00e9tablir l'ordre public, lorsque ces rassemblements sont susceptibles d'entra\u00eener  \ndes troubles graves \u00e0 l'ordre public, et, dans le cadre de la pr\u00e9vention des actes terroristes, aux  \nseules fins du maintien de l'ordre et de la s\u00e9curit\u00e9 publics\u00a0;\nCONSID\u00c9RANT que  les  dispositifs  de  vid\u00e9oprotection  existants  ne  permettent  pas  de  couvrir \nl'ensemble du secteur concern\u00e9\u00a0; que les cam\u00e9ras a\u00e9roport\u00e9es viennent en compl\u00e9mentarit\u00e9 de ces \nderniers  permettant  une  continuit\u00e9  d'observation  sans  d\u00e9placement  d'effectifs  massif  et  \u00e0 \nl'aveugle; que la mobilit\u00e9 de ces cam\u00e9ras permet de s'affranchir de la topographie urbaine et du  \nparc de la T\u00eate d'or afin d'\u00eatre dans l'anticipation et non dans la r\u00e9action a posteriori\u00a0;\nCONSID\u00c9RANT qu'une surveillance au sol, sans l'appui de cam\u00e9ras a\u00e9roport\u00e9es, des lieux et du  \nmeeting et du rassemblement ne permet pas d'en assurer la s\u00e9curit\u00e9\u00a0et d'anticiper et de suivre tout \nd\u00e9part en cort\u00e8ge sauvage  ;\nCONSID\u00c9RANT que des militants issus des diff\u00e9rentes mouvances contestataires seront assur\u00e9ment \npr\u00e9sents au sein de ce rassemblement avec des vell\u00e9it\u00e9s de cort\u00e8ge sauvage pour rejoindre le lieu  \ndu meeting, voire seront directement sur site pour en d\u00e9coudre avec le service d'ordre du meeting\u00a0;\nCONSID\u00c9RANT que la demande porte sur l'engagement d'une cam\u00e9ra a\u00e9roport\u00e9e \u00a0; que les lieux  \nsurveill\u00e9s  sont  strictement  limit\u00e9s  aux  lieux  o\u00f9  sont  susceptibles  de  survenir  les  atteintes,  que \nl'usage de la cam\u00e9ra a\u00e9roport\u00e9e vise \u00e0 pr\u00e9venir \u00a0; que la dur\u00e9e de l'autorisation est \u00e9galement  \nstrictement limit\u00e9e \u00e0 la dur\u00e9e des risques de troubles \u00e0 l'ordre public \u00a0et de s\u00e9curit\u00e9 aussi bien du  \nrassemblement  que  du  meeting  ;  qu'au  regard  des  circonstances  susmentionn\u00e9es,  la  demande \nn'appara\u00eet pas disproportionn\u00e9e\u00a0; \n2\n69_Pr\u00e9f_Pr\u00e9fecture du Rh\u00f4ne - 69-2025-12-05-00003 - ARR\u00caT\u00c9 n\u00b02025 - 12 - 05 - 0001\nautorisant la captation, l'enregistrement et la transmission\nd'images au moyen de cam\u00e9ras install\u00e9es sur un a\u00e9ronef le 07 d\u00e9cembre 2025 \u00e0 Lyon et Villeurbanne\n28\nARR\u00caTE\nArticle  1 er\n \u2013  La captation,  l'enregistrement  et  la  transmission  d'images  par  la  Direction \nInterd\u00e9partementale de la Police Nationale du Rh\u00f4ne, est autoris\u00e9e aux fins de  pr\u00e9vention des  \natteintes \u00e0 la s\u00e9curit\u00e9 des personnes et des biens, de s\u00e9curisation des rassemblements dans le cadre \nactions pouvant \u00eatre entreprises par les \u00e9l\u00e9ments \u00e0 risques pr\u00e9sents dans le rassemblement , le  \ndimanche 07 d\u00e9cembre 2025 de 14h00 \u00e0 17h30 sur les communes de Lyon et de Villeurbanne dans la \nzone d\u00e9finie par un cercle de un kilom\u00e8tre de rayon autour du site du meeting, le 115 boulevard de  \nStalingrad \u00e0 Villeurbanne.\nArticle  2  \u2013  Le  nombre  maximal  de  cam\u00e9ras  pouvant  proc\u00e9der  simultan\u00e9ment  aux  traitements \nmentionn\u00e9s \u00e0 l'article 1er\n est fix\u00e9 aux dispositifs suivants\u00a0: \n\u2022 DJI Matrice 4 T\nArticle 3\u2013  Le registre mentionn\u00e9 \u00e0 l'article L. 242-4 du Code de la s\u00e9curit\u00e9 int\u00e9rieure est transmis \u00e0  \nla pr\u00e9f\u00e8te du Rh\u00f4ne \u00e0 l'issue de la manifestation.\nArticle 4 \u00a0\u2013 Le pr\u00e9sent arr\u00eat\u00e9 est publi\u00e9 au recueil des actes administratifs de la pr\u00e9fecture et peut  \nfaire l'objet d'un recours devant le tribunal administratif de Lyon dans un d\u00e9lai de deux mois \u00e0  \ncompter de sa publication.\nArticle 5\u00a0\u2013 L'information du public est assur\u00e9e par tout moyen.\nArticle 6 \u2013 Le pr\u00e9fet d\u00e9l\u00e9gu\u00e9 pour la d\u00e9fense et la s\u00e9curit\u00e9, le d irecteur interd\u00e9partemental de la  \nPolice Nationale du Rh\u00f4ne  sont charg\u00e9s chacun en ce qui le concerne de  l'ex\u00e9cution du pr\u00e9sent  \narr\u00eat\u00e9.\nFait \u00e0 Lyon, le 05 d\u00e9cembre 2025\nLe pr\u00e9fet d\u00e9l\u00e9gu\u00e9 pour la d\u00e9fense et la s\u00e9curit\u00e9,\n3\nORIGINAL SIGNE\nAntoine GU\u00c9RIN\n69_Pr\u00e9f_Pr\u00e9fecture du Rh\u00f4ne - 69-2025-12-05-00003 - ARR\u00caT\u00c9 n\u00b02025 - 12 - 05 - 0001\nautorisant la captation, l'enregistrement et la transmission\nd'images au moyen de cam\u00e9ras install\u00e9es sur un a\u00e9ronef le 07 d\u00e9cembre 2025 \u00e0 Lyon et Villeurbanne\n29\n69_Pr\u00e9f_Pr\u00e9fecture du Rh\u00f4ne\n69-2025-12-05-00004\nArr\u00eat\u00e9 pr\u00e9fectoral n\u00b0 2025-12-05-0002\nportant interdiction de cort\u00e8ges, d\u00e9fil\u00e9s et\nrassemblements revendicatifs dans un p\u00e9rim\u00e8tre\nd\u00e9fini le dimanche 7 d\u00e9cembre 2025 \u00e0 Lyon 6?\net Villeurbanne de 14h00 \u00e0 22h00\n69_Pr\u00e9f_Pr\u00e9fecture du Rh\u00f4ne - 69-2025-12-05-00004 - Arr\u00eat\u00e9 pr\u00e9fectoral n\u00b0 2025-12-05-0002\nportant interdiction de cort\u00e8ges, d\u00e9fil\u00e9s et rassemblements revendicatifs dans un p\u00e9rim\u00e8tre d\u00e9fini le dimanche 7 d\u00e9cembre 2025 \u00e0\nLyon 6? et Villeurbanne de 14h00 \u00e0 22h00\n30\nPREFETEDU RHONELibert\u00e9Egalit\u00e9Fraternit\u00e9\nPr\u00e9fecture\nCabinet du Pr\u00e9fet d\u00e9l\u00e9gu\u00e9 \npour la d\u00e9fense et la s\u00e9curit\u00e9\nBureau de l'Ordre Public\nArr\u00eat\u00e9 pr\u00e9fectoral n\u00b0 2025-12-05-0002\nportant interdiction de cort\u00e8ges, d\u00e9fil\u00e9s et rassemblements revendicatifs dans un p\u00e9rim\u00e8tre d\u00e9fini \nle dimanche 7 d\u00e9cembre 2025 \u00e0 Lyon 6  et Villeurbanne de 14h00 \u00e0 22h00\u1d49\nLa Pr\u00e9f\u00e8te du Rh\u00f4ne\nCommandeur de la L\u00e9gion d'honneur\nCommandeur de l'ordre national du M\u00e9rite\nVU la Constitution, et notamment son Pr\u00e9ambule\u00a0;\nVU  la  Convention  europ\u00e9enne  de  sauvegarde  des  droits  de  l'homme  et  des  libert\u00e9s \nfondamentales du 4 novembre 1950\u00a0;\nVU le Code de la s\u00e9curit\u00e9 int\u00e9rieure, notamment ses articles L.211-4 et suivants et L.226-1\u00a0;\nVU le Code p\u00e9nal, notamment ses articles 322-11-1, 431-3 et suivants et R.644-4;\nVU le Code g\u00e9n\u00e9ral des collectivit\u00e9s territoriales, notamment ses articles L.2214-4 et L.2215-1;\nVU la loi du 30 juin 1881 sur la libert\u00e9 de r\u00e9union ;\nVU la loi du 29 juillet 1881 sur la libert\u00e9 de presse et notamment ses articles 23, 24, 24 bis ;\nVU  le  d\u00e9cret  n\u00b02004-374  du  29  avril  2004  modifi\u00e9  relatif  aux  pouvoirs  des  pr\u00e9fets,  \u00e0 \nl'organisation et \u00e0 l'action des services de l'\u00c9tat dans les r\u00e9gions et d\u00e9partements\u00a0;\nVU  le  d\u00e9cret  en  Conseil  des  Ministres  du  11  janvier  2023  portant  nomination  de  Madame \nFabienne BUCCIO, pr\u00e9f\u00e8te de la r\u00e9gion Auvergne-Rh\u00f4ne-Alpes, pr\u00e9f\u00e8te de la zone de d\u00e9fense et \nde s\u00e9curit\u00e9 Sud-Est, pr\u00e9f\u00e8te du Rh\u00f4ne (hors classe)\u00a0;\nVU le d\u00e9cret du 6 novembre 2024 portant nomination du pr\u00e9fet d\u00e9l\u00e9gu\u00e9 pour la d\u00e9fense et la  \ns\u00e9curit\u00e9 aupr\u00e8s de la pr\u00e9f\u00e8te de la r\u00e9gion Auvergne-Rh\u00f4ne-Alpes, pr\u00e9f\u00e8te de la zone de d\u00e9fense  \net de s\u00e9curit\u00e9 Sud-Est, pr\u00e9f\u00e8te du Rh\u00f4ne \u2013 M. Antoine GUERIN\u00a0; \nVU l'arr\u00eat\u00e9  pr\u00e9fectoral n\u00b069-2025-10-13-00011  du  13  octobre  2025  portant  d\u00e9l\u00e9gation  de \nsignature \u00e0 M. Antoine GUERIN en qualit\u00e9 de pr\u00e9fet d\u00e9l\u00e9gu\u00e9 pour la d\u00e9fense et la s\u00e9curit\u00e9  \n   Pr\u00e9fecture du Rh\u00f4ne \u2013 \n   69419 Lyon cedex 03 \n  04 72 61 60 60\n  www.rhone.gouv.fr 1\n69_Pr\u00e9f_Pr\u00e9fecture du Rh\u00f4ne - 69-2025-12-05-00004 - Arr\u00eat\u00e9 pr\u00e9fectoral n\u00b0 2025-12-05-0002\nportant interdiction de cort\u00e8ges, d\u00e9fil\u00e9s et rassemblements revendicatifs dans un p\u00e9rim\u00e8tre d\u00e9fini le dimanche 7 d\u00e9cembre 2025 \u00e0\nLyon 6? et Villeurbanne de 14h00 \u00e0 22h00\n31\naupr\u00e8s de la pr\u00e9f\u00e8te de la r\u00e9gion Auvergne-Rh\u00f4ne-Alpes, pr\u00e9f\u00e8te de la zone de d\u00e9fense et de  \ns\u00e9curit\u00e9 Sud-Est, pr\u00e9f\u00e8te du Rh\u00f4ne\u00a0;\nVU le plan Vigipirate \u00ab \u00a0\u00c9t\u00e9-Automne 2025\u00a0\u00bb actif depuis le 1 er\n juillet 2025 et maintenu \u00e0 son  \nniveau sommital \u00ab\u00a0urgence attentat\u00a0\u00bb\u00a0;\nVU l'organisation  du  meeting  de  lancement  de  campagne  m\u00e9tropolitaine  par  le  \nRassemblement National le dimanche 7 d\u00e9cembre 2025 aux Terrasses du Parc \u00e0 Villeurbanne \u00e0 \n15h00 ;\nVU l'appel au rassemblement des collectifs en lutte, syndicats et associations villeurbannaises  \ncontre le meeting du Rassemblement National pour lancer sa campagne aux \u00e9lections de la  \nM\u00e9tropole de Lyon le dimanche 7 d\u00e9cembre 2025 \u00e0 14h30 \u00e0 \u00a0Charpennes (Villeurbanne) \u00e0  \nproximit\u00e9 des Terrasses du Parc\u00a0; \nVU  la  d\u00e9claration  r\u00e9guli\u00e8rement  d\u00e9pos\u00e9e  le  25  novembre  2025  aupr\u00e8s  des  services  de  la \npr\u00e9fecture du Rh\u00f4ne par Action Justice Climat Lyon, NPA-l'Anticapitaliste, et l'Union Syndicale \nSolidaires\u00a0 concernant  la  tenue  d'un  rassemblement  \u00ab \u00a0contre  le  meeting  du  RN  \u00e0  \nVilleurbanne\u00a0\u00bb  Place  Charles  Hernu  \u00e0  Villeurbanne  de  14h30  \u00e0  18h00\u00a0;  que  cinq  cents \npersonnes sont attendues pour ce rassemblement\u00a0;\nCONSID\u00c9RANT  qu'en application de l'article L.211-1 du Code de la s\u00e9curit\u00e9 int\u00e9rieure, sont  \nsoumis \u00e0 l'obligation d'une d\u00e9claration pr\u00e9alable tous cort\u00e8ges, d\u00e9fil\u00e9s et rassemblements de  \npersonnes,  et,  d'une  fa\u00e7on  g\u00e9n\u00e9rale,  toutes  manifestations  sur  la  voie  publique\u00a0;  qu'en \napplication de l'article L.211-2 du m\u00eame code, la d\u00e9claration est faite \u00e0 Lyon \u00e0 la pr\u00e9fecture du  \nRh\u00f4ne, trois jours francs au moins et quinze jours au plus avant la date de la manifestation \u00a0; \nqu'enfin en application de l'article L.211-4 du m\u00eame code, si l'autorit\u00e9 administrative estime  \nque la manifestation projet\u00e9e est de nature \u00e0 troubler l'ordre public, elle peut l'interdire par  \narr\u00eat\u00e9\u00a0;\nCONSID\u00c9RANT qu'il  appartient  aux  autorit\u00e9s  de  l'\u00c9tat  d'assurer  la  pr\u00e9servation  de  l'ordre \npublic et sa conciliation avec les libert\u00e9s fondamentales que sont notamment la libert\u00e9 d'aller  \net venir, la libert\u00e9 d'association, la libert\u00e9 de r\u00e9union et la libert\u00e9 d'expression en tenant en  \ncompte des moyens dont elles disposent et des circonstances particuli\u00e8res\u00a0;\nCONSID\u00c9RANT  que  les motifs d'appel au rassemblement du dimanche 7 d\u00e9cembre 2025 \u00e0  \n14h30 au niveau de la place Charles Hernu \u00e0 Villeurbanne sont de nature \u00e0 entra\u00eener des  \nprovocations et \u00e0 g\u00e9n\u00e9rer des troubles \u00e0 l'ordre public\u00a0;\nCONSID\u00c9RANT que dans la nuit du 30 novembre au lundi 1 er\n d\u00e9cembre 2025, des d\u00e9gradations \npar tags ont \u00e9t\u00e9 commises sur les fa\u00e7ades et ornements de l'\u00e9tablissement \u00ab \u00a0Les Terrasses du \nParc\u00a0\u00bb situ\u00e9 au 115 boulevard de Stalingrad \u00e0 Villeurbanne \u00a0; qu'en effet, plusieurs inscriptions \u00e0  \nla peinture rouge ont ainsi \u00e9t\u00e9 d\u00e9nombr\u00e9es comme \u00ab \u00a0antifa\u00a0\u00bb, \u00ab\u00a0non au RN \u00a0\u00bb, et \u00ab \u00a0RN\u00a0\u00bb\u00a0; que \nces  faits  ont  \u00e9t\u00e9  commis  suite  \u00e0  l'annonce  d'un  meeting  du  Rassemblement  National  de \nlancement des \u00e9lections m\u00e9tropolitaines le 7 d\u00e9cembre 2025 \u00e0 15h00 au sein du local \u00ab \u00a0des \nTerrasses du Parc\u00a0\u00bb\u00a0;\nCONSID\u00c9RANT que depuis plusieurs jours, les collectifs d'ultra-gauche, d'\u00e9cologie radicale,  \nf\u00e9ministes,  des  partis  politiques  ou  encore  des  syndicats  d\u00e9noncent  la  tenue  de  cet \n69_Pr\u00e9f_Pr\u00e9fecture du Rh\u00f4ne - 69-2025-12-05-00004 - Arr\u00eat\u00e9 pr\u00e9fectoral n\u00b0 2025-12-05-0002\nportant interdiction de cort\u00e8ges, d\u00e9fil\u00e9s et rassemblements revendicatifs dans un p\u00e9rim\u00e8tre d\u00e9fini le dimanche 7 d\u00e9cembre 2025 \u00e0\nLyon 6? et Villeurbanne de 14h00 \u00e0 22h00\n32\n\u00e9v\u00e8nement\u00a0; que dans ce contexte, un rassemblement de contestation a fait ainsi l'objet d'une  \nd\u00e9claration pr\u00e9alable aupr\u00e8s de la pr\u00e9fecture et se tiendra en m\u00eame temps que le meeting du  \nRassemblement National, \u00e0 compter de 14h30 sur la place Charles Hernu \u00e0 Villeurbanne\u00a0;\nCONSID\u00c9RANT qu'il existe un antagonisme r\u00e9current et violent entre la mouvance d'ultra-\ngauche et la mouvance d'ultra-droite \u00a0; qu'en effet, les groupes d'ultra-gauche lyonnais et les  \ngroupes d'ultra-droite lyonnaise peuvent \u00eatre des catalyseurs de plusieurs agissements violents \net de troubles graves \u00e0 l'ordre public lors d'affrontements \u00a0; que la recherche d'affrontements  \nentre les groupuscules d'ultra-gauche et d'ultra-droite est pr\u00e9gnante et r\u00e9currente dans le  \nd\u00e9partement du Rh\u00f4ne\u00a0; \nCONSID\u00c9RANT que les structures \u00ab \u00a0CNT solidarit\u00e9 Ouvri\u00e8re \u00a0\u00bb, \u00ab\u00a0Solidaires, FSU\u00a0\u00bb, \u00ab\u00a0Locataires \nEnsemble\u00a0\u00bb,  \u00ab \u00a0G\u00e9n\u00e9ration  EDR \u00a0\u00bb,  \u00ab \u00a0Nous  Toutes  Rh\u00f4ne \u00a0\u00bb,  \u00ab \u00a0F\u00e9d\u00e9ration  Anarchiste \u00a0\u00bb, \n\u00ab\u00a0Extinction  R\u00e9bellion\u00a0\u00bb,  \u00ab\u00a0NPA  L'anticapitaliste\u00a0\u00bb,  \u00ab\u00a0CGT  UD69\u00a0\u00bb,  \u00ab\u00a0CGT  Villeurbanne\u00a0\u00bb, \n\u00ab\u00a0Indignons-Nous Bloquons Tout \u00a0\u00bb, et \u00ab \u00a0Action Justice Climat \u00a0\u00bb seront repr\u00e9sent\u00e9es lors de ce  \nrassemblement contre la tenue du meeting de lancement de campagne m\u00e9tropolitaine du  \nRassemblement National\u00a0; qu'il est pr\u00e9vu par les diff\u00e9rents repr\u00e9sentants une prise de parole  \nafin  d'exprimer  leurs  revendications  tout  en  mettant  en  lumi\u00e8re  leur  propre  structure \nmilitante\u00a0; que m\u00eame si les d\u00e9clarants se veulent rassurants sur le maintien du rassemblement  \nsur la place Charles Hernu, quelques initiatives visant \u00e0 tenter de rallier le lieu du meeting sont  \nprobables compte tenu de la proximit\u00e9 des lieux (huit cent cinquante m\u00e8tres)\u00a0; \nCONSID\u00c9RANT que  des  militants  d'ultra-gauche  et  issus  de  diff\u00e9rentes  mouvances  \ncontestataires seront assur\u00e9ment pr\u00e9sents et pourraient \u00eatre tent\u00e9s de former un cort\u00e8ge  \nsauvage  jusqu'au  lieu  du  meeting  ou  se  rendre  par  leurs  propres  moyens  aux  abords  des \nTerrasses du Parc\u00a0; quel que soit le \u00ab\u00a0sc\u00e9nario\u00a0\u00bb retenu par les \u00e9l\u00e9ments radicaux, des troubles \u00e0 \nl'ordre public sont fortement envisageables\u00a0; \nCONSID\u00c9RANT par ailleurs que les forces de l'ordre sont pleinement mobilis\u00e9es du 5 au 8  \nd\u00e9cembre 2025 dans le cadre de l'\u00e9v\u00e8nement intitul\u00e9 la \u00ab \u00a0F\u00eate des Lumi\u00e8res\u00a0\u00bb pour faire face \u00e0 \nl'afflux massif de visiteurs et assurer leur s\u00e9curit\u00e9, notamment dans le contexte d'une menace  \nterroriste \u00e0 son niveau sommital \u00a0; que les forces de l'ordre ne sauraient \u00eatre distraites de leurs  \nmissions prioritaires pour r\u00e9pondre \u00e0 des d\u00e9bordements d'une foule d'individus prompts \u00e0  \nl'affrontement\u00a0; \nCONSID\u00c9RANT qu'il y a lieu de pr\u00e9venir les comportements individuels ou collectifs de nature  \n\u00e0 troubler la s\u00e9curit\u00e9 et la tranquillit\u00e9 publique, \u00e0 cr\u00e9er un risque pour l'ordre public ou \u00e0  \nmettre en danger les personnes en provoquant des altercations ou des affrontements\u00a0; \nCONSID\u00c9RANT que le seul moyen de pr\u00e9server la s\u00e9curit\u00e9 des personnes et des biens, au  \nregard des forces de s\u00e9curit\u00e9 mises \u00e0 disposition pour la journ\u00e9e du dimanche 7 d\u00e9cembre  \n2025, consiste \u00e0 \u00e9tablir un p\u00e9rim\u00e8tre d'interdiction limit\u00e9 aux rues suivantes \u00e0 Lyon 6 \u1d49\n et  \nVilleurbanne\u00a0: \n\u2022 Cours Andr\u00e9 Philip,\n\u2022 Rue \u00c9tienne Gagnaire,\n\u2022 Place Jean Chorel,\n\u2022 Avenue Salvador Allende,\n\u2022 Rue du Tonkin,\n69_Pr\u00e9f_Pr\u00e9fecture du Rh\u00f4ne - 69-2025-12-05-00004 - Arr\u00eat\u00e9 pr\u00e9fectoral n\u00b0 2025-12-05-0002\nportant interdiction de cort\u00e8ges, d\u00e9fil\u00e9s et rassemblements revendicatifs dans un p\u00e9rim\u00e8tre d\u00e9fini le dimanche 7 d\u00e9cembre 2025 \u00e0\nLyon 6? et Villeurbanne de 14h00 \u00e0 22h00\n33\n\u2022 Boulevard du 11 novembre 1918,\n\u2022 Boulevard Stalingrad,\n\u2022 Porte de la Vo\u00fbte,\n\u2022 All\u00e9e du Chemin de Fer,\n\u2022 All\u00e9e de Ceinture,\n\u2022 Porte du Lyc\u00e9e du Parc,\n\u2022 Avenue de Verguin,\n\u2022 Boulevard Stalingrad,\n\u2022 Cours Andr\u00e9 Philip.\nCONSID\u00c9RANT qu'il appartient \u00e0 l'autorit\u00e9 investie du pouvoir de police administrative de  \nconcilier l'exercice du droit de manifester avec les imp\u00e9ratifs de l'ordre public \u00a0; que, dans ce  \ncadre, elle se doit de prendre les mesures n\u00e9cessaires, adapt\u00e9es et proportionn\u00e9es de nature \u00e0  \npr\u00e9venir tant la commission d'infractions p\u00e9nales que les troubles \u00e0 l'ordre public\u00a0; \nCONSID\u00c9RANT que  dans  ces  circonstances,  l'interdiction  de  manifester  sur  le  secteur \nconcern\u00e9 et mentionn\u00e9 \u00e0 l'article 1er\n est seule de nature \u00e0 pr\u00e9venir efficacement et de mani\u00e8re \nproportionn\u00e9e les troubles \u00e0 l'ordre public ;\nA R R \u00ca T E\nArticle 1er\n \u2013 Les cort\u00e8ges, d\u00e9fil\u00e9s et rassemblements revendicatifs sont interdits le dimanche 7  \nd\u00e9cembre 2025 de 14h00 \u00e0 22h00 dans le p\u00e9rim\u00e8tre suivant\u00a0:\n\u2022 Cours Andr\u00e9 Philip,\n\u2022 Rue \u00c9tienne Gagnaire,\n\u2022 Place Jean Chorel,\n\u2022 Avenue Salvador Allende,\n\u2022 Rue du Tonkin,\n\u2022 Boulevard du 11 novembre 1918,\n\u2022 Boulevard Stalingrad,\n\u2022 Porte de la Vo\u00fbte,\n\u2022 All\u00e9e du Chemin de Fer,\n\u2022 All\u00e9e de Ceinture,\n\u2022 Porte du Lyc\u00e9e du Parc,\n\u2022 Avenue de Verguin,\n\u2022 Boulevard Stalingrad,\n\u2022 Cours Andr\u00e9 Philip.\nArticle  2  \u2013  En  application  de  l'article  431-9  du  Code  p\u00e9nal,  le  fait  d'avoir  organis\u00e9  une \nmanifestation sur la voie publique ayant \u00e9t\u00e9 interdite dans les conditions fix\u00e9es par la loi est  \npuni de six mois d'emprisonnement et de 7\u00a0500\u00a0euros d'amende. \nEn application de l'article R. 644-4 du m\u00eame code, le fait de participer \u00e0 une manifestation  \nayant \u00e9t\u00e9 interdite est passible de l'amende pr\u00e9vue pour les contraventions de la 4  classe.\u1d49\nArticle 3 \u2013 Le pr\u00e9sent arr\u00eat\u00e9 fera l'objet d'une publication au Recueil des Actes Administratifs  \nde la Pr\u00e9fecture du Rh\u00f4ne. \n69_Pr\u00e9f_Pr\u00e9fecture du Rh\u00f4ne - 69-2025-12-05-00004 - Arr\u00eat\u00e9 pr\u00e9fectoral n\u00b0 2025-12-05-0002\nportant interdiction de cort\u00e8ges, d\u00e9fil\u00e9s et rassemblements revendicatifs dans un p\u00e9rim\u00e8tre d\u00e9fini le dimanche 7 d\u00e9cembre 2025 \u00e0\nLyon 6? et Villeurbanne de 14h00 \u00e0 22h00\n34\nArticle 4 \u2013 Le pr\u00e9sent arr\u00eat\u00e9 peut faire l'objet d'un recours aupr\u00e8s du Tribunal Administratif de  \nLyon dans un d\u00e9lai de 2\u00a0mois \u00e0 compter de sa notification.\nArticle 5 \u2013  Le directeur interd\u00e9partemental de la police nationale et le maire de Lyon sont  \ncharg\u00e9s, chacun en ce qui le concerne, de l'ex\u00e9cution du pr\u00e9sent arr\u00eat\u00e9.\nFait \u00e0 Lyon, le 5 d\u00e9cembre 2025\nLe pr\u00e9fet, d\u00e9l\u00e9gu\u00e9 pour la d\u00e9fense\net la s\u00e9curit\u00e9\nORIGINAL SIGNE\nAntoine GU\u00c9RIN\n69_Pr\u00e9f_Pr\u00e9fecture du Rh\u00f4ne - 69-2025-12-05-00004 - Arr\u00eat\u00e9 pr\u00e9fectoral n\u00b0 2025-12-05-0002\nportant interdiction de cort\u00e8ges, d\u00e9fil\u00e9s et rassemblements revendicatifs dans un p\u00e9rim\u00e8tre d\u00e9fini le dimanche 7 d\u00e9cembre 2025 \u00e0\nLyon 6? et Villeurbanne de 14h00 \u00e0 22h00\n35\n69_Pr\u00e9f_Pr\u00e9fecture du Rh\u00f4ne\n69-2025-12-05-00001\nARR\u00caT\u00c9 PR\u00c9FECTORAL N\u00b0 2025-12-05-0003\nportant interdiction de cort\u00e8ges, d\u00e9fil\u00e9s et\nrassemblements revendicatifs dans un p\u00e9rim\u00e8tre\nd\u00e9fini \u00e0 Lyon, du lundi 8 d\u00e9cembre 2025 \u00e0 17h00\nau mardi 9 d\u00e9cembre \u00e0 00h00\n69_Pr\u00e9f_Pr\u00e9fecture du Rh\u00f4ne - 69-2025-12-05-00001 - ARR\u00caT\u00c9 PR\u00c9FECTORAL N\u00b0 2025-12-05-0003\nportant interdiction de cort\u00e8ges, d\u00e9fil\u00e9s et rassemblements revendicatifs dans un p\u00e9rim\u00e8tre d\u00e9fini \u00e0 Lyon, du lundi 8 d\u00e9cembre 2025\n\u00e0 17h00 au mardi 9 d\u00e9cembre \u00e0 00h00\n36\nPREFETEDU RHONELibert\u00e9Egalit\u00e9Fraternit\u00e9\nPr\u00e9fecture\nCabinet du Pr\u00e9fet d\u00e9l\u00e9gu\u00e9 \npour la d\u00e9fense et la s\u00e9curit\u00e9\nBureau de l'Ordre Public\nARR\u00caT\u00c9 PR\u00c9FECTORAL N\u00b0 2025-12-05-0003\nportant interdiction de cort\u00e8ges, d\u00e9fil\u00e9s et rassemblements revendicatifs dans un p\u00e9rim\u00e8tre d\u00e9fini \n\u00e0 Lyon, du lundi 8 d\u00e9cembre 2025 \u00e0 17h00 au mardi 9 d\u00e9cembre \u00e0 00h00\nLa Pr\u00e9f\u00e8te du Rh\u00f4ne\nCommandeur de la L\u00e9gion d'honneur\nCommandeur de l'ordre national du M\u00e9rite\nVU la Constitution, et notamment son Pr\u00e9ambule ;\nVU  la  Convention  europ\u00e9enne  de  sauvegarde  des  droits  de  l'homme  et  des  libert\u00e9s \nfondamentales du 4 novembre 1950 ;\nVU le Code de la s\u00e9curit\u00e9 int\u00e9rieure, notamment ses articles L.211-4 et suivants et L.226-1 ;\nVU le Code p\u00e9nal, notamment ses articles 322-11-1, 431-3 et suivants et R.644-4 ;\nVU le Code g\u00e9n\u00e9ral des collectivit\u00e9s territoriales, notamment ses articles L.2214-4 et L.2215-1 ;\nVU la loi du 30 juin 1881 sur la libert\u00e9 de r\u00e9union ;\nVU la loi du 29 juillet 1881 sur la libert\u00e9 de presse et notamment ses articles 23, 24, 24 bis ;\nVU  le  d\u00e9cret  n\u00b02004-374  du  29  avril  2004  modifi\u00e9  relatif  aux  pouvoirs  des  pr\u00e9fets,  \u00e0 \nl'organisation et \u00e0 l'action des services de l'\u00c9tat dans les r\u00e9gions et d\u00e9partements ;\nVU  le  d\u00e9cret  en  Conseil  des  Ministres  du  11  janvier  2023  portant  nomination  de  Madame \nFabienne BUCCIO, pr\u00e9f\u00e8te de la r\u00e9gion Auvergne-Rh\u00f4ne-Alpes, pr\u00e9f\u00e8te de la zone de d\u00e9fense et \nde s\u00e9curit\u00e9 Sud-Est, pr\u00e9f\u00e8te du Rh\u00f4ne (hors classe) ;\nVU le d\u00e9cret du 6 novembre 2024 portant nomination du pr\u00e9fet d\u00e9l\u00e9gu\u00e9 pour la d\u00e9fense et la  \ns\u00e9curit\u00e9 aupr\u00e8s de la pr\u00e9f\u00e8te de la r\u00e9gion Auvergne-Rh\u00f4ne-Alpes, pr\u00e9f\u00e8te de la zone de d\u00e9fense  \net de s\u00e9curit\u00e9 Sud-Est, pr\u00e9f\u00e8te du Rh\u00f4ne \u2013 M. Antoine GUERIN ; \nVU l'arr\u00eat\u00e9  pr\u00e9fectoral  n\u00b069-2025-10-13-00011  du  13  octobre  2025  portant  d\u00e9l\u00e9gation  de \nsignature \u00e0 M. Antoine GUERIN en qualit\u00e9 de pr\u00e9fet d\u00e9l\u00e9gu\u00e9 pour la d\u00e9fense et la s\u00e9curit\u00e9  \naupr\u00e8s de la pr\u00e9f\u00e8te de la r\u00e9gion Auvergne-Rh\u00f4ne-Alpes, pr\u00e9f\u00e8te de la zone de d\u00e9fense et de  \ns\u00e9curit\u00e9 Sud-Est, pr\u00e9f\u00e8te du Rh\u00f4ne ;\nVU l'arr\u00eat\u00e9 pr\u00e9fectoral n\u00b069-2025-12-02-00004 du 2 d\u00e9cembre 2025 instaurant un p\u00e9rim\u00e8tre de  \nprotection dans le centre-ville de Lyon dans le cadre de la F\u00eate des Lumi\u00e8res 2025 ;\n   Pr\u00e9fecture du Rh\u00f4ne \u2013 \n   69419 Lyon cedex 03 \n  04 72 61 60 60\n  www.rhone.gouv.fr 1\n69_Pr\u00e9f_Pr\u00e9fecture du Rh\u00f4ne - 69-2025-12-05-00001 - ARR\u00caT\u00c9 PR\u00c9FECTORAL N\u00b0 2025-12-05-0003\nportant interdiction de cort\u00e8ges, d\u00e9fil\u00e9s et rassemblements revendicatifs dans un p\u00e9rim\u00e8tre d\u00e9fini \u00e0 Lyon, du lundi 8 d\u00e9cembre 2025\n\u00e0 17h00 au mardi 9 d\u00e9cembre \u00e0 00h00\n37\nVU l'arr\u00eat\u00e9 pr\u00e9fectoral n\u00b069-2025-12-02-00002 du 2 d\u00e9cembre 2025 portant diverses mesures  \nd'interdiction pendant la F\u00eate des Lumi\u00e8res 2025 sur le territoire de la M\u00e9tropole de Lyon ;\nVU le plan Vigipirate \u00ab  \u00c9t\u00e9-Automne \u00bb actif depuis le 1 er juillet 2025 et maintenu \u00e0 son niveau  \nsommital \u00ab urgence attentat \u00bb ;\nVU la d\u00e9claration de manifestation du Syndicat SUD SDMIS du 8 d\u00e9cembre \u00e0 18h00 au 9  \nd\u00e9cembre 2025 \u00e0 minuit, transmise en pr\u00e9fecture le 1er d\u00e9cembre 2025 ; \nCONSID\u00c9RANT qu'il  appartient  aux  autorit\u00e9s  de  l'\u00c9tat  d'assurer  la  pr\u00e9servation  de  l'ordre \npublic et sa conciliation avec les libert\u00e9s fondamentales que sont notamment la libert\u00e9 d'aller  \net venir, la libert\u00e9 d'association, la libert\u00e9 de r\u00e9union et la libert\u00e9 d'expression en tenant en  \ncompte des moyens dont elles disposent et des circonstances particuli\u00e8res ;\nCONSID\u00c9RANT  qu'en application de l'article L.211-1 du Code de la s\u00e9curit\u00e9 int\u00e9rieure, sont  \nsoumis \u00e0 l'obligation d'une d\u00e9claration pr\u00e9alable tous cort\u00e8ges, d\u00e9fil\u00e9s et rassemblements de  \npersonnes,  et,  d'une  fa\u00e7on  g\u00e9n\u00e9rale,  toutes  manifestations  sur  la  voie  publique ;  qu'en \napplication de l'article L.211-2 du m\u00eame code, la d\u00e9claration est faite \u00e0 Lyon \u00e0 la pr\u00e9fecture du  \nRh\u00f4ne, trois jours francs au moins et quinze jours au plus avant la date de la manifestation  ; \nqu'enfin en application de l'article L.211-4 du m\u00eame code, si l'autorit\u00e9 administrative estime  \nque la manifestation projet\u00e9e est de nature \u00e0 troubler l'ordre public, elle peut l'interdire par  \narr\u00eat\u00e9 ;\nCONSID\u00c9RANT que du 5 au 8 d\u00e9cembre 2025 est pr\u00e9vue l'organisation de l'\u00e9v\u00e8nement intitul\u00e9 \n\u00ab F\u00eate des Lumi\u00e8res \u00bb programmant de nouvelles mises en lumi\u00e8re, des objets lumineux, des  \nprojections monumentales et des projets immersifs ;\nCONSID\u00c9RANT que la ville de Lyon accueille chaque ann\u00e9e autour du 8 d\u00e9cembre entre 2 et 3 \nmillions  de  visiteurs  provenant  de  l'ensemble  du  territoire  national  et  de  nombreux  pays \n\u00e9trangers \u00e0 l'occasion de la F\u00eate des Lumi\u00e8res ;\nCONSID\u00c9RANT que sa situation au c\u0153ur d'un site class\u00e9 UNESCO, son exposition m\u00e9diatique,  \nson  interconnexion  aux  r\u00e9seaux  sociaux  et  les  symboles  notamment  religieux  que  cet \n\u00e9v\u00e8nement repr\u00e9sente exposent la ville de Lyon \u00e0 un risque d'actes de terrorisme ;\nCONSID\u00c9RANT que  le  8  d\u00e9cembre  2025,  \u00e0  partir  de  18h30,  se  d\u00e9roulera  la  procession \ntraditionnelle  en  hommage  \u00e0  la  Vierge  Marie,  reliant  la  place  Saint-Jean  \u00e0  la  Basilique  de \nFourvi\u00e8re, et empruntant le p\u00e9rim\u00e8tre de protection instaur\u00e9 dans le centre-ville ; \nCONSID\u00c9RANT que l'organisation syndicale SUD SDMIS organise une marche fun\u00e8bre avec le  \ntransport d'un cercueil aux flambeaux jusqu'\u00e0 la basilique de Fourvi\u00e8re \u00e0 partir de 19h00  ; que \ndans un communiqu\u00e9 dat\u00e9 du 2 d\u00e9cembre 2025, le syndicat affirme \u00ab  8 d\u00e9cembre : ON NE  \nL\u00c2CHE RIEN \u00bb ; que les modalit\u00e9s du parcours ne sont pas clairement d\u00e9finies  ; qu'il est tr\u00e8s  \nprobable,  \u00e0  l'instar  de  l'ann\u00e9e  pr\u00e9c\u00e9dente,  que  les  manifestants  tentent  d'imposer  leur \ncheminement dans le p\u00e9rim\u00e8tre de s\u00e9curit\u00e9 de l'\u00e9v\u00e9nement ;\nCONSID\u00c9RANT que lors de la F\u00eate des Lumi\u00e8res 2024, un cort\u00e8ge de 400 pompiers en gr\u00e8ve, a  \np\u00e9n\u00e9tr\u00e9, malgr\u00e9 l'interdiction, \u00e0 l'int\u00e9rieur du p\u00e9rim\u00e8tre de l'\u00e9v\u00e9nement ; que des fumig\u00e8nes et \np\u00e9tards ont \u00e9t\u00e9 utilis\u00e9s dans une zone dens\u00e9ment fr\u00e9quent\u00e9e par le public, notamment par  \ndes familles avec enfants  ; que l'incursion sauvage sur la place des terreaux, l'un des lieux les  \nplus fr\u00e9quent\u00e9s de la F\u00eate, a n\u00e9cessit\u00e9 l'\u00e9vacuation de spectateurs au niveau de la place,  \nankylosant les issues de secours et de s\u00e9curit\u00e9  ; que cet \u00e9pisode a entra\u00een\u00e9 de fortes tensions  \navec  les  forces  de  l'ordre,  avec  de  multiples  actes  de  provocation  des  gr\u00e9vistes  dans  un \np\u00e9rim\u00e8tre prot\u00e9g\u00e9 et tr\u00e8s fr\u00e9quent\u00e9 ; \n69_Pr\u00e9f_Pr\u00e9fecture du Rh\u00f4ne - 69-2025-12-05-00001 - ARR\u00caT\u00c9 PR\u00c9FECTORAL N\u00b0 2025-12-05-0003\nportant interdiction de cort\u00e8ges, d\u00e9fil\u00e9s et rassemblements revendicatifs dans un p\u00e9rim\u00e8tre d\u00e9fini \u00e0 Lyon, du lundi 8 d\u00e9cembre 2025\n\u00e0 17h00 au mardi 9 d\u00e9cembre \u00e0 00h00\n38\nCONSID\u00c9RANT  que les forces de l'ordre seront pleinement mobilis\u00e9es pour faire face \u00e0 l'afflux \nmassif  de  visiteurs  et  assurer  leur  s\u00e9curit\u00e9,  notamment  dans  le  contexte  d'une  menace \nterroriste \u00e0 son niveau sommital  ; qu'ils seront \u00e9galement engag\u00e9s dans la s\u00e9curisation de la  \nprocession cultuelle d\u00e9butant trente minutes avant la manifestation d\u00e9clar\u00e9e ; qu'au regard de \nces contraintes, les effectifs de s\u00e9curit\u00e9 ne sauraient \u00eatre d\u00e9tourn\u00e9s de cette mission prioritaire \nde s\u00e9curisation dans une zone \u00e9tendue du p\u00e9rim\u00e8tre prot\u00e9g\u00e9 ;\n \nCONSID\u00c9RANT qu'il y a lieu de pr\u00e9venir les comportements individuels ou collectifs de nature  \n\u00e0 troubler la tranquillit\u00e9 publique, \u00e0 cr\u00e9er un risque pour l'ordre public ou \u00e0 mettre en danger  \nles personnes en provoquant un mouvement de panique ou en g\u00eanant la libre circulation des  \npersonnes ;\nCONSID\u00c9RANT que le seul moyen de pr\u00e9server la s\u00e9curit\u00e9 des personnes et des biens, au  \nregard des forces de s\u00e9curit\u00e9 mises \u00e0 disposition pour la journ\u00e9e du lundi 8 d\u00e9cembre 2025,  \nconsiste  \u00e0  \u00e9tablir  un  p\u00e9rim\u00e8tre  d'interdiction  de  manifestation  limit\u00e9  aux  p\u00e9rim\u00e8tre  de \nprotection dans le centre-ville : \n\u2022 mont\u00e9e de la Butte\n\u2022 cours G\u00e9n\u00e9ral Giraud\n\u2022 place Rouville\n\u2022 rue de l'Annonciade\n\u2022 rue Burdeau\n\u2022 rue Termes\n\u2022 rue sergent Blandan\n\u2022 rue des Capucins\n\u2022 place Croix-Paquet\n\u2022 grande rue des Feuillants\n\u2022 place Tolozan\n\u2022 quai Andr\u00e9 Lassagne\n\u2022 quai Jean Moulin\n\u2022 rue Joseph Serlin\n\u2022 rue du Garet\n\u2022 rue de la Bourse\n\u2022 place des Cordeliers\n\u2022 quai Jules Courmont\n\u2022 quai du Dr Gailleton\n\u2022 rue Charles Biennier\n\u2022 rue de la Charit\u00e9\n\u2022 rue Sala\n\u2022 Passerelle Couturier\n\u2022 quai Fulchiron\n\u2022 rue du Viel Renvers\u00e9\n\u2022 rue Saint-Georges\n\u2022 place de la Trinit\u00e9\n\u2022 mont\u00e9e du Gourguillon\n\u2022 rue des Farges\n\u2022 rue Professeur Pierre Marion\n\u2022 rue de l'Antiquaille\n\u2022 rue Cleberg\nCONSID\u00c9RANT qu'il appartient \u00e0 l'autorit\u00e9 investie du pouvoir de police administrative de  \nconcilier l'exercice du droit de manifester avec les imp\u00e9ratifs de l'ordre public  ; que, dans ce  \ncadre, elle se doit de prendre les mesures n\u00e9cessaires, adapt\u00e9es et proportionn\u00e9es de nature \u00e0 \npr\u00e9venir tant la commission d'infractions p\u00e9nales que les troubles \u00e0 l'ordre public ; \n69_Pr\u00e9f_Pr\u00e9fecture du Rh\u00f4ne - 69-2025-12-05-00001 - ARR\u00caT\u00c9 PR\u00c9FECTORAL N\u00b0 2025-12-05-0003\nportant interdiction de cort\u00e8ges, d\u00e9fil\u00e9s et rassemblements revendicatifs dans un p\u00e9rim\u00e8tre d\u00e9fini \u00e0 Lyon, du lundi 8 d\u00e9cembre 2025\n\u00e0 17h00 au mardi 9 d\u00e9cembre \u00e0 00h00\n39\nCONSID\u00c9RANT que  dans  ces  circonstances,  l'interdiction  de  manifester  sur  le  secteur \nconcern\u00e9 et mentionn\u00e9 \u00e0 l'article 1 est seule de nature \u00e0 pr\u00e9venir efficacement et de mani\u00e8re  \nproportionn\u00e9e les troubles \u00e0 l'ordre public ;\nA R R \u00ca T E\nArticle  1er \u2013  Les  cort\u00e8ges,  d\u00e9fil\u00e9s  et  rassemblements  revendicatifs  sont interdits  le  lundi  8 \nd\u00e9cembre 2025 de 17h00 au mardi 9 d\u00e9cembre 00h00  dans le p\u00e9rim\u00e8tre prot\u00e9g\u00e9 d\u00e9limit\u00e9 par  \nles voies suivantes :\n\u2022 mont\u00e9e de la Butte\n\u2022 cours G\u00e9n\u00e9ral Giraud\n\u2022 place Rouville\n\u2022 rue de l'Annonciade\n\u2022 rue Burdeau\n\u2022 rue Termes\n\u2022 rue sergent Blandan\n\u2022 rue des Capucins\n\u2022 place Croix-Paquet\n\u2022 grande rue des Feuillants\n\u2022 place Tolozan\n\u2022 quai Andr\u00e9 Lassagne\n\u2022 quai Jean Moulin\n\u2022 rue Joseph Serlin\n\u2022 rue du Garet\n\u2022 rue de la Bourse\n\u2022 place des Cordeliers\n\u2022 quai Jules Courmont\n\u2022 quai du Dr Gailleton\n\u2022 rue Charles Biennier\n\u2022 rue de la Charit\u00e9\n\u2022 rue Sala\n\u2022 Passerelle Couturier\n\u2022 quai Fulchiron\n\u2022 rue du Viel Renvers\u00e9\n\u2022 rue Saint-Georges\n\u2022 place de la Trinit\u00e9\n\u2022 mont\u00e9e du Gourguillon\n\u2022 rue des Farges\n\u2022 rue Professeur Pierre Marion\n\u2022 rue de l'Antiquaille\n\u2022 rue Cleberg\n\u2022 rue Roger Radisson\n\u2022 place de Fourvi\u00e8re\n\u2022 mont\u00e9e Nicolas de Lange\n\u2022 mont\u00e9e des Carmes D\u00e9chauss\u00e9s\n\u2022 mont\u00e9e Saint-Barth\u00e9l\u00e9my\n\u2022 place Saint-Paul\n\u2022 rue Octavio Mey\n\u2022 quai Saint-Vincent et ses bas ports\nArticle  2  \u2013  En  application  de  l'article  431-9  du  Code  p\u00e9nal,  le  fait  d'avoir  organis\u00e9  une \nmanifestation sur la voie publique ayant \u00e9t\u00e9 interdite dans les conditions fix\u00e9es par la loi est  \npuni de six mois d'emprisonnement et de 7 500 euros d'amende. \n69_Pr\u00e9f_Pr\u00e9fecture du Rh\u00f4ne - 69-2025-12-05-00001 - ARR\u00caT\u00c9 PR\u00c9FECTORAL N\u00b0 2025-12-05-0003\nportant interdiction de cort\u00e8ges, d\u00e9fil\u00e9s et rassemblements revendicatifs dans un p\u00e9rim\u00e8tre d\u00e9fini \u00e0 Lyon, du lundi 8 d\u00e9cembre 2025\n\u00e0 17h00 au mardi 9 d\u00e9cembre \u00e0 00h00\n40\nEn application de l'article R. 644-4 du m\u00eame code, le fait de participer \u00e0 une manifestation  \nayant \u00e9t\u00e9 interdite est passible de l'amende pr\u00e9vue pour les contraventions de la 4  classe.\u1d49\nArticle 3 \u2013 Le pr\u00e9sent arr\u00eat\u00e9 fera l'objet d'une publication au Recueil des Actes Administratifs  \nde la Pr\u00e9fecture du Rh\u00f4ne.\nArticle 4 \u2013 Le pr\u00e9sent arr\u00eat\u00e9 peut faire l'objet d'un recours aupr\u00e8s du Tribunal Administratif de  \nLyon dans un d\u00e9lai de 2 mois \u00e0 compter de sa notification.\nArticle 5 \u2013  Le directeur interd\u00e9partemental de la police nationale et le maire de Lyon sont  \ncharg\u00e9s, chacun en ce qui le concerne, de l'ex\u00e9cution du pr\u00e9sent arr\u00eat\u00e9.\nFait \u00e0 Lyon, le 5 d\u00e9cembre 2025\nLe pr\u00e9fet, d\u00e9l\u00e9gu\u00e9 pour la d\u00e9fense\net la s\u00e9curit\u00e9\nORIGINAL SIGNE\nAntoine GUERIN\n69_Pr\u00e9f_Pr\u00e9fecture du Rh\u00f4ne - 69-2025-12-05-00001 - ARR\u00caT\u00c9 PR\u00c9FECTORAL N\u00b0 2025-12-05-0003\nportant interdiction de cort\u00e8ges, d\u00e9fil\u00e9s et rassemblements revendicatifs dans un p\u00e9rim\u00e8tre d\u00e9fini \u00e0 Lyon, du lundi 8 d\u00e9cembre 2025\n\u00e0 17h00 au mardi 9 d\u00e9cembre \u00e0 00h00\n41","date":"2025-12-05","first_seen_on":"2025-12-05T15:47:23+00:00","id":"1b77304fed379d23daf8b6bfbdd5d8254da531857c223ddbd28c8af02756f701","name":"RAA_69-2025-323-051225","pdf_creation_date":"2025-12-05T15:06:52+00:00","pdf_modification_date":"2025-12-05T15:07:21+00:00","timezone":"Europe/Paris","url":"https://www.rhone.gouv.fr/contenu/telechargement/66528/448088/file/RAA_69-2025-323-051225.pdf"}
