{"administration":"pref21","administration_name":"Pr\u00e9fecture de C\u00f4te-d\u2019Or","content":"PR\u00c9FET\nDE LA C\u00d4TE-D'OR\nRECUEIL DES ACTES\nADMINISTRATIFS SP\u00c9CIAL\n(NOMINATIFS)\nN\u00b021-2025-054\nPUBLI\u00c9 LE 17 AVRIL 2025\nSommaire\nARS Bourgogne-Franche-Comt\u00e9 /\n21-2025-04-10-00005 - Arr\u00eat\u00e9 n\u00b0 ARSBFC/DCPT/2025-20 modifiant la\nliste des membres du CTS 21 (6 pages) Page 3\nPr\u00e9fecture de la C\u00f4te-d'Or / P\u00f4le juridique inter-services\n21-2025-04-16-00002 - arr\u00eat\u00e9 576 du 16 avril 2025\nd\u00e9l\u00e9gation-signature ANRU (2 pages) Page 10\n21-2025-04-14-00009 - Arr\u00eat\u00e9 de d\u00e9l\u00e9gation de signature \u00e0\nMonsieur Bertrand LEPOUTERE, Directeur par int\u00e9rim du Service\nd\u00e9partemental d'incendie et de secours de la C\u00f4te d'Or\n (2\npages) Page 13\n21-2025-04-14-00007 - ARR\u00eaT\u00e9 PR\u00e9FECTORAL n\u00b0 573 / SG du 14 avril\n2025   \n\ndonnant d\u00e9l\u00e9gation de signature \u00e0 Mme H\u00e9l\u00e8ne\nCROCQUEVIEILLE, Directrice r\u00e9gionale des finances publiques de\nBourgogne-Franche-Comt\u00e9 et du d\u00e9partement de la C\u00f4te-d'Or, pour\nles actes relevant du pouvoir adjudicateur (2 pages) Page 16\n21-2025-04-14-00008 - Arr\u00eat\u00e9 pr\u00e9fectoral n\u00b0 574 du 14 avril 2025         \n\n\ndonnant d\u00e9l\u00e9gation de signature en mati\u00e8re\nd'ordonnancement secondaire et de comptabilit\u00e9 g\u00e9n\u00e9rale de\nl'\u00c9tat \u00e0 Monsieur Guillaume MERTZWEILLER, Directeur par int\u00e9rim\ndu p\u00f4le pilotage et ressources de la Direction r\u00e9gionale des finances\npubliques de Bourgogne-Franche-Comt\u00e9 et du d\u00e9partement de la\nC\u00f4te-d'Or (3 pages) Page 19\n2\nARS Bourgogne-Franche-Comt\u00e9\n21-2025-04-10-00005\nArr\u00eat\u00e9 n\u00b0 ARSBFC/DCPT/2025-20 modifiant la\nliste des membres du CTS 21\nARS Bourgogne-Franche-Comt\u00e9 - 21-2025-04-10-00005 - Arr\u00eat\u00e9 n\u00b0 ARSBFC/DCPT/2025-20 modifiant la liste des membres du CTS 21 3\nREPUBLIQUEFRANCAISELibert\u00e9\u00c9:gael\u00e7'te' @ D Agence R\u00e9gionale de Sant\u00e9Fraternit\u00e9 Bourgogne-Franche-Comt\u00e9\nArr\u00eat\u00e9 n\u00b0 ARSBFC/DCPT/2025-20 modifiant la liste des membres du conseil territorialde sant\u00e9 de C\u00f4te-d'Or en date du 10/04/2025\nLe directeur g\u00e9n\u00e9ral de l'Agence R\u00e9gionale de Sant\u00e9 de Bourgogne-Franche-Comt\u00e9,Vu le code de la sant\u00e9 publique, notamment les articles L.1434-9, L.1434-10, L.1434-11, R1434-33 ;Vu la loi n\u00b0 2016-41 du 26 janvier 2016 de modernisation de notre syst\u00e8me de sant\u00e9, notamment sonarticle 158 ;Vu la loi d'organisation et de transformation du syst\u00e8me de sant\u00e9 n\u00b0 2019-774 du 24 juillet 2019portant modification de l'article L1434-10 du code de la Sant\u00e9 Publique ;Vu le d\u00e9cret en date du 2 novembre 2022 portant nomination de M. Jean-Jacques COIPLET, enqualit\u00e9 de directeur g\u00e9n\u00e9ral de l'agence r\u00e9gionale de sant\u00e9 de Bourgogne-Franche-Comt\u00e9 :Vu le d\u00e9cret n\u00b02016-1024 du 26 juillet 2016 relatif aux territoires de d\u00e9mocratie sanitaire, aux zonesdes sch\u00e9mas r\u00e9gionaux de sant\u00e9 et aux conseils territoriaux de sant\u00e9 ;Vu l'arr\u00eat\u00e9 du 3 ao\u00fbt 2016 relatif \u00e0 la composition du conseil territorial de sant\u00e9 ;Vu l'arr\u00eat\u00e9 ARS-BFC/DG/2016/001 du 27 octobre 2016 relatif \u00e0 la d\u00e9finition des territoires ded\u00e9mocratie sanitaire de la r\u00e9gion Bourgogne-Franche-Comt\u00e9 ;Vu l'arr\u00eat\u00e9 ARS-BFC/DCPT/2025-07 du 03 f\u00e9vrier 2025 modifiant la liste des membres du conseilterritorial de sant\u00e9 de la C\u00f4te-d'Or ;Consid\u00e9rant les r\u00e9ponses re\u00e7ues dans le cadre des appels \u00e0 candidatures organis\u00e9s par l'ARSBourgogne-Franche-Comt\u00e9, publi\u00e9s le 31 mars 2022 sur le site internet de l'agence, en application desdispositions de l'article R1434-33 du code de la sant\u00e9 publiqueConsid\u00e9rant les propositions de d\u00e9signations faites par les diff\u00e9rents organismes et instancesrepr\u00e9sentatifs des diff\u00e9rents coll\u00e8ges, en application des dispositions de l'article R1434-33 du code dela sant\u00e9 publique\nARS Bourgogne-Franche-Comt\u00e9 - 21-2025-04-10-00005 - Arr\u00eat\u00e9 n\u00b0 ARSBFC/DCPT/2025-20 modifiant la liste des membres du CTS 21 4\n2ARRETE\nArticle 1\u00b0\" : Le conseil territorial de sant\u00e9 de C\u00f4te-d'Or comprend 56 membres au plus r\u00e9partis enquatre coll\u00e8ges, ainsi que deux personnes qualifi\u00e9es et les parlementaires \u00e9lus dans le ressort duterritoire concern\u00e9.Article 2 : Sont membres du conseil territorial de sant\u00e9 du d\u00e9partement de C\u00f4te-d'Or, au titre descoll\u00e8ges :1\u00b0 - coll\u00e8ge des professionnels et offreurs des services de sant\u00e9 (trente quatre membres)a) Six repr\u00e9sentants des \u00e9tablissements de sant\u00e9> Trois repr\u00e9sentants des personnes morales gestionnaires de ces \u00e9tablissements d\u00e9sign\u00e9s surproposition de la f\u00e9d\u00e9ration qui les repr\u00e9senteTitulaire : Madame Val\u00e9rie FAKHOURY, HPDB, FHPSuppl\u00e9ance : en cours de d\u00e9signationTitulaire : Monsieur Beno\u00eet TERRILLON, Association le Renouveau, FEHAPSuppl\u00e9ance : Madame Sylvie CAILLOT, COS CRF Divio, FEHAPTitulaire : Monsieur Guillaume KOCH, Hospices Civils de Beaune, FHFSuppl\u00e9ance : en cours de d\u00e9signation> Trois pr\u00e9sidents de commission m\u00e9dicale ou de conf\u00e9rence m\u00e9dicale d'\u00e9tablissement,d\u00e9sign\u00e9s sur proposition de la f\u00e9d\u00e9ration qui les repr\u00e9senteTitulaire : Madame le docteur Liliana OSMAK, Polyclinique du Parc Drevon, FHPSuppl\u00e9ance : en cours de d\u00e9signationTitulaire : Madame le docteur Hala ROBERT MAALOUF, CRF Divio, FEHAPSuppl\u00e9ante : en cours de d\u00e9signationTitulaire : Monsieur le docteur Samuel FOTCHUONT, CH HCO, FHFSuppl\u00e9ance : Madame le docteur Magali VERNET, CH Beaune, FHFb) Cinq repr\u00e9sentants des personnes morales gestionnaires des services et \u00e9tablissements sociauxet m\u00e9dico-sociaux mentionn\u00e9s au 1 de l'article L 312-1 et \u00e0 l'article L 344-1 du code del'action sociale et des familles r\u00e9partis entre ceux qui \u0153uvrent en faveur des personnels \u00e2g\u00e9eset ceux qui \u0153uvrent en faveur des personnes handicap\u00e9es, d\u00e9sign\u00e9s sur proposition desgroupements et f\u00e9d\u00e9rations repr\u00e9sentatifs des institutions sociales et m\u00e9dico-socialeTitulaire : Monsieur Sylvain VACHERESSE, EHCO Les Papillons Blancs, URIOPSSSuppl\u00e9ance : en cours de d\u00e9signationTitulaire : Madame Marie GIVORD, UNA BFCSuppl\u00e9ance : Madame Annik AMIARD, UNA BFCTitulaire : Monsieur Brice MOREY, SDAT, FEHAPSuppl\u00e9ance : Monsieur Vincent GAY, EHPAD la Providence, FEHAPTitulaire : Christine TROJAN, CHU Dijon, FHFSuppl\u00e9ance : en cours de d\u00e9signationTitulaire : Monsieur Patrice DUROVRAY, Acod\u00e8ge, NEXEMSuppl\u00e9ance : Madame Val\u00e9rie BOIVIN, EHPAD Korian, SYNERPAc) Trois repr\u00e9sentants des organismes \u0153uvrant dans les domaines de la promotion de la sant\u00e9 etde la pr\u00e9vention ou en faveur de l'environnement et de la lutte contre la pr\u00e9carit\u00e9, d\u00e9sign\u00e9s \u00e0l'issue d'un appel \u00e0 candidatures organis\u00e9 dans les conditions fix\u00e9es par le directeur g\u00e9n\u00e9ral del'agence r\u00e9gionale de sant\u00e9Titulaire : Madame H\u00e9l\u00e8ne PROU, Promotion Sant\u00e9 BFCSuppl\u00e9ance : en cours de d\u00e9signation\nARS Bourgogne-Franche-Comt\u00e9 - 21-2025-04-10-00005 - Arr\u00eat\u00e9 n\u00b0 ARSBFC/DCPT/2025-20 modifiant la liste des membres du CTS 21 5\n3Titulaire : Madame Colette PREVOST, France nature environnement 21Suppl\u00e9ance : en cours de d\u00e9signationTitulaire : Monsieur Antonin COLNOT-BREUNE, ASEPTSuppl\u00e9ance : Madame Olivia KOUASSI, ASEPTd) Six repr\u00e9sentants des professionnels de sant\u00e9 lib\u00e9raux> Trois m\u00e9decins lib\u00e9raux d\u00e9sign\u00e9s par le directeur g\u00e9n\u00e9ral de l'agence r\u00e9gionale de sant\u00e9 surproposition conjointe des unions r\u00e9gionales des professionnels de sant\u00e9Titulaire : Monsieur le docteur Aur\u00e9lien VAILLANTSuppl\u00e9ance : en cours de d\u00e9signationTitulaire : Monsieur le docteur Olivier MAIZIERESSuppl\u00e9ance : en cours de d\u00e9signationTitulaire : Madame le docteur Brigitte VIREYSuppl\u00e9ance : en cours de d\u00e9signation> Trois repr\u00e9sentants des autres professions de sant\u00e9, d\u00e9sign\u00e9s par le directeur g\u00e9n\u00e9ral del'agence r\u00e9gionale de sant\u00e9 sur proposition conjointe des unions r\u00e9gionales des professionnelsde sant\u00e9.Titulaire : Monsieur Damien MICHEL, URPS Pharmaciens BFCSuppl\u00e9ance : Madame Nathalie BROUSSE-GOUTTE, URPS Orthophonistes BFCTitulaire : Madame Anne THIVET, URPS Infirmiers BFCSuppl\u00e9ance : Madame V\u00e9ronique FAGOT, URPS Infirmiers BFCTitulaire : Monsieur Yann-Fran\u00e7ois SYLVESTRE, URPS Masseurs-Kin\u00e9sith\u00e9rapeutes BFCSuppl\u00e9ance : Monsieur Jules MARTIN, URPS Masseurs-Kin\u00e9sith\u00e9rapeutes BFCe) Un repr\u00e9sentant des internes en m\u00e9decine de la ou des subdivisions situ\u00e9es sur le territoire desant\u00e9, d\u00e9sign\u00e9 par une organisation qui les repr\u00e9senteTitulaire : Maxence ROULLIATSuppl\u00e9ance : Benjamin RECORDONf) Cinq repr\u00e9sentants des diff\u00e9rents modes d'exercice coordonn\u00e9 et des organisations decoop\u00e9ration territoriale :\u00ab des centres de sant\u00e9, maisons de sant\u00e9 et r\u00e9seaux d\u00e9sign\u00e9s par le directeur g\u00e9n\u00e9ral de l'agencer\u00e9gionale de sant\u00e9, sur proposition des organisations qui les repr\u00e9sentent \u00bb\u00ab des communaut\u00e9s professionnelles territoriales de sant\u00e9 et des \u00e9quipes de soins primaires\u00ab des communaut\u00e9s psychiatriques de territoire d\u00e9sign\u00e9s \u00e0 l'issue d'un appel \u00e0 candidature organis\u00e9dans des conditions fix\u00e9es par le directeur g\u00e9n\u00e9ral de l'agence r\u00e9gionale de sant\u00e9 \u00bbTitulaire : Monsieur Laurent GARNAULT, DAC 21Suppl\u00e9ance : Madame Manuela GARCIA, DAC 21Titulaire : Monsieur Pedro FERREIRA, MSP de St-Loup-G\u00e9anges, FeMaSCo-BFCSuppl\u00e9ance : Monsieur Philippe LEVACHER, FeMaSCo-BFCTitulaire : Monsieur Florian POIVRE, CPTS Pays d'OrSuppl\u00e9ance : Madame Sandra PERIER, CPTS Pays d'OrTitulaire : Monsieur le docteur Fran\u00e7ois PILLON, AREMEL 21Suppl\u00e9ance : Monsieur le docteur Julien NOUBEL, AREMEL 21Titulaire : en cours de d\u00e9signationSuppl\u00e9ance : en cours de d\u00e9signationg) Un repr\u00e9sentant des \u00e9tablissements assurant des activit\u00e9s d'hospitalisation \u00e0 domicile, d\u00e9sign\u00e9par le directeur g\u00e9n\u00e9ral de l'agence r\u00e9gionale de sant\u00e9 sur proposition de la FNEHADTitulaire : Monsieur Eric BACHELET, FNEHAD\nARS Bourgogne-Franche-Comt\u00e9 - 21-2025-04-10-00005 - Arr\u00eat\u00e9 n\u00b0 ARSBFC/DCPT/2025-20 modifiant la liste des membres du CTS 21 6\n4Suppl\u00e9ance : Madame Sophie HENON HILAIRE, CGF Leclerc, FNEHADh) Un repr\u00e9sentant de l'ordre des m\u00e9decins, d\u00e9sign\u00e9 par le pr\u00e9sident du conseil r\u00e9gional del'ordre ou, le cas \u00e9ch\u00e9ant, sur proposition conjointe des pr\u00e9sidents des conseils r\u00e9gionaux del'ordre du ressort de l'agence r\u00e9gionale de sant\u00e9Titulaire : Monsieur Romain THEVENOUDSuppl\u00e9ance : Madame Caroline MOUCHONRepr\u00e9sentants des conseils des ordres territorialement comp\u00e9tentsTitulaire : Madame Laurence CAMUS, Conseil de l'Ordre des infirmiersSuppl\u00e9ant : en cours de d\u00e9signationTitulaire : Madame Val\u00e9rie PONTONNIER, Conseil de l'Ordre des sages-femmesSuppl\u00e9ance : en cours de d\u00e9signationTitulaire : Madame Marion CRUCHANDEU, Conseil de l'Ordre des p\u00e9dicures-podologuesSuppl\u00e9ance : en cours de d\u00e9signationTitulaire : Monsieur Pascal BRIOT, Conseil de l'Ordre des masseurs kin\u00e9sith\u00e9rapeutesSuppl\u00e9ance : en cours de d\u00e9signationTitulaire : Monsieur Philippe VANDRIESSE, Conseil de l'Ordre des pharmaciensSuppl\u00e9ance : Madame Carine HENRIOT, Conseil de l'Ordre des pharmaciensTitulaire : Madame le docteur Marie-B\u00e9n\u00e9dicte BERTHOU, Conseil de l'Ordre des Chirurgiens-dentistesSuppl\u00e9ance : en cours de d\u00e9signation\n2\u00b0 - coll\u00e8ge des usagers et associations d'usagers \u0153uvrant dans les domaines de comp\u00e9tence del'agence r\u00e9gionale de sant\u00e9 (dix membres)a) Six repr\u00e9sentants des usagers des associations agr\u00e9\u00e9es au niveau r\u00e9gional ou, \u00e0 d\u00e9faut, auniveau national, conform\u00e9ment \u00e0 l'article L 1114-1, d\u00e9sign\u00e9s \u00e0 l'issue d'un appel \u00e0candidatures organis\u00e9 dans des conditions fix\u00e9es par le directeur g\u00e9n\u00e9ral de l'agence r\u00e9gionalede sant\u00e9Titulaire : Madame Marie BERTIN, ARUCAHSuppl\u00e9ance : en cours de d\u00e9signationTitulaire : Monsieur Jean-Louis LAVILLE, UNAFAMSuppl\u00e9ance : en cours de d\u00e9signationTitulaire : Madame Martine CUENOT, APF France handicapSuppl\u00e9ance : en cours de d\u00e9signationTitulaire : Monsieur Arnaud MILADINOVIC, UNAPEI-BFCSuppl\u00e9ance : en cours de d\u00e9signationTitulaire : Madame Fran\u00e7oise PLASSARD, UDAFSuppl\u00e9ance : Monsieur Yves DUPOYET, UDAFTitulaire : en cours de d\u00e9signationSuppl\u00e9ance : en cours de d\u00e9signationb) Quatre repr\u00e9sentants des usagers des associations des personnes handicap\u00e9es ou desassociations de retrait\u00e9s et personnes \u00e2g\u00e9es, sur proposition du ou des conseils d\u00e9partementauxde la citoyennet\u00e9 et de l'autonomie du ressort du conseil territorial de sant\u00e9Titulaire : Monsieur Jean-Fran\u00e7ois VALDENAIRE, CDCA\nARS Bourgogne-Franche-Comt\u00e9 - 21-2025-04-10-00005 - Arr\u00eat\u00e9 n\u00b0 ARSBFC/DCPT/2025-20 modifiant la liste des membres du CTS 21 7\nSuppl\u00e9ance : en cours de d\u00e9signation, CDCATitulaire : Monsieur Olivier DRIGNY, CDCASuppl\u00e9ance : Madame Bernadette DAVID, CDCATitulaire : Madame Christine GARNIER GALIMARD, CDCASuppl\u00e9ance: Madame Edith GARCHEY, CDCATitulaire : Madame Suzanne FERRAND, CDCASuppl\u00e9ance : Monsieur Serge THEYSSIER, CDCA\n3\u00b0 - coll\u00e8ge des collectivit\u00e9s territoriales ou leurs groupements (sept membres)a) Un conseiller r\u00e9gional, d\u00e9sign\u00e9 par la pr\u00e9sidente du conseil r\u00e9gionalTitulaire : Madame Fran\u00e7oise TENENBAUMSuppl\u00e9ance : Madame Aurore LAGNEAUb) Un repr\u00e9sentant du conseil d\u00e9partemental d\u00e9sign\u00e9 par l'Assembl\u00e9e des d\u00e9partements deFranceTitulaire : Monsieur Frangois SAUVADET, pr\u00e9sident du Conseil d\u00e9partemental de C\u00f4te-d'OrSuppl\u00e9ance: Madame Emmanuelle COINT, 1\"\u00b0 vice-pr\u00e9sidente du Conseil d\u00e9partemental de C\u00f4te-d'Orc) Un repr\u00e9sentant des services d\u00e9partementaux de protection maternelle et infantile d\u00e9sign\u00e9 parle pr\u00e9sident du conseil d\u00e9partementalTitulaire : Monsieur Jean-Michel RENAUDSuppl\u00e9ance : Madame Elise EGEAd) Deux repr\u00e9sentants des communaut\u00e9s de communes, d\u00e9sign\u00e9s par l'Assembl\u00e9e descommunaut\u00e9s de FranceTitulaire : Madame Catherine GOZZI, conseill\u00e8re communaut\u00e9 de Dijon m\u00e9tropoleSuppl\u00e9ance : en cours de d\u00e9signationTitulaire : en cours de d\u00e9signationSuppl\u00e9ance : en cours de d\u00e9signatione) Deux repr\u00e9sentants des communes, d\u00e9sign\u00e9s par l'Association des maires de FranceTitulaire : Madame Patricia RABELKA M'BENGUE, adjointe \u00e0 l'innovation sociale CCAS de Saint-ApollinaireSuppl\u00e9ance : Monsieur J\u00e9r\u00e9mie BRIGAND, Maire de MassingyTitulaire : Monsieur Patrick MOLINOZ, Maire de Venarey-L\u00e8s-LaumesSuppl\u00e9ance : Monsieur Antonio COBOS, Maire d'Argilly\n4\u00b0 - coll\u00e8ge des repr\u00e9sentants de l'Etat et des organismes de s\u00e9curit\u00e9 sociale (trois membres)a) Un repr\u00e9sentant de l'Etat d\u00e9sign\u00e9 par le pr\u00e9fet de C\u00f4te-d'OrTitulaire : Madame, Monsieur le Secr\u00e9taire g\u00e9n\u00e9ral de la pr\u00e9fecture de C\u00f4te-d'OrSuppl\u00e9ance : Madame, Monsieur le Secr\u00e9taire g\u00e9n\u00e9ral adjoint de la pr\u00e9fecture de C\u00f4te-d'Orb) Deux repr\u00e9sentants des organismes de s\u00e9curit\u00e9 sociale d\u00e9sign\u00e9s par le directeur g\u00e9n\u00e9ral del'agence r\u00e9gionale de sant\u00e9, sur proposition conjointe des organismes locaux ou r\u00e9gionaux des\u00e9curit\u00e9 sociale du ressort du conseilTitulaire : Monsieur Lilian VACHON, directeur CPAM de C\u00f4te-d'OrSuppl\u00e9ance : Madame Nadia MONTANDON, directrice adjointe CPAM de C\u00f4te-d'Or\nARS Bourgogne-Franche-Comt\u00e9 - 21-2025-04-10-00005 - Arr\u00eat\u00e9 n\u00b0 ARSBFC/DCPT/2025-20 modifiant la liste des membres du CTS 21 8\n6Titulaire : Madame Anne-C\u00e9cile JACOT, CARSAT Bourgogne-Franche-Comt\u00e9Suppl\u00e9ance : Monsieur Jacques GANNE, MSA Bourgogne5\u00b0 - deux personnalit\u00e9s qualifi\u00e9es- Monsieur Bruno FOREST, Mutualit\u00e9 fran\u00e7aise BFC, F\u00e9d\u00e9ration des mutuelles de France,- Madame/Monsieur le repr\u00e9sentant du Service D\u00e9partemental d'Incendie et de Secours6\u00b0 - parlementaires \u00e9lus dans le ressort du territoire concern\u00e9 et un membre du comit\u00e9 de massifconcern\u00e9:S\u00e9nateurs :- Monsieur Alain HOUPERT, S\u00e9nateur de C\u00f4te-d'Or- Madame Anne-Catherine LOISIER, S\u00e9natrice de C\u00f4te-d'Or- Monsieur Fran\u00e7ois PATRIAT, S\u00e9nateur de C\u00f4te-d'OrD\u00e9put\u00e9s :- Madame Oc\u00e9ane GODARD, d\u00e9put\u00e9e de la 1\"\u00b0 circonscription de C\u00f4te-d'Or- Madame Catherine HERVIEU, d\u00e9put\u00e9e de la 2\u00b0\"\u00b0 circonscription de C\u00f4te-d'Or- Monsieur Pierre PRIBETICH, d\u00e9put\u00e9 de la 3\"\"\u00b0 circonscription de C\u00f4te-d'Or- Monsieur Hubert BRIGAND, d\u00e9put\u00e9 de la 4\u00b0TM circonscription de C\u00f4te-d'Or- Monsieur Ren\u00e9 LIORET, d\u00e9put\u00e9 de la 5\u00b0\"\u00b0 circonscription de C\u00f4te-d'OrMembre du comit\u00e9 de massif concern\u00e9 :- Monsieur Sylvain MATHIEU, repr\u00e9sentant du comit\u00e9 de massif du Massif CentralArticle 3 : La dur\u00e9e du mandat des membres du conseil territorial de sant\u00e9 de C\u00f4te-d'Or est de cinqans, renouvelable une fois, \u00e0 compter de la date de l'arr\u00eat\u00e9 initial de composition.\nArticle 4: Le directeur du cabinet, du pilotage et des territoires et la directrice de la directionterritoriale de C\u00f4te-d'Or de l'agence r\u00e9gionale de sant\u00e9 sont charg\u00e9s de l'ex\u00e9cution du pr\u00e9sent arr\u00eat\u00e9qui sera publi\u00e9 au recueil des actes administratifs de la pr\u00e9fecture de r\u00e9gion et au recueil des actesadministratifs de la pr\u00e9fecture de C\u00f4te-d'Or.\nArticle 5 : Le pr\u00e9sent arr\u00eat\u00e9 peut \u00eatre contest\u00e9 dans un d\u00e9lai de deux mois \u00e0 compter de sa notificationpour les personnes auxquelles il a \u00e9t\u00e9 notifi\u00e9, ou de sa publication pour les autres personnes, enformulant- Un recours gracieux aupr\u00e8s du directeur g\u00e9n\u00e9ral de l'agence r\u00e9gionale de sant\u00e9 de Bourgogne-Franche Comt\u00e9,- un recours contentieux devant le Tribunal Administratif comp\u00e9tentLe tribunal administratif peut \u00eatre saisi d'un recours d\u00e9pos\u00e9 via l'application T\u00e9l\u00e9recours citoyensaccessible par le site internet www.t\u00e9l\u00e9recours.fr\nFait \u00e0 Dijon, le 10/04/2025\nJean-Jacques COIPLET\nARS Bourgogne-Franche-Comt\u00e9 - 21-2025-04-10-00005 - Arr\u00eat\u00e9 n\u00b0 ARSBFC/DCPT/2025-20 modifiant la liste des membres du CTS 21 9\nPr\u00e9fecture de la C\u00f4te-d'Or\nP\u00f4le juridique inter-services\n21-2025-04-16-00002\narr\u00eat\u00e9 576 du 16 avril 2025 d\u00e9l\u00e9gation-signature\nANRU\nPr\u00e9fecture de la C\u00f4te-d'Or - 21-2025-04-16-00002 - arr\u00eat\u00e9 576 du 16 avril 2025 d\u00e9l\u00e9gation-signature ANRU 10\nPREFETDE LACOTE-D'ORL,z'berte'Egalit\u00e9Fraternit\u00e9\nDirection d\u00e9partementale des territoires\nde la C\u00f4te-d'Or\nArr\u00eat\u00e9 n\u00b0 576\nportant d\u00e9l\u00e9gation de signature\nLe pr\u00e9fet de la C\u00f4te-d'Or\nD\u00e9l\u00e9gu\u00e9 territorial de l'Agence Nationale pour la R\u00e9novation Urbaine (ANRU)\nVU la loi n\u00b02003-710 du 1er ao\u00fbt 2003 d'orientation et de programmation pour la ville et la  \nr\u00e9novation urbaine modifi\u00e9e\nVU le d\u00e9cret n\u00b0 2004-123 du 9 f\u00e9vrier 2004 relatif \u00e0 l'Agence Nationale pour la R\u00e9novation  \nUrbaine modifi\u00e9\nVU le d\u00e9cret n\u00b0 2004-374 du 29 avril 2004 relatif aux pouvoirs des pr\u00e9fets, \u00e0 l'organisation  \net \u00e0 l'action des services de l'\u00c9tat dans les r\u00e9gions et d\u00e9partements\nVU le  r\u00e8glement  g\u00e9n\u00e9ral  de  l'Agence  Nationale  pour  la  R\u00e9novation  Urbaine  relatif  au \nnouveau  programme  national  de  renouvellement  urbain  en  vigueur  et  les  notes  \nd'instructions appel\u00e9es en application de ce r\u00e8glement\nVU le r\u00e8glement financier pour l'Agence Nationale pour la R\u00e9novation Urbaine relatif au  \nnouveau  programme  national  de  renouvellement  urbain  en  vigueur  et  les  notes  \nd'instructions appel\u00e9es en application de ce r\u00e8glement\nVU le d\u00e9cret  du 10 octobre 2024 nommant M. Paul MOURIER  en qualit\u00e9 de pr\u00e9fet de la  \nr\u00e9gion Bourgogne-Franche-Comt\u00e9, pr\u00e9fet de la C\u00f4te-d'Or\nVU l'arr\u00eat\u00e9 minist\u00e9riel du 17 mars 2025 nommant Mme Manuelle DUPUY en qualit\u00e9 de  \ndirectrice d\u00e9partementale des territoires de la C\u00f4te-d'Or\nVU l'arr\u00eat\u00e9 minist\u00e9riel du 23 mars 2021 nommant Mme Nadine MUCKENSTURM en qualit\u00e9  \nde directrice d\u00e9partementale adjointe des territoires de la C\u00f4te-d'Or\nDirection d\u00e9partementale des territoires de la C\u00f4te-d'Or\n57 rue de Mulhouse- BP 53317 - 21033 DIJON cedex\nt\u00e9l : 03 80 29 44 44 \u2013 Courriel : ddt@cote-dor.gouv.fr\nPr\u00e9fecture de la C\u00f4te-d'Or - 21-2025-04-16-00002 - arr\u00eat\u00e9 576 du 16 avril 2025 d\u00e9l\u00e9gation-signature ANRU 11\n2\nARR\u00caTE\nArticle 1er :\nD\u00e9l\u00e9gation de signature est donn\u00e9e \u00e0 Mme  Manuelle DUPUY , directrice d\u00e9partementale  \ndes territoires de la C\u00f4te-d'Or, en qualit\u00e9 de d\u00e9l\u00e9gu\u00e9e territoriale adjointe de l'Agence  \nnationale pour la r\u00e9novation urbaine (ANRU) dans le d\u00e9partement de la C\u00f4te-d'Or, pour  \nsigner :\n-  les  documents  et  courriers  aff\u00e9rents  \u00e0  la  gestion  et  \u00e0  l'instruction  des  dossiers  \nd'op\u00e9rations \u00e9ligibles aux aides de l'ANRU\n-  les  d\u00e9cisions  attributives  de  subvention  des  programmes  de  r\u00e9novation  urbaine  du \nNPNRU\n- les d\u00e9cisions d'autorisation de pr\u00eats bonifi\u00e9s Action Logement du NPNRU.\nArticle 2 : \nEn cas d'absence ou d'emp\u00eachement du d\u00e9l\u00e9gataire mentionn\u00e9 \u00e0 l'article 1, d\u00e9l\u00e9gation est  \ndonn\u00e9e  \u00e0  Madame  Nadine  MUCKENSTURM,  en  qualit\u00e9  de  directrice  d\u00e9partementale \nadjointe des territoires de la C\u00f4te-d'Or, aux fins de signer l'ensemble des actes mentionn\u00e9s \naudit article.\nArticle 3 :\nCette  d\u00e9l\u00e9gation  sera  applicable  \u00e0  compter  de  sa  publication  au  recueil  des  actes  \nadministratifs.\n Article 4 :\nLe secr\u00e9taire g\u00e9n\u00e9ral de la pr\u00e9fecture de la C\u00f4te-d'Or et la directrice d\u00e9partementale des  \nterritoires de la C\u00f4te-d'Or, d\u00e9l\u00e9gu\u00e9e territoriale adjointe de l'ANRU sont en charge, chacun \nen ce qui le concerne, de l'application du pr\u00e9sent arr\u00eat\u00e9 qui sera publi\u00e9 au recueil des  \nactes administratifs de la pr\u00e9fecture de la C\u00f4te-d'Or.\nUne copie de cet arr\u00eat\u00e9 sera transmise \u00e0 la direction en charge des finances de l'ANRU.\nFait \u00e0 Dijon, le 16 AVRIL 2025\nLe pr\u00e9fet,\nD\u00e9l\u00e9gu\u00e9 territorial de l'Agence Nationale \npour la R\u00e9novation Urbaine\nSign\u00e9 :\nPaul MOURIER\nDirection d\u00e9partementale des territoires de la C\u00f4te-d'Or\n57 rue de Mulhouse- BP 53317 - 21033 DIJON cedex\nt\u00e9l : 03 80 29 44 44 \u2013 Courriel : ddt@cote-dor.gouv.fr\nPr\u00e9fecture de la C\u00f4te-d'Or - 21-2025-04-16-00002 - arr\u00eat\u00e9 576 du 16 avril 2025 d\u00e9l\u00e9gation-signature ANRU 12\nPr\u00e9fecture de la C\u00f4te-d'Or\nP\u00f4le juridique inter-services\n21-2025-04-14-00009\nArr\u00eat\u00e9 de d\u00e9l\u00e9gation de signature \u00e0 Monsieur\nBertrand LEPOUTERE, Directeur par int\u00e9rim du\nService d\u00e9partemental d'incendie et de secours\nde la C\u00f4te d'Or\nPr\u00e9fecture de la C\u00f4te-d'Or - 21-2025-04-14-00009 - Arr\u00eat\u00e9 de d\u00e9l\u00e9gation de signature \u00e0 Monsieur Bertrand LEPOUTERE, Directeur par\nint\u00e9rim du Service d\u00e9partemental d'incendie et de secours de la C\u00f4te d'Or 13\nExPREFETDE LACOTE-D'ORLibert\u00e9Egalit\u00e9Fraternit\u00e9\nArr\u00eat\u00e9 de d\u00e9l\u00e9gation de signature \u00e0 Monsieur Bertrand LEPOUTERE, Directeur par int\u00e9rim \ndu Service d\u00e9partemental d'incendie et de secours de la C\u00f4te d'Or\nN\u00b0 575\nLe Pr\u00e9fet de la C\u00f4te-d'Or\nVu le Code g\u00e9n\u00e9ral des collectivit\u00e9s territoriales et  notamment son  article L 1424-33 relatif aux  \nmissions et \u00e0 la d\u00e9l\u00e9gation de signature du Directeur d\u00e9partemental des services d'incendie et de  \nsecours;\nVu la loi n\u00b0 82-213 du 2 mars 1982 modifi\u00e9e, relative aux droits et libert\u00e9s des communes, des  \nd\u00e9partements et des r\u00e9gions, et notamment son article 34 ; \nVu le d\u00e9cret n\u00b0 2004-374 du 29 avril 2004 modifi\u00e9 relatif aux pouvoirs des pr\u00e9fets, \u00e0 l'organisation  \ndes services de l'\u00c9tat dans les r\u00e9gions et d\u00e9partements, notamment son article 43-12\u00b0 ;\nVu le d\u00e9cret du pr\u00e9sident de la R\u00e9publique en date  du 10 octobre 2024 po rtant nomination de  \nMonsieur Paul MOURIER, en qualit\u00e9 de Pr\u00e9fet de la R\u00e9gion Bourgogne-Franche-Comt\u00e9, Pr\u00e9fet de  \nla C\u00f4te-d'Or ;\nVu  l'arr\u00eat\u00e9  conjoint  n\u00b0  2024/1578  du  Ministre  de  l'Int\u00e9rieur  et  du  Pr\u00e9sident  du  conseil \nd'administration du service d\u00e9partemental d'incendie et de secours de la C\u00f4te-d'Or en date du 17  \njuillet  2024,  d\u00e9tachant  Monsieur  Bertrand  LEPOUTERE,  Colonel  de  sapeurs-pompiers  \nprofessionnels,  sur  l'emploi  fonctionnel  de  Directeur  d\u00e9partemental  adjoint  du  Service  \nd\u00e9partemental d'incendie et de secours de la C\u00f4te-d'Or \u00e0 compter du 15 juillet 2024 ; \nVu l'arr\u00eat\u00e9 pr\u00e9fectoral n\u00b0 1661 du 28 octobre 2024 donnant d\u00e9l\u00e9gation de signature \u00e0 Monsieur  \nR\u00e9gis DEZA, Contr\u00f4leur g\u00e9n\u00e9ral de sapeurs-pompiers professionnels, Directeur d\u00e9partemental du  \nService d\u00e9partemental d'incendie et de secours de C\u00f4te-d'Or ;\nPr\u00e9fecture de la C\u00f4te-d'Or - 21-2025-04-14-00009 - Arr\u00eat\u00e9 de d\u00e9l\u00e9gation de signature \u00e0 Monsieur Bertrand LEPOUTERE, Directeur par\nint\u00e9rim du Service d\u00e9partemental d'incendie et de secours de la C\u00f4te d'Or 14\nARR\u00caTE\nArticle 1er :  L'arr\u00eat\u00e9 pr\u00e9fectoral n\u00b0 1661 du 28 octobre 2024 donnant d\u00e9l\u00e9gation de signature \u00e0  \nMonsieur  R\u00e9gis  DEZA,  Contr\u00f4leur  g\u00e9n\u00e9ral  de  sapeurs-pompiers  professionnels,  Directeur  du \nService d\u00e9partemental d'incendie et de secours de C\u00f4te-d'Or et toutes dispositions ant\u00e9rieures au  \npr\u00e9sent arr\u00eat\u00e9 sont abrog\u00e9s.\nArticle 2 :  D\u00e9l\u00e9gation  de  signature  est  donn\u00e9e  \u00e0  Monsieur  Bertrand  LEPOUTERE,  Directeur \nd\u00e9partemental par int\u00e9rim du Service d\u00e9partemental d'incendie et de secours de la C\u00f4te-d'Or, \u00e0  \nl'effet de signer tous les actes, d\u00e9cisions, instructions et correspondances d\u00e9volus au pr\u00e9fet relatifs :\n\u2022 \u00e0 la direction op\u00e9rationnelle du service d\u00e9partemental d'incendie et de secours et de son  \ncorps d\u00e9partemental de sapeurs-pompiers,\n\u2022 \u00e0 la direction des actions de pr\u00e9vention relevant du service d\u00e9partemental d'incendie et de  \nsecours,\n\u2022 au contr\u00f4le et \u00e0 la coordination de l'ensemble des corps communaux et intercommunaux du \nd\u00e9partement,\n\u2022 \u00e0 la mise en \u0153uvre op\u00e9rationnelle de l'ensemble des moyens de secours et de lutte contre  \nl'incendie.\nArticle 3 : Sont exclus du champ de cette d\u00e9l\u00e9gation :\n\u2022 les arr\u00eat\u00e9s,\n\u2022 les conventions et rapports adress\u00e9s au pr\u00e9sident de la R\u00e9publique, au Premier ministre, aux \nministres, parlementaires,\n\u2022 les conventions interd\u00e9partementales de mise en \u0153uvre op\u00e9rationnelle,\n\u2022 les conventions d'assistance op\u00e9rationnelle.\nArticle 4 : Le pr\u00e9sent arr\u00eat\u00e9, qui sera publi\u00e9 au Recueil des actes administratifs de la Pr\u00e9fecture de  \nla C\u00f4te-d'Or, prend effet le 1er avril 2025.\nArticle 5 :  Le  pr\u00e9sent  arr\u00eat\u00e9  peut  faire  l'objet  d'un  recours  contentieux  aupr\u00e8s  du  tribunal \nadministratif de Dijon, dans un d\u00e9lai de deux mois \u00e0 compter de sa publication.\nArticle 6 : Monsieur le Secr\u00e9taire g\u00e9n\u00e9ral de la Pr\u00e9fecture de la C\u00f4te-d'Or et Monsieur le Directeur  \nd\u00e9partemental par int\u00e9rim du Service d\u00e9partemental d'incendie et de secours de la C\u00f4te-d'Or sont  \ncharg\u00e9s, chacun en ce qui le concerne, de l'ex\u00e9cution du pr\u00e9sent arr\u00eat\u00e9 qui sera publi\u00e9 au recueil des  \nactes administratifs de la pr\u00e9fecture et notifi\u00e9 au d\u00e9l\u00e9gataire.\nFait \u00e0 Dijon, le 14 avril 2025\nLe Pr\u00e9fet,\nSign\u00e9 :\nPaul MOURIER\nPr\u00e9fecture de la C\u00f4te-d'Or - 21-2025-04-14-00009 - Arr\u00eat\u00e9 de d\u00e9l\u00e9gation de signature \u00e0 Monsieur Bertrand LEPOUTERE, Directeur par\nint\u00e9rim du Service d\u00e9partemental d'incendie et de secours de la C\u00f4te d'Or 15\nPr\u00e9fecture de la C\u00f4te-d'Or\nP\u00f4le juridique inter-services\n21-2025-04-14-00007\nARR\u00eaT\u00e9 PR\u00e9FECTORAL n\u00b0 573 / SG du 14 avril\n2025   \ndonnant d\u00e9l\u00e9gation de signature \u00e0 Mme H\u00e9l\u00e8ne\nCROCQUEVIEILLE, Directrice r\u00e9gionale des\nfinances publiques de\nBourgogne-Franche-Comt\u00e9 et du d\u00e9partement\nde la C\u00f4te-d'Or, pour les actes relevant du\npouvoir adjudicateur\nPr\u00e9fecture de la C\u00f4te-d'Or - 21-2025-04-14-00007 - ARR\u00eaT\u00e9 PR\u00e9FECTORAL n\u00b0 573 / SG du 14 avril 2025   \ndonnant d\u00e9l\u00e9gation de signature \u00e0 Mme H\u00e9l\u00e8ne CROCQUEVIEILLE, Directrice r\u00e9gionale des finances publiques de\nBourgogne-Franche-Comt\u00e9 et du d\u00e9partement de la C\u00f4te-d'Or, pour les actes relevant du pouvoir adjudicateur\n16\nPREFETDE LACOTE-D'ORLibert\u00e9Egalit\u00e9Fraternit\u00e9\nSECR\u00c9TARIAT G\u00c9N\u00c9RAL\nDirection de la coordination et des politiques publiques\net de l'appui territorial\nArr\u00eat\u00e9 pr\u00e9fectoral n\u00b0 573 / SG du 14 avril 2025   \ndonnant d\u00e9l\u00e9gation de signature \u00e0 Mme H\u00e9l\u00e8ne CROCQUEVIEILLE, Directrice r\u00e9gionale des \nfinances publiques de Bourgogne-Franche-Comt\u00e9 et du d\u00e9partement de la C\u00f4te-d'Or, pour les actes \nrelevant du pouvoir adjudicateur.\nLe pr\u00e9fet de la C\u00f4te-d'Or\nVU la loi n\u00b082-213 du 2 mars 1982 relative aux droits et libert\u00e9s communes, des d\u00e9partements et des  \nr\u00e9gions ;\nVU la  loi  d'orientation  n\u00b092-125  du  6  f\u00e9vrier  1992  relative  \u00e0  l'administration  territoriale  de  la \nR\u00e9publique ;\nVU le code des march\u00e9s publics ;\nVU le d\u00e9cret n\u00b092-604 du 1er juillet 1992 modifi\u00e9 portant charte de d\u00e9concentration ;\nVU le d\u00e9cret n\u00b02004-374 du 29 avril 2004 relatif au pouvoir des Pr\u00e9fets, \u00e0 l'organisation et \u00e0 l'action des  \nservices de l'\u00c9tat dans les r\u00e9gions et les d\u00e9partements, modifi\u00e9 par le d\u00e9cret n\u00b02010-146 du 16 f\u00e9vrier  \n2010 et par le d\u00e9cret  n\u00b02010-687 du 24 juin 2010 ;\nVU le d\u00e9cret n\u00b02009-208 du 20 f\u00e9vrier 2009 relatif au statut particulier des administrateurs des finances  \npubliques ;\nVU le d\u00e9cret n\u00b02009-707 du 16 juin 2009 modifi\u00e9 relatif aux services d\u00e9concentr\u00e9s de la direction  \ng\u00e9n\u00e9rale des finances publiques ;\nVU le d\u00e9cret n\u00b0 2012-1246 du 7 novembre 2012 relatif \u00e0 la gestion budg\u00e9taire et comptable publique ;\nVU le d\u00e9cret du 10 octobre 2024, nommant M. Paul MOURIER, Pr\u00e9fet de la r\u00e9gion Bourgogne-Franche-\nComt\u00e9, pr\u00e9fet de la C\u00f4te-d'Or ;\nVU le d\u00e9cret du 5 d\u00e9cembre 2022 de la direction g\u00e9n\u00e9rale des finances publiques par lequel Mme H\u00e9l\u00e8ne \nCROCQUEVIEILLE, administratrice g\u00e9n\u00e9rale des finances publiques , est nomm \u00e9e directrice r\u00e9gionale \ndes finances publiques de Bourgogne-Franche-Comt\u00e9 et du d\u00e9partement de la C\u00f4te-d'Or , \u00e0 compter du  \n20 d\u00e9cembre 2022 ;\nVU l'arr\u00eat\u00e9 pr\u00e9fectoral  n\u00b0 1674/SG du 28 octobre 2024, donnant d\u00e9l\u00e9gation de signature \u00e0 Mme H\u00e9l\u00e8ne  \nCROCQUEVIEILLE, directrice  r\u00e9gionale  des finances publiques de Bourgogne-Franche-Comt\u00e9 et du  \nd\u00e9partement de la C\u00f4te-d'Or, et \u00e0 Mme Armelle BURDY , responsable du p\u00f4le pilotage et ressources \u00e0 la \ndirection r\u00e9gionale des finances publiques de la Bourgogne-Franche-Comt\u00e9 et du d\u00e9partement de la  \nC\u00f4te-d'Or, pour les actes relevant du pouvoir adjudicateur ;\nPr\u00e9fecture de la C\u00f4te-d'Or - 21-2025-04-14-00007 - ARR\u00eaT\u00e9 PR\u00e9FECTORAL n\u00b0 573 / SG du 14 avril 2025   \ndonnant d\u00e9l\u00e9gation de signature \u00e0 Mme H\u00e9l\u00e8ne CROCQUEVIEILLE, Directrice r\u00e9gionale des finances publiques de\nBourgogne-Franche-Comt\u00e9 et du d\u00e9partement de la C\u00f4te-d'Or, pour les actes relevant du pouvoir adjudicateur\n17\n- 2 -\nA R R E T E\nArticle 1 : L'arr\u00eat\u00e9 pr\u00e9fectoral n\u00b01674/SG du 28 octobre 2024 donnant d\u00e9l\u00e9gation de signature \u00e0 Mme \nH\u00e9l\u00e8ne CROCQUEVIEILLE, directrice r\u00e9gionale des finances publiques de Bourgogne-Franche-Comt\u00e9  \net du d\u00e9partement de la C\u00f4te-d'Or, et \u00e0 Mme Armelle BURDY , responsable du p\u00f4le pilotage et ressources \n\u00e0 la direction r\u00e9gionale des finances publiques de la Bourgogne-Franche-Comt\u00e9 et du d\u00e9partement de la  \nC\u00f4te-d'Or, pour les actes relevant du pouvoir adjudicateur , et toutes dispositions ant\u00e9rieures contraires au  \npr\u00e9sent arr\u00eat\u00e9 sont abrog\u00e9s.\nArticle 2     :   D\u00e9l\u00e9gation de signature est donn\u00e9e \u00e0 Mme H\u00e9l\u00e8ne CROCQUEVIEILLE , directrice r\u00e9gionale \ndes  finances  publiques  de  Bourgogne-Franche-Comt\u00e9  et  du  d\u00e9partement  de  la  C\u00f4te-d'Or,  \u00e0  l'effet \nde signer, dans la mesure o\u00f9 ils rel\u00e8vent de ses attributions, les actes relevant du pouvoir adjudicateur, \u00e0  \nl'exception de ceux portant engagement, liquidation et ordonnancement au sens du d\u00e9cret n\u00b0 2012-1246  \ndu 7 novembre 2012.\nArticle    3     :   Mmes  H\u00e9l\u00e8ne CROCQUEVIEILLE  peut, en tant  que de besoin et sous sa responsabilit\u00e9,  \ndonner d\u00e9l\u00e9gation de signature aux agents plac\u00e9s sous son autorit\u00e9 dans les conditions pr\u00e9vues par  \nl'article 44 du d\u00e9cret n\u00b02004-374 du 29 avril 2004 modifi\u00e9.\nArticle 4 : Le pr\u00e9sent arr\u00eat\u00e9 prendra effet le 14 avril 2025.\nArticle 5     : Le secr\u00e9taire g\u00e9n\u00e9ral de la pr\u00e9fecture de la C\u00f4te-d'Or et la  directrice r\u00e9gionale des finances \npubliques de Bourgogne-Franche-Comt\u00e9 et du d\u00e9partement de la C\u00f4te-d'Or sont charg\u00e9s, chacun en ce qui \nle concerne, de l'ex\u00e9cution du pr\u00e9sent arr\u00eat\u00e9 qui sera publi\u00e9 au recueil des actes administratifs de la  \npr\u00e9fecture de la C\u00f4te-d'Or.\nFait \u00e0 Dijon, le 14 avril 2025\nLe Pr\u00e9fet,\nSign\u00e9\u00a0:\nPaul MOURIER \nPr\u00e9fecture de la C\u00f4te-d'Or - 21-2025-04-14-00007 - ARR\u00eaT\u00e9 PR\u00e9FECTORAL n\u00b0 573 / SG du 14 avril 2025   \ndonnant d\u00e9l\u00e9gation de signature \u00e0 Mme H\u00e9l\u00e8ne CROCQUEVIEILLE, Directrice r\u00e9gionale des finances publiques de\nBourgogne-Franche-Comt\u00e9 et du d\u00e9partement de la C\u00f4te-d'Or, pour les actes relevant du pouvoir adjudicateur\n18\nPr\u00e9fecture de la C\u00f4te-d'Or\nP\u00f4le juridique inter-services\n21-2025-04-14-00008\nArr\u00eat\u00e9 pr\u00e9fectoral n\u00b0 574 du 14 avril 2025              \n        \ndonnant d\u00e9l\u00e9gation de signature en mati\u00e8re\nd'ordonnancement secondaire et de\ncomptabilit\u00e9 g\u00e9n\u00e9rale de l'\u00c9tat \u00e0 Monsieur\nGuillaume MERTZWEILLER, Directeur par int\u00e9rim\ndu p\u00f4le pilotage et ressources de la Direction\nr\u00e9gionale des finances publiques de\nBourgogne-Franche-Comt\u00e9 et du d\u00e9partement\nde la C\u00f4te-d'Or\nPr\u00e9fecture de la C\u00f4te-d'Or - 21-2025-04-14-00008 - Arr\u00eat\u00e9 pr\u00e9fectoral n\u00b0 574 du 14 avril 2025                       \ndonnant d\u00e9l\u00e9gation de signature en mati\u00e8re d'ordonnancement secondaire et de comptabilit\u00e9 g\u00e9n\u00e9rale de l'\u00c9tat \u00e0 Monsieur\nGuillaume MERTZWEILLER, Directeur par int\u00e9rim du p\u00f4le pilotage et ressources de la Direction r\u00e9gionale des finances publiques de\nBourgogne-Franche-Comt\u00e9 et du d\u00e9partement de la C\u00f4te-d'Or\n19\nPREFETDE LACOTE-D'ORLibert\u00e9Egalit\u00e9Fraternit\u00e9\nSECR\u00c9TARIAT G\u00c9N\u00c9RAL\nDirection de la coordination et des politiques publiques\net de l'appui territorial\nArr\u00eat\u00e9 pr\u00e9fectoral n\u00b0 574 du 14 avril 2025                       \ndonnant d\u00e9l\u00e9gation  de  signature  en  mati\u00e8re  d'ordonnancement  secondaire  et  de  comptabilit\u00e9 \ng\u00e9n\u00e9rale  de  l'\u00c9tat  \u00e0  Monsieur  Guillaume  MERTZWEILLER,  Directeur  par  int\u00e9rim  du  p\u00f4le \npilotage  et  ressources  de  la  Direction  r\u00e9gionale  des  finances  publiques  de  Bourgogne-Franche-\nComt\u00e9 et du d\u00e9partement de la C\u00f4te-d'Or.\nVU la loi organique n\u00b02001-692 du 1er ao\u00fbt 2001 relative aux lois de finances ;\nVU la  loi  n\u00b0  82-213  du  2  mars  1982  relative  aux  droits  et  libert\u00e9s  communes,  des \nd\u00e9partements et des r\u00e9gions ;\nVU la loi d'orientation n\u00b092-125 du 6 f\u00e9vrier 1992 relative \u00e0 l'administration territoriale de la  \nR\u00e9publique ;\nVU le d\u00e9cret n\u00b092-604 du 1er juillet 1992 modifi\u00e9 portant charte de d\u00e9concentration ;\nVU le d\u00e9cret n\u00b0 2004-374 du 29 avril 2004 relatif au pouvoir des Pr\u00e9fets, \u00e0 l'organisation et \u00e0  \nl'action des services de l'\u00c9tat dans les r\u00e9gions et les d\u00e9partements, modifi\u00e9 par le d\u00e9cret n\u00b02010-146 du  \n16 f\u00e9vrier 2010 et par le d\u00e9cret n\u00b02010-687 du 24 juin 2010 ;\nVU le  d\u00e9cret  n\u00b02009-208  du  20  f\u00e9vrier  2009  modifi\u00e9 relatif  au  statut  particulier  des \nadministrateurs des finances publiques ;\nVU le d\u00e9cret n\u00b02009-707 du 16 juin 2009 modifi\u00e9 relatif aux services d\u00e9concentr\u00e9s de la  \ndirection g\u00e9n\u00e9rale des finances publiques ;\nVU le d\u00e9cret n\u00b02012-1246 du 7 novembre 2012  modifi\u00e9 re latif \u00e0 la gestion budg\u00e9taire et  \ncomptable publique ;\nVU le  d\u00e9cret  du  10  octobre  2024,  nommant  M. Paul  MOURIER, Pr\u00e9fet  de  la  r\u00e9gion \nBourgogne-Franche-Comt\u00e9, pr\u00e9fet de la C\u00f4te-d'Or ;\nVU l'arr\u00eat\u00e9 du Ministre de l'\u00e9conomie et des finances du 4 d\u00e9cembre 2024 portant affectation  \nde  M.  Guillaume  MERTZWEILLER,  chef  de  service  administratif,  \u00e0  la  direction  r\u00e9gionale  des \nfinances publiques de la Bourgogne et du d\u00e9partement de la C\u00f4te-d'Or ;\nVU l'arr\u00eat\u00e9  pr\u00e9fectoral  n\u00b0  1678  du  28  octobre  2024  donnant  d\u00e9l\u00e9gation  de  signature \u00e0  \nMadame Armelle BURDY , Directrice du p\u00f4le pilotage et ressources de la Direction r\u00e9gionale des  \nfinances  publiques  de  Bourgogne-Franche-Comt\u00e9  et  du  d\u00e9partement  de  la  C\u00f4te  d'Or,  en  mati\u00e8re \nd'ordonnancement secondaire ;\nPr\u00e9fecture de la C\u00f4te-d'Or - 21-2025-04-14-00008 - Arr\u00eat\u00e9 pr\u00e9fectoral n\u00b0 574 du 14 avril 2025                       \ndonnant d\u00e9l\u00e9gation de signature en mati\u00e8re d'ordonnancement secondaire et de comptabilit\u00e9 g\u00e9n\u00e9rale de l'\u00c9tat \u00e0 Monsieur\nGuillaume MERTZWEILLER, Directeur par int\u00e9rim du p\u00f4le pilotage et ressources de la Direction r\u00e9gionale des finances publiques de\nBourgogne-Franche-Comt\u00e9 et du d\u00e9partement de la C\u00f4te-d'Or\n20\nA R R \u00ca T E   :\nArticle 1 : l'arr\u00eat\u00e9 pr\u00e9fectoral n\u00b0 1678 du 28 octobre 2024 donnant d\u00e9l\u00e9gation de signature \u00e0 Madame \nArmelle BURDY , responsable du p\u00f4le pilotage et ressources de la Direction r\u00e9gionale des finances  \npubliques  de  Bourgogne-Franche-Comt\u00e9  et  du  d\u00e9partement  de  la  C\u00f4te-d'Or  en  mati\u00e8re  \nd'ordonnancement  secondaire,  et  toutes  dispositions  ant\u00e9rieures  contraires  au  pr\u00e9sent  arr\u00eat\u00e9  sont \nabrog\u00e9s ;\nArticle 2     :D\u00e9l\u00e9gation de signature est donn\u00e9e \u00e0  M. Guillaume MERTZWEILLER, chef de service  \nadministratif, \u00e0 effet de :\n \uf0e8 signer, dans la limite de ses attributions et comp\u00e9tences, tout document, acte, d\u00e9cision,  \ncontrat, conclusion, m\u00e9moire et, d'une fa\u00e7on plus g\u00e9n\u00e9rale, tous les actes se traduisant par  \nl'ordonnancement  de  d\u00e9penses  ou  de  recettes  se  rapportant  au  fonctionnement  ou  \u00e0 \nl'\u00e9quipement de la direction r\u00e9gionale des finances publiques de Bourgogne-Franche-Comt\u00e9  \net du d\u00e9partement de la C\u00f4te-d'Or, ainsi que l'ordonnancement de toute recette se rapportant  \naux attributions et activit\u00e9s de la  direction r\u00e9gionale des finances publiques de Bourgogne-\nFranche-Comt\u00e9 et du d\u00e9partement de la C\u00f4te-d'Or ;\n recevoir les cr\u00e9dits des programmes suivants\uf0e8  :\n\u2022 n\u00b0 156 \u00ab Gestion fiscale et financi\u00e8re de l'\u00c9tat et du secteur public local \u00bb\n\u2022 n\u00b0 218 \u00ab Conduite et pilotage des politiques \u00e9conomique et financi\u00e8re \u00bb\n\u2022 n\u00b0 348 \u00ab performance et r\u00e9silience des b\u00e2timents de l'\u00c9tat et de ses op\u00e9rateurs \u00bb\n\u2022 n\u00b0 723 \u00ab Op\u00e9rations immobili\u00e8res nationales et des administrations centrales \u00bb\n\u2022 n\u00b0 362 \u00ab \u00c9cologie \u00bb\n proc\u00e9der \u00e0 l'ordonnancement secondaire des recettes et des d\u00e9penses de l'\u00c9tat, pour  \uf0e8 la \ndirection r\u00e9gionale des finances publiques de Bourgogne-Franche-Comt\u00e9 et du d\u00e9partement  \nde la C\u00f4te-d'Or  imput\u00e9es sur les titres 2, 3 et 5 des programmes pr\u00e9cit\u00e9s ainsi sur le compte  \nde commerce n\u00b0 907 \u2013 \u00ab  op\u00e9rations commerciales des domaines  \u00bb au titre de la gestion  \nfinanci\u00e8re de la Cit\u00e9 Administrative Dampierre de Dijon.\nCette d\u00e9l\u00e9gation porte sur l'engagement, la liquidation et le mandatement des d\u00e9penses, ainsi  \nque sur l'\u00e9mission et la signature des titres de recettes.\nArticle 3     : D\u00e9l\u00e9gation de signature est donn\u00e9e \u00e0  M. Guillaume MERTZWEILLER, chef de service  \nadministratif, \u00e0 effet de signer, dans la limite de ses attributions et comp\u00e9tences, toute d\u00e9claration de  \nconformit\u00e9  en  mati\u00e8re  d'op\u00e9rations  d'inventaire  et,  d'une  fa\u00e7on  plus  g\u00e9n\u00e9rale,  tous  les  actes  se \ntraduisant par la constatation des droits et obligations et l'inventaire des biens se rapportant \u00e0 l'activit\u00e9  \nfinanci\u00e8re  de  la  direction  r\u00e9gionale  des  finances  publiques  de  Bourgogne-Franche-Comt\u00e9  et  du \nd\u00e9partement de la C\u00f4te-d'Or.\nArticle 4 : Demeurent r\u00e9serv\u00e9s \u00e0 ma signature :\n- les ordres de r\u00e9quisition du comptable public ;\n- les d\u00e9cisions de passer outre aux refus de visas et aux avis d\u00e9favorables de l'autorit\u00e9 charg\u00e9e  \ndu contr\u00f4le financier en mati\u00e8re d'engagement des d\u00e9penses ;\n- l'ordonnancement secondaire des d\u00e9penses de l'\u00c9tat du programme 833 \u2013 Avances sur le  \nmontant  des  impositions  revenant  aux  r\u00e9gions,  d\u00e9partements,  communes,  \u00e9tablissements  et \ndivers organismes.\nArticle 5     :  M. Guillaume MERTZWEILLER , peut,  en tant que de besoin et sous sa responsabilit\u00e9,  \ndonner d\u00e9l\u00e9gation de signature aux agents plac\u00e9s sous son autorit\u00e9 dans les conditions pr\u00e9vues par  \nl'article 38 du d\u00e9cret n\u00b0 2004-374 modifi\u00e9 du 29 avril 2004.\nPr\u00e9fecture de la C\u00f4te-d'Or - 21-2025-04-14-00008 - Arr\u00eat\u00e9 pr\u00e9fectoral n\u00b0 574 du 14 avril 2025                       \ndonnant d\u00e9l\u00e9gation de signature en mati\u00e8re d'ordonnancement secondaire et de comptabilit\u00e9 g\u00e9n\u00e9rale de l'\u00c9tat \u00e0 Monsieur\nGuillaume MERTZWEILLER, Directeur par int\u00e9rim du p\u00f4le pilotage et ressources de la Direction r\u00e9gionale des finances publiques de\nBourgogne-Franche-Comt\u00e9 et du d\u00e9partement de la C\u00f4te-d'Or\n21\nArticle 6 : Le pr\u00e9sent arr\u00eat\u00e9 prendra effet le 14 avril 2025.\nArticle 7     : Le secr\u00e9taire g\u00e9n\u00e9ral de la pr\u00e9fecture de la C\u00f4te-d'Or et la directrice r\u00e9gionale des finances \npubliques de Bourgogne-Franche-Comt\u00e9 et du d\u00e9partement de la C\u00f4te-d'Or , sont charg\u00e9s, chacun en ce \nqui le concerne, de l'ex\u00e9cution du pr\u00e9sent arr\u00eat\u00e9 qui sera  applicable \u00e0 compter de sa publication au  \nrecueil des actes administratifs  de la pr\u00e9fecture de la C\u00f4te-d'Or.\nFait \u00e0 Dijon, le  14 avril 2025                                \nLe Pr\u00e9fet ,\nSign\u00e9 :\nPaul MOURIER \nPr\u00e9fecture de la C\u00f4te-d'Or - 21-2025-04-14-00008 - Arr\u00eat\u00e9 pr\u00e9fectoral n\u00b0 574 du 14 avril 2025                       \ndonnant d\u00e9l\u00e9gation de signature en mati\u00e8re d'ordonnancement secondaire et de comptabilit\u00e9 g\u00e9n\u00e9rale de l'\u00c9tat \u00e0 Monsieur\nGuillaume MERTZWEILLER, Directeur par int\u00e9rim du p\u00f4le pilotage et ressources de la Direction r\u00e9gionale des finances publiques de\nBourgogne-Franche-Comt\u00e9 et du d\u00e9partement de la C\u00f4te-d'Or\n22","date":"2025-04-17","first_seen_on":"2025-09-14T02:53:12+00:00","id":"1b814726dbb166512619f559a4041a2d78ff9b929925c46f3bb55487dd8522c6","name":"RAA n\u00b0 054 du 17 avril 2025","pdf_creation_date":"2025-04-17T14:05:57+00:00","pdf_modification_date":null,"timezone":"Europe/Paris","url":"https://www.cote-dor.gouv.fr/contenu/telechargement/23165/176779/file/recueil-21-2025-054-recueil-des-actes-administratifs-nominatifs.pdf"}
