{"administration":"pref03","administration_name":"Pr\u00e9fecture de l\u2019Allier","content":"ALLIER\nRECUEIL DES ACTES\nADMINISTRATIFS SP\u00c9CIAL\nN\u00b003-2025-183\nPUBLI\u00c9 LE  3 NOVEMBRE 2025\nSommaire\n03_Pr\u00e9f_Pr\u00e9fecture de l'Allier / Direction de la Coordination des\nPolitiques Publique\n03-2025-10-31-00002 - Extrait de l'arr\u00eat\u00e9 n\u00b02411 bis/2025 du 31 octobre\n2025 portant d\u00e9l\u00e9gation de signature \u00e0 Madame C\u00e9cile du CLUZEL,\ndirectrice de la s\u00e9curit\u00e9 de l'aviation civile Centre-Est (3 pages) Page 3\n2\n03_Pr\u00e9f_Pr\u00e9fecture de l'Allier\n03-2025-10-31-00002\nExtrait de l'arr\u00eat\u00e9 n\u00b02411 bis/2025 du 31 octobre\n2025 portant d\u00e9l\u00e9gation de signature \u00e0 Madame\nC\u00e9cile du CLUZEL, directrice de la s\u00e9curit\u00e9 de\nl'aviation civile Centre-Est\n03_Pr\u00e9f_Pr\u00e9fecture de l'Allier - 03-2025-10-31-00002 - Extrait de l'arr\u00eat\u00e9 n\u00b02411 bis/2025 du 31 octobre 2025 portant d\u00e9l\u00e9gation de\nsignature \u00e0 Madame C\u00e9cile du CLUZEL, directrice de la s\u00e9curit\u00e9 de l'aviation civile Centre-Est 3\nPREFETDEL'ALLIERLibert\u00e9Egalit\u00e9Fraternit\u00e9\nExtrait de l'arr\u00eat\u00e9 n\u00b0 2411 bis/2025 du 31 octobre 2025\nportant d\u00e9l\u00e9gation de signature\n\u00e0 Madame C\u00e9cile du CLUZEL,\ndirectrice de la s\u00e9curit\u00e9 de l'aviation civile Centre-Est\nArticle     1   :\u00a0D\u00e9l\u00e9gation\u00a0de\u00a0signature\u00a0est\u00a0donn\u00e9e\u00a0\u00e0\u00a0Mme C\u00e9cile du CLUZEL,\u00a0directrice\u00a0de\u00a0la\u00a0s\u00e9curit\u00e9\nde\u00a0l'aviation\u00a0civile\u00a0Centre-Est,\u00a0\u00e0\u00a0l'effet\u00a0de\u00a0signer,\u00a0dans\u00a0le\u00a0cadre\u00a0de\u00a0ses\u00a0attributions\u00a0et\u00a0comp\u00e9tences,\nles\u00a0d\u00e9cisions\u00a0suivantes\u00a0:\nN\u00b0 Nature\u00a0de\u00a0la\u00a0d\u00e9cision R\u00e9f\u00e9rences\n1\nR\u00e9tention\u00a0d'a\u00e9ronef\u00a0fran\u00e7ais\u00a0ou\u00a0\u00e9tranger\u00a0qui\u00a0ne\u00a0remplit\npas\u00a0les\u00a0conditions\u00a0pr\u00e9vues\u00a0par\u00a0le\u00a0code\u00a0des\u00a0transports\npour\u00a0se\u00a0livrer\u00a0\u00e0\u00a0la\u00a0circulation\u00a0a\u00e9rienne\u00a0ou\u00a0dont\u00a0le\u00a0pilote\u00a0a\ncommis\u00a0une\u00a0infraction\u00a0au\u00a0sens\u00a0de\u00a0ce\u00a0code\nArticles\u00a0L.6231-1\u00a0et\u00a0L.6231-2\u00a0du\ncode\u00a0des\u00a0transports\n2 D\u00e9cisions \u00a0 de \u00a0 d\u00e9livrance \u00a0 des \u00a0 titres \u00a0 de \u00a0 circulation\npermettant\u00a0l'acc\u00e8s\u00a0et\u00a0la\u00a0circulation\u00a0en\u00a0zone\u00a0c\u00f4t\u00e9\u00a0piste\u00a0ou\nen\u00a0zone\u00a0de\u00a0s\u00fbret\u00e9\u00a0\u00e0\u00a0l'acc\u00e8s\u00a0r\u00e9glement\u00e9\u00a0des\u00a0a\u00e9rodromes\nArticles\u00a0R.6342-14\u00a0et\u00a0R.6342-24\ndu\u00a0code\u00a0des\u00a0transports\n3 D\u00e9rogations\u00a0aux\u00a0hauteurs\u00a0minimales\u00a0de\u00a0vol\u00a0impos\u00e9es\u00a0par\nla \u00a0 r\u00e9glementation, \u00a0 en \u00a0 dehors \u00a0 du \u00a0 survol \u00a0 des\nagglom\u00e9rations,\u00a0ou\u00a0des\u00a0rassemblements\u00a0de\u00a0personnes\nou\u00a0d'animaux\u00a0en\u00a0plein\u00a0air,\u00a0ou\u00a0le\u00a0survol\u00a0de\u00a0certaines\ninstallations\u00a0ou\u00a0\u00e9tablissements\nR\u00e8glement \u00a0 de \u00a0 la \u00a0 circulation\na\u00e9rienne\n4 Autorisations,\u00a0dans\u00a0les\u00a0zones\u00a0grev\u00e9es\u00a0de\u00a0servitudes\na\u00e9ronautiques,\u00a0d'installations\u00a0et\u00a0\u00e9quipements\u00a0concourant\n\u00e0\u00a0la\u00a0s\u00e9curit\u00e9\u00a0de\u00a0la\u00a0navigation\u00a0a\u00e9rienne\u00a0et\u00a0du\u00a0transport\na\u00e9rien\u00a0public,\u00a0ainsi\u00a0que\u00a0d'installations\u00a0n\u00e9cessaires\u00a0\u00e0\u00a0la\nconduite\u00a0de\u00a0travaux\u00a0pour\u00a0une\u00a0dur\u00e9e\u00a0limit\u00e9e\nArticles\u00a0R.6351-12\u00a0et\u00a0R.6351-13\ndu\u00a0code\u00a0des\u00a0transports\n5 Autorisation \u00a0 de \u00a0 re-d\u00e9collage \u00a0 d'a\u00e9ronefs \u00a0 ayant \u00a0 \u00e9t\u00e9\ncontraints\u00a0d'atterrir\u00a0hors\u00a0d'un\u00a0a\u00e9rodrome\u00a0r\u00e9guli\u00e8rement\n\u00e9tabli\nArticle \u00a0 D.6212-2 \u00a0 du \u00a0 code \u00a0 des\ntransports\n6 D\u00e9cisions\u00a0de\u00a0validation\u00a0des\u00a0acquis,\u00a0d'octroi,\u00a0de\u00a0retrait,\u00a0ou\nde\u00a0suspension\u00a0des\u00a0agr\u00e9ments\u00a0des\u00a0personnels\u00a0charg\u00e9s\ndu\u00a0service\u00a0de\u00a0sauvetage\u00a0et\u00a0de\u00a0lutte\u00a0contre\u00a0l'incendie\nArticle\u00a0D.6332-14\u00a0du\u00a0code\u00a0des\ntransports\n7 Les\u00a0documents\u00a0relatifs\u00a0au\u00a0contr\u00f4le\u00a0du\u00a0respect\u00a0des\ndispositions\u00a0applicables\u00a0au\u00a0service\u00a0de\u00a0sauvetage\u00a0et\u00a0de\nlutte\u00a0contre\u00a0l'incendie\u00a0par\u00a0les\u00a0exploitants\u00a0d'a\u00e9rodromes\u00a0ou\nles\u00a0organismes\u00a0auxquels\u00a0ils\u00a0ont\u00a0confi\u00e9\u00a0leur\u00a0service,\u00a0ainsi\nque\u00a0ceux\u00a0relatifs\u00a0au\u00a0contr\u00f4le\u00a0du\u00a0respect\u00a0des\u00a0dispositions\nrelatives\u00a0\u00e0\u00a0la\u00a0mise\u00a0en\u00a0\u0153uvre\u00a0de\u00a0la\u00a0pr\u00e9vention\u00a0et\u00a0de\u00a0la\nlutte \u00a0 contre \u00a0 le \u00a0 p\u00e9ril \u00a0 animalier \u00a0 par \u00a0 les \u00a0 exploitants\nd'a\u00e9rodromes\nArticles\u00a0D.6332-15\u00a0et\u00a0D.6332-45\ndu\u00a0code\u00a0des\u00a0transports\nDirection de la coordination des politiques publiques\n03_Pr\u00e9f_Pr\u00e9fecture de l'Allier - 03-2025-10-31-00002 - Extrait de l'arr\u00eat\u00e9 n\u00b02411 bis/2025 du 31 octobre 2025 portant d\u00e9l\u00e9gation de\nsignature \u00e0 Madame C\u00e9cile du CLUZEL, directrice de la s\u00e9curit\u00e9 de l'aviation civile Centre-Est 4\nArticle     2   :\u00a0Sont\u00a0exclus\u00a0de\u00a0la\u00a0d\u00e9l\u00e9gation\u00a0de\u00a0signature\u00a0consentie\u00a0par\u00a0le\u00a0pr\u00e9sent\u00a0arr\u00eat\u00e9\u00a0:\n\u2022 Les\u00a0m\u00e9moires\u00a0en\u00a0d\u00e9fense\u00a0pr\u00e9sent\u00e9s\u00a0au\u00a0nom\u00a0de\u00a0l'\u00c9tat\u00a0\u00e0\u00a0l'occasion\u00a0des\u00a0recours\u00a0form\u00e9s\ndevant\u00a0les\u00a0juridictions\u00a0administratives\u00a0et\u00a0n\u00e9s\u00a0de\u00a0l'activit\u00e9\u00a0de\u00a0la\u00a0direction\u00a0de\u00a0la\u00a0s\u00e9curit\u00e9\u00a0de\nl'aviation\u00a0civile\u00a0Centre-Est\u00a0et\u00a0dans\u00a0les\u00a0cas\u00a0de\u00a0proc\u00e9dure\u00a0d'urgence\u00a0pr\u00e9vus\u00a0au\u00a0Livre\u00a0V\u00a0du\ncode\u00a0de\u00a0justice\u00a0administrative\u00a0;\n\u2022 Les\u00a0correspondances\u00a0avec\u00a0les\u00a0\u00e9lus,\u00a0ministres\u00a0et\u00a0anciens\u00a0ministres\u00a0;\n\u2022 Les\u00a0conventions\u00a0avec\u00a0les\u00a0collectivit\u00e9s\u00a0territoriales\u00a0et\u00a0leurs\u00a0\u00e9tablissements\u00a0publics\u00a0;\n\u2022 Les\u00a0correspondances\u00a0entrant\u00a0dans\u00a0le\u00a0cadre\u00a0de\u00a0la\u00a0n\u00e9gociation\u00a0du\u00a0contrat\u00a0de\u00a0projets.\nArticle     3   :\u00a0En\u00a0cas\u00a0d'absence\u00a0ou\u00a0d'indisponibilit\u00e9\u00a0de\u00a0Mme\u00a0C\u00e9cile\u00a0du\u00a0CLUZEL,\u00a0directrice\u00a0de\u00a0la\ns\u00e9curit\u00e9\u00a0de\u00a0l'aviation\u00a0civile\u00a0Centre-Est,\u00a0d\u00e9l\u00e9gation\u00a0de\u00a0signature\u00a0est\u00a0consentie\u00a0aux\u00a0agents\u00a0plac\u00e9s\nsous\u00a0son\u00a0autorit\u00e9,\u00a0list\u00e9s\u00a0ci-dessous,\u00a0dans\u00a0les\u00a0limites\u00a0de\u00a0leurs\u00a0attributions,\u00a0\u00e0\u00a0l'effet\u00a0de\u00a0signer\u00a0les\nactes\u00a0ou\u00a0d\u00e9cisions\u00a0pr\u00e9vus\u00a0\u00e0\u00a0l'article\u00a01\u00a0:\n\u2013 M. Romain BEVILLARD ,\u00a0adjoint\u00a0\u00e0\u00a0la\u00a0directrice,\u00a0charg\u00e9\u00a0des\u00a0affaires\u00a0techniques,\u00a0pour\u00a0les\n\u00a7\u00a01\u00a0\u00e0\u00a07\u00a0;\n\u2013 Mme G\u00e9raldine MARCHAND-DEMONCHEAUX,\u00a0cheffe\u00a0de\u00a0cabinet,\u00a0pour\u00a0les\u00a0\u00a7\u00a01\u00a0\u00e0\u00a07\u00a0;\n\u2013 M. Thierry LHOMMEAU,\u00a0r\u00e9f\u00e9rent\u00a0territorial,\u00a0pour\u00a0les\u00a0\u00a7\u00a01\u00a0\u00e0\u00a07\u00a0;\n\u2013 M. Marc BALLAND,\u00a0responsable\u00a0qualit\u00e9\u00a0/\u00a0PPO,\u00a0pour\u00a0les\u00a0\u00a7\u00a01\u00a0\u00e0\u00a07\u00a0;\n\u2013 M. Simon DUPIN,\u00a0chef\u00a0de\u00a0la\u00a0division\u00a0op\u00e9rations\u00a0a\u00e9riennes,\u00a0pour\u00a0le\u00a0\u00a7\u00a01\u00a0;\n\u2013 M. Bertrand DREVON,\u00a0chef\u00a0de\u00a0la\u00a0division\u00a0s\u00fbret\u00e9,\u00a0pour\u00a0le\u00a0\u00a7\u00a02\u00a0;\n\u2013 M. Laurent LASSASSEIGNE,\u00a0adjoint\u00a0au\u00a0chef\u00a0de\u00a0la\u00a0division\u00a0s\u00fbret\u00e9,\u00a0pour\u00a0le\u00a0\u00a7\u00a02\u00a0;\n\u2013 Mme Chlo\u00e9 DUPOUY,\u00a0agent\u00a0\u00e0\u00a0la\u00a0division\u00a0s\u00fbret\u00e9,\u00a0pour\u00a0le\u00a0\u00a7\u00a02\u00a0;\n\u2013 MM. Sami MA\u00cfT\u00a0et\u00a0Romain GARCIA,\u00a0agents\u00a0\u00e0\u00a0la\u00a0division\u00a0s\u00fbret\u00e9,\u00a0pour\u00a0le\u00a0\u00a7\u00a02\u00a0;\n\u2013 Mme Gwendolyne BRETAGNE,\u00a0cheffe\u00a0de\u00a0la\u00a0division\u00a0aviation\u00a0g\u00e9n\u00e9rale,\u00a0pour\u00a0le\u00a0\u00a7\u00a03\u00a0;\n\u2013 M. Pierre-Etienne CRABBE ,\u00a0chef\u00a0de\u00a0subdivision\u00a0a\u00e9ronefs\u00a0et\u00a0activit\u00e9s\u00a0dans\u00a0la\u00a0division\naviation\u00a0g\u00e9n\u00e9rale\u00a0pour\u00a0le\u00a0\u00a7\u00a03\u00a0;\n\u2013 Mme Nathalie SPYCKERELLE,\u00a0cheffe\u00a0de\u00a0la\u00a0division\u00a0r\u00e9gulation\u00a0et\u00a0d\u00e9veloppement\u00a0durable,\npour\u00a0le\u00a0\u00a7\u00a04\u00a0;\n\u2013 M. Morgan HENNARD ,\u00a0adjoint\u00a0\u00e0\u00a0la\u00a0cheffe\u00a0de\u00a0la\u00a0division\u00a0r\u00e9gulation\u00a0et\u00a0d\u00e9veloppement\ndurable,\u00a0pour\u00a0le\u00a0\u00a7\u00a04\u00a0;\n\u2013 Mme Carole SOUFFLET,\u00a0cheffe\u00a0de\u00a0la\u00a0division\u00a0a\u00e9roports\u00a0et\u00a0navigation\u00a0a\u00e9rienne,\u00a0pour\u00a0les\u00a0\u00a7\u00a06\u00a0et\u00a07.\nArticle     4  \u00a0:\u00a0En\u00a0cas\u00a0d'absence\u00a0ou\u00a0d'indisponibilit\u00e9\u00a0de \u00a0Mme  C\u00e9cile  du  CLUZEL,\u00a0d\u00e9l\u00e9gation\u00a0de\nsignature\u00a0est\u00a0consentie\u00a0aux\u00a0agents\u00a0plac\u00e9s\u00a0sous\u00a0son\u00a0autorit\u00e9,\u00a0en\u00a0tant\u00a0que\u00a0cadres\u00a0de\u00a0permanence\nde\u00a0direction\u00a0lorsqu'ils\u00a0assurent\u00a0l'astreinte\u00a0de\u00a0direction,\u00a0\u00e0\u00a0l'effet\u00a0de\u00a0signer\u00a0les\u00a0actes\u00a0ou\u00a0d\u00e9cisions\npr\u00e9vus\u00a0\u00e0\u00a0l'article\u00a01\u00a0pour\u00a0les\u00a0\u00a7\u00a01\u00a0et\u00a05\u00a0:\n\u2013 M. Romain BEVILLARD,\u00a0adjoint\u00a0\u00e0\u00a0la\u00a0directrice,\u00a0charg\u00e9\u00a0des\u00a0affaires\u00a0techniques\u00a0;\n\u2013 Mme G\u00e9raldine MARCHAND-DEMONCHEAUX,\u00a0cheffe\u00a0de\u00a0cabinet\u00a0;\n\u2013 M. Thierry LHOMMEAU,\u00a0r\u00e9f\u00e9rent\u00a0territorial\u00a0;\n\u2013 M. Marc BALLAND,\u00a0responsable\u00a0qualit\u00e9\u00a0/\u00a0PPO\u00a0;\n\u2013 M. Bertrand DREVON,\u00a0chef\u00a0de\u00a0la\u00a0division\u00a0s\u00fbret\u00e9\u00a0;\n\u2013 M. Laurent LASSASSEIGNE,\u00a0adjoint\u00a0au\u00a0chef\u00a0de\u00a0la\u00a0division\u00a0s\u00fbret\u00e9\u00a0;\n\u2013 M. Simon DUPIN,\u00a0chef\u00a0de\u00a0la\u00a0division\u00a0op\u00e9rations\u00a0a\u00e9riennes\u00a0;\n03_Pr\u00e9f_Pr\u00e9fecture de l'Allier - 03-2025-10-31-00002 - Extrait de l'arr\u00eat\u00e9 n\u00b02411 bis/2025 du 31 octobre 2025 portant d\u00e9l\u00e9gation de\nsignature \u00e0 Madame C\u00e9cile du CLUZEL, directrice de la s\u00e9curit\u00e9 de l'aviation civile Centre-Est 5\n\u2013 Mme Nathalie SPYCKERELLE,\u00a0cheffe\u00a0de\u00a0la\u00a0division\u00a0r\u00e9gulation\u00a0et\u00a0d\u00e9veloppement\u00a0durable\u00a0;\n\u2013 M. Morgan HENNARD ,\u00a0adjoint\u00a0\u00e0\u00a0la\u00a0cheffe\u00a0de\u00a0la\u00a0division\u00a0r\u00e9gulation\u00a0et\u00a0d\u00e9veloppement\ndurable\u00a0;\n\u2013 Mme Carole SOUFFLET,\u00a0cheffe\u00a0de\u00a0la\u00a0division\u00a0a\u00e9roports\u00a0et\u00a0navigation\u00a0a\u00e9rienne\u00a0;\n\u2013 Mme Gwendolyne BRETAGNE,\u00a0cheffe\u00a0de\u00a0la\u00a0division\u00a0aviation\u00a0g\u00e9n\u00e9rale.\nArticle     5   :\u00a0L'arr\u00eat\u00e9\u00a0pr\u00e9fectoral\u00a0n\u00b0143/2025\u00a0du\u00a027\u00a0janvier\u00a02025\u00a0portant\u00a0d\u00e9l\u00e9gation\u00a0de\u00a0signature\u00a0\u00e0\nMme\u00a0C\u00e9cile\u00a0du\u00a0CLUZEL,\u00a0directrice\u00a0de\u00a0la\u00a0s\u00e9curit\u00e9\u00a0de\u00a0l'aviation\u00a0civile\u00a0Centre-Est,\u00a0est\u00a0abrog\u00e9.\u00a0\nArticle     6  \u00a0: Le\u00a0pr\u00e9sent\u00a0arr\u00eat\u00e9\u00a0entre\u00a0en\u00a0vigueur\u00a0le\u00a0lendemain\u00a0du\u00a0jour\u00a0de\u00a0sa\u00a0publication\u00a0au\u00a0recueil\u00a0des\nactes\u00a0administratifs\u00a0de\u00a0la\u00a0pr\u00e9fecture.\nArticle     7     :\u00a0Un\u00a0recours\u00a0contre\u00a0le\u00a0pr\u00e9sent\u00a0arr\u00eat\u00e9\u00a0peut\u00a0\u00eatre\u00a0form\u00e9\u00a0devant\u00a0le\u00a0Tribunal\u00a0Administratif\u00a0de\nClermont-Ferrand\u00a0dans\u00a0un\u00a0d\u00e9lai\u00a0de\u00a0deux\u00a0mois\u00a0\u00e0\u00a0compter\u00a0de\u00a0sa\u00a0publication.\u00a0En\u00a0application\u00a0du\nd\u00e9cret\u00a0n\u00b0\u00a02018-251\u00a0du\u00a06\u00a0avril\u00a02018,\u00a0les\u00a0particuliers\u00a0et\u00a0les\u00a0personnes\u00a0morales\u00a0de\u00a0droit\u00a0priv\u00e9\u00a0non\nrepr\u00e9sent\u00e9s\u00a0par\u00a0un\u00a0avocat\u00a0peuvent\u00a0communiquer\u00a0avec\u00a0un\u00a0Tribunal\u00a0administratif\u00a0par\u00a0la\u00a0voie\u00a0de\nl'application\u00a0informatique\u00a0\u00abT\u00e9l\u00e9recours\u00a0citoyens\u00a0\u00bb\u00a0sur\u00a0le\u00a0site\u00a0www.telerecours.fr.\nArticle     8  \u00a0  :\u00a0Le\u00a0secr\u00e9taire\u00a0g\u00e9n\u00e9ral\u00a0de\u00a0la\u00a0pr\u00e9fecture\u00a0de\u00a0l'Allier\u00a0et\u00a0la\u00a0directrice\u00a0de\u00a0la\u00a0s\u00e9curit\u00e9\u00a0de\nl'aviation\u00a0civile\u00a0Centre-Est\u00a0sont\u00a0charg\u00e9s,\u00a0chacun\u00a0en\u00a0ce\u00a0qui\u00a0le\u00a0concerne,\u00a0de\u00a0l'ex\u00e9cution\u00a0du\u00a0pr\u00e9sent\narr\u00eat\u00e9\u00a0qui\u00a0sera\u00a0publi\u00e9\u00a0au\u00a0recueil\u00a0des\u00a0actes\u00a0administratifs\u00a0de\u00a0la\u00a0pr\u00e9fecture\u00a0de\u00a0l'Allier.\nPour\u00a0le\u00a0Pr\u00e9fet\u00a0et\u00a0par\u00a0d\u00e9l\u00e9gation,\nLe\u00a0Secr\u00e9taire\u00a0G\u00e9n\u00e9ral\nSign\u00e9\nOlivier\u00a0MAUREL\n4/4\n03_Pr\u00e9f_Pr\u00e9fecture de l'Allier - 03-2025-10-31-00002 - Extrait de l'arr\u00eat\u00e9 n\u00b02411 bis/2025 du 31 octobre 2025 portant d\u00e9l\u00e9gation de\nsignature \u00e0 Madame C\u00e9cile du CLUZEL, directrice de la s\u00e9curit\u00e9 de l'aviation civile Centre-Est 6","date":"2025-11-03","first_seen_on":"2025-11-03T15:06:22+00:00","id":"1bbde9b47f3c0774a12283cbdbd1cc69873c845385c1904b893c086d024996f6","name":"recueil nr sp\u00e9cial - \u00e9dit\u00e9 le 03 novembre 2025","pdf_creation_date":"2025-11-03T14:41:04+00:00","pdf_modification_date":null,"timezone":"Europe/Paris","url":"https://www.allier.gouv.fr/contenu/telechargement/18883/128877/file/recueil-03-2025-183-recueil-des-actes-administratifs-special.pdf"}
