{"administration":"ppparis","administration_name":"Pr\u00e9fecture de police de Paris","content":"ea CABINET DU PREFETPREFECTURE gp\u00bbDE POLICE\nFraternit\u00e9\nArr\u00e9t\u00e9 n\u00b02026-00483portant interdiction partielle d'une manifestation le 1\u00b0 mai 2026 \u00e0 Paris\nLe pr\u00e9fet de police,Vu le code g\u00e9n\u00e9ral des collectivit\u00e9s territoriales, notamment ses articles L. 2512-13 et L.2512-14;Vu le code p\u00e9nal, notamment ses articles 431-9, 431-9-1 et R. 644-4;Vu le code de la s\u00e9curit\u00e9 int\u00e9rieure, notamment ses articles L.122-1 et L. 211-1 \u00e0 L. 211-4;Vu le d\u00e9cret n\u00b0 2004-374 du 29 avril 2004 modifi\u00e9 relatif aux pouvoirs des pr\u00e9fets, al'organisation et \u00e0 l'action des services de l'Etat dans les r\u00e9gions et d\u00e9partements,notamment ses articles 70 et 72;Vu l'arr\u00eat\u00e9 pr\u00e9fectoral n\u00b02017-00801 du 24 juillet 2017 relatif aux sites \u00e9nonc\u00e9s au II del'article L. 2512-14 du code g\u00e9n\u00e9ral des collectivit\u00e9s territoriales;Vu le d\u00e9cret du 22 octobre 2025 par lequel M. Patrice FAURE, administrateur de l'Etat dutroisi\u00e8me grade, directeur de cabinet du Pr\u00e9sident de la R\u00e9publique, est nomm\u00e9 pr\u00e9fet depolice (groupe |), \u00e0 compter du 23 octobre 2025;Vu le courriel en date du 22 avril 2026 adress\u00e9 \u00e0 la direction de l'ordre public et de lacirculation (DOPC) par lequel Mme St\u00e9phanie POURSAC d\u00e9clare au nom du Syndicat desGilets Jaunes une manifestation le vendredi 1\u00b0 mai 2026 \u00e0 partir de 9h00 devant le Palais del'\u00c9lys\u00e9e au 55 rue du Faubourg Saint-Honor\u00e9 \u00e0 Paris 8\";Consid\u00e9rant que, en application des articles L. 122-1 du code de la s\u00e9curit\u00e9 int\u00e9rieure et 72du d\u00e9cret du 29 avril 2004 susvis\u00e9, le pr\u00e9fet de police a la charge, \u00e0 Paris, de l'ordre public;que, en application de l'article L. 211-4 du code de la s\u00e9curit\u00e9 int\u00e9rieure, \u00ab si l'autorit\u00e9investie des pouvoirs de police estime que la manifestation projet\u00e9e est de nature \u00e0 troublerl'ordre public, elle l'interdit par un arr\u00eat\u00e9 qu'elle notifie imm\u00e9diatement aux signataires dela d\u00e9claration \u00bb ;Consid\u00e9rant qu'en application de l'article 431-9 du code p\u00e9nal, le fait d'avoir organis\u00e9 unemanifestation sur la voie publique ayant \u00e9t\u00e9 interdite dans les conditions fix\u00e9es par la loiest puni de six mois d'emprisonnement et de 7500 euros d'amende; que, en application del'article R. 644-4 du m\u00eame code, le fait de participer \u00e0 une manifestation ayant \u00e9t\u00e9 interditeest passible de l'amende pr\u00e9vue pour les contraventions de la 4\u00e8me classe;Consid\u00e9rant qu'il appartient \u00e0 l'autorit\u00e9 de police comp\u00e9tente \u00e0 Paris de pr\u00e9venir les risquesde d\u00e9sordres et les atteintes \u00e0 l'ordre public; que le lieu de la manifestation d\u00e9clar\u00e9e sesitue devant le Palais de l'\u00c9lys\u00e9e ; que suite \u00e0 la revendication de l'attentat de Moscou parl'organisation \u00c9tat islamique et compte tenu des menaces qui p\u00e8sent sur le territoire\n \n \n \n \n \n \n \n  \n \n \n \nnational, le plan Vigipirate a \u00e9t\u00e9 rehauss\u00e9 par le Premier ministre a son niveau sommital\u00ab urgence attentat \u00bb le 24 mars 2024; que le durcissement de la posture Vigipirate associ\u00e9\u00e0 l'\u00e9volution de l'\u00e9tat de la menace en France fait porter un effort plus particulier sur las\u00e9curit\u00e9 des b\u00e2timents publics et institutionnels et de leurs abords; que dans le contexteactuel national et international de menace tr\u00e8s \u00e9lev\u00e9, les dispositifs de s\u00e9curisation de cesb\u00e2timents ont \u00e9t\u00e9 renforc\u00e9s ; que le lieu de la manifestation d\u00e9clar\u00e9e est incompatible avecles imp\u00e9ratifs de l'ordre public;Consid\u00e9rant que les services de la DOPC ont propos\u00e9 le 27 avril 2026 \u00e0 la d\u00e9clarante detenir le rassemblement le vendredi 1\u00b0 mai 2026 de 9h00 \u00e0 19h00 sur la place Joachim duBellay a Paris Centre; que la d\u00e9clarante n'a pas r\u00e9pondu \u00e0 cette proposition ;Consid\u00e9rant par ailleurs que les forces de s\u00e9curit\u00e9 int\u00e9rieure seront fortement mobilis\u00e9es levendredi 1* mai 2026, sans pr\u00e9judice de leurs suj\u00e9tions habituelles, dans le cadre de las\u00e9curisation de manifestations et \u00e9v\u00e8nements divers sur la voie publique dont lesrassemblements li\u00e9s \u00e0 la journ\u00e9e internationale des travailleurs ; qu'elles se doivent en outrede garantir la protection des personnes et des biens dont celle des sites institutionnels ougouvernementaux sensibles, dans un contexte de menace terroriste tr\u00e8s \u00e9lev\u00e9e ;Consid\u00e9rant qu'il appartient \u00e0 l'autorit\u00e9 de police comp\u00e9tente de pr\u00e9venir les risques ded\u00e9sordres et les atteintes \u00e0 l'ordre public par des mesures adapt\u00e9es, n\u00e9cessaires etproportionn\u00e9es; qu'une mesure qui encadre cette manifestation d\u00e9clar\u00e9e sans l'interdirer\u00e9pond \u00e0 ces objectifs;Vu l'urgence,ARRETE :Article 1\u00b0 - La manifestation susvis\u00e9e d\u00e9clar\u00e9e par Mme St\u00e9phanie POURSAC est interditele 1\u00b0 mai 2026 devant le Palais de l'\u00c9lys\u00e9e au num\u00e9ro 55 rue du Faubourg Saint-Honor\u00e9 \u00e0Paris 8\u00b0\",N\u00e9anmoins, le rassemblement statique pourra se tenir le 1% mai 2026 de 9h00 \u00e0 19h00 surla place Joachim du Bellay \u00e0 Paris CentreArticle 2 - Le pr\u00e9fet, directeur du cabinet du pr\u00e9fet de police, le directeur de l'ordre publicet de la circulation et le directeur de la s\u00e9curit\u00e9 de proximit\u00e9 de l'agglom\u00e9ration parisiennesont charg\u00e9s, chacun en ce qui le concerne, de l'ex\u00e9cution du pr\u00e9sent arr\u00eat\u00e9 qui sera notifi\u00e9\u00e0 Mme St\u00e9phanie POURSAC ou \u00e0 toute autre personne repr\u00e9sentant le Syndicat des GiletsJaunes et consultable sur le site internet de la pr\u00e9fecture de police(https://www.prefecturedepolice.interieur.gouv.fr).Fait a Paris, le 29 avril 2026 SIGNEPour le pr\u00e9fet de policeLe pr\u00e9fet, directeur de cabinetBaptiste ROLLAND\n2026-00483 2\n   \n \n \n \n \n \n \n \n.\nAnnexe de l'arr\u00eat\u00e9 n\u00b02026-00483 du 29 avril 2026\nVOIES ET DELAIS DE RECOURS\nSi vous estimez devoir contester la pr\u00e9sente d\u00e9cision, il vous est possible, dansun d\u00e9lai de deux mois a compter de la date de la notification :\n- soit de saisir d'un RECOURS GRACIEUXle Pr\u00e9fet de Police7/9, boulevard du Palais - 75195 PARIS RP- ou de former un RECOURS HIERARCHIQUEaupr\u00e8s du Ministre de l'int\u00e9rieurDirection des libert\u00e9s publiques et des affaires juridiquesplace Beauvau - 75008 PARIS- soit de saisir d'un RECOURS CONTENTIEUXle Tribunal administratif comp\u00e9tent\nAucune de ces voies et recours ne suspend l'application de la pr\u00e9sented\u00e9cision.Les recours GRACIEUX et HIERARCHIQUE doivent \u00eatre \u00e9crits, exposer lesarguments ou faits nouveaux et comprendre la copie de la d\u00e9cision contest\u00e9e.Le recours CONTENTIEUX, qui vise \u00e0 contester la LEGALITE de la pr\u00e9sented\u00e9cision, doit \u00e9galement \u00eatre \u00e9crit et exposer votre argumentation juridique.Si vous n'aviez pas de r\u00e9ponse \u00e0 votre recours GRACIEUX ou HIERARCHIQUEdans un d\u00e9lai de deux mois \u00e0 compter de la r\u00e9ception de votre recours par l'administration,votre demande devra \u00eatre consid\u00e9r\u00e9e comme rejet\u00e9e (d\u00e9cision implicite de rejet).En cas de rejet des recours GRACIEUX ou HIERARCHIQUE, le Tribunaladministratif peut \u00eatre saisi d'un recours contentieux dans le d\u00e9lai de deux mois \u00e0 compterde la date de la d\u00e9cision de rejet.\n2026-00483 3","date":"2026-04-29","first_seen_on":"2026-04-29T13:09:52+00:00","id":"1bd0b6ebfa6aaa18a67bdce90d2700614a7f639e2d91e69cc522e3b6f566fb9e","name":"Arr\u00eat\u00e9 2026-00483 portant interdiction partielle d\u2019une manifestation le 1er mai 2026 \u00e0 Paris","pdf_creation_date":"2026-04-29T09:31:24+00:00","pdf_modification_date":"2026-04-29T09:31:24+00:00","timezone":"Europe/Paris","url":"https://www.prefecturedepolice.interieur.gouv.fr/sites/default/files/Documents/2026_00483_29042026.pdf"}
