{"administration":"pref92","administration_name":"Pr\u00e9fecture des Hauts-de-Seine","content":"En\nPREFET\nDES  HAUTS-DE-SEINE\nL'z'berte'\nEgalit\u00e9\nFraternit\u00e9 1 \n \n \n \n \nRECUEIL \n  \nDES  \n \nACTES ADMINISTRATIFS \n \n \n \nDIRECTION REGIONALE ET INTERDEPARTEMENTALE \nDE L'ECONOMIE, DE L'EMPLOI, DU TRAVAIL ET  DES \nSOLIDARITES \n \nUnit\u00e9 d\u00e9partementale des Hauts-de-Seine \n \n \n \n \n \n \n \nN\u00b0 Sp\u00e9cial                                           03 juillet 2024 \n\n 2 \nPREFET DES HAUTS-DE-SEINE  \n \nRECUEIL DES ACTES ADMINISTRATIFS  \n \nN\u00b0 Sp\u00e9cial DRIEETS-UD92 du 03 juillet 2024  \n \nSOMMAIRE  \n \nArr\u00eat\u00e9 Date DIRECTION REGIONALE ET \nINTERDEPARTEMENTALE DE \nL'ECONOMIE, DE L'EMPLOI, DU \nTRAVAIL ET DES SOLIDARITES Page \nDRIEETS-UD92 \n N\u00b02024-320 03.07.2024 Arr\u00eat\u00e9 portant agr\u00e9ment de l'accord de \nl'entreprise Vitalaire en faveur de l'emploi des \ntravailleurs handicap\u00e9s 3 \n  \n 3DIRECTION REGIONALE ET INTERDEPARTEMENTALE DE L'ECO NOMIE, DE \nL'EMPLOI, DU TRAVAIL ET DES SOLIDARITES \nUnit\u00e9 d\u00e9partementale des Hauts-de-Seine \n \n \nARR\u00caT\u00c9 DRIEETS-UD92 N\u00b02024-320 DU 3 JUILLET 2024 PO RTANT AGR\u00c9MENT DE \nL'ACCORD DE L'ENTREPRISE VITALAIRE EN FAVEUR DE L'E MPLOI DES \nTRAVAILLEURS HANDICAP\u00c9S \n \n \nLe Pr\u00e9fet des Hauts-de-Seine \nChevalier de la L\u00e9gion d'Honneur \nChevalier de l'Ordre National du M\u00e9rite \n \n \nVu  le code du travail, et notamment les articles L. 5 212-8, R. 5212-12, R. 5212-14, R. 5212-\n15, R. 5212-18 et R. 5212-19 ;  \n \nVu l'accord collectif de l'entreprise VITALAIRE d\u00e9pos \u00e9 le 26 mai 2023 ;  \n \nVu  la demande d'agr\u00e9ment d\u00e9pos\u00e9e le 30 mai 2023 ; \n \nVu  le d\u00e9cret du 29 juillet 2020 portant nomination de  Monsieur Laurent HOTTIAUX, en \nqualit\u00e9 de Pr\u00e9fet des Hauts-de-Seine ; \n \nVu  l'arr\u00eat\u00e9 pr\u00e9fectoral PCI n\u00b02021-018 du 31 mars 202 1 portant d\u00e9l\u00e9gation de signature \u00e0  \nMonsieur Ga\u00ebtan RUDANT, directeur r\u00e9gional et inter d\u00e9partemental de l'\u00e9conomie, de  \nl'emploi, du travail et des solidarit\u00e9s d'Ile-de-Fr ance (DRIEETS) ;  \n \nVu  la d\u00e9cision n\u00b0 2024-056 du 8 avril 2024 portant su bd\u00e9l\u00e9gation de signature de Monsieur \nGa\u00ebtan RUDANT, directeur r\u00e9gional et interd\u00e9parteme ntal de l'\u00e9conomie, de l'emploi, du  \ntravail et des solidarit\u00e9s d'\u00cele-de-France aux agen ts de l'unit\u00e9 d\u00e9partementale des Hauts-de- \nSeine et en ce qui concerne ce domaine \u00e0 Nathalie L ASMARRIGUES-MARQUIS,  \nResponsable du d\u00e9partement Protection et Insertion des adultes. \n \n \nARRETE \n \n \nArticle 1  \u2013 L'accord collectif en faveur de l'emploi des tra vailleurs handicap\u00e9s, conclu le 25 \nmai 2023 entre les partenaires sociaux (CGT, CFTC, SECI-UNSA) et l'entreprise  \nVITALAIRE, Immeuble Symbiose Nord, 10 avenue Aristi de Briand, 92220 BAGNEUX, et  \nenregistr\u00e9 sous le num\u00e9ro T07523054422, est agr\u00e9\u00e9 p our une dur\u00e9e de trois ans, du 1er  \njanvier 2023 au 31 d\u00e9cembre 2025. \n \nArticle 2  \u2013 Les dispositions pr\u00e9vues dans la section 1.2.3 p ortant sur les mesures en faveur  \ndes alternants et stagiaires ne sont pas imputables  au budget de l'accord.  \n \nArticle 3  \u2013 Les dispositions pr\u00e9vues dans la section 1.3.3 p ortant sur les demi-journ\u00e9es   \nd'absences ne sont pas imputables au budget de l'ac cord. \n \nArticle 4  \u2013 Les dispositions pr\u00e9vues dans la section 2.2 por tant sur les demi-journ\u00e9es  \nd'absences pour les d\u00e9marches li\u00e9es \u00e0 la reconnaiss ance ne sont pas imputables au budget \nde l'accord. \n \nArticle 5 \u2013 La disposition pr\u00e9vue dans la section 2.3.2 rela tive \u00e0 l'am\u00e9nagement du v\u00e9hicule \npersonnel n'est pas imputable au budget de l'accord . \n \n 4Article 6  \u2013 Le Pr\u00e9fet des Hauts-de-Seine est charg\u00e9 de l'ex\u00e9 cution du pr\u00e9sent arr\u00eat\u00e9, qui \nsera publi\u00e9 au recueil des actes administratifs de la pr\u00e9fecture des Hauts-de-Seine. \n \n \nFait \u00e0 Nanterre, le 3 juillet 2024 \n \nPour le Pr\u00e9fet, par d\u00e9l\u00e9gation et subd\u00e9l\u00e9gation, \nPour la Directrice r\u00e9gionale adjointe, directrice d e l'Unit\u00e9 d\u00e9partementale des Hauts-de-\nSeine, \nLa Directrice Adjointe du Travail, \nSign\u00e9 \nNathalie LASMARRIGUES-MARQUIS \n  \n 5 \n \n \n \nRECUEIL DES ACTES ADMINISTRATIFS \n \nDU \n \nPREFET DES HAUTS-DE-SEINE \n \n \nISSN 0985 - 5955 \n \n \n \n \n \nPour toute correspondance, s'adresser \u00e0 : \n \nPREFET DES HAUTS-DE-SEINE \n \nSecr\u00e9tariat g\u00e9n\u00e9ral \nSecr\u00e9tariat g\u00e9n\u00e9ral aux affaires d\u00e9partementales \n \n167/177, Avenue Joliot Curie \n92013 NANTERRE CEDEX \n \n \n \n \nLe recueil des actes administratifs est consultable  en ligne sur le site de la pr\u00e9fecture \nAdresse Internet : http://www.hauts-de-seine.gouv.f r/ \n \nDirecteur de la publication  : \n \nLaurent HOTTIAUX \n \nPREFET DES HAUTS-DE-SEINE \n \n  \n 6 \n \n \n \n \n \n \n \n \n \n \n \n \n \n \n \n \n \n \n \n \n \n \n \n \n \n \n \n \n \n \n \n \n \n \n \n \n \n \n \n \nPREFECTURE DES HAUTS-DE-SEINE \n167-177,  avenue Joliot Curie 92013 NANTERRE Cedex \nCourriel : courrier@hauts-de-seine.gouv.fr \nStandard : 01.40.97.20.00 T\u00e9l\u00e9copie 01.40.97.25.21 \nAdresse Internet : http://www.hauts-de-seine.gouv.f r/","date":"2024-08-01","first_seen_on":"2024-08-20T14:03:54+00:00","id":"1cf1c1f143f09ea4c413d30ad69df89182d826c6cceba76fd30829a263761a10","name":"RAA sp\u00e9cial DRIEETS-UD92 du 3 juillet 2024","pdf_creation_date":"2024-08-01T12:44:27+00:00","pdf_modification_date":"2024-08-01T12:44:27+00:00","timezone":"Europe/Paris","url":"https://www.hauts-de-seine.gouv.fr/contenu/telechargement/25224/177965/file/2024-07-03%20RAA%20sp%C3%A9cial%20DRIEETS-UD92%20du%203%20juillet%202024.pdf"}
