{"administration":"pref13","administration_name":"Pr\u00e9fecture des Bouches-du-Rh\u00f4ne","content":"BOUCHES-DU-\nRH\u00d4NE\nRECUEIL DES ACTES\nADMINISTRATIFS SP\u00c9CIAL\nN\u00b013-2026-080\nPUBLI\u00c9 LE 20 MARS 2026\nSommaire\nDirection Departementale des Territoires et de la Mer 13 /\n13-2026-03-20-00001 - Arr\u00eat\u00e9 portant autorisation d'effectuer une\nop\u00e9ration de destruction administrative aux lapins de garenne sur la\ncommune de Saint-Martin-de-Crau (3 pages) Page 4\nPr\u00e9fecture de police des Bouches-du-Rh\u00f4ne /\n13-2026-03-19-00013 - Arr\u00eat\u00e9 autorisant la captation et la\ntransmission\nd'images au moyen de cam\u00e9ras install\u00e9es sur des\na\u00e9ronefs de la force a\u00e9rienne de gendarmerie Sud\n (6 pages) Page 8\nPr\u00e9fecture des Bouches-du-Rhone /\n13-2026-03-19-00012 - Arr\u00eat\u00e9 modifiant la constitution de la commission\nd\u00e9partementale mixte de p\u00e2turage pr\u00e9vue aux articles L213-24 et\nL214-12 du Code Forestier dans les Bouches-du-Rh\u00f4ne (2 pages) Page 15\nPr\u00e9fecture des Bouches-du-Rhone / Direction de la Citoyennet\u00e9, de la\nL\u00e9galit\u00e9 et de l'Environnement\n13-2026-02-13-00029 - ARR\u00caT\u00c9 du 13 FEVRIER 2026\nportant habilitation\nsous le n\u00b0 26-13-0148 de  l'entreprise individuelle\nd\u00e9nomm\u00e9e\n\u00ab\u00a0POMPES FUNEBRES FARALDI \u00bb sise \u00e0 Marseille\n(13011) dans le domaine fun\u00e9raire (2 pages) Page 18\n13-2026-03-17-00006 - ARR\u00caT\u00c9 du 17 MARS 2026\nportant habilitation\nsous le n\u00b0 26-13-0220 de la soci\u00e9t\u00e9 d\u00e9nomm\u00e9e\n\u00ab\u00a0POMPES\nFUNEBRES DUMAS PERE ET FILS \u00bb sise \u00e0 Gardanne (13120), \ndans le\ndomaine fun\u00e9raire (2 pages) Page 21\n13-2026-03-17-00005 - ARR\u00caT\u00c9 du 17 MARS 2026\nportant habilitation\nsous le n\u00b0 26-13-0593 de l' auto-entreprise d\u00e9nomm\u00e9e\n\u00ab YR\nPRESTATIONS FUNERAIRES \u00bb exploit\u00e9e par M. Yohan RUBIN\nsise \u00e0\nChateauneuf-les-Martigues (13220) dans le domaine fun\u00e9raire  (2 pages) Page 24\n13-2026-03-18-00022 - ARR\u00caT\u00c9 du 18 MARS 2026\nportant habilitation\nsous le n\u00b0 26-13-0594 de l' auto-entreprise d\u00e9nomm\u00e9e\n\u00ab\nENTREPRISE CERDAN \u00bb exploit\u00e9e par M. Matthieu CERDAN\nsise \u00e0 LE\nROVE (13740) dans le domaine fun\u00e9raire  (2 pages) Page 27\n13-2026-03-18-00019 - ARR\u00caT\u00c9 du 18 MARS 2026\nportant modification\nde l' habilitation N\u00b0 22-13-0394 de l'\u00e9tablissement secondaire de\nla SAS d\u00e9nomm\u00e9e \u00ab\u00a0OGF - SERVICES FUNERAIRES \u00bb, exploit\u00e9\nsous le nom commercial \n\u00ab\u00a0PFG - SERVICES FUNERAIRES\u00bb sis \u00e0\nARLES (13200) dans le domaine fun\u00e9raire (2 pages) Page 30\n13-2026-03-18-00018 - ARR\u00caT\u00c9 du 18 MARS 2026\nportant modification\nde l' habilitation N\u00b0 24-13-0493 de l'\u00e9tablissement secondaire de\nla SAS d\u00e9nomm\u00e9e \u00ab\u00a0OGF - SERVICES FUNERAIRES \u00bb, exploit\u00e9\nsous le nom commercial \n\u00ab\u00a0PFG - SERVICES FUNERAIRES\u00bb sis \u00e0\nARLES (13200) \ndans le domaine fun\u00e9raire et pour la gestion et\nl'utilisation d'une chambre fun\u00e9raire (2 pages) Page 33\n2\n13-2026-03-18-00021 - ARR\u00caT\u00c9 du 18 MARS 2026\nportant modification\nde l' habilitation N\u00b0 25-13-0015 de l'\u00e9tablissement secondaire de\nla SAS d\u00e9nomm\u00e9e \u00ab\u00a0OGF - SERVICES FUNERAIRES \u00bb, exploit\u00e9\nsous le nom commercial \n\u00ab\u00a0POMPES FUNEBRES ROBLOT\u00bb sis \u00e0\nTARASCON (13150) \ndans le domaine fun\u00e9raire et pour la gestion et\nl'utilisation d'une chambre fun\u00e9raire (2 pages) Page 36\n13-2026-03-18-00020 - ARR\u00caT\u00c9 du 18 MARS 2026\nportant modification\nde l' habilitation N\u00b0 25-13-0045 de l'\u00e9tablissement secondaire de\nla SAS d\u00e9nomm\u00e9e \u00ab\u00a0OGF - SERVICES FUNERAIRES \u00bb, exploit\u00e9\nsous le nom commercial \n\u00ab\u00a0POMPES FUNEBRES LES 3 COLONNES\u00bb sis\n\u00e0 ROGNONAS (13870) \ndans le domaine fun\u00e9raire et pour la gestion et\nl'utilisation d'une chambre fun\u00e9raire (2 pages) Page 39\n13-2026-03-19-00010 - ARR\u00caT\u00c9 modifiant la d\u00e9signation de\nd\u00e9l\u00e9gu\u00e9s sp\u00e9ciaux pour constituer les bureaux de vote des\narrondissements pr\u00e9fectoraux d'Aix-en-Provence, Arles, Istres et\nMarseille, lors des \u00e9lections municipales et communautaires, le 22 mars\n2026 (3 pages) Page 42\nSecr\u00e9tariat G\u00e9n\u00e9ral Commun 13 /\n13-2026-03-20-00003 - Arr\u00eat\u00e9 modificatif  n\u00b08 de l'arr\u00eat\u00e9 portant\nd\u00e9signation des membres de la formation sp\u00e9cialis\u00e9e du comit\u00e9\nsocial d'administration de proximit\u00e9 de la pr\u00e9fecture et du\nsecr\u00e9tariat g\u00e9n\u00e9ral commun des Bouches-du-Rh\u00f4ne (2 pages) Page 46\n13-2026-03-20-00002 - Arr\u00eat\u00e9 modificatif n\u00b010 de l'arr\u00eat\u00e9 du 9 mars\n2023 portant d\u00e9signation des membres du comit\u00e9 social\nd'administration de proximit\u00e9 de la pr\u00e9fecture et du secr\u00e9tariat\ng\u00e9n\u00e9ral commun des Bouches-du-Rh\u00f4ne (2 pages) Page 49\n3\nDirection Departementale des Territoires et de\nla Mer 13\n13-2026-03-20-00001\nArr\u00eat\u00e9 portant autorisation d'effectuer une\nop\u00e9ration de destruction administrative aux\nlapins de garenne sur la commune de\nSaint-Martin-de-Crau\nDirection Departementale des Territoires et de la Mer 13 - 13-2026-03-20-00001 - Arr\u00eat\u00e9 portant autorisation d'effectuer une\nop\u00e9ration de destruction administrative aux lapins de garenne sur la commune de Saint-Martin-de-Crau 4\nEsPR\u00c9FETDES BOUCHES-DU-RH\u00d4NELibert\u00e9\u00c9galit\u00e9Fraternit\u00e9\nDirection d\u00e9partementale\ndes territoires et de la mer\ndes Bouches-du-Rh\u00f4ne\nService mer, eau et environnement\nMission n\u00b0 2026-203\nArr\u00eat\u00e9 portant autorisation d'effectuer une op\u00e9ration de destruction administrative \naux lapins de garenne sur la commune de Saint-Martin-de-Crau\nLe pr\u00e9fet des Bouches-du-Rh\u00f4ne,\nVU les articles L 427-1 \u00e0 L 427-7 du code de l'environnement ;\nVU le d\u00e9cret n\u00b02010-146 du 16 f\u00e9vrier 2010 relatif aux pouvoirs des pr\u00e9fets, \u00e0 l'organisation et \u00e0 \nl'action  des  services  de  l'\u00c9tat  dans  les  r\u00e9gions  et  les  d\u00e9partements,  modifiant  le  d\u00e9cret  \n2004-374 du 29 avril 2004 ;\nVU le d\u00e9cret du pr\u00e9sident de la r\u00e9publique en date du 19 novembre 2025 portant nomination \nde monsieur Jacques  WITKOWSKI en qualit\u00e9 de pr\u00e9fet de la r\u00e9gion Provence-Alpes-C\u00f4te  \nd'Azur, pr\u00e9fet de la zone de d\u00e9fense et de s\u00e9curit\u00e9 sud, pr\u00e9fet des Bouches-du-Rh\u00f4ne ;\nVU l'arr\u00eat\u00e9  de  la  Premi\u00e8re  ministre  et  du  ministre  de  l'int\u00e9rieur  et  des  outre-mer  du  \n16  juin  2023  portant  nomination  de  monsieur  Patrick  VAUTERIN  en  qualit\u00e9  de  directeur \nd\u00e9partemental  des  territoires  et  de  la  mer  des  Bouches-du-Rh\u00f4ne  \u00e0  compter  du  \n1er juillet 2023 ;\nVU l'arr\u00eat\u00e9 du ministre de l'\u00e9cologie, de l'\u00e9nergie, du d\u00e9veloppement durable et de la mer, en \ndate du 14 juin 2010 relatif aux lieutenants de louveterie ;\nVU l'arr\u00eat\u00e9 du 29 juillet 2025 fixant la liste, les p\u00e9riodes et les modalit\u00e9s de destruction des  \nesp\u00e8ces  d'animaux  class\u00e9es  comme  susceptibles  d'occasionner  des  d\u00e9g\u00e2ts  dans  le  \nd\u00e9partement  des  Bouches-du-Rh\u00f4ne  pour  la  saison  cyn\u00e9g\u00e9tique  2025-2026  pris  pour  \napplication du III de l'article R. 427-7 du code de l'environnement ;\nVU l'arr\u00eat\u00e9 pr\u00e9fectoral du 22 mai 2025 portant sur l'ouverture et la fermeture de la chasse  \ndans le d\u00e9partement des Bouches-du-Rh\u00f4ne pour la campagne 2025-2026 ;\nVU l'arr\u00eat\u00e9 pr\u00e9fectoral du 20 janvier 2026 portant nomination des lieutenants de louveterie ;\nVU l'arr\u00eat\u00e9 n\u00b0 13-2026-02-07-00001 du 6 f\u00e9vrier 2026 du pr\u00e9fet des Bouches-du-Rh\u00f4ne, portant \nd\u00e9l\u00e9gation de signature \u00e0 monsieur Patrick VAUTERIN, directeur d\u00e9partemental interminist\u00e9 -\nriel des territoires et de la mer des Bouches-du-Rh\u00f4ne ;\nVU l'arr\u00eat\u00e9 n\u00b0 13-2026-02-09-00009 du 9 f\u00e9vrier 2026 portant d\u00e9l\u00e9gation de signature aux  \nagents de la direction d\u00e9partementale des territoires et de la mer des Bouches-du-Rh\u00f4ne ;\nVU les  signalements  transmis  par  monsieur  Justin  CORNILLE,  exploitant  agricole,  le  \n11 mars 2026 concernant la pr\u00e9sence de lapins de garenne dans ses parcelles sur la  commune \nde Saint-Martin-de-Crau ;\nVU la  demande  de  madame  Marilys  CINQUINI ,  lieutenant  de  louveterie  de  la  \n15  circonscription des Bouches-du-Rh\u00f4ne, dat\u00e9e \u1d49 du 12 mars 2026 ;\n16, rue Antoine Zattara  \u2013 13332 Marseille Cedex 3\nContact : ddtm-chasse@bouches-du-rhone.gouv.fr\nwww.bouches-du-rhone.gouv.fr\nDirection Departementale des Territoires et de la Mer 13 - 13-2026-03-20-00001 - Arr\u00eat\u00e9 portant autorisation d'effectuer une\nop\u00e9ration de destruction administrative aux lapins de garenne sur la commune de Saint-Martin-de-Crau 5\nVU l'avis de la f\u00e9d\u00e9ration d\u00e9partementale des chasseurs du 19 mars 2026 ;\nCONSID\u00c9RANT les nombreuses nuisances occasionn\u00e9es par les lapins de garenne  au sein de  \nl'exploitation de monsieur Justin CORNILLE , portant atteinte \u00e0 ses cultures sur la commune  \nde Saint-Martin-de-Crau ;\nCONSID\u00c9RANT la pr\u00e9sence r\u00e9currente de lapins de garenne  et donc la n\u00e9cessit\u00e9 de r\u00e9guler  \nleur  population  en  vue  de  pr\u00e9venir  les  atteintes  aux  cultures dans  la  commune  sus-\nmentionn\u00e9e.\nARR\u00caTE\nArticle  premier :  madame  Marilys  CINQUINI,  lieutenant  de  louveterie  des  Bouches-du-\nRh\u00f4ne, est autoris\u00e9e \u00e0 pratiquer la r\u00e9gulation du lapin de garenne  \u00e0 toute heure du jour et  \nde  la  nuit,  \u00e0  l'heure  qu'elle  jugera  opportune  dans  les  parcelles  agricoles  de  \nmonsieur Justin CORNILLE, situ\u00e9es route de Saint-Martin-de-Crau sur la commune de Saint-\nMartin-de-Crau .\nEn cas de n\u00e9cessit\u00e9 apparaissant lors de la destruction administrative, les interventions  \npourront \u00eatre r\u00e9alis\u00e9es sur tous les secteurs d'o\u00f9 proviennent les  lapins de garenne  ainsi  \nque sur tous les secteurs sur lesquels ils se r\u00e9fugient.\nArticle 2 : le tir de lapins de garenne  sera fait par madame Marilys CINQUINI, lieutenant de  \nlouveterie  de  la  15\u00e8me  circonscription  des  Bouches-du-Rh\u00f4ne,  accompagn\u00e9e  des  \nchasseurs  qu'elle  aura  d\u00e9sign\u00e9s.  Cette  r\u00e9gulation  administrative  pourra  se  d\u00e9 rouler  \u00e0  \ncompter de la date de publication du pr\u00e9sent arr\u00eat\u00e9 et  jusqu'au 15 juin 2026.\nEn  cas  de  n\u00e9cessit\u00e9  ou  d'emp\u00eachement,  elle  pourra  se  faire  assister  ou  suppl\u00e9er  par  \nd'autres lieutenants de louveterie du d\u00e9partement.\nArticle 3  : l a destruction d es  lapins de garenne  pourra \u00eatre effectu\u00e9e au moyen de toutes  \narmes autoris\u00e9es pour la chasse. La d\u00e9tention du permis de chasse avec validation annuelle  \nest obligatoire pour les assistants chasseurs le cas \u00e9ch\u00e9ant.\nL'emploi de chiens et de furets est autoris\u00e9.\nLa venaison pourra \u00eatre soit :\n- remise \u00e0 des \u0153uvres locales de bienfaisance (avec contr\u00f4le sanitaire pris en charge par la  \ncommune),\n- trait\u00e9e par une entreprise d'\u00e9quarrissage agr\u00e9\u00e9e par le pr\u00e9fet (aux frais de la commune),\n-  r\u00e9cup\u00e9r\u00e9e  par  le  d\u00e9tenteur  du  droit  de  chasse  du  lieu  de  l'op\u00e9ration  pour  sa  seule  \nconsommation  priv\u00e9e,  \u00e0  charge  pour  lui  de  faire  r\u00e9aliser  les  contr\u00f4les  sanitaires  \nr\u00e9glementaires, ou par l'exploitant agricole.\nCes carcasses ne devront en aucun cas faire l'objet d'une transaction commerciale.\nArticle 4 : \u00e0 l'issue de cette op\u00e9ration, les r\u00e9sultats obtenus seront consign\u00e9s dans u n rapport \nadress\u00e9 \u00e0 la direction d\u00e9partementale des territoires et de la mer des Bouches-du-Rh\u00f4ne \u00e0  \nl'adresse :  ddtm-chasse@bouches-du-rhone.gouv.fr.\nArticle 5    : tout acte d'outrage ou de violence \u00e0 l'encontre du lieutenant de louveterie ou  \ndes participant(e)s \u00e0 l'op\u00e9ration de destruction administrative, notamment s'il constitue  \nune entrave \u00e0  son ex\u00e9cution,  fera syst\u00e9matiquement  l'objet  de poursuites  p\u00e9nales.  Est \npuni, au titre de l'article R428-12-1 du code de l'environnement, de l'amende pr\u00e9vue pour  \n2/3\nDirection Departementale des Territoires et de la Mer 13 - 13-2026-03-20-00001 - Arr\u00eat\u00e9 portant autorisation d'effectuer une\nop\u00e9ration de destruction administrative aux lapins de garenne sur la commune de Saint-Martin-de-Crau 6\nles contraventions de la cinqui\u00e8me classe le fait, par des actes d'obstruction concert\u00e9s,  \nd'emp\u00eacher le d\u00e9roulement de cette destruction administrative.\nArticle 6  :  conform\u00e9ment \u00e0 l'article R. 421-1 du code de justice administrative, la pr\u00e9sente  \nd\u00e9cision peut faire l'objet d'un recours contentieux, dans le d\u00e9lai de deux mois \u00e0 compter de  \nsa  notification,  devant  le  tribunal  administratif  de  Marseille,  31  rue  Jean-Fran\u00e7ois  LECA  \u2013 \n13235 Marseille cedex 02 qui peut \u00eatre saisi par l'application informatique \u00ab  t\u00e9l\u00e9recours \u00bb \naccessible par le site internet https://www.telerecours.fr. \nElle  peut  \u00e9galement  faire  l'objet  d'un recours  gracieux aupr\u00e8s  de  monsieur  le  pr\u00e9fet  des  \nBouches-du-Rh\u00f4ne. Cette d\u00e9marche interrompt le d\u00e9lai de recours contentieux, ce dernier  \ndevant \u00eatre introduit dans le d\u00e9lai de deux mois suivant une d\u00e9cision implicite ou explicite de  \nl'autorit\u00e9 comp\u00e9tente (le silence de l'administration pendant un d\u00e9lai de deux mois valant  \nd\u00e9cision implicite de rejet).\nArticle 7 : \n\u2022 le secr\u00e9taire g\u00e9n\u00e9ral de la pr\u00e9fecture des Bouches-du-Rh\u00f4ne,\n\u2022 le directeur d\u00e9partemental des territoires et de la mer des Bouches-du-Rh\u00f4ne,\n\u2022 le colonel commandant le groupement d\u00e9partemental de gendarmerie des Bouches-du-\nRh\u00f4ne,\n\u2022 le directeur d\u00e9partemental de la s\u00e9curit\u00e9 publique des Bouches-du-Rh\u00f4ne,\n\u2022 le chef du service d\u00e9partemental de l'office fran\u00e7ais de la biodiversit\u00e9 des Bouches-du-\nRh\u00f4ne,\n\u2022 madame Marilys CINQUINI, lieutenant de louveterie,\n\u2022 le pr\u00e9sident de la f\u00e9d\u00e9ration d\u00e9partementale des chasseurs des Bouches-du-Rh\u00f4ne,\n\u2022 le maire de la commune de Saint-Martin-de-Crau,\nsont charg\u00e9s, chacun en ce qui le concerne, de l'ex\u00e9cution du pr\u00e9sent arr\u00eat\u00e9.\nMarseille, le 20 mars 2026, \npour le pr\u00e9fet et par d\u00e9l\u00e9gation,\npour le directeur d\u00e9partemental et par d\u00e9l\u00e9gation,\nle chef de l'unit\u00e9 chasse et esp\u00e8ces prot\u00e9g\u00e9es,\nSIGNE\nBertrand VEDOVATI\n3/3\nDirection Departementale des Territoires et de la Mer 13 - 13-2026-03-20-00001 - Arr\u00eat\u00e9 portant autorisation d'effectuer une\nop\u00e9ration de destruction administrative aux lapins de garenne sur la commune de Saint-Martin-de-Crau 7\nPr\u00e9fecture de police des Bouches-du-Rh\u00f4ne\n13-2026-03-19-00013\nArr\u00eat\u00e9 autorisant la captation et la transmission\nd'images au moyen de cam\u00e9ras install\u00e9es sur des\na\u00e9ronefs de la force a\u00e9rienne de gendarmerie\nSud\nPr\u00e9fecture de police des Bouches-du-Rh\u00f4ne - 13-2026-03-19-00013 - Arr\u00eat\u00e9 autorisant la captation et la transmission\nd'images au moyen de cam\u00e9ras install\u00e9es sur des a\u00e9ronefs de la force a\u00e9rienne de gendarmerie Sud 8\nPREFETDES BOUCHES-DU-RHONELibert\u00e9Egalit\u00e9Fraternit\u00e9\nPr\u00e9f\u00e8te de police d\u00e9l\u00e9gu\u00e9e\nArr\u00eat\u00e9 autorisant la captation et la transmission\nd'images au moyen de cam\u00e9ras install\u00e9es sur des a\u00e9ronefs de la force a\u00e9rienne de\ngendarmerie Sud\nLa pr\u00e9f\u00e8te de police d\u00e9l\u00e9gu\u00e9e,\nVu le Code de la s\u00e9curit\u00e9 int\u00e9rieure et notamment ses articles L. 242-1 \u00e0 L. 242-8 et R. 242-\n8 \u00e0 R. 242-14 ;\nVu l'article L. 122-1 du Code de la s\u00e9curit\u00e9 int\u00e9rieure ;\nVu le  d\u00e9cret  n\u00b0  2025-723  du  30  juillet  2025  relatif  aux  pouvoirs  des  pr\u00e9fets,  \u00e0\nl'organisation et \u00e0 l'action des services de l'\u00c9tat dans les r\u00e9gions et d\u00e9partements ;\nVu le  d\u00e9cret  du  Pr\u00e9sident  de  la  R\u00e9publique  en  date  du  19  novembre  2025  portant\nnomination de Monsieur Jacques WITKOWSKI en qualit\u00e9 de pr\u00e9fet de la r\u00e9gion Provence-\nAlpes-C\u00f4te d'Azur, pr\u00e9fet de la zone de d\u00e9fense et de s\u00e9curit\u00e9 Sud, pr\u00e9fet des Bouches-\ndu-Rh\u00f4ne ;\nVu le d\u00e9cret du pr\u00e9sident de la R\u00e9publique du 17 juillet 2025 portant nomination de Mme\nCorinne SIMON en qualit\u00e9 de pr\u00e9f\u00e8te de police d\u00e9l\u00e9gu\u00e9e aupr\u00e8s du pr\u00e9fet des Bouches-\ndu-Rh\u00f4ne ;\nVu le d\u00e9cret du pr\u00e9sident de la R\u00e9publique du 31 juillet 2025 portant nomination de Mme\nLola MENAHEM en qualit\u00e9 de sous-pr\u00e9f\u00e8te, directrice de cabinet de la pr\u00e9f\u00e8te de police\nd\u00e9l\u00e9gu\u00e9e aupr\u00e8s du pr\u00e9fet des Bouches-du-Rh\u00f4ne ;\nVu le d\u00e9cret du pr\u00e9sident de la R\u00e9publique du 23 septembre 2025 portant nomination de\nM. Pierre GILARDEAU en qualit\u00e9 de sous-pr\u00e9fet, directeur de cabinet adjoint de la pr\u00e9f\u00e8te\nde police d\u00e9l\u00e9gu\u00e9e aupr\u00e8s du pr\u00e9fet des Bouches-du-Rh\u00f4ne ;\nVu l'arr\u00eat\u00e9 pr\u00e9fectoral du 5 f\u00e9vrier 2026 donnant d\u00e9l\u00e9gation de signature \u00e0 Mme Corinne\nSIMON, pr\u00e9f\u00e8te de police d\u00e9l\u00e9gu\u00e9e aupr\u00e8s du pr\u00e9fet des Bouches-du-Rh\u00f4ne ainsi qu'\u00e0\nMme  Lola  MENAHEM,  sous-pr\u00e9f\u00e8te,  directrice  de  cabinet  de  la  pr\u00e9f\u00e8te  de  police\nd\u00e9l\u00e9gu\u00e9e et  de  M.  Pierre  GILARDEAU  en  qualit\u00e9  de  sous-pr\u00e9fet,  directeur  de  cabinet\nadjoint de la pr\u00e9f\u00e8te de police d\u00e9l\u00e9gu\u00e9e ;\nVu l'arr\u00eat\u00e9 du ministre de l'Int\u00e9rieur et des outre-mer, en date du 19 avril 2023 relatif au\nnombre maximal de cam\u00e9ras install\u00e9es sur des a\u00e9ronefs pouvant \u00eatre simultan\u00e9ment\nutilis\u00e9es dans chaque d\u00e9partement et collectivit\u00e9 d'outre-mer ;\nVu la demande en date du 19 mars 2026, form\u00e9e par  le commandement des forces\na\u00e9rienne de gendarmerie Sud,  visant \u00e0 obtenir l'autorisation de capter et de transmettre\ndes images au moyen de deux cam\u00e9ras install\u00e9es sur deux h\u00e9licopt\u00e8res  aux fins d'assurer\nla  pr\u00e9vention  des  atteintes  \u00e0  la  s\u00e9curit\u00e9  des  personnes  et  des  biens,  la  s\u00e9curit\u00e9  des\nrassemblements et la r\u00e9gulation des flux de transport ;\nPr\u00e9fecture de police des Bouches-du-Rh\u00f4ne - 13-2026-03-19-00013 - Arr\u00eat\u00e9 autorisant la captation et la transmission\nd'images au moyen de cam\u00e9ras install\u00e9es sur des a\u00e9ronefs de la force a\u00e9rienne de gendarmerie Sud 9\nConsid\u00e9rant que les dispositions susvis\u00e9es permettent aux forces de s\u00e9curit\u00e9 int\u00e9rieure,\ndans  l'exercice  de  leurs  missions  de  pr\u00e9vention  des  atteintes  \u00e0  l'ordre  public  et  de\nprotection de la s\u00e9curit\u00e9 des personnes et des biens, de proc\u00e9der \u00e0 la captation et \u00e0 la\ntransmission d'images au moyen de cam\u00e9ras install\u00e9es sur des a\u00e9ronefs aux fins d'assurer\nla s\u00e9curit\u00e9 des personnes et des biens  ; que notamment, le 1\u00b0 de l'article L.  242-5 susvis\u00e9\npr\u00e9voit que ces dispositifs peuvent \u00eatre mis en \u0153uvre aux fins de pr\u00e9venir les atteintes \u00e0\nla s\u00e9curit\u00e9 des personnes et des biens dans des lieux particuli\u00e8rement expos\u00e9s, en raison\nde leurs caract\u00e9ristiques ou des faits qui s'y sont d\u00e9j\u00e0 d\u00e9roul\u00e9s, \u00e0 des risques d'agression,\nde vols ou de trafics d'armes, d'\u00eatres humains ou de stup\u00e9fiants ainsi que la protection\ndes b\u00e2timents et installations publiques et priv\u00e9s et de leurs abords imm\u00e9diats, lorsqu'ils\nsont particuli\u00e8rement expos\u00e9s \u00e0 des risques d'intrusion ou de d\u00e9gradation ;\nConsid\u00e9rant que le 2\u00b0 de l'article L.242-5 pr\u00e9voit que ces dispositifs peuvent \u00eatre mis en\n\u0153uvre afin de s\u00e9curiser les rassemblements de personnes sur la voie publique ou dans des\nlieux ouverts au public ainsi que l'appui des personnels au sol, en vue de leur permettre\nde maintenir ou de r\u00e9tablir l'ordre public, lorsque ces rassemblements sont susceptibles\nd'entra\u00eener des troubles graves \u00e0 l'ordre public; que le 4\u00b0 de l'article susmentionn\u00e9 pr\u00e9voit\nque ces dispositifs peuvent \u00eatre mis en \u0153uvre pour la r\u00e9gulation des flux de transport,\naux seules fins du maintien de l'ordre et de la s\u00e9curit\u00e9 publique ;\nConsid\u00e9rant  la  tenue  de  proc\u00e8s  sensibles  en  lien  avec  le  haut  du  spectre  du  narco\nbanditisme, au sein de la Cour d'appel d'Aix-en-Provence  du 9 mars 2026 au 10 avril 2026,\nqui  donnera  lieu  \u00e0  un  dispositif  de  s\u00e9curisation  cons\u00e9quent  avec  une  mobilisation\nimportante  de  forces  de  s\u00e9curit\u00e9  int\u00e9rieure  et  \u00e0  d'importants  rassemblements  de\npersonnes,  notamment  de  celles  amen\u00e9es  \u00e0  compara\u00eetre  mais  aussi  de  leurs\naccompagnants, de public et de m\u00e9dias ;\nConsid\u00e9rant qu'il existe un risque av\u00e9r\u00e9 inh\u00e9rent \u00e0 l'extraction quotidienne des d\u00e9tenus de\nleurs lieux d'incarc\u00e9ration jusqu'\u00e0 la cour d'appel d'Aix-en-Provence ;\nConsid\u00e9rant que les profils des d\u00e9tenus - D\u00e9tenus Particuli\u00e8rement Signal\u00e9s - pr\u00e9sentent\nun risque particulier d'\u00e9vasion ; que par ailleurs ils pourraient b\u00e9n\u00e9ficier de la complicit\u00e9\nde puissants r\u00e9seaux de narco trafiquants ;\nConsid\u00e9rant  qu'une  tentative  d'\u00e9vasion  pourrait  porter  une  atteinte  grave  \u00e0  l'ordre\npublic et constituer une menace certaine \u00e0 l'encontre des forces de s\u00e9curit\u00e9 int\u00e9rieure, du\npersonnel p\u00e9nitentiaire et du personnel de la cour d'appel ; \nConsid\u00e9rant  que  l'utilisation de dispositifs de captations d'image est rendue n\u00e9cessaire\npour la pr\u00e9servation de la s\u00e9curit\u00e9 des biens, des personnes ainsi que des rassemblements\npr\u00e9visibles, dans le contexte susmentionn\u00e9 ;\nConsid\u00e9rant que l'a\u00e9ronef n'effectue aucune mission en dessous de 60 m\u00e8tres de hauteur\npour des raisons d'efficacit\u00e9, de discr\u00e9tion, de s\u00e9curit\u00e9 et de non perturbation du signal\nradio ; que par cons\u00e9quent le survol s'effectue syst\u00e9matiquement largement au-dessus\ndes toits des immeubles se situant aux abords, ne permettant pas ainsi une captation\nd'images \u00e0 l'int\u00e9rieur des habitations ;\nConsid\u00e9rant l'int\u00e9r\u00eat pour les forces de l'ordre de disposer d'une vision en grand angle au\nregard de la configuration des lieux, notamment des points hauts d'o\u00f9 peuvent \u00eatre\nenvoy\u00e9s des projectiles et des diff\u00e9rents axes qui rejoignent les lieux d'incarc\u00e9ration et\nd'audience,  le  recours  aux  dispositifs  de  captation  install\u00e9s  sur  des  a\u00e9ronefs  est\nn\u00e9cessaire  et  adapt\u00e9  ;  qu'il  n'existe  pas  de  dispositif  moins  intrusif  permettant  de\nparvenir aux m\u00eame fins ;\nPr\u00e9fecture de police des Bouches-du-Rh\u00f4ne - 13-2026-03-19-00013 - Arr\u00eat\u00e9 autorisant la captation et la transmission\nd'images au moyen de cam\u00e9ras install\u00e9es sur des a\u00e9ronefs de la force a\u00e9rienne de gendarmerie Sud 10\nConsid\u00e9rant que la demande porte sur l'engagement de deux cam\u00e9ras WESTCAM MX-15\ninstall\u00e9es  sur  deux  h\u00e9licopt\u00e8res,  sur  la  p\u00e9riode  des  grands  proc\u00e8s  sensibles,  sur  les\nitin\u00e9raires tenus confidentiels entre les diff\u00e9rents sites, lieux d'incarc\u00e9ration et d'audience\net sur une amplitude horaire limit\u00e9e au temps du transport des d\u00e9tenus ;\nConsid\u00e9rant qu'il peut \u00eatre d\u00e9rog\u00e9 \u00e0 l'obligation d'information du public concernant\nl'emploi des cam\u00e9ras install\u00e9es sur des a\u00e9ronefs dans les cas o\u00f9 cette information entre\nen contradiction avec les objectifs poursuivis parmi la finalit\u00e9 relative \u00e0 la pr\u00e9vention des\natteintes \u00e0 la s\u00e9curit\u00e9 des personnes et des biens, mentionn\u00e9e au 1\u00b0 de l'article R. 242-8  ;\nqu'en l'esp\u00e8ce, une information du public pourrait mettre en danger les fonctionnaires de\npolice patrouillant ou intervenant \u00e0 proximit\u00e9 et rendrait inefficace l'emploi du moyen\nenvisag\u00e9  de  captation  d'images ;  que  dans  ces  conditions,  seule  une  publication  du\npr\u00e9sent arr\u00eat\u00e9 au recueil des actes administratifs sera effectu\u00e9e ;\nConsid\u00e9rant  que la persistance de la menace terroriste a un niveau \u00e9lev\u00e9 sollicite tr\u00e8s\nfortement  les  forces  de  s\u00e9curit\u00e9  int\u00e9rieure  dans  le  cadre  de  la  posture  \u00ab  Urgence\nAttentat \u00bb du plan VIGIPIRATE, en vigueur sur l'ensemble du territoire national depuis le\n24 mars 2024 ;\nARR\u00caTE\nArticle 1 \u2013 La captation et la transmission d'images, par la force a\u00e9rienne de Gendarmerie\nSud, sont autoris\u00e9es les jours et horaires suivants :\n- lundi 23 mars 2026  - de 07h00 \u00e0 09h00, de 11h00 \u00e0 14h00, de 16h00 \u00e0 23h00 ;\n- vendredi 27 mars 2026  - de 07h00 \u00e0 09h00, de 11h00 \u00e0 14h00, de 16h00 \u00e0 23h00 ;\n- vendredi 10 avril 2026  - de 07h00 \u00e0 09h00, de 11h00 \u00e0 14h00, de 16h00 \u00e0 23h00.\nArticle  2  \u2013  Le  nombre  maximal  de  cam\u00e9ras  pouvant  proc\u00e9der  simultan\u00e9ment  aux\ntraitements mentionn\u00e9s \u00e0 l'article 1 er est fix\u00e9 \u00e0 deux cam\u00e9ras WESTCAM MX-15, install\u00e9es\nsur deux h\u00e9licopt\u00e8res des forces a\u00e9riennes de la gendarmerie nationale Sud.\nArticle         3   \u2013  La  pr\u00e9sente  autorisation  est  limit\u00e9e  au  p\u00e9rim\u00e8tre  du  secteur  de  la  Cour\nd'Appel  \u00e0  Aix-en-Provence,  du  Centre  P\u00e9nitentiaire  \u00e0  Aix-Luynes  et  au  Centre\nP\u00e9nitentiaire des Baumettes \u00e0 Marseille ainsi que sur les axes reliant ces diff\u00e9rents sites.\nArticle 4 \u2013 La mission se fera \u00e0 partir d'une altitude sup\u00e9rieure \u00e0 60 m\u00e8tres afin d'assurer le\ndroit au respect de la vie priv\u00e9e des habitations se trouvant dans le p\u00e9rim\u00e8tre de survol\npr\u00e9vu par le pr\u00e9sent arr\u00eat\u00e9.\nArticle 5 \u2013 Le registre mentionn\u00e9 \u00e0 l'article L 242-4 du Code de la s\u00e9curit\u00e9 int\u00e9rieure sera\ntransmis au pr\u00e9fet de police, \u00e0 l'issue de la p\u00e9riode d'autorisation.\nArticle   6       \u2013  Le  pr\u00e9sent  arr\u00eat\u00e9  peut  faire  l'objet  d'un  recours  contentieux  aupr\u00e8s  du\ntribunal administratif de Marseille, sis 31 Rue Jean Fran\u00e7ois Leca, 13002 MARSEILLE, dans\nun  d\u00e9lai  de  deux  mois  \u00e0  compter  de  sa  publication  ou  au  moyen  de  l'application\n\u00ab T\u00e9l\u00e9recours citoyen  \u00bb (https://www.telerecours.fr).\nPr\u00e9fecture de police des Bouches-du-Rh\u00f4ne - 13-2026-03-19-00013 - Arr\u00eat\u00e9 autorisant la captation et la transmission\nd'images au moyen de cam\u00e9ras install\u00e9es sur des a\u00e9ronefs de la force a\u00e9rienne de gendarmerie Sud 11\nArticle 7  \u2013  Le commandant des forces a\u00e9riennes de la gendarmerie Sud  est charg\u00e9 de\nl'ex\u00e9cution du pr\u00e9sent arr\u00eat\u00e9 qui sera publi\u00e9 au recueil des actes administratifs des services\nde l'\u00c9tat dans les Bouches-du-Rh\u00f4ne.\n            \n Marseille, le 19 mars 2026,   \nPour la pr\u00e9f\u00e8te de police d\u00e9l\u00e9gu\u00e9e,\nla directrice de cabinet et par d\u00e9l\u00e9gation\nSign\u00e9\n                                 \n                                           \nLola MENAHEM\nPr\u00e9fecture de police des Bouches-du-Rh\u00f4ne - 13-2026-03-19-00013 - Arr\u00eat\u00e9 autorisant la captation et la transmission\nd'images au moyen de cam\u00e9ras install\u00e9es sur des a\u00e9ronefs de la force a\u00e9rienne de gendarmerie Sud 12\n(CentreJP enitentiaire desLE F - BAUMETTESLE eut, @pue de HO,iyTM rh,\nAnnexes\nPr\u00e9fecture de police des Bouches-du-Rh\u00f4ne - 13-2026-03-19-00013 - Arr\u00eat\u00e9 autorisant la captation et la transmission\nd'images au moyen de cam\u00e9ras install\u00e9es sur des a\u00e9ronefs de la force a\u00e9rienne de gendarmerie Sud 13\nse Aix-en-ProvenceIe ad;_\n\u2014~4>LA\u00e0\nPr\u00e9fecture de police des Bouches-du-Rh\u00f4ne - 13-2026-03-19-00013 - Arr\u00eat\u00e9 autorisant la captation et la transmission\nd'images au moyen de cam\u00e9ras install\u00e9es sur des a\u00e9ronefs de la force a\u00e9rienne de gendarmerie Sud 14\nPr\u00e9fecture des Bouches-du-Rhone\n13-2026-03-19-00012\nArr\u00eat\u00e9 modifiant la constitution de la\ncommission d\u00e9partementale mixte de p\u00e2turage\npr\u00e9vue aux articles L213-24 et L214-12 du Code\nForestier dans les Bouches-du-Rh\u00f4ne\nPr\u00e9fecture des Bouches-du-Rhone - 13-2026-03-19-00012 - Arr\u00eat\u00e9 modifiant la constitution de la commission d\u00e9partementale mixte de\np\u00e2turage pr\u00e9vue aux articles L213-24 et L214-12 du Code Forestier dans les Bouches-du-Rh\u00f4ne 15\nPREFETDES BOUCHES-DU-RHONELibert\u00e9Egalit\u00e9Fraternit\u00e9\nDirection d\u00e9partementale\ndes territoires et de la mer\ndes Bouches-du-Rh\u00f4ne\nArr\u00eat\u00e9 n\u00b0\nModifiant la constitution de la commission d\u00e9partementale mixte de p\u00e2turage pr\u00e9vue \naux articles L 213-24 et L214-12 du Code Forestier \ndans les Bouches-du-Rh\u00f4ne\nLe Pr\u00e9fet de la R\u00e9gion Provence-Alpes-C\u00f4te-d'Azur\nPr\u00e9fet des Bouches-du-Rh\u00f4ne,\nVu le code forestier, et notamment les articles L.211-1, L.213-24 et 25, L.214-12, L.221-2, L.221-2,  \nL.241-3, L.163-9, R.213-41 \u00e0 44 et R.261-9 \u00e0 12 relatifs au p\u00e2turage en for\u00eat o\u00f9 le r\u00e9gime forestier est  \nappliqu\u00e9 ;\nVu le code rural et notamment les articles L 481-1 \u00e0 4 relatifs aux contrats d'exploitation de terres \u00e0  \nvocation pastorale ;\nVu le d \u00e9cret n\u00b0 2010-146 du 16 f\u00e9vrier 2010 modifiant le d\u00e9cret n\u00b0 2004-374 du 29 avril 2004 relatif  \naux pouvoirs des pr\u00e9fets, \u00e0 l'organisation et \u00e0 l'action des services de l'\u00c9tat dans les r\u00e9gions et  \nd\u00e9partements ;\nVu la proposition du 23/04/2025 du Pr\u00e9sident de la Chambre d'agriculture des Bouches-du Rh\u00f4ne de  \n3 nouveaux repr\u00e9sentants des \u00e9leveurs locaux suite aux \u00e9lections \u00e0 la chambre d'agriculture  des \nBouches-du Rh\u00f4ne ;\nConsid\u00e9rant l'arr\u00eat\u00e9 constituant la commission d\u00e9partementale mixte de p\u00e2turage pr\u00e9vue aux articles \nL 213-24 et 214-12  du Code Forestier dans les Bouches-du-Rh\u00f4ne en date du 9 septembre 2024 ;\nConsid\u00e9rant la  n\u00e9cessit\u00e9  de  modifier  les  repr\u00e9sentants  de  la  chambre  d'agriculture  suite  aux  \n\u00e9lections ;\nSur proposition du directeur d\u00e9partemental des territoires et de la mer des Bouches-du-Rh\u00f4ne,\nARTICLE 1 :  L'article 2 de l'arr\u00eat\u00e9 pr\u00e9fectoral du 9 septembre 2024 est modifi\u00e9 comme suit :\nLes trois membres d\u00e9sign\u00e9s par la Chambre d'agriculture des Bouches-du-Rh\u00f4ne repr\u00e9sentant les  \n\u00e9leveurs locaux sont :\n1. Monsieur Pierre-Henri CALLET\n2. Monsieur Laurent ISRAELIAN\n3. Monsieur Claude ROSSIGNOL\nARTICLE 2 : Tous les autres points de l'arr\u00eat\u00e9 du 9 septembre 2024 restent inchang\u00e9s\nPr\u00e9fecture des Bouches-du-Rhone - 13-2026-03-19-00012 - Arr\u00eat\u00e9 modifiant la constitution de la commission d\u00e9partementale mixte de\np\u00e2turage pr\u00e9vue aux articles L213-24 et L214-12 du Code Forestier dans les Bouches-du-Rh\u00f4ne 16\nARTICLE 3 : D\u00e9lais et voies de recours\nLe  pr\u00e9sent  arr\u00eat\u00e9  peut  faire  l'objet  d'un  recours  contentieux  devant  le  tribunal  administratif  de  \nMarseille dans un d\u00e9lai de 2 mois \u00e0 compter de sa publication au recueil des actes administratifs.\nLe tribunal peut \u00e9galement \u00eatre saisi par l'application informatique \u00ab  T\u00e9l\u00e9recours citoyen \u00bb accessible \npar le site internet \u00ab www.telerecours.fr \u00bb.\nARTICLE 4 : Ex\u00e9cution\nLe  secr\u00e9taire  g\u00e9n\u00e9ral  de  la  Pr\u00e9fecture  des  Bouches-du-Rh\u00f4ne,  le  directeur  d\u00e9partemental  des  \nterritoires et de la mer des Bouches-du-Rh\u00f4ne, le Pr\u00e9sident de la chambre d'agriculture des Bouches-\ndu-Rh\u00f4ne et le directeur de l'Agence territoriale ONF Bouches-du-Rh\u00f4ne/Vaucluse, sont charg\u00e9s,  \nchacun en ce qui les concerne, de l'ex\u00e9cution du pr\u00e9sent arr\u00eat\u00e9, qui sera ins\u00e9r\u00e9 au recueil des actes  \nadministratifs de la Pr\u00e9fecture.\nIl sera en outre transmis pour information \u00e0 Monsieur le pr\u00e9sident du CERPAM, \u00e0 Monsieur le \nPr\u00e9sident du Parc Naturel R\u00e9gional des Alpilles, \u00e0 Mme la Pr\u00e9sidente de la m\u00e9tropole Aix-Marseille-\nProvence, \u00e0 Monsieur le Pr\u00e9sident du syndicat SIER de la Montagnette et \u00e0 Monsieur le pr\u00e9sident des \ncommunes foresti\u00e8res des Bouches-du-Rh\u00f4ne.\nLe 19 mars 2026\nPour le Pr\u00e9fet\nLa secr\u00e9taire g\u00e9n\u00e9rale adjointe\nSign\u00e9\nMarie-Pervenche PLAZA\n2/2\nPr\u00e9fecture des Bouches-du-Rhone - 13-2026-03-19-00012 - Arr\u00eat\u00e9 modifiant la constitution de la commission d\u00e9partementale mixte de\np\u00e2turage pr\u00e9vue aux articles L213-24 et L214-12 du Code Forestier dans les Bouches-du-Rh\u00f4ne 17\nPr\u00e9fecture des Bouches-du-Rhone\n13-2026-02-13-00029\nARR\u00caT\u00c9 du 13 FEVRIER 2026\nportant habilitation sous le n\u00b0 26-13-0148 de \nl'entreprise individuelle d\u00e9nomm\u00e9e\n\u00ab\u00a0POMPES FUNEBRES FARALDI \u00bb sise \u00e0 Marseille\n(13011) dans le domaine fun\u00e9raire\nPr\u00e9fecture des Bouches-du-Rhone - 13-2026-02-13-00029 - ARR\u00caT\u00c9 du 13 FEVRIER 2026\nportant habilitation sous le n\u00b0 26-13-0148 de  l'entreprise individuelle d\u00e9nomm\u00e9e\n\u00ab\u00a0POMPES FUNEBRES FARALDI \u00bb sise \u00e0 Marseille (13011) dans le domaine fun\u00e9raire\n18\nPREFETDES BOUCHES-DU-RHONELibert\u00e9Egalit\u00e9Fraternit\u00e9\nDIRECTION DE LA CITOYENNETE\nDE LA LEGALITE ET DE L'ENVIRONNEMENT\nBureau des \u00e9lections et de la r\u00e9glementation\nDCLE/BER/FUN/BC/2026/RAA N\u00b0                            \nARR\u00caT\u00c9 du 13 FEVRIER 2026\nportant habilitation sous le n\u00b0 26-13-0148 de  l'entreprise individuelle d\u00e9nomm\u00e9e\n\u00ab POMPES FUNEBRES FARALDI \u00bb sise \u00e0 Marseille (13011) dans le domaine fun\u00e9raire\nLe pr\u00e9fet de la r\u00e9gion Provence-Alpes-C\u00f4te d'Azur\n         pr\u00e9fet de la zone de d\u00e9fense et de s\u00e9curit\u00e9 Sud\n                       pr\u00e9fet des Bouches-du-Rh\u00f4ne\n              \nVu le code g\u00e9n\u00e9ral des collectivit\u00e9s territoriales (CGCT), notamment les articles L2223-19 et  L2223-\n23 ;\nVu la loi n\u00b02008-1350 du 19 d\u00e9cembre 2008 relative \u00e0 la l\u00e9gislation fun\u00e9raire ;\nVu l'ordonnance n\u00b0 2005-855 du 28 juillet 2005 relative aux op\u00e9rations fun\u00e9raires, notamment l'article \n1 - \u00a7 IV ;\nVu le d\u00e9cret n\u00b0 2004-374 du 29 avril 2004 relatif aux pouvoirs des pr\u00e9fets, \u00e0 l'organisation et \u00e0 l'action  \ndes services de l'Etat dans les r\u00e9gions et d\u00e9partements ;\nVu le d\u00e9cret du 19 novembre 2025 portant nomination de monsieur Jacques WITKOWSKI en qualit\u00e9  \nde pr\u00e9fet de la r\u00e9gion Provence-Alpes-C\u00f4te d'Azur, pr\u00e9fet de la zone de d\u00e9fense et de s\u00e9curit\u00e9 Sud,  \npr\u00e9fet des Bouches-du-Rh\u00f4ne ;\nVu le d\u00e9cret du 31 janvier 2025 portant nomination de monsieur Fr\u00e9d\u00e9ric POISOT en qualit\u00e9 de  \nsecr\u00e9taire g\u00e9n\u00e9ral de la pr\u00e9fecture des Bouches-du-Rh\u00f4ne, sous-pr\u00e9fet de Marseille ;\nVu le d\u00e9cret n\u00b02012-608 du 30 avril 2012 relatif aux dipl\u00f4mes dans le secteur fun\u00e9raire ;\nVu l'arr\u00eat\u00e9 du 30 avril 2012 portant application du d\u00e9cret susvis\u00e9 ;\nVu le d\u00e9cret n\u00b02020-917 du 28 juillet 2020 relatif \u00e0 la dur\u00e9e de l'habilitation dans le secteur fun\u00e9raire ;\nVu  l'arr\u00eat\u00e9  n\u00b0  24-13-0148  du  pr\u00e9fet  des  Bouches-du-Rh\u00f4ne  en  date  du  11  mars  2024  portant  \nhabilitation dans  le  domaine  fun\u00e9raire  jusqu'au  12  f\u00e9vrier  2026\nde l'entreprise individuelle d\u00e9nomm\u00e9e \u00ab  POMPES FUNEBRES FARALDI JEAN  \u00bb sise 15 boulevard Brune  \n\u00e0 Marseille (13011) ;\nVu la demande re\u00e7ue le 26 janvier 2026 de M. Jean Faraldi g\u00e9rant sollicitant le renouvellement de  \nl'habilitation susvis\u00e9e \u00e0 son \u00e9ch\u00e9ance ;\nConsid\u00e9rant que la demande est constitu\u00e9e conform\u00e9ment \u00e0 la l\u00e9gislation en vigueur ;\nSur proposition du secr\u00e9taire g\u00e9n\u00e9ral de la pr\u00e9fecture des Bouches-du-Rh\u00f4ne ;\nPr\u00e9fecture des Bouches-du-Rhone - 13-2026-02-13-00029 - ARR\u00caT\u00c9 du 13 FEVRIER 2026\nportant habilitation sous le n\u00b0 26-13-0148 de  l'entreprise individuelle d\u00e9nomm\u00e9e\n\u00ab\u00a0POMPES FUNEBRES FARALDI \u00bb sise \u00e0 Marseille (13011) dans le domaine fun\u00e9raire\n19\nARR\u00caTE\nArticle 1  er     : L'entreprise individuelle d\u00e9nomm\u00e9e \u00ab  POMPES FUNEBRES FARALDI  \u00bb sise 11 boulevard  \nBrune \u2013 R\u00e9sidence La Grognarde B\u00e2t. 15 \u00e0 Marseille (13011) exploit\u00e9e par M. Jean FARALDI g\u00e9rant est  \nhabilit\u00e9e sous le N\u00b0 26-13-0148 \u00e0 compter de la date du pr\u00e9sent arr\u00eat\u00e9, pour exercer sur l'ensemble du  \nterritoire national les activit\u00e9s fun\u00e9raires suivantes :\n\u25aa Jusqu'au 13 FEVRIER 2031   :  \n\u2022 transport des corps avant et apr\u00e8s mise en bi\u00e8re (en sous-traitance)\n\u2022 organisation des obs\u00e8ques\n\u2022 soins de conservation (en sous-traitance)\n\u2022 fourniture des housses, de cercueils et de leurs accessoires int\u00e9rieurs et ext\u00e9rieurs ainsi que des  \nurnes cin\u00e9raires \n\u2022 fourniture des corbillards et de voitures de deuil (en sous-traitance)\n\u2022 fourniture  de  personnel,  des  objets  et  prestations  n\u00e9cessaires  aux  obs\u00e8ques,  inhumations,  \nexhumations et cr\u00e9mations\nArticle 2 : L'habilitation est accord\u00e9e pour 5 ans \u00e0 compter de la date du pr\u00e9sent arr\u00eat\u00e9. La demande \nde renouvellement devra \u00eatre adress\u00e9e deux mois avant son \u00e9ch\u00e9ance.\nArticle 3  : L'op\u00e9rateur fun\u00e9raire habilit\u00e9 peut confier \u00e0 un ou plusieurs sous-traitants la r\u00e9alisation de  \ntout ou partie des prestations relevant du service ext\u00e9rieur des pompes fun\u00e8bres. Ce dernier doit \u00eatre  \nhabilit\u00e9 pour la prestation qu'il sous-traite ; de m\u00eame que les sous-traitants doivent \u00eatre habilit\u00e9s pour \nchacune des prestations du service ext\u00e9rieur qu'ils fournissent de mani\u00e8re habituelle aux familles. A  \nd\u00e9faut du respect de ces prescriptions, leur responsabilit\u00e9 conjointe pourra \u00eatre mise en cause.\nArticle 4 :  La pr\u00e9sente habilitation peut \u00eatre suspendue pour une dur\u00e9e maximum d'un an ou retir\u00e9e  \npar le pr\u00e9fet du d\u00e9partement o\u00f9 les faits auront \u00e9t\u00e9 constat\u00e9s, conform\u00e9ment aux dispositions de  \nl'article L2223-25 du code g\u00e9n\u00e9ral des collectivit\u00e9s territoriales, pour les motifs suivants :\n1\u00b0 non-respect des dispositions du code g\u00e9n\u00e9ral des collectivit\u00e9s territoriales auxquelles sont soumises \nles r\u00e9gies, entreprises ou associations habilit\u00e9es conform\u00e9ment \u00e0 l'article L 2223-23,\n2\u00b0 non-exercice ou cessation d'exercice des activit\u00e9s au titre desquelles elle a \u00e9t\u00e9 d\u00e9livr\u00e9e,\n3\u00b0 atteinte \u00e0 l'ordre public ou danger pour la salubrit\u00e9 publique.\nDans le cas d'un d\u00e9l\u00e9gataire, le retrait de l'habilitation entra\u00eene la d\u00e9ch\u00e9ance des d\u00e9l\u00e9gations.\nArticle 5  :  La pr\u00e9sente d\u00e9cision peut faire l'objet, dans un d\u00e9lai de deux mois \u00e0 compter de sa  \nnotification,  d'un  recours  gracieux  aupr\u00e8s  de  mes  services,  d'un  recours  hi\u00e9rarchique  aupr\u00e8s  de  \nmonsieur  le  ministre  de  l'int\u00e9rieur,  d'un  recours  contentieux  devant  le  tribunal  administratif  de  \nMarseille (31 rue Jean-Fran\u00e7ois LECA, 13002 Marseille)  ; la juridiction administrative comp\u00e9tente peut  \naussi \u00eatre saisie par l'application T\u00e9l\u00e9recours accessible \u00e0 partir du site www.telerecours.fr.\nArticle 6 : Le secr\u00e9taire g\u00e9n\u00e9ral de la pr\u00e9fecture des Bouches-du-Rh\u00f4ne,  le directeur d\u00e9partemental  \nde  la  s\u00e9curit\u00e9  publique  des  Bouches-du-Rh\u00f4ne  sont  charg\u00e9s,  chacun  en  ce  qui  le  concerne,  de  \nl'ex\u00e9cution du pr\u00e9sent arr\u00eat\u00e9 qui sera publi\u00e9 au recueil des actes administratifs.\nFait \u00e0 Marseille, le 13 FEVRIER 2026\nPour le pr\u00e9fet,\nL'adjointe au chef de bureau\n     SIGNE\nVirginie DUPOUY-RAVETLLAT\nPr\u00e9fecture des Bouches-du-Rhone - 13-2026-02-13-00029 - ARR\u00caT\u00c9 du 13 FEVRIER 2026\nportant habilitation sous le n\u00b0 26-13-0148 de  l'entreprise individuelle d\u00e9nomm\u00e9e\n\u00ab\u00a0POMPES FUNEBRES FARALDI \u00bb sise \u00e0 Marseille (13011) dans le domaine fun\u00e9raire\n20\nPr\u00e9fecture des Bouches-du-Rhone\n13-2026-03-17-00006\nARR\u00caT\u00c9 du 17 MARS 2026\nportant habilitation sous le n\u00b0 26-13-0220 de la\nsoci\u00e9t\u00e9 d\u00e9nomm\u00e9e\n\u00ab\u00a0POMPES FUNEBRES DUMAS PERE ET FILS \u00bb sise\n\u00e0 Gardanne (13120), \ndans le domaine fun\u00e9raire\nPr\u00e9fecture des Bouches-du-Rhone - 13-2026-03-17-00006 - ARR\u00caT\u00c9 du 17 MARS 2026\nportant habilitation sous le n\u00b0 26-13-0220 de la soci\u00e9t\u00e9 d\u00e9nomm\u00e9e\n\u00ab\u00a0POMPES FUNEBRES DUMAS PERE ET FILS \u00bb sise \u00e0 Gardanne (13120), \ndans le domaine fun\u00e9raire\n21\nPREFETDES BOUCHES-DU-RHONELibert\u00e9Egalit\u00e9Fraternit\u00e9\nDIRECTION DE LA CITOYENNETE\nDE LA LEGALITE ET DE L'ENVIRONNEMENT\nBureau des \u00e9lections et de la r\u00e9glementation\nDCLE/BER/FUN/BC/2026/RAA N\u00b0                            \nARR\u00caT\u00c9 du 17 MARS 2026\nportant habilitation sous le n\u00b0 26-13-0220 de la soci\u00e9t\u00e9 d\u00e9nomm\u00e9e\n\u00ab POMPES FUNEBRES DUMAS PERE ET FILS \u00bb sise \u00e0 Gardanne (13120), \ndans le domaine fun\u00e9raire\nLe pr\u00e9fet de la r\u00e9gion Provence-Alpes-C\u00f4te d'Azur\n         pr\u00e9fet de la zone de d\u00e9fense et de s\u00e9curit\u00e9 Sud\n                       pr\u00e9fet des Bouches-du-Rh\u00f4ne\n              \nVu le code g\u00e9n\u00e9ral des collectivit\u00e9s territoriales (CGCT), notamment les articles L2223-19 et  L2223-\n23 ;\nVu la loi n\u00b02008-1350 du 19 d\u00e9cembre 2008 relative \u00e0 la l\u00e9gislation fun\u00e9raire ;\nVu l'ordonnance n\u00b0 2005-855 du 28 juillet 2005 relative aux op\u00e9rations fun\u00e9raires, notamment l'article \n1 - \u00a7 IV ;\nVu le d\u00e9cret n\u00b0 2004-374 du 29 avril 2004 relatif aux pouvoirs des pr\u00e9fets, \u00e0 l'organisation et \u00e0 l'action  \ndes services de l'Etat dans les r\u00e9gions et d\u00e9partements ;\nVu le d\u00e9cret du 19 novembre 2025 portant nomination de monsieur Jacques WITKOWSKI en qualit\u00e9  \nde pr\u00e9fet de la r\u00e9gion Provence-Alpes-C\u00f4te d'Azur, pr\u00e9fet de la zone de d\u00e9fense et de s\u00e9curit\u00e9 Sud,  \npr\u00e9fet des Bouches-du-Rh\u00f4ne ;\nVu le d\u00e9cret du 31 janvier 2025 portant nomination de monsieur Fr\u00e9d\u00e9ric POISOT en qualit\u00e9 de  \nsecr\u00e9taire g\u00e9n\u00e9ral de la pr\u00e9fecture des Bouches-du-Rh\u00f4ne, sous-pr\u00e9fet de Marseille ;\nVu le d\u00e9cret n\u00b02012-608 du 30 avril 2012 relatif aux dipl\u00f4mes dans le secteur fun\u00e9raire ;\nVu l'arr\u00eat\u00e9 du 30 avril 2012 portant application du d\u00e9cret susvis\u00e9 ;\nVu le d\u00e9cret n\u00b02020-917 du 28 juillet 2020 relatif \u00e0 la dur\u00e9e de l'habilitation dans le secteur fun\u00e9raire ;\nVu l'arr\u00eat\u00e9 n\u00b0 20-13-0220 du pr\u00e9fet des Bouches-du-Rh\u00f4ne en date du 31 d\u00e9cembre 2020 portant  \nhabilitation dans  le  domaine  fun\u00e9raire  jusqu'au  31  d\u00e9cembre  2025\nde  la  soci\u00e9t\u00e9  d\u00e9nomm\u00e9e \u00ab  POMPES  FUNEBRES  DUMAS  PERE  ET  FILS  \u00bb  sise  18  rue  Jules  Ferry  \u00e0  \nGardanne (13120) ;\nVu la demande re\u00e7ue le 12 mars 2026 de M. Benoit DUMAS pr\u00e9sident sollicitant le renouvellement de  \nl'habilitation susvis\u00e9e \u00e0 son \u00e9ch\u00e9ance ;\nConsid\u00e9rant que la demande est constitu\u00e9e conform\u00e9ment \u00e0 la l\u00e9gislation en vigueur et compl\u00e8te le  \n17 mars 2026 ;\nSur proposition du secr\u00e9taire g\u00e9n\u00e9ral de la pr\u00e9fecture des Bouches-du-Rh\u00f4ne ;\nPr\u00e9fecture des Bouches-du-Rhone - 13-2026-03-17-00006 - ARR\u00caT\u00c9 du 17 MARS 2026\nportant habilitation sous le n\u00b0 26-13-0220 de la soci\u00e9t\u00e9 d\u00e9nomm\u00e9e\n\u00ab\u00a0POMPES FUNEBRES DUMAS PERE ET FILS \u00bb sise \u00e0 Gardanne (13120), \ndans le domaine fun\u00e9raire\n22\nARR\u00caTE\nArticle 1  er     : La soci\u00e9t\u00e9 d\u00e9nomm\u00e9e \u00ab POMPES FUNEBRES DUMAS PERE ET FILS \u00bb sise 18 rue Jules Ferry \u00e0 \nGardanne (13120) exploit\u00e9e par M. Benoit DUMAS pr\u00e9sident, est habilit\u00e9e sous le  N\u00b0 26-13-0220  \u00e0  \ncompter de la date du pr\u00e9sent arr\u00eat\u00e9, pour exercer sur l'ensemble du territoire national les activit\u00e9s  \nfun\u00e9raires suivantes :\nJusqu'au 17 MARS 2031   :  \n\u2022 transport des corps avant et apr\u00e8s mise en bi\u00e8re\n\u2022 organisation des obs\u00e8ques\n\u2022 soins de conservation (en sous-traitance)\n\u2022 fourniture des housses, de cercueils et de leurs accessoires int\u00e9rieurs et ext\u00e9rieurs ainsi que des  \nurnes cin\u00e9raires \n\u2022 fourniture des corbillards et de voitures de deuil \n\u2022 fourniture  de  personnel,  des  objets  et  prestations  n\u00e9cessaires  aux  obs\u00e8ques,  inhumations,  \nexhumations et cr\u00e9mations\nArticle 2 : L'habilitation est accord\u00e9e pour 5 ans \u00e0 compter de la date du pr\u00e9sent arr\u00eat\u00e9. La demande \nde renouvellement devra \u00eatre adress\u00e9e deux mois avant son \u00e9ch\u00e9ance.\nArticle 3  : L'op\u00e9rateur fun\u00e9raire habilit\u00e9 peut confier \u00e0 un ou plusieurs sous-traitants la r\u00e9alisation de  \ntout ou partie des prestations relevant du service ext\u00e9rieur des pompes fun\u00e8bres. Ce dernier doit \u00eatre  \nhabilit\u00e9 pour la prestation qu'il sous-traite ; de m\u00eame que les sous-traitants doivent \u00eatre habilit\u00e9s pour \nchacune des prestations du service ext\u00e9rieur qu'ils fournissent de mani\u00e8re habituelle aux familles. A  \nd\u00e9faut du respect de ces prescriptions, leur responsabilit\u00e9 conjointe pourra \u00eatre mise en cause.\nArticle 4 :  La pr\u00e9sente habilitation peut \u00eatre suspendue pour une dur\u00e9e maximum d'un an ou retir\u00e9e  \npar le pr\u00e9fet du d\u00e9partement o\u00f9 les faits auront \u00e9t\u00e9 constat\u00e9s, conform\u00e9ment aux dispositions de  \nl'article L2223-25 du code g\u00e9n\u00e9ral des collectivit\u00e9s territoriales, pour les motifs suivants :\n1\u00b0 non-respect des dispositions du code g\u00e9n\u00e9ral des collectivit\u00e9s territoriales auxquelles sont soumises \nles r\u00e9gies, entreprises ou associations habilit\u00e9es conform\u00e9ment \u00e0 l'article L 2223-23,\n2\u00b0 non-exercice ou cessation d'exercice des activit\u00e9s au titre desquelles elle a \u00e9t\u00e9 d\u00e9livr\u00e9e,\n3\u00b0 atteinte \u00e0 l'ordre public ou danger pour la salubrit\u00e9 publique.\nDans le cas d'un d\u00e9l\u00e9gataire, le retrait de l'habilitation entra\u00eene la d\u00e9ch\u00e9ance des d\u00e9l\u00e9gations.\nArticle 5  :  La pr\u00e9sente d\u00e9cision peut faire l'objet, dans un d\u00e9lai de deux mois \u00e0 compter de sa  \nnotification,  d'un  recours  gracieux  aupr\u00e8s  de  mes  services,  d'un  recours  hi\u00e9rarchique  aupr\u00e8s  de  \nmonsieur  le  ministre  de  l'int\u00e9rieur,  d'un  recours  contentieux  devant  le  tribunal  administratif  de  \nMarseille (31 rue Jean-Fran\u00e7ois LECA, 13002 Marseille)  ; la juridiction administrative comp\u00e9tente peut  \naussi \u00eatre saisie par l'application T\u00e9l\u00e9recours accessible \u00e0 partir du site www.telerecours.fr.\nArticle  6 :  Le  secr\u00e9taire  g\u00e9n\u00e9ral  de  la  pr\u00e9fecture  des  Bouches-du-Rh\u00f4ne,  le  sous-pr\u00e9fet  d'Aix-en-\nProvence,  le  colonel  commandant  le  groupement  de  gendarmerie  des  Bouches-du-Rh\u00f4ne  sont  \ncharg\u00e9s, chacun en ce qui le concerne, de l'ex\u00e9cution du pr\u00e9sent arr\u00eat\u00e9 qui sera publi\u00e9 au recueil des  \nactes administratifs.\nFait \u00e0 Marseille, le 17 MARS 2026\nPour le pr\u00e9fet,\nL'adjointe au chef de bureau\n     SIGNE\nVirginie DUPOUY-RAVETLLAT\nPr\u00e9fecture des Bouches-du-Rhone - 13-2026-03-17-00006 - ARR\u00caT\u00c9 du 17 MARS 2026\nportant habilitation sous le n\u00b0 26-13-0220 de la soci\u00e9t\u00e9 d\u00e9nomm\u00e9e\n\u00ab\u00a0POMPES FUNEBRES DUMAS PERE ET FILS \u00bb sise \u00e0 Gardanne (13120), \ndans le domaine fun\u00e9raire\n23\nPr\u00e9fecture des Bouches-du-Rhone\n13-2026-03-17-00005\nARR\u00caT\u00c9 du 17 MARS 2026\nportant habilitation sous le n\u00b0 26-13-0593 de l'\nauto-entreprise d\u00e9nomm\u00e9e\n\u00ab YR PRESTATIONS FUNERAIRES \u00bb exploit\u00e9e par\nM. Yohan RUBIN\nsise \u00e0 Chateauneuf-les-Martigues (13220) dans le\ndomaine fun\u00e9raire \nPr\u00e9fecture des Bouches-du-Rhone - 13-2026-03-17-00005 - ARR\u00caT\u00c9 du 17 MARS 2026\nportant habilitation sous le n\u00b0 26-13-0593 de l' auto-entreprise d\u00e9nomm\u00e9e\n\u00ab YR PRESTATIONS FUNERAIRES \u00bb exploit\u00e9e par M. Yohan RUBIN\nsise \u00e0 Chateauneuf-les-Martigues (13220) dans le domaine fun\u00e9raire \n24\nPREFETDES BOUCHES-DU-RHONELibert\u00e9Egalit\u00e9Fraternit\u00e9\nDIRECTION DE LA CITOYENNETE\nDE LA LEGALITE ET DE L'ENVIRONNEMENT\nBureau des \u00e9lections et de la r\u00e9glementation\nDCLE/BER/FUN/BC/2026/RAA N\u00b0                            \nARR\u00caT\u00c9 du 17 MARS 2026\nportant habilitation sous le n\u00b0 26-13-0593 de l' auto-entreprise d\u00e9nomm\u00e9e\n\u00ab YR PRESTATIONS FUNERAIRES \u00bb exploit\u00e9e par M. Yohan RUBIN\nsise \u00e0 Chateauneuf-les-Martigues (13220) dans le domaine fun\u00e9raire \nLe pr\u00e9fet de la r\u00e9gion Provence-Alpes-C\u00f4te d'Azur\n         pr\u00e9fet de la zone de d\u00e9fense et de s\u00e9curit\u00e9 Sud\n                       pr\u00e9fet des Bouches-du-Rh\u00f4ne\n  \nVu le code g\u00e9n\u00e9ral des collectivit\u00e9s territoriales (CGCT), notamment les articles L2223-19 et  L2223-\n23 ;\nVu la loi n\u00b02008-1350 du 19 d\u00e9cembre 2008 relative \u00e0 la l\u00e9gislation fun\u00e9raire ;\nVu l'ordonnance n\u00b0 2005-855 du 28 juillet 2005 relative aux op\u00e9rations fun\u00e9raires, notamment l'article \n1 - \u00a7 IV ;\nVu le d\u00e9cret n\u00b0 2004-374 du 29 avril 2004 relatif aux pouvoirs des pr\u00e9fets, \u00e0 l'organisation et \u00e0 l'action  \ndes services de l'Etat dans les r\u00e9gions et d\u00e9partements ;\nVu le d\u00e9cret du 19 novembre 2025 portant nomination de monsieur Jacques WITKOWSKI en qualit\u00e9  \nde pr\u00e9fet de la r\u00e9gion Provence-Alpes-C\u00f4te d'Azur, pr\u00e9fet de la zone de d\u00e9fense et de s\u00e9curit\u00e9 Sud,  \npr\u00e9fet des Bouches-du-Rh\u00f4ne ;\nVu le d\u00e9cret du 31 janvier 2025 portant nomination de monsieur Fr\u00e9d\u00e9ric POISOT en qualit\u00e9 de  \nsecr\u00e9taire g\u00e9n\u00e9ral de la pr\u00e9fecture des Bouches-du-Rh\u00f4ne, sous-pr\u00e9fet de Marseille ;\nVu le d\u00e9cret n\u00b02012-608 du 30 avril 2012 relatif aux dipl\u00f4mes dans le secteur fun\u00e9raire ;\nVu l'arr\u00eat\u00e9 du 30 avril 2012 portant application du d\u00e9cret susvis\u00e9 ;\nVu le d\u00e9cret n\u00b02020-917 du 28 juillet 2020 relatif \u00e0 la dur\u00e9e de l'habilitation dans le secteur fun\u00e9raire ;\nVu la demande re\u00e7ue le 10 mars 2026 de M. Yohan RUBIN g\u00e9rant sollicitant l'habilitation dans le  \ndomaine fun\u00e9raire de l'auto-entreprise d\u00e9nomm\u00e9e \u00ab YR PRESTATIONS FUNERAIRES  \u00bb sise 8 chemin  \ndu Jas d'Haut \u00e0 Chateauneuf-les-Martigues (13220) ;\nConsid\u00e9rant que M. Yohan RUBIN g\u00e9rant d\u00e9clare exercer l'activit\u00e9 de fossoyeur, porteur, chauffeur \u00e0  \nl'exclusion de toute autre activit\u00e9 relevant du service ext\u00e9rieur des pompes fun\u00e8bres, l'int\u00e9ress\u00e9 est  \nr\u00e9put\u00e9 satisfaire aux conditions d'aptitude professionnelle vis\u00e9es en l'esp\u00e8ce \u00e0 l'article R2223-42 du  \ncode g\u00e9n\u00e9ral des collectivit\u00e9s territoriales ;\nConsid\u00e9rant que la demande est constitu\u00e9e conform\u00e9ment \u00e0 la l\u00e9gislation en vigueur et compl\u00e8te le  \n17 mars 2026 ;\nPr\u00e9fecture des Bouches-du-Rhone - 13-2026-03-17-00005 - ARR\u00caT\u00c9 du 17 MARS 2026\nportant habilitation sous le n\u00b0 26-13-0593 de l' auto-entreprise d\u00e9nomm\u00e9e\n\u00ab YR PRESTATIONS FUNERAIRES \u00bb exploit\u00e9e par M. Yohan RUBIN\nsise \u00e0 Chateauneuf-les-Martigues (13220) dans le domaine fun\u00e9raire \n25\nSur proposition du secr\u00e9taire g\u00e9n\u00e9ral de la pr\u00e9fecture des Bouches-du-Rh\u00f4ne ;\nARR\u00caTE\nArticle 1  er     : L'auto-entreprise d\u00e9nomm\u00e9e \u00ab RUBIN YOHAN \u00bb exploit\u00e9e sous le nom commercial\n\u00ab YR PRESTATIONS FUNERAIRES  \u00bb sise 8 chemin du Jas d'Haut \u00e0 Chateauneuf-les-Martigues (13220)  \nexploit\u00e9e par M. Yohan RUBIN g\u00e9rant est habilit\u00e9e sous le  N\u00b0 26-13-0593 \u00e0 compter de la date du  \npr\u00e9sent arr\u00eat\u00e9, pour exercer sur l'ensemble du territoire national les activit\u00e9s fun\u00e9raires suivantes :\n\u2794 Jusqu'au 17 MARS 2031   :  \n\u2022 fourniture  de  personnel,  des  objets  et  prestations  n\u00e9cessaires  aux  obs\u00e8ques,  inhumations,  \nexhumations et cr\u00e9mations\nArticle 2 : L'habilitation est accord\u00e9e pour 5 ans \u00e0 compter de la date du pr\u00e9sent arr\u00eat\u00e9. La demande \nde renouvellement devra \u00eatre adress\u00e9e deux mois avant son \u00e9ch\u00e9ance.\nArticle 3 : L'op\u00e9rateur fun\u00e9raire habilit\u00e9 peut confier \u00e0 un ou plusieurs sous-traitants la r\u00e9alisation de  \ntout ou partie des prestations relevant du service ext\u00e9rieur des pompes fun\u00e8bres. Ce dernier doit \u00eatre  \nhabilit\u00e9 pour la prestation qu'il sous-traite ; de m\u00eame que les sous-traitants doivent \u00eatre habilit\u00e9s pour \nchacune des prestations du service ext\u00e9rieur qu'ils fournissent de mani\u00e8re habituelle aux familles. A  \nd\u00e9faut du respect de ces prescriptions, leur responsabilit\u00e9 conjointe pourra \u00eatre mise en cause.\nArticle 4 : La pr\u00e9sente habilitation peut \u00eatre suspendue pour une dur\u00e9e maximum d'un an ou retir\u00e9e  \npar le pr\u00e9fet du d\u00e9partement o\u00f9 les faits auront \u00e9t\u00e9 constat\u00e9s, conform\u00e9ment aux dispositions de  \nl'article L2223-25 du code g\u00e9n\u00e9ral des collectivit\u00e9s territoriales, pour les motifs suivants :\n1\u00b0 non-respect des dispositions du code g\u00e9n\u00e9ral des collectivit\u00e9s territoriales auxquelles sont soumises \nles r\u00e9gies, entreprises ou associations habilit\u00e9es conform\u00e9ment \u00e0 l'article L 2223-23,\n2\u00b0 non-exercice ou cessation d'exercice des activit\u00e9s au titre desquelles elle a \u00e9t\u00e9 d\u00e9livr\u00e9e,\n3\u00b0 atteinte \u00e0 l'ordre public ou danger pour la salubrit\u00e9 publique.\nDans le cas d'un d\u00e9l\u00e9gataire, le retrait de l'habilitation entra\u00eene la d\u00e9ch\u00e9ance des d\u00e9l\u00e9gations.\nArticle 5  :  La pr\u00e9sente d\u00e9cision peut faire l'objet, dans un d\u00e9lai de deux mois \u00e0 compter de sa  \nnotification,  d'un  recours  gracieux  aupr\u00e8s  de  mes  services,  d'un  recours  hi\u00e9rarchique  aupr\u00e8s  de  \nmonsieur  le  ministre  de  l'int\u00e9rieur,  d'un  recours  contentieux  devant  le  tribunal  administratif  de  \nMarseille (31 rue Jean-Fran\u00e7ois LECA, 13002 Marseille)  ; la juridiction administrative comp\u00e9tente peut  \naussi \u00eatre saisie par l'application T\u00e9l\u00e9recours accessible \u00e0 partir du site www.telerecours.fr.\nArticle 6  : Le secr\u00e9taire g\u00e9n\u00e9ral de la pr\u00e9fecture des Bouches-du-Rh\u00f4ne, le sous-pr\u00e9fet d'Istres, le  \ndirecteur d\u00e9partemental de la s\u00e9curit\u00e9 publique des Bouches-du-Rh\u00f4ne sont charg\u00e9s, chacun en ce  \nqui le concerne, de l'ex\u00e9cution du pr\u00e9sent arr\u00eat\u00e9 qui sera publi\u00e9 au recueil des actes administratifs.\nFait \u00e0 Marseille, le 17 MARS 2026\nPour le pr\u00e9fet,\nL'adjointe au chef de bureau\n     SIGNE\nVirginie DUPOUY-RAVETLLAT\nPr\u00e9fecture des Bouches-du-Rhone - 13-2026-03-17-00005 - ARR\u00caT\u00c9 du 17 MARS 2026\nportant habilitation sous le n\u00b0 26-13-0593 de l' auto-entreprise d\u00e9nomm\u00e9e\n\u00ab YR PRESTATIONS FUNERAIRES \u00bb exploit\u00e9e par M. Yohan RUBIN\nsise \u00e0 Chateauneuf-les-Martigues (13220) dans le domaine fun\u00e9raire \n26\nPr\u00e9fecture des Bouches-du-Rhone\n13-2026-03-18-00022\nARR\u00caT\u00c9 du 18 MARS 2026\nportant habilitation sous le n\u00b0 26-13-0594 de l'\nauto-entreprise d\u00e9nomm\u00e9e\n\u00ab ENTREPRISE CERDAN \u00bb exploit\u00e9e par M.\nMatthieu CERDAN\nsise \u00e0 LE ROVE (13740) dans le domaine fun\u00e9raire \nPr\u00e9fecture des Bouches-du-Rhone - 13-2026-03-18-00022 - ARR\u00caT\u00c9 du 18 MARS 2026\nportant habilitation sous le n\u00b0 26-13-0594 de l' auto-entreprise d\u00e9nomm\u00e9e\n\u00ab ENTREPRISE CERDAN \u00bb exploit\u00e9e par M. Matthieu CERDAN\nsise \u00e0 LE ROVE (13740) dans le domaine fun\u00e9raire \n27\nPREFETDES BOUCHES-DU-RHONELibert\u00e9Egalit\u00e9Fraternit\u00e9\nDIRECTION DE LA CITOYENNETE\nDE LA LEGALITE ET DE L'ENVIRONNEMENT\nBureau des \u00e9lections et de la r\u00e9glementation\nDCLE/BER/FUN/BC/2026/RAA N\u00b0                            \nARR\u00caT\u00c9 du 18 MARS 2026\nportant habilitation sous le n\u00b0 26-13-0594 de l' auto-entreprise d\u00e9nomm\u00e9e\n\u00ab ENTREPRISE CERDAN \u00bb exploit\u00e9e par M. Matthieu CERDAN\nsise \u00e0 LE ROVE (13740) dans le domaine fun\u00e9raire \nLe pr\u00e9fet de la r\u00e9gion Provence-Alpes-C\u00f4te d'Azur\n         pr\u00e9fet de la zone de d\u00e9fense et de s\u00e9curit\u00e9 Sud\n                       pr\u00e9fet des Bouches-du-Rh\u00f4ne\n  \nVu le code g\u00e9n\u00e9ral des collectivit\u00e9s territoriales (CGCT), notamment les articles L2223-19 et  L2223-\n23 ;\nVu la loi n\u00b02008-1350 du 19 d\u00e9cembre 2008 relative \u00e0 la l\u00e9gislation fun\u00e9raire ;\nVu l'ordonnance n\u00b0 2005-855 du 28 juillet 2005 relative aux op\u00e9rations fun\u00e9raires, notamment l'article \n1 - \u00a7 IV ;\nVu le d\u00e9cret n\u00b0 2004-374 du 29 avril 2004 relatif aux pouvoirs des pr\u00e9fets, \u00e0 l'organisation et \u00e0 l'action  \ndes services de l'Etat dans les r\u00e9gions et d\u00e9partements ;\nVu le d\u00e9cret du 19 novembre 2025 portant nomination de monsieur Jacques WITKOWSKI en qualit\u00e9  \nde pr\u00e9fet de la r\u00e9gion Provence-Alpes-C\u00f4te d'Azur, pr\u00e9fet de la zone de d\u00e9fense et de s\u00e9curit\u00e9 Sud,  \npr\u00e9fet des Bouches-du-Rh\u00f4ne ;\nVu le d\u00e9cret du 31 janvier 2025 portant nomination de monsieur Fr\u00e9d\u00e9ric POISOT en qualit\u00e9 de  \nsecr\u00e9taire g\u00e9n\u00e9ral de la pr\u00e9fecture des Bouches-du-Rh\u00f4ne, sous-pr\u00e9fet de Marseille ;\nVu le d\u00e9cret n\u00b02012-608 du 30 avril 2012 relatif aux dipl\u00f4mes dans le secteur fun\u00e9raire ;\nVu l'arr\u00eat\u00e9 du 30 avril 2012 portant application du d\u00e9cret susvis\u00e9 ;\nVu le d\u00e9cret n\u00b02020-917 du 28 juillet 2020 relatif \u00e0 la dur\u00e9e de l'habilitation dans le secteur fun\u00e9raire ;\nVu la demande re\u00e7ue le 23 janvier 2026 de M. Matthieu CERDAN g\u00e9rant sollicitant l'habilitation dans  \nle domaine fun\u00e9raire de l'auto-entreprise d\u00e9nomm\u00e9e \u00ab ENTREPRISE CERDAN \u00bb sise 16 rue Adrien  \nIsnardon \u00e0 LE ROVE (13740) ;\nConsid\u00e9rant  que  M.  Matthieu  CERDAN  g\u00e9rant  d\u00e9clare  exercer  l'activit\u00e9  de  fossoyeur,  porteur,  \nchauffeur \u00e0 l'exclusion de toute autre activit\u00e9 relevant du service ext\u00e9rieur des pompes fun\u00e8bres,  \nl'int\u00e9ress\u00e9 est r\u00e9put\u00e9 satisfaire aux conditions d'aptitude professionnelle vis\u00e9es en l'esp\u00e8ce \u00e0 l'article  \nR2223-42 du code g\u00e9n\u00e9ral des collectivit\u00e9s territoriales ;\nConsid\u00e9rant que la demande est constitu\u00e9e conform\u00e9ment \u00e0 la l\u00e9gislation en vigueur et compl\u00e8te le  \n18 mars 2026 ;\nPr\u00e9fecture des Bouches-du-Rhone - 13-2026-03-18-00022 - ARR\u00caT\u00c9 du 18 MARS 2026\nportant habilitation sous le n\u00b0 26-13-0594 de l' auto-entreprise d\u00e9nomm\u00e9e\n\u00ab ENTREPRISE CERDAN \u00bb exploit\u00e9e par M. Matthieu CERDAN\nsise \u00e0 LE ROVE (13740) dans le domaine fun\u00e9raire \n28\nSur proposition du secr\u00e9taire g\u00e9n\u00e9ral de la pr\u00e9fecture des Bouches-du-Rh\u00f4ne ;\nARR\u00caTE\nArticle 1  er     : L'auto-entreprise d\u00e9nomm\u00e9e \u00ab CERDAN MATTHIEU \u00bb exploit\u00e9e sous le nom commercial\n\u00ab ENTREPRISE CERDAN \u00bb sise 16 rue Adrien Isnardon \u00e0 LE ROVE (13740) exploit\u00e9e par M. Matthieu  \nCERDAN g\u00e9rant est habilit\u00e9e sous le  N\u00b0 26-13-0594  \u00e0 compter de la date du pr\u00e9sent arr\u00eat\u00e9, pour  \nexercer sur l'ensemble du territoire national les activit\u00e9s fun\u00e9raires suivantes :\n\u2794 Jusqu'au 18 MARS 2031   :  \n\u2022 fourniture  de  personnel,  des  objets  et  prestations  n\u00e9cessaires  aux  obs\u00e8ques,  inhumations,  \nexhumations et cr\u00e9mations\nArticle 2 : L'habilitation est accord\u00e9e pour 5 ans \u00e0 compter de la date du pr\u00e9sent arr\u00eat\u00e9. La demande \nde renouvellement devra \u00eatre adress\u00e9e deux mois avant son \u00e9ch\u00e9ance.\nArticle 3 : L'op\u00e9rateur fun\u00e9raire habilit\u00e9 peut confier \u00e0 un ou plusieurs sous-traitants la r\u00e9alisation de  \ntout ou partie des prestations relevant du service ext\u00e9rieur des pompes fun\u00e8bres. Ce dernier doit \u00eatre  \nhabilit\u00e9 pour la prestation qu'il sous-traite ; de m\u00eame que les sous-traitants doivent \u00eatre habilit\u00e9s pour \nchacune des prestations du service ext\u00e9rieur qu'ils fournissent de mani\u00e8re habituelle aux familles. A  \nd\u00e9faut du respect de ces prescriptions, leur responsabilit\u00e9 conjointe pourra \u00eatre mise en cause.\nArticle 4 : La pr\u00e9sente habilitation peut \u00eatre suspendue pour une dur\u00e9e maximum d'un an ou retir\u00e9e  \npar le pr\u00e9fet du d\u00e9partement o\u00f9 les faits auront \u00e9t\u00e9 constat\u00e9s, conform\u00e9ment aux dispositions de  \nl'article L2223-25 du code g\u00e9n\u00e9ral des collectivit\u00e9s territoriales, pour les motifs suivants :\n1\u00b0 non-respect des dispositions du code g\u00e9n\u00e9ral des collectivit\u00e9s territoriales auxquelles sont soumises \nles r\u00e9gies, entreprises ou associations habilit\u00e9es conform\u00e9ment \u00e0 l'article L 2223-23,\n2\u00b0 non-exercice ou cessation d'exercice des activit\u00e9s au titre desquelles elle a \u00e9t\u00e9 d\u00e9livr\u00e9e,\n3\u00b0 atteinte \u00e0 l'ordre public ou danger pour la salubrit\u00e9 publique.\nDans le cas d'un d\u00e9l\u00e9gataire, le retrait de l'habilitation entra\u00eene la d\u00e9ch\u00e9ance des d\u00e9l\u00e9gations.\nArticle 5  :  La pr\u00e9sente d\u00e9cision peut faire l'objet, dans un d\u00e9lai de deux mois \u00e0 compter de sa  \nnotification,  d'un  recours  gracieux  aupr\u00e8s  de  mes  services,  d'un  recours  hi\u00e9rarchique  aupr\u00e8s  de  \nmonsieur  le  ministre  de  l'int\u00e9rieur,  d'un  recours  contentieux  devant  le  tribunal  administratif  de  \nMarseille (31 rue Jean-Fran\u00e7ois LECA, 13002 Marseille)  ; la juridiction administrative comp\u00e9tente peut  \naussi \u00eatre saisie par l'application T\u00e9l\u00e9recours accessible \u00e0 partir du site www.telerecours.fr.\nArticle 6  : Le secr\u00e9taire g\u00e9n\u00e9ral de la pr\u00e9fecture des Bouches-du-Rh\u00f4ne, le sous-pr\u00e9fet d'Istres, le  \ncolonel commandant le groupement de gendarmerie des Bouches-du-Rh\u00f4ne sont charg\u00e9s, chacun en  \nce qui le concerne, de l'ex\u00e9cution du pr\u00e9sent arr\u00eat\u00e9 qui sera publi\u00e9 au recueil des actes administratifs.\nFait \u00e0 Marseille, le 18 MARS 2026\nPour le pr\u00e9fet,\nL'adjointe au chef de bureau\n    SIGNE\nVirginie DUPOUY-RAVETLLAT\nPr\u00e9fecture des Bouches-du-Rhone - 13-2026-03-18-00022 - ARR\u00caT\u00c9 du 18 MARS 2026\nportant habilitation sous le n\u00b0 26-13-0594 de l' auto-entreprise d\u00e9nomm\u00e9e\n\u00ab ENTREPRISE CERDAN \u00bb exploit\u00e9e par M. Matthieu CERDAN\nsise \u00e0 LE ROVE (13740) dans le domaine fun\u00e9raire \n29\nPr\u00e9fecture des Bouches-du-Rhone\n13-2026-03-18-00019\nARR\u00caT\u00c9 du 18 MARS 2026\nportant modification de l' habilitation N\u00b0\n22-13-0394 de l'\u00e9tablissement secondaire de la\nSAS d\u00e9nomm\u00e9e \u00ab\u00a0OGF - SERVICES FUNERAIRES\n\u00bb, exploit\u00e9 sous le nom commercial \n\u00ab\u00a0PFG - SERVICES FUNERAIRES\u00bb sis \u00e0 ARLES\n(13200) dans le domaine fun\u00e9raire\nPr\u00e9fecture des Bouches-du-Rhone - 13-2026-03-18-00019 - ARR\u00caT\u00c9 du 18 MARS 2026\nportant modification de l' habilitation N\u00b0 22-13-0394 de l'\u00e9tablissement secondaire de la SAS d\u00e9nomm\u00e9e \u00ab\u00a0OGF - SERVICES\nFUNERAIRES \u00bb, exploit\u00e9 sous le nom commercial \n\u00ab\u00a0PFG - SERVICES FUNERAIRES\u00bb sis \u00e0 ARLES (13200) dans le domaine fun\u00e9raire\n30\nPREFETDES BOUCHES-DU-RHONELibert\u00e9Egalit\u00e9Fraternit\u00e9\nDIRECTION DE LA CITOYENNETE\nDE LA LEGALITE ET DE L'ENVIRONNEMENT\nBureau des \u00e9lections et de la r\u00e9glementation\nDCLE/BER/FUN/BC/2026/RAA N\u00b0                            \nARR\u00caT\u00c9 du 18 MARS 2026\nportant modification de l' habilitation N\u00b0 22-13-0394 de l'\u00e9tablissement secondaire de la \nSAS d\u00e9nomm\u00e9e \u00ab OGF - SERVICES FUNERAIRES \u00bb, exploit\u00e9 sous le nom commercial \n\u00ab PFG - SERVICES FUNERAIRES\u00bb sis \u00e0 ARLES (13200) dans le domaine fun\u00e9raire\n \n \n        Le pr\u00e9fet de la r\u00e9gion Provence-Alpes-C\u00f4te d'Azur\n         pr\u00e9fet de la zone de d\u00e9fense et de s\u00e9curit\u00e9 Sud\n                       pr\u00e9fet des Bouches-du-Rh\u00f4ne\n            \nVu le code g\u00e9n\u00e9ral des collectivit\u00e9s territoriales (CGCT), notamment les articles L2223-19 et  L2223-\n23 ;\nVu la loi n\u00b02008-1350 du 19 d\u00e9cembre 2008 relative \u00e0 la l\u00e9gislation fun\u00e9raire ;\nVu l'ordonnance n\u00b0 2005-855 du 28 juillet 2005 relative aux op\u00e9rations fun\u00e9raires, notamment l'article \n1 - \u00a7 IV ;\nVu le d\u00e9cret n\u00b0 2004-374 du 29 avril 2004 relatif aux pouvoirs des pr\u00e9fets, \u00e0 l'organisation et \u00e0 l'action  \ndes services de l'Etat dans les r\u00e9gions et d\u00e9partements ;\nVu le d\u00e9cret du 19 novembre 2025 portant nomination de monsieur Jacques WITKOWSKI en qualit\u00e9  \nde pr\u00e9fet de la r\u00e9gion Provence-Alpes-C\u00f4te d'Azur, pr\u00e9fet de la zone de d\u00e9fense et de s\u00e9curit\u00e9 Sud,  \npr\u00e9fet des Bouches-du-Rh\u00f4ne ;\nVu le d\u00e9cret du 31 janvier 2025 portant nomination de monsieur Fr\u00e9d\u00e9ric POISOT en qualit\u00e9 de  \nsecr\u00e9taire g\u00e9n\u00e9ral de la pr\u00e9fecture des Bouches-du-Rh\u00f4ne, sous-pr\u00e9fet de Marseille ;\nVu le d\u00e9cret n\u00b02012-608 du 30 avril 2012 relatif aux dipl\u00f4mes dans le secteur fun\u00e9raire ;\nVu l'arr\u00eat\u00e9 du 30 avril 2012 portant application du d\u00e9cret susvis\u00e9 ;\nVu le d\u00e9cret n\u00b02020-917 du 28 juillet 2020 relatif \u00e0 la dur\u00e9e de l'habilitation dans le secteur fun\u00e9raire ;\nVu l'arr\u00eat\u00e9 du Pr\u00e9fet des Bouches-du-Rh\u00f4ne du 1er mars 2022 portant habilitation sous le n\u00b0 22-13-0394 \ndans le domaine fun\u00e9raire jusqu'au 1 er mars 2027 de l'\u00e9tablissement secondaire de la soci\u00e9t\u00e9 \u00ab  OGF \u00bb \nexploit\u00e9 sous le nom commercial \u00ab  PFG - SERVICES FUNERAIRES \u00bb sis 20 avenue de la Lib\u00e9ration \u00e0  \nARLES (13200) ;\nVu la demande re\u00e7ue le 13 mars 2026 de M. Xavier XIMENES, directeur de secteur op\u00e9rationnel  \nsollicitant la modification de l'habilitation susvis\u00e9e suite au changement de d\u00e9nomination sociale du  \nsi\u00e8ge social du groupe OGF ;\nConsid\u00e9rant  l'extrait  KBIS  du  Greffe  du  Tribunal  de  Commerce  de  Marseille  du  21  janvier  2026  \nattestant  du  changement  de  raison  sociale  du  si\u00e8ge  d\u00e9sormais  d\u00e9nomm\u00e9  \u00ab  OGF  -  SERVICES  \nFUNERAIRES \u00bb ;\nPr\u00e9fecture des Bouches-du-Rhone - 13-2026-03-18-00019 - ARR\u00caT\u00c9 du 18 MARS 2026\nportant modification de l' habilitation N\u00b0 22-13-0394 de l'\u00e9tablissement secondaire de la SAS d\u00e9nomm\u00e9e \u00ab\u00a0OGF - SERVICES\nFUNERAIRES \u00bb, exploit\u00e9 sous le nom commercial \n\u00ab\u00a0PFG - SERVICES FUNERAIRES\u00bb sis \u00e0 ARLES (13200) dans le domaine fun\u00e9raire\n31\nConsid\u00e9rant que le dossier de demande de modification est complet ;\nSur proposition du secr\u00e9taire g\u00e9n\u00e9ral de la pr\u00e9fecture des Bouches-du-Rh\u00f4ne ;\nARR\u00caTE\nArticle 1  er     :  Les  dispositions  de l'article 1 de l'arr\u00eat\u00e9 pr\u00e9fectoral  n\u00b0 22-13-0394  sont  modifi\u00e9es  et  \nremplac\u00e9es par les dispositions suivantes  : \n\u00ab L'\u00e9tablissement secondaire de la SAS d\u00e9nomm\u00e9e \u00ab  OGF \u2013 SERVICES FUNERAIRES \u00bb, exploit\u00e9 sous le \nnom commercial \u00ab   PFG \u2013 SERVICES FUNERAIRES \u00bb sis 20 avenue de la Lib\u00e9ration  \u00e0 ARLES (13200),  \ndirig\u00e9 par M. Xavier XIMENES directeur de secteur op\u00e9rationnel, est habilit\u00e9 sous le N\u00b0 22-13-0394 \u00e0 \ncompter de la date du pr\u00e9sent arr\u00eat\u00e9, pour exercer sur l'ensemble du territoire national les activit\u00e9s  \nfun\u00e9raires suivantes :\n\u27a2 Jusqu'au 1ER MARS 2027   :\n\uf0d8 transport des corps avant et apr\u00e8s mise en bi\u00e8re\n\uf0d8 organisation des obs\u00e8ques\n\uf0d8 soins de conservation (en sous-traitance)\n\uf0d8 fourniture  de  housses,  des  cercueils  et  de  leurs  accessoires  int\u00e9rieurs  et  \next\u00e9rieurs ainsi que des urnes cin\u00e9raires\n\uf0d8 fourniture des corbillards et des voitures de deuil\n\uf0d8 fourniture de personnel, des objets et prestations n\u00e9cessaires aux obs\u00e8ques,  \ninhumations, exhumations et cr\u00e9mations \u00bb\nArticle  2  :  Les  dispositions  de  l'article  2  de  l'arr\u00eat\u00e9  pr\u00e9fectoral  n\u00b0  22-13-0394  sont  modifi\u00e9es  et \nremplac\u00e9es par les dispositions suivantes  : \n\u00ab  L'habilitation  est  accord\u00e9e  jusqu'au  1er mars  2027.  La  demande  de  renouvellement  devra  \u00eatre  \neffectu\u00e9e deux mois avant son \u00e9ch\u00e9ance\u00bb.\nArticle 3  : Le reste de l'arr\u00eat\u00e9 n\u00b0 22-13-0394 est sans changement.\nArticle 4  :  La pr\u00e9sente d\u00e9cision peut faire l'objet, dans un d\u00e9lai de deux mois \u00e0 compter de sa  \nnotification,  d'un  recours  gracieux  aupr\u00e8s  de  mes  services,  d'un  recours  hi\u00e9rarchique  aupr\u00e8s  de  \nmonsieur  le  ministre  de  l'int\u00e9rieur,  d'un  recours  contentieux  devant  le  tribunal  administratif  de  \nMarseille (31 rue Jean-Fran\u00e7ois LECA, 13002 Marseille)  ; la juridiction administrative comp\u00e9tente peut  \naussi \u00eatre saisie par l'application T\u00e9l\u00e9recours accessible \u00e0 partir du site www.telerecours.fr.\nArticle 5  : Le secr\u00e9taire g\u00e9n\u00e9ral de la pr\u00e9fecture des Bouches-du-Rh\u00f4ne, le sous-pr\u00e9fet d'Arles, le  \ndirecteur d\u00e9partemental de la s\u00e9curit\u00e9 publique des Bouches-du-Rh\u00f4ne sont charg\u00e9s, chacun en ce  \nqui le concerne, de l'ex\u00e9cution du pr\u00e9sent arr\u00eat\u00e9 qui sera publi\u00e9 au recueil des actes administratifs.\nFait \u00e0 Marseille, le 18 MARS 2026\nPour le pr\u00e9fet,\nL'adjointe au chef de bureau\n      SIGNE\nVirginie DUPOUY-RAVETLLAT\nPr\u00e9fecture des Bouches-du-Rhone - 13-2026-03-18-00019 - ARR\u00caT\u00c9 du 18 MARS 2026\nportant modification de l' habilitation N\u00b0 22-13-0394 de l'\u00e9tablissement secondaire de la SAS d\u00e9nomm\u00e9e \u00ab\u00a0OGF - SERVICES\nFUNERAIRES \u00bb, exploit\u00e9 sous le nom commercial \n\u00ab\u00a0PFG - SERVICES FUNERAIRES\u00bb sis \u00e0 ARLES (13200) dans le domaine fun\u00e9raire\n32\nPr\u00e9fecture des Bouches-du-Rhone\n13-2026-03-18-00018\nARR\u00caT\u00c9 du 18 MARS 2026\nportant modification de l' habilitation N\u00b0\n24-13-0493 de l'\u00e9tablissement secondaire de la\nSAS d\u00e9nomm\u00e9e \u00ab\u00a0OGF - SERVICES FUNERAIRES\n\u00bb, exploit\u00e9 sous le nom commercial \n\u00ab\u00a0PFG - SERVICES FUNERAIRES\u00bb sis \u00e0 ARLES\n(13200) \ndans le domaine fun\u00e9raire et pour la gestion et\nl'utilisation d'une chambre fun\u00e9raire\nPr\u00e9fecture des Bouches-du-Rhone - 13-2026-03-18-00018 - ARR\u00caT\u00c9 du 18 MARS 2026\nportant modification de l' habilitation N\u00b0 24-13-0493 de l'\u00e9tablissement secondaire de la SAS d\u00e9nomm\u00e9e \u00ab\u00a0OGF - SERVICES\nFUNERAIRES \u00bb, exploit\u00e9 sous le nom commercial \n\u00ab\u00a0PFG - SERVICES FUNERAIRES\u00bb sis \u00e0 ARLES (13200) \ndans le domaine fun\u00e9raire et pour la gestion et l'utilisation d'une chambre fun\u00e9raire\n33\nPREFETDES BOUCHES-DU-RHONELibert\u00e9Egalit\u00e9Fraternit\u00e9\nDIRECTION DE LA CITOYENNETE\nDE LA LEGALITE ET DE L'ENVIRONNEMENT\nBureau des \u00e9lections et de la r\u00e9glementation\nDCLE/BER/FUN/BC/2026/RAA N\u00b0                            \nARR\u00caT\u00c9 du 18 MARS 2026\nportant modification de l' habilitation N\u00b0 24-13-0493 de l'\u00e9tablissement secondaire de la \nSAS d\u00e9nomm\u00e9e \u00ab OGF - SERVICES FUNERAIRES \u00bb, exploit\u00e9 sous le nom commercial \n\u00ab PFG - SERVICES FUNERAIRES\u00bb sis \u00e0 ARLES (13200) \ndans le domaine fun\u00e9raire et pour la gestion et l'utilisation d'une chambre fun\u00e9raire\n \n        Le pr\u00e9fet de la r\u00e9gion Provence-Alpes-C\u00f4te d'Azur\n         pr\u00e9fet de la zone de d\u00e9fense et de s\u00e9curit\u00e9 Sud\n                       pr\u00e9fet des Bouches-du-Rh\u00f4ne\n            \nVu le code g\u00e9n\u00e9ral des collectivit\u00e9s territoriales (CGCT), notamment les articles L2223-19 et  L2223-\n23 ;\nVu la loi n\u00b02008-1350 du 19 d\u00e9cembre 2008 relative \u00e0 la l\u00e9gislation fun\u00e9raire ;\nVu l'ordonnance n\u00b0 2005-855 du 28 juillet 2005 relative aux op\u00e9rations fun\u00e9raires, notamment l'article \n1 - \u00a7 IV ;\nVu le d\u00e9cret n\u00b0 2004-374 du 29 avril 2004 relatif aux pouvoirs des pr\u00e9fets, \u00e0 l'organisation et \u00e0 l'action  \ndes services de l'Etat dans les r\u00e9gions et d\u00e9partements ;\nVu le d\u00e9cret du 19 novembre 2025 portant nomination de monsieur Jacques WITKOWSKI en qualit\u00e9  \nde pr\u00e9fet de la r\u00e9gion Provence-Alpes-C\u00f4te d'Azur, pr\u00e9fet de la zone de d\u00e9fense et de s\u00e9curit\u00e9 Sud,  \npr\u00e9fet des Bouches-du-Rh\u00f4ne ;\nVu le d\u00e9cret du 31 janvier 2025 portant nomination de monsieur Fr\u00e9d\u00e9ric POISOT en qualit\u00e9 de  \nsecr\u00e9taire g\u00e9n\u00e9ral de la pr\u00e9fecture des Bouches-du-Rh\u00f4ne, sous-pr\u00e9fet de Marseille ;\nVu le d\u00e9cret n\u00b02012-608 du 30 avril 2012 relatif aux dipl\u00f4mes dans le secteur fun\u00e9raire ;\nVu l'arr\u00eat\u00e9 du 30 avril 2012 portant application du d\u00e9cret susvis\u00e9 ;\nVu le d\u00e9cret n\u00b02020-917 du 28 juillet 2020 relatif \u00e0 la dur\u00e9e de l'habilitation dans le secteur fun\u00e9raire ;\nVu l'arr\u00eat\u00e9 du Pr\u00e9fet des Bouches-du-Rh\u00f4ne du 1 er ao\u00fbt 2024 portant habilitation dans le domaine  \nfun\u00e9raire sous le n\u00b0 24-13-0493 jusqu'au 16 avril 2029  de l'\u00e9tablissement secondaire de la soci\u00e9t\u00e9  \n\u00ab OGF \u00bb exploit\u00e9 sous le nom commercial \u00ab PFG - SERVICES FUNERAIRES \u00bb sis 33 chemin de Fourchon - \nLes All\u00e9es de M\u00e9ditrina \u00e0 ARLES (13200) et pour la gestion et l'utilisation d'une chambre fun\u00e9raire ;\nVu la demande re\u00e7ue le 13 mars 2026 de M. Xavier XIMENES, directeur de secteur op\u00e9rationnel  \nsollicitant la modification de l'habilitation susvis\u00e9e suite au changement de d\u00e9nomination sociale du  \nsi\u00e8ge social du groupe OGF ;\nConsid\u00e9rant  l'extrait  KBIS  du  Greffe  du  Tribunal  de  Commerce  de  Marseille  du  21  janvier  2026  \nattestant  du  changement  de  raison  sociale  du  si\u00e8ge  d\u00e9sormais  d\u00e9nomm\u00e9  \u00ab  OGF  -  SERVICES  \nFUNERAIRES \u00bb ;\nPr\u00e9fecture des Bouches-du-Rhone - 13-2026-03-18-00018 - ARR\u00caT\u00c9 du 18 MARS 2026\nportant modification de l' habilitation N\u00b0 24-13-0493 de l'\u00e9tablissement secondaire de la SAS d\u00e9nomm\u00e9e \u00ab\u00a0OGF - SERVICES\nFUNERAIRES \u00bb, exploit\u00e9 sous le nom commercial \n\u00ab\u00a0PFG - SERVICES FUNERAIRES\u00bb sis \u00e0 ARLES (13200) \ndans le domaine fun\u00e9raire et pour la gestion et l'utilisation d'une chambre fun\u00e9raire\n34\nConsid\u00e9rant que le dossier de demande de modification est complet ;\nSur proposition du secr\u00e9taire g\u00e9n\u00e9ral de la pr\u00e9fecture des Bouches-du-Rh\u00f4ne ;\nARR\u00caTE\nArticle 1  er     :  Les  dispositions  de l'article 1 de l'arr\u00eat\u00e9 pr\u00e9fectoral  n\u00b0 24-13-0493  sont  modifi\u00e9es  et  \nremplac\u00e9es par les dispositions suivantes  : \n\u00ab L'\u00e9tablissement secondaire de la SAS d\u00e9nomm\u00e9e \u00ab  OGF \u2013 SERVICES FUNERAIRES \u00bb, exploit\u00e9 sous le \nnom  commercial  \u00ab  PFG  \u2013  SERVICES  FUNERAIRES  \u00bb  sis  33  chemin  de  Fourchon  -  Les  All\u00e9es  de \nM\u00e9ditrina \u00e0  ARLES  (13200),  dirig\u00e9  par  M.  Xavier  XIMENES  directeur  de  secteur  op\u00e9rationnel,  est  \nhabilit\u00e9 sous le N\u00b0 24-13-0493 \u00e0 compter de la date du pr\u00e9sent arr\u00eat\u00e9, pour exercer sur l'ensemble du  \nterritoire national les activit\u00e9s fun\u00e9raires suivantes :\n\u27a2 Jusqu'au 16 avril 2029  :\n\uf0d8 transport des corps avant et apr\u00e8s mise en bi\u00e8re\n\uf0d8 organisation des obs\u00e8ques\n\uf0d8 soins de conservation (en sous-traitance)\n\uf0d8 fourniture  de  housses,  des  cercueils  et  de  leurs  accessoires  int\u00e9rieurs  et  \next\u00e9rieurs ainsi que des urnes cin\u00e9raires\n\uf0d8 gestion et utilisation d'une chambre fun\u00e9raire \u00ab MAISON FUNERAIRE \u00bb\n\uf0d8 fourniture des corbillards et des voitures de deuil\n\uf0d8 fourniture de personnel, des objets et prestations n\u00e9cessaires aux obs\u00e8ques,  \ninhumations, exhumations et cr\u00e9mations \u00bb\nArticle  2  :  Les  dispositions  de  l'article  2  de  l'arr\u00eat\u00e9  pr\u00e9fectoral  n\u00b0  24-13-0493  sont  modifi\u00e9es  et \nremplac\u00e9es par les dispositions suivantes  : \n\u00ab  L'habilitation  est  accord\u00e9e  jusqu'au  16  avril  2029.  La  demande  de  renouvellement  devra  \u00eatre  \neffectu\u00e9e deux mois avant son \u00e9ch\u00e9ance\u00bb.\nArticle 3  : Le reste de l'arr\u00eat\u00e9 n\u00b0 24-13-0493 est sans changement.\nArticle 4  :  La pr\u00e9sente d\u00e9cision peut faire l'objet, dans un d\u00e9lai de deux mois \u00e0 compter de sa  \nnotification,  d'un  recours  gracieux  aupr\u00e8s  de  mes  services,  d'un  recours  hi\u00e9rarchique  aupr\u00e8s  de  \nmonsieur  le  ministre  de  l'int\u00e9rieur,  d'un  recours  contentieux  devant  le  tribunal  administratif  de  \nMarseille (31 rue Jean-Fran\u00e7ois LECA, 13002 Marseille)  ; la juridiction administrative comp\u00e9tente peut  \naussi \u00eatre saisie par l'application T\u00e9l\u00e9recours accessible \u00e0 partir du site www.telerecours.fr.\nArticle 5  : Le secr\u00e9taire g\u00e9n\u00e9ral de la pr\u00e9fecture des Bouches-du-Rh\u00f4ne, le sous-pr\u00e9fet d'Arles, le  \ndirecteur d\u00e9partemental de la s\u00e9curit\u00e9 publique des Bouches-du-Rh\u00f4ne sont charg\u00e9s, chacun en ce  \nqui le concerne, de l'ex\u00e9cution du pr\u00e9sent arr\u00eat\u00e9 qui sera publi\u00e9 au recueil des actes administratifs.\nFait \u00e0 Marseille, le 18 MARS 2026\nPour le pr\u00e9fet,\nL'adjointe au chef de bureau\n      SIGNE\nVirginie DUPOUY-RAVETLLAT\nPr\u00e9fecture des Bouches-du-Rhone - 13-2026-03-18-00018 - ARR\u00caT\u00c9 du 18 MARS 2026\nportant modification de l' habilitation N\u00b0 24-13-0493 de l'\u00e9tablissement secondaire de la SAS d\u00e9nomm\u00e9e \u00ab\u00a0OGF - SERVICES\nFUNERAIRES \u00bb, exploit\u00e9 sous le nom commercial \n\u00ab\u00a0PFG - SERVICES FUNERAIRES\u00bb sis \u00e0 ARLES (13200) \ndans le domaine fun\u00e9raire et pour la gestion et l'utilisation d'une chambre fun\u00e9raire\n35\nPr\u00e9fecture des Bouches-du-Rhone\n13-2026-03-18-00021\nARR\u00caT\u00c9 du 18 MARS 2026\nportant modification de l' habilitation N\u00b0\n25-13-0015 de l'\u00e9tablissement secondaire de la\nSAS d\u00e9nomm\u00e9e \u00ab\u00a0OGF - SERVICES FUNERAIRES\n\u00bb, exploit\u00e9 sous le nom commercial \n\u00ab\u00a0POMPES FUNEBRES ROBLOT\u00bb sis \u00e0 TARASCON\n(13150) \ndans le domaine fun\u00e9raire et pour la gestion et\nl'utilisation d'une chambre fun\u00e9raire\nPr\u00e9fecture des Bouches-du-Rhone - 13-2026-03-18-00021 - ARR\u00caT\u00c9 du 18 MARS 2026\nportant modification de l' habilitation N\u00b0 25-13-0015 de l'\u00e9tablissement secondaire de la SAS d\u00e9nomm\u00e9e \u00ab\u00a0OGF - SERVICES\nFUNERAIRES \u00bb, exploit\u00e9 sous le nom commercial \n\u00ab\u00a0POMPES FUNEBRES ROBLOT\u00bb sis \u00e0 TARASCON (13150) \ndans le domaine fun\u00e9raire et pour la gestion et l'utilisation d'une chambre fun\u00e9raire\n36\nPREFETDES BOUCHES-DU-RHONELibert\u00e9Egalit\u00e9Fraternit\u00e9\nDIRECTION DE LA CITOYENNETE\nDE LA LEGALITE ET DE L'ENVIRONNEMENT\nBureau des \u00e9lections et de la r\u00e9glementation\nDCLE/BER/FUN/BC/2026/RAA N\u00b0                            \nARR\u00caT\u00c9 du 18 MARS 2026\nportant modification de l' habilitation N\u00b0 25-13-0015 de l'\u00e9tablissement secondaire de la SAS \nd\u00e9nomm\u00e9e \u00ab OGF - SERVICES FUNERAIRES \u00bb, exploit\u00e9 sous le nom commercial \n\u00ab POMPES FUNEBRES ROBLOT\u00bb sis \u00e0 TARASCON (13150) \ndans le domaine fun\u00e9raire et pour la gestion et l'utilisation d'une chambre fun\u00e9raire\n \n        Le pr\u00e9fet de la r\u00e9gion Provence-Alpes-C\u00f4te d'Azur\n         pr\u00e9fet de la zone de d\u00e9fense et de s\u00e9curit\u00e9 Sud\n                       pr\u00e9fet des Bouches-du-Rh\u00f4ne\n            \nVu le code g\u00e9n\u00e9ral des collectivit\u00e9s territoriales (CGCT), notamment les articles L2223-19 et  L2223-\n23 ;\nVu la loi n\u00b02008-1350 du 19 d\u00e9cembre 2008 relative \u00e0 la l\u00e9gislation fun\u00e9raire ;\nVu l'ordonnance n\u00b0 2005-855 du 28 juillet 2005 relative aux op\u00e9rations fun\u00e9raires, notamment l'article \n1 - \u00a7 IV ;\nVu le d\u00e9cret n\u00b0 2004-374 du 29 avril 2004 relatif aux pouvoirs des pr\u00e9fets, \u00e0 l'organisation et \u00e0 l'action  \ndes services de l'Etat dans les r\u00e9gions et d\u00e9partements ;\nVu le d\u00e9cret du 19 novembre 2025 portant nomination de monsieur Jacques WITKOWSKI en qualit\u00e9  \nde pr\u00e9fet de la r\u00e9gion Provence-Alpes-C\u00f4te d'Azur, pr\u00e9fet de la zone de d\u00e9fense et de s\u00e9curit\u00e9 Sud,  \npr\u00e9fet des Bouches-du-Rh\u00f4ne ;\nVu le d\u00e9cret du 31 janvier 2025 portant nomination de monsieur Fr\u00e9d\u00e9ric POISOT en qualit\u00e9 de  \nsecr\u00e9taire g\u00e9n\u00e9ral de la pr\u00e9fecture des Bouches-du-Rh\u00f4ne, sous-pr\u00e9fet de Marseille ;\nVu le d\u00e9cret n\u00b02012-608 du 30 avril 2012 relatif aux dipl\u00f4mes dans le secteur fun\u00e9raire ;\nVu l'arr\u00eat\u00e9 du 30 avril 2012 portant application du d\u00e9cret susvis\u00e9 ;\nVu le d\u00e9cret n\u00b02020-917 du 28 juillet 2020 relatif \u00e0 la dur\u00e9e de l'habilitation dans le secteur fun\u00e9raire ;\nVu l'arr\u00eat\u00e9 du Pr\u00e9fet des Bouches-du-Rh\u00f4ne du 26 ao\u00fbt 2025 portant habilitation dans le domaine  \nfun\u00e9raire sous le n\u00b0 25-13-0015 jusqu'au 26 ao\u00fbt 2030  de l'\u00e9tablissement secondaire de la soci\u00e9t\u00e9  \n\u00ab OGF \u00bb exploit\u00e9 sous le nom commercial \u00ab  POMPES FUNEBRES ROBLOT \u00bb sis Route de M\u00e9zoargues -  \nLieu dit Barailler \u00e0 TARASCON (13150) et pour la gestion et l'utilisation d'une chambre fun\u00e9raire ;\nVu la demande re\u00e7ue le 13 mars 2026 de M. Xavier XIMENES, directeur de secteur op\u00e9rationnel  \nsollicitant la modification de l'habilitation susvis\u00e9e suite au changement de d\u00e9nomination sociale du  \nsi\u00e8ge social du groupe OGF ;\nConsid\u00e9rant  l'extrait  KBIS  du  Greffe  du  Tribunal  de  Commerce  de  Marseille  du  21  janvier  2026  \nattestant  du  changement  de  raison  sociale  du  si\u00e8ge  d\u00e9sormais  d\u00e9nomm\u00e9  \u00ab  OGF  -  SERVICES  \nFUNERAIRES \u00bb ;\nPr\u00e9fecture des Bouches-du-Rhone - 13-2026-03-18-00021 - ARR\u00caT\u00c9 du 18 MARS 2026\nportant modification de l' habilitation N\u00b0 25-13-0015 de l'\u00e9tablissement secondaire de la SAS d\u00e9nomm\u00e9e \u00ab\u00a0OGF - SERVICES\nFUNERAIRES \u00bb, exploit\u00e9 sous le nom commercial \n\u00ab\u00a0POMPES FUNEBRES ROBLOT\u00bb sis \u00e0 TARASCON (13150) \ndans le domaine fun\u00e9raire et pour la gestion et l'utilisation d'une chambre fun\u00e9raire\n37\nConsid\u00e9rant que le dossier de demande de modification est complet ;\nSur proposition du secr\u00e9taire g\u00e9n\u00e9ral de la pr\u00e9fecture des Bouches-du-Rh\u00f4ne ;\nARR\u00caTE\nArticle  1  er     :  Les  dispositions  de  l'article  1  de  l'arr\u00eat\u00e9  pr\u00e9fectoral  n\u00b0  25-13-0015  sont  modifi\u00e9es  et \nremplac\u00e9es par les dispositions suivantes  : \n\u00ab L'\u00e9tablissement secondaire de la SAS d\u00e9nomm\u00e9e \u00ab  OGF \u2013 SERVICES FUNERAIRES \u00bb, exploit\u00e9 sous le \nnom commercial \u00ab  POMPES FUNEBRES ROBLOT  \u00bb sis  Route de M\u00e9zoargues -  Lieu dit Barailler  \u00e0 \nTARASCON (13150), dirig\u00e9 par M. Xavier XIMENES directeur de secteur op\u00e9rationnel, est habilit\u00e9 sous  \nle  N\u00b0 25-13-0015 \u00e0 compter de la date du pr\u00e9sent arr\u00eat\u00e9, pour exercer sur l'ensemble du territoire  \nnational les activit\u00e9s fun\u00e9raires suivantes :\n\u27a2 Jusqu'au 26 AO\u00dbT 2030  :\n\uf0d8 transport des corps avant et apr\u00e8s mise en bi\u00e8re\n\uf0d8 organisation des obs\u00e8ques\n\uf0d8 soins de conservation (en sous-traitance)\n\uf0d8 fourniture  de  housses,  des  cercueils  et  de  leurs  accessoires  int\u00e9rieurs  et  \next\u00e9rieurs ainsi que des urnes cin\u00e9raires\n\uf0d8 gestion et utilisation d'une chambre fun\u00e9raire \u00ab MAISON FUNERAIRE \u00bb\n\uf0d8 fourniture des corbillards et des voitures de deuil\n\uf0d8 fourniture de personnel, des objets et prestations n\u00e9cessaires aux obs\u00e8ques,  \ninhumations, exhumations et cr\u00e9mations \u00bb\nArticle  2  :  Les  dispositions  de  l'article  2  de  l'arr\u00eat\u00e9  pr\u00e9fectoral  n\u00b0  25-13-0015  sont  modifi\u00e9es  et  \nremplac\u00e9es par les dispositions suivantes  : \n\u00ab  L'habilitation  est  accord\u00e9e  jusqu'au  26  ao\u00fbt  2030.  La  demande  de  renouvellement  devra  \u00eatre  \neffectu\u00e9e deux mois avant son \u00e9ch\u00e9ance\u00bb.\nArticle 3  : Le reste de l'arr\u00eat\u00e9 n\u00b0 25-13-0015 est sans changement.\nArticle 4  :  La pr\u00e9sente d\u00e9cision peut faire l'objet, dans un d\u00e9lai de deux mois \u00e0 compter de sa  \nnotification,  d'un  recours  gracieux  aupr\u00e8s  de  mes  services,  d'un  recours  hi\u00e9rarchique  aupr\u00e8s  de  \nmonsieur  le  ministre  de  l'int\u00e9rieur,  d'un  recours  contentieux  devant  le  tribunal  administratif  de  \nMarseille (31 rue Jean-Fran\u00e7ois LECA, 13002 Marseille)  ; la juridiction administrative comp\u00e9tente peut  \naussi \u00eatre saisie par l'application T\u00e9l\u00e9recours accessible \u00e0 partir du site www.telerecours.fr.\nArticle 5  : Le secr\u00e9taire g\u00e9n\u00e9ral de la pr\u00e9fecture des Bouches-du-Rh\u00f4ne, le sous-pr\u00e9fet d'Arles, le  \ndirecteur d\u00e9partemental de la s\u00e9curit\u00e9 publique des Bouches-du-Rh\u00f4ne sont charg\u00e9s, chacun en ce  \nqui le concerne, de l'ex\u00e9cution du pr\u00e9sent arr\u00eat\u00e9 qui sera publi\u00e9 au recueil des actes administratifs.\nFait \u00e0 Marseille, le 18 MARS 2026\nPour le pr\u00e9fet,\nL'adjointe au chef de bureau\n      SIGNE\nVirginie DUPOUY-RAVETLLAT\nPr\u00e9fecture des Bouches-du-Rhone - 13-2026-03-18-00021 - ARR\u00caT\u00c9 du 18 MARS 2026\nportant modification de l' habilitation N\u00b0 25-13-0015 de l'\u00e9tablissement secondaire de la SAS d\u00e9nomm\u00e9e \u00ab\u00a0OGF - SERVICES\nFUNERAIRES \u00bb, exploit\u00e9 sous le nom commercial \n\u00ab\u00a0POMPES FUNEBRES ROBLOT\u00bb sis \u00e0 TARASCON (13150) \ndans le domaine fun\u00e9raire et pour la gestion et l'utilisation d'une chambre fun\u00e9raire\n38\nPr\u00e9fecture des Bouches-du-Rhone\n13-2026-03-18-00020\nARR\u00caT\u00c9 du 18 MARS 2026\nportant modification de l' habilitation N\u00b0\n25-13-0045 de l'\u00e9tablissement secondaire de la\nSAS d\u00e9nomm\u00e9e \u00ab\u00a0OGF - SERVICES FUNERAIRES\n\u00bb, exploit\u00e9 sous le nom commercial \n\u00ab\u00a0POMPES FUNEBRES LES 3 COLONNES\u00bb sis \u00e0\nROGNONAS (13870) \ndans le domaine fun\u00e9raire et pour la gestion et\nl'utilisation d'une chambre fun\u00e9raire\nPr\u00e9fecture des Bouches-du-Rhone - 13-2026-03-18-00020 - ARR\u00caT\u00c9 du 18 MARS 2026\nportant modification de l' habilitation N\u00b0 25-13-0045 de l'\u00e9tablissement secondaire de la SAS d\u00e9nomm\u00e9e \u00ab\u00a0OGF - SERVICES\nFUNERAIRES \u00bb, exploit\u00e9 sous le nom commercial \n\u00ab\u00a0POMPES FUNEBRES LES 3 COLONNES\u00bb sis \u00e0 ROGNONAS (13870) \ndans le domaine fun\u00e9raire et pour la gestion et l'utilisation d'une chambre fun\u00e9raire\n39\nPREFETDES BOUCHES-DU-RHONELibert\u00e9Egalit\u00e9Fraternit\u00e9\nDIRECTION DE LA CITOYENNETE\nDE LA LEGALITE ET DE L'ENVIRONNEMENT\nBureau des \u00e9lections et de la r\u00e9glementation\nDCLE/BER/FUN/BC/2026/RAA N\u00b0                            \nARR\u00caT\u00c9 du 18 MARS 2026\nportant modification de l' habilitation N\u00b0 25-13-0045 de l'\u00e9tablissement secondaire de la \nSAS d\u00e9nomm\u00e9e \u00ab OGF - SERVICES FUNERAIRES \u00bb, exploit\u00e9 sous le nom commercial \n\u00ab POMPES FUNEBRES LES 3 COLONNES\u00bb sis \u00e0 ROGNONAS (13870) \ndans le domaine fun\u00e9raire et pour la gestion et l'utilisation d'une chambre fun\u00e9raire\n \n        Le pr\u00e9fet de la r\u00e9gion Provence-Alpes-C\u00f4te d'Azur\n         pr\u00e9fet de la zone de d\u00e9fense et de s\u00e9curit\u00e9 Sud\n                       pr\u00e9fet des Bouches-du-Rh\u00f4ne\n            \nVu le code g\u00e9n\u00e9ral des collectivit\u00e9s territoriales (CGCT), notamment les articles L2223-19 et  L2223-\n23 ;\nVu la loi n\u00b02008-1350 du 19 d\u00e9cembre 2008 relative \u00e0 la l\u00e9gislation fun\u00e9raire ;\nVu l'ordonnance n\u00b0 2005-855 du 28 juillet 2005 relative aux op\u00e9rations fun\u00e9raires, notamment l'article \n1 - \u00a7 IV ;\nVu le d\u00e9cret n\u00b0 2004-374 du 29 avril 2004 relatif aux pouvoirs des pr\u00e9fets, \u00e0 l'organisation et \u00e0 l'action  \ndes services de l'Etat dans les r\u00e9gions et d\u00e9partements ;\nVu le d\u00e9cret du 19 novembre 2025 portant nomination de monsieur Jacques WITKOWSKI en qualit\u00e9  \nde pr\u00e9fet de la r\u00e9gion Provence-Alpes-C\u00f4te d'Azur, pr\u00e9fet de la zone de d\u00e9fense et de s\u00e9curit\u00e9 Sud,  \npr\u00e9fet des Bouches-du-Rh\u00f4ne ;\nVu le d\u00e9cret du 31 janvier 2025 portant nomination de monsieur Fr\u00e9d\u00e9ric POISOT en qualit\u00e9 de  \nsecr\u00e9taire g\u00e9n\u00e9ral de la pr\u00e9fecture des Bouches-du-Rh\u00f4ne, sous-pr\u00e9fet de Marseille ;\nVu le d\u00e9cret n\u00b02012-608 du 30 avril 2012 relatif aux dipl\u00f4mes dans le secteur fun\u00e9raire ;\nVu l'arr\u00eat\u00e9 du 30 avril 2012 portant application du d\u00e9cret susvis\u00e9 ;\nVu le d\u00e9cret n\u00b02020-917 du 28 juillet 2020 relatif \u00e0 la dur\u00e9e de l'habilitation dans le secteur fun\u00e9raire ;\nVu l'arr\u00eat\u00e9 du Pr\u00e9fet des Bouches-du-Rh\u00f4ne du 06 mai 2025 portant habilitation dans le domaine  \nfun\u00e9raire sous le n\u00b0 25-13-0045 jusqu'au 06 mai 2030  de l'\u00e9tablissement secondaire de la soci\u00e9t\u00e9  \n\u00ab OGF \u00bb exploit\u00e9 sous le nom commercial \u00ab  POMPES FUNEBRES LES 3 COLONNES \u00bb sis Zac de la  \nHorsi\u00e8re \u00e0 ROGNONAS (13870) et pour la gestion et l'utilisation d'une chambre fun\u00e9raire ;\nVu la demande re\u00e7ue le 13 mars 2026 de M. Xavier XIMENES, directeur de secteur op\u00e9rationnel  \nsollicitant la modification de l'habilitation susvis\u00e9e suite au changement de d\u00e9nomination sociale du  \nsi\u00e8ge social du groupe OGF ;\nConsid\u00e9rant  l'extrait  KBIS  du  Greffe  du  Tribunal  de  Commerce  de  Marseille  du  21  janvier  2026  \nattestant  du  changement  de  raison  sociale  du  si\u00e8ge  d\u00e9sormais  d\u00e9nomm\u00e9  \u00ab  OGF  -  SERVICES  \nFUNERAIRES \u00bb ;\nPr\u00e9fecture des Bouches-du-Rhone - 13-2026-03-18-00020 - ARR\u00caT\u00c9 du 18 MARS 2026\nportant modification de l' habilitation N\u00b0 25-13-0045 de l'\u00e9tablissement secondaire de la SAS d\u00e9nomm\u00e9e \u00ab\u00a0OGF - SERVICES\nFUNERAIRES \u00bb, exploit\u00e9 sous le nom commercial \n\u00ab\u00a0POMPES FUNEBRES LES 3 COLONNES\u00bb sis \u00e0 ROGNONAS (13870) \ndans le domaine fun\u00e9raire et pour la gestion et l'utilisation d'une chambre fun\u00e9raire\n40\nConsid\u00e9rant que le dossier de demande de modification est complet ;\nSur proposition du secr\u00e9taire g\u00e9n\u00e9ral de la pr\u00e9fecture des Bouches-du-Rh\u00f4ne ;\nARR\u00caTE\nArticle 1  er     :  Les  dispositions  de l'article 1 de l'arr\u00eat\u00e9 pr\u00e9fectoral  n\u00b0 25-13-0045  sont  modifi\u00e9es  et  \nremplac\u00e9es par les dispositions suivantes  : \n\u00ab L'\u00e9tablissement secondaire de la SAS d\u00e9nomm\u00e9e \u00ab  OGF \u2013 SERVICES FUNERAIRES \u00bb, exploit\u00e9 sous le \nnom commercial \u00ab   POMPES FUNEBRES LES 3 COLONNES  \u00bb sis  Zac de la Horsi\u00e8re  \u00e0 ROGNONAS  \n(13870),  dirig\u00e9  par  M.  Xavier  XIMENES  directeur  de  secteur  op\u00e9rationnel,  est  habilit\u00e9  sous  le  \nN\u00b0 25-13-0045  \u00e0 compter de la date du pr\u00e9sent arr\u00eat\u00e9, pour exercer sur l'ensemble du territoire  \nnational les activit\u00e9s fun\u00e9raires suivantes :\n\u27a2 Jusqu'au 06 MAI 2030  :\n\uf0d8 transport des corps avant et apr\u00e8s mise en bi\u00e8re\n\uf0d8 organisation des obs\u00e8ques\n\uf0d8 soins de conservation (en sous-traitance)\n\uf0d8 fourniture  de  housses,  des  cercueils  et  de  leurs  accessoires  int\u00e9rieurs  et  \next\u00e9rieurs ainsi que des urnes cin\u00e9raires\n\uf0d8 gestion et utilisation d'une chambre fun\u00e9raire\n\uf0d8 fourniture des corbillards et des voitures de deuil\n\uf0d8 fourniture de personnel, des objets et prestations n\u00e9cessaires aux obs\u00e8ques,  \ninhumations, exhumations et cr\u00e9mations \u00bb\nArticle  2  :  Les  dispositions  de  l'article  2  de  l'arr\u00eat\u00e9  pr\u00e9fectoral  n\u00b0  25-13-0045  sont  modifi\u00e9es  et \nremplac\u00e9es par les dispositions suivantes  : \n\u00ab  L'habilitation  est  accord\u00e9e  jusqu'au  06  mai  2030.  La  demande  de  renouvellement  devra  \u00eatre  \neffectu\u00e9e deux mois avant son \u00e9ch\u00e9ance\u00bb.\nArticle 3  : Le reste de l'arr\u00eat\u00e9 n\u00b0 25-13-0045 est sans changement.\nArticle 4  :  La pr\u00e9sente d\u00e9cision peut faire l'objet, dans un d\u00e9lai de deux mois \u00e0 compter de sa  \nnotification,  d'un  recours  gracieux  aupr\u00e8s  de  mes  services,  d'un  recours  hi\u00e9rarchique  aupr\u00e8s  de  \nmonsieur  le  ministre  de  l'int\u00e9rieur,  d'un  recours  contentieux  devant  le  tribunal  administratif  de  \nMarseille (31 rue Jean-Fran\u00e7ois LECA, 13002 Marseille)  ; la juridiction administrative comp\u00e9tente peut  \naussi \u00eatre saisie par l'application T\u00e9l\u00e9recours accessible \u00e0 partir du site www.telerecours.fr.\nArticle 5  : Le secr\u00e9taire g\u00e9n\u00e9ral de la pr\u00e9fecture des Bouches-du-Rh\u00f4ne, le sous-pr\u00e9fet d'Arles, le  \ncolonel commandant le groupement de gendarmerie des Bouches-du-Rh\u00f4ne sont charg\u00e9s, chacun en  \nce qui le concerne, de l'ex\u00e9cution du pr\u00e9sent arr\u00eat\u00e9 qui sera publi\u00e9 au recueil des actes administratifs.\nFait \u00e0 Marseille, le 18 MARS 2026\nPour le pr\u00e9fet,\nL'adjointe au chef de bureau\n      SIGNE\nVirginie DUPOUY-RAVETLLAT\nPr\u00e9fecture des Bouches-du-Rhone - 13-2026-03-18-00020 - ARR\u00caT\u00c9 du 18 MARS 2026\nportant modification de l' habilitation N\u00b0 25-13-0045 de l'\u00e9tablissement secondaire de la SAS d\u00e9nomm\u00e9e \u00ab\u00a0OGF - SERVICES\nFUNERAIRES \u00bb, exploit\u00e9 sous le nom commercial \n\u00ab\u00a0POMPES FUNEBRES LES 3 COLONNES\u00bb sis \u00e0 ROGNONAS (13870) \ndans le domaine fun\u00e9raire et pour la gestion et l'utilisation d'une chambre fun\u00e9raire\n41\nPr\u00e9fecture des Bouches-du-Rhone\n13-2026-03-19-00010\nARR\u00caT\u00c9 modifiant la d\u00e9signation de d\u00e9l\u00e9gu\u00e9s\nsp\u00e9ciaux pour constituer les bureaux de vote des\narrondissements pr\u00e9fectoraux\nd'Aix-en-Provence, Arles, Istres et Marseille, lors\ndes \u00e9lections municipales et communautaires, le\n22 mars 2026\nPr\u00e9fecture des Bouches-du-Rhone - 13-2026-03-19-00010 - ARR\u00caT\u00c9 modifiant la d\u00e9signation de d\u00e9l\u00e9gu\u00e9s sp\u00e9ciaux pour constituer les\nbureaux de vote des arrondissements pr\u00e9fectoraux d'Aix-en-Provence, Arles, Istres et Marseille, lors des \u00e9lections municipales et\ncommunautaires, le 22 mars 2026\n42\nPREFETDES BOUCHES-DU-RHONELibert\u00e9Egalit\u00e9Fraternit\u00e9\nDirection de la Citoyennet\u00e9,\nde la L\u00e9galit\u00e9\net de l'Environnement\nBureau des \u00c9lections et de la R\u00e9glementation Marseille, le 19 mars 2026\nARR\u00caT\u00c9 modifiant la d\u00e9signation de d\u00e9l\u00e9gu\u00e9s sp\u00e9ciaux\npour constituer les bureaux de vote des arrondissements pr\u00e9fectoraux d'Aix-en-\nProvence, Arles, Istres et Marseille, lors des \u00e9lections municipales et \ncommunautaires, le 22 mars 2026\nLe Pr\u00e9fet de la r\u00e9gion Provence-Alpes-C\u00f4te d'Azur\nPr\u00e9fet de la zone de d\u00e9fense et de s\u00e9curit\u00e9 Sud\nPr\u00e9fet des Bouches-du-Rh\u00f4ne\nVu le code \u00e9lectoral, en particulier ses articles R 43 et R 44 ;\nVu le code g\u00e9n\u00e9ral des collectivit\u00e9s territoriales, notamment l'article L. 2122-34 ;\nVu le  d\u00e9cret  n\u00b02004-374  du  29  avril  2004  modifi\u00e9  relatif  aux  pouvoirs  des  pr\u00e9fets,  \u00e0  \nl'organisation et \u00e0 l'action des services de l'\u00c9tat dans les r\u00e9gions et d\u00e9partements ;\nVu le  d\u00e9cret  du  pr\u00e9sident  de  la  R\u00e9publique  en  date  du  19  novembre  2025  portant  \nnomination de monsieur Jacques WITKOWSKI en qualit\u00e9 de pr\u00e9fet de la r\u00e9gion Provence-\nAlpes-C\u00f4te d'Azur, pr\u00e9fet de la zone de d\u00e9fense et de s\u00e9curit\u00e9 Sud, pr\u00e9fet des Bouches-du-\nRh\u00f4ne ;\nVu le d\u00e9cret du 13 septembre 2023 portant nomination de madame Marie-Pervenche  \nPLAZA en qualit\u00e9 de secr\u00e9taire g\u00e9n\u00e9rale adjoint de la pr\u00e9fecture des Bouches-du-Rh\u00f4ne,  \nsous-pr\u00e9fet de Marseille ;\nVu la loi n\u00b0 2025-795 du 11 ao\u00fbt 2025 visant \u00e0 r\u00e9former le mode d'\u00e9lection des membres du \nconseil de Paris et des conseils municipaux de Lyon et de Marseille ;\nVu le d\u00e9cret n\u00b0 2025-848 du 27 ao\u00fbt 2025 fixant la date du renouvellement des conseillers  \nmunicipaux et communautaires, des conseillers m\u00e9tropolitains de Lyon, des conseillers de  \nParis et des conseillers d'arrondissement de Paris, Lyon et Marseille et portant convocation \ndes \u00e9lecteurs ;\nVu le d\u00e9cret n\u00b0 2002-146 du 7 f\u00e9vrier 2002 portant d\u00e9rogation aux garanties minimales de  \ndur\u00e9e du travail et de repos applicables \u00e0 certains agents en fonction dans les services  \nrelevant de la direction de la d\u00e9fense et de la s\u00e9curit\u00e9 civiles ou relevant de la direction  \ng\u00e9n\u00e9rale de l'administration du minist\u00e8re de l'int\u00e9rieur ;\nVu l'arr\u00eat\u00e9 pr\u00e9fectoral du 11 mars 2026 portant d\u00e9signation de d\u00e9l\u00e9gu\u00e9s sp\u00e9ciaux pour  \nconstituer les bureaux de vote des arrondissements pr\u00e9fectoraux d'Aix-en-Provence, Arles, \nIstres et Marseille, lors des \u00e9lections municipales et communautaires des 15 et 22 mars  \n2026 ;\nPr\u00e9fecture des Bouches-du-Rhone - 13-2026-03-19-00010 - ARR\u00caT\u00c9 modifiant la d\u00e9signation de d\u00e9l\u00e9gu\u00e9s sp\u00e9ciaux pour constituer les\nbureaux de vote des arrondissements pr\u00e9fectoraux d'Aix-en-Provence, Arles, Istres et Marseille, lors des \u00e9lections municipales et\ncommunautaires, le 22 mars 2026\n43\nVu la  proclamation  des  r\u00e9sultats  du  premier  tour  des  \u00e9lections  municipales  et  \ncommunautaires,  le  15  mars  2026,  et  le  nombre  de  communes  concern\u00e9es  par  \nl'organisation d'un second tour ;\nConsid\u00e9rant que le pr\u00e9fet peut se substituer au maire d\u00e9faillant dans la constitution d'un  \nou plusieurs bureaux de vote de la commune du d\u00e9partement des Bouches-du-Rh\u00f4ne,  \ndans les conditions fix\u00e9es par les articles R 43 et R 44 du code \u00e9lectoral ;\nSur proposition du secr\u00e9taire g\u00e9n\u00e9ral de la pr\u00e9fecture des Bouches-du-Rh\u00f4ne ;\nARR\u00caTE\nArticle 1  er   :   Les personnes figurant dans le tableau ci-annex\u00e9 sont d\u00e9sign\u00e9es, chacune pour  \nce  qui  la  concerne,  comme  d\u00e9l\u00e9gu\u00e9  sp\u00e9cial  pour  intervenir,  respectivement,  dans  les \narrondissements pr\u00e9fectoraux d'Aix-en-Provence, d'Arles, d'Istres ou de Marseille, pour le  \nsecond tour des \u00e9lections municipales le 22 mars 2026, suite \u00e0 constat par la pr\u00e9fecture  \nd'une  d\u00e9faillance du maire dans la constitution d'un bureau de vote dans les conditions  \nfix\u00e9es par les articles R 43 et R 44 du code \u00e9lectoral.\nArticle 2 :  Le d\u00e9l\u00e9gu\u00e9 sp\u00e9cial d\u00e9sign\u00e9 \u00e0 l'article 1 er, dispose du pouvoir hi\u00e9rarchique sur les  \nagents  de  la  commune  dans  laquelle  il  est  d\u00e9sign\u00e9  pour  intervenir,  au  sein  de  \nl'arrondissement pr\u00e9fectoral vis\u00e9 \u00e0 ce m\u00eame article. Il proc\u00e9dera \u00e0 la composition du  \nbureau de vote indiqu\u00e9 dans cette commune, et \u00e0 l'inscription sur la liste d'\u00e9margement  \ndes  \u00e9lecteurs  admis  \u00e0  voter  par  procuration.  Il  exerce  cette  responsabilit\u00e9  selon  les  \ndispositions des articles R. 43 et R. 44 du code \u00e9lectoral.\nArticle 3 :  Les fonctions de la d\u00e9l\u00e9gation sp\u00e9ciale expireront de plein droit d\u00e8s la fin des  \nop\u00e9rations de vote, de d\u00e9pouillement des votes, de proclamation des r\u00e9sultats et du  \ntransfert des proc\u00e8s-verbaux et des pi\u00e8ces annexes.\nArticle 4 :  Le d\u00e9l\u00e9gu\u00e9 sp\u00e9cial est r\u00e9mun\u00e9r\u00e9 par le budget de la commune sur le taux  \nd'indemnit\u00e9 pr\u00e9vu par les textes en vigueur. Les frais occasionn\u00e9s par son intervention tels  \nque les frais de d\u00e9placement, les frais de bouche ou tout autre frais seront pris en charge  \npar le budget de la commune.\nArticle  5  :  Le  pr\u00e9sent  arr\u00eat\u00e9  abroge  l'arr\u00eat\u00e9  pr\u00e9fectoral  du  11  mars  2026  portant  \nd\u00e9signation de d\u00e9l\u00e9gu\u00e9s sp\u00e9ciaux pour constituer les bureaux de vote des arrondissements \npr\u00e9fectoraux d'Aix-en-Provence, Arles, Istres et Marseille, lors des \u00e9lections municipales et  \ncommunautaires des 15 et 22 mars 2026.\nArticle 6     :   Le pr\u00e9sent arr\u00eat\u00e9 peut faire l'objet d'un recours contentieux devant le tribunal  \nadministratif de Marseille dans le d\u00e9lai de deux mois \u00e0 compter de sa notification. La  \njuridiction administrative comp\u00e9tente peut aussi \u00eatre saisie par l'application T\u00e9l\u00e9recours  \ncitoyens  accessible  \u00e0  partir  du  site  www.telerecours.fr dans  un  d\u00e9lai  de  deux  mois  \u00e0  \ncompter de la date de sa publication ou de sa notification.\nArticle 7 :  Le Pr\u00e9fet est charg\u00e9 de l'ex\u00e9cution du pr\u00e9sent arr\u00eat\u00e9 qui fera l'objet d'une  \npublication  dans  le  recueil  des  actes  administratifs  de  la  pr\u00e9fecture  et  sera  notifi\u00e9  \u00e0 \nchaque d\u00e9l\u00e9gu\u00e9 sp\u00e9cial d\u00e9sign\u00e9.\nPour le pr\u00e9fet\net par d\u00e9l\u00e9gation\nla secr\u00e9taire g\u00e9n\u00e9rale adjointe\nsign\u00e9\nMarie-Pervenche PLAZA\nPr\u00e9fecture des Bouches-du-Rhone - 13-2026-03-19-00010 - ARR\u00caT\u00c9 modifiant la d\u00e9signation de d\u00e9l\u00e9gu\u00e9s sp\u00e9ciaux pour constituer les\nbureaux de vote des arrondissements pr\u00e9fectoraux d'Aix-en-Provence, Arles, Istres et Marseille, lors des \u00e9lections municipales et\ncommunautaires, le 22 mars 2026\n44\nSecond tour des \u00e9lections municipales le 22 mars 2026     :  \nliste des d\u00e9l\u00e9gu\u00e9s sp\u00e9ciaux d\u00e9sign\u00e9s\nNOM Pr\u00e9nom Service\narrondissement(s) pr\u00e9fectoral(aux)\nd'intervention,\nle 22 mars 2026\nDELADLANDE Manon PREF 13 / SP \nAIX AIX\nDAADOUA Selma DGFiP AIX + MARSEILLE + ISTRES\nDEHAIS Anne-Clotilde DDTM ARLES\nDONCE Michel DDETS 13 ARLES + AIX\nGARCIA Aline ARS ISTRES\nGAYDON Gwena\u00eblle DDETS ISTRES\nPODDA \u00c9lodie DREAL ISTRES\nPLANCHON Serge DREAL ISTRES + AIX + MARSEILLE\nATTAMA Marie DDETS MARSEILLE et communes proches\nCOLLET C\u00e9dric DDETS MARSEILLE et communes proches\nCORBEEL Romain DGFiP MARSEILLE et communes proches\nPr\u00e9fecture des Bouches-du-Rhone - 13-2026-03-19-00010 - ARR\u00caT\u00c9 modifiant la d\u00e9signation de d\u00e9l\u00e9gu\u00e9s sp\u00e9ciaux pour constituer les\nbureaux de vote des arrondissements pr\u00e9fectoraux d'Aix-en-Provence, Arles, Istres et Marseille, lors des \u00e9lections municipales et\ncommunautaires, le 22 mars 2026\n45\nSecr\u00e9tariat G\u00e9n\u00e9ral Commun 13\n13-2026-03-20-00003\nArr\u00eat\u00e9 modificatif  n\u00b08 de l'arr\u00eat\u00e9 portant\nd\u00e9signation des membres de la formation\nsp\u00e9cialis\u00e9e du comit\u00e9 social d'administration de\nproximit\u00e9 de la pr\u00e9fecture et du secr\u00e9tariat\ng\u00e9n\u00e9ral commun des Bouches-du-Rh\u00f4ne\nSecr\u00e9tariat G\u00e9n\u00e9ral Commun 13 - 13-2026-03-20-00003 - Arr\u00eat\u00e9 modificatif  n\u00b08 de l'arr\u00eat\u00e9 portant d\u00e9signation des membres de la\nformation sp\u00e9cialis\u00e9e du comit\u00e9 social d'administration de proximit\u00e9 de la pr\u00e9fecture et du secr\u00e9tariat g\u00e9n\u00e9ral commun des\nBouches-du-Rh\u00f4ne\n46\n| |PREFETDES BOUCHES-DU-RHONELibert\u00e9Egalit\u00e9Fraternit\u00e9\nSecr\u00e9tariat g\u00e9n\u00e9ral commun\nMISSION RELATIONS AUX B\u00c9N\u00c9FICIAIRES,\nDIALOGUE SOCIAL ET PERFORMANCE\nARR\u00caT\u00c9\nmodificatif n\u00b08 de l'arr\u00eat\u00e9 portant d\u00e9signation des membres de la formation sp\u00e9cialis\u00e9e du \ncomit\u00e9 social d'administration de proximit\u00e9 de la pr\u00e9fecture et du secr\u00e9tariat g\u00e9n\u00e9ral \ncommun des Bouches-du-Rh\u00f4ne\nLe pr\u00e9fet de la r\u00e9gion Provence-Alpes-C\u00f4te d'Azur\npr\u00e9fet de la zone de d\u00e9fense et de s\u00e9curit\u00e9 sud\npr\u00e9fet des Bouches-du-Rh\u00f4ne\nVu le code g\u00e9n\u00e9ral de la fonction publique ;\nVu le d\u00e9cret du Pr\u00e9sident de la R\u00e9publique du 19 novembre 2025 portant nomination de  \nmonsieur Jacques WITKOWSKI, en qualit\u00e9 de pr\u00e9fet de la r\u00e9gion Provence-Alpes-C\u00f4te-\nd'Azur, pr\u00e9fet de la zone de d\u00e9fense et de s\u00e9curit\u00e9 Sud, pr\u00e9fet des Bouches-du-Rh\u00f4ne ;\nVu  l'arr\u00eat\u00e9  du  3  juin  2022  instituant  des  comit\u00e9s  sociaux  d'administration  au  sein  du \nminist\u00e8re de l'Int\u00e9rieur ;\nVu le proc\u00e8s-verbal de d\u00e9pouillement et de proclamation des r\u00e9sultats du 8 d\u00e9cembre  \n2022 ;\nVu l'arr\u00eat\u00e9 du 13 mars 2023 modifi\u00e9 portant d\u00e9signation des membres de la formation  \nsp\u00e9cialis\u00e9e  du  comit\u00e9  social  d'administration  de  proximit\u00e9  de  la  pr\u00e9fecture  et  du  \nsecr\u00e9tariat g\u00e9n\u00e9ral commun des Bouches-du-Rh\u00f4ne ;\nVu la d\u00e9mission de Mme Virginie SINTES, repr\u00e9sentante suppl\u00e9ante du personnel, en date  \ndu 17 mars 2026 ;\nVu le courriel du 17 mars 2026 du syndicat Force Ouvri\u00e8re d\u00e9signant Mme Marie-Christine  \nLAWSON en qualit\u00e9 de repr\u00e9sentante suppl\u00e9ante du personnel en remplacement de Mme  \nVirginie SINTES ;\nSur proposition du secr\u00e9taire g\u00e9n\u00e9ral de la pr\u00e9fecture des Bouches-du-Rh\u00f4ne ;\nARR\u00caTE\nArticle 1er : l'article 1 de l'arr\u00eat\u00e9 du 13 mars 2023 modifi\u00e9 portant d\u00e9signation des membres \nde la formation sp\u00e9cialis\u00e9e du comit\u00e9 social d'administration de proximit\u00e9 de la pr\u00e9fecture \net du secr\u00e9tariat g\u00e9n\u00e9ral commun des Bouches-du-Rh\u00f4ne sont modifi\u00e9s.\nPlace F\u00e9lix Baret - CS 80001  \u2013 13282 Marseille Cedex 06 -\nT\u00e9l\u00e9phone : 04.84.35.40.00 \nwww.bouches-du-rhone.gouv.fr\nSecr\u00e9tariat G\u00e9n\u00e9ral Commun 13 - 13-2026-03-20-00003 - Arr\u00eat\u00e9 modificatif  n\u00b08 de l'arr\u00eat\u00e9 portant d\u00e9signation des membres de la\nformation sp\u00e9cialis\u00e9e du comit\u00e9 social d'administration de proximit\u00e9 de la pr\u00e9fecture et du secr\u00e9tariat g\u00e9n\u00e9ral commun des\nBouches-du-Rh\u00f4ne\n47\nArticle  2  :  sont  d\u00e9sormais  d\u00e9sign\u00e9s  comme  repr\u00e9sentants  syndicaux,  au  sein  de  la  \nformation sp\u00e9cialis\u00e9e du comit\u00e9 social d'administration de proximit\u00e9 de la pr\u00e9fecture et  \ndu secr\u00e9tariat g\u00e9n\u00e9ral commun des Bouches-du-Rh\u00f4ne :\nFO pr\u00e9fectures et des services du minist\u00e8re de l'Int\u00e9rieur\nMembres titulaires Membres suppl\u00e9ants\n\u2022 Mme Myriam ASSILA \u2022 Mme Marie-Christine LAWSON\nArticle 3 : les autres dispositions demeurent inchang\u00e9es.\nArticle 4  : le secr\u00e9taire g\u00e9n\u00e9ral de la pr\u00e9fecture des Bouches-du-Rh\u00f4ne et la directrice du  \nsecr\u00e9tariat  g\u00e9n\u00e9ral  commun  sont  charg\u00e9s,  chacun  en  ce  qui  les  concerne,  d'assurer  \nl'ex\u00e9cution  des  dispositions  du  pr\u00e9sent  arr\u00eat\u00e9  qui  sera  publi\u00e9  au  recueil  des  actes  \nadministratifs de la pr\u00e9fecture des Bouches-du-Rh\u00f4ne.\nMarseille, le 20 mars 2026\nPour le pr\u00e9fet et par d\u00e9l\u00e9gation \nle secr\u00e9taire g\u00e9n\u00e9ral \nsign\u00e9 :\nFr\u00e9d\u00e9ric POISOT\n\u00ab\u00a0Conform\u00e9ment\u00a0aux\u00a0dispositions\u00a0de\u00a0l'article\u00a0R.\u00a0421- 1\u00a0et\u00a0suivants\u00a0du\u00a0code\u00a0de\u00a0justice\u00a0administrative,\u00a0cet\u00a0arr\u00eat\u00e9\u00a0peut\u00a0faire\u00a0l'objet\u00a0\nd'un\u00a0recours\u00a0contentieux\u00a0devant\u00a0le\u00a0tribunal\u00a0administratif\u00a0de\u00a0Marseille\u00a0dans\u00a0le\u00a0d\u00e9lai\u00a0de\u00a0deux\u00a0mois\u00a0\u00e0\u00a0compter\u00a0de\u00a0sa\u00a0date\u00a0de \u00a0\nnotification\u00a0;\u00a0la\u00a0juridiction\u00a0administrative\u00a0comp\u00e9tente\u00a0peut\u00a0aussi\u00a0\u00eatre\u00a0saisie\u00a0par\u00a0l'application\u00a0T\u00e9l\u00e9recours\u00a0citoyen\u00a0accessible\u00a0\u00e0 \u00a0\npartir\u00a0du\u00a0site\u00a0www.telerecours.fr\u00a0\u00bb\n2\nSecr\u00e9tariat G\u00e9n\u00e9ral Commun 13 - 13-2026-03-20-00003 - Arr\u00eat\u00e9 modificatif  n\u00b08 de l'arr\u00eat\u00e9 portant d\u00e9signation des membres de la\nformation sp\u00e9cialis\u00e9e du comit\u00e9 social d'administration de proximit\u00e9 de la pr\u00e9fecture et du secr\u00e9tariat g\u00e9n\u00e9ral commun des\nBouches-du-Rh\u00f4ne\n48\nSecr\u00e9tariat G\u00e9n\u00e9ral Commun 13\n13-2026-03-20-00002\nArr\u00eat\u00e9 modificatif n\u00b010 de l'arr\u00eat\u00e9 du 9 mars\n2023 portant d\u00e9signation des membres du\ncomit\u00e9 social d'administration de proximit\u00e9 de la\npr\u00e9fecture et du secr\u00e9tariat g\u00e9n\u00e9ral commun des\nBouches-du-Rh\u00f4ne\nSecr\u00e9tariat G\u00e9n\u00e9ral Commun 13 - 13-2026-03-20-00002 - Arr\u00eat\u00e9 modificatif n\u00b010 de l'arr\u00eat\u00e9 du 9 mars 2023 portant d\u00e9signation des\nmembres du comit\u00e9 social d'administration de proximit\u00e9 de la pr\u00e9fecture et du secr\u00e9tariat g\u00e9n\u00e9ral commun des Bouches-du-Rh\u00f4ne 49\n| |PREFETDES BOUCHES-DU-RHONELibert\u00e9Egalit\u00e9Fraternit\u00e9\nSecr\u00e9tariat g\u00e9n\u00e9ral commun\nMISSION RELATIONS AUX B\u00c9N\u00c9FICIAIRES,\nDIALOGUE SOCIAL ET PERFORMANCE\nARR\u00caT\u00c9\nmodificatif n\u00b010 de l'arr\u00eat\u00e9 du 9 mars 2023 portant d\u00e9signation des membres du comit\u00e9 \nsocial d'administration de proximit\u00e9 de la pr\u00e9fecture et du secr\u00e9tariat g\u00e9n\u00e9ral commun \ndes Bouches-du-Rh\u00f4ne\nLe pr\u00e9fet de la r\u00e9gion Provence-Alpes-C\u00f4te d'Azur\npr\u00e9fet de la zone de d\u00e9fense et de s\u00e9curit\u00e9 sud\npr\u00e9fet des Bouches-du-Rh\u00f4ne\nVu le code g\u00e9n\u00e9ral de la fonction publique ;\nVu le d\u00e9cret du Pr\u00e9sident de la R\u00e9publique du 19 novembre 2025 portant nomination de  \nmonsieur Jacques WITKOWSKI, en qualit\u00e9 de pr\u00e9fet de la r\u00e9gion Provence-Alpes-C\u00f4te-\nd'Azur, pr\u00e9fet de la zone de d\u00e9fense et de s\u00e9curit\u00e9 Sud, pr\u00e9fet des Bouches-du-Rh\u00f4ne ;\nVu  l'arr\u00eat\u00e9  du  3  juin  2022  instituant  des  comit\u00e9s  sociaux  d'administration  au  sein  du \nminist\u00e8re de l'Int\u00e9rieur ;\nVu le proc\u00e8s-verbal de d\u00e9pouillement et de proclamation des r\u00e9sultats du 8 d\u00e9cembre  \n2022 ;\nVu l'arr\u00eat\u00e9 du 9 mars 2023 modifi\u00e9 portant d\u00e9signation des membres du comit\u00e9 social  \nd'administration  de  proximit\u00e9  de la  pr\u00e9fecture  et  du  secr\u00e9tariat  g\u00e9n\u00e9ral  commun  des \nBouches-du-Rh\u00f4ne ;\nVu la d\u00e9mission de Mme Virginie SINTES, repr\u00e9sentante suppl\u00e9ante du personnel, en date  \ndu 17 mars 2026 ;\nVu le courriel du 17 mars 2026 du syndicat Force Ouvri\u00e8re d\u00e9signant Mme Marie-Christine  \nLAWSON en qualit\u00e9 de repr\u00e9sentante suppl\u00e9ante du personnel en remplacement de Mme  \nVirginie SINTES ;\nSur proposition du secr\u00e9taire g\u00e9n\u00e9ral de la pr\u00e9fecture des Bouches-du-Rh\u00f4ne ;\nPlace F\u00e9lix Baret - CS 80001  \u2013 13282 Marseille Cedex 06 -\nT\u00e9l\u00e9phone : 04.84.35.40.00 \nwww.bouches-du-rhone.gouv.fr\n1/2\nSecr\u00e9tariat G\u00e9n\u00e9ral Commun 13 - 13-2026-03-20-00002 - Arr\u00eat\u00e9 modificatif n\u00b010 de l'arr\u00eat\u00e9 du 9 mars 2023 portant d\u00e9signation des\nmembres du comit\u00e9 social d'administration de proximit\u00e9 de la pr\u00e9fecture et du secr\u00e9tariat g\u00e9n\u00e9ral commun des Bouches-du-Rh\u00f4ne 50\nARR\u00caTE\nArticle 1er : l'article 2 de l'arr\u00eat\u00e9 du 9 mars 2023 modifi\u00e9 portant d\u00e9signation des membres  \ndu comit\u00e9 social d'administration de proximit\u00e9 de la pr\u00e9fecture et du secr\u00e9tariat g\u00e9n\u00e9ral  \ncommun des Bouches-du-Rh\u00f4ne est modifi\u00e9.\nArticle 2 : sont d\u00e9sign\u00e9s en qualit\u00e9 de repr\u00e9sentants du personnel au sein du comit\u00e9 social \nd'administration  de  proximit\u00e9  de  la  pr\u00e9fecture  et  du  secr\u00e9tariat  g\u00e9n\u00e9ral  commun des \nBouches-du-Rh\u00f4ne :\nFO pr\u00e9fectures et des services du minist\u00e8re de l'Int\u00e9rieur\nMembres titulaires Membres suppl\u00e9ants\n\u2022 Mme Myriam ASSILA \u2022 Mme Marie-Christine LAWSON\nArticle 3 : les autres dispositions demeurent inchang\u00e9es.\nArticle 4  : le secr\u00e9taire g\u00e9n\u00e9ral de la pr\u00e9fecture des Bouches-du-Rh\u00f4ne et la directrice du  \nsecr\u00e9tariat  g\u00e9n\u00e9ral  commun  sont  charg\u00e9s,  chacun  en  ce  qui  les  concerne,  d'assurer  \nl'ex\u00e9cution  des  dispositions  du  pr\u00e9sent  arr\u00eat\u00e9  qui  sera  publi\u00e9  au  recueil  des  actes  \nadministratifs de la pr\u00e9fecture des Bouches-du-Rh\u00f4ne.\nMarseille, le 20 mars 2026\nPour le pr\u00e9fet et par d\u00e9l\u00e9gation \nle secr\u00e9taire g\u00e9n\u00e9ral \nsign\u00e9 :\nFr\u00e9d\u00e9ric POISOT\n\u00ab\u00a0Conform\u00e9ment\u00a0aux\u00a0dispositions\u00a0de\u00a0l'article\u00a0R.\u00a0421- 1\u00a0et\u00a0suivants\u00a0du\u00a0code\u00a0de\u00a0justice\u00a0administrative,\u00a0cet\u00a0arr\u00eat\u00e9\u00a0peut\u00a0faire\u00a0l'objet\u00a0\nd'un\u00a0recours\u00a0contentieux\u00a0devant\u00a0le\u00a0tribunal\u00a0administratif\u00a0de\u00a0Marseille\u00a0dans\u00a0le\u00a0d\u00e9lai\u00a0de\u00a0deux\u00a0mois\u00a0\u00e0\u00a0compter\u00a0de\u00a0sa\u00a0date\u00a0de\u00a0\nnotification\u00a0;\u00a0la\u00a0juridiction\u00a0administrative\u00a0comp\u00e9tente\u00a0peut\u00a0aussi\u00a0\u00eatre\u00a0saisie\u00a0par\u00a0l'application\u00a0T\u00e9l\u00e9recours\u00a0citoyen\u00a0accessible\u00a0\u00e0\u00a0\npartir\u00a0du\u00a0site\u00a0www.telerecours.fr\u00a0\u00bb\n2/2\nSecr\u00e9tariat G\u00e9n\u00e9ral Commun 13 - 13-2026-03-20-00002 - Arr\u00eat\u00e9 modificatif n\u00b010 de l'arr\u00eat\u00e9 du 9 mars 2023 portant d\u00e9signation des\nmembres du comit\u00e9 social d'administration de proximit\u00e9 de la pr\u00e9fecture et du secr\u00e9tariat g\u00e9n\u00e9ral commun des Bouches-du-Rh\u00f4ne 51","date":"2026-03-20","first_seen_on":"2026-03-20T15:08:22+00:00","id":"1d1593901e49ab9dff884a4070eac0b236b153102368673944a5005cc548fa62","name":"recueil-13-2026-080-recueil-des-actes-administratifs-special du 20 mars 2026","pdf_creation_date":"2026-03-20T14:42:47+00:00","pdf_modification_date":null,"timezone":"Europe/Paris","url":"https://www.bouches-du-rhone.gouv.fr/contenu/telechargement/63442/444868/file/recueil-13-2026-080-recueil-des-actes-administratifs-special%20du%2020%20mars%202026.pdf"}
