{"administration":"pref75","administration_name":"Pr\u00e9fecture de Paris","content":"PREFECTURE\nDE PARIS\nRECUEIL DES ACTES\nADMINISTRATIFS SP\u00c9CIAL\nN\u00b075-2024-373\nPUBLI\u00c9 LE 26 JUIN 2024\nSommaire\nPr\u00e9fecture de Police / Cabinet\n75-2024-06-26-00001 - Arr\u00eat\u00e9 n\u00b0 2024-00861 du 26 juin 2024 \naccordant\nd\u00e9l\u00e9gation de la signature pr\u00e9fectorale au pr\u00e9fet, secr\u00e9taire g\u00e9n\u00e9ral pour\nl\u25a1administration de la pr\u00e9fecture de police, pour signer  \nl\u25a1acte de\nconstitution de servitudes et ses annexes entre l\u25a1\u00c9tat et les soci\u00e9t\u00e9s\nd\u00e9nomm\u00e9es \u00ab ARELIA \u00bb et \u00ab PROLOGIS France \u00bb\n  (1 page) Page 3\n75-2024-06-26-00002 - Arr\u00eat\u00e9 n\u00b0 2024-00862 modifiant l\u25a1arr\u00eat\u00e9 n\u00b0\n2024-00813 du 17 juin 2024 portant d\u00e9l\u00e9gation de signature au pr\u00e9fet des\nHauts-de-Seine (1 page) Page 5\n75-2024-06-26-00003 - Arr\u00eat\u00e9 n\u00b0 2024-00863 modifiant l\u25a1arr\u00eat\u00e9\n n\u00b0\n2024-00840 du 18 juin 2024 portant d\u00e9l\u00e9gation de signature au pr\u00e9fet de la\nSeine-Saint-Denis (1 page) Page 7\n75-2024-06-26-00005 - Arr\u00eat\u00e9 n\u00b0 2024-00864 modifiant l\u25a1arr\u00eat\u00e9\n n\u00b0\n2024-00815 du 17 juin 2024 portant d\u00e9l\u00e9gation de signature \u00e0 la pr\u00e9f\u00e8te du\nVal-de-Marne (1 page) Page 9\n75-2024-06-26-00007 - Arr\u00eat\u00e9 n\u00b0 2024-00865 modifiant l\u25a1arr\u00eat\u00e9 \nn\u00b0\n2024-00816 du 17 juin 2024 portant d\u00e9l\u00e9gation de signature au pr\u00e9fet de\nSeine-et-Marne (1 page) Page 11\n75-2024-06-26-00008 - Arr\u00eat\u00e9 n\u00b0 2024-00866 modifiant l\u25a1arr\u00eat\u00e9 \nn\u00b0\n2024-00817 du 17 juin 2024 portant d\u00e9l\u00e9gation de signature au pr\u00e9fet des\nYvelines\n (1 page) Page 13\n75-2024-06-26-00009 - Arr\u00eat\u00e9 n\u00b0 2024-00867 modifiant l\u25a1arr\u00eat\u00e9 \nn\u00b0\n2024-00818 du 17 juin 2024 portant d\u00e9l\u00e9gation de signature \u00e0 la pr\u00e9f\u00e8te de\nl'Essonne (1 page) Page 15\n75-2024-06-26-00010 - Arr\u00eat\u00e9 n\u00b0 2024-00868 modifiant l\u25a1arr\u00eat\u00e9\n n\u00b0\n2024-00819 du 17 juin 2024 portant d\u00e9l\u00e9gation de signature au pr\u00e9fet du\nVal-d'Oise (1 page) Page 17\n2\nPr\u00e9fecture de Police\n75-2024-06-26-00001\nArr\u00eat\u00e9 n\u00b0 2024-00861 du 26 juin 2024 \naccordant d\u00e9l\u00e9gation de la signature\npr\u00e9fectorale au pr\u00e9fet, secr\u00e9taire g\u00e9n\u00e9ral pour\nl\u25a1administration de la pr\u00e9fecture de police, pour\nsigner  \nl\u25a1acte de constitution de servitudes et ses\nannexes entre l\u25a1\u00c9tat et les soci\u00e9t\u00e9s d\u00e9nomm\u00e9es\n\u00ab ARELIA \u00bb et \u00ab PROLOGIS France \u00bb\n \nPr\u00e9fecture de Police - 75-2024-06-26-00001 - Arr\u00eat\u00e9 n\u00b0 2024-00861 du 26 juin 2024 \naccordant d\u00e9l\u00e9gation de la signature pr\u00e9fectorale au pr\u00e9fet, secr\u00e9taire g\u00e9n\u00e9ral pour l\u25a1administration de la pr\u00e9fecture de police, pour\nsigner  \nl\u25a1acte de constitution de servitudes et ses annexes entre l\u25a1\u00c9tat et les soci\u00e9t\u00e9s d\u00e9nomm\u00e9es \u00ab ARELIA \u00bb et \u00ab PROLOGIS France \u00bb\n 3\nty i [)TELIl\u00a9)mlhid (\")altbala)mYlil\n\"bol[AA[AMjeis\"ay\"hea,<ESwf,ra,hay\nMaEu) Aray hey\nCabinet du pr\u00e9fet \n \n  \narr\u00eat\u00e9 n\u00b0 2024-00861 \naccordant d\u00e9l\u00e9gation de la signature pr\u00e9fectorale a u pr\u00e9fet, \nsecr\u00e9taire g\u00e9n\u00e9ral pour l'administration de la pr\u00e9f ecture de police, pour signer   \nl'acte de constitution de servitudes et ses annexes  entre l'\u00c9tat et les soci\u00e9t\u00e9s d\u00e9nomm\u00e9es \n\u00ab ARELIA  \u00bb et \u00ab  PROLOGIS France  \u00bb \n \nLe pr\u00e9fet de police, \n \nVU  le code g\u00e9n\u00e9ral de la propri\u00e9t\u00e9 des personnes publ iques, notamment son article L. 2122-4  ; \n \nVU  le d\u00e9cret n\u00b0 2003-737 du 1 er  ao\u00fbt 2003 modifi\u00e9 portant cr\u00e9ation d'un secr\u00e9tariat  g\u00e9n\u00e9ral \npour l'administration \u00e0 la pr\u00e9fecture de police  ; \n \nVU  le d\u00e9cret n\u00b0 2004-374 du 29 avril 2004 modifi\u00e9 rel atif aux pouvoirs des pr\u00e9fets, \u00e0 \nl'organisation et \u00e0 l'action des services de l'\u00c9tat  dans les r\u00e9gions et d\u00e9partements et \nnotamment ses articles 70 et 77 ; \n \nVU  le d\u00e9cret du 20 juillet 2022 par lequel M. Laurent  NU\u00d1EZ, pr\u00e9fet, coordonnateur national \ndu renseignement et de la lutte contre le terrorism e, est nomm\u00e9 pr\u00e9fet de police (hors \nclasse)  ; \n \nVU le d\u00e9cret du 22 d\u00e9cembre 2022 par lequel M. Philipp e LE MOING SURZUR, administrateur \ng\u00e9n\u00e9ral d\u00e9tach\u00e9 en qualit\u00e9 de sous-pr\u00e9fet hors clas se, sous-pr\u00e9fet de Bayonne (classe \nfonctionnelle ll), est nomm\u00e9 pr\u00e9fet, secr\u00e9taire g\u00e9n \u00e9ral pour l'administration de la pr\u00e9fecture \nde police  ; \n \nCONSIDERANT  la n\u00e9cessit\u00e9, pour le pr\u00e9fet de police, de se fair e repr\u00e9senter \u00e0 la signature de \nl'acte de constitution de servitudes pr\u00e9vue en l'\u00e9t ude notariale Chevreux, sise 55 boulevard \nHaussmann Paris (75008)  ; \n \nSUR  proposition de la pr\u00e9f\u00e8te, directrice de cabinet, \n \nARR\u00caTE \nArticle 1 er \n \nD\u00e9l\u00e9gation est donn\u00e9e \u00e0 M. Philippe LE MOING SURZUR , pr\u00e9fet, secr\u00e9taire g\u00e9n\u00e9ral pour \nl'administration de la pr\u00e9fecture de police, \u00e0 l'ef fet de signer, au nom du pr\u00e9fet de police, \nl'acte de constitution de servitudes et ses annexes  (dont les modalit\u00e9s de r\u00e9alisation et \nd'exploitation de la base logistique), entre l'\u00c9tat , la soci\u00e9t\u00e9 d\u00e9nomm\u00e9e \u00ab ARELIA \u00bb, soci\u00e9t\u00e9 par \nactions simplifi\u00e9e, au capital de 5 308 520 \u20ac, dont  le si\u00e8ge social est GUYANCOURT (78280),  \n1 avenue Eug\u00e8ne Freyssinet, identifi\u00e9e sous le num\u00e9 ro SIREN 539 055 798 et immatricul\u00e9e au \nregistre du commerce et des soci\u00e9t\u00e9s de VERSAILLES,  et la soci\u00e9t\u00e9 d\u00e9nomm\u00e9e \u00ab PROLOGIS \nFRANCE CLXXXV SARL \u00bb, soci\u00e9t\u00e9 \u00e0 responsabilit\u00e9 limi t\u00e9e au capital de 5.000 euros, dont le \nsi\u00e8ge est \u00e0 PARIS (75008) 42 rue Washington, identi fi\u00e9e sous le num\u00e9ro SIREN 895 118 586 et \nimmatricul\u00e9e au registre du commerce et des soci\u00e9t\u00e9 s de PARIS. \n \nArticle 2 \n \nLa pr\u00e9f\u00e8te, directrice du Cabinet, et le pr\u00e9fet, se cr\u00e9taire g\u00e9n\u00e9ral pour l'administration de la \npr\u00e9fecture de police, sont charg\u00e9s, chacun en ce qu i le concerne, de l'ex\u00e9cution du pr\u00e9sent \narr\u00eat\u00e9 qui sera publi\u00e9 au recueil des actes adminis tratifs de la pr\u00e9fecture de police de Paris. \n \nFait \u00e0 Paris, le 26 juin 2024 \nSIGN\u00c9  : \nLe pr\u00e9fet de police,  \nLaurent NU\u00d1EZ  \n Pr\u00e9fecture de Police - 75-2024-06-26-00001 - Arr\u00eat\u00e9 n\u00b0 2024-00861 du 26 juin 2024 \naccordant d\u00e9l\u00e9gation de la signature pr\u00e9fectorale au pr\u00e9fet, secr\u00e9taire g\u00e9n\u00e9ral pour l\u25a1administration de la pr\u00e9fecture de police, pour\nsigner  \nl\u25a1acte de constitution de servitudes et ses annexes entre l\u25a1\u00c9tat et les soci\u00e9t\u00e9s d\u00e9nomm\u00e9es \u00ab ARELIA \u00bb et \u00ab PROLOGIS France \u00bb\n 4\nPr\u00e9fecture de Police\n75-2024-06-26-00002\nArr\u00eat\u00e9 n\u00b0 2024-00862 modifiant l\u25a1arr\u00eat\u00e9 n\u00b0\n2024-00813 du 17 juin 2024 portant d\u00e9l\u00e9gation\nde signature au pr\u00e9fet des Hauts-de-Seine\nPr\u00e9fecture de Police - 75-2024-06-26-00002 - Arr\u00eat\u00e9 n\u00b0 2024-00862 modifiant l\u25a1arr\u00eat\u00e9 n\u00b0 2024-00813 du 17 juin 2024 portant\nd\u00e9l\u00e9gation de signature au pr\u00e9fet des Hauts-de-Seine 5\nPREFECTURE\nDE POLICE\nLibert\u00e9\nEgalit\u00e9\nFraternit\u00e9fen\nCABINET DU PR\u00c9FET DE POLICE\nArr\u00eat\u00e9 n\u00b0  2024-00862\nmodifiant l'arr\u00eat\u00e9 n\u00b0 2024-00813 du 17 juin 2024 portant d\u00e9l\u00e9gation de signature au\npr\u00e9fet des Hauts-de-Seine\nLe pr\u00e9fet de police,\nVu le d\u00e9cret du 29 juillet 2020 par lequel M. Laurent HOTTIAUX, pr\u00e9fet, est\nnomm\u00e9 pr\u00e9fet des Hauts-de-Seine (hors classe)\nVu  le  d\u00e9cret  du  20  juillet  2022  par  lequel  M.  Laurent  NU\u00d1EZ,  pr\u00e9fet,\ncoordonnateur national du renseignement et de la lutte contre le terrorisme, est\nnomm\u00e9 pr\u00e9fet de police (hors classe)  ;\nVu l'arr\u00eat\u00e9  n\u00b0 2024-00813 du 17 juin 2024 portant d\u00e9l\u00e9gation de signature au\npr\u00e9fet des Hauts-de-Seine ;\nArr\u00eate :\nArt. 1er. - A l'article 1er de l'arr\u00eat\u00e9 du 17 juin 2024 susvis\u00e9, apr \u00e8s le dernier alin\u00e9a, il\nest ins\u00e9r\u00e9 un alin\u00e9a ainsi r\u00e9dig\u00e9  :\n\u00ab  - L'institution par arr\u00eat\u00e9 motiv\u00e9 d'un p\u00e9rim\u00e8tre de protection au sein duquel\nl'acc\u00e8s et la circulation des personnes sont r\u00e9glement\u00e9s.  \u00bb.\nArt. 2. \u2013 Le pr\u00e9fet des Hauts-de-Seine est charg\u00e9 de l'ex\u00e9cution du pr\u00e9sent arr\u00eat\u00e9,\nqui sera publi\u00e9 aux recueils des actes administratifs de la pr\u00e9fecture de police et de\nla pr\u00e9fecture des Hauts-de-Seine  et entre en vigueur le 1er juillet 2024.\nFait \u00e0 Paris, le 26 JUIN 2024\nSIGNE\nLaurent NU\u00d1EZ\nR\u00c9PUBLIQUE FRAN\u00c7AISE\nLibert\u00e9  \u00c9galit\u00e9  Fraternit\u00e9\nPr\u00e9fecture de Police - 75-2024-06-26-00002 - Arr\u00eat\u00e9 n\u00b0 2024-00862 modifiant l\u25a1arr\u00eat\u00e9 n\u00b0 2024-00813 du 17 juin 2024 portant\nd\u00e9l\u00e9gation de signature au pr\u00e9fet des Hauts-de-Seine 6\nPr\u00e9fecture de Police\n75-2024-06-26-00003\nArr\u00eat\u00e9 n\u00b0 2024-00863 modifiant l\u25a1arr\u00eat\u00e9\n n\u00b0 2024-00840 du 18 juin 2024 portant\nd\u00e9l\u00e9gation de signature au pr\u00e9fet de la\nSeine-Saint-Denis\nPr\u00e9fecture de Police - 75-2024-06-26-00003 - Arr\u00eat\u00e9 n\u00b0 2024-00863 modifiant l\u25a1arr\u00eat\u00e9\n n\u00b0 2024-00840 du 18 juin 2024 portant d\u00e9l\u00e9gation de signature au pr\u00e9fet de la Seine-Saint-Denis 7\nPREFECTURE\nDE POLICE\nLibert\u00e9\nEgalit\u00e9\nFraternit\u00e9fen\nCABINET DU PR\u00c9FET DE POLICE\nArr\u00eat\u00e9 n\u00b0 2024-00863\nmodifiant l'arr\u00eat\u00e9 n\u00b0 2024-00840 du 18 juin 2024 portant d\u00e9l\u00e9gation de signature au\npr\u00e9fet de la Seine-Saint-Denis\nLe pr\u00e9fet de police,\nVu  le  d\u00e9cret  du  30  juin  2021  par  lequel  M.  Jacques  WITKOWSKI,  pr\u00e9fet  de\nl'H\u00e9rault (hors classe), est nomm\u00e9 pr\u00e9fet de la Seine-Saint-Denis (hors classe)  ;\nVu  le  d\u00e9cret  du  20  juillet  2022  par  lequel  M.  Laurent  NU\u00d1EZ,  pr\u00e9fet,\ncoordonnateur national du renseignement et de la lutte contre le terrorisme, est\nnomm\u00e9 pr\u00e9fet de police (hors classe)  ;\nVu l'arr\u00eat\u00e9 n\u00b0 2024-00840 du 18 juin 2024 portant d\u00e9l\u00e9gation de signature au\npr\u00e9fet de la Seine-Saint-Denis ;\nArr\u00eate :\nArt. 1er. - A l'article 1er de l'arr\u00eat\u00e9 du 18 juin 2024 susvis\u00e9, apr \u00e8s le dernier alin\u00e9a, il\nest ins\u00e9r\u00e9 un alin\u00e9a ainsi r\u00e9dig\u00e9  :\n\u00ab  - L'institution par arr\u00eat\u00e9 motiv\u00e9 d'un p\u00e9rim\u00e8tre de protection au sein duquel\nl'acc\u00e8s et la circulation des personnes sont r\u00e9glement\u00e9s.  \u00bb.\nArt. 2. \u2013 Le pr\u00e9fet de la Seine-Saint-Denis est charg\u00e9 de l'ex\u00e9cution du pr\u00e9sent\narr\u00eat\u00e9,  qui  sera  publi\u00e9  aux  recueils  des  actes  administratifs  de  la  pr\u00e9fecture  de\npolice et de la pr\u00e9fecture de la Seine-Saint-Denis et entre en vigueur le 1er juillet\n2024.\nFait \u00e0 Paris, le 26 JUIN 2024\nSIGNE\nLaurent NU\u00d1EZ\nR\u00c9PUBLIQUE FRAN\u00c7AISE\nLibert\u00e9  \u00c9galit\u00e9  Fraternit\u00e9\nPr\u00e9fecture de Police - 75-2024-06-26-00003 - Arr\u00eat\u00e9 n\u00b0 2024-00863 modifiant l\u25a1arr\u00eat\u00e9\n n\u00b0 2024-00840 du 18 juin 2024 portant d\u00e9l\u00e9gation de signature au pr\u00e9fet de la Seine-Saint-Denis 8\nPr\u00e9fecture de Police\n75-2024-06-26-00005\nArr\u00eat\u00e9 n\u00b0 2024-00864 modifiant l\u25a1arr\u00eat\u00e9\n n\u00b0 2024-00815 du 17 juin 2024 portant\nd\u00e9l\u00e9gation de signature \u00e0 la pr\u00e9f\u00e8te du\nVal-de-Marne\nPr\u00e9fecture de Police - 75-2024-06-26-00005 - Arr\u00eat\u00e9 n\u00b0 2024-00864 modifiant l\u25a1arr\u00eat\u00e9\n n\u00b0 2024-00815 du 17 juin 2024 portant d\u00e9l\u00e9gation de signature \u00e0 la pr\u00e9f\u00e8te du Val-de-Marne 9\nPREFECTURE\nDE POLICE\nLibert\u00e9\nEgalit\u00e9\nFraternit\u00e9fen\nCABINET DU PR\u00c9FET DE POLICE\nArr\u00eat\u00e9 n\u00b0 2024-00864\nmodifiant l'arr\u00eat\u00e9 n\u00b0 2024-00815 du 17 juin 2024 portant d\u00e9l\u00e9gation de signature \u00e0 la\npr\u00e9f\u00e8te du Val-de-Marne\nLe pr\u00e9fet de police,\nVu  le  d\u00e9cret  du  20  juillet  2022  par  lequel  M.  Laurent  NU\u00d1EZ,  pr\u00e9fet,\ncoordonnateur national du renseignement et de la lutte contre le terrorisme, est\nnomm\u00e9 pr\u00e9fet de police (hors classe)  ;\nVu le d\u00e9cret du 10 f\u00e9vrier 2021 par lequel Mme Sophie THIBAULT, conseill\u00e8re\nma\u00eetre \u00e0 la Cour des comptes, est nomm\u00e9e pr\u00e9f\u00e8te du Val-de-Marne (hors classe)  ;\nVu l'arr\u00eat\u00e9 n\u00b0 2024-00815 du 17 juin 2024 portant d\u00e9l\u00e9gation de signature \u00e0 la\npr\u00e9f\u00e8te du Val-de-Marne ;\nArr\u00eate :\nArt. 1er. - A l'article 1er de l'arr\u00eat\u00e9 du 17 juin 2024 susvis\u00e9, apr\u00e8s le dernier alin\u00e9a, il\nest ins\u00e9r\u00e9 un alin\u00e9a ainsi r\u00e9dig\u00e9  :\n\u00ab  - L'institution par arr\u00eat\u00e9 motiv\u00e9 d'un p\u00e9rim\u00e8tre de protection au sein duquel\nl'acc\u00e8s et la circulation des personnes sont r\u00e9glement\u00e9s.  \u00bb.\nArt. 2. \u2013 La pr\u00e9f\u00e8te du Val-de-Marne est charg\u00e9e de l'ex\u00e9cution du pr\u00e9sent arr\u00eat\u00e9,\nqui sera publi\u00e9 aux recueils des actes administratifs de la pr\u00e9fecture de police et de\nla pr\u00e9fecture du Val-de-Marne et entre en vigueur le 1er juillet 2024.\nFait \u00e0 Paris, le 26 JUIN 2024\nSIGNE\nLaurent NU\u00d1EZ\nR\u00c9PUBLIQUE FRAN\u00c7AISE\nLibert\u00e9  \u00c9galit\u00e9  Fraternit\u00e9\nPr\u00e9fecture de Police - 75-2024-06-26-00005 - Arr\u00eat\u00e9 n\u00b0 2024-00864 modifiant l\u25a1arr\u00eat\u00e9\n n\u00b0 2024-00815 du 17 juin 2024 portant d\u00e9l\u00e9gation de signature \u00e0 la pr\u00e9f\u00e8te du Val-de-Marne 10\nPr\u00e9fecture de Police\n75-2024-06-26-00007\nArr\u00eat\u00e9 n\u00b0 2024-00865 modifiant l\u25a1arr\u00eat\u00e9 \nn\u00b0 2024-00816 du 17 juin 2024 portant\nd\u00e9l\u00e9gation de signature au pr\u00e9fet de\nSeine-et-Marne\nPr\u00e9fecture de Police - 75-2024-06-26-00007 - Arr\u00eat\u00e9 n\u00b0 2024-00865 modifiant l\u25a1arr\u00eat\u00e9 \nn\u00b0 2024-00816 du 17 juin 2024 portant d\u00e9l\u00e9gation de signature au pr\u00e9fet de Seine-et-Marne 11\nPREFECTURE\nDE POLICE\nLibert\u00e9\nEgalit\u00e9\nFraternit\u00e9fen\nCABINET DU PR\u00c9FET DE POLICE\nArr\u00eat\u00e9 n\u00b0 2024-00865\nmodifiant l'arr\u00eat\u00e9 n\u00b0 2024-00816 du 17 juin 2024 portant d\u00e9l\u00e9gation de signature au\npr\u00e9fet de Seine-et-Marne\nLe pr\u00e9fet de police,\nVu  le  d\u00e9cret  du  20  juillet  2022  par  lequel  M.  Laurent  NU\u00d1EZ,  pr\u00e9fet,\ncoordonnateur national du renseignement et de la lutte contre le terrorisme, est\nnomm\u00e9 pr\u00e9fet de police (hors classe)  ;\nVu le d\u00e9cret du 6 septembre 2023 par lequel M. Pierre ORY, pr\u00e9fet de Maine-et-\nLoire, est nomm\u00e9 pr\u00e9fet de Seine-et-Marne  ;\nVu l'arr\u00eat\u00e9  n\u00b0 2024-00816 du 17 juin 2024 portant d\u00e9l\u00e9gation de signature au\npr\u00e9fet de Seine-et-Marne ;\nArr\u00eate :\nArt. 1er. - A l'article 1er de l'arr\u00eat\u00e9 du 17 juin 2024 susvis\u00e9, apr\u00e8s le dernier alin\u00e9a, il\nest ins\u00e9r\u00e9 deux alin\u00e9as ainsi r\u00e9dig\u00e9s  :\n\u00ab - Les mesures prises en mati\u00e8re de circulation des a\u00e9ronefs  ;\n - L'institution par arr\u00eat\u00e9 motiv\u00e9 d'un p\u00e9rim\u00e8tre de protection au sein duquel\nl'acc\u00e8s et la circulation des personnes sont r\u00e9glement\u00e9s.  \u00bb.\nArt. 2. \u2013 Le pr\u00e9fet de Seine-et-Marne est charg\u00e9 de l'ex\u00e9cution du pr\u00e9sent arr\u00eat\u00e9,\nqui sera publi\u00e9 aux recueils des actes administratifs de la pr\u00e9fecture de police et de\nla pr\u00e9fecture de Seine-et-Marne  et entre en vigueur le 1er juillet 2024.\nFait \u00e0 Paris, le 26 JUIN 2024\nSIGNE\nLaurent NU\u00d1EZ\nR\u00c9PUBLIQUE FRAN\u00c7AISE\nLibert\u00e9  \u00c9galit\u00e9  Fraternit\u00e9\nPr\u00e9fecture de Police - 75-2024-06-26-00007 - Arr\u00eat\u00e9 n\u00b0 2024-00865 modifiant l\u25a1arr\u00eat\u00e9 \nn\u00b0 2024-00816 du 17 juin 2024 portant d\u00e9l\u00e9gation de signature au pr\u00e9fet de Seine-et-Marne 12\nPr\u00e9fecture de Police\n75-2024-06-26-00008\nArr\u00eat\u00e9 n\u00b0 2024-00866 modifiant l\u25a1arr\u00eat\u00e9 \nn\u00b0 2024-00817 du 17 juin 2024 portant\nd\u00e9l\u00e9gation de signature au pr\u00e9fet des Yvelines\nPr\u00e9fecture de Police - 75-2024-06-26-00008 - Arr\u00eat\u00e9 n\u00b0 2024-00866 modifiant l\u25a1arr\u00eat\u00e9 \nn\u00b0 2024-00817 du 17 juin 2024 portant d\u00e9l\u00e9gation de signature au pr\u00e9fet des Yvelines 13\nPREFECTURE\nDE POLICE\nLibert\u00e9\nEgalit\u00e9\nFraternit\u00e9fen\nCABINET DU PR\u00c9FET DE POLICE\nArr\u00eat\u00e9 n\u00b0 2024-00866\nmodifiant l'arr\u00eat\u00e9 n\u00b0 2024-00817 du 17 juin 2024 portant d\u00e9l\u00e9gation de signature au\npr\u00e9fet des Yvelines\nLe pr\u00e9fet de police,\nVu  le  d\u00e9cret  du  20  juillet  2022  par  lequel  M.  Laurent  NU\u00d1EZ,  pr\u00e9fet,\ncoordonnateur national du renseignement et de la lutte contre le terrorisme, est\nnomm\u00e9 pr\u00e9fet de police (hors classe)  ;\nVu le d\u00e9cret du 7 f\u00e9vrier 2024 par lequel M. Fr\u00e9d\u00e9ric ROSE, administrateur de\nl'Etat du grade transitoire, est nomm\u00e9 pr\u00e9fet des Yvelines  ;\nVu l'arr\u00eat\u00e9  n\u00b0 2024-00817 du 17 juin 2024 portant d\u00e9l\u00e9gation de signature au\npr\u00e9fet des Yvelines ;\nArr\u00eate :\nArt. 1er. - A l'article 1er de l'arr\u00eat\u00e9 du 17 juin 2024 susvis\u00e9, apr \u00e8s le dernier alin\u00e9a, il\nest ins\u00e9r\u00e9 deux alin\u00e9as ainsi r\u00e9dig\u00e9s  :\n\u00ab - Les mesures prises en mati\u00e8re de circulation des a\u00e9ronefs  ;\n - L'institution par arr\u00eat\u00e9 motiv\u00e9 d'un p\u00e9rim\u00e8tre de protection au sein duquel\nl'acc\u00e8s et la circulation des personnes sont r\u00e9glement\u00e9s.  \u00bb.\nArt. 2. \u2013 Le pr\u00e9fet des Yvelines est charg\u00e9 de l'ex\u00e9cution du pr\u00e9sent arr\u00eat\u00e9, qui\nsera publi\u00e9 aux recueils des actes administratifs de la pr\u00e9fecture de police et de la\npr\u00e9fecture des Yvelines et entre en vigueur le 1er juillet 2024.\nFait \u00e0 Paris, le 26 JUIN 2024\nSIGNE\nLaurent NU\u00d1EZ\nR\u00c9PUBLIQUE FRAN\u00c7AISE\nLibert\u00e9  \u00c9galit\u00e9  Fraternit\u00e9\nPr\u00e9fecture de Police - 75-2024-06-26-00008 - Arr\u00eat\u00e9 n\u00b0 2024-00866 modifiant l\u25a1arr\u00eat\u00e9 \nn\u00b0 2024-00817 du 17 juin 2024 portant d\u00e9l\u00e9gation de signature au pr\u00e9fet des Yvelines 14\nPr\u00e9fecture de Police\n75-2024-06-26-00009\nArr\u00eat\u00e9 n\u00b0 2024-00867 modifiant l\u25a1arr\u00eat\u00e9 \nn\u00b0 2024-00818 du 17 juin 2024 portant\nd\u00e9l\u00e9gation de signature \u00e0 la pr\u00e9f\u00e8te de l'Essonne\nPr\u00e9fecture de Police - 75-2024-06-26-00009 - Arr\u00eat\u00e9 n\u00b0 2024-00867 modifiant l\u25a1arr\u00eat\u00e9 \nn\u00b0 2024-00818 du 17 juin 2024 portant d\u00e9l\u00e9gation de signature \u00e0 la pr\u00e9f\u00e8te de l'Essonne 15\n|\nPREFECTURE  AP  >\nDE POLICE\nLibert\u00e9  4\nEgalit\u00e9\nFraternit\u00e9\nCABINET DU PR\u00c9FET DE POLICE\nArr\u00eat\u00e9 n\u00b0 2024-00867\nmodifiant l'arr\u00eat\u00e9 n\u00b0 2024-00818 du 17 juin 2024 portant d\u00e9l\u00e9gation de signature \u00e0 la\npr\u00e9f\u00e8te de l'Essonne\nLe pr\u00e9fet de police,\nVu  le  d\u00e9cret  du  20  juillet  2022  par  lequel  M.  Laurent  NU\u00d1EZ,  pr\u00e9fet,\ncoordonnateur national du renseignement et de la lutte contre le terrorisme, est\nnomm\u00e9 pr\u00e9fet de police (hors classe)  ;\nVu le d\u00e9cret du 7 f\u00e9vrier 2024 par lequel Mme Fr\u00e9d\u00e9rique CAMILLERI, pr\u00e9f\u00e8te de\npolice des Bouches-du-Rh\u00f4ne, est nomm\u00e9e pr\u00e9f\u00e8te de l'Essonne  ;\nVu l'arr\u00eat\u00e9 n\u00b0 2024-00818 du 17 juin 2024 portant d\u00e9l\u00e9gation de signature \u00e0 la\npr\u00e9f\u00e8te de l'Essonne ;\nArr\u00eate :\nArt. 1er. - A l'article 1er de l'arr\u00eat\u00e9 du 17 juin 2024 susvis\u00e9, apr \u00e8s le dernier alin\u00e9a, il\nest ins\u00e9r\u00e9 deux alin\u00e9as ainsi r\u00e9dig\u00e9s  :\n\u00ab - Les mesures prises en mati\u00e8re de circulation des a\u00e9ronefs  ;\n - L'institution par arr\u00eat\u00e9 motiv\u00e9 d'un p\u00e9rim\u00e8tre de protection au sein duquel\nl'acc\u00e8s et la circulation des personnes sont r\u00e9glement\u00e9s.  \u00bb.\nArt. 2. \u2013 La pr\u00e9f\u00e8te de l'Essonne est charg\u00e9e de l'ex\u00e9cution du pr\u00e9sent arr\u00eat\u00e9, qui\nsera publi\u00e9 aux recueils des actes administratifs de la pr\u00e9fecture de police et de la\npr\u00e9fecture de l'Essonne et entre en vigueur le 1er juillet 2024.\nFait \u00e0 Paris, le 26 JUIN 2024\nSIGNE\nLaurent NU\u00d1EZ\nR\u00c9PUBLIQUE FRAN\u00c7AISE\nLibert\u00e9  \u00c9galit\u00e9  Fraternit\u00e9\nPr\u00e9fecture de Police - 75-2024-06-26-00009 - Arr\u00eat\u00e9 n\u00b0 2024-00867 modifiant l\u25a1arr\u00eat\u00e9 \nn\u00b0 2024-00818 du 17 juin 2024 portant d\u00e9l\u00e9gation de signature \u00e0 la pr\u00e9f\u00e8te de l'Essonne 16\nPr\u00e9fecture de Police\n75-2024-06-26-00010\nArr\u00eat\u00e9 n\u00b0 2024-00868 modifiant l\u25a1arr\u00eat\u00e9\n n\u00b0 2024-00819 du 17 juin 2024 portant\nd\u00e9l\u00e9gation de signature au pr\u00e9fet du Val-d'Oise\nPr\u00e9fecture de Police - 75-2024-06-26-00010 - Arr\u00eat\u00e9 n\u00b0 2024-00868 modifiant l\u25a1arr\u00eat\u00e9\n n\u00b0 2024-00819 du 17 juin 2024 portant d\u00e9l\u00e9gation de signature au pr\u00e9fet du Val-d'Oise 17\n|\nPREFECTURE  AP  >\nDE POLICE\nLibert\u00e9  4\nEgalit\u00e9\nFraternit\u00e9\nCABINET DU PR\u00c9FET DE POLICE\nArr\u00eat\u00e9 n\u00b0 2024-00868\nmodifiant l'arr\u00eat\u00e9 n\u00b0 2024-00819 du 17 juin 2024 portant d\u00e9l\u00e9gation de signature au\npr\u00e9fet du Val-d'Oise\nLe pr\u00e9fet de police,\nVu  le  d\u00e9cret  du  20  juillet  2022  par  lequel  M.  Laurent  NU\u00d1EZ,  pr\u00e9fet,\ncoordonnateur national du renseignement et de la lutte contre le terrorisme, est\nnomm\u00e9 pr\u00e9fet de police (hors classe)  ;\nVu le d\u00e9cret du 9 mars 2022 par lequel M. Philippe COURT, pr\u00e9fet du Calvados,\nest nomm\u00e9 pr\u00e9fet du Val-d'Oise (hors classe)  ;\nVu l'arr\u00eat\u00e9  n\u00b0 2024-00819 du 17 juin 2024 portant d\u00e9l\u00e9gation de signature au\npr\u00e9fet du Val-d'Oise ;\nArr\u00eate :\nArt. 1er. - A l'article 1er de l'arr\u00eat\u00e9 du 17 juin 2024 susvis\u00e9, apr \u00e8s le dernier alin\u00e9a, il\nest ins\u00e9r\u00e9 deux alin\u00e9as ainsi r\u00e9dig\u00e9s  :\n\u00ab - Les mesures prises en mati\u00e8re de circulation des a\u00e9ronefs  ;\n - L'institution par arr\u00eat\u00e9 motiv\u00e9 d'un p\u00e9rim\u00e8tre de protection au sein duquel\nl'acc\u00e8s et la circulation des personnes sont r\u00e9glement\u00e9s.  \u00bb.\nArt. 2. \u2013 Le pr\u00e9fet du Val-d'Oise est charg\u00e9 de l'ex\u00e9cution du pr\u00e9sent arr\u00eat\u00e9, qui\nsera publi\u00e9 aux recueils des actes administratifs de la pr\u00e9fecture de police et de la\npr\u00e9fecture du Val-d'Oise et entre en vigueur le 1er juillet 2024.\nFait \u00e0 Paris, le 26 JUIN 2024\nSIGNE\nLaurent NU\u00d1EZ\nR\u00c9PUBLIQUE FRAN\u00c7AISE\nLibert\u00e9  \u00c9galit\u00e9  Fraternit\u00e9\nPr\u00e9fecture de Police - 75-2024-06-26-00010 - Arr\u00eat\u00e9 n\u00b0 2024-00868 modifiant l\u25a1arr\u00eat\u00e9\n n\u00b0 2024-00819 du 17 juin 2024 portant d\u00e9l\u00e9gation de signature au pr\u00e9fet du Val-d'Oise 18","date":"2024-06-26","first_seen_on":"2024-06-28T15:38:30+00:00","id":"1d7bac8e8f7db1102b571cadb26a68d07b84a3640b6ab2f7b81a31d03ab07790","name":"recueilDS-75-2024-373-recueil-des-actes-administratifs-special du 26.06.2024","pdf_creation_date":"2024-06-26T14:41:56+00:00","pdf_modification_date":null,"timezone":"Europe/Paris","url":"https://www.prefectures-regions.gouv.fr/ile-de-france/irecontenu/telechargement/117908/878373/file/recueilDS-75-2024-373-recueil-des-actes-administratifs-special%20du%2026.06.2024%20%20.pdf"}
