{"administration":"pref83","administration_name":"Pr\u00e9fecture du Var","content":"VAR\nRECUEIL DES ACTES\nADMINISTRATIFS\nN\u00b083-2026-072\nPUBLI\u00c9 LE  2 MARS 2026\nSommaire\nAgence r\u00e9gionale de sant\u00e9 PACA /\n83-2026-02-26-00002 - arr\u00eat\u00e9 portant suspension VERTUO Puget (4\npages) Page 4\nDirection d\u00e9partementale de l'emploi, du travail et des solidarit\u00e9s du Var\n/ Service acc\u00e8s au logement de la DDETS\n83-2026-03-02-00003 - Arr\u00eat\u00e9 pr\u00e9fectoral n\u00b0 DDETS6SAL-2026-01\n2\nmars 2026 portant agr\u00e9ment de l'association Union D\u00e9partementale\ndes Associations Familiales du Var (UDAF)\nau titre des articles L.365-3 du\ncode de la construction et de l'habitat (3 pages) Page 9\nDirection d\u00e9partementale de la protection des populations  du Var /\nDirection de la DDPP\n83-2026-02-27-00005 - Arr\u00eat\u00e9 de classement office de tourisme St\nRapha\u00ebl (2 pages) Page 13\nDirection d\u00e9partementale des finances publiques du Var / Direction de la\nDDFIP\n83-2026-02-01-00003 - Arr\u00eat\u00e9 de d\u00e9l\u00e9gation de signatures pour le\nService des imp\u00f4ts des particuliers de Draguignan (3 pages) Page 16\nDirection d\u00e9partementale des territoires et de la mer du Var / Service\nagriculture et for\u00eat de la DDTM\n83-2026-02-11-00006 - ARR\u00caT\u00c9 PR\u00c9FECTORAL n\u00b0\nDDTM/SAF/BFDFCI/2026-01 du 11 f\u00e9vrier 2026 portant \u00e9tablissement\nd'une servitude de passage et d'am\u00e9nagement sur la piste I526 \u00ab\nColle Blanche \u00bb Commune de Callas (3 pages) Page 20\n83-2026-02-11-00008 - ARR\u00caT\u00c9 PR\u00c9FECTORAL n\u00b0\nDDTM/SAF/BFDFCI/2026-02 du 11 f\u00e9vrier 2026 portant \u00e9tablissement\nd'une servitude de passage et d'am\u00e9nagement sur la piste M58 \u00ab\nLa Pouponne \u00bb Commune de Taradeau (4 pages) Page 24\n83-2026-02-11-00007 - ARR\u00caT\u00c9 PR\u00c9FECTORAL n\u00b0\nDDTM/SAF/BFDFCI/2026-03 du 11 f\u00e9vrier 2026 portant \u00e9tablissement\nd'une servitude de passage et d'am\u00e9nagement sur les pistes G701\net G702 \u00ab Ch\u00e2teau du Rouet \u00bb Commune du Muy (4 pages) Page 29\nDirection d\u00e9partementale des territoires et de la mer du Var / Service eau\net biodiversit\u00e9 de la DDTM\n83-2026-01-23-00010 - Arr\u00eat\u00e9 pr\u00e9fectoral n\u00b0 DDTM / SEBIO / 2026-27\ndu 23 janvier 2026 portant opposition \u00e0 d\u00e9claration au titre de l'article\nL. 214-3 du code de l'environnement relative \u00e0 l'enl\u00e8vement d'un\nremblai en zone inondable sur la commune de Cuers. (3 pages) Page 34\n2\nPr\u00e9fecture du VAR / Direction de la coordination des politiques publiques\net de l'appui territorial\n83-2026-02-24-00002 - Arr\u00eat\u00e9 pr\u00e9fectoral portant autorisation\nd'introduction d'individus d'esp\u00e8ces animales non domestiques au sein\nde la r\u00e9serve naturelle nationale de la Plaine des Maures (4 pages) Page 38\n3\nAgence r\u00e9gionale de sant\u00e9 PACA\n83-2026-02-26-00002\narr\u00eat\u00e9 portant suspension VERTUO Puget\nAgence r\u00e9gionale de sant\u00e9 PACA - 83-2026-02-26-00002 - arr\u00eat\u00e9 portant suspension VERTUO Puget 4\nEsREPUBLIQUEFRANCAISELibert\u00e9Egalit\u00e9Fraternit\u00e9\nAr@ D Agence R\u00e9gionale de Sant\u00e9Provence-AlpesC\u00f4te d'Azur\nAgence r\u00e9gionale de sant\u00e9 Provence-Alpes-C\u00f4te d'Azur-Si\u00e8ge : 132, boulevard de Paris - CS 50039 - 13331 Marseille Cedex 03 \nT\u00e9l 04.13.55.80.10 / Fax : 04.13.55.80.40 \nhttp:// www.ars.paca.sante.fr Page 1/4 \n \n  \n \n \n \n \nD\u00e9cision portant suspension totale de l'activite \ndu centre de sante dentaire VERTUO PUGET \u00e0 PUGET-SUR-ARGENS \nN\u00b0 FINESS ET : 830027884 \n \nVU le code de la sant\u00e9 publique et notamment les articles L.6323-1 \u00e0 L.6323-1-15 et D.6323-1 \u00e0 D.6323- \n12 ; \n \nVU le code de la s\u00e9curit\u00e9 sociale ; \n \nVU la loi n\u00b02023-378 du 19 mai 2023 visant \u00e0 am\u00e9liorer l'encadrement des centres de sant\u00e9 ; \n \nVU le d\u00e9cret 2010-336 du 31 mars 2010 portant cr\u00e9ation des agences r\u00e9gionales de sant\u00e9 ; \n \nVU le d\u00e9cret du 20 juin 2024 visant \u00e0 am\u00e9liorer l'encadrement des centres de sant\u00e9 ; \n \nVU le d\u00e9cret du 16 juillet 2024 portant nomination de Monsieur Yann BUBIEN en qualit\u00e9 de directeur \ng\u00e9n\u00e9ral de l'agence r\u00e9gionale de sant\u00e9 Provence-Alpes-C\u00f4te d'Azur ; \nVU l'arr\u00eat\u00e9 du 27 f\u00e9vrier 2018 relatif aux centres de sant\u00e9, modifi\u00e9 par l'arr\u00eat\u00e9 du 20 juin 2024 ; \n \nVU l'arr\u00eat\u00e9 du 26 octobre 2023 du Directeur g\u00e9n\u00e9ral de l'agence r\u00e9gionale de sant\u00e9 Provence -Alpes- \nC\u00f4te d'Azur, portant adoption du Projet R\u00e9gional de Sant\u00e9 Provence-Alpes-C\u00f4te d'Azur 2023-2028 ; \nVU l'arr\u00eat\u00e9 du 23 avril 2024 portant agr\u00e9ment provisoire du centre de sant\u00e9 dentaire VERTUO PUGET, \nsis, 148, avenue Saint Albert, 83480 PUGET-SUR-ARGENS, aux fins d'exercer une activit\u00e9 dentaire ; \n \nVU le proc\u00e8s-verbal de la visite de conformit\u00e9 r\u00e9alis\u00e9e le 19 f\u00e9vrier 2026 au sein du centre de sant\u00e9 \ndentaire VERTUO PUGET, sis, 148, avenue Saint Albert, 83480 PUGET-SUR-ARGENS ainsi que son \nannexe 1 relative au suivi des mesures correctrices ; \n \nCONSIDERANT qu'en application de l'article L.6323-1-11 du code de la sant\u00e9 publique, les centres de \nsant\u00e9 ou leurs antennes ayant une activit\u00e9 dentaire, ophtalmologique ou orthoptique sont soumis, \u00e0 \nl'agr\u00e9ment du directeur g\u00e9n\u00e9ral de l'agence r\u00e9gionale de sant\u00e9 ; \nCONSIDERANT que par arr\u00eat\u00e9 du directeur g\u00e9n\u00e9ral de l'agence r\u00e9gionale de sant\u00e9 Provence -Alpes- \nC\u00f4te d'Azur, en date du 23 avril 2024, le centre de sant\u00e9 dentaire VERTUO PUGET a \u00e9t\u00e9 agr\u00e9\u00e9 \u00e0 titre \nprovisoire, pour une dur\u00e9e d'une ann\u00e9e, pour exercer une activit\u00e9 dentaire ; puis \u00e0 titre d\u00e9finitif de \nmani\u00e8re tacite, \u00e0 l'issue de cette dur\u00e9e d'une ann\u00e9e, en application de l'article L.6323-1-11 du code de \nla sant\u00e9 publique ; \nAgence r\u00e9gionale de sant\u00e9 PACA - 83-2026-02-26-00002 - arr\u00eat\u00e9 portant suspension VERTUO Puget 5\nAgence r\u00e9gionale de sant\u00e9 Provence-Alpes-C\u00f4te d'Azur-Si\u00e8ge : 132, boulevard de Paris - CS 50039 - 13331 Marseille Cedex 03 \nT\u00e9l 04.13.55.80.10 / Fax : 04.13.55.80.40 \nhttp:// www.ars.paca.sante.fr Page 2/4 \n \nCONSIDERANT qu'une visite de conformit\u00e9 au sein du centre de sant\u00e9 dentaire VERTUO PUGET sis, \n148, avenue Saint Albert, 83480 PUGET-SUR-ARGENS, a \u00e9t\u00e9 r\u00e9alis\u00e9e le 19 f\u00e9vrier 2026 ; \n \nCONSIDERANT que cette visite de conformit\u00e9, dont le proc\u00e8s -verbal ainsi que son annexe 1 relative \nau suivi des mesures correctrices  sont annex\u00e9s \u00e0 la pr\u00e9sente d\u00e9cision, a permis de constater de \nnombreuses non-conformit\u00e9s ainsi que de graves manquements pouvant porter atteinte \u00e0 la qualit\u00e9 et \n\u00e0 la s\u00e9curit\u00e9 des soins prodigu\u00e9s aux patients ; \nCONSIDERANT que s'agissant de ces derniers manquements, il a \u00e9t\u00e9 notamment relev\u00e9 une absence \nde respect des r\u00e8gles de bonnes pratiques de st\u00e9rilisation des dispositifs m\u00e9dicaux, une absence de \nrespect des r\u00e8gles d'hygi\u00e8ne \u00e9l\u00e9mentaires lors des soins dentaires ainsi qu'une absence de personnel \nqualifi\u00e9 n\u00e9cessaire au fonctionnement du centre de sant\u00e9 dentaire, en m\u00e9connaissance des dispositions \ndes articles D.6323-3 et D.6323-7 du code de la sant\u00e9 publique et de l'arr\u00eat\u00e9 modifi\u00e9 du 27 f\u00e9vrier 2018 \nrelatif aux centres de sant\u00e9 ; \n \nCONSIDERANT que l'hygi\u00e8ne et la s\u00e9curit\u00e9 des soins ne peuvent \u00eatre regard\u00e9es comme garanties au \nsein du centre de sant\u00e9 dentaire VERTUO PUGET \u00e0 PUGET -SUR-ARGENS, au regard des \nmanquements constat\u00e9s lors de la visite de conformit\u00e9 dont le proc\u00e8s -verbal est joint \u00e0 la pr\u00e9sente \nd\u00e9cision, tels que notamment : \n \n- L'absence de ressources humaines suffisantes en termes d'assistant dentaire qualifi\u00e9e et assistant \ndentaire en formation pour garantir une prise en charge s\u00e9curis\u00e9e des soins aux patients et assurer \nle processus de st\u00e9rilisation des DM sans interruption, \n \n- L'absence de stocks en DM critiques adapt\u00e9s (notamment les portes-instruments dynamiques, les \nportes-instruments dynamiques d'endodontie, les inserts de d\u00e9tartrage et leurs cl\u00e9s), pour assurer \nen syst\u00e9matique la mise \u00e0 disposition de DM critiques st\u00e9riles aux chirurgiens -dentistes pour \nassurer les soins des patients, \n- L'absence de respect de toutes les r\u00e8gles de bonnes pratiques de st\u00e9rilisation des DM critiques et \nsemi-critiques. Ces constats ne garantissent pas la st\u00e9rilit\u00e9 des DM utilis\u00e9s pour les soins, \n(notamment l'absence de respect du principe de marche en avant des dispositifs m\u00e9dicaux dans \nla salle de st\u00e9rilisation et la mise \u00e0 disposition de longueurs de paillasse de travail adapt\u00e9es au \nprocessus de st\u00e9rilisation ; absence de maintien d'une temp\u00e9rature acceptable dans la salle de \nst\u00e9rilisation ; absence de bouche de la CTA dans la st\u00e9rilisation formalis\u00e9e sur le sch\u00e9ma \na\u00e9raulique communiqu\u00e9 ; l'absence d'un niveau d'\u00e9quipement en soudure et st\u00e9rilisation adapt\u00e9 \u00e0 \nl'importance de l'activit\u00e9 de fabrication des DM st\u00e9riles ; l'absence de maitrise de la phase de pr\u00e9- \nd\u00e9sinfection des DM sales lors des phases de surcharge de travail \u00e0 la st\u00e9rilisation, l'absence de \nport syst\u00e9matique des tabliers \u00e9tanches \u00e0 UU lors des manipulations des DM sales ; l'absence de \nmise \u00e0 disposition de brosses de nettoyage manuel des DM sales ; l'absence de nettoyage interne \ndes PID d'endodontie , l'absence de prise en charge des PID sales sans d\u00e9lai en l'absence de pr\u00e9- \nd\u00e9sinfection par trempage pr\u00e9alable ; l'absence d'analyse syst\u00e9matique des r\u00e9sultats des contr\u00f4les \ninternes d'efficacit\u00e9 du laveur ; l'absence de mise en \u0153uvre d'un contr\u00f4le efficient et syst\u00e9matique \nde propret\u00e9 efficace des DM lav\u00e9s ; l'absence de respect des r\u00e8gles de bonnes pratiques de \nconditionnement des DM \u00e0 autoclaver ;  le chargement des plateaux d'autoclaves \u00e0 am\u00e9liorer, \nl'absence de r\u00e9alisation int\u00e9grale de l'op\u00e9ration de lib\u00e9ration param\u00e9trique de chaque cycle de DM \nautoclav\u00e9s permettant notamment la mise \u00e0 disposition des chirurgiens-dentistes des DM critiques \ndont la st\u00e9rilit\u00e9 n'est pas garantie ; la communication de rapports de qualification de performance \nde la soudeuse et des laveurs et autoclaves incomplets en r\u00e9f\u00e9rence aux normes applicables \u00e0 ces \n\u00e9quipements ; l'absence de formation compl\u00e9mentaire des assistantes dentaires aux diff\u00e9rentes \nop\u00e9rations du processus de st\u00e9rilisation des dispositifs m\u00e9dicaux) ; \n- L'absence de respect de l'ensemble des r\u00e8gles d'hygi\u00e8ne \u00e9l\u00e9mentaires lors des soins dentaires \nnotamment l'installation d'une centrale de traitement d'air \u00e0 faible capacit\u00e9 de soufflage et de \nreprise associ\u00e9 \u00e0 l'absence de ventilation de la salle d'implantologie et du local technique, l'absence \nde port syst\u00e9matique des \u00e9quipements de protection individuelle lors de la manipulation des DM \nsales ; baguage des DM (source de salissures des DM) ; l'absence de connaissance du mode \nd'emploi du d\u00e9tergent/d\u00e9sinfection chimique des aspirations chirurgicales, , l'absence de mise \u00e0  \nAgence r\u00e9gionale de sant\u00e9 PACA - 83-2026-02-26-00002 - arr\u00eat\u00e9 portant suspension VERTUO Puget 6\nAgence r\u00e9gionale de sant\u00e9 Provence-Alpes-C\u00f4te d'Azur-Si\u00e8ge : 132, boulevard de Paris - CS 50039 - 13331 Marseille Cedex 03 \nT\u00e9l 04.13.55.80.10 / Fax : 04.13.55.80.40 \nhttp:// www.ars.paca.sante.fr Page 3/4 \n \ndisposition de mat\u00e9riel de nettoyage d\u00e9di\u00e9 de la salle d'implantologie et stock\u00e9 dans des conditions \nadapt\u00e9es au niveau de propret\u00e9 \u00e0 obtenir ; les conditions d'installation des compresseurs d'air \nm\u00e9dical ne permettant pas de s'assurer de la qualit\u00e9 de l'air utilis\u00e9 pour les soins aux patients ;  \n \nCONSIDERANT que ces manquements qui attestent d'une absence manifeste de ma\u00eetrise du \nprocessus de st\u00e9rilisation du mat\u00e9riel et des r\u00e8gles d'hygi\u00e8ne, contreviennent \u00e0 l'article D.6323 -3 du \ncode de la sant\u00e9 publique selon lequel \u00ab Les locaux, les installations mat\u00e9rielles, l'organisation des \nsoins, l'exp\u00e9rience et la qualification du personnel des centres de sant\u00e9 permettent d'assurer la s\u00e9curit\u00e9 \ndes patients et la qualit\u00e9 des soins \u00bb, \u00e0 l'article D.6323-7 du m\u00eame code, selon lequel \u00ab les centres de \nsant\u00e9 disposent de locaux et d'installations mat\u00e9rielles permettant d'assurer aux patients des conditions \nd'accessibilit\u00e9, de s\u00e9curit\u00e9 et d'hygi\u00e8ne conformes aux normes en vigueur \u00bb et de l'article 3 de l'arr\u00eat\u00e9 \ndu 27 f\u00e9vrier 2018 relatif aux centres de sant\u00e9 ; \nCONSIDERANT que la m\u00e9connaissance du proc\u00e9d\u00e9 de st\u00e9rilisation du mat\u00e9riel dentaire et des r\u00e8gles \nd'hygi\u00e8ne, exposent les patients \u00e0 un danger grave de contamination bact\u00e9rienne et virale ;  \nCONSIDERANT qu'il ressort des constats op\u00e9r\u00e9s lors de la visite r\u00e9alis\u00e9e le 19 f\u00e9vrier 2026 au sein du \ncentre de sant\u00e9 dentaire VERTUO PUGET \u00e0 PUGET-SUR-ARGENS que ce dernier exerce une activit\u00e9 \ndentaire pouvant mettre en p\u00e9ril la s\u00e9curit\u00e9 des soins prodigu\u00e9s aux patients et exposent ces derniers \n\u00e0 un danger grave en termes de contamination bact\u00e9rienne et virale, caract\u00e9risant une situation \nd'urgence ; \n \nCONSIDERANT qu'au regard des \u00e9l\u00e9ments qui pr\u00e9c\u00e8dent et notamment de la m\u00e9connaissance \nmanifeste des r\u00e8gles permettant de garantir la s\u00e9curit\u00e9 des soins, l'urgence \u00e0 prendre une mesure de \nsuspension de l'activit\u00e9 du centre de sant\u00e9 dentaire VERTUO PUGET \u00e0 PUGET -SUR-ARGENS, \ns'av\u00e8re justifi\u00e9e, en application de l'article L.6323-1-12 du code de la sant\u00e9 publique, en son paragraphe \nII, aux termes duquel : \n \n\u00ab en cas d'urgence tenant \u00e0 la s\u00e9curit\u00e9 des patients\u2026., le directeur g\u00e9n\u00e9ral de l'agence r\u00e9gionale de \nsant\u00e9 peut prononcer la suspension imm\u00e9diate, totale ou partielle, de l'activit\u00e9 du centre et, lorsqu'elles \nexistent, de ses antennes. La d\u00e9cision est notifi\u00e9e au repr\u00e9sentant l\u00e9gal de l'organisme gestionnaire du \ncentre de sant\u00e9, accompagn\u00e9e des constatations faites et assortie d'une mise en demeure de rem\u00e9dier \naux manquements dans un d\u00e9lai d\u00e9termin\u00e9. \u00bb ; \n \n \n \n \nDECIDE \n \n \n \n \nArticle 1 : L'activit\u00e9 du centre de sant\u00e9 dentaire VERTUO PUGET sis, 148, avenue Saint Albert, 83480 \nPUGET-SUR-ARGENS, dont l'organisme gestionnaire est l'Association \u00ab HEALTH HUB PUGET \u00bb, sise \n\u00e0 la m\u00eame adresse, repr\u00e9sent\u00e9e par son pr\u00e9sident, Monsieur Bertrand PLESCHKE, est suspendue en \ntotalit\u00e9. \n \nArticle 2 : Cette d\u00e9cision prend effet \u00e0 compter de sa notification \u00e0 l'int\u00e9ress\u00e9(e). \n \nArticle 3 : Le repr\u00e9sentant l\u00e9gal de l'association gestionnaire du centre de sant\u00e9 dentaire VERTUO \nPUGET \u00e0 PUGET-SUR-ARGENS est mis en demeure de rem\u00e9dier dans un d\u00e9lai de 2 mois, \u00e0 compter \nde la notification de la pr\u00e9sente d\u00e9cision, aux manquements tels que constat\u00e9s dans le proc\u00e8s -verbal \nde la visite de conformit\u00e9 et recens\u00e9s en son annexe 1 relative au suivi des mesures correctrices,  en \napplication de l'article L.6323-1-12 du code de la sant\u00e9 publique. \nAgence r\u00e9gionale de sant\u00e9 PACA - 83-2026-02-26-00002 - arr\u00eat\u00e9 portant suspension VERTUO Puget 7\nAgence r\u00e9gionale de sant\u00e9 Provence-Alpes-C\u00f4te d'Azur-Si\u00e8ge : 132, boulevard de Paris - CS 50039 - 13331 Marseille Cedex 03 \nT\u00e9l 04.13.55.80.10 / Fax : 04.13.55.80.40 \nhttp:// www.ars.paca.sante.fr Page 4/4 \n \nArticle 4 : Conform\u00e9ment aux termes de l'article L.6323-1-12 (II) du code de la sant\u00e9 publique, s'il est \nconstat\u00e9, au terme du d\u00e9lai mentionn\u00e9 \u00e0 l'article 3 de la pr\u00e9sente d\u00e9cision, qu'il a \u00e9t\u00e9 satisfait \u00e0 la mise \nen demeure, apr\u00e8s \u00e9ventuellement une visite de conformit\u00e9, la mesure de suspension prend fin.  \n \nDans le cas contraire, le gestionnaire du centre s'expose au maintien de la suspension de son activit\u00e9 \njusqu'\u00e0 l'ach\u00e8vement des mesures correctrices, et \u00e0 d\u00e9faut, \u00e0 la fermeture du centre de sant\u00e9.  \n \nArticle 5 : En application des articles L.6323-1-12 et D.6323-11 du code de la sant\u00e9 publique, la d\u00e9cision \nde suspension est communiqu\u00e9e sans d\u00e9lai \u00e0 la Caisse nationale de l'assurance maladie et au Conseil \nd\u00e9partemental de l'Ordre des chirurgiens-dentistes comp\u00e9tent. Une copie de la notification est adress\u00e9e \n\u00e0 la Caisse primaire d'assurance maladie du Var. \nArticle 6 : La pr\u00e9sente d\u00e9cision peut faire l'objet d'un recours contentieux devant le tribunal administratif \nterritorialement comp\u00e9tent dans un d\u00e9lai de deux mois \u00e0 compter de sa notification.  \n \n \nToulon, le 26 f\u00e9vrier 2026 \n \n \nPour le Directeur g\u00e9n\u00e9ral de l'ARS PACA \nLe Directeur des soins de proximit\u00e9 \n \n \n \n \n \n \nAugustin Viard  \n \nsign\u00e9 \nAgence r\u00e9gionale de sant\u00e9 PACA - 83-2026-02-26-00002 - arr\u00eat\u00e9 portant suspension VERTUO Puget 8\nDirection d\u00e9partementale de l'emploi, du travail\net des solidarit\u00e9s du Var\n83-2026-03-02-00003\nArr\u00eat\u00e9 pr\u00e9fectoral n\u00b0 DDETS6SAL-2026-01\n2 mars 2026 portant agr\u00e9ment de l'association\nUnion D\u00e9partementale des Associations\nFamiliales du Var (UDAF)\nau titre des articles L.365-3 du code de la\nconstruction et de l'habitat\nDirection d\u00e9partementale de l'emploi, du travail et des solidarit\u00e9s du Var - 83-2026-03-02-00003 - Arr\u00eat\u00e9 pr\u00e9fectoral n\u00b0\nDDETS6SAL-2026-01\n2 mars 2026 portant agr\u00e9ment de l'association Union D\u00e9partementale des Associations Familiales du Var (UDAF)\nau titre des articles L.365-3 du code de la construction et de l'habitat\n9\n=mPREFETDU VARLibert\u00e9Egalit\u00e9Fraternit\u00e9\nDirection d\u00e9partementale\n de l'emploi, du travail et des solidarit\u00e9s\nService acc\u00e8s au logement\nD\u00e9partement accompagnement vers le logement\nArr\u00eat\u00e9 pr\u00e9fectoral n\u00b0 DDETS6SAL-2026-01\n2 mars 2026 portant agr\u00e9ment de l'association Union D\u00e9partementale des Associations \nFamiliales du Var (UDAF)\nau titre des articles L.365-3 du code de la construction et de l'habitat\nLe Pr\u00e9fet du Var,\nVu la loi n\u00b0 2009-323 de mobilisation pour le logement et de lutte contre l'exclusion en date  \ndu 25 mars 2009\u00a0;\nVu le Code de la Construction et de l'Habitation, et notamment les articles L.365-3 et R.365-1-\nalin\u00e9a 2 et suivants ; \nVu le  d\u00e9cret  n\u00b0  2009-1684  du  30  d\u00e9cembre  2009  relatif  aux  agr\u00e9ments  des  organismes  \nexer\u00e7ant des activit\u00e9s en  faveur  du  logement  et  de  l'h\u00e9bergement  des  personnes  \nd\u00e9favoris\u00e9es\u00a0;\nVu la  circulaire  du  6  septembre  2010  relative  aux  agr\u00e9ments  des  organismes  agissant  en \nfaveur du logement et de l'h\u00e9bergement des personnes d\u00e9favoris\u00e9es\u00a0;\nVu  le  dossier transmis, le  31 octobre 202 5, par le repr\u00e9sentant l\u00e9gal de l'association  Union \nD\u00e9partementale des Associations Familiales du Var (UDAF)  sise 15 rue Chaptal 83130 La  \nGarde-France ;\nVu l'arr\u00eat\u00e9 pr\u00e9fectoral n\u00b02025/23/MCI du 2 juin 2025 portant d\u00e9l\u00e9gation de signature \u00e0 Mme  \nSandrine  Polychronopoulos,  directrice  d\u00e9partementale  de  l'emploi,  du  travail  et  des  \nsolidarit\u00e9s du Var\u00a0;\nCONSID\u00c9RANT que le dossier transmis est d\u00e9sormais complet\u00a0;\nDirection d\u00e9partementale de l'emploi, du travail et des solidarit\u00e9s du Var - 83-2026-03-02-00003 - Arr\u00eat\u00e9 pr\u00e9fectoral n\u00b0\nDDETS6SAL-2026-01\n2 mars 2026 portant agr\u00e9ment de l'association Union D\u00e9partementale des Associations Familiales du Var (UDAF)\nau titre des articles L.365-3 du code de la construction et de l'habitat\n10\nArr\u00eate :\nArticle 1  er\n   :  \nL'organisme  \u00e0  gestion  d\u00e9sint\u00e9ress\u00e9e,  l'association Union  D\u00e9partementale  des  Associations  \nFamiliales du Var (UDAF) ,  association de loi 1901, est agr\u00e9\u00e9 pour les 4 activit\u00e9s r \u00e9f\u00e9renc\u00e9es au \nsein des cat\u00e9gories suivantes\u00a0:\nIng\u00e9nierie sociale, financi\u00e8re et technique  \u00a0  :  \n\uf0b7 L'accompagnement social des personnes pour favoriser leur acc\u00e8s ou leur maintien dans  \nle logement, \n\uf0b7  La recherche de logements adapt\u00e9s, les commissions de m\u00e9diation ou les tribunaux  \nadministratifs,\n\uf0b7 La participation aux r\u00e9unions des commissions d'attribution HLM,\n\uf0b7 Les activit\u00e9s d'accueil, de conseil, d'assistance (assistance \u00e0 ma\u00eetrise d'ouvrage avec ou  \nsans  mission  technique,  ma\u00eetrise  d'\u0153uvre)  pour  l'am\u00e9lioration  ou  l'adaptation  de  \nl'habitat conduites en faveur des personnes d\u00e9favoris\u00e9es ou des personnes \u00e2g\u00e9es ou  \nhandicap\u00e9es, \nArticle 2 :\nL'agr\u00e9ment est d\u00e9livr\u00e9 pour une dur\u00e9e de cinq ans renouvelable.\nIl peut \u00eatre retir\u00e9 \u00e0 tout moment par l'autorit\u00e9 administrative comp\u00e9tente si l'organisme ne  \nsatisfait plus aux conditions de d\u00e9livrance de l'agr\u00e9ment ou s'il est constat\u00e9 un manquement  \ngrave ou r\u00e9p\u00e9t\u00e9 \u00e0 ses obligations.\nArticle 3 :\nUn compte-rendu de l'activit\u00e9 concern\u00e9e et les comptes financiers de l'organisme seront  \nadress\u00e9s annuellement \u00e0 l'autorit\u00e9 administrative comp\u00e9tente qui a d\u00e9livr\u00e9 l'agr\u00e9ment.\nCette derni\u00e8re peut, \u00e0 tout moment, contr\u00f4ler les conditions d'exercice.\nArticle 4 :\nLe pr\u00e9sent arr\u00eat\u00e9 peut faire l'objet d'un recours devant le tribunal administratif de Toulon  \ndans un d\u00e9lai de deux mois \u00e0 compter de sa publication au recueil des actes administratifs de  \nla pr\u00e9fecture du Var.\nLe m\u00eame recours peut \u00eatre exerc\u00e9 par l'association gestionnaire dans le d\u00e9lai de deux mois \u00e0  \ncompter de la notification du pr\u00e9sent arr\u00eat\u00e9.\nDirection d\u00e9partementale de l'emploi, du travail et des solidarit\u00e9s du Var - 83-2026-03-02-00003 - Arr\u00eat\u00e9 pr\u00e9fectoral n\u00b0\nDDETS6SAL-2026-01\n2 mars 2026 portant agr\u00e9ment de l'association Union D\u00e9partementale des Associations Familiales du Var (UDAF)\nau titre des articles L.365-3 du code de la construction et de l'habitat\n11\nArticle 5 :\nLa directrice d\u00e9partementale de l'emploi, du travail et des solidarit\u00e9s du Var est charg\u00e9e de  \nl'ex\u00e9cution  du  pr\u00e9sent  arr\u00eat\u00e9  qui  sera  publi\u00e9  au  recueil  des  actes  administratifs  de  la  \npr\u00e9fecture du Var.\nFait \u00e0 Toulon, le 2 mars 2026\nPour le pr\u00e9fet et par d\u00e9l\u00e9gation,\nLa directrice d\u00e9partementale de\nl'emploi, du travail et des solidarit\u00e9s\nSign\u00e9\u00a0: Sandrine POLYCHRONOPOULOS\n  \n \n  \n \n  \nDirection d\u00e9partementale de l'emploi, du travail et des solidarit\u00e9s du Var - 83-2026-03-02-00003 - Arr\u00eat\u00e9 pr\u00e9fectoral n\u00b0\nDDETS6SAL-2026-01\n2 mars 2026 portant agr\u00e9ment de l'association Union D\u00e9partementale des Associations Familiales du Var (UDAF)\nau titre des articles L.365-3 du code de la construction et de l'habitat\n12\nDirection d\u00e9partementale de la protection des\npopulations  du Var\n83-2026-02-27-00005\nArr\u00eat\u00e9 de classement office de tourisme St\nRapha\u00ebl\nDirection d\u00e9partementale de la protection des populations  du Var - 83-2026-02-27-00005 - Arr\u00eat\u00e9 de classement office de tourisme\nSt Rapha\u00ebl 13\n=mPREFETDU VARLibert\u00e9Egalit\u00e9Fraternit\u00e9\nDirection d\u00e9partementale \nde la protection des populations\nARR\u00caT\u00c9 PR\u00c9FECTORAL n\u00b02026/033 en date du 27 f\u00e9vier 2026\nrelatif au classement dans la Cat\u00e9gorie I de l'Office de Tourisme de\n Saint-Rapha\u00ebl \nLe Pr\u00e9fet du Var,\nChevalier de la L\u00e9gion d'honneur,\nChevalier de l'Ordre national du M\u00e9rite,\nVU le Code du tourisme, notamment ses articles L. 133-10-1 et D. 133-20 et suivants,\nVU la  loi  n\u00b0  2009-888  du  22  juillet  2009  de  d\u00e9veloppement  et  de  modernisation  des  services  \ntouristiques,\nVU le d\u00e9cret 2009-1652 du 23 d\u00e9cembre 2009, portant application de la loi n\u00b0 2009-888 du 22 juillet  \n2009 de d\u00e9veloppement et de modernisation des services touristiques et notamment son article 5,\nVU l'arr\u00eat\u00e9 du 16 avril 2019 fixant les crit\u00e8res de classement des offices de tourisme,\nVU l'arr\u00eat\u00e9  pr\u00e9fectoral  n\u00b02020-041  en  date  du  23  mars 2020,  relatif  au  classement  de  l'Office  de \nTourisme de Saint-Rapha\u00ebl  en cat\u00e9gorie I,\nVU  la circulaire du 29 d\u00e9cembre 2009, relative \u00e0 la mise en \u0153uvre des dispositions r\u00e9glementaires  \nportant application de la loi pr\u00e9cit\u00e9e, et notamment son titre III,\nVU les \u00e9l\u00e9ments du dossier pr\u00e9sent\u00e9s \u00e0  l'appui de la demande de classement en cat\u00e9gorie 1 par  \nmadame la Directrice de l'Office de Tourisme de Saint-Rapha\u00ebl ,\nVU la d\u00e9lib\u00e9ration du conseil municipal du  06 mars 2025 , relative au renouvellement de demande de  \nclassement dans la Cat\u00e9gorie I de l'Office de Tourisme de  Saint-Rapha\u00ebl \nVU l'arr\u00eat\u00e9 pr\u00e9fectoral n\u00b0 2025/24/MCI, du 02 juin 2025, portant d\u00e9l\u00e9gation de signature \u00e0 Madame  \nNathalie GUERSON, Directrice d\u00e9partementale de la protection des populations du Var, \nVU l'arr\u00eat\u00e9 n\u00b0 25/141 du 1 er juillet 2025, portant subd\u00e9l\u00e9gation de signature \u00e0 Monsieur Jean-Fran\u00e7ois  \nCARRI\u00c9, directeur d\u00e9partemental adjoint de la protection des populations du Var ;\nConsid\u00e9rant que l'Office de Tourisme de  Saint-Rapha\u00ebl   satisfait aux normes r\u00e9glementaires \u00e9dict\u00e9es  \npar les textes susvis\u00e9s pour le classement sollicit\u00e9,\nSur proposition de Madame la directrice d\u00e9partementale de la protection des populations du Var, \nBd du 112\u00e8me R\u00e9giment d'Infanterie\nCS 31 209 - 83070 TOULON CEDEX\nCourriel : ddpp@var.gouv.fr 1/2\nDirection d\u00e9partementale de la protection des populations  du Var - 83-2026-02-27-00005 - Arr\u00eat\u00e9 de classement office de tourisme\nSt Rapha\u00ebl 14\nARR\u00caTE\nArticle 1  : l'Office de Tourisme de Saint-Rapha\u00ebl, sis 99 Quai Albert 1 er \u2013 83700   Saint-Rapha\u00ebl  \u2013 est  \nclass\u00e9 dans la Cat\u00e9gorie I,\nArticle 2 : ce classement est prononc\u00e9 pour cinq ans.\nPass\u00e9 cette p\u00e9riode, il expire d'office et pourra \u00eatre renouvel\u00e9 selon la proc\u00e9dure d\u00e9finie par l'article  \nD 133-26 du Code du tourisme,\nArticle 3 : le pr\u00e9sent arr\u00eat\u00e9 peut faire l'objet d'un recours contentieux devant le Tribunal Administratif \nde Toulon, dans un d\u00e9lai de deux mois, \u00e0 compter de la date de sa publication,\nArticle 4 : la directrice d\u00e9partementale de la protection des populations du Var, le maire et pr\u00e9sident  \nde l'Office de Tourisme de la commune de  Saint-Rapha\u00ebl , sont charg\u00e9s, chacun en ce qui le concerne, \nde l'ex\u00e9cution du pr\u00e9sent arr\u00eat\u00e9 qui sera publi\u00e9 au recueil des actes administratifs du d\u00e9partement du  \nVar.\nFait \u00e0 Toulon, le 27 f\u00e9vrier 2026\nBd du 112\u00e8me R\u00e9giment d'Infanterie\nCS 31 209 - 83070 TOULON CEDEX\nCourriel : ddpp@var.gouv.fr 2/2\nPour le Pr\u00e9fet et par d\u00e9l\u00e9gation,\nle directeur d\u00e9partemental adjoint\n de la protection des populations,\nSign\u00e9\nJean-Fran\u00e7ois CARRI\u00c9\nDirection d\u00e9partementale de la protection des populations  du Var - 83-2026-02-27-00005 - Arr\u00eat\u00e9 de classement office de tourisme\nSt Rapha\u00ebl 15\nDirection d\u00e9partementale des finances\npubliques du Var\n83-2026-02-01-00003\nArr\u00eat\u00e9 de d\u00e9l\u00e9gation de signatures pour le\nService des imp\u00f4ts des particuliers de\nDraguignan\nDirection d\u00e9partementale des finances publiques du Var - 83-2026-02-01-00003 - Arr\u00eat\u00e9 de d\u00e9l\u00e9gation de signatures pour le Service\ndes imp\u00f4ts des particuliers de Draguignan 16\nREPUBLIQUEFRANCAISELibert\u00e9Egalit\u00e9Fraternit\u00e9\nTFINANCES PUBLIQUES\nArr\u00eat\u00e9 portant D\u00c9L\u00c9GATION DE SIGNATURE \nLe comptable, responsable du service des imp\u00f4ts des particuliers de Draguignan\nVu le code g\u00e9n\u00e9ral des imp\u00f4ts, et notamment l'artic le 408 de son annexe II et les articles 212 \u00e0 217 d e son\nannexe IV ; \nVu le livre des proc\u00e9dures fiscales, et notamment les articles L. 247 et R* 247-4 et suivants ;\nVu le d\u00e9cret n\u00b0 2008-309 du 3 avril 2008 portant di verses dispositions relatives \u00e0 la direction g\u00e9n\u00e9ra le des\nfinances publiques ; \nVu le d\u00e9cret n\u00b0 2009-707 du 16 juin 2009 relatif au x services d\u00e9concentr\u00e9s de la direction g\u00e9n\u00e9rale de s finances\npubliques ; \nVu le d\u00e9cret  n\u00b0 2012-1246 du 7 novembre 2012 relati f \u00e0 la gestion budg\u00e9taire et  comptable publique, et\nnotamment son article 16 ;\nArr\u00eate :\nArticle 1\ner\nD\u00e9l\u00e9gation de signature est donn\u00e9e \u00e0 Mme CHAIX Laur ence, inspectrice divisionnaire, Mme EGINARD Christ el,\ninspectrice, M LEXTRAIT Walter, inspecteur, adjoint s au responsable du service des imp\u00f4ts des particul iers de\nDraguignan, \u00e0 l'effet de signer :\n1\u00b0) dans la limite de 100 000 \u20ac, en mati\u00e8re de cont entieux fiscal d'assiette, les d\u00e9cisions d'admissio n totale,\nd'admission partielle ou de rejet, de d\u00e9gr\u00e8vement ou restitution d'office ;\n2\u00b0) en mati\u00e8re de gracieux fiscal, les d\u00e9cisions po rtant remise, mod\u00e9ration, transaction ou rejet dans  la limite de\n60 000 \u20ac ;  \n3\u00b0)  les  documents  n\u00e9cessaires  \u00e0  l'ex\u00e9cution  comptab le  des  d\u00e9cisions  contentieuses  et  gracieuses,  sans\nlimitation de montant ; \n4\u00b0) les mises en demeure de payer ;\n5\u00b0) et de rendre ex\u00e9cutoire les avis de mise en recouvrement ;\n6\u00b0) au nom et sous la responsabilit\u00e9 du comptable soussign\u00e9, \na) les d\u00e9cisions relatives aux demandes de d\u00e9lai de  paiement, d'une port\u00e9e illimit\u00e9e tant en dur\u00e9e qu' en\nmontant;\nDIRECTION D\u00c9PARTEMENTALE\nDES FINANCES PUBLIQUES DU VAR\nDirection d\u00e9partementale\ndes Finances publiques du Var\nSERVICE DES IMP\u00d4TS DES PARTICULIERS\nDE DRAGUIGNAN\n95 traverse Jacques Brel \n CS 20415\n83008 DRAGUIGNAN Cedex\nDirection d\u00e9partementale des finances publiques du Var - 83-2026-02-01-00003 - Arr\u00eat\u00e9 de d\u00e9l\u00e9gation de signatures pour le Service\ndes imp\u00f4ts des particuliers de Draguignan 17\nb)  l'ensemble  des  actes  relatifs  au  recouvrement,  e t  notamment  les  actes  de  poursuites  et  les\nd\u00e9clarations de cr\u00e9ances ainsi que pour ester en justice ;\nc) tous actes d'administration et de gestion du service.\nArticle 2\nD\u00e9l\u00e9gation de signature est donn\u00e9e \u00e0 l'effet de signer :\n1\u00b0) les d\u00e9cisions gracieuses, relatives aux p\u00e9nalit \u00e9s et aux frais de poursuites, portant remise, mod\u00e9 ration ou\nrejet, dans la limite pr\u00e9cis\u00e9e dans le tableau ci-dessous ;\n2\u00b0) les d\u00e9cisions relatives  aux demandes de d\u00e9lai d e paiement,  dans  les limites de dur\u00e9e et de montant\nindiqu\u00e9es dans le tableau ci-apr\u00e8s ;\n3\u00b0) les mises en demeure de payer ;\n4\u00b0) et de rendre ex\u00e9cutoire les avis de mise en recouvrement ;\n5\u00b0) l'ensemble des actes relatifs au recouvrement, et notamment les actes de poursuites et les d\u00e9clara tions de\ncr\u00e9ances ;\naux agents d\u00e9sign\u00e9s ci-apr\u00e8s :\nNom et pr\u00e9nom des\nagents\ngrade Limite\ndes d\u00e9cisions\ngracieuses\nDur\u00e9e maximale\ndes d\u00e9lais de\npaiement\nSomme maximale\npour laquelle un\nd\u00e9lai de paiement\npeut \u00eatre accord\u00e9\n BORSI Nathalie  Contr\u00f4leuse 5 000 \u20ac 12 mois 10 000 \u20ac\n GRAS Sylvie  Contr\u00f4leuse 5 000 \u20ac 12 mois 10 000 \u20ac\n GONZALEZ Thierry  Contr\u00f4leur 5 000 \u20ac 12 mois 10 000 \u20ac\n LE GALLIARD Fr\u00e9d\u00e9rique  Contr\u00f4leuse 5 000 \u20ac 12 mois 10  000 \u20ac\n SAINT-MARTIN Philippe  Contr\u00f4leur principal 5 000 \u20ac 1 2 mois 10 000 \u20ac\n BAS G\u00e9raldine  Agente 1 000 \u20ac 6 mois 5 000 \u20ac\n BOUTEKKA Sarah  Agente 1 000 \u20ac 6 mois 5 000 \u20ac\n DROUSIE Florence  Agente 1 000 \u20ac 6 mois 5 000 \u20ac\n ESCOFFIER Christophe  Agente 1 000 \u20ac 6 mois 5 000 \u20ac\n LEOTHIER Val\u00e9rie  Agente 1 000 \u20ac 6 mois 5 000 \u20ac\n PRUVOT Cathy  Agente 1 000 \u20ac 6 mois 5 000 \u20ac\nArticle 3\n(agents charg\u00e9s de l'accueil exer\u00e7ant des missions d'assiette et de recouvrement ) \nD\u00e9l\u00e9gation de signature est donn\u00e9e \u00e0 l'effet de signer :\n1\u00b0) en mati\u00e8re de contentieux fiscal d'assiette, le s d\u00e9cisions d'admission totale, d'admission partiel le ou de rejet,\nde d\u00e9gr\u00e8vement ou restitution d'office, dans la limite pr\u00e9cis\u00e9e dans le tableau ci-dessous ;\n2\u00b0) en mati\u00e8re de gracieux fiscal, les d\u00e9cisions po rtant remise, mod\u00e9ration ou rejet, dans la limite p r\u00e9cis\u00e9e dans\nle tableau ci-dessous ;\n3\u00b0) les d\u00e9cisions relatives  aux demandes de d\u00e9lai d e paiement,  dans  les limites de dur\u00e9e et de montant\nindiqu\u00e9es dans le tableau ci-apr\u00e8s ; \naux agents d\u00e9sign\u00e9s ci-apr\u00e8s :\nDirection d\u00e9partementale des finances publiques du Var - 83-2026-02-01-00003 - Arr\u00eat\u00e9 de d\u00e9l\u00e9gation de signatures pour le Service\ndes imp\u00f4ts des particuliers de Draguignan 18\nNom et pr\u00e9nom des\nagents\ngrade Limite des\nd\u00e9cisions\ncontentieuses\nLimite\ndes d\u00e9cisions\ngracieuses\nDur\u00e9e\nmaximale\ndes d\u00e9lais de\npaiement\nSomme\nmaximale pour\nlaquelle un d\u00e9lai\nde paiement\npeut \u00eatre\naccord\u00e9\n AUSTRUY Karine  Contr\u00f4leuse 20 000 \u20ac 5 000 \u20ac 6 mois 10 000  \u20ac\n BENYOUCEF Djillali  Contr\u00f4leur 20 000 \u20ac 5 000 \u20ac 6 mois 10 000  \u20ac\n GODART Laurent  Contr\u00f4leur 20 000 \u20ac 5 000 \u20ac 6 mois 10 0 00  \u20ac\n JACOMET Val\u00e9riane  Contr\u00f4leuse 20 000 \u20ac 5 000 \u20ac 6 mois 10 000  \u20ac\n POISNEL Xavier  Contr\u00f4leur 20 000 \u20ac 5 000 \u20ac 6 mois 10 0 00  \u20ac\n SAVARIAU Francy  Contr\u00f4leur 20 000 \u20ac 5 000 \u20ac 6 mois 10 000  \u20ac\n SIMO Barbara  Contr\u00f4leuse 20 000 \u20ac 5 000 \u20ac 6 mois 10 00 0  \u20ac\n ABALAIN Brice  Agent 4 000 \u20ac 1 000 \u20ac 3 mois 2 000 \u20ac\n BAUDINO Jessica  Agente 4 000 \u20ac 1 000 \u20ac 3 mois 2 000 \u20ac\n BOUKHEMIS Oc\u00e9ane  Agente 4 000 \u20ac 1 000 \u20ac 3 mois 2 000 \u20ac\n BOULOUDANI Charlotte  Agente 4 000 \u20ac 1 000 \u20ac 3 mois 2 0 00 \u20ac\n COMPARETTI Paul  Agent 4 000 \u20ac 1 000 \u20ac 3 mois 2 000 \u20ac\n FLIPO Jean-Fran\u00e7ois  Agent 4 000 \u20ac 1 000 \u20ac 3 mois 2 000  \u20ac\n LAGARDE Marianne  Agente 4 000 \u20ac 1 000 \u20ac 3 mois 2 000 \u20ac\n MERCIER-NAVEL Nathalie  Agente 4 000 \u20ac 1 000 \u20ac 3 mois 2  000 \u20ac\n TARAMASCO St\u00e9phanie  Agente 4 000 \u20ac 1 000 \u20ac 3 mois 2 00 0 \u20ac\nArticle 4\nLe pr\u00e9sent arr\u00eat\u00e9 prend effet au 01 f\u00e9vrier 2026. Il sera publi\u00e9 au recueil des actes administratifs du d\u00e9partement\ndu Var.\nA Draguignan, le 01 f\u00e9vrier 2026. \nLe comptable, responsable du service des imp\u00f4ts des\nparticuliers de Draguignan,\nSign\u00e9\nROUFFILANGE Jean-Louis\nDirection d\u00e9partementale des finances publiques du Var - 83-2026-02-01-00003 - Arr\u00eat\u00e9 de d\u00e9l\u00e9gation de signatures pour le Service\ndes imp\u00f4ts des particuliers de Draguignan 19\nDirection d\u00e9partementale des territoires et de la\nmer du Var\n83-2026-02-11-00006\nARR\u00caT\u00c9 PR\u00c9FECTORAL n\u00b0\nDDTM/SAF/BFDFCI/2026-01 du 11 f\u00e9vrier 2026\nportant \u00e9tablissement d'une servitude de\npassage et d'am\u00e9nagement sur la piste I526 \u00ab\nColle Blanche \u00bb Commune de Callas\nDirection d\u00e9partementale des territoires et de la mer du Var - 83-2026-02-11-00006 - ARR\u00caT\u00c9 PR\u00c9FECTORAL n\u00b0\nDDTM/SAF/BFDFCI/2026-01 du 11 f\u00e9vrier 2026 portant \u00e9tablissement d'une servitude de passage et d'am\u00e9nagement sur la piste I526 \u00ab\nColle Blanche \u00bb Commune de Callas\n20\nEsPREFETDU VARLibert\u00e9Egalit\u00e9Fraternit\u00e9\nP\nARR\u00caT\u00c9 PR\u00c9FECTORAL n\u00b0 DDTM/SAF/BFDFCI/2026-01 du 11 f\u00e9vrier 2026\nportant \u00e9tablissement d'une servitude de passage et d'am\u00e9nagement\nsur la piste I526 \u00ab Colle Blanche \u00bb \nCommune de Callas\nLe pr\u00e9fet du Var,\nVu le code forestier notamment les articles L.  134-1, L. 134-2, L. 134-3 et l'ordonnance n\u00b02012-\n92 du 26 janvier 2012 ;\nVu le  d\u00e9cret  n\u00b02004-374  du  29  avril  2004  modifi\u00e9  relatif  aux  pouvoirs  des  pr\u00e9fets,  \u00e0  \nl'organisation et \u00e0 l'action des services de l'\u00c9tat dans les r\u00e9gions et les d\u00e9partements ; \nVu  le d\u00e9cret n\u00b0 2012-836 du 29 juin 2012 relatif \u00e0 la partie r\u00e9glementaire du code forestier,  \nnotamment les articles R. 134-1, R. 134-2, R. 134-3 ;\nVu le d\u00e9cret du Pr\u00e9sident de la R\u00e9publique du 15 avril 2022 portant nomination de Monsieur  \nLucien GIUDICELLI, secr\u00e9taire g\u00e9n\u00e9ral de la pr\u00e9fecture du Var ;\nVu le d\u00e9cret du Pr\u00e9sident de la R\u00e9publique du 15 mai 2025 portant nomination de Monsieur  \nSimon BABRE, pr\u00e9fet du Var ; \nVu l'arr\u00eat\u00e9 pr\u00e9fectoral du 29 d\u00e9cembre 2008 approuvant le plan d\u00e9partemental de protection \ndes for\u00eats contre l'incendie (PDPFCI) ; \nVu  l'arr\u00eat\u00e9  pr\u00e9fectoral  du  19  juin  2018  r\u00e9glementant  dans  le  d\u00e9partement  du  Var  la  \np\u00e9n\u00e9tration dans les massifs forestiers, la circulation et le stationnement sur certaines voies  \nles desservant et l'usage de certains appareils et mat\u00e9riels \u00e0 l'int\u00e9rieur de ces massifs ;\nVu  l'arr\u00eat\u00e9  pr\u00e9fectoral  N\u00b02025/12/MCI  du  2  juin  2025  portant  d\u00e9l\u00e9gation  de  signature  \u00e0  \nMonsieur  Lucien  GIUDICELLI,  secr\u00e9taire  g\u00e9n\u00e9ral  de  la  pr\u00e9fecture  du  Var,  sous-pr\u00e9fet  de  \nl'arrondissement de Toulon ;\nVu  le  plan  intercommunal  de  d\u00e9broussaillement  et  d'am\u00e9nagement  forestier(PIDAF)  de  \nDrac\u00e9nie Provence Verdon agglom\u00e9ration approuv\u00e9 par la d\u00e9lib\u00e9ration n\u00b0C_2018_023 en date \ndu 15 f\u00e9vrier 2018 ;\nVu la d\u00e9lib\u00e9ration n\u00b0C_2025_032 de Drac\u00e9nie Provence Verdon agglom\u00e9ration en date du 20  \nf\u00e9vrier 2025 ;\nVu la d\u00e9lib\u00e9ration n\u00b029-2024 de la commune de Callas en date du 10 juillet 2024 ; \nVu le certificat d'affichage de la commune de Callas en date du 26 janvier 2026 ;\nVu l'avis favorable \u00e9mis par la sous-commission d\u00e9partementale pour la s\u00e9curit\u00e9 contre les  \nrisques d'incendies de for\u00eat, lande, maquis et garrigue en date du 28 octobre 2025 ;\nVu les pi\u00e8ces du dossier port\u00e9es \u00e0 la connaissance des propri\u00e9taires notamment le rapport de  \npr\u00e9sentation et le plan parcellaire ;\n1/3\nDirection d\u00e9partementale\ndes territoires et de la mer du Var\nDirection d\u00e9partementale des territoires et de la mer du Var - 83-2026-02-11-00006 - ARR\u00caT\u00c9 PR\u00c9FECTORAL n\u00b0\nDDTM/SAF/BFDFCI/2026-01 du 11 f\u00e9vrier 2026 portant \u00e9tablissement d'une servitude de passage et d'am\u00e9nagement sur la piste I526 \u00ab\nColle Blanche \u00bb Commune de Callas\n21\nP\nConsid\u00e9rant que cette voie, par sa localisation et sa situation topographique, constitue un  \nouvrage tr\u00e8s favorable pour l'appui \u00e0 la lutte contre les incendies de for\u00eats ;\nConsid\u00e9rant la n\u00e9cessit\u00e9 d'assurer la p\u00e9rennit\u00e9 de cette voie et sa mise aux normes par des  \ntravaux adapt\u00e9s (largeur de la bande de roulement, aires de croisement et de retournement) ;\nConsid\u00e9rant que cet ouvrage de d\u00e9fense des for\u00eats contre l'incendie (DFCI), par sa situation  \ntopographique,  est  destin\u00e9  \u00e0  prot\u00e9ger  le  territoire  de  Drac\u00e9nie  Provence  Verdon  \nagglom\u00e9ration et qu'il est donc r\u00e9alis\u00e9 \u00e0 son profit exclusif ;\nSur proposition du directeur d\u00e9partemental des territoires et de la mer du Var,\nARR\u00caTE :\nArticle 1  er     :  Une servitude de passage et d'am\u00e9nagement est cr\u00e9\u00e9e pour assurer la mise aux  \nnormes et la p\u00e9rennit\u00e9 de la piste I526 \u00ab  Colle Blanche\u00bb sur le territoire de la commune de  \nCallas.\nLa piste I526 dans son ensemble d\u00e9bute au sud \u00e0 la route d\u00e9partementale RD562. \nLe segment entre la RD562 et l'entr\u00e9e de la carri\u00e8re \u00ab  la Joyeuse \u00bb repr\u00e9sente la voie d'acc\u00e8s \u00e0 \nla carri\u00e8re et \u00e0 la piste. Jusqu'\u00e0 la partie en cr\u00eate, d'une longueur de 3  570 ml, la piste poss\u00e8de \nune vocation de liaison. \nVers  le  nord  puis  l'ouest,  de  la  cr\u00eate  jusqu'au  carrefour  de  Saint  Aurin,  via  les  citernes  \nPNCAS18  et  PNCAS2,  d'une  longueur  de  910  ml,  la  piste  poss\u00e8de  une  vocation  de  \njalonnement.\nSeul le segment qui d\u00e9bute \u00e0 l'entr\u00e9e de la carri\u00e8re qui correspond au d\u00e9part de la piste et qui \nlonge la carri\u00e8re, d'une longueur de 810 ml , est concern\u00e9 par la servitude.\nCette servitude est \u00e9tablie au profit de  Drac\u00e9nie Provence Verdon agglom\u00e9ration , d\u00e9sign\u00e9e \nensuite sous le terme de \u00ab b\u00e9n\u00e9ficiaire \u00bb.\nArticle 2     :   L'emprise de la servitude porte sur une largeur de bande de roulement minimale de \n4 m et n'exc\u00e9dant pas 6  m. Cette emprise de la servitude porte \u00e9galement sur les aires de  \ncroisement et de retournement connexes (\u00e9quipements ayant une surface au sol inf\u00e9rieure \u00e0  \n500 m\u00b2).\nL'\u00e9tablissement de la servitude n'est pas soumis \u00e0 enqu\u00eate publique.\nArticle 3 : Les parcelles priv\u00e9es concern\u00e9es par cette servitude sont les suivantes : \nCommunes Section Parcelle Contenance (are) Surface emprise \nservitude (m\u00b2)\nCallas F 1738 0ha58a04ca 30\nCallas F 1739 0ha02a61ca 27\nCallas F 1928 87ha27a21ca 5285\n2/3\nDirection d\u00e9partementale des territoires et de la mer du Var - 83-2026-02-11-00006 - ARR\u00caT\u00c9 PR\u00c9FECTORAL n\u00b0\nDDTM/SAF/BFDFCI/2026-01 du 11 f\u00e9vrier 2026 portant \u00e9tablissement d'une servitude de passage et d'am\u00e9nagement sur la piste I526 \u00ab\nColle Blanche \u00bb Commune de Callas\n22\nP\nArticle  4     :   Conform\u00e9ment  \u00e0  l'article  L.  134-2  du  code  forestier,  le  b\u00e9n\u00e9ficiaire  de  cette  \nservitude peut proc\u00e9der, \u00e0 ses frais, \u00e0 un d\u00e9broussaillement des abords de la voie sur deux  \nbandes lat\u00e9rales, sans que le total des largeurs de ces bandes n'exc\u00e8de 100 m\u00e8tres. \nL'entretien de la voie, ainsi que le maintien en \u00e9tat d\u00e9broussaill\u00e9 des abords de la voie, est \u00e0 la \ncharge du b\u00e9n\u00e9ficiaire de la servitude. \nArticle 5     :   La servitude comporte un droit d'am\u00e9nagement afin d'assurer la continuit\u00e9 des  \nvoies de d\u00e9fense des for\u00eats contre l'incendie. Elle comporte aussi un droit de passage \u00e0 usage  \nDFCI, sur la piste qui sera am\u00e9nag\u00e9e \u00e0 cet effet.\nL'acc\u00e8s \u00e0 la piste pour en assurer son entretien et son maintien en condition op\u00e9rationnelle,  \nn'est autoris\u00e9 que pour les services de l'\u00c9tat ou l'entreprise mandat\u00e9e par le b\u00e9n\u00e9ficiaire de la  \nservitude.\nLes propri\u00e9taires de terrains touch\u00e9s par cette servitude et leurs ayants droit pourront utiliser  \nla piste pour l'exploitation des fonds asservis.\nArticle 6     :   La pose de la signalisation aux deux extr\u00e9mit\u00e9s de la piste sera \u00e0 la charge du  \nb\u00e9n\u00e9ficiaire. Cette signalisation comportera des panneaux indiquant le num\u00e9ro de la piste,  \nson nom et un panneau d'interdiction de circuler cod\u00e9 B0. Elle sera plac\u00e9e \u00e0 chaque entr\u00e9e de \nla piste, c\u00f4t\u00e9 droit, et quelques m\u00e8tres en retrait.\nArticle 7     :   Le plan de situation de la piste est joint au pr\u00e9sent arr\u00eat\u00e9.\nArticle 8     :   Le pr\u00e9sent arr\u00eat\u00e9 est affich\u00e9 en mairie d e la commune de Callas pendant 2 mois et \npubli\u00e9 au recueil des actes administratifs.\nDe plus, il sera, par les soins du b\u00e9n\u00e9ficiaire, notifi\u00e9 \u00e0 chacun des propri\u00e9taires concern\u00e9s par  \ncourrier recommand\u00e9 avec accus\u00e9 de r\u00e9ception.\nArticle 9     :   L'existence de cette servitude est ajout\u00e9e \u00e0 la liste  des servitudes d'utilit\u00e9 publique  \nqui figure en annexe du document d'urbanisme en vigueur de la commune de Callas. \nArticle  10     :   Les  propri\u00e9taires  de  chacun  des  fonds  concern\u00e9s  seront  avis\u00e9s  par  Drac\u00e9nie \nProvence Verdon agglom\u00e9ration , dix jours au moins avant le commencement des travaux  \nd'am\u00e9nagement, par courrier recommand\u00e9 avec accus\u00e9 de r\u00e9ception. Ce courrier indiquera la \ndate du d\u00e9but des travaux ainsi que leur dur\u00e9e pr\u00e9visionnelle.\nArticle 11     :   Si la comp\u00e9tence DFCI n'est plus assur\u00e9e par le b\u00e9n\u00e9ficiaire de la servitude, la  \nstructure territoriale qui sera charg\u00e9e de la mise en \u0153uvre de la comp\u00e9tence DFCI, deviendra  \nalors le nouveau b\u00e9n\u00e9ficiaire. \u00c0 d\u00e9faut, la servitude reviendra \u00e0 la commune de Callas.\nArticle 12     :   Le secr\u00e9taire g\u00e9n\u00e9ral de la pr\u00e9fecture du Var, le directeur d\u00e9partemental des  \nterritoires et de la mer du Var, le pr\u00e9sident de Drac\u00e9nie Provence Verdon agglom\u00e9ration,  le \nmaire de la commune de Callas sont charg\u00e9s, chacun en ce qui le concerne, de l'application  \ndu pr\u00e9sent arr\u00eat\u00e9.\nFait \u00e0 Toulon, le 11 f\u00e9vrier 2026\nPour le pr\u00e9fet et par d\u00e9l\u00e9gation\nle secr\u00e9taire g\u00e9n\u00e9ral\nSign\u00e9\nLucien GIUDICELLI\n3/3\nDirection d\u00e9partementale des territoires et de la mer du Var - 83-2026-02-11-00006 - ARR\u00caT\u00c9 PR\u00c9FECTORAL n\u00b0\nDDTM/SAF/BFDFCI/2026-01 du 11 f\u00e9vrier 2026 portant \u00e9tablissement d'une servitude de passage et d'am\u00e9nagement sur la piste I526 \u00ab\nColle Blanche \u00bb Commune de Callas\n23\nDirection d\u00e9partementale des territoires et de la\nmer du Var\n83-2026-02-11-00008\nARR\u00caT\u00c9 PR\u00c9FECTORAL n\u00b0\nDDTM/SAF/BFDFCI/2026-02 du 11 f\u00e9vrier 2026\nportant \u00e9tablissement d'une servitude de\npassage et d'am\u00e9nagement sur la piste M58 \u00ab La\nPouponne \u00bb Commune de Taradeau\nDirection d\u00e9partementale des territoires et de la mer du Var - 83-2026-02-11-00008 - ARR\u00caT\u00c9 PR\u00c9FECTORAL n\u00b0\nDDTM/SAF/BFDFCI/2026-02 du 11 f\u00e9vrier 2026 portant \u00e9tablissement d'une servitude de passage et d'am\u00e9nagement sur la piste M58 \u00ab\nLa Pouponne \u00bb Commune de Taradeau\n24\nEsPREFETDU VARLibert\u00e9Egalit\u00e9Fraternit\u00e9\nP\nARR\u00caT\u00c9 PR\u00c9FECTORAL n\u00b0 DDTM/SAF/BFDFCI/2026-02 du 11 f\u00e9vrier 2026\nportant \u00e9tablissement d'une servitude de passage et d'am\u00e9nagement\nsur la piste M58 \u00ab La Pouponne \u00bb\nCommune de Taradeau\nLe pr\u00e9fet du Var,\nVu le code forestier notamment les articles L.  134-1, L. 134-2, L. 134-3 et l'ordonnance n\u00b02012-\n92 du 26 janvier 2012 ;\nVu le  d\u00e9cret  n\u00b02004-374  du  29  avril  2004  modifi\u00e9  relatif  aux  pouvoirs  des  pr\u00e9fets,  \u00e0  \nl'organisation et \u00e0 l'action des services de l'\u00c9tat dans les r\u00e9gions et les d\u00e9partements ; \nVu  le d\u00e9cret n\u00b0 2012-836 du 29 juin 2012 relatif \u00e0 la partie r\u00e9glementaire du code forestier,  \nnotamment les articles R. 134-1, R. 134-2, R. 134-3 ;\nVu le d\u00e9cret du Pr\u00e9sident de la R\u00e9publique du 15 avril 2022 portant nomination de Monsieur  \nLucien GIUDICELLI, secr\u00e9taire g\u00e9n\u00e9ral de la pr\u00e9fecture du Var ;\nVu le d\u00e9cret du Pr\u00e9sident de la R\u00e9publique du 15 mai 2025 portant nomination de Monsieur  \nSimon BABRE, pr\u00e9fet du Var ; \nVu l'arr\u00eat\u00e9 pr\u00e9fectoral du 29 d\u00e9cembre 2008 approuvant le plan d\u00e9partemental de protection \ndes for\u00eats contre l'incendie (PDPFCI) ; \nVu  l'arr\u00eat\u00e9  pr\u00e9fectoral  du  19  juin  2018  r\u00e9glementant  dans  le  d\u00e9partement  du  Var  la  \np\u00e9n\u00e9tration dans les massifs forestiers, la circulation et le stationnement sur certaines voies  \nles desservant et l'usage de certains appareils et mat\u00e9riels \u00e0 l'int\u00e9rieur de ces massifs ;\nVu  l'arr\u00eat\u00e9  pr\u00e9fectoral  N\u00b02025/12/MCI  du  2  juin  2025  portant  d\u00e9l\u00e9gation  de  signature  \u00e0  \nMonsieur  Lucien  GIUDICELLI,  secr\u00e9taire  g\u00e9n\u00e9ral  de  la  pr\u00e9fecture  du  Var,  sous-pr\u00e9fet  de  \nl'arrondissement de Toulon ;\nVu  le  plan  intercommunal  de  d\u00e9broussaillement  et  d'am\u00e9nagement  forestier(PIDAF)  de  \nDrac\u00e9nie Provence Verdon agglom\u00e9ration approuv\u00e9 par la d\u00e9lib\u00e9ration n\u00b0C_2018_023 en date \ndu 15 f\u00e9vrier 2018 ;\nVu la d\u00e9lib\u00e9ration n\u00b0C_2025_032 de Drac\u00e9nie Provence Verdon agglom\u00e9ration en date du 20  \nf\u00e9vrier 2025 ;\nVu la d\u00e9lib\u00e9ration n\u00b0D_2024_5_4 de la commune de Taradeau en date du 25 juillet 2024 ; \nVu le certificat d'affichage de la commune de Taradeau en date du 26 janvier 2026 ;\nVu l'avis favorable \u00e9mis par la sous-commission d\u00e9partementale pour la s\u00e9curit\u00e9 contre les  \nrisques d'incendies de for\u00eat, lande, maquis et garrigue en date du 28 octobre 2025 ;\nVu les pi\u00e8ces du dossier port\u00e9es \u00e0 la connaissance des propri\u00e9taires notamment le rapport de  \npr\u00e9sentation et le plan parcellaire ;\n1/4\nDirection d\u00e9partementale\ndes territoires et de la mer du Var\nDirection d\u00e9partementale des territoires et de la mer du Var - 83-2026-02-11-00008 - ARR\u00caT\u00c9 PR\u00c9FECTORAL n\u00b0\nDDTM/SAF/BFDFCI/2026-02 du 11 f\u00e9vrier 2026 portant \u00e9tablissement d'une servitude de passage et d'am\u00e9nagement sur la piste M58 \u00ab\nLa Pouponne \u00bb Commune de Taradeau\n25\nP\nConsid\u00e9rant que cette voie, par sa localisation et sa situation topographique, constitue un  \nouvrage tr\u00e8s favorable pour l'appui \u00e0 la lutte contre les incendies de for\u00eats ;\nConsid\u00e9rant la n\u00e9cessit\u00e9 d'assurer la p\u00e9rennit\u00e9 de cette voie et sa mise aux normes par des  \ntravaux adapt\u00e9s (largeur de la bande de roulement, aires de croisement et de retournement) ;\nConsid\u00e9rant que cet ouvrage de d\u00e9fense des for\u00eats contre l'incendie (DFCI), par sa situation  \ntopographique,  est  destin\u00e9  \u00e0  prot\u00e9ger  le  territoire  de  Drac\u00e9nie  Provence  Verdon  \nagglom\u00e9ration et qu'il est donc r\u00e9alis\u00e9 \u00e0 son profit exclusif ;\nSur proposition du directeur d\u00e9partemental des territoires et de la mer du Var,\nARR\u00caTE :\nArticle 1  er     :  Une servitude de passage et d'am\u00e9nagement est cr\u00e9\u00e9e pour assurer la mise aux  \nnormes et la p\u00e9rennit\u00e9 de la piste M58 \u00ab  La Pouponne \u00bb sur le territoire de la commune de  \nTaradeau.\nLa piste M58, d'une longueur de 900  ml, poss\u00e8de une vocation de zone d'appui \u00e9l\u00e9mentaire  \n(ZAE) \u00e0 la lutte.\nElle d\u00e9bute au nord au-niveau du lotissement \u00ab  Les Bertrands \u00bb. Elle se termine au sud-est, via  \nla citerne PNTDU6, au-niveau du lotissement de \u00ab La Pouponne \u00bb.\nCette servitude est \u00e9tablie au profit de  Drac\u00e9nie Provence Verdon agglom\u00e9ration , d\u00e9sign\u00e9e \nensuite sous le terme de \u00ab b\u00e9n\u00e9ficiaire \u00bb.\nArticle 2     :   L'emprise de la servitude porte sur une largeur de bande de roulement minimale de \n4 m et n'exc\u00e9dant pas 6  m. Cette emprise de la servitude porte \u00e9galement sur les aires de  \ncroisement et de retournement connexes (\u00e9quipements ayant une surface au sol inf\u00e9rieure \u00e0  \n500 m\u00b2).\nL'\u00e9tablissement de la servitude n'est pas soumis \u00e0 enqu\u00eate publique.\nArticle 3 : Les parcelles priv\u00e9es concern\u00e9es par cette servitude sont les suivantes : \nCommunes Section Parcelle Contenance (are) Surface emprise \nservitude (m\u00b2)\nTaradeau D 0166 1ha14a82ca 606\nTaradeau D 0167 0ha55a30ca 124\nTaradeau D 0207 0ha64a20ca 488\nTaradeau D 0209 0ha81a30ca 208\nTaradeau D 0210 0ha90a84ca 245\nTaradeau D 0212 0ha84a00ca 275\nTaradeau D 0213 0ha51a24ca 187\n2/4\nDirection d\u00e9partementale des territoires et de la mer du Var - 83-2026-02-11-00008 - ARR\u00caT\u00c9 PR\u00c9FECTORAL n\u00b0\nDDTM/SAF/BFDFCI/2026-02 du 11 f\u00e9vrier 2026 portant \u00e9tablissement d'une servitude de passage et d'am\u00e9nagement sur la piste M58 \u00ab\nLa Pouponne \u00bb Commune de Taradeau\n26\nP\nTaradeau D 0214 0ha75a66ca 267\nTaradeau D 0219 3ha13a50ca 4\nTaradeau D 0221 0ha33a65ca 353\nTaradeau D 0228 0ha74a70ca 58\nTaradeau D 0519 0ha76a18ca 180\nTaradeau D 0525 0ha36a15ca 117\nTaradeau D 0526 0ha39a83ca 270\nTaradeau D 0583 0ha32a20ca 163\nTaradeau D 1023 0ha15a38ca 56\nTaradeau D 1117 0ha60a00ca 307\nTaradeau D 1175 0ha72a99ca 29\nTaradeau D 1177 0ha03a17ca 160\nTaradeau D 1179 0ha56a24ca 188\nTaradeau D 1686 0ha54a51ca 468\nTaradeau D 1687 0ha54a51ca 769\nArticle  4     :   Conform\u00e9ment  \u00e0  l'article  L.  134-2  du  code  forestier,  le  b\u00e9n\u00e9ficiaire  de  cette  \nservitude peut proc\u00e9der, \u00e0 ses frais, \u00e0 un d\u00e9broussaillement des abords de la voie sur deux  \nbandes lat\u00e9rales, sans que le total des largeurs de ces bandes n'exc\u00e8de 100 m\u00e8tres. \nL'entretien de la voie, ainsi que le maintien en \u00e9tat d\u00e9broussaill\u00e9 des abords de la voie, est \u00e0 la \ncharge du b\u00e9n\u00e9ficiaire de la servitude. \nArticle 5     :   La servitude comporte un droit d'am\u00e9nagement afin d'assurer la continuit\u00e9 des  \nvoies de d\u00e9fense des for\u00eats contre l'incendie. Elle comporte aussi un droit de passage \u00e0 usage  \nDFCI, sur la piste qui sera am\u00e9nag\u00e9e \u00e0 cet effet.\nL'acc\u00e8s \u00e0 la piste pour en assurer son entretien et son maintien en condition op\u00e9rationnelle,  \nn'est autoris\u00e9 que pour les services de l'\u00c9tat ou l'entreprise mandat\u00e9e par le b\u00e9n\u00e9ficiaire de la  \nservitude.\nLes propri\u00e9taires de terrains touch\u00e9s par cette servitude et leurs ayants droit pourront utiliser  \nla piste pour l'exploitation des fonds asservis.\nArticle 6     :   La pose de la signalisation aux deux extr\u00e9mit\u00e9s de la piste sera \u00e0 la charge du  \nb\u00e9n\u00e9ficiaire. Cette signalisation comportera des panneaux indiquant le num\u00e9ro de la piste,  \nson nom et un panneau d'interdiction de circuler cod\u00e9 B0. Elle sera plac\u00e9e \u00e0 chaque entr\u00e9e de \nla piste, c\u00f4t\u00e9 droit, et quelques m\u00e8tres en retrait.\n3/4\nDirection d\u00e9partementale des territoires et de la mer du Var - 83-2026-02-11-00008 - ARR\u00caT\u00c9 PR\u00c9FECTORAL n\u00b0\nDDTM/SAF/BFDFCI/2026-02 du 11 f\u00e9vrier 2026 portant \u00e9tablissement d'une servitude de passage et d'am\u00e9nagement sur la piste M58 \u00ab\nLa Pouponne \u00bb Commune de Taradeau\n27\nP\nArticle 7     :   Le plan de situation de la piste est joint au pr\u00e9sent arr\u00eat\u00e9.\nArticle 8     :   Le pr\u00e9sent arr\u00eat\u00e9 est affich\u00e9 en mairie de la commune de Taradeau pendant 2 mois \net publi\u00e9 au recueil des actes administratifs.\nDe plus, il sera, par les soins du b\u00e9n\u00e9ficiaire, notifi\u00e9 \u00e0 chacun des propri\u00e9taires concern\u00e9s par  \ncourrier recommand\u00e9 avec accus\u00e9 de r\u00e9ception.\nArticle 9     :   L'existence de cette servitude est ajout\u00e9e \u00e0 la liste  des servitudes d'utilit\u00e9 publique  \nqui figure en annexe du document d'urbanisme en vigueur de la commune de Taradeau. \nArticle  10     :   Les  propri\u00e9taires  de  chacun  des  fonds  concern\u00e9s  seront  avis\u00e9s  par  Drac\u00e9nie \nProvence Verdon agglom\u00e9ration , dix jours au moins avant le commencement des travaux  \nd'am\u00e9nagement, par courrier recommand\u00e9 avec accus\u00e9 de r\u00e9ception. Ce courrier indiquera la \ndate du d\u00e9but des travaux ainsi que leur dur\u00e9e pr\u00e9visionnelle.\nArticle 11     :   Si la comp\u00e9tence DFCI n'est plus assur\u00e9e par le b\u00e9n\u00e9ficiaire de la servitude, la  \nstructure territoriale qui sera charg\u00e9e de la mise en \u0153uvre de la comp\u00e9tence DFCI, deviendra  \nalors le nouveau b\u00e9n\u00e9ficiaire. \u00c0 d\u00e9faut, la servitude reviendra \u00e0 la commune de Taradeau.\nArticle 12     :   Le secr\u00e9taire g\u00e9n\u00e9ral de la pr\u00e9fecture du Var, le directeur d\u00e9partemental des  \nterritoires et de la mer du Var, le pr\u00e9sident de Drac\u00e9nie Provence Verdon agglom\u00e9ration,  le \nmaire  de  la  commune  de Taradeau  sont  charg\u00e9s,  chacun  en  ce  qui  le  concerne,  de  \nl'application du pr\u00e9sent arr\u00eat\u00e9.\nFait \u00e0 Toulon, le 11 f\u00e9vrier 2026\nPour le pr\u00e9fet et par d\u00e9l\u00e9gation\nle secr\u00e9taire g\u00e9n\u00e9ral\nSign\u00e9\nLucien GIUDICELLI\n4/4\nDirection d\u00e9partementale des territoires et de la mer du Var - 83-2026-02-11-00008 - ARR\u00caT\u00c9 PR\u00c9FECTORAL n\u00b0\nDDTM/SAF/BFDFCI/2026-02 du 11 f\u00e9vrier 2026 portant \u00e9tablissement d'une servitude de passage et d'am\u00e9nagement sur la piste M58 \u00ab\nLa Pouponne \u00bb Commune de Taradeau\n28\nDirection d\u00e9partementale des territoires et de la\nmer du Var\n83-2026-02-11-00007\nARR\u00caT\u00c9 PR\u00c9FECTORAL n\u00b0\nDDTM/SAF/BFDFCI/2026-03 du 11 f\u00e9vrier 2026\nportant \u00e9tablissement d'une servitude de\npassage et d'am\u00e9nagement sur les pistes G701 et\nG702 \u00ab Ch\u00e2teau du Rouet \u00bb Commune du Muy\nDirection d\u00e9partementale des territoires et de la mer du Var - 83-2026-02-11-00007 - ARR\u00caT\u00c9 PR\u00c9FECTORAL n\u00b0\nDDTM/SAF/BFDFCI/2026-03 du 11 f\u00e9vrier 2026 portant \u00e9tablissement d'une servitude de passage et d'am\u00e9nagement sur les pistes\nG701 et G702 \u00ab Ch\u00e2teau du Rouet \u00bb Commune du Muy\n29\nEsPREFETDU VARLibert\u00e9Egalit\u00e9Fraternit\u00e9\nP\nARR\u00caT\u00c9 PR\u00c9FECTORAL n\u00b0 DDTM/SAF/BFDFCI/2026-03 du 11 f\u00e9vrier 2026\nportant \u00e9tablissement d'une servitude de passage et d'am\u00e9nagement\nsur les pistes G701 et G702 \u00ab Ch\u00e2teau du Rouet \u00bb\nCommune du Muy\nLe pr\u00e9fet du Var,\nVu le code forestier notamment les articles L.  134-1, L. 134-2, L. 134-3 et l'ordonnance n\u00b02012-\n92 du 26 janvier 2012 ;\nVu le  d\u00e9cret  n\u00b02004-374  du  29  avril  2004  modifi\u00e9  relatif  aux  pouvoirs  des  pr\u00e9fets,  \u00e0  \nl'organisation et \u00e0 l'action des services de l'\u00c9tat dans les r\u00e9gions et les d\u00e9partements ; \nVu  le d\u00e9cret n\u00b0 2012-836 du 29 juin 2012 relatif \u00e0 la partie r\u00e9glementaire du code forestier,  \nnotamment les articles R. 134-1, R. 134-2, R. 134-3 ;\nVu le d\u00e9cret du Pr\u00e9sident de la R\u00e9publique du 15 avril 2022 portant nomination de Monsieur  \nLucien GIUDICELLI, secr\u00e9taire g\u00e9n\u00e9ral de la pr\u00e9fecture du Var ;\nVu le d\u00e9cret du Pr\u00e9sident de la R\u00e9publique du 15 mai 2025 portant nomination de Monsieur  \nSimon BABRE, pr\u00e9fet du Var ; \nVu l'arr\u00eat\u00e9 pr\u00e9fectoral du 29 d\u00e9cembre 2008 approuvant le plan d\u00e9partemental de protection \ndes for\u00eats contre l'incendie (PDPFCI) ; \nVu  l'arr\u00eat\u00e9  pr\u00e9fectoral  du  19  juin  2018  r\u00e9glementant  dans  le  d\u00e9partement  du  Var  la  \np\u00e9n\u00e9tration dans les massifs forestiers, la circulation et le stationnement sur certaines voies  \nles desservant et l'usage de certains appareils et mat\u00e9riels \u00e0 l'int\u00e9rieur de ces massifs ;\nVu  l'arr\u00eat\u00e9  pr\u00e9fectoral  N\u00b02025/12/MCI  du  2  juin  2025  portant  d\u00e9l\u00e9gation  de  signature  \u00e0  \nMonsieur  Lucien  GIUDICELLI,  secr\u00e9taire  g\u00e9n\u00e9ral  de  la  pr\u00e9fecture  du  Var,  sous-pr\u00e9fet  de  \nl'arrondissement de Toulon ;\nVu  le  plan  intercommunal  de  d\u00e9broussaillement  et  d'am\u00e9nagement  forestier(PIDAF)  de  \nDrac\u00e9nie Provence Verdon agglom\u00e9ration approuv\u00e9 par la d\u00e9lib\u00e9ration n\u00b0C_2018_023 en date \ndu 15 f\u00e9vrier 2018 ;\nVu la d\u00e9lib\u00e9ration n\u00b0C_2025_032 de Drac\u00e9nie Provence Verdon agglom\u00e9ration en date du 20  \nf\u00e9vrier 2025 ;\nVu la d\u00e9lib\u00e9ration n\u00b02024-93 de la commune du Muy en date du 11 d\u00e9cembre 2024 ; \nVu le certificat d'affichage de la commune du Muy en date du 26 janvier 2026 ;\nVu l'avis favorable \u00e9mis par la sous-commission d\u00e9partementale pour la s\u00e9curit\u00e9 contre les  \nrisques d'incendies de for\u00eat, lande, maquis et garrigue en date du 28 octobre 2025 ;\nVu les pi\u00e8ces du dossier port\u00e9es \u00e0 la connaissance des propri\u00e9taires notamment le rapport de  \npr\u00e9sentation et le plan parcellaire ;\n1/4\nDirection d\u00e9partementale\ndes territoires et de la mer du Var\nDirection d\u00e9partementale des territoires et de la mer du Var - 83-2026-02-11-00007 - ARR\u00caT\u00c9 PR\u00c9FECTORAL n\u00b0\nDDTM/SAF/BFDFCI/2026-03 du 11 f\u00e9vrier 2026 portant \u00e9tablissement d'une servitude de passage et d'am\u00e9nagement sur les pistes\nG701 et G702 \u00ab Ch\u00e2teau du Rouet \u00bb Commune du Muy\n30\nP\nConsid\u00e9rant que cette voie, par sa localisation et sa situation topographique, constitue un  \nouvrage tr\u00e8s favorable pour l'appui \u00e0 la lutte contre les incendies de for\u00eats ;\nConsid\u00e9rant la n\u00e9cessit\u00e9 d'assurer la p\u00e9rennit\u00e9 de ces voies et leur mise aux normes par des  \ntravaux adapt\u00e9s (largeur de la bande de roulement, aires de croisement et de retournement) ;\nConsid\u00e9rant que cet ouvrage de d\u00e9fense des for\u00eats contre l'incendie (DFCI), par sa situation  \ntopographique,  est  destin\u00e9  \u00e0  prot\u00e9ger  le  territoire  de  Drac\u00e9nie  Provence  Verdon  \nagglom\u00e9ration et qu'il est donc r\u00e9alis\u00e9 \u00e0 son profit exclusif ;\nSur proposition du directeur d\u00e9partemental des territoires et de la mer du Var,\nARR\u00caTE :\nArticle 1  er     :  Une servitude de passage et d'am\u00e9nagement est cr\u00e9\u00e9e pour assurer la mise aux  \nnormes et la p\u00e9rennit\u00e9 des pistes G701 et G702 \u00ab  Ch\u00e2teau du Rouet  \u00bb sur le territoire de la  \ncommune du Muy.\nLes pistes G701 et G702 poss\u00e8dent une vocation de zone d'appui principale (ZAP) \u00e0 la lutte. \nLa piste G701 d\u00e9bute \u00e0 l'est au-niveau du ch\u00e2teau du Rouet et se termine \u00e0 l'ouest \u00e0 la ferme  \ndes Pradineaux. Seule la partie situ\u00e9e en dehors de la for\u00eat domaniale est concern\u00e9e par le  \nprojet de servitude. Le lin\u00e9aire concern\u00e9 repr\u00e9sente 480 ml. \nLa piste G702 d\u00e9bute \u00e0 l'est au-niveau de la voie d'acc\u00e8s au ch\u00e2teau du Rouet, longe des  \nparcelles de vignes, pour rejoindre au nord-ouest la piste G701. Le lin\u00e9aire repr\u00e9sente 920 ml.\nL'ouvrage repr\u00e9sente un total de 1 400 ml.\nCette servitude est \u00e9tablie au profit de  Drac\u00e9nie Provence Verdon agglom\u00e9ration , d\u00e9sign\u00e9e \nensuite sous le terme de \u00ab b\u00e9n\u00e9ficiaire \u00bb.\nArticle 2     :   L'emprise de la servitude porte sur une largeur de bande de roulement minimale de \n4 m et n'exc\u00e9dant pas 6  m. Cette emprise de la servitude porte \u00e9galement sur les aires de  \ncroisement et de retournement connexes (\u00e9quipements ayant une surface au sol inf\u00e9rieure \u00e0  \n500 m\u00b2).\nL'\u00e9tablissement de la servitude n'est pas soumis \u00e0 enqu\u00eate publique.\nArticle 3 : Les parcelles priv\u00e9es concern\u00e9es par cette servitude sont les suivantes : \nCommunes Section Parcelle Contenance (are) Surface emprise \nservitude (m\u00b2)\nLe Muy C 0010 1ha15a00ca 81\nLe Muy C 0014 0ha10a00ca 23\nLe Muy C 0237 6ha17a53ca 753\nLe Muy C 0255 2ha76a18ca 66\n2/4\nDirection d\u00e9partementale des territoires et de la mer du Var - 83-2026-02-11-00007 - ARR\u00caT\u00c9 PR\u00c9FECTORAL n\u00b0\nDDTM/SAF/BFDFCI/2026-03 du 11 f\u00e9vrier 2026 portant \u00e9tablissement d'une servitude de passage et d'am\u00e9nagement sur les pistes\nG701 et G702 \u00ab Ch\u00e2teau du Rouet \u00bb Commune du Muy\n31\nP\nLe Muy C 0283 0ha04a00ca 11\nLe Muy C 0284 5ha92a76ca 39\nLe Muy C 0285 0ha03a30ca 309\nArticle  4     :   Conform\u00e9ment  \u00e0  l'article  L.  134-2  du  code  forestier,  le  b\u00e9n\u00e9ficiaire  de  cette  \nservitude peut proc\u00e9der, \u00e0 ses frais, \u00e0 un d\u00e9broussaillement des abords de la voie sur deux  \nbandes lat\u00e9rales, sans que le total des largeurs de ces bandes n'exc\u00e8de 100 m\u00e8tres. \nL'entretien de la voie, ainsi que le maintien en \u00e9tat d\u00e9broussaill\u00e9 des abords de la voie, est \u00e0 la \ncharge du b\u00e9n\u00e9ficiaire de la servitude. \nArticle 5     :   La servitude comporte un droit d'am\u00e9nagement afin d'assurer la continuit\u00e9 des  \nvoies de d\u00e9fense des for\u00eats contre l'incendie. Elle comporte aussi un droit de passage \u00e0 usage  \nDFCI, sur la piste qui sera am\u00e9nag\u00e9e \u00e0 cet effet.\nL'acc\u00e8s \u00e0 la piste pour en assurer son entretien et son maintien en condition op\u00e9rationnelle,  \nn'est autoris\u00e9 que pour les services de l'\u00c9tat ou l'entreprise mandat\u00e9e par le b\u00e9n\u00e9ficiaire de la  \nservitude.\nLes propri\u00e9taires de terrains touch\u00e9s par cette servitude et leurs ayants droit pourront utiliser  \nla piste pour l'exploitation des fonds asservis.\nArticle 6     :   La pose de la signalisation aux deux extr\u00e9mit\u00e9s des pistes sera \u00e0 la charge du  \nb\u00e9n\u00e9ficiaire. Cette signalisation comportera des panneaux indiquant le num\u00e9ro de la piste,  \nson nom et un panneau d'interdiction de circuler cod\u00e9 B0. Elle sera plac\u00e9e \u00e0 chaque entr\u00e9e de \nla piste, c\u00f4t\u00e9 droit, et quelques m\u00e8tres en retrait.\nArticle 7     :   Le plan de situation des pistes est joint au pr\u00e9sent arr\u00eat\u00e9.\nArticle 8     :   Le pr\u00e9sent arr\u00eat\u00e9 est  affich\u00e9 en mairie d e la commune du Muy pendant 2 mois et  \npubli\u00e9 au recueil des actes administratifs.\nDe plus, il sera, par les soins du b\u00e9n\u00e9ficiaire, notifi\u00e9 \u00e0 chacun des propri\u00e9taires concern\u00e9s par  \ncourrier recommand\u00e9 avec accus\u00e9 de r\u00e9ception.\nArticle 9     :   L'existence de cette servitude est ajout\u00e9e \u00e0 la liste  des servitudes d'utilit\u00e9 publique  \nqui figure en annexe du document d'urbanisme en vigueur de la commune du Muy. \nArticle  10     :   Les  propri\u00e9taires  de  chacun  des  fonds  concern\u00e9s  seront  avis\u00e9s  par  Drac\u00e9nie \nProvence Verdon agglom\u00e9ration , dix jours au moins avant le commencement des travaux  \nd'am\u00e9nagement, par courrier recommand\u00e9 avec accus\u00e9 de r\u00e9ception. Ce courrier indiquera la \ndate du d\u00e9but des travaux ainsi que leur dur\u00e9e pr\u00e9visionnelle.\nArticle 11     :   Si la comp\u00e9tence DFCI n'est plus assur\u00e9e par le b\u00e9n\u00e9ficiaire de la servitude, la  \nstructure territoriale qui sera charg\u00e9e de la mise en \u0153uvre de la comp\u00e9tence DFCI, deviendra  \nalors le nouveau b\u00e9n\u00e9ficiaire. \u00c0 d\u00e9faut, la servitude reviendra \u00e0 la commune du Muy.\n3/4\nDirection d\u00e9partementale des territoires et de la mer du Var - 83-2026-02-11-00007 - ARR\u00caT\u00c9 PR\u00c9FECTORAL n\u00b0\nDDTM/SAF/BFDFCI/2026-03 du 11 f\u00e9vrier 2026 portant \u00e9tablissement d'une servitude de passage et d'am\u00e9nagement sur les pistes\nG701 et G702 \u00ab Ch\u00e2teau du Rouet \u00bb Commune du Muy\n32\nP\nArticle 12     :   Le secr\u00e9taire g\u00e9n\u00e9ral de la pr\u00e9fecture du Var, le directeur d\u00e9partemental des  \nterritoires et de la mer du Var, le pr\u00e9sident de Drac\u00e9nie Provence Verdon agglom\u00e9ration,  le \nmaire de la commune du Muy sont charg\u00e9s, chacun en ce qui le concerne, de l'application du  \npr\u00e9sent arr\u00eat\u00e9.\nFait \u00e0 Toulon, le 11 f\u00e9vrier 2026\nPour le pr\u00e9fet et par d\u00e9l\u00e9gation\nle secr\u00e9taire g\u00e9n\u00e9ral\nSign\u00e9\nLucien GIUDICELLI\n4/4\nDirection d\u00e9partementale des territoires et de la mer du Var - 83-2026-02-11-00007 - ARR\u00caT\u00c9 PR\u00c9FECTORAL n\u00b0\nDDTM/SAF/BFDFCI/2026-03 du 11 f\u00e9vrier 2026 portant \u00e9tablissement d'une servitude de passage et d'am\u00e9nagement sur les pistes\nG701 et G702 \u00ab Ch\u00e2teau du Rouet \u00bb Commune du Muy\n33\nDirection d\u00e9partementale des territoires et de la\nmer du Var\n83-2026-01-23-00010\nArr\u00eat\u00e9 pr\u00e9fectoral n\u00b0 DDTM / SEBIO / 2026-27 du\n23 janvier 2026 portant opposition \u00e0 d\u00e9claration\nau titre de l'article L. 214-3 du code de\nl'environnement relative \u00e0 l'enl\u00e8vement d'un\nremblai en zone inondable sur la commune de\nCuers.\nDirection d\u00e9partementale des territoires et de la mer du Var - 83-2026-01-23-00010 - Arr\u00eat\u00e9 pr\u00e9fectoral n\u00b0 DDTM / SEBIO / 2026-27 du\n23 janvier 2026 portant opposition \u00e0 d\u00e9claration au titre de l'article L. 214-3 du code de l'environnement relative \u00e0 l'enl\u00e8vement d'un\nremblai en zone inondable sur la commune de Cuers.\n34\n=mPREFETDU VARLibert\u00e9Egalit\u00e9Fraternit\u00e9\nARR\u00c9TE PR\u00c9FECTORAL n\u00b0 DDTM/SEBIO/2026-27 du 23 janvier 2026\nportant opposition \u00e0 d\u00e9claration au titre de l'article L. 214-3\ndu code de l'environnement relative \u00e0\nL'enl\u00e8vement d'un remblai en zone inondable\nCommune de CUERS\nLe pr\u00e9fet du Var,\nVu le code de l'environnement et notamment ses articles L. 211-1, L. 214-1 \u00e0 6, L. 215-7 , L. 215-9, \nL. 216-1 et suivants ;\nVu le code civil et notamment ses articles 640 et suivants ;\nVu les articles R. 214-1 et suivants relatifs aux proc\u00e9dures d'autorisation et de d\u00e9claration  \npr\u00e9vues en application de l'article L. 214-3 du code de l'environnement et notamment l'article \nR.214-32 ;\nVu le d\u00e9cret du Pr\u00e9sident de la R\u00e9publique du 15 mai 2025 portant nomination de M. Simon  \nBABRE, pr\u00e9fet du Var ;\nVu l'arr\u00eat\u00e9 du pr\u00e9fet coordonnateur de bassin n\u00b0 22-064 du 21 mars 2022 portant approbation \ndu sch\u00e9ma directeur d'am\u00e9nagement et de gestion des eaux du bassin Rh\u00f4ne-M\u00e9diterran\u00e9e et \narr\u00eatant le programme pluriannuel de mesures correspondant ;\nVu la d\u00e9claration au titre de l'article L.214-3 du code de l'environnement  d\u00e9pos\u00e9e par voie  \nd\u00e9mat\u00e9rialis\u00e9e  de  la  t\u00e9l\u00e9proc\u00e9dure  et  enregistr\u00e9  au  guichet  unique  num\u00e9rique  de  \nl'environnement sous le num\u00e9ro DIOTA 2721/0100292275 \u00e0 la date du 13 mai 2025, compl\u00e9t\u00e9e \nles 1 er ao\u00fbt, 16 septembre et 18 d\u00e9cembre 2025  et relative \u00e0  l'enl\u00e8vement d'un remblai en  \nzone inondable sur la commune de CUERS ;\nConsid\u00e9rant  que  le  p\u00e9titionnaire  a  cr\u00e9\u00e9  un  remblai  en  zone  inondable  en  r\u00e9haussant  la \nparcelle cadastr\u00e9e en section F n\u00b0569 ;\n1/3\nDirection d\u00e9partementale\ndes territoires et de la mer du Var\nService eau et biodiversit\u00e9\nDirection d\u00e9partementale des territoires et de la mer du Var - 83-2026-01-23-00010 - Arr\u00eat\u00e9 pr\u00e9fectoral n\u00b0 DDTM / SEBIO / 2026-27 du\n23 janvier 2026 portant opposition \u00e0 d\u00e9claration au titre de l'article L. 214-3 du code de l'environnement relative \u00e0 l'enl\u00e8vement d'un\nremblai en zone inondable sur la commune de Cuers.\n35\nConsid\u00e9rant le contr\u00f4le inopin\u00e9 par le service en charge de la police de l'eau le 9  avril 2025 et \nle courrier du 29 avril 2025 demandant au p\u00e9titionnaire de r\u00e9gulariser l'infraction par le d\u00e9p\u00f4t \nd'un dossier loi sur l'eau ;\nConsid\u00e9rant que le projet consiste en la suppression de ce remblai en zone inondable le  \nsoumettant \u00e0 d\u00e9claration en application de l'article R. 214-1 du code de l'environnement ;\nConsid\u00e9rant que, malgr\u00e9 l'engagement pris par le p\u00e9titionnaire lors de la t\u00e9l\u00e9d\u00e9claration, les  \nfichiers d\u00e9pos\u00e9s ne comportent pas l'ensemble des pi\u00e8ces r\u00e9glementaires ;\nConsid\u00e9rant que les compl\u00e9ments d\u00e9pos\u00e9s ne r\u00e9pondent pas aux diff\u00e9rentes demandes de  \ncompl\u00e9ments r\u00e9dig\u00e9es les 13 juin, 28 ao\u00fbt et 7 novembre 2025 ; \nConsid\u00e9rant la n\u00e9cessit\u00e9 de d\u00e9poser un dossier de d\u00e9claration complet sur la forme et le fond \nconform\u00e9ment \u00e0 l'article R. 214-32 du code de l'environnement et r\u00e9pondant aux demandes  \ndu service en charge de la police de l'eau;\nSur proposition du directeur d\u00e9partemental des territoires et de la mer ;\nARR\u00caTE\nArticle 1  er     :   Opposition \u00e0 d\u00e9claration\nEn application de l'article L. 214-3 du code de l'environnement, il est fait opposition \u00e0 la  \nd\u00e9claration pr\u00e9sent\u00e9e par M. Raux,  concernant : \nl'enl\u00e8vement d'un remblais en zone inondable \nsur la commune de CUERS\net enregistr\u00e9e sous le num\u00e9ro DIOTA 2721/0100292275 ;\nArticle 2     :   Objet de la d\u00e9claration\nCette d\u00e9claration concerne l'enl\u00e8vement  d'un remblais en zone inondable  sur les par celles \ncadastr\u00e9es en section F n\u00b0 569 sur la commune de CUERS.\nArticle 3     :   Droits des tiers\nLes droits des tiers sont et demeurent express\u00e9ment r\u00e9serv\u00e9s.\nArticle 4     :   Dur\u00e9e et validit\u00e9 de la d\u00e9cision\nLa pr\u00e9sente d\u00e9cision est valable \u00e0 compter de la date de signature du pr\u00e9sent arr\u00eat\u00e9.\n2/3\nDirection d\u00e9partementale des territoires et de la mer du Var - 83-2026-01-23-00010 - Arr\u00eat\u00e9 pr\u00e9fectoral n\u00b0 DDTM / SEBIO / 2026-27 du\n23 janvier 2026 portant opposition \u00e0 d\u00e9claration au titre de l'article L. 214-3 du code de l'environnement relative \u00e0 l'enl\u00e8vement d'un\nremblai en zone inondable sur la commune de Cuers.\n36\nArticle 5     :   Voies et d\u00e9lais de recours\nLe pr\u00e9sent arr\u00eat\u00e9 peut \u00eatre d\u00e9f\u00e9r\u00e9 devant le tribunal administratif comp\u00e9tent en application  \nde l'article R. 181-50 du code de l'environnement :\n\u2022 par le b\u00e9n\u00e9ficiaire, dans un d\u00e9lai de deux mois \u00e0 compter de la notification du pr\u00e9sent  \narr\u00eat\u00e9 ;\n\u2022 par les tiers int\u00e9ress\u00e9s en raison des inconv\u00e9nients ou des dangers pour les int\u00e9r\u00eats  \nmentionn\u00e9s \u00e0 l'article L. 181-3 du code de l'environnement, dans un d\u00e9lai de deux mois  \n\u00e0 compter de la derni\u00e8re formalit\u00e9 de publication accomplie.\nLe tribunal administratif peut aussi \u00eatre saisi par l'application \u00abT\u00e9l\u00e9recours citoyens\u00bb via le  \nsite : www.telerecours.fr\nEn application de l'article L. 411-2 du code des relations entre le public et l'administration, le  \npr\u00e9sent arr\u00eat\u00e9 peut faire l'objet d'un recours gracieux ou hi\u00e9rarchique dans ce m\u00eame d\u00e9lai. Ce \nrecours administratif interrompt le cours du d\u00e9lai du recours contentieux, qui ne recommence \n\u00e0 courir que lorsque le recours administratif a \u00e9t\u00e9 rejet\u00e9.\nArticle 6     :   Publication et information des tiers\nUne copie de cet arr\u00eat\u00e9 sera transmise \u00e0 la mairie de  CUERS, pour affichage pendant une  \ndur\u00e9e minimale d'un mois.\nLe pr\u00e9sent arr\u00eat\u00e9 sera mis \u00e0 la disposition du public sur le site Internet de la pr\u00e9fecture du Var \npendant une dur\u00e9e minimale d'au moins 6 mois et publi\u00e9 au recueil des actes administratifs.\nArticle 7     :   Ex\u00e9cution\nLe secr\u00e9taire g\u00e9n\u00e9ral de la pr\u00e9fecture du Var, le directeur d\u00e9partemental des territoires et de  \nla mer, le maire de la commune de CUERS, sont charg\u00e9s, chacun en ce qui le concerne, de  \nl'ex\u00e9cution du pr\u00e9sent arr\u00eat\u00e9 dont copie est adress\u00e9e au  chef du service d\u00e9partemental de  \nl'office fran\u00e7ais de la biodiversit\u00e9.\nFait \u00e0 Toulon, le 23 janvier 2026\nLe Directeur D\u00e9partemental des Territoires \net de la Mer\nSign\u00e9\nLaurent BOULET\n3/3\nDirection d\u00e9partementale des territoires et de la mer du Var - 83-2026-01-23-00010 - Arr\u00eat\u00e9 pr\u00e9fectoral n\u00b0 DDTM / SEBIO / 2026-27 du\n23 janvier 2026 portant opposition \u00e0 d\u00e9claration au titre de l'article L. 214-3 du code de l'environnement relative \u00e0 l'enl\u00e8vement d'un\nremblai en zone inondable sur la commune de Cuers.\n37\nPr\u00e9fecture du VAR\n83-2026-02-24-00002\nArr\u00eat\u00e9 pr\u00e9fectoral portant autorisation\nd'introduction d'individus d'esp\u00e8ces animales\nnon domestiques au sein de la r\u00e9serve naturelle\nnationale de la Plaine des Maures\nPr\u00e9fecture du VAR - 83-2026-02-24-00002 - Arr\u00eat\u00e9 pr\u00e9fectoral portant autorisation d'introduction d'individus d'esp\u00e8ces animales non\ndomestiques au sein de la r\u00e9serve naturelle nationale de la Plaine des Maures 38\n=mPREFETDU VARLibert\u00e9Egalit\u00e9Fraternit\u00e9\nDirection r\u00e9gionale de l'environnement,\nde l'am\u00e9nagement et du logement\nService biodiversit\u00e9, eau et paysages\nARR\u00caT\u00c9 PR\u00c9FECTORAL\nportant autorisation d'introduction d'individus d'esp\u00e8ces animales non domestiques au \nsein de la r\u00e9serve naturelle nationale de la plaine des Maures\nLe Pr\u00e9fet du Var,\nVu le code de l'environnement, notamment ses articles R331-17 et suivants ;\nVu le d\u00e9cret n\u00b02009-754 du 23 juin 2009 portant cr\u00e9ation de la r\u00e9serve naturelle nationale  \nde la plaine des Maures, et notamment son article 7 ;\nVu la circulaire du 30 septembre 2010 relative aux proc\u00e9dures de classement et de gestion  \ndes r\u00e9serves naturelles nationales ;\nVu le d\u00e9cret du pr\u00e9sident de la R\u00e9publique du 15 mai 2025 nommant M. Simon BABRE,  \npr\u00e9fet du Var ;\nVu  le  d\u00e9cret  du  pr\u00e9sident  de  la  R\u00e9publique  du  15  avril  2022  nommant  M.  Lucien  \nGIUDICELLI, secr\u00e9taire g\u00e9n\u00e9ral de la pr\u00e9fecture du Var, sous-pr\u00e9fet de l'arrondissement de \nToulon ;\nVu l'arr\u00eat\u00e9 pr\u00e9fectoral n\u00b02025/12/MCI du 2 juin 2025 portant d\u00e9l\u00e9gation de signature \u00e0  \nM. Lucien  GIUDICELLI,  secr\u00e9taire  g\u00e9n\u00e9ral  de  la  pr\u00e9fecture  du  Var,  sous-pr\u00e9fet  de  \nl'arrondissement de Toulon ;\nVu l'arr\u00eat\u00e9 du 14 janvier 2016 portant approbation du plan de gestion 2015-2020 de la  \nr\u00e9serve naturelle nationale de la plaine des Maures ;\nVu  l'arr\u00eat\u00e9  du  17  f\u00e9vrier  2026  modifiant  l'arr\u00eat\u00e9  du  14  janvier  2016  et  prolongeant  \nl'application du 1er plan de gestion de la r\u00e9serve naturelle nationale jusqu'au 31 d\u00e9cembre  \n2026 ;\nVu la convention de gestion du 1er ao\u00fbt 2022 fixant les modalit\u00e9s de gestion de la r\u00e9serve  \nnaturelle nationale de la plaine des Maures ;\nVu la fiche projet, ses documents annex\u00e9s (I \u00e0 XI) relatifs \u00e0 l'op\u00e9ration de rel\u00e2cher de  \nTortues d'Hermann pour renforcer la population impact\u00e9e par le feu de Gonfaron (2021)  \net la demande d'autorisation du 6 septembre 2025 pr\u00e9sent\u00e9s au gestionnaire et conseil  \nscientifique de la r\u00e9serve naturelle nationale par l'Association Station d'Observation et de  \nProtection des Tortues & de leurs Milieux (SOPTOM) ;\nVu l'avis 2026_001 du gestionnaire de la r\u00e9serve naturelle nationale ;\nVu l'avis du 16 janvier 2026 du conseil scientifique de la r\u00e9serve naturelle nationale ;\nPr\u00e9fecture du VAR - 83-2026-02-24-00002 - Arr\u00eat\u00e9 pr\u00e9fectoral portant autorisation d'introduction d'individus d'esp\u00e8ces animales non\ndomestiques au sein de la r\u00e9serve naturelle nationale de la Plaine des Maures 39\nConsid\u00e9rant que l'incendie d'ao\u00fbt 2021 a fortement touch\u00e9 la R\u00e9serve Naturelle Nationale \nde la plaine des Maures et tout sp\u00e9cialement les populations de Tortue d'Hermann, avec  \nune mortalit\u00e9 estim\u00e9e entre 60 et 70% par rapport \u00e0 la situation avant feu ;\nConsid\u00e9rant que le renforcement contribue \u00e0 enrayer le d\u00e9clin de l'esp\u00e8ce dans les zones  \nincendi\u00e9es ;\nConsid\u00e9rant que l'\u00e9tude propos\u00e9e par la SOPTOM r\u00e9pond aux objectifs d'une r\u00e9serve  \nnaturelle nationale d'accueillir et de faciliter l'acquisition de connaissances scientifiques,  \nnotamment lorsque celles-ci apportent des \u00e9l\u00e9ments utiles \u00e0 la gestion de la r\u00e9serve ;\nSur proposition du secr\u00e9taire g\u00e9n\u00e9ral de la pr\u00e9fecture du Var,\nARR\u00caTE :\nArticle 1 : Identit\u00e9 du b\u00e9n\u00e9ficiaire de l'autorisation\nLe b\u00e9n\u00e9ficiaire de l'autorisation est l'Association Station d'Observation et de Protection  \ndes Tortues & de leurs Milieux (SOPTOM), sise 1065, route du Luc, 83660 Carnoules.\nArticle 2 : Nature de l'autorisation\nL'autorisation  porte  sur  une  op\u00e9ration  de  renforcement  de  population  de  Tortues  \nd'Hermann apr\u00e8s incendie, s'inscrivant dans les objectifs du Plan National d'Actions en  \nfaveur de la Tortue d'Hermann : Action 6.6 \u00ab Exp\u00e9rimenter des m\u00e9thodes de r\u00e9insertion en \nPACA et Languedoc d'individus ne pouvant \u00eatre rel\u00e2ch\u00e9s sur leur lieu de vie \u00bb.\nL'autorisation porte sur 60 juv\u00e9niles, de 3 \u00e0 5 ans, issus adultes h\u00e9berg\u00e9s \u00e0 la SOPTOM dont \nle statut Testudo hermanni hermanni de souche varoise a \u00e9t\u00e9 valid\u00e9 g\u00e9n\u00e9tiquement.\nLe  statut  sanitaire  des  sp\u00e9cimens  des  individus  \u00e0  rel\u00e2cher  est  contr\u00f4l\u00e9  et  s\u00e9curis\u00e9  en \ncontinu dans le cadre de l'\u00e9levage conservatoire appliquant des mesures prophylactiques  \nadapt\u00e9es :\n\u2022 une  surveillance  sanitaire  quotidienne  et  lors  des  recensements  mensuels  \npermettant de d\u00e9celer toute maladie et d'\u00e9viter la transmission de pathog\u00e8nes chez \nles individus h\u00e9berg\u00e9s par le centre de la SOPTOM ;\n\u2022 des  tests  r\u00e9alis\u00e9s  syst\u00e9matiquement  sur  les  adultes  g\u00e9niteurs  \u00e0  leur  arriv\u00e9e  \n(herpesvirus, picornavirus, chlamydia, mycoplasmes) ;\n\u2022 des contr\u00f4les al\u00e9atoires ou cibl\u00e9s r\u00e9alis\u00e9s au regard des connaissances scientifiques  \n(organismes  ou  pathog\u00e8nes  vis\u00e9s)  et  de  la  faisabilit\u00e9  technique  (type  de  \npr\u00e9l\u00e8vement,  inexistence  du  test,  risques  l\u00e9taux  et  impossibilit\u00e9  sur  les  jeunes  \nsp\u00e9cimens) ;\n\u2022 une  surveillance  cibl\u00e9e  sur  des  pathog\u00e8nes  l\u00e9taux  comme  l'herp\u00e8svirus  et  les  \npicornavirus ;\n\u2022 une surveillance \u00e9v\u00e8nementielle (autopsies, analyses sur animaux morts) permettant \nde comprendre les causes de probl\u00e8mes \u00ab non-naturels \u00bb.\nLe choix du site de rel\u00e2cher, d\u00e9fini en concertation \u00e9troite avec le gestionnaire de la  \nr\u00e9serve, devra tenir compte de plusieurs facteurs  : \u00eatre la propri\u00e9t\u00e9 du conservatoire du  \nlittoral ; \u00eatre \u00e9loign\u00e9 des ouvrages de d\u00e9fense des for\u00eats contre le risque incendie et des  \nzones  de  fr\u00e9quentation ;  \u00eatre  \u00e9loign\u00e9  d'au  moins  300  m\u00e8tres  du  site  du  LIFE  Tortue  \nd'Hermann pr\u00e9sent sur le territoire du conservatoire du littoral afin de ne pas perturber  \nl'\u00e9tude de l'effet incendie (coordonn\u00e9es du p\u00e9rim\u00e8tre  : lon : 6.3787\u00b0 / lat : 43.3352\u00b0, lon :  \nPr\u00e9fecture du VAR - 83-2026-02-24-00002 - Arr\u00eat\u00e9 pr\u00e9fectoral portant autorisation d'introduction d'individus d'esp\u00e8ces animales non\ndomestiques au sein de la r\u00e9serve naturelle nationale de la Plaine des Maures 40\n6.3855\u00b0 / lat : 43.3352\u00b0, lon : 6.3835\u00b0 / lat : 43.3301\u00b0, lon : 6.3787\u00b0 / lat : 43.3352\u00b0) ; pr\u00e9senter \nune disponibilit\u00e9 alimentaire adapt\u00e9e.\nLes op\u00e9rations de rel\u00e2cher auront lieu entre avril 2026 et avril 2028 sans acclimatation, et  \nseront r\u00e9alis\u00e9es en collaboration avec le gestionnaire de la r\u00e9serve naturelle nationale.\nLes individus rel\u00e2ch\u00e9s seront suivis et \u00e9quip\u00e9s d'\u00e9metteurs VHF dans le cadre d'un suivi  \nd'une dur\u00e9e minimale de 2  ans afin d'\u00e9tudier les processus d'adaptation et de dispersion  \n\u00e9ventuelle et d'\u00e9valuer la survie des individus rel\u00e2ch\u00e9s.\nArticle 3 : Mesures d'\u00e9vitement et de r\u00e9duction\nLa SOPTOM s'engage \u00e0 r\u00e9aliser les op\u00e9rations de rel\u00e2cher conform\u00e9ment aux mesures  \npr\u00e9sent\u00e9es  dans  le  dossier  de  pr\u00e9sentation  de  la  d\u00e9marche  et  dans  l'avis  du  conseil  \nscientifique de la r\u00e9serve :\n\u2022 seuls les trois v\u00e9hicules immatricul\u00e9s : GQ-469-JA, HB-234-VD et EK-725-XQ seront  \nautoris\u00e9s \u00e0 circuler sur les pistes DFCI ferm\u00e9es \u00e0 la circulation motoris\u00e9e pour des  \nraisons de transport des individus et du mat\u00e9riel ;\n\u2022 les  v\u00e9hicules  stationneront  uniquement  sur  l'emprise  de  la  piste  ou  sur  les  \nemplacements autoris\u00e9s, en dehors du milieu naturel ;\n\u2022 la faune et la flore seront strictement respect\u00e9es avec absence de pr\u00e9l\u00e8vements ;\n\u2022 aucun d\u00e9chet, de quelque nature que ce soit, ne sera laiss\u00e9 dans le milieu naturel ;\n\u2022 aucun bivouac, sous quelque forme que ce soit, ni aucun feu, ne sera effectu\u00e9 ;\n\u2022 seuls  les  sp\u00e9cimens  avec  un  indice  de  condition  corporelle  satisfaisant  sont  \nrel\u00e2ch\u00e9s ;\n\u2022 la SOPTOM privil\u00e9giera un transfert matinal, et r\u00e9duira au maximum le temps de  \ntrajet et d'attente avant le rel\u00e2ch\u00e9. Les caisses de transports devront contenir des  \nindividus issus des m\u00eames enclos et h\u00e9berger un minimum d'individus possible ;\n\u2022 le gestionnaire de la r\u00e9serve sera associ\u00e9 et inform\u00e9 a minima 1 semaine avant les  \nop\u00e9rations de rel\u00e2cher ;\n\u2022 les  donn\u00e9es  de  suivis,  rapports  interm\u00e9diaires  et  finaux  et  les  publications  \nscientifiques seront communiqu\u00e9s annuellement au gestionnaire de la r\u00e9serve et \u00e0  \nla DREAL Provence-Alpes-C\u00f4te d'Azur.\nArticle 4 : P\u00e9riode de validit\u00e9\nLa pr\u00e9sente autorisation est d\u00e9livr\u00e9e \u00e0 compter de la date de signature du pr\u00e9sent arr\u00eat\u00e9  \njusqu'au 30 avril 2028.\nArticle 5 : Mesures de contr\u00f4le\nLe contr\u00f4le du respect de ces prescriptions sera assur\u00e9 par l'\u00e9quipe de la r\u00e9serve naturelle  \nnationale.\nArticle 6 : Sanctions\nLe non-respect du pr\u00e9sent arr\u00eat\u00e9 est passible des sanctions d\u00e9finies aux articles R 332-69  \net suivants du code de l'environnement ainsi que, le cas \u00e9ch\u00e9ant, des sanctions pr\u00e9vues \u00e0  \nl'article L.415-3 du m\u00eame code.\nPr\u00e9fecture du VAR - 83-2026-02-24-00002 - Arr\u00eat\u00e9 pr\u00e9fectoral portant autorisation d'introduction d'individus d'esp\u00e8ces animales non\ndomestiques au sein de la r\u00e9serve naturelle nationale de la Plaine des Maures 41\nArticle 7 : D\u00e9lais et voies de recours\nLa pr\u00e9sente d\u00e9cision est susceptible de recours devant le tribunal administratif de Toulon  \ndans un d\u00e9lai de deux mois \u00e0 compter de la date de sa notification.\nLe  tribunal  administratif  de  Toulon  peut  \u00eatre  saisi,  non  seulement  par  courrier,  mais  \n\u00e9galement  par  l'application  \u00ab  T\u00e9l\u00e9recours  citoyens  \u00bb,  accessible  par  le  lien  \nwww.telerecours.fr.\nArticle 8 : Ex\u00e9cution\nLe  secr\u00e9taire  g\u00e9n\u00e9ral  de  la  pr\u00e9fecture  du  Var,  le  gestionnaire  de  la  r\u00e9serve  naturelle  \nnationale  de  la  plaine  des  Maures  et  le  directeur  r\u00e9gional  de  l'environnement,  de  \nl'am\u00e9nagement et du logement Provence-Alpes-C\u00f4te d'Azur sont charg\u00e9s, chacun en ce  \nqui le concerne, de l'ex\u00e9cution du pr\u00e9sent arr\u00eat\u00e9 qui sera publi\u00e9 au recueil des actes  \nadministratifs de la pr\u00e9fecture du Var et dont copie sera transmise \u00e0 la sous-pr\u00e9f\u00e8te de  \nBrignoles.\nFait \u00e0 Toulon, le 24 f\u00e9vrier 2026\nPour  le  pr\u00e9fet  et  par  d\u00e9l\u00e9gation,  le  \nsecr\u00e9taire g\u00e9n\u00e9ral\nSIGNE : Lucien GIUDICELLI\nPr\u00e9fecture du VAR - 83-2026-02-24-00002 - Arr\u00eat\u00e9 pr\u00e9fectoral portant autorisation d'introduction d'individus d'esp\u00e8ces animales non\ndomestiques au sein de la r\u00e9serve naturelle nationale de la Plaine des Maures 42","date":"2026-03-02","first_seen_on":"2026-03-02T18:08:43+00:00","id":"1dc43d66b7cbc3c6f9cf3edae0f916ec01976455919dd992a2aeb83765c969f3","name":"RAA N\u00b072 du 2 mars 2026","pdf_creation_date":"2026-03-02T16:24:13+00:00","pdf_modification_date":null,"timezone":"Europe/Paris","url":"https://www.var.gouv.fr/contenu/telechargement/45181/294695/file/RAA%20N%C2%B072%20du%202%20mars%202026.pdf"}
