{"administration":"pref21","administration_name":"Pr\u00e9fecture de C\u00f4te-d\u2019Or","content":"PR\u00c9FET\nDE LA C\u00d4TE-D'OR\nRECUEIL DES ACTES\nADMINISTRATIFS\nN\u00b021-2026-042\nPUBLI\u00c9 LE 27 F\u00c9VRIER 2026\nSommaire\nDirection d\u00e9partementale de l'emploi, du travail et des solidarit\u00e9s de\nC\u00f4te-d'Or /\n21-2026-02-23-00011 - R\u00e9c\u00e9piss\u00e9 d\u00e9claration modificative SAP\nd\u00e9m\u00e9nagement EDEN (2 pages) Page 3\nDirection d\u00e9partementale de la protection des populations de la\nC\u00f4te-d'Or / Service Sant\u00e9 et Protections animales, Protection de\nl'Environnement\n21-2026-02-26-00002 - Arr\u00eat\u00e9 pr\u00e9fectoral n\u00b0247/2026 du 26 f\u00e9vrier\n2026\nd\u00e9terminant les modalit\u00e9s pratiques et les particularit\u00e9s des\nop\u00e9rations de prophylaxie \ndes porcins dans le d\u00e9partement de la\nC\u00f4te-d'Or (5 pages) Page 6\nDirection d\u00e9partementale des territoires de la C\u00f4te-d'Or / Service\nPr\u00e9servation et Am\u00e9nagement de l'Espace (SPAE)\n21-2026-02-26-00001 - BAREME REMISE ETAT PRAIRIE RESSEMIS 2026 sign\u00e9\nNM (3 pages) Page 12\nDirection d\u00e9partementale des territoires de la C\u00f4te-d'Or / Service\nS\u00e9curit\u00e9 et Education Routi\u00e8re\n21-2026-02-23-00010 - AP 418 20260223 RAA M274\nMaintenancePr\u00e9ventive 2-6mars (5 pages) Page 16\nPr\u00e9fecture de la C\u00f4te-d'Or / Direction des Collectivit\u00e9s locales et des\nElections\n21-2026-02-27-00001 - Arr\u00eat\u00e9 modificatif N\u00b0 428\nPortant\nmodification des horaires de cl\u00f4ture DE scrutin dans certaines communes\npour Les \u00e9lections MUNICIPALES ET COMMUNAUTAIRES DES 15 et 22\nmars 2026 (2 pages) Page 22\n21-2026-02-24-00007 - Arr\u00eat\u00e9 portant cr\u00e9ation du syndicat mixte de la\ncuisine centrale mutualis\u00e9e  (10 pages) Page 25\nPr\u00e9fecture de la C\u00f4te-d'Or / Direction des s\u00e9curit\u00e9s\n21-2026-02-27-00002 - Arr\u00eat\u00e9 pr\u00e9fectoral N\u00b0 429  \nautorisant la\ncaptation, l'enregistrement et la transmission d'images\nau moyen\nde cam\u00e9ras install\u00e9es sur des a\u00e9ronefs (2 pages) Page 36\n2\nDirection d\u00e9partementale de l'emploi, du travail\net des solidarit\u00e9s de C\u00f4te-d'Or\n21-2026-02-23-00011\nR\u00e9c\u00e9piss\u00e9 d\u00e9claration modificative SAP\nd\u00e9m\u00e9nagement EDEN\nDirection d\u00e9partementale de l'emploi, du travail et des solidarit\u00e9s de C\u00f4te-d'Or - 21-2026-02-23-00011 - R\u00e9c\u00e9piss\u00e9 d\u00e9claration\nmodificative SAP d\u00e9m\u00e9nagement EDEN 3\nPREFETDELACOTE-D'ORLibert\u00e9Egalit\u00e9Fraternit\u00e9\nDirection D\u00e9partementale de l'Emploi, \ndu Travail et des Solidarit\u00e9s \u2013 DDETS\nDDETS de la C\u00f4te d'Or\nP\u00f4le Emploi et Coh\u00e9sion Territoriale\nUnit\u00e9 Formation Emploi Insertion\nAffaire suivie par : Anne-Lise CAYRON\nGestionnaire Services \u00e0 la personne et ESS\nT\u00e9l.\u00a0: 03 80 68 39 25 // 07 86 14 30 88\nMail : anne-lise.cayron@cote-dor.gouv.fr\nDijon, le 23/02/2026\n  \nMme NGAMA La\u00ebtitia\nEDEN SAP\n18 rue Antoine de Saint-Exup\u00e9ry\n21300 CHENOVE\n \nR\u00c9C\u00c9PISS\u00c9 DE LA D\u00c9CLARATION MODIFICATIVE\nd'un organisme de services \u00e0 la personne \nenregistr\u00e9 sous le n\u00b0 SAP/ 923191332\nLe Pr\u00e9fet de la C\u00f4te-d'Or, et par subd\u00e9l\u00e9gation de la Directrice D\u00e9partementale de la DDETS, la  \nResponsable du P\u00f4le Emploi et Coh\u00e9sion Territoriale/la Responsable de l'Unit\u00e9 Formation, Emploi,  \nInsertion\nVu le code du travail et notamment les articles L.7231-1 \u00e0 L.7233-2, R.7232-16 \u00e0 R.7232-22, D.7231-1 et \nD.7233-1 \u00e0 D.7233-5 ; \nVu la loi n\u00b0 2015-1776 du 28 d\u00e9cembre 2015 relative \u00e0 l'adaptation de la soci\u00e9t\u00e9 au vieillissement, \nVu le d\u00e9cret n\u00b0 2016-750 du 6 juin 2016 relatif \u00e0 la liste des activit\u00e9s de services \u00e0 la personne  \nsoumises \u00e0 agr\u00e9ment ou \u00e0 autorisation dans le cadre du r\u00e9gime commun de la d\u00e9claration,\nConstate\nQu'en  application  des  dispositions  du  code  du  travail  susvis\u00e9es,  une  d\u00e9claration  d'activit\u00e9  de  \nservices \u00e0 la personne a \u00e9t\u00e9 d\u00e9livr\u00e9e le 20 mars 2023 par la DDETS de C\u00f4te d'Or \u00e0 la soci\u00e9t\u00e9 par  \nactions simplifi\u00e9e EDEN SAP repr\u00e9sent\u00e9e par Mme NGAMA La\u00ebtitia, SIREN, 923 191 332. \nQu'\u00e0  la  suite  d'une  demande  de  changement  d'adresse  de  l'\u00e9tablissement  principal  (demande \nNOVA   n\u00b0 478460 du 25/11/2025  ),     une d\u00e9claration modificative s'applique,   toujours selon les m\u00eames \nmodalit\u00e9s et les m\u00eames activit\u00e9s qu'auparavant, \u00e0 l'exclusion de toute autre :\n\u2026 / ...\nDDETS de la C\u00f4te d'Or\n6 Rue Chancelier de l'Hospital - 21000 DIJON \nT\u00e9l. : 03 80 68 30 00 (Accueil) www.cote-dor.gouv.fr\nDirection d\u00e9partementale de l'emploi, du travail et des solidarit\u00e9s de C\u00f4te-d'Or - 21-2026-02-23-00011 - R\u00e9c\u00e9piss\u00e9 d\u00e9claration\nmodificative SAP d\u00e9m\u00e9nagement EDEN 4\nSur le territoire national\u00a0: \n1. Garde d'enfants de plus de 3 ans \u00e0 domicile \n2. Soutien scolaire ou cours \u00e0 domicile \n3. Accompagnement des enfants de plus de 3 ans dans leurs d\u00e9placements \n4. Entretien de la maison et travaux m\u00e9nagers \n5. Petits travaux de jardinage \n6. Travaux de petit bricolage \n7 . Pr\u00e9paration de repas \u00e0 domicile \n8. Collecte et livraison \u00e0 domicile de linge repass\u00e9 \n9. Assistance informatique \u00e0 domicile \n10. Assistance administrative \u00e0 domicile \n11. Soins d'esth\u00e9tique \u00e0 domicile pour personnes d\u00e9pendantes \n12. Soins et promenade(s) d'animaux pour personnes d\u00e9pendantes \n13. Conduite du v\u00e9hicule des personnes en cas d'invalidit\u00e9 temporaire \n14. Accompagnement des personnes pr\u00e9sentant une invalidit\u00e9 temporaire \n15. Assistance aux personnes ayant besoin d'une aide temporaire \u00e0 leur domicile \nCes activit\u00e9s sont toujours effectu\u00e9es en qualit\u00e9 de prestataire.\nCependant, l'adresse du si\u00e8ge social/\u00e9tablissement principal est d\u00e9sormais celle indiqu\u00e9e ci-dessus, \n18 rue Antoine de Saint-Exup\u00e9ry 21300 CHENOVE, SIRET, 923 191 332 00025\nElle fait suite \u00e0 la pr\u00e9c\u00e9dente adresse ci-dessous :\n- 1 rue Jean Monnet 21300 CHENOVE, SIRET, 923 191 332 00017\nToute  modification  concernant  les  activit\u00e9s  exerc\u00e9es  devra  faire  l'objet  d'une  d\u00e9claration  \nmodificative pr\u00e9alable.\nSous r\u00e9serve d'\u00eatre exerc\u00e9e \u00e0 titre exclusif, ces activit\u00e9s ouvrent droit au b\u00e9n\u00e9fice des dispositions  \ndes  articles  L.  7233-2  du  code  du  travail  et  L.  241-10  du  code  de  la  s\u00e9curit\u00e9  sociale  dans  les \nconditions pr\u00e9vues par ces articles.\nL'enregistrement de la d\u00e9claration peut \u00eatre retir\u00e9 dans les conditions fix\u00e9es aux articles R.7232-22 \u00e0 \nR.7232-24 du code du travail.\nLe pr\u00e9sent r\u00e9c\u00e9piss\u00e9 sera publi\u00e9 au recueil des actes administratifs de la pr\u00e9fecture de la C\u00f4te d'Or.\nPour le Pr\u00e9fet de C\u00f4te d'Or, \net par subd\u00e9l\u00e9gation la Directrice \nD\u00e9partementale emp\u00each\u00e9e,\nLa Responsable de l'Unit\u00e9 Formation, Emploi et \nInsertion,\nSign\u00e9\nMarie BEGRAND\nDDETS de la C\u00f4te d'Or\n6 Rue Chancelier de l'Hospital - 21000 DIJON \nT\u00e9l. : 03 80 68 30 00 (Accueil) www.cote-dor.gouv.fr\nDirection d\u00e9partementale de l'emploi, du travail et des solidarit\u00e9s de C\u00f4te-d'Or - 21-2026-02-23-00011 - R\u00e9c\u00e9piss\u00e9 d\u00e9claration\nmodificative SAP d\u00e9m\u00e9nagement EDEN 5\nDirection d\u00e9partementale de la protection des\npopulations de la C\u00f4te-d'Or\nService Sant\u00e9 et Protections animales, Protection\nde l'Environnement\n21-2026-02-26-00002\nArr\u00eat\u00e9 pr\u00e9fectoral n\u00b0247/2026 du 26 f\u00e9vrier 2026\nd\u00e9terminant les modalit\u00e9s pratiques et les\nparticularit\u00e9s des op\u00e9rations de prophylaxie \ndes porcins dans le d\u00e9partement de la C\u00f4te-d'Or\nDirection d\u00e9partementale de la protection des populations de la C\u00f4te-d'Or - 21-2026-02-26-00002 - Arr\u00eat\u00e9 pr\u00e9fectoral n\u00b0247/2026 du\n26 f\u00e9vrier 2026\nd\u00e9terminant les modalit\u00e9s pratiques et les particularit\u00e9s des op\u00e9rations de prophylaxie \ndes porcins dans le d\u00e9partement de la C\u00f4te-d'Or\n6\nExPREFETDE LACOTE-D'ORLibert\u00e9Egalit\u00e9Fraternit\u00e9\nDirection d\u00e9partementale\n de la protection des populations\nAffaire suivie par Adeline PERRONNEAU                    \nService sant\u00e9 et protection animales, \nprotection de l'environnement\nT\u00e9l : 03 80 29 43 53\nm\u00e9l : ddpp-spa@cote-dor.gouv.fr\nArr\u00eat\u00e9 pr\u00e9fectoral n\u00b0247/2026 du 26 f\u00e9vrier 2026\nd\u00e9terminant les modalit\u00e9s pratiques et les particularit\u00e9s des op\u00e9rations de prophylaxie \ndes porcins dans le d\u00e9partement de la C\u00f4te-d'Or\nLe pr\u00e9fet de la C\u00f4te-d'Or,\nVU le r\u00e8glement (UE) 2016/429 du 9 mars 2016 relatif aux maladies animales transmissibles et\nmodifiant et abrogeant certains actes dans le  domaine de la sant\u00e9 animale (\u00ab  l\u00e9gislation\nsur la sant\u00e9 animale \u00bb)\nVU le r\u00e8glement (CE) n\u00b0 853/2004 du 29 avril 2004 fixant des r\u00e8gles sp\u00e9cifiques d'hygi\u00e8ne\napplicables aux denr\u00e9es alimentaires d'origine animale ;\nVU le r\u00e8glement (CE) n\u00b0 625/2017 du Parlement europ\u00e9en et du Conseil du 15 mars 2017\nconcernant les contr\u00f4les officiels et les autres activit\u00e9s officielles servant \u00e0 assurer le\nrespect de la l\u00e9gislation alimentaire et de la l\u00e9gislation relative aux aliments pour animaux\nainsi que des  r\u00e8gles  relatives  \u00e0 la  sant\u00e9 et  au  bien-\u00eatre des  animaux,  \u00e0 la  sant\u00e9 des\nv\u00e9g\u00e9taux et aux produits phytopharmaceutiques;\nVU le livre II du Code rural et de la p\u00eache maritime ;\nVU le d\u00e9cret n\u00b0 80-516 du 4 juillet 1980 modifi\u00e9 relatif \u00e0 l'ex\u00e9cution des mesures de\nprophylaxie collective des maladies des animaux ;\nVU  le d\u00e9cret  du  10 octobre 2024 portant nomination du pr\u00e9fet  de la r\u00e9gion Bourgogne-\nFranche-Comt\u00e9, pr\u00e9fet de la C\u00f4te-d'Or - M. Paul MOURIER  ;\nVU l'arr\u00eat\u00e9 minist\u00e9riel du 31 d\u00e9cembre 1990 modifi\u00e9 relatif \u00e0 la nomenclature des op\u00e9rations\nde police sanitaire telle que pr\u00e9vue \u00e0 l'article 4 du d\u00e9cret n\u00b090-1032 du 19 novembre\n1990 ;\nVU l'arr\u00eat\u00e9 minist\u00e9riel du 9 juin 1994 modifi\u00e9 relatif aux r\u00e8gles applicables aux \u00e9changes\nd'animaux vivants, de semences et embryons et \u00e0 l'organisation des contr\u00f4les\nv\u00e9t\u00e9rinaires ;\nVU l'arr\u00eat\u00e9 minist\u00e9riel du 5 juin 2000 relatif au registre d'\u00e9levage ;\nDirection d\u00e9partementale de la protection des populations - 57 rue de Mulhouse - 21 033 DIJON Cedex\nt\u00e9l : 03 80 29 43 53... -   courriel : ddpp@cote-dor.gour.fr  \nSite internet : http://www.cote-dor.gouv.fr\nDirection d\u00e9partementale de la protection des populations de la C\u00f4te-d'Or - 21-2026-02-26-00002 - Arr\u00eat\u00e9 pr\u00e9fectoral n\u00b0247/2026 du\n26 f\u00e9vrier 2026\nd\u00e9terminant les modalit\u00e9s pratiques et les particularit\u00e9s des op\u00e9rations de prophylaxie \ndes porcins dans le d\u00e9partement de la C\u00f4te-d'Or\n7\nVU l'arr\u00eat\u00e9 minist\u00e9riel du 27 juin 2017 \u00e9tablissant la liste des interventions relatives \u00e0 des\nmesures de surveillance ou de pr\u00e9vention obligatoires mentionn\u00e9es \u00e0 l'article L. 203-1 du\nCode rural et de la p\u00eache maritime ;\nVU l'arr\u00eat\u00e9 du 24 novembre 2005 relatif \u00e0 l'identification du cheptel porcin  ;\nVU  l'arr\u00eat\u00e9  minist\u00e9riel  du  28  janvier  2009  modifi\u00e9  fixant  les  mesures  techniques  et\nadministratives relatives \u00e0 la prophylaxie collective et \u00e0 la police sanitaire de la maladie\nd'Aujeszky dans les d\u00e9partements reconnus \u00abindemnes de maladie d'Aujeszky \u00bb  ;\nVU l'arr\u00eat\u00e9 minist\u00e9riel du 20 ao\u00fbt 2009 modifi\u00e9 fixant diverses mesures financi\u00e8res relatives \u00e0\nla lutte contre la maladie d'Aujeszky ;\nVU l'arr\u00eat\u00e9 du 29 juin 1993 relatif \u00e0 la prophylaxie de la peste porcine classique  ;\nVU l'arr\u00eat\u00e9 du 23 juin 2003 fixant les mesures de lutte contre la peste porcine classique\nVU l'arr\u00eat\u00e9 du 17 mars 2004 fixant diverses mesures financi\u00e8res relatives \u00e0 la lutte contre les\npestes porcines ;\nVU  l'arr\u00eat\u00e9 minist\u00e9riel du 8 octobre 2021 fixant les mesures techniques et administratives\nrelatives \u00e0 la pr\u00e9vention, la surveillance et la police sanitaire de l'infection par le complexe\nMycobacterium tuberculosis  des animaux des esp\u00e8ces bovine, caprine et porcine ainsi que\ndes \u00e9levages de cam\u00e9lid\u00e9s et de cervid\u00e9s ;\nVU l'arr\u00eat\u00e9 du 7 d\u00e9cembre 2016 relatif \u00e0 certaines mesures de surveillance et de lutte contre\nla tuberculose lors de la mise en \u00e9vidence de cette maladie dans la faune sauvage \u00a0;\nConsid\u00e9rant la n\u00e9cessit\u00e9 de fixer les modalit\u00e9s de prophylaxie collective obligatoire vis-\u00e0-vis\nde certaines maladies animales auxquelles sont sensibles les porcins dans le d\u00e9partement de\nla C\u00f4te-d'Or ;\nSUR proposition du directeur d\u00e9partemental de la protection des populations\nARR\u00caTE :\nTITRE I: DISPOSITIONS G\u00c9N\u00c9RALES\nARTICLE 1er: d\u00e9finitions \nAu sens du pr\u00e9sent arr\u00eat\u00e9, on entend par :\n- porcin : tout animal de la famille des suid\u00e9s et du genre Sus, de l'esp\u00e8ce Sus scrofa et qui\ncomprend  notamment  le  sanglier  Sus  scrofa  scrofa  et  le  porc  domestique  Sus  scrofa\ndomesticus ainsi que leurs croisements ;\n- site d'\u00e9levage porcin plein air : site d'\u00e9levage d\u00e9tenant un ou plusieurs porcins ayant acc\u00e8s \u00e0\nun parcours ext\u00e9rieur, m\u00eame une courette d\u00e8s l'\u00e2ge de 4 semaines;\n- porcin reproducteur (ou porcin d'\u00e9levage) : porcin utilis\u00e9 en vue de la multiplication de \nl'esp\u00e8ce;\n- site d'\u00e9levage de s\u00e9lection-multiplication : site d'\u00e9levage proc\u00e9dant \u00e0 la s\u00e9lection et/ou \u00e0 la \nmultiplication de porcins reproducteurs, dans le cadre d'un organisme de s\u00e9lection porcine;\n- site d'\u00e9levage de post-sevrage : site d'\u00e9levage d\u00e9tenant des porcins \u00e0 partir du sevrage \njusqu'au d\u00e9but de leur engraissement ;\nDirection d\u00e9partementale de la protection des populations - 57 rue de Mulhouse - 21 033 DIJON Cedex\nt\u00e9l : 03 80 29 43 53... -   courriel : ddpp@cote-dor.gour.fr                                                                                       \nSite internet : http://www.cote-dor.gouv.fr\nDirection d\u00e9partementale de la protection des populations de la C\u00f4te-d'Or - 21-2026-02-26-00002 - Arr\u00eat\u00e9 pr\u00e9fectoral n\u00b0247/2026 du\n26 f\u00e9vrier 2026\nd\u00e9terminant les modalit\u00e9s pratiques et les particularit\u00e9s des op\u00e9rations de prophylaxie \ndes porcins dans le d\u00e9partement de la C\u00f4te-d'Or\n8\n- site d'\u00e9levage d'engraissement : site d'\u00e9levage d\u00e9tenant uniquement des porcins de rente;\n- site d'\u00e9levage naisseur : site d'\u00e9levage d\u00e9tenant des femelles reproductrices et proc\u00e9dant \u00e0 \nla production puis \u00e0 la commercialisation de jeunes porcins en vue de leur engraissement  ;\n- site d'\u00e9levage naisseur-engraisseur : site d'\u00e9levage d\u00e9tenant des femelles reproductrices et \nproc\u00e9dant \u00e0 la production et \u00e0 l'engraissement de jeunes porcins en vue de leur abattage. \nARTICLE 2 : objet de l'arr\u00eat\u00e9\nLe pr\u00e9sent arr\u00eat\u00e9 a pour objet de d\u00e9finir les modalit\u00e9s sp\u00e9cifiques au d\u00e9partement de la\nC\u00f4te-d'Or de pr\u00e9vention et de surveillance au regard de la maladie d'Aujeszky, de la tubercu -\nlose et de la peste porcine des porcins.\nChaque  d\u00e9tenteur  de  porcins  doit  faire  conna\u00eetre  au  directeur  d\u00e9partemental  de  la\nprotection des populations de la C\u00f4te-d'Or, les coordonn\u00e9es du v\u00e9t\u00e9rinaire sanitaire choisi\npour effectuer les op\u00e9rations prophylaxie prescrites par le pr\u00e9sent arr\u00eat\u00e9.\nARTICLE 3 : mise en \u0153uvre des op\u00e9rations de prophylaxie par l'\u00e9leveur \nIl incombe aux d\u00e9tenteurs des animaux, de prendre sous leur responsabilit\u00e9 toutes disposi -\ntions n\u00e9cessaires pour aider \u00e0 la r\u00e9alisation des mesures prescrites par le pr\u00e9sent arr\u00eat\u00e9, no -\ntamment en assurant la contention de leurs animaux et conform\u00e9ment \u00e0 la r\u00e9glementation\nen vigueur, leur recensement, leur identification et ce pr\u00e9alablement \u00e0 toute op\u00e9ration de\nprophylaxie.\nARTICLE 4 : dates de d\u00e9but et fin de campagne\nLa campagne de prophylaxie se d\u00e9roule du 1er avril au 31 octobre de l'ann\u00e9e N.\nARTICLE 5 : pr\u00e9l\u00e8vements et analyses\nLa DDPP \u00e9dite et transmet les DAP (document d'accompagnement des pr\u00e9l\u00e8vements).\nLes pr\u00e9l\u00e8vements pour d\u00e9pistage s\u00e9rologique sont \u00e0 r\u00e9aliser pr\u00e9f\u00e9rentiellement sur tube sec \nafin de pouvoir \u00eatre envoy\u00e9s au LNR en cas de r\u00e9sultat non n\u00e9gatif. Dans le cas d'utilisation \nde buvards, ceux-ci devront \u00eatre suffisamment imbib\u00e9s de sang, notamment si plusieurs \nanalyses sont \u00e0 r\u00e9aliser.\nLes  analyses  demand\u00e9es  dans  le  cadre  de  la  prophylaxie  porcine  sont  r\u00e9alis\u00e9es\nconform\u00e9ment aux m\u00e9thodes officielles, par :\n- le laboratoire d\u00e9partemental d'analyses de C\u00f4te-d'Or dans le cas des ateliers naisseurs\net/ou engraisseurs ;\n- un laboratoire agr\u00e9\u00e9 dans le cas des cheptels de s\u00e9lection et de multiplication.  \nDirection d\u00e9partementale de la protection des populations - 57 rue de Mulhouse - 21 033 DIJON Cedex\nt\u00e9l : 03 80 29 43 53... -   courriel : ddpp@cote-dor.gour.fr                                                                                       \nSite internet : http://www.cote-dor.gouv.fr\nDirection d\u00e9partementale de la protection des populations de la C\u00f4te-d'Or - 21-2026-02-26-00002 - Arr\u00eat\u00e9 pr\u00e9fectoral n\u00b0247/2026 du\n26 f\u00e9vrier 2026\nd\u00e9terminant les modalit\u00e9s pratiques et les particularit\u00e9s des op\u00e9rations de prophylaxie \ndes porcins dans le d\u00e9partement de la C\u00f4te-d'Or\n9\nTITRE II : DISPOSITIONS RELATIVES A CHAQUE MALADIE\nARTICLE 6 : Le  rythme  des  contr\u00f4les  de  la  maladie  d'Aujeszky,  adapt\u00e9  \u00e0  la  situation\n\u00e9pid\u00e9miologique du d\u00e9partement, est fix\u00e9 comme suit :\n\u00c9LEVAGES RYTHME DE\nCONTR\u00d4LE\nNOMBRE D'ANIMAUX\n\u00c0 PR\u00c9LEVER\nTous les s\u00e9lectionneurs et\nmultiplicateurs et tous \u00e9levages\ndiffusant des reproducteurs et\nfuturs reproducteurs\nTrimestriel 15 reproducteurs (tous si < 15\nanimaux d\u00e9tenus)\n\u00c9leveurs naisseurs et naisseur-\nengraisseurs\nen plein-air\nAnnuel 15 reproducteurs (tous si < 15\nanimaux d\u00e9tenus)\n\u00c9leveurs post-sevreur et\nengraisseurs plein-air Annuel 20 porcs charcutiers (tous si < 20\nanimaux d\u00e9tenus)\nARTICLE 7  :  Le rythme des contr\u00f4les de la peste porcine classique, adapt\u00e9 \u00e0 la situation\n\u00e9pid\u00e9miologique du d\u00e9partement, est fix\u00e9 comme suit :\n\u00c9LEVAGES RYTHME DE\nCONTR\u00d4LE\nNOMBRE D'ANIMAUX\nA PR\u00c9LEVER\nTous les s\u00e9lectionneurs et\nmultiplicateurs Annuel 15 reproducteurs (tous si < 15 \nanimaux d\u00e9tenus)\nARTICLE  8  :  Le  rythme  des  contr\u00f4les  de  la  tuberculose  bovine,  adapt\u00e9  \u00e0  la  situation\n\u00e9pid\u00e9miologique du d\u00e9partement, est fix\u00e9 comme suit :\n\u00c9LEVAGES RYTHME DE\nCONTR\u00d4LE\nNOMBRE D'ANIMAUX\nA PR\u00c9LEVER\nTous les \u00e9levages de sangliers situ\u00e9s dans la\nzone \u00e0 risque d\u00e9finie dans l'arr\u00eat\u00e9\npr\u00e9fectoral portant d\u00e9claration d'infection\nde la faune sauvage par la tuberculose\nbovine, d\u00e9finissant une zone \u00e0 risque et\nportant diff\u00e9rentes mesures de surveillance,\nde lutte et de pr\u00e9vention dans la faune\nsauvage\nAnnuel\nselon  un  plan  de\npr\u00e9l\u00e8vements  valid\u00e9  en\namont par la DDPP\nDirection d\u00e9partementale de la protection des populations - 57 rue de Mulhouse - 21 033 DIJON Cedex\nt\u00e9l : 03 80 29 43 53... -   courriel : ddpp@cote-dor.gour.fr                                                                                       \nSite internet : http://www.cote-dor.gouv.fr\nDirection d\u00e9partementale de la protection des populations de la C\u00f4te-d'Or - 21-2026-02-26-00002 - Arr\u00eat\u00e9 pr\u00e9fectoral n\u00b0247/2026 du\n26 f\u00e9vrier 2026\nd\u00e9terminant les modalit\u00e9s pratiques et les particularit\u00e9s des op\u00e9rations de prophylaxie \ndes porcins dans le d\u00e9partement de la C\u00f4te-d'Or\n10\nARTICLE 9 : mise en \u00e9vidence d'un r\u00e9sultat d'analyse positif\nLa mise en \u00e9vidence d'un r\u00e9sultat positif \u00e0 une analyse dans un cheptel entra\u00eene la mise en\n\u0153uvre  des  mesures  pr\u00e9vues  par  l'arr\u00eat\u00e9  du  28  janvier  2009  susvis\u00e9  pour  la  maladie\nd'Ausjeszky, l'arr\u00eat\u00e9  8 octobre 2021  pour la tuberculose bovine et l'arr\u00eat\u00e9 du 23 juin 2003\npour la peste porcine classique.\nTITRE III : DISPOSITIONS FINALES \nARTICLE 10 : non-observation des mesures de prophylaxie\nSauf en cas de force majeure d\u00fbment notifi\u00e9 par l'\u00e9leveur ou le d\u00e9tenteur des animaux \u00e0 la\ndirection d\u00e9partementale de la protection des  populations, la qualification des cheptels\ndont la totalit\u00e9 de la prophylaxie n'est pas termin\u00e9e au 1 er novembre de l'ann\u00e9e N sera\nsuspendue  jusqu'\u00e0  r\u00e9alisation  des  actions  correctives  ;  ils  seront  \u00e9galement  plac\u00e9s  en\nlimitation totale de mouvements.\nPar ailleurs, des sanctions p\u00e9nales pourront \u00eatre prises, conform\u00e9ment \u00e0 la r\u00e9glementation\nen vigueur.\nARTICLE 11     : dur\u00e9e d'application du pr\u00e9sent arr\u00eat\u00e9 \nLe pr\u00e9sent arr\u00eat\u00e9 s'applique dans son int\u00e9gralit\u00e9 jusqu'\u00e0 son abrogation et sous r\u00e9serve de\nmodifications des arr\u00eat\u00e9s susvis\u00e9s.\nARTICLE 12 : ex\u00e9cution \nLe secr\u00e9taire g\u00e9n\u00e9ral de la pr\u00e9fecture de la C\u00f4te-d'Or, le directeur d\u00e9partemental de la\nprotection des populations de la C\u00f4te-d'Or, le commandant du groupement de gendarmerie\nde la C\u00f4te-d'Or, les maires  des  communes  concern\u00e9es et  les v\u00e9t\u00e9rinaires  sanitaires  sont\ncharg\u00e9s, chacun en ce qui le concerne, de l'ex\u00e9cution du pr\u00e9sent arr\u00eat\u00e9 qui sera publi\u00e9 au\nrecueil des actes administratifs de la pr\u00e9fecture de la C\u00f4te-d'Or.\nFait \u00e0 DIJON, \nLe pr\u00e9fet,\nSIGNE\nPaul MOURIER\nDirection d\u00e9partementale de la protection des populations - 57 rue de Mulhouse - 21 033 DIJON Cedex\nt\u00e9l : 03 80 29 43 53... -   courriel : ddpp@cote-dor.gour.fr                                                                                       \nSite internet : http://www.cote-dor.gouv.fr\nDirection d\u00e9partementale de la protection des populations de la C\u00f4te-d'Or - 21-2026-02-26-00002 - Arr\u00eat\u00e9 pr\u00e9fectoral n\u00b0247/2026 du\n26 f\u00e9vrier 2026\nd\u00e9terminant les modalit\u00e9s pratiques et les particularit\u00e9s des op\u00e9rations de prophylaxie \ndes porcins dans le d\u00e9partement de la C\u00f4te-d'Or\n11\nDirection d\u00e9partementale des territoires de la\nC\u00f4te-d'Or\nService Pr\u00e9servation et Am\u00e9nagement de\nl'Espace (SPAE)\n21-2026-02-26-00001\nBAREME REMISE ETAT PRAIRIE RESSEMIS 2026\nsign\u00e9 NM\nDirection d\u00e9partementale des territoires de la C\u00f4te-d'Or - 21-2026-02-26-00001 - BAREME REMISE ETAT PRAIRIE RESSEMIS 2026 sign\u00e9\nNM 12\nCommission d\u00e9partementale de la chasse et de la faune sauvage\nFormation sp\u00e9cialis\u00e9e pour l'indemnisation des d\u00e9g\u00e2ts de gibier\naux cultures et r\u00e9coltes agricoles\nd\u00e9partement de la C\u00f4te-d'Or\nRelev\u00e9 de d\u00e9cisions suite \u00e0 la consultation \u00e9crite du 4 au 17 f\u00e9vrier 2026\nfixation du bar\u00e8me d\u00e9partemental \u00ab\u00a0remises en \u00e9tat des prairies et ressemis des \nprincipales cultures\u00a0\u00bb pour 2026\nUne consultation \u00e9crite a \u00e9t\u00e9 organis\u00e9e du 4 au 17 f\u00e9vrier 2026 inclus pour recueillir l'avis des membres de la  \ncommission d\u00e9partementale de la chasse et de la faune sauvage, dans sa formation sp\u00e9cialis\u00e9e \u00ab \u00a0indemnisation \ndes d\u00e9g\u00e2ts de gibier aux cultures et r\u00e9coltes agricoles \u00a0\u00bb afin de fixer le bar\u00e8me d\u00e9partemental \u00ab \u00a0remise en \u00e9tat \ndes prairies et ressemis des principales cultures\u00a0\u00bb pour 2026.\nA l'issue de cette consultation \u00e9crite, Madame Nadine MUCKENSTURM, directrice d\u00e9partementale adjointe des \nterritoires, repr\u00e9sentant le pr\u00e9fet de la C\u00f4te d'Or, a valid\u00e9 les avis \u00e9mis par les membres de la formation  \nsp\u00e9cialis\u00e9e, qui se sont exprim\u00e9s en faveur du prix moyen du bar\u00e8me adopt\u00e9 par la commission nationale  \nd'indemnisation le 29 janvier 2026.\nLe bar\u00e8me d\u00e9partemental d'indemnisation est donc fix\u00e9 comme suit pour l'ann\u00e9e 2026\u00a0:\nI. Remise en \u00e9tat des prairies\nOp\u00e9rations  Bar\u00e8mes (en \u20ac/ha)\nManuelle 23,08 \u20ac/heure (1)\nHerse (2 passages crois\u00e9s) 97,46\nHerse \u00e0 prairie, \u00e9taupinoir 74,43\nHerse rotative ou alternative (seule) 99,64\nHerse rotative ou alternative + semoir 142,97\nBroyeur \u00e0 marteaux \u00e0 axe horizontal 105,17\nRouleau 40,51\nDirection d\u00e9partementale des territoires de la C\u00f4te-d'Or - 21-2026-02-26-00001 - BAREME REMISE ETAT PRAIRIE RESSEMIS 2026 sign\u00e9\nNM 13\nCharrue 146,65\nRotavator 105,17\nSemoir 74,43\nTraitement 54,88\nSemoir \u00e0 semis direct 85,17\n(1) Le temps n\u00e9cessaire \u00e0 la remise en \u00e9tat est fix\u00e9 d'un commun accord entre l'estimateur et le r\u00e9clamant. Il est \nfonction d'\u00e9l\u00e9ments objectifs inh\u00e9rents \u00e0 la parcelle, la dispersion et \u00e0 la taille des trous. Le nombre de trous  \nqui est usuellement possible de reboucher par heure est entre 50 et 70.\nSelon l'importance des travaux de remise en \u00e9tat, il peut \u00eatre n\u00e9cessaire de proc\u00e9der au passage de plusieurs  \noutils. Dans ce cas le prix global de la remise en \u00e9tat est obtenu en additionnant le prix unitaire de chacun des  \noutils.\nLe surco\u00fbt d'acquisition (HT) de m\u00e9lange de semences sp\u00e9cifiques sera pris en compte sous condition de la  \nfourniture de factures justificatives de l'achat des semences employ\u00e9es pour la r\u00e9implantation (composition  \n\u00e9quivalente \u00e0 la prairie en place).\nII. Ressemis des principales cultures\nOp\u00e9rations Bar\u00e8mes (en \u20ac/ha)\nHerse rotative ou alternative + semoir 142,97\nSemoir 74,43\nTraitement 54,88\nSemoir \u00e0 semis direct 85,17\nSemence certifi\u00e9e de c\u00e9r\u00e9ales 120,30\nSemence certifi\u00e9e de ma\u00efs 215,94\nSemence certifi\u00e9e de pois 223,18\nSemence certifi\u00e9e de colza 107,81\nSemences fourrag\u00e8res 189,57\nLes modalit\u00e9s de ressemis sont fix\u00e9es d'un commun accord entre l'estimateur et le r\u00e9clamant.\nDirection d\u00e9partementale des territoires de la C\u00f4te-d'Or - 21-2026-02-26-00001 - BAREME REMISE ETAT PRAIRIE RESSEMIS 2026 sign\u00e9\nNM 14\nCe bar\u00e8me est valable pour l'indemnisation des travaux effectu\u00e9s entre le 1er\n janvier et le 31\u00a0d\u00e9cembre \n2026.\nLa pr\u00e9sidente de la formation sp\u00e9cialis\u00e9e,\nSign\u00e9\u00a0: Nadine MUCKENSTURM\nConform\u00e9ment aux dispositions de l'article R426-8-2 du code de l'environnement, le pr\u00e9sent relev\u00e9 \nde d\u00e9cision est publi\u00e9 au recueil des actes administratifs de la pr\u00e9fecture de la C\u00f4te-d'Or.\nDirection d\u00e9partementale des territoires de la C\u00f4te-d'Or - 21-2026-02-26-00001 - BAREME REMISE ETAT PRAIRIE RESSEMIS 2026 sign\u00e9\nNM 15\nDirection d\u00e9partementale des territoires de la\nC\u00f4te-d'Or\nService S\u00e9curit\u00e9 et Education Routi\u00e8re\n21-2026-02-23-00010\nAP 418 20260223 RAA M274\nMaintenancePr\u00e9ventive 2-6mars\nDirection d\u00e9partementale des territoires de la C\u00f4te-d'Or - 21-2026-02-23-00010 - AP 418 20260223 RAA M274 MaintenancePr\u00e9ventive\n2-6mars 16\nzsPREFETDELACOTE-D'ORLibert\u00e9Egalit\u00e9Fraternit\u00e9\nDirection d\u00e9partementale des territoires\nde la C\u00f4te-d'Or\nService de la S\u00e9curit\u00e9 et de l'\u00c9ducation Routi\u00e8re\nBureau de la S\u00e9curit\u00e9 Routi\u00e8re\n Dijon, le 23 f\u00e9vrier 2026\n \nArr\u00eat\u00e9 N\u00b0 418\nportant r\u00e9glementation temporaire de la circulation pour la r\u00e9alisation de travaux \nd'entretien (maintenance pr\u00e9ventive des alimentations \u00e9lectriques HT/BT du tunnel de \nTalant et de la tranch\u00e9e couverte) dans les 2 sens de circulation entre les \u00e9changeurs n\u00b034 \net 37 du PR13+200 au PR18+300 sur la M274 sur les communes de Longvic, Dijon, Ruffey-\nles-Echirey, Ahuy, Fontaine-les-Dijon, Daix, Talant, Plombi\u00e8res-les-Dijon et Saint-Apollinaire.\nLe pr\u00e9fet de la C\u00f4te-d'Or\nVU le Code de la Route ;\nVU le Code de la Voirie Routi\u00e8re ;\nVU la loi n\u00b02022-217 du 21 f\u00e9vrier 2022 relative \u00e0 la diff\u00e9renciation, la d\u00e9centralisation, la  \nd\u00e9concentration et portant diverses mesures de simplification de l'action publique locale ;\nVU le d\u00e9cret en Conseil d'\u00c9tat du 6 f\u00e9vrier 1980 d\u00e9clarant d'utilit\u00e9 publique la construction \nde la rocade Est de Dijon et lui conf\u00e9rant le statut de route express ;\nVU le d\u00e9cret 2009- 615 du 3 juin 2009 modifi\u00e9, fixant la liste des routes class\u00e9es \u00e0 grande  \ncirculation ;\nVU le d\u00e9cret n\u00b02022-459 du 30 mars 2022 fixant la liste des voies non conc\u00e9d\u00e9es du  \ndomaine  public  routier  national  qui  peuvent  \u00eatre  transf\u00e9r\u00e9es  aux  d\u00e9partements  et  \nm\u00e9tropoles ou mises \u00e0 disposition des r\u00e9gions dans les conditions pr\u00e9vues aux articles 38  \net 40 de la loi n\u00b02022-217 du 21 f\u00e9vrier 2022 ;\nVU le d\u00e9cret du 10 octobre 2024 nommant Paul MOURIER, pr\u00e9fet de la r\u00e9gion Bourgogne-\nFranche-Comt\u00e9, pr\u00e9fet de la C\u00f4te-d'Or ;\nVU  l'arr\u00eat\u00e9 interminist\u00e9riel du 24 novembre 1967 modifi\u00e9, relatif \u00e0 la signalisation des  \nroutes et autoroutes ;\nVU  l'arr\u00eat\u00e9 interminist\u00e9riel du 6 novembre 1992 modifi\u00e9, approuvant les dispositions de  \nl'instruction interminist\u00e9rielle sur la signalisation routi\u00e8re ;\nDirection d\u00e9partementale des territoires de la C\u00f4te-d'Or\n57 rue de Mulhouse- BP 53317 - 21033 DIJON cedex\nt\u00e9l : 03 80 29 44 44 \u2013 Courriel : ddt@cote-dor.gouv.fr\nDirection d\u00e9partementale des territoires de la C\u00f4te-d'Or - 21-2026-02-23-00010 - AP 418 20260223 RAA M274 MaintenancePr\u00e9ventive\n2-6mars 17\n2/5\nVU  l'arr\u00eat\u00e9  pr\u00e9fectoral  n\u00b021-2023-05-02-00002  du  2  mai  2023  relatif  au  transfert  \u00e0  la \nM\u00e9tropole de Dijon de sections de routes et autoroutes class\u00e9es dans le domaine public  \nroutier national ;\nVU  l'arr\u00eat\u00e9 pr\u00e9fectoral n\u00b0 1010 /SG du 02 juillet 2025 donnant d\u00e9l\u00e9gation de signature \u00e0  \nMadame Aur\u00e9lie CONTRECIVILE, directrice de cabinet du pr\u00e9fet de la C\u00f4te-d'Or ;\nVU la note du 29 janvier 2026 du Minist\u00e8re charg\u00e9 des Transports, fixant le calendrier des  \njours hors chantiers pour l'ann\u00e9e 2026 et le mois de janvier 2027 ;\nVU la demande pr\u00e9sent\u00e9e par la M\u00e9tropole de Dijon - CEI de Dijon le 29 janvier 2026 ;\nVU l'avis favorable de la Direction Interd\u00e9partementale de la Police Nationale en date du  \n29 janvier 2026 ;\nVU l'avis  r\u00e9put\u00e9  favorable  de  l'Escadron  D\u00e9partemental  de  Contr\u00f4le  des  Flux  du  \nGroupement de Gendarmerie de la C\u00f4te-d'Or ;\nCONSID\u00c9RANT que  pendant  les  travaux  d'entretien  (maintenance  des  alimentations  \n\u00e9lectriques HT/BT du tunnel de Talant et de la tranch\u00e9e couverte) sur la M274 il y a lieu de \npr\u00e9ciser les conditions de circulation afin de pr\u00e9venir tout risque d'accident, de faciliter la  \nbonne ex\u00e9cution des travaux et d'assurer un \u00e9coulement satisfaisant du trafic ;\nCONSID\u00c9RANT que la section concern\u00e9e par les travaux est situ\u00e9e hors agglom\u00e9ration ;\nSUR proposition de Madame la Directrice D\u00e9partementale des Territoires de la C\u00f4te-d'Or ;\nARR\u00caTE\nArticle 1 :\nLes  travaux  d'entretien  concernent  la  M274  dans  les  2  sens  de  circulation  entre  les  \n\u00e9changeurs n\u00b0 34 et 37 , du PR13+200 au PR18+300.\nLes dispositions du pr\u00e9sent arr\u00eat\u00e9 s'appliqueront les nuits de 21  h \u00e0 6  h  du lundi 2 au  \nvendredi 6 mars 2026.\nArticle 2 :\nPendant l'ex\u00e9cution des travaux ci-dessus d\u00e9sign\u00e9s sur la M274, la circulation s'effectuera  \ndans les conditions suivantes :\nCoupure d'axe et fermeture de bretelles\nLa M274 sera ferm\u00e9e \u00e0 la circulation de l'\u00e9changeur n\u00b037 Ahuy (PR13+050) \u00e0 l'\u00e9changeur  \nn\u00b034 Plombi\u00e8res les Dijon (PR18+262) dans les 2 sens de circulation :\nFermetures     :   \n\u2022 \u00c9changeur n\u00b034 Plombi\u00e8res les Dijon : fermeture de la section courante au PR \n18+275 sens Paris\u2192Lyon,\n\u2022 \u00c9changeur n\u00b035 de Talant : fermeture de la section courante au PR 16+250 sens \nLyon->Paris et PR 16+225 sens Paris\u2192Lyon,\n\u2022 Echangeur n\u00b036 Daix : fermeture de la bretelle d'entr\u00e9e n\u00b02,\nDirection d\u00e9partementale des territoires de la C\u00f4te-d'Or\n57 rue de Mulhouse- BP 53317 - 21033 DIJON cedex\nt\u00e9l : 03 80 29 44 44 \u2013 Courriel : ddt@cote-dor.gouv.fr\nDirection d\u00e9partementale des territoires de la C\u00f4te-d'Or - 21-2026-02-23-00010 - AP 418 20260223 RAA M274 MaintenancePr\u00e9ventive\n2-6mars 18\n3/5\n\u2022 \u00c9changeur n\u00b037 Ahuy : fermeture de la section courante au PR 13+200 sens Lyon-\n>Paris et de la bretelle d'entr\u00e9e n\u00b02.\nDes d\u00e9viations seront mises en place \u00e0 l'attention des usagers :\nEn direction de Lyon :\n\u25e6 depuis l'\u00e9changeur n\u00b0 34 Plombi\u00e8res (PR 18+262)     :  \n\u25aa M905,\n\u25aa Bd de l'Ouest,\n\u25aa Bd de Ch\u00e8vre Morte,\n\u25aa Bd des Clomiers,\n\u25aa Bd Fran\u00e7ois Pompon,\n\u25aa Bd des Aiguillottes,\n\u25aa Bd des Allobroges,\n\u25aa Bd Mar\u00e9chal Gallieni,\n\u25aa Bd Pascal,\n\u25aa Place St Exup\u00e9ry,\n\u25aa Bd Joffre,\n\u25aa M974 (av de Langres),\n\u25aa retour sur M274 via l'\u00e9changeur n\u00b038 Pompidou (PR12+070).\n\u25e6 depuis l'\u00e9changeur n\u00b0 35 Talant (PR 16+400)     :  \n\u25aa M971 (Bd de Troyes),\n\u25aa Bd Fran\u00e7ois Pompon,\n\u25aa Bd des Aiguillottes,\n\u25aa Bd des Allobroges,\n\u25aa Bd Mar\u00e9chal Gallieni,\n\u25aa Bd Pascal,\n\u25aa Place Saint-Exup\u00e9ry,\n\u25aa Bd Joffre,\n\u25aa M974 (av de Langres),\n\u25aa retour sur M274 via l'\u00e9changeur n\u00b038 Pompidou (PR 12+070).\n\u25e6 depuis l'\u00e9changeur n\u00b036 Daix (PR 15+600)     :  \n\u25aa Rue d'Hauteville,\n\u25aa Route de Dijon,\n\u25aa M107 (rue d'Hauteville, rue de Dijon),\n\u25aa Bd des Allobroges,\n\u25aa Bd Mar\u00e9chal Gallieni,\n\u25aa Bd Pascal,\n\u25aa Place Saint-Exup\u00e9ry,\n\u25aa Bd Joffre,\n\u25aa M974 (av de Langres),\n\u25aa retour sur M274 via l'\u00e9changeur n\u00b038 Pompidou (PR 12+070).\nEn direction de Paris :\n\u25e6 depuis l'\u00e9changeur n\u00b0     37 Ahuy (PR 13+050)     :  \n\u25aa M274,\nDirection d\u00e9partementale des territoires de la C\u00f4te-d'Or\n57 rue de Mulhouse- BP 53317 - 21033 DIJON cedex\nt\u00e9l : 03 80 29 44 44 \u2013 Courriel : ddt@cote-dor.gouv.fr\nDirection d\u00e9partementale des territoires de la C\u00f4te-d'Or - 21-2026-02-23-00010 - AP 418 20260223 RAA M274 MaintenancePr\u00e9ventive\n2-6mars 19\n4/5\n\u25aa \u00c9changeur n\u00b038 Pompidou bretelle n\u00b03,\n\u25aa M974 (av de Langres/ av du Drapeau),\n\u25aa Bd Mar\u00e9chal Gallieni,\n\u25aa Bd des Allobroges,\n\u25aa Bd des Aiguillottes,\n\u25aa Bd Fran\u00e7ois Pompon,\n\u25aa Bd des Clomiers,\n\u25aa Bd de Ch\u00e8vre Morte,\n\u25aa Bd de l'Ouest,\n\u25aa M905,\n\u25aa retour sur M274 via l'\u00e9changeur n\u00b034 Plombi\u00e8res (PR18+262).\n\u25e6 depuis l'\u00e9changeur n\u00b0 35 Talant (PR 16+400)     :  \n\u25aa M971 (Bd de Troyes),\n\u25aa Bd des Clomiers,\n\u25aa Bd de Ch\u00e8vre Morte,\n\u25aa Bd de l'Ouest,\n\u25aa M905,\n\u25aa retour sur M274 via l'\u00e9changeur n\u00b034 Plombi\u00e8res (PR18+262).\nArticle 3 :\nCertaines  phases  pr\u00e9paratoires  ou  de  mise  en  place  de  la  signalisation  du  chantier  \npourront  n\u00e9cessiter  des  r\u00e9ductions  momentan\u00e9es  de  chauss\u00e9e  ou  des  interruptions  \ncourtes de circulation.\nArticle 4 :\nSur le parcours des sections soumises \u00e0 ces restrictions provisoires, les conducteurs des  \nv\u00e9hicules devront le cas \u00e9ch\u00e9ant, se conformer aux indications des services de police, des \nservices de secours ou des agents du CEI de Dijon M\u00e9tropole , tant en ce qui concerne le  \ntrajet \u00e0 suivre que l'arr\u00eat s'il leur est prescrit.\nArticle 5 :\nLe passage des convois exceptionnels sera interdit sur l'itin\u00e9raire de d\u00e9viation.\nArticle 6 :\nLa signalisation r\u00e9glementaire, conforme \u00e0 l'instruction interminist\u00e9rielle (Livre I \u2013 8e partie) \napprouv\u00e9e par arr\u00eat\u00e9 interminist\u00e9riel le 6 novembre 1992 et aux manuels du chef de  \nchantier, sera fournie, mise en place et maintenue par le CEI de Dijon.\nArticle 7 :\nLes infractions au pr\u00e9sent arr\u00eat\u00e9 seront constat\u00e9es par proc\u00e8s-verbaux dress\u00e9s par les  \nforces de l'ordre.\nArticle 8 :\nLors de l'ach\u00e8vement des travaux et avant le r\u00e9tablissement normal de la circulation, la  \nchauss\u00e9e devra \u00eatre propre et satisfaire aux conditions normales de s\u00e9curit\u00e9.\nDirection d\u00e9partementale des territoires de la C\u00f4te-d'Or\n57 rue de Mulhouse- BP 53317 - 21033 DIJON cedex\nt\u00e9l : 03 80 29 44 44 \u2013 Courriel : ddt@cote-dor.gouv.fr\nDirection d\u00e9partementale des territoires de la C\u00f4te-d'Or - 21-2026-02-23-00010 - AP 418 20260223 RAA M274 MaintenancePr\u00e9ventive\n2-6mars 20\n5/5\nArticle 9 :\nLe pr\u00e9sent arr\u00eat\u00e9 sera affich\u00e9 aux abords imm\u00e9diats du chantier.\nArticle 10 :\nLe pr\u00e9sent arr\u00eat\u00e9 peut faire l'objet d'un recours gracieux aupr\u00e8s du pr\u00e9fet et/ou d'un  \nrecours contentieux devant le tribunal administratif dans un d\u00e9lai de 2 mois \u00e0 compter de  \nsa notification.\nLe tribunal administratif peut \u00eatre saisi par un recours d\u00e9pos\u00e9 via l'application T\u00e9l\u00e9recours  \ncitoyens accessible par le site internet www.telerecours.fr \u00bb.\nArticle 11 :\n- La Directrice de Cabinet du pr\u00e9fet de la C\u00f4te-d'Or,\n- Le Pr\u00e9sident de Dijon M\u00e9tropole,\n- Le Directeur Interd\u00e9partemental de la Police Nationale,\nsont charg\u00e9s, chacun en ce qui le concerne, de l'ex\u00e9cution du pr\u00e9sent arr\u00eat\u00e9.\nLe pr\u00e9sent arr\u00eat\u00e9 sera publi\u00e9 au recueil des actes administratifs de la Pr\u00e9fecture de la C\u00f4te-\nd'Or.\nUne copie du pr\u00e9sent arr\u00eat\u00e9 sera adress\u00e9e pour information :\n- au  Commandant  de  la  R\u00e9gion  de  Gendarmerie  de  Bourgogne-Franche-Comt\u00e9,  \ncommandant du groupement de la C\u00f4te-d'Or,\n- au Service D\u00e9partemental d'Incendie et de Secours de la C\u00f4te-d'Or,\n- \u00e0 la direction du SAMU de Dijon,\n- au CEI de Dijon M\u00e9tropole,\n- \u00e0 la direction de l'exploitation de Dijon M\u00e9tropole,\n- \u00e0 la direction d\u00e9partementale des territoires de la Sa\u00f4ne-et-Loire, service des transports  \nexceptionnels,\n- aux  communes  de  Longvic,  Dijon,  Ruffey-les-Echirey,  Ahuy,  Fontaine-les-Dijon,  Daix,  \nTalant, Plombi\u00e8res-les-Dijon et Saint-Apollinaire.\nFait \u00e0 Dijon, le 23 f\u00e9vrier 2026\nLe pr\u00e9fet,\nPour le pr\u00e9fet et par d\u00e9l\u00e9gation ,\nLa directrice de cabinet,\nSIGN\u00c9\nAur\u00e9lie CONTRECIVILE\nDirection d\u00e9partementale des territoires de la C\u00f4te-d'Or\n57 rue de Mulhouse- BP 53317 - 21033 DIJON cedex\nt\u00e9l : 03 80 29 44 44 \u2013 Courriel : ddt@cote-dor.gouv.fr\nDirection d\u00e9partementale des territoires de la C\u00f4te-d'Or - 21-2026-02-23-00010 - AP 418 20260223 RAA M274 MaintenancePr\u00e9ventive\n2-6mars 21\nPr\u00e9fecture de la C\u00f4te-d'Or\nDirection des Collectivit\u00e9s locales et des\nElections \n21-2026-02-27-00001\nArr\u00eat\u00e9 modificatif N\u00b0 428\nPortant modification des horaires de cl\u00f4ture DE\nscrutin dans certaines communes pour Les\n\u00e9lections MUNICIPALES ET COMMUNAUTAIRES\nDES 15 et 22 mars 2026\nPr\u00e9fecture de la C\u00f4te-d'Or - 21-2026-02-27-00001 - Arr\u00eat\u00e9 modificatif N\u00b0 428\nPortant modification des horaires de cl\u00f4ture DE scrutin dans certaines communes pour Les \u00e9lections MUNICIPALES ET\nCOMMUNAUTAIRES DES 15 et 22 mars 2026\n22\nExPREFETDE LACOTE-D'ORLibert\u00e9Egalit\u00e9Fraternit\u00e9\nSecr\u00e9tariat G\u00e9n\u00e9ral\nDirection des Collectivit\u00e9s Locales et des \u00c9lections\nAffaire suivie par Tassadit YASSA                     Dijon, le 27 f\u00e9vrier 2026\nBureau des \u00e9lections et de la r\u00e9glementation/ Adjointe \u00e0 la Cheffe de bureau\nT\u00e9l : 03.80.44.65.41\nm\u00e9l : pref-elections@cote-dor.gouv.fr\nArr\u00eat\u00e9 modificatif N\u00b0 428\nPORTANT MODIFICATION DES HORAIRES DE CL\u00d4TURE DE SCRUTIN DANS CERTAINES COMMUNES \nPOUR LES \u00c9LECTIONS MUNICIPALES ET COMMUNAUTAIRES DES 15 ET 22 MARS 2026\nLe pr\u00e9fet de la C\u00f4te-d'Or\nVU le code \u00e9lectoral et notamment ses articles L. R.41 et R. 208 ;\nVU le d\u00e9cret n\u00b0 2025-848 du 27 ao\u00fbt 2025 fixant la date du renouvellement des conseillers municipaux  \net communautaires, des conseillers m\u00e9tropolitains de Lyon, des conseillers de Paris et des conseillers  \nd'arrondissement de Paris, Lyon et Marseille et portant convocation des \u00e9lecteurs;\nVU l'arr\u00eat\u00e9 pr\u00e9fectoral n\u00b0 813/SG du 13 juin 2025 donnant d\u00e9l\u00e9gation de signature \u00e0 Monsieur Denis  \nBRUEL secr\u00e9taire g\u00e9n\u00e9ral de la pr\u00e9fecture de la C\u00f4te-d'Or ;\nVu  les  demandes  pr\u00e9sent\u00e9es  par  les  maires  des  communes  de  Chen\u00f4ve,  Dijon,  Fontaine-les-Dijon,  \nLongvic, Quetigny, Saint-Apollinaire et Talant ;\nSUR proposition du Secr\u00e9taire G\u00e9n\u00e9ral de la Pr\u00e9fecture de la C\u00f4te d'Or \nARR\u00caTE\nArticle 1 er : Le dimanche 15 mars 2026 et s'il y a lieu le dimanche 22 mars 2026, le scrutin pour les  \n\u00e9lections municipales et communautaires se d\u00e9roulera de 8  heures \u00e0 18  heures pour les communes du  \nd\u00e9partement de la C\u00f4te d'Or,\n\u00e0 l'exception des communes de :\nChen\u00f4ve, Dijon, Fontaine-les-Dijon,\nLongvic, Quetigny, Saint-Apollinaire et Talant\no\u00f9 le scrutin sera clos \u00e0 19 heures.\nPr\u00e9fecture de la C\u00f4te-d'Or - 21-2026-02-27-00001 - Arr\u00eat\u00e9 modificatif N\u00b0 428\nPortant modification des horaires de cl\u00f4ture DE scrutin dans certaines communes pour Les \u00e9lections MUNICIPALES ET\nCOMMUNAUTAIRES DES 15 et 22 mars 2026\n23\nArticle 2  : Le Secr\u00e9taire G\u00e9n\u00e9ral de la Pr\u00e9fecture de la C\u00f4te d'Or, les maires des communes de  \nChen\u00f4ve, Dijon, Fontaine-les-Dijon, Longvic, Quetigny, Saint-Apollinaire et Talant sont charg\u00e9s de  \nl'ex\u00e9cution du pr\u00e9sent arr\u00eat\u00e9 qui sera publi\u00e9 au Recueil des Actes Administratifs de la Pr\u00e9fecture et  \naffich\u00e9 aux emplacements officiels des communes concern\u00e9es.\n      Fait \u00e0 Dijon, le 27 f\u00e9vrier 2026\nLe Pr\u00e9fet,\nPour le Pr\u00e9fet et par d\u00e9l\u00e9gation,\nLe Secr\u00e9taire G\u00e9n\u00e9ral,\nsign\u00e9\nDenis BRUEL\nVoies et d\u00e9lais de recours : le pr\u00e9sent arr\u00eat\u00e9 peut faire l'objet, dans un d\u00e9lai de deux mois suivant sa publication, d'un recours gracieux aupr\u00e8s  \ndu pr\u00e9fet de la C\u00f4te d'Or, d'un recours hi\u00e9rarchique aupr\u00e8s du ministre de l'Int\u00e9rieur - Direction de la modernisation \u2013 Place Beauvau \u2013 75800  \nParis Cedex 08 ou d'un recours contentieux aupr\u00e8s du tribunal administratif de Dijon \u2013 22, rue d'Assas BP61616 \u2013 210016 Dijon Cedex\nPr\u00e9fecture de la C\u00f4te-d'Or - 21-2026-02-27-00001 - Arr\u00eat\u00e9 modificatif N\u00b0 428\nPortant modification des horaires de cl\u00f4ture DE scrutin dans certaines communes pour Les \u00e9lections MUNICIPALES ET\nCOMMUNAUTAIRES DES 15 et 22 mars 2026\n24\nPr\u00e9fecture de la C\u00f4te-d'Or\nDirection des Collectivit\u00e9s locales et des\nElections \n21-2026-02-24-00007\nArr\u00eat\u00e9 portant cr\u00e9ation du syndicat mixte de la\ncuisine centrale mutualis\u00e9e \nPr\u00e9fecture de la C\u00f4te-d'Or - 21-2026-02-24-00007 - Arr\u00eat\u00e9 portant cr\u00e9ation du syndicat mixte de la cuisine centrale mutualis\u00e9e 25\nExPREFETDE LACOTE-D'ORLibert\u00e9Egalit\u00e9Fraternit\u00e9\nDIRECTION DES COLLECTIVIT\u00c9S LOCALES ET DES \u00c9LECTIONS\nBUREAU DES COLLECTIVIT\u00c9S LOCALES\nAffaire suivie par : Isabelle AMSALLEM\nT\u00e9l : 03.80.44.66.16\nm\u00e9l : isabelle.amsallem@cote-dor.gouv.fr\nArr\u00eat\u00e9\nportant cr\u00e9ation du syndicat mixte de la cuisine centrale mutualis\u00e9e\nLe pr\u00e9fet de la r\u00e9gion Bourgogne-Franche-Comt\u00e9\nPr\u00e9fet de la C\u00f4te-d'Or\nVU le code g\u00e9n\u00e9ral des collectivit\u00e9s territoriales, et notamment ses articles  L.5711-1 et s., L.5211-5,  \nL.5212-2 et L.5214-27 ;\nVU le d\u00e9cret du 10 octobre 2024 portant nomination de M. Paul MOURIER en tant que pr\u00e9fet de la  \nr\u00e9gion Bourgogne-Franche-Comt\u00e9, pr\u00e9fet de la C\u00f4te-d'Or ; \nVU la  d\u00e9cision  institutive  de  la  communaut\u00e9  de  communes  Auxonne-Pontailler  Val  de  Sa\u00f4ne  du  \n25 mai 2018 et celle de la communaut\u00e9 de communes Mirebellois et Fontenois du 31 janvier 2019,  \nmodifi\u00e9e par l'arr\u00eat\u00e9 du 13 juillet 2021 ;\nVU la d\u00e9lib\u00e9ration de la communaut\u00e9 de communes Auxonne-Pontailler Val de Sa\u00f4ne n\u00b0 CC 66-960  \n201125 du 20 novembre 2025 ;\nVU l a  d\u00e9lib\u00e9ration  de  la  communaut\u00e9  de  communes  Mirebellois  et  Fontenois  n\u00b0  2025-05-01  du  \n05 novembre 2025 ;\nVU les d\u00e9lib\u00e9rations des conseils municipaux des communes membres de chacune des communaut\u00e9s  \nde  communes  sollicitant  la  cr\u00e9ation  du  syndicat  mixte,  exprimant  leur  accord  donn\u00e9  dans  les  \nconditions de majorit\u00e9 qualifi\u00e9e requises ; \nVU l'avis favorable de la commission d\u00e9partementale de coop\u00e9ration intercommunale de la C\u00f4te-\nd'Or \u00e9mis lors de la s\u00e9ance du 16 f\u00e9vrier 2026 ;\nVU le courrier du directeur des finances publiques de Bourgogne Franche-Comt\u00e9 et du d\u00e9partement de \nla C\u00f4te-d'or par int\u00e9rim en date du 18 f\u00e9vrier 2026 ;\nCONSID\u00c9RANT que  les  conditions  de  majorit\u00e9  requises  par  le  code  g\u00e9n\u00e9ral  des  collectivit\u00e9s  \nterritoriales sont remplies ;\nSUR proposition du secr\u00e9taire g\u00e9n\u00e9ral de la pr\u00e9fecture de la C\u00f4te-d'Or ;\nPr\u00e9fecture de la C\u00f4te-d'Or \u2013 \nBureau des collectivit\u00e9s locales  - 53 rue de la Pr\u00e9fecture \u2013 21041 DIJON cedex\nm\u00e8l : pref-intercommunalite@cote-dor.gouv.fr\nSite internet : http://www.cote-dor.gouv.fr\nPr\u00e9fecture de la C\u00f4te-d'Or - 21-2026-02-24-00007 - Arr\u00eat\u00e9 portant cr\u00e9ation du syndicat mixte de la cuisine centrale mutualis\u00e9e 26\nARR\u00caTE\nArticle  1er  :  il  est  cr\u00e9\u00e9,  \u00e0  compter  du  1 er mai  2026,  le  \u00ab syndicat  mixte  de  la  cuisine  centrale  \nmutualis\u00e9e \u00bb, ci-apr\u00e8s d\u00e9nomm\u00e9 le syndicat ;\nArticle 2  : les membres du syndicat sont les communaut\u00e9s de communes Auxonne-Pontailler Val de  \nSa\u00f4ne et Mirebellois et Fontenois ;\nArticle 3 : le syndicat rel\u00e8ve de la cat\u00e9gorie des syndicats mixtes ferm\u00e9s ;\nArticle  4 : son  si\u00e8ge  social  est  situ\u00e9  dans  les  locaux  de  la  communaut\u00e9  de  communes  Auxonne-\nPontailler Val de Sa\u00f4ne ; Ancienne route nationale - 21130 AUXONNE ;\nArticle 5 : le syndicat est rattach\u00e9 au service de gestion comptable d'Auxonne ;\nArticle 6 : le syndicat est constitu\u00e9 pour une dur\u00e9e ind\u00e9termin\u00e9e ;\nArticle 7 :  le syndicat est r\u00e9gi, \u00e0 compter de sa cr\u00e9ation, par les statuts annex\u00e9s au pr\u00e9sent arr\u00eat\u00e9 ;\nArticle 8 :  en application des dispositions des articles R421-1, R421-5 et R312-1 du code de justice  \nadministrative, le pr\u00e9sent arr\u00eat\u00e9 peut faire l'objet d'un recours contentieux dans un d\u00e9lai de deux mois  \n\u00e0 compter de sa publication aupr\u00e8s du Tribunal Administratif de Dijon, 22 rue d'Assas - BP 61616 -  \n21016 Dijon ou greffe.ta-dijon@juradm.fr. \nArticle 9 :  le secr\u00e9taire g\u00e9n\u00e9ral de la pr\u00e9fecture de la C\u00f4te-d'Or, la pr\u00e9sidente d e la communaut\u00e9 de  \ncommunes  Auxonne-Pontailler  Val  de  Sa\u00f4ne  et le  pr\u00e9sident  de  la  communaut\u00e9  de  communes  \nMirebellois et Fontenois, sont charg\u00e9s, chacun en ce qui le concerne de l'ex\u00e9cution du pr\u00e9sent arr\u00eat\u00e9  \nqui sera publi\u00e9 au recueil des actes administratifs de la pr\u00e9fecture et dont copie sera adress\u00e9e, pour  \ninformation \u00e0 :\n\u2022 M. le pr\u00e9sident de la Chambre R\u00e9gionale des Comptes de Bourgogne-Franche-Comt\u00e9 ;\n\u2022 M. le directeur r\u00e9gional des finances publiques de la Bourgogne-Franche-Comt\u00e9 et de la C\u00f4te-\nd'Or par int\u00e9rim ;\n\u2022 M. le directeur des archives d\u00e9partementales de la C\u00f4te-d'Or ;\n\u2022 M. le directeur d\u00e9partemental de la protection des populations de la C\u00f4te-d'Or ;\n\u2022 M. le directeur g\u00e9n\u00e9ral de l'agence r\u00e9gionale de sant\u00e9 de Bourgogne-Franche-Comt\u00e9. \nFait \u00e0 Dijon, le 24 f\u00e9vrier 2026\nLe pr\u00e9fet,\nsign\u00e9\nPaul MOURIER\nPr\u00e9fecture de la C\u00f4te-d'Or \u2013 \nBureau des collectivit\u00e9s locales  - 53 rue de la Pr\u00e9fecture \u2013 21041 DIJON cedex\nm\u00e8l : pref-intercommunalite@cote-dor.gouv.fr\nSite internet : http://www.cote-dor.gouv.fr\nPr\u00e9fecture de la C\u00f4te-d'Or - 21-2026-02-24-00007 - Arr\u00eat\u00e9 portant cr\u00e9ation du syndicat mixte de la cuisine centrale mutualis\u00e9e 27\nCHAPITRE 1 \u2014- FORME JURIDIQUE/ COMPETENCE ET PERIMETRE.....0...00.ccccc0cc0cc00000e0-Article 1\u00b0 \u2014 Forme juridique et membres... cccceeeesesseseeeeeeeesneeees1-1 Forme juridique. |1-2 Membres.Article 2\ndnonsnnassstssnneenenseenanesesess\nnm*\nSamete es rss oo sennennannessnnaunns\nOO (OO OO GO AaONNNNN DUH OB BB DBR CO N NN NNN ND\n\u2014 Si\u00e8ge du Syndicat 4...Article 3 \u2014 Dur\u00e9e du Syndicat.................. eee caaeseeeeeeeeeseassreuaesArticle 4 \u2014 Objet... eee eeeceteeeeeeceneeeesArticle5 \u2014Habilitation....................................... eeCHAPITRE 2 - ADMINISTRATION... | aArticle 6 \u2014 Comit\u00e9 Syndical .....0..0c ce k ES6-1 Composition du Comit\u00e9 Syndic\u00e4of } tanasoonreees sun nrouseests\nPee meee ee eae oeenersrsareserssenes\nec  ee  ee  ee\nCELLES TT EE EE ETS EESTI\ndense enmsto sonne eseneoss\nCCRELETENEEEE EE EETEEETT EEE\nArti\u00e9le ylement int\u00e9rieur 2%...VSFINANCIERES.......... DArticle9 = Budget...\ntoners  eeey eee  eeee  ee ee ee\nArticle 10 \u2014 R\u00e9partition des contributions entre les EPC] membres ..........c.ccccccceee.Article 11 \u2014 Comptabilit\u00e9 00... ce ccccccececeeensseseeeeeeseesseenueeeseseenersaeeeceueeneneensCHAPITRE4 - MODIFICATIONS ET DISSOLUTION. eee.Article 12 \u2014 Modifications des statuts ..Article 13 \u2014 Adh\u00e9sion au Syndicat.Article 14\nnone\n..\nx\"\n..\n.\n.\"..\n*..\n\u00bb\n.et M Sn  eee  ee ee ee nan  ee eee ee ey\nRetraitdu Syndicat...Article 15 \u2014 Dissolution... iiiArticle16 \u2014 Dispositions finales...\nPage 1 sur 8\nPr\u00e9fecture de la C\u00f4te-d'Or - 21-2026-02-24-00007 - Arr\u00eat\u00e9 portant cr\u00e9ation du syndicat mixte de la cuisine centrale mutualis\u00e9e 28\nCHAPITRE 1 \u2014 FORME JURIDIQUE / COMPETENCE ET PERIMETRE\nArticle 1\u00b0 \u2014 Forme juridique et membres1-1 Forme juridiqueConform\u00e9ment aux articles L. 5711-1 et suivants du Code g\u00e9n\u00e9ral des collectivit\u00e9sterritoriales (CGCT), aux dispositions auxquelles ils renvoient et sous r\u00e9serve desdispositions des pr\u00e9sents statuts, il est constitu\u00e9, par accord entre les personnesmorales de droit public concern\u00e9es, un Syndicat mixte ferm\u00e9, d\u00e9nomm\u00e9 : Syndicatmixte de la cuisine centrale mutualis\u00e9e.1-2 MembresAdherent au Syndicat, en tant que membresentit\u00e9s suivantes :- La Communaut\u00e9 de communes Auxonne\ngane d\u00e9lib\u00e9rant du Syndicat sei-ci sur le territoire de lune de ses\ne illimit\u00e9e.\npour objet l'exercice, en lieu et place de ses membres, desmissions relatives restauration collective dans la limite des comp\u00e9tences ci-apr\u00e8sd\u00e9finies.1. Phase de conception et de r\u00e9alisation de l'\u00e9quipementLe syndicat est comp\u00e9tent pour la construction, l'am\u00e9nagement, l'\u00e9quipementet la mise en service d'une cuisine centrale intercommunale destin\u00e9e \u00e0 lapr\u00e9paration et \u00e0 la livraison de repas \u00e0 destination des restaurants scolaires,des sites p\u00e9riscolaires - extrascolaires et des structures d'accueil de la petiteenfance des membres du syndicat.\u00c0 ce titre, il assure notamment :\nPage 2 sur 8\nPr\u00e9fecture de la C\u00f4te-d'Or - 21-2026-02-24-00007 - Arr\u00eat\u00e9 portant cr\u00e9ation du syndicat mixte de la cuisine centrale mutualis\u00e9e 29\no La maitrise d'ouvrage de l'op\u00e9ration (\u00e9tudes, acquisitions fonci\u00e8res,travaux, \u00e9quipements, autorisations r\u00e9glementaires, mise en conformit\u00e9,etc.);o La gestion des march\u00e9s publics n\u00e9cessaires \u00e0 la conception et \u00e0 lar\u00e9alisation de l'\u00e9quipement ;o La recherche de financements et la gestion des subventions aff\u00e9rentes\u00e0 cette op\u00e9ration.2. Phase d'exploitation\u00c0 compter de la mise en service de la cuisine centrale, le syndicat devientcomp\u00e9tent pour :o La production, la gestion et la livraisrestaurants scolaires, sites p\u00e9riscolarelevant des membres du syndicaLa gestion et l'entretien de la cuisLa passation et l'ex\u00e9cution del'exploitation du service (fournietc.) ;o La mise en \u0153uvre de touts\u00e9curit\u00e9 sanitaire, la r\u00e9lapprovisionnem\nrepas a destination desxtrascolaires et cr\u00e8chescentrale etcontrat ou cons \u00e9quipements;ion n\u00e9cessaire \u00e0\nLe Syndica exercer les activit\u00e9s qui pr\u00e9sentent un caract\u00e8re accessoire \u00e0 sescomp\u00e9tences.\n+ll est autoris\u00e9 \u00e0 r\u00e9aliser, au profit de ses adh\u00e9rents ainsi que des collectivit\u00e9sterritoriales, groupements de collectivit\u00e9s, \u00e9tablissements publics, associations etautres pouvoirs adjudicateurs non-membres ou encore au profit de personnes priv\u00e9es,des missions et prestations se rattachant a ses comp\u00e9tences ou dans leurprolongement. Ces interventions s'effectuent suivant les modalit\u00e9s pr\u00e9vues par les loiset r\u00e8glements en vigueur.\nPage 3 sur 8\nPr\u00e9fecture de la C\u00f4te-d'Or - 21-2026-02-24-00007 - Arr\u00eat\u00e9 portant cr\u00e9ation du syndicat mixte de la cuisine centrale mutualis\u00e9e 30\nCHAPITRE 2 \u2014 ADMINISTRATIONArticle 6 \u2014 Comit\u00e9 Syndical6-1 Composition du Comit\u00e9 Syndical (gouvernance en cours de concertation)Le Syndicat est administr\u00e9 par un Comit\u00e9 syndical, compos\u00e9 de 8 Elus, Comit\u00e9 plac\u00e9sous la pr\u00e9sidence de son Pr\u00e9sident.Il est compos\u00e9 de d\u00e9l\u00e9gu\u00e9s \u00e9lus par les assembl\u00e9es d\u00e9lib\u00e9rantes des deux entit\u00e9sadh\u00e9rentes, \u00e0 raison :- de 4 d\u00e9l\u00e9gu\u00e9s titulaires pour la Communaut\u00e9 de com Auxonne-Pontailler-Valde Sa\u00f4ne,- de 4 d\u00e9l\u00e9gu\u00e9s titulaires pour la Communaut\u00e9 d T ; Mirebellois et Fontenois,Un nombre \u00e9gal de d\u00e9l\u00e9gu\u00e9s suppl\u00e9ants ser6-2 Attributions du Comit\u00e9 syndical:Le Comit\u00e9 syndical r\u00e8gle, par ses d\u00e9lib\u00e9radu Syndicat.Il valide les orientations gadministratif.Le Comit\u00e9 syndica\ntratif ;budg\u00e9taire prises \u00e0 la suite d'une mise en demeure'article L. 1612-15 :elatives aux modifications des conditions initiales de composition,ent et de dur\u00e9e du Syndicat ;- De l'adh\u00e9sio Syndicat a un autre \u00e9tablissement public :- Dela d\u00e9l\u00e9gation de la gestion d'un service public ;- Des dispositions portant orientation en mati\u00e8re d'am\u00e9nagement de l'espace,d'\u00e9quilibre social de l'habitat et de politique de la ville.\nde fonction\n6-3 Fonctionnement du Comit\u00e9 syndical6-3-1 P\u00e9riodicit\u00e9 des r\u00e9unions du Comit\u00e9 syndical et modalit\u00e9s de convocationLe Comit\u00e9 syndical se r\u00e9unit au moins une fois par semestre, sur convocation de sonPr\u00e9sident.\nPage 4 sur 8\nPr\u00e9fecture de la C\u00f4te-d'Or - 21-2026-02-24-00007 - Arr\u00eat\u00e9 portant cr\u00e9ation du syndicat mixte de la cuisine centrale mutualis\u00e9e 31\nLe Pr\u00e9sident est tenu de le convoquer dans un d\u00e9lai maximal de trente jours quand lademande motiv\u00e9e lui en est faite par le Pr\u00e9fet ou par le tiers au moins des membresdu Comit\u00e9 syndical en exercice. |Sur la demande de cinq membres ou du Pr\u00e9sident, l'organe d\u00e9lib\u00e9rant peut d\u00e9cider,sans d\u00e9bat, \u00e0 la majorit\u00e9 absolue de ses membres pr\u00e9sents ou repr\u00e9sent\u00e9s, qu'il ser\u00e9unit \u00e0 huis clos.Les convocations sont adress\u00e9es \u00e0 chaque membre du Comit\u00e9 syndical dans un d\u00e9laide cinq jours francs au moins avant celui de la r\u00e9union. En cas d'urgence, le d\u00e9lai peut\u00eatre abr\u00e9g\u00e9 par le Pr\u00e9sident sans pouvoir \u00eatre toutefois inf\u00e9rieur \u00e0 un jour franc. LePr\u00e9sident en rend compte d\u00e8s l'ouverture de la s\u00e9ance au Comit\u00e9 syndical qui seprononce sur l'urgence et peut d\u00e9cider le renvoi de la discussion, pour tout ou partie,\u00e0 l'ordre du jour d'une s\u00e9ance ult\u00e9rieure.6-3-2 QuorumLe Comit\u00e9 syndical ne peut statuer valablement que lorsquemembres en exercice est pr\u00e9sente. ajorit\u00e9 de ses\nA d\u00e9faut, le Pr\u00e9sident convoque de noudu jour \u00e0 trois jours au moins d'intervavalablement sans condition de-quorysyndical avec le m\u00eame ordre>mit\u00e9 syndical d\u00e9lib\u00e8re alors\nal, la voix du Pr\u00e9sident est\nLe nombre de Vice-Pr\u00e9sidents et autres membres du Bureau sera d\u00e9termin\u00e9 par leComit\u00e9 syndical, dans le respect des dispositions de l'article L5111-10 du CGCTapplicables. Le mandat des membres du Bureau prend fin en m\u00eame temps que celuides membres du Comit\u00e9 syndical.7-2 Fonctionnement du BureauLe Bureau se r\u00e9unit sur proposition du Pr\u00e9sident ou de la majorit\u00e9 des membres duBureau.\nPage 5 sur 8\nPr\u00e9fecture de la C\u00f4te-d'Or - 21-2026-02-24-00007 - Arr\u00eat\u00e9 portant cr\u00e9ation du syndicat mixte de la cuisine centrale mutualis\u00e9e 32\nDans le cas o\u00f9 le Bureau n'a pas re\u00e7u de d\u00e9l\u00e9gation, il fonctionne en organe de travailinterne du Syndicat pour les affaires ult\u00e9rieurement soumises au Comit\u00e9 Syndical ouau Pr\u00e9sident.Dans le cas o\u00f9 le Bureau a re\u00e7u d\u00e9l\u00e9gation d'une partie des attributions du Comit\u00e9syndical, ces d\u00e9cisions seront alors prises selon les m\u00eames modalit\u00e9s que cellesappliqu\u00e9es au Comit\u00e9 syndical. La voix du Pr\u00e9sident est alors pr\u00e9pond\u00e9rante en casde partage des voix.Le fonctionnement du Bureau est pr\u00e9cis\u00e9 dans le r\u00e8glement int\u00e9rieur.Le Bureau peut entendre toute personne qu'il d\u00e9sire consu:7-3 Attributions du Bureau et du Pr\u00e9sident7-3-1 Le BureauLe Bureau peut recevoir d\u00e9l\u00e9gation d'une des attributions \u00ab omit\u00e9 syndical,\nLors de chaque r\u00e9union de l'organe d\u00e9lib\u00e9rant, | nt rend:compte des travauxdu Bureau et des attributions ati omite Syndical.\nu, organise leurs travaux et pr\u00e9sideu Comit\u00e9 syndical ;s, il prescrit l'ex\u00e9cution des recettes ;\nsa surveillance et S\u00e4-responsabilit\u00e9, l'exercice d'une partie de ses fonctions aux Vice-Pr\u00e9sidents et, en l'a ce ou en cas d'emp\u00eachement de ces derniers ou d\u00e8s lors queceux-ci sont tous titulaires d'une d\u00e9l\u00e9gation \u00e0 des agents dans le respect desdispositions de l'article L. 5211-9 du CGCT.7-3-3 Les Vice-Pr\u00e9sidentsLes Vice-Pr\u00e9sidents remplacent, dans l'ordre de nomination, le Pr\u00e9sident en casd'absence ou d'emp\u00e9chement.\nPage 6 sur 8\nPr\u00e9fecture de la C\u00f4te-d'Or - 21-2026-02-24-00007 - Arr\u00eat\u00e9 portant cr\u00e9ation du syndicat mixte de la cuisine centrale mutualis\u00e9e 33\nArticle 8 \u2014 R\u00e8glement int\u00e9rieurLes r\u00e8gles de fonctionnement du Comit\u00e9 Syndical sont pr\u00e9cis\u00e9es par un R\u00e8glementint\u00e9rieur approuv\u00e9 par le Comit\u00e9 syndical.\nCHAPITRE 3 \u2014 DISPOSITIONS FINANCIERESArticle 9 \u2014 BudgetLe Syndicat pourvoit sur son budget aux d\u00e9penses de fonctionnement etd'investissement n\u00e9cessaires \u00e0 l'exercice de ses comp\u00e9tences.Les recettes du budget du Syndicat comprennent, conf ment aux dispositions del'article L. 5212-19 du CGCT :- Les contributions des membres fix\u00e9es ann omit\u00e9 syndical ;- Le revenu des biens, meubles ou immeu- Les sommes qu'il re\u00e7oit des adminiparticuliers, en \u00e9change d'un set- Les subventions de [Union eD\u00e9partement, des \u00c9tablissementsdes Communes ;Les produits des don:\nl'\u00c9tat, de la R\u00e9gion, du\u00e9ration-intercommunale et\n, OU aux investissements r\u00e9alis\u00e9s ;tion: pas g\u00e9r\u00e9e par le syndicat ;\nLa comptabilit\u00e9 du.Syndicat est tenue selon les r\u00e8gles de la comptabilit\u00e9 publique.Les r\u00e8gles fix\u00e9es par @s dispositions des chapitres II et VII du titre | du livre VI de lapremi\u00e8re partie du CGCT relatives au contr\u00f4le budg\u00e9taire et aux comptables publicssont applicables.Les fonctions comptables seront exerc\u00e9es par le Tr\u00e9sorier receveur de la Communesi\u00e8ge du Syndicat, avec l'accord du Tr\u00e9sorier Payeur G\u00e9n\u00e9ral.\nPage 7 sur 8\nPr\u00e9fecture de la C\u00f4te-d'Or - 21-2026-02-24-00007 - Arr\u00eat\u00e9 portant cr\u00e9ation du syndicat mixte de la cuisine centrale mutualis\u00e9e 34\nCHAPITRE 4 \u2014 MODIFICATIONS ET DISSOLUTIONArticle 12 \u2014 Modifications des statutsLes modifications statutaires sont r\u00e9alis\u00e9es conform\u00e9ment aux dispositions desarticles L. 5211-17 \u00e0 L. 5211-20 du CGCT ou \u00e0 toute disposition ayant vocation \u00e0 s'ysubstituer.Article 13 \u2014 Adh\u00e9sion au SyndicatL'adh\u00e9sion d'un nouveau membre au Syndicat s'effectue dans les conditions d\u00e9finies\u00e0 l'article L. 5211-18 du CGCT.Article 14 \u2014 Retrait du SyndicatLe retrait du Syndicat s'effectue dans les co ns d\u00e9finies aux-articles L. 5211-19,L. 5211-25-1, L 5711-1 et suivants du CGCArticle 15 \u2014 Dissolution\napplication des\nPage 8 sur 8\nPr\u00e9fecture de la C\u00f4te-d'Or - 21-2026-02-24-00007 - Arr\u00eat\u00e9 portant cr\u00e9ation du syndicat mixte de la cuisine centrale mutualis\u00e9e 35\nPr\u00e9fecture de la C\u00f4te-d'Or\nDirection des s\u00e9curit\u00e9s\n21-2026-02-27-00002\nArr\u00eat\u00e9 pr\u00e9fectoral N\u00b0 429  \nautorisant la captation, l'enregistrement et la\ntransmission d'images\nau moyen de cam\u00e9ras install\u00e9es sur des a\u00e9ronefs\nPr\u00e9fecture de la C\u00f4te-d'Or - 21-2026-02-27-00002 - Arr\u00eat\u00e9 pr\u00e9fectoral N\u00b0 429  \nautorisant la captation, l'enregistrement et la transmission d'images\nau moyen de cam\u00e9ras install\u00e9es sur des a\u00e9ronefs\n36\nExPREFETDE LACOTE-D'ORLibert\u00e9Egalit\u00e9Fraternit\u00e9\nDirection des s\u00e9curit\u00e9s\nArr\u00eat\u00e9 pr\u00e9fectoral N\u00b0429\nautorisant la captation, l'enregistrement et la transmission d'images\nau moyen de cam\u00e9ras install\u00e9es sur des a\u00e9ronefs\nLe pr\u00e9fet de la C\u00f4te-d'Or\nVU le code de la s\u00e9curit\u00e9 int\u00e9rieure et notamment ses articles L. 242-1 \u00e0 L. 242-8 et R. 242-8 \u00e0 R. 242-14 ;\nVU le d\u00e9cret n\u00b02004-374 du 29 avril 2004 relatif aux pouvoirs des pr\u00e9fets, \u00e0 l'organisation et \u00e0 l'action des \nservices de l'\u00c9tat dans les r\u00e9gions et d\u00e9partements ;\nVU le d\u00e9cret du Pr\u00e9sident de la R\u00e9publique du 10 octobre 2024 nommant monsieur Paul MOURIER, pr\u00e9fet \nde la r\u00e9gion Bourgogne-Franche-Comt\u00e9, pr\u00e9fet de la C\u00f4te-d'Or ;\nVU l'arr\u00eat\u00e9 du ministre de l'Int\u00e9rieur et des outre-mer, en date du 19 avril 2023 relatif au nombre maximal \nde cam\u00e9ras install\u00e9es sur des a\u00e9ronefs pouvant \u00eatre simultan\u00e9ment utilis\u00e9es dans chaque d\u00e9partement et \ncollectivit\u00e9 d'outre-mer ;\nVU l'arr\u00eat\u00e9  pr\u00e9fectoral  n\u00b01010/SG  du  02  juillet  2025  donnant  d\u00e9l\u00e9gation  de  signature  \u00e0  madame  \nAur\u00e9lie CONTRECIVILE, sous-pr\u00e9f\u00e8te, directrice de cabinet du pr\u00e9fet de la r\u00e9gion Bourgogne Franche-\nComt\u00e9, pr\u00e9fet de C\u00f4te-d'Or ;\nVU la demande re\u00e7ue le 19 f\u00e9vrier 2026 formul\u00e9e par le groupement de gendarmerie d\u00e9partementale de  \nla C\u00f4te-d'Or, visant \u00e0 obtenir l'autorisation de capter, d'enregistrer et de transmettre des images au  \nmoyen de cam\u00e9ras install\u00e9es sur des a\u00e9ronefs dans le cadre d'op\u00e9rations de secours aux personnes ;\nCONSID\u00c9RANT que les dispositions susvis\u00e9es et notamment  le 6\u00b0 de l'article L. 242-5 du code de la  \ns\u00e9curit\u00e9 int\u00e9rieure  permettent aux forces de s\u00e9curit\u00e9 int\u00e9rieure, dans le cadre d'op\u00e9rations de secours  \naux personnes, de proc\u00e9der \u00e0 la captation, \u00e0 l'enregistrement et \u00e0 la transmission d'images au moyen de  \ncam\u00e9ras install\u00e9es sur des a\u00e9ronefs ;\nCONSID\u00c9RANT que les services de gendarmerie sont r\u00e9guli\u00e8rement mobilis\u00e9s pour des recherches de  \npersonnes  (disparitions  inqui\u00e9tantes,  personnes  suicidaires,  personnes  bless\u00e9es  \u00e0  secourir,  fugues  de \npersonnes vuln\u00e9rables, personnes d\u00e9sorient\u00e9es\u2026) sur l'ensemble du territoire de la C\u00f4te-d'Or ;\nCONSID\u00c9RANT que le secours \u00e0 personne implique par nature l'engagement de moyens cons\u00e9quents,  \nsans pr\u00e9avis, et \u00e0 toute heure du jour et de la nuit, tout particuli\u00e8rement lorsqu'un soutien m\u00e9dical  \nd'urgence est n\u00e9cessaire ;\nCONSID\u00c9RANT l'int\u00e9r\u00eat de disposer d'une vision en grand angle pour permettre la coordination des  \nmoyens, l'articulation des man\u0153uvres et le suivi de l'\u00e9v\u00e9nement, notamment au regard de la localisation  \ng\u00e9ographique et du relief escarp\u00e9 de certains secteurs du d\u00e9partement ;\nCONSID\u00c9RANT que dans ces circonstances, la captation, l'enregistrement et de transmission des images  \nau moyen d'une cam\u00e9ra install\u00e9e sur un a\u00e9ronef sera strictement limit\u00e9 \u00e0 la zone des recherches ;\nPr\u00e9fecture de la C\u00f4te-d'Or - 21-2026-02-27-00002 - Arr\u00eat\u00e9 pr\u00e9fectoral N\u00b0 429  \nautorisant la captation, l'enregistrement et la transmission d'images\nau moyen de cam\u00e9ras install\u00e9es sur des a\u00e9ronefs\n37\nCONSID\u00c9RANT  que le recours \u00e0 la captation, l'enregistrement et la transmission d'images fera l'objet  \nd'une information par plusieurs moyens adapt\u00e9s ; qu'outre la publication du pr\u00e9sent arr\u00eat\u00e9 au recueil des \nactes administratifs de la pr\u00e9fecture, ce dispositif fera l'objet d'une information du public gr\u00e2ce au logo  \nappos\u00e9 sur le v\u00e9hicule de la gendarmerie situ\u00e9 \u00e0 proximit\u00e9 imm\u00e9diate du t\u00e9l\u00e9pilote lors de son utilisation ;\nCONSID\u00c9RANT que la demande porte sur l'engagement de deux cam\u00e9ras a\u00e9roport\u00e9es pour le secours  \naux personnes sur le p\u00e9rim\u00e8tre du d\u00e9partement de la C\u00f4te-d'Or  ; qu'au regard des circonstances sus-  \nmentionn\u00e9es, la demande n'appara\u00eet pas disproportionn\u00e9e ;\nSUR proposition de madame la directrice de cabinet du pr\u00e9fet de la r\u00e9gion Bourgogne-Franche-Comt\u00e9,  \npr\u00e9fet de la C\u00f4te-d'Or,\nARR\u00caTE\nArticle 1er : La captation, l'enregistrement et la transmission d'images par le groupement de gendarmerie \nd\u00e9partementale de la C\u00f4te-d'Or, est autoris\u00e9e pour le seul secours aux personnes (notamment en cas de  \ndisparitions  inqui\u00e9tantes,  de  personnes  suicidaires,  de  personnes  bless\u00e9es  \u00e0  secourir,  de  fugues  de  \npersonnes vuln\u00e9rables, de personnes d\u00e9sorient\u00e9es).\nArticle 2 : Le nombre maximal de cam\u00e9ras pouvant proc\u00e9der simultan\u00e9ment aux traitements mentionn\u00e9s \n\u00e0 l'article 1er est fix\u00e9 \u00e0 deux, install\u00e9es sur des a\u00e9ronefs dont les r\u00e9f\u00e9rences et immatriculations sont list\u00e9es \nci-dessous :\n- drone MAVIC 3T n\u00b01581F5FJ723CD00AZ0KG\n- drone Matrice 4T n\u00b01581F7K3C253R00DG2E8\n- h\u00e9licopt\u00e8re EC 135 n\u00b0797 immatricul\u00e9 FMJDI\nArticle 3  : La pr\u00e9sente autorisation est limit\u00e9e au p\u00e9rim\u00e8tre g\u00e9ographique du d\u00e9partement de la C\u00f4te-\nd'Or.\nArticle 4 : La pr\u00e9sente autorisation est d\u00e9livr\u00e9e pour une dur\u00e9e de trois mois, \u00e0 compter de la publication  \ndu pr\u00e9sent arr\u00eat\u00e9.\nArticle 5  : Le registre mentionn\u00e9 \u00e0 l'article L. 242-4 du code de la s\u00e9curit\u00e9 int\u00e9rieure est transmis au  \nrepr\u00e9sentant de l'\u00c9tat dans le d\u00e9partement \u00e0 l'issue de la p\u00e9riode d'utilisation.\nArticle 6  : Le pr\u00e9sent arr\u00eat\u00e9 est publi\u00e9 au recueil des actes administratifs de la pr\u00e9fecture et peut faire  \nl'objet d'un recours contentieux devant le tribunal administratif de Dijon dans un d\u00e9lai de deux mois \u00e0  \ncompter de sa publication.\nArticle 7  : La directrice de cabinet du pr\u00e9fet de la r\u00e9gion Bourgogne-Franche-Comt\u00e9, pr\u00e9fet de la C\u00f4te-\nd'Or,  le  secr\u00e9taire  g\u00e9n\u00e9ral  de  la  pr\u00e9fecture  de  la  C\u00f4te-d'Or  et  le  g\u00e9n\u00e9ral  commandant  la  r\u00e9gion  de \ngendarmerie  de  Bourgogne-Franche-Comt\u00e9,  commandant  le  groupement  de  gendarmerie  \nd\u00e9partementale de la C\u00f4te-d'Or sont charg\u00e9s, chacun en ce qui le concerne, de l'ex\u00e9cution du pr\u00e9sent  \narr\u00eat\u00e9 qui sera adress\u00e9 pour copie \u00e0 monsieur le procureur de la R\u00e9publique pr\u00e8s le tribunal judiciaire de  \nDijon.\nFait \u00e0 Dijon, le 27 f\u00e9vrier 2026\nLe pr\u00e9fet,\nPour le pr\u00e9fet et par d\u00e9l\u00e9gation,\nLa sous-pr\u00e9f\u00e8te, directrice de cabinet,\noriginal sign\u00e9\nAur\u00e9lie CONTRECIVILE\nPr\u00e9fecture de la C\u00f4te-d'Or - 21-2026-02-27-00002 - Arr\u00eat\u00e9 pr\u00e9fectoral N\u00b0 429  \nautorisant la captation, l'enregistrement et la transmission d'images\nau moyen de cam\u00e9ras install\u00e9es sur des a\u00e9ronefs\n38","date":"2026-02-27","first_seen_on":"2026-02-27T15:20:21+00:00","id":"1ded9e82f8dc289a411f599104bcc97b9350a0c099a37e441d926e30d49da2b4","name":"RAA n\u00b0 042 du 27 f\u00e9vrier 2026","pdf_creation_date":"2026-02-27T15:11:38+00:00","pdf_modification_date":null,"timezone":"Europe/Paris","url":"https://www.cote-dor.gouv.fr/contenu/telechargement/25645/196240/file/recueil-21-2026-042-recueil-des-actes-administratifs.pdf"}
