{"administration":"pref80","administration_name":"Pr\u00e9fecture de la Somme","content":"PR\u00c9FET\nDE LA SOMME\nRECUEIL DES ACTES\nADMINISTRATIFS\nN\u00b02024-130\nPUBLI\u00c9 LE  3 JUILLET 2024\nSommaire\nDirection D\u00e9partementale des Territoires et de la Mer / service\nenvironnement et littoral\n80-2024-07-02-00001 - Arr\u00eat\u00e9 compl\u00e9mentaire autorisant la p\u00eache \u00e0 la\ncarpe de nuit (4 pages) Page 3\nDirection Interd\u00e9partementale des Routes Nord /\n80-2024-07-02-00004 - Arr\u00eat\u00e9 temporaire portant r\u00e9glementation de la\ncirculation sur la RN25 dans les deux sens de circulation (3 pages) Page 8\nDirection Interr\u00e9gionale des Services P\u00e9nitentiaires des Hauts-de-France /\n80-2024-07-01-00004 - D\u00e9l\u00e9gation DISP PREF SOMME (3 pages) Page 12\n80-2024-07-01-00005 - D\u00e9l\u00e9gation MA Amiens PREF SOMME (2 pages) Page 16\n80-2024-07-01-00006 - D\u00e9l\u00e9gation SPIP Somme PREF SOMME (2 pages) Page 19\nPr\u00e9fecture de la Somme - Cabinet / Cabinet\n80-2024-07-03-00003 - AP 24/537 autorisant la captation, l'enregistrement\net la transmission d'images au moyen de cam\u00e9ras install\u00e9es sur des\na\u00e9ronefs au profit des forces de s\u00e9curit\u00e9 int\u00e9rieure (5 pages) Page 22\n80-2024-07-03-00002 - ARR\u00caT\u00c9 PORTANT AUTORISATION DE\nSURVEILLANCE SUR LA VOIE PUBLIQUE\nSUR LE TERRITOIRE DE LA\nCOMMUNE D\u25a1AMIENS\nLE 4 JUILLET 2024 (3 pages) Page 28\n80-2024-07-03-00001 - ARR\u00caT\u00c9 portant autorisation de surveillance sur la\nvoie publique sur le territoire de la commune d\u25a1Amiens du 12 juillet au 22\nseptembre 2024 lors du spectacle CHROMA (3 pages) Page 32\n80-2024-07-02-00003 - arr\u00eat\u00e9 portant renouvellement agr\u00e9ment SARL\nEspace D\u00e9pannage (2 pages) Page 36\nPr\u00e9fecture de la Somme - Direction de la Citoyennet\u00e9 et de la L\u00e9galit\u00e9 /\n80-2024-07-01-00002 - Arr\u00eat\u00e9 pr\u00e9fectoral portant r\u00e8glement d'office du\nbudget primitif 2024 de la commune de Rubempr\u00e9 (3 pages) Page 39\nSNCF R\u00e9seau /\n80-2023-12-06-00009 - D\u00e9cision de d\u00e9classement du domaine public\nferroviaire du 06/12/2023 - AILLY SUR NOYE (6 pages) Page 43\n2\nDirection D\u00e9partementale des Territoires et de\nla Mer\n80-2024-07-02-00001\nArr\u00eat\u00e9 compl\u00e9mentaire autorisant la p\u00eache \u00e0 la\ncarpe de nuit\nDirection D\u00e9partementale des Territoires et de la Mer - 80-2024-07-02-00001 - Arr\u00eat\u00e9 compl\u00e9mentaire autorisant la p\u00eache \u00e0 la carpe\nde nuit 3\nE FRANCE\nPR\u00c9FET  Direction  d\u00e9partementale  NATION\nps LA SOMME  des territoires  et de la mer JERTE\ndese  de  la Somme  Agir  - Mobiliser  - Acc\u00e9l\u00e9rer\nARR\u00caT\u00c9\nCompl\u00e9mentaire  autorisant  la p\u00eache  \u00e0 la carpe  de nuit\nPR\u00c9FET  DE LA SOMME\nCHEVALIER  DE LA L\u00c9GION  D'HONNEUR\nVu le code  de l'environnement,  livre IV, titre  Il relatif  \u00e0 la p\u00eache  en eau douce  et notamment  son article\nR 436-14  ;\nVu le d\u00e9cret  n \u00b02004-374  du 29 avril 2004  modifi\u00e9,  relatif  aux pouvoirs  des pr\u00e9fets,  \u00e0 l'organisation  et a\nl'action  des services  de l'\u00c9tat  dans  les r\u00e9gions  et d\u00e9partements  ;\nVu le d\u00e9cret  du 13 juillet  2023  portant  nomination  du pr\u00e9fet  de la Somme,  M. Rollon  MOUCHEL-\nBLAISOT  a partir  du 24 juillet  2023  ;\nVu l'arr\u00eat\u00e9  pr\u00e9fectoral  du 24 juin 2024  portant  d\u00e9l\u00e9gation  de signature  \u00e0 Monsieur  Xavier  ROUSSET,\ndirecteur  d\u00e9partemental  des territoires  et de la mer  de la Somme  ;\nVu l'arr\u00eat\u00e9  pr\u00e9fectoral  de subd\u00e9l\u00e9gation  de signature  d'ordre  g\u00e9n\u00e9ral  modifi\u00e9  de la direction\nd\u00e9partementale  des territoires  et de la mer  en date  du 26 juin  2024  ;\nVu la demande  du b\u00e9n\u00e9ficiaire  ;\nLa f\u00e9d\u00e9ration  de la Somme  pour  la p\u00eache  et la protection  du milieu  aquatique  consult\u00e9e  ;\nSur proposition  du directeur  d\u00e9partemental  des territoires  et de la mer  de la Somme;\nARRETE\nArticle  1er. - La p\u00eache  \u00e0 la carpe  de nuit est autoris\u00e9e  pour  les p\u00e9riodes  pr\u00e9cis\u00e9es  dans  le tableau  ci-\ndessous,  sur les lots  suivants  :\nDirection D\u00e9partementale des Territoires et de la Mer - 80-2024-07-02-00001 - Arr\u00eat\u00e9 compl\u00e9mentaire autorisant la p\u00eache \u00e0 la carpe\nde nuit 4\nNOM  DU BENEFICIAIRE  LOTS  DESIGNES  POUR  LA PECHE  A LA CARPE  DE NUIT  COMMUNE\nPropri\u00e9t\u00e9s  communales  et priv\u00e9es\n'Exceptionnellement  du 20 au 21 juillet  2024\nABBEVILLEAAPPMA  Abbeville  Carpodrome  de la Bouvaque\nArticle  2. - Le b\u00e9n\u00e9ficiaire  tient  \u00e0 jour  un carnet  de p\u00eache  comportant  des informations  techniques  aux\nfins de gestion,  selon  le mod\u00e8le  joint  au pr\u00e9sent  'arr\u00eat\u00e9  et l'adresse,  en fin d'exercice,  au service  de\nl'environnement  et du littoral  (direction  d\u00e9partementale  des territoires  et de la mer de la Somme).\nArticle  3. - Les poissons  d\u00e9vers\u00e9s  en vue du repeuplement  proviennent  d'un  \u00e9tablissement  piscicole\nagr\u00e9\u00e9  et pr\u00e9sentant  des garanties  sanitaires.\nArticle  4. - Le b\u00e9n\u00e9ficiaire  assure  l'information  des p\u00eacheurs  au moyen  de panneaux  indicateurs.  Depuis\nune demi-heure  apr\u00e8s  le coucher  du soleil  jusqu'\u00e0  une demi-heure  avant  son lever,  aucune  carpe\ncaptur\u00e9e  par les p\u00eacheurs  amateurs  aux lignes  ne peut  \u00eatre  maintenue  en captivit\u00e9  ou transport\u00e9e.\nArticle  5. - Cette  autorisation  de p\u00eache  \u00e0 la carpe  de nuit est valable  pour  la p\u00e9riode  indiqu\u00e9e  \u00e0 l'article\n1\u00b0. Pour  obtenir  l'autorisation  de p\u00eache  \u00e0 la carpe  de nuit pour  l'ann\u00e9e  suivante,  le d\u00e9tenteur  d'un  droit\nde p\u00eache  en fait la demande  avant  le 15 octobre  de l'ann\u00e9e  en cours  aupr\u00e8s  de la F\u00e9d\u00e9ration  de la\nSomme  pour  la p\u00eache  et la protection  du milieu  aquatique,  qui se charge  de les transmettre  \u00e0\nl'administration  ou directement  \u00e0 l'administration  (Direction  d\u00e9partementale  des territoires  et de la\nmer de la Somme  - Service  environnement  et littoral  \u2014 35 rue de la Vall\u00e9e  - 80000  Amiens).\nArticle  6. - Les droits  des tiers  sont  et demeurent  express\u00e9ment  r\u00e9serv\u00e9s.\nArticle  7. - La pr\u00e9sente  d\u00e9cision  est susceptible  de faire  l'objet  d'un  recours  contentieux  devant  le\ntribunal  administratif  d'Amiens  \u2014 14, rue Lemerchier  - 80011  Amiens  cedex  1 - dans  un d\u00e9lai  de deux\nmois  \u00e0 compter  de sa publication  au recueil  des actes  administratifs  de la Somme.  Le tribunal\nadministratif  peut  \u00e9galement  \u00eatre saisi,  dans  le m\u00eame  d\u00e9lai,  par l'interm\u00e9diaire  de l'application\n\u00ab t\u00e9l\u00e9recours  citoyen  \u00bb accessible  sur le site www.telerecours.fr.\nArticle  8. - Le directeur  d\u00e9partemental  des territoires  et de la mer de la Somme,  le pr\u00e9sident  de la\nf\u00e9d\u00e9ration  d\u00e9partementale  pour  la p\u00eache  et la protection  du milieu  aquatique,  le directeur  du service\nd\u00e9partemental  de l'office  fran\u00e7ais  de la biodiversit\u00e9,  le commandant  de gendarmerie  de la Somme  sont\ncharg\u00e9s,  chacun  en ce qui les concerne,  de l'ex\u00e9cution  du pr\u00e9sent  arr\u00eat\u00e9  qui sera publi\u00e9  au recueil  des\nactes  administratifs.\nAmiens,  le 2 juillet  2024\nLe Pr\u00e9fet  et par d\u00e9l\u00e9gation,\nPour.  le directeur  d\u00e9partemental  des\nterritoires  et'de  la mer,\nLa responsable  du-bureau  nature,\niSUZQANE cr\nDirection D\u00e9partementale des Territoires et de la Mer - 80-2024-07-02-00001 - Arr\u00eat\u00e9 compl\u00e9mentaire autorisant la p\u00eache \u00e0 la carpe\nde nuit 5\nVom  +Fiche  de p\u00eache\n(a remplir  m\u00eame  s'il n'y a pas  de captures)\nD\u00e9partement  : Somme\nPour  chaque  nuit  de p\u00eache  de la carpe  et pour  chaque  p\u00eacheur,  Indiquer  :Pr\u00e9sora  :\nLien  :\n| Eeure  de | Mode de p\u00e9che Poids do abestinasion  Dur\u00e9e  totale de la Dai capture  | (mais, bouillettes...)  | oissun  Cemis\u00e0  l'eau, | partie  de p\u00eache Made  \u2014 afi  # emport\u00e9...)  \u00ea i :\n|  \nee\n= mnt  ee  TT\nDS  ee  _  |  \u2014\n: \u2014  \n. \nor  ne\n\u2014  { \n4  \n\u2014  -\neee  \u2014\u2014  \u2014\u2014  \ndd \u2014  - \u2014-\u2014-  \u2014|2.  =  =e  \n\u2014\nan [ina  \nk \n\u2014\nSS Li  \u2014\u2014s  re  \"\u00e0  \n=  EF  \nnh\n\u2014  ne  | : | \u2014\nEn fis de saison,  renvoyer  cette  fiche  de p\u00e9che  accompagn\u00e9e  d'en  eat  r\u00e9cap\nHirectios  D\u00e9part\u00e9mentale  des  Territoires  ct de ki Mer  dei\nService  Envirotinement\nBuresu  Mature\n35 ruc  de ja Vall\u00e9e\nS000  AMIENSel Littorala Sommetlulatif  de r\u00e9cmpoissonnement  \u00e0 :\nDirection D\u00e9partementale des Territoires et de la Mer - 80-2024-07-02-00001 - Arr\u00eat\u00e9 compl\u00e9mentaire autorisant la p\u00eache \u00e0 la carpe\nde nuit 6\nDirection D\u00e9partementale des Territoires et de la Mer - 80-2024-07-02-00001 - Arr\u00eat\u00e9 compl\u00e9mentaire autorisant la p\u00eache \u00e0 la carpe\nde nuit 7\nDirection Interd\u00e9partementale des Routes Nord\n80-2024-07-02-00004\nArr\u00eat\u00e9 temporaire portant r\u00e9glementation de la\ncirculation sur la RN25 dans les deux sens de\ncirculation\nDirection Interd\u00e9partementale des Routes Nord - 80-2024-07-02-00004 - Arr\u00eat\u00e9 temporaire portant r\u00e9glementation de la circulation\nsur la RN25 dans les deux sens de circulation 8\n+.\nPREFET\nDE LA SOMME\nLibert\u00e9\nEgalit\u00e9\nFraternit\u00e9\nT\u00e9l.\u00a0: 33 (0) 3 20 49 63 44\n44 ter rue Jean Bart \u2013 CS 20275\n59000 Lille Cedex www.dir.nord.developpement-durable.gouv.frDirection interd\u00e9partementale\ndes routes Nord\nArr\u00eat\u00e9 n\u00b0 T24 \u2013 282S\nArr\u00eat\u00e9 temporaire portant r\u00e9glementation de la circulation sur la RN25 dans les deux sens de\ncirculation\nFermeture de la RN25 au niveau de la commune de Doullens\nPassage de la flamme olympique\nCommune de Doullens\nLe PR\u00c9FET DE LA SOMME\nChevalier de la l\u00e9gion d'honneur\nChevalier de l'ordre national du m\u00e9rite\nVu le Code de la Route et notamment les articles R 411-8, R 411-18, R 411-28, R 432-7 ,\nVu le Code P\u00e9nal,\nVu le Code G\u00e9n\u00e9ral des Collectivit\u00e9s Territoriales,\nVu le Code de la Voirie Routi\u00e8re,\nVu le d\u00e9cret 2010-146 du 16 f\u00e9vrier 2010 modifiant le d\u00e9cret 2004-374 du 29 avril 2004  relatif aux\npouvoirs  des  pr\u00e9fets,  \u00e0  l'organisation  et  \u00e0  l'action  des  services  de  l'\u00c9tat  dans  les  R\u00e9gions  et\nD\u00e9partements,\nVu le d\u00e9cret du 13 juillet 2023 nommant Monsieur Rollon Mouchel-Blaisot en qualit\u00e9 de Pr\u00e9fet du\nd\u00e9partement de la Somme,\nVu l'arr\u00eat\u00e9  pr\u00e9fectoral  du  24  avril  2024  portant  d\u00e9l\u00e9gation  de  signature  \u00e0  Madame la Directrice\nInterd\u00e9partementale des Routes Nord pour le d\u00e9partement de la Somme,\nVu l'arr\u00eat\u00e9  S_2024-16\u00b7s  du  26  avril  2024  portant  d\u00e9l\u00e9gation  de  signature  de  la  Directrice\nInterd\u00e9partementale des Routes Nord \u00e0 ses collaborateurs,\nVu l'arr\u00eat\u00e9 interminist\u00e9riel du 24 novembre 1967 relatif \u00e0 la signalisation des routes modifi\u00e9es par des\narr\u00eat\u00e9s subs\u00e9quents,\nDirection Interd\u00e9partementale des Routes Nord - 80-2024-07-02-00004 - Arr\u00eat\u00e9 temporaire portant r\u00e9glementation de la circulation\nsur la RN25 dans les deux sens de circulation 9\nVu l'instruction interminist\u00e9rielle sur la signalisation (livre I \u2013 huiti\u00e8me partie \u2013 signalisation temporaire)\napprouv\u00e9e par arr\u00eat\u00e9 du 06 novembre 1992 modifi\u00e9 par des arr\u00eat\u00e9s subs\u00e9quents,\nVu la circulaire du 02 f\u00e9vrier 2024 de Monsieur Le Ministre de la Transition \u00c9cologique et de la Coh\u00e9sion\ndes territoires, charg\u00e9 des transports,  fixant le calendrier des jours \u00ab \u00a0hors chantier\u00a0\u00bb pour l'ann\u00e9e 2024\net pour le mois de janvier 2025 sur le r\u00e9seau national,\nVu la Note technique du 14 avril 2016 relative \u00e0 la coordination des chantiers sur le r\u00e9seau routier\nnational abrogeant la circulaire n\u00b096-14 du 6 f\u00e9vrier 1996 relative \u00e0 l'exploitation sous chantier,\nVu la r\u00e9union technique en date du 23 mai 2024 au cours de laquelle la pr\u00e9fecture de la Somme d\u00e9cide\nla fermeture de la RN25 pour le passage de la flamme olympique,\nVu l'arr\u00eat\u00e9 municipal du 12 juin 2024 pris par la commune de Doullens r\u00e9glementant la circulation sur le\nterritoire communal et notamment sur la RN25 \u00e0 l'occasion du relais de la flamme olympique,\nVu la demande en date du 20 juin 2024 par laquelle Mme la Cheffe du District Amiens Valenciennes  de\nla DIR Nord fait conna\u00eetre  qu'il est indispensable de  r\u00e9glementer la circulation sur  la RN25,  dans les\ndeux sens de circulation , pour permettre le d\u00e9roulement de la manifestation en toute s\u00e9curit\u00e9,\nVu la concertation en date du 23 mai 2024 avec les services d\u00e9partementaux pour la mise en place des\nd\u00e9viations,\nConsid\u00e9rant qu'il convient de prendre des mesures pour faciliter l'ex\u00e9cution de cette manifestation et\npr\u00e9venir les accidents,\nSur la proposition de Madame la Directrice Interd\u00e9partementale des Routes Nord,\nARR\u00caTE\nARTICLE 1  \u00a0  :  \nDes mesures  de  restriction  de  circulation seront  appliqu\u00e9es  sur  la  RN  25, dans  les deux  sens  de\ncirculation, durant la journ\u00e9e du jeudi 04 juillet 2024 de 12h00 \u00e0 15h00 , afin de permettre la r\u00e9alisation\nde la manifestation susmentionn\u00e9e, de garantir la s\u00e9curit\u00e9 des usagers et du personnel intervenant.\nLes horaires d\u00e9finis dans le pr\u00e9sent article comprennent la pose et la d\u00e9pose du balisage.\nARTICLE 2  \u00a0  :  \nLes restrictions de circulation appliqu\u00e9es sur la RN25, consistent en\u00a0:\nDans le sens Amiens vers Arras\n\u2022Fermeture de la voie \u00e0 la hauteur de la RD49 \u00a0:\nPour pallier cette fermeture, une d\u00e9viation sera mise en place invitant l'usager \u00e0 poursuivre\nvers la RD31 en direction de Beauquesne pour poursuivre par la RD31 puis la RD11 en\ndirection  de  Th\u00e8vres,  prendre  la  direction  de  Pas-en-Artois  pour  rejoindre  la RN25  \u00e0\nBeaumetz-Les-Loges.\nDans le sens Arras vers Amiens\n\u2022Fermeture de la voie \u00e0 la hauteur du giratoire avenue Flandres-Dunkerque \u00a0:\nPour pallier cette fermeture, une d\u00e9viation sera mise en place invitant l'usager \u00e0 poursuivre\nvers la RD925 en direction de Fienvillers pour poursuivre par la RD31 en direction de\nCandas, prendre la direction d'Amiens vers la RN25.\nwww.cohesion-territoires.gouv.frDirection Interd\u00e9partementale des Routes Nord - 80-2024-07-02-00004 - Arr\u00eat\u00e9 temporaire portant r\u00e9glementation de la circulation\nsur la RN25 dans les deux sens de circulation 10\nARTICLE 3  \u00a0  :  \nL'inter-distance entre cette manifestation et d'autres chantiers \u00ab \u00a0courants ou non courants \u00a0\u00bb pourra\n\u00eatre inf\u00e9rieure \u00e0 la r\u00e9glementation en vigueur.\nARTICLE 4  \u00a0  :  \nLa signalisation temporaire sera conforme aux prescriptions de l'instruction interminist\u00e9rielle sur la\nsignalisation routi\u00e8re, notamment la 8  partie \u00ab \u1d49\u00a0signalisation temporaire \u00a0\u00bb approuv\u00e9e par l'arr\u00eat\u00e9 du 6\nnovembre 1992 modifi\u00e9 et conforme aux recommandations du SETRA.\nLe District d'Amiens Valenciennes de la DIR Nord est gestionnaire de la voie.\nLa pose, la maintenance et la d\u00e9pose de l'ensemble des dispositifs de signalisation temporaire seront\nassur\u00e9es par le CEI d'Amiens de la DIR Nord.\nARTICLE 5  \u00a0  :  \nToute  contravention  au  pr\u00e9sent  arr\u00eat\u00e9  sera  constat\u00e9e  et  poursuivie  conform\u00e9ment  aux  lois  et\nr\u00e8glements en vigueur.\nARTICLE 6  \u00a0  :  \nMadame la Directrice Interd\u00e9partementale des Routes Nord est charg\u00e9e de l'ex\u00e9cution du pr\u00e9sent\narr\u00eat\u00e9, qui sera publi\u00e9 au recueil des actes administratifs de la Pr\u00e9fecture de la Somme, et dont une\ncopie sera adress\u00e9e \u00e0 \u00a0:\nM. le Secr\u00e9taire G\u00e9n\u00e9ral de la Pr\u00e9fecture d e la Somme, Sous-pr\u00e9fet d'Amiens,\nM. le Directeur D\u00e9partemental des Territoires et de la Mer de la Somme,\nM. le Chef du Service R\u00e9gional des Transports de la DREAL Hauts-de-France,\nM. le Chef de l'Arrondissement Gestion de la Route Ouest \u2013 DIR Nord,\nMme la Cheffe du District Amiens Valenciennes \u2013 DIR Nord,\nM. le Chef du CEI d'Amiens \u2013 DIR Nord,\nM. le Responsable du CIGT de Lille \u2013 DIR Nord,\nM. le Directeur de la Direction D\u00e9partemental de la S\u00e9curit\u00e9 Publique de la Somme,\nM. le Directeur D\u00e9partemental des Services de Secours et de Lutte contre l'Incendie de la Somme,\nM. le Responsable du Service d'Aide M\u00e9dicale d'Urgence de la Somme,\nM. le Pr\u00e9sident du Conseil D\u00e9partemental de la Somme,\nMM. les Pr\u00e9sidents des Syndicats de Transporteurs,\nMme le Maire de la commune de Doullens.\nLesquin, le 02/07/2024\nLe Pr\u00e9fet,\nPour le Pr\u00e9fet et par d\u00e9l\u00e9gation,\nPour la Directrice et par subd\u00e9l\u00e9gation,\nLe Chef d'AGR Ouest\nwww.cohesion-territoires.gouv.frDirection Interd\u00e9partementale des Routes Nord - 80-2024-07-02-00004 - Arr\u00eat\u00e9 temporaire portant r\u00e9glementation de la circulation\nsur la RN25 dans les deux sens de circulation 11\nDirection Interr\u00e9gionale des Services\nP\u00e9nitentiaires des Hauts-de-France\n80-2024-07-01-00004\nD\u00e9l\u00e9gation DISP PREF SOMME\nDirection Interr\u00e9gionale des Services P\u00e9nitentiaires des Hauts-de-France - 80-2024-07-01-00004 - D\u00e9l\u00e9gation DISP PREF SOMME 12\nMINISTERE\nDE LA JUSTICE\nLibert\u00e9\nEgalit\u00e9\nFraternit\u00e9\nDIRECTIDirection\nde l'administration  p\u00e9nitentiaire\nON  INTERREGIONALE\nDES  SERVICES  PENITENTIAIRES  DE LILLE  \u2014 HAUTS  DE FRANCE\nArr\u00eat\u00e9  du 1\u00b0 juillet  2024\nportant  d\u00e9l\u00e9gation  de signature  en mati\u00e8re  de d\u00e9concentration  des d\u00e9cisions  relatives  \u00e0 la gestion\nindividuelle  des  personnes  plac\u00e9es  sous-main  de justice,  des  d\u00e9cisions  relatives  \u00e0 la gestion\nindividuelle  ou collective  des  personnels  et ressources  humaines,  des  d\u00e9cisions  relatives  \u00e0\norganisation  des  relations  partenariales  avec  les intervenants,  associations  et autres\nadministrations  publiques  ou priv\u00e9es  participant  aux  missions  du service  public  p\u00e9nitentiaire,  des\nd\u00e9cisions  relatives  \u00e0 la gestion  \u00e9conomique,  financi\u00e8re  et patrimoniale  de la direction\ninterr\u00e9gionale  des  services  p\u00e9nitentiaires  de Lille\nLa directrice  interr\u00e9gionale  des  services  p\u00e9nitentiaires  de Lille,\nVu le code  p\u00e9nitentiaire  et notamment  ses articles  D.112-10,  D.211-19  \u00e0 D.211-21,  D.211-27  \u00e0\nD.211-28,  D.215-13,  D.341-20,  R.342-1,  R.223-2  \u00e0 R.223-7,  R.341-10  et R.113-65  ;\nVu le d\u00e9cret  n\u00b0 97-3  du 7 janvier  1997  et l'arr\u00eat\u00e9  du 12 mars  2009  relatif  \u00e0 la d\u00e9concentration  de\nla gestion  de certains  personnels  relevant  des services  d\u00e9concentr\u00e9s  de l'administration\np\u00e9nitentiaire  ;\nVu l'arr\u00eat\u00e9  du 29 d\u00e9cembre  2016  modifiant  l'arr\u00eat\u00e9  du 27 d\u00e9cembre  2016  fixant  le ressort\nterritorial  des directions  interr\u00e9gionales  de l'administration  p\u00e9nitentiaire  et de la mission  des\nservices  p\u00e9nitentiaires  de l'outre-mer  ;\nVu l'arr\u00eat\u00e9  du garde  des Sceaux,  ministre  de la Justice  en date  du 4 juin  2024,  portant\nnomination  de Madame  Sophie  Bleuet,  directrice  des services  p\u00e9nitentiaires  de classe\nexceptionnelle,  en tant  que  directrice  interr\u00e9gionale  des services  p\u00e9nitentiaires  de Lille  ;\nVu l'arr\u00eat\u00e9  du directeur  de l'administration  p\u00e9nitentiaire  en date  du 27 juin  2024  donnant\nd\u00e9l\u00e9gation  \u00e0 Madame  Sophie  BLEUET,  directrice  interr\u00e9gionale  des services  p\u00e9nitentiaires  de\nLille,  \u00e0 Madame  Martine  MARIE,  adjointe  \u00e0 la directrice  interr\u00e9gionale  des services\np\u00e9nitentiaires  de Lille  et \u00e0 Madame  Am\u00e9lie  GUILLOTEAU,  secr\u00e9taire  g\u00e9n\u00e9rale  \u00e0 la direction\ninterr\u00e9gionale  des  services  p\u00e9nitentiaires  de Lille,  \u00e0 l'effet  de signer,  au nom  du garde  des\nsceaux,  Ministre  de la justice,  l'ensemble  des actes,  \u00e0 l'exception  des  d\u00e9crets,  relatifs  aux\naffaires  des services  plac\u00e9s  sous  leur  autorit\u00e9,\nARR\u00caTE  :\nDirection Interr\u00e9gionale des Services P\u00e9nitentiaires des Hauts-de-France - 80-2024-07-01-00004 - D\u00e9l\u00e9gation DISP PREF SOMME 13\nArticle  1\u00b0\nD\u00e9l\u00e9gation  est donn\u00e9e,  dans  la limite  de leurs  attributions  respectives,  a l'effet  de signer  tous  actes,  bons  de\ncommandes,  arr\u00eat\u00e9s  et d\u00e9cisions,  \u00e0 l'exclusion  des  d\u00e9crets  :\nA Madame  Martine  MARIE,  directrice  fonctionnelle  des services  p\u00e9nitentiaires,  directrice  interr\u00e9gionale\nadjointe  \u00e0 la direction  interr\u00e9gionale  des services  p\u00e9nitentiaires  de Lille  \u2014 Hauts  de France  ;\nA Madame  Am\u00e9lie  GUILLOTEAU,  administratrice  de l'Etat,  secr\u00e9taire  g\u00e9n\u00e9rale  \u00e0 la direction  interr\u00e9gionale  des\nservices  p\u00e9nitentiaires  de Lille  \u2014 Hauts  de France  ;\n\u00c0 Madame  Sophie  DEBRIL,  directrice  des services  p\u00e9nitentiaires,  cheffe  du d\u00e9partement  de la s\u00e9curit\u00e9  et de la\nd\u00e9tention  \u00e0 la direction  interr\u00e9gionale  des services  p\u00e9nitentiaires  de Lille  \u2014 Hauts  de France  ;\nA Madame  Mathilde  CUNHA,  directeur  des services  p\u00e9nitentiaires,  adjointe  \u00e0 la cheffe  du d\u00e9partement  de la\ns\u00e9curit\u00e9  et de la d\u00e9tention  \u00e0 la direction  interr\u00e9gionale  des services  p\u00e9nitentiaires  de Lille  \u2014 Hauts  de France  ;\nA Madame  Amandine  DELCROIX,  attach\u00e9e,  cheffe  de la mission  du droit  et de l'expertise  juridique  \u00e0 la\ndirection  interr\u00e9gionale  des services  p\u00e9nitentiaires  de Lille  \u2014 Hauts  de France  ;\nA Monsieur  Gonzague  VIDOGUE,  directeur  des services  p\u00e9nitentiaires,  directeur  plac\u00e9  \u00e0 la direction\ninterr\u00e9gionale  des services  p\u00e9nitentiaires  de Lille  \u2014 Hauts  de France  ;\nA Monsieur  Benoit  TSHISANGA,  directeur  p\u00e9nitentiaire  fonctionnel  d'insertion  et de probation,  chef  du\nd\u00e9partement  des politiques  d'insertion,  de probation  et de pr\u00e9vention  de la r\u00e9cidive  \u00e0 la direction  interr\u00e9gionale\ndes services  p\u00e9nitentiaires  de de Lille  \u2014 Hauts  de France  ;\nA Madame  Camille  LESSIEHI,  directrice  p\u00e9nitentiaire  d'insertion  et de probation,  adjointe  au chef  du\nd\u00e9partement  des politiques  d'insertion,  de probation  et de pr\u00e9vention  de la r\u00e9cidive  \u00e0 la direction  interr\u00e9gionale\ndes services  p\u00e9nitentiaires  de de Lille  \u2014 Hauts  de France  ;\nA Monsieur  Pascal  LUCAS,  attach\u00e9  d'administration  de l'\u00c9tat,  chef  du d\u00e9partement  des ressources  humaines  et\ndes relations  sociales  \u00e0 la direction  interr\u00e9gionale  des services  p\u00e9nitentiaires  de Lille  \u2014 Hauts  de France  ;\nA Madame  Maureen  ALBIEN,  attach\u00e9e  d'administration  de l'\u00c9tat,  adjoint  au chef  du d\u00e9partement  des\nressources  humaines  et des relations  sociales  \u00e0 la direction  interr\u00e9gionale  des services  p\u00e9nitentiaires  de Lille  \u2014\nHauts  de France  ;\nA Madame  C\u00e9line  MORENO,  attach\u00e9e  d'administration  de l'\u00c9tat,  cheffe  du service  de gestion  administrative  et\nfinanci\u00e8re  du personnel  \u00e0 la direction  interr\u00e9gionale  des services  p\u00e9nitentiaires  de Lille  \u2014 Hauts  de France  ;\nA Monsieur  Thierry  FLOUQUET,  attach\u00e9  d'administration  de l'\u00c9tat,  chef  du d\u00e9partement  du budget  et des\nfinances  \u00e0 la direction  interr\u00e9gionale  des services  p\u00e9nitentiaires  de Lille  \u2014 Hauts  de France  ;\nA Monsieur  J\u00e9r\u00f4me  FOSLIN,  attach\u00e9  d'administration  de l'\u00c9tat,  adjoint  au chef  du d\u00e9partement  du budget  et des\nfinances  \u00e0 la direction  interr\u00e9gionale  des services  p\u00e9nitentiaires  de Lille  \u2014 Hauts  de France  ;\nA Monsieur  Dusty  CHABOT,  ing\u00e9nieur  divisionnaire  des travaux  publics  de l'\u00e9tat,  chef  du d\u00e9partement  des\naffaires  immobili\u00e8res  \u00e0 la direction  interr\u00e9gionale  des services  p\u00e9nitentiaires  de Lille  \u2014 Hauts  de France  ;\nA Monsieur  St\u00e9phane  BELVAL,  directeur  technique,  adjoint  au chef  du d\u00e9partement  des affaires  immobili\u00e8res  \u00e0\nla direction  interr\u00e9gionale  des services  p\u00e9nitentiaires  de Lille  \u2014 Hauts  de France  ;\nA Madame  R\u00e9jane  BOURDOT,  directrice  des services  p\u00e9nitentiaires,  directrice  des \u00e9quipes  de s\u00e9curit\u00e9\np\u00e9nitentiaires  \u00e0 la direction  interr\u00e9gionale  des services  p\u00e9nitentiaires  de Lille  \u2014 Hauts  de France  ;\nA Madame  Lisa  GIRARDIN,  directrice  p\u00e9nitentiaire  d'insertion  et de probation,  coordinatrice  MILRV  \u00e0 la\ndirection  interr\u00e9gionale  des  services  p\u00e9nitentiaires  de Lille  \u2014 Hauts  de France.\nDirection Interr\u00e9gionale des Services P\u00e9nitentiaires des Hauts-de-France - 80-2024-07-01-00004 - D\u00e9l\u00e9gation DISP PREF SOMME 14\nArticle  2\nLe pr\u00e9sent  arr\u00eat\u00e9  sera  publi\u00e9  au recueil  des actes  administratifs  des pr\u00e9fectures  de r\u00e9gion  et de\nd\u00e9partements  (Aisne,  Nord,  Oise,  Pas de Calais,  Somme)  et sera  affich\u00e9  et consultable  dans  les locaux\nde la direction  interr\u00e9gionale  des services  p\u00e9nitentiaires  de Lille.\nFait  le 1 juillet  2024.\nr\u00e9gionale  des services  p\u00e9nitentiaires  de Lille,\nDirection Interr\u00e9gionale des Services P\u00e9nitentiaires des Hauts-de-France - 80-2024-07-01-00004 - D\u00e9l\u00e9gation DISP PREF SOMME 15\nDirection Interr\u00e9gionale des Services\nP\u00e9nitentiaires des Hauts-de-France\n80-2024-07-01-00005\nD\u00e9l\u00e9gation MA Amiens PREF SOMME\nDirection Interr\u00e9gionale des Services P\u00e9nitentiaires des Hauts-de-France - 80-2024-07-01-00005 - D\u00e9l\u00e9gation MA Amiens PREF SOMME 16\nMINISTERE  Direction\nDE LA JUSTICE  a . ze .Libert\u00e9  de l'administration  p\u00e9nitentiaire\nFraternit\u00e9\nDIRECTION  INTERREGIONALE\nDES  SERVICES  PENITENTIAIRES  DE LILLE  - HAUTS  DE FRANCE\nArr\u00eat\u00e9  du 1\u00b0 juillet  2024\nportant  d\u00e9l\u00e9gation  de signature  \u00e0 Monsieur  Alain  Keumian  YOMI  en qualit\u00e9  de chef\nd'\u00e9tablissement  de la maison  d'arr\u00eat  d'Amiens\nLa directrice  interr\u00e9gionale  des  services  p\u00e9nitentiaires  de Lille,\nVu le code  p\u00e9nitentiaire,  et notamment  en ses articles  R.113-65,  R.112-7  \u00e0 R.112-9,  R.223-2  \u00e0\nR.223-7  ;\nVu le d\u00e9cret  n\u00b0 97-3  du 7 janvier  1997  et l'arr\u00eat\u00e9  du 12 mars  2009  relatif  \u00e0 la d\u00e9concentration  de\nla gestion  de certains  personnels  relevant  des services  d\u00e9concentr\u00e9s  de l'administration\np\u00e9nitentiaire  ;\nVu l'arr\u00eat\u00e9  du 29 d\u00e9cembre  2016  modifiant  l'arr\u00eat\u00e9  du 27 d\u00e9cembre  2016  fixant  le ressort\nterritorial  des directions  interr\u00e9gionales  de l'administration  p\u00e9nitentiaire  et de la mission  des\nservices  p\u00e9nitentiaires  de l'outre-mer  ;\nVu l'arr\u00eat\u00e9  du garde  des sceaux,  ministre  de la justice  du 12 juillet  2023  portant  nomination  de\nMonsieur  Alain  Keumian  YOMI  en qualit\u00e9  de chef  d'\u00e9tablissement  de la maison  d'arr\u00eat\nd'Amiens,  \u00e0 compter  du 1\u00b0 septembre  2023,\nVu l'arr\u00eat\u00e9  du garde  des sceaux,  ministre  de la justice  en date  du 4 juin  2024,  portant\nnomination  de Madame  Sophie  Bleuet,  directrice  des services  p\u00e9nitentiaires  de classe\nexceptionnelle,  en tant  que  directrice  interr\u00e9gionale  des services  p\u00e9nitentiaires  de Lille  ;\nVu l'arr\u00eat\u00e9  du directeur  de l'administration  p\u00e9nitentiaire  en date  du 27 juin  2024  donnant\nd\u00e9l\u00e9gation  \u00e0 Madame  Sophie  BLEUET,  \u00e0 l'effet  de signer,  au nom  du garde  des sceaux,\nministre  de la justice,  l'ensemble  des actes,  \u00e0 l'exception  des d\u00e9crets,  relatifs  aux  affaires  des\nservices  plac\u00e9s  sous  leur  autorit\u00e9,\nARR\u00caTE  :\nDirection Interr\u00e9gionale des Services P\u00e9nitentiaires des Hauts-de-France - 80-2024-07-01-00005 - D\u00e9l\u00e9gation MA Amiens PREF SOMME 17\nArticle  1\u00b0\nD\u00e9l\u00e9gation  est donn\u00e9e,  dans  la limite  de ses attributions,  \u00e0 l'effet  de signer  pour  tout  acte  ou\nd\u00e9cision  relatifs  4 la gestion  individuelle  ou collective  des personnes  plac\u00e9es  sous-main  de justice,  des\npersonnels  et ressources  humaines,  4 la gestion  \u00e9conomique  et financi\u00e9re  de la maison  d'arr\u00e9t\nd'Amiens,  ainsi  qu'aux  relations  partenariales  et de communication  d\u00e9velopp\u00e9es  \u00e0 la maison  d'arr\u00eat\nd'Amiens,  et ce dans  la limite  des fonctions  et attributions  confi\u00e9es  4 la directrice  interr\u00e9gionale  des\nservices  p\u00e9nitentiaires  de Lille  :\nI. - A Monsieur  Alain  Keumian  YOMI,  directeur  des services  p\u00e9nitentiaires,  chef\nd'\u00e9tablissement  de la maison  d'arr\u00eat  d' Amiens.\nArticle  2\nLe pr\u00e9sent  arr\u00eat\u00e9  sera  publi\u00e9  au recueil  des actes  administratifs  de la pr\u00e9fecture  de la Somme  et sera\naffich\u00e9  et consultable  dans  les locaux  de la maison  d'arr\u00e9t  d' Amiens.\nFait  le 1\u00b0 juillet  2024.\nLa directrice  interr\u00e9gionale  des services  p\u00e9nitentiaires  de Lille,\nDirection Interr\u00e9gionale des Services P\u00e9nitentiaires des Hauts-de-France - 80-2024-07-01-00005 - D\u00e9l\u00e9gation MA Amiens PREF SOMME 18\nDirection Interr\u00e9gionale des Services\nP\u00e9nitentiaires des Hauts-de-France\n80-2024-07-01-00006\nD\u00e9l\u00e9gation SPIP Somme PREF SOMME\nDirection Interr\u00e9gionale des Services P\u00e9nitentiaires des Hauts-de-France - 80-2024-07-01-00006 - D\u00e9l\u00e9gation SPIP Somme PREF SOMME 19\nMINISTERE  Direction\nDE LA JUSTICE  a : sos .Liv de l'administration  p\u00e9nitentiaire\nFraternit\u00e9\nDIRECTION  INTERREGIONALE\nDES  SERVICES  PENITENTIAIRES  DE LILLE  - HAUTS  DE FRANCE\nArr\u00eat\u00e9  du 1\u00b0 juillet  2024\nportant  d\u00e9l\u00e9gation  de signature  \u00e0 Madame  Justine  DEGRAEVE  en qualit\u00e9  de directrice\nfonctionnelle  de service  p\u00e9nitentiaire  d'insertion  et de probation  de la Somme\nLa directrice  interr\u00e9gionale  des  services  p\u00e9nitentiaires  de Lille,\nVu le code  p\u00e9nitentiaire,  et notamment  en ses articles  R.113-65,  R.112-7  \u00e0 R.112-9,  R.223-2  a\nR.223-7  ;\nVu le d\u00e9cret  n\u00b0 97-3  du 7 janvier  1997  et l'arr\u00eat\u00e9  du 12 mars  2009  relatif  \u00e0 la d\u00e9concentration  de\nla gestion  de certains  personnels  relevant  des services  d\u00e9concentr\u00e9s  de l'administration\np\u00e9nitentiaire  ;\nVu l'arr\u00eat\u00e9  du 29 d\u00e9cembre  2016  modifiant  l'arr\u00eat\u00e9  du 27 d\u00e9cembre  2016  fixant  le ressort\nterritorial  des directions  interr\u00e9gionales  de l'administration  p\u00e9nitentiaire  et de la mission  des\nservices  p\u00e9nitentiaires  de l'outre-mer  ;\nVu l'arr\u00eat\u00e9  du garde  des sceaux,  ministre  de la justice  du 22 ao\u00fbt  2022  portant  nomination  de\nMadame  Justine  DEGRAEVE  en qualit\u00e9  de directrice  fonctionnelle  de service  p\u00e9nitentiaire\nd'insertion  et de probation  de la Somme,  \u00e0 compter  du 1% septembre  2022,\nVu l'arr\u00eat\u00e9  du garde  des sceaux,  ministre  de la justice  en date  du 4 juin  2024,  portant\nnomination  de Madame  Sophie  Bleuet,  directrice  des services  p\u00e9nitentiaires  de classe\nexceptionnelle,  en tant  que  directrice  interr\u00e9gionale  des services  p\u00e9nitentiaires  de Lille  ;\nVu l'arr\u00eat\u00e9  du directeur  de l'administration  p\u00e9nitentiaire  en date  du 27 juin  2024  donnant\nd\u00e9l\u00e9gation  \u00e0 Madame  Sophie  BLEUET,  \u00e0 l'effet  de signer,  au nom  du garde  des sceaux,\nministre  de la justice,  l'ensemble  des actes,  \u00e0 l'exception  des  d\u00e9crets,  relatifs  aux  affaires  des\nservices  plac\u00e9s  sous  leur  autorit\u00e9,\nARR\u00caTE  :\nDirection Interr\u00e9gionale des Services P\u00e9nitentiaires des Hauts-de-France - 80-2024-07-01-00006 - D\u00e9l\u00e9gation SPIP Somme PREF SOMME 20\nArticle  1\u00b0\nD\u00e9l\u00e9gation  est donn\u00e9e,  dans  la limite  de ses attributions,  \u00e0 l'effet  de signer  pour  tout  acte  ou\nd\u00e9cision  relatifs  \u00e0 la gestion  individuelle  ou collective  des personnes  plac\u00e9es  sous-main  de justice,  des\npersonnels  et ressources  humaines,  \u00e0 la gestion  \u00e9conomique  et financi\u00e8re  du service  p\u00e9nitentiaire\nd'insertion  et de probation  de la Somme,  ainsi  qu'aux  relations  partenariales  et de communication\nd\u00e9velopp\u00e9es  au service  p\u00e9nitentiaire  d'insertion  et de probation  de la Somme,  et ce dans  la limite  des\nfonctions  et attributions  confi\u00e9es  \u00e0 la directrice  interr\u00e9gionale  des services  p\u00e9nitentiaires  de Lille  :\nI. - A Madame  Justine  DEGRAEVE,  directrice  fonctionnelle  de service  p\u00e9nitentiaire  d'insertion\net de probation  de la Somme.\nArticle  2\nLe pr\u00e9sent  arr\u00eat\u00e9  sera  publi\u00e9  au recueil  des  actes  administratifs  de la pr\u00e9fecture  de la Somme  et sera\naffich\u00e9  et consultable  dans  les locaux  du service  p\u00e9nitentiaire  d'insertion  et de probation  de la Somme.\nDirection Interr\u00e9gionale des Services P\u00e9nitentiaires des Hauts-de-France - 80-2024-07-01-00006 - D\u00e9l\u00e9gation SPIP Somme PREF SOMME 21\nPr\u00e9fecture de la Somme - Cabinet\n80-2024-07-03-00003\nAP 24/537 autorisant la captation,\nl'enregistrement et la transmission d'images au\nmoyen de cam\u00e9ras install\u00e9es sur des a\u00e9ronefs au\nprofit des forces de s\u00e9curit\u00e9 int\u00e9rieure\nPr\u00e9fecture de la Somme - Cabinet - 80-2024-07-03-00003 - AP 24/537 autorisant la captation, l'enregistrement et la transmission\nd'images au moyen de cam\u00e9ras install\u00e9es sur des a\u00e9ronefs au profit des forces de s\u00e9curit\u00e9 int\u00e9rieure 22\nEE P| Arr\u00e9t\u00e9  CAB/BSI/PA  n\u00b0 24/537\nPREFET\nDE LA SOMME\nLibert\u00e9\n\u00c9galit\u00e9\nFraternit\u00e9\nArr\u00eat\u00e9  autorisant  la captation,  l'enregistrement  et la transmission\nd'images  au moyen  de cam\u00e9ras  install\u00e9es  sur des  a\u00e9ronefs\nau profit  des  forces  de s\u00e9curit\u00e9  int\u00e9rieure\nLE PR\u00c9FET  DE LA SOMME\nCHEVALIER  DE LA L\u00c9GION  D'HONNEUR\nVu le code  de la s\u00e9curit\u00e9  int\u00e9rieure,  notamment  ses articles  L, 242-1  \u00e0 L, 242-8  et R. 242-8  aR.  242-14;\nVu le d\u00e9cret  n\u00b0 2004-374  du 29 avril  2004  modifi\u00e9,  relatif  aux  pouvoirs  des  pr\u00e9fets,  \u00e0 l'organisation  et\n\u00e0 l'action  des services  de l'\u00c9tat  dans  les r\u00e9gions  et les d\u00e9partements  ;\nVu le d\u00e9cret  du 13 juillet  2023  portant  nomination  du pr\u00e9fet  de la Somme,  M. Rollon  MOUCHEL-\nBLAISOT  \u00e0 compter  du 24 juillet  2023  ;\nVu le d\u00e9cret  du 3 janvier  2024  nommant  M. Victor  JOZON  sous-pr\u00e9fet,  directeur  de cabinet  du\npr\u00e9fet  de la Somme  ;\nVu l'arr\u00eat\u00e9  pr\u00e9fectoral  du 15 janvier  2024  portant  d\u00e9l\u00e9gation  de signature  \u00e0 M. Victor  JOZON  sous-\npr\u00e9fet,  directeur  de cabinet  du pr\u00e9fet  de la Somme  ;\nVu l'arr\u00eat\u00e9  du ministre  de l'Int\u00e9rieur  et des  Outre-Mer,  en date  du 19 avril  2023  relatif  au nombre\nmaximal  de cam\u00e9ras  install\u00e9es  sur des  a\u00e9ronefs  pouvant  \u00eatre  simultan\u00e9ment  utilis\u00e9es  dans  chaque\nd\u00e9partement  et collectivit\u00e9  d'outre-mer  ;\nVu la demande  en date  du 03 juillet  2024,  form\u00e9e  par la direction  interd\u00e9partementale  de la police\nnationale  de la Somme,  visant  \u00e0 obtenir  l'autorisation  de capter,  d'enregistrer  et de transmettre  des\nimages  au moyen  de deux  (02)  cam\u00e9ras  install\u00e9es  sur deux  (02)  avions  de la police  aux  fronti\u00e8res\n(AAE)  P-68  OBSERVER  \u00e9quip\u00e9s  de leur  moyen  optronique,  aux  fins  d'assurer  la s\u00e9curisation  du\nparcours  de la flamme  olympique  sur les villes  d'Amiens  (80000)  et d'Abbeville  (80100)  ;\nConsid\u00e9rant  en prernier  lieu  que  la France  est le pays  occidental  le plus  touch\u00e9  par le terrorisme\ndjihadiste  depuis  2012  et que  dix attaques  abouties  ont  \u00e9t\u00e9  enregistr\u00e9es  depuis  2020  contre  13\nprojets  d\u00e9jou\u00e9s,  dont  deux  depuis  le d\u00e9but  de l'ann\u00e9e  2024;  que  les attaques  perp\u00e9tr\u00e9es\nnotamment  le 2 d\u00e9cembre  2023  dans  le quartier  parisien  du Pont  Bir-Hakeim  et le 13 octobre  2023\ndans  un lyc\u00e9e  d'Arras,  soulignent  la pr\u00e9\u00e9minence  et l'acuit\u00e9  de la menace  endog\u00e8ne  ; que  ces\nattaques  interviennent  dans  un contexte  s\u00e9curitaire  tendu,  directement  li\u00e9 \u00e0 la situation  de guerre\nau Proche-Orient  ; que  l'organisation  terroriste  Al Qaida  et l'ensemble  de ses branches  r\u00e9gionales\nont  appel\u00e9  \u00e0 mener  le Jihad  contre  Isra\u00ebl  et ses alli\u00e9s  \u00e0 la suite  du 7 octobre  2023  ; que  les 19\noctobre  2023,  31 octobre  2023  et 4 janvier  2024,  l'\u00c9tat  Islamique  a pour  sa part  appel\u00e9  \u00e0 cibler  les\nOccidentaux  \u00ab de la pire  des  mani\u00e8res  possibles  \u00bb, notamment  \u00e0 Paris,  Londres,  Washington  et\nRome;  qu'en  outre,  le 14 septembre  2023,  Al Qaida  a publi\u00e9  un article  mena\u00e7ant  la France  d'une\n\u00ab attaque  arm\u00e9e  qui ciblerait  le b\u00e2timent  d'un  minist\u00e8re  dans  la capitale,  Paris  \u00bb ; que  ces \u00e9l\u00e9ments\nse conjuguent  pour  accro\u00eetre  le niveau  g\u00e9n\u00e9ral  de la menace  en France,  qui est susceptible  de se\nmat\u00e9rialiser  tant  par des  individus  seuls  que  par des  menaces  projet\u00e9es  depuis  un th\u00e9\u00e2tre  ext\u00e9rieur\nou directement  activ\u00e9es  depuis  le territoire  national  par  des  organisations  terroristes  ; qu'\u00e0  la suite\nde l'attaque  terroriste  revendiqu\u00e9e  par l'\u00c9tat  islamique  \u00e0 Moscou  le 22 mars  2024,  le Gouvernement\na rehauss\u00e9  le plan  Vigipirate  \u00e0 son  niveau  le plus  \u00e9lev\u00e9,  \u00ab urgence  attentat  \u00bb ;\nConsid\u00e9rant  en deuxi\u00e8me  lieu  que,  d'une  mani\u00e8re  g\u00e9n\u00e9rale,  les grands  \u00e9v\u00e8nements  sportifs,  compte\ntenu  de leur  exposition  m\u00e9diatique,  leur  concentration  de foules  et l'accueil  de personnalit\u00e9s\npubliques  ; qu'ainsi  divers  \u00e9v\u00e9nements  sportifs  d'ampleur  ont  \u00e9t\u00e9 la cible  d'attaques  ou de projets\nd'attentats  par des  djihadistes  ; que  tel a notamment  \u00e9t\u00e9 le cas le 15 avril  2013,  o\u00f9 deux  terroristes\nont  commis  un double  attentat  \u00e0 l'explosif  \u00e0 proximit\u00e9  de la ligne  d'arriv\u00e9e  du marathon  de Boston\nau Etats-Unis  provoquant  trois  morts  et plus  de 200  bless\u00e9s,  le 13 novembre  2015  au Stade  de France\n-1/3-\nPr\u00e9fecture de la Somme - Cabinet - 80-2024-07-03-00003 - AP 24/537 autorisant la captation, l'enregistrement et la transmission\nd'images au moyen de cam\u00e9ras install\u00e9es sur des a\u00e9ronefs au profit des forces de s\u00e9curit\u00e9 int\u00e9rieure 23\no\u00f9 deux  kamikazes  se sont  fait exploser  alors  que  se d\u00e9roulait  un match  amical  de football  entre  la\nFrance  et l'Allemagne,  provoquant  un mort  et une cinquantaine  de bless\u00e9s,  le 30 d\u00e9cembre  2021,  un\nattentat  \u00e0 l'explosif  a vis\u00e9  une  voiture  d'assistance  fran\u00e7aise  du Rallye  Dakar  \u00e0 Djeddah  en Arabie\nSaoudite  et le 16 octobre  2023,  \u00e0 Bruxelles  o\u00f9 un djihadiste  se r\u00e9clamant  de l'Etat  islamique  a tu\u00e9\ndeux  supporters  de l'\u00e9quipe  su\u00e9doise  de football  en marge  d'un  match  opposant  l'\u00e9quipe  de Su\u00e8de\n\u00e0 celle  de Belgique;  que  les organisations  terroristes  ont  r\u00e9guli\u00e8rement  menac\u00e9  les grands\n\u00e9v\u00e8nements  sportifs  au travers  de leurs  organes  de propagande  et la France  a \u00e9t\u00e9 la cible  de\ncontenus  de propagande,  diffus\u00e9s  le 13 d\u00e9cembre  2022,  appelant  \u00e0 la r\u00e9alisation  d'actions  violentes\ncontre  des  joueurs  et supporters  fran\u00e7ais  \u00e0 l'occasion  du match  France-Maroc  se d\u00e9roulant  le 14\nd\u00e9cembre  2022;  qu'enfin  par un message  diffus\u00e9  sur les r\u00e9seaux  sociaux,  l'El a appel\u00e9  \u00e0 viser\ndirectement  les stades  accueillant  les matchs  de quarts  de finale  de la Ligue  des champions  de\nfootball  en diffusant  le slogan  suivant:  \u00ab Kill Them  All\u00bb;  que  cette  menace  orient\u00e9e  sur les\n\u00e9v\u00e8nements  sportifs  est nettement  major\u00e9e  au regard  du niveau  \u00e9lev\u00e9  du risque  terroriste  d'une\npart  et de la nature  m\u00eame  des  Jeux  olympiques  d'autre  part;\nConsid\u00e9rant  qu'en  amont  de l'ouverture  des  Jeux  Olympiques  et Paralympiques,  le relais  de la\nflamme  olympique  (du 8 mai au 26 juillet  2024)  et de la flamme  paralympique  (du 25 au 28 ao\u00fbt)\npr\u00e9sentent  les m\u00eames  caract\u00e9ristiques  d'affluence,  de symbolique  et de m\u00e9diatisation  que  les Jeux\neux-m\u00eames  et sont  expos\u00e9s  de ce fait aux m\u00eames  menaces  ; que notamment  leur organisation  sur\ntout  le territoire,  sur la voie  publique  et sur de longues  distances,  sont  autant  d'\u00e9l\u00e9ments  qui les\nrendent  susceptibles  d'\u00eatre  plus  directement  vis\u00e9es  par des  actions  terroristes  ou visant  \u00e0 perturber\nle bon  d\u00e9roulement  du relais  ainsi  que  de troubler  gravement  l'ordre  public  ;\nConsid\u00e9rant  en particulier  que  dans  le d\u00e9partement  de la Somme,  8 communes  et sites  touristiques\nseront  travers\u00e9s  le 4 juillet  2024  par la flamme  olympique  : Villers-Bretonneux  et le centre  John\nMonash,  La-Chauss\u00e9e-Tirancourt  et le parc  de Samara,  les communes  de Saint-Valery-sur-Somme,\nBouillancourt-en-S\u00e9ry,  Abbeville,  Doullens,  Albert  et Amiens  ;\nConsid\u00e9rant  que  les relais  de la flamme  olympique  (du 8 mai  au 26 juillet  2024)  et de la flamme\nparalympique  (du 25 au 28 ao\u00fbt)  se d\u00e9roulant  sur la voie  publique,  sont  susceptibles  d'\u00eatre  cibl\u00e9s  par\ndes actions  visant  \u00e0 perturber  le bon  d\u00e9roulement  de ceux-ci  ainsi  que  de troubler  l'ordre  public  ;\nque  pour  cette  raison,  ces c\u00e9r\u00e9monies  ont  \u00e9t\u00e9 class\u00e9es  \u00ab grand  \u00e9v\u00e8nement  \u00bb par d\u00e9cret  n\u00b0 2023-1243\ndu 22 d\u00e9cembre  2023  modifi\u00e9  ;\nConsid\u00e9rant  que  les dispositions  susvis\u00e9es  du code  de la s\u00e9curit\u00e9  int\u00e9rieure  permettent  aux  forces\nde s\u00e9curit\u00e9  int\u00e9rieure,  dans  l'exercice  de leurs  missions  de pr\u00e9vention  des  atteintes  \u00e0 l'ordre  public\net de protection  de la s\u00e9curit\u00e9  des  personnes  et des  biens,  de proc\u00e9der  \u00e0 la captation,  \u00e0\nl'enregistrement  et \u00e0 la transmission  d'images  au moyen  de cam\u00e9ras  install\u00e9es  sur des  a\u00e9ronefs  aux\nfins  d'assurer  la s\u00e9curit\u00e9  des personnes  et des biens  et pr\u00e9venir  les troubles  \u00e0 l'ordre  public  dans  le\ncadre  des op\u00e9rations  de r\u00e9tablissement  de l'ordre  public  ; que  notamment,  le 2\u00b0 de l'article  L. 242-5\nsusvis\u00e9  pr\u00e9voit  que  ces dispositifs  peuvent  \u00eatre  mis en \u0153uvre  au titre  de la s\u00e9curit\u00e9  des\nrassemblements  de personnes  sur la voie  publique  ou dans  les lieux  ouverts  au public  ainsi  que  de\nl'appui  des  personnels  au sol, en vue  de leur  permettre  de maintenir  ou de r\u00e9tablir  l'ordre  public,\nlorsque  ces rassemblements  sont  susceptibles  d'entra\u00eener  des  troubles  graves  \u00e0 l'ordre  public  ; que  le\n3\u00b0 du m\u00eame  article  permettent  aux  forces  de s\u00e9curit\u00e9  int\u00e9rieure  dans  le cadre  de la pr\u00e9vention\nd'actes  de terrorisme,  de proc\u00e9der  \u00e0 la captation,  \u00e0 l'enregistrement  et \u00e0 la transmission  d'images  au\nmoyen  de cam\u00e9ras  install\u00e9es  sur des a\u00e9ronefs  ; que  le 4\u00b0 du m\u00eame  article  autorise  ce d\u00e9ploiement\npour  assurer  la r\u00e9gulation  des flux  de transport,  aux seules  fins  du maintien  de l'ordre  et de la\ns\u00e9curit\u00e9  publique  ;\nConsid\u00e9rant  que  compte  tenu  du risque  s\u00e9rieux  de troubles  \u00e0 l'ordre  public  durant  la pr\u00e9sente\nmanifestation,  de l'ampleur  de la zone  \u00e0 s\u00e9curiser  en raison  de l'\u00e9tendue  du parcours  de la\nmanifestation,  de l'insuffisance  du nombre  de cam\u00e9ras  de vid\u00e9oprotection  sur le p\u00e9rim\u00e8tre\nconcern\u00e9  ne permettant  pas de couvrir  la totalit\u00e9  de celui-ci,  de l'int\u00e9r\u00eat  de disposer  d'une  vision  en\ngrand  angle  pour  permettre  le maintien  et le r\u00e9tablissement  de l'ordre  public  tout  en limitant\nl'engagement  des  forces  au sol, le recours  aux dispositifs  de captation  install\u00e9s  sur des  a\u00e9ronefs  est\nn\u00e9cessaire  et adapt\u00e9;  qu'il  n'existe  pas de dispositif  moins  intrusif  permettant  de parvenir  aux\nm\u00eames  fins  ;\nConsid\u00e9rant  que  la demande  porte  sur l'engagement  de deux  (02)  cam\u00e9ras  a\u00e9roport\u00e9es  pendant  la\nseule  dur\u00e9e  du rassemblement  ; que  les lieux  surveill\u00e9s  sont  strictement  limit\u00e9s  au parcours  de la\nmanifestation  et \u00e0 ses abords,  o\u00f9 sont  susceptibles  de se commettre  les atteintes  que  l'usage  des\ncam\u00e9ras  a\u00e9roport\u00e9es  vise  \u00e0 pr\u00e9venir;  que  la dur\u00e9e  de l'autorisation  est \u00e9galement  strictement\n- 2/3  -\nPr\u00e9fecture de la Somme - Cabinet - 80-2024-07-03-00003 - AP 24/537 autorisant la captation, l'enregistrement et la transmission\nd'images au moyen de cam\u00e9ras install\u00e9es sur des a\u00e9ronefs au profit des forces de s\u00e9curit\u00e9 int\u00e9rieure 24\nlimit\u00e9e  \u00e0 la dur\u00e9e  du rassemblement  ; qu'au  regard  des circonstances  sus-mentionn\u00e9es,  la demande\nn'appara\u00eet  pas  disproportionn\u00e9e  ;\nConsid\u00e9rant  le recours  \u00e0 la captation,  l'enregistrement  et la transmission  d'images  fera  l'objet  d'une\ninformation  par plusieurs  moyens  adapt\u00e9s  ; qu'outre  la publication  du pr\u00e9sent  arr\u00eat\u00e9  au recueil  des\nactes  administratifs,  ce dispositif  fera  l'objet  d'une  information  sur X (ex-Twitter),  ainsi  que  le site\ninternet  des services  de l'\u00c9tat  en d\u00e9partement;  que  de m\u00eame,  une information  sp\u00e9cifique  sera\napport\u00e9e  sur les lieux  du rassemblement  au cours  de laquelle  les cam\u00e9ras  a\u00e9roport\u00e9es  seront\nutilis\u00e9es,  visant  \u00e0 avertir  les personnes  pr\u00e9sentes  qu'elles  sont  susceptibles  d'\u00eatre  film\u00e9es  ; que  ces\nmoyens  d'information  sont  adapt\u00e9s  ;\nSur proposition  du directeur  de cabinet  du pr\u00e9fet  de la Somme  ;\nARR\u00caTE\nArticle  1\" - La captation,  l'enregistrement  et la transmission  d'images  par la direction\ninterd\u00e9partementale  de la police  nationale  de la Somme,  est autoris\u00e9e  au titre  de la pr\u00e9vention  des\natteintes  \u00e0 la s\u00e9curit\u00e9  des  personnes  et des  biens,  d'actes  de terrorisme  et de l'appui  des  personnels\nau sol en vue  de leur  permettre  de maintenir  ou de r\u00e9tablir  l'ordre  public,  \u00e0 l'occasion  du parcours\nde la flamme  olympique  \u00e0 Amiens  (80000)  et Abbeville  (80100).\nLa pr\u00e9sente  autorisation  est d\u00e9livr\u00e9e  pour  la dur\u00e9e  de l'op\u00e9ration  soit  :\n- pour  la ville  d/Abbeville  le jeudi  04 juillet  2024  de 07h00  \u00e0 11h00,  heures  locales.\n- pour  la ville  d'Amiens  le jeudi  04 juillet  2024  de 16h00  \u00e0 22h00,  heures  locales  ;\nArticle  2 - Le nombre  maximal  de cam\u00e9ras  pouvant  proc\u00e9der  simultan\u00e9ment  aux traitements\nmentionn\u00e9s  \u00e0 l'article  1\u00b0 est fix\u00e9  \u00e0 deux  (02)  cam\u00e9ras  positionn\u00e9es  sur deux  (02)  avions  de la police\naux fronti\u00e8res,  de type  P-68  OBSERVER  et \u00e9quip\u00e9s  de leur  moyen  optronique  ;\nArticle  3 - La pr\u00e9sente  autorisation  est limit\u00e9e  aux p\u00e9rim\u00e8tres  g\u00e9ographiques  figurant  sur les plans\njoints  en annexes.\nArticle  4 - Le registre  mentionn\u00e9  \u00e0 l'article  L. 242-4  du code  de la s\u00e9curit\u00e9  int\u00e9rieure  est transmis  au\npr\u00e9fet  de la Somme  \u00e0 l'issue  de l'op\u00e9ration.\nArticle  5 - Le pr\u00e9sent  arr\u00eat\u00e9  est publi\u00e9  au recueil  des  actes  administratifs  de la pr\u00e9fecture  et peut\nfaire  l'objet  d'un  recours  devant  le tribunal  administratif  d'Amiens  dans  un d\u00e9lai  de deux  mois  \u00e0\ncompter  de sa publication.\nArticle  6 - Le sous-pr\u00e9fet,  directeur  de cabinet  du pr\u00e9fet  de la Somme,  le directeur\ninterd\u00e9partemental  de la police  nationale  sont  charg\u00e9s  chacun  en ce qui le concerne,  de l'ex\u00e9cution\ndu pr\u00e9sent  arr\u00eat\u00e9.\nAmiens,le  ( 3 JUIL, 2024\nPour  le pr\u00e9fet  et par\u00e9l\u00e9gation,\nle directeur  decabinet,\n- 3/3  -\nPr\u00e9fecture de la Somme - Cabinet - 80-2024-07-03-00003 - AP 24/537 autorisant la captation, l'enregistrement et la transmission\nd'images au moyen de cam\u00e9ras install\u00e9es sur des a\u00e9ronefs au profit des forces de s\u00e9curit\u00e9 int\u00e9rieure 25\nts a DS bn. =\nPr\u00e9fecture de la Somme - Cabinet - 80-2024-07-03-00003 - AP 24/537 autorisant la captation, l'enregistrement et la transmission\nd'images au moyen de cam\u00e9ras install\u00e9es sur des a\u00e9ronefs au profit des forces de s\u00e9curit\u00e9 int\u00e9rieure 26\nParcours flamme olympiqueJeudi 04 juillet 2024\nPr\u00e9fecture de la Somme - Cabinet - 80-2024-07-03-00003 - AP 24/537 autorisant la captation, l'enregistrement et la transmission\nd'images au moyen de cam\u00e9ras install\u00e9es sur des a\u00e9ronefs au profit des forces de s\u00e9curit\u00e9 int\u00e9rieure 27\nPr\u00e9fecture de la Somme - Cabinet\n80-2024-07-03-00002\nARR\u00caT\u00c9 PORTANT AUTORISATION DE\nSURVEILLANCE SUR LA VOIE PUBLIQUE\nSUR LE TERRITOIRE DE LA COMMUNE D\u25a1AMIENS\nLE 4 JUILLET 2024\nPr\u00e9fecture de la Somme - Cabinet - 80-2024-07-03-00002 - ARR\u00caT\u00c9 PORTANT AUTORISATION DE SURVEILLANCE SUR LA VOIE\nPUBLIQUE\nSUR LE TERRITOIRE DE LA COMMUNE D\u25a1AMIENS\nLE 4 JUILLET 202428\n| 3\nPREFET  Arr\u00eat\u00e9  BSI \u2014 n\u00b02024-532\nDE LA SOMME\nLibert\u00e9\n\u00c9galit\u00e9\nFraternit\u00e9\nARR\u00caT\u00c9\nPORTANT  AUTORISATION  DE SURVEILLANCE  SUR  LA VOIE  PUBLIQUE\nSUR  LE TERRITOIRE  DE LA COMMUNE  D'AMIENS\nLE 4 JUILLET  2024\nLE PR\u00c9FET  DE LA SOMME\nCHEVALIER  DE LA L\u00c9GION  D'HONNEUR\nVu le livre  VI du code  de la s\u00e9curit\u00e9  int\u00e9rieure,  notamment  son  article  L. 613-1;\nVu le code  rural  et de la p\u00e9che  maritime  ;\nVu le d\u00e9cret  du 13 juillet  2023  nommant  Monsieur  Rollon  MOUCHEL-BLAISOT,  pr\u00e9fet  de la\nSomme;\nVu le d\u00e9cret  du 3 janvier  2024  portant  nomination  de Monsieur  Victor  JOZON,  sous-pr\u00e9fet,\ndirecteur  de cabinet  du pr\u00e9fet  de la Somme  ;\nVu l'arr\u00eat\u00e9  pr\u00e9fectoral  du 15 janvier  2024  portant  d\u00e9l\u00e9gation  de signature  a Monsieur  Victor\nJOZON,  sous-pr\u00e9fet,  directeur  de cabinet  du pr\u00e9fet  de la Somme  ;\nVu l'autorisation  d'exercer  n\u00b0AUT-062-2121-11-04-20220838771  d\u00e9livr\u00e9e  \u00e0 la soci\u00e9t\u00e9  LUXANT\nSECURITY  par  le Conseil  national  des  activit\u00e9s  priv\u00e9es  de s\u00e9curit\u00e9  ;\nVu la demande  pr\u00e9sent\u00e9e  par la soci\u00e9t\u00e9  LUXANT  SECURITY  le 1\u00b0 juillet  2024,  tendant  \u00e0\nobtenir  une  autorisation  pour  des missions  de surveillance  sur la voie  publique  pour  le compte\nde la Caisse  d'\u00c9pargne  Hauts-de-France,  dans  le cadre  du parcours  du relais  de la flamme\nolympique,  pr\u00e9vu  le 4 juillet  2024  \u00e0 Amiens  ;\nConsid\u00e9rant  que  l'\u00e9v\u00e9nement  est susceptible  d'attirer  une  foule  importante  et n\u00e9cessite  la\nsurveillance  de deux  agences  bancaires  durant  la tenue  de l'\u00e9v\u00e9nement,\nSur proposition  du sous-pr\u00e9fet,  directeur  de cabinet,\nARR\u00caTE\nArticle  1\u00b0 - La soci\u00e9t\u00e9  LUXANT  SECURITY  TERTIAIRE-CULTUREL,  sise  24 rue de Beaumont  a\nNoyelles-Godault  (62950)  est autoris\u00e9e  \u00e0 assurer  la surveillance  sur la voie  publique,  dans  le\ncadre  du parcours  du relais  de la flamme  olympique,  organis\u00e9e  par la mairie  d'Amiens  le 4 :\njuillet  2024  \u00e0 Amiens.  -\nLa surveillance  s'exercera  pour  le compte  de la Caisse  d'Epargne  Hauts-de-France  :\n\u2014 au 2 boulevard  Jules  Verne  \u00e0 Amiens  de 14h  a 21h;\n\u2014 au 1 place  Alphonse  Fiquet  \u00e0 Amiens  de 14h30  \u00e0 20 h, selon  les plages  horaires  d\u00e9clar\u00e9es  par\nla soci\u00e9t\u00e9.\nArticle  2 - La surveillance  sera  assur\u00e9e  par les agents  de s\u00e9curit\u00e9  dont  la liste  figure  en annexe\ndu pr\u00e9sent  arr\u00eat\u00e9.\nPr\u00e9fecture de la Somme - Cabinet - 80-2024-07-03-00002 - ARR\u00caT\u00c9 PORTANT AUTORISATION DE SURVEILLANCE SUR LA VOIE\nPUBLIQUE\nSUR LE TERRITOIRE DE LA COMMUNE D\u25a1AMIENS\nLE 4 JUILLET 202429\nArticle  3 - Les  agents  de s\u00e9curit\u00e9  cit\u00e9s  \u00e0 l'article  2 ne pourront  pas  \u00eatre  arm\u00e9s.\nArticle  4 - Le b\u00e9n\u00e9ficiaire  de la pr\u00e9sente  autorisation  s'engage  \u00e0 respecter  les prescriptions  de\nla loi du 12 juillet  1983  susvis\u00e9e.\nxArticle  5 - La pr\u00e9sente  autorisation,  pr\u00e9caire  et r\u00e9vocable  \u00e0 tout  moment,  prendra  fin \u00e0\nl'expiration  de la mission.\nArticle  6 - Monsieur  le sous-pr\u00e9fet,  directeur  de cabinet  du pr\u00e9fet  de la Somme  et le directeur\ninterd\u00e9partemental  de la police  nationale  de la Somme  sont  charg\u00e9s,  chacun  en ce qui le\nconcerne,  de l'ex\u00e9cution  du pr\u00e9sent  arr\u00eat\u00e9,  qui sera  publi\u00e9  au recueil  des  actes  administratifs\nde la pr\u00e9fecture.\nAmiens,  le \u00e6 3 JUIL.  2024\nl\u00e9gation,\nr de cabinet,Pour  le pr\u00e9fet  et par\nLe sous-pr\u00e9fet,  direct\nVector  JOZON\nVOIES  ET DELAIS  DE RECOURS\nLa pr\u00e9sente  d\u00e9cision  est susceptible  de faire,  dans  le d\u00e9lai  de deux  mois  suivant  la notification,  l'objet  des  voies  de recours  suivantes  :\n\u2014 Un recours  gracieux,  formul\u00e9  aupr\u00e8s  du Pr\u00e9fet  de la Somme,  Cabinet,  bureau  de la s\u00e9curit\u00e9  int\u00e9rieure,  51 rue  de la R\u00e9publique  80 020\nAmiens\n\u2014 un recours  hi\u00e9rarchique,  aupr\u00e8s  du Ministre  de l'int\u00e9rieur,  direction  des  libert\u00e9s  publiques  et des  affaires  juridiques  \u2014 sous-direction\ndes  polices  administratives  \u2014 bureau  des  polices  administratives  \u2014 place  Beauvau  75 800  Paris  cedex  08.\nCes  recours  sont  d\u00e9pourvus  de caract\u00e8re  suspensif.  En l'absence  de r\u00e9ponse  de l'administration  dans  un d\u00e9lai  de deux  mois  \u00e0 compter\nde la date  de r\u00e9ception  de votre  recours,  celui-ci  doit  \u00eatre  consid\u00e9r\u00e9  comme  implicitement  rejet\u00e9.\n\u2014 Un recours  contentieux,  devant  le tribunal  administratif  d'Amiens  -14 rue Lemerchier  80 000  AMIENS  ou par voie  \u00e9lectronique  par le\nsite  www.telerecours.fr\nCe recours  juridictionnel  doit  \u00eatre  d\u00e9pos\u00e9  au plus  tard  avant  l'expiration  du deuxi\u00e8me  mois  \u00e0 compter  de la date  de notification  de la\nd\u00e9cision  contest\u00e9e,  ou dans  les deux  mois  suivant  la date  du rejet  de votre  recours  gracieux  ou hi\u00e9rarchique.\nPr\u00e9fecture de la Somme - Cabinet - 80-2024-07-03-00002 - ARR\u00caT\u00c9 PORTANT AUTORISATION DE SURVEILLANCE SUR LA VOIE\nPUBLIQUE\nSUR LE TERRITOIRE DE LA COMMUNE D\u25a1AMIENS\nLE 4 JUILLET 202430\n\u20acELPGC/OICOC-6L-10-9C0c-660-HV9 SNT1 \u00ff661/90/G0 NVHLVN EI ACEEERv8C1l6807C20C-C7-S0-6202-290-YVD QHYVNuYosd SIO 2661/01/20 ANVAASOS SSTIVAV)09SE9S01720C-L1-LL-92072-080-YV9 IVaVu 9861/70/80 \u00e4VWO IQINHV 1341TIINNOISS110d 1149 JONVSSIVN 1Q N3IT | JODNVSSIVN 1Q ALVA WONd WONSUaIWY e SUUWE|J E| AP SIe[21 NP aBessed np sio|yZ0Z 3 IN p 2j aUuB1ed,p sssie) e| sp ssous8e,p uoneslin28s e] INOd UOISSILU IND] 19919X9 e SaSIIOJNe S99ANd 9111N99$ ap sjua8e sap 23517L'IXINNY\nPr\u00e9fecture de la Somme - Cabinet - 80-2024-07-03-00002 - ARR\u00caT\u00c9 PORTANT AUTORISATION DE SURVEILLANCE SUR LA VOIE\nPUBLIQUE\nSUR LE TERRITOIRE DE LA COMMUNE D\u25a1AMIENS\nLE 4 JUILLET 202431\nPr\u00e9fecture de la Somme - Cabinet\n80-2024-07-03-00001\nARR\u00caT\u00c9 portant autorisation de surveillance sur\nla voie publique sur le territoire de la commune\nd\u25a1Amiens du 12 juillet au 22 septembre 2024 lors\ndu spectacle CHROMA\nPr\u00e9fecture de la Somme - Cabinet - 80-2024-07-03-00001 - ARR\u00caT\u00c9 portant autorisation de surveillance sur la voie publique sur le\nterritoire de la commune d\u25a1Amiens du 12 juillet au 22 septembre 2024 lors du spectacle CHROMA 32\nEx\nPREFET  |\nDE LA SOMME  BSI - Arr\u00eat\u00e9  n\u00b0 2024/528\nLibert\u00e9\nEgalit\u00e9\nFraternit\u00e9\nARR\u00caT\u00c9\nportant  autorisation  de surveillance  sur la voie  publique\nsur le territoire  de la commune  d'Amiens  |\ndu 12 juillet  au 22 septembre  2024  lors  du spectacle  CHROMA\nLE PR\u00c9FET  DE LA SOMME\nCHEVALIER  DE LA L\u00c9GION  D'HONNEUR\nVu le livre  VI du code  de la s\u00e9curit\u00e9  int\u00e9rieure,  notamment  son  article  L. 613-1;\nVu le code  rural  et de la p\u00eache  maritime  ;\nVU le d\u00e9cret  du 13 juillet  2023  portant  nomination  de Monsieur  Rollon  MOUCHEL-BLAISOT,\npr\u00e9fet  de la Somme  ;\nVu l'arr\u00eat\u00e9  pr\u00e9fectoral  du 15 janvier  2024  portant  d\u00e9l\u00e9gation  de signature  a Monsieur  Victor\nJOZON,  sous-pr\u00e9fet,  directeur  de cabinet  du pr\u00e9fet  de la Somme  ;\nVu l'autorisation  d'exercer  n\u00b0AUT-051-2121-06-02-20220363343  d\u00e9livr\u00e9e  \u00e0 ATALIAN  SECURITE  ;\nVu la demande  pr\u00e9sent\u00e9e  par  la soci\u00e9t\u00e9  ATALIAN  SECURITE  le 1\u00b0 juillet  2024,  tendant  a\nobtenir  une  autorisation  pour  des  missions  de surveillance  sur la voie  publique,  dans  le cadre\ndu spectacle  CHROMA  se tenant  \u00e0 la cath\u00e9drale  d'Amiens,  pr\u00e9vu  du 12 juillet  au 22\nseptembre  2024  ; |\nConsid\u00e9rant  que  la manifestation  attire  tous  les ans  une  foule  importante  lors  de chaque\nrepr\u00e9sentation  et n\u00e9cessite  la surveillance  du site,\nSur  proposition  du sous-pr\u00e9fet,  directeur  de cabinet,\nARR\u00caTE\nArticle  1\u00b0 - La soci\u00e9t\u00e9  ATALIAN  SECURITE,  sise  au 8 rue Bernard  Palissy  \u00e0 Taissy  (51500)  est\nautoris\u00e9e  \u00e0 assurer  la surveillance  sur la voie  publique,  dans  le cadre  du spectacle  CHROMA,\npr\u00e9vu  du 12 juillet  au 22 septembre  2024,  sur le parvis  de la place  Notre-Dame.  Cette\nsurveillance  s'exercera  \u00e0 compter  suivant  les plages  suivantes  :\n- de 21h30  \u00e0 01h30  en juillet,\n\u2014 de 21h00  \u00e0 01h00  en ao\u00fbt,\n- de 20h45  a Oh45  en septembre.\nArticle  2 \u2014 La surveillance  sera  assur\u00e9e  par les agents  de s\u00e9curit\u00e9  dont  la liste  figure  en annexe\ndu pr\u00e9sent  arr\u00eat\u00e9.\nArticle  3 - Les agents  de s\u00e9curit\u00e9  cit\u00e9s  \u00e0 l'article  2 ne pourront  pas \u00eatre  arm\u00e9s.\nPr\u00e9fecture de la Somme - Cabinet - 80-2024-07-03-00001 - ARR\u00caT\u00c9 portant autorisation de surveillance sur la voie publique sur le\nterritoire de la commune d\u25a1Amiens du 12 juillet au 22 septembre 2024 lors du spectacle CHROMA 33\nArticle  4 - Le b\u00e9n\u00e9ficiaire  de la pr\u00e9sente  autorisation  s'engage  \u00e0 respecter  les prescriptions  de\nla loi du 12 juillet  1983  susvis\u00e9e.\nArticle  5 - La pr\u00e9sente  autorisation,  pr\u00e9caire  et r\u00e9vocable  \u00e0 tout  moment,  prendra  fin a\nl'expiration  de la mission.\nArticle  6 - Le sous-pr\u00e9fet,  directeur  de cabinet  du pr\u00e9fet  de la Somme  et le directeur\ninterd\u00e9partemental  de la police  nationale  de la Somme  sont  charg\u00e9s,  chacun  en ce qui le\nconcerne,  de l'ex\u00e9cution  du pr\u00e9sent  arr\u00eat\u00e9,  qui sera  publi\u00e9  au recueil  des  actes  administratifs\nde la pr\u00e9fecture.\nAmiens,  le = 9 JUIL.  2024\nPour  le pr\u00e9fet  et pa#d\u00e9l\u00e9gation,\nLe sous-pr\u00e9fet,  diregteur  de cabinet\nVOIES  ET DELAIS  DE RECOURS\nLa pr\u00e9sente  d\u00e9cision  est  susceptible  de faire,  dans  le d\u00e9lai  de deux  mois  suivant  la notification,  l'objet  des  voies  de recours  suivantes  :\n- Un recours  gracieux,  formul\u00e9  aupr\u00e8s  du Pr\u00e9fet  de la Somme,  Cabinet,  bureau  de la s\u00e9curit\u00e9  int\u00e9rieure,  51 rue de la R\u00e9publique  80020  Amiens\n- un recours  hi\u00e9rarchique,  aupr\u00e8s  du Ministre  de l'int\u00e9rieur,  direction  des libert\u00e9s  publiques  et des affaires  juridiques  \u2014 sous-direction  des polices\nadministratives  \u2014 bureau  des  polices  administratives  - place  Beauvau  75800  Paris  cedex  08.\nCes  recours  sont  d\u00e9pourvus  de caract\u00e8re  suspensif.  En l'absence  de r\u00e9ponse  de l'administration  dans  un d\u00e9lai  de deux  mois  \u00e0 compter  de la date  de\nr\u00e9ception  de votre  recours,  celui-ci  doit  \u00eatre  consid\u00e9r\u00e9  comme  implicitement  rejet\u00e9.\n- Un recours  contentieux,  devant  le tribunal  administratif  d'Amiens  -14 rue Lemerchier  80000  AMIENS  ou par voie  \u00e9lectronique  par le site  www.telerecours.fr\nCe recours  juridictionnel  doit  \u00eatre  d\u00e9pos\u00e9  au plus  tard  avant  l'expiration  du deuxi\u00e8me  mois  \u00e0 compter  de la date  de notification  de la d\u00e9cision  contest\u00e9e,\nou dans  les deux  mois  suivant  la date  du rejet  de votre  recours  gracieux  ou hi\u00e9rarchique.\nPr\u00e9fecture de la Somme - Cabinet - 80-2024-07-03-00001 - ARR\u00caT\u00c9 portant autorisation de surveillance sur la voie publique sur le\nterritoire de la commune d\u25a1Amiens du 12 juillet au 22 septembre 2024 lors du spectacle CHROMA 34\nANNEXE 1Liste des agents de s\u00e9curit\u00e9 priv\u00e9e autoris\u00e9s a exercer leur mission lors du spectacle CHROMA 4 la cath\u00e9drale d'Amiens du 12 juillet au 22septembre 2024NOM PRENOM DATE DE NAISSANCE | LIEU DE NAISSANCE CARTE PROFESSIONNELLEDA CROUZ MORAIS ANTONIO 24/02/1961 REGUA CAR-080-2025-05-18-20200396516DICK MOUSTAPHA 24/08/1969 AMIENS CAR-080-2026-03-23-20210720352LEFEVRE LILIAN 01/04/2002 AMIENS CAR-080-2027-12-14-20220828573DEGOUY - SOPHIE 14/08/1980 AMIENS CAR-080-2025-02-21-20200159725YACINE KARIM 15/12/1994 TIZI OUZOU CAR-080-2024-08-20-20190689340ASMANI AMMAR 29/01/1977 | MAATKAS CAR-080-2024-10-11-20190051350AKAFFOU ASSA 13/03/1892 COCODY CAR-080-2025-06-11-20200694466BAH ABDOURAHAMANE 01/07/1992 PITA CAR-080-2026-03-30-20210636904\nPr\u00e9fecture de la Somme - Cabinet - 80-2024-07-03-00001 - ARR\u00caT\u00c9 portant autorisation de surveillance sur la voie publique sur le\nterritoire de la commune d\u25a1Amiens du 12 juillet au 22 septembre 2024 lors du spectacle CHROMA 35\nPr\u00e9fecture de la Somme - Cabinet\n80-2024-07-02-00003\narr\u00eat\u00e9 portant renouvellement agr\u00e9ment SARL\nEspace D\u00e9pannage\nPr\u00e9fecture de la Somme - Cabinet - 80-2024-07-02-00003 - arr\u00eat\u00e9 portant renouvellement agr\u00e9ment SARL Espace D\u00e9pannage 36\nEx\nDE LA SOM ME CabinetBureau  des  droits  \u00e0 conduireLibert\u00e9\n\u00c9galit\u00e9\nFraternit\u00e9\nArr\u00eat\u00e9  portant  renouvellement  de l'agr\u00e9ment\nde la SARL  \u00abEspace  D\u00e9pannage\u00bb  en qualit\u00e9  de gardien  de fourri\u00e8re\nVu le code  de la route  ;\nVu le d\u00e9cret  du 13 juillet 2023 portant  nomination  du pr\u00e9fet de la Somme,  M. Rollon MOUCHEL-\nBLAISOT  \u00e0 compter  du 24 juillet  2023  ;\nVu le d\u00e9cret  du 3 janvier  2024  portant  nomination  de Monsieur  Victor  JOZON,  sous-pr\u00e9fet,  directeur  de\ncabinet  du pr\u00e9fet  de la Somme  ;\nVu l'arr\u00eat\u00e9  minist\u00e9riel  du 14 novembre  2001  modifi\u00e9  fixant  les tarifs  maxima  des  frais  de fourri\u00e8re  pour\nautomobiles  ;\nVu l'arr\u00eat\u00e9  pr\u00e9fectoral  du 26 juillet  2019  portant  agr\u00e9ment  de la SARL  \u00ab Espace  D\u00e9pannage  \u00bb en qualit\u00e9\nde gardien  de fourri\u00e8re  ;\n'Vu  l'arr\u00eat\u00e9  pr\u00e9fectoral  du 24 mars  2023  portant  composition  des  membres  de la Commission\nD\u00e9partementale  de la S\u00e9curit\u00e9  Routi\u00e8re  et de sa section  sp\u00e9cialis\u00e9e  en mati\u00e8re  d'agr\u00e9ment  des\ngardiens  et installations  de fourri\u00e8re  ;\nVu l'arr\u00eat\u00e9  pr\u00e9fectoral  du 15 janvier  2024  portant  d\u00e9l\u00e9gation  de signature  principale  \u00e0 M. Victor\nJOZON,  directeur  de cabinet  du pr\u00e9fet  de la Somme;\nVu la demande  de renouvellement  d'agr\u00e9ment  pr\u00e9sent\u00e9e  le 13 mai  2024  par la SARL  \u00abEspace\nD\u00e9pannage\u00bb  Z.I de Rouval  \u00e0 Doullens,  repr\u00e9sent\u00e9e  par  Madame  Christelle  SAILLY-DELCUSE,  g\u00e9rante  de\nl'\u00e9tablissement  ;\nVu l'avis  favorable  \u00e9mis  par  la formation  sp\u00e9cialis\u00e9e  de la commission  d\u00e9partementale  de la s\u00e9curit\u00e9\nrouti\u00e8re  de la Somme  charg\u00e9e  d'examiner  les dossiers  d'agr\u00e9ment  des gardiens  et installations  de\nfourri\u00e8res,  r\u00e9unie  sur site  le 25 juin  2024  ;\nSur  proposition  du directeur  de cabinet  ;\nARRETE\nArticle  1er : La SARL \u00abEspace  D\u00e9pannage\u00bb  repr\u00e9sent\u00e9e  par Madame  Christelle  SAILLY-DELCUSE  est\nagr\u00e9\u00e9e  pour  le compte  de son  \u00e9tablissement  situ\u00e9  Z.I de Rouval  \u00e0 Doullens  sous  le n\u00b0 F80-009  en qualit\u00e9\nde gardien  de fourri\u00e8re  pour  le d\u00e9partement  de la Somme.\n51, rue de la R\u00e9publique  \u2014 CS 42001  - 80020  Amiens  Cedex  9\nT\u00e9l : 03.22.97.80.80  \u2014 Fax : 03.22.97.80.98\n- Portail  de l'\u00c9tat  dans  la Somme  : http://www.somme.gouv.fr\n1/2\nPr\u00e9fecture de la Somme - Cabinet - 80-2024-07-02-00003 - arr\u00eat\u00e9 portant renouvellement agr\u00e9ment SARL Espace D\u00e9pannage 37\nArticle  2: L'agr\u00e9ment  est accord\u00e9  pour  une  dur\u00e9e  de cing  ans  a compter  de la date  de signature  du\npr\u00e9sent  arr\u00eat\u00e9.  L'agr\u00e9ment  est personnel  et incessible.  Celui-ci  pourra  \u00eatre  renouvel\u00e9  sur demande  du\np\u00e9titionnaire  pr\u00e9sent\u00e9e  \u00e0 la pr\u00e9fecture  de la Somme,  trois  mois  avant  l'expiration  de la pr\u00e9sente\np\u00e9riode  d'agr\u00e9ment.\nArticle  3 : Les tarifs  maxima  des frais  relatifs  \u00e0 l'immobilisation  mat\u00e9rielle  des v\u00e9hicules,  les op\u00e9rations\npr\u00e9alables  \u00e0 leur  mise  en fourri\u00e8re,  leur  enl\u00e8vement,  leur  garde  en fourri\u00e8re,  leur  expertise,  ainsi  que\nleur  destruction  sont  fix\u00e9s  conform\u00e9ment  \u00e0 l'arr\u00eat\u00e9  minist\u00e9riel  du 14 novembre  2001  modifi\u00e9.  Les tarifs\nen cause  s'entendent  toutes  taxes  comprises  (TTC).\nArticle  4 : Le pr\u00e9fet  de la Somme  devra  \u00eatre  inform\u00e9,  dans  un d\u00e9lai  d'un  mois,  de tout  changement\nrelatif  \u00e0 l'exploitation  de l'\u00e9tablissement  d\u00e9sign\u00e9  \u00e0 l'article  1er et notamment  d'une  \u00e9ventuelle\ncessation  d'activit\u00e9.\nArticle  5 : En cas de manquement  \u00e0 ses obligations  ou d'infraction  \u00e0 la l\u00e9gislation  en vigueur,  le gardien\nde fourri\u00e8re  peut  se voir  appliquer  des  sanctions  administratives  (avertissement,  suspension  et/ou\nretrait  de l'agr\u00e9ment)  apr\u00e8s  mise  en \u0153uvre  de la proc\u00e9dure  contradictoire  et ind\u00e9pendamment  des\nsanctions  p\u00e9nales  \u00e9ventuelles.\nArticle  6 : Le directeur  de cabinet  est charg\u00e9  de l'ex\u00e9cution  du pr\u00e9sent  arr\u00eat\u00e9  qui sera  publi\u00e9  au recueil\ndes  actes  administratifs  et copie  adress\u00e9e  \u00e0 chacun  de ses membres.\nFait \u00e0 Amiens,  le f) 9 JUIL.  2024\nPour  le Pr\u00e9f\u00e9t  et par  d\u00e9l\u00e9gation,\nVoies  de recours  dans  un d\u00e9lai  de deux  mois  \u00e0 compter  de la date  de la pr\u00e9sente  notification  :\n- recours  gracieux  aupr\u00e8s  de mes  services  ;\n- recours  hi\u00e9rarchique  aupr\u00e8s  du Ministre  de l'Int\u00e9rieur  - d\u00e9l\u00e9gation  a la s\u00e9curit\u00e9  et la circulation  routi\u00e8res  - sous  direction  de\nl'\u00e9ducation  routi\u00e8re  et du permis  de conduire  - Place  Beauvau  - 75800  PARIS  cedex  08 ;\n- recours  contentieux  devant  le tribunal  administratif  d'Amiens  au moyen  de l'application  www/telerecours.fr\n2/2\nPr\u00e9fecture de la Somme - Cabinet - 80-2024-07-02-00003 - arr\u00eat\u00e9 portant renouvellement agr\u00e9ment SARL Espace D\u00e9pannage 38\nPr\u00e9fecture de la Somme - Direction de la\nCitoyennet\u00e9 et de la L\u00e9galit\u00e9\n80-2024-07-01-00002\nArr\u00eat\u00e9 pr\u00e9fectoral portant r\u00e8glement d'office du\nbudget primitif 2024 de la commune de\nRubempr\u00e9\nPr\u00e9fecture de la Somme - Direction de la Citoyennet\u00e9 et de la L\u00e9galit\u00e9 - 80-2024-07-01-00002 - Arr\u00eat\u00e9 pr\u00e9fectoral portant r\u00e8glement\nd'office du budget primitif 2024 de la commune de Rubempr\u00e9 39\n| =\nPREFET\nDE LA SOMME  Arr\u00eat\u00e9  n\u00b0 DCL/BCL/2024-0349\nLibert\u00e9\nEgalit\u00e9\nFraternit\u00e9\nARR\u00caT\u00c9\nPortant  r\u00e8glement  d'office  du budget  primitif  2024\nde la commune  de Rubempr\u00e9\nLE PR\u00c9FET  DE LA SOMME\nCHEVALIER  DE LA L\u00c9GION  D'HONNEUR\nVu le code  g\u00e9n\u00e9ral  des  collectivit\u00e9s  territoriales  ;\nVu le d\u00e9cret  n\u00b0 2004-374  du 29 avril  2004  modifi\u00e9  relatif  aux  pouvoirs  des  pr\u00e9fets,  a\nl'organisation  et \u00e0 l'action  des  services  de l'\u00c9tat  dans  les r\u00e9gions  et d\u00e9partements  ;\nVu le d\u00e9cret  du 13 juillet  2023  nommant  M. Rollon  MOUCHEL-BLAISOT,  pr\u00e9fet  de la\nSomme;\nVu le d\u00e9cret  du 21 juillet  2023  nommant  M. Emmanuel  MOULARD,  sous-pr\u00e9fet  hors\nclasse,  secr\u00e9taire  g\u00e9n\u00e9ral  de la pr\u00e9fecture  de la Somme  ;\nVu l'arr\u00eat\u00e9  pr\u00e9fectoral  du 15 janvier  2024  accordant  d\u00e9l\u00e9gation  de signature  a\nM. Emmanuel  MOULARD,  secr\u00e9taire  g\u00e9n\u00e9ral  de la pr\u00e9fecture  de la Somme  ;\nVu la d\u00e9lib\u00e9ration  n\u00b0 09.04.DE20246.686  du conseil  municipal  de Rubempr\u00e9  du\n9 avril  2024  rejetant  le compte  de gestion  2023  ;\nVu la d\u00e9lib\u00e9ration  n\u00b0 09.04.DE20247686  du conseil  municipal  de Rubempr\u00e9  du\n9 avril  2024  rejetant  le compte  administratif  2023  ;\nVu la d\u00e9lib\u00e9ration  n\u00b0 09.04.DE20248.686  du conseil  municipal  de Rubempr\u00e9  du\n9 avril  2024  rejetant  l'affectation  des  r\u00e9sultats  de l'exercice  2023  ;\nVu la d\u00e9lib\u00e9ration  n\u00b0 09.04.DE20249.686  du conseil  municipal  de Rubempr\u00e9  du\n9 avril  2024  rejetant  le budget  primitif  2024  ;\nVu la d\u00e9lib\u00e9ration  n\u00b0 09.04.DE202410.686  du conseil  municipal  de Rubempr\u00e9  du\n9 avril  2024  rejetant  les taux  de fiscalit\u00e9  directe  locale  pour  l'ann\u00e9e  2024  ;\nVu le compte  de gestion  2023  \u00e9tabli  par  le comptable  public  ;\nVu les projets  de maquettes  de compte  administratif  2023  et budget  primitif  2024  ;\nVu la lettre  de saisine  de la Chambre  r\u00e9gionale  des  comptes  Hauts-de-France  en date\ndu 30 avril  2024;\nVu les avis  n\u00b0 2024-0076  et 2024-0094  rendus  par  la Chambre  r\u00e9gionale  des  comptes\nHauts-de-France  les 31 mai  et 17 juin  2024  ;\nConsid\u00e9rant  que  la Chambre  r\u00e9gionale  des  comptes  Hauts-de-France  a \u00e9t\u00e9 saisie  du\nbudget  primitif  2024  ;\nConsid\u00e9rant  qu'il  convient  de r\u00e9tablir  le montant  des  recettes  r\u00e9elles\nd'investissement  \u00e0 la somme  de 94 516  \u20ac au lieu  de celle  de 92 716  \u20ac mentionn\u00e9e\ndans  l'avis  de la Chambre  r\u00e9gionale  des  comptes  ;\nConsid\u00e9rant  qu'il  appartient  au pr\u00e9fet  de la Somme  de r\u00e9gler  et de rendre\nex\u00e9cutoire  le budget  primitif  2024  de la commune  de Rubempr\u00e9;\n1/3\nPr\u00e9fecture de la Somme - Direction de la Citoyennet\u00e9 et de la L\u00e9galit\u00e9 - 80-2024-07-01-00002 - Arr\u00eat\u00e9 pr\u00e9fectoral portant r\u00e8glement\nd'office du budget primitif 2024 de la commune de Rubempr\u00e9 40\nSur  proposition  du secr\u00e9taire  g\u00e9n\u00e9ral  de la pr\u00e9fecture  ;\nARRETE\nArticle  1\u00b0 - Le budget  primitif  principal  2024  de la commune  de Rubempr\u00e9  est r\u00e9gl\u00e9\nd'office  comme  suit  : |\nSECTION  DE FONCTIONNEMENT\nD\u00e9penses\nChapitre  Libell\u00e9  Montant  en euros\n011 Charges  \u00e0 caract\u00e8re  g\u00e9n\u00e9ral  165 682 \u20ac\n012  Charges  de personnel  et frais  assimil\u00e9s  240  853  \u20ac\n65 Autres  charges  de gestion  courante  (sauf  6586)  52 221\u20ac\n66 Charges  financi\u00e8res  9 500  \u20ac\n023  Virement  \u00e0 la section  d'investissement  21 976  \u20ac\n042  Op\u00e9rations  ordre  transf.  entre  sections  9 315  \u20ac\nTotal  des  d\u00e9penses  de fonctionnement  499  547  \u20ac\nRecettes\nChapitre  Libell\u00e9  Montant  en euros\n013  Att\u00e9nuation  de charges  2 900  \u20ac\n70 Produits  des  services,  du domaine  et ventes...  50 350  \u20ac\n73 Imp\u00f4ts  et taxes  (sauf  le 731)  47 628  \u20ac\n731  Fiscalit\u00e9  locale  205  765  \u20ac\n74 Dotations  et participations  173  218  \u20ac\n75 Autres  produits  de gestion  courante  13770  \u20ac\nR 002  R\u00e9sultat  report\u00e9  207  660  \u20ac\nTotal  des  recettes  de fonctionnement  701  291  \u20ac\nSECTION  D'INVESTISSEMENT\nD\u00e9penses\nChapitre  Libell\u00e9  Montant  en euros\n20 Immobilisations  incorporelles  (sauf  204)  (y compris  4 207  \u20ac\nop\u00e9rations)\n204  Subventions  d'\u00e9quipement  vers\u00e9es  (hors  93126  \u20ac\nop\u00e9rations)\n21 Immobilisations  corporelles  (y compris  op\u00e9rations)  27 669  \u20ac\n16 Emprunts  et dettes  assimil\u00e9es  50 000  \u20ac\nD001  Solde  d'ex\u00e9cution  n\u00e9gatif  report\u00e9  ou anticip\u00e9  28 262  \u20ac\nTotal  des  d\u00e9penses  d'investissement  175  002  \u20ac\n2/3\nPr\u00e9fecture de la Somme - Direction de la Citoyennet\u00e9 et de la L\u00e9galit\u00e9 - 80-2024-07-01-00002 - Arr\u00eat\u00e9 pr\u00e9fectoral portant r\u00e8glement\nd'office du budget primitif 2024 de la commune de Rubempr\u00e9 41\nRecettes\nChapitre  Libell\u00e9  Montant  en euros\n13 Subventions  d'investissement  recues  (sauf  le 138)  21 521  \u20ac\n10. Dot.,  fonds  divers  et r\u00e9serves  (sauf 1068) 44 380 \u20ac\n1068  Exc\u00e9dent  de fonctionnement  capitalis\u00e9s  28 615\u20ac\n021  Virent  de la section  de fonctionnement  21 976  \u20ac\n040  Op\u00e9rations  ordre  transf.  Entre  sections  9 315  \u20ac\nR 001  Solde  d'ex\u00e9cution  ant\u00e9rieur  report\u00e9  50 995  \u20ac\nTotal  des  recettes  d'investissement  176  802  \u20ac\nArticle  2 \u2014- La pr\u00e9sente  d\u00e9cision  peut  faire  l'objet,  dans  un d\u00e9lai  de 2 mois  \u00e0 compter\nde sa notification  :\n* d'un  recours  gracieux  aupr\u00e8s  du pr\u00e9fet  de la Somme  ;\n+ d'un  recours  hi\u00e9rarchique  aupr\u00e8s  de la ministre  de la Transition  \u00e9cologique  et\nde la Coh\u00e9sion  des territoires  ;\nEn l'absence  de r\u00e9ponse  de l'administration  dans  un d\u00e9lai  de 2 mois  \u00e0 compter\nde la date  de r\u00e9ception  du recours  gracieux  ou hi\u00e9rarchique,  celui-ci  devra  \u00eatre\nconsid\u00e9r\u00e9  comme  implicitement  rejet\u00e9.\n* d'un  recours  contentieux  devant  le tribunal  administratif  d'Amiens.\nCe recours  juridictionnel  doit  \u00eatre  d\u00e9pos\u00e9  au plus  tard  avant  l'expiration  du\n2\u00b0\"  mois  suivant  la date  de notification  de la d\u00e9cision  contest\u00e9e  (la pr\u00e9sente\nd\u00e9cision,  le recours  gracieux  ou hi\u00e9rarchique)  ou dans  les 2 mois  suivant\nl'expiration  du d\u00e9lai  de 2 mois  \u00e9coul\u00e9  depuis  la date  du recours  gracieux  ou du\nrecours  hi\u00e9rarchique  en cas  de d\u00e9cision  implicite.\nArticle  3 - Le secr\u00e9taire  g\u00e9n\u00e9ral  de la pr\u00e9fecture,  le directeur  d\u00e9partemental  des\nfinances  publiques  de la Somme  par  int\u00e9rim,  le chef  du service  de gestion  comptable\nde Doullens  et la maire  de la commune  de Rubempr\u00e9  sont  charg\u00e9s,  chacun  en ce qui\nle concerne,  de l'ex\u00e9cution  du pr\u00e9sent  arr\u00eat\u00e9  qui sera  publi\u00e9  au recueil  des  actes\nadministratifs  de la pr\u00e9fecture  de la Somme  et dont  une  copie  sera  adress\u00e9e  au\npr\u00e9sident  de la Chambre  r\u00e9gionale  des  comptes  Hauts-de-France.\nAmiens,  le \u2014:{ Jill,  2024\nPour  le pr\u00e9fet  ef par  d\u00e9l\u00e9gation,\nire G\u00e9n\u00e9ral\nPr\u00e9fecture de la Somme - Direction de la Citoyennet\u00e9 et de la L\u00e9galit\u00e9 - 80-2024-07-01-00002 - Arr\u00eat\u00e9 pr\u00e9fectoral portant r\u00e8glement\nd'office du budget primitif 2024 de la commune de Rubempr\u00e9 42\nSNCF R\u00e9seau\n80-2023-12-06-00009\nD\u00e9cision de d\u00e9classement du domaine public\nferroviaire du 06/12/2023 - AILLY SUR NOYE\nSNCF R\u00e9seau - 80-2023-12-06-00009 - D\u00e9cision de d\u00e9classement du domaine public ferroviaire du 06/12/2023 - AILLY SUR NOYE 43\nDECISION  DE DECLASSEMENT  DU DOMAINE  PUBLIC\n(Etablie  en deux  exemplaires  originaux)\nR\u00e9f. SPA  : NP2150-13\nSNCF  R\u00e9seau\nVu le code  des transports,  notamment  son article  L. 2111-2  ;\nVu le code  g\u00e9n\u00e9ral  de la propri\u00e9t\u00e9  des personnes  publiques,  et notamment  son article\nL. 2141-1,  |\nVu l'ordonnance  n\u00b0 2019-552  du 3 juin  2019  portant  diverses  dispositions  relatives  au\ngroupe  SNCF  notamment  son  article  18 ;\nVu le d\u00e9cret  n\u00b0 2019-1516  du 30 d\u00e9cembre  2019  relatif  aux r\u00e8gles  de gestion\ndomaniale  applicables  \u00e0 la soci\u00e9t\u00e9  SNCF  R\u00e9seau  et sa filiale  mentionn\u00e9e  au 5\u00b0 de\nl'article  L. 2111-9  du Code  des transports  (SNCF  Gares  & Connexions),  notamment  son\narticle  3,\nVu l'Arr\u00e9t\u00e9  du Ministre  de l'\u00e9cologie,  du d\u00e9veloppement  durable  et de l'\u00e9nergie  du 25\njuin  2015  fixant  les obligations  d'information  de l'Autorit\u00e9  de r\u00e9gulation  des activit\u00e9s\nferroviaires  et routi\u00e8res  (ARAFER)  des  projets  de d\u00e9classement  de la SNCF,  SNCF\nR\u00e9seau  et SNCF  Mobilit\u00e9s,\nVu la d\u00e9lib\u00e9ration  du conseil  d'administration  de SNCF  R\u00e9seau  en date  du 22 juillet\n2015  portant  d\u00e9l\u00e9gation  de pouvoirs  \u00e0 son pr\u00e9sident  et fixant  les conditions  g\u00e9n\u00e9rales\ndes d\u00e9l\u00e9gations  au sein  de SNCF  R\u00e9seau,\nVu la d\u00e9cision  du 12 juillet  2018  portant  d\u00e9l\u00e9gation  de pouvoirs  du pr\u00e9sident  au\ndirecteur  g\u00e9n\u00e9ral  adjoint  clients  et services\nVu la d\u00e9cision  du 12 juillet  2018  portant  d\u00e9l\u00e9gation  de pouvoirs  du directeur  g\u00e9n\u00e9ral\nclients  et services  au directeur  territorial\nVu le courrier  adress\u00e9  au Conseil  R\u00e9gional  des  Hauts  de France  en date  du 09\nJanvier  2023.\nVu l'autorisation  de l'Etat  en date  du 31 juillet  2023,\nConsid\u00e9rant  que le bien  n'est  plus  affect\u00e9  aux missions  de la SA SNCF  R\u00e9seau\nSNCF R\u00e9seau - 80-2023-12-06-00009 - D\u00e9cision de d\u00e9classement du domaine public ferroviaire du 06/12/2023 - AILLY SUR NOYE 44\nDECIDE  :\nARTICLE  1\nLe terrain  nu sis a AILLY  SUR  NOYE  tel qu'il  apparait  dans  le tableau  ci-dessous  et sur\nle plan  joint  a la pr\u00e9sente  d\u00e9cision,  est d\u00e9class\u00e9  du domaine  public  ferroviaire.\nCode  INSEE  j : R\u00e9f\u00e9rences  cadastrales  ;\nCommune  Lieu-dit  | Section  Num\u00e9ro  | Surface  (m?)\n80250  5 BD\nNOYE\nTOTAL  409\nARTICLE  2\nCopie  de la pr\u00e9sente  d\u00e9cision  sera  communiqu\u00e9e  au Pr\u00e9fet  de D\u00e9partement  de la\nSomme  et au Ministre  charg\u00e9  des Transports.\nLa pr\u00e9sente  d\u00e9cision  de d\u00e9classement  sera  publi\u00e9e  au recueil  des actes  administratifs\nde la Pr\u00e9fecture  du d\u00e9partement  de la Somme\nLa pr\u00e9sente  d\u00e9cision  sera  publi\u00e9e  au Bulletin  Officiel  de SNCF  R\u00e9seau,\nFait\u00e0  C3222\nSNCF R\u00e9seau - 80-2023-12-06-00009 - D\u00e9cision de d\u00e9classement du domaine public ferroviaire du 06/12/2023 - AILLY SUR NOYE 45\nInterneCONSTAT  DE MUTABILITE  FERROVIAIRE\nCommune  d'Ailly  sur Noye  (80)  \u2014 UT : 002067E\nVu les avis  \u00e9mis  par les services  de SNCF  R\u00e9seau  en commission  de mutabilit\u00e9,\nJe soussign\u00e9e,  Nathalie  DARMENDRAIL,  Directrice  Territoriale  SNCF  RESEAU  Hauts-de-France,\nCONSTATE  que  le bien  ci-apr\u00e8s  d\u00e9sign\u00e9  :\n| Localisation  du bien  R\u00e9f\u00e9rences  Superficie\nNature  du inventaire  SNCF  nn  x\nbien R\u00e9f\u00e9rences  Adresse  R\u00e9seau/R\u00e9f  be >\nCommune  D\u00e9pt  ou G\u00e9oprism  |cadastrales  2 PLieudit\nee  AILLY  SUR  .. . | 002067E-T044-  7Terrain  bati  NOYE  80 AH 43 5 bld Galli\u00e9ni  8041  409  m\nTotal  : 409  m?\nest devenu  inutile  pour  l'exercice  des missions  ferroviaires  de SNCF  R\u00e9seau,  et est mutable.\nFait \u00e0 Lille\nLe 17/11/2021\nNathalie  DARMENDRAIL\nDirectrice  Territoriale\n|\nSNCF R\u00e9seau - 80-2023-12-06-00009 - D\u00e9cision de d\u00e9classement du domaine public ferroviaire du 06/12/2023 - AILLY SUR NOYE 46\nSNCF R\u00e9seau - 80-2023-12-06-00009 - D\u00e9cision de d\u00e9classement du domaine public ferroviaire du 06/12/2023 - AILLY SUR NOYE 47\nPREFET\nDE LA SOMME  Cabinet\nLibert\u00e9\nEgalit\u00e9\nFraternit\u00e9\nAmiens,  le 3 ? JUIL, 2023\nLe Pr\u00e9fet  de la Somme\nv\na\nMme  Nathalie  DARMENDRAIL\nDirectrice  territoriale  SNCF  R\u00e9seau\nHauts-de-France\nObjet:  Avis  de d\u00e9classement  d'un  bien  immobilier  appartenant  au domaine  public\nferroviaire.\nPar courrier  en date  du 22 juin  2023,  l'agence  Nexity  Property  Management  La Madeleine\nsollicitait  aupr\u00e8s  de mes  services  l'autorisation  de d\u00e9classement  de la parcelle  cadastr\u00e9e  AH\n43, sis 5 boulevard  Gallieni  \u00e0 Ailly-sur-Noye  (80250).\nConform\u00e9ment  au d\u00e9cret  n\u00b0 2019-1516  du 30 d\u00e9cembre  2019,  relatif  aux r\u00e8gles  de gestion\ndomaniale  applicables  \u00e0 la soci\u00e9t\u00e9  SNCF  R\u00e9seau,  il vous  appartient  de proc\u00e9der  au\nd\u00e9classement  du bien,  apr\u00e8s  avoir  consult\u00e9  les services  du conseil  r\u00e9gional  des Hauts-de-\nFrance  et inform\u00e9  l'Autorit\u00e9  de R\u00e9gulation  des Transports  de ce projet  de d\u00e9classement.\nLa proc\u00e9dure  de consultation  ayant  \u00e9t\u00e9 respect\u00e9e  et pr\u00e9sum\u00e9e  r\u00e9guli\u00e8re  par courriers  en\ndate  du 9 janvier  2023,  je vous  informe  qu'il  n'est  pas formul\u00e9  d'objection  au d\u00e9classement\ndu bien  immobilier  cibl\u00e9.\nJe laisse  le soin  \u00e0 SNCF  R\u00e9seau  de formaliser  la d\u00e9cision  de d\u00e9classement  et d'en  demander\npublication  au recueil  des actes  administratifs  de la pr\u00e9fecture  de la Somme.\nRollon  MOUCHEL-BLAISOT\nCopie  \u00e0 M. Silv\u00e8re  SAY,  sous-pr\u00e9fet  de l'arrondissement  de Montdidier.\nCopie  \u00e0 Mme  Laurence  BRUNISSEN,  responsable  du service  local  du domaine,  DDFIP  de la Somme.\nCopie  \u00e0 Mme  Marion  BERTIN,  Sp\u00e9cialiste  cessions  et valorisation,  Nexity  Property  Management.\n51 rue  de la R\u00e9publique\n80020  AMIENS  CEDEX  9\nT\u00e9l : 03.22.97.80.80\nSNCF R\u00e9seau - 80-2023-12-06-00009 - D\u00e9cision de d\u00e9classement du domaine public ferroviaire du 06/12/2023 - AILLY SUR NOYE 48\nSNCF R\u00e9seau - 80-2023-12-06-00009 - D\u00e9cision de d\u00e9classement du domaine public ferroviaire du 06/12/2023 - AILLY SUR NOYE 49","date":"2024-07-03","first_seen_on":"2024-07-03T16:50:28+00:00","id":"1e4d5dd92f413f62282208cee7c4a89d6e6940402e092c31eeb8335e60dfa4c1","name":"RAA n\u00b0130 DU 3 juillet 2024","pdf_creation_date":"2024-07-03T16:35:08+00:00","pdf_modification_date":null,"timezone":"Europe/Paris","url":"https://www.somme.gouv.fr/contenu/telechargement/48626/324572/file/recueil-2024-130-recueil-des-actes-administratifs.pdf"}
