{"administration":"prefidf","administration_name":"Pr\u00e9fecture de la r\u00e9gion \u00cele-de-France","content":"PREFECTURE\nREGION ILE DE\nFRANCE\nRECUEIL DES ACTES\nADMINISTRATIFS SP\u00c9CIAL\nN\u00b0IDF-018-2025-05\nPUBLI\u00c9 LE 13 MAI 2025\nSommaire\nAgence R\u00e9gionale de Sant\u00e9 / Agence r\u00e9gionale de sant\u00e9\nd'Ile-de-France-D\u00e9partement de l'autonomie\nIDF-2025-05-13-00002 - Arr\u00eat\u00e9 n\u00b02025-148 portant fixation du\ncalendrier pr\u00e9visionnel indicatif 2025 des appels \u00e0 projets et appels\n\u00e0\ncandidature pour la cr\u00e9ation et le d\u00e9veloppement\nd'\u00e9tablissements et de services m\u00e9dico-sociaux de l'Agence\nr\u00e9gionale de sant\u00e9 \u00cele-de-France (4 pages) Page 6\nAgence R\u00e9gionale de Sant\u00e9 / Direction de l'Offre de Soins  - P\u00f4le RH\nen Sant\u00e9\nIDF-2025-05-13-00001 - D\u00e9cision n\u00b0 DOS - 2025 / 2128 portant sur\nl'autorisation de d\u00e9plafonnement des heures suppl\u00e9mentaires (CH\nSt Denis, de Gonesse (2 pages) Page 11\nDirection r\u00e9gionale des affaires culturelles d'Ile-de-France  / Conservation\nr\u00e9gionale des monuments historiques\nIDF-2025-05-06-00012 - Arr\u00eat\u00e9 n \u00b0 portant inscription au titre des\nmonuments historiques de plusieurs parties de\nl'h\u00f4tel-Dieu de\nProvins (Seine-et-Marne) (3 pages) Page 14\nPr\u00e9fecture de la r\u00e9gion d'Ile-de-France, pr\u00e9fecture de\nParis-Secr\u00e9tariat g\u00e9n\u00e9ral aux politiques publiques /\nIDF-2025-03-18-00007 - Avenant n\u00b0 1 A la convention n\u00b0 2018-09 du 28\nseptembre 2018 attributive de subvention au titre du Fonds national\nd'am\u00e9nagement et de d\u00e9veloppement du territoire (FNADT)\nd\u00e9rogeant aux articles 13 et 14 du d\u00e9cret n\u00b0 2018-514 du 25 juin 2018\nen lien avec le d\u00e9lai d'ach\u00e8vement de l'op\u00e9ration (EPPGHV - Phase 4\ndes travaux de r\u00e9habilitation du parc de La Villette)\n (2 pages) Page 18\nIDF-2025-03-18-00008 - Avenant n\u00b0 1 \u00e0 la convention n\u00b0 2021-39 du 1er\nd\u00e9cembre 2021 attributive de subvention au titre du Fonds national\nd'am\u00e9nagement et de d\u00e9veloppement du territoire (FNADT)\nd\u00e9rogeant aux articles 13 et 14 du d\u00e9cret n\u00b0 2018-514 du 25 juin 2018\nen lien avec le d\u00e9lai d'ach\u00e8vement de l'op\u00e9ration (EPPGHV - Phase 7\ntravaux r\u00e9habilitation parc La Villette) \n (2 pages) Page 21\nIDF-2025-03-18-00009 - Avenant n\u00b0 1 \u00e0 la convention n\u00b0 2022-22 du 2\njuin 2022 attributive de subvention au titre du Fonds national\nd'am\u00e9nagement et de d\u00e9veloppement du territoire (FNADT)\nd\u00e9rogeant aux articles 13 et 14 du d\u00e9cret n\u00b0 2018-514 du 25 juin 2018\nen lien avec l'ach\u00e8vement de l'op\u00e9ration (EPPGHV - Phase 8 travaux de\nr\u00e9habilitation du Parc La Villette)\n (2 pages) Page 24\n2\nPr\u00e9fecture de la r\u00e9gion d'Ile-de-France, pr\u00e9fecture de\nParis-Secr\u00e9tariat g\u00e9n\u00e9ral aux politiques publiques / Bureau de la\ncoordination et de l'investissement territorial\nIDF-2025-03-21-00009 - Arr\u00eat\u00e9 2025-04 modifiant l'arr\u00eat\u00e9 n\u00b0\n2017-281 du 24 octobre 2017 modifi\u00e9 portant attribution de subvention\nau titre de la dotation de soutien \u00e0 l'investissement public local \u00e0 la\ncommunaut\u00e9 de communes Sausseron Impressionnistes pour la\nconstruction d'un b\u00e2timent pour la cr\u00e9ation d'ateliers locatifs\npour de tr\u00e8s petites entreprises (TPE) artisanales ou innovantes en phase\nde cr\u00e9ation, dans le cadre du Plan d'action en faveur de\nl'\u00e9co-innovation (PAEI), sur la zone d'am\u00e9nagement concert\u00e9\n(ZAC) des Portes du Vexin, \u00e0 Ennery.\n (2 pages) Page 27\nIDF-2025-05-05-00004 - Arr\u00eat\u00e9 2025-125 modifiant l'arr\u00eat\u00e9 n\u00b0\n2021-352 du 23 avril 2021 portant attribution de subvention au titre de la\ndotation de soutien \u00e0 la r\u00e9novation \u00e9nerg\u00e9tique des b\u00e2timents\npublics des communes et \u00e9tablissements de coop\u00e9ration\nintercommunale \u00e0 la commune d'Itteville pour la r\u00e9novation\n\u00e9nerg\u00e9tique de la salle Georges Brassens : travaux d'isolation sous\ntoiture, de r\u00e9novation des fa\u00e7ades et installation d'une pompe \u00e0\nchaleur.\n (2 pages) Page 30\nIDF-2025-05-05-00005 - Arr\u00eat\u00e9 2025-126 modifiant l'arr\u00eat\u00e9 n\u00b0\n2021-432 du 23 avril 2021 portant attribution de subvention au titre de la\ndotation de soutien \u00e0 la r\u00e9novation \u00e9nerg\u00e9tique des b\u00e2timents\npublics des communes et \u00e9tablissements de coop\u00e9ration\nintercommunale \u00e0 la commune de Villebon-sur-Yvette pour la\nr\u00e9novation \u00e9nerg\u00e9tique de l'h\u00f4tel de ville, dont l'am\u00e9lioration\ndes menuiseries, de la toiture et la mise en place d'une pompe \u00e0\nchaleur.\n (2 pages) Page 33\nIDF-2025-05-05-00006 - Arr\u00eat\u00e9 2025-127 modifiant l'arr\u00eat\u00e9 n\u00b0\n2021-349 du 23 avril 2021 portant attribution de subvention au titre de la\ndotation de soutien \u00e0 la r\u00e9novation \u00e9nerg\u00e9tique des b\u00e2timents\npublics des communes et \u00e9tablissements de coop\u00e9ration\nintercommunale \u00e0 la commune d'Etr\u00e9chy pour la r\u00e9novation\nthermique de six logements communaux situ\u00e9s 18 avenue Foch (isolation\npar l'ext\u00e9rieur et r\u00e9fection de la toiture terrasse) et 42 rue Fontaine\n(isolation par l'ext\u00e9rieur et pose d'une isolation en toiture).\n (2 pages) Page 36\nIDF-2025-05-05-00007 - Arr\u00eat\u00e9 2025-128 modifiant l'arr\u00eat\u00e9 n\u00b0\n2021-363 du 26 avril 2021 portant attribution de subvention au titre de la\ndotation de soutien \u00e0 la r\u00e9novation \u00e9nerg\u00e9tique des b\u00e2timents\npublics des communes et \u00e9tablissements de coop\u00e9ration\nintercommunale \u00e0 la commune de Viry-Ch\u00e2tillon pour la r\u00e9habilitation\nde l'\u00e9cole maternelle Charles Perrault : isolation des fa\u00e7ades et de la\ntoiture, remplacement des menuiseries, mise aux normes pour les\npersonnes \u00e0 mobilit\u00e9 r\u00e9duite, d\u00e9samiantage et gestion de\nl'eau.\n (2 pages) Page 39\n3\nIDF-2025-05-05-00008 - Arr\u00eat\u00e9 2025-129 modifiant l'arr\u00eat\u00e9 n\u00b0\n2021-279 du 12 avril 2021 portant attribution de subvention au titre de la\ndotation de soutien \u00e0 la r\u00e9novation \u00e9nerg\u00e9tique des b\u00e2timents\npublics des communes et \u00e9tablissements de coop\u00e9ration\nintercommunale \u00e0 l'\u00e9tablissement public territorial Vall\u00e9e Sud -\nGrand Paris pour les travaux de r\u00e9novation \u00e9nerg\u00e9tique et la mise aux\nnormes de s\u00e9curit\u00e9 et d'accessibilit\u00e9 de l'Aquapol situ\u00e9 dans la\ncommune de Montrouge.\n (2 pages) Page 42\nIDF-2025-05-05-00009 - Arr\u00eat\u00e9 2025-130 modifiant l'arr\u00eat\u00e9 n\u00b0\n2021-372 du 16 avril 2021 portant attribution de subvention au titre de la\ndotation de soutien \u00e0 la r\u00e9novation \u00e9nerg\u00e9tique des b\u00e2timents\npublics des communes et \u00e9tablissements de coop\u00e9ration\nintercommunale \u00e0 la commune de l'Ha\u00ff-les-Roses pour le\nremplacement de l'ancienne chaufferie au fioul du gymnase de la\nVall\u00e9e-aux-Renards par une nouvelle installation raccord\u00e9e \u00e0 la\ng\u00e9othermie et au gaz naturel.\n (2 pages) Page 45\nIDF-2025-05-05-00010 - Arr\u00eat\u00e9 2025-131 Modifiant l'arr\u00eat\u00e9 n\u00b0\n2021-370 du 16 avril 2021 portant attribution de subvention au titre de la\ndotation de soutien \u00e0 la r\u00e9novation \u00e9nerg\u00e9tique des b\u00e2timents\npublics des communes et \u00e9tablissements de coop\u00e9ration\nintercommunale \u00e0 la commune de l'Ha\u00ff-les-Roses pour le\nremplacement de l'ancienne chaufferie au fioul du r\u00e9fectoire du groupe\nscolaire des Blondeaux par une nouvelle installation raccord\u00e9e \u00e0 la\ng\u00e9othermie et au gaz naturel.\n (2 pages) Page 48\nIDF-2025-05-05-00013 - Arr\u00eat\u00e9 2025-132 modifiant l'arr\u00eat\u00e9 n\u00b0\n2021-125 du 31 mars 2021 portant attribution de subvention au titre de la\ndotation de soutien \u00e0 la r\u00e9novation \u00e9nerg\u00e9tique des b\u00e2timents\npublics des communes et \u00e9tablissements de coop\u00e9ration\nintercommunale \u00e0 la commune d'Enghien-les-Bains pour les travaux de\nr\u00e9novation \u00e9nerg\u00e9tique du centre des arts de la commune (mise en\nplace d'un suivi des consommations du site, remplacement de\nl'\u00e9clairage par un syst\u00e8me de type LED, des menuiseries, du groupe\nfroid, mise en place d'une ventilation Hygro B, isolation des murs par\nl'ext\u00e9rieur au niveau de l'auditorium, reprise de\nl'\u00e9tanch\u00e9it\u00e9 des toitures terrasses avec surisolation et r\u00e9fection\nde la production de chaleur).\n (2 pages) Page 51\nIDF-2025-05-05-00015 - Arr\u00eat\u00e9 2025-133 modifiant l'arr\u00eat\u00e9 n\u00b0\n2021-586 du 2 ao\u00fbt 2021 portant attribution de subvention au titre de la\ndotation de soutien \u00e0 la r\u00e9novation \u00e9nerg\u00e9tique des b\u00e2timents\npublics des communes et \u00e9tablissements de coop\u00e9ration\nintercommunale EUR  \u00e0 la commune d'Argenteuil pour les travaux de\nremplacement des menuiseries existantes des fen\u00eatres, baies vitr\u00e9es et\nportes par des menuiseries plus performantes au sein des sept b\u00e2timents\ncommunaux suivants : l'\u00e9cole maternelle Orgemont, l'espace Mandela,\nle gymnase des Ch\u00e2taigniers, le centre de protection maternelle et\ninfantile (PMI), le conservatoire de musique, l'\u00e9cole primaire Carnot et\nl'\u00e9cole de la 2\u00e8me chance.\n (2 pages) Page 54\n4\nIDF-2025-05-05-00014 - Arr\u00eat\u00e9 2025-137 modifiant l'arr\u00eat\u00e9 n\u00b0\n2021-282 du 12 avril 2021 portant attribution de subvention au titre de la\ndotation de soutien \u00e0 la r\u00e9novation \u00e9nerg\u00e9tique des b\u00e2timents\npublics des communes et \u00e9tablissements de coop\u00e9ration\nintercommunale \u00e0 la commune de Malakoff pour les travaux de\nr\u00e9novation thermique, de r\u00e9am\u00e9nagement et de mise aux normes\nd'accessibilit\u00e9 aux personnes \u00e0 mobilit\u00e9 r\u00e9duite de la cr\u00e8che\nPaul Vaillant-Couturier.\n (2 pages) Page 57\n5\nAgence R\u00e9gionale de Sant\u00e9\nIDF-2025-05-13-00002\nArr\u00eat\u00e9 n\u00b02025-148 portant fixation du calendrier\npr\u00e9visionnel indicatif 2025 des appels \u00e0 projets\net appels \u00e0\ncandidature pour la cr\u00e9ation et le\nd\u00e9veloppement d'\u00e9tablissements et de services\nm\u00e9dico-sociaux de l'Agence r\u00e9gionale de sant\u00e9\n\u00cele-de-France\nAgence R\u00e9gionale de Sant\u00e9 - IDF-2025-05-13-00002 - Arr\u00eat\u00e9 n\u00b02025-148 portant fixation du calendrier pr\u00e9visionnel indicatif 2025 des\nappels \u00e0 projets et appels \u00e0\ncandidature pour la cr\u00e9ation et le d\u00e9veloppement d'\u00e9tablissements et de services m\u00e9dico-sociaux de l'Agence r\u00e9gionale de sant\u00e9\n\u00cele-de-France\n6\nExR\u00c9PUBLIQUEFRAN\u00c7AISELibert\u00e9\u00c9galit\u00e9Fraternit\u00e9\nf\u00e9e D Agence R\u00e9gionale de Sant\u00e9\u00cele-de-France\n \n \n \n \nAGENCE R\u00c9GIONALE DE SANT\u00c9 \u00ceLE-DE-FRANCE \n \nARR\u00caT\u00c9 N\u00b0 2025-148 \nportant fixation du calendrier pr\u00e9visionnel indicatif 2025 des appels \u00e0 projets et appels \u00e0 \ncandidature pour la cr\u00e9ation et le d\u00e9veloppement d'\u00e9tablissements et de services m\u00e9dico -\nsociaux de l'Agence r\u00e9gionale de sant\u00e9 \u00cele-de-France \n \nLA DIRECTRICE GENERALE DE L'AGENCE REGIONALE DE SANTE \u00ceLE-DE-FRANCE \n \nVU le code de la sant\u00e9 publique ; \nVU le code de l'action sociale et des familles et notamment ses articles L. 312-1, L. 313-1-1,         \nL. 313-3 et R. 313-4 ; \nVU le d\u00e9cret du 10 avril 2024 portant nomination de Monsieur Denis ROBIN, Directeur g\u00e9n\u00e9ral de \nl'Agence r\u00e9gionale de sant\u00e9 \u00cele-de-France, \u00e0 compter du 29 avril 2024. \n \nARR\u00caTE \n \nArticle 1er : Le calendrier pr\u00e9visionnel indicatif 2025 pr\u00e9cise les appels \u00e0 projet et appels \u00e0 candidature \nque l'Agence r\u00e9gionale de Sant\u00e9 \u00cele-de-France envisage de lancer pour satisfaire aux besoins \nconstat\u00e9s sur le territoire d' \u00cele-de-France en mati\u00e8re d'\u00e9tablissements et de services m\u00e9dico -sociaux \npour personnes \u00e2g\u00e9es ou en situation de handicap dont l'autorisation rel\u00e8ve de sa comp\u00e9tence. Ce \ndernier est arr\u00eat\u00e9 comme suit : \nAppels \u00e0 projet :  \n \nPERIODE OBJET LOCALISATION \n1er semestre \nPlateforme Etablissement d'accueil m\u00e9dicalis\u00e9 (EAM) TSA Paris \nCr\u00e9ation d'un EHPAD \nSous r\u00e9serve Paris \nPlateforme Maison d'accueil sp\u00e9cialis\u00e9e (MAS) TSA Hauts-de-Seine \nPlaces en IME et en SESSAD pour enfants et adolescents \npr\u00e9sentant des TSA Seine-Saint-Denis \nAgence R\u00e9gionale de Sant\u00e9 - IDF-2025-05-13-00002 - Arr\u00eat\u00e9 n\u00b02025-148 portant fixation du calendrier pr\u00e9visionnel indicatif 2025 des\nappels \u00e0 projets et appels \u00e0\ncandidature pour la cr\u00e9ation et le d\u00e9veloppement d'\u00e9tablissements et de services m\u00e9dico-sociaux de l'Agence r\u00e9gionale de sant\u00e9\n\u00cele-de-France\n7\nDispositifs organis\u00e9s en plateformes d'accompagnement \nm\u00e9dicalis\u00e9es pour adultes pr\u00e9sentant des TND Seine-Saint-Denis \nInstitut m\u00e9dico\u00e9ducatif (IME) TSA Val d'Oise \nCr\u00e9ation de deux unit\u00e9s renforc\u00e9es d'accueil temporaire \n(URAT) enfants-adolescents \nParis  \nHauts-de-Seine  \n \nSeine-et-Marne \nSeine-Saint-Denis  \nVal-de-Marne  \n \n2nd  semestre \n \nPlateforme Maison d'accueil sp\u00e9cialis\u00e9e (MAS) TSA Paris \nPlateforme de coordination et d'orientation (PCO) \nSous r\u00e9serves Paris \nInstitut m\u00e9dico\u00e9ducatif (IME) dans l'\u00e9cole TND Hauts-de-Seine \nMaison d'accueil sp\u00e9cialis\u00e9e (MAS) polyhandicap Val-de-Marne \nMaison d'accueil sp\u00e9cialis\u00e9e (MAS) d\u00e9ficience \nintellectuelle Val-de-Marne \nMaison d'accueil sp\u00e9cialis\u00e9e (MAS) TSA Val-de-Marne \nEtablissement d'accueil m\u00e9dicalis\u00e9 (EAM) TSA Val d'Oise \nEtablissement d'accueil m\u00e9dicalis\u00e9 (EAM) handicap \npsychique Val d'Oise  \n \n \n \n \n \n \n \n \n \nAgence R\u00e9gionale de Sant\u00e9 - IDF-2025-05-13-00002 - Arr\u00eat\u00e9 n\u00b02025-148 portant fixation du calendrier pr\u00e9visionnel indicatif 2025 des\nappels \u00e0 projets et appels \u00e0\ncandidature pour la cr\u00e9ation et le d\u00e9veloppement d'\u00e9tablissements et de services m\u00e9dico-sociaux de l'Agence r\u00e9gionale de sant\u00e9\n\u00cele-de-France\n8\nAppel \u00e0 candidature : \n \nPERIODE OBJET LOCALISATION \n \n \n \n \n \n \n \n \n1er semestre \n \n \n \n \n \n \n \n \n \n \n \n \n \n \n \n \n \n \n \n \n \n \n \nPlateforme de r\u00e9pit (PFR) pour personnes en situation de \nhandicap Yvelines \nUnit\u00e9 externalis\u00e9e \u00e9l\u00e9mentaire autisme (UEEA) Essonne \nServices de soins infirmiers \u00e0 domicile pour personnes en \nsituation de handicap (SSIAD) \nSous r\u00e9serves \n\u00cele-de-France \nD\u00e9veloppement de la fonction ressource sur les \nd\u00e9ficiences sensorielles graves (d\u00e9ficiences visuelles et \nd\u00e9ficiences auditives) \n\u00cele-de-France \nCr\u00e9ation de centres de ressources territoriaux (CRT) \u00cele-de-France \nServices \u00e0 domicile (SAD) mixte pour personnes \u00e2g\u00e9es  \u00cele-de-France \nSport sant\u00e9 personnes \u00e2g\u00e9es \u00cele-de-France \nPlateforme de r\u00e9pit (PFR) pour personnes \u00e2g\u00e9es \u00cele-de-France \nD\u00e9ploiement IDE de nuit en EHPAD \u00cele-de-France \n2e semestre \n \nUnit\u00e9 externalis\u00e9e \u00e9l\u00e9mentaire autisme (UEMA) Yvelines \nUnit\u00e9 externalis\u00e9e \u00e9l\u00e9mentaire autisme (UEEA) Yvelines \nDispositif d'autor\u00e9gulation (DAR) coll\u00e8ge Yvelines \nInstitut m\u00e9dico\u00e9ducatif (IME) dans l'\u00e9cole TSA Yvelines \nAgence R\u00e9gionale de Sant\u00e9 - IDF-2025-05-13-00002 - Arr\u00eat\u00e9 n\u00b02025-148 portant fixation du calendrier pr\u00e9visionnel indicatif 2025 des\nappels \u00e0 projets et appels \u00e0\ncandidature pour la cr\u00e9ation et le d\u00e9veloppement d'\u00e9tablissements et de services m\u00e9dico-sociaux de l'Agence r\u00e9gionale de sant\u00e9\n\u00cele-de-France\n9\nDispositif d'autor\u00e9gulation (DAR) coll\u00e8ge Hauts-de-Seine \nUnit\u00e9 externalis\u00e9e \u00e9l\u00e9mentaire autisme (UEEA) Hauts-de-Seine \nEtablissement d'accueil m\u00e9dicalis\u00e9 (EAM) TSA  Val-de-Marne    \nPrise en charge des r\u00e9sidents atteints de troubles \npsychiatriques et tr\u00e8s pr\u00e9caires en EHPAD \u00cele-de-France \n \nCe calendrier a un caract\u00e8re pr\u00e9visionnel et est susceptible d'\u00e9voluer au cours de l'ann\u00e9e 2025.  \nLes AA P et  AAC pr\u00e9sent\u00e9s dans ce calendrier seront  mis en \u0153uvre sous r\u00e9serve de disponibilit\u00e9 des cr\u00e9dits, \nnotamment suite au vote de la loi de financement de la s\u00e9curit\u00e9 sociale . \nLes AAP et AAC n'ayant pu \u00eatre lanc\u00e9s durant l'ann\u00e9e en cours feront l'objet d'une programmation ult\u00e9rieure.  \nArticle 2e : Le pr\u00e9sent arr\u00eat\u00e9 sera publi\u00e9 au recueil des actes administratifs de la Pr\u00e9fecture de la r\u00e9gion \n\u00cele-de-France et pourra \u00eatre consult\u00e9 sur le site internet de l'Agence r\u00e9gionale de sant\u00e9 \u00cele-de-France  \n( https://www.\u00celedefrance.ars.sante.fr ). \nArticle 3 e : Les personnes morales gestionnaires d'\u00e9tablissements et services sociaux et m\u00e9dico -\nsociaux et de lieux de vie et d'accueil peuvent faire conna\u00eetre leurs observations sur ce calendrier dans \nles deux mois suivant la date de publication du pr\u00e9sent arr\u00eat\u00e9. \n \n Fait \u00e0 Saint-Denis, le 13 mai 2025 \n \n \nLa Directrice g\u00e9n\u00e9rale adjointe  \nde l'Agence r\u00e9gionale de sant\u00e9 \n\u00cele-de-France \n                                    \n        \nSophie MARTINON \nAgence R\u00e9gionale de Sant\u00e9 - IDF-2025-05-13-00002 - Arr\u00eat\u00e9 n\u00b02025-148 portant fixation du calendrier pr\u00e9visionnel indicatif 2025 des\nappels \u00e0 projets et appels \u00e0\ncandidature pour la cr\u00e9ation et le d\u00e9veloppement d'\u00e9tablissements et de services m\u00e9dico-sociaux de l'Agence r\u00e9gionale de sant\u00e9\n\u00cele-de-France\n10\nAgence R\u00e9gionale de Sant\u00e9\nIDF-2025-05-13-00001\nD\u00e9cision n\u00b0 DOS - 2025 / 2128 portant sur\nl'autorisation de d\u00e9plafonnement des heures\nsuppl\u00e9mentaires (CH St Denis, de Gonesse\nAgence R\u00e9gionale de Sant\u00e9 - IDF-2025-05-13-00001 - D\u00e9cision n\u00b0 DOS - 2025 / 2128 portant sur l'autorisation de d\u00e9plafonnement des\nheures suppl\u00e9mentaires (CH St Denis, de Gonesse 11\nEREPUBLIQUEFRAN\u00c7AISE @ D Agence R\u00e9gionale de Sant\u00e9Libert\u00e9 lle-de-FranceEgalit\u00e9Fraternit\u00e9\n4 4 4 4==  mn  me =  mn mm  = = \u2014  MR  mm  Re  =  =  = = =.  \u2014\nation du travail3 du 9 janvier 1986 portantre iires et a leur33 duitali\u00e8re\n(1/2\n \n \n1 / 2 \n \n \n         \n \n \nDECISION n\u00b0 DOS \u2013 2025 / 2128 \n \n \nportant sur l'autorisation de d\u00e9plafonnement des heures suppl\u00e9mentaires \n \n \nLE DIRECTEUR G\u00c9N\u00c9RAL DE L'AGENCE R\u00c9GIONALE DE SANT\u00c9 \u00ceLE-DE-FRANCE \n \n \nVU   la loi n\u00b0 86 -33 du 9 janvier 1986 modifi\u00e9e portant dispositions statutaires relatives \u00e0 la \nfonction publique hospitali\u00e8re ; \n \nVU  le d\u00e9cret n\u00b0 2002-9 du 4 janvier 2002 relatif au temps de travail et \u00e0 l'organisation du travail \ndans les \u00e9tablissements mentionn\u00e9s \u00e0 l'article 2 de la loi n\u00b0 86-33 du 9 janvier 1986 portant \ndispositions statutaires relatives \u00e0 la fonction publique hospitali\u00e8re ; \n \nVU   le d\u00e9cret n\u00b0 2020-297 du 24 mars 2020 relatif aux heures suppl\u00e9mentaires et \u00e0 leur \nd\u00e9passement dans les \u00e9tablissements mentionn\u00e9s \u00e0 l'article 2 de la loi n\u00b0 86-33 du 9 janvier \n1986 portant dispositions statutaires relatives \u00e0 la fonction publique hospitali\u00e8re  et plus \npr\u00e9cis\u00e9ment l'article 15 modifi\u00e9 du d\u00e9cret 2002-9 du 4 janvier 2002 ; \n \nVU la d\u00e9cision du ministre de la sant\u00e9 du 5 mars 2020 (publi\u00e9e le 10 mars) portant application \nde l'article 15, alin\u00e9a 3, du d\u00e9cret n\u00b0 2022-9 du 4 janvier 2022 relatif au temps de travail et \u00e0 \nl'organisation du travail dans les \u00e9tablissements mentionn\u00e9s \u00e0 l'article 2 de la loi n\u00b0 86-33 du \n9 janvier 1986 portant dispositions statutaires relatives \u00e0 la fonction publique hospitali\u00e8re ; \n \n \nConsid\u00e9rant  que les \u00e9tablissements mentionn\u00e9s \u00e0 l'article 2 de la loi du 9 janvier 1986  susvis\u00e9e \npeuvent \u00eatre autoris\u00e9s, par d\u00e9cision du directeur g\u00e9n\u00e9ral de l'agence r\u00e9gionale de sant\u00e9 pour les \n\u00e9tablissements mentionn\u00e9s aux 1\u00b0, 2\u00b0, 3\u00b0 et 5\u00b0 de l'article 2 de cette loi, ou du pr\u00e9fet du d\u00e9partement \npour les \u00e9tablissements mentionn\u00e9s aux 4\u00b0 et 6\u00b0 du m\u00eame article, \u00e0 titre exceptionnel, notamment \nau regard des imp\u00e9ratifs de continuit\u00e9 du service public ou de la situation sanitaire, \u00e0 d\u00e9passer les \nbornes horaires fix\u00e9es par le cycle de travail, pour une dur\u00e9e limit\u00e9e et pour les personnels \nn\u00e9cessaires \u00e0 la prise en charge des usagers ; \n \nConsid\u00e9rant  le courriel de la Directrice d\u00e9l\u00e9gu\u00e9e du CH St-Denis et Directrice du p\u00f4le RH du GHT \nPlaine de France en date du 30 avril  2025 sollicitant une d\u00e9cision de l'ARS-IDF autorisant \u00e0 \nd\u00e9passer le quota annuel d'heures suppl\u00e9mentaires pouvant \u00eatre r\u00e9alis\u00e9es par les professionnels \ndes cat\u00e9gories : Infirmiers dipl\u00f4m\u00e9s d'Etat (IBODE), manipulateurs en \u00e9lectroradiologie m\u00e9dicale \n(MER) et sage-femmes (SF) des services des urgences, de la r\u00e9animation, de la n\u00e9onatologie, du \nbloc op\u00e9ratoire, de la maternit\u00e9 et de la radiologie des H\u00f4pitaux de Saint-Denis et de Gonesse, du \nservice de psychiatrie de Gonesse, \u00e9tablissements membres du GHT Plaine de France pour une  \ndur\u00e9e minimale de six mois \u00e0 compter du 1er avril 2025. \n \n \n \n \n \nAgence R\u00e9gionale de Sant\u00e9 - IDF-2025-05-13-00001 - D\u00e9cision n\u00b0 DOS - 2025 / 2128 portant sur l'autorisation de d\u00e9plafonnement des\nheures suppl\u00e9mentaires (CH St Denis, de Gonesse 12\ndu CH St.\n\"12\nWw\n \n2 / 2 \n \nDECIDE \n \n \n \nArticle 1:  La Directrice d\u00e9l\u00e9gu\u00e9e du CH St -Denis et D irectrice du p\u00f4le RH du GHT Plaine de \nFrance est autoris\u00e9e \u00e0 d\u00e9plafonner les heures suppl\u00e9mentaires pour  ces \n\u00e9tablissements. \n \n \nArticle 2:   La Directrice d\u00e9l\u00e9gu\u00e9e du CH St-Denis et Directrice du P\u00f4le RH du GHT Plaine de \nFrance est charg\u00e9e de l'ex\u00e9cution de la pr\u00e9sente d\u00e9cision. \n \n \nArticle 3:    Un recours contre la pr\u00e9sente d\u00e9cision  peut \u00eatre form\u00e9 devant le Tribunal \nAdministratif comp\u00e9tent dans un d\u00e9lai de deux mois \u00e0 compter de sa publication.  \n \n \nArticle 4:  La pr\u00e9sente d\u00e9cision sera publi\u00e9e au recueil des actes administratifs de la Pr\u00e9fecture \nde la r\u00e9gion Ile-de-France.  \n \n \n \n \n \nFait \u00e0 Saint-Denis, le 13 Mai 2025 \n \n \nP/Le Directeur g\u00e9n\u00e9ral  \nde l'Agence r\u00e9gionale de sant\u00e9 \n\u00cele-de-France, \nLa Directrice du P\u00f4le RH en sant\u00e9 \n \n \nSIGN\u00c9 \n \nLaure WALLON \nAgence R\u00e9gionale de Sant\u00e9 - IDF-2025-05-13-00001 - D\u00e9cision n\u00b0 DOS - 2025 / 2128 portant sur l'autorisation de d\u00e9plafonnement des\nheures suppl\u00e9mentaires (CH St Denis, de Gonesse 13\nDirection r\u00e9gionale des affaires culturelles\nd'Ile-de-France \nIDF-2025-05-06-00012\nArr\u00eat\u00e9 n \u00b0 portant inscription au titre des\nmonuments historiques de plusieurs parties de\nl'h\u00f4tel-Dieu de Provins (Seine-et-Marne)\nDirection r\u00e9gionale des affaires culturelles d'Ile-de-France  - IDF-2025-05-06-00012 - Arr\u00eat\u00e9 n \u00b0 portant inscription au titre des\nmonuments historiques de plusieurs parties de\nl'h\u00f4tel-Dieu de Provins (Seine-et-Marne)\n14\nE =PREFET |DE LA REGIOND'\u00ceLE-DE-FRANCELibert\u00e9Egalit\u00e9Fraternit\u00e9\nPr\u00e9fecture de la r\u00e9gion d'Ile-de-France \n5 rue Leblanc 75015 Paris \u2013 Standard 01 82 52 40 00  \u2022 T\u00e9l\u00e9copie 01 82 52 40 16 \nAdresse Internet : www.paris-idf.gouv.fr  \nDirection r\u00e9gionale \n  des affaires culturelles \n  d'\u00cele-de-France \n \n \n \n \n \nA R R \u00ca T \u00c9  N \u00b0  \n \nportant inscription au titre des monuments historiques de plusieurs parties de  \nl'h\u00f4tel-Dieu de Provins (Seine-et-Marne) \n \nLE PR\u00c9FET DE LA R\u00c9GION D'\u00ceLE-DE-FRANCE \nPR\u00c9FET DE PARIS \nCOMMANDEUR DE LA L\u00c9GION D'HONNEUR \nOFFICIER DE L'ORDRE NATIONAL DU M\u00c9RITE  \n \nVU le code du patrimoine, livre VI, titres I et II  ;  \nVU le d\u00e9cret n\u00b0 2004-374 du 29 avril 2004 relatif aux pouvoirs des pr\u00e9fets, \u00e0 l'organisation et \u00e0 \nl'action des services de l'\u00c9tat dans les r\u00e9gions et d\u00e9partements ; \nVU l'arr\u00eat\u00e9 du 2 ao\u00fbt 1932 inscrivant \u00e0 l'Inventaire suppl\u00e9mentaire des monuments historiques \nle portail, la fa\u00e7ade, la salle vo\u00fbt\u00e9e \u00e0 rez-de-chauss\u00e9e et la salle basse de l'h\u00f4tel-Dieu de Provins \n(Seine-et-Marne). \nVU l'avis de la commission r\u00e9gionale du patrimoine et de l'architecture en date du \n3 d\u00e9cembre 2024  ; \nVU les autres pi\u00e8ces produites et jointes au dossier ; \nCONSID\u00c9RANT que l'h\u00f4tel-Dieu constitue le t\u00e9moignag e unique en \u00cele-de-France et \nparticuli\u00e8rement bien conserv\u00e9 d'un \u00e9tablissement m\u00e9di\u00e9val et des transformations induites \npar son usage continu jusqu'au XX \ne si\u00e8cle, pr\u00e9sentant une organisation spatiale qui refl\u00e8te \nl'ensemble des fonctions hospitali\u00e8res : salles des malades, \u00e9glise, b\u00e2timents des desservants, \ncellier \u2013 et donnant \u00e0 lire une histoire longue de l'architecture du soin. \n \nA R R \u00ca T E  \n \nARTICLE I \ner . Sont inscrits au titre des monuments historiques en totalit\u00e9 le noyau m\u00e9di\u00e9val de \nl'h\u00f4tel-Dieu, le logis des s\u0153urs, la chapelle de 1861 et les sols de la parcelle AP 301, tels que \nfigur\u00e9s sur le plan annex\u00e9. \nLa parcelle cadastrale AP 301 est situ\u00e9e 2 rue Christophe Opoix \u00e0 Provins (Seine-et-Marne) et a \nune contenance de 7 592 m\u00e8tres carr\u00e9s. \nL'h\u00f4tel-Dieu appartient au Centre hospitalier L\u00e9on Binet depuis une date ant\u00e9rieure \u00e0 1956. \nLe Centre hospitalier L\u00e9on Binet est identifi\u00e9 sous le n\u00b0 SIREN 267700086 et sis route de \nChalautre-la-Petite, 77160 Provins. \nDirection r\u00e9gionale des affaires culturelles d'Ile-de-France  - IDF-2025-05-06-00012 - Arr\u00eat\u00e9 n \u00b0 portant inscription au titre des\nmonuments historiques de plusieurs parties de\nl'h\u00f4tel-Dieu de Provins (Seine-et-Marne)\n15\nPr\u00e9fecture de la r\u00e9gion d'Ile-de-France \n5 rue Leblanc 75015 Paris \u2013 Standard 01 82 52 40 00  \u2022 T\u00e9l\u00e9copie 01 82 52 40 16 \nAdresse Internet : www.paris-idf.gouv.fr  \n \nARTICLE 2. Le pr\u00e9sent arr\u00eat\u00e9 compl\u00e8te l'arr\u00eat\u00e9 d'inscription au titre des monuments \nhistoriques du 2 ao\u00fbt 1932 susvis\u00e9. \nARTICLE 3. Le pr\u00e9sent arr\u00eat\u00e9 sera notifi\u00e9 au propri\u00e9taire, au maire de la commune concern\u00e9e \net le cas \u00e9ch\u00e9ant, \u00e0 l'autorit\u00e9 comp\u00e9tente en mati\u00e8re de plan local d'urbanisme. \nARTICLE 4. Le pr\u00e9fet de la r\u00e9gion d'\u00cele-de-France est charg\u00e9 de l'ex\u00e9cution du pr\u00e9sent arr\u00eat\u00e9, \nqui sera publi\u00e9 au fichier immobilier de la situation de l'immeuble inscrit et au recueil des actes \nadministratifs de la pr\u00e9fecture de r\u00e9gion. \n \n \nFait \u00e0 Paris, le 06/05/2025 \n                          Le pr\u00e9fet de la r\u00e9gion d'\u00cele-de-France, \n                          Pr\u00e9fet de Paris \n                                                                                                     \nSIGNE \n \n \nMarc GUILLAUME \n \n  \nDirection r\u00e9gionale des affaires culturelles d'Ile-de-France  - IDF-2025-05-06-00012 - Arr\u00eat\u00e9 n \u00b0 portant inscription au titre des\nmonuments historiques de plusieurs parties de\nl'h\u00f4tel-Dieu de Provins (Seine-et-Marne)\n16\nNoyau m\u00e9di\u00e9vala.\nmoan+chapelle : chapelle de 1861\n. Chapelle Notre-Dame-de-. Salle des hommes. salle des femmes. logis des fr\u00e8res\nInscription du solde la parcelleAP301\nvestibule (rez-de-chauss\u00e9e)et \u00e9glise haute (\u00e9tage)Lorette\naile des archiveslogis des s\u0153urs (XVIIIe s.)\nrue Christophe-Opoix\na\n.\nv- \u00c0 5Cori eSrue Saint-Thibault\n\\n=ey Inscription en totalit\u00e9\nPr\u00e9fecture de la r\u00e9gion d'Ile-de-France \n5 rue Leblanc 75015 Paris \u2013 Standard 01 82 52 40 00  \u2022 T\u00e9l\u00e9copie 01 82 52 40 16 \nAdresse Internet : www.paris-idf.gouv.fr  \nPlan annex\u00e9 \u00e0 l'arr\u00eat\u00e9 n\u00b0                                               portant inscription au titre des \nmonuments historiques de plusieurs parties de l'ancien h\u00f4tel-Dieu de Provins (Seine-et-Marne) \n \n \n \nFait \u00e0 Paris, le 06/05/2025 \n                          Le pr\u00e9fet de la r\u00e9gion d'\u00cele-de-France, \n                          Pr\u00e9fet de Paris \n                                                                                                     \nSIGNE \n \n \nMarc GUILLAUME \n \n \nDirection r\u00e9gionale des affaires culturelles d'Ile-de-France  - IDF-2025-05-06-00012 - Arr\u00eat\u00e9 n \u00b0 portant inscription au titre des\nmonuments historiques de plusieurs parties de\nl'h\u00f4tel-Dieu de Provins (Seine-et-Marne)\n17\nPr\u00e9fecture de la r\u00e9gion d'Ile-de-France,\npr\u00e9fecture de Paris-Secr\u00e9tariat g\u00e9n\u00e9ral aux\npolitiques publiques\nIDF-2025-03-18-00007\nAvenant n\u00b0 1 A la convention n\u00b0 2018-09 du 28\nseptembre 2018 attributive de subvention au\ntitre du Fonds national d'am\u00e9nagement et de\nd\u00e9veloppement du territoire (FNADT) d\u00e9rogeant\naux articles 13 et 14 du d\u00e9cret n\u00b0 2018-514 du 25\njuin 2018 en lien avec le d\u00e9lai d'ach\u00e8vement de\nl'op\u00e9ration (EPPGHV - Phase 4 des travaux de\nr\u00e9habilitation du parc de La Villette)\nPr\u00e9fecture de la r\u00e9gion d'Ile-de-France, pr\u00e9fecture de Paris-Secr\u00e9tariat g\u00e9n\u00e9ral aux politiques publiques - IDF-2025-03-18-00007 -\nAvenant n\u00b0 1 A la convention n\u00b0 2018-09 du 28 septembre 2018 attributive de subvention au titre du Fonds national d'am\u00e9nagement\net de d\u00e9veloppement du territoire (FNADT) d\u00e9rogeant aux articles 13 et 14 du d\u00e9cret n\u00b0 2018-514 du 25 juin 2018 en lien avec le d\u00e9lai\nd'ach\u00e8vement de l'op\u00e9ration (EPPGHV - Phase 4 des travaux de r\u00e9habilitation du parc de La Villette)\n18\n| 3PREFET |DE LA REGIOND'\u00ceLE-DE-FRANCELibert\u00e9Egalit\u00e9Fraternit\u00e9\nT\u00e9l : 01 82 52 00 00  \n5, rue Leblanc \u2013 75911 Paris Cedex 15 Page 1 \n    \n \n \nAVENANT N\u00b0 1 \nA la convention n\u00b0 2018-09 du 28 septembre 2018 \nattributive de subvention au titre du Fonds national d'am\u00e9nagement et \nde d\u00e9veloppement du territoire (FNADT) \n \n \nEntre : \n \nL'Etat, repr\u00e9sent\u00e9 par le Pr\u00e9fet de la r\u00e9gion d'Ile-de-France, Pr\u00e9fet de Paris, d'une part, \n \nEt \n \nL'\u00e9tablissement public du parc et de la grande halle de la Villette (EPPGHV), dont le si\u00e8ge \nsocial est situ\u00e9 211 avenue Jean Jaur\u00e8s, 75  935 Paris cedex 19 (N\u00b0RCS 391  406 956) repr\u00e9sent\u00e9 \npar Madame Blanca LI, pr\u00e9sidente, d'autre part,  \n \n \n \nVU le d\u00e9cret n\u00b0 2004-374 du 29 avril 2004 modifi\u00e9 relatif aux pouvoirs des pr\u00e9fets, \u00e0 l'organisation et \n\u00e0 l'action des services de l'Etat dans les r\u00e9gions et d\u00e9partements ; \n \nVU le d\u00e9cr et n\u00b0 2018 -514 du 25 juin 2018 relatif aux subventions de l'Etat pour des projets \nd'investissement ; \n \nVU le d\u00e9cret n\u00b0 2020-412 du 8 avril 2020 relatif au droit de d\u00e9rogation reconnu au pr\u00e9fet ; \n \nVU la convention FNADT n\u00b0 2018-09 du 28 septembre 2018 accordant une subvention de 150 000 \u20ac \n\u00e0 l'EPPGHV afin d'assurer la r\u00e9alisation de la phase 4 des travaux d'am\u00e9nagement et  de r\u00e9novation \ndu parc de la Villette et plus particuli\u00e8rement la r\u00e9habilitation de la folie Belv\u00e9d\u00e8re P6 et R4 ; \n \nVU l'attestation sign\u00e9e du directeur administratif et financier de l'EPPGHV certifiant un d\u00e9but \nd'ex\u00e9cution de l'op\u00e9ration au 30 mars 2018 ; \n \nCONSIDERANT que l'EPPGHV n'a pas pu achever les travaux pr\u00e9vus \u00e0 la date fix\u00e9e dans le \ncalendrier pr\u00e9visionnel mentionn\u00e9 \u00e0 l'article 2 de la convention susvis\u00e9e, en raison de  l'\u00e9tablissement \nd'un cahier des charges pour des \u00e9tudes pr\u00e9alables non pr\u00e9vues suite \u00e0 la phase de pr\u00e9paration de \nl'op\u00e9ration qui a r\u00e9v\u00e9l\u00e9 une complexit\u00e9 inattendue, d'un repositionnement de l'op\u00e9ration uniquement \nsur la folie R4 et abandon du projet sur la folie P6 ;  \n \nCONSIDERANT qu'il est n\u00e9cessaire de d\u00e9roger aux articles 13 et 14 du d\u00e9cret du 25 juin 2018 pr\u00e9cit\u00e9 \npour permettre \u00e0 l'EPPGHV de b\u00e9n\u00e9ficier de la subvention pr\u00e9vue dans la d\u00e9cision attributive ; \n \nCONSIDERANT que cette d\u00e9rogation est justifi\u00e9e par un motif d'int\u00e9r\u00eat g\u00e9n\u00e9ral et l'existence de \ncirconstances locales et qu'elle a pour effet de favoriser l'acc\u00e8s aux aides publiques ; \n \nCONSIDERANT que cette d\u00e9rogation ne porte pas atteinte aux int\u00e9r\u00eats de la d\u00e9fense ou \u00e0 la s\u00e9curit\u00e9 \ndes pers onnes et des biens, ni une atteinte disproportionn\u00e9e aux objectifs poursuivis par les \ndispositions auxquelles il est d\u00e9rog\u00e9 et qu'elle est compatible avec les engagements europ\u00e9ens et \ninternationaux de la France ; \n \n \n \n       Secr\u00e9tariat g\u00e9n\u00e9ral aux politiques publiques \nBureau de la coordination et de l'investissement territorial \nSection de l'investissement territorial \n \nPr\u00e9fecture de la r\u00e9gion d'Ile-de-France, pr\u00e9fecture de Paris-Secr\u00e9tariat g\u00e9n\u00e9ral aux politiques publiques - IDF-2025-03-18-00007 -\nAvenant n\u00b0 1 A la convention n\u00b0 2018-09 du 28 septembre 2018 attributive de subvention au titre du Fonds national d'am\u00e9nagement\net de d\u00e9veloppement du territoire (FNADT) d\u00e9rogeant aux articles 13 et 14 du d\u00e9cret n\u00b0 2018-514 du 25 juin 2018 en lien avec le d\u00e9lai\nd'ach\u00e8vement de l'op\u00e9ration (EPPGHV - Phase 4 des travaux de r\u00e9habilitation du parc de La Villette)\n19\nT\u00e9l : 01 82 52 00 00  \n5, rue Leblanc \u2013 75911 Paris Cedex 15 Page 2 \n \n \nIl est convenu ce qui suit : \n \n \nArticle 1er \u2013 \n \nEn application du d\u00e9cret n\u00b0 2020 -412 du 8 avril 2020, par d\u00e9rogation aux dispositions des articles \n13 et 14 du d\u00e9cret du 25 juin 2 018 susvis\u00e9, les dispositions du 1er alin\u00e9a de l'article 2 de la convention \nn\u00b0 2018-09 du 28 septembre 2018 susvis\u00e9e, sont remplac\u00e9es par les dispositions suivantes : \n \n\u00ab L'op\u00e9ration qui a d\u00e9marr\u00e9 le 30 mars 2018 devra s'achever au plus tard le 30 juin 2027. \n \nDans un d\u00e9lai de 12 mois \u00e0 compter de la date pr\u00e9visionnelle d'ach\u00e8vement de l'op\u00e9ration \nmentionn\u00e9e dans la d\u00e9cision attributive \u00e9ventuellement modifi\u00e9e , soit au plus tard le 30 juin 2028 , le \nb\u00e9n\u00e9ficiaire adresse au pr\u00e9fet de la r\u00e9gion d'Ile -de-France, pr\u00e9fet de Paris une d\u00e9claration \nd'ach\u00e8vement de l'op\u00e9ration respectant le calendrier de fin d'op\u00e9ration fix\u00e9 dans la d\u00e9cision attr ibutive \n\u00e9ventuellement modifi\u00e9e ( au cas d'esp\u00e8ce au 30 juin 2027 ), accompagn\u00e9e d'un d\u00e9compte final des \nd\u00e9penses r\u00e9ellement effectu\u00e9es et la liste des aides publiques per\u00e7ues et leur montant respectif.  \n \nEn l'absence de r\u00e9ception de ces documents par l'autorit\u00e9 comp\u00e9tente au terme de cette p\u00e9riode de \n12 mois, aucun paiement ne pourra intervenir au profit du b\u00e9n\u00e9ficiaire. \u00bb \n \n \nArticle 2 \u2013  \n \n Les autres dispositions de la convention susvis\u00e9e demeurent inchang\u00e9es. \n \n \nArticle 3 \u2013 \n \n La pr\u00e9f\u00e8 te, secr\u00e9taire g\u00e9n\u00e9ral e aux politiques publiques de la pr\u00e9fecture de la r\u00e9gion d'\u00cele -de-\nFrance, pr\u00e9fecture de Paris et le directeur r\u00e9gional  des finances publiques d'\u00cele -de-France et de Paris \nsont charg\u00e9s, chacun en ce qui le concerne, de l'ex\u00e9cution du pr\u00e9sent avenant.  \n \n \nFait \u00e0 Paris en 2 exemplaires, le 18 mars 2025 \n \n \n \nLa pr\u00e9sidente de l'EPPGHV \n \n \n \nSIGN\u00c9 \n \n \nBlanca LI \nLe pr\u00e9fet de la r\u00e9gion d'Ile-de-France, \npr\u00e9fet de Paris \n \n \nSIGN\u00c9 \n \n \nMarc GUILLAUME \n \n \n \nPr\u00e9fecture de la r\u00e9gion d'Ile-de-France, pr\u00e9fecture de Paris-Secr\u00e9tariat g\u00e9n\u00e9ral aux politiques publiques - IDF-2025-03-18-00007 -\nAvenant n\u00b0 1 A la convention n\u00b0 2018-09 du 28 septembre 2018 attributive de subvention au titre du Fonds national d'am\u00e9nagement\net de d\u00e9veloppement du territoire (FNADT) d\u00e9rogeant aux articles 13 et 14 du d\u00e9cret n\u00b0 2018-514 du 25 juin 2018 en lien avec le d\u00e9lai\nd'ach\u00e8vement de l'op\u00e9ration (EPPGHV - Phase 4 des travaux de r\u00e9habilitation du parc de La Villette)\n20\nPr\u00e9fecture de la r\u00e9gion d'Ile-de-France,\npr\u00e9fecture de Paris-Secr\u00e9tariat g\u00e9n\u00e9ral aux\npolitiques publiques\nIDF-2025-03-18-00008\nAvenant n\u00b0 1 \u00e0 la convention n\u00b0 2021-39 du 1er\nd\u00e9cembre 2021 attributive de subvention au\ntitre du Fonds national d'am\u00e9nagement et de\nd\u00e9veloppement du territoire (FNADT) d\u00e9rogeant\naux articles 13 et 14 du d\u00e9cret n\u00b0 2018-514 du 25\njuin 2018 en lien avec le d\u00e9lai d'ach\u00e8vement de\nl'op\u00e9ration (EPPGHV - Phase 7 travaux\nr\u00e9habilitation parc La Villette) \nPr\u00e9fecture de la r\u00e9gion d'Ile-de-France, pr\u00e9fecture de Paris-Secr\u00e9tariat g\u00e9n\u00e9ral aux politiques publiques - IDF-2025-03-18-00008 -\nAvenant n\u00b0 1 \u00e0 la convention n\u00b0 2021-39 du 1er d\u00e9cembre 2021 attributive de subvention au titre du Fonds national d'am\u00e9nagement\net de d\u00e9veloppement du territoire (FNADT) d\u00e9rogeant aux articles 13 et 14 du d\u00e9cret n\u00b0 2018-514 du 25 juin 2018 en lien avec le d\u00e9lai\nd'ach\u00e8vement de l'op\u00e9ration (EPPGHV - Phase 7 travaux r\u00e9habilitation parc La Villette) \n21\n| 3PREFET |DE LA REGIOND'\u00ceLE-DE-FRANCELibert\u00e9Egalit\u00e9Fraternit\u00e9\nT\u00e9l : 01 82 52 00 00  \n5, rue Leblanc \u2013 75911 Paris Cedex 15 Page 1 \n       \n \n \nAVENANT N\u00b0 1 \nA la convention n\u00b0 2021-39 du 1er d\u00e9cembre 2021 \nattributive de subvention au titre du Fonds national d'am\u00e9nagement et \nde d\u00e9veloppement du territoire (FNADT) \n \n \nEntre : \n \nL'Etat, repr\u00e9sent\u00e9 par le Pr\u00e9fet de la r\u00e9gion d'Ile-de-France, Pr\u00e9fet de Paris, d'une part, \n \nEt \n \nL'\u00e9tablissement public du parc et de la grande halle de la Villette (EPPGHV), dont le si\u00e8ge \nsocial est situ\u00e9 211 avenue Jean Jaur\u00e8s, 75  935 Paris cedex 19 (N\u00b0RCS 391  406 956) repr\u00e9sent\u00e9 \npar Madame Blanca LI, pr\u00e9sidente, d'autre part,  \n \n \n \nVU le d\u00e9cret n\u00b0 2004-374 du 29 avril 2004 modifi\u00e9 relatif aux pouvoirs des pr\u00e9fets, \u00e0 l'organisation et \n\u00e0 l'action des services de l'Etat dans les r\u00e9gions et d\u00e9partements ; \n \nVU le d\u00e9cr et n\u00b0 2018 -514 du 25 juin 2018 relatif aux subventions de l'Etat pour des proj ets \nd'investissement ; \n \nVU le d\u00e9cret n\u00b0 2020-412 du 8 avril 2020 relatif au droit de d\u00e9rogation reconnu au pr\u00e9fet ; \n \nVU la convention FNADT n\u00b0 2021-39 du 1er d\u00e9cembre 2021 accordant une subvention de 500 000 \u20ac \n\u00e0 l'EPPGHV afin d'assurer la r\u00e9alisation de la phase 7 des travaux d'am\u00e9nagement, de r\u00e9novation et \nde s\u00e9curisation du parc de la Villette avec la r\u00e9habilitation des \u00e9clairages publics \u00ab carr\u00e9s bleus \u00bb ; \n \nVU l'attestation sign\u00e9e de la directrice g\u00e9n\u00e9rale de l'EPPGHV certifiant un d\u00e9but d'ex\u00e9cution de \nl'op\u00e9ration au 1er novembre 2021 ; \n \nCONSIDERANT que l'EPPGHV n'a pas pu achever les travaux pr\u00e9vus \u00e0 la date du  31 juillet 2022 \nselon le calendrier pr\u00e9visionnel mentionn\u00e9 \u00e0 l'article 2 de la convention susvis\u00e9e, en raison de  la mise \nau point d'ex\u00e9cution technique  plus complexe et  plus longue que pr\u00e9vue , de la difficult\u00e9 \nd'approvisionnement des mat\u00e9riels et mat\u00e9riaux, des adaptations de planning li\u00e9es au calendrier \nd'exploitation et de diff\u00e9rents al\u00e9as en cours de chantier ;  \n \nCONSIDERANT qu'il est n\u00e9cessaire de d\u00e9roger aux articles 13 et 14 du d\u00e9cret du 25 juin 2018 pr\u00e9cit\u00e9 \npour permettre \u00e0 l'EPPGHV de b\u00e9n\u00e9ficier de la subvention pr\u00e9vue dans la d\u00e9cision attributive ; \n \nCONSIDERANT que cette d\u00e9rogation est justifi\u00e9e par un motif  d'int\u00e9r\u00eat g\u00e9n\u00e9ral et l'existence de \ncirconstances locales et qu'elle a pour effet de favoriser l'acc\u00e8s aux aides publiques ; \n \nCONSIDERANT que cette d\u00e9rogation ne porte pas atteinte aux int\u00e9r\u00eats de la d\u00e9fense ou \u00e0 la s\u00e9curit\u00e9 \ndes personnes et des biens, ni  une atteinte disproportionn\u00e9e aux objectifs poursuivis par les \ndispositions auxquelles il est d\u00e9rog\u00e9 et qu'elle est compatible avec les engagements europ\u00e9ens et \ninternationaux de la France ; \n \n \n \n              Secr\u00e9tariat g\u00e9n\u00e9ral aux politiques publiques \nBureau de la coordination et de l'investissement territorial \nSection de l'investissement territorial \n \nPr\u00e9fecture de la r\u00e9gion d'Ile-de-France, pr\u00e9fecture de Paris-Secr\u00e9tariat g\u00e9n\u00e9ral aux politiques publiques - IDF-2025-03-18-00008 -\nAvenant n\u00b0 1 \u00e0 la convention n\u00b0 2021-39 du 1er d\u00e9cembre 2021 attributive de subvention au titre du Fonds national d'am\u00e9nagement\net de d\u00e9veloppement du territoire (FNADT) d\u00e9rogeant aux articles 13 et 14 du d\u00e9cret n\u00b0 2018-514 du 25 juin 2018 en lien avec le d\u00e9lai\nd'ach\u00e8vement de l'op\u00e9ration (EPPGHV - Phase 7 travaux r\u00e9habilitation parc La Villette) \n22\nT\u00e9l : 01 82 52 00 00  \n5, rue Leblanc \u2013 75911 Paris Cedex 15 Page 2 \n \nIl est convenu ce qui suit : \n \n \nArticle 1er \u2013 \n \nEn application du d\u00e9cret n\u00b0 2020-412 du 8 avril 2020, par d\u00e9rogation aux dispositions des articles \n13 et 14 du d\u00e9cret du 25 juin 20 18 susvis\u00e9, les dispositions du 1er alin\u00e9a de l'article 2 de la convention \nn\u00b0 2021-39 du 1er d\u00e9cembre 2021 susvis\u00e9e, sont remplac\u00e9es par les dispositions suivantes : \n \n\u00ab L'op\u00e9ration qui a d\u00e9marr\u00e9 le 1er novembre 2021  devra s'achever au plus tard le 31 d\u00e9cembre \n2026. \u00bb \n \n \nArticle 2 \u2013  \n \nEn application du d\u00e9cret n\u00b0 2020 -412 du 8 avril 2020, par d\u00e9rogation aux dispositions des articles \n13 et 14 du d\u00e9cret du 25 juin 2018 susvis\u00e9, les dispositions de l'article 4 de la convention n\u00b0 2021-39 \ndu 1er d\u00e9cembre 2021 susvis\u00e9e, sont remplac\u00e9es par les dispositions suivantes : \n \n\u00ab Dans un d\u00e9lai de 12 mois \u00e0 compter de la date pr\u00e9visionnelle d'ach\u00e8vement de l'op\u00e9ration \nmentionn\u00e9e dans la d\u00e9cision attributive \u00e9ventuellement modifi\u00e9e , soit au plus tard le 31 d\u00e9cembre \n2027, le b\u00e9n\u00e9ficiaire adresse au pr\u00e9fet de la r\u00e9gion d'Ile -de-France, pr\u00e9fet de Paris une d\u00e9claration \nd'ach\u00e8vement de l'op\u00e9ration respectant le calendrier de fin d'op\u00e9ration fix\u00e9 dans la d\u00e9cision attri butive \n\u00e9ventuellement modifi\u00e9e ( au cas d'esp\u00e8ce au 31 d\u00e9cembre 2026), accompagn\u00e9e d'un d\u00e9compte final \ndes d\u00e9penses r\u00e9ellement effectu\u00e9es et la liste des aides publiques per\u00e7ues et leur montant respectif.  \n \nEn l'absence de r\u00e9ception de ces documents par l'autorit\u00e9 comp\u00e9tente au terme de cette p\u00e9riode de \n12 mois, aucun paiement ne pourra intervenir au profit du b\u00e9n\u00e9ficiaire. \u00bb \n \n \nArticle 3 \u2013  \n \n Les autres dispositions de la convention susvis\u00e9e demeurent inchang\u00e9es. \n \n \nArticle 4 \u2013 \n \n La pr\u00e9f\u00e8 te, secr\u00e9taire g\u00e9n\u00e9ral e aux politiques publiques de la pr\u00e9fecture de la r\u00e9gion d'\u00cele -de-\nFrance, pr\u00e9fecture de Paris et le directeur r\u00e9gional  des finances publiques d'\u00cele -de-France et de Paris \nsont charg\u00e9s, chacun en ce qui le concerne, de l'ex\u00e9cution du pr\u00e9sent avenant.  \n \n \nFait \u00e0 Paris en 2 exemplaires, le 18 mars 2025 \n \n \nLa pr\u00e9sidente de l'EPPGHV \n \n \n \nSIGN\u00c9 \n \n \nBlanca LI \nLe pr\u00e9fet de la r\u00e9gion d'Ile-de-France, \npr\u00e9fet de Paris \n \n \nSIGN\u00c9 \n \n \nMarc GUILLAUME \n \n \n \nPr\u00e9fecture de la r\u00e9gion d'Ile-de-France, pr\u00e9fecture de Paris-Secr\u00e9tariat g\u00e9n\u00e9ral aux politiques publiques - IDF-2025-03-18-00008 -\nAvenant n\u00b0 1 \u00e0 la convention n\u00b0 2021-39 du 1er d\u00e9cembre 2021 attributive de subvention au titre du Fonds national d'am\u00e9nagement\net de d\u00e9veloppement du territoire (FNADT) d\u00e9rogeant aux articles 13 et 14 du d\u00e9cret n\u00b0 2018-514 du 25 juin 2018 en lien avec le d\u00e9lai\nd'ach\u00e8vement de l'op\u00e9ration (EPPGHV - Phase 7 travaux r\u00e9habilitation parc La Villette) \n23\nPr\u00e9fecture de la r\u00e9gion d'Ile-de-France,\npr\u00e9fecture de Paris-Secr\u00e9tariat g\u00e9n\u00e9ral aux\npolitiques publiques\nIDF-2025-03-18-00009\nAvenant n\u00b0 1 \u00e0 la convention n\u00b0 2022-22 du 2 juin\n2022 attributive de subvention au titre du Fonds\nnational d'am\u00e9nagement et de d\u00e9veloppement\ndu territoire (FNADT) d\u00e9rogeant aux articles 13 et\n14 du d\u00e9cret n\u00b0 2018-514 du 25 juin 2018 en lien\navec l'ach\u00e8vement de l'op\u00e9ration (EPPGHV -\nPhase 8 travaux de r\u00e9habilitation du Parc La\nVillette)\nPr\u00e9fecture de la r\u00e9gion d'Ile-de-France, pr\u00e9fecture de Paris-Secr\u00e9tariat g\u00e9n\u00e9ral aux politiques publiques - IDF-2025-03-18-00009 -\nAvenant n\u00b0 1 \u00e0 la convention n\u00b0 2022-22 du 2 juin 2022 attributive de subvention au titre du Fonds national d'am\u00e9nagement et de\nd\u00e9veloppement du territoire (FNADT) d\u00e9rogeant aux articles 13 et 14 du d\u00e9cret n\u00b0 2018-514 du 25 juin 2018 en lien avec l'ach\u00e8vement\nde l'op\u00e9ration (EPPGHV - Phase 8 travaux de r\u00e9habilitation du Parc La Villette)\n24\n| 3PREFET |DE LA REGIOND'\u00ceLE-DE-FRANCELibert\u00e9Egalit\u00e9Fraternit\u00e9\nT\u00e9l : 01 82 52 00 00  \n5, rue Leblanc \u2013 75911 Paris Cedex 15 Page 1 \n           \n \n \nAVENANT N\u00b0 1 \nA la convention n\u00b0 2022-22 du 2 juin 2022 \nattributive de subvention au titre du Fonds national d'am\u00e9nagement et \nde d\u00e9veloppement du territoire (FNADT) \n \n \nEntre : \n \nL'Etat, repr\u00e9sent\u00e9 par le Pr\u00e9fet de la r\u00e9gion d'Ile-de-France, Pr\u00e9fet de Paris, d'une part, \n \nEt \n \nL'\u00e9tablissement public du parc et de la grande halle de la Villette (EPPGHV), dont le si\u00e8ge \nsocial est situ\u00e9 211 avenue Jean Jaur\u00e8s, 75  935 Paris cedex 19 (N\u00b0RCS 391  406 956) repr\u00e9sent\u00e9 \npar Madame Blanca LI, pr\u00e9sidente, d'autre part,  \n \n \n \nVU le d\u00e9cret n\u00b0 2004-374 du 29 avril 2004 modifi\u00e9 relatif aux pouvoirs des pr\u00e9fets, \u00e0 l'organisation et \n\u00e0 l'action des services de l'Etat dans les r\u00e9gions et d\u00e9partements ; \n \nVU le d\u00e9cr et n\u00b0 2018 -514 du 25 juin 2018 relatif aux subventions de l'Etat pour des projets \nd'investissement ; \n \nVU le d\u00e9cret n\u00b0 2020-412 du 8 avril 2020 relatif au droit de d\u00e9rogation reconnu au pr\u00e9fet ; \n \nVU la convention FNADT n\u00b0 2022 -22 du 2 juin  2022 accordant une subvention de 5 00 000 \u20ac  \u00e0 \nl'EPPGHV afin d'assurer la r\u00e9alisation de la phase 8 des travaux d'am\u00e9nagement, de r\u00e9novation et de \ns\u00e9curisation aux abords du parc de la Villette (p\u00e9riph\u00e9rique Halle aux cuirs et divers acc\u00e8s) et la \ncr\u00e9ation de sanitaires publics dans le parc ; \n \nVU l'attestation sign\u00e9e de la directrice g\u00e9n\u00e9rale de l'EPPGHV certifiant un d\u00e9but d'ex\u00e9cution de \nl'op\u00e9ration au 29 juillet 2022 ; \n \nCONSIDERANT que l'EPPGHV n'a pas pu achever les travaux pr\u00e9vus \u00e0 la date du 31 mai 2023 selon \nle calendrier pr\u00e9visionnel mentionn\u00e9 \u00e0 l'article 2 de la convention susvis\u00e9e, en raison de  la mise au \npoint d'ex\u00e9cution technique plus longue que pr\u00e9vue et de diff\u00e9rents al\u00e9as en cours de chantier  ;  \n \nCONSIDERANT qu'il est n\u00e9cessaire de d\u00e9roger aux articles 13 et 14 du d\u00e9cret du 25 juin 2018 pr\u00e9cit\u00e9 \npour permettre \u00e0 l'EPPGHV de b\u00e9n\u00e9ficier de la subvention pr\u00e9vue dans la d\u00e9cision attributive ; \n \nCONSIDERANT que cette d\u00e9rogation est justifi\u00e9e par un motif d'int\u00e9r\u00eat g\u00e9n\u00e9ral et l'existence de \ncirconstances locales et qu'elle a pour effet de favoriser l'acc\u00e8s aux aides publiques ; \n \nCONSIDERANT que cette d\u00e9rogation ne porte pas atteinte aux int\u00e9r\u00eats de la d\u00e9fense ou \u00e0 la s\u00e9curit\u00e9 \ndes personnes et des biens, ni une atteinte disproportionn\u00e9e aux ob jectifs poursuivis par les \ndispositions auxquelles il est d\u00e9rog\u00e9 et qu'elle est compatible avec les engagements europ\u00e9ens et \ninternationaux de la France ; \n \n \n \n   Secr\u00e9tariat g\u00e9n\u00e9ral aux politiques publiques \nBureau de la coordination et de l'investissement territorial \nSection de l'investissement territorial \n \nPr\u00e9fecture de la r\u00e9gion d'Ile-de-France, pr\u00e9fecture de Paris-Secr\u00e9tariat g\u00e9n\u00e9ral aux politiques publiques - IDF-2025-03-18-00009 -\nAvenant n\u00b0 1 \u00e0 la convention n\u00b0 2022-22 du 2 juin 2022 attributive de subvention au titre du Fonds national d'am\u00e9nagement et de\nd\u00e9veloppement du territoire (FNADT) d\u00e9rogeant aux articles 13 et 14 du d\u00e9cret n\u00b0 2018-514 du 25 juin 2018 en lien avec l'ach\u00e8vement\nde l'op\u00e9ration (EPPGHV - Phase 8 travaux de r\u00e9habilitation du Parc La Villette)\n25\nT\u00e9l : 01 82 52 00 00  \n5, rue Leblanc \u2013 75911 Paris Cedex 15 Page 2 \n \nIl est convenu ce qui suit : \n \n \nArticle 1er \u2013 \n \nEn application du d\u00e9cret n\u00b0 2020-412 du 8 avril 2020, par d\u00e9rogation aux dispositions des articles \n13 et 14 du d\u00e9cret du 25 juin 2018 susvis\u00e9, les dispositions du 1er alin\u00e9a de l'article 2 de la convention \nn\u00b0 2022-22 du 2 juin 2022 susvis\u00e9e, sont remplac\u00e9es par les dispositions suivantes : \n \n\u00ab L'op\u00e9ration qui a d\u00e9marr\u00e9 le 29 juillet 2022 devra s'achever au plus tard le 30 avril 2025. \u00bb \n \n \nArticle 2 \u2013  \n \nEn application du d\u00e9cret n\u00b0 2020 -412 du 8 avril 2020, par d\u00e9rogation aux dispositions des articles \n13 et 14 du d\u00e9cret du 25 juin 2018 susvis\u00e9, les dispositions de l'article 4 de la convention n\u00b0 2022 -22 \ndu 2 juin 2022 susvis\u00e9e, sont remplac\u00e9es par les dispositions suivantes : \n \n\u00ab Dans un d\u00e9lai de 12 mois \u00e0 compter de la date pr\u00e9visionnelle d'ach\u00e8vement de l'op\u00e9ration \nmentionn\u00e9e dans la d\u00e9cision attributive \u00e9ventuellement modifi\u00e9e , soit au plus tard le 30 avril 2026 , le \nb\u00e9n\u00e9ficiaire adresse au pr\u00e9fet de la r\u00e9gion d'Ile -de-France, pr\u00e9fet de Paris une d\u00e9claration \nd'ach\u00e8vement de l'op\u00e9ration respectant le calendrier de fin d'op\u00e9ration fix\u00e9 dans la d\u00e9cision attributive \n\u00e9ventuellement modifi\u00e9 ( au cas d'esp\u00e8ce au 30 avril 2025 ), accompagn\u00e9e d'un d\u00e9compte final des \nd\u00e9penses r\u00e9ellement effectu\u00e9es et la liste des aides publiques per\u00e7ues et leur montant respectif.  \n \nEn l'absence de r\u00e9ception de ces documents par l'autorit\u00e9 comp\u00e9tente au terme de cette p\u00e9riode de \n12 mois, aucun paiement ne pourra intervenir au profit du b\u00e9n\u00e9ficiaire. \u00bb \n \n \nArticle 3 \u2013  \n \n Les autres dispositions de la convention susvis\u00e9e demeurent inchang\u00e9es. \n \n \nArticle 4 \u2013 \n \n La pr\u00e9f\u00e8 te, secr\u00e9taire  g\u00e9n\u00e9rale aux politiques publiques de la pr\u00e9fecture de la r\u00e9gion d'\u00cele -de-\nFrance, pr\u00e9fecture de Paris et le directeur r\u00e9gional  des finances publiques d'\u00cele -de-France et de Paris \nsont charg\u00e9s, chacun en ce qui le concerne, de l'ex\u00e9cution du pr\u00e9sent avenant.  \n \n \nFait \u00e0 Paris en 2 exemplaires, le 18 mars 2025 \n \n \n \nLa pr\u00e9sidente de l'EPPGHV \n \n \n \nSIGN\u00c9 \n \n \nBlanca LI \nLe pr\u00e9fet de la r\u00e9gion d'Ile-de-France, \npr\u00e9fet de Paris \n \n \nSIGN\u00c9 \n \n \nMarc GUILLAUME \n \n \n \nPr\u00e9fecture de la r\u00e9gion d'Ile-de-France, pr\u00e9fecture de Paris-Secr\u00e9tariat g\u00e9n\u00e9ral aux politiques publiques - IDF-2025-03-18-00009 -\nAvenant n\u00b0 1 \u00e0 la convention n\u00b0 2022-22 du 2 juin 2022 attributive de subvention au titre du Fonds national d'am\u00e9nagement et de\nd\u00e9veloppement du territoire (FNADT) d\u00e9rogeant aux articles 13 et 14 du d\u00e9cret n\u00b0 2018-514 du 25 juin 2018 en lien avec l'ach\u00e8vement\nde l'op\u00e9ration (EPPGHV - Phase 8 travaux de r\u00e9habilitation du Parc La Villette)\n26\nPr\u00e9fecture de la r\u00e9gion d'Ile-de-France,\npr\u00e9fecture de Paris-Secr\u00e9tariat g\u00e9n\u00e9ral aux\npolitiques publiques\nIDF-2025-03-21-00009\nArr\u00eat\u00e9 2025-04 modifiant l'arr\u00eat\u00e9 n\u00b0 2017-281 du\n24 octobre 2017 modifi\u00e9 portant attribution de\nsubvention au titre de la dotation de soutien \u00e0\nl'investissement public local \u00e0 la communaut\u00e9 de\ncommunes Sausseron Impressionnistes pour la\nconstruction d'un b\u00e2timent pour la cr\u00e9ation\nd'ateliers locatifs pour de tr\u00e8s petites entreprises\n(TPE) artisanales ou innovantes en phase de\ncr\u00e9ation, dans le cadre du Plan d'action en\nfaveur de l'\u00e9co-innovation (PAEI), sur la zone\nd'am\u00e9nagement concert\u00e9 (ZAC) des Portes du\nVexin, \u00e0 Ennery.\nPr\u00e9fecture de la r\u00e9gion d'Ile-de-France, pr\u00e9fecture de Paris-Secr\u00e9tariat g\u00e9n\u00e9ral aux politiques publiques - IDF-2025-03-21-00009 -\nArr\u00eat\u00e9 2025-04 modifiant l'arr\u00eat\u00e9 n\u00b0 2017-281 du 24 octobre 2017 modifi\u00e9 portant attribution de subvention au titre de la dotation de\nsoutien \u00e0 l'investissement public local \u00e0 la communaut\u00e9 de communes Sausseron Impressionnistes pour la construction d'un b\u00e2timent\npour la cr\u00e9ation d'ateliers locatifs pour de tr\u00e8s petites entreprises (TPE) artisanales ou innovantes en phase de cr\u00e9ation, dans le cadre\ndu Plan d'action en faveur de l'\u00e9co-innovation (PAEI), sur la zone d'am\u00e9nagement concert\u00e9 (ZAC) des Portes du Vexin, \u00e0 Ennery.\n27\n| 3PREFET |DE LA REGIOND'\u00ceLE-DE-FRANCELibert\u00e9Egalit\u00e9Fraternit\u00e9\n  \nPr\u00e9fecture de la r\u00e9gion d'Ile-de-France, pr\u00e9fecture de Paris \nSecr\u00e9tariat g\u00e9n\u00e9ral aux politiques publiques \nBureau de la coordination et de l'investissement territorial \nSection de l'investissement territorial \n5 rue Leblanc 75911 Paris cedex 15 \nT\u00e9l : 01.82.52.40.00 \nwww.ile-de-france.gouv.fr \n \n \nARR\u00caT\u00c9  N\u00b0 2025-04 \nmodifiant l'arr\u00eat\u00e9 n\u00b0 2017-281 du 24 octobre 2017 modifi\u00e9 portant attribution de subvention \nau titre de la dotation de soutien \u00e0 l'investissement public local \n \n \nLE PR\u00c9FET DE LA R\u00c9GION D'\u00ceLE-DE-FRANCE \nPR\u00c9FET DE PARIS \nCOMMANDEUR DE LA L\u00c9GION D'HONNEUR \nOFFICIER DE L'ORDRE NATIONAL DU M\u00c9RITE \n \n \n \nVU le d\u00e9cret n\u00b0 2004 -374 du 29 avril 2004 modifi\u00e9 relatif aux pouvoirs des pr\u00e9fets, \u00e0 l'organisation et \u00e0 l'action \ndes services de l'\u00c9tat dans les r\u00e9gions et d\u00e9partements ;   \n \nVU le d\u00e9cret n\u00b0 2018-514 du 25 juin 2018 relatif aux subventions de l'Etat pour des projets d'investissement  ; \n \nVU le d\u00e9cret n\u00b0 2020-412 du 8 avril 2020 relatif au droit de d\u00e9rogation reconnu au pr\u00e9fet ; \n \nVU l'arr\u00eat\u00e9 n\u00b0 2017-281 du 24 octobre 2017 modifi\u00e9 portant attribution d'une subvention d'un montant maximum \npr\u00e9visionnel de 303 012 \u20ac au titre de la dotation de soutien \u00e0 l'investissement  public local \u00e0 la  communaut\u00e9 de \ncommunes Sausseron Impressionnistes  pour l a construction d'un b\u00e2timent pour la cr\u00e9ation d'ateliers locatifs \npour de tr\u00e8s petites entreprises (TPE) artisanales ou innova ntes en phase de cr\u00e9ation, dans le cadre du Plan \nd'action en faveur de l'\u00e9co -innovation (PAEI), sur la zone d'am\u00e9nagement concert\u00e9 (ZAC) des Portes du Vexin, \n\u00e0 Ennery ; \n \nVU le courrier de la pr\u00e9sidente de la communaut\u00e9 de communes Sausseron Impressionniste s en date du  19 \nseptembre 2024  sollicitant une nouvelle prorogation exceptionnelle du d\u00e9lai d'ach\u00e8vement de l'op\u00e9ration \nsusvis\u00e9e, qui a d\u00e9marr\u00e9 le 21 septembre 2020 ; \n \nCONSIDERANT qu'il est n\u00e9cessaire de d\u00e9roger aux articles 13 et 14 du d\u00e9cret du 25 juin 2 018 pr\u00e9cit\u00e9 pour \npermettre \u00e0 la communaut\u00e9 de communes Sausseron Impressionnistes  de b\u00e9n\u00e9ficier de la subvention pr\u00e9vue \npar l'arr\u00eat\u00e9 susvis\u00e9 ; \n \nCONSIDERANT que cette d\u00e9rogation est justifi\u00e9e en raison de nombreuses contraintes administratives et \ntechniques ayant retard\u00e9 la r\u00e9alisation de l'op\u00e9ration ; \n \nCONSIDERANT que cette d\u00e9rogation ne porte pas atteinte aux int\u00e9r\u00eats de la d\u00e9fense ou \u00e0 la s\u00e9curit\u00e9 des \npersonnes et des biens, ni une atteinte disproportionn\u00e9e aux objectifs poursuivis par les dispositions au xquelles \nil est d\u00e9rog\u00e9 et qu'elle est compatible avec les engagements europ\u00e9ens et internationaux de la France ;  \n \n \nPr\u00e9fecture de la r\u00e9gion d'Ile-de-France, pr\u00e9fecture de Paris-Secr\u00e9tariat g\u00e9n\u00e9ral aux politiques publiques - IDF-2025-03-21-00009 -\nArr\u00eat\u00e9 2025-04 modifiant l'arr\u00eat\u00e9 n\u00b0 2017-281 du 24 octobre 2017 modifi\u00e9 portant attribution de subvention au titre de la dotation de\nsoutien \u00e0 l'investissement public local \u00e0 la communaut\u00e9 de communes Sausseron Impressionnistes pour la construction d'un b\u00e2timent\npour la cr\u00e9ation d'ateliers locatifs pour de tr\u00e8s petites entreprises (TPE) artisanales ou innovantes en phase de cr\u00e9ation, dans le cadre\ndu Plan d'action en faveur de l'\u00e9co-innovation (PAEI), sur la zone d'am\u00e9nagement concert\u00e9 (ZAC) des Portes du Vexin, \u00e0 Ennery.\n28\n \nSection de l'investissement territorial \n5 rue Leblanc 75911 Paris cedex 15 \nT\u00e9l : 01.82.52.40.00 \nwww.ile-de-france.gouv.fr \n \n2 \nARR\u00caTE \n \nARTICLE 1er \n \nEn application du d\u00e9cret n\u00b0 2020 -412 du 8 avril 2020, par d\u00e9rogation aux dispositions des articles 13 et 14 du \nd\u00e9cret du 25 juin 2018 susvis\u00e9, les dispositions de l'article 3 de l'arr\u00eat\u00e9 n \u00b0 2017-281 du 24 octobre 2017 modifi\u00e9 \nsont remplac\u00e9es par les dispositions suivantes :  \n \n\u00ab L'op\u00e9ration qui a d\u00e9marr\u00e9 le 21 septembre 2020 devra s'achever avant le 21 septembre 2025.  \n \nLe b \u00e9n\u00e9ficiaire adresse au pr\u00e9fet d u Val -d'Oise dans un d\u00e9lai de 12 mois \u00e0 compter de la nouvelle  date \npr\u00e9visionnelle d'ach\u00e8vement , une d\u00e9claration d'ach\u00e8vement de l'op\u00e9ration accompagn\u00e9e d'un d\u00e9compte final \ndes d\u00e9penses r\u00e9ellement effectu\u00e9es ainsi que la list e des aides publiques per\u00e7ues et leur montant respectif. En \nl'absence de r\u00e9ception de ces documents par l'autorit\u00e9 comp\u00e9tente au terme de cette p\u00e9riode de 12 mois, aucun \npaiement ne pourra intervenir au profit du b\u00e9n\u00e9ficiaire. \u00bb. \n \n \nARTICLE 2 \n \nLes autres dispositions de l'arr\u00eat\u00e9 pr\u00e9fectoral susvis\u00e9 demeurent inchang\u00e9es. \n \nARTICLE 3 \n \nLa pr\u00e9f\u00e8te, secr\u00e9taire g\u00e9n\u00e9rale aux politiques publiques de la pr\u00e9fecture de la r\u00e9gion d'\u00cele -de-France, pr\u00e9fecture \nde Paris, le pr\u00e9fet du d\u00e9partement du Val-d'Oise et le directeur r\u00e9gional des finances publiques d'\u00cele -de-France \net de Paris sont charg\u00e9s, chacun en ce qui le concerne, de l'ex\u00e9cution du pr\u00e9sent arr\u00eat\u00e9. \n \n \n \nFait \u00e0 Paris, le 21 mars 2025 \n \n \n  \nLe Pr\u00e9fet de la r\u00e9gion d'\u00cele-de-France, \nPr\u00e9fet de Paris \n \n \nSign\u00e9 \n \n \nMarc GUILLAUME \n \n \nPr\u00e9fecture de la r\u00e9gion d'Ile-de-France, pr\u00e9fecture de Paris-Secr\u00e9tariat g\u00e9n\u00e9ral aux politiques publiques - IDF-2025-03-21-00009 -\nArr\u00eat\u00e9 2025-04 modifiant l'arr\u00eat\u00e9 n\u00b0 2017-281 du 24 octobre 2017 modifi\u00e9 portant attribution de subvention au titre de la dotation de\nsoutien \u00e0 l'investissement public local \u00e0 la communaut\u00e9 de communes Sausseron Impressionnistes pour la construction d'un b\u00e2timent\npour la cr\u00e9ation d'ateliers locatifs pour de tr\u00e8s petites entreprises (TPE) artisanales ou innovantes en phase de cr\u00e9ation, dans le cadre\ndu Plan d'action en faveur de l'\u00e9co-innovation (PAEI), sur la zone d'am\u00e9nagement concert\u00e9 (ZAC) des Portes du Vexin, \u00e0 Ennery.\n29\nPr\u00e9fecture de la r\u00e9gion d'Ile-de-France,\npr\u00e9fecture de Paris-Secr\u00e9tariat g\u00e9n\u00e9ral aux\npolitiques publiques\nIDF-2025-05-05-00004\nArr\u00eat\u00e9 2025-125 modifiant l'arr\u00eat\u00e9 n\u00b0 2021-352\ndu 23 avril 2021 portant attribution de\nsubvention au titre de la dotation de soutien \u00e0 la\nr\u00e9novation \u00e9nerg\u00e9tique des b\u00e2timents publics\ndes communes et \u00e9tablissements de\ncoop\u00e9ration intercommunale \u00e0 la commune\nd'Itteville pour la r\u00e9novation \u00e9nerg\u00e9tique de la\nsalle Georges Brassens : travaux d'isolation sous\ntoiture, de r\u00e9novation des fa\u00e7ades et installation\nd'une pompe \u00e0 chaleur.\nPr\u00e9fecture de la r\u00e9gion d'Ile-de-France, pr\u00e9fecture de Paris-Secr\u00e9tariat g\u00e9n\u00e9ral aux politiques publiques - IDF-2025-05-05-00004 -\nArr\u00eat\u00e9 2025-125 modifiant l'arr\u00eat\u00e9 n\u00b0 2021-352 du 23 avril 2021 portant attribution de subvention au titre de la dotation de soutien \u00e0\nla r\u00e9novation \u00e9nerg\u00e9tique des b\u00e2timents publics des communes et \u00e9tablissements de coop\u00e9ration intercommunale \u00e0 la commune\nd'Itteville pour la r\u00e9novation \u00e9nerg\u00e9tique de la salle Georges Brassens : travaux d'isolation sous toiture, de r\u00e9novation des fa\u00e7ades et\ninstallation d'une pompe \u00e0 chaleur.\n30\nPREFET .DE LA REGIOND'ILE-DE-FRANCELibert\u00e9Egalit\u00e9Fraternit\u00e9\nT\u00e9l. : 01 82 52 40 00 \n5, rue Leblanc 75911 Paris cedex 15 \n1/2 \nSecr\u00e9tariat g\u00e9n\u00e9ral aux politiques publiques \nBureau de la coordination et de l'investissement territorial \nSection de l'investissement territorial \n \n \n               \n \n \n \nA R R E T E  N\u00b0 2025-125 \n \nModifiant l'arr\u00eat\u00e9 n\u00b0 2021-352 du 23 avril 2021 portant attribution de subvention \nau titre de la dotation de soutien \u00e0 la r\u00e9novation \u00e9nerg\u00e9tique des b\u00e2timents publics \ndes communes et \u00e9tablissements de coop\u00e9ration intercommunale \n \n \nLE PR\u00c9FET DE LA R\u00c9GION D'\u00ceLE-DE-FRANCE \n PR\u00c9FET DE PARIS \n COMMANDEUR DE LA L\u00c9GION D'HONNEUR \nOFFICIER DE L'ORDRE NATIONAL DU M\u00c9RITE \n \n \nVU la loi n\u00b0 2025-127 du 14 f\u00e9vrier 2025 de finances pour 2025 ; \n \nVU le d\u00e9cret n\u00b0 2004 -374 du 29 avril 2004 modifi\u00e9 relatif aux pouvoirs des pr\u00e9fets, \u00e0 l'organisation et \u00e0 \nl'action des services de l'Etat dans les r\u00e9gions et d\u00e9partements ; \n \nVU le d\u00e9cret n\u00b0 2018-514 du 25 juin 2018 relatif aux subventions de l'Etat pour des projets \nd'investissement ; \n \nVU le d\u00e9cret n\u00b0 2020-412 du 8 avril 2020 relatif au droit de d\u00e9rogation reconnu au pr\u00e9fet ; \n \nVU l'instruction du 18 novembre 2020 relative au soutien \u00e0 la r\u00e9novation \u00e9nerg\u00e9tique des b\u00e2timents des \ncollectivit\u00e9s territoriales ; \n \nVU l'arr\u00eat\u00e9 n\u00b0 2021-352 du 23  avril 2021 portant attribution d'une subvention d'un montant maximum \npr\u00e9visionnel de 150 000 \u20ac \u00e0 la commune d'Itteville pour la r\u00e9novation \u00e9nerg\u00e9tique de la salle Georges \nBrassens : travaux d'isolation sous toiture, de r\u00e9novation des fa\u00e7ades et installation d'une pom pe \u00e0 \nchaleur ; \n \nCONSIDERANT le report du d\u00e9lai d'ach\u00e8vement des op\u00e9rations financ\u00e9es  par la DSIL r\u00e9novation \nthermique, la DSID r\u00e9novation thermique et la DRI  au 31 d\u00e9cembre 2024 permettant un versement des \ncr\u00e9dits de paiement jusqu'au 31 d\u00e9cembre 2025 ; \n \nCONSIDERANT  que la commune d'Itteville n'a pas pu transmettre l'attestation d'ach\u00e8vement des travaux \nselon le calendrier pr\u00e9visionnel mentionn\u00e9 \u00e0 l'article 3 de l'arr\u00eat\u00e9 susvis\u00e9 ; \n \nCONSIDERANT qu'il est n\u00e9cessaire de d\u00e9roger aux articles 13 et 14 du d\u00e9cre t du 25 juin 2018 pr\u00e9cit\u00e9 \npour permettre \u00e0 la commune d'Itteville de b\u00e9n\u00e9ficier de la subvention pr\u00e9vue par l'arr\u00eat\u00e9 susvis\u00e9 ; \n \nCONSIDERANT que cette d\u00e9rogation est justifi\u00e9e par un motif d'int\u00e9r\u00eat g\u00e9n\u00e9ral et l'existence de \ncirconstances locales et qu'elle a pour effet de favoriser l'acc\u00e8s aux aides publiques ; \n \nCONSIDERANT que cette d\u00e9rogation ne porte pas atteinte aux int\u00e9r\u00eats de la d\u00e9fense ou \u00e0 la s\u00e9curit\u00e9 des \npersonnes et des biens, ni une atteinte disproportionn\u00e9e aux objectifs poursuivis par les dispositions \nauxquelles il est d\u00e9rog\u00e9 et qu'elle est compatible avec les engagements europ\u00e9ens et internationaux de la \nFrance ; \n \n \n \nPr\u00e9fecture de la r\u00e9gion d'Ile-de-France, pr\u00e9fecture de Paris-Secr\u00e9tariat g\u00e9n\u00e9ral aux politiques publiques - IDF-2025-05-05-00004 -\nArr\u00eat\u00e9 2025-125 modifiant l'arr\u00eat\u00e9 n\u00b0 2021-352 du 23 avril 2021 portant attribution de subvention au titre de la dotation de soutien \u00e0\nla r\u00e9novation \u00e9nerg\u00e9tique des b\u00e2timents publics des communes et \u00e9tablissements de coop\u00e9ration intercommunale \u00e0 la commune\nd'Itteville pour la r\u00e9novation \u00e9nerg\u00e9tique de la salle Georges Brassens : travaux d'isolation sous toiture, de r\u00e9novation des fa\u00e7ades et\ninstallation d'une pompe \u00e0 chaleur.\n31\nT\u00e9l. : 01 82 52 40 00 \n5, rue Leblanc 75911 Paris cedex 15 \n2/2 \n \n \nA R R \u00ca T E \n \n \nARTICLE 1er : En application du d\u00e9cret n\u00b0  2020-412 du 8 avril 2020, par d\u00e9rogation aux \ndispositions des articles 13 et 14 du d\u00e9cret du 25 juin 2018 susvis\u00e9, le versement \ndu solde de l'op\u00e9ration qui s'est achev\u00e9e le 23 juillet 2024 et dont les pi\u00e8ces ont \u00e9t\u00e9 \ntransmises le 3 novembre 2024, interviendra \u00e0 notification du pr\u00e9sent arr\u00eat\u00e9.  \n \n \nARTICLE 2 : \n \n \n \nARTICLE 3 : \nLes autres dispositions de l'arr\u00eat\u00e9 susvis\u00e9 demeurent inchang\u00e9es. \n \n \n \nLa p r\u00e9f\u00e8te, secr\u00e9taire g\u00e9n\u00e9ral e aux politiques publiques de la pr\u00e9fecture de la \nr\u00e9gion d'\u00cele-de-France, pr\u00e9fecture de Paris, la pr\u00e9f\u00e8te de l'Essonne et le directeur \nr\u00e9gional des finances publiques d'\u00cele-de-France et de Paris sont charg\u00e9s, chacun en \nce qui le concerne, de l'ex\u00e9cution du pr\u00e9sent arr\u00eat\u00e9.  \n  \n Fait \u00e0 Paris, le 5 mai 2025 \n \n \n  \nLe Pr\u00e9fet de la r\u00e9gion d'\u00cele-de-France, \nPr\u00e9fet de Paris \n \n \nSign\u00e9 \n \n \nMarc GUILLAUME \n \n \nPr\u00e9fecture de la r\u00e9gion d'Ile-de-France, pr\u00e9fecture de Paris-Secr\u00e9tariat g\u00e9n\u00e9ral aux politiques publiques - IDF-2025-05-05-00004 -\nArr\u00eat\u00e9 2025-125 modifiant l'arr\u00eat\u00e9 n\u00b0 2021-352 du 23 avril 2021 portant attribution de subvention au titre de la dotation de soutien \u00e0\nla r\u00e9novation \u00e9nerg\u00e9tique des b\u00e2timents publics des communes et \u00e9tablissements de coop\u00e9ration intercommunale \u00e0 la commune\nd'Itteville pour la r\u00e9novation \u00e9nerg\u00e9tique de la salle Georges Brassens : travaux d'isolation sous toiture, de r\u00e9novation des fa\u00e7ades et\ninstallation d'une pompe \u00e0 chaleur.\n32\nPr\u00e9fecture de la r\u00e9gion d'Ile-de-France,\npr\u00e9fecture de Paris-Secr\u00e9tariat g\u00e9n\u00e9ral aux\npolitiques publiques\nIDF-2025-05-05-00005\nArr\u00eat\u00e9 2025-126 modifiant l'arr\u00eat\u00e9 n\u00b0 2021-432\ndu 23 avril 2021 portant attribution de\nsubvention au titre de la dotation de soutien \u00e0 la\nr\u00e9novation \u00e9nerg\u00e9tique des b\u00e2timents publics\ndes communes et \u00e9tablissements de\ncoop\u00e9ration intercommunale \u00e0 la commune de\nVillebon-sur-Yvette pour la r\u00e9novation\n\u00e9nerg\u00e9tique de l'h\u00f4tel de ville, dont\nl'am\u00e9lioration des menuiseries, de la toiture et la\nmise en place d'une pompe \u00e0 chaleur.\nPr\u00e9fecture de la r\u00e9gion d'Ile-de-France, pr\u00e9fecture de Paris-Secr\u00e9tariat g\u00e9n\u00e9ral aux politiques publiques - IDF-2025-05-05-00005 -\nArr\u00eat\u00e9 2025-126 modifiant l'arr\u00eat\u00e9 n\u00b0 2021-432 du 23 avril 2021 portant attribution de subvention au titre de la dotation de soutien \u00e0\nla r\u00e9novation \u00e9nerg\u00e9tique des b\u00e2timents publics des communes et \u00e9tablissements de coop\u00e9ration intercommunale \u00e0 la commune de\nVillebon-sur-Yvette pour la r\u00e9novation \u00e9nerg\u00e9tique de l'h\u00f4tel de ville, dont l'am\u00e9lioration des menuiseries, de la toiture et la mise en\nplace d'une pompe \u00e0 chaleur.\n33\nPREFET .DE LA REGIOND'\u00ceLE-DE-FRANCELibert\u00e9Egalit\u00e9Fraternit\u00e9\n \nT\u00e9l. : 01 82 52 40 00 \n5, rue Leblanc 75911 Paris cedex 15 \n1/2 \nSecr\u00e9tariat g\u00e9n\u00e9ral aux politiques publiques \nBureau de la coordination et de l'investissement territorial \nSection de l'investissement territorial \n \n \n               \n \n \n \nA R R E T E  N\u00b0 2025-126 \n \nModifiant l'arr\u00eat\u00e9 n\u00b0 2021-432 du 23 avril 2021 portant attribution de subvention \nau titre de la dotation de soutien \u00e0 la r\u00e9novation \u00e9nerg\u00e9tique des b\u00e2timents publics \ndes communes et \u00e9tablissements de coop\u00e9ration intercommunale \n \n \nLE PR\u00c9FET DE LA R\u00c9GION D'\u00ceLE-DE-FRANCE \n PR\u00c9FET DE PARIS \n COMMANDEUR DE LA L\u00c9GION D'HONNEUR \nOFFICIER DE L'ORDRE NATIONAL DU M\u00c9RITE \n \n \nVU la loi n\u00b0 2025-127 du 14 f\u00e9vrier 2025 de finances pour 2025 ; \n \nVU le d\u00e9cret n\u00b0 2004 -374 du 29 avril 2004 modifi\u00e9 relatif aux pouvoirs des pr\u00e9fets, \u00e0 l'organisation et \u00e0 \nl'action des services de l'Etat dans les r\u00e9gions et d\u00e9partements ; \n \nVU le d\u00e9cret n\u00b0 2018-514 du 25 juin 2018 relatif aux subventions de l'Etat pour des projets \nd'investissement ; \n \nVU le d\u00e9cret n\u00b0 2020-412 du 8 avril 2020 relatif au droit de d\u00e9rogation reconnu au pr\u00e9fet ; \n \nVU l'instruction du 18 novembre 2020 relative au soutien \u00e0 la r\u00e9novation \u00e9nerg\u00e9tique des b\u00e2timents des \ncollectivit\u00e9s territoriales ; \n \nVU l'arr\u00eat\u00e9 n\u00b0 2021-432 du 23  avril 2021 portant attribution d'une subvention d'un montant maximum \npr\u00e9visionnel de 294 760 \u20ac \u00e0 la commune de Villebon-sur-Yvette pour la r\u00e9novation \u00e9nerg\u00e9tique de l'h\u00f4tel \nde ville, dont l'am\u00e9lioration des menuiseries, de la toiture et la mise en place d'une pompe \u00e0 chaleur ; \n \nCONSIDERANT le report du d\u00e9lai d'ach\u00e8vement des op\u00e9rations financ\u00e9es  par la DSIL r\u00e9novation \nthermique, la DSID r\u00e9novation thermique et la DRI  au 31 d\u00e9cembre 2024 permettant un versement des \ncr\u00e9dits de paiement jusqu'au 31 d\u00e9cembre 2025 ; \n \nCONSIDERANT  que la commune de Villebon -sur-Yvette n'a pas pu transmettre l'attestation \nd'ach\u00e8vement des travaux selon le calendrier pr\u00e9visionnel mentionn\u00e9 \u00e0 l'article 3 de l'arr\u00eat\u00e9 susvis\u00e9 ; \n \nCONSIDERANT qu'il est n\u00e9cessaire de d\u00e9roger aux articles 13 et 14 du d\u00e9cret du 25 juin 2018 pr\u00e9cit\u00e9 \npour permettre \u00e0 la commune de Villebon-sur-Yvette de b\u00e9n\u00e9ficier de la subvention pr\u00e9vue par l'arr\u00eat\u00e9  \nsusvis\u00e9 ; \n \nCONSIDERANT que cette d\u00e9rogation est justifi\u00e9e par un motif d'int\u00e9r\u00eat g\u00e9n\u00e9ral et l'existence de \ncirconstances locales et qu'elle a pour effet de favoriser l'acc\u00e8s aux aides publiques ; \n \nCONSIDERANT que cette d\u00e9rogation ne porte pas atteinte aux int\u00e9r\u00eats de la d\u00e9fense ou \u00e0 la s\u00e9curit\u00e9 des \npersonnes et des biens, ni une atteinte disproportionn\u00e9e aux objectifs po ursuivis par les dispositions \nauxquelles il est d\u00e9rog\u00e9 et qu'elle est compatible avec les engagements europ\u00e9ens et internationaux de la \nFrance ; \n \n \nPr\u00e9fecture de la r\u00e9gion d'Ile-de-France, pr\u00e9fecture de Paris-Secr\u00e9tariat g\u00e9n\u00e9ral aux politiques publiques - IDF-2025-05-05-00005 -\nArr\u00eat\u00e9 2025-126 modifiant l'arr\u00eat\u00e9 n\u00b0 2021-432 du 23 avril 2021 portant attribution de subvention au titre de la dotation de soutien \u00e0\nla r\u00e9novation \u00e9nerg\u00e9tique des b\u00e2timents publics des communes et \u00e9tablissements de coop\u00e9ration intercommunale \u00e0 la commune de\nVillebon-sur-Yvette pour la r\u00e9novation \u00e9nerg\u00e9tique de l'h\u00f4tel de ville, dont l'am\u00e9lioration des menuiseries, de la toiture et la mise en\nplace d'une pompe \u00e0 chaleur.\n34\n \nT\u00e9l. : 01 82 52 40 00 \n5, rue Leblanc 75911 Paris cedex 15 \n2/2 \n \n \nA R R \u00ca T E \n \n \nARTICLE 1er : En application du d\u00e9cret n\u00b0  2020-412 du 8 avril 2020, par d\u00e9rogation aux \ndispositions des articles 13 et 14 du d\u00e9cret du 25 juin 2018 susvis\u00e9, le versement \ndu solde de l'op\u00e9ration qui s'est achev\u00e9e le  19 d\u00e9cembre 2023 et dont les pi\u00e8ces \nont \u00e9t\u00e9 transmises le  16 d\u00e9cembre 2024, interviendra \u00e0 notification du pr\u00e9sent \narr\u00eat\u00e9.  \n \n \nARTICLE 2 : \n \n \n \nARTICLE 3 : \nLes autres dispositions de l'arr\u00eat\u00e9 susvis\u00e9 demeurent inchang\u00e9es. \n \n \n \nLa p r\u00e9f\u00e8te, secr\u00e9taire g\u00e9n\u00e9ral e aux politiques publiques de la pr\u00e9fecture de la \nr\u00e9gion d'\u00cele-de-France, pr\u00e9fecture de Paris, la pr\u00e9f\u00e8te de l'Essonne et le directeur \nr\u00e9gional des finances publiques d'\u00cele-de-France et de Paris sont charg\u00e9s, chacun en \nce qui le concerne, de l'ex\u00e9cution du pr\u00e9sent arr\u00eat\u00e9.  \n  \n Fait \u00e0 Paris, le 5 mai 2025 \n \n \n  \nLe Pr\u00e9fet de la r\u00e9gion d'\u00cele-de-France, \nPr\u00e9fet de Paris \n \n \nSign\u00e9 \n \n \nMarc GUILLAUME \n \n \n \n \n \nPr\u00e9fecture de la r\u00e9gion d'Ile-de-France, pr\u00e9fecture de Paris-Secr\u00e9tariat g\u00e9n\u00e9ral aux politiques publiques - IDF-2025-05-05-00005 -\nArr\u00eat\u00e9 2025-126 modifiant l'arr\u00eat\u00e9 n\u00b0 2021-432 du 23 avril 2021 portant attribution de subvention au titre de la dotation de soutien \u00e0\nla r\u00e9novation \u00e9nerg\u00e9tique des b\u00e2timents publics des communes et \u00e9tablissements de coop\u00e9ration intercommunale \u00e0 la commune de\nVillebon-sur-Yvette pour la r\u00e9novation \u00e9nerg\u00e9tique de l'h\u00f4tel de ville, dont l'am\u00e9lioration des menuiseries, de la toiture et la mise en\nplace d'une pompe \u00e0 chaleur.\n35\nPr\u00e9fecture de la r\u00e9gion d'Ile-de-France,\npr\u00e9fecture de Paris-Secr\u00e9tariat g\u00e9n\u00e9ral aux\npolitiques publiques\nIDF-2025-05-05-00006\nArr\u00eat\u00e9 2025-127 modifiant l'arr\u00eat\u00e9 n\u00b0 2021-349\ndu 23 avril 2021 portant attribution de\nsubvention au titre de la dotation de soutien \u00e0 la\nr\u00e9novation \u00e9nerg\u00e9tique des b\u00e2timents publics\ndes communes et \u00e9tablissements de\ncoop\u00e9ration intercommunale \u00e0 la commune\nd'Etr\u00e9chy pour la r\u00e9novation thermique de six\nlogements communaux situ\u00e9s 18 avenue Foch\n(isolation par l'ext\u00e9rieur et r\u00e9fection de la toiture\nterrasse) et 42 rue Fontaine (isolation par\nl'ext\u00e9rieur et pose d'une isolation en toiture).\nPr\u00e9fecture de la r\u00e9gion d'Ile-de-France, pr\u00e9fecture de Paris-Secr\u00e9tariat g\u00e9n\u00e9ral aux politiques publiques - IDF-2025-05-05-00006 -\nArr\u00eat\u00e9 2025-127 modifiant l'arr\u00eat\u00e9 n\u00b0 2021-349 du 23 avril 2021 portant attribution de subvention au titre de la dotation de soutien \u00e0\nla r\u00e9novation \u00e9nerg\u00e9tique des b\u00e2timents publics des communes et \u00e9tablissements de coop\u00e9ration intercommunale \u00e0 la commune\nd'Etr\u00e9chy pour la r\u00e9novation thermique de six logements communaux situ\u00e9s 18 avenue Foch (isolation par l'ext\u00e9rieur et r\u00e9fection de la\ntoiture terrasse) et 42 rue Fontaine (isolation par l'ext\u00e9rieur et pose d'une isolation en toiture).\n36\nPREFET .DE LA REGIOND'ILE-DE-FRANCELibert\u00e9Egalit\u00e9Fraternit\u00e9\nT\u00e9l. : 01 82 52 40 00 \n5, rue Leblanc 75911 Paris cedex 15 \n1/2 \nSecr\u00e9tariat g\u00e9n\u00e9ral aux politiques publiques \nBureau de la coordination et de l'investissement territorial \nSection de l'investissement territorial \n \n \n               \n \n \n \nA R R E T E  N\u00b0 2025-127 \n \nModifiant l'arr\u00eat\u00e9 n\u00b0 2021-349 du 23 avril 2021 portant attribution de subvention \nau titre de la dotation de soutien \u00e0 la r\u00e9novation \u00e9nerg\u00e9tique des b\u00e2timents publics \ndes communes et \u00e9tablissements de coop\u00e9ration intercommunale \n \n \nLE PR\u00c9FET DE LA R\u00c9GION D'\u00ceLE-DE-FRANCE \n PR\u00c9FET DE PARIS \n COMMANDEUR DE LA L\u00c9GION D'HONNEUR \nOFFICIER DE L'ORDRE NATIONAL DU M\u00c9RITE \n \n \nVU la loi n\u00b0 2025-127 du 14 f\u00e9vrier 2025 de finances pour 2025 ; \n \nVU le d\u00e9cret n\u00b0 2004 -374 du 29 avril 2004 modifi\u00e9 relatif aux pouvoirs des pr\u00e9fets, \u00e0 l'organisation et \u00e0 \nl'action des services de l'Etat dans les r\u00e9gions et d\u00e9partements ; \n \nVU le d\u00e9cret n\u00b0 2018-514 du 25 juin 2018 relatif aux subventions de l'Etat pour des projets \nd'investissement ; \n \nVU le d\u00e9cret n\u00b0 2020-412 du 8 avril 2020 relatif au droit de d\u00e9rogation reconnu au pr\u00e9fet ; \n \nVU l'instruction du 18 novembre 2020 relative au soutien \u00e0 la r\u00e9novation \u00e9nerg\u00e9tique des b\u00e2timents des \ncollectivit\u00e9s territoriales ; \n \nVU l'arr\u00eat\u00e9 n\u00b0 2021-349 du 23  avril 2021 portant attribution d'une subvention d'un montant maximum \npr\u00e9visionnel de 175 000 \u20ac \u00e0 la commune d'\u00c9tr\u00e9chy pour la r\u00e9novation thermique de six logements \ncommunaux situ\u00e9s 18 avenue Foch (isolation par l'ext\u00e9rieur et r\u00e9fection de la toiture terrasse) et 42 r ue \nFontaine (isolation par l'ext\u00e9rieur et pose d'une isolation en toiture) ; \n \nCONSIDERANT le report du d\u00e9lai d'ach\u00e8vement des op\u00e9rations financ\u00e9es  par la DSIL r\u00e9novation \nthermique, la DSID r\u00e9novation thermique et la DRI  au 31 d\u00e9cembre 2024 permettant un versement des \ncr\u00e9dits de paiement jusqu'au 31 d\u00e9cembre 2025 ; \n \nCONSIDERANT  que la commune d'\u00c9tr\u00e9chy n'a pas pu transmettre l'attestation d'ach\u00e8veme nt des \ntravaux selon le calendrier pr\u00e9visionnel mentionn\u00e9 \u00e0 l'article 3 de l'arr\u00eat\u00e9 susvis\u00e9 ; \n \nCONSIDERANT qu'il est n\u00e9cessaire de d\u00e9roger aux articles 13 et 14 du d\u00e9cret du 25 juin 2018 pr\u00e9cit\u00e9 \npour permettre \u00e0 la commune d'\u00c9tr\u00e9chy de b\u00e9n\u00e9ficier de la subvention pr\u00e9vue par l'arr\u00eat\u00e9 susvis\u00e9 ; \n \nCONSIDERANT que cette d\u00e9rogation est justifi\u00e9e par un motif d'int\u00e9r\u00eat g\u00e9n\u00e9ral et l'existence de \ncirconstances locales et qu'elle a pour effet de favoriser l'acc\u00e8s aux aides publiques ; \n \nCONSIDERANT que cette d\u00e9rogation ne porte pas atteinte aux int\u00e9r\u00eats de la d\u00e9fense ou \u00e0 la s\u00e9curit\u00e9 des \npersonnes et des biens, ni une atteinte disproportionn\u00e9e aux objectifs poursuivis par les dispositions \nauxquelles il est d\u00e9rog\u00e9 et qu'elle est compatible avec les engagements europ\u00e9ens et internationaux de la \nFrance ; \n \n \n \nPr\u00e9fecture de la r\u00e9gion d'Ile-de-France, pr\u00e9fecture de Paris-Secr\u00e9tariat g\u00e9n\u00e9ral aux politiques publiques - IDF-2025-05-05-00006 -\nArr\u00eat\u00e9 2025-127 modifiant l'arr\u00eat\u00e9 n\u00b0 2021-349 du 23 avril 2021 portant attribution de subvention au titre de la dotation de soutien \u00e0\nla r\u00e9novation \u00e9nerg\u00e9tique des b\u00e2timents publics des communes et \u00e9tablissements de coop\u00e9ration intercommunale \u00e0 la commune\nd'Etr\u00e9chy pour la r\u00e9novation thermique de six logements communaux situ\u00e9s 18 avenue Foch (isolation par l'ext\u00e9rieur et r\u00e9fection de la\ntoiture terrasse) et 42 rue Fontaine (isolation par l'ext\u00e9rieur et pose d'une isolation en toiture).\n37\nT\u00e9l. : 01 82 52 40 00 \n5, rue Leblanc 75911 Paris cedex 15 \n2/2 \n \nA R R \u00ca T E \n \n \nARTICLE 1er : En application du d\u00e9cret n\u00b0  2020-412 du 8 avril 2020, par d\u00e9rogation aux \ndispositions des articles 13 et 14 du d\u00e9cret du 25 juin 2018 susvis\u00e9, le versement \ndu solde de l'op\u00e9ration qui s'est achev\u00e9e le 5 septembre 2023 et dont les pi\u00e8ces ont \n\u00e9t\u00e9 transmises le 6 janvier 2025, interviendra \u00e0 notification du pr\u00e9sent arr\u00eat\u00e9.  \n \n \nARTICLE 2 : \n \n \n \nARTICLE 3 : \nLes autres dispositions de l'arr\u00eat\u00e9 susvis\u00e9 demeurent inchang\u00e9es. \n \n \n \nLa p r\u00e9f\u00e8te, secr\u00e9taire g\u00e9n\u00e9ral e aux politiques publiques de la pr\u00e9fecture de la \nr\u00e9gion d'\u00cele-de-France, pr\u00e9fecture de Paris, la pr\u00e9f\u00e8te de l'Essonne et le directeur \nr\u00e9gional des finances publiques d'\u00cele-de-France et de Paris sont charg\u00e9s, chacun en \nce qui le concerne, de l'ex\u00e9cution du pr\u00e9sent arr\u00eat\u00e9.  \n  \n Fait \u00e0 Paris, le 5 mai 2025 \n \n \n  \nLe Pr\u00e9fet de la r\u00e9gion d'\u00cele-de-France, \nPr\u00e9fet de Paris \n \n \nSign\u00e9 \n \n \nMarc GUILLAUME \n \n \n \n \n \nPr\u00e9fecture de la r\u00e9gion d'Ile-de-France, pr\u00e9fecture de Paris-Secr\u00e9tariat g\u00e9n\u00e9ral aux politiques publiques - IDF-2025-05-05-00006 -\nArr\u00eat\u00e9 2025-127 modifiant l'arr\u00eat\u00e9 n\u00b0 2021-349 du 23 avril 2021 portant attribution de subvention au titre de la dotation de soutien \u00e0\nla r\u00e9novation \u00e9nerg\u00e9tique des b\u00e2timents publics des communes et \u00e9tablissements de coop\u00e9ration intercommunale \u00e0 la commune\nd'Etr\u00e9chy pour la r\u00e9novation thermique de six logements communaux situ\u00e9s 18 avenue Foch (isolation par l'ext\u00e9rieur et r\u00e9fection de la\ntoiture terrasse) et 42 rue Fontaine (isolation par l'ext\u00e9rieur et pose d'une isolation en toiture).\n38\nPr\u00e9fecture de la r\u00e9gion d'Ile-de-France,\npr\u00e9fecture de Paris-Secr\u00e9tariat g\u00e9n\u00e9ral aux\npolitiques publiques\nIDF-2025-05-05-00007\nArr\u00eat\u00e9 2025-128 modifiant l'arr\u00eat\u00e9 n\u00b0 2021-363\ndu 26 avril 2021 portant attribution de\nsubvention au titre de la dotation de soutien \u00e0 la\nr\u00e9novation \u00e9nerg\u00e9tique des b\u00e2timents publics\ndes communes et \u00e9tablissements de\ncoop\u00e9ration intercommunale \u00e0 la commune de\nViry-Ch\u00e2tillon pour la r\u00e9habilitation de l'\u00e9cole\nmaternelle Charles Perrault : isolation des\nfa\u00e7ades et de la toiture, remplacement des\nmenuiseries, mise aux normes pour les personnes\n\u00e0 mobilit\u00e9 r\u00e9duite, d\u00e9samiantage et gestion de\nl'eau.\nPr\u00e9fecture de la r\u00e9gion d'Ile-de-France, pr\u00e9fecture de Paris-Secr\u00e9tariat g\u00e9n\u00e9ral aux politiques publiques - IDF-2025-05-05-00007 -\nArr\u00eat\u00e9 2025-128 modifiant l'arr\u00eat\u00e9 n\u00b0 2021-363 du 26 avril 2021 portant attribution de subvention au titre de la dotation de soutien \u00e0\nla r\u00e9novation \u00e9nerg\u00e9tique des b\u00e2timents publics des communes et \u00e9tablissements de coop\u00e9ration intercommunale \u00e0 la commune de\nViry-Ch\u00e2tillon pour la r\u00e9habilitation de l'\u00e9cole maternelle Charles Perrault : isolation des fa\u00e7ades et de la toiture, remplacement des\nmenuiseries, mise aux normes pour les personnes \u00e0 mobilit\u00e9 r\u00e9duite, d\u00e9samiantage et gestion de l'eau.\n39\nPREFET .DE LA REGIOND'ILE-DE-FRANCELibert\u00e9Egalit\u00e9Fraternit\u00e9\nT\u00e9l. : 01 82 52 40 00 \n5, rue Leblanc 75911 Paris cedex 15 \n1/2 \nSecr\u00e9tariat g\u00e9n\u00e9ral aux politiques publiques \nBureau de la coordination et de l'investissement territorial \nSection de l'investissement territorial \n \n \n               \n \n \n \nA R R E T E  N\u00b0 2025-128 \n \nModifiant l'arr\u00eat\u00e9 n\u00b0 2021-363 du 26 avril 2021 portant attribution de subvention \nau titre de la dotation de soutien \u00e0 la r\u00e9novation \u00e9nerg\u00e9tique des b\u00e2timents publics \ndes communes et \u00e9tablissements de coop\u00e9ration intercommunale \n \n \nLE PR\u00c9FET DE LA R\u00c9GION D'\u00ceLE-DE-FRANCE \n PR\u00c9FET DE PARIS \n COMMANDEUR DE LA L\u00c9GION D'HONNEUR \nOFFICIER DE L'ORDRE NATIONAL DU M\u00c9RITE \n \n \nVU la loi n\u00b0 2025-127 du 14 f\u00e9vrier 2025 de finances pour 2025 ; \n \nVU le d\u00e9cret n\u00b0 2004 -374 du 29 avril 2004 modifi\u00e9 relatif aux pouvoirs des pr\u00e9fets, \u00e0 l'organisation et \u00e0 \nl'action des services de l'Etat dans les r\u00e9gions et d\u00e9partements ; \n \nVU le d\u00e9cret n\u00b0 2018-514 du 25 juin 2018 relatif aux subventions de l'Etat pour des projets \nd'investissement ; \n \nVU le d\u00e9cret n\u00b0 2020-412 du 8 avril 2020 relatif au droit de d\u00e9rogation reconnu au pr\u00e9fet ; \n \nVU l'instruction du 18 novembre 2020 relative au soutien \u00e0 la r\u00e9novation \u00e9nerg\u00e9tique des b\u00e2timents des \ncollectivit\u00e9s territoriales ; \n \nVU l'arr\u00eat\u00e9 n\u00b0 2021-363 du 26  avril 2021 portant attribution d'une subvention d'un montant maximum \npr\u00e9visionnel de 375 000 \u20ac \u00e0 la commune de Viry -Ch\u00e2tillon pour la r\u00e9habilitation de l'\u00e9cole maternelle \nCharles Perrault : isolation des fa\u00e7ades et de la toiture, remplacement des menuiseries, mise au x normes \npour les personnes \u00e0 mobilit\u00e9 r\u00e9duite, d\u00e9samiantage et gestion de l'eau ; \n \nCONSIDERANT le report du d\u00e9lai d'ach\u00e8vement des op\u00e9rations financ\u00e9es  par la DSIL r\u00e9novation \nthermique, la DSID r\u00e9novation thermique et la DRI  au 31 d\u00e9cembre 2024 permettant un versement des \ncr\u00e9dits de paiement jusqu'au 31 d\u00e9cembre 2025 ; \n \nCONSIDERANT  que la commune de Viry-Ch\u00e2tillon n'a pas pu transmettre l'attestation d'ach\u00e8vement des \ntravaux selon le calendrier pr\u00e9visionnel mentionn\u00e9 \u00e0 l'article 3 de l'arr\u00eat\u00e9 susvis\u00e9 ; \n \nCONSIDERANT qu'il est n\u00e9cessaire de d\u00e9roger aux articles 13 et 14 du d\u00e9cret du 25 juin 2018 pr\u00e9cit\u00e9 \npour permettre \u00e0 la commune de Viry-Ch\u00e2tillon de b\u00e9n\u00e9ficier de la subvention pr\u00e9vue par l'arr\u00eat\u00e9 susvis\u00e9 ; \n \nCONSIDERANT que cette d\u00e9rogation est justifi\u00e9e par un motif d'int\u00e9r\u00eat g\u00e9n\u00e9ral et l'existence de \ncirconstances locales et qu'elle a pour effet de favoriser l'acc\u00e8s aux aides publiques ; \n \nCONSIDERANT que cette d\u00e9rogation ne porte pas atteinte aux int\u00e9r\u00eats de la d\u00e9fense ou \u00e0 la s\u00e9curit\u00e9 des \npersonnes et des biens, ni une atteinte disproportionn\u00e9e aux objectifs poursuivis par les dispositions \nauxquelles il est d\u00e9rog\u00e9 et qu'elle est compatible avec les engagements europ\u00e9ens et internationaux de la \nFrance ; \n \n \n \nPr\u00e9fecture de la r\u00e9gion d'Ile-de-France, pr\u00e9fecture de Paris-Secr\u00e9tariat g\u00e9n\u00e9ral aux politiques publiques - IDF-2025-05-05-00007 -\nArr\u00eat\u00e9 2025-128 modifiant l'arr\u00eat\u00e9 n\u00b0 2021-363 du 26 avril 2021 portant attribution de subvention au titre de la dotation de soutien \u00e0\nla r\u00e9novation \u00e9nerg\u00e9tique des b\u00e2timents publics des communes et \u00e9tablissements de coop\u00e9ration intercommunale \u00e0 la commune de\nViry-Ch\u00e2tillon pour la r\u00e9habilitation de l'\u00e9cole maternelle Charles Perrault : isolation des fa\u00e7ades et de la toiture, remplacement des\nmenuiseries, mise aux normes pour les personnes \u00e0 mobilit\u00e9 r\u00e9duite, d\u00e9samiantage et gestion de l'eau.\n40\nT\u00e9l. : 01 82 52 40 00 \n5, rue Leblanc 75911 Paris cedex 15 \n2/2 \n \n \nA R R \u00ca T E \n \n \nARTICLE 1er : En application du d\u00e9cret n\u00b0  2020-412 du 8 avril 2020, par d\u00e9rogation aux \ndispositions des articles 13 et 14 du d\u00e9cret du 25 juin 2018 susvis\u00e9, le versement \ndu solde de l'op\u00e9ration qui s'est achev\u00e9e le  17 septembre 2024 et dont les pi\u00e8ces \nont \u00e9t\u00e9 transmises le  18 d\u00e9cembre  2024, interviendra \u00e0 notification du pr\u00e9sent \narr\u00eat\u00e9.  \n \n \nARTICLE 2 : \n \n \n \nARTICLE 3 : \nLes autres dispositions de l'arr\u00eat\u00e9 susvis\u00e9 demeurent inchang\u00e9es. \n \n \n \nLa p r\u00e9f\u00e8te, secr\u00e9taire g\u00e9n\u00e9ral e aux politiques publiques de la pr\u00e9fecture de la \nr\u00e9gion d'\u00cele-de-France, pr\u00e9fecture de Paris, la pr\u00e9f\u00e8te de l'Essonne et le directeur \nr\u00e9gional des finances publiques d'\u00cele-de-France et de Paris sont charg\u00e9s, chacun en \nce qui le concerne, de l'ex\u00e9cution du pr\u00e9sent arr\u00eat\u00e9.  \n  \n Fait \u00e0 Paris, le 5 mai 2025 \n \n \n  \nLe Pr\u00e9fet de la r\u00e9gion d'\u00cele-de-France, \nPr\u00e9fet de Paris \n \n \nSign\u00e9 \n \n \nMarc GUILLAUME \n \n \n \nPr\u00e9fecture de la r\u00e9gion d'Ile-de-France, pr\u00e9fecture de Paris-Secr\u00e9tariat g\u00e9n\u00e9ral aux politiques publiques - IDF-2025-05-05-00007 -\nArr\u00eat\u00e9 2025-128 modifiant l'arr\u00eat\u00e9 n\u00b0 2021-363 du 26 avril 2021 portant attribution de subvention au titre de la dotation de soutien \u00e0\nla r\u00e9novation \u00e9nerg\u00e9tique des b\u00e2timents publics des communes et \u00e9tablissements de coop\u00e9ration intercommunale \u00e0 la commune de\nViry-Ch\u00e2tillon pour la r\u00e9habilitation de l'\u00e9cole maternelle Charles Perrault : isolation des fa\u00e7ades et de la toiture, remplacement des\nmenuiseries, mise aux normes pour les personnes \u00e0 mobilit\u00e9 r\u00e9duite, d\u00e9samiantage et gestion de l'eau.\n41\nPr\u00e9fecture de la r\u00e9gion d'Ile-de-France,\npr\u00e9fecture de Paris-Secr\u00e9tariat g\u00e9n\u00e9ral aux\npolitiques publiques\nIDF-2025-05-05-00008\nArr\u00eat\u00e9 2025-129 modifiant l'arr\u00eat\u00e9 n\u00b0 2021-279\ndu 12 avril 2021 portant attribution de\nsubvention au titre de la dotation de soutien \u00e0 la\nr\u00e9novation \u00e9nerg\u00e9tique des b\u00e2timents publics\ndes communes et \u00e9tablissements de\ncoop\u00e9ration intercommunale \u00e0 l'\u00e9tablissement\npublic territorial Vall\u00e9e Sud - Grand Paris pour les\ntravaux de r\u00e9novation \u00e9nerg\u00e9tique et la mise aux\nnormes de s\u00e9curit\u00e9 et d'accessibilit\u00e9 de\nl'Aquapol situ\u00e9 dans la commune de Montrouge.\nPr\u00e9fecture de la r\u00e9gion d'Ile-de-France, pr\u00e9fecture de Paris-Secr\u00e9tariat g\u00e9n\u00e9ral aux politiques publiques - IDF-2025-05-05-00008 -\nArr\u00eat\u00e9 2025-129 modifiant l'arr\u00eat\u00e9 n\u00b0 2021-279 du 12 avril 2021 portant attribution de subvention au titre de la dotation de soutien \u00e0\nla r\u00e9novation \u00e9nerg\u00e9tique des b\u00e2timents publics des communes et \u00e9tablissements de coop\u00e9ration intercommunale \u00e0 l'\u00e9tablissement\npublic territorial Vall\u00e9e Sud - Grand Paris pour les travaux de r\u00e9novation \u00e9nerg\u00e9tique et la mise aux normes de s\u00e9curit\u00e9 et\nd'accessibilit\u00e9 de l'Aquapol situ\u00e9 dans la commune de Montrouge.\n42\nPREFET .DE LA REGIOND'ILE-DE-FRANCELibert\u00e9Egalit\u00e9Fraternit\u00e9\nT\u00e9l. : 01 82 52 40 00 \n5, rue Leblanc 75911 Paris cedex 15 \n1/2 \nSecr\u00e9tariat g\u00e9n\u00e9ral aux politiques publiques \nBureau de la coordination et de l'investissement territorial \nSection de l'investissement territorial \n \n \n               \n \n \n \nA R R E T E  N\u00b0 2025-129 \n \nModifiant l'arr\u00eat\u00e9 n\u00b0 2021-279 du 12 avril 2021 portant attribution de subvention \nau titre de la dotation de soutien \u00e0 la r\u00e9novation \u00e9nerg\u00e9tique des b\u00e2timents publics \ndes communes et \u00e9tablissements de coop\u00e9ration intercommunale \n \n \nLE PR\u00c9FET DE LA R\u00c9GION D'\u00ceLE-DE-FRANCE \n PR\u00c9FET DE PARIS \n COMMANDEUR DE LA L\u00c9GION D'HONNEUR \nOFFICIER DE L'ORDRE NATIONAL DU M\u00c9RITE \n \n \nVU la loi n\u00b0 2025-127 du 14 f\u00e9vrier 2025 de finances pour 2025 ; \n \nVU le d\u00e9cret n\u00b0 2004 -374 du 29 avril 2004 modifi\u00e9 relatif aux pouvoirs des pr\u00e9fets, \u00e0 l'organisation et \u00e0 \nl'action des services de l'Etat dans les r\u00e9gions et d\u00e9partements ; \n \nVU le d\u00e9cret n\u00b0 2018-514 du 25 juin 2018 relatif aux subventions de l'Etat pour des projets \nd'investissement ; \n \nVU le d\u00e9cret n\u00b0 2020-412 du 8 avril 2020 relatif au droit de d\u00e9rogation reconnu au pr\u00e9fet ; \n \nVU l'instruction du 18 novembre 2020 relative au soutien \u00e0 la r\u00e9novation \u00e9nerg\u00e9tique des b\u00e2timents des \ncollectivit\u00e9s territoriales ; \n \nVU l'arr\u00eat\u00e9 n\u00b0 2021-279 du 1 2 avril 2021 portant attribution d'une subvention d'un montant maximum \npr\u00e9visionnel de 1 093 675 \u20ac \u00e0 l'\u00e9tablissement public territorial Vall\u00e9e Sud - Grand Paris pour les travaux de \nr\u00e9novation \u00e9nerg\u00e9tique et la mise aux normes de s\u00e9curit\u00e9 et d'accessibilit\u00e9 de l'Aquapol  situ\u00e9 dans la \ncommune de Montrouge ; \n \nCONSIDERANT le report du d\u00e9lai d'ach\u00e8vement des op\u00e9rations financ\u00e9es  par la DSIL r\u00e9novation \nthermique, la DSID r\u00e9novation thermique et la DRI  au 31 d\u00e9cembre 2024 permettant un versement des \ncr\u00e9dits de paiement jusqu'au 31 d\u00e9cembre 2025 ; \n \nCONSIDERANT  que l'\u00e9tablissement public territorial Vall\u00e9e Sud - Grand Paris n'a pas pu transmettre \nl'attestation d'ach\u00e8vement des travaux  selon le calendrier pr\u00e9visionnel mentionn\u00e9 \u00e0 l'article 3 de l'arr\u00eat\u00e9 \nsusvis\u00e9 ; \n \nCONSIDERANT qu'il est n\u00e9cessaire de d\u00e9roger aux articles 13 et 14 du d\u00e9cret du 25 juin 2018 pr\u00e9cit\u00e9 \npour permettre \u00e0 l'\u00e9tablissement public territorial Vall\u00e9e Sud - Grand Paris de b\u00e9n\u00e9ficier de la subvention \npr\u00e9vue par l'arr\u00eat\u00e9 susvis\u00e9 ; \n \nCONSIDERANT que cette d\u00e9rogation est justifi\u00e9e par un motif d'int\u00e9r\u00eat g\u00e9n\u00e9ral et l'existence de \ncirconstances locales et qu'elle a pour effet de favoriser l'acc\u00e8s aux aides publiques ; \n \nCONSIDERANT que cette d\u00e9rogation ne porte pas atteinte aux int\u00e9r\u00eats de la d\u00e9fense ou \u00e0 la s\u00e9curit\u00e9 des \npersonnes et des biens, ni une atteinte disproportionn\u00e9e aux objectifs poursuivis par les dispositions \nauxquelles il est d\u00e9rog\u00e9 et qu'elle est compatible avec les engagements europ\u00e9ens et internationaux de la \nFrance ; \n \nPr\u00e9fecture de la r\u00e9gion d'Ile-de-France, pr\u00e9fecture de Paris-Secr\u00e9tariat g\u00e9n\u00e9ral aux politiques publiques - IDF-2025-05-05-00008 -\nArr\u00eat\u00e9 2025-129 modifiant l'arr\u00eat\u00e9 n\u00b0 2021-279 du 12 avril 2021 portant attribution de subvention au titre de la dotation de soutien \u00e0\nla r\u00e9novation \u00e9nerg\u00e9tique des b\u00e2timents publics des communes et \u00e9tablissements de coop\u00e9ration intercommunale \u00e0 l'\u00e9tablissement\npublic territorial Vall\u00e9e Sud - Grand Paris pour les travaux de r\u00e9novation \u00e9nerg\u00e9tique et la mise aux normes de s\u00e9curit\u00e9 et\nd'accessibilit\u00e9 de l'Aquapol situ\u00e9 dans la commune de Montrouge.\n43\nT\u00e9l. : 01 82 52 40 00 \n5, rue Leblanc 75911 Paris cedex 15 \n2/2 \n \nA R R \u00ca T E \n \n \nARTICLE 1er : En application du d\u00e9cret n\u00b0  2020-412 du 8 avril 2020, par d\u00e9rogation aux \ndispositions des articles 13 et 14 du d\u00e9cret du 25 juin 2018 susvis\u00e9, le versement \ndu solde de l'op\u00e9ration qui s'est achev\u00e9e le  21 f\u00e9vrier 2024 et dont les pi\u00e8ces ont \n\u00e9t\u00e9 transmises le 11 mars 2025, interviendra \u00e0 notification du pr\u00e9sent arr\u00eat\u00e9.  \n \n \nARTICLE 2 : \n \n \n \nARTICLE 3 : \nLes autres dispositions de l'arr\u00eat\u00e9 susvis\u00e9 demeurent inchang\u00e9es. \n \n \n \nLa p r\u00e9f\u00e8te, secr\u00e9taire g\u00e9n\u00e9ral e aux politiques publiques de la pr\u00e9fecture de la \nr\u00e9gion d'\u00cele -de-France, pr\u00e9fecture de Paris, le pr\u00e9fet de s Hauts -de-Seine et l e \ndirecteur r\u00e9gional des finances publiques d'\u00cele -de-France et de Paris sont charg\u00e9s, \nchacun en ce qui le concerne, de l'ex\u00e9cution du pr\u00e9sent arr\u00eat\u00e9.  \n  \n Fait \u00e0 Paris, le 5 mai 2025 \n \n \n  \nLe Pr\u00e9fet de la r\u00e9gion d'\u00cele-de-France, \nPr\u00e9fet de Paris \n \n \nSign\u00e9 \n \n \nMarc GUILLAUME \n \n \nPr\u00e9fecture de la r\u00e9gion d'Ile-de-France, pr\u00e9fecture de Paris-Secr\u00e9tariat g\u00e9n\u00e9ral aux politiques publiques - IDF-2025-05-05-00008 -\nArr\u00eat\u00e9 2025-129 modifiant l'arr\u00eat\u00e9 n\u00b0 2021-279 du 12 avril 2021 portant attribution de subvention au titre de la dotation de soutien \u00e0\nla r\u00e9novation \u00e9nerg\u00e9tique des b\u00e2timents publics des communes et \u00e9tablissements de coop\u00e9ration intercommunale \u00e0 l'\u00e9tablissement\npublic territorial Vall\u00e9e Sud - Grand Paris pour les travaux de r\u00e9novation \u00e9nerg\u00e9tique et la mise aux normes de s\u00e9curit\u00e9 et\nd'accessibilit\u00e9 de l'Aquapol situ\u00e9 dans la commune de Montrouge.\n44\nPr\u00e9fecture de la r\u00e9gion d'Ile-de-France,\npr\u00e9fecture de Paris-Secr\u00e9tariat g\u00e9n\u00e9ral aux\npolitiques publiques\nIDF-2025-05-05-00009\nArr\u00eat\u00e9 2025-130 modifiant l'arr\u00eat\u00e9 n\u00b0 2021-372\ndu 16 avril 2021 portant attribution de\nsubvention au titre de la dotation de soutien \u00e0 la\nr\u00e9novation \u00e9nerg\u00e9tique des b\u00e2timents publics\ndes communes et \u00e9tablissements de\ncoop\u00e9ration intercommunale \u00e0 la commune de\nl'Ha\u00ff-les-Roses pour le remplacement de\nl'ancienne chaufferie au fioul du gymnase de la\nVall\u00e9e-aux-Renards par une nouvelle installation\nraccord\u00e9e \u00e0 la g\u00e9othermie et au gaz naturel.\nPr\u00e9fecture de la r\u00e9gion d'Ile-de-France, pr\u00e9fecture de Paris-Secr\u00e9tariat g\u00e9n\u00e9ral aux politiques publiques - IDF-2025-05-05-00009 -\nArr\u00eat\u00e9 2025-130 modifiant l'arr\u00eat\u00e9 n\u00b0 2021-372 du 16 avril 2021 portant attribution de subvention au titre de la dotation de soutien \u00e0\nla r\u00e9novation \u00e9nerg\u00e9tique des b\u00e2timents publics des communes et \u00e9tablissements de coop\u00e9ration intercommunale \u00e0 la commune de\nl'Ha\u00ff-les-Roses pour le remplacement de l'ancienne chaufferie au fioul du gymnase de la Vall\u00e9e-aux-Renards par une nouvelle\ninstallation raccord\u00e9e \u00e0 la g\u00e9othermie et au gaz naturel.\n45\nPREFET .DE LA REGIOND'ILE-DE-FRANCELibert\u00e9Egalit\u00e9Fraternit\u00e9\nT\u00e9l. : 01 82 52 40 00 \n5, rue Leblanc 75911 Paris cedex 15 \n1/2 \nSecr\u00e9tariat g\u00e9n\u00e9ral aux politiques publiques \nBureau de la coordination et de l'investissement territorial \nSection de l'investissement territorial \n \n \n               \n \n \n \nA R R E T E  N\u00b0 2025-130 \n \nModifiant l'arr\u00eat\u00e9 n\u00b0 2021-372 du 16 avril 2021 portant attribution de subvention \nau titre de la dotation de soutien \u00e0 la r\u00e9novation \u00e9nerg\u00e9tique des b\u00e2timents publics \ndes communes et \u00e9tablissements de coop\u00e9ration intercommunale \n \n \nLE PR\u00c9FET DE LA R\u00c9GION D'\u00ceLE-DE-FRANCE \n PR\u00c9FET DE PARIS \n COMMANDEUR DE LA L\u00c9GION D'HONNEUR \nOFFICIER DE L'ORDRE NATIONAL DU M\u00c9RITE \n \n \nVU la loi n\u00b0 2025-127 du 14 f\u00e9vrier 2025 de finances pour 2025 ; \n \nVU le d\u00e9cret n\u00b0 2004 -374 du 29 avril 2004 modifi\u00e9 relatif aux pouvoirs des pr\u00e9fets, \u00e0 l'organisation et \u00e0 \nl'action des services de l'Etat dans les r\u00e9gions et d\u00e9partements ; \n \nVU le d\u00e9cret n\u00b0 2018-514 du 25 juin 2018 relatif aux subventions de l'Etat pour des projets \nd'investissement ; \n \nVU le d\u00e9cret n\u00b0 2020-412 du 8 avril 2020 relatif au droit de d\u00e9rogation reconnu au pr\u00e9fet ; \n \nVU l'instruction du 18 novembre 2020 relative au soutien \u00e0 la r\u00e9novation \u00e9nerg\u00e9tique des b\u00e2timents des \ncollectivit\u00e9s territoriales ; \n \nVU l'arr\u00eat\u00e9 n\u00b0 2021-372 du 16 avril 2021 portant attribution d'une subvention d'un montant maximum \npr\u00e9visionnel de 55 200 \u20ac \u00e0 la commune de l'Ha\u00ff-les-Roses pour le remplacement de l'ancienne chaufferie \nau fioul du gymnase de la Vall\u00e9e -aux-Renards par une nouvelle installation raccord\u00e9e \u00e0 la g\u00e9oth ermie et \nau gaz naturel ; \n \nCONSIDERANT le report du d\u00e9lai d'ach\u00e8vement des op\u00e9rations financ\u00e9es  par la DSIL r\u00e9novation \nthermique, la DSID r\u00e9novation thermique et la DRI  au 31 d\u00e9cembre 2024 permettant un versement des \ncr\u00e9dits de paiement jusqu'au 31 d\u00e9cembre 2025 ; \n \nCONSIDERANT  que la commune de l'Ha\u00ff -les-Roses n'a pas pu transmettre l'attestation d'ach\u00e8vement \ndes travaux selon le calendrier pr\u00e9visionnel mentionn\u00e9 \u00e0 l'article 3 de l'arr\u00eat\u00e9 susvis\u00e9 ; \n \nCONSIDERANT qu'il est n\u00e9cessaire de d \u00e9roger aux articles 13 et 14 du d\u00e9cret du 25 juin 2018 pr\u00e9cit\u00e9 \npour permettre  \u00e0 la commune de l'Ha\u00ff -les-Roses de b\u00e9n\u00e9ficier de la subvention pr\u00e9vue par l'arr\u00eat\u00e9  \nsusvis\u00e9 ; \n \nCONSIDERANT que cette d\u00e9rogation est justifi\u00e9e par un motif d'int\u00e9r\u00eat g\u00e9n\u00e9ral et l'existence de \ncirconstances locales et qu'elle a pour effet de favoriser l'acc\u00e8s aux aides publiques ; \n \nCONSIDERANT que cette d\u00e9rogation ne porte pas atteinte aux int\u00e9r\u00eats de la d\u00e9fense ou \u00e0 la s\u00e9curit\u00e9 des \npersonnes et des biens, ni une atteinte disproportionn\u00e9e aux objectifs poursuivis par les dispositions \nauxquelles il est d\u00e9rog\u00e9 et qu'elle est compatible avec les engagements europ\u00e9ens et internationaux de la \nFrance ; \n \n \nPr\u00e9fecture de la r\u00e9gion d'Ile-de-France, pr\u00e9fecture de Paris-Secr\u00e9tariat g\u00e9n\u00e9ral aux politiques publiques - IDF-2025-05-05-00009 -\nArr\u00eat\u00e9 2025-130 modifiant l'arr\u00eat\u00e9 n\u00b0 2021-372 du 16 avril 2021 portant attribution de subvention au titre de la dotation de soutien \u00e0\nla r\u00e9novation \u00e9nerg\u00e9tique des b\u00e2timents publics des communes et \u00e9tablissements de coop\u00e9ration intercommunale \u00e0 la commune de\nl'Ha\u00ff-les-Roses pour le remplacement de l'ancienne chaufferie au fioul du gymnase de la Vall\u00e9e-aux-Renards par une nouvelle\ninstallation raccord\u00e9e \u00e0 la g\u00e9othermie et au gaz naturel.\n46\nT\u00e9l. : 01 82 52 40 00 \n5, rue Leblanc 75911 Paris cedex 15 \n2/2 \n \n \n \nA R R \u00ca T E \n \n \nARTICLE 1er : En application du d\u00e9cret n\u00b0  2020-412 du 8 avril 2020, par d\u00e9rogation aux \ndispositions des articles 13 et 14 du d\u00e9cret du 25 juin 2018 susvis\u00e9, le versement \ndu solde de l'op\u00e9ration qui s'est achev\u00e9e le  31 ao\u00fbt 2021 et dont les pi\u00e8ces ont \u00e9t\u00e9 \ntransmises le 11 mars 2025, interviendra \u00e0 notification du pr\u00e9sent arr\u00eat\u00e9.  \n \n \nARTICLE 2 : \n \n \n \nARTICLE 3 : \nLes autres dispositions de l'arr\u00eat\u00e9 susvis\u00e9 demeurent inchang\u00e9es. \n \n \n \nLa p r\u00e9f\u00e8te, secr\u00e9taire g\u00e9n\u00e9ral e aux politiques publiques de la pr\u00e9fecture de la \nr\u00e9gion d'\u00cele-de-France, pr\u00e9fecture de Paris, le pr\u00e9fet du Val-de-Marne et le directeur \nr\u00e9gional des finances publiques d'\u00cele-de-France et de Paris sont charg\u00e9s, chacun en \nce qui le concerne, de l'ex\u00e9cution du pr\u00e9sent arr\u00eat\u00e9.  \n  \n Fait \u00e0 Paris, le 5 mai 2025 \n \n \n Pour le Pr\u00e9fet de r\u00e9gion et par d\u00e9l\u00e9gation \nLa Pr\u00e9f\u00e8te, Secr\u00e9taire g\u00e9n\u00e9rale aux \npolitiques publiques \n \n \nSign\u00e9 \n \n \nMarie GAUTIER-MALLERAY \n \n \n \n \nPr\u00e9fecture de la r\u00e9gion d'Ile-de-France, pr\u00e9fecture de Paris-Secr\u00e9tariat g\u00e9n\u00e9ral aux politiques publiques - IDF-2025-05-05-00009 -\nArr\u00eat\u00e9 2025-130 modifiant l'arr\u00eat\u00e9 n\u00b0 2021-372 du 16 avril 2021 portant attribution de subvention au titre de la dotation de soutien \u00e0\nla r\u00e9novation \u00e9nerg\u00e9tique des b\u00e2timents publics des communes et \u00e9tablissements de coop\u00e9ration intercommunale \u00e0 la commune de\nl'Ha\u00ff-les-Roses pour le remplacement de l'ancienne chaufferie au fioul du gymnase de la Vall\u00e9e-aux-Renards par une nouvelle\ninstallation raccord\u00e9e \u00e0 la g\u00e9othermie et au gaz naturel.\n47\nPr\u00e9fecture de la r\u00e9gion d'Ile-de-France,\npr\u00e9fecture de Paris-Secr\u00e9tariat g\u00e9n\u00e9ral aux\npolitiques publiques\nIDF-2025-05-05-00010\nArr\u00eat\u00e9 2025-131 Modifiant l'arr\u00eat\u00e9 n\u00b0 2021-370 du\n16 avril 2021 portant attribution de subvention\nau titre de la dotation de soutien \u00e0 la r\u00e9novation\n\u00e9nerg\u00e9tique des b\u00e2timents publics des\ncommunes et \u00e9tablissements de coop\u00e9ration\nintercommunale \u00e0 la commune de\nl'Ha\u00ff-les-Roses pour le remplacement de\nl'ancienne chaufferie au fioul du r\u00e9fectoire du\ngroupe scolaire des Blondeaux par une nouvelle\ninstallation raccord\u00e9e \u00e0 la g\u00e9othermie et au gaz\nnaturel.\nPr\u00e9fecture de la r\u00e9gion d'Ile-de-France, pr\u00e9fecture de Paris-Secr\u00e9tariat g\u00e9n\u00e9ral aux politiques publiques - IDF-2025-05-05-00010 -\nArr\u00eat\u00e9 2025-131 Modifiant l'arr\u00eat\u00e9 n\u00b0 2021-370 du 16 avril 2021 portant attribution de subvention au titre de la dotation de soutien \u00e0 la\nr\u00e9novation \u00e9nerg\u00e9tique des b\u00e2timents publics des communes et \u00e9tablissements de coop\u00e9ration intercommunale \u00e0 la commune de\nl'Ha\u00ff-les-Roses pour le remplacement de l'ancienne chaufferie au fioul du r\u00e9fectoire du groupe scolaire des Blondeaux par une\nnouvelle installation raccord\u00e9e \u00e0 la g\u00e9othermie et au gaz naturel.\n48\nPREFET .DE LA REGIOND'ILE-DE-FRANCELibert\u00e9Egalit\u00e9Fraternit\u00e9\nT\u00e9l. : 01 82 52 40 00 \n5, rue Leblanc 75911 Paris cedex 15 \n1/2 \nSecr\u00e9tariat g\u00e9n\u00e9ral aux politiques publiques \nBureau de la coordination et de l'investissement territorial \nSection de l'investissement territorial \n \n \n               \n \n \n \nA R R E T E  N\u00b0 2025-131 \n \nModifiant l'arr\u00eat\u00e9 n\u00b0 2021-370 du 16 avril 2021 portant attribution de subvention \nau titre de la dotation de soutien \u00e0 la r\u00e9novation \u00e9nerg\u00e9tique des b\u00e2timents publics \ndes communes et \u00e9tablissements de coop\u00e9ration intercommunale \n \n \nLE PR\u00c9FET DE LA R\u00c9GION D'\u00ceLE-DE-FRANCE \n PR\u00c9FET DE PARIS \n COMMANDEUR DE LA L\u00c9GION D'HONNEUR \nOFFICIER DE L'ORDRE NATIONAL DU M\u00c9RITE \n \n \nVU la loi n\u00b0 2025-127 du 14 f\u00e9vrier 2025 de finances pour 2025 ; \n \nVU le d\u00e9cret n\u00b0 2004 -374 du 29 avril 2004 modifi\u00e9 relatif aux pouvoirs des pr\u00e9fets, \u00e0 l'organisation et \u00e0 \nl'action des services de l'Etat dans les r\u00e9gions et d\u00e9partements ; \n \nVU le d\u00e9cret n\u00b0 2018-514 du 25 juin 2018 relatif aux subventions de l'Etat pour des projets \nd'investissement ; \n \nVU le d\u00e9cret n\u00b0 2020-412 du 8 avril 2020 relatif au droit de d\u00e9rogation reconnu au pr\u00e9fet ; \n \nVU l'instruction du 18 novembre 2020 relative au soutien \u00e0 la r\u00e9novation \u00e9nerg\u00e9tique des b\u00e2timents des \ncollectivit\u00e9s territoriales ; \n \nVU l'arr\u00eat\u00e9 n\u00b0 2021-370 du 16 avril 2021 portant attribution d'une subvention d'un montant maximum \npr\u00e9visionnel de 136 000 \u20ac \u00e0 la commune de l'Ha\u00ff-les-Roses pour le remplacement de l'ancienne chaufferie \nau fioul du r\u00e9fectoire du groupe scolaire des Blondeaux par une nouvelle installation raccord\u00e9 e \u00e0 la \ng\u00e9othermie et au gaz naturel ; \n \nCONSIDERANT le report du d\u00e9lai d'ach\u00e8vement des op\u00e9rations financ\u00e9es  par la DSIL r\u00e9novation \nthermique, la DSID r\u00e9novation thermique et la DRI  au 31 d\u00e9cembre 2024 permettant un versement des \ncr\u00e9dits de paiement jusqu'au 31 d\u00e9cembre 2025 ; \n \nCONSIDERANT  que la commune de l'Ha\u00ff -les-Roses n'a pas pu transmettre l'attestation d'ach\u00e8vement \ndes travaux selon le calendrier pr\u00e9visionnel mentionn\u00e9 \u00e0 l'article 3 de l'arr\u00eat\u00e9 susvis\u00e9 ; \n \nCONSIDERANT qu'il est n\u00e9cessaire de d\u00e9roger aux articles 13 et 14 du d\u00e9cret du 25 juin 2018 pr\u00e9cit\u00e9 \npour permettre  \u00e0 la commune de l'Ha\u00ff -les-Roses de b\u00e9n\u00e9ficier de la subvention pr\u00e9vue par l'arr\u00eat\u00e9  \nsusvis\u00e9 ; \n \nCONSIDERANT que cette d\u00e9rogation est justifi\u00e9e par un motif d'int\u00e9r\u00eat g\u00e9n\u00e9ral et l' existence de \ncirconstances locales et qu'elle a pour effet de favoriser l'acc\u00e8s aux aides publiques ; \n \nCONSIDERANT que cette d\u00e9rogation ne porte pas atteinte aux int\u00e9r\u00eats de la d\u00e9fense ou \u00e0 la s\u00e9curit\u00e9 des \npersonnes et des biens, ni une atteinte disproport ionn\u00e9e aux objectifs poursuivis par les dispositions \nauxquelles il est d\u00e9rog\u00e9 et qu'elle est compatible avec les engagements europ\u00e9ens et internationaux de la \nFrance ; \n \n \nPr\u00e9fecture de la r\u00e9gion d'Ile-de-France, pr\u00e9fecture de Paris-Secr\u00e9tariat g\u00e9n\u00e9ral aux politiques publiques - IDF-2025-05-05-00010 -\nArr\u00eat\u00e9 2025-131 Modifiant l'arr\u00eat\u00e9 n\u00b0 2021-370 du 16 avril 2021 portant attribution de subvention au titre de la dotation de soutien \u00e0 la\nr\u00e9novation \u00e9nerg\u00e9tique des b\u00e2timents publics des communes et \u00e9tablissements de coop\u00e9ration intercommunale \u00e0 la commune de\nl'Ha\u00ff-les-Roses pour le remplacement de l'ancienne chaufferie au fioul du r\u00e9fectoire du groupe scolaire des Blondeaux par une\nnouvelle installation raccord\u00e9e \u00e0 la g\u00e9othermie et au gaz naturel.\n49\nT\u00e9l. : 01 82 52 40 00 \n5, rue Leblanc 75911 Paris cedex 15 \n2/2 \n \n \n \nA R R \u00ca T E \n \n \nARTICLE 1er : En application du d\u00e9cret n\u00b0  2020-412 du 8 avril 2020, par d\u00e9rogation aux \ndispositions des articles 13 et 14 du d\u00e9cret du 25 juin 2018 susvis\u00e9, le versement \ndu solde de l'op\u00e9ration qui s'est achev\u00e9e le  15 octobre 2021 et dont les pi\u00e8ces ont \n\u00e9t\u00e9 transmises le 11 mars 2025, interviendra \u00e0 notification du pr\u00e9sent arr\u00eat\u00e9.  \n \n \nARTICLE 2 : \n \n \n \nARTICLE 3 : \nLes autres dispositions de l'arr\u00eat\u00e9 susvis\u00e9 demeurent inchang\u00e9es. \n \n \n \nLa p r\u00e9f\u00e8te, secr\u00e9taire g\u00e9n\u00e9ral e aux politiques publiques de la pr\u00e9fecture de la \nr\u00e9gion d'\u00cele-de-France, pr\u00e9fecture de Paris, le pr\u00e9fet du Val-de-Marne et le directeur \nr\u00e9gional des finances publiques d'\u00cele-de-France et de Paris sont charg\u00e9s, chacun en \nce qui le concerne, de l'ex\u00e9cution du pr\u00e9sent arr\u00eat\u00e9.  \n  \n Fait \u00e0 Paris, le 5 mai 2025 \n \n \n \n Pour le Pr\u00e9fet de r\u00e9gion et par d\u00e9l\u00e9gation \nLa Pr\u00e9f\u00e8te, Secr\u00e9taire g\u00e9n\u00e9rale aux \npolitiques publiques \n \n \nSign\u00e9 \n \n \nMarie GAUTIER-MALLERAY \n \n \nPr\u00e9fecture de la r\u00e9gion d'Ile-de-France, pr\u00e9fecture de Paris-Secr\u00e9tariat g\u00e9n\u00e9ral aux politiques publiques - IDF-2025-05-05-00010 -\nArr\u00eat\u00e9 2025-131 Modifiant l'arr\u00eat\u00e9 n\u00b0 2021-370 du 16 avril 2021 portant attribution de subvention au titre de la dotation de soutien \u00e0 la\nr\u00e9novation \u00e9nerg\u00e9tique des b\u00e2timents publics des communes et \u00e9tablissements de coop\u00e9ration intercommunale \u00e0 la commune de\nl'Ha\u00ff-les-Roses pour le remplacement de l'ancienne chaufferie au fioul du r\u00e9fectoire du groupe scolaire des Blondeaux par une\nnouvelle installation raccord\u00e9e \u00e0 la g\u00e9othermie et au gaz naturel.\n50\nPr\u00e9fecture de la r\u00e9gion d'Ile-de-France,\npr\u00e9fecture de Paris-Secr\u00e9tariat g\u00e9n\u00e9ral aux\npolitiques publiques\nIDF-2025-05-05-00013\nArr\u00eat\u00e9 2025-132 modifiant l'arr\u00eat\u00e9 n\u00b0 2021-125\ndu 31 mars 2021 portant attribution de\nsubvention au titre de la dotation de soutien \u00e0 la\nr\u00e9novation \u00e9nerg\u00e9tique des b\u00e2timents publics\ndes communes et \u00e9tablissements de\ncoop\u00e9ration intercommunale \u00e0 la commune\nd'Enghien-les-Bains pour les travaux de\nr\u00e9novation \u00e9nerg\u00e9tique du centre des arts de la\ncommune (mise en place d'un suivi des\nconsommations du site, remplacement de\nl'\u00e9clairage par un syst\u00e8me de type LED, des\nmenuiseries, du groupe froid, mise en place\nd'une ventilation Hygro B, isolation des murs par\nl'ext\u00e9rieur au niveau de l'auditorium, reprise de\nl'\u00e9tanch\u00e9it\u00e9 des toitures terrasses avec\nsurisolation et r\u00e9fection de la production de\nchaleur).\nPr\u00e9fecture de la r\u00e9gion d'Ile-de-France, pr\u00e9fecture de Paris-Secr\u00e9tariat g\u00e9n\u00e9ral aux politiques publiques - IDF-2025-05-05-00013 -\nArr\u00eat\u00e9 2025-132 modifiant l'arr\u00eat\u00e9 n\u00b0 2021-125 du 31 mars 2021 portant attribution de subvention au titre de la dotation de soutien \u00e0\nla r\u00e9novation \u00e9nerg\u00e9tique des b\u00e2timents publics des communes et \u00e9tablissements de coop\u00e9ration intercommunale \u00e0 la commune\nd'Enghien-les-Bains pour les travaux de r\u00e9novation \u00e9nerg\u00e9tique du centre des arts de la commune (mise en place d'un suivi des\nconsommations du site, remplacement de l'\u00e9clairage par un syst\u00e8me de type LED, des menuiseries, du groupe froid, mise en place\nd'une ventilation Hygro B, isolation des murs par l'ext\u00e9rieur au niveau de l'auditorium, reprise de l'\u00e9tanch\u00e9it\u00e9 des toitures terrasses\navec surisolation et r\u00e9fection de la production de chaleur).\n51\nPREFET |DE LA REGIOND'ILE-DE-FRANCELibert\u00e9Egalit\u00e9Fraternit\u00e9\nT\u00e9l. : 01 82 52 40 00 \n5, rue Leblanc 75911 Paris cedex 15 \n1/2 \nSecr\u00e9tariat g\u00e9n\u00e9ral aux politiques publiques \nBureau de la coordination et de l'investissement territorial \nSection de l'investissement territorial \n \n \n               \n \n \n \nA R R E T E  N\u00b0 2025-132 \n \nModifiant l'arr\u00eat\u00e9 n\u00b0 2021-125 du 31 mars 2021 portant attribution de subvention \nau titre de la dotation de soutien \u00e0 la r\u00e9novation \u00e9nerg\u00e9tique des b\u00e2timents publics \ndes communes et \u00e9tablissements de coop\u00e9ration intercommunale \n \n \nLE PR\u00c9FET DE LA R\u00c9GION D'\u00ceLE-DE-FRANCE \n PR\u00c9FET DE PARIS \n COMMANDEUR DE LA L\u00c9GION D'HONNEUR \nOFFICIER DE L'ORDRE NATIONAL DU M\u00c9RITE \n \n \nVU la loi n\u00b0 2025-127 du 14 f\u00e9vrier 2025 de finances pour 2025 ; \n \nVU le d\u00e9cret n\u00b0 2004 -374 du 29 avril 2004 modifi\u00e9 relatif aux pouvoirs des pr\u00e9fets, \u00e0 l'organisation et \u00e0 \nl'action des services de l'Etat dans les r\u00e9gions et d\u00e9partements ; \n \nVU le d\u00e9cret n\u00b0 2018-514 du 25 juin 2018 relatif aux subventions de l'Etat pour des projets \nd'investissement ; \n \nVU le d\u00e9cret n\u00b0 2020-412 du 8 avril 2020 relatif au droit de d\u00e9rogation reconnu au pr\u00e9fet ; \n \nVU l'instruction du 18 novembre 2020 relative au soutien \u00e0 la r\u00e9novation \u00e9nerg\u00e9tique des b\u00e2timents des \ncollectivit\u00e9s territoriales ; \n \nVU l'arr\u00eat\u00e9 n\u00b0 2021-125 du 31 mars  2021 portant attribution d'une subvention d'un montant maximum \npr\u00e9visionnel de 263 135 \u20ac \u00e0 la commune d'Enghien-les-Bains pour les travaux de r\u00e9novation \u00e9nerg\u00e9tique \ndu centre des arts de la commune (mise en place d'un suivi des consommations du site, remplacement de \nl'\u00e9clairage par un syst\u00e8me de type LED, des menuiseries, du groupe froid, mise en place d'une ventilation \nHygro B, isolation des murs par l'ext\u00e9rieur au niveau de l'auditorium, reprise de l'\u00e9tanch\u00e9it\u00e9 des toitures \nterrasses avec surisolation et r\u00e9fection de la production de chaleur) ; \n \nCONSIDERANT le report du d\u00e9lai d'ach\u00e8vement des op\u00e9rations financ\u00e9es  par la DSIL r\u00e9novation \nthermique, la DSID r\u00e9novation thermique et la DRI  au 31 d\u00e9cembre 2024 permettant un versement des \ncr\u00e9dits de paiement jusqu'au 31 d\u00e9cembre 2025 ; \n \nCONSIDERANT  que la commune d'Enghien-les-Bains n'a pas pu transmettre l'attestation d'ach\u00e8vement \ndes travaux selon le calendrier pr\u00e9visionnel mentionn\u00e9 \u00e0 l'article 3 de l'arr\u00eat\u00e9 susvis\u00e9 ; \n \nCONSIDERANT qu'il est n\u00e9cessaire de d\u00e9roger aux articles 13 et 14 du d\u00e9cret du 25 juin 2018 pr\u00e9cit\u00e9 \npour permettre  \u00e0 la commune d'Enghien-les-Bains de b\u00e9n\u00e9ficier de la subvention pr\u00e9vue par l'arr\u00eat\u00e9  \nsusvis\u00e9 ; \n \nCONSIDERANT que cette d\u00e9rogation est justifi\u00e9e par un motif d'int\u00e9r\u00eat g\u00e9n\u00e9ral et l'existence de \ncirconstances locales et qu'elle a pour effet de favoriser l'acc\u00e8s aux aides publiques ; \n \nCONSIDERANT que cette d\u00e9rogation ne porte pas atteinte aux int\u00e9r\u00eats de la d\u00e9fense ou \u00e0 la s\u00e9curit\u00e9 des \npersonnes et des biens, ni une atteinte disproportionn\u00e9e aux objectifs poursuivis par les dispositions \nauxquelles il est d\u00e9rog\u00e9 et qu'elle est compatible avec les engagements europ\u00e9ens et internationaux de la \nFrance ; \nPr\u00e9fecture de la r\u00e9gion d'Ile-de-France, pr\u00e9fecture de Paris-Secr\u00e9tariat g\u00e9n\u00e9ral aux politiques publiques - IDF-2025-05-05-00013 -\nArr\u00eat\u00e9 2025-132 modifiant l'arr\u00eat\u00e9 n\u00b0 2021-125 du 31 mars 2021 portant attribution de subvention au titre de la dotation de soutien \u00e0\nla r\u00e9novation \u00e9nerg\u00e9tique des b\u00e2timents publics des communes et \u00e9tablissements de coop\u00e9ration intercommunale \u00e0 la commune\nd'Enghien-les-Bains pour les travaux de r\u00e9novation \u00e9nerg\u00e9tique du centre des arts de la commune (mise en place d'un suivi des\nconsommations du site, remplacement de l'\u00e9clairage par un syst\u00e8me de type LED, des menuiseries, du groupe froid, mise en place\nd'une ventilation Hygro B, isolation des murs par l'ext\u00e9rieur au niveau de l'auditorium, reprise de l'\u00e9tanch\u00e9it\u00e9 des toitures terrasses\navec surisolation et r\u00e9fection de la production de chaleur).\n52\nT\u00e9l. : 01 82 52 40 00 \n5, rue Leblanc 75911 Paris cedex 15 \n2/2 \n \n \n \n \n \nA R R \u00ca T E \n \n \nARTICLE 1er : En application du d\u00e9cret n\u00b0  2020-412 du 8 avril 2020, par d\u00e9rogation aux \ndispositions des articles 13 et 14 du d\u00e9cret du 25 juin 2018 susvis\u00e9, le versement \ndu solde de l'op\u00e9ration qui s'est achev\u00e9e le 8 novembre 2023 et dont les pi\u00e8ces ont \n\u00e9t\u00e9 transmises le 18 d\u00e9cembre 2023, interviendra \u00e0 notification du pr\u00e9sent arr\u00eat\u00e9.  \n \n \nARTICLE 2 : \n \n \n \nARTICLE 3 : \nLes autres dispositions de l'arr\u00eat\u00e9 susvis\u00e9 demeurent inchang\u00e9es. \n \n \n \nLa p r\u00e9f\u00e8te, secr\u00e9taire g\u00e9n\u00e9ral e aux politiques publiques de la pr\u00e9fecture de la \nr\u00e9gion d'\u00cele-de-France, pr\u00e9fecture de Paris, le pr\u00e9fet du Val d'Oise  et l e directeur \nr\u00e9gional des finances publiques d'\u00cele-de-France et de Paris sont charg\u00e9s, chacun en \nce qui le concerne, de l'ex\u00e9cution du pr\u00e9sent arr\u00eat\u00e9.  \n  \nFait \u00e0 Paris, le 5 mai 2025 \n \n \n Pour le Pr\u00e9fet de r\u00e9gion et par d\u00e9l\u00e9gation \nLa Pr\u00e9f\u00e8te, Secr\u00e9taire g\u00e9n\u00e9rale aux \npolitiques publiques \n \n \nSign\u00e9 \n \n \nMarie GAUTIER-MALLERAY \n \n \n \n \n \nPr\u00e9fecture de la r\u00e9gion d'Ile-de-France, pr\u00e9fecture de Paris-Secr\u00e9tariat g\u00e9n\u00e9ral aux politiques publiques - IDF-2025-05-05-00013 -\nArr\u00eat\u00e9 2025-132 modifiant l'arr\u00eat\u00e9 n\u00b0 2021-125 du 31 mars 2021 portant attribution de subvention au titre de la dotation de soutien \u00e0\nla r\u00e9novation \u00e9nerg\u00e9tique des b\u00e2timents publics des communes et \u00e9tablissements de coop\u00e9ration intercommunale \u00e0 la commune\nd'Enghien-les-Bains pour les travaux de r\u00e9novation \u00e9nerg\u00e9tique du centre des arts de la commune (mise en place d'un suivi des\nconsommations du site, remplacement de l'\u00e9clairage par un syst\u00e8me de type LED, des menuiseries, du groupe froid, mise en place\nd'une ventilation Hygro B, isolation des murs par l'ext\u00e9rieur au niveau de l'auditorium, reprise de l'\u00e9tanch\u00e9it\u00e9 des toitures terrasses\navec surisolation et r\u00e9fection de la production de chaleur).\n53\nPr\u00e9fecture de la r\u00e9gion d'Ile-de-France,\npr\u00e9fecture de Paris-Secr\u00e9tariat g\u00e9n\u00e9ral aux\npolitiques publiques\nIDF-2025-05-05-00015\nArr\u00eat\u00e9 2025-133 modifiant l'arr\u00eat\u00e9 n\u00b0 2021-586\ndu 2 ao\u00fbt 2021 portant attribution de\nsubvention au titre de la dotation de soutien \u00e0 la\nr\u00e9novation \u00e9nerg\u00e9tique des b\u00e2timents publics\ndes communes et \u00e9tablissements de\ncoop\u00e9ration intercommunale EUR  \u00e0 la\ncommune d'Argenteuil pour les travaux de\nremplacement des menuiseries existantes des\nfen\u00eatres, baies vitr\u00e9es et portes par des\nmenuiseries plus performantes au sein des sept\nb\u00e2timents communaux suivants : l'\u00e9cole\nmaternelle Orgemont, l'espace Mandela, le\ngymnase des Ch\u00e2taigniers, le centre de\nprotection maternelle et infantile (PMI), le\nconservatoire de musique, l'\u00e9cole primaire\nCarnot et l'\u00e9cole de la 2\u00e8me chance.\nPr\u00e9fecture de la r\u00e9gion d'Ile-de-France, pr\u00e9fecture de Paris-Secr\u00e9tariat g\u00e9n\u00e9ral aux politiques publiques - IDF-2025-05-05-00015 -\nArr\u00eat\u00e9 2025-133 modifiant l'arr\u00eat\u00e9 n\u00b0 2021-586 du 2 ao\u00fbt 2021 portant attribution de subvention au titre de la dotation de soutien \u00e0 la\nr\u00e9novation \u00e9nerg\u00e9tique des b\u00e2timents publics des communes et \u00e9tablissements de coop\u00e9ration intercommunale EUR  \u00e0 la commune\nd'Argenteuil pour les travaux de remplacement des menuiseries existantes des fen\u00eatres, baies vitr\u00e9es et portes par des menuiseries\nplus performantes au sein des sept b\u00e2timents communaux suivants : l'\u00e9cole maternelle Orgemont, l'espace Mandela, le gymnase des\nCh\u00e2taigniers, le centre de protection maternelle et infantile (PMI), le conservatoire de musique, l'\u00e9cole primaire Carnot et l'\u00e9cole de la\n2\u00e8me chance.\n54\nPREFET |DE LA REGIOND'ILE-DE-FRANCELibert\u00e9Egalit\u00e9Fraternit\u00e9\nT\u00e9l. : 01 82 52 40 00 \n5, rue Leblanc 75911 Paris cedex 15 \n1/2 \nSecr\u00e9tariat g\u00e9n\u00e9ral aux politiques publiques \nBureau de la coordination et de l'investissement territorial \nSection de l'investissement territorial \n \n \n               \n \n \n \nA R R E T E  N\u00b0 2025-133 \n \nModifiant l'arr\u00eat\u00e9 n\u00b0 2021-586 du 2 ao\u00fbt 2021 portant attribution de subvention \nau titre de la dotation de soutien \u00e0 la r\u00e9novation \u00e9nerg\u00e9tique des b\u00e2timents publics \ndes communes et \u00e9tablissements de coop\u00e9ration intercommunale \n \n \nLE PR\u00c9FET DE LA R\u00c9GION D'\u00ceLE-DE-FRANCE \n PR\u00c9FET DE PARIS \n COMMANDEUR DE LA L\u00c9GION D'HONNEUR \nOFFICIER DE L'ORDRE NATIONAL DU M\u00c9RITE \n \n \nVU la loi n\u00b0 2025-127 du 14 f\u00e9vrier 2025 de finances pour 2025 ; \n \nVU le d\u00e9cret n\u00b0 2004 -374 du 29 avril 2004 modifi\u00e9 relatif aux pouvoirs des pr\u00e9fets, \u00e0 l'organisation et \u00e0 \nl'action des services de l'Etat dans les r\u00e9gions et d\u00e9partements ; \n \nVU le d\u00e9cret n\u00b0 2018-514 du 25 juin 2018 relatif aux subventions de l'Etat pour des projets \nd'investissement ; \n \nVU le d\u00e9cret n\u00b0 2020-412 du 8 avril 2020 relatif au droit de d\u00e9rogation reconnu au pr\u00e9fet ; \n \nVU l'instruction du 18 novembre 2020 relative au soutien \u00e0 la r\u00e9novation \u00e9nerg\u00e9tique des b\u00e2timents des \ncollectivit\u00e9s territoriales ; \n \nVU l'arr\u00eat\u00e9 n\u00b0 2021-586 du 2 ao\u00fbt  2021 portant attribution d'une subvention d'un montant maximum \npr\u00e9visionnel de 508 598 \u20ac  \u00e0 la commune d'Argenteuil pour les travaux de remplacement des menuiseries \nexistantes des fen\u00eatres, baies vitr\u00e9es et portes par des menuiseries plus performantes au sein d es sept \nb\u00e2timents communaux suivants : l'\u00e9cole maternelle Orgemont, l'espace Mandela, le gymnase des \nCh\u00e2taigniers, le centre de protection maternelle et infantile (PMI), le conservatoire de musique, l'\u00e9cole \nprimaire Carnot et l'\u00e9cole de la 2\u00e8me chance. ; \n \nCONSIDERANT le report du d\u00e9lai d'ach\u00e8vement des op\u00e9rations financ\u00e9es  par la DSIL r\u00e9novation \nthermique, la DSID r\u00e9novation thermique et la DRI  au 31 d\u00e9cembre 2024 permettant un versement des \ncr\u00e9dits de paiement jusqu'au 31 d\u00e9cembre 2025 ; \n \nCONSIDERANT  que la commune d'Argenteuil n'a pas pu transmettre l'attestation d'ach\u00e8vement des \ntravaux selon le calendrier pr\u00e9visionnel mentionn\u00e9 \u00e0 l'article 3 de l'arr\u00eat\u00e9 susvis\u00e9 ; \n \nCONSIDERANT qu'il est n\u00e9cessaire de d\u00e9roger aux articles 13 et 14 du d\u00e9cret du 25 juin 2018 pr\u00e9cit\u00e9 \npour permettre \u00e0 la commune d'Argenteuil de b\u00e9n\u00e9ficier de la subvention pr\u00e9vue par l'arr\u00eat\u00e9 susvis\u00e9 ; \n \nCONSIDERANT que cette d\u00e9rogation est justifi\u00e9e par un motif d'int\u00e9r\u00eat g\u00e9n\u00e9ral et l'existence de \ncirconstances locales et qu'elle a pour effet de favoriser l'acc\u00e8s aux aides publiques ; \n \nCONSIDERANT que cette d\u00e9rogation ne porte pas atteinte aux int\u00e9r\u00eats de la d\u00e9fense ou \u00e0 la s\u00e9curit\u00e9 des \npersonnes et des biens, ni une atteinte disproportionn\u00e9e aux objectifs poursuivis par les dispositions \nauxquelles il est d\u00e9rog\u00e9 et qu'elle est compatible avec les engagements europ\u00e9ens et internationaux de la \nFrance ; \n \nPr\u00e9fecture de la r\u00e9gion d'Ile-de-France, pr\u00e9fecture de Paris-Secr\u00e9tariat g\u00e9n\u00e9ral aux politiques publiques - IDF-2025-05-05-00015 -\nArr\u00eat\u00e9 2025-133 modifiant l'arr\u00eat\u00e9 n\u00b0 2021-586 du 2 ao\u00fbt 2021 portant attribution de subvention au titre de la dotation de soutien \u00e0 la\nr\u00e9novation \u00e9nerg\u00e9tique des b\u00e2timents publics des communes et \u00e9tablissements de coop\u00e9ration intercommunale EUR  \u00e0 la commune\nd'Argenteuil pour les travaux de remplacement des menuiseries existantes des fen\u00eatres, baies vitr\u00e9es et portes par des menuiseries\nplus performantes au sein des sept b\u00e2timents communaux suivants : l'\u00e9cole maternelle Orgemont, l'espace Mandela, le gymnase des\nCh\u00e2taigniers, le centre de protection maternelle et infantile (PMI), le conservatoire de musique, l'\u00e9cole primaire Carnot et l'\u00e9cole de la\n2\u00e8me chance.\n55\nT\u00e9l. : 01 82 52 40 00 \n5, rue Leblanc 75911 Paris cedex 15 \n2/2 \n \n \n \n \nA R R \u00ca T E \n \n \nARTICLE 1er : En application du d\u00e9cret n\u00b0  2020-412 du 8 avril 2020, par d\u00e9rogation aux \ndispositions des articles 13 et 14 du d\u00e9cret du 25 juin 2018 susvis\u00e9, le versement \ndu solde de l'op\u00e9ration qui s'est achev\u00e9e le 28 juillet 2023 et dont les pi\u00e8ces ont \u00e9t\u00e9 \ntransmises le 7 mars 2025, interviendra \u00e0 notification du pr\u00e9sent arr\u00eat\u00e9.  \n \n \nARTICLE 2 : \n \n \n \nARTICLE 3 : \nLes autres dispositions de l'arr\u00eat\u00e9 susvis\u00e9 demeurent inchang\u00e9es. \n \n \n \nLa p r\u00e9f\u00e8te, secr\u00e9taire g\u00e9n\u00e9ral e aux politiques publiques de la pr\u00e9fecture de la \nr\u00e9gion d'\u00cele-de-France, pr\u00e9fecture de Paris, le pr\u00e9fet du Val d'Oise et l e directeur \nr\u00e9gional des finances publiques d'\u00cele-de-France et de Paris sont charg\u00e9s, chacun en \nce qui le concerne, de l'ex\u00e9cution du pr\u00e9sent arr\u00eat\u00e9.  \n  \n Fait \u00e0 Paris, le 5 mai 2025 \n \n \n Pour le Pr\u00e9fet de r\u00e9gion et par d\u00e9l\u00e9gation \nLa Pr\u00e9f\u00e8te, Secr\u00e9taire g\u00e9n\u00e9rale aux \npolitiques publiques \n \n \nSign\u00e9 \n \n \nMarie GAUTIER-MALLERAY \n \n \n \n \n \nPr\u00e9fecture de la r\u00e9gion d'Ile-de-France, pr\u00e9fecture de Paris-Secr\u00e9tariat g\u00e9n\u00e9ral aux politiques publiques - IDF-2025-05-05-00015 -\nArr\u00eat\u00e9 2025-133 modifiant l'arr\u00eat\u00e9 n\u00b0 2021-586 du 2 ao\u00fbt 2021 portant attribution de subvention au titre de la dotation de soutien \u00e0 la\nr\u00e9novation \u00e9nerg\u00e9tique des b\u00e2timents publics des communes et \u00e9tablissements de coop\u00e9ration intercommunale EUR  \u00e0 la commune\nd'Argenteuil pour les travaux de remplacement des menuiseries existantes des fen\u00eatres, baies vitr\u00e9es et portes par des menuiseries\nplus performantes au sein des sept b\u00e2timents communaux suivants : l'\u00e9cole maternelle Orgemont, l'espace Mandela, le gymnase des\nCh\u00e2taigniers, le centre de protection maternelle et infantile (PMI), le conservatoire de musique, l'\u00e9cole primaire Carnot et l'\u00e9cole de la\n2\u00e8me chance.\n56\nPr\u00e9fecture de la r\u00e9gion d'Ile-de-France,\npr\u00e9fecture de Paris-Secr\u00e9tariat g\u00e9n\u00e9ral aux\npolitiques publiques\nIDF-2025-05-05-00014\nArr\u00eat\u00e9 2025-137 modifiant l'arr\u00eat\u00e9 n\u00b0 2021-282\ndu 12 avril 2021 portant attribution de\nsubvention au titre de la dotation de soutien \u00e0 la\nr\u00e9novation \u00e9nerg\u00e9tique des b\u00e2timents publics\ndes communes et \u00e9tablissements de\ncoop\u00e9ration intercommunale \u00e0 la commune de\nMalakoff pour les travaux de r\u00e9novation\nthermique, de r\u00e9am\u00e9nagement et de mise aux\nnormes d'accessibilit\u00e9 aux personnes \u00e0 mobilit\u00e9\nr\u00e9duite de la cr\u00e8che Paul Vaillant-Couturier.\nPr\u00e9fecture de la r\u00e9gion d'Ile-de-France, pr\u00e9fecture de Paris-Secr\u00e9tariat g\u00e9n\u00e9ral aux politiques publiques - IDF-2025-05-05-00014 -\nArr\u00eat\u00e9 2025-137 modifiant l'arr\u00eat\u00e9 n\u00b0 2021-282 du 12 avril 2021 portant attribution de subvention au titre de la dotation de soutien \u00e0\nla r\u00e9novation \u00e9nerg\u00e9tique des b\u00e2timents publics des communes et \u00e9tablissements de coop\u00e9ration intercommunale \u00e0 la commune de\nMalakoff pour les travaux de r\u00e9novation thermique, de r\u00e9am\u00e9nagement et de mise aux normes d'accessibilit\u00e9 aux personnes \u00e0\nmobilit\u00e9 r\u00e9duite de la cr\u00e8che Paul Vaillant-Couturier.\n57\nPREFET .DE LA REGIOND'ILE-DE-FRANCELibert\u00e9Egalit\u00e9Fraternit\u00e9\nT\u00e9l. : 01 82 52 40 00 \n5, rue Leblanc 75911 Paris cedex 15 \n1/2 \nSecr\u00e9tariat g\u00e9n\u00e9ral aux politiques publiques \nBureau de la coordination et de l'investissement territorial \nSection de l'investissement territorial \n \n \n               \n \n \n \nA R R E T E  N\u00b0 2025-137 \n \nModifiant l'arr\u00eat\u00e9 n\u00b0 2021-282 du 12 avril 2021 portant attribution de subvention \nau titre de la dotation de soutien \u00e0 la r\u00e9novation \u00e9nerg\u00e9tique des b\u00e2timents publics \ndes communes et \u00e9tablissements de coop\u00e9ration intercommunale \n \n \nLE PR\u00c9FET DE LA R\u00c9GION D'\u00ceLE-DE-FRANCE \n PR\u00c9FET DE PARIS \n COMMANDEUR DE LA L\u00c9GION D'HONNEUR \nOFFICIER DE L'ORDRE NATIONAL DU M\u00c9RITE \n \n \nVU la loi n\u00b0 2025-127 du 14 f\u00e9vrier 2025 de finances pour 2025 ; \n \nVU le d\u00e9cret n\u00b0 2004 -374 du 29 avril 2004 modifi\u00e9 relatif aux pouvoirs des pr\u00e9fets, \u00e0 l'organisation et \u00e0 \nl'action des services de l'Etat dans les r\u00e9gions et d\u00e9partements ; \n \nVU le d\u00e9cret n\u00b0 2018-514 du 25 juin 2018 relatif aux subventions de l'Etat pour des projets \nd'investissement ; \n \nVU le d\u00e9cret n\u00b0 2020-412 du 8 avril 2020 relatif au droit de d\u00e9rogation reconnu au pr\u00e9fet ; \n \nVU l'instruction du 18 novembre 2020 relative au soutien \u00e0 la r\u00e9novation \u00e9nerg\u00e9tique des b\u00e2timents des \ncollectivit\u00e9s territoriales ; \n \nVU l'arr\u00eat\u00e9 n\u00b0 2021-282 du 12  avril 2021 portant attribution d'une subvention d'un montant maximum \npr\u00e9visionnel de 387 781 \u20ac \u00e0 la commune de Malakoff pour les travaux de r\u00e9novation thermique, de \nr\u00e9am\u00e9nagement et de mise aux normes d'accessibilit\u00e9 aux personnes \u00e0 mobilit\u00e9 r\u00e9duite de la cr\u00e8che Paul \nVaillant-Couturier ; \n \nCONSIDERANT le report du d\u00e9lai d'ach\u00e8vement des op\u00e9rations financ\u00e9es  par la DSIL r\u00e9novation \nthermique, la DSID r\u00e9novation thermique et la DRI  au 31 d\u00e9cembre 2024 permettant un versement des \ncr\u00e9dits de paiement jusqu'au 31 d\u00e9cembre 2025 ; \n \nCONSIDERANT  que la commune de Malakoff n'a pas pu transmettre l'attestation d'ach\u00e8vement des \ntravaux selon le calendrier pr\u00e9visionnel mentionn\u00e9 \u00e0 l'article 3 de l'arr\u00eat\u00e9 susvis\u00e9 ; \n \nCONSIDERANT qu'il est n\u00e9cessaire de d\u00e9roger aux articles 13 et 14 du d\u00e9cret du 25 juin 2018 pr\u00e9cit\u00e9 \npour permettre \u00e0 la commune de Malakoff de b\u00e9n\u00e9ficier de la subvention pr\u00e9vue par l'arr\u00eat\u00e9 susvis\u00e9 ; \n \nCONSIDERANT que cette d\u00e9rogation est justifi\u00e9e par un motif d'int\u00e9r\u00eat g\u00e9n\u00e9ral et l'existence de \ncirconstances locales et qu'elle a pour effet de favoriser l'acc\u00e8s aux aides publiques ; \n \nCONSIDERANT que cette d\u00e9rogation ne porte pas atteinte aux int\u00e9r\u00eats de la d\u00e9fense ou \u00e0 la s\u00e9curit\u00e9 des \npersonnes et des biens, ni une atteinte disproportionn\u00e9e aux obje ctifs poursuivis par les dispositions \nauxquelles il est d\u00e9rog\u00e9 et qu'elle est compatible avec les engagements europ\u00e9ens et internationaux de la \nFrance ; \n \n \n \nPr\u00e9fecture de la r\u00e9gion d'Ile-de-France, pr\u00e9fecture de Paris-Secr\u00e9tariat g\u00e9n\u00e9ral aux politiques publiques - IDF-2025-05-05-00014 -\nArr\u00eat\u00e9 2025-137 modifiant l'arr\u00eat\u00e9 n\u00b0 2021-282 du 12 avril 2021 portant attribution de subvention au titre de la dotation de soutien \u00e0\nla r\u00e9novation \u00e9nerg\u00e9tique des b\u00e2timents publics des communes et \u00e9tablissements de coop\u00e9ration intercommunale \u00e0 la commune de\nMalakoff pour les travaux de r\u00e9novation thermique, de r\u00e9am\u00e9nagement et de mise aux normes d'accessibilit\u00e9 aux personnes \u00e0\nmobilit\u00e9 r\u00e9duite de la cr\u00e8che Paul Vaillant-Couturier.\n58\nT\u00e9l. : 01 82 52 40 00 \n5, rue Leblanc 75911 Paris cedex 15 \n2/2 \n \n \nA R R \u00ca T E \n \n \nARTICLE 1er : En application du d\u00e9cret n\u00b0  2020-412 du 8 avril 2020, par d\u00e9rogation aux \ndispositions des articles 13 et 14 du d\u00e9cret du 25 juin 2018 susvis\u00e9, le versement \ndu solde de l'op\u00e9ration qui s'est achev\u00e9e le  26 juin 2023 et dont les pi\u00e8ces ont \u00e9t\u00e9 \ntransmises le 26 mars 2025, interviendra \u00e0 notification du pr\u00e9sent arr\u00eat\u00e9.  \n \n \nARTICLE 2 : \n \n \n \nARTICLE 3 : \nLes autres dispositions de l'arr\u00eat\u00e9 susvis\u00e9 demeurent inchang\u00e9es. \n \n \n \nLa p r\u00e9f\u00e8te, secr\u00e9taire g\u00e9n\u00e9ral e aux politiques publiques de la pr\u00e9fecture de la \nr\u00e9gion d'\u00cele -de-France, pr\u00e9fecture de Paris, le pr\u00e9fet d es Hauts -de-Seine et l e \ndirecteur r\u00e9gional des finances publiques d'\u00cele -de-France et de Paris sont charg\u00e9s, \nchacun en ce qui le concerne, de l'ex\u00e9cution du pr\u00e9sent arr\u00eat\u00e9.  \n  \n Fait \u00e0 Paris, le 5 mai 2025 \n \n \n Pour le Pr\u00e9fet de r\u00e9gion et par d\u00e9l\u00e9gation \nLa Pr\u00e9f\u00e8te, Secr\u00e9taire g\u00e9n\u00e9rale aux \npolitiques publiques \n \n \nSign\u00e9 \n \n \nMarie GAUTIER-MALLERAY \n \n \n \n \n \n \nPr\u00e9fecture de la r\u00e9gion d'Ile-de-France, pr\u00e9fecture de Paris-Secr\u00e9tariat g\u00e9n\u00e9ral aux politiques publiques - IDF-2025-05-05-00014 -\nArr\u00eat\u00e9 2025-137 modifiant l'arr\u00eat\u00e9 n\u00b0 2021-282 du 12 avril 2021 portant attribution de subvention au titre de la dotation de soutien \u00e0\nla r\u00e9novation \u00e9nerg\u00e9tique des b\u00e2timents publics des communes et \u00e9tablissements de coop\u00e9ration intercommunale \u00e0 la commune de\nMalakoff pour les travaux de r\u00e9novation thermique, de r\u00e9am\u00e9nagement et de mise aux normes d'accessibilit\u00e9 aux personnes \u00e0\nmobilit\u00e9 r\u00e9duite de la cr\u00e8che Paul Vaillant-Couturier.\n59","date":"2025-05-13","first_seen_on":"2025-05-13T16:39:25+00:00","id":"1ee219f838b32c216e218d66c7c849971230b6e8a4b46ead67e30f29f437f177","name":"recueil-idf-018-2025-05-recueil-des-actes-administratifs-special du 13.05.2025","pdf_creation_date":"2025-05-13T14:59:32+00:00","pdf_modification_date":null,"timezone":"Europe/Paris","url":"https://www.prefectures-regions.gouv.fr/ile-de-france/irecontenu/telechargement/127625/941688/file/recueil-idf-018-2025-05-recueil-des-actes-administratifs-special%20du%2013.05.2025.pdf"}
