{"administration":"pref83","administration_name":"Pr\u00e9fecture du Var","content":"VAR\nRECUEIL DES ACTES\nADMINISTRATIFS\nN\u00b083-2024-141\nPUBLI\u00c9 LE 17 JUIN 2024\nSommaire\nDirection d\u00e9partementale de l'emploi, du travail et des solidarit\u00e9s du Var /\nDirection de la DDETS\n83-2024-06-06-00009 - 392-2024-recepisse modificative\nCHRONOMICRO-MARTINEAU LUC et CHRISTINE du 06062024 (1 page) Page 3\n83-2024-06-06-00011 - 394-2024-recepisse declaration ROMANET\nAMANDINE du 06062024 (1 page) Page 5\n83-2024-06-11-00008 - 399-2024-recepisse declaration PESENTI YANNICK\ndu 11062024 (1 page) Page 7\n83-2024-06-12-00014 - 401-2024-recepisse declaration modificative DIALLO\nSERVICES du 120624 (2 pages) Page 9\n83-2024-06-12-00015 - 402-2024-recepisse declaration SOARES DE ALMEIDA\nBRUNA du 120624 (1 page) Page 12\n83-2024-05-28-00010 - Arr\u00eate pr\u00e9fectoral modificatif en date du 28 mai\n2024 (21 pages) Page 14\n83-2024-05-28-00009 - ArretemodifCDG 01 02 2024 (003)2-1 (21 pages) Page 36\n83-2024-06-04-00015 - projet - arr\u00eate pr\u00e9fectoral portant composition du\ncomit\u00e9 op\u00e9rationnel d\u00e9partemental anti fraude du var CODAF (5 pages) Page 58\nDirection d\u00e9partementale des territoires et de la mer du Var / Service habitat\nr\u00e9novation urbaine de la DDTM\n83-2024-06-17-00001 - Arr\u00eat\u00e9 pr\u00e9fectoral DDTM/SHRU n\u00b0 2024-57 du 17 juin\n2024 autorisant l'exercice du droit de pr\u00e9emption urbain par la m\u00e9tropole\nToulon Provence M\u00e9diterran\u00e9e, pour l'acquisition d'un bien sis 82 rue Jean\nZay sur la commune du Pradet en application de l'article L.210-1 du code de\nl'urbanisme. (3 pages) Page 64\nPr\u00e9fecture du VAR / Direction de la citoyennet\u00e9 et de la l\u00e9galit\u00e9\n83-2024-06-17-00002 - ARR\u00caTE N\u00b0DCL/BERG/183 DU 17 JUIN 2024 FIXANT\nLA LISTE DES CANDIDATS POUR LE 1er TOUR DE SCRUTIN DE CHAQUE\nCIRCONSCRIPTION L\u00c9GISLATIVE DU D\u00c9PARTEMENT DU VAR POUR\nL\u25a1\u00c9LECTION DES D\u00c9PUT\u00c9S A L\u25a1ASSEMBL\u00c9E NATIONALE SCRUTIN DES 30\nJUIN ET 7 JUILLET 2024 (12 pages) Page 68\nPr\u00e9fecture du VAR / Direction de la coordination des politiques publiques et\nde l'appui territorial\n83-2024-06-10-00061 - ARR\u00caT\u00c9 PR\u00c9FECTORAL du 10 juin 2024\nportant\nmodification de la composition nominative de la formation sp\u00e9cialis\u00e9e         \n\u00ab publicit\u00e9 \u00bb de la commission d\u00e9partementale\nde la nature, des paysages\net des sites du Var. (4 pages) Page 81\n2\nDirection d\u00e9partementale de l'emploi, du travail\net des solidarit\u00e9s du Var\n83-2024-06-06-00009\n392-2024-recepisse modificative\nCHRONOMICRO-MARTINEAU LUC et CHRISTINE\ndu 06062024\nDirection d\u00e9partementale de l'emploi, du travail et des solidarit\u00e9s du Var - 83-2024-06-06-00009 - 392-2024-recepisse modificative\nCHRONOMICRO-MARTINEAU LUC et CHRISTINE du 06062024 3\nR\u00e9c\u00e9piss\u00e9 de d\u00e9claration\nd'un organisme de services \u00e0 la personne\nenregistr\u00e9 sous le N\u00b0 SAP511884637\nVu le code du travail et notamment les articles L.7231-1 \u00e0 L.7233-2, R.7232-16 \u00e0 R.7232-22, D.7231-1 et\nD.7233-1 \u00e0 D.7233-5 ; \nVu la demande de d\u00e9claration modificative d\u00e9pos\u00e9e par l'organisme Chronomicro, 872 Chemin des \nN\u00e9gadis 83300 DRAGUIGNAN, le 06/06/24  ;\nLe pr\u00e9fet du Var\nConstate : \nQu'une d\u00e9claration modificative d'activit\u00e9s de services \u00e0 la personne a \u00e9t\u00e9 d\u00e9pos\u00e9e aupr\u00e8s du service\ninstructeur du Var , le 06/06/24 par M. MARTINEAU Luc et Christine en qualit\u00e9 de dirigeant(e), pour\nl'organisme Chronomicro dont l'\u00e9tablissement principal est situ\u00e9 d\u00e9sormais 872 Chemin des N\u00e9gadis\n83300 DRAGUIGNAN et enregistr\u00e9 sous le N\u00b0 SAP511884637 pour les activit\u00e9s suivantes :\n  \u2022   Assistance informatique \u00e0 domicile (mode d'intervention Prestataire)\nToute  modification  concernant  les  activit\u00e9s  exerc\u00e9es  devra  faire  l'objet  d'une  d\u00e9claration\nmodificative pr\u00e9alable.\nSous r\u00e9serve d'\u00eatre exerc\u00e9es \u00e0 titre exclusif (ou sous r\u00e9serve d'une comptabilit\u00e9 s\u00e9par\u00e9e pour les\npersonnes  morales  dispens\u00e9es  de  cette  condition),  ces  activit\u00e9s  ouvrent  droit  au  b\u00e9n\u00e9fice  des\ndispositions des articles L. 7233-2 du code du travail et L.241-10 du code de la s\u00e9curit\u00e9 sociale dans\nles conditions pr\u00e9vues par ces articles.\nLes effets de la d\u00e9claration courent \u00e0 compter du jour du d\u00e9p\u00f4t de la d\u00e9claration sous r\u00e9serve des\ndispositions de l'article R.7232-18 du code du travail. Le pr\u00e9sent r\u00e9c\u00e9piss\u00e9 n'est pas limit\u00e9 dans le\ntemps. La d\u00e9claration a une port\u00e9e nationale.\nL'enregistrement de la d\u00e9claration peut \u00eatre retir\u00e9 dans les conditions fix\u00e9es aux articles R.7232-\n20 \u00e0 R.7232-22 du code du travail.\nLe pr\u00e9sent r\u00e9c\u00e9piss\u00e9 sera publi\u00e9 au recueil des actes administratifs de la pr\u00e9fecture.\nLe pr\u00e9sent r\u00e9c\u00e9piss\u00e9 peut, \u00e0 compter de sa notification, faire l'objet d'un recours gracieux aupr\u00e8s\nservice instructeur du Var ou d'un recours hi\u00e9rarchique adress\u00e9 au ministre charg\u00e9 de l'\u00e9conomie -\nDirection g\u00e9n\u00e9rale des entreprises \u2013 sous-direction des services marchands, 61 Boulevard Vincent\nAuriol, 75703 PARIS CEDEX 13.\nIl peut \u00e9galement faire l'objet d'un recours contentieux dans un d\u00e9lai de deux mois \u00e0 compter de sa\nnotification aupr\u00e8s du tribunal administratif de Toulon.\nLe tribunal administratif peut aussi \u00eatre saisi par l'application informatique \u00ab T\u00e9l\u00e9recours citoyen \u00bb\naccessible sur le site internet   http://www.telerecours.fr/\nEn cas de rejet du recours gracieux ou hi\u00e9rarchique ou en l'absence de r\u00e9ponse \u00e0 ce recours (rejet\nimplicite), un recours contentieux devant le tribunal administratif de Toulon peut \u00e9galement \u00eatre\nform\u00e9 contre la d\u00e9cision initiale dans un d\u00e9lai de deux mois \u00e0 compter de ce rejet. \nFait \u00e0 CS 31209 - 83070 TOULON Cedex, le\n06/06/24\nddets du var\nSign\u00e9 par Monsieur POULY\nDirection d\u00e9partementale de l'emploi, du travail et des solidarit\u00e9s du Var - 83-2024-06-06-00009 - 392-2024-recepisse modificative\nCHRONOMICRO-MARTINEAU LUC et CHRISTINE du 06062024 4\nDirection d\u00e9partementale de l'emploi, du travail\net des solidarit\u00e9s du Var\n83-2024-06-06-00011\n394-2024-recepisse declaration ROMANET\nAMANDINE du 06062024\nDirection d\u00e9partementale de l'emploi, du travail et des solidarit\u00e9s du Var - 83-2024-06-06-00011 - 394-2024-recepisse declaration\nROMANET AMANDINE du 06062024 5\nR\u00e9c\u00e9piss\u00e9 de d\u00e9claration\nd'un organisme de services \u00e0 la personne\nenregistr\u00e9 sous le N\u00b0 SAP928640424\nVu le code du travail et notamment les articles L.7231-1 \u00e0 L.7233-2, R.7232-16 \u00e0 R.7232-22, D.7231-1 et\nD.7233-1 \u00e0 D.7233-5 ; \nLe pr\u00e9fet du Var\nConstate : \nQu'une d\u00e9claration d'activit\u00e9s de services \u00e0 la personne a \u00e9t\u00e9 d\u00e9pos\u00e9e aupr\u00e8s du service instructeur\ndu Var, le 06/06/24 par Mme. ROMANET Amandine en qualit\u00e9 de dirigeant(e),  pour l'organisme\nAmandine ROMANET dont l'\u00e9tablissement principal est situ\u00e9 3 impasse Jules Verne 83136 GAREOULT\net enregistr\u00e9 sous le N\u00b0 SAP928640424 pour les activit\u00e9s suivantes :\n  \u2022   Entretien de la maison et travaux m\u00e9nagers (mode d'intervention Mandataire)\n  \u2022   Pr\u00e9paration de repas \u00e0 domicile (mode d'intervention Mandataire)\n  \u2022   Livraison de courses \u00e0 domicile (mode d'intervention Mandataire)\n  \u2022   Assistance administrative \u00e0 domicile (mode d'intervention Mandataire)\n  \u2022   Accompagnement des personnes pr\u00e9sentant une invalidit\u00e9 temporaire (mode d'intervention \nMandataire)\n  \u2022   Assistance aux personnes ayant besoin d'une aide temporaire \u00e0 leur domicile (mode \nd'intervention Mandataire)\nToute  modification  concernant  les  activit\u00e9s  exerc\u00e9es  devra  faire  l'objet  d'une  d\u00e9claration\nmodificative pr\u00e9alable.\nSous r\u00e9serve d'\u00eatre exerc\u00e9es \u00e0 titre exclusif (ou sous r\u00e9serve d'une comptabilit\u00e9 s\u00e9par\u00e9e pour les\npersonnes  morales  dispens\u00e9es  de  cette  condition),  ces  activit\u00e9s  ouvrent  droit  au  b\u00e9n\u00e9fice  des\ndispositions des articles L. 7233-2 du code du travail et L.241-10 du code de la s\u00e9curit\u00e9 sociale dans\nles conditions pr\u00e9vues par ces articles.\nLes effets de la d\u00e9claration courent \u00e0 compter du jour du d\u00e9p\u00f4t de la d\u00e9claration sous r\u00e9serve des\ndispositions de l'article R.7232-18 du code du travail. Le pr\u00e9sent r\u00e9c\u00e9piss\u00e9 n'est pas limit\u00e9 dans le\ntemps. La d\u00e9claration a une port\u00e9e nationale.\nL'enregistrement de la d\u00e9claration peut \u00eatre retir\u00e9 dans les conditions fix\u00e9es aux articles R.7232-\n20  \u00e0  R.7232-22  du  code  du  travail.  Le  pr\u00e9sent  r\u00e9c\u00e9piss\u00e9  sera  publi\u00e9  au  recueil  des  actes\nadministratifs de la pr\u00e9fecture.\nLe pr\u00e9sent r\u00e9c\u00e9piss\u00e9 peut, \u00e0 compter de sa notification, faire l'objet d'un recours gracieux aupr\u00e8s\nservice instructeur du Var ou d'un recours hi\u00e9rarchique adress\u00e9 au ministre charg\u00e9 de l'\u00e9conomie -\nDirection g\u00e9n\u00e9rale des entreprises \u2013 sous-direction des services marchands, 61 Boulevard Vincent\nAuriol, 75703 PARIS CEDEX 13. Il peut \u00e9galement faire l'objet d'un recours contentieux dans un d\u00e9lai\nde deux mois \u00e0 compter de sa notification aupr\u00e8s du tribunal administratif de Toulon. Le tribunal\nadministratif peut aussi \u00eatre saisi par l'application informatique \u00ab T\u00e9l\u00e9recours citoyen \u00bb accessible sur\nle site internet  http://www.telerecours.fr/\nEn cas de rejet du recours gracieux ou hi\u00e9rarchique ou en l'absence de r\u00e9ponse \u00e0 ce recours (rejet\nimplicite), un recours contentieux devant le tribunal administratif de Toulon peut \u00e9galement \u00eatre\nform\u00e9 contre la d\u00e9cision initiale dans un d\u00e9lai de deux mois \u00e0 compter de ce rejet. \nFait \u00e0 CS 31209 - 83070 TOULON Cedex, le\n06/06/24\nSign\u00e9 par Monsieur POULY\nDirection d\u00e9partementale de l'emploi, du travail et des solidarit\u00e9s du Var - 83-2024-06-06-00011 - 394-2024-recepisse declaration\nROMANET AMANDINE du 06062024 6\nDirection d\u00e9partementale de l'emploi, du travail\net des solidarit\u00e9s du Var\n83-2024-06-11-00008\n399-2024-recepisse declaration PESENTI\nYANNICK du 11062024\nDirection d\u00e9partementale de l'emploi, du travail et des solidarit\u00e9s du Var - 83-2024-06-11-00008 - 399-2024-recepisse declaration\nPESENTI YANNICK du 11062024 7\nR\u00e9c\u00e9piss\u00e9 de d\u00e9claration\nd'un organisme de services \u00e0 la personne\nenregistr\u00e9 sous le N\u00b0 SAP984974378\nVu le code du travail et notamment les articles L.7231-1 \u00e0 L.7233-2, R.7232-16 \u00e0 R.7232-22, D.7231-1 et\nD.7233-1 \u00e0 D.7233-5 ; \nVu la demande de d\u00e9claration d\u00e9pos\u00e9e par l'organisme , 770 chemin de la Martinette 83510 \nLORGUES, le 10/06/24  ;\nLe pr\u00e9fet du Var\nConstate : \nQu'une d\u00e9claration d'activit\u00e9s de services \u00e0 la personne a \u00e9t\u00e9 d\u00e9pos\u00e9e aupr\u00e8s du service instructeur\ndu  Var,  le  10/06/24  par  M.  PESENTI  Yannick  en  qualit\u00e9  de  dirigeant(e),  pour  l'organisme  dont\nl'\u00e9tablissement principal est situ\u00e9 770 chemin de la Martinette 83510 LORGUES et enregistr\u00e9 sous le\nN\u00b0 SAP984974378 pour les activit\u00e9s suivantes :\n  \u2022   Petits travaux de jardinage (mode d'intervention Prestataire)\nToute  modification  concernant  les  activit\u00e9s  exerc\u00e9es  devra  faire  l'objet  d'une  d\u00e9claration\nmodificative pr\u00e9alable.\nSous r\u00e9serve d'\u00eatre exerc\u00e9es \u00e0 titre exclusif (ou sous r\u00e9serve d'une comptabilit\u00e9 s\u00e9par\u00e9e pour les\npersonnes  morales  dispens\u00e9es  de  cette  condition),  ces  activit\u00e9s  ouvrent  droit  au  b\u00e9n\u00e9fice  des\ndispositions des articles L. 7233-2 du code du travail et L.241-10 du code de la s\u00e9curit\u00e9 sociale dans\nles conditions pr\u00e9vues par ces articles.\nLes effets de la d\u00e9claration courent \u00e0 compter du jour du d\u00e9p\u00f4t de la d\u00e9claration sous r\u00e9serve des\ndispositions de l'article R.7232-18 du code du travail. Le pr\u00e9sent r\u00e9c\u00e9piss\u00e9 n'est pas limit\u00e9 dans le\ntemps. La d\u00e9claration a une port\u00e9e nationale.\nL'enregistrement de la d\u00e9claration peut \u00eatre retir\u00e9 dans les conditions fix\u00e9es aux articles R.7232-\n20  \u00e0  R.7232-22  du  code  du  travail.  Le  pr\u00e9sent  r\u00e9c\u00e9piss\u00e9  sera  publi\u00e9  au  recueil  des  actes\nadministratifs de la pr\u00e9fecture.\nLe pr\u00e9sent r\u00e9c\u00e9piss\u00e9 peut, \u00e0 compter de sa notification, faire l'objet d'un recours gracieux aupr\u00e8s\nservice instructeur du Var ou d'un recours hi\u00e9rarchique adress\u00e9 au ministre charg\u00e9 de l'\u00e9conomie -\nDirection g\u00e9n\u00e9rale des entreprises \u2013 sous-direction des services marchands, 61 Boulevard Vincent\nAuriol, 75703 PARIS CEDEX 13.\nIl peut \u00e9galement faire l'objet d'un recours contentieux dans un d\u00e9lai de deux mois \u00e0 compter de sa\nnotification aupr\u00e8s du tribunal administratif de Toulon.\nLe tribunal administratif peut aussi \u00eatre saisi par l'application informatique \u00ab T\u00e9l\u00e9recours citoyen \u00bb\naccessible sur le site internet   http://www.telerecours.fr/\nEn cas de rejet du recours gracieux ou hi\u00e9rarchique ou en l'absence de r\u00e9ponse \u00e0 ce recours (rejet\nimplicite), un recours contentieux devant le tribunal administratif de Toulon peut \u00e9galement \u00eatre\nform\u00e9 contre la d\u00e9cision initiale dans un d\u00e9lai de deux mois \u00e0 compter de ce rejet. \nFait \u00e0 CS 31209 - 83070 TOULON Cedex, le\n11/06/24\nddets du var\n Sign\u00e9 par Monsieur POULY \nDirection d\u00e9partementale de l'emploi, du travail et des solidarit\u00e9s du Var - 83-2024-06-11-00008 - 399-2024-recepisse declaration\nPESENTI YANNICK du 11062024 8\nDirection d\u00e9partementale de l'emploi, du travail\net des solidarit\u00e9s du Var\n83-2024-06-12-00014\n401-2024-recepisse declaration modificative\nDIALLO SERVICES du 120624\nDirection d\u00e9partementale de l'emploi, du travail et des solidarit\u00e9s du Var - 83-2024-06-12-00014 - 401-2024-recepisse declaration\nmodificative DIALLO SERVICES du 120624 9\nR\u00e9c\u00e9piss\u00e9 de d\u00e9claration\nd'un organisme de services \u00e0 la personne\nenregistr\u00e9 sous le N\u00b0 SAP920424942\nVu le code du travail et notamment les articles L.7231-1 \u00e0 L.7233-2, R.7232-16 \u00e0 R.7232-22, D.7231-1 et\nD.7233-1 \u00e0 D.7233-5 ; \nVu la demande de d\u00e9claration modificative d\u00e9pos\u00e9e par l'organisme , 741 Chemin de la Couchoua \n83330 Beausset, le 12/06/24  ;\nLe pr\u00e9fet du Var\nConstate : \nQu'une d\u00e9claration d'activit\u00e9s modificative de services \u00e0 la personne a \u00e9t\u00e9 d\u00e9pos\u00e9e aupr\u00e8s du service\ninstructeur du Var, le 12/06/24 par M. DIALLO AMADOU en qualit\u00e9 de dirigeant(e), pour l'organisme\ndont l'\u00e9tablissement principal est situ\u00e9 d\u00e9sormais 741 Chemin de la Couchoua 83330 LE BEAUSSET et\nenregistr\u00e9 sous le N\u00b0 SAP920424942 pour les activit\u00e9s suivantes :\n  \u2022   Garde d'enfants de plus de 3 ans \u00e0 domicile (mode d'intervention Mandataire, Prestataire)\n  \u2022   Soutien scolaire ou cours \u00e0 domicile (mode d'intervention Prestataire)\n  \u2022   Accompagnement des enfants de plus de 3 ans dans leurs d\u00e9placements (mode d'intervention \nMandataire, Prestataire)\n  \u2022   Entretien de la maison et travaux m\u00e9nagers (mode d'intervention Mandataire, Prestataire)\n  \u2022   Petits travaux de jardinage (mode d'intervention Mandataire, Prestataire)\n  \u2022   Pr\u00e9paration de repas \u00e0 domicile (mode d'intervention Mandataire, Prestataire)\n  \u2022   Collecte et livraison \u00e0 domicile de linge repass\u00e9 (mode d'intervention Mandataire, Prestataire)\n  \u2022   Livraison de courses \u00e0 domicile (mode d'intervention Prestataire)\n  \u2022   Maintenance, entretien et vigilance temporaires \u00e0 domicile (mode d'intervention Mandataire, \nPrestataire)\n  \u2022   Soins et promenade(s) d'animaux pour personnes d\u00e9pendantes (mode d'intervention Mandataire,\nPrestataire)\n  \u2022   Conduite du v\u00e9hicule des personnes en cas d'invalidit\u00e9 temporaire (mode d'intervention \nMandataire, Prestataire)\n  \u2022   Accompagnement des personnes pr\u00e9sentant une invalidit\u00e9 temporaire (mode d'intervention \nMandataire, Prestataire)\nToute  modification  concernant  les  activit\u00e9s  exerc\u00e9es  devra  faire  l'objet  d'une  d\u00e9claration\nmodificative pr\u00e9alable.\nSous r\u00e9serve d'\u00eatre exerc\u00e9es \u00e0 titre exclusif (ou sous r\u00e9serve d'une comptabilit\u00e9 s\u00e9par\u00e9e pour les\npersonnes  morales  dispens\u00e9es  de  cette  condition),  ces  activit\u00e9s  ouvrent  droit  au  b\u00e9n\u00e9fice  des\ndispositions des articles L. 7233-2 du code du travail et L.241-10 du code de la s\u00e9curit\u00e9 sociale dans\nles conditions pr\u00e9vues par ces articles.\nLes effets de la d\u00e9claration courent \u00e0 compter du jour du d\u00e9p\u00f4t de la d\u00e9claration sous r\u00e9serve des\ndispositions de l'article R.7232-18 du code du travail. Le pr\u00e9sent r\u00e9c\u00e9piss\u00e9 n'est pas limit\u00e9 dans le\ntemps. La d\u00e9claration a une port\u00e9e nationale.\nL'enregistrement de la d\u00e9claration peut \u00eatre retir\u00e9 dans les conditions fix\u00e9es aux articles R.7232-\n20 \u00e0 R.7232-22 du code du travail.\nLe pr\u00e9sent r\u00e9c\u00e9piss\u00e9 sera publi\u00e9 au recueil des actes administratifs de la pr\u00e9fecture.\nLe pr\u00e9sent r\u00e9c\u00e9piss\u00e9 peut, \u00e0 compter de sa notification, faire l'objet d'un recours gracieux aupr\u00e8s\nservice instructeur du Var ou d'un recours hi\u00e9rarchique adress\u00e9 au ministre charg\u00e9 de l'\u00e9conomie -\nDirection g\u00e9n\u00e9rale des entreprises \u2013 sous-direction des services marchands, 61 Boulevard Vincent\nAuriol, 75703 PARIS CEDEX 13.\nIl peut \u00e9galement faire l'objet d'un recours contentieux dans un d\u00e9lai de deux mois \u00e0 compter de sa\nnotification aupr\u00e8s du tribunal administratif de Toulon.\nDirection d\u00e9partementale de l'emploi, du travail et des solidarit\u00e9s du Var - 83-2024-06-12-00014 - 401-2024-recepisse declaration\nmodificative DIALLO SERVICES du 120624 10\nLe tribunal administratif peut aussi \u00eatre saisi par l'application informatique \u00ab T\u00e9l\u00e9recours citoyen \u00bb\naccessible sur le site internet   http://www.telerecours.fr/\nEn cas de rejet du recours gracieux ou hi\u00e9rarchique ou en l'absence de r\u00e9ponse \u00e0 ce recours (rejet\nimplicite), un recours contentieux devant le tribunal administratif de Toulon peut \u00e9galement \u00eatre\nform\u00e9 contre la d\u00e9cision initiale dans un d\u00e9lai de deux mois \u00e0 compter de ce rejet. \nFait \u00e0 CS 31209 - 83070 TOULON Cedex, le\n12/06/24\nddets du var\nSign\u00e9 par Monsieur POULYDirection d\u00e9partementale de l'emploi, du travail et des solidarit\u00e9s du Var - 83-2024-06-12-00014 - 401-2024-recepisse declaration\nmodificative DIALLO SERVICES du 120624 11\nDirection d\u00e9partementale de l'emploi, du travail\net des solidarit\u00e9s du Var\n83-2024-06-12-00015\n402-2024-recepisse declaration SOARES DE\nALMEIDA BRUNA du 120624\nDirection d\u00e9partementale de l'emploi, du travail et des solidarit\u00e9s du Var - 83-2024-06-12-00015 - 402-2024-recepisse declaration\nSOARES DE ALMEIDA BRUNA du 120624 12\nR\u00e9c\u00e9piss\u00e9 de d\u00e9claration\nd'un organisme de services \u00e0 la personne\nenregistr\u00e9 sous le N\u00b0 SAP983430562\nVu le code du travail et notamment les articles L.7231-1 \u00e0 L.7233-2, R.7232-16 \u00e0 R.7232-22, D.7231-1 et\nD.7233-1 \u00e0 D.7233-5 ; \nVu la demande de d\u00e9claration d\u00e9pos\u00e9e par l'organisme , 995 Avenue De Valescure 83700 Saint-\nRapha\u00ebl, le 02/05/24  ;\nLe pr\u00e9fet du Var\nConstate : \nQu'une d\u00e9claration d'activit\u00e9s de services \u00e0 la personne a \u00e9t\u00e9 d\u00e9pos\u00e9e aupr\u00e8s du service instructeur\ndu Var, le 02/05/24 par Mme. SOARES DE ALMEIDA Bruna en qualit\u00e9 de dirigeant(e), pour l'organisme\ndont l'\u00e9tablissement principal est situ\u00e9 BT B - Appt 35 - 995 Avenue De Valescure 83700 Saint-\nRapha\u00ebl et enregistr\u00e9 sous le N\u00b0 SAP983430562 pour les activit\u00e9s suivantes :\n  \u2022   Entretien de la maison et travaux m\u00e9nagers (mode d'intervention Prestataire)\nToute  modification  concernant  les  activit\u00e9s  exerc\u00e9es  devra  faire  l'objet  d'une  d\u00e9claration\nmodificative pr\u00e9alable.\nSous r\u00e9serve d'\u00eatre exerc\u00e9es \u00e0 titre exclusif (ou sous r\u00e9serve d'une comptabilit\u00e9 s\u00e9par\u00e9e pour les\npersonnes  morales  dispens\u00e9es  de  cette  condition),  ces  activit\u00e9s  ouvrent  droit  au  b\u00e9n\u00e9fice  des\ndispositions des articles L. 7233-2 du code du travail et L.241-10 du code de la s\u00e9curit\u00e9 sociale dans\nles conditions pr\u00e9vues par ces articles.\nLes effets de la d\u00e9claration courent \u00e0 compter du jour du d\u00e9p\u00f4t de la d\u00e9claration sous r\u00e9serve des\ndispositions de l'article R.7232-18 du code du travail. Le pr\u00e9sent r\u00e9c\u00e9piss\u00e9 n'est pas limit\u00e9 dans le \nL'enregistrement de la d\u00e9claration peut \u00eatre retir\u00e9 dans les conditions fix\u00e9es aux articles R.7232-\n20  \u00e0  R.7232-22  du  code  du  travail.  Le  pr\u00e9sent  r\u00e9c\u00e9piss\u00e9  sera  publi\u00e9  au  recueil  des  actes\nadministratifs de la pr\u00e9fecture.\nLe pr\u00e9sent r\u00e9c\u00e9piss\u00e9 peut, \u00e0 compter de sa notification, faire l'objet d'un recours gracieux aupr\u00e8s\nservice instructeur du Var ou d'un recours hi\u00e9rarchique adress\u00e9 au ministre charg\u00e9 de l'\u00e9conomie -\nDirection g\u00e9n\u00e9rale des entreprises \u2013 sous-direction des services marchands, 61 Boulevard Vincent\nAuriol, 75703 PARIS CEDEX 13.\nIl peut \u00e9galement faire l'objet d'un recours contentieux dans un d\u00e9lai de deux mois \u00e0 compter de sa\nnotification aupr\u00e8s du tribunal administratif de Toulon.\nLe tribunal administratif peut aussi \u00eatre saisi par l'application informatique \u00ab T\u00e9l\u00e9recours citoyen \u00bb\naccessible sur le site internet   http://www.telerecours.fr/\nEn cas de rejet du recours gracieux ou hi\u00e9rarchique ou en l'absence de r\u00e9ponse \u00e0 ce recours (rejet\nimplicite), un recours contentieux devant le tribunal administratif de Toulon peut \u00e9galement \u00eatre\nform\u00e9 contre la d\u00e9cision initiale dans un d\u00e9lai de deux mois \u00e0 compter de ce rejet. \nFait \u00e0 CS 31209 - 83070 TOULON Cedex, le\n12/06/24\nddets du var\nSign\u00e9 par Mr POULY\nDirection d\u00e9partementale de l'emploi, du travail et des solidarit\u00e9s du Var - 83-2024-06-12-00015 - 402-2024-recepisse declaration\nSOARES DE ALMEIDA BRUNA du 120624 13\nDirection d\u00e9partementale de l'emploi, du travail\net des solidarit\u00e9s du Var\n83-2024-05-28-00010\nArr\u00eate pr\u00e9fectoral modificatif en date du 28 mai\n2024\nDirection d\u00e9partementale de l'emploi, du travail et des solidarit\u00e9s du Var - 83-2024-05-28-00010 - Arr\u00eate pr\u00e9fectoral modificatif en\ndate du 28 mai 2024 14\nDirection - CMD\nARR\u00caT\u00c9 PR\u00c9FECTORAL modificatif en date du 28 mai 2024\nmodifiant l'arr\u00eat\u00e9 du 30 juin 2006  portant transfert du secr\u00e9tariat du Conseil M\u00e9dical\nD\u00e9partemental en formation pl\u00e9ni\u00e8re des agents de la fonction publique territoriale au\ncentre de gestion de la fonction publique territoriale du d\u00e9partement du Var modifi\u00e9\nLe Pr\u00e9fet du Var,\nVU le code g\u00e9n\u00e9ral de la fonction publique  ;\nVU le d\u00e9cret n\u00b087-602 du 30 juillet 1987 pris pour l'application de la loi n\u00b0 84-53 du 26 janvier\n1984 portant dispositions statutaires relatives \u00e0 la fonction publique territoriale et relatif \u00e0\nl'organisation des conseils m\u00e9dicaux, aux conditions d'aptitude physique et au r\u00e9gime des\ncong\u00e9s de maladie des fonctionnaires territoriaux  ;\nVU le d\u00e9cret n\u00b0 2022-350 du 11 mars 2022 relatif aux conseils m\u00e9dicaux dans la fonction\npublique territoriale  ;\nVU l'arr\u00eat\u00e9 du 4 ao\u00fbt 2004 relatif aux commissions de r\u00e9forme des agents de la fonction\npublique territoriale et de la fonction publique hospitali\u00e8re ;\nVU la lettre en date du 29 mars 2006 par lequel le pr\u00e9sident du centre de gestion de la\nfonction publique territoriale du Var a sollicit\u00e9 le transfert de la commission de r\u00e9forme des\nagents de la fonction publique territoriale ;\nVU  l'arr\u00eat\u00e9  pr\u00e9fectoral  en  date  du  30  juin  2006  portant  transfert  du  secr\u00e9tariat  de  la\ncommission de r\u00e9forme d\u00e9partementale des agents de la fonction publique territoriale au\ncentre de gestion de la fonction publique territoriale du d\u00e9partement du Var modifi\u00e9  ;\nVU l'arr\u00eat\u00e9 pr\u00e9fectoral en date du 27 juin 2022  fixant la liste des m\u00e9decins g\u00e9n\u00e9ralistes et\nsp\u00e9cialistes agr\u00e9\u00e9s pour le d\u00e9partement du Var ;\nVU l'arr\u00eat\u00e9 pr\u00e9fectoral en date du 28 juin 2022 fixant la composition du Conseil M\u00e9dical\nD\u00e9partemental du Var ;\nVU l'arr\u00eat\u00e9 pr\u00e9fectoral en date du 02 ao\u00fbt 2022  modifiant la liste des m\u00e9decins g\u00e9n\u00e9ralistes et\nsp\u00e9cialistes agr\u00e9\u00e9s pour le d\u00e9partement du Var  ;\nVU l'arr\u00eat\u00e9 pr\u00e9fectoral en date du 04 Ao\u00fbt 2022 modifiant l'arr\u00eat\u00e9 du 30 juin 2006 portant\ntransfert du secr\u00e9tariat du Conseil M\u00e9dical   D\u00e9partemental en formation pl\u00e9ni\u00e8re des agents\nde la fonction publique territoriale au centre de gestion de la fonction publique territoriale du\nd\u00e9partement du Var modifi\u00e9  ;\n                                                                                                                 \nDirection D\u00e9partementale\nde l'emploi, du Travail et\ndes Solidarit\u00e9sDirection d\u00e9partementale de l'emploi, du travail et des solidarit\u00e9s du Var - 83-2024-05-28-00010 - Arr\u00eate pr\u00e9fectoral modificatif en\ndate du 28 mai 2024 15\nVU l'arr\u00eat\u00e9 pr\u00e9fectoral modificatif  en date du 01 f\u00e9vrier 2024 modifiant l'arr\u00eat\u00e9 du 30 juin\n2006  portant  transfert  du  secr\u00e9tariat  du  Conseil  M\u00e9dical  D\u00e9partemental  en  formation\npl\u00e9ni\u00e8re des agents de la fonction publique territoriale au centre de gestion de la fonction\npublique territoriale du d\u00e9partement du Var modifi\u00e9  ;\nVU la lettre en date du 03 mai 2024 du pr\u00e9sident du centre de gestion de la fonction publique\nterritoriale du Var pour le renouvellement des membres du Conseil M\u00e9dical en formation\npl\u00e9ni\u00e8re reprenant l'ensemble de sa composition;\nSUR proposition du directeur d\u00e9partemental de l'emploi, du travail et des solidarit\u00e9s du Var ;\nARR\u00caTE :\nARTICLE 1  er   :   Le Pr\u00e9sident du Conseil M\u00e9dical D\u00e9partemental du Var des agents relevant de la \nfonction publique territoriale par d\u00e9l\u00e9gation du pr\u00e9fet est :\n-  Monsieur le Docteur Richard BOVET\nARTICLE 2 : Les praticiens de m\u00e9decine g\u00e9n\u00e9rale et sp\u00e9cialistes agr\u00e9\u00e9s si\u00e9geant au sein du \nConseil M\u00e9dical D\u00e9partemental du Var sont :\nTitulaires Suppl\u00e9ants\nMme le Dr H\u00e9l\u00e8ne BERLIOUX SANS  M. le Dr G\u00e9rard BASTIANI\nM. le Dr Richard BOVET  M. le Dr Bruno BLANCHARD\nM. le Dr Jean-Baptiste CHURET  M. le Dr Marc DECUGIS\n Mme le Dr Genevi\u00e8ve GENET\n M. le Dr Andr\u00e9 GROUSSET\n M. le Dr R\u00e9gis LAURE\n Mme le Dr Anne-Marie MINASSIAN\n M. le Dr G\u00e9rard ROZENBAUM\n M. le Dr Roland TMIM\n M.le Dr Philippe BERNARD\n M. le Dr Pierre CRISTOFARI\n M. le Dr Pierre DEPALLENS\n M. le Dr Herv\u00e9 DE PERETTI\n M. le Dr Yves GARRY\n M. le Dr Alain LEMAREC\n M. le Dr Jean-Paul REBOUAHDirection d\u00e9partementale de l'emploi, du travail et des solidarit\u00e9s du Var - 83-2024-05-28-00010 - Arr\u00eate pr\u00e9fectoral modificatif en\ndate du 28 mai 2024 16\nARTICLE 3 : Les repr\u00e9sentants de l'administration des collectivit\u00e9s affili\u00e9es au Centre de \nGestion du Var (CDG) sont pour les agents suivants :\nCat\u00e9gories A-B-C\nTITULAIRES SUPPLEANTS\nMme Blandine MONIER, Maire d'EVENOS\nM. Bernard CHILINI, Maire de FIGANIERESM. Christian SIMON, Maire de LA CRAU\nM. Robert BENEVENTI, Maire d'OLLIOULES\nM. Ren\u00e9 UGO, Maire de SEILLANS\nM.  Paul  BOUDOUBE,  Maire  de  PUGET-SUR-\nARGENS\nARTICLE 4 : Les repr\u00e9sentants de l'administration des communes, CCAS et \u00e9tablissements \nnon affili\u00e9s au Centre de Gestion du Var sont pour les agents suivants  :\nDRACENIE PROVENCE VERDON AGGLOMERATION\nCat\u00e9gorie A\nTITULAIRES SUPPLEANTS\nM. Richard STRAMBIO\nM. Daniel MARIA\nM. Claude ALEMAGNAM. Raymond GRAS\nM. G\u00e9rald PIERRUGUES\nM. Hugues MARTIN\nCat\u00e9gorie B\nTITULAIRES SUPPLEANTS\nM. Richard STRAMBIO\nM. Daniel MARIA\nM. Claude ALEMAGNA\nMme Val\u00e9rie MARCYM. Raymond GRAS\nM. G\u00e9rald PIERRUGUES\nM. Hugues MARTIN\nMme Karine ALSTERS\nCat\u00e9gorie C\nTITULAIRES SUPPLEANTS\nM. Richard STRAMBIO\nM. Daniel MARIA\nM. Claude ALEMAGNA\nMme Val\u00e9rie MARCY\nM. Serge BALDECCHIM. Raymond GRAS\nM. G\u00e9rald PIERRUGUES\nM. Hugues MARTIN\nMme Karine ALSTERS\nM. Christophe CARRIERE\n                                                                                                                 Direction d\u00e9partementale de l'emploi, du travail et des solidarit\u00e9s du Var - 83-2024-05-28-00010 - Arr\u00eate pr\u00e9fectoral modificatif en\ndate du 28 mai 2024 17\nMAIRIE DE DRAGUIGNAN + CCAS DE DRAGUIGNAN\nCat\u00e9gorie A  \nTITULAIRES SUPPLEANTS\nM. Richard STRAMBIO\nMme Brigitte DUBOUIS\nMme Christine NICOLETTI\n Mme Christine PREMOSELLI\nM. Alain VIGIER\nMme Sylviane NERVI-SITA\nCat\u00e9gorie B\nTITULAIRES SUPPLEANTS\nM. Richard STRAMBIO\nMme Brigitte DUBOUIS\nMme Christine NICOLETTI\n Mme Martine ZERBONEMme Christine PREMOSELLI\nM. Alain VIGIER\nMme Sylviane NERVI-SITA\nMme Fran\u00e7oise MAURICE\nCat\u00e9gorie C\nTITULAIRES SUPPLEANTS\nM. Richard STRAMBIO\nMme Brigitte DUBOUIS\nMme Christine NICOLETTI\nMme Martine ZERBONE\nM. Jean-Pierre SOUZAMme Christine PREMOSELLI\nM. Alain VIGIER\nMme Sylviane NERVI-SITA\nMme Fran\u00e7oise MAURICE\nM. Richard DEVILETTE\nENTENTE INTERDEPARTEMENTALE POUR LA DEMOUSTICATION DU LITTORAL\nMEDITERRANEEN\nCat\u00e9gories A-B-C\nTITULAIRES SUPPLEANTS\nM. Martial ALVAREZ\n \nMme Martine AMSELLEMM. Robert CRAUSTE\nM. Christophe MORGO\nMme B\u00e9reng\u00e8re NOGUIER\nM. Cyril MEUNIER\nMAIRIE DE LA VALETTE + CCAS DE LA VALETTE\nCat\u00e9gories A-B-C\nTITULAIRES SUPPLEANTS\nM. Yves JOLY\nMme Claude ARNAUD-GALLIM. Jean-Marc LUCIANI\nMme Roselyne MOULARD\nM. Henri-Jean ANTOINE\nM. Michel FAUREDirection d\u00e9partementale de l'emploi, du travail et des solidarit\u00e9s du Var - 83-2024-05-28-00010 - Arr\u00eate pr\u00e9fectoral modificatif en\ndate du 28 mai 2024 18\n \n  MAIRIE DE LA GARDE\nCat\u00e9gories A-B-C\nTITULAIRES SUPPLEANTS\nM. Jean Claude MARASTONI\n \nMme Flora MARTINOMme H\u00e9l\u00e8ne ARNAUD-BILL\nM. Jean-Eric LODEVIC\nMme Brigitte MORILLION\nM. Andr\u00e9 BAULON\nCCAS DE LA GARDE\nCat\u00e9gories A-B-C\nTITULAIRES SUPPLEANTS\nMme Marie-H\u00e9l\u00e8ne CHARLES\n \nMme Flora MARTINOM. Florian JONET\nMme C\u00e9line MURENA\nMAIRIE DE HYERES LES PALMIERS\nCat\u00e9gorie A\nTITULAIRES SUPPLEANTS\nMme Sophie MANA\n \nM. Francis ROUXMme Val\u00e9rie BATTESTI\nMme Lucette RITONDALE\nCat\u00e9gorie B\nTITULAIRES SUPPLEANTS\nMme Sophie MANA\nMme Lucette RITONDALEM. Francis ROUX\nM. R\u00e9my THIEBAUD\nCat\u00e9gorie C\nTITULAIRES SUPPLEANTS\nMme Sophie MANA\nMme Lucette RITONDALEM. S\u00e9bastien FRATELLA GUIOL\nM. Francis ROUX\n                                                                                                                 Direction d\u00e9partementale de l'emploi, du travail et des solidarit\u00e9s du Var - 83-2024-05-28-00010 - Arr\u00eate pr\u00e9fectoral modificatif en\ndate du 28 mai 2024 19\nCCAS DE HYERES LES PALMIERS\nCat\u00e9gories A-B-C\nTITULAIRES SUPPLEANTS\nMme Claude DECUGIS\n \nMme Jeaninne COLLOMBATM. Thomas PHILIP\nMme Monique BRILLAUX- PLASSARD\nMAIRIE DE   LA SEYNE SUR MER  \nCat\u00e9gories A-B-C\nTITULAIRES SUPPLEANTS\nMme Christine CUNIBERTI\nMme V\u00e9ronique LEPORTOISMme Virginie SANCHEZ\nMme Sandra TORRES\nM. Dominique LEXA\nMme Val\u00e9rie GUITTIENNE\nCCAS DE LA SEYNE SUR MER\nCat\u00e9gories A-B-C\nTITULAIRES SUPPLEANTS\nMme V\u00e9ronique LEPORTOIS\n \n \nMme Marie-Claude PAGANELLI-ARGIOLASMme Val\u00e9rie GUITTIENNE\nMme Kristelle VINCENT\n \nM. Damien GUTTIEREZ\nMme Sophie MONTBARBON\nMAIRIE DE SIX FOURS LES PLAGES+ CCAS DE SIX FOURS LES PLAGES\n+ CAISSE DES ECOLES DE SIX FOURS   LES PLAGES  \nCat\u00e9gories A-B-C\nTITULAIRES SUPPLEANTS\nM. Jean-S\u00e9bastien VIALATTE\nMme Delphine QUIN\nMme Agn\u00e8s ROSTAGNO\nM. Andr\u00e9 MERCHEYERM. Joseph MULE\nM. Patrick PEREZ\nMme St\u00e9phanie GUILLAUME\nMme Sandra KUNTZDirection d\u00e9partementale de l'emploi, du travail et des solidarit\u00e9s du Var - 83-2024-05-28-00010 - Arr\u00eate pr\u00e9fectoral modificatif en\ndate du 28 mai 2024 20\nMAIRIE DE SAINT RAPHAEL + CCAS DE SAINT RAPHAEL\nCat\u00e9gorie A\nTITULAIRES SUPPLEANTS\nMme Josiane CHIODI\nM. Maxime GRILLETM. Max BOYER\nMme Hafida RAMI\nM. Guillaume DECARD\nMme Fran\u00e7oise DUMONT\nCat\u00e9gorie B\nTITULAIRES SUPPLEANTS\nMme Josiane CHIODI\nMme Dani\u00e8le LOMBARDM. Max BOYER\nMme Hafida RAMI\nM. Guillaume DECARD\nMme Fran\u00e7oise DUMONT\nCat\u00e9gorie C\nTITULAIRES SUPPLEANTS\nMme Josiane CHIODI\nM. Bernard SABYMme Patricia HAUTEUR\nMme Ginette CIFRE\nM. Max BOYER\nM. Fr\u00e9d\u00e9ric HEUDIARD\nMAIRIE DE SAINTE MAXIME + CCAS DE SAINTE MAXIME\nCat\u00e9gories A-B-C\nTITULAIRES SUPPLEANTS\nMme Julienne GAUTIER\nM. Patrick VASSALM. Thierry GOBINO\n Mme Danielle PROVOST\nMAIRIE DE FREJUS + CCAS DE FREJUS\nCat\u00e9gories A-B-C\nTITULAIRES SUPPLEANTS\nMme Carine LEROY\n \nMme Nassima BARKALLAHMme Christine MEUNIER\nM. Patrick PERONA\n                                                                                                                 Direction d\u00e9partementale de l'emploi, du travail et des solidarit\u00e9s du Var - 83-2024-05-28-00010 - Arr\u00eate pr\u00e9fectoral modificatif en\ndate du 28 mai 2024 21\nMAIRIE DE TOULON\nCat\u00e9gories A-B-C\nTITULAIRES SUPPLEANTS\nMme Jos\u00e9e MASSI\n \nMme Marcelle GHERARDIMme Virginie PIN\nM. Albert TANGUY\nCCAS DE TOULON\nCat\u00e9gories A-B-C\nTITULAIRES SUPPLEANTS\nMme Dominique ANDREOTTI\n \nM. Benjamin BIGUERM.Clair AZIMBAR\nMme Val\u00e9rie MONDONE\nMme Jeanine BONNET MAGOT\nMme Eva CAILLAT-METGE\nCONSEIL DEPARTEMENTAL DU VAR\nCat\u00e9gories A-B-C\nTITULAIRES SUPPLEANTS\nMme Chantal LASSOUTANIE\nMme Val\u00e9rie RIALLANDM. Joseph MULE\nMme Jos\u00e9e MASSI\nCONSEIL REGIONAL SUD PROVENCE ALPES COTE D'AZUR\nCat\u00e9gories A-B-C\nTITULAIRES SUPPLEANTS\nM. Jean-Pierre COLIN\nM. Herv\u00e9 STASSINOSMme Josy CHAMBON\nM. Mohammed MAHALI\nM. Philippe DELAUNAY\nMme Edwige MARINO\nDIRECTION DEPARTEMENTALE DES SERVICES D'INCENDIE ET DE SECOURS DU VAR\nPAT et SPP Cat\u00e9gories A -B-C\nTITULAIRES SUPPLEANTS\nM. Ludovic PONTONE\n \nM. Andr\u00e9 GARRONM. Thomas DOMBRY\nM. Emilien LEONI\nM. Jean-Michel DRAGONE\nMme Chantal LASSOUTANIEDirection d\u00e9partementale de l'emploi, du travail et des solidarit\u00e9s du Var - 83-2024-05-28-00010 - Arr\u00eate pr\u00e9fectoral modificatif en\ndate du 28 mai 2024 22\nCat\u00e9gorie SPV\nTITULAIRES SUPPLEANTS\nM. Ludovic PONTONE M. Thomas DOMBRY\n \nRepr\u00e9sentants du Directeur et du M\u00e9decin-chef du SDIS\nTITULAIRES SUPPLEANTS\nFlorent DOSSETTI\nDr Laure DROINC\u00e9line CABARE\nDr Pierre CERDA\nDr Pierre AGNEL\nARTICLE 5   :   Les repr\u00e9sentants du personnel des collectivit\u00e9s affili\u00e9es au Centre de Gestion du\nVar (CDG) sont pour les agents suivants :\nCat\u00e9gorie A\nTITULAIRES SUPPLEANTS\nM. Laurent BRAZILLIER - Mairie de LA LONDE\nLES MAURES\nMme Alexandra GRECH \u2013 Mairie de LE REVEST\nLES EAUXM. Eric TREMEREL - Mairie de LES ADRETS DE\nL'ESTEREL\nM.  Yves  HEDON  -  Mairie  de  LA  LONDE  LES\nMAURES\nM.  R\u00e9mi  MOREAU  \u2013  Mairie  de  LE  LUC  EN\nPROVENCE\nCat\u00e9gorie B\nTITULAIRES SUPPLEANTS\nM.  Gr\u00e9gory  PETYT  -  M\u00e9tropole  TOULON\nPROVENCE MEDITERRANNEE\nM. Christophe NIVIERE \u2013 Mairie de LE LUC EN\nPROVENCEM. Alex MAZIERS - Mairie de MONTAUROUX\nM.  Christophe  CHANTELARD  -  Mairie  de  LE\nBEAUSSET\nMme Sophie MIRRA \u2013 Mairie d'OLLIERES\nM. Martial MARTINEZ \u2013 Mairie de PUGET SUR\nARGENS\n                                                                                                                 Direction d\u00e9partementale de l'emploi, du travail et des solidarit\u00e9s du Var - 83-2024-05-28-00010 - Arr\u00eate pr\u00e9fectoral modificatif en\ndate du 28 mai 2024 23\nCat\u00e9gorie C\nTITULAIRES SUPPLEANTS\nMme Patricia RODRIGUEZ - Mairie de LA LONDE\nLES MAURES\nM. Miguel SANCHEZ \u2013 Mairie de CUERSMme  Sophie  CAMPANA  -  M\u00e9tropole  TOULON\nPROVENCE MEDITERRANNEE\nMme St\u00e9phanie GAUTIER - Mairie de COGOLIN\nMme  Jocelyne  PARISOT  \u2013  CIAS  VALLEE  DU\nGAPEAU\nM. Eddy NAIRI - M\u00e9tropole TOULON PROVENCE\nMEDITERRANNEE\nARTICLE 6 : Les repr\u00e9sentants du personnel des communes, CCAS et \u00e9tablissements non\naffili\u00e9s au Centre de Gestion du Var sont pour les agents suivants\nDRACENIE PROVENCE VERDON AGGLOMERATION\nCat\u00e9gorie A\nTITULAIRES SUPPLEANTS\nMme Isabelle BOULOT\nM. Nicolas DEMULEMme Rapha\u00eblle PALMIERI\nM. Cyril LAFONT\nCat\u00e9gorie B\nTITULAIRES SUPPLEANTS\nMme St\u00e9phanie MENAGER\nM. Christophe MONGEMme Sophie GRASSO\nM. Julien ICARD\nMme Magali RASSI\nMme Nathalie MARTINAGE\nCat\u00e9gorie C\nTITULAIRES SUPPLEANTS\nMme C\u00e9cile PEAUDECERF\nM. Christophe PINIM. R\u00e9mi CALZIA\nMme Claudia BARBIERI\nMme Chrystel ROUXDirection d\u00e9partementale de l'emploi, du travail et des solidarit\u00e9s du Var - 83-2024-05-28-00010 - Arr\u00eate pr\u00e9fectoral modificatif en\ndate du 28 mai 2024 24\nMAIRIE DE DRAGUIGNAN + CCAS DE DRAGUIGNAN\nCat\u00e9gorie A\nTITULAIRES SUPPLEANTS\nM. Patrice DUHAN\nMme St\u00e9phanie RUSSOLILLO-\nCat\u00e9gorie B\nTITULAIRES SUPPLEANTS\nM. Yannick MAHAUD\nM. David GAILLETMme Sandrine GARROPE\nMme Natacha GRANDMOUGIN\nMme Alexandra SAUBESTRE\nCat\u00e9gorie C\nTITULAIRES SUPPLEANTS\nM. Eric DAPRA\nM. Thierry MORETTIM. David GALLESIO\nM. J\u00e9r\u00f4me VERDIS\nM. Ludovic AGNELLO\nENTENTE INTERDEPARTEMENTALE POUR LA DEMOUSTICATION DU LITTORAL\nMEDITERRANEEN\nCat\u00e9gorie A\nTITULAIRES SUPPLEANTS\nM. Jean-Michel PENUELAS\n \nMme Dominique GINDREM. Nicolas NOUVIAIRE\nM. Hugues HORTEFEUX\nMme Magalie CHATEAU\nM. Gr\u00e9gory L'AMBERT\nCat\u00e9gorie B\nTITULAIRES SUPPLEANTS\nMme Adeline LARGHI\n \nM. Laurent WOOCKM. J\u00e9r\u00f4me VIDAL\nMme Nathalie GOUGIS\nM. Jean-Baptiste FERRE\nMme Virginie CHAUSI\n                                                                                                                 Direction d\u00e9partementale de l'emploi, du travail et des solidarit\u00e9s du Var - 83-2024-05-28-00010 - Arr\u00eate pr\u00e9fectoral modificatif en\ndate du 28 mai 2024 25\nCat\u00e9gorie C\nTITULAIRES SUPPLEANTS\nM. Jos\u00e9 TRINDADE\n \nMme C\u00e9cile EMINM. Beno\u00eet PIZZOLATO\nM. Yannick FIRMIN\nMme Virginie GIRARD\nM. Serge SARIVIERE\nMAIRIE DE FREJUS + CCAS DE FREJUS\nCat\u00e9gorie A\nTITULAIRES SUPPLEANTS\nM. Fr\u00e9d\u00e9ric BALDOUREAUX\nM. Laurent LE TOUZO \nMme C\u00e9cile GAUTRAUD\n Mr Claudie INGILDSEN\nCat\u00e9gorie B\nTITULAIRES SUPPLEANTS\nMme Florence SOLIVERES\nM. Benoit DUVEAUM. Claude MASSA\nMme Nathalie TAILLEUR\nM. Rachid ZAIDI\nCat\u00e9gorie C\nTITULAIRES SUPPLEANTS\nMme Alba GAUTHIER\nMme Elisabeth JOLIBOISMme Sophie BERDA\nM. Patrick ROSIAK\nMr Azeddine EL BEHRAOUI\nMAIRIE DE HYERES LES PALMIERS\nCat\u00e9gorie A\nTITULAIRES SUPPLEANTS\nM. Pierre AVRIAL\nMme Karine RAMANAMIHANTATSOARANAM. Nicolas ISTACE\nMme Floriane MONTENAY\nMme Christine PECOT\nM. Fr\u00e9d\u00e9ric MARIDirection d\u00e9partementale de l'emploi, du travail et des solidarit\u00e9s du Var - 83-2024-05-28-00010 - Arr\u00eate pr\u00e9fectoral modificatif en\ndate du 28 mai 2024 26\nCat\u00e9gorie B\nTITULAIRES SUPPLEANTS\nMme Nathalie TAMISIER CROISARD\nM. Richard CABIOCHM. Dominique BOURGERY\nMme Latifa MBAYA\nMme Sandra GODFROY\nCat\u00e9gorie C\nTITULAIRES SUPPLEANTS\nM. Alain LATORRE\nM. Quentin SCANNAPIECOM. Pierre DEVALOIS\nMme Delphine GALVAGNO\nM. Alban SAILLY\nCCAS DE HYERES LES PALMIERS\nCat\u00e9gorie A\nTITULAIRES SUPPLEANTS\nMme Carole MEDINA\nMme Magali BEAUFILSMme Sophie MATEO\nCat\u00e9gorie B\nTITULAIRES SUPPLEANTS\nMme Marie-Laure FRADIER\nMme Christine TRITZMme Flora SAIR\nCat\u00e9gorie C\nTITULAIRES SUPPLEANTS\nM. Anthony PILON\nMme Christine KISSMme Elodie VACCHINO VERAN\nMme Sophie ARRIGHI\nMme C\u00e9line FERLONI\nMme Isabelle GUITTON\nMAIRIE DE LA GARDE + CCAS DE LA GARDE\nCat\u00e9gorie A\nTITULAIRES SUPPLEANTS\nMme Laur\u00e8ne GONCALVES DE ARAUJO\nMme Myriam ROUXM. Fr\u00e9d\u00e9ric FERRER\nMme Brigitte TONELLI\n                                                                                                                 Direction d\u00e9partementale de l'emploi, du travail et des solidarit\u00e9s du Var - 83-2024-05-28-00010 - Arr\u00eate pr\u00e9fectoral modificatif en\ndate du 28 mai 2024 27\nCat\u00e9gorie B\nTITULAIRES SUPPLEANTS\nMme Le\u00efla GODARD\nMme La\u00ebtitia PITTAVINOMme Carole FOOS\nM. Erik MONTANARO\nMme Sabine VALANTIN\nCat\u00e9gorie C\nTITULAIRES SUPPLEANTS\nM. St\u00e9phane GUIBERGIA\nM. Bruno CHAMPIONMme Pascale NOUVEL DE LA FLECHE\nMme Cathy SUEUR\nM. G\u00e9rald PINGUET\nMme Val\u00e9rie SIREROL\nMAIRIE DE   LA SEYNE SUR MER + CCAS DE LA SEYNE SUR MER  \n+ CAISSE DES ECOLES DE LA SEYNE SUR MER\nCat\u00e9gorie A\nTITULAIRES SUPPLEANTS\nM. Marc ODER\nMme Patricia MAFFIOLOMme S\u00e9verine PIERRE\nM. Fabrice FIOL\nMme H\u00e9l\u00e8ne GOIRAN / JOUSSE\nM. Gilles GAUTIER\nCat\u00e9gorie B\nTITULAIRES SUPPLEANTS\nMme C\u00e9line CAMPELLO\nM. Emmanuel MEROLAMme Isabelle FRONSACQ\nMme Akila DEROUSSI\nMme Lydie ROELS\nM. David HARANT\nCat\u00e9gorie C\nTITULAIRES SUPPLEANTS\nMme Magali BONIFACCINO\nMme Christine LA\u00cfM. Laurent LOISEAU\nM. Romuald CAFFI\nMme Nathalie LE PAREUX\nM. Sofiane TAGOURTIDirection d\u00e9partementale de l'emploi, du travail et des solidarit\u00e9s du Var - 83-2024-05-28-00010 - Arr\u00eate pr\u00e9fectoral modificatif en\ndate du 28 mai 2024 28\nMAIRIE DE LA VALETTE DU VAR + CCAS DE LA VALETTE DU VAR\nCat\u00e9gorie A\nTITULAIRES SUPPLEANTS\nM. Michel MITROVIC\nMme Nathalie GIRERDMme Fathia ABBOU\nMme Laetitia PIERRE\nMme Fanny BOCQUET\nMme Sophie CECCALDI\nCat\u00e9gorie B\nTITULAIRES SUPPLEANTS\nMme Fabienne HERBANE\nMme Nathalie POUILLOTMme Mariana HUNZINGER\nMme Sylvie CISSE\nMme Marie-H\u00e9l\u00e8ne ROUGIERS\nMme Julia ASSANY\nCat\u00e9gorie C\nTITULAIRES SUPPLEANTS\nMme Natacha HERRERA\nMme St\u00e9phanie RALLOMme Sophia CHGAR\nM. St\u00e9phane DI MEO\nM. Jean-Baptiste ASCENSIO\nM. Gilles DUBOS\nMAIRIE DE   SAINTE-MAXIME + CCAS DE SAINTE-MAXIME  \nCat\u00e9gorie A\nTITULAIRES SUPPLEANTS\nMme Sandrine DESPREAUX\nM. R\u00e9gis CHARBONNEAUMme B\u00e9atrice MULLER-BOYER\nMme Nad\u00e8ge MIGLIERINA\nCat\u00e9gorie B\nTITULAIRES SUPPLEANTS\nM. Thierry MAURO\nMme Rachel JESTINM. Michel MAGAGLIO\n                                                                                                                 Direction d\u00e9partementale de l'emploi, du travail et des solidarit\u00e9s du Var - 83-2024-05-28-00010 - Arr\u00eate pr\u00e9fectoral modificatif en\ndate du 28 mai 2024 29\nCat\u00e9gorie C\nTITULAIRES SUPPLEANTS\nM. Gr\u00e9gory FLESIA\nM. Damien JIMENEZM. S\u00e9bastien PELLEGRIN\nM. Sylvain BIDAULT\nMAIRIE DE SAINT RAPHAEL + CCAS DE SAINT RAPHAEL\nCat\u00e9gorie A\nTITULAIRES SUPPLEANTS\nM. Nicolas PERSET\nM. Alexandre GUILLEMme Elodie BERTORA\nCat\u00e9gorie B\nTITULAIRES SUPPLEANTS\nMme Sandrine GAIERO\nM. Roger MERLINOM. Julien DA CRUZ\nMme Charlotte PEDRABISSI\nMme Lisa PAPPADA\nMme Sylvie BOYER\nCat\u00e9gorie C\nTITULAIRES SUPPLEANTS\nM. David MUNIER\nM. Paul GOUYONM. Damien ROUDILLAUD\nMme Nicole LE NORMAND\nM. Nicolas ALFANO\nMme Dominique ARHAB\nMAIRIE DE SIX FOURS LES PLAGES+ CCAS DE SIX FOURS LES PLAGES\n+ CAISSE DES ECOLES DE SIX FOURS   LES PLAGES  \nCat\u00e9gorie A\nTITULAIRES SUPPLEANTS\nMme Anne AUSSENAC\nMme Vanina ROMANM. Christophe GHIGONETTODirection d\u00e9partementale de l'emploi, du travail et des solidarit\u00e9s du Var - 83-2024-05-28-00010 - Arr\u00eate pr\u00e9fectoral modificatif en\ndate du 28 mai 2024 30\nCat\u00e9gorie B\nTITULAIRES SUPPLEANTS\nMme Magali PALAZZOLO\nM. Jean-Patrick PALAZZOLOM. Yves SAHUC\nMme Marie-Christine COUTEREAU\nMme Agn\u00e8s BASSO\nCat\u00e9gorie C\nTITULAIRES SUPPLEANTS\nM. Pierre-Jean POITEVIN\nM. St\u00e9phane PIZOT-GALLONM. Fabrice ROSANO\nMme Linda MACALUSO\nMme Gis\u00e8le BOETTI\nMme St\u00e9phanie MARTINEZ\nMAIRIE DE TOULON + CCAS DE TOULON\nCat\u00e9gorie A\nTITULAIRES SUPPLEANTS\nM. Alain DAUGROIS\nMme H\u00e9l\u00e8ne HEIDETM. Gabriel POREZ\nMme Olivia COMBALASSE\nMme Marine MAZIERE\nCat\u00e9gorie B\nTITULAIRES SUPPLEANTS\nM. Eric DUPONT\nMme Cassandre RIGAUDM. Jean-Luc NICOLAI\nMme Marie-Isabelle MUTIN\nM. Adrien FAUGERAS\nCat\u00e9gorie C\nTITULAIRES SUPPLEANTS\nM. S\u00e9bastien LAURENT\nM. Emmanuel LOURDINMme Sophie CARRERE\nMme Myl\u00e8ne MARION\nMme H\u00e9l\u00e8ne FALCONE\nMme F\u00e9rouze CHAFAI\n                                                                                                                 Direction d\u00e9partementale de l'emploi, du travail et des solidarit\u00e9s du Var - 83-2024-05-28-00010 - Arr\u00eate pr\u00e9fectoral modificatif en\ndate du 28 mai 2024 31\nCONSEIL DEPARTEMENTAL DU VAR\nCat\u00e9gorie A\nTITULAIRES SUPPLEANTS\nMme Marie CUVELIER\nM. Freddy KOLIKOM. Alban PEREIRA\nMme Sophie WIERZBICKI\nMme Nobla BEN GARA \nM. Franck BOREA\nCat\u00e9gorie B\nTITULAIRES SUPPLEANTS\nMme Colette SOGGIN GENTILE\nM. Jean-Fran\u00e7ois CHAMPAGNEMme Pascale GUAGENTI\nMme Christine RE\nMme Jocelyne GOMEZ\nM. Florent GUIRADO\nCat\u00e9gorie C\nTITULAIRES SUPPLEANTS\nM. Philippe SINOPOLI\nM. Didier RAUSCHM. Moussa MEKHAREF\nMme LEROY Carole\nMme Alexandra CLIMENT\nM. Lilian FOURRIQUES\nCONSEIL REGIONAL SUD PROVENCE ALPES COTE D'AZUR\nCat\u00e9gorie A\nTITULAIRES SUPPLEANTS\nM. Jean-Christophe MASSE\nMme Sandrine HENCKELMme Patricia RUIZ\nM. C\u00e9drick REYNAUD\nMme Delphine TRIPIER\nM. Thierry AUFFRAY\nCat\u00e9gorie B\nTITULAIRES SUPPLEANTS\nM. Albert TEBOUL\nM. Christian DIGNANIMme Isabelle JOUBERT\nM. Jean VIPERAI\nM. Ga\u00ebtan HADOU\nM. Daniel FULCONISDirection d\u00e9partementale de l'emploi, du travail et des solidarit\u00e9s du Var - 83-2024-05-28-00010 - Arr\u00eate pr\u00e9fectoral modificatif en\ndate du 28 mai 2024 32\nCat\u00e9gorie C\nTITULAIRES SUPPLEANTS\nM. Nonce BIONDI\nM. Eric MORETTIMme Virginie CLOMAN\nM. Hocine LEZRAK\nMme Florence CAPELLO\nM. Wallid JEMIAI\nDIRECTION DEPARTEMENTALE DES SERVICES D'INCENDIE ET DE SECOURS DU VAR\nCat\u00e9gorie PAT A\nTITULAIRES SUPPLEANTS\nMme Magali BRION\nMme C\u00e9line SITRUKM. Lo\u00efc CLERGET\nMme Emilie JONES\nM. St\u00e9phane PLOUARD\nM. R\u00e9gis MALLARINO\nCat\u00e9gorie PAT B\nTITULAIRES SUPPLEANTS\nMme Sophie HEDREVILLE\nM. Bruno HYVERNATM. Laurent MELO\nM. Olivier SALESSE\nM. Luc QUESSADA\nM. Cyril LORENZI\nCat\u00e9gorie PAT C\nTITULAIRES SUPPLEANTS\nMme Sylvie GAYTTE\nMme Carinne BERKANIM. Olivier CARLOTTI\nM. Alain PIQUENOT\nM. Jean-Paul LIMASSET\nMme Karine VALIN\nCat\u00e9gorie SPP A\nTITULAIRES SUPPLEANTS\nM. Fr\u00e9d\u00e9ric IORI\nM. Pascal FOMBELLEM. Julien Pierre GOURGUES\nM. Anthony SEONNET\nM. Samuel JACQUET\nM. Fabrice BERNARD\n                                                                                                                 Direction d\u00e9partementale de l'emploi, du travail et des solidarit\u00e9s du Var - 83-2024-05-28-00010 - Arr\u00eate pr\u00e9fectoral modificatif en\ndate du 28 mai 2024 33\nCat\u00e9gorie SPP B\nTITULAIRES SUPPLEANTS\nM. St\u00e9phane MENAGER\nM. Pascal ROBERTM. Michel BIGORGNE\nM. Fr\u00e9d\u00e9ric LEHR\nM. Patrick BARCAROLO\nM. L\u00e9onard BELLANGER\nCat\u00e9gorie SPP C\nTITULAIRES SUPPLEANTS\nM. Christophe JEUDI\nM. Philippe TICHOUXM. Micka\u00ebl QUERLIOZ\nM. Romain BLANQUET\nM. Romain POLARD\nM. Micha\u00ebl HERVAS\nCat\u00e9gorie SPV\nTITULAIRES SUPPLEANTS\nM. Thibaut THEVELIN\nMme Caroline GUILLAUME\nMme Joy MASULLI\nMme Solange ROTTIERS\nM. Gilles BOYER\nM. Stephan LHOMME\nM. Franck BAUDOIN\nM. Jean-Claude CORNIFLAUMme Elsa DUCHEMIN\nM. Fr\u00e9d\u00e9ric LORINE\nM. Olivier RIO\nM. Laurent INNOCENZI\nM. Jean REGOURD\nM. Patrice VILLA\nMme Laurence CHAVAROCDirection d\u00e9partementale de l'emploi, du travail et des solidarit\u00e9s du Var - 83-2024-05-28-00010 - Arr\u00eate pr\u00e9fectoral modificatif en\ndate du 28 mai 2024 34\nARTICLE 7 : L'arr\u00eat\u00e9 pr\u00e9fectoral modificatif en date du  20 juin 2023 est modifi\u00e9 dans son \nensemble.\nARTICLE 8 : Monsieur le directeur d\u00e9partemental de l'emploi, du travail et des solidarit\u00e9s du\nVar, Monsieur le pr\u00e9sident du centre de gestion de la fonction publique territoriale du Var\nsont charg\u00e9s, chacun en ce qui le concerne, de l'ex\u00e9cution du pr\u00e9sent arr\u00eat\u00e9 qui sera ins\u00e9r\u00e9 au\nrecueil des actes administratifs de la pr\u00e9fecture du Var et dont copie sera adress\u00e9e \u00e0 :\n-Monsieur le Pr\u00e9sident du Conseil M\u00e9dical D\u00e9partemental du Var,\nFait \u00e0 Toulon, le 28 mai 2024\nLe Pr\u00e9fet\n        Philippe MAHE\n                                                                                                                 Direction d\u00e9partementale de l'emploi, du travail et des solidarit\u00e9s du Var - 83-2024-05-28-00010 - Arr\u00eate pr\u00e9fectoral modificatif en\ndate du 28 mai 2024 35\nDirection d\u00e9partementale de l'emploi, du travail\net des solidarit\u00e9s du Var\n83-2024-05-28-00009\nArretemodifCDG 01 02 2024 (003)2-1\nDirection d\u00e9partementale de l'emploi, du travail et des solidarit\u00e9s du Var - 83-2024-05-28-00009 - ArretemodifCDG 01 02 2024 (003)2-1 36\nDirection - CMD\nARR\u00caT\u00c9 PR\u00c9FECTORAL modificatif en date du 28 mai 2024\nmodifiant l'arr\u00eat\u00e9 du 30 juin 2006  portant transfert du secr\u00e9tariat du Conseil M\u00e9dical\nD\u00e9partemental en formation pl\u00e9ni\u00e8re des agents de la fonction publique territoriale au\ncentre de gestion de la fonction publique territoriale du d\u00e9partement du Var modifi\u00e9\nLe Pr\u00e9fet du Var,\nVU le code g\u00e9n\u00e9ral de la fonction publique  ;\nVU le d\u00e9cret n\u00b087-602 du 30 juillet 1987 pris pour l'application de la loi n\u00b0 84-53 du 26 janvier\n1984 portant dispositions statutaires relatives \u00e0 la fonction publique territoriale et relatif \u00e0\nl'organisation des conseils m\u00e9dicaux, aux conditions d'aptitude physique et au r\u00e9gime des\ncong\u00e9s de maladie des fonctionnaires territoriaux  ;\nVU le d\u00e9cret n\u00b0 2022-350 du 11 mars 2022 relatif aux conseils m\u00e9dicaux dans la fonction\npublique territoriale  ;\nVU l'arr\u00eat\u00e9 du 4 ao\u00fbt 2004 relatif aux commissions de r\u00e9forme des agents de la fonction\npublique territoriale et de la fonction publique hospitali\u00e8re ;\nVU la lettre en date du 29 mars 2006 par lequel le pr\u00e9sident du centre de gestion de la\nfonction publique territoriale du Var a sollicit\u00e9 le transfert de la commission de r\u00e9forme des\nagents de la fonction publique territoriale ;\nVU  l'arr\u00eat\u00e9  pr\u00e9fectoral  en  date  du  30  juin  2006  portant  transfert  du  secr\u00e9tariat  de  la\ncommission de r\u00e9forme d\u00e9partementale des agents de la fonction publique territoriale au\ncentre de gestion de la fonction publique territoriale du d\u00e9partement du Var modifi\u00e9  ;\nVU l'arr\u00eat\u00e9 pr\u00e9fectoral en date du 27 juin 2022  fixant la liste des m\u00e9decins g\u00e9n\u00e9ralistes et\nsp\u00e9cialistes agr\u00e9\u00e9s pour le d\u00e9partement du Var ;\nVU l'arr\u00eat\u00e9 pr\u00e9fectoral en date du 28 juin 2022 fixant la composition du Conseil M\u00e9dical\nD\u00e9partemental du Var ;\nVU l'arr\u00eat\u00e9 pr\u00e9fectoral en date du 02 ao\u00fbt 2022  modifiant la liste des m\u00e9decins g\u00e9n\u00e9ralistes et\nsp\u00e9cialistes agr\u00e9\u00e9s pour le d\u00e9partement du Var  ;\nVU l'arr\u00eat\u00e9 pr\u00e9fectoral en date du 04 Ao\u00fbt 2022 modifiant l'arr\u00eat\u00e9 du 30 juin 2006 portant\ntransfert du secr\u00e9tariat du Conseil M\u00e9dical   D\u00e9partemental en formation pl\u00e9ni\u00e8re des agents\nde la fonction publique territoriale au centre de gestion de la fonction publique territoriale du\nd\u00e9partement du Var modifi\u00e9  ;\n                                                                                                                 \nDirection D\u00e9partementale\nde l'emploi, du Travail et\ndes Solidarit\u00e9sDirection d\u00e9partementale de l'emploi, du travail et des solidarit\u00e9s du Var - 83-2024-05-28-00009 - ArretemodifCDG 01 02 2024 (003)2-1 37\nVU l'arr\u00eat\u00e9 pr\u00e9fectoral modificatif  en date du 01 f\u00e9vrier 2024 modifiant l'arr\u00eat\u00e9 du 30 juin\n2006  portant  transfert  du  secr\u00e9tariat  du  Conseil  M\u00e9dical  D\u00e9partemental  en  formation\npl\u00e9ni\u00e8re des agents de la fonction publique territoriale au centre de gestion de la fonction\npublique territoriale du d\u00e9partement du Var modifi\u00e9  ;\nVU la lettre en date du 03 mai 2024 du pr\u00e9sident du centre de gestion de la fonction publique\nterritoriale du Var pour le renouvellement des membres du Conseil M\u00e9dical en formation\npl\u00e9ni\u00e8re reprenant l'ensemble de sa composition;\nSUR proposition du directeur d\u00e9partemental de l'emploi, du travail et des solidarit\u00e9s du Var ;\nARR\u00caTE :\nARTICLE 1  er   :   Le Pr\u00e9sident du Conseil M\u00e9dical D\u00e9partemental du Var des agents relevant de la \nfonction publique territoriale par d\u00e9l\u00e9gation du pr\u00e9fet est :\n-  Monsieur le Docteur Richard BOVET\nARTICLE 2 : Les praticiens de m\u00e9decine g\u00e9n\u00e9rale et sp\u00e9cialistes agr\u00e9\u00e9s si\u00e9geant au sein du \nConseil M\u00e9dical D\u00e9partemental du Var sont :\nTitulaires Suppl\u00e9ants\nMme le Dr H\u00e9l\u00e8ne BERLIOUX SANS  M. le Dr G\u00e9rard BASTIANI\nM. le Dr Richard BOVET  M. le Dr Bruno BLANCHARD\nM. le Dr Jean-Baptiste CHURET  M. le Dr Marc DECUGIS\n Mme le Dr Genevi\u00e8ve GENET\n M. le Dr Andr\u00e9 GROUSSET\n M. le Dr R\u00e9gis LAURE\n Mme le Dr Anne-Marie MINASSIAN\n M. le Dr G\u00e9rard ROZENBAUM\n M. le Dr Roland TMIM\n M.le Dr Philippe BERNARD\n M. le Dr Pierre CRISTOFARI\n M. le Dr Pierre DEPALLENS\n M. le Dr Herv\u00e9 DE PERETTI\n M. le Dr Yves GARRY\n M. le Dr Alain LEMAREC\n M. le Dr Jean-Paul REBOUAHDirection d\u00e9partementale de l'emploi, du travail et des solidarit\u00e9s du Var - 83-2024-05-28-00009 - ArretemodifCDG 01 02 2024 (003)2-1 38\nARTICLE 3 : Les repr\u00e9sentants de l'administration des collectivit\u00e9s affili\u00e9es au Centre de \nGestion du Var (CDG) sont pour les agents suivants :\nCat\u00e9gories A-B-C\nTITULAIRES SUPPLEANTS\nMme Blandine MONIER, Maire d'EVENOS\nM. Bernard CHILINI, Maire de FIGANIERESM. Christian SIMON, Maire de LA CRAU\nM. Robert BENEVENTI, Maire d'OLLIOULES\nM. Ren\u00e9 UGO, Maire de SEILLANS\nM.  Paul  BOUDOUBE,  Maire  de  PUGET-SUR-\nARGENS\nARTICLE 4 : Les repr\u00e9sentants de l'administration des communes, CCAS et \u00e9tablissements \nnon affili\u00e9s au Centre de Gestion du Var sont pour les agents suivants  :\nDRACENIE PROVENCE VERDON AGGLOMERATION\nCat\u00e9gorie A\nTITULAIRES SUPPLEANTS\nM. Richard STRAMBIO\nM. Daniel MARIA\nM. Claude ALEMAGNAM. Raymond GRAS\nM. G\u00e9rald PIERRUGUES\nM. Hugues MARTIN\nCat\u00e9gorie B\nTITULAIRES SUPPLEANTS\nM. Richard STRAMBIO\nM. Daniel MARIA\nM. Claude ALEMAGNA\nMme Val\u00e9rie MARCYM. Raymond GRAS\nM. G\u00e9rald PIERRUGUES\nM. Hugues MARTIN\nMme Karine ALSTERS\nCat\u00e9gorie C\nTITULAIRES SUPPLEANTS\nM. Richard STRAMBIO\nM. Daniel MARIA\nM. Claude ALEMAGNA\nMme Val\u00e9rie MARCY\nM. Serge BALDECCHIM. Raymond GRAS\nM. G\u00e9rald PIERRUGUES\nM. Hugues MARTIN\nMme Karine ALSTERS\nM. Christophe CARRIERE\n                                                                                                                 Direction d\u00e9partementale de l'emploi, du travail et des solidarit\u00e9s du Var - 83-2024-05-28-00009 - ArretemodifCDG 01 02 2024 (003)2-1 39\nMAIRIE DE DRAGUIGNAN + CCAS DE DRAGUIGNAN\nCat\u00e9gorie A  \nTITULAIRES SUPPLEANTS\nM. Richard STRAMBIO\nMme Brigitte DUBOUIS\nMme Christine NICOLETTI\n Mme Christine PREMOSELLI\nM. Alain VIGIER\nMme Sylviane NERVI-SITA\nCat\u00e9gorie B\nTITULAIRES SUPPLEANTS\nM. Richard STRAMBIO\nMme Brigitte DUBOUIS\nMme Christine NICOLETTI\n Mme Martine ZERBONEMme Christine PREMOSELLI\nM. Alain VIGIER\nMme Sylviane NERVI-SITA\nMme Fran\u00e7oise MAURICE\nCat\u00e9gorie C\nTITULAIRES SUPPLEANTS\nM. Richard STRAMBIO\nMme Brigitte DUBOUIS\nMme Christine NICOLETTI\nMme Martine ZERBONE\nM. Jean-Pierre SOUZAMme Christine PREMOSELLI\nM. Alain VIGIER\nMme Sylviane NERVI-SITA\nMme Fran\u00e7oise MAURICE\nM. Richard DEVILETTE\nENTENTE INTERDEPARTEMENTALE POUR LA DEMOUSTICATION DU LITTORAL\nMEDITERRANEEN\nCat\u00e9gories A-B-C\nTITULAIRES SUPPLEANTS\nM. Martial ALVAREZ\n \nMme Martine AMSELLEMM. Robert CRAUSTE\nM. Christophe MORGO\nMme B\u00e9reng\u00e8re NOGUIER\nM. Cyril MEUNIER\nMAIRIE DE LA VALETTE + CCAS DE LA VALETTE\nCat\u00e9gories A-B-C\nTITULAIRES SUPPLEANTS\nM. Yves JOLY\nMme Claude ARNAUD-GALLIM. Jean-Marc LUCIANI\nMme Roselyne MOULARD\nM. Henri-Jean ANTOINE\nM. Michel FAUREDirection d\u00e9partementale de l'emploi, du travail et des solidarit\u00e9s du Var - 83-2024-05-28-00009 - ArretemodifCDG 01 02 2024 (003)2-1 40\n \n  MAIRIE DE LA GARDE\nCat\u00e9gories A-B-C\nTITULAIRES SUPPLEANTS\nM. Jean Claude MARASTONI\n \nMme Flora MARTINOMme H\u00e9l\u00e8ne ARNAUD-BILL\nM. Jean-Eric LODEVIC\nMme Brigitte MORILLION\nM. Andr\u00e9 BAULON\nCCAS DE LA GARDE\nCat\u00e9gories A-B-C\nTITULAIRES SUPPLEANTS\nMme Marie-H\u00e9l\u00e8ne CHARLES\n \nMme Flora MARTINOM. Florian JONET\nMme C\u00e9line MURENA\nMAIRIE DE HYERES LES PALMIERS\nCat\u00e9gorie A\nTITULAIRES SUPPLEANTS\nMme Sophie MANA\n \nM. Francis ROUXMme Val\u00e9rie BATTESTI\nMme Lucette RITONDALE\nCat\u00e9gorie B\nTITULAIRES SUPPLEANTS\nMme Sophie MANA\nMme Lucette RITONDALEM. Francis ROUX\nM. R\u00e9my THIEBAUD\nCat\u00e9gorie C\nTITULAIRES SUPPLEANTS\nMme Sophie MANA\nMme Lucette RITONDALEM. S\u00e9bastien FRATELLA GUIOL\nM. Francis ROUX\n                                                                                                                 Direction d\u00e9partementale de l'emploi, du travail et des solidarit\u00e9s du Var - 83-2024-05-28-00009 - ArretemodifCDG 01 02 2024 (003)2-1 41\nCCAS DE HYERES LES PALMIERS\nCat\u00e9gories A-B-C\nTITULAIRES SUPPLEANTS\nMme Claude DECUGIS\n \nMme Jeaninne COLLOMBATM. Thomas PHILIP\nMme Monique BRILLAUX- PLASSARD\nMAIRIE DE   LA SEYNE SUR MER  \nCat\u00e9gories A-B-C\nTITULAIRES SUPPLEANTS\nMme Christine CUNIBERTI\nMme V\u00e9ronique LEPORTOISMme Virginie SANCHEZ\nMme Sandra TORRES\nM. Dominique LEXA\nMme Val\u00e9rie GUITTIENNE\nCCAS DE LA SEYNE SUR MER\nCat\u00e9gories A-B-C\nTITULAIRES SUPPLEANTS\nMme V\u00e9ronique LEPORTOIS\n \n \nMme Marie-Claude PAGANELLI-ARGIOLASMme Val\u00e9rie GUITTIENNE\nMme Kristelle VINCENT\n \nM. Damien GUTTIEREZ\nMme Sophie MONTBARBON\nMAIRIE DE SIX FOURS LES PLAGES+ CCAS DE SIX FOURS LES PLAGES\n+ CAISSE DES ECOLES DE SIX FOURS   LES PLAGES  \nCat\u00e9gories A-B-C\nTITULAIRES SUPPLEANTS\nM. Jean-S\u00e9bastien VIALATTE\nMme Delphine QUIN\nMme Agn\u00e8s ROSTAGNO\nM. Andr\u00e9 MERCHEYERM. Joseph MULE\nM. Patrick PEREZ\nMme St\u00e9phanie GUILLAUME\nMme Sandra KUNTZDirection d\u00e9partementale de l'emploi, du travail et des solidarit\u00e9s du Var - 83-2024-05-28-00009 - ArretemodifCDG 01 02 2024 (003)2-1 42\nMAIRIE DE SAINT RAPHAEL + CCAS DE SAINT RAPHAEL\nCat\u00e9gorie A\nTITULAIRES SUPPLEANTS\nMme Josiane CHIODI\nM. Maxime GRILLETM. Max BOYER\nMme Hafida RAMI\nM. Guillaume DECARD\nMme Fran\u00e7oise DUMONT\nCat\u00e9gorie B\nTITULAIRES SUPPLEANTS\nMme Josiane CHIODI\nMme Dani\u00e8le LOMBARDM. Max BOYER\nMme Hafida RAMI\nM. Guillaume DECARD\nMme Fran\u00e7oise DUMONT\nCat\u00e9gorie C\nTITULAIRES SUPPLEANTS\nMme Josiane CHIODI\nM. Bernard SABYMme Patricia HAUTEUR\nMme Ginette CIFRE\nM. Max BOYER\nM. Fr\u00e9d\u00e9ric HEUDIARD\nMAIRIE DE SAINTE MAXIME + CCAS DE SAINTE MAXIME\nCat\u00e9gories A-B-C\nTITULAIRES SUPPLEANTS\nMme Julienne GAUTIER\nM. Patrick VASSALM. Thierry GOBINO\n Mme Danielle PROVOST\nMAIRIE DE FREJUS + CCAS DE FREJUS\nCat\u00e9gories A-B-C\nTITULAIRES SUPPLEANTS\nMme Carine LEROY\n \nMme Nassima BARKALLAHMme Christine MEUNIER\nM. Patrick PERONA\n                                                                                                                 Direction d\u00e9partementale de l'emploi, du travail et des solidarit\u00e9s du Var - 83-2024-05-28-00009 - ArretemodifCDG 01 02 2024 (003)2-1 43\nMAIRIE DE TOULON\nCat\u00e9gories A-B-C\nTITULAIRES SUPPLEANTS\nMme Jos\u00e9e MASSI\n \nMme Marcelle GHERARDIMme Virginie PIN\nM. Albert TANGUY\nCCAS DE TOULON\nCat\u00e9gories A-B-C\nTITULAIRES SUPPLEANTS\nMme Dominique ANDREOTTI\n \nM. Benjamin BIGUERM.Clair AZIMBAR\nMme Val\u00e9rie MONDONE\nMme Jeanine BONNET MAGOT\nMme Eva CAILLAT-METGE\nCONSEIL DEPARTEMENTAL DU VAR\nCat\u00e9gories A-B-C\nTITULAIRES SUPPLEANTS\nMme Chantal LASSOUTANIE\nMme Val\u00e9rie RIALLANDM. Joseph MULE\nMme Jos\u00e9e MASSI\nCONSEIL REGIONAL SUD PROVENCE ALPES COTE D'AZUR\nCat\u00e9gories A-B-C\nTITULAIRES SUPPLEANTS\nM. Jean-Pierre COLIN\nM. Herv\u00e9 STASSINOSMme Josy CHAMBON\nM. Mohammed MAHALI\nM. Philippe DELAUNAY\nMme Edwige MARINO\nDIRECTION DEPARTEMENTALE DES SERVICES D'INCENDIE ET DE SECOURS DU VAR\nPAT et SPP Cat\u00e9gories A -B-C\nTITULAIRES SUPPLEANTS\nM. Ludovic PONTONE\n \nM. Andr\u00e9 GARRONM. Thomas DOMBRY\nM. Emilien LEONI\nM. Jean-Michel DRAGONE\nMme Chantal LASSOUTANIEDirection d\u00e9partementale de l'emploi, du travail et des solidarit\u00e9s du Var - 83-2024-05-28-00009 - ArretemodifCDG 01 02 2024 (003)2-1 44\nCat\u00e9gorie SPV\nTITULAIRES SUPPLEANTS\nM. Ludovic PONTONE M. Thomas DOMBRY\n \nRepr\u00e9sentants du Directeur et du M\u00e9decin-chef du SDIS\nTITULAIRES SUPPLEANTS\nFlorent DOSSETTI\nDr Laure DROINC\u00e9line CABARE\nDr Pierre CERDA\nDr Pierre AGNEL\nARTICLE 5   :   Les repr\u00e9sentants du personnel des collectivit\u00e9s affili\u00e9es au Centre de Gestion du\nVar (CDG) sont pour les agents suivants :\nCat\u00e9gorie A\nTITULAIRES SUPPLEANTS\nM. Laurent BRAZILLIER - Mairie de LA LONDE\nLES MAURES\nMme Alexandra GRECH \u2013 Mairie de LE REVEST\nLES EAUXM. Eric TREMEREL - Mairie de LES ADRETS DE\nL'ESTEREL\nM.  Yves  HEDON  -  Mairie  de  LA  LONDE  LES\nMAURES\nM.  R\u00e9mi  MOREAU  \u2013  Mairie  de  LE  LUC  EN\nPROVENCE\nCat\u00e9gorie B\nTITULAIRES SUPPLEANTS\nM.  Gr\u00e9gory  PETYT  -  M\u00e9tropole  TOULON\nPROVENCE MEDITERRANNEE\nM. Christophe NIVIERE \u2013 Mairie de LE LUC EN\nPROVENCEM. Alex MAZIERS - Mairie de MONTAUROUX\nM.  Christophe  CHANTELARD  -  Mairie  de  LE\nBEAUSSET\nMme Sophie MIRRA \u2013 Mairie d'OLLIERES\nM. Martial MARTINEZ \u2013 Mairie de PUGET SUR\nARGENS\n                                                                                                                 Direction d\u00e9partementale de l'emploi, du travail et des solidarit\u00e9s du Var - 83-2024-05-28-00009 - ArretemodifCDG 01 02 2024 (003)2-1 45\nCat\u00e9gorie C\nTITULAIRES SUPPLEANTS\nMme Patricia RODRIGUEZ - Mairie de LA LONDE\nLES MAURES\nM. Miguel SANCHEZ \u2013 Mairie de CUERSMme  Sophie  CAMPANA  -  M\u00e9tropole  TOULON\nPROVENCE MEDITERRANNEE\nMme St\u00e9phanie GAUTIER - Mairie de COGOLIN\nMme  Jocelyne  PARISOT  \u2013  CIAS  VALLEE  DU\nGAPEAU\nM. Eddy NAIRI - M\u00e9tropole TOULON PROVENCE\nMEDITERRANNEE\nARTICLE 6 : Les repr\u00e9sentants du personnel des communes, CCAS et \u00e9tablissements non\naffili\u00e9s au Centre de Gestion du Var sont pour les agents suivants\nDRACENIE PROVENCE VERDON AGGLOMERATION\nCat\u00e9gorie A\nTITULAIRES SUPPLEANTS\nMme Isabelle BOULOT\nM. Nicolas DEMULEMme Rapha\u00eblle PALMIERI\nM. Cyril LAFONT\nCat\u00e9gorie B\nTITULAIRES SUPPLEANTS\nMme St\u00e9phanie MENAGER\nM. Christophe MONGEMme Sophie GRASSO\nM. Julien ICARD\nMme Magali RASSI\nMme Nathalie MARTINAGE\nCat\u00e9gorie C\nTITULAIRES SUPPLEANTS\nMme C\u00e9cile PEAUDECERF\nM. Christophe PINIM. R\u00e9mi CALZIA\nMme Claudia BARBIERI\nMme Chrystel ROUXDirection d\u00e9partementale de l'emploi, du travail et des solidarit\u00e9s du Var - 83-2024-05-28-00009 - ArretemodifCDG 01 02 2024 (003)2-1 46\nMAIRIE DE DRAGUIGNAN + CCAS DE DRAGUIGNAN\nCat\u00e9gorie A\nTITULAIRES SUPPLEANTS\nM. Patrice DUHAN\nMme St\u00e9phanie RUSSOLILLO-\nCat\u00e9gorie B\nTITULAIRES SUPPLEANTS\nM. Yannick MAHAUD\nM. David GAILLETMme Sandrine GARROPE\nMme Natacha GRANDMOUGIN\nMme Alexandra SAUBESTRE\nCat\u00e9gorie C\nTITULAIRES SUPPLEANTS\nM. Eric DAPRA\nM. Thierry MORETTIM. David GALLESIO\nM. J\u00e9r\u00f4me VERDIS\nM. Ludovic AGNELLO\nENTENTE INTERDEPARTEMENTALE POUR LA DEMOUSTICATION DU LITTORAL\nMEDITERRANEEN\nCat\u00e9gorie A\nTITULAIRES SUPPLEANTS\nM. Jean-Michel PENUELAS\n \nMme Dominique GINDREM. Nicolas NOUVIAIRE\nM. Hugues HORTEFEUX\nMme Magalie CHATEAU\nM. Gr\u00e9gory L'AMBERT\nCat\u00e9gorie B\nTITULAIRES SUPPLEANTS\nMme Adeline LARGHI\n \nM. Laurent WOOCKM. J\u00e9r\u00f4me VIDAL\nMme Nathalie GOUGIS\nM. Jean-Baptiste FERRE\nMme Virginie CHAUSI\n                                                                                                                 Direction d\u00e9partementale de l'emploi, du travail et des solidarit\u00e9s du Var - 83-2024-05-28-00009 - ArretemodifCDG 01 02 2024 (003)2-1 47\nCat\u00e9gorie C\nTITULAIRES SUPPLEANTS\nM. Jos\u00e9 TRINDADE\n \nMme C\u00e9cile EMINM. Beno\u00eet PIZZOLATO\nM. Yannick FIRMIN\nMme Virginie GIRARD\nM. Serge SARIVIERE\nMAIRIE DE FREJUS + CCAS DE FREJUS\nCat\u00e9gorie A\nTITULAIRES SUPPLEANTS\nM. Fr\u00e9d\u00e9ric BALDOUREAUX\nM. Laurent LE TOUZO \nMme C\u00e9cile GAUTRAUD\n Mr Claudie INGILDSEN\nCat\u00e9gorie B\nTITULAIRES SUPPLEANTS\nMme Florence SOLIVERES\nM. Benoit DUVEAUM. Claude MASSA\nMme Nathalie TAILLEUR\nM. Rachid ZAIDI\nCat\u00e9gorie C\nTITULAIRES SUPPLEANTS\nMme Alba GAUTHIER\nMme Elisabeth JOLIBOISMme Sophie BERDA\nM. Patrick ROSIAK\nMr Azeddine EL BEHRAOUI\nMAIRIE DE HYERES LES PALMIERS\nCat\u00e9gorie A\nTITULAIRES SUPPLEANTS\nM. Pierre AVRIAL\nMme Karine RAMANAMIHANTATSOARANAM. Nicolas ISTACE\nMme Floriane MONTENAY\nMme Christine PECOT\nM. Fr\u00e9d\u00e9ric MARIDirection d\u00e9partementale de l'emploi, du travail et des solidarit\u00e9s du Var - 83-2024-05-28-00009 - ArretemodifCDG 01 02 2024 (003)2-1 48\nCat\u00e9gorie B\nTITULAIRES SUPPLEANTS\nMme Nathalie TAMISIER CROISARD\nM. Richard CABIOCHM. Dominique BOURGERY\nMme Latifa MBAYA\nMme Sandra GODFROY\nCat\u00e9gorie C\nTITULAIRES SUPPLEANTS\nM. Alain LATORRE\nM. Quentin SCANNAPIECOM. Pierre DEVALOIS\nMme Delphine GALVAGNO\nM. Alban SAILLY\nCCAS DE HYERES LES PALMIERS\nCat\u00e9gorie A\nTITULAIRES SUPPLEANTS\nMme Carole MEDINA\nMme Magali BEAUFILSMme Sophie MATEO\nCat\u00e9gorie B\nTITULAIRES SUPPLEANTS\nMme Marie-Laure FRADIER\nMme Christine TRITZMme Flora SAIR\nCat\u00e9gorie C\nTITULAIRES SUPPLEANTS\nM. Anthony PILON\nMme Christine KISSMme Elodie VACCHINO VERAN\nMme Sophie ARRIGHI\nMme C\u00e9line FERLONI\nMme Isabelle GUITTON\nMAIRIE DE LA GARDE + CCAS DE LA GARDE\nCat\u00e9gorie A\nTITULAIRES SUPPLEANTS\nMme Laur\u00e8ne GONCALVES DE ARAUJO\nMme Myriam ROUXM. Fr\u00e9d\u00e9ric FERRER\nMme Brigitte TONELLI\n                                                                                                                 Direction d\u00e9partementale de l'emploi, du travail et des solidarit\u00e9s du Var - 83-2024-05-28-00009 - ArretemodifCDG 01 02 2024 (003)2-1 49\nCat\u00e9gorie B\nTITULAIRES SUPPLEANTS\nMme Le\u00efla GODARD\nMme La\u00ebtitia PITTAVINOMme Carole FOOS\nM. Erik MONTANARO\nMme Sabine VALANTIN\nCat\u00e9gorie C\nTITULAIRES SUPPLEANTS\nM. St\u00e9phane GUIBERGIA\nM. Bruno CHAMPIONMme Pascale NOUVEL DE LA FLECHE\nMme Cathy SUEUR\nM. G\u00e9rald PINGUET\nMme Val\u00e9rie SIREROL\nMAIRIE DE   LA SEYNE SUR MER + CCAS DE LA SEYNE SUR MER  \n+ CAISSE DES ECOLES DE LA SEYNE SUR MER\nCat\u00e9gorie A\nTITULAIRES SUPPLEANTS\nM. Marc ODER\nMme Patricia MAFFIOLOMme S\u00e9verine PIERRE\nM. Fabrice FIOL\nMme H\u00e9l\u00e8ne GOIRAN / JOUSSE\nM. Gilles GAUTIER\nCat\u00e9gorie B\nTITULAIRES SUPPLEANTS\nMme C\u00e9line CAMPELLO\nM. Emmanuel MEROLAMme Isabelle FRONSACQ\nMme Akila DEROUSSI\nMme Lydie ROELS\nM. David HARANT\nCat\u00e9gorie C\nTITULAIRES SUPPLEANTS\nMme Magali BONIFACCINO\nMme Christine LA\u00cfM. Laurent LOISEAU\nM. Romuald CAFFI\nMme Nathalie LE PAREUX\nM. Sofiane TAGOURTIDirection d\u00e9partementale de l'emploi, du travail et des solidarit\u00e9s du Var - 83-2024-05-28-00009 - ArretemodifCDG 01 02 2024 (003)2-1 50\nMAIRIE DE LA VALETTE DU VAR + CCAS DE LA VALETTE DU VAR\nCat\u00e9gorie A\nTITULAIRES SUPPLEANTS\nM. Michel MITROVIC\nMme Nathalie GIRERDMme Fathia ABBOU\nMme Laetitia PIERRE\nMme Fanny BOCQUET\nMme Sophie CECCALDI\nCat\u00e9gorie B\nTITULAIRES SUPPLEANTS\nMme Fabienne HERBANE\nMme Nathalie POUILLOTMme Mariana HUNZINGER\nMme Sylvie CISSE\nMme Marie-H\u00e9l\u00e8ne ROUGIERS\nMme Julia ASSANY\nCat\u00e9gorie C\nTITULAIRES SUPPLEANTS\nMme Natacha HERRERA\nMme St\u00e9phanie RALLOMme Sophia CHGAR\nM. St\u00e9phane DI MEO\nM. Jean-Baptiste ASCENSIO\nM. Gilles DUBOS\nMAIRIE DE   SAINTE-MAXIME + CCAS DE SAINTE-MAXIME  \nCat\u00e9gorie A\nTITULAIRES SUPPLEANTS\nMme Sandrine DESPREAUX\nM. R\u00e9gis CHARBONNEAUMme B\u00e9atrice MULLER-BOYER\nMme Nad\u00e8ge MIGLIERINA\nCat\u00e9gorie B\nTITULAIRES SUPPLEANTS\nM. Thierry MAURO\nMme Rachel JESTINM. Michel MAGAGLIO\n                                                                                                                 Direction d\u00e9partementale de l'emploi, du travail et des solidarit\u00e9s du Var - 83-2024-05-28-00009 - ArretemodifCDG 01 02 2024 (003)2-1 51\nCat\u00e9gorie C\nTITULAIRES SUPPLEANTS\nM. Gr\u00e9gory FLESIA\nM. Damien JIMENEZM. S\u00e9bastien PELLEGRIN\nM. Sylvain BIDAULT\nMAIRIE DE SAINT RAPHAEL + CCAS DE SAINT RAPHAEL\nCat\u00e9gorie A\nTITULAIRES SUPPLEANTS\nM. Nicolas PERSET\nM. Alexandre GUILLEMme Elodie BERTORA\nCat\u00e9gorie B\nTITULAIRES SUPPLEANTS\nMme Sandrine GAIERO\nM. Roger MERLINOM. Julien DA CRUZ\nMme Charlotte PEDRABISSI\nMme Lisa PAPPADA\nMme Sylvie BOYER\nCat\u00e9gorie C\nTITULAIRES SUPPLEANTS\nM. David MUNIER\nM. Paul GOUYONM. Damien ROUDILLAUD\nMme Nicole LE NORMAND\nM. Nicolas ALFANO\nMme Dominique ARHAB\nMAIRIE DE SIX FOURS LES PLAGES+ CCAS DE SIX FOURS LES PLAGES\n+ CAISSE DES ECOLES DE SIX FOURS   LES PLAGES  \nCat\u00e9gorie A\nTITULAIRES SUPPLEANTS\nMme Anne AUSSENAC\nMme Vanina ROMANM. Christophe GHIGONETTODirection d\u00e9partementale de l'emploi, du travail et des solidarit\u00e9s du Var - 83-2024-05-28-00009 - ArretemodifCDG 01 02 2024 (003)2-1 52\nCat\u00e9gorie B\nTITULAIRES SUPPLEANTS\nMme Magali PALAZZOLO\nM. Jean-Patrick PALAZZOLOM. Yves SAHUC\nMme Marie-Christine COUTEREAU\nMme Agn\u00e8s BASSO\nCat\u00e9gorie C\nTITULAIRES SUPPLEANTS\nM. Pierre-Jean POITEVIN\nM. St\u00e9phane PIZOT-GALLONM. Fabrice ROSANO\nMme Linda MACALUSO\nMme Gis\u00e8le BOETTI\nMme St\u00e9phanie MARTINEZ\nMAIRIE DE TOULON + CCAS DE TOULON\nCat\u00e9gorie A\nTITULAIRES SUPPLEANTS\nM. Alain DAUGROIS\nMme H\u00e9l\u00e8ne HEIDETM. Gabriel POREZ\nMme Olivia COMBALASSE\nMme Marine MAZIERE\nCat\u00e9gorie B\nTITULAIRES SUPPLEANTS\nM. Eric DUPONT\nMme Cassandre RIGAUDM. Jean-Luc NICOLAI\nMme Marie-Isabelle MUTIN\nM. Adrien FAUGERAS\nCat\u00e9gorie C\nTITULAIRES SUPPLEANTS\nM. S\u00e9bastien LAURENT\nM. Emmanuel LOURDINMme Sophie CARRERE\nMme Myl\u00e8ne MARION\nMme H\u00e9l\u00e8ne FALCONE\nMme F\u00e9rouze CHAFAI\n                                                                                                                 Direction d\u00e9partementale de l'emploi, du travail et des solidarit\u00e9s du Var - 83-2024-05-28-00009 - ArretemodifCDG 01 02 2024 (003)2-1 53\nCONSEIL DEPARTEMENTAL DU VAR\nCat\u00e9gorie A\nTITULAIRES SUPPLEANTS\nMme Marie CUVELIER\nM. Freddy KOLIKOM. Alban PEREIRA\nMme Sophie WIERZBICKI\nMme Nobla BEN GARA \nM. Franck BOREA\nCat\u00e9gorie B\nTITULAIRES SUPPLEANTS\nMme Colette SOGGIN GENTILE\nM. Jean-Fran\u00e7ois CHAMPAGNEMme Pascale GUAGENTI\nMme Christine RE\nMme Jocelyne GOMEZ\nM. Florent GUIRADO\nCat\u00e9gorie C\nTITULAIRES SUPPLEANTS\nM. Philippe SINOPOLI\nM. Didier RAUSCHM. Moussa MEKHAREF\nMme LEROY Carole\nMme Alexandra CLIMENT\nM. Lilian FOURRIQUES\nCONSEIL REGIONAL SUD PROVENCE ALPES COTE D'AZUR\nCat\u00e9gorie A\nTITULAIRES SUPPLEANTS\nM. Jean-Christophe MASSE\nMme Sandrine HENCKELMme Patricia RUIZ\nM. C\u00e9drick REYNAUD\nMme Delphine TRIPIER\nM. Thierry AUFFRAY\nCat\u00e9gorie B\nTITULAIRES SUPPLEANTS\nM. Albert TEBOUL\nM. Christian DIGNANIMme Isabelle JOUBERT\nM. Jean VIPERAI\nM. Ga\u00ebtan HADOU\nM. Daniel FULCONISDirection d\u00e9partementale de l'emploi, du travail et des solidarit\u00e9s du Var - 83-2024-05-28-00009 - ArretemodifCDG 01 02 2024 (003)2-1 54\nCat\u00e9gorie C\nTITULAIRES SUPPLEANTS\nM. Nonce BIONDI\nM. Eric MORETTIMme Virginie CLOMAN\nM. Hocine LEZRAK\nMme Florence CAPELLO\nM. Wallid JEMIAI\nDIRECTION DEPARTEMENTALE DES SERVICES D'INCENDIE ET DE SECOURS DU VAR\nCat\u00e9gorie PAT A\nTITULAIRES SUPPLEANTS\nMme Magali BRION\nMme C\u00e9line SITRUKM. Lo\u00efc CLERGET\nMme Emilie JONES\nM. St\u00e9phane PLOUARD\nM. R\u00e9gis MALLARINO\nCat\u00e9gorie PAT B\nTITULAIRES SUPPLEANTS\nMme Sophie HEDREVILLE\nM. Bruno HYVERNATM. Laurent MELO\nM. Olivier SALESSE\nM. Luc QUESSADA\nM. Cyril LORENZI\nCat\u00e9gorie PAT C\nTITULAIRES SUPPLEANTS\nMme Sylvie GAYTTE\nMme Carinne BERKANIM. Olivier CARLOTTI\nM. Alain PIQUENOT\nM. Jean-Paul LIMASSET\nMme Karine VALIN\nCat\u00e9gorie SPP A\nTITULAIRES SUPPLEANTS\nM. Fr\u00e9d\u00e9ric IORI\nM. Pascal FOMBELLEM. Julien Pierre GOURGUES\nM. Anthony SEONNET\nM. Samuel JACQUET\nM. Fabrice BERNARD\n                                                                                                                 Direction d\u00e9partementale de l'emploi, du travail et des solidarit\u00e9s du Var - 83-2024-05-28-00009 - ArretemodifCDG 01 02 2024 (003)2-1 55\nCat\u00e9gorie SPP B\nTITULAIRES SUPPLEANTS\nM. St\u00e9phane MENAGER\nM. Pascal ROBERTM. Michel BIGORGNE\nM. Fr\u00e9d\u00e9ric LEHR\nM. Patrick BARCAROLO\nM. L\u00e9onard BELLANGER\nCat\u00e9gorie SPP C\nTITULAIRES SUPPLEANTS\nM. Christophe JEUDI\nM. Philippe TICHOUXM. Micka\u00ebl QUERLIOZ\nM. Romain BLANQUET\nM. Romain POLARD\nM. Micha\u00ebl HERVAS\nCat\u00e9gorie SPV\nTITULAIRES SUPPLEANTS\nM. Thibaut THEVELIN\nMme Caroline GUILLAUME\nMme Joy MASULLI\nMme Solange ROTTIERS\nM. Gilles BOYER\nM. Stephan LHOMME\nM. Franck BAUDOIN\nM. Jean-Claude CORNIFLAUMme Elsa DUCHEMIN\nM. Fr\u00e9d\u00e9ric LORINE\nM. Olivier RIO\nM. Laurent INNOCENZI\nM. Jean REGOURD\nM. Patrice VILLA\nMme Laurence CHAVAROCDirection d\u00e9partementale de l'emploi, du travail et des solidarit\u00e9s du Var - 83-2024-05-28-00009 - ArretemodifCDG 01 02 2024 (003)2-1 56\nARTICLE 7 : L'arr\u00eat\u00e9 pr\u00e9fectoral modificatif en date du  20 juin 2023 est modifi\u00e9 dans son \nensemble.\nARTICLE 8 : Monsieur le directeur d\u00e9partemental de l'emploi, du travail et des solidarit\u00e9s du\nVar, Monsieur le pr\u00e9sident du centre de gestion de la fonction publique territoriale du Var\nsont charg\u00e9s, chacun en ce qui le concerne, de l'ex\u00e9cution du pr\u00e9sent arr\u00eat\u00e9 qui sera ins\u00e9r\u00e9 au\nrecueil des actes administratifs de la pr\u00e9fecture du Var et dont copie sera adress\u00e9e \u00e0 :\n-Monsieur le Pr\u00e9sident du Conseil M\u00e9dical D\u00e9partemental du Var,\nFait \u00e0 Toulon, le 28 mai 2024\nLe Pr\u00e9fet\n        Philippe MAHE\n                                                                                                                 Direction d\u00e9partementale de l'emploi, du travail et des solidarit\u00e9s du Var - 83-2024-05-28-00009 - ArretemodifCDG 01 02 2024 (003)2-1 57\nDirection d\u00e9partementale de l'emploi, du travail\net des solidarit\u00e9s du Var\n83-2024-06-04-00015\nprojet - arr\u00eate pr\u00e9fectoral portant composition\ndu comit\u00e9 op\u00e9rationnel d\u00e9partemental anti\nfraude du var CODAF\nDirection d\u00e9partementale de l'emploi, du travail et des solidarit\u00e9s du Var - 83-2024-06-04-00015 - projet - arr\u00eate pr\u00e9fectoral portant\ncomposition du comit\u00e9 op\u00e9rationnel d\u00e9partemental anti fraude du var CODAF 58\nDirection d\u00e9partementale\nde l'emploi, du travail \net des solidarit\u00e9s\nARRETE PREFECTORAL \nportant composition du comit\u00e9 op\u00e9rationnel d\u00e9partemental anti-fraude du Var\n(CODAF)\nLe Pr\u00e9fet du Var,\nVu le d\u00e9cret n\u00b02004-374 du 29 avril 2004 modifi\u00e9 relatif aux pouvoirs des pr\u00e9fets, \u00e0 l'organisation et \u00e0\nl'action des services de l'Etat dans les r\u00e9gions et d\u00e9partements ;\nVu le d\u00e9cret n\u00b02020-872 du 15 juillet 2020 relatif \u00e0 la coordination interminist\u00e9rielle en mati\u00e8re de lutte\ncontre  la  fraude  et  \u00e0  la  cr\u00e9ation  d'une  mission  interminist\u00e9rielle  de  coordination  anti-fraude,\nnotamment ses articles 7 \u00e0 9 ;\nVu le d\u00e9cret du Pr\u00e9sident de la R\u00e9publique du 13 juillet 2023 portant nomination de M. Philippe MAH \u00c9,\npr\u00e9fet du Var ;\nVu l'arr\u00eat\u00e9 interminist\u00e9riel du 12 octobre 2020 fixant la composition dans chaque d\u00e9partement des\ncomit\u00e9s op\u00e9rationnels d\u00e9partementaux anti-fraude ;\nSur proposition du secr\u00e9taire g\u00e9n\u00e9ral de la pr\u00e9fecture du Var ;\nARRETE\nARTICLE 1  er   :  Le comit\u00e9 op\u00e9rationnel d\u00e9partemental anti-fraude  est pr\u00e9sid\u00e9 conjointement  par le\npr\u00e9fet du Var et le procureur de la R\u00e9publique pr\u00e8s le tribunal judiciaire de Toulon. Il est compos\u00e9 des\npersonnes suivantes \u00a0:\n\uf02dle procureur de la R\u00e9publique pr\u00e8s le tribunal judiciaire de Draguignan ou son repr\u00e9sentant ;\n\uf02dle pr\u00e9sident du conseil d\u00e9partemental du Var ou son repr\u00e9sentant ;\n\uf02dle  directeur  des  services  d\u00e9partementaux  de  l'\u00c9ducation  nationale  (DSDEN)  ou  son\nrepr\u00e9sentant,  service d\u00e9partemental \u00e0 la jeunesse, \u00e0 l'engagement et aux sports (SDJES) \u00a0; \n\uf02dle directeur d\u00e9partemental des finances publiques du Var (DDFiP) ou son repr\u00e9sentant ;\n\uf02dle  commandant  du  groupement  de  gendarmerie  d\u00e9partementale  du  Var  (GGD)  ou  son\nrepr\u00e9sentant ;\nDirection d\u00e9partementale de l'emploi, du travail et des solidarit\u00e9s du Var - 83-2024-06-04-00015 - projet - arr\u00eate pr\u00e9fectoral portant\ncomposition du comit\u00e9 op\u00e9rationnel d\u00e9partemental anti fraude du var CODAF 59\n\uf02dle commandant du groupement de gendarmerie maritime de la M\u00e9diterran\u00e9e (GGM) ou son\nrepr\u00e9sentant ;\n\uf02dle directeur interd\u00e9partemental de la police nationale du Var (DIPN) ou son repr\u00e9sentant ;\n\uf02dle chef du service d\u00e9partemental de la police aux fronti\u00e8res du Var (SDPAF) ou son repr\u00e9sentant\n;\n\uf02dle  directeur  r\u00e9gional  des  douanes  et  droits  indirects  d'Aix-en-Provence  (DRDDI)  ou  son\nrepr\u00e9sentant ;\n\uf02dla  directrice  r\u00e9gionale  de  l'environnement,  de  l'am\u00e9nagement  et  du  logement  (DREAL)  de\nProvence-Alpes-C\u00f4te d'Azur ou son repr\u00e9sentant ;\n\uf02dle directeur d\u00e9partemental de l'emploi, du travail et des solidarit\u00e9s du Var (DDETS) ou son\nrepr\u00e9sentant ; \n\uf02dla  directrice  d\u00e9partementale  de  la  protection  des  populations  du  Var  (DDPP)  ou  son\nrepr\u00e9sentant ;\n\uf02dle d\u00e9l\u00e9gu\u00e9 d\u00e9partemental du Var de l'agence r\u00e9gionale de sant\u00e9 de Provence-Alpes-C\u00f4te d'Azur\n(ARS) ou son repr\u00e9sentant ;\n\uf02dle directeur de l'union de recouvrement des cotisations de s\u00e9curit\u00e9 sociale et d'allocations\nfamiliales (URSSAF) de Provence-Alpes-C\u00f4te d'Azur ou son repr\u00e9sentant ;\n\uf02dle  directeur  de  la  caisse  de  la  mutualit\u00e9  sociale  agricole  Provence-Azur  (MSA)  ou  son\nrepr\u00e9sentant ;\n\uf02dle directeur r\u00e9gional de France Travail de Provence-Alpes-C\u00f4te d'Azur ou son repr\u00e9sentant ;\n\uf02dle directeur de la caisse d'allocations familiales du Var (CAF) ou son repr\u00e9sentant ;\n\uf02dle directeur g\u00e9n\u00e9ral de la caisse d'assurance retraite et de la sant\u00e9 au travail Sud-Est (CARSAT)\nou son repr\u00e9sentant ;\n\uf02dla directrice de la caisse primaire d'assurance maladie du Var (CPAM) ou son repr\u00e9sentant ;\n\uf02dle directeur de la caisse nationale militaire de s\u00e9curit\u00e9 sociale (CNMSS) ou son repr\u00e9sentant \u00a0;\n\uf02dle responsable du centre de gestion et d'\u00e9tude de Marseille (CGEA) - Association pour la gestion\ndu r\u00e9gime de garantie des cr\u00e9ances des salari\u00e9s (AGS), ou son repr\u00e9sentant.\n\uf02dle r\u00e9f\u00e9rent fraude de la pr\u00e9fecture du Var.\nARTICLE  2 :  Tout  repr\u00e9sentant  de  services,  d'organismes  ou  de  collectivit\u00e9s  ayant  une  action  en\nmati\u00e8re  de  lutte  contre  la  fraude  dans  le  d\u00e9partement  du  Var  peut  \u00e9galement  demander  \u00e0  la\npr\u00e9sidence  du  comit\u00e9  op\u00e9rationnel  d\u00e9partemental  anti-fraude  \u00e0  y  \u00eatre  entendu  ou  associ\u00e9\nponctuellement.\nARTICLE 3 :  Le comit\u00e9 op\u00e9rationnel d\u00e9partemental anti-fraude se r\u00e9unit en formation pl\u00e9ni\u00e8re au\nmoins une fois par an sur convocation de la pr\u00e9sidence.\n \nARTICLE 4 : Le comit\u00e9 op\u00e9rationnel d\u00e9partemental anti-fraude est convoqu\u00e9 en formation restreinte\n(CODOP) et est pr\u00e9sid\u00e9 par le procureur de la R\u00e9publique pr\u00e8s le tribunal judiciaire de Toulon, le cas\n\u00e9ch\u00e9ant par le procureur de la R\u00e9publique pr\u00e8s le tribunal judiciaire de Draguignan. \nLe procureur de la R\u00e9publique fixe la composition du comit\u00e9 restreint selon l'ordre du jour dans un\nsouci  de  pr\u00e9servation  de  la  confidentialit\u00e9  des  op\u00e9rations.  Au  moins  un  membre  du  secr\u00e9tariat\npermanent mentionn\u00e9 \u00e0 l'article 5 y est associ\u00e9\nChaque  service  si\u00e9geant  au  comit\u00e9  op\u00e9rationnel  d\u00e9partemental  anti-fraude  peut  demander  la\nconvocation du comit\u00e9 restreint aupr\u00e8s du procureur de la R\u00e9publique lorsque la planification d'une\nop\u00e9ration complexe ou de grande ampleur l'imposeDirection d\u00e9partementale de l'emploi, du travail et des solidarit\u00e9s du Var - 83-2024-06-04-00015 - projet - arr\u00eate pr\u00e9fectoral portant\ncomposition du comit\u00e9 op\u00e9rationnel d\u00e9partemental anti fraude du var CODAF 60\nDirection d\u00e9partementale de l'emploi, du travail et des solidarit\u00e9s du Var - 83-2024-06-04-00015 - projet - arr\u00eate pr\u00e9fectoral portant\ncomposition du comit\u00e9 op\u00e9rationnel d\u00e9partemental anti fraude du var CODAF 61\nARTICLE 5 : Le secr\u00e9tariat permanent du comit\u00e9 d\u00e9partemental anti-fraude est assur\u00e9 conjointement\npar\u00a0:\n-un repr\u00e9sentant de la direction d\u00e9partementale de l'emploi, du travail et des solidarit\u00e9s du Var\n(DDETS)\u00a0;\n-un repr\u00e9sentant de la direction d\u00e9partementale des finances publiques du Var (DDFiP) \u00a0;\n-un repr\u00e9sentant de la caisse d'allocations familiales du Var (CAF).\nUne note conjointe du pr\u00e9fet du Var et du procureur de la R\u00e9publique pr\u00e8s le tribunal judiciaire de\nToulon d\u00e9finit les missions qui lui sont confi\u00e9es.\nARTICLE 6 : \nUn r\u00e8glement int\u00e9rieur sign\u00e9 conjointement du pr\u00e9fet du Var et du procureur de la R\u00e9publique pr\u00e8s le\ntribunal  judiciaire  de  Toulon  pr\u00e9cise  le  cadre  et  les  proc\u00e9dures  de  fonctionnement  du  comit\u00e9\nop\u00e9rationnel d\u00e9partemental anti-fraude dans le d\u00e9partement du Var.\nARTICLE 7 : \nL'arr\u00eat\u00e9  pr\u00e9fectoral  en  date  du  20  avril  2021  portant  composition  du  comit\u00e9  op\u00e9rationnel\nd\u00e9partemental anti-fraude du Var est abrog\u00e9.\nARTICLE 8 : Le secr\u00e9taire g\u00e9n\u00e9ral de la pr\u00e9fecture du Var est charg\u00e9 de l'ex\u00e9cution du pr\u00e9sent arr\u00eat\u00e9 qui\nsera notifi\u00e9 aux membres du comit\u00e9 op\u00e9rationnel d\u00e9partemental anti-fraude et publi\u00e9 au recueil des\nactes administratifs de la pr\u00e9fecture.\nToulon, le 4 juin 2024\nSign\u00e9 par le Pr\u00e9fet \nPhilippe Mah\u00e9\nDans un d\u00e9lai de deux mois \u00e0 compter de la date de la notification ou de la publication du pr\u00e9sent arr\u00eat\u00e9 au recueil des actes\nadministratifs de la pr\u00e9fecture, les recours suivants peuvent \u00eatre introduits conform\u00e9ment aux dispositions des articles R. 421-1 et\nsuivants du code de justice administrative :\n- un recours gracieux, adress\u00e9 \u00e0 : M. le Pr\u00e9fet du Var \u2013 Boulevard du 112 \u00e8me r\u00e9giment d'infanterie - CS 31209 - 83070 TOULON\nCEDEX\n- un recours hi\u00e9rarchique, aupr\u00e8s de la Ministre du travail, de l'emploi et de l'insertion \u2013 Minist\u00e8re du Travail, de l'emploi et de\nl'insertion \u2013 Direction G\u00e9n\u00e9rale du Travail (DGT) \u2013 39-43 Quai Andr\u00e9 Citro\u00ebn \u2013 75739 PARIS Cedex 15\nDans ces deux cas, le silence de l'Administration vaut rejet implicite au terme d'un d\u00e9lai de deux mois.Direction d\u00e9partementale de l'emploi, du travail et des solidarit\u00e9s du Var - 83-2024-06-04-00015 - projet - arr\u00eate pr\u00e9fectoral portant\ncomposition du comit\u00e9 op\u00e9rationnel d\u00e9partemental anti fraude du var CODAF 62\nApr\u00e8s un recours gracieux ou hi\u00e9rarchique, le d\u00e9lai du recours contentieux ne court qu'\u00e0 compter du rejet explicite ou implicite\nde l'un de ces recours.\n- un recours contentieux, en saisissant le Tribunal Administratif de Toulon \u00a0: 5 rue Racine -BP 40510 - 83 \u00a0041 TOULON CEDEX 9. Le\ntribunal administratif peut \u00e9galement \u00eatre saisi par l'application informatique TELERECOURS CITOYEN accessible par le site\nwww.telerecours.fr Direction d\u00e9partementale de l'emploi, du travail et des solidarit\u00e9s du Var - 83-2024-06-04-00015 - projet - arr\u00eate pr\u00e9fectoral portant\ncomposition du comit\u00e9 op\u00e9rationnel d\u00e9partemental anti fraude du var CODAF 63\nDirection d\u00e9partementale des territoires et de la\nmer du Var\n83-2024-06-17-00001\nArr\u00eat\u00e9 pr\u00e9fectoral DDTM/SHRU n\u00b0 2024-57 du 17\njuin 2024 autorisant l'exercice du droit de\npr\u00e9emption urbain par la m\u00e9tropole Toulon\nProvence M\u00e9diterran\u00e9e, pour l'acquisition d'un\nbien sis 82 rue Jean Zay sur la commune du\nPradet en application de l'article L.210-1 du code\nde l'urbanisme.\nDirection d\u00e9partementale des territoires et de la mer du Var - 83-2024-06-17-00001 - Arr\u00eat\u00e9 pr\u00e9fectoral DDTM/SHRU n\u00b0 2024-57 du 17\njuin 2024 autorisant l'exercice du droit de pr\u00e9emption urbain par la m\u00e9tropole Toulon Provence M\u00e9diterran\u00e9e, pour l'acquisition d'un\nbien sis 82 rue Jean Zay sur la commune du Pradet en application de l'article L.210-1 du code de l'urbanisme.64\nARR\u00caT\u00c9 PR\u00c9FECTORAL DDTM/SHRU/N\u00b02024-57 du 17 juin 2024\nautorisant l'exercice du droit de pr\u00e9emption urbain par la m\u00e9tropole\nToulon Provence M\u00e9diterran\u00e9e, \npour l'acquisition d'un bien sis 82 Rue Jean Zay sur la commune du Pradet \nen application de l'article L.210-1 du code de l'urbanisme.\nLe pr\u00e9fet du Var,\nVu le code de la construction et de l'habitation et notamment ses articles L.302-5, L.302-8 et\nL.302-9-1 ;\nVu le code de l'urbanisme et notamment les articles L.210-1 alin\u00e9a 2, L.213-1 et suivants, L.321-\n1 \u00e0 L.321-13 et R.213-3 et suivants  ;\nVu la loi n\u00b0 2000-1208 du 13 d\u00e9cembre 2000 relative \u00e0 la solidarit\u00e9 et au renouvellement\nurbains ;\nVu la loi n\u00b0 2014-366 du 24 mars 2014 pour l'acc\u00e8s au logement et un urbanisme r\u00e9nov\u00e9 et son\narticle 149 ;\nVu la  loi  n\u00b0  2018-1021  du  23  novembre  2018  portant  \u00e9volution  du  logement,  de\nl'am\u00e9nagement et du num\u00e9rique  ;\nVu la loi n\u00b0 2022-217 du 21 f\u00e9vrier 2022 relative \u00e0 la diff\u00e9renciation, la d\u00e9centralisation, la\nd\u00e9concentration et portant diverses mesures de simplification de l'action publique locale, et\nson article 71 ;\nVu l'arr\u00eat\u00e9 pr\u00e9fectoral DDTM/SHRU/N\u00b02023-107  du 20 d\u00e9cembre 2023 pronon\u00e7ant la carence\nde la commune du Pradet dans la r\u00e9alisation des objectifs de production de logements\nsociaux au cours de la p\u00e9riode triennale 2020-2022  ;\nVu le plan local d'urbanisme de la  commune du  Pradet  approuv\u00e9 le 21  d\u00e9cembre 2011,\npartiellement annul\u00e9 et modifi\u00e9  ;\nVu la  d\u00e9lib\u00e9ration  n\u00b018/10/312  du  conseil  m\u00e9tropolitain  du  25  octobre  2018  relative  \u00e0\nl'instauration du droit de pr\u00e9emption urbain  ; \n1/3\nDirection d\u00e9partementale\ndes territoires et de la mer du VarDirection d\u00e9partementale des territoires et de la mer du Var - 83-2024-06-17-00001 - Arr\u00eat\u00e9 pr\u00e9fectoral DDTM/SHRU n\u00b0 2024-57 du 17\njuin 2024 autorisant l'exercice du droit de pr\u00e9emption urbain par la m\u00e9tropole Toulon Provence M\u00e9diterran\u00e9e, pour l'acquisition d'un\nbien sis 82 rue Jean Zay sur la commune du Pradet en application de l'article L.210-1 du code de l'urbanisme.65\nVu la d\u00e9lib\u00e9ration du conseil m\u00e9tropolitain n\u00b0 22/12/400 en date du 15 d\u00e9cembre 2022 en\ntant qu'elle instaure du Droit de Pr\u00e9emption Urbain sur les zones U et AU du Plan Local\nd'Urbanisme du Pradet,\nVu la d\u00e9lib\u00e9ration du conseil m\u00e9tropolitain n\u00b0 22/12/399 en date du 15 d\u00e9cembre 2022 en\ntant qu'elle instaure le Droit de Pr\u00e9emption Urbain renforc\u00e9  ;\nVu  la d\u00e9claration d'intention d'ali\u00e9ner (DIA) n\u00b0  48/2024 souscrite par Ma\u00eetre ALBERT-RISSO\nNathalie, notaire, 66 place Paul Flamencq \u2013 83220 LE PRADET , re\u00e7ue en mairie du Pradet le\n25 avril 2024, portant sur la vente d'un bien sis 82 rue Jean Zay au PRADET (83220) , sur les\nparcelles cadastr\u00e9es AX 50 et AX 51, selon les modalit\u00e9s stipul\u00e9es dans la DIA  ;\nVu le courrier du pr\u00e9sident de la m\u00e9tropole Toulon Provence M\u00e9diterran\u00e9e en date du 27 mai\n2024 motivant la n\u00e9cessit\u00e9 d'acqu\u00e9rir le bien objet du pr\u00e9sent arr\u00eat\u00e9  ;\nConsid\u00e9rant qu'il r\u00e9sulte des dispositions de l'article L.210-1 alin\u00e9a 2 du code de l'urbanisme\nque  pendant  la  dur\u00e9e  d'application  de  l'arr\u00eat\u00e9  pr\u00e9fectoral  DDTM/SHRU/N\u00b02023-107  du\n20 d\u00e9cembre 2023, le droit de pr\u00e9emption est exerc\u00e9 par le repr\u00e9sentant de l'\u00c9tat dans le\nd\u00e9partement lorsque l'ali\u00e9nation porte sur un des biens ou droits \u00e9num\u00e9r\u00e9s aux 1\u00b0 \u00e0 4\u00b0 de\nl'article L.213-1 du code de l'urbanisme, affect\u00e9 au logement ou destin\u00e9 \u00e0 \u00eatre affect\u00e9 \u00e0 une\nop\u00e9ration  ayant  fait  l'objet  de  la  convention  pr\u00e9vue  \u00e0  l'article  L.302-9-1  du  code  de  la\nconstruction et de l'habitation  ;\nConsid\u00e9rant qu'il r\u00e9sulte \u00e9galement des dispositions de l'article L.210-1 alin\u00e9a 2 du code de\nl'urbanisme que le repr\u00e9sentant de l'\u00c9tat dans le d\u00e9partement peut, sur demande motiv\u00e9e de\nla collectivit\u00e9 territoriale initialement titulaire du droit de pr\u00e9emption et en vue d'un bien\npr\u00e9cis\u00e9ment identifi\u00e9, renoncer pour lui-m\u00eame \u00e0 exercer ce droit et autoriser, par arr\u00eat\u00e9\nmotiv\u00e9, la-dite collectivit\u00e9 territoriale \u00e0 exercer ce droit pour ce seul bien  ;\nConsid\u00e9rant que l'acquisition du bien sis 82 rue Jean Zay au PRADET 83220, permettrait \u00e0 la\ncommune de r\u00e9aliser  un projet de renouvellement urbain.\nConsid\u00e9rant le d\u00e9lai de 2 mois \u00e0 compter de la communication de la d\u00e9claration d'intention\nd'ali\u00e9ner pour faire part aux propri\u00e9taires de l'intention d'acqu\u00e9rir en application du droit de\npr\u00e9emption,\nSur proposition du directeur d\u00e9partemental des territoires et de la mer  ;\nARR\u00caTE \nArticle 1 : L'\u00c9tat renonce \u00e0 exercer son droit de pr\u00e9emption  en application de l'article L.210-1\ndu code de l'urbanisme,  pour la partie inscrite dans le p\u00e9rim\u00e8tre de droit de pr\u00e9emption\nsimple conform\u00e9ment \u00e0 l'article L213-1-2 du code de l'urbanisme,  et autorise la m\u00e9tropole\nToulon Provence M\u00e9diterran\u00e9e \u00e0 exercer ce droit de pr\u00e9emption pour l'acquisition du bien\nd\u00e9fini \u00e0 l'article 2.\nArticle 2 : Le pr\u00e9sent arr\u00eat\u00e9 concerne les parcelles cadastr\u00e9es AX 50 et AX 51, d'une surface\nde 576 m\u00b2, inscrites dans le p\u00e9rim\u00e8tre de droit de pr\u00e9emption urbain simple, sis 82 rue Jean\nZay \u2013  83220 Le Pradet et compos\u00e9e d'une maison d'habitation de 74,30  m\u00b2  ;\n2/3Direction d\u00e9partementale des territoires et de la mer du Var - 83-2024-06-17-00001 - Arr\u00eat\u00e9 pr\u00e9fectoral DDTM/SHRU n\u00b0 2024-57 du 17\njuin 2024 autorisant l'exercice du droit de pr\u00e9emption urbain par la m\u00e9tropole Toulon Provence M\u00e9diterran\u00e9e, pour l'acquisition d'un\nbien sis 82 rue Jean Zay sur la commune du Pradet en application de l'article L.210-1 du code de l'urbanisme.66\nArticle 3 : Le bien acquis doit \u00eatre utilis\u00e9 en vue de la r\u00e9alisation, dans l'int\u00e9r\u00eat g\u00e9n\u00e9ral, des\nactions ou op\u00e9rations r\u00e9pondant aux objets d\u00e9finis \u00e0 l'article L. 300-1 du code de l'urbanisme,\nou pour constituer des r\u00e9serves fonci\u00e8res en vue de permettre la r\u00e9alisation desdites actions\nou op\u00e9rations d'am\u00e9nagement.\nL'acquisition de ce bien s'inscrit dans le cadre de la politique locale de l'habitat et la strat\u00e9gie\nfonci\u00e8re mise en \u0153uvre par la commune du Pradet.\nArticle 4 : Le secr\u00e9taire g\u00e9n\u00e9ral de la pr\u00e9fecture du Var  et le directeur d\u00e9partemental des\nterritoires et de la mer du Var sont charg\u00e9s, chacun en ce qui le concerne, de l'ex\u00e9cution du\npr\u00e9sent arr\u00eat\u00e9 qui sera publi\u00e9 au recueil des actes administratifs de la pr\u00e9fecture du Var.\nFait \u00e0 Toulon, le 17 juin 2024\nPour le Pr\u00e9fet et par d\u00e9l\u00e9gation,\nLe secr\u00e9taire g\u00e9n\u00e9ral\nSign\u00e9\nLucien GIUDICELLI\n\u00e9lais et voies de recours :Conform\u00e9ment \u00e0 l'article R 421-1 du code de justice administrative, la pr\u00e9sente d\u00e9cision peut faire l'objet d'un recours contentieux, dans le d\u00e9lai de\ndeux mois \u00e0 compter de sa notification, devant le tribunal administratif de Toulon. Elle peut \u00e9galement faire l'objet d'un recours gracieux aupr\u00e8s de\nMonsieur le Pr\u00e9fet du Var. Cette d\u00e9marche interrompt le d\u00e9lai de recours contentieux, ce dernier devant \u00eatre introduit dans le d\u00e9lai de deux mois\nsuivant une d\u00e9cision implicite ou explicite de l'autorit\u00e9 comp\u00e9tente (le silence de l'administration pendant un d\u00e9lai de deux mois valant d\u00e9cision\nimplicite de rejet). Le  tribunal administratif peut \u00eatre  saisi par l'application informatique  \u00ab  T\u00e9l\u00e9recours citoyens \u00bb accessible  par le site inte rnet\nwww.telerecours.fr.\n3/3Direction d\u00e9partementale des territoires et de la mer du Var - 83-2024-06-17-00001 - Arr\u00eat\u00e9 pr\u00e9fectoral DDTM/SHRU n\u00b0 2024-57 du 17\njuin 2024 autorisant l'exercice du droit de pr\u00e9emption urbain par la m\u00e9tropole Toulon Provence M\u00e9diterran\u00e9e, pour l'acquisition d'un\nbien sis 82 rue Jean Zay sur la commune du Pradet en application de l'article L.210-1 du code de l'urbanisme.67\nPr\u00e9fecture du VAR\n83-2024-06-17-00002\nARR\u00caTE N\u00b0DCL/BERG/183 DU 17 JUIN 2024\nFIXANT LA LISTE DES CANDIDATS POUR LE 1er\nTOUR DE SCRUTIN DE CHAQUE\nCIRCONSCRIPTION L\u00c9GISLATIVE DU\nD\u00c9PARTEMENT DU VAR POUR L\u25a1\u00c9LECTION DES\nD\u00c9PUT\u00c9S A L\u25a1ASSEMBL\u00c9E NATIONALE SCRUTIN\nDES 30 JUIN ET 7 JUILLET 2024\nPr\u00e9fecture du VAR - 83-2024-06-17-00002 - ARR\u00caTE N\u00b0DCL/BERG/183 DU 17 JUIN 2024 FIXANT LA LISTE DES CANDIDATS POUR LE 1er\nTOUR DE SCRUTIN DE CHAQUE CIRCONSCRIPTION L\u00c9GISLATIVE DU D\u00c9PARTEMENT DU VAR POUR L\u25a1\u00c9LECTION DES D\u00c9PUT\u00c9S A\nL\u25a1ASSEMBL\u00c9E NATIONALE SCRUTIN DES 30 JUIN ET 7 JUILLET 202468\n \nDirection de la citoyennet\u00e9 et de la l\u00e9galit\u00e9\nBureau des \u00e9lections et de la r\u00e9glementation g\u00e9n\u00e9rale\nARR\u00caTE N\u00b0DCL/BERG/183 DU 17 JUIN 2024\nFIXANT LA LISTE DES CANDIDATS POUR LE 1er TOUR DE SCRUTIN\nDE CHAQUE CIRCONSCRIPTION L\u00c9GISLATIVE DU D\u00c9PARTEMENT DU VAR\nPOUR L'\u00c9LECTION DES D\u00c9PUT\u00c9S A L'ASSEMBL\u00c9E NATIONALE\n SCRUTIN DES 30 JUIN ET 7 JUILLET 2024  \nLe Pr\u00e9fet du Var,\nVu le code \u00e9lectoral ; \nVu le d\u00e9cret n\u00b02024-527 du 9 juin 2024  portant convocation des \u00e9lecteurs pour l'\u00e9lection des\nd\u00e9put\u00e9s \u00e0 l'Assembl\u00e9e Nationale  ;\nVU l'arr\u00eat\u00e9 pr\u00e9fectoral n\u00b0 DCL/BERG/2024/180 du 12 juin 2024 fixant les lieux et horaires pour le\nd\u00e9p\u00f4t des d\u00e9clarations de candidatures pour l'\u00e9lection des d\u00e9put\u00e9s \u00e0 l'Assembl\u00e9e Nationale \u2013\nScrutin des 30 juin et 7 juillet 2024  ;\n \nVU les d\u00e9clarations de candidatures enregistr\u00e9es \u00e0 la Pr\u00e9fecture, en vue du 1er tour de scrutin,\ndans les 8 circonscriptions du d\u00e9partement du Var  ;\nVU les r\u00e9sultats du tirage au sort effectu\u00e9 le dimanche 16 juin 2024 \u00e0 la pr\u00e9fecture  ;\nSUR proposition du secr\u00e9taire g\u00e9n\u00e9ral de la Pr\u00e9fecture du Var  ;\nA R R \u00ca T E  \nARTICLE 1 : La liste des candidats enregistr\u00e9s \u00e0 la pr\u00e9fecture pour le 1er tour de scrutin pour\nl'\u00e9lection  des  d\u00e9put\u00e9s  \u00e0  l'Assembl\u00e9e  nationale  le  30  juin  2024,  est  fix\u00e9e,  pour  chaque\ncirconscription, selon l'annexe jointe au pr\u00e9sent arr\u00eat\u00e9.\nARTICLE 2 : Dans chaque circonscription, les panneaux r\u00e9serv\u00e9s \u00e0 l'affichage \u00e9lectoral seront\nattribu\u00e9s selon l'ordre figurant dans la m\u00eame annexe.\n1/2\nPr\u00e9fecture du VAR - 83-2024-06-17-00002 - ARR\u00caTE N\u00b0DCL/BERG/183 DU 17 JUIN 2024 FIXANT LA LISTE DES CANDIDATS POUR LE 1er\nTOUR DE SCRUTIN DE CHAQUE CIRCONSCRIPTION L\u00c9GISLATIVE DU D\u00c9PARTEMENT DU VAR POUR L\u25a1\u00c9LECTION DES D\u00c9PUT\u00c9S A\nL\u25a1ASSEMBL\u00c9E NATIONALE SCRUTIN DES 30 JUIN ET 7 JUILLET 202469\nARTICLE 3 : Conform\u00e9ment \u00e0 l'article R. 28 du code \u00e9lectoral, l'ordre retenu pour le premier\ntour \u00e0 l'issue du tirage au sort du 16 juin 2024 \u00e0 18h30 sera conserv\u00e9 dans l'\u00e9ventualit\u00e9 d'un\nsecond tour de scrutin.\nARTICLE 4 : Le secr\u00e9taire g\u00e9n\u00e9ral de la pr\u00e9fecture du Var et les maires du d\u00e9partement sont\ncharg\u00e9s, chacun en ce qui le concerne, de l'ex\u00e9cution du pr\u00e9sent arr\u00eat\u00e9, qui sera publi\u00e9 au\nrecueil des actes administratifs de la pr\u00e9fecture du Var.\nDans un d\u00e9lai de deux mois \u00e0 compter de la date de la notification ou de la publication du pr\u00e9sent arr\u00eat\u00e9 au recueil des actes administratifs de lapr\u00e9fecture,  les  recours  suivants  peuvent  \u00eatre  introduits  conform\u00e9ment  aux  dispositions  des  articles  R.  421-1  et  suivants  du  code  de  justiceadministrative :- un recours gracieux, adress\u00e9 \u00e0 : M. le Pr\u00e9fet du Var \u2013 Bd du 112 \u00e8me r\u00e9giment d'infanterie- 83070 TOULON CEDEX- un recours hi\u00e9rarchique, adress\u00e9  au(x) ministre(s) concern\u00e9(s)  ;Dans ces deux cas, le silence de l'Administration vaut rejet implicite au terme d'un d\u00e9lai de deux mois.Apr\u00e8s un recours gracieux ou hi\u00e9rarchique, le d\u00e9lai du recours contentieux ne court qu'\u00e0 compter du rejet explicite ou implicite de l'un de ces recours.- un recours contentieux, en saisissant le Tribunal Administratif de Toulon  : 5 rue Racine -BP 40510 - 83  041 TOULON CEDEX 9\n2/2Pour le pr\u00e9fet et par d\u00e9l\u00e9gation,\nLe secr\u00e9taire g\u00e9n\u00e9ral,\nSign\u00e9  : Lucien GIUDICELLIPr\u00e9fecture du VAR - 83-2024-06-17-00002 - ARR\u00caTE N\u00b0DCL/BERG/183 DU 17 JUIN 2024 FIXANT LA LISTE DES CANDIDATS POUR LE 1er\nTOUR DE SCRUTIN DE CHAQUE CIRCONSCRIPTION L\u00c9GISLATIVE DU D\u00c9PARTEMENT DU VAR POUR L\u25a1\u00c9LECTION DES D\u00c9PUT\u00c9S A\nL\u25a1ASSEMBL\u00c9E NATIONALE SCRUTIN DES 30 JUIN ET 7 JUILLET 202470\nPr\u00e9fecture du VAR - 83-2024-06-17-00002 - ARR\u00caTE N\u00b0DCL/BERG/183 DU 17 JUIN 2024 FIXANT LA LISTE DES CANDIDATS POUR LE 1er\nTOUR DE SCRUTIN DE CHAQUE CIRCONSCRIPTION L\u00c9GISLATIVE DU D\u00c9PARTEMENT DU VAR POUR L\u25a1\u00c9LECTION DES D\u00c9PUT\u00c9S A\nL\u25a1ASSEMBL\u00c9E NATIONALE SCRUTIN DES 30 JUIN ET 7 JUILLET 202471\nPr\u00e9fecture du VAR - 83-2024-06-17-00002 - ARR\u00caTE N\u00b0DCL/BERG/183 DU 17 JUIN 2024 FIXANT LA LISTE DES CANDIDATS POUR LE 1er\nTOUR DE SCRUTIN DE CHAQUE CIRCONSCRIPTION L\u00c9GISLATIVE DU D\u00c9PARTEMENT DU VAR POUR L\u25a1\u00c9LECTION DES D\u00c9PUT\u00c9S A\nL\u25a1ASSEMBL\u00c9E NATIONALE SCRUTIN DES 30 JUIN ET 7 JUILLET 202472\nPr\u00e9fecture du VAR - 83-2024-06-17-00002 - ARR\u00caTE N\u00b0DCL/BERG/183 DU 17 JUIN 2024 FIXANT LA LISTE DES CANDIDATS POUR LE 1er\nTOUR DE SCRUTIN DE CHAQUE CIRCONSCRIPTION L\u00c9GISLATIVE DU D\u00c9PARTEMENT DU VAR POUR L\u25a1\u00c9LECTION DES D\u00c9PUT\u00c9S A\nL\u25a1ASSEMBL\u00c9E NATIONALE SCRUTIN DES 30 JUIN ET 7 JUILLET 202473\nPr\u00e9fecture du VAR - 83-2024-06-17-00002 - ARR\u00caTE N\u00b0DCL/BERG/183 DU 17 JUIN 2024 FIXANT LA LISTE DES CANDIDATS POUR LE 1er\nTOUR DE SCRUTIN DE CHAQUE CIRCONSCRIPTION L\u00c9GISLATIVE DU D\u00c9PARTEMENT DU VAR POUR L\u25a1\u00c9LECTION DES D\u00c9PUT\u00c9S A\nL\u25a1ASSEMBL\u00c9E NATIONALE SCRUTIN DES 30 JUIN ET 7 JUILLET 202474\nPr\u00e9fecture du VAR - 83-2024-06-17-00002 - ARR\u00caTE N\u00b0DCL/BERG/183 DU 17 JUIN 2024 FIXANT LA LISTE DES CANDIDATS POUR LE 1er\nTOUR DE SCRUTIN DE CHAQUE CIRCONSCRIPTION L\u00c9GISLATIVE DU D\u00c9PARTEMENT DU VAR POUR L\u25a1\u00c9LECTION DES D\u00c9PUT\u00c9S A\nL\u25a1ASSEMBL\u00c9E NATIONALE SCRUTIN DES 30 JUIN ET 7 JUILLET 202475\nPr\u00e9fecture du VAR - 83-2024-06-17-00002 - ARR\u00caTE N\u00b0DCL/BERG/183 DU 17 JUIN 2024 FIXANT LA LISTE DES CANDIDATS POUR LE 1er\nTOUR DE SCRUTIN DE CHAQUE CIRCONSCRIPTION L\u00c9GISLATIVE DU D\u00c9PARTEMENT DU VAR POUR L\u25a1\u00c9LECTION DES D\u00c9PUT\u00c9S A\nL\u25a1ASSEMBL\u00c9E NATIONALE SCRUTIN DES 30 JUIN ET 7 JUILLET 202476\nPr\u00e9fecture du VAR - 83-2024-06-17-00002 - ARR\u00caTE N\u00b0DCL/BERG/183 DU 17 JUIN 2024 FIXANT LA LISTE DES CANDIDATS POUR LE 1er\nTOUR DE SCRUTIN DE CHAQUE CIRCONSCRIPTION L\u00c9GISLATIVE DU D\u00c9PARTEMENT DU VAR POUR L\u25a1\u00c9LECTION DES D\u00c9PUT\u00c9S A\nL\u25a1ASSEMBL\u00c9E NATIONALE SCRUTIN DES 30 JUIN ET 7 JUILLET 202477\nPr\u00e9fecture du VAR - 83-2024-06-17-00002 - ARR\u00caTE N\u00b0DCL/BERG/183 DU 17 JUIN 2024 FIXANT LA LISTE DES CANDIDATS POUR LE 1er\nTOUR DE SCRUTIN DE CHAQUE CIRCONSCRIPTION L\u00c9GISLATIVE DU D\u00c9PARTEMENT DU VAR POUR L\u25a1\u00c9LECTION DES D\u00c9PUT\u00c9S A\nL\u25a1ASSEMBL\u00c9E NATIONALE SCRUTIN DES 30 JUIN ET 7 JUILLET 202478\nPr\u00e9fecture du VAR - 83-2024-06-17-00002 - ARR\u00caTE N\u00b0DCL/BERG/183 DU 17 JUIN 2024 FIXANT LA LISTE DES CANDIDATS POUR LE 1er\nTOUR DE SCRUTIN DE CHAQUE CIRCONSCRIPTION L\u00c9GISLATIVE DU D\u00c9PARTEMENT DU VAR POUR L\u25a1\u00c9LECTION DES D\u00c9PUT\u00c9S A\nL\u25a1ASSEMBL\u00c9E NATIONALE SCRUTIN DES 30 JUIN ET 7 JUILLET 202479\nPr\u00e9fecture du VAR - 83-2024-06-17-00002 - ARR\u00caTE N\u00b0DCL/BERG/183 DU 17 JUIN 2024 FIXANT LA LISTE DES CANDIDATS POUR LE 1er\nTOUR DE SCRUTIN DE CHAQUE CIRCONSCRIPTION L\u00c9GISLATIVE DU D\u00c9PARTEMENT DU VAR POUR L\u25a1\u00c9LECTION DES D\u00c9PUT\u00c9S A\nL\u25a1ASSEMBL\u00c9E NATIONALE SCRUTIN DES 30 JUIN ET 7 JUILLET 202480\nPr\u00e9fecture du VAR\n83-2024-06-10-00061\nARR\u00caT\u00c9 PR\u00c9FECTORAL du 10 juin 2024\nportant modification de la composition\nnominative de la formation sp\u00e9cialis\u00e9e                   \n\u00ab publicit\u00e9 \u00bb de la commission d\u00e9partementale\nde la nature, des paysages et des sites du Var.\nPr\u00e9fecture du VAR - 83-2024-06-10-00061 - ARR\u00caT\u00c9 PR\u00c9FECTORAL du 10 juin 2024\nportant modification de la composition nominative de la formation sp\u00e9cialis\u00e9e                    \u00ab publicit\u00e9 \u00bb de la commission\nd\u00e9partementale\nde la nature, des paysages et des sites du Var.81\nDirection de la coordination\ndes politiques publiques et\nde l'appui territorial\nBureau de l'environnement et du d\u00e9veloppement durable\nARR\u00caT\u00c9 PR\u00c9FECTORAL du 10 juin 2024\nportant modification de la composition nominative\nde la formation sp\u00e9cialis\u00e9e \u00ab  publicit\u00e9 \u00bb de la commission d\u00e9partementale\nde la nature, des paysages et des sites du Var.\nLe pr\u00e9fet du Var,\nVu le code de l'environnement, notamment les articles R341-16 \u00e0 R341-20  ;\nVu le code g\u00e9n\u00e9ral des collectivit\u00e9s territoriales  ;\nVu  le  code  des  relations  entre  le  public  et  l'administration,  notamment  les  articles\nR133-1 \u00e0 R133-15 ;\nVu le d\u00e9cret n\u00b0 2011-833 du 12 juillet 2011 modifi\u00e9 fixant la liste des instances consultatives\nayant vocation \u00e0 examiner les politiques d'environnement et de d\u00e9veloppement durable  ;\nVu  le  d\u00e9cret  du  Pr\u00e9sident  de  la  R\u00e9publique  du  13  juillet  2023  nommant\nM. Philippe MAH\u00c9 pr\u00e9fet  du Var ;\nVu le d\u00e9cret du Pr\u00e9sident de la R\u00e9publique du 15 avril 2022 nommant M. Lucien GIUDICELLI\nsecr\u00e9taire g\u00e9n\u00e9ral de la pr\u00e9fecture du Var, sous-pr\u00e9fet de l'arrondissement de Toulon  ;\nVu l'arr\u00eat\u00e9 pr\u00e9fectoral n\u00b0 2024/14/MCI du 12 avril 2024 portant d\u00e9l\u00e9gation de signature \u00e0\nM.  Lucien  GIUDICELLI,  secr\u00e9taire  g\u00e9n\u00e9ral  de  la  pr\u00e9fecture  du  Var,  sous-pr\u00e9fet  de\nl'arrondissement de Toulon  ;\nVu l'arr\u00eat\u00e9 pr\u00e9fectoral du 5 octobre 2006 portant cr\u00e9ation de la commission d\u00e9partementale\nde la nature, des paysages et des sites du Var  ;\nVu  l'arr\u00eat\u00e9  pr\u00e9fectoral  du  6  octobre  2022  portant  renouvellement  de  la  composition\nnominative de la formation sp\u00e9cialis\u00e9e \u00ab  publicit\u00e9 \u00bb de la commission d\u00e9partementale de la\nnature, des paysages et des sites (CDNPS) du Var ;\n1Pr\u00e9fecture du VAR - 83-2024-06-10-00061 - ARR\u00caT\u00c9 PR\u00c9FECTORAL du 10 juin 2024\nportant modification de la composition nominative de la formation sp\u00e9cialis\u00e9e                    \u00ab publicit\u00e9 \u00bb de la commission\nd\u00e9partementale\nde la nature, des paysages et des sites du Var.82\nVu l'arr\u00eat\u00e9 pr\u00e9fectoral du 22 janvier 2024 portant modification de la composition nominative\nde la formation sp\u00e9cialis\u00e9e \u00ab  Publicit\u00e9 \u00bb du Var ;\nVu le courrier du 8 janvier 2024, par lequel la pr\u00e9sident de l'association \u00ab  France Nature\nEnvironnement  83  \u00bb  propose  la  d\u00e9signation  de  M.  Jean-Louis  AULARD-MACLER  pour\nrepr\u00e9senter l'association et si\u00e9ger au sein du troisi\u00e8me coll\u00e8ge de la formation sp\u00e9cialis\u00e9e\n\u00ab Sites et paysages \u00bb de la CDNPS du Var  ;\nConsid\u00e9rant qu'il convient de modifier la composition nominative du troisi\u00e8me coll\u00e8ge pour\ntenir compte de ce changement  ;\nSur proposition du  secr\u00e9taire g\u00e9n\u00e9ral de la pr\u00e9fecture du Var,\nA R R \u00ca T E\nArticle 1\nL'article  1  de  l'arr\u00eat\u00e9  pr\u00e9fectoral  du  6  octobre  2022  portant  renouvellement  de  la\ncomposition  nominative  de  la  formation  sp\u00e9cialis\u00e9e  \u00ab  publicit\u00e9 \u00bb  de  la  commission\nd\u00e9partementale de la nature, des paysages et des sites du Var, pr\u00e9sid\u00e9e par le pr\u00e9fet ou son\nrepr\u00e9sentant, est modifi\u00e9 comme suit  : \n\u00ab 1. Coll\u00e8ge des repr\u00e9sentants de l'\u00c9tat\n\u27a2le directeur r\u00e9gional de l'environnement, de l'am\u00e9nagement et du logement ou son\nrepr\u00e9sentant ;\n\u27a2deux repr\u00e9sentants du directeur des territoires et de la mer, au titre de l'urbanisme et\nde l'agriculture ;\n\u27a2la  cheffe  de  l'unit\u00e9  d\u00e9partementale  de  l'architecture  et  du  patrimoine  ou  son\nrepr\u00e9sentant.\n2. Coll\u00e8ge des repr\u00e9sentants des collectivit\u00e9s territoriales et des \u00e9tablissements publics de\ncoop\u00e9ration intercommunale\n\u27a2maires :\nTitulaire       : Mme Carine PAILLARD, maire de Plan-d'Aups-Sainte-Baume  ;\nSuppl\u00e9ant   : M. Laurent GUEIT, maire de Mazaugues  ;\nTitulaire       : M. Philippe BARTHELEMY, maire de Saint-Cyr-sur-mer  ;\nSuppl\u00e9ante : Mme Blandine MONIER, maire d'\u00c9venos  ;\n\u27a2conseillers d\u00e9partementaux  :\nTitulaire        : Mme Andr\u00e9e SAMAT  ;\nSuppl\u00e9ante  : Mme Martine ARENAS ;\n2Pr\u00e9fecture du VAR - 83-2024-06-10-00061 - ARR\u00caT\u00c9 PR\u00c9FECTORAL du 10 juin 2024\nportant modification de la composition nominative de la formation sp\u00e9cialis\u00e9e                    \u00ab publicit\u00e9 \u00bb de la commission\nd\u00e9partementale\nde la nature, des paysages et des sites du Var.83\n\u27a2repr\u00e9sentants d'\u00e9tablissement public de coop\u00e9ration intercommunale\nTitulaire      : M. Gilles VINCENT,\n                                   vice-pr\u00e9sident de la m\u00e9tropole Toulon-Provence-M\u00e9diterran\u00e9e  ;\nSuppl\u00e9ant  : M. Rolland BALBIS,\n                                   pr\u00e9sident de la communaut\u00e9 de communes \u00ab  Lacs et gorges du Verdon  \u00bb.\n3. Coll\u00e8ge des personnels qualifi\u00e9s en mati\u00e8re de science de la nature, de protection des sites\nou  du  cadre  de  vie,  de  repr\u00e9sentants  d'associations  agr\u00e9\u00e9es  de  protection  de\nl'environnement\n\u27a2personnalit\u00e9s qualifi\u00e9es en mati\u00e8re de science de la nature, de protection des sites ou\ndu cadre de vie\n      Titulaire     : M. Fr\u00e9d\u00e9ric \u00c9TH\u00c8VE , \u00e9cologue ;\n      Suppl\u00e9ant : M. Yves MORVANT, \u00e9cologue  ;\nTitulaire     : M. Jean-Pierre CLARAC, paysagiste  ;\nSuppl\u00e9ant : M. Didier COROT, paysagiste  ;\n\u27a2associations agr\u00e9\u00e9es de protection de l'environnement  \nTitulaire    :  Mme  Annick  GENNERAT,  association  varoise  pour  la  sauvegarde  de\nl'agriculture, de la nature et de l'environnement (AVSANE)  ;\nSuppl\u00e9ante :  Mme  Annie  COMBES,  association  varoise  pour  la  sauvegarde  de\nl'agriculture, de la nature et de l'environnement (AVSANE)  ;\nTitulaire       : M. Jean-Louis AULARD-MACLER, France nature environnement Var (FNE \n83) ;\nSuppl\u00e9ant     : M. Patrick LAFFITTE, France nature environnement Var (FNE 83)  ;\n4. Coll\u00e8ge  des  professionnels  repr\u00e9sentant  les  entreprises  de  publicit\u00e9  et  les  fabricants\nd'enseignes\n\u27a2Publicit\u00e9\nTitulaire     : M. Antoine MOULIN (Groupe JC Decaux)  ;\nSuppl\u00e9ant : M. Patrice QUESNE (Groupe JC Decaux)  ;\nTitulaire     : M. J\u00e9r\u00f4me BRISSON (Insert)  ;\nSuppl\u00e9ant : M. Charles-Henri DOUMERC (UPE)  ;\nTitulaire       : M. St\u00e9phane GAFFORI (Cityz Media)  ;\nSuppl\u00e9ante : Mme Cl\u00e9mence LORENZATO (Cityz Media)  ;\n\u27a2Enseignes\nTitulaire       : M. Bernard VOARINO (e-visions)  ;\nSuppl\u00e9ante : Mme Gwena\u00eblle GIL-PAILLIEUX (e-visions) \u00bb.\n3Pr\u00e9fecture du VAR - 83-2024-06-10-00061 - ARR\u00caT\u00c9 PR\u00c9FECTORAL du 10 juin 2024\nportant modification de la composition nominative de la formation sp\u00e9cialis\u00e9e                    \u00ab publicit\u00e9 \u00bb de la commission\nd\u00e9partementale\nde la nature, des paysages et des sites du Var.84\nArticle 2 \nLe pr\u00e9sent arr\u00eat\u00e9 peut faire l'objet d'un recours gracieux adress\u00e9 au pr\u00e9fet du Var, ou d'un\nrecours hi\u00e9rarchique aupr\u00e8s du ministre de tutelle ou d'un  recours contentieux devant le\ntribunal administratif de Toulon, dans un d\u00e9lai de deux mois \u00e0 compter de sa date de\nnotification ou de publication au recueil des actes administratifs de la pr\u00e9fecture.\nLe silence gard\u00e9 par l'administration pendant plus de deux mois sur la demande de recours\ngracieux emporte d\u00e9cision implicite de rejet de cette demande conform\u00e9ment \u00e0 l'article\nR421-2 du code de justice administrative.\nCette  d\u00e9cision  implicite  de  rejet  peut  alors  faire  l'objet  d'un  recours  devant  le  tribunal\nadministratif territorialement comp\u00e9tent dans un d\u00e9lai de deux mois.\nDans  le cas o\u00f9  un recours contentieux  serait engag\u00e9 devant le tribunal administratif  de\nToulon, il intervient par un d\u00e9p\u00f4t de requ\u00eate, soit aupr\u00e8s de l'accueil de la juridiction, soit par\ncourrier ou au moyen de l'application informatique \"T\u00e9l\u00e9recours citoyen\" accessible par le\nsite internet www.telerecours.fr  .  \nArticle 3     \nLe secr\u00e9taire g\u00e9n\u00e9ral de la pr\u00e9fecture du Var est charg\u00e9 de l'ex\u00e9cution du pr\u00e9sent arr\u00eat\u00e9 qui\nsera publi\u00e9 au recueil des actes administratifs de la pr\u00e9fecture du Var et dont copie sera\nadress\u00e9e aux membres de la commission d\u00e9partementale de la nature, des paysages et des\nsites dans sa formation \u00ab  publicit\u00e9 \u00bb.\nFait \u00e0 Toulon, le 10 juin 2024\nPour le pr\u00e9fet du Var et \nPar d\u00e9l\u00e9gation,\nLe secr\u00e9taire g\u00e9n\u00e9ral,\nLucien GIUDICELLI\n4Pr\u00e9fecture du VAR - 83-2024-06-10-00061 - ARR\u00caT\u00c9 PR\u00c9FECTORAL du 10 juin 2024\nportant modification de la composition nominative de la formation sp\u00e9cialis\u00e9e                    \u00ab publicit\u00e9 \u00bb de la commission\nd\u00e9partementale\nde la nature, des paysages et des sites du Var.85","date":"2024-06-17","first_seen_on":"2024-06-17T15:09:20+00:00","id":"1ee4a3af354e72be1eaa294855ffd8a5b3dbea05177a69df1b5205c490f1f0a2","name":"RAA N\u00b0141 du 17 juin 2024","pdf_creation_date":"2024-06-17T14:07:08+00:00","pdf_modification_date":null,"timezone":"Europe/Paris","url":"https://www.var.gouv.fr/contenu/telechargement/35036/232811/file/RAA%20N%C2%B0141%20du%2017%20juin%202024%20NON%20NOMINATIF.pdf"}
