{"administration":"pref21","administration_name":"Pr\u00e9fecture de C\u00f4te-d\u2019Or","content":"PR\u00c9FET\nDE LA C\u00d4TE-D'OR\nRECUEIL DES ACTES\nADMINISTRATIFS SP\u00c9CIAL\nN\u00b021-2025-157\nPUBLI\u00c9 LE  6 NOVEMBRE 2025\nSommaire\nDirection d\u00e9partementale de la protection des populations de la\nC\u00f4te-d'Or / Service Sant\u00e9 et Protections animales, Protection de\nl'Environnement\n21-2025-10-09-00006 - Convention Bipartite tarifs pro 2025-2026-1 (4 pages) Page 3\nPr\u00e9fecture de la C\u00f4te-d'Or / Direction de la coordination, des politiques\npubliques et de l'appui territorial\n21-2025-11-06-00001 - Arr\u00eat\u00e9 pr\u00e9fectoral n\u00b0\u00a0 1631 du 06 novembre\n2025 portant publication des candidatures aux si\u00e8ges de repr\u00e9sentant\ntitulaire et de repr\u00e9sentant suppl\u00e9ant des maires au sein de la\ncommission d\u00e9partementale charg\u00e9e d'\u00e9tablir la liste\nd'aptitude aux fonctions de commissaire enqu\u00eateur dans le\nd\u00e9partement de la C\u00f4te-d'Or (2 pages) Page 8\nPr\u00e9fecture de la C\u00f4te-d'Or / Direction des s\u00e9curit\u00e9s\n21-2025-11-05-00002 - Arr\u00eat\u00e9 pr\u00e9fectoral N\u00b0 1627 portant\ninterdiction de rassemblements festifs \u00e0 caract\u00e8re musical et\ninterdiction de circulation de tout v\u00e9hicule transportant du mat\u00e9riel de\nson \u00e0 destination d'un rassemblement festif \u00e0 caract\u00e8re musical\nnon autoris\u00e9 (2 pages) Page 11\n2\nDirection d\u00e9partementale de la protection des\npopulations de la C\u00f4te-d'Or\nService Sant\u00e9 et Protections animales, Protection\nde l'Environnement\n21-2025-10-09-00006\nConvention Bipartite tarifs pro 2025-2026-1\nDirection d\u00e9partementale de la protection des populations de la C\u00f4te-d'Or - 21-2025-10-09-00006 - Convention Bipartite tarifs pro\n2025-2026-1 3\nD\u00e9partement de la COTE-D'OR\nCONVENTIONfixant la r\u00e9mun\u00e9ration des v\u00e9t\u00e9rinaires sanitaires charg\u00e9s des op\u00e9rations de prophylaxiecollective r\u00e9glement\u00e9es et dirig\u00e9es par l'Etat pour la campagne 2025-2026\nVU le code rural, et notamment ses articles L.203-1, L.203-4 et R.203-14;VU l'arr\u00eat\u00e9 minist\u00e9riel du 27 juin 2017 \u00e9tablissant la liste des interventions relatives \u00e0 desmesures de surveillance ou de pr\u00e9vention obligatoires mentionn\u00e9es \u00e0 l'article L.203-1du code rural et de la p\u00eache maritime;\nENTRELes repr\u00e9sentants des v\u00e9t\u00e9rinaires sanitaires :Docteur Jean-Baptiste DESCHAMPS, repr\u00e9sentant le Syndicat National des V\u00e9t\u00e9rinairesd'Exercice Lib\u00e9ral, et Docteur C\u00e9cile EICHENLAUB, repr\u00e9sentant l'Ordre des V\u00e9t\u00e9rinaires,d'une part,\nETLes repr\u00e9sentants des \u00e9leveurs :Monsieur Vincent FRETEL, repr\u00e9sentant le Groupement de D\u00e9fense Sanitaire de la C\u00f4te-d'Or, et Monsieur Christophe LECHENAULT repr\u00e9sentant la Chambre d'Agriculture de laC\u00f4te-d'Or, d'autre part,\nILA ETE CONVENU CE QUI SUIT:\nArticle 1\u00b0 - CHAMP D'APPLICATIONLa pr\u00e9sente convention fixe les montants hors taxes des r\u00e9mun\u00e9rations des v\u00e9t\u00e9rinairessanitaires charg\u00e9s de l'ex\u00e9cution des op\u00e9rations de prophylaxies collectives r\u00e9glement\u00e9eset dirig\u00e9es par l'Etat pour la campagne de prophylaxie 2025-2026.Article 2 - DISPOSITIONS COMMUNES1 \u2014 La r\u00e9mun\u00e9ration d\u00e9finie \u00e0 l'article 1\u00b0 ci-dessus ne concerne que des op\u00e9rationsex\u00e9cut\u00e9es, soit \u00e0 l'initiative des propri\u00e9taires ou d\u00e9tenteurs d'animaux, soit \u00e0 la demandede l'administration : visites, interventions sanitaires et d\u00e9placements.Les taux pr\u00e9vus pour chacune d'elles sont cumulables sauf pour les op\u00e9rations \u00e0 caract\u00e8recollectif (visite).Les v\u00e9t\u00e9rinaires sanitaires sont r\u00e9mun\u00e9r\u00e9s par les \u00e9leveurs concern\u00e9s, apr\u00e8s r\u00e9faction lecas \u00e9ch\u00e9ant de la quote-part prise en charge par l'\u00c9tat, selon les tarifs hors taxes fix\u00e9s aupoint 3 pour les op\u00e9rations de prophylaxie collective.\n1 \n \n \n \n \n \n \n \n \n \n \n \nDirection d\u00e9partementale de la protection des populations de la C\u00f4te-d'Or - 21-2025-10-09-00006 - Convention Bipartite tarifs pro\n2025-2026-1 4\n2 \u2014 La visite d'exploitation comprend, suivant le cas:Les visites d'exploitation mentionn\u00e9es dans le pr\u00e9sent arr\u00e9t\u00e9 comprennent les prestationssuivantes du v\u00e9t\u00e9rinaire :\u2014 la pr\u00e9paration et l'organisation de la visite;\u2014 l'explication au d\u00e9tenteur des animaux du contexte et des objectifs de la visite;\u2014 la r\u00e9daction et la transmission des rapports et des comptes rendus;\u2014 l'explication des d\u00e9cisions \u00e0 l'\u00e9leveur.Les actes mentionn\u00e9s dans la pr\u00e9sente convention comprennent les prestations suivantesdu v\u00e9t\u00e9rinaire :- les pr\u00e9l\u00e8vements biologiques (\u00e0 l'unit\u00e9) comprenant le relev\u00e9 de l'identification del'animal et l'identification du pr\u00e9l\u00e8vement;\u2014 les actes de vaccination comprenant l'enregistrement des animaux vaccin\u00e9s et lecas \u00e9ch\u00e9ant la certification, ainsi que la r\u00e9daction des ordonnances;\u2014 les actes de diagnostic immunologique comprenant le relev\u00e9 de l'identification del'animal, la mesure du pli de peau, l'acte d'injection intradermique, le contr\u00f4le de lapapule apr\u00e8s injection intradermique, le contr\u00f4le de la r\u00e9action par mesure du plide peau et le report des mesures individuelles des plis de peau, l'interpr\u00e9tation dur\u00e9sultat et la r\u00e9daction des documents, la transmission des r\u00e9sultats \u00e0 la DDPP;\u2014 la destruction du mat\u00e9riel \u00e0 risque infectieux dans un circuit d\u00e9di\u00e9;Le laboratoire d\u00e9partemental fournit le mat\u00e9riel \u00e0 usage unique n\u00e9cessaire aupr\u00e9l\u00e8vement.Apr\u00e8s le 15 avril de l'ann\u00e9e N+1, le v\u00e9t\u00e9rinaire fixe librement le tarif de la visited'exploitation bovine.Les tuberculines aviaires et bovines sont fournies par l'\u00c9tat. Les cabinets v\u00e9t\u00e9rinairespourront commander, \u00e0 partir du mois d'octobre de l'ann\u00e9e N, les tuberculines aupr\u00e8s dela structure choisie \u00e0 l'issue de la proc\u00e9dure de march\u00e9 public lanc\u00e9e par le minist\u00e8re encharge de l'agriculture.L'arr\u00eat\u00e9 du 25juillet 2025 prolonge la participation financi\u00e8re de l'\u00c9tat \u00e0 hauteur de 6,15 \u20acpar IDC. Celle-ci pourra, par convention, \u00eatre vers\u00e9e directement \u00e0 l'\u00e9leveur par le GDSuniquement si la prophylaxie de leur cheptel est termin\u00e9e avant le 15 avril 2026.Le tarif de la vaccination d'un bovin ayant pr\u00e9sent\u00e9 un r\u00e9sultat non-n\u00e9gatif comprendl'acte de vaccination, la r\u00e9daction et l'envoi au GDS du certificat de vaccination.3 - Le tarif des interventionsTarifs 2025-2026\nProphylaxie bovine (brucellose, leucose, tuberculose, IBR)visite 28,54visite pour lecture Intra dermo 14,27Visite \u00e0 partir de la troisi\u00e8me intervention 57,90D\u00e9placement (/km) 10,48Pr\u00e9levement de sang (unit\u00e9) 2,65Pr\u00e9l\u00e8vement de lait (unit\u00e9) 2,65IDS 3,01\n2 \n \n  \n  \n  \n  \n \n \n \n  \n \n  \n \n \n  \n \nDirection d\u00e9partementale de la protection des populations de la C\u00f4te-d'Or - 21-2025-10-09-00006 - Convention Bipartite tarifs pro\n2025-2026-1 5\nIDC 8,10Vaccination IBR (vaccin en sus) 16,02Suppl\u00e9ments pour cas particulier (d\u00e9faut contention etc. ...) /animal 1,16r\u00e9alisation difficile prise de sang sur taureau(tarification non syst\u00e9matique, \u00e0 l'appr\u00e9ciation du v\u00e9t\u00e9rinaire sanitaire) 3,09Contr\u00f4les aux mouvements Bovinsvisite 28,54D\u00e9placement (/km) 10,48IDS (tuberculine non compris) 3,01IDC (tuberculine non compris) 8,10Pr\u00e9l\u00e8vement de sang (unit\u00e9) 2,65Visite de contr\u00f4le (lecture ID) 14,27D\u00e9placement (/km) 10,48Visite conformit\u00e9 cheptels d'engraissement d\u00e9rogatairesVisite initiale (6 10) 102,42visite annuelle de maintien de la d\u00e9rogation (6 IO) 102,42par 1/2 suppl\u00e9mentaire, au-del\u00e0 d'1 h (3 10) 51,21D\u00e9placement (/km) 10,48Contr\u00f4le d\u00e9part abattoir/mise sous scell\u00e9s (cheptels d\u00e9qualifi\u00e9s) 33,37indemnit\u00e9 km en plus (/km) 10,48Enqu\u00eates \u00e9pid\u00e9miologiques (BVD, IBR...)Visite (6 IO de l'heure) 102,42D\u00e9placement (/km) 10,48Prophylaxie ovine caprine (brucellose, CAEV)visite (brucellose) 28,54Visite (CAEV) 28,54frais d\u00e9placement (/km) 10,48Pr\u00e9levement de sang (unit\u00e9) 1,32Pr\u00e9levements de lait (unit\u00e9) 1,32\nvisite CSO Tremblantevisite acquisition (5 10) 85,35visite maintien (5 10) 85,35CSO tremblante : par 1/2 suppl\u00e9mentaire, au-del\u00e0 d'1 h (2,5 10) 42,68D\u00e9placement / km 10,48Introduction ovin/caprinpremier animal 11,66\n3 \n \n,\n \nDirection d\u00e9partementale de la protection des populations de la C\u00f4te-d'Or - 21-2025-10-09-00006 - Convention Bipartite tarifs pro\n2025-2026-1 6\nsuivants 3,76D\u00e9placement (/km) 10,48Pr\u00e9l\u00e8vement de sang (unit\u00e9) 1,32Pr\u00e9l\u00e8vement de lait (unit\u00e9) 1,32Prophylaxie porcine (Maladie d'Aujeszky)visite 28,54Pr\u00e9l\u00e8vement de sang (unit\u00e9), PS 4,64Pr\u00e9l\u00e8vement de sang (unit\u00e9), buvard. 4,64D\u00e9placement (/km) 10,48Transport des pr\u00e9l\u00e8vements (facturation des frais)nombre de PS inf\u00e9rieur ou \u00e9gal \u00e0 30 16,72nombre de PS de 31 \u00e0 60 8,34nombre de PS de 61 \u00e0 120 9,62nombre de PS sup\u00e9rieur ou \u00e9gal \u00e0 121 10,73Il est confirm\u00e9 que par convention, les tarifs relatifs aux prophylaxies de la C\u00f4te-d'Orsuivront l'\u00e9volution du dernier indice des prix \u00e0 la consommation hors tabac calcul\u00e9 parl'INSEE connu.Fait \u00e0 Dijon, le 9 octobre 2025\nSignature du Repr\u00e9sentant Signature du Repr\u00e9sentantdu Syndicat National des V\u00e9t\u00e9rinaires du Groupement de D\u00e9fense Sanitaired'Exercice Lib\u00e9ral, de la C\u00f4te-d'Or,\nDocteur v\u00e9t\u00e9rinaire Jean-Baptiste DESCHAMPS Monsieur Vincent FRETEL\nSignature du Repr\u00e9sentant Signature du Repr\u00e9sentantde l'Ordre des V\u00e9t\u00e9rinaires de la Chambre d'Agriculturede Bourgogne Franche-Comt\u00e9, de la C\u00f4te-d'Or,\nDocteur v\u00e9t\u00e9rinaire C\u00e9cile EICHENLAUB Monsieur Christophe LECHENAULT\n4 \nSIGNE\nSIGNE\n   \nSIGNE\nSIGNE\nDirection d\u00e9partementale de la protection des populations de la C\u00f4te-d'Or - 21-2025-10-09-00006 - Convention Bipartite tarifs pro\n2025-2026-1 7\nPr\u00e9fecture de la C\u00f4te-d'Or\nDirection de la coordination, des politiques\npubliques et de l'appui territorial\n21-2025-11-06-00001\nArr\u00eat\u00e9 pr\u00e9fectoral n\u00b0\u00a0 1631 du 06 novembre\n2025 portant publication des candidatures aux\nsi\u00e8ges de repr\u00e9sentant titulaire et de\nrepr\u00e9sentant suppl\u00e9ant des maires au sein de la\ncommission d\u00e9partementale charg\u00e9e d'\u00e9tablir la\nliste d'aptitude aux fonctions de commissaire\nenqu\u00eateur dans le d\u00e9partement de la C\u00f4te-d'Or\nPr\u00e9fecture de la C\u00f4te-d'Or - 21-2025-11-06-00001 - Arr\u00eat\u00e9 pr\u00e9fectoral n\u00b0\u00a0 1631 du 06 novembre 2025 portant publication des\ncandidatures aux si\u00e8ges de repr\u00e9sentant titulaire et de repr\u00e9sentant suppl\u00e9ant des maires au sein de la commission d\u00e9partementale\ncharg\u00e9e d'\u00e9tablir la liste d'aptitude aux fonctions de commissaire enqu\u00eateur dans le d\u00e9partement de la C\u00f4te-d'Or\n8\nEnPREFETDE LACOTE-D'ORLibert\u00e9Egalit\u00e9Fraternit\u00e9\nSECR\u00c9TARIAT G\u00c9N\u00c9RAL\nDirection de la coordination des politiques publiques\net de l'appui territorial\nP\u00f4le environnement et urbanisme\nArr\u00eat\u00e9 pr\u00e9fectoral n\u00b0 1631 du 06 novembre 2025\nportant publication des candidatures aux si\u00e8ges de repr\u00e9sentant titulaire et de repr\u00e9sentant \nsuppl\u00e9ant des maires au sein de la commission d\u00e9partementale charg\u00e9e d'\u00e9tablir la liste \nd'aptitude aux fonctions de commissaire enqu\u00eateur dans le d\u00e9partement de la C\u00f4te-d'Or\nPr\u00e9fet de la C\u00f4te-d'Or\nVu le Code de l'environnement, notamment les articles L. 123-4 et R. 123-35 \u00e0 D. 13-37 ;\nVu  l'arr\u00eat\u00e9  pr\u00e9fectoral  n\u00b0 1454  du  30  septembre  2025  relatif  au  renouvellement  du \nrepr\u00e9sentant titulaire et du repr\u00e9sentant suppl\u00e9ant des maires au sein de la commission  \nd\u00e9partementale  charg\u00e9e  d'\u00e9tablir  la  liste  d'aptitude  aux  fonctions  de  commissaire \nenqu\u00eateur dans le d\u00e9partement de la C\u00f4te-d'Or, notamment les articles 2, 3 et 4 ;\nVu l'unique liste de candidatures d\u00e9pos\u00e9e \u00e0 la Pr\u00e9fecture de la C\u00f4te-d'Or, constitu\u00e9e de la \nliste d\u00e9pos\u00e9e par l'association des maires de la C\u00f4te-d'Or (AMF 21) le 27 octobre 2025,  \nportant  la  candidature  de  M.  Jean-Claude  GIRARD  (maire  d'Ouges)  au  si\u00e8ge  de  \nrepr\u00e9sentant titulaire des maires au sens de la commission susvis\u00e9e et la candidature de  \nM. Hugues ANTOINE (maire de Binges) au si\u00e8ge de repr\u00e9sentant suppl\u00e9ant ;\nConsid\u00e9rant que la liste susvis\u00e9e d\u00e9pos\u00e9e le 27 octobre 2025 est recevable au regard de  \nl'article 2 de l'arr\u00eat\u00e9 du 30 septembre 2025 susvis\u00e9 ;\nSur proposition du secr\u00e9taire g\u00e9n\u00e9ral de la pr\u00e9fecture de la C\u00f4te-d'Or,\nARR\u00caTE\nArticle 1  : L'unique liste de candidatures d\u00e9pos\u00e9e \u00e0 la Pr\u00e9fecture de la C\u00f4te-d'Or pour le  \nrenouvellement du repr\u00e9sentant titulaire et du repr\u00e9sentant suppl\u00e9ant des maires au sein de \nla  commission  d\u00e9partementale  charg\u00e9e  d'\u00e9tablir  la  liste  d'aptitude  aux  fonctions  de \ncommissaire enqu\u00eateur dans le d\u00e9partement de la C\u00f4te-d'Or, est la suivante :\nListe de candidatures d\u00e9pos\u00e9e \u00e0 la Pr\u00e9fecture de la C\u00f4te-d'Or le 27 octobre 2025 par \nl'association des maires de la C\u00f4te-d'Or (AMF 21)\nTitulaire : Monsieur Jean-Claude GIRARD, maire d'Ouges ;\nSuppl\u00e9ant : Monsieur Hugues ANTOINE, maire de Binges.\nArticle 2  :  Le pr\u00e9sent arr\u00eat\u00e9 peut faire l'objet d'un recours contentieux devant le Tribunal  \nAdministratif de DIJON, dans un d\u00e9lai de deux mois suivant sa publication.\nCe recours peut \u00eatre d\u00e9pos\u00e9 via l'application \u00ab  T\u00e9l\u00e9recours citoyens \u00bb accessible par le site  \ninternet www.telerecours.fr. \n1/2\nPr\u00e9fecture de la C\u00f4te-d'Or - 21-2025-11-06-00001 - Arr\u00eat\u00e9 pr\u00e9fectoral n\u00b0\u00a0 1631 du 06 novembre 2025 portant publication des\ncandidatures aux si\u00e8ges de repr\u00e9sentant titulaire et de repr\u00e9sentant suppl\u00e9ant des maires au sein de la commission d\u00e9partementale\ncharg\u00e9e d'\u00e9tablir la liste d'aptitude aux fonctions de commissaire enqu\u00eateur dans le d\u00e9partement de la C\u00f4te-d'Or\n9\nArticle 3 :  M. le secr\u00e9taire g\u00e9n\u00e9ral de la Pr\u00e9fecture de la C\u00f4te-d'Or est charg\u00e9 de l'ex\u00e9cution  \ndu pr\u00e9sent arr\u00eat\u00e9, qui sera publi\u00e9 au recueil des actes administratifs de la pr\u00e9fecture de la  \nC\u00f4te-d'Or.\nFait \u00e0 Dijon, le 06/11/2025\n2/2\nLE PREFET,\nPour le pr\u00e9fet et par d\u00e9l\u00e9gation,\nLe secr\u00e9taire g\u00e9n\u00e9ral,\nOriginal sign\u00e9 par Denis BRUEL\nPr\u00e9fecture de la C\u00f4te-d'Or - 21-2025-11-06-00001 - Arr\u00eat\u00e9 pr\u00e9fectoral n\u00b0\u00a0 1631 du 06 novembre 2025 portant publication des\ncandidatures aux si\u00e8ges de repr\u00e9sentant titulaire et de repr\u00e9sentant suppl\u00e9ant des maires au sein de la commission d\u00e9partementale\ncharg\u00e9e d'\u00e9tablir la liste d'aptitude aux fonctions de commissaire enqu\u00eateur dans le d\u00e9partement de la C\u00f4te-d'Or\n10\nPr\u00e9fecture de la C\u00f4te-d'Or\nDirection des s\u00e9curit\u00e9s\n21-2025-11-05-00002\nArr\u00eat\u00e9 pr\u00e9fectoral N\u00b0 1627 portant interdiction\nde rassemblements festifs \u00e0 caract\u00e8re musical et\ninterdiction de circulation de tout v\u00e9hicule\ntransportant du mat\u00e9riel de son \u00e0 destination\nd'un rassemblement festif \u00e0 caract\u00e8re musical\nnon autoris\u00e9\nPr\u00e9fecture de la C\u00f4te-d'Or - 21-2025-11-05-00002 - Arr\u00eat\u00e9 pr\u00e9fectoral N\u00b0 1627 portant interdiction de rassemblements festifs \u00e0\ncaract\u00e8re musical et interdiction de circulation de tout v\u00e9hicule transportant du mat\u00e9riel de son \u00e0 destination d'un rassemblement\nfestif \u00e0 caract\u00e8re musical non autoris\u00e9\n11\nEnPREFETDE LACOTE-D'ORLibert\u00e9Egalit\u00e9Fraternit\u00e9\nDirection des s\u00e9curit\u00e9s\nBureau d\u00e9fense et s\u00e9curit\u00e9\nArr\u00eat\u00e9 pr\u00e9fectoral N\u00b0 1627\nportant interdiction de rassemblements festifs \u00e0 caract\u00e8re musical et interdiction de circulation\nde tout v\u00e9hicule transportant du mat\u00e9riel de son \u00e0 destination d'un rassemblement festif\n\u00e0 caract\u00e8re musical non autoris\u00e9\nLe pr\u00e9fet de la C\u00f4te-d'Or\nVU le code de la s\u00e9curit\u00e9 int\u00e9rieure, notamment ses articles L. 211-5 et suivants, R. 211-2 et suivants et\nR. 211-27 et suivants ;\nVU le code g\u00e9n\u00e9ral des collectivit\u00e9s territoriales, notamment l'article L. 2215-1 ;\nVU le code p\u00e9nal ;\nVU le code de la route ;\nVU le code de la voirie routi\u00e8re ;\nVU le d\u00e9cret n\u00b02004-374 du 29 avril 2004 modifi\u00e9 relatif aux pouvoirs des pr\u00e9fets, \u00e0 l'organisation et \u00e0\nl'action des services de l'\u00c9tat dans les r\u00e9gions et d\u00e9partements ;\nVU  l'arr\u00eat\u00e9 pr\u00e9fectoral n\u00b0 813/SG du 13/06/2025 donnant d\u00e9l\u00e9gation de signature \u00e0 M. Denis BRUEL,\nsecr\u00e9taire g\u00e9n\u00e9ral de la pr\u00e9fecture de la C\u00f4te-d'Or;\nCONSID\u00c9RANT que  des  organisateurs  pr\u00e9voient  r\u00e9guli\u00e8rement  des  \u00ab  free-party \u00bb  pouvant  regrouper\nplusieurs centaines de participants dans le d\u00e9partement de la C\u00f4te-d'Or  ; qu'\u00e0 titre d'exemples, de tels\nrassemblements ont eu lieu ou ont tent\u00e9 de se tenir le 28 septembre 2024 \u00e0 C\u00eeteaux, le 26 octobre 2024\n\u00e0  Semezanges,  le  9  novembre  2024  \u00e0  Meloisey,  le  16  novembre  2024  \u00e0  Perrigny-sur-l'Ognon,  le  29\nnovembre 2024 \u00e0 Mavilly-Mandelot, le 22 mars 2025 \u00e0 Bagnot, le 16 mai 2025 \u00e0 Aubigny-les-Sombernon\net le 13 juin 2025 \u00e0 Broin ;\nCONSID\u00c9RANT que,  selon  les  \u00e9l\u00e9ments  d'information  disponibles,  des  rassemblements  festifs  \u00e0\ncaract\u00e8re musical r\u00e9pondant \u00e0 l'ensemble des caract\u00e9ristiques \u00e9nonc\u00e9es par les dispositions de l'article\nR. 211-2 du code de la s\u00e9curit\u00e9 int\u00e9rieure, pouvant regrouper plusieurs centaines de participant s, sont\nsusceptibles d'\u00eatre organis\u00e9s dans le d\u00e9partement de la C\u00f4te-d'Or le week-end du vendredi 07 novembre\nau dimanche 09 novembre 2025 inclus  ; qu'un appel \u00e0 rassemblement de type F ree Party a \u00e9t\u00e9 d\u00e9tect\u00e9\nsur les r\u00e9seaux laissant craindre qu'un \u00e9v\u00e9nement d'ampleur pourrait se tenir sur le d\u00e9partement de la\nC\u00f4te-d'Or ;\nCONSID\u00c9RANT qu'en application des dispositions de l'article L. 211-5 du code de la s\u00e9curit\u00e9 int\u00e9rieure,\nce  type  de  rassemblement  est  soumis  \u00e0  l'obligation  de  d\u00e9claration  pr\u00e9alable  aupr\u00e8s  du  pr\u00e9fet  de\nd\u00e9partement,  pr\u00e9cisant  le  nombre  pr\u00e9visible  de  participants  ainsi  que  les  mesures  envisag\u00e9es  par\nl'organisateur pour garantir la s\u00e9curit\u00e9, la salubrit\u00e9, l'hygi\u00e8ne et la tranquillit\u00e9 publiques ;\nCONSID\u00c9RANT qu'aucune d\u00e9claration pr\u00e9alable n'a \u00e9t\u00e9 d\u00e9pos\u00e9e aupr\u00e8s du pr\u00e9fet de la C\u00f4te-d'Or  ; que\nl'organisateur n'est pas identifi\u00e9 e t que les terrains sur lesquels sont susceptibles de se d\u00e9rouler ces\nrassemblements ne sont pas connus ;\nPr\u00e9fecture de la C\u00f4te-d'Or - 21-2025-11-05-00002 - Arr\u00eat\u00e9 pr\u00e9fectoral N\u00b0 1627 portant interdiction de rassemblements festifs \u00e0\ncaract\u00e8re musical et interdiction de circulation de tout v\u00e9hicule transportant du mat\u00e9riel de son \u00e0 destination d'un rassemblement\nfestif \u00e0 caract\u00e8re musical non autoris\u00e9\n12\nCONSID\u00c9RANT que ce type de rassemblement regroupant un grand nombre de participants peut\nprovoquer des troubles \u00e0 l'ordre public qu'ils soient li\u00e9s \u00e0 l'augmentation du risque de conduite sous\nl'emprise  d'alcool  ou  de  stup\u00e9fiants  ou  encore  \u00e0  la  g\u00eane  occasionn\u00e9e  par  le  niveau  sonore\nextr\u00eamement \u00e9lev\u00e9 de la musique diffus\u00e9e ; que les moyens appropri\u00e9s en mati\u00e8re de lutte contre\nl'incendie et de secours aux personnes, ainsi qu'en mati\u00e8re de s\u00e9curit\u00e9 sanitaire et routi\u00e8re ne peuvent\n\u00eatre r\u00e9unis ;\nCONSID\u00c9RANT que dans ces circonstances, ces rassemblements sont de nature \u00e0 provoquer des\ntroubles graves \u00e0 l'ordre public  ; que leur interdiction, qui est strictement n\u00e9cessaire et proportionn\u00e9e\naux objectifs poursuivis, est seule de nature \u00e0 pr\u00e9venir efficacement ces troubles ;\nCONSID\u00c9RANT qu'en  l'absence  d'identification  du  lieu  g\u00e9ographique  susceptible  d'accueillir  les\nrassemblements festifs \u00e0 caract\u00e8re musical envisag\u00e9s, et afin de donner un effet utile \u00e0 l'interdiction, il\ny  a  lieu  d'interdire,  sauf  motif  l\u00e9gitime,  la  circulation  des  v\u00e9hicules  transportant  du  mat\u00e9riel  de\nsonorisation sur l'ensemble des r\u00e9seaux routiers du d\u00e9partement de la C\u00f4te-d'Or ;\nSUR proposition de monsieur le secr\u00e9taire g\u00e9n\u00e9ral de la pr\u00e9fecture de la C\u00f4te-d'Or\nARR\u00caTE\nArticle  1er :  Les  rassemblements  festifs  \u00e0  caract\u00e8re  musical  r\u00e9pondant  \u00e0  l'ensemble  des\ncaract\u00e9ristiques  \u00e9nonc\u00e9es  \u00e0  l'article  R.  211-2  du  code  de  la  s\u00e9curit\u00e9  int\u00e9rieure,  autres  que  ceux\nl\u00e9galement  d\u00e9clar\u00e9s ou autoris\u00e9s, sont interdits sur l'ensemble du d\u00e9partement de la C\u00f4te-d'Or du\nvendredi 07 novembre 2025 \u00e0 16h00 au lundi 09 novembre 2025 \u00e0 08h00.\nArticle  2 :  La  circulation  de  tout  v\u00e9hicule  transportant  du  mat\u00e9riel  de  sonorisation  (notamment\n\u00ab sound system  \u00bb et amplificateurs) \u00e0 destination d'un rassemblement festif \u00e0 caract\u00e8re musical non\nautoris\u00e9 est interdite sur l'ensemble des r\u00e9seaux routiers du d\u00e9partement de la C\u00f4te-d'Or du vendredi\n07 novembre 2025 \u00e0 16h00 au lundi 09 novembre 2025 \u00e0 08h00.\nArticle 3 : Toute infraction au pr\u00e9sent arr\u00eat\u00e9 est passible des sanctions pr\u00e9vues par l'article R. 211-27\ndu code de la s\u00e9curit\u00e9 int\u00e9rieure et peut donner lieu \u00e0 la saisie du mat\u00e9riel en vue de sa confiscation\npar le tribunal.\nArticle 4 : Le secr\u00e9taire g\u00e9n\u00e9ral de la pr\u00e9fecture de la C\u00f4te-d'Or, le G\u00e9n\u00e9ral, commandant la r\u00e9gion de\ngendarmerie  de  Bourgogne-Franche-Comt\u00e9,  commandant  le  groupement  de  gendarmerie\nd\u00e9partementale de la C\u00f4te-d'Or et le directeur interd\u00e9partemental de la police nationale de la C\u00f4te-\nd'Or sont charg\u00e9s, chacun en ce qui le concerne, de l'ex\u00e9cution du pr\u00e9sent arr\u00eat\u00e9 qui sera publi\u00e9 au\nrecueil des actes administratifs de la pr\u00e9fecture, et adress\u00e9 pour copie \u00e0 monsieur le procureur de la\nR\u00e9publique pr\u00e8s le tribunal judiciaire de Dijon.\nFait \u00e0 Dijon, le 5 novembre 2025\nLe pr\u00e9fet,\nPour le pr\u00e9fet et par d\u00e9l\u00e9gation,\nLe secr\u00e9taire g\u00e9n\u00e9ral\nORIGNAL SIGN\u00c9\nDenis BRUEL\nD\u00e9lais et voies de recours     :  \nLe pr\u00e9sent arr\u00eat\u00e9 peut faire l'objet, dans un d\u00e9lai de deux mois \u00e0 compter de sa publication :\n- Soit d'un recours gracieux devant le pr\u00e9fet de la C\u00f4te-d'Or ou d'un recours hi\u00e9rarchique aupr\u00e8s du Ministre de l'int\u00e9rieur.\n- Soit d'un recours contentieux devant le tribunal administratif de Dijon (22 Rue d'Assas, 21000 Dijon). La juridiction administrative\ncomp\u00e9tente peut \u00eatre saisie par l'application T\u00e9l\u00e9recours citoyens, accessible \u00e0 partir du site www.telerecours.fr.\nDans le cas du rejet d'un recours gracieux ou hi\u00e9rarchique, le tribunal administratif peut \u00eatre saisi dans un d\u00e9lai de deux mois \u00e0 compter\nde la date de la d\u00e9cision de rejet.\nPr\u00e9fecture de la C\u00f4te-d'Or - 21-2025-11-05-00002 - Arr\u00eat\u00e9 pr\u00e9fectoral N\u00b0 1627 portant interdiction de rassemblements festifs \u00e0\ncaract\u00e8re musical et interdiction de circulation de tout v\u00e9hicule transportant du mat\u00e9riel de son \u00e0 destination d'un rassemblement\nfestif \u00e0 caract\u00e8re musical non autoris\u00e9\n13","date":"2025-11-06","first_seen_on":"2025-11-06T17:17:39+00:00","id":"1ef7c8a764dc5d108bc157f9a44cc88b15c467a0f429c55c4a272fe70df0bce3","name":"RAA n\u00b0 157 du 06 novembre 2025","pdf_creation_date":"2025-11-06T15:15:30+00:00","pdf_modification_date":null,"timezone":"Europe/Paris","url":"https://www.cote-dor.gouv.fr/contenu/telechargement/24684/188305/file/recueil-21-2025-157-recueil-des-actes-administratifs-special.pdf"}
