{"administration":"pref30","administration_name":"Pr\u00e9fecture du Gard","content":"PR\u00c9FET\nDU GARD\nRECUEIL DES ACTES\nADMINISTRATIFS SP\u00c9CIAL\nN\u00b030-2026-074\nPUBLI\u00c9 LE 13 AVRIL 2026\nSommaire\nPrefecture du Gard /\n30-2026-04-13-00007 - Autorisation de repr\u00e9sentation devant les\njuridictions administratives (DCL SCL) (2 pages) Page 3\n30-2026-04-13-00008 - Autorisation de repr\u00e9sentation devant les\njuridictions administratives (DCL SERUP) (2 pages) Page 6\n30-2026-04-13-00009 - Autorisation de repr\u00e9sentation devant les\njuridictions administratives M BIOU (2 pages) Page 9\n30-2026-04-13-00003 - D\u00e9lagation de signature de Mme ALARCON (DEC)\n(8 pages) Page 12\n30-2026-04-13-00005 - D\u00e9l\u00e9gation de signature de M PERRIN (SIDPC) (4\npages) Page 21\n30-2026-04-13-00004 - D\u00e9l\u00e9gation de signature de Mm FRANCESETTO\n(SPEMA) (4 pages) Page 26\n30-2026-04-13-00006 - D\u00e9l\u00e9gation de signature de Mme BRICIER (CERT)\n(6 pages) Page 31\nPrefecture du Gard / Direction de la citoyennet\u00e9 et de la l\u00e9galit\u00e9 (DCL)\n30-2026-04-13-00002 - D\u00e9l\u00e9gation de signature de M BIOU (DCL) (8\npages) Page 38\n2\nPrefecture du Gard\n30-2026-04-13-00007\nAutorisation de repr\u00e9sentation devant les\njuridictions administratives (DCL SCL)\nPrefecture du Gard - 30-2026-04-13-00007 - Autorisation de repr\u00e9sentation devant les juridictions administratives (DCL SCL) 3\nPREFET Direction de la coordination, de la l\u00e9galit\u00e9 et des collectivit\u00e9s localesDU GARD Service de la coordination des politiques publiques et de l'appui territorial\u00c9nsternit\u00e9\nArr\u00eat\u00e9portant autorisation de repr\u00e9sentation devant les juridictions administrativesLe pr\u00e9fet du GardChevalier de la L\u00e9gion d'honneur,Officier de l'ordre national du M\u00e9rite\nVu le code de justice administrative, et notamment ses articles R431-7 et R431-10 ;Vu le d\u00e9cret n\u00b02004-374 du 29 avril 2004 modifi\u00e9 relatif aux pouvoirs des pr\u00e9fets, \u00e0l'organisation et \u00e0 l'action des services de l'\u00c9tat dans les r\u00e9gions et d\u00e9partements ;Vu le d\u00e9cret du 13 juillet 2023 nommant M. J\u00e9r\u00f4me BONET, pr\u00e9fet du Gard;Vu l'arr\u00eat\u00e9 30-2026-01-27-00002 du 27 janvier 2026 portant organisation en directions,services et bureaux de la pr\u00e9fecture du Gard;Sur proposition du secr\u00e9taire g\u00e9n\u00e9ral de la pr\u00e9fecture du Gard;\nARRETE :\nArticle 1\u00b0 - Les personnes ci-apr\u00e8s d\u00e9sign\u00e9es :> Mme Karine PRAT, attach\u00e9e principale, cheffe du service des collectivit\u00e9s locales(SCL),, cheffe du bureau du conseil et contr\u00f4le de l\u00e9galit\u00e9 (BCL)> Mme isabelle BALAGU\u00c9, secr\u00e9taire administrative de classe exceptionnelle, cheffe dubureau du contr\u00f4le budg\u00e9taire, des dotations et de l'intercommunalit\u00e9 (BCBDI)Mme V\u00e9ronique CHINAMA, secr\u00e9taire administrative de classe exceptionnelleM.Alain DRUVENT, secr\u00e9taire administratif de classe normaleMme Isabelle FLIPO, secr\u00e9taire administratif de classe normaleMme Corine GAYOLA, secr\u00e9taire administrative de classe sup\u00e9rieureMme Annick LAVIGNE, adjointe administrative principale 1\u00e8re classeMme Agn\u00e8s MATTEO, secr\u00e9taire administrative de classe normale> Mme B\u00e9atrice PRADIER, secr\u00e9taire administrative de classe sup\u00e9rieure\nVNNN NN\nsont autoris\u00e9es \u00e0 repr\u00e9senter le pr\u00e9fet du Gard aux audiences desjuridictions administrativespour toutes les affaires relevant de la comp\u00e9tence de la pr\u00e9fecture, en mati\u00e8re decontentieux relatifs au contr\u00f4le des actes et documents soumis au contr\u00f4le de l\u00e9galit\u00e9 et auxd\u00e9cisions du pr\u00e9fet en mati\u00e8re d'intercommunalit\u00e9 dans lesquelles le pr\u00e9fet est partie enqualit\u00e9 de repr\u00e9sentant de l'\u00c9tat. \u00c0 cet effet, elles sont autoris\u00e9es \u00e0 \u00e9mettre toutes lesobservations n\u00e9cessaires lors des audiences devant ces juridictions.Article 2 \u2014 Toutes dispositions ant\u00e9rieures relatives \u00e0 une autorisation de repr\u00e9sentationdevant lesjuridictions administratives sont abrog\u00e9es.Article 3 - Le pr\u00e9sent arr\u00eat\u00e9 prend effet \u00e0 compter du ter mars 2026.\nPrefecture du Gard - 30-2026-04-13-00007 - Autorisation de repr\u00e9sentation devant les juridictions administratives (DCL SCL) 4\nArticle 4 \u2014 Le secr\u00e9taire g\u00e9n\u00e9ral de la pr\u00e9fecture est charg\u00e9 de l'ex\u00e9cution du pr\u00e9sent arr\u00eat\u00e9,qui sera publi\u00e9 au recueil des actes administratifs de la pr\u00e9fecture.\nNimes, le\n43 AVR. 2026 J\u00e9r\u00f4me BONET\nPrefecture du Gard - 30-2026-04-13-00007 - Autorisation de repr\u00e9sentation devant les juridictions administratives (DCL SCL) 5\nPrefecture du Gard\n30-2026-04-13-00008\nAutorisation de repr\u00e9sentation devant les\njuridictions administratives (DCL SERUP)\nPrefecture du Gard - 30-2026-04-13-00008 - Autorisation de repr\u00e9sentation devant les juridictions administratives (DCL SERUP) 6\nDirection de la coordination, de la l\u00e9galit\u00e9 et des collectivit\u00e9s localesPREFET Service de la coordination des politiques publiquesDU GARD et de 'appui territorialLibert\u00e9\u00c9galit\u00e9Fraternir\u00e9\nArr\u00eat\u00e9portant autorisation de repr\u00e9sentation devant lesjuridictions administratives\nLe pr\u00e9fet du GardChevalier de la L\u00e9gion d'honneur,Officier de l'ordre national du M\u00e9rite\nVu le code de justice administrative, et notamment ses articles R431-7 et R431-10 ;Vu le d\u00e9cret n\u00b02004-374 du 29 avril 2004 modifi\u00e9 relatif aux pouvoirs des pr\u00e9fets, \u00e0l'organisation et \u00e0 l'action des services de l'\u00c9tat dans les r\u00e9gions et d\u00e9partements ;Vu le d\u00e9cret du 13 juillet 2023 nommant M. J\u00e9r\u00f4me BONET, pr\u00e9fet du Gard ;Vu l'arr\u00eat\u00e9 30-2026-01-27-00002 du 27 janvier 2026 portant organisation en directions,services et bureaux de la pr\u00e9fecture du Gard;Sur proposition du secr\u00e9taire g\u00e9n\u00e9ral de la pr\u00e9fecture du Gard ;\nARRETE :Article 1\" - Les personnes ci-apr\u00e8s d\u00e9sign\u00e9es :> Mme B\u00e9reng\u00e8re SOULAGES-PIONCHON, attach\u00e9e principale, cheffe du service des\u00e9lections, des r\u00e9glementations et de l'utilit\u00e9 publique (SERUP)> Mme Laurence PEZET, attach\u00e9e de l'administration de l'Etat, cheffe de bureau des\u00e9lections et des r\u00e9glementions (BER)1. Mme H\u00e9l\u00e8ne LAMBERT, secr\u00e9taire administrative de classe sup\u00e9rieure,> M. Eric LANSADE, attach\u00e9 de l'administration de l'Etat, chef de bureau des proc\u00e9duresenvironnementales et fonci\u00e8res (BPEF)> Mme Isabelle MAXCH-TERRADE, secr\u00e9taire administrative de classe sup\u00e9rieure,> Mme Isabelle FAUCHEUX, secr\u00e9taire administrative de classe sup\u00e9rieure,> Mme Christelle BROCHE, secr\u00e9taire administrative de classe exceptionnelle,sont autoris\u00e9s a repr\u00e9senter le pr\u00e9fet du Gard aux audiences des juridictions administrativespour toutes les affaires relevant de la comp\u00e9tence de la pr\u00e9fecture, en mati\u00e9re decontentieux relatifs aux \u00e9lections ainsi qu'en mati\u00e8re de contentieux relatifs \u00e0 lar\u00e9glementation g\u00e9n\u00e9rale et \u00e0 l'environnement, dans lesquels le pr\u00e9fet est partie en qualit\u00e9 derepr\u00e9sentant de l'\u00c9tat. |\u00c0 cet effet, elles sont autoris\u00e9es \u00e0 \u00e9mettre toutes les observations n\u00e9cessaires lors desaudiences devant ces juridictions.Article 2 - Toutes dispositions ant\u00e9rieures relatives \u00e0 une autorisation de repr\u00e9sentationdevant lesjuridictions administratives sont abrog\u00e9es.Article 3 - Le pr\u00e9sent arr\u00eat\u00e9 prend effet \u00e0 compter du 1er mars 2026.\nPrefecture du Gard - 30-2026-04-13-00008 - Autorisation de repr\u00e9sentation devant les juridictions administratives (DCL SERUP) 7\nArticle 4 - Le secr\u00e9taire g\u00e9n\u00e9ral de la pr\u00e9fecture est charg\u00e9 de l'ex\u00e9cution du pr\u00e9sent arr\u00eat\u00e9,qui sera publi\u00e9 au recueil des actes administratifs de la pr\u00e9fecture.N\u00eemes, le Le Pr\u00e9fet,\n1 3 AVR. 2026 im BONETa\nPrefecture du Gard - 30-2026-04-13-00008 - Autorisation de repr\u00e9sentation devant les juridictions administratives (DCL SERUP) 8\nPrefecture du Gard\n30-2026-04-13-00009\nAutorisation de repr\u00e9sentation devant les\njuridictions administratives M BIOU\nPrefecture du Gard - 30-2026-04-13-00009 - Autorisation de repr\u00e9sentation devant les juridictions administratives M BIOU 9\nE 5PREFET Direction de la coordination, de la l\u00e9galit\u00e9 et des collectivit\u00e9s localesDU GARD . gs \u00abge \u00b0Libert\u00e9 Service de la coordination des politiques publiquesAgile et de Pappui territorial\nArr\u00e9t\u00e9portant autorisation de repr\u00e9sentation devant les juridictions administratives\nLe pr\u00e9fet du GardChevalier de la L\u00e9gion d'honneur,Officier de l'ordre national du M\u00e9rite\nVu le code dejustice administrative, et notamment ses articles R431-7 et R431-10 ;Vu le d\u00e9cret n\u00b02004-374 du 29 avril 2004 modifi\u00e9 relatif aux pouvoirs des pr\u00e9fets, \u00e0l'organisation et \u00e0 l'action des services de l'\u00c9tat dans les r\u00e9gions et d\u00e9partements ;Vu le d\u00e9cret du 13juillet 2023 nommant M. J\u00e9r\u00f4me BONET, pr\u00e9fet du Gard;Vu l'arr\u00eat\u00e9 du ministre de l'int\u00e9rieur du 27 juillet 2023 portant affectation de M. Jean-LouisBIOU, conseiller d'administration de l'int\u00e9rieur et de l'outre-mer, \u00e0 la pr\u00e9fecture du Gard -secr\u00e9tariat g\u00e9n\u00e9ral - direction de la citoyennet\u00e9 et de la coordination, \u00e0 compter du 1\u00b0septembre 2013 ;Vu la note de service du pr\u00e9fet du Gard du 4 septembre 2023 portant affectation de M. Jean-Louis BIOU en qualit\u00e9 de directeur de la citoyennet\u00e9, de la l\u00e9galit\u00e9 et de la coordination(DCLC) a la pr\u00e9fecture du Gard;Vu l'arr\u00eat\u00e9 30-2026-01-27-00002 du 27 janvier 2026 portant organisation en directions,services et bureaux de la pr\u00e9fecture du Gard;Sur proposition du secr\u00e9taire g\u00e9n\u00e9ral de la pr\u00e9fecture du Gard;\nARRETE :\nArticle 1\" : La personne ci-apr\u00e8s d\u00e9sign\u00e9e :> M. Jean-Louis BIOU, directeur de la coordination, de la l\u00e9galit\u00e9 et des collectivit\u00e9slocales, est autoris\u00e9 a repr\u00e9senter le pr\u00e9fet du Gard aux audiences des juridictionsadministratives pour toutes les affaires relevant de la comp\u00e9tence de la pr\u00e9fecture, enmati\u00e8re de contentieux relatifs au contr\u00f4le des actes et documents de la Direction de lacoordination, de la l\u00e9galit\u00e9 et des collectivit\u00e9s locales et notamment soumis au contr\u00f4le del\u00e9galit\u00e9, aux d\u00e9cisions du pr\u00e9fet en mati\u00e8re d'intercommunalit\u00e9 ou contentieux \u00e9lectoraldans lesquelles le pr\u00e9fet est partie en qualit\u00e9 de repr\u00e9sentant de l'\u00c9tat. \u00c0 cet effet, il estautoris\u00e9 \u00e0 \u00e9mettre toutes les observations n\u00e9cessaires lors des audiences devant cesjuridictions.Article 2 : Toutes dispositions ant\u00e9rieures relatives \u00e0 une autorisation de repr\u00e9sentationdevant les juridictions administratives en la mati\u00e8re sont abrog\u00e9es.\nPrefecture du Gard - 30-2026-04-13-00009 - Autorisation de repr\u00e9sentation devant les juridictions administratives M BIOU 10\nArticle 3 - Le pr\u00e9sent arr\u00eat\u00e9 prend effet \u00e0 compter De sa date de publication.Article 4 : Le secr\u00e9taire g\u00e9n\u00e9ral de la pr\u00e9fecture est charg\u00e9 de l'ex\u00e9cution du pr\u00e9sent arr\u00eat\u00e9,qui sera publi\u00e9 au recueil des actes administratifs de la pr\u00e9fecture.N\u00eemes, le Lelbr\u00e9fet,13 AVR. 2026 J\u00e9r\u00f4me BONET\nPrefecture du Gard - 30-2026-04-13-00009 - Autorisation de repr\u00e9sentation devant les juridictions administratives M BIOU 11\nPrefecture du Gard\n30-2026-04-13-00003\nD\u00e9lagation de signature de Mme ALARCON\n(DEC)\nPrefecture du Gard - 30-2026-04-13-00003 - D\u00e9lagation de signature de Mme ALARCON (DEC) 12\nEe = Direction de la citoyennet\u00e9, de la l\u00e9galit\u00e9 et de la coordinationPREFET Service de la coordination des politiques publiques et de l'appui territorialDU GARDLibert\u00e9Eyalir\u00e9Fraternit\u00e9\nArr\u00eat\u00e9donnant d\u00e9l\u00e9gation de signature \u00e0 Mme Syivie ALARCON,directrice des \u00e9trangers et de la citoyennet\u00e9 (DEC)\u00e0 la pr\u00e9fecture du Gard\nLe pr\u00e9fet du GardChevalier de la L\u00e9gion d'Honneur,Officier de l'ordre national du M\u00e9rite\nVu la loi n\u00b082-213 du 2 mars 1982 modifi\u00e9e relative aux droits et libert\u00e9s des communes,d\u00e9partements et des r\u00e9gions, notamment son article 34 ;Vu le d\u00e9cret n\u00b0 97-34 du 15 janvier 1997 modifi\u00e9 relatif \u00e0 la d\u00e9concentration des d\u00e9cisionsadministratives individuelles ;Vu le d\u00e9cret n\u00b0 2004-374 du 29 avril 2004 modifi\u00e9 relatif aux pouvoirs des pr\u00e9fets, \u00e0l'organisation et \u00e0 l'action des services de l'\u00c9tat dans les r\u00e9gions et d\u00e9partements ;Vu le d\u00e9cret n\u00b0 2008-158 du 22 f\u00e9vrier 2008 relatif \u00e0 la suppl\u00e9ance des pr\u00e9fets de r\u00e9gion et \u00e0 lad\u00e9l\u00e9gation de signature des pr\u00e9fets et des hauts commissaires de la R\u00e9publique en Polyn\u00e9siefran\u00e7aise et en Nouvelle-Cal\u00e9donie ;Vu le d\u00e9cret n\u00b0 2009-176 du 16 f\u00e9vrier 2009 modifiant le d\u00e9cret n\u00b0 64-805 du 29 juillet 1964fixant les dispositions r\u00e9glementaires applicables aux pr\u00e9fets et le d\u00e9cret n\u00b0 2004-374 du 29avril 2004 relatif aux pouvoirs des pr\u00e9fets, \u00e0 l'organisation et \u00e0 l'action des services de l'\u00c9tatdans les r\u00e9gions et d\u00e9partements ;Vu le d\u00e9cret n\u00b0 2015-510 du 7 mai 2015 portant charte de la d\u00e9concentration ;Vu le d\u00e9cret du 13 juillet 2023 nommant M. J\u00e9r\u00f4me BONET, pr\u00e9fet du Gard ;Vu l'arr\u00eat\u00e9 30-2026-01-27-00002 du 27 janvier 2026 portant organisation en directions,services et bureaux de la pr\u00e9fecture du Gard;Vu l'arr\u00eat\u00e9 minist\u00e9riel U12961050452550 du 5 juillet 2022 portant d\u00e9tachement de MmeSylvie ALARCON, attach\u00e9e principale d'administration de l'\u00c9tat, dans l'emploi fonctionnel deconseill\u00e8re d'administration de l'Int\u00e9rieur et de l'Outre-Mer tremplin en qualit\u00e9 de directricedu service des migrations et de l'int\u00e9gration de la pr\u00e9fecture du Gard;Vu la note de service du 13 avril 2026 portant affectation des personnels des directions,services et bureaux de la pr\u00e9fecture du GardVu l'arr\u00eat\u00e9 n\u00b030-2026-02-20-00006 du 20 f\u00e9vrier 2026 portant d\u00e9l\u00e9gation de signature despr\u00e9figurateurs de la Direction des \u00e9trangers et de la citoyennet\u00e9 (DEC) de la pr\u00e9fecture duGard;Sur proposition du secr\u00e9taire g\u00e9n\u00e9ral de la pr\u00e9fecture du Gard\nPrefecture du Gard - 30-2026-04-13-00003 - D\u00e9lagation de signature de Mme ALARCON (DEC) 13\nARRETE\nArticle 1: D\u00e9l\u00e9gation de signature est donn\u00e9e a Mme Sylvie ALARCON, conseill\u00e9red'administration de l'int\u00e9rieur et de l'Outre-Mer tremplin, directrice des Etrangers et de laCitoyennet\u00e9 (DEC), et en cas d'absence ou d'emp\u00e9chement de cette derni\u00e9re a M. DamienDUPLOUY, attach\u00e9 principal d'administration de l'\u00c9tat, chef du bureau du s\u00e9jour des\u00e9trangers et de l'asile (BSEA), adjoint \u00e0 la directrice :A l'effet de signer tous documents et toutes d\u00e9cisions relevant des attributions de sadirection telles que d\u00e9finies ci-apr\u00e8s :la gestion de tout dossier ayant trait \u00e0 l'immigration et \u00e0 l'int\u00e9gration et au s\u00e9jour des\u00e9trangers en France et en particulier: l'instruction des dossiers de demandesd'admission au s\u00e9jour et de regroupement familial ou relevant de l'asile, la d\u00e9livrancedes titres, toutes lettres et documents ayant trait \u00e0 la contribution forfaitaireemployeurs, toutes lettres et d\u00e9cisions relatives au regroupement familial, les d\u00e9cisionsde retrait et d'abrogation de tout titre de s\u00e9jour, les visas retour et les prorogations devisa court s\u00e9jour, les d\u00e9cisions individuelles d'habilitation \u00e0 intervenir au sein descentres de r\u00e9tention administrative, les arr\u00eat\u00e9s portant refus de s\u00e9jour, les arr\u00eat\u00e9sportant refus de s\u00e9jour assortis d'une obligation de quitter le territoire, d'un d\u00e9lai ded\u00e9part volontaire, d'un pays de destination ou/et d'une interdiction de retour et decirculation ainsi que les d\u00e9cisions de retrait et d'abrogation de tels arr\u00eat\u00e9s,l'organisation de la Commission des titres de S\u00e9jour dont les convocations \u00e0 s'ypr\u00e9senter;la gestion de tout dossier ayant trait \u00e0 l'\u00e9loignement, au contentieux et \u00e0 l'organisationde la reconduite \u00e0 la fronti\u00e8re ou de la r\u00e9admission des \u00e9trangers en situationirr\u00e9guli\u00e8re: en particulier la signature des arr\u00eat\u00e9s d'invitations \u00e0 quitter le territoire,d'obligations de quitter le territoire, d'assignation \u00e0 r\u00e9sidence, d'interdiction de retour,d'interdiction de circulation, les d\u00e9cisions de r\u00e9admission Schengen et les arr\u00eat\u00e9s detransfert Dublin, les d\u00e9cisions de placement et de maintien en r\u00e9tention administrativeet les saisines du juge des libert\u00e9s et de la d\u00e9tention en mati\u00e8re de prolongation der\u00e9tention administrative, les d\u00e9cisions de sortie et d'extraction de d\u00e9tenus de laMaison d'Arr\u00e9t de N\u00eemes ainsi que toutes les r\u00e9quisitions \u00e0 ces fins, les demandesconsulaires, les m\u00e9moires en r\u00e9ponse et les requ\u00eates en appel devant les jugesadministratifs, les m\u00e9moires et requ\u00eates d\u00e9pos\u00e9s devant les juridictions judiciaires dansle domaine de l'application du droit des \u00e9trangers, les d\u00e9cisions individuellesd'habilitation \u00e0 intervenir au sein des centres de r\u00e9tention administrative ;la gestion de tout dossier ayant trait \u00e0 la d\u00e9livrance des titres d'identit\u00e9 nationale etleur retrait, en particulier: l'instruction des dossiers de demandes de passeporttemporaire, de mission ou de service, l'instruction des demandes d'opposition \u00e0 lasortie du territoire des mineurs, la signature des conventions avec les mairies dans lecadre du syst\u00e8me \u00ab titre \u00e9lectronique s\u00e9curis\u00e9 \u00bb (TES), l'habilitation des agents publicscharg\u00e9s de l'instruction, de la validation, de la r\u00e9ception des demandes et de la remisedes titres s\u00e9curis\u00e9s: en mati\u00e8re de naturalisation, les avis favorables relatifs auxdemandes de naturalisation par d\u00e9cret ou par d\u00e9claration ainsi que les proc\u00e8s-verbauxd'assimilation des candidats \u00e0 l'acquisition de la nationalit\u00e9 fran\u00e7aise ;\nPrefecture du Gard - 30-2026-04-13-00003 - D\u00e9lagation de signature de Mme ALARCON (DEC) 14\nARRETE\nArticle 1: D\u00e9l\u00e9gation de signature est donn\u00e9e \u00e0 Mme Sylvie ALARCON, conseill\u00e8red'administration de l'Int\u00e9rieur et de l'Outre-Mer tremplin, directrice des Etrangers et de laCitoyennet\u00e9 (DEC), et en cas d'absence ou d'emp\u00eachement de cette derni\u00e8re \u00e0 M. DamienDUPLOUY, attach\u00e9 principal d'administration de l'\u00c9tat, chef du bureau du s\u00e9jour des\u00e9trangers et de l'asile (BSEA), adjoint \u00e0 la directrice :A l'effet de signer tous documents et toutes d\u00e9cisions relevant des attributions de sadirection telles que d\u00e9finies ci-apr\u00e8s :la gestion de tout dossier ayant trait \u00e0 l'immigration et \u00e0 l'int\u00e9gration et au s\u00e9jour des\u00e9trangers en France et en particulier: l'instruction des dossiers de demandesd'admission au s\u00e9jour et de regroupement familial ou relevant de l'asile, la d\u00e9livrancedes titres, toutes lettres et documents ayant trait a la contribution forfaitaireemployeurs, toutes lettres et d\u00e9cisions relatives au regroupement familial, les d\u00e9cisionsde retrait et d'abrogation de tout titre de s\u00e9jour, les visas retour et les prorogations devisa court s\u00e9jour, les d\u00e9cisions individuelles d'habilitation \u00e0 intervenir au sein descentres de r\u00e9tention administrative, les arr\u00eat\u00e9s portant refus de s\u00e9jour, les arr\u00eat\u00e9sportant refus de s\u00e9jour assortis d'une obligation de quitter le territoire, d'un d\u00e9lai ded\u00e9part volontaire, d'un pays de destination ou/et d'une interdiction de retour et decirculation ainsi que les d\u00e9cisions de retrait et d'abrogation de tels arr\u00eat\u00e9s,l'organisation de la Commission des titres de S\u00e9jour dont les convocations \u00e0 s'ypr\u00e9senter;la gestion de tout dossier ayant trait \u00e0 l'\u00e9loignement, au contentieux et \u00e0 l'organisationde la reconduite \u00e0 la fronti\u00e8re ou de la r\u00e9admission des \u00e9trangers en situationirr\u00e9guli\u00e8re: en particulier la signature des arr\u00eat\u00e9s d'invitations \u00e0 quitter le territoire,d'obligations de quitter le territoire, d'assignation \u00e0 r\u00e9sidence, d'interdiction de retour,d'interdiction de circulation, les d\u00e9cisions de r\u00e9admission Schengen et les arr\u00eat\u00e9s detransfert Dublin, les d\u00e9cisions de placement et de maintien en r\u00e9tention administrativeet les saisines du juge des libert\u00e9s et de la d\u00e9tention en mati\u00e8re de prolongation der\u00e9tention administrative, les d\u00e9cisions de sortie et d'extraction de d\u00e9tenus de laMaison d'Arr\u00eat de N\u00eemes ainsi que toutes les r\u00e9quisitions \u00e0 ces fins, les demandesconsulaires, les m\u00e9moires en r\u00e9ponse et les requ\u00eates en appel devant les jugesadministratifs, les m\u00e9moires et requ\u00eates d\u00e9pos\u00e9s devant les juridictions judiciaires dansle domaine de l'application du droit des \u00e9trangers, les d\u00e9cisions individuellesd'habilitation \u00e0 intervenir au sein des centres de r\u00e9tention administrative;la gestion de tout dossier ayant trait \u00e0 la d\u00e9livrance des titres d'identit\u00e9 nationale etleur retrait, en particulier: l'instruction des dossiers de demandes de passeporttemporaire, de mission ou de service, l'instruction des demandes d'opposition \u00e0 lasortie du territoire des mineurs, la signature des conventions avec les mairies dans lecadre du syst\u00e8me \u00ab titre \u00e9lectronique s\u00e9curis\u00e9 \u00bb (TES), l'habilitation des agents publicscharg\u00e9s de l'instruction, de la validation, de la r\u00e9ception des demandes et de la remisedes titres s\u00e9curis\u00e9s; en mati\u00e8re de naturalisation, les avis favorables relatifs auxdemandes de naturalisation par d\u00e9cret ou par d\u00e9claration ainsi que les proc\u00e8s-verbauxd'assimilation des candidats \u00e0 l'acquisition de la nationalit\u00e9 fran\u00e7aise ;\nPrefecture du Gard - 30-2026-04-13-00003 - D\u00e9lagation de signature de Mme ALARCON (DEC) 15\nPrefecture du Gard - 30-2026-04-13-00003 - D\u00e9lagation de signature de Mme ALARCON (DEC) 16\nen mati\u00e8re de missions de proximit\u00e9 SIV, l'enregistrement des immobilisations destitres envoy\u00e9s par les forces de l'ordre apr\u00e8s une immobilisation non r\u00e9gularis\u00e9e depuisplus de 6 mois ou \u00e0 leur demande, l'instruction des demandes d'habilitation desprofessionnels du commerce automobile au SIV, le contr\u00f4le et le suivi des habilitations,en lien avec le r\u00e9f\u00e9rent fraude d\u00e9partemental.en mati\u00e8re de contentieux du droit des \u00e9trangers :- le traitement de tout dossier ayant trait au contentieux du droit des \u00e9trangers : lesm\u00e9moires en r\u00e9ponse devant les juges administratifs et les requ\u00eates en appelintroduites devant les Cours administratives d'appel,- le traitement de tout dossier d'\u00e9trangers dont la pr\u00e9sence en France trouble l'ordrepublic et en particulier : l'instruction des dossiers, l'organisation de la COMEX, l'\u00e9dict\u00e9d'arr\u00eat\u00e9s de refus de titre, d'obligations de quitter le territoire, interdiction de retourou de circulation, arr\u00eat\u00e9s d'expulsion.Article 2: En cas d'absence ou d'emp\u00e9chement de Mme Sylvie ALARCON, conseill\u00e8red'administration de l'Int\u00e9rieur et de l'Outre-Mer tremplin, directrice des \u00c9trangers et de laCitoyennet\u00e9, et de M. Damien DUPLOUY, attach\u00e9 principal d'administration de l'\u00c9tat, chef duBureau du S\u00e9jour des Etrangers et de l'Asile (BSEA) , adjoint \u00e0 la directrice, la d\u00e9l\u00e9gation designature conf\u00e9r\u00e9e est exerc\u00e9e :par Mme Laurence BARNOIN, attach\u00e9e principale d'administration de l'\u00c9tat, chef duBureau de l'Identit\u00e9 et des Professionnels de l'Automobile (BIPA),par M. Arnaud REGNIER, attach\u00e9 d'administration de l'\u00c9tat, chef du Bureau del'Eloignement des Etrangers Situation Irr\u00e9guli\u00e9re (BEESI),par Mme Magali DELMAS, attach\u00e9e d'administration de l'\u00c9tat, chef du Bureau duContentieux des Etrangers (BCE),par Mme Nadine MARIN-GRANADOS, attach\u00e9e d'administration de l'\u00c9tat, adjointe auchef du Bureau du S\u00e9jour des Etrangers et de l'Asile (BSEA),par Mme Rita MACHAALLAH, attach\u00e9e d'administration de l'\u00c9tat, adjointe au chef duBureau du S\u00e9jour des Etrangers et de l'Asile (BSEA),pour signer tous documents et toutes d\u00e9cisions.Article 3 : En cas d'absence ou d'emp\u00eachement de Mme Sylvie ALARCON, de M. DamienDUPLOUY, de Mme Laurence BARNOIN, de M. Arnaud REGNIER, de Mme Magali DELMAS, deMme Nadine MARIN-GRANADOS et de Mme Rita MACHAALLAH, la d\u00e9l\u00e9gation de signatureconf\u00e9r\u00e9e est exerc\u00e9e par :M. Nourdine FELLAH, secr\u00e9taire administratif de classe exceptionnelle,Mme Isabelle VIGNE, secr\u00e9taire administrative de classe normale,Mme C\u00e9cile CUSENZA, secr\u00e9taire administrative de classe normaleMme Camille AYMARD, secr\u00e9taire administrative de classe normaleMme Emeline CROS, secr\u00e9taire administrative de classe normale,M. Fran\u00e7ois BAUMES, secr\u00e9taire administratif de classe normaleM. Bernard JACQUET, secr\u00e9taire administratif de classe sup\u00e9rieureMme Nourya BOUDJEMA, secr\u00e9taire administrative de classe normale\nPrefecture du Gard - 30-2026-04-13-00003 - D\u00e9lagation de signature de Mme ALARCON (DEC) 17\nPrefecture du Gard - 30-2026-04-13-00003 - D\u00e9lagation de signature de Mme ALARCON (DEC) 18\npour signer dans la limite de leurs attributions respectives.\nArticle 4: Toutes dispositions ant\u00e9rieures relatives \u00e0 une d\u00e9l\u00e9gation de signature sontabrog\u00e9es.Article 5 : Le pr\u00e9sent arr\u00eat\u00e9 prend effet \u00e0 compter de la date du 1\" avril 2026.Article 6 : Le secr\u00e9taire g\u00e9n\u00e9ral de la pr\u00e9fecture du Gard est charg\u00e9 de l'ex\u00e9cution du pr\u00e9sentarr\u00eat\u00e9, qui sera publi\u00e9 au recueil des actes administratifs de la pr\u00e9fecture.Fait \u00e0 N\u00eemes, le\nLe Pr\u00e9fet,13 AVR. 2026J\u00e9r\u00f4me BONET\nPrefecture du Gard - 30-2026-04-13-00003 - D\u00e9lagation de signature de Mme ALARCON (DEC) 19\nPrefecture du Gard - 30-2026-04-13-00003 - D\u00e9lagation de signature de Mme ALARCON (DEC) 20\nPrefecture du Gard\n30-2026-04-13-00005\nD\u00e9l\u00e9gation de signature de M PERRIN (SIDPC)\nPrefecture du Gard - 30-2026-04-13-00005 - D\u00e9l\u00e9gation de signature de M PERRIN (SIDPC) 21\nE = Direction de la citoyennet\u00e9,PREFET de la l\u00e9galit\u00e9 et de la coordinationDU GARD Service de la coordination desgale politiques publiques et de l'appui territorialFraternit\u00e9\nARRETEdonnant d\u00e9l\u00e9gation de signature \u00e0 M. Christophe PERRIN, chef du service interminist\u00e9riel ded\u00e9fense et de protection civileLe pr\u00e9fet du GardChevalier de la L\u00e9gion d'honneur,Officier de l'ordre national du M\u00e9rite\nVu la loi n\u00b0 82-213 du 2 mars 1982 relative aux droits et libert\u00e9s des communes, desd\u00e9partements et des r\u00e9gions, notamment son article 34;Vu la loi d'orientation n\u00b0 92-125 du 6 f\u00e9vrier 1992 modifi\u00e9e relative \u00e0 l'administrationterritoriale de la R\u00e9publique ;Vu le d\u00e9cret n\u00b0 97.34 du 15 janvier 1997 modifi\u00e9 relatif \u00e0 la d\u00e9concentration des d\u00e9cisionsadministratives individuelles ;Vu le d\u00e9cret n\u00b0 2004-374 du 29 avril 2004 modifi\u00e9 relatif aux pouvoirs des pr\u00e9fets, \u00e0l'organisation et \u00e0 l'action des services de l'\u00c9tat dans les r\u00e9gions et d\u00e9partements ;Vu le d\u00e9cret n\u00b0 2015-510 du 7 mai 2015 portant charte de la d\u00e9concentration ;Vu le d\u00e9cret du 13 juillet 2023 nommant M. J\u00e9r\u00f4me BONET, pr\u00e9fet du Gard;Vu l'arr\u00eat\u00e9 30-2026-01-27-00002 du 27 janvier 2026 portant organisation en directions, ser-vices et bureaux de la pr\u00e9fecture du Gard;Vu la note de service du 13 avril 2026 portant affectation des personnels des directions,services et bureaux de la pr\u00e9fecture du Gard,Sur proposition du secr\u00e9taire g\u00e9n\u00e9ral de la pr\u00e9fecture du Gard;\nArr\u00eate\nArticle 1: D\u00e9l\u00e9gation de signature est donn\u00e9e \u00e0 M. Christophe PERRIN, attach\u00e9 principal,chef du service interminist\u00e9riel de d\u00e9fense et de protection civile (SIDPC) pour signer touted\u00e9cision relevant des attributions ci apr\u00e8s d\u00e9finies :1-Bureau de la planification et gestion de criseSuivi information vigilance et m\u00e9t\u00e9o \u2014 Alerte des institutionnels et services (GALA) - Gestionadministrative de l'astreinte s\u00e9curit\u00e9 civile \u2014 \u00c9criture et r\u00e9vision des plans ORSEC - Suivi des\nPrefecture du Gard - 30-2026-04-13-00005 - D\u00e9l\u00e9gation de signature de M PERRIN (SIDPC) 22\nPUI et POI \u2014 Gestion de crise: activation, armement, fonctionnement des COD, CIPE, PCO,GALA \u2014 Administration et suivi du portail ORSEC \u2014 Exercices de s\u00e9curit\u00e9 civile : planification,organisation, RETEX \u2014 Instruction des demandes de reconnaissance de catastrophe naturelle- Agr\u00e9ment des associations de s\u00e9curit\u00e9 civile \u2014- Secourisme : jurys et dipl\u00f4mes \u2014 Animationdes plans communaux de sauvegarde - Pr\u00e9vention et information des populations : DDRM etDICRIM -\u2014 Feux d'artifice: instruction des demandes des communes - Risques de la viecourante : coordination des campagnes d'information pr\u00e9ventionnelle \u2014 Suivi PPRN et PPRT2-Bureau de la pr\u00e9vention et de la d\u00e9fense nationaleSecr\u00e9tariat des CODERNIM et CDSC - R\u00e9seaux d'alerte \u2014 \u00c9criture et r\u00e9vision des plans ded\u00e9fense - R\u00e9glementation SAIV - Plan Vigipirate \u2014 Habilitations secret d\u00e9fense \u2014 Suivi destransports sensibles \u2014 S\u00e9curit\u00e9 des a\u00e9rodromes, a\u00e9roports et h\u00e9liports - R\u00e9glementation ded\u00e9fense - D\u00e9minage - Secr\u00e9tariat et animation de la commission d\u00e9partementale de s\u00e9curit\u00e9et d'accessibilit\u00e9 - Campings: appui aux communes, cahiers de prescriptions de s\u00e9curit\u00e9 -Immatriculation des CTS - Agr\u00e9ment des SSIAP \u2014 Grands rassemblements : animation et suivi- Secr\u00e9tariat de la sous-commission de mise en s\u00e9curit\u00e9 des terrains de camping - Actesrelatifs \u00e0 la proc\u00e9dure d'autorisation de manifestations nautiques et assimil\u00e9es sur les voiesnavigables - Animation et coordination des attributions du d\u00e9l\u00e9gu\u00e9 \u00e0 la d\u00e9fense et \u00e0 las\u00e9curit\u00e9 de la pr\u00e9fecture et des sous-pr\u00e9fectures \u2014 Suivi de la mission de conseil en sur\u00eat\u00e9num\u00e9rique et s\u00e9curit\u00e9 \u00e9conomique pour le Pr\u00e9fet.3- Le charg\u00e9 de mission.Le charg\u00e9 de mission est conseiller s\u00e9curit\u00e9 num\u00e9rique du pr\u00e9fet. Il \u00e9labore le plan d'actiond\u00e9di\u00e9 \u00e0 la s\u00e9curit\u00e9 num\u00e9rique et \u00e0 la cybers\u00e9curit\u00e9, assure le suivi du plan de continuit\u00e9des activit\u00e9s pour les services de l'\u00c9tat dans le Gard et apporte son appui au service dans lagestion de crise.Article 2: La pr\u00e9sente d\u00e9l\u00e9gation de signature donn\u00e9e \u00e0 M. Christophe PERRIN, chef duservice interminist\u00e9riel de d\u00e9fense et de protection civile, ne comprend pas les exceptionsmentionn\u00e9es ci-dessous- Saisines du tribunal administratif,- d\u00e9rogations, sanctions et fermetures concernant les d\u00e9bits de boissons,- arr\u00eat\u00e9s portant constitution des commissions d\u00e9partementales,- autorisations de man\u0153uvres hors terrains militaires,- arr\u00eat\u00e9s relatifs aux attestations de conformit\u00e9 des chapiteaux, tentes et structures,- mise en \u0153uvre des op\u00e9rations du service d\u00e9partemental d'incendie et de secours,- actes relatifs \u00e0 la carri\u00e8re des sapeurs pompiers, \u00e0 la formation des jeunes sapeurspompiers et \u00e0 l'organisation du brevet national de jeunes sapeurs pompiers,- arr\u00eat\u00e9s relatifs aux agr\u00e9ments d'organismes de formation aux qualifications d'agent des\u00e9curit\u00e9 incendie et d'assistance \u00e0 personne (SSIAP1), de chef d'\u00e9quipe de s\u00e9curit\u00e9incendie et d'assistance a personne (SSIAP2), et de chef de service de s\u00e9curit\u00e9 incendieet d'assistance \u00e0 personne (SSIAP3),- arr\u00eat\u00e9s relatifs aux agr\u00e9ments d'associations de s\u00e9curit\u00e9 civile,- arr\u00eat\u00e9s relatifs aux habilitations d'organismes de s\u00e9curit\u00e9 civile,-d\u00e9cisions relatives \u00e0 l'octroi de la force publique pour les expulsions domiciliaires etcommerciales,\nPrefecture du Gard - 30-2026-04-13-00005 - D\u00e9l\u00e9gation de signature de M PERRIN (SIDPC) 23\n-indemnisations pour refus d'octroi de la force publique,-autorisations de poursuite par voie de vente des d\u00e9biteurs du Tr\u00e9sor,-d\u00e9livrance des habilitations pr\u00e9alablement \u00e0 l'acc\u00e8s aux zones a\u00e9roportuaires r\u00e9serv\u00e9eset aux lieux o\u00f9 sont effectu\u00e9es des op\u00e9rations de s\u00fbret\u00e9 a\u00e9roportuaire,-tous les actes relatifs \u00e0 la proc\u00e9dure de mise en demeure et \u00e9vacuation forc\u00e9e des oc-cupants illicites d'un terrain,-arr\u00eat\u00e9s de fermeture d'autoroute n\u00e9cessit\u00e9e par une situation d'urgence,-agr\u00e9ments des personnels assurant la mise en \u0153uvre des artifices de divertissement etdes articles pyrotechniques destin\u00e9s au th\u00e9\u00e2tre ainsi que la d\u00e9livrance des r\u00e9c\u00e9piss\u00e9s ded\u00e9claration d'organisation de spectacles pyrotechniques,-concernant les adjoints de s\u00e9curit\u00e9 et les cadets de la R\u00e9publique: les actes relatifs \u00e0l'organisation de la commission de s\u00e9lection, l'agr\u00e9ment de la liste des candidatsretenus et les sanctions disciplinaires de l'avertissement et du bl\u00e2me inflig\u00e9es sans sai-sine de la commission consultative paritaire,-actes relatifs \u00e0 la commission de surveillance de la maison d'arr\u00eat de NIMES.Article 3 : En cas d'absence ou d'emp\u00e9chement de M. Christophe PERRIN, chef du service in-terminist\u00e9riel de d\u00e9fense et de protection civile, la d\u00e9l\u00e9gation de signature qui lui est con-f\u00e9r\u00e9e est exerc\u00e9e pour son bureau par M.Julien BACHELET, attach\u00e9 principal d'administra-tion de l'\u00c9tat, chef du bureau de la planification et de la gestion de crise et adjoint au chef duservice interminist\u00e9riel de d\u00e9fense et de protection civile ou par M. Herv\u00e9 FAVIER, chef dubureau de la pr\u00e9vention et de la d\u00e9fense nationale au chef du service interminist\u00e9riel de d\u00e9-fense et de protection civile ou par M. Rapha\u00ebl VIRGA, attach\u00e9 d'administration de l'\u00c9tat,charg\u00e9 de mission Plannification /Exercice au sein du service interminist\u00e9riel de d\u00e9fense et deprotection civile et conseiller sur\u00eat\u00e9 num\u00e9rique du Pr\u00e9fet.Article 9: Toutes dispositions ant\u00e9rieures relatives \u00e0 une d\u00e9l\u00e9gation de signature sontabrog\u00e9es.Article 10 : Le pr\u00e9sent arr\u00eat\u00e9 prend effet \u00e0 compter de la date du 1er avril 2026.Article 11 : Le secr\u00e9taire g\u00e9n\u00e9ral de la pr\u00e9fecture du Gard et la directrice de cabinet du pr\u00e9fetdu Gard sont charg\u00e9s de l'ex\u00e9cution du pr\u00e9sent arr\u00eat\u00e9, qui sera publi\u00e9 au recueil des actesadministratifs de la pr\u00e9fecture.N\u00eemes, le 13 AYR. 2026 Le fr\u00e9fet,\nee BONET\nPrefecture du Gard - 30-2026-04-13-00005 - D\u00e9l\u00e9gation de signature de M PERRIN (SIDPC) 24\nPrefecture du Gard - 30-2026-04-13-00005 - D\u00e9l\u00e9gation de signature de M PERRIN (SIDPC) 25\nPrefecture du Gard\n30-2026-04-13-00004\nD\u00e9l\u00e9gation de signature de Mm FRANCESETTO\n(SPEMA)\nPrefecture du Gard - 30-2026-04-13-00004 - D\u00e9l\u00e9gation de signature de Mm FRANCESETTO (SPEMA) 26\nEX : Direction de ia citoyennet\u00e9,PR\u00c9FET de la l\u00e9galit\u00e9 et de la coordinationDU GARD Service de la coordination desrae politiques publiques et de l'appui territorialFraternit\u00e9\nARRETEdonnant d\u00e9l\u00e9gation de signature \u00e0 Mme Laurence FRANSECETTO, cheffe du service des\u00e9curit\u00e9 publique et des mesures administratives (SPEMA)\nLe pr\u00e9fet du GardChevalier de la L\u00e9gion d'honneur,Officier de l'ordre national du M\u00e9rite\nVu la loi n\u00b0 82-213 du 2 mars 1982 relative aux droits et libert\u00e9s des communes, desd\u00e9partements et des r\u00e9gions, notamment son article 34;Vu la loi d'orientation n\u00b0 92-125 du 6 f\u00e9vrier 1992 modifi\u00e9e relative \u00e0 l'administrationterritoriale de la R\u00e9publique ;Vu le d\u00e9cret n\u00b0 97.34 du 15 janvier 1997 modifi\u00e9 relatif \u00e0 la d\u00e9concentration des d\u00e9cisionsadministratives individuelles ;Vu le d\u00e9cret n\u00b0 2004-374 du 29 avril 2004 modifi\u00e9 relatif aux pouvoirs des pr\u00e9fets, \u00e0l'organisation et \u00e0 l'action des services de l'\u00c9tat dans les r\u00e9gions et d\u00e9partements ;Vu le d\u00e9cret n\u00b0 2015-510 du 7 mai 2015 portant charte de la d\u00e9concentration ;Vu le d\u00e9cret du 13 juillet 2023 nommant M. J\u00e9r\u00f4me BONET, pr\u00e9fet du Gard;Vu l'arr\u00eat\u00e9 30-2026-01-27-00002 du 27 janvier 2026 portant organisation en directions, ser-vices et bureaux de la pr\u00e9fecture du Gard;Vu la note de service du 13 avril 2026 portant affectation des personnels des directions,services et bureaux de la pr\u00e9fecture du Gard,Sur proposition du secr\u00e9taire g\u00e9n\u00e9ral de la pr\u00e9fecture du Gard;\nArr\u00eate\nArticle 1: D\u00e9l\u00e9gation de signature est donn\u00e9e \u00e0 Mme Laurence FRANCESETTO, attach\u00e9eprincipale, cheffe du service de s\u00e9curit\u00e9 publique et des mesures administratives (SPEMA)pour signer toute d\u00e9cision relevant des attributions ci apr\u00e8s d\u00e9finies :\n1-Bureau de l'ordre public et de la lutte contre la d\u00e9linquance (BOP-LD).Secr\u00e9tariat de l'\u00c9tat-major de s\u00e9curit\u00e9 - Pr\u00e9paration des r\u00e9unions d'ordre public -Interventions d'ordre public - Suivi des statistiques de la d\u00e9linquance - Suivi des\nPrefecture du Gard - 30-2026-04-13-00004 - D\u00e9l\u00e9gation de signature de Mm FRANCESETTO (SPEMA) 27\nmanifestations de voie publique \u2014 Suivi de Ja s\u00e9curit\u00e9 du club de football de Nimes-Olympique \u2014- Interdictions administratives de stade - Suivi des \u00ab Rave party \u00bb - Suivi despolitiques d'accueil des gens du voyage - Suivi des cr\u00e9dits de pr\u00e9vention de la d\u00e9linquance etradicalisation (FIPDR, MILDECA) et bilan/\u00e9valuation des projets \u2014 Suivi des dispositifspartenariaux de pr\u00e9vention de la d\u00e9linquance (CLSPD, CISPD, ZSP) - Suivi des protocoles departicipation citoyenne \u2014 Suivi des f\u00eates traditionnelles et des chartes de pr\u00e9vention desconsommations \u00e0 risque- Mise en \u0153uvre et suivi des dispositifs de s\u00e9curit\u00e9 dans lestransports en commun ~ Suivi des protocoles de s\u00e9curit\u00e9 avec des professions particuli\u00e8res -Secr\u00e9tariat de la sous-commission d\u00e9partementale pour les \u00e9tudes de s\u00fbret\u00e9 et de s\u00e9curit\u00e9publique \u2014 Liaison avec les r\u00e9f\u00e9rents s\u00fbret\u00e9 - Proc\u00e9dures d'expulsions commerciales.- Gestiondes hospitalisations d'office sur d\u00e9cision du pr\u00e9fet (HO), suivi des d\u00e9cisions de soins desdirecteurs d'\u00e9tablissements de sant\u00e9, gestion des escortes devant le JLD des d\u00e9tenushospitalis\u00e9s au mas Careiron - suivi JLD et d\u00e9cisions de soins.2-Bureau des polices administratives (BPA).S\u00e9curit\u00e9 priv\u00e9e: autorisations d'exercice des agents de s\u00e9curit\u00e9 priv\u00e9e sur voie publique oudomaine public, double agr\u00e9ment des agents a\u00e9roportuaires, autorisations en lien avec l'\u00e9tatd'urgence (palpations et inspections visuelles), retrait d'agr\u00e9ment des entreprises de s\u00e9curit\u00e9priv\u00e9e (agr\u00e9\u00e9es par le CNAPS) et des cartes professionnelles des agents de s\u00e9curit\u00e9 priv\u00e9e encas d'urgence ou en raison de troubles \u00e0 l'ordre public - Proc\u00e9dures de fermeturesadministratives de commerces pour vente illicite de boissons alcoolis\u00e9es, de tabacs et traficde stup\u00e9fiants - Vid\u00e9oprotection: instruction des demandes, autorisations, refus,modifications des installations, renouvellement des autorisations, syst\u00e8mes hors champd'application - Drones : instruction des demandes de survol et captation de donn\u00e9es,autorisations de survol \u00e0 des fins administratives - Polices municipales : d\u00e9livrance des cartesprofessionnelles, agr\u00e9ments et retraits d'agr\u00e9ments, autorisations de port d'armes,autorisations provisoires de port d'armes, contr\u00f4le de la formation des agents au tir et de laformation continue, enqu\u00eates de moralit\u00e9, autorisations d'acquisition d'armes et demunitions par les collectivit\u00e9s, conventions de coordination polices municipales / policenationale ou gendarmerie nationale \u2014 Gardes particuliers: reconnaissance d'aptitudes,agr\u00e9ments et retraits d'agr\u00e9ments \u2014 P\u00e9nitentiaire: visite \u00e0 d\u00e9tenus, suivi maison d'arr\u00eat deNimes et concours p\u00e9nitentiaires - D\u00e9bits de boissons : transferts de licences, autorisationsde fermeture tardive, contr\u00f4le de l\u00e9galit\u00e9 des arr\u00eat\u00e9s des maires, contr\u00f4le des permisd'exploitation et des d\u00e9clarations des d\u00e9bits de boissons \u00e0 consommer sur place, desrestaurants et d\u00e9bits de boissons \u00e0 emporter - Enqu\u00eates administratives - Armes :d\u00e9clarations et autorisations d'acquisition et de d\u00e9tention, dessaisissements, saisiesadministratives, enregistrements au FINIADA, suivi des clubs de tir, habilitations et contr\u00f4lesdes armuriers, bourses aux armes, transferts \u00e0 l'\u00c9tat, fabrique ou commerce d'armes,d\u00e9livrance des cartes europ\u00e9ennes d'armes a feu, attestations de d\u00e9livrance initiale de permisde chasser3-Bureau de la pr\u00e9vention routi\u00e8re (BSR).Gestion de tout dossier ayant trait aux droits \u00e0 conduire, en particulier : permis de conduire -arr\u00eat\u00e9s de suspension des permis de conduire - demandes aux forces de l'ordre d'ex\u00e9cutiondes d\u00e9cisions minist\u00e9rielles d'annulation pour solde de points nul - mesures administrativescons\u00e9cutives \u00e0 un examen m\u00e9dical, de notification de la perte de validit\u00e9 d'un permis deconduire - r\u00e9c\u00e9piss\u00e9s de remise d'un permis de conduire invalid\u00e9 pour solde de points nul -\nPrefecture du Gard - 30-2026-04-13-00004 - D\u00e9l\u00e9gation de signature de Mm FRANCESETTO (SPEMA) 28\nactes relatifs aux commissions m\u00e9dicales et aux brevets de s\u00e9curit\u00e9 routi\u00e9re - agr\u00e9ments desorganismes r\u00e9alisant des tests psychotechniques - m\u00e9moires en r\u00e9ponse devant les jugesadministratifs en mati\u00e8re de droits \u00e0 conduire. Mise en \u0153uvre des politiques de s\u00e9curit\u00e9routi\u00e8re (interventions, statistiques, PVE) - Mise en \u0153uvre du plan d\u00e9partemental de s\u00e9curit\u00e9routi\u00e8re et de l'ensemble des actions de pr\u00e9vention qu'il pr\u00e9voit, en lien avec le coordinateurd\u00e9partemental S\u00e9curit\u00e9 routi\u00e8re \u00e0 la DDTM. R\u00e9glementation de la circulation sur autoroutesconc\u00e9d\u00e9es \u2014 arr\u00eat\u00e9s relatifs aux plans de circulation routi\u00e8re \u2014 autorisations de circulationdes petits trains routiers et d\u00e9signation des experts charg\u00e9s de r\u00e9aliser les visites techniquesannuelles aff\u00e9rentes \u2014 classement, r\u00e9glementation et \u00e9quipement des passages \u00e0 niveau.4- Bureau des libert\u00e9s publiques (BLP).Secr\u00e9tariat des diff\u00e9rentes cellules de lutte contre la radicalisation, l'entrisme, le s\u00e9paratisme,les extr\u00e9mismes violents et les d\u00e9rives sectaires - Suivi des signalements individuels en liaisonavec le CNAPR, l'UCLAT et la Zone de D\u00e9fense et de S\u00e9curit\u00e9 Sud - Mise en \u0153uvre desmesures d'interdiction et d'Opposition de Sortie du Territoire - Coordination et suivi desactions de pr\u00e9vention de la radicalisation men\u00e9es par l'ensemble des services de l'Etat etop\u00e9rateurs concern\u00e9s : police, gendarmerie, \u00e9ducation nationale, protection judiciaire de lajeunesse, services sociaux, collectivit\u00e9s - Formation et sensibilisation des acteurs locaux auph\u00e9nom\u00e8ne d'entrisme et de radicalisation et \u00e0 la d\u00e9tection des signaux faibles -Organisation d'actions de pr\u00e9vention primaire (pour promouvoir la citoyennet\u00e9 et les valeursde la R\u00e9publique) - Relations avec les responsables des cultes et prise en compte de ladimension religieuse dans les dispositifs de pr\u00e9vention de la radicalisation - Lutte contre lecommunautarisme en lien avec les dispositifs de la politique de la ville - D\u00e9fense de la La\u00efcit\u00e9et la lutte contre le s\u00e9paratisme \u2014 Suivi des d\u00e9rives sectaires - Suivi de l'A\u00efd El K\u00e9bir- Suivi ducontentieux drone et appui juridique au cabinet.Article 2: La pr\u00e9sente d\u00e9l\u00e9gation de signature donn\u00e9e \u00e0 Mme Laurence FRANCESETTO,attach\u00e9e principale, cheffe du service de s\u00e9curit\u00e9 publique et des mesures administratives(SPEMA), ne comprend pas les exceptions mentionn\u00e9es ci-dessous- saisines du tribunal administratif,- d\u00e9rogations, sanctions et fermetures concernant les d\u00e9bits de boissons,- arr\u00eat\u00e9s portant constitution des commissions d\u00e9partementales,- autorisations de man\u0153uvres hors terrains militaires,- arr\u00eat\u00e9s relatifs aux attestations de conformit\u00e9 des chapiteaux, tentes et structures,- mise en \u0153uvre des op\u00e9rations du service d\u00e9partemental d'incendie et de secours,- actes relatifs \u00e0 la carri\u00e8re des sapeurs pompiers, \u00e0 la formation des jeunes sapeurspompiers et \u00e0 l'organisation du brevet national de jeunes sapeurs pompiers,- arr\u00eat\u00e9s relatifs aux agr\u00e9ments d'organismes de formation aux qualifications d'agent des\u00e9curit\u00e9 incendie et d'assistance \u00e0 personne (SSIAP1), de chef d'\u00e9quipe de s\u00e9curit\u00e9incendie et d'assistance a personne (SSIAP2), et de chef de service de s\u00e9curit\u00e9 incendieet d'assistance \u00e0 personne (SSIAP3),- arr\u00eat\u00e9s relatifs aux agr\u00e9ments d'associations de s\u00e9curit\u00e9 civile,- arr\u00eat\u00e9s relatifs aux habilitations d'organismes de s\u00e9curit\u00e9 civile,-d\u00e9cisions relatives \u00e0 l'octroi de la force publique pour les expulsions domiciliaires etcommerciales,\nPrefecture du Gard - 30-2026-04-13-00004 - D\u00e9l\u00e9gation de signature de Mm FRANCESETTO (SPEMA) 29\n-indemnisations pour refus d'octroi de la force publique,-autorisations de poursuite par voie de vente des d\u00e9biteurs du Tr\u00e9sor,-d\u00e9livrance des habilitations pr\u00e9alablement \u00e0 l'acc\u00e8s aux zones a\u00e9roportuaires r\u00e9serv\u00e9eset aux lieux o\u00f9 sont effectu\u00e9es des op\u00e9rations de s\u00fbret\u00e9 a\u00e9roportuaire,-tous les actes relatifs \u00e0 la proc\u00e9dure de mise en demeure et \u00e9vacuation forc\u00e9e des oc-cupants illicites d'un terrain, |-arr\u00eat\u00e9s de fermeture d'autoroute n\u00e9cessit\u00e9e par une situation d'urgence,-agr\u00e9ments des personnels assurant la mise en \u0153uvre des artifices de divertissement etdes articles pyrotechniques destin\u00e9s au th\u00e9\u00e2tre ainsi que la d\u00e9livrance des r\u00e9c\u00e9piss\u00e9s ded\u00e9claration d'organisation de spectacles pyrotechniques,-concernant les adjoints de s\u00e9curit\u00e9 et les cadets de la R\u00e9publique: les actes relatifs \u00e0l'organisation de la commission de s\u00e9lection, l'agr\u00e9ment de la liste des candidatsretenus et les sanctions disciplinaires de l'avertissement et du blame inflig\u00e9es sans sai-sine de la commission consultative paritaire,-actes relatifs \u00e0 la commission de surveillance de la maison d'arr\u00eat de NIMES.Article 3: En cas d'absence ou d'emp\u00e9chement de Mme Laurence FRANCESETTO, attach\u00e9eprincipale, cheffe du service de s\u00e9curit\u00e9 publique et des mesures administratives (SPEMA), lad\u00e9l\u00e9gation de signature qui lui est conf\u00e9r\u00e9e est exerc\u00e9e pour son bureau par Mme Val\u00e9riePERRIN, attach\u00e9e d'administration de l'\u00c9tat, cheffe du Bureau des polices administratives,par M. Sacha PALPACUER, agent contractuel de cat\u00e9gorie A qui assure les fonctions de chefde bureau ordre public et lutte contre la d\u00e9linquance par M Pierre BEHAEGHEL, attach\u00e9d'administration, chef de bureau de la s\u00e9curit\u00e9 routi\u00e8re ou par son adjointe Mme EvelysePEYRE, secr\u00e9taire administrative de classe normale ou par Mme Marie-Noelle GUILLAUD, at-tach\u00e9e d'administration, cheffe du bureau des libert\u00e9s publiques.Article 4: Toutes dispositions ant\u00e9rieures relatives \u00e0 une d\u00e9l\u00e9gation de signature sontabrog\u00e9es.Article 5: Le pr\u00e9sent arr\u00eat\u00e9 prend effet \u00e0 compter de la date du 1er avril 2026.Article 6 : Le secr\u00e9taire g\u00e9n\u00e9ral de la pr\u00e9fecture du Gard et la directrice de cabinet du pr\u00e9fetdu Gard sont charg\u00e9s de l'ex\u00e9cution du pr\u00e9sent arr\u00eat\u00e9, qui sera publi\u00e9 au recueil des actesadministratifs de la pr\u00e9fecture.N\u00eemes, le13 AYR, 2026\nJ\u00e9r\u00f4me BONET\nPrefecture du Gard - 30-2026-04-13-00004 - D\u00e9l\u00e9gation de signature de Mm FRANCESETTO (SPEMA) 30\nPrefecture du Gard\n30-2026-04-13-00006\nD\u00e9l\u00e9gation de signature de Mme BRICIER (CERT)\nPrefecture du Gard - 30-2026-04-13-00006 - D\u00e9l\u00e9gation de signature de Mme BRICIER (CERT) 31\n|DU GARD Direction de la citoyennet\u00e9, de la l\u00e9galit\u00e9 et de la coordinationLert Service de la coordination des politiques publiques et de l'appui territorialFraternit\u00e9 Arr\u00eat\u00e9donnant d\u00e9l\u00e9gation de signature \u00e0 Mme Delphine BRICIER,directrice du centre d'expertise et de ressources des titres (CERT) -certificats d'immatriculation des v\u00e9hicules (CIV)\nLe pr\u00e9fet du GardChevalier de la L\u00e9gion d'honneur,Officier de l'ordre national du M\u00e9riteVu la loi n\u00b0 82-213 du 2 mars 1982 relative aux droits et libert\u00e9s des communes, desd\u00e9partements et des r\u00e9gions, notamment son article 34 ;Vu le d\u00e9cret n\u00b0 97-34 du 15 janvier 1997 modifi\u00e9 relatif \u00e0 la d\u00e9concentration des d\u00e9cisionsadministratives individuelles ;Vu le d\u00e9cret n\u00b0 2004-374 du 29 avril 2004 modifi\u00e9 relatif aux pouvoirs des pr\u00e9fets, al'organisation et \u00e0 l'action des services de l'Etat dans les r\u00e9gions et d\u00e9partements ;Vu le d\u00e9cret n\u00b0 2008-158 du 22 f\u00e9vrier 2008 relatif \u00e0 la suppl\u00e9ance des pr\u00e9fets de r\u00e9gion et \u00e0 lad\u00e9l\u00e9gation de signature des pr\u00e9fets et des hauts commissaires de la R\u00e9publique en Polyn\u00e9siefran\u00e7aise et en Nouvelle-Cal\u00e9donie :Vu le d\u00e9cret n\u00b0 2009-176 du 16 f\u00e9vrier 2009 modifiant le d\u00e9cret n\u00b0 64-805 du 29 juillet 1964fixant les dispositions r\u00e9glementaires applicables aux pr\u00e9fets et le d\u00e9cret n\u00b0 2004-374 du 29avril 2004 modifi\u00e9 relatif aux pouvoirs des pr\u00e9fets, \u00e0 l'organisation et \u00e0 l'action des services del'Etat dans les r\u00e9gions et d\u00e9partements ;Vu le d\u00e9cret n\u00b0 2015-510 du 7 mai 2015 portant charte de la d\u00e9concentration ;Vu le d\u00e9cret n\u00b0 2004-1085 du 14 octobre 2004 relatif \u00e0 la d\u00e9l\u00e9gation de gestion dans les ser-vices de l'\u00c9tat ;Vu le d\u00e9cret du 13 juillet 2023 nommant M. J\u00e9r\u00f4me BONET, pr\u00e9fet du Gard;Vu l'arr\u00eat\u00e9 du ministre de l'Int\u00e9rieur du 23 octobre 2021 nommant Mme Delphine BRICIER,dans l'emploi fonctionnel de conseiller d'administration de l'int\u00e9rieur et de l'outre-mer enqualit\u00e9 de directrice du centre d'expertise et de ressources titres certificats d'immatriculationde N\u00eemes (30) \u00e0 compter du 24 ao\u00fbt 2021;Vu la convention de d\u00e9l\u00e9gation de gestion des titres d'annulation relatifs au malus applicableaux voitures particuli\u00e8res les plus polluantes conclue par le pr\u00e9fet du d\u00e9partement du GARDet les pr\u00e9fets des d\u00e9partements des Alpes-de-Haute-Provence, des Hautes-Alpes, des Alpes-Maritimes, de l'Ari\u00e8ge, de l'Aude, de l'Aveyron, des Bouches du Rh\u00f4ne, de Corse-du-Sud, deHaute-Corse, du Gers, de Haute-Garonne, des Landes, du Lot, de l'H\u00e9rault, de Loz\u00e8re, des Py-r\u00e9n\u00e9es-Atlantiques, des Hautes-Pyr\u00e9n\u00e9es, des Pyr\u00e9n\u00e9es orientales, du Tarn, de Tarn-et-Ga-ronne, du Var, et de Vaucluse.Vu l'arr\u00eat\u00e9 30-2026-01-27-00002 du 27 janvier 2026 portant organisation en directions,services et bureaux de la pr\u00e9fecture du Gard ;Vu l'arr\u00eat\u00e9 n\u00b0 30-2025-06-17-0001 du 17 juin 2025 donnant d\u00e9l\u00e9gation de signature \u00e0 Mme Del-phine BRICIER, directrice du centre d'expertise et de ressources des titres (CERT) -certificats d'immatriculation des v\u00e9hicules (CIV) ;Sur proposition du secr\u00e9taire g\u00e9n\u00e9ral de la pr\u00e9fecture du Gard ;\nPrefecture du Gard - 30-2026-04-13-00006 - D\u00e9l\u00e9gation de signature de Mme BRICIER (CERT) 32\nArr\u00e9te\nArticle 1: D\u00e9l\u00e9gation de signature est donn\u00e9e a Mme Delphine BRICIER , conseiller d'adminis-tration de l'int\u00e9rieur et de l'outre-mer, directrice du centre d'expertise et de ressources destitres certificats d'immatriculation des v\u00e9hicules (CERT-CIV) pour signer ou viser, dans la li-mite des attributions d\u00e9volues \u00e0 cette direction, toutes les correspondances, d\u00e9cisions ou do-cuments administratifs \u00e0 l'exception des actes ci-apr\u00e8s :> arr\u00eat\u00e9s pr\u00e9sentant un caract\u00e8re r\u00e9glementaire g\u00e9n\u00e9ral ou de principe ;> correspondances destin\u00e9es aux parlementaires, conseillers r\u00e9gionaux et conseillers g\u00e9n\u00e9raux;> circulaires aux maires ;> instructions aux chefs des services de l'\u00c9tat dans le d\u00e9partement ;> actes portant cr\u00e9ation des comit\u00e9s, conseils et commissions et d\u00e9signation de leursmembres;> arr\u00eat\u00e9s et d\u00e9cisions attributives de subventions et conventions engageant financi\u00e8rement l'\u00c9tat.\nArticle 2: En mati\u00e8re financi\u00e8re, d\u00e9l\u00e9gation est donn\u00e9e a Mme Delphine BRICIER, directricedu centre d'expertise et de ressources des titres - certificats d'immatriculation des v\u00e9hicules(CERT-CIV), pour signer ou viser :1) les \u00e9tats liquidatifs de remboursement des trop-per\u00e7us des diverses taxes relatives \u00e0l'immatriculation des v\u00e9hicules, notamment les actes relatifs \u00e0 l'instruction desdemandes d'exon\u00e9ration et l'ordonnancement des titres d'annulation \u00e0 \u00e9mettre sur lestitres de perception du malus applicable aux voitures particuli\u00e8res les plus polluantes.2) les actes relatifs \u00e0 l'engagement, la liquidation et l'ordonnancement des d\u00e9penses surles programmes suivants ainsi que les expressions de besoin et les constatations deservice fait sur lesdits programmes :- Programme 216 action 6 - contentieux\nArticle 3: En cas d'absence ou d'emp\u00e9chement de Mme Delphine BRICIER, directrice ducentre d'expertise et de ressources des titres - certificats d'immatriculation des v\u00e9hicules(CERT-CIV), la d\u00e9l\u00e9gation de signature qui lui est conf\u00e9r\u00e9e par les articles 1\u00b0 et 2 du pr\u00e9sent ar-r\u00eat\u00e9 seront exerc\u00e9es dans les m\u00eames conditions par :- M. Jean-Charles BLANCHARD, attach\u00e9 de l'administration de l'\u00c9tat, en qualit\u00e9 de chef dup\u00f4le instruction ;\nArticle 4: En cas d'absence ou d'emp\u00e9chement de Mme Delphine BRICIER, d\u00e9l\u00e9gation estdonn\u00e9e pour signer ou viser les m\u00eames documents dans la limite de leurs attributionsrespectives, aux fonctionnaires d\u00e9sign\u00e9s ci-apr\u00e8s :> P\u00f4le instruction:\nPrefecture du Gard - 30-2026-04-13-00006 - D\u00e9l\u00e9gation de signature de Mme BRICIER (CERT) 33\nArr\u00e9te\nArticle 1: D\u00e9l\u00e9gation de signature est donn\u00e9e \u00e0 Mme Delphine BRICIER , conseiller d'adminis-tration de l'int\u00e9rieur et de l'outre-mer, directrice du centre d'expertise et de ressources destitres certificats d'immatriculation des v\u00e9hicules (CERT-CIV) pour signer ou viser, dans la li-mite des attributions d\u00e9volues a cette direction, toutes les correspondances, d\u00e9cisions ou do-cuments administratifs a l'exception des actes ci-apr\u00e8s :> arr\u00eat\u00e9s pr\u00e9sentant un caract\u00e8re r\u00e9glementaire g\u00e9n\u00e9ral ou de principe;? Correspondances destin\u00e9es aux parlementaires, conseillers r\u00e9gionaux et conseillers g\u00e9n\u00e9raux ;~ circulaires aux maires :> instructions aux chefs des services de l'\u00c9tat dans le d\u00e9partement ;> actes portant cr\u00e9ation des comit\u00e9s, conseils et commissions et d\u00e9signation de leursmembres:> arr\u00eat\u00e9s et d\u00e9cisions attributives de subventions et conventions engageant financi\u00e8rement l'\u00c9tat.\nArticle 2 : En mati\u00e8re financi\u00e8re, d\u00e9l\u00e9gation est donn\u00e9e \u00e0 Mme Delphine BRICIER, directricedu centre d'expertise et de ressources des titres - certificats d'immatriculation des v\u00e9hicules(CERT-CIV), pour signer ou viser :1) les \u00e9tats liquidatifs de remboursement des trop-per\u00e7us des diverses taxes relatives \u00e0l'immatriculation des v\u00e9hicules, notamment les actes relatifs \u00e0 l'instruction desdemandes d'exon\u00e9ration et l'ordonnancement des titres d'annulation \u00e0 \u00e9mettre sur lestitres de perception du malus applicable aux voitures particuli\u00e8res les plus polluantes.2) les actes relatifs \u00e0 l'engagement, la liquidation et l'ordonnancement des d\u00e9penses surles programmes suivants ainsi que les expressions de besoin et les constatations deservice fait sur lesdits programmes :- Programme 216 action 6 - contentieux\nArticle 3: En cas d'absence ou d'emp\u00eachement de Mme Delphine BRICIER, directrice ducentre d'expertise et de ressources des titres - certificats d'immatriculation des v\u00e9hicules(CERT-CIV), la d\u00e9l\u00e9gation de signature qui lui est conf\u00e9r\u00e9e par les articles 1\" et 2 du pr\u00e9sent ar-r\u00eat\u00e9 seront exerc\u00e9es dans les m\u00eames conditions par :- M. Jean-Charles BLANCHARD, attach\u00e9 de l'administration de l'\u00c9tat, en qualit\u00e9 de chef dup\u00f4le instruction ;\nArticle 4: En cas d'absence ou d'emp\u00e9chement de Mme Delphine BRICIER, d\u00e9l\u00e9gation estdonn\u00e9e pour signer ou viser les m\u00eames documents dans la limite de leurs attributionsrespectives, aux fonctionnaires d\u00e9sign\u00e9s ci-apr\u00e8s :\nPrefecture du Gard - 30-2026-04-13-00006 - D\u00e9l\u00e9gation de signature de Mme BRICIER (CERT) 34\nPrefecture du Gard - 30-2026-04-13-00006 - D\u00e9l\u00e9gation de signature de Mme BRICIER (CERT) 35\n> P\u00f4le instruction :- pour le bureau \u00ab corrections, modifications de titres, gage opposition \u00bb, \u00e0 M. ThierryLAMBERT attach\u00e9 d'administration de l'Etat, chef de bureau :- pour le bureau \u00ab v\u00e9hicules import\u00e9s et situations complexes \u00bb, \u00e0 M. Maxime LAFFONT-RIVARD, attach\u00e9 d'administration de l'\u00c9tat, chef de bureau ;\n> Bureau de la lutte contre la fraude :D\u00e9l\u00e9gation de signature est donn\u00e9e \u00e0 M. Marc ZATTARA, attach\u00e9 principald'administration de l'Etat d'administration de l'\u00c9tat, chef de bureau. En cas d'absence oud'emp\u00e9chement de M. Marc ZATTARA, d\u00e9l\u00e9gation de signature est donn\u00e9e \u00e0 M.Abdelmadjid GUEHAM, secr\u00e9taire administratif de classe normale, adjoint au chef debureau.\nArticle 5: l'arr\u00eat\u00e9 n\u00b0 30-2025-06-17-0001 du 17 juin 2025 donnant d\u00e9l\u00e9gation de signature aMme Delphine BRICIER, directrice du centre d'expertise et de ressources des titres (CERT) -certificats d'immatriculation des v\u00e9hicules (CIV) est abrog\u00e9.\nArticle 6 : Le pr\u00e9sent arr\u00eat\u00e9 prend effet d\u00e8s sa publication.\nArticle 7 : Le secr\u00e9taire g\u00e9n\u00e9ral de la pr\u00e9fecture du Gard est charg\u00e9 de l'ex\u00e9cution du pr\u00e9sentarr\u00eat\u00e9, qui sera publi\u00e9 au recueil des actes administratifs de la pr\u00e9fecture. |\nN\u00eemes, le\n13 AVR. 2026 Le pr\u00e9fet,\nJ\u00e9r\u00f4me BONET\nPrefecture du Gard - 30-2026-04-13-00006 - D\u00e9l\u00e9gation de signature de Mme BRICIER (CERT) 36\nPrefecture du Gard - 30-2026-04-13-00006 - D\u00e9l\u00e9gation de signature de Mme BRICIER (CERT) 37\nPrefecture du Gard\n30-2026-04-13-00002\nD\u00e9l\u00e9gation de signature de M BIOU (DCL)\nPrefecture du Gard - 30-2026-04-13-00002 - D\u00e9l\u00e9gation de signature de M BIOU (DCL) 38\nDirection de la citoyennet\u00e9, de la l\u00e9galit\u00e9 et de la coordinationPREFET Service de la coordination des politiquesDU GARD po. publiques et de l'appui territorialLibert\u00e9Egalit\u00e9Fraternit\u00e9\nArr\u00eat\u00e9 n\u00b0donnant d\u00e9l\u00e9gation de signature \u00e0 M. Jean-Louis BIOU,directeur de la coordination, de la l\u00e9galit\u00e9 et des collectivit\u00e9s locales (DCL)\u00e0 la pr\u00e9fecture du Gard\nLe pr\u00e9fet du GardChevalier de fa L\u00e9gion d'honneurOfficier de l'ordre national du M\u00e9rite\nVu la loi n\u00b0 82-213 du 2 mars 1982 relative aux droits et libert\u00e9s des communes, desd\u00e9partements et des r\u00e9gions, notamment son article 34,Vu le d\u00e9cret n\u00b0 97-34 du 15 janvier 1997 modifi\u00e9 relatif \u00e0 la d\u00e9concentration des d\u00e9cisionsadministratives individuelles,Vu le d\u00e9cret n\u00b0 2004-374 du 29 avril 2004 modifi\u00e9 relatif aux pouvoirs des pr\u00e9fets, al'organisation et \u00e0 l'action des services de l'Etat dans les r\u00e9gions et d\u00e9partements,Vu le d\u00e9cret n\u00b0 2008-158 du 22 f\u00e9vrier 2008 relatif \u00e0 la suppl\u00e9ance des pr\u00e9fets de r\u00e9gion et \u00e0la d\u00e9l\u00e9gation de signature des pr\u00e9fets et des hauts commissaires de la R\u00e9publique enPolyn\u00e9sie fran\u00e7aise et en Nouvelle-Cal\u00e9donie,Vu le d\u00e9cret n\u00b0 2009-176 du 16 f\u00e9vrier 2009 modifiant le d\u00e9cret n\u00b0 64-805 du 29 juillet 1964fixant les dispositions r\u00e9glementaires applicables aux pr\u00e9fets,Vu le d\u00e9cret n\u00b0 2015-510 du 7 mai 2015 portant charte de la d\u00e9concentration ;Vu le d\u00e9cret du 13 juillet 2023 nommant M. J\u00e9r\u00f4me BONET, pr\u00e9fet du Gard ;Vu l'arr\u00eat\u00e9 30-2026-01-27-00002 du 27 janvier 2026 portant organisation en directions,services et bureaux de la pr\u00e9fecture du Gard;Vu l'arr\u00eat\u00e9 du ministre de l'int\u00e9rieur du 27 juillet 2023 portant affectation de M. Jean-LouisBIOU, conseiller d'administration de l'int\u00e9rieur et de l'outre-mer, \u00e0 la pr\u00e9fecture du Gard -secr\u00e9tariat g\u00e9n\u00e9ral - direction de la citoyennet\u00e9, de la l\u00e9galit\u00e9 et de la coordination, \u00e0compter du 1\u00b0 septembre 2023 ;Vu la note de service du 13 avril 2026 portant affectation des personnels des directions,services et bureaux de la pr\u00e9fecture du GardSur proposition du secr\u00e9taire g\u00e9n\u00e9ral de la pr\u00e9fecture du Gard;\nPrefecture du Gard - 30-2026-04-13-00002 - D\u00e9l\u00e9gation de signature de M BIOU (DCL) 39\nArr\u00e9te\nArticle 1er: D\u00e9l\u00e9gation de signature est donn\u00e9e \u00e0 M. Jean-Louis BIOU, directeur de lacoordination, de la l\u00e9galit\u00e9 et des collectivit\u00e9s locales a l'effet de signer toutes d\u00e9cisionsrelevant des attributions de la direction, \u00e0 l'exception des documents suivants :r\u00e9ponses aux \u00e9lus dans le cadre des interventions,convocations des \u00e9lecteurs,acceptation de la d\u00e9mission des maires, adjoints au maire des communes, pr\u00e9sidentset vice-pr\u00e9sidents des \u00e9tablissements publics de coop\u00e9ration intercommunale etsyndicats mixtes,arr\u00eat\u00e9s en mati\u00e8re d'annonces l\u00e9gales,arr\u00eat\u00e9s portant composition des jurys d'assisesarr\u00eat\u00e9s attributifs de diverses dotations et subventions,arr\u00eat\u00e9s modifiant les circonscriptions territoriales des communes,arr\u00eat\u00e9s portant cr\u00e9ation de communes nouvelles,arr\u00eat\u00e9s portant cr\u00e9ation, modification et dissolution des \u00e9tablissements publics decoop\u00e9ration intercommunale et syndicats mixtes,arr\u00eat\u00e9s modifiant les limites des arrondissements,arr\u00eat\u00e9s de d\u00e9claration d'utilit\u00e9 publique et de cessibilit\u00e9,saisines de la chambre r\u00e9gionale des comptes,r\u00e9f\u00e9r\u00e9s et d\u00e9f\u00e9r\u00e9s (m\u00e9moires introductifs) devant le tribunal administratif et la couradministrative d'appel,arr\u00eat\u00e9s portant cr\u00e9ation, constitution ou renouvellement des commissionsr\u00e9glementaires,arr\u00eat\u00e9s autorisant les installations class\u00e9es pour la protection de l'environnement.\nArticle 2: En mati\u00e8re financi\u00e8re, d\u00e9l\u00e9gation est donn\u00e9e \u00e0 M. Jean-Louis BIOU pour signer lesactes relatifs \u00e0 l'engagement, la liquidation et l'ordonnancement ainsi que les expressions debesoin et constatations des services faits pour les programmes suivants :Programme 112 \u00ablmpulsion et coordination de la politique d'am\u00e9nagement duterritoire\u00bb - FNADT,Programme 119 \u00abConcours financiers aux collectivit\u00e9s territoriales et \u00e0 leursgroupements\u00bb: soutien aux projets des communes et groupements de communes,dotation d'\u00e9quipement des territoires ruraux,Programme 122 \u00abConcours sp\u00e9cifiques et administration\u00bb : aides exceptionnelles auxcollectivit\u00e9s territoriales, calamit\u00e9s publiques, subventions pour travaux diversd'int\u00e9r\u00eat local,\nPrefecture du Gard - 30-2026-04-13-00002 - D\u00e9l\u00e9gation de signature de M BIOU (DCL) 40\nArr\u00e9te\nArticle 1er: D\u00e9l\u00e9gation de signature est donn\u00e9e \u00e0 M. Jean-Louis BIOU, directeur de lacoordination, de la l\u00e9galit\u00e9 et des collectivit\u00e9s locales \u00e0 l'effet de signer toutes d\u00e9cisionsrelevant des attributions de la direction, \u00e0 l'exception des documents suivants :r\u00e9ponses aux \u00e9lus dans le cadre des interventions,convocations des \u00e9lecteurs,acceptation de la d\u00e9mission des maires, adjoints au maire des communes, pr\u00e9sidentset vice-pr\u00e9sidents des \u00e9tablissements publics de coop\u00e9ration intercommunale etsyndicats mixtes,arr\u00eat\u00e9s en mati\u00e8re d'annonces l\u00e9gales,arr\u00eat\u00e9s portant composition des jurys d'assisesarr\u00eat\u00e9s attributifs de diverses dotations et subventions,arr\u00eat\u00e9s modifiant les circonscriptions territoriales des communes,arr\u00eat\u00e9s portant cr\u00e9ation de communes nouvelles,arr\u00eat\u00e9s portant cr\u00e9ation, modification et dissolution des \u00e9tablissements publics decoop\u00e9ration intercommunale et syndicats mixtes,arr\u00eat\u00e9s modifiant les limites des arrondissements,arr\u00eat\u00e9s de d\u00e9claration d'utilit\u00e9 publique et de cessibilit\u00e9,saisines de la chambre r\u00e9gionale des comptes,r\u00e9f\u00e9r\u00e9s et d\u00e9f\u00e9r\u00e9s (m\u00e9moires introductifs) devant le tribunal administratif et la couradministrative d'appel,arr\u00eat\u00e9s portant cr\u00e9ation, constitution ou renouvellement des commissionsr\u00e9glementaires,arr\u00eat\u00e9s autorisant les installations class\u00e9es pour la protection de l'environnement.\nArticle 2: En mati\u00e8re financi\u00e8re, d\u00e9l\u00e9gation est donn\u00e9e \u00e0 M. Jean-Louis BIOU pour signer lesactes relatifs \u00e0 l'engagement, la liquidation et l'ordonnancement ainsi que les expressions debesoin et constatations des services faits pour les programmes suivants :\nLAProgramme 112 \u00abimpulsion et coordination de la politique d'am\u00e9nagement duterritoire\u00bb - FNADT,Programme 119 \u00abConcours financiers aux collectivit\u00e9s territoriales et \u00e0 leursgroupements\u00bb: soutien aux projets des communes et groupements de communes,dotation d'\u00e9quipement des territoires ruraux,Programme 122 \u00abConcours sp\u00e9cifiques et administration\u00bb: aides exceptionnelles auxcollectivit\u00e9s territoriales, calamit\u00e9s publiques, subventions pour travaux diversd'int\u00e9r\u00eat local,\nPrefecture du Gard - 30-2026-04-13-00002 - D\u00e9l\u00e9gation de signature de M BIOU (DCL) 41\nPrefecture du Gard - 30-2026-04-13-00002 - D\u00e9l\u00e9gation de signature de M BIOU (DCL) 42\n+ Programme 176 \u00abPolice Nationale\u00bb - action 2 \u00abs\u00e9curit\u00e9 et paix publiques \u00bb:indemnisation des gardiens de fourri\u00e9re,+ Programme 212 \u00abSoutien de la politique de la d\u00e9fense\u00bb - FRED,\u00a2 Programme 216 \u00abConduite et pilotage des politiques de l'int\u00e9rieur\u00bb - action 6 \u00ab Affairesjuridiques et contentieuses \u00bb,* Programme 218 \"Conduite et pilotage despolitiques \u00e9conomiques et financi\u00e8res\"* Programme 232 \u00abVie politique, cultuelle et associative\u00bb - \u00e9lections,* Programme 363 \" Plan de relance-Volet comp\u00e9titivit\u00e9\"* Programme 380 \u00abFonds d'acc\u00e9l\u00e9ration de la transition \u00e9cologique dans les territoires\u00bb,* Programme 754 \u00ab Contribution \u00e0 l'\u00e9quipement des collectivit\u00e9s territoriales pourl'am\u00e9lioration des transports en commun, de la s\u00e9curit\u00e9 et de la circulation routi\u00e8re \u00bb :amendes de police.\nArticle 3: En cas d'absence ou d'emp\u00e9chement de M. Jean-Louis BIOU, d\u00e9l\u00e9gation designature, pour toutes d\u00e9cisions relevant des attributions des services, ci-apr\u00e8s d\u00e9finis, estdonn\u00e9e \u00e0 :> Mme B\u00e9reng\u00e8re SOULAGES-PIONCHON, attach\u00e9e principale, cheffe du service des\u00e9lections, des r\u00e9glementations et de l'utilit\u00e9 publique (SERUP) et, en son absence ou en casd'emp\u00eachement, M. Eric LANSADE, attach\u00e9 d'administration de l'Etat, chef du bureau desproc\u00e9dures environnementales et fonci\u00e8res (BPEF) ou Mme Laurence PEZET, attach\u00e9ed'administration de l'Etat, cheffe du bureau des \u00e9lections et des r\u00e9glementations (BER) ;> Mme Karine PRAT, attach\u00e9e principale, cheffe du service des collectivit\u00e9s locales(SCL), cheffe du bureau du conseil et du contr\u00f4le de l\u00e9galit\u00e9 (BCL) et, en son absence ou encas d'emp\u00e9chement, Mme Isabelle BALAGUE, secr\u00e9taire administrative de classeexceptionnelle, cheffe du bureau du contr\u00f4le budg\u00e9taire, des dotations et del'intercommunalit\u00e9 (BCBDI) ;> Mme Victoria RICHEBOURG, attach\u00e9e principale d'administration, cheffe duservice de la coordination des politiques publiques et de l'appui territorial (SCPPAT) et, enson absence ou en cas d'emp\u00e9chement, Mme Nathalie BRICHLER, attach\u00e9e d'administrationde l'Etat, adjointe \u00e0 la cheffe du service de la coordination des politiques publiques et del'appui territorial (SCPPAT) ; Mme Sylvie QUINTIN, attach\u00e9e d'administration de l'Etat, cheffedu bureau de la coordination administrative et des politiques publiques (BCAP) ; MmeLaurence RAGOIN, attach\u00e9e d'administration de l'Etat, pr\u00e9figuratrice du bureau del'ing\u00e9nierie financi\u00e8re des collectivit\u00e9s territoriale (BIF),pour signer, dans la limite des attributions relevant de leur service respectif, tous documents,hors les exceptions vis\u00e9es \u00e0 l'article 1er.\nArticle 4 : En cas d'absence ou d'emp\u00eachement de M. Jean-Louis BIOU et de l'un de ses chefsde service de la direction, les autres chefs de bureaux d\u00e9l\u00e9gataires pr\u00e9sents ou les charg\u00e9s de\nPrefecture du Gard - 30-2026-04-13-00002 - D\u00e9l\u00e9gation de signature de M BIOU (DCL) 43\nPrefecture du Gard - 30-2026-04-13-00002 - D\u00e9l\u00e9gation de signature de M BIOU (DCL) 44\nmission ont d\u00e9l\u00e9gation pour signer en lieu et place du directeur et dudit chef de serviceconcern\u00e9.\nArticle 5 : En mati\u00e8re budg\u00e9taire, d\u00e9l\u00e9gation de signature est donn\u00e9e \u00e0 :\n-Constatation\nObjet de la Programme B\u00e9n\u00e9ficiaire en tant qu'op\u00e9rateur CHORUSd\u00e9l\u00e9gation176 ; 232; 216 |Mme B\u00e9reng\u00e9re Soulages-Pionchon ; M. Eric Lansade; Mme(6); 218 Laurence Pezet; M. Tarik Agouram, Mme H\u00e9l\u00e8ne Lambert;. Mme Florence Teissier-Saisie desengagementsjuridiques 112 ; 119 ;122; |Mme Karine Prat; Mme Isabelle Ballagu\u00e9;Mme Cristel216 (6) ; 754Gaubiac, Mme Agn\u00e9s Mateo, M. Laurent Rouvi\u00e9redu service 12; 119,122, |Mme Victoria Richebourg; Mme Laurence Ragoin ; Mmefait 212 ; 363 ; 380 | Nathalie Brichler-Chichignoud;Mme Agn\u00e8s Texier; MmeSylvie Quintin ; M. Marc Compan ; Mme B\u00e9n\u00e9dicte Chevron ;M. Laurent Julita ; Mme Camille Perez\nArticle 6 : L'arr\u00eat\u00e9 n\u00b0 30-2025-10-16-00002 du 15 octobre 2025 donnant d\u00e9l\u00e9gation designature \u00e0 M. Jean-Louis BIOU,directeur de la citoyennet\u00e9, de la l\u00e9galit\u00e9 et de lacoordination, \u00e0 la pr\u00e9fecture du Gard est abrog\u00e9.\nArticle 7 : Le pr\u00e9sent arr\u00eat\u00e9 prend effet \u00e0 compter de la date du Jer avril 2026.\nArticle 8 : Le secr\u00e9taire g\u00e9n\u00e9ral de la pr\u00e9fecture du Gard est charg\u00e9 de l'ex\u00e9cution du pr\u00e9sentarr\u00eat\u00e9 qui sera publi\u00e9 au recueil des actes administratifs de la pr\u00e9fecture.\nN\u00eemes, le 13 AVR. 2026\nJ\u00e9r\u00f4me BONET\nPrefecture du Gard - 30-2026-04-13-00002 - D\u00e9l\u00e9gation de signature de M BIOU (DCL) 45\nPrefecture du Gard - 30-2026-04-13-00002 - D\u00e9l\u00e9gation de signature de M BIOU (DCL) 46","date":"2026-04-13","first_seen_on":"2026-04-13T16:18:06+00:00","id":"1efc383418a16daef13d6fd421033adb3a0e7f1ad54fa6e1fd5a80cd44f3380c","name":"recueil-30-2026-074-special du 13 04 2026","pdf_creation_date":"2026-04-13T14:25:34+00:00","pdf_modification_date":null,"timezone":"Europe/Paris","url":"https://www.gard.gouv.fr/contenu/telechargement/67579/496642/file/recueil-30-2026-074-special%20du%2013%2004%202026.pdf"}
