{"administration":"prefidf","administration_name":"Pr\u00e9fecture de la r\u00e9gion \u00cele-de-France","content":"PREFECTURE\nREGION ILE DE\nFRANCE\nRECUEIL DES ACTES\nADMINISTRATIFS SP\u00c9CIAL\n(NOMINATIFS)\nN\u00b0IDF-029-2026-01\nPUBLI\u00c9 LE 16 JANVIER 2026\nSommaire\nAgence R\u00e9gionale de Sant\u00e9 /\nIDF-2026-01-15-00006 - Arr\u00eat\u00e9 2026-001 fixant la composition de la\ncommission r\u00e9gionale de coordination m\u00e9dicale (CRCM) de la\nr\u00e9gional \u00cele-de-France (2 pages) Page 3\n2\nAgence R\u00e9gionale de Sant\u00e9\nIDF-2026-01-15-00006\nArr\u00eat\u00e9 2026-001 fixant la composition de la\ncommission r\u00e9gionale de coordination m\u00e9dicale\n(CRCM) de la r\u00e9gional \u00cele-de-France\nAgence R\u00e9gionale de Sant\u00e9 - IDF-2026-01-15-00006 - Arr\u00eat\u00e9 2026-001 fixant la composition de la commission r\u00e9gionale de\ncoordination m\u00e9dicale (CRCM) de la r\u00e9gional \u00cele-de-France 3\nExREPUBLIQUEFRAN\u00c7AISELibert\u00e9Egalit\u00e9Fraternit\u00e9 e \u00bb Agence R\u00e9gionale de Sant\u00e9Ile-de-France\n \n \n \n \nAGENCE R\u00c9GIONALE DE SANT\u00c9 \u00ceLE-DE-FRANCE \nARR\u00caT\u00c9 N\u00b0 2026 \u2013 001  \nfixant la composition de la commission r\u00e9gionale de coordination m\u00e9dicale  \nde la r\u00e9gion \u00cele-de-France \n \nLE DIRECTEUR G\u00c9N\u00c9RAL DE L'AGENCE R\u00c9GIONALE DE SANT\u00c9 \u00ceLE-DE-FRANCE \n \nVU le code de l'action sociale et des familles, et notamment en ses articles L.314 -9 et R.314-171-\n1 \u00e0 R.314-171-3 ; \n \nVU le code de la sant\u00e9 publique, et notamment l'article L.6111-3 ; \n \nVU l'ordonnance n\u00b02015-1620 du 10 d\u00e9cembre 2015 adaptant les agences r\u00e9gionales de sant\u00e9 et \nles unions r\u00e9gionales de professionnels de sant\u00e9 \u00e0 la nouvelle d\u00e9limitation des r\u00e9gions ;   \n \nVU le d\u00e9cret n\u00b02015-1650 du 11 d\u00e9cembre 2015 adaptant les agences r\u00e9gionales de sant\u00e9 \u00e0 la \nnouvelle d\u00e9limitation des r\u00e9gions et prorogeant le mandat des unions r\u00e9gionales de \nprofessionnels de sant\u00e9 regroupant les infirmiers ; \n \nVU le d\u00e9cret du 10 avril 2024 portant nomination de Monsieur Denis ROBIN, Directeur g\u00e9n\u00e9ral de \nl'Agence r\u00e9gionale de sant\u00e9 \u00cele-de-France \u00e0 compter du 29 avril 2024 ;  \n \nVU la circulaire interminist\u00e9rielle n\u00b0  DGCS/SD3/DSS/SD1/2013/418 du 6 d\u00e9cembre 2013 relative \n\u00e0 la mise en \u0153uvre du d\u00e9cret n\u00b02013-22 du 8 janvier 2013 relatif \u00e0 l'\u00e9valuation et \u00e0 la validation \ndu niveau de perte d'autonomie et des besoins en soins des personnes h\u00e9berg\u00e9es dans les \n\u00e9tablissements d'h\u00e9bergement pour personnes \u00e2g\u00e9es d\u00e9pendantes et fixant la composition et \nle fonctionnement de la commission r\u00e9gionale de coordination m\u00e9dicale mentionn\u00e9e \u00e0 l'article \nL.314-9 du CASF ; \n \n \nARR\u00caTE \n \nARTICLE 1er : La Commission r\u00e9gionale de coordination m\u00e9dicale pr\u00e9vue \u00e0 l'article L.319 -9 du \nCode de l'action sociale et des familles et compos\u00e9e comme suit :  \n \n  \n1\u00b0 Au titre des m\u00e9decins de l'ARS \u00cele-de-France : \n- Titulaire : Docteur Jean-Philippe NATALI \n- Suppl\u00e9ante : Docteur Sylvie VERMEERSCH \n \n2\u00b0 Au titre de la Ville de Paris :  \n- Titulaire : Docteur Claude ROSNEL \n- Suppl\u00e9ante : Docteur Amina LAHLOU \n \nAu titre du Conseil d\u00e9partemental de Seine-et-Marne :  \n- N\u00e9ant \n \nAu titre du Conseil d\u00e9partemental des Yvelines :  \n- Docteur Sylvie GONIN  \n \nAu titre du Conseil d\u00e9partemental de l'Essonne :  \n- N\u00e9ant \n \nAgence R\u00e9gionale de Sant\u00e9 - IDF-2026-01-15-00006 - Arr\u00eat\u00e9 2026-001 fixant la composition de la commission r\u00e9gionale de\ncoordination m\u00e9dicale (CRCM) de la r\u00e9gional \u00cele-de-France 4\nsig\"\n2 \n \nAu titre du Conseil d\u00e9partemental des Hauts-de Seine :  \n- N\u00e9ant  \n \n- Au titre du Conseil d\u00e9partemental du Val-de-Marne :  \nN\u00e9ant \n \n- Au titre du Conseil d\u00e9partemental du Val-d'Oise :  \nN\u00e9ant   \n \n  \n3\u00b0          Au titre de la Soci\u00e9t\u00e9 de g\u00e9riatrie et de g\u00e9rontologie en \u00cele-de-France : \n- Titulaire : Docteur Galdric ORVOEN \n \n \n4\u00b0 Au titre des  organisations et associations de m\u00e9decins \ncoordonnateurs pr\u00e9sentes sur le territoire et de la soci\u00e9t\u00e9 r\u00e9gionale de \ng\u00e9riatrie et de g\u00e9rontologie :  \n- Titulaire : Docteur Catherine BAYLE \n- Suppl\u00e9ante : Docteur Mich\u00e8le HEBERT DEMAY \n \n \nARTICLE 2e La Commission R\u00e9gionale de Coordination M\u00e9dicale est pr\u00e9sid\u00e9e par le m\u00e9decin \nd\u00e9sign\u00e9 par l'agence r\u00e9gionale de sant\u00e9 et vice-pr\u00e9sid\u00e9e par le m\u00e9decin des services \nsociaux du d\u00e9partement du ressort de l'\u00e9tablissement faisant l'objet du recours. En \ncas de partage des voix, la voix du pr\u00e9sident est pr\u00e9pond\u00e9rante. \n \n \nARTICLE 3e \n \nLa dur\u00e9e du mandat des membres de la commission  est de 3 ans \u00e0 compter de la \npublication du pr\u00e9sent arr\u00eat\u00e9  et prend fin \u00e0 son terme ou au terme des fonctions au \ntitre desquelles les int\u00e9ress\u00e9s ont \u00e9t\u00e9 d\u00e9sign\u00e9s.  \n Les personnes d\u00e9sign\u00e9es \u00e0 l'article 1 sont convoqu\u00e9es en tant que de besoin. \n \nARTICLE 4e Le pr\u00e9sent arr\u00eat\u00e9 peut faire l'objet d'un recours devant le tribunal administratif \ncomp\u00e9tant dans le d\u00e9lai de deux mois \u00e0 compter de sa publication. \n \nARTICLE 5e Le pr\u00e9sent arr\u00eat\u00e9 est publi\u00e9 au recueil des actes administratifs de la Pr\u00e9fecture de la \nr\u00e9gion \u00cele-de-France.  \n \nARTICLE 6e La directrice de l'autonomie de l'Agence R\u00e9gionale de Sant\u00e9 \u00cele-de-France est  \ncharg\u00e9e de l'ex\u00e9cution du pr\u00e9sent arr\u00eat\u00e9.  \n \nFait \u00e0 Saint-Denis, le 15 janvier 2026 \n \nLa Directrice g\u00e9n\u00e9rale adjointe \nde l'Agence r\u00e9gionale de sant\u00e9 \n\u00cele-de-France et par d\u00e9l\u00e9gation  \n \n \n \n \nSophie MARTINON \nDirectrice g\u00e9n\u00e9rale adjointe  \nAgence R\u00e9gionale de Sant\u00e9 - IDF-2026-01-15-00006 - Arr\u00eat\u00e9 2026-001 fixant la composition de la commission r\u00e9gionale de\ncoordination m\u00e9dicale (CRCM) de la r\u00e9gional \u00cele-de-France 5","date":"2026-01-16","first_seen_on":"2026-01-16T18:30:36+00:00","id":"1f4749b78e8960acf8eb34fea9262ade0395ac952893904364e08ba1470959e2","name":"recueil-idf-029-2026-01-RAA-nominatifs du 16.01.2026","pdf_creation_date":"2026-01-16T17:56:54+00:00","pdf_modification_date":null,"timezone":"Europe/Paris","url":"https://www.prefectures-regions.gouv.fr/ile-de-france/irecontenu/telechargement/134698/986580/file/recueil-idf-029-2026-01-RAA-nominatifs%20du%2016.01.2026.pdf"}
