{"administration":"pref21","administration_name":"Pr\u00e9fecture de C\u00f4te-d\u2019Or","content":"PR\u00c9FET\nDE LA C\u00d4TE-D'OR\nRECUEIL DES ACTES\nADMINISTRATIFS SP\u00c9CIAL\nN\u00b021-2024-001\nPUBLI\u00c9 LE  4 JANVIER 2024\nSommaire\nDRFiP Bourgogne Franche-Comt\u00e9 /\n21-2023-12-29-00002 - d\u00e9l\u00e9gation signature des responsables mat.\ncontentieux et gracieux (1 page) Page 3\nPr\u00e9fecture de la C\u00f4te-d'Or /\n21-2024-01-04-00001 - Arr\u00eat\u00e9 n\u00b08 portant composition de la commission de\ns\u00e9lection d'appel \u00e0 projet des \u00e9tablissements et services sociaux de C\u00f4te\nd'Or relevant de la comp\u00e9tence de l'Etat (4 pages) Page 5\nPr\u00e9fecture de la C\u00f4te-d'Or / Cabinet\n21-2024-01-03-00001 - Arr\u00eat\u00e9 pr\u00e9fectoral portant interdiction de la\nconsommation d\u25a1alcool sur la voie publique\nPlace de la R\u00e9publique \u00e0\nDijon (2 pages) Page 10\n2\nDRFiP Bourgogne Franche-Comt\u00e9\n21-2023-12-29-00002\nd\u00e9l\u00e9gation signature des responsables mat.\ncontentieux et gracieux\nDRFiP Bourgogne Franche-Comt\u00e9 - 21-2023-12-29-00002 - d\u00e9l\u00e9gation signature des responsables mat. contentieux et gracieux 3\nREPUBLIQUEFRANCAISEL_iberte'Egalit\u00e9Fraternit\u00e9\nTFINANCES PUBLIQUES\nDIRECTION R\u00c9GIONALE DES FINANCES PUBLIQUES DE BOURGOGNE-FRANCHE-COMTE ET DU\nD\u00c9PARTEMENT DE LA COTE D'OR\nListe des responsables de service au 1er janvier 2024 disposant de la d\u00e9l\u00e9gation de signature en mati\u00e8re de contentieux et\nde gracieux fiscal pr\u00e9vue par le III de l'article 408 de l'annexe II au code g\u00e9n\u00e9ral des imp\u00f4ts.\nServices Responsables des services\nSIE BEAUNE Thierry BAR\nSIE DIJON Jean-Christophe ROYER\nSIP DE MONTBARD Eric PONTASSE\nSIP DE BEAUNE Olivia NOIROT\nSIP DIJON ET AMENDES Jacques AMBRAZE\nService de la publicit\u00e9 fonci\u00e8re et de l'enregistrement\nSPFE DIJON Nordine OUESLATI\nServices \u00e0 comp\u00e9tence d\u00e9partementale ou r\u00e9gionale\nBrigade de contr\u00f4le et de recherche\nPatrice GUILLOT\nCatherine FOURNIER\nP\u00f4le de contr\u00f4le et d'expertise Clarence AUGE\nP\u00f4le de contr\u00f4le revenus/patrimoine Olivier FOLIARD\nP\u00f4le de recouvrement sp\u00e9cialis\u00e9 Fran\u00e7ois DUROT\nService d\u00e9partemental des imp\u00f4ts fonciers Michel COUDRAY\nServices des imp\u00f4ts des particuliers\nServices des imp\u00f4ts des entreprises\nC\u00e9line POTIN\u00a0/ Didier MO\u00cfNO\n1\u00e8re  Brigade d\u00e9partementale de v\u00e9rification\n2\u00e8me  Brigade d\u00e9partementale de v\u00e9rification\nDRFiP Bourgogne Franche-Comt\u00e9 - 21-2023-12-29-00002 - d\u00e9l\u00e9gation signature des responsables mat. contentieux et gracieux 4\nPr\u00e9fecture de la C\u00f4te-d'Or\n21-2024-01-04-00001\nArr\u00eat\u00e9 n\u00b08 portant composition de la\ncommission de s\u00e9lection d'appel \u00e0 projet des\n\u00e9tablissements et services sociaux de C\u00f4te d'Or\nrelevant de la comp\u00e9tence de l'Etat\nPr\u00e9fecture de la C\u00f4te-d'Or - 21-2024-01-04-00001 - Arr\u00eat\u00e9 n\u00b08 portant composition de la commission de s\u00e9lection d'appel \u00e0 projet des\n\u00e9tablissements et services sociaux de C\u00f4te d'Or relevant de la comp\u00e9tence de l'Etat 5\nDirection d\u00e9partemental de I'emploi,\u0152x Du travail et des solidarit\u00e9sCOTE-D'ORLibert\u00e9Fratrreite\nARRETE N\u00b08Portant composition de la commission de s\u00e9lection d'appel \u00e0 projet des\u00e9tablissements et services sociaux de C\u00f4te d'Or relevant de la comp\u00e9tence de I'EtatLe pr\u00e9fet de C\u00f4te d'OrChevalier de l'ordre national du m\u00e9riteVu les articles L312-1, L313-1, L313-4 et R313-1 et suivants du code de l'action sociale etdes familles ;VU la loi n\u00b02009-879 du 21 juillet 2009 modifi\u00e9e portant r\u00e9forme de l'h\u00f4pital et relativeaux patients, \u00e0 la sant\u00e9 et aux territoires, notamment son article 131 ;Vu la loi n\u00b02019-774 du 24juillet 2019 \u2014 art.61 modifiant la proc\u00e9dure d'appel \u00e0 projetet d'autorisation mentionn\u00e9e \u00e0 l'article L.313-1-1 du CASF:Vu le d\u00e9cret n\u00b02010-870 du 26 juillet 2010 modifiant la proc\u00e9dure d'appel \u00e0 projetsd'autorisation mentionn\u00e9e \u00e0 l'article L313-1-1 du code de l'action sociale et desfamilles;Vu la circulaire n\u00b0 DGCS/5D5B/2014/287 du 20 octobre 2014 relative \u00e0 la proc\u00e9dured'appel \u00e0 projets et d'autorisation des \u00e9tablissements et services sociaux et m\u00e9dico-sociaux ;Sur proposition du directeur d\u00e9partemental de l'emploi, du travail et des solidarit\u00e9s :Vu le d\u00e9cret du 26 septembre 2022 portant nomination de Monsieur Franck ROBINEpr\u00e9fet de la r\u00e9gion Bourgogne-Franche-Comt\u00e9, pr\u00e9fet de la C\u00f4te-d'Or;Vu l'arr\u00eat\u00e9 pr\u00e9fectoral n\u00b01560 du 06 novembre 2023 portant publication d'un appel \u00e0projet relatif \u00e0 la cr\u00e9ation d'un service mandataire judiciaire \u00e0 la protection desmajeurs dans le d\u00e9partement de la Cote-d'Or\nPr\u00e9fecture de la C\u00f4te-d'Or - 21-2024-01-04-00001 - Arr\u00eat\u00e9 n\u00b08 portant composition de la commission de s\u00e9lection d'appel \u00e0 projet des\n\u00e9tablissements et services sociaux de C\u00f4te d'Or relevant de la comp\u00e9tence de l'Etat 6\nARRETE\nArticle 1er \u2014 En application des articles R 313-1 et suivants du CASF, il est institu\u00e9 aupr\u00e8sdu pr\u00e9fet une commission d\u00e9partementale de s\u00e9lection d'appel \u00e0 projet social \u00ab Etat \u00bb,charg\u00e9e d'\u00e9tablir la liste de classement des projets dans le cadre des appels \u00e0 projetrelevant de sa comp\u00e9tence.Article 2 - La commission d'appel \u00e0 projet relevant de l'autorit\u00e9 de I'Etat est compos\u00e9ecomme suit :\n1- AU TITRE DES VOIX DELIBERATIVES :- M. le directeur d\u00e9partemental de l'emploi, du travail et des solidarit\u00e9s de C\u00f4te-d'Or, pr\u00e9sident de la commission ou son repr\u00e9sentant; '\n- 3 personnels des services de l'Etat :Membres titulaires Membres suppl\u00e9ants |M. Samuel MICHAUT, DDETS 21 ' Mme N\u00e2dine Boillon, DDETS21 ]'__ Mme Anne-H\u00e9l\u00e8ne HUET, DDETS21 'I Mme Elsa Baffert, DDETS 21Mme Anne LEROY, SPIP 21 Mme Sylvie MARTIN, SPIP 21\n- 4repr\u00e9sentants d'usagers :Au titre des associations participant au Plan D\u00e9partemental d'Action pour leLogement et l'H\u00e9bergement des Personnes D\u00e9favoris\u00e9es (au moins 1) :| Membres titulaires Membres suppl\u00e9ants |Mme Solange VIN, repr\u00e9sentante du| CRPA\nAu titre des associations de la protection judiciaire des majeurs ou de l'aide \u00e0 la gestiondu budget (au moins 1) :| Membres titulaires ; | Membres suppl\u00e9ants |Mme Anne CUNIER, usager d'un SMJPM _ |Au titre des associations ou personnalit\u00e9s \u0153uvrant dans le domaine de la protectionjudiciaire de la jeunesse (au moins 1) :Membres t\u00efc\u00cela\u00cere_s Membres suppl\u00e9antsMme Fatima HRIROU, ADEPAPE 21 M. Roland BONNAIRE, ADEPAPE 21\nPr\u00e9fecture de la C\u00f4te-d'Or - 21-2024-01-04-00001 - Arr\u00eat\u00e9 n\u00b08 portant composition de la commission de s\u00e9lection d'appel \u00e0 projet des\n\u00e9tablissements et services sociaux de C\u00f4te d'Or relevant de la comp\u00e9tence de l'Etat 7\n2 - AU TITRE DES VOIX CONSULTATIVES :\n- Trepr\u00e9sentant au titre des unions, f\u00e9d\u00e9rations ou groupementsrepr\u00e9sentatifs des personnes morales gestionnaires des \u00e9tablissements etservices sociaux : 1S ] -\nMembres titulaires | Membres suppl\u00e9ants|\nMme Nad\u00e8ge PASSEREAU |_ D\u00e9l\u00e9gu\u00e9e r\u00e9gionale du FAS |\n- 2 personnalit\u00e9s qualifi\u00e9es d\u00e9sign\u00e9es \u00e0 chaque appel \u00e0 projet :Pour les appels \u00e0 projet concernant les services mandataires judicaires \u00e0 la protectiondes majeurs :'_M\u00cae Virginie DEBS, juge des contentieuxde la protection au Tribunal Judiciaire d 'Dijon . -W. St\u00e9phane LARCAT, juge des contentieux de la protection au Tribunal judiciaire_]| de Dijon p  __Pour les appels \u00e0 projets concernant les centres d'h\u00e9bergement et de r\u00e9insertionsociale:les personnels qualifi\u00e9s seront d\u00e9sign\u00e9s ult\u00e9rieurement lors d'un AAPconcernant leur champ de comp\u00e9tences.Pour les appels \u00e0 projets concernant la protection judiciaire de la jeunesse: lespersonnes qualifi\u00e9es seront d\u00e9sign\u00e9es ult\u00e9rieurement lors d'un AAP concernant leurchamp de comp\u00e9tences.\n- 4 personnels des services techniques, comptables ou financiers de I'Etatd\u00e9sign\u00e9s \u00e0 chaque appel \u00e0 projets:| Mme C\u00e9line TRIPONNEY, Charg\u00e9e de missions Personnes vuln\u00e9rables,\u0152E\u00cbS\u00c6\u00ce_\u00cf|M. Ghislain POYER, Responsable b\u00e4ig\u00e9taire_etflwgn_de\u0152Hl( DDETS21 _ || M. Julien SONESI, Charg\u00e9 de mission Tarification et Appui \u00e0 la Contractualisation,_DREETS BFC \u2014| Mme S\u00e9verine LEONARD, Charg\u00e9e demission Tarification, DREETSBFC_Pour les appels \u00e0 projets concernant les centres d'h\u00e9bergement et de r\u00e9insertionsociale:les personnels qualifi\u00e9s seront d\u00e9sign\u00e9s ult\u00e9rieurement lors d'un AAPconcernant leur champ de comp\u00e9tences.Pour les appels \u00e0 projets concernant la protection judiciaire de la jeunesse: lespersonnes qualifi\u00e9es seront d\u00e9sign\u00e9es ult\u00e9rieurement lors d'un AAP concernant leurchamp de comp\u00e9tences.\nPr\u00e9fecture de la C\u00f4te-d'Or - 21-2024-01-04-00001 - Arr\u00eat\u00e9 n\u00b08 portant composition de la commission de s\u00e9lection d'appel \u00e0 projet des\n\u00e9tablissements et services sociaux de C\u00f4te d'Or relevant de la comp\u00e9tence de l'Etat 8\nArticle 3: La commission est r\u00e9unie \u00e0 linitiative de son pr\u00e9sident ou de sonrepr\u00e9sentant. Elle dispose d'un r\u00f4le consultatif et proc\u00e8de au classement des projets.Ce classement vaut avis pr\u00e9alable \u00e0 la d\u00e9cision d'autorisation qui rel\u00e9ve du pr\u00e9fet deC\u00f4te-d''Or.Article 4: Le quorum est atteint lorsque la moiti\u00e9 au moins des membres ayant voixd\u00e9lib\u00e9ratives sont pr\u00e9sents ou ont donn\u00e9 mandat (article R 312-2-2 du CASF). Lorsquele quorum n'est pas atteint, la commission d\u00e9lib\u00e8re valablement sans condition dequorum apr\u00e8s une nouvelle convocation portant sur le m\u00eame ordre du jour etsp\u00e9cifiant qu'aucun quorum ne sera exig\u00e9. Cette nouvelle r\u00e9union ne peut intervenirque dans un d\u00e9lai de dix jours.Article 5 : Le mandat de 3 ans des membres permanents (article R 313-1 du CASF) court\u00e0 compter de la date de signature du pr\u00e9sent arr\u00e9t\u00e9. Il est renouvelable. Il peut \u00eatremis fin aux fonctions d'un membre titulaire.Article 6 : Les membres de la commission si\u00e8gent \u00e0 titre gratuit.Article 7 : Dans les deux mois de sa notification ou de sa publication, le pr\u00e9sent arr\u00e9t\u00e9peut faire l'objet soit d'un recours gracieux devant le pr\u00e9fet, soit d'un recourscontentieux devant le tribunal administratif comp\u00e9tent situ\u00e9 \u00e0 Dijon, 22 rue d'Assas/Article 8: Le secr\u00e9taire g\u00e9n\u00e9ral de la pr\u00e9fecture de C\u00f4te-d'Or, le directeurd\u00e9partemental de l'Emploi, du Travail et des Solidarit\u00e9s, sont charg\u00e9s, chacun en cequi le concerne, de l'ex\u00e9cution du pr\u00e9sent arr\u00eat\u00e9 qui sera notifi\u00e9 aux membres etpubli\u00e9 au recueil des actes administratifs de la Pr\u00e9fecture de C\u00f4te-d'Or.\nFait \u00e0 Dijon, le 4 janvier 2024Le pr\u00e9fetPour le Pr\u00e9fet, et par d\u00e9l\u00e9gationLe secr\u00e9taire G\u00e9n\u00e9ral\nSIGNE\nFr\u00e9d\u00e9ric CARRE\nPr\u00e9fecture de la C\u00f4te-d'Or - 21-2024-01-04-00001 - Arr\u00eat\u00e9 n\u00b08 portant composition de la commission de s\u00e9lection d'appel \u00e0 projet des\n\u00e9tablissements et services sociaux de C\u00f4te d'Or relevant de la comp\u00e9tence de l'Etat 9\nPr\u00e9fecture de la C\u00f4te-d'Or\nCabinet\n21-2024-01-03-00001\nArr\u00eat\u00e9 pr\u00e9fectoral portant interdiction de la\nconsommation d\u25a1alcool sur la voie publique\nPlace de la R\u00e9publique \u00e0 Dijon\nPr\u00e9fecture de la C\u00f4te-d'Or - 21-2024-01-03-00001 - Arr\u00eat\u00e9 pr\u00e9fectoral portant interdiction de la consommation d\u25a1alcool sur la voie\npublique\nPlace de la R\u00e9publique \u00e0 Dijon\n10\nExPREFETDE LACOTE-D'ORLibert\u00e9Egalit\u00e9Fraternit\u00e9\nDirection des s\u00e9curit\u00e9s\nDijon, le 3 janvier 2024\nArr\u00eat\u00e9 pr\u00e9fectoral N\u00b06\nportant interdiction de la consommation d'alcool sur la voie publique\nPlace de la R\u00e9publique \u00e0 Dijon\nLe pr\u00e9fet de la C\u00f4te-d'Or\nVU le code de la s\u00e9curit\u00e9 int\u00e9rieure ;\nVU le code g\u00e9n\u00e9ral des collectivit\u00e9s territoriales et notamment son article L. 2214-4 ;\nVU le code de la sant\u00e9 publique, notamment son article L. 3321-1\nVU le d\u00e9cret n\u00b02004-374 du 29 avril 2004 modifi\u00e9 relatif aux pouvoirs des pr\u00e9fets, \u00e0 l'organisation et\n\u00e0 l'action des services de l'\u00c9tat dans les r\u00e9gions et d\u00e9partements ;\nVU  le d\u00e9cret du Pr\u00e9sident de la R\u00e9publique du 26 septembre 2022, nommant M. Franck ROBINE,\npr\u00e9fet de Bourgogne Franche-Comt\u00e9 ; pr\u00e9fet de C\u00f4te-d'Or ;\nCONSID\u00c9RANT que les services de police interviennent r\u00e9guli\u00e8rement dans le secteur de la place de\nla R\u00e9publique pour  des probl\u00e8mes g\u00e9n\u00e9r\u00e9s  par  la consommation excessive d'alcool  sur  la voie\npublique ;\nCONSID\u00c9RANT l'existence de nombreux \u00e9tablissements de nuits et notamment de discoth\u00e8ques\ndans le secteur de la place de la R\u00e9publique ;\nCONSID\u00c9RANT que la consommation de boissons alcoolis\u00e9es sur la voie publique constitue un\nfacteur g\u00e9n\u00e9rateur de troubles \u00e0 l'ordre et \u00e0 la tranquillit\u00e9 publics ;\nCONSID\u00c9RANT que la place de la R\u00e9publique constitue un lieu important de vie et de rencontres\nainsi  qu'un  acc\u00e8s  pour  les  habitants  \u00e0  de  nombreux  services  notamment  de  transports  en\ncommuns ;\nCONSID\u00c9RANT qu'il importe pour des motifs tir\u00e9s de l'ordre et de la s\u00e9curit\u00e9 publics, de pr\u00e9venir\nles risques pouvant d\u00e9couler de la consommation de boissons alcoolis\u00e9es sur la voie publique ;\nSUR proposition du directeur de cabinet du pr\u00e9fet de la r\u00e9gion Bourgogne-Franche-Comt\u00e9, pr\u00e9fet\nde la C\u00f4te d'Or,\nPr\u00e9fecture de la C\u00f4te-d'Or - 21-2024-01-03-00001 - Arr\u00eat\u00e9 pr\u00e9fectoral portant interdiction de la consommation d\u25a1alcool sur la voie\npublique\nPlace de la R\u00e9publique \u00e0 Dijon\n11\nARR\u00caTE\nArticle 1er : La consommation de boissons alcoolis\u00e9es est interdite Place de la R\u00e9publique \u00e0 Dijon, \u00e0\ncompter du 03 janvier 2024 et jusqu'au 30 avril 2024 de 16h00 \u00e0 8h00 du matin.\nCette interdiction ne s'applique pas aux parties du domaine public r\u00e9guli\u00e8rement occup\u00e9es par des\nrestaurants et d\u00e9bits de boissons titulaires des autorisations n\u00e9cessaires.\nArticle 2  :  Les infractions au pr\u00e9sent arr\u00eat\u00e9 seront constat\u00e9es et poursuivies par tout agent de la\nforce publique habilit\u00e9 conform\u00e9ment aux lois et r\u00e8glements en vigueur.\nArticle  3 :  Le  pr\u00e9sent  arr\u00eat\u00e9  peut  faire  l'objet,  dans  un  d\u00e9lai  de  deux  mois  \u00e0  compter  de  sa\npublication en Pr\u00e9fecture, d'un recours contentieux devant le tribunal administratif de Dijon.\nArticle 4  :  Le directeur de cabinet du pr\u00e9fet de la r\u00e9gion Bourgogne-Franche-Comt\u00e9, pr\u00e9fet de la\nC\u00f4te-d'Or, le secr\u00e9taire g\u00e9n\u00e9ral de la pr\u00e9fecture de la C\u00f4te-d'Or et le directeur d\u00e9partemental de la\ns\u00e9curit\u00e9 publique sont charg\u00e9s, chacun en ce qui le concerne, de l'ex\u00e9cution du pr\u00e9sent arr\u00eat\u00e9 qui\nsera publi\u00e9 au recueil des actes administratifs de la pr\u00e9fecture, transmis au maire de Dijon et adress\u00e9\npour copie \u00e0 monsieur le procureur de la R\u00e9publique pr\u00e8s le tribunal judiciaire de Dijon.\nFait \u00e0 Dijon, le 3 janvier 2024\nLe pr\u00e9fet,\nOriginal sign\u00e9\nFranck ROBINE\nPr\u00e9fecture de la C\u00f4te-d'Or - 21-2024-01-03-00001 - Arr\u00eat\u00e9 pr\u00e9fectoral portant interdiction de la consommation d\u25a1alcool sur la voie\npublique\nPlace de la R\u00e9publique \u00e0 Dijon\n12","date":"2024-01-04","first_seen_on":"2025-09-14T06:48:12+00:00","id":"1f77967195a4468c508649014710b1392dcfcab63b43cd409007381663ed1fda","name":"RAA n\u00b0 001 du 04 janvier 2024","pdf_creation_date":"2024-01-04T15:13:35+00:00","pdf_modification_date":null,"timezone":"Europe/Paris","url":"https://www.cote-dor.gouv.fr/contenu/telechargement/20374/155987/file/recueil-21-2024-001-recueil-des-actes-administratifs-special.pdf"}
