{"administration":"ppparis","administration_name":"Pr\u00e9fecture de police de Paris","content":"PREFECTUREDE POLICELibert\u00e9Egalit\u00e9Fraternit\u00e9\nALeGi\nCABINET DU PREFET\nParis, le 5 f\u00e9vrier 2026\nARRETE N\u00b02026-00153\nmodifiant provisoirement le stationnement et la circulation dans plusieurs voies \nde Paris 16\u00e8me et de Boulogne-Billancourt \u00e0 l'occasion de la rencontre de football entre les \n\u00e9quipes du Paris Football Club et du Racing Club de Lens le 14 f\u00e9vrier 2026\nLE PREFET DE POLICE\nVu le code g\u00e9n\u00e9ral des collectivit\u00e9s territoriales, notamment ses articles L.2512-13 et  \nL.2512-14 II ;\nVu  le  code  de  la  route,  notamment  ses  articles  L.325-1  \u00e0  L.325-3,  R.411-8  et\nR.411-25\u00a0;\nVu le code de l'action sociale et des familles, notamment son article L.241-3\u00a0;\nVu l'avis de la Ville de Paris en date du 2 f\u00e9vrier 2026 ;\nVu l'avis de la Ville de Boulogne-Billancourt en date du 2 f\u00e9vrier 2026 ;\nConsid\u00e9rant l'organisation de la rencontre entre les \u00e9quipes du Paris Football Club et  \ndu racing Club de Lens dans  le cadre de la 22 \u00e8me journ\u00e9e de la Ligue 1 de football, qui se  \nd\u00e9roulera le 14 f\u00e9vrier 2026 au stade Jean Bouin \u00e0 Paris 16\u00e8me\u00a0;\nConsid\u00e9rant  que  pour  assurer  le  bon  d\u00e9roulement  de  cet  \u00e9v\u00e8nement  ainsi  que  la \ns\u00e9curit\u00e9 du public et des participants, il convient de prendre des mesures de restriction du  \nstationnement et de la circulation les 14 et 15 f\u00e9vrier 2026, dans plusieurs voies de Paris 16 \u00e8me \net de Boulogne-Billancourt\u00a0;\nSur proposition du directeur de l'ordre public et de la circulation\u00a0:\nA R R E T E \nArticle 1  er  \nLe stationnement de tout type de v\u00e9hicule est interdit du 14 f\u00e9vrier 2026 \u00e0 08h00 au 15 \nf\u00e9vrier 2026 \u00e0 01h00, dans les voies et portions de voies suivantes de Paris 16 \u00e8me et de Bou -\nlogne-Billancourt\u00a0:\n- rue Nungesser et Coli, entre l'avenue de la Porte Molitor et la place de l'Europe\u00a0;\n- all\u00e9e Charles Brennus\u00a0;\n- avenue du G\u00e9n\u00e9ral Sarrail, entre la rue Raffa\u00eblli et la rue Lecomte du No\u00fcy\u00a0;\n- rue Lecomte du No\u00fcy\u00a0;\n- avenue du Parc des Princes, entre l'avenue du G\u00e9n\u00e9ral Sarrail et la rue de l'Arioste\u00a0;\n\n- rue du Commandant Guilbaud, de la place de l'Europe \u00e0 la rue du Parc\u00a0;\n- place de l'Europe\u00a0;\n- rue Claude Farr\u00e8re\u00a0;\n- rue Joseph Bernard, de la rue de La Tourelle \u00e0 la rue Nungesser et Coli ; \n- avenue de la porte Molitor, c\u00f4t\u00e9 impair, entre la rue Nungesser et Coli et le boule -\nvard d'Auteuil ;\n- place de la porte Molitor entre l'avenue de la porte Molitor et l'avenue du G\u00e9n\u00e9ral  \nSarrail ;\n- avenue Gordon Bennett, dans sa moiti\u00e9 sud, des deux c\u00f4t\u00e9s de la voie ;\n- boulevard d'Auteuil, entre l'avenue Robert Schuman et la rue de la Tourelle ;\n- rue de la Tourelle, entre le boulevard d'Auteuil et la rue Joseph Bernard.\nCes voies et portions de voies figurent en annexe 2 au pr\u00e9sent arr\u00eat\u00e9.\nArticle 2\nLa circulation de tout type de v\u00e9hicule est interdite du 14 f\u00e9vrier 2026 \u00e0 18h00 au 15 f\u00e9-\nvrier 2026 \u00e0 01h00, dans les voies et portions de voies suivantes de Paris 16 \u00e8me et de Boulogne-\nBillancourt\u00a0:\n- rue Nungesser et Coli, entre l'avenue de la Porte Molitor et la place de l'Europe\u00a0;\n- all\u00e9e Charles Brennus\u00a0;\n- avenue du G\u00e9n\u00e9ral Sarrail, entre la rue Raffa\u00eblli et la rue Lecomte du No\u00fcy\u00a0;\n- rue Lecomte du No\u00fcy\u00a0;\n- avenue du Parc des Princes,\u00a0entre l'avenue du G\u00e9n\u00e9ral Sarrail et la rue de l'Arioste\u00a0;\n- rue du Commandant Guilbaud, entre la place de l'Europe et la rue du Parc\u00a0;\n- place de l'Europe\u00a0;\n- rue Claude Farr\u00e8re\u00a0;\n- rue Joseph Bernard, de la rue de La Tourelle \u00e0 la rue Nungesser et Coli ;\n- avenue Gordon Bennett.\nCes voies et portions de voies figurent en annexe 2 au pr\u00e9sent arr\u00eat\u00e9.\nArticle 3\nSeuls les v\u00e9hicules des personnes titulaires de la carte \u00ab \u00a0mobilit\u00e9 inclusion\u00a0\u00bb portant la \nmention \u00ab\u00a0stationnement pour personnes handicap\u00e9es \u00a0\u00bb, telle que mentionn\u00e9e dans l'article  \nL.241-3 du code de l'action sociale et des familles, sont autoris\u00e9s \u00e0 stationner et \u00e0 circuler rue  \ndu Commandant Guilbaud, de la place de l'Europe \u00e0 la rue du Parc, \u00e0 Paris 16 \u00e8me, lors des  \nplages horaires pr\u00e9cit\u00e9es.\n2026-00153           2\nArticle 4\nSans pr\u00e9judice des sanctions p\u00e9nales auxquelles s'exposent les personnes en infraction \navec les dispositions du pr\u00e9sent arr\u00eat\u00e9, les v\u00e9hicules ayant servi \u00e0 commettre ces infractions  \npeuvent \u00eatre immobilis\u00e9s et mis en fourri\u00e8re dans les conditions pr\u00e9vues aux articles L.325-1 \u00e0  \nL.325-3 du code de la route.\nArticle 5\nLes  dispositions  du  pr\u00e9sent  arr\u00eat\u00e9  ne  sont  pas  applicables  aux  v\u00e9hicules  d'int\u00e9r\u00eat \ng\u00e9n\u00e9ral prioritaires au sens des dispositions de l'article R.311-1 6.5 du code de la route.\nArticle 6\nLe  directeur  de  l'ordre  public  et  de  la  circulation,  le  directeur  de  la  s\u00e9curit\u00e9  de \nproximit\u00e9 de l'agglom\u00e9ration parisienne de la Pr\u00e9fecture de Police, le directeur de la voirie et  \ndes d\u00e9placements et le directeur de la police municipale et de la pr\u00e9vention de la Ville de  \nParis sont charg\u00e9s, chacun en ce qui le concerne, de l'ex\u00e9cution du pr\u00e9sent arr\u00eat\u00e9 qui entrera  \nen vigueur \u00e0 compter de son affichage aux portes de la pr\u00e9fecture de police (1 rue de Lut\u00e8ce). \nIl sera \u00e9galement affich\u00e9 aux portes de la mairie et du commissariat de l'arrondissement  \nconcern\u00e9 et sera publi\u00e9 au recueil des actes administratifs de la pr\u00e9fecture de la r\u00e9gion d'\u00cele-\nde-France, pr\u00e9fecture de Paris et de la pr\u00e9fecture de police et sur le site internet de la  \npr\u00e9fecture de police de Paris : www.prefecturedepolice.interieur.gouv.fr. \nPour le pr\u00e9fet de Police,\nLe sous-pr\u00e9fet\nDirectreur adjoint de cabinet\nSign\u00e9\nCharles BARBIER\n2026-00153           3\nANNEXE 1 A L'ARRETE N\u00b0 2026-00153 du 5 f\u00e9vrier 2026             \nVOIES ET DELAIS DE RECOURS\n_______________________\nSi vous estimez devoir contester la pr\u00e9sente d\u00e9cision, il vous est possible, dans un d\u00e9lai de  \ndeux mois \u00e0 compter de la date de son affichage\u00a0:\n- soit de saisir d'un RECOURS GRACIEUX\nle pr\u00e9fet de Police de Paris\n7/9, boulevard du Palais - 75195 PARIS RP\n- ou de former un RECOURS HIERARCHIQUE\n  aupr\u00e8s du ministre de l'Int\u00e9rieur \n  Direction des libert\u00e9s publiques et des affaires juridiques\n  place Beauvau - 75008 PARIS\n- soit de saisir d'un RECOURS CONTENTIEUX\nle tribunal administratif comp\u00e9tent\nAucune de ces voies et recours ne suspend l'application de la pr\u00e9sente d\u00e9cision.\nLes recours GRACIEUX et HIERARCHIQUE doivent \u00eatre \u00e9crits, exposer les arguments ou faits  \nnouveaux et comprendre la copie de la d\u00e9cision contest\u00e9e.\nLe  recours  contentieux,  qui  vise  \u00e0  contester  la  LEGALITE  de  la  pr\u00e9sente  d\u00e9cision,  doit  \n\u00e9galement \u00eatre \u00e9crit et exposer votre argumentation juridique.\nSi vous n'aviez pas de r\u00e9ponse \u00e0 votre recours GRACIEUX ou HIERARCHIQUE dans un d\u00e9lai  \nde  deux  mois  \u00e0  compter  de  la  r\u00e9ception  de  votre  recours  par  l'administration,  votre  \ndemande devra \u00eatre consid\u00e9r\u00e9e comme rejet\u00e9e (d\u00e9cision implicite de rejet).\nEn cas de rejet des RECOURS GRACIEUX ou HIERARCHIQUE, le tribunal administratif peut  \n\u00eatre saisi d'un recours contentieux dans le d\u00e9lai de deux mois \u00e0 compter de la date de la  \nd\u00e9cision de rejet.\n2026-00153           4\nEM nccae, DIRECTION DEDE POLICE L'ORDRE PUBLICeect ET DE LA CIRCULATIONINTERDICTIONS DE CIRCULATION ET DESTATIONNEMENTJourn\u00e9e du Samedi 14 F\u00e9vrier 2026STADE JEAN BOUINPARIS FC\nTT_\nET DE CIRCULATIONHO) INTERDICTION DE STATIONNEMENT \u00a9au Dimanche 15 F\u00e9vrier 2026 \u00e0 01h00CT INTERDICTION DECIRCULATION (a oa Saau Dimanche 15 F\u00e9vrie 2026 \u00e0 01h00 | an - de.\nARR\u00caT\u00c9 D'INTERDICTION DE STATIONNEMENT\nLe Samedi 14 F\u00e9vrier 2026 de 08h00\n~ Le Samedi 14 F\u00e9vrier 2026 de 18h00 Pan \"en\nSade 9' s/ SN)CCE <gea +f Rolandes ae > Garros80\nFES |>Pr SnES\nPres Mon\n$ \u00e0 \u00a9p. Ni2. \u00e0| 8! +\\ 4 LE Aum\u00e9nerie| | PEU \u00e0| \" 4 ane\\ } a \u00bbss) | ArianePree |\n. di  f\u00e9\n\u00c0 #2 erLe dEWaLS ERQE *6%, \u00abZeLY Ce2 et ERjo! AN 1%he 30 1'+m xh rne + | iDE A  1 \u00c0LE \u00e0 ;\nsand 530 9\nReST S\u00e0 PROUTE DE LAREINE eZ\nes me =1 #4 { EOELA REINEe\\ Rou;\u00cb \u00e0 TE DE LA REINE\u00a9\u00a3f \u00a3ES8 Ast4\n& PLACE\u00a9\nee *. Porte de Saint-Cloud\u00ae ec)sites \u00c0 . . . 22g errey : gesParhametree \\ M7 yg \u00ae Yree # deee Le Levande 11 yeMuna \"abr ; nn We sn 2 4Boulogne Blanco 143)\u00a5 5 : Tr pp ears ee2 it \u00e0 e \u00e9 LEVARD& 8 5 MURA;fy \u00a5 % ts eitiy sera Tiers \u00c0 \u00e0 : ie ee\u00e9/ \u00e0 \u20ac 2 we 1< A . \u00e0.\n2 pan *) '\u00bb \u00e0 +Va | Eure) \u00e0 Nati 7 euaaa 'a oi 3) \u00a3 De eeen tes Sen2 A <a. y AVENUE DODE DE LA BRUNE DL X\nANNEXE 2 A L'ARRETE N\u00b0 2026-00153 du 5 f\u00e9vrier 2026   \n2026-00153           5","date":"2026-02-05","first_seen_on":"2026-02-05T15:04:47+00:00","id":"1fa197a6735d3d67d549a584a0475d049a15b9d7b0ab13aa5e351459fcb463b7","name":"Arr\u00eat\u00e9 n\u00b02026-00153 du 5 f\u00e9vrier 2026 modifiant provisoirement le stationnement et la circulation dans plusieurs voies de Paris 16\u00e8me et de Boulogne-Billancourt \u00e0 l\u2019occasion de la rencontre de football entre les \u00e9quipes du Paris Football Club ","pdf_creation_date":"2026-02-05T11:12:05+00:00","pdf_modification_date":null,"timezone":"Europe/Paris","url":"https://www.prefecturedepolice.interieur.gouv.fr/sites/default/files/Documents/arrete_2026-00153_05022026.pdf"}
