{"administration":"prefidf","administration_name":"Pr\u00e9fecture de la r\u00e9gion \u00cele-de-France","content":"PREFECTURE\nREGION ILE DE\nFRANCE\nRECUEIL DES ACTES\nADMINISTRATIFS SP\u00c9CIAL\nN\u00b0IDF-037-2025-08\nPUBLI\u00c9 LE 25 AO\u00dbT 2025\nSommaire\nAgence R\u00e9gionale de Sant\u00e9 /\nIDF-2025-08-20-00009 - Arr\u00eat\u00e9 n\u00b02025-244 portant modification de\nl'arr\u00eat\u00e9 n\u00b02024-413 portant autorisation d'extension de capacit\u00e9 de\n45 \u00e0 51 places par cr\u00e9ation de 6 places d'accueil de jour dont 4 places\nm\u00e9dicalis\u00e9es, m\u00e9dicalisation d'une place d'h\u00e9bergement\ntemporaire et transformation d'une place d'h\u00e9bergement temporaire\nnon m\u00e9dicalis\u00e9e en tout mode d'accueil non m\u00e9dicalis\u00e9 \u00e0\nl'Etablissement d'Accueil M\u00e9dicalis\u00e9 (EAM) l' Abri \u00e0 Nangis g\u00e9r\u00e9\npar la Fondation Ellen Poidatz (5 pages) Page 3\nAgence R\u00e9gionale de Sant\u00e9 / Agence r\u00e9gionale de sant\u00e9\nd'Ile-de-France-Direction de l'Offre de Soins (DOS)\nIDF-2025-06-12-00011 - D\u00e9cision n\u00b0DOS-2025/2316 portant autorisation\nd'exploiter deux gamma-cam\u00e9ras par le GCS \"Centre d'imagerie\nnucl\u00e9aire de la Plaine de France\" (4 pages) Page 9\nDirection r\u00e9gionale et interd\u00e9partementale de l'h\u00e9bergement et du\nlogement / Accueil h\u00e9bergement insertion\nIDF-2025-08-21-00013 -  Arr\u00eat\u00e9 de tarification fixant la dotation globale\nde financement 2025 du CPH HHU (Montevrain 77) (3 pages) Page 14\nDirection r\u00e9gionale et interd\u00e9partementale de l'environnement, de\nl'am\u00e9nagement et des transports d'\u00cele-de-France / S\u00e9curit\u00e9 des\ntransports et des v\u00e9hicules\nIDF-2025-08-18-00004 - D\u00e9cision d'agr\u00e9ment DRIEAT-IDF n\u00b02025-0687\ndu centre de formation PROMOTRANS FORMATION PROFESSIONNELLE\nCONTINUE (2 pages) Page 18\nIDF-2025-08-18-00003 - D\u00e9cision d'agr\u00e9ment DRIEAT-IDF n\u00b02025-0768\ndu centre de formation AFTRAL (4 pages) Page 21\n2\nAgence R\u00e9gionale de Sant\u00e9\nIDF-2025-08-20-00009\nArr\u00eat\u00e9 n\u00b02025-244 portant modification de\nl'arr\u00eat\u00e9 n\u00b02024-413 portant autorisation\nd'extension de capacit\u00e9 de 45 \u00e0 51 places par\ncr\u00e9ation de 6 places d'accueil de jour dont 4\nplaces m\u00e9dicalis\u00e9es, m\u00e9dicalisation d'une place\nd'h\u00e9bergement temporaire et transformation\nd'une place d'h\u00e9bergement temporaire non\nm\u00e9dicalis\u00e9e en tout mode d'accueil non\nm\u00e9dicalis\u00e9 \u00e0 l'Etablissement d'Accueil M\u00e9dicalis\u00e9\n(EAM) l' Abri \u00e0 Nangis g\u00e9r\u00e9 par la Fondation Ellen\nPoidatz\nAgence R\u00e9gionale de Sant\u00e9 - IDF-2025-08-20-00009 - Arr\u00eat\u00e9 n\u00b02025-244 portant modification de l'arr\u00eat\u00e9 n\u00b02024-413 portant\nautorisation d'extension de capacit\u00e9 de 45 \u00e0 51 places par cr\u00e9ation de 6 places d'accueil de jour dont 4 places m\u00e9dicalis\u00e9es,\nm\u00e9dicalisation d'une place d'h\u00e9bergement temporaire et transformation d'une place d'h\u00e9bergement temporaire non m\u00e9dicalis\u00e9e en\ntout mode d'accueil non m\u00e9dicalis\u00e9 \u00e0 l'Etablissement d'Accueil M\u00e9dicalis\u00e9 (EAM) l' Abri \u00e0 Nangis g\u00e9r\u00e9 par la Fondation Ellen Poidatz\n3\nREPUBLIQUEFRANCAISELibert\u00e9Egalit\u00e9Fraternit\u00e9\nseine 7/amMmArneLE D\u00c9PARTEMENTAr@ D Agence R\u00e9gionale de Sant\u00e9lle-de-France\n \n \n \n \n1 \n \n \n \n \n \n \n                                     AGENCE R\u00c9GIONALE DE SANT\u00c9 \u00ceLE-DE-FRANCE \n \n                                                 ARRETE n\u00b02025 \u2013 244  \n                          ARRETE R\u00c8GLEMENTAIRE n\u00b02025-41/DGAS/DA/SECQ \n \nArr\u00eat\u00e9 portant  modification de l'arr\u00eat\u00e9     \nN\u00b02024-413 et N\u00b02024/20/DGAS/DA/SECQ \n \nportant autorisation d'extension de capacit\u00e9 de 45 \u00e0 51 places par la cr\u00e9ation de 6 places \nd'accueil de jour dont 4 places m\u00e9dicalis\u00e9es, m\u00e9dicalisation d'une place d'h\u00e9bergement \ntemporaire et transformation d'une place d'h\u00e9bergement temporaire non m\u00e9dicalis\u00e9e en tout \nmode d'accueil non m\u00e9dicalis\u00e9 \u00e0 l'Etablissement d'Accueil M\u00e9dicalis\u00e9 (E.A.M.) L'Abri sis 2 all\u00e9e \ndes Lilas \u00e0 NANGIS (77370) \n \ng\u00e9r\u00e9 par la Fondation Ellen Poidatz sis 1 route de la Gland\u00e9e \u00e0 CHAILLY-EN-BI\u00c9RE (77930)      \n \n \nLE DIRECTEUR G\u00c9N\u00c9RAL DE L'AGENCE R\u00c9GIONALE DE SANT\u00c9 D'\u00ceLE-DE-FRANCE \nLE PR\u00c9SIDENT DU CONSEIL D\u00c9PARTEMENTAL DE SEINE-ET-MARNE \n \n \nVU le code de l'action sociale et des familles et notamment les articles L. 312-1, L. 313-1, L. 314-3 \net suivants ; \n \nVU le code g\u00e9n\u00e9ral des collectivit\u00e9s territoriales ; \n \nVU le d\u00e9cret du 10 avril 2024 portant nomination de Monsieur Denis ROBIN, Directeur g\u00e9n\u00e9ral de \nl'Agence r\u00e9gionale de sant\u00e9 d'\u00cele-de-France \u00e0 compter du 29 avril 2024 ; \n \nVU l'arr\u00eat\u00e9 DS N\u00b0070/2024 du 29 avril 2024 portant d\u00e9l\u00e9gation de signature \u00e0 Madame St\u00e9phanie \nTALBOT, Directrice de l'autonomie ; \n \nVU  la d\u00e9cision de d\u00e9l\u00e9gation de signature du Directeur G\u00e9n\u00e9ral de l 'ARS vers Madame H\u00e9l\u00e8ne \nMARIE, la directrice de la d\u00e9l\u00e9gation d\u00e9partementale de Seine-et-Marne en date du 29  avril \n2024 ; \n \nVU  la d\u00e9lib\u00e9ration n\u00b0CD-2021/07/010/01 du 01/07/2021 relative \u00e0 l'\u00e9lection de Monsieur Jean -\nFran\u00e7ois PARIGI en qualit\u00e9 de Pr\u00e9sident du Conseil d\u00e9partemental de Seine-et-Marne ; \n \nVU l'arr\u00eat\u00e9 n\u00b0 DIRNOV -2023/08 de la Directrice g\u00e9n\u00e9rale de l'Agence r\u00e9gionale de sant\u00e9 \u00cele-de-\nFrance en date du 26 octobre 2023 portant adoption du cadre d'orientation strat\u00e9gique 2018 -\n2028 du projet r\u00e9gional de sant\u00e9 d'\u00cele-de-France ; \n \nVU l'arr\u00eat\u00e9 n\u00b0 DIRNOV -2023/09 de la Directrice g\u00e9n\u00e9rale de l'Agence r\u00e9gionale de sant\u00e9 \u00cele-de-\nFrance en date du 26 octobre 2023 portant adoption du sch\u00e9ma r\u00e9gional de sant\u00e9 2023 -2028 \ndu projet r\u00e9gional de sant\u00e9 d'\u00cele-de-France, modifi\u00e9 par l'arr\u00eat\u00e9 n\u00b0DIRNOV-2023/09 en date du \n12 janvier 2024 ; \n \nVU l'arr\u00eat\u00e9 n\u00b0 2023-346 de la Directrice g\u00e9n\u00e9rale de l'Agence r\u00e9gionale de sant\u00e9 \u00cele-de-France en \ndate du 4 d\u00e9cembre 2023 \u00e9tablissant le programme interd\u00e9partemental d'accompagnement des \nhandicaps et de la perte d'autonomie (PRIAC) 2023-2027 pour la r\u00e9gion \u00cele-de-France ; \n \nAgence R\u00e9gionale de Sant\u00e9 - IDF-2025-08-20-00009 - Arr\u00eat\u00e9 n\u00b02025-244 portant modification de l'arr\u00eat\u00e9 n\u00b02024-413 portant\nautorisation d'extension de capacit\u00e9 de 45 \u00e0 51 places par cr\u00e9ation de 6 places d'accueil de jour dont 4 places m\u00e9dicalis\u00e9es,\nm\u00e9dicalisation d'une place d'h\u00e9bergement temporaire et transformation d'une place d'h\u00e9bergement temporaire non m\u00e9dicalis\u00e9e en\ntout mode d'accueil non m\u00e9dicalis\u00e9 \u00e0 l'Etablissement d'Accueil M\u00e9dicalis\u00e9 (EAM) l' Abri \u00e0 Nangis g\u00e9r\u00e9 par la Fondation Ellen Poidatz\n4\n2 \n \nVU  la d\u00e9lib\u00e9ration n\u00b0CD-2024/04/05-4/01 du Conseil d\u00e9partemental de Seine-et-Marne, adoptant le \nSch\u00e9ma d\u00e9partemental de l'autonomie 2024-2028 ;  \n \nVU  le R\u00e8glement D\u00e9partemental d'Aide Sociale en vigueur ;  \n \nVU l'arr\u00eat\u00e9 DASSMA/EQUIPEMENT n\u00b090.29 CIPH du 18 janvier 1991 portant cr\u00e9ation d'un foyer \nd'h\u00e9bergement \u00e0 double tarification pour adultes handicap\u00e9s vieillissants \n \nVU l'ARRETE/DDASS/DASSMA/ETABLISSEMENTS n\u00b0 2002-02/EPH/N\u00b001 portant extension du \nfoyer d'accueil m\u00e9dicalis\u00e9 (FAM) L'ABRI \u00e0 NANGIS ; \n \nVU l'arr\u00eat\u00e9 DGA-Solidarit\u00e9/PAPH/Etablissements n\u00b02017 -04 portant renouvellement de \nl'autorisation du foyer d'accueil m\u00e9dicalis\u00e9 (FAM) L'ABRI sis 2 all\u00e9e des Lilas \u00e0 NANGIS 77370 \ng\u00e9r\u00e9 par l'association Anne-Marie JAVOUHEY (AMJ) ; \n \nVU l'arr\u00eat\u00e9 n\u00b02019-21 et DGA-Solidarit\u00e9/Etablissements/PAPH n\u00b0201 9-21/TRGEST n\u00b06  relatif \u00e0 \nl'approbation de cession d'autorisation de l'EAM L'ABRI sis 2 all\u00e9e des Lilas \u00e0 NANGIS \u2013 g\u00e9r\u00e9 \npar l'association Anne-Marie JAVOUHEY au profit de la Fondation Ellen POIDATZ ; \n \nVU  l'avis d'appel \u00e0 manifestation d'int\u00e9r\u00eat du Plan Inclus'IF 2030 pour l'inclusion des personnes en \nsituation de handicap en \u00cele -de-France publi\u00e9 le 6 novembre 2023 au Recueil des actes \nadministratifs de la r\u00e9gion \u00cele-de-France ;  \n \nVU la Commission conjointe de s\u00e9lection sur le territoire de Seine-et-Marne, des dossiers de l'avis \nd'appel \u00e0 manifestation d'int\u00e9r\u00eat (AMI) qui s'est tenue le 18 mars 2024 ; \n \nVU l'avis de r\u00e9sultats de l'Appel \u00e0 manifestation d'int\u00e9r\u00eat sign\u00e9 le 11 avril 2024 et publi\u00e9 au Recueil \ndes actes administratifs de la r\u00e9gion \u00cele-de-France ; \n \nVU l'arr\u00eat\u00e9 N\u00b02024-413, arr\u00eat\u00e9 r\u00e9glementaire N\u00b02024/20/DGAS/DA/SECQ, du 12 d\u00e9cembre 2024 \nportant autorisation d'extension de capacit\u00e9 de 45 \u00e0 51 places de l'\u00c9tablissement d'Accueil \nM\u00e9dicalis\u00e9 (E.A.M) l'Abri sis 2 all\u00e9e des Lilas \u00e0 NANGIS (77370). \n \n \nCONSID\u00c9RANT      que le projet d'extension de 6 places d'accueil de jour dont 4 places m\u00e9dicalis\u00e9es      \net de requalification de 2 places d'accueil temporaire en tous modes d'accueil \nm\u00e9dicalis\u00e9s ou non, d\u00e9pos\u00e9 par l'\u00c9tablissement d'Accueil M\u00e9dicalis\u00e9 \u00ab L'Abri \u00bb, \ndont le si\u00e8ge social est situ\u00e9 1 route de la Gland\u00e9e 77930 CHAILLY EN BIERE, a \n\u00e9t\u00e9 retenu ; \n \n  CONSIDERANT que le projet est compatible avec les objectifs et r\u00e9pond aux besoins sociaux et \nm\u00e9dico-sociaux fix\u00e9s par le cahier des charges de l'AMI, qu'il pr\u00e9sente les \ngaranties d'une prise en charge de qualit\u00e9, ainsi qu'un co\u00fbt de fonctionnement qui \nn'est pas hors de proportion avec le service rendu ou les co\u00fbts des \u00e9tablissements \net services fournissant des prestations comparables ; \n \nCONSIDERANT  que l'op\u00e9ration retenue dans le cadre de la r\u00e9ponse \u00e0 l'AMI est destin\u00e9e \u00e0       \naccueillir un public adulte de tout \u00e2ge et \u00e9largi \u00e0 de nouvelles d\u00e9ficiences de type \ntroubles du neuro -d\u00e9veloppement (TND) int\u00e9grant notamment les troubles du \nspectre de l'autisme (TSA) ; \n \nCONSID\u00c9RANT qu'il est compatible avec les objectifs et r\u00e9pond aux besoins sociaux et m\u00e9dico -   \nsociaux fix\u00e9s par le sch\u00e9ma r\u00e9gional de sant\u00e9 ;  \n \nCONSID\u00c9RANT qu'il satisfait aux r\u00e8gles d'organisation et de fonctionnement pr\u00e9vues par le code \nde l'action sociale et des familles ;  \n \nAgence R\u00e9gionale de Sant\u00e9 - IDF-2025-08-20-00009 - Arr\u00eat\u00e9 n\u00b02025-244 portant modification de l'arr\u00eat\u00e9 n\u00b02024-413 portant\nautorisation d'extension de capacit\u00e9 de 45 \u00e0 51 places par cr\u00e9ation de 6 places d'accueil de jour dont 4 places m\u00e9dicalis\u00e9es,\nm\u00e9dicalisation d'une place d'h\u00e9bergement temporaire et transformation d'une place d'h\u00e9bergement temporaire non m\u00e9dicalis\u00e9e en\ntout mode d'accueil non m\u00e9dicalis\u00e9 \u00e0 l'Etablissement d'Accueil M\u00e9dicalis\u00e9 (EAM) l' Abri \u00e0 Nangis g\u00e9r\u00e9 par la Fondation Ellen Poidatz\n5\n3 \n \nCONSID\u00c9RANT      qu'il pr\u00e9sente un co\u00fbt de fonctionnement en ann\u00e9e pleine compatible avec le \nPRIAC      Ile-de-France et avec le montant de l'une des dotations mentionn\u00e9es \u00e0 \nl'article L. 314-3 du code de l'action sociale et des familles ; \n \n CONSID\u00c9RANT    que l'Agence r\u00e9gionale de sant\u00e9 Ile -de-France et le Conseil d\u00e9partemental   de \nSeine-et-Marne disposent pour ce projet des cr\u00e9dits n\u00e9cessaires \u00e0 sa mise en \n\u0153uvre soit \u00e0 hauteur de : \n\u2022 76 000 \u20ac pour l'ARS au titre de l'enveloppe Inclus'IF 2030 ;  \n\u2022 228 773 \u20ac pour le Conseil d\u00e9partemental de Seine-et-Marne. \n \n   CONSID\u00c9RANT  que le pr\u00e9sent arr\u00eat\u00e9 annule et remplace l'arr\u00eat\u00e9 2024-413 comportant une erreur \nde codification FINESS ; \n \nARR\u00caTENT \n \nARTICLE 1er : Le num\u00e9ro FINESS juridique est modifi\u00e9 comme suit : 77 070 002 9. \n \nARTICLE 2e: L'autorisation d'extension de capacit\u00e9  de 6 places d'accueil de jour dont 4 places \nm\u00e9dicalis\u00e9es, m\u00e9dicalisation d'une place d'h\u00e9bergement temporaire et transformation \nd'une place d'h\u00e9bergement temporaire non m\u00e9dicalis\u00e9e en tout mode d'accueil \nm\u00e9dicalis\u00e9e ou non de l'Etablissement d'Accueil M\u00e9dicalis\u00e9 (E.A.M.) \u00ab L'Abri \u00bb sis 2 \nall\u00e9e des Lilas \u00e0 NANGIS (77370), \u00e9tablissement principal, destin\u00e9es \u00e0 accueillir des \nadultes, est accord\u00e9e \u00e0 la Fondation Ellen Poidatz. \n \nARTICLE 3e :  La capacit\u00e9 totale de cet \u00e9tablissement, y compris l'\u00e9tablissement secondaire sis 17 \nrue Noas Daumesnil \u00e0 NANGIS (77370) est dor\u00e9navant de 51 places destin\u00e9es \u00e0 \naccueillir des adultes \u00e0 partir de 20 ans porteurs de Troubles du Neuro-D\u00e9veloppement \n(TND) ainsi r\u00e9parties : \n \n\u27a2 28 places m\u00e9dicalis\u00e9es, dont : \n\u2022 24 places d'h\u00e9bergement complet internat ; \n\u2022  4 places d'accueil de jour ;   \n\u27a2 21 places non m\u00e9dicalis\u00e9es, dont : \n\u2022 19 places d'h\u00e9bergement complet internat \n\u2022 2 places d'accueil de jour ; \n\u27a2 2   places tous modes d'accueil (non m\u00e9dicalis\u00e9es et m\u00e9dicalis\u00e9es) \n \nARTICLE 4e : Conform\u00e9ment aux termes du dernier alin\u00e9a du I de l'article D. 312 -0-3 du code de \nl'action sociale et des familles, a ucune sp\u00e9cialisation n'exclut la prise en charge de \npersonnes pr\u00e9sentant des troubles associ\u00e9s \u00e0 ceux qui font l'objet de la pr\u00e9sente \nautorisation.  \n  \nAgence R\u00e9gionale de Sant\u00e9 - IDF-2025-08-20-00009 - Arr\u00eat\u00e9 n\u00b02025-244 portant modification de l'arr\u00eat\u00e9 n\u00b02024-413 portant\nautorisation d'extension de capacit\u00e9 de 45 \u00e0 51 places par cr\u00e9ation de 6 places d'accueil de jour dont 4 places m\u00e9dicalis\u00e9es,\nm\u00e9dicalisation d'une place d'h\u00e9bergement temporaire et transformation d'une place d'h\u00e9bergement temporaire non m\u00e9dicalis\u00e9e en\ntout mode d'accueil non m\u00e9dicalis\u00e9 \u00e0 l'Etablissement d'Accueil M\u00e9dicalis\u00e9 (EAM) l' Abri \u00e0 Nangis g\u00e9r\u00e9 par la Fondation Ellen Poidatz\n6\n4 \n \n \n  ARTICLE 5e : Cette structure est r\u00e9pertori\u00e9e dans le Fichier National des Etablissements Sanitaires \net Sociaux (FINESS) de la fa\u00e7on suivante : \n \nN\u00b0 FINESS de l'\u00e9tablissement principal : 77 081 520 7 \n2 all\u00e9e des Lilas \u00e0 NANGIS (77370) \n \nN\u00b0 FINESS de l'\u00e9tablissement secondaire : 77 002 198 8 \n17 rue Noas Daumesnil \u00e0 NANGIS (77370) \n \nCode cat\u00e9gorie : \n \n448 \u2013 Etablissement d'accueil m\u00e9dicalis\u00e9 en tout ou partie pour personnes \nhandicap\u00e9es (E.A.M.) \nCode discipline :  \n \n966 \u2013 Accueil et \naccompagnement m\u00e9dicalis\u00e9 \npersonnes handicap\u00e9es \n965 \u2013 Accueil et accompagnement \nnon m\u00e9dicalis\u00e9 personnes \nhandicap\u00e9es \n \nCode   \nfonctionnement  \n(mode d'accueil et \nd'accompagneme\nnt) :  \n \n \n11 \u2013 H\u00e9bergement \nComplet \nInternat \n \n21 \u2013 Accueil de \nJour \n \n \n24 places \n \n \n4 places \n \n11 \u2013 H\u00e9bergement \nComplet Internat \n \n \n21 \u2013 Accueil de Jour \n \n \n19 places \n \n \n2 places \n46 \u2013 Tous modes d'accueil                                         2 places \nCode client\u00e8le : \n \n117 \u2013 D\u00e9ficience intellectuelle \n 200 \u2013 Difficult\u00e9s psychologiques avec troubles du comportement \n 206 \u2013 Handicap Psychique \n207 \u2013 Handicap cognitif sp\u00e9cifique \n437 \u2013 Troubles du spectre de l'autisme \n \nCode mode de fixation des tarifs : 09 ARS PCD mixte, habilit\u00e9 aide sociale  \n \nN\u00b0 FINESS du gestionnaire : 77 070 002 9 \n \nCode statut : 63 Fondation \n \nARTICLE 6e : Conform\u00e9ment aux dispositions de l'article D. 313-12-1 du code de l'action sociale et \ndes familles, la pr\u00e9sente autorisation est valable sous r\u00e9serve de la transmission, aux \nautorit\u00e9s comp\u00e9tentes , avant la date d'entr\u00e9e en service de la nouvelle capacit\u00e9 \nautoris\u00e9e, d'une d\u00e9claration sur l'honneur attestant de la conformit\u00e9 de l'\u00e9tablissement \nou du service aux conditions techniques minimales d'organisation et de fonctionnement \nmentionn\u00e9es au II de l'article L. 312-1 du m\u00eame code. \n \nARTICLE 7e : Elle est caduque en l'absence d'ouverture au public de l'\u00e9tablissement ou du service  \ndans un d\u00e9lai de quatre ans suivant la notification de la d\u00e9cision  d'autorisation \nconform\u00e9ment aux articles L . 313-1 et D . 313-7-2 du code de l'action sociale et des \nfamilles. \n \nARTICLE 8e : Tout changement important dans l'activit\u00e9, l'installation, l'organisation, la direction ou \nle fonctionnement de l'\u00e9tablissement  ou du service doit \u00eatre port\u00e9 \u00e0 la connaissance \ndes autorit\u00e9s comp\u00e9tentes. \n \n ARTICLE 9e :   Un recours contre le pr\u00e9sent arr\u00eat\u00e9 peut \u00eatre form\u00e9 devant le tribunal administratif        \ncomp\u00e9tent dans un d\u00e9lai de deux mois \u00e0 compter de sa notification ou, pour les tiers, \n\u00e0 compter de sa publication.   \n  \nAgence R\u00e9gionale de Sant\u00e9 - IDF-2025-08-20-00009 - Arr\u00eat\u00e9 n\u00b02025-244 portant modification de l'arr\u00eat\u00e9 n\u00b02024-413 portant\nautorisation d'extension de capacit\u00e9 de 45 \u00e0 51 places par cr\u00e9ation de 6 places d'accueil de jour dont 4 places m\u00e9dicalis\u00e9es,\nm\u00e9dicalisation d'une place d'h\u00e9bergement temporaire et transformation d'une place d'h\u00e9bergement temporaire non m\u00e9dicalis\u00e9e en\ntout mode d'accueil non m\u00e9dicalis\u00e9 \u00e0 l'Etablissement d'Accueil M\u00e9dicalis\u00e9 (EAM) l' Abri \u00e0 Nangis g\u00e9r\u00e9 par la Fondation Ellen Poidatz\n7\n5 \n \n \nARTICLE 10e :   La directrice de la d\u00e9l\u00e9gation d\u00e9partementale de Seine-et-Marne de l'Agence r\u00e9gionale \nde sant\u00e9 \u00cele-de-France et le Pr\u00e9sident du Conseil d\u00e9partemental de Seine-et-Marne \nsont charg\u00e9s, chacun en ce qui le concerne, de l'ex\u00e9cution du pr\u00e9sent arr\u00eat\u00e9 qui sera \npubli\u00e9 aux recueils des actes administratifs de la R\u00e9gion \u00cele-de-France et au bulletin \nofficiel du D\u00e9partement de Seine-et-Marne. \n \n \n \n       \n Fait \u00e0 Lieusaint, le 20 aout 2025  \n \n \n         \nLa Directrice de la d\u00e9l\u00e9gation \nd\u00e9partementale de Seine-et-Marne \n \n \n \n \n \nH\u00e9l\u00e8ne MARIE \n \nLe Pr\u00e9sident \ndu Conseil d\u00e9partemental  \nde Seine-et-Marne et par d\u00e9l\u00e9gation \nle Vice-Pr\u00e9sident \n  \n \n \n \nDenis JULLEMIER  \n \nAgence R\u00e9gionale de Sant\u00e9 - IDF-2025-08-20-00009 - Arr\u00eat\u00e9 n\u00b02025-244 portant modification de l'arr\u00eat\u00e9 n\u00b02024-413 portant\nautorisation d'extension de capacit\u00e9 de 45 \u00e0 51 places par cr\u00e9ation de 6 places d'accueil de jour dont 4 places m\u00e9dicalis\u00e9es,\nm\u00e9dicalisation d'une place d'h\u00e9bergement temporaire et transformation d'une place d'h\u00e9bergement temporaire non m\u00e9dicalis\u00e9e en\ntout mode d'accueil non m\u00e9dicalis\u00e9 \u00e0 l'Etablissement d'Accueil M\u00e9dicalis\u00e9 (EAM) l' Abri \u00e0 Nangis g\u00e9r\u00e9 par la Fondation Ellen Poidatz\n8\nAgence R\u00e9gionale de Sant\u00e9\nIDF-2025-06-12-00011\nD\u00e9cision n\u00b0DOS-2025/2316 portant autorisation\nd'exploiter deux gamma-cam\u00e9ras par le GCS\n\"Centre d'imagerie nucl\u00e9aire de la Plaine de\nFrance\"\nAgence R\u00e9gionale de Sant\u00e9 - IDF-2025-06-12-00011 - D\u00e9cision n\u00b0DOS-2025/2316 portant autorisation d'exploiter deux gamma-cam\u00e9ras\npar le GCS \"Centre d'imagerie nucl\u00e9aire de la Plaine de France\" 9\nREPUBLIQUEFRAN\u00c7AISELibert\u00e9Egalit\u00e9Fraternit\u00e9\ne \u00bb Agence R\u00e9gionale de Sant\u00e9Ile-de-France\n \n \n \n \n \nAGENCE R\u00c9GIONALE DE SANT\u00c9 \u00ceLE-DE-FRANCE \nD\u00c9CISION N\u00b0DOS-2025/2316 \nLE DIRECTEUR G\u00c9N\u00c9RAL DE L'AGENCE R\u00c9GIONALE DE SANT\u00c9 \u00ceLE-DE-FRANCE \n \nVU le Code de la sant\u00e9 publique notamment les articles L.6122 -1 et suivants, L.6123 -1 et  \nL.6124-1, R.6122 -23 et suivants et en particulier les articles D.6121 -10, R.6122 -37 et  \nD.6122-38 ; les articles D.6124-267 \u00e0 D.6124-290, R.6123-201 et R.6123-212 ;  \n \nVU l'ordonnance n\u00b02021 -583 du 12 mai 2021 portant modification du r\u00e9gime des autorisations \nd'activit\u00e9s de soins et des \u00e9quipements mat\u00e9riels lourds ;  \n \nVU la loi n\u00b02023-1268 du 27 d\u00e9cembre 2023 visant \u00e0 am\u00e9liorer l'acc\u00e8s aux soins par l'engagement \nterritorial des professionnels, notamment son article 9 ; \n \nVU le d\u00e9cret n\u00b0 2021-974 du 22 juillet 2021 relatif au r\u00e9gime des autorisations d'activit\u00e9s de soins \net des \u00e9quipements mat\u00e9riels lourds ; \n \nVU le d\u00e9cret n\u00b02021-1930 du 30 d\u00e9cembre 2021 relatif aux conditions d'implantation de l'activit\u00e9 \nde m\u00e9decine nucl\u00e9aire ;  \n \nVU le d\u00e9cret n\u00b02022 -114 du 1 er f\u00e9vrier 2022 relatif aux conditions techniques de fonctionnement \nde l'activit\u00e9 de m\u00e9decine nucl\u00e9aire ;  \n \nVU le d\u00e9cret n\u00b02023 -1375 du 29 d\u00e9cembre 2023 relatif \u00e0 la modification des conditions \nd'implantation des activit\u00e9s de soins critiques, traitement du cancer, cardiologie \ninterventionnelle, psychiatrie et m\u00e9decine nucl\u00e9aire ; \n \nVU le d \u00e9cret n \u00b02023-1377 du 29 d\u00e9cembre 2023 modifiant les conditions techniques de \nfonctionnement des activit\u00e9s de soins critiques, traitement du cancer, neurochirurgie et \nm\u00e9decine nucl\u00e9aire ; \n \nVU le d\u00e9cret n\u00b02024-268 du 25 mars 2024 relatif \u00e0 la simplification de la mise en \u0153uvre de la \nr\u00e9forme des autorisations d'activit\u00e9s de soins ; \n \nVU le d\u00e9cret du 10 avril 2024 portant nomination de Monsieur Denis ROBIN Directeur g\u00e9n\u00e9ral de \nl'Agence r\u00e9gionale de sant\u00e9 d'\u00cele-de-France \u00e0 compter du 29 avril 2024 ; \n \nVU le d\u00e9cret n\u00b0 2024-1235 du 30 d\u00e9cembre 2024 relatif aux groupements de coop\u00e9ration sanitaires \ntitulaires d'une autorisation d'activit\u00e9 de soins sans \u00eatre \u00e9rig\u00e9s en \u00e9tablissement de sant\u00e9 et au \nfinancement de la prestation d'h\u00e9bergement temporaire non m\u00e9dicalis\u00e9  ;  \n \nVU l'arr\u00eat\u00e9 du 27 juillet 2021 fixant le contenu du dossier de demande de confirmation \nd'autorisation d'activit\u00e9 de soins et \u00e9quipements mat\u00e9riels lourds ; \n \nVU l'arr\u00eat\u00e9 n\u00b02023-171 du 27 juin 2023 de la Directrice g\u00e9n\u00e9rale de l'Agence r\u00e9gionale de sant\u00e9 \nd'\u00cele-de-France portant d\u00e9limitation des zones donnant lieu \u00e0 la r\u00e9partition des activit\u00e9s de \nsoins et des \u00e9quipements mat\u00e9riels lourds ; \n \nVU l'arr\u00eat\u00e9 n\u00b0DIRNOV-2024/02 du 12 janvier 2024 portant modification de l'arr\u00eat\u00e9                \nN\u00b0DIRNOV-2023/09 portant adoption du Sch\u00e9ma r\u00e9gional de sant\u00e9 2023 -2028 du Projet \nr\u00e9gional de sant\u00e9 d'\u00cele-de-France ; \n \nAgence R\u00e9gionale de Sant\u00e9 - IDF-2025-06-12-00011 - D\u00e9cision n\u00b0DOS-2025/2316 portant autorisation d'exploiter deux gamma-cam\u00e9ras\npar le GCS \"Centre d'imagerie nucl\u00e9aire de la Plaine de France\" 10\n2 \n \nVU l'instruction n\u00b0DGOS/R3/2022/266 en date du 19 d\u00e9cembre 2022 relative \u00e0 l'activit\u00e9 de soins \nde m\u00e9decine nucl\u00e9aire ; \n \nVU les d\u00e9cisions du 07/11/1997, du 28/04/2009 et du 29/06/2016  autorisant le groupe hospitalier \nintercommunal Le Raincy-Montfermeil (Finess  EJ n\u00b0930021480) \u00e0 exploiter un appareil \ngamma-cam\u00e9ra \u00e0 utilisation diagnostique sur son site (Finess ET  n\u00b0930000286),10 rue du \nG\u00e9n\u00e9ral Leclerc 93370 le Raincy-Montfermeil ;  \n \nVU les d\u00e9cisions du 16/11/2004 et du 22/04/2013 autorisant le groupe hospitalier intercommunal  \nLe Raincy -Montfermeil (Finess EJ  n\u00b0930021480) \u00e0 exploiter un second appareil                      \ngamma-cam\u00e9ra \u00e0 utilisation diagnostique sur son site (Finess ET  n\u00b0930000286),10 rue du \nG\u00e9n\u00e9ral Leclerc 93370 le Raincy-Montfermeil ;  \n \nVU la d\u00e9cision n\u00b02025/1888 en date du 19/05/2025 du Directeur g\u00e9n\u00e9ral de l'Agence r\u00e9gionale de \nsant\u00e9 \u00cele -de-France portant approbation de la convention constitutive du Groupement de \ncoop\u00e9ration sanitaire \u00ab Centre d'imagerie nucl\u00e9aire de la Plaine de France \u00bb ;  \n \nVU la demande pr\u00e9sent\u00e9e par le groupe de coop\u00e9ration sanitaire (GCS) \u00ab Centre d'imagerie \nnucl\u00e9aire de la Plaine de France \u00bb (CINPF) (Finess n\u00b0EJ : \u00e0 cr\u00e9er), dont le si\u00e8ge social est situ\u00e9 \n39 rue de Flandre, 93290 Tremblay-en-France, en vue d'obtenir la confirmation suite \u00e0 cession \n\u00e0 son profit de l'autorisation d'exploiter  deux appareils de gamma -cam\u00e9ras actuellement \nd\u00e9tenue par le groupe hospitalier intercommunal (GHI) L e Raincy -Montfermeil (Finess \nEJ n\u00b0930021480) sur le site dudit \u00e9tablissement (Finess ET  n\u00b0930000286), 10 rue du G\u00e9n\u00e9ral \nLeclerc 93370 Le Raincy-Montfermeil ;   \n \nVU la consultation de la Commission sp\u00e9cialis\u00e9e de l'organisation des soins en date du  \n22 mai 2025 ; \n \n \nCONSID\u00c9RANT la demande susvis\u00e9e ;  \n \nCONSID\u00c9RANT que le GHI le Raincy-Montfermeil, c\u00e9dant, a \u00e9t\u00e9 autoris\u00e9 \u00e0 exploiter sur son site, deux \nappareils de gamma-cam\u00e9ras ;  \n \nque dans le cadre de l'exploitation desdits \u00e9quipements, le GHI le Raincy-Montfermeil \ncollabore activement  avec le GIE  \u00ab Centre d'imagerie nucl\u00e9aire de la Plaine de \nFrance \u00bb ; que ce dernier exploite un tomographe par \u00e9mission de positons (TEP) sur \nle site du GHI ;  \n \nCONSID\u00c9RANT que le GCS \u00ab Centre d'imagerie nucl\u00e9aire de la Plaine de France \u00bb, cessionnaire, est \nun GCS de moyens de droit priv\u00e9  nouvellement constitu\u00e9 ; qu'il poursuit un but non \nlucratif ;  \n \nqu'il a pour objet de faciliter ou d\u00e9velopper toute activit\u00e9 permettant d'assurer aux \npatients une prise en charge en nucl\u00e9aire et d'une mani\u00e8re g\u00e9n\u00e9rale, la mise en \n\u0153uvre de tous moyens ou op\u00e9ration se rattachant \u00e0 cet objet et propres \u00e0 faciliter, \u00e0 \nam\u00e9liorer ou \u00e0 d\u00e9velopper l'activit\u00e9 de ses membres dans le domaine de la m\u00e9decine \nnucl\u00e9aire ;  \n \n\u00e0 cet effet, que ce GCS a vocation \u00e0 d\u00e9tenir la titularit\u00e9 des autorisations d'exploitation \ndes \u00e9quipements mat\u00e9riels lourds de m\u00e9decine nucl\u00e9aire susmentionn\u00e9s exploit\u00e9s \nsur le site du GHI Le Raincy-Montfermeil d'une part et d'autre part, des appareils de \nm\u00e9decine nucl\u00e9aire exploit\u00e9s par le GIE  \u00ab Centre d'imagerie nucl\u00e9aire de la Plaine \nde France \u00bb sur les sites du GHI Le Raincy-Montfermeil et de l'H\u00f4pital priv\u00e9 du Vert \nGalant ;  \n \nen effet, que  concomitamment \u00e0 pr\u00e9sente demande, le GCS  \u00ab Centre d'imagerie \nnucl\u00e9aire de la Plaine de France \u00bb a sollicit\u00e9 la confirmation suite \u00e0 cession des \n\u00e9quipements de m\u00e9decine nucl\u00e9aire d\u00e9tenus par le GIE  \u00ab Centre d'imagerie \nnucl\u00e9aire de la Plaine de France \u00bb ;  \n \nAgence R\u00e9gionale de Sant\u00e9 - IDF-2025-06-12-00011 - D\u00e9cision n\u00b0DOS-2025/2316 portant autorisation d'exploiter deux gamma-cam\u00e9ras\npar le GCS \"Centre d'imagerie nucl\u00e9aire de la Plaine de France\" 11\n3 \n \nCONSID\u00c9RANT que le centre d'imagerie, implant\u00e9 au sein du GHI Le Raincy -Montfermeil accueille \nles patients du lundi au vendredi de 8h00 \u00e0 17h45 ; \nen dehors des heures d'ouverture, qu'un dispositif d'orientation des patient est assur\u00e9 \npar r\u00e9pondeur t\u00e9l\u00e9phonique ;  \n \nCONSID\u00c9RANT que le projet pr\u00e9voit qu'\u00e0 l'issue de la cession les effectifs m\u00e9dicaux, param\u00e9dicaux \net administratifs participant \u00e0 l'exploitation des \u00e9quipements demeurent identiques  ;  \n \nCONSID\u00c9RANT que le cessionnaire porteur de la demande indique que les conditions d'implantation \net les conditions techniques de fonctionnement demeureront identiques ;  \n \nCONSID\u00c9RANT que dans le cadre de cette demande de confirmation suite \u00e0 cession, le projet m\u00e9dical \ndes \u00e9quipements concern\u00e9s reste inchang\u00e9 ;  \n \nque dans le cadre de la pr\u00e9sente demande, le promoteur pr\u00e9voit de maintenir \nl'int\u00e9gralit\u00e9 des conventions  et coop\u00e9rations \u00e9tablies  par le c\u00e9dant avec les  \npartenaires hospitaliers et m\u00e9dico-sociaux locaux ; \n \nCONSID\u00c9RANT que l'environnement mat\u00e9riel et technique, les locaux et syst\u00e8mes d'information ne \nsont aucunement modifi\u00e9s ;  \n \nCONSID\u00c9RANT que cette op\u00e9ration de cession est sans incidence sur le bilan des objectifs \nquantitatifs de l'offre de soins fix\u00e9 par le Directeur g\u00e9n\u00e9ral de l'Agence r\u00e9gionale de \nsant\u00e9 \u00cele-de-France pour les \u00e9quipements mat\u00e9riels lourds sur la Seine-Saint-Denis ;   \n \nCONSID\u00c9RANT que la demande d\u00e9pos\u00e9e par le GCS CINPF s'inscrit dans le cadre des dispositions \nde l'article L.6122-3 du Code de la sant\u00e9 publique qui pr\u00e9voit que \u00ab toute cession est \nsoumise \u00e0 la confirmation de l'autorisation au b\u00e9n\u00e9fice du cessionnaire par l'Agence \nr\u00e9gionale de sant\u00e9 de la r\u00e9gion dans laquelle se trouve l'autorisation c\u00e9d\u00e9e \u00bb ;  \n \nCONSID\u00c9RANT que la demande r\u00e9pond aux modalit\u00e9s requises en cas de cession d'autorisation \nfix\u00e9es par l'article R.6122-35 du Code de la sant\u00e9 publique, dans la mesure o\u00f9 \u00ab elle \nne fait pas appara\u00eetre de modifications qui seraient de nature \u00e0 justifier un refus \nd'autorisation en application des dispositions de l'article R.6122 -34 ou qui seraient \nincompatibles avec le respect des conditions et engagements auxquels avait \u00e9t\u00e9 \nsubordonn\u00e9e l'autorisation c\u00e9d\u00e9e \u00bb ; \n \nCONSID\u00c9RANT que le cessionnaire s'engage \u00e0 ne pas modifier les caract\u00e9ristiques du projet tel qu'il \na \u00e9t\u00e9 autoris\u00e9, \u00e0 respecter les conditions techniques de fonctionnement telles que \npr\u00e9vues dans le Code de la sant\u00e9 publique, qu'il s'engage \u00e0 respecter le montant des \nd\u00e9penses \u00e0 la charge de l'assurance ma ladie ou le volume d'activit\u00e9, en application \nde l'article L.6122 -5 et \u00e0 proc\u00e9der \u00e0 l'\u00e9valuation de l'activit\u00e9 de soins dans les \nconditions pr\u00e9vues aux articles R.6122-23 et R.6122-24 ; \n \nCONSID\u00c9RANT s'agissant d'\u00e9quipements \u00e9mettant des rayonnements ionisants relevant de l'activit\u00e9 \nde m\u00e9decine nucl\u00e9aire, qu'en application de l'article R.1333-137 du Code de la sant\u00e9 \npublique, l e GCS \u00ab Centre d'imagerie nucl\u00e9aire de la Plaine de France  \u00bb,  devra \naccomplir toute d\u00e9marche n\u00e9cessaire aupr\u00e8s de l'Autorit\u00e9 de s\u00fbret\u00e9 nucl\u00e9aire et de \nradioprotection (ASNR) concernant le changement du titulaire de l'autorisation initiale \nd\u00e9livr\u00e9e par cette autorit\u00e9 ; \n \n \nD\u00c9CIDE \n \nARTICLE 1er : Les autorisations d'exploiter deux gamma-cam\u00e9ras initialement d\u00e9tenues par le GHI Le \nRaincy-Montfermeil (Finess EJ  n\u00b0930021480) sur le site d udit GHI (Finess \nET n\u00b0930000286),10 rue du G\u00e9n\u00e9ral Leclerc 93370 Le Raincy -Montfermeil, est \nconfirm\u00e9e suite \u00e0 cession au b\u00e9n\u00e9fice du  GCS \u00ab  Centre d'imagerie nucl\u00e9aire de la \nPlaine de France  \u00bb, (Finess EJ : \u00e0 cr\u00e9er) dont le si\u00e8ge social est situ\u00e9 dont le si\u00e8ge \nsocial est situ\u00e9 39 rue de Flandre, 93290 Tremblay-en-France.  \nAgence R\u00e9gionale de Sant\u00e9 - IDF-2025-06-12-00011 - D\u00e9cision n\u00b0DOS-2025/2316 portant autorisation d'exploiter deux gamma-cam\u00e9ras\npar le GCS \"Centre d'imagerie nucl\u00e9aire de la Plaine de France\" 12\n4 \n \nARTICLE 2 : La dur\u00e9e de validit\u00e9 de l'autorisation concern\u00e9e par la demande n'est pas modifi\u00e9e. \n \nARTICLE 3 : Cette d\u00e9cision peut faire l'objet d'un recours hi\u00e9rarchique aupr\u00e8s de la Ministre du \nTravail, de la Sant\u00e9, des Solidarit\u00e9s et des Familles par le demandeur dans un d\u00e9lai \nde deux mois \u00e0 compter de sa notification et par toute personne int\u00e9ress\u00e9e dans un \nd\u00e9lai de deux mois \u00e0 compter de sa publication. Ce recours hi\u00e9rarchique ne constitue \npas un pr\u00e9alable obligatoire au recours contentieux, qui peut \u00eatre form\u00e9 devant le \ntribunal administratif comp\u00e9tent dans les deux mois suivant la notification ou la \npublication de la pr\u00e9sente d\u00e9cision. \n \nARTICLE 4 : La pr\u00e9sente d\u00e9cision sera publi\u00e9e au recueil des actes administratifs de la pr\u00e9fecture \nde la r\u00e9gion \u00cele-de-France. \n \n \n \nFait \u00e0 Saint-Denis, le 12 juin 2025 \n \nLe Directeur g\u00e9n\u00e9ral \nde l'Agence r\u00e9gionale de sant\u00e9 \n\u00cele-de-France \n \n \n \n \n \nDenis ROBIN \n \nAgence R\u00e9gionale de Sant\u00e9 - IDF-2025-06-12-00011 - D\u00e9cision n\u00b0DOS-2025/2316 portant autorisation d'exploiter deux gamma-cam\u00e9ras\npar le GCS \"Centre d'imagerie nucl\u00e9aire de la Plaine de France\" 13\nDirection r\u00e9gionale et interd\u00e9partementale de\nl'h\u00e9bergement et du logement\nIDF-2025-08-21-00013\n Arr\u00eat\u00e9 de tarification fixant la dotation globale\nde financement 2025 du CPH HHU (Montevrain\n77)\nDirection r\u00e9gionale et interd\u00e9partementale de l'h\u00e9bergement et du logement - IDF-2025-08-21-00013 -  Arr\u00eat\u00e9 de tarification fixant la\ndotation globale de financement 2025 du CPH HHU (Montevrain 77) 14\nE 3PREFET \u00a9DE LA REGIOND'ILE-DE-FRANCELibert\u00e9Egalit\u00e9Fraternit\u00e9\nDirection R\u00e9gionale et Interd\u00e9partementale\nde l'H\u00e9bergement et du Logement\nDRIHL\nCENTRE\u00a0: CENTRE PROVISOIRE D'HEBERGEMENT DE MONTEVRAIN\nN\u00b0 SIRET\u00a0: 918 973 892 00113\nN\u00b0 EJ Chorus\u00a0: 2104611920\nARR\u00caTE n \u00b0\nLE PR\u00c9FET DE LA R\u00c9GION D'\u00ceLE-DE-FRANCE, PR\u00c9FET DE PARIS\nCOMMANDEUR DE LA L\u00c9GION D'HONNEUR\nOFFICIER DE L'ORDRE NATIONAL DU M\u00c9RITE\nVu le code de l'action sociale et des familles, notamment les articles L 312-1, L 314-1 et suivants,\nL349-1 \u00e0 L349-4, L351-1 et suivants et dans sa partie r\u00e9glementaire les articles R314-1 et\nsuivants, L349-1 \u00e0 R349-3, R351-1 et suivants\u00a0;\nVu 'arr\u00eat\u00e9 minist\u00e9riel du 19 mai 2025 fixant les dotations r\u00e9gionales limitatives relatives aux frais\nde fonctionnement des centres provisoires d'h\u00e9bergement pour 2025, publi\u00e9 au Journal\nOfficiel du 22 mai 2025\u00a0;\nVu l'arr\u00eat\u00e9  pr\u00e9fectoral  n\u00b0  2021-ETS-PI-052  autorisant  la  cr\u00e9ation  du  centre  provisoire\nd'h\u00e9bergement (CPH) g\u00e9r\u00e9 par HABITAT ET HUMANISME URGENCE d'une capacit\u00e9 de 62\nplaces;\n Vu l'arr\u00eat\u00e9  pr\u00e9fectoral  n\u00b0  2021-ETS-PPI-077  autorisant  l'extension  du  centre  provisoire\nd'h\u00e9bergement (CPH) g\u00e9r\u00e9 par HABITAT ET HUMANISME URGENCE portant la capacit\u00e9\nautoris\u00e9e du centre provisoire d'h\u00e9bergement \u00e0 80 places\u00a0;\nVu le courrier transmis le 31 octobre 2024 par lequel la personne ayant qualit\u00e9 pour repr\u00e9senter\nle centre provisoire d'h\u00e9bergement de l'association Le Rocheton a adress\u00e9 ses propositions\nbudg\u00e9taires et leurs annexes pour l'exercice 2025\u00a0;\nVu la d\u00e9cision d'attribution budg\u00e9taire du 18 juillet 2025.\n1\nDirection r\u00e9gionale et interd\u00e9partementale de l'h\u00e9bergement et du logement - IDF-2025-08-21-00013 -  Arr\u00eat\u00e9 de tarification fixant la\ndotation globale de financement 2025 du CPH HHU (Montevrain 77) 15\nARR\u00caTE\nArticle 1  er  \u00a0  :  \nPour  l'exercice  budg\u00e9taire  2025,  les  d\u00e9penses  et  les  recettes  pr\u00e9visionnelles  du  CPH  de\nMONTEVRAIN g\u00e9r\u00e9 par l'association HABITAT ET HUMANISME URGENCE, dont la capacit\u00e9 est de\n80 places, sont autoris\u00e9es comme suit\u00a0:\nGroupes fonctionnels Montants\nen Euros\nTotal\nen Euros\nD\u00e9penses\nGroupe I\u00a0: \nD\u00e9penses aff\u00e9rentes \u00e0 l'exploitation courante\nDont CNR\u00a0: 0\n29\u00a0325,00 \u20ac\n912\u00a0304,00 \u20ac\nGroupe II\u00a0:\nD\u00e9penses aff\u00e9rentes au personnel\nDont CNR\u00a0: 0,00 \u20ac\n299\u00a0094,00 \u20ac\nGroupe III\u00a0:\nD\u00e9penses aff\u00e9rentes \u00e0 la structure\nDont CNR\u00a0: 0,00 \u20ac\n583\u00a0885,00 \u20ac\nRecettes\nGroupe I\u00a0:\nProduits de la tarification\nDont CNR\u00a0: 0,00 \u20ac\n592\u00a0725,00 \u20ac\n912\u00a0304,00 \u20ac\nGroupe II\u00a0:\nAutres produits relatifs \u00e0 l'exploitation 108\u00a0000,00 \u20ac\nGroupe III\u00a0:\nProduits financiers et produits non encaissables 0,00 \u20ac\nReport \u00e0 nouveau N-2 (exc\u00e9dent) 211\u00a0579,00 \u20ac\nArticle 2  \u00a0  :  \nPour l'exercice budg\u00e9taire 2024, la dotation globale de financement du CPH  de MONTEVRAIN est\nfix\u00e9e \u00e0 592 725,00 \u20ac int\u00e9grant la reprise des r\u00e9sultats ant\u00e9rieurs, soit un exc\u00e9dent de 211 579,00 \u20ac.\nEn application de l'article R. 314-107 du code de l'action sociale et des familles, la fraction forfaitaire\n\u00e9gale au douzi\u00e8me de la dotation globale de financement s'\u00e9l\u00e8ve \u00e0 49 393,75 \u20ac.\nLes 80 places ouvertes du CPH sont financ\u00e9es au co\u00fbt journalier de 20,30 \u20ac en arrondissant sur la\nbase d'un fonctionnement en ann\u00e9e pleine (365 jours).\nArticle 3  \u00a0  :\nCette dotation sera imput\u00e9e sur les cr\u00e9dits du programme 303 \u00ab \u00a0Immigration et asile\u00a0\u00bb du Minist\u00e8re\nde  l'Int\u00e9rieur,  et  fera  l'objet  d'une  d\u00e9l\u00e9gation  de  cr\u00e9dits  aupr\u00e8s  de  l'Unit\u00e9  Op\u00e9rationnelle  du\nd\u00e9partement de Seine-et-Marne. L'ordonnateur de la d\u00e9pense est le Pr\u00e9fet de la R\u00e9gion Ile-de-\nFrance \u2013 Pr\u00e9fet de Paris et par d\u00e9l\u00e9gation la Directrice D\u00e9partementale de l'Emploi, du Travail et des\nSolidarit\u00e9s de Seine et Marne par int\u00e9rim.\nLe comptable assignataire est le directeur r\u00e9gional des finances publiques de la r\u00e9gion Ile-de-France\net de Paris, service centre de gestion financi\u00e8re Paris bloc 3, 94 rue R\u00e9aumur, 75104 Paris cedex 02.\n2\nDirection r\u00e9gionale et interd\u00e9partementale de l'h\u00e9bergement et du logement - IDF-2025-08-21-00013 -  Arr\u00eat\u00e9 de tarification fixant la\ndotation globale de financement 2025 du CPH HHU (Montevrain 77) 16\nArticle 4 :\nLes recours dirig\u00e9s contre le pr\u00e9sent arr\u00eat\u00e9 doivent \u00eatre port\u00e9s devant le tribunal administratif de\nParis sis 7 rue de Jouy, 75181 Paris Cedex 04, dans le d\u00e9lai d'un mois \u00e0 compter de sa publication ou,\npour les personnes auxquelles il sera notifi\u00e9, \u00e0 compter de sa notification.\nArticle 5  \u00a0  :  \nLe pr\u00e9fet, secr\u00e9taire g\u00e9n\u00e9ral aux politiques publiques  de la pr\u00e9fecture de la r\u00e9gion d'\u00cele-de-France,\npr\u00e9fecture de Paris et le directeur r\u00e9gional et interd\u00e9partemental de l'h\u00e9bergement et du logement\nd'\u00cele-de-France sont charg\u00e9s, chacun en ce qui le concerne, de l'ex\u00e9cution du pr\u00e9sent arr\u00eat\u00e9 qui sera\npubli\u00e9 au recueil des actes administratifs de la pr\u00e9fecture de la r\u00e9gion d'\u00cele-de-France, pr\u00e9fecture de\nParis.\nFait \u00e0 Paris, le 21/08/2025\nPour le pr\u00e9fet de la r\u00e9gion d'\u00cele-de-France,\npr\u00e9fet de Paris et par d\u00e9l\u00e9gation\nLe Directeur adjoint \nde l'Hbergement et du Logement\nSIGNE   \nGuillaume MANGIN\n3\nDirection r\u00e9gionale et interd\u00e9partementale de l'h\u00e9bergement et du logement - IDF-2025-08-21-00013 -  Arr\u00eat\u00e9 de tarification fixant la\ndotation globale de financement 2025 du CPH HHU (Montevrain 77) 17\nDirection r\u00e9gionale et interd\u00e9partementale de\nl'environnement, de l'am\u00e9nagement et des\ntransports d'\u00cele-de-France\nIDF-2025-08-18-00004\nD\u00e9cision d'agr\u00e9ment DRIEAT-IDF n\u00b02025-0687\ndu centre de formation PROMOTRANS\nFORMATION PROFESSIONNELLE CONTINUE\nDirection r\u00e9gionale et interd\u00e9partementale de l'environnement, de l'am\u00e9nagement et des transports d'\u00cele-de-France -\nIDF-2025-08-18-00004 - D\u00e9cision d'agr\u00e9ment DRIEAT-IDF n\u00b02025-0687 du centre de formation PROMOTRANS FORMATION\nPROFESSIONNELLE CONTINUE\n18\nDirection r\u00e9gionale et interd\u00e9partementale\nde l'environnement, de l'am\u00e9nagement\net des transports d'\u00cele-de-France\nD\u00c9CISION D'AGR\u00c9MENT  \u2013 DRIEAT \u2013 IDF N\u00b0 2025 - 0687\nLE PR\u00c9FET DE LA R\u00c9GION D'\u00ceLE-DE-FRANCE, PR\u00c9FET DE P ARIS,\nOFFICIER DE LA L\u00c9GION D'HONNEUR, OFFICIER DE L'ORDRE NATIONAL DU M\u00c9RITE\nVU la  d\u00e9cision du  2 avril 2012 relative  au  cahier des char ges relatif \u00e0 l'organisation et au  contenu  des\nformations d'actualisation des connaissances du ges tionnaire de transport dans les entreprises de tran sport\nroutier\nVU l'arr\u00eat\u00e9 n\u00b0IdF-2022-07-19-00005 du 19 juillet 2022  du pr\u00e9fet de la r\u00e9gion \u00cele-de-France, pr\u00e9fet de Pa ris,\nportant d\u00e9l\u00e9gation de signature \u00e0 Madame Emmanuelle  GAY, directrice r\u00e9gionale et interd\u00e9partementale de\nl'environnement, de l'am\u00e9nagement et des transports d'\u00cele-de-France (DRIEAT), en mati\u00e8re administrative\u00a0;\nVU la d\u00e9cision DRIEAT-IdF 2025-07-03-00009 du 3 juillet 2025 portant subd\u00e9l\u00e9gation de signature en mati\u00e8re\nadministrative ;\nVU le dossier envoy\u00e9 \u00e0 la DRIEAT par le centre de formation PROMOTRANS\n FORMATION PROFESSIONNELLE\nCONTINUE le 9 juillet 2025 pour une demande de changement de d\u00e9nomination sociale\u00a0;\nSur proposition de la directrice r\u00e9gionale et inter d\u00e9partementale de l'environnement, de l'am\u00e9nagement  et\ndes transports d'\u00cele-de-France\u00a0;\nD\u00c9CIDE :\nArticle 1\u00a0: \nLe centre de formation PROMOTRANS FORMATION PROFESSIONNELLE CONTINUE dont le si\u00e8ge s ocial est\nsitu\u00e9 55  rue Raspail 92300 LEVALLOIS -PERRET et dont le num\u00e9ro Siret est  808 634 141 00424,  est agr\u00e9e\npendant 5 ans  en tant qu'organisateur de formation  d'actualisation des connaissances du gestionnaire d e\ntransport dans les entreprises de transport routier.\nCes formations seront organis\u00e9es par le centre de formation PROMOTRANS FORMATION PROFESSIONNELLE\nCONTINUE en distanciel.\nArticle 2 : \nLa dur\u00e9e de l'ensemble de la formation ne devra pas d\u00e9passer le d\u00e9lai de 2 mois.SSTV/DRTR/DG/UE \n21/23 rue Miollis\u2013 75015 Paris\nStandard\u00a0:  01 40 61 80 80\nwww.drieat.ile-de-france.developpement-durable.gouv.fr\n1/2\nDirection r\u00e9gionale et interd\u00e9partementale de l'environnement, de l'am\u00e9nagement et des transports d'\u00cele-de-France -\nIDF-2025-08-18-00004 - D\u00e9cision d'agr\u00e9ment DRIEAT-IDF n\u00b02025-0687 du centre de formation PROMOTRANS FORMATION\nPROFESSIONNELLE CONTINUE\n19\nArticle 3 : \nLe  centre  de formation  PROMOTRANS FORMATION PROFESSIONNELLE CONTINUE  transmettra  \u00e0 la\nDRIEAT, \u00e0 chaque validation de formation, les donn\u00e9es de connexion et de progression par module et\npar stagiaire. \nArticle 4 : \nLe  centre  de  formation  PROMOTRANS\n FORMATION  PROFESSIONNELLE  CONTINUE est  habilit\u00e9  \u00e0\norganiser les formations suivant les modalit\u00e9s du d ossier d'agr\u00e9ment, et dans le respect des dispositi ons\ndu cahier des charges en vigueur.\nToute modification li\u00e9e aux conditions et modalit\u00e9s de mise en \u0153uvre des formations (modification des\nmoyens humains ou mat\u00e9riels) doit \u00eatre syst\u00e9matiquement signal\u00e9e \u00e0 la DRIEAT.\nArticle 5 : \nLes supports de cours devront \u00eatre mis \u00e0 jour r\u00e9guli\u00e8rement et au moins une fois par an.\nArticle 6 : \nL'agr\u00e9ment n'est pas transmissible et ne demeure valable que d\u00e8s lors que subsistent les conditions ayant\npr\u00e9sid\u00e9 \u00e0 sa d\u00e9livrance. A ce titre, il est interdit de sous-traiter l'organisation de formations ou d'examens\n\u00e0 un tiers, y compris aux centres de formation agr\u00e9\u00e9s, sans l'accord pr\u00e9alable de la DRIEAT. \nArticle 9 : \nLe centre de formation PROMOTRANS FORMATION PROFESSIONNELLE CONTINUE  autorise les agents\nhabilit\u00e9s de la DRIEAT, \u00e0 effectuer, et ce sans pr\u00e9avis, des contr\u00f4les inh\u00e9rents \u00e0 ces formations.\nArticle 8\u00a0: \nLe centre de formation PROMOTRANS  FORMATION PROFESSIONNELLE CONTINUE transmettra tous les\nans \u00e0 la DRIEAT le bilan annuel des formations r\u00e9alis\u00e9es et, deux mois avant la fin de chaque ann\u00e9e, un\ndossier  d'actualisation  comprenant  le  bar\u00e8me  actualis\u00e9  de  ses  prestations. En  cas  de  dossier\nd'actualisation non re\u00e7u ou dont les \u00e9l\u00e9ments indiq ueraient que les conditions initiales de l'agr\u00e9ment  ne\nsont plus satisfaites, une suspension ou un retrait d'agr\u00e9ment pourront \u00eatre prononc\u00e9s.\nArticle 9\u00a0: \nLa DRIEAT est charg\u00e9e de l'application de la pr\u00e9sente  d\u00e9cision. Cette d\u00e9cision sera notifi\u00e9e au centre d e\nformation et publi\u00e9e au recueil des actes administratifs de la pr\u00e9fecture de la r\u00e9gion \u00cele-de-France.\nArticle 10\u00a0: \nCette d\u00e9cision annule et remplace la d\u00e9cision d'agr\u00e9ment DRIEAT IdF n\u00b0 2025-494.\nA Paris, le 18-08-2025\n          Pour le Pr\u00e9fet de la r\u00e9gion  d'\u00cele-de-France,\npar d\u00e9l\u00e9gation,\n                      L'Adjoint au  Chef du d\u00e9partement r\u00e9gulation\n                  des transports routiers \n                                                               SIGNE\n           Ronan MEAR\n2/2\nDirection r\u00e9gionale et interd\u00e9partementale de l'environnement, de l'am\u00e9nagement et des transports d'\u00cele-de-France -\nIDF-2025-08-18-00004 - D\u00e9cision d'agr\u00e9ment DRIEAT-IDF n\u00b02025-0687 du centre de formation PROMOTRANS FORMATION\nPROFESSIONNELLE CONTINUE\n20\nDirection r\u00e9gionale et interd\u00e9partementale de\nl'environnement, de l'am\u00e9nagement et des\ntransports d'\u00cele-de-France\nIDF-2025-08-18-00003\nD\u00e9cision d'agr\u00e9ment DRIEAT-IDF n\u00b02025-0768\ndu centre de formation AFTRAL\nDirection r\u00e9gionale et interd\u00e9partementale de l'environnement, de l'am\u00e9nagement et des transports d'\u00cele-de-France -\nIDF-2025-08-18-00003 - D\u00e9cision d'agr\u00e9ment DRIEAT-IDF n\u00b02025-0768 du centre de formation AFTRAL 21\nDirection r\u00e9gionale et interd\u00e9partementale\nde l'environnement, de l'am\u00e9nagement\net des transports d'\u00cele-de-France\nAGR\u00c9MENT  \u2013 DRIEAT \u2013 IDF N\u00b0 2025 - 0768\nLE PR\u00c9FET DE LA R\u00c9GION D'\u00ceLE-DE-FRANCE, PR\u00c9FET DE P ARIS,\nOFFICIER DE LA L\u00c9GION D'HONNEUR, OFFICIER DE L'ORDRE NATIONAL DU M\u00c9RITE\nVU l'arr\u00eat\u00e9  du  2  ao\u00fbt  2024  relatif  aux  modalit\u00e9s  de  l'obtention  des  attestations  de  capacit\u00e9\nprofessionnelles en transport  routier l\u00e9ger\u00a0;\nVU l'arr\u00eat\u00e9 n\u00b0IDF-2022-07-19-00005 du 19 juillet 2022  du pr\u00e9fet de la r\u00e9gion \u00cele-de-France, pr\u00e9fet de\nParis,  portant  d\u00e9l\u00e9gation  de  signature  \u00e0  Madame  Emm anuelle  GAY,  directrice  r\u00e9gionale  et\ninterd\u00e9partementale  de  l'environnement,  de  l'am\u00e9nag ement  et  des  transports  d'\u00cele-de-France\n(DRIEAT), en mati\u00e8re administrative\u00a0;\nVU la  d\u00e9cision  DRIEAT-IdF  2025-07-03-00009  du  3  juillet  2025 de  la  directrice  r\u00e9gionale  et\ninterd\u00e9partementale de l'environnement, de l'am\u00e9nag ement et des transports d'\u00cele-de-France portant\nsubd\u00e9l\u00e9gation de signature en mati\u00e8re administrativ e pour le compte du Pr\u00e9fet de la r\u00e9gion d'\u00cele-de-\nFrance\u00a0; \nVU la d\u00e9cision DRIEAT-IdF-n\u00b0 2024-0714 du 27 septembre 2024 relatif \u00e0 l'agr\u00e9ment accord\u00e9 au centre de\nformation  AFTRAL,  en  tant  qu'organisateur  de  formation  et  de  l'examen permettant  d'obtenir  la\nd\u00e9livrance de l'attestation de capacit\u00e9 professionn elle en transport routier l\u00e9ger de marchandises , de\npersonnes avec des v\u00e9hicules n'exc\u00e9dant pas neuf places y compris le conducteur, ainsi qu'organisateur\nde formations d'actualisation des connaissances du gestionnaire de transport dans les entreprises de\ntransport routier l\u00e9ger de marchandises, de personnes avec des v\u00e9hicu les n'exc\u00e9dant pas neuf places y\ncompris le conducteur jusqu'au 30 septembre 2029\u00a0;\nVU la demande envoy\u00e9e \u00e0 la DRIEAT par le centre de fo rmation AFTRAL concernant la mise en place\ndes sessions en  e-learning.\nSSTV/DRTR/DG/UE \n21/23 rue Miollis\u2013 75015 Paris\nStandard\u00a0:  01 40 61 80 80\nwww.drieat.ile-de-france.developpement-durable.gouv.fr\n1/4\nDirection r\u00e9gionale et interd\u00e9partementale de l'environnement, de l'am\u00e9nagement et des transports d'\u00cele-de-France -\nIDF-2025-08-18-00003 - D\u00e9cision d'agr\u00e9ment DRIEAT-IDF n\u00b02025-0768 du centre de formation AFTRAL 22\nD\u00c9CIDE :\nArticle 1\u00a0:\nLe centre de formation AFTRAL dont le  si\u00e8ge  social est  situ\u00e9 au 46 av de Villiers  75017 Paris,\nimmatricul\u00e9 au RCS sous le num\u00e9ro SIRET 305 405 045 00017 b\u00e9n\u00e9ficie d'un d'agr\u00e9ment jusqu'au 30\nseptembre  2029  en  tant  qu'organisateur  de  formations  et  d'examens  permettant  d'obtenir  la\nd\u00e9livrance de l'attestation de capacit\u00e9 professionnelle en transport routier l\u00e9ger\u00a0;\n- de marchandises avec des v\u00e9hicules dont le PTAC est inf\u00e9rieur \u00e0 3,5 tonnes,\n- de personnes avec des v\u00e9hicules n'exc\u00e9dant pas neuf places, y compris le conducteur\u00a0;\nEt \u00e0 dispenser des formations d'actualisation des c onnaissances \u00e0 destination des gestionnaires de\ntransport dans les entreprises de transport routier  l\u00e9ger de marchandises ou de personnes avec des\nv\u00e9hicules n'exc\u00e9dant pas neuf places, conducteur compris.\nCes formations pourront \u00eatre organis\u00e9es par le cent re de formation AFTRAL  en pr\u00e9sentiel et en e-\nlearning  dans les centres suivants\u00a0:\n- Aulnay sous Bois\u00a0:  1BP 614 Garonord 93611 Aulnay/Bois\n- Gennevilliers\u00a0: 11 route principale du port 92230 Gennevilliers\n- Le Tremblay sur Maudre\u00a0: 43 rue du G\u00e9n\u00e9ral de Gaulle 78490 Le Tremblay sur Maudre\n- Paris 13\u00a0: 12 Villa Nieuport 75013 Paris\n- Rungis\u00a0: 11 place d'Aquitaine Chevilly-Larue 94516 Rungis\n- Savigny le Temple\u00a0:  Rue du Zinc 77176 Savigny le Temple\n- Servon\u00a0: RN 19 Z.A. le poirier pench\u00e9 77170 Servon\nArticle 2\u00a0:\nLe centre\n de formation AFTRAL veillera \u00e0 informer la direction r\u00e9gionale et inte rd\u00e9partementale de\nl'environnement, de l'am\u00e9nagement  et des transports  d'\u00cele-de-France de toute modification de\ncalendrier des formations et des examens au minimum  deux semaines avant le d\u00e9but de la session\nd\u00e9plac\u00e9e  en  envoyant  un  calendrier  actualis\u00e9  \u00e0  l'adresse  fonctionnelle\u00a0:  I\u00a0ue.dg.drtr.sstv.drieat-\nif@developpement-durable.gouv.fr\u00a0K\u00a0;\nArticle 3 :\nLa liste des candidats inscrits \u00e0 chaque session de formation et \u00e0 chaque examen de celle-ci devra\n\u00eatre  envoy\u00e9e  trois  jours  plus  t\u00f4t sur  cette  adresse\u00a0:  I\u00a0\nue.dg.drtr.sstv.drieat-if@developpement-\ndurable.gouv.frK\u00a0;\n2/4\nDirection r\u00e9gionale et interd\u00e9partementale de l'environnement, de l'am\u00e9nagement et des transports d'\u00cele-de-France -\nIDF-2025-08-18-00003 - D\u00e9cision d'agr\u00e9ment DRIEAT-IDF n\u00b02025-0768 du centre de formation AFTRAL 23\nArticle 4 :\nL'examen final se d\u00e9roule obligatoirement en pr\u00e9sentiel\u00a0;\nArticle 5 :\nLe  centre  de  formation  \nAFTRAL est  habilit\u00e9  \u00e0  organiser  les  formations  et  examens  selon  les\nmodalit\u00e9s du dossier d'agr\u00e9ment, et dans le respect  des dispositions du cahier des charges en\nvigueur.\nToute modification li\u00e9e aux conditions et modalit\u00e9s de mise en \u0153uvre des formations et examens\n(modification des moyens humains ou mat\u00e9riels) doit \u00eatre syst\u00e9matiquement signal\u00e9e \u00e0 la DRIEAT\u00a0;\nArticle 6 :\nLes sujets utilis\u00e9s pour l'examen en fin de session de formation devront \u00eatre diff\u00e9rents sur toute la\ndur\u00e9e du pr\u00e9sent agr\u00e9ment\u00a0;\nArticle 7: \nLes supports de cours devront \u00eatre mis \u00e0 jour r\u00e9guli\u00e8rement et au moins une fois par an\u00a0;\nArticle 8 :\nL'agr\u00e9ment n'est pas transmissible et ne demeure valable que d\u00e8s lors que subsistent les conditions\nayant pr\u00e9sid\u00e9 \u00e0 sa d\u00e9livrance. A ce titre, il est interdit de sous-traiter l'organisation de formations ou\nd'examens \u00e0 un tiers, y compris aux centres de form ation agr\u00e9\u00e9s,  sans l'accord pr\u00e9alable de la\nDRIEAT\u00a0;\nArticle 9 :\nLe  centre  de  formation  AFTRAL autorise  les  agents  habilit\u00e9s  de  la  direction  r\u00e9gionale  et\ninterd\u00e9partementale de l'environnement, de l'am\u00e9nag ement et des transports d'\u00cele-de-France , \u00e0\neffectuer, et ce sans pr\u00e9avis, des contr\u00f4les inh\u00e9rents \u00e0 ces formations et examens ;\nArticle 10\u00a0:\nLe  centre de  formation  AFTRAL transmettra  tous  les  ans  \u00e0  la  d irection  r\u00e9gionale  et\ninterd\u00e9partementale de l'environnement, de l'am\u00e9nag ement et des transports d'\u00cele-de-France le\nbilan annuel des formations et examens r\u00e9alis\u00e9s et,  deux mois avant la fin de chaque ann\u00e9e, un\ndossier d'actualisation comprenant le  calendrier  de  ses  formations   en pr\u00e9sentiel  pour  l'ann\u00e9e\nsuivante ainsi que le bar\u00e8me actualis\u00e9 de ses prest ations. En cas de dossier d'actualisation non re\u00e7u\nou  dont  les  \u00e9l\u00e9ments  indiqueraient  que  les  conditions  initiales  de  l'agr\u00e9ment  ne  sont  plus\nsatisfaites, le retrait d'agr\u00e9ment pourra \u00eatre prononc\u00e9\u00a0;\n3/4\nDirection r\u00e9gionale et interd\u00e9partementale de l'environnement, de l'am\u00e9nagement et des transports d'\u00cele-de-France -\nIDF-2025-08-18-00003 - D\u00e9cision d'agr\u00e9ment DRIEAT-IDF n\u00b02025-0768 du centre de formation AFTRAL 24\nArticle 11 :\nLes relev\u00e9s de connexion module par module des cand idats pratiquant le e-learning, devront \u00eatre\ntransmis apr\u00e8s chaque examen\u00a0;\nLa liste des candidats en e-learning, rattach\u00e9s \u00e0 la derni\u00e8re semaine de formation en pr\u00e9sentiel,\ndevra \u00eatre transmise apr\u00e8s chaque examen\u00a0;\nArticle 12 :\nLa\n direction  r\u00e9gionale  et  interd\u00e9partementale  de  l'environnement,  de  l'am\u00e9nagement  et  des\ntransports d'\u00cele-de-France est charg\u00e9e de l'application de la pr\u00e9sente d\u00e9cision. \nCette d\u00e9cision sera notifi\u00e9e au centre de formation et publi\u00e9e au recueil des actes administratifs de\nla pr\u00e9fecture de la r\u00e9gion \u00cele-de-France\u00a0;\nArticle 13\u00a0:\nCette d\u00e9cision annule et remplace la d\u00e9cision DRIEAT-IdF-n\u00b0 2024-0714 du 27 septembre 2024. .\nA Paris, le 18-08-2025\nPour le Pr\u00e9fet de la r\u00e9gion d'\u00eele-de-France,\n Pr\u00e9fet de Paris, par subd\u00e9l\u00e9gation,\n         Cheffe de la division gestion des transports routiers\n        SIGNE\n KHELIFI Sadia\n4/4\nDirection r\u00e9gionale et interd\u00e9partementale de l'environnement, de l'am\u00e9nagement et des transports d'\u00cele-de-France -\nIDF-2025-08-18-00003 - D\u00e9cision d'agr\u00e9ment DRIEAT-IDF n\u00b02025-0768 du centre de formation AFTRAL 25","date":"2025-08-25","first_seen_on":"2025-08-25T16:41:16+00:00","id":"1fbd336d66e72dace9b02b77a6bc00b12339c8b3931c2e9bcec23ea57184639d","name":"recueil-idf-037-2025-08-recueil-des-actes-administratifs-special du 25.08.2025","pdf_creation_date":"2025-08-25T15:03:10+00:00","pdf_modification_date":null,"timezone":"Europe/Paris","url":"https://www.prefectures-regions.gouv.fr/ile-de-france/irecontenu/telechargement/130435/959427/file/recueil-idf-037-2025-08-recueil-des-actes-administratifs-special%20du%2025.08.2025.pdf"}
