{"administration":"prefidf","administration_name":"Pr\u00e9fecture de la r\u00e9gion \u00cele-de-France","content":"PREFECTURE\nREGION ILE DE\nFRANCE\nRECUEIL DES ACTES\nADMINISTRATIFS SP\u00c9CIAL\nN\u00b0IDF-060-2025-04\nPUBLI\u00c9 LE 29 AVRIL 2025\nSommaire\nAgence R\u00e9gionale de Sant\u00e9 / Agence r\u00e9gionale de sant\u00e9\nd'Ile-de-France-D\u00e9partement de l'autonomie\nIDF-2025-03-27-00041 - Avis de r\u00e9sultats de l'appel \u00e0 candidatures\npour la cr\u00e9ation de plateformes d'accompagnement et de r\u00e9pit\n(PFR) pour personnes en situation de handicap (1 page) Page 4\nIDF-2025-03-19-00006 - Avis de r\u00e9sultats de l'appel \u00e0 candidatures\npour la cr\u00e9ation d'unit\u00e9s d'accueil de jour pour jeunes adultes en\nsituation de polyhandicap (1 page) Page 6\nAgence R\u00e9gionale de Sant\u00e9 / Agence r\u00e9gionale de sant\u00e9\nd'Ile-de-France-Direction de la Veille et S\u00e9curit\u00e9 Sanitaire\nIDF-2025-04-23-00013 - D\u00e9cision 2025-025 renouvellement pharmacie\nusage int\u00e9rieur du Groupe Hospitalier les CHEMINOTS (4 pages) Page 8\nIDF-2025-04-23-00012 - D\u00e9cision 2025-027 renouvellement Pharmacie \u00e0\nusage int\u00e9rieur Clinique  JEANNE ARC (3 pages) Page 13\nIDF-2025-04-23-00011 - D\u00e9cision 2025-036 renouvellement pharmacie\nusage int\u00e9rieur Clinique FSEF BOUFFEMONT (3 pages) Page 17\nIDF-2025-04-23-00008 - D\u00e9cision 2025/038 portant renouvellement\npharmacie \u00e0 suage int\u00e9rieur LIONEL VIDART (3 pages) Page 21\nIDF-2025-04-23-00009 - D\u00e9cision n\u00b0 DVSS - QSPHARMBIO -\n2025/031\nportant modification de l'autorisation de la pharmacie \u00e0\nusage int\u00e9rieur multisites de l'h\u00f4pital Bichat-Claude Bernard -\nh\u00f4pital Bretonneau de l'AP-HP (4 pages) Page 25\nDirection r\u00e9gionale et interd\u00e9partementale de l'\u00e9conomie, de l'emploi,\ndu travail et des solidarit\u00e9s d'\u00cele-de-France / P\u00f4le Politiques du\nTravail\nIDF-2025-04-29-00002 - D\u00e9cision d'agr\u00e9ment de l'organisme de\nformation AB CSE FORMATION pour dispenser aux membres \u00e9lus du CSE\nla formation  \u00e9conomique pr\u00e9vue par l'article L.2315-63 du code du\ntravail (2 pages) Page 30\nDirection r\u00e9gionale et interd\u00e9partementale de l'environnement, de\nl'am\u00e9nagement et des transports d'\u00cele-de-France / S\u00e9curit\u00e9 des\ntransports et des v\u00e9hicules\nIDF-2025-04-28-00008 - D\u00e9cision DRIEAT-IdF n\u00b0 2025-0300 portant\nagr\u00e9ment d\u00e9finitif ZSL JM-FIMO (3 pages) Page 33\nIDF-2025-04-28-00007 - D\u00e9cision DRIEAT-IdF n\u00b0 2025-0342 portant\nagr\u00e9ment  probatoire Voyageurs FOROMAR-FIMO (3 pages) Page 37\nIDF-2025-04-28-00005 - D\u00e9cision DRIEAT-IdF n\u00b0 2025-318 portant\nagr\u00e9ment probatoire Marchandises OFT-FIMO (3 pages) Page 41\n2\nIDF-2025-04-28-00006 - D\u00e9cision DRIEAT-IdF n\u00b02025-319 portant\nagrement probatoire Voyageurs OFT-Voyageurs (3 pages) Page 45\nRectorat de la r\u00e9gion acad\u00e9mique d'Ile-de-France, rectorat de\nl'acad\u00e9mie de Paris /\nIDF-2025-04-17-00007 - Arr\u00eat\u00e9 n\u00b0 2025-040-RRA modifiant la liste des\n\u00e9tablissements d'enseignement sup\u00e9rieur de la r\u00e9gion acad\u00e9mique\npr\u00e9vue \u00e0 l'article R.822-1-1 du code de l'\u00e9ducation (6 pages) Page 49\n3\nAgence R\u00e9gionale de Sant\u00e9\nIDF-2025-03-27-00041\nAvis de r\u00e9sultats de l'appel \u00e0 candidatures pour\nla cr\u00e9ation de plateformes d'accompagnement\net de r\u00e9pit (PFR) pour personnes en situation de\nhandicap\nAgence R\u00e9gionale de Sant\u00e9 - IDF-2025-03-27-00041 - Avis de r\u00e9sultats de l'appel \u00e0 candidatures pour la cr\u00e9ation de plateformes\nd'accompagnement et de r\u00e9pit (PFR) pour personnes en situation de handicap 4\nREPUBLIQUEFRANCAISELibert\u00e9Egalit\u00e9Fraternit\u00e9\nGS]g\nAr\u00a9 D Agence R\u00e9gionale de Sant\u00e9Ile-de-France\n                                                                                                        \n \n \n \n \nAvis de r\u00e9sultats de l'appel \u00e0 candidatures pour la cr\u00e9ation de \nplateformes d'accompagnement et de r\u00e9pit (PFR) pour personnes \nen situation de handicap \n \n \nAvis d'appel \u00e0 candidatures publi\u00e9 le 6 novembre 2024.  \n \n \nLe soutien aux aidants et le d\u00e9ploiement d'une offre de r\u00e9pit font partie des orientations formalis\u00e9es par \nl'Agence r\u00e9gionale de sant\u00e9 \u00cele -de-France dans son projet r\u00e9gional de sant\u00e9 2023 -2028, et d\u00e9clin\u00e9es \ndans la feuille de route 202 4-2028 \u00ab Agir pour les aidants \u00bb de la Direction de l'Autonomie, qui entend \nrenforcer le soutien aux proches aidants afin de pr\u00e9venir l'\u00e9puisement des familles et mailler le territoire \nfrancilien de solutions de relai et de r\u00e9pit. Une des principales actions pour atteindre ces objectifs est le \nd\u00e9ploiement des plateformes d'accompagnement et de r\u00e9pit (PFR) d\u00e9di\u00e9es \u00e0 l'accueil des aidants de \npersonnes en situation de handicap pour leur offrir un soutien sous diverses formes.  \n \nDans ce contexte, l'Agence r\u00e9gionale de sant\u00e9  \u00cele-de-France a lanc\u00e9 un appel \u00e0 candidature s pour la \ncr\u00e9ation de PFR pour personnes en situation de handicap sur les d\u00e9partements de la Seine -et-Marne \n(77), des Hauts-de-Seine (92) et du Val d'Oise (95). \n \nLa date de cl\u00f4ture des candidatures \u00e9tait fix\u00e9e au 30 janvier 2025.  \n \nApr\u00e8s avoir analys\u00e9 l'ensemble des dossiers, l'Agence r\u00e9gionale de sant\u00e9 \u00cele-de-France a retenu le s \nprojets des porteurs suivants : \n \n\u2022 Seine-et-Marne : \no Fondation L\u00e9opold Bellan \n \n\u2022 Hauts-de-Seine :  \no Nord : UNAPEI \no Sud : Fondation des Amis de l'Atelier \n \n\u2022 Val d'Oise :  \no Territoire 1 : HEVEA \no Territoire 2 : HEVEA \n \n         Fait \u00e0 Saint-Denis, le 27 mars 2025                 \n \n \n \n \n \n \n \n \nPour le Directeur G\u00e9n\u00e9ral  \nDe l'Agence R\u00e9gionale  \nDe Sant\u00e9 \u00cele-de-France, \n \nLa Directrice de l'Autonomie \n \n \n \nSt\u00e9phanie TALBOT  \nAgence R\u00e9gionale de Sant\u00e9 - IDF-2025-03-27-00041 - Avis de r\u00e9sultats de l'appel \u00e0 candidatures pour la cr\u00e9ation de plateformes\nd'accompagnement et de r\u00e9pit (PFR) pour personnes en situation de handicap 5\nAgence R\u00e9gionale de Sant\u00e9\nIDF-2025-03-19-00006\nAvis de r\u00e9sultats de l'appel \u00e0 candidatures pour\nla cr\u00e9ation d'unit\u00e9s d'accueil de jour pour jeunes\nadultes en situation de polyhandicap\nAgence R\u00e9gionale de Sant\u00e9 - IDF-2025-03-19-00006 - Avis de r\u00e9sultats de l'appel \u00e0 candidatures pour la cr\u00e9ation d'unit\u00e9s d'accueil de\njour pour jeunes adultes en situation de polyhandicap 6\nREPUBLIQUEFRANCAISELibert\u00e9Egalit\u00e9Fraternit\u00e9\nAVe > Agence R\u00e9gionale de Sant\u00e9\u00cele-de-France\n                                                                                                        \n \n \n \n \nAvis de r\u00e9sultats de l'appel \u00e0 candidatures  \npour la cr\u00e9ation d'unit\u00e9s d'accueil de jour pour jeunes adultes en \nsituation de polyhandicap \n \n \n \nAvis d'appel \u00e0 candidatures publi\u00e9 le 11 juillet 2024 \n \n \nApr\u00e8s avoir analys\u00e9 l'ensemble des dossiers et entendu les candidats, l a commission de s\u00e9lection de \nl'Agence r\u00e9gionale de sant\u00e9 Ile-de-France, r\u00e9unie le 25 novembre et le 26 novembre 2024, a retenu les \nprojets des porteurs suivants :  \n \n \n \n \n \n  \n \n \n \n \n \n \n \n \n \n   Fait \u00e0 Saint-Denis, le 19 mars 2025 \n \n \n \n \n \nD\u00e9partement Organisme Gestionnaire \n93 Envoludia \n93 Fondation COS Alexandre Glasberg \n75 Fondation OVE \nPour le Directeur G\u00e9n\u00e9ral \nde l'Agence R\u00e9gionale  \nde Sant\u00e9 Ile-de-France \net par d\u00e9l\u00e9gation \n \nLa Directrice de l'Autonomie \n \n \n \nSt\u00e9phanie TALBOT \nAgence R\u00e9gionale de Sant\u00e9 - IDF-2025-03-19-00006 - Avis de r\u00e9sultats de l'appel \u00e0 candidatures pour la cr\u00e9ation d'unit\u00e9s d'accueil de\njour pour jeunes adultes en situation de polyhandicap 7\nAgence R\u00e9gionale de Sant\u00e9\nIDF-2025-04-23-00013\nD\u00e9cision 2025-025 renouvellement pharmacie\nusage int\u00e9rieur du Groupe Hospitalier les\nCHEMINOTS\nAgence R\u00e9gionale de Sant\u00e9 - IDF-2025-04-23-00013 - D\u00e9cision 2025-025 renouvellement pharmacie usage int\u00e9rieur du Groupe\nHospitalier les CHEMINOTS 8\nREPUBLIQUEFRANCAISELibert\u00e9Egalit\u00e9Fraternit\u00e9\ne \u00bb Agence R\u00e9gionale de Sant\u00e9Ile-de-France\n \n \n1 / 4 \n \n \n \nAGENCE R\u00c9GIONALE DE SANTE \u00ceLE-DE-FRANCE \nD\u00c9CISION N\u00b0 DVSS - QSPHARMBIO - 2025 / 025 \nportant renouvellement de l'autorisation de la pharmacie \u00e0 usage int\u00e9rieur \ndu Groupe hospitalier Les Cheminots \nLE DIRECTEUR G\u00c9N\u00c9RAL DE L'AGENCE R\u00c9GIONALE DE SANT\u00c9 \u00ceLE-DE-FRANCE \n \nVU le code de la sant\u00e9 publique  et notamment les articles L.5126 -1 \u00e0 L.5126 -11 ainsi que les \narticles R.5126-1 \u00e0 R.5126-62 ;  \n \nVU l'ordonnance n\u00b0 2016-1729 en date du 15 d\u00e9cembre 2016 relative aux pharmacies \u00e0 usage \nint\u00e9rieur prise en application de l'article 204 de la loi n\u00b0 2016-41 en date du 26 janvier 2016 de \nmodernisation de notre syst\u00e8me de sant\u00e9 en sa version modifi\u00e9e par l'ordonnance \nn\u00b0 2020- 1407 en date du 18 novembre 2020 relative aux missions des agences r\u00e9gionales de \nsant\u00e9 ; \n \nVU le d\u00e9cret n\u00b0 2019-489 en date du 21 mai 2019 modifi\u00e9 relatif aux pharmacies \u00e0 usage int\u00e9rieur \npris en application de l'ordonnance n\u00b02016-1729, notamment son article 4 ; \n \nVU  l'arr\u00eat\u00e9 en date du 22 juin 2001 relatif aux bonnes pratiques de pharmacie hospitali\u00e8re ; \n \nVU  la d\u00e9cision en date du 21 juillet 2023, prise en application des articles L.5121-1 et L.5121-5 du \ncode de la sant\u00e9 publique, relative aux bonnes pratiques de pr\u00e9paration ; \n \nVU  le d\u00e9cret en date du 10 avril 2024 portant nomination de  Monsieur Denis ROBIN, Direct eur \ng\u00e9n\u00e9ral de l'Agence r\u00e9gionale de sant\u00e9 \u00cele-de-France \u00e0 compter du 29 avril 2024 ;  \n \nVU  l'arr\u00eat\u00e9 pr\u00e9fectoral 7564 CP/MD DDS en date du 12 juillet 1958 ayant autoris\u00e9 la cr\u00e9ation d'une \npharmacie \u00e0 usage int\u00e9rieur sous le n\u00b0 17 au sein du site du Groupe hospitalier Les Cheminots \nsis 55 A, rue Albert R\u00e9my \u00e0 Ris Orangis (91130) ;  \n \nVU l'arr\u00eat\u00e9 pr\u00e9fectoral n\u00b0 82 -3928 en date du 9 juin 1982 ayant autoris\u00e9 la cr\u00e9ation d'une \npharmacie \u00e0 usage int\u00e9rieur sous le n\u00b0 91 -H-23 au sein du site du Groupe hospitalier Les \nCheminots sis  14, rue Alphonse Daudet \u00e0 Draveil (91210) ; \n \nVU  la demande d\u00e9pos\u00e9e le 25 septembre 2024 et compl\u00e9t\u00e9e le 13 d\u00e9cembre 2024 par la directrice \nde l'\u00e9tablissement, repr\u00e9sentant l\u00e9gal de la personne morale exploitant l e Groupe hospitalier \nLes Cheminots, en vue du renouvellement, au titre de l'article 4 du d\u00e9cret n\u00b0 2019-489 en date \ndu 21 mai 2019 modifi\u00e9 , relatif aux pharmacies \u00e0 usage int\u00e9rieur, de l'autorisation de la \npharmacie \u00e0 usage int\u00e9rieur  implant\u00e9e sur le site Ris Orangis et  concernant les missions \ng\u00e9n\u00e9rales ainsi que les actions de pharmacie clinique, telles que d\u00e9finies \u00e0 l'article L.5126 -1 \ndu code de la sant\u00e9 publique, afin de r\u00e9pondre aux besoins pharmaceutiques des personnes \nprises en charge ; \n \nVU la demande d\u00e9pos\u00e9e le 25 septembre 2024 et compl\u00e9t\u00e9e le 13 d\u00e9cembre 2024 par la directrice \nde l'\u00e9tablissement, repr\u00e9sentant l\u00e9gal de la personne morale exploitant le Groupe hospitalier \nLes Cheminots, en vue du renouvellement, au titre de l'article 4 du d\u00e9cret n\u00b0 2019-489 en date \ndu 21 mai 2019 modifi\u00e9, relatif aux pharmacies \u00e0 usage int\u00e9rieur, de l'autorisation de la \npharmacie \u00e0 usage int\u00e9rieur concernant l'activit\u00e9 suivante assur\u00e9e par la pharmacie \u00e0 usage \nint\u00e9rieur pour son propre compte : \nAgence R\u00e9gionale de Sant\u00e9 - IDF-2025-04-23-00013 - D\u00e9cision 2025-025 renouvellement pharmacie usage int\u00e9rieur du Groupe\nHospitalier les CHEMINOTS 9\n \n2 / 4 \n \n \n- la pr\u00e9paration des doses \u00e0 administrer de m\u00e9dicaments mentionn\u00e9e \u00e0 \nl'article  L.4211-1 du code de la sant\u00e9 publique ; \n \nVU la demande de modification de l'autorisation de la pharmacie \u00e0 usage int\u00e9rieur du Groupe \nhospitalier Les Cheminots , implant\u00e9e sur le  site Ris Orangis, en date du \n12 d\u00e9cembre  2024 consistant \u00e0 mettre en \u0153uvre une pharmacie \u00e0 usage int\u00e9rieur multisite, \ndont les locaux sont implant\u00e9s au sein des \u00e9tablissements suivants : \n \n- Groupe hospitalier les Cheminots, site Ris-Orangis : 55 A, rue Albert R\u00e9my \u00e0 \nRis Orangis (91130) ; \n- Groupe hospitalier les Cheminots, site Draveil : 14, rue Alphonse Daudet \u00e0 \nDraveil (91210) ; \n \nVU  le rapport d'instruction en date du 27 janvier  2025 et la conclusion d\u00e9finitive en date du \n12 mars 2025 \u00e9tablis par le pharmacien instructeur ;  \nVU la demande de suppression de la pharmacie \u00e0 usage int\u00e9rieur du Groupe hospitalier les \nCheminots implant\u00e9e sur le site de Draveil  au 14, rue Alphonse Daudet \u00e0 Draveil (91210) ; \nVU  l'avis favorable Conseil central de la section H de l'Ordre des pharmaciens, en date du \n20  mars 2025 ; \n  \nCONSID\u00c9RANT  \n \n \nles r\u00e9ponses apport\u00e9es et l'engagement pris par l'\u00e9tablissement \u00e0 la suite du rapport \nd'instruction du pharmacien instructeur notamment :  \n \n- \u00e9talonnage r\u00e9 gulier des sondes de mesure de la temp\u00e9rature des \nr\u00e9frig\u00e9rateurs de la pharmacie \u00e0 usage int\u00e9rieur ; \n \nCONSIDERANT  \n \nqu'il est attendu la mise en \u0153uvre par l'\u00e9tablissement des mesures suivantes  : \n \n- mise \u00e0 jour du syst\u00e8me documentaire et des fiches de poste des \npharmaciens ; \n- actualisation de la cartographie des risques en lien avec la pr\u00e9paration de \ndoses \u00e0 administrer ; \nCONSID\u00c9RANT que le Groupe hospitalier Les Cheminots  dispose de locaux, de moyens en \npersonnel, de moyens en \u00e9quipement et d'un syst\u00e8me d'information, conform\u00e9ment \naux articles  R.5126-8 et R.5126 -14 du code de la sant\u00e9 publique , lui permettant \nd'assurer l'ensemble des missions et l'activit\u00e9 sollicit\u00e9e ; \n  \nCONSID\u00c9RANT que la demande de cr\u00e9ation d'une pharmacie \u00e0 usage int\u00e9rieur multisite entrainera la \nsuppression de la pharmacie \u00e0 usage int\u00e9rieur de l'\u00e9tablissement suivant : \n \n- Groupe hospitalier Les Cheminot s situ\u00e9 au 14, rue Alphonse Daudet \u00e0 \nDraveil (91210) n\u00b0 FINESS ET : 910150085 ; \n \n \n \n \n \n \n \n  \nAgence R\u00e9gionale de Sant\u00e9 - IDF-2025-04-23-00013 - D\u00e9cision 2025-025 renouvellement pharmacie usage int\u00e9rieur du Groupe\nHospitalier les CHEMINOTS 10\n \n3 / 4 \n \nDECIDE  \n \nARTICLE 1 L'autorisation de la pharmacie \u00e0 usage int\u00e9rieur implant\u00e9e au 14, rue Alphonse Daudet \n\u00e0 Draveil (91210) et d\u00e9pendant du Groupe hospitalier Les Cheminots est supprim\u00e9e. \n \nARTICLE 2 La pharmacie \u00e0 usage int\u00e9rieur  multisite du Groupe hospitalier Les Cheminots , \nn\u00b0 FINESS EJ : 910009539 situ\u00e9e au 55 A, rue Albert R\u00e9my \u00e0 Ris Orangis (91130)  et \nau 14, rue Alphonse Daudet \u00e0 Draveil (91210), est autoris\u00e9e \u00e0 exercer les missions et \nl'activit\u00e9 cit\u00e9e aux articles suivants. \n \nARTICLE 3 La pharmacie \u00e0 usage int\u00e9rieur  multisite dispose de locaux  implant\u00e9s au sein des \n\u00e9tablissements suivants : \n \n- Groupe hospitalier Les Cheminots, site Ris-Orangis : 55 A, rue Albert R\u00e9my \n\u00e0 Ris Orangis (91130) n\u00b0 FINESS  EJ : 910009539 - \nn\u00b0 FINESS ET :  910500040 ; \n- Groupe hospitalier Les Cheminots, site Draveil : 14, rue Alphonse Daudet \u00e0 \nDraveil (91210) n\u00b0 FINESS EJ : 910009539 - n\u00b0 FINESS ET : 910150085. \nARTICLE 4   La pharmacie \u00e0 usage int\u00e9rieur  multisite assurera pour son propre compte, dans la \nlimite du respect des conditions r\u00e8glementaires fix\u00e9es pour leur exercice  au regard du \nstatut de l'\u00e9tablissement au sein duquel elle est \u00e9tablie les missions g\u00e9n\u00e9rales ainsi \nque les actions de pharmacie clinique, telles que d\u00e9finies \u00e0 l'article L.5126 -1 du code \nde la sant\u00e9 publique, afin de r\u00e9pondre aux besoins pharmaceutiques des personnes \nprises en charge, sur les sites suivants : \n \n- Groupe hospitalier Les Cheminots, site Ris-Orangis ; \n- Groupe hospitalier Les Cheminots, site Draveil. \n \nARTICLE 5  La pharmacie \u00e0 usage int\u00e9rieur  multisite assurera, pour son propre compte l 'activit\u00e9 \nmentionn\u00e9e aux articles L.5126-4 et R.5126-9 du code de la sant\u00e9 publique : \nSur le site Ris-Orangis du Groupe hospitalier Les Cheminots :  \n- la pr\u00e9paration manuelle de doses \u00e0 administrer de m\u00e9dicaments mentionn\u00e9s \n\u00e0 l'article L. 4211-1 du code de la sant\u00e9 publique :  \no type de doses pr\u00e9par\u00e9es : doses unitaires,  \no op\u00e9rations r\u00e9alis\u00e9es : sur\u00e9tiquetage des blisters de m\u00e9dicaments non \npr\u00e9sent\u00e9s en conditionnement unitaire. \n \nARTICLE 6  La pharmacie \u00e0 usage int\u00e9rieur multisite est install\u00e9e dans les locaux d'une superficie \ntotale de 336 m\u00b2, comprenant : \nsite principal de Ris Orangis  : 169 m\u00b2 : \n \n- sas de la pharmacie \u00e0 usage int\u00e9rieur : 6,27 m\u00b2 \n- r\u00e9ception :10,33 m\u00b2 ; \n- sas antibiotique : 2,39 m\u00b2 ; \n- pi\u00e8ce de stockage solut\u00e9s produits di\u00e9t\u00e9tiques et des \u00e9quipements de \nprotection individuelle : 31,44 m\u00b2 ; \n- pi\u00e8ce de stockage des dispositifs m\u00e9dicaux st\u00e9riles : 10,19 m\u00b2 ; \n- pi\u00e8ce de lavage : 12,77 m\u00b2 ; \n- pi\u00e8ce coffre : 3,83 m\u00b2 ; \n- pi\u00e8ce stockage pansements et des dispositifs m\u00e9dicaux de diagnostic in \nvitro :  17,69 m\u00b2 ; \n- pi\u00e8ce stockage m\u00e9dicaments :38,18 m\u00b2 ; \nAgence R\u00e9gionale de Sant\u00e9 - IDF-2025-04-23-00013 - D\u00e9cision 2025-025 renouvellement pharmacie usage int\u00e9rieur du Groupe\nHospitalier les CHEMINOTS 11\n \n4 / 4 \n \n- bureau sur\u00e9tiquetage : 7,87 m\u00b2 ; \n- bureau pharmacien : 11,12 m\u00b2 ; \n- divers:  quarantaine circulation sanitaires : 17,08 m\u00b2 ; \nsite de Draveil \u00e0 Draveil   : 167 m\u00b2 : \n- sas antibiotique : 7,76 m\u00b2 ; \n- pi\u00e8ce stockage m\u00e9dicaments : 34,24 m\u00b2 \n- couloir de r\u00e9ception : 14 m\u00b2 ; \n- bureau pr\u00e9parateur : 8,54 m\u00b2 ; \n- bureau pharmacien : 31 m\u00b2 ; \n- pi\u00e8ce de stockage des dispositifs m\u00e9dicaux et des solut\u00e9s : 38 m\u00b2 ; \n- pi\u00e8ce de lavage : 9 m\u00b2 ; \n- pi\u00e8ce de r\u00e9serve de mat\u00e9riel d'\u00e9quipement : 15,74 m\u00b2 ; \n- sanitaires : 8,35 m\u00b2. \nARTICLE 7 \n \nLe temps de pr\u00e9sence du pharmacien charg\u00e9 de la g\u00e9rance, de dix demi-journ\u00e9es par \nsemaine, est en conformit\u00e9 avec les dispositions de l'article R.5126 -39 du code de la \nsant\u00e9 publique. \n \n \nARTICLE 8  Un recours contentieux contre la pr\u00e9sente d\u00e9cision peut \u00eatre form\u00e9 aupr\u00e8s du Tribunal \nadministratif comp\u00e9tent. Le d\u00e9lai de recours est de deux mois \u00e0 compter de la \nnotification de la d\u00e9cision pour les int\u00e9ress\u00e9s ou de sa publication pour les tiers. Cette \njuridiction peut notamment \u00eatre saisie via une requ\u00eate remise ou envoy\u00e9e au greffe du \nTribunal administratif ou aussi par l'application \u00ab  T\u00e9l\u00e9recours \u00bb accessible \u00e0 partir du \nsite www.telerecours.fr.  \nARTICLE 9  Les Directeurs de l'Agence r\u00e9gionale de sant\u00e9 \u00cele-de-France sont charg\u00e9s, chacun en \nce qui les concerne, de l'ex\u00e9cution de la pr\u00e9sente d\u00e9cision, qui sera publi\u00e9e au recueil \ndes actes administratifs de la Pr\u00e9fecture de r\u00e9gion \u00cele-de-France. \n \nFait \u00e0 Saint-Denis, le 23 avril 2025 \n \nLe Directeur g\u00e9n\u00e9ral \nde l'Agence r\u00e9gionale de sant\u00e9  \n\u00cele-de-France \n \nSIGNE \n \nDenis ROBIN \n \nAgence R\u00e9gionale de Sant\u00e9 - IDF-2025-04-23-00013 - D\u00e9cision 2025-025 renouvellement pharmacie usage int\u00e9rieur du Groupe\nHospitalier les CHEMINOTS 12\nAgence R\u00e9gionale de Sant\u00e9\nIDF-2025-04-23-00012\nD\u00e9cision 2025-027 renouvellement Pharmacie \u00e0\nusage int\u00e9rieur Clinique  JEANNE ARC\nAgence R\u00e9gionale de Sant\u00e9 - IDF-2025-04-23-00012 - D\u00e9cision 2025-027 renouvellement Pharmacie \u00e0 usage int\u00e9rieur Clinique  JEANNE\nARC 13\nREPUBLIQUEFRANCAISELibert\u00e9Egalit\u00e9Fraternit\u00e9\ne \u00bb Agence R\u00e9gionale de Sant\u00e9Ile-de-France\n \n \n1 / 3 \n \n \n \n \nAGENCE R\u00c9GIONALE DE SANTE \u00ceLE-DE-FRANCE \nD\u00c9CISION n\u00b0 DVSS - QSPHARMBIO - 2025 / 027 \nportant renouvellement de l'autorisation de la pharmacie \u00e0 usage int\u00e9rieur  \nde l'H\u00f4pital priv\u00e9 parisien Jeanne d'Arc \nLE DIRECTEUR G\u00c9N\u00c9RAL DE L'AGENCE R\u00c9GIONALE DE SANT\u00c9 \u00ceLE-DE-FRANCE \n \nVU le code de la sant\u00e9 publique  et notamment les articles L.5126 -1 \u00e0 L.5126 -11 ainsi que les \narticles R.5126-1 \u00e0 R.5126-62 ;  \n \nVU l'ordonnance n\u00b0 2016-1729 en date du 15 d\u00e9cembre 2016 relative aux pharmacies \u00e0 usage \nint\u00e9rieur prise en application de l'article 204 de la loi n\u00b0 2016-41 en date du 26 janvier 2016 de \nmodernisation de notre syst\u00e8me de sant\u00e9 en sa version modifi\u00e9e par l'ordonnance \nn\u00b0 2020- 1407 en date du 18 novembre 2020 relative aux missions des agences r\u00e9gionales de \nsant\u00e9 ; \n \nVU le d\u00e9cret n\u00b0 2019-489 en date du 21 mai 2019 modifi\u00e9 relatif aux pharmacies \u00e0 usage int\u00e9rieur \npris en application de l'ordonnance n\u00b02016-1729, notamment son article 4 ; \n \nVU  l'arr\u00eat\u00e9 en date du 22 juin 2001 relatif aux bonnes pratiques de pharmacie hospitali\u00e8re ; \n \nVU  la d\u00e9cision en date du 21 juillet 2023, prise en application des articles L.5121-1 et L.5121-5 du \ncode de la sant\u00e9 publique, relative aux bonnes pratiques de pr\u00e9paration ; \n \nVU  le d\u00e9cret en date du 10 avril 2024 portant nomination de  Monsieur Denis ROBIN, Direct eur \ng\u00e9n\u00e9ral de l'Agence r\u00e9gionale de sant\u00e9 \u00cele-de-France \u00e0 compter du 29 avril 2024 ;  \n \nVU  l'arr\u00eat\u00e9 pr\u00e9fectoral n\u00b0 83/412  en date du 14 f\u00e9vrier 1983  ayant autoris\u00e9 la cr\u00e9ation d'une \npharmacie \u00e0 usage int\u00e9rieur sous le n\u00b0 H 94.17 au sein de l'h\u00f4pital priv\u00e9 parisien Jeanne d'Arc \nsitu\u00e9 au 55, rue du Commandant Ren\u00e9 Mouchotte \u00e0 Saint-Mand\u00e9 (94160) ;  \n  \nVU  la demande d\u00e9pos\u00e9e le 27 septembre 2024  par le directeur de l'\u00e9tablissement, repr\u00e9sentant \nl\u00e9gal de la personne morale exploitant l'h\u00f4pital priv\u00e9 parisien Jeanne d'Arc, d\u00e9clar\u00e9e compl\u00e8te \nle 2 octobre 2024, en vue du renouvellement, au titre de l'article 4 du d\u00e9cret n\u00b0   2019-489 en \ndate du 21 mai 2019 modifi\u00e9 relatif aux pharmacies \u00e0 usage int\u00e9rieur, de l'autorisation de la \npharmacie \u00e0 usage int\u00e9rieur concernant  les missions g\u00e9n\u00e9rales ainsi que les actions de \npharmacie clinique, telles que d\u00e9finies \u00e0 l'article L.5126 -1 du code de la sant\u00e9 publique, afin \nde r\u00e9pondre aux besoins pharmaceutiques des personnes prises en charge ;  \n \nVU  la demande d\u00e9pos\u00e9e le 27 septembre 2024  par le directeur de l'\u00e9tablissement, repr\u00e9sentant \nl\u00e9gal de la personne morale exploitant l'h\u00f4pital priv\u00e9 parisien Jeanne d'Arc, d\u00e9clar\u00e9e compl\u00e8te \nle 2 octobre 2024 , en vue du renouvellement, au titre de l'article 4 du d\u00e9cret n\u00b0 2019-489 en \ndate du 21 mai 2019 modifi\u00e9 relatif aux pharmacies \u00e0 usage int\u00e9rieur, de l'autorisation de la \npharmacie \u00e0 usage int\u00e9rieur  et l'activit\u00e9 suivante assur\u00e9e par la pharmacie \u00e0 usage int\u00e9rieur \npour son propre compte : \n  \n- la pr\u00e9paration de doses \u00e0 administrer de m\u00e9dicaments mentionn\u00e9 s \u00e0 \nl'article L. 4211-1 du code de la sant\u00e9 publique ; \nAgence R\u00e9gionale de Sant\u00e9 - IDF-2025-04-23-00012 - D\u00e9cision 2025-027 renouvellement Pharmacie \u00e0 usage int\u00e9rieur Clinique  JEANNE\nARC 14\n \n2 / 3 \n \nVU  le rapport unique d'instruction en date du 28 mars 2025 \u00e9tabli par le pharmacien inspecteur de \nsant\u00e9 publique \u00e0 la suite des compl\u00e9ments transmis par l'\u00e9tablissement le 11 f\u00e9vrier 2025 et le \n25 mars 2025 ;  \n \nVU  l'avis favorable du Conseil central de la section H de l'Ordre des pharmaciens, en date du \n8  d\u00e9cembre 2024 ;  \n  \nCONSID\u00c9RANT  \n \n \nles r\u00e9ponses apport\u00e9es et les engagements pris par l'\u00e9tablissement \u00e0 la suite du \nrapport d'instruction du pharmacien inspecteur de sant\u00e9 publique notamment :  \n \n- \u00e0 mettre en place un dispositif de contr\u00f4le de l'hygrom\u00e9trie des locaux dans \nun d\u00e9lai de 3 mois ; \n- \u00e0 mettre en place d\u00e8s maintenant une maintenance contractuelle des \n\u00e9quipements (r\u00e9frig\u00e9rateur et sonde) avec son fournisseur actuel ; \n- \u00e0 formaliser les modalit\u00e9s d'habilitation du personnel d'ici fin mars 2025 ; \n \nCONSIDERANT qu'il est attendu la mise en \u0153uvre par l'\u00e9tablissement des mesures suivantes : \n \n- que l'\u00e9tablissement informe l'Agence r\u00e9gionale de sant\u00e9 Ile -de-France de la \np\u00e9rennisation du recrutement du pharmacien g\u00e9rant ; \n- que pour la pr\u00e9paration des doses \u00e0 administrer , la zone d'activit\u00e9 de sur -\n\u00e9tiquetage soit clairement identifi\u00e9e et r\u00e9serv\u00e9e \u00e0 cet effet ; \n \nCONSID\u00c9RANT que l'h\u00f4pital priv\u00e9 parisien Jeanne d'Arc dispose de locaux, de moyens en personnel, \nde moyens en \u00e9quipement et d'un syst\u00e8me d'information, conform\u00e9ment aux \narticles  R.5126-8 et R.5126-14 du code de la sant\u00e9 publique, lui permettant d'assurer \nl'ensemble des missions et l'activit\u00e9 sollicit\u00e9e ; \n  \nDECIDE  \n \nARTICLE 1  La pharmacie \u00e0 usage int\u00e9rieur implant\u00e9e au sein de l'h\u00f4pital priv\u00e9 parisien Jeanne \nd'Arc (n\u00b0 FINESS EJ : 940022163 - n\u00b0 FINESS ET : 940310022), situ\u00e9e au 55, rue du \nCommandant Ren\u00e9 Mouchotte \u00e0 Saint -Mand\u00e9 (94160)  est autoris\u00e9 e \u00e0 exercer les \nmissions et l'activit\u00e9 cit\u00e9e aux articles suivants. \n \nARTICLE 2   La pharmacie \u00e0 usage int\u00e9rieur assurera, pour son propre compte, dans la limite du \nrespect des conditions r\u00e8glementaires fix\u00e9es pour leur exercice au regard du statut de \nl'\u00e9tablissement au sein duquel elle est \u00e9tablie, les missions g\u00e9n\u00e9rales ainsi que les \nactions de pharmacie clinique, telles que d\u00e9finies \u00e0 l'article L.5126 -1 du code de la \nsant\u00e9 publique, afin de r\u00e9pondre aux besoins pharmaceutiques des personnes prises \nen charge ;  \n \nARTICLE 3  La pharmacie \u00e0 usage int\u00e9rieur assurera, pour son propre compte l'activit\u00e9 mentionn\u00e9e \naux articles L.5126-4 et R.5126-9 du code de la sant\u00e9 publique :  \n- la pr\u00e9paration de doses \u00e0 administrer de m\u00e9dicaments mentionn\u00e9s \u00e0 \nl'article  L. 4211-1 du m\u00eame code  : \n\u2981 proc\u00e9d\u00e9 de pr\u00e9paration de doses \u00e0 administrer : manuelle ; \n\u2981 type de doses pr\u00e9par\u00e9es : doses unitaires, voie orale ; \n\u2981 op\u00e9rations r\u00e9alis\u00e9es : sur\u00e9tiquetage des blisters de m\u00e9dicaments non \npr\u00e9sent\u00e9s en conditionnement unitaire. \n \nAgence R\u00e9gionale de Sant\u00e9 - IDF-2025-04-23-00012 - D\u00e9cision 2025-027 renouvellement Pharmacie \u00e0 usage int\u00e9rieur Clinique  JEANNE\nARC 15\n \n3 / 3 \n \nARTICLE 4  La pharmacie \u00e0 usage int\u00e9rieur est install\u00e9e dans des locaux d'une superficie totale \nde 138 m\u00b2, comprenant :  \n \n- acc\u00e8s livraison, couloirs, stockage : 52 m\u00b2 ; \n- local inflammables : 7,5 m\u00b2 ; \n- sas pharmacie \u00e0 usage int\u00e9rieur : 22 m\u00b2 ; \n- zone de pr\u00e9paration : 30 m\u00b2 ; \n- bureau pr\u00e9paratrice : 10 m\u00b2 ; \n- bureau pharmacien : 11 m\u00b2 ; \n- local stup\u00e9fiants : 5,5 m\u00b2. \n \nARTICLE 5  \n \nLe temps de pr\u00e9sence du pharmacien charg\u00e9 de la g\u00e9rance de dix demi-journ\u00e9es par \nsemaine est en conformit\u00e9 avec les dispositions de l'article R.5126 -39 du code de la \nsant\u00e9 publique. \nARTICLE 6  Un recours contentieux contre la pr\u00e9sente d\u00e9cision peut \u00eatre form\u00e9 aupr\u00e8s du Tribunal \nadministratif comp\u00e9tent. Le d\u00e9lai de recours est de deux mois \u00e0 compter de la \nnotification de la d\u00e9cision pour les int\u00e9ress\u00e9s ou de sa publication pour les tiers. Cette \njuridiction peut notamment \u00eatre saisie via une requ\u00eate remise ou envoy\u00e9e au greffe du \nTribunal administratif ou aussi par l'application \u00ab  T\u00e9l\u00e9recours \u00bb accessible \u00e0 partir du \nsite www.telerecours.fr.  \nARTICLE 7  Les Directeurs de l'Agence r\u00e9gionale de sant\u00e9 \u00cele-de-France sont charg\u00e9s, chacun en \nce qui les concerne, de l'ex\u00e9cution de la pr\u00e9sente d\u00e9cision, qui sera publi\u00e9e au recueil \ndes actes administratifs de la Pr\u00e9fecture de r\u00e9gion \u00cele-de-France. \n \nFait \u00e0 Saint-Denis, le 23 avril 2025 \n \nLe Directeur g\u00e9n\u00e9ral \nde l'Agence r\u00e9gionale de sant\u00e9  \n\u00cele-de-France \n \nSIGNE \n \nDenis ROBIN \n \nAgence R\u00e9gionale de Sant\u00e9 - IDF-2025-04-23-00012 - D\u00e9cision 2025-027 renouvellement Pharmacie \u00e0 usage int\u00e9rieur Clinique  JEANNE\nARC 16\nAgence R\u00e9gionale de Sant\u00e9\nIDF-2025-04-23-00011\nD\u00e9cision 2025-036 renouvellement pharmacie\nusage int\u00e9rieur Clinique FSEF BOUFFEMONT\nAgence R\u00e9gionale de Sant\u00e9 - IDF-2025-04-23-00011 - D\u00e9cision 2025-036 renouvellement pharmacie usage int\u00e9rieur Clinique FSEF\nBOUFFEMONT 17\nREPUBLIQUEFRANCAISELibert\u00e9Egalit\u00e9Fraternit\u00e9\ne \u00bb Agence R\u00e9gionale de Sant\u00e9Ile-de-France\n \n \n1 / 3 \n \n \n \n \nAGENCE R\u00c9GIONALE DE SANTE \u00ceLE-DE-FRANCE \nD\u00c9CISION N\u00b0 DVSS - QSPHARMBIO - 2025 / 036 \nportant renouvellement de l'autorisation de la pharmacie \u00e0 usage int\u00e9rieur  \nde la clinique FSEF BOUFFEMONT \nLE DIRECTEUR G\u00c9N\u00c9RAL DE L'AGENCE R\u00c9GIONALE DE SANT\u00c9 \u00ceLE-DE-FRANCE \n \n \nVU le code de la sant\u00e9 publique  et notamment les articles L.5126 -1 \u00e0 L.5126 -11 ainsi que les \narticles R.5126-1 \u00e0 R.5126-62 ;  \n \nVU l'ordonnance n\u00b0 2016-1729 en date du 15 d\u00e9cembre 2016 relative aux pharmacies \u00e0 usage \nint\u00e9rieur prise en application de l'article 204 de la loi n\u00b0 2016-41 en date du 26 janvier 2016 de \nmodernisation de notre syst\u00e8me de sant\u00e9 en sa version modifi\u00e9e par l'ordonnance \nn\u00b0 2020- 1407 en date du 18 novembre 2020 relative aux missions des agences r\u00e9gionales de \nsant\u00e9 ; \n \nVU le d\u00e9cret n\u00b0 2019-489 en date du 21 mai 2019 modifi\u00e9 relatif aux pharmacies \u00e0 usage int\u00e9rieur \npris en application de l'ordonnance n\u00b02016-1729, notamment son article 4 ; \n \nVU  l'arr\u00eat\u00e9 en date du 22 juin 2001 relatif aux bonnes pratiques de pharmacie hospitali\u00e8re ; \n \nVU  la d\u00e9cision en date du 21 juillet 2023, prise en application des articles L.5121-1 et L.5121-5 du \ncode de la sant\u00e9 publique, relative aux bonnes pratiques de pr\u00e9paration ; \n \nVU  le d\u00e9cret en date du 10 avril 2024 portant nomination de  Monsieur Denis ROBIN, Direct eur \ng\u00e9n\u00e9ral de l'Agence r\u00e9gionale de sant\u00e9 \u00cele-de-France \u00e0 compter du 29 avril 2024 ;  \n \nVU  l'arr\u00eat\u00e9 pr\u00e9fectoral en date du 30 mai 1960 ayant autoris\u00e9 la cr\u00e9ation d'une pharmacie \u00e0 usage \nint\u00e9rieur sous le n\u00b0 H. 61 au sein de la clinique FSEF Bouff\u00e9mont situ\u00e9e au 5, rue Pasteur \u00e0 \nBouff\u00e9mont (95570) ;  \n  \nVU  la demande d\u00e9pos\u00e9e le 23 septembre 2024 et compl\u00e9t\u00e9e le 29 novembre 2024 par la directrice \nde l'\u00e9tablissement, repr\u00e9sentant l\u00e9gal de la personne morale exploitant l a clinique FSEF \nBouff\u00e9mont, en vue du renouvellement, au titre de  l'article 4 du d\u00e9cret n\u00b0   2019-489 en date \ndu 21 mai 2019 modifi\u00e9 relatif aux pharmacies \u00e0 usage int\u00e9rieur, de l'autorisation de la \npharmacie \u00e0 usage int\u00e9rieur concernant  les missions g\u00e9n\u00e9rales ainsi que les actions de \npharmacie clinique, telles que d\u00e9finies \u00e0 l'article L.5126 -1 du code de la sant\u00e9 publique, afin \nde r\u00e9pondre aux besoins pharmaceutiques des personnes prises en charge et la mission  \nd\u00e9finie \u00e0 l'article L.5126-6 du code de la sant\u00e9 publique concernant la d\u00e9livrance au d\u00e9tail, des \naliments di\u00e9t\u00e9tiques destin\u00e9s \u00e0 des fins m\u00e9dicales sp\u00e9ciales mentionn\u00e9es \u00e0 l'article L.5137-1 ; \n \nVU  la demande d\u00e9pos\u00e9e le 23 septembre 2024 et compl\u00e9t\u00e9e le 29 novembre 2024 par la directrice \nde l'\u00e9tablissement, repr\u00e9sentant l\u00e9gal de la personne morale exploitant l a clinique FSEF \nBouff\u00e9mont, en vue du renouvellement, au titre de l'article 4 du d\u00e9cret n\u00b0 2019-489 en date du \n21 mai 2019 modifi\u00e9 relatif aux pharmacies \u00e0 usage int\u00e9rieur, de l'autorisation de la pharmacie \n\u00e0 usage int\u00e9rieur   et l'activit\u00e9 suivante assur\u00e9e par la pharmacie \u00e0 usage int\u00e9rieur pour son \npropre compte :  \n \nAgence R\u00e9gionale de Sant\u00e9 - IDF-2025-04-23-00011 - D\u00e9cision 2025-036 renouvellement pharmacie usage int\u00e9rieur Clinique FSEF\nBOUFFEMONT 18\n \n2 / 3 \n \n- la pr\u00e9paration de doses \u00e0 administrer de m\u00e9dicaments mentionn\u00e9e \u00e0 l'article \nL.4211- 1  du code de la sant\u00e9 publique ; \n \nVU  le rapport unique d'instruction en date du 4 avril 2025  \u00e9tabli par l'inspecteur des Agences \nr\u00e9gionale de sant\u00e9 ayant la qualit\u00e9 de pharmacien ;  \n \nVU  l'avis favorable du Conseil central de la section H de l'Ordre des pharmaciens, en date du \n14 f\u00e9vrier 2025 ;  \n  \nCONSID\u00c9RANT  \n \n \nLes r\u00e9ponses apport\u00e9es et l'engagement pris par l'\u00e9tablissement \u00e0 la suite du rapport \nunique d'instruction de l'inspecteur des Agences r\u00e9gionale de sant\u00e9 ayant la qualit\u00e9 \nde pharmacien notamment :  \n \n- transmission \u00e0 l'A gence r\u00e9gionale de sant\u00e9  le certificat d'\u00e9talonnage des \nsondes mesurant la temp\u00e9rature ambiante dans les locaux de la pharmacie \n\u00e0 usage int\u00e9rieur ; \n- mise en place de l'habilitation au poste de pr\u00e9paration de doses \u00e0 administrer \nde m\u00e9dicaments pour toute nouvelle prise de poste ; \n- r\u00e9daction de la proc\u00e9dure des non-conformit\u00e9s dans un d\u00e9lai de trois mois ; \n \nCONSID\u00c9RANT que la clinique FSEF Bouff\u00e9mont dispose de locaux, de moyens en personnel, de \nmoyens en \u00e9quipement et d'un syst\u00e8me d'information, conform\u00e9ment aux articles \nR.5126-8 et R.5126 -14 du code de la sant\u00e9 publique , lui permettant d'assurer \nl'ensemble des missions et des activit\u00e9s sollicit\u00e9es ; \n   \n \nDECIDE  \n \n \nARTICLE 1 La pharmacie \u00e0 usage int\u00e9rieur implant\u00e9e au sein de la clinique FSEF Bouff\u00e9mont \n(n\u00b0 FINESS EJ : 750720575 - n\u00b0 FINESS ET : 950150052), situ\u00e9e au 5, rue Pasteur \u00e0 \nBouff\u00e9mont (95570) est autoris\u00e9e \u00e0 exercer les missions et l'activit\u00e9 cit\u00e9e aux articles \nsuivants. \n \nARTICLE 2 La pharmacie \u00e0 usage int\u00e9rieur assurera pour son propre compte, dans la limite du \nrespect des conditions r\u00e8glementaires fix\u00e9es pour leur exercice au regard du statut de \nl'\u00e9tablissement au sein duquel elle est \u00e9tablie les missions g\u00e9n\u00e9rales ainsi que les \nactions de pharmacie clinique, telles que d\u00e9finies \u00e0 l'article L.5126 -1 du code de la \nsant\u00e9 publique, afin de r\u00e9pondre aux besoins pharmaceutiques des personnes prises \nen charge et les missions d\u00e9finies \u00e0 l'article L.5126 -6 du code de la sant\u00e9 publique, \nnotamment, concernant la d\u00e9livrance au d\u00e9tail, des aliments di\u00e9t\u00e9tiques destin\u00e9s \u00e0 des \nfins m\u00e9dicales sp\u00e9ciales mentionn\u00e9es \u00e0 l'article L.5137-1 du code de la sant\u00e9 publique. \n \nARTICLE 3  La pharmacie \u00e0 usage int\u00e9rieur assurera, pour son propre compte l'activit\u00e9 mentionn\u00e9e \naux articles L.5126-4 et R.5126-9 du code de la sant\u00e9 publique :  \n- la pr\u00e9paration manuelle de doses \u00e0 administrer de m\u00e9dicaments mentionn\u00e9s \n\u00e0 l'article L. 4211-1 du m\u00eame code : \n\u2981 type de doses pr\u00e9par\u00e9es : pilulier individuel nominatif bimensuel ; \n\u2981 op\u00e9rations r\u00e9alis\u00e9es : sur\u00e9tiquetage des blisters de m\u00e9dicaments non \npr\u00e9sent\u00e9s en conditionnement unitaire. \n \n \nAgence R\u00e9gionale de Sant\u00e9 - IDF-2025-04-23-00011 - D\u00e9cision 2025-036 renouvellement pharmacie usage int\u00e9rieur Clinique FSEF\nBOUFFEMONT 19\n \n3 / 3 \n \nARTICLE 4 La pharmacie \u00e0 usage int\u00e9rieur est install\u00e9e dans des locaux d'une superficie totale \nde 155.26 m\u00b2, comprenant :  \n \n- local de livraison, r\u00e9ception, quarantaine et stockage des dispositifs m\u00e9dicaux \navec bureaux pharmacien et pr\u00e9parateur et guichet : 57.57 m\u00b2 ; \n- zone de stockage des m\u00e9dicaments , des dispositifs m\u00e9dicaux st\u00e9riles et non \nst\u00e9riles et des aliments di\u00e9t\u00e9tiques destin\u00e9es \u00e0 des fins m\u00e9dicales : 83.92 m\u00b2 ; \n- zone de stockage des DASRI : 3.59 m\u00b2 ; \n- local de stockage des m\u00e9dicaments stup\u00e9fiants : 4.18 m\u00b2 ; \n- local de stockage des fluides m\u00e9dicaux : 6 m\u00b2. \n \n \nARTICLE 5  \n \nLe temps de pr\u00e9sence du pharmacien charg\u00e9 de la g\u00e9rance de dix demi-journ\u00e9es par \nsemaine est en conformit\u00e9 avec les dispositions de l'article R.5126 -39 du code de la \nsant\u00e9 publique. \n \n \nARTICLE 6  Un recours contentieux contre la pr\u00e9sente d\u00e9cision peut \u00eatre form\u00e9 aupr\u00e8s du Tribunal \nadministratif comp\u00e9tent. Le d\u00e9lai de recours est de deux mois \u00e0 compter de la \nnotification de la d\u00e9cision pour les int\u00e9ress\u00e9s ou de sa publication pour les tiers. Cette \njuridiction peut notamment \u00eatre saisie via une requ\u00eate remise ou envoy\u00e9e au greffe du \nTribunal administratif ou aussi par l'application \u00ab  T\u00e9l\u00e9recours \u00bb accessible \u00e0 partir du \nsite www.telerecours.fr.  \nARTICLE 7  Les Directeurs de l'Agence r\u00e9gionale de sant\u00e9 \u00cele-de-France sont charg\u00e9s, chacun en \nce qui les concerne, de l'ex\u00e9cution de la pr\u00e9sente d\u00e9cision, qui sera publi\u00e9e au recueil \ndes actes administratifs de la Pr\u00e9fecture de r\u00e9gion \u00cele-de-France. \n \nFait \u00e0 Saint-Denis, le 23 avril 2025 \n \nLe Directeur g\u00e9n\u00e9ral \nde l'Agence r\u00e9gionale de sant\u00e9  \n\u00cele-de-France \n \nSIGNE \n \nDenis ROBIN \n \nAgence R\u00e9gionale de Sant\u00e9 - IDF-2025-04-23-00011 - D\u00e9cision 2025-036 renouvellement pharmacie usage int\u00e9rieur Clinique FSEF\nBOUFFEMONT 20\nAgence R\u00e9gionale de Sant\u00e9\nIDF-2025-04-23-00008\nD\u00e9cision 2025/038 portant renouvellement\npharmacie \u00e0 suage int\u00e9rieur LIONEL VIDART\nAgence R\u00e9gionale de Sant\u00e9 - IDF-2025-04-23-00008 - D\u00e9cision 2025/038 portant renouvellement pharmacie \u00e0 suage int\u00e9rieur LIONEL\nVIDART 21\nREPUBLIQUEFRANCAISELibert\u00e9Egalit\u00e9Fraternit\u00e9\ne \u00bb Agence R\u00e9gionale de Sant\u00e9Ile-de-France\n \n \n1 / 3 \n \n \nAGENCE R\u00c9GIONALE DE SANTE \u00ceLE-DE-FRANCE \nD\u00c9CISION N\u00b0 DVSS - QSPHARMBIO - 2025 / 038 \nportant renouvellement de l'autorisation de la pharmacie \u00e0 usage int\u00e9rieur  \nde l'h\u00f4pital de jour Lionel Vidart L\u00e9opold Bellan \nLE DIRECTEUR G\u00c9N\u00c9RAL DE L'AGENCE R\u00c9GIONALE DE SANT\u00c9 \u00ceLE-DE-FRANCE \n \nVU le code de la sant\u00e9 publique  et notamment les articles L.5126 -1 \u00e0 L.5126 -11 ainsi que les \narticles R.5126-1 \u00e0 R.5126-62 ;  \n \nVU l'ordonnance n\u00b0 2016-1729 en date du 15 d\u00e9cembre 2016 relative aux pharmacies \u00e0 usage \nint\u00e9rieur prise en application de l'article 204 de la loi n\u00b0 2016-41 en date du 26 janvier 2016 de \nmodernisation de notre syst\u00e8me de sant\u00e9 en sa version modifi\u00e9e par l'ordonnance \nn\u00b0 2020- 1407 en date du 18 novembre 2020 relative aux missions des agences r\u00e9gionales de \nsant\u00e9 ; \n \nVU le d\u00e9cret n\u00b0 2019-489 en date du 21 mai 2019 modifi\u00e9 relatif aux pharmacies \u00e0 usage int\u00e9rieur \npris en application de l'ordonnance n\u00b02016-1729, notamment son article 4 ; \n \nVU  l'arr\u00eat\u00e9 en date du 22 juin 2001 relatif aux bonnes pratiques de pharmacie hospitali\u00e8re ; \n \nVU  la d\u00e9cision en date du 21 juillet 2023, prise en application des articles L.5121-1 et L.5121-5 du \ncode de la sant\u00e9 publique, relative aux bonnes pratiques de pr\u00e9paration ; \n \nVU  le d\u00e9cret en date du 10 avril 2024 portant nomination de  Monsieur Denis ROBIN, Direct eur \ng\u00e9n\u00e9ral de l'Agence r\u00e9gionale de sant\u00e9 \u00cele-de-France \u00e0 compter du 29 avril 2024 ;  \n \nVU  l'arr\u00eat\u00e9 pr\u00e9fectoral n\u00b0 2001/4626 en date du 26 novembre 2001 ayant autoris\u00e9 la cr\u00e9ation d'une \npharmacie \u00e0 usage int\u00e9rieur sous le n\u00b0 H 267 au sein de de l'h\u00f4pital de jour Lionel Vidart \nL\u00e9opold Bellan situ\u00e9 au 26, rue du G\u00e9n\u00e9ral Sarrail \u2013 BP 115 \u00e0 Cr\u00e9teil cedex (94000) ;  \n  \nVU  la demande d\u00e9pos\u00e9e le 30 septembre 2024 et compl\u00e9t\u00e9 e le 16 octobre 2024  par le directeur \nde l'\u00e9tablissement, repr\u00e9sentant l\u00e9gal de la personne morale exploitant l' h\u00f4pital de jour Lionel \nVidart L\u00e9opold Bellan, en vue du renouvellement, au titre de  l'article 4 du d\u00e9cret n\u00b0 2019-489 \nen date du 21 mai 2019 modifi\u00e9 relatif aux pharmacies \u00e0 usage int\u00e9rieur, de l'autorisation de la \npharmacie \u00e0 usage int\u00e9rieur concernant  les missions g\u00e9n\u00e9rales ainsi que les actions de \npharmacie clinique, telles que d\u00e9finies \u00e0 l'article L.5126 -1 du code de la sant\u00e9 publique, afin \nde r\u00e9pondre aux besoins pharmaceutiques des personnes prises en charge ;   \n \nVU  la demande d\u00e9pos\u00e9e le 30 septembre 2024 et compl\u00e9t\u00e9e le 16 octobre 2024  par le directeur \nde l'\u00e9tablissement, repr\u00e9sentant l\u00e9gal de la personne morale exploitant l'h\u00f4pital de jour Lionel \nVidart L\u00e9opold Bellan, en vue du renouvellement, au titre de l'article 4 du d\u00e9cret n\u00b0  2019-489 \nen date du 21 mai 2019 modifi\u00e9 relatif aux pharmacies \u00e0 usage int\u00e9rieur, concernant l'activit\u00e9 \nsuivante assur\u00e9e par la pharmacie \u00e0 usage int\u00e9rieur :  \n \n- la pr\u00e9paration manuelle des doses \u00e0 administrer de m\u00e9dicaments ; \n \nVU  le rapport d'instruction en date du 23 d\u00e9cembre 2024  et la conclusion d\u00e9finitive en date du \n27 mars 2025 \u00e9tablis par le pharmacien inspecteur de sant\u00e9 publique ;  \n \nAgence R\u00e9gionale de Sant\u00e9 - IDF-2025-04-23-00008 - D\u00e9cision 2025/038 portant renouvellement pharmacie \u00e0 suage int\u00e9rieur LIONEL\nVIDART 22\n \n2 / 3 \n \nVU  l'avis favorable du Conseil central de la section H de l'Ordre des pharmaciens, en date du \n9 d\u00e9cembre 2024 ;  \n  \nCONSID\u00c9RANT  \n \n \nles r\u00e9ponses apport\u00e9es et les engagements pris par l'\u00e9tablissement \u00e0 la suite du  \nrapport d'instruction du pharmacien inspecteur de sant\u00e9 publique notamment :  \n \n- l'achat d'une armoire de stockage de produits inflammables d'ici fin 2025 \u00e0 \nd\u00e9but 2026 ; \n- la mise en \u0153uvre du  plan d'action \u00e9tabli pour r\u00e9organiser et compl\u00e9ter le \nsyst\u00e8me documentaire qualit\u00e9 de la pharmacie \u00e0 usage int\u00e9rieur , d'ici fin \n2025 \u00e0 d\u00e9but 2026 ; \n- la transmission des  premiers \u00e9l\u00e9ments concernant la future pharmacie \u00e0 \nusage int\u00e9rieur en vue du transfert vers Combs-la-Ville (77) :  \no la future pharmacie \u00e0 usage int\u00e9rieur  b\u00e9n\u00e9ficiera notamment d'une \nsurface plus grande, d'un sas r\u00e9ception/d\u00e9cartonnage et sa \nconception devra r\u00e9pondra aux exigences des Bonnes Pratiques de \nPharmacie Hospitali\u00e8re ; \no une enceinte r\u00e9frig\u00e9r\u00e9e sera install\u00e9e dans les futurs locaux de la \npharmacie \u00e0 usage int\u00e9rieur  (\u00e9quip\u00e9e de deux sondes \u00e9talonn\u00e9es \nr\u00e9guli\u00e8rement) ; \n  \nCONSID\u00c9RANT que l'h\u00f4pital de jour Lionel Vidart L\u00e9opold Bellan dispose de locaux, de moyens en \npersonnel, de moyens en \u00e9quipement et d'un syst\u00e8me d'information, conform\u00e9ment \naux articles R.5126 -8 et R.5126 -14 du code de la sant\u00e9 publique , lui permettant \nd'assurer l'ensemble des missions et des activit\u00e9s sollicit\u00e9es ; \n   \n \nDECIDE \n  \n \nARTICLE 1 La pharmacie \u00e0 usage int\u00e9rieur implant\u00e9e a u sein de l'h\u00f4pital de jou r Lionel Vidart \nL\u00e9opold Bellan (n\u00b0 FINESS EJ : 750720609 - n\u00b0 FINESS ET  : 940170012), situ\u00e9 au \n26, rue du G\u00e9n\u00e9ral Sarrail \u00e0 Cr\u00e9teil Cedex (94000), est autoris\u00e9e \u00e0 exercer les missions \net l'activit\u00e9 cit\u00e9es aux articles suivants. \n  \nARTICLE 2  La pharmacie \u00e0 usage int\u00e9rieur assurera pour son propre compte, dans la limite du \nrespect des conditions r\u00e8glementaires fix\u00e9es pour leur exercice au regard du statut de \nl'\u00e9tablissement au sein duquel elle est \u00e9tablie, les missions g\u00e9n\u00e9rales ainsi que les \nactions de pharmacie clinique, telles que d\u00e9finies \u00e0 l'article L.5126 -1 du code de la \nsant\u00e9 publique, afin de r\u00e9pondre aux besoins pharmaceutiques des personnes prises \nen charge. \n \nARTICLE 3 La pharmacie  \u00e0 usage int\u00e9rieur  assurera, pour son propre compte les activit\u00e9s \nmentionn\u00e9es aux articles L.5126-4 et R.5126-9 du code de la sant\u00e9 publique :  \n- la pr\u00e9paration  de doses \u00e0 administrer de m\u00e9dicaments mentionn\u00e9s \u00e0 l'article  L. \n4211-1 du m\u00eame code : \no proc\u00e9d\u00e9 de pr\u00e9paration des doses \u00e0 administrer : manuelle ; \no type de doses pr\u00e9par\u00e9es : doses unitaires, doses nominatives sous forme de \npiluliers (orales s\u00e8ches, ampoules buvables, per os) ; \no op\u00e9rations r\u00e9alis\u00e9es : sur\u00e9tiquetage des blisters de m\u00e9dicaments non \npr\u00e9sent\u00e9s en conditionnement unitaire. \n \n \n \nAgence R\u00e9gionale de Sant\u00e9 - IDF-2025-04-23-00008 - D\u00e9cision 2025/038 portant renouvellement pharmacie \u00e0 suage int\u00e9rieur LIONEL\nVIDART 23\n \n3 / 3 \n \nARTICLE 4  La pharmacie \u00e0 usage int\u00e9rieur est install\u00e9e dans un local unique d'une superficie totale \nde 21 m\u00b2. \nARTICLE 5 \n \nLe temps de pr\u00e9sence du pharmacien charg\u00e9 de la g\u00e9rance cinq demi-journ\u00e9es par \nsemaine est en conformit\u00e9 avec les dispositions de l'article R.5126 -39 du code de la \nsant\u00e9 publique \nARTICLE 6  Un recours contentieux contre la pr\u00e9sente d\u00e9cision peut \u00eatre form\u00e9 aupr\u00e8s du Tribunal \nadministratif comp\u00e9tent. Le d\u00e9lai de recours est de deux mois \u00e0 compter de la \nnotification de la d\u00e9cision pour les int\u00e9ress\u00e9s ou de sa publication pour les tiers. Cette \njuridiction peut notamment \u00eatre saisie via une requ\u00eate remise ou envoy\u00e9e au greffe du \nTribunal administratif ou aussi par l'application \u00ab  T\u00e9l\u00e9recours \u00bb accessible \u00e0 partir du \nsite www.telerecours.fr.  \nARTICLE 7  Les Directeurs de l'Agence r\u00e9gionale de sant\u00e9 \u00cele-de-France sont charg\u00e9s, chacun en \nce qui les concerne, de l'ex\u00e9cution de la pr\u00e9sente d\u00e9cision, qui sera publi\u00e9e au recueil \ndes actes administratifs de la Pr\u00e9fecture de r\u00e9gion \u00cele-de-France. \n \nFait \u00e0 Saint-Denis, le 23 avril 2025 \n \nLe Directeur g\u00e9n\u00e9ral \nde l'Agence r\u00e9gionale de sant\u00e9  \n\u00cele-de-France \n \nSIGNE \n \nDenis ROBIN \n \nAgence R\u00e9gionale de Sant\u00e9 - IDF-2025-04-23-00008 - D\u00e9cision 2025/038 portant renouvellement pharmacie \u00e0 suage int\u00e9rieur LIONEL\nVIDART 24\nAgence R\u00e9gionale de Sant\u00e9\nIDF-2025-04-23-00009\nD\u00e9cision n\u00b0 DVSS - QSPHARMBIO - 2025/031\nportant modification de l'autorisation de la\npharmacie \u00e0 usage int\u00e9rieur multisites de\nl'h\u00f4pital Bichat-Claude Bernard - h\u00f4pital\nBretonneau de l'AP-HP\nAgence R\u00e9gionale de Sant\u00e9 - IDF-2025-04-23-00009 - D\u00e9cision n\u00b0 DVSS - QSPHARMBIO - 2025/031\nportant modification de l'autorisation de la pharmacie \u00e0 usage int\u00e9rieur multisites de l'h\u00f4pital Bichat-Claude Bernard - h\u00f4pital\nBretonneau de l'AP-HP\n25\nREPUBLIQUEFRANCAISELibert\u00e9Egalit\u00e9Fraternit\u00e9AT@ D Agence R\u00e9gionale de Sant\u00e9lle-de-France\n \n \nAGENCE REGIONALE DE SANTE ILE-DE-FRANCE \nDECISION n\u00b0 DVSS - QSPHARMBIO - 2025/031 \nportant modification de l'autorisation de la pharmacie \u00e0 usage int\u00e9rieur \nmultisites de l'h\u00f4pital Bichat-Claude Bernard \u2013 h\u00f4pital Bretonneau de l'AP-HP \n \nLE DIRECTEUR GENERAL DE L'AGENCE REGIONALE DE SANTE ILE-DE-FRANCE \n \n \nVU le code de la sant\u00e9 publique  et notamment les articles L.5126 -1 \u00e0 L.5126 -11 ainsi que les \narticles R. 5126-1 \u00e0 R. 5126-62 ; \nVU l'arr\u00eat\u00e9 en date du 22 juin 2001 relatif aux bonnes pratiques de pharmacie hospitali\u00e8re ; \nVU la d\u00e9cision en date du 21 juillet 2023, prise en application des articles L.5121 -1 et L.5121-5 \ndu code de la sant\u00e9 publique, relative aux bonnes pratiques de pr\u00e9paration  ; \nVU le d\u00e9cret en date du 10 avril 2024 portant nomination de Monsieur Denis ROBIN, Directeur \ng\u00e9n\u00e9ral de l'Agence r\u00e9gionale de sant\u00e9 \u00cele-de-France \u00e0 compter du 29 avril 2024 ; \nVU la d\u00e9cision n\u00b0 DVSS \u2013 QspharMBio \u2013 2024/004 en date du 2 juillet 2024 portant \nrenouvellement de l'autorisation de la pharmacie \u00e0 usage int\u00e9rieur  ; \nVU la demande d\u00e9pos\u00e9e le 2 octobre 2024 par le directeur de l'h\u00f4pital Bichat-Claude Bernard \u2013 \nh\u00f4pital Bretonneau de l' AP-HP, en vue de modifier les \u00e9l\u00e9ments figurant dans l'autorisation \ninitiale de la pharmacie \u00e0 usage int\u00e9rieur multisite au sein de l'h\u00f4pital Bichat-Claude Bernard \nh\u00f4pital Bretonneau AP-HP situ\u00e9 au 46, rue Henri Huchard \u00e0 Paris (75018) ; \nVU le rapport d' instruction en date du 2 d\u00e9cembre 2024  et sa conclusion d\u00e9finitive en date du \n25  mars 2025, \u00e9tablis par le pharmacien inspecteur de sant\u00e9 publique ; \nVU l'avis favorable du Conseil central de la section H de l'Ordre des pharmaciens en date du \n8 d\u00e9cembre 2024 ; \nCONSIDERANT que les modifications des \u00e9l\u00e9ments de l'autorisation initiale de la pharmacie \u00e0 \nusage int\u00e9rieur sollicit\u00e9es sont consid\u00e9r\u00e9es comme substantielles , au titre de \nl'article R. 5126 -32 du code de la sant\u00e9 publique  et consist ent \u00e0 cr\u00e9er  une \nnouvelle unit\u00e9 de  pr\u00e9paration de s m\u00e9dicaments exp\u00e9rimentaux st\u00e9riles  \ncomportant deux zones d'atmosph\u00e8re contr\u00f4l\u00e9e  : une zone d\u00e9di\u00e9e \u00e0 la \nreconstitution de m\u00e9dicaments de th\u00e9rapie innovante exp\u00e9rimentaux st\u00e9riles et \nune zone d\u00e9di\u00e9e \u00e0 la pr\u00e9paration de m\u00e9dicaments exp\u00e9rimentaux chimiques \nst\u00e9riles non canc\u00e9rig\u00e8ne, mutag\u00e8ne, reprotoxique ; \nCONSIDERANT la demande de modification substantielle des \u00e9l\u00e9ments de l'autorisation de la \npharmacie \u00e0 usage int\u00e9rieur consistant \u00e0 ajouter deux nouvelles activit\u00e9s \u00e0 \nrisque : \n- la reconstitution des m\u00e9dicaments exp\u00e9rimentaux de th\u00e9rapie innovante, \nsous forme st\u00e9rile ; \n- la mise sous forme appropri\u00e9e, en vue de leur administration, des \nm\u00e9dicaments de th\u00e9rapie innovante pr\u00e9par\u00e9s ponctuellement \nexp\u00e9rimentaux ; \nAgence R\u00e9gionale de Sant\u00e9 - IDF-2025-04-23-00009 - D\u00e9cision n\u00b0 DVSS - QSPHARMBIO - 2025/031\nportant modification de l'autorisation de la pharmacie \u00e0 usage int\u00e9rieur multisites de l'h\u00f4pital Bichat-Claude Bernard - h\u00f4pital\nBretonneau de l'AP-HP\n26\n  \nCONSIDERANT que l'activit\u00e9 de reconstitution des m\u00e9dicaments exp\u00e9riment aux de th\u00e9rapie \ninnovante sous forme st\u00e9rile est une activit\u00e9 comportant des risques particuliers \nau sens du 3\u00b0 de l'article R. 5126-33 du code de la sant\u00e9 publique ; \nCONSIDERANT l'absence de mise en \u0153uvre des conditions r\u00e9glementaires pour l'octroi d'une \nautorisation d'activit\u00e9 de mise sous forme appropri\u00e9e, en vue de leur \nadministration, des m\u00e9dicaments de th\u00e9rapie innovante pr\u00e9par\u00e9s \nponctuellement y compris exp\u00e9rimentaux, conform\u00e9ment \u00e0 la notice ou au \nprotocole de recherche impliquant la personne humaine : absence au sein de \nl'\u00e9tablissement d'organisme exer\u00e7ant des activit\u00e9s portant sur les m\u00e9dicaments \nde th\u00e9rapie innovante pr\u00e9par\u00e9s ponctuellement, autoris\u00e9 par l'Agence nationale \nde s\u00e9curit\u00e9 du m\u00e9dicament et des produits de sant\u00e9 ; \nDECIDE \n \nARTICLE 1 \n \n \n \n \n \n \n \n \n \n \n \n \n \n \n \n \n \nARTICLE 2 \nEst autoris\u00e9e la modification des \u00e9l\u00e9ments de l'autorisation initiale de la \npharmacie \u00e0 usage int\u00e9rieur d u Groupe Hospitalo -Universitaire AP -HP Nord - \nUniversit\u00e9 Paris Cit\u00e9 concernant les deux \u00e9tablissements suivants : \n \n- h\u00f4pital Bichat Claude -Bernard (n\u00b0  FINESS  EJ :  750712184 et \nn\u00b0  FINESS  ET : 750100232) sis 46, rue Henri Huchard \u00e0 Paris 75018 ; \n- h\u00f4pital Bretonneau (n\u00b0 FINESS EJ  : 750712184 \u2013 \nn\u00b0 FINESS ET : 750041543) si s 23, rue Joseph de Maistre \u00e0 \nParis 75018  \n \nconsistant \u00e0 cr\u00e9er une nouvelle unit\u00e9 de pr\u00e9paration des m\u00e9dicaments \nexp\u00e9rimentaux st\u00e9riles comportant deux zones d'atmosph\u00e8re contr\u00f4l\u00e9e : une \nzone d\u00e9di\u00e9e \u00e0 la reconstitution de m\u00e9dicaments de th\u00e9rapie innovante \nexp\u00e9rimentaux st\u00e9riles et une zone d\u00e9di\u00e9e \u00e0 la pr\u00e9paration de m\u00e9dicaments \nexp\u00e9rimentaux chimiques st\u00e9riles non canc\u00e9rig\u00e8ne, mutag\u00e8ne, reprotoxique  et \nd'exercer l'activit\u00e9 de reconstitution des m\u00e9dicaments exp\u00e9rimentaux de \nth\u00e9rapie innovante. \n \nL'autorisation sollicit\u00e9e pour l'activit\u00e9 de mise sous forme appropri\u00e9e, en vue de \nleur administration, des m\u00e9dicaments de th\u00e9rapie innovante pr\u00e9par\u00e9s \nponctuellement exp\u00e9rimentaux conform\u00e9ment au protocole de recherche \nimpliquant la personne humaine est refus\u00e9e. \n \nARTICLE 3 La pharmacie \u00e0 usage int\u00e9rieur est i mplant\u00e9e dans des locaux d'une superficie \ntotale de 2415,67 m\u00b2, tels que d\u00e9crits dans le dossier de la demande :  \n \nsite Bretonneau : locaux inchang\u00e9s : 270,58 m\u00b2 : \n- au rez-de-chauss\u00e9e/sous-sol :  \n\u2022 locaux principaux de la pharmacie \u00e0 usage int\u00e9rieur : 79.05 m\u00b2 ; \n- au rez-de-chauss\u00e9e \u00e0 l'ext\u00e9rieur du b\u00e2timent : \n\u2022 locaux des fluides : 20.10 m\u00b2 ; \n\u2022 locaux des inflammables : 2 m\u00b2 ; \n \nAgence R\u00e9gionale de Sant\u00e9 - IDF-2025-04-23-00009 - D\u00e9cision n\u00b0 DVSS - QSPHARMBIO - 2025/031\nportant modification de l'autorisation de la pharmacie \u00e0 usage int\u00e9rieur multisites de l'h\u00f4pital Bichat-Claude Bernard - h\u00f4pital\nBretonneau de l'AP-HP\n27\n  \n- au rez-de-chauss\u00e9e du b\u00e2timent principal :  \n\u2022 stockage des dispositifs m\u00e9dicaux st\u00e9riles : 23.11 m\u00b2 ; \n\u2022 locaux des solut\u00e9s : 5,86 m\u00b2 ; \n\u2022 locaux de pr\u00e9paration des doses \u00e0 administrer : 25.08 m\u00b2 ; \n\u2022 locaux de l'activit\u00e9 de pr\u00e9paration des dispositifs m\u00e9dicaux \nst\u00e9riles : 115,38 m\u00b2 ; \nSite Bichat Claude-Bernard : 2145,09 m\u00b2 : \n- au deuxi\u00e8me sous-sol du b\u00e2timent La Tour : \n\u2022 locaux de la pharmacie \u00e0 usage int\u00e9rieur : 737.09 m\u00b2 ; \n\u2022 locaux des inflammables : 44.74 m\u00b2 ; \n\u2022 locaux des solut\u00e9s : 76.63 m\u00b2 ; \n\u2022 locaux de la vente de m\u00e9dicaments au public : 49.58 m\u00b2 ; \n\u2022 locaux de l'activit\u00e9 de  pr\u00e9paration des doses \u00e0 administrer  : \n5.04 m\u00b2 ; \n\u2022 locaux de l'activit\u00e9 de pr\u00e9paration des dispositifs m\u00e9dicaux \nst\u00e9riles : 398.9 m\u00b2 ; \n\u2022 locaux de la salle blanche : 26.59 m\u00b2 ; \n\u2022 locaux de  stockage des dispositifs m\u00e9dicaux st\u00e9riles  : \n619.8 m\u00b2 ;   \n\u2022 nouveau locaux d'activit\u00e9 de pr\u00e9paration des m\u00e9dicaments de \nth\u00e9rapie innovante : 64,90 m\u00b2 :  \no bureau : 10.07 m\u00b2 \no circulation / couloir : 11.9m\u00b2 et 3.1 m\u00b2 ; \no r\u00e9serve mat\u00e9riel (d'appoint) : 4.3 m\u00b2 ; \no sanitaire : 1.5 m\u00b2 ; \no local m\u00e9nage NC : 1.8 m\u00b2 ; \no vestiaire : 6.2 m\u00b2 ; \no sas personnel : 5.8 m\u00b2 ; \no zone de pr\u00e9paration \u00ab  hors m\u00e9dicaments de th\u00e9rapie \ninnovante \u00bb : 7.3 m\u00b2 ; \no sas interm\u00e9diaire : 2.5 m\u00b2 ; \no zone de pr\u00e9paration \u00ab  m\u00e9dicament de th\u00e9rapie \ninnovante \u00bb : 7.3 m\u00b2 ; \no local d\u00e9chets : 2.5 m\u00b2 ; \n \n- au sous-sol du b\u00e2timent principal :  \n\u2022 locaux des fluides :  27.96  m\u00b2 ; \n- au premier \u00e9tage du b\u00e2timent La Tour : \n\u2022 antenne pharmaceutique : 11.26 m\u00b2 ; \n- au deuxi\u00e8me \u00e9tage du b\u00e2timent La Tour : \n\u2022 locaux 1 de l'activit\u00e9 de pr\u00e9paration des m\u00e9dicaments \nradiopharmaceutiques : 60.6 m\u00b2 ; \nAgence R\u00e9gionale de Sant\u00e9 - IDF-2025-04-23-00009 - D\u00e9cision n\u00b0 DVSS - QSPHARMBIO - 2025/031\nportant modification de l'autorisation de la pharmacie \u00e0 usage int\u00e9rieur multisites de l'h\u00f4pital Bichat-Claude Bernard - h\u00f4pital\nBretonneau de l'AP-HP\n28\n  \n\u2022 au rez-de-chauss\u00e9e du b\u00e2timent Orph\u00e9e :  \n\u2022 locaux 2 de l'activit\u00e9 de pr\u00e9paration des m\u00e9dicaments \nradiopharmaceutiques 22 m\u00b2. \nARTICLE 4 Le temps de pr\u00e9sence du pharmacien charg\u00e9 de la g\u00e9rance, de dix demi-\njourn\u00e9es par semaine, est en conformit\u00e9 avec les dispositions de l'article R. 5126-\n39 du code de la sant\u00e9 publique. \nARTICLE 5 Toute modification substantielle des \u00e9l\u00e9ments de l'autorisation devra faire l'objet \nd'une demande pr\u00e9alable de modification de cette autorisation aupr\u00e8s du \nDirecteur g\u00e9n\u00e9ral de l'Agence r\u00e9gionale Ile -de-France. Toute autre modification \ndevra faire l'objet d'une d\u00e9claration simple pr\u00e9alable. \nARTICLE 6 Un recours contentieux contre la pr\u00e9sente d\u00e9cision peut \u00eatre form\u00e9 aupr\u00e8s du \nTribunal administratif comp\u00e9tent. Le d\u00e9lai de recours est de deux mois \u00e0 \ncompter de la notification de la d\u00e9cision pour les int\u00e9ress\u00e9s ou de sa publication \npour les tiers. Cette juridiction peut notamment \u00eatre saisie via une requ\u00eate \nremise ou envoy\u00e9e au greffe du Tribunal administratif ou aussi par l'application \n\u00ab T\u00e9l\u00e9recours \u00bb accessible \u00e0 partir du site www.telerecours.fr. \nARTICLE 7 Les directeurs de l'Agence r\u00e9gionale de sant\u00e9 Ile -de-France sont charg\u00e9s, \nchacun en ce qui les concerne, de l'ex\u00e9cution de la pr\u00e9sente d\u00e9cision, qui sera \npubli\u00e9e au recueil des actes administratifs de la pr\u00e9fecture de la r\u00e9gion Ile -de-\nFrance. \n \nFait \u00e0 Saint-Denis, le 23 avril 2025 \n \nLe Directeur g\u00e9n\u00e9ral \nde l'Agence r\u00e9gionale de sant\u00e9  \nIle-de-France \n \nSIGNE \n \nDenis ROBIN \nAgence R\u00e9gionale de Sant\u00e9 - IDF-2025-04-23-00009 - D\u00e9cision n\u00b0 DVSS - QSPHARMBIO - 2025/031\nportant modification de l'autorisation de la pharmacie \u00e0 usage int\u00e9rieur multisites de l'h\u00f4pital Bichat-Claude Bernard - h\u00f4pital\nBretonneau de l'AP-HP\n29\nDirection r\u00e9gionale et interd\u00e9partementale de\nl'\u00e9conomie, de l'emploi, du travail et des\nsolidarit\u00e9s d'\u00cele-de-France\nIDF-2025-04-29-00002\nD\u00e9cision d'agr\u00e9ment de l'organisme de\nformation AB CSE FORMATION pour dispenser\naux membres \u00e9lus du CSE la formation \n\u00e9conomique pr\u00e9vue par l'article L.2315-63 du\ncode du travail\nDirection r\u00e9gionale et interd\u00e9partementale de l'\u00e9conomie, de l'emploi, du travail et des solidarit\u00e9s d'\u00cele-de-France -\nIDF-2025-04-29-00002 - D\u00e9cision d'agr\u00e9ment de l'organisme de formation AB CSE FORMATION pour dispenser aux membres \u00e9lus du\nCSE la formation  \u00e9conomique pr\u00e9vue par l'article L.2315-63 du code du travail\n30\n|PREFET .DE LA REGION\u00ceLE-DE-FRANCELibert\u00e9Egalit\u00e9Fraternit\u00e9\n Direction r\u00e9gionale et interd\u00e9partementale \nde l'\u00e9conomie, de l'emploi, \ndu travail et des solidarit\u00e9s \n \n \n \n \nDRIEETS d'\u00cele-de-France \n21 rue Madeleine  Vionnet \n93300 AUBERVILLIERS \n \n \nARR\u00caT\u00c9 N\u00b0 2025-173 \n \nPORTANT AGR\u00c9MENT D'UN ORGANISME POUR LA FORMATION \u00c9CONOMIQUE  \nDES REPRESENTANTS DU PERSONNEL AU COMIT\u00c9 SOCIAL ET \u00c9CONOMIQUE (CSE) \n \nLE PR\u00c9FET DE LA R\u00c9GION D'\u00ceLE-DE-FRANCE,  \nPR\u00c9FET DE PARIS,  \nCOMMANDEUR DE LA L\u00c9GION D'HONNEUR \nOFFICIER DE L'ORDRE NATIONAL DU M\u00c9RITE \n \n \nVu le code du travail et notamment ses articles L. 2315-17 et L. 2315-63 relatifs \u00e0 la formation \u00e9conomique \ndes repr\u00e9sentants du personnel au comit\u00e9 social et \u00e9conomique ; \n \nVu l'arr\u00eat\u00e9 IDF-2025-04-04-00007 du 4 avril 2025 de Monsieur Marc Guillaume, Pr\u00e9fet de la r\u00e9gion d'Ile de \nFrance, Pr\u00e9fet de Paris, portant d\u00e9l\u00e9gation de signature \u00e0 Monsieur Marc R ohfritsch, Directeur r\u00e9gional et \ninterd\u00e9partemental de l'\u00c9conomie, de l'Emploi, du Travail et des Solidarit\u00e9s d' \u00cele-de-France (DRIEETS) par \nint\u00e9rim en mati\u00e8re administrative ; \n \nVu la d\u00e9cision n\u00b0 2025 -056 du 9 avril 2025 portant subd\u00e9l\u00e9gation de signature de Monsieur Marc \nRohfritsch, Directeur r\u00e9gional et interd\u00e9partemental de l'\u00c9conomie, de l'Emploi, du Travail et des \nSolidarit\u00e9s d'\u00cele-de-France par int\u00e9rim, aux agents de l'unit\u00e9 r\u00e9gional; \n \nVu la demande pr\u00e9sent\u00e9e le 12 novembre 2024 par la S.A.S.U. \u00ab AB CSE FORMATION \u00bb, soci\u00e9t\u00e9 enregistr\u00e9e \ncomme organisme de formation sous le n\u00b0 11922641192 aupr\u00e8s de la DRIEETS d'\u00cele-de-France, en vue d'\u00eatre \nautoris\u00e9e \u00e0 dispenser aux repr\u00e9sentants du personnel des comit\u00e9s so ciaux et \u00e9conomiques la formation \n\u00e9conomique pr\u00e9vue par l'article L.2315-63 du code du travail ; \n \nVu la consultation et l'avis favorable \u00e9mis le  25 avril 2025 par le Comit\u00e9 R\u00e9gional de l' Emploi, de la \nFormation et de l'Orientation Professionnelle (CREFOP) d'\u00cele-de-France ;  \n \nConsid\u00e9rant que l'instruction de la demande atteste de la capacit\u00e9 de l'organisme demandeur \u00e0 dispenser \naux repr\u00e9sentants du personnel des comit\u00e9s sociaux et \u00e9conomiques la formation \u00e9conomique pr\u00e9vue par \nl'article L.2315-63 du Code du travail conform\u00e9ment \u00e0 la r\u00e9glementation en vigueur ;  \n \nARR\u00caTE \n \nArticle 1er :  L'agr\u00e9ment pr\u00e9 fectoral requis pour dispenser aux repr\u00e9sentants du personnel des Comit\u00e9s \nSociaux et Economiques (CSE) la formation \u00e9conomique pr\u00e9vue par l'article L.2315-63 du code du travail \nest accord\u00e9 \u00e0 l'organisme de formation suivant :  \n \n \nAB CSE FORMATION \n(num\u00e9ro de d\u00e9claration : 11922641192) \n7 SQUARE DES TILLEULS \n92360 MEUDON \nDirection r\u00e9gionale et interd\u00e9partementale de l'\u00e9conomie, de l'emploi, du travail et des solidarit\u00e9s d'\u00cele-de-France -\nIDF-2025-04-29-00002 - D\u00e9cision d'agr\u00e9ment de l'organisme de formation AB CSE FORMATION pour dispenser aux membres \u00e9lus du\nCSE la formation  \u00e9conomique pr\u00e9vue par l'article L.2315-63 du code du travail\n31\n \n 2 \n \n \nArticle 2 :  La formation dispens\u00e9e dans le cadre du pr\u00e9sent agr\u00e9ment devra \u00eatre conforme \u00e0 celle expos\u00e9e \ndans la demande pr\u00e9sent\u00e9e par l'organisme. Toute modification portant sur le contenu de cette formation \ndevra \u00eatre pr\u00e9alablement signal\u00e9e au service de la DRIEETS d'\u00cele-de-France sollicit\u00e9 dans le cadre de la \npr\u00e9sente demande d'agr\u00e9ment. \n \n \nArticle 3 :  La formation concern\u00e9e par le pr\u00e9sent agr\u00e9ment devra imp\u00e9rativement \u00eatre dispens\u00e9e par les \nformateurs dont les  curriculum vitae ont \u00e9t\u00e9 annex\u00e9s \u00e0 la demande d'agr\u00e9ment . L'intervention de tout \nautre formateur implique ra la transmission pr\u00e9alable de son curriculum vitae au service de la DRIEE TS  \nd'\u00cele- de-France sollicit\u00e9 dans le cadre de la pr\u00e9sente demande d'agr\u00e9ment. \n \n \nArticle 4 : Une attestation d'assiduit\u00e9, destin\u00e9e \u00e0 l'employeur, devra \u00eatre d\u00e9livr\u00e9e par l'organisme de \nformation aux repr\u00e9sentants du personnel ayant suivi la formation (art. R.2315-15 du code du travail). \n \n \nArticle 5 : L'organisme devra transmettre au service de la DRIEETS d'\u00cele-de-France, avant le 30  mars de \nchaque ann\u00e9e , un compte rendu de s formations \u00e9conomiques dispens\u00e9es \u00e0 des repr\u00e9sentants du \npersonnel au cours de l'ann\u00e9e pr\u00e9c\u00e9dente (art. R. 2315-16 du code du travail). \n \n \nArticle 6 :  Conform\u00e9ment aux dispositions de l'article R. 2315-14 du code du travail, le pr\u00e9sent agr\u00e9ment \npeut faire l'objet d'un retrait si l'organisme concern\u00e9 cesse de r\u00e9pondre aux qualifications ayant justifi\u00e9 \nson inscription sur la liste pr\u00e9fectorale concernant notamment son aptitude \u00e0 assurer la formation, les \ncapacit\u00e9s de ses formateurs, la non remise ou la remise incompl\u00e8te du compte rendu annuel d'activit\u00e9.  \n \n \nArticle 7 : Le pr\u00e9fet, secr\u00e9taire g\u00e9n\u00e9ral pour les affaires de la pr\u00e9fecture de la r\u00e9gion d'\u00cele -de-France, \npr\u00e9fecture de Paris et le directeur r\u00e9gional et interd\u00e9partemental de l'\u00e9conomie, de l'emploi, du travail et \ndes solidarit\u00e9s d'\u00cele-de-France sont charg\u00e9s, chacun en ce qui le s concerne, de l'ex\u00e9cution du pr\u00e9sent \narr\u00eat\u00e9, qui sera publi\u00e9 au recueil des actes administratifs de la  pr\u00e9fecture de la r\u00e9gion d'\u00cele -de-France, \npr\u00e9fecture de Paris.  \n \n \n \nFait \u00e0 Aubervilliers, le 29 avril 2025 \n \nPour le directeur r\u00e9gional et par d\u00e9l\u00e9gation, \nLe responsable du service relations du travail, \n \n \n Sign\u00e9 \n \nGuy LEBON \n \n \n \n \nVoie de recours : \n \nLa pr\u00e9sente d\u00e9cision peut faire l'objet, dans un d\u00e9lai maximum de 2 mois \u00e0 compter de sa r\u00e9ception, d'un recours \ncontentieux aupr\u00e8s du tribunal administratif comp\u00e9tent. La d\u00e9cision contest\u00e9e doit \u00eatre jointe au recours. Ce \ntribunal peut aussi \u00eatre saisi par l'application T\u00e9l\u00e9recours citoyens www.telerecours.fr \nDirection r\u00e9gionale et interd\u00e9partementale de l'\u00e9conomie, de l'emploi, du travail et des solidarit\u00e9s d'\u00cele-de-France -\nIDF-2025-04-29-00002 - D\u00e9cision d'agr\u00e9ment de l'organisme de formation AB CSE FORMATION pour dispenser aux membres \u00e9lus du\nCSE la formation  \u00e9conomique pr\u00e9vue par l'article L.2315-63 du code du travail\n32\nDirection r\u00e9gionale et interd\u00e9partementale de\nl'environnement, de l'am\u00e9nagement et des\ntransports d'\u00cele-de-France\nIDF-2025-04-28-00008\nD\u00e9cision DRIEAT-IdF n\u00b0 2025-0300 portant\nagr\u00e9ment d\u00e9finitif ZSL JM-FIMO\nDirection r\u00e9gionale et interd\u00e9partementale de l'environnement, de l'am\u00e9nagement et des transports d'\u00cele-de-France -\nIDF-2025-04-28-00008 - D\u00e9cision DRIEAT-IdF n\u00b0 2025-0300 portant agr\u00e9ment d\u00e9finitif ZSL JM-FIMO 33\nDirection r\u00e9gionale et interd\u00e9partementale\nde l'environnement, de l'am\u00e9nagement\net des transports d'\u00cele-de-France\nD\u00c9CISION DRIEAT-IdF n\u00b0 2025-0300\nLE PR\u00c9FET DE LA R\u00c9GION D'\u00ceLE-DE-FRANCE,\nPR\u00c9FET DE PARIS\nVu la Directive du Parlement europ\u00e9en et du Conseil du 15 juillet 2003 relative \u00e0 la qualification ini tiale et\n\u00e0  la  formation  continue  des  conducteurs  de  certains v\u00e9hicules  routiers  affect\u00e9s  aux  transports  de\nmarchandises et de voyageurs ;\nVu le code des transports\u00a0;\nVu l'arr\u00eat\u00e9  du 03 janvier  2008 modifi\u00e9 relatif  \u00e0 l'agr\u00e9ment  des centres de formation  professionnelle\nhabilit\u00e9s  \u00e0  dispenser  la  formation  professionnelle  initiale  et  continue  des  conducteurs  du  transport\nroutier de marchandises et de voyageurs ;\nVu l'arr\u00eat\u00e9 du 03 janvier 2008 modifi\u00e9 relatif au programme et aux modalit\u00e9s de mise en \u0153uvre de la\nformation professionnelle initiale et continue des conducteurs du transport routier de marchandises et\nde voyageurs\u00a0;\nVu  l'arr\u00eat\u00e9  IdF  n\u00b0  2022-07-19-00005  du  19  juillet  2022  portant  d\u00e9l\u00e9gation  de  signature  \u00e0  Madame\nEmmanuelle GAY, directrice r\u00e9gionale et interd\u00e9part ementale de l'environnement, de l'am\u00e9nagement et\ndes transports d'\u00cele-de-France en mati\u00e8re administrative\u00a0;\nVu  la  d\u00e9cision  DRIEAT-IdF  n\u00b0  2025-0101  du  27  janvier  2025  de  la  directrice  r\u00e9gionale  et\ninterd\u00e9partementale de l'environnement, de l'am\u00e9nag ement et des transports  d'\u00cele-de-France portant\nsubd\u00e9l\u00e9gation de signature en mati\u00e8re administrativ e pour le compte du Pr\u00e9fet de la r\u00e9gion d'\u00cele-de-\nFrance\u00a0; \nVu la demande de renouvellement d'agr\u00e9ment pr\u00e9sent\u00e9 e par le centre de formation ZSL.JM Am\u00e9rico et\nMichelle ;\nVu les \u00e9l\u00e9ments de r\u00e9ponse apport\u00e9s \u00e0 la suite du contr\u00f4le sur site effectu\u00e9 par les agents habilit\u00e9s de la\ndirection  r\u00e9gionale  et  interd\u00e9partementale  de  l'environnement, de  l'am\u00e9nagement  et des transports\nd'\u00cele-de-France en date 5 f\u00e9vrier 2025.\n      \nSSTV/DRTR  Le Ponant 2\n27/29 rue Leblanc\u2013 75015 Paris\nStandard\u00a0:  01 40 61 80 80\nwww.drieat.ile-de-france.developpement-durable.gouv.fr\n1/3\nDirection r\u00e9gionale et interd\u00e9partementale de l'environnement, de l'am\u00e9nagement et des transports d'\u00cele-de-France -\nIDF-2025-04-28-00008 - D\u00e9cision DRIEAT-IdF n\u00b0 2025-0300 portant agr\u00e9ment d\u00e9finitif ZSL JM-FIMO 34\nD\u00c9CIDE\nArticle 1\nL'agr\u00e9ment pr\u00e9vu par l'arr\u00eat\u00e9 du 03 janvier 2008 mo difi\u00e9 sus-cit\u00e9 est accord\u00e9 au centre de formation\nZSL.JM 4 route d'Ocquerre 77440 Lizy-sur-Ourcq, imm atricul\u00e9 au RCS sous le num\u00e9ro de SIRET 837 534\n643 00056 pour assurer les formations professionnel les obligatoires FIMO-FCO et compl\u00e9mentaires dites\npasserelles, d\u00e9finies par les textes sus-cit\u00e9s, aux  conducteurs du transport routier de marchandises, pour\nune p\u00e9riode de 5 ans.\nArticle 2\n \nLe responsable du centre de formation s'engage \u00e0 re specter les programmes et les modalit\u00e9s de mise en\n\u0153uvre de la formation, fix\u00e9s par l'arr\u00eat\u00e9 du 03 janvier 2008 modifi\u00e9.\nArticle   3   \nLe centre agr\u00e9\u00e9 s'engage \u00e0 mettre en place une orga nisation mat\u00e9rielle et p\u00e9dagogique adapt\u00e9e aux\nformations  dispens\u00e9es  et  d'informer,  dans  les  plus  brefs  d\u00e9lais,  la  Direction  r\u00e9gionale  et\nInterd\u00e9partementale de l'environnement, de l'am\u00e9nag ement et des transports d'\u00cele-de-France de toutes\nmodifications affectant ses moyens humains et mat\u00e9riels.\nArticle    4   \nLe  responsable  du  centre  agr\u00e9\u00e9  par  la  pr\u00e9sente  d\u00e9cision  s'engage  \u00e0  pr\u00e9senter  au  Pr\u00e9fet  de  r\u00e9gion\u2013\nDirection r\u00e9gionale  et Interd\u00e9partementale de l'env ironnement, de l'am\u00e9nagement et des transports\nd'\u00cele-de-France- les pr\u00e9visions trimestrielles ains i que les bilans trimestriels et annuels des format ions\nr\u00e9alis\u00e9es.\nArticle   \n5   \nLe responsable du centre agr\u00e9\u00e9 s'engage \u00e0 faire sui vre aux formateurs et aux moniteurs d'entreprise, s 'il y\na lieu, les formations leur permettant de maintenir  et d'actualiser leurs connaissances dans les domai nes\ndans  lesquels  ils  assurent  les  formations  professionnelles  des  conducteurs  du  transport  routier  de\nmarchandises.\nArticle   \n 6   \nLe responsable du centre agr\u00e9\u00e9 s'engage \u00e0 s'assurer  que les organismes de formation agr\u00e9\u00e9s auxquels il  a\nconfi\u00e9 par contrat ou convention la r\u00e9alisation d'u ne partie des formations obligatoires de conducteur\nroutier  respectent  les  dispositions  du  cahier  des  charges  ainsi  que  le  programme  des  formations\nobligatoires  de  conducteur  routier  et  \u00e0  communiquer chaque  ann\u00e9e  au  Pr\u00e9fet  de  r\u00e9gion  (Direction\nr\u00e9gionale  et  Interd\u00e9partementale  de  l'environnement,  de  l'am\u00e9nagement  et  des  transports  d'\u00cele-de-\nFrance), les nouveaux contrats ou conventions concl us dans l'ann\u00e9e \u00e9coul\u00e9e ainsi que les modifications\nintervenues dans les contrats pr\u00e9c\u00e9dents durant cette m\u00eame p\u00e9riode.\nArticle   7   \nLe centre de formation agr\u00e9\u00e9 s'engage \u00e0 r\u00e9aliser lu i-m\u00eame dans tous les cas, y compris lorsqu'une part ie\ndes formations obligatoires a \u00e9t\u00e9 confi\u00e9e \u00e0 un autre organisme de formation agr\u00e9\u00e9, l'accueil des stagiaires\nen formation, la v\u00e9rification de permis de conduire, titres ou attestations requises et \u00e0 assurer l'\u00e9valuation\nfinale de ces formations.\n2/3\nDirection r\u00e9gionale et interd\u00e9partementale de l'environnement, de l'am\u00e9nagement et des transports d'\u00cele-de-France -\nIDF-2025-04-28-00008 - D\u00e9cision DRIEAT-IdF n\u00b0 2025-0300 portant agr\u00e9ment d\u00e9finitif ZSL JM-FIMO 35\nArticle   8   \nTout manquement au respect des exigences du cahier des charges est susceptible d'entra\u00eener la \nsuspension, voire le retrait de l'agr\u00e9ment.\nL'agr\u00e9ment peut \u00eatre retir\u00e9 au centre de formation par d\u00e9cision du Pr\u00e9fet de r\u00e9gion.\nArticle   \n 9   \nLa port\u00e9e g\u00e9ographique de l'agr\u00e9ment est r\u00e9gionale.\nArticle   \n10   \nLa directrice r\u00e9gionale et interd\u00e9partementale de l 'environnement, de l'am\u00e9nagement et des transports\nd'\u00cele-de-France, est charg\u00e9e de l'ex\u00e9cution de la pr\u00e9sente d\u00e9cision.\n\u00c0 Paris, le 28-04-2025\nPour le Pr\u00e9fet et par subd\u00e9l\u00e9gation,\nl'Adjoint au Chef du D\u00e9partement R\u00e9gulation des Transports Routiers\n Ronan MEAR\n3/3\nDirection r\u00e9gionale et interd\u00e9partementale de l'environnement, de l'am\u00e9nagement et des transports d'\u00cele-de-France -\nIDF-2025-04-28-00008 - D\u00e9cision DRIEAT-IdF n\u00b0 2025-0300 portant agr\u00e9ment d\u00e9finitif ZSL JM-FIMO 36\nDirection r\u00e9gionale et interd\u00e9partementale de\nl'environnement, de l'am\u00e9nagement et des\ntransports d'\u00cele-de-France\nIDF-2025-04-28-00007\nD\u00e9cision DRIEAT-IdF n\u00b0 2025-0342 portant\nagr\u00e9ment  probatoire Voyageurs\nFOROMAR-FIMO\nDirection r\u00e9gionale et interd\u00e9partementale de l'environnement, de l'am\u00e9nagement et des transports d'\u00cele-de-France -\nIDF-2025-04-28-00007 - D\u00e9cision DRIEAT-IdF n\u00b0 2025-0342 portant agr\u00e9ment  probatoire Voyageurs FOROMAR-FIMO 37\nDirection r\u00e9gionale et interd\u00e9partementale\nde l'environnement, de l'am\u00e9nagement\net des transports d'\u00cele-de-France\nD\u00c9CISION DRIEAT-IdF n\u00b0 2025-0342\nLE PR\u00c9FET DE LA R\u00c9GION D'\u00ceLE-DE-FRANCE,\nPR\u00c9FET DE PARIS\nVu la Directive du Parlement europ\u00e9en et du Conseil du 15 juillet 2003 relative \u00e0 la qualification ini tiale et\n\u00e0  la  formation  continue  des  conducteurs  de  certains v\u00e9hicules  routiers  affect\u00e9s  aux  transports  de\nmarchandises et de voyageurs ;\nVu le code des transports\u00a0;\nVu l'arr\u00eat\u00e9  du 03 janvier  2008 modifi\u00e9 relatif  \u00e0 l'agr\u00e9ment  des centres de formation  professionnelle\nhabilit\u00e9s  \u00e0  dispenser  la  formation  professionnelle  initiale  et  continue  des  conducteurs  du  transport\nroutier de marchandises et de voyageurs;\nVu l'arr\u00eat\u00e9 du 03 janvier 2008 modifi\u00e9 relatif au programme et aux modalit\u00e9s de mise en \u0153uvre de la\nformation professionnelle initiale et continue des conducteurs du transport routier de marchandises et\nde voyageurs\u00a0;\nVu  l'arr\u00eat\u00e9  IDF-2022-07-19-00005  du  19  juillet  2022 portant  d\u00e9l\u00e9gation  de  signature  \u00e0  Madame\nEmmanuelle GAY, directrice r\u00e9gionale et interd\u00e9part ementale de l'environnement, de l'am\u00e9nagement et\ndes transports d'\u00cele-de-France en mati\u00e8re administrative\u00a0;\nVu  la  d\u00e9cision  DRIEAT-IdF  n\u00b0  2025-0101  du  27  janvier  2025  de  la  directrice  r\u00e9gionale  et\ninterd\u00e9partementale de l'environnement, de l'am\u00e9nag ement et des transports  d'\u00cele-de-France portant\nsubd\u00e9l\u00e9gation de signature en mati\u00e8re administrativ e pour le compte du Pr\u00e9fet de la r\u00e9gion d'\u00cele-de-\nFrance\u00a0; \nVu la demande d'agr\u00e9ment pr\u00e9sent\u00e9e par le centre de formation FOROMAR en date du 24 janvier 2025 ;\nVu le contr\u00f4le sur site effectu\u00e9 par les agents hab ilit\u00e9s de la direction r\u00e9gionale et interd\u00e9partemen tale\nde l'environnement, de l'am\u00e9nagement et des transports d'\u00cele-de-France en date du 04 f\u00e9vrier 2025.\n      \n      \n      \nSSTV/DRTR  Le Ponant 2\n27/29 rue Leblanc\u2013 75015 Paris\nStandard\u00a0:  01 40 61 80 80\nwww.drieat.ile-de-france.developpement-durable.gouv.fr\n1/3\nDirection r\u00e9gionale et interd\u00e9partementale de l'environnement, de l'am\u00e9nagement et des transports d'\u00cele-de-France -\nIDF-2025-04-28-00007 - D\u00e9cision DRIEAT-IdF n\u00b0 2025-0342 portant agr\u00e9ment  probatoire Voyageurs FOROMAR-FIMO 38\nD\u00c9CIDE\nArticle 1\nL'agr\u00e9ment pr\u00e9vu par l'arr\u00eat\u00e9 du 03 janvier 2008 mo difi\u00e9 sus-cit\u00e9 est accord\u00e9 au centre de formation\nFOROMAR sis 1 av de Verdun 92300 Villeneuve-la-Gare nne, immatricul\u00e9 au RCS sous le num\u00e9ro SIRET\n323  722  611  00049  pour  assurer  les  formations obligatoires  d\u00e9finies par  les  textes  sus-cit\u00e9s, aux\nconducteurs du transport routier de voyageurs FIMO- FCO et compl\u00e9mentaires dites passerelles pour\nune p\u00e9riode probatoire de six mois.\nArticle 2\n \nLe responsable du centre de formation s'engage \u00e0 re specter les programmes et les modalit\u00e9s de mise\nen \u0153uvre de la formation, fix\u00e9s par l'arr\u00eat\u00e9 du 03 janvier 2008 modifi\u00e9.\nLe centre agr\u00e9\u00e9 s'engage \u00e0 r\u00e9aliser au cours de cet te p\u00e9riode de six mois, au minimum une session\nde\u00a0formation initiale minimale obligatoire (FIMO) e t six sessions compl\u00e8tes de formation continue\nobligatoire (FCO) ou de formation compl\u00e9mentaire d\u00e9 nomm\u00e9e H\u00a0passerelle\u00a0I, mentionn\u00e9e dans le\nCode des transports sus-vis\u00e9, dans le secteur du tr ansport de marchandises. Chacune de ces sessions\ndevra comporter au moins huit stagiaires. Si le cen tre de formation ne souhaite r\u00e9aliser que des\nsessions  de  FCO, le  nombre  minimum  de  sessions  de  formation  est  fix\u00e9  \u00e0  huit.  Si  le  centre  de\nformation  ne  souhaite  r\u00e9aliser  que  des  sessions  de  FIMO,  le  nombre  minimum  de  sessions  de\nformation est fix\u00e9 \u00e0 trois.\nArticle   \n3   \nLe centre agr\u00e9\u00e9 s'engage \u00e0 mettre en place une orga nisation mat\u00e9rielle et p\u00e9dagogique adapt\u00e9e aux\nformations  dispens\u00e9es  et  d'informer,  dans  les  plus  brefs  d\u00e9lais,  la  Direction  r\u00e9gionale  et\nInterd\u00e9partementale  de  l'environnement, de  l'am\u00e9nagement  et  des  transports  d'\u00cele-de-France  de\ntoutes modifications affectant ses moyens humains et mat\u00e9riels.\nArticle    4   \nLe responsable du centre agr\u00e9\u00e9 par la pr\u00e9sente d\u00e9ci sion s'engage \u00e0 pr\u00e9senter au Pr\u00e9fet de r\u00e9gion\u2013\nDirection r\u00e9gionale et Interd\u00e9partementale de l'env ironnement, de l'am\u00e9nagement et des transports\nd'\u00cele-de-France- les pr\u00e9visions trimestrielles ains i que les bilans trimestriels et annuels des format ions\nr\u00e9alis\u00e9es.\nArticle   \n5   \nLe responsable du centre agr\u00e9\u00e9 s'engage \u00e0 faire sui vre aux formateurs et aux moniteurs d'entreprise,\ns'il y a lieu, les formations leur permettant de ma intenir et d'actualiser leurs connaissances dans le s\ndomaines dans lesquels ils assurent les formations professionnelles des conducteurs du transport\nroutier de voyageurs.\nArticle   \n 6   \nLe responsable du centre agr\u00e9\u00e9 s'engage \u00e0 s'assurer  que les organismes de formation agr\u00e9\u00e9s auxquels\nil  a  confi\u00e9  par  contrat  ou  convention  la  r\u00e9alisation  d'une  partie  des  formations  obligatoires  de\nconducteur routier respectent les dispositions du c ahier des charges ainsi que le programme des\nformations obligatoires de conducteur routier et \u00e0 communiquer chaque ann\u00e9e au Pr\u00e9fet de r\u00e9gion\n(Direction r\u00e9gionale et Interd\u00e9partementale de l'environnement, de l'am\u00e9nagement et des transports\n2/3\nDirection r\u00e9gionale et interd\u00e9partementale de l'environnement, de l'am\u00e9nagement et des transports d'\u00cele-de-France -\nIDF-2025-04-28-00007 - D\u00e9cision DRIEAT-IdF n\u00b0 2025-0342 portant agr\u00e9ment  probatoire Voyageurs FOROMAR-FIMO 39\ngig\"?\nd'\u00cele-de-France), les nouveaux contrats ou conventi ons conclus dans l'ann\u00e9e \u00e9coul\u00e9e ainsi que les\nmodifications intervenues dans les contrats pr\u00e9c\u00e9dents durant cette m\u00eame p\u00e9riode.\nArticle   7   \nLe centre de formation agr\u00e9\u00e9 s'engage \u00e0 r\u00e9aliser lu i-m\u00eame dans tous les cas, y compris lorsqu'une\npartie des formations obligatoires a \u00e9t\u00e9 confi\u00e9e \u00e0 un autre organisme de formation agr\u00e9\u00e9, l'accueil\ndes stagiaires en formation, la v\u00e9rification de per mis de conduire, titres ou attestations requises et  \u00e0\nassurer l'\u00e9valuation finale de ces formations.\nArticle   \n8   \nTout manquement au respect des exigences du cahier des charges est susceptible d'entra\u00eener la \nsuspension, voire le retrait de l'agr\u00e9ment.\nL'agr\u00e9ment peut \u00eatre retir\u00e9 au centre de formation par d\u00e9cision du Pr\u00e9fet de r\u00e9gion.\nArticle   \n 9   \nLa port\u00e9e g\u00e9ographique de l'agr\u00e9ment est r\u00e9gionale.\nArticle   \n10   \nLa  directrice  r\u00e9gionale  et  interd\u00e9partementale  de  l'environnement,  de  l'am\u00e9nagement  et  des\ntransports d'\u00cele-de-France, est charg\u00e9e de l'ex\u00e9cution de la pr\u00e9sente d\u00e9cision.\n\u00c0 Paris, le 28-04-25\nPour le Pr\u00e9fet et par subd\u00e9l\u00e9gation,\nl'Adjoint au Chef du D\u00e9partement R\u00e9gulation des Transports Routiers\n   Ronan MEAR\n3/3\nDirection r\u00e9gionale et interd\u00e9partementale de l'environnement, de l'am\u00e9nagement et des transports d'\u00cele-de-France -\nIDF-2025-04-28-00007 - D\u00e9cision DRIEAT-IdF n\u00b0 2025-0342 portant agr\u00e9ment  probatoire Voyageurs FOROMAR-FIMO 40\nDirection r\u00e9gionale et interd\u00e9partementale de\nl'environnement, de l'am\u00e9nagement et des\ntransports d'\u00cele-de-France\nIDF-2025-04-28-00005\nD\u00e9cision DRIEAT-IdF n\u00b0 2025-318 portant\nagr\u00e9ment probatoire Marchandises OFT-FIMO\nDirection r\u00e9gionale et interd\u00e9partementale de l'environnement, de l'am\u00e9nagement et des transports d'\u00cele-de-France -\nIDF-2025-04-28-00005 - D\u00e9cision DRIEAT-IdF n\u00b0 2025-318 portant agr\u00e9ment probatoire Marchandises OFT-FIMO 41\nDirection r\u00e9gionale et interd\u00e9partementale\nde l'environnement, de l'am\u00e9nagement\net des transports d'\u00cele-de-France\nD\u00c9CISION DRIEAT-IdF n\u00b0 2025-318\nLE PR\u00c9FET DE LA R\u00c9GION D'\u00ceLE-DE-FRANCE,\nPR\u00c9FET DE PARIS\nVu la Directive du Parlement europ\u00e9en et du Conseil du 15 juillet 2003 relative \u00e0 la qualification ini tiale et\n\u00e0  la  formation  continue  des  conducteurs  de  certains v\u00e9hicules  routiers  affect\u00e9s  aux  transports  de\nmarchandises et de voyageurs ;\nVu le code des transports\u00a0;\nVu l'arr\u00eat\u00e9  du 03 janvier  2008 modifi\u00e9 relatif  \u00e0 l'agr\u00e9ment  des centres de formation  professionnelle\nhabilit\u00e9s  \u00e0  dispenser  la  formation  professionnelle  initiale  et  continue  des  conducteurs  du  transport\nroutier de marchandises et de voyageurs ;\nVu l'arr\u00eat\u00e9 du 03 janvier 2008 modifi\u00e9 relatif au programme et aux modalit\u00e9s de mise en \u0153uvre de la\nformation professionnelle initiale et continue des conducteurs du transport routier de marchandises et\nde voyageurs\u00a0;\nVu  l'arr\u00eat\u00e9  IDF-2022-07-19-00005  du  19  juillet  2022 portant  d\u00e9l\u00e9gation  de  signature  \u00e0  Madame\nEmmanuelle GAY, directrice r\u00e9gionale et interd\u00e9part ementale de l'environnement, de l'am\u00e9nagement et\ndes transports d'\u00cele-de-France en mati\u00e8re administrative\u00a0;\nVu  la  d\u00e9cision  DRIEAT-IdF  n\u00b0  2025-0101  du  27  janvier  2025  de  la  directrice  r\u00e9gionale  et\ninterd\u00e9partementale de l'environnement, de l'am\u00e9nag ement et des transports  d'\u00cele-de-France portant\nsubd\u00e9l\u00e9gation de signature en mati\u00e8re administrativ e pour le compte du Pr\u00e9fet de la r\u00e9gion d'\u00cele-de-\nFrance\u00a0; \nVu la demande d'agr\u00e9ment pr\u00e9sent\u00e9e par le centre de formation OFT DRANCY en date du 7 avril 2025.\n      \nSSTV/DRTR  Le Ponant 2\n27/29 rue Leblanc\u2013 75015 Paris\nStandard\u00a0:  01 40 61 80 80\nwww.drieat.ile-de-france.developpement-durable.gouv.fr\n1/3\nDirection r\u00e9gionale et interd\u00e9partementale de l'environnement, de l'am\u00e9nagement et des transports d'\u00cele-de-France -\nIDF-2025-04-28-00005 - D\u00e9cision DRIEAT-IdF n\u00b0 2025-318 portant agr\u00e9ment probatoire Marchandises OFT-FIMO 42\nD\u00c9CIDE\nArticle 1\nL'agr\u00e9ment pr\u00e9vu par l'arr\u00eat\u00e9 du 03 janvier 2008 mo difi\u00e9 sus-cit\u00e9 est accord\u00e9 au centre de formation\nOFT DRANCY sis 252 rue de Stalingrad 93700 DRANCY, immatricul\u00e9 au RCS sous le num\u00e9ro SIRET\n914\u00a0608\u00a0575\u00a000017  pour  assurer  les  formations  obligatoires  d\u00e9finies  par  les  textes  sus-cit\u00e9s,  aux\nconducteurs du transport routier de marchandises FI MO-FCO et compl\u00e9mentaires dites passerelles\npour une p\u00e9riode probatoire de six mois.\nArticle 2\n \nLe responsable du centre de formation s'engage \u00e0 re specter les programmes et les modalit\u00e9s de mise\nen \u0153uvre de la formation, fix\u00e9s par l'arr\u00eat\u00e9 du 03 janvier 2008 modifi\u00e9.\nLe centre agr\u00e9\u00e9 s'engage \u00e0 r\u00e9aliser au cours de cet te p\u00e9riode de six mois, au minimum une session\nde\u00a0formation initiale minimale obligatoire (FIMO) e t six sessions compl\u00e8tes de formation continue\nobligatoire (FCO) ou de formation compl\u00e9mentaire d\u00e9 nomm\u00e9e H\u00a0passerelle\u00a0I, mentionn\u00e9e dans le\nCode des transports sus-vis\u00e9, dans le secteur du tr ansport de marchandises. Chacune de ces sessions\ndevra comporter au moins huit stagiaires. Si le cen tre de formation ne souhaite r\u00e9aliser que des\nsessions  de  FCO, le  nombre  minimum  de  sessions  de  formation  est  fix\u00e9  \u00e0  huit.  Si  le  centre  de\nformation  ne  souhaite  r\u00e9aliser  que  des  sessions  de  FIMO,  le  nombre  minimum  de  sessions  de\nformation est fix\u00e9 \u00e0 trois.\nArticle   \n3   \nLe centre agr\u00e9\u00e9 s'engage \u00e0 mettre en place une orga nisation mat\u00e9rielle et p\u00e9dagogique adapt\u00e9e aux\nformations  dispens\u00e9es  et  d'informer,  dans  les  plus  brefs  d\u00e9lais,  la  Direction  r\u00e9gionale  et\nInterd\u00e9partementale  de  l'environnement, de  l'am\u00e9nagement  et  des  transports  d'\u00cele-de-France  de\ntoutes modifications affectant ses moyens humains et mat\u00e9riels.\nArticle    4   \nLe responsable du centre agr\u00e9\u00e9 par la pr\u00e9sente d\u00e9ci sion s'engage \u00e0 pr\u00e9senter au Pr\u00e9fet de r\u00e9gion\u2013\nDirection r\u00e9gionale et Interd\u00e9partementale de l'env ironnement, de l'am\u00e9nagement et des transports\nd'\u00cele-de-France- les pr\u00e9visions trimestrielles ains i que les bilans trimestriels et annuels des format ions\nr\u00e9alis\u00e9es.\nArticle   \n5   \nLe responsable du centre agr\u00e9\u00e9 s'engage \u00e0 faire sui vre aux formateurs et aux moniteurs d'entreprise,\ns'il y a lieu, les formations leur permettant de ma intenir et d'actualiser leurs connaissances dans le s\ndomaines dans lesquels ils assurent les formations professionnelles des conducteurs du transport\nroutier de marchandises.\nArticle   \n 6   \nLe responsable du centre agr\u00e9\u00e9 s'engage \u00e0 s'assurer  que les organismes de formation agr\u00e9\u00e9s auxquels\nil  a  confi\u00e9  par  contrat  ou  convention  la  r\u00e9alisation  d'une  partie  des  formations  obligatoires  de\nconducteur routier respectent les dispositions du c ahier des charges ainsi que le programme des\nformations obligatoires de conducteur routier et \u00e0 communiquer chaque ann\u00e9e au Pr\u00e9fet de r\u00e9gion\n(Direction r\u00e9gionale et Interd\u00e9partementale de l'environnement, de l'am\u00e9nagement et des transports\n2/3\nDirection r\u00e9gionale et interd\u00e9partementale de l'environnement, de l'am\u00e9nagement et des transports d'\u00cele-de-France -\nIDF-2025-04-28-00005 - D\u00e9cision DRIEAT-IdF n\u00b0 2025-318 portant agr\u00e9ment probatoire Marchandises OFT-FIMO 43\nsign\nd'\u00cele-de-France), les nouveaux contrats ou conventi ons conclus dans l'ann\u00e9e \u00e9coul\u00e9e ainsi que les\nmodifications intervenues dans les contrats pr\u00e9c\u00e9dents durant cette m\u00eame p\u00e9riode.\nArticle   7   \nLe centre de formation agr\u00e9\u00e9 s'engage \u00e0 r\u00e9aliser lu i-m\u00eame dans tous les cas, y compris lorsqu'une\npartie des formations obligatoires a \u00e9t\u00e9 confi\u00e9e \u00e0 un autre organisme de formation agr\u00e9\u00e9, l'accueil\ndes stagiaires en formation, la v\u00e9rification de per mis de conduire, titres ou attestations requises et  \u00e0\nassurer l'\u00e9valuation finale de ces formations.\nArticle   \n8   \nTout manquement au respect des exigences du cahier des charges est susceptible d'entra\u00eener la \nsuspension, voire le retrait de l'agr\u00e9ment.\nL'agr\u00e9ment peut \u00eatre retir\u00e9 au centre de formation par d\u00e9cision du Pr\u00e9fet de r\u00e9gion.\nArticle   \n 9   \nLa port\u00e9e g\u00e9ographique de l'agr\u00e9ment est r\u00e9gionale.\nArticle   \n10   \nLa  directrice  r\u00e9gionale  et  interd\u00e9partementale  de  l'environnement,  de  l'am\u00e9nagement  et  des\ntransports d'\u00cele-de-France, est charg\u00e9e de l'ex\u00e9cution de la pr\u00e9sente d\u00e9cision.\n\u00c0 Paris, le 28-04-2025\nPour le Pr\u00e9fet et par subd\u00e9l\u00e9gation,\nL'Adjoint au Chef du D\u00e9partement R\u00e9gulation des Transports Routiers\n     \n                                             Ronan MEAR\n3/3\nDirection r\u00e9gionale et interd\u00e9partementale de l'environnement, de l'am\u00e9nagement et des transports d'\u00cele-de-France -\nIDF-2025-04-28-00005 - D\u00e9cision DRIEAT-IdF n\u00b0 2025-318 portant agr\u00e9ment probatoire Marchandises OFT-FIMO 44\nDirection r\u00e9gionale et interd\u00e9partementale de\nl'environnement, de l'am\u00e9nagement et des\ntransports d'\u00cele-de-France\nIDF-2025-04-28-00006\nD\u00e9cision DRIEAT-IdF n\u00b02025-319 portant\nagrement probatoire Voyageurs OFT-Voyageurs\nDirection r\u00e9gionale et interd\u00e9partementale de l'environnement, de l'am\u00e9nagement et des transports d'\u00cele-de-France -\nIDF-2025-04-28-00006 - D\u00e9cision DRIEAT-IdF n\u00b02025-319 portant agrement probatoire Voyageurs OFT-Voyageurs 45\nDirection r\u00e9gionale et interd\u00e9partementale\nde l'environnement, de l'am\u00e9nagement\net des transports d'\u00cele-de-France\nD\u00c9CISION DRIEAT-IdF n\u00b0 2025-319\nLE PR\u00c9FET DE LA R\u00c9GION D'\u00ceLE-DE-FRANCE,\nPR\u00c9FET DE PARIS\nVu la Directive du Parlement europ\u00e9en et du Conseil du 15 juillet 2003 relative \u00e0 la qualification ini tiale et\n\u00e0  la  formation  continue  des  conducteurs  de  certains v\u00e9hicules  routiers  affect\u00e9s  aux  transports  de\nmarchandises et de voyageurs ;\nVu le code des transports\u00a0;\nVu l'arr\u00eat\u00e9  du 03 janvier  2008 modifi\u00e9 relatif  \u00e0 l'agr\u00e9ment  des centres de formation  professionnelle\nhabilit\u00e9s  \u00e0  dispenser  la  formation  professionnelle  initiale  et  continue  des  conducteurs  du  transport\nroutier de marchandises et de voyageurs ;\nVu l'arr\u00eat\u00e9 du 03 janvier 2008 modifi\u00e9 relatif au programme et aux modalit\u00e9s de mise en \u0153uvre de la\nformation professionnelle initiale et continue des conducteurs du transport routier de marchandises et\nde voyageurs\u00a0;\nVu  l'arr\u00eat\u00e9  IDF-2022-07-19-00005  du  19  juillet  2022 portant  d\u00e9l\u00e9gation  de  signature  \u00e0  Madame\nEmmanuelle GAY, directrice r\u00e9gionale et interd\u00e9part ementale de l'environnement, de l'am\u00e9nagement et\ndes transports d'\u00cele-de-France en mati\u00e8re administrative\u00a0;\nVu  la  d\u00e9cision  DRIEAT-IdF  n\u00b0  2025-0101  du  27  janvier  2025  de  la  directrice  r\u00e9gionale  et\ninterd\u00e9partementale de l'environnement, de l'am\u00e9nag ement et des transports  d'\u00cele-de-France portant\nsubd\u00e9l\u00e9gation de signature en mati\u00e8re administrativ e pour le compte du Pr\u00e9fet de la r\u00e9gion d'\u00cele-de-\nFrance\u00a0; \nVu la demande d'agr\u00e9ment pr\u00e9sent\u00e9e par le centre de formation OFT DRANCY en date du 7 avril 2025.\n      \n      \n      \nSSTV/DRTR  Le Ponant 2\n27/29 rue Leblanc\u2013 75015 Paris\nStandard\u00a0:  01 40 61 80 80\nwww.drieat.ile-de-france.developpement-durable.gouv.fr\n1/3\nDirection r\u00e9gionale et interd\u00e9partementale de l'environnement, de l'am\u00e9nagement et des transports d'\u00cele-de-France -\nIDF-2025-04-28-00006 - D\u00e9cision DRIEAT-IdF n\u00b02025-319 portant agrement probatoire Voyageurs OFT-Voyageurs 46\nD\u00c9CIDE\nArticle 1\nL'agr\u00e9ment pr\u00e9vu par l'arr\u00eat\u00e9 du 03 janvier 2008 mo difi\u00e9 sus-cit\u00e9 est accord\u00e9 au centre de formation\nOFT DRANCY sis 252 rue de Stalingrad 93700 DRANCY, immatricul\u00e9 au RCS sous le num\u00e9ro SIRET\n914\u00a0608\u00a0575\u00a000017  pour  assurer  les  formations  obligatoires  d\u00e9finies  par  les  textes  sus-cit\u00e9s,  aux\nconducteurs du transport routier de voyageurs FIMO- FCO et compl\u00e9mentaires dites passerelles pour\nune p\u00e9riode probatoire de six mois.\nArticle 2\n \nLe responsable du centre de formation s'engage \u00e0 re specter les programmes et les modalit\u00e9s de mise\nen \u0153uvre de la formation, fix\u00e9s par l'arr\u00eat\u00e9 du 03 janvier 2008 modifi\u00e9.\nLe centre agr\u00e9\u00e9 s'engage \u00e0 r\u00e9aliser au cours de cet te p\u00e9riode de six mois, au minimum une session\nde\u00a0formation initiale minimale obligatoire (FIMO) e t six sessions compl\u00e8tes de formation continue\nobligatoire (FCO) ou de formation compl\u00e9mentaire d\u00e9 nomm\u00e9e H\u00a0passerelle\u00a0I, mentionn\u00e9e dans le\nCode des transports sus-vis\u00e9, dans le secteur du tr ansport de marchandises. Chacune de ces sessions\ndevra comporter au moins huit stagiaires. Si le cen tre de formation ne souhaite r\u00e9aliser que des\nsessions  de  FCO, le  nombre  minimum  de  sessions  de  formation  est  fix\u00e9  \u00e0  huit.  Si  le  centre  de\nformation  ne  souhaite  r\u00e9aliser  que  des  sessions  de  FIMO,  le  nombre  minimum  de  sessions  de\nformation est fix\u00e9 \u00e0 trois.\nArticle   \n3   \nLe centre agr\u00e9\u00e9 s'engage \u00e0 mettre en place une orga nisation mat\u00e9rielle et p\u00e9dagogique adapt\u00e9e aux\nformations  dispens\u00e9es  et  d'informer,  dans  les  plus  brefs  d\u00e9lais,  la  Direction  r\u00e9gionale  et\nInterd\u00e9partementale  de  l'environnement, de  l'am\u00e9nagement  et  des  transports  d'\u00cele-de-France  de\ntoutes modifications affectant ses moyens humains et mat\u00e9riels.\nArticle    4   \nLe responsable du centre agr\u00e9\u00e9 par la pr\u00e9sente d\u00e9ci sion s'engage \u00e0 pr\u00e9senter au Pr\u00e9fet de r\u00e9gion\u2013\nDirection r\u00e9gionale et Interd\u00e9partementale de l'env ironnement, de l'am\u00e9nagement et des transports\nd'\u00cele-de-France- les pr\u00e9visions trimestrielles ains i que les bilans trimestriels et annuels des format ions\nr\u00e9alis\u00e9es.\nArticle   \n5   \nLe responsable du centre agr\u00e9\u00e9 s'engage \u00e0 faire sui vre aux formateurs et aux moniteurs d'entreprise,\ns'il y a lieu, les formations leur permettant de ma intenir et d'actualiser leurs connaissances dans le s\ndomaines dans lesquels ils assurent les formations professionnelles des conducteurs du transport\nroutier de voyageurs.\nArticle   \n 6   \nLe responsable du centre agr\u00e9\u00e9 s'engage \u00e0 s'assurer  que les organismes de formation agr\u00e9\u00e9s auxquels\nil  a  confi\u00e9  par  contrat  ou  convention  la  r\u00e9alisation  d'une  partie  des  formations  obligatoires  de\nconducteur routier respectent les dispositions du c ahier des charges ainsi que le programme des\nformations obligatoires de conducteur routier et \u00e0 communiquer chaque ann\u00e9e au Pr\u00e9fet de r\u00e9gion\n(Direction r\u00e9gionale et Interd\u00e9partementale de l'environnement, de l'am\u00e9nagement et des transports\nd'\u00cele-de-France), les nouveaux contrats ou conventi ons conclus dans l'ann\u00e9e \u00e9coul\u00e9e ainsi que les\nmodifications intervenues dans les contrats pr\u00e9c\u00e9dents durant cette m\u00eame p\u00e9riode.\n2/3\nDirection r\u00e9gionale et interd\u00e9partementale de l'environnement, de l'am\u00e9nagement et des transports d'\u00cele-de-France -\nIDF-2025-04-28-00006 - D\u00e9cision DRIEAT-IdF n\u00b02025-319 portant agrement probatoire Voyageurs OFT-Voyageurs 47\nsig\"\nArticle   7   \nLe centre de formation agr\u00e9\u00e9 s'engage \u00e0 r\u00e9aliser lu i-m\u00eame dans tous les cas, y compris lorsqu'une\npartie des formations obligatoires a \u00e9t\u00e9 confi\u00e9e \u00e0 un autre organisme de formation agr\u00e9\u00e9, l'accueil\ndes stagiaires en formation, la v\u00e9rification de per mis de conduire, titres ou attestations requises et  \u00e0\nassurer l'\u00e9valuation finale de ces formations.\nArticle   \n8   \nTout manquement au respect des exigences du cahier des charges est susceptible d'entra\u00eener la \nsuspension, voire le retrait de l'agr\u00e9ment.\nL'agr\u00e9ment peut \u00eatre retir\u00e9 au centre de formation par d\u00e9cision du Pr\u00e9fet de r\u00e9gion.\nArticle   \n 9   \nLa port\u00e9e g\u00e9ographique de l'agr\u00e9ment est r\u00e9gionale.\nArticle   \n10   \nLa  directrice  r\u00e9gionale  et  interd\u00e9partementale  de  l'environnement,  de  l'am\u00e9nagement  et  des\ntransports d'\u00cele-de-France, est charg\u00e9e de l'ex\u00e9cution de la pr\u00e9sente d\u00e9cision.\n\u00c0 Paris, le 28-04-2025\nPour le Pr\u00e9fet et par subd\u00e9l\u00e9gation,\nl'Adjoint au Chef du D\u00e9partement R\u00e9gulation des Transports Routiers\n   Ronan MEAR\n3/3\nDirection r\u00e9gionale et interd\u00e9partementale de l'environnement, de l'am\u00e9nagement et des transports d'\u00cele-de-France -\nIDF-2025-04-28-00006 - D\u00e9cision DRIEAT-IdF n\u00b02025-319 portant agrement probatoire Voyageurs OFT-Voyageurs 48\nRectorat de la r\u00e9gion acad\u00e9mique\nd'Ile-de-France, rectorat de l'acad\u00e9mie de Paris\nIDF-2025-04-17-00007\nArr\u00eat\u00e9 n\u00b0 2025-040-RRA modifiant la liste des\n\u00e9tablissements d'enseignement sup\u00e9rieur de la\nr\u00e9gion acad\u00e9mique pr\u00e9vue \u00e0 l'article R.822-1-1 du\ncode de l'\u00e9ducation\nRectorat de la r\u00e9gion acad\u00e9mique d'Ile-de-France, rectorat de l'acad\u00e9mie de Paris - IDF-2025-04-17-00007 - Arr\u00eat\u00e9 n\u00b0 2025-040-RRA\nmodifiant la liste des \u00e9tablissements d'enseignement sup\u00e9rieur de la r\u00e9gion acad\u00e9mique pr\u00e9vue \u00e0 l'article R.822-1-1 du code de\nl'\u00e9ducation\n49\nEx |REGION ACADEMIQUEILE-DE-FRANCELibert\u00e9Egalit\u00e9Fraternit\u00e9\n \n Rectrice d\u00e9l\u00e9gu\u00e9e  \npour l'enseignement sup\u00e9rieur \nla recherche et l'innovation \n \n1 \n                                                       \n \n \n \nArr\u00eat\u00e9 n\u00b02025-040-RRA modifiant la liste des \u00e9tablissements d'enseignement \nsup\u00e9rieur de la r\u00e9gion acad\u00e9mique pr\u00e9vue \u00e0 l'article R. 822-1-1 du code de \nl'\u00e9ducation  \nLA RECTRICE DE LA R\u00c9GION ACAD\u00c9MIQUE \u00ceLE-DE-FRANCE, \nRECTRICE DE L'ACAD\u00c9MIE DE PARIS \nCHANCELI\u00c8RE DES UNIVERSIT\u00c9S DE PARIS  \nET D'\u00ceLE-DE-FRANCE \n \nVu le code de l'\u00e9ducation, notamment ses articles L. 822 -1-1, R. 222 -24-2 \u00e0 R. 222 -24-9 et \nR.822-1-1 ; \nVu le d\u00e9cret du Pr\u00e9sident de la R\u00e9p ublique en date du 12 mars 2025 , nommant Mme Julie \nBENETTI en tant que rectrice de l'acad\u00e9mie de la r\u00e9gion acad\u00e9mique d'\u00ce le-de-France, \nrectrice de l'acad\u00e9mie de Paris, chanceli\u00e8re des universit\u00e9s de Paris et d'\u00cele-de-France ; \nVu l'arr\u00eat\u00e9 du 21 novembre 2024 fixant les modalit\u00e9s de versement de l'aide financi\u00e8re \npr\u00e9vue \u00e0 l'article L. 822-1-1 du code de l'\u00e9ducation ; \nVu l'arr\u00eat\u00e9 du ministre de l'Education nationa le, de la Jeunesse et des Sports et de la \nministre de l'Enseignement sup\u00e9rieur, de la Recherche et de l'Innovation du 15 mars 2022  \nportant nomination de M. Alexandre BOSCH en qualit\u00e9 de secr\u00e9taire g\u00e9n\u00e9ral, chef du \nservice r\u00e9gional de l'enseignement sup\u00e9rieur, de la recherche et de l'innovation de la r\u00e9gion \nacad\u00e9mique \u00cele-de-France et secr\u00e9taire g\u00e9n\u00e9ral de l'\u00e9tablissement public Chancellerie des \nuniversit\u00e9s de Paris ;  \nVu l'arr\u00eat\u00e9 n\u00b02024-143-RRA du 2 d\u00e9cembre 2024 fixant la liste des \u00e9tablissements \nd'enseignement sup\u00e9rieur de la r\u00e9gion acad\u00e9mique pr\u00e9vue \u00e0 l'article R.822 -1-1 du code de \nl'\u00e9ducation ; \nSur la proposition des centres r\u00e9gionaux des \u0153uvres universitaires de Paris, Versailles et \nCr\u00e9teil ; \nARR\u00caTE : \nArticle 1 \nLes \u00e9tablissements indiqu\u00e9s en annexe du pr\u00e9sent arr\u00eat\u00e9 sont retir\u00e9s de l'arr\u00eat\u00e9 du 2  \nd\u00e9cembre 2024 fixant la liste des \u00e9tablissements d'enseignement sup\u00e9rieur de la r\u00e9gion \nacad\u00e9mique pr\u00e9vue \u00e0 l'article R.822-1-1 du code de l'\u00e9ducation.  \nRectorat de la r\u00e9gion acad\u00e9mique d'Ile-de-France, rectorat de l'acad\u00e9mie de Paris - IDF-2025-04-17-00007 - Arr\u00eat\u00e9 n\u00b0 2025-040-RRA\nmodifiant la liste des \u00e9tablissements d'enseignement sup\u00e9rieur de la r\u00e9gion acad\u00e9mique pr\u00e9vue \u00e0 l'article R.822-1-1 du code de\nl'\u00e9ducation\n50\n2 \n \nArticle 2 \nLa liste annex\u00e9e au pr\u00e9sent arr\u00eat\u00e9 est consultable au si\u00e8ge de la r\u00e9gion acad\u00e9mique d'\u00cele -\nde-France. \nArticle 3 \nLe pr\u00e9sent arr\u00eat\u00e9 sera transmis aux cheffes et chefs, directrices et directeurs des \n\u00e9tablissements d'enseignement sup\u00e9rieur figurant au sein de la liste annex\u00e9e. \nArticle 4 \nMonsieur le secr\u00e9taire g\u00e9n\u00e9ral, chef du service r\u00e9gional de l'enseignement sup\u00e9rieur, de la \nrecherche et de l'innovation de la r\u00e9gion acad\u00e9mique \u00cele-de-France, Mesdames et Messieurs \nles chefs d'\u00e9tablissement, sont charg\u00e9(e)s chacun en ce qui les concerne de l'ex\u00e9cution du \npr\u00e9sent arr\u00eat\u00e9 qui sera publi\u00e9 au recueil des actes administratifs d e la pr\u00e9fecture de la \nr\u00e9gion d'\u00cele-de-France. \n \n \nFait \u00e0 Paris, le 17 avril 2025 \n \n \nLa rectrice de la r\u00e9gion acad\u00e9mique d'\u00cele-de-\nFrance, rectrice de l'acad\u00e9mie de Paris, \nchanceli\u00e8re des universit\u00e9s de Paris et d'\u00cele-de-\nFrance  \nSign\u00e9 \nJulie BENETTI \n \n \n \n \n \n \n \n \n \n \n \n \nRectorat de la r\u00e9gion acad\u00e9mique d'Ile-de-France, rectorat de l'acad\u00e9mie de Paris - IDF-2025-04-17-00007 - Arr\u00eat\u00e9 n\u00b0 2025-040-RRA\nmodifiant la liste des \u00e9tablissements d'enseignement sup\u00e9rieur de la r\u00e9gion acad\u00e9mique pr\u00e9vue \u00e0 l'article R.822-1-1 du code de\nl'\u00e9ducation\n51\n3 \nAnnexe 1 \u2014 Liste des \u00e9tablissements d'enseignement sup\u00e9rieur de la r\u00e9gion \nacad\u00e9mique d'\u00cele-de-France retir\u00e9s de l'arr\u00eat\u00e9 du 2 d\u00e9cembre 2024 \n \nACADEMIE UAI DENOMINATION ETABLISSEMENT ADRESSE DU SITE DE \nFORMATION \nCr\u00e9teil 0932830W D'Facto Sup 32 Rue Delizy, 93500 - PANTIN \nCr\u00e9teil 0932615M Ecole Danhier de masso-\nkin\u00e9sith\u00e9rapie \n67 Rue de Saint-Denis, 93400 - \nSAINT-OUEN-SUR-SEINE \nCr\u00e9teil 0932699D Ecole internationale du mime \ncorporel dramatique \n28 bis Rue Gaston Lauriau, 93100 \n- MONTREUIL \nCr\u00e9teil 0942112K IFMK GUINOT 24 Boulevard Chastenet De Gery, \n94800 - VILLEJUIF \nCr\u00e9teil 0771988T IFSI du centre hospitalier du centre \nhospitalier du sud Seine-et-Marne \n55 bis Boulevard du Mar\u00e9chal \nJoffre , 77300 - FONTAINEBLEAU \nCr\u00e9teil 0771987S IFSI du centre hospitalier du centre \nhospitalier du sud Seine-et-Marne \n55 bis Boulevard du Mar\u00e9chal \nJoffre , 77300 - FONTAINEBLEAU \nCr\u00e9teil 0931809L IFSI du centre hospitalier Jean-\nVerdier \n1-7 Promenade Jean Rostand, \n93000 - BOBIGNY \nCr\u00e9teil 0932318P IFSI du centre hospitalier Jean-\nVerdier \n1-7 Promenade Jean Rostand, \n93000 - BOBIGNY \nCr\u00e9teil 0941876D Institut National de l'Audiovisuel \n(INA) \n4 Avenue de l'Europe , 94360 - \nBRY-SUR-MARNE \nVersailles 0912287S \nANTENNE IUT D'EVRY (JUVISY SUR \nORGE) - UNIVERSITE EVRY VAL \nD'ESSONNE \n6 A Rue Piver \u2013 Parc de la Mairie, \n91260 - JUVISY-SUR-ORGE \nVersailles 0912394H Centre de formation de l'Essonne 23 Rue des Ateliers, 91350 - \nGRIGNY \nVersailles 0783713M Ecole 2D degr\u00e9 polyvalent priv\u00e9e \nEsth\u00e9tique Camille S\u00e9line \n6 Avenue Charles de Gaulle, \n78150 - LE CHESNAY \nROCQUENCOURT \nVersailles 0922415A Ecole d'Aide m\u00e9dico-psychologique 175 Avenue Division Leclerc, \n92290 - CHATENAY MALABRY \nVersailles 0783724Z \nEcole sup\u00e9rieure de vente de \nmanagement - CCI Paris Ile-de-France \nEducation \n44 Rue Raymond Paten\u00f4tre, \n78120 - RAMBOUILLET \nVersailles 0910634V Etablissement hospitalier Institut de \nformation Perray Vaucluse \nRue de Rivoli, 91360 - EPINAY-\nSUR-ORGE \nVersailles 0921935D \nEtablissement r\u00e9gional \nd'enseignement adapt\u00e9 Toulouse \nLautrec \n131 Avenue de la Celle Saint \nCloud, 92420 - VAUCRESSON \n \nVersailles \n \n \n0951568N \n \nInstitut de formation de soins Centre \nhospitalier de Gonesse \n2 Boulevard du 19 mars 1962, \n95501 - GONESSE \nVersailles 0780548X Institut de formation soins infirmiers \ndu Centre hospitalier de Versailles \n25 boulevard Saint Antoine, \n78001 - VERSAILLES \nRectorat de la r\u00e9gion acad\u00e9mique d'Ile-de-France, rectorat de l'acad\u00e9mie de Paris - IDF-2025-04-17-00007 - Arr\u00eat\u00e9 n\u00b0 2025-040-RRA\nmodifiant la liste des \u00e9tablissements d'enseignement sup\u00e9rieur de la r\u00e9gion acad\u00e9mique pr\u00e9vue \u00e0 l'article R.822-1-1 du code de\nl'\u00e9ducation\n52\n4 \nVersailles 0921981D Institut de formation en soins \ninfirmiers - h\u00f4pital Foch \n11 rue Guillaume,78401 - \nSURESNES \nVersailles 0910685A Institut national des sciences et \ntechniques nucl\u00e9aires (INSTN) \nCentre CEA de Saclay Point \ncourrier n 35 , 91191 - GIF-SUR-\nYVETTE \n    \n \nAnnexe 2 \u2014 Liste des \u00e9tablissements d'enseignement sup\u00e9rieur de la \nr\u00e9gion acad\u00e9mique d'\u00cele-de-France ajout\u00e9s \u00e0 l'arr\u00eat\u00e9 du 2 d\u00e9cembre 2024 \nACADEMIE UAI DENOMINATION ETABLISSEMENT ADRESSE DU SITE DE \nFORMATION \nCr\u00e9teil 0772599G Ecole Sup\u00e9rieure de Management en \nAlternance \n54-56 rue de la maison rouge, \n77185 - LOGNES \nCr\u00e9teil 0771989U IFSI du centre hospitalier de Provins ROUTE DE CHALAUTRE LA \nPETITE,77160 - PROVINS \nCr\u00e9teil 0772667F Institut Sup\u00e9rieur En Alternance du \nManagement \n52 rue de la maison rouge, \n77185 - LOGNES \nParis 0754908C CENTRE DE FORMATION SAINT HONORE 42-44 rue de Romainville, \n75019 - PARIS \nParis 0753696K \u00c9cole de Formation Psycho P\u00e9dagogique \n(EFPP) \n24-26 rue Louis Armand,75015 \n- PARIS \nParis 0754784T ECOLE DE SERVICE SOCIAL CRAMIF 17-19 place de l'Argonne, \n75019 - PARIS \nParis 0753028J IFSI AP-HP DE L'HOPITAL TENON 14, rue des Balkans, 75020 - \nPARIS \nParis 0755964A SUP de V 3 rue Armand Moisant, 75015 - \nPARIS \nVersailles 0921378Y Conservatoire National R\u00e9gional 22 rue de la Belle Feuille,92100 \n- BOULOGNE BILLANCOURT \nVersailles 0923011Y Ecole de commerce europ\u00e9enne Paris \n(ECE Paris) \n82 Esplanade du G\u00e9n\u00e9ral de \nGaulle, 92400 - COURBEVOIE \nVersailles 0922605G \nInstitut national sup\u00e9rieur de formation \net de recherche pour l'\u00e9ducation \ninclusive \n58-60 avenue des Landes, \n92150 - SURESNES \n \nRectorat de la r\u00e9gion acad\u00e9mique d'Ile-de-France, rectorat de l'acad\u00e9mie de Paris - IDF-2025-04-17-00007 - Arr\u00eat\u00e9 n\u00b0 2025-040-RRA\nmodifiant la liste des \u00e9tablissements d'enseignement sup\u00e9rieur de la r\u00e9gion acad\u00e9mique pr\u00e9vue \u00e0 l'article R.822-1-1 du code de\nl'\u00e9ducation\n53\nREGION ACADEMIQUE\u00ceLE-DE-FRANCELibert\u00e9Egalit\u00e9Fraternit\u00e9\n \n Rectrice d\u00e9l\u00e9gu\u00e9e  \npour l'enseignement sup\u00e9rieur \nla recherche et l'innovation \n \n1 \n                                                       \n \nAnnexe \u00e0 l'arr\u00eat\u00e9 n\u00b02025-040-RRA modifiant la liste des \u00e9tablissements \nd'enseignement sup\u00e9rieur de la r\u00e9gion acad\u00e9mique pr\u00e9vue \u00e0 l'article R. 822-1-1 \ndu code de l'\u00e9ducation  \n \n1- Liste des \u00e9tablissements d'enseignement sup\u00e9rieur de la r\u00e9gion \nacad\u00e9mique d'\u00cele-de-France retir\u00e9s de l'arr\u00eat\u00e9 du 2 d\u00e9cembre 2024 \n \nACADEMIE UAI DENOMINATION ETABLISSEMENT ADRESSE DU SITE DE \nFORMATION \nCr\u00e9teil 0932830W D'Facto Sup 32 Rue Delizy, 93500 - PANTIN \nCr\u00e9teil 0932615M Ecole Danhier de masso-\nkin\u00e9sith\u00e9rapie \n67 Rue de Saint-Denis, 93400 - \nSAINT-OUEN-SUR-SEINE \nCr\u00e9teil 0932699D Ecole internationale du mime \ncorporel dramatique \n28 bis Rue Gaston Lauriau, 93100 \n- MONTREUIL \nCr\u00e9teil 0942112K IFMK GUINOT 24 Boulevard Chastenet De Gery, \n94800 - VILLEJUIF \nCr\u00e9teil 0771988T IFSI du centre hospitalier du centre \nhospitalier du sud Seine-et-Marne \n55 bis Boulevard du Mar\u00e9chal \nJoffre , 77300 - FONTAINEBLEAU \nCr\u00e9teil 0771987S IFSI du centre hospitalier du centre \nhospitalier du sud Seine-et-Marne \n55 bis Boulevard du Mar\u00e9chal \nJoffre , 77300 - FONTAINEBLEAU \nCr\u00e9teil 0931809L IFSI du centre hospitalier Jean-\nVerdier \n1-7 Promenade Jean Rostand, \n93000 - BOBIGNY \nCr\u00e9teil 0932318P IFSI du centre hospitalier Jean-\nVerdier \n1-7 Promenade Jean Rostand, \n93000 - BOBIGNY \nCr\u00e9teil 0941876D Institut National de l'Audiovisuel \n(INA) \n4 Avenue de l'Europe , 94360 - \nBRY-SUR-MARNE \nVersailles 0912287S \nANTENNE IUT D'EVRY (JUVISY SUR \nORGE) - UNIVERSITE EVRY VAL \nD'ESSONNE \n6 A Rue Piver \u2013 Parc de la Mairie, \n91260 - JUVISY-SUR-ORGE \nVersailles 0912394H Centre de formation de l'Essonne 23 Rue des Ateliers, 91350 - \nGRIGNY \nVersailles 0783713M Ecole 2D degr\u00e9 polyvalent priv\u00e9e \nEsth\u00e9tique Camille S\u00e9line \n6 Avenue Charles de Gaulle, \n78150 - LE CHESNAY \nROCQUENCOURT \nVersailles 0922415A Ecole d'Aide m\u00e9dico-psychologique 175 Avenue Division Leclerc, \n92290 - CHATENAY MALABRY \nVersailles 0783724Z \nEcole sup\u00e9rieure de vente de \nmanagement - CCI Paris Ile-de-France \nEducation \n44 Rue Raymond Paten\u00f4tre, \n78120 - RAMBOUILLET \nVersailles 0910634V Etablissement hospitalier Institut de \nformation Perray Vaucluse \nRue de Rivoli, 91360 - EPINAY-\nSUR-ORGE \nRectorat de la r\u00e9gion acad\u00e9mique d'Ile-de-France, rectorat de l'acad\u00e9mie de Paris - IDF-2025-04-17-00007 - Arr\u00eat\u00e9 n\u00b0 2025-040-RRA\nmodifiant la liste des \u00e9tablissements d'enseignement sup\u00e9rieur de la r\u00e9gion acad\u00e9mique pr\u00e9vue \u00e0 l'article R.822-1-1 du code de\nl'\u00e9ducation\n54\n2 \nVersailles 0921935D \nEtablissement r\u00e9gional \nd'enseignement adapt\u00e9 Toulouse \nLautrec \n131 Avenue de la Celle Saint \nCloud, 92420 - VAUCRESSON \n \nVersailles \n \n \n0951568N \n \nInstitut de formation de soins Centre \nhospitalier de Gonesse \n2 Boulevard du 19 mars 1962, \n95501 - GONESSE \nVersailles 0780548X Institut de formation soins infirmiers \ndu Centre hospitalier de Versailles \n25 boulevard Saint Antoine, \n78001 - VERSAILLES \nVersailles 0921981D Institut de formation en soins \ninfirmiers - h\u00f4pital Foch \n11 rue Guillaume,78401 - \nSURESNES \nVersailles 0910685A Institut national des sciences et \ntechniques nucl\u00e9aires (INSTN) \nCentre CEA de Saclay Point \ncourrier n 35 , 91191 - GIF-SUR-\nYVETTE \n    \n \n2- Liste des \u00e9tablissements d'enseignement sup\u00e9rieur de la r\u00e9gion \nacad\u00e9mique d'\u00cele-de-France ajout\u00e9s \u00e0 l'arr\u00eat\u00e9 du 2 d\u00e9cembre 2024 \nACADEMIE UAI DENOMINATION ETABLISSEMENT ADRESSE DU SITE DE \nFORMATION \nCr\u00e9teil 0772599G Ecole Sup\u00e9rieure de Management en \nAlternance \n54-56 rue de la maison rouge, \n77185 - LOGNES \nCr\u00e9teil 0771989U IFSI du centre hospitalier de Provins ROUTE DE CHALAUTRE LA \nPETITE,77160 - PROVINS \nCr\u00e9teil 0772667F Institut Sup\u00e9rieur En Alternance du \nManagement \n52 rue de la maison rouge, \n77185 - LOGNES \nParis 0754908C CENTRE DE FORMATION SAINT HONORE 42-44 rue de Romainville, \n75019 - PARIS \nParis 0753696K \u00c9cole de Formation Psycho P\u00e9dagogique \n(EFPP) \n24-26 rue Louis Armand,75015 \n- PARIS \nParis 0754784T ECOLE DE SERVICE SOCIAL CRAMIF 17-19 place de l'Argonne, \n75019 - PARIS \nParis 0753028J IFSI AP-HP DE L'HOPITAL TENON 14, rue des Balkans, 75020 - \nPARIS \nParis 0755964A SUP de V 3 rue Armand Moisant, 75015 - \nPARIS \nVersailles 0921378Y Conservatoire National R\u00e9gional 22 rue de la Belle Feuille,92100 \n- BOULOGNE BILLANCOURT \nVersailles 0923011Y Ecole de commerce europ\u00e9enne Paris \n(ECE Paris) \n82 Esplanade du G\u00e9n\u00e9ral de \nGaulle, 92400 - COURBEVOIE \nVersailles 0922605G \nInstitut national sup\u00e9rieur de formation \net de recherche pour l'\u00e9ducation \ninclusive \n58-60 avenue des Landes, \n92150 - SURESNES \n \nRectorat de la r\u00e9gion acad\u00e9mique d'Ile-de-France, rectorat de l'acad\u00e9mie de Paris - IDF-2025-04-17-00007 - Arr\u00eat\u00e9 n\u00b0 2025-040-RRA\nmodifiant la liste des \u00e9tablissements d'enseignement sup\u00e9rieur de la r\u00e9gion acad\u00e9mique pr\u00e9vue \u00e0 l'article R.822-1-1 du code de\nl'\u00e9ducation\n55","date":"2025-04-29","first_seen_on":"2025-04-29T16:33:39+00:00","id":"1fd59a32b641858ab654facbc38ad8018bae7aad47112475734d2d2591588551","name":"recueil-idf-060-2025-04-recueil-des-actes-administratifs-special du 29.04.2025","pdf_creation_date":"2025-04-29T14:58:32+00:00","pdf_modification_date":null,"timezone":"Europe/Paris","url":"https://www.prefectures-regions.gouv.fr/ile-de-france/irecontenu/telechargement/127377/939910/file/recueil-idf-060-2025-04-recueil-des-actes-administratifs-special%20du%2029.04.2025.pdf"}
