{"administration":"pref83","administration_name":"Pr\u00e9fecture du Var","content":"VAR\nRECUEIL DES ACTES\nADMINISTRATIFS\nN\u00b083-2026-070\nPUBLI\u00c9 LE 27 F\u00c9VRIER 2026\nSommaire\nPr\u00e9fecture du VAR /\n83-2026-02-27-00001 - arrete liste classement selection candidaturesMJPMi\n(2 pages) Page 3\n2\nPr\u00e9fecture du VAR\n83-2026-02-27-00001\narrete liste classement selection\ncandidaturesMJPMi\nPr\u00e9fecture du VAR - 83-2026-02-27-00001 - arrete liste classement selection candidaturesMJPMi 3\n=mPREFETDU VARLibert\u00e9Egalit\u00e9Fraternit\u00e9\nDirection D\u00e9partementale\n de l'Emploi, du Travail\net des Solidarit\u00e9s\nService acc\u00e8s \u00e0 l'autonomie\ndes populations vuln\u00e9rables\nARR\u00caT\u00c9 PR\u00c9FECTORAL \nportant classement et s\u00e9lection des candidatures\naux fins d'agr\u00e9ment de mandataires judiciaires \u00e0 la protection des majeurs \nexer\u00e7ant \u00e0 titre individuel dans le d\u00e9partement du Var\nLe Pr\u00e9fet du Var,\nVu le Code de l'action sociale et des familles, notamment les articles L. 472-1, L. 472-1-1, et R. \n472-1 ;\nVu le sch\u00e9ma r\u00e9gional de la protection juridique des majeurs et des d\u00e9l\u00e9gu\u00e9s aux prestations  \nfamiliales de la r\u00e9gion Provence Alpes C\u00f4te d'Azur du 21 d\u00e9cembre 2020 ;\nVu l'avis d'appel \u00e0 candidature en date du 5 ao\u00fbt 2025 aux fins d'agr\u00e9ment de mandataires  \njudiciaires \u00e0 la protection des majeurs exer\u00e7ant \u00e0 titre individuel dans le d\u00e9partement du Var ;\nVu les arr\u00eat\u00e9s du 18 d\u00e9cembre 2025 et du 24 d\u00e9cembre 2025 fixant la liste des candidatures  \nrecevables  dans  le  cadre  de  l'appel  \u00e0  candidature  aux  fins  d'agr\u00e9ment  de  mandataires  \njudiciaires \u00e0 la protection des majeurs exer\u00e7ant \u00e0 titre individuel dans le d\u00e9partement du Var ;\nVu l'avis de la commission d\u00e9partementale d'agr\u00e9ment du 3 f\u00e9vrier 2026 ;\nConsid\u00e9rant le caract\u00e8re souverain de l'avis de la commission d\u00e9partementale d'agr\u00e9ment ;\nConsid\u00e9rant le pouvoir d'appr\u00e9ciation du pr\u00e9fet conform\u00e9ment aux articles L. 472-1-1 et R.  \n472-1 du Code de l'action sociale et des familles ;\nSur proposition de la directrice d\u00e9partementale de l'emploi, du travail et des solidarit\u00e9s et  \navis conforme du procureur de la R\u00e9publique sur le classement des candidatures ;\nARR\u00caTE :\nArticle 1  er     :   La liste des candidats dont la candidature est s\u00e9lectionn\u00e9e au regard des \nconditions pr\u00e9vues au troisi\u00e8me alin\u00e9a de l'article L. 472-1- du code susvis\u00e9 est la suivante, par \nordre alphab\u00e9tique : \nPr\u00e9fecture du VAR - 83-2026-02-27-00001 - arrete liste classement selection candidaturesMJPMi 4\nNOM de famille NOM d'usage Pr\u00e9nom\nBEECKMANS B\u00e9rang\u00e8re\nBELET CARTON Sandra\nCHAMARD S\u00e9bastien\nCHARLES Mathieu\nFOUREL BONSIGNOUR Anne-Sophie\nGUENNICHE Justine\nHAMMAMI TOUIL Oc\u00e9ane\nHANANA Christel\nPLANCHER GARIBAL Alexa\nROUVEURE No\u00e9mie\nSCIANDRA Gabin\nTORRE Alexia\nTRONC Magali\nVAN NOOIJ MAILLOT Aim\u00e9e\nVEDEL BRARD Julie\nArticle 2     :   La pr\u00e9sente d\u00e9cision peut faire l'objet d'un recours administratif gracieux aupr\u00e8s du \nPr\u00e9fet du Var dans les deux mois suivant sa publication. Un recours contentieux peut \u00eatre  \nd\u00e9pos\u00e9 aupr\u00e8s du tribunal administratif de Toulon, situ\u00e9 au 5 rue Racine BP 40510 83041  \nToulon cedex 9, \u00e9galement dans un d\u00e9lai de deux mois \u00e0 compter de sa publication, ou dans  \nle d\u00e9lai de deux mois \u00e0 partir de la r\u00e9ponse de l'administration si un recours administratif a  \n\u00e9t\u00e9 d\u00e9pos\u00e9, l'absence de r\u00e9ponse au terme d'un d\u00e9lai de deux mois valant rejet implicite. La  \njuridiction administrative comp\u00e9tente peut aussi \u00eatre saisie par l'application \u00ab  T\u00e9l\u00e9recours \ncitoyens \u00bb accessible \u00e0 partir du site www.telerecours.fr.\nArticle 3     : Une copie du pr\u00e9sent arr\u00eat\u00e9 sera notifi\u00e9e au procureur de la R\u00e9publique du tribunal \njudiciaire de Toulon.\nArticle 4     : Le pr\u00e9sent arr\u00eat\u00e9 sera publi\u00e9 au recueil des actes administratifs de l'\u00c9tat dans le Var.\nArticle 5 :  Le secr\u00e9taire g\u00e9n\u00e9ral de la pr\u00e9fecture du Var et  la directrice d\u00e9partementale de  \nl'emploi, du travail et des solidarit\u00e9s du Var, so nt charg\u00e9s, chacun en ce qui le concerne, de  \nl'ex\u00e9cution du pr\u00e9sent arr\u00eat\u00e9. \nFait \u00e0 Toulon, le 27 f\u00e9vrier 2026\nLe Pr\u00e9fet \nsign\u00e9 : Simon BABRE\nPr\u00e9fecture du VAR - 83-2026-02-27-00001 - arrete liste classement selection candidaturesMJPMi 5","date":"2026-03-02","first_seen_on":"2026-03-02T13:39:59+00:00","id":"20156f7d37171a55a9f22afaf45a09fff6784c614c0fa3a1db499e1580bd0ac7","name":"RAA N\u00b070 du 27 f\u00e9vrier 2026","pdf_creation_date":"2026-02-27T16:14:19+00:00","pdf_modification_date":"2026-02-27T16:14:59+00:00","timezone":"Europe/Paris","url":"https://www.var.gouv.fr/contenu/telechargement/45168/294605/file/RAA%20N%C2%B070%20du%2027%20f%C3%A9vrier%202026.pdf"}
