{"administration":"pref83","administration_name":"Pr\u00e9fecture du Var","content":"VAR\nRECUEIL DES ACTES\nADMINISTRATIFS SP\u00c9CIAL\n(NOMINATIFS)\nN\u00b083-2025-417\nPUBLI\u00c9 LE 10 D\u00c9CEMBRE 2025\nSommaire\nDirection d\u00e9partementale de l'emploi, du travail et des solidarit\u00e9s du Var\n/ Direction de la DDETS\n83-2025-12-01-00020 - arreteCDF2 01 12 25 RAA-2 (3 pages) Page 3\nPr\u00e9fecture du VAR / Direction de la citoyennet\u00e9 et de la l\u00e9galit\u00e9\n83-2025-12-09-00003 - ARR\u00caT\u00c9 PR\u00c9FECTORAL n\u00b0\nDCL/BERG/2025/0184 du 09 d\u00e9cembre 2025 portant habilitation dans le\ndomaine fun\u00e9raire de l'\u00e9tablissement \u00ab\u00a0CHAMBRE FUN\u00c9RAIRE\nDE CUERS\u00a0\u00bb rue du souvenir fran\u00e7ais, quartier Saint-Roch, quartier\nSaint-Roch - 83390 CUERS, g\u00e9r\u00e9 par la SAS \u00ab\u00a0LA SOCIETE DU\nCREMATORIUM DE CUERS\u00a0\u00bb (2 pages) Page 7\n83-2025-12-09-00002 - ARR\u00caT\u00c9 PR\u00c9FECTORAL n\u00b0\nDCL/BERG/2025/0218 du 09 d\u00e9cembre 2025 portant renouvellement de\nl'habilitation de l'\u00e9tablissement\n\u00ab\u00a0HOMMAGE SERVICES\nFUN\u00c9RAIRES\u00a0\u00bb 5, Rue du Docteur Roux Seignoret - Place Clemenceau\n- 83400 HYERES, g\u00e9r\u00e9 par la SAS \u00ab\u00a0LES CL\u00c9S DE LA VIE\u00a0\u00bb (3\npages) Page 10\n83-2025-12-09-00005 - ARR\u00caT\u00c9 PR\u00c9FECTORAL n\u00b0\nDCL/BERG/2025/0263 du 09 d\u00e9cembre 2025 portant renouvellement de\nl'habilitation de l'\u00e9tablissement \u00ab\u00a0CHAMBRE FUNERAIRE DE\nSANARY-SUR-MER\u00a0\u00bb 10 chemin de l'Huide - 83110\nSANARY-SUR-MER g\u00e9r\u00e9 par la SAS \u00ab\u00a0FUNECAP SUD-EST\u00a0\u00bb (2\npages) Page 14\n83-2025-12-09-00004 - ARR\u00caT\u00c9 PR\u00c9FECTORAL n\u00b0\nDCL/BERG/2025/0271 du 9 d\u00e9cembre 2025 portant renouvellement de\nl'habilitation de l'\u00e9tablissement \u00ab\u00a0LES POMPES FUN\u00c8BRES DU\nVAR SAS\u00a0\u00bb 9 boulevard Clemenceau - 83300 Draguignan (2 pages) Page 17\n2\nDirection d\u00e9partementale de l'emploi, du travail\net des solidarit\u00e9s du Var\n83-2025-12-01-00020\narreteCDF2 01 12 25 RAA-2\nDirection d\u00e9partementale de l'emploi, du travail et des solidarit\u00e9s du Var - 83-2025-12-01-00020 - arreteCDF2 01 12 25 RAA-2 3\n \nPr\u00e9fecture du Var \u2013DDETS \nService Acc\u00e8s \u00e0 l'Autonomie des Populations Vuln\u00e9rables \nCS 31209 \n83070  TOULON CEDEX \n  \n \n \n   \n \n  \n                                                                                                  \nDirection D\u00e9partementale de l'Emploi, du Travail et des Solidarit\u00e9s                   \n \n \nARR\u00caT\u00c9 PR\u00c9FECTORAL 2025-2-4 du 01 d\u00e9cembre 2025 \nPORTANT MODIFICATION DE LA COMPOSITION DU CONSEIL DE FAMILLE  \nDES PUPILLES DE L'\u00c9TAT DU VAR N\u00b02 \n \nLe Pr\u00e9fet du Var, \n  \n \nVU le Code de l'Action Sociale et des Familles, et notamment les articles R224-1 et suivants, \n \nVU la loi n\u00b0 84-422 du 6 Juin 1984 relative aux droits des familles dans leurs rapports avec les services \ncharg\u00e9s de la protection de l'enfant, et au statut des Pupilles de l'\u00c9tat, \n \nVU la loi n\u00b0 2016-297 du 14 mars 2016 relative \u00e0 la protection de l'enfant modifiant et compl\u00e9tant la loi n\u00b0 \n2007-293 du 05 mars 2007 r\u00e9formant la protection de l'enfance,  \n \nVU la loi n\u00b0 2022-140 du 7 f\u00e9vrier 2022 relative \u00e0 la protection des enfants, \n \nVU le d\u00e9cret n\u00b0 2024-491 du 30 mai 2024 relatif au conseil de famille des pupilles de l'\u00c9tat, \n \nVU l'arr\u00eat\u00e9 pr\u00e9fectoral en date du 25 mars 2021 portant organisation de la direction d\u00e9partementale de \nl'emploi, du travail et des solidarit\u00e9s, \n \nVU l'arr\u00eat\u00e9 du Premier ministre et du ministre de l'Int\u00e9rieur en date du 17 janvier 2025 portant nomination de \nmadame Sandrine POLYCHRONOPOULOS, directrice d\u00e9partementale de l'emploi, du travail et des \nsolidarit\u00e9s du Var \u00e0 compter du 15 f\u00e9vrier 2025, \n \nVU l'arr\u00eat\u00e9 pr\u00e9fectoral 2025-2-3 modifi\u00e9 en date du 04 septembre 2025, portant constitution du Conseil de \nFamille des Pupilles de l'\u00c9tat n\u00b02 dans le Var, \n \nVU le courriel de d\u00e9mission de madame Sylvie DESANTI, titulaire de l'association d\u00e9partementale d'entraide \naux pupilles et anciens pupilles de l'Etat (ADEPAPE) , en date du 13 novembre avec effet au 01 d\u00e9cembre \n2025, \nVU  La nomination au titre de titulaire de l'association d\u00e9partementale d'entraide aux pupilles et anciens \npupilles de l'Etat (ADEPAPE)  de madame Nelly WOOLLEY. \nVU La nomination au titre de suppl\u00e9ante de l'association d\u00e9partementale d'entraide aux pupilles et anciens \npupilles de l'Etat (ADEPAPE) de madame Peggy COSTA, \n \nCONSIDERANT que le Pr\u00e9fet du Var est le tuteur des pupilles de l'\u00c9tat en application des articles R224-1 et \nsuivants du C.A.S.F. Attribution d\u00e9l\u00e9gu\u00e9e \u00e0 la directrice d\u00e9partementale de l'emploi du travail et des \nsolidarit\u00e9s (D.D.E.T.S du Var), \n  \nSUR PROPOSITION de madame la directrice d\u00e9partementale de l'emploi, du travail et des solidarit\u00e9s, \n  \nDirection d\u00e9partementale de l'emploi, du travail et des solidarit\u00e9s du Var - 83-2025-12-01-00020 - arreteCDF2 01 12 25 RAA-2 4\nPr\u00e9fecture du Var \u2013DDETS \nService Acc\u00e8s \u00e0 l'Autonomie des Populations Vuln\u00e9rables \nCS 31209 \n83070  TOULON CEDEX \n  \n \n \n \n \n \n \n \nA R R E T E \n \nArticle 1er   \n \nL'article 2 de l'arr\u00eat\u00e9 pr\u00e9fectoral du 04 septembre 2025, relatif \u00e0 la composition du Conseil de Famille des \nPupilles de l'\u00c9tat du Var n\u00b02, est modifi\u00e9 comme suit : \n \nRepr\u00e9sentants de l'Association D\u00e9partementale d'Entraide aux Pupilles et Anciens Pupilles de l'\u00c9tat \n(ADEPAPE) : \n \n\uf0b7 Madame Nelly WOOLLEY, membre titulaire \n\uf0b7 Madame Peggy COSTA, membre suppl\u00e9ant \n \nArticle 2  \nLa nouvelle composition du Conseil de Familles des Pupilles de l'\u00c9tat n\u00b02 est fix\u00e9e comme suit : \n \nRepr\u00e9sentants du Conseil D\u00e9partemental : \n \n\uf0b7  Madame Val\u00e9rie MONDONE, membre titulaire \n\uf0b7  Madame Nathalie JANET, membre titulaire \n \nRepr\u00e9sentants de l'Association D\u00e9partementale d'Entraide aux Pupilles et Anciens Pupilles de l'\u00c9tat \n(ADEPAPE) : \n \n\uf0b7 Madame Nelly WOOLLEY, membre titulaire \n\uf0b7 Madame Peggy COSTA, membre suppl\u00e9ant \n \n \nRepr\u00e9sentants d'associations familiales : \n \nPour l'Union D\u00e9partementale des associations familiales (UDAF) :  \n \n\uf0b7 Madame Samantha BONAMY, membre titulaire \n\uf0b7 Monsieur Didier GUERRINI, membre suppl\u00e9ant \n \nPour Enfance et Familles d'Adoption (EFA) : \n \n\uf0b7 Monsieur Stephen POUPEAU-CURTY, membre titulaire \n\uf0b7 Madame  Emilie LAUVERGEAT, membre suppl\u00e9ant \n \n \nPersonnes qualifi\u00e9es en mati\u00e8re d'\u00e9thique et de lutte contre les discriminations : \n \n\uf0b7 Madame Fabienne BONNET, Inspectrice \u00c9ducation Nationale, membre titulaire \n\uf0b7 Monsieur Vincent CENDAMO, Conseiller technique de l'\u00c9ducation Nationale, membre \nsuppl\u00e9ant \n \n \n \n \n \nDirection d\u00e9partementale de l'emploi, du travail et des solidarit\u00e9s du Var - 83-2025-12-01-00020 - arreteCDF2 01 12 25 RAA-2 5\nPr\u00e9fecture du Var \u2013DDETS \nService Acc\u00e8s \u00e0 l'Autonomie des Populations Vuln\u00e9rables \nCS 31209 \n83070  TOULON CEDEX \n  \n \n \n \n \n \n \n \n \n \n \n \nPersonnes qualifi\u00e9es pour l'int\u00e9r\u00eat port\u00e9 \u00e0 la protection de l'Enfance et de la Famille : \n \n\uf0b7 Madame Sophie ABOUDARAM, membre titulaire \n\uf0b7 Madame Fran\u00e7oise PONSART, membre suppl\u00e9ante \n \n \nArticle : 3 \n \nLe Secr\u00e9taire G\u00e9n\u00e9ral de la Pr\u00e9fecture du Var et la Directrice D\u00e9partementale de l'Emploi, du Travail et des \nSolidarit\u00e9s, sont charg\u00e9s de l'ex\u00e9cution du pr\u00e9sent arr\u00eat\u00e9 qui sera publi\u00e9 au Recueil des Actes Administratifs \nde la Pr\u00e9fecture du Var. \n     \n    \n \n \n \n \n \n \n \n                    Fait \u00e0 Toulon, le  01/12/2025 \n      \n \n \n \n \n \n                                                                  Le Pr\u00e9fet, \n \n \n   Sign\u00e9 \n                  \n  \n \n                                                                          Simon BABRE \n \n \nDirection d\u00e9partementale de l'emploi, du travail et des solidarit\u00e9s du Var - 83-2025-12-01-00020 - arreteCDF2 01 12 25 RAA-2 6\nPr\u00e9fecture du VAR\n83-2025-12-09-00003\nARR\u00caT\u00c9 PR\u00c9FECTORAL n\u00b0 DCL/BERG/2025/0184\ndu 09 d\u00e9cembre 2025 portant habilitation dans\nle domaine fun\u00e9raire de l'\u00e9tablissement\n\u00ab\u00a0CHAMBRE FUN\u00c9RAIRE DE CUERS\u00a0\u00bb rue du\nsouvenir fran\u00e7ais, quartier Saint-Roch, quartier\nSaint-Roch - 83390 CUERS, g\u00e9r\u00e9 par la SAS \u00ab\u00a0LA\nSOCIETE DU CREMATORIUM DE CUERS\u00a0\u00bb\nPr\u00e9fecture du VAR - 83-2025-12-09-00003 - ARR\u00caT\u00c9 PR\u00c9FECTORAL n\u00b0 DCL/BERG/2025/0184 du 09 d\u00e9cembre 2025 portant habilitation\ndans le domaine fun\u00e9raire de l'\u00e9tablissement \u00ab\u00a0CHAMBRE FUN\u00c9RAIRE DE CUERS\u00a0\u00bb rue du souvenir fran\u00e7ais, quartier Saint-Roch,\nquartier Saint-Roch - 83390 CUERS, g\u00e9r\u00e9 par la SAS \u00ab\u00a0LA SOCIETE DU CREMATORIUM DE CUERS\u00a0\u00bb\n7\n=mPREFETDU VARLibert\u00e9Egalit\u00e9Fraternit\u00e9\nDirection de la citoyennet\u00e9 et de la l\u00e9galit\u00e9\nBureau des \u00e9lections et de la r\u00e9glementation g\u00e9n\u00e9rale\nARR\u00caT\u00c9 PR\u00c9FECTORAL n\u00b0 DCL/BERG/2025/0184 du 09 d\u00e9cembre 2025\nportant habilitation dans le domaine fun\u00e9raire\nde l'\u00e9tablissement \u00ab CHAMBRE FUN\u00c9RAIRE DE CUERS \u00bb\nrue du souvenir fran\u00e7ais, quartier Saint-Roch, quartier Saint-Roch \u2013 83390 CUERS\ng\u00e9r\u00e9 par la SAS \u00ab LA SOCIETE DU CREMATORIUM DE CUERS \u00bb\nHabilitation N\u00b0 25-83-0304\nLe Pr\u00e9fet du Var,\nVu le code g\u00e9n\u00e9ral des collectivit\u00e9s territoriales \u00a0et notamment ses articles L2223-19, L2223-23 et \nsuivants\u00a0;\nVu la loi n\u00b0 2008-1350 du 19 d\u00e9cembre 2008 relative \u00e0 la l\u00e9gislation fun\u00e9raire\u00a0;\nVu le d\u00e9cret du Pr\u00e9sident de la R\u00e9publique du 15 mai 2025, portant nomination de Monsieur  \nSimon BABRE, pr\u00e9fet du Var\u00a0;\nVu l'arr\u00eat\u00e9 pr\u00e9fectoral n\u00b0 2025/12/MCI du 2 juin 2025 portant d\u00e9l\u00e9gation de signature \u00e0 Monsieur  \nLucien GIUDICELLI, secr\u00e9taire g\u00e9n\u00e9ral de la pr\u00e9fecture du Var, sous-pr\u00e9fet de l'arrondissement de  \nToulon\u00a0;\nVu  l'arr\u00eat\u00e9  pr\u00e9fectoral  n\u00b0  2025/53/MCI  du  15  juillet  2025  portant  d\u00e9l\u00e9gation  de  signature  \u00e0 \nMonsieur Thibaut DARGON, directeur de la citoyennet\u00e9 et de la l\u00e9galit\u00e9 de la pr\u00e9fecture du Var\u00a0;\nVu la demande du 02 septembre 2025 d'habilitation de l'\u00e9tablissement \u00ab CHAMBRE FUN\u00c9RAIRE  \nDE CUERS  \u00bb,  situ\u00e9 rue du souvenir fran\u00e7ais , quartier Saint-Roch \u00e0 Cuers (83390) , formul\u00e9e par  \nMonsieur  C\u00e9dric TROUBOUL , directeur g\u00e9n\u00e9ral de la SAS  \u00ab LA SOCIETE DU CREMATORIUM DE  \nCUERS \u00bb dont le si\u00e8ge est situ\u00e9 17 rue de l'Arriv\u00e9e \u00e0 Paris (75015)\u00a0;\nVu le rapport de contr\u00f4le du site du 23 juillet 2025, \u00e9tabli par \u00ab \u00a0Fun\u00e9raires de France\u00a0\u00bb \u2013 Contr\u00f4les \nofficiels des installations fun\u00e9raires \u2013 RCS 893 816 777 Roanne, \u00e9mettant un avis conforme pour  \nl'\u00e9tablissement \u00ab CHAMBRE FUN\u00c9RAIRE DE CUERS \u00bb ;\nConsid\u00e9rant la compl\u00e9tude du dossier\u00a0;\nSur proposition du secr\u00e9taire g\u00e9n\u00e9ral de la pr\u00e9fecture\u00a0;\nARR\u00caTE\nArticle 1  : L '\u00e9tablissement  \u00ab CHAMBRE FUN\u00c9RAIRE DE CUERS  \u00bb situ\u00e9 rue du souvenir fran\u00e7ais , \nquartier  Saint-Roch  \u00e0  Cuers  (83390),  g\u00e9r\u00e9  par  la  SAS  \u00ab\u00a0LA  SOCIETE  DU  CREMATORIUM  DE \nCUERS \u00bb  dont le si\u00e8ge est situ\u00e9 17 rue de l'Arriv\u00e9e \u00e0 Paris (75015), repr\u00e9sent\u00e9 par son directeur  \ng\u00e9n\u00e9ral, Monsieur C\u00e9dric TROUBOUL, est habilit\u00e9 pour exercer les activit\u00e9s suivantes\u00a0:\n1/2\nPr\u00e9fecture du VAR - 83-2025-12-09-00003 - ARR\u00caT\u00c9 PR\u00c9FECTORAL n\u00b0 DCL/BERG/2025/0184 du 09 d\u00e9cembre 2025 portant habilitation\ndans le domaine fun\u00e9raire de l'\u00e9tablissement \u00ab\u00a0CHAMBRE FUN\u00c9RAIRE DE CUERS\u00a0\u00bb rue du souvenir fran\u00e7ais, quartier Saint-Roch,\nquartier Saint-Roch - 83390 CUERS, g\u00e9r\u00e9 par la SAS \u00ab\u00a0LA SOCIETE DU CREMATORIUM DE CUERS\u00a0\u00bb\n8\n6 - Gestion et utilisation d'une chambre fun\u00e9raire.\nArticle 2     : L'habilitation porte le num\u00e9ro 25-83-0304.\nArticle 3     :  La pr\u00e9sente habilitation est d\u00e9livr\u00e9e pour une dur\u00e9e de cinq ans  \u00e0 compter du  17 \nd\u00e9cembre 2025, soit jusqu'au 16 d\u00e9cembre 2030 inclus.\nPour solliciter le renouvellement de la pr\u00e9sente habilitation, le b\u00e9n\u00e9ficiaire devra faire parvenir sa  \ndemande en pr\u00e9fecture au plus tard deux mois avant sa date de fin de validit\u00e9.\nArticle 4     : Conform\u00e9ment aux articles L.2223-25 et R.2223-64, D.2223-87 du code g\u00e9n\u00e9ral des  \ncollectivit\u00e9s territoriales, et \u00e0 d\u00e9faut de la production, dans les meilleurs d\u00e9lais, des justificatifs de  \nconformit\u00e9 des \u00e9quipements, la pr\u00e9sente habilitation pourra \u00eatre suspendue pour une dur\u00e9e  \nmaximale d'un an ou retir\u00e9e, apr\u00e8s mise en demeure, pour les motifs suivants\u00a0:\n- non-respect des conditions de sa d\u00e9livrance telles qu'elles sont d\u00e9finies par les dispositions du  \ncode g\u00e9n\u00e9ral des collectivit\u00e9s territoriales\u00a0;\n- non exercice ou cessation d'exercice des activit\u00e9s au titre desquelles elle a \u00e9t\u00e9 d\u00e9livr\u00e9e\u00a0;\n- atteinte \u00e0 l'ordre public ou danger pour la salubrit\u00e9 publique.\nDans les cas o\u00f9 le b\u00e9n\u00e9ficiaire est un d\u00e9l\u00e9gataire, le retrait d'habilitation entra\u00eene la d\u00e9ch\u00e9ance  \ndes d\u00e9l\u00e9gations.\nArticle 5     : Le secr\u00e9taire g\u00e9n\u00e9ral de la pr\u00e9fecture du Var est charg\u00e9 de l'ex\u00e9cution du pr\u00e9sent arr\u00eat\u00e9 \nqui sera publi\u00e9 au recueil des actes administratifs de la pr\u00e9fecture du Var et dont une copie sera  \nadress\u00e9e au maire de la commune de Cuers pour information.\nFait \u00e0 Toulon,\nPour le pr\u00e9fet et par d\u00e9l\u00e9gation,\nLe Directeur,\nSign\u00e9\nThibaut DARGON\nDans un d\u00e9lai de deux mois \u00e0 compter de la date de la notification ou de la publication du pr\u00e9sent arr\u00eat\u00e9 au recueil des actes administratifs de la \npr\u00e9fecture, les recours suivants peuvent \u00eatre introduits conform\u00e9ment aux dispositions des articles R. 421-1 et suivants du code de justice \nadministrative :\n- un recours gracieux, adress\u00e9 \u00e0 :\nM. le Pr\u00e9fet du Var - Boulevard du 112\u00e8me\n r\u00e9giment d'infanterie - CS 31209 - 83070 TOULON CEDEX\n- un recours hi\u00e9rarchique, adress\u00e9\u00a0au(x) ministre(s) concern\u00e9(s)\u00a0;\nDans ces deux cas, le silence de l'Administration vaut rejet implicite au terme d'un d\u00e9lai de deux mois.\nApr\u00e8s un recours gracieux ou hi\u00e9rarchique, le d\u00e9lai du recours contentieux ne court qu'\u00e0 compter du rejet explicite ou implicite de l'un de ces \nrecours.\n- un recours contentieux, en saisissant le Tribunal Administratif de Toulon : 5 rue Racine -BP 40510 - 83\u00a0041 TOULON CEDEX 9\nLe tribunal administratif peut \u00eatre saisi par l'application informatique \u00ab\u00a0T\u00e9l\u00e9cours\u00a0\u00bb accessible par le site internet www.telecours.fr.\n2/2\nPr\u00e9fecture du VAR - 83-2025-12-09-00003 - ARR\u00caT\u00c9 PR\u00c9FECTORAL n\u00b0 DCL/BERG/2025/0184 du 09 d\u00e9cembre 2025 portant habilitation\ndans le domaine fun\u00e9raire de l'\u00e9tablissement \u00ab\u00a0CHAMBRE FUN\u00c9RAIRE DE CUERS\u00a0\u00bb rue du souvenir fran\u00e7ais, quartier Saint-Roch,\nquartier Saint-Roch - 83390 CUERS, g\u00e9r\u00e9 par la SAS \u00ab\u00a0LA SOCIETE DU CREMATORIUM DE CUERS\u00a0\u00bb\n9\nPr\u00e9fecture du VAR\n83-2025-12-09-00002\nARR\u00caT\u00c9 PR\u00c9FECTORAL n\u00b0 DCL/BERG/2025/0218\ndu 09 d\u00e9cembre 2025 portant renouvellement\nde l'habilitation de l'\u00e9tablissement\n\u00ab\u00a0HOMMAGE SERVICES FUN\u00c9RAIRES\u00a0\u00bb 5, Rue du\nDocteur Roux Seignoret - Place Clemenceau -\n83400 HYERES, g\u00e9r\u00e9 par la SAS \u00ab\u00a0LES CL\u00c9S DE LA\nVIE\u00a0\u00bb\nPr\u00e9fecture du VAR - 83-2025-12-09-00002 - ARR\u00caT\u00c9 PR\u00c9FECTORAL n\u00b0 DCL/BERG/2025/0218 du 09 d\u00e9cembre 2025 portant\nrenouvellement de l'habilitation de l'\u00e9tablissement\n\u00ab\u00a0HOMMAGE SERVICES FUN\u00c9RAIRES\u00a0\u00bb 5, Rue du Docteur Roux Seignoret - Place Clemenceau - 83400 HYERES, g\u00e9r\u00e9 par la SAS \u00ab\u00a0LES\nCL\u00c9S DE LA VIE\u00a0\u00bb\n10\n=mPREFETDU VARLibert\u00e9Egalit\u00e9Fraternit\u00e9\nDirection de la citoyennet\u00e9 et de la l\u00e9galit\u00e9\nBureau des \u00e9lections et de la r\u00e9glementation g\u00e9n\u00e9rale\nARR\u00caT\u00c9 PR\u00c9FECTORAL n\u00b0 DCL/BERG/2025/0218 du 09 d\u00e9cembre 2025\nportant renouvellement de l'habilitation de l'\u00e9tablissement\n\u00ab HOMMAGE SERVICES FUN\u00c9RAIRES \u00bb 5, Rue du Docteur Roux Seignoret -\nPlace Clemenceau \u2013 83400 HYERES\ng\u00e9r\u00e9 par la SAS \u00ab LES CL\u00c9S DE LA VIE \u00bb\nHabilitation N\u00b0 25-83-0177\nLe Pr\u00e9fet du Var,\nVu le code g\u00e9n\u00e9ral des collectivit\u00e9s territoriales \u00a0et notamment ses articles L2223-19, L2223-23 \net suivants\u00a0;\nVu la loi n\u00b0 2008-1350 du 19 d\u00e9cembre 2008 relative \u00e0 la l\u00e9gislation fun\u00e9raire\u00a0;\nVu le d\u00e9cret du Pr\u00e9sident de la R\u00e9publique du 15 mai 2025, portant nomination de Monsieur  \nSimon BABRE, pr\u00e9fet du Var\u00a0;\nVu  l'arr\u00eat\u00e9  pr\u00e9fectoral  n\u00b0  2025/12/MCI  du  2  juin  2025  portant  d\u00e9l\u00e9gation  de  signature  \u00e0 \nMonsieur  Lucien  GIUDICELLI,  secr\u00e9taire  g\u00e9n\u00e9ral  de  la  pr\u00e9fecture  du  Var,  sous-pr\u00e9fet  de \nl'arrondissement de Toulon\u00a0;\nVu l'arr\u00eat\u00e9 pr\u00e9fectoral n\u00b0 2025/53/MCI du 15 juillet 2025 portant d\u00e9l\u00e9gation de signature \u00e0  \nMonsieur Thibaut DARGON, directeur de la citoyennet\u00e9 et de la l\u00e9galit\u00e9 de la pr\u00e9fecture du  \nVar\u00a0;\nVu l'arr\u00eat\u00e9 pr\u00e9fectoral n\u00b0 DCL/BERG/2020/432 du 22 d\u00e9cembre 2020, portant renouvellement \nd'habilitation dans le domaine fun\u00e9raire de l'\u00e9tablissement principal \u00ab HOMMAGE SERVICES \nFUN\u00c9RAIRES \u00bb sis 5, rue du docteur Roux Seignoret, Place Clemenceau \u00e0 Hy\u00e8res (83400),  \njusqu'au 21 d\u00e9cembre 2025 inclus\u00a0;\nVu  la  demande  du  02  octobre  2025  de  renouvellement  d'habilitation  de  l'\u00e9tablissement \n\u00ab HOMMAGE  SERVICES  FUN\u00c9RAIRES \u00bb situ\u00e9  5,  Rue  du  Docteur  Roux  Seignoret,  Place \nClemenceau \u00e0 Hy\u00e8res (83400), formul\u00e9e par Madame Carole RENAUD, pr\u00e9sidente de la SAS \u00e0  \nassoci\u00e9 unique \u00ab LES CL\u00c9S DE LA VIE \u00bb dont le si\u00e8ge est situ\u00e9 \u00e0 la m\u00eame adresse\u00a0;\nConsid\u00e9rant la compl\u00e9tude du dossier\u00a0;\nSur proposition du secr\u00e9taire g\u00e9n\u00e9ral de la pr\u00e9fecture\u00a0;\n1/3\nPr\u00e9fecture du VAR - 83-2025-12-09-00002 - ARR\u00caT\u00c9 PR\u00c9FECTORAL n\u00b0 DCL/BERG/2025/0218 du 09 d\u00e9cembre 2025 portant\nrenouvellement de l'habilitation de l'\u00e9tablissement\n\u00ab\u00a0HOMMAGE SERVICES FUN\u00c9RAIRES\u00a0\u00bb 5, Rue du Docteur Roux Seignoret - Place Clemenceau - 83400 HYERES, g\u00e9r\u00e9 par la SAS \u00ab\u00a0LES\nCL\u00c9S DE LA VIE\u00a0\u00bb\n11\nARR\u00caTE\nArticle 1  : L '\u00e9tablissement  \u00ab HOMMAGE SERVICES FUN\u00c9RAIRES  \u00bb situ\u00e9 5, Rue du Docteur  \nRoux Seignoret, Place Clemenceau \u00e0 Hy\u00e8res (83400), g\u00e9r\u00e9 par la SAS \u00e0 associ\u00e9 unique \u00ab LES \nCL\u00c9S DE LA VIE  \u00bb, dont le si\u00e8ge est situ\u00e9 \u00e0 la m\u00eame adresse, repr\u00e9sent\u00e9e par sa pr\u00e9sidente,  \nMadame Carole RENAUD, est habilit\u00e9 pour exercer les activit\u00e9s suivantes\u00a0:\n1 - Transport  de  corps  avant  et  apr\u00e8s  mise  en  bi\u00e8re,  en  sous-traitance  avec  la  soci\u00e9t\u00e9 \n\u00ab\u00a0SERVICES FUN\u00c9RAIRES DELAUD \u00a0\u00bb, sise 161 Avenue du Mas d'Ixelles \u00e0 Six-Fours-les-Plages  \n(83140), habilit\u00e9e sous le num\u00e9ro 22-83-0245,\n2 - Organisation des obs\u00e8ques,\n3 - Soins de con servation, en sous-traitance avec la soci\u00e9t\u00e9 \u00ab \u00a0OL\u00c9A SERVICES FUN\u00c9RAIRES \u00a0\u00bb, \nsise 51 Avenue des Anciens Combattants d'Indochine \u00e0 La Seyne-sur-Mer (83500), habilit\u00e9e  \nsous le num\u00e9ro 22-83-0097 ,\n4 - Fourniture des housses, cercueils et accessoires int\u00e9rieur et ext\u00e9rieur ainsi que des urnes\ncin\u00e9raires,  en  sous-traitance  avec  la  soci\u00e9t\u00e9  \u00ab\u00a0SERVICES  FUN\u00c9RAIRES  DELAUD\u00a0\u00bb,  sise  161 \nAvenue du Mas d'Ixelles \u00e0 Six-Fours-les-Plages (83140), habilit\u00e9e sous le num\u00e9ro 22-83-0245,\n7 - Fourniture  des  corbillards  et  voitures  de  deuil,  en  sous-traitance  avec  la  soci\u00e9t\u00e9 \n\u00ab\u00a0SERVICES FUN\u00c9RAIRES DELAUD \u00a0\u00bb, sise 161 Avenue du Mas d'Ixelles \u00e0 Six-Fours-les-Plages  \n(83140), habilit\u00e9e sous le num\u00e9ro 22-83-0245,\n8 - Fourniture  de  personnel  et  des  objets  et  prestations  n\u00e9cessaires  aux  obs\u00e8ques, \ninhumations, exhumations et cr\u00e9mations,\n- en sous-traitance avec la soci\u00e9t\u00e9 \u00ab\u00a0SERVICES FUN\u00c9RAIRES DELAUD\u00a0\u00bb, sise 161 Avenue du Mas \nd'Ixelles \u00e0 Six-Fours-les-Plages (83140), habilit\u00e9e sous le num\u00e9ro 22-83-0245,\nArticle 2     : L'habilitation porte le num\u00e9ro 25-83-0177.\nArticle 3     : La pr\u00e9sente habilitation est accord\u00e9e  pour une dur\u00e9e de cinq ans, \u00e0 compter  \ndu 22 d\u00e9cembre 2025 jusqu'au 21 d\u00e9cembre 2030 inclus.\nPour  solliciter  le  renouvellement  de  la  pr\u00e9sente  habilitation,  le  b\u00e9n\u00e9ficiaire  devra  faire \nparvenir sa demande en pr\u00e9fecture au plus tard deux mois avant sa date de fin de validit\u00e9.\nArticle  4     :  Conform\u00e9ment  aux  articles  L.2223-25  et  R.2223-64  du  code  g\u00e9n\u00e9ral  des \ncollectivit\u00e9s  territoriales,  et  \u00e0  d\u00e9faut  de  la  production,  dans  les  meilleurs  d\u00e9lais,  des \njustificatifs de conformit\u00e9 des \u00e9quipements, la pr\u00e9sente habilitation pourra \u00eatre suspendue  \npour une dur\u00e9e maximale d'un an ou retir\u00e9e, apr\u00e8s mise en demeure, pour les motifs suivants\u00a0:\n- non-respect des conditions de sa d\u00e9livrance telles qu'elles sont d\u00e9finies par les dispositions  \ndu code g\u00e9n\u00e9ral des collectivit\u00e9s territoriales\u00a0;\n- non exercice ou cessation d'exercice des activit\u00e9s au titre desquelles elle a \u00e9t\u00e9 d\u00e9livr\u00e9e\u00a0;\n- atteinte \u00e0 l'ordre public ou danger pour la salubrit\u00e9 publique.\n2/3\nPr\u00e9fecture du VAR - 83-2025-12-09-00002 - ARR\u00caT\u00c9 PR\u00c9FECTORAL n\u00b0 DCL/BERG/2025/0218 du 09 d\u00e9cembre 2025 portant\nrenouvellement de l'habilitation de l'\u00e9tablissement\n\u00ab\u00a0HOMMAGE SERVICES FUN\u00c9RAIRES\u00a0\u00bb 5, Rue du Docteur Roux Seignoret - Place Clemenceau - 83400 HYERES, g\u00e9r\u00e9 par la SAS \u00ab\u00a0LES\nCL\u00c9S DE LA VIE\u00a0\u00bb\n12\nDans  les  cas  o\u00f9  le  b\u00e9n\u00e9ficiaire  est  un  d\u00e9l\u00e9gataire,  le  retrait  d'habilitation  entra\u00eene  la \nd\u00e9ch\u00e9ance des d\u00e9l\u00e9gations.\nArticle 5     : Le secr\u00e9taire g\u00e9n\u00e9ral de la pr\u00e9fecture du Var est charg\u00e9 de l'ex\u00e9cution du pr\u00e9sent  \narr\u00eat\u00e9 qui sera publi\u00e9 au recueil des actes administratifs de la pr\u00e9fecture du Var et dont une  \ncopie sera adress\u00e9e au maire de la commune de Hy\u00e8res pour information.\nFait \u00e0 Toulon,\nPour le pr\u00e9fet et par d\u00e9l\u00e9gation,\nSign\u00e9\u00a0:\nLe Directeur,\nThibault DARGON\nDans un d\u00e9lai de deux mois \u00e0 compter de la date de la notification ou de la publication du pr\u00e9sent arr\u00eat\u00e9 au recueil des actes administratifs de la \npr\u00e9fecture, les recours suivants peuvent \u00eatre introduits conform\u00e9ment aux dispositions des articles R. 421-1 et suivants du code de justice \nadministrative :\n- un recours gracieux, adress\u00e9 \u00e0 :\nM. le Pr\u00e9fet du Var - Boulevard du 112\u00e8me\n r\u00e9giment d'infanterie - CS 31209 - 83070 TOULON CEDEX\n- un recours hi\u00e9rarchique, adress\u00e9\u00a0au(x) ministre(s) concern\u00e9(s)\u00a0;\nDans ces deux cas, le silence de l'Administration vaut rejet implicite au terme d'un d\u00e9lai de deux mois.\nApr\u00e8s un recours gracieux ou hi\u00e9rarchique, le d\u00e9lai du recours contentieux ne court qu'\u00e0 compter du rejet explicite ou implicite de l'un de ces \nrecours.\n- un recours contentieux, en saisissant le Tribunal Administratif de Toulon : 5 rue Racine -BP 40510 - 83\u00a0041 TOULON CEDEX 9\nLe tribunal administratif peut \u00eatre saisi par l'application informatique \u00ab\u00a0T\u00e9l\u00e9cours\u00a0\u00bb accessible par le site internet www.telecours.fr.\n3/3\nPr\u00e9fecture du VAR - 83-2025-12-09-00002 - ARR\u00caT\u00c9 PR\u00c9FECTORAL n\u00b0 DCL/BERG/2025/0218 du 09 d\u00e9cembre 2025 portant\nrenouvellement de l'habilitation de l'\u00e9tablissement\n\u00ab\u00a0HOMMAGE SERVICES FUN\u00c9RAIRES\u00a0\u00bb 5, Rue du Docteur Roux Seignoret - Place Clemenceau - 83400 HYERES, g\u00e9r\u00e9 par la SAS \u00ab\u00a0LES\nCL\u00c9S DE LA VIE\u00a0\u00bb\n13\nPr\u00e9fecture du VAR\n83-2025-12-09-00005\nARR\u00caT\u00c9 PR\u00c9FECTORAL n\u00b0 DCL/BERG/2025/0263\ndu 09 d\u00e9cembre 2025 portant renouvellement\nde l'habilitation de l'\u00e9tablissement \u00ab\u00a0CHAMBRE\nFUNERAIRE DE SANARY-SUR-MER\u00a0\u00bb 10 chemin\nde l'Huide - 83110 SANARY-SUR-MER g\u00e9r\u00e9 par la\nSAS \u00ab\u00a0FUNECAP SUD-EST\u00a0\u00bb\nPr\u00e9fecture du VAR - 83-2025-12-09-00005 - ARR\u00caT\u00c9 PR\u00c9FECTORAL n\u00b0 DCL/BERG/2025/0263 du 09 d\u00e9cembre 2025 portant\nrenouvellement de l'habilitation de l'\u00e9tablissement \u00ab\u00a0CHAMBRE FUNERAIRE DE SANARY-SUR-MER\u00a0\u00bb 10 chemin de l'Huide - 83110\nSANARY-SUR-MER g\u00e9r\u00e9 par la SAS \u00ab\u00a0FUNECAP SUD-EST\u00a0\u00bb\n14\n=mPREFETDU VARLibert\u00e9Egalit\u00e9Fraternit\u00e9\nDirection de la citoyennet\u00e9 et de la l\u00e9galit\u00e9\nBureau des \u00e9lections et de la r\u00e9glementation g\u00e9n\u00e9rale\nARR\u00caT\u00c9 PR\u00c9FECTORAL n\u00b0 DCL/BERG/2025/0263 du 09 d\u00e9cembre 2025\nportant renouvellement de l'habilitation de l'\u00e9tablissement\n\u00ab CHAMBRE FUNERAIRE DE SANARY-SUR-MER \u00bb\n10 chemin de l'Huide \u2013 83110 SANARY-SUR-MER\ng\u00e9r\u00e9 par la SAS \u00ab FUNECAP SUD-EST \u00bb\nHabilitation N\u00b0 25-83-0200\nLe Pr\u00e9fet du Var,\nVu le code g\u00e9n\u00e9ral des collectivit\u00e9s territoriales \u00a0et notamment ses articles L2223-19, L2223-23 et \nsuivants\u00a0;\nVu la loi n\u00b0 2008-1350 du 19 d\u00e9cembre 2008 relative \u00e0 la l\u00e9gislation fun\u00e9raire\u00a0;\nVu le d\u00e9cret du Pr\u00e9sident de la R\u00e9publique du 15 mai 2025, portant nomination de Monsieur  \nSimon BABRE, pr\u00e9fet du Var\u00a0;\nVu l'arr\u00eat\u00e9 pr\u00e9fectoral n\u00b0 2025/12/MCI du 2 juin 2025 portant d\u00e9l\u00e9gation de signature \u00e0 Monsieur  \nLucien GIUDICELLI, secr\u00e9taire g\u00e9n\u00e9ral de la pr\u00e9fecture du Var, sous-pr\u00e9fet de l'arrondissement de  \nToulon\u00a0;\nVu  l'arr\u00eat\u00e9  pr\u00e9fectoral  n\u00b0  2025/53/MCI  du  15  juillet  2025  portant  d\u00e9l\u00e9gation  de  signature  \u00e0 \nMonsieur Thibaut DARGON, directeur de la citoyennet\u00e9 et de la l\u00e9galit\u00e9 de la pr\u00e9fecture du Var\u00a0;\nVu l'arr\u00eat\u00e9 pr\u00e9fectoral n\u00b0 DCL/BERG/2020/398 du 14 d\u00e9cembre 2020, portant renouvellement  \nd'habilitation dans le domaine fun\u00e9raire de la chambre fun\u00e9raire de Sanary-sur-Mer sise 10 rue de  \nl'Huide \u00e0 Sanary-sur-Mer (83110) \u00e0 compter du 1er\n janvier 2021, jusqu'au 31 d\u00e9cembre 2025\u00a0inclus\u00a0;\nVu le rapport de v\u00e9rification \u00e9tabli par \u00ab \u00a0Bureau V\u00e9ritas \u2013 Exploitation SAS \u00a0\u00bb, en date du 01  \nd\u00e9cembre 2025, concernant la visite de conformit\u00e9 de la chambre fun\u00e9raire \u00e9mettant un avis  \nconforme\u00a0;\nVu  la  demande  du  27  octobre  2025  de  renouvellement  d'habilitation  de  l'\u00e9tablissement \n\u00ab CHAMBRE FUNERAIRE DE SANARY-SUR-MER \u00bb, situ\u00e9 10 rue de l'Huide \u00e0 Sanary-sur-Mer (83110), \nformul\u00e9e par Monsieur Gr\u00e9gory LECOUTEUX, directeur ex\u00e9cutif p\u00f4le PACA OUEST de la SAS  \n\u00ab FUNECAP SUD EST  \u00bb dont le si\u00e8ge est situ\u00e9  rue du souvenir fran\u00e7ais, quartier Saint-Roch \u00e0  \nCuers (83390)\u00a0;\nConsid\u00e9rant la compl\u00e9tude du dossier\u00a0;\nSur proposition du secr\u00e9taire g\u00e9n\u00e9ral de la pr\u00e9fecture\u00a0;\nARR\u00caTE\n1/2\nPr\u00e9fecture du VAR - 83-2025-12-09-00005 - ARR\u00caT\u00c9 PR\u00c9FECTORAL n\u00b0 DCL/BERG/2025/0263 du 09 d\u00e9cembre 2025 portant\nrenouvellement de l'habilitation de l'\u00e9tablissement \u00ab\u00a0CHAMBRE FUNERAIRE DE SANARY-SUR-MER\u00a0\u00bb 10 chemin de l'Huide - 83110\nSANARY-SUR-MER g\u00e9r\u00e9 par la SAS \u00ab\u00a0FUNECAP SUD-EST\u00a0\u00bb\n15\nArticle  1 :  L'\u00e9tablissement  \u00ab CHAMBRE  FUNERAIRE  DE  SANARY-SUR-MER \u00bb, situ\u00e9  10  rue  de \nl'Huide \u00e0 Sanary-sur-Mer (83110) , g\u00e9r\u00e9 par la SAS \u00ab FUNECAP SUD EST \u00bb dont le si\u00e8ge est situ\u00e9  \nrue  du  souvenir  fran\u00e7ais,  quartier  Saint-Roch  \u00e0  Cuers  (83390),  repr\u00e9sent\u00e9  par  son  directeur \nex\u00e9cutif  \u2013  p\u00f4le  PACA  OUEST,  Monsieur  Gr\u00e9gory  LECOUTEUX,  est  habilit\u00e9  pour  exercer \nl'activit\u00e9 suivante\u00a0:\n6 - Gestion et utilisation chambre fun\u00e9raire.\nArticle 2     : L'habilitation porte le num\u00e9ro 25-83-0200.\nArticle 3     : La pr\u00e9sente habilitation est accord\u00e9e  pour une dur\u00e9e de cinq ans \u00e0 compter du 1 er \njanvier 2026, soit jusqu'au 31 d\u00e9cembre 2030 inclus.\nPour solliciter le renouvellement de la pr\u00e9sente habilitation, le b\u00e9n\u00e9ficiaire devra faire parvenir sa  \ndemande en pr\u00e9fecture au plus tard deux mois avant sa date de fin de validit\u00e9.\nArticle 4     : Conform\u00e9ment aux articles L.2223-25 et R.2223-64 , D.2223-87 du code g\u00e9n\u00e9ral des  \ncollectivit\u00e9s territoriales, et \u00e0 d\u00e9faut de la production, dans les meilleurs d\u00e9lais, des justificatifs de  \nconformit\u00e9 des \u00e9quipements, la pr\u00e9sente habilitation pourra \u00eatre suspendue pour une dur\u00e9e  \nmaximale d'un an ou retir\u00e9e, apr\u00e8s mise en demeure, pour les motifs suivants\u00a0:\n- non-respect des conditions de sa d\u00e9livrance telles qu'elles sont d\u00e9finies par les dispositions du  \ncode g\u00e9n\u00e9ral des collectivit\u00e9s territoriales\u00a0;\n- non exercice ou cessation d'exercice des activit\u00e9s au titre desquelles elle a \u00e9t\u00e9 d\u00e9livr\u00e9e\u00a0;\n- atteinte \u00e0 l'ordre public ou danger pour la salubrit\u00e9 publique.\nDans les cas o\u00f9 le b\u00e9n\u00e9ficiaire est un d\u00e9l\u00e9gataire, le retrait d'habilitation entra\u00eene la d\u00e9ch\u00e9ance  \ndes d\u00e9l\u00e9gations.\nArticle 5     : Le secr\u00e9taire g\u00e9n\u00e9ral de la pr\u00e9fecture du Var est charg\u00e9 de l'ex\u00e9cution du pr\u00e9sent arr\u00eat\u00e9 \nqui sera publi\u00e9 au recueil des actes administratifs de la pr\u00e9fecture du Var et dont une copie sera  \nadress\u00e9e au maire de la commune de Sanary-sur-Mer pour information.\nFait \u00e0 Toulon,\nPour le pr\u00e9fet et par d\u00e9l\u00e9gation,\nLe Directeur\nSign\u00e9\u00a0: \nThibaut DARGON\nDans un d\u00e9lai de deux mois \u00e0 compter de la date de la notification ou de la publication du pr\u00e9sent arr\u00eat\u00e9 au recueil des actes administratifs de la \npr\u00e9fecture, les recours suivants peuvent \u00eatre introduits conform\u00e9ment aux dispositions des articles R. 421-1 et suivants du code de justice \nadministrative :\n- un recours gracieux, adress\u00e9 \u00e0 :\nM. le Pr\u00e9fet du Var - Boulevard du 112\u00e8me\n r\u00e9giment d'infanterie - CS 31209 - 83070 TOULON CEDEX\n- un recours hi\u00e9rarchique, adress\u00e9\u00a0au(x) ministre(s) concern\u00e9(s)\u00a0;\nDans ces deux cas, le silence de l'Administration vaut rejet implicite au terme d'un d\u00e9lai de deux mois.\nApr\u00e8s un recours gracieux ou hi\u00e9rarchique, le d\u00e9lai du recours contentieux ne court qu'\u00e0 compter du rejet explicite ou implicite de l'un de ces \nrecours.\n- un recours contentieux, en saisissant le Tribunal Administratif de Toulon : 5 rue Racine -BP 40510 - 83\u00a0041 TOULON CEDEX 9\nLe tribunal administratif peut \u00eatre saisi par l'application informatique \u00ab\u00a0T\u00e9l\u00e9cours\u00a0\u00bb accessible par le site internet www.telecours.fr.\n2/2\nPr\u00e9fecture du VAR - 83-2025-12-09-00005 - ARR\u00caT\u00c9 PR\u00c9FECTORAL n\u00b0 DCL/BERG/2025/0263 du 09 d\u00e9cembre 2025 portant\nrenouvellement de l'habilitation de l'\u00e9tablissement \u00ab\u00a0CHAMBRE FUNERAIRE DE SANARY-SUR-MER\u00a0\u00bb 10 chemin de l'Huide - 83110\nSANARY-SUR-MER g\u00e9r\u00e9 par la SAS \u00ab\u00a0FUNECAP SUD-EST\u00a0\u00bb\n16\nPr\u00e9fecture du VAR\n83-2025-12-09-00004\nARR\u00caT\u00c9 PR\u00c9FECTORAL n\u00b0 DCL/BERG/2025/0271\ndu 9 d\u00e9cembre 2025 portant renouvellement de\nl'habilitation de l'\u00e9tablissement \u00ab\u00a0LES POMPES\nFUN\u00c8BRES DU VAR SAS\u00a0\u00bb 9 boulevard\nClemenceau - 83300 Draguignan\nPr\u00e9fecture du VAR - 83-2025-12-09-00004 - ARR\u00caT\u00c9 PR\u00c9FECTORAL n\u00b0 DCL/BERG/2025/0271 du 9 d\u00e9cembre 2025 portant\nrenouvellement de l'habilitation de l'\u00e9tablissement \u00ab\u00a0LES POMPES FUN\u00c8BRES DU VAR SAS\u00a0\u00bb 9 boulevard Clemenceau - 83300\nDraguignan\n17\n=mPREFETDU VARLibert\u00e9Egalit\u00e9Fraternit\u00e9\nDirection de la citoyennet\u00e9 et de la l\u00e9galit\u00e9\nBureau des \u00e9lections et de la r\u00e9glementation g\u00e9n\u00e9rale\nARR\u00caT\u00c9 PR\u00c9FECTORAL n\u00b0 DCL/BERG/2025/0271 du 9 d\u00e9cembre 2025\nportant renouvellement de l'habilitation\nde l'\u00e9tablissement \u00ab LES POMPES FUN\u00c8BRES DU VAR SAS \u00bb\n9 boulevard Clemenceau \u2013 83300 Draguignan\nHabilitation N\u00b0 25-83-0182\nLe Pr\u00e9fet du Var,\nVu le code g\u00e9n\u00e9ral des collectivit\u00e9s territoriales \u00a0et notamment ses articles L2223-19, L2223-23 et  \nsuivants\u00a0;\nVu la loi n\u00b0 2008-1350 du 19 d\u00e9cembre 2008 relative \u00e0 la l\u00e9gislation fun\u00e9raire\u00a0;\nVu le d\u00e9cret du Pr\u00e9sident de la R\u00e9publique du 15 mai 2025, portant nomination de Monsieur  \nSimon BABRE, pr\u00e9fet du Var\u00a0;\nVu l'arr\u00eat\u00e9 pr\u00e9fectoral n\u00b0 2025/12/MCI du 2 juin 2025 portant d\u00e9l\u00e9gation de signature \u00e0 Monsieur  \nLucien GIUDICELLI, secr\u00e9taire g\u00e9n\u00e9ral de la pr\u00e9fecture du Var, sous-pr\u00e9fet de l'arrondissement de  \nToulon\u00a0;\nVu  l'arr\u00eat\u00e9  pr\u00e9fectoral  n\u00b0  2025/53/MCI  du  15  juillet  2025  portant  d\u00e9l\u00e9gation  de  signature  \u00e0 \nMonsieur Thibaut DARGON, directeur de la citoyennet\u00e9 et de la l\u00e9galit\u00e9 de la pr\u00e9fecture du Var\u00a0;\nVu l'arr\u00eat\u00e9 pr\u00e9fectoral n\u00b0 DCL/BERG/2020/428 du 22 d\u00e9cembre 2020, portant renouvellement  \nd'habilitation dans le domaine fun\u00e9raire de l'\u00e9tablissement principal \u00ab LES POMPES FUN\u00c8BRES DU \nVAR SAS \u00bb sis 9 boulevard Clemenceau \u00e0 Draguignan (83300), jusqu'au 21 d\u00e9cembre 2025\u00a0inclus\u00a0;\nVu la demande du 12 novembre 2025 de renouvellement d'habilitation dans le domaine fun\u00e9raire, \nde  l'\u00e9tablissement  \u00ab LES  POMPES  FUN\u00c8BRES  DU  VAR  SAS \u00bb  sis  9  boulevard  Clemenceau  \u00e0 \nDraguignan (83300), formul\u00e9e par son pr\u00e9sident, Monsieur Franck ANDRIO, dont le si\u00e8ge social est \nsitu\u00e9 \u00e0 la m\u00eame adresse\u00a0;\nConsid\u00e9rant la compl\u00e9tude du dossier\u00a0;\nSur proposition du secr\u00e9taire g\u00e9n\u00e9ral de la pr\u00e9fecture\u00a0;\nARR\u00caTE\nArticle 1 : L'\u00e9tablissement \u00ab LES POMPES FUN\u00c8BRES DU VAR SAS  \u00bb sis 9 boulevard Clemenceau \u00e0  \nDraguignan (83300), dont le si\u00e8ge social est situ\u00e9 \u00e0 la m\u00eame adresse, repr\u00e9sent\u00e9 par son pr\u00e9sident, \nMonsieur Franck ANDRIO, est habilit\u00e9 pour exercer les activit\u00e9s suivantes\u00a0:\n1 - Transport de corps avant et apr\u00e8s mise en bi\u00e8re , en sous-traitance avec la soci\u00e9t\u00e9 \u00ab \u00a0SERVICES \nFUN\u00c9RAIRES\u00a0MOUGINOIS\u00a0\u00bb, sise 85 route de la Roquette \u00e0 Mougins (06250), habilit\u00e9e sous le  \nnum\u00e9ro 20-06-0079,\n2 - Organisation des obs\u00e8ques,\n1/2\nPr\u00e9fecture du VAR - 83-2025-12-09-00004 - ARR\u00caT\u00c9 PR\u00c9FECTORAL n\u00b0 DCL/BERG/2025/0271 du 9 d\u00e9cembre 2025 portant\nrenouvellement de l'habilitation de l'\u00e9tablissement \u00ab\u00a0LES POMPES FUN\u00c8BRES DU VAR SAS\u00a0\u00bb 9 boulevard Clemenceau - 83300\nDraguignan\n18\n3 - Soins de conservation, en sous-traitance avec la soci\u00e9t\u00e9 \u00ab\u00a0AMV THANATO\u00a0\u00bb, sise 380 avenue de \nFabron \u2013 La Couronne de Fabron \u00e0 Nice (06200), habilit\u00e9e sous le num\u00e9ro 23-06-0280,\n4 - Fourniture  des  housses,  cercueils  et  accessoires  int\u00e9rieur  et  ext\u00e9rieur  ainsi  que  des  urnes\ncin\u00e9raires,\n7 - Fourniture des corbillards et voitures de deuil , en sous-traitance avec la soci\u00e9t\u00e9 \u00ab \u00a0SERVICES \nFUN\u00c9RAIRES\u00a0MOUGINOIS\u00a0\u00bb, sise 85 route de la Roquette \u00e0 Mougins (06250), habilit\u00e9e sous le  \nnum\u00e9ro 20-06-0079,\n8 - Fourniture de personnel et des objets et prestations n\u00e9cessaires aux obs\u00e8ques, inhumations,  \nexhumations  et  cr\u00e9mations,  en  sous-traitance  avec  la  soci\u00e9t\u00e9  \u00ab \u00a0SERVICES \nFUN\u00c9RAIRES\u00a0MOUGINOIS\u00a0\u00bb, sise 85 route de la Roquette \u00e0 Mougins (06250), habilit\u00e9e sous le  \nnum\u00e9ro 20-06-0079,\nArticle 2     : L'habilitation porte le num\u00e9ro 25-83-0182.\nArticle 3     : La pr\u00e9sente habilitation est accord\u00e9e pour une dur\u00e9e de cinq ans \u00e0 compter du 22  \nd\u00e9cembre 2025, soit jusqu'au 21 d\u00e9cembre 2030 inclus.\nPour solliciter le renouvellement de la pr\u00e9sente habilitation, le b\u00e9n\u00e9ficiaire devra faire parvenir sa  \ndemande en pr\u00e9fecture au plus tard deux mois avant sa date de fin de validit\u00e9.\nArticle 4     : Conform\u00e9ment aux articles L.2223-25 et R.2223-64, du code g\u00e9n\u00e9ral des collectivit\u00e9s  \nterritoriales, et \u00e0 d\u00e9faut de la production, dans les meilleurs d\u00e9lais, des justificatifs de conformit\u00e9  \ndes \u00e9quipements, la pr\u00e9sente habilitation pourra \u00eatre suspendue pour une dur\u00e9e maximale d'un  \nan ou retir\u00e9e, apr\u00e8s mise en demeure, pour les motifs suivants\u00a0:\n- non-respect des conditions de sa d\u00e9livrance telles qu'elles sont d\u00e9finies par les dispositions du  \ncode g\u00e9n\u00e9ral des collectivit\u00e9s territoriales\u00a0;\n- non exercice ou cessation d'exercice des activit\u00e9s au titre desquelles elle a \u00e9t\u00e9 d\u00e9livr\u00e9e\u00a0;\n- atteinte \u00e0 l'ordre public ou danger pour la salubrit\u00e9 publique.\nDans les cas o\u00f9 le b\u00e9n\u00e9ficiaire est un d\u00e9l\u00e9gataire, le retrait d'habilitation entra\u00eene la d\u00e9ch\u00e9ance  \ndes d\u00e9l\u00e9gations.\nArticle 5     : Le secr\u00e9taire g\u00e9n\u00e9ral de la pr\u00e9fecture du Var est charg\u00e9 de l'ex\u00e9cution du pr\u00e9sent arr\u00eat\u00e9 \nqui sera publi\u00e9 au recueil des actes administratifs de la pr\u00e9fecture du Var et dont une copie sera  \nadress\u00e9e au maire de la commune de Draguignan pour information.\nFait \u00e0 Toulon,\nPour le pr\u00e9fet et par d\u00e9l\u00e9gation,\nLe Directeur,\nSign\u00e9\u00a0:\nThibaut DARGON\nDans un d\u00e9lai de deux mois \u00e0 compter de la date de la notification ou de la publication du pr\u00e9sent arr\u00eat\u00e9 au recueil des actes administratifs de la pr\u00e9fecture, les recours  \nsuivants peuvent \u00eatre introduits conform\u00e9ment aux dispositions des articles R. 421-1 et suivants du code de justice administrative\u00a0:\n- un recours gracieux, adress\u00e9 \u00e0\u00a0:\nM. le Pr\u00e9fet du Var \u2013 Boulevard du 112\u00e8me\n r\u00e9giment d'infanterie \u2013 CS 31209 \u2013 83070 TOULON CEDEX\n- un recours hi\u00e9rarchique, adress\u00e9\u00a0au(x) ministre(s) concern\u00e9(s)\u00a0;\nDans ces deux cas, le silence de l'Administration vaut rejet implicite au terme d'un d\u00e9lai de deux mois.\nApr\u00e8s un recours gracieux ou hi\u00e9rarchique, le d\u00e9lai du recours contentieux ne court qu'\u00e0 compter du rejet explicite ou implicite de l'un de ces recours.\n- un recours contentieux, en saisissant le Tribunal Administratif de Toulon\u00a0: 5 rue Racine -BP 40510 - 83\u00a0041 TOULON CEDEX 9\nLe tribunal administratif peut \u00eatre saisi par l'application informatique \u00ab\u00a0T\u00e9l\u00e9cours\u00a0\u00bb accessible par le site internet www.telecours.fr.\n2/2\nPr\u00e9fecture du VAR - 83-2025-12-09-00004 - ARR\u00caT\u00c9 PR\u00c9FECTORAL n\u00b0 DCL/BERG/2025/0271 du 9 d\u00e9cembre 2025 portant\nrenouvellement de l'habilitation de l'\u00e9tablissement \u00ab\u00a0LES POMPES FUN\u00c8BRES DU VAR SAS\u00a0\u00bb 9 boulevard Clemenceau - 83300\nDraguignan\n19","date":"2025-12-10","first_seen_on":"2025-12-10T17:59:22+00:00","id":"2056f95ab4f6c196f126e57b9a4e3228fc0df872ffe090f17678ab6e17d37af2","name":"RAA N\u00b0417 du 10 d\u00e9cembre 2025","pdf_creation_date":"2025-12-10T15:52:29+00:00","pdf_modification_date":null,"timezone":"Europe/Paris","url":"https://www.var.gouv.fr/contenu/telechargement/43960/287097/file/RAA%20N%C2%B0417%20du%2010%20d%C3%A9cembre%202025%20(Nominatifs).pdf"}
