{"administration":"pref03","administration_name":"Pr\u00e9fecture de l\u2019Allier","content":"ALLIER\nRECUEIL DES ACTES\nADMINISTRATIFS SP\u00c9CIAL\nN\u00b003-2026-082\nPUBLI\u00c9 LE 21 AVRIL 2026\nSommaire\n03_Pr\u00e9f_Pr\u00e9fecture de l'Allier / Bureau du Cabinet\n03-2026-04-21-00004 - \nExtrait de l'Arr\u00eat\u00e9 pr\u00e9fectoral\nn\u00b0891/2026 portant interdiction des cort\u00e8ges, d\u00e9fil\u00e9s et\nrassemblements revendicatifs sur les communes de Montmarault et\nd'\u00c9chassi\u00e8res le mercredi 22 avril 2026 \u00e0 l'occasion de la venue\ndu Pr\u00e9sident de la R\u00e9publique (1 page) Page 3\n03-2026-04-21-00007 - \nExtrait de l'Arr\u00eat\u00e9 pr\u00e9fectoral\nn\u00b0894/2026 autorisant la captation, l'enregistrement et la transmission\nd'images au moyen d'une cam\u00e9ra install\u00e9e sur des a\u00e9ronefs (2\npages) Page 5\n03-2026-04-21-00003 - Extrait de l'Arr\u00eat\u00e9 pr\u00e9fectoral n\u00b0890/2026\nportant interdiction temporaire de la circulation des v\u00e9hicules\nmotoris\u00e9s sur les routes, voies et chemins \nsur la commune\nd'Echassi\u00e8res (3 pages) Page 8\n03-2026-04-21-00005 - Extrait de l'Arr\u00eat\u00e9 pr\u00e9fectoral n\u00b0892/2026\nportant interdiction des cort\u00e8ges, d\u00e9fil\u00e9s et rassemblements\nrevendicatifs dans un secteur de la ville de Montlu\u00e7on le mercredi 22 avril\n2026 \u00e0 l'occasion de la venue du Pr\u00e9sident de la R\u00e9publique (2\npages) Page 12\n03-2026-04-21-00006 - Extrait de l'Arr\u00eat\u00e9 pr\u00e9fectoral n\u00b0893/2026 \nautorisant la captation, l'enregistrement et la transmission d'images\nau moyen d'une cam\u00e9ra install\u00e9e sur des a\u00e9ronefs sans\n\u00e9quipage \u00e0 bord  (2 pages) Page 15\n03-2026-04-21-00008 - Extrait de l'arr\u00eat\u00e9 pr\u00e9fectoral n\u00b0895/2026\nportant autorisation des services de la police nationale \u00e0 utiliser un\ndispositif de brouillage destin\u00e9 \u00e0 rendre inop\u00e9rant un a\u00e9ronef\ncirculant sans personne \u00e0 bord \u00e0 l'occasion du voyage officiel du\nPr\u00e9sident de la R\u00e9publique et du Premier Ministre sur Montlu\u00e7on le\n22/04/2026 (1 page) Page 18\n2\n03_Pr\u00e9f_Pr\u00e9fecture de l'Allier\n03-2026-04-21-00004\nExtrait de l'Arr\u00eat\u00e9 pr\u00e9fectoral n\u00b0891/2026\nportant interdiction des cort\u00e8ges, d\u00e9fil\u00e9s et\nrassemblements revendicatifs sur les communes\nde Montmarault et d'\u00c9chassi\u00e8res le mercredi 22\navril 2026 \u00e0 l'occasion de la venue du Pr\u00e9sident\nde la R\u00e9publique\n03_Pr\u00e9f_Pr\u00e9fecture de l'Allier - 03-2026-04-21-00004 - \nExtrait de l'Arr\u00eat\u00e9 pr\u00e9fectoral n\u00b0891/2026 portant interdiction des cort\u00e8ges, d\u00e9fil\u00e9s et rassemblements revendicatifs sur les communes\nde Montmarault et d'\u00c9chassi\u00e8res le mercredi 22 avril 2026 \u00e0 l'occasion de la venue du Pr\u00e9sident de la R\u00e9publique\n3\nPREFETDE L'ALLIERLibert\u00e9Egalit\u00e9Fraternit\u00e9\n                       N\u00b0891/2026\nExtrait de l'Arr\u00eat\u00e9 pr\u00e9fectoral portant interdiction des cort\u00e8ges, d\u00e9fil\u00e9s et rassemblements\nrevendicatifs sur les communes de Montmarault et d'\u00c9chassi\u00e8res le mercredi 22 avril 2026 \u00e0\nl'occasion de la venue du Pr\u00e9sident de la R\u00e9publique\nLe pr\u00e9fet de l'Allier\nChevalier de l'Ordre national du M\u00e9rite,\nARRETE\nArticle 1  er   :  \nLes  cort\u00e8ges,  d\u00e9fil\u00e9s  et  rassemblements  revendicatifs  sont  interdits  sur les  communes  de\nMontmarault et d'\u00c9chassi\u00e8res :\nArticle 2 : \nTout manquement aux dispositions pr\u00e9vues par le pr\u00e9sent arr\u00eat\u00e9 est puni de l'amende pr\u00e9vue\npour les contraventions de la quatri\u00e8me classe conform\u00e9ment aux dispositions de l'article  R.\n644-4 du code p\u00e9nal susvis\u00e9.\nArticle 3 :\nLe pr\u00e9sent arr\u00eat\u00e9 peut faire l'objet, dans un d\u00e9lai de deux mois \u00e0 compter de sa publication,\nd'un recours devant le tribunal administratif de Clermont-Ferrand, qui peut \u00eatre assorti d'un\nr\u00e9f\u00e9r\u00e9 conform\u00e9ment aux dispositions de l'article L.521-2 du code de justice administrative. \nArticle 4 :  \nLa sous-pr\u00e9f\u00e8te, directrice de cabinet du pr\u00e9fet de l'Allier, le sous-pr\u00e9fet de  Vichy, le colonel\ncommandant  le  groupement  de  gendarmerie  d\u00e9partementale  de  l'Allier  et  les  maires  des\ncommunes  de Montmarault et d'\u00c9chassi\u00e8res  sont charg\u00e9s, chacun en ce qui le concerne, de\nl'ex\u00e9cution du pr\u00e9sent arr\u00eat\u00e9 qui sera publi\u00e9 au recueil des actes administratifs de la pr\u00e9fecture\nde l'Allier et transmis pour information aux maires de Montmarault et d'\u00c9chassi\u00e8res.\nMoulins, le 21 avril 2026\nPour le pr\u00e9fet et par d\u00e9l\u00e9gation,\nLa sous-pr\u00e9f\u00e8te, directrice de cabinet,\nSign\u00e9\n                                               Cyrielle FRANCHI\n1\nCabinet du pr\u00e9fet\nBureau de la s\u00e9curit\u00e9 int\u00e9rieure\n03_Pr\u00e9f_Pr\u00e9fecture de l'Allier - 03-2026-04-21-00004 - \nExtrait de l'Arr\u00eat\u00e9 pr\u00e9fectoral n\u00b0891/2026 portant interdiction des cort\u00e8ges, d\u00e9fil\u00e9s et rassemblements revendicatifs sur les communes\nde Montmarault et d'\u00c9chassi\u00e8res le mercredi 22 avril 2026 \u00e0 l'occasion de la venue du Pr\u00e9sident de la R\u00e9publique\n4\n03_Pr\u00e9f_Pr\u00e9fecture de l'Allier\n03-2026-04-21-00007\nExtrait de l'Arr\u00eat\u00e9 pr\u00e9fectoral n\u00b0894/2026\nautorisant la captation, l'enregistrement et la\ntransmission d'images au moyen d'une cam\u00e9ra\ninstall\u00e9e sur des a\u00e9ronefs\n03_Pr\u00e9f_Pr\u00e9fecture de l'Allier - 03-2026-04-21-00007 - \nExtrait de l'Arr\u00eat\u00e9 pr\u00e9fectoral n\u00b0894/2026 autorisant la captation, l'enregistrement et la transmission d'images au moyen d'une\ncam\u00e9ra install\u00e9e sur des a\u00e9ronefs\n5\nPREFETDE L'ALLIERLibert\u00e9Egalit\u00e9Fraternit\u00e9\n                       N\u00b0894 /2026\nExtrait de l'Arr\u00eat\u00e9 pr\u00e9fectoral autorisant la captation, l'enregistrement et la transmission\nd'images au moyen d'une cam\u00e9ra install\u00e9e sur des a\u00e9ronefs\nLe pr\u00e9fet de l'Allier\nChevalier de l'Ordre national du M\u00e9rite,\nARRETE\nArticle 1  er   :  \nLa captation, l'enregistrement et la transmission d'images au moyen de cam\u00e9ras install\u00e9es sur\ndes a\u00e9ronefs sont autoris\u00e9s aux fins d'assurer la s\u00e9curit\u00e9 des rassemblements, conform\u00e9ment \u00e0\nl'article L.242-5 I 2\u00b0 du code de la s\u00e9curit\u00e9 int\u00e9rieure, dans le cadre de la visite pr\u00e9sidentielle\norganis\u00e9e le 22 avril 2026 sur la commune d'Echassi\u00e8res.\nCes dispositifs sont mis en \u0153uvre par le groupement de gendarmerie d\u00e9partementale de \nl'Allier.\nArticle 2 :\nLes moyens a\u00e9riens susceptibles d'\u00eatre d\u00e9ploy\u00e9s sont les suivants :\n\u2022 deux drones ; \n\u2022 un h\u00e9licopt\u00e8re. \nDans le cadre de l'emploi de ces moyens, un officier a\u00e9rien est pr\u00e9sent sur site afin d'assurer la \ncoordination des dispositifs a\u00e9riens, en la personne du Chef d'Escadron (CEN), CHAVANNE \nEmmanuel.\n \nArticle 3 :\nLe nombre maximal de cam\u00e9ras pouvant proc\u00e9der simultan\u00e9ment aux traitements mentionn\u00e9s\n\u00e0 l'article 1er est fix\u00e9 \u00e0 trois cam\u00e9ras, soit une par appareil a\u00e9rien. \nArticle 4     :\nLa pr\u00e9sente autorisation est strictement limit\u00e9e au p\u00e9rim\u00e8tre g\u00e9ographique suivant :\nCommune d'Echassi\u00e8res (03330).\nArticle 5 :  \nLa  pr\u00e9sente  autorisation  est  d\u00e9livr\u00e9e  pour  la  p\u00e9riode  suivante  :\nle mercredi 22 avril 2026 de 10 heures 00 \u00e0 16heures 00. \n1\nCabinet du pr\u00e9fet\nBureau de la s\u00e9curit\u00e9 int\u00e9rieure\n03_Pr\u00e9f_Pr\u00e9fecture de l'Allier - 03-2026-04-21-00007 - \nExtrait de l'Arr\u00eat\u00e9 pr\u00e9fectoral n\u00b0894/2026 autorisant la captation, l'enregistrement et la transmission d'images au moyen d'une\ncam\u00e9ra install\u00e9e sur des a\u00e9ronefs\n6\nArticle 6 :\nConform\u00e9ment \u00e0 l'article L.242-4 du code de la s\u00e9curit\u00e9 int\u00e9rieure, un registre retra\u00e7ant les \nconditions de mise en \u0153uvre du dispositif est tenu et transmis au repr\u00e9sentant de l'\u00c9tat dans \nle d\u00e9partement de l'Allier \u00e0 l'issue de l'op\u00e9ration.\nArticle 7 :\nLe pr\u00e9sent arr\u00eat\u00e9 peut faire l'objet, dans un d\u00e9lai de deux mois \u00e0 compter de sa publication au \nrecueil des actes administratifs de la pr\u00e9fecture de l'Allier :\n\u2022 d'un recours gracieux aupr\u00e8s de M. le pr\u00e9fet de l'Allier \u2013 CS 31649 \u2013 03016 MOULINS \nCEDEX ; \n\u2022 d'un recours hi\u00e9rarchique aupr\u00e8s de M. le ministre de l'Int\u00e9rieur \u2013 Place Beauvau \u2013 75800\nParis Cedex 08 ; \n\u2022 d'un recours contentieux devant le tribunal administratif de Clermont-Ferrand \u2013 6 cours \nSablon \u2013 63000 Clermont-Ferrand, \u00e9ventuellement via l'application \u00ab T\u00e9l\u00e9recours \ncitoyens \u00bb (www.telerecours.fr). \nArticle 8 :\nLa  sous-pr\u00e9f\u00e8te,  directrice  de  cabinet  du  pr\u00e9fet  de  l'Allier ,  le  sous-pr\u00e9fet  de   Vichy,  le\ncommandant  du  groupement  de  gendarmerie  d\u00e9partementale  de  l'Allier  sont  charg\u00e9s,\nchacun en ce qui le concerne, de l'ex\u00e9cution du pr\u00e9sent arr\u00eat\u00e9, qui sera publi\u00e9 au\nrecueil  des  actes  administratifs  de  la  pr\u00e9fecture  de  l'Allier,  transmis  \u00e0  la  mairie\nd'\u00c9chassi\u00e8res et adress\u00e9 pour copie \u00e0 Monsieur le procureur de la R\u00e9publique pr\u00e8s le\ntribunal judiciaire de Cusset. \nMoulins, le 21 avril 2026\nPour le pr\u00e9fet et par d\u00e9l\u00e9gation,\nLa sous-pr\u00e9f\u00e8te, directrice de cabinet,\nSign\u00e9\nCyrielle FRANCHI\n2\n03_Pr\u00e9f_Pr\u00e9fecture de l'Allier - 03-2026-04-21-00007 - \nExtrait de l'Arr\u00eat\u00e9 pr\u00e9fectoral n\u00b0894/2026 autorisant la captation, l'enregistrement et la transmission d'images au moyen d'une\ncam\u00e9ra install\u00e9e sur des a\u00e9ronefs\n7\n03_Pr\u00e9f_Pr\u00e9fecture de l'Allier\n03-2026-04-21-00003\nExtrait de l'Arr\u00eat\u00e9 pr\u00e9fectoral n\u00b0890/2026\nportant interdiction temporaire de la circulation\ndes v\u00e9hicules motoris\u00e9s sur les routes, voies et\nchemins \nsur la commune d'Echassi\u00e8res\n03_Pr\u00e9f_Pr\u00e9fecture de l'Allier - 03-2026-04-21-00003 - Extrait de l'Arr\u00eat\u00e9 pr\u00e9fectoral n\u00b0890/2026 portant interdiction temporaire de la\ncirculation des v\u00e9hicules motoris\u00e9s sur les routes, voies et chemins \nsur la commune d'Echassi\u00e8res\n8\n=mPREFETDE L'ALLIERLibert\u00e9Egalit\u00e9Fraternit\u00e9\nCabinet du Pr\u00e9fet\nBureau de la s\u00e9curit\u00e9 int\u00e9rieure\nN\u00b0890 /2026\nExtrait de l'Arr\u00eat\u00e9 pr\u00e9fectoral portant interdiction temporaire de la circulation des\nv\u00e9hicules motoris\u00e9s sur les routes, voies et chemins \nsur la commune d'Echassi\u00e8res\nle mercredi 22 avril 2026 de 09 heures \u00e0 16 heures \nLe Pr\u00e9fet de l'Allier\nChevalier de l'Ordre national du M\u00e9rite,\nARR\u00caTE\nArticle  1 : La  circulation  des  v\u00e9hicules  motoris\u00e9s  et  le  stationnement  sont  interdits  le\nmercredi 22 avril 2026 de 09 heures \u00e0 16 heures sur les axes suivants :\n\u2022 Route du Kaolin (RD 998), entre \u00c9chassi\u00e8res et l'intersection avec les RD 987 et RD \n129 (carrefour de la Bosse) ; \n\u2022 Route de la Fontmoulin, entre l'intersection avec la route des Faux-Sauniers et la RD\n987 ; \n\u2022 Route des Carri\u00e8res (RD 129), entre l'intersection avec la route des Faux-Sauniers et \nl'intersection avec les RD 987 et RD 998 ; \n\u2022 RD 987 (route de Saint-\u00c9loy), du carrefour de la Bosse (intersection avec les RD 998 \net RD 129) jusqu'au lieu-dit Les Penots. \nUne carte est annex\u00e9e au pr\u00e9sent arr\u00eat\u00e9 d\u00e9limitant le p\u00e9rim\u00e8tre et les secteurs concern\u00e9s.\nCette interdiction ne s'applique pas : \n- aux personnels soignants, \n-aux v\u00e9hicules des forces de l'ordre et de secours (au sens large) ;\nArticle 2     : La gestion de la circulation sera assur\u00e9e par les forces de l'ordre. Les r\u00e8gles de\ncirculation seront en outre signal\u00e9es aux usagers par des panneaux plac\u00e9s conform\u00e9ment \u00e0\nl'instruction  interminist\u00e9rielle  sur  la  signalisation  routi\u00e8re.  Les  gestionnaires  des  voiries\nconcern\u00e9es sont charg\u00e9s de la mise en place de la signalisation adapt\u00e9e. \nArticle 3 : Les contraventions au pr\u00e9sent arr\u00eat\u00e9 seront poursuivies conform\u00e9ment aux lois\net r\u00e8glements en vigueur.\nArticle  4  :  La  sous-pr\u00e9f\u00e8te,  directrice  de  cabinet  du  pr\u00e9fet  de  l'Allier  le  colonel\ncommandant le groupement de gendarmerie d\u00e9partementale et le maire d'Echassi\u00e8res\nsont charg\u00e9s, chacun en ce qui le concerne, de l'ex\u00e9cution du pr\u00e9sent arr\u00eat\u00e9 qui sera\npubli\u00e9  au  recueil  des  actes  administratifs  de  la  pr\u00e9fecture  de  l'Allier.  Une  copie  sera\ntransmise au procureur de la R\u00e9publique pr\u00e8s le tribunal judiciaire de Cusset.\n                                                        Fait \u00e0 Moulins, le 21 avril 2026\nPour le pr\u00e9fet et par d\u00e9l\u00e9gation,\nLa sous-pr\u00e9f\u00e8te, directrice de cabinet,\nSign\u00e9\nCyrielle FRANCHI\n03_Pr\u00e9f_Pr\u00e9fecture de l'Allier - 03-2026-04-21-00003 - Extrait de l'Arr\u00eat\u00e9 pr\u00e9fectoral n\u00b0890/2026 portant interdiction temporaire de la\ncirculation des v\u00e9hicules motoris\u00e9s sur les routes, voies et chemins \nsur la commune d'Echassi\u00e8res\n9\nInterdiction de circulation le 22/04 de 09:00 4 16:00Route du KAOLIN D998, de Echassieresaintersectionavec D987 (La Bosse)Route de la Fontmoulin (de intersectionpute des Faux-Sauniers \u00e0 D987)Route des carri\u00e9res, D129 ( de intersection< route des Faux-Sauniers \u00e0 intersectionD987 et D998)D987 (route de Saint-Eloy), de carrefour deBosse (intersection avec D998 et D129),squ'\u00e0 D987 LES PENOTS.\nVoies et d\u00e9lais de recours  : Le pr\u00e9sent arr\u00eat\u00e9 peut faire l'objet d'un recours gracieux aupr\u00e8s du\npr\u00e9fet de l'Allier et d'un recours hi\u00e9rarchique aupr\u00e8s du ministre de l'Int\u00e9rieur et des Outre-mer.\nConform\u00e9ment aux dispositions des articles R 421-1 \u00e0 R 421-5 du code de justice administrative,\nle pr\u00e9sent arr\u00eat\u00e9 peut faire l'objet d'un recours contentieux devant le tribunal administratif de\nClermont-Ferrand, dans le d\u00e9lai de deux mois \u00e0 compter de sa notification ou de sa publication. Le\ntribunal  administratif  peut  \u00eatre  saisi  par  l'application  informatique  \u00ab  T\u00e9l\u00e9recours  citoyens  \u00bb\naccessible par le site internet www.telerecours.fr\n03_Pr\u00e9f_Pr\u00e9fecture de l'Allier - 03-2026-04-21-00003 - Extrait de l'Arr\u00eat\u00e9 pr\u00e9fectoral n\u00b0890/2026 portant interdiction temporaire de la\ncirculation des v\u00e9hicules motoris\u00e9s sur les routes, voies et chemins \nsur la commune d'Echassi\u00e8res\n10\n03_Pr\u00e9f_Pr\u00e9fecture de l'Allier - 03-2026-04-21-00003 - Extrait de l'Arr\u00eat\u00e9 pr\u00e9fectoral n\u00b0890/2026 portant interdiction temporaire de la\ncirculation des v\u00e9hicules motoris\u00e9s sur les routes, voies et chemins \nsur la commune d'Echassi\u00e8res\n11\n03_Pr\u00e9f_Pr\u00e9fecture de l'Allier\n03-2026-04-21-00005\nExtrait de l'Arr\u00eat\u00e9 pr\u00e9fectoral n\u00b0892/2026\nportant interdiction des cort\u00e8ges, d\u00e9fil\u00e9s et\nrassemblements revendicatifs dans un secteur\nde la ville de Montlu\u00e7on le mercredi 22 avril 2026\n\u00e0 l'occasion de la venue du Pr\u00e9sident de la\nR\u00e9publique\n03_Pr\u00e9f_Pr\u00e9fecture de l'Allier - 03-2026-04-21-00005 - Extrait de l'Arr\u00eat\u00e9 pr\u00e9fectoral n\u00b0892/2026 portant interdiction des cort\u00e8ges,\nd\u00e9fil\u00e9s et rassemblements revendicatifs dans un secteur de la ville de Montlu\u00e7on le mercredi 22 avril 2026 \u00e0 l'occasion de la venue du\nPr\u00e9sident de la R\u00e9publique\n12\nPREFETDE L'ALLIERLibert\u00e9Egalit\u00e9Fraternit\u00e9\n                       N\u00b0  892 /2026\nExtrait de l'Arr\u00eat\u00e9 pr\u00e9fectoral portant interdiction des cort\u00e8ges, d\u00e9fil\u00e9s et rassemblements\nrevendicatifs dans un secteur de la ville de Montlu\u00e7on le mercredi 22 avril 2026 \u00e0 l'occasion de\nla venue du Pr\u00e9sident de la R\u00e9publique\nLe pr\u00e9fet de l'Allier\nChevalier de l'Ordre national du M\u00e9rite,\nARRETE\nArticle 1  er   :  \nLes cort\u00e8ges, d\u00e9fil\u00e9s et rassemblements revendicatifs sont interdits dans le secteur du centre-\nville de Montlu\u00e7on comprenant les voies suivantes :\n\u2022 Boulevard de Courtais \n\u2022 Place Jean-Jaur\u00e8s \n\u2022 Rue de la Croix-Verte \n\u2022 Rue de la Charit\u00e9 \n\u2022 Rue Notre-Dame et place Notre-Dame \n\u2022 Rue de la Com\u00e9die et place de la Com\u00e9die \n\u2022 Rue du Doyenn\u00e9 et passage du Doyenn\u00e9 \n\u2022 Rue Saint-Nicolas \n\u2022 Rue Sainte-Anne \n\u2022 Rue Sainte-Marie \n\u2022 Rue des Ursules \n\u2022 Rue Porte-des-Forges et rue des Forges \n\u2022 Rue Arago \n\u2022 Place des Toiles \n\u2022 Rue Grande \n\u2022 Rue de la Presle \n\u2022 Rue Henri-Pourrat \n\u2022 Rue Racine \n\u2022 Rue Barathon \n\u2022 Rue Corneille \nLe p\u00e9rim\u00e8tre concern\u00e9 correspond aux voies situ\u00e9es autour de la place Jean-Jaur\u00e8s dans le\ncentre-ville de Montlu\u00e7on.\nArticle 2 : \n1\nCabinet du pr\u00e9fet\nBureau de la s\u00e9curit\u00e9 int\u00e9rieure\n03_Pr\u00e9f_Pr\u00e9fecture de l'Allier - 03-2026-04-21-00005 - Extrait de l'Arr\u00eat\u00e9 pr\u00e9fectoral n\u00b0892/2026 portant interdiction des cort\u00e8ges,\nd\u00e9fil\u00e9s et rassemblements revendicatifs dans un secteur de la ville de Montlu\u00e7on le mercredi 22 avril 2026 \u00e0 l'occasion de la venue du\nPr\u00e9sident de la R\u00e9publique\n13\nTout manquement aux dispositions pr\u00e9vues par le pr\u00e9sent arr\u00eat\u00e9 est puni de l'amende pr\u00e9vue\npour les contraventions de la quatri\u00e8me classe conform\u00e9ment aux dispositions de l'article  R.\n644-4 du code p\u00e9nal susvis\u00e9.\nArticle 3 :\nLe pr\u00e9sent arr\u00eat\u00e9 peut faire l'objet, dans un d\u00e9lai de deux mois \u00e0 compter de sa publication,\nd'un recours devant le tribunal administratif de Clermont-Ferrand, qui peut \u00eatre assorti d'un\nr\u00e9f\u00e9r\u00e9 conform\u00e9ment aux dispositions de l'article L.521-2 du code de justice administrative. \nArticle 4 :  \nLa sous-pr\u00e9f\u00e8te, directrice de cabinet du pr\u00e9fet de l'Allier, le sous-pr\u00e9fet de  Montlu\u00e7on, le\ncommissaire divisionnaire, directeur d\u00e9partemental de la police nationale de l'Allier, le maire\nde Montlu\u00e7on, sont charg\u00e9s, chacun en ce qui les concerne, de l'ex\u00e9cution du pr\u00e9sent arr\u00eat\u00e9,\nlequel sera publi\u00e9 au recueil des actes administratifs de la Pr\u00e9fecture de l'Allier.\nMoulins, le 21 avril 2026\nPour le pr\u00e9fet et par d\u00e9l\u00e9gation,\nLa sous-pr\u00e9f\u00e8te, directrice de cabinet,\nSign\u00e9\nCyrielle FRANCHI\n2\n03_Pr\u00e9f_Pr\u00e9fecture de l'Allier - 03-2026-04-21-00005 - Extrait de l'Arr\u00eat\u00e9 pr\u00e9fectoral n\u00b0892/2026 portant interdiction des cort\u00e8ges,\nd\u00e9fil\u00e9s et rassemblements revendicatifs dans un secteur de la ville de Montlu\u00e7on le mercredi 22 avril 2026 \u00e0 l'occasion de la venue du\nPr\u00e9sident de la R\u00e9publique\n14\n03_Pr\u00e9f_Pr\u00e9fecture de l'Allier\n03-2026-04-21-00006\nExtrait de l'Arr\u00eat\u00e9 pr\u00e9fectoral n\u00b0893/2026 \nautorisant la captation, l'enregistrement et la\ntransmission d'images au moyen d'une cam\u00e9ra\ninstall\u00e9e sur des a\u00e9ronefs sans \u00e9quipage \u00e0 bord \n03_Pr\u00e9f_Pr\u00e9fecture de l'Allier - 03-2026-04-21-00006 - Extrait de l'Arr\u00eat\u00e9 pr\u00e9fectoral n\u00b0893/2026  autorisant la captation,\nl'enregistrement et la transmission d'images au moyen d'une cam\u00e9ra install\u00e9e sur des a\u00e9ronefs sans \u00e9quipage \u00e0 bord 15\nPREFETDE L'ALLIERLibert\u00e9Egalit\u00e9Fraternit\u00e9\n                       N\u00b0 893 /2026\nExtrait de l'Arr\u00eat\u00e9 pr\u00e9fectoral autorisant la captation, l'enregistrement et la transmission\nd'images au moyen d'une cam\u00e9ra install\u00e9e sur des a\u00e9ronefs sans \u00e9quipage \u00e0 bord \nLe pr\u00e9fet de l'Allier\nChevalier de l'Ordre national du M\u00e9rite,\nARRETE\nArticle 1  er   :  \nLa captation, l'enregistrement et la transmission d'images au moyen d'une cam\u00e9ra install\u00e9e sur\nun a\u00e9ronef sans \u00e9quipage \u00e0 bord de type :\n\u2022 DJI Matrice 4T n\u00b01581F7K3C254N00D9B6L \n\u2022 DJI Matrice 4T n\u00b01581F7K3C255500DJ046 \n\u2022 DJI Mavic 3T n\u00b01581F5FJC243N00E9J05 \nmis en \u0153uvre par la Direction d\u00e9partementale de la Police nationale de l'Allier, sont autoris\u00e9s \naux fins de pr\u00e9vention des atteintes \u00e0 la s\u00e9curit\u00e9 des personnes et des biens, dans le cadre du \nconseil des ministres restreint organis\u00e9 \u00e0 Montlu\u00e7on le 22 avril 2026.\nArticle 2 : \nLe nombre maximal de cam\u00e9ras pouvant proc\u00e9der simultan\u00e9ment aux traitements mentionn\u00e9s\n\u00e0 l'article 1er est fix\u00e9 \u00e0 une cam\u00e9ra. \nArticle 3     :\nLa pr\u00e9sente autorisation est strictement limit\u00e9e au p\u00e9rim\u00e8tre g\u00e9ographique suivant :\nCommune de Montlu\u00e7on (03100)\n\u2022 Quai Favi\u00e8res \n\u2022 Boulevard Pr\u00e9sident Allende \n\u2022 Avenue du 8 mai 1945 \n\u2022 Rue Pamparoux \n\u2022 Rue du Dr Marcel Francillon \n\u2022 Rue du Di\u00e9nat \n\u2022 Rue de la Presle \n\u2022 Boulevard de Courtais \n\u2022 Rue du Faubourg Saint-Pierre \nArticle 4 :  \n1\nCabinet du pr\u00e9fet\nBureau de la s\u00e9curit\u00e9 int\u00e9rieure\n03_Pr\u00e9f_Pr\u00e9fecture de l'Allier - 03-2026-04-21-00006 - Extrait de l'Arr\u00eat\u00e9 pr\u00e9fectoral n\u00b0893/2026  autorisant la captation,\nl'enregistrement et la transmission d'images au moyen d'une cam\u00e9ra install\u00e9e sur des a\u00e9ronefs sans \u00e9quipage \u00e0 bord 16\nLa  pr\u00e9sente  autorisation  est  d\u00e9livr\u00e9e  pour  la  p\u00e9riode  suivante  :\nle mercredi 22 avril 2026 de 08 heures 00 \u00e0 14heures 00. \nArticle 5 :\nConform\u00e9ment \u00e0 l'article L.242-4 du code de la s\u00e9curit\u00e9 int\u00e9rieure, un registre retra\u00e7ant les \nconditions de mise en \u0153uvre du dispositif est tenu et transmis au repr\u00e9sentant de l'\u00c9tat dans \nle d\u00e9partement de l'Allier \u00e0 l'issue de l'op\u00e9ration.\nArticle 6 :\nLe pr\u00e9sent arr\u00eat\u00e9 peut faire l'objet, dans un d\u00e9lai de deux mois \u00e0 compter de sa publication au \nrecueil des actes administratifs de la pr\u00e9fecture de l'Allier :\n\u2022 d'un recours gracieux aupr\u00e8s de M. le pr\u00e9fet de l'Allier \u2013 CS 31649 \u2013 03016 MOULINS \nCEDEX ; \n\u2022 d'un recours hi\u00e9rarchique aupr\u00e8s de M. le ministre de l'Int\u00e9rieur \u2013 Place Beauvau \u2013 75800\nParis Cedex 08 ; \n\u2022 d'un recours contentieux devant le tribunal administratif de Clermont-Ferrand \u2013 6 cours \nSablon \u2013 63000 Clermont-Ferrand, \u00e9ventuellement via l'application \u00ab T\u00e9l\u00e9recours \ncitoyens \u00bb (www.telerecours.fr). \nArticle 7 :\nLa sous-pr\u00e9f\u00e8te, directrice de cabinet du pr\u00e9fet de l'Allier , le sous-pr\u00e9fet de  Montlu\u00e7on,  le\ndirecteur d\u00e9partemental de la police nationale de l'Allier sont charg\u00e9s, chacun en ce\nqui le concerne, de l'ex\u00e9cution du pr\u00e9sent arr\u00eat\u00e9, qui sera publi\u00e9 au recueil des actes\nadministratifs de la pr\u00e9fecture de l'Allier, transmis \u00e0 la mairie de Montlu\u00e7on et adress\u00e9\npour copie \u00e0 Monsieur le procureur de la R\u00e9publique pr\u00e8s le tribunal judiciaire de\nMontlu\u00e7on. \nMoulins, le 21 avril 2026\nPour le pr\u00e9fet et par d\u00e9l\u00e9gation,\nLa sous-pr\u00e9f\u00e8te, directrice de cabinet,\nSign\u00e9\nCyrielle FRANCHI\n2\n03_Pr\u00e9f_Pr\u00e9fecture de l'Allier - 03-2026-04-21-00006 - Extrait de l'Arr\u00eat\u00e9 pr\u00e9fectoral n\u00b0893/2026  autorisant la captation,\nl'enregistrement et la transmission d'images au moyen d'une cam\u00e9ra install\u00e9e sur des a\u00e9ronefs sans \u00e9quipage \u00e0 bord 17\n03_Pr\u00e9f_Pr\u00e9fecture de l'Allier\n03-2026-04-21-00008\nExtrait de l'arr\u00eat\u00e9 pr\u00e9fectoral n\u00b0895/2026\nportant autorisation des services de la police\nnationale \u00e0 utiliser un dispositif de brouillage\ndestin\u00e9 \u00e0 rendre inop\u00e9rant un a\u00e9ronef circulant\nsans personne \u00e0 bord \u00e0 l'occasion du voyage\nofficiel du Pr\u00e9sident de la R\u00e9publique et du\nPremier Ministre sur Montlu\u00e7on le 22/04/2026\n03_Pr\u00e9f_Pr\u00e9fecture de l'Allier - 03-2026-04-21-00008 - Extrait de l'arr\u00eat\u00e9 pr\u00e9fectoral n\u00b0895/2026 portant autorisation des services de la\npolice nationale \u00e0 utiliser un dispositif de brouillage destin\u00e9 \u00e0 rendre inop\u00e9rant un a\u00e9ronef circulant sans personne \u00e0 bord \u00e0 l'occasion\ndu voyage officiel du Pr\u00e9sident de la R\u00e9publique et du Premier Ministre sur Montlu\u00e7on le 22/04/2026\n18\n                       N\u00b0  895 /2026\n1\nCabinet du pr\u00e9fet\nBureau de la s\u00e9curit\u00e9 int\u00e9rieure\n03_Pr\u00e9f_Pr\u00e9fecture de l'Allier - 03-2026-04-21-00008 - Extrait de l'arr\u00eat\u00e9 pr\u00e9fectoral n\u00b0895/2026 portant autorisation des services de la\npolice nationale \u00e0 utiliser un dispositif de brouillage destin\u00e9 \u00e0 rendre inop\u00e9rant un a\u00e9ronef circulant sans personne \u00e0 bord \u00e0 l'occasion\ndu voyage officiel du Pr\u00e9sident de la R\u00e9publique et du Premier Ministre sur Montlu\u00e7on le 22/04/2026\n19","date":"2026-04-21","first_seen_on":"2026-04-21T16:04:05+00:00","id":"20a9d3d58221e918bc44282f2b5483cb6083b49867224a8d67e53188ea27769a","name":"recueil nr sp\u00e9cial - \u00e9dit\u00e9 le 21 avril 2026","pdf_creation_date":"2026-04-21T13:46:11+00:00","pdf_modification_date":null,"timezone":"Europe/Paris","url":"https://www.allier.gouv.fr/contenu/telechargement/19921/135761/file/recueil-03-2026-082-recueil-des-actes-administratifs-special.pdf"}
