{"administration":"pref21","administration_name":"Pr\u00e9fecture de C\u00f4te-d\u2019Or","content":"PR\u00c9FET\nDE LA C\u00d4TE-D'OR\nRECUEIL DES ACTES\nADMINISTRATIFS SP\u00c9CIAL\nN\u00b021-2024-144\nPUBLI\u00c9 LE 17 OCTOBRE 2024\nSommaire\nDirection d\u00e9partementale des territoires de la C\u00f4te-d'Or / Service\nPr\u00e9servation et Am\u00e9nagement de l'Espace (SPAE)\n21-2024-09-25-00005 - Commission d\u00e9partementale de la chasse et de la\nfaune sauvage\nFormation sp\u00e9cialis\u00e9e relative \u00e0 l'indemnisation des\nd\u00e9g\u00e2ts de gibier\naux cultures et r\u00e9coltes agricoles\nRelev\u00e9 de\nd\u00e9cision de la session du 25 septembre 2024 (1 page) Page 4\nPr\u00e9fecture de la C\u00f4te-d'Or / Direction des s\u00e9curit\u00e9s\n21-2024-10-17-00004 - Arr\u00eat\u00e9 pr\u00e9fectoral n\u00b0 1601 portant\ncomposition du jury d'examen pour la certification \u00e0 la P\u00e9dagogie\nAppliqu\u00e9e \u00e0 l'Emploi de Formateur en Pr\u00e9vention et Secours\nCiviques (PAE-FPSC) organis\u00e9 par le 511? R\u00e9giment du Train le 18\noctobre 2024 (2 pages) Page 6\n21-2024-10-17-00002 - Arr\u00eat\u00e9 pr\u00e9fectoral n\u00b01599 portant\ncomposition du jury d'examen pour la certification \u00e0 la P\u00e9dagogie\nAppliqu\u00e9e \u00e0 l'Emploi de Formateur aux Premiers Secours (PAE-FPS)\norganis\u00e9 par la d\u00e9l\u00e9gation territoriale de la Croix Rouge Fran\u00e7aise de\nla C\u00f4te d'Or, le 30 octobre 2024 (2 pages) Page 9\n21-2024-10-17-00003 - Arr\u00eat\u00e9 pr\u00e9fectoral n\u00b01600 portant\ncomposition du jury d'examen pour la certification \u00e0 la P\u00e9dagogie\nAppliqu\u00e9e \u00e0 l'Emploi de Formateur en Pr\u00e9vention et Secours\nCiviques (PAE-FPSC) organis\u00e9 par la d\u00e9l\u00e9gation territoriale de la Croix\nRouge Fran\u00e7aise de la C\u00f4te d'Or, le 30 octobre 2024 (2 pages) Page 12\n21-2024-10-16-00002 - Arr\u00eat\u00e9 pr\u00e9fectoral N\u00b01603 portant interdiction\nde rassemblements festifs \u00e0 caract\u00e8re musical et interdiction de\ncirculation\nde tout v\u00e9hicule transportant du mat\u00e9riel de son \u00e0\ndestination d'un rassemblement festif\n\u00e0 caract\u00e8re musical non\nautoris\u00e9 (2 pages) Page 15\n21-2024-10-16-00003 - Arr\u00eat\u00e9 pr\u00e9fectoral N\u00b01604\nautorisant la\ncaptation, l'enregistrement et la transmission d'images\nau moyen\nde cam\u00e9ras install\u00e9es sur des a\u00e9ronefs (3 pages) Page 18\nPr\u00e9fecture de la C\u00f4te-d'Or / P\u00f4le juridique inter-services\n21-2024-10-17-00001 - Arr\u00eat\u00e9 n\u00b0  1595 /SG du 17 octobre 2024 portant\nd\u00e9l\u00e9gation de signature \u00e0 Madame Alix DUMONT SAINT PRIEST,\ndirectrice  d\u00e9partementale adjointe de l'emploi, du travail et des\nsolidarit\u00e9s de la C\u00f4te d'Or (2 pages) Page 22\nSous-pr\u00e9fecture de Beaune / P\u00f4le Collectivit\u00e9s locales\n21-2024-09-13-00004 - Arr\u00eat\u00e9 pr\u00e9fectoral n\u00b01463 du 13 septembre\n2024 portant convocation des \u00e9lecteurs de la commune de\nMOREY-SAINT-DENIS et fixant la p\u00e9riode de d\u00e9p\u00f4t des candidatures\nen vue de proc\u00e9der \u00e0 des \u00e9lections municipales compl\u00e9mentaires\npour 04 si\u00e8ges, le dimanche 24 novembre 2024 pour le 1er  tour et le\ndimanche 1er d\u00e9cembre 2024 pour l'\u00e9ventuel second tour (3 pages) Page 25\n2\n21-2024-09-20-00004 - Arr\u00eat\u00e9 pr\u00e9fectoral n\u00b01500 du 20 septembre\n2024 portant convocation des \u00e9lecteurs de la commune de MESSANGES\net fixant la p\u00e9riode de d\u00e9p\u00f4t des candidatures en vue de proc\u00e9der\n\u00e0 des \u00e9lections municipales compl\u00e9mentaires pour 01 si\u00e8ge, le\ndimanche 24 novembre 2024 pour le 1er tour et le dimanche 1er\nd\u00e9cembre 2024 pour l'\u00e9ventuel second tour (3 pages) Page 29\n3\nDirection d\u00e9partementale des territoires de la\nC\u00f4te-d'Or\nService Pr\u00e9servation et Am\u00e9nagement de\nl'Espace (SPAE)\n21-2024-09-25-00005\nCommission d\u00e9partementale de la chasse et de\nla faune sauvage\nFormation sp\u00e9cialis\u00e9e relative \u00e0 l'indemnisation\ndes d\u00e9g\u00e2ts de gibier\naux cultures et r\u00e9coltes agricoles\nRelev\u00e9 de d\u00e9cision de la session du 25\nseptembre 2024\nDirection d\u00e9partementale des territoires de la C\u00f4te-d'Or - 21-2024-09-25-00005 - Commission d\u00e9partementale de la chasse et de la\nfaune sauvage\nFormation sp\u00e9cialis\u00e9e relative \u00e0 l'indemnisation des d\u00e9g\u00e2ts de gibier\naux cultures et r\u00e9coltes agricoles\nRelev\u00e9 de d\u00e9cision de la session du 25 septembre 2024\n4\nExPREFETDE LACOTE-D'ORLibert\u00e9Egalit\u00e9Fraternit\u00e9\nDirection d\u00e9partementale des\nterritoires de la C\u00f4te-d'Or\nCommission d\u00e9partementale de la chasse et de la faune sauvage\nFormation sp\u00e9cialis\u00e9e relative \u00e0 l'indemnisation des d\u00e9g\u00e2ts de gibier\naux cultures et r\u00e9coltes agricoles\nRelev\u00e9 de d\u00e9cision de la session du 25 septembre 2024\nFixation des bar\u00e8mes d\u00e9partementaux \u00ab perte de r\u00e9colte des prairies \u00bb et \u00ab autres\ncultures \u00bb\nLa  commission  d\u00e9partementale  de  la  chasse  et  de  la  faune  sauvage,  dans  sa  formation\nsp\u00e9cialis\u00e9e \u00ab  indemnisation  des  d\u00e9g\u00e2ts  de  gibier  aux  cultures  et  r\u00e9coltes  agricoles \u00bb  s'est\nr\u00e9unie  le  25  septembre  2024,  sous  la  pr\u00e9sidence  de  Madame  Nadine  MUCKENSTURM,\ndirectrice  d\u00e9partementale  adjointe  des  territoires,  repr\u00e9sentant  le  pr\u00e9fet  de  la  r\u00e9gion\nBourgogne Franche-Comt\u00e9, pr\u00e9fet de la C\u00f4te-d'Or.\nLe bar\u00e8me d\u00e9partemental d'indemnisation \u00ab  perte de r\u00e9colte des prairies et autres cultures  \u00bb\na \u00e9t\u00e9 fix\u00e9 comme suit pour l'ann\u00e9e 2024.\nI.   Perte de r\u00e9colte des prairies  \nCultures Prix au quintal (\u20ac)\nFoin 10,11\nII.   Autres cultures  \nCultures Prix au quintal (\u20ac)\nLuzerne (foin) 12,61\nTr\u00e8fle (foin) 12,61\nLa pr\u00e9sidente de la commission,\nSign\u00e9 : Nadine MUCKENSTURM\nConform\u00e9ment aux dispositions de l'article R.426-8-2 du code de l'environnement, le pr\u00e9sent\nrelev\u00e9 de d\u00e9cision est publi\u00e9 au recueil des actes administratifs de la pr\u00e9fecture de la C\u00f4te\nd'Or.\n1\nT\u00e9l. : 03 80 29 44 44\nCourriel : ddt@cote-dor.gouv.fr\n57 , rue de Mulhouse - BP 53317 - 21033 Dijon CEDEX\nDirection d\u00e9partementale des territoires de la C\u00f4te-d'Or - 21-2024-09-25-00005 - Commission d\u00e9partementale de la chasse et de la\nfaune sauvage\nFormation sp\u00e9cialis\u00e9e relative \u00e0 l'indemnisation des d\u00e9g\u00e2ts de gibier\naux cultures et r\u00e9coltes agricoles\nRelev\u00e9 de d\u00e9cision de la session du 25 septembre 2024\n5\nPr\u00e9fecture de la C\u00f4te-d'Or\nDirection des s\u00e9curit\u00e9s\n21-2024-10-17-00004\nArr\u00eat\u00e9 pr\u00e9fectoral n\u00b0 1601 portant composition\ndu jury d'examen pour la certification \u00e0 la\nP\u00e9dagogie Appliqu\u00e9e \u00e0 l'Emploi de Formateur en\nPr\u00e9vention et Secours Civiques (PAE-FPSC)\norganis\u00e9 par le 511? R\u00e9giment du Train le 18\noctobre 2024\nPr\u00e9fecture de la C\u00f4te-d'Or - 21-2024-10-17-00004 - Arr\u00eat\u00e9 pr\u00e9fectoral n\u00b0 1601 portant composition du jury d'examen pour la\ncertification \u00e0 la P\u00e9dagogie Appliqu\u00e9e \u00e0 l'Emploi de Formateur en Pr\u00e9vention et Secours Civiques (PAE-FPSC) organis\u00e9 par le 511?\nR\u00e9giment du Train le 18 octobre 2024\n6\nExPREFETDE LACOTE-D'ORLibert\u00e9Egalit\u00e9Fraternit\u00e9\nDirection des S\u00e9curit\u00e9s\nBureau de la S\u00e9curit\u00e9 Civile\nDijon, le 17 octobre 2024\n  \nArr\u00eat\u00e9 pr\u00e9fectoral n\u00b0 1601\nportant composition du jury d'examen pour la certification \u00e0 la P\u00e9dagogie Appliqu\u00e9e \u00e0\nl'Emploi de Formateur en Pr\u00e9vention et Secours Civiques (PAE-FPSC) organis\u00e9 par\nle 511  R\u00e9giment du Train\u1d49  le 18 octobre 2024\nVU le code de la s\u00e9curit\u00e9 int\u00e9rieure ;\nVU le d\u00e9cret n\u00b0 91-834 du 30 ao\u00fbt 1991 modifi\u00e9 relatif \u00e0 la formation aux premiers secours  ;\nVU le  d\u00e9cret  n\u00b0  92-514  du  12  juin  1992  modifi\u00e9  relatif  \u00e0  la  formation  de  moniteur  aux\npremiers secours ;\nVU l'arr\u00eat\u00e9 du 8 ao\u00fbt 2012 fixant le r\u00e9f\u00e9rentiel national de comp\u00e9tences de s\u00e9curit\u00e9 civile\nrelatif \u00e0 l'unit\u00e9 d'enseignement \u00ab p\u00e9dagogie initiale et commune de formateur \u00bb ;\nVU l'arr\u00eat\u00e9 du 4 septembre 2012 modifi\u00e9 fixant le r\u00e9f\u00e9rentiel national de comp\u00e9tences de\ns\u00e9curit\u00e9 civile relatif \u00e0 l'unit\u00e9 d'enseignement \u00ab  p\u00e9dagogie appliqu\u00e9e \u00e0 l'emploi de formateur\nen pr\u00e9vention et secours civiques \u00bb ;\nVU l'agr\u00e9ment PAE-FPSC-0902P01 d\u00e9livr\u00e9 par le Minist\u00e8re de l'Int\u00e9rieur le 9 f\u00e9vrier 2021 au\nCentre  de  Formation  Op\u00e9rationnelle  Sant\u00e9  de  l'\u00e9cole  du  Val-de-Gr\u00e2ce  (CEFOS),  relatif  \u00e0\nl'unit\u00e9  d'enseignement  \u00ab P\u00e9dagogie  Appliqu\u00e9e  \u00e0  l'Emploi  de  Formateur  en  Pr\u00e9vention  et\nSecours Civiques \u00bb ;\nVU le  certificat  de  condition  d'exercice  n\u00b0  2024-013  d\u00e9livr\u00e9  le  28  f\u00e9vrier  2024  portant\nhabilitation pour les formations aux premiers secours au 511  R\u00e9giment du Train\u1d49  ;\nCONSIDERANT la demande du 511  R\u00e9giment du Train\u1d49  du 27 septembre 2024 ;\nSUR proposition du directeur de cabinet,\nPr\u00e9fecture de la C\u00f4te-d'Or\n53 rue de la Pr\u00e9fecture \n21000 DIJON\n03 80 44 66 60\nPr\u00e9fecture de la C\u00f4te-d'Or - 21-2024-10-17-00004 - Arr\u00eat\u00e9 pr\u00e9fectoral n\u00b0 1601 portant composition du jury d'examen pour la\ncertification \u00e0 la P\u00e9dagogie Appliqu\u00e9e \u00e0 l'Emploi de Formateur en Pr\u00e9vention et Secours Civiques (PAE-FPSC) organis\u00e9 par le 511?\nR\u00e9giment du Train le 18 octobre 2024\n7\nARRETE\nA  rticle 1er  : Le jury de validation de l'examen de certification \u00e0 la p\u00e9dagogie appliqu\u00e9e \u00e0\nl'emploi de formateur en pr\u00e9vention et secours civiques (FPSC) se r\u00e9unira le 18 octobre 2024\n\u00e0 8h00,  dans  les  locaux  du  511e R\u00e9giment  du  Train,  Quartier  Bonaparte 21130  Auxonne\n(Cellule secourisme).\nParticiperont \u00e0 ce jury :\nPr\u00e9sident : BEYL Laur\u00e8ne (Arm\u00e9e de Terre)\n                  \nInstructeurs :\nMARTINS Monique (croix rouge)\nLEGOUHY G\u00e9rard (protection civile)\nGOUPILLON Timoth\u00e9e (Arm\u00e9e de Terre)\nArticle 2  :  Le sous-pr\u00e9fet, directeur de cabinet et la directrice des s\u00e9curit\u00e9s sont charg\u00e9s,\nchacun en ce qui le concerne,  de l'ex\u00e9cution du pr\u00e9sent arr\u00eat\u00e9 qui sera publi\u00e9 au recueil des\nactes  administratifs  de  la  Pr\u00e9fecture  de  la  C\u00f4te-d'Or  et  dont  copie  sera  adress\u00e9e  \u00e0\nl'organisateur.\n         Fait \u00e0 Dijon, le 17 octobre 2024\nLe Pr\u00e9fet,\n        Pour le Pr\u00e9fet et par d\u00e9l\u00e9gation, \n             La directrice des s\u00e9curit\u00e9s\nORIGINAL SIGNE\n        Nathalie AUBERTIN\nPr\u00e9fecture de la C\u00f4te-d'Or\n53 rue de la Pr\u00e9fecture \n21000 DIJON\n03 80 44 66 60\nPr\u00e9fecture de la C\u00f4te-d'Or - 21-2024-10-17-00004 - Arr\u00eat\u00e9 pr\u00e9fectoral n\u00b0 1601 portant composition du jury d'examen pour la\ncertification \u00e0 la P\u00e9dagogie Appliqu\u00e9e \u00e0 l'Emploi de Formateur en Pr\u00e9vention et Secours Civiques (PAE-FPSC) organis\u00e9 par le 511?\nR\u00e9giment du Train le 18 octobre 2024\n8\nPr\u00e9fecture de la C\u00f4te-d'Or\nDirection des s\u00e9curit\u00e9s\n21-2024-10-17-00002\nArr\u00eat\u00e9 pr\u00e9fectoral n\u00b01599 portant composition\ndu jury d'examen pour la certification \u00e0 la\nP\u00e9dagogie Appliqu\u00e9e \u00e0 l'Emploi de Formateur\naux Premiers Secours (PAE-FPS) organis\u00e9 par la\nd\u00e9l\u00e9gation territoriale de la Croix Rouge\nFran\u00e7aise de la C\u00f4te d'Or, le 30 octobre 2024\nPr\u00e9fecture de la C\u00f4te-d'Or - 21-2024-10-17-00002 - Arr\u00eat\u00e9 pr\u00e9fectoral n\u00b01599 portant composition du jury d'examen pour la\ncertification \u00e0 la P\u00e9dagogie Appliqu\u00e9e \u00e0 l'Emploi de Formateur aux Premiers Secours (PAE-FPS) organis\u00e9 par la d\u00e9l\u00e9gation territoriale\nde la Croix Rouge Fran\u00e7aise de la C\u00f4te d'Or, le 30 octobre 2024\n9\nExPREFETDE LACOTE-D'ORLibert\u00e9Egalit\u00e9Fraternit\u00e9\nDirection des S\u00e9curit\u00e9s\nBureau de la S\u00e9curit\u00e9 Civile\n    \n                                                                                                                 Dijon, le 17 octobre 2024\nArr\u00eat\u00e9 pr\u00e9fectoral n\u00b01599\nportant composition du jury d'examen pour la certification \u00e0 la P\u00e9dagogie Appliqu\u00e9e \u00e0\nl'Emploi de Formateur aux Premiers Secours (PAE-FPS) organis\u00e9 par la d\u00e9l\u00e9gation territoriale\nde la Croix Rouge Fran\u00e7aise de la C\u00f4te d'Or, le 30 octobre 2024\nLe pr\u00e9fet de la C\u00f4te d'Or\nVU le code de la s\u00e9curit\u00e9 int\u00e9rieure ;\nVU le d\u00e9cret n\u00b0 91-834 du 30 ao\u00fbt 1991 modifi\u00e9 relatif \u00e0 la formation aux premiers secours  ;\nVU le  d\u00e9cret  n\u00b0  92-514  du  12  juin  1992  modifi\u00e9  relatif  \u00e0  la  formation  de  moniteur  aux\npremiers secours ;\nVU l'arr\u00eat\u00e9 interminist\u00e9riel du 24 mai 2000 portant organisation de la formation continue des\npremiers secours ;\nVU l'arr\u00eat\u00e9  interminist\u00e9riel  du  24  ao\u00fbt  2007  modifi\u00e9  fixant  le  r\u00e9f\u00e9rentiel  national  de\ncomp\u00e9tences de s\u00e9curit\u00e9 civile relatif \u00e0 l'unit\u00e9 d'enseignement \u00ab  premiers secours en \u00e9quipe\nde niveau 1 \u00bb PSE1 ;\nVU l'arr\u00eat\u00e9  interminist\u00e9riel  du  14  novembre  2007  fixant  le  r\u00e9f\u00e9rentiel  national  de\ncomp\u00e9tences de s\u00e9curit\u00e9 civile relatif \u00e0 l'unit\u00e9 d'enseignement \u00ab  premiers secours en \u00e9quipe\nde niveau 2 \u00bb PSE2 ;\nVU l'arr\u00eat\u00e9 interminist\u00e9riel du 8 ao\u00fbt 2012 fixant le r\u00e9f\u00e9rentiel national de comp\u00e9tences de\ns\u00e9curit\u00e9  civile  relatif  \u00e0  l'unit\u00e9  d'enseignement  \u00ab  p\u00e9dagogie  initiale  et  commune  de\nformateur \u00bb ;\nVU l'arr\u00eat\u00e9 interminist\u00e9riel du 17 ao\u00fbt 2012  fixant le r\u00e9f\u00e9rentiel national de comp\u00e9tences de\ns\u00e9curit\u00e9 civile relatif \u00e0 l'unit\u00e9 d'enseignement \u00ab  p\u00e9dagogie appliqu\u00e9e \u00e0 l'emploi de formateur\nde formateurs \u00bb ;\nVU l'arr\u00eat\u00e9  interminist\u00e9riel  du 3 septembre 2012 modifi\u00e9 fixant le r\u00e9f\u00e9rentiel national de\ncomp\u00e9tences  de  s\u00e9curit\u00e9  civile  relatif  \u00e0  l'unit\u00e9  d'enseignement  \u00ab p\u00e9dagogie  appliqu\u00e9e  \u00e0\nl'emploi de formateur aux premiers secours \u00bb ;\nPr\u00e9fecture de la C\u00f4te-d'Or\n53 rue de la Pr\u00e9fecture \n21000 DIJON\n03 80 44 66 60\nPr\u00e9fecture de la C\u00f4te-d'Or - 21-2024-10-17-00002 - Arr\u00eat\u00e9 pr\u00e9fectoral n\u00b01599 portant composition du jury d'examen pour la\ncertification \u00e0 la P\u00e9dagogie Appliqu\u00e9e \u00e0 l'Emploi de Formateur aux Premiers Secours (PAE-FPS) organis\u00e9 par la d\u00e9l\u00e9gation territoriale\nde la Croix Rouge Fran\u00e7aise de la C\u00f4te d'Or, le 30 octobre 2024\n10\nVU l'agr\u00e9ment PAE FPS AN92-PICF-FPS-10-2023-2026 d\u00e9livr\u00e9 le 25 janvier 2023 par le minist\u00e8re\nde l'Int\u00e9rieur et des Outres-Mer \u00e0 la Croix-Rouge Fran\u00e7aise, relative \u00e0 l'unit\u00e9 d'enseignement\n\u00ab p\u00e9dagogie appliqu\u00e9e \u00e0 l'emploi de formateur aux premiers secours (PAE-FPS) \u00bb ;\nVU l'arr\u00eat\u00e9 pr\u00e9fectoral n\u00b0 543 du 22 mars 2023 portant renouvellement de l'agr\u00e9ment pour\nles formations aux premiers secours \u00e0 la d\u00e9l\u00e9gation territoriale de la Croix Rouge Fran\u00e7aise de\nla C\u00f4te d'Or ;\nCONSID\u00c9RANT  la demande de la  d\u00e9l\u00e9gation territoriale de la Croix Rouge Fran\u00e7aise de la\nC\u00f4te d'Or du 20 septembre 2024 ;\nSUR proposition du directeur de cabinet,\nARRETE\nArticle 1er  : Le jury de validation de l'examen de certification \u00e0 la p\u00e9dagogie appliqu\u00e9e \u00e0\nl'emploi de formateur aux premiers secours (FPS) se r\u00e9unira le 30 octobre 2024 \u00e0 10h30, dans\nles locaux de la Croix Rouge de la C\u00f4te d'Or, 9 bis Boulevard du Champ aux M\u00e9tiers, 21  800\nQu\u00e9tigny.\nParticiperont \u00e0 ce jury :\nPr\u00e9sident : Timoth\u00e9e Goupillon (511  r\u00e9giment du Train)\u1d49\nInstructeurs :\n- Monique Martins (Croix Rouge fran\u00e7aise)\n- G\u00e9rard Legouhy (Protection Civile de la C\u00f4te d'Or) \n-  Olivier Deschamps (SDIS 21)\nArticle 2  :  Le sous-pr\u00e9fet, directeur de cabinet et la directrice des s\u00e9curit\u00e9s sont charg\u00e9s,\nchacun en ce qui le concerne, de l'ex\u00e9cution du pr\u00e9sent arr\u00eat\u00e9 qui sera publi\u00e9 au recueil des\nactes  administratifs  de  la  Pr\u00e9fecture  de  la  C\u00f4te-d'Or  et  dont  copie  sera  adress\u00e9e  \u00e0\nl'organisateur.\n        Fait \u00e0 Dijon, le 17 octobre 2024\n   Le pr\u00e9fet,\n       Pour le pr\u00e9fet et par d\u00e9l\u00e9gation, \n            La directrice des s\u00e9curit\u00e9s\n                                                                                                                  ORIGINAL SIGNE\n        \n      Nathalie AUBERTIN\nPr\u00e9fecture de la C\u00f4te-d'Or\n53 rue de la Pr\u00e9fecture \n21000 DIJON\n03 80 44 66 60\nPr\u00e9fecture de la C\u00f4te-d'Or - 21-2024-10-17-00002 - Arr\u00eat\u00e9 pr\u00e9fectoral n\u00b01599 portant composition du jury d'examen pour la\ncertification \u00e0 la P\u00e9dagogie Appliqu\u00e9e \u00e0 l'Emploi de Formateur aux Premiers Secours (PAE-FPS) organis\u00e9 par la d\u00e9l\u00e9gation territoriale\nde la Croix Rouge Fran\u00e7aise de la C\u00f4te d'Or, le 30 octobre 2024\n11\nPr\u00e9fecture de la C\u00f4te-d'Or\nDirection des s\u00e9curit\u00e9s\n21-2024-10-17-00003\nArr\u00eat\u00e9 pr\u00e9fectoral n\u00b01600 portant composition\ndu jury d'examen pour la certification \u00e0 la\nP\u00e9dagogie Appliqu\u00e9e \u00e0 l'Emploi de Formateur en\nPr\u00e9vention et Secours Civiques (PAE-FPSC)\norganis\u00e9 par la d\u00e9l\u00e9gation territoriale de la Croix\nRouge Fran\u00e7aise de la C\u00f4te d'Or, le 30 octobre\n2024\nPr\u00e9fecture de la C\u00f4te-d'Or - 21-2024-10-17-00003 - Arr\u00eat\u00e9 pr\u00e9fectoral n\u00b01600 portant composition du jury d'examen pour la\ncertification \u00e0 la P\u00e9dagogie Appliqu\u00e9e \u00e0 l'Emploi de Formateur en Pr\u00e9vention et Secours Civiques (PAE-FPSC) organis\u00e9 par la\nd\u00e9l\u00e9gation territoriale de la Croix Rouge Fran\u00e7aise de la C\u00f4te d'Or, le 30 octobre 2024\n12\nExPREFETDE LACOTE-D'ORLibert\u00e9Egalit\u00e9Fraternit\u00e9\nDirection des S\u00e9curit\u00e9s\nBureau de la S\u00e9curit\u00e9 Civile\n    \n                                                                                                                 Dijon, le 17 octobre 2024\nArr\u00eat\u00e9 pr\u00e9fectoral n\u00b01600\nportant composition du jury d'examen pour la certification \u00e0 la P\u00e9dagogie Appliqu\u00e9e \u00e0\nl'Emploi de Formateur en Pr\u00e9vention et Secours Civiques (PAE-FPSC) organis\u00e9 par la\nd\u00e9l\u00e9gation territoriale de la Croix Rouge Fran\u00e7aise de la C\u00f4te d'Or, le 30 octobre 2024\nLe pr\u00e9fet de la C\u00f4te d'Or\nVU le code de la s\u00e9curit\u00e9 int\u00e9rieure ;\nVU le d\u00e9cret n\u00b0 91-834 du 30 ao\u00fbt 1991 modifi\u00e9 relatif \u00e0 la formation aux premiers secours  ;\nVU le d\u00e9cret  n\u00b0  92-514 du  12 juin 1992 modifi\u00e9 relatif  \u00e0 la  formation de moniteur  aux\npremiers secours ;\nVU l'arr\u00eat\u00e9 interminist\u00e9riel du 8 ao\u00fbt 2012 fixant le r\u00e9f\u00e9rentiel national de comp\u00e9tences de\ns\u00e9curit\u00e9  civile  relatif  \u00e0  l'unit\u00e9  d'enseignement  \u00ab  p\u00e9dagogie  initiale  et  commune  de\nformateur \u00bb ;\nVU l'arr\u00eat\u00e9 interminist\u00e9riel du 4 septembre 2012 modifi\u00e9 fixant le r\u00e9f\u00e9rentiel national de\ncomp\u00e9tences  de  s\u00e9curit\u00e9  civile  relatif  \u00e0  l'unit\u00e9  d'enseignement  \u00ab p\u00e9dagogie  appliqu\u00e9e  \u00e0\nl'emploi de formateur en pr\u00e9vention et secours civiques \u00bb ;\nVU l'agr\u00e9ment n\u00b0 AN92-PICF-FPSC-9-2023-2026 d\u00e9livr\u00e9 le 25 janvier 2023 par le Minist\u00e8re de\nl'Int\u00e9rieur et des Outres-Mer \u00e0 la Croix-Rouge Fran\u00e7aise, relative \u00e0 l'unit\u00e9 d'enseignement\n\u00ab p\u00e9dagogie appliqu\u00e9e \u00e0 l'emploi de formateur en pr\u00e9vention et secours civiques \u00bb ;\nVU l'arr\u00eat\u00e9 pr\u00e9fectoral n\u00b0 543 du 22 mars 2023 portant renouvellement de l'agr\u00e9ment pour\nles formations aux premiers secours \u00e0 la d\u00e9l\u00e9gation territoriale de la Croix Rouge Fran\u00e7aise de\nla C\u00f4te d'Or ;\nCONSIDERANT  la demande de la  d\u00e9l\u00e9gation territoriale de la Croix Rouge Fran\u00e7aise de la\nC\u00f4te d'Or du 20 septembre 2024 ;\nSUR proposition du directeur de cabinet,\nPr\u00e9fecture de la C\u00f4te-d'Or\n53 rue de la Pr\u00e9fecture \n21000 DIJON\n03 80 44 66 60\nPr\u00e9fecture de la C\u00f4te-d'Or - 21-2024-10-17-00003 - Arr\u00eat\u00e9 pr\u00e9fectoral n\u00b01600 portant composition du jury d'examen pour la\ncertification \u00e0 la P\u00e9dagogie Appliqu\u00e9e \u00e0 l'Emploi de Formateur en Pr\u00e9vention et Secours Civiques (PAE-FPSC) organis\u00e9 par la\nd\u00e9l\u00e9gation territoriale de la Croix Rouge Fran\u00e7aise de la C\u00f4te d'Or, le 30 octobre 2024\n13\nARRETE\nA  rticle 1er  : Le jury de validation de l'examen de certification \u00e0 la p\u00e9dagogie appliqu\u00e9e \u00e0\nl'emploi de  formateur  en  pr\u00e9vention  et  secours  civiques  (FPSC)  se  r\u00e9unira  le\n30 octobre 2024 \u00e0 10h00, dans les locaux de la d\u00e9l\u00e9gation territoriale de la Croix Rouge\nFran\u00e7aise de la C\u00f4te d'Or au 9 boulevard de Champs aux m\u00e9tiers \u00e0 QUETIGNY (21800).\nParticiperont \u00e0 ce jury :\nPr\u00e9sident : David Grisot (UGSEL)\nInstructeurs titulaires :\n\u2013 Marie-Claire Montagnon (Croix Rouge Fran\u00e7aise)\n\u2013 Timoth\u00e9e Goupillon (511  r\u00e9giment du Train)\u1d49\n\u2013 G\u00e9rard Legouhy (Protection Civile de la C\u00f4te d'Or)\nArticle 2  :  Le sous-pr\u00e9fet, directeur de cabinet et la directrice des s\u00e9curit\u00e9s sont charg\u00e9s,\nchacun en ce qui le concerne, de l'ex\u00e9cution du pr\u00e9sent arr\u00eat\u00e9 qui sera publi\u00e9 au recueil des\nactes  administratifs  de  la  Pr\u00e9fecture  de  la  C\u00f4te-d'Or  et  dont  copie  sera  adress\u00e9e  \u00e0\nl'organisateur.\n       Fait \u00e0 Dijon, le 17 octobre 2024\n   Le Pr\u00e9fet,\n       Pour le Pr\u00e9fet et par d\u00e9l\u00e9gation, \n            La directrice des S\u00e9curit\u00e9s\n        ORIGINAL SIGNE\n      Nathalie AUBERTIN\nPr\u00e9fecture de la C\u00f4te-d'Or\n53 rue de la Pr\u00e9fecture \n21000 DIJON\n03 80 44 66 60\nPr\u00e9fecture de la C\u00f4te-d'Or - 21-2024-10-17-00003 - Arr\u00eat\u00e9 pr\u00e9fectoral n\u00b01600 portant composition du jury d'examen pour la\ncertification \u00e0 la P\u00e9dagogie Appliqu\u00e9e \u00e0 l'Emploi de Formateur en Pr\u00e9vention et Secours Civiques (PAE-FPSC) organis\u00e9 par la\nd\u00e9l\u00e9gation territoriale de la Croix Rouge Fran\u00e7aise de la C\u00f4te d'Or, le 30 octobre 2024\n14\nPr\u00e9fecture de la C\u00f4te-d'Or\nDirection des s\u00e9curit\u00e9s\n21-2024-10-16-00002\nArr\u00eat\u00e9 pr\u00e9fectoral N\u00b01603 portant interdiction\nde rassemblements festifs \u00e0 caract\u00e8re musical et\ninterdiction de circulation\nde tout v\u00e9hicule transportant du mat\u00e9riel de son\n\u00e0 destination d'un rassemblement festif\n\u00e0 caract\u00e8re musical non autoris\u00e9\nPr\u00e9fecture de la C\u00f4te-d'Or - 21-2024-10-16-00002 - Arr\u00eat\u00e9 pr\u00e9fectoral N\u00b01603 portant interdiction de rassemblements festifs \u00e0\ncaract\u00e8re musical et interdiction de circulation\nde tout v\u00e9hicule transportant du mat\u00e9riel de son \u00e0 destination d'un rassemblement festif\n\u00e0 caract\u00e8re musical non autoris\u00e9\n15\nPr\u00e9fecture de la C\u00f4te-d'Or - 21-2024-10-16-00002 - Arr\u00eat\u00e9 pr\u00e9fectoral N\u00b01603 portant interdiction de rassemblements festifs \u00e0\ncaract\u00e8re musical et interdiction de circulation\nde tout v\u00e9hicule transportant du mat\u00e9riel de son \u00e0 destination d'un rassemblement festif\n\u00e0 caract\u00e8re musical non autoris\u00e9\n16\nCONSIDERANT que ce type de rassemblement regroupant un grand nombre de participants peutprovoquer des troubles \u00e0 l'ordre public qu'ils soient li\u00e9s \u00e0 l'augmentation du risque de conduite sousl'emprise d'alcool ou de stup\u00e9fiants ou encore \u00e0 la g\u00e9ne occasionn\u00e9e par le niveau sonoreextr\u00e9mement \u00e9lev\u00e9 de la musique diffus\u00e9e ; que les moyens appropri\u00e9s en mati\u00e9re de lutte contreI'incendie et de secours aux personnes, ainsi qu'en mati\u00e8re de s\u00e9curit\u00e9 sanitaire et routi\u00e8re ne peuvent\u00eatre r\u00e9unis ;CONSID\u00c9RANT que dans ces circonstances, ces rassemblements sont de nature \u00e0 provoquer destroubles graves \u00e0 l'ordre public; que leur interdiction, qui est strictement n\u00e9cessaire et proportionn\u00e9eaux objectifs poursuivis, est seule de nature \u00e0 pr\u00e9venir efficacement ces troubles ;CONSIDERANT qu'en l'absence d'identification du lieu g\u00e9ographique susceptible d'accueillir lesrassemblements festifs \u00e0 caract\u00e8re musical envisag\u00e9s, et afin de donner un effet utile \u00e0 l'interdiction, ily a lieu d'interdire, sauf motif l\u00e9gitime, la circulation des v\u00e9hicules transportant du mat\u00e9riel desonorisation sur l'ensemble des r\u00e9seaux routiers du d\u00e9partement de la C\u00f4te-d'Or;SUR proposition de monsieur le directeur de cabinet du pr\u00e9fet de la r\u00e9gion Bourgogne-Franche-Comt\u00e9, pr\u00e9fet de la C\u00f4te-d'Or,ARR\u00caTEArticle 1er: Les rassemblements festifs \u00e0 caract\u00e8re musical r\u00e9pondant \u00e0 l'ensemble descaract\u00e9ristiques \u00e9nonc\u00e9es \u00e0 l'article R. 211-2 du code de la s\u00e9curit\u00e9 int\u00e9rieure, autres que ceuxl\u00e9galement d\u00e9clar\u00e9s ou autoris\u00e9s, sont interdits sur l'ensemble du d\u00e9partement de la C\u00f4te-d'Or duvendredi 18 octobre 2024 \u00e0 18h00 au lundi 21 octobre 2024 \u00e0 08h00.Article 2: La circulation de tout v\u00e9hicule transportant du mat\u00e9riel de sonorisation (notamment\u00ab sound system \u00bb et amplificateurs) \u00e0 destination d''un rassemblement festif \u00e0 caract\u00e9re musical nonautoris\u00e9 est interdite sur 'ensemble des r\u00e9seaux routiers du d\u00e9partement de la C\u00f4te-d'Or vendredi 18octobre 2024 \u00e0 18h00 au lundi 21 octobre 2024 \u00e0 08h00.Article 3 : Toute infraction au pr\u00e9sent arr\u00e9t\u00e9 est passible des sanctions pr\u00e9vues par l'article R. 211-27du code de la s\u00e9curit\u00e9 int\u00e9rieure et peut donner lieu \u00e0 la saisie du mat\u00e9riel en vue de sa confiscationpar le tribunal.Article 4 : Le secr\u00e9taire g\u00e9n\u00e9ral de la pr\u00e9fecture de la C\u00f4te-d'Or, le directeur de cabinet du pr\u00e9fet dela r\u00e9gion Bourgogne-Franche-Comt\u00e9, pr\u00e9fet de la C\u00f4te-d'Or, le G\u00e9n\u00e9ral, commandant la r\u00e9gion degendarmerie de Bourgogne-Franche-Comt\u00e9, commandant le groupement de gendarmeried\u00e9partementale de la C\u00f4te-d'Or et le directeur interd\u00e9partemental de la police nationale de la C\u00f4te-d'Or sont charg\u00e9s, chacun en ce qui le concerne, de I'ex\u00e9cution du pr\u00e9sent arr\u00e9t\u00e9 qui sera publi\u00e9 aurecueil des actes administratifs de la pr\u00e9fecture, et adress\u00e9 pour copie \u00e0 monsieur le procureur de laR\u00e9publique pr\u00e8s le tribunal judiciaire de Dijon.\nFait \u00e0 Dijon, le 16 octobre 2024Le pr\u00e9fet,Pour le pr\u00e9fet et par d\u00e9l\u00e9gation,Le sous-pr\u00e9fet, directeur de cabinet,original sign\u00e9Olivier GERSTL\u00c9D\u00e9lais et voies de recours :Le pr\u00e9sent arr\u00eat\u00e9 peut faire l'objet, dans un d\u00e9lai de deux mois \u00e0 compter de sa publication :Soit d'un recours gracieux devant le pr\u00e9fet de la C\u00f4te-d'Or ou d'un recours hi\u00e9rarchique aupr\u00e8s du Ministre de l'int\u00e9rieur.Soit d'un recours contentieux devant le tribunal administratif de Dijon (22 Rue d'Assas, 21000 Dijon). La juridictionadministrative comp\u00e9tente peut \u00eatre saisie par l'application T\u00e9l\u00e9recours citoyens, accessible \u00e0 partir du site www.telerecours.fr.Dans le cas du rejet d'un recours gracieux ou hi\u00e9rarchique, le tribunal administratif peut \u00eatre saisi dans un d\u00e9lai de deux mois \u00e0compter de la date de la d\u00e9cision de rejet.\n-\n-\nPr\u00e9fecture de la C\u00f4te-d'Or - 21-2024-10-16-00002 - Arr\u00eat\u00e9 pr\u00e9fectoral N\u00b01603 portant interdiction de rassemblements festifs \u00e0\ncaract\u00e8re musical et interdiction de circulation\nde tout v\u00e9hicule transportant du mat\u00e9riel de son \u00e0 destination d'un rassemblement festif\n\u00e0 caract\u00e8re musical non autoris\u00e9\n17\nPr\u00e9fecture de la C\u00f4te-d'Or\nDirection des s\u00e9curit\u00e9s\n21-2024-10-16-00003\nArr\u00eat\u00e9 pr\u00e9fectoral N\u00b01604\nautorisant la captation, l'enregistrement et la\ntransmission d'images\nau moyen de cam\u00e9ras install\u00e9es sur des a\u00e9ronefs\nPr\u00e9fecture de la C\u00f4te-d'Or - 21-2024-10-16-00003 - Arr\u00eat\u00e9 pr\u00e9fectoral N\u00b01604\nautorisant la captation, l'enregistrement et la transmission d'images\nau moyen de cam\u00e9ras install\u00e9es sur des a\u00e9ronefs\n18\nPr\u00e9fecture de la C\u00f4te-d'Or - 21-2024-10-16-00003 - Arr\u00eat\u00e9 pr\u00e9fectoral N\u00b01604\nautorisant la captation, l'enregistrement et la transmission d'images\nau moyen de cam\u00e9ras install\u00e9es sur des a\u00e9ronefs\n19\nle 6 avril 2021 ; que la pr\u00e9sence de tracteurs en ville avait entrain\u00e9 plusieurs centaines de milliersd'euros de d\u00e9g\u00e2ts le 15 d\u00e9cembre 2023 ;CONSIDERANT que le recours aux a\u00e9ronefs permet aux forces de s\u00e9curit\u00e9 de disposer d'une visiond'ensemble, en grand angle, des \u00e9v\u00e9nements susmentionn\u00e9s; que ce dispositif permet d'identifierrapidement les troubles \u00e0 l'ordre public et d'organiser les man\u0153uvres de maintien de l'ordre tout enlimitant l''engagement des forces au sol ;CONSID\u00c9RANT que la demande porte sur l'engagement de deux cam\u00e9ras a\u00e9roport\u00e9es ; qu'auregard des circonstances susmentionn\u00e9es, la demande n''appara\u00eet pas disproportionn\u00e9e;SUR proposition de monsieur le directeur de cabinet du pr\u00e9fet de la r\u00e9gion Bourgogne-Franche-Comt\u00e9, pr\u00e9fet de la C\u00f4te-d'Or,\nARR\u00caTE\nArticle 1er: La captation, l'enregistrement et la transmission d'images par la directioninterd\u00e9partementale de la police nationale de la C\u00f4te-d'Or, est autoris\u00e9e au titre de la pr\u00e9ventiondes atteintes \u00e0 la s\u00e9curit\u00e9 des personnes et des biens et pour la s\u00e9curit\u00e9 des rassemblements \u00e0I'occasion de la manifestation d'agriculteurs du vendredi 18 octobre 2024.Article 2: Le nombre maximal de cam\u00e9ras pouvant proc\u00e9der simultan\u00e9ment aux traitementsmentionn\u00e9s \u00e0 l'article 1\u00b0 est fix\u00e9 \u00e0 2, install\u00e9es sur deux drones DJI mod\u00e8le Entreprise SN276CH3NROA024B et 276CH3NROa0247.Article 3 : La pr\u00e9sente autorisation est limit\u00e9e au p\u00e9rim\u00e8tre g\u00e9ographique d\u00e9fini en annexe.Article 4 : La pr\u00e9sente autorisation est valable le vendredi 18 octobre 2024 de 09h \u00e0 16h.Article 5 : L'information du public sur la mise en \u0153uvre du dispositif pr\u00e9vu par le pr\u00e9sent arr\u00e9t\u00e9 estassur\u00e9e comme suit par la direction interd\u00e9partementale de la police nationale :- information sur les r\u00e9seaux sociaux,- information sur les lieux de manifestations.Article 6 : Le registre mentionn\u00e9 \u00e0 l'article L. 241-4 du code de la s\u00e9curit\u00e9 int\u00e9rieure est transmis aurepr\u00e9sentant de I'Etat dans le d\u00e9partement dans les meilleurs d\u00e9lais.Article 7 : Le pr\u00e9sent arr\u00eat\u00e9 est publi\u00e9 au recueil des actes administratifs de la pr\u00e9fecture et peutfaire l'objet d'un recours contentieux devant le tribunal administratif de Dijon dans un d\u00e9lai de deuxmois \u00e0 compter de sa publication.Article 8: Le directeur de cabinet du pr\u00e9fet de la r\u00e9gion Bourgogne-Franche-Comt\u00e9, pr\u00e9fet de laC\u00f4te-d'Or, le secr\u00e9taire g\u00e9n\u00e9ral de la pr\u00e9fecture de la C\u00f4te-d'Or et le directeur interd\u00e9partementalde la police nationale de la C\u00f4te-d'Or sont charg\u00e9s, chacun en ce qui le concerne, de I'ex\u00e9cution dupr\u00e9sent arr\u00eat\u00e9 qui sera adress\u00e9 pour copie \u00e0 monsieur le procureur de la R\u00e9publique pr\u00e8s le tribunaljudiciaire de Dijon. Fait \u00e0 Dijon, le 16 octobre 2024\nLe pr\u00e9fet,Pour le pr\u00e9fet et par d\u00e9l\u00e9gation,Le sous-pr\u00e9fet, directeur de cabinet,original sign\u00e9Olivier GERSTL\u00c9\nPr\u00e9fecture de la C\u00f4te-d'Or - 21-2024-10-16-00003 - Arr\u00eat\u00e9 pr\u00e9fectoral N\u00b01604\nautorisant la captation, l'enregistrement et la transmission d'images\nau moyen de cam\u00e9ras install\u00e9es sur des a\u00e9ronefs\n20\nAnnexe1 - P\u00e9rim\u00e9tre Dijon\n= B 0E\niy x f n )rrrc 12n t AC ME A S\nPr\u00e9fecture de la C\u00f4te-d'Or - 21-2024-10-16-00003 - Arr\u00eat\u00e9 pr\u00e9fectoral N\u00b01604\nautorisant la captation, l'enregistrement et la transmission d'images\nau moyen de cam\u00e9ras install\u00e9es sur des a\u00e9ronefs\n21\nPr\u00e9fecture de la C\u00f4te-d'Or\nP\u00f4le juridique inter-services\n21-2024-10-17-00001\nArr\u00eat\u00e9 n\u00b0  1595 /SG du 17 octobre 2024 portant\nd\u00e9l\u00e9gation de signature \u00e0 Madame Alix DUMONT\nSAINT PRIEST, directrice  d\u00e9partementale\nadjointe de l'emploi, du travail et des solidarit\u00e9s\nde la C\u00f4te d'Or\nPr\u00e9fecture de la C\u00f4te-d'Or - 21-2024-10-17-00001 - Arr\u00eat\u00e9 n\u00b0  1595 /SG du 17 octobre 2024 portant d\u00e9l\u00e9gation de signature \u00e0 Madame\nAlix DUMONT SAINT PRIEST, directrice  d\u00e9partementale adjointe de l'emploi, du travail et des solidarit\u00e9s de la C\u00f4te d'Or 22\nArr\u00eat\u00e9 n\u00b0  1595 /SG du 17 octobre 2024\nportant d\u00e9l\u00e9gation de signature \u00e0 Madame Alix DUMONT SAINT PRIEST, directrice\nd\u00e9partementale adjointe de l'emploi, du travail et des solidarit\u00e9s de la C\u00f4te d'Or\nLe secr\u00e9taire g\u00e9n\u00e9ral de la pr\u00e9fecture de la C\u00f4te d'Or, en charge de l'int\u00e9rim des\nfonctions de pr\u00e9fet de la C\u00f4te d'Or\nVU. le code de l'action sociale et des familles, le code de la sant\u00e9 publique, le code du\ntravail, le code de la construction et de l'habitation, le code des juridictions financi\u00e8res,\nle code de la s\u00e9curit\u00e9 int\u00e9rieure, le code de l'entr\u00e9e et du s\u00e9jour des \u00e9trangers et du\ndroit d'asile ;\nVU la  loi  n\u00b0  83-634  du  13  juillet  1983  modifi\u00e9e  portant  droits  et  obligations  des\nfonctionnaires ;\nVU la loi n\u00b0 84-16 du 11 janvier 1984 modifi\u00e9e portant dispositions statutaires relatives \u00e0 la\nfonction publique d'\u00c9tat ;\nVU la loi d'orientation  n\u00b0 92-125 du 6 f\u00e9vrier  1992 modifi\u00e9e  relative  \u00e0 l'administration\nterritoriale de la R\u00e9publique ;\nVU le d\u00e9cret n\u00b0 97-34 du 15 janvier 1997 modifi\u00e9 relatif \u00e0 la d\u00e9concentration des d\u00e9cisions\nadministratives individuelles ;\nVU le d\u00e9cret n\u00b0 2004-374 du 29 avril 2004 modifi\u00e9 relatif aux pouvoirs des pr\u00e9fets, \u00e0\nl'organisation et \u00e0 l'action des services de l'\u00c9tat dans les r\u00e9gions et d\u00e9partements ;\nVU le  d\u00e9cret  n\u00b0  2009/1484  du  3  d\u00e9cembre  2009  modifi\u00e9  relatif  aux  directions\nd\u00e9partementales interminist\u00e9rielles ;\nVU le d\u00e9cret n\u00b0 2013-571 du 1er juillet 2013 modifi\u00e9 autorisant les ministres charg\u00e9s des\naffaires sociales, de la sant\u00e9, du travail et de l'emploi, des sports, de la jeunesse, de\nl'\u00e9ducation populaire et de la vie associative \u00e0 d\u00e9l\u00e9guer certains de leurs pouvoirs pour\nle recrutement et la gestion d'agents plac\u00e9s sous leur autorit\u00e9\nVU le d\u00e9cret 2015-510 du 7 mai 2015 modifi\u00e9 portant charte de la d\u00e9concentration  ;\nVU l'arr\u00eat\u00e9 du 29 d\u00e9cembre 2016 portant d\u00e9concentration des actes relatifs \u00e0 la situation\nindividuelle  des  agents  publics  exer\u00e7ant  leurs  fonctions  dans  les  services\nd\u00e9concentr\u00e9s des administrations civiles de l'Etat au sens de l'article 15 du d\u00e9cret n\u00b0\n2004-374 du 29 avril 2004 modifi\u00e9 relatif aux pouvoirs des pr\u00e9fets, \u00e0 l'organisation et \u00e0\nl'action des services de l'Etat dans les r\u00e9gions et les d\u00e9partements ;\nVU le  d\u00e9cret  n\u00b0  2020-926  du  28  juillet  2020  relatif  au  dispositif  sp\u00e9cifique  d'activit\u00e9\npartielle en cas de r\u00e9duction d'activit\u00e9 durable ;\nVU le d\u00e9cret n\u00b0 2020-1545 du 9 d\u00e9cembre 2020 relatif \u00e0 l'organisation et aux missions\ndes directions r\u00e9gionales de l'\u00e9conomie, de l'emploi, du travail et des solidarit\u00e9s, des\ndirections d\u00e9partementales de l'emploi, du travail et des solidarit\u00e9s et des directions\nd\u00e9partementales  de  l'emploi,  du  travail,  des  solidarit\u00e9s  et  de  la  protection  des\npopulations ;\nT\nPr\u00e9fecture de la C\u00f4te-d'Or - 21-2024-10-17-00001 - Arr\u00eat\u00e9 n\u00b0  1595 /SG du 17 octobre 2024 portant d\u00e9l\u00e9gation de signature \u00e0 Madame\nAlix DUMONT SAINT PRIEST, directrice  d\u00e9partementale adjointe de l'emploi, du travail et des solidarit\u00e9s de la C\u00f4te d'Or 23\nVU l'arr\u00eat\u00e9  pr\u00e9fectoral  n\u00b0  1184/SG  du  3  d\u00e9cembre  2020  portant  organisation  du\nSecr\u00e9tariat G\u00e9n\u00e9ral Commun D\u00e9partemental de la C\u00f4te-d'Or \n VU l'arr\u00eat\u00e9  pr\u00e9fectoral  du  26  mars  2021  portant  organisation  de  la  direction\nd\u00e9partementale de l'emploi, du travail et des solidarit\u00e9s de la C\u00f4te d'Or ;\n  VU  l'arr\u00eat\u00e9 pr\u00e9fectoral n\u00b0 1204/SG du 17 octobre 2022 donnant d\u00e9l\u00e9gation de signature \u00e0\nM. Nicolas NIBOUREL, directeur d\u00e9partemental de l'emploi, du travail et des solidarit\u00e9s\nde la C\u00f4te d'Or ;\n VU l'arr\u00eat\u00e9 pr\u00e9fectoral n\u00b0 1526/SG du 2 octobre 2024 portant d\u00e9l\u00e9gation de signature\ndurant l'int\u00e9rim des fonctions  de pr\u00e9fet  de la C\u00f4te d'Or exerc\u00e9es  par  M. Johann\nMOUGENOT, secr\u00e9taire g\u00e9n\u00e9ral de la pr\u00e9fecture de la C\u00f4te d'Or  ;\n VU l'arr\u00eat\u00e9 minist\u00e9riel du 14 octobre 2024 portant cessation de fonction de M. Nicolas\nNIBOUREL, \u00e0 compter du 18 octobre 2024 ;\n  CONSIDERANT  la n\u00e9cessit\u00e9 d'assurer la continuit\u00e9 du service public ;\n  \nARR\u00caTE\nARTICLE 1  er   : Les dispositions de l'article 1er de l'arr\u00eat\u00e9 pr\u00e9fectoral n\u00b0 1526/SG du 2 octobre\n2024 portant d\u00e9l\u00e9gation de signature durant l'int\u00e9rim des fonctions de pr\u00e9fet de la C\u00f4te d'Or\nexerc\u00e9es par M. Johann MOUGENOT, secr\u00e9taire g\u00e9n\u00e9ral de la pr\u00e9fecture de la C\u00f4te d'Or\nconcernant la d\u00e9l\u00e9gation de signature donn\u00e9e \u00e0 M. Nicolas NIBOUREL par arr\u00eat\u00e9 pr\u00e9fectoral\nn\u00b0 1204/SG du 17 octobre 2022  sont confirm\u00e9es \u00e0 l'\u00e9gard de Mme Alix DUMONT SAINT\nPRIEST, directrice d\u00e9partementale adjointe assurant l'int\u00e9rim de la direction d\u00e9partementale\nde l'emploi, du travail et des solidarit\u00e9s de la C\u00f4te d'Or, du vendredi 18 octobre au dimanche\n27 octobre 2024. \nArticle  2 :  Pour l'ensemble des comp\u00e9tences  vis\u00e9es aux sections I, II et III de l'arr\u00eat\u00e9\npr\u00e9fectoral n\u00b0 1204/SG du 17 octobre 2022 , Mme Alix DUMONT SAINT PRIEST peut, sous\nsa  responsabilit\u00e9,  subd\u00e9l\u00e9guer  sa  signature  aux  agents  plac\u00e9s  sous  son  autorit\u00e9.  La\nsignature des agents habilit\u00e9s, dont la liste devra \u00eatre transmise au pr\u00e9fet de d\u00e9partement,\nsera accr\u00e9dit\u00e9e aupr\u00e8s du comptable payeur. \nArticle 3     :   Toutes dispositions contraires au pr\u00e9sent arr\u00eat\u00e9 sont abrog\u00e9es \u00e0 compter du 18\noctobre 2024.\nArticle 9: La directrice d\u00e9partementale adjointe de l'emploi, du travail et des solidarit\u00e9s de la\nC\u00f4te d'Or, d\u00e9l\u00e9gataire en application du pr\u00e9sent arr\u00eat\u00e9, est charg\u00e9e de son ex\u00e9cution. \n                Il sera publi\u00e9 au recueil des actes administratifs de la pr\u00e9fecture de la C\u00f4te d'Or. \nFait \u00e0 Dijon  le 17 octobre 2024\nLe secr\u00e9taire g\u00e9n\u00e9ral de la \npr\u00e9fecture, en charge de \nl'int\u00e9rim des fonctions de \npr\u00e9fet de la C\u00f4te d'Or \nSign\u00e9 :\n                          Johann MOUGENOT\nT\nPr\u00e9fecture de la C\u00f4te-d'Or - 21-2024-10-17-00001 - Arr\u00eat\u00e9 n\u00b0  1595 /SG du 17 octobre 2024 portant d\u00e9l\u00e9gation de signature \u00e0 Madame\nAlix DUMONT SAINT PRIEST, directrice  d\u00e9partementale adjointe de l'emploi, du travail et des solidarit\u00e9s de la C\u00f4te d'Or 24\nSous-pr\u00e9fecture de Beaune\nP\u00f4le Collectivit\u00e9s locales\n21-2024-09-13-00004\nArr\u00eat\u00e9 pr\u00e9fectoral n\u00b01463 du 13 septembre 2024\nportant convocation des \u00e9lecteurs de la\ncommune de MOREY-SAINT-DENIS et fixant la\np\u00e9riode de d\u00e9p\u00f4t des candidatures en vue de\nproc\u00e9der \u00e0 des \u00e9lections municipales\ncompl\u00e9mentaires pour 04 si\u00e8ges, le dimanche 24\nnovembre 2024 pour le 1er  tour et le dimanche\n1er d\u00e9cembre 2024 pour l'\u00e9ventuel second tour\nSous-pr\u00e9fecture de Beaune - 21-2024-09-13-00004 - Arr\u00eat\u00e9 pr\u00e9fectoral n\u00b01463 du 13 septembre 2024 portant convocation des\n\u00e9lecteurs de la commune de MOREY-SAINT-DENIS et fixant la p\u00e9riode de d\u00e9p\u00f4t des candidatures en vue de proc\u00e9der \u00e0 des \u00e9lections\nmunicipales compl\u00e9mentaires pour 04 si\u00e8ges, le dimanche 24 novembre 2024 pour le 1er  tour et le dimanche 1er d\u00e9cembre 2024\npour l'\u00e9ventuel second tour\n25\nExPREFETDE LACOTE-D'ORLibert\u00e9Egalit\u00e9Fraternit\u00e9\nSOUS-PR\u00c9FECTURE DE BEAUNE\nP\u00f4le collectivit\u00e9s locales                                                          Beaune, le 13 septembre 2024\nAffaire suivie par : Sylvie POISOT\nT\u00e9l :03.45.43.80.05\nm\u00e9l : sylvie.poisot@cote-dor.gouv.fr\nARR\u00caT\u00c9 PR\u00c9FECTORAL N\u00b0 1463 DU 13 SEPTEMBRE 2024\nportant convocation des \u00e9lecteurs de la commune de MOREY-SAINT-DENIS\net fixant la p\u00e9riode de d\u00e9p\u00f4t des candidatures en vue de proc\u00e9der\n\u00e0 des \u00e9lections municipales compl\u00e9mentaires pour 04 si\u00e8ges,\nle dimanche 24 novembre 2024 pour le 1er tour\net le dimanche 1er d\u00e9cembre 2024 pour l'\u00e9ventuel second tour\nLe sous-pr\u00e9fet de l'arrondissement de BEAUNE\nVU le code \u00e9lectoral, et notamment les articles L.1 \u00e0 L.118, L.228, L.247 \u00e0 L.257, L.267, R. 1 \u00e0 R. 97\net R. 118 \u00e0 R. 128-3 ;\nVU la loi n\u00b02016-1048 du 1er ao\u00fbt 2016 r\u00e9novant les modalit\u00e9s d'inscription sur les listes \u00e9lectorales  ;\nVU le code g\u00e9n\u00e9ral des collectivit\u00e9s territoriales et notamment ses articles L. 2122-8 et L. 2122-14 ;\nVU le  d\u00e9cret  du  Pr\u00e9sident  de  la  R\u00e9publique  du  26  septembre  2022  portant  nomination  de\nM. Franck ROBINE, pr\u00e9fet hors-classe, en qualit\u00e9 de pr\u00e9fet de la r\u00e9gion Bourgogne-Franche-Comt\u00e9,\npr\u00e9fet de la C\u00f4te-d'Or ;\nVU le  d\u00e9cret  du  Pr\u00e9sident  de  la  R\u00e9publique  du  6  juillet  2023  portant  nomination\nde M. Beno\u00eet BYRSKI, sous-pr\u00e9fet, en qualit\u00e9 de sous-pr\u00e9fet de l'arrondissement de Beaune ;\nVU  la  circulaire  du  ministre  de  l'int\u00e9rieur  n\u00b0INTA1625463J  du  19  septembre  2016  relative  \u00e0\nl'organisation des \u00e9lections partielles ; \nVU la circulaire INTA2000662J du 16 janvier 2020 relative au d\u00e9roulement des op\u00e9rations \u00e9lectorales\nlors des \u00e9lections au suffrage universel direct ;\nVU la circulaire du 17 mars 2020 sur l'\u00e9lection des conseils municipaux et communautaires et des\nex\u00e9cutifs et fonctionnement des organes d\u00e9lib\u00e9rants ;\nVU la circulaire IOMA2406924J du 11 avril 2024 relative au vote par procuration ;\nVU la circulaire IOMA2415817C du 14 juin 2024 relative \u00e0 l'organisation mat\u00e9rielle et au d\u00e9roulement\ndes \u00e9lections l\u00e9gislatives des 30 juin et 7 juillet 2024 ;\nVU l'arr\u00eat\u00e9 pr\u00e9fectoral  n\u00b0150/SG du 18 janvier 2024 donnant d\u00e9l\u00e9gation de signature \u00e0 Monsieur\nBeno\u00eet BYRSKI, sous-pr\u00e9fet de Beaune ;\nVU l'arr\u00eat\u00e9  pr\u00e9fectoral  n\u00b0  1034  du  22  ao\u00fbt  2023  portant  d\u00e9signation  des  bureaux  de  vote  des\ncommunes du d\u00e9partement de la C\u00f4te d'Or modifi\u00e9 par l'arr\u00eat\u00e9 n\u00b0635 du 3 avril 2024 ;\n1/3\nSous-pr\u00e9fecture de Beaune - 21-2024-09-13-00004 - Arr\u00eat\u00e9 pr\u00e9fectoral n\u00b01463 du 13 septembre 2024 portant convocation des\n\u00e9lecteurs de la commune de MOREY-SAINT-DENIS et fixant la p\u00e9riode de d\u00e9p\u00f4t des candidatures en vue de proc\u00e9der \u00e0 des \u00e9lections\nmunicipales compl\u00e9mentaires pour 04 si\u00e8ges, le dimanche 24 novembre 2024 pour le 1er  tour et le dimanche 1er d\u00e9cembre 2024\npour l'\u00e9ventuel second tour\n26\nVU  les  d\u00e9c\u00e8s de M.  Jean-Luc  ROSIER,  maire,  le  30 ao\u00fbt  2024 et  de M.  Christophe ROGER,\nconseiller municipal, le 26 mai 2021 ;\nVU  les  d\u00e9missions  de  leur  mandat  de  conseiller  municipal  de  M.  Fabrice  MONSENGERGUE\nle 6 octobre 2023, de Mme Marie-Christine MORIN le 12 octobre 2023 ;\nCONSID\u00c9RANT la  vacance  de  04  si\u00e8ges  de  conseiller  municipal  au  sein  du  conseil  municipal\nde MOREY-SAINT-DENIS ;\nCONSIDERANT que le conseil municipal de MOREY-SAINT-DENIS doit \u00eatre au complet pour \u00e9lire le\nnouveau  maire,  en  vertu  des  articles  L.2122-8  et  L.2122-14  du  code  g\u00e9n\u00e9ral  des  collectivit\u00e9s\nterritoriales et que depuis le 30 ao\u00fbt 2024 le tiers des si\u00e8ges du conseil municipal est vacant, qu'en\ncons\u00e9quence,  en  vertu  de  l'article  L.  258  du  code  \u00e9lectoral,  des  \u00e9lections  municipales\ncompl\u00e9mentaires doivent \u00eatre organis\u00e9es pour pourvoir tous les si\u00e8ges vacants ;\nARR\u00caTE\nArticle  1er  : Les  \u00e9lecteurs  de  la  commune  de  MOREY-SAINT-DENIS sont  convoqu\u00e9s\nle dimanche 24 novembre  2024 \u00e0 la mairie, lieu de vote d\u00e9sign\u00e9 par l'arr\u00eat\u00e9 pr\u00e9fectoral sus-vis\u00e9,\npour proc\u00e9der \u00e0 l'\u00e9lection de quatre conseillers municipaux.\nArticle 2 : Les listes \u00e9lectorales sont permanentes. Les demandes d'inscription sur les listes , en\nvue de participer \u00e0 un scrutin, sont d\u00e9pos\u00e9es au plus tard le sixi\u00e8me vendredi pr\u00e9c\u00e9dant le scrutin\n(article L. 17 du Code \u00e9lectoral), soit jusqu'au vendredi 18 octobre 2024.\nL'\u00e9lection aura lieu d'apr\u00e8s les  listes \u00e9lectorales arr\u00eat\u00e9es au plus tard le dimanche 3 novembre\n2024 (apr\u00e8s r\u00e9union de la commission de contr\u00f4le qui intervient au plus tard le 21 \u00e8me jour pr\u00e9c\u00e9dent le\nscrutin), telles qu'elles auront pu \u00eatre modifi\u00e9es ult\u00e9rieurement en application de l'article L.30 du code\n\u00e9lectoral.\nArticle 3 : Le scrutin d\u00e9butera \u00e0 HUIT HEURES et sera clos \u00e0 DIX-HUIT HEURES. Le d\u00e9pouillement\nsuivra imm\u00e9diatement la fermeture du scrutin.\nArticle 4 : Les conseillers municipaux \u00e0 \u00e9lire devront avoir 18 ans r\u00e9volus.\nArticle 5  :  Seront \u00e9lus au 1 er tour les candidats ayant r\u00e9uni d'une part, la majorit\u00e9 absolue des\nsuffrages exprim\u00e9s et d'autre part, un nombre de suffrages \u00e9gal au quart de celui des \u00e9lecteurs\ninscrits.\nArticle 6 : Si les si\u00e8ges ne sont pas pourvus au 1 er tour, il sera proc\u00e9d\u00e9 \u00e0 un second tour de\nscrutin le  dimanche 1 er  d\u00e9cembre 2024 dans le m\u00eame lieu et aux m\u00eames heures. L'\u00e9lection sera\nacquise alors \u00e0 la majorit\u00e9 relative quel que soit le nombre de votants. En cas d'\u00e9galit\u00e9 des suffrages,\nl'\u00e9lection sera acquise au candidat le plus \u00e2g\u00e9.\nArticle 7  :  Les r\u00e9clamations auxquelles donneraient lieu les op\u00e9rations \u00e9lectorales devront  \u00eatre\nconsign\u00e9es au proc\u00e8s-verbal, sinon, \u00eatre d\u00e9pos\u00e9es, sous peine de nullit\u00e9, dans les cinq jours qui\nsuivent le jour de l'\u00e9lection, au secr\u00e9tariat de la mairie, \u00e0 la sous-pr\u00e9fecture de Beaune, ou \u00e0 la\npr\u00e9fecture de la C\u00f4te-d'Or. Elles peuvent \u00e9galement \u00eatre d\u00e9pos\u00e9es au bureau central du greffe du\ntribunal administratif de Dijon.\n2/3\nSous-pr\u00e9fecture de Beaune - 21-2024-09-13-00004 - Arr\u00eat\u00e9 pr\u00e9fectoral n\u00b01463 du 13 septembre 2024 portant convocation des\n\u00e9lecteurs de la commune de MOREY-SAINT-DENIS et fixant la p\u00e9riode de d\u00e9p\u00f4t des candidatures en vue de proc\u00e9der \u00e0 des \u00e9lections\nmunicipales compl\u00e9mentaires pour 04 si\u00e8ges, le dimanche 24 novembre 2024 pour le 1er  tour et le dimanche 1er d\u00e9cembre 2024\npour l'\u00e9ventuel second tour\n27\nArticle 8  : Une d\u00e9claration de candidature est obligatoire  pour le premier tour de scrutin. Toute\ncandidature enregistr\u00e9e pour le premier tour ne pourra pas \u00eatre retir\u00e9e pour le second tour.\nDe nouvelles candidatures pourront \u00eatre d\u00e9pos\u00e9es pour le second tour si et seulement si  le nombre\nde candidats d\u00e9clar\u00e9s au premier tour est inf\u00e9rieur au nombre de si\u00e8ges \u00e0 pourvoir.\nLa d\u00e9claration de candidature doit obligatoirement \u00eatre r\u00e9dig\u00e9e sur un imprim\u00e9 CERFA  n\u00b0 14996*03\net accompagn\u00e9e des pi\u00e8ces justificatives list\u00e9es au verso de l'imprim\u00e9.\nArticle 9  : Les d\u00e9clarations de candidatures seront re\u00e7ues  \u00e0 la sous-pr\u00e9fecture de Beaune sur\nrendez-vous (en t\u00e9l\u00e9phonant au 03.45.43.80.05 ou au 03.45.43.80.07) au plus tard \u00e0 18 heures le\n3\u00e8me jeudi qui pr\u00e9c\u00e8de le premier tour de scrutin, soit jusqu'au jeudi 7 novembre 2024 \u00e0 18 heures.\nDATES DE D\u00c9P\u00d4T DES CANDIDATURES\nPour le premier tour de scrutin\n- du lundi  4 novembre 2024 au mercredi 6 novembre 2024\nde 09 h 30 \u00e0 12 h 30\n- le jeudi 7 novembre 2024, jour de cl\u00f4ture des candidatures,\nde 09 h 30 \u00e0 12 h 30 et de 14 h 30 \u00e0 18 h 00\nPour l'\u00e9ventuel second tour de scrutin\n- le lundi 25 novembre 2024\nde 09 h 30 \u00e0 12 h 30\n- le mardi 26 novembre 2024\nde 09 h 30 \u00e0 12 h 00 et  de 14 h 30 \u00e0 18 h 00.\nArticle 10 : Monsieur le sous-pr\u00e9fet de l'arrondissement de Beaune et Madame la premi\u00e8re adjointe,\nmaire par int\u00e9rim, sont charg\u00e9s, chacun en ce qui le concerne, de l'ex\u00e9cution du pr\u00e9sent arr\u00eat\u00e9 qui,\nconform\u00e9ment  \u00e0  l'article  L.247  du  code  \u00e9lectoral,  sera  publi\u00e9  et  affich\u00e9  dans  la  commune  six\nsemaines au moins avant l'\u00e9lection, aux emplacements officiels, ainsi que dans le bureau de vote, le\njour du scrutin.\nFait \u00e0 Beaune, le 13 septembre 2024\nPour le pr\u00e9fet de la r\u00e9gion Bourgogne-Franche-Comt\u00e9,\nPr\u00e9fet de la C\u00f4te-d'Or et par d\u00e9l\u00e9gation,\nLe sous-pr\u00e9fet de l'arrondissement de Beaune,\nsign\u00e9\nBeno\u00eet BYRSKI\n3/3\nSous-pr\u00e9fecture de Beaune - 21-2024-09-13-00004 - Arr\u00eat\u00e9 pr\u00e9fectoral n\u00b01463 du 13 septembre 2024 portant convocation des\n\u00e9lecteurs de la commune de MOREY-SAINT-DENIS et fixant la p\u00e9riode de d\u00e9p\u00f4t des candidatures en vue de proc\u00e9der \u00e0 des \u00e9lections\nmunicipales compl\u00e9mentaires pour 04 si\u00e8ges, le dimanche 24 novembre 2024 pour le 1er  tour et le dimanche 1er d\u00e9cembre 2024\npour l'\u00e9ventuel second tour\n28\nSous-pr\u00e9fecture de Beaune\nP\u00f4le Collectivit\u00e9s locales\n21-2024-09-20-00004\nArr\u00eat\u00e9 pr\u00e9fectoral n\u00b01500 du 20 septembre 2024\nportant convocation des \u00e9lecteurs de la\ncommune de MESSANGES et fixant la p\u00e9riode de\nd\u00e9p\u00f4t des candidatures en vue de proc\u00e9der \u00e0\ndes \u00e9lections municipales compl\u00e9mentaires pour\n01 si\u00e8ge, le dimanche 24 novembre 2024 pour le\n1er tour et le dimanche 1er d\u00e9cembre 2024 pour\nl'\u00e9ventuel second tour\nSous-pr\u00e9fecture de Beaune - 21-2024-09-20-00004 - Arr\u00eat\u00e9 pr\u00e9fectoral n\u00b01500 du 20 septembre 2024 portant convocation des\n\u00e9lecteurs de la commune de MESSANGES et fixant la p\u00e9riode de d\u00e9p\u00f4t des candidatures en vue de proc\u00e9der \u00e0 des \u00e9lections\nmunicipales compl\u00e9mentaires pour 01 si\u00e8ge, le dimanche 24 novembre 2024 pour le 1er tour et le dimanche 1er d\u00e9cembre 2024 pour\nl'\u00e9ventuel second tour\n29\nExPREFETDE LACOTE-D'ORLibert\u00e9Egalit\u00e9Fraternit\u00e9\nSOUS-PR\u00c9FECTURE DE BEAUNE\nP\u00f4le collectivit\u00e9s locales                                                          Beaune, le 20 septembre 2024\nAffaire suivie par : Sylvie POISOT\nT\u00e9l :03.45.43.80.05\nm\u00e9l : sylvie.poisot@cote-dor.gouv.fr\nARR\u00caT\u00c9 PR\u00c9FECTORAL N\u00b0 1500 DU 20 SEPTEMBRE 2024\nportant convocation des \u00e9lecteurs de la commune de MESSANGES\net fixant la p\u00e9riode de d\u00e9p\u00f4t des candidatures en vue de proc\u00e9der\n\u00e0 des \u00e9lections municipales compl\u00e9mentaires pour 01si\u00e8ge,\nle dimanche 24 novembre 2024 pour le 1er tour\net le dimanche 1er d\u00e9cembre 2024 pour l'\u00e9ventuel second tour\nLe sous-pr\u00e9fet de l'arrondissement de BEAUNE\nVU le code \u00e9lectoral, et notamment les articles L.1 \u00e0 L.118, L.228, L.247 \u00e0 L.257, L.267, R. 1 \u00e0 R. 97\net R. 118 \u00e0 R. 128-3 ;\nVU la loi n\u00b02016-1048 du 1er ao\u00fbt 2016 r\u00e9novant les modalit\u00e9s d'inscription sur les listes \u00e9lectorales  ;\nVU le code g\u00e9n\u00e9ral des collectivit\u00e9s territoriales et notamment ses articles L. 2122-8 et L. 2122-14 ;\nVU le  d\u00e9cret  du  Pr\u00e9sident  de  la  R\u00e9publique  du  26  septembre  2022  portant  nomination  de\nM. Franck ROBINE, pr\u00e9fet hors-classe, en qualit\u00e9 de pr\u00e9fet de la r\u00e9gion Bourgogne-Franche-Comt\u00e9,\npr\u00e9fet de la C\u00f4te-d'Or ;\nVU le  d\u00e9cret  du  Pr\u00e9sident  de  la  R\u00e9publique  du  6  juillet  2023  portant  nomination\nde M. Beno\u00eet BYRSKI, sous-pr\u00e9fet, en qualit\u00e9 de sous-pr\u00e9fet de l'arrondissement de Beaune ;\nVU  la  circulaire  du  ministre  de  l'int\u00e9rieur  n\u00b0INTA1625463J  du  19  septembre  2016  relative  \u00e0\nl'organisation des \u00e9lections partielles ; \nVU la circulaire INTA2000662J du 16 janvier 2020 relative au d\u00e9roulement des op\u00e9rations \u00e9lectorales\nlors des \u00e9lections au suffrage universel direct ;\nVU la circulaire du 17 mars 2020 sur l'\u00e9lection des conseils municipaux et communautaires et des\nex\u00e9cutifs et fonctionnement des organes d\u00e9lib\u00e9rants ;\nVU la circulaire IOMA2406924J du 11 avril 2024 relative au vote par procuration ;\nVU la circulaire IOMA2415817C du 14 juin 2024 relative \u00e0 l'organisation mat\u00e9rielle et au d\u00e9roulement\ndes \u00e9lections l\u00e9gislatives des 30 juin et 7 juillet 2024 ;\nVU l'arr\u00eat\u00e9 pr\u00e9fectoral  n\u00b0150/SG du 18 janvier 2024 donnant d\u00e9l\u00e9gation de signature \u00e0 Monsieur\nBeno\u00eet BYRSKI, sous-pr\u00e9fet de Beaune ;\nVU l'arr\u00eat\u00e9  pr\u00e9fectoral  n\u00b0  1034  du  22  ao\u00fbt  2023  portant  d\u00e9signation  des  bureaux  de  vote  des\ncommunes du d\u00e9partement de la C\u00f4te d'Or modifi\u00e9 par l'arr\u00eat\u00e9 n\u00b0635 du 3 avril 2024 ;\n1/3\nSous-pr\u00e9fecture de Beaune - 21-2024-09-20-00004 - Arr\u00eat\u00e9 pr\u00e9fectoral n\u00b01500 du 20 septembre 2024 portant convocation des\n\u00e9lecteurs de la commune de MESSANGES et fixant la p\u00e9riode de d\u00e9p\u00f4t des candidatures en vue de proc\u00e9der \u00e0 des \u00e9lections\nmunicipales compl\u00e9mentaires pour 01 si\u00e8ge, le dimanche 24 novembre 2024 pour le 1er tour et le dimanche 1er d\u00e9cembre 2024 pour\nl'\u00e9ventuel second tour\n30\nVU le d\u00e9c\u00e8s de M. Christian HOQUET, maire, le 10 septembre 2024 ;\nCONSID\u00c9RANT la  vacance d'un  si\u00e8ge  de conseiller  municipal au  sein du conseil municipal de\nMESSANGES ;\nCONSID\u00c9RANT que le conseil municipal de MESSANGES doit \u00eatre au complet pour \u00e9lire le nouveau\nmaire, en vertu des articles L.2122-8 et L.2122-14 du code g\u00e9n\u00e9ral des collectivit\u00e9s territoriales ;\nCONSID\u00c9RANT que des \u00e9lections municipales compl\u00e9mentaires doivent donc \u00eatre organis\u00e9es pour\npourvoir l'unique si\u00e8ge vacant de conseiller municipal et proc\u00e9der ensuite \u00e0 l'\u00e9lection du nouveau\nmaire ;\nARR\u00caTE\nArticle  1er  : Les  \u00e9lecteurs  de  la  commune  d e  MESSANGES sont  convoqu\u00e9s  le\ndimanche 24 novembre 2024 \u00e0 la mairie, lieu de vote d\u00e9sign\u00e9 par l'arr\u00eat\u00e9 pr\u00e9fectoral sus-vis\u00e9, pour\nproc\u00e9der \u00e0 l'\u00e9lection d'un conseiller municipal.\nArticle 2 : Les listes \u00e9lectorales sont permanentes. Les demandes d'inscription sur les listes , en\nvue de participer \u00e0 un scrutin, sont d\u00e9pos\u00e9es au plus tard le sixi\u00e8me vendredi pr\u00e9c\u00e9dant le scrutin\n(article L. 17 du Code \u00e9lectoral), soit jusqu'au vendredi 18 octobre 2024.\nL'\u00e9lection aura lieu d'apr\u00e8s les  listes \u00e9lectorales arr\u00eat\u00e9es au plus tard le dimanche 3 novembre\n2024 (apr\u00e8s r\u00e9union de la commission de contr\u00f4le qui intervient au plus tard le 21 \u00e8me jour pr\u00e9c\u00e9dent le\nscrutin), telles qu'elles auront pu \u00eatre modifi\u00e9es ult\u00e9rieurement en application de l'article L.30 du code\n\u00e9lectoral.\nArticle 3 : Le scrutin d\u00e9butera \u00e0 HUIT HEURES et sera clos \u00e0 DIX-HUIT HEURES. Le d\u00e9pouillement\nsuivra imm\u00e9diatement la fermeture du scrutin.\nArticle 4 : Le conseiller municipal \u00e0 \u00e9lire devra avoir 18 ans r\u00e9volus.\nArticle 5 : Sera \u00e9lu au 1 er tour le candidat ayant r\u00e9uni d'une part, la majorit\u00e9 absolue des suffrages\nexprim\u00e9s et d'autre part, un nombre de suffrages \u00e9gal au quart de celui des \u00e9lecteurs inscrits.\nArticle 6 : Si le si\u00e8ge n'est pas pourvu au 1er tour, il sera proc\u00e9d\u00e9 \u00e0 un second tour de scrutin le\ndimanche 1er d\u00e9cembre 2024 dans le m\u00eame lieu et aux m\u00eames heures. L'\u00e9lection sera acquise alors\n\u00e0 la majorit\u00e9 relative quel que soit le nombre de votants. En cas d'\u00e9galit\u00e9 des suffrages, l'\u00e9lection sera\nacquise au candidat le plus \u00e2g\u00e9.\nArticle 7  :  Les r\u00e9clamations auxquelles donneraient lieu les op\u00e9rations \u00e9lectorales devront  \u00eatre\nconsign\u00e9es au proc\u00e8s-verbal, sinon, \u00eatre d\u00e9pos\u00e9es, sous peine de nullit\u00e9, dans les cinq jours qui\nsuivent le jour de l'\u00e9lection, au secr\u00e9tariat de la mairie, \u00e0 la sous-pr\u00e9fecture de Beaune, ou \u00e0 la\npr\u00e9fecture de la C\u00f4te-d'Or. Elles peuvent \u00e9galement \u00eatre d\u00e9pos\u00e9es au bureau central du greffe du\ntribunal administratif de Dijon.\nArticle 8  : Une d\u00e9claration de candidature est obligatoire  pour le premier tour de scrutin. Toute\ncandidature enregistr\u00e9e pour le premier tour ne pourra pas \u00eatre retir\u00e9e pour le second tour.\nDe nouvelles candidatures pourront \u00eatre d\u00e9pos\u00e9es pour le second tour si et seulement si  le nombre\nde candidats d\u00e9clar\u00e9s au premier tour est inf\u00e9rieur au nombre de si\u00e8ges \u00e0 pourvoir.\nLa d\u00e9claration de candidature doit obligatoirement \u00eatre r\u00e9dig\u00e9e sur un imprim\u00e9 CERFA  n\u00b0 14996*03\net accompagn\u00e9e des pi\u00e8ces justificatives list\u00e9es au verso de l'imprim\u00e9.\n2/3\nSous-pr\u00e9fecture de Beaune - 21-2024-09-20-00004 - Arr\u00eat\u00e9 pr\u00e9fectoral n\u00b01500 du 20 septembre 2024 portant convocation des\n\u00e9lecteurs de la commune de MESSANGES et fixant la p\u00e9riode de d\u00e9p\u00f4t des candidatures en vue de proc\u00e9der \u00e0 des \u00e9lections\nmunicipales compl\u00e9mentaires pour 01 si\u00e8ge, le dimanche 24 novembre 2024 pour le 1er tour et le dimanche 1er d\u00e9cembre 2024 pour\nl'\u00e9ventuel second tour\n31\nArticle 9  : Les d\u00e9clarations de candidatures seront re\u00e7ues  \u00e0 la sous-pr\u00e9fecture de Beaune sur\nrendez-vous (en t\u00e9l\u00e9phonant au 03.45.43.80.05 ou au 03.45.43.80.07) au plus tard \u00e0 18 heures le\n3\u00e8me jeudi qui pr\u00e9c\u00e8de le premier tour de scrutin, soit jusqu'au jeudi 7 novembre 2024 \u00e0 18 heures.\nDATES DE D\u00c9P\u00d4T DES CANDIDATURES\nPour le premier tour de scrutin\n- du lundi  4 novembre 2024 au mercredi 6 novembre 2024\nde 09 h 30 \u00e0 12 h 30\n- le jeudi 7 novembre 2024, jour de cl\u00f4ture des candidatures,\nde 09 h 30 \u00e0 12 h 30 et de 14 h 30 \u00e0 18 h 00\nPour l'\u00e9ventuel second tour de scrutin\n- le lundi 25 novembre 2024\nde 09 h 30 \u00e0 12 h 30\n- le mardi 26 novembre 2024\nde 09 h 30 \u00e0 12 h 00 et  de 14 h 30 \u00e0 18 h 00.\nArticle 10 : Monsieur le sous-pr\u00e9fet de l'arrondissement de Beaune et Monsieur le premier adjoint,\nmaire par int\u00e9rim, sont charg\u00e9s, chacun en ce qui le concerne, de l'ex\u00e9cution du pr\u00e9sent arr\u00eat\u00e9 qui,\nconform\u00e9ment  \u00e0  l'article  L.247  du  code  \u00e9lectoral,  sera  publi\u00e9  et  affich\u00e9  dans  la  commune  six\nsemaines au moins avant l'\u00e9lection, aux emplacements officiels, ainsi que dans le bureau de vote, le\njour du scrutin.\nFait \u00e0 Beaune, le 20 septembre 2024\nPour le pr\u00e9fet de la r\u00e9gion Bourgogne-Franche-Comt\u00e9,\nPr\u00e9fet de la C\u00f4te-d'Or et par d\u00e9l\u00e9gation,\nLe sous-pr\u00e9fet de l'arrondissement de Beaune,\nsign\u00e9\nBeno\u00eet BYRSKI\n3/3\nSous-pr\u00e9fecture de Beaune - 21-2024-09-20-00004 - Arr\u00eat\u00e9 pr\u00e9fectoral n\u00b01500 du 20 septembre 2024 portant convocation des\n\u00e9lecteurs de la commune de MESSANGES et fixant la p\u00e9riode de d\u00e9p\u00f4t des candidatures en vue de proc\u00e9der \u00e0 des \u00e9lections\nmunicipales compl\u00e9mentaires pour 01 si\u00e8ge, le dimanche 24 novembre 2024 pour le 1er tour et le dimanche 1er d\u00e9cembre 2024 pour\nl'\u00e9ventuel second tour\n32","date":"2024-10-17","first_seen_on":"2025-09-14T17:11:30+00:00","id":"20c77c42fab94d0924077227d360e5586e55a44a145e6c2e1ab8b3f190c4502e","name":"RAA n\u00b0 144 du 17 octobre 2024","pdf_creation_date":"2024-10-17T14:07:06+00:00","pdf_modification_date":null,"timezone":"Europe/Paris","url":"https://www.cote-dor.gouv.fr/contenu/telechargement/22209/169752/file/recueil-21-2024-144-recueil-des-actes-administratifs-special.pdf"}
