{"administration":"pref80","administration_name":"Pr\u00e9fecture de la Somme","content":"PR\u00c9FET\nDE LA SOMME\nRECUEIL DES ACTES\nADMINISTRATIFS SP\u00c9CIAL\n(NOMINATIFS)\nN\u00b02024-169\nPUBLI\u00c9 LE 30 AO\u00dbT 2024\nSommaire\nDirection D\u00e9partementale de la Protection des Populations /\n80-2024-08-27-00002 - Arr\u00eat\u00e9 pr\u00e9fectoral attribuant l'habilitation\nsanitaire \u00e0 Madame CAPELLE Caroline (2 pages) Page 3\nDirection d\u00e9partementale de l'emploi, du travail et des solidarit\u00e9s de\nla Somme (DDETS Somme) /\n80-2024-08-26-00001 - ARRETE DE DEROGATION AU REPOS DOMINICAL\nCONCERNANT LA SOCIETE DELEPLANQUE ET COMPAGNIE (3 pages) Page 6\nDirection D\u00e9partementale des Territoires et de la Mer / service\nenvironnement et littoral\n80-2024-08-28-00001 - Arr\u00eat\u00e9 d\u00e9rogeant \u00e0 la r\u00e9gulation d'esp\u00e8ces\nprot\u00e9g\u00e9es (grand cormoran) sur les piscicultures extensives (6 pages) Page 10\n80-2024-08-22-00004 - D\u00c9CISION 21/2024 Manifestation nautique\nSAMARAM 2024 le 22 septembre 2024 sur le canal de la Somme de\nLamotte-Brebi\u00e8re \u00e0 Amiens (2 pages) Page 17\nPr\u00e9fecture de la Somme - Cabinet / Cabinet\n80-2024-08-23-00005 - Arr\u00eat\u00e9 plaine en f\u00eate (6 pages) Page 20\nPr\u00e9fecture du Nord /\n80-2024-08-29-00002 - 20240901_arr\u00eat\u00e9 pr\u00e9fectoral portant\nd\u00e9l\u00e9gation de signature au g\u00e9n\u00e9ral de corps d'arm\u00e9e Fran\u00e7ois\nAGOSTINI commandant la r\u00e9gion de gendarmerie Hauts-de-France et la\ngendarmerie pour la zone de d\u00e9fense et de s\u00e9curit\u00e9 Nord (4 pages) Page 27\n2\nDirection D\u00e9partementale de la Protection des\nPopulations\n80-2024-08-27-00002\nArr\u00eat\u00e9 pr\u00e9fectoral attribuant l'habilitation\nsanitaire \u00e0 Madame CAPELLE Caroline\nDirection D\u00e9partementale de la Protection des Populations - 80-2024-08-27-00002 - Arr\u00eat\u00e9 pr\u00e9fectoral attribuant l'habilitation\nsanitaire \u00e0 Madame CAPELLE Caroline 3\nPREFET  | Direction  d\u00e9partementale\nDE LA SOMME  de la Protection  des  populations\nLibert\u00e9  = . de la Somme\nEgalit\u00e9\nFraternit\u00e9\nArr\u00eat\u00e9  n\u00b0 DDPP80-2024-02242\nArr\u00eat\u00e9\nattribuant  l'habilitation  sanitaire  \u00e0 Madame  CAPELLE  Caroline\n| Le Pr\u00e9fet  de la Somme\nCHEVALIER  DE LA L\u00c9GION  D'HONNEUR\nVu le code rural et de la p\u00eache  maritime  et notamment  ses articles  L. 203-1 \u00e0 L. 203- 7, L. 223-6,\nR. 203-1  \u00e0 R. 203-15  et R. 242-33;\nVu le d\u00e9cret  n\u00b0 80-516  du 4 juillet  1980,  modifi\u00e9  par le d\u00e9cret  n\u00b0 90-1033  du 19 novembre  1990  et\npar  le d\u00e9cret  2003-768  du 1\u00b0 ao\u00fbt  2003,  relatif  \u00e0 l'ex\u00e9cution  des  mesures  de prophylaxie  collective\ndes  maladies  des  animaux  ;\nVu le d\u00e9cret  n\u00b0 2004-374  du 29 avril 2004  modifi\u00e9,  relatif  aux pouvoirs  des pr\u00e9fets,  \u00e0 l'organisation\net \u00e0 l'action  FERMES  de l'\u00c9tat  dans  les r\u00e9gions  et d\u00e9partements  et notamment  son  article  43 ;\nVu le d\u00e9cret  du 13 juillet 2023 portant  nomination  du Pr\u00e9fet de. la Somme,  Monsieur  Rollon\nMOUCHEL-BLAISOT  < a Rempter  du 24 juillet  2023  ;\nVu l'arr\u00eat\u00e9.  du Premier.  Ministre  du 13 octobre  2021 portant  nomination  de Madame  B\u00e9n\u00e9dicte\nSCHMITZ,  Directrice  D\u00e9partementale  de la Protection  des Populations  de la Somme,  \u00e0 compter\ndu 1er novembre  2021;  |\nVu.  l'arr\u00eat\u00e9  pr\u00e9fectoral  du 26 ao\u00fbt  2022  portant  d\u00e9l\u00e9gation  de  signature  en mati\u00e8re\n. d'ordonnancement  secondaire  \u00e0 Madame  B\u00e9n\u00e9dicte  SCHMITZ;  directrice  d\u00e9partementale  de la\nProtection  des  Populations  de la Somme  ;\nConsid\u00e9rant  la demande  pr\u00e9sent\u00e9e  par Madame  CAPELLE  Caroline,  n\u00e9e le 8 mai 2019  et domicili\u00e9\nprofessionnellement  \u00e0 la Clinique  V\u00e9t\u00e9rinaire  4 avenue  Henri  Barbusse  \u00e0 Longueau  (80330)  remplit\nles conditions  permettant  l'attribution  de I'habilitation  sanitaire;\nARR\u00caTE\n_ Article  1\u00b0\nL'habilitation  sanitaire  pr\u00e9vue  \u00e0 l'article  L. 203-1  du code  rural  et de la p\u00eache  maritime  susvis\u00e9  est\nattribu\u00e9e  pour  une  dur\u00e9e  de cinq  ans  \u00e0 Madame  CAPELLE  Caroline,  docteur  v\u00e9t\u00e9rinaire\nadministrativement  domicili\u00e9  4 avenue  Henri  Barbusse  \u00e0 Longueau  (80330)  ;\nArticle  2 | |\nDans  la mesure  o\u00f9 les conditions  requises  ont \u00e9t\u00e9 respect\u00e9es,  cette  habilitation  sanitaire  est\nrenouvelable  par p\u00e9riode  de cinq  ann\u00e9es  tacitement  reconduites  sous  r\u00e9serve  pour  le v\u00e9t\u00e9rinaire\nsanitaire  de justifier  \u00e0 l'issue  de chaque  p\u00e9riode  de trois  ans,  aupr\u00e8s  du Pr\u00e9fet  de la Somme,  du\nrespect  de ses  obligations  de formation  continue  pr\u00e9vues  \u00e0 l'article  R.203-12.\nDirection D\u00e9partementale de la Protection des Populations - 80-2024-08-27-00002 - Arr\u00eat\u00e9 pr\u00e9fectoral attribuant l'habilitation\nsanitaire \u00e0 Madame CAPELLE Caroline 4\nArticle  3. 7 | Lo : 7 a  ,\nMadame  CAPELLE  Caroline  s'engage  \u00e0 respecter  les prescriptions  techniques,  administratives  et le\ncas  \u00e9ch\u00e9ant  financi\u00e8res  de mise  en \u0153uvre  des  mesures  de pr\u00e9vention,  de surveillance  ou de lutte\nPrescrites  par  l'autorit\u00e9  administrative  et des  op\u00e9rations  de police  sanitaire  ex\u00e9cut\u00e9es  en\napplication  de l'article  L. 203-7  du code  rural  et de la p\u00eache  maritime.\nArticle  4  | |\nMadame  CAPELLE  Caroline  pourra  \u00eatre  appel\u00e9e  par  le Pr\u00e9fet  de ses  d\u00e9partements  d'exercice  pour\nla r\u00e9alisation  d'op\u00e9rations  de police  sanitaire  au sein  des  lieux  de d\u00e9tention  ou des  \u00e9tablissements\npour  lesquels  elle  a \u00e9t\u00e9  d\u00e9sign\u00e9e  v\u00e9t\u00e9rinaire  sanitaire.  Elle  sera  tenue  de concourir  \u00e0 ces  op\u00e9rations\nen application  des  dispositions  de l'article  L. 203-7  du code  rural  et de la p\u00eache  maritime.\nArticle  5 |\nTout  manquement  ou faute  commis  dans  l'exercice  de la pr\u00e9sente  habilitation  sanitaire\nentra\u00eenera  l'application  des  dispositions  pr\u00e9vues  aux  articles  R. 203-15,  R. 228-6  et suivants  du\n- code  rural  et de la p\u00eache  maritime.\nArticle  6 : oo\nLe pr\u00e9sent  arr\u00eat\u00e9  peut  faire  l'objet  d'un  recours  contentieux  devant  le Tribunal  Administratif\nd'Amiens  dans  le d\u00e9lai  de deux  mois  \u00e0 compter  de sa notification.  Le tribunal  administratif  peut\n\u00eatre  saisi  au moyen  de l'application  informatique  \u00ab T\u00e9l\u00e9recours  citoyens  \u00bb accessible  par le biais  dusite www.telerecours.fr.  Des pr\u00e9cisions  sont  disponibles  \u00e0 l'adr\u00e9sse  suivante  : https://www.service-\npublic.fr/particuliers/vosdroits/F2474  ee  -\nArticle  7 | |\nLe Secr\u00e9taire  G\u00e9n\u00e9ral  de la Pr\u00e9fecture  et la Directrice  D\u00e9partementale  de la Protection  des\nPopulations  sont  charg\u00e9s,  chacun  en ce qui  la concerne,  de l'ex\u00e9cution  du pr\u00e9sent  arr\u00eat\u00e9  qui  sera\npubli\u00e9  au Recueil  des  Actes  Administratifs  de la Pr\u00e9fecture  de la Somme.\nFait \u00e0 Amiens,  le 26 ao\u00fbt  2024\nPour  le Pr\u00e9fet,  par  d\u00e9l\u00e9gation,\nLa Directrice  D\u00e9partementale  de la Protection\ndes Populations  de la Sbmme\nB\u00e9n\u00e9dicte  SCHMITZ.\nCopie  :\nMadame  CAPELLE  Caroline\nDirection D\u00e9partementale de la Protection des Populations - 80-2024-08-27-00002 - Arr\u00eat\u00e9 pr\u00e9fectoral attribuant l'habilitation\nsanitaire \u00e0 Madame CAPELLE Caroline 5\nDirection d\u00e9partementale de l'emploi, du travail\net des solidarit\u00e9s de la Somme (DDETS Somme)\n80-2024-08-26-00001\nARRETE DE DEROGATION AU REPOS\nDOMINICAL CONCERNANT LA SOCIETE\nDELEPLANQUE ET COMPAGNIE\nDirection d\u00e9partementale de l'emploi, du travail et des solidarit\u00e9s de la Somme (DDETS Somme) - 80-2024-08-26-00001 - ARRETE DE\nDEROGATION AU REPOS DOMINICAL CONCERNANT LA SOCIETE DELEPLANQUE ET COMPAGNIE 6\nPREFET  | Direction  d\u00e9partementale  de l'emploiDE LA SOMME  ; ene\nLibert\u00e9  du travail  et des  solidarit\u00e9s  de la Somme\nEgalit\u00e9\nFraternit\u00e9\nARRETE\nportant  d\u00e9rogation  au principe  du repos  dominical\nLE PR\u00c9FET  DE LA SOMME\nCHEVALIER  DE LA L\u00c9GION  D'HONNEUR\nVu le code  du travail  et notamment  ses articles  L. 3132-3,  L. 3132-20,  L. 3132-21,  L. 3132-23,\nL.3132-25-4,  R. 3132-16  et R. 3132-17;\nVu le d\u00e9cret  n\u00b0 2004-374  du 29 avril  2004  modifi\u00e9  relatif  aux  pouvoirs  des  pr\u00e9fets  et a\nl'organisation  et \u00e0 l'action  des  services  de l'\u00c9tat  dans  les r\u00e9gions  et d\u00e9partements  ;\nVu le d\u00e9cret  n\u00b0 2020-1545  du 9 d\u00e9cembre  2020  relatif  \u00e0 l'organisation  des  missions  des  directions\nr\u00e9gionales  de l'\u00e9conomie,  de l'emploi,  du travail  et des  solidarit\u00e9s,  des  directions\nd\u00e9partementales  de l'emploi,  du travail  et des  solidarit\u00e9s  et des  directions  de l'emploi  du travail,\ndes  solidarit\u00e9s  et de la protection  des  populations  ;\nVu le d\u00e9cret  du 13 juillet  2023  portant  nomination  de M. Rollon  MOUCHEL-BLAISOT,  pr\u00e9fet  de la\nSomme  ;\nVu le d\u00e9cret  du 21 juillet  2023  portant  nomination  de M. Emmanuel  MOULARD,  sous-pr\u00e9fet  hors\nclasse,  secr\u00e9taire  g\u00e9n\u00e9ral  de la pr\u00e9fecture  de la Somme;\nVu la demande  re\u00e7ue  par  courriel  le 18 juillet  2024  et par  voie  postale  le 22 juillet  suivant,  de la\nsoci\u00e9t\u00e9  DELEPLANQUE  & COMPAGNIE,  dont  le si\u00e8ge  social  est domicili\u00e9  35 bis rue des  Canus  \u00e0\nMaisons-Laffitte  (78603),  laquelle  sollicite  \u00e0 titre  pr\u00e9ventif  l'autorisation  de faire  travailler  9\nsalari\u00e9s,  les dimanches  sur la p\u00e9riode  du 1\u00b0 septembre  au 30 novembre  2024,  a raison  de 6\ndimanches  maximum,  sur la commune  de Lamotte-Warfus\u00e9e  (80  800)  ;\nVu la d\u00e9cision  unilat\u00e9rale  de d\u00e9roger  au repos  dominical  concernant  l'activit\u00e9  de r\u00e9colte  de bet-\nteraves  sucri\u00e9res  pour  la p\u00e9riode  du 1\u00b0 septembre  au 30 novembre  2024  sign\u00e9e  le 4 juillet  2024  et\nle r\u00e9sultat  du r\u00e9f\u00e9rendum  du 8 juillet  2024  ;\nVu l'avis  favorable  du comit\u00e9  social  et \u00e9conomique  (CSE)  du 2 juillet  2024  ;\nVu l'acte  de volontariat  des  9 salari\u00e9s  concern\u00e9s  ;\nVu les consultations  effectu\u00e9es  aupr\u00e8s  de la chambre  de commerce  et d'industrie  Amiens\nPicardie,  de la mairie  de Lamotte-Warfus\u00e9e  ainsi  que  des  organisations  patronales  et salariales\nint\u00e9ress\u00e9es  ;\nVu l'avis  favorable  de la mairie  de Lamotte-Warfus\u00e9e  et de la CPME  de la Somme;\n40, rue de la Vall\u00e9e  |\n80000  Amiens\nTel : 03.64.26.88.00\nDirection d\u00e9partementale de l'emploi, du travail et des solidarit\u00e9s de la Somme (DDETS Somme) - 80-2024-08-26-00001 - ARRETE DE\nDEROGATION AU REPOS DOMINICAL CONCERNANT LA SOCIETE DELEPLANQUE ET COMPAGNIE 7\nVu l'avis  favorable  de l'Union  d\u00e9partementale  de la CFE-CGC  Somme,  sous  r\u00e9serve  que  les\nsalari\u00e9s  soient  volontaires  et que  cette  d\u00e9rogation  soit  bien  \u00e0 titre  pr\u00e9ventif  des  conditions\nclimatiques  ;\nVu l'avis  d\u00e9favorable  de l'union  d\u00e9partementale  des  syndicats  CGT  de la Somme;\nConsid\u00e9rant  que  selon  les dispositions  de l'article  L.3132-20  du code  du travail,  une  d\u00e9rogation\nau repos  dominical  des  salari\u00e9s  peut  \u00eatre  accord\u00e9e  \u00ab lorsqu'il  est \u00e9tabli  que  le repos  simultan\u00e9,  le\ndimanche,  de tous  les salari\u00e9s  d'un  \u00e9tablissement  serait  pr\u00e9judiciable  au public  ou\ncompromettrait  le fonctionnement  normal  de cet  \u00e9tablissement  \u00bb ;\nConsid\u00e9rant  que  l'activit\u00e9  de la soci\u00e9t\u00e9  DELEPLANQUE  & COMPAGNIE  consiste  en la mise  en\nplace  de champs  d'exp\u00e9rimentation  et de s\u00e9lection  de nouvelles  vari\u00e9t\u00e9s  de semences  dont\ncelles  des  betteraves  sucri\u00e8res  qui repr\u00e9sentent  65%  de son  chiffre  d'affaires  ;\nConsid\u00e9rant  que  l'entreprise  justifie  sa demande  de faire  travailler  ses salari\u00e9s  le dimanche  par  :\n- les conditions  climatiques  actuelles,\n- le risque  de perdre  une  ann\u00e9e  d'exp\u00e9rimentation  si les betteraves  ne sont  pas  r\u00e9colt\u00e9es  avant\nfin novembre  pour  sauvegarder  le potentiel  et la qualit\u00e9  de la r\u00e9colte,\n- l'importance  d'analyser,  d\u00e8s  l'arrachage  et sur le champ,  les betteraves  afin  de tester  leur  valeur\nagronomique  en les comparant  aux  vari\u00e9t\u00e9s  existantes  et d\u00e9j\u00e0  utilis\u00e9es  par  les agriculteurs  ;\nConsid\u00e9rant  que  la r\u00e9colte  des  essais  de semence  de betteraves  est soumise  aux  al\u00e9as\nclimatiques  et que  l'interruption  de ces  r\u00e9coltes  le dimanche  est susceptible  d'entrainer  des\ncons\u00e9quences  dommageables  sur l'activit\u00e9  de l'entreprise  l'ann\u00e9e  suivante  ;\nConsid\u00e9rant  que  cette  demande  est faite  \u00e0 titre  pr\u00e9ventive  ;\nConsid\u00e9rant  que  par  cons\u00e9quent  la pr\u00e9sente  demande  s'inscrit  bien  dans  le cadre  des\ndispositions  des  articles  L. 3132-20  et suivants  du code  du travail  ;\nSur  proposition  de la Directrice  adjointe  d\u00e9partementale  de l'emploi,  du travail  et des  solidarit\u00e9s\nde la Somme;\nARRETE\nArticle  1\u00b0\":  La demande  de d\u00e9rogation  aux  dispositions  des  articles  L.3132-  3 et suivants  du code\ndu travail,  pr\u00e9sent\u00e9e  par  la soci\u00e9t\u00e9  DELEPLANQUE  & COMPAGNIE  et concernant  9 salari\u00e9s  est\naccept\u00e9e  pour  la p\u00e9riode  du 1\u00b0 septembre  2024  au 30 novembre  2024  \u00e0 raison  de 6 dimanches\ntravaill\u00e9s  maximum  par  salari\u00e9.\nPendant  cette  p\u00e9riode,  le repos  devra  \u00eatre  donn\u00e9  selon  l'une  des  Most  suivantes  :\na) Un autre jour que le dimanche  \u00e0 tous les salati\u00e9s  de l'\u00e9tablissement,\nb) Du dimanche  midi  au lundi  midi,\nc) Le dimanche  apr\u00e8s-  \"midi  avec  un repos  compensateur  d'une  journ\u00e9e  par roulement  et par\nquinzaine,\nd) Par roulement  a tout  ou partie  des  salari\u00e9s.\nArticle  2: Conform\u00e9ment  aux  dispositions  de l'article  L.3132-25-4  du code  du travail,  seuls  les\nsalari\u00e9s  volontaires,  ayant  donn\u00e9  leur  accord  par  \u00e9crit,  \u00e0 leur  employeur  peuvent  travailler  l'un\ndes  dimanches  pr\u00e9cit\u00e9s.\n2/3\nDirection d\u00e9partementale de l'emploi, du travail et des solidarit\u00e9s de la Somme (DDETS Somme) - 80-2024-08-26-00001 - ARRETE DE\nDEROGATION AU REPOS DOMINICAL CONCERNANT LA SOCIETE DELEPLANQUE ET COMPAGNIE 8\nLe refus  du salari\u00e9  de travailler  le dimanche  ne constitue  ni une  faute,  ni un motif  de licencie-\nment  et ne peut  entra\u00eener  aucune  mesure  discriminatoire  dans  le cadre  de l'ex\u00e9cution  de son\ncontrat  de travail.  Un tel refus  du salari\u00e9  ne saurait  non  plus justifier  son  \u00e9cartement  d'une  proc\u00e9-\ndure  d'embauche.\nLe salari\u00e9  peut  changer  d'avis  sur son  acceptation  ou son  refus  de travailler  le dimanche.\nArticle  3 : Conform\u00e9ment  aux  dispositions  de l'article  R. 3172-2  du code  du travail,  un registre\nsp\u00e9cial  mentionnera  pour  chacune  des  personnes  concern\u00e9es,  le jour  choisi  pour  le repos.  Ce re-\ngistre  sera  tenu  constamment  \u00e0 la disposition  de l'inspecteur  du travail  charg\u00e9  du contr\u00f4le  de\nl'\u00e9tablissement.\nArticle  4 : Chaque  salari\u00e9  priv\u00e9  de repos  dominical  b\u00e9n\u00e9ficiera  d'un  repos  compensateur  et\npercevra  pour  ce jour  de travail  une  r\u00e9mun\u00e9ration  au moins  \u00e9gale  au double  de la r\u00e9mun\u00e9ration\nnormalement  due  pour  une dur\u00e9e  \u00e9quivalente,  sous  r\u00e9serve  de dispositions  plus  favorables  d'une\nconvention  ou un accord  collectif  applicable.\nArticle  5 : En application  des  articles  L. 3132-1  et L. 3132-2  du code  du travail,  aucun  salari\u00e9  ne\npourra  \u00eatre  occup\u00e9  plus  de six jours  par  semaine  et le repos  hebdomadaire  devra  avoir  une  dur\u00e9e\nminimale  de 24 heures  cons\u00e9cutives  auxquelles  s'ajouteront  les 11 heures  cons\u00e9cutives  de repos\nquotidien  pr\u00e9vues  \u00e0 l'article  L. 3131-1  du code  pr\u00e9cit\u00e9.\nLes dispositions  du code  susvis\u00e9  (notamment  les dur\u00e9es  maximales  de travail)  et les repos  de-\nmeurent  applicables.\nArticle  6: Le pr\u00e9sent  arr\u00eat\u00e9  peut  faire  l'objet,  dans  un d\u00e9lai  de deux  mois  \u00e0 compter  de sa date\nde notification  d'un:  \u2014\n- recours  contentieux  aupr\u00e8s  du tribunal  administratif  d'Amiens  (14 rue  Lemerchier  -CS  81114-\n80011  AMIENS  Cedex  01) qui peut  \u00eatre  saisi  via l'applicatif  informatique  \u00ab T\u00e9l\u00e9recours  citoyen  \u00bb\naccessible  via le site  internet  www.telerecours.fr.\n- Recours  hi\u00e9rarchique  aupr\u00e8s  du minist\u00e8re  du travail,  de la sant\u00e9  et des  solidarit\u00e9s  - direction\ng\u00e9n\u00e9rale  du travail  - 14 avenue  Duquesne  - 75 007  PARIS.\nArticle  7 : Le secr\u00e9taire  g\u00e9n\u00e9ral  de la pr\u00e9fecture  de la Somme  et la directrice  d\u00e9partementale  de\nl'emploi,  du travail  et des  solidarit\u00e9s  de la Somme  sont  charg\u00e9s,  chacun  en ce qui le concerne,  de\nl'ex\u00e9cution  du pr\u00e9sent  arr\u00eat\u00e9  qui sera  notifi\u00e9  aux  demandeurs  et publi\u00e9  au recueil  des  actes  ad-\nministratifs  de la pr\u00e9fecture  de la Somme.  |\nAmiens,  le 26 AQUT 2024\nPour  le pr\u00e9fetAt  par  d\u00e9l\u00e9gation,\nLe secr\u00e9taire  g\u00e9n\u00e9ral\n[\nEmmanuel  MOULARD\n3/3\nDirection d\u00e9partementale de l'emploi, du travail et des solidarit\u00e9s de la Somme (DDETS Somme) - 80-2024-08-26-00001 - ARRETE DE\nDEROGATION AU REPOS DOMINICAL CONCERNANT LA SOCIETE DELEPLANQUE ET COMPAGNIE 9\nDirection D\u00e9partementale des Territoires et de\nla Mer\n80-2024-08-28-00001\nArr\u00eat\u00e9 d\u00e9rogeant \u00e0 la r\u00e9gulation d'esp\u00e8ces\nprot\u00e9g\u00e9es (grand cormoran) sur les piscicultures\nextensives\nDirection D\u00e9partementale des Territoires et de la Mer - 80-2024-08-28-00001 - Arr\u00eat\u00e9 d\u00e9rogeant \u00e0 la r\u00e9gulation d'esp\u00e8ces prot\u00e9g\u00e9es\n(grand cormoran) sur les piscicultures extensives 10\nPREFET  oo,  l\nDE LA SOMME  Direction  d\u00e9partementale\nraed des territoires  et de la mer\nue  de la Somme\nARR\u00caT\u00c9\nD\u00e9rogeant  \u00e0 la r\u00e9gulation  d'esp\u00e8ces  prot\u00e9g\u00e9es  (grand  cormoran)  sur les piscicultures\nextensives\nLE PR\u00c9FET  DE LA SOMME\nVu la directive  n\u00b02009/167/CEE  du 30 novembre  2009  concernant  la conservation  des oiseaux\nsauvages  ;\nVu le code  de l'environnement  et notamment  ses articles  L411-1,  L411-2  et R331-85,  R411-1  a R 411-14,  R\n432-1  \u00e0 R 432-1-5  ;\nVu l'arr\u00eat\u00e9  minist\u00e9riel  du 26 novembre  2010  fixant  les conditions  et limites  dans  lesquelles  des\nd\u00e9rogations  aux interdictions  de destruction  peuvent  \u00eatre accord\u00e9es  par les pr\u00e9fets  concernant  les\ngrands  cormorans  (Phalacrocorax  carbo  sinensis)  ;\nVu l'arr\u00eat\u00e9  minist\u00e9riel  du 19 septembre  2022  fixant  les plafonds  d\u00e9partementaux  dans  les limites\ndesquelles  des d\u00e9rogations  aux interdictions  de destruction  peuvent  \u00eatre accord\u00e9es  par les pr\u00e9fets\nconcernant  les grands  cormorans  (Phalacrocorax  carbo  sinensis)  pour la p\u00e9riode  2022-  2025 :\nVu le d\u00e9cret  du 13 juillet  2023  nommant  Monsieur  Rollon  MOUCHEL-BLAISOT,  Pr\u00e9fet  de la Somme  ;\nVu l'arr\u00eat\u00e9  du Premier  ministre  et du ministre  de l'Int\u00e9rieur  et des Outre-mer  du 12 juin 2024  portant\nnomination  de M. Xavier  ROUSSET,  ing\u00e9nieur  g\u00e9n\u00e9ral  des ponts,  des eaux  et des for\u00eats  de classe\nnormale,  directeur  d\u00e9partemental  des territoires  et de la mer de la Somme  \u00e0 compter  du 24 juin 2024  ;\nVu l'arr\u00eat\u00e9  pr\u00e9fectoral  du 24 juin 2024  portant  d\u00e9l\u00e9gation  de signature  g\u00e9n\u00e9rale  \u00e0 M. Xavier  ROUSSET,\ndirecteur  d\u00e9partemental  des territoires  et de la mer  de la Somme  :\nVu l'arr\u00eat\u00e9  pr\u00e9fectoral  en date  du 26 juin 2024  portant  subd\u00e9l\u00e9gation  de signature  \u00e0 Madame  Agn\u00e8s\nCOCHU,  responsable  de service  environnement  et littoral  \u00e0 la direction  d\u00e9partementale  des territoires\net de la mer  de la Somme  ;\nVu la charte  pour  une p\u00each\u00e9  responsable  et durable  de l'anguille  europ\u00e9enne  dans  les \u00e9tangs  de la\nHaute-Somme  sign\u00e9e  notamment  par le pr\u00e9sident  de l'Association  syndicale  des propri\u00e9taires  et\nexploitants  d'\u00e9tangs  de la Haute-Somme,\nVu la demande  de l'Association  syndicale  des propri\u00e9taires  et exploitants  d'\u00e9tangs  de la Haute-Somme\nre\u00e7ue  le 10 juillet  2024  ;\nConsid\u00e9rant  les risques  pr\u00e9sent\u00e9s  par la pr\u00e9dation  du grand  cormoran  sur des populations  de poissons\nmenac\u00e9es  ;\nDirection D\u00e9partementale des Territoires et de la Mer - 80-2024-08-28-00001 - Arr\u00eat\u00e9 d\u00e9rogeant \u00e0 la r\u00e9gulation d'esp\u00e8ces prot\u00e9g\u00e9es\n(grand cormoran) sur les piscicultures extensives 11\nConsid\u00e9rant  que la pr\u00e9dation  des cormorans  cause  un pr\u00e9judice  a la valorisation  touristique  des Etangs\nde la Haute  Somme;\nConsid\u00e9rant  que les mesures  d'\u00e9vitement  ou d'effarouchement  pour  lutter  contre  la pr\u00e9dation  des\ngrands  cormorans  mises  en place  par les personnes  d\u00e9sign\u00e9es  \u00e0 l'article  1\u00b0 ne suffisent  pas \u00e0 pr\u00e9server\nla ressource  ;\nConsid\u00e9rant  que le rapport  de M. Lo\u00efc  MARION  publi\u00e9  le 28 f\u00e9vrier  2022  \u00e9value  \u00e0 2142  cormorans\nhivernants  en 2021  (contre  1719  en 2018),  la population  de grands  cormorans  hivernants  est en\naugmentation  dans  le d\u00e9partement  de la Somme  ;\nConsid\u00e9rant  le statut  exceptionnel  d'eaux  closes  des \u00e9tangs  de la Haute  Somme  en application  de\nl'arr\u00eat  de la cours  de cassation  rendu  en 1893,  couramment  appel\u00e9  arr\u00eat  Decamps  ;\nConsid\u00e9rant  que l'association  des propri\u00e9taires  et exploitants  d'\u00e9tangs  de la vall\u00e9e  de la Haute-Somme\neffectue  une  activit\u00e9  d'\u00e9levage  en proc\u00e9dant  au rempoissonnement  en civelles  notamment  ;\nConsid\u00e9rant  qu'une  valorisation  \u00e9conomique  est pratiqu\u00e9e  sur les \u00e9tangs  de la Haute  Somme  ;\nSur proposition  de la directrice  d\u00e9partementale  des territoires  et de la mer  de la Somme  ;\nARR\u00caTE\nArticle  ter. - Les personnes  nomm\u00e9ment  d\u00e9sign\u00e9es  ci-apr\u00e8s  sont  autoris\u00e9es  \u00e0 proc\u00e9der  \u00e0 des\npr\u00e9l\u00e8vements  d'oiseaux  de l'esp\u00e8ce  Phalacrocorax  carbo  sinensis  dans  leurs  biefs  respectifs  :\nSur les \u00e9tangs  de la vall\u00e9e  de la Haute-Somme\nPROPRI\u00c9TAIRES  TIREURS  / AYANTS  DROITS  COMMUNES\nBEAUVARLET  Patrick\nBEAUVARLET  Patrick  BEAUVARLET  Damien  VILLECOURT\nDOYEN  Christophe\nSZAREK  G\u00e9rard\nBOULANGER  Denis  SAINT-CHRIST-BRIOST\nSZAREK  Jean-Marc\nDELEPINE  Michael\nCOUTEAU  Catherine  MESNIL-BRUNTEL\nEURIN  Jo\u00ebl\nDAILLET  Jean-G\u00e9rard  VANEGUE  Samuel  CLERY-SUR-SOMME\nDAVID  S\u00e9bastien\nDAVID  S\u00e9batien  CURLU\nDAVID  S\u00e9bastien  junior\nDirection D\u00e9partementale des Territoires et de la Mer - 80-2024-08-28-00001 - Arr\u00eat\u00e9 d\u00e9rogeant \u00e0 la r\u00e9gulation d'esp\u00e8ces prot\u00e9g\u00e9es\n(grand cormoran) sur les piscicultures extensives 12\nDECROIX  H\u00e9l\u00e8neGRANDO  Alexis\nLAURENT  Antoine  FRISE\nBRIEN  Rudy\nDEGRENDEL  R\u00e9mi  DEGRENDEL  R\u00e9mi  CAPPY\nHIEZ  Didier\nHIEZ  Didier  CANY.  Michael  ETERPIGNY\nHIEZ  Thierry\nJUSSUREAUX  NicolasJUSSUREAUX  Nicolas\nJUSSUREAUX  RaymondCLERY-SUR-SOMME\nLEIGNEL  S\u00e9bastienLEIGNEL  S\u00e9bastien\nDELETRE  FabienCAPPY\nNAILLON  JacquesROUCOUX  S\u00e9bastien SAINT-CHRIST-BRIOST\nNAILLON  Jacques\nNAILLON  Charles\nBAROUX  EricBRIE\nPINGEOT  G\u00e9rardPINGEOT  G\u00e9rard\nCANDELIER  MarcENNEMAIN\nPROUSEL  Nicolas PROUSEL  Nicolas BRIE\nLA GRENOUILLEREPROUSEL  Victor\nPROUSEL  Paulin\nMATON  Fabien\nMATON  Romarik\nCRETEL  Nicolas FRISE\nSCI  CETO  :LETANGRE  Tony\nPANGOLE  Nicolas\nOBLIGITTE  St\u00e9phane\nOBLIGITTE  MathieuECLUSIER-VAUX\nSCI  DES  SOURCESSENEZ  Thibault\nDOLLET  AnselmeCURLU\nDirection D\u00e9partementale des Territoires et de la Mer - 80-2024-08-28-00001 - Arr\u00eat\u00e9 d\u00e9rogeant \u00e0 la r\u00e9gulation d'esp\u00e8ces prot\u00e9g\u00e9es\n(grand cormoran) sur les piscicultures extensives 13\nCommune  de\nBETHENCOURT-SUR-SOMMELEMAIRE  Arnaud\nCommune  de CAPPY MOURIER  Christian\nCommune  de\nCLERY-SUR-SOMMEBELLEMENT  R\u00e9gis\nBELLEMENT  Daniel\nCommune  de CURLUDHENIN  Nathan\nFRANCOIS  Ga\u00e9tan\nDAVID  Jacques\nCommune  d'EPENANCOURTMARQUANT  St\u00e9phane\nDOMON  Philippe\nCommune  de FEUILLERESDACHY  J\u00e9r\u00e9my\nMIELLE  Gatien\nFATOUX  Quentin\nCommune  de HEM  MONACUNUNCQ  Freddy\nFASQUEL  Patrice\nCommune  de PARGNYPOISSANT  Pascal\nPOISSANT  Jonathan\nCommune  de PERONNECAVEL  Francis\nVASSEUR  Alain\nCommune  de SAINT-CHRIST-\nBRIOSTFIRMIN  Didier\nDEGARDIN  Pascal\nCANDELIER  Mare\nCommune  de SUZANNE NOYON  Martin\nDirection D\u00e9partementale des Territoires et de la Mer - 80-2024-08-28-00001 - Arr\u00eat\u00e9 d\u00e9rogeant \u00e0 la r\u00e9gulation d'esp\u00e8ces prot\u00e9g\u00e9es\n(grand cormoran) sur les piscicultures extensives 14\nSur les piscicultures  professionnelles\nPROPRIETAIRES  SITE  TIREURS  / AYANTS  DROITS\nMOULIN  DES CHARTEUX  - Julien  JORGENSEN\nMEBEVILTE  Philippe  JORGENSEN\nSCEA JORGENSEN  / \u2014\u2014.  \u2014 \u2014_\u2014\n| Julien  JORGENSEN\nMOULIN  DRUCAT  - CAOURS  = =  \u2014\nPhilippe  JORGENSEN\nacca  FONTAINE  DE BICHECOURT-  | Julien JORGENSEN\nHANGEST  SUR  SOMME  Philippe  JORGENSEN\nSARL  DE L'OMIGNON  | SAINT-CHRIST-BRIOST  Marc  CANDELIER\nPISCICULTURE  DU MOULINver  POIX-DE-PICARDIE  Nandor  TRIBOULET\nFabrice  BASTIEN\nSAS  PIERRU  PISCICULTURES  MIRAUMONT  \u2014\u2014\u2014\u2014\u2014\u2014\u2014\u2014\n| Beno\u00eet  GUILLEMONT\n: Bernard  SOHIER\nPISCICULTURE  SOHIER  GEZAINCOURT  | \u2014 \u2014\nG\u00e9rard  NIQUET\nALAIN  BRUNEL\n| DAVID  ROUSSEL\nSBDG  AQUACOLE  DE LE BOISLE  LE BOISLE  L\nNICOLAS  WAVRANT\nJOHANN  MAUPIN\nArticle  2.- L'utilisation  de la grenaille  de plomb  est interdite.\nNe peuvent  \u00eatre  utilis\u00e9es  que les cartouches  de substitution  \u00e0 la grenaille  de plomb.\nArticle  3 . - Les agents  et techniciens  de l'Office  fran\u00e7ais  de la biodiversit\u00e9  peuvent  intervenir  sur le\nsecteur  des Etangs  de la Haute  Somme  en cas de besoin.\nArticle  4 . - Le nombre  maximum  d'animaux  pouvant  \u00eatre pr\u00e9lev\u00e9s  dans  le cadre  de l'article  1 sur le site\ndes Etangs  de la Haute  Somme  est de 180 (cent  quatre-vingts),  \u00e0 l'amont  de Bray sur Somme  et \u00e0 l'aval\nde Bettencourt  sur Somme.\nArticle  5 .- Les op\u00e9rations  de r\u00e9gulation  s'effectuent  de la date  d'ouverture  de la chasse  au gibier  d'eau\njusqu'au  28 f\u00e9vrier  2025.\nLes tirs ne peuvent  \u00eatre r\u00e9alis\u00e9s  que pendant  la journ\u00e9e,  c'est-\u00e0-dire  pendant  la p\u00e9riode  entre  l'heure\npr\u00e9c\u00e9dant  le lever  du soleil  et l'heure  suivant  le coucher  du soleil.\nArticle  6 . \u2014 Les tirs sont  r\u00e9alis\u00e9s  jusqu'\u00e0  100 m\u00e8tres  des rives  du plan d'eau.  Les tireurs  sont  titulaires\nd'un  permis  de chasser  valable  pour  l'ann\u00e9e  en cours.\nDirection D\u00e9partementale des Territoires et de la Mer - 80-2024-08-28-00001 - Arr\u00eat\u00e9 d\u00e9rogeant \u00e0 la r\u00e9gulation d'esp\u00e8ces prot\u00e9g\u00e9es\n(grand cormoran) sur les piscicultures extensives 15\nArticle  7 . - Les bagues  r\u00e9cup\u00e9r\u00e9es  par les tireurs  sur les oiseaux  tu\u00e9s  sont  adress\u00e9es  \u00e0 l'interlocuteur\ntechnique  du r\u00e9seau  \u00ab oiseaux  d'eau  et zones  humides  \u00bb (FDC  - OFB),  lequel  transmet  \u00e0 l'organisme\ntechnique  en charge  de leur  suivi.\nLes tirs sont  suspendus  une semaine  avant  la date  du d\u00e9nombrement  national  des oiseaux  d'eau  (les\ndates  sont  pr\u00e9cis\u00e9es  ult\u00e9rieurement).\nArticle  8.-  M. Denis  BOULANGER  est d\u00e9sign\u00e9  comme  r\u00e9f\u00e9rent  pour  les \u00c9tangs  de la Haute  Somme.\nApr\u00e8s  chaque  op\u00e9ration  de r\u00e9gulation,  chaque  tireur  doit  rendre  compte  des tirs effectu\u00e9s  aupr\u00e8s  de\nlui. Ce dernier  doit  rendre  compte  une fois avant  le 5 d\u00e9cembre  et une fois en fin de saison  du nombre\nd'oiseaux  abattus  aupr\u00e9s  de la DDTM.\nArticle  9 . - En cas de non-respect  des modalit\u00e9s  \u00e9nonc\u00e9es  dans  les articles  ci-dessus  du pr\u00e9sent  arr\u00eat\u00e9,\nla pr\u00e9sente  autorisation  sera  imm\u00e9diatement  retir\u00e9e  au p\u00e9titionnaire.\nArticle  11. -La pr\u00e9sente  d\u00e9cision  est susceptible  de faire  l'objet  d'un  recours  contentieux  devant  le\ntribunal  administratif  d'Amiens  \u2014 14, rue Lemerchier  - 80011  Amiens  cedex  1 - dans  un d\u00e9lai  de deux\nmois  \u00e0 compter  de sa notification.  Le tribunal  administratif  peut  \u00e9galement  \u00eatre  saisi  par\nl'interm\u00e9diaire  de l' application  \u00ab t\u00e9l\u00e9recours  citoyen  \u00bb accessible  sur le site www.telerecours.fr.  Le d\u00e9lai\nde recours  est de deux  mois  \u00e0 compter  de la date  de l'accomplissement  des formalit\u00e9s  de publicit\u00e9.\nArticle  12 . - Le directeur  d\u00e9partemental  des territoires  et de la mer  de la Somme  ainsi  que  les agents\ncharg\u00e9s  de la police  de la chasse  sont  charg\u00e9s,  chacun  en ce qui le concerne,  de l'ex\u00e9cution  du pr\u00e9sent\narr\u00eat\u00e9  qui sera  publi\u00e9  au recueil  des actes  administratifs.\nAmiens, le 6 ast  LOC (A\nLa responsable  du Service  Environnement\net Littoral\nDirection D\u00e9partementale des Territoires et de la Mer - 80-2024-08-28-00001 - Arr\u00eat\u00e9 d\u00e9rogeant \u00e0 la r\u00e9gulation d'esp\u00e8ces prot\u00e9g\u00e9es\n(grand cormoran) sur les piscicultures extensives 16\nDirection D\u00e9partementale des Territoires et de\nla Mer\n80-2024-08-22-00004\nD\u00c9CISION 21/2024 Manifestation nautique\nSAMARAM 2024 le 22 septembre 2024 sur le\ncanal de la Somme de Lamotte-Brebi\u00e8re \u00e0\nAmiens\nDirection D\u00e9partementale des Territoires et de la Mer - 80-2024-08-22-00004 - D\u00c9CISION 21/2024 Manifestation nautique SAMARAM\n2024 le 22 septembre 2024 sur le canal de la Somme de Lamotte-Brebi\u00e8re \u00e0 Amiens 17\nEn FRANCE\nAPR\u00c9FET  Direction  d\u00e9partementale  NATIO\nDE LA SOMME  y:Ft des territoires  et de la mer V ERTE  ))\nFigahit\u00e9  de la Somme  Agir \u00ab Mobiliser  - Acc\u00e9l\u00e9rer\nFrigerave\nDECISION  21/2024\nManifestation  nautique  SAMARAM  2024\nle 22 septembre  2024\nsur le canal  de la Somme  de Lamotte-Brebi\u00e9re  \u00e0 Amiens\nLE PREFET  DE LA SOMME\nCHEVALIER  DE LA LEGION  D'HONNEUR\nVU le code  des  transports  ;\nVU les articles  L.2132-7  et L.2132-8  du code  g\u00e9n\u00e9ral  de la propri\u00e9t\u00e9  des personnes  publiques  ;\nVU le d\u00e9cret  n\u00b0 2012-1556  du 28 d\u00e9cembre  2012 d\u00e9terminant  la liste des mesures  temporaires\nd'interruption  ou de modification  des conditions  de la navigation  pouvant  \u00eatre prises  par le\ngestionnaire  de la voie  d'eau  ;\nVU le d\u00e9cret  du 13 juillet  2023  nommant  Monsieur  Rollon  MOUCHEL-BLAISOT,  pr\u00e9fet  de la Somme  ;\nVU l'arr\u00eat\u00e9  du 15 janvier  2024  portant  d\u00e9l\u00e9gation  de signature  \u00e0 Monsieur  Emmanuel  MOULARD,\nsecr\u00e9taire  g\u00e9n\u00e9ral  de la pr\u00e9fecture  de la Somme  ;\nVU l'arr\u00eat\u00e9  du Premier  ministre  et du Ministre  de l'int\u00e9rieur  et des Outre-mer  du 12 juin 2024  portant\nnomination  de Monsieur  Xavier  ROUSSET,  ing\u00e9nieur  g\u00e9n\u00e9ral  des ponts,  des eaux  et des for\u00eats  de classe\nnormale,  directeur  d\u00e9partemental  des territoires  et de la mer  de la Somme  \u00e0 compter  du 24 juin  2024  ;\nVU l'arr\u00eat\u00e9  pr\u00e9fectoral  du 24 juin 2024  portant  d\u00e9l\u00e9gation  de signature  g\u00e9n\u00e9rale  \u00e0 Monsieur  Xavier\nROUSSET,  directeur  d\u00e9partemental  des territoires  et de la mer  de la Somme  ;\nVU l'arr\u00eat\u00e9  pr\u00e9fectoral  du 26 juin 2024  portant  subd\u00e9l\u00e9gation  de signature  a Madame  Agn\u00e8s  COCHU,\nresponsable  du service  environnement  et littoral  de la direction  d\u00e9partementale  des territoires  et de la\nmer  de la Somme  ;\nVU la demande  et les pi\u00e8ces  aff\u00e9rentes  pr\u00e9sent\u00e9es  le 18 avril  2024  par Monsieur  Philippe  VERMERSCH,\npr\u00e9sident  du Comit\u00e9  d\u00e9partemental  de la Somme  de Cano\u00eb  Kayak,  en vue d'\u00eatre  autoris\u00e9  \u00e0 organiser  la\nmanifestation  nautique  \u00ab SAMARAM  2024  \u00bb le dimanche  22 septembre  2024  avec  une utilisation  du\ncanal  de la Somme  entre  les \u00e9cluses  de Lamotte-Brebi\u00e9re  (P.K.  84.318)  et d'Amiens  (P.K.  94.014)  ;\nVU l'avis  du gestionnaire  du domaine  public  fluvial  du 21 ao\u00fbt  2024  ;\nSur proposition  de Madame  Agn\u00e8s  COCHU,  responsable  du service  environnement  et littoral  de la\ndirection  d\u00e9partementale  des territoires  et de la mer  de la Somme  ;\nDirection D\u00e9partementale des Territoires et de la Mer - 80-2024-08-22-00004 - D\u00c9CISION 21/2024 Manifestation nautique SAMARAM\n2024 le 22 septembre 2024 sur le canal de la Somme de Lamotte-Brebi\u00e8re \u00e0 Amiens 18\nDECIDE\nArticle  1er: Monsieur  Philippe  VERMERSCH,  pr\u00e9sident  du Comit\u00e9  d\u00e9partemental  de la Somme  de\nCano\u00eb  Kayak,  est autoris\u00e9  \u00e0 organiser  la manifestation  nautique  \u00ab SAMARAM  2024  \u00bb le dimanche  22\nseptembre  2024  avec  une utilisation  du canal  de la Somme  entre  les \u00e9cluses  de Lamotte-Brebi\u00e8re  (P.K.\n84.318)  et d'Amiens  (P.K.  94.014).\nLa navigation  des bateaux  est interrompue  entre  les \u00e9cluses  de Lamotte-Brebi\u00e9re  (P.K. 84.318)  et\nd'Amiens  (P.K.  94.014)  le dimanche  22 septembre  2024  de 8h00  \u00e0 13h00.\nL'organisateur  doit  prendre  toutes  les mesures  de pr\u00e9caution  que commande  le devoir  g\u00e9n\u00e9ral  de\nvigilance  en vue d'\u00e9viter  de mettre  en danger  la vie des usagers  de la voie  d'eau.\nL'organisateur  doit  mettre  en place  un point  d'information  en vue d'informer  et de sensibiliser  les\nparticipants  aux enjeux  biodiversit\u00e9  sur lesquels  se d\u00e9roule  la manifestation  notamment  pour  une\nprotection  de la faune  et de la flore  pr\u00e9sentes.\nToutes  les pr\u00e9cautions  doivent  \u00eatre prises  pour  une pr\u00e9servation  des berges  de la Somme  pendant  la\ndur\u00e9e  de la manifestation  ; les d\u00e9parts  et les arriv\u00e9es  doivent  se faire  sur des structures  existantes  afin\nd'\u00e9viter  de pi\u00e9tiner/tasser  le milieu  naturel.\nLes diff\u00e9rents  d\u00e9chets  g\u00e9n\u00e9r\u00e9s  par la manifestation  doivent  \u00eatre ramass\u00e9s  \u00e0 l'issue  de la manifestation.\nArticle  2: Les usagers  de la voie  d'eau  se conforment  strictement  aux ordres  des agents  du service\ngestionnaire  de la voie  d'eau.\nArticle  3 : Les droits  des tiers  sont  et demeurent  express\u00e9ment  r\u00e9serv\u00e9s.\nArticle  4:La  pr\u00e9sente  autorisation  ne pr\u00e9juge  pas des autres  d\u00e9cisions  et/ou  autorisations\n\u00e9ventuellement  n\u00e9cessaires.  Les droits  des tiers  sont  et demeurent  express\u00e9ment  r\u00e9serv\u00e9s.\nArticle  5 : Voies  et d\u00e9lais  de recours\nLa pr\u00e9sente  d\u00e9cision  peut  faire  l'objet  d'un  recours  contentieux  devant  le tribunal  administratif\nd'Amiens  \u2014 14, rue Lemerchier  - CS 81114  - 80011  Amiens  Cedex  01, conform\u00e9ment  \u00e0 l'article  R.514-3-1\ndu code  de l'environnement,  par les tiers  dans  un d\u00e9lai  de quatre  mois  \u00e0 compter  du premier  jour  de sa\npublication  ou de son affichage  en mairie,  et par le d\u00e9clarant  dans  un d\u00e9lai  de deux  mois  \u00e0 compter  de\nsa notification.  Cette  d\u00e9cision  peut  \u00e9galement  faire  l'objet  d'un  recours  gracieux  ou hi\u00e9rarchique  dans\nun d\u00e9lai  de deux  mois.  Ce recours  administratif  prolonge  de deux  mois  les d\u00e9lais  mentionn\u00e9s  ci-dessus.\nLe tribunal  administratif  peut  \u00eatre saisi par l'application  T\u00e9l\u00e9recours  citoyen  accessible  sur le site\nwww.telerecours.fr.\nArticle  6:Le  secr\u00e9taire  g\u00e9n\u00e9ral  de la pr\u00e9fecture  de la Somme,  le directeur  d\u00e9partemental  des\nterritoires  et de la mer de la Somme,  le pr\u00e9sident  du Comit\u00e9  d\u00e9partemental  de la Somme  de Cano\u00eb\nKayak,  sont  charg\u00e9s,  chacun  en ce qui le concerne,  de l'ex\u00e9cution  de la pr\u00e9sente  d\u00e9cision  qui fera\nl'objet  d'une  publication  au recueil  des actes  administratifs.\nAmiens,  le 22 ao\u00fbt  2024\nPour  le pr\u00e9fet  et par d\u00e9l\u00e9gation,\nLa responsable  du service\nenvironnement  et littoral,\nAgn\nDirection D\u00e9partementale des Territoires et de la Mer - 80-2024-08-22-00004 - D\u00c9CISION 21/2024 Manifestation nautique SAMARAM\n2024 le 22 septembre 2024 sur le canal de la Somme de Lamotte-Brebi\u00e8re \u00e0 Amiens 19\nPr\u00e9fecture de la Somme - Cabinet\n80-2024-08-23-00005\nArr\u00eat\u00e9 plaine en f\u00eate\nPr\u00e9fecture de la Somme - Cabinet - 80-2024-08-23-00005 - Arr\u00eat\u00e9 plaine en f\u00eate 20\nE Bz | |\nPR\u00c9FET  |DE LA SOMME  CabinetBureau  des  droits  \u00e0 conduireLibert\u00e9\n\u00c9galit\u00e9\nFraternit\u00e9\nArr\u00eat\u00e9  portant  autorisation  de la manifestation  comportant  la participation  de v\u00e9hicules\nterrestres  \u00e0 moteur  d\u00e9nomm\u00e9e  \u00ab Plaine  en F\u00eate  \u00bb\nle samedi  31 ao\u00fbt 2024  et le dimanche  1\u00b0 septembre  2024\nVu le code  g\u00e9n\u00e9ral  des  collectivit\u00e9s  territoriales,  notamment  ses articles  L.2212-1  et suivants,  L.2215-1,\nL.3221-4,  L.3221-5  et L.5217-3  ;\nVu le code  p\u00e9nal  ;\nVu le code  de la route  ;\nVu le code  de la s\u00e9curit\u00e9  int\u00e9rieure  ;\nVu le code  du Sport,  notamment  les articles  L.331-5  \u00e0 L331-7,  L331-9,  D 331-5,  R331-6  \u00e0 R331-17-2,  A331-\n2aA.331-5  ;\nVu le code  de l'environnement,  notamment  ses articles  L.414-4  et R.414-19  ;\nVu la loi n\u00b082-213  du 2 mars  1982  modifi\u00e9e  relative  aux  droits  et libert\u00e9s  des  communes,  des\nd\u00e9partements  et des  r\u00e9gions,  notamment  son  article  34 ;\nVu le d\u00e9cret  2004-374  du 29 avril  2004  modifi\u00e9,  relatif  aux  pouvoirs  des  pr\u00e9fets,  \u00e0 l'organisation  et \u00e0\nl'action  des  services  de l'Etat  dans  les r\u00e9gions  et d\u00e9partements  ;\nVu le d\u00e9cret  n\u00b02007-1133  du 24 juillet  2007  relatif  aux  dispositions  r\u00e9glementaires  du code  du sport  ;\nVu le d\u00e9cret  n\u00b02010-365  du 9 avril  2010  relatif  \u00e0 l'\u00e9valuation  des  incidences  Natura  2000  ;\nVu le d\u00e9cret  n\u00b02017-1279  du 9 ao\u00fbt  2017,  portant  simplification  de la police  des  manifestations\nsportives  ;\nVu le d\u00e9cret  du 13 juillet  2023  portant  nomination  du pr\u00e9fet  de la Somme,  M. Rollon  MOUCHEL-\nBLAISOT  \u00e0 compter  du 24 juillet  2023  ;\nVu le d\u00e9cret  du 3 janvier  2024  portant  nomination  de Monsieur  Victor  JOZON,  sous-pr\u00e9fet,  directeur  de\ncabinet  du pr\u00e9fet  de la Somme  ;\nVu l'arr\u00eat\u00e9  minist\u00e9riel  du 24 novembre  2017  relatif  aux  manifestations  comportant  des  v\u00e9hicules\nterrestres  \u00e0 moteur  ;\nVu l'arr\u00eat\u00e9  pr\u00e9fectoral  du 15 janvier  2024  portant  d\u00e9l\u00e9gation  de signature  principale  \u00e0 M. Victor\nJOZON,  directeur  de cabinet  du pr\u00e9fet  de la Somme;  |\nVu la circulaire  interminist\u00e9rielle  du 6 mai 2013  relative  \u00e0 la s\u00e9curit\u00e9  des courses  et des \u00e9preuves\nsportives  sur la voie  publique  ;\n51, rue de la R\u00e9publique  - CS 42001  - 80020  Amiens  Cedex  9\nT\u00e9l : 03.22.97.80.80  \u2014 Fax  : 03.22.97.80.98\nPortail  de l'\u00c9tat  dans  la Somme  : http://www.somme.gouv.fr\n1/6\nPr\u00e9fecture de la Somme - Cabinet - 80-2024-08-23-00005 - Arr\u00eat\u00e9 plaine en f\u00eate 21\nVu l'arr\u00eat\u00e9  temporaire  n\u00b024-AT-0489  du Conseil  d\u00e9partemental  portant  r\u00e9glementation  de la\ncirculation  et du stationnement  sur les RD 135 et 930 hors  agglom\u00e9ration  sur le territoire  des\ncommunes  de Piennes-Onvillers  et Faverolles  ;\nVu le r\u00e9c\u00e9piss\u00e9  de d\u00e9claration  du dossier  de s\u00e9curit\u00e9  d'un  rassemblement  du 19 ao\u00fbt  2024  ;\nConsid\u00e9rant  la demande  du 21 juin  2023  par  laquelle  Madame  Clo\u00e9  PARCY,  pr\u00e9sidente  de l'association\nsportive  Pays  en Somme,  sise  19 bis,  rue Alexandre  Dumas  \u00e0 Amiens  (80096)  sollicite  l'autorisation\nd'organiser  une  manifestation  comportant  la participation  de v\u00e9hicule  terrestres  \u00e0 moteur  d\u00e9nomm\u00e9e\n\u00ab Plaine  en F\u00eate  \u00bb, les samedi  2 septembre  et dimanche  3 septembre  2023  ;\nConsid\u00e9rant  la police  d'assurance  souscrite  par  l'organisateur  ;\nConsid\u00e9rant  le plan  de la manifestation  ;\nConsid\u00e9rant  la saisine  du 5 juillet  2024  aupr\u00e8s  des  autorit\u00e9s  administratives  concern\u00e9es  par  ladite\n\u00e9preuve  ;\nConsid\u00e9rant  l'avis  du service  d\u00e9partemental  d'incendie  et de secours  en date  du 12 juillet  2024,\nConsid\u00e9rant  l'avis de la compagnie  de gendarmerie  d\u00e9partementale  d'Amiens  du 22 juillet  2024;\nConsid\u00e9rant  l'avis  favorable  de la commission  d\u00e9partementale  de s\u00e9curit\u00e9  routi\u00e8re  r\u00e9unie  le 1er ao\u00fbt\n2024  ;\nConsid\u00e9rant  la d\u00e9claration  d'un  grand  rassemblement  d\u00e9pos\u00e9e  le 27 juin  2024  par  l'organisateur  ;\nSur proposition  de la chef  du bureau  des droits  \u00e0 conduire  ;\nARRETE\nArticle  1\u00b0' : Dispositions  g\u00e9n\u00e9rales\nMadame  Clo\u00e9  PARCY,  secr\u00e9taire  de l'association  Pays  en Somme,  sis 19 bis, rue Alexandre  Dumas  \u00e0\nAmiens  (80096),  est autoris\u00e9e  \u00e0 organiser,  le samedi  31 ao\u00fbt  et le dimanche  1\u00b0 septembre  2024  une\nmanifestation  d\u00e9nomm\u00e9e  \u00ab Plaine  en F\u00eate  \u00bb au cours  de laquelle  se d\u00e9rouleront  le samedi  31 ao\u00fbt  et le\ndimanche  1er septembre  2024  des \u00e9preuves  comportant  la participation  de v\u00e9hicules  terrestres  \u00e0\nmoteur  (course  de moissonneuses  batteuses  et un auto-foot).\nCes  derniers  emprunteront  les circuits  identifi\u00e9s  par  l'organisateur,  sous  r\u00e9serve  que  toutes  les\ndispositions  soient  prises  pour  assurer  la s\u00e9curit\u00e9  du public  et celle  des  concurrents  et que  les\nprescriptions  mentionn\u00e9es  dans  le pr\u00e9sent  arr\u00eat\u00e9  soient  respect\u00e9es.\nCette  autorisation  est accord\u00e9e  sous  r\u00e9serve  de l'application  du r\u00e8glement  particulier  pris \u00e0 l'occasion\nde ces  \u00e9preuves  tel que  pr\u00e9vu  par  l'organisateur.\nL'organisateur  devra  veiller  au respect  de l'effectif  maximal  attendu  simultan\u00e9ment  et d\u00e9clar\u00e9  (nombre\nde participants  \u00e0 l'instant  t : 10 000  personnes  maximum).  A ce titre,  l'organisateur  s'engage  \u00e0 r\u00e9aliser\nun comptage  effectif.\n2/6\nPr\u00e9fecture de la Somme - Cabinet - 80-2024-08-23-00005 - Arr\u00eat\u00e9 plaine en f\u00eate 22\nArticle  2: S\u00e9curit\u00e9  et surveillance\nIl appartient  \u00e0 l'organisateur  d'assurer  la s\u00e9curit\u00e9  des  visiteurs  et des  participants  de cette\nmanifestation.\nCette  manifestation  comportera,  en plus  des stands  d'exposition  et des lieux  de restauration,  des\nstands  des organisations  professionnelles  agricoles,  une  messe  en plein  air, un march\u00e9  des producteurs,\nun concours  bovin,  du saut  \u00e0 l'\u00e9lastique,  une  course  de moissonneuses  batteuses  (\u00ab moiss'batt'cross  \u00bb),\nun auto-foot  (match  de football  avec  v\u00e9hicules)  et un pdle  animation  avec  un trampoline  acrobatique.\nLa surveillance  du site  sera  assur\u00e9e  par  la soci\u00e9t\u00e9  WFD  S\u00e9curity  qui assurera  notamment  le filtrage  des\nvisiteurs.\nArticle  3: R\u00e9gime  de circulation  et stationnement\nL'arriv\u00e9e  du public  vers  l'entr\u00e9e  de la manifestation  et les parkings  s'effectuera  par la RD 135 (accessible\ndans  un seul  sens).  La sortie  du site empruntera  \u00e9galement  la RD 135.  L'organisateur  devra  diffuser\nlargement  par tous  moyens  aupr\u00e8s  du public  les modalit\u00e9s  d'acc\u00e8s  \u00e0 la manifestation  et positionner  des\nsignaleurs  pour  garantir  le sens  unique  lors  des  d\u00e9parts.\nPour  faciliter  les flux  de circulation,  les accotements  de la RD135  devront  \u00eatre  libres  de tout  v\u00e9hicule  en\nstationnement.\nL'organisateur  devra s'assurer  du respect  des r\u00e8gles de circulation  et de stationnement  sur les voies\nd'acc\u00e8s  au terrain  et de |' arr\u00eat\u00e9  pris par le pr\u00e9sident  du Conseil  d\u00e9partemental.\nDes  places  de stationnement  proches  de l'entr\u00e9e  du site  r\u00e9serv\u00e9es  aux  forces  de l'ordre  devront  \u00eatre\npr\u00e9vues  par  l'organisateur.\nAfin  de faciliter  la gestion  du stationnement,  un responsable  du parking  a \u00e9t\u00e9 d\u00e9sign\u00e9  : Monsieur\n\u00c9douard  LEJEUNE  joignable  au 06 58 55 60 64.\nAfin  de canaliser  le stationnement  des v\u00e9hicules  des  spectateurs,  l'organisateur  devra  pr\u00e9voir\nl'organisation  du parking  et mat\u00e9rialiser  les all\u00e9es  dans  le sens  des entr\u00e9es  et des d\u00e9parts.  Le\nr\u00e9f\u00e9rencement  des  all\u00e9es  et les guidages  par des  b\u00e9n\u00e9voles  devront  \u00eatre  pr\u00e9vus.\nDes sillons  de s\u00e9paration  des all\u00e9es  emp\u00eachant  les franchissements  seront  mis en place  par\nl'organisateur,  notamment  pour  faciliter  le d\u00e9part  des  visiteurs.\nEn cas de mauvais  temps,  l'organisateur  devra  pr\u00e9voir  l'utilisation  d'un  engin  permettant  le\nd\u00e9gagement  de v\u00e9hicules  stationn\u00e9s  embourb\u00e9s.  L'organisateur  devra  pr\u00e9voir,  si n\u00e9cessaire,  le\nnettoyage  des  voiries  emprunt\u00e9es.\nTout  au long  de la dur\u00e9e  de la manifestation,  l'axe  rouge  devra  \u00eatre  sanctuaris\u00e9  par le positionnement\nd'un  v\u00e9hicule  en travers  de la route  avec  une  personne  joignable  \u00e0 tout  moment  et en capacit\u00e9  de\nd\u00e9placer  le v\u00e9hicule.\n3/6\nPr\u00e9fecture de la Somme - Cabinet - 80-2024-08-23-00005 - Arr\u00eat\u00e9 plaine en f\u00eate 23\nArticle  4 : Signalisation\nLa signalisation  sera  conforme  \u00e0 la r\u00e9glementation  en vigueur  \u00e0 la date  de la manifestation.\nLa fourniture,  la pose  et la maintenance  de la signalisation  de police  seront  assur\u00e9es  par  l'organisateur.\nLa signal\u00e9tique  devra  \u00eatre  install\u00e9e  au plus  t\u00f4t 48 heures  avant  le d\u00e9but  de la manifestation  et sera\nretir\u00e9e  au plus  tard  dans  les 48 h suivant  la fin de celle-ci.\nLe p\u00e9titionnaire  ou son  repr\u00e9sentant  a la charge  de la signalisation  r\u00e9glementaire  et est responsable  des\naccidents  pouvant  survenir  par  d\u00e9faut  ou insuffisance  de cette  signalisation  qui doit  \u00eatre  maintenue  de\njour  comme  de nuit.  ;\nLa signalisation  devra  faciliter  la bonne  gestion  des  flux  de circulation  routi\u00e8re  (entrants  et sortants).\nLes panneaux  devront  permettre  aux  automobilistes  de s'orienter  vers  l'acc\u00e8s  au parking  et \u00e0 leur\nd\u00e9part  vers  la sortie.\nIl est interdit  d'utiliser  les \u00e9quipements  directionnels  et de police  du d\u00e9partement  ainsi  que  les arbres\npour  fl\u00e9cher  le parcours.\nArticle  5: S\u00e9curit\u00e9  des  \u00e9preuves  motoris\u00e9es\nL'organisateur  devra  s'assurer  de l'application  des  textes  de r\u00e9f\u00e9rence  et des  r\u00e8glements  propres  \u00e0\nchaque  type  d'engins  \u00e0 moteur  engag\u00e9s  lors  des  diff\u00e9rentes  \u00e9preuves  organis\u00e9es  dans  le cadre  de la\nmanifestation.  L'organisateur  informera  avant  chaque  \u00e9preuve  l'ensemble  des  participants  sur les\nr\u00e8gles  de s\u00e9curit\u00e9  a respecter.\nL'acc\u00e8s  aux  parkings  des  engins  utilis\u00e9s  lors  des  \u00e9preuves,  sera  s\u00e9curis\u00e9  et r\u00e9serv\u00e9  uniquement  aux\nconcurrents  et aux m\u00e9caniciens.  Les zones  de danger  seront  mat\u00e9rialis\u00e9es  de fa\u00e7on  suffisamment\ndissuasive  (barri\u00e8res,  signalisation  ..) afin  d'interdire  l'acc\u00e8s  \u00e0 toute  personne  non-autoris\u00e9e.  L'acc\u00e8s  aux\npistes  des  \u00e9preuves  motoris\u00e9es  sera  interdit  au public.\nIl sera interdit  de fumer  aux abords  et \u00e0 l'int\u00e9rieur  des : zones  de ravitaillement  des manifestations\nsportives.  Cette  mention  sera  clairement  affich\u00e9e.\nAU niveau  de la zone  de ravitaillement,  il conviendra  d'am\u00e9nager  des  dispositifs  de r\u00e9tention  ou des\nmoyens  d'absorption  des  hydrocarbures.\nLes prescriptions  contenues  dans  chaque  r\u00e8glement  d'\u00e9preuves  du dossier  ainsi  que les normes\nd'utilisation  des  structures  (man\u00e8ges,  jeux  pour  enfants,  chapiteaux.)  devront  \u00eatre  rigoureusement\nrespect\u00e9es  et adapt\u00e9es  aux  conditions  m\u00e9t\u00e9orologiques.\nConcernant  les \u00e9preuves  de mois'batt'croos  et de l'auto-foot,  deux  raies  de labour  seront  d\u00e9finies  tout\nautour  des  terrains  accueillant  ces  \u00e9preuves  sportives  .\n4/6\nPr\u00e9fecture de la Somme - Cabinet - 80-2024-08-23-00005 - Arr\u00eat\u00e9 plaine en f\u00eate 24\nArticle  6: Secours\nLe dispositif  pr\u00e9visionnel  de secours  sera  assur\u00e9  par  la d\u00e9l\u00e9gation  territoriale  de la Somme  de la Croix-\nRouge  fran\u00e7aise  avec  le concours  d'un  Docteur  et des  soci\u00e9t\u00e9s  ambulanci\u00e8res  de la Croix-Rouge  Sant\u00e9\nSecours.\nLe d\u00e9gagement  permanent  au une  aire  de poser  permettant  l'atterrissage  de l'h\u00e9licopt\u00e8re  du SAMU\ndevra  \u00eatre  assur\u00e9.\nEn cas d'\u00e9vacuation  du public,  un message  pr\u00e9-enregistr\u00e9  devra  pouvoir  \u00eatre  diffus\u00e9  sur l'ensemble  de\nla manifestation  afin  de faciliter  la gestion  de la foule.\nL'organisateur  devra  veiller  \u00e0 faire  respecter  la circulation  ainsi  que  le stationnement  des  v\u00e9hicules  de\nspectateurs  afin  de faciliter  les cheminements  des  services  de secours  en toutes  circonstances,  et en\nparticulier  sur l'axe  rouge.\nTous  les dispositifs  concourant  \u00e0 la d\u00e9fense  ext\u00e9rieure  contre  l'incendie  (poteau  d'incendie,  bouche\nd'incendie,  citerne  artificielle)  pr\u00e9sents  \u00e0 proximit\u00e9  devront  rester  accessibles  afin  de permettre  leur\nutilisation  dans  les meilleurs  d\u00e9lais  par  les sapeurs-pompiers.\nDes  messages  devront  \u00eatre  diffus\u00e9s  par  la sonorisation  pour  sensibiliser  les spectateurs  aux  risques\nd'incendie  en cas  de jet  de m\u00e9gots  au sol.\nDes  extincteurs,  en nombre  suffisant,  appropri\u00e9s  aux  risques  devront  \u00eatre  r\u00e9partis  sur tout  le site  de la\nmanifestation.  Des  personnes  comp\u00e9tentes  seront  d\u00e9sign\u00e9es  pour  man\u0153uvrer  ces appareils\nrapidement  en cas  d'incident.  Ces  personnes  seront  dot\u00e9es  d' squipement  de protection  individuelle\nr\u00e9sistant  au feu.\nArticle  7 : Coordination  s\u00e9curit\u00e9\nAfin  de faciliter  l'intervention  des  secours,  Un coordonnateur  s\u00e9curit\u00e9  a \u00e9t\u00e9  identifi\u00e9:  Monsieur\nBenjamin  BIZET  joignable  au 06 48 14 73 22.\nIl a pour  mission  :\n- d'\u00eatre  l'interlocuteur  unique  des  services  de secours  et de s\u00e9curit\u00e9,\n- de veiller  au respect  des  dispositions  de s\u00e9curit\u00e9,\n- de veiller  \u00e0 la transmission  de l'alerte  aux  secours  publics  en cas d'accident  ou de sinistre,\n- d'accueillir  et guider  les secours\n- de rendre  compte  de la situation  et des actions  men\u00e9es  aux responsables  des secours  publics.\nCette  personne  devra  \u00eatre  disponible  en permanence  durant  toute  la dur\u00e9e  de la manifestation.  Cet\ninterlocuteur  pourra  \u00eatre  utilement  dot\u00e9  d'un  signe  distinctif  (chasuble,  brassard,  ...).\nUne  liaison  radio-t\u00e9l\u00e9phonique  sera  mise  en place  sur toute  la dur\u00e9e  de la manifestation  de fa\u00e7on  \u00e0\npr\u00e9venir  dans  les meilleurs  d\u00e9lais  le coordonnateur  s\u00e9curit\u00e9  de tout  incident  ou accident.  Cette\ncouverture  pourra  \u00eatre  r\u00e9alis\u00e9e  par  tout  autre  syst\u00e8me  offrant  les m\u00eames  garanties.\n5/6\nPr\u00e9fecture de la Somme - Cabinet - 80-2024-08-23-00005 - Arr\u00eat\u00e9 plaine en f\u00eate 25\nUn annuaire  de crise  comportant  les principaux  organisateurs  et le r\u00e9f\u00e9rent  s\u00e9curit\u00e9,  interlocuteurs\nprivil\u00e9gi\u00e9s  des services  de secours  (identit\u00e9  et num\u00e9ro  de t\u00e9l\u00e9phone),  devra  \u00eatre  transmis  \u00e0 la\ngendarmerie,  aux  sapeurs-pompiers  et \u00e0 la pr\u00e9fecture  (service  interminist\u00e9riel  de d\u00e9fense  et de\nprotection  civiles).\nArticle  8 : Responsabilit\u00e9s  de l'organisateur\nTout  accident  survenu  lors  du d\u00e9roulement  de cette  manifestation  sera  port\u00e9  \u00e0 la connaissance  de la\npr\u00e9fecture.\nL'organisateur  sera  responsable  des  dommages,  d\u00e9gradations,  modifications  de toutes  sortes  de la voie\npublique  ou de ses d\u00e9pendances,  imputables  aux  concurrents,  aux  organisateurs  ou \u00e0 leurs  pr\u00e9pos\u00e9s.  Il\ndevra  en assurer  la remise  en \u00e9tat.\nArticle  9 : Monsieur  le sous-pr\u00e9fet,  directeur  de cabinet  du pr\u00e9fet  de la Somme,  monsieur  le pr\u00e9sident\ndu Conseil  d\u00e9partemental  de la Somme,  monsieur  le maire  de Faverolles,  monsieur  le Colonel,\ncommandant  le groupement  de gendarmerie  de la Somme,  monsieur  le Colonel,  directeur\nd\u00e9partemental  des  services  d'incendie  et de secours  de la Somme,  monsieur  le directeur  acad\u00e9mique\ndes  services  de l'\u00e9ducation  nationale  de la Somme,  sont  charg\u00e9s,  chacun  en ce qui le concerne,  de\nl'ex\u00e9cution  du pr\u00e9sent  arr\u00eat\u00e9  qui sera  notifi\u00e9  au p\u00e9titionnaire  et dont  une  copie  leur  sera  remise.\nLe pr\u00e9sent  arr\u00eat\u00e9  sera  affich\u00e9  en mairie  de la commune  de Faverolles.\nAmiens,  le 2 3 AO\u00dbT 2024\nPour  le pr\u00e9fet  et par d\u00e9l\u00e9gation,\nLe directeur  de cabinet  adjoint,\nDamien MAELSTAF  _ a\nai\nVOIES  ET D\u00c9LAIS  DE RECOURS\n| Si vous  entendez  contester  le pr\u00e9sent  arr\u00eat\u00e9,  vous  pouvez  utiliser  les voies  de recours  suivantes  :\n- Un recours  gracieux  motiv\u00e9  peut  \u00eatre  adress\u00e9  \u00e0 mes  services  ;\n- Un recours  hi\u00e9rarchique  peut  \u00eatre  introduit  aupr\u00e8s  de Monsieur  le ministre  de l'int\u00e9rieur,  Direction  des  libert\u00e9s  publiques  et\n' des  affaires  juridiques,  Cabinet,  Bureau  des  polices  administratives  (adresse  postale  : Place  Beauvau  \u2014 75800  PARIS  CEDEX  08)\nEn l'absence  de r\u00e9ponse  de l'administration  dans  un d\u00e9lai  de deux  mois  \u00e0 compter  de la date  de r\u00e9ception  de votre  recours,\ncelui-ci  doit  \u00eatre  consid\u00e9r\u00e9  comme  implicitement  rejet\u00e9.\n- Un recours  contentieux  peut  \u00eatre  form\u00e9  devant  le tribunal  administratif  d'AMIENS  (adresse  postale  : 14, rue Lemerchier  - 80\n000  Amiens).  Le tribunal  administratif  peut  \u00eatre  saisi  par  l'application  T\u00e9l\u00e9recours  citoyen  accessible  sur le site\nwww.telerecours.fr.  Ce recours  juridictionnel  doit  \u00eatre  d\u00e9pos\u00e9  au plus  tard  avant  l'expiration  d'une  dur\u00e9e  de deux  mois\nsuivant  la date  de notification  de la d\u00e9cision  contest\u00e9e  ou la date  du rejet  de votre  recours  gracieux  ou\nhi\u00e9rarchique.\n6/6\nPr\u00e9fecture de la Somme - Cabinet - 80-2024-08-23-00005 - Arr\u00eat\u00e9 plaine en f\u00eate 26\nPr\u00e9fecture du Nord\n80-2024-08-29-00002\n20240901_arr\u00eat\u00e9 pr\u00e9fectoral portant d\u00e9l\u00e9gation\nde signature au g\u00e9n\u00e9ral de corps d'arm\u00e9e\nFran\u00e7ois AGOSTINI commandant la r\u00e9gion de\ngendarmerie Hauts-de-France et la gendarmerie\npour la zone de d\u00e9fense et de s\u00e9curit\u00e9 Nord\nPr\u00e9fecture du Nord - 80-2024-08-29-00002 - 20240901_arr\u00eat\u00e9 pr\u00e9fectoral portant d\u00e9l\u00e9gation de signature au g\u00e9n\u00e9ral de corps d'arm\u00e9e\nFran\u00e7ois AGOSTINI commandant la r\u00e9gion de gendarmerie Hauts-de-France et la gendarmerie pour la zone de d\u00e9fense et de s\u00e9curit\u00e9\nNord27\nLE i Pr\u00e9fet  de la zone  de d\u00e9fense\nPREFET  et de s\u00e9curit\u00e9  Nord\nDU  NORD\nLibert\u00e9\nEgalit\u00e9\nFraternit\u00e9\nSecr\u00e9tariat  g\u00e9n\u00e9ral\nde la pr\u00e9fecture  du Nord\nDirection  de la coordination\ndes  politiques  interminist\u00e9rielles\nService  juridique\nArr\u00eat\u00e9  pr\u00e9fectoral  portant  d\u00e9l\u00e9gation  de signature\nau g\u00e9n\u00e9ral  de corps  d'arm\u00e9e  Francois  AGOSTINI,\ncommandant  la r\u00e9gion  de gendarmerie  Hauts-de-France\net la gendarmerie  pour  la zone  de d\u00e9fense  et de s\u00e9curit\u00e9  Nord\nLe pr\u00e9fet  de la zone  de d\u00e9fense  et de s\u00e9curit\u00e9  Nord,  .\npr\u00e9fet  de la r\u00e9gion  Hauts-de-France,\npr\u00e9fet  du Nord,\nchevalier  de la L\u00e9gion  d'honneur,\nchevalier  de l'ordre  national  du M\u00e9rite\nVu le code  de la d\u00e9fense,  notamment  l'article  R. 122-32  \u00e0 R. 122-35  ;\nVu le d\u00e9cret  n\u00b0 2004-374  du 29 avril  2004  modifi\u00e9  relatif  aux  pouvoirs  des  pr\u00e9fets,  \u00e0 l'organisation  et \u00e0\nl'action  des  services  de l'\u00c9tat  dans  les r\u00e9gions  et d\u00e9partements  ;\nVu le d\u00e9cret  n\u00b0 2010-224  du 4 mars  2010  relatif  aux  pouvoirs.  des  pr\u00e9fets  de zone  de d\u00e9fense  et de\ns\u00e9curit\u00e9  ;\nVu le d\u00e9cret  n\u00b0 2012-1246  modifi\u00e9  du 7 novembre  2012  relatif  \u00e0 la gestion  budg\u00e9taire  et comptable\npublique  ;\nVu le d\u00e9cret  n\u00b0 2014-296  modifi\u00e9  du 6 mars  2014  relatif  aux  secr\u00e9tariats  g\u00e9n\u00e9raux  pour  l'administration\ndu minist\u00e8re  de l'int\u00e9rieur  et modifiant  diverses  dispositions  du code  de la d\u00e9fense  et du code  de la\ns\u00e9curit\u00e9  int\u00e9rieure  :\nVu le d\u00e9cret  n\u00b0 2015-1625  du 10 d\u00e9cembre  2015  modifi\u00e9  relatif  \u00e0 la composition  des  zones  de d\u00e9fense  et\nde s\u00e9curit\u00e9,  des  r\u00e9gions  de gendarmerie  et des  groupements  de gendarmerie  d\u00e9partementale  ;\nVu le d\u00e9cret  n\u00b0 2016-1265  du 28 septembre  2016  portant  fixation  du nom  et du chef-lieu  de la r\u00e9gion\nHauts-de-France  ;\nVu le d\u00e9cret  du 15 f\u00e9vrier  2022  nommant  monsieur  Louis-Xavier  THIRODE,  pr\u00e9fet  d\u00e9l\u00e9gu\u00e9  pour  la\nd\u00e9fense  et la s\u00e9curit\u00e9  aupr\u00e8s  du pr\u00e9fet  de la r\u00e9gion  Hauts-de-France,  pr\u00e9fet  de la zone  de d\u00e9fense  et de\ns\u00e9curit\u00e9  Nord,  pr\u00e9fet  du Nord  ;\nVu le d\u00e9cret  du 16 mai  2022  nommant  madame  Fabienne  DECOTTIGNIES,  secr\u00e9taire  g\u00e9n\u00e9rale  de la\npr\u00e9fecture  du Nord;\nVu le d\u00e9cret  du 16 janvier  2023  nommant  monsieur  Christophe  BORGUS,  sous-pr\u00e9fet,  directeur  de\ncabinet  du pr\u00e9fet  de la r\u00e9gion  Hauts-de-France,  pr\u00e9fet  de la zone  de d\u00e9fense  et de s\u00e9curit\u00e9  Nord,  pr\u00e9fet\ndu Nord  ;\nPr\u00e9fecture du Nord - 80-2024-08-29-00002 - 20240901_arr\u00eat\u00e9 pr\u00e9fectoral portant d\u00e9l\u00e9gation de signature au g\u00e9n\u00e9ral de corps d'arm\u00e9e\nFran\u00e7ois AGOSTINI commandant la r\u00e9gion de gendarmerie Hauts-de-France et la gendarmerie pour la zone de d\u00e9fense et de s\u00e9curit\u00e9\nNord28\nVu le d\u00e9cret  du 23 janvier  2023  nommant  le g\u00e9n\u00e9ral  de division  Ronan  DE LORGERIL,  commandant  en\nsecond  de la r\u00e9gion  de gendarmerie  des  Hauts-de-France,  commandant  en second  de la gendarmerie\npour  la zone  de d\u00e9fense  et de s\u00e9curit\u00e9  Nord  ;\nVu le d\u00e9cret  du 17 janvier  2024  nommant  monsieur  Bertrand  GAUME,  pr\u00e9fet  de la r\u00e9gion  Hauts-de-\nFrance,  pr\u00e9fet  de la zone  de d\u00e9fense  et de s\u00e9curit\u00e9  Nord,  pr\u00e9fet  du Nord;\nVu le d\u00e9cret  du 26 juin  2024  nommant  monsieur  Fran\u00e7ois  AGOSTINI,  g\u00e9n\u00e9ral  de corps  d'arm\u00e9e,\ncommandant  de la r\u00e9gion  de gendarmerie  Hauts-de-France,  commandant  la gendarmerie  pour  la zone\nde d\u00e9fense  et de s\u00e9curit\u00e9  Nord  :\nVu l'arr\u00eat\u00e9  du 21 d\u00e9cembre  2015  modifi\u00e9  relatif  \u00e0 l'organisation  et aux  attributions  des  \u00e9chelons  de\ncommandement  de la gendarmerie  nationale  en m\u00e9tropole  ;\nVu l'arr\u00eat\u00e9  du 6 mars  2014  portant  organisation  des  secr\u00e9tariats  g\u00e9n\u00e9raux  pour  l'administration  du\nminist\u00e8re  de l'int\u00e9rieur  ;\nVu l'arr\u00eat\u00e9  du 25 juillet  2014  portant  organisation  du secr\u00e9tariat  g\u00e9n\u00e9ral  pour  l'administration  du\nminist\u00e8re  de l'int\u00e9rieur  pour  la zone  de d\u00e9fense  et de s\u00e9curit\u00e9  Nord  :\nVu la d\u00e9cision  INTJ14059385S  du directeur  g\u00e9n\u00e9ral  de la gendarmerie  nationale  portant  d\u00e9signation  des\nresponsables  du budget  op\u00e9rationnel  de programme  et d'unit\u00e9  op\u00e9rationnelle  pour  le programme\n152  \u00ab gendarmerie  nationale  \u00bb du 9 mai  2014;\nVu la charte  de gestion  du programme  152  \u00ab gendarmerie  nationale  \u00bb du 30 juillet  2014  ;\nSur  proposition  du pr\u00e9fet  d\u00e9l\u00e9gu\u00e9  pour  la d\u00e9fense  et la s\u00e9curit\u00e9  et de la secr\u00e9taire  g\u00e9n\u00e9rale  de la\npr\u00e9fecture  du Nord  ;\nARR\u00caTE\nArticle  1 - D\u00e9l\u00e9gation  de signature  est donn\u00e9e  au g\u00e9n\u00e9ral  de corps  d'arm\u00e9e  Francois  AGOSTINI,\ncommandant  la r\u00e9gion  de gendarmerie  Hauts-de-France  et la gendarmerie  pour  la zone  de d\u00e9fense  et\nde s\u00e9curit\u00e9  Nord,  pour  assurer  les missions  de responsable  de budget  op\u00e9rationnel  de programme\n(RBOP)  du programme  152  \u00ab gendarmerie  nationale  \u00bb, selon  les modalit\u00e9s  d\u00e9finies  aux  articles  suivants.\nArticle  2 - La d\u00e9l\u00e9gation  de RBOP  s'exerce  dans  le cadre  des  \u00e9l\u00e9ments  de cadrage  op\u00e9rationnel  et\nfinancier  fournis  par  le responsable  de programme  au pr\u00e9fet  de zone  de d\u00e9fense  et s\u00e9curit\u00e9,  en qualit\u00e9\nde RBOP.\nElle  porte  en fonction  du p\u00e9rim\u00e8tre  des  BOP  d\u00e9fini  par  le RPROG,  sur les dotations  du budget\nop\u00e9rationnel  de programme  relatives  au fonctionnement  courant  des  unit\u00e9s  et formations  implant\u00e9es\nsur la zone  de d\u00e9fense,  aux  cr\u00e9dits  loyers  de ces  m\u00eames  unit\u00e9s  et aux  cr\u00e9dits  d\u00e9concentr\u00e9s\nd'investissement.\nArticle  3 - En mati\u00e8re  de dialogue  de gestion,  le g\u00e9n\u00e9ral  de corps  d'arm\u00e9e,  commandant  la r\u00e9gion  de\ngendarmerie  Hauts-de-France  et la gendarmerie  pour  la zone  de d\u00e9fense  et de s\u00e9curit\u00e9  Nord,  conduit  le\ndialogue  de gestion  avec  les responsables  d'unit\u00e9s  op\u00e9rationnelles  (RUO).  Il \u00e9tablit  et propose  au RBOP\nles \u00e9l\u00e9ments  n\u00e9cessaires  au dialogue  de gestion  avec  le RPROG.\nDans  ce cadre,  en concertation  avec  les RUO,  il propose  au RBOP  les objectifs  du BOP et les\nvaleurs-cibles  de chaque  indicateur  et consolide  les r\u00e9sultats  de performance  des  UO qui alimentent  le\nvolet  performance  du BOP.\nArticle  4 - Le g\u00e9n\u00e9ral  de corps  d'arm\u00e9e  Francois  AGOSTINI,  commandant  la r\u00e9gion  de gendarmerie\nHauts-de-France  et la gendarmerie  pour  la zone  de d\u00e9fense  et de s\u00e9curit\u00e9  Nord,  exprime  ses besoins  et\nses priorit\u00e9s  lors  de la construction  budg\u00e9taire  ; celle-ci  est valid\u00e9e  par  le pr\u00e9fet  de la zone  de d\u00e9fense\net de s\u00e9curit\u00e9  Nord  apr\u00e9s  avis  de la conf\u00e9rence  de s\u00e9curit\u00e9  int\u00e9rieure,  pour  transmission  au RPROG.\nPr\u00e9fecture du Nord - 80-2024-08-29-00002 - 20240901_arr\u00eat\u00e9 pr\u00e9fectoral portant d\u00e9l\u00e9gation de signature au g\u00e9n\u00e9ral de corps d'arm\u00e9e\nFran\u00e7ois AGOSTINI commandant la r\u00e9gion de gendarmerie Hauts-de-France et la gendarmerie pour la zone de d\u00e9fense et de s\u00e9curit\u00e9\nNord29\nSur la base  de cette  programmation,  il r\u00e9partit  les dotations  budg\u00e9taires  entre  les UO qui composent  le\nBOP.  Il pr\u00e9sente  au RBOP  les mouvements  internes  de cr\u00e9dits  qu'il  estime  n\u00e9cessaires  en cours  de\ngestion,  et le cas  \u00e9ch\u00e9ant,  les mesures  de fongibilit\u00e9  propos\u00e9es  par  les RUO.\nArticle  5- Le g\u00e9n\u00e9ral  de corps  d'arm\u00e9e  Fran\u00e7ois  AGOSTINI,  commandant  la r\u00e9gion  de gendarmerie\n_ Hauts-de-France  et la gendarmerie  pour  la zone  de d\u00e9fense  et de s\u00e9curit\u00e9  Nord,  assure  le pilotage  des\ncr\u00e9dits  du BOP.  Pour  assurer  le suivi  de l'ex\u00e9cution  du budget,  il dispose  des  services  financiers  du\nSGAMI  Nord.\nIl r\u00e9alise  les analyses  budg\u00e9taires  et financi\u00e8res  n\u00e9cessaires  aux  phases  de dialogue  de gestion,  de\nprogrammation  et de r\u00e9partition  des  cr\u00e9dits  budg\u00e9taires.  Il pr\u00e9pare  les comptes-rendus  de l'ex\u00e9cution\ndu BOP  qui seront  pr\u00e9sent\u00e9s  au RPROG  par  le RBOP  et propose,  le cas  \u00e9ch\u00e9ant,  les mesures  d'\u00e9conomies\nstructurelles  au sein  du BOP.\nArticle  6 - Le g\u00e9n\u00e9ral  de corps  d'arm\u00e9e  Fran\u00e7ois  AGOSTINI,  commandant  la r\u00e9gion  de gendarmerie\nHauts-de-France  et la gendarmerie  pour  la zone  de d\u00e9fense  et de s\u00e9curit\u00e9  Nord,  rend  compte  au RBOP\nde l'ex\u00e9cution  de la d\u00e9l\u00e9gation  de signature  accord\u00e9e  \u00e0 l'article  1, \u00e0 chacune  des  \u00e9tapes  d'examen  du\nBOP  par  les autorit\u00e9s  du contr\u00f4le  budg\u00e9taire.  Le RBOP  est \u00e0 ce titre  repr\u00e9sent\u00e9  par  le secr\u00e9taire  g\u00e9n\u00e9ral\npour  l'administration  du minist\u00e8re  de l'int\u00e9rieur  (SGAMI)  ou son  adjoint.\nArticle  7_- En cas d'absence  ou d'emp\u00e9chement  du d\u00e9l\u00e9gataire  d\u00e9sign\u00e9  \u00e0 l'article  1\u00b0, cette  d\u00e9l\u00e9gation\nest donn\u00e9e  au g\u00e9n\u00e9ral  de division  Ronan  DE LORGERIL,  commandant  en second  de la r\u00e9gion  de\ngendarmerie  Hauts-de-France  et de la gendarmerie  pour  la zone  de d\u00e9fense  et de s\u00e9curit\u00e9  Nord.\nArticle  8 - Il est donn\u00e9  d\u00e9l\u00e9gation  au g\u00e9n\u00e9ral  de corps  d'arm\u00e9e  Fran\u00e7ois  AGOSTINI,  commandant  la\nr\u00e9gion  de gendarmerie  Hauts-de-France  et la gendarmerie  pour  la zone  de d\u00e9fense  et de s\u00e9curit\u00e9  Nord,\npour  signer,  au nom  du pr\u00e9fet  de la r\u00e9gion  Hauts-de-France,  pr\u00e9fet  de la zone  de d\u00e9fense  et de s\u00e9curit\u00e9\nNord,  pr\u00e9fet  du Nord  et dans  la limite  de ses attributions,  tous  actes  concernant  l'ordonnancement  des\nrecettes  et des  d\u00e9penses  imput\u00e9es  sur le budget  du minist\u00e8re  de l'int\u00e9rieur  - programme  n\u00b0152,\n\u00ab gendarmerie  nationale  \u00bb pour  ce qui  rel\u00e8ve  des  pr\u00e9rogatives  de commandement  zonal.\nArticle  9 - Le g\u00e9n\u00e9ral  de corps  d'arm\u00e9e  Fran\u00e7ois  AGOSTINI,  commandant  la r\u00e9gion  de gendarmerie\nHauts-de-France  et la gendarmerie  pour  la zone  de d\u00e9fense  et de s\u00e9curit\u00e9  Nord,  est autoris\u00e9  \u00e0 donner\nd\u00e9l\u00e9gation,  par  arr\u00eat\u00e9  pris  au nom  du pr\u00e9fet,  aux  agents  plac\u00e9s  sous  son  autorit\u00e9  pour  signer  les actes\nrelatifs  aux  affaires  pour  lesquelles  il a lui-m\u00eame  re\u00e7u  d\u00e9l\u00e9gation  \u00e0 l'article  8.\nCette  subd\u00e9l\u00e9gation  de signature  fera  l'objet  d'une  publication  au recueil  des  actes  administratifs  de la\npr\u00e9fecture  du Nord.  _\nArticle  10 - Le d\u00e9l\u00e9gataire  rendra  compte  au d\u00e9l\u00e9gant  des  conditions  de mise  en \u0153uvre  de cette\nd\u00e9l\u00e9gation.\nArticle  11 - Cet  arr\u00eat\u00e9  pr\u00e9fectoral  entre  en vigueur  le 1\u00b0 septembre  2024.ATUCIE  th P 8 p\nArticle  12 - L'arr\u00eat\u00e9  pr\u00e9fectoral  du 9 f\u00e9vrier  2024  portant  d\u00e9l\u00e9gation  de signature  au g\u00e9n\u00e9ral  de corps\nd'arm\u00e9e  Olivier  COURTET,  commandant  la r\u00e9gion  de gendarmerie  Hauts-de-France  et la gendarmerie\npour  la zone  de d\u00e9fense  et de s\u00e9curit\u00e9  Nord,  est abrog\u00e9  \u00e0 compter  du 1\u00b0 septembre  2024.\nArticle  13 - Le pr\u00e9fet  d\u00e9l\u00e9gu\u00e9  pour  la d\u00e9fense  et la s\u00e9curit\u00e9  de la zone  de d\u00e9fense  et de s\u00e9curit\u00e9  Nord,\nsecr\u00e9taire  g\u00e9n\u00e9ral  pour  l'administration  du minist\u00e8re  de l'int\u00e9rieur  de la zone  de d\u00e9fense  et de s\u00e9curit\u00e9\nNord,  et le g\u00e9n\u00e9ral  commandant  la gendarmerie  pour  la zone  de d\u00e9fense  et de s\u00e9curit\u00e9  Nord  : sont\ncharg\u00e9s,  chacun  pour  ce qui  le concerne,  de l'ex\u00e9cution  du pr\u00e9sent  arr\u00eat\u00e9.\nIl sera  publi\u00e9  aux  recueils  des  actes  administratifs  des  d\u00e9partements  de la zone  de d\u00e9fense  et de.\nPr\u00e9fecture du Nord - 80-2024-08-29-00002 - 20240901_arr\u00eat\u00e9 pr\u00e9fectoral portant d\u00e9l\u00e9gation de signature au g\u00e9n\u00e9ral de corps d'arm\u00e9e\nFran\u00e7ois AGOSTINI commandant la r\u00e9gion de gendarmerie Hauts-de-France et la gendarmerie pour la zone de d\u00e9fense et de s\u00e9curit\u00e9\nNord30\ns\u00e9curit\u00e9  Nord  et communiqu\u00e9  au directeur  g\u00e9n\u00e9ral  de la gendarmerie  nationale,  responsable  du\nprogramme  152  \u00ab gendarmerie  nationale  \u00bb.\nFait \u00e0 Lille, le 29 aout 2024\nBertfand  GAUME\nPr\u00e9fecture du Nord - 80-2024-08-29-00002 - 20240901_arr\u00eat\u00e9 pr\u00e9fectoral portant d\u00e9l\u00e9gation de signature au g\u00e9n\u00e9ral de corps d'arm\u00e9e\nFran\u00e7ois AGOSTINI commandant la r\u00e9gion de gendarmerie Hauts-de-France et la gendarmerie pour la zone de d\u00e9fense et de s\u00e9curit\u00e9\nNord31","date":"2024-08-30","first_seen_on":"2024-08-30T16:51:13+00:00","id":"20cc8664514e57e0560d8141dabdc0f1fc6611c8e0c72700c0fa38e19a99eca5","name":"RAA n\u00b0169 sp\u00e9cial (nominatifs) du 30 ao\u00fbt 2024","pdf_creation_date":"2024-08-30T15:02:10+00:00","pdf_modification_date":null,"timezone":"Europe/Paris","url":"https://www.somme.gouv.fr/contenu/telechargement/49264/328267/file/recueil-2024-169-recueil-des-actes-administratifs-nominatifs.pdf"}
