{"administration":"prefidf","administration_name":"Pr\u00e9fecture de la r\u00e9gion \u00cele-de-France","content":"PREFECTURE\nREGION ILE DE\nFRANCE\nRECUEIL DES ACTES\nADMINISTRATIFS SP\u00c9CIAL\nN\u00b0IDF-043-2025-05\nPUBLI\u00c9 LE 23 MAI 2025\nSommaire\nRectorat de l'acad\u00e9mie de Versailles /\nIDF-2025-05-23-00006 - ARR\u00caT\u00c9\nportant d\u00e9l\u00e9gation de signature\n\u00e0 Madame Pascale COQ, directrice acad\u00e9mique\ndes services de\nl'\u00e9ducation nationale de l'Essonne en charge du\nservice\nacad\u00e9mique mutualis\u00e9 de la gestion des bourses du second\ndegr\u00e9 (2 pages) Page 3\nIDF-2025-05-23-00005 - Arr\u00eat\u00e9 du Recteur de l'acad\u00e9mie de\nVersailles portant subd\u00e9l\u00e9gation de signature \u00e0 caract\u00e8re\nadministratif (4 pages) Page 6\nIDF-2025-05-23-00009 - Arr\u00eat\u00e9 portant subd\u00e9l\u00e9gation administrative\nde signature du recteur \u00e0 Monsieur Olivier WAMBECKE, directeur\nacad\u00e9mique des services de l'\u00e9ducation\nnationale du Val\nd'Oise (3 pages) Page 11\nIDF-2025-05-23-00007 - portant d\u00e9l\u00e9gation de signature administrative\ndu recteur \u00e0 Madame Pascale COQ, directrice acad\u00e9mique des services\nde l'\u00e9ducation\nnationale de l'Essonne (3 pages) Page 15\nIDF-2025-05-23-00008 - portant subd\u00e9l\u00e9gation de signature financi\u00e8re\ndu recteur \u00e0 Madame Pascale COQ, directrice acad\u00e9mique des services\nde l'\u00e9ducation\nnationale de l'Essonne (4 pages) Page 19\n2\nRectorat de l'acad\u00e9mie de Versailles\nIDF-2025-05-23-00006\nARR\u00caT\u00c9\nportant d\u00e9l\u00e9gation de signature \u00e0 Madame\nPascale COQ, directrice acad\u00e9mique\ndes services de l'\u00e9ducation nationale de\nl'Essonne en charge du service\nacad\u00e9mique mutualis\u00e9 de la gestion des bourses\ndu second degr\u00e9\nRectorat de l'acad\u00e9mie de Versailles - IDF-2025-05-23-00006 - ARR\u00caT\u00c9\nportant d\u00e9l\u00e9gation de signature \u00e0 Madame Pascale COQ, directrice acad\u00e9mique\ndes services de l'\u00e9ducation nationale de l'Essonne en charge du service\nacad\u00e9mique mutualis\u00e9 de la gestion des bourses du second degr\u00e9\n3\nACADEMIEDE VERSAILLESLibert\u00e9Egalit\u00e9Fraternit\u00e9\n \n \n \n \nARR\u00caT\u00c9 \n \n \nportant d\u00e9l\u00e9gation de signature \u00e0 Madame Pascale COQ, directrice acad\u00e9mique \ndes services de l'\u00e9ducation nationale de l'Essonne en charge du service \nacad\u00e9mique mutualis\u00e9 de la gestion des bourses \ndu second degr\u00e9 \n \n \nLe Recteur de l'acad\u00e9mie de Versailles, \n \n \n \nVU le Code de l'\u00c9ducation, notamment, notamment son article D.222-20 et ses articles R 531-1 et \nsuivants ; \n \nVU le d\u00e9cret 2012-16 du 5 janvier 2012 relatif \u00e0 l'organisation acad\u00e9mique ; \n \nVU l'arr\u00eat\u00e9 rectoral du 25 juin 2009 portant cr\u00e9ation du service acad\u00e9mique mutualis\u00e9 des bourses ; \n \nVU  le d\u00e9cret du 13 juillet 2023 portant nomination de Monsieur \u00c9tienne CHAMPION en qualit\u00e9 de \nRecteur de l'acad\u00e9mie de Versailles ; \n \nVU l'arr\u00eat\u00e9 n\u00b0IDF-2023-07-19-00002 du 19 juillet 2023 portant d\u00e9l\u00e9gation de signature du Pr\u00e9fet de \nla R\u00e9gion d'\u00cele-de-France \u00e0 Monsieur \u00c9tienne CHAMPION, Recteur de l'acad\u00e9mie de Versailles, \nen mati\u00e8re d'ordonnancement secondaire ; \n \nVU  le d\u00e9cret du Pr\u00e9sident de la R\u00e9publique en date du 28 ao\u00fbt 2023 portant nomination de Madame \nPascale COQ en qualit\u00e9 de Directrice acad\u00e9mique des services de l'\u00e9ducation nationale de \nl'Essonne ; \n \nVU  l'arr\u00eat\u00e9 du 05 mars 2025 du Recteur de l'acad\u00e9mie de Versailles attribuant \u00e0 Monsieur Bertrand \nLE BAIL, secr\u00e9taire g\u00e9n\u00e9ral adjoint, l'int\u00e9rim des fonctions de secr\u00e9taire g\u00e9n\u00e9ral de la Direction \nacad\u00e9mique des services de l'\u00e9ducation nationale de l'Essonne ; \n \n \nARRETE \n \n \nARTICLE 1 \nLe service acad\u00e9mique des bourses est plac\u00e9 sous l'autorit\u00e9 de Madame Pascale COQ, directrice \nacad\u00e9mique des services de l'\u00e9ducation nationale de l'Essonne, qui re\u00e7oit d\u00e9l\u00e9gation de signature \u00e0 \neffet de signer les d\u00e9cisions d'attribution, de refus et d'irrecevabilit\u00e9 de bourses ainsi que l'ensemble \ndes actes \u00e0 caract\u00e8re administratif et financier de cette gestion. \n \n  \nRectorat de l'acad\u00e9mie de Versailles - IDF-2025-05-23-00006 - ARR\u00caT\u00c9\nportant d\u00e9l\u00e9gation de signature \u00e0 Madame Pascale COQ, directrice acad\u00e9mique\ndes services de l'\u00e9ducation nationale de l'Essonne en charge du service\nacad\u00e9mique mutualis\u00e9 de la gestion des bourses du second degr\u00e9\n4\nACADEMIEDE VERSAILLESLibert\u00e9Egalit\u00e9Fraternit\u00e9\n \n \n \n \nARTICLE 2 \nEn cas d'absence ou d'emp\u00eachement de Madame Pascale COQ, d\u00e9l\u00e9gation de signature est donn\u00e9e \u00e0 \nMadame Rachel MEYNENT, directrice acad\u00e9mique adjointe, V\u00e9ronique GAST\u00c9, directrice \nacad\u00e9mique adjointe, Gr\u00e9gory MACIAZEK, directeur acad\u00e9mique adjoint et \u00e0 Monsieur Bertrand  \nLE BAIL, secr\u00e9taire g\u00e9n\u00e9ral par int\u00e9rim, sur le m\u00eame champ de comp\u00e9tences. \n \n \n \nARTICLE 3 \nEn cas d'absence ou d'emp\u00eachement de Madame Rachel MEYNENT, directrice acad\u00e9mique adjointe, \nV\u00e9ronique GAST\u00c9, directrice acad\u00e9mique adjointe, Gr\u00e9gory MACIAZEK, directeur acad\u00e9mique adjoint \net de Monsieur Bertrand LE BAIL, secr\u00e9taire g\u00e9n\u00e9ral par int\u00e9rim, d\u00e9l\u00e9gation de signature est donn\u00e9e \u00e0 \nMadame Emmanuelle SOUSTRE, cheffe du service acad\u00e9mique des bourses, sur le m\u00eame champ de \ncomp\u00e9tence. \n \n \nARTICLE 4 \nL'arr\u00eat\u00e9 rectoral portant d\u00e9l\u00e9gation de signature n\u00b0IDF-2025-03-14-00009 du 14 mars 2025 est abrog\u00e9. \n \n \nARTICLE 5 \nLa directrice acad\u00e9mique des services de l'\u00e9ducation nationale de l'Essonne est charg\u00e9e de l'ex\u00e9cution \nde cet arr\u00eat\u00e9 qui sera publi\u00e9 au recueil des actes administratifs de la pr\u00e9fecture de la r\u00e9gion Ile de \nFrance. \n \n \nFait \u00e0 Versailles, le 23 mai 2025. \n \n \nLe Recteur \n \nSign\u00e9 \n \n\u00c9tienne CHAMPION \n \nRectorat de l'acad\u00e9mie de Versailles - IDF-2025-05-23-00006 - ARR\u00caT\u00c9\nportant d\u00e9l\u00e9gation de signature \u00e0 Madame Pascale COQ, directrice acad\u00e9mique\ndes services de l'\u00e9ducation nationale de l'Essonne en charge du service\nacad\u00e9mique mutualis\u00e9 de la gestion des bourses du second degr\u00e9\n5\nRectorat de l'acad\u00e9mie de Versailles\nIDF-2025-05-23-00005\nArr\u00eat\u00e9 du Recteur de l'acad\u00e9mie de Versailles\nportant subd\u00e9l\u00e9gation de signature \u00e0 caract\u00e8re\nadministratif\nRectorat de l'acad\u00e9mie de Versailles - IDF-2025-05-23-00005 - Arr\u00eat\u00e9 du Recteur de l'acad\u00e9mie de Versailles portant subd\u00e9l\u00e9gation de\nsignature \u00e0 caract\u00e8re administratif 6\nEnACADEMIEDE VERSAILLESLibert\u00e9Egalit\u00e9Fraternit\u00e9\n \n \n \n \nArr\u00eat\u00e9 du Recteur de l'acad\u00e9mie de Versailles portant  \nsubd\u00e9l\u00e9gation de signature \u00e0 caract\u00e8re administratif \n \n \nLe Recteur de l'acad\u00e9mie de Versailles, \n \nVu le code l'\u00e9ducation, notamment ses articles R335-5 et 551-13 ; \nVu le code du service national et notamment ses article L120-2, R120-9 et R121-35 ; \nVu le code de l'action sociale et des familles, notamment ses articles L432-1, R227-21, R227-22, D432-\n11 et D432-18 ; \nVu le code du sport, notamment ses articles R114-13, R114-17, R114-18, R114-22 (dernier alin\u00e9a) et \nR114-37, R212-10-8 \u00e0 R212-10-16 ; \nVu la loi n\u00b092-125 du 6 f\u00e9vrier 1992 modifi\u00e9e relative \u00e0 l'administration territoriale de la R\u00e9publique ; \nVu la loi n\u00b02001-624 du 17 juillet 2001 portant diverses dispositions d'ordre social, \u00e9ducatif et culturel ; \nVu la loi n\u00b02006-586 du 23 mai 2006 relative \u00e0 l'engagement \u00e9ducatif et notamment son article 19 ; \nVu la loi n\u00b02008-1249 du 1er d\u00e9cembre 2008 g\u00e9n\u00e9ralisant le revenu de solidarit\u00e9 active et r\u00e9formant les \npolitiques d'insertion et notamment son article 25 ; \nVu le d\u00e9cret n\u00b02002-571 du 22 avril 2002 relatif \u00e0 l'agr\u00e9ment des associations de jeunesse et d'\u00e9ducation \npopulaire ; \nVu le d\u00e9cret n\u00b02004-374 du 29 avril 2004 modifi\u00e9 relatif aux pouvoirs des pr\u00e9fets, \u00e0 l'organisation et \u00e0 \nl'action des services de l'Etat dans les r\u00e9gions et d\u00e9partements et notamment le I de son article 33 ; \nVu le d\u00e9cret n\u00b02015-510 du 7 mai 2015 modifi\u00e9 portant charte de la d\u00e9concentration ; \nVu le d\u00e9cret n\u00b02017-574 du 19 avril 2017 relatif \u00e0 la lab\u00e9lisation des structures information jeunesse ; \nVu le d\u00e9cret n\u00b0 2020-922 du 29 juillet 2020 portant diverses dispositions relatives au service national \nuniversel, notamment ses articles 3, 4, et 5 ; \nVu le d\u00e9cret n\u00b0 2020-870 du 15 juillet 2020 relatif aux attributions du ministre de l'\u00e9ducation nationale, de \nla jeunesse et des sports ; \nVu le d\u00e9cret n\u00b02019-1200 du 20 novembre 2019 relatif \u00e0 l'organisation des services d\u00e9concentr\u00e9s des \nministres charg\u00e9s de l'\u00e9ducation nationale et de l'enseignement sup\u00e9rieur, de la recherche et de \nl'innovation ; \nVu le d\u00e9cret n\u00b02020-1542 du 9 d\u00e9cembre 2020 relatif aux comp\u00e9tences des autorit\u00e9s acad\u00e9miques dans \nle domaine des politiques de la jeunesse, de l'\u00e9ducation populaire, de la vie associative, de \nl'engagement civique et des sports et \u00e0 l'organisation des services charg\u00e9s de leur mise en \u0153uvre et \nnotamment son article 8 ; \nVu le protocole national du 15 d\u00e9cembre 2020 conclu entre le minist\u00e8re de l'int\u00e9rieur et le minist\u00e8re de \nl'\u00e9ducation nationale, de la jeunesse et des sports relatif \u00e0 l'articulation des comp\u00e9tences entre les \npr\u00e9fets et les recteurs pour la mise en \u0153uvre des missions de jeunesse, d'engagement et de sports ; \n \n  \nRectorat de l'acad\u00e9mie de Versailles - IDF-2025-05-23-00005 - Arr\u00eat\u00e9 du Recteur de l'acad\u00e9mie de Versailles portant subd\u00e9l\u00e9gation de\nsignature \u00e0 caract\u00e8re administratif 7\nErACA )EMIEDE V :RSAILLESLibert\u00e9Egalit\u00e9Fraternit\n \n \n \n \nVu l'arr\u00eat\u00e9 n\u00b02020-32 du 21 d\u00e9cembre 2020 portant organisation de la d\u00e9l\u00e9gation r\u00e9gionale acad\u00e9mique \u00e0 \nla jeunesse, \u00e0 l'engagement et aux sports et des services d\u00e9partementaux \u00e0 la jeunesse, \u00e0 \nl'engagement et aux sports ; \nVu les protocoles territoriaux conclus entre le pr\u00e9fet de r\u00e9gion, pr\u00e9fet de Paris, les pr\u00e9fets de d\u00e9partement \net le recteur de la r\u00e9gion acad\u00e9mique d'Ile-de-France pr\u00e9sent\u00e9s en CAR le 16 d\u00e9cembre 2020 ; \nVu le protocole r\u00e9gional et d\u00e9partemental conclu entre le pr\u00e9fet de r\u00e9gion, pr\u00e9fet de Paris et le recteur de \nla r\u00e9gion acad\u00e9mique d'Ile-de-France et de l'acad\u00e9mie de Paris le 24 d\u00e9cembre 2020 ; \nVu le d\u00e9cret du Pr\u00e9sident de la R\u00e9publique en date du 13 juillet 2023 portant nomination de Monsieur \n\u00c9tienne CHAMPION en qualit\u00e9 de Recteur de l'acad\u00e9mie de Versailles ; \nVu le d\u00e9cret du 12 mars 2025 portant nomination de la rectrice de la r\u00e9gion acad\u00e9mique d'Ile-de-France, \nrectrice de Paris, Mme Julie BENETTI ; \nVu l'arr\u00eat\u00e9 du 12 septembre 2019 portant nomination de Monsieur Beno\u00eet VERSCHAEVE en qualit\u00e9 de \nsecr\u00e9taire g\u00e9n\u00e9ral de l'acad\u00e9mie de Versailles ; \nVu le d\u00e9cret du 03 octobre 2024 portant nomination de Monsieur Jean-Pierre GENEVIEVE en qualit\u00e9 de \ndirecteur acad\u00e9mique des services de l'\u00e9ducation nationale des Yvelines ; \nVu le d\u00e9cret du 28 ao\u00fbt 2023 portant nomination de Madame Pascale COQ en qualit\u00e9 de directrice \nacad\u00e9mique des services de l'\u00e9ducation nationale de l'Essonne ; \nVu le d\u00e9cret du 27 novembre 2022 portant nomination de Monsieur Fr\u00e9d\u00e9ric FULGENCE en qualit\u00e9 de \ndirecteur acad\u00e9mique des services de l'\u00e9ducation nationale des Hauts-de-Seine ; \nVu le d\u00e9cret du 04 ao\u00fbt 2022 portant nomination de Monsieur Olivier WAMBECKE en qualit\u00e9 de directeur \nacad\u00e9mique des services de l'\u00e9ducation nationale du Val d'Oise ; \nVu l'arr\u00eat\u00e9 du 27 mars 2025, n\u00b02025-034-RRA de la rectrice de la r\u00e9gion acad\u00e9mique d'Ile-de-France \nportant d\u00e9l\u00e9gation de signature \u00e0 caract\u00e8re administratif. \n \n \nARRETE : \n \n \nArticle 1er  \nD\u00e9l\u00e9gation permanente de signature est donn\u00e9e, dans la limite de leurs attributions, \u00e0 : \n- Monsieur Beno\u00eet VERSCHAEVE, secr\u00e9taire g\u00e9n\u00e9ral de l'acad\u00e9mie de Versailles ; \n- Monsieur Jean-Pierre GENEVIEVE, directeur acad\u00e9mique des services de l'\u00e9ducation \nnationale des Yvelines ; \n- Madame Pascale COQ, directrice acad\u00e9mique des services de l'\u00e9ducation nationale de \nl'Essonne ; \n- Monsieur Fr\u00e9d\u00e9ric FULGENCE, directeur acad\u00e9mique des services de l'\u00e9ducation nationale \ndes Hauts-de-Seine ; \n- Monsieur Olivier WAMBECKE, directeur acad\u00e9mique des services de l'\u00e9ducation nationale \ndu Val d'Oise. \n \n  \nRectorat de l'acad\u00e9mie de Versailles - IDF-2025-05-23-00005 - Arr\u00eat\u00e9 du Recteur de l'acad\u00e9mie de Versailles portant subd\u00e9l\u00e9gation de\nsignature \u00e0 caract\u00e8re administratif 8\nErACA )EMIEDE V :RSAILLESLibert\u00e9Egalit\u00e9Fraternit\n \n \n \n \n \n \n \nPour tous actes, arr\u00eat\u00e9s, d\u00e9cisions et correspondances dans les domaines suivants : \n \n- l'organisation du s\u00e9jour de coh\u00e9sion du service national universel (SNU), le recrutement et la gestion des \npersonnes physiques participant \u00e0 des fonctions d'animation ou de direction de ce s\u00e9jour, l'approbation \ndans le cadre de la r\u00e9serve du SNU des missions d'int\u00e9r\u00eat g\u00e9n\u00e9ral, l'inscription, l'affectation des r\u00e9servistes \net le contr\u00f4le des conditions de mise en \u0153uvre de la r\u00e9serve ;  \n- l'agr\u00e9ment des associations de jeunesse et d'\u00e9ducation populaire ; \n- l'attribution des subventions d'appui au secteur associatif vers\u00e9es par l'interm\u00e9diaire du Fonds de \ncoop\u00e9ration de la jeunesse et d'\u00e9ducation populaire (FONJEP) ; \n- la d\u00e9livrance du Brevet d'aptitude aux fonctions d'animateur (BAFA). \n \n \nArticle 2 \nPour la Direction des services d\u00e9partementaux de l'\u00c9ducation nationale des Yvelines, en cas d'absence \nou d'emp\u00eachement de Monsieur Jean-Pierre GENEVIEVE, d\u00e9l\u00e9gation de signature est donn\u00e9e \u00e0, Madame \nFloriane DUGUET, secr\u00e9taire g\u00e9n\u00e9rale. \n \n \nArticle 3  \nEn cas d'absence ou d'emp\u00eachement de Monsieur Jean-Pierre GENEVIEVE et de Madame Floriane \nDUGUET, d\u00e9l\u00e9gation de signature est donn\u00e9e \u00e0 Madame Rachel HERVET, cheffe du Service \nD\u00e9partemental \u00e0 la Jeunesse \u00e0 l'Engagement et aux Sports (SDJES), Monsieur Aur\u00e9lien RAMBAUD, \nadjoint \u00e0 la cheffe du SDJES. \n \n \nArticle 4 \nPour la Direction des services d\u00e9partementaux de l'\u00c9ducation nationale de l'Essonne, en cas d'absence \nou d'emp\u00eachement de Madame Pascale COQ, d\u00e9l\u00e9gation de signature est donn\u00e9e \u00e0 Madame Rachel \nMEYNENT, directrice acad\u00e9mique adjointe, Madame V\u00e9ronique GAST\u00c9, directrice acad\u00e9mique adjointe, \nMonsieur Gr\u00e9gory MACIAZEK, directeur acad\u00e9mique adjoint et \u00e0 Monsieur Bertrand LE BAIL, \nsecr\u00e9taire g\u00e9n\u00e9ral par int\u00e9rim. \n \n \nArticle 5  \nEn cas d'absence ou d'emp\u00eachement de Madame Pascale COQ, Madame Rachel MEYNENT, Madame \nV\u00e9ronique GAST\u00c9, Monsieur Gr\u00e9gory MACIAZEK, Monsieur Bertrand LE BAIL, d\u00e9l\u00e9gation de signature \nest donn\u00e9e \u00e0 Monsieur Christophe DEFREITAS, chef du Service D\u00e9partemental \u00e0 la Jeunesse \u00e0 \nl'Engagement et aux Sports (SDJES), Madame Estelle AZEU, adjointe au chef du SDJES, Madame \nChristelle HAMON, responsable du service jeunesse du SDJES. \n \n  \nRectorat de l'acad\u00e9mie de Versailles - IDF-2025-05-23-00005 - Arr\u00eat\u00e9 du Recteur de l'acad\u00e9mie de Versailles portant subd\u00e9l\u00e9gation de\nsignature \u00e0 caract\u00e8re administratif 9\nACA )EMIEDE V :RSAILLES\nFraternit\n \n \n \n \nArticle 6 \nPour la Direction des services d\u00e9partementaux de l'\u00c9ducation nationale des Hauts-de-Seine, en cas \nd'absence ou d'emp\u00eachement de Monsieur Fr\u00e9d\u00e9ric FULGENCE, d\u00e9l\u00e9gation de signature est donn\u00e9e \u00e0, \nMadame V\u00e9ronique PAROUTY, directrice acad\u00e9mique adjointe, Monsieur Jacques FLODROPS, \ndirecteur acad\u00e9mique adjoint, Madame Ma\u00eflys PUYGAUTHIER, cheffe du Service D\u00e9partemental \u00e0 la \nJeunesse \u00e0 l'Engagement et aux Sports (SDJES), Madame Caroline BOUH\u00caLIER, secr\u00e9taire g\u00e9n\u00e9rale, \nMonsieur Emmanuel NEIL, adjoint au directeur acad\u00e9mique des services de l'\u00c9ducation nationale pour \nle 1er degr\u00e9. \n \n \nArticle 7  \nEn cas d'absence ou d'emp\u00eachement de Monsieur Fr\u00e9d\u00e9ric FULGENCE, Madame V\u00e9ronique PAROUTY, \nMonsieur Jacques FLODROPS, Madame Ma\u00eflys PUYGAUTHIER, Madame Caroline BOUH\u00caLIER, \nMonsieur Emmanuel NEIL, d\u00e9l\u00e9gation de signature est donn\u00e9e \u00e0 Madame Fr\u00e9d\u00e9rique MICHAUX, \nsecr\u00e9taire g\u00e9n\u00e9rale adjointe, Madame Sonia CHABANE, adjointe \u00e0 la cheffe du Service D\u00e9partemental \u00e0 \nla Jeunesse \u00e0 l'Engagement et aux Sports (SDJES) \n \n \nArticle 8 \nPour la Direction des services d\u00e9partementaux de l'\u00c9ducation nationale du Val d'Oise, en cas d'absence \nou d'emp\u00eachement de Monsieur Olivier WAMBECKE, d\u00e9l\u00e9gation de signature est donn\u00e9e \u00e0 Madame \nIsabel ALBAR, directrice acad\u00e9mique adjointe, Madame Val\u00e9rie LEGALLICIER, directrice acad\u00e9mique \nadjointe, Monsieur Jacques-Emmanuel DAUG\u00c9, directeur acad\u00e9mique adjoint, Monsieur Matthieu \nPOINTREAU, secr\u00e9taire g\u00e9n\u00e9ral. \n \n \nArticle 9  \nEn cas d'absence ou d'emp\u00eachement de Monsieur Olivier WAMBECKE, Madame Isabel ALBAR, Madame \nVal\u00e9rie LEGALLICIER, Monsieur Jacques-Emmanuel DAUG\u00c9, Monsieur Matthieu POINTREAU, \nd\u00e9l\u00e9gation de signature est donn\u00e9e \u00e0 Monsieur Philippe LAFONT, chef du Service D\u00e9partemental \u00e0 la \nJeunesse \u00e0 l'Engagement et aux Sports (SDJES) et \u00e0 Monsieur William TORDJAMN, adjoint au chef du \nSDJES. \n \n \nArticle 10 \nL'arr\u00eat\u00e9 rectoral n\u00b0IDF-2024-10-16-00005 du 16 octobre 2024 portant subd\u00e9l\u00e9gation de signature est \nabrog\u00e9. \n \n \nArticle 11 \nLe secr\u00e9taire g\u00e9n\u00e9ral de l'acad\u00e9mie de Versailles est charg\u00e9 de l'ex\u00e9cution du pr\u00e9sent arr\u00eat\u00e9 qui sera \npubli\u00e9 au recueil des actes administratifs de la r\u00e9gion \u00cele-de-France. \n \nFait \u00e0 Versailles, le 23 mai 2025. \n \n \nLe Recteur \n \nSign\u00e9 \n \n\u00c9tienne CHAMPION \n \nRectorat de l'acad\u00e9mie de Versailles - IDF-2025-05-23-00005 - Arr\u00eat\u00e9 du Recteur de l'acad\u00e9mie de Versailles portant subd\u00e9l\u00e9gation de\nsignature \u00e0 caract\u00e8re administratif 10\nRectorat de l'acad\u00e9mie de Versailles\nIDF-2025-05-23-00009\nArr\u00eat\u00e9 portant subd\u00e9l\u00e9gation administrative de\nsignature du recteur \u00e0 Monsieur Olivier\nWAMBECKE, directeur acad\u00e9mique des services\nde l'\u00e9ducation\nnationale du Val d'Oise\nRectorat de l'acad\u00e9mie de Versailles - IDF-2025-05-23-00009 - Arr\u00eat\u00e9 portant subd\u00e9l\u00e9gation administrative de signature du recteur \u00e0\nMonsieur Olivier WAMBECKE, directeur acad\u00e9mique des services de l'\u00e9ducation\nnationale du Val d'Oise\n11\nEsACADEMIEDE VERSAILLESLibert\u00e9Egalit\u00e9Fraternit\u00e9\n \n \n \nARR\u00caT\u00c9 \n \n \nportant subd\u00e9l\u00e9gation administrative de signature du recteur \n\u00e0 Monsieur Olivier WAMBECKE, directeur acad\u00e9mique des services de l'\u00e9ducation \nnationale du Val d'Oise \n \n \n \nLe Recteur de l'acad\u00e9mie de Versailles, \n \n \nVU le Code de l'\u00e9ducation, notamment les articles L.214-5, D.222-20, D 521-1 et R 911-36 ; \n \nVU la loi n\u00b0 83-634 modifi\u00e9e du 13 juillet 1983 portant droits et obligations des fonctionnaires de l'\u00c9tat et \nde ses \u00e9tablissements publics ; \n \nVU la loi n\u00b0 84-16 du 11 janvier 1984 modifi\u00e9e portant dispositions statutaires relatives \u00e0 la fonction \npublique de l'\u00c9tat ; \n \nVU la loi de d\u00e9centralisation n\u00b0 2004-809 modifi\u00e9e du 13 ao\u00fbt 2004 relative aux libert\u00e9s et responsabilit\u00e9s \nlocales, notamment ses articles 105 \u00e0 109 ; \n \nVU le d\u00e9cret 86-83 du 17 janvier 1986, modifi\u00e9, relatif aux dispositions g\u00e9n\u00e9rales applicables aux agents \nnon titulaires de l'\u00c9tat ; \n \nVU le d\u00e9cret du n\u00b0 94-874 du 7 octobre 1994 portant statut des fonctionnaires stagiaires ; \n \nVU le d\u00e9cret n\u00b0 2004-374 du 29 avril 2004 modifi\u00e9 relatif aux pouvoirs des pr\u00e9fets ; \n \nVU le d\u00e9cret n\u00b0 2012-16 du 5 janvier 2012 relatif \u00e0 l'organisation acad\u00e9mique ; \n \nVU l'arr\u00eat\u00e9 portant organisation de l'Acad\u00e9mie de Versailles en date du 11 janvier 2013 ; \n \nVU le d\u00e9cret n\u00b02019-1200 du 20 novembre 2019 relatif \u00e0 l'organisation des services d\u00e9concentr\u00e9s des \nministres charg\u00e9s de l'\u00e9ducation nationale et de l'enseignement sup\u00e9rieur, de la recherche et de \nl'innovation ; \n \nVU le d\u00e9cret du Pr\u00e9sident de la R\u00e9publique en date du 13 juillet 2023 portant nomination de Monsieur \n\u00c9tienne CHAMPION en qualit\u00e9 de Recteur de l'acad\u00e9mie de Versailles ; \n \nVU le d\u00e9cret du Pr\u00e9sident de la R\u00e9publique en date du 4 ao\u00fbt 2022 portant nomination de Monsieur \nOlivier WAMBECKE en qualit\u00e9 de directeur acad\u00e9mique des services de l'\u00e9ducation nationale du Val \nd'Oise ; \n \n \nARRETE \n \n \n \nRectorat de l'acad\u00e9mie de Versailles - IDF-2025-05-23-00009 - Arr\u00eat\u00e9 portant subd\u00e9l\u00e9gation administrative de signature du recteur \u00e0\nMonsieur Olivier WAMBECKE, directeur acad\u00e9mique des services de l'\u00e9ducation\nnationale du Val d'Oise\n12\nenACADEMIEDE VERS \\ILLESLibert\u00e9Egalit\u00e9Fraternit\u00e9\n \n2/3 \n \n \n \n \nARTICLE 1 \nD\u00e9l\u00e9gation permanente de signature est donn\u00e9e \u00e0 Monsieur Olivier WAMBECKE, directeur \nacad\u00e9mique des services de l'\u00e9ducation nationale du Val d'Oise, \u00e0 l'effet de signer, pour les personnels \naffect\u00e9s dans le d\u00e9partement :  \n \n- les d\u00e9cisions relatives \u00e0 la d\u00e9limitation des districts de recrutement des \u00e9l\u00e8ves dans les lyc\u00e9es du \nd\u00e9partement ; \n \n- pour les personnels du 1er degr\u00e9 et personnels non titulaires charg\u00e9s d'assurer les fonctions \nd'enseignement du 1er degr\u00e9 dans le ressort du d\u00e9partement du Val d'Oise, ainsi que les accompagnants \nd'\u00e9l\u00e8ves en situation de handicap, les assistants d'\u00e9ducation et les intervenants ext\u00e9rieurs engag\u00e9s au \ntitre de l'accompagnement \u00e9ducatif : \n \n\u25cb l'ensemble des actes relatifs \u00e0 la gestion individuelle de ces personnels \u00e0 l'exception de la \nnomination s'agissant des professeurs des \u00e9coles stagiaires : \n\u25cb les actes portant licenciement ou radiation des cadres faisant suite \u00e0 un abandon de poste ou \nune condamnation \u00e0 l'exception des actes concernant les professeurs des \u00e9coles stagiaires. \n \n- les arr\u00eat\u00e9s d'int\u00e9gration ou de d\u00e9tachement des professeurs des \u00e9coles et des instituteurs exer\u00e7ant les \nfonctions de psychologue scolaire dans le corps des psychologues de l'\u00e9ducation nationale\u2013sp\u00e9cialit\u00e9 \n\u00ab \u00e9ducation, d\u00e9veloppement et apprentissages \u00bb. \n \n- les d\u00e9cisions relatives aux demandes de d\u00e9rogation \u00e0 l'obligation d'occuper un logement par n\u00e9cessit\u00e9 \nabsolue de service et \u00e0 l'obligation de r\u00e9sidence pour les personnels exer\u00e7ant en coll\u00e8ge ; \n \n- les certificats de comp\u00e9tences de citoyen de s\u00e9curit\u00e9 civile (PSC1) ainsi que les attestations d'obtention \nde ces certificats pour les unit\u00e9s d'enseignement PSC1 relevant de son d\u00e9partement ; \n \n- les d\u00e9cisions relatives au contr\u00f4le des actes administratifs, budg\u00e9taires et financiers des coll\u00e8ges du \nd\u00e9partement du Val d'Oise et de leur chef d'\u00e9tablissement, de mani\u00e8re physique ou \u00e9lectronique ; \n \n- les contrats d'engagement des jeunes exer\u00e7ant une mission de service civique ; \n \n- les prises en charge compl\u00e9mentaires des contrats uniques d'insertion ; \n \n- les arr\u00eat\u00e9s proc\u00e9dant \u00e0 des adaptations du calendrier national scolaire rendues n\u00e9cessaires soit par la \nsituation g\u00e9ographique particuli\u00e8re d'un \u00e9tablissement scolaire ou la nature des formations qu'il dispense, \nsoit par des circonstances susceptibles de mettre en difficult\u00e9, dans un \u00e9tablissement, dans le \nd\u00e9partement du Val d'Oise, le fonctionnement du service public d'enseignement. \n \n \nARTICLE 2 \nEn cas d'absence ou d'emp\u00eachement de Monsieur Olivier WAMBECKE, d\u00e9l\u00e9gation de signature est \ndonn\u00e9e \u00e0 Madame Val\u00e9rie LEGALLICIER directrice acad\u00e9mique adjointe, Monsieur Jacques-\nEmmanuel DAUGE, directeur acad\u00e9mique adjoint, Madame Isabel ALBAR, directrice acad\u00e9mique \nadjointe, \u00e0 Monsieur Matthieu POINTREAU, secr\u00e9taire g\u00e9n\u00e9ral, \u00e0 l'effet de signer tous les actes \nd\u00e9l\u00e9gu\u00e9s au directeur acad\u00e9mique des services de l'\u00e9ducation nationale du Val d'Oise. \n \nRectorat de l'acad\u00e9mie de Versailles - IDF-2025-05-23-00009 - Arr\u00eat\u00e9 portant subd\u00e9l\u00e9gation administrative de signature du recteur \u00e0\nMonsieur Olivier WAMBECKE, directeur acad\u00e9mique des services de l'\u00e9ducation\nnationale du Val d'Oise\n13\nenACADEMIEDE VERS \\ILLESLibert\u00e9Egalit\u00e9Fraternit\u00e9\n \n3/3 \n \n \n \nARTICLE 3 \nEn cas d'absence ou d'emp\u00eachement de Madame Val\u00e9rie LEGALLICIER, de Monsieur Jacques-\nEmmanuel DAUGE, de Madame Isabel ALBAR, de Monsieur Matthieu POINTREAU, d\u00e9l\u00e9gation de \nsignature est donn\u00e9e \u00e0 Madame Karine KLAINE, cheffe de la division des moyens, du pilotage et de \nl'accompagnement, \u00e0 l'effet de signer, pour la part qui revient au Recteur d'acad\u00e9mie, les d\u00e9cisions \nrelatives au contr\u00f4le des actes administratifs, budg\u00e9taires et financiers des coll\u00e8ges du d\u00e9partement du \nVal d'Oise et de leur chef d'\u00e9tablissement, de mani\u00e8re physique ou \u00e9lectronique. \n \n \nARTICLE 4 \nEn cas d'absence ou d'emp\u00eachement de Madame Karine KLAINE, d\u00e9l\u00e9gation de signature est donn\u00e9e \u00e0 \nMadame Carole GERMA, cheffe du service d'appui aux \u00e9tablissements, \u00e0 l'effet de signer les d\u00e9cisions \nrelatives au contr\u00f4le des actes administratifs, budg\u00e9taires et financiers des coll\u00e8ges du d\u00e9partement du \nVal d'Oise et de leur chef d'\u00e9tablissement, de mani\u00e8re physique ou \u00e9lectronique. \n \n \nARTICLE 5 \nL'arr\u00eat\u00e9 rectoral n\u00b0IDF-2024-06-21-00008 du 21 juin 2024 portant d\u00e9l\u00e9gation de signature est abrog\u00e9. \n \n \nARTICLE 6 \nLe secr\u00e9taire g\u00e9n\u00e9ral de l'acad\u00e9mie et le directeur acad\u00e9mique des services de l'\u00e9ducation nationale du Val \nd'Oise sont charg\u00e9s, chacun en ce qui le concerne, de l'ex\u00e9cution du pr\u00e9sent arr\u00eat\u00e9 qui sera publi\u00e9 au \nrecueil des actes administratifs de la r\u00e9gion Ile-de-France. \n \n \nFait \u00e0 Versailles, le 23 mai 2025. \n \nLe Recteur \n \nSign\u00e9 \n \n\u00c9tienne CHAMPION \n \nRectorat de l'acad\u00e9mie de Versailles - IDF-2025-05-23-00009 - Arr\u00eat\u00e9 portant subd\u00e9l\u00e9gation administrative de signature du recteur \u00e0\nMonsieur Olivier WAMBECKE, directeur acad\u00e9mique des services de l'\u00e9ducation\nnationale du Val d'Oise\n14\nRectorat de l'acad\u00e9mie de Versailles\nIDF-2025-05-23-00007\nportant d\u00e9l\u00e9gation de signature administrative\ndu recteur \u00e0 Madame Pascale COQ, directrice\nacad\u00e9mique des services de l'\u00e9ducation\nnationale de l'Essonne\nRectorat de l'acad\u00e9mie de Versailles - IDF-2025-05-23-00007 - portant d\u00e9l\u00e9gation de signature administrative du recteur \u00e0 Madame\nPascale COQ, directrice acad\u00e9mique des services de l'\u00e9ducation\nnationale de l'Essonne\n15\nESACADEMIEDE VERSAILLESLibert\u00e9\u00c9galit\u00e9Fraternit\u00e9\n \n \n \nARR\u00caT\u00c9 \n \n \nportant d\u00e9l\u00e9gation de signature administrative du recteur \n\u00e0 Madame Pascale COQ, directrice acad\u00e9mique des services de l'\u00e9ducation \nnationale de l'Essonne \n \nLe Recteur de l'acad\u00e9mie de Versailles, \n \nVU  le Code de l'\u00e9ducation, notamment les articles L.214-5, D.222-20, D 521-1 et R 911-36 ; \n \nVU   la loi n\u00b0 83-634 modifi\u00e9e du 13 juillet 1983 portant droits et obligations des fonctionnaires de l'Etat et \nde ses \u00e9tablissements publics ; \n \nVU la loi n\u00b0 84-16 du 11 janvier 1984 modifi\u00e9e portant dispositions statutaires relatives \u00e0 la fonction \npublique de l'Etat ; \n \nVU  la loi de d\u00e9centralisation n\u00b0 2004-809 modifi\u00e9e du 13 ao\u00fbt 2004 relative aux libert\u00e9s et responsabilit\u00e9s \nlocales, notamment ses articles 105 \u00e0 109 ; \n \nVU   le d\u00e9cret 86-83 du 17 janvier 1986, modifi\u00e9, relatif aux dispositions g\u00e9n\u00e9rales applicables aux agents \nnon titulaires de l'\u00c9tat ; \n \nVU  le d\u00e9cret du n\u00b0 94-874 du 7 octobre 1994 portant statut des fonctionnaires stagiaires ; \n \nVU le d\u00e9cret n\u00b0 2004-374 du 29 avril 2004 modifi\u00e9 relatif aux pouvoirs des pr\u00e9fets ; \n \nVU le d\u00e9cret n\u00b0 2012-16 du 5 janvier 2012 relatif \u00e0 l'organisation acad\u00e9mique ; \n \nVU l'arr\u00eat\u00e9 portant organisation de l'Acad\u00e9mie de Versailles en date du 11 janvier 2013 ; \n \nVU le d\u00e9cret n\u00b02019-1200 du 20 novembre 2019 relatif \u00e0 l'organisation des services d\u00e9concentr\u00e9s des \nministres charg\u00e9s de l'\u00e9ducation nationale et de l'enseignement sup\u00e9rieur, de la recherche et de \nl'innovation ; \n \nVU  le d\u00e9cret du Pr\u00e9sident de la R\u00e9publique en date du 13 juillet 2023 portant nomination de Monsieur \n\u00c9tienne CHAMPION en qualit\u00e9 de Recteur de l'acad\u00e9mie de Versailles ; \n \nVU  le d\u00e9cret du Pr\u00e9sident de la R\u00e9publique en date du 28 ao\u00fbt 2023 portant nomination de Madame \nPascale COQ en qualit\u00e9 de Directrice acad\u00e9mique des services de l'\u00e9ducation nationale de \nl'Essonne ; \n \nVU  l'arr\u00eat\u00e9 du 05 mars 2025 du Recteur de l'acad\u00e9mie de Versailles attribuant \u00e0 Monsieur Bertrand  \n          LE BAIL, secr\u00e9taire g\u00e9n\u00e9ral adjoint, l'int\u00e9rim des fonctions de secr\u00e9taire g\u00e9n\u00e9ral de la Direction \nacad\u00e9mique des services de l'\u00e9ducation nationale de l'Essonne ; \n \n  \nRectorat de l'acad\u00e9mie de Versailles - IDF-2025-05-23-00007 - portant d\u00e9l\u00e9gation de signature administrative du recteur \u00e0 Madame\nPascale COQ, directrice acad\u00e9mique des services de l'\u00e9ducation\nnationale de l'Essonne\n16\nACADEMIEDE VERSAILLESLibert\u00e9Egalit\u00e9Fraternit\u00e9\n \nARRETE \n \n \nARTICLE 1 \nD\u00e9l\u00e9gation de signature est donn\u00e9e \u00e0 Madame Pascale COQ directrice acad\u00e9mique des services \nde l'\u00e9ducation nationale de l'Essonne \u00e0 l'effet de signer : \n \n- les d\u00e9cisions relatives \u00e0 la d\u00e9limitation des districts de recrutement des \u00e9l\u00e8ves dans les lyc\u00e9es du \nd\u00e9partement ; \n \n- pour les personnels du 1er degr\u00e9 et personnels non titulaires charg\u00e9s d'assurer les fonctions \nd'enseignement du 1er degr\u00e9 dans le ressort du d\u00e9partement de l'Essonne, ainsi que les \naccompagnants d'\u00e9l\u00e8ves en situation de handicap, les assistants d'\u00e9ducation et les intervenants \next\u00e9rieurs engag\u00e9s au titre de l'accompagnement \u00e9ducatif :  \n\u25cb l'ensemble des actes relatifs \u00e0 la gestion individuelle de ces personnels \u00e0 l'exception de \nla nomination s'agissant des professeurs des \u00e9coles stagiaires ; \n\u25cb les actes portant licenciement ou radiation des cadres faisant suite \u00e0 un abandon de \nposte ou une condamnation \u00e0 l'exception des actes concernant les professeurs des \n\u00e9coles stagiaires. \n \n- les arr\u00eat\u00e9s d'int\u00e9gration ou de d\u00e9tachement des professeurs des \u00e9coles et des instituteurs exer\u00e7ant \nles fonctions de psychologue scolaire dans le corps des psychologues de l'\u00e9ducation nationale \u2013\nsp\u00e9cialit\u00e9 \u00ab \u00e9ducation, d\u00e9veloppement et apprentissages \u00bb ; \n \n- les d\u00e9cisions relatives aux demandes de d\u00e9rogation \u00e0 l'obligation d'occuper un logement par \nn\u00e9cessit\u00e9 absolue de service et \u00e0 l'obligation de r\u00e9sidence pour les personnels exer\u00e7ant en coll\u00e8ge ; \n \n- les certificats de comp\u00e9tences de citoyen de s\u00e9curit\u00e9 civile (PSC1) ainsi que les attestations \nd'obtention de ces certificats pour les unit\u00e9s d'enseignement PSC1 relevant de son d\u00e9partement ; \n \n- les d\u00e9cisions relatives au contr\u00f4le des actes administratifs, budg\u00e9taires et financiers des coll\u00e8ges \ndu d\u00e9partement de l'Essonne et de leurs chefs d'\u00e9tablissement, de mani\u00e8re physique ou \n\u00e9lectronique ; \n \n- les contrats d'engagement des jeunes exer\u00e7ant une mission de service civique ; \n \n- les prises en charge compl\u00e9mentaires des contrats uniques d'insertion ; \n \n- les arr\u00eat\u00e9s proc\u00e9dant \u00e0 des adaptations du calendrier national scolaire rendues n\u00e9cessaires soit \npar la situation g\u00e9ographique particuli\u00e8re d'un \u00e9tablissement scolaire ou la nature des formations \nqu'il dispense, soit par des circonstances susceptibles de mettre en difficult\u00e9, dans un \u00e9tablissement, \ndans le d\u00e9partement de l'Essonne, le fonctionnement du service public d'enseignement. \n \n \nARTICLE 2 \nEn cas d'absence ou d'emp\u00eachement de Madame Pascale COQ, d\u00e9l\u00e9gation de signature est donn\u00e9e \n\u00e0 Madame Rachel MEYNENT, directrice acad\u00e9mique adjointe, Madame V\u00e9ronique GAST\u00c9, \ndirectrice acad\u00e9mique adjointe, Monsieur Gr\u00e9gory MACIAZEK, directeur acad\u00e9mique adjoint, \nMonsieur Bertrand LE BAIL, secr\u00e9taire g\u00e9n\u00e9ral par int\u00e9rim, \u00e0 l'effet de signer tous les actes \nd\u00e9l\u00e9gu\u00e9s au directeur acad\u00e9mique des services de l'\u00e9ducation nationale de l'Essonne. \n \nRectorat de l'acad\u00e9mie de Versailles - IDF-2025-05-23-00007 - portant d\u00e9l\u00e9gation de signature administrative du recteur \u00e0 Madame\nPascale COQ, directrice acad\u00e9mique des services de l'\u00e9ducation\nnationale de l'Essonne\n17\nACADEMIEDE VERSAILLESLibert\u00e9Egalit\u00e9Fraternit\u00e9\n \n \nARTICLE 3 \nEn cas d'absence ou d'emp\u00eachement de Madame Rachel MEYNENT, directrice acad\u00e9mique \nadjointe, de Madame V\u00e9ronique GAST\u00c9, directrice acad\u00e9mique adjointe, de Monsieur Gr\u00e9gory \nMACIAZEK, directeur acad\u00e9mique adjoint et de Monsieur Bertrand LE BAIL, secr\u00e9taire g\u00e9n\u00e9ral par \nint\u00e9rim, d\u00e9l\u00e9gation permanente de signature est donn\u00e9e \u00e0 Monsieur \u00c9ric JAVOY, adjoint au DASEN \nen charge du premier degr\u00e9, \u00e0 l'effet de signer les actes relatifs \u00e0 la gestion individuelle des \npersonnels du premier degr\u00e9 et des personnels non-titulaires charg\u00e9s d'assurer des fonctions \nd'enseignement du premier degr\u00e9 dans le ressort du d\u00e9partement de l'Essonne, \u00e0 l'exception des \nactes relatifs \u00e0 la nomination des professeurs des \u00e9coles stagiaires. \n \n \nARTICLE 4 \nEn cas d'absence ou d'emp\u00eachement de Madame Rachel MEYNENT, directrice acad\u00e9mique \nadjointe, de Madame V\u00e9ronique GAST\u00c9, directrice acad\u00e9mique adjointe, de Monsieur Gr\u00e9gory \nMACIAZEK, directeur acad\u00e9mique adjoint, de Monsieur Bertrand LE BAIL, secr\u00e9taire g\u00e9n\u00e9ral par \nint\u00e9rim, d\u00e9l\u00e9gation de signature est donn\u00e9e \u00e0 Madame Caroline DUHEC, Cheffe de la Division de \nl'appui, du conseil et de la pr\u00e9vention (DACP) ou \u00e0 Monsieur Jean-Thierry BOHER, charg\u00e9 de \nmission \u00e0 la cellule d'appui et de conseil aux EPLE, \u00e0 l'effet de signer les d\u00e9cisions relatives au \ncontr\u00f4le des actes administratifs, budg\u00e9taires et financiers des coll\u00e8ges du d\u00e9partement de \nl'Essonne et de leurs chefs d'\u00e9tablissement, de mani\u00e8re physique ou \u00e9lectronique. \n \n \nARTICLE 5 \nL'arr\u00eat\u00e9 rectoral IDF-2025-03-11-00007 du 11 mars 2025 portant d\u00e9l\u00e9gation de signature \nadministrative est abrog\u00e9. \n \n \nARTICLE 6 \nLe secr\u00e9taire g\u00e9n\u00e9ral de l'acad\u00e9mie et la directrice acad\u00e9mique des services de l'\u00e9ducation nationale \nde l'Essonne, sont charg\u00e9s, chacun en ce qui le concerne, de l'ex\u00e9cution du pr\u00e9sent arr\u00eat\u00e9 qui sera \npubli\u00e9 au recueil des actes administratifs de la r\u00e9gion Ile-de-France. \n \n \nFait \u00e0 Versailles, le 23 mai 2025. \n \n \nLe Recteur \n \nSign\u00e9 \n \n\u00c9tienne CHAMPION \n \nRectorat de l'acad\u00e9mie de Versailles - IDF-2025-05-23-00007 - portant d\u00e9l\u00e9gation de signature administrative du recteur \u00e0 Madame\nPascale COQ, directrice acad\u00e9mique des services de l'\u00e9ducation\nnationale de l'Essonne\n18\nRectorat de l'acad\u00e9mie de Versailles\nIDF-2025-05-23-00008\nportant subd\u00e9l\u00e9gation de signature financi\u00e8re du\nrecteur \u00e0 Madame Pascale COQ, directrice\nacad\u00e9mique des services de l'\u00e9ducation\nnationale de l'Essonne\nRectorat de l'acad\u00e9mie de Versailles - IDF-2025-05-23-00008 - portant subd\u00e9l\u00e9gation de signature financi\u00e8re du recteur \u00e0 Madame\nPascale COQ, directrice acad\u00e9mique des services de l'\u00e9ducation\nnationale de l'Essonne\n19\nEsACADEMIEDE VERSAILLESLibert\u00e9Egalit\u00e9Fraternit\u00e9\n \n \n \nARR\u00caT\u00c9 \n \n \nportant subd\u00e9l\u00e9gation de signature financi\u00e8re du recteur \n\u00e0 Madame Pascale COQ, directrice acad\u00e9mique des services de l'\u00e9ducation \nnationale de l'Essonne \n \n \nLe Recteur de l'acad\u00e9mie de Versailles, \nVU la loi organique n\u00b0 2001-692 du 1er ao\u00fbt 2001, relative aux lois de finances ; \nVU  le Code de l'\u00e9ducation, notamment son article D.222-20 ; \nVU le Code de la s\u00e9curit\u00e9 sociale ; \nVU  la loi n\u00b0 68-1250 du 31 d\u00e9cembre 1968 relative \u00e0 la prescription quadriennale ; \nVU  la loi de d\u00e9centralisation n\u00b0 2004-809 modifi\u00e9e du 13 ao\u00fbt 2004 relative aux libert\u00e9s et \nresponsabilit\u00e9s locales, notamment ses articles 105 \u00e0 109 ; \n \nVU l'ordonnance n\u00b0 2018-1074 du 26 novembre 2018 relative au code de la commande publique ; \n \nVU le d\u00e9cret n\u00b0 2018-1075 du 3 d\u00e9cembre 2018 relatif au code de la commande publique ; \n \nVU  le d\u00e9cret du n\u00b0 94-874 du 7 octobre 1994 portant statut des fonctionnaires stagiaires ; \n \nVU le d\u00e9cret n\u00b0 2012-16 du 5 janvier 2012 relatif \u00e0 l'organisation acad\u00e9mique ; \n \nVU le d\u00e9cret n\u00b02015-1616 du 10 d\u00e9cembre 2015 relatif aux r\u00e9gions acad\u00e9miques ; \n \nVU le d\u00e9cret n\u00b0 2012-1246 du 7 novembre 2012 relatif \u00e0 la gestion budg\u00e9taire et comptable \npublique ; \n \nVU le d\u00e9cret n\u00b02019-1200 du 20 novembre 2019 relatif \u00e0 l'organisation des services \nd\u00e9concentr\u00e9s des ministres charg\u00e9s de l'\u00e9ducation nationale et de l'enseignement \nsup\u00e9rieur, de la recherche et de l'innovation ; \n \nVU l'arr\u00eat\u00e9 portant organisation de l'Acad\u00e9mie de Versailles en date du 11 janvier 2013 ; \nVU  le d\u00e9cret du Pr\u00e9sident de la R\u00e9publique en date du 13 juillet 2023 portant nomination de \nMonsieur \u00c9tienne CHAMPION en qualit\u00e9 de Recteur de l'acad\u00e9mie de Versailles ; \n \nVU  le d\u00e9cret du Pr\u00e9sident de la R\u00e9publique en date du 28 ao\u00fbt 2023 portant nomination de \nMadame Pascal COQ en qualit\u00e9 de Directrice acad\u00e9mique des services de l'\u00e9ducation \nnationale de l'Essonne ; \n \nVU l'arr\u00eat\u00e9 n\u00b0IDF-2023-07-19-00002 du 19 juillet 2023 portant d\u00e9l\u00e9gation de signature du \nPr\u00e9fet de la R\u00e9gion d'\u00cele-de-France \u00e0 Monsieur \u00c9tienne CHAMPION, Recteur de \nl'acad\u00e9mie de Versailles, en mati\u00e8re d'ordonnancement secondaire ; \n \n  \nRectorat de l'acad\u00e9mie de Versailles - IDF-2025-05-23-00008 - portant subd\u00e9l\u00e9gation de signature financi\u00e8re du recteur \u00e0 Madame\nPascale COQ, directrice acad\u00e9mique des services de l'\u00e9ducation\nnationale de l'Essonne\n20\nEsACADEMIEDE VERSAILLESLibert\u00e9Egalit\u00e9Fraternit\u00e9\n \n \n \nVU les d\u00e9cisions n\u00b0MENF1900457S, MENF1900459S, MENF1900460S, MENF1900458S et \nMENF1900461S du 4 d\u00e9cembre 2019 par lesquelles les responsables de programmes du \nminist\u00e8re de l'\u00c9ducation nationale et de la Jeunesse nomment le Recteur de l'acad\u00e9mie \nde Versailles en qualit\u00e9 de responsable de budget op\u00e9rationnel de programme des \nprogrammes 139, 140, 141 et 230 et en qualit\u00e9 de responsable d'unit\u00e9 op\u00e9rationnelle du \nprogramme 214 ; \n \nVU  les d\u00e9cisions n\u00b0 ESRF2036756S et ESRF1900302S des 21 d\u00e9cembre 2020 et 9 d\u00e9cembre \n2019 par lesquelles le responsable de programmes du minist\u00e8re de l'Enseignement \nsup\u00e9rieur, de la Recherche et de l'Innovation nomme le Recteur de l'acad\u00e9mie Versailles \nen qualit\u00e9 de responsable d'unit\u00e9 op\u00e9rationnelle des programmes 150 et 231. \n \n \nVU     l'arr\u00eat\u00e9 du 05 mars 2025 du Recteur de l'acad\u00e9mie de Versailles attribuant \u00e0 Monsieur Bertrand \nLE BAIL, secr\u00e9taire g\u00e9n\u00e9ral adjoint, l'int\u00e9rim des fonctions de secr\u00e9taire g\u00e9n\u00e9ral de la Direction \nacad\u00e9mique des services de l'\u00e9ducation nationale de l'Essonne ; \n \n \nARRETE \n \nARTICLE 1 \nSubd\u00e9l\u00e9gation de signature est donn\u00e9e \u00e0 Madame Pascale COQ directrice acad\u00e9mique des \nservices de l'\u00e9ducation nationale de l'Essonne, \u00e0 l'effet de signer, pour les personnels affect\u00e9s \ndans le d\u00e9partement, tous les actes relevant de l'ex\u00e9cution des recettes et de l'ordonnancement \ndes d\u00e9penses de personnels sur les unit\u00e9s op\u00e9rationnelles plac\u00e9es sous l'autorit\u00e9 de la rectrice \npour les mati\u00e8res suivantes : \n \n- pour les personnels enseignants du 1er degr\u00e9 et personnels non titulaires charg\u00e9s d'assurer les \nfonctions d'enseignement du 1er premier degr\u00e9 dans le ressort du d\u00e9partement de l'Essonne, \nainsi que les accompagnants d'\u00e9l\u00e8ves en situation de handicap, les assistants d'\u00e9ducation et \nles intervenants ext\u00e9rieurs engag\u00e9s au titre de l'accompagnement \u00e9ducatif :  \n\u25cb les actes \u00e0 caract\u00e8re financier relatifs \u00e0 la gestion individuelle de ces personnels ; \n\u25cb les d\u00e9cisions visant \u00e0 assurer la prise en charge financi\u00e8re des nouveaux arrivants ; \n\u25cb les certificats administratifs ; \n \n- pour les actes \u00e0 caract\u00e8re financier relatifs \u00e0 ces personnels : \n\u25cb pour les personnels enseignants titulaires et non titulaires charg\u00e9s d'assurer les fonctions \nd'enseignement du 1er degr\u00e9, r\u00e9mun\u00e9r\u00e9s sur le BOP 140, ces actes comprennent \nl'ensemble des actes ayant trait \u00e0 la r\u00e9mun\u00e9ration des personnels et notamment les \nlistings de paye, mouvements manuels d'ordonnancement et d\u00e9comptes de rappel ; \n\u25cb pour les personnels enseignants titulaires du 1er degr\u00e9 et non titulaires charg\u00e9s d'assurer \nles fonctions d'enseignement du 1er degr\u00e9 r\u00e9mun\u00e9r\u00e9s sur le BOP 141, ces actes \ncomprennent les pi\u00e8ces justificatives individuelles, les d\u00e9comptes de rappel et les \nmouvements manuels d'ordonnancement \u00e0 l'exclusion des listings de paye ; \n\u25cbpour les accompagnants d'\u00e9l\u00e8ves en situation de handicap, les assistants d'\u00e9ducation et \nles intervenants ext\u00e9rieurs engag\u00e9s au titre de l'accompagnement \u00e9ducatif r\u00e9mun\u00e9r\u00e9s \nsur le BOP 230, ces actes comprennent les pi\u00e8ces justificatives individuelles, les \nd\u00e9comptes de rappel et les mouvements manuels d'ordonnancement, \u00e0 l'exclusion des \nlistings de paie ; \nRectorat de l'acad\u00e9mie de Versailles - IDF-2025-05-23-00008 - portant subd\u00e9l\u00e9gation de signature financi\u00e8re du recteur \u00e0 Madame\nPascale COQ, directrice acad\u00e9mique des services de l'\u00e9ducation\nnationale de l'Essonne\n21\nEsACADEMIEDE VERSAILLESLibert\u00e9Egalit\u00e9Fraternit\u00e9\n \n \n \n- les r\u00e9mun\u00e9rations li\u00e9es aux prestations de formation relevant du BOP 140 ; \n \n- les d\u00e9penses li\u00e9es aux accidents du travail et maladies professionnelles des personnels \naffect\u00e9s dans les services de l'\u00e9ducation nationale et \u00e9tablissements d'enseignement rattach\u00e9s \nau d\u00e9partement de l'Essonne. \n \n \nARTICLE 2 \nEn cas d'absence ou d'emp\u00eachement de Madame Pascale COQ, d\u00e9l\u00e9gation de signature est \ndonn\u00e9e \u00e0 Madame Rachel MEYNENT, directrice acad\u00e9mique adjointe, Madame V\u00e9ronique \nGAST\u00c9, directrice acad\u00e9mique adjointe, Monsieur Gr\u00e9gory MACIAZEK, directeur \nacad\u00e9mique adjoint, \u00e0 Monsieur Bertrand LE BAIL, secr\u00e9taire g\u00e9n\u00e9ral par int\u00e9rim, \u00e0 l'effet de \nsigner tous les actes vis\u00e9s \u00e0 l'article 1. \n \n \nARTICLE 3 \nEn cas d'absence ou d'emp\u00eachement de Madame Rachel MEYNENT directrice acad\u00e9mique \nadjointe, Madame V\u00e9ronique GAST\u00c9, directrice acad\u00e9mique adjointe, Monsieur Gr\u00e9gory \nMACIAZEK, directeur acad\u00e9mique adjoint, Monsieur Bertrand LE BAIL, secr\u00e9taire g\u00e9n\u00e9ral par \nint\u00e9rim, d\u00e9l\u00e9gation de signature est donn\u00e9e \u00e0 Madame Sophie MENDIBOURE, cheffe de la \ndivision des personnels enseignants du premier degr\u00e9 public, et Madame Maria Del Pilar \nCRETE, cheffe de bureau de la gestion financi\u00e8re des personnels enseignants du premier degr\u00e9 \npublic, \u00e0 l'effet de signer l'ensemble des actes \u00e0 caract\u00e8re financier vis\u00e9s \u00e0 l'article 1 relatifs aux \npersonnels du 1er degr\u00e9 et personnels non titulaires r\u00e9mun\u00e9r\u00e9s sur les BOP 140 et 141, les \ncertificats administratifs y compris ceux de prolongation de cong\u00e9s de longue maladie, longue \ndur\u00e9e et prime sp\u00e9cifique d'installation et les d\u00e9cisions visant \u00e0 assurer la prise en charge \nfinanci\u00e8re des nouveaux arrivants, \u00e0 l'exclusion des d\u00e9comptes de rappel de r\u00e9mun\u00e9ration \nsup\u00e9rieur \u00e0 10 000 \u20ac. \n \n \nARTICLE 4 \nEn cas d'absence ou d'emp\u00eachement de Madame Sophie MENDIBOURE ou de Madame Maria \nDel Pilar CRETE, d\u00e9l\u00e9gation de signature est donn\u00e9e \u00e0 Madame La\u00ebtitia MOREAU, charg\u00e9e \nde mission de contr\u00f4le financier, \u00e0 l'effet de signer exclusivement les d\u00e9comptes de rappel de \nr\u00e9mun\u00e9ration inf\u00e9rieurs \u00e0 10 000 \u20ac et pi\u00e8ces justificatives des personnels du 1er degr\u00e9 et \npersonnels non titulaires r\u00e9mun\u00e9r\u00e9s sur les BOP 140 et 141. \n \n \nARTICLE 5  \nEn cas d'absence ou d'emp\u00eachement de Madame Rachel MEYNENT, directrice acad\u00e9mique \nadjointe, Madame V\u00e9ronique GAST\u00c9, directrice acad\u00e9mique adjointe, Monsieur Gr\u00e9gory \nMACIAZEK, directeur acad\u00e9mique adjoint, Monsieur Bertrand LE BAIL, secr\u00e9taire g\u00e9n\u00e9ral par \nint\u00e9rim, d\u00e9l\u00e9gation de signature est donn\u00e9e \u00e0 Madame Dominique ROCHAS, cheffe de la \ndivision de l'\u00e9cole inclusive (DEI) ou \u00e0 Madame Doroth\u00e9e RENAULT, son adjointe, \u00e0 l'effet de \nsigner les actes \u00e0 caract\u00e8re financier vis\u00e9s \u00e0 l'article 1 relatifs aux accompagnants d'\u00e9l\u00e8ves en \nsituation de handicap r\u00e9mun\u00e9r\u00e9s sur le BOP 230 \u00e0 l'exclusion des d\u00e9comptes de rappel de \nr\u00e9mun\u00e9ration sup\u00e9rieur \u00e0 10 000 \u20ac. \n \n  \nRectorat de l'acad\u00e9mie de Versailles - IDF-2025-05-23-00008 - portant subd\u00e9l\u00e9gation de signature financi\u00e8re du recteur \u00e0 Madame\nPascale COQ, directrice acad\u00e9mique des services de l'\u00e9ducation\nnationale de l'Essonne\n22\nEsACADEMIEDE VERSAILLESLibert\u00e9Egalit\u00e9Fraternit\u00e9\n \n \n \n \nARTICLE 5.1  \nEn cas d'absence ou d'emp\u00eachement de Madame Rachel MEYNENT, directrice acad\u00e9mique \nadjointe, Madame V\u00e9ronique GAST\u00c9, directrice acad\u00e9mique adjointe, Monsieur Gr\u00e9gory \nMACIAZEK, directeur acad\u00e9mique adjoint, Monsieur Bertrand LE BAIL, secr\u00e9taire g\u00e9n\u00e9ral par \nint\u00e9rim, Madame Dominique ROCHAS, cheffe de la division de l'\u00e9cole inclusive (DEI) et de \nMadame Doroth\u00e9e RENAULT, son adjointe, d\u00e9l\u00e9gation de signature est donn\u00e9e \u00e0 Madame \nHarmony BAILLET et \u00e0 Madame Nathalie SIMON-BUDAL, cheffes de bureau DEI, \u00e0 l'effet de \nsigner les actes \u00e0 caract\u00e8re financier vis\u00e9s \u00e0 l'article 1 relatifs aux accompagnants d'\u00e9l\u00e8ves en \nsituation de handicap r\u00e9mun\u00e9r\u00e9s sur le BOP 230 \u00e0 l'exclusion des d\u00e9comptes de rappel de \nr\u00e9mun\u00e9ration sup\u00e9rieur \u00e0 10 000 \u20ac. \n \n \nARTICLE 6 \nEn cas d'absence ou d'emp\u00eachement de Madame Rachel MEYNENT, directrice acad\u00e9mique \nadjointe, Madame V\u00e9ronique GAST\u00c9, directrice acad\u00e9mique adjointe, Monsieur Gr\u00e9gory \nMACIAZEK, directeur acad\u00e9mique adjoint, Monsieur Bertrand LE BAIL, secr\u00e9taire g\u00e9n\u00e9ral par \nint\u00e9rim, d\u00e9l\u00e9gation de signature est donn\u00e9e \u00e0 Monsieur Yann HUBERT, chef de la division des \nressources humaines (DRH), \u00e0 l'effet de signer les d\u00e9penses li\u00e9es aux accidents du travail et \nmaladies professionnelles des personnels affect\u00e9s dans les services de l'\u00e9ducation nationale et \n\u00e9tablissements d'enseignement rattach\u00e9s au d\u00e9partement de l'Essonne. \n \n \nARTICLE 7 \nL'arr\u00eat\u00e9 rectoral IDF-2025-03-11-00006 du 11 mars 2025 portant subd\u00e9l\u00e9gation de signature \nest abrog\u00e9. \n \n \nARTICLE 8 \nLe secr\u00e9taire g\u00e9n\u00e9ral de l'acad\u00e9mie et la directrice acad\u00e9mique des services de l'\u00e9ducation \nnationale de l'Essonne, sont charg\u00e9s, chacun en ce qui le concerne, de l'ex\u00e9cution du pr\u00e9sent \narr\u00eat\u00e9 qui sera publi\u00e9 au recueil des actes administratifs de la r\u00e9gion Ile-de-France. \n \n \nFait \u00e0 Versailles, le 23 mai 2025. \n \n \nLe Recteur \n \nSign\u00e9 \n \n\u00c9tienne CHAMPION \n \nRectorat de l'acad\u00e9mie de Versailles - IDF-2025-05-23-00008 - portant subd\u00e9l\u00e9gation de signature financi\u00e8re du recteur \u00e0 Madame\nPascale COQ, directrice acad\u00e9mique des services de l'\u00e9ducation\nnationale de l'Essonne\n23","date":"2025-05-23","first_seen_on":"2025-05-23T16:47:12+00:00","id":"219d225aca89ade07132b51ecde28b5caff37792027eaa2a5342dbe2e624735f","name":"recueilDS-idf-043-2025-05-recueil-des-actes-administratifs-special du 23.05.2025","pdf_creation_date":"2025-05-23T14:56:22+00:00","pdf_modification_date":null,"timezone":"Europe/Paris","url":"https://www.prefectures-regions.gouv.fr/ile-de-france/irecontenu/telechargement/127969/943801/file/recueilDS-idf-043-2025-05-recueil-des-actes-administratifs-special%20du%2023.05.2025.pdf"}
