{"administration":"ppparis","administration_name":"Pr\u00e9fecture de police de Paris","content":"E CABINET DU PREFETPR\u00c9FECTURE AP\u00bbDE POLICE\nFraternit\u00e9\nArr\u00eat\u00e9 n\u00b02026-00048instituant un p\u00e9rim\u00e8tre de protection et diff\u00e9rentes mesures de police applicables \u00e0 Paris etSaint-Mand\u00e9 (94) le 9 janvier 2026 \u00e0 l'occasion d'une c\u00e9r\u00e9monie comm\u00e9morative des attentatsde janvier 2015Le pr\u00e9fet de police,\nVu le code g\u00e9n\u00e9ral des collectivit\u00e9s territoriales, notamment son article L. 2512-13 ;Vu le code p\u00e9nal;Vu le code de proc\u00e9dure p\u00e9nale ;Vu le code la route, notamment son article L. 411-2;Vu le code rural et de la p\u00eache maritime, notamment ses articles L. 211-11 et L. 211-12;Vu code de la s\u00e9curit\u00e9 int\u00e9rieure, notamment ses articles L. 122-1, L. 122-2 et L. 226-1;Vu le d\u00e9cret n\u00b0 2004-374 du 29 avril 2004 modifi\u00e9 relatif aux pouvoirs des pr\u00e9fets, \u00e0l'organisation et \u00e0 l'action des services de l'Etat dans les r\u00e9gions et d\u00e9partements, notammentses articles 72 et 73;Vu le d\u00e9cret du 22 octobre 2025 par lequel M. Patrice FAURE, administrateur de l'Etat dutroisi\u00e8me grade, directeur de cabinet du Pr\u00e9sident de la R\u00e9publique, est nomm\u00e9 pr\u00e9fet depolice (groupe I), \u00e0 compter du 23 octobre 2025;Consid\u00e9rant que, en application des articles L. 122-1 et L. 122-2 du code de la s\u00e9curit\u00e9int\u00e9rieure et 72 et 73 du d\u00e9cret du 29 avril 2004 susvis\u00e9, le pr\u00e9fet de police a la charge del'ordre public, notamment la pr\u00e9vention des atteintes \u00e0 la s\u00e9curit\u00e9 des personnes et des biens,\u00e0 Paris et dans le d\u00e9partement du Val-de-Marne;Consid\u00e9rant que, en application de l'article L. 226-1 du code de la s\u00e9curit\u00e9 int\u00e9rieure, le pr\u00e9fetde police peut, en vue d'assurer la s\u00e9curit\u00e9 d'un lieu ou d'un \u00e9v\u00e9nement expos\u00e9 \u00e0 un risqued'actes de terrorisme \u00e0 raison de sa nature et de l'ampleur de sa fr\u00e9quentation, instituer pararr\u00eat\u00e9 motiv\u00e9 un p\u00e9rim\u00e8tre de protection au sein duquel l'acc\u00e8s et la circulation despersonnes sont r\u00e9glement\u00e9s ; que cet arr\u00eat\u00e9 peut autoriser les agents mentionn\u00e9s aux 2\u00b0 \u00e0 4\u00b0de l'article 16 du code de proc\u00e9dure p\u00e9nale et, sous la responsabilit\u00e9 de ces agents, ceuxmentionn\u00e9s \u00e0 l'article 20 et aux 1\u00b0, 1\u00b0bis et 1\u00b0ter de l'article 21 du m\u00eame code \u00e0 proc\u00e9der, ausein du p\u00e9rim\u00e8tre de protection, avec le consentement des personnes faisant l'objet de cesv\u00e9rifications, \u00e0 des palpations de s\u00e9curit\u00e9, \u00e0 l'inspection visuelle et \u00e0 la fouille des bagages,ainsi qu'\u00e0 la visite des v\u00e9hicules susceptibles de p\u00e9n\u00e9trer au sein de ce p\u00e9rim\u00e8tre ;Consid\u00e9rant que se d\u00e9roulera \u00e0 Paris et Saint-Mand\u00e9 (94) le 9 janvier 2026 une c\u00e9r\u00e9monie enm\u00e9moire des victimes de l'attentat de l'Hypercacher commis en janvier 2015; que dans lecontexte actuel national et international de menace tr\u00e8s \u00e9lev\u00e9e, cette c\u00e9r\u00e9monie estsusceptible de constituer une cible privil\u00e9gi\u00e9e et symbolique pour des actes de nature\n \n \n \n \n \n \n \n \n \n \n \n \n1\nterroriste; que, par ailleurs, la menace terroriste sollicite toujours a un niveau \u00e9lev\u00e9 les forcesde s\u00e9curit\u00e9 int\u00e9rieure dans le cadre du plan VIGIPIRATE \u00ab urgence attentat\u00bb en vigueur surl'ensemble du territoire national depuis le 24 mars 2024;Consid\u00e9rant qu'il appartient a l'autorit\u00e9 de police comp\u00e9tente de prendre les mesuresadapt\u00e9es, n\u00e9cessaires et proportionn\u00e9es visant a garantir la s\u00e9curit\u00e9 des personnes et desbiens; que des mesures applicables le vendredi 9 janvier 2026 instituant un p\u00e9rim\u00e9tre deprotection aux abords de la c\u00e9r\u00e9monie comm\u00e9morative r\u00e9pondent a ces objectifs ;\nARRETE :TITRE PREMIERINSTITUTION D'UN PERIMETRE DE PROTECTIONArticle 1\u00b0 \u2014 Le vendredi 9 janvier 2026 de 11h00 a 17h00, il est institu\u00e9 un p\u00e9rim\u00e8tre deprotection, d\u00e9limit\u00e9 selon la cartographie en annexe, au sein duquel l'acc\u00e8s et la circulationdes personnes sont r\u00e9glement\u00e9s dans les conditions fix\u00e9es par le pr\u00e9sent arr\u00eat\u00e9.Article 2 - Les points d'acc\u00e8s au p\u00e9rim\u00e8tre sont situ\u00e9s :\n\u00a9\"l'angle de l'avenue Quihou et de la rue des Vall\u00e9es ;\nI\n\u00a9l'angle de l'avenue Gallieni et de l'avenue Quihou ;\nI\n\u00a9l'angle de la rue du Commandant l'Herminier et de la rue des Vall\u00e9es ;\nI\nrel'angle de la rue Elie Faure et de l'avenue Gallieni.\nTITRE IIMESURES DE POLICE APPLICABLES A L'INTERIEUR DU PERIMETRE DE PROTECTIONArticle 3 - Dans le p\u00e9rim\u00e8tre institu\u00e9 et durant la p\u00e9riode mentionn\u00e9e par l'article 1\u00b0, lesmesures suivantes sont applicables :1\u00b0 Mesures applicables aux usagers de la voie publique :a) Sont interdits :- tout rassemblement de nature revendicative;- le port, le transport et l'utilisation des artifices de divertissement, des articlespyrotechniques, des armes \u00e0 feu, y compris factices, et des munitions, ainsi que de tousobjets susceptibles de constituer une arme au sens de l'article 132-75 du code p\u00e9nal oupouvant servir de projectile pr\u00e9sentant un danger pour la s\u00e9curit\u00e9 des personnes et desbiens;- l'acc\u00e8s des animaux dangereux au sens des articles L. 211-11 et suivants du code rural etde la p\u00eache maritime, en particulier les chiens des 1\u00b0\" et 2\u00b0\"\u00b0 cat\u00e9goriesb) Pour acc\u00e9der au p\u00e9rim\u00e8tre institu\u00e9 par l'article 1\u00b0 ou y circuler, les personnes ontl'obligation de se soumettre, \u00e0 la demande des agents autoris\u00e9s par le pr\u00e9sent arr\u00eat\u00e9 \u00e0proc\u00e9der \u00e0 ces v\u00e9rifications, a des palpations de s\u00e9curit\u00e9, \u00e0 l'inspection visuelle et \u00e0 la fouilledes bagages ainsi qu'\u00e0 la visite de leur v\u00e9hicule\n2026-00048 2\n \n  \n \n \n \n\u00a0\n\u00a0\n\u00a0\n \n \n \n.\n ;\nc) Les personnes qui pour des raisons personnelles, professionnelles ou familiales doiventacc\u00e9der a l'int\u00e9rieur du p\u00e9rim\u00e8tre de protection et y circuler sont invit\u00e9es \u00e0 se signaler aupr\u00e8sde l'autorit\u00e9 de police sur place afin de pouvoir faire l'objet d'une mesure de filtrage adapt\u00e9e;2\u00b0 Mesures autorisant les personnels charg\u00e9s de la s\u00e9curit\u00e9 \u00e0 proc\u00e9der aux v\u00e9rifications- les officiers de police judiciaire mentionn\u00e9s aux 2\u00b0 \u00e0 4\u00b0 de l'article 16 du code deproc\u00e9dure p\u00e9nale et, sous leur responsabilit\u00e9, les agents de police judiciaire mentionn\u00e9s\u00e0 l'article 20 du m\u00eame code, ainsi que les agents de police judiciaire adjointsmentionn\u00e9s aux 1\u00b0, 1\u00b0 bis et 1\u00b0 ter de l'article 21 du m\u00eame code, sont autoris\u00e9s aproc\u00e9der, avec le consentement des personnes faisant l'objet de ces v\u00e9rifications, \u00e0 despalpations de s\u00e9curit\u00e9, \u00e0 l'inspection visuelle des bagages et \u00e0 leur fouille, ainsi qu'\u00e0 lavisite des v\u00e9hiculesArticle 4 \u2014- Sans pr\u00e9judice des sanctions p\u00e9nales auxquelles s'exposent les personnes eninfraction avec les dispositions du pr\u00e9sent titre, celles qui refusent de se soumettre \u00e0l'inspection visuelle de leurs bagages \u00e0 main, \u00e0 leur fouille, \u00e0 des palpations de s\u00e9curit\u00e9 ou \u00e0 lavisite de leur v\u00e9hicule peuvent se voir interdire l'acc\u00e8s au p\u00e9rim\u00e8tre institu\u00e9 par le titre 1\u00b0 ou\u00eatre conduites \u00e0 l'ext\u00e9rieur de celui-ci.TITRE IIIDISPOSITIONS FINALES\nArticle 5 \u2014 Les mesures pr\u00e9vues par le pr\u00e9sent arr\u00eat\u00e9 peuvent \u00eatre lev\u00e9es et r\u00e9tablies surd\u00e9cision du repr\u00e9sentant sur place de l'autorit\u00e9 de police, en fonction de l'\u00e9volution de lasituation.Article 6 - Le pr\u00e9fet du Val-de-Marne, le pr\u00e9fet, directeur du cabinet du pr\u00e9fet de police, ledirecteur de l'ordre public et de la circulation et le directeur de la s\u00e9curit\u00e9 de proximit\u00e9 del'agglom\u00e9ration parisienne sont charg\u00e9s, chacun en ce qui le concerne, de l'ex\u00e9cution dupr\u00e9sent arr\u00eat\u00e9 qui entrera en vigueur d\u00e8s son affichage aux portes de la pr\u00e9fecture de police,sera publi\u00e9 aux recueils des actes administratifs du d\u00e9partement de Paris et de la pr\u00e9fecturedu Val-de-Marne, consultable sur le site internet de la pr\u00e9fecture de police(https://www.prefecturedepolice.interieur.gouv.fr), transmis aux procureurs de la R\u00e9publiquepr\u00e8s les tribunaux judiciaires de Paris et de Cr\u00e9teil et transmis \u00e0 la mairie de Paris.Fait a Paris, le 8 janvier 2026\nSIGNEPatrice FAURE\n2026-00048 3\n \n :\n.\nAnnexe de l'arr\u00eat\u00e9 n\u00b0 2026-00048 du 8 janvier 2026\nVOIES ET DELAIS DE RECOURS\nSi vous estimez devoir contester le pr\u00e9sent arr\u00eat\u00e9, il vous est possible, dans un d\u00e9laide deux mois \u00e0 compter de la date de son affichage ou de sa publication au recueil des actesadministratifs du d\u00e9partement de Paris :\n- soit de saisir d'un RECOURS GRACIEUXle Pr\u00e9fet de Police7/9, boulevard du Palais - 75195 PARIS RP- ou de former un RECOURS HIERARCHIQUEaupr\u00e8s du Ministre de l'int\u00e9rieurDirection des libert\u00e9s publiques et des affaires juridiquesplace Beauvau - 75008 PARIS- soit de saisir d'un RECOURS CONTENTIEUXle Tribunal administratif comp\u00e9tent\nAucune de ces voies et recours ne suspend l'application de la pr\u00e9sente d\u00e9cision.Les recours GRACIEUX et HIERARCHIQUE doivent \u00eatre \u00e9crits, exposer lesarguments ou faits nouveaux et comprendre la copie de l'arr\u00eat\u00e9 contest\u00e9.Le recours CONTENTIEUX, qui vise \u00e0 contester la LEGALITE de la pr\u00e9sente d\u00e9cision,doit \u00e9galement \u00eatre \u00e9crit et exposer votre argumentation juridique.Si vous n'aviez pas de r\u00e9ponse \u00e0 votre recours GRACIEUX ou HIERARCHIQUE dansun d\u00e9lai de deux mois \u00e0 compter de la r\u00e9ception de votre recours par l'administration, votredemande devra \u00eatre consid\u00e9r\u00e9e comme rejet\u00e9e (d\u00e9cision implicite de rejet).En cas de rejet des recours GRACIEUX ou HIERARCHIQUE, le Tribunal administratifpeut \u00eatre saisi d'un recours contentieux dans le d\u00e9lai de deux mois \u00e0 compter de la date de lad\u00e9cision de rejet.\n2026-00048 4\nOSHOLV202WHIANVESONG\u20acNOISWIALUISJULIWIYAd920812/AUer60Ipalpua,Npsauinor14Q40O,QADIAYASO114Nd340401\u00c03210430\"dbn\n\"4\n.CoESoeMETTENT)Taal\n2026-00048","date":"2026-01-08","first_seen_on":"2026-01-08T21:04:36+00:00","id":"21fa203551a98c5b3e4ff855b0440da770f7d0d8781ce787658f59aa8c6dc253","name":"Arr\u00eat\u00e9 n\u00b02026-00048 instituant un p\u00e9rim\u00e8tre de protection et diff\u00e9rentes mesures de police applicables \u00e0 Paris et Saint-Mand\u00e9 (94) le 9 janvier 2026 \u00e0 l\u2019occasion d\u2019une c\u00e9r\u00e9monie comm\u00e9morative des attentats de janvier 2015","pdf_creation_date":"2026-01-08T17:30:35+00:00","pdf_modification_date":"2026-01-08T17:30:35+00:00","timezone":"Europe/Paris","url":"https://www.prefecturedepolice.interieur.gouv.fr/sites/default/files/Documents/arrete_ndeg2026-00048_instituant_un_perimetre_de_protection_et_differentes_mesures_de_police_applicables_a_paris_et_saint-mande_94_le_9_janvier_2026_a_l_occasion_d_une_ceremonie_commemorative_des_attentats_de_janvie.pdf"}
