{"administration":"prefidf","administration_name":"Pr\u00e9fecture de la r\u00e9gion \u00cele-de-France","content":"PREFECTURE\nREGION ILE DE\nFRANCE\nRECUEIL DES ACTES\nADMINISTRATIFS SP\u00c9CIAL\nN\u00b0IDF-030-2025-09\nPUBLI\u00c9 LE 10 SEPTEMBRE 2025\nSommaire\nAgence R\u00e9gionale de Sant\u00e9 / Agence r\u00e9gionale de sant\u00e9\nd'Ile-de-France-Cabinet\nIDF-2025-09-04-00016 - Arr\u00eat\u00e9 n\u00b0DS 025-2025 portant d\u00e9l\u00e9gation\nde signature (2 pages) Page 3\nRectorat de la r\u00e9gion acad\u00e9mique d'Ile-de-France, rectorat de\nl'acad\u00e9mie de Paris /\nIDF-2025-09-09-00006 - Arr\u00eat\u00e9 n\u00b0 2025-139-RRA du secr\u00e9taire\ng\u00e9n\u00e9ral de la r\u00e9gion acad\u00e9mique d'Ile-de-France portant\nsubd\u00e9l\u00e9gation de signature en mati\u00e8re administrative aux services\nr\u00e9gionaux (3 pages) Page 6\n2\nAgence R\u00e9gionale de Sant\u00e9\nIDF-2025-09-04-00016\nArr\u00eat\u00e9 n\u00b0DS 025-2025 portant d\u00e9l\u00e9gation de\nsignature\nAgence R\u00e9gionale de Sant\u00e9 - IDF-2025-09-04-00016 - Arr\u00eat\u00e9 n\u00b0DS 025-2025 portant d\u00e9l\u00e9gation de signature 3\nEoREPUBLIQUEFRANCAISELibert\u00e9Egalit\u00e9Fraternit\u00e9\n\u00a9 D Agence R\u00e9gionale de Sant\u00e9\u00cele-de-France\n \n1/2 \n \n \n \nAGENCE R\u00c9GIONALE DE SANT\u00c9 \u00ceLE-DE-FRANCE \nARR\u00caT\u00c9 N\u00b0 DS 025-2025 \nportant d\u00e9l\u00e9gation de signature \n \nLE DIRECTEUR G\u00c9N\u00c9RAL DE L'AGENCE R\u00c9GIONALE DE SANT\u00c9 \u00ceLE-DE-FRANCE \n \n \nVU le code de la sant\u00e9 publique et notamment le titre III du livre IV de la premi\u00e8re partie consacr\u00e9 \naux Agences r\u00e9gionales de sant\u00e9 ; \n \nVU le code de l'action sociale et des familles ; \n \nVU le code de la s\u00e9curit\u00e9 sociale ; \n \nVU le code du travail ; \n \nVU \n \nVU \n \nVU \nle code de la d\u00e9fense ; \n \nle code de l'environnement ; \n \nle d\u00e9cret du 10 avril 2024 portant nomination de Monsieur Denis ROBIN, Directeur g\u00e9n\u00e9ral de \nl'Agence r\u00e9gionale de sant\u00e9 d'\u00cele-de-France, \u00e0 compter du 29 avril 2024 ; \n \nARR\u00caTE \n \nARTICLE 1 : D\u00e9l\u00e9gation est donn\u00e9e \u00e0 M onsieur Guillaume ZUCMAN , Dire cteur de cabinet d u \nDirecteur g\u00e9n\u00e9ral, \u00e0 effet de signer, tous les actes relevant de sa direction relatifs aux \ndomaines suivants : \n \n- Cabinet du Directeur g\u00e9n\u00e9ral \n- Inspection R\u00e9gionale Autonomie Sant\u00e9. \n \nCette d\u00e9l\u00e9gation inclut la signature de tous les actes ou pi\u00e8ces, relatifs aux proc\u00e9dures \ncontentieuses relevant des actes faisant grief, dans les domaines vis\u00e9s ci-dessus et la \nd\u00e9signation des agents, plac\u00e9s sous son autorit\u00e9, charg\u00e9s d'assurer la repr\u00e9se ntation \ndu Directeur g\u00e9n\u00e9ral de l'Agence r\u00e9gionale de sant\u00e9 \u00cele-de-France \u00e0 l'audience dans \nle cadre desdites proc\u00e9dures. \n  \n  \nARTICLE 2 : \n \nDemeurent r\u00e9serv\u00e9s \u00e0 la signature du Directeur g\u00e9n\u00e9ral de l'Agence r\u00e9gionale de sant\u00e9 \n\u00cele-de-France : \n \n- Les actes de saisine des tribunaux administratifs et de la chambre r\u00e9gionale des    \ncomptes d'\u00cele-de-France, \n- Les correspondances adress\u00e9es au Pr\u00e9sident de la R\u00e9publique, aux Ministres, aux  \nmembres du Gouvernement, aux Parlementaires  et aux Pr\u00e9sidents des conseils \nr\u00e9gionaux et d\u00e9partementaux. \n  \nAgence R\u00e9gionale de Sant\u00e9 - IDF-2025-09-04-00016 - Arr\u00eat\u00e9 n\u00b0DS 025-2025 portant d\u00e9l\u00e9gation de signature 4\n \n2/2 \n \nARTICLE 3 : \n \nEn cas d'absence ou d'emp\u00eachement de Monsieur Guillaume ZUCMAN, Directeur de \ncabinet du Directeur g\u00e9n\u00e9ral, d\u00e9l\u00e9gation de signature est donn\u00e9e, dans la limite de son \nchamp de comp\u00e9tence, \u00e0 :  \n \n \nNom du cadre et qualit\u00e9 Mati\u00e8re et domaine concern\u00e9 \nMonsieur Damian MATHEY, Directeur de \nl'Inspection R\u00e9gionale Autonomie Sant\u00e9 \nInspections \n \n \n  \n  \nARTICLE 4 : \n \nL'arr\u00eat\u00e9 n\u00b0 DS 013-2025 du 15 juillet 2025 portant d\u00e9l\u00e9gation de signature du Directeur \ng\u00e9n\u00e9ral de l'Agence r\u00e9gionale de sant\u00e9 \u00cele-de-France est abrog\u00e9. \n \n \nARTICLE 5 : \n \n \n \n \nLe Directeur de cabinet d u Directeur g\u00e9n\u00e9ral est charg\u00e9 de l'ex\u00e9cution du pr\u00e9sent \narr\u00eat\u00e9 qui sera publi\u00e9 au recueil des actes administratifs  de la pr\u00e9fecture de la r\u00e9gion \n\u00cele-de-France. \n \n \nFait \u00e0 Saint-Denis, le 4 septembre 2025 \n \nLe Directeur g\u00e9n\u00e9ral \nde l'Agence r\u00e9gionale de sant\u00e9 \n\u00cele-de-France \n \nDenis ROBIN \n \n \n \nAgence R\u00e9gionale de Sant\u00e9 - IDF-2025-09-04-00016 - Arr\u00eat\u00e9 n\u00b0DS 025-2025 portant d\u00e9l\u00e9gation de signature 5\nRectorat de la r\u00e9gion acad\u00e9mique\nd'Ile-de-France, rectorat de l'acad\u00e9mie de Paris\nIDF-2025-09-09-00006\nArr\u00eat\u00e9 n\u00b0 2025-139-RRA du secr\u00e9taire g\u00e9n\u00e9ral de\nla r\u00e9gion acad\u00e9mique d'Ile-de-France portant\nsubd\u00e9l\u00e9gation de signature en mati\u00e8re\nadministrative aux services r\u00e9gionaux\nRectorat de la r\u00e9gion acad\u00e9mique d'Ile-de-France, rectorat de l'acad\u00e9mie de Paris - IDF-2025-09-09-00006 - Arr\u00eat\u00e9 n\u00b0 2025-139-RRA du\nsecr\u00e9taire g\u00e9n\u00e9ral de la r\u00e9gion acad\u00e9mique d'Ile-de-France portant subd\u00e9l\u00e9gation de signature en mati\u00e8re administrative aux services\nr\u00e9gionaux\n6\nww .REGION ACADEMIQUEILE-DE-FRANCELibert\u00e9Egalit\u00e9Fraternit\u00e9\n \n \n \n \n \n \n \n \n \n \n \nArr\u00eat\u00e9 n\u00b0 2025-139-RRA portant subd\u00e9l\u00e9gation \nde signature en mati\u00e8re administrative  \n \nLE SECRETAIRE GENERAL DE LA REGION ACADEMIQUE \u00ceLE-DE-FRANCE, \n \n \nVu le code de l'\u00e9ducation, notamment les articles R.222-17 et R. 222-24-2 ; \nVu la loi n\u00b0 72-619 du 5 juillet 1972 modifi\u00e9e portant cr\u00e9ation et organisation des r\u00e9gions, notamment son \narticle 21-1 ; \nVu la loi n\u00b0 82-213 du 2 mars 1982 modifi\u00e9e relative aux droits et libert\u00e9s des communes, des d\u00e9partements \net des r\u00e9gions, et notamment son article 34  ; \nVu le d\u00e9cret n\u00b0 20 04-374 du 29 avril 2004 modifi\u00e9 relatif aux pouvoirs des pr\u00e9fets, \u00e0 l'organisation et \u00e0 \nl'action des services de l'Etat dans les r\u00e9gions et d\u00e9partements ; \nVu le d\u00e9cret n\u00b0 20 10-687 du 24 juin 2010 modifi\u00e9 relatif \u00e0 l'organisation et aux missions des  services de \nl'Etat dans la r\u00e9gion et les d\u00e9partements d'Ile-de-France ; \nVu le d\u00e9cret n\u00b0 2 019-1200 du 20 novembre 2019 relatif \u00e0 l'organisation des services d\u00e9concentr\u00e9s des \nministres charg\u00e9s de l'\u00e9ducation nationale et de l'enseignement sup\u00e9rieur, de la recherche et de \nl'innovation ; \nVu le d\u00e9cret n\u00b0 2020-1542 du 9 d\u00e9cembre 2020 relatif aux services d\u00e9concentr\u00e9s du minist\u00e8re de \nl'\u00e9ducation nationa le, de la jeunesse et des sports et du minist\u00e8re de l'enseignement sup\u00e9rieur, de la \nrecherche et de l'innovation ; \nVu l'arr\u00eat\u00e9 interminist\u00e9riel en date du 31 janvier 2025 nommant M. Fabien OPPERMANN dans l'emploi de \nsecr\u00e9taire g\u00e9n\u00e9ral de la r\u00e9gion acad\u00e9mique Ile-de-France ; \nVu l'arr\u00eat\u00e9 n\u00b02025-027 RRA du 27 mars 2025 portant d\u00e9l\u00e9gation de signature au secr\u00e9taire g\u00e9n\u00e9ral de la \nr\u00e9gion acad\u00e9mique Ile-de-France ; \nVu l'arr\u00eat\u00e9 interminist\u00e9riel en date du 22 septembre 2023 nommant Mme Roxane LAVERGNE dans l'emploi \nde secr\u00e9taire g\u00e9n\u00e9rale adjointe de la r\u00e9gion acad\u00e9mique Ile-de-France ; \nVu l'arr\u00eat\u00e9 interminist\u00e9riel en date du 28 janvier 2025 portant affectation de M. Jacques de SURREL en tant \nque Directeur des affaires r\u00e9gionales et immobili\u00e8res de la r\u00e9gion acad\u00e9mique Ile-de-France ; \nVu l'arr\u00eat\u00e9 de la ministre de l'Education nationale, de l'Enseignement sup\u00e9rieur et de la Recherche en date \ndu 28 juillet 2025  nommant M. Richard CHANTIER dans l'emploi de d\u00e9l\u00e9gu\u00e9 de r\u00e9gion acad\u00e9mique \u00e0 la \nformation professionnelle initi ale et continue  de la r\u00e9gion acad\u00e9mique \u00cele -de-France \u00e0 compter du 1 er \nseptembre 2025; \nVu l'arr\u00eat\u00e9 du ministre de l'Education nationale en date du 22 d\u00e9cembre 2020 nommant  \nMme Patricia BLOCH dans l'emploi de d\u00e9l\u00e9gu\u00e9e de r\u00e9gion acad\u00e9mique \u00e0 l'information et \u00e0 l'orientation de \nla r\u00e9gion acad\u00e9mique Ile-de-France; \nRectorat de la r\u00e9gion acad\u00e9mique d'Ile-de-France, rectorat de l'acad\u00e9mie de Paris - IDF-2025-09-09-00006 - Arr\u00eat\u00e9 n\u00b0 2025-139-RRA du\nsecr\u00e9taire g\u00e9n\u00e9ral de la r\u00e9gion acad\u00e9mique d'Ile-de-France portant subd\u00e9l\u00e9gation de signature en mati\u00e8re administrative aux services\nr\u00e9gionaux\n7\n \n \nVu l'arr\u00eat\u00e9 de la ministre de l'Education nationale en date du 16 octobre 2024 nommant M. Pierre CAUTY \ndans l'emploi de d\u00e9l\u00e9gu\u00e9 r\u00e9gional acad\u00e9mique au num\u00e9rique \u00e9ducatif de la r\u00e9gion acad\u00e9mique Ile -de-\nFrance ; \nVu l'arr\u00eat\u00e9 minist\u00e9riel du 14 f\u00e9vrier 2022 portant cr\u00e9ation du service r\u00e9gional acad\u00e9mique des syst\u00e8mes \nd'information de la r\u00e9gion acad\u00e9mique Ile-de-France ; \nVu l'arr\u00eat\u00e9 2020-04-RRA du 1er mars 2020 du recteur de la r\u00e9gion acad\u00e9mique Ile de France portant cr\u00e9ation \nde la d\u00e9l\u00e9gation r\u00e9gionale acad\u00e9mique \u00e0 la formation professionnelle initiale et continue ; \nVu l'arr\u00eat\u00e9 2020-05-RRA du 1er mars 2020 du recteur de la r\u00e9gion acad\u00e9mique Ile de France portant cr\u00e9ation \nde la d\u00e9l\u00e9gation r\u00e9gionale acad\u00e9mique \u00e0 l'information et \u00e0 l'orientation  de la r\u00e9gion acad\u00e9mique I le-de-\nFrance ; \nVu l'arr\u00eat\u00e9 2020-30-RRA du 17 novembre 2020 du recteur de la r\u00e9gion acad\u00e9mique Ile de France portant \ncr\u00e9ation du service r\u00e9gional de l'immobilier de la r\u00e9gion acad\u00e9mique Ile-de-France ; \nVu l'arr\u00eat\u00e9 2020-31-RRA du 17 novembre 2020 du recteur de la r\u00e9gion acad\u00e9mique Ile de France portant \ncr\u00e9ation du service r\u00e9gional des achats de la r\u00e9gion acad\u00e9mique Ile-de-France ; \nVu l'arr\u00eat\u00e9 2022-03-RRA du 1er f\u00e9vrier 2022 du recteur de la r\u00e9gion acad\u00e9mique Ile de France portant \ncr\u00e9ation de la d\u00e9l\u00e9gation r\u00e9gionale acad\u00e9mique aux relations europ\u00e9ennes et internationales et \u00e0 la \ncoop\u00e9ration de la r\u00e9gion acad\u00e9mique Ile-de-France ; \nVu l'arr\u00eat\u00e9 2022-147-RRA du 1er septembre 2022 du recteur de la r\u00e9gion acad\u00e9mique Ile de France portant \nnomination de M. Antoine GODBERT en tant que chef de la d\u00e9l\u00e9gation r\u00e9gionale acad\u00e9mique aux relations \neurop\u00e9ennes et internationales et \u00e0 la coop\u00e9ration de la r\u00e9gion acad\u00e9mique Ile-de-France ; \nVu l'arr\u00eat\u00e9 2022 -04-RRA du 1 er f\u00e9vrier 2022 du recteur de la r\u00e9gion acad\u00e9mique Ile de France portant \ncr\u00e9ation de la d\u00e9l\u00e9gation r\u00e9gionale acad\u00e9mique au num\u00e9rique \u00e9ducatif  de la r\u00e9gion acad\u00e9mique I le-de-\nFrance ; \nVu l'arr\u00eat\u00e9 de la ministre de l'Education nationale, de l'Enseignement sup\u00e9rieur et de la Recherche du 1er \navril 2025 portant nomination de M. Fran\u00e7ois GILLES dans l'emploi de directeur r\u00e9gional acad\u00e9mique des \nsyst\u00e8mes d'information de la r\u00e9gion acad\u00e9mique Ile-de-France ; \nVu l'arr\u00eat\u00e9 2024-27-RRA du 21 mars 2024, nommant M. Daniel YALCIN chef du service r\u00e9gional des achats \nde la r\u00e9gion acad\u00e9mique \u00cele-de-France ; \nVu la d\u00e9cision en date du 31 juillet 2025 nommant M. Tuan L\u00ca MINH chef du service r\u00e9gional de l'immobilier \nde la r\u00e9gion acad\u00e9mique Ile-de-France ; \n \nARRETE \nARTICLE 1 : \nEn cas d'absence ou d'emp\u00eachement de M. Fabien OPPERMANN, secr\u00e9taire g\u00e9n\u00e9ral de la r\u00e9gion \nacad\u00e9mique Ile-de-France, subd\u00e9l\u00e9gation de signature est donn\u00e9e \u00e0 Mme Roxane LAVERGNE , \nsecr\u00e9taire g\u00e9n\u00e9rale adjointe de la r\u00e9gion acad\u00e9mique Ile-de-France, \u00e0 l'effet de signer, dans la \nlimite de ses attributions et comp\u00e9tences, tous arr\u00eat\u00e9s, circulaires, d\u00e9cisions, pi\u00e8ces, conventions \net correspondances relatifs \u00e0 la mise en \u0153uvre des comp\u00e9tences \u00e9num\u00e9r\u00e9es dans  l'article               \nR. 222-24-2 du code de l'\u00e9ducation, \u00e0 l'exception du 3e du I de l'article R. 222-24-2 pr\u00e9cit\u00e9. \nARTICLE 2 : \nEn cas d'absence ou d'emp\u00eachement de M. Fabien OPPERMANN, secr\u00e9taire g\u00e9n\u00e9ral de la r\u00e9gion \nacad\u00e9mique Ile-de-France, et de Mme Roxane LAVERGNE, secr\u00e9taire g\u00e9n\u00e9rale adjointe de la \nr\u00e9gion acad\u00e9mique, subd\u00e9l\u00e9gation de signature en mati\u00e8re administrative est donn\u00e9e \u00e0 l'effet \nde signer les arr\u00eat\u00e9s, d\u00e9cisions, pi\u00e8ces ou conventions d\u00e9sign\u00e9s \u00e0 l'article 1er du pr\u00e9sent arr\u00eat\u00e9, \ndans la limite de leurs attributions respectives, \u00e0 : \nRectorat de la r\u00e9gion acad\u00e9mique d'Ile-de-France, rectorat de l'acad\u00e9mie de Paris - IDF-2025-09-09-00006 - Arr\u00eat\u00e9 n\u00b0 2025-139-RRA du\nsecr\u00e9taire g\u00e9n\u00e9ral de la r\u00e9gion acad\u00e9mique d'Ile-de-France portant subd\u00e9l\u00e9gation de signature en mati\u00e8re administrative aux services\nr\u00e9gionaux\n8\n \n \n\uf0b7 M. Jacques de SURREL , directeur des affaires g\u00e9n\u00e9rales et immobili\u00e8res  de la r\u00e9gion \nacad\u00e9mique Ile-de-France ; \n\uf0b7 Monsieur Richard CHANTIER , d\u00e9l\u00e9gu\u00e9 de r\u00e9gion acad\u00e9mique \u00e0 la formation professionnelle \ninitiale et continue de la r\u00e9gion acad\u00e9mique Ile-de-France; \n\uf0b7 Mme Patricia BLOCH, d\u00e9l\u00e9gu\u00e9e de r\u00e9gion acad\u00e9mique \u00e0 l'information et \u00e0 l'orientation  de la \nr\u00e9gion acad\u00e9mique Ile-de-France ; \n\uf0b7 M. Antoine GODBERT, chef de la d\u00e9l\u00e9gation r\u00e9gionale acad\u00e9mique aux relations europ\u00e9ennes \net internationales et \u00e0 la coop\u00e9ration de la r\u00e9gion acad\u00e9mique Ile-de-France ; \n\uf0b7 M. Pierre CAUTY , d\u00e9l\u00e9gu\u00e9 r\u00e9gional acad\u00e9mique au num\u00e9rique \u00e9ducatif de la r\u00e9gion  \nacad\u00e9mique Ile-de-France ; \n\uf0b7 M. Fran\u00e7ois GILLES directeur r\u00e9gional acad\u00e9mique  des syst\u00e8mes d'information de la r\u00e9gion \nacad\u00e9mique Ile-de-France ; \n\uf0b7 M. Tuan L\u00ca MINH , chef du service r\u00e9gional de l'immobilier de la r\u00e9gion acad\u00e9mique Ile -de-\nFrance ; \n\uf0b7 M. Daniel YALCIN, chef du service r\u00e9gional des achats de la r\u00e9gion acad\u00e9mique Ile-de-France. \n \nARTICLE 3 : \nL'arr\u00eat\u00e9 n\u00b02025-036-RRA du 7 avril  2025 portant subd\u00e9l\u00e9gation de signature en mati\u00e8re \nadministrative est abrog\u00e9. \n \nARTICLE 4 : \nLe secr\u00e9taire g\u00e9n\u00e9ral de la r\u00e9gion acad\u00e9mique Ile-de-France est charg\u00e9 de l'ex\u00e9cution du pr\u00e9sent \narr\u00eat\u00e9 qui sera publi\u00e9 au recueil des actes administratifs de la pr\u00e9fecture de r\u00e9gion d'Ile-de-France. \n \nFait \u00e0 Paris, le 09 septembre 2025 \n \nLe secr\u00e9taire g\u00e9n\u00e9ral de la r\u00e9gion acad\u00e9mique d'\u00cele-de-France, \n \n \n \nSign\u00e9 \n \n \nFabien OPPERMANN \nRectorat de la r\u00e9gion acad\u00e9mique d'Ile-de-France, rectorat de l'acad\u00e9mie de Paris - IDF-2025-09-09-00006 - Arr\u00eat\u00e9 n\u00b0 2025-139-RRA du\nsecr\u00e9taire g\u00e9n\u00e9ral de la r\u00e9gion acad\u00e9mique d'Ile-de-France portant subd\u00e9l\u00e9gation de signature en mati\u00e8re administrative aux services\nr\u00e9gionaux\n9","date":"2025-09-10","first_seen_on":"2025-09-10T15:49:47+00:00","id":"21fb466dd32eddbbe049396cdb9354e2a2b174c1f52d948178feacaba4706e32","name":"recueilDS-idf-030-2025-09-recueil-des-actes-administratifs-special du 10.09.2025","pdf_creation_date":"2025-09-10T14:46:13+00:00","pdf_modification_date":null,"timezone":"Europe/Paris","url":"https://www.prefectures-regions.gouv.fr/ile-de-france/irecontenu/telechargement/130870/962013/file/recueilDS-idf-030-2025-09-recueil-des-actes-administratifs-special%20du%2010.09.2025.pdf"}
