{"administration":"pref37","administration_name":"Pr\u00e9fecture d\u2019Indre-et-Loire","content":"INDRE-ET-LOIRE\nRECUEIL DES ACTES\nADMINISTRATIFS SP\u00c9CIAL\nN\u00b037-2025-12064\nPUBLI\u00c9 LE 30 D\u00c9CEMBRE 2025\nSommaire\nPr\u00e9fecture d'Indre et Loire / Service d'animation interminist\u00e9rielle des\npolitiques publiques\n37-2025-12-29-00004 - 29 12 2025 arr\u00eate subdelegation DREAL (6 pages) Page 3\n2\nPr\u00e9fecture d'Indre et Loire\n37-2025-12-29-00004\n29 12 2025 arr\u00eate subdelegation DREAL\nPr\u00e9fecture d'Indre et Loire - 37-2025-12-29-00004 - 29 12 2025 arr\u00eate subdelegation DREAL 3\nPr\u00e9fet d'Indre-et-Loire \nDirection r\u00e9gionale de l'environnement, \nde l'am\u00e9nagement et du logement \nde la r\u00e9gion Centre-Val de Loire \n \nArr\u00eat\u00e9 portant subd\u00e9l\u00e9gation de signature \n \nVU le d\u00e9cret n\u00b0 2004-374 du 29 avril 2004 modifi\u00e9 relatif aux pouvoirs des \npr\u00e9fets, \u00e0 l'organisation et \u00e0 l'action des services de l'\u00c9tat dans les r\u00e9gions et \nd\u00e9partements ; \n \nVU le d\u00e9cret n\u00b0 2009 -235 du 27 f\u00e9vrier 2009 relatif \u00e0 l'organisation et aux \nmissions des directions r\u00e9gionales de l'environnement, de l'am\u00e9nagement et du \nlogement ; \n \nVU le d\u00e9cret du 6 novembre 2024 portant nomination de  \nM. Thomas CAMPEAUX  en qualit\u00e9 de pr\u00e9fet d'Indre -et-Loire ; \n \nVU l'arr\u00eat\u00e9 minist\u00e9riel du 14 septembre 2020 nommant M. Herv\u00e9 BRUL\u00c9, directeur \nr\u00e9gional de  l'environnement, de l'am\u00e9nagement et du  logement de  la r\u00e9gion \nCentre-Val de Loire ; \n \nVU l'arr\u00eat\u00e9 minist\u00e9riel du 5 septembre 2024, renouvelant M. Herv\u00e9 BRUL\u00c9 dans les \nfonctions de directeur r\u00e9gional de l'environnement, de l'am\u00e9nagement et du log e-\nment de la r\u00e9gion Centre-Val de Loire \u00e0 compter du 5 octobre 2024 ; \n \nVU l'arr\u00eat\u00e9 pr\u00e9fectoral du 26 septembre 2025 portant  d\u00e9l\u00e9gation de signature \u00e0  \nM. Herv\u00e9 BRUL\u00c9, directeur r\u00e9gional de l'environnement, de l'am\u00e9nagement et du \nlogement de la r\u00e9gion Centre-Val de Loire ; \n \nLe directeur r\u00e9gional de l'environnement, de l'am\u00e9nagement et du \nlogement de la r\u00e9gion Centre-Val de Loire ; \n \nARR\u00caTE : \n \nArticle 1er :  \nEn application de l'article 4 de l'arr\u00eat\u00e9 pr\u00e9fectoral susvis\u00e9, d\u00e9l\u00e9gation de \nsignature est donn\u00e9e, pour l'ensemble des correspondances et d\u00e9cisions \nadministratives \u00e9num\u00e9r\u00e9es aux articles 1, 2 et 3 de l'arr\u00eat\u00e9 pr\u00e9fectoral susvis\u00e9, \n\u00e0 : \n \n- M. Florian LEWIS, directeur adjoint ; \n- M. Nicolas HARDOUIN , directeur adjoint. \nPr\u00e9fecture d'Indre et Loire - 37-2025-12-29-00004 - 29 12 2025 arr\u00eate subdelegation DREAL 4\n \nArticle 2 :  \n\u00c0 l'exclusion des d\u00e9cisions faisant suite \u00e0 un contentieux,  d\u00e9l\u00e9gation de \nsignature est accord\u00e9e aux chefs de service suivants : \n \nM. Guy BOUHIER de l'\u00c9CLUSE, chef du service \u00ab connaissance, am\u00e9nagement, \ntransition \u00e9nerg\u00e9tique et logement \u00bb, et M. Mathieu SANTUNE, adjoint au chef \nde service, \u00e0 effet de signer toutes les correspondances et d\u00e9cisions \nadministratives \u00e9num\u00e9r\u00e9es \u00e0 l'article 2-III et IV de l'arr\u00eat\u00e9 pr\u00e9fectoral susvis\u00e9. \n \nMme Diane GEDEON, cheffe du service \u00ab risques chroniques et technologiques \n\u00bb et, en cas d'absence ou d'emp\u00eachement, M. Ronan LE BER, chef du \nd\u00e9partement \u00ab risques technologiques et s\u00e9curit\u00e9 industrielle \u00bb ou \u00e0  \nMme Anne -\u00c9milie CAVAILL\u00c8S , adjointe du chef du d\u00e9partement \u00ab risques \ntechnologiques et s\u00e9curit\u00e9 industrielle ainsi que cheffe de la mission \u00ab \ns\u00e9curit\u00e9 industrielle \u00bb ou \u00e0  Mme Maud GOBLET , cheffe  du d\u00e9partement  \n\u00ab impacts,  sant\u00e9,  d\u00e9chets  \u00bb ou \u00e0 Mme C\u00e9lia MARTIN , adjointe \u00e0 la cheffe du \nd\u00e9partement \u00ab impacts, sant\u00e9, d\u00e9chets\u00bb, \u00e0 effet de signer toutes les \ncorrespondances et d\u00e9cisions  administratives \u00e9num\u00e9r\u00e9es aux articles 2-II, 2-\nV-2 \u00e0 2-V-4 de l'arr\u00eat\u00e9 pr\u00e9fectoral susvis\u00e9. \n \nM. Johnny CARTIER, chef de service \u00ab eau, biodiversit\u00e9, risques naturels et \nLoire \u00bb , et M. Aymeric LORTHOIS,  adjoint au chef de service, \u00e0 effet de signer \ntoutes les correspondances, d\u00e9cisions administratives \u00e9num\u00e9r\u00e9s \u00e0 l'article 2-\nV-1 et 2-V-5 de l'arr\u00eat\u00e9 pr\u00e9fectoral susvis\u00e9. \n \nM. Laurent MOREAU, chef du service \u00ab mobilit\u00e9s, transports \u00bb et, en cas \nd'absence ou d'emp\u00eachement, M.   Fr\u00e9d\u00e9ric LEDOUBLE , chef  du \nd\u00e9partement  \u00ab  transports r o ut i e rs et v\u00e9hicules \u00bb, \u00e0 effet de signer toutes \nles correspondances et d\u00e9cisions administratives \u00e9num\u00e9r\u00e9es \u00e0 l'article 2-I de \nl'arr\u00eat\u00e9 pr\u00e9fectoral susvis\u00e9. \n \nArticle 3 :  \n\u00c0 l'exclusion des d\u00e9cisions faisant suite \u00e0 un contentieux, d\u00e9l\u00e9gation de \nsignature est \u00e9galement accord\u00e9e : \n \nPour les affaires relevant de l'article 2 -I de l'arr\u00eat\u00e9  pr\u00e9fectoral  susvi s\u00e9 , \ndans l e u r s   domaines respectifs de comp\u00e9tence, \u00e0 : \n \nM. Didier GIRAULT, chef de l'unit\u00e9 \u00ab v\u00e9hicules \u00bb du d\u00e9partement \u00ab transports \nroutiers et v\u00e9hicules \u00bb, \nM. Geoffrey BRIDE , adjoint au chef d'unit\u00e9 \u00ab  v\u00e9hicules \u00bb du d\u00e9partement  \u00ab \ntransports routiers et v\u00e9hicules \u00bb, \nPr\u00e9fecture d'Indre et Loire - 37-2025-12-29-00004 - 29 12 2025 arr\u00eate subdelegation DREAL 5\nM. David THOMAS , technicien de l'unit\u00e9 \u00ab v\u00e9hicules \u00bb du d\u00e9partement \n\u00ab transports routiers et v\u00e9hicules  \u00bb, \nM. St\u00e9phane LE GAL, chef de l'unit\u00e9 interd\u00e9partementale  d'Indre-et-Loire et \nde Loir-et-Cher, \nMme Marie-Laure BIGNET, cheffe du p\u00f4le interd\u00e9partemental v\u00e9hicules \u00e0 \nl'unit\u00e9 interd\u00e9partementale d'Indre-et-Loire et de Loir-et-Cher, \nM. Christophe ARDHUIN, technicien v\u00e9hicules \u00e0 l'unit\u00e9 interd\u00e9partementale  \nd'Indre et Loire et de Loir-et-Cher, \nM. \u00c9rik PERROUX, technicien v\u00e9hicules \u00e0 l'unit\u00e9 interd\u00e9partementale d'Indre-\net-Loire et de Loir-et-Cher, \nM. Jacques CONNESSON , chef de l'unit\u00e9 d\u00e9partementale du Loiret, \nMme Sophie ESQUIROL, cheffe du p\u00f4le interd\u00e9partemental v\u00e9hicules \u00e0 \nl'unit\u00e9 d\u00e9partementale du Loiret, \nM. \u00c9ric ROBERT, technicien v\u00e9hicules \u00e0 l'unit\u00e9 d\u00e9partementale du Loiret, \nM. Johann PLACZEK , technicien v\u00e9hicules \u00e0 l'unit\u00e9 d\u00e9partementale du \nLoiret, \nM. Ahmed BENDIDI, technicien v\u00e9hicules \u00e0 l'unit\u00e9 d\u00e9partementale du Loiret. \n \nPour les affaires relevant de l'article 2-II de l'arr\u00eat\u00e9 pr\u00e9fectoral susvis\u00e9, \u00e0 : \nM. Ronan  LE BER, chef du d\u00e9partement \u00ab risques technologiques et s\u00e9curit\u00e9 \nindustrielle \u00bb et, en cas d'absence ou d'emp\u00eachement, ou \u00e0  \nMme Anne -\u00c9milie CAVAILL\u00c8S , adjointe du chef du d\u00e9partement \u00ab risques \ntechnologiques et s\u00e9curit\u00e9 industrielle ainsi que cheffe de la mission \u00ab s\u00e9curit\u00e9 \nindustrielle \u00bb ou  \u00e0 Mme Maud GOBLET, cheffe du d\u00e9partement \u00ab impacts, \nsant\u00e9, d\u00e9chets \u00bb ou \u00e0 Mme C\u00e9lia MARTIN , adjointe \u00e0 la cheffe du d\u00e9partement \n\u00ab impacts, sant\u00e9, d\u00e9chets \u00bb.  \n \nPour les affaires relevant de l'article 2 -III de l'arr\u00eat\u00e9 pr\u00e9fectoral susvis\u00e9, \u00e0  : \nMme Pascale FESTOC , cheffe du d\u00e9partement \u00ab  \u00e9nergie, air, climat  \u00bb et, en cas \nd'absence ou d'emp\u00eachement, \u00e0 Mme Saranto RANDRIANALIMANANA , ad-\njointe \u00e0 la cheffe de d\u00e9partement.  \n \nPour les affaires relevant de l'article 2 -III-4. de l'arr\u00eat\u00e9 pr\u00e9fectoral susvis\u00e9, \u00e0  : \nMme Isabelle FOURNIER -CEDELLE, charg\u00e9e de mission \u00ab  g\u00e9othermie, conces-\nsions p\u00e9troli\u00e8res, stockages souterrains gaz et apr\u00e8s -mines \u00bb et  \nMme Maria CELLAMARO , charg\u00e9e de mission  \u00ab g\u00e9othermie et ouvrages \u00e9lec-\ntriques \u00bb. \n \nPour les affaires relevant de l'article 2-IV de l'arr\u00eat\u00e9 pr\u00e9fectoral susvis\u00e9, \u00e0 : \nMme Pascale FESTOC, cheffe du d\u00e9partement \u00ab \u00e9nergie, air et climat \u00bb et, en \ncas d'absence ou d'emp\u00eachement, \u00e0 Mme Saranto RANDRIANALIMANANA , \nadjointe \u00e0 la cheffe de d\u00e9partement et  Mme Christelle ST\u00c9PIEN, du \nd\u00e9partement \u00ab \u00e9nergie, air et climat \u00bb. \n \nPr\u00e9fecture d'Indre et Loire - 37-2025-12-29-00004 - 29 12 2025 arr\u00eate subdelegation DREAL 6\nPour les affaires relevant de l'article 2-V-1.1 \u00e0 1.4 de l'arr\u00eat\u00e9 pr\u00e9fectoral susvis\u00e9, \n\u00e0 : \nM. Pierre GRZELEC, chef du d\u00e9partement \u00ab biodiversit\u00e9 \u00bb, M. S\u00e9bastien COLAS, \nchef de l'unit\u00e9 \u00ab gestion des espaces naturels \u00bb. \n \nPour les affaires relevant de l'article 2-V-1.5 de l'arr\u00eat\u00e9 pr\u00e9fectoral susvis\u00e9, \u00e0 : \nM. Pierre GRZELEC , chef du d\u00e9partement \u00ab biodiversit\u00e9 \u00bb et  \nM. S\u00e9bastien COLAS, chef de l'unit\u00e9 \u00ab gestion des espaces naturels \u00bb. \n \nPour les affaires relevant de l'article 2-V-2 de l'arr\u00eat\u00e9 pr\u00e9fectoral susvis\u00e9, \u00e0 : \nMme Maud GOBLET, cheffe du d\u00e9partement \u00ab impacts, sant\u00e9, d\u00e9chets \u00bb ou \u00e0 \nMme C\u00e9lia MARTIN , adjointe \u00e0 la cheffe du d\u00e9partement \u00ab impacts, sant\u00e9, \nd\u00e9chets \u00bb, et en cas d'absence ou d'emp\u00eachement, \u00e0 M. Ronan LE BER, chef du \nd\u00e9partement \u00ab risques technologiques et s\u00e9curit\u00e9 industrielle \u00bb  ou \u00e0  \nMme Anne -\u00c9milie CAVAILL\u00c8S , adjointe du chef du d\u00e9parteme nt \u00ab risques \ntechnologiques et s\u00e9curit\u00e9 industrielle ainsi que cheffe de la mission \u00ab s\u00e9curit\u00e9 \nindustrielle \u00bb. \n \nPour les affaires relevant de l'article 2 -V-3 de l'arr\u00eat\u00e9 pr\u00e9fectoral susvis\u00e9, \u00e0 :  \nMme Maud GOBLET , cheffe du d\u00e9partement \u00ab impacts, sant\u00e9, d\u00e9ch ets \u00bb ou \u00e0 \nMme C\u00e9lia MARTIN , adjointe \u00e0 la cheffe du d\u00e9partement \u00ab impacts, sant\u00e9, \nd\u00e9chets \u00bb, et en cas d'absence ou d'emp\u00eachement, \u00e0 M. Ronan LE BER, chef du \nd\u00e9partement \u00ab risques technologiques et s\u00e9curit\u00e9 industrielle \u00bb ou \u00e0  \nMme Anne -\u00c9milie CAVAILL\u00c8S , adjointe du chef du d\u00e9partement \u00ab risques \ntechnologiques et s\u00e9curit\u00e9 industrielle ainsi que cheffe de la mission \u00ab s\u00e9curit\u00e9 \nindustrielle \u00bb, ou \u00e0 M. St\u00e9phane LE GAL , chef de l'unit\u00e9 interd\u00e9partementale \nd'Indre-et-Loire et de  Loir-et-Cher, et  \nMme Aur\u00e9lie VIGNOT, adjointe au chef de l'unit\u00e9 interd\u00e9partementale.  \n \nPour les affaires relevant de l'article 2-V-4 de l'arr\u00eat\u00e9 pr\u00e9fectoral susvis\u00e9, \u00e0 : \nM. St\u00e9phane LE GAL, chef de l'unit\u00e9 interd\u00e9partementale  d'Indre-et-Loire et \nde Loir-et-Cher, et Mme Aur\u00e9lie VIGNOT, adjointe au  chef de l'unit\u00e9 \ninterd\u00e9partementale, Mme Maud GOBLET, cheffe du d\u00e9partement \u00ab impacts, \nsant\u00e9, d\u00e9chets \u00bb ou \u00e0 Mme C\u00e9lia MARTIN , adjointe \u00e0 la cheffe du \nd\u00e9partement \u00ab impacts, sant\u00e9, d\u00e9chets \u00bb, en cas d'absence ou \nd'emp\u00eachement de M. Ronan LE BER , chef du d\u00e9partement \u00ab risques \ntechnologiques et s\u00e9curit\u00e9 industrielle \u00bb ou \u00e0 Mme Anne -\u00c9milie CAVAILL\u00c8S , \nadjointe du chef du d\u00e9partement \u00ab risques technologiques et s\u00e9curit\u00e9 \nindustrielle ainsi que cheffe de la mission \u00ab s\u00e9curit\u00e9 industrielle \u00bb.  \n \nPour les affaires relevant de l'article 2 -V-5 de l'arr\u00eat\u00e9 pr\u00e9fectoral susvis\u00e9, \u00e0 :  \nM. Didier VIVET , chef du d\u00e9partement \u00ab  risques naturels  \u00bb et M. Guillaume \nPEREIRA-MARQUES, adjoint au chef du d\u00e9partement \u00ab  risques naturels \u00bb. \n \nPr\u00e9fecture d'Indre et Loire - 37-2025-12-29-00004 - 29 12 2025 arr\u00eate subdelegation DREAL 7\n \nArticle 4 :  \n\u00c0 l'exclusion des d\u00e9cisions faisant suite \u00e0 un contentieux, d\u00e9l\u00e9gation de \nsignature est \u00e9galement accord\u00e9e aux personnes suivantes, \u00e0 l'effet de signer \nles correspondances,  les d\u00e9cisions administratives, les march\u00e9s et les actes \nd\u00e9volus au pouvoir adjudicateur, par le code de la commande publique, \n\u00e9num\u00e9r\u00e9s \u00e0 l'article 3 de l'arr\u00eat\u00e9 pr\u00e9fectoral susvis\u00e9 : \n \nService \u00ab eau, biodiversit\u00e9, risques naturels et Loire  \u00bb : \n \nNom - Pr\u00e9nom Intitul\u00e9 du poste \nD\u00e9l\u00e9gation pouvoir \nadjudicateur \nM. Johnny CARTIER Chef de service  Jusqu'\u00e0 10 M\u20ac HT pour les \nmarch\u00e9s et accords-cadres \nde travaux \nJusqu'\u00e0 260 000\u20ac HT pour \nles march\u00e9s et accords-\ncadres de fournitures et \nservices \nM. Aymeric LORTHOIS Adjoint au chef de service \n \nJusqu'\u00e0 10 M\u20ac HT pour les \nmarch\u00e9s et accords-cadres \nde travaux \nJusqu'\u00e0 260 000\u20ac HT pour \nles march\u00e9s et accords-\ncadres de fournitures et \nservices \n \nArticle 5 :  \nL'arr\u00eat\u00e9 du 27 septembre 2025 portant  subd\u00e9l\u00e9gation de signature est \nabrog\u00e9. \n \nArticle 6 :  \nLes d\u00e9l\u00e9gataires, les directeurs adjoints et la secr\u00e9taire g\u00e9n\u00e9rale de la \ndirection r\u00e9gionale de l'environnement, de l'am\u00e9nagement  et du logement \nde la r\u00e9gion Centre-Val de Loire sont charg\u00e9s, chacun en ce qui le \nconcerne, de l'ex\u00e9cution du pr\u00e9sent arr\u00eat\u00e9, qui sera publi\u00e9 au recueil des \nactes administratifs de la pr\u00e9fecture d'Indre-et-Loire. \n \nFait \u00e0 Orl\u00e9ans, le 29 d\u00e9cembre 2025  \nLe directeur r\u00e9gional de l'environnement, \nde l'am\u00e9nagement et du logement \nde la r\u00e9gion Centre-Val de Loire \n \nSign\u00e9 : Herv\u00e9 BRUL\u00c9 \n \nPr\u00e9fecture d'Indre et Loire - 37-2025-12-29-00004 - 29 12 2025 arr\u00eate subdelegation DREAL 8\nDans un d\u00e9lai de deux mois \u00e0 compter de la date de la notification ou de la publication du pr\u00e9sent \narr\u00eat\u00e9 au recueil des actes administratifs de la pr\u00e9fecture, les recours suivants peuvent \u00eatre intro-\nduits conform\u00e9ment aux dispositions des articles R. 421-1 et suivants du code de justice administra-\ntive : \n- un recours gracieux , adress\u00e9 \u00e0 Monsieur le Pr\u00e9fet de l'Indre -et-Loire - 15, rue Bernard Palissy \u2013 \n37 925 Tours Cedex \n- un recours hi\u00e9rarchique, adress\u00e9 : au(x) ministre(s) concern\u00e9(s) \n- un recours contentieux, en saisissant le tribunal administratif d'Orl\u00e9ans - 28 rue de la Bretonnerie \n- 45057 ORL\u00c9ANS CEDEX 1 \nLe tribunal administratif peut \u00e9galement \u00eatre saisi par l'application informatique T\u00e9l\u00e9recours ac-\ncessible par le site Internet : www.telerecours.fr \nDans les deux premiers cas, le silence de l'administration vaut rejet implicite au terme d'un d\u00e9lai de \ndeux mois. \nApr\u00e8s un recours gracieux ou hi\u00e9rarchique, le d\u00e9lai du recours contentieux ne court qu'\u00e0 compter \ndu rejet explicite ou implicite de l'un de ces recours. \n \n \nPr\u00e9fecture d'Indre et Loire - 37-2025-12-29-00004 - 29 12 2025 arr\u00eate subdelegation DREAL 9","date":"2025-12-30","first_seen_on":"2025-12-30T15:19:53+00:00","id":"22382d05a385e60ea7f215c306ed15a1741bfc87aebe1cff24cba8bfab38d3da","name":"2025.12.30 RAA sp\u00e9cial Arr\u00eat\u00e9 subd\u00e9l\u00e9gation DREAL.pdf","pdf_creation_date":"2025-12-30T13:59:46+00:00","pdf_modification_date":null,"timezone":"Europe/Paris","url":"https://www.indre-et-loire.gouv.fr/contenu/telechargement/48570/367046/file/2025.12.30%20RAA%20sp%C3%A9cial%20Arr%C3%AAt%C3%A9%20subd%C3%A9l%C3%A9gation%20DREAL.pdf"}
