{"administration":"prefidf","administration_name":"Pr\u00e9fecture de la r\u00e9gion \u00cele-de-France","content":"PREFECTURE\nREGION ILE DE\nFRANCE\nRECUEIL DES ACTES\nADMINISTRATIFS SP\u00c9CIAL\n(NOMINATIFS)\nN\u00b0IDF-052-2025-10\nPUBLI\u00c9 LE 24 OCTOBRE 2025\nSommaire\nAgence R\u00e9gionale de Sant\u00e9 / Direction de la D\u00e9mocratie en Sant\u00e9 et\nde la Communication-D\u00e9mocratie Sanitaire\nIDF-2025-10-22-00014 - Arr\u00eat\u00e9 n\u00b0 2025/38 modificatif relatif \u00e0 la\nCommission Sp\u00e9cialis\u00e9e \u00ab Organisation des Soins \u00bb de\nla\nConf\u00e9rence R\u00e9gionale de la Sant\u00e9 et de l'Autonomie de la\nr\u00e9gion \u00cele-de-France (10 pages) Page 4\nIDF-2025-10-20-00017 - Arr\u00eat\u00e9 n\u00b02025/37 modifiant la composition de\nla Commission Sp\u00e9cialis\u00e9e pour les prises en charge et\naccompagnements m\u00e9dico-sociaux de la Conf\u00e9rence R\u00e9gionale de la\nSant\u00e9 et de l'Autonomie d'\u00cele-de-France (7 pages) Page 15\nAgence R\u00e9gionale de Sant\u00e9 / service r\u00e9gional des transports sanitaires\nIDF-2025-10-23-00007 - Arr\u00eat\u00e9 n\u00b0DOS-2025-4521 portant transfert des\nlocaux de la SARL BLANQUI AMBULANCES (93390 - CLICHY-SOUS-BOIS)\n(2 pages) Page 23\nIDF-2025-10-23-00008 - Arr\u00eat\u00e9 n\u00b0DOS-2025-4522 portant transfert des\nlocaux de la SAS BLANQUI 93 AMBULANCES (93390 -\nCLICHY-SOUS-BOIS) (2 pages) Page 26\nIDF-2025-10-23-00009 - Arr\u00eat\u00e9 n\u00b0DOS-2025-4523 portant changement\nde responsable l\u00e9gal et de forme juridique de la SASU AMBULANCES\nMERIDIEN\n(94200 Ivry-sur-Seine) (2 pages) Page 29\nIDF-2025-10-23-00010 - Arr\u00eat\u00e9 n\u00b0DOS-2025-4525 portant changement\nde responsable l\u00e9gal de la SARL AMBULANCE CD (94700 -\nMAISONS-ALFORT) (2 pages) Page 32\nDirection r\u00e9gionale et interd\u00e9partementale de l'\u00e9conomie, de l'emploi,\ndu travail et des solidarit\u00e9s d'\u00cele-de-France / P\u00f4le Politique du travail\nIDF-2025-10-24-00003 - D\u00e9cision n\u00b0 2025-201 du 24 octobre\n2025\nportant affectation des agents de contr\u00f4le dans les unit\u00e9s de\ncontr\u00f4le et gestion des int\u00e9rims de la direction d\u00e9partementale de\nl'emploi, du travail et des solidarit\u00e9s de Seine-et-Marne (4 pages) Page 35\nDirection r\u00e9gionale et interd\u00e9partementale de l'\u00e9conomie, de l'emploi,\ndu travail et des solidarit\u00e9s d'\u00cele-de-France / secr\u00e9tariat de direction\nIDF-2025-10-24-00004 - D\u00e9cision n\u00b0 2025-202 du 24 octobre 2025\nabrogeant la d\u00e9signation de Mme Sandra EMSELLEM pour assurer les\nfonctions de directrice d\u00e9partementale de l'emploi, du travail et des\nsolidarit\u00e9s par int\u00e9rim de Seine-et-Marne pour l'exercice des\nmissions relatives au syst\u00e8me d'inspection et de la l\u00e9gislation du\ntravail (2 pages) Page 40\n2\nPr\u00e9fecture de la R\u00e9gion d'Ile de France, Pr\u00e9fecture de Paris  /\nSecr\u00e9tariat G\u00e9n\u00e9ral Aux Politiques Publiques\nIDF-2025-10-24-00001 - Arr\u00eat\u00e9 modifiant l'arr\u00eat\u00e9\nn\u00b0IDF-2021-10-18-00001 du 19 octobre 2021 portant nomination des\nmembres du deuxi\u00e8me coll\u00e8ge du conseil de d\u00e9veloppement\nterritorial de la direction territoriale de Paris du grand port fluviomaritime\nde l'axe Seine (4 pages) Page 43\nRectorat de l'acad\u00e9mie de Versailles /\nIDF-2025-10-14-00014 - Arr\u00eat\u00e9 portant nomination des membres de la\ncommission acad\u00e9mique pour statuer sur appel des d\u00e9cisions des\nconseils de discipline des coll\u00e8ges et lyc\u00e9es (7 pages) Page 48\n3\nAgence R\u00e9gionale de Sant\u00e9\nIDF-2025-10-22-00014\nArr\u00eat\u00e9 n\u00b0 2025/38 modificatif relatif \u00e0 la\nCommission Sp\u00e9cialis\u00e9e \u00ab Organisation des Soins\n\u00bb de la\nConf\u00e9rence R\u00e9gionale de la Sant\u00e9 et de\nl'Autonomie de la r\u00e9gion \u00cele-de-France\nAgence R\u00e9gionale de Sant\u00e9 - IDF-2025-10-22-00014 - Arr\u00eat\u00e9 n\u00b0 2025/38 modificatif relatif \u00e0 la Commission Sp\u00e9cialis\u00e9e \u00ab Organisation\ndes Soins \u00bb de la\nConf\u00e9rence R\u00e9gionale de la Sant\u00e9 et de l'Autonomie de la r\u00e9gion \u00cele-de-France\n4\nREPUBLIQUEFRANCAISELibert\u00e9Egalit\u00e9Fraternit\u00e9\ne \u00bb Agence R\u00e9gionale de Sant\u00e9Ile-de-France\n \n \n1 \n \n \n         \n \n \n \nAGENCE R\u00c9GIONALE DE SANT\u00c9 \u00ceLE-DE-FRANCE \nARR\u00caT\u00c9 N\u00b02025/38 \nArr\u00eat\u00e9 modificatif relatif \u00e0 la Commission Sp\u00e9cialis\u00e9e \u00ab Organisation des Soins \u00bb de la \nConf\u00e9rence R\u00e9gionale de la Sant\u00e9 et de l'Autonomie de la r\u00e9gion \u00cele-de-France \n \nLE DIRECTEUR G\u00c9N\u00c9RAL DE L'AGENCE R\u00c9GIONALE DE SANT\u00c9 \u00ceLE-DE-FRANCE \n \n \nVU  Le code de la sant\u00e9 publique et notamment les articles L. 1432-1 et L.1432-4, D.1432-28 \n\u00e0 D.1432-53 ; \n \nVU  Le d\u00e9cret n\u00b0 2006-672 du 8 juin 2006 modifi\u00e9 relatif \u00e0 la cr\u00e9ation, \u00e0 la composition et au \nfonctionnement de commissions administratives \u00e0 caract\u00e8re consultatif ; \n \nVU  L'arr\u00eat\u00e9 n\u00b0 27 /2021 du 01  octobre 2021 fixant la liste des membres de la Conf\u00e9rence \nR\u00e9gionale de la Sant\u00e9 et de l'Autonomie d'\u00cele-de-France ; \n \nVU Le d\u00e9cret du 10 avril 2024 portant nomination de Monsieur Denis ROBIN, Directeur g\u00e9n\u00e9ral \nde l'Agence r\u00e9gionale de sant\u00e9 d'\u00cele-de-France, \u00e0 compter du 29 avril 2024 ; \n \nVU L'arr\u00eat\u00e9 DS n\u00b0104/2024 du 18 juin 2024 portant d\u00e9l\u00e9gation \u00e0 Madame Marion \nBOUGEARD, Directrice de la d\u00e9mocratie en sant\u00e9 et de la communication de l'Agence \nR\u00e9gionale de Sant\u00e9 \u00cele-de-France ; \n \nVU L'arr\u00eat\u00e9 n\u00b0 202 5/35 modifi\u00e9 du 8 octobre 2025  relatif \u00e0 la Commission Sp\u00e9cialis\u00e9e de \nl'Organisation des soins de la Conf\u00e9rence R\u00e9gionale de la Sant\u00e9 et de l'Autonomie d'\u00cele -\nde-France ; \n \nVU L'arr\u00eat\u00e9 n\u00b0 2025 /36 modifi\u00e9 du 23 octobre 2025 modifiant la liste des membres de la \nConf\u00e9rence R\u00e9gionale de la Sant\u00e9 et de l'Autonomie d'\u00cele-de-France ; \n \nVU La d\u00e9signation : \nAu sein du coll\u00e8ge 5 : \nAu titre des repr\u00e9sentants des associations agr\u00e9\u00e9es au titre de l'article L.1114 -1 de \nMonsieur Dominique ZEZIMA, France Rein Paris \u00cele de France en tant que suppl\u00e9ant \nen remplacement de Madame Odile BASSE  \n \nAgence R\u00e9gionale de Sant\u00e9 - IDF-2025-10-22-00014 - Arr\u00eat\u00e9 n\u00b0 2025/38 modificatif relatif \u00e0 la Commission Sp\u00e9cialis\u00e9e \u00ab Organisation\ndes Soins \u00bb de la\nConf\u00e9rence R\u00e9gionale de la Sant\u00e9 et de l'Autonomie de la r\u00e9gion \u00cele-de-France\n5\nsig\nPage 2 sur 10 \n \nARR\u00caT\u00c9 \n \n \nARTICLE 1er : La composition de la commission sp\u00e9cialis\u00e9e \u00ab organisation des soins \u00bb de la conf\u00e9rence \nr\u00e9gionale de la sant\u00e9 et de l'autonomie d'\u00ce le-de-France est fix\u00e9e de la mani\u00e8re figurant \nen annexe. \n \n \nARTICLE 2 : Un recours contre le pr\u00e9sent arr\u00eat\u00e9 peut \u00eatre form\u00e9 aupr\u00e8s du tribunal administratif de \nParis dans un d\u00e9lai de deux mois \u00e0 compter de sa notification. A l'\u00e9gard des tiers, ces \nd\u00e9lais courent \u00e0 compter de la date de publication de la d\u00e9cision au recueil des  actes \nadministratifs de la pr\u00e9fecture de la r\u00e9gion d'\u00cele-de-France. \n \n \nARTICLE 3 :  Le Directeur  g\u00e9n\u00e9ral est charg\u00e9  de l'ex\u00e9cution du pr\u00e9sent arr\u00eat\u00e9 , qui sera publi\u00e9 au \nRecueil des actes administratifs de la pr\u00e9fecture de r\u00e9gion. \n \n \nFait \u00e0 Saint-Denis, le 22/10/2025 \n \nLe Directeur g\u00e9n\u00e9ral \nde l'Agence r\u00e9gionale  \nde sant\u00e9 \u00cele-de-France \n \nDenis ROBIN \nPar d\u00e9l\u00e9gation \n \n \nCorentine NEPPEL  \nDirectrice adjointe en charge de la \nd\u00e9mocratie en sant\u00e9  \nDirection de la d\u00e9mocratie en sant\u00e9 \net de la communication - DESCOM  \n  \nAgence R\u00e9gionale de Sant\u00e9 - IDF-2025-10-22-00014 - Arr\u00eat\u00e9 n\u00b0 2025/38 modificatif relatif \u00e0 la Commission Sp\u00e9cialis\u00e9e \u00ab Organisation\ndes Soins \u00bb de la\nConf\u00e9rence R\u00e9gionale de la Sant\u00e9 et de l'Autonomie de la r\u00e9gion \u00cele-de-France\n6\nPage 3 sur 10 \n \nANNEXE \n \nComposition de la Commission Sp\u00e9cialis\u00e9e \u00ab Organisation des Soins \u00bb \nConf\u00e9rence R\u00e9gionale de la Sant\u00e9 et de l'Autonomie de la r\u00e9gion \u00cele-de-France \n \n1) Un repr\u00e9sentant du Conseil R\u00e9gional :  \nTitulaire Suppl\u00e9ant \nMadame Farida ADLANI, Vice-pr\u00e9sidente Madame Agn\u00e8s RICARD-HIBON, C onseill\u00e8re \nr\u00e9gionale \n \n2) Un repr\u00e9sentant des Conseils D\u00e9partementaux : \nTitulaire Suppl\u00e9ant \nMonsieur le Pr\u00e9sident du Conseil D\u00e9partemental du \nVal-de-Marne \nou son repr\u00e9sentant titulaire : Madame Genevi\u00e8ve \nCARPE, conseill\u00e8re d\u00e9partementale d\u00e9l\u00e9gu\u00e9e \ncharg\u00e9e de la sant\u00e9  \nMadame Odile SEGURET, Vice-pr\u00e9sidente en \ncharge de l'autonomie des personnes \u00e2g\u00e9es et des \npersonnes en situation de handicap \nMonsieur Jean-Pierre BARNAUD, Vice-pr\u00e9sident \nen charge du patrimoine environnemental, de la \nbiodiversit\u00e9, de l'agriculture urbaine et du bien-\u00eatre \nanimal \n \n3) Un repr\u00e9sentant des groupements de communes :  \nTitulaire Suppl\u00e9ant \nEn attente de d\u00e9signation En attente de d\u00e9signation \n \n4) Un repr\u00e9sentant des communes :  \n \nTitulaire Suppl\u00e9ant \nMonsieur Thomas CHAZAL, Maire de Vigneux-sur-\nSeine (91)  Monsieur Ludovic TORO, Maire de Coubron (93) \n \n \n5) Deux repr\u00e9sentants des associations agr\u00e9\u00e9es au titre de l'article L.1114-1 : \n \nTitulaires Suppl\u00e9ants \nMonsieur Alain LAFORET - F\u00e9d\u00e9ration Nationale des \nassociations de retrait\u00e9s (FNAR)  \n \nMadame Fran\u00e7oise PIQUE LE CUN - UFC QUE \nCHOISIR \nMadame Diane PAOLO - URAF IDF \nMonsieur Sidi-Mohammed GHADI - Association des \nFamilles Victimes du Saturnisme  \nMonsieur Dominique ZEZIMA - France Rein \nParis IDF   \nMonsieur Jean-Pierre BESNARD - VMEH-Visite \ndes malades dans les \u00e9tablissements hospitaliers \nAgence R\u00e9gionale de Sant\u00e9 - IDF-2025-10-22-00014 - Arr\u00eat\u00e9 n\u00b0 2025/38 modificatif relatif \u00e0 la Commission Sp\u00e9cialis\u00e9e \u00ab Organisation\ndes Soins \u00bb de la\nConf\u00e9rence R\u00e9gionale de la Sant\u00e9 et de l'Autonomie de la r\u00e9gion \u00cele-de-France\n7\nPage 4 sur 10 \n \n6) Un repr\u00e9sentant des associations de retrait\u00e9s et personnes \u00e2g\u00e9es : \n \nTitulaire Suppl\u00e9ant \nMonsieur G\u00e9rard PERRIER, CDCA 93 Monsieur Philippe PINGLIN, CDCA 93 \nMonsieur Alain GAVILLET, CDCA 95 \n \n7) Un repr\u00e9sentant des associations de personnes handicap\u00e9es : \n \nTitulaire Suppl\u00e9ant \nEn attente de d\u00e9signation En attente de d\u00e9signation \n \n8) Un repr\u00e9sentant des conseils territoriaux de sant\u00e9 : \n \nTitulaire Suppl\u00e9ant \nMonsieur Francis BRUNELLE (CTS 92) Monsieur Michel GIRARD (CTS 92) \n \n9) Trois repr\u00e9sentants des organisations syndicales de salari\u00e9s : \nTitulaire Suppl\u00e9ant \nMadame Corinne LAMAR CQ (Union r\u00e9gionale des \nsyndicats CFTC d'\u00cele-de-France) \nMonsieur David FILLON \nMonsieur Jean-Marc CICUTO \nMadame Isabelle CAYLA ( Union R\u00e9gionale des \nsyndicats CFDT d'\u00cele-de-France) \nMonsieur Philippe PATRY \nMadame Gwenaelle YVINEC \nMonsieur Jos\u00e9 ALVAREZ (Union R\u00e9gionale \u00ce le-de-\nFrance CFE-CGC)  \nMadame Marie Laurence BONMARCHAND \nMadame Bettina KEMPF \n \n \n10) Un repr\u00e9sentant des organisations syndicales d'employeurs : \nTitulaire Suppl\u00e9ants \nMadame Nolwenn MARE (MEDEF- \u00cele-de-France) Monsieur Olivier CHALMEAU (MEDEF - \u00cele-de-\nFrance) \n \n  \nAgence R\u00e9gionale de Sant\u00e9 - IDF-2025-10-22-00014 - Arr\u00eat\u00e9 n\u00b0 2025/38 modificatif relatif \u00e0 la Commission Sp\u00e9cialis\u00e9e \u00ab Organisation\ndes Soins \u00bb de la\nConf\u00e9rence R\u00e9gionale de la Sant\u00e9 et de l'Autonomie de la r\u00e9gion \u00cele-de-France\n8\nPage 5 sur 10 \n \n \n11) Un repr\u00e9sentant des organisations syndicales des artisans, des commer\u00e7ants et des professions \nlib\u00e9rales :  \nTitulaire Suppl\u00e9ant \nEn attente de d\u00e9signation  En attente de d\u00e9signation \n \n12) Un repr\u00e9sentant des organisations syndicales repr\u00e9sentatives des exploitants agricoles  :  \nTitulaire Suppl\u00e9ant \nEn attente de d\u00e9signation  En attente de d\u00e9signation \n \n13) Un repr\u00e9sentant de la Mutualit\u00e9 Fran\u00e7aise : \nTitulaire Suppl\u00e9ant \nMonsieur Aldino IZZ I, Membre du bureau Mutualit\u00e9 \nFran\u00e7aise) \nMonsieur Philippe HEDIN, Pr\u00e9sident de l'Union des \nMutuelles co-g\u00e9r\u00e9es-social  \nMadame Carole DECHAMPS, Mutualit\u00e9 Fran\u00e7aise \n \n14) Le directeur d'organisme, repr\u00e9sentant, au niveau r\u00e9gional, chaque r\u00e9gime d'assurance maladie \ndont la caisse nationale est membre de l'Union nationale des caisses d'assurance maladie ou \nson repr\u00e9sentant :  \nTitulaire Suppl\u00e9ants \nMonsieur Albert LAUTMAN ( Directeur, DCGDR, \nCPAM de Paris)  \nMonsieur Nicolas INGRAIN  (sous-directeur, \nDCGDR, CPAM de Paris) \nMonsieur Hugo CROMBEZ (Chef de projet \u2013 CPAM \nde Paris) \n \n15)  Un repr\u00e9sentant des organismes \u0153uvrant dans le champ de la promotion de la sant\u00e9, la \npr\u00e9vention ou l'\u00e9ducation pour la sant\u00e9 :  \nTitulaire Suppl\u00e9ant \nEn attente de d\u00e9signation  Madame Leslie MESNAY - CLS Les Mureaux 78 \n \n \n16) Au titre des organismes \u0153uvrant dans le domaine de l'observation de la sant\u00e9 :  \nTitulaire Suppl\u00e9ant \nMadame Nathalie BELTZER (ORS IDF) Madame Lydie GIBEY (CREAHI \u00cele-de-France) \n \n  \nAgence R\u00e9gionale de Sant\u00e9 - IDF-2025-10-22-00014 - Arr\u00eat\u00e9 n\u00b0 2025/38 modificatif relatif \u00e0 la Commission Sp\u00e9cialis\u00e9e \u00ab Organisation\ndes Soins \u00bb de la\nConf\u00e9rence R\u00e9gionale de la Sant\u00e9 et de l'Autonomie de la r\u00e9gion \u00cele-de-France\n9\nPage 6 sur 10 \n \n \n17) Cinq repr\u00e9sentants des \u00e9tablissements publics de sant\u00e9, dont trois pr\u00e9sidents de commissions \nm\u00e9dicales d'\u00e9tablissement de centres hospitaliers, de centres hospitaliers universitaires et de \ncentres hospitaliers en psychiatrie : \nTitulaires Suppl\u00e9ants \nDamien HUGOT, D\u00e9l\u00e9gu\u00e9 r\u00e9gional adjoint  \nFHF IDF \nMadame Alice JAFFRE, Directrice adjointe, Centre \nHospitalier de Rambouillet (FHF IDF) \n \nMadame Yolande Di NATALE, Directrice g\u00e9n\u00e9rale \ndu GHT Grand-Paris Nord-Est (FHF IDF)   \nMadame Isabelle PERSEC, D\u00e9l\u00e9gu\u00e9e r\u00e9gionale \nFHF IDF \nMonsieur Vincent MICHALOUX - Direction de la \nstrat\u00e9gie et de la transformation (APHP) \n \nMadame Vanessa VILLAFRANCA - Direction de la \nstrat\u00e9gie et de la transformation (APHP) \n \n \n\u27a2 Au titre des pr\u00e9sidences de commissions m\u00e9dicales d'\u00e9tablissement de centres hospitaliers et de \ncentres hospitaliers universitaires : \n \nTitulaires Suppl\u00e9ants \nProfesseur Lo\u00efc de PONTUAL - Chef de service de \np\u00e9diatrie, h\u00f4pital Jean-Verdier (AP HP) \nDocteur Fran\u00e7ois SALACHAS - Coordonnateur du \ncentre de r\u00e9f\u00e9rence maladies rares, D\u00e9partement de \nneurologie, La Piti\u00e9 Salp\u00eatri\u00e8re (AP HP) \nDocteur Edouard DEVAUD, Pr\u00e9sident de la CME du \nGHT Novo (95) \nDocteur Omar BELKHODJA, PCME Grand H\u00f4pital de \nl'Est Francilien \nDocteur Serge LOKO, Pr\u00e9sident de la CME du CH de \nMEULAN LES Mureaux (78) \n \n\u27a2 Au titre des pr\u00e9sidences de commissions m\u00e9dicales d'\u00e9tablissement de centres hospitaliers en \npsychiatrie : \n \nTitulaires Suppl\u00e9ants \nEn attente de d\u00e9signation Docteur Ouardia OTMANI, GH Paul GUIRAUD \n \n18) Deux repr\u00e9sentants des \u00e9tablissements priv\u00e9s de sant\u00e9 \u00e0 but lucratif, dont un pr\u00e9sident de \nconf\u00e9rence m\u00e9dicale d'\u00e9tablissement : \nTitulaires Suppl\u00e9ants \nMadame Helena KISLER -ELKOUBY, D\u00e9l\u00e9gu\u00e9e \ng\u00e9n\u00e9rale (FHP IDF) \nMonsieur Patrick SERRIERE, P r\u00e9sident de la \nF\u00e9d\u00e9ration Hospitali\u00e8re Priv\u00e9e (FHP IDF) \nMadame Dominique BOULANGE, Pr\u00e9sidente du \ncentre m\u00e9dico - chirurgical Ambroise Par\u00e9, Pierre \nCHEREST et HARTMANN (92) (FHP IDF) \nDocteur Marc ZARKA , H\u00f4pital priv\u00e9 d'Evry -Clinique \nde l'Essonne (91) \nDocteur Marine COROIR, Pr\u00e9sidente CME Clinique \nMaussins-Nollet (75) \n \n  \nAgence R\u00e9gionale de Sant\u00e9 - IDF-2025-10-22-00014 - Arr\u00eat\u00e9 n\u00b0 2025/38 modificatif relatif \u00e0 la Commission Sp\u00e9cialis\u00e9e \u00ab Organisation\ndes Soins \u00bb de la\nConf\u00e9rence R\u00e9gionale de la Sant\u00e9 et de l'Autonomie de la r\u00e9gion \u00cele-de-France\n10\nPage 7 sur 10 \n \n19) Deux repr\u00e9sentants d'\u00e9tablissement priv\u00e9s de sant\u00e9 \u00e0 but non lucratif, dont un pr\u00e9sident de \nCME : \nTitulaires Suppl\u00e9ants \nMonsieur Renaud COUPRY - Directeur g\u00e9n\u00e9ral \nAssociation la Ch\u00e2taigneraie - CRF MENUCOURT \n(95), D\u00e9l\u00e9gu\u00e9 r\u00e9gional de la FEHAP IDF \n  \n \nMadame Julie CHASTRES, Directrice g\u00e9n\u00e9rale \nH\u00f4pital Sainte Camille (FEHAP) (94)  \nMonsieur Guillaume CHESNEL , Directeur g\u00e9n\u00e9ral \nadjoint du Groupe Hospitalier Diaconesses Croix \nSaint Simon (FEHAP IDF) \nDocteur G\u00e9rald CHOUKROUN, P neumologue et \nr\u00e9animateur m\u00e9dical, Pr\u00e9sident de CME de l'h\u00f4pital \nForcilles (77)  \n \nDocteur Marc ZINS, Pr\u00e9sident de la CME du Groupe \nHospitalier Saint Joseph (FEHAP IDF) \nDocteur Marc BEAUSSIER, Pr\u00e9sident de la CME de \nl'Institut Mutualiste Montsouris (FEHAP IDF) \n \n20) Un repr\u00e9sentant des \u00e9tablissements exer\u00e7ant des activit\u00e9s d'hospitalisation \u00e0 domicile : \nTitulaire Suppl\u00e9ant \nMonsieur Ghislain PROMONET, F\u00e9d\u00e9ration Nationale \ndes \u00e9tablissements hospitaliers \u00e0 domicile (FNEHAD) \nMonsieur Florent BOUSQUIE, Directeur de l'HAD de \nl'AP-HP \nMadame Isabelle BOUVIER, Fondation \u0152uvre de la \nCroix Saint-Simon \n \n21) Un repr\u00e9sentant des centres de sant\u00e9 et des maisons de sant\u00e9 : \nTitulaire Suppl\u00e9ant \nDocteur Fabrice GIRAUX, F\u00e9d\u00e9ration Nationale des \ncentres de sant\u00e9 (FNCS) En attente de d\u00e9signation \n \n22) Un repr\u00e9sentant des communaut\u00e9s professionnelles territoriales de sant\u00e9 : \nTitulaire Suppl\u00e9ants \nDocteur Jonathan BRAMI, Pr\u00e9sident CPTS 92 \nDocteur Marie-H\u00e9l\u00e8ne CERTAIN, Pr\u00e9sidente CPTS \n78 \nDocteur Marie-Laure SALVIATO, Pr\u00e9sidente CPTS \n91 \n \n23) Un repr\u00e9sentant des dispositifs d'appui \u00e0 la coordination aux articles L. 6327-2 et L. 6327-3 : \nTitulaires Suppl\u00e9ants \nMadame Pauline LOUIS, Directrice du DAC 94 \nMadame St\u00e9phanie WILLEMS, Directrice r\u00e9seau de \nn\u00e9phrologie \u00cele-de-France (DSR)  \nMadame Catherine MOUZAWAK, R\u00e9seau SEP \nIDF(DSR)  \n \nAgence R\u00e9gionale de Sant\u00e9 - IDF-2025-10-22-00014 - Arr\u00eat\u00e9 n\u00b0 2025/38 modificatif relatif \u00e0 la Commission Sp\u00e9cialis\u00e9e \u00ab Organisation\ndes Soins \u00bb de la\nConf\u00e9rence R\u00e9gionale de la Sant\u00e9 et de l'Autonomie de la r\u00e9gion \u00cele-de-France\n11\nPage 8 sur 10 \n \n24) Un repr\u00e9sentant des associations de permanences des soins intervenant dans le dispositif de \npermanence des soins : \nTitulaire Suppl\u00e9ant \nDocteur Nathalie LEROY, Secr\u00e9taire g\u00e9n\u00e9rale URPS \nm\u00e9decins lib\u00e9raux IDF \nDocteur Abraham SABBAH (CROM IDF) \nDocteur Laurent DE BASTARD, CROM IDF \n \n25) Un repr\u00e9sentant des services d'aide m\u00e9dicale urgente : \nTitulaire Suppl\u00e9ants \nProfesseur Pierre CARLI, Samu - Urgences de France \n(SUdF) \nDocteur Charlotte CHOLLET (SUdF) \nDocteur Olivier RICHARD (SUdF) \n \n26) Un repr\u00e9sentant des transports sanitaires : \nTitulaire Suppl\u00e9ant \nMonsieur Serge BEAUJEAN, Secr\u00e9taire g\u00e9n\u00e9ral de la \nF\u00e9d\u00e9ration Nationale des Artisans Ambulanciers \n(FNAA) \nMonsieur Robert Romain BIANAY, PDG Groupe \nEMERGENCE, F\u00e9d\u00e9ration nationale des \nambulanciers priv\u00e9s (FNAP) \n \n27) Un repr\u00e9sentant de services d\u00e9partementaux d'incendie et de secours ou, pour la r\u00e9gion Ile -\nde-France, un repr\u00e9sentant de la brigade de sapeurs -pompiers de Paris d\u00e9sign\u00e9 par le pr\u00e9fet \nde police :  \nTitulaire Suppl\u00e9ant \nDocteur Patrick HERTGEN, Brigade des Sapeurs- \nPompiers de Paris \nMonsieur Nicolas CHOSSAT, SDIS 91 \n \n28) Un repr\u00e9sentant des organisations syndicales repr\u00e9sentatives des m\u00e9decins des \n\u00e9tablissements publics de sant\u00e9 : \nTitulaire Suppl\u00e9ant \nDocteur St\u00e9phane DAVID, SNAM-PH \nDocteur Michel TRIANTAFYLLOU, INPH \nDocteur Catherine BOITEUX, CMH \n \n  \nAgence R\u00e9gionale de Sant\u00e9 - IDF-2025-10-22-00014 - Arr\u00eat\u00e9 n\u00b0 2025/38 modificatif relatif \u00e0 la Commission Sp\u00e9cialis\u00e9e \u00ab Organisation\ndes Soins \u00bb de la\nConf\u00e9rence R\u00e9gionale de la Sant\u00e9 et de l'Autonomie de la r\u00e9gion \u00cele-de-France\n12\nPage 9 sur 10 \n \n \n29) Quatre membres des unions r\u00e9gionales des professionnels de sant\u00e9 (URPS) : \n \nTitulaires Suppl\u00e9ants \nDocteur Bertrand DE ROCHAMBEAU, Vice-pr\u00e9sident \nURPS IDF- M\u00e9decins lib\u00e9raux \n \nDocteur Henri GUERINI, URPS IDF - M\u00e9decins \nlib\u00e9raux \nDocteur Patrick SIMON, tr\u00e9sorier URPS IDF - \nM\u00e9decins lib\u00e9raux \nDocteur Mardoche SEBBAG, URPS IDF - M\u00e9decins \nlib\u00e9raux \nDocteur Arnaud SAADA, URPS IDF - M\u00e9decins \nlib\u00e9raux \nDocteur Bernard ELGHOZI, T r\u00e9sorier adjoint URPS \nIDF - M\u00e9decins lib\u00e9raux \nDocteur Delphine CHADOUTAUD, Pr\u00e9sidente de \nURPS - Pharmaciens IDF \nMadame Camille COURCIER, URPS Sages - \nfemmes IDF \u2013 AUIF \nMadame Bernadette HERAULT, URPS Infirmiers \nIDF \u2013 AUIF \nMadame Fatima SAID DAUVERGNE, URPS \ninfirmiers IDF AUIF \nMonsieur Bertrand AUPICON, URPS Podologues \nIDF \u2013 AUIF \nMadame V\u00e9ronique DISSAT, URPS Orthoptistes  \u2013 \nAUIF \n \n30) Un repr\u00e9sentant de l'ordre r\u00e9gional des m\u00e9decins : \nTitulaire Suppl\u00e9ants \nDocteur Jean-Luc THOMAS (Pr\u00e9sident CROM IDF) Docteur Eric GIBERT (CROM IDF) \n \n31) Un repr\u00e9sentant du syndicat des internes en m\u00e9decine g\u00e9n\u00e9rale : \nTitulaire Suppl\u00e9ant \nMarine LOTY (Pr\u00e9sidente SIHP) Ma\u00eessa BOUKERROU (Pr\u00e9sidente SRP-IMG) \n \n32) Un repr\u00e9sentant du minist\u00e8re de la D\u00e9fense : \nTitulaire Suppl\u00e9ant \nMadame Marion AUBOIN, M\u00e9decin-chef HIA B\u00e9gin Monsieur Gilles KERANGUEVEN \n \n  \nAgence R\u00e9gionale de Sant\u00e9 - IDF-2025-10-22-00014 - Arr\u00eat\u00e9 n\u00b0 2025/38 modificatif relatif \u00e0 la Commission Sp\u00e9cialis\u00e9e \u00ab Organisation\ndes Soins \u00bb de la\nConf\u00e9rence R\u00e9gionale de la Sant\u00e9 et de l'Autonomie de la r\u00e9gion \u00cele-de-France\n13\nPage 10 sur 10 \n \n33) deux membres issus de la commission sp\u00e9cialis\u00e9e pour les prises en charge et \naccompagnements m\u00e9dico-sociaux :  \n \nTitulaires Suppl\u00e9ants \nMadame Claire PARDOEN, Union R\u00e9gionale \ninterf\u00e9d\u00e9rale des \u0153uvres et organismes priv\u00e9s \nsanitaires et sociaux (URIOPSS IDF) \nMadame Charlotte LEBRUN, Union R\u00e9gionale \ninterf\u00e9d\u00e9rale des \u0153uvres et organismes priv\u00e9s \nsanitaires et sociaux (URIOPSS IDF) \nMadame B rigitte VIGROUX, Union R\u00e9gionale \ninterf\u00e9d\u00e9rale des \u0153uvres et organismes priv\u00e9s \nsanitaires et sociaux (URIOPSS IDF) \nMonsieur Louis MATIAS, Directeur de la Maison \nFerrari (FEHAP IDF) \nMadame Sophie VILLEDIEU, Fondation L\u00e9opold \nBELLAN (FEHAP IDF) \nMadame Marie DEROY (FEHAP IDF) \n \nAgence R\u00e9gionale de Sant\u00e9 - IDF-2025-10-22-00014 - Arr\u00eat\u00e9 n\u00b0 2025/38 modificatif relatif \u00e0 la Commission Sp\u00e9cialis\u00e9e \u00ab Organisation\ndes Soins \u00bb de la\nConf\u00e9rence R\u00e9gionale de la Sant\u00e9 et de l'Autonomie de la r\u00e9gion \u00cele-de-France\n14\nAgence R\u00e9gionale de Sant\u00e9\nIDF-2025-10-20-00017\nArr\u00eat\u00e9 n\u00b02025/37 modifiant la composition de la\nCommission Sp\u00e9cialis\u00e9e pour les prises en charge\net accompagnements m\u00e9dico-sociaux de la\nConf\u00e9rence R\u00e9gionale de la Sant\u00e9 et de\nl'Autonomie d'\u00cele-de-France\nAgence R\u00e9gionale de Sant\u00e9 - IDF-2025-10-20-00017 - Arr\u00eat\u00e9 n\u00b02025/37 modifiant la composition de la Commission Sp\u00e9cialis\u00e9e pour les\nprises en charge et accompagnements m\u00e9dico-sociaux de la Conf\u00e9rence R\u00e9gionale de la Sant\u00e9 et de l'Autonomie d'\u00cele-de-France 15\nREPUBLIQUEFRANCAISELibert\u00e9Egalit\u00e9Fraternit\u00e9\ne \u00bb Agence R\u00e9gionale de Sant\u00e9Ile-de-France\n \n \n1 \n \n        \n \n \nAGENCE R\u00c9GIONALE DE SANT\u00c9 \u00ceLE-DE-FRANCE \nARR\u00caT\u00c9 N\u00b02025/37 \nArr\u00eat\u00e9 modifiant la composition de la Commission Sp\u00e9cialis\u00e9e pour les prises en charge et \naccompagnements m\u00e9dico-sociaux de la                                                                                          \nConf\u00e9rence R\u00e9gionale de la Sant\u00e9 et de l'Autonomie d'\u00cele-de-France \nLE DIRECTEUR G\u00c9N\u00c9RAL DE L'AGENCE R\u00c9GIONALE DE SANT\u00c9 \u00ceLE-DE-FRANCE \nVU Le code de la sant\u00e9 publique et notamment les articles L.1432-4, D.1432-28 \u00e0 D.1432-53  \nVU Le d\u00e9cret du 10 avril 2024 portant nomination de Monsieur Denis ROBIN, Directeur g\u00e9n\u00e9ral de \nl'Agence r\u00e9gionale de sant\u00e9 d'\u00cele-de-France, \u00e0 compter du 29 avril 2024 ; \nVU   L'arr\u00eat\u00e9 n\u00b0 27/2021 du 1er octobre 2021 fixant la liste des membres de la Conf\u00e9rence R\u00e9gionale \nde la Sant\u00e9 et de l'Autonomie d'\u00cele-de-France ; \nVU L'arr\u00eat\u00e9 n\u00b0 2025/31 modifi\u00e9  du 9 octobre 2025  relatif \u00e0 la Commission Sp\u00e9cialis\u00e9e pour les \nprises en charge et accompagnement m\u00e9dico-sociaux de la Conf\u00e9rence R\u00e9gionale de la Sant\u00e9 \net de l'Autonomie d'\u00cele-de-France ; \nVU L'arr\u00eat\u00e9 DS n\u00b0104/2024 du 18 juin 2024 portant d\u00e9l\u00e9gation \u00e0 Madame Marion BOUGEARD, \nDirectrice de la d\u00e9mocratie en sant\u00e9 et de la communication de l'Agence R\u00e9gionale de Sant\u00e9 \n\u00cele-de-France ; \nVU L'arr\u00eat\u00e9 n\u00b02025/36 modifi\u00e9 du 23 octobre 2025 modifiant la liste des membres de la \nconf\u00e9rence r\u00e9gionale de la sant\u00e9 et de l'autonomie d'\u00cele-de-France \n \nVU Les d\u00e9signations : \n Au sein du coll\u00e8ge 6 :  \n- Au titre des repr\u00e9sentants des personnes morales gestionnaires d'institutions \naccueillant des personnes handicap\u00e9es  de Monsieur S\u00e9bastien PAUTASSO -\nCHADOUTAUD - FEHAP IDF (Pr\u00e9sident Fondation Ellen POIDATZ) en tant que \ntitulaire en remplacement de  Monsieur Lo\u00efc GILBERT et de Madame Birgit VILLAIN \n\u2013 FEHAP IDF (Fondation John Bost) en tant que suppl\u00e9ante en remplacement de \nMadame Laurence LECOMTE  \n \n \n \n \n  \nAgence R\u00e9gionale de Sant\u00e9 - IDF-2025-10-20-00017 - Arr\u00eat\u00e9 n\u00b02025/37 modifiant la composition de la Commission Sp\u00e9cialis\u00e9e pour les\nprises en charge et accompagnements m\u00e9dico-sociaux de la Conf\u00e9rence R\u00e9gionale de la Sant\u00e9 et de l'Autonomie d'\u00cele-de-France 16\n \nPage 2 sur 7 \n \nARR\u00caT\u00c9 \n \n \nARTICLE 1er : La composition de la Commission sp\u00e9cialis\u00e9e pour les prises en charge et \naccompagnements m\u00e9dico-sociaux de la conf\u00e9rence r\u00e9gionale de la sant\u00e9 et de \nl'autonomie d'Ile-de-France est fix\u00e9e de la mani\u00e8re figurant en annexe du pr\u00e9sent \narr\u00eat\u00e9. \n \n \nARTICLE 2 : Un recours contre le pr\u00e9sent arr\u00eat\u00e9 peut \u00eatre form\u00e9 aupr\u00e8s du tribunal administratif \nde Paris dans un d\u00e9lai de deux mois \u00e0 compter de sa notification. A l'\u00e9gard des \ntiers, ces d\u00e9lais courent \u00e0 compter de la date de publication de la d\u00e9cision au \nrecueil des actes administratifs de la pr\u00e9fecture de la r\u00e9gion d'\u00cele-de-France. \n \n \nARTICLE 3 :  Le Directeur g\u00e9n\u00e9ral est charg\u00e9 de l'ex\u00e9cution du pr\u00e9sent arr\u00eat\u00e9 , qui sera publi\u00e9 \nau Recueil des actes administratifs de la pr\u00e9fecture de r\u00e9gion. \n \n \n \nFait \u00e0 Saint-Denis, le 20/10/2025 \n \nLe Directeur g\u00e9n\u00e9ral \nde l'Agence r\u00e9gionale  \nde sant\u00e9 \u00cele-de-France \n                                                      \nDenis ROBIN \nPar d\u00e9l\u00e9gation,  \n \n \n \nCorentine NEPPEL  \nDirectrice adjointe en charge de la \nd\u00e9mocratie en sant\u00e9  \nDirection de la d\u00e9mocratie en \nsant\u00e9 et de la communication - \nDESCOM  \n  \nAgence R\u00e9gionale de Sant\u00e9 - IDF-2025-10-20-00017 - Arr\u00eat\u00e9 n\u00b02025/37 modifiant la composition de la Commission Sp\u00e9cialis\u00e9e pour les\nprises en charge et accompagnements m\u00e9dico-sociaux de la Conf\u00e9rence R\u00e9gionale de la Sant\u00e9 et de l'Autonomie d'\u00cele-de-France 17\n \nPage 3 sur 7 \n \nANNEXE \n \nComposition de la Commission sp\u00e9cialis\u00e9e pour les prises en charge et \naccompagnements m\u00e9dico-sociaux de la Conf\u00e9rence r\u00e9gionale de la Sant\u00e9 et de \nl'Autonomie d'\u00cele-de-France \n \nLe premier coll\u00e8ge est compos\u00e9 de repr\u00e9sentants des collectivit\u00e9s territoriales, des \ncommunes et groupements de communes. Il comprend 5 membres :  \n \nTitulaires Suppl\u00e9ants \nMadame Anne GBIORCZYK,  vice-pr\u00e9sidente du \nConseil d\u00e9partemental de Seine -et-Marne, en \ncharge de l'enfance, de la famille et de la pr\u00e9sence \nm\u00e9dicale  \nMonsieur Bernard COZIC , vice-pr\u00e9sident du \nConseil d\u00e9partemental de Seine -et-Marne en \ncharge des solidarit\u00e9s \nMadame V\u00e9ronique VEAU, vice-pr\u00e9sidente du \nConseil d\u00e9partemental de Seine -et-Marne, en \ncharge de la culture et du patrimoine.  \nMadame Cendrine CHAUMONT, conseill\u00e8re \nd\u00e9partementale de l'Essonne  \nMadame Marie -Claire CHAMBARET, vice -\npr\u00e9sidente du Conseil d\u00e9partemental de l'Essonne \nen charge de l'autonomie  \n \n \nLe deuxi\u00e8me coll\u00e8ge est compos\u00e9 de repr\u00e9sentants des usagers de services de sant\u00e9 ou \nm\u00e9dico-sociaux. Il comprend 6 membres : \n1) Deux repr\u00e9sentants des associations agr\u00e9\u00e9es au titre de l'article L.1114-1 : \nTitulaires Suppl\u00e9ants \nMonsieur Alain LAFORET  - F\u00e9d\u00e9ration Nationale \ndes associations de retrait\u00e9s (FNAR) \nMadame Fran\u00e7oise PIQUE LE CUN - UFC QUE \nCHOISIR \nMadame Diane PAOLO - URAF IDF \nMadame Fran\u00e7oise FORET  - Association des \nfamilles de traumatis\u00e9s cr\u00e2niens et des c\u00e9r\u00e9bro -\nl\u00e9s\u00e9s \nMadame Mich\u00e8le DE PREAUDET - Association \ndes familles de traumatis\u00e9s cr\u00e2niens et des \nc\u00e9r\u00e9bro-l\u00e9s\u00e9s \nMadame Affou\u00e9 Diane GOLI - APF France \nHandicap \n \n2) Deux repr\u00e9sentants des associations de retrait\u00e9s et personnes \u00e2g\u00e9es : \nTitulaires Suppl\u00e9ants \nEn attente de d\u00e9signation  \n \nEn attente de d\u00e9signation  \n \nMadame Monique ZANATTA - CDCA 92 \nMonsieur Fran\u00e7ois CHARLES - CDCA 92 \nMadame Christine MANUEL - CDCA 94 \nAgence R\u00e9gionale de Sant\u00e9 - IDF-2025-10-20-00017 - Arr\u00eat\u00e9 n\u00b02025/37 modifiant la composition de la Commission Sp\u00e9cialis\u00e9e pour les\nprises en charge et accompagnements m\u00e9dico-sociaux de la Conf\u00e9rence R\u00e9gionale de la Sant\u00e9 et de l'Autonomie d'\u00cele-de-France 18\n \nPage 4 sur 7 \n \n \n \n3) Deux repr\u00e9sentants des associations de personnes handicap\u00e9es : \nTitulaires Suppl\u00e9ants \nMonsieur S\u00e9bastien LEGOFF - CDCA 91 En attente de d\u00e9signation \nEn attente de d\u00e9signation Monsieur Damien GUER - CDCA 77 \n \nLe 3\u00e8me coll\u00e8ge est compos\u00e9 de repr\u00e9sentants des conseils territoriaux de sant\u00e9. Il comprend \nun membre :  \nTitulaires Suppl\u00e9ants \nEn attente de d\u00e9signation En attente de d\u00e9signation \n \nLe 4\u00e8me coll\u00e8ge est compos\u00e9 de partenaires sociaux. Il comprend 4 membres.  \n1) Un repr\u00e9sentant des organisations syndicales de salari\u00e9s : \nTitulaires Suppl\u00e9ants \nMadame Isabelle CAYLA - CFDT IDF \nMonsieur Philippe PATRY - CFDT IDF \nMadame Gwena\u00eblle YVINEC - CFDT IDF \n \n2) Un repr\u00e9sentant des organisations syndicales d'employeurs : \nTitulaires Suppl\u00e9ants \nMadame Martine GUIBERT - CPME Ile-de-France \nMadame H\u00e9l\u00e8ne REQUI \nMadame Evelyne GUFFENS \n \n  \nAgence R\u00e9gionale de Sant\u00e9 - IDF-2025-10-20-00017 - Arr\u00eat\u00e9 n\u00b02025/37 modifiant la composition de la Commission Sp\u00e9cialis\u00e9e pour les\nprises en charge et accompagnements m\u00e9dico-sociaux de la Conf\u00e9rence R\u00e9gionale de la Sant\u00e9 et de l'Autonomie d'\u00cele-de-France 19\n \nPage 5 sur 7 \n \n \n3) Un repr\u00e9sentant des organisations syndicales des artisans, des commer\u00e7ants et des \nprofessions lib\u00e9rales :  \nTitulaires Suppl\u00e9ants \nEn attente de d\u00e9signation En attente de d\u00e9signation \n4) Un repr\u00e9sentant des organisations syndicales repr\u00e9sentatives des exploitants \nagricoles :  \nTitulaires Suppl\u00e9ants \nEn attente de d\u00e9signation En attente de d\u00e9signation \n \nLe 5\u00e8me coll\u00e8ge est compos\u00e9 d'acteurs de la coh\u00e9sion et de la protection sociales. Il comprend \n2 membres : \n1) Un repr\u00e9sentant au titre de la coh\u00e9sion sociale :  \nTitulaires Suppl\u00e9ants \nGwena\u00eblle MORVAN \u2013 Emma\u00fcs Solidarit\u00e9 \n \nMadame B\u00e9rang\u00e8re GRISONI - Collectif \u00ab  Les \nmorts de la rue \u00bb \nMadame Maritsa ANASTASIOU - Association \nCARITAS \n \n2)     Un repr\u00e9sentant de la Mutualit\u00e9 Fran\u00e7aise : \nTitulaires Suppl\u00e9ants \nMonsieur Aldino IZZI, Mutualit\u00e9 Fran\u00e7aise IDF \nMonsieur Philippe HEDIN, Pr\u00e9sident de l'Union \ndes Mutuelles co-g\u00e9r\u00e9es-social \nMadame Carole DECHAMPS - Mutualit\u00e9 \nFran\u00e7aise \n \n  \nAgence R\u00e9gionale de Sant\u00e9 - IDF-2025-10-20-00017 - Arr\u00eat\u00e9 n\u00b02025/37 modifiant la composition de la Commission Sp\u00e9cialis\u00e9e pour les\nprises en charge et accompagnements m\u00e9dico-sociaux de la Conf\u00e9rence R\u00e9gionale de la Sant\u00e9 et de l'Autonomie d'\u00cele-de-France 20\n \nPage 6 sur 7 \n \nLe 6\u00e8me coll\u00e8ge est compos\u00e9 d'offreurs des services de sant\u00e9. Il comprend 12 membres :  \n \n1) Quatre repr\u00e9sentants des personnes morales gestionnaires d'institutions accueillant \ndes personnes handicap\u00e9es : \n \nTitulaires \nSuppl\u00e9ants \nM. Romain DELMAS \u2013 URIOPSS IDF (Association \nCaritas) \nEn attente de d\u00e9signation  \nEn attente de d\u00e9signation \nMonsieur S\u00e9bastien PAUTASSO-CHADOUTAUD \nFEHAP IDF (Pr\u00e9sident Fondation Ellen POIDATZ) \n \nMadame Birgit VILLAIN \u2013 FEHAP IDF (Fondation \nJohn Bost)  \nMadame C\u00e9line LAMOUR - NEXEM Monsieur Jean-Fran\u00e7ois GEY - NEXEM \nEn attente de d\u00e9signation \n \nEn attente de d\u00e9signation  \nMadame Catherine HARPEY - Union R\u00e9gionale \ndes associations de parents et amis de personnes \nhandicap\u00e9es mentales (URAPEI) \n En attente de d\u00e9signation \n \n \n2) Quatre repr\u00e9sentants des personnes morales gestionnaires d'institutions accueillant \ndes personnes \u00e2g\u00e9es : \nTitulaires Suppl\u00e9ants \nMadame Romy LASSERRE SAINT MAURICE, \nDirectrice EHPAD P\u00e9an (SYNERPA)  \nMonsieur Eddy CHENAF, Directeur g\u00e9n\u00e9ral EHPAD \nSolemnes. (SYNERPA)  \nMonsieur Marc LAVAUD, vice -pr\u00e9sident de \nl'association ACEP et Gestionnaire de l'EPHAD le \nPatio (FNAQPA) \nMonsieur Emmanuel SYS, Directeur du GCSMS \nLes EHPAD Publics du Val de Marne (FHF) \nMadame Claire DAVY, Direction de la strat\u00e9gie et \nde la Transformation AP-HP \nMadame Audrey VATAN, D irectrice adjointe , \nDirection Commune Fondation Aulagnier et Ehpad \nLes Marronniers (FHF) \nMonsieur Louis MATIAS, Directeur de la Maison \nFerrari (FEHAP IDF) \nMadame Sophie VILLEDIEU - Fondation L\u00e9opold \nBELLAN FEHAP IDF \nMadame Marie DEROY, Charg\u00e9e de mission \nFEHAP \u00cele de France \n \nMadame Claire PARDOEN - URIOPSS IDF Madame Charlotte LEBRUN - URIOPSS IDF \nAgence R\u00e9gionale de Sant\u00e9 - IDF-2025-10-20-00017 - Arr\u00eat\u00e9 n\u00b02025/37 modifiant la composition de la Commission Sp\u00e9cialis\u00e9e pour les\nprises en charge et accompagnements m\u00e9dico-sociaux de la Conf\u00e9rence R\u00e9gionale de la Sant\u00e9 et de l'Autonomie d'\u00cele-de-France 21\n \nPage 7 sur 7 \n \nMadame Brigitte VIGROUX - URIOPSS IDF \n \n3) Un repr\u00e9sentant des personnes morales gestionnaires d'institutions accueillant des \npersonnes en difficult\u00e9s sociales : \nTitulaires Suppl\u00e9ants \nMonsieur Eric LEMERCIER, Directeur \nd'\u00e9tablissements (Groupe SOS) \nMadame Catherine DELORME, D\u00e9l\u00e9gu\u00e9e \nr\u00e9gionale IDF de la F\u00e9d\u00e9ration Addictions (FA) et \nDirectrice du Trait d'Union - Oppelia (92) \nMonsieur Denis JOUTEAU, D\u00e9l\u00e9gu\u00e9 r\u00e9gional \nF\u00e9d\u00e9ration Addictions  \n \n4) Un membre des unions r\u00e9gionales des professionnels de sant\u00e9 :  \nTitulaires Suppl\u00e9ants \nDocteur Nathalie LEROY, Secr\u00e9taire g\u00e9n\u00e9rale \nURPS m\u00e9decins lib\u00e9raux IDF \nDocteur Laurent DE BASTARD, CROM IDF \nDocteur Abraham SABBAH, CROM IDF \n \n \nLe 7 \u00e8me coll\u00e8ge est compos\u00e9 de  deux membres issus de la commission sp\u00e9cialis\u00e9e pour \nl'organisation des soins :  \nTitulaires Suppl\u00e9ants \nMadame Helena KISLER -ELKOUBY, D\u00e9l\u00e9gu\u00e9e \ng\u00e9n\u00e9rale (FHP IDF) \nMonsieur Patrick SERRIERE, pr\u00e9sident de la \nF\u00e9d\u00e9ration Hospitali\u00e8re Priv\u00e9e (FHP IDF) \nMadame Dominique BOULANGE, Pr\u00e9sidente du \ncentre m\u00e9dico - chirurgical Ambroise Par\u00e9, Pierre \nCHEREST et HARTMANN (92) (FHP IDF) \nMonsieur Jos\u00e9 ALVAREZ - Union R\u00e9gionale \u00cele -de-\nFrance CFE-CGC \nMadame Marie Laurence BONMARCHAND \nMadame Bettina KEMPF \n \n \nAgence R\u00e9gionale de Sant\u00e9 - IDF-2025-10-20-00017 - Arr\u00eat\u00e9 n\u00b02025/37 modifiant la composition de la Commission Sp\u00e9cialis\u00e9e pour les\nprises en charge et accompagnements m\u00e9dico-sociaux de la Conf\u00e9rence R\u00e9gionale de la Sant\u00e9 et de l'Autonomie d'\u00cele-de-France 22\nAgence R\u00e9gionale de Sant\u00e9\nIDF-2025-10-23-00007\nArr\u00eat\u00e9 n\u00b0DOS-2025-4521 portant transfert des\nlocaux de la SARL BLANQUI AMBULANCES\n(93390 - CLICHY-SOUS-BOIS)\nAgence R\u00e9gionale de Sant\u00e9 - IDF-2025-10-23-00007 - Arr\u00eat\u00e9 n\u00b0DOS-2025-4521 portant transfert des locaux de la SARL BLANQUI\nAMBULANCES (93390 - CLICHY-SOUS-BOIS) 23\nREPUBLIQUEFRANCAISELibert\u00e9Egalit\u00e9Fraternit\u00e9\ne \u00bb Agence R\u00e9gionale de Sant\u00e9Ile-de-France\n \n \n \n \n \n \n \nAGENCE R\u00c9GIONALE DE SANT\u00c9 \u00ceLE-DE-FRANCE \nARR\u00caT\u00c9 N\u00b0DOS-2025-4521 \nportant transfert des locaux de la SARL BLANQUI AMBULANCES \n(93390 \u2013 CLICHY-SOUS-BOIS) \n \nLE DIRECTEUR G\u00c9N\u00c9RAL DE L'AGENCE R\u00c9GIONALE DE SANT\u00c9 \u00ceLE-DE-FRANCE \n \n \nVU le Code de la Sant\u00e9 Publique  et notamment ses articles L.6311 -1 \u00e0 L.6311 -2, L.6312 -1 \u00e0 \nL.6312-5, L.6313-1, R.6312-1 \u00e0 R.6312-23, R.6312-29 \u00e0 R.6312-43, R.6313-5 \u00e0 R.6313-7-1 ; \n \nVU la loi n\u00b0 2009 -879 du 21 juillet 2009 portant r\u00e9forme de l'h\u00f4pital et relative aux patients, \u00e0 la \nsant\u00e9 et aux territoires ; \n \nVU le d\u00e9cret n\u00b0 2010 -344 du 31 mars 2010 tirant les cons\u00e9quences, au niveau r\u00e8glementaire, de \nl'intervention de la loi n\u00b0 2009 -879 du 21 juillet 2009 portant r\u00e9forme de l'h\u00f4pital et relative aux \npatients, \u00e0 la sant\u00e9 et aux territoires ; \n \nVU le d\u00e9cret du 10 avril 2024  portant nomination de Monsieur Denis ROBIN, Directeur g\u00e9n\u00e9ral de \nl'Agence r\u00e9gionale d'\u00cele de France \u00e0 compter du 29 avril 2024 ; \n \nVU l'arr\u00eat\u00e9 minist\u00e9riel du 21 d\u00e9cembre 1987 modifi\u00e9 relatif \u00e0 la composition du dossier d'agr\u00e9ment \ndes personnes effectuant des transports sanitaires terrestres et au contr\u00f4le des v\u00e9hicules \naffect\u00e9s aux transports sanitaires ; \n \nVU l'arr\u00eat\u00e9 du 12 d\u00e9cembre 2017  modifi\u00e9 fixant les caract\u00e9ristiques et les installations mat\u00e9rielles \nexig\u00e9es pour les v\u00e9hicules affect\u00e9s aux transports sanitaires terrestres ; \n \nVU l'arr\u00eat\u00e9 DS N\u00b0034/2024 du Directeur g\u00e9n\u00e9ral de l'Agence r\u00e9gionale d'\u00cele de France en date du \n29 avril 2024, portant d\u00e9l\u00e9gation de signature \u00e0 Monsieur Arnaud CORVAISIER, Directeur de \nl'offre de soins, et \u00e0 certains de ses collaborateurs ; \n \nVU l'arr\u00eat\u00e9 pr\u00e9fectoral n\u00b091 -0618 du 20 f\u00e9vrier 1991 portant agr\u00e9ment de la SARL BLANQUI \nAMBULANCES, sise 34, rue Louis Auguste Blanqui \u2013 93140 BONDY dont la g\u00e9rante est \nmadame Patricia VERGER ; \n \nVU l'arr\u00eat\u00e9 pr\u00e9fectoral n\u00b094 -2944 du 14 septembre 1994 nommant Monsieur Marcel GRIFFIT \ng\u00e9rant de la SARL BLANQUI AMBULANCES en remplacement de Madame Patricia VERGER  ;  \n \nVU l'arr\u00eat\u00e9 pr\u00e9fectoral n\u00b099-0236 du 15 janvier 1999 autorisant la SARL BLANQUI AMBULANCES \n\u00e0 transf\u00e9rer ses locaux du 34, rue Louis Auguste Blanqui \u2013 93140 BONDY au 42, rue Louis \nCreuzard \u2013 93700 DRANCY ;  \n \nVU l'arr\u00eat\u00e9 pr\u00e9fectoral n\u00b005-4266 du 22 septembre 2005 nommant Monsieur Yves GRIFFIT g\u00e9rant \nde la SARL BLANQUI AMBULANCES en remplacement de Monsieur Marcel GRIFFIT  ;  \n \nAgence R\u00e9gionale de Sant\u00e9 - IDF-2025-10-23-00007 - Arr\u00eat\u00e9 n\u00b0DOS-2025-4521 portant transfert des locaux de la SARL BLANQUI\nAMBULANCES (93390 - CLICHY-SOUS-BOIS) 24\n2 \n \nVU  l'arr\u00eat\u00e9 pr\u00e9fectoral n\u00b008 -3955 du 18 d\u00e9cembre 2008 autorisant la SARL BLANQUI \nAMBULANCES \u00e0 transf\u00e9rer ses locaux du 42, rue Louis Creuzard \u2013 93700 DRANCY au 25, \nall\u00e9e Emile Cossonneau \u2013 93390 CLICHY-SOUS-BOIS ;  \n \n \nCONSIDERANT l'accord de transfert des autorisations de mise  en service d\u00e9livr\u00e9 par les services de \nl'ARS Ile-de-France le 21 juillet 2025 ;  \n \nCONSIDERANT la demande de modification de l'agr\u00e9ment d\u00e9pos\u00e9e par le /la responsable l\u00e9gal/e de \nla soci\u00e9t\u00e9 relative au transfert des locaux ; \n \nCONSIDERANT la conformit\u00e9 du dossier de demande de transfert des locaux aux dispositions de \nl'arr\u00eat\u00e9 du 21 d\u00e9cembre 1987 modifi\u00e9 ci-dessus vis\u00e9 ; \n \nCONSIDERANT l'attestation sur l'honneur relative \u00e0 la conformit\u00e9 des installations mat\u00e9rielles, aux \nnormes d\u00e9finies par l'arr\u00eat\u00e9 du 12 d\u00e9cembre 2017 ci -dessus vis\u00e9 ainsi qu'aux normes d'hygi\u00e8ne et de \nsalubrit\u00e9 ; \n \n \nARR\u00caTE \n \nARTICLE 1er : La SARL BLANQUI AMBULANCES est autoris\u00e9e \u00e0 transf\u00e9rer ses locaux du 25, all\u00e9e \nEmile Cossonneau \u2013 93390 CLICHY-SOUS-BOIS au 23, all\u00e9e Robert Ricordeau \u2013 93390 CLICHY-\nSOUS-BOIS \u00e0 la date du pr\u00e9sent arr\u00eat\u00e9.    \n \nARTICLE 2  : La pr\u00e9sente d\u00e9cision peut faire l'objet d'un recours gracieux aupr\u00e8s de Monsieur le \nDirecteur g\u00e9n\u00e9ral de l'Agence r\u00e9gionale de sant\u00e9, sise 13, rue du Landy 93200 Saint-Denis. \n Un recours contentieux peut \u00e9galement \u00eatre d\u00e9pos\u00e9 aupr\u00e8s du tribunal administratif comp\u00e9tent.   \n Le d\u00e9lai de recours est de deux mois \u00e0 compter de la notification de l'arr\u00eat\u00e9 pour l'int\u00e9ress\u00e9 ou de sa \npublication pour les tiers. \n Ces recours n'ont pas pour effet de suspendre le caract\u00e8re ex\u00e9cutoire de la pr\u00e9sente d\u00e9cision.    \n \nARTICLE 3  : Le Directeur de l'offre de soins est charg\u00e9 de l'ex\u00e9cution du pr\u00e9sent arr\u00eat\u00e9, qui sera \npubli\u00e9 au Recueil des Actes Administratifs des services de l'\u00c9tat.  \n \n \n \n \nFait \u00e0 Saint-Denis, le 23/10/2025         \n \nP/Le Directeur g\u00e9n\u00e9ral \nde l'Agence r\u00e9gionale de sant\u00e9 \nIle-de-France,  \nLa Responsable du service r\u00e9gional \ndes transports sanitaires, \n \n        SIGNE \n \nS\u00e9verine TEISSEDRE \n \nAgence R\u00e9gionale de Sant\u00e9 - IDF-2025-10-23-00007 - Arr\u00eat\u00e9 n\u00b0DOS-2025-4521 portant transfert des locaux de la SARL BLANQUI\nAMBULANCES (93390 - CLICHY-SOUS-BOIS) 25\nAgence R\u00e9gionale de Sant\u00e9\nIDF-2025-10-23-00008\nArr\u00eat\u00e9 n\u00b0DOS-2025-4522 portant transfert des\nlocaux de la SAS BLANQUI 93 AMBULANCES\n(93390 - CLICHY-SOUS-BOIS)\nAgence R\u00e9gionale de Sant\u00e9 - IDF-2025-10-23-00008 - Arr\u00eat\u00e9 n\u00b0DOS-2025-4522 portant transfert des locaux de la SAS BLANQUI 93\nAMBULANCES (93390 - CLICHY-SOUS-BOIS) 26\nREPUBLIQUEFRANCAISELibert\u00e9Egalit\u00e9Fraternit\u00e9\ne \u00bb Agence R\u00e9gionale de Sant\u00e9Ile-de-France\n \n \n \n \n \n \n \nAGENCE R\u00c9GIONALE DE SANT\u00c9 \u00ceLE-DE-FRANCE \nARR\u00caT\u00c9 N\u00b0DOS-2025-4522 \nportant transfert des locaux de la SAS BLANQUI 93 AMBULANCES \n(93390 \u2013 CLICHY-SOUS-BOIS) \n \nLE DIRECTEUR G\u00c9N\u00c9RAL DE L'AGENCE R\u00c9GIONALE DE SANT\u00c9 \u00ceLE-DE-FRANCE \n \n \nVU le Code de la Sant\u00e9 Publique  et notamment ses articles L.6311 -1 \u00e0 L.6311 -2, L.6312 -1 \u00e0 \nL.6312-5, L.6313-1, R.6312-1 \u00e0 R.6312-23, R.6312-29 \u00e0 R.6312-43, R.6313-5 \u00e0 R.6313-7-1 ; \n \nVU la loi n\u00b0 2009 -879 du 21 juillet 2009 portant r\u00e9forme de l'h\u00f4pital et relative aux patients, \u00e0 la \nsant\u00e9 et aux territoires ; \n \nVU le d\u00e9cret n\u00b0 2010 -344 du 31 mars 2010 tirant les cons\u00e9quences, au niveau r\u00e8glementaire, de \nl'intervention de la loi n\u00b0 2009 -879 du 21 juillet 2009 portant r\u00e9forme de l'h\u00f4pital et relative aux \npatients, \u00e0 la sant\u00e9 et aux territoires ; \n \nVU le d\u00e9cret du 10 avril 2024  portant nomination de Monsieur Denis ROBIN, Directeur g\u00e9n\u00e9ral de \nl'Agence r\u00e9gionale d'\u00cele de France \u00e0 compter du 29 avril 2024 ; \n \nVU l'arr\u00eat\u00e9 minist\u00e9riel du 21 d\u00e9cembre 1987 modifi\u00e9 relatif \u00e0 la composition du dossier d'agr\u00e9ment \ndes personnes effectuant des transports sanitaires terrestres et au contr\u00f4le des v\u00e9hicules \naffect\u00e9s aux transports sanitaires ; \n \nVU l'arr\u00eat\u00e9 du 12 d\u00e9cembre 2017  modifi\u00e9 fixant les caract\u00e9ristiques et les installations mat\u00e9rielles \nexig\u00e9es pour les v\u00e9hicules affect\u00e9s aux transports sanitaires terrestres ; \n \nVU l'arr\u00eat\u00e9 DS N\u00b0034/2024 du Directeur g\u00e9n\u00e9ral de l'Agence r\u00e9gionale d'\u00cele de France en date du \n29 avril 2024, portant d\u00e9l\u00e9gation de signature \u00e0 Monsieur Arnaud CORVAISIER, Directeur de \nl'offre de soins, et \u00e0 certains de ses collaborateurs ; \n \nVU l'arr\u00eat\u00e9 n\u00b0DOS-2022/4972 du Directeur g\u00e9n\u00e9ral de l'Agence r\u00e9gionale de sant\u00e9 Ile de France \nen date du 10 d\u00e9cembre 2022 , portant agr\u00e9ment sous  le n\u00b0  ARS-IDF-TS/309, de la SAS \nBLANQUI 93 AMBULANCES, sise 25, all\u00e9e Emile Cossonneau \u2013 93390 CLICHY-SOUS-BOIS, \ndont le pr\u00e9sident est Monsieur Jordan GRIFFIT ; \n \n \nCONSIDERANT l'accord de transfert des autorisations de mise  en service d\u00e9livr\u00e9 par les services de \nl'ARS Ile-de-France le 21 juillet 2025 ;  \n \nCONSIDERANT la demande de modification de l'agr\u00e9ment d\u00e9pos\u00e9e par le /la responsable l\u00e9gal/e de \nla soci\u00e9t\u00e9 relative au transfert des locaux ; \n \nCONSIDERANT la conformit\u00e9 du dossier de demande de transfert des locaux aux dispositions de \nl'arr\u00eat\u00e9 du 21 d\u00e9cembre 1987 modifi\u00e9 ci-dessus vis\u00e9 ; \n \nAgence R\u00e9gionale de Sant\u00e9 - IDF-2025-10-23-00008 - Arr\u00eat\u00e9 n\u00b0DOS-2025-4522 portant transfert des locaux de la SAS BLANQUI 93\nAMBULANCES (93390 - CLICHY-SOUS-BOIS) 27\n2 \n \nCONSIDERANT l'attestation sur l'honneur relative \u00e0 la conformit\u00e9 des installations mat\u00e9rielles, aux \nnormes d\u00e9finies par l'arr\u00eat\u00e9 du 12 d\u00e9cembre 2017 ci -dessus vis\u00e9 ainsi qu'aux normes d'hygi\u00e8ne et de \nsalubrit\u00e9 ; \n \n \nARR\u00caTE \n \nARTICLE 1er : La SAS BLANQUI 93 AMBULANCES est autoris\u00e9e \u00e0 transf\u00e9rer ses locaux du 25, all\u00e9e \nEmile Cossonneau \u2013 93390 CLICHY-SOUS-BOIS au 23, all\u00e9e Robert Ricordeau \u2013 93390 CLICHY-\nSOUS-BOIS \u00e0 la date du pr\u00e9sent arr\u00eat\u00e9.    \n \nARTICLE 2  : La pr\u00e9sente d\u00e9cision peut faire l'objet d'un recours gracieux aupr\u00e8s de Monsieur le \nDirecteur g\u00e9n\u00e9ral de l'Agence r\u00e9gionale de sant\u00e9, sise 13, rue du Landy 93200 Saint-Denis. \n Un recours contentieux peut \u00e9galement \u00eatre d\u00e9pos\u00e9 aupr\u00e8s du tribunal administratif comp\u00e9tent.   \n Le d\u00e9lai de recours est de deux mois \u00e0 compter de la notification de l'arr\u00eat\u00e9 pour l'int\u00e9ress\u00e9 ou de sa \npublication pour les tiers. \n Ces recours n'ont pas pour effet de suspendre le caract\u00e8re ex\u00e9cutoire de la pr\u00e9sente d\u00e9cision.    \n \nARTICLE 3  : Le Directeur de l'offre de soins est charg\u00e9 de l'ex\u00e9cution du pr\u00e9sent arr\u00eat\u00e9, qui sera \npubli\u00e9 au Recueil des Actes Administratifs des services de l'\u00c9tat.  \n \n \n \n \nFait \u00e0 Saint-Denis, le    23/10/2025      \n \nP/Le Directeur g\u00e9n\u00e9ral \nde l'Agence r\u00e9gionale de sant\u00e9 \nIle-de-France,  \nLa Responsable du service r\u00e9gional \ndes transports sanitaires, \n \nSIGNE \n \n \nS\u00e9verine TEISSEDRE \n \nAgence R\u00e9gionale de Sant\u00e9 - IDF-2025-10-23-00008 - Arr\u00eat\u00e9 n\u00b0DOS-2025-4522 portant transfert des locaux de la SAS BLANQUI 93\nAMBULANCES (93390 - CLICHY-SOUS-BOIS) 28\nAgence R\u00e9gionale de Sant\u00e9\nIDF-2025-10-23-00009\nArr\u00eat\u00e9 n\u00b0DOS-2025-4523 portant changement\nde responsable l\u00e9gal et de forme juridique de la\nSASU AMBULANCES MERIDIEN\n(94200 Ivry-sur-Seine)\nAgence R\u00e9gionale de Sant\u00e9 - IDF-2025-10-23-00009 - Arr\u00eat\u00e9 n\u00b0DOS-2025-4523 portant changement de responsable l\u00e9gal et de forme\njuridique de la SASU AMBULANCES MERIDIEN\n(94200 Ivry-sur-Seine)\n29\nREPUBLIQUEFRANCAISELibert\u00e9Egalit\u00e9Fraternit\u00e9\ne \u00bb Agence R\u00e9gionale de Sant\u00e9Ile-de-France\n \n \n \n \n \n \n \nAGENCE R\u00c9GIONALE DE SANT\u00c9 \u00ceLE-DE-FRANCE \nARR\u00caT\u00c9 N\u00b0DOS-2025-4523 \nportant changement de responsable l\u00e9gal et de forme juridique de la SASU \nAMBULANCES MERIDIEN \n(94200 Ivry-sur-Seine) \n \nLE DIRECTEUR G\u00c9N\u00c9RAL DE L'AGENCE R\u00c9GIONALE DE SANT\u00c9 \u00ceLE-DE-FRANCE \n \nVU le Code de la Sant\u00e9 Publique et notamment ses articles L.6311-1 \u00e0 L.6311-2, L.6312-1 \u00e0 L.6312-\n5, L.6313-1, R.6312-1 \u00e0 R.6312-23, R.6312-29 \u00e0 R.6312-43, R.6313-5 \u00e0 R.6313-7-1 ; \n \nVU la loi n\u00b0 2009-879 du 21 juillet 2009 portant r\u00e9forme de l'h\u00f4pital et relative aux patients, \u00e0 la sant\u00e9 \net aux territoires ; \n \nVU le d\u00e9cret n\u00b0 2010 -344 du 31 mars 2010 tirant les cons\u00e9quences, au niveau r\u00e8glementaire, de \nl'intervention de la loi n\u00b0 2009 -879 du 21 juillet 2009 portant r\u00e9forme de l'h\u00f4pital et relative aux \npatients, \u00e0 la sant\u00e9 et aux territoires ;  \n \nVU le d\u00e9cret du 10 avril 2024  portant nomination de Monsieur Denis ROBIN, Directeur g\u00e9n\u00e9ral de \nl'Agence r\u00e9gionale de sant\u00e9 \u00cele de France \u00e0 compter du 29 avril 2024 ; \n \nVU l'arr\u00eat\u00e9 minist\u00e9riel du 21 d\u00e9cembre 1987 modifi\u00e9 relatif \u00e0 la composition du dossier d'agr\u00e9ment \ndes personnes effectuant des transports sanitaires terrestres et au contr\u00f4le des v\u00e9hicules \naffect\u00e9s aux transports sanitaires ; \n \nVU l'arr\u00eat\u00e9 du 12 d\u00e9cembre 2017  modifi\u00e9 fixant les caract\u00e9ristiques et les installations mat\u00e9rielles \nexig\u00e9es pour les v\u00e9hicules affect\u00e9s aux transports sanitaires terrestres ; \n \nVU l'arr\u00eat\u00e9 DS N\u00b0034/2024 du Directeur g\u00e9n\u00e9ral de l'Agence r\u00e9gionale  de sant\u00e9 Ile-de-France en \ndate du 29 avril 2024, portant d\u00e9l\u00e9gation de signature \u00e0 Monsieur Arnaud CORVAISIER, \nDirecteur de l'offre de soins, et \u00e0 certains de ses collaborateurs ; \n \nVU l'arr\u00eat\u00e9 n\u00b02013-DT94-57 du Directeur g\u00e9n\u00e9ral de l'Agence r\u00e9gionale de sant\u00e9 Ile -de-France en \ndate du 01 f\u00e9vrier 2013 portant agr\u00e9ment sous le n\u00b094.13.127 de la SASU AMBULANCES \nMERIDIEN, sise 23. Rue Pierre et Marie Curie \u00e0 Ivry -sur-Seine (94200) dont le g\u00e9rant est \nMonsieur Yaakob COHEN ;  \n \nVU l'arr\u00eat\u00e9 n\u00b0DOS-217-252 du Directeur g\u00e9n\u00e9ral de l'Agence r\u00e9gionale de sant\u00e9 Ile -de-France en \ndate du 09 aout 2017 portant changement de g\u00e9rance de la SASU AMBULANCES MERIDIEN, \ndont le nouveau g\u00e9rant est Monsieur Ouissem BOUDELAA ;  \n \nVU l'arr\u00eat\u00e9 n\u00b0DOS-2022/1093 de la Directrice g\u00e9n\u00e9rale de l'Agence r\u00e9gionale de sant\u00e9 Ile-de-France \nen date du 15 avril 2022 portant changement de responsable l\u00e9gal de la SASU AMBULANCES \nMERIDIEN, dont le nouveau pr\u00e9sident est Monsieur Ahmed MAHMOUD ;  \n \n \n \n \nAgence R\u00e9gionale de Sant\u00e9 - IDF-2025-10-23-00009 - Arr\u00eat\u00e9 n\u00b0DOS-2025-4523 portant changement de responsable l\u00e9gal et de forme\njuridique de la SASU AMBULANCES MERIDIEN\n(94200 Ivry-sur-Seine)\n30\n2 \n \n \nCONSIDERANT le dossier de demande de modification de l'agr\u00e9ment pr\u00e9sent\u00e9 par  Monsieur Mouard \nHAMMOUCHE, relatif au changement de responsable l\u00e9gal et de forme juridique de la SASU \nAMBULANCES MERIDIEN. ; \n \nCONSIDERANT la conformit\u00e9 du dossier de changement de responsable l\u00e9gal  aux dispositions de \nl'arr\u00eat\u00e9 du 21 d\u00e9cembre 1987 modifi\u00e9 ci-dessus vis\u00e9 ; \n \n \nARR\u00caTE \n \n \nARTICLE 1 : La SASU AMBULANCES MERIDIEN, sise 23, rue Pierre et Marie Curie \u00e0 Ivry -sur-Seine \ndevient la SAS AMBULANCES MERIDIEN dont la pr\u00e9sidence est exerc\u00e9e par Monsieur Mouard \nHAMMOUCHE, \u00e0 la date du pr\u00e9sent arr\u00eat\u00e9. \n \nARTICLE 2  : La pr\u00e9sente d\u00e9cision peut faire l'objet d'un recours gracieux aupr\u00e8s de Monsieur le \nDirecteur g\u00e9n\u00e9ral de l'Agence r\u00e9gionale de sant\u00e9, sise 13, rue du Landy 93200 Saint-Denis. \n Un recours contentieux peut \u00e9galement \u00eatre d\u00e9pos\u00e9 aupr\u00e8s du tribunal administratif comp\u00e9tent.   \n Le d\u00e9lai de recours est de deux mois \u00e0 compter de la notification de l'arr\u00eat\u00e9 pour l'int\u00e9ress\u00e9 ou de sa \npublication pour les tiers. \n Ces recours n'ont pas pour effet de suspendre le caract\u00e8re ex\u00e9cutoire de la pr\u00e9sente d\u00e9cision.    \n \nARTICLE 3 : Le Directeur de l'offre de soins est charg\u00e9 de l'ex\u00e9cution du pr\u00e9sent arr\u00eat\u00e9, qui sera publi\u00e9 \nau Recueil des Actes Administratifs des services de l'\u00c9tat. \n  \n \n \nFait \u00e0 Saint-Denis, le     23/10/2025     \n \nP/Le Directeur g\u00e9n\u00e9ral \nde l'Agence r\u00e9gionale de sant\u00e9 \nIle-de-France,  \nLa Responsable du service r\u00e9gional \ndes transports sanitaires, \n \nSIGNE \n \n \n \nS\u00e9verine TEISSEDRE \n \nAgence R\u00e9gionale de Sant\u00e9 - IDF-2025-10-23-00009 - Arr\u00eat\u00e9 n\u00b0DOS-2025-4523 portant changement de responsable l\u00e9gal et de forme\njuridique de la SASU AMBULANCES MERIDIEN\n(94200 Ivry-sur-Seine)\n31\nAgence R\u00e9gionale de Sant\u00e9\nIDF-2025-10-23-00010\nArr\u00eat\u00e9 n\u00b0DOS-2025-4525 portant changement\nde responsable l\u00e9gal de la SARL AMBULANCE CD\n(94700 - MAISONS-ALFORT)\nAgence R\u00e9gionale de Sant\u00e9 - IDF-2025-10-23-00010 - Arr\u00eat\u00e9 n\u00b0DOS-2025-4525 portant changement de responsable l\u00e9gal de la SARL\nAMBULANCE CD (94700 - MAISONS-ALFORT) 32\nREPUBLIQUEFRANCAISELibert\u00e9Egalit\u00e9Fraternit\u00e9\ne \u00bb Agence R\u00e9gionale de Sant\u00e9Ile-de-France\n \n \n \n \n \n \n \nAGENCE R\u00c9GIONALE DE SANT\u00c9 \u00ceLE-DE-FRANCE \nARR\u00caT\u00c9 N\u00b0DOS-2025-4525 \nportant changement de responsable l\u00e9gal de la SARL AMBULANCE CD \n(94700 \u2013 MAISONS-ALFORT) \n \nLE DIRECTEUR G\u00c9N\u00c9RAL DE L'AGENCE R\u00c9GIONALE DE SANT\u00c9 \u00ceLE-DE-FRANCE \n \nVU le Code de la Sant\u00e9 Publique et notamment ses articles L.6311-1 \u00e0 L.6311-2, L.6312-1 \u00e0 L.6312-\n5, L.6313-1, R.6312-1 \u00e0 R.6312-23, R.6312-29 \u00e0 R.6312-43, R.6313-5 \u00e0 R.6313-7-1 ; \n \nVU la loi n\u00b0 2009-879 du 21 juillet 2009 portant r\u00e9forme de l'h\u00f4pital et relative aux patients, \u00e0 la sant\u00e9 \net aux territoires ; \n \nVU le d\u00e9cret n\u00b0 2010 -344 du 31 mars 2010 tirant les cons\u00e9quences, au niveau r\u00e8glementaire, de \nl'intervention de la loi n\u00b0 2009 -879 du 21 juillet 2009 portant r\u00e9forme de l'h\u00f4pital et relative aux \npatients, \u00e0 la sant\u00e9 et aux territoires ;  \n \nVU le d\u00e9cret du 10 avril 2024  portant nomination de Monsieur Denis ROBIN, Directeur g\u00e9n\u00e9ral de \nl'Agence r\u00e9gionale de sant\u00e9 \u00cele de France \u00e0 compter du 29 avril 2024 ; \n \nVU l'arr\u00eat\u00e9 minist\u00e9riel du 21 d\u00e9cembre 1987 modifi\u00e9 relatif \u00e0 la composition du dossier d'agr\u00e9ment \ndes personnes effectuant des transports sanitaires terrestres et au contr\u00f4le des v\u00e9hicules \naffect\u00e9s aux transports sanitaires ; \n \nVU l'arr\u00eat\u00e9 du 12 d\u00e9cembre 2017  modifi\u00e9 fixant les caract\u00e9ristiques et les installations mat\u00e9rielles \nexig\u00e9es pour les v\u00e9hicules affect\u00e9s aux transports sanitaires terrestres ; \n \nVU l'arr\u00eat\u00e9 DS N\u00b0034/2024 du Directeur g\u00e9n\u00e9ral de l'Agence r\u00e9gionale  de sant\u00e9 \u00cele de France en \ndate du 29 avril 2024, portant d\u00e9l\u00e9gation de signature \u00e0 Monsieur Arnaud CORVAISIER, \nDirecteur de l'offre de soins, et \u00e0 certains de ses collaborateurs ; \n \nVU l'arr\u00eat\u00e9 pr\u00e9fectoral n\u00b0459/82 en date du 19 mai 1982 portant agr\u00e9ment sous le n\u00b094.82.060 de la \nSARL AMBULANCE CD, sise 21, rue Eug\u00e8ne Sue \u00e0 Maisons -Alfort (94700) dont le g\u00e9rant est \nMonsieur Patrick DEIS ; \n \nVU l'arr\u00eat\u00e9 pr\u00e9fectoral n\u00b097/871 en date du 14 mars 1997 portant transferts de locaux de la SARL \nAMBULANCE CD du 21, rue Eug\u00e8ne Sue \u00e0 Maisons -Alfort (94700) au 37-39, rue Victor Basch \n\u00e0 Maisons-Alfort (94700) ;  \n \nVU l'arr\u00eat\u00e9 n\u00b0DOS-2019/1424 en date du 26 juin 2019 portant changement de g\u00e9rance de la SARL \nAMBULANCE CD, sise 37-39, rue Victor Basch \u00e0 Maisons-Alfort (94700) ;  \n \nCONSIDERANT le dossier de demande de modification de l'agr\u00e9ment pr\u00e9sent\u00e9 relatif au changement \nde responsable l\u00e9gal de la SARL AMBULANCE CD ; \n \nCONSIDERANT la conformit\u00e9 du dossier de changement de responsable l\u00e9gal  aux dispositions de \nl'arr\u00eat\u00e9 du 21 d\u00e9cembre 1987 modifi\u00e9 ci-dessus vis\u00e9 ; \n \nAgence R\u00e9gionale de Sant\u00e9 - IDF-2025-10-23-00010 - Arr\u00eat\u00e9 n\u00b0DOS-2025-4525 portant changement de responsable l\u00e9gal de la SARL\nAMBULANCE CD (94700 - MAISONS-ALFORT) 33\n2 \n \n \nARR\u00caTE \n \n \nARTICLE 1 : Messieurs Patrick DEIS et Ludovic MATRAT sont d\u00e9sormais les seuls co-g\u00e9rants de la \nSARL AMBULANCE CD, sise 37-39, rue Victor Basch \u00e0 Maisons-Alfort (94700), \u00e0 la date du pr\u00e9sent \narr\u00eat\u00e9. \n \nARTICLE 2 : La pr\u00e9sente d\u00e9cision peut faire l'objet d'un recours gracieux aupr\u00e8s de Monsieur le \nDirecteur g\u00e9n\u00e9ral de l'Agence r\u00e9gionale de sant\u00e9, sise 13, rue du Landy 93200 Saint-Denis. \n Un recours contentieux peut \u00e9galement \u00eatre d\u00e9pos\u00e9 aupr\u00e8s du tribunal administratif comp\u00e9tent.   \n Le d\u00e9lai de recours est de deux mois \u00e0 compter de la notification de l'arr\u00eat\u00e9 pour l'int\u00e9ress\u00e9 ou de sa \npublication pour les tiers. \n Ces recours n'ont pas pour effet de suspendre le caract\u00e8re ex\u00e9cutoire de la pr\u00e9sente d\u00e9cision.    \n \nARTICLE 3 : Le Directeur de l'offre de soins est charg\u00e9 de l'ex\u00e9cution du pr\u00e9sent arr\u00eat\u00e9, qui sera \npubli\u00e9 au Recueil des Actes Administratifs des services de l'\u00c9tat. \n  \n \n \nFait \u00e0 Saint-Denis, le  23/10/2025        \n \nP/Le Directeur g\u00e9n\u00e9ral \nde l'Agence r\u00e9gionale de sant\u00e9 \nIle-de-France,  \nLa Responsable du service r\u00e9gional \ndes transports sanitaires, \n \n \nSIGNE \n \n \nS\u00e9verine TEISSEDRE \n \nAgence R\u00e9gionale de Sant\u00e9 - IDF-2025-10-23-00010 - Arr\u00eat\u00e9 n\u00b0DOS-2025-4525 portant changement de responsable l\u00e9gal de la SARL\nAMBULANCE CD (94700 - MAISONS-ALFORT) 34\nDirection r\u00e9gionale et interd\u00e9partementale de\nl'\u00e9conomie, de l'emploi, du travail et des\nsolidarit\u00e9s d'\u00cele-de-France\nIDF-2025-10-24-00003\nD\u00e9cision n\u00b0 2025-201 du 24 octobre 2025\nportant affectation des agents de contr\u00f4le dans\nles unit\u00e9s de contr\u00f4le et gestion des int\u00e9rims de\nla direction d\u00e9partementale de l'emploi, du\ntravail et des solidarit\u00e9s de Seine-et-Marne\nDirection r\u00e9gionale et interd\u00e9partementale de l'\u00e9conomie, de l'emploi, du travail et des solidarit\u00e9s d'\u00cele-de-France -\nIDF-2025-10-24-00003 - D\u00e9cision n\u00b0 2025-201 du 24 octobre 2025\nportant affectation des agents de contr\u00f4le dans les unit\u00e9s de contr\u00f4le et gestion des int\u00e9rims de la direction d\u00e9partementale de\nl'emploi, du travail et des solidarit\u00e9s de Seine-et-Marne\n35\nMINISTEREDU TRAVAIL |ET DES SOLIDARIT\u00c9SLibert\u00e9Egalit\u00e9Fraternit\u00e9\n \n \nDRIEETS d'Ile de France \n32 rue Jean Jaur\u00e8s \n      93200 SAINT DENIS                                                                                                                                                                                                                  1 / 4 \n \n  \n \nDirection r\u00e9gionale et interd\u00e9partementale \nde l'\u00e9conomie, de l'emploi, \ndu travail et des solidarit\u00e9s \nd'Ile de France \n \n \n \n \n \nD\u00e9cision n\u00b0 2025-201 du 24 octobre 2025 \nportant affectation des agents de contr\u00f4le dans les unit\u00e9s de contr\u00f4le et gestion des int\u00e9rims de la \ndirection d\u00e9partementale de l'emploi, du travail et des solidarit\u00e9s de Seine -et-Marne \n \n \n \nLe directeur r\u00e9gional de l'\u00e9conomie, de l'emploi, du travail et des solidarit\u00e9s de la r\u00e9gion Ile-de-France, \n \nVu le code du travail, notamment ses articles R. 8122-1 et suivants.  \n \nVu le d\u00e9cret n\u00b0 2020 -1545 du 9 d\u00e9cembre 2020 relatif \u00e0 l'organisation et aux missions des directions r\u00e9gionales \nde l'\u00e9conomie, de l'emploi, du travail et des solidarit\u00e9s, des directions d\u00e9partementales de l'emploi, du travail et \ndes solidarit\u00e9s et des directions d\u00e9partementales de l'emploi, du travail, des solidarit\u00e9s et de la protection des \npopulations, \n \nVu l'arr\u00eat\u00e9 interminist\u00e9riel du 12 ao\u00fbt  2025 nommant Monsieur Fabrice MASI  directeur r\u00e9gional et \ninterd\u00e9partemental de l'\u00e9conomie, de l'emploi, du travail et des solidarit\u00e9s d'\u00cele-de-France, \u00e0 compter du 25 ao\u00fbt \n2025, \n \nVu l'arr\u00eat\u00e9 minist\u00e9riel du 25 mars 2024 portant cr\u00e9ation et r\u00e9partition des unit\u00e9s de contr\u00f4le de l'inspection du \ntravail,  \n \nVu la d\u00e9cision n\u00b0 2023-193 du 26 d\u00e9cembre 2023 du directeur r\u00e9gional et interd\u00e9partemental de l'\u00e9conomie, de \nl'emploi, du travail et des solidarit\u00e9s d'Ile -de-France relative \u00e0 la localisation et \u00e0 la d\u00e9limitation des unit\u00e9s de \ncontr\u00f4le et des sections d'inspection du travail de la direction d\u00e9partementale de l'emploi, du travail et des \nsolidarit\u00e9s de Seine et Marne, \n \nD\u00c9CIDE \n \nArticle 1er  \n \nSans pr\u00e9judice des dispositions de l'article R.8122 -10 du code du travail et conform\u00e9ment aux dispositions de \nl'article R.8122-11 du code du travail, sont affect\u00e9s dans les sections d'inspection de la direction d\u00e9partementale \nde l'emploi, du travail et des solidarit\u00e9s de Seine et Marne les agents suivants : \nUnit\u00e9 de contr\u00f4le N\u00b0 1  \nsise 3 rue de la Galmy CS 10582 77701 Marne la Vall\u00e9e Cedex 4 \n \nResponsable de l'unit\u00e9 de contr\u00f4le : Monsieur Jean-Baptiste LY VAN TU, Directeur adjoint du travail  \n \nSection 1-01 A : Madame Pauline LEFEVRE, Inspectrice du travail \n \nSection 1-02 : Madame Laetitia HENNOUS, Inspectrice du travail \n \nSection 1-03 : Madame Ellouna BENELMOUFFOK, Inspectrice du travail \n \nDirection r\u00e9gionale et interd\u00e9partementale de l'\u00e9conomie, de l'emploi, du travail et des solidarit\u00e9s d'\u00cele-de-France -\nIDF-2025-10-24-00003 - D\u00e9cision n\u00b0 2025-201 du 24 octobre 2025\nportant affectation des agents de contr\u00f4le dans les unit\u00e9s de contr\u00f4le et gestion des int\u00e9rims de la direction d\u00e9partementale de\nl'emploi, du travail et des solidarit\u00e9s de Seine-et-Marne\n36\n \n \n2 / 4 \nSection 1-04 : Madame Nolwenn LE YOUDEC, Inspectrice du travail \n \nSection 1-05 TF et Fl : Madame Juliette MATHIEU, Inspectrice du travail \n \nSection 1-06 : Monsieur Alexis COSTES, Inspecteur du travail  \n \nSection 1-07 : Mme Aur\u00e9lie BELLENGER, Inspectrice du travail \n \nSection 1-08 TR : Monsieur Karim BOURAS, Inspecteur du travail \n \nUnit\u00e9 de contr\u00f4le N\u00b0 2  \nsise 3 rue de la Galmy CS 10582 77701 Marne la Vall\u00e9e Cedex 4 \n \nResponsable de l'unit\u00e9 de contr\u00f4le : Poste vacant \n \nMonsieur R\u00e9gis PERROT, Directeur du travail, est en charge de l'int\u00e9rim du poste \n \nSection 2-01 : Monsieur Thomas SALGADO, Inspecteur du travail \n \nSection 2-02 : Section vacante  \n \nMonsieur Jean-Baptiste LY VAN TU Directeur adjoint du travail assumant les fonctions d'inspecteur du travail est \nen charge de l'int\u00e9rim de la section \n \nSection 2-03 :  Madame Ga\u00eblle BOTZUNG, Inspectrice du travail \n \nSection 2-04 : Monsieur L\u00e9o BOURSIER, Inspecteur du travail \n \nSection 2-05 T : Madame Carmen ZIEGLER, Inspectrice du travail \n \nSection 2-06 : Madame Mathilde MALHER, Inspectrice du travail  \n \nSection 2-07 : Madame Marine DESMORTIERS, Inspectrice du travail \n \nSection 2-08 A : Madame Christine GHIZZONI, Inspectrice du travail  \n \nEn cas d'absence ou d'emp\u00eachement de Madame Christine GHIZZONI, l'int\u00e9rim de la section  est assur\u00e9 par \nMadame Ga\u00eblle BOTZUNG, Inspectrice du travail \nUnit\u00e9 de contr\u00f4le N\u00b0 3  \n20 quai Hippolyte Rossignol 77011 Melun cedex \n \nResponsable de l'unit\u00e9 de contr\u00f4le : Monsieur Rapha\u00ebl SEROUR, Directeur adjoint du travail \n \nSection 3-01 : Madame No\u00e9mie CHASSARD, Inspectrice du travail \n \nSection 3-02 : Madame Evelyne ZOUBICOU, Inspectrice du travail \n \nSection 3-03 : Madame Nathalie BARBERYE, Inspectrice du travail \n \nSection 3-04 : Madame Cl\u00e9lia SCALI, Inspectrice du travail \n \nSection 3-5 : Monsieur Miguel REVES, Inspecteur du travail \n  \nSection 3-6 A :  Madame Laura TERROBA, Inspectrice du travail \n \nSection3-07 T : Madame Ingrid LAWSON, Inspectrice du travail \n \nSection3-08 : Madame Amandine BARON-ALECI, Inspectrice du travail \nDirection r\u00e9gionale et interd\u00e9partementale de l'\u00e9conomie, de l'emploi, du travail et des solidarit\u00e9s d'\u00cele-de-France -\nIDF-2025-10-24-00003 - D\u00e9cision n\u00b0 2025-201 du 24 octobre 2025\nportant affectation des agents de contr\u00f4le dans les unit\u00e9s de contr\u00f4le et gestion des int\u00e9rims de la direction d\u00e9partementale de\nl'emploi, du travail et des solidarit\u00e9s de Seine-et-Marne\n37\n \n \n3 / 4 \n \nUnit\u00e9 de contr\u00f4le N\u00b0 4  \n20 quai Hippolyte Rossignol 77011 Melun cedex \n \nResponsable de l'unit\u00e9 de contr\u00f4le : Poste vacant \n \nMonsieur Rapha\u00ebl SEROUR, Directeur adjoint du travail, est en charge de l'int\u00e9rim du poste \n \nSection 4-01A : Madame Karine PAUVERT, Contr\u00f4leuse du Travail  \n \nMadame Caroline ROUSSEAU, Inspectrice du travail, est en charge du contr\u00f4le des \u00e9tablissements d'au moins 50 \nsalari\u00e9s.  \n \nConform\u00e9ment aux dispositions de l'article R. 8122-11 1\u00b0 du code du travail, Madame Caroline ROUSSEAU exerce \nles pouvoirs de d\u00e9cision administrative relevant de la comp\u00e9tence exclusive d'un inspecteur du travail. \n \nSection 4-02: Madame Nadia DIOP, Inspectrice du travail \n \nSection 4-03 : Monsieur Raphael PREAU, Inspecteur du travail \n \nSection 4-04 : Madame Mathilde HERMIER, Inspectrice du travail \n \nSection 4-05 F : Madame Charlotte ALLAIRE, Inspectrice du travail. \n \nSection 4-06 : Madame Maud HABERT, Inspectrice du travail \n \nSection 4-07 : Madame Caroline ROUSSEAU, Inspectrice du travail  \n \nSection 4-08 T : Madame Karine MEDAILLE, Inspectrice du travail \n \nSection 4-09 : Monsieur Anthony TRAVERT, Inspecteur du travail \n \n \nArticle 2 \n \nEn cas d'absence ou d'emp\u00eachement d'un ou d'une responsable d'unit\u00e9 de contr\u00f4le d\u00e9sign\u00e9s \u00e0 l'article 1 ci-dessus, \nl'int\u00e9rim sera assur\u00e9 par un ou une autre responsable d'unit\u00e9 de contr\u00f4le de la Direction d\u00e9partementale de \nl'emploi du travail et des solidarit\u00e9s de Seine et Marne. \n \nEn cas d'absence ou d'emp\u00eachement d'un inspecteur ou d'une inspectrice du travail, l'int\u00e9rim sera \nprioritairement assur\u00e9 par un inspecteur ou inspectrice du travail affect\u00e9(e) dans la m\u00eame unit\u00e9 de contr\u00f4le ou \u00e0 \nd\u00e9faut une autre unit\u00e9 de contr\u00f4le ou par un  responsable d'unit\u00e9 de contr\u00f4le dans la m\u00eame ou une autre unit\u00e9 \nde contr\u00f4le. \n \nEn cas d'absence ou d'emp\u00eachement d'un contr\u00f4leur ou d'une contr\u00f4leuse du travail, l'int\u00e9rim sera assur\u00e9 par un \ncontr\u00f4leur ou contr\u00f4leuse du travail affect\u00e9(e) dans la m\u00eame unit\u00e9 de contr\u00f4le et, en cas d'absence ou \nd'emp\u00eachement de celui-ci ou de celle-ci, par un contr\u00f4leur ou une contr\u00f4leuse du travail affect\u00e9(e) sur l'une des \nautres unit\u00e9s de contr\u00f4le ou, en cas d'absence ou d'emp\u00eachement, par un inspecteur du travail ou d'une \ninspectrice du travail affect\u00e9(e) dans la m\u00eame unit\u00e9 de contr\u00f4le ou une autre u nit\u00e9 de contr\u00f4le ou par un \nresponsable d'unit\u00e9 de contr\u00f4le dans la m\u00eame ou une autre unit\u00e9 de contr\u00f4le. \n \n \nArticle 3  \n \nConform\u00e9ment aux dispositions de l'article R.8122 -10 du code du travail, les agents mentionn\u00e9s \u00e0 l'article 1 \nparticipent lorsque l'action le rend n\u00e9cessaire aux actions d'inspection de la l\u00e9gislation du travail sur le territoire \nde la direction d\u00e9partementale de l'emploi du travail et des solidarit\u00e9s de Seine et Marne \u00e0 laquelle est rattach\u00e9e \nl'Unit\u00e9 de contr\u00f4le o\u00f9 ils sont affect\u00e9s. \n \n \nDirection r\u00e9gionale et interd\u00e9partementale de l'\u00e9conomie, de l'emploi, du travail et des solidarit\u00e9s d'\u00cele-de-France -\nIDF-2025-10-24-00003 - D\u00e9cision n\u00b0 2025-201 du 24 octobre 2025\nportant affectation des agents de contr\u00f4le dans les unit\u00e9s de contr\u00f4le et gestion des int\u00e9rims de la direction d\u00e9partementale de\nl'emploi, du travail et des solidarit\u00e9s de Seine-et-Marne\n38\n \n \n4 / 4 \n \nArticle 4 \n \nLa d\u00e9cision n \u00b0 2025-175 du 03 septembre 2025  portant affectation des agents de contr\u00f4le dans les unit\u00e9s de \ncontr\u00f4le et gestion des int\u00e9rims de la direction d\u00e9partementale de l'emploi, du travail et des solidarit\u00e9s de Seine \net Marne, est abrog\u00e9e. \n \n \nArticle 5 \n \nLa pr\u00e9sente d\u00e9cision prend effet \u00e0 la date de sa publication. \n \n \nArticle 6 \n \nLe directeur r\u00e9gional et interd\u00e9partemental de l'\u00e9conomie, de l'emploi, du travail et des solidarit\u00e9s d'Ile-de-France \nest charg\u00e9 de l'application de la pr\u00e9sente d\u00e9cision, qui sera publi\u00e9e au recueil des actes administratifs de la r\u00e9gion \nIle-de-France. \n \n \n \nFait \u00e0 Aubervilliers, le 24 octobre 2025 \n \nLe directeur r\u00e9gional et interd\u00e9partemental de l'\u00e9conomie, de \nl'emploi, du travail et des solidarit\u00e9s de la r\u00e9gion Ile-de-France, \n \n \nSIGN\u00c9 \n \nFabrice MASI \nDirection r\u00e9gionale et interd\u00e9partementale de l'\u00e9conomie, de l'emploi, du travail et des solidarit\u00e9s d'\u00cele-de-France -\nIDF-2025-10-24-00003 - D\u00e9cision n\u00b0 2025-201 du 24 octobre 2025\nportant affectation des agents de contr\u00f4le dans les unit\u00e9s de contr\u00f4le et gestion des int\u00e9rims de la direction d\u00e9partementale de\nl'emploi, du travail et des solidarit\u00e9s de Seine-et-Marne\n39\nDirection r\u00e9gionale et interd\u00e9partementale de\nl'\u00e9conomie, de l'emploi, du travail et des\nsolidarit\u00e9s d'\u00cele-de-France\nIDF-2025-10-24-00004\nD\u00e9cision n\u00b0 2025-202 du 24 octobre 2025\nabrogeant la d\u00e9signation de Mme Sandra\nEMSELLEM pour assurer les fonctions de\ndirectrice d\u00e9partementale de l'emploi, du travail\net des solidarit\u00e9s par int\u00e9rim de Seine-et-Marne\npour l'exercice des missions relatives au syst\u00e8me\nd'inspection et de la l\u00e9gislation du travail\nDirection r\u00e9gionale et interd\u00e9partementale de l'\u00e9conomie, de l'emploi, du travail et des solidarit\u00e9s d'\u00cele-de-France -\nIDF-2025-10-24-00004 - D\u00e9cision n\u00b0 2025-202 du 24 octobre 2025 abrogeant la d\u00e9signation de Mme Sandra EMSELLEM pour assurer les\nfonctions de directrice d\u00e9partementale de l'emploi, du travail et des solidarit\u00e9s par int\u00e9rim de Seine-et-Marne pour l'exercice des\nmissions relatives au syst\u00e8me d'inspection et de la l\u00e9gislation du travail\n40\nPREFET |DE LA REGIOND'\u00ceLE-DE-FRANCELibert\u00e9Egalit\u00e9Fraternit\u00e9\n Direction r\u00e9gionale et interd\u00e9partementale \nde l'\u00e9conomie, de l'emploi, \ndu travail et des solidarit\u00e9s  \n \n \nDRIEETS Ile de France  \n19/21 rue Madeleine Vionnet  \n93 300 AUBERVILLIERS \n \n \n \n \n           \n D\u00e9cision n\u00b0 2025-202 du 24 octobre 2025 \n \nAbrogeant la d\u00e9signation de Mme Sandra EMSELLEM pour assurer les fonctions de directrice \nd\u00e9partementale de l'emploi, du travail et des solidarit\u00e9s par int\u00e9rim de Seine-et-Marne pour l'exercice \ndes missions relatives au syst\u00e8me d'inspection et de la l\u00e9gislation du travail  \n \n \nMINIST\u00c8RE DU TRAVAIL ET DES SOLIDARIT\u00c9S \n \nMINIST\u00c8RE DE L'\u00c9CONOMIE, DES FINANCES ET DE \nLA SOUVERAINET\u00c9 INDUSTRIELLE, \u00c9NERG\u00c9TIQUE \nET NUM\u00c9RIQUE \n \nDIRECTION R\u00c9GIONALE ET INTERD\u00c9PARTEMENTALE \nDE L'\u00c9CONOMIE, DE L'EMPLOI, DU TRAVAIL ET DES SOLIDARIT\u00c9S D'\u00ceLE-DE-FRANCE \n \n \nLe directeur r\u00e9gional et interd\u00e9partemental de l'\u00e9conomie, de l'emploi, du travail et des solidarit\u00e9s d'\u00cele-\nde-France, \n \nVu le code du travail, notamment son article R. 8122-2 ; \n \nVu le d\u00e9cret n\u00b0 2009 -1484 du 3 d\u00e9cembre 2009 modifi\u00e9 relatif aux directions d\u00e9partementales \ninterminist\u00e9rielles ; \n \nVu le d\u00e9cret n\u00b0 2020 -1545 du 9 d\u00e9cembre 2020 modifi\u00e9 relatif \u00e0 l'organisation et aux missions des \ndirections r\u00e9gionales de l'\u00e9conomie, de l'emploi, du travail et des solidarit\u00e9s, des directions \nd\u00e9partementales de l'emploi, du travail et des solidarit\u00e9s et des directions d\u00e9partementales de l'emploi, \ndu travail, des solidarit\u00e9s et de la protection des populations ; \n \nVu l'arr\u00eat\u00e9 interminist\u00e9riel du 12 ao\u00fbt  2025 nommant M. Fabrice MASI  directeur r\u00e9gional et \ninterd\u00e9partemental de l'\u00e9conomie, de l'emploi, du travail et des solidarit\u00e9s d'\u00cele -de-France par int\u00e9rim, \n\u00e0 compter du 25 ao\u00fbt 2025, \n \nVu l'arr\u00eat\u00e9 interminist\u00e9riel du 2 octobre 2025 nommant M. Nicolas DROUART, directeur de la direction \nd\u00e9partementale de l'emploi, du travail et des solidarit\u00e9s de Seine-et-Marne \u00e0 compter du 1er novembre \n2025 ; \n \nConstatant que l'emploi de directeur d\u00e9partemental de l'emploi, du travail et des solidarit\u00e9s du Seine-\net-Marne n'est plus vacant. \n \n \n  \nDirection r\u00e9gionale et interd\u00e9partementale de l'\u00e9conomie, de l'emploi, du travail et des solidarit\u00e9s d'\u00cele-de-France -\nIDF-2025-10-24-00004 - D\u00e9cision n\u00b0 2025-202 du 24 octobre 2025 abrogeant la d\u00e9signation de Mme Sandra EMSELLEM pour assurer les\nfonctions de directrice d\u00e9partementale de l'emploi, du travail et des solidarit\u00e9s par int\u00e9rim de Seine-et-Marne pour l'exercice des\nmissions relatives au syst\u00e8me d'inspection et de la l\u00e9gislation du travail\n41\n \n 2 \nArr\u00eate : \n \nArticle 1 \nLa d\u00e9cision n\u00b02025-141 du 1er ao\u00fbt 2025 d\u00e9signant Mme Sandra EMSELLEM pour assurer les fonctions de \ndirectrice d\u00e9partementale de l'emploi, du travail et des solidarit\u00e9s par int\u00e9rim de Seine-et-Marne, pour \nl'exercice des missions relatives au syst\u00e8me d'inspection et de la l\u00e9gislation du travail  est abrog\u00e9e  \u00e0 \ncompter du 1er novembre 2025. \n \n \nArticle 2 \nLe directeur de la direction r\u00e9gionale de l'\u00e9conomie, de l'emploi, du travail et des solidarit\u00e9s et l a \ndirectrice d\u00e9partementale de l'emploi, du travail et des solidarit\u00e9s par int\u00e9rim sont charg\u00e9s, chacun en \nce qui le concerne, de l'ex\u00e9cution de la pr\u00e9sente d\u00e9cision qui sera publi\u00e9e au recueil des actes \nadministratifs des services de l'\u00c9tat. \n \n \n \nFait \u00e0 Aubervilliers, le 24 octobre 2025 \n \nLe Directeur r\u00e9gional et \ninterd\u00e9partemental de l'\u00e9conomie, de \nl'emploi, du travail et des solidarit\u00e9s  \n \n    SIGN\u00c9 \n \nFabrice MASI \n \n \nDirection r\u00e9gionale et interd\u00e9partementale de l'\u00e9conomie, de l'emploi, du travail et des solidarit\u00e9s d'\u00cele-de-France -\nIDF-2025-10-24-00004 - D\u00e9cision n\u00b0 2025-202 du 24 octobre 2025 abrogeant la d\u00e9signation de Mme Sandra EMSELLEM pour assurer les\nfonctions de directrice d\u00e9partementale de l'emploi, du travail et des solidarit\u00e9s par int\u00e9rim de Seine-et-Marne pour l'exercice des\nmissions relatives au syst\u00e8me d'inspection et de la l\u00e9gislation du travail\n42\nPr\u00e9fecture de la R\u00e9gion d'Ile de France,\nPr\u00e9fecture de Paris \nIDF-2025-10-24-00001\nArr\u00eat\u00e9 modifiant l'arr\u00eat\u00e9 n\u00b0IDF-2021-10-18-00001\ndu 19 octobre 2021 portant nomination des\nmembres du deuxi\u00e8me coll\u00e8ge du conseil de\nd\u00e9veloppement territorial de la direction\nterritoriale de Paris du grand port fluviomaritime\nde l'axe Seine\nPr\u00e9fecture de la R\u00e9gion d'Ile de France, Pr\u00e9fecture de Paris  - IDF-2025-10-24-00001 - Arr\u00eat\u00e9 modifiant l'arr\u00eat\u00e9 n\u00b0IDF-2021-10-18-00001\ndu 19 octobre 2021 portant nomination des membres du deuxi\u00e8me coll\u00e8ge du conseil de d\u00e9veloppement territorial de la direction\nterritoriale de Paris du grand port fluviomaritime de l'axe Seine\n43\n| 3PR\u00c9FETDE LA R\u00c9GIOND'\u00ceLE-DE-FRANCELibert\u00e9Egalit\u00e9Fraternit\u00e9\n \n1 \n \nSecr\u00e9tariat  g\u00e9n\u00e9ral  aux politiques  \npubliques  \n \nArr\u00eat\u00e9 \n \nModifiant l'arr\u00eat\u00e9 n\u00b0IDF-2021-10-18-00001 du 19 octobre 2021 portant nomination des membres du \ndeuxi\u00e8me coll\u00e8ge du conseil de d\u00e9veloppement territorial de la direction territoriale de Paris du grand \nport fluviomaritime de l'axe Seine  \n \nLe pr\u00e9fet de la r\u00e9gion d'Ile-de-France, \nPr\u00e9fet de Paris, \nGrand Officier de la L\u00e9gion d'honneur, \nOfficier de l'Ordre national du M\u00e9rite \n \nVu le code des transports, notamment le livre III de sa cinqui\u00e8me partie  ; \nVu le code des relations entre le public et l'administration ; \nVu l'ordonnance n\u00b02004-614 du 19 mai 2021 relative \u00e0 la fusion du port autonome de Paris et des \ngrands ports maritimes du Havre et de Rouen en un \u00e9tablissement public unique  ; \nVu le d\u00e9cret n\u00b02004-374 du 29 avril 2004 modifi\u00e9 re latif aux pouvoirs des pr\u00e9fets, \u00e0 l'organisation et  \u00e0 \nl'action des services de l'Etat dans les r\u00e9gions et les d\u00e9partements  ;  \nVu le d\u00e9cret n\u00b02021-618 du 19 mai 2021 relatif \u00e0 la  fusion du port autonome de Paris et des grands \nports maritimes du Havre et de Rouen en un \u00e9tablissement public unique  ;  \nVu l'arr\u00eat\u00e9 n\u00b0IDF-2021-07-29-00042 du 29 juillet 20 21 portant composition du conseil de \nd\u00e9veloppement territorial de la direction territori ale de Paris du grand port fluviomaritime de l'axe \nSeine et nomination des membres du troisi\u00e8me coll\u00e8ge ; \nVu l'arr\u00eat\u00e9 n\u00b0IDF-2021-10-13-00005 du 13 octobre 2021 relatif \u00e0 la nomination des membres du  premier \net quatri\u00e8me coll\u00e8ges du conseil de d\u00e9veloppement t erritorial de la direction territoriale de Paris du  \ngrand port fluviomaritime de l'axe Seine, modifi\u00e9 p ar l'arr\u00eat\u00e9 n\u00b0IDF-2022-05-12-00001 du 12 mai 2022, \npar l'arr\u00eat\u00e9 n\u00b0 IDF-2023-09-08-00001 du 8 septembre 2023 et par l'arr\u00eat\u00e9 n\u00b0IDF-2025-04-18-00007 du 18 \navril 2025  ; \nVu l'arr\u00eat\u00e9 n\u00b0IDF-2021-10-18-00001 du 19 octobre 20 21 portant nomination des membres du deuxi\u00e8me \ncoll\u00e8ge du conseil de d\u00e9veloppement territorial de la direction territoriale de Paris du grand port \nfluviomaritime de l'axe Seine, compl\u00e9t\u00e9 par l'arr\u00eat\u00e9 n\u00b0IDF-2021-12-07-0004 du 7 d\u00e9cembre 2021  ;  \n \nVu la consultation engag\u00e9e par la pr\u00e9fecture de la r\u00e9gion d'\u00cele-de-France, pr\u00e9fecture de Paris en date  \ndu 18 avril 2025 aupr\u00e8s des organisations syndicale s d\u00e9partementales repr\u00e9sentatives d\u00e9sign\u00e9es pour \nle port de Paris par le ministre charg\u00e9 du travail afin de recueillir leurs candidatures pour si\u00e9ger a u \ndeuxi\u00e8me coll\u00e8ge  ; \n \nVu les trois noms propos\u00e9s par FO Ile-de-France le 23 mai 2025  ; \n \nVu les trois noms propos\u00e9s par l'Union R\u00e9gionale CFDT Ile-de-France le 4 juin 2025 ; \nPr\u00e9fecture de la R\u00e9gion d'Ile de France, Pr\u00e9fecture de Paris  - IDF-2025-10-24-00001 - Arr\u00eat\u00e9 modifiant l'arr\u00eat\u00e9 n\u00b0IDF-2021-10-18-00001\ndu 19 octobre 2021 portant nomination des membres du deuxi\u00e8me coll\u00e8ge du conseil de d\u00e9veloppement territorial de la direction\nterritoriale de Paris du grand port fluviomaritime de l'axe Seine\n44\n  \nPage 2 sur 4 \n \n \nSur proposition de \n la pr\u00e9f\u00e8te, secr\u00e9taire g\u00e9n\u00e9ral aux politiques publiques de la pr\u00e9fecture de la r\u00e9gion \nd'\u00cele-de-France, pr\u00e9fecture de Paris, \nARR\u00caTE \nArticle 1  : A l'article 1 er  relatif au deuxi\u00e8me coll\u00e8ge des repr\u00e9sentants de l a place portuaire de l'arr\u00eat\u00e9 \ndu 19 octobre 2021 susvis\u00e9, le premier alin\u00e9a \u00ab  Monsieur Fran\u00e7ois BORGET \u00bb est remplac\u00e9 par l'alin\u00e9a \nsuivant  : \u00ab  Madame Ouiza BETOUCHE  \u00bb et le second alin\u00e9a \u00ab  Monsieur Didier DEPIERRE.  \u00bb est \nremplac\u00e9 par l'alin\u00e9a suivant  : \u00ab  Madame Virginie ALLILI\u00bb.  \nArticle 2 : La liste actualis\u00e9e des membres des quatre coll\u00e8ges du conseil de d\u00e9veloppement territorial \nde la direction territoriale de Paris du grand port fluviomaritime de l'axe Seine est indiqu\u00e9e en annexe.  \nArticle 3 : La pr\u00e9f\u00e8te, secr\u00e9taire g\u00e9n\u00e9rale aux politiques pu bliques de la pr\u00e9fecture de la r\u00e9gion d'\u00cele-\nde-France, pr\u00e9fecture de Paris, est charg\u00e9e de l'ex \u00e9cution du pr\u00e9sent arr\u00eat\u00e9, qui sera publi\u00e9 au recue il \ndes actes administratifs de la pr\u00e9fecture de la r\u00e9gion d'\u00cele-de-France, pr\u00e9fecture de Paris.  \n \n      Fait \u00e0 Paris, le 24/10/2025 \n          SIGNE \n \nLe pr\u00e9fet de la r\u00e9gion d'\u00cele-de-\nFrance, pr\u00e9fet de Paris \nMarc GUILLAUME \nPr\u00e9fecture de la R\u00e9gion d'Ile de France, Pr\u00e9fecture de Paris  - IDF-2025-10-24-00001 - Arr\u00eat\u00e9 modifiant l'arr\u00eat\u00e9 n\u00b0IDF-2021-10-18-00001\ndu 19 octobre 2021 portant nomination des membres du deuxi\u00e8me coll\u00e8ge du conseil de d\u00e9veloppement territorial de la direction\nterritoriale de Paris du grand port fluviomaritime de l'axe Seine\n45\n  \nPage 3 sur 4 \nAnnexe informative \n \nde l'arr\u00eat\u00e9 modifiant l'arr\u00eat\u00e9 n\u00b0IDF-2021-10-18-00001 du 19 octobre 2021 portant nomination des \nmembres du deuxi\u00e8me coll\u00e8ge du conseil de d\u00e9veloppement territorial de la direction territoriale de \nParis du grand port fluviomaritime de l'axe Seine  \n \nrelative \u00e0 la liste des membres du conseil de d\u00e9veloppement territorial de la direction territoriale de \nParis du grand port fluviomaritime de l'axe Seine \n \nI.  Premier coll\u00e8ge  : repr\u00e9sentants de la place portuaire  \n \n- Florence BOUTMY  ; \n- Cyril VAURS  ; \n- Marie VEREECKE  ; \n- Thomas DUBOIS  ; \n- Emma RECCO  ; \n- Philippe ARFI  ; \n- Antoine LEMOINE  ; \n- Arnaud DANIEL  ; \n- Patrick SCHMITTER.  \n \nII.  Deuxi\u00e8me coll\u00e8ge  : repr\u00e9sentants des personnels des entreprises exer \u00e7ant leurs activit\u00e9s sur le \nport  \n \n- Ouiza BETOUCHE ;  \n- Virginie ALLILI ;  \n- Thierry BREHAM.  \n \nIII.  Troisi\u00e8me coll\u00e8ge  : repr\u00e9sentants des collectivit\u00e9s territoriales et de leurs groupements situ\u00e9s \ndans le ressort de la direction territoriale de Paris  \na.  Au titre de la r\u00e9gion \u00cele-de-France  \n \nTitulaire :  - Delphine B\u00dcRKLI \nTitulaire :  - Gr\u00e9goire de LASTEYRIE \n \nb.  Au titre de la M\u00e9tropole du Grand Paris  \n \nTitulaire :  - Jean-Michel GENESTIER \nSuppl\u00e9ant :  - Luc CARVOUNAS \n \nc.  Au titre du Conseil d\u00e9partemental des Hauts-de-Seine \n \nTitulaire :  - Jean-Christophe FROMANTIN \nSuppl\u00e9ant :  - Thomas LAM \n \nd.  Au titre de la Ville de Paris  \n \nTitulaire :  - Pierre RABADAN \n \ne.  Au titre de l'\u00e9tablissement public territorial Boucle Nord de Seine \n \nTitulaire :  - Patrice LECLERC \nPr\u00e9fecture de la R\u00e9gion d'Ile de France, Pr\u00e9fecture de Paris  - IDF-2025-10-24-00001 - Arr\u00eat\u00e9 modifiant l'arr\u00eat\u00e9 n\u00b0IDF-2021-10-18-00001\ndu 19 octobre 2021 portant nomination des membres du deuxi\u00e8me coll\u00e8ge du conseil de d\u00e9veloppement territorial de la direction\nterritoriale de Paris du grand port fluviomaritime de l'axe Seine\n46\n  \nPage 4 sur 4 \nSuppl\u00e9ant :  - Chaouki ABSSI \n \nf.  Au titre de l'\u00e9tablissement public territorial Grand Paris Sud Est Avenir \n \nTitulaire :  - Denis \u00d6ZTORUN \nSuppl\u00e9ant :  - Jean-Pierre CHAFFAUD \n \ng.  Au titre de la communaut\u00e9 urbaine Grand Paris Seine et Oise  \n \nTitulaire :  - Yann PERRON \nSuppl\u00e9ant :  - Pierre-Yves DUMOULIN \n \nh.  Au titre de la communaut\u00e9 d'agglom\u00e9ration Grand Paris Sud Seine Essonne S\u00e9nart \n \nTitulaire :  - Oumar DRAME \nSuppl\u00e9ant :  - Pierre PROT \n \nIV.  Quatri\u00e8me coll\u00e8ge  : repr\u00e9sentants des milieux professionnels et assoc iatifs int\u00e9ress\u00e9s par le \nd\u00e9veloppement de la place portuaire \n \n- Erwan LE MEUR  ;  \n- S\u00e9verine CHAPUS  ;  \n- Philippe BRANDILY  ;  \n- Isabelle LERIQUIER-LAJEUNIE  ;  \n- Didier LEANDRI  ;  \n- Yves CONTASSOT  ; \n- Karine LEGER  ;  \n- St\u00e9phane BOUSQUET  ; \n- Xavier BARTH.  \nPr\u00e9fecture de la R\u00e9gion d'Ile de France, Pr\u00e9fecture de Paris  - IDF-2025-10-24-00001 - Arr\u00eat\u00e9 modifiant l'arr\u00eat\u00e9 n\u00b0IDF-2021-10-18-00001\ndu 19 octobre 2021 portant nomination des membres du deuxi\u00e8me coll\u00e8ge du conseil de d\u00e9veloppement territorial de la direction\nterritoriale de Paris du grand port fluviomaritime de l'axe Seine\n47\nRectorat de l'acad\u00e9mie de Versailles\nIDF-2025-10-14-00014\nArr\u00eat\u00e9 portant nomination des membres de la\ncommission acad\u00e9mique pour statuer sur appel\ndes d\u00e9cisions des conseils de discipline des\ncoll\u00e8ges et lyc\u00e9es\nRectorat de l'acad\u00e9mie de Versailles - IDF-2025-10-14-00014 - Arr\u00eat\u00e9 portant nomination des membres de la commission acad\u00e9mique\npour statuer sur appel des d\u00e9cisions des conseils de discipline des coll\u00e8ges et lyc\u00e9es 48\nACADEMIEDE VERSAILLESLibert\u00e9Egalit\u00e9Fraternit\u00e9\n  \n \nRectorat de Versailles \n \nDACES 3 \nBureau de la Vie de l'\u00e9l\u00e8ve \nAffaire suivie par : \nS\u00e9bastien Lecl\u00e8re \nT\u00e9l : 01 30 83 44 31  \nM\u00e9l : disciplinaire-\neleves.daces3 \n@ac-versailles.fr \n3 boulevard de Lesseps  \n78017 Versailles Cedex  \n \n \nARRETE PORTANT NOMINATION DES MEMBRES DE LA COMMISSION \nACADEMIQUE APPELEE A STATUER SUR APPEL DES DECISIONS DES \nCONSEILS DE DISCIPLINE DES COLLEGES, DES LYCEES ET DES \nETABLISSEMENTS D'EDUCATION SPECIALE AINSI QUE DES CONSEILS DE \nDISCIPLINE DEPARTEMENTAUX  \n \nLe Recteur de l'acad\u00e9mie de Versailles \n \nVu :  \n- le code de l'\u00e9ducation, et notamment son article D.511 -51 modifi\u00e9 par le d\u00e9cret \nn\u00b02023-783 du 16 ao\u00fbt 2023 ; \n- les propositions des f\u00e9d\u00e9rations d'associations de parents d'\u00e9l\u00e8ves repr\u00e9sent\u00e9es au \nconseil interacad\u00e9mique d'Ile-de-France ; \n \n \nARRETE \n \n \nArticle 1 er : La liste des membres de la commission acad\u00e9mique d'appel comp\u00e9 tente en mati\u00e8re disciplinaire, \npr\u00e9sid\u00e9e par le recteur ou son repr\u00e9sentant, est arr\u00eat\u00e9e comme suit, pour une dur\u00e9e d'un an : \n \nArticle 1-1 : Composition de la commission acad\u00e9mique du 13 octobre au 9 novembre 2025 \n \nCat\u00e9gorie de membre Nom du titulaire Nom du (ou des) suppl\u00e9ant(s) \nRepr\u00e9sentant du Recteur M. Ronald GREC \nDASEN Mme Val\u00e9rie LEGALLICIER Mme V\u00e9ronique PAROUTY \nChefs d'\u00e9tablissement Mme Karine COLLIN-DESSANS Mme Annie DENIBAS \nProfesseurs Mme Sophie BOCQUET M. Pierre-Aim\u00e9 AGNEL \nParents d'\u00e9l\u00e8ves PEEP Mme Peggy PIETRE M. Za\u00ebl GRAIGNIC et Mme Ratiba EL IMAMI \nParents d'\u00e9l\u00e8ves FCPE Mme Audrey PROFIZI M. Mathieu BAUGE et Mme Marie DOMAIN \n \nArticle 1-2 : Composition de la commission acad\u00e9mique du 10 au 23 novembre 2025 \n \nCat\u00e9gorie de membre Nom du titulaire Nom du (ou des) suppl\u00e9ant(s) \nRepr\u00e9sentant du Recteur M. Ronald GREC \nDASEN Mme Anaya ABBADI Mme Rachel MEYNENT \nChefs d'\u00e9tablissement Mme Juliette AUBRY Mme Karine COLLIN-DESSANS \nProfesseurs Mme Sophie BOCQUET M. Pierre-Aim\u00e9 AGNEL \nParents d'\u00e9l\u00e8ves PEEP Mme Peggy PIETRE M. Za\u00ebl GRAIGNIC et Mme Ratiba EL IMAMI \nParents d'\u00e9l\u00e8ves FCPE Mme Audrey PROFIZI M. Mathieu BAUGE et Mme Marie DOMAIN \n \nArticle 1-3 : Composition de la commission acad\u00e9mique du 24 au 30 novembre 2025 \n \nCat\u00e9gorie de membre Nom du titulaire Nom du (ou des) suppl\u00e9ant(s) \nRepr\u00e9sentant du Recteur M. Ronald GREC \nDASEN Mme Rachel MEYNENT Mme V\u00e9ronique PAROUTY \nChefs d'\u00e9tablissement Mme Elisabeth PAYEN Mme Juliette AUBRY \nProfesseurs Mme Sophie BOCQUET M. Pierre-Aim\u00e9 AGNEL \nParents d'\u00e9l\u00e8ves PEEP Mme Peggy PIETRE M. Za\u00ebl GRAIGNIC et Mme Ratiba EL IMAMI \nParents d'\u00e9l\u00e8ves FCPE Mme Audrey PROFIZI M. Mathieu BAUGE et Mme Marie DOMAIN \n \n \n \n \n \n \nRectorat de l'acad\u00e9mie de Versailles - IDF-2025-10-14-00014 - Arr\u00eat\u00e9 portant nomination des membres de la commission acad\u00e9mique\npour statuer sur appel des d\u00e9cisions des conseils de discipline des coll\u00e8ges et lyc\u00e9es 49\n 2 \nArticle 1-4 : Composition de la commission acad\u00e9mique du 1er au 7 d\u00e9cembre 2025 \n \nCat\u00e9gorie de membre Nom du titulaire Nom du (ou des) suppl\u00e9ant(s) \nRepr\u00e9sentant du Recteur M. Ronald GREC \nDASEN Mme Val\u00e9rie LEGALLICIER Mme Rachel MEYNENT \nChefs d'\u00e9tablissement Mme Juliette AUBRY Mme Eliabeth PAYEN \nProfesseurs Mme Sophie BOCQUET M. Olivier DUTOUR \nParents d'\u00e9l\u00e8ves PEEP Mme Peggy PIETRE M. Za\u00ebl GRAIGNIC et Mme Ratiba EL IMAMI \nParents d'\u00e9l\u00e8ves FCPE Mme Audrey PROFIZI M. Mathieu BAUGE et Mme Marie DOMAIN \n \nArticle 1-5 : Composition de la commission acad\u00e9mique du 8 au 14 d\u00e9cembre 2025 \n \nCat\u00e9gorie de membre Nom du titulaire Nom du (ou des) suppl\u00e9ant(s) \nRepr\u00e9sentant du Recteur M. Ronald GREC \nDASEN Mme Anaya ABBADI Mme Rachel MEYNENT \nChefs d'\u00e9tablissement Mme Karine COLLIN-DESSANS Mme Annie DENIBAS \nProfesseurs Mme Nathalie LESNE M. Pierre-Aim\u00e9 AGNEL \nParents d'\u00e9l\u00e8ves PEEP Mme Peggy PIETRE M. Za\u00ebl GRAIGNIC et Mme Ratiba EL IMAMI \nParents d'\u00e9l\u00e8ves FCPE Mme Audrey PROFIZI M. Mathieu BAUGE et Mme Marie DOMAIN \n \nArticle 1-6 : Composition de la commission acad\u00e9mique du 15 d\u00e9cembre 2025 au 4 janvier 2026 \n \nCat\u00e9gorie de membre Nom du titulaire Nom du (ou des) suppl\u00e9ant(s) \nRepr\u00e9sentant du Recteur M. Ronald GREC \nDASEN Mme V\u00e9ronique PAROUTY Mme Rachel MEYNENT \nChefs d'\u00e9tablissement Mme Juliette AUBRY Mme Elisabeth PAYEN \nProfesseurs M. Sophie BOCQUET M. Pierre-Aim\u00e9 AGNEL \nParents d'\u00e9l\u00e8ves PEEP Mme Peggy PIETRE M. Za\u00ebl GRAIGNIC et Mme Ratiba EL IMAMI \nParents d'\u00e9l\u00e8ves FCPE Mme Audrey PROFIZI M. Mathieu BAUGE et Mme Marie DOMAIN \n \nArticle 1-7 : Composition de la commission acad\u00e9mique du 5 au 11 janvier 2026 \n \nCat\u00e9gorie de membre Nom du titulaire Nom du (ou des) suppl\u00e9ant(s) \nRepr\u00e9sentant du Recteur M. Ronald GREC \nDASEN Mme Val\u00e9rie LEGALLICIER Mme V\u00e9ronique PAROUTY \nChefs d'\u00e9tablissement Mme Karine COLLIN-DESSANS Mme Juliette AUBRY \nProfesseurs Mme Nathalie LESNE M. Pierre-Aim\u00e9 AGNEL \nParents d'\u00e9l\u00e8ves PEEP Mme Peggy PIETRE M. Za\u00ebl GRAIGNIC et Mme Ratiba EL IMAMI \nParents d'\u00e9l\u00e8ves FCPE Mme Audrey PROFIZI M. Mathieu BAUGE et Mme Marie DOMAIN \n \nArticle 1-8 : Composition de la commission acad\u00e9mique du 12 au 18 janvier 2026 \n \nCat\u00e9gorie de membre Nom du titulaire Nom du (ou des) suppl\u00e9ant(s) \nRepr\u00e9sentant du Recteur M. Ronald GREC \nDASEN Mme V\u00e9ronique PAROUTY Mme Rachel MEYNENT \nChefs d'\u00e9tablissement Mme Juliette AUBRY Mme Elisabeth PAYEN \nProfesseurs M. Olivier DUTOUR Mme Sophie BOCQUET \nParents d'\u00e9l\u00e8ves PEEP Mme Peggy PIETRE M. Za\u00ebl GRAIGNIC et Mme Ratiba EL IMAMI \nParents d'\u00e9l\u00e8ves FCPE Mme Audrey PROFIZI M. Mathieu BAUGE et Mme Marie DOMAIN \n \nArticle 1-9 : Composition de la commission acad\u00e9mique du 19 au 25 janvier 2026 \n \nCat\u00e9gorie de membre Nom du titulaire Nom du (ou des) suppl\u00e9ant(s) \nRepr\u00e9sentant du Recteur M. Ronald GREC \nDASEN Mme Rachel MEYNENT Mme V\u00e9ronique PAROUTY \nChefs d'\u00e9tablissement Mme Annie DENIBAS Mme Elisabeth PAYEN \nProfesseurs Mme Sophie BOCQUET M. Pierre-Aim\u00e9 AGNEL \nParents d'\u00e9l\u00e8ves PEEP Mme Peggy PIETRE M. Za\u00ebl GRAIGNIC et Mme Ratiba EL IMAMI \nParents d'\u00e9l\u00e8ves FCPE Mme Audrey PROFIZI M. Mathieu BAUGE et Mme Marie DOMAIN \n \n \n \nRectorat de l'acad\u00e9mie de Versailles - IDF-2025-10-14-00014 - Arr\u00eat\u00e9 portant nomination des membres de la commission acad\u00e9mique\npour statuer sur appel des d\u00e9cisions des conseils de discipline des coll\u00e8ges et lyc\u00e9es 50\n \n \nArticle 1-10 : Composition de la commission acad\u00e9mique du 26 janvier au 1er f\u00e9vrier 2026 \n \nCat\u00e9gorie de membre Nom du titulaire Nom du (ou des) suppl\u00e9ant(s) \nRepr\u00e9sentant du Recteur M. Ronald GREC \nDASEN Mme Val\u00e9rie LEGALLICIER Mme Rachel MEYNENT \nChefs d'\u00e9tablissement Mme Juliette AUBRY Mme Elisabeth PAYEN \nProfesseurs Mme Sophie BOCQUET M. Pierre-Aim\u00e9 AGNEL \nParents d'\u00e9l\u00e8ves PEEP Mme Peggy PIETRE M. Za\u00ebl GRAIGNIC et Mme Ratiba EL IMAMI \nParents d'\u00e9l\u00e8ves FCPE Mme Audrey PROFIZI M. Mathieu BAUGE et Mme Marie DOMAIN \n \nArticle 1-11 : Composition de la commission acad\u00e9mique du 2 au 8 f\u00e9vrier 2026 \n \nCat\u00e9gorie de membre Nom du titulaire Nom du (ou des) suppl\u00e9ant(s) \nRepr\u00e9sentant du Recteur M. Ronald GREC \nDASEN Mme V\u00e9ronique PAROUTY Mme Rachel MEYNENT \nChefs d'\u00e9tablissement Mme Karine COLLIN-DESSANS Mme Elisabeth PAYEN \nProfesseurs M. Olivier DUTOUR Mme Sophie BOCQUET \nParents d'\u00e9l\u00e8ves PEEP Mme Peggy PIETRE M. Za\u00ebl GRAIGNIC et Mme Ratiba EL IMAMI \nParents d'\u00e9l\u00e8ves FCPE Mme Audrey PROFIZI M. Mathieu BAUGE et Mme Marie DOMAIN \n \nArticle 1-12 : Composition de la commission acad\u00e9mique du 9 au 15 f\u00e9vrier 2026 \n \nCat\u00e9gorie de membre Nom du titulaire Nom du (ou des) suppl\u00e9ant(s) \nRepr\u00e9sentant du Recteur M. Ronald GREC \nDASEN Mme V\u00e9ronique PAROUTY Mme Rachel MEYNENT \nChefs d'\u00e9tablissement Mme Annie DENIBAS Mme Juliette AUBRY \nProfesseurs M. Olivier DUTOUR M. Pierre-Aim\u00e9 AGNEL \nParents d'\u00e9l\u00e8ves PEEP Mme Peggy PIETRE M. Za\u00ebl GRAIGNIC et Mme Ratiba EL IMAMI \nParents d'\u00e9l\u00e8ves FCPE Mme Audrey PROFIZI M. Mathieu BAUGE et Mme Marie DOMAIN \n \nArticle 1-13 : Composition de la commission acad\u00e9mique du 16 f\u00e9vrier au 8 mars 2026 \n \nCat\u00e9gorie de membre Nom du titulaire Nom du (ou des) suppl\u00e9ant(s) \nRepr\u00e9sentant du Recteur M. Ronald GREC \nDASEN Mme Rachel MEYNENT Mme V\u00e9ronique PAROUTY \nChefs d'\u00e9tablissement Mme Elisabeth PAYEN Mme Juliette AUBRY \nProfesseurs Mme Sophie BOCQUET M. Pierre-Aim\u00e9 AGNEL \nParents d'\u00e9l\u00e8ves PEEP Mme Peggy PIETRE M. Za\u00ebl GRAIGNIC et Mme Ratiba EL IMAMI \nParents d'\u00e9l\u00e8ves FCPE Mme Audrey PROFIZI M. Mathieu BAUGE et Mme Marie DOMAIN \n \nArticle 1-14 : Composition de la commission acad\u00e9mique du 9 au 15 mars 2026 \n \nCat\u00e9gorie de membre Nom du titulaire Nom du (ou des) suppl\u00e9ant(s) \nRepr\u00e9sentant du Recteur M. Ronald GREC \nDASEN Mme Anaya ABBADI Mme Rachel MEYNENT \nChefs d'\u00e9tablissement Mme Juliette AUBRY Mme Karine COLLIN-DESSANS \nProfesseurs Mme Nathalie LESNE M. Pierre-Aim\u00e9 AGNEL \nParents d'\u00e9l\u00e8ves PEEP Mme Peggy PIETRE M. Za\u00ebl GRAIGNIC et Mme Ratiba EL IMAMI \nParents d'\u00e9l\u00e8ves FCPE Mme Audrey PROFIZI M. Mathieu BAUGE et Mme Marie DOMAIN \n \nArticle 1-15 : Composition de la commission acad\u00e9mique du 16 au 22 mars 2026 \n \nCat\u00e9gorie de membre Nom du titulaire Nom du (ou des) suppl\u00e9ant(s) \nRepr\u00e9sentant du Recteur M. Ronald GREC \nDASEN Mme V\u00e9ronique PAROUTY Mme Rachel MEYNENT \nChefs d'\u00e9tablissement Mme Elisabeth PAYEN Mme Karine COLLIN-DESSANS \nProfesseurs Mme Sophie BOCQUET M. Pierre-Aim\u00e9 AGNEL \nParents d'\u00e9l\u00e8ves PEEP Mme Peggy PIETRE M. Za\u00ebl GRAIGNIC et Mme Ratiba EL IMAMI \nParents d'\u00e9l\u00e8ves FCPE Mme Audrey PROFIZI M. Mathieu BAUGE et Mme Marie DOMAIN \n \n \n \nRectorat de l'acad\u00e9mie de Versailles - IDF-2025-10-14-00014 - Arr\u00eat\u00e9 portant nomination des membres de la commission acad\u00e9mique\npour statuer sur appel des d\u00e9cisions des conseils de discipline des coll\u00e8ges et lyc\u00e9es 51\n 4 \nArticle 1-16 : Composition de la commission acad\u00e9mique du 23 au 29 mars 2026 \n \nArticle 1-16-a : Composition de la commission acad\u00e9mique du 23 au 24 mars 2026 \n \nCat\u00e9gorie de membre Nom du titulaire Nom du (ou des) suppl\u00e9ant(s) \nRepr\u00e9sentant du Recteur M. Ronald GREC \nDASEN Mme Rachel MEYNENT Mme V\u00e9ronique PAROUTY \nChefs d'\u00e9tablissement Mme Karine COLLIN-DESSANS Mme Elisabeth PAYEN \nProfesseurs M. Pierre-Aim\u00e9 AGNEL Mme Sophie BOCQUET \nParents d'\u00e9l\u00e8ves PEEP Mme Peggy PIETRE M. Za\u00ebl GRAIGNIC et Mme Ratiba EL IMAMI \nParents d'\u00e9l\u00e8ves FCPE Mme Audrey PROFIZI M. Mathieu BAUGE et Mme Marie DOMAIN \n \nArticle 1-16-b : Composition de la commission acad\u00e9mique du 25 au 29 mars 2026  \n \nCat\u00e9gorie de membre Nom du titulaire Nom du (ou des) suppl\u00e9ant(s) \nRepr\u00e9sentant du Recteur M. Ronald GREC \nDASEN Mme V\u00e9ronique PAROUTY Mme Rachel MEYNENT \nChefs d'\u00e9tablissement Mme Karine COLLIN-DESSANS Mme Annie DENIBAS \nProfesseurs M. Pierre-Aim\u00e9 AGNEL Mme Sophie BOCQUET \nParents d'\u00e9l\u00e8ves PEEP Mme Peggy PIETRE M. Za\u00ebl GRAIGNIC et Mme Ratiba EL IMAMI \nParents d'\u00e9l\u00e8ves FCPE Mme Audrey PROFIZI M. Mathieu BAUGE et Mme Marie DOMAIN \n \nArticle 1-17 : Composition de la commission acad\u00e9mique du 30 mars au 5 avril 2026 \n \nCat\u00e9gorie de membre Nom du titulaire Nom du (ou des) suppl\u00e9ant(s) \nRepr\u00e9sentant du Recteur M. Ronald GREC \nDASEN Mme Rachel MEYNENT Mme V\u00e9ronique PAROUTY \nChefs d'\u00e9tablissement Mme Annie DENIBAS Mme Juliette Aubry \nProfesseurs Mme Sophie BOCQUET M. Pierre-Aim\u00e9 AGNEL \nParents d'\u00e9l\u00e8ves PEEP Mme Peggy PIETRE M. Za\u00ebl GRAIGNIC et Mme Ratiba EL IMAMI \nParents d'\u00e9l\u00e8ves FCPE Mme Audrey PROFIZI M. Mathieu BAUGE et Mme Marie DOMAIN \n \nArticle 1-18 : Composition de la commission acad\u00e9mique du 6 au 12 avril 2026 \n \nCat\u00e9gorie de membre Nom du titulaire Nom du (ou des) suppl\u00e9ant(s) \nRepr\u00e9sentant du Recteur M. Ronald GREC \nDASEN Mme Val\u00e9rie LEGALLICIER Mme Rachel MEYNENT \nChefs d'\u00e9tablissement Mme Juliette AUBRY Mme Elisabeth PAYEN \nProfesseurs M. Olivier DUTOUR M. Pierre-Aim\u00e9 AGNEL \nParents d'\u00e9l\u00e8ves PEEP Mme Peggy PIETRE M. Za\u00ebl GRAIGNIC et Mme Ratiba EL IMAMI \nParents d'\u00e9l\u00e8ves FCPE Mme Audrey PROFIZI M. Mathieu BAUGE et Mme Marie DOMAIN \n \n Article 1-19 : Composition de la commission acad\u00e9mique du 13 avril au 3 mai 2026 \n \nCat\u00e9gorie de membre Nom du titulaire Nom du (ou des) suppl\u00e9ant(s) \nRepr\u00e9sentant du Recteur M. Ronald GREC \nDASEN Mme Rachel MEYNENT Mme V\u00e9ronique PAROUTY \nChefs d'\u00e9tablissement Mme Elisabeth PAYEN Mme Karine COLLIN-DESSANS \nProfesseurs M. Pierre-Aim\u00e9 AGNEL M. Olivier DUTOUR \nParents d'\u00e9l\u00e8ves PEEP Mme Peggy PIETRE M. Za\u00ebl GRAIGNIC et Mme Ratiba EL IMAMI \nParents d'\u00e9l\u00e8ves FCPE Mme Audrey PROFIZI M. Mathieu BAUGE et Mme Marie DOMAIN \n \nArticle 1-20 : Composition de la commission acad\u00e9mique du 4 au 10 mai 2026 \n \nCat\u00e9gorie de membre Nom du titulaire Nom du (ou des) suppl\u00e9ant(s) \nRepr\u00e9sentant du Recteur M. Ronald GREC \nDASEN Mme Val\u00e9rie LEGALLICIER Mme Rachel MEYNENT \nChefs d'\u00e9tablissement Mme Juliette AUBRY Mme Elisabeth PAYEN \nProfesseurs M. Olivier DUTOUR M. Pierre-Aim\u00e9 AGNEL \nParents d'\u00e9l\u00e8ves PEEP Mme Peggy PIETRE M. Za\u00ebl GRAIGNIC et Mme Ratiba EL IMAMI \nParents d'\u00e9l\u00e8ves FCPE Mme Audrey PROFIZI M. Mathieu BAUGE et Mme Marie DOMAIN \n \nRectorat de l'acad\u00e9mie de Versailles - IDF-2025-10-14-00014 - Arr\u00eat\u00e9 portant nomination des membres de la commission acad\u00e9mique\npour statuer sur appel des d\u00e9cisions des conseils de discipline des coll\u00e8ges et lyc\u00e9es 52\n \n \nArticle 1-21 : Composition de la commission acad\u00e9mique du 11 au 17 mai 2026 \n \nCat\u00e9gorie de membre Nom du titulaire Nom du (ou des) suppl\u00e9ant(s) \nRepr\u00e9sentant du Recteur M. Ronald GREC \nDASEN Mme Anaya ABBADI Mme V\u00e9ronique PAROUTY \nChefs d'\u00e9tablissement Mme Karine COLLIN-DESSANS Mme Annie DENIBAS \nProfesseurs M. Olivier DUTOUR M. Pierre-Aim\u00e9 AGNEL \nParents d'\u00e9l\u00e8ves PEEP Mme Peggy PIETRE M. Za\u00ebl GRAIGNIC et Mme Ratiba EL IMAMI \nParents d'\u00e9l\u00e8ves FCPE Mme Audrey PROFIZI M. Mathieu BAUGE et Mme Marie DOMAIN \n \nArticle 1-22 : Composition de la commission acad\u00e9mique du 18 au 24 mai 2026 \n \nCat\u00e9gorie de membre Nom du titulaire Nom du (ou des) suppl\u00e9ant(s) \nRepr\u00e9sentant du Recteur M. Ronald GREC \nDASEN Mme Rachel MEYNENT Mme V\u00e9ronique PAROUTY \nChefs d'\u00e9tablissement Mme Karine COLLIN-DESSANS Mme Juliette AUBRY \nProfesseurs M. Olivier DUTOUR M. Pierre-Aim\u00e9 AGNEL \nParents d'\u00e9l\u00e8ves PEEP Mme Peggy PIETRE M. Za\u00ebl GRAIGNIC et Mme Ratiba EL IMAMI \nParents d'\u00e9l\u00e8ves FCPE Mme Audrey PROFIZI M. Mathieu BAUGE et Mme Marie DOMAIN \n \nArticle 1-23 : Composition de la commission acad\u00e9mique du 25 au 31 mai 2026 \n \nCat\u00e9gorie de membre Nom du titulaire Nom du (ou des) suppl\u00e9ant(s) \nRepr\u00e9sentant du Recteur M. Ronald GREC \nDASEN Mme V\u00e9ronique PAROUTY Mme Rachel MEYNENT \nChefs d'\u00e9tablissement Mme Elisabeth PAYEN Mme Annie DENIBAS \nProfesseurs M. Olivier DUTOUR M. Pierre-Aim\u00e9 AGNEL \nParents d'\u00e9l\u00e8ves PEEP Mme Peggy PIETRE M. Za\u00ebl GRAIGNIC et Mme Ratiba EL IMAMI \nParents d'\u00e9l\u00e8ves FCPE Mme Audrey PROFIZI M. Mathieu BAUGE et Mme Marie DOMAIN \n \nArticle 1-24 : Composition de la commission acad\u00e9mique du 1er au 7 juin 2026 \n \nArticle 1-24-a : Composition de la commission acad\u00e9mique du 1er au 2 juin 2026 \n \nCat\u00e9gorie de membre Nom du titulaire Nom du (ou des) suppl\u00e9ant(s) \nRepr\u00e9sentant du Recteur M. Ronald GREC \nDASEN Mme Anaya ABBADI Mme V\u00e9ronique PAROUTY \nChefs d'\u00e9tablissement Mme Karine COLLIN-DESSANS Mme Elisabeth PAYEN \nProfesseurs M. Pierre-Aim\u00e9 AGNEL Mme Sophie BOCQUET \nParents d'\u00e9l\u00e8ves PEEP Mme Peggy PIETRE M. Za\u00ebl GRAIGNIC et Mme Ratiba EL IMAMI \nParents d'\u00e9l\u00e8ves FCPE Mme Audrey PROFIZI M. Mathieu BAUGE et Mme Marie DOMAIN \n \nArticle 1-24-b : Composition de la commission acad\u00e9mique du 3 au 7 juin 2026  \n \nCat\u00e9gorie de membre Nom du titulaire Nom du (ou des) suppl\u00e9ant(s) \nRepr\u00e9sentant du Recteur M. Ronald GREC \nDASEN Mme Val\u00e9rie LEGALLICIER Mme Rachel MEYNENT \nChefs d'\u00e9tablissement Mme Annie DENIBAS Mme Elisabeth PAYEN \nProfesseurs M. Pierre-Aim\u00e9 AGNEL Mme Sophie BOCQUET \nParents d'\u00e9l\u00e8ves PEEP Mme Peggy PIETRE M. Za\u00ebl GRAIGNIC et Mme Ratiba EL IMAMI \nParents d'\u00e9l\u00e8ves FCPE Mme Audrey PROFIZI M. Mathieu BAUGE et Mme Marie DOMAIN \n \nArticle 1-25 : Composition de la commission acad\u00e9mique du 8 au 14 juin 2026 \n \nCat\u00e9gorie de membre Nom du titulaire Nom du (ou des) suppl\u00e9ant(s) \nRepr\u00e9sentant du Recteur M. Ronald GREC \nDASEN Mme Rachel MEYNENT Mme V\u00e9ronique PAROUTY \nChefs d'\u00e9tablissement Mme Juliette AUBRY Mme Annie DENIBAS \nProfesseurs M. Olivier DUTOUR M. Pierre-Aim\u00e9 AGNEL \nParents d'\u00e9l\u00e8ves PEEP Mme Peggy PIETRE M. Za\u00ebl GRAIGNIC et Mme Ratiba EL IMAMI \nParents d'\u00e9l\u00e8ves FCPE Mme Audrey PROFIZI M. Mathieu BAUGE et Mme Marie DOMAIN \n \nRectorat de l'acad\u00e9mie de Versailles - IDF-2025-10-14-00014 - Arr\u00eat\u00e9 portant nomination des membres de la commission acad\u00e9mique\npour statuer sur appel des d\u00e9cisions des conseils de discipline des coll\u00e8ges et lyc\u00e9es 53\n 6 \nArticle 1-26 : Composition de la commission acad\u00e9mique du 15 au 21 juin 2026 \n \nArticle 1-26-a : Composition de la commission acad\u00e9mique du 15 au 16 juin 2026 \n \nCat\u00e9gorie de membre Nom du titulaire Nom du (ou des) suppl\u00e9ant(s) \nRepr\u00e9sentant du Recteur M. Ronald GREC \nDASEN Mme V\u00e9ronique PAROUTY Mme Rachel MEYNENT \nChefs d'\u00e9tablissement Mme Juliette AUBRY Mme Elisabeth PAYEN \nProfesseurs M. Pierre-Aim\u00e9 AGNEL Mme Sophie BOCQUET \nParents d'\u00e9l\u00e8ves PEEP Mme Peggy PIETRE M. Za\u00ebl GRAIGNIC et Mme Ratiba EL IMAMI \nParents d'\u00e9l\u00e8ves FCPE Mme Audrey PROFIZI M. Mathieu BAUGE et Mme Marie DOMAIN \n \nArticle 1-26-b : Composition de la commission acad\u00e9mique du 17 au 21 juin 2026  \n \nCat\u00e9gorie de membre Nom du titulaire Nom du (ou des) suppl\u00e9ant(s) \nRepr\u00e9sentant du Recteur M. Ronald GREC \nDASEN Mme Anaya ABBADI Mme V\u00e9ronique PAROUTY \nChefs d'\u00e9tablissement Mme Karine COLLIN-DESSANS Mme Juliette AUBRY \nProfesseurs M. Pierre-Aim\u00e9 AGNEL Mme Sophie BOCQUET \nParents d'\u00e9l\u00e8ves PEEP Mme Peggy PIETRE M. Za\u00ebl GRAIGNIC et Mme Ratiba EL IMAMI \nParents d'\u00e9l\u00e8ves FCPE Mme Audrey PROFIZI M. Mathieu BAUGE et Mme Marie DOMAIN \n \nArticle 1-27 : Composition de la commission acad\u00e9mique du 22 au 28 juin 2026  \n \nCat\u00e9gorie de membre Nom du titulaire Nom du (ou des) suppl\u00e9ant(s) \nRepr\u00e9sentant du Recteur M. Ronald GREC \nDASEN Mme Rachel MEYNENT Mme V\u00e9ronique PAROUTY \nChefs d'\u00e9tablissement Mme Karine COLLIN-DESSANS Mme Elisabeth PAYEN \nProfesseurs M. Olivier DUTOUR M. Pierre-Aim\u00e9 AGNEL \nParents d'\u00e9l\u00e8ves PEEP Mme Peggy PIETRE M. Za\u00ebl GRAIGNIC et Mme Ratiba EL IMAMI \nParents d'\u00e9l\u00e8ves FCPE Mme Audrey PROFIZI M. Mathieu BAUGE et Mme Marie DOMAIN \n \nArticle 1-28 : Composition de la commission acad\u00e9mique du 29 juin au 5 juillet 2026 \n \nArticle 1-28-a : Composition de la commission acad\u00e9mique du 29 au 30 juin 2026  \n \nCat\u00e9gorie de membre Nom du titulaire Nom du (ou des) suppl\u00e9ant(s) \nRepr\u00e9sentant du Recteur M. Ronald GREC \nDASEN Mme V\u00e9ronique PAROUTY Mme Rachel MEYNENT \nChefs d'\u00e9tablissement Mme Elisabeth PAYEN Mme Karine COLLIN-DESSANS \nProfesseurs M. Pierre-Aim\u00e9 AGNEL M. Olivier DUTOUR \nParents d'\u00e9l\u00e8ves PEEP Mme Peggy PIETRE M. Za\u00ebl GRAIGNIC et Mme Ratiba EL IMAMI \nParents d'\u00e9l\u00e8ves FCPE Mme Audrey PROFIZI M. Mathieu BAUGE et Mme Marie DOMAIN \n \nArticle 1-28-b : Composition de la commission acad\u00e9mique du 1er au 5 juillet 2026 \n \nCat\u00e9gorie de membre Nom du titulaire Nom du (ou des) suppl\u00e9ant(s) \nRepr\u00e9sentant du Recteur M. Ronald GREC \nDASEN Mme Val\u00e9rie LEGALLICIER Mme V\u00e9ronique PAROUTY \nChefs d'\u00e9tablissement Mme Karine COLLIN-DESSANS Mme Elisabeth PAYEN \nProfesseurs M. Pierre-Aim\u00e9 AGNEL M. Olivier DUTOUR \nParents d'\u00e9l\u00e8ves PEEP Mme Peggy PIETRE M. Za\u00ebl GRAIGNIC et Mme Ratiba EL IMAMI \nParents d'\u00e9l\u00e8ves FCPE Mme Audrey PROFIZI M. Mathieu BAUGE et Mme Marie DOMAIN \n \n \n \n \n \n \n \n \n \n \nRectorat de l'acad\u00e9mie de Versailles - IDF-2025-10-14-00014 - Arr\u00eat\u00e9 portant nomination des membres de la commission acad\u00e9mique\npour statuer sur appel des d\u00e9cisions des conseils de discipline des coll\u00e8ges et lyc\u00e9es 54\n \n \nArticle 1-29 : Composition de la commission acad\u00e9mique du 6 juillet au 6 septembre 2026  \n \nCat\u00e9gorie de membre Nom du titulaire Nom du (ou des) suppl\u00e9ant(s) \nRepr\u00e9sentant du Recteur M. Ronald GREC \nDASEN Mme Anaya ABBADI Mme Rachel MEYNENT \nChefs d'\u00e9tablissement Mme Karine COLLIN-DESSANS Mme Elisabeth PAYEN \nProfesseurs M. Olivier DUTOUR M. Pierre-Aim\u00e9 AGNEL \nParents d'\u00e9l\u00e8ves PEEP Mme Peggy PIETRE M. Za\u00ebl GRAIGNIC et Mme Ratiba EL IMAMI \nParents d'\u00e9l\u00e8ves FCPE Mme Audrey PROFIZI M. Mathieu BAUGE et Mme Marie DOMAIN \n \nArticle 1-30 : Composition de la commission acad\u00e9mique du 7 au 20 septembre 2026 \n \nCat\u00e9gorie de membre Nom du titulaire Nom du (ou des) suppl\u00e9ant(s) \nRepr\u00e9sentant du Recteur M. Ronald GREC \nDASEN Mme Rachel MEYNENT Mme V\u00e9ronique PAROUTY \nChefs d'\u00e9tablissement Mme Annie DENIBAS Mme Elisabeth PAYEN \nProfesseurs M. Olivier DUTOUR M. Pierre-Aim\u00e9 AGNEL \nParents d'\u00e9l\u00e8ves PEEP Mme Peggy PIETRE M. Za\u00ebl GRAIGNIC et Mme Ratiba EL IMAMI \nParents d'\u00e9l\u00e8ves FCPE Mme Audrey PROFIZI M. Mathieu BAUGE et Mme Marie DOMAIN \n \n \nArticle 2 : Le secr\u00e9taire g\u00e9n\u00e9ral de l'acad\u00e9mie de Versailles est charg\u00e9 de l'ex\u00e9cution du pr\u00e9sent arr\u00eat\u00e9.  \n \n \n \nFait \u00e0 Versailles, le 14 octobre 2025 \n \n \n \nSign\u00e9 \n \n\u00c9tienne CHAMPION \n \nRectorat de l'acad\u00e9mie de Versailles - IDF-2025-10-14-00014 - Arr\u00eat\u00e9 portant nomination des membres de la commission acad\u00e9mique\npour statuer sur appel des d\u00e9cisions des conseils de discipline des coll\u00e8ges et lyc\u00e9es 55","date":"2025-10-24","first_seen_on":"2025-10-24T15:21:51+00:00","id":"2240938a0117570c62d536b93b3a57c4b6c8eeedefb8d5bd941779dab90bb71b","name":"recueil-idf-052-2025-10-RAA-nominatifs du 24.10.2025","pdf_creation_date":"2025-10-24T14:57:27+00:00","pdf_modification_date":null,"timezone":"Europe/Paris","url":"https://www.prefectures-regions.gouv.fr/ile-de-france/irecontenu/telechargement/132098/969701/file/recueil-idf-052-2025-10-RAA-nominatifs%20du%2024.10.2025.pdf"}
