{"administration":"pref83","administration_name":"Pr\u00e9fecture du Var","content":"VAR\nRECUEIL DES ACTES\nADMINISTRATIFS\nN\u00b083-2024-357\nPUBLI\u00c9 LE 11 D\u00c9CEMBRE 2024\nSommaire\nAgence r\u00e9gionale de sant\u00e9 du Var / Direction de l'ARS du var\n83-2024-12-06-00009 - Arr\u00eat\u00e9 portant composition nominative du\nconseil de surveillance du CHI Fr\u00e9jus Saint-Rapha\u00ebl (3 pages) Page 3\nDirection d\u00e9partementale des finances publiques du Var / Direction de la\nDDFIP\n83-2024-12-10-00003 - Arr\u00eat\u00e9 portant d\u00e9l\u00e9gation de signature -\nService des impots des particuliers d'Hy\u00e8res (4 pages) Page 7\n83-2024-12-06-00011 - Fermeture exceptionnelle SPFE Draguignan  2 et 3\njanvier 2025 (1 page) Page 12\n83-2024-12-06-00012 - Fermeture exceptionnelle SPFE Toulon 2 et 3 janvier\n2025 (1 page) Page 14\nPr\u00e9fecture du VAR / Direction de la citoyennet\u00e9 et de la l\u00e9galit\u00e9\n83-2024-12-06-00008 - Arr\u00eat\u00e9 n\u00b0 431/2024-BCLI portant nomination du\nrepr\u00e9sentant du pr\u00e9fet du Var au comit\u00e9 de la caisse des \u00e9coles de\nBormes-les-Mimosas (3 pages) Page 16\nPr\u00e9fecture du VAR / Direction de la coordination des politiques publiques\net de l'appui territorial\n83-2024-12-09-00007 - Arr\u00eat\u00e9 modificatif d\u00e9c 2024 pour RAA (4 pages) Page 20\n83-2024-12-09-00008 - ARR\u00caT\u00c9 PR\u00c9FECTORAL du 9 D\u00c9CEMBRE 2024\nprescrivant l'ouverture d'une enqu\u00eate publique pr\u00e9alable \u00e0\u00a0la\nd\u00e9claration d'utilit\u00e9 publique relative \u00e0 l'instauration des\np\u00e9rim\u00e8tres de protection imm\u00e9diate et rapproch\u00e9e des forages F3\net F4 des Mouli\u00e8res\u00a0; valant servitudes d'utilit\u00e9 publique sur le\nterritoire de la commune de Bauduen, au b\u00e9n\u00e9fice du Syndicat Mixte\ndes Eaux du Verdon (SMEV). (6 pages) Page 25\n2\nAgence r\u00e9gionale de sant\u00e9 du Var\n83-2024-12-06-00009\nArr\u00eat\u00e9 portant composition nominative du\nconseil de surveillance du CHI Fr\u00e9jus\nSaint-Rapha\u00ebl\nAgence r\u00e9gionale de sant\u00e9 du Var - 83-2024-12-06-00009 - Arr\u00eat\u00e9 portant composition nominative du conseil de surveillance du CHI\nFr\u00e9jus Saint-Rapha\u00ebl 3\nREPUBLIQUE\nFRANCAISE\nLibert\u00e9\nEgalit\u00e9\nFraternit\u00e9Al\n\u00a9 D Agence  R\u00e9gionale  de Sant\u00e9\nProvence-Alpes\nC\u00f4te d'Azur\n  \n \n \n \n \nAgence r\u00e9gionale de sant\u00e9 Provence-Alpes-C\u00f4te d'Azur - D\u00e9l\u00e9gation d\u00e9partementale du Var \u2013 Immeuble TOVA 2 - 177 boulevard du \nDocteur Charles Barnier \u2013 CS 31302 - 83076 Toulon Cedex \nT\u00e9l. : 04 13 55 89 02 / Fax : 04 13 55 80 40 / www.ars.paca.sante.fr \nPage 1 / 3 \n   \n \n \n \nARRETE du 06 d\u00e9cembre 2024  \n \nfixant la composition nominative du conseil de surveillance \ndu centre hospitalier intercommunal de F\u00e9jus Saint-Rapha\u00ebl situ\u00e9 \u00e0 Fr\u00e9jus (VAR) \n \n \n \n \nLE DIRECTEUR DE L'AGENCE REGIONALE DE SANTE DE PROVENCE-ALPES-COTE D'AZUR \n \n \n \n \nVu le code de la sant\u00e9 publique, notamment ses articles L.6143-5, L.6143-6, R6143 -1 \u00e0 R.6143-4 et \nR.6143-12 ; \n \nVu la loi n\u00b0 2009-879 du 21 juillet 2009 portant r\u00e9forme de l'h\u00f4pital et relative aux patients, \u00e0 la sant\u00e9 et \naux territoires ; \n \nVu l'ordonnance n\u00b0 2010-177 du 23 f\u00e9vrier 2010 de coordination avec la loi n\u00b02099-879 du 21 juillet \n2009 portant r\u00e9forme de l'h\u00f4pital et relative aux patients, \u00e0 la sant\u00e9 et aux territoires ; \n \nVu le d\u00e9cret n\u00b0 2010-336 du 31 mars 2010 portant cr\u00e9ation des agences r\u00e9gionales de sant\u00e9 ; \n \nVu le d\u00e9cret n\u00b0 2010-344 du 31 mars 2010 tirant les cons\u00e9quences, au niveau r\u00e9glementaire, de \nl'intervention de la loi n\u00b0 2009-879 du 21 juillet 2009 portant r\u00e9forme de l'h\u00f4pital et relative aux patients, \n\u00e0 la sant\u00e9 et aux territoires ; \n \nVu le d\u00e9cret n\u00b02010-361 du 8 avril 2010 relatif aux conseils de surveillance des \u00e9tablissements publics \nde sant\u00e9 ; \n \nVu le d\u00e9cret du 16 juillet 2024 portant nomination de Monsieur Yann BUBIEN, en qualit\u00e9 de directeur \ng\u00e9n\u00e9ral de l'Agence r\u00e9gionale de sant\u00e9 Provence-Alpes-C\u00f4te d'Azur \u00e0 compter du 18 juillet 2024  ; \n \nVu l'arr\u00eat\u00e9 du 18 juillet 2024 portant d\u00e9l\u00e9gation de signature \u00e0 Monsieur S\u00e9bastien MONI\u00c9, directeur de \nla d\u00e9l\u00e9gation d\u00e9partementale du Var de l'Agence r\u00e9gionale de sant\u00e9 Provence-Alpes-C\u00f4te d'Azur ;  \n \nVu l'arr\u00eat\u00e9 ARS PACA du 07 ao\u00fbt 2024 fixant la composition du conseil de surveillance du centre \nhospitalier intercommunal de Fr\u00e9jus Saint-Rapha\u00ebl ; \n \nVu le courrier en date du 05 d\u00e9cembre 2024 de la direction g\u00e9n\u00e9rale du centre hospitalier intercommunal \nde Fr\u00e9jus Saint-Rapha\u00ebl ; \n \n \n \nARRETE \n \n \n \nArticle 1er : L'arret\u00e9 du 07 ao\u00fbt 2024 fixant la composition nominative du conseil de surveillance du \ncentre hospitalier intercommunal de Fr\u00e9jus Saint-Rapha\u00ebl est modifi\u00e9 ainsi qu'il suit : \n \n \n Agence r\u00e9gionale de sant\u00e9 du Var - 83-2024-12-06-00009 - Arr\u00eat\u00e9 portant composition nominative du conseil de surveillance du CHI\nFr\u00e9jus Saint-Rapha\u00ebl 4\n \nAgence r\u00e9gionale de sant\u00e9 Provence-Alpes-C\u00f4te d'Azur - D\u00e9l\u00e9gation d\u00e9partementale du Var \u2013 Immeuble TOVA 2 - 177 boulevard du \nDocteur Charles Barnier \u2013 CS 31302 - 83076 Toulon Cedex \nT\u00e9l. : 04 13 55 89 02 / Fax : 04 13 55 80 40 / www.ars.paca.sante.fr \nPage 2 / 3 \nI. Sont membres du conseil de surveillance avec voix d\u00e9lib\u00e9rative : \n \n2\u00b0) En qualit\u00e9 de repr\u00e9sentant du personnel \n \n- Monsieur Lo\u00efc GUILLEUX, repr\u00e9sentant  l'organisation syndicale Sud-Sant\u00e9 Sociaux ; \n \n- Monsieur Beno\u00eft KERVELLA, repr\u00e9sentant  l'organisation syndicale Force Ouvri\u00e8re ; \n \n \nII. Sont membres du conseil de surveillance avec voix consultative : \n \n- Madame Fran\u00e7oise DUMONT, S\u00e9natrice du Var ; \n \n \nArticle 2 : Le conseil de surveillance du centre hospitalier intercommunal de Fr\u00e9jus Saint-Rapha\u00ebl sis \n240 avenue Saint Lambert, CS 90110, 83608 Fr\u00e9jus Cedex (VAR), \u00e9tablissement public de sant\u00e9 de \nressort intercommunal est compos\u00e9 des membres ci-apr\u00e8s : \n \n \nI. Sont membres du conseil de surveillance avec voix d\u00e9lib\u00e9rative : \n \n \n1\u00b0) En qualit\u00e9 de repr\u00e9sentant des collectivit\u00e9s territoriales : \n \n \n- Madame Nassima BARKALLAH, repr\u00e9sentant la commune de Fr\u00e9jus, si\u00e8ge de l'\u00e9tablissement \nprincipal ; \n \n- Monsieur Fr\u00e9d\u00e9ric MASQUELIER, Maire de Saint-Rapha\u00ebl, repr\u00e9sentant la commune de Saint-\nRapha\u00ebl, principale commune d'origine des patients en nombre d'entr\u00e9e en hospitalisation au \ncours du dernier exercice connu, autre que celle du si\u00e8ge de l'\u00e9tablissement principal ; \n \n- Monsieur Pierre CORDINA, conseiller communautaire, repr\u00e9sentants de de la communaut\u00e9 \nd'agglom\u00e9ration Var Est\u00e9rel M\u00e9diterran\u00e9e ; \n \n- Madame Carine LEROY, conseiller communautaire, repr\u00e9sentants de de la communaut\u00e9 \nd'agglom\u00e9ration Var Est\u00e9rel M\u00e9diterran\u00e9e ; \n \n- Monsieur Guillaume DECARD, conseiller d\u00e9partemental, repr\u00e9sentant du pr\u00e9sident du conseil \nd\u00e9partemental du Var ; \n \n \n2\u00b0) En qualit\u00e9 de repr\u00e9sentant du personnel \n \n- Madame Virginie FILIPPI, repr\u00e9sentante de la commission des soins infirmiers, de r\u00e9\u00e9ducation \net m\u00e9dico-techniques ; \n \n- Monsieur le Dr Didier JAMMES, repr\u00e9sentant de la commission m\u00e9dicale d'\u00e9tablissement ; \n \n- Monsieur le Dr Philippe VOCHE, repr\u00e9sentant de la commission m\u00e9dicale d'\u00e9tablissement ; \n \n- Monsieur Lo\u00efc GUILLEUX, repr\u00e9sentant  l'organisation syndicale Sud-Sant\u00e9 Sociaux ; \n \n- Monsieur Beno\u00eft KERVELLA, repr\u00e9sentant  l'organisation syndicale Force Ouvri\u00e8re ; \n \n \n \n3\u00b0) En qualit\u00e9 de personnalit\u00e9 qualifi\u00e9e \n \n- Madame Annie SOLER, personnalit\u00e9 qualifi\u00e9e d\u00e9sign\u00e9e par le directeur g\u00e9n\u00e9ral de l'Agence \nr\u00e9gionale de sant\u00e9 de Provence-Alpes-C\u00f4te d'Azur ; \n Agence r\u00e9gionale de sant\u00e9 du Var - 83-2024-12-06-00009 - Arr\u00eat\u00e9 portant composition nominative du conseil de surveillance du CHI\nFr\u00e9jus Saint-Rapha\u00ebl 5\n \nAgence r\u00e9gionale de sant\u00e9 Provence-Alpes-C\u00f4te d'Azur - D\u00e9l\u00e9gation d\u00e9partementale du Var \u2013 Immeuble TOVA 2 - 177 boulevard du \nDocteur Charles Barnier \u2013 CS 31302 - 83076 Toulon Cedex \nT\u00e9l. : 04 13 55 89 02 / Fax : 04 13 55 80 40 / www.ars.paca.sante.fr \nPage 3 / 3 \n- Madame Fran\u00e7oise BLESIUS, personnalit\u00e9 qualifi\u00e9e d\u00e9sign\u00e9e par le directeur g\u00e9n\u00e9ral de \nl'Agence r\u00e9gionale de sant\u00e9 de Provence-Alpes-C\u00f4te d'Azur ; \n \n- Madame Maria PEREZ, personnalit\u00e9 qualifi\u00e9e d\u00e9sign\u00e9e par le pr\u00e9fet du d\u00e9partement du Var ; \n \n- Madame Cathy HENGY, de l'Association des paralys\u00e9s de France, repr\u00e9sentant des usagers \nd\u00e9sign\u00e9s par le pr\u00e9fet du d\u00e9partement du Var ; \n \n- Madame Monique DOLZAN, de l'Association la ligue contre le cancer, repr\u00e9sentant des \nusagers d\u00e9sign\u00e9s par le pr\u00e9fet du d\u00e9partement du Var ; \n \n \n \nII. Sont membres du conseil de surveillance avec voix consultative : \n \n- Le vice pr\u00e9sident du directoire du centre hospitalier intercommunal de Fr\u00e9jus Saint-Rapha\u00ebl ; \n \n- Le directeur g\u00e9n\u00e9ral de l'Agence r\u00e9gionale de sant\u00e9 de Provence-Alpes-C\u00f4te d'Azur ; \n \n- Madame Sophie ESPOSITO-ALARY, repr\u00e9sentante de la structure charg\u00e9e de la r\u00e9flexion \nd'\u00e9thique au sein du centre hospitalier intercommunal de Fr\u00e9jus Saint-Rapha\u00ebl ; \n \n- Le directeur de la caisse d'assurance maladie de Toulon ; \n \n- Monsieur PHILIPPINI repr\u00e9sentant des familles de personnes accueillies dans l'unit\u00e9 soins de \nlongue dur\u00e9e ; \n \n- Madame Fran\u00e7oise DUMONT, S\u00e9natrice du Var ; \n \n \nArticle 3 : La dur\u00e9e des fonctions des membres du conseil de surveillance est fix\u00e9e \u00e0 cinq ans sous \nr\u00e9serve des dispositions particuli\u00e8res pr\u00e9vues \u00e0 l'article R.6143-12 du code de la sant\u00e9 publique. \n \n \nArticle 4 : Un recours contentieux peur \u00eatre form\u00e9 aupr\u00e8s du tribunal administratif territorialement \ncomp\u00e9tent dans un d\u00e9lai franc de deux mois \u00e0 compter de la notification du pr\u00e9sent arr\u00eat\u00e9 pour les \nint\u00e9ress\u00e9s ou de sa publication pour les tiers. \n \n \nArticle 5 : Le directeur g\u00e9n\u00e9ral de l'Agence r\u00e9gionale de sant\u00e9 de Provence-Alpes-C\u00f4te d'Azur, le \ndirecteur de la d\u00e9l\u00e9gation d\u00e9partementale du Var et le directeur du centre hospitalier intercommunal de \nFr\u00e9jus Saint-Rapha\u00ebl sont charg\u00e9s, chacun en ce qui le concerne, de l'ex\u00e9cution du pr\u00e9sent arr\u00eat\u00e9 qui \nsera publi\u00e9 au recueil des actes administratifs de la pr\u00e9fecture de la r\u00e9gion Provence-Alpes-C\u00f4te d'Azur \net de la pr\u00e9fecture du d\u00e9partement du Var. \n \n \n \n \nToulon, le 06 d\u00e9cembre 2024 \n \nPour le directeur de l'agence  \nr\u00e9gionale de sant\u00e9 PACA \nLe directeur d\u00e9partemental du Var \n \nSign\u00e9 \n \nS\u00e9batien MONI\u00c9 Agence r\u00e9gionale de sant\u00e9 du Var - 83-2024-12-06-00009 - Arr\u00eat\u00e9 portant composition nominative du conseil de surveillance du CHI\nFr\u00e9jus Saint-Rapha\u00ebl 6\nDirection d\u00e9partementale des finances\npubliques du Var\n83-2024-12-10-00003\nArr\u00eat\u00e9 portant d\u00e9l\u00e9gation de signature - Service\ndes impots des particuliers d'Hy\u00e8res\nDirection d\u00e9partementale des finances publiques du Var - 83-2024-12-10-00003 - Arr\u00eat\u00e9 portant d\u00e9l\u00e9gation de signature - Service des\nimpots des particuliers d'Hy\u00e8res 7\nREPUBLIQUE\nFRANCAISE\nLibert\u00e9\nEgalit\u00e9\nFraternit\u00e9T\nFINANCES  PUBLIQUES\nDIRECTION GENERALE DES FINANCES PUBLIQUES \nDIRECTION DEPARTEMENTALE DES FINANCES \nPUBLIQUES DU V AR\nPLACE BESAGNE \u2013 CENTRE MAYOL\nCS 91409\n83056 \u2013 TOULON CEDEX\nARRETE PORTANT DELEGATION DE SIGNATURE \nEN MATIERE DE CONTENTIEUX ET DE GRACIEUX FISCAL\nLe comptable, responsable du service des imp\u00f4ts des particuliers de  HYERES\nVu le code g\u00e9n\u00e9ral des imp\u00f4ts, et notamment l'article 408 de son annexe II et les articles 212 \u00e0 217 de son\nannexe IV ; \nVu le livre des proc\u00e9dures fiscales, et notamment les articles L. 247 et R* 247-4 et suivants  ;\nVu le d\u00e9cret n\u00b0 2008-309 du 3 avril 2008 portant diverses dispositions relatives \u00e0 la direction g\u00e9n\u00e9rale des\nfinances publiques ; \nVu le d\u00e9cret n\u00b0 2009-707 du 16 juin 2009 relatif aux services d\u00e9concentr\u00e9s de la direction g\u00e9n\u00e9rale des\nfinances publiques ; \nVu le d\u00e9cret n\u00b0 2012-1246 du 7 novembre 2012 relatif \u00e0 la gestion budg\u00e9taire et comptable publique, et\nnotamment son article 16  ;\nArr\u00eate :\nArticle 1er\nD\u00e9l\u00e9gation de signature est donn\u00e9e  \u00e0  Mesdames Laurence MARCHETTI Inspectrice Divisionnaire, Laure\nMARION, Caroline BOUTIGNY, Monsieur Christophe LANDI inspecteurs des finances publiques, adjoint s au\nresponsable du service des imp\u00f4ts des particuliers de HYERES , \u00e0 l'effet de signer\n1\u00b0) dans la limite de 60 000 \u20ac, en mati\u00e8re de contentieux fiscal d'assiette, les d\u00e9cisions d'admission totale,\nd'admission partielle ou de rejet, de d\u00e9gr\u00e8vement ou restitution d'office  ;\n2\u00b0) en mati\u00e8re de gracieux fiscal, les d\u00e9cisions portant remise, mod\u00e9ration, transaction ou rejet dans la limite\nde 60 000 \u20ac ;  \n3\u00b0) les documents n\u00e9cessaires \u00e0 l'ex\u00e9cution comptable des d\u00e9cisions contentieuses et gracieuses, sans\nlimitation de montant  ; \n4\u00b0) les mises en demeure de payer  ;\n5\u00b0) et de rendre ex\u00e9cutoire les avis de mise en recouvrement\n6\u00b0) au nom et sous la responsabilit\u00e9 du comptable soussign\u00e9, \na) les d\u00e9cisions relatives aux demandes de d\u00e9lai de paiement ;\nb)  l'ensemble  des  actes  relatifs  au  recouvrement,  et  notamment  les  actes  de  poursuites  et  les\nd\u00e9clarations de cr\u00e9ances ainsi que pour ester en justice  ;Direction d\u00e9partementale des finances publiques du Var - 83-2024-12-10-00003 - Arr\u00eat\u00e9 portant d\u00e9l\u00e9gation de signature - Service des\nimpots des particuliers d'Hy\u00e8res 8\nc) tous actes d'administration et de gestion du service.\nArticle 2\nD\u00e9l\u00e9gation de signature est donn\u00e9e \u00e0 l'effet de signer, en mati\u00e8re de contentieux fiscal d'assiette, les\nd\u00e9cisions d'admission totale, d'admission partielle ou de rejet, de d\u00e9gr\u00e8vement ou restitution d'office et, en\nmati\u00e8re de gracieux fiscal, les d\u00e9cisions portant remise, mod\u00e9ration ou rejet  :\n1\u00b0) dans la limite de 10 000 \u20ac, aux agents des finances publiques de cat\u00e9gorie B d\u00e9sign\u00e9s ci-apr\u00e8s  :\nLo\u00efc ALQUIER Vincent BREDEMUS Marie-Line CAMPOS\nLaurence DETAILLE Julien MANCARDI Magali SERNA\nEmmanuelle FRANTZ Nathalie LE FLEM Catherine SEUBILLE\n2\u00b0) dans la limite de 2 000 \u20ac, aux agents des finances publiques de cat\u00e9gorie C d\u00e9sign\u00e9s ci-apr\u00e8s  :\nAida BACCOUCHE  Mich\u00e8le BREZET Betty CAILLON\n S\u00e9verine CHAMPOUSSIN Marie-Noelle CHRISTY Malvina ERRAJI\nMarie SCHIAVON Sandra ROLLAND Isabelle SAUREIL\nMyrian SEMIR  Laurence MOSCARDO Geraldine METAIS\nNicolas PIGAGLIO Pierre BONNET\nArticle 3\nD\u00e9l\u00e9gation de signature est donn\u00e9e \u00e0 l'effet de signer  :\n1\u00b0) les d\u00e9cisions gracieuses, relatives aux p\u00e9nalit\u00e9s et aux frais de poursuites, portant remise, mod\u00e9ration ou\nrejet, dans la limite pr\u00e9cis\u00e9e dans le tableau ci-dessous  ;\n2\u00b0) les d\u00e9cisions relatives aux demandes de d\u00e9lai de paiement, dans les limites de dur\u00e9e et de montant\nindiqu\u00e9es dans le tableau ci-apr\u00e8s  ;\n3\u00b0) les mises en demeure de payer  ;\n4\u00b0)  et de rendre ex\u00e9cutoire les avis de mise en recouvrement\n5\u00b0) l'ensemble des actes relatifs au recouvrement, et notamment les actes de poursuites e t les d\u00e9clarations\nde cr\u00e9ances ;\naux agents d\u00e9sign\u00e9s ci-apr\u00e8s  :Direction d\u00e9partementale des finances publiques du Var - 83-2024-12-10-00003 - Arr\u00eat\u00e9 portant d\u00e9l\u00e9gation de signature - Service des\nimpots des particuliers d'Hy\u00e8res 9\nNom et pr\u00e9nom des\nagentsgrade Limite\ndes d\u00e9cisions\ngracieusesDur\u00e9e\nmaximale des\nd\u00e9lais de\npaiementSomme maximale\npour laquelle un\nd\u00e9lai de paiement\npeut \u00eatre accord\u00e9\nMagali SERNA B 10 000 \u20ac10 mois10 000 \u20ac\nNathalie LE FLEM B 10 000 \u20ac10 mois10 000 \u20ac\nJulien MANCARDI B 10 000 \u20ac10 mois10 000 \u20ac\nChristine HIMBER B Principal 10 000 \u20ac10 mois10 000 \u20ac\nEmmanuelle FRANTZ B 10 000 \u20ac10 mois10 000 \u20ac\nCatherine SEUBILLEB Principal 10 000 \u20ac10 mois10 000 \u20ac\nPierre BONNET AAP 2 000 \u20ac10 mois10 000 \u20ac\nNicolas PIGAGLIO AAP 2 000 \u20ac10 mois10 000 \u20ac\nLaurence MOSCARDO AAP 2 000 \u20ac10 mois10 000 \u20ac\nFr\u00e9d\u00e9ric LOLIVE AAP 2 000 \u20ac10 mois10 000 \u20ac\nChloe VIGLIONE AAP 2 000 \u20ac10 mois10 000\u20ac\nLoic ALQUIER B 10 000 \u20ac10 mois10 000 \u20ac\nVincent BREDEMUS B 10 000 \u20ac10 mois10 000 \u20ac\nMarie Line CAMPOS B Principal 10 000 \u20ac10 mois10 000 \u20ac\nLaurence DETAILLE B 10 000 \u20ac10 mois10 000 \u20ac\nMichele BREZET C 2 000 \u20ac10 mois10 000 \u20ac\nBetty CAILLON C 2 000 \u20ac10 mois10 000 \u20ac\nS\u00e9verine \nCHAMPOUSSINC 2 000 \u20ac10 mois10 000 \u20ac\nMarie Noelle CHRISTY C 2 000 \u20ac10 mois10 000 \u20ac\nMalvina ERRAJI C 2 000 \u20ac10 mois10 000 \u20ac\nMarie SCHIAVON C 2 000 \u20ac10 mois10 000 \u20ac\nSandra ROLLAND C 2 000 \u20ac10 mois10 000 \u20ac\nIsabelle SAUREIL C 2 000 \u20ac10 mois10 000 \u20ac\nMyriam SEMIR C 2 000 \u20ac10 mois10 000 \u20ac\nArticle 4 \nAgents charg\u00e9s de l'accueil exer\u00e7ant des missions d'assiette et de recouvrement\nD\u00e9l\u00e9gation de signature est donn\u00e9e \u00e0 l'effet de signer  :\n1\u00b0) en mati\u00e8re de contentieux fiscal d'assiette, les d\u00e9cisions d'admission totale, d'admission partielle ou de\nrejet, de d\u00e9gr\u00e8vement ou restitution d'office, dans la limite pr\u00e9cis\u00e9e dans le tableau ci-dessous  ;\n2\u00b0) en mati\u00e8re de gracieux fiscal, les d\u00e9cisions portant remise, mod\u00e9ration ou rejet, dans la limite pr\u00e9cis\u00e9e\ndans le tableau ci-dessous  ;\n3\u00b0) les d\u00e9cisions relatives aux demandes de d\u00e9lai de paiement, dans les limites de dur\u00e9e et de montant\nindiqu\u00e9es dans le tableau et aux agents d\u00e9sign\u00e9s ci-apr\u00e8s  ; Direction d\u00e9partementale des finances publiques du Var - 83-2024-12-10-00003 - Arr\u00eat\u00e9 portant d\u00e9l\u00e9gation de signature - Service des\nimpots des particuliers d'Hy\u00e8res 10\nNom et pr\u00e9nom des\nagentsgradeLimite des\nd\u00e9cisions\ncontentieusesLimite\ndes d\u00e9cisions\ngracieusesDur\u00e9e\nmaximale\ndes d\u00e9lais\nde paiementSomme\nmaximale pour\nlaquelle un\nd\u00e9lai de\npaiement peut\n\u00eatre accord\u00e9\nAlexandra\nBARIGUIANB10 000\u20ac10 000 \u20ac3 mois3 000 \u20ac\nS\u00e9verine \nDRUMEAUXB10 000\u20ac10 000 \u20ac3 mois3 000 \u20ac\nSabine LAURENT B10 000\u20ac10 000\u20ac3 mois3 000 \u20ac\nChristophe GUILLON B10 000 \u20ac10 000 \u20ac3 mois3 000 \u20ac\nGhislaine CHIVA AAP2 000 \u20ac2 000 \u20ac3 mois3 000 \u20ac\nC\u00e9line CHAPUIS AAP2 000 \u20ac2 000 \u20ac3 mois3 000 \u20ac\nM\u00e9lanie BREDEMUS AAP2 000 \u20ac2 000 \u20ac3 mois3 000 \u20ac\nVal\u00e9rie TROTOBAS AAP2 000 \u20ac2 000 \u20ac3 mois3 000 \u20ac\nAm\u00e9lie IANNOLO \nMEDINAAAP2 000 \u20ac2 000 \u20ac3 mois3 000 \u20ac\nEve KOSTRZEWA AAP2 000 \u20ac2 000 \u20ac3 mois3 000 \u20ac\nCaroline MARY AAP2000 \u20ac2 000 \u20ac3 mois3 000 \u20ac\nArticle 5\nLe pr\u00e9sent arr\u00eat\u00e9 prend effet au 08/01/2025. Il sera publi\u00e9 au recueil des actes administratifs du d\u00e9partement\ndu Var.\nA Hy\u00e8res le 10 d\u00e9cembre 2024\nLa comptable,\nResponsable du service des imp\u00f4ts des particuliers\nde Hy\u00e8res\nSign\u00e9\nCorinne LOUVATDirection d\u00e9partementale des finances publiques du Var - 83-2024-12-10-00003 - Arr\u00eat\u00e9 portant d\u00e9l\u00e9gation de signature - Service des\nimpots des particuliers d'Hy\u00e8res 11\nDirection d\u00e9partementale des finances\npubliques du Var\n83-2024-12-06-00011\nFermeture exceptionnelle SPFE Draguignan  2 et\n3 janvier 2025\nDirection d\u00e9partementale des finances publiques du Var - 83-2024-12-06-00011 - Fermeture exceptionnelle SPFE Draguignan  2 et 3\njanvier 2025 12\nREPUBLIQUE\nFRANCAISE\nLibert\u00e9\nEgalit\u00e9\nFraternit\u00e9T\nFINANCES  PUBLIQUES\nCS 91409\n83056 TOULON CEDEX\nArr\u00eat\u00e9 relatif \u00e0 la fermeture exceptionnelle du Service de la Publicit\u00e9 Fonci\u00e8re et de l'Enregistrement de\nDraguignan \nLe Directeur d\u00e9partemental des Finances publiques du Var,  \nVu le d\u00e9cret n\u00b071-69 du 26 janvier 1971 relatif au r\u00e9gime d'ouverture au public des services ext\u00e9rieurs de\nl'Etat ;\nVu le d\u00e9cret n\u00b0 2004-374 du 29 avril 2004 modifi\u00e9 relatif aux pouvoirs des pr\u00e9fets, \u00e0 l'organisation et \u00e0\nl'action des services de l'\u00c9tat, dans les r\u00e9gions et les d\u00e9partements  ;\nVu le d\u00e9cret n\u00b02008-310 du 3 avril 2008 relatif \u00e0 la Direction g\u00e9n\u00e9rale des Finances publiques  ;\nVu le d\u00e9cret n\u00b02009-208 du 20 f\u00e9vrier 2009 relatif au statut particulier des administrateurs des Finances\npubliques ;\nVu le d\u00e9cret n\u00b02009-707 du 16 juin 2009 modifi\u00e9 relatif aux services d\u00e9concentr\u00e9s de la direction\ng\u00e9n\u00e9rale des Finances publiques  ;\nVu l'arr\u00eat\u00e9 pr\u00e9fectoral n\u00b02023/59/MCI du 21 ao\u00fbt 2023 portant d\u00e9l\u00e9gation de signature en mati\u00e8re\nd'ouverture et de fermeture des services d\u00e9concentr\u00e9s de la direction d\u00e9partementale des Finances\nPubliques du Var ;\nArr\u00eate :\nArticle  1er :  Le  Service  de  la  Publicit\u00e9  Fonci\u00e8re  et  de  l'Enregistrement  de  Draguignan  sis  \n43,  Chemin  de  Ste  Barbe  83008  Draguignan,  sera  ferm\u00e9  au  public  \u00e0  titre  exceptionnel  \nles 2 et 3 janvier 2025 .\nArticle 2 : Le pr\u00e9sent arr\u00eat\u00e9 sera publi\u00e9 au recueil des actes administratifs de la Pr\u00e9fecture et affich\u00e9\ndans le local vis\u00e9 \u00e0 l'article 1er.\nFait \u00e0 Toulon, le 6 d\u00e9cembre 2024\nPar d\u00e9l\u00e9gation du pr\u00e9fet,\nSign\u00e9\nJean-Michel BLANCHARD\nDirecteur d\u00e9partemental des Finances publiques du VarDIRECTION D\u00c9PARTEMENTALE\nDES FINANCES PUBLIQUES DU VAR\nDirection d\u00e9partementale\ndes Finances publiques du Var\nDivision Coordination R\u00e9seau Strat\u00e9gie\nPlace Besagne \u2013 Centre MayolDirection d\u00e9partementale des finances publiques du Var - 83-2024-12-06-00011 - Fermeture exceptionnelle SPFE Draguignan  2 et 3\njanvier 2025 13\nDirection d\u00e9partementale des finances\npubliques du Var\n83-2024-12-06-00012\nFermeture exceptionnelle SPFE Toulon 2 et 3\njanvier 2025\nDirection d\u00e9partementale des finances publiques du Var - 83-2024-12-06-00012 - Fermeture exceptionnelle SPFE Toulon 2 et 3 janvier\n2025 14\nREPUBLIQUE\nFRANCAISE\nLibert\u00e9\nEgalit\u00e9\nFraternit\u00e9T\nFINANCES  PUBLIQUES\nCS 91409\n83056 TOULON CEDEX\nArr\u00eat\u00e9 relatif \u00e0 la fermeture exceptionnelle du Service de la Publicit\u00e9 Fonci\u00e8re et \nde l'Enregistrement de Toulon \nLe Directeur d\u00e9partemental des Finances publiques du Var,  \nVu le d\u00e9cret n\u00b071-69 du 26 janvier 1971 relatif au r\u00e9gime d'ouverture au public des services ext\u00e9rieurs de\nl'Etat ;\nVu le d\u00e9cret n\u00b0 2004-374 du 29 avril 2004 modifi\u00e9 relatif aux pouvoirs des pr\u00e9fets, \u00e0 l'organisation et \u00e0\nl'action des services de l'\u00c9tat, dans les r\u00e9gions et les d\u00e9partements  ;\nVu le d\u00e9cret n\u00b02008-310 du 3 avril 2008 relatif \u00e0 la Direction g\u00e9n\u00e9rale des Finances publiques  ;\nVu le d\u00e9cret n\u00b02009-208 du 20 f\u00e9vrier 2009 relatif au statut particulier des administrateurs des Finances\npubliques ;\nVu le d\u00e9cret n\u00b02009-707 du 16 juin 2009 modifi\u00e9 relatif aux services d\u00e9concentr\u00e9s de la direction\ng\u00e9n\u00e9rale des Finances publiques  ;\nVu l'arr\u00eat\u00e9 pr\u00e9fectoral n\u00b02023/59/MCI du 21 ao\u00fbt 2023 portant d\u00e9l\u00e9gation de signature en mati\u00e8re\nd'ouverture et de fermeture des services d\u00e9concentr\u00e9s de la direction d\u00e9partementale des Finances\nPubliques du Var ;\nArr\u00eate :\nArticle 1er : Le Service de la Publicit\u00e9 Fonci\u00e8re et de l'Enregistrement de Toulon sis 171, avenue de Vert\nC\u00f4teau 83071 Toulon, sera ferm\u00e9 au public \u00e0 titre exceptionnel les 2 et 3 janvier 2025 .\nArticle 2 : Le pr\u00e9sent arr\u00eat\u00e9 sera publi\u00e9 au recueil des actes administratifs de la Pr\u00e9fecture et affich\u00e9\ndans le local vis\u00e9 \u00e0 l'article 1er.\nFait \u00e0 Toulon, le 6 d\u00e9cembre 2024\nPar d\u00e9l\u00e9gation du pr\u00e9fet,\nSign\u00e9\nJean-Michel BLANCHARD\nDirecteur d\u00e9partemental des Finances publiques du VarDIRECTION D\u00c9PARTEMENTALE\nDES FINANCES PUBLIQUES DU VAR\nDirection d\u00e9partementale\ndes Finances publiques du Var\nDivision Coordination R\u00e9seau Strat\u00e9gie\nPlace Besagne \u2013 Centre MayolDirection d\u00e9partementale des finances publiques du Var - 83-2024-12-06-00012 - Fermeture exceptionnelle SPFE Toulon 2 et 3 janvier\n2025 15\nPr\u00e9fecture du VAR\n83-2024-12-06-00008\nArr\u00eat\u00e9 n\u00b0 431/2024-BCLI portant nomination du\nrepr\u00e9sentant du pr\u00e9fet du Var au comit\u00e9 de la\ncaisse des \u00e9coles de Bormes-les-Mimosas\nPr\u00e9fecture du VAR - 83-2024-12-06-00008 - Arr\u00eat\u00e9 n\u00b0 431/2024-BCLI portant nomination du repr\u00e9sentant du pr\u00e9fet du Var au comit\u00e9\nde la caisse des \u00e9coles de Bormes-les-Mimosas 16\n=m\nPREFET\nDU  VAR\nLibert\u00e9\nEgalit\u00e9\nFraternit\u00e9\nDIRECTION DE LA CITOYENNETE ET DE LA LEGALITE\nBureau du contr\u00f4le de l\u00e9galit\u00e9 et de l'intercommunalit\u00e9\nARR\u00caT\u00c9 n\u00b0431/2024-BCLI\nportant nomination du repr\u00e9sentant du pr\u00e9fet du Var \nau comit\u00e9 de la caisse des \u00e9coles de Bormes-les-Mimosas\nLe Pr\u00e9fet du Var,\nVu la loi du 10 avril 1867 sur l'enseignement primaire et notamment son article 15, \nVu le code de l'\u00e9ducation et notamment son article R.212-26,\nVu   le  d\u00e9cret  du  Pr\u00e9sident  de  la  R\u00e9publique  du  13  juillet  2023  portant  nomination  de\nMonsieur Philippe MAHE, pr\u00e9fet du Var,\nVu l'arr\u00eat\u00e9 pr\u00e9fectoral n\u00b02024/40/ MCI du 29 octobre 2024 portant d\u00e9l\u00e9gation de signature \u00e0\nM.  Lucien  GIUDICELLI,  secr\u00e9taire  g\u00e9n\u00e9ral  de  la  pr\u00e9fecture  du  Var,  sous-pr\u00e9fet  de\nl'arrondissement de Toulon,\nConsid\u00e9rant qu'il y a lieu de proc\u00e9der \u00e0 la d\u00e9signation du repr\u00e9sentant de la pr\u00e9fecture du\nVar au comit\u00e9 de la caisse des \u00e9coles de la commune de Bormes-les-Mimosas,\nSur proposition de Monsieur le secr\u00e9taire g\u00e9n\u00e9ral de la pr\u00e9fecture du Var,\nARRETE :\nArticle  1  er   :   Monsieur  Yves  MACE,  retrait\u00e9  de  l'\u00e9ducation  nationale  et  ancien  professeur\nd'\u00e9ducation physique et sportive, est nomm\u00e9 dans les fonctions de membre du comit\u00e9 de la\ncaisse des \u00e9coles de la commune de Bormes-les-Mimosas en qualit\u00e9 de repr\u00e9sentant du pr\u00e9fet\ndu Var.\n Article 2 : Le mandat de l'int\u00e9ress\u00e9 prendra fin sauf d\u00e9sistement, en m\u00eame temps que celui\ndu conseil municipal lors du renouvellement g\u00e9n\u00e9ral de cette assembl\u00e9e.\n1/3\nPr\u00e9fecture du VAR - 83-2024-12-06-00008 - Arr\u00eat\u00e9 n\u00b0 431/2024-BCLI portant nomination du repr\u00e9sentant du pr\u00e9fet du Var au comit\u00e9\nde la caisse des \u00e9coles de Bormes-les-Mimosas 17\nArticle 3 :  Monsieur le secr\u00e9taire g\u00e9n\u00e9ral de la pr\u00e9fecture du Var et Monsieur le Maire de\nBormes-les-Mimosas sont charg\u00e9s, chacun en ce qui le concerne, de l'ex\u00e9cution du pr\u00e9sent\narr\u00eat\u00e9, qui sera publi\u00e9 au recueil des actes administratifs de la pr\u00e9fecture du Var et dont\ncopie sera adress\u00e9e \u00e0 Monsieur le directeur acad\u00e9mique des services de l'\u00e9ducation nationale\net \u00e0 Monsieur le directeur des archives d\u00e9partementales.\nFait \u00e0 Toulon, le 6 d\u00e9cembre 2024\nPour le pr\u00e9fet et par d\u00e9l\u00e9gation,\nle secr\u00e9taire g\u00e9n\u00e9ral\n SIGN\u00c9\nLucien GIUDICELLI\nDans un d\u00e9lai de deux mois \u00e0 compter de la date de publication et/ou de la notification  et conform\u00e9ment aux dispositions des\narticles R. 414-1, R. 414-6 et R421-1 et suivants du code de justice administrative, les recours suivants peuvent \u00eatre introduits  :\n- recours gracieux, adress\u00e9 au pr\u00e9fet du Var, Bld du 112\u00e8me R.I, CS 31209, 83070 Toulon Cedex.\n- recours hi\u00e9rarchique, adress\u00e9 au ministre de l'int\u00e9rieur.\nSous r\u00e9serve des dispositions l\u00e9gislatives, le silence gard\u00e9 par l'administration au terme d'un d\u00e9lai de deux mois vaut d\u00e9cision \nimplicite de rejet. Le d\u00e9lai de deux mois de recours contentieux court \u00e0 compter du rejet implicite ou explicite des recours \ngracieux/hi\u00e9rarchique. :\n- recours contentieux introduit en saisissant le tribunal administratif  de Toulon :\n\u2022obligatoirement via le module \u00ab  t\u00e9l\u00e9recours \u00bb pour les avocats, les personnes morales de droit priv\u00e9 charg\u00e9es d'un \nservice public et les personnes morales de droit public (optionnel pour les communes de moins de 3 500 habitants)  ;\n\u2022via le module \u00ab t\u00e9l\u00e9recours citoyens\u00bb pour les particuliers et les personnes morales de droit priv\u00e9  ;\n\u2022par courrier : 5 rue Racine, BP 40510, 83041 Toulon Cedex 9.\nLes modules \u00ab t\u00e9l\u00e9recours \u00bb et \u00ab t\u00e9l\u00e9recours citoyen \u00bb sont accessibles via le portail www.telerecours.fr.\n2/3Pr\u00e9fecture du VAR - 83-2024-12-06-00008 - Arr\u00eat\u00e9 n\u00b0 431/2024-BCLI portant nomination du repr\u00e9sentant du pr\u00e9fet du Var au comit\u00e9\nde la caisse des \u00e9coles de Bormes-les-Mimosas 18\n3/3Pr\u00e9fecture du VAR - 83-2024-12-06-00008 - Arr\u00eat\u00e9 n\u00b0 431/2024-BCLI portant nomination du repr\u00e9sentant du pr\u00e9fet du Var au comit\u00e9\nde la caisse des \u00e9coles de Bormes-les-Mimosas 19\nPr\u00e9fecture du VAR\n83-2024-12-09-00007\nArr\u00eat\u00e9 modificatif d\u00e9c 2024 pour RAA\nPr\u00e9fecture du VAR - 83-2024-12-09-00007 - Arr\u00eat\u00e9 modificatif d\u00e9c 2024 pour RAA 20\n=m\nPREFET\nDU VAR\nLibert\u00e9\nEgalit\u00e9\nFraternit\u00e9\nDirection de la coordination\ndes politiques publiques et\nde l'appui territorial\nBureau de l'environnement et du d\u00e9veloppement durable\nARR\u00caT\u00c9 PR\u00c9FECTORAL du 9 d\u00e9cembre 2024\nportant modification de la composition nominative de la formation sp\u00e9cialis\u00e9e\n\u00ab sites et paysages \u00bb de la commission d\u00e9partementale de la nature, des paysages et\ndes sites du Var.\nLe pr\u00e9fet du Var,\nVu le code de l'environnement, notamment les articles R341-16 \u00e0 R341-20  ;\nVu le code g\u00e9n\u00e9ral des collectivit\u00e9s territoriales  ;\nVu le code des relations entre le public et l'administration, notamment les articles R133-1 \u00e0  \nR133-15 ;\nVu le d\u00e9cret n\u00b0 2011-833 du 12 juillet 2011 modifi\u00e9 fixant la liste des instances consultatives  \nayant vocation \u00e0 examiner les politiques d'environnement et de d\u00e9veloppement durable  ;\nVu le d\u00e9cret du Pr\u00e9sident de la R\u00e9publique du 13 juillet 2023 nommant M. Philippe MAH\u00c9  \npr\u00e9fet du Var ;\nVu le d\u00e9cret du Pr\u00e9sident de la R\u00e9publique du 15 avril 2022 nommant M. Lucien GIUDICELLI  \nsecr\u00e9taire g\u00e9n\u00e9ral de la pr\u00e9fecture du Var, sous-pr\u00e9fet de l'arrondissement de Toulon  ;\nVu l'arr\u00eat\u00e9 pr\u00e9fectoral n\u00b0 2024/40/MCI du 29 octobre 2024 portant d\u00e9l\u00e9gation de signature \u00e0  \nM.  Lucien  GIUDICELLI,  secr\u00e9taire  g\u00e9n\u00e9ral  de  la  pr\u00e9fecture  du  Var,  sous-pr\u00e9fet  de  \nl'arrondissement de Toulon  ;\nVu l'arr\u00eat\u00e9 pr\u00e9fectoral du 5 octobre 2006 portant cr\u00e9ation de la commission d\u00e9partementale  \nde la nature, des paysages et des sites  (CDNPS) du Var ;\nVu  l'arr\u00eat\u00e9  pr\u00e9fectoral  du  28  f\u00e9vrier  2022  portant  renouvellement  de  la  composition  \nnominative de la formation sp\u00e9cialis\u00e9e \u00ab sites et paysages  \u00bb de la CDNPS du Var  ;\nVu l'arr\u00eat\u00e9 pr\u00e9fectoral du 10 juin 2024 portant modification de la composition nominative de  \nla formation sp\u00e9cialis\u00e9e \u00ab  sites et paysages \u00bb de la CDNPS du Var  ;\n1Pr\u00e9fecture du VAR - 83-2024-12-09-00007 - Arr\u00eat\u00e9 modificatif d\u00e9c 2024 pour RAA 21\nVu  le courrier du 9 d\u00e9cembre 2024, par lequel le pr\u00e9sident de l' association varoise pour la  \nsauvegarde  de  l'agriculture,  de  la  nature  et  de  l'environnement  (AVSANE),  propose  la  \nd\u00e9signation  de  M.  Marc  RAINAUD  pour  repr\u00e9senter  l'association  et  si\u00e9ger,  en  tant  que  \ntitulaire, au sein du troisi\u00e8me coll\u00e8ge de la formation sp\u00e9cialis\u00e9e \u00ab  sites et paysages  \u00bb de la \nCDNPS du Var ;\nConsid\u00e9rant qu'il convient de modifier la composition nominative du troisi\u00e8me coll\u00e8ge pour  \ntenir compte de ces changements  ; \nSur proposition du  secr\u00e9taire g\u00e9n\u00e9ral de la pr\u00e9fecture du Var,\nA R R \u00ca T E\nArticle 1\nL'article 1 de l'arr\u00eat\u00e9 du 28 f\u00e9vrier 2022 portant renouvellement de la composition nominative  \nde  la  formation  de  la  formation  sp\u00e9cialis\u00e9e  \u00ab  sites  et  paysages  \u00bb  de  la  commission  \nd\u00e9partementale de la nature, des paysages et des sites du Var, pr\u00e9sid\u00e9e par le pr\u00e9fet ou son  \nrepr\u00e9sentant, est modifi\u00e9 comme suit  :\n\u00ab 1. Coll\u00e8ge des repr\u00e9sentants de l'\u00c9tat\n\u27a2le directeur r\u00e9gional de l'environnement, de l'am\u00e9nagement et du logement ou son  \nrepr\u00e9sentant ;\n\u27a2deux repr\u00e9sentants du directeur des territoires et de la mer, au titre de l'urbanisme et  \nde l'agriculture ;\n\u27a2la  cheffe  de  l'unit\u00e9  d\u00e9partementale  de  l'architecture  et  du  patrimoine  ou  son  \nrepr\u00e9sentant ;\n\u27a2le directeur r\u00e9gional de l'\u00e9conomie, de l'emploi, du travail et des solidarit\u00e9s ou son  \nrepr\u00e9sentant.\n2. Coll\u00e8ge des repr\u00e9sentants des collectivit\u00e9s territoriales et des \u00e9tablissements publics de  \ncoop\u00e9ration intercommunale\n\u27a2maires :\nTitulaire      : Mme Carine PAILLARD, maire de Plan-d'Aups-Sainte-Baume  ;\nSuppl\u00e9ant  : M. Laurent GUEIT, maire de Mazaugues  ;\nTitulaire       : M. Philippe BARTHELEMY, maire de Saint-Cyr-sur-mer  ;\nSuppl\u00e9ante : Mme Blandine MONIER, maire d'\u00c9venos  ;\n\u27a2conseillers d\u00e9partementaux  :\nTitulaire       : Mme Christine NICCOLETTI  ;\nSuppl\u00e9ante : Mme Christine AMRANE ;\nTitulaire       : Mme V\u00e9ronique LENOIR  ;\nSuppl\u00e9ante : Mme Martine ARENAS  ;\n2Pr\u00e9fecture du VAR - 83-2024-12-09-00007 - Arr\u00eat\u00e9 modificatif d\u00e9c 2024 pour RAA 22\n\u27a2repr\u00e9sentants d'\u00e9tablissement public de coop\u00e9ration intercommunale\nTitulaire   :  M.  Gilles  VINCENT,  vice-pr\u00e9sident  de  la  m\u00e9tropole  Toulon-Provence-  \nM\u00e9diterran\u00e9e ;\nSuppl\u00e9ant  : M. Rolland BALBIS, pr\u00e9sident de la communaut\u00e9 de communes \u00ab  Lacs et \ngorges du Verdon  \u00bb.\n   \n               \n3. Coll\u00e8ge des personnels qualifi\u00e9s en mati\u00e8re de science de la nature, de protection des sites  \nou du cadre de vie, de repr\u00e9sentants d'associations agr\u00e9\u00e9es de protection de l'environnement\n\u27a2personnalit\u00e9s qualifi\u00e9es en mati\u00e8re de science de la nature, de protection des sites ou  \ndu cadre de vie\nTitulaire     : M. Yves MORVANT , \u00e9cologue ;\nSuppl\u00e9ant : M. Fr\u00e9d\u00e9ric ETHEVE, \u00e9cologue  ;\n            Titulaire      : M. Jean-Pierre CLARAC, paysagiste  ;\nSuppl\u00e9ant  : M. Didier COROT, paysagiste  ;\n\u27a2associations agr\u00e9\u00e9es de protection de l'environnement  \nTitulaire  : M. Marc RAINAUD, association varoise pour la sauvegarde de l'agriculture,  \nde la nature et de l'environnement (AVSANE)  ;\nSuppl\u00e9ante :  Mme  Annie  COMBES,  association  varoise  pour  la  sauvegarde  de\nl'agriculture, de la nature et de l'environnement (AVSANE)  ;\nTitulaire        : M. Patrick LAFFITTE, France nature environnement Var (FNE 83)  ;\nSuppl\u00e9ant    : Pas de suppl\u00e9ant d\u00e9sign\u00e9  ;\nTitulaire        : M. Fran\u00e7ois DOIN, association \u00ab  Vieilles maisons fran\u00e7aises  \u00bb ;\nSuppl\u00e9ant    : M. Thierry MARTIN, association \u00ab  Vieilles maisons fran\u00e7aises  \u00bb.\n   \n4. Coll\u00e8ge des personnalit\u00e9s comp\u00e9tentes en mati\u00e8re d'am\u00e9nagement et d'urbanisme, de  \npaysage, d'architecture et d'environnement\nTitulaire        : Mme Mich\u00e8le PICARD, g\u00e9ographe  ;\nSuppl\u00e9ante  : Mme Th\u00e9r\u00e8se LEPINE, g\u00e9ographe  ;\nTitulaire         : Mme Pascale BARTOLI, architecte  ;\nSuppl\u00e9ante   : Mme Genevi\u00e8ve BAUDIN, architecte  ;\nTitulaire        : Mme Laurence BONNAMY, cheffe du service \u00ab  Territoires durables  \u00bb au \nParc national de Port-Cros  ;\nSuppl\u00e9ant    :  M. Fran\u00e7ois VICTOR, directeur-adjoint du Parc national de Port-Cros ;\nTitulaire        : M. Max DOLEATTO, \u00e9lu \u00e0 la chambre d'agriculture du Var  ;\nSuppl\u00e9ant    : Pas de suppl\u00e9ant d\u00e9sign\u00e9  ;\nTitulaire      : M. Pierre de PISSY, syndicat des propri\u00e9taires forestiers sylviculteurs du\nVar ;\nSuppl\u00e9ante  : Mme Fran\u00e7oise BINET, syndicat des propri\u00e9taires forestiers sylviculteurs\ndu Var. \u00bb\n     \n3Pr\u00e9fecture du VAR - 83-2024-12-09-00007 - Arr\u00eat\u00e9 modificatif d\u00e9c 2024 pour RAA 23\nArticle 2\nLe pr\u00e9sent arr\u00eat\u00e9 peut faire l'objet d'un  recours gracieux adress\u00e9 au pr\u00e9fet du Var, ou d'un  \nrecours hi\u00e9rarchique aupr\u00e8s du ministre de tutelle ou d'un  recours contentieux devant le  \ntribunal  administratif  de  Toulon,  dans  un  d\u00e9lai  de  deux  mois  \u00e0  compter  de  sa  date  de  \nnotification ou de publication au recueil des actes administratifs de la pr\u00e9fecture.\nLe silence gard\u00e9 par l'administration pendant plus de deux mois sur la demande de recours  \ngracieux emporte d\u00e9cision implicite de rejet de cette demande conform\u00e9ment \u00e0 l'article  \nR421-2 du code de justice administrative.\nCette  d\u00e9cision  implicite  de  rejet  peut  alors  faire  l'objet  d'un  recours  devant  le  tribunal \nadministratif territorialement comp\u00e9tent dans un d\u00e9lai de deux mois.\nDans  le  cas  o\u00f9  un  recours  contentieux  serait  engag\u00e9  devant  le  tribunal  administratif  de  \nToulon, il intervient par un d\u00e9p\u00f4t de requ\u00eate, soit aupr\u00e8s de l'accueil de la juridiction, soit par  \ncourrier ou au moyen de l'application informatique \"T\u00e9l\u00e9recours citoyen\" accessible par le site  \ninternet www.telerecours.fr  .  \n    \nArticle 3 \nLe secr\u00e9taire g\u00e9n\u00e9ral de la pr\u00e9fecture du Var est charg\u00e9 de l'ex\u00e9cution du pr\u00e9sent arr\u00eat\u00e9 qui  \nsera publi\u00e9 au recueil des actes administratifs de la pr\u00e9fecture du Var et dont copie sera  \nadress\u00e9e aux membres de la commission d\u00e9partementale de la nature, des paysages et des  \nsites dans sa formation \u00ab  sites et paysages \u00bb.\nFait \u00e0 Toulon, le 9 d\u00e9cembre 2024\nPour le pr\u00e9fet du Var et\nPar d\u00e9l\u00e9gation,\nLe secr\u00e9taire g\u00e9n\u00e9ral,\nSign\u00e9 \nLucien GIUDICELLI\n4Pr\u00e9fecture du VAR - 83-2024-12-09-00007 - Arr\u00eat\u00e9 modificatif d\u00e9c 2024 pour RAA 24\nPr\u00e9fecture du VAR\n83-2024-12-09-00008\nARR\u00caT\u00c9 PR\u00c9FECTORAL du 9 D\u00c9CEMBRE 2024\nprescrivant l'ouverture d'une enqu\u00eate publique\npr\u00e9alable \u00e0\u00a0la d\u00e9claration d'utilit\u00e9 publique\nrelative \u00e0 l'instauration des p\u00e9rim\u00e8tres de\nprotection imm\u00e9diate et rapproch\u00e9e des forages\nF3 et F4 des Mouli\u00e8res\u00a0; valant servitudes\nd'utilit\u00e9 publique sur le territoire de la commune\nde Bauduen, au b\u00e9n\u00e9fice du Syndicat Mixte des\nEaux du Verdon (SMEV).\nPr\u00e9fecture du VAR - 83-2024-12-09-00008 - ARR\u00caT\u00c9 PR\u00c9FECTORAL du 9 D\u00c9CEMBRE 2024 prescrivant l'ouverture d'une enqu\u00eate\npublique pr\u00e9alable \u00e0\u00a0la d\u00e9claration d'utilit\u00e9 publique relative \u00e0 l'instauration des p\u00e9rim\u00e8tres de protection imm\u00e9diate et rapproch\u00e9e\ndes forages F3 et F4 des Mouli\u00e8res\u00a0; valant servitudes d'utilit\u00e9 publique sur le territoire de la commune de Bauduen, au b\u00e9n\u00e9fice du\nSyndicat Mixte des Eaux du Verdon (SMEV).25\nbn\nPREFET\nDU  VAR\nLibert\u00e9\nEgalit\u00e9\nFraternit\u00e9\nDirection de la coordination\ndes politiques publiques et\nde l'appui territorial\nBureau de l'environnement et\ndu d\u00e9veloppement durable\nARR\u00caT\u00c9 PR\u00c9FECTORAL du 9 D\u00c9CEMBRE 2024\nprescrivant l'ouverture d'une enqu\u00eate publique pr\u00e9alable \u00e0  la d\u00e9claration d'utilit\u00e9 publique  \nrelative \u00e0 l'instauration des p\u00e9rim\u00e8tres de protection imm\u00e9diate et rapproch\u00e9e des forages F3  \net F4 des Mouli\u00e8res  ; valant servitudes d'utilit\u00e9 publique sur le territoire de la commune de  \nBauduen, au b\u00e9n\u00e9fice du Syndicat Mixte des Eaux du Verdon (SMEV) .\nLe pr\u00e9fet du Var,\nVu le code de l'environnement, notamment son article R. 123-5  ;\nVu le code de l'expropriation pour cause d'utilit\u00e9 publique, notamment ses articles L. 1,  \nL. 110-1, L. 112-1 ; L. 121-1, L. 121-2, L. 131-1, L. 132-1 et suivants, R. 111-1, R. 112-1, R. 112-5 et  \nsuivants ; R. 131-1 et suivants  ;\nVu le code des relations entre le public et l'administration  ;\nVu  le  code  de  la  sant\u00e9  publique,  notamment  ses  articles  L.  1321-2,  L.  1321-8,  R.  1321-6,  \nR. 1321-8 et R. 1321-13  ;\nVu le d\u00e9cret du Pr\u00e9sident de la R\u00e9publique du 13 juillet 2023 nommant M. Philippe MAH \u00c9, \npr\u00e9fet du Var ;\nVu  le  d\u00e9cret  du  Pr\u00e9sident  de  la  R\u00e9publique  du  15  avril  2022  nommant  \nM.  Lucien  GIUDICELLI,  secr\u00e9taire  g\u00e9n\u00e9ral  de  la  pr\u00e9fecture  du  Var,  sous-pr\u00e9fet  de  \nl'arrondissement de Toulon  ;\nVu l'arr\u00eat\u00e9 pr\u00e9fectoral n\u00b02024 / 40 / MCI du 29 octobre 2024 portant d\u00e9l\u00e9gation de signature  \n\u00e0  M.  Lucien  GIUDICELLI,  secr\u00e9taire  g\u00e9n\u00e9ral  de  la  pr\u00e9fecture  du  Var,  sous-pr\u00e9fet  de  \nl'arrondissement de Toulon  ;\nVu l'arr\u00eat\u00e9 pr\u00e9fectoral du 2 novembre 1994 d\u00e9clarant d'utilit\u00e9 publique (1) les p\u00e9rim\u00e8tres de  \nprotection  des  Mouli\u00e8res  situ\u00e9s  sur  le  territoire  des  communes  de  Bauduen,  Aiguines,  \nBarg\u00e8me,  La  Bastide,  Ch\u00e2teauvieux,  Comps  sur  Artuby,  La  Martre,  La  Roque-Esclapon,  \nV\u00e9rignon et \u00e0 l'int\u00e9rieur du camp de Canjuers, et (2) les travaux de d\u00e9rivation des eaux des  \nforages des Mouli\u00e8res  ;\nVu  la  lettre  du  29  octobre  2024  du  pr\u00e9sident  du  syndicat  mixte  des  eaux  du  Verdon  \nsollicitant l'ouverture de l'enqu\u00eate publique pr\u00e9cit\u00e9e  ;\nVu la d\u00e9cision n\u00b0E24000068/83 du 8 novembre 2024 du pr\u00e9sident du tribunal administratif  \nde Toulon d\u00e9signant Madame Marie-Nathalie CIOCCA pour conduire l'enqu\u00eate publique  \nrelative au projet pr\u00e9cit\u00e9  ;\n 1/6Pr\u00e9fecture du VAR - 83-2024-12-09-00008 - ARR\u00caT\u00c9 PR\u00c9FECTORAL du 9 D\u00c9CEMBRE 2024 prescrivant l'ouverture d'une enqu\u00eate\npublique pr\u00e9alable \u00e0\u00a0la d\u00e9claration d'utilit\u00e9 publique relative \u00e0 l'instauration des p\u00e9rim\u00e8tres de protection imm\u00e9diate et rapproch\u00e9e\ndes forages F3 et F4 des Mouli\u00e8res\u00a0; valant servitudes d'utilit\u00e9 publique sur le territoire de la commune de Bauduen, au b\u00e9n\u00e9fice du\nSyndicat Mixte des Eaux du Verdon (SMEV).26\nVu la d\u00e9cision n\u00b0E24000068/83 du 26 novembre 2024 du pr\u00e9sident du tribunal administratif  \nde  Toulon  d\u00e9signant  Monsieur  Philippe  BRANELLEC  pour  conduire  l'enqu\u00eate  publique  \nrelative au projet pr\u00e9cit\u00e9, en remplacement de Madame Marie-Nathalie CIOCCA  ;\nConsid\u00e9rant le rapport favorable du 30 mai 2024, valant notice explicative, du directeur  \ng\u00e9n\u00e9ral de l'agence r\u00e9gionale de sant\u00e9 de Provence-Alpes-C\u00f4te d'Azur  ;\nConsid\u00e9rant que le dossier comporte les pi\u00e8ces relatives \u00e0 la d\u00e9claration d'utilit\u00e9 publique  ;\nConsid\u00e9rant que le commissaire enqu\u00eateur a \u00e9t\u00e9 consult\u00e9 sur les modalit\u00e9s du d\u00e9roulement  \nde l'enqu\u00eate ;\nConsid\u00e9rant qu'il convient de proc\u00e9der \u00e0 la r\u00e9gularisation administrative des forages F3 et F4  \ndes Mouli\u00e8res vis-\u00e0-vis des volets \u00ab  code la sant\u00e9 publique  \u00bb et \u00ab code de l'expropriation pour  \ncause d'utilit\u00e9 publique  \u00bb afin d'assurer la protection de l'ensemble de ses ouvrages ainsi que  \nla qualit\u00e9 des eaux brutes transport\u00e9es  ;\nSur proposition du secr\u00e9taire g\u00e9n\u00e9ral de la pr\u00e9fecture du Var,\nARR\u00caTE :\nArticle 1  er     :   Objet de l'enqu\u00eate\nI.- Le projet     :  \nEn 2006, le SMEV a cr\u00e9\u00e9 deux  nouveaux ouvrages F3 et F4 dans le champ captant des  \nMouli\u00e8res \u00e0 Bauduen. Ils sont situ\u00e9s hors du p\u00e9rim\u00e8tre de protection imm\u00e9diate et dans le  \np\u00e9rim\u00e8tre de protection rapproch\u00e9e (PPR) d\u00e9finis par l'arr\u00eat\u00e9 pr\u00e9fectoral du 2 novembre  \n1994.\nLes d\u00e9bits et volumes sollicit\u00e9s restent inchang\u00e9s pour l'ensemble des forages du champ  \ncaptant (fix\u00e9s par l'arr\u00eat\u00e9 pr\u00e9fectoral du 2 novembre 1994).\nLes forages F3 et F4, situ\u00e9s dans le PPR de F1 et F2 doivent donc obtenir les actes n\u00e9cessaires  \n\u00e0 leur protection et aux conditions de leur utilisation pour produire de l'eau destin\u00e9e \u00e0 la  \nconsommation humaine , au titre des codes de la sant\u00e9 publique et de l'expropriation pour \ncause d'utilit\u00e9 publique .\nLe projet porte sur la r\u00e9gularisation administrative des forages F3 et F4 des Mouli\u00e8res vis-\u00e0-vis  \ndu code de la Sant\u00e9 Publique et du code de l'Expropriation pour cause d'utilit\u00e9 publique .\nII.-   Le p\u00e9titionnaire     :  \nLe responsable est le  Syndicat Mixte des Eaux du Verdon \u2013 si\u00e8ge administratif - Mairie de  \nR\u00e9gusse 83630.\nIII.- Le dossier     :  \nLe dossier est compos\u00e9 de deux volets  : (1) un volet \u00ab code de la sant\u00e9 publique  \u00bb, et (2) un \nvolet \u00ab code de l'expropriation pour cause d'utilit\u00e9 publique  \u00bb.\nIl est compl\u00e9t\u00e9 par le rapport favorable du 30 mai 2024 du directeur g\u00e9n\u00e9ral de l'agence  \nr\u00e9gionale de sant\u00e9 de Provence-Alpes-C\u00f4te d'Azur.\nIV.- L'enqu\u00eate     :  \nL'enqu\u00eate ouverte a  pour objet d'assurer l'information et la participation du public ainsi que \nla prise en compte des int\u00e9r\u00eats des propri\u00e9taires et des tiers dans l' \u00e9laboration de la d\u00e9cision  \nrelative au projet.\n1\u00b0  Il  est  proc\u00e9d\u00e9  \u00e0  une  enqu\u00eate  publique  dans  les  formes  prescrites  par  le  code  de \nl'expropriation pour cause d'utilit\u00e9 publique , pr\u00e9alable \u00e0 la d\u00e9claration d'utilit\u00e9 publique  \nrelative \u00e0 l'instauration des p\u00e9rim\u00e8tres de protection imm\u00e9diate et rapproch\u00e9e des forages  \nF3 et F4 des Mouli\u00e8res, valant servitudes d'utilit\u00e9 publique, sur le territoire de la commune de  \nBauduen.\n2\u00b0 Cette d\u00e9cision rel\u00e8ve de la comp\u00e9tence du pr\u00e9fet du Var et pourra \u00eatre adopt\u00e9e au terme  \nde la proc\u00e9dure. Le cas \u00e9ch\u00e9ant, le SMEV sera le b\u00e9n\u00e9ficiaire.\n2/6Pr\u00e9fecture du VAR - 83-2024-12-09-00008 - ARR\u00caT\u00c9 PR\u00c9FECTORAL du 9 D\u00c9CEMBRE 2024 prescrivant l'ouverture d'une enqu\u00eate\npublique pr\u00e9alable \u00e0\u00a0la d\u00e9claration d'utilit\u00e9 publique relative \u00e0 l'instauration des p\u00e9rim\u00e8tres de protection imm\u00e9diate et rapproch\u00e9e\ndes forages F3 et F4 des Mouli\u00e8res\u00a0; valant servitudes d'utilit\u00e9 publique sur le territoire de la commune de Bauduen, au b\u00e9n\u00e9fice du\nSyndicat Mixte des Eaux du Verdon (SMEV).27\nArticle 2     :   Lieu, si\u00e8ge et dates de l'enqu\u00eate\nLe si\u00e8ge de l'enqu\u00eate est fix\u00e9 en mairie de Bauduen.\nL'enqu\u00eate se tient en mairie de Bauduen du lundi 6 janvier 2025 au vendredi 24 janvier 2025  \ninclus, soit 19 jours cons\u00e9cutifs (samedis, dimanches et jours f\u00e9ri\u00e9s \u00e9tant toutefois except\u00e9s),  \naux jours et heures indiqu\u00e9s dans le tableau suivant  :\nLieu d'enqu\u00eate Jours d'ouverture Horaires\nMairie de Bauduen [si\u00e8ge]\nPlace du Monument-Aux-Morts\n83630 Bauduendu lundi au vendre dide 9h \u00e0 12h\nArticle 3     :   Publicit\u00e9 de l'enqu\u00eate\nI.- Par voie de presse     :   \nUn  avis  d'ouverture  de  l'enqu\u00eate,  destin\u00e9  au  public,  est  ins\u00e9r\u00e9  en  caract\u00e8res  \napparents, sur demande du pr\u00e9fet et aux frais du p\u00e9titionnaire, dans deux journaux  \npubli\u00e9s  dans  le  d\u00e9partement  du  Var,  au  moins  huit  jours  avant  l'ouverture  de  \nl'enqu\u00eate et, en rappel \u00e0 l'identique, dans les huit premiers jours de celles-ci.\nII.- Par voie d'affichage     :  \nCet avis et l'arr\u00eat\u00e9 d'ouverture de l'enqu\u00eate sont \u00e9galement publi\u00e9s, par le maire de  \nBauduen,  par  voie  d'affichage  aux  lieux  habituellement  r\u00e9serv\u00e9s  \u00e0  cet  usage  ou  \n\u00e9ventuellement tout autre proc\u00e9d\u00e9 en usage dans la commune, huit jours au moins  \navant le d\u00e9but de l'enqu\u00eate et pendant toute sa dur\u00e9e.\nIl est attest\u00e9 de l'accomplissement de cette formalit\u00e9 par la production d'un certificat  \nde d\u00e9but d'affichage et d'un certificat de fin d'affichage, d\u00e9livr\u00e9s par le maire.\nIII.- En ligne     :  \nLe m\u00eame avis est publi\u00e9  :\n- sur le site Internet des services de l'\u00c9tat dans le Var, huit jours au moins avant  \nl'ouverture de l'enqu\u00eate et pendant toute sa dur\u00e9e  :\nhttps://www.var.gouv.fr/Publications/Enquetes-publiques-information-et-\nparticipation-du-public/Enquetes-publiques/Enquetes-publiques-hors-ICPE/\n-  sur  le  site  Internet  d\u00e9di\u00e9  au  registre  d\u00e9mat\u00e9rialis\u00e9,  huit  jours  au  moins  avant  \nl'ouverture de l'enqu\u00eate et pendant toute sa dur\u00e9e  :\nhttps://www.registre-dematerialise.fr/5858\nIV.- Au recueil des actes administratifs du Var     :  \nL'arr\u00eat\u00e9 d'ouverture de l'enqu\u00eate fait l'objet d'une publication.\nArticle 4     :   D\u00e9signation du commissaire enqu\u00eateur\nI.- Le pr\u00e9sident du tribunal administratif de Toulon a d\u00e9sign\u00e9 Monsieur Philippe BRANELLEC,  \ncommissaire enqu\u00eateur pour conduire l'enqu\u00eate publique.\nII.- Le public peut s'adresser directement au commissaire enqu\u00eateur, lors des permanences  \nqu'il assure en mairie aux jours et heures indiqu\u00e9s ci-apr\u00e8s  :\n3/6Pr\u00e9fecture du VAR - 83-2024-12-09-00008 - ARR\u00caT\u00c9 PR\u00c9FECTORAL du 9 D\u00c9CEMBRE 2024 prescrivant l'ouverture d'une enqu\u00eate\npublique pr\u00e9alable \u00e0\u00a0la d\u00e9claration d'utilit\u00e9 publique relative \u00e0 l'instauration des p\u00e9rim\u00e8tres de protection imm\u00e9diate et rapproch\u00e9e\ndes forages F3 et F4 des Mouli\u00e8res\u00a0; valant servitudes d'utilit\u00e9 publique sur le territoire de la commune de Bauduen, au b\u00e9n\u00e9fice du\nSyndicat Mixte des Eaux du Verdon (SMEV).28\nPermanences du commissaire enqu\u00eateur\nLieu d'enqu\u00eate Jours Heures\nMairie de Bauduen [si\u00e8ge]\nPlace du Monument-Aux-Morts\n83630 BAUDUENLundi 6 janvier 2025 9h30 \u00e0 12h\nVendredi 24 janvier 2025 9h30 \u00e0 12h\nIIII.- En cas d'emp\u00eachement du commissaire enqu\u00eateur,  l'enqu\u00eate publique est interrompue.  \nLe  pr\u00e9sident  du  tribunal  administratif  de  Toulon  d\u00e9signe  un  commissaire  enqu\u00eateur  \nrempla\u00e7ant. La date de reprise de l'enqu\u00eate est fix\u00e9e par arr\u00eat\u00e9 en concertation avec le  \ncommissaire enqu\u00eateur. Le public est inform\u00e9 de ces d\u00e9cisions dans les formes pr\u00e9vues \u00e0  \nl'article 3.\nArticle 5     :   Consultation du dossier de l'enqu\u00eate et recueil des observations\nI.- Le dossier est consultable pendant toute la dur\u00e9e de l'enqu\u00eate  :\n- sur support papier en  mairie de Bauduen , aux lieu et jours pr\u00e9cis\u00e9s \u00e0 l'article 2  ;\n- sur un poste informatique au si\u00e8ge de l'enqu\u00eate, aux lieu et jours pr\u00e9cis\u00e9s \u00e0 l'article 2  ;\n- sur le site Internet  : https://www.registre-dematerialise.fr/5858\nII.- Des observations et propositions du public  sur le projet peuvent \u00eatre formul\u00e9es et des  \nrenseignements peuvent \u00eatre demand\u00e9s, pendant toute la dur\u00e9e de l'enqu\u00eate  :\n- directement sur le registre d\u00e9mat\u00e9rialis\u00e9  :\nhttps://www.registre-dematerialise.fr/5858\n- par courriel adress\u00e9 au commissaire enqu\u00eateur du 1er jour de l'enqu\u00eate, \u00e0 0h01, au dernier  \njour de l'enqu\u00eate, \u00e0 minuit, \u00e0 l'adresse \u00e9lectronique suivante  :\nenquete-publique-5858@registre-dematerialise.fr\nCes observations sont consultables par le public, dans les meilleurs d\u00e9lais, sur le registre  \nd\u00e9mat\u00e9rialis\u00e9. Ne sont pris en consid\u00e9ration que les courriels re\u00e7us pendant la p\u00e9riode de  \nl'enqu\u00eate.\nLe commissaire enqu\u00eateur annexe au registre d'enqu\u00eate publique les observations produites  \npar le public.\n- par lettre postale, adress\u00e9e \u00e0 l'attention du commissaire enqu\u00eateur, au si\u00e8ge de l'enqu\u00eate,  \nen mairie de Bauduen. Les observations formul\u00e9es par voie postale sont annex\u00e9es au registre  \nd'enqu\u00eate publique tenu \u00e0 la disposition du public  ;\n- directement sur le registre d'enqu\u00eate publique, \u00e0 feuillets non mobiles, cot\u00e9s et paraph\u00e9s  \npar le commissaire enqu\u00eateur et tenu \u00e0 disposition du public, aux lieu et jours pr\u00e9cis\u00e9s \u00e0  \nl'article 2 ;\n- directement aupr\u00e8s du commissaire enqu\u00eateur lors des permanences qu'il assure, aux lieu  \net  jours  indiqu\u00e9s  dans  le  tableau  \u00e0  l'article  4.  Les  lettres  remises  en  main  propre  sont  \nannex\u00e9es au registre d'enqu\u00eate publique.\nArticle 6     :   R\u00f4le du commissaire enqu\u00eateur\nLe commissaire enqu\u00eateur a pour mission de conduire l'enqu\u00eate de mani\u00e8re \u00e0 permettre au  \npublic et aux tiers int\u00e9ress\u00e9s de disposer d'une information compl\u00e8te sur le projet et de  \nparticiper effectivement au processus de d\u00e9cision.\nLe commissaire enqu\u00eateur paraphe le dossier complet et le registre d'enqu\u00eate publique,  \u00e0 \nfeuillets non mobiles, cot\u00e9s.\n4/6Pr\u00e9fecture du VAR - 83-2024-12-09-00008 - ARR\u00caT\u00c9 PR\u00c9FECTORAL du 9 D\u00c9CEMBRE 2024 prescrivant l'ouverture d'une enqu\u00eate\npublique pr\u00e9alable \u00e0\u00a0la d\u00e9claration d'utilit\u00e9 publique relative \u00e0 l'instauration des p\u00e9rim\u00e8tres de protection imm\u00e9diate et rapproch\u00e9e\ndes forages F3 et F4 des Mouli\u00e8res\u00a0; valant servitudes d'utilit\u00e9 publique sur le territoire de la commune de Bauduen, au b\u00e9n\u00e9fice du\nSyndicat Mixte des Eaux du Verdon (SMEV).29\nLe commissaire enqu\u00eateur peut entendre toute personne concern\u00e9e par le projet qui en fait  \nla demande et auditionner toute personne ou service qu'il lui para\u00eet utile de consulter pour  \ncompl\u00e9ter son information. Le refus \u00e9ventuel, motiv\u00e9 ou non, ou l'absence de r\u00e9ponse, est  \nmentionn\u00e9 dans son rapport.\nArticle 7     :   Cl\u00f4ture de l'enqu\u00eate\n\u00c0 l'expiration du d\u00e9lai de l'enqu\u00eate, le maire cl\u00f4t et signe le registre d'enqu\u00eate publique.  \nDans les 24 heures, le maire remet au commissaire enqu\u00eateur le dossier avec le registre et, le  \ncas \u00e9ch\u00e9ant, les documents annex\u00e9s au registre.\nArticle 8     :   Rapport et conclusions motiv\u00e9es du commissaire enqu\u00eateur\nI.-   R\u00e9daction     :  \nLe  commissaire  enqu\u00eateur  \u00e9tablit  un  rapport  qui  relate  le  d\u00e9roulement  de  l'enqu\u00eate  et  \nexamine les observations et les propositions recueillies. Le rapport comporte le rappel de  \nl'objet du projet, la liste de l'ensemble des pi\u00e8ces figurant dans le dossier de l'enqu\u00eate, une  \nsynth\u00e8se  des  observations  du  public  ou  des  propri\u00e9taires,  une  analyse  des  propositions  \nproduites durant l'enqu\u00eate, les observations \u00e9ventuelles du p\u00e9titionnaire en r\u00e9ponse aux  \nobservations du public.\nLe commissaire enqu\u00eateur  consigne dans un document s\u00e9par\u00e9 du rapport ses conclusions  \nmotiv\u00e9es. Il pr\u00e9cise si elles sont favorables, favorables sous r\u00e9serve(s) ou d\u00e9favorables.\nII.-   Transmission     :  \nDans le d\u00e9lai de trente jours, \u00e0 compter de la date de cl\u00f4ture de l'enqu\u00eate, l e commissaire \nenqu\u00eateur remet son rapport et ses conclusions motiv\u00e9es, accompagn\u00e9s du dossier et du  \nregistre de l'enqu\u00eate, au bureau de l'environnement et du d\u00e9veloppement durable de la  \npr\u00e9fecture du Var.\nIl transmet simultan\u00e9ment une copie de son rapport et de ses conclusions motiv\u00e9es au  \npr\u00e9sident du tribunal administratif de Toulon.\nArticle     9     :   Diffusion du rapport et des conclusions motiv\u00e9es de l'enqu\u00eate\nLe pr\u00e9fet adresse, d\u00e8s leur r\u00e9ception, copie du rapport et des conclusions motiv\u00e9es du  \ncommissaire  enqu\u00eateur  au  p\u00e9titionnaire,  au  maire  de  la  commune  de  Bauduen  et  au \ndirecteur g\u00e9n\u00e9ral de l'agence r\u00e9gionale de sant\u00e9 Provence-Alpes-C\u00f4te d'Azur .\nCes documents sont tenus \u00e0 la disposition du public, sans d\u00e9lai, pendant un an \u00e0 partir de la  \ndate de cl\u00f4ture de l'enqu\u00eate  :\n- en mairie de Bauduen  ;\n- au bureau de l'environnement et du d\u00e9veloppement durable de la pr\u00e9fecture du Var  ;\n- sur le site Internet des services de l'\u00c9tat dans le Var  :\nhttps://www.var.gouv.fr/Publications/Enquetes-publiques/Toutes-les-enquetes-publiques-\ncloturees\nLes personnes int\u00e9ress\u00e9es peuvent obtenir communication du rapport et des conclusions  \nmotiv\u00e9es du  commissaire enqu\u00eateur , en s'adressant au bureau de l'environnement et du  \nd\u00e9veloppement durable de la pr\u00e9fecture du Var, dans les conditions pr\u00e9vues au chapitre 1er \ndu titre I du Livre III du code des relations entre le public et l'administration (CRPA).\n5/6Pr\u00e9fecture du VAR - 83-2024-12-09-00008 - ARR\u00caT\u00c9 PR\u00c9FECTORAL du 9 D\u00c9CEMBRE 2024 prescrivant l'ouverture d'une enqu\u00eate\npublique pr\u00e9alable \u00e0\u00a0la d\u00e9claration d'utilit\u00e9 publique relative \u00e0 l'instauration des p\u00e9rim\u00e8tres de protection imm\u00e9diate et rapproch\u00e9e\ndes forages F3 et F4 des Mouli\u00e8res\u00a0; valant servitudes d'utilit\u00e9 publique sur le territoire de la commune de Bauduen, au b\u00e9n\u00e9fice du\nSyndicat Mixte des Eaux du Verdon (SMEV).30\nArticle     10     :   Ex\u00e9cution du pr\u00e9sent arr\u00eat\u00e9\nLe secr\u00e9taire g\u00e9n\u00e9ral de la pr\u00e9fecture du Var, le commissaire enqu\u00eateur,  le pr\u00e9sident du \nSMEV, le maire de la commune de Bauduen, sont charg\u00e9s, chacun en ce qui le concerne, de  \nl'ex\u00e9cution du pr\u00e9sent arr\u00eat\u00e9 dont une copie sera adress\u00e9e  :\n- au pr\u00e9sident du tribunal administratif de Toulon  ;\n- \u00e0 la sous-pr\u00e9f\u00e8te de l'arrondissement de Brignoles  ;\n- au directeur g\u00e9n\u00e9ral de l'agence r\u00e9gionale de sant\u00e9 de Provence-Alpes-C\u00f4te d'Azur.\nFait \u00e0 Toulon, le 9 D\u00c9CEMBRE 2024\nPour le pr\u00e9fet et par d\u00e9l\u00e9gation\nLe secr\u00e9taire g\u00e9n\u00e9ral de la pr\u00e9fecture du Var\nSign\u00e9 : Lucien GIUDICELLI\n6/6Pr\u00e9fecture du VAR - 83-2024-12-09-00008 - ARR\u00caT\u00c9 PR\u00c9FECTORAL du 9 D\u00c9CEMBRE 2024 prescrivant l'ouverture d'une enqu\u00eate\npublique pr\u00e9alable \u00e0\u00a0la d\u00e9claration d'utilit\u00e9 publique relative \u00e0 l'instauration des p\u00e9rim\u00e8tres de protection imm\u00e9diate et rapproch\u00e9e\ndes forages F3 et F4 des Mouli\u00e8res\u00a0; valant servitudes d'utilit\u00e9 publique sur le territoire de la commune de Bauduen, au b\u00e9n\u00e9fice du\nSyndicat Mixte des Eaux du Verdon (SMEV).31","date":"2024-12-11","first_seen_on":"2024-12-11T16:09:29+00:00","id":"2249c653e17edc1b08490ee35f21e91ca55f1447c8c8321539ce9582bd4e39bc","name":"RAA N\u00b0357 du 11 d\u00e9cembre 2024","pdf_creation_date":"2024-12-11T15:13:25+00:00","pdf_modification_date":null,"timezone":"CET","url":"https://www.var.gouv.fr/contenu/telechargement/37691/248909/file/RAA%20N%C2%B0357%20du%2011%20d%C3%A9cembre%202024.pdf"}
