{"administration":"pref30","administration_name":"Pr\u00e9fecture du Gard","content":"PR\u00c9FET\nDU GARD\nRECUEIL DES ACTES\nADMINISTRATIFS SP\u00c9CIAL\nN\u00b030-2024-086\nPUBLI\u00c9 LE  6 JUIN 2024\nSommaire\nPrefecture du Gard /\n30-2024-06-06-00001 - Arr\u00eat\u00e9 pr\u00e9fectoral modifiant l'arr\u00eat\u00e9\nn\u00b030-2024-17-00002 instituant les commissions de contr\u00f4le des op\u00e9rations\nde vote dans les communes de N\u00eemes et Al\u00e8s pour l'\u00e9lection au Parlement\neurop\u00e9en du 9 juin 2024 (2 pages) Page 3\n2\nPrefecture du Gard\n30-2024-06-06-00001\nArr\u00eat\u00e9 pr\u00e9fectoral modifiant l'arr\u00eat\u00e9\nn\u00b030-2024-17-00002 instituant les commissions\nde contr\u00f4le des op\u00e9rations de vote dans les\ncommunes de N\u00eemes et Al\u00e8s pour l'\u00e9lection au\nParlement europ\u00e9en du 9 juin 2024\nPrefecture du Gard - 30-2024-06-06-00001 - Arr\u00eat\u00e9 pr\u00e9fectoral modifiant l'arr\u00eat\u00e9 n\u00b030-2024-17-00002 instituant les commissions de\ncontr\u00f4le des op\u00e9rations de vote dans les communes de N\u00eemes et Al\u00e8s pour l'\u00e9lection au Parlement europ\u00e9en du 9 juin 2024 3\n\u00cb Pr\u00e9fecture - Direction de la citoyennet\u00e9,PREFET - ~ de la l\u00e9galit\u00e9 et de la coordinationDU GARD Service des \u00e9lections, de la r\u00e9glementation g\u00e9n\u00e9raleLibert\u00e9 et de l'environnement\u00c9galit\u00e9Fraternit\u00e9\nn\u00b0 DCLC-SERGE-BE-24-\nArr\u00eat\u00e9 n\u00b0modifiant l'arr\u00eat\u00e9 N\u00b030-2024-04-17-00002 en date du 17 avril 2024instituant les commissions de contr\u00f4le des op\u00e9rations de votedans les communes de NIMES et ALESpour l'\u00e9lection des repr\u00e9sentants au Parlement europ\u00e9endu 9 juin 2024Le pr\u00e9fet du Gard,chevalier de la L\u00e9gion d'honneur,chevalier de l'ordre national du M\u00e9rite,\nVU le code \u00e9lectoral et notamment les articles L. 85-1 et R. 93-1 \u00e0 R. 93-3 ;VU la loi n\u00b0 77-729 du 7 juillet 1977 modifi\u00e9e relative \u00e0 l'\u00e9lection des repr\u00e9sentants auParlement europ\u00e9en et notamment son article 17, modifi\u00e9 par la loi n\u00b0 2018-509 du 25 juin2018 relative \u00e0 l'\u00e9lection des repr\u00e9sentants au Parlement europ\u00e9en ;VU le d\u00e9cret n\u00b0 79-160 du 28 f\u00e9vrier 1979 modifi\u00e9 portant application de la loi n\u00b0 77-729 du 7juillet 1977 susvis\u00e9e et notamment son article 6, modifi\u00e9 par le d\u00e9cret n\u00b0 2018-918 du 26octobre 2018 :Vu le d\u00e9cret n\u00b0 2024-226 du 12 mars 2024 portant convocation des \u00e9lecteurs pour l'\u00e9lectiondes repr\u00e9sentants'au Parlement europ\u00e9en ;Vu la circulaire minist\u00e9rielle NOR : lOMA2405098] du 4 avril 2024 relative \u00e0 l'organisation del'\u00e9lection des repr\u00e9sentants au Parlement europ\u00e9en du 9 juin 2024 ;Vu l'arr\u00eat\u00e9 N\u00b030-2024-04-17-00002 en date du 17 avril 2024 instituant les commissions decontr\u00f4le des op\u00e9rations de vote dans les communes de NIMES et ALES pour l'\u00e9lection desrepr\u00e9sentants au Parlement europ\u00e9en du 9 juin 2024 ;Consid\u00e9rant l'indisponibilit\u00e9 du membre d\u00e9sign\u00e9 par le pr\u00e9fet au sein de la commission decontr\u00f4le des op\u00e9rations de vote dans la commune de NIMES ;\nPr\u00e9fecture du Gard10 avenue Feuch\u00e8res - 30 045 N\u00ceMES CEDEX 9T\u00e9l. 04 66 36 43 90www.gard.gouv.fr\nPrefecture du Gard - 30-2024-06-06-00001 - Arr\u00eat\u00e9 pr\u00e9fectoral modifiant l'arr\u00eat\u00e9 n\u00b030-2024-17-00002 instituant les commissions de\ncontr\u00f4le des op\u00e9rations de vote dans les communes de N\u00eemes et Al\u00e8s pour l'\u00e9lection au Parlement europ\u00e9en du 9 juin 2024 4\nConsid\u00e9rant qu'il convient de d\u00e9signer un autre fonctionnaire comme membre de cettecommission et de modifier l'arr\u00eat\u00e9 du 17 avril 2024 ; 'SUR PROPOSITION du secr\u00e9taire g\u00e9n\u00e9ral de la pr\u00e9fecture ;\nARRETE :\nArticle 1er : l'article 1*\" de l'arr\u00eat\u00e9 N\u00b030-2024-04-17-00002 en date du 17 avril 2024 instituant lescommissions de contr\u00f4le des op\u00e9rations de vote dans les communes de NIMES et ALES pourl'\u00e9lection des repr\u00e9sentants au Parlement europ\u00e9en du 9 juin 2024 est modifi\u00e9 comme suit :Concernant la commission de contr\u00f4le des op\u00e9rations de vote dans la commune de N\u00eemes,au niveau de ses membres :en lieu et place de :\u00ab < Madame Corinne BOURQUIN, cheffe de service \u00e0 la pr\u00e9fecture, qui assurera lesecr\u00e9tariat de la commission. \u00bbil est indiqu\u00e9 \u00ab \u00ab - M. Eric LANSADE, chef de bureau \u00e0 la pr\u00e9fecture, qui assurera le secr\u00e9tariatde la commission. \u00bbLe reste sans changement.\nArticle 7 : le secr\u00e9taire g\u00e9n\u00e9ral de la pr\u00e9fecture du Gard, et le maire de la commune de N\u00eemessont charg\u00e9s de l'ex\u00e9cution du pr\u00e9sent arr\u00eat\u00e9 qui sera publi\u00e9 au recueil des actesadministratifs de la pr\u00e9fecture, notifi\u00e9 au Premier pr\u00e9sident de la cour d'appel de N\u00eemes, auxmembres de la commission de N\u00eemes d\u00e9sign\u00e9s et \u00e0 I'ensemble des pr\u00e9sidents de bureaux devote de N\u00eemes par le maire de cette commune.Fait \u00e0 N\u00eemes, le 6 juin 2024 Le pr\u00e9fet,Paur le pr\u00e9fetSeer\u00e9talre g\u00e9n\u00e9ra]\nPr\u00e9fecture du Gard10 avenue Feuch\u00e8res \u2014 30 045 N\u00ceMES CEDEX 9T\u00e9l. 04 66 36 43 90www.gard.gouv.fr\nPrefecture du Gard - 30-2024-06-06-00001 - Arr\u00eat\u00e9 pr\u00e9fectoral modifiant l'arr\u00eat\u00e9 n\u00b030-2024-17-00002 instituant les commissions de\ncontr\u00f4le des op\u00e9rations de vote dans les communes de N\u00eemes et Al\u00e8s pour l'\u00e9lection au Parlement europ\u00e9en du 9 juin 2024 5","date":"2024-06-06","first_seen_on":"2025-01-08T20:14:41+00:00","id":"22d82dcf9abb766e1ea9f8eb7db0521732d9aa268fdc56cc64096ca54af73756","name":"recueil-30-2024-086-special du 06 06 2024","pdf_creation_date":"2024-06-06T15:09:01+00:00","pdf_modification_date":null,"timezone":"CET","url":"https://www.gard.gouv.fr/contenu/telechargement/57918/433646/file/recueil-30-2024-086-special%20du%2006%2006%202024.pdf"}
