{"administration":"prefidf","administration_name":"Pr\u00e9fecture de la r\u00e9gion \u00cele-de-France","content":"PREFECTURE\nREGION ILE DE\nFRANCE\nRECUEIL DES ACTES\nADMINISTRATIFS SP\u00c9CIAL\nN\u00b0IDF-023-2025-09\nPUBLI\u00c9 LE  8 SEPTEMBRE 2025\nSommaire\nPr\u00e9fecture de la r\u00e9gion d'Ile-de-France, pr\u00e9fecture de\nParis-Secr\u00e9tariat g\u00e9n\u00e9ral aux politiques publiques / Bureau de la\ncoordination et de l'investissement territorial\nIDF-2025-08-29-00008 - Arr\u00eat\u00e9 n\u00b02025-402 modifiant l'arr\u00eat\u00e9\nn\u00b02019-601 du 10 d\u00e9cembre 2019 portant attribution de subvention au\ntitre de la dotation de soutien \u00e0 l'investissement local (2 pages) Page 3\nIDF-2025-08-29-00007 - Arr\u00eat\u00e9 n\u00b02025-404 modifiant l'arr\u00eat\u00e9 n\u00b0\n2017-51 du 26 avril 2017 portant attribution de subvention au titre de la\ndotation de soutien \u00e0 l'investissement local (2 pages) Page 6\nIDF-2025-08-29-00006 - Arr\u00eat\u00e9 n\u00b02025-406 modifiant l'arr\u00eat\u00e9\nn\u00b02023-420 du 20 juin 2023 portant attribution de subvention au titre de\nla dotation de soutien \u00e0 l'investissement d\u00e9partemental au Conseil\nD\u00e9partemental de Seine-et-Marne (2 pages) Page 9\n2\nPr\u00e9fecture de la r\u00e9gion d'Ile-de-France,\npr\u00e9fecture de Paris-Secr\u00e9tariat g\u00e9n\u00e9ral aux\npolitiques publiques\nIDF-2025-08-29-00008\nArr\u00eat\u00e9 n\u00b02025-402 modifiant l'arr\u00eat\u00e9 n\u00b02019-601\ndu 10 d\u00e9cembre 2019 portant attribution de\nsubvention au titre de la dotation de soutien \u00e0\nl'investissement local\nPr\u00e9fecture de la r\u00e9gion d'Ile-de-France, pr\u00e9fecture de Paris-Secr\u00e9tariat g\u00e9n\u00e9ral aux politiques publiques - IDF-2025-08-29-00008 -\nArr\u00eat\u00e9 n\u00b02025-402 modifiant l'arr\u00eat\u00e9 n\u00b02019-601 du 10 d\u00e9cembre 2019 portant attribution de subvention au titre de la dotation de\nsoutien \u00e0 l'investissement local\n3\nE 3PREFET |DE LA REGIOND'\u00ceLE-DE-FRANCELibert\u00e9Egalit\u00e9Fraternit\u00e9\n                \n \n \n \n \n \n \n \n \n \nPr\u00e9fecture de la r\u00e9gion d'Ile-de-France, pr\u00e9fecture de Paris \nSecr\u00e9tariat g\u00e9n\u00e9ral aux politiques publiques \nBureau de la coordination et de l'investissement territorial \n               \n \n \n \n 1 \n \nARR\u00caT\u00c9  N\u00b0 2025-402 \nmodifiant l'arr\u00eat\u00e9 n\u00b0 2019-601 du 10 d\u00e9cembre 2019 portant attribution de subvention au titre de  \nla dotation de soutien \u00e0 l'investissement local    \n \nLE PR\u00c9FET DE LA R\u00c9GION D'\u00ceLE-DE-FRANCE \nPR\u00c9FET DE PARIS \nCOMMANDEUR DE LA L\u00c9GION D'HONNEUR \nOFFICIER DE L'ORDRE NATIONAL DU M\u00c9RITE \n \n \n \nVU le code g\u00e9n\u00e9ral des collectivit\u00e9s territoriales et notamment ses articles L. 2334-42, L.1111-10 et R.2334-39 ; \nVU le d\u00e9cret n\u00b0  2004-374 du  29 avril 2004 relatif aux pouvoirs des pr\u00e9fets, \u00e0 l'organisation et \u00e0 l'action des \nservices de l'Etat dans les r\u00e9gions et d\u00e9partements ; \n \nVU le d\u00e9cret n\u00b0 2018-428 du 1er juin 2018 relatif aux dotations de l'Etat aux collectivit\u00e9s territoriales ;  \n \nVU le d\u00e9cret n\u00b0 2020-412 du 8 avril 2020 relatif au droit de d\u00e9rogation reconnu au pr\u00e9fet ; \n \nVU le d\u00e9cret n\u00b0 2020 -1129 du 14 septembre 2020 pris pour l'application de l'article L.1111 -11 du code g\u00e9n\u00e9ral \ndes collectivit\u00e9s territoriales ; \nVU l'arr\u00eat\u00e9 n\u00b0  2019-601 du 10 d\u00e9cembre 2019  portant attribution d'une subvention d'un montant maximum \npr\u00e9visionnel de 144 000 \u20ac \u00e0 la commune de Saint-Denis au titre de la dotation de soutien \u00e0 l'investissement local \npour les travaux de d\u00e9doublement des classes de CP et CE1 au sein des groupes scolaires Pasteur et Marville ;  \nVU le courrier en date du 11 f\u00e9vrier 2025 du maire de la commune de Saint-Denis sollicitant une prorogation \nexceptionnelle du d\u00e9lai d'ach\u00e8vement de l'op\u00e9ration mentionn\u00e9e dans l'arr\u00eat\u00e9 susvis\u00e9, qui a d\u00e9marr\u00e9 le 21 \nf\u00e9vrier 2020 ; \nVU le certificat d'ach\u00e8vement d\u00e9clarant la r\u00e9alisation des travaux en date du 25 novembre 2024 ;  \nCONSIDERANT qu'il est n\u00e9cessaire de d\u00e9roger \u00e0 l'arti cle R .2334-29 du code g\u00e9n\u00e9ral des collectivit\u00e9s \nterritoriales afin de proroger le d\u00e9lai d'ach\u00e8vement de l'op\u00e9ration susvis\u00e9e ; \nCONSIDERANT que cette d\u00e9rogation est justifi\u00e9e par un motif d'int\u00e9r\u00eat g\u00e9n\u00e9ral et l'existence de circonstances \nlocales et qu'elle a pour effet de favoriser l'acc\u00e8s aux aides publiques ;  \n \nCONSIDERANT que cette d\u00e9rogation a pour effet de favoriser l'acc\u00e8s aux aides publiques ; \n \nCONSIDERANT que cette d\u00e9rogation ne porte pas atteinte aux int\u00e9r\u00eats de la d\u00e9fense ou \u00e0 la s\u00e9curit\u00e9 des \npersonnes et des biens, ni une atteinte disproportionn\u00e9e aux objectifs poursuivis par les dispositions auxquelles \nil est d\u00e9rog\u00e9 et qu'elle est compatible avec les engagements europ\u00e9ens et internationaux de la France ;  \n \n \nPr\u00e9fecture de la r\u00e9gion d'Ile-de-France, pr\u00e9fecture de Paris-Secr\u00e9tariat g\u00e9n\u00e9ral aux politiques publiques - IDF-2025-08-29-00008 -\nArr\u00eat\u00e9 n\u00b02025-402 modifiant l'arr\u00eat\u00e9 n\u00b02019-601 du 10 d\u00e9cembre 2019 portant attribution de subvention au titre de la dotation de\nsoutien \u00e0 l'investissement local\n4\n \n 2 \n \nARR\u00caTE \n \nARTICLE 1er \n \nEn application du d\u00e9cret n\u00b0 2020-412 du 8 avril 2020 , par d\u00e9rogation aux dispositions de l'article R .2334-29 du \ncode g\u00e9n\u00e9ral des collectivit\u00e9s territoriales,  le d\u00e9lai de quatre ans pr\u00e9vu \u00e0 compter de la date de d\u00e9marrage de \nl'op\u00e9ration pour d\u00e9clarer l'ach\u00e8vement des travaux , fix\u00e9 au 4\u00e8me alin\u00e9a de l'article 3 de l'arr\u00eat\u00e9 pr\u00e9fectoral n\u00b0 \n2019-601 du 10 d\u00e9cembre 2019, est prorog\u00e9 jusqu'au 25 novembre 2024. \n \n \nARTICLE 2 \n \nLes autres dispositions de l'arr\u00eat\u00e9 pr\u00e9fectoral susvis\u00e9 demeurent inchang\u00e9es.  \n \n \nARTICLE 3 \n \nLa pr\u00e9f\u00e8te, secr\u00e9taire g\u00e9n\u00e9rale aux politiques publiques de la pr\u00e9fecture de la r\u00e9gion d'\u00cele -de-France, pr\u00e9fecture \nde Paris, le pr\u00e9fet du d\u00e9partement de Seine-Saint-Denis et le directeur r\u00e9gional des finances publiques d'\u00cele -de-\nFrance et de Paris sont charg\u00e9s, chacun en ce qui le concerne, de l'ex\u00e9cution du pr\u00e9sent arr\u00eat\u00e9. \n  \n \n \n \nFait \u00e0 Paris, le 29 ao\u00fbt 2025 \n \n \n  \nLe Pr\u00e9fet de la r\u00e9gion d'\u00cele-de-France, \nPr\u00e9fet de Paris \n \n \nSign\u00e9 \n \n \nMarc GUILLAUME \n \n \n \n \n \n \n \nPr\u00e9fecture de la r\u00e9gion d'Ile-de-France, pr\u00e9fecture de Paris-Secr\u00e9tariat g\u00e9n\u00e9ral aux politiques publiques - IDF-2025-08-29-00008 -\nArr\u00eat\u00e9 n\u00b02025-402 modifiant l'arr\u00eat\u00e9 n\u00b02019-601 du 10 d\u00e9cembre 2019 portant attribution de subvention au titre de la dotation de\nsoutien \u00e0 l'investissement local\n5\nPr\u00e9fecture de la r\u00e9gion d'Ile-de-France,\npr\u00e9fecture de Paris-Secr\u00e9tariat g\u00e9n\u00e9ral aux\npolitiques publiques\nIDF-2025-08-29-00007\nArr\u00eat\u00e9 n\u00b02025-404 modifiant l'arr\u00eat\u00e9 n\u00b0 2017-51\ndu 26 avril 2017 portant attribution de\nsubvention au titre de la dotation de soutien \u00e0\nl'investissement local\nPr\u00e9fecture de la r\u00e9gion d'Ile-de-France, pr\u00e9fecture de Paris-Secr\u00e9tariat g\u00e9n\u00e9ral aux politiques publiques - IDF-2025-08-29-00007 -\nArr\u00eat\u00e9 n\u00b02025-404 modifiant l'arr\u00eat\u00e9 n\u00b0 2017-51 du 26 avril 2017 portant attribution de subvention au titre de la dotation de soutien \u00e0\nl'investissement local\n6\nE 3PREFET |DE LA REGIOND'\u00ceLE-DE-FRANCELibert\u00e9Egalit\u00e9Fraternit\u00e9\n                \n \n \n \n \n \n \n \n \n \nPr\u00e9fecture de la r\u00e9gion d'Ile-de-France, pr\u00e9fecture de Paris \nSecr\u00e9tariat g\u00e9n\u00e9ral aux politiques publiques \nBureau de la coordination et de l'investissement territorial \n               \n \n \n \n 1 \n \nARR\u00caT\u00c9  N\u00b0 2025-404 \nModifiant l'arr\u00eat\u00e9 n\u00b0 2017-51 du 26 avril 2017 portant attribution de subvention au titre de  \nla dotation de soutien \u00e0 l'investissement local    \n \nLE PR\u00c9FET DE LA R\u00c9GION D'\u00ceLE-DE-FRANCE \nPR\u00c9FET DE PARIS \nCOMMANDEUR DE LA L\u00c9GION D'HONNEUR \nOFFICIER DE L'ORDRE NATIONAL DU M\u00c9RITE \n \n \n \nVU le code g\u00e9n\u00e9ral des collectivit\u00e9s territoriales et notamment ses articles L. 2334-42, L.1111-10 et R.2334-39 ; \nVU le d\u00e9cret n\u00b0  2004-374 du 29 avril 2004 relatif aux pouvoirs des pr\u00e9fets, \u00e0 l'organisation et \u00e0 l'action des \nservices de l'Etat dans les r\u00e9gions et d\u00e9partements ; \n \nVU le d\u00e9cret n\u00b0 2018-428 du 1er juin 2018 relatif aux dotations de l'Etat aux collectivit\u00e9s territoriales ;  \n \nVU le d\u00e9cret n\u00b0 2020-412 du 8 avril 2020 relatif au droit de d\u00e9rogation reconnu au pr\u00e9fet ; \n \nVU le d\u00e9cret n\u00b0 2020 -1129 du 14 septembre 2020 pris pour l'application de l'article L.1111 -11 du code g\u00e9n\u00e9ral \ndes collectivit\u00e9s territoriales ; \nVU l'arr\u00eat\u00e9 n\u00b0 2017-51 du 26 avril 2017 portant attribution d'une subvention d'un montant maximum pr\u00e9visionnel \nde 1 000 000 \u20ac \u00e0 la commune de Mantes -la-Jolie au titre de la dotation de soutien \u00e0 l'investissement  local pour \nla r\u00e9novation \u00e9nerg\u00e9tique de l'h\u00f4tel de ville : isolation thermique, remplacement des menuiseries ext\u00e9rieures, \nremplacement des chaudi\u00e8res, restructuration de la distribution hydraulique, remplacement de centrales d'air, \nmodernisation du syst\u00e8me d'\u00e9clairage et mise en place de casquettes solaires  ;  \nVU l'arr\u00eat\u00e9 n\u00b0 2021-547 du 31 mai 20 21 modifiant l'arr\u00eat\u00e9 n\u00b0  2017-51 du 26 avril 2017 et prorogeant le d\u00e9lai \nd'ex\u00e9cution de l'op\u00e9ration susvis\u00e9e au 17 juillet 2023 ; \n \nVU l'arr\u00eat\u00e9 n\u00b0 2024-132 du 1er mars 2024 modifiant l'arr\u00eat\u00e9 n\u00b0  2017-51 du 26 avril 2017 et prorogeant le d\u00e9lai \nd'ex\u00e9cution de l'op\u00e9ration susvis\u00e9e au 15 juillet 2025 ; \n \nVU le courrier en date du 23 mai  2025 du maire de la commune de Mantes -la-Jolie sollicitant une nouvelle \nprorogation du d\u00e9lai d'ach\u00e8vement de l'op\u00e9ration  mentionn\u00e9e dans l'arr\u00eat\u00e9 susvis\u00e9, qui a d\u00e9marr\u00e9  le 17 juillet \n2017 ; \nCONSIDERANT qu'il est n\u00e9cessaire de d\u00e9roger \u00e0 l'article R .2334-29 du code g\u00e9n\u00e9ral des collectivit\u00e9s \nterritoriales afin de proroger le d\u00e9lai d'ach\u00e8vement de l'op\u00e9ration susvis\u00e9e ; \nCONSIDERANT que cette d\u00e9rogation est justifi\u00e9e par les nombreux retards et reports d'op\u00e9rations et de \nchantiers sur le territoire communal qui ont prolong\u00e9s les d\u00e9lais des travaux ;   \n \nCONSIDERANT que cette d\u00e9rogation a pour effet de favoriser l'acc\u00e8s aux aides publiques ; \n \nPr\u00e9fecture de la r\u00e9gion d'Ile-de-France, pr\u00e9fecture de Paris-Secr\u00e9tariat g\u00e9n\u00e9ral aux politiques publiques - IDF-2025-08-29-00007 -\nArr\u00eat\u00e9 n\u00b02025-404 modifiant l'arr\u00eat\u00e9 n\u00b0 2017-51 du 26 avril 2017 portant attribution de subvention au titre de la dotation de soutien \u00e0\nl'investissement local\n7\n \n 2 \n \n \nCONSIDERANT que cette d\u00e9rogation ne porte pas atteinte aux int\u00e9r\u00eats de la d\u00e9fense ou \u00e0 la s\u00e9curit\u00e9 des \npersonnes et des biens, ni une atteinte disproportionn\u00e9e aux objectifs poursuivis par les dispositions auxquelles \nil est d\u00e9rog\u00e9 et qu'elle est compatible avec les engagements europ\u00e9ens et internationaux de la France ;  \n \n \nARR\u00caTE \n \n \nARTICLE 1er \n \nEn application du d\u00e9cret n\u00b0  2020-412 du 8 avril 2020 , par d\u00e9rogation aux dispositions de l'article R .2334-29 du \ncode g\u00e9n\u00e9ral des collectivit\u00e9s territoriales, le d\u00e9lai de quatre ans pr\u00e9vu \u00e0 compter de la date de d\u00e9marrage de \nl'op\u00e9ration pour d\u00e9clarer l'ach\u00e8vement des travaux , fix\u00e9 au 4 \u00e8me alin\u00e9a de l'artic le 3 de l'arr\u00eat\u00e9 pr\u00e9fectoral \nn\u00b0 2017-51 du 26 avril  2017, est prorog\u00e9 jusqu'au 17 juillet 2026 . L'ach\u00e8vement des travaux devra intervenir \navant le 17 juillet 2026. \n \n \nARTICLE 2 \n \nLes autres dispositions de l'arr\u00eat\u00e9 pr\u00e9fectoral susvis\u00e9 demeurent inchang\u00e9es.  \n \n \nARTICLE 3 \n \nLa pr\u00e9f\u00e8te, secr\u00e9taire g\u00e9n\u00e9rale aux politiques publiques de la pr\u00e9fecture de la r\u00e9gion d'\u00cele -de-France, pr\u00e9fecture \nde Paris, le pr\u00e9fet du d\u00e9partement des Yvelines et le directeur r\u00e9gional des finances publiques d'\u00cele-de-France et \nde Paris sont charg\u00e9s, chacun en ce qui le concerne, de l'ex\u00e9cution du pr\u00e9sent arr\u00eat\u00e9. \n  \n \n \nFait \u00e0 Paris, le 29 ao\u00fbt 2025 \n \n \n  \nLe Pr\u00e9fet de la r\u00e9gion d'\u00cele-de-France, \nPr\u00e9fet de Paris \n \n \nSign\u00e9 \n \n \nMarc GUILLAUME \n \n \n \n \n \n \n \nPr\u00e9fecture de la r\u00e9gion d'Ile-de-France, pr\u00e9fecture de Paris-Secr\u00e9tariat g\u00e9n\u00e9ral aux politiques publiques - IDF-2025-08-29-00007 -\nArr\u00eat\u00e9 n\u00b02025-404 modifiant l'arr\u00eat\u00e9 n\u00b0 2017-51 du 26 avril 2017 portant attribution de subvention au titre de la dotation de soutien \u00e0\nl'investissement local\n8\nPr\u00e9fecture de la r\u00e9gion d'Ile-de-France,\npr\u00e9fecture de Paris-Secr\u00e9tariat g\u00e9n\u00e9ral aux\npolitiques publiques\nIDF-2025-08-29-00006\nArr\u00eat\u00e9 n\u00b02025-406 modifiant l'arr\u00eat\u00e9 n\u00b02023-420\ndu 20 juin 2023 portant attribution de\nsubvention au titre de la dotation de soutien \u00e0\nl'investissement d\u00e9partemental au Conseil\nD\u00e9partemental de Seine-et-Marne\nPr\u00e9fecture de la r\u00e9gion d'Ile-de-France, pr\u00e9fecture de Paris-Secr\u00e9tariat g\u00e9n\u00e9ral aux politiques publiques - IDF-2025-08-29-00006 -\nArr\u00eat\u00e9 n\u00b02025-406 modifiant l'arr\u00eat\u00e9 n\u00b02023-420 du 20 juin 2023 portant attribution de subvention au titre de la dotation de soutien\n\u00e0 l'investissement d\u00e9partemental au Conseil D\u00e9partemental de Seine-et-Marne\n9\nEPR\u00c9FETDE LA R\u00c9GIOND'\u00ceLE-DE-FRANCELibert\u00e9Egalit\u00e9Fraternit\u00e9\n  \nPr\u00e9fecture de la r\u00e9gion d'Ile-de-France, pr\u00e9fecture de Paris \nSecr\u00e9tariat g\u00e9n\u00e9ral aux politiques publiques \nBureau de la coordination et de l'investissement territorial \n \nSection de l'investissement territorial \n5 rue Leblanc 75911 Paris cedex 15 \nT\u00e9l : 01.82.52.40.00 \nwww.ile-de-france.gouv.fr \n \nARR\u00caT\u00c9  N\u00b0 2025-406 \nmodifiant l'arr\u00eat\u00e9 n\u00b0 2023-420 du 20 juin 2023 portant attribution de subvention \nau titre de la dotation de soutien \u00e0 l'investissement d\u00e9partemental \n \nLE PR\u00c9FET DE LA R\u00c9GION D'\u00ceLE-DE-FRANCE \nPR\u00c9FET DE PARIS \nCOMMANDEUR DE LA L\u00c9GION D'HONNEUR \nOFFICIER DE L'ORDRE NATIONAL DU M\u00c9RITE \n \n \n \nVU le code g\u00e9n\u00e9ral des collectivit\u00e9s territoriales et notamment ses articles L.2334-42 et R.2334-39 ; \n \nVU le d\u00e9cret n\u00b0  2004-374 du 29 avril 2004 relatif aux pouvoirs des pr\u00e9fets, \u00e0 l'organisation et \u00e0 l'action des \nservices de l'Etat dans les r\u00e9gions et d\u00e9partements ; \n \nVU le d\u00e9cret n\u00b0 2018-428 du 1er juin 2018 relatif aux dotations de l'Etat aux collectivit\u00e9s territoriales ; \n \nVU le d\u00e9cret n\u00b0 2020-412 du 8 avril 2020 relatif au droit de d\u00e9rogation reconnu au pr\u00e9fet ; \n \nVU le d\u00e9cret n\u00b0 2020 -1129 du 14 septembre 2020 pris pour l'application de l'article L.1111 -11 du code g\u00e9n\u00e9ral \ndes collectivit\u00e9s territoriales ; \nVU l'arr\u00eat\u00e9 n\u00b0 2023-420 du 20 juin 2023 portant attribution au d\u00e9partement de Seine -et-Marne d'une subvention \nd'un montant maximum pr\u00e9visionnel de 526 970 \u20ac au titre de la dotation de soutien \u00e0 l'investissement \nd\u00e9partemental pour l'extension / la restructuration de la demi -pension et la restructuration de l'externat du \ncoll\u00e8ge \u00ab Robert Buron \u00bb \u00e0 Nandy ; \n \nVU le courrier du 29 avril 2025 du pr\u00e9sident du conseil d\u00e9partemental de Seine -et-Marne sollicitant une \nprorogation du d\u00e9lai maximum de d\u00e9marrage des travaux de l'op\u00e9ration mentionn\u00e9e dans l'arr\u00eat\u00e9 susvis\u00e9 qui a \n\u00e9t\u00e9 notifi\u00e9 le 27 juin 2023 ; \n \nCONSIDERANT qu'il est n\u00e9cessaire de d\u00e9roger \u00e0 l'article R .2334-28 du code g\u00e9n\u00e9ral des collectivit\u00e9s \nterritoriales afin de proroger le d\u00e9lai pour le commencement d'ex\u00e9cution de l'op\u00e9ration susvis\u00e9e  ; \n \nCONSIDERANT que cette d\u00e9rogation est justifi\u00e9e par les contraintes budg\u00e9taires rencontr\u00e9es par le \nd\u00e9partement de Seine -et-Marne qui ont conduit \u00e0 d\u00e9clarer sans suite l'appel d'offres travaux et reporter \nl'op\u00e9ration ; \n \nCONSIDERANT que cette d\u00e9rogation a pour effet de favoriser l'acc\u00e8s aux aides publiques ; \n \nCONSIDERANT que cette d\u00e9rogation ne porte pas atteinte aux int\u00e9r\u00eats de la d\u00e9fense ou \u00e0 la s\u00e9curit\u00e9 des \npersonnes et des biens, ni une atteinte disproportionn\u00e9e aux objectifs poursuivis par les dispositions auxquelles \nil est d\u00e9rog\u00e9 et qu'elle est compatible avec les engagements europ\u00e9ens et internationaux de la France ; \n \n \nPr\u00e9fecture de la r\u00e9gion d'Ile-de-France, pr\u00e9fecture de Paris-Secr\u00e9tariat g\u00e9n\u00e9ral aux politiques publiques - IDF-2025-08-29-00006 -\nArr\u00eat\u00e9 n\u00b02025-406 modifiant l'arr\u00eat\u00e9 n\u00b02023-420 du 20 juin 2023 portant attribution de subvention au titre de la dotation de soutien\n\u00e0 l'investissement d\u00e9partemental au Conseil D\u00e9partemental de Seine-et-Marne\n10\n \nT\u00e9l : 01 82 52 42 55 \nM\u00e9l : alix.puet@paris-idf.gouv.fr \n5 rue Leblanc 75911 Paris cedex 15 \n \n2 \n \nARR\u00caTE \n \n \nARTICLE 1er \n \nEn application du d\u00e9cret n\u00b0 2020 -412 du 8 avril 2020, par d\u00e9rogation aux dispositions de l'article R.2334 -28 du \ncode g\u00e9n\u00e9ral des collectivit\u00e9s territoriales, le d\u00e9lai pour d\u00e9clarer le commencement d'ex\u00e9cution de l'op\u00e9ration \u00e0 \ncompter de la date de notification de l'arr\u00eat\u00e9 attributif de sub vention, pr\u00e9vu au 3\u00e8me alin\u00e9a de l'article 3 de \nl'arr\u00eat\u00e9 pr\u00e9fectoral n\u00b0 2023-420 du 20 juin  2023, est prorog\u00e9 jusqu'au 27 juin  2027. Le commencement des \ntravaux devra intervenir avant le 27 juin 2027. \n \n \nARTICLE 2 \n \nLes autres dispositions de l'arr\u00eat\u00e9 pr\u00e9fectoral susvis\u00e9 demeurent inchang\u00e9es. \n \n \nARTICLE 3 \n  \nLa pr\u00e9f\u00e8te, secr\u00e9taire g\u00e9n\u00e9rale aux politiques publiques de la pr\u00e9fecture de la r\u00e9gion d'\u00cele -de-France, pr\u00e9fecture \nde Paris, l e pr\u00e9fet du d\u00e9partement de Seine-et-Marne et le directeur r\u00e9gional des finances publiques d'\u00cele -de-\nFrance et de Paris sont charg\u00e9s, chacun en ce qui le concerne, de l'ex\u00e9cution du pr\u00e9sent arr\u00eat\u00e9.  \n \n \n \nFait \u00e0 Paris, le 29 ao\u00fbt 2025 \n \n \n  \nLe Pr\u00e9fet de la r\u00e9gion d'\u00cele-de-France, \nPr\u00e9fet de Paris \n \n \nSign\u00e9 \n \n \nMarc GUILLAUME \n \n \nPr\u00e9fecture de la r\u00e9gion d'Ile-de-France, pr\u00e9fecture de Paris-Secr\u00e9tariat g\u00e9n\u00e9ral aux politiques publiques - IDF-2025-08-29-00006 -\nArr\u00eat\u00e9 n\u00b02025-406 modifiant l'arr\u00eat\u00e9 n\u00b02023-420 du 20 juin 2023 portant attribution de subvention au titre de la dotation de soutien\n\u00e0 l'investissement d\u00e9partemental au Conseil D\u00e9partemental de Seine-et-Marne\n11","date":"2025-09-08","first_seen_on":"2025-09-08T15:37:58+00:00","id":"22d926d53a11f97293e220d3d9809c85e6bd62e4222e7ccfacf939d4142fe46b","name":"recueil-idf-023-2025-09-recueil-des-actes-administratifs-special du 08.09.2025","pdf_creation_date":"2025-09-08T14:48:11+00:00","pdf_modification_date":null,"timezone":"Europe/Paris","url":"https://www.prefectures-regions.gouv.fr/ile-de-france/irecontenu/telechargement/130782/961533/file/recueil-idf-023-2025-09-recueil-des-actes-administratifs-special%20du%2008.09.2025.pdf"}
