{"administration":"pref83","administration_name":"Pr\u00e9fecture du Var","content":"VAR\nRECUEIL DES ACTES\nADMINISTRATIFS SP\u00c9CIAL\n(NOMINATIFS)\nN\u00b083-2024-350\nPUBLI\u00c9 LE  6 D\u00c9CEMBRE 2024\nSommaire\nDirection d\u00e9partementale de l'emploi, du travail et des solidarit\u00e9s du Var\n/ Direction de la DDETS\n83-2024-12-05-00008 - 814-2024-recepisse declaration SERRET NATHALIE\ndu 05122024 (2 pages) Page 3\n83-2024-11-29-00004 - Acte Administratif (12 pages) Page 6\nPr\u00e9fecture du VAR / Direction de la coordination des politiques publiques\net de l'appui territorial\n83-2024-12-05-00009 - Arr\u00eat\u00e9 pr\u00e9fectoral du 5 d\u00e9cembre 2024\n (13\npages) Page 19\nPr\u00e9fecture du VAR / Direction des s\u00e9curit\u00e9s\n83-2024-12-06-00002 - AP modificatif IDSR 2024-03 du 06 12 2021-RAA (4\npages) Page 33\nSecr\u00e9tariat g\u00e9n\u00e9ral commun d\u00e9partemental / Direction du SGCD\n83-2024-12-05-00007 - Arr\u00eat\u00e9 n\u00b0SGC/2024 du 5 d\u00e9cembre 2024\nportant subd\u00e9l\u00e9gation de signature et d'ordonnancement secondaire\naux cadres du secr\u00e9tariat g\u00e9n\u00e9ral commun d\u00e9partemental du Var\n(9 pages) Page 38\n2\nDirection d\u00e9partementale de l'emploi, du travail\net des solidarit\u00e9s du Var\n83-2024-12-05-00008\n814-2024-recepisse declaration SERRET\nNATHALIE du 05122024\nDirection d\u00e9partementale de l'emploi, du travail et des solidarit\u00e9s du Var - 83-2024-12-05-00008 - 814-2024-recepisse declaration\nSERRET NATHALIE du 05122024 3\nx = \u2014\nLibert\u00e9  + Egalit\u00e9  + Fraternit\u00e9\nR\u00c9PUBLIQUE  FRAN\u00c7AISE\nR\u00e9c\u00e9piss\u00e9 de d\u00e9claration\nd'un organisme de services \u00e0 la personne\nenregistr\u00e9 sous le N\u00b0 SAP750492530\nVu le code du travail et notamment les articles L.7231-1 \u00e0 L.7233-2, R.7232-16 \u00e0 R.7232-22, D.7231-1 et\nD.7233-1 \u00e0 D.7233-5 ; \nVu la demande de d\u00e9claration d\u00e9pos\u00e9e par l'organisme Nathalie SERRET, 555 Route du Violon -\n83600 Les Adrets-de-l'Est\u00e9rel, le 18/11/24  ;\nLe pr\u00e9fet du Var\nConstate : \nQu'une d\u00e9claration d'activit\u00e9s de services \u00e0 la personne a \u00e9t\u00e9 d\u00e9pos\u00e9e aupr\u00e8s du service instructeur\ndu Var, le 18/11/24 par Mme. Nathalie SERRET en qualit\u00e9 de dirigeant(e), pour l'organisme Nathalie\nSERRET dont l'\u00e9tablissement principal est situ\u00e9 555 Route du Violon  83600 Les Adrets-de-l'Est\u00e9rel et\nenregistr\u00e9 sous le N\u00b0 SAP750492530 pour les activit\u00e9s suivantes :\n  \u2022   Soutien scolaire ou cours \u00e0 domicile (mode d'intervention Prestataire)\nToute  modification  concernant  les  activit\u00e9s  exerc\u00e9es  devra  faire  l'objet  d'une  d\u00e9claration\nmodificative pr\u00e9alable.\nSous r\u00e9serve d'\u00eatre exerc\u00e9es \u00e0 titre exclusif (ou sous r\u00e9serve d'une comptabilit\u00e9 s\u00e9par\u00e9e pour les\npersonnes  morales  dispens\u00e9es  de  cette  condition),  ces  activit\u00e9s  ouvrent  droit  au  b\u00e9n\u00e9fice  des\ndispositions des articles L. 7233-2 du code du travail et L.241-10 du code de la s\u00e9curit\u00e9 sociale dans\nles conditions pr\u00e9vues par ces articles.\nLes effets de la d\u00e9claration courent \u00e0 compter du jour du d\u00e9p\u00f4t de la d\u00e9claration sous r\u00e9serve des\ndispositions de l'article R.7232-18 du code du travail. Le pr\u00e9sent r\u00e9c\u00e9piss\u00e9 n'est pas limit\u00e9 dans le\ntemps. La d\u00e9claration a une port\u00e9e nationale.\nL'enregistrement de la d\u00e9claration peut \u00eatre retir\u00e9 dans les conditions fix\u00e9es aux articles R.7232-\n20  \u00e0  R.7232-22  du  code  du  travail.  Le  pr\u00e9sent  r\u00e9c\u00e9piss\u00e9  sera  publi\u00e9  au  recueil  des  actes\nadministratifs de la pr\u00e9fecture.\nLe pr\u00e9sent r\u00e9c\u00e9piss\u00e9 peut, \u00e0 compter de sa notification, faire l'objet d'un recours gracieux aupr\u00e8s\nservice instructeur du Var ou d'un recours hi\u00e9rarchique adress\u00e9 au ministre charg\u00e9 de l'\u00e9conomie -\nDirection g\u00e9n\u00e9rale des entreprises \u2013 sous-direction des services marchands, 61 Boulevard Vincent\nAuriol, 75703 PARIS CEDEX 13.\nIl peut \u00e9galement faire l'objet d'un recours contentieux dans un d\u00e9lai de deux mois \u00e0 compter de sa\nnotification aupr\u00e8s du tribunal administratif de Toulon. Le tribunal administratif peut aussi \u00eatre saisi\npar  l'application  informatique  \u00ab  T\u00e9l\u00e9recours  citoyen  \u00bb  accessible  sur  le  site  internet\nhttp://www.telerecours.fr/\nEn cas de rejet du recours gracieux ou hi\u00e9rarchique ou en l'absence de r\u00e9ponse \u00e0 ce recours (rejet\nimplicite), un recours contentieux devant le tribunal administratif de Toulon peut \u00e9galement \u00eatre\nform\u00e9 contre la d\u00e9cision initiale dans un d\u00e9lai de deux mois \u00e0 compter de ce rejet. \n Pour le Pr\u00e9fet et par d\u00e9l\u00e9gation\nPour le Directeur d\u00e9partemental \nde l'emploi, du travail et des solidarit\u00e9s du Var \nLa cheffe du service accompagnement \ndes entreprises et d\u00e9veloppement des territoires\nSign\u00e9 : S\u00e9verine LARDERET\nFait \u00e0 CS 31209 - 83070 TOULON Cedex, le 05/12/24\nDDETS du Var\nDirection d\u00e9partementale de l'emploi, du travail et des solidarit\u00e9s du Var - 83-2024-12-05-00008 - 814-2024-recepisse declaration\nSERRET NATHALIE du 05122024 4\nDirection d\u00e9partementale de l'emploi, du travail et des solidarit\u00e9s du Var - 83-2024-12-05-00008 - 814-2024-recepisse declaration\nSERRET NATHALIE du 05122024 5\nDirection d\u00e9partementale de l'emploi, du travail\net des solidarit\u00e9s du Var\n83-2024-11-29-00004\nActe Administratif\nDirection d\u00e9partementale de l'emploi, du travail et des solidarit\u00e9s du Var - 83-2024-11-29-00004 - Acte Administratif 6\nES\nMINISTERE\nDU TRAVAIL\nET DE L'EMPLO]\nLibert\u00e9\nEgalit\u00e9\nFraternit\u00e9\nDirection r\u00e9gionale\nde l'\u00e9conomie de l'emploi\ndu travail et des solidarit\u00e9s\nProvence Alpes C\u00f4te d'Azur\nDECISION portant affectation des agents de contr\u00f4le des services d'inspection du travail \net gestion des int\u00e9rims et suppl\u00e9ances de l'unit\u00e9 d\u00e9partementale du Var\nLe directeur r\u00e9gional de l'\u00e9conomie, de l'emploi, du travail et des solidarit\u00e9s de la r\u00e9gion Provence Alpes C\u00f4te\nd'Azur,\nVu le code du travail, notamment ses articles R. 8122-3 et suivants,\nVu le d\u00e9cret n\u00b0 2020-1545 du 9 d\u00e9cembre 2020 relatif \u00e0 l'organisation et aux missions des directions r\u00e9gionales de\nl'\u00e9conomie, de l'emploi, du travail et des solidarit\u00e9s, des directions d\u00e9partementales de l'emploi, du travail et des\nsolidarit\u00e9s  et  des  directions  d\u00e9partementales  de  l'emploi,  du  travail,  des  solidarit\u00e9s  et  de  la  protection  des\npopulations,\nVu l'arr\u00eat\u00e9 minist\u00e9riel du 25 mars 2024 portant r\u00e9partition des unit\u00e9s de contr\u00f4le de l'inspection du travail,\nVu la d\u00e9cision du DREETS du 30 janvier 2024 relative \u00e0 la localisation et \u00e0 la d\u00e9limitation des unit\u00e9s de contr\u00f4le\net des sections d'inspection du travail pour la direction d\u00e9partementale de l'emploi, du travail et des solidarit\u00e9s du\nVar,\nDECIDE\nArticle 1 : Sont nomm\u00e9s comme responsables des unit\u00e9s de contr\u00f4le de direction d\u00e9partementale de l'emploi, du\ntravail et des solidarit\u00e9s du Var les agents suivants :\n-Unit\u00e9 de contr\u00f4le UC1 - Var Ouest : Madame GRIMA Virginie\n-Unit\u00e9 de contr\u00f4le UC2 - Var Centre : Madame SAUVIAT B\u00e9atrice\n-Unit\u00e9 de contr\u00f4le UC3 - Var Est : Monsieur AMIC J\u00e9r\u00e9my\nArticle 2 :  Sans pr\u00e9judice des dispositions de l'article R.8122-10-I du Code du travail et conform\u00e9ment aux\ndispositions de l'article R.8122-11 du Code du travail, sont affect\u00e9s dans les sections d'inspection de la direction\nd\u00e9partementale de l'emploi, du travail et des solidarit\u00e9s du Var les agents suivants :\nAu sein de l'unit\u00e9 de contr\u00f4le \"UC1 - Var Ouest\" :\nSection 83-01-01 : Madame Sonia RAMI, inspectrice du travail  \nSection 83-01-02 : Section vacante\nSection 83-01-03 : Monsieur Riad KABACHE, inspecteur du travail\nSection 83-01-04 : section vacante\nSection 83-01-05 : Madame Laurie JORDA, inspectrice du travail  \nSection 83-01-06 : Monsieur Gilles TORRENTE, inspecteur du travail\nSection 83-01-07 : Madame Sylvie MUTEL, inspectrice  du travail\nSection 83-01-08 : Madame Catherine PLANTEGENEST, inspectrice du travail\nSection 83-01-09 : Madame Florence BOURELLY,  inspectrice du travail\nDirection d\u00e9partementale de l'emploi, du travail et des solidarit\u00e9s du Var - 83-2024-11-29-00004 - Acte Administratif 7\nAu sein de l'Unit\u00e9 de contr\u00f4le \u00ab UC2 - Var Centre \u00bb :\nSection 83-02-01 : Monsieur Tom FILIPPI, inspecteur du travail  \nSection 83-02-02 : Madame Roselyne SOULE, inspectrice du travail\nSection 83-02-03 : Section vacante \nSection 83-02-04 : Madame Malika MAUCOURT, inspectrice du travail\nSection 83-02-05 : Monsieur Vivien DE FARIA, inspecteur du travail  \nSection 83-02-06 : Monsieur J\u00e9r\u00e9my MOREL, inspecteur du travail  \nSection 83-02-07 : Madame Nathalie TENDIL, inspectrice du travail\nSection 83-02-08 : Monsieur Fr\u00e9d\u00e9ric MARTIN, inspecteur du travail  \nAu sein de l'Unit\u00e9 de contr\u00f4le \u00ab UC3 - Var Est \u00bb :\nSection 83-03-01 : Monsieur Yves-Laurent DAADOUN, inspecteur du travail\nSection 83-03-02 : Madame Asmaa FRANCOIS, inspectrice du travail  \nSection 83-03-03 : section vacante\nSection 83-03-04 : Monsieur  Fabian DARCISSAC, inspecteur du travail\nSection 83-03-05 : Madame Sandie FARGIER, inspectrice du travail \nSection 83-03-06 : Madame Isabelle DEMELLIER, inspectrice du travail\nSection 83-03-07 : Monsieur Julien POSTEL, inspecteur du travail \nSection 83-03-08 : Monsieur  Guillaume BESSET, inspecteur du travail  \nSection 83-03-09 : Monsieur David SAVELLI, inspecteur du travail\nArticle 3 : En cas d'absence ou d'emp\u00eachement d'un ou plusieurs agents de contr\u00f4le d\u00e9sign\u00e9s aux articles 1 et\n2, l'int\u00e9rim est organis\u00e9 selon les modalit\u00e9s ci-apr\u00e8s :\nAu sein de l'unit\u00e9 de contr\u00f4le \"UC1 - Var Ouest\" :\n\uf0b7L'int\u00e9rim du responsable de l'unit\u00e9 de contr\u00f4le est assur\u00e9 par l'un des responsables des unit\u00e9s de\ncontr\u00f4le \"UC2 - Var Centre\" ou \"UC3 - Var Est\"\n\uf0b7L'int\u00e9rim de l'inspecteur du travail de la section 83-01-01 est assur\u00e9 par l'inspecteur du travail de \nla section 83-01-03 ou en cas d'absence ou d'emp\u00eachement de ce dernier par l'inspecteur du travail de \nla section 83-01-05 ou en cas d'absence ou d'emp\u00eachement de ce dernier par l'inspecteur du travail de \nla section 83-01-06 ou en cas d'absence ou d'emp\u00eachement de ce dernier par l'inspecteur du travail de \nla section 83-01-07 ou en cas d'absence ou d'emp\u00eachement de ce dernier par l'inspecteur du travail de \nla section 83-01-08 ou en cas d'absence ou d'emp\u00eachement de ce dernier par l'inspecteur du travail de \nla section 83-01-09 ou en cas d'absence ou d'emp\u00eachement de ce dernier par l'inspecteur du travail de \nla section 83-02-01 ou en cas d'absence ou d'emp\u00eachement de ce dernier par l'inspecteur du travail de \nla section 83-02-02 ou en cas d'absence ou d'emp\u00eachement de ce dernier par l'inspecteur du travail de \nla section 83-02-04 ou en cas d'absence ou d'emp\u00eachement de ce dernier par l'inspecteur du travail de \nla section 83-02-05 ou en cas d'absence ou d'emp\u00eachement de ce dernier par l'inspecteur du travail de \nla section 83-02-06 ou en cas d'absence ou d'emp\u00eachement de ce dernier par l'inspecteur du travail de \nla section 83-02-07 ou en cas d'absence ou d'emp\u00eachement de ce dernier par l'inspecteur du travail de \nla section 83-02-08 ou en cas d'absence ou d'emp\u00eachement de ce dernier par l'inspecteur du travail de \nla section 83-03-01 ou en cas d'absence ou d'emp\u00eachement de ce dernier par l'inspecteur du travail de \nla section 83-03-02 ou en cas d'absence ou d'emp\u00eachement de ce dernier par l'inspecteur du travail de \nla section 83-03-04 ou en cas d'absence ou d'emp\u00eachement de ce dernier par l'inspecteur du travail de \nla  section 83-03-05 ou en cas d'absence ou d'emp\u00eachement de ce dernier par l'inspecteur du travail de \nla  section 83-03-06 ou en cas d'absence ou d'emp\u00eachement de ce dernier par l'inspecteur du travail de \nla  section 83-03-07 ou en cas d'absence ou d'emp\u00eachement de ce dernier par l'inspecteur du travail de \nla section 83-03-08 ou en cas d'absence ou d'emp\u00eachement de ce dernier par l'inspecteur du travail de \nla section 83-03-09\n\uf0b7L'int\u00e9rim de l'inspecteur du travail de la section 83-01-03 est assur\u00e9 par l'inspecteur du travail de la\nsection 83-01-05 ou en cas d'absence ou d'emp\u00eachement de ce dernier par l'inspecteur du travail de la  \nsection 83-01-06 ou en cas d'absence ou d'emp\u00eachement de ce dernier par l'inspecteur du travail de la  \nsection 83-01-07 ou en cas d'absence ou d'emp\u00eachement de ce dernier par l'inspecteur du travail de la  \nsection 83-01-08 ou en cas d'absence ou d'emp\u00eachement de ce dernier par l'inspecteur du travail de la  \nsection 83-01-09 ou en cas d'absence ou d'emp\u00eachement de ce dernier par l'inspecteur du travail de la  \n2Direction d\u00e9partementale de l'emploi, du travail et des solidarit\u00e9s du Var - 83-2024-11-29-00004 - Acte Administratif 8\nsection 83-01-01 ou en cas d'absence ou d'emp\u00eachement de ce dernier par l'inspecteur du travail de la \nsection 83-02-01 ou en cas d'absence ou d'emp\u00eachement de ce dernier par l'inspecteur du travail de la  \nsection 83-02-02 ou en cas d'absence ou d'emp\u00eachement de ce dernier par l'inspecteur du travail de la  \nsection 83-02-04 ou en cas d'absence ou d'emp\u00eachement de ce dernier par l'inspecteur du travail de la  \nsection 83-02-05 ou en cas d'absence ou d'emp\u00eachement de ce dernier par l'inspecteur du travail de la  \nsection 83-02-06 ou en cas d'absence ou d'emp\u00eachement de ce dernier par l'inspecteur du travail de la \nsection 83-02-07 ou en cas d'absence ou d'emp\u00eachement de ce dernier par l'inspecteur du travail de la  \nsection 83-02-08 ou en cas d'absence ou d'emp\u00eachement de ce dernier par l'inspecteur du travail de la  \nsection 83-03-01 ou en cas d'absence ou d'emp\u00eachement de ce dernier par l'inspecteur du travail de la  \nsection 83-03-02 ou en cas d'absence ou d'emp\u00eachement de ce dernier par l'inspecteur du travail de la  \nsection 83-03-04 ou en cas d'absence ou d'emp\u00eachement de ce dernier par l'inspecteur du travail de la \nsection 83-03-05 ou en cas d'absence ou d'emp\u00eachement de ce dernier par l'inspecteur du travail de la \nsection 83-03-06 ou en cas d'absence ou d'emp\u00eachement de ce dernier par l'inspecteur du travail de la \nsection 83-03-07 ou en cas d'absence ou d'emp\u00eachement de ce dernier par l'inspecteur du travail de la  \nsection 83-03-08 ou en cas d'absence ou d'emp\u00eachement de ce dernier par l'inspecteur du travail de la  \nsection 83-03-09\n\uf0b7L'int\u00e9rim de l'inspecteur du travail de la section 83-01-05 est assur\u00e9 par l'inspecteur du travail de la\nsection 83-01-06 ou en cas d'absence ou d'emp\u00eachement de  ce dernier par l'inspecteur du travail de la\nsection 83-01-07 ou en cas d'absence ou d'emp\u00eachement de ce dernier par l'inspecteur du travail de la\nsection 83-01-08 ou en cas d'absence ou d'emp\u00eachement de ce dernier par l'inspecteur du travail de la\nsection 83-01-09 ou en cas d'absence ou d'emp\u00eachement de ce dernier par l'inspecteur du travail de la \nsection 83-01-01 ou en cas d'absence ou d'emp\u00eachement de ce dernier par l'inspecteur du travail de la\nsection 83-01-03 ou en cas d'absence ou d'emp\u00eachement de ce dernier par l'inspecteur du travail de la\nsection 83-02-01 ou en cas d'absence ou d'emp\u00eachement de ce dernier par l'inspecteur du travail de la\nsection 83-02-02 ou en cas d'absence ou d'emp\u00eachement de ce dernier par l'inspecteur du travail de la\nsection 83-02-04 ou en cas d'absence ou d'emp\u00eachement de ce dernier par l'inspecteur du travail de la\nsection 83-02-05 ou en cas d'absence ou d'emp\u00eachement de ce dernier par l'inspecteur du travail de la\nsection 83-02-06 ou en cas d'absence ou d'emp\u00eachement de ce dernier par l'inspecteur du travail de la\nsection 83-02-07 ou en cas d'absence ou d'emp\u00eachement de ce dernier par l'inspecteur du travail de la\nsection 83-02-08 ou en cas d'absence ou d'emp\u00eachement de ce dernier par l'inspecteur du travail de la\nsection 83-03-01 ou en cas d'absence ou d'emp\u00eachement de ce dernier par l'inspecteur du travail de la\nsection 83-03-02 ou en cas d'absence ou d'emp\u00eachement de ce dernier par l'inspecteur du travail de la\nsection 83-03-04 ou en cas d'absence ou d'emp\u00eachement de ce dernier par l'inspecteur du travail de la\nsection 83-03-05 ou en cas d'absence ou d'emp\u00eachement de ce dernier par l'inspecteur du travail de la\nsection 83-03-06 ou en cas d'absence ou d'emp\u00eachement de ce dernier par l'inspecteur du travail de la\nsection 83-03-07 ou en cas d'absence ou d'emp\u00eachement de ce dernier par l'inspecteur du travail de la\nsection 83-03-08 ou en cas d'absence ou d'emp\u00eachement de ce dernier par l'inspecteur du travail de la\nsection 83-03-09\n\uf0b7L'int\u00e9rim de l'inspecteur du travail de la section 83-01-06 est assur\u00e9 par l'inspecteur du travail de la\nsection 83-01-07 ou en cas d'absence ou d'emp\u00eachement de ce dernier par l'inspecteur du travail de la\nsection 83-01-08 ou en cas d'absence ou d'emp\u00eachement de ce dernier par l'inspecteur du travail de la\nsection 83-01-09 ou en cas d'absence ou d'emp\u00eachement de ce dernier par l'inspecteur du travail de la \nsection 83-01-01 ou en cas d'absence ou d'emp\u00eachement de ce dernier par l'inspecteur du travail de la\nsection 83-01-03 ou en cas d'absence ou d'emp\u00eachement de ce dernier par l'inspecteur du travail de la\nsection 83-01-05 ou en cas d'absence ou d'emp\u00eachement de ce dernier par l'inspecteur du travail de la\nsection 83-02-01 ou en cas d'absence ou d'emp\u00eachement de ce dernier par l'inspecteur du travail de la\nsection 83-02-02 ou en cas d'absence ou d'emp\u00eachement de ce dernier par l'inspecteur du travail de la\nsection 83-02-04 ou en cas d'absence ou d'emp\u00eachement de ce dernier par l'inspecteur du travail de la\nsection 83-02-05 ou en cas d'absence ou d'emp\u00eachement de ce dernier par l'inspecteur du travail de la\nsection 83-02-06 ou en cas d'absence ou d'emp\u00eachement de ce dernier par l'inspecteur du travail de la\nsection 83-02-07 ou en cas d'absence ou d'emp\u00eachement de ce dernier par l'inspecteur du travail de la\nsection 83-02-08 ou en cas d'absence ou d'emp\u00eachement de ce dernier par l'inspecteur du travail de la\nsection 83-03-01 ou en cas d'absence ou d'emp\u00eachement de ce dernier par l'inspecteur du travail de la\nsection 83-03-02 ou en cas d'absence ou d'emp\u00eachement de ce dernier par l'inspecteur du travail de la\nsection 83-03-04 ou en cas d'absence ou d'emp\u00eachement de ce dernier par l'inspecteur du travail de la\nsection 83-03-05 ou en cas d'absence ou d'emp\u00eachement de ce dernier par l'inspecteur du travail de la\nsection 83-03-06 ou en cas d'absence ou d'emp\u00eachement de ce dernier par l'inspecteur du travail de la\nsection 83-03-07 ou en cas d'absence ou d'emp\u00eachement de ce dernier par l'inspecteur du travail de la\nsection 83-03-08 ou en cas d'absence ou d'emp\u00eachement de ce dernier par l'inspecteur du travail de la\nsection 83-03-09\n3Direction d\u00e9partementale de l'emploi, du travail et des solidarit\u00e9s du Var - 83-2024-11-29-00004 - Acte Administratif 9\n\uf0b7L'int\u00e9rim de l'inspecteur du travail de la section 83-01-07 est assur\u00e9 par l'inspecteur du travail de la\nsection 83-01-08 ou en cas d'absence ou d'emp\u00eachement de ce dernier par l'inspecteur du travail de la  \nsection 83-01-09 ou en cas d'absence ou d'emp\u00eachement de ce dernier par l'inspecteur du travail de la \nsection 83-01-01 ou en cas d'absence ou d'emp\u00eachement de ce dernier par l'inspecteur du travail de la\nsection 83-01-03 ou en cas d'absence ou d'emp\u00eachement de ce dernier par l'inspecteur du travail de la  \nsection 83-01-05 ou en cas d'absence ou d'emp\u00eachement de ce dernier par l'inspecteur du travail de la  \nsection 83-01-06 ou en cas d'absence ou d'emp\u00eachement de ce dernier par l'inspecteur du travail de la  \nsection 83-02-01 ou en cas d'absence ou d'emp\u00eachement de ce dernier par l'inspecteur du travail de la  \nsection 83-02-02 ou en cas d'absence ou d'emp\u00eachement de ce dernier par l'inspecteur du travail de la   \nsection 83-02-04 ou en cas d'absence ou d'emp\u00eachement de ce dernier par l'inspecteur du travail de la  \nsection 83-02-05 ou en cas d'absence ou d'emp\u00eachement de ce dernier par l'inspecteur du travail de la  \nsection 83-02-06 ou en cas d'absence ou d'emp\u00eachement de ce dernier par l'inspecteur du travail de la  \nsection 83-02-07 ou en cas d'absence ou d'emp\u00eachement de ce dernier par l'inspecteur du travail de la\nsection 83-02-08 ou en cas d'absence ou d'emp\u00eachement de ce dernier par l'inspecteur du travail de la  \nsection 83-03-01 ou en cas d'absence ou d'emp\u00eachement de ce dernier par l'inspecteur du travail de la  \nsection 83-03-02 ou en cas d'absence ou d'emp\u00eachement de ce dernier par l'inspecteur du travail de la \nsection 83-03-04 ou en cas d'absence ou d'emp\u00eachement de ce dernier par l'inspecteur du travail de la  \nsection 83-03-05 ou en cas d'absence ou d'emp\u00eachement de ce dernier par l'inspecteur du travail de la\nsection 83-03-06 ou en cas d'absence ou d'emp\u00eachement de ce dernier par l'inspecteur du travail de\nsection 83-03-07 ou en cas d'absence ou d'emp\u00eachement de ce dernier par l'inspecteur du travail de la\nsection 83-03-08 ou en cas d'absence ou d'emp\u00eachement de  ce dernier par l'inspecteur du travail de la\nsection 83-03-09 \n\uf0b7L'int\u00e9rim de l'inspecteur du travail de la section 83-01-08 est assur\u00e9 par l'inspecteur du travail de la\nsection 83-01-09 ou en cas d'absence ou d'emp\u00eachement de ce dernier par l'inspecteur du travail de la \nsection 83-01-01 ou en cas d'absence ou d'emp\u00eachement de ce dernier par l'inspecteur du travail de la\nsection 83-01-03 ou en cas d'absence ou d'emp\u00eachement de ce dernier par l'inspecteur du travail de la  \nsection 83-01-05 ou en cas d'absence ou d'emp\u00eachement de ce dernier par l'inspecteur du travail de la  \nsection 83-01-06 ou en cas d'absence ou d'emp\u00eachement de ce dernier par l'inspecteur du travail de la  \nsection 83-01-07 ou en cas d'absence ou d'emp\u00eachement de ce dernier par l'inspecteur du travail de la  \n section 83-02-01 ou en cas d'absence ou d'emp\u00eachement de ce dernier par l'inspecteur du travail de la  \n                      section 83-02-02 ou en cas d'absence ou d'emp\u00eachement de ce dernier par l'inspecteur du travail de la  \nsection 83-02-04 ou en cas d'absence ou d'emp\u00eachement de ce dernier par l'inspecteur du travail de la  \nsection 83-02-05 ou en cas d'absence ou d'emp\u00eachement de ce dernier par l'inspecteur du travail de la  \nsection 83-02-06 ou en cas d'absence ou d'emp\u00eachement de ce dernier par l'inspecteur du travail de la  \nsection 83-02-07 ou en cas d'absence ou d'emp\u00eachement de ce dernier par l'inspecteur du travail de la\nsection 83-02-08 ou en cas d'absence ou d'emp\u00eachement de ce dernier par l'inspecteur du travail de la  \nsection 83-03-01 ou en cas d'absence ou d'emp\u00eachement de ce dernier par l'inspecteur du travail de la  \nsection 83-03-02 ou en cas d'absence ou d'emp\u00eachement de ce dernier par l'inspecteur du travail de la \nsection 83-03-04 ou en cas d'absence ou d'emp\u00eachement de ce dernier par l'inspecteur du travail de la  \nsection 83-03-05 ou en cas d'absence ou d'emp\u00eachement de ce dernier par l'inspecteur du travail de\nla section 83-03-06 ou en cas d'absence ou d'emp\u00eachement de ce dernier par l'inspecteur du travail de\nsection 83-03-07 ou en cas d'absence ou d'emp\u00eachement de ce dernier par l'inspecteur du travail de la\nsection 83-03-08 ou en cas d'absence ou d'emp\u00eachement de ce dernier par l'inspecteur du travail de la\nsection 83-03-09\n\uf0b7L'int\u00e9rim de l'inspecteur du travail de la sectio n 83-01-09 est assur\u00e9 par l'inspecteur du travail de \nla section 83-01-01 ou en cas d'absence ou d'emp\u00eachement de ce dernier par l'inspecteur du travail de la  \nsection 83-01-03 ou en cas d'absence ou d'emp\u00eachement de ce dernier par l'inspecteur du travail de la  \nsection 83-01-05 ou en cas d'absence ou d'emp\u00eachement de ce dernier par l'inspecteur du travail de la  \nsection 83-01-06 ou en cas d'absence ou d'emp\u00eachement de ce dernier par l'inspecteur du travail de la  \nsection 83-01-07 ou en cas d'absence ou d'emp\u00eachement de ce dernier par l'inspecteur du travail de la  \nsection 83-01-08 ou en cas d'absence ou d'emp\u00eachement de ce dernier par l'inspecteur du travail de la  \nsection 83-02-01 ou en cas d'absence ou d'emp\u00eachement de ce dernier par l'inspecteur du travail de la  \nsection 83-02-02 ou en cas d'absence ou d'emp\u00eachement de ce dernier par l'inspecteur du travail de la  \nsection 83-02-04 ou en cas d'absence ou d'emp\u00eachement de ce dernier par l'inspecteur du travail de la  \nsection 83-02-05 ou en cas d'absence ou d'emp\u00eachement de ce dernier par l'inspecteur du travail de la  \nsection 83-02-06 ou en cas d'absence ou d'emp\u00eachement de ce dernier par l'inspecteur du travail de la  \nsection 83-02-07 ou en cas d'absence ou d'emp\u00eachement de ce dernier par l'inspecteur du travail de la\nsection 83-02-08 ou en cas d'absence ou d'emp\u00eachement de ce dernier par l'inspecteur du travail de la  \nsection 83-03-01 ou en cas d'absence ou d'emp\u00eachement de ce dernier par l'inspecteur du travail de la  \nsection 83-03-02 ou en cas d'absence ou d'emp\u00eachement de ce dernier par l'inspecteur du travail de la  \nsection 83-03-04 ou en cas d'absence ou d'emp\u00eachement de ce dernier par l'inspecteur du travail de la  \n4Direction d\u00e9partementale de l'emploi, du travail et des solidarit\u00e9s du Var - 83-2024-11-29-00004 - Acte Administratif 10\nsection 83-03-05 ou en cas d'absence ou d'emp\u00eachement de ce dernier par l'inspecteur du travail de\nla section 83-03-06 ou en cas d'absence ou d'emp\u00eachement de ce dernier par l'inspecteur du travail de\nla section 83-03-07 ou en cas d'absence ou d'emp\u00eachement de ce dernier par l'inspecteur du travail de la\nla section 83-03-08 ou en cas d'absence ou d'emp\u00eachement de ce dernier par l'inspecteur du travail de\nla section 83-03-09\nAu sein de l'unit\u00e9 de contr\u00f4le \"UC2 - Var Centre\" :\n\uf0b7L'int\u00e9rim du responsable de l'unit\u00e9 de contr\u00f4le est assur\u00e9 par l'un des responsables des unit\u00e9s de\ncontr\u00f4le \"UC1 - Var Ouest\" ou \"UC3 - Var Est\"\nL'int\u00e9rim de l'inspecteur du travail de la section 83-02-01 est assur\u00e9 par l'inspecteur du travail de la\nsection 83-02-02 ou en cas d'absence ou d'emp\u00eachement de ce dernier par l'inspecteur du travail de la  \nsection 83-02-04 ou en cas d'absence ou d'emp\u00eachement de ce dernier par l'inspecteur du travail de la  \nsection 83-02-05 ou en cas d'absence ou d'emp\u00eachement de ce dernier par l'inspecteur du travail de la  \nsection 83-02-06 ou en cas d'absence ou d'emp\u00eachement de ce dernier par l'inspecteur du travail de la  \nsection 83-02-07 ou en cas d'absence ou d'emp\u00eachement de ce dernier par l'inspecteur du travail de la\nsection 83-02-08 ou en cas d'absence ou d'emp\u00eachement de ce dernier par l'inspecteur du travail de la  \nsection 83-03-01 ou en cas d'absence ou d'emp\u00eachement de ce dernier par l'inspecteur du travail de la  \nsection 83-03-02 ou en cas d'absence ou d'emp\u00eachement de ce dernier par l'inspecteur du travail de la\nsection 83-03-04 ou en cas d'absence ou d'emp\u00eachement de ce dernier par l'inspecteur du travail de la  \nsection 83-03-05 ou en cas d'absence ou d'emp\u00eachement de ce dernier par l'inspecteur du travail de la\nsection 83-03-06 ou en cas d'absence ou d'emp\u00eachement de ce dernier par l'inspecteur du travail de la  \nsection 83-03-07 ou en cas d'absence ou d'emp\u00eachement de ce dernier par l'inspecteur du travail de la\nsection 83-03-08 ou en cas d'absence ou d'emp\u00eachement de ce dernier par l'inspecteur du travail de la  \n          section 83-03-09 ou en cas d'absence ou d'emp\u00eachement de ce dernier par l'inspecteur du travail de la  \nsection 83-01-01 ou en cas d'absence ou d'emp\u00eachement de ce dernier par l'inspecteur du travail de la\n         section 83-01-03 ou en cas d'absence ou d'emp\u00eachement de ce dernier par l'inspecteur du travail de la  \n         section 83-01-05 ou en cas d'absence ou d'emp\u00eachement de ce dernier par l'inspecteur du travail de la  \n         section 83-01-06 ou en cas d'absence ou d'emp\u00eachement de ce dernier par l'inspecteur du travail de la  \n         section 83-01-07 ou en cas d'absence ou d'emp\u00eachement de  ce dernier par l'inspecteur du travail de la \n         section 83-01-08 ou en cas d'absence ou d'emp\u00eachement de ce dernier par l'inspecteur du travail de la \n                                                                              section 83-01-09 \n\uf0b7L'int\u00e9rim de l'inspecteur du travail de la section 83-02-02 est assur\u00e9 par l'inspecteur du travail de la\nsection 83-02-04 ou en cas d'absence ou d'emp\u00eachement de ce dernier par l'inspecteur du travail de la  \nsection 83-02-05 ou en cas d'absence ou d'emp\u00eachement de ce dernier par l'inspecteur du travail de la  \nsection 83-02-06 ou en cas d'absence ou d'emp\u00eachement de ce dernier par l'inspecteur du travail de la  \nsection 83-02-07 ou en cas d'absence ou d'emp\u00eachement de ce dernier par l'inspecteur du travail de la\nsection 83-02-08 ou en cas d'absence ou d'emp\u00eachement de ce dernier par l'inspecteur du travail de la  \nsection 83-02-01 ou en cas d'absence ou d'emp\u00eachement de ce dernier par l'inspecteur du travail de la  \nsection 83-03-01 ou en cas d'absence ou d'emp\u00eachement de ce dernier par l'inspecteur du travail de la  \nsection 83-03-02 ou en cas d'absence ou d'emp\u00eachement de ce dernier par l'inspecteur du travail de la  \nsection 83-03-04 ou en cas d'absence ou d'emp\u00eachement de ce dernier par l'inspecteur du travail de la  \nsection 83-03-05 ou en cas d'absence ou d'emp\u00eachement de ce dernier par l'inspecteur du travail de la\nsection 83-03-06 ou en cas d'absence ou d'emp\u00eachement de ce dernier par l'inspecteur du travail de la  \nsection 83-03-07 ou en cas d'absence ou d'emp\u00eachement de ce dernier par l'inspecteur du travail de la\nsection 83-03-08 ou en cas d'absence ou d'emp\u00eachement de ce dernier par l'inspecteur du travail de la  \nsection 83-03-09 ou en cas d'absence ou d'emp\u00eachement de ce dernier par l'inspecteur du travail de la  \nsection 83-01-01 ou en cas d'absence ou d'emp\u00eachement de ce dernier par l'inspecteur du travail de la\nsection 83-01-03 ou en cas d'absence ou d'emp\u00eachement de ce dernier par l'inspecteur du travail de la  \nsection 83-01-05 ou en cas d'absence ou d'emp\u00eachement de ce dernier par l'inspecteur du travail de la  \nsection 83-01-06 ou en cas d'absence ou d'emp\u00eachement de ce dernier par l'inspecteur du travail de la  \nsection 83-01-07 ou en cas d'absence ou d'emp\u00eachement de ce dernier par l'inspecteur du travail de la  \nsection 83-01-08 ou en cas d'absence ou d'emp\u00eachement de ce dernier par l'inspecteur du travail de la \n section 83-01-09.\n\uf0b7L'int\u00e9rim de l'inspecteur du travail de la section 83-02-04 est assur\u00e9 par l'inspecteur du travail de la\nsection 83-02-05 ou en cas d'absence ou d'emp\u00eachement de ce dernier par l'inspecteur du travail de la  \nsection 83-02-06 ou en cas d'absence ou d'emp\u00eachement de ce dernier par l'inspecteur du travail de la  \nsection 83-02-07 ou en cas d'absence ou d'emp\u00eachement de ce dernier par l'inspecteur du travail de la \nsection 83-02-08 ou en cas d'absence ou d'emp\u00eachement de ce dernier par l'inspecteur du travail de la  \n5Direction d\u00e9partementale de l'emploi, du travail et des solidarit\u00e9s du Var - 83-2024-11-29-00004 - Acte Administratif 11\nsection 83-02-01 ou en cas d'absence ou d'emp\u00eachement de ce dernier par l'inspecteur du travail de la  \nsection 83-02-02 ou en cas d'absence ou d'emp\u00eachement de ce dernier par l'inspecteur du travail de la  \nsection 83-03-01 ou en cas d'absence ou d'emp\u00eachement de ce dernier par l'inspecteur du travail de la  \nsection 83-03-02 ou en cas d'absence ou d'emp\u00eachement de ce dernier par l'inspecteur du travail de la  \nsection 83-03-04 ou en cas d'absence ou d'emp\u00eachement de ce dernier par l'inspecteur du travail de la  \nsection 83-03-05 ou en cas d'absence ou d'emp\u00eachement de ce dernier par l'inspecteur du travail de la\nsection 83-03-06 ou en cas d'absence ou d'emp\u00eachement de ce dernier par l'inspecteur du travail de la\n     section 83-03-07 ou en cas d'absence ou d'emp\u00eachement de ce dernier par l'inspecteur du travail de la\nsection 83-03-08 ou en cas d'absence ou d'emp\u00eachement de ce dernier par l'inspecteur du travail de la\nsection 83-03-09 ou en cas d'absence ou d'emp\u00eachement de ce dernier par l'inspecteur du travail de la\nsection 83-01-01 ou en cas d'absence ou d'emp\u00eachement de ce dernier par l'inspecteur du travail de la\nsection 83-01-03 ou en cas d'absence ou d'emp\u00eachement de ce dernier par l'inspecteur du travail de la\nsection 83-01-05 ou en cas d'absence ou d'emp\u00eachement de ce dernier par l'inspecteur du travail de la\nsection 83-01-06 ou en cas d'absence ou d'emp\u00eachement de ce dernier par l'inspecteur du travail de la\nsection 83-01-07 ou en cas d'absence ou d'emp\u00eachement de ce dernier par l'inspecteur du travail de la\nsection 83-01-08 ou en cas d'absence ou d'emp\u00eachement de ce dernier par l'inspecteur du travail de la\nsection 83-01-09 \n\uf0b7L'int\u00e9rim de l'inspecteur du travail de la section 83-02-05  est assur\u00e9 par l'inspecteur du travail de la\nsection 83-02-06 ou en cas d'absence ou d'emp\u00eachement de ce dernier par l'inspecteur du travail de la \n     section 83-02-07 ou en cas d'absence ou d'emp\u00eachement de ce dernier par l'inspecteur du travail de la\nsection 83-02-08 ou en cas d'absence ou d'emp\u00eachement de ce dernier par l'inspecteur du travail de la \nsection 83-02-01 ou en cas d'absence ou d'emp\u00eachement de ce dernier par l'inspecteur du travail de la \nsection 83-02-02 ou en cas d'absence ou d'emp\u00eachement de ce dernier par l'inspecteur du travail de la \nsection 83-02-04 ou en cas d'absence ou d'emp\u00eachement de ce dernier par l'inspecteur du travail de la  \nsection 83-03-01 ou en cas d'absence ou d'emp\u00eachement de ce dernier par l'inspecteur du travail de la  \nsection 83-03-02 ou en cas d'absence ou d'emp\u00eachement de ce dernier par l'inspecteur du travail de la  \nsection 83-03-04 ou en cas d'absence ou d'emp\u00eachement de ce dernier par l'inspecteur du travail de la  \nsection 83-03-05 ou en cas d'absence ou d'emp\u00eachement de ce dernier par l'inspecteur du travail de la\nsection 83-03-06 ou en cas d'absence ou d'emp\u00eachement de ce dernier par l'inspecteur du travail de la  \n     section 83-03-07 ou en cas d'absence ou d'emp\u00eachement de ce dernier par l'inspecteur du travail de la\nsection 83-03-08 ou en cas d'absence ou d'emp\u00eachement de ce dernier par l'inspecteur du travail de la  \nsection 83-03-09 ou en cas d'absence ou d'emp\u00eachement de ce dernier par l'inspecteur du travail de la  \nsection 83-01-01 ou en cas d'absence ou d'emp\u00eachement de ce dernier par l'inspecteur du travail de la\nsection 83-01-03 ou en cas d'absence ou d'emp\u00eachement de ce dernier par l'inspecteur du travail de la  \nsection 83-01-05 ou en cas d'absence ou d'emp\u00eachement de ce dernier par l'inspecteur du travail de la  \nsection 83-01-06 ou en cas d'absence ou d'emp\u00eachement de ce dernier par l'inspecteur du travail de la  \nsection 83-01-07 ou en cas d'absence ou d'emp\u00eachement de ce dernier par l'inspecteur du travail de la  \nsection 83-01-08 ou en cas d'absence ou d'emp\u00eachement de ce dernier par l'inspecteur du travail de la   \nsection 83-01-09 \n\uf0b7L'int\u00e9rim de l'inspecteur du travail de la section 83-02-06 est assur\u00e9 par l'inspecteur du travail de la\n section 83-02-07 ou en cas d'absence ou d'emp\u00eachement de ce dernier par l'inspecteur du travail de la\nsection 83-02-08 ou en cas d'absence ou d'emp\u00eachement de ce dernier par l'inspecteur du travail de la  \nsection 83-02-01 ou en cas d'absence ou d'emp\u00eachement de ce dernier par l'inspecteur du travail de la  \nsection 83-02-02 ou en cas d'absence ou d'emp\u00eachement de ce dernier par l'inspecteur du travail de la  \nsection 83-02-04 ou en cas d'absence ou d'emp\u00eachement de ce dernier par l'inspecteur du travail de la  \nsection 83-02-05 ou en cas d'absence ou d'emp\u00eachement de ce dernier par l'inspecteur du travail de la  \nsection 83-03-01 ou en cas d'absence ou d'emp\u00eachement de ce dernier par l'inspecteur du travail de la  \nsection 83-03-02 ou en cas d'absence ou d'emp\u00eachement de ce dernier par l'inspecteur du travail de la  \nsection 83-03-04 ou en cas d'absence ou d'emp\u00eachement de ce dernier par l'inspecteur du travail de la  \nsection 83-03-05 ou en cas d'absence ou d'emp\u00eachement de ce dernier par l'inspecteur du travail de la\nsection 83-03-06 ou en cas d'absence ou d'emp\u00eachement de ce dernier par l'inspecteur du travail de la  \n     section 83-03-07 ou en cas d'absence ou d'emp\u00eachement de ce dernier par l'inspecteur du travail de la\nsection 83-03-08 ou en cas d'absence ou d'emp\u00eachement de ce dernier par l'inspecteur du travail de la  \nsection 83-03-09 ou en cas d'absence ou d'emp\u00eachement de ce dernier par l'inspecteur du travail de la  \nsection 83-01-01 ou en cas d'absence ou d'emp\u00eachement de ce dernier par l'inspecteur du travail de la\nsection 83-01-03 ou en cas d'absence ou d'emp\u00eachement de ce dernier par l'inspecteur du travail de la  \nsection 83-01-05 ou en cas d'absence ou d'emp\u00eachement de ce dernier par l'inspecteur du travail de la  \nsection 83-01-06 ou en cas d'absence ou d'emp\u00eachement de ce dernier par l'inspecteur du travail de la  \nsection 83-01-07 ou en cas d'absence ou d'emp\u00eachement de ce dernier par l'inspecteur du travail de la  \nsection 83-01-08 ou en cas d'absence ou d'emp\u00eachement de ce dernier par l'inspecteur du travail de la   \nsection 83-01-09 \n6Direction d\u00e9partementale de l'emploi, du travail et des solidarit\u00e9s du Var - 83-2024-11-29-00004 - Acte Administratif 12\n\uf0b7L'int\u00e9rim de l'inspecteur du travail de la section 83-02-07 est assur\u00e9 par l'inspecteur du travail de la\n section 83-02-08 ou en cas d'absence ou d'emp\u00eachement de ce dernier par l'inspecteur du travail de la  \nsection 83-02-01 ou en cas d'absence ou d'emp\u00eachement de ce dernier par l'inspecteur du travail de la  \nsection 83-02-02 ou en cas d'absence ou d'emp\u00eachement de ce dernier par l'inspecteur du travail de la  \nsection 83-02-04 ou en cas d'absence ou d'emp\u00eachement de ce dernier par l'inspecteur du travail de la  \nsection 83-02-05 ou en cas d'absence ou d'emp\u00eachement de ce dernier par l'inspecteur du travail de la  \nsection 83-02-06 ou en cas d'absence ou d'emp\u00eachement de ce dernier par l'inspecteur du travail de la\nsection 83-03-01 ou en cas d'absence ou d'emp\u00eachement de ce dernier par l'inspecteur du travail de la  \nsection 83-03-02 ou en cas d'absence ou d'emp\u00eachement de ce dernier par l'inspecteur du travail de la  \nsection 83-03-04 ou en cas d'absence ou d'emp\u00eachement de ce dernier par l'inspecteur du travail de la  \nsection 83-03-05 ou en cas d'absence ou d'emp\u00eachement de ce dernier par l'inspecteur du travail de la\nsection 83-03-06 ou en cas d'absence ou d'emp\u00eachement de ce dernier par l'inspecteur du travail de la  \n     section 83-03-07 ou en cas d'absence ou d'emp\u00eachement de ce dernier par l'inspecteur du travail de la\nsection 83-03-08 ou en cas d'absence ou d'emp\u00eachement de ce dernier par l'inspecteur du travail de la  \nsection 83-03-09 ou en cas d'absence ou d'emp\u00eachement de ce dernier par l'inspecteur du travail de la  \nsection 83-01-01 ou en cas d'absence ou d'emp\u00eachement de ce dernier par l'inspecteur du travail de la\nsection 83-01-03 ou en cas d'absence ou d'emp\u00eachement de ce dernier par l'inspecteur du travail de la  \nsection 83-01-05 ou en cas d'absence ou d'emp\u00eachement de ce dernier par l'inspecteur du travail de la  \nsection 83-01-06 ou en cas d'absence ou d'emp\u00eachement de ce dernier par l'inspecteur du travail de la  \nsection 83-01-07 ou en cas d'absence ou d'emp\u00eachement de ce dernier par l'inspecteur du travail de la  \nsection 83-01-08 ou en cas d'absence ou d'emp\u00eachement de ce dernier par l'inspecteur du travail de la   \nsection 83-01-09 \n\uf0b7L'int\u00e9rim de l'inspecteur du travail de la section 83-02-08 est assur\u00e9 par l'inspecteur du travail de la\nsection 83-02-01 ou en cas d'absence ou d'emp\u00eachement de ce dernier par l'inspecteur du travail de la  \nsection 83-02-02 ou en cas d'absence ou d'emp\u00eachement de ce dernier par l'inspecteur du travail de la  \nsection 83-02-04 ou en cas d'absence ou d'emp\u00eachement de ce dernier par l'inspecteur du travail de la  \nsection 83-02-05 ou en cas d'absence ou d'emp\u00eachement de ce dernier par l'inspecteur du travail de la  \nsection 83-02-06 ou en cas d'absence ou d'emp\u00eachement de ce dernier par l'inspecteur du travail de la  \n section 83-02-07 ou en cas d'absence ou d'emp\u00eachement de ce dernier par l'inspecteur du travail de la\nsection 83-03-01 ou en cas d'absence ou d'emp\u00eachement de ce dernier par l'inspecteur du travail de la  \nsection 83-03-02 ou en cas d'absence ou d'emp\u00eachement de ce dernier par l'inspecteur du travail de la  \nsection 83-03-04 ou en cas d'absence ou d'emp\u00eachement de ce dernier par l'inspecteur du travail de la  \nsection 83-03-05 ou en cas d'absence ou d'emp\u00eachement de ce dernier par l'inspecteur du travail de la\nsection 83-03-06 ou en cas d'absence ou d'emp\u00eachement de ce dernier par l'inspecteur du travail de la  \nsection 83-03-07 ou en cas d'absence ou d'emp\u00eachement de ce dernier par l'inspecteur du travail de la\nsection 83-03-08 ou en cas d'absence ou d'emp\u00eachement de ce dernier par l'inspecteur du travail de la  \nsection 83-03-09 ou en cas d'absence ou d'emp\u00eachement de ce dernier par l'inspecteur du travail de la  \nsection 83-01-01 ou en cas d'absence ou d'emp\u00eachement de ce dernier par l'inspecteur du travail de la\nsection 83-01-03 ou en cas d'absence ou d'emp\u00eachement de ce dernier par l'inspecteur du travail de la  \nsection 83-01-05 ou en cas d'absence ou d'emp\u00eachement de ce dernier par l'inspecteur du travail de la  \nsection 83-01-06 ou en cas d'absence ou d'emp\u00eachement de ce dernier par l'inspecteur du travail de la  \nsection 83-01-07 ou en cas d'absence ou d'emp\u00eachement de ce dernier par l'inspecteur du travail de la  \nsection 83-01-08 ou en cas d'absence ou d'emp\u00eachement de ce dernier par l'inspecteur du travail de la   \nsection 83-01-09 \nAu sein de l'unit\u00e9 de contr\u00f4le \"UC3 - Var Est\" :\n\uf0b7L'int\u00e9rim du responsable de l'unit\u00e9 de contr\u00f4le est assur\u00e9 par l'un des responsables des unit\u00e9s de \ncontr\u00f4le \"UC1 - Var Ouest\" ou \"UC2 - Var Centre\"\n\uf0b7L'int\u00e9rim de l'inspecteur du travail de la section 83-03-01 est assur\u00e9 par l'inspecteur du travail de la  \nsection 83-03-02 ou en cas d'absence ou d'emp\u00eachement de ce dernier par l'inspecteur du travail de la  \nsection 83-03-04 ou en cas d'absence ou d'emp\u00eachement de ce dernier par l'inspecteur du travail de la  \nsection 83-03-05 ou en cas d'absence ou d'emp\u00eachement de ce dernier par l'inspecteur du travail de la\nsection 83-03-06 ou en cas d'absence ou d'emp\u00eachement de ce dernier par l'inspecteur du travail de la  \nsection 83-03-07 ou en cas d'absence ou d'emp\u00eachement de ce dernier par l'inspecteur du travail de la\nsection 83-03-08 ou en cas d'absence ou d'emp\u00eachement de ce dernier par l'inspecteur du travail de la  \nsection 83-03-09 ou en cas d'absence ou d'emp\u00eachement de ce dernier par l'inspecteur du travail de la  \nsection 83-01-01 ou en cas d'absence ou d'emp\u00eachement de ce dernier par l'inspecteur du travail de la\nsection 83-01-03 ou en cas d'absence ou d'emp\u00eachement de ce dernier par l'inspecteur du travail de la  \nsection 83-01-05 ou en cas d'absence ou d'emp\u00eachement de ce dernier par l'inspecteur du travail de la  \nsection 83-01-06 ou en cas d'absence ou d'emp\u00eachement de ce dernier par l'inspecteur du travail de la  \n7Direction d\u00e9partementale de l'emploi, du travail et des solidarit\u00e9s du Var - 83-2024-11-29-00004 - Acte Administratif 13\nsection 83-01-07 ou en cas d'absence ou d'emp\u00eachement de ce dernier par l'inspecteur du travail de la  \nsection 83-01-08 ou en cas d'absence ou d'emp\u00eachement de ce dernier par l'inspecteur du travail de la  \nsection 83-01-09 ou en cas d'absence ou d'emp\u00eachement de ce dernier par l'inspecteur du travail de la \nsection 83-02-01 ou en cas d'absence ou d'emp\u00eachement de ce dernier par l'inspecteur du travail de la  \nsection 83-02-02 ou en cas d'absence ou d'emp\u00eachement de ce dernier par l'inspecteur du travail de la  \nsection 83-02-04 ou en cas d'absence ou d'emp\u00eachement de ce dernier par l'inspecteur du travail de la  \nsection 83-02-05 ou en cas d'absence ou d'emp\u00eachement de ce dernier par l'inspecteur du travail de la  \nsection 83-02-06 ou en cas d'absence ou d'emp\u00eachement de ce dernier par l'inspecteur du travail de la  \n section 83-02-07 ou en cas d'absence ou d'emp\u00eachement de ce dernier par l'inspecteur du travail de la\nsection 83-02-08\n\uf0b7L'int\u00e9rim de l'inspecteur du travail de la section 83-03-02 est assur\u00e9 par l'inspecteur du travail de la\nsection 83-03-04 ou en cas d'absence ou d'emp\u00eachement de ce dernier par l'inspecteur du travail de la  \nsection 83-03-05 ou en cas d'absence ou d'emp\u00eachement de ce dernier par l'inspecteur du travail de la\nsection 83-03-06 ou en cas d'absence ou d'emp\u00eachement de ce dernier par l'inspecteur du travail de la  \nsection 83-03-07 ou en cas d'absence ou d'emp\u00eachement de ce dernier par l'inspecteur du travail de la\nsection 83-03-08 ou en cas d'absence ou d'emp\u00eachement de ce dernier par l'inspecteur du travail de la  \nsection 83-03-09 ou en cas d'absence ou d'emp\u00eachement de ce dernier par l'inspecteur du travail de la  \nsection 83-03-01 ou en cas d'absence ou d'emp\u00eachement de ce dernier par l'inspecteur du travail de la  \nsection 83-01-01 ou en cas d'absence ou d'emp\u00eachement de ce dernier par l'inspecteur du travail de la\nsection 83-01-03 ou en cas d'absence ou d'emp\u00eachement de ce dernier par l'inspecteur du travail de la  \nsection 83-01-05 ou en cas d'absence ou d'emp\u00eachement de ce dernier par l'inspecteur du travail de la  \nsection 83-01-06 ou en cas d'absence ou d'emp\u00eachement de ce dernier par l'inspecteur du travail de la  \nsection 83-01-07 ou en cas d'absence ou d'emp\u00eachement de ce dernier par l'inspecteur du travail de la  \nsection 83-01-08 ou en cas d'absence ou d'emp\u00eachement de ce dernier par l'inspecteur du travail de la  \nsection 83-01-09 ou en cas d'absence ou d'emp\u00eachement de ce dernier par l'inspecteur du travail de la \nsection 83-02-01 ou en cas d'absence ou d'emp\u00eachement de ce dernier par l'inspecteur du travail de la  \nsection 83-02-02 ou en cas d'absence ou d'emp\u00eachement de ce dernier par l'inspecteur du travail de la  \nsection 83-02-04 ou en cas d'absence ou d'emp\u00eachement de ce dernier par l'inspecteur du travail de la  \nsection 83-02-05 ou en cas d'absence ou d'emp\u00eachement de ce dernier par l'inspecteur du travail de la  \nsection 83-02-06 ou en cas d'absence ou d'emp\u00eachement de ce dernier par l'inspecteur du travail de la  \nsection 83-02-07 ou en cas d'absence ou d'emp\u00eachement de ce dernier par l'inspecteur du travail de la\nsection 83-02-08 \n\uf0b7L'int\u00e9rim de l'inspecteur du travail de la section 83-03-04 est assur\u00e9 par l'inspecteur du travail de la\nsection 83-03-05 ou en cas d'absence ou d'emp\u00eachement de ce dernier par l'inspecteur du travail de la\nsection 83-03-06 ou en cas d'absence ou d'emp\u00eachement de ce dernier par l'inspecteur du travail de la\nsection 83-03-07 ou en cas d'absence ou d'emp\u00eachement de ce dernier par l'inspecteur du travail de la\nsection 83-03-08 ou en cas d'absence ou d'emp\u00eachement de ce dernier par l'inspecteur du travail de la\nsection 83-03-09 ou en cas d'absence ou d'emp\u00eachement de ce dernier par l'inspecteur du travail de la\nsection 83-03-01 ou en cas d'absence ou d'emp\u00eachement de ce dernier par l'inspecteur du travail de la\nsection 83-03-02 ou en cas d'absence ou d'emp\u00eachement de ce dernier par l'inspecteur du travail de la\nsection 83-01-01 ou en cas d'absence ou d'emp\u00eachement de ce dernier par l'inspecteur du travail de la\nsection 83-01-03 ou en cas d'absence ou d'emp\u00eachement de ce dernier par l'inspecteur du travail de la\nsection 83-01-05 ou en cas d'absence ou d'emp\u00eachement de ce dernier par l'inspecteur du travail de la\nsection 83-01-06 ou en cas d'absence ou d'emp\u00eachement de ce dernier par l'inspecteur du travail de la\nsection 83-01-07 ou en cas d'absence ou d'emp\u00eachement de ce dernier par l'inspecteur du travail de la\nsection 83-01-08 ou en cas d'absence ou d'emp\u00eachement de ce dernier par l'inspecteur du travail de la  \nsection 83-01-09 ou en cas d'absence ou d'emp\u00eachement de ce dernier par l'inspecteur du travail de la \nsection 83-02-01 ou en cas d'absence ou d'emp\u00eachement de ce dernier par l'inspecteur du travail de la\nsection 83-02-02 ou en cas d'absence ou d'emp\u00eachement de ce dernier par l'inspecteur du travail de la\nsection 83-02-04 ou en cas d'absence ou d'emp\u00eachement de ce dernier par l'inspecteur du travail de la\nsection 83-02-05 ou en cas d'absence ou d'emp\u00eachement de ce dernier par l'inspecteur du travail de la\nsection 83-02-06 ou en cas d'absence ou d'emp\u00eachement de ce dernier par l'inspecteur du travail de la\nsection 83-02-07 ou en cas d'absence ou d'emp\u00eachement de ce dernier par l'inspecteur du travail de la\nsection 83-02-08\n\uf0b7L'int\u00e9rim de l'inspecteur du travail de la section 83-03-05 est assur\u00e9 par l'inspecteur du travail de la  \nsection 83-03-06 ou en cas d'absence ou d'emp\u00eachement de ce dernier par l'inspecteur du travail de la  \nsection 83-03-07 ou en cas d'absence ou d'emp\u00eachement de ce dernier par l'inspecteur du travail de la\nsection 83-03-08 ou en cas d'absence ou d'emp\u00eachement de ce dernier par l'inspecteur du travail de la  \nsection 83-03-09 ou en cas d'absence ou d'emp\u00eachement de ce dernier par l'inspecteur du travail de la  \nsection 83-03-01 ou en cas d'absence ou d'emp\u00eachement de ce dernier par l'inspecteur du travail de la  \n8Direction d\u00e9partementale de l'emploi, du travail et des solidarit\u00e9s du Var - 83-2024-11-29-00004 - Acte Administratif 14\nsection 83-03-02 ou en cas d'absence ou d'emp\u00eachement de ce dernier par l'inspecteur du travail de la  \nsection 83-03-04 ou en cas d'absence ou d'emp\u00eachement de ce dernier par l'inspecteur du travail de la  \nsection 83-01-01 ou en cas d'absence ou d'emp\u00eachement de ce dernier par l'inspecteur du travail de la\n          section 83-01-03 ou en cas d'absence ou d'emp\u00eachement de ce dernier par l'inspecteur du travail de la  \nsection 83-01-05 ou en cas d'absence ou d'emp\u00eachement de ce dernier par l'inspecteur du travail de la  \nsection 83-01-06 ou en cas d'absence ou d'emp\u00eachement de ce dernier par l'inspecteur du travail de la  \nsection 83-01-07 ou en cas d'absence ou d'emp\u00eachement de ce dernier par l'inspecteur du travail de la  \nsection 83-01-08 ou en cas d'absence ou d'emp\u00eachement de ce dernier par l'inspecteur du travail de la  \nsection 83-01-09 ou en cas d'absence ou d'emp\u00eachement de ce dernier par l'inspecteur du travail de la \nsection 83-02-01 ou en cas d'absence ou d'emp\u00eachement de ce dernier par l'inspecteur du travail de la  \nsection 83-02-02 ou en cas d'absence ou d'emp\u00eachement de ce dernier par l'inspecteur du travail de la  \nsection 83-02-04 ou en cas d'absence ou d'emp\u00eachement de ce dernier par l'inspecteur du travail de la  \nsection 83-02-05 ou en cas d'absence ou d'emp\u00eachement de ce dernier par l'inspecteur du travail de la  \nsection 83-02-06 ou en cas d'absence ou d'emp\u00eachement de ce dernier par l'inspecteur du travail de la  \nsection 83-02-07 ou en cas d'absence ou d'emp\u00eachement de ce dernier par l'inspecteur du travail de la\nsection 83-02-08 \n\uf0b7L'int\u00e9rim de l'inspecteur du travail de la section 83-03-06 est assur\u00e9 par l'inspecteur du travail de la\nsection 83-03-07 ou en cas d'absence ou d'emp\u00eachement de ce dernier par l'inspecteur du travail de la \nsection 83-03-08 ou en cas d'absence ou d'emp\u00eachement de ce dernier par l'inspecteur du travail de la  \nsection 83-03-09 ou en cas d'absence ou d'emp\u00eachement de ce dernier par l'inspecteur du travail de la  \nsection 83-03-01 ou en cas d'absence ou d'emp\u00eachement de  ce dernier par l'inspecteur du travail de la \nsection 83-03-02 ou en cas d'absence ou d'emp\u00eachement de ce dernier par l'inspecteur du travail de la  \nsection 83-03-04 ou en cas d'absence ou d'emp\u00eachement de ce dernier par l'inspecteur du travail de la \nsection 83-03-05 ou en cas d'absence ou d'emp\u00eachement de ce dernier par l'inspecteur du travail de la\nsection 83-01-01 ou en cas d'absence ou d'emp\u00eachement de ce dernier par l'inspecteur du travail de la\nsection 83-01-03 ou en cas d'absence ou d'emp\u00eachement de ce dernier par l'inspecteur du travail de la  \nsection 83-01-05 ou en cas d'absence ou d'emp\u00eachement de ce dernier par l'inspecteur du travail de la  \nsection 83-01-06 ou en cas d'absence ou d'emp\u00eachement de ce dernier par l'inspecteur du travail de la  \nsection 83-01-07 ou en cas d'absence ou d'emp\u00eachement de ce dernier par l'inspecteur du travail de la  \nsection 83-01-08 ou en cas d'absence ou d'emp\u00eachement de ce dernier par l'inspecteur du travail de la  \nsection 83-01-09 ou en cas d'absence ou d'emp\u00eachement de ce dernier par l'inspecteur du travail de la \nsection 83-02-01 ou en cas d'absence ou d'emp\u00eachement de ce dernier par l'inspecteur du travail de la  \nsection 83-02-02 ou en cas d'absence ou d'emp\u00eachement de ce dernier par l'inspecteur du travail de la  \nsection 83-02-04 ou en cas d'absence ou d'emp\u00eachement de ce dernier par l'inspecteur du travail de la  \nsection 83-02-05 ou en cas d'absence ou d'emp\u00eachement de ce dernier par l'inspecteur du travail de la  \nsection 83-02-06 ou en cas d'absence ou d'emp\u00eachement de ce dernier par l'inspecteur du travail de la  \nsection 83-02-07 ou en cas d'absence ou d'emp\u00eachement de ce dernier par l'inspecteur du travail de la\nsection 83-02-08\n\uf0b7L'int\u00e9rim de l'inspecteur du travail de la section 83-03-07 est assur\u00e9 par l'inspecteur du travail de la\nsection 83-03-08 ou en cas d'absence ou d'emp\u00eachement de ce dernier par l'inspecteur du travail de la  \nsection 83-03-09 ou en cas d'absence ou d'emp\u00eachement de ce dernier par l'inspecteur du travail de la  \nsection 83-03-01 ou en cas d'absence ou d'emp\u00eachement de  ce dernier par l'inspecteur du travail de la \nsection 83-03-02 ou en cas d'absence ou d'emp\u00eachement de ce dernier par l'inspecteur du travail de la  \nsection 83-03-04 ou en cas d'absence ou d'emp\u00eachement de ce dernier par l'inspecteur du travail de la \nsection 83-03-05 ou en cas d'absence ou d'emp\u00eachement de ce dernier par l'inspecteur du travail de la \nsection 83-03-06 ou en cas d'absence ou d'emp\u00eachement de ce dernier par l'inspecteur du travail de la\nsection 83-01-01 ou en cas d'absence ou d'emp\u00eachement de ce dernier par l'inspecteur du travail de la\nsection 83-01-03 ou en cas d'absence ou d'emp\u00eachement de ce dernier par l'inspecteur du travail de la  \nsection 83-01-05 ou en cas d'absence ou d'emp\u00eachement de ce dernier par l'inspecteur du travail de la  \nsection 83-01-06 ou en cas d'absence ou d'emp\u00eachement de ce dernier par l'inspecteur du travail de la  \nsection 83-01-07 ou en cas d'absence ou d'emp\u00eachement de ce dernier par l'inspecteur du travail de la  \nsection 83-01-08 ou en cas d'absence ou d'emp\u00eachement de ce dernier par l'inspecteur du travail de la  \nsection 83-01-09 ou en cas d'absence ou d'emp\u00eachement de ce dernier par l'inspecteur du travail de la \nsection 83-02-01 ou en cas d'absence ou d'emp\u00eachement de ce dernier par l'inspecteur du travail de la  \nsection 83-02-02 ou en cas d'absence ou d'emp\u00eachement de ce dernier par l'inspecteur du travail de la  \nsection 83-02-04 ou en cas d'absence ou d'emp\u00eachement de ce dernier par l'inspecteur du travail de la  \nsection 83-02-05 ou en cas d'absence ou d'emp\u00eachement de ce dernier par l'inspecteur du travail de la  \nsection 83-02-06 ou en cas d'absence ou d'emp\u00eachement de ce dernier par l'inspecteur du travail de la  \nsection 83-02-07 ou en cas d'absence ou d'emp\u00eachement de ce dernier par l'inspecteur du travail de la\nsection 83-02-08\n9Direction d\u00e9partementale de l'emploi, du travail et des solidarit\u00e9s du Var - 83-2024-11-29-00004 - Acte Administratif 15\n\uf0b7L'int\u00e9rim de l'inspecteur du travail de la section 83-03-08 est assur\u00e9 par l'inspecteur du travail de la\nsection 83-03-09 ou en cas d'absence ou d'emp\u00eachement de ce dernier par l'inspecteur du travail de la  \nsection 83-03-01 ou en cas d'absence ou d'emp\u00eachement de ce dernier par l'inspecteur du travail de la  \nsection 83-03-02 ou en cas d'absence ou d'emp\u00eachement de ce dernier par l'inspecteur du travail de la  \nsection 83-03-04 ou en cas d'absence ou d'emp\u00eachement de ce dernier par l'inspecteur du travail de la  \nsection 83-03-05 ou en cas d'absence ou d'emp\u00eachement de ce dernier par l'inspecteur du travail de la\nsection 83-03-06 ou en cas d'absence ou d'emp\u00eachement de ce dernier par l'inspecteur du travail de la  \nsection 83-03-07 ou en cas d'absence ou d'emp\u00eachement de ce dernier par l'inspecteur du travail de la\nsection 83-01-01 ou en cas d'absence ou d'emp\u00eachement de ce dernier par l'inspecteur du travail de la\nsection 83-01-03 ou en cas d'absence ou d'emp\u00eachement de ce dernier par l'inspecteur du travail de la  \nsection 83-01-05 ou en cas d'absence ou d'emp\u00eachement de ce dernier par l'inspecteur du travail de la  \nsection 83-01-06 ou en cas d'absence ou d'emp\u00eachement de ce dernier par l'inspecteur du travail de la  \nsection 83-01-07 ou en cas d'absence ou d'emp\u00eachement de ce dernier par l'inspecteur du travail de la  \nsection 83-01-08 ou en cas d'absence ou d'emp\u00eachement de ce dernier par l'inspecteur du travail de la  \nsection 83-01-09 ou en cas d'absence ou d'emp\u00eachement de ce dernier par l'inspecteur du travail de la \nsection 83-02-01 ou en cas d'absence ou d'emp\u00eachement de ce dernier par l'inspecteur du travail de la  \nsection 83-02-02 ou en cas d'absence ou d'emp\u00eachement de ce dernier par l'inspecteur du travail de la  \nsection 83-02-04 ou en cas d'absence ou d'emp\u00eachement de ce dernier par l'inspecteur du travail de la  \nsection 83-02-05 ou en cas d'absence ou d'emp\u00eachement de ce dernier par l'inspecteur du travail de la  \nsection 83-02-06 ou en cas d'absence ou d'emp\u00eachement de ce dernier par l'inspecteur du travail de la  \nsection 83-02-07 ou en cas d'absence ou d'emp\u00eachement de ce dernier par l'inspecteur du travail de la\nsection 83-02-08\n\uf0b7L'int\u00e9rim de l'inspecteur du travail de la section 83-03-09 est assur\u00e9 par l'inspecteur du travail de la\nsection 83-03-01 ou en cas d'absence ou d'emp\u00eachement de ce dernier par l'inspecteur du travail de la  \nsection 83-03-02 ou en cas d'absence ou d'emp\u00eachement de ce dernier par l'inspecteur du travail de la  \nsection 83-03-04 ou en cas d'absence ou d'emp\u00eachement de ce dernier par l'inspecteur du travail de la  \nsection 83-03-05 ou en cas d'absence ou d'emp\u00eachement de ce dernier par l'inspecteur du travail de la\nsection 83-03-06 ou en cas d'absence ou d'emp\u00eachement de ce dernier par l'inspecteur du travail de la  \n      section 83-03-07 ou en cas d'absence ou d'emp\u00eachement de ce dernier par l'inspecteur du travail de la\nsection 83-03-08 ou en cas d'absence ou d'emp\u00eachement de ce dernier par l'inspecteur du travail de la  \nsection 83-01-01 ou en cas d'absence ou d'emp\u00eachement de ce dernier par l'inspecteur du travail de la\nsection 83-01-03 ou en cas d'absence ou d'emp\u00eachement de ce dernier par l'inspecteur du travail de la  \nsection 83-01-05 ou en cas d'absence ou d'emp\u00eachement de ce dernier par l'inspecteur du travail de la  \nsection 83-01-06 ou en cas d'absence ou d'emp\u00eachement de ce dernier par l'inspecteur du travail de la  \nsection 83-01-07 ou en cas d'absence ou d'emp\u00eachement de ce dernier par l'inspecteur du travail de la  \nsection 83-01-08 ou en cas d'absence ou d'emp\u00eachement de ce dernier par l'inspecteur du travail de la  \nsection 83-01-09 ou en cas d'absence ou d'emp\u00eachement de ce dernier par l'inspecteur du travail de la \nsection 83-02-01 ou en cas d'absence ou d'emp\u00eachement de ce dernier par l'inspecteur du travail de la  \nsection 83-02-02 ou en cas d'absence ou d'emp\u00eachement de ce dernier par l'inspecteur du travail de la  \nsection 83-02-04 ou en cas d'absence ou d'emp\u00eachement de ce dernier par l'inspecteur du travail de la  \nsection 83-02-05 ou en cas d'absence ou d'emp\u00eachement de ce dernier par l'inspecteur du travail de la  \nsection 83-02-06 ou en cas d'absence ou d'emp\u00eachement de ce dernier par l'inspecteur du travail de la  \nsection 83-02-07 ou en cas d'absence ou d'emp\u00eachement de ce dernier par l'inspecteur du travail de la\nsection 83-02-08\nArticle 4 : Les agents du corps de l'inspection du travail  sont charg\u00e9s de l'int\u00e9rim des postes soit non pourvus,  \nsoit  vacants en raison de l'absence de  longue dur\u00e9e de  leur titulaire, tel  que d\u00e9fini dans  le  tableau des  \naffectations, d'int\u00e9rims et de suppl\u00e9ances des sections, r\u00e9f\u00e9renc\u00e9s dans la colonne B de l'annexe en vigueur.\nArticle 5 :  Conform\u00e9ment aux dispositions de l'article R.8122-11-1\u00b0 du code du travail, les pouvoirs de  \nd\u00e9cision administrative  relevant  de  la  comp\u00e9tence  exclusive  d'un inspecteur  du  travail  sont  confi\u00e9s  aux  \ninspecteurs du travail mentionn\u00e9s tel que d\u00e9fini dans le tableau des affectations, d'int\u00e9rims et de suppl\u00e9ances \ndes sections, r\u00e9f\u00e9renc\u00e9s dans la colonne C de l'annexe en vigueur.\nArticle 6 : Conform\u00e9ment aux dispositions de l'article R.8122-11-2\u00b0 du code du travail, le contr\u00f4le de tout ou  partie \ndes \u00e9tablissements d'au moins cinquante salari\u00e9s qui ne serait pas assur\u00e9 par les contr\u00f4leurs du travail est  confi\u00e9 aux \ninspecteurs du travail tel que d\u00e9fini dans le tableau des affectations, d'int\u00e9rims et de suppl\u00e9ances des  sections, \nr\u00e9f\u00e9renc\u00e9s dans la colonne D de l'annexe en vigueur.\n10Direction d\u00e9partementale de l'emploi, du travail et des solidarit\u00e9s du Var - 83-2024-11-29-00004 - Acte Administratif 16\nArticle 7 : La pr\u00e9sente d\u00e9cision abroge et remplace, \u00e0 compter de sa date de publication au recueil des Actes \nAdministratifs, toutes les d\u00e9cisions prises pr\u00e9c\u00e9demment dans ce domaine. \nArticle 8 : Le Directeur r\u00e9gional de l'\u00e9conomie, de l'emploi, du travail et des solidarit\u00e9s de la r\u00e9gion Provence  \nAlpes C\u00f4te d'Azur et le directeur d\u00e9partemental de l'emploi, du travail et des solidarit\u00e9s du Var sont charg\u00e9s de  \nl'application de la pr\u00e9sente d\u00e9cision qui sera publi\u00e9e au recueil des actes administratifs de la pr\u00e9fecture du Var.\nAnnexe : Tableau affectations int\u00e9rims suppl\u00e9ances des sections d'inspection du travail du Var.\nFait \u00e0 MARSEILLE, le 29 novembre 2024\nLe directeur r\u00e9gional de l'\u00e9conomie, de l'emploi, du travail  et \ndes solidarit\u00e9s de la r\u00e9gion Provence-Alpes-C\u00f4te  d'Azur\nSign\u00e9 par : S\u00e9bastien DEBEAUMONT\n11Direction d\u00e9partementale de l'emploi, du travail et des solidarit\u00e9s du Var - 83-2024-11-29-00004 - Acte Administratif 17\nAnnexe\nTableau des affectations des agents de contr\u00f4les dans les Unit\u00e9s de\nContr\u00f4le des services d'inspection du travail de la DDETS du Var\nGestion des int\u00e9rims et des suppl\u00e9ances\nSuppl\u00e9ance des sections CT par des IT\nColonne A Colonne B Colonne CColonne D\nUC 1\nVarOuestSectionNOM Pr\u00e9nomGradeUC/Section Int\u00e9rim > 1 moisD\u00e9cisions administrativesEts de+ de 50 salari\u00e9s\nRUCGRIMA Virginie\n83-01-01RAMI Sonia IT\n83-01-02Section vacante   SOULE Roselyne\n83-01-03KABACHE RiadIT\n83-01-04Section vacante   TORRENTE Gilles\n83-01-05JORDA LaurieIT\n83-01-06TORRENTE GillesIT\n83-01-07MUTEL SylvieIT\n83-01-08PLANTEGENEST CatherineIT\n83-01-09BOURELLY FlorenceIT\nUC 2\nVar\nCentreSectionNOM Pr\u00e9nomGradeUC/Section \nInt\u00e9rim > 1 \nmoisD\u00e9cisions \nadministrativesEts de\n+ de 50 salari\u00e9s\nRUCSAUVIAT B\u00e9atrice\n83-02-01FILIPPI TomIT\n83-02-02SOULE RoselyneIT\n83-02-03Section vacante ITFRANCOIS Asmaa\n83-02-04MAUCOURT MalikaIT\n83-02-05DE FARIA VivienIT\n83-02-06MOREL J\u00e9r\u00e9myIT\n83-02-07  TENDIL Nathalie    IT\n83-02-08   MARTIN Fr\u00e9d\u00e9ric IT\nUC 3\nVarEstSectionNOM Pr\u00e9nomGradeUC/Section Int\u00e9rim > 1 moisD\u00e9cisions administrativesEts de+ de 50 salari\u00e9s\nRUCAMIC J\u00e9r\u00e9my\n83-03-01DAADOUN Yves-LaurentIT\n83-03-02FRANCOIS AsmaaIT\n83-03-03Section vacante   BESSET Guillaume\n83-03-04DARCISSAC FabianIT\n83-03-05FARGIER Sandie     IT\n83-03-06DEMELLIER IsabelleIT\n83-03-07POSTEL Julien IT\n83-03-08BESSET GuillaumeIT\n83-03-09SAVELLI DavidIT\n12Direction d\u00e9partementale de l'emploi, du travail et des solidarit\u00e9s du Var - 83-2024-11-29-00004 - Acte Administratif 18\nPr\u00e9fecture du VAR\n83-2024-12-05-00009\nArr\u00eat\u00e9 pr\u00e9fectoral du 5 d\u00e9cembre 2024\nPr\u00e9fecture du VAR - 83-2024-12-05-00009 - Arr\u00eat\u00e9 pr\u00e9fectoral du 5 d\u00e9cembre 2024\n 19\nPREFET  | Direction  de la coordination\nDU VAR  des politiques  publiques  et\nLibert\u00e9  _ de l'appui  territorial\naed _ Bureau  de l'environnement  et du d\u00e9veloppement  durableFraternit\u00e9\nARRETE  PREFECTORAL  du 5 d\u00e9cembre  2024\nd\u00e9clarant  d'utilit\u00e9  publique  les travaux  et acquisitions  n\u00e9cessaires  a la r\u00e9alisation  de la zone\nd'am\u00e9nagement  concert\u00e9e  VARECOPOLE  (ZAC  VARECOPOLE)\nsur le territoire  de la commune  du Cannet-des-Maures\nau b\u00e9n\u00e9fice  de la soci\u00e9t\u00e9  d'am\u00e9nagement  et de gestion  publique  (SAGEP)\nconcessionnaire  de la communaut\u00e9  de communes  Coeur  du Var  (CCCV),\nLe pr\u00e9fet  du Var,\nVu le code  de l'environnement  ;\nVu le code  de l'expropriation  pour  cause  d'utilit\u00e9  publique  ;\nVu le code  g\u00e9n\u00e9ral  des  collectivit\u00e9s  territoriales  ;\nVu le code  forestier  ;\nVu le code  du patrimoine  ;\nVu le code  de l'urbanisme  ;\nVu le d\u00e9cret  du Pr\u00e9sident  de la R\u00e9publique  du 13 juillet  2023  portant  nomination  de\nM. Philippe  MAHE  pr\u00e9fet  du Var  ;\nVu le d\u00e9cret  du Pr\u00e9sident  de la R\u00e9publique  du 15 avril  2022  nommant  M. Lucien  GIUDICELLI,\nsecr\u00e9taire  g\u00e9n\u00e9ral  de la pr\u00e9fecture  du Var,  sous-pr\u00e9fet  de l'arrondissement  de Toulon  ;\nVu l'arr\u00eat\u00e9  pr\u00e9fectoral  n\u00b02024/40/MCI  du 29 octobre  2024  portant  d\u00e9l\u00e9gation  de signature  \u00e0\nM. Lucien  GIUDICELLI,  secr\u00e9taire  g\u00e9n\u00e9ral  de la pr\u00e9fecture  du Var,  sous-pr\u00e9fet  de\nl'arrondissement  de Toulon  ;\n1/5\nPr\u00e9fecture du VAR - 83-2024-12-05-00009 - Arr\u00eat\u00e9 pr\u00e9fectoral du 5 d\u00e9cembre 2024\n 20\nVu la d\u00e9lib\u00e9ration  du conseil  communautaire  de la communaut\u00e9  de communes  Coeur  du Var\n(CCCV)  du 8 mars  2011  d\u00e9clarant  d'int\u00e9r\u00eat  communautaire  le projet  ZAC  VARECOPOLE  situ\u00e9\nsur la commune  du Cannet-des-Maures  ;\nVu la d\u00e9lib\u00e9ration  du conseil  communautaire  de la CCCV  du 29 mars  2016  d\u00e9finissant  les\nobjectifs  et les modalit\u00e9s  de la concertation  du public  sur le projet  ZAC  VARECOPOLE  situ\u00e9\nsur la commune  du Cannet-des-Maures  ;\nVu la d\u00e9lib\u00e9ration  du conseil  communautaire  de la CCCV  du 29 mai 2018  validant  le bilan  de\nla participation  du public  par voie  \u00e9lectronique  qui s'est  d\u00e9roul\u00e9e  du 26 juillet  au\n18 septembre  2018  sur le projet  VARECOPOLE  ;\nVu l'avis  de l'autorit\u00e9  environnementale  du 10 juillet  2018  portant  sur le dossier  de cr\u00e9ation  de\nla ZAC  VARECOPOLE  situ\u00e9e  sur le territoire  de la commune  du Cannet-des-Maures  ;\nVu le m\u00e9moire  en r\u00e9ponse  de la CCCV  du 25 juillet  2018  \u00e0 l'avis  de l'autorit\u00e9\nenvironnementale  ;\nVU la d\u00e9lib\u00e9ration  du conseil  communautaire  de la CCCV  du 23 octobre  2018  approuvant  le\ndossier  de cr\u00e9ation  de la ZAC  VARECOPOLE  situ\u00e9e  sur le territoire  de la commune  du Cannet-\ndes-Maures  ;\nVu la d\u00e9lib\u00e9ration  du conseil  communautaire  de la CCCV  du 28 juin  2022  approuvant  le\nlancement  de la proc\u00e9dure  de d\u00e9claration  d'utilit\u00e9  publique  avec  enqu\u00eate  parcellaire\nconjointe  sur la commune  du Cannet-des-Maures  concernant  le projet  d'am\u00e9nagement  de la\nfuture  ZAC  VARECOPOLE  et autorisant  le pr\u00e9sident  \u00e0 solliciter  aupr\u00e8s  du pr\u00e9fet  la d\u00e9claration\nd'utilit\u00e9  publique  du projet  en vue  de l'expropriation  i\nVu la d\u00e9lib\u00e9ration  du conseil  communautaire  de la CCCV  du 11 avril  2023  approuvant\nl'adh\u00e9sion  de la CCCV  \u00e0 la soci\u00e9t\u00e9  publique  locale  SAGEP  ;\nVu la d\u00e9lib\u00e9ration  n\u00b0 2023/92  du conseil  communautaire  de la CCCV  du 4 juillet  2023\napprouvant  le dossier  de r\u00e9alisation  de la ZAC  VARECOPOLE  ;\nVu la d\u00e9lib\u00e9ration  n\u00b0 2023/93  du conseil  communautaire  de la CCCV  du 4 juillet  2023\napprouvant  le trait\u00e9  de concession  d'am\u00e9nagement  de la ZAC  VARECOPOLE  ainsi  que  ses\nannexes  et confiant  la r\u00e9alisation  de l'op\u00e9ration  d'am\u00e9nagement  de la ZAC  VARECOPOLE  \u00e0 la\nSAGEP  dans  le cadre  d'une  concession  d'am\u00e9nagement  ;\nVu l'avis  favorable  du conseil  national  pour  la protection  de la nature  du 9 ao\u00fbt  2023;\nVu le m\u00e9moire  en r\u00e9ponse  de la SAGEP  du 23 novembre  2023  \u00e0 l'avis  du conseil  Fatl\u00e9nal  pour\nla protection  de la nature  ;\nVu la d\u00e9lib\u00e9ration  du conseil  communautaire  de la CCCV  du 30 janvier  2024  portant  sur les\nincidences  environnementales  notables  du projet  de r\u00e9alisation  de la ZAC  VARECOPOLE  sur\nle territoire  de la CCCV  ;\nVu la d\u00e9lib\u00e9ration  du conseil  municipal  de la commune  du Cannet-des-Maures  du\n31 janvier  2024  portant  sur les incidences  environnementales  notables  du projet  de r\u00e9alisation\nde la ZAC  VARECOPOLE  sur le territoire  de la commune  ;\n2/5\nPr\u00e9fecture du VAR - 83-2024-12-05-00009 - Arr\u00eat\u00e9 pr\u00e9fectoral du 5 d\u00e9cembre 2024\n 21\nVu l'avis  d\u00e9lib\u00e9r\u00e9  de l'autorit\u00e9  environnementale  du 8 f\u00e9vrier  2024,  sur le projet  de la ZAC\nVARECOPOLE  sur la commune  du Cannet-des-Maures  et portant  sur les demandes  de\nd\u00e9claration  d'utilit\u00e9  publique  et d'autorisation  environnementale  ;\nVu le m\u00e9moire  en r\u00e9ponse  de la SAGEP  d'avril  2024  \u00e0 l'avis  d\u00e9lib\u00e9r\u00e9  de l'autorit\u00e9\nenvironnementale  ;\nVu la d\u00e9cision  de la pr\u00e9sidente  du tribunal  administratif  de Toulon  du 24 avril  2024,  d\u00e9signant\nMonsieur  Olivier  Rich\u00e9  en tant  que  commissaire  enqu\u00eateur  pour  conduire  cette  enqu\u00eate\npublique  unique  ;\nVu l'arr\u00eat\u00e9  pr\u00e9fectoral  du 13 mai  2024  prescrivant  ouverture  de l'enqu\u00eate  publique  unique\npr\u00e9alable  \u00e0 la d\u00e9claration  d'utilit\u00e9  publique  et parcellaire  conjointe,  \u00e0 l'autorisation\nenvironnementale  comprenant  les proc\u00e9dures  embarqu\u00e9es  relatives  au projet  de r\u00e9alisation\nde la zone  d'am\u00e9nagement  concert\u00e9e  VARECOPOLE  sur le territoire  de la commune  du\nCannet-des-Maures  ;\nVu le dossier  d'enqu\u00eate  publique  unique  comportant  notamment  le bilan  de la concertation,\nl'\u00e9tude  d' impact,  les avis  de l'autorit\u00e9  environnementale,  du conseil  national  de protection  de\nla nature,  les r\u00e9ponses  du p\u00e9titionnaire  et de son  concessionnaire  \u00e0 ces avis  et les avis  du\nconseil  communautaire  de la CCCV  et du conseil  municipal  de la commune  du Cannet-des-\nMaures  sur les incidences  notables  du projet  sur l'environnement  ;\nVu  le rapport  unique  accompagn\u00e9  des  annexes,  les conclusions  et avis  motiv\u00e9s  du\ncommissaire  enqu\u00eateur  du 8 ao\u00fbt  2024  sur chacune  des enqu\u00eates  r\u00e9alis\u00e9es  et notamment\ncelle  relative  \u00e0 l'utilit\u00e9  publique  du projet,  \u00e0 la cessibilit\u00e9  du foncier  n\u00e9cessaire  au projet,  sur le\nterritoire  de la commune  du Cannet-des-Maures  ;\nVu la d\u00e9lib\u00e9ration  n\u00b0 2024/117  du 24 septembre  2024  du conseil  communautaire  de la CCCV,\nse pronon\u00e7ant  par  une  d\u00e9claration  de projet  sur l'int\u00e9r\u00eat  g\u00e9n\u00e9ral  de l'op\u00e9ration  projet\u00e9e  et\n_ int\u00e9grant  les r\u00e9sultats  de l'enqu\u00eate  publique  unique,  la prise  en compte  des  recommandations\net la lev\u00e9e  de la r\u00e9serve  \u00e9mise  par le commissaire  enqu\u00eateur  ;\nVu la lettre  du 18 octobre  2024  par  lequel  le directeur  g\u00e9n\u00e9ral  de la SAGEP  sollicite  le pr\u00e9fet\npour  la prise  de la d\u00e9claration  d'utilit\u00e9  publique  du projet  ZAC  VARECOPOLE  et la cessibilit\u00e9\ndu foncier  au b\u00e9n\u00e9fice  de la SAGEP  am\u00e9nageur  de la ZAC  pour  le compte  de la CCCV  ;\nVu l'arr\u00eat\u00e9  pr\u00e9fectoral  du 12 novembre  2024  portant  autorisation  environnementale  unique\nau titre  de l'article  L181-1  du code  de l'environnement  pour  la r\u00e9alisation  de la zone\nd'am\u00e9nagement  concert\u00e9  (ZAC)  Varecopole  au lieu  dit \u00ab quartier  de Causser\u00e8ne  et Fa\u00efsse\nnoir  \u00bb sur la commune  du Cannet  des  Maures  ;\nVu le document  pr\u00e9vu  \u00e0 l'article  L122-  du code  de l'expropriation  pour  cause  d'utilit\u00e9\npublique  et annex\u00e9e  au pr\u00e9sent  arr\u00eat\u00e9,  exposant  les motifs  et consid\u00e9rations  et justifiant  le\ncaract\u00e8re  d'utilit\u00e9  publique  du projet  ;\nConsid\u00e9rant  que  la proc\u00e9dure  a \u00e9t\u00e9  r\u00e9guli\u00e8rement  men\u00e9e  ;\nConsid\u00e9rant  que  les avantages  attendus  de la r\u00e9alisation  de ce projet  sont  sup\u00e9rieurs  aux\ninconv\u00e9nients  qu'il  est susceptible  d'engendrer  et que  toutes  les dispositions  sont  prises  sur le\nplan  technique  pour  r\u00e9duire  ces derniers  au minimum  ;\n3/5\nPr\u00e9fecture du VAR - 83-2024-12-05-00009 - Arr\u00eat\u00e9 pr\u00e9fectoral du 5 d\u00e9cembre 2024\n 22\nSur  proposition  du secr\u00e9taire  g\u00e9n\u00e9ral  de la pr\u00e9fecture,\nARRETE  :\nA rticle  1\"  \u00b0\nSont  d\u00e9clar\u00e9s  d'utilit\u00e9  publique  les travaux  rendus  n\u00e9cessaires  pour  le projet  de r\u00e9alisation  de\nla ZAC  VARECOPOLE  sur le territoire  de la commune  du Cannet-des-Maures,  au b\u00e9n\u00e9fice  de\nla Soci\u00e9t\u00e9  d'am\u00e9nagement  et de gestion  publique.\nSont  annex\u00e9s  au pr\u00e9sent  arr\u00eat\u00e9  :\n1. l'expos\u00e9  des  motifs  et consid\u00e9rations  justifiant  l'utilit\u00e9  publique  du projet  et celui  des\nmesures  pr\u00e9vues  au | de l'article  L. 122-1-1  du code  de l'environnement  ;\n2. le plan  de situation\n3. le plan  du p\u00e9rim\u00e8tre  de DUP.\nArticle  2 :\nLa SAGEP  est autoris\u00e9e  \u00e0 acqu\u00e9rir,  soit  \u00e0 l'amiable,  soit  par  voie  d'expropriation,  les immeubles\nOU parties  d'immeubles  n\u00e9cessaires  \u00e0 la r\u00e9alisation  de ce projet.  Les emprises  \u00e0 acqu\u00e9rir  en\npleine  propri\u00e9t\u00e9  sur des  immeubles  soumis  au r\u00e9gime  de la copropri\u00e9t\u00e9  (loi du 10 juillet  1965\nmodifi\u00e9e)  seront  distraites  de la copropri\u00e9t\u00e9.\nArticle  3 :\nLa pr\u00e9sente  d\u00e9claration  d'utilit\u00e9  publique  a une  dur\u00e9e  de validit\u00e9  de cinq  ans.  Les\nexpropriations  \u00e9ventuellement  n\u00e9cessaires  \u00e0 la r\u00e9alisation  du projet  devront  \u00eatre  r\u00e9alis\u00e9es\navant  l'expiration  de ce d\u00e9lai  de cinq  ans  \u00e0 compter  de la date  de publication  du pr\u00e9sent\narr\u00eat\u00e9.\nArticle  4 :\nConform\u00e9ment  aux  articles  L122-1  et L122-2  du code  de l'expropriation  pour  cause  d'utilit\u00e9\npublique,  le document  joint  au pr\u00e9sent  arr\u00eat\u00e9  en annexe  1, expose  les motifs  et consid\u00e9rations\njustifiant  de l'utilit\u00e9  publique  du projet  et les mesures  pr\u00e9vues  \u00e0 l'article  L122-1-1  alin\u00e9a  | du\ncode  de l'environnement.\nArticle  5 :\nConform\u00e9ment  \u00e0 l'article  L122-3  du code  de l'expropriation  pour  cause  d'utilit\u00e9  publique,  la\ncommunaut\u00e9  de communes  Coeur  du Var  via le concessionnaire  SAGEP  prend  en charge\nl'indemnisation  des  propri\u00e9taires  et des  agriculteurs  dont  les parcelles  sont  concern\u00e9es  par les\nouvrages  indispensables  au projet.\n4/5\nPr\u00e9fecture du VAR - 83-2024-12-05-00009 - Arr\u00eat\u00e9 pr\u00e9fectoral du 5 d\u00e9cembre 2024\n 23\nArticle  6 :\nLe pr\u00e9sent  arr\u00eat\u00e9  sera  affich\u00e9,  pendant  deux  mois,  au si\u00e8ge  de la communaut\u00e9  de communes\nCoeur  du Var,  en mairie  du Cannet-des-Maures,  aux  lieux  habituellement  pr\u00e9vus  \u00e0 cet usage,  \u00e0\nla diligence  du pr\u00e9sident  et du maire.\nIl sera  ins\u00e9r\u00e9  au recueil  des  actes  administratifs  de la pr\u00e9fecture  du Var  et \u00e9galement  mis  en\nligne  sur le site  Internet  des  services  de l'\u00c9tat  dans  le Var  :\nPendant  la m\u00eame  p\u00e9riode,  ses annexes  seront  tenues  \u00e0 la disposition  du public  pour  y \u00eatre\nconsult\u00e9es,  au si\u00e8ge  de la communaut\u00e9  de communes  Coeur  du Var  et en mairie  du Cannet-\ndes-Maures  ainsi  qu'au  bureau  de l'environnement  et du d\u00e9veloppement  durable  de la\npr\u00e9fecture  du Var.\nArticle  7 :\nLe pr\u00e9sent  arr\u00eat\u00e9  est susceptible  de recours  devant  le tribunal  administratif  de Toulon,  dans\nun d\u00e9lai  de deux  mois  suivant  son  affichage  ou sa publication.\nLa juridiction  administrative  comp\u00e9tente  peut  \u00eatre  saisie  par un d\u00e9p\u00f4t  de requ\u00eate,  soit  aupr\u00e8s\nde l'accueil  de la juridiction,  soit  par courrier,  soit  par t\u00e9l\u00e9copie  ou soit  au moyen  de\nl'application  informatique  \u00abt\u00e9l\u00e9recours  citoyens\u00bb  accessible  a partir  du site  internet\n\u00ab www.telerecours.fr  \u00bb.\nArticle  8 :\nLe secr\u00e9taire  g\u00e9n\u00e9ral  de la pr\u00e9fecture  du Var,  le pr\u00e9sident  de la communaut\u00e9  de communes\nCoeur  du Var,  le directeur  g\u00e9n\u00e9ral  de la SAGEP,  le maire  de la commune  du Cannet-des-Maures\nsont  charg\u00e9s,  chacun  en ce qui le concerne,  de l'ex\u00e9cution  du pr\u00e9sent  arr\u00eat\u00e9  dont  une  copie\nsera  adress\u00e9e,  pour  information,  au sous-  pr\u00e9fet  concern\u00e9,  au directeur  d\u00e9partemental  des\nterritoires  et de la mer  du Var  et au commissaire  enqu\u00eateur.\nFait  \u00e0 Toulon,  le 5 d\u00e9cembre  2024\nLe Pr\u00e9fet  du Var\nSign\u00e9\nPi\u00e8ces  jointes  \u00e0 l'arr\u00eat\u00e9  pr\u00e9fectoral  ji Philippe  MAHE\nAnnexe  1 : expos\u00e9  des  motifs\nAnnexe  2 : plan  de situation\nAnnexe  3 : p\u00e9rim\u00e8tre  DUP\n5/5\nPr\u00e9fecture du VAR - 83-2024-12-05-00009 - Arr\u00eat\u00e9 pr\u00e9fectoral du 5 d\u00e9cembre 2024\n 24\nPREFET  | Direction  de la coordination\nDU  VAR  des  politiques  publiques  et\nLibert\u00e9  | de  l'appui  territorial... \u00c9galit\u00e9  Bureau  de l'environnement  et du d\u00e9veloppement  durable Fraternit\u00e9  \nPP  id\nAnnexe  1\nExpos\u00e9  des  motifs  et des  consid\u00e9rations  justifiant  l'utilit\u00e9  publique\ndes  travaux  et acquisitions  n\u00e9cessaires  au projet  de r\u00e9alisation  de la zone  d'am\u00e9nagement\nconcert\u00e9e  VARECOPOLE  sur  le territoire  de la commune  du Cannet-des-Maures,\nExpos\u00e9  des  mesures  pr\u00e9vues  au | de l'article  L. 122-1-1  du code  de l'environnement,\n1- Pr\u00e9sentation  du projet\nLe projet,  situ\u00e9  sur  le territoire  de la commune  du Cannet-des-Maures,  s'\u00e9tend  sur  une  surface\nde 54,6  hectares,  p\u00e9rim\u00e8tre  de cr\u00e9ation  de la ZAC.  A la confluence  des  axes  routiers\nAS7/A8/RND/,  il pr\u00e9sente  une  position  strat\u00e9gique  en mati\u00e8re  de desserte.\nLe p\u00e9rim\u00e8tre  op\u00e9rationnel  de la ZAC  s'\u00e9tend  sur 40,97  hectares  et comprend  3 secteurs\nop\u00e9rationnels  de 25 lots  r\u00e9partis  de la fa\u00e7on  suivante  :\n* Secteur  1 - C\u0153ur  de zone  - centre  de vie / diversit\u00e9  fonctionnelle  / interface  urbaine\n13 lots  cessibles\n+ Secteur  2 - Interface  activit\u00e9s  / \u00e9changeurs  / Porte  d'entr\u00e9e  C\u0153ur  du Var,  10 lots\ncessibles,\n* Secteur  3 - Activit\u00e9s  - Interface  avec  la Plaine  Agricole,  2 lots  cessibles  en constructeur\nautonome.  |\nLa communaut\u00e9  de communes  Coeur  du Var  a initi\u00e9  le projet  de la ZAC  VARECOPOLE  et fait\nappel  \u00e0 un concessionnaire  pour  la r\u00e9alisation  de son  am\u00e9nagement.  La soci\u00e9t\u00e9  publique\nlocale  (SPL)  SAGEP  assurera  l'am\u00e9nagement  de la ZAC  VARECOPOLE.\n2 - Le caract\u00e8re  d'utilit\u00e9  publique\nEn application  de l'article  L122-1  du code  de I'expropriation  pour  cause  d'utilit\u00e9  publique,\ns'agissant  des  op\u00e9rations  ayant  une  incidence  sur l'environnement,  l'acte  d\u00e9clarant  la\nd\u00e9claration  d'utilit\u00e9  publique  est accompagn\u00e9  d'un  document  de motivation  qui  expose  les\nmotifs  et consid\u00e9rations  justifiant  le caract\u00e8re  d'utilit\u00e9  publique  du projet.\n1/6\nPr\u00e9fecture du VAR - 83-2024-12-05-00009 - Arr\u00eat\u00e9 pr\u00e9fectoral du 5 d\u00e9cembre 2024\n 25\nEn effet,  une  op\u00e9ration  ne peut  l\u00e9galement  \u00eatre  d\u00e9clar\u00e9e  d'utilit\u00e9  publique  qu'\u00e0  la condition\nde r\u00e9pondre  \u00e0 une  finalit\u00e9  d'int\u00e9r\u00eat  g\u00e9n\u00e9ral,  que  la personne  publique  ne soit  pas  en mesure\nde la r\u00e9aliser  dans  des  conditions  \u00e9quivalentes  sans  recourir  a l'expropriation  et si les atteintes\n\u00e0 la propri\u00e9t\u00e9  priv\u00e9e,  le co\u00fbt  financier  et, \u00e9ventuellement,  les inconv\u00e9nients  d'ordre  social  ou\nl'atteinte  \u00e0 d'autres  int\u00e9r\u00eats  publics  qu'elle  comporte  ne sont  pas  excessifs  eu \u00e9gard  \u00e0 l'int\u00e9r\u00eat\nqu'elle  pr\u00e9sente.\nOr, le projet  a pour  objectif  de redynamiser  l'attractivit\u00e9  \u00e9conomique  de son  territoire,  en\ncr\u00e9ant  une  technopole  ciblant  les entreprises  \u00e0 forte  valeur  ajout\u00e9e  (nouvelles  technologies,\nrecherche,  d\u00e9veloppement).  Cette  technopole  a pour  objectif  de r\u00e9\u00e9quilibrer  et renforcer\nl'emploi,  en faveur  des  jeunes.  Elle  s'appuie  \u00e9galement  sur ses atouts  territoriaux  et une\nvalorisation  de l'activit\u00e9  locale,  notamment,  les fili\u00e8res  viticole  et artisanale.\nL'op\u00e9ration  de la ZAC  VARECOPOLE  vise  \u00e0 requalifier  un espace  peu  valoris\u00e9  et consid\u00e9r\u00e9\ndans  un \u00e9tat  d\u00e9grad\u00e9.  Elle  propose  une  int\u00e9gration  paysag\u00e8re  au travers  de la notion\nd'\u00e9cologie  urbaine  et pr\u00e9sente  diff\u00e9rentes  s\u00e9quences  paysag\u00e8res  prenant  en compte  les\ncaract\u00e9ristiques  de la plaine  agricole  du Cannet-des-Maures,  les r\u00e9serves  naturelles  identifi\u00e9es  |\net le paysage  du centre-ville  \u00e0 l'Ouest  du site.\nLe projet  repr\u00e9sente  \u00e9galement  une  opportunit\u00e9  de requalification  en faveur  du\nd\u00e9veloppement  \u00e9conomique.  |\nL'attractivit\u00e9  \u00e9conomique  du territoire  passe  par la cr\u00e9ation  d'emploi  (1000  emplois  estim\u00e9s)\nen promouvant  des  activit\u00e9s  \u00e0 forte  valeur  ajout\u00e9e  dans  les fili\u00e8res  d'avenir,  avec  pour\nambition  d'accueillir  un v\u00e9ritable  \u00e9cosyst\u00e8me  m\u00ealant  entreprises  innovantes,  formation,\nservices  et activit\u00e9s  \u00e0 haute  valeur  ajout\u00e9e,  d\u00e9veloppement  durable  et recherche\nd\u00e9veloppement.  Cette  dynamique  \u00e9conomique  sera  confort\u00e9e  par  la mise  en valeur  des\nsavoir-faire  locaux  et la cr\u00e9ation  d'un  village  de l'artisanat  permettant  ainsi  de renforcer\nl'image  Coeur  du Var.\nEnfin,  des  prescriptions  environnementales  renforc\u00e9es  seront  mises  en oeuvre  par  le ma\u00eetre\nd'ouvrage  avec  notamment  des  constructions  basses  consommations.  \u00c9tant  donn\u00e9  la\nproximit\u00e9  de cette  zone  d'activit\u00e9  \u00e0 la gare  SNCF  du Cannet  des  Maures,  la r\u00e9alisation  d'un\np\u00f4le  multimodal,  projet  port\u00e9  par.  l'intercommunalit\u00e9,  permettra  de constituer  un\ncompl\u00e9ment  de premier  ordre  pour  le d\u00e9veloppement  du projet  VARECOPOLE.\nEn cons\u00e9quence,  compte  tenu  des objectifs  de l'op\u00e9ration  et de ses caract\u00e9ristiques,  les\natteintes  \u00e0 la propri\u00e9t\u00e9  priv\u00e9e,  le co\u00fbt  financier,  la mise  en cause  de la protection  et de la\nvalorisation  de l'environnement  et l'atteinte  \u00e9ventuelle  \u00e0 d'autres  int\u00e9r\u00eats  publics  qu'elle\ncomporte  ne sont  pas  excessifs  eu \u00e9gard  \u00e0 l'int\u00e9r\u00eat  qu'elle  pr\u00e9sente.\nAinsi,  cette  op\u00e9ration  peut  \u00eatre  d\u00e9clar\u00e9e  d'utilit\u00e9  publique.\n3 - Les  mesures  environnementales  accompagnant  le projet\nEn application  de l'article  L122-2  du code  de l'expropriation  pour  cause  d'utilit\u00e9  publique,\ndans  les cas  o\u00f9 les atteintes  \u00e0 l'environnement  o\u00f9 au patrimoine  culturel  que  risque  de\nprovoquer  un projet  de travaux,  d'ouvrages  ou d'am\u00e9nagements  le justifient,  la d\u00e9claration\nd'utilit\u00e9  publique  comporte,  le cas \u00e9ch\u00e9ant,  les mesures  pr\u00e9vues  au | de l'article  L122-1-1  du\ncode  de l'environnement.\n2/6\nPr\u00e9fecture du VAR - 83-2024-12-05-00009 - Arr\u00eat\u00e9 pr\u00e9fectoral du 5 d\u00e9cembre 2024\n 26\n3-1 Le projet  prend  en consid\u00e9ration  l'\u00e9tude  d'impact\nLa mise  en \u0153uvre  des  mesures  d'\u00e9vitement,  de r\u00e9duction  et de compensation  sont  destin\u00e9es\n\u00e0 r\u00e9duire  l'impact  sur l'environnement.\nLe co\u00fbt  des  mesures  des  environnementales  est estim\u00e9\ndans  le tableau  ci-apr\u00e8s.\u00e0 445  100  \u20ac. Elles  sont  synth\u00e9tis\u00e9es\nMel d'Hermann  et la Cistude  d'Europe\nAccompagnement  par  un \u00e9cologue  pour  le balisage  du secteur  a enjeu\nEvitement  des p\u00e9riodes  sensibles  de reproduction  pour  la faune\na-migration  et repro  amphibiens\nME2  b-sortie  des  reptiles  y/c tortue\nc-nidification  oiseaux\nd- p\u00e9riode  larvaire  insectes  prot\u00e9g\u00e9s\nMR1a- Pose  de cl\u00f4ture  maille  soud\u00e9e  40x40  mm  sur 2 420  ml selon  note  \u00ab\nCl\u00f4tures  routi\u00e8res  et faune  - CEREMA  2008  \u00bb , avec  l'accompagnement\n\u00e9cologue  et l'entretien  \u00e0 long terme  de la cl\u00f4ture\nb- Evacuation  des  tortues  d'Hermann  avec  d\u00e9tection  par  chien  cr\u00e9anc\u00e9\nassorti  du d\u00e9placement  des  individus  sur la parcelle  compensatoire\nc- d\u00e9frichement\nd- terrassement,  am\u00e9nagement,  construction\nMR2D\u00e9favorabilisation  progressive  du foss\u00e9  accueillant  du Campagnol\namphibie\n-Fauchage\n-Suivi  du fauchage\nMR3Mesures  en faveur  de la Cistude  d'Europe  : Installation  de barri\u00e8res\nsp\u00e9cialis\u00e9es  anti-Cistude  mutualis\u00e9es  avec  les barri\u00e8res  pour  les Tortues\n3/6\nPr\u00e9fecture du VAR - 83-2024-12-05-00009 - Arr\u00eat\u00e9 pr\u00e9fectoral du 5 d\u00e9cembre 2024\n 27\nMR4Application  des  bonnes  pratiques  de chantier  + accompagnement  lutte\nEsp\u00e8ces  Envahissantes  Exotiques  (EEE)\na - Passage  d'un  botaniste  en juin  (balisage  flore)\nb-Pr\u00e9vention  des  pollutions  accidentelles  et des  d\u00e9chets  \u00e9ventuels\nc- Pr\u00e9vention  de l'envol  de poussi\u00e8res\nd-Proscrire  l'emploi  de produits  phytosanitaires\nMRSLimitation  des  emprises  de chantier  et des  voies  de circulation  pour  la\nconservation  des  corridors  \u00e9cologiques  et la pr\u00e9servation  de zones  de\nrefuge  pour  la faune\nMR6Gestion  des  \u00e9clairages  publics  et limitation  des  perturbations  sur la faune\npar  la pollution  lumineuse\nMR7 \u00c9laboration  d'un plan de gestion  diff\u00e9renci\u00e9e  \u00e0 l'\u00e9chelle  de VarEcop\u00f4le\nMR8 Am\u00e9nagement  en pente  douce  des  berges  des  bassins  et Noues  de la ZAC\nMR9 Lutte  contre  les esp\u00e9ces  exotiques  envahissantes\nMR10Etablissement  d'un  plan  de gestion  des  OLD  en conformit\u00e9  avec  les\ncontraintes  \u00e9cologiques  et la gestion  du risque  incendie\nMesures  de compensati  on (MC)\nMC1Acquisition  et mise  en gestion  de parcelles  en faveur  de la Tortue\nd'Hermann,  comprenant  la cr\u00e9ation  de mares,  la r\u00e9alisation  d'\u00e9claircies  et\nla gestion\nMC2R\u00e9habilitation  d'un  tron\u00e7on  de cours  d'eau  en faveur  du Campagnol\namphibie  comprenant  d\u00e9broussaillage  s\u00e9lectif,  terrassement  en d\u00e9blais,\nprotection  des  berges  avec  toile  de coco  ; ensemencement  et plantation\nde plantes  et d'arbustes  adapt\u00e9s\nMCSFinancement  d'actions  port\u00e9es  par  le CEN  PACA  en faveur  du PNA  de la\nTortue  d'Hermann\n: Mesures  d'accompagnement  (MA)\nMATransplantation  des pieds et r\u00e9cup\u00e9ration  des graines  d'Alpiste  aquatique\net de Fl\u00e9ole  subul\u00e9e\nMA2Am\u00e9nagements  favorables  \u00e0 la biodiversit\u00e9  dans  la conception  du projet\na-noues  et mares  \u00e0 amphibiens  (5)\nb-nichoirs  \u00e0 oiseaux  (12 )\nc-gites  a chiropt\u00e8res  (5)\nd-gites  \u00e0 reptiles  (5)\ne- cr\u00e9ation  d'une  palette  v\u00e9g\u00e9tale  selon  les prescriptions  du CNPN\nf-postes  d'insolation  et sites  de pontes  pour  Cistule\ng- densification  des continuit\u00e9s  bois\u00e9es  existantes\nh-ensemencement  de friche  agricole  favorable  \u00e0 l'Outarde  canepeti\u00e9re\n4/6\nPr\u00e9fecture du VAR - 83-2024-12-05-00009 - Arr\u00eat\u00e9 pr\u00e9fectoral du 5 d\u00e9cembre 2024\n 28\nMA3  Etablissement  d'une  charte  \u00e9cologique  de bonne  conduite  au sein  de\nVarEcop\u00f4le\nMA4  AMO  environnementale  pour  suivi  de chantier  ZAC  assur\u00e9  par  un \u00e9cologue\nMAS  Cahier  d'entretien  sur l'ann\u00e9e  en phase  de fonctionnement\n| _ Mesures  de suivi  (MS)  ;\n: 5 mesures  de suivi  sur 3 ans , et 30 ans pour  la Tortue  d'Hermann\nMS1  Suivi  de la fonctionnalit\u00e9  \u00e9cologique  des  nouveaux  espaces  verts  (MR7)\nMS2  Suivi  de la reconqu\u00eate  des  parcelles  par  la tortue  d'Hermann  (MC1)\nMS3  Suivi  du tron\u00e7on  de cours  d'eau  en faveur  du Campagnol  amphibie  (MC2)\nMS4  Suivi  des  esp\u00e8ces  floristiques  transplant\u00e9es  (MA1)  |\nMS5  Suivi  des  am\u00e9nagements  (abris  et g\u00eetes)  pour  amphibiens  (MA2a),  oiseaux\n(MA2b),  chiropt\u00e8res  (MA2c),  reptiles  (MA2d),  insectes  (MA2e)\n3-2 La prise  en consid\u00e9ration  des  avis  des  collectivit\u00e9s  au regard  des  incidences\nenvironnementales  notables  du projet.\nLe conseil  communautaire  de la communaut\u00e9  de communes  Coeur  du Var  s'est  prononc\u00e9\nfavorablement,  par  d\u00e9lib\u00e9ration  du 30 janvier  2024,  sur ce projet  compte  tenu  des  mesures\nd'\u00e9vitement,  de r\u00e9duction,  de compensation  et de suivi  mises  en place  qui permettent  de\nrendre  acceptable  les incidences  n\u00e9gatives  du projet.\nLe conseil  municipal  de la commune  du Cannet-des-Maures  par  d\u00e9lib\u00e9ration  du\n31 janvier  2024  a \u00e9mis  un avis  favorable  sur la prise  en compte  des  incidences\nenvironnementales  dans  le projet  de la ZAC  VARECOPOLE.\n4- La prise  en consid\u00e9ration  des  r\u00e9sultats  de l'enqu\u00eate  publiqueP q publiq\n4-1 Les avis  du commissaire  enqu\u00e9teur\nDans  ses conclusions  motiv\u00e9es,  en date  du 8 ao\u00fbt  2024,  le commissaire  enqu\u00eateur  a \u00e9mis  :\n* un avis  favorable  a la demande  de d\u00e9claration  d'utilit\u00e9  publique  suivi  d'une  r\u00e9serve  et\nde trois  recommandations  ;\n+ un avis  favorable  \u00e0 l'enqu\u00eate  publique  parcellaire  ;\n* Un avis  favorable  \u00e0 la demande  d'autorisation  environnementale  unique.\nIl r\u00e9sulte  de l'ensemble  de ces  \u00e9l\u00e9ments  que,  compte  tenu  de l'objet  de l'op\u00e9ration  et des\navantages  qu'elle  pr\u00e9sente  eu \u00e9gard  aux  inconv\u00e9nients  limit\u00e9s  qu'elle  comporte,  le projet\nrev\u00eat  un caract\u00e8re  d'int\u00e9r\u00eat  g\u00e9n\u00e9ral  et r\u00e9pond  aux  exigences  pour  \u00eatre  d\u00e9clar\u00e9  d'utilit\u00e9\npublique.  |\n5/6\nPr\u00e9fecture du VAR - 83-2024-12-05-00009 - Arr\u00eat\u00e9 pr\u00e9fectoral du 5 d\u00e9cembre 2024\n 29\n4-2 La d\u00e9claration  de projet  portant  sur l'int\u00e9r\u00eat  g\u00e9n\u00e9ral  de l'op\u00e9ration,  int\u00e8gre  les mesures\nenvironnementales  et prend  en compte  les recommandations  et la r\u00e9serve  du commissaire\nenqu\u00eateur\nPar d\u00e9lib\u00e9ration  du 24 septembre  2024,  le conseil  communautaire  de la communaut\u00e9  de\ncommunes  Coeur  du Var  s'est  prononc\u00e9  favorablement  sur l'int\u00e9r\u00eat  g\u00e9n\u00e9ral  des  travaux\nd'am\u00e9nagement  de la ZAC  VARECOPOLE.  Cette  d\u00e9claration  de projet  acte  la lev\u00e9e  de la\nr\u00e9serve  \u00e9mise  par  le commissaire  enqu\u00eateur.  Elle  int\u00e8gre  les mesures  environnementales  ainsi\nque  les recommandations  du commissaire  enqu\u00eateur.\n\u00e9fet\nPhilipp>  MAH\u00c9 \u00ae\n6/6\nPr\u00e9fecture du VAR - 83-2024-12-05-00009 - Arr\u00eat\u00e9 pr\u00e9fectoral du 5 d\u00e9cembre 2024\n 30\nntfe \u00abSveum31va SNOILVOIHIQGON | : ASIGNILZ0Z/ZL/9L FIVNIDINO NOILIGA LV\u00a3707/\u00a30/82 30N131dWO09 cv\u00a3zoz/OL/LL UNIOVNINWV, A INIWIONVHI CVL Y:UOISISA= \\ \u00e0 dogonys upd-L'y 19142194SVHUNOG 'd sanoovrv yainonog! ZO/S6EVLOZ oN J81580qunaLvaouddv UNALVIIGIIA | unaLovasy SSALLVULSINIWGY L3 SANOINHD3IL SADNIVIAIY000 $Z/L 3713H23G9J 9) BIO) om .= >) =sz \"30 84 4 97Us| 1Peete - INWNIMOWDpos: ' , noTA) 4 J 3 u . : SAYMIVLV.LSSYda 2 - \u2014\u2014 a LS . # rele t.L'Y ge OPxouue eile snod NAeyoueld | & \u00b0Xauu/dnd NOILVNLIS 1d NV 1deseud> IN3NN90Q Nd 3HNLVN310d092uvA ovz \u00ab7 OEP YS: NOLLVH3dOSSYNVW S3Q LANNVD np sunwiwoDYVA Np jusweyedeqSONZAOYd N3 ON 31 oOFees\". NOINOL ep emnoyYVA NG HN3ON SSNNWWOD 30 3LNVYNNWNNONQ\n304vO V10\u20ac:\u20ac8Je/Snq09 97 OMI ZELSINNWMO) 30 JANYNAWINODYVANGYINDI31NVO3ONO9 ALIAILOATIOO FOVYANO.C 3HLIVNd39vS\nPr\u00e9fecture du VAR - 83-2024-12-05-00009 - Arr\u00eat\u00e9 pr\u00e9fectoral du 5 d\u00e9cembre 2024\n 31\n8Z a \"ORE PERAR AERRESche ot[ARLESRAS NT AUUT >SRE LS TETE\" NET iSALUSENY tap sunueiimay \u00ab= = = -- = 4We? 1) eG wesvogtioto ogous\u00a9 NZ \u00a9 OP JUPE QU BUT ESAPT OP OR AURAeeJatoj UOINOL7 gode 550 C 0 npAPft+ L G < 4! \u00abejep ve 910118 6330\" OR OR 28 SET.F Oxeuus 6119 INOS BADOUTE =snes eA \u00a9\u2014 : mal Fest = .es : \u00e6 . SaanWW $90 LaNNVD 7y : =i Nienz ? \u00a7 \" ia . ] = SAMONOEYE: \u00bb + \u00b0 a3 L \" - a\u20ac axouuy = _.. \u00a5 # x .st \u00c0 vt: MYMDINONUO == ws A\"dN 2] ap aaeojdxe 22n0N | 1104093 YA dN e] e a|qGe|easd alanbua,p saissog: \u00c0 a Oa te Piwe 4 \" 2 voneimb\u00e9e wesw MOINOL65 | A +: 4i = Casn: : ,? - f y, .-& 7 | \u00e0 av , v \" L\u00e9# D = ~. ; 2 \u00c9\nPr\u00e9fecture du VAR - 83-2024-12-05-00009 - Arr\u00eat\u00e9 pr\u00e9fectoral du 5 d\u00e9cembre 2024\n 32\nPr\u00e9fecture du VAR\n83-2024-12-06-00002\nAP modificatif IDSR 2024-03 du 06 12 2021-RAA\nPr\u00e9fecture du VAR - 83-2024-12-06-00002 - AP modificatif IDSR 2024-03 du 06 12 2021-RAA 33\nEs\nPREFET\nDU  VAR\nLibert\u00e9\nEgalit\u00e9\nFraternit\u00e9\nCabinet\nDirection des s\u00e9curit\u00e9s\nService de l'\u00e9ducation et\nde la s\u00e9curit\u00e9 routi\u00e8res\nARRETE n\u00b0 PREF83 /SESR/IDSR/2024-03 du 06 d\u00e9cembre 2024\nmodifiant l'arr\u00eat\u00e9 pr\u00e9fectoral n\u00b0PREF83/SESR/IDSR/2023-03 du 29 d\u00e9cembre 2023 po rtant \nd\u00e9signation des intervenants d\u00e9partementaux de s\u00e9curit\u00e9 routi\u00e8re (IDSR) du programme  \n\u00ab agir pour la s\u00e9curit\u00e9 routi\u00e8re  \u00bb du Var\nLe Pr\u00e9fet du Var,\nVu la d\u00e9cision du comit\u00e9 interminist\u00e9riel \u00e0 la s\u00e9curit\u00e9 routi\u00e8re du 7 juillet 2004 de lancer et  \nd\u00e9ployer dans chaque d\u00e9partement un programme de mobilisation pour la s\u00e9curit\u00e9 routi\u00e8re,\nVu la lettre du d\u00e9l\u00e9gu\u00e9 Interminist\u00e9riel \u00e0 la s\u00e9curit\u00e9 routi\u00e8re aux pr\u00e9fets du 23 ao\u00fbt 2004,  \nportant  sur  le  lancement  du  dispositif  pour  la  politique  locale  de  s\u00e9curit\u00e9  routi\u00e8re  et  \nnotamment du programme \u00ab  Agir pour la s\u00e9curit\u00e9 routi\u00e8re  \u00bb, fond\u00e9 sur la mise en \u0153uvre  \nd'op\u00e9rations structur\u00e9es de pr\u00e9vention,\nVu l'arr\u00eat\u00e9 pr\u00e9fectoral n\u00b0 2024/41/MCI du 29 octobre 2024 , portant d\u00e9l\u00e9gation de signature \u00e0  \nMme Jos\u00e9phine GUIGLIANO-BOUTONNET, directrice de cabinet du pr\u00e9fet du Var  ;\nVu  l'arr\u00eat\u00e9  n\u00b0PREF83/SESR/IDSR/2023-03  du  29  d\u00e9cembre  2023  portant  d\u00e9signation  des  \nintervenants  d\u00e9partementaux  de  s\u00e9curit\u00e9  routi\u00e8re  (IDSR)  du  programme  \u00ab Agir  pour  la \ns\u00e9curit\u00e9 routi\u00e8re \u00bb du Var,\nConsid\u00e9rant qu'il convient de mettre \u00e0 jour la liste des IDSR du Var,\nSur proposition de la directrice de cabinet, cheffe de projet s\u00e9curit\u00e9 routi\u00e8re,\nARR\u00caTE :\nArticle  1  er   :  La  liste  des  intervenants  d\u00e9partementaux  de  s\u00e9curit\u00e9  routi\u00e8re  (IDSR)  du  Var  \nannex\u00e9e  \u00e0  l'arr\u00eat\u00e9  n\u00b0PREF83/SESR/IDSR/2023-03  du  29  d\u00e9cembre  2023  est  remplac\u00e9e  par  \nl'annexe du pr\u00e9sent arr\u00eat\u00e9.\nLe reste de l'arr\u00eat\u00e9 n\u00b0PREF83/SESR/IDSR/2023-03 du 29 d\u00e9cembre 2023 est inchang\u00e9.\nArticle 2 : La directrice de cabinet du pr\u00e9fet, cheffe de projet s\u00e9curit\u00e9 routi\u00e8re, est charg\u00e9e de  \nl'ex\u00e9cution du pr\u00e9sent arr\u00eat\u00e9 qui sera publi\u00e9 au recueil des actes administratifs.\nPour le pr\u00e9fet et par d\u00e9l\u00e9gation,\nLa directrice de cabinet\nSign\u00e9 :  Jos\u00e9phine  GUIGLIANO-BOUTONNET\nAP n\u00b0 Pref83/SESR/IDSR/2024-03 1/4\nPr\u00e9fecture du VAR - 83-2024-12-06-00002 - AP modificatif IDSR 2024-03 du 06 12 2021-RAA 34\nAnnexe \u00e0 l'arr\u00eat\u00e9 pr\u00e9fectoral PREF83/ SESR/IDSR/2024-03 du 06 d\u00e9cembre 2024\nLISTE DES INTERVENANTS DEPARTEMENTAUX DE SECURITE ROUTIERE (IDSR)\nDU DEPARTEMENT DU VAR\nNom, Pr\u00e9nom Adresse de r\u00e9sidence\nALQUIER\nPatrick86 impasse H\u00e9ra \u2013 B\u00e2t F3 \u2013 83  160 LA VALETTE-DU-VAR\nAUBER\nSt\u00e9phane579 chemin du Carry, Villa 7 \u2013 83  310 COGOLIN\nBARRET\nAnthonyVilla 23, 109 chemin de Bellevue \u2013 83  470 St MAXIMIN-LA-SAINTE-BAUME\nBARROIS\nThibautImpasse Gabriel P\u00e9ri  \u2013 83 160 LA VALETTE-DU-VAR\nBENDJEDDOU\nTom2089 quartier Taurelle  \u2013  83 340 LE CANNET-DES-MAURES\nBERTHIER\nNicolas-Xavier109, chemin de Bellevue \u2013 83  470 SAINT MAXIMIN-LA- SAINTE-BAUME\nBONSCH\nThierry230 avenue des Pins \u2013 83  700 SAINT-RAPHA\u00cbL\nBOURDEAU\nRoland143 boulevard de Lorraine \u2013 83  480 PUGET-SUR-ARGENS\nCARRION\nFrancis372, ancien chemin de Sceaux \u2013 83  470 St MAXIMIN-LA-SAINTE-BAUME\nCASILE\nRoxane642, route de Tourris \u2013 83 160 LA VALETTE-DU-VAR\nCESARI\nSt\u00e9phane320 rue de la Font des Fabre, B\u00e2t. B, Appt. 208 \u2013 83  210 LA FARLEDE\nCHABAURY\nFabrice219 C, chemin de Pr\u00e9cauvet  \u2013 83  136 GAREOULT\nDEBRIL\nSerge\u00ab La Biscaille \u00bb, 434 all\u00e9e des m\u00e9sanges \u2013 83  470 St MAXIMIN-LA-SAINTE-BAUME\nDELAHAYE\nNicole\u00ab Le Bleuet \u00bb, Rue Victor Rougier \u2013 83  330 LE BEAUSSET\nDOSOLI\nAmaury426 chemin de l'ubac \u2013 83  260 LA CRAU\nDOMBLIDES\nNicolas109 chemin de bellevue, villa 10, 83  470 St MAXIMIN-LA-SAINTE-BAUME\nDRUELLE\nYves3, rue Tourville \u2013 83  000 TOULON\nFONTAINE\nFabian86 impasse H\u00e9ra \u2013 B\u00e2t A2 \u2013 83  160 LA VALETTE-DU-VAR\nGAILLET\nIngrid\u00ab Le domaine de Manon II  \u00bb, B\u00e2t B, Appt. 103, 25 avenue du Contant \u2013 83  310  \nCOGOLIN\nGEHRING\nVal\u00e9rie50 chemin du Borie \u2013 83  240 CAVALAIRE-SUR-MER\nGIGLIOTTI\nIsabelle210, route de la Garde 83  000 TOULON\nGOSSET\nDavidCaserne Massabiau, 183 avenue Alphonse Daudet \u2013 83  300 DRAGUIGNAN\n2/4Pr\u00e9fecture du VAR - 83-2024-12-06-00002 - AP modificatif IDSR 2024-03 du 06 12 2021-RAA 35\nGOUDOU\nPhilippe\u00ab Le Noailles \u00bb 5A boulevard Matignon \u2013 83  400 HYERES\nGORMOND\nPhilippe265 avenue Louis Masson \u2013 83130LA GARDE\nGUIDICELLI\nGr\u00e9gory12 rue des Pinsons \u2013 83260 LA CRAU\nHAYERE\nPatrick229, boulevard de la D\u00e9mocratie, B\u00e2t. F2, appartement 222 \u2013 83  100 TOULON\nJAOUEN\nGa\u00ebtanR\u00e9sidence Les vignes, B\u00e2t D1, 177 avenue Louis Aragon \u2013 83  310 COGOLIN\nLAIGLE\nBernard905 avenue Alfred de Musset \u2013 83  370  SAINT-AYGULF\nLE GRAND\nThierry\u00ab Villa Ker Amour \u00bb, 67 avenue Louis Bl\u00e9riot \u2013 83  200 TOULON\nLEMETTRE\nMaurice143 boulevard de Lorraine \u2013 83  480 PUGET-SUR-ARGENS\nLEROY\nFr\u00e9d\u00e9ric\u00ab 9 Les Bartavelles \u00bb, 30 chemin des Bastidettes \u2013 83  990 SAINT-TROPEZ\nMAIGRET\nAlexandreCaserne Massabiau, 183 avenue Alphonse Daudet \u2013 83  300 DRAGUIGNAN\nMORENO\nRobert\u00ab Le Socrate \u00bb B\u00e2t. C1, 166 avenue Emile Vincent \u2013 83  000 TOULON\nMOSBAHI\nHamidChemin du pont de Vermichelli \u2013 83  590 GONFARON \nMOUZON\nMartial15 impasse des c\u00e8dres \u2013 83  260 LA CRAU\nPARENT\nMarion493 avenue Mar\u00e9chal Koenig \u2013 83  300 DRAGUIGNAN\nPARRINELLO\nMyl\u00e8ne87 , avenue de Locarno \u2013 83  100 TOULON\nPAYET\nBernard\u00ab Les Iris \u00bb B\u00e2t.1, 82, avenue Pasteur \u2013 83  160 LA VALETTE-DU-VAR\nPICARD\nOliver33 chemin de Bonne Gr\u00e2ce \u2013 83  200 TOULON\nPOLYN\nValentin179 rue Pierre Curie \u2013 83  700 SAINT-RAPHA\u00cbL\nRACHENNE\nR\u00e9my579 chemin du Carry \u2013 83  310 COGOLIN\nRADISSON\nMichel\u00ab La Providence \u00bb, 35 avenue Belgarde \u2013 83  100 TOULON\nROSEC\nJacquesTraverse du Boulodrome \u2013 83  390  PUGET-VILLE\nSEMEDO-RAMOS\nAnna61 impasse des cerisiers \u2013 83  520 ROQUEBRUNNE SUR ARGENS\nSERRUS\nJean-MarcR\u00e9sidence le clos Jardin, rue Jean Monnet \u2013 83  220 Le PRADET\nSOULI\u00c9\nC\u00e9dric126 Avenue Van Gogh \u2013 83  340 LE LUC-EN-PROVENCE\nAP n\u00b0 Pref83/SESR/IDSR/2024-03 3/4Pr\u00e9fecture du VAR - 83-2024-12-06-00002 - AP modificatif IDSR 2024-03 du 06 12 2021-RAA 36\nSPANGARO\nMario91 Avenue de la Giscle, Domaine de la grande bleue, N\u00b021 \u2013 83 310 COGOLIN\nSZCZESNIAK\nYannick12 impasse des sources \u2013 83 550 VIDAUBAN\nTOGNERI\nMelvin164 Avenue de Bellevue, 8320 ROQUEBRUNNE SUR ARGENS\nVALENCE\nDavy239 impasse du sous-marin Casabianca \u2013 83  000 TOULON\n4/4Pr\u00e9fecture du VAR - 83-2024-12-06-00002 - AP modificatif IDSR 2024-03 du 06 12 2021-RAA 37\nSecr\u00e9tariat g\u00e9n\u00e9ral commun d\u00e9partemental\n83-2024-12-05-00007\nArr\u00eat\u00e9 n\u00b0SGC/2024 du 5 d\u00e9cembre 2024 portant\nsubd\u00e9l\u00e9gation de signature et\nd'ordonnancement secondaire aux cadres du\nsecr\u00e9tariat g\u00e9n\u00e9ral commun d\u00e9partemental du\nVar\nSecr\u00e9tariat g\u00e9n\u00e9ral commun d\u00e9partemental - 83-2024-12-05-00007 - Arr\u00eat\u00e9 n\u00b0SGC/2024 du 5 d\u00e9cembre 2024 portant subd\u00e9l\u00e9gation\nde signature et d'ordonnancement secondaire aux cadres du secr\u00e9tariat g\u00e9n\u00e9ral commun d\u00e9partemental du Var 38\n=m\nPREFET\nDU  VAR\nLibert\u00e9\nEgalit\u00e9\nFraternit\u00e9\nARR\u00caT\u00c9 n\u00b0 SGC/ 2024 \u2013 du 5 d\u00e9cembre 2024\nPortant subd\u00e9l\u00e9gation de signature et d'ordonnancement secondaire aux  \ncadres du secr\u00e9tariat g\u00e9n\u00e9ral commun d\u00e9partemental du Var\nLe Pr\u00e9fet du Var,\nVu la loi organique n\u00b0  2001-692 du 1er ao\u00fbt 2001 modifi\u00e9e, relative aux lois de finances  ;\nVu la loi d'orientation n\u00b0  92-125 du 6 f\u00e9vrier 1992 modifi\u00e9e, relative \u00e0 l'administration\nterritoriale de la R\u00e9publique  ;\nVu le d\u00e9cret n\u00b082-453 du 28 mai 1982 relatif \u00e0 l'hygi\u00e8ne et \u00e0 la s\u00e9curit\u00e9 du travail ainsi  \nqu'\u00e0 la pr\u00e9vention m\u00e9dicale dans la fonction publique  ;\nVu le d\u00e9cret n\u00b0 2004-374 du 29 avril 2004 modifi\u00e9, relatif aux pouvoirs des pr\u00e9fets, \u00e0\nl'organisation et \u00e0 l'action des services de l'\u00c9tat dans les r\u00e9gions et d\u00e9partements  ;\nVu le d\u00e9cret n\u00b0 2006-1780 du 23 d\u00e9cembre 2006 modifi\u00e9, portant d\u00e9l\u00e9gation de pouvoir  \nen mati\u00e8re de recrutement et de gestion de certains personnels relevant du minist\u00e8re  \nde l'int\u00e9rieur ;\nVu  le  d\u00e9cret  n\u00b0  2009-1484  du  3  d\u00e9cembre  2009  modifi\u00e9,  relatif  aux  directions  \nd\u00e9partementales interminist\u00e9rielles  ;\nVu le d\u00e9cret n\u00b0 2012-1246 du 7 novembre 2012 modifi\u00e9, relatif \u00e0 la gestion budg\u00e9taire et  \ncomptable publique  ;\nVu le d\u00e9cret n\u00b0 2015-510 du 7 mai 2015 modifi\u00e9, portant charte de la d\u00e9concentration  ;\nVu le d\u00e9cret n\u00b0 2019-1594 du 31 d\u00e9cembre 2019 modifi\u00e9, relatif aux emplois de direction  \nde l'\u00c9tat, notamment les articles 34 et suivants  ;\nVu le d\u00e9cret n\u00b0 2020-99 du 7 f\u00e9vrier 2020 relatif \u00e0 l'organisation et aux missions des  \nsecr\u00e9tariats g\u00e9n\u00e9raux communs d\u00e9partementaux  ;\nVu  le  d\u00e9cret  n\u00b02020-1427  du  20  novembre  2020  relatif  aux  comit\u00e9s  sociaux  \nd'administration dans les administrations et les \u00e9tablissements publics de l'\u00c9tat  ;\n1Secr\u00e9tariat g\u00e9n\u00e9ral commun \nd\u00e9partemental\nSecr\u00e9tariat g\u00e9n\u00e9ral commun d\u00e9partemental - 83-2024-12-05-00007 - Arr\u00eat\u00e9 n\u00b0SGC/2024 du 5 d\u00e9cembre 2024 portant subd\u00e9l\u00e9gation\nde signature et d'ordonnancement secondaire aux cadres du secr\u00e9tariat g\u00e9n\u00e9ral commun d\u00e9partemental du Var 39\nVu le d\u00e9cret du Pr\u00e9sident de la R\u00e9publique du 13 juillet 2023 portant nomination de M.  \nPhilippe MAHE, pr\u00e9fet du Var ;\nVu l'arr\u00eat\u00e9 du 31 mars 2011 modifi\u00e9, portant d\u00e9concentration des d\u00e9cisions relatives \u00e0  \nla  situation  individuelle  des  fonctionnaires  et  agents  non  titulaires  exer\u00e7ant  leurs  \nfonctions dans les directions d\u00e9partementales interminist\u00e9rielles  ;\nVu l'arr\u00eat\u00e9 du 28 d\u00e9cembre 2017 modifi\u00e9, portant d\u00e9l\u00e9gation de pouvoir en mati\u00e8re de  \nrecrutement et de gestion des personnels administratifs du minist\u00e8re de l'Int\u00e9rieur  ;\nVu la circulaire du 12 juin 2019 du Premier ministre relative \u00e0 la mise en \u0153uvre de la  \nr\u00e9forme de l'organisation territoriale de l'\u00c9tat  ;\nVu la circulaire n\u00b0  6104/SG du 2 ao\u00fbt 2019 du Premier ministre relative \u00e0 la constitution  \nde secr\u00e9tariats g\u00e9n\u00e9raux communs aux pr\u00e9fectures et aux directions d\u00e9partementales  \ninterminist\u00e9rielles  ;\nVu l'arr\u00eat\u00e9 n\u00b02020/96/MCI du 29 d\u00e9cembre 2020 portant cr\u00e9ation et organisation du  \nsecr\u00e9tariat g\u00e9n\u00e9ral commun d\u00e9partemental du Var  ;\nVu  l'arr\u00eat\u00e9 pr\u00e9fectoral  n\u00b02024/45/MCI  du  15  octobre  2024  portant  d\u00e9l\u00e9gation  de  \nsignature et d'ordonnancement secondaire \u00e0 Monsieur S\u00e9bastien ODDONE, Directeur  \ndu secr\u00e9tariat g\u00e9n\u00e9ral commun d\u00e9partemental du Var  ;\nVu l'arr\u00eat\u00e9 pr\u00e9fectoral SGC/2024 \u2013 du 18 octobre 2024 portant d\u00e9l\u00e9gation de signature  \net  d'ordonnancement  secondaire  aux  cadres  du  secr\u00e9tariat  g\u00e9n\u00e9ral  commun  \nd\u00e9partemental du Var  ;\nSur proposition du directeur du secr\u00e9tariat g\u00e9n\u00e9ral commun d\u00e9partemental  ;\nARR\u00caTE\nArticle 1 : La d\u00e9l\u00e9gation de signature donn\u00e9e \u00e0 M. S\u00e9bastien ODDONE directeur du  \nsecr\u00e9tariat g\u00e9n\u00e9ral commun d\u00e9partemental du Var, par n\u00b02024/MCI du 15 octobre 2024  \nest subd\u00e9l\u00e9gu\u00e9e \u00e0  :\nMme Marie BAILLY, attach\u00e9e principale d'administration de l'\u00c9tat, directrice-adjointe  \ndu secr\u00e9tariat g\u00e9n\u00e9ral commun d\u00e9partemental.\nCette  subd\u00e9l\u00e9gation  porte  sur  toutes  les  mati\u00e8res  d\u00e9finies  \u00e0  l'arr\u00eat\u00e9  pr\u00e9fectoral  \nn\u00b02024/MCI du 15 octobre 2024 susvis\u00e9, aux fins de signer tous actes, documents ou  \nd\u00e9cisions se traduisant par l'ordonnancement secondaire des recettes et des d\u00e9penses  \nde l'\u00c9tat, relevant des attributions et du fonctionnement du SGCD, imput\u00e9es sur les  \nprogrammes suivants et dans la limite de 100  000 \u20ac :\n\u2022124 \u00ab Conduite et soutien des politiques sanitaires, sociales, du sport, de  \nla  jeunesse  et  de  la  vie  associative  \u00bb,  en  ce  qu'elles  concernent  les  \nd\u00e9penses m\u00e9dicales et d'action sociale  \u00bb ;\n2Secr\u00e9tariat g\u00e9n\u00e9ral commun d\u00e9partemental - 83-2024-12-05-00007 - Arr\u00eat\u00e9 n\u00b0SGC/2024 du 5 d\u00e9cembre 2024 portant subd\u00e9l\u00e9gation\nde signature et d'ordonnancement secondaire aux cadres du secr\u00e9tariat g\u00e9n\u00e9ral commun d\u00e9partemental du Var 40\n\u2022134  \u00ab d\u00e9veloppement  des  entreprises  \u00bb,  en  ce  qu'elles  concernent  les  \nd\u00e9penses  m\u00e9dicales et d'action sociale  ;\n\u2022148 \u00ab fonction publique  \u00bb ;\n\u2022155 \u00ab Conception, gestion et \u00e9valuation des politiques de l'emploi et du  \ntravail,  en  ce  qu'elles  concernent  les  d\u00e9penses  m\u00e9dicales  et d'action \nsociale ;\n\u2022176 \u00ab police nationale \u00bb, en ce qu'elles concernent les commissions de  \nsecours et l'action sociale  ; \n\u2022206  \u00ab s\u00e9curit\u00e9  et  qualit\u00e9  sanitaires  de  l'alimentation  \u00bb,  en  ce  qu'elles  \nconcernent les d\u00e9penses  m\u00e9dicales et d'action sociale  ;\n\u2022207 \u00ab S\u00e9curit\u00e9 et \u00e9ducation routi\u00e8res  \u00bb\n\u2022215 \u00ab conduite et pilotage des politiques de l'agriculture  \u00bb, en ce qu'elles \nconcernent les d\u00e9penses  m\u00e9dicales et d'action sociale  ;\n\u2022216 \u00ab conduite et pilotage des politiques de l'Int\u00e9rieur  \u00bb, en ce qu'elles \nconcernent les d\u00e9penses d'action sociale  et l'action 6 affaires juridiques  \net contentieuses ;\n\u2022217 \u00ab conduite et pilotage des politiques de l'\u00e9cologie, du d\u00e9veloppement  \net  de  la  mobilit\u00e9  durables  \u00bb,  en  ce  qu'elles  concernent  les  d\u00e9penses  \nm\u00e9dicales, d'action sociale, de d\u00e9placements et de mission ;\n\u2022348  \u00ab r\u00e9novation  des  cit\u00e9s  administratives  et  autres  sites  domaniaux  \nmulti-occupants \u00bb ;\n\u2022349 \u00ab fonds pour la transformation de l'action publique  \u00bb ;\n\u2022354 \u00ab administration territoriale de l'\u00c9tat  \u00bb ;\n\u2022362 \u00ab \u00e9cologie \u00bb ;\n\u2022363 \u00ab comp\u00e9titivit\u00e9 \u00bb ;\n\u2022723 \u00ab op\u00e9rations immobili\u00e8res et entretien des b\u00e2timents de l'\u00c9tat  \u00bb.\nArticle  2 :  D\u00e9l\u00e9gation  de  signature  est  donn\u00e9e,  \u00e0  l'effet  de  signer  les  actes  et  \ndocuments relevant de la comp\u00e9tence de leur service interminist\u00e9riel \u00e0  :\n\u2022M. Franck MAINAS, attach\u00e9 principal d'administration de l'\u00c9tat, chef du service \ninterminist\u00e9riel des ressources humaines;\n\u2022M. Alexandre PROUD,  attach\u00e9 principal d 'administration de l'\u00c9tat, charg\u00e9 de  \nmission service interminist\u00e9riel du budget et des achats  ;\n\u2022Mme Pascale GRAPPIN, Ing\u00e9nieur en chef, cheffe du service interminist\u00e9riel de  \nl'immobilier, de la logistique, du courrier, et de l'accueil ;\n\u2022M. Herv\u00e9 MARCY, ing\u00e9nieur des syst\u00e8mes d'information et de communication,  \nchef du service interminist\u00e9riel d\u00e9partemental des syst\u00e8mes d'information et de  \ncommunication ;\nArticle 3 : D\u00e9l\u00e9gation de signature est donn\u00e9e \u00e0 M. Franck MAINAS, chef du  service \ninterminist\u00e9riel des ressources humaines , pour signer les actes et documents relevant  \ndu service interminist\u00e9riel des ressources humaines, \u00e0 savoir la gestion des carri\u00e8res, le  \ntemps partiel, le suivi des effectifs, la formation, l'action sociale et le dialogue social, se \ntraduisant par l'ordonnancement secondaire des recettes et des d\u00e9penses de l'\u00c9tat,  \nrelevant des attributions et du fonctionnement du SGCD, imput\u00e9es sur les programmes  \nsuivants et \u00e0 concurrence de 5  000 \u20ac :\n\u25aa124 \u00ab conduite et soutien des politiques sanitaires, sociales, du sport, de  \nla  jeunesse  et  de  la  vie  associative  \u00bb,  en  ce  qu'elles  concernent  les  \nd\u00e9penses m\u00e9dicales et d'action sociale  \u00bb ;\n3Secr\u00e9tariat g\u00e9n\u00e9ral commun d\u00e9partemental - 83-2024-12-05-00007 - Arr\u00eat\u00e9 n\u00b0SGC/2024 du 5 d\u00e9cembre 2024 portant subd\u00e9l\u00e9gation\nde signature et d'ordonnancement secondaire aux cadres du secr\u00e9tariat g\u00e9n\u00e9ral commun d\u00e9partemental du Var 41\n\u25aa134  \u00ab d\u00e9veloppement  des  entreprises  \u00bb,  en  ce  qu'elles  concernent  les  \nd\u00e9penses m\u00e9dicales et d'action sociale  ;\n\u25aa155 \u00ab conception, gestion et \u00e9valuation des  politiques de l'emploi et du  \ntravail,  en  ce  qu'elles  concernent  les  d\u00e9penses  m\u00e9dicales  et d'action \nsociale ;\n\u25aa176 \u00ab police nationale \u00bb, en ce qu'elles concernent les commissions de  \nsecours et l'action sociale ; \n\u25aa206  \u00ab s\u00e9curit\u00e9  et  qualit\u00e9  sanitaires  de  l'alimentation  \u00bb,  en  ce  qu'elles  \nconcernent les d\u00e9penses m\u00e9dicales et d'action sociale  ;\n\u25aa215 \u00ab conduite et pilotage des politiques de l'agriculture  \u00bb, en ce qu'elles \nconcernent les d\u00e9penses m\u00e9dicales et d'action sociale  ;\n\u25aa216 \u00ab conduite et pilotage des politiques de l'Int\u00e9rieur  \u00bb, en ce qu'elles \nconcernent les d\u00e9penses m\u00e9dicales et d'action sociale  ;\n\u25aa217 \u00ab conduite et pilotage des politiques de l'\u00e9cologie, du d\u00e9veloppement  \net  de  la  mobilit\u00e9  durables  \u00bb,  en  ce  qu'elles  concernent  les  d\u00e9penses  \nm\u00e9dicales et d'action sociale  ;\n\u25aa354 \u00ab administration territoriale de l'Etat  \u00bb, en ce qu'elles concernent les  \nd\u00e9penses d'action social e, de formation et  le titre 2.\nEn cas d'absence ou d'emp\u00eachement de M. Franck MAINAS, d\u00e9l\u00e9gation est donn\u00e9e  \ndans les m\u00eames conditions et sous son contr\u00f4le \u00e0  :\n\u2022Mme Vanessa GEBELLIN, attach\u00e9e, en sa qualit\u00e9 d'adjointe au chef du SIRH,  \ncheffe du p\u00f4le MI et du p\u00f4le contractuels ATE, pou r les actes et documents  \nrelevant  du  service  interminist\u00e9riel  des  ressources  humaines  pr\u00e9cit\u00e9s  se \ntraduisant par l'ordonnancement secondaire des recettes et des d\u00e9penses de  \nl'\u00c9tat, relevant des attributions et du fonctionnement du SGCD, imput\u00e9es sur les  \nprogrammes suivants et \u00e0 concurrence de 5  000 \u20ac ;\n\u2022Mme  Karine  DEON,  inspectrice  du  travail,  en  sa  qualit\u00e9  de  cheffe  de  p\u00f4le  \nMASA/MSO, pour les actes et documents relevant de la gestion courante  des  \ncarri\u00e8res  du  personnel  du  minist\u00e8re  de  l'agriculture  et  de  la  souverainet\u00e9  \nalimentaire  et  du  personnel  relevant  du  secr\u00e9tariat  g\u00e9n\u00e9ral  des  minist\u00e8res  \ncharg\u00e9s des affaires sociales ; \n\u2022Mme Caroline MEZIERES, attach\u00e9e d'administration de l'Etat, en sa qualit\u00e9 de  \ncheffe de p\u00f4le du minist\u00e8re de la transition \u00e9cologique et du minist\u00e8re des  \n\u00e9conomies, pour les actes et documents relevant de la gestio n courante des \ncarri\u00e8res du personnel du minist\u00e8re, d e la transition \u00e9cologique et du minist\u00e8re  \ndes \u00e9conomies ;\n\u2022M. Jo\u00ebl BELLENGER, attach\u00e9 d'administration de l'\u00c9tat, en sa qualit\u00e9 de chef de  \np\u00f4le action sociale, dialogue social, \u00e0 l'effet de signer les d\u00e9cisions de d\u00e9pense  \nrentrant dans le champ d'action de son p\u00f4le, \u00e0 concurrence d'un montant de  \n5 000 \u20ac, et de signer les arr\u00eat\u00e9s attributifs de subvention ainsi que les d\u00e9cisions  \nindividuelles de prestations d'action sociale  ;\n\u2022D\u00e9l\u00e9gation de signature est \u00e9galement donn\u00e9e \u00e0 Mme Astrid DORNEL, adjointe  \nadministrative, pour tous les actes de gestion dans Chorus Formulaires pour les  \nd\u00e9penses en mati\u00e8re de RH  ;\nD\u00e9l\u00e9gation de signature est \u00e9galement donn\u00e9e \u00e0 Mme Sophie NAWROCKI, secr\u00e9taire  \nadministrative  de  classe  sup\u00e9rieure  pour  tous  les  actes  de  gestion  dans  Chorus  \nFormulaires pour les d\u00e9penses en mati\u00e8re de RH  ;\n4Secr\u00e9tariat g\u00e9n\u00e9ral commun d\u00e9partemental - 83-2024-12-05-00007 - Arr\u00eat\u00e9 n\u00b0SGC/2024 du 5 d\u00e9cembre 2024 portant subd\u00e9l\u00e9gation\nde signature et d'ordonnancement secondaire aux cadres du secr\u00e9tariat g\u00e9n\u00e9ral commun d\u00e9partemental du Var 42\nArticle   4   : D\u00e9l\u00e9gation de signature est donn\u00e9e \u00e0 M. Alexandre PROUD, en sa qualit\u00e9 de  \ncharg\u00e9 de mission service interminist\u00e9riel du budget et des achats, aux fins de signer  \ntous actes, documents ou d\u00e9cisions se traduisant par l'ordonnancement secondaire des  \nrecettes et des d\u00e9penses de l'\u00c9tat, relevant des attributions et du fonctionnement du  \nSGCD et imput\u00e9es sur les programmes suivants, \u00e0 concurrence de 30  000 \u20ac :\n\u25aa124 \u00ab conduite et soutien des politiques sanitaires, sociales, du sport, de  \nla  jeunesse  et  de  la  vie  associative  \u00bb,  en  ce  qu'elles  concernent  les  \nd\u00e9penses d'action sociale  \u00bb ;\n\u25aa134  \u00ab d\u00e9veloppement  des  entreprises  \u00bb,  en  ce  qu'elles  concernent  les  \nd\u00e9penses d'action sociale  ;\n\u25aa148 \u00ab fonction publique  \u00bb ;\n\u25aa155 \u00ab conception, gestion et \u00e9valuation des  politiques de l'emploi et du  \ntravail, en ce qu'elles concernent les d\u00e9penses d'action sociale  ;\n\u25aa206  \u00ab s\u00e9curit\u00e9  et  qualit\u00e9  sanitaires  de  l'alimentation  \u00bb,  en  ce  qu'elles  \nconcernent les d\u00e9penses d'action sociale  ;\n\u25aa207 \u00ab S\u00e9curit\u00e9 et \u00e9ducation routi\u00e8res  \u00bb\n\u25aa215 \u00ab conduite et pilotage des politiques de l'agriculture  \u00bb, en ce qu'elles \nconcernent les d\u00e9penses d'action sociale  ;\n\u25aa216 \u00ab conduite et pilotage des politiques de l'Int\u00e9rieur  \u00bb, en ce qu'elles \nconcernent les d\u00e9penses d'action sociale  et l'action 6 affaires juridiques  \net contentieuses ;\n\u25aa217 \u00ab conduite et pilotage des politiques de l'\u00e9cologie, du d\u00e9veloppement  \net  de  la  mobilit\u00e9  durables  \u00bb,  en  ce  qu'elles  concernent  les  d\u00e9penses  \nd'action sociale, m\u00e9dicales et frais de d\u00e9placements et de mission  ;\n\u25aa348  \u00ab r\u00e9novation  des  cit\u00e9s  administratives  et  autres  sites  domaniaux  \nmulti-occupants \u00bb ;\n\u25aa349 \u00ab fonds pour la transformation de l'action publique  \u00bb pour la saisie \ndes expressions de besoin et la constatation du service fait dans Chorus  \nformulaires des actes juridiques \u00e9ligibles au fonds de transformation de  \nl'action publique ;\n\u25aa354 \u00ab administration territoriale de l'\u00c9tat  \u00bb, hors titre 2 ;\n\u25aa362 \u00ab \u00e9cologie \u00bb ;\n\u25aa363 \u00ab comp\u00e9titivit\u00e9 \u00bb ;\n\u25aa723 \u00ab op\u00e9rations immobili\u00e8res et entretien des b\u00e2timents de l'\u00c9tat  \u00bb.\nAinsi que :\n\u2022la validation des demandes d'achat et la constatation des services faits dans les  \napplications Chorus formulaires et Chorus DT  ;\n\u2022les actes et documents relevant des march\u00e9s publics;\n\u2022toutes  les  pi\u00e8ces  relatives  \u00e0  la  programmation  et  au  pilotage  de  l'unit\u00e9  \nop\u00e9rationnelle (UO) 83 des programmes de la r\u00e9gion Provence-Alpes-C\u00f4te d'Azur  \ng\u00e9r\u00e9s par le secr\u00e9tariat g\u00e9n\u00e9ral commun d\u00e9partemental  ;\n\u2022tous  documents  comptables  n\u00e9cessaires  \u00e0  la  gestion  des  cartes  achats  des  \nporteurs de cartes achats au titre des programmes suivants  :\n\u25aa354 \u00ab administration territoriale de l'\u00c9tat  \u00bb ;\n\u25aa149 \u00ab for\u00eat \u00bb ;\n\u25aa205 \u00ab s\u00e9curit\u00e9 et affaires maritimes, p\u00eache et aquaculture  \u00bb.\n\u25aa206 \u00ab s\u00e9curit\u00e9 et qualit\u00e9 sanitaires de l'alimentation  \u00bb ;\n\u25aa207 \u00ab frais de d\u00e9placements et de mission  \u00bb\n5Secr\u00e9tariat g\u00e9n\u00e9ral commun d\u00e9partemental - 83-2024-12-05-00007 - Arr\u00eat\u00e9 n\u00b0SGC/2024 du 5 d\u00e9cembre 2024 portant subd\u00e9l\u00e9gation\nde signature et d'ordonnancement secondaire aux cadres du secr\u00e9tariat g\u00e9n\u00e9ral commun d\u00e9partemental du Var 43\nEn cas d'absence ou d'emp\u00eachement de M. Alexandre PROUD, d\u00e9l\u00e9gation est donn\u00e9e,  \ndans les m\u00eames conditions et sous son contr\u00f4le, \u00e0  :\n\u2022Mme  Audrey  HORNBURG,  SACS,  en  sa  qualit\u00e9  de  chef  de  p\u00f4le  adjointe  \n\u00ab march\u00e9s  et  d\u00e9penses  immobili\u00e8res  \u00bb pour  tous  les  actes  de  gestion  (sauf  \npilotage  et  programmation)  relatifs  aux  d\u00e9penses  immobili\u00e8res  sur  les  \nprogrammes suivants  :\n-348  \"r\u00e9novation  des  cit\u00e9s  administratives  et  autres  sites  domaniaux  multi-\noccupants\"\n- 349 \"fonds pour la transformation de l'action publique\" \n- 354 \"administration territoriale de l'\u00c9tat\"\n- 723 \"op\u00e9rations immobili\u00e8res et entretien des b\u00e2timents de l'\u00c9tat\"\net pour les actes et documents relevant des march\u00e9s publics, \u00e0 concurrence de  \n5 000 \u20ac ;\n\u2022M. Franck BOUISSOU, attach\u00e9, en sa qualit\u00e9 de chef  du p\u00f4le \u00ab d\u00e9penses de \nfonctionnement et CIC \u00bb  pour\n\u25e6tous les actes de gestion dans Chorus Coeur, Chorus Formulaires et Chorus  \nDT, \u00e0 concurrence de 5  000 \u20ac\u00a0;\n\u25e6tous  documents comptables n\u00e9cessaires \u00e0 la gestion des cartes achats des  \nporteurs de cartes achats au titre des programmes suivants  :\n\u25aa149 \u00ab for\u00eat \u00bb ;\n\u25aa205 \u00ab s\u00e9curit\u00e9 et affaires maritimes, p\u00eache et aquaculture  \u00bb ;\n\u25aa206 \u00ab s\u00e9curit\u00e9 et qualit\u00e9 sanitaires de l'alimentation  \u00bb ;\n\u25aa207 \u00ab frais de d\u00e9placements et de mission  \u00bb\n\u25aa216 \u00ab conduite et pilotage des politiques de l'int\u00e9rieur  \u00bb\n\u25aa217 \u00ab conduite et pilotage des politiques de l'\u00e9cologie, du d\u00e9veloppement  \net  de  la  mobilit\u00e9  durables  \u00bb,  en  ce  qu'elles  concernent  les  d\u00e9penses  \nd'action sociale, m\u00e9dicales et frais de d\u00e9placements et de mission  ;\n\u25aa348  \u00ab r\u00e9novation  des  cit\u00e9s  administratives  et  autres  sites  domaniaux  \nmulti-occupants \u00bb ;\n\u25aa349 \u00ab fonds pour la transformation de l'action publique  \u00bb pour la saisie \ndes expressions de besoin et la constatation du service fait dans Chorus  \nformulaires des actes juridiques \u00e9ligibles au fonds de transformation de  \nl'action publique ;\n\u25aa354 \u00ab administration territoriale de l'\u00c9tat  \u00bb ;\n\u25aa723 \u00ab op\u00e9rations immobili\u00e8res et entretien des b\u00e2timents de l'\u00c9tat  \u00bb.\n\u2022Mme Audrey HORNBURG, secr\u00e9taire administrative de classe sup\u00e9rieure  ; Mme \nTania GIANATI-KOULINSKY, secr\u00e9taire administrative de classe normale  ; Mmes \nMuriel GATTI, Mich\u00e8le RAKOTOZAFY, Val\u00e9rie WEISS, et M. St\u00e9phane DENIAU,  \nadjoints  administratifs  principaux;  et  Mmes  Elodie  MIETTE  et  Yolaine  MONI  \nadjointes administratives, pour tous les actes de gestion dans Chorus Coeur,  \nChorus Formulaires et Chorus DT.\nArticle     5   : D\u00e9l\u00e9gation de signature est donn\u00e9e \u00e0 Mme Pascale GRAPPIN, cheffe du  \nservice interminist\u00e9riel de l'  immobilier, de la logistique, du courrier, et de l'accueil, aux \nfins de signer tous actes, documents ou d\u00e9cisions portant sur la gestion immobili\u00e8re et  \nlogistique des sites de la pr\u00e9fecture et des DDI et sur la gestion du parc automobile, sur  \nla  gestion  du  courrier  et  de  l'accueil,  imput\u00e9es  sur  les  programmes  suivants,  et  \u00e0  \nconcurrence de 5  000 \u20ac :\n6Secr\u00e9tariat g\u00e9n\u00e9ral commun d\u00e9partemental - 83-2024-12-05-00007 - Arr\u00eat\u00e9 n\u00b0SGC/2024 du 5 d\u00e9cembre 2024 portant subd\u00e9l\u00e9gation\nde signature et d'ordonnancement secondaire aux cadres du secr\u00e9tariat g\u00e9n\u00e9ral commun d\u00e9partemental du Var 44\n- 148 \"fonction publique\"\n- 348 \"r\u00e9novation des cit\u00e9s administratives et autres sites domaniaux multi-occupants\"\n- 349 \"fonds pour la transformation de l'action publique\" \n- 354 \"administration territoriale de l'\u00c9tat\"\n- 362 \u00ab \u00e9cologie \u00bb ;\n- 723 \"op\u00e9rations immobili\u00e8res et entretien des b\u00e2timents de l'\u00c9tat\"\nEn  cas  d'absence  ou  d'emp\u00eachement  de  Mme  Pascale  GRAPPIN,  d\u00e9l\u00e9gation  est  \ndonn\u00e9e, dans les m\u00eames conditions et sous son contr\u00f4le, \u00e0  :\nM.  Jean-Paul  CURT,  ouvrier  des  parcs  et  ateliers,  en  sa  qualit\u00e9  de  chef  du  p\u00f4le  \ntechnique ,  pour  les  actes,  documents  et  d\u00e9penses  relevant  de  son  unit\u00e9,  \u00e0  \nconcurrence de 5  000 \u20ac ;\nM. Julien MARCELLE, contr\u00f4leur des services techniques, en qualit\u00e9 de chef des sites de  \nla DDETS et de la DDPP pour les actes, documents et d\u00e9penses relevant de son unit\u00e9, \u00e0  \nconcurrence de 2 500  \u20ac ;\nM. Jean-Guy CHRISTOPHE, contr\u00f4leur des services techniques de classe sup\u00e9rieure, en  \nqualit\u00e9 de responsable technique du site de la pr\u00e9fecture et de la sous-pr\u00e9fecture de  \nBrignoles, pour les actes, documents et d\u00e9penses relevant de son unit\u00e9, \u00e0 concurrence  \nde\n2 500 \u20ac  ;\nM. Fabrice VALERE, contr\u00f4leur des services techniques de classe normale, en qualit\u00e9 de  \nchef de site \u00e0 Draguignan pour les actes, documents et d\u00e9penses relevant de son unit\u00e9,  \n\u00e0 concurrence de 2 500  \u20ac ;\nM.  Fabrice  ALLEGRINI,  Contr\u00f4leur  des  services  techniques,  charg\u00e9  de  mission  \nimmobilier,  s'agissant  de  la  constatation  des  \u00ab  services  r\u00e9alis\u00e9s\u00bb  par  les  entreprises  \nprestataires ext\u00e9rieures  ;\nM. Georges JOLO, adjoint technique principal, en qualit\u00e9 d'agent technique du site de  \nla  pr\u00e9fecture  et  des  sous-pr\u00e9fectures,  s'agissant  de  la  constatation  des  \u00ab  services \nr\u00e9alis\u00e9s\u00bb par les entreprises prestataires ext\u00e9rieures  dans son p\u00e9rim\u00e8tre d'intervention ;\nM. Gerald VANDENBROEK, adjoint technique principal, en qualit\u00e9 d'agent technique  \ndu  site  de  la  pr\u00e9fecture  et  des  sous-pr\u00e9fectures,  s'agissant  de  la  constatation  des  \n\u00ab services  r\u00e9alis\u00e9s\u00bb  par  les  entreprises  prestataires  ext\u00e9rieures  dans  son  p\u00e9rim\u00e8tre  \nd'intervention ;\nM. Said LARABI, adjoint technique principal, en qualit\u00e9 d'agent technique du site DDI  \nDDTM  Draguignan,  s'agissant  de  la  constatation  des  \u00ab  services  r\u00e9alis\u00e9s\u00bb  par  les  \nentreprises prestataires ext\u00e9rieures  dans son p\u00e9rim\u00e8tre d'intervention ;\nMme Sophie BERANGER, secr\u00e9taire administrative de classe sup\u00e9rieure, en qualit\u00e9 de  \ncharg\u00e9e de mission immobilier, s'agissant de la constatation des \u00ab  services r\u00e9alis\u00e9s\u00bb par  \nles entreprises prestataires ext\u00e9rieures  ;\nArticle   6   : D\u00e9l\u00e9gation est donn\u00e9e \u00e0 M. Herv\u00e9 MARCY, en sa qualit\u00e9 de chef du service  \ninterminist\u00e9riel  d\u00e9partemental  des  syst\u00e8mes  d'information  et  de  communication  \n(SIDSIC) ,  aux  fins  de  signer  tous  actes,  contrats,  documents  ou  d\u00e9cisions  pour  \nl'ordonnancement secondaire des d\u00e9penses relevant de l'exercice des attributions de  \ncette unit\u00e9, dans la limite de 30  000 \u20ac et imput\u00e9es sur les programmes suivants  :\n7Secr\u00e9tariat g\u00e9n\u00e9ral commun d\u00e9partemental - 83-2024-12-05-00007 - Arr\u00eat\u00e9 n\u00b0SGC/2024 du 5 d\u00e9cembre 2024 portant subd\u00e9l\u00e9gation\nde signature et d'ordonnancement secondaire aux cadres du secr\u00e9tariat g\u00e9n\u00e9ral commun d\u00e9partemental du Var 45\n\u2022216 \u00ab conduite et pilotage des politiques de l'Int\u00e9rieur  \u00bb ;\n\u2022348  \u00ab r\u00e9novation  des  cit\u00e9s  administratives  et  autres  sites  domaniaux  multi-\noccupants \u00bb pour les d\u00e9penses propres au domaine des syst\u00e8mes d'information  \net de communication, toutes entit\u00e9s confondues  ;\n\u2022349 \u00ab fonds pour la transformation de l'action publique  \u00bb ;\n\u2022354  \u00ab administration  territoriale  de  l'\u00c9tat  \u00bb  pour  les  d\u00e9penses  propres  au  \ndomaine  des  syst\u00e8mes  d'information  et  de  communication,  toutes  entit\u00e9s  \nconfondues ;\n\u2022363 \u00ab comp\u00e9titivit\u00e9 \u00bb ;\n\u2022723 \u00ab contribution aux d\u00e9penses immobili\u00e8res  \u00bb pour les d\u00e9penses de travaux  \npropres au domaine des syst\u00e8mes d'information et de communication.\nEn cas d'absence ou d'emp\u00eachement de M. Herv\u00e9 MARCY, la d\u00e9l\u00e9gation de signature  \nqui  lui  est  accord\u00e9e  au  titre  du  pr\u00e9sent  article  est  exerc\u00e9e  par  M.  Omar  HAMEL,  \ning\u00e9nieur des syst\u00e8mes d'information et de communication, en sa qualit\u00e9 d'adjoint au  \nchef de service interminist\u00e9riel dans la limite de 5  000 \u20ac.\nEn cas d'absence de MM. Herv\u00e9 MARCY et Omar HAMEL, d\u00e9l\u00e9gation est donn\u00e9e, dans  \nles m\u00eames conditions, \u00e0 Mme Alexandra POLI, ing\u00e9nieure des syst\u00e8mes d'information et  \nde communication, dans la limite de 5  000 \u20ac.\nArticle 7 : M. S\u00e9bastien ODDONE  attribue une carte d'achat nominative aux porteurs  \nde carte d'achat list\u00e9s dans le tableau en annexe 1 du pr\u00e9sent arr\u00eat\u00e9, afin de l'utiliser  \ndans le cadre de leurs attributions, comp\u00e9tences et dans la limite fix\u00e9e.\nArticle 8     :   Toute disposition ant\u00e9rieure contraire \u00e0 celles du pr\u00e9sent arr\u00eat\u00e9, est abrog\u00e9e  \n\u00e0  compter  de  sa  publication.  L'arr\u00eat\u00e9  pr\u00e9fectoral  SGC/2024  \u2013 du  18  octobre  2024  \nportant  d\u00e9l\u00e9gation  de  signature  et  d'ordonnancement  secondaire  aux  cadres  du  \nsecr\u00e9tariat g\u00e9n\u00e9ral commun d\u00e9partemental du Var est abrog\u00e9  ;\nArticle     9   : Le directeur du secr\u00e9tariat g\u00e9n\u00e9ral commun d\u00e9partemental est charg\u00e9 de  \nl'ex\u00e9cution du pr\u00e9sent arr\u00eat\u00e9, qui sera publi\u00e9 au recueil des actes administratifs de la  \npr\u00e9fecture.\nFait \u00e0 Toulon, le 5 d\u00e9cembre  2024\nPour Le Pr\u00e9fet et par d\u00e9l\u00e9gation\nLe directeur du secr\u00e9tariat\ng\u00e9n\u00e9ral commun d\u00e9partemental\nSign\u00e9\n  S\u00e9bastien ODDONE\n8Secr\u00e9tariat g\u00e9n\u00e9ral commun d\u00e9partemental - 83-2024-12-05-00007 - Arr\u00eat\u00e9 n\u00b0SGC/2024 du 5 d\u00e9cembre 2024 portant subd\u00e9l\u00e9gation\nde signature et d'ordonnancement secondaire aux cadres du secr\u00e9tariat g\u00e9n\u00e9ral commun d\u00e9partemental du Var 46\nANNEXE 1\nListe nominative des porteurs de carte achat du secr\u00e9tariat g\u00e9n\u00e9ral commun  \nd\u00e9partemental du Var\nCHRISTOPHE                    JEAN-GUY \nCURT                          JEAN PAUL \nVALERE                        FABRICE \nWEISS                         VALERIE \nMARCY                       HERVE \n9Secr\u00e9tariat g\u00e9n\u00e9ral commun d\u00e9partemental - 83-2024-12-05-00007 - Arr\u00eat\u00e9 n\u00b0SGC/2024 du 5 d\u00e9cembre 2024 portant subd\u00e9l\u00e9gation\nde signature et d'ordonnancement secondaire aux cadres du secr\u00e9tariat g\u00e9n\u00e9ral commun d\u00e9partemental du Var 47","date":"2024-12-06","first_seen_on":"2024-12-06T18:12:56+00:00","id":"22ed7a9fdc3dd2378e0508214033bc82460826cda42d0a402ad89442e7f92536","name":"RAA N\u00b0350 du 6 d\u00e9cembre 2024","pdf_creation_date":"2024-12-06T15:57:22+00:00","pdf_modification_date":null,"timezone":"CET","url":"https://www.var.gouv.fr/contenu/telechargement/37604/248354/file/RAA%20N%C2%B0350%20du%206%20d%C3%A9cembre%202024%20NOMINATIFS.pdf"}
